{"id":4169,"date":"2025-12-26T07:49:57","date_gmt":"2025-12-26T07:49:57","guid":{"rendered":"https:\/\/www.markus-schall.de\/?p=4169"},"modified":"2026-03-22T14:54:33","modified_gmt":"2026-03-22T14:54:33","slug":"vicco-von-buelow-alias-loriot-modulo-dordine-e-la-tranquilla-resistenza-dellumorismo","status":"publish","type":"post","link":"https:\/\/www.markus-schall.de\/it\/2025\/12\/vicco-von-buelow-alias-loriot-modulo-dordine-e-la-tranquilla-resistenza-dellumorismo\/","title":{"rendered":"Vicco von B\u00fclow alias Loriot - ordine, forma e la tranquilla resistenza dell'umorismo"},"content":{"rendered":"<p>Ci sono artisti che mettono su carta la loro opinione come un francobollo: visibile, inconfondibile, a volte anche un po' dozzinale. E poi c'\u00e8 Vicco von B\u00fclow - Loriot - che incarna il contrario: Il portamento senza spacconate. Poteva essere molto chiaro quando voleva esserlo. Ma non lo faceva con il dito puntato, bens\u00ec con una precisione che prima porta alla risata e poi - quasi impercettibilmente - consegna la seriet\u00e0. Questo \u00e8 particolarmente evidente nelle interviste successive: non parla per slogan, ma per sfumature. Tra le righe c'\u00e8 spesso un linguaggio pi\u00f9 chiaro di quello che si pu\u00f2 trovare in molti discorsi ad alta voce.<\/p>\n<p>E forse \u00e8 qui che inizia il vero ritratto: non con gli schizzi famosi, non con le citazioni che tutti conoscono, ma con la domanda su come una persona diventi tale da poter guardare il mondo con gentilezza e implacabile precisione.<!--more--><\/p>\n<hr \/>\n\n\t\t\t<div class=\"display-post-types\">\n\n\t\t\t\t\t\t\t<style type=\"text\/css\">\n\t\t\t#dpt-wrapper-554 { --dpt-text-align: left;--dpt-image-crop: center;--dpt-border-radius: 5px;--dpt-h-gutter: 10px;--dpt-v-gutter: 9px; }\t\t\t<\/style>\n\t\t\t<style type=\"text\/css\">#dpt-wrapper-554 { --dpt-title-font-style:normal;--dpt-title-font-weight:600;--dpt-title-line-height:1.5;--dpt-title-text-decoration:none;--dpt-title-text-transform:none;--dpt-excerpt-font-style:normal;--dpt-excerpt-font-weight:400;--dpt-excerpt-line-height:1.5;--dpt-excerpt-text-decoration:none;--dpt-excerpt-text-transform:none;--dpt-meta1-font-style:normal;--dpt-meta1-font-weight:400;--dpt-meta1-line-height:1.9;--dpt-meta1-text-decoration:none;--dpt-meta1-text-transform:none;--dpt-meta2-font-style:normal;--dpt-meta2-font-weight:400;--dpt-meta2-line-height:1.9;--dpt-meta2-text-decoration:none;--dpt-meta2-text-transform:none; }<\/style><div class=\"dpt-main-header\">\n\t\t\t\t\t\t<div class=\"dpt-main-title\">\n\t\t\t\t\t\t\t<span class=\"dpt-main-title-text\">Articoli attuali su arte e cultura<\/span>\n\t\t\t\t\t\t<\/div>\n\t\t\t\t\t\t\n\t\t\t\t\t\t\n\t\t\t\t\t\t\n\t\t\t\t\t\t<\/div>\t\t\t\n\t\t\t\t<div id=\"dpt-wrapper-554\" class=\"dpt-wrapper dpt-mag1 land1 dpt-cropped dpt-flex-wrap\" >\n\n\t\t\t\t\t\t\t\t\t\t\t<div class=\"dpt-entry has-thumbnail\" data-title=\"reichweite ist kein eigentum \u2013 warum sichtbarkeit heute nicht mehr ausreicht\" data-id=\"3994\"  data-category=\"allgemein featured filemaker &amp; erp gesellschaft kunst &amp; kultur\" data-post_tag=\"datenlogik datenschutz denkmodelle digitales eigentum erp-software\">\n\t\t\t\t\t\t\t<div class=\"dpt-entry-wrapper\"><div class=\"dpt-featured-content\"><div class=\"dpt-permalink\"><a href=\"https:\/\/www.markus-schall.de\/it\/2025\/12\/reach-is-not-ownership-perche-oggi-la-visibilita-non-e-piu-sufficiente\/\" class=\"dpt-permalink\"><span class=\"screen-reader-text\">Reach is not ownership - Perch\u00e9 oggi la visibilit\u00e0 non \u00e8 pi\u00f9 sufficiente<\/span><\/a><\/div><div class=\"dpt-thumbnail\"><div class=\"dpt-thumbnail-inner\"><img width=\"1024\" height=\"683\" class=\"attachment-full size-full\" alt=\"Raggiungere e possedere\" context=\"dpt\" data-dpt-src=\"https:\/\/www.markus-schall.de\/wp-content\/uploads\/reichweite-vs-eigentum.jpg\" data-dpt-sizes=\"(max-width: 1024px) 100vw, 1024px\" data-dpt-srcset=\"https:\/\/www.markus-schall.de\/wp-content\/uploads\/reichweite-vs-eigentum.jpg 1024w, https:\/\/www.markus-schall.de\/wp-content\/uploads\/reichweite-vs-eigentum-300x200.jpg 300w, https:\/\/www.markus-schall.de\/wp-content\/uploads\/reichweite-vs-eigentum-768x512.jpg 768w, https:\/\/www.markus-schall.de\/wp-content\/uploads\/reichweite-vs-eigentum-18x12.jpg 18w\" \/><\/div><span class=\"dpt-thumbnail-aspect-ratio\" style=\"padding-top: 75%\"><\/span><\/div><\/div><div class=\"sub-entry\"><h3 class=\"dpt-title\"><a class=\"dpt-title-link\" href=\"https:\/\/www.markus-schall.de\/it\/2025\/12\/reach-is-not-ownership-perche-oggi-la-visibilita-non-e-piu-sufficiente\/\" rel=\"bookmark\">Reach is not ownership - Perch\u00e9 oggi la visibilit\u00e0 non \u00e8 pi\u00f9 sufficiente<\/a><\/h3><\/div><\/div>\n\t\t\t\t\t\t<\/div><!-- .dpt-entry -->\n\t\t\t\t\t\t\t\t\t\t\t\t<div class=\"dpt-entry has-thumbnail\" data-title=\"dieter bohlen im klartext: warum deutschland an der eigenen b\u00fcrokratie scheitert\" data-id=\"3546\"  data-category=\"allgemein b\u00fccher gesellschaft kunst &amp; kultur\" data-post_tag=\"buch deutschland erfahrungen krisen meinungsfreiheit musik\">\n\t\t\t\t\t\t\t<div class=\"dpt-entry-wrapper\"><div class=\"dpt-featured-content\"><div class=\"dpt-permalink\"><a href=\"https:\/\/www.markus-schall.de\/it\/2025\/11\/dieter-bohlen-in-parole-povere-perche-la-germania-sta-fallendo-a-causa-della-sua-stessa-burocrazia\/\" class=\"dpt-permalink\"><span class=\"screen-reader-text\">Dieter Bohlen in parole povere: perch\u00e9 la Germania sta fallendo a causa della sua stessa burocrazia<\/span><\/a><\/div><div class=\"dpt-thumbnail\"><div class=\"dpt-thumbnail-inner\"><img width=\"1536\" height=\"1024\" class=\"attachment-full size-full\" alt=\"Dieter Bohlen in conversazione con Dominik Kettner\" context=\"dpt\" data-dpt-src=\"https:\/\/www.markus-schall.de\/wp-content\/uploads\/bohlen-kettner-germany.jpg\" data-dpt-sizes=\"(max-width: 1536px) 100vw, 1536px\" data-dpt-srcset=\"https:\/\/www.markus-schall.de\/wp-content\/uploads\/bohlen-kettner-germany.jpg 1536w, https:\/\/www.markus-schall.de\/wp-content\/uploads\/bohlen-kettner-germany-300x200.jpg 300w, https:\/\/www.markus-schall.de\/wp-content\/uploads\/bohlen-kettner-germany-1024x683.jpg 1024w, https:\/\/www.markus-schall.de\/wp-content\/uploads\/bohlen-kettner-germany-768x512.jpg 768w, https:\/\/www.markus-schall.de\/wp-content\/uploads\/bohlen-kettner-germany-18x12.jpg 18w\" \/><\/div><span class=\"dpt-thumbnail-aspect-ratio\" style=\"padding-top: 75%\"><\/span><\/div><\/div><div class=\"sub-entry\"><h3 class=\"dpt-title\"><a class=\"dpt-title-link\" href=\"https:\/\/www.markus-schall.de\/it\/2025\/11\/dieter-bohlen-in-parole-povere-perche-la-germania-sta-fallendo-a-causa-della-sua-stessa-burocrazia\/\" rel=\"bookmark\">Dieter Bohlen in parole povere: perch\u00e9 la Germania sta fallendo a causa della sua stessa burocrazia<\/a><\/h3><\/div><\/div>\n\t\t\t\t\t\t<\/div><!-- .dpt-entry -->\n\t\t\t\t\t\t\t\t\t\t\t\t<div class=\"dpt-entry has-thumbnail\" data-title=\"gr\u00f6nland, trump und die frage der zugeh\u00f6rigkeit: geschichte, recht und realit\u00e4t\" data-id=\"4325\"  data-category=\"allgemein gesellschaft kunst &amp; kultur\" data-post_tag=\"europa geopolitik krisen meinungsfreiheit sicherheitspolitik spieltheorie\">\n\t\t\t\t\t\t\t<div class=\"dpt-entry-wrapper\"><div class=\"dpt-featured-content\"><div class=\"dpt-permalink\"><a href=\"https:\/\/www.markus-schall.de\/it\/2026\/01\/groenland-trump-e-la-questione-dellappartenenza-storia-diritto-e-realta\/\" class=\"dpt-permalink\"><span class=\"screen-reader-text\">Groenlandia, Trump e la questione dell'appartenenza: storia, diritto e realt\u00e0<\/span><\/a><\/div><div class=\"dpt-thumbnail\"><div class=\"dpt-thumbnail-inner\"><img width=\"1024\" height=\"683\" class=\"attachment-full size-full\" alt=\"La Groenlandia nel mirino: USA e Trump\" context=\"dpt\" data-dpt-src=\"https:\/\/www.markus-schall.de\/wp-content\/uploads\/Groenland-USA-Trump-Titel.jpg\" data-dpt-sizes=\"(max-width: 1024px) 100vw, 1024px\" data-dpt-srcset=\"https:\/\/www.markus-schall.de\/wp-content\/uploads\/Groenland-USA-Trump-Titel.jpg 1024w, https:\/\/www.markus-schall.de\/wp-content\/uploads\/Groenland-USA-Trump-Titel-300x200.jpg 300w, https:\/\/www.markus-schall.de\/wp-content\/uploads\/Groenland-USA-Trump-Titel-768x512.jpg 768w, https:\/\/www.markus-schall.de\/wp-content\/uploads\/Groenland-USA-Trump-Titel-18x12.jpg 18w\" \/><\/div><span class=\"dpt-thumbnail-aspect-ratio\" style=\"padding-top: 75%\"><\/span><\/div><\/div><div class=\"sub-entry\"><h3 class=\"dpt-title\"><a class=\"dpt-title-link\" href=\"https:\/\/www.markus-schall.de\/it\/2026\/01\/groenland-trump-e-la-questione-dellappartenenza-storia-diritto-e-realta\/\" rel=\"bookmark\">Groenlandia, Trump e la questione dell'appartenenza: storia, diritto e realt\u00e0<\/a><\/h3><\/div><\/div>\n\t\t\t\t\t\t<\/div><!-- .dpt-entry -->\n\t\t\t\t\t\t\t\t\t\t\t\t<div class=\"dpt-entry has-thumbnail\" data-title=\"dieter hallervorden \u2013 mehr als didi: portr\u00e4t eines unbequemen freigeists\" data-id=\"4347\"  data-category=\"gesellschaft kunst &amp; kultur stories &amp; humor\" data-post_tag=\"erfahrungen meinungsfreiheit musik portrait\">\n\t\t\t\t\t\t\t<div class=\"dpt-entry-wrapper\"><div class=\"dpt-featured-content\"><div class=\"dpt-permalink\"><a href=\"https:\/\/www.markus-schall.de\/it\/2026\/01\/dieter-hallervorden-piu-di-didi-ritratto-di-uno-spirito-libero-a-disagio\/\" class=\"dpt-permalink\"><span class=\"screen-reader-text\">Dieter Hallervorden - Pi\u00f9 che Didi: ritratto di uno spirito libero a disagio<\/span><\/a><\/div><div class=\"dpt-thumbnail\"><div class=\"dpt-thumbnail-inner\"><img width=\"1024\" height=\"683\" class=\"attachment-full size-full\" alt=\"Dieter Hallervorden e la W\u00fchlm\u00e4use di Berlino\" context=\"dpt\" data-dpt-src=\"https:\/\/www.markus-schall.de\/wp-content\/uploads\/Dieter-Hallvervorden-Wuehlmaeuse.jpg\" data-dpt-sizes=\"(max-width: 1024px) 100vw, 1024px\" data-dpt-srcset=\"https:\/\/www.markus-schall.de\/wp-content\/uploads\/Dieter-Hallvervorden-Wuehlmaeuse.jpg 1024w, https:\/\/www.markus-schall.de\/wp-content\/uploads\/Dieter-Hallvervorden-Wuehlmaeuse-300x200.jpg 300w, https:\/\/www.markus-schall.de\/wp-content\/uploads\/Dieter-Hallvervorden-Wuehlmaeuse-768x512.jpg 768w, https:\/\/www.markus-schall.de\/wp-content\/uploads\/Dieter-Hallvervorden-Wuehlmaeuse-18x12.jpg 18w\" \/><\/div><span class=\"dpt-thumbnail-aspect-ratio\" style=\"padding-top: 75%\"><\/span><\/div><\/div><div class=\"sub-entry\"><h3 class=\"dpt-title\"><a class=\"dpt-title-link\" href=\"https:\/\/www.markus-schall.de\/it\/2026\/01\/dieter-hallervorden-piu-di-didi-ritratto-di-uno-spirito-libero-a-disagio\/\" rel=\"bookmark\">Dieter Hallervorden - Pi\u00f9 che Didi: ritratto di uno spirito libero a disagio<\/a><\/h3><\/div><\/div>\n\t\t\t\t\t\t<\/div><!-- .dpt-entry -->\n\t\t\t\t\t\t\n\t\t\t\t<\/div>\n\t\t\t\t\t\t<\/div>\n\t\t\t\n<hr \/>\n<h2>Il nome che suona come ordine<\/h2>\n<p>Bernhard-Viktor Christoph-Carl von B\u00fclow - non suona come boh\u00e8me, non suona come scantinato d'artista, non suona come ribellione. Suona come origine, forma, distanza, un mondo in cui ci si comporta correttamente perch\u00e9 si \u00e8 imparato a farlo. Un mondo con regole, titoli, bordi puliti. Per molti, una cosa del genere \u00e8 un corsetto. Per Loriot era piuttosto un magazzino di materiale. Il nome d'arte \u201eLoriot\u201c non \u00e8 una coincidenza, ma piuttosto un classico stemma: Loriot \u00e8 la parola francese per il rigogolo, che \u00e8 associato allo stemma di famiglia (e al soprannome \u201eVogel B\u00fclow\u201c).<\/p>\n<p>Perch\u00e9 se si cresce in un ambiente in cui la forma gioca un ruolo importante, si impara presto come le persone si definiscono attraverso la forma: attraverso la forma di indirizzo, il rango, il tono di voce, la struttura delle frasi, attraverso il \u201esi fa cos\u00ec\u201c. E chi lo impara presto ha un vantaggio imbattibile in seguito: riconosce la rapidit\u00e0 con cui le persone si innervosiscono non appena questa forma inizia a vacillare.<\/p>\n<p>L'umorismo di Loriot \u00e8 cos\u00ec azzeccato perch\u00e9 non \u201eride della gente\u201c, ma dei piccoli aggiustamenti che le persone fanno alla loro immagine: l'educazione, lo status, la parola giusta al momento sbagliato, il disperato tentativo di controllare la situazione - e il fallimento nel farlo.<\/p>\n<h3>L'infanzia come scuola di osservazione<\/h3>\n<p>Chi <a href=\"https:\/\/de.wikipedia.org\/wiki\/Loriot\" target=\"_blank\" rel=\"noopener\">Loriot<\/a> Se volete capire la vostra infanzia, non potete evitarla. Non come pettegolezzo, non come gioco psicologico, ma come semplice connessione: raramente una persona diventa cos\u00ec raffinata nelle sue osservazioni per caso. Di solito accade quando si impara a stare zitti fin da piccoli e a guardare con attenzione.<\/p>\n<p>In una famiglia in cui le strutture e le aspettative giocano un ruolo importante, le persone osservano in modo diverso. Si ascolta pi\u00f9 attentamente: Cosa si dice e cosa non si dice? Quando cambia il tono? Quando la cordialit\u00e0 si trasforma in pressione? E perch\u00e9 spesso sono le frasi apparentemente innocue a cambiare l'umore?<\/p>\n<p>Questo \u00e8 il terreno di coltura del successivo mestiere di Loriot. Non ha \u201ecostruito gag\u201c. Sezionava le situazioni senza distruggerle. E questa \u00e8 un'arte che non si impara dai libri, ma dall'esperienza di vita: dalla consapevolezza che le persone sono raramente malvagie - ma sorprendentemente spesso inconsciamente divertenti quando difendono la loro facciata.<\/p>\n<h3>Il nome dell'artista come suggerimento silenzioso<\/h3>\n<p>Anche il nome \u201eLoriot\u201c \u00e8 pi\u00f9 di una semplice etichetta. \u00c8 tipico di questo atteggiamento: elegante, un po\u201e all'antica, un po\u201c distaccato - eppure con una strizzatina d'occhio. Niente baccano, niente \"ora sono un artista\", ma una sorta di firma che dice: prendo sul serio la forma, ma so che a volte \u00e8 ridicola.<\/p>\n<p>Questo definisce la scena: Loriot non si pone al di fuori del mondo borghese per lanciarvi pietre. Ci sta in mezzo, ne conosce ogni regola e pu\u00f2 quindi rovesciarlo con una sola frase. Si tratta di una forma di critica molto tradizionale: non come attacco, ma come specchio.<\/p>\n<h3>Atteggiamento: non moralit\u00e0, ma moderazione<\/h3>\n<p>Quando oggi si parla di \u201eatteggiamento\u201c, spesso si intende un'opinione, uno schieramento, un \u201egiusto\u201c e uno \u201esbagliato\u201c. Loriot intende qualcos'altro - ed \u00e8 proprio questo che lo rende cos\u00ec moderno, senza voler essere moderno: L'atteggiamento come misura, come autocontrollo, come stile. E come volont\u00e0 di non rendere il mondo pi\u00f9 semplice di quanto non sia.<\/p>\n<p>Nelle sue interviste - e anche nel suo lavoro - si percepisce questo scetticismo verso tutto ci\u00f2 che \u00e8 troppo chiaro. Appare come una persona che sa bene che spiegare continuamente tutto toglie dignit\u00e0 alle persone. Loriot non spiega. Mostra. E confida che il lettore o lo spettatore possa pensare insieme a lui.<\/p>\n<p>Questa \u00e8 forse la sua forma pi\u00f9 forte di educazione: non tratta il suo pubblico come una classe scolastica, ma come un adulto a cui \u00e8 permesso di prendere spunto. Si ride - e ci si rende conto un attimo dopo che la risata non era superficiale, ma una sorta di realizzazione.<\/p>\n<h3>Perch\u00e9 questo ritratto oggi \u00e8 pi\u00f9 che una nostalgia<\/h3>\n<p>Si potrebbe archiviare Loriot come un ricordo piacevole: \u201eOh s\u00ec, ai tempi, questo era ancora umorismo\u201c. Ma sarebbe troppo facile. Perch\u00e9 il suo lavoro non \u00e8 solo comicit\u00e0, \u00e8 una tranquilla scuola di percezione. E il suo atteggiamento non \u00e8 \u201euna volta tutto era meglio\u201c, ma piuttosto: Guardare da vicino, parlare in modo pulito, non esagerare, non disprezzare.<\/p>\n<p>In un'epoca in cui molte cose stanno diventando pi\u00f9 veloci, pi\u00f9 rumorose e pi\u00f9 ruvide, Loriot funge da antidoto - non come un sermone morale, ma come un invito: alla precisione, all'autoironia, alla capacit\u00e0 di ascoltarsi mentre si parla.<\/p>\n<p>E cos\u00ec la direzione per il resto del ritratto \u00e8 chiara: non guardiamo solo il famoso umorista. Guardiamo alla persona che c'\u00e8 dietro di lui, alle sue origini, alle sue influenze, al corso del tempo. E ci chiediamo come da tutto questo possa emergere un atteggiamento che sembra cos\u00ec amichevole, eppure \u00e8 cos\u00ec tagliente.<\/p>\n<p><img loading=\"lazy\" decoding=\"async\" class=\"alignnone size-full wp-image-4170\" src=\"https:\/\/www.markus-schall.de\/wp-content\/uploads\/Loriot-Kindheit.jpg\" alt=\"Loriot: Il disegno nell&#039;infanzia\" width=\"1184\" height=\"864\" srcset=\"https:\/\/www.markus-schall.de\/wp-content\/uploads\/Loriot-Kindheit.jpg 1024w, https:\/\/www.markus-schall.de\/wp-content\/uploads\/Loriot-Kindheit-300x219.jpg 300w, https:\/\/www.markus-schall.de\/wp-content\/uploads\/Loriot-Kindheit-768x560.jpg 768w, https:\/\/www.markus-schall.de\/wp-content\/uploads\/Loriot-Kindheit-16x12.jpg 16w\" sizes=\"auto, (max-width: 1184px) 100vw, 1184px\" \/><\/p>\n<h2>Crescere nel Terzo Reich: vita quotidiana, adattamento, osservazione<\/h2>\n<p>Chiunque parli oggi di \u201einfanzia nel Terzo Reich\u201c scivola rapidamente in parole grosse: colpa, seduzione, ideologia. Per molti bambini di allora, tuttavia, la vita quotidiana era diversa: meno spettacolare, pi\u00f9 ristretta, pi\u00f9 formalizzata. Per Loriot fu lo stesso. Scuola, regole, rituali, un'idea chiara di ci\u00f2 che era corretto e ci\u00f2 che non lo era. La politica era onnipresente, ma raramente era oggetto di discussione consapevole da parte di un bambino.<\/p>\n<p>Era la cornice, non il soggetto.<\/p>\n<p>\u00c8 proprio questa normalit\u00e0 a essere decisiva. Perch\u00e9 spiega il motivo per cui non c'\u00e8 un gesto patetico o una forte presa di coscienza in seguito. Il punto di vista di Loriot rimane quello di un osservatore della vita quotidiana, non di un commentatore retrospettivo. Sapeva come funzionavano i sistemi senza doverli spiegare, perch\u00e9 li aveva vissuti mentre erano \u201el\u00ec\u201c.<\/p>\n<h3>Scuola, forma e linguaggio<\/h3>\n<p>La vita scolastica di quegli anni era caratterizzata dall'ordine: gerarchie chiare, procedure fisse, un tono di voce che non lasciava spazio a dubbi. Il linguaggio non era solo un mezzo di comunicazione, ma anche uno strumento di disciplina. Chi parlava in modo scorretto non era solo maleducato, ma anche scorretto in senso morale.<\/p>\n<p>Qui si trova un legame spesso trascurato con il lavoro successivo di Loriot: la sua commedia inizia quasi sempre con il linguaggio. Non il grande conflitto, ma la frase un po' troppo corretta. La parola che dovrebbe essere tranquillizzante e che invece ha l'effetto opposto. Questa sensibilit\u00e0 al linguaggio non nasce per caso. Cresce laddove il linguaggio \u00e8 gestito in modo rigoroso e le deviazioni sono immediatamente percepibili.<\/p>\n<p>Si potrebbe dire che mentre gli altri hanno imparato cosa dire, lui ha imparato come dirlo e cosa pu\u00f2 andare storto.<\/p>\n<h3>L'adattamento come strategia di sopravvivenza<\/h3>\n<p>Adeguarsi \u00e8 una parola che oggi \u00e8 spesso carica di significato morale. Nella realt\u00e0 della vita di un bambino, inizialmente significa qualcos'altro: appartenere, non distinguersi, funzionare. Non si tratta di una decisione politica, ma di una necessit\u00e0 umana.<\/p>\n<p>\u00c8 proprio qui che si sviluppa la sottile distanza che in seguito caratterizzer\u00e0 Loriot. Chiunque si adatti senza dissolversi interiormente impara a distinguere tra due livelli: quello ufficiale e quello reale. Il livello delle regole - e quello delle persone che a volte rispettano maldestramente queste regole.<\/p>\n<p>Questa doppia percezione \u00e8 la chiave del suo umorismo. Non mostra mai \u201eil sistema\u201c, ma persone che cercano di rimanere corrette all'interno del sistema - e falliscono. Non per cattiveria, ma per esigenze eccessive.<\/p>\n<h3>Il disegno come rifugio tranquillo<\/h3>\n<p>Gi\u00e0 a scuola, Loriot mostrava una caratteristica che sarebbe poi diventata il suo marchio di fabbrica: la capacit\u00e0 di ritirarsi in silenzio senza voltarsi. Mentre gli altri si distinguevano, facevano chiasso o si adeguavano, lui se ne stava seduto a disegnare. Non in modo dimostrativo, non in modo provocatorio, ma come se stesse creando un piccolo spazio gestibile in cui organizzare il mondo. Linee, figure, distanze: tutto aveva il suo posto. Il disegno non era una fuga, ma una forma di controllo in un ambiente che stava diventando sempre pi\u00f9 standardizzato e confuso.<\/p>\n<p>Soprattutto ai tempi della scuola del Terzo Reich, questo comportamento era straordinariamente poco appariscente. Si inseriva nel contesto senza disturbarlo. Eppure era pi\u00f9 di una semplice occupazione. Chi disegna, osserva. Chi osserva valuta, non ad alta voce, ma interiormente. Questa pratica precoce di osservazione silenziosa spiega molto del lavoro successivo di Loriot: la calma, la pazienza, l'osservazione ravvicinata. L'umorismo \u00e8 arrivato solo in seguito. All'inizio c'era un ordine su piccola scala, in antitesi a un mondo che non lasciava spazio alle sfumature.<\/p>\n<h3>Osservazione anzich\u00e9 giudizio<\/h3>\n<p>Ci\u00f2 che \u00e8 notevole \u00e8 quello che manca: Loriot non ha voglia di regolare i conti, non ha cinismo. Al contrario, c'\u00e8 una pazienza quasi d'altri tempi. Osserva, lascia che le situazioni si svolgano, non interviene. \u00c8 proprio questo che conferisce tensione alle sue scene.<\/p>\n<p>Questo atteggiamento deriva probabilmente anche dall'esperienza che i giudizi ad alta voce raramente chiariscono qualcosa. I bambini che sperimentano quanto il linguaggio sia fortemente standardizzato e monitorato spesso sviluppano un senso acuto di quando il silenzio \u00e8 pi\u00f9 saggio della parola e quando una frase precisa ha pi\u00f9 impatto di una lunga spiegazione.<\/p>\n<p>Questo crea una forma di seriet\u00e0 che non sembra pesante. Si ride - e ci si rende conto solo in seguito di aver appena visto qualcosa di molto preciso.<\/p>\n<p>Le interviste successive di Loriot mostrano questo atteggiamento in modo particolarmente chiaro. Raramente dice qualcosa di diretto sulla politica o sulla societ\u00e0. Formula invece osservazioni, apparentemente innocue, spesso con un leggero sorriso. Ma tra le righe si nasconde un chiaro scetticismo nei confronti dell'esagerazione, della retorica morale e della falsa seriet\u00e0.<\/p>\n<p>Non \u00e8 una coincidenza. Chiunque abbia sperimentato in giovane et\u00e0 quanto la seriet\u00e0 possa rapidamente sconfinare nel grottesco sviluppa una duratura diffidenza nei confronti dei grandi gesti. L'umorismo di Loriot non \u00e8 quindi un'evasione. \u00c8 una forma di radicamento. Un correttivo silenzioso contro qualsiasi tipo di indurimento.<\/p>\n<h3>Una scuola per la vita<\/h3>\n<p>Essere cresciuto nel Terzo Reich non ha trasformato Loriot in un commentatore politico. Lo ha reso un maestro delle sfumature. Ha imparato che le persone raramente falliscono a causa di grandi idee, ma a causa di piccole regole. Che l'ordine pu\u00f2 fornire stabilit\u00e0 - e allo stesso tempo diventare una trappola se diventa pi\u00f9 importante delle persone.<\/p>\n<p>Questa esperienza attraversa come un filo silenzioso tutta la sua opera. Spiega perch\u00e9 i suoi personaggi non sono mai caricature, ma vicini di casa, coniugi, conoscenti. E perch\u00e9 spesso si prova un leggero disagio quando si ride: perch\u00e9 ci si riconosce.<\/p>\n<p><img loading=\"lazy\" decoding=\"async\" class=\"alignnone size-full wp-image-4171\" src=\"https:\/\/www.markus-schall.de\/wp-content\/uploads\/Loriot-Offizier.jpg\" alt=\"Vicco von B\u00fclow come ufficiale\" width=\"1184\" height=\"864\" srcset=\"https:\/\/www.markus-schall.de\/wp-content\/uploads\/Loriot-Offizier.jpg 1024w, https:\/\/www.markus-schall.de\/wp-content\/uploads\/Loriot-Offizier-300x219.jpg 300w, https:\/\/www.markus-schall.de\/wp-content\/uploads\/Loriot-Offizier-768x560.jpg 768w, https:\/\/www.markus-schall.de\/wp-content\/uploads\/Loriot-Offizier-16x12.jpg 16w\" sizes=\"auto, (max-width: 1184px) 100vw, 1184px\" \/><\/p>\n<h2>Guerra, disciplina e la lunga ombra dell'ordine<\/h2>\n<p>Per molti della sua generazione, la giovinezza non \u00e8 finita gradualmente, ma bruscamente. La scuola, la vita di tutti i giorni, la routine ragionevolmente familiare - e poi..:<\/p>\n<p>Diploma di maturit\u00e0, uniforme, catene di comando. Anche Loriot ha intrapreso questa strada. Non per sete di avventura, n\u00e9 per entusiasmo ideologico, ma perch\u00e9 era il passo pi\u00f9 ovvio e scontato. La tradizione, le circostanze dell'epoca e il suo background familiare si sono uniti in una logica che lasciava poche alternative.<\/p>\n<p>La guerra non era un argomento scelto, ma il contesto in cui ci si trovava. Ed \u00e8 proprio questa esperienza - l'essere inseriti in un sistema pi\u00f9 grande di voi - a lasciare il segno. Non in modo forte, non in modo eroico, ma in modo silenzioso e permanente.<\/p>\n<h3>La carriera di un ufficiale senza pathos<\/h3>\n<p>Il fatto che Loriot abbia inizialmente intrapreso la carriera di ufficiale \u00e8 talvolta frainteso. Guardando al passato, alcuni lo considerano un'affermazione. In realt\u00e0, era pi\u00f9 un'espressione di un senso di ordine e continuit\u00e0. Chiunque provenga da un ambiente in cui il servizio, la responsabilit\u00e0 e i modelli di ruolo chiari sono dati per scontati, non vede questo percorso come una rottura, ma come una continuazione.<\/p>\n<p>Ci\u00f2 che \u00e8 importante \u00e8 quello che non \u00e8 diventato: nessun pathos militare, nessun orgoglio di grado o di potere. Pi\u00f9 avanti nella sua opera, l'esercito non appare quasi mai in modo eroico. Se le uniformi compaiono, \u00e8 piuttosto come parte di uno sfondo in cui le persone cercano di rimanere corrette - e inciampano umanamente nel processo. L'esperienza della disciplina non lo ha indurito, ma apparentemente lo ha reso pi\u00f9 sensibile alla fragilit\u00e0 dell'ordine.<\/p>\n<p>La disciplina pu\u00f2 fornire sostegno. Ma pu\u00f2 anche restringere la percezione. Chi la sperimenta impara entrambe le cose. In guerra, l'ordine non viene insegnato come principio estetico, ma come necessit\u00e0. Le procedure devono funzionare, i dubbi disturbare. \u00c8 proprio qui che nasce la distanza interiore che in seguito diventer\u00e0 cos\u00ec tipica di Loriot.<\/p>\n<p>Sapeva che l'ordine non \u00e8 un valore in s\u00e9. \u00c8 uno strumento. Se diventa un fine in s\u00e9, diventa assurdo. Questa conoscenza non si basa sulla teoria, ma sull'esperienza. Dall'esperienza che le persone nei sistemi spesso non agiscono male, ma secondo le regole - e che proprio questo pu\u00f2 essere pericoloso, ma anche divertente, non appena viene trasferito in un contesto diverso.<\/p>\n<hr \/>\n\n\t\t\t<div class=\"display-post-types\">\n\n\t\t\t\t\t\t\t<style type=\"text\/css\">\n\t\t\t#dpt-wrapper-555 { --dpt-text-align: left;--dpt-image-crop: center;--dpt-border-radius: 5px;--dpt-h-gutter: 10px;--dpt-v-gutter: 10px; }\t\t\t<\/style>\n\t\t\t<style type=\"text\/css\">#dpt-wrapper-555 { --dpt-title-font-style:normal;--dpt-title-font-weight:600;--dpt-title-line-height:1.5;--dpt-title-text-decoration:none;--dpt-title-text-transform:none;--dpt-excerpt-font-style:normal;--dpt-excerpt-font-weight:400;--dpt-excerpt-line-height:1.5;--dpt-excerpt-text-decoration:none;--dpt-excerpt-text-transform:none;--dpt-meta1-font-style:normal;--dpt-meta1-font-weight:400;--dpt-meta1-line-height:1.9;--dpt-meta1-text-decoration:none;--dpt-meta1-text-transform:none;--dpt-meta2-font-style:normal;--dpt-meta2-font-weight:400;--dpt-meta2-line-height:1.9;--dpt-meta2-text-decoration:none;--dpt-meta2-text-transform:none; }<\/style><div class=\"dpt-main-header\">\n\t\t\t\t\t\t<div class=\"dpt-main-title\">\n\t\t\t\t\t\t\t<span class=\"dpt-main-title-text\">Ritratti di persone con atteggiamento<\/span>\n\t\t\t\t\t\t<\/div>\n\t\t\t\t\t\t\n\t\t\t\t\t\t\n\t\t\t\t\t\t\n\t\t\t\t\t\t<\/div>\t\t\t\n\t\t\t\t<div id=\"dpt-wrapper-555\" class=\"dpt-wrapper dpt-mag1 land1 dpt-cropped dpt-flex-wrap\" >\n\n\t\t\t\t\t\t\t\t\t\t\t<div class=\"dpt-entry has-thumbnail\" data-title=\"johann sebastian bach \u2013 ordnung, haltung und das fundament unserer musik\" data-id=\"5033\"  data-category=\"allgemein gesellschaft kunst &amp; kultur\" data-post_tag=\"deutschland musik portrait\">\n\t\t\t\t\t\t\t<div class=\"dpt-entry-wrapper\"><div class=\"dpt-featured-content\"><div class=\"dpt-permalink\"><a href=\"https:\/\/www.markus-schall.de\/it\/2026\/02\/johann-sebastian-bach-ordine-atteggiamento-e-fondamento-della-nostra-musica\/\" class=\"dpt-permalink\"><span class=\"screen-reader-text\">Johann Sebastian Bach - l'ordine, l'atteggiamento e il fondamento della nostra musica<\/span><\/a><\/div><div class=\"dpt-thumbnail\"><div class=\"dpt-thumbnail-inner\"><img width=\"1024\" height=\"683\" class=\"attachment-full size-full\" alt=\"Ritratto di Johann Sebastian Bach\" context=\"dpt\" data-dpt-src=\"https:\/\/www.markus-schall.de\/wp-content\/uploads\/Johann-Sebastian-Bach-Portrait.jpg\" data-dpt-sizes=\"(max-width: 1024px) 100vw, 1024px\" data-dpt-srcset=\"https:\/\/www.markus-schall.de\/wp-content\/uploads\/Johann-Sebastian-Bach-Portrait.jpg 1024w, https:\/\/www.markus-schall.de\/wp-content\/uploads\/Johann-Sebastian-Bach-Portrait-300x200.jpg 300w, https:\/\/www.markus-schall.de\/wp-content\/uploads\/Johann-Sebastian-Bach-Portrait-768x512.jpg 768w, https:\/\/www.markus-schall.de\/wp-content\/uploads\/Johann-Sebastian-Bach-Portrait-18x12.jpg 18w\" \/><\/div><span class=\"dpt-thumbnail-aspect-ratio\" style=\"padding-top: 75%\"><\/span><\/div><\/div><div class=\"sub-entry\"><h3 class=\"dpt-title\"><a class=\"dpt-title-link\" href=\"https:\/\/www.markus-schall.de\/it\/2026\/02\/johann-sebastian-bach-ordine-atteggiamento-e-fondamento-della-nostra-musica\/\" rel=\"bookmark\">Johann Sebastian Bach - l'ordine, l'atteggiamento e il fondamento della nostra musica<\/a><\/h3><\/div><\/div>\n\t\t\t\t\t\t<\/div><!-- .dpt-entry -->\n\t\t\t\t\t\t\t\t\t\t\t\t<div class=\"dpt-entry has-thumbnail\" data-title=\"wie tiere zeit wahrnehmen \u2013 und was das f\u00fcr die zukunft der ki bedeutet\" data-id=\"4918\"  data-category=\"allgemein gesellschaft ki-systeme\" data-post_tag=\"denkmodelle erfahrungen k\u00fcnstliche intelligenz llm portrait prozesse sprachmodell\">\n\t\t\t\t\t\t\t<div class=\"dpt-entry-wrapper\"><div class=\"dpt-featured-content\"><div class=\"dpt-permalink\"><a href=\"https:\/\/www.markus-schall.de\/it\/2026\/02\/come-gli-animali-percepiscono-il-tempo-e-cosa-significa-questo-per-il-futuro-del-ki\/\" class=\"dpt-permalink\"><span class=\"screen-reader-text\">Come gli animali percepiscono il tempo - e cosa significa per il futuro dell'IA<\/span><\/a><\/div><div class=\"dpt-thumbnail\"><div class=\"dpt-thumbnail-inner\"><img width=\"1024\" height=\"683\" class=\"attachment-full size-full\" alt=\"Animali, intelligenza artificiale e percezione del tempo\" context=\"dpt\" data-dpt-src=\"https:\/\/www.markus-schall.de\/wp-content\/uploads\/Tiere-KI-Zeitwahrnehmung.jpg\" data-dpt-sizes=\"(max-width: 1024px) 100vw, 1024px\" data-dpt-srcset=\"https:\/\/www.markus-schall.de\/wp-content\/uploads\/Tiere-KI-Zeitwahrnehmung.jpg 1024w, https:\/\/www.markus-schall.de\/wp-content\/uploads\/Tiere-KI-Zeitwahrnehmung-300x200.jpg 300w, https:\/\/www.markus-schall.de\/wp-content\/uploads\/Tiere-KI-Zeitwahrnehmung-768x512.jpg 768w, https:\/\/www.markus-schall.de\/wp-content\/uploads\/Tiere-KI-Zeitwahrnehmung-18x12.jpg 18w\" \/><\/div><span class=\"dpt-thumbnail-aspect-ratio\" style=\"padding-top: 75%\"><\/span><\/div><\/div><div class=\"sub-entry\"><h3 class=\"dpt-title\"><a class=\"dpt-title-link\" href=\"https:\/\/www.markus-schall.de\/it\/2026\/02\/come-gli-animali-percepiscono-il-tempo-e-cosa-significa-questo-per-il-futuro-del-ki\/\" rel=\"bookmark\">Come gli animali percepiscono il tempo - e cosa significa per il futuro dell'IA<\/a><\/h3><\/div><\/div>\n\t\t\t\t\t\t<\/div><!-- .dpt-entry -->\n\t\t\t\t\t\t\t\t\t\t\t\t<div class=\"dpt-entry has-thumbnail\" data-title=\"warum dieter bohlen spricht, wenn andere schweigen: ein portr\u00e4t \u00fcber flei\u00df und klarheit\" data-id=\"3744\"  data-category=\"allgemein gesellschaft kunst &amp; kultur\" data-post_tag=\"auswandern deutschland erfahrungen krisen meinungsfreiheit musik portrait\">\n\t\t\t\t\t\t\t<div class=\"dpt-entry-wrapper\"><div class=\"dpt-featured-content\"><div class=\"dpt-permalink\"><a href=\"https:\/\/www.markus-schall.de\/it\/2025\/12\/perche-dieter-bohlen-parla-quando-gli-altri-tacciono-un-ritratto-di-diligenza-e-chiarezza\/\" class=\"dpt-permalink\"><span class=\"screen-reader-text\">Perch\u00e9 Dieter Bohlen parla quando altri tacciono: Un ritratto di diligenza e chiarezza<\/span><\/a><\/div><div class=\"dpt-thumbnail\"><div class=\"dpt-thumbnail-inner\"><img width=\"1024\" height=\"683\" class=\"attachment-full size-full\" alt=\"\" context=\"dpt\" data-dpt-src=\"https:\/\/www.markus-schall.de\/wp-content\/uploads\/Dieter-Bohlen-Portrait.jpg\" data-dpt-sizes=\"(max-width: 1024px) 100vw, 1024px\" data-dpt-srcset=\"https:\/\/www.markus-schall.de\/wp-content\/uploads\/Dieter-Bohlen-Portrait.jpg 1024w, https:\/\/www.markus-schall.de\/wp-content\/uploads\/Dieter-Bohlen-Portrait-300x200.jpg 300w, https:\/\/www.markus-schall.de\/wp-content\/uploads\/Dieter-Bohlen-Portrait-768x512.jpg 768w, https:\/\/www.markus-schall.de\/wp-content\/uploads\/Dieter-Bohlen-Portrait-18x12.jpg 18w\" \/><\/div><span class=\"dpt-thumbnail-aspect-ratio\" style=\"padding-top: 75%\"><\/span><\/div><\/div><div class=\"sub-entry\"><h3 class=\"dpt-title\"><a class=\"dpt-title-link\" href=\"https:\/\/www.markus-schall.de\/it\/2025\/12\/perche-dieter-bohlen-parla-quando-gli-altri-tacciono-un-ritratto-di-diligenza-e-chiarezza\/\" rel=\"bookmark\">Perch\u00e9 Dieter Bohlen parla quando altri tacciono: Un ritratto di diligenza e chiarezza<\/a><\/h3><\/div><\/div>\n\t\t\t\t\t\t<\/div><!-- .dpt-entry -->\n\t\t\t\t\t\t\t\t\t\t\t\t<div class=\"dpt-entry has-thumbnail\" data-title=\"mehr als punk: nina hagen, cosma shiva und die kunst, sich nicht vereinnahmen zu lassen\" data-id=\"4521\"  data-category=\"allgemein gesellschaft kunst &amp; kultur\" data-post_tag=\"auswandern deutschland erfahrungen europa krisen meinungsfreiheit musik portrait\">\n\t\t\t\t\t\t\t<div class=\"dpt-entry-wrapper\"><div class=\"dpt-featured-content\"><div class=\"dpt-permalink\"><a href=\"https:\/\/www.markus-schall.de\/it\/2026\/01\/piu-che-punk-nina-hagen-cosma-shiva-e-larte-di-non-farsi-prendere-in-giro\/\" class=\"dpt-permalink\"><span class=\"screen-reader-text\">Pi\u00f9 che punk: Nina Hagen, Cosma Shiva e l'arte di non lasciarsi ingannare<\/span><\/a><\/div><div class=\"dpt-thumbnail\"><div class=\"dpt-thumbnail-inner\"><img width=\"1024\" height=\"683\" class=\"attachment-full size-full\" alt=\"Ritratto di Nina e Cosma Shiva Hagen\" context=\"dpt\" data-dpt-src=\"https:\/\/www.markus-schall.de\/wp-content\/uploads\/Nina-Cosma-Shiva-Hagen-Titel.jpg\" data-dpt-sizes=\"(max-width: 1024px) 100vw, 1024px\" data-dpt-srcset=\"https:\/\/www.markus-schall.de\/wp-content\/uploads\/Nina-Cosma-Shiva-Hagen-Titel.jpg 1024w, https:\/\/www.markus-schall.de\/wp-content\/uploads\/Nina-Cosma-Shiva-Hagen-Titel-300x200.jpg 300w, https:\/\/www.markus-schall.de\/wp-content\/uploads\/Nina-Cosma-Shiva-Hagen-Titel-768x512.jpg 768w, https:\/\/www.markus-schall.de\/wp-content\/uploads\/Nina-Cosma-Shiva-Hagen-Titel-18x12.jpg 18w\" \/><\/div><span class=\"dpt-thumbnail-aspect-ratio\" style=\"padding-top: 75%\"><\/span><\/div><\/div><div class=\"sub-entry\"><h3 class=\"dpt-title\"><a class=\"dpt-title-link\" href=\"https:\/\/www.markus-schall.de\/it\/2026\/01\/piu-che-punk-nina-hagen-cosma-shiva-e-larte-di-non-farsi-prendere-in-giro\/\" rel=\"bookmark\">Pi\u00f9 che punk: Nina Hagen, Cosma Shiva e l'arte di non lasciarsi ingannare<\/a><\/h3><\/div><\/div>\n\t\t\t\t\t\t<\/div><!-- .dpt-entry -->\n\t\t\t\t\t\t\n\t\t\t\t<\/div>\n\t\t\t\t\t\t<\/div>\n\t\t\t\n<hr \/>\n<h3>L'ombra lunga rimane<\/h3>\n<p>Questa impronta non scompare dopo la guerra. Si trova come un rumore di fondo sotto la vita successiva. I personaggi di Loriot spesso portano inconsciamente con s\u00e9 quest'ombra: il desiderio di fare tutto bene, la paura di cadere in disgrazia, la ricerca riflessa della regola quando sorge l'incertezza.<\/p>\n<p>Si potrebbe dire che la sua comicit\u00e0 nasce proprio dove la guerra non \u00e8 pi\u00f9 visibile, ma il modo di pensare \u00e8 rimasto. Dove l'ordine \u00e8 diventato un'abitudine senza che nessuno si interroghi sul suo significato. Non si tratta di un'accusa, ma di una precisa osservazione dei modelli umani.<\/p>\n<h3>L'umorismo come stato normale<\/h3>\n<p>Ripensandoci, Loriot non parlava tanto di ideologia quanto di qualcosa di apparentemente banale: la mancanza di umorismo. Nell'atmosfera scolastica e sociale dell'epoca, c'era poco spazio per la risata tranquilla, l'ironia o la sottile distanza. L'umorismo esisteva, se mai, in forma grossolana o autorizzata. La sottigliezza non aveva spazio. Questa esperienza ebbe su di lui un impatto maggiore di quanto non facciano pensare i grandi concetti politici.<\/p>\n<p>La normalit\u00e0 era una cosa seria. Corretto. Propositiva. E qui sta la sua gravit\u00e0. Chiunque cresca in un ambiente di questo tipo sviluppa un senso di difesa o un'acuta percezione di dove l'elemento umano scompaia sotto la superficie. L'umorismo successivo di Loriot pu\u00f2 essere letto anche come una risposta a questa mancanza di umorismo iniziale: non come un contrattacco, ma come una riscoperta. Come un tentativo di restituire alla vita di tutti i giorni qualcosa che da tempo le mancava: non una risata fragorosa, ma un tranquillo riconoscimento.<\/p>\n<h3>Nessun insediamento, ma conversione<\/h3>\n<p>Ci\u00f2 che \u00e8 ancora una volta notevole \u00e8 ci\u00f2 che manca: l'amarezza. Loriot avrebbe avuto tutte le ragioni per essere duro, per drammatizzare le difficolt\u00e0 biografiche. Non l'ha fatto. Invece, ha trasformato l'esperienza in forma. Ha tradotto la disciplina in tempismo, il tono di comando in dialogo, la precisione militare in accuratezza comica.<\/p>\n<p>Questo \u00e8 forse il suo vero trucco: usa gli strumenti dell'ordine per rendere visibile l'ordine - e quindi per potersi rilassare. La risata diventa cos\u00ec una sorta di disarmo civile.<\/p>\n<p>La guerra non gli ha insegnato che l'ordine \u00e8 cattivo. Gli ha insegnato che dipende dal contesto. Che pu\u00f2 sostenere le persone - o schiacciarle. E che spesso il punto decisivo non \u00e8 il sistema, ma il momento in cui una persona cerca di rimanere dignitosa al suo interno. \u00c8 proprio qui che si inserisce l'atteggiamento successivo di Loriot. Non deride il bisogno di ordine. Mostra come le persone si aggrappano ad esso quando non hanno pi\u00f9 nulla. E lo fa senza cattiveria, senza superiorit\u00e0 morale. \u00c8 questo che rende la sua commedia cos\u00ec duratura - e cos\u00ec seria sotto la superficie.<\/p>\n<p>Questo capitolo sposta l'attenzione: Dall'imprinting alla realizzazione. La sezione successiva tratta di come l'umorismo diventi uno strumento di precisione - e del perch\u00e9 Loriot non fosse mai divertente per caso, ma fosse pi\u00f9 preciso nel suo mestiere di molti suoi contemporanei.<\/p>\n<div class=\"lyte-wrapper\" style=\"width:640px;max-width:100%;margin:5px;\"><div class=\"lyMe\" id=\"WYL_ExiavVSLNU8\"><div id=\"lyte_ExiavVSLNU8\" data-src=\"https:\/\/www.markus-schall.de\/wp-content\/plugins\/wp-youtube-lyte\/lyteCache.php?origThumbUrl=%2F%2Fi.ytimg.com%2Fvi%2FExiavVSLNU8%2Fhqdefault.jpg\" class=\"pL\"><div class=\"tC\"><div class=\"tT\"><\/div><\/div><div class=\"play\"><\/div><div class=\"ctrl\"><div class=\"Lctrl\"><\/div><div class=\"Rctrl\"><\/div><\/div><\/div><noscript><a href=\"https:\/\/youtu.be\/ExiavVSLNU8\" rel=\"nofollow noopener\" target=\"_blank\"><img loading=\"lazy\" decoding=\"async\" src=\"https:\/\/www.markus-schall.de\/wp-content\/plugins\/wp-youtube-lyte\/lyteCache.php?origThumbUrl=https%3A%2F%2Fi.ytimg.com%2Fvi%2FExiavVSLNU8%2F0.jpg\" alt=\"Miniatura del video di YouTube\" width=\"640\" height=\"340\" \/><br \/>Guarda questo video su YouTube<\/a><\/noscript><\/div><\/div><div class=\"lL\" style=\"max-width:100%;width:640px;margin:5px;\"><\/div><br \/>\nIntervista con Loriot e Evelyn Hamann su \u201eEdipo\u201c 1987, Berlino.\u00a0<a href=\"https:\/\/www.youtube.com\/@footageberlin\" target=\"_blank\" rel=\"noopener\">rbb media<\/a><\/p>\n<h2>L'umorismo come strumento di precisione<\/h2>\n<p>L'umorismo di Loriot sembra spesso senza sforzo, quasi casuale. \u00c8 proprio qui che si annida il pericolo di fraintendimento. Nel suo lavoro non c'\u00e8 nulla di spontaneo, nel senso di non pianificato. Il suo umorismo \u00e8 calcolato, ma non freddo; preciso, ma non meccanico. Si percepisce che questo \u00e8 il lavoro di qualcuno che sa che la comicit\u00e0 \u00e8 efficace solo se \u00e8 precisa. Una nota sbagliata, un secondo di anticipo, una parola di troppo - e la scena crolla.<\/p>\n<p>Questa precisione non \u00e8 fine a se stessa. Ha uno scopo: rendere visibili i modelli umani senza denunciarli. Loriot non ride delle persone, ma delle situazioni che si creano quando le persone si aggrappano ai propri standard.<\/p>\n<p>Lo strumento centrale di questo umorismo non \u00e8 l'esagerazione, ma la deviazione minima. Con Loriot, quasi tutto \u00e8 \u201eeffettivamente corretto\u201c. Le frasi sono corrette. L'atteggiamento \u00e8 corretto. L'intenzione \u00e8 buona. Ed \u00e8 proprio per questo che non funziona. Basta questo piccolo spostamento - un tono troppo formale, una scelta di parole troppo precisa, un momento di eccessiva cortesia - per far precipitare la situazione nell'assurdo. Loriot dimostra cos\u00ec una cosa fondamentale: non \u00e8 la cosa sbagliata a essere pericolosa, ma quella troppo corretta.<\/p>\n<h3>Il tempo come categoria morale<\/h3>\n<p>Per Loriot, il tempo \u00e8 pi\u00f9 del ritmo. \u00c8 una forma di etica. Sa quando tacere. Quando uno sguardo dice pi\u00f9 di una frase. Quando una pausa rivela il vero nocciolo della questione.<\/p>\n<p>Sono proprio queste pause a essere decisive. Costringono il pubblico a posizionarsi. Spesso la risata non nasce dalla battuta, ma dal momento in cui ci si rende conto di aver continuato a parlare dentro di s\u00e9. Loriot si fida di questo, e questa fiducia fa parte del suo atteggiamento.<\/p>\n<h3>Umorismo senza svalutazione<\/h3>\n<p>Una caratteristica sorprendente del suo lavoro \u00e8 la totale assenza di disprezzo. Anche quando i personaggi falliscono, rimangono intatti. Non vengono messi in mostra, non vengono degradati moralmente. Il loro fallimento \u00e8 umano, non ridicolo. Questa \u00e8 un'arte raffinata. Perch\u00e9 il ridicolo sarebbe pi\u00f9 facile. Loriot decide consapevolmente di non farlo. Il suo umorismo crea vicinanza, non distanza. Si ride - e allo stesso tempo si prova un leggero riconoscimento. Forse anche spiacevole. \u00c8 proprio qui che inizia l'effetto.<\/p>\n<p>Sotto ogni scena comica dell'opera di Loriot si nasconde una seriet\u00e0 che non viene mai espressa. Non come messaggio, ma come risonanza. Si tratta di comunicazione, di relazioni, del fragile equilibrio tra vicinanza e ordine.<\/p>\n<p>Questa seriet\u00e0 spiega perch\u00e9 la sua comicit\u00e0 non si esaurisce. Non si esaurisce perch\u00e9 non offre un sollievo rapido. Ha un effetto duraturo. Spesso ci si rende conto solo in un secondo momento del perch\u00e9 si \u00e8 riso, e di cosa.<\/p>\n<h3>Precisione anzich\u00e9 volume<\/h3>\n<p>In un mondo che confonde sempre pi\u00f9 spesso l'umorismo con il chiasso, l'approccio di Loriot sembra quasi antiquato. Ma \u00e8 proprio questa antiquatezza la sua forza. Non punta sull'escalation, ma sulla condensazione. Non sulla velocit\u00e0, ma sulla precisione. Si potrebbe dire che l'umorismo di Loriot non \u00e8 uno sfogo, ma uno strumento. Misura, regola, rivela. E lo fa con una calma che crea fiducia e con una coerenza ormai rara.<\/p>\n<p>Alla fine diventa chiaro che l'umorismo non \u00e8 un extra, non \u00e8 una decorazione, non \u00e8 un trucco. \u00c8 l'espressione di un atteggiamento. Un atteggiamento che parte dal presupposto che le persone sono fallibili e meritano comunque rispetto. Che l'ordine \u00e8 importante, ma non pi\u00f9 delle persone. E che la risata \u00e8 pi\u00f9 forte quando unisce piuttosto che trionfare.<\/p>\n<p>Questo capitolo si inserisce quindi organicamente tra l'esperienza della guerra e la storia del suo impatto. L'umorismo \u00e8 lo strumento con cui viene affrontato tutto ci\u00f2 che \u00e8 stato fatto in precedenza - in modo pacato, preciso e senza alcun azionismo.<\/p>\n<h3>\u201eNon fare lo spiritoso\u201c: la regola pi\u00f9 importante per l'effetto comico<\/h3>\n<p>Questa regola \u00e8 quasi leggendaria ed \u00e8 espressamente confermata dai suoi compagni: Loriot insegnava agli attori a non rendere divertenti le scene buffe. Proprio perch\u00e9 i suoi personaggi non sono \u201eburloni\u201c, ma persone che vogliono fare tutto bene, la recitazione deve rimanere seria: corretta, impegnativa, dignitosa.<\/p>\n<p>La comicit\u00e0 nasce quindi automaticamente dalla situazione, dal tono eccessivamente preciso, dall'attrito tra forma e realt\u00e0. Il <a href=\"https:\/\/sz-magazin.sueddeutsche.de\/humor\/loriot-100-geburtstag-92805\" target=\"_blank\" rel=\"noopener\"><strong>Rivista SZ<\/strong><\/a> ha trasmesso proprio questo punto per il suo centesimo compleanno: l'attrice Dagmar Biener lo formula analogamente alla lezione di Loriot \u201edi non fare ridere le cose buffe\u201c, arrivando cos\u00ec al cuore del suo metodo.<\/p>\n<h3>Preparazione totale: leggerezza come risultato della disciplina<\/h3>\n<p>Coloro che hanno lavorato con Loriot descrivono unanimemente un modo di lavorare che difficilmente sembra compatibile con l'impressione successiva di totale assenza di sforzo. Le scene erano pensate in anticipo prima di essere realizzate. Pause, linee visive, spazi tra due frasi: nulla era casuale. Non c'era nulla di pedante in questa preparazione, ma piuttosto qualcosa di rassicurante:<\/p>\n<p>Tutte le persone coinvolte sapevano dove si trovavano. Proprio per questo sul set non c'era pressione, ma piuttosto concentrazione. Il paradosso \u00e8 che quanto pi\u00f9 precisa era la pianificazione, tanto pi\u00f9 libero sembrava il risultato. Loriot non vedeva la leggerezza come spontaneit\u00e0, ma come il punto di arrivo di un processo ben studiato. Chiunque abbia vissuto questa esperienza ha capito subito perch\u00e9 per lui l'improvvisazione era raramente necessaria: non perch\u00e9 fosse proibita, ma perch\u00e9 difficilmente avrebbe potuto migliorare qualcosa.<\/p>\n<p><img loading=\"lazy\" decoding=\"async\" class=\"size-full wp-image-4174 alignnone\" src=\"https:\/\/www.markus-schall.de\/wp-content\/uploads\/Loriot-Regie-Filmset.jpg\" alt=\"Loriot come regista sul set cinematografico\" width=\"1184\" height=\"864\" srcset=\"https:\/\/www.markus-schall.de\/wp-content\/uploads\/Loriot-Regie-Filmset.jpg 1024w, https:\/\/www.markus-schall.de\/wp-content\/uploads\/Loriot-Regie-Filmset-300x219.jpg 300w, https:\/\/www.markus-schall.de\/wp-content\/uploads\/Loriot-Regie-Filmset-768x560.jpg 768w, https:\/\/www.markus-schall.de\/wp-content\/uploads\/Loriot-Regie-Filmset-16x12.jpg 16w\" sizes=\"auto, (max-width: 1184px) 100vw, 1184px\" \/><\/p>\n<h2>Sviluppo di una firma artistica<\/h2>\n<p>L'ingresso artistico di Loriot non avvenne attraverso il palcoscenico o la parola, ma attraverso il disegno. Questa non \u00e8 solo una nota biografica. Il disegno permette di controllare i dettagli dell'immagine, il ritmo, la direzione dello sguardo. Nulla avviene per caso. Ogni linea \u00e8 impostata, ogni figura rimane in uno spazio chiaramente definito.<\/p>\n<p>\u00c8 proprio qui che si formano precocemente gli elementi che in seguito caratterizzeranno la sua intera opera: la riduzione. Nessun sovraccarico, nessun effetto. Al contrario, figure che appaiono quasi immobili, creando cos\u00ec tensione. Gi\u00e0 queste prime opere dimostrano che l'umorismo non nasce dal movimento, ma dalla costellazione.<\/p>\n<h3>Il testo si unisce alla lingua come ambientazione vera e propria.<\/h3>\n<p>Nel corso del tempo, il disegno \u00e8 sempre pi\u00f9 accompagnato da un testo. Non esplicativo, ma contrappuntistico. Il linguaggio assume il ruolo precedentemente svolto dalla linea: inquadra, delimita, organizza.<\/p>\n<p>\u00c8 sorprendente che Loriot non usi mai il linguaggio in modo naturalistico. Nessuno parla in modo \u201ereale\u201c. I dialoghi sono leggermente spostati: troppo corretti, troppo educati, troppo precisi. \u00c8 proprio questo piccolo spostamento che apre lo spazio alla comicit\u00e0. \u00c8 come se mettesse il linguaggio sotto una lente d'ingrandimento - e mostrasse ci\u00f2 che altrimenti passa inosservato nella vita quotidiana.<\/p>\n<h3>Passaggio al cinema e alla televisione: Il tempo diventa materiale<\/h3>\n<p>Con il passaggio al cinema e alla televisione, non \u00e8 l'atteggiamento a cambiare, ma il materiale. Ora si aggiunge il tempo: pause, sguardi, silenzi. Loriot non usa questi nuovi mezzi per diventare pi\u00f9 forte, ma per lavorare in modo ancora pi\u00f9 preciso.<\/p>\n<p>Il suo rigore tecnico \u00e8 particolarmente evidente nell'immagine in movimento. Le pause non sono mai casuali. Sono calcolate, a volte dolorosamente lunghe. Ma \u00e8 proprio questo il loro effetto. Lo spettatore \u00e8 costretto a sopportare e spesso si riconosce proprio in questa sopportazione.<\/p>\n<p>Nel corso degli anni, l'attenzione si sposta sempre pi\u00f9 dalle situazioni individuali alle relazioni. Il matrimonio, il vicinato, la vicinanza sociale. Non come un dramma, ma come uno stato permanente. Allo stesso tempo, cambia la prospettiva: all'inizio l'attenzione \u00e8 spesso rivolta alla persona isolata, in seguito all'unione che fallisce per una banalit\u00e0. Non si tratta di una coincidenza tematica, ma di uno sviluppo logico. Pi\u00f9 si osserva, pi\u00f9 diventa chiaro: I maggiori attriti non nascono in circostanze eccezionali, ma nella vita di tutti i giorni.<\/p>\n<h3>Consolidamento anzich\u00e9 escalation<\/h3>\n<p>Ci\u00f2 che \u00e8 notevole \u00e8 ci\u00f2 che non sta accadendo: Non c'\u00e8 un'escalation, non c'\u00e8 una pausa, non c'\u00e8 un cambiamento di stile per il gusto di rinnovarsi. Il lavoro di Loriot si condensa, diventa pi\u00f9 calmo, pi\u00f9 chiaro, quasi pi\u00f9 austero. Mentre altri artisti diventano pi\u00f9 rumorosi o pi\u00f9 espliciti con il passare del tempo, lui si ritira ulteriormente e proprio per questo ottiene un effetto maggiore. \u00c8 un approccio classico, quasi da vecchio maestro: non espansione, ma concentrazione.<\/p>\n<p>Anche le sue interviste successive non sembrano tanto un commento all'opera quanto una sua continuazione. La stessa precisione, lo stesso riserbo, la stessa arte dell'omissione. Non parla per farsi ascoltare, ma per omettere qualcosa. Spesso si tratta di frasi casuali che hanno un effetto duraturo. Non perch\u00e9 siano provocatorie, ma perch\u00e9 sono ben piazzate, come una buona battuta che si capisce solo quando \u00e8 gi\u00e0 finita.<\/p>\n<hr \/>\n<h3>Sondaggio in corso per gli autori interessati<\/h3>\n<div class='bootstrap-yop yop-poll-mc'>\n\t\t\t\t\t\t\t<div class=\"basic-yop-poll-container\" style=\"background-color:#ffffff; border:0px; border-style:solid; border-color:#000000; border-radius:5px; padding:0px 5px;\" data-id=\"8\" data-temp=\"basic-pretty\" data-skin=\"square\" data-cscheme=\"blue\" data-cap=\"0\" data-access=\"guest\" data-tid=\"\" data-uid=\"cd3b9f7964d3d5f6efba194ac4c0eb59\" data-pid=\"4521\" data-resdet=\"votes-number,percentages\" data-show-results-to=\"guest\" data-show-results-moment=\"after-vote\" data-show-results-only=\"false\" data-show-message=\"true\" data-show-results-as=\"bar\" data-sort-results-by=\"as-defined\" data-sort-results-rule=\"asc\"data-is-ended=\"0\" data-percentages-decimals=\"2\" data-gdpr=\"no\" data-gdpr-sol=\"consent\" data-css=\".basic-yop-poll-container[data-uid] .basic-vote {\t\t\t\t\t\t\t\t\ttext-align: center;\t\t\t\t\t\t\t\t}\" data-counter=\"0\" data-load-with=\"1\" data-notification-section=\"top\"><div class=\"row\"><div class=\"col-md-12\"><div class=\"basic-inner\"><div class=\"basic-message hide\" style=\"border-left: 10px solid #008000; padding: 0px 10px;\" data-error=\"#ff0000\" data-success=\"#008000\"><p class=\"basic-message-text\" style=\"color:#000000; font-size:14px; font-weight:normal;\"><\/p><\/div><div class=\"basic-overlay hide\"><div class=\"basic-vote-options\"><\/div><div class=\"basic-preloader\"><div class=\"basic-windows8\"><div class=\"basic-wBall basic-wBall_1\"><div class=\"basic-wInnerBall\"><\/div><\/div><div class=\"basic-wBall basic-wBall_2\"><div class=\"basic-wInnerBall\"><\/div><\/div><div class=\"basic-wBall basic-wBall_3\"><div class=\"basic-wInnerBall\"><\/div><\/div><div class=\"basic-wBall basic-wBall_4\"><div class=\"basic-wInnerBall\"><\/div><\/div><div class=\"basic-wBall basic-wBall_5\"><div class=\"basic-wInnerBall\"><\/div><\/div><\/div><\/div><\/div><form class=\"basic-form\" action=\"\"><input type=\"hidden\" name=\"_token\" value=\"7eca4e4731\" autocomplete=\"off\"><div class=\"basic-elements\"><div class=\"basic-element basic-question basic-question-text-vertical\" data-id=\"8\" data-uid=\"c2832c2082e141889841b69eab10ec5e\" data-type=\"question\" data-question-type=\"text\" data-required=\"yes\" data-allow-multiple=\"no\" data-min=\"1\" data-max=\"7\" data-display=\"vertical\" data-colnum=\"\" data-display-others=\"no\" data-others-color=\"\" data-others=\"\" data-others-max-chars=\"0\"><div class=\"basic-question-title\"><h5 style=\"color:#000000; font-size:16px; font-weight:normal; text-align:left;\">Quale sarebbe il motivo principale che la spingerebbe a scrivere un libro tutto suo?<\/h5><\/div><ul class=\"basic-answers\"><li class=\"basic-answer\" style=\"padding:0px 0px;\" data-id=\"38\" data-type=\"text\" data-vn=\"5\" data-color=\"#000000\" data-make-link=\"no\" data-link=\"\"><div class=\"basic-answer-content basic-text-vertical\"><label for=\"answer[38]\" class=\"basic-answer-label\"><input type=\"radio\" id=\"answer[38]\" name=\"answer[8]\" value=\"38\"><span class=\"basic-text\" style=\"color: #000000; font-size: 14px; font-weight: normal;\">Vorrei trasmettere la mia esperienza<\/span><\/label><\/div><\/li><li class=\"basic-answer\" style=\"padding:0px 0px;\" data-id=\"39\" data-type=\"text\" data-vn=\"0\" data-color=\"#000000\" data-make-link=\"no\" data-link=\"\"><div class=\"basic-answer-content basic-text-vertical\"><label for=\"answer[39]\" class=\"basic-answer-label\"><input type=\"radio\" id=\"answer[39]\" name=\"answer[8]\" value=\"39\"><span class=\"basic-text\" style=\"color: #000000; font-size: 14px; font-weight: normal;\">Voglio documentare la mia esperienza<\/span><\/label><\/div><\/li><li class=\"basic-answer\" style=\"padding:0px 0px;\" data-id=\"40\" data-type=\"text\" data-vn=\"6\" data-color=\"#000000\" data-make-link=\"no\" data-link=\"\"><div class=\"basic-answer-content basic-text-vertical\"><label for=\"answer[40]\" class=\"basic-answer-label\"><input type=\"radio\" id=\"answer[40]\" name=\"answer[8]\" value=\"40\"><span class=\"basic-text\" style=\"color: #000000; font-size: 14px; font-weight: normal;\">Sono alla ricerca di un equilibrio creativo<\/span><\/label><\/div><\/li><li class=\"basic-answer\" style=\"padding:0px 0px;\" data-id=\"41\" data-type=\"text\" data-vn=\"2\" data-color=\"#000000\" data-make-link=\"no\" data-link=\"\"><div class=\"basic-answer-content basic-text-vertical\"><label for=\"answer[41]\" class=\"basic-answer-label\"><input type=\"radio\" id=\"answer[41]\" name=\"answer[8]\" value=\"41\"><span class=\"basic-text\" style=\"color: #000000; font-size: 14px; font-weight: normal;\">Spero di ottenere un reddito con esso<\/span><\/label><\/div><\/li><li class=\"basic-answer\" style=\"padding:0px 0px;\" data-id=\"42\" data-type=\"text\" data-vn=\"2\" data-color=\"#000000\" data-make-link=\"no\" data-link=\"\"><div class=\"basic-answer-content basic-text-vertical\"><label for=\"answer[42]\" class=\"basic-answer-label\"><input type=\"radio\" id=\"answer[42]\" name=\"answer[8]\" value=\"42\"><span class=\"basic-text\" style=\"color: #000000; font-size: 14px; font-weight: normal;\">Ho gi\u00e0 scritto un libro<\/span><\/label><\/div><\/li><li class=\"basic-answer\" style=\"padding:0px 0px;\" data-id=\"44\" data-type=\"text\" data-vn=\"3\" data-color=\"#000000\" data-make-link=\"no\" data-link=\"\"><div class=\"basic-answer-content basic-text-vertical\"><label for=\"answer[44]\" class=\"basic-answer-label\"><input type=\"radio\" id=\"answer[44]\" name=\"answer[8]\" value=\"44\"><span class=\"basic-text\" style=\"color: #000000; font-size: 14px; font-weight: normal;\">Non ho interesse a scrivere<\/span><\/label><\/div><\/li><\/ul><\/div><div class=\"clearfix\"><\/div><\/div><div class=\"basic-vote\"><a href=\"#\" class=\"button basic-vote-button\" role=\"button\" style=\"background:#027bb8; border:0px; border-style: solid; border-color:#000000; border-radius:5px; padding:10px 10px; color:#ffffff; font-size:14px; font-weight:normal;\">Voto<\/a><\/div><input type=\"hidden\" name=\"trp-form-language\" value=\"it\"\/><\/form><\/div><\/div><\/div><\/div>\n\t\t\t\t\t\t<\/div>\n<hr \/>\n<h3>Sviluppo senza rotture<\/h3>\n<p>Guardando indietro, si pu\u00f2 notare uno sviluppo artistico senza una vera e propria rottura. Nessuna fase da superare. Nessuna opera iniziale di cui scusarsi. Al contrario, un processo continuo di perfezionamento.<\/p>\n<p>L'opera di Loriot \u00e8 quindi un raro esempio di coerenza artistica: ha lavorato per tutta la vita sullo stesso tema - eppure ha continuato ad approfondirlo. Non cercando qualcosa di nuovo, ma guardando pi\u00f9 da vicino.<\/p>\n<h3>Evelyn Hamann: precisione senza pressione<\/h3>\n<p>Evelyn Hamann ha in <a href=\"https:\/\/sz-magazin.sueddeutsche.de\/fernsehen\/loriot-interview-vicco-von-buelow-78375\" target=\"_blank\" rel=\"noopener\"><strong>Discussioni sulla cooperazione<\/strong><\/a> ha chiarito pi\u00f9 volte quanto fosse insolito lo stile registico di Loriot: niente chiasso, niente giochi di potere, niente \u201eAdesso vai avanti!\u201c. - ma un tono calmo, quasi educato, ma comunque tagliente. Di questo modo di lavorare ha beneficiato in particolare Hamann, che ha saputo portare perfettamente le sue sfumature:<\/p>\n<p>Loriot non ha lavorato con grandi spiegazioni, ma con correzioni minime. Un'occhiata un po\u201e pi\u00f9 tardi. Una frase pronunciata un po\u201c troppo \u201ecorrettamente\u201c, o non ancora abbastanza corretta. E improvvisamente la scena era perfetta. L'aspetto cruciale \u00e8 che questa precisione non \u00e8 stata percepita come una svalutazione, ma come un lavoro artigianale. Non si veniva \u201erimproverati\u201c, ma finemente regolati. Questa atmosfera - concentrata, rispettosa, quasi di vecchio stampo - spiega anche perch\u00e9 il duo Loriot\/Hamann sembra raramente due persone che \"giocano\", ma piuttosto due persone che sono davvero cos\u00ec e quindi diventano divertenti.<\/p>\n<h3>L'obiezione educata: critica senza offesa<\/h3>\n<p>Quando Loriot non era d'accordo con qualcosa, raramente lo esprimeva in modo diretto e mai in modo duro. Ricorreva invece a una formulazione che sembrava innocua e che invece era inequivocabile:<\/p>\n<blockquote><p><em>\u201eNon sono sicuro che ci capiamo bene\u201c.\u201c<\/em><\/p><\/blockquote>\n<p>Questa frase non era un'accusa, ma un invito alla correzione. Nessuno si \u00e8 esposto, nessuno ha perso la faccia. Eppure era chiaro a tutti: la scena non era ancora al punto giusto. Questa cortese obiezione \u00e8 pi\u00f9 di un aneddoto di lavoro: \u00e8 l'espressione di un atteggiamento. La critica non deve essere necessariamente offensiva per essere efficace. Pu\u00f2 essere tranquilla, precisa, rispettosa e quindi vincolante.<\/p>\n<p>In un settore in cui spesso si confonde l'aggressivit\u00e0 con l'assertivit\u00e0, questo tipo di leadership sembrava quasi fuori moda. E forse \u00e8 proprio per questo che ha avuto tanto successo.<\/p>\n<div class=\"lyte-wrapper\" style=\"width:640px;max-width:100%;margin:5px;\"><div class=\"lyMe\" id=\"WYL_lEneUjnNMW8\"><div id=\"lyte_lEneUjnNMW8\" data-src=\"https:\/\/www.markus-schall.de\/wp-content\/plugins\/wp-youtube-lyte\/lyteCache.php?origThumbUrl=%2F%2Fi.ytimg.com%2Fvi%2FlEneUjnNMW8%2Fhqdefault.jpg\" class=\"pL\"><div class=\"tC\"><div class=\"tT\"><\/div><\/div><div class=\"play\"><\/div><div class=\"ctrl\"><div class=\"Lctrl\"><\/div><div class=\"Rctrl\"><\/div><\/div><\/div><noscript><a href=\"https:\/\/youtu.be\/lEneUjnNMW8\" rel=\"nofollow noopener\" target=\"_blank\"><img loading=\"lazy\" decoding=\"async\" src=\"https:\/\/www.markus-schall.de\/wp-content\/plugins\/wp-youtube-lyte\/lyteCache.php?origThumbUrl=https%3A%2F%2Fi.ytimg.com%2Fvi%2FlEneUjnNMW8%2F0.jpg\" alt=\"Miniatura del video di YouTube\" width=\"640\" height=\"340\" \/><br \/>Guarda questo video su YouTube<\/a><\/noscript><\/div><\/div><div class=\"lL\" style=\"max-width:100%;width:640px;margin:5px;\"><\/div><br \/>\nLoriot | Ultimo discorso pubblico - Vicco von B\u00fclow | <a href=\"https:\/\/www.youtube.com\/@Skb-tvDe\" target=\"_blank\" rel=\"noopener\">SKB TV Brandeburgo<\/a><\/p>\n<h2>Impatto, eredit\u00e0 e rilevanza oggi<\/h2>\n<p>Molte forme di umorismo invecchiano rapidamente. Si aggrappano allo zeitgeist, alle mode, alle emozioni comuni. Loriot, invece, sfugge quasi completamente a questa usura. Il motivo \u00e8 semplice, eppure spesso trascurato: Non ha mai parlato di argomenti, ma di persone. Delle loro insicurezze, del loro desiderio di ordine, della loro paura di sbagliare.<\/p>\n<p>Ci\u00f2 che fa ridere non \u00e8 la battuta, ma il momento che la precede: l'esitazione, l'inizio corretto, la frase formulata con troppa cura. Questo meccanismo funziona bene oggi come cinquant'anni fa perch\u00e9 non \u00e8 legato a circostanze esterne. Finch\u00e9 le persone si parlano, ci saranno malintesi. Finch\u00e9 le persone avranno bisogno di regole, falliranno a causa di esse.<\/p>\n<p>L'atemporalit\u00e0 di Loriot non risiede nella nostalgia, ma nella precisione. Non ha fatto qualcosa di \u201egiusto allora\u201c, ma qualcosa di fondamentale.<\/p>\n<h3>L'arte di non dover spiegare<\/h3>\n<p>Un'altra ragione del suo effetto duraturo \u00e8 la sua moderazione. Loriot non spiega. Non commenta. Non moralizza. Mostra - e confida che il pubblico colmi da solo le lacune.<\/p>\n<p>\u00c8 un atteggiamento che oggi sembra quasi alieno. In un'epoca in cui tutto deve essere categorizzato, valutato e immediatamente classificato, il silenzio di Loriot sembra quasi una provocazione. Ma \u00e8 proprio qui che risiede la sua forza: prende le persone sul serio e si fida del loro pensiero. Questa forma di rispetto \u00e8 diventata rara, e proprio per questo \u00e8 cos\u00ec efficace.<\/p>\n<h3>La perdita di forma nel presente<\/h3>\n<p>Se si guarda al presente, si nota qualcosa che Loriot avrebbe probabilmente osservato con scetticismo: la forma \u00e8 diventata fragile. Le forme di indirizzo stanno scomparendo, i toni si fanno pi\u00f9 duri, il linguaggio si fa pi\u00f9 rude o allo stesso tempo artificialmente moralmente carico. C'\u00e8 poco spazio per la moderazione tra le due cose.<\/p>\n<p>Non si tratta di \u201etutto era meglio in passato\u201c. La forma non \u00e8 un fine in s\u00e9. Ma \u00e8 uno spazio protettivo. Permette la distanza quando la vicinanza \u00e8 eccessiva. Permette il conflitto senza l'escalation. Dove la forma scompare, spesso rimane solo il volume.<\/p>\n<p>Il lavoro di Loriot ci ricorda che la forma non \u00e8 l'opposto della libert\u00e0, ma piuttosto il suo prerequisito. Solo chi conosce le regole pu\u00f2 consapevolmente infrangerle o rovesciarle con umorismo.<\/p>\n<p>Colpisce anche la scarsa sprezzatura dell'umorismo di Loriot. Non si prende gioco della debolezza, ma del tentativo di coprire la debolezza. I suoi personaggi non sono stupidi, ma si sforzano. Ed \u00e8 proprio questo sforzo che li rende umani - e divertenti. In una cultura sempre pi\u00f9 pronta a giudicare, questa \u00e8 un'alternativa tranquilla. Nessuna derisione, nessuna esposizione, nessuna superiorit\u00e0 morale. Al contrario, una tranquilla consapevolezza: tutti noi a volte ci sediamo sulla sedia sbagliata e diciamo la cosa sbagliata nel momento sbagliato.<\/p>\n<h3>Un'alternativa silenziosa<\/h3>\n<p>Forse la maggiore rilevanza di Loriot oggi sta proprio qui: Offre un'alternativa a un mondo che si commenta continuamente da solo. Un'alternativa alla costante indignazione, alla categorizzazione permanente, alla \u201epresa di posizione\u201c riflessiva. La sua posizione non \u00e8 neutrale, ma \u00e8 misurata. Riconosce gli abissi senza illuminarli. Riconosce la comicit\u00e0 dell'esistenza umana senza smascherare l'essere umano.<\/p>\n<p>Loriot dimostra che si pu\u00f2 essere molto chiari senza essere rumorosi. Che si pu\u00f2 criticare senza attaccare. E che l'umorismo non svaluta, ma mette in ordine le cose.<\/p>\n<p>Alla fine, ci\u00f2 che rimane non \u00e8 tanto un'opera quanto un atteggiamento. L'atteggiamento di guardare da vicino. L'atteggiamento di prendere sul serio il linguaggio. L'atteggiamento di non escludere se stessi.<\/p>\n<p>Forse \u00e8 questa la sua vera eredit\u00e0: non come ridere, ma quando. Non di chi, ma del perch\u00e9. In un'epoca che spesso cerca risposte rapide, Loriot ci ricorda che la risposta pi\u00f9 precisa a volte \u00e8 una frase tranquilla - e un momento di risate che durano pi\u00f9 a lungo di qualsiasi slogan.<\/p>\n<p>Questo chiude il cerchio. Ci\u00f2 che \u00e8 iniziato come un'origine e un'impronta porta a un'attitudine che continua ancora oggi. E forse \u00e8 proprio questo il motivo per cui spesso si sorride dopo uno schizzo di Loriot - e ci si rende conto solo in seguito di aver appena capito qualcosa di molto serio.<\/p>\n<h3>Il signor von L'oreot: una serie di articoli per farvi sorridere<\/h3>\n<p>Nella serie Lord of L'oreot, l'atteggiamento classico incontra le assurdit\u00e0 moderne. Nel contributo <a href=\"https:\/\/www.markus-schall.de\/it\/2025\/10\/futuro-con-caricabatterie-il-signor-von-loreot-compra-un-e-scooter\/\"><em><strong>\u201eIl futuro con un caricatore - Il signor von L'oreot acquista un e-scooter\u201c.\u201c<\/strong><\/em><\/a> \u00e8 proprio questo attrito che viene portato alla ribalta letteraria: la tecnologia, la retorica del progresso e la ragione ben intenzionata finiscono in una situazione che si espone da sola. Il testo \u00e8 integrato da un'intervista di Der Spiegel, in cui Loriot parla con la sua tipica calma e chiarezza. L'interazione tra la satira narrativa e l'originale voce di Loriot approfondisce il tema dell'atteggiamento nella vita tecnica di tutti i giorni - senza satira, ma con tranquilla acutezza.<\/p>\n<h3>Quando il dovere diventa di nuovo dovere - una sorta di saggio sul caso della tensione<\/h3>\n<p>Il secondo testo della serie, <a href=\"https:\/\/www.markus-schall.de\/it\/2025\/10\/quando-il-dovere-diventa-di-nuovo-dovere-una-sorta-di-saggio-del-signor-von-loreot\/\"><em><strong>\u201eQuando il dovere diventa di nuovo dovere\u201c<\/strong><\/em><\/a>, \u00e8 pi\u00f9 saggistico per quanto riguarda un possibile caso di tensione in Germania e volutamente pi\u00f9 serio nel tono. Il signor von L'oreot osserva una societ\u00e0 in cui la responsabilit\u00e0, l'impegno e i concetti di dovere sono contemporaneamente invocati e svuotati. Il testo si chiede cosa rimane quando le regole non vengono pi\u00f9 rispettate, ma solo amministrate. Il testo \u00e8 accompagnato da una vecchia intervista di Radio Brema a Loriot, che completa questa idea in modo sorprendente e senza tempo. La serie Herr von L'oreot funziona come una figura letteraria di osservazione: non una lezione, non nostalgica, ma attenta - uno specchio che mostra meno distorsioni che precisione.<\/p>\n<hr \/>\n\n\t\t\t<div class=\"display-post-types\">\n\n\t\t\t\t\t\t\t<style type=\"text\/css\">\n\t\t\t#dpt-wrapper-556 { --dpt-text-align: left;--dpt-image-crop: center;--dpt-border-radius: 5px;--dpt-h-gutter: 10px;--dpt-v-gutter: 9px; }\t\t\t<\/style>\n\t\t\t<style type=\"text\/css\">#dpt-wrapper-556 { --dpt-title-font-style:normal;--dpt-title-font-weight:600;--dpt-title-line-height:1.5;--dpt-title-text-decoration:none;--dpt-title-text-transform:none;--dpt-excerpt-font-style:normal;--dpt-excerpt-font-weight:400;--dpt-excerpt-line-height:1.5;--dpt-excerpt-text-decoration:none;--dpt-excerpt-text-transform:none;--dpt-meta1-font-style:normal;--dpt-meta1-font-weight:400;--dpt-meta1-line-height:1.9;--dpt-meta1-text-decoration:none;--dpt-meta1-text-transform:none;--dpt-meta2-font-style:normal;--dpt-meta2-font-weight:400;--dpt-meta2-line-height:1.9;--dpt-meta2-text-decoration:none;--dpt-meta2-text-transform:none; }<\/style><div class=\"dpt-main-header\">\n\t\t\t\t\t\t<div class=\"dpt-main-title\">\n\t\t\t\t\t\t\t<span class=\"dpt-main-title-text\">Problemi sociali del presente<\/span>\n\t\t\t\t\t\t<\/div>\n\t\t\t\t\t\t\n\t\t\t\t\t\t\n\t\t\t\t\t\t\n\t\t\t\t\t\t<\/div>\t\t\t\n\t\t\t\t<div id=\"dpt-wrapper-556\" class=\"dpt-wrapper dpt-mag1 land1 dpt-cropped dpt-flex-wrap\" >\n\n\t\t\t\t\t\t\t\t\t\t\t<div class=\"dpt-entry has-thumbnail\" data-title=\"elektroauto, hybrid und e-roller: eine realistische betrachtung jenseits der ideologie\" data-id=\"4255\"  data-category=\"allgemein gesellschaft tipps &amp; anleitungen\" data-post_tag=\"energiepolitik erfahrungen prozesse ratgeber\">\n\t\t\t\t\t\t\t<div class=\"dpt-entry-wrapper\"><div class=\"dpt-featured-content\"><div class=\"dpt-permalink\"><a href=\"https:\/\/www.markus-schall.de\/it\/2026\/01\/auto-elettrica-ibrida-e-scooter-elettrico-una-visione-realistica-al-di-la-dellideologia\/\" class=\"dpt-permalink\"><span class=\"screen-reader-text\">Auto elettrica, ibrida ed e-scooter: una visione realistica al di l\u00e0 dell'ideologia<\/span><\/a><\/div><div class=\"dpt-thumbnail\"><div class=\"dpt-thumbnail-inner\"><img width=\"1024\" height=\"683\" class=\"attachment-full size-full\" alt=\"Elettromobilit\u00e0 - e-scooter\/scooter, ibrido, auto elettrica\" context=\"dpt\" data-dpt-src=\"https:\/\/www.markus-schall.de\/wp-content\/uploads\/Elektromobilitaet-Titel.jpg\" data-dpt-sizes=\"(max-width: 1024px) 100vw, 1024px\" data-dpt-srcset=\"https:\/\/www.markus-schall.de\/wp-content\/uploads\/Elektromobilitaet-Titel.jpg 1024w, https:\/\/www.markus-schall.de\/wp-content\/uploads\/Elektromobilitaet-Titel-300x200.jpg 300w, https:\/\/www.markus-schall.de\/wp-content\/uploads\/Elektromobilitaet-Titel-768x512.jpg 768w, https:\/\/www.markus-schall.de\/wp-content\/uploads\/Elektromobilitaet-Titel-18x12.jpg 18w\" \/><\/div><span class=\"dpt-thumbnail-aspect-ratio\" style=\"padding-top: 75%\"><\/span><\/div><\/div><div class=\"sub-entry\"><h3 class=\"dpt-title\"><a class=\"dpt-title-link\" href=\"https:\/\/www.markus-schall.de\/it\/2026\/01\/auto-elettrica-ibrida-e-scooter-elettrico-una-visione-realistica-al-di-la-dellideologia\/\" rel=\"bookmark\">Auto elettrica, ibrida ed e-scooter: una visione realistica al di l\u00e0 dell'ideologia<\/a><\/h3><\/div><\/div>\n\t\t\t\t\t\t<\/div><!-- .dpt-entry -->\n\t\t\t\t\t\t\t\t\t\t\t\t<div class=\"dpt-entry has-thumbnail\" data-title=\"hohe energiepreise in deutschland verstehen: gas, strom und benzin einfach erkl\u00e4rt\" data-id=\"4103\"  data-category=\"allgemein featured gesellschaft tipps &amp; anleitungen\" data-post_tag=\"deutschland energiepolitik eu-gesetze europa krisen ratgeber\">\n\t\t\t\t\t\t\t<div class=\"dpt-entry-wrapper\"><div class=\"dpt-featured-content\"><div class=\"dpt-permalink\"><a href=\"https:\/\/www.markus-schall.de\/it\/2025\/12\/capire-i-prezzi-elevati-dellenergia-in-germania-gas-elettricita-e-benzina-spiegati-in-modo-semplice\/\" class=\"dpt-permalink\"><span class=\"screen-reader-text\">Capire i prezzi elevati dell'energia in Germania: Gas, elettricit\u00e0 e benzina spiegati in modo semplice<\/span><\/a><\/div><div class=\"dpt-thumbnail\"><div class=\"dpt-thumbnail-inner\"><img width=\"1024\" height=\"683\" class=\"attachment-full size-full\" alt=\"Prezzi dell&#039;energia in Germania\" context=\"dpt\" data-dpt-src=\"https:\/\/www.markus-schall.de\/wp-content\/uploads\/energiepreise-deutschland.jpg\" data-dpt-sizes=\"(max-width: 1024px) 100vw, 1024px\" data-dpt-srcset=\"https:\/\/www.markus-schall.de\/wp-content\/uploads\/energiepreise-deutschland.jpg 1024w, https:\/\/www.markus-schall.de\/wp-content\/uploads\/energiepreise-deutschland-300x200.jpg 300w, https:\/\/www.markus-schall.de\/wp-content\/uploads\/energiepreise-deutschland-768x512.jpg 768w, https:\/\/www.markus-schall.de\/wp-content\/uploads\/energiepreise-deutschland-18x12.jpg 18w\" \/><\/div><span class=\"dpt-thumbnail-aspect-ratio\" style=\"padding-top: 75%\"><\/span><\/div><\/div><div class=\"sub-entry\"><h3 class=\"dpt-title\"><a class=\"dpt-title-link\" href=\"https:\/\/www.markus-schall.de\/it\/2025\/12\/capire-i-prezzi-elevati-dellenergia-in-germania-gas-elettricita-e-benzina-spiegati-in-modo-semplice\/\" rel=\"bookmark\">Capire i prezzi elevati dell'energia in Germania: Gas, elettricit\u00e0 e benzina spiegati in modo semplice<\/a><\/h3><\/div><\/div>\n\t\t\t\t\t\t<\/div><!-- .dpt-entry -->\n\t\t\t\t\t\t\t\t\t\t\t\t<div class=\"dpt-entry has-thumbnail\" data-title=\"russland, nato und die angst vor dem krieg: was sich belegen l\u00e4sst \u2013 und was nicht\" data-id=\"4801\"  data-category=\"allgemein gesellschaft\" data-post_tag=\"deutschland energiepolitik eu-gesetze europa geopolitik krisen meinungsfreiheit sicherheitspolitik\">\n\t\t\t\t\t\t\t<div class=\"dpt-entry-wrapper\"><div class=\"dpt-featured-content\"><div class=\"dpt-permalink\"><a href=\"https:\/\/www.markus-schall.de\/it\/2026\/02\/la-russia-la-nato-e-la-paura-della-guerra-cio-che-puo-e-non-puo-essere-provato\/\" class=\"dpt-permalink\"><span class=\"screen-reader-text\">La Russia, la NATO e la paura della guerra: ci\u00f2 che si pu\u00f2 dimostrare e ci\u00f2 che non si pu\u00f2 dimostrare<\/span><\/a><\/div><div class=\"dpt-thumbnail\"><div class=\"dpt-thumbnail-inner\"><img width=\"1024\" height=\"683\" class=\"attachment-full size-full\" alt=\"La NATO, la Russia e la paura della guerra\" context=\"dpt\" data-dpt-src=\"https:\/\/www.markus-schall.de\/wp-content\/uploads\/NATO-Russland.jpg\" data-dpt-sizes=\"(max-width: 1024px) 100vw, 1024px\" data-dpt-srcset=\"https:\/\/www.markus-schall.de\/wp-content\/uploads\/NATO-Russland.jpg 1024w, https:\/\/www.markus-schall.de\/wp-content\/uploads\/NATO-Russland-300x200.jpg 300w, https:\/\/www.markus-schall.de\/wp-content\/uploads\/NATO-Russland-768x512.jpg 768w, https:\/\/www.markus-schall.de\/wp-content\/uploads\/NATO-Russland-18x12.jpg 18w\" \/><\/div><span class=\"dpt-thumbnail-aspect-ratio\" style=\"padding-top: 75%\"><\/span><\/div><\/div><div class=\"sub-entry\"><h3 class=\"dpt-title\"><a class=\"dpt-title-link\" href=\"https:\/\/www.markus-schall.de\/it\/2026\/02\/la-russia-la-nato-e-la-paura-della-guerra-cio-che-puo-e-non-puo-essere-provato\/\" rel=\"bookmark\">La Russia, la NATO e la paura della guerra: ci\u00f2 che si pu\u00f2 dimostrare e ci\u00f2 che non si pu\u00f2 dimostrare<\/a><\/h3><\/div><\/div>\n\t\t\t\t\t\t<\/div><!-- .dpt-entry -->\n\t\t\t\t\t\t\t\t\t\t\t\t<div class=\"dpt-entry has-thumbnail\" data-title=\"wer ist eigentlich j. d. vance? ein portrait zu herkunft, karriere, widerspr\u00fcchen und zukunft\" data-id=\"5395\"  data-category=\"allgemein gesellschaft\" data-post_tag=\"energiepolitik erfahrungen europa geopolitik krisen meinungsfreiheit portrait sicherheitspolitik\">\n\t\t\t\t\t\t\t<div class=\"dpt-entry-wrapper\"><div class=\"dpt-featured-content\"><div class=\"dpt-permalink\"><a href=\"https:\/\/www.markus-schall.de\/it\/2026\/03\/chi-e-j-d-vance-un-ritratto-delle-sue-origini-della-sua-carriera-delle-sue-contraddizioni-e-del-suo-futuro\/\" class=\"dpt-permalink\"><span class=\"screen-reader-text\">Chi \u00e8 veramente J. D. Vance? Un ritratto delle sue origini, della sua carriera, delle sue contraddizioni e del suo futuro<\/span><\/a><\/div><div class=\"dpt-thumbnail\"><div class=\"dpt-thumbnail-inner\"><img width=\"1024\" height=\"683\" class=\"attachment-full size-full\" alt=\"Chi \u00e8 J. D. Vance?\" context=\"dpt\" data-dpt-src=\"https:\/\/www.markus-schall.de\/wp-content\/uploads\/JD-Vance-Portrait.jpg\" data-dpt-sizes=\"(max-width: 1024px) 100vw, 1024px\" data-dpt-srcset=\"https:\/\/www.markus-schall.de\/wp-content\/uploads\/JD-Vance-Portrait.jpg 1024w, https:\/\/www.markus-schall.de\/wp-content\/uploads\/JD-Vance-Portrait-300x200.jpg 300w, https:\/\/www.markus-schall.de\/wp-content\/uploads\/JD-Vance-Portrait-768x512.jpg 768w, https:\/\/www.markus-schall.de\/wp-content\/uploads\/JD-Vance-Portrait-18x12.jpg 18w\" \/><\/div><span class=\"dpt-thumbnail-aspect-ratio\" style=\"padding-top: 75%\"><\/span><\/div><\/div><div class=\"sub-entry\"><h3 class=\"dpt-title\"><a class=\"dpt-title-link\" href=\"https:\/\/www.markus-schall.de\/it\/2026\/03\/chi-e-j-d-vance-un-ritratto-delle-sue-origini-della-sua-carriera-delle-sue-contraddizioni-e-del-suo-futuro\/\" rel=\"bookmark\">Chi \u00e8 veramente J. D. Vance? Un ritratto delle sue origini, della sua carriera, delle sue contraddizioni e del suo futuro<\/a><\/h3><\/div><\/div>\n\t\t\t\t\t\t<\/div><!-- .dpt-entry -->\n\t\t\t\t\t\t\n\t\t\t\t<\/div>\n\t\t\t\t\t\t<\/div>\n\t\t\t\n<hr \/>\n<h2>Domande frequenti<\/h2>\n<ol>\n<li><strong>Perch\u00e9 Loriot \u00e8 particolarmente adatto per un ritratto sull'atteggiamento?<\/strong><br \/>\nPerch\u00e9 Loriot non proclama un atteggiamento, ma lo vive. Rinuncia agli slogan, alla superiorit\u00e0 morale e ai gesti eclatanti. Il suo atteggiamento \u00e8 caratterizzato da moderazione, sobriet\u00e0 e precisione. \u00c8 proprio questo che lo rende visibile. Confida nel fatto che le persone siano in grado di percepire le sfumature, ed \u00e8 proprio questo che lo rende ancora attuale.<\/li>\n<li><strong>Cosa distingue l'umorismo di Loriot dal cabaret classico o dalla satira?<\/strong><br \/>\nLoriot non attacca posizioni politiche o deride gruppi. Il suo umorismo \u00e8 diretto alle situazioni, al linguaggio e ai rituali sociali. Non mostra chi ha torto, ma come le persone si lasciano prendere dalla propria correttezza. Questo rende il suo umorismo senza tempo e indipendente dall'attualit\u00e0.<\/li>\n<li><strong>Che ruolo hanno le sue origini nel suo lavoro?<\/strong><br \/>\nIl suo background in un mondo fortemente formalizzato ha affinato il suo occhio per l'ordine, l'etichetta e il linguaggio fin dalla pi\u00f9 tenera et\u00e0. Questa impronta non \u00e8 una zavorra, ma uno strumento. Chi conosce le regole ne riconosce anche i punti di rottura. Loriot utilizza proprio questa conoscenza per rendere visibili i cambiamenti pi\u00f9 sottili.<\/li>\n<li><strong>In che modo la crescita nel Terzo Reich ha influenzato il suo atteggiamento?<\/strong><br \/>\nNon attraverso slogan politici, ma attraverso l'esperienza quotidiana. Ha sperimentato l'ordine, il conformismo e il linguaggio standardizzato come un dato di fatto. Da qui ha sviluppato un senso acuto per la meccanica dei sistemi e per l'assurdit\u00e0 che nasce quando le persone pongono le regole al di sopra delle persone.<\/li>\n<li><strong>Perch\u00e9 Loriot \u00e8 privo di qualsiasi forma di accusa o di calcolo?<\/strong><br \/>\nPerch\u00e9 il suo interesse non \u00e8 la questione della colpa, ma le persone. Osserva invece di giudicare. Questo atteggiamento evita la semplificazione e preserva la dignit\u00e0, anche nei personaggi che falliscono. \u00c8 questo che rende la sua opera cos\u00ec umana e duratura.<\/li>\n<li><strong>Che significato ha avuto la guerra per il suo lavoro successivo?<\/strong><br \/>\nLa guerra pose fine alla giovinezza in modo brusco e lo mise di fronte alla disciplina come necessit\u00e0. Questa esperienza non port\u00f2 a un indurimento, ma a uno scetticismo nei confronti della cieca seriet\u00e0. L'ordine rimase importante per lui, ma mai come fine a se stesso. Questa tensione caratterizza tutta la sua opera.<\/li>\n<li><strong>Perch\u00e9 il linguaggio ha un ruolo cos\u00ec centrale nell'opera di Loriot?<\/strong><br \/>\nPerch\u00e9 il linguaggio crea ordine - e lo smaschera. Loriot mostra quanto potere risieda nelle formulazioni, quanto facilmente il linguaggio possa rovesciarsi e quanto rapidamente la cortesia possa diventare un'arma. I suoi dialoghi sono leggermente fuori tema, proprio per questo sono cos\u00ec accurati.<\/li>\n<li><strong>Cosa rende i personaggi di Loriot cos\u00ec credibili?<\/strong><br \/>\nNon si sbilanciano, ma si sforzano. Vogliono fare tutto bene. \u00c8 proprio qui che risiede la loro comicit\u00e0. Ci si riconosce, non come una caricatura, ma come una persona in una situazione scomodamente familiare.<\/li>\n<li><strong>Perch\u00e9 le opere di Loriot invecchiano poco?<\/strong><br \/>\nPerch\u00e9 non sono legati allo zeitgeist o alle mode. Si basa su schemi umani universali: insicurezza, bisogno di ordine, paura di sbagliare. Finch\u00e9 le persone interagiranno tra loro, questi schemi rimarranno.<\/li>\n<li><strong>Come si \u00e8 sviluppata la sua carriera artistica?<\/strong><br \/>\nNiente pause, ma condensazione. Dal disegnatore al testo e al film, alla concentrazione sempre maggiore su tempi, pause e relazioni. Con il tempo non diventa pi\u00f9 forte, ma pi\u00f9 silenzioso, e quindi pi\u00f9 preciso.<\/li>\n<li><strong>Perch\u00e9 le sue pause sono spesso pi\u00f9 importanti delle battute?<\/strong><br \/>\nPerch\u00e9 creano spazio. Spazio per la realizzazione, per il disagio, per il riconoscimento. La pausa costringe lo spettatore a diventare attivo. Non \u00e8 un tempo morto, ma parte del messaggio.<\/li>\n<li><strong>Cosa distingue l'umorismo di Loriot dalla comicit\u00e0 di oggi?<\/strong><br \/>\nRinuncia alla provocazione e alla velocit\u00e0. Preferisce invece la pazienza e la precisione. Mentre la comicit\u00e0 di oggi punta spesso all'effetto, Loriot lavora con l'effetto - a lungo termine, con calma, in modo duraturo.<\/li>\n<li><strong>Che ruolo ha l'autoironia nel suo lavoro?<\/strong><br \/>\nUna centrale. Loriot non si esclude. Il suo mondo non \u00e8 un palcoscenico su cui gli altri falliscono, ma uno spazio in cui tutti i soggetti coinvolti sono parte del problema. Questo impedisce l'arroganza e crea vicinanza.<\/li>\n<li><strong>Perch\u00e9 Loriot sembra quasi un'antitesi del presente?<\/strong><br \/>\nPerch\u00e9 mantiene la moderazione dove oggi domina l'esagerazione. Perch\u00e9 rimane in silenzio dove altri spiegano. E perch\u00e9 dimostra di avere fiducia nel potere di giudizio del suo pubblico, cosa che si sta perdendo sempre di pi\u00f9.<\/li>\n<li><strong>Che cosa significa \u201eforma\u201c nell'opera di Loriot?<\/strong><br \/>\nPer lui la forma non \u00e8 un corsetto, ma una struttura. Consente la distanza, protegge dall'escalation e permette l'umorismo. La sua perdita non porta alla libert\u00e0, ma spesso alla rozzezza. Loriot dimostra quanto possa essere preziosa la forma.<\/li>\n<li><strong>Perch\u00e9 il suo umorismo non \u00e8 mai offensivo?<\/strong><br \/>\nPerch\u00e9 non espone, ma rende visibile. Non espone nessuno, ma rivela i meccanismi. La risata nasce dalla consapevolezza, non dalla superiorit\u00e0.<\/li>\n<li><strong>Che ruolo hanno le sue interviste successive nel quadro generale?<\/strong><br \/>\nSembrano una continuazione del suo lavoro con mezzi diversi. La stessa moderazione, la stessa precisione, la stessa arte dell'omissione. Anche in questo caso, egli parla tra le righe - e spesso in modo molto chiaro.<\/li>\n<li><strong>Cosa rimane di Loriot oltre ai noti schizzi?<\/strong><br \/>\nUn atteggiamento: guardare con attenzione, mantenere il senso delle proporzioni, prendere sul serio il linguaggio e non disprezzare le persone. Forse questa \u00e8 la sua pi\u00f9 grande eredit\u00e0, soprattutto in un'epoca che spesso richiede giudizi rapidi.<\/li>\n<\/ol>\n<hr \/>\n\n\t\t\t<div class=\"display-post-types\">\n\n\t\t\t\t\t\t\t<style type=\"text\/css\">\n\t\t\t#dpt-wrapper-557 { --dpt-text-align: left;--dpt-image-crop: center;--dpt-border-radius: 5px;--dpt-h-gutter: 10px;--dpt-v-gutter: 9px; }\t\t\t<\/style>\n\t\t\t<style type=\"text\/css\">#dpt-wrapper-557 { --dpt-title-font-style:normal;--dpt-title-font-weight:600;--dpt-title-line-height:1.5;--dpt-title-text-decoration:none;--dpt-title-text-transform:none;--dpt-excerpt-font-style:normal;--dpt-excerpt-font-weight:400;--dpt-excerpt-line-height:1.5;--dpt-excerpt-text-decoration:none;--dpt-excerpt-text-transform:none;--dpt-meta1-font-style:normal;--dpt-meta1-font-weight:400;--dpt-meta1-line-height:1.9;--dpt-meta1-text-decoration:none;--dpt-meta1-text-transform:none;--dpt-meta2-font-style:normal;--dpt-meta2-font-weight:400;--dpt-meta2-line-height:1.9;--dpt-meta2-text-decoration:none;--dpt-meta2-text-transform:none; }<\/style><div class=\"dpt-main-header\">\n\t\t\t\t\t\t<div class=\"dpt-main-title\">\n\t\t\t\t\t\t\t<span class=\"dpt-main-title-text\">Articoli attuali sull'intelligenza artificiale<\/span>\n\t\t\t\t\t\t<\/div>\n\t\t\t\t\t\t\n\t\t\t\t\t\t\n\t\t\t\t\t\t\n\t\t\t\t\t\t<\/div>\t\t\t\n\t\t\t\t<div id=\"dpt-wrapper-557\" class=\"dpt-wrapper dpt-mag1 land1 dpt-cropped dpt-flex-wrap\" >\n\n\t\t\t\t\t\t\t\t\t\t\t<div class=\"dpt-entry has-thumbnail\" data-title=\"der iran\u2013israel-konflikt: warum diese eskalation der strategische albtraum des westens ist\" data-id=\"5212\"  data-category=\"allgemein gesellschaft\" data-post_tag=\"denkmodelle energiepolitik europa geopolitik krisen k\u00fcnstliche intelligenz meinungsfreiheit sicherheitspolitik spieltheorie\">\n\t\t\t\t\t\t\t<div class=\"dpt-entry-wrapper\"><div class=\"dpt-featured-content\"><div class=\"dpt-permalink\"><a href=\"https:\/\/www.markus-schall.de\/it\/2026\/03\/il-conflitto-iran-israele-perche-questa-escalation-e-lincubo-strategico-delloccidente\/\" class=\"dpt-permalink\"><span class=\"screen-reader-text\">Il conflitto Iran-Israele: perch\u00e9 questa escalation \u00e8 l'incubo strategico dell'Occidente<\/span><\/a><\/div><div class=\"dpt-thumbnail\"><div class=\"dpt-thumbnail-inner\"><img width=\"1024\" height=\"683\" class=\"attachment-full size-full\" alt=\"Israele-Iran - Incubo strategico\" context=\"dpt\" data-dpt-src=\"https:\/\/www.markus-schall.de\/wp-content\/uploads\/Israel-Iran-Strategischer-Albtraum.jpg\" data-dpt-sizes=\"(max-width: 1024px) 100vw, 1024px\" data-dpt-srcset=\"https:\/\/www.markus-schall.de\/wp-content\/uploads\/Israel-Iran-Strategischer-Albtraum.jpg 1024w, https:\/\/www.markus-schall.de\/wp-content\/uploads\/Israel-Iran-Strategischer-Albtraum-300x200.jpg 300w, https:\/\/www.markus-schall.de\/wp-content\/uploads\/Israel-Iran-Strategischer-Albtraum-768x512.jpg 768w, https:\/\/www.markus-schall.de\/wp-content\/uploads\/Israel-Iran-Strategischer-Albtraum-18x12.jpg 18w\" \/><\/div><span class=\"dpt-thumbnail-aspect-ratio\" style=\"padding-top: 75%\"><\/span><\/div><\/div><div class=\"sub-entry\"><h3 class=\"dpt-title\"><a class=\"dpt-title-link\" href=\"https:\/\/www.markus-schall.de\/it\/2026\/03\/il-conflitto-iran-israele-perche-questa-escalation-e-lincubo-strategico-delloccidente\/\" rel=\"bookmark\">Il conflitto Iran-Israele: perch\u00e9 questa escalation \u00e8 l'incubo strategico dell'Occidente<\/a><\/h3><\/div><\/div>\n\t\t\t\t\t\t<\/div><!-- .dpt-entry -->\n\t\t\t\t\t\t\t\t\t\t\t\t<div class=\"dpt-entry has-thumbnail\" data-title=\"chatgpt-datenexport erkl\u00e4rt: wie deine ki-chats zu einem pers\u00f6nlichen wissenssystem werden\" data-id=\"5259\"  data-category=\"featured ki-systeme tipps &amp; anleitungen\" data-post_tag=\"apple datenbanken datenschutz digitales eigentum k\u00fcnstliche intelligenz llama llm mac mlx ollama sprachmodell\">\n\t\t\t\t\t\t\t<div class=\"dpt-entry-wrapper\"><div class=\"dpt-featured-content\"><div class=\"dpt-permalink\"><a href=\"https:\/\/www.markus-schall.de\/it\/2026\/03\/lesportazione-dei-dati-di-chatgpt-spiega-come-le-vostre-chat-di-ki-diventano-un-sistema-di-conoscenza-personale\/\" class=\"dpt-permalink\"><span class=\"screen-reader-text\">L'esportazione dei dati ChatGPT spiegata: come le vostre chat AI diventano un sistema di conoscenza personale<\/span><\/a><\/div><div class=\"dpt-thumbnail\"><div class=\"dpt-thumbnail-inner\"><img width=\"1024\" height=\"683\" class=\"attachment-full size-full\" alt=\"Esportazione dei dati ChatGPT\" context=\"dpt\" data-dpt-src=\"https:\/\/www.markus-schall.de\/wp-content\/uploads\/ChatGPT-Datenexport.jpg\" data-dpt-sizes=\"(max-width: 1024px) 100vw, 1024px\" data-dpt-srcset=\"https:\/\/www.markus-schall.de\/wp-content\/uploads\/ChatGPT-Datenexport.jpg 1024w, https:\/\/www.markus-schall.de\/wp-content\/uploads\/ChatGPT-Datenexport-300x200.jpg 300w, https:\/\/www.markus-schall.de\/wp-content\/uploads\/ChatGPT-Datenexport-768x512.jpg 768w, https:\/\/www.markus-schall.de\/wp-content\/uploads\/ChatGPT-Datenexport-18x12.jpg 18w\" \/><\/div><span class=\"dpt-thumbnail-aspect-ratio\" style=\"padding-top: 75%\"><\/span><\/div><\/div><div class=\"sub-entry\"><h3 class=\"dpt-title\"><a class=\"dpt-title-link\" href=\"https:\/\/www.markus-schall.de\/it\/2026\/03\/lesportazione-dei-dati-di-chatgpt-spiega-come-le-vostre-chat-di-ki-diventano-un-sistema-di-conoscenza-personale\/\" rel=\"bookmark\">L'esportazione dei dati ChatGPT spiegata: come le vostre chat AI diventano un sistema di conoscenza personale<\/a><\/h3><\/div><\/div>\n\t\t\t\t\t\t<\/div><!-- .dpt-entry -->\n\t\t\t\t\t\t\t\t\t\t\t\t<div class=\"dpt-entry has-thumbnail\" data-title=\"lora-training: wie filemaker 2025 das feintuning gro\u00dfer sprachmodelle vereinfacht\" data-id=\"3220\"  data-category=\"filemaker &amp; erp ki-systeme\" data-post_tag=\"datenbanken filemaker k\u00fcnstliche intelligenz llm mlx sprachmodell\">\n\t\t\t\t\t\t\t<div class=\"dpt-entry-wrapper\"><div class=\"dpt-featured-content\"><div class=\"dpt-permalink\"><a href=\"https:\/\/www.markus-schall.de\/it\/2025\/10\/lora-training-come-filemaker-2025-semplifica-la-messa-a-punto-di-modelli-linguistici-di-grandi-dimensioni\/\" class=\"dpt-permalink\"><span class=\"screen-reader-text\">Formazione LoRA: come FileMaker 2025 semplifica la messa a punto di modelli linguistici di grandi dimensioni<\/span><\/a><\/div><div class=\"dpt-thumbnail\"><div class=\"dpt-thumbnail-inner\"><img width=\"1024\" height=\"683\" class=\"attachment-full size-full\" alt=\"Messa a punto LoRA - FileMaker 2025\" context=\"dpt\" data-dpt-src=\"https:\/\/www.markus-schall.de\/wp-content\/uploads\/lora-finetuning-filemaker.jpg\" data-dpt-sizes=\"(max-width: 1024px) 100vw, 1024px\" data-dpt-srcset=\"https:\/\/www.markus-schall.de\/wp-content\/uploads\/lora-finetuning-filemaker.jpg 1024w, https:\/\/www.markus-schall.de\/wp-content\/uploads\/lora-finetuning-filemaker-300x200.jpg 300w, https:\/\/www.markus-schall.de\/wp-content\/uploads\/lora-finetuning-filemaker-768x512.jpg 768w, https:\/\/www.markus-schall.de\/wp-content\/uploads\/lora-finetuning-filemaker-18x12.jpg 18w\" \/><\/div><span class=\"dpt-thumbnail-aspect-ratio\" style=\"padding-top: 75%\"><\/span><\/div><\/div><div class=\"sub-entry\"><h3 class=\"dpt-title\"><a class=\"dpt-title-link\" href=\"https:\/\/www.markus-schall.de\/it\/2025\/10\/lora-training-come-filemaker-2025-semplifica-la-messa-a-punto-di-modelli-linguistici-di-grandi-dimensioni\/\" rel=\"bookmark\">Formazione LoRA: come FileMaker 2025 semplifica la messa a punto di modelli linguistici di grandi dimensioni<\/a><\/h3><\/div><\/div>\n\t\t\t\t\t\t<\/div><!-- .dpt-entry -->\n\t\t\t\t\t\t\t\t\t\t\t\t<div class=\"dpt-entry has-thumbnail\" data-title=\"vom chatgpt-datenexport zur eigenen wissens-ki: schritt-f\u00fcr-schritt mit ollama und qdrant\" data-id=\"5306\"  data-category=\"apple macos ki-systeme tipps &amp; anleitungen\" data-post_tag=\"datenbanken denkmodelle digitales eigentum docker k\u00fcnstliche intelligenz llama llm mlx ollama prozesse sprachmodell\">\n\t\t\t\t\t\t\t<div class=\"dpt-entry-wrapper\"><div class=\"dpt-featured-content\"><div class=\"dpt-permalink\"><a href=\"https:\/\/www.markus-schall.de\/it\/2026\/03\/dallesportazione-di-dati-chatgpt-alla-propria-conoscenza-ki-passo-dopo-passo-con-ollama-e-qdrant\/\" class=\"dpt-permalink\"><span class=\"screen-reader-text\">Dall'esportazione dei dati ChatGPT alla propria conoscenza AI: passo dopo passo con Ollama e Qdrant<\/span><\/a><\/div><div class=\"dpt-thumbnail\"><div class=\"dpt-thumbnail-inner\"><img width=\"1024\" height=\"683\" class=\"attachment-full size-full\" alt=\"Il percorso verso la propria memoria AI\" context=\"dpt\" data-dpt-src=\"https:\/\/www.markus-schall.de\/wp-content\/uploads\/ChatGPT-Datenexport-Computerhirn.jpg\" data-dpt-sizes=\"(max-width: 1024px) 100vw, 1024px\" data-dpt-srcset=\"https:\/\/www.markus-schall.de\/wp-content\/uploads\/ChatGPT-Datenexport-Computerhirn.jpg 1024w, https:\/\/www.markus-schall.de\/wp-content\/uploads\/ChatGPT-Datenexport-Computerhirn-300x200.jpg 300w, https:\/\/www.markus-schall.de\/wp-content\/uploads\/ChatGPT-Datenexport-Computerhirn-768x512.jpg 768w, https:\/\/www.markus-schall.de\/wp-content\/uploads\/ChatGPT-Datenexport-Computerhirn-18x12.jpg 18w\" \/><\/div><span class=\"dpt-thumbnail-aspect-ratio\" style=\"padding-top: 75%\"><\/span><\/div><\/div><div class=\"sub-entry\"><h3 class=\"dpt-title\"><a class=\"dpt-title-link\" href=\"https:\/\/www.markus-schall.de\/it\/2026\/03\/dallesportazione-di-dati-chatgpt-alla-propria-conoscenza-ki-passo-dopo-passo-con-ollama-e-qdrant\/\" rel=\"bookmark\">Dall'esportazione dei dati ChatGPT alla propria conoscenza AI: passo dopo passo con Ollama e Qdrant<\/a><\/h3><\/div><\/div>\n\t\t\t\t\t\t<\/div><!-- .dpt-entry -->\n\t\t\t\t\t\t\n\t\t\t\t<\/div>\n\t\t\t\t\t\t<\/div>\n\t\t\t\n<hr \/>","protected":false},"excerpt":{"rendered":"<p>Ci sono artisti che mettono su carta la loro opinione come un francobollo: visibile, inconfondibile, a volte anche un po' dozzinale. E poi c'\u00e8 Vicco von B\u00fclow - Loriot - che incarna il contrario: Il portamento senza spacconate. Poteva essere molto chiaro quando voleva esserlo. Ma non lo faceva con un dito puntato, bens\u00ec con un... <a title=\"Dall&#039;esportazione dei dati ChatGPT alla propria conoscenza AI: passo dopo passo con Ollama e Qdrant\" class=\"read-more\" href=\"https:\/\/www.markus-schall.de\/it\/2026\/03\/dallesportazione-di-dati-chatgpt-alla-propria-conoscenza-ki-passo-dopo-passo-con-ollama-e-qdrant\/\" aria-label=\"Per saperne di pi\u00f9 su Dall&#039;esportazione dei dati ChatGPT alla propria conoscenza AI: passo dopo passo con Ollama e Qdrant\">Leggi tutto<\/a><\/p>","protected":false},"author":1,"featured_media":4172,"comment_status":"open","ping_status":"open","sticky":false,"template":"","format":"standard","meta":{"iawp_total_views":163,"footnotes":""},"categories":[1,466,472,235],"tags":[480,458,429,477],"class_list":["post-4169","post","type-post","status-publish","format-standard","has-post-thumbnail","hentry","category-allgemein","category-gesellschaft","category-kunst-kultur","category-stories-humor","tag-deutschland","tag-erfahrungen","tag-persoenlichkeitsentwicklung","tag-portrait"],"_links":{"self":[{"href":"https:\/\/www.markus-schall.de\/it\/wp-json\/wp\/v2\/posts\/4169","targetHints":{"allow":["GET"]}}],"collection":[{"href":"https:\/\/www.markus-schall.de\/it\/wp-json\/wp\/v2\/posts"}],"about":[{"href":"https:\/\/www.markus-schall.de\/it\/wp-json\/wp\/v2\/types\/post"}],"author":[{"embeddable":true,"href":"https:\/\/www.markus-schall.de\/it\/wp-json\/wp\/v2\/users\/1"}],"replies":[{"embeddable":true,"href":"https:\/\/www.markus-schall.de\/it\/wp-json\/wp\/v2\/comments?post=4169"}],"version-history":[{"count":9,"href":"https:\/\/www.markus-schall.de\/it\/wp-json\/wp\/v2\/posts\/4169\/revisions"}],"predecessor-version":[{"id":5420,"href":"https:\/\/www.markus-schall.de\/it\/wp-json\/wp\/v2\/posts\/4169\/revisions\/5420"}],"wp:featuredmedia":[{"embeddable":true,"href":"https:\/\/www.markus-schall.de\/it\/wp-json\/wp\/v2\/media\/4172"}],"wp:attachment":[{"href":"https:\/\/www.markus-schall.de\/it\/wp-json\/wp\/v2\/media?parent=4169"}],"wp:term":[{"taxonomy":"category","embeddable":true,"href":"https:\/\/www.markus-schall.de\/it\/wp-json\/wp\/v2\/categories?post=4169"},{"taxonomy":"post_tag","embeddable":true,"href":"https:\/\/www.markus-schall.de\/it\/wp-json\/wp\/v2\/tags?post=4169"}],"curies":[{"name":"wp","href":"https:\/\/api.w.org\/{rel}","templated":true}]}}