{"id":4462,"date":"2026-01-20T06:10:09","date_gmt":"2026-01-20T06:10:09","guid":{"rendered":"https:\/\/www.markus-schall.de\/?p=4462"},"modified":"2026-04-24T05:27:45","modified_gmt":"2026-04-24T05:27:45","slug":"capire-la-vita-quotidiana-delliran-proteste-e-interessi-oltre-i-titoli-dei-giornali","status":"publish","type":"post","link":"https:\/\/www.markus-schall.de\/it\/2026\/01\/capire-la-vita-quotidiana-delliran-proteste-e-interessi-oltre-i-titoli-dei-giornali\/","title":{"rendered":"Capire l'Iran: Vita quotidiana, proteste e interessi oltre i titoli dei giornali"},"content":{"rendered":"<p>Quasi nessun altro Paese evoca immagini cos\u00ec fisse come l'Iran. Anche prima che venga menzionato un singolo dettaglio, le associazioni sono gi\u00e0 presenti: mullah, oppressione, proteste, fanatismo religioso, uno Stato in conflitto permanente con la sua stessa popolazione. Queste immagini sono cos\u00ec familiari che difficilmente vengono messe in discussione. Sembrano evidenti, quasi una conoscenza comune.<\/p>\n<p>E qui sta il problema. Perch\u00e9 questa \u201econoscenza\u201c raramente viene dall'esperienza personale. Viene dai titoli dei giornali, dai commenti, dalle storie che si ripetono da anni. L'Iran \u00e8 uno di quei Paesi su cui molte persone hanno opinioni molto chiare - anche se non ci sono mai state, non parlano la lingua, non conoscono la vita quotidiana. Il quadro \u00e8 completo, coeso, apparentemente privo di contraddizioni. Ed \u00e8 proprio per questo che \u00e8 cos\u00ec convincente. Ma cosa succede quando un'immagine diventa troppo omogenea?<!--more--><\/p>\n<hr \/>\n\n\t\t\t<div class=\"display-post-types\">\n\n\t\t\t\t\t\t\t<style type=\"text\/css\">\n\t\t\t#dpt-wrapper-625 { --dpt-text-align: left;--dpt-image-crop: center;--dpt-border-radius: 5px;--dpt-h-gutter: 10px;--dpt-v-gutter: 9px; }\t\t\t<\/style>\n\t\t\t<style type=\"text\/css\">#dpt-wrapper-625 { --dpt-title-font-style:normal;--dpt-title-font-weight:600;--dpt-title-line-height:1.5;--dpt-title-text-decoration:none;--dpt-title-text-transform:none;--dpt-excerpt-font-style:normal;--dpt-excerpt-font-weight:400;--dpt-excerpt-line-height:1.5;--dpt-excerpt-text-decoration:none;--dpt-excerpt-text-transform:none;--dpt-meta1-font-style:normal;--dpt-meta1-font-weight:400;--dpt-meta1-line-height:1.9;--dpt-meta1-text-decoration:none;--dpt-meta1-text-transform:none;--dpt-meta2-font-style:normal;--dpt-meta2-font-weight:400;--dpt-meta2-line-height:1.9;--dpt-meta2-text-decoration:none;--dpt-meta2-text-transform:none; }<\/style><div class=\"dpt-main-header\">\n\t\t\t\t\t\t<div class=\"dpt-main-title\">\n\t\t\t\t\t\t\t<span class=\"dpt-main-title-text\">Problemi sociali del presente<\/span>\n\t\t\t\t\t\t<\/div>\n\t\t\t\t\t\t\n\t\t\t\t\t\t\n\t\t\t\t\t\t\n\t\t\t\t\t\t<\/div>\t\t\t\n\t\t\t\t<div id=\"dpt-wrapper-625\" class=\"dpt-wrapper dpt-mag1 land1 dpt-cropped dpt-flex-wrap\" >\n\n\t\t\t\t\t\t\t\t\t\t\t<div class=\"dpt-entry has-thumbnail\" data-title=\"vom ende der wehrpflicht bis zu schulstreiks: die neue debatte \u00fcber bundeswehr und bildung\" data-id=\"5147\"  data-category=\"allgemein gesellschaft\" data-post_tag=\"deutschland europa geopolitik krisen meinungsfreiheit sicherheitspolitik\">\n\t\t\t\t\t\t\t<div class=\"dpt-entry-wrapper\"><div class=\"dpt-featured-content\"><div class=\"dpt-permalink\"><a href=\"https:\/\/www.markus-schall.de\/it\/2026\/03\/dalla-fine-del-servizio-militare-obbligatorio-agli-scioperi-scolastici-il-nuovo-dibattito-sulle-forze-armate-tedesche-e-listruzione\/\" class=\"dpt-permalink\"><span class=\"screen-reader-text\">Dalla fine del servizio militare obbligatorio agli scioperi scolastici: il nuovo dibattito su Bundeswehr e istruzione<\/span><\/a><\/div><div class=\"dpt-thumbnail\"><div class=\"dpt-thumbnail-inner\"><img width=\"1024\" height=\"683\" class=\"attachment-full size-full\" alt=\"Scioperi scolastici sul servizio militare obbligatorio e la Bundeswehr nelle scuole\" context=\"dpt\" data-dpt-src=\"https:\/\/www.markus-schall.de\/wp-content\/uploads\/Wehrpflicht-Schulstreiks.jpg\" data-dpt-sizes=\"(max-width: 1024px) 100vw, 1024px\" data-dpt-srcset=\"https:\/\/www.markus-schall.de\/wp-content\/uploads\/Wehrpflicht-Schulstreiks.jpg 1024w, https:\/\/www.markus-schall.de\/wp-content\/uploads\/Wehrpflicht-Schulstreiks-300x200.jpg 300w, https:\/\/www.markus-schall.de\/wp-content\/uploads\/Wehrpflicht-Schulstreiks-768x512.jpg 768w, https:\/\/www.markus-schall.de\/wp-content\/uploads\/Wehrpflicht-Schulstreiks-18x12.jpg 18w\" \/><\/div><span class=\"dpt-thumbnail-aspect-ratio\" style=\"padding-top: 75%\"><\/span><\/div><\/div><div class=\"sub-entry\"><h3 class=\"dpt-title\"><a class=\"dpt-title-link\" href=\"https:\/\/www.markus-schall.de\/it\/2026\/03\/dalla-fine-del-servizio-militare-obbligatorio-agli-scioperi-scolastici-il-nuovo-dibattito-sulle-forze-armate-tedesche-e-listruzione\/\" rel=\"bookmark\">Dalla fine del servizio militare obbligatorio agli scioperi scolastici: il nuovo dibattito su Bundeswehr e istruzione<\/a><\/h3><\/div><\/div>\n\t\t\t\t\t\t<\/div><!-- .dpt-entry -->\n\t\t\t\t\t\t\t\t\t\t\t\t<div class=\"dpt-entry has-thumbnail\" data-title=\"elektroauto, hybrid und e-roller: eine realistische betrachtung jenseits der ideologie\" data-id=\"4255\"  data-category=\"allgemein gesellschaft tipps &amp; anleitungen\" data-post_tag=\"energiepolitik erfahrungen prozesse ratgeber\">\n\t\t\t\t\t\t\t<div class=\"dpt-entry-wrapper\"><div class=\"dpt-featured-content\"><div class=\"dpt-permalink\"><a href=\"https:\/\/www.markus-schall.de\/it\/2026\/01\/auto-elettrica-ibrida-e-scooter-elettrico-una-visione-realistica-al-di-la-dellideologia\/\" class=\"dpt-permalink\"><span class=\"screen-reader-text\">Auto elettrica, ibrida ed e-scooter: una visione realistica al di l\u00e0 dell'ideologia<\/span><\/a><\/div><div class=\"dpt-thumbnail\"><div class=\"dpt-thumbnail-inner\"><img width=\"1024\" height=\"683\" class=\"attachment-full size-full\" alt=\"Elettromobilit\u00e0 - e-scooter\/scooter, ibrido, auto elettrica\" context=\"dpt\" data-dpt-src=\"https:\/\/www.markus-schall.de\/wp-content\/uploads\/Elektromobilitaet-Titel.jpg\" data-dpt-sizes=\"(max-width: 1024px) 100vw, 1024px\" data-dpt-srcset=\"https:\/\/www.markus-schall.de\/wp-content\/uploads\/Elektromobilitaet-Titel.jpg 1024w, https:\/\/www.markus-schall.de\/wp-content\/uploads\/Elektromobilitaet-Titel-300x200.jpg 300w, https:\/\/www.markus-schall.de\/wp-content\/uploads\/Elektromobilitaet-Titel-768x512.jpg 768w, https:\/\/www.markus-schall.de\/wp-content\/uploads\/Elektromobilitaet-Titel-18x12.jpg 18w\" \/><\/div><span class=\"dpt-thumbnail-aspect-ratio\" style=\"padding-top: 75%\"><\/span><\/div><\/div><div class=\"sub-entry\"><h3 class=\"dpt-title\"><a class=\"dpt-title-link\" href=\"https:\/\/www.markus-schall.de\/it\/2026\/01\/auto-elettrica-ibrida-e-scooter-elettrico-una-visione-realistica-al-di-la-dellideologia\/\" rel=\"bookmark\">Auto elettrica, ibrida ed e-scooter: una visione realistica al di l\u00e0 dell'ideologia<\/a><\/h3><\/div><\/div>\n\t\t\t\t\t\t<\/div><!-- .dpt-entry -->\n\t\t\t\t\t\t\t\t\t\t\t\t<div class=\"dpt-entry has-thumbnail\" data-title=\"nord stream sprengung: sabotage, machtpolitik und die unbequemen offenen fragen\" data-id=\"4441\"  data-category=\"allgemein gesellschaft\" data-post_tag=\"deutschland energiepolitik europa geopolitik krisen meinungsfreiheit sicherheitspolitik spieltheorie\">\n\t\t\t\t\t\t\t<div class=\"dpt-entry-wrapper\"><div class=\"dpt-featured-content\"><div class=\"dpt-permalink\"><a href=\"https:\/\/www.markus-schall.de\/it\/2026\/01\/sabotaggio-del-flusso-settentrionale-politica-del-potere-e-le-scomode-domande-aperte\/\" class=\"dpt-permalink\"><span class=\"screen-reader-text\">Demolizione del Nord Stream: sabotaggio, politica di potere e le scomode domande senza risposta<\/span><\/a><\/div><div class=\"dpt-thumbnail\"><div class=\"dpt-thumbnail-inner\"><img width=\"1024\" height=\"683\" class=\"attachment-full size-full\" alt=\"Esplosione di Nord Stream\" context=\"dpt\" data-dpt-src=\"https:\/\/www.markus-schall.de\/wp-content\/uploads\/nordstream-sprengung.jpg\" data-dpt-sizes=\"(max-width: 1024px) 100vw, 1024px\" data-dpt-srcset=\"https:\/\/www.markus-schall.de\/wp-content\/uploads\/nordstream-sprengung.jpg 1024w, https:\/\/www.markus-schall.de\/wp-content\/uploads\/nordstream-sprengung-300x200.jpg 300w, https:\/\/www.markus-schall.de\/wp-content\/uploads\/nordstream-sprengung-768x512.jpg 768w, https:\/\/www.markus-schall.de\/wp-content\/uploads\/nordstream-sprengung-18x12.jpg 18w\" \/><\/div><span class=\"dpt-thumbnail-aspect-ratio\" style=\"padding-top: 75%\"><\/span><\/div><\/div><div class=\"sub-entry\"><h3 class=\"dpt-title\"><a class=\"dpt-title-link\" href=\"https:\/\/www.markus-schall.de\/it\/2026\/01\/sabotaggio-del-flusso-settentrionale-politica-del-potere-e-le-scomode-domande-aperte\/\" rel=\"bookmark\">Demolizione del Nord Stream: sabotaggio, politica di potere e le scomode domande senza risposta<\/a><\/h3><\/div><\/div>\n\t\t\t\t\t\t<\/div><!-- .dpt-entry -->\n\t\t\t\t\t\t\t\t\t\t\t\t<div class=\"dpt-entry has-thumbnail\" data-title=\"dieter hallervorden \u2013 mehr als didi: portr\u00e4t eines unbequemen freigeists\" data-id=\"4347\"  data-category=\"gesellschaft kunst &amp; kultur stories &amp; humor\" data-post_tag=\"erfahrungen meinungsfreiheit musik portrait\">\n\t\t\t\t\t\t\t<div class=\"dpt-entry-wrapper\"><div class=\"dpt-featured-content\"><div class=\"dpt-permalink\"><a href=\"https:\/\/www.markus-schall.de\/it\/2026\/01\/dieter-hallervorden-piu-di-didi-ritratto-di-uno-spirito-libero-a-disagio\/\" class=\"dpt-permalink\"><span class=\"screen-reader-text\">Dieter Hallervorden - Pi\u00f9 che Didi: ritratto di uno spirito libero a disagio<\/span><\/a><\/div><div class=\"dpt-thumbnail\"><div class=\"dpt-thumbnail-inner\"><img width=\"1024\" height=\"683\" class=\"attachment-full size-full\" alt=\"Dieter Hallervorden e la W\u00fchlm\u00e4use di Berlino\" context=\"dpt\" data-dpt-src=\"https:\/\/www.markus-schall.de\/wp-content\/uploads\/Dieter-Hallvervorden-Wuehlmaeuse.jpg\" data-dpt-sizes=\"(max-width: 1024px) 100vw, 1024px\" data-dpt-srcset=\"https:\/\/www.markus-schall.de\/wp-content\/uploads\/Dieter-Hallvervorden-Wuehlmaeuse.jpg 1024w, https:\/\/www.markus-schall.de\/wp-content\/uploads\/Dieter-Hallvervorden-Wuehlmaeuse-300x200.jpg 300w, https:\/\/www.markus-schall.de\/wp-content\/uploads\/Dieter-Hallvervorden-Wuehlmaeuse-768x512.jpg 768w, https:\/\/www.markus-schall.de\/wp-content\/uploads\/Dieter-Hallvervorden-Wuehlmaeuse-18x12.jpg 18w\" \/><\/div><span class=\"dpt-thumbnail-aspect-ratio\" style=\"padding-top: 75%\"><\/span><\/div><\/div><div class=\"sub-entry\"><h3 class=\"dpt-title\"><a class=\"dpt-title-link\" href=\"https:\/\/www.markus-schall.de\/it\/2026\/01\/dieter-hallervorden-piu-di-didi-ritratto-di-uno-spirito-libero-a-disagio\/\" rel=\"bookmark\">Dieter Hallervorden - Pi\u00f9 che Didi: ritratto di uno spirito libero a disagio<\/a><\/h3><\/div><\/div>\n\t\t\t\t\t\t<\/div><!-- .dpt-entry -->\n\t\t\t\t\t\t\n\t\t\t\t<\/div>\n\t\t\t\t\t\t<\/div>\n\t\t\t\n<hr \/>\n<h2>Ultime notizie sull'Iran<\/h2>\n<p><strong>24.04.2026<\/strong>La visita a Berlino di Reza Pahlavi, figlio dell'ultimo sci\u00e0 iraniano, getta luce sulla complessa situazione dell'opposizione iraniana in esilio. In un <a href=\"https:\/\/www.cicero.de\/aussenpolitik\/schah-sohn-reza-pahlavi-in-berlin-auf-grosser-mission\" target=\"_blank\" rel=\"noopener\"><strong>articolo attuale su Cicerone<\/strong><\/a> \u00e8 dipinto come un potenziale faro di speranza per il cambiamento politico che sta cercando di attirare l'attenzione internazionale sulla situazione in Iran. Allo stesso tempo, per\u00f2, non \u00e8 chiaro quanto sostegno abbia effettivamente tra la popolazione iraniana. Pahlavi si \u00e8 chiaramente posizionato contro il regime esistente e sta facendo campagna per un futuro dell'Iran al di l\u00e0 delle strutture religiose di governo. Di seguito riportiamo la conferenza stampa federale completa, che inizia al minuto 1:50 del video.<\/p>\n<div class=\"lyte-wrapper\" style=\"width:640px;max-width:100%;margin:5px;\"><div class=\"lyMe\" id=\"WYL_4WA6FaXZTOE\"><div id=\"lyte_4WA6FaXZTOE\" data-src=\"https:\/\/www.markus-schall.de\/wp-content\/plugins\/wp-youtube-lyte\/lyteCache.php?origThumbUrl=%2F%2Fi.ytimg.com%2Fvi%2F4WA6FaXZTOE%2Fhqdefault.jpg\" class=\"pL\"><div class=\"tC\"><div class=\"tT\"><\/div><\/div><div class=\"play\"><\/div><div class=\"ctrl\"><div class=\"Lctrl\"><\/div><div class=\"Rctrl\"><\/div><\/div><\/div><noscript><a href=\"https:\/\/youtu.be\/4WA6FaXZTOE\" rel=\"nofollow noopener\" target=\"_blank\"><img loading=\"lazy\" decoding=\"async\" src=\"https:\/\/www.markus-schall.de\/wp-content\/plugins\/wp-youtube-lyte\/lyteCache.php?origThumbUrl=https%3A%2F%2Fi.ytimg.com%2Fvi%2F4WA6FaXZTOE%2F0.jpg\" alt=\"Miniatura del video di YouTube\" width=\"640\" height=\"340\" \/><br \/>Guarda questo video su YouTube<\/a><\/noscript><\/div><\/div><div class=\"lL\" style=\"max-width:100%;width:640px;margin:5px;\"><\/div><br \/>\nReza Pahlavi, figlio dell'ultimo Sci\u00e0 dell'Iran | BPK 23 aprile 2026 | <a href=\"https:\/\/www.youtube.com\/@tilojung\" target=\"_blank\" rel=\"nofollow noopener\">Giovane e ingenuo<\/a><\/p>\n<p>Tuttavia, il suo ruolo \u00e8 controverso: Mentre alcuni lo considerano un simbolo di stabilit\u00e0 e continuit\u00e0, altri lo vedono con scetticismo, in parte a causa del peso storico della monarchia. Mentre si recava a Berlino, \u00e8 stato <a href=\"https:\/\/www.spiegel.de\/politik\/deutschland\/iran-schah-sohn-reza-pahlavi-in-berlin-mit-roter-sosse-beworfen-a-932ed900-f2fc-4aa3-a4ba-693b51686eaa\" target=\"_blank\" rel=\"noopener\"><strong>Vittima di un attacco con salsa rossa<\/strong><\/a>. La sua apparizione a Berlino dimostra soprattutto una cosa: l'opposizione iraniana \u00e8 stratificata, non \u00e8 organizzata in modo uniforme e continua a lottare per una prospettiva politica comune.<\/p>\n<p><strong><a href=\"https:\/\/www.markus-schall.de\/it\/2026\/03\/il-conflitto-iran-israele-perche-questa-escalation-e-lincubo-strategico-delloccidente\/\"><img loading=\"lazy\" decoding=\"async\" class=\"alignright size-medium wp-image-5217\" src=\"https:\/\/www.markus-schall.de\/wp-content\/uploads\/Israel-Iran-Strategischer-Albtraum-300x200.jpg\" alt=\"Israele-Iran - Incubo strategico\" width=\"300\" height=\"200\" srcset=\"https:\/\/www.markus-schall.de\/wp-content\/uploads\/Israel-Iran-Strategischer-Albtraum-300x200.jpg 300w, https:\/\/www.markus-schall.de\/wp-content\/uploads\/Israel-Iran-Strategischer-Albtraum-768x512.jpg 768w, https:\/\/www.markus-schall.de\/wp-content\/uploads\/Israel-Iran-Strategischer-Albtraum-18x12.jpg 18w, https:\/\/www.markus-schall.de\/wp-content\/uploads\/Israel-Iran-Strategischer-Albtraum.jpg 1024w\" sizes=\"auto, (max-width: 300px) 100vw, 300px\" \/><\/a>12.03.2026<\/strong>Dallo scoppio dell'escalation militare tra Israele, Stati Uniti e Iran, la situazione in Medio Oriente si \u00e8 notevolmente aggravata. Gran parte delle notizie attuali riguardano sviluppi militari, attacchi missilistici, tensioni diplomatiche e questioni strategiche di sicurezza internazionale. Ho pubblicato un articolo di fondo separato per riassumere questi eventi: <a href=\"https:\/\/www.markus-schall.de\/it\/2026\/03\/il-conflitto-iran-israele-perche-questa-escalation-e-lincubo-strategico-delloccidente\/\"><em><strong>\u201eIl conflitto Iran-Israele: perch\u00e9 questa escalation \u00e8 l'incubo strategico dell'Occidente\u201c<\/strong><\/em><\/a>. In questo nuovo articolo, raccolgo e analizzo costantemente le ultime notizie e gli sviluppi del conflitto. Questo articolo sull'Iran, invece, continuer\u00e0 a concentrarsi sul contesto sociale del Paese, ovvero sulla vita quotidiana, sui movimenti di protesta e sulle dinamiche politiche all'interno dell'Iran.<\/p>\n<p><strong>26.02.2026<\/strong>La situazione in Medio Oriente si sta aggravando drammaticamente. Gli Stati Uniti stanno dispiegando altre navi da guerra, aerei e soldati nella regione, mentre l'Iran ripara le sue fabbriche di missili, rafforza le sue difese aeree e continua a reprimere duramente le proteste. Allo stesso tempo, a Ginevra si cerca una soluzione diplomatica definitiva: Un \u201eaccordo nucleare 2.0\u201c intende limitare ancora una volta il programma nucleare iraniano e alleggerire le sanzioni in cambio. Tuttavia, l'ultimatum fissato da Donald Trump scade tra pochi giorni - e Washington sta segnalando che l'intervento militare \u00e8 in programma se non si raggiunge un accordo. Allo stesso tempo, Russia e Cina stanno dimostrando il loro sostegno politico con esercitazioni navali congiunte al largo delle coste iraniane. Diversi Paesi stanno avvertendo esplicitamente i propri cittadini di non recarsi in Iran, segno della crescente minaccia di guerra.<\/p>\n<div class=\"lyte-wrapper\" style=\"width:640px;max-width:100%;margin:5px;\"><div class=\"lyMe\" id=\"WYL_6S8p9dVlo2Q\"><div id=\"lyte_6S8p9dVlo2Q\" data-src=\"https:\/\/www.markus-schall.de\/wp-content\/plugins\/wp-youtube-lyte\/lyteCache.php?origThumbUrl=%2F%2Fi.ytimg.com%2Fvi%2F6S8p9dVlo2Q%2Fhqdefault.jpg\" class=\"pL\"><div class=\"tC\"><div class=\"tT\"><\/div><\/div><div class=\"play\"><\/div><div class=\"ctrl\"><div class=\"Lctrl\"><\/div><div class=\"Rctrl\"><\/div><\/div><\/div><noscript><a href=\"https:\/\/youtu.be\/6S8p9dVlo2Q\" rel=\"nofollow noopener\" target=\"_blank\"><img loading=\"lazy\" decoding=\"async\" src=\"https:\/\/www.markus-schall.de\/wp-content\/plugins\/wp-youtube-lyte\/lyteCache.php?origThumbUrl=https%3A%2F%2Fi.ytimg.com%2Fvi%2F6S8p9dVlo2Q%2F0.jpg\" alt=\"Miniatura del video di YouTube\" width=\"640\" height=\"340\" \/><br \/>Guarda questo video su YouTube<\/a><\/noscript><\/div><\/div><div class=\"lL\" style=\"max-width:100%;width:640px;margin:5px;\"><\/div><br \/>\nGuerra con gli USA? Ecco come si sta preparando l'Iran <a href=\"https:\/\/www.youtube.com\/@zeit\" target=\"_blank\" rel=\"nofollow noopener\">IL TEMPO<\/a><\/p>\n<p><strong>18.02.2026<\/strong>Dopo un secondo round di colloqui indiretti tra gli Stati Uniti e l'Iran sul suo programma nucleare, i media statunitensi riferiscono che i negoziati sono a un punto morto e che un attacco americano sta diventando sempre pi\u00f9 probabile. Il <a href=\"https:\/\/www.fr.de\/politik\/angriff-auf-iran-militaerische-aktion-scheint-naeher-zu-ruecken-trump-usa-zr-94176516.html\" target=\"_blank\" rel=\"noopener\"><strong>Frankfurter Rundschau<\/strong><\/a> Secondo alcuni insider, i vertici militari statunitensi si starebbero preparando a un'operazione su larga scala che potrebbe durare diverse settimane e che sarebbe molto diversa dalle precedenti operazioni limitate. Secondo il rapporto, potrebbe essere coinvolto anche Israele. I rappresentanti iraniani continuano a sottolineare la volont\u00e0 di parlare del programma nucleare, ma non sono ancora stati raggiunti accordi concreti, mentre le opzioni diplomatiche sembrano ridursi.<\/p>\n<p><strong>12.02.2026<\/strong>: Dopo un incontro con il Primo Ministro israeliano Benjamin Netanyahu, il Presidente degli Stati Uniti Donald Trump ha ribadito che i negoziati con l'Iran su un possibile accordo nucleare continueranno. <a href=\"https:\/\/www.sueddeutsche.de\/politik\/nahost-trump-zu-netanjahu-bestehe-auf-verhandlungen-mit-dem-iran-dpa.urn-newsml-dpa-com-20090101-260212-930-675496\" target=\"_blank\" rel=\"nofollow noopener\"><strong>L'accordo nucleare continua<\/strong><\/a> dovrebbe essere fatto. Trump ha scritto sulla sua piattaforma di aver \u201einsistito\u201c per scoprire se un accordo fosse possibile e ha sottolineato di preferire i negoziati all'azione militare. Netanyahu ha ripetutamente chiesto che i colloqui non si limitino al programma nucleare, ma includano anche i missili balistici iraniani e il sostegno a milizie come Hamas e Hezbollah.<\/p>\n<p><strong>05.02.2026<\/strong>Come il <a href=\"https:\/\/www.handelsblatt.com\/politik\/international\/nahost-iran-kuendigt-verhandlungen-mit-usa-fuer-freitag-im-oman-an\/100136895.html\" target=\"_blank\" rel=\"noopener\"><strong>L'Handelsblatt riporta<\/strong><\/a>, Una nuova iniziativa diplomatica sta emergendo nella disputa sul nucleare tra Stati Uniti e Iran. Teheran ha annunciato l'intenzione di tenere colloqui con gli Stati Uniti in Oman venerd\u00ec, con la capitale omanita Muscat considerata una possibile sede. Secondo fonti iraniane, i colloqui sul nucleare dovrebbero iniziare intorno alle 10 del mattino ora locale, mentre Washington ha segnalato la sua disponibilit\u00e0 a tenere i colloqui, ma ha lasciato per il momento aperta la conferma definitiva. I negoziati si svolgono in un contesto di crescenti tensioni, dato che il Presidente degli Stati Uniti Donald Trump ha recentemente esercitato pressioni militari sull'Iran e allo stesso tempo ha espresso la speranza di una soluzione diplomatica. Gli osservatori vedono ancora una volta l'Oman come mediatore neutrale tra i due Stati. Handelsblatt segue gli sviluppi sulla pagina collegata con un live ticker continuo che documenta cronologicamente gli eventi, le reazioni e i passi diplomatici.<\/p>\n<p><strong>29.01.2026<\/strong>L'Unione europea ha <a href=\"https:\/\/www.tagesschau.de\/ausland\/asien\/iran-eu-sanktionen-102.html\" target=\"_blank\" rel=\"noopener\"><strong>Nuove sanzioni contro l'Iran<\/strong><\/a> e, tra le altre cose, ha classificato ufficialmente il Corpo paramilitare delle Guardie rivoluzionarie islamiche (IRGC) come organizzazione terroristica. L'UE si unisce cos\u00ec a una serie di Stati occidentali che hanno criticato il ruolo delle Guardie rivoluzionarie per il loro coinvolgimento nella brutale repressione delle proteste e nelle violazioni dei diritti umani. Allo stesso tempo, altri funzionari e organizzazioni iraniani sono stati sottoposti a misure punitive, tra cui il divieto di ingresso e il congelamento dei beni. La decisione \u00e8 stata presa dopo una serie di discussioni interne a Bruxelles e segna una posizione politica pi\u00f9 dura nei confronti di Teheran. L'Iran ha descritto la mossa come provocatoria e ha annunciato possibili contromisure, come la classificazione delle forze armate europee come \u201eterroristi\u201c. Le sanzioni fanno parte di una serie di misure di pressione internazionali nel contesto della crisi politica in corso in Iran. Friedrich Merz ha dichiarato di aspettarsi che l'attuale regime giunga presto al termine, e che quindi l'Iran possa <a href=\"https:\/\/www.spiegel.de\/ausland\/iran-teheran-bestellt-deutschen-botschafter-ein-wegen-aeusserungen-von-friedrich-merz-a-7211375d-5529-4419-b18d-e81d89d54fbc\" target=\"_blank\" rel=\"noopener\"><strong>Convocato l'ambasciatore tedesco<\/strong><\/a> ha.<\/p>\n<p><strong>29.01.2026<\/strong>Il Presidente degli Stati Uniti Donald Trump, secondo un <a href=\"https:\/\/www.handelsblatt.com\/dpa\/iran-konflikt-trump-droht-dem-iran-im-atomstreit-mit-militaerschlag\/100195587.html\" target=\"_blank\" rel=\"noopener\"><strong>Rapporto nell'Handelsblatt<\/strong><\/a> ha nuovamente innalzato in modo significativo la sua retorica nella disputa con l'Iran e non ha escluso conseguenze militari. Trump ha chiesto a Teheran di venire rapidamente al tavolo dei negoziati e di rinunciare a qualsiasi capacit\u00e0 di sviluppare armi nucleari, pena la minaccia di un attacco militare pi\u00f9 duro rispetto ai precedenti attacchi alle strutture nucleari iraniane.<\/p>\n<p>Secondo l'agenzia di stampa dpa, Trump ha anche sottolineato che un\u201e\u201carmata\" di navi da guerra, guidata dalla portaerei statunitense USS Abraham Lincoln, si sta recando nella regione per esercitare pressione. La leadership iraniana ha respinto le richieste di Trump e ha sottolineato che il programma nucleare \u00e8 principalmente per scopi civili. Le tensioni sulle questioni nucleari e di sicurezza rimangono alte.<\/p>\n<hr \/>\n<h2>Il paese che pensiamo di conoscere<\/h2>\n<p>I media lavorano con la condensazione. Realt\u00e0 complesse vengono compresse in testi, immagini e concetti brevi. Non si tratta di una critica, ma di una necessit\u00e0. Ma quando gli stessi termini vengono ripetuti pi\u00f9 volte nel corso degli anni, si crea qualcosa di diverso dall'informazione: una narrazione.<\/p>\n<p>Nel caso dell'Iran, questi termini sono ben noti. \u201eRegime\u201c invece di governo. \u201eHardliner\u201c invece di politici. \u201eOppressione\u201c come foglio di base permanente. Naturalmente ci sono ragioni per questa scelta di parole. Ma il linguaggio guida la percezione. Chi riferisce costantemente in categorie morali lascia poco spazio alle sfumature.<\/p>\n<p>Uno sguardo ai principali media occidentali, come Der Spiegel, mostra come questa immagine sia stata riprodotta in modo coerente nel corso degli anni. Cambiano i singoli eventi, ma la struttura narrativa rimane sorprendentemente stabile. Le proteste vengono lette come la ribellione di un intero popolo, le reazioni dello Stato come la prova di strutture totalitarie. Nel mezzo, c'\u00e8 poco spazio per l'ambivalenza.<\/p>\n<h3>Quando le immagini diventano pi\u00f9 forti della realt\u00e0<\/h3>\n<p>Il problema di queste narrazioni non \u00e8 che siano completamente false. \u00c8 che raramente sono complete. Un Paese con oltre 80 milioni di abitanti, migliaia di anni di storia e un'enorme diversit\u00e0 culturale non pu\u00f2 essere ridotto a pochi indicatori morali. Eppure \u00e8 proprio questo che accade.<\/p>\n<p>L'Iran viene spesso descritto come se fosse costituito esclusivamente da simboli politici. Le persone appaiono solo come vittime o attivisti. La vita quotidiana scompare. Anche la normalit\u00e0. Le infrastrutture, l'istruzione, il funzionamento dei sistemi: tutto ci\u00f2 si adatta male all'immagine consolidata e quindi non viene quasi mai discusso.<\/p>\n<p>Questo crea uno strano effetto: pi\u00f9 a lungo esiste una narrazione, meno sembra verificabile. Le osservazioni divergenti appaiono immediatamente sospette. Chiunque riferisca di citt\u00e0 funzionanti o di persone soddisfatte deve giustificarsi. Non \u00e8 l'immagine negativa, ma la deviazione da essa che viene considerata bisognosa di spiegazioni.<\/p>\n<h3>La certezza morale come zona di comfort<\/h3>\n<p>Questa forma di resoconto ha un piacevole effetto collaterale per il lettore: offre chiarezza morale. Il bene e il male sono chiaramente divisi. La solidariet\u00e0 \u00e8 facile. Anche l'indignazione lo \u00e8. Si sa da che parte stare senza dover pensare troppo.<\/p>\n<p>Ma la realt\u00e0 politica raramente funziona cos\u00ec. Soprattutto i Paesi con storie di conflitti, minacce esterne e tensioni interne sviluppano complessi assetti sociali. Questi non possono essere compresi se vengono misurati esclusivamente in base agli standard occidentali o se vengono ordinati moralmente.<\/p>\n<p>L'Iran non \u00e8 un caso speciale. Meccanismi simili si possono osservare anche in altri Paesi, che per anni sono stati etichettati come casi problematici. Tuttavia, questa dinamica \u00e8 particolarmente forte in Iran, forse perch\u00e9 il Paese sfida costantemente la categorizzazione occidentale.<\/p>\n<h3>La prima irritazione<\/h3>\n<p>A questo punto, vale la pena di fare un passo indietro. Non per rifiutare il quadro precedente, ma per aprirlo. E se la narrazione dominante dell'Iran descrivesse alcuni aspetti della realt\u00e0 ma ne ignorasse sistematicamente altri? E se le proteste fossero reali, ma non rappresentassero l'intero Paese? E se ci fosse il controllo dello Stato, ma la vita quotidiana fosse ancora possibile?<\/p>\n<p>Queste domande sembrano a prima vista banali. Eppure vengono poste raramente. Perch\u00e9 interrompono la narrazione abituale. Ci impongono di considerare pi\u00f9 livelli allo stesso tempo: Politica, societ\u00e0, storia, interessi. Ma \u00e8 proprio questo che serve se si vuole avere un approccio serio all'Iran.<\/p>\n<h3>Cosa non c'entra questo testo<\/h3>\n<p>Prima di proseguire, \u00e8 necessario fare una precisazione. Questo testo non intende idealizzare l'Iran. Non intende difendere alcun governo, n\u00e9 minimizzare alcun problema o perseguire alcuna agenda politica. N\u00e9 cerca di fornire una contro-propaganda. Tutto ci\u00f2 sarebbe solo un riflesso di schemi gi\u00e0 noti.<\/p>\n<p>Si tratta invece di qualcosa di pi\u00f9 scomodo: la differenziazione. Di contraddizioni durature. Sulla volont\u00e0 di aprire un quadro chiuso ed esaminare dove regge - e dove no.<\/p>\n<p>Questo articolo si rivolge a lettori disposti a sopportare l'incertezza. Che accettano che la realt\u00e0 politica \u00e8 raramente inequivocabile. E che capiscono che c'\u00e8 una differenza tra critica e caricatura.<\/p>\n<p>L'Iran \u00e8 particolarmente adatto a questo tipo di esame. Non perch\u00e9 sia unico, ma perch\u00e9 esemplifica quanto la nostra percezione sia fortemente caratterizzata dalle narrazioni. Chi lo affronta non sar\u00e0 premiato con risposte chiare, ma con una comprensione pi\u00f9 profonda.<\/p>\n<p>Ed \u00e8 qui che inizia il vero viaggio.<\/p>\n<p><img loading=\"lazy\" decoding=\"async\" class=\"alignnone wp-image-4499 size-large\" src=\"https:\/\/www.markus-schall.de\/wp-content\/uploads\/Iran-Strassenszene.jpg\" alt=\"Scena di strada in Iran\" width=\"1024\" height=\"683\" srcset=\"https:\/\/www.markus-schall.de\/wp-content\/uploads\/Iran-Strassenszene.jpg 1024w, https:\/\/www.markus-schall.de\/wp-content\/uploads\/Iran-Strassenszene-300x200.jpg 300w, https:\/\/www.markus-schall.de\/wp-content\/uploads\/Iran-Strassenszene-768x512.jpg 768w, https:\/\/www.markus-schall.de\/wp-content\/uploads\/Iran-Strassenszene-18x12.jpg 18w\" sizes=\"auto, (max-width: 1024px) 100vw, 1024px\" \/><\/p>\n<h2>Un paese oltre i titoli dei giornali<\/h2>\n<p>Chi conosce l'Iran solo dai media occidentali entra nel Paese con chiare aspettative. Si aspetta controlli, tensioni visibili, un'atmosfera di restrizione. Ci si aspetta un Paese difficile da gestire, se non del tutto. Questo rende la prima impressione ancora pi\u00f9 irritante per molti di coloro che arrivano sul posto.<\/p>\n<p>Invece del caos, incontrano l'organizzazione. Invece di soluzioni improvvisate, incontrano processi funzionanti. Aeroporti, traffico, orientamento: tutto segue regole chiare. In citt\u00e0 come Teheran, diventa subito chiaro che si tratta di una metropoli di milioni di persone che non esiste in uno stato di emergenza, ma nella vita di tutti i giorni.<\/p>\n<p>Questa irritazione iniziale non \u00e8 un caso isolato. \u00c8 un fenomeno che attraversa molti resoconti di esperienze, indipendentemente dal fatto che i visitatori siano politicamente interessati o meno. \u00c8 il momento in cui l'immagine mediatica comincia a incrinarsi.<\/p>\n<h3>L'infrastruttura \u00e8 una cosa ovvia e non spettacolare.<\/h3>\n<p>Le infrastrutture sono raramente spettacolari. Proprio per questo \u00e8 un buon reality check. Perch\u00e9 \u00e8 difficile da mettere in scena. O funziona, o non funziona.<\/p>\n<p>L'Iran dispone di una fitta rete di trasporti, di moderne metropolitane nelle grandi citt\u00e0, di autobus a lunga percorrenza, di collegamenti ferroviari e di sistemi di prenotazione digitale. I trasporti pubblici sono puliti, economici e affidabili. Questo sorprende molti visitatori, non perch\u00e9 si aspettino un Paese in via di sviluppo, ma perch\u00e9 una vita quotidiana cos\u00ec ben funzionante non corrisponde all'immagine abituale.<\/p>\n<p>Questa normalit\u00e0 \u00e8 evidente anche al di l\u00e0 del traffico: alimentazione elettrica, acqua, telefoni cellulari, internet - tutto \u00e8 disponibile, tutto \u00e8 usato, tutto fa parte della vita urbana moderna. Niente di tutto ci\u00f2 sembra provvisorio o improvvisato. Al contrario: molte cose sono organizzate in modo efficiente perch\u00e9 lo Stato ha imparato da decenni di sanzioni a costruire sistemi solidi.<\/p>\n<h3>Citt\u00e0 che vivono, non che protestano<\/h3>\n<p>I reportage occidentali mostrano le citt\u00e0 iraniane quasi esclusivamente in situazioni eccezionali: Manifestazioni, scontri, cortei funebri, presenza della polizia. Ci\u00f2 che si perde \u00e8 il fattore decisivo: la maggior parte della vita urbana si svolge al di fuori di questi momenti.<\/p>\n<p>I caff\u00e8 sono pieni, i parchi sono affollati, i centri commerciali sono in fermento. Le famiglie passeggiano, i giovani si incontrano, gli studenti discutono. L'immagine non \u00e8 quella di una popolazione intimidita, ma di una societ\u00e0 che si \u00e8 insediata, con tutte le contraddizioni che ci\u00f2 comporta.<\/p>\n<p>Questa normalit\u00e0 \u00e8 difficile da trasmettere perch\u00e9 non \u00e8 drammatica. \u00c8 in contraddizione con l'idea di un Paese perennemente sull'orlo della rivolta. Eppure \u00e8 fondamentale per capire l'Iran.<\/p>\n<h3>Educazione, tecnologia e pratica quotidiana<\/h3>\n<p>Da decenni l'Iran investe massicciamente nell'istruzione. Universit\u00e0, istituti tecnici e strutture di ricerca caratterizzano soprattutto i centri urbani. Molti giovani sono altamente qualificati, esperti di tecnologia e orientati a livello internazionale. Lo sviluppo di software, l'ingegneria e la medicina svolgono un ruolo importante nella vita quotidiana dell'Iran.<\/p>\n<p>Questa competenza non \u00e8 solo accademica, ma anche tangibile nella pratica. Metodi di pagamento digitali, piattaforme locali, soluzioni indipendenti per la logistica e la comunicazione fanno parte della vita quotidiana. Le sanzioni non hanno portato a un blocco, ma all'indipendenza. Il risultato \u00e8 una societ\u00e0 che ha imparato a funzionare all'interno delle restrizioni, spesso in modo sorprendentemente efficiente.<\/p>\n<h3>Cibo, pulizia e ordine sociale<\/h3>\n<p>Lo spazio pubblico \u00e8 un indicatore spesso sottovalutato della stabilit\u00e0 sociale. La pulizia, l'offerta e l'interazione sociale dicono di un Paese pi\u00f9 degli slogan politici.<\/p>\n<p>Il cibo \u00e8 onnipresente in Iran, non come scarsit\u00e0, ma come cultura. Bancarelle di strada, piccoli snack bar e ristoranti di ogni fascia di prezzo caratterizzano il paesaggio urbano. Gran parte del cibo \u00e8 fresco, regionale e poco industrializzato. Per i visitatori non \u00e8 esotico, ma piacevolmente familiare. E spesso di qualit\u00e0 superiore a quella che ci si aspetterebbe.<\/p>\n<p>Anche le strutture sanitarie, i servizi pubblici e i trasporti sono generalmente ben tenuti. Pu\u00f2 sembrare banale, ma \u00e8 fondamentale. Perch\u00e9 contraddice l'immagine di un sistema in decadenza. L'ordine qui non \u00e8 il risultato della paura, ma dell'abitudine.<\/p>\n<h3>La vita quotidiana non \u00e8 una dichiarazione politica<\/h3>\n<p>Uno dei maggiori errori commessi dagli osservatori occidentali \u00e8 quello di interpretare automaticamente la vita quotidiana in termini politici. Chi non protesta \u00e8 visto come un conformista. Quelli che protestano sono considerati oppressi. Ma non \u00e8 cos\u00ec semplice.<\/p>\n<p>Per molti iraniani, la vita quotidiana non \u00e8 espressione di approvazione politica: \u00e8 semplicemente vita. Lavoro, studio, famiglia, tempo libero. La politica \u00e8 presente, ma non domina tutto. Molti fanno una distinzione molto chiara tra il loro atteggiamento verso il governo e il loro desiderio di stabilit\u00e0. Sanno cosa rischiano e cosa potrebbero perdere.<\/p>\n<p>Questo atteggiamento non \u00e8 n\u00e9 vile n\u00e9 acritico. \u00c8 pragmatico. E difficilmente pu\u00f2 essere compreso senza conoscere le esperienze storiche del Paese.<\/p>\n<h3>Perch\u00e9 questa normalit\u00e0 non viene quasi mai raccontata<\/h3>\n<p>Perch\u00e9 questa immagine appare cos\u00ec raramente nei media occidentali? Non per cattiveria, ma per ragioni strutturali. La normalit\u00e0 si vende poco. Non genera indignazione o una chiara posizione morale. \u00c8 difficile da riassumere e contraddice le narrazioni consolidate.<\/p>\n<p>Inoltre, non si adatta alla necessit\u00e0 di categorizzare chiaramente i conflitti politici. \u00c8 difficile classificare un Paese che ha tratti autoritari e allo stesso tempo funziona nella vita quotidiana. Ci costringe a differenziare, e questo \u00e8 proprio ci\u00f2 che molti formati evitano.<\/p>\n<h3>Un primo bilancio della realt\u00e0<\/h3>\n<p>Questo capitolo non intende sminuire nulla. Vuole solo mostrare che l'immagine comune dell'Iran \u00e8 incompleta. Se si vuole capire l'Iran, bisogna prendere sul serio la vita quotidiana. Non come controargomento alle critiche, ma come base per qualsiasi analisi seria.<\/p>\n<p>Perch\u00e9 un Paese che funziona nella vita quotidiana non \u00e8 un costrutto astratto. \u00c8 un sistema vivente. Ed \u00e8 proprio questo sistema a costituire la cornice di tutto ci\u00f2 che seguir\u00e0 nei prossimi capitoli: Proteste, conflitti, influenze, ma anche stabilit\u00e0, adattamento e auto-logica.<\/p>\n<p><img loading=\"lazy\" decoding=\"async\" class=\"alignnone wp-image-4500 size-large\" src=\"https:\/\/www.markus-schall.de\/wp-content\/uploads\/Iran-U-Bahn.jpg\" alt=\"Sotterraneo in Iran\" width=\"1024\" height=\"683\" srcset=\"https:\/\/www.markus-schall.de\/wp-content\/uploads\/Iran-U-Bahn.jpg 1024w, https:\/\/www.markus-schall.de\/wp-content\/uploads\/Iran-U-Bahn-300x200.jpg 300w, https:\/\/www.markus-schall.de\/wp-content\/uploads\/Iran-U-Bahn-768x512.jpg 768w, https:\/\/www.markus-schall.de\/wp-content\/uploads\/Iran-U-Bahn-18x12.jpg 18w\" sizes=\"auto, (max-width: 1024px) 100vw, 1024px\" \/><\/p>\n<h2>Un'osservazione che non si adatta al quadro<\/h2>\n<p>Quasi nessun altro nome polarizza in modo cos\u00ec affidabile come <a href=\"https:\/\/de.wikipedia.org\/wiki\/Scott_Ritter\" target=\"_blank\" rel=\"noopener\"><strong>Scott Ritter<\/strong><\/a>. Per alcuni \u00e8 uno scomodo critico della politica estera occidentale, per altri una figura le cui posizioni vengono respinte o quantomeno guardate con scetticismo. Ma a prescindere da questo giudizio, una cosa non si pu\u00f2 negare: Ritter si occupa da decenni di conflitti internazionali, strutture di potere e societ\u00e0 che si trovano al di l\u00e0 della zona di comfort occidentale.<\/p>\n<p>Proprio per questo vale la pena di non liquidare prematuramente le sue osservazioni. Non perch\u00e9 siano automaticamente \u201ecorrette\u201c, ma perch\u00e9 si basano sulla sua esperienza personale. E il proprio punto di vista \u00e8 diventato raro nei reportage sull'Iran.<\/p>\n<p>Scott Ritter \u00e8 un ex ufficiale statunitense e ispettore internazionale di armi, noto soprattutto per il suo lavoro come ispettore delle Nazioni Unite in Iraq negli anni '90. In questo ruolo ha svolto un ruolo chiave nella verifica delle armi di distruzione di massa irachene ed \u00e8 stato uno degli ispettori che ha sottolineato fin dall'inizio che le affermazioni chiave sui programmi di armi attivi non erano fondate. In questa veste, ha svolto un ruolo chiave nella verifica delle armi di distruzione di massa irachene ed \u00e8 stato uno degli ispettori che ha sottolineato fin dall'inizio che le affermazioni chiave sui programmi di armamento attivi non erano comprovate. Dopo aver lasciato il servizio ufficiale, Ritter \u00e8 diventato un feroce critico degli interventi militari occidentali e della relativa comunicazione politica.<\/p>\n<p>Oggi si presenta soprattutto come autore, analista e ospite di interviste e commenta regolarmente i conflitti geopolitici, le questioni di sicurezza e le strutture di potere internazionali. A prescindere dalla valutazione delle sue posizioni attuali, \u00e8 considerato una persona che da decenni si occupa intensamente di questioni di politica di sicurezza e delle dinamiche interne delle regioni in conflitto, spesso da una prospettiva che non coincide con il mainstream occidentale.<\/p>\n<h3>Un viaggio che irrita<\/h3>\n<p>Nelle interviste, Ritter racconta di visite in Iran che non corrispondono all'immagine che molti lettori hanno in testa. Descrive un Paese con infrastrutture ultramoderne, sistemi di trasporto pubblico funzionanti e una vita quotidiana che ha sorprendentemente poco a che fare con lo stato di emergenza.<\/p>\n<p>Treni metropolitani, autobus, strade: tutto \u00e8 organizzato, pulito e affidabile. Gli spazi pubblici appaiono curati, non improvvisati. Anche cose banali come servizi igienici, snack bar o servizi lasciano un'impressione che ricorda pi\u00f9 le citt\u00e0 europee ben funzionanti che l'immagine di uno stato isolato e fatiscente.<\/p>\n<p>Ricorda in particolare il cibo: i fast food sono disponibili, s\u00ec, ma meno industrializzati, pi\u00f9 freschi e pi\u00f9 sani. Nessuna carenza, nessuna emergenza, ma cultura quotidiana. Niente di tutto ci\u00f2 sembra spettacolare. Ed \u00e8 proprio questo che lo rende cos\u00ec straordinario.<\/p>\n<h3>Perch\u00e9 queste osservazioni ci rendono sospettosi<\/h3>\n<p>A questo punto subentra spesso lo scetticismo. Come pu\u00f2 un Paese con un governo islamista apparire cos\u00ec \u201enormale\u201c? Come si concilia la modernit\u00e0 funzionante con un sistema che in Occidente viene solitamente descritto come arretrato?<\/p>\n<p>Questo scetticismo \u00e8 comprensibile. Non nasce dalla cattiveria, ma dalla dissonanza cognitiva. Due immagini non vanno d'accordo: quella della teocrazia autoritaria e quella di una societ\u00e0 quotidiana funzionante. Quindi una delle due viene messa in discussione, di solito la seconda.<\/p>\n<p>Ma \u00e8 proprio su questo punto che vale la pena soffermarsi. Perch\u00e9 il problema potrebbe non essere l'osservazione, ma la semplificazione con cui vediamo i sistemi politici.<\/p>\n<h3>Citt\u00e0 e campagna: due realt\u00e0 politiche<\/h3>\n<p>Un aspetto della realt\u00e0 iraniana che viene spesso trascurato \u00e8 la netta divisione tra aree urbane e rurali. Le preferenze politiche in queste aree differiscono in modo significativo - un modello che \u00e8 noto anche nelle democrazie occidentali, ma di cui si parla raramente in Iran.<\/p>\n<p>Nelle regioni rurali, le autorit\u00e0 religiose e i candidati conservatori godono tradizionalmente di un alto livello di sostegno. Le strutture sociali sono pi\u00f9 vicine, i legami religiosi sono pi\u00f9 forti e la stabilit\u00e0 dello Stato \u00e8 pi\u00f9 importante dei cambiamenti sociali. Nelle grandi citt\u00e0, invece, come Teheran, Isfahan o Shiraz, gli stili di vita sono spesso pi\u00f9 moderni, laici e individualisti. La critica al governo \u00e8 pi\u00f9 diffusa, anche se non sempre viene espressa apertamente.<\/p>\n<p>Le elezioni in Iran riflettono questa divisione. Il risultato sembra spesso paradossale da una prospettiva occidentale, ma segue una logica interna. Parlare di dittatura classica non \u00e8 sufficiente. Il sistema \u00e8 s\u00ec autoritario, ma si basa su vere e proprie maggioranze sociali in alcune regioni.<\/p>\n<h3>Perch\u00e9 per molti la stabilit\u00e0 \u00e8 pi\u00f9 importante dell'ideologia<\/h3>\n<p>Le osservazioni di Ritter possono essere lette anche su questo sfondo. Una vita quotidiana funzionante non \u00e8 una coincidenza, ma il risultato di priorit\u00e0 politiche. Lo Stato iraniano investe in modo specifico in infrastrutture, forniture e ordine, non per idealismo liberale, ma per la consapevolezza che la stabilit\u00e0 \u00e8 la base di ogni potere.<\/p>\n<p>Per molte persone, questa stabilit\u00e0 significa sicurezza. Non libert\u00e0 nel senso occidentale del termine, ma affidabilit\u00e0. In un Paese con una lunga storia di minacce esterne e sconvolgimenti interni, questo non \u00e8 un valore banale.<\/p>\n<p>Questo spiega anche perch\u00e9 molti iraniani non devono amare il loro governo per tollerarlo. C'\u00e8 un'ampia gamma di accettazione pragmatica tra l'approvazione e il rifiuto.<\/p>\n<h3>L'osservazione non \u00e8 un sollievo<\/h3>\n<p>Ci\u00f2 che \u00e8 importante \u00e8 ci\u00f2 che questo capitolo non fa. Non assolve nessun governo. Non relativizza la repressione. Non spiega moralmente nessuna decisione politica. Si limita a descrivere un'osservazione che non rientra nel quadro abituale e a chiederne il motivo.<\/p>\n<p>L'Iran di Scott Ritter non \u00e8 uno Stato ideale. \u00c8 uno Stato funzionante con tensioni interne, conflitti sociali e confini politici. \u00c8 proprio questa miscela a renderlo difficile da comprendere e inadatto a semplici narrazioni.<\/p>\n<h3>Perch\u00e9 a queste voci viene raramente dato spazio<\/h3>\n<p>Rapporti come quello di Ritter sono scomodi nel discorso occidentale. Sono difficili da classificare perch\u00e9 non indignano n\u00e9 rassicurano. Contraddicono le aspettative senza attaccarle frontalmente. E ci costringono a distinguere tra la critica al sistema e la realt\u00e0 quotidiana.<\/p>\n<p>Questo \u00e8 estenuante. Sia per i giornalisti che per i lettori. Ma \u00e8 necessario se si vuole avvicinarsi all'Iran al di l\u00e0 dei titoli dei giornali.<\/p>\n<p>Questo capitolo non \u00e8 una prova. \u00c8 una pista. Una delle tante. Non porta a una verit\u00e0 chiara, ma a un'importante constatazione: l'Iran \u00e8 pi\u00f9 contraddittorio, pi\u00f9 moderno e pi\u00f9 quotidiano di quanto spesso percepiamo.<\/p>\n<p>Ed \u00e8 proprio questa contraddizione che costituisce la base per tutto ci\u00f2 che segue, in particolare per la questione del perch\u00e9 le proteste nascono, come si svolgono e su quali interessi possono influire.<\/p>\n<h3>Drew Binsky in Iran - Approfondimenti oltre i titoli dei giornali<\/h3>\n<p>In questo straordinario video, lo YouTuber americano Drew Binsky ci porta in viaggio in Iran. Binsky \u00e8 uno dei pochi creatori di contenuti al mondo ad aver viaggiato in tutti i Paesi del mondo e condivide le sue esperienze con immagini molto personali e non agitate. Il video incorporato \u00e8 in inglese, con sottotitoli in tedesco opzionali tramite il simbolo della ruota dentata - quando il video viene aperto su YouTube, inizia con la traduzione in tedesco.<\/p>\n<div class=\"lyte-wrapper\" style=\"width:640px;max-width:100%;margin:5px;\"><div class=\"lyMe\" id=\"WYL_RsRRa9MAEdc\"><div id=\"lyte_RsRRa9MAEdc\" data-src=\"https:\/\/www.markus-schall.de\/wp-content\/plugins\/wp-youtube-lyte\/lyteCache.php?origThumbUrl=%2F%2Fi.ytimg.com%2Fvi%2FRsRRa9MAEdc%2Fhqdefault.jpg\" class=\"pL\"><div class=\"tC\"><div class=\"tT\"><\/div><\/div><div class=\"play\"><\/div><div class=\"ctrl\"><div class=\"Lctrl\"><\/div><div class=\"Rctrl\"><\/div><\/div><\/div><noscript><a href=\"https:\/\/youtu.be\/RsRRa9MAEdc\" rel=\"nofollow noopener\" target=\"_blank\"><img loading=\"lazy\" decoding=\"async\" src=\"https:\/\/www.markus-schall.de\/wp-content\/plugins\/wp-youtube-lyte\/lyteCache.php?origThumbUrl=https%3A%2F%2Fi.ytimg.com%2Fvi%2FRsRRa9MAEdc%2F0.jpg\" alt=\"Miniatura del video di YouTube\" width=\"640\" height=\"340\" \/><br \/>Guarda questo video su YouTube<\/a><\/noscript><\/div><\/div><div class=\"lL\" style=\"max-width:100%;width:640px;margin:5px;\"><\/div><br \/>\nEsplorare l'Iran come un americano nel 2025. <a href=\"https:\/\/www.youtube.com\/@drewbinsky\" target=\"_blank\" rel=\"nofollow noopener\">Drew Binsky<\/a><\/p>\n<p>Nel video documenta il suo soggiorno in Iran come cittadino statunitense, mostrando la vita quotidiana, le conversazioni con la gente del posto, la cultura del cibo, le scene di strada e le impressioni sulla vita quotidiana. Invece dell'analisi politica, l'attenzione si concentra sugli incontri interpersonali e sulle scene quotidiane - uno sguardo a ci\u00f2 che molti viaggiatori sperimentano quando si allontanano dai titoli dei giornali. Un valido esempio di come la vita quotidiana, le persone e la cultura possono essere vissute in Iran.<\/p>\n<h2>Protesta, insoddisfazione e conflitto generazionale<\/h2>\n<p>Chiunque scriva sull'Iran e nasconda le proteste dipingerebbe un quadro distorto. L'insoddisfazione esiste. \u00c8 palpabile, visibile e, in alcune fasi, rumorosa. Manifestazioni, scioperi, azioni simboliche: tutto questo fa parte della realt\u00e0 iraniana degli ultimi anni.<\/p>\n<p>Tuttavia, l'opposto \u00e8 altrettanto problematico: presentare le proteste come l'unica realt\u00e0. I reportage occidentali tendono a generalizzare i singoli eventi. Proteste localizzate o temporanee si trasformano rapidamente nell'impressione di una rivolta permanente. Questo genera attenzione, ma distorce la visione.<\/p>\n<p>La protesta in Iran non \u00e8 uno stato permanente, ma una tensione ricorrente che si accende in base a specifiche cause - economiche, sociali o culturali. Se si vuole capire, bisogna prendere sul serio questi fattori scatenanti.<\/p>\n<h3>Pressioni economiche e disagi sociali<\/h3>\n<p>Un fattore chiave di insoddisfazione \u00e8 la situazione economica. Le sanzioni, l'inflazione e le limitate opportunit\u00e0 commerciali internazionali colpiscono la classe media e i giovani in particolare. I prezzi aumentano, le prospettive si riducono e diventa pi\u00f9 difficile pianificare la vita.<\/p>\n<p>Molti iraniani ben istruiti non riescono a trovare un lavoro all'altezza del loro livello di qualificazione. Altri vedono il loro futuro all'estero piuttosto che nel loro Paese. Questa fuga di cervelli non \u00e8 una parola d'ordine politica, ma un problema reale e una fonte di frustrazione.<\/p>\n<p>Tuttavia, questa insoddisfazione non \u00e8 automaticamente diretta contro l'intero sistema politico. Spesso \u00e8 diretta contro lamentele specifiche: corruzione, clientelismo, mancanza di trasparenza. L'obiettivo di molte proteste non \u00e8 quello di rovesciare il sistema, ma di migliorarlo.<\/p>\n<h3>Le giovani generazioni e le loro aspettative<\/h3>\n<p>Pi\u00f9 della met\u00e0 della popolazione iraniana \u00e8 giovane. Questa generazione \u00e8 collegata in rete, istruita e orientata al mondo. Hanno familiarit\u00e0 con gli stili di vita, la musica, la moda e i discorsi occidentali, non solo grazie a Internet, ma anche per esperienza diretta. Allo stesso tempo, vivono in un sistema che pone dei limiti ben precisi.<\/p>\n<p>Questa contraddizione crea tensione. Molti giovani iraniani vogliono pi\u00f9 libert\u00e0 individuale, meno controllo morale, pi\u00f9 libert\u00e0 culturale. Questi desideri sono reali e legittimi.<\/p>\n<p>Ma anche in questo caso il desiderio non equivale alla rivoluzione. Molti giovani si muovono consapevolmente all'interno dei confini esistenti, li esplorano, li aggirano creativamente o li ignorano nella loro vita quotidiana. La protesta \u00e8 una delle tante strategie, ma non l'unica.<\/p>\n<h3>Le donne tra vita quotidiana e politica simbolica<\/h3>\n<p>Il ruolo delle donne \u00e8 uno degli argomenti pi\u00f9 sentiti nei reportage sull'Iran. Giustamente: i codici di abbigliamento, le restrizioni legali e il controllo sociale sono fattori reali. Le donne protestano contro di essi, apertamente o sottilmente, visibilmente o in privato.<\/p>\n<p>Allo stesso tempo, le donne sono molto presenti in Iran: nelle universit\u00e0, nella vita professionale, nella cultura. Molte di loro sono sicure di s\u00e9, assertive e socialmente attive. Quest'area di tensione \u00e8 spesso ridotta a un unico simbolo nei media occidentali: il velo.<\/p>\n<p>Questo nasconde molte realt\u00e0. Per molte donne il conflitto \u00e8 pi\u00f9 complesso: non riguarda solo l'abbigliamento, ma anche l'autodeterminazione, i modelli di ruolo e il riconoscimento sociale. Le proteste sono un'espressione di questo conflitto, ma non un suo riflesso completo.<\/p>\n<p><img loading=\"lazy\" decoding=\"async\" class=\"alignnone wp-image-4501 size-large\" src=\"https:\/\/www.markus-schall.de\/wp-content\/uploads\/Iran-Wohnzimmer.jpg\" alt=\"Iran in conflitto generazionale\" width=\"1024\" height=\"683\" srcset=\"https:\/\/www.markus-schall.de\/wp-content\/uploads\/Iran-Wohnzimmer.jpg 1024w, https:\/\/www.markus-schall.de\/wp-content\/uploads\/Iran-Wohnzimmer-300x200.jpg 300w, https:\/\/www.markus-schall.de\/wp-content\/uploads\/Iran-Wohnzimmer-768x512.jpg 768w, https:\/\/www.markus-schall.de\/wp-content\/uploads\/Iran-Wohnzimmer-18x12.jpg 18w\" sizes=\"auto, (max-width: 1024px) 100vw, 1024px\" \/><\/p>\n<h3>Citt\u00e0 contro campagna: uno schema familiare<\/h3>\n<p>Un aspetto cruciale che spiega molte incomprensioni \u00e8 il divario tra citt\u00e0 e campagna. Nei centri urbani come Teheran, Isfahan o Mashhad, gli stili di vita sono pi\u00f9 moderni, le critiche sono pi\u00f9 forti e le aspettative politiche pi\u00f9 elevate. Le proteste sono pi\u00f9 frequenti e pi\u00f9 visibili.<\/p>\n<p>Nelle regioni rurali, invece, la stabilit\u00e0, la tradizione e i legami religiosi giocano un ruolo maggiore. Spesso il governo non viene sostenuto per entusiasmo, ma per convinzione o pragmatismo. Questa divisione caratterizza i risultati delle elezioni e i dibattiti sociali.<\/p>\n<p>Questo modello non \u00e8 affatto unico. Si ritrova in molti Paesi, anche in Occidente. In Iran, tuttavia, \u00e8 raramente menzionato apertamente, anche se \u00e8 fondamentale per comprendere le dinamiche politiche.<\/p>\n<h3>Perch\u00e9 la protesta non \u00e8 automaticamente un'opinione di maggioranza<\/h3>\n<p>Un errore comune nella percezione esterna \u00e8 quello di interpretare le proteste come la voce del \u201epopolo\u201c. Tuttavia, i manifestanti sono sempre e solo una parte della societ\u00e0 - spesso una parte impegnata e coraggiosa, ma numericamente limitata.<\/p>\n<p>Molti iraniani guardano alle proteste con simpatia, ma anche con cautela. Condividono le critiche, ma temono l'instabilit\u00e0. Il ricordo delle guerre regionali, degli Stati in guerra civile e delle rivolte fallite \u00e8 presente. L'ordine non \u00e8 romantico, ma apprezzato.<\/p>\n<p>Questo atteggiamento \u00e8 spesso frainteso in Occidente o interpretato come un adattamento. In realt\u00e0, \u00e8 un'espressione dell'esperienza storica.<\/p>\n<h3>Reazione dello Stato: controllo invece di dialogo<\/h3>\n<p>La risposta dello Stato iraniano alle proteste \u00e8 solitamente repressiva. Le forze di sicurezza intervengono, le assemblee vengono sciolte e i media sono controllati. Ci\u00f2 aumenta le tensioni e alimenta le critiche internazionali.<\/p>\n<p>Allo stesso tempo, lo Stato si concentra sulla prevenzione: programmi sociali, sussidi, investimenti in infrastrutture. Repressione e benessere coesistono: uno strumento di potere contraddittorio ma funzionale.<\/p>\n<p>Questa duplice strategia spiega perch\u00e9 le proteste esplodono ma raramente si intensificano. Spiega anche perch\u00e9 il sistema rimane stabile nonostante le tensioni interne.<\/p>\n<h3>Tra il desiderio di cambiamento e la paura della stabilit\u00e0<\/h3>\n<p>Il conflitto centrale in Iran non \u00e8 tra il governo e il popolo, ma all'interno della societ\u00e0. Tra il desiderio di cambiamento e la paura del caos. Tra l'apertura globale e la sovranit\u00e0 nazionale. Tra libert\u00e0 individuale e ordine collettivo.<\/p>\n<p>Le proteste sono un'espressione di questo conflitto, non la sua soluzione. Mostrano dove c'\u00e8 attrito, ma non dove si sta dirigendo il viaggio.<\/p>\n<p>Questo capitolo \u00e8 necessario per non sbiancare il quadro. L'Iran non \u00e8 uno Stato armonioso. \u00c8 una societ\u00e0 in bilico tra tradizione, modernit\u00e0 e pressione geopolitica. Ma se si guarda a queste tensioni in modo isolato, si comprende solo una parte della realt\u00e0. Solo in combinazione con la vita quotidiana, le infrastrutture, la storia e gli interessi esterni emerge un quadro pi\u00f9 completo.<\/p>\n<p>Ed \u00e8 proprio a questo punto che si apre la pista successiva, la pi\u00f9 difficile: la questione di chi osserva, utilizza - o eventualmente rafforza - queste tensioni.<\/p>\n<div style=\"overflow-x: auto;\">\n<table>\n<thead style=\"background-color: #f0f0f0;\">\n<tr>\n<th>Aspetto<\/th>\n<th>Grandi citt\u00e0<\/th>\n<th>Regioni rurali<\/th>\n<th>Significato per la politica<\/th>\n<\/tr>\n<\/thead>\n<tbody>\n<tr>\n<td><strong>Stile di vita<\/strong><\/td>\n<td>Moderno, orientato al mondo<\/td>\n<td>Tradizionale, comunitario<\/td>\n<td>Aspettative diverse<\/td>\n<\/tr>\n<tr>\n<td><strong>Pratica religiosa<\/strong><\/td>\n<td>Spesso privato, pragmatico<\/td>\n<td>Pi\u00f9 saldamente ancorati<\/td>\n<td>Spiega i risultati delle elezioni<\/td>\n<\/tr>\n<tr>\n<td><strong>Tendenza alla protesta<\/strong><\/td>\n<td>Pi\u00f9 alto<\/td>\n<td>Pi\u00f9 basso<\/td>\n<td>Possibile distorsione dei media<\/td>\n<\/tr>\n<tr>\n<td><strong>Vicinanza allo Stato<\/strong><\/td>\n<td>Pi\u00f9 critico<\/td>\n<td>Accettazione<\/td>\n<td>Fattore di stabilit\u00e0<\/td>\n<\/tr>\n<tr>\n<td><strong>Accesso ai media<\/strong><\/td>\n<td>Alto<\/td>\n<td>Limitato<\/td>\n<td>Percezione asimmetrica<\/td>\n<\/tr>\n<\/tbody>\n<\/table>\n<\/div>\n<h2>Il percorso oscuro: influenza, interessi e leve nascoste<\/h2>\n<p>Al pi\u00f9 tardi a questo punto, sorge una domanda che compare solo di sfuggita in molte analisi: Perch\u00e9 certe proteste in Iran ricevono una cos\u00ec grande attenzione internazionale, mentre sviluppi analoghi in altri Paesi vengono a malapena notati? Perch\u00e9 le tensioni interne diventano cos\u00ec rapidamente una narrazione globale?<\/p>\n<p>Questa domanda \u00e8 difficile perch\u00e9 pu\u00f2 essere facilmente fraintesa. Chiunque la ponga viene subito sospettato di voler delegittimare le proteste. Ma non \u00e8 questo il punto. Si tratta di norme. E di interessi.<\/p>\n<p>Perch\u00e9 i conflitti politici non esistono mai nel vuoto. Vengono osservati, categorizzati, amplificati - o ignorati.<\/p>\n<p>Ed \u00e8 qui che inizia il percorso oscuro.<\/p>\n<h3>L'ombra storica dell'influenza straniera<\/h3>\n<p>Per l'Iran, l'idea dell'interferenza straniera non \u00e8 una diffidenza astratta, ma \u00e8 storicamente caratterizzata. La memoria collettiva risale a molto tempo fa, soprattutto agli eventi in cui attori esterni sono intervenuti apertamente o segretamente nell'ordine politico del Paese.<\/p>\n<p>Questa esperienza continua ad avere un impatto anche oggi. Caratterizza l'azione dello Stato e la percezione sociale. La diffidenza verso le intenzioni occidentali non \u00e8 un costrutto ideologico, ma il risultato di esperienze storiche concrete. Chiunque ignori questo contesto non comprende la sensibilit\u00e0 del Paese.<\/p>\n<p>Questo non significa che ogni critica o protesta sia \u201econtrollata dall'esterno\u201c. Ma spiega perch\u00e9 l'idea di esercitare un'influenza viene subito presa sul serio.<\/p>\n<h3>Servizi segreti: miti e realt\u00e0<\/h3>\n<p>I servizi segreti hanno una cattiva reputazione, ma allo stesso tempo esagerata. In molte storie appaiono onnipotenti, onniscienti e onnipresenti. La realt\u00e0 \u00e8 pi\u00f9 sobria. I servizi segreti operano con risorse limitate, in condizioni di incertezza e spesso con informazioni incomplete.<\/p>\n<p>Eppure hanno a disposizione strumenti che non sono visibili nell'arena politica aperta. L'influenza raramente viene esercitata direttamente. Funziona con leve: flussi di denaro, contatti, trasmissione di informazioni, amplificazione mediatica, tempismo.<\/p>\n<p>Attori come la CIA, il Mossad o l'MI6 britannico sono ripetutamente citati nel dibattito sull'Iran. Tali prove provengono solitamente da fonti iraniane, occasionalmente da analisi occidentali, spesso da prove indirette e circostanziali. Le prove in senso classico sono raramente accessibili al pubblico, come \u00e8 nella natura di queste operazioni.<\/p>\n<h3>Meccanismi plausibili invece di fantasie di onnipotenza<\/h3>\n<p>\u00c8 necessaria una netta separazione per evitare di scivolare nella speculazione. Non tutto ci\u00f2 che \u00e8 concepibile \u00e8 anche reale. Ma alcune cose che sono reali rimangono invisibili. I meccanismi plausibili di influenza straniera sono ben documentati, non solo in Iran, ma in tutto il mondo. Questi includono<\/p>\n<ul>\n<li>Sostegno ai gruppi politici in esilio<\/li>\n<li>Finanziamento di progetti mediatici<\/li>\n<li>Formazione per attivisti<\/li>\n<li>Fornitura di infrastrutture tecniche<\/li>\n<li>Lavoro mirato di pubbliche relazioni sui media occidentali<\/li>\n<\/ul>\n<p>Tutto ci\u00f2 non significa che le proteste siano \u201econtrollate dall'esterno\u201c. Significa che le tensioni esistenti possono essere utilizzate, intensificate o internazionalizzate. L'esercizio dell'influenza non sostituisce il malcontento sociale, ma si basa su di esso.<\/p>\n<hr \/>\n<h3>Sondaggio attuale sulla fiducia nella politica e nei media<\/h3>\n<div class='bootstrap-yop yop-poll-mc'>\n\t\t\t\t\t\t\t<div class=\"basic-yop-poll-container\" style=\"background-color:#ffffff; border:0px; border-style:solid; border-color:#000000; border-radius:5px; padding:0px 5px;\" data-id=\"1\" data-temp=\"basic-pretty\" data-skin=\"square\" data-cscheme=\"blue\" data-cap=\"0\" data-access=\"guest\" data-tid=\"\" data-uid=\"38e22afcc1fc36bc70ea4201405be378\" data-pid=\"4347\" data-resdet=\"votes-number,percentages\" data-show-results-to=\"guest\" data-show-results-moment=\"after-vote\" data-show-results-only=\"false\" data-show-message=\"true\" data-show-results-as=\"bar\" data-sort-results-by=\"as-defined\" data-sort-results-rule=\"asc\"data-is-ended=\"0\" data-percentages-decimals=\"2\" data-gdpr=\"no\" data-gdpr-sol=\"consent\" data-css=\"\" data-counter=\"0\" data-load-with=\"1\" data-notification-section=\"top\"><div class=\"row\"><div class=\"col-md-12\"><div class=\"basic-inner\"><div class=\"basic-message hide\" style=\"border-left: 10px solid #008000; padding: 0px 10px;\" data-error=\"#ff0000\" data-success=\"#008000\"><p class=\"basic-message-text\" style=\"color:#000000; font-size:14px; font-weight:normal;\"><\/p><\/div><div class=\"basic-overlay hide\"><div class=\"basic-vote-options\"><\/div><div class=\"basic-preloader\"><div class=\"basic-windows8\"><div class=\"basic-wBall basic-wBall_1\"><div class=\"basic-wInnerBall\"><\/div><\/div><div class=\"basic-wBall basic-wBall_2\"><div class=\"basic-wInnerBall\"><\/div><\/div><div class=\"basic-wBall basic-wBall_3\"><div class=\"basic-wInnerBall\"><\/div><\/div><div class=\"basic-wBall basic-wBall_4\"><div class=\"basic-wInnerBall\"><\/div><\/div><div class=\"basic-wBall basic-wBall_5\"><div class=\"basic-wInnerBall\"><\/div><\/div><\/div><\/div><\/div><form class=\"basic-form\" action=\"\"><input type=\"hidden\" name=\"_token\" value=\"f25084482d\" autocomplete=\"off\"><div class=\"basic-elements\"><div class=\"basic-element basic-question basic-question-text-vertical\" data-id=\"1\" data-uid=\"752bf38016f815bd5d5d750b3ed14e68\" data-type=\"question\" data-question-type=\"text\" data-required=\"yes\" data-allow-multiple=\"no\" data-min=\"1\" data-max=\"1\" data-display=\"vertical\" data-colnum=\"\" data-display-others=\"no\" data-others-color=\"\" data-others=\"\" data-others-max-chars=\"0\"><div class=\"basic-question-title\"><h5 style=\"color:#000000; font-size:16px; font-weight:normal; text-align:left;\">Quanta fiducia ha nella politica e nei media in Germania?<\/h5><\/div><ul class=\"basic-answers\"><li class=\"basic-answer\" style=\"padding:0px 0px;\" data-id=\"1\" data-type=\"text\" data-vn=\"10\" data-color=\"#000000\" data-make-link=\"no\" data-link=\"\"><div class=\"basic-answer-content basic-text-vertical\"><label for=\"answer[1]\" class=\"basic-answer-label\"><input type=\"radio\" id=\"answer[1]\" name=\"answer[1]\" value=\"1\"><span class=\"basic-text\" style=\"color: #000000; font-size: 14px; font-weight: normal;\">Molto alto - Ho piena fiducia negli organismi ufficiali<\/span><\/label><\/div><\/li><li class=\"basic-answer\" style=\"padding:0px 0px;\" data-id=\"2\" data-type=\"text\" data-vn=\"22\" data-color=\"#000000\" data-make-link=\"no\" data-link=\"\"><div class=\"basic-answer-content basic-text-vertical\"><label for=\"answer[2]\" class=\"basic-answer-label\"><input type=\"radio\" id=\"answer[2]\" name=\"answer[1]\" value=\"2\"><span class=\"basic-text\" style=\"color: #000000; font-size: 14px; font-weight: normal;\">Medio - Sono cauto, ma non fondamentalmente sospettoso.<\/span><\/label><\/div><\/li><li class=\"basic-answer\" style=\"padding:0px 0px;\" data-id=\"3\" data-type=\"text\" data-vn=\"53\" data-color=\"#000000\" data-make-link=\"no\" data-link=\"\"><div class=\"basic-answer-content basic-text-vertical\"><label for=\"answer[3]\" class=\"basic-answer-label\"><input type=\"radio\" id=\"answer[3]\" name=\"answer[1]\" value=\"3\"><span class=\"basic-text\" style=\"color: #000000; font-size: 14px; font-weight: normal;\">Basso - Controllo personalmente molte cose<\/span><\/label><\/div><\/li><li class=\"basic-answer\" style=\"padding:0px 0px;\" data-id=\"4\" data-type=\"text\" data-vn=\"251\" data-color=\"#000000\" data-make-link=\"no\" data-link=\"\"><div class=\"basic-answer-content basic-text-vertical\"><label for=\"answer[4]\" class=\"basic-answer-label\"><input type=\"radio\" id=\"answer[4]\" name=\"answer[1]\" value=\"4\"><span class=\"basic-text\" style=\"color: #000000; font-size: 14px; font-weight: normal;\">Quasi inesistente - credo che molto sia velato o messo in scena<\/span><\/label><\/div><\/li><\/ul><\/div><div class=\"clearfix\"><\/div><\/div><div class=\"basic-vote\"><a href=\"#\" class=\"button basic-vote-button\" role=\"button\" style=\"background:#027bb8; border:0px; border-style: solid; border-color:#1636f0; border-radius:5px; padding:10px 10px; color:#ffffff; font-size:14px; font-weight:normal;\">Voto<\/a><\/div><input type=\"hidden\" name=\"trp-form-language\" value=\"it\"\/><\/form><\/div><\/div><\/div><\/div>\n\t\t\t\t\t\t<\/div>\n<hr \/>\n<h3>Il ruolo dell'esilio<\/h3>\n<p>Un fattore centrale, spesso sottovalutato, \u00e8 l'esilio iraniano. Molte voci dell'opposizione vivono fuori dal Paese, soprattutto in Europa e in Nord America. Hanno accesso ai media, alle reti politiche e alle strutture di finanziamento. La loro prospettiva influenza fortemente il discorso internazionale.<\/p>\n<p>L'esilio non \u00e8 un blocco omogeneo. Si va dai riformatori liberali agli oppositori radicali del sistema. Tuttavia, queste differenze sono raramente visibili nel discorso occidentale. La critica dall'esilio \u00e8 spesso percepita come la voce autentica dell\u201e\u201cIran\", anche se riflette solo una parte della realt\u00e0 sociale.<\/p>\n<p>Questo cambiamento ha conseguenze di vasta portata. Rafforza alcune narrazioni e ne sopprime altre. E crea una cassa di risonanza a cui possono attingere gli attori esterni.<\/p>\n<h3>I media come amplificatori, non come menti<\/h3>\n<p>\u00c8 importante fare un'ulteriore distinzione: i media di solito non sono le menti di questo processo, ma amplificatori. Essi si occupano di argomenti che promettono attenzione, che appaiono moralmente chiari e che sono facili da raccontare.<\/p>\n<p>Le proteste in Iran soddisfano questi criteri. Possono essere illustrate emotivamente, categorizzate politicamente e caricate geopoliticamente. Il fatto che certe voci vengano ascoltate pi\u00f9 spesso di altre non \u00e8 tanto una cospirazione quanto un problema strutturale.<\/p>\n<p>Ma questa struttura \u00e8 vulnerabile. Pu\u00f2 essere usata deliberatamente. Le narrazioni possono essere impostate, rafforzate e spostate, senza bisogno di un comando diretto.<\/p>\n<h3>Dove finisce la dimostrabilit\u00e0<\/h3>\n<p>A questo punto, qualsiasi analisi seria raggiunge i suoi limiti. I dettagli operativi concreti sono raramente verificabili pubblicamente. I documenti rimangono segreti, le fonti anonime, le dichiarazioni contraddittorie. Chiunque pretenda certezze assolute qui abbandona il terreno della seriet\u00e0.<\/p>\n<p>Per questo motivo \u00e8 necessaria la moderazione. \u00c8 legittimo dire che ci sono indicazioni, indizi, esperienze storiche e interessi plausibili. Non \u00e8 legittimo dire: \"\u00c8 andata cos\u00ec\".<\/p>\n<p>Questa apertura non \u00e8 una debolezza, ma un punto di forza. Protegge dall'ideologizzazione, in entrambe le direzioni.<\/p>\n<h3>Cui bono - la vecchia domanda<\/h3>\n<p>Uno strumento classico di ogni analisi \u00e8 la questione dei benefici. Chi beneficia dell'instabilit\u00e0 in Iran? Chi dalle sanzioni? Chi beneficia di un attore regionale indebolito?<\/p>\n<p>Queste domande non portano automaticamente ad attribuire le colpe, ma rendono pi\u00f9 acuta l'attenzione. In una regione in cui l'equilibrio di potere \u00e8 cruciale, nessun conflitto \u00e8 privo di conseguenze. L'Iran non \u00e8 solo uno Stato, ma un fattore - politico, militare ed economico.<\/p>\n<p>Non \u00e8 un segreto che gli attori esterni vogliano osservare e influenzare questa dinamica. La questione non \u00e8 se, ma in che misura.<\/p>\n<h3>Il sentiero oscuro come capitolo aperto<\/h3>\n<p>Questo capitolo non fornisce una risoluzione. Non determina i colpevoli. Segue una traccia - cauta, scettica, aperta. Il sentiero oscuro non \u00e8 fatto di certezze, ma di sovrapposizioni: di interessi, di possibilit\u00e0 e di esperienze storiche.<\/p>\n<p>Il documento mostra perch\u00e9 sarebbe troppo semplicistico considerare le proteste in Iran solo come un fenomeno interno, e altrettanto sbagliato esternarle completamente.<\/p>\n<p>La realt\u00e0 si muove tra questi poli. Ed \u00e8 proprio qui che l'Iran diventa ci\u00f2 che lo rende cos\u00ec difficile da capire: un Paese i cui conflitti interni generano sempre una risonanza esterna.<\/p>\n<div style=\"overflow-x: auto;\">\n<table>\n<thead style=\"background-color: #f0f0f0;\">\n<tr>\n<th>Anno<\/th>\n<th>Evento<\/th>\n<th>Attori coinvolti<\/th>\n<th>Tipo di influenza<\/th>\n<th>Classificazione<\/th>\n<\/tr>\n<\/thead>\n<tbody>\n<tr>\n<td><strong>1979<\/strong><\/td>\n<td>Il rovesciamento dello sci\u00e0 e la rivoluzione islamica<\/td>\n<td>Attori politici nazionali, opposizione in esilio<\/td>\n<td>Sconvolgimenti politici<\/td>\n<td>Punto di partenza dell'ordine di oggi<\/td>\n<\/tr>\n<tr>\n<td><strong>1980-1988<\/strong><\/td>\n<td>Guerra Iran-Iraq<\/td>\n<td>Iraq, Stati occidentali e regionali<\/td>\n<td>Sostegno militare all'Iraq<\/td>\n<td>Dare forma al pensiero della sicurezza<\/td>\n<\/tr>\n<tr>\n<td><strong>1990s<\/strong><\/td>\n<td>Regime di sanzioni e isolamento<\/td>\n<td>Stati Uniti, alleati<\/td>\n<td>Pressione economica<\/td>\n<td>Effetto strutturale a lungo termine<\/td>\n<\/tr>\n<tr>\n<td><strong>2009<\/strong><\/td>\n<td>Proteste dopo le elezioni presidenziali<\/td>\n<td>Gruppi di opposizione, media in esilio<\/td>\n<td>Internazionalizzazione dei media<\/td>\n<td>La prima grande narrazione globale<\/td>\n<\/tr>\n<tr>\n<td><strong>2018<\/strong><\/td>\n<td>Ritiro dall'accordo nucleare<\/td>\n<td>STATI UNITI D'AMERICA<\/td>\n<td>Inasprimento delle sanzioni<\/td>\n<td>Escalation economica<\/td>\n<\/tr>\n<tr>\n<td><strong>2022-2023<\/strong><\/td>\n<td>Ondate di protesta e campagne internazionali<\/td>\n<td>Reti di attivisti, media, governi<\/td>\n<td>Influenza politico-mediatica<\/td>\n<td>Forti effetti narrativi<\/td>\n<\/tr>\n<\/tbody>\n<\/table>\n<\/div>\n<h2>Un paese al crocevia degli interessi<\/h2>\n<p>L'Iran non \u00e8 uno Stato isolato ai margini della politica mondiale. Si trova in uno degli snodi geopolitici pi\u00f9 sensibili in assoluto. Chiunque guardi all'Iran guarda inevitabilmente alle rotte commerciali, ai flussi energetici, alle zone di influenza militare e alle rivalit\u00e0 storiche.<\/p>\n<p>La sua posizione sul Golfo Persico e nelle immediate vicinanze dello Stretto di Hormuz rende il Paese strategicamente importante. Una parte significativa del commercio mondiale di petrolio passa attraverso questo corridoio. La stabilit\u00e0 o l'instabilit\u00e0 dell'Iran, quindi, non ha mai solo un impatto regionale.<\/p>\n<p>Questa realt\u00e0 geografica spiega perch\u00e9 l'Iran \u00e8 stato al centro dell'attenzione internazionale per decenni, indipendentemente dall'evoluzione della sua politica interna.<\/p>\n<h3>L'Iran come fattore di potenza regionale<\/h3>\n<p>L'Iran non si considera principalmente uno Stato nazionale di tipo occidentale, ma piuttosto una potenza regionale. Questa autopercezione \u00e8 alimentata dalla storia, dalla cultura e dall'esperienza politica. Spiega perch\u00e9 Teheran \u00e8 presente nelle regioni limitrofe - politicamente, militarmente o ideologicamente.<\/p>\n<p>Per molti osservatori occidentali, questa posizione appare espansiva o destabilizzante. Dal punto di vista iraniano, invece, appare difensivo: una salvaguardia contro l'accerchiamento, le sanzioni e la pressione militare.<\/p>\n<p>Non c'\u00e8 alcun malinteso tra queste interpretazioni, ma piuttosto un classico conflitto di interessi. E questo conflitto caratterizza quasi tutte le valutazioni di politica estera sull'Iran.<\/p>\n<h3>Israele, sicurezza e narrazioni esistenziali<\/h3>\n<p>Poche relazioni sono cos\u00ec cariche come quella tra Iran e Israele. Qui si scontrano due narrazioni di sicurezza che si escludono a vicenda. Per Israele, l'Iran rappresenta una minaccia esistenziale, sia ideologica che militare. Per l'Iran, invece, Israele fa parte di una struttura di potere dominata dall'Occidente che limita la sua autonomia regionale.<\/p>\n<p>Questa costellazione spiega la durezza della retorica da entrambe le parti. Spiega anche perch\u00e9 ogni movimento politico interno in Iran viene immediatamente interpretato in termini geopolitici. Un Iran indebolito sposterebbe l'equilibrio di potere regionale, mentre un Iran stabile lo manterrebbe in equilibrio.<\/p>\n<p>Il fatto che i servizi di intelligence, i militari e gli strateghi monitorino costantemente questa area di tensione non \u00e8 una sorpresa, ma la normalit\u00e0 della politica internazionale.<\/p>\n<h3>Gli Stati Uniti e la memoria lunga<\/h3>\n<p>Le relazioni dell'Iran con gli Stati Uniti sono caratterizzate da diffidenza e rotture storiche. Nel corso dei decenni, sanzioni, minacce e ere glaciali diplomatiche hanno creato una dinamica in cui qualsiasi riavvicinamento rimane fragile.<\/p>\n<p>Per gli Stati Uniti, l'Iran non \u00e8 tanto un Paese quanto un fattore: nella politica energetica, nell'architettura di sicurezza del Medio Oriente, nelle relazioni con gli alleati. Gli sviluppi politici interni in Iran sono quindi sempre visti attraverso una lente strategica.<\/p>\n<p>Questa prospettiva riduce la complessit\u00e0. Si interroga meno sulla realt\u00e0 sociale e pi\u00f9 sull'impatto geopolitico. Le proteste diventano cos\u00ec rapidamente proxy di questioni di potere pi\u00f9 ampie.<\/p>\n<h3>Teoria dei giochi, Trump e il programma nucleare iraniano<\/h3>\n<p>Un'altra prospettiva interessante sul conflitto in Iran proviene dal campo della teoria dei giochi, presentata da Christian Rieck in un dettagliato video su YouTube. Questa analisi esamina il modo in cui gli attori politici prendono decisioni strategiche quando si scontrano interessi contrastanti, ad esempio nel caso del programma nucleare iraniano e della politica americana del presidente Donald Trump. Rieck utilizza la teoria dei giochi per analizzare come la pressione, le strategie di \u201emassima pressione\u201c e le possibili opzioni militari interagiscono tra loro per influenzare o bloccare lo sviluppo delle capacit\u00e0 nucleari.<\/p>\n<div class=\"lyte-wrapper\" style=\"width:640px;max-width:100%;margin:5px;\"><div class=\"lyMe\" id=\"WYL_BsiIZwwHrhs\"><div id=\"lyte_BsiIZwwHrhs\" data-src=\"https:\/\/www.markus-schall.de\/wp-content\/plugins\/wp-youtube-lyte\/lyteCache.php?origThumbUrl=%2F%2Fi.ytimg.com%2Fvi%2FBsiIZwwHrhs%2Fhqdefault.jpg\" class=\"pL\"><div class=\"tC\"><div class=\"tT\"><\/div><\/div><div class=\"play\"><\/div><div class=\"ctrl\"><div class=\"Lctrl\"><\/div><div class=\"Rctrl\"><\/div><\/div><\/div><noscript><a href=\"https:\/\/youtu.be\/BsiIZwwHrhs\" rel=\"nofollow noopener\" target=\"_blank\"><img loading=\"lazy\" decoding=\"async\" src=\"https:\/\/www.markus-schall.de\/wp-content\/plugins\/wp-youtube-lyte\/lyteCache.php?origThumbUrl=https%3A%2F%2Fi.ytimg.com%2Fvi%2FBsiIZwwHrhs%2F0.jpg\" alt=\"Miniatura del video di YouTube\" width=\"640\" height=\"340\" \/><br \/>Guarda questo video su YouTube<\/a><\/noscript><\/div><\/div><div class=\"lL\" style=\"max-width:100%;width:640px;margin:5px;\"><\/div><br \/>\nDistruzione del programma nucleare iraniano: la strategia del presidente Trump <a href=\"https:\/\/www.youtube.com\/@ProfRieck\" target=\"_blank\" rel=\"nofollow noopener\">Prof Dr. Christian Rieck<\/a><\/p>\n<p>Questo approccio non cerca semplicemente di valutare le decisioni politiche come buone o cattive, ma di leggerle come mosse strategiche in un complesso gioco internazionale - con aspettative reciproche, minacce e possibili ritirate per entrambe le parti. Il video offre quindi un supplemento analitico alle osservazioni giornalistiche e storiche sul programma nucleare iraniano, come quelle affrontate nelle discussioni sulle attuali sanzioni e operazioni militari.<\/p>\n<h3>L'Europa tra moralit\u00e0 e dipendenza<\/h3>\n<p>L'Europa - e quindi anche l'Unione Europea - svolge un ruolo ambivalente. Da un lato, c'\u00e8 la pretesa di difendere gli standard dei diritti umani. Dall'altro, ci sono interessi di politica economica e di sicurezza che richiedono una cooperazione.<\/p>\n<p>Questa tensione porta a una politica di passi a met\u00e0: critiche senza conseguenze, dialogo senza svolte. L'Iran viene affrontato moralmente, ma raramente viene realmente coinvolto strategicamente. Ci\u00f2 rafforza la sensazione di insincerit\u00e0 reciproca.<\/p>\n<p>Per l'Iran, questo comportamento conferma l'ipotesi che le posizioni europee siano in ultima analisi scavalcate dagli interessi transatlantici. Questo non crea fiducia.<\/p>\n<h3>Energia, sanzioni e vincoli strutturali<\/h3>\n<p>La politica energetica \u00e8 un motore spesso sottovalutato delle tensioni geopolitiche. L'Iran possiede enormi riserve di petrolio e gas. Allo stesso tempo, \u00e8 in gran parte tagliato fuori dal mercato internazionale a causa delle sanzioni.<\/p>\n<p>Questa situazione crea effetti paradossali. Da un lato, le sanzioni indeboliscono l'economia. Dall'altro, costringono all'autosufficienza, alla creazione di reti regionali e alla ricerca strategica di partner esterni alle strutture occidentali.<\/p>\n<p>Di conseguenza, l'Iran \u00e8 meno isolato di quanto spesso si crede, ma \u00e8 collegato in rete in modo diverso. Questa rete modifica gli assi di potere globali e allo stesso tempo rende il Paese pi\u00f9 imprevedibile per gli attori occidentali.<\/p>\n<h3>La politica interna come superficie di proiezione<\/h3>\n<p>In questo contesto, diventa comprensibile il motivo per cui i conflitti politici interni in Iran sono raramente visti per quello che sono: un'espressione di conflitto sociale. Diventano invece una superficie di proiezione per le aspettative geopolitiche.<\/p>\n<p>Una protesta non viene pi\u00f9 valutata solo in base ai risultati ottenuti in Iran, ma anche in base a ci\u00f2 che potrebbe significare per i rapporti di forza regionali. Questa sovrapposizione distorce la visione, sia verso l'interno che verso l'esterno.<\/p>\n<p>Per molti iraniani, questo d\u00e0 l'impressione che il loro Paese sia percepito meno come una societ\u00e0 e pi\u00f9 come un campo da gioco.<\/p>\n<h3>Perch\u00e9 l'Iran non dovr\u00e0 mai essere \u201enormale<\/h3>\n<p>Viene in mente un pensiero scomodo: L'Iran non si inserisce bene in un ordine mondiale che favorisce classificazioni nette. Non \u00e8 n\u00e9 un chiaro alleato n\u00e9 un chiaro avversario. \u00c8 moderno e tradizionale, stabile e conflittuale, integrato e isolato allo stesso tempo.<\/p>\n<p>Questa ambivalenza lo rende difficile da gestire. E spiega perch\u00e9 l'Iran \u00e8 raramente trattato come un Paese normale. La normalit\u00e0 significherebbe riconoscimento - e quindi perdita di influenza per gli altri attori.<\/p>\n<p>Questo capitolo mostra perch\u00e9 qualsiasi analisi dell'Iran rimane incompleta se si limita alla politica interna. L'Iran fa parte di un gioco pi\u00f9 ampio - non come vittima, non come mente, ma come attore con i propri interessi e opzioni limitate.<\/p>\n<p>Se si vuole capire l'Iran, bisogna pensare a questi livelli insieme. Le tensioni sociali, le proteste, le reazioni dello Stato: tutto questo si manifesta solo in un contesto geopolitico.<\/p>\n<p>Ed \u00e8 proprio per questo che il percorso conduce ora al passo finale: la domanda su cosa possiamo ricavare da tutto questo - e cosa no.<\/p>\n<p><img loading=\"lazy\" decoding=\"async\" class=\"alignnone wp-image-4502 size-large\" src=\"https:\/\/www.markus-schall.de\/wp-content\/uploads\/Iran-Geopolitische-Interessen.jpg\" alt=\"L&#039;Iran al centro degli interessi geopolitici\" width=\"1024\" height=\"683\" srcset=\"https:\/\/www.markus-schall.de\/wp-content\/uploads\/Iran-Geopolitische-Interessen.jpg 1024w, https:\/\/www.markus-schall.de\/wp-content\/uploads\/Iran-Geopolitische-Interessen-300x200.jpg 300w, https:\/\/www.markus-schall.de\/wp-content\/uploads\/Iran-Geopolitische-Interessen-768x512.jpg 768w, https:\/\/www.markus-schall.de\/wp-content\/uploads\/Iran-Geopolitische-Interessen-18x12.jpg 18w\" sizes=\"auto, (max-width: 1024px) 100vw, 1024px\" \/><\/p>\n<h2>La scomoda constatazione e il motivo per cui le risposte semplici non sono d'aiuto<\/h2>\n<p>Alla fine di ogni lunga analisi c'\u00e8 di solito un'aspettativa: una risposta chiara. Chi ha ragione? Chi ha torto? Chi \u00e8 da biasimare? Ma pi\u00f9 ci si addentra nell'Iran, pi\u00f9 diventa chiaro che il problema \u00e8 proprio questa chiarezza.<\/p>\n<p>L'Iran sfida le interpretazioni pi\u00f9 semplici. Non perch\u00e9 sia particolarmente misterioso, ma perch\u00e9 \u00e8 contraddittorio, come molte societ\u00e0 sotto pressione. Sistemi politici, realt\u00e0 sociali, esperienze storiche e interessi esterni si sovrappongono. Chiunque tenti di formulare una storia chiara a partire da questo perde inevitabilmente parti della realt\u00e0.<\/p>\n<p>Questa consapevolezza \u00e8 scomoda. Perch\u00e9 richiede di rinunciare alle certezze.<\/p>\n<h3>N\u00e9 demone n\u00e9 ideale<\/h3>\n<p>L'Iran non \u00e8 n\u00e9 il quadro sinistro e distorto che alcuni titoli dipingono, n\u00e9 una vittima incompresa priva di responsabilit\u00e0. \u00c8 uno Stato con strutture autoritarie e restrizioni reali. Allo stesso tempo, \u00e8 una societ\u00e0 con una vita quotidiana funzionante, diversit\u00e0 interna e accordi pragmatici.<\/p>\n<p>Entrambi esistono allo stesso tempo. Ed \u00e8 proprio questa simultaneit\u00e0 che spesso non viene tollerata nel discorso pubblico. La critica \u00e8 o moralmente esagerata o riflessivamente relativizzata. La comprensione viene confusa con la giustificazione, lo scetticismo con la partigianeria.<\/p>\n<p>Ma comprendere non significa approvare. E la critica non perde la sua acutezza se \u00e8 formulata in modo differenziato.<\/p>\n<h3>I limiti delle narrazioni morali<\/h3>\n<p>Le narrazioni morali hanno un effetto potente. Strutturano la percezione, creano orientamento e mobilitano l'indignazione. Ma hanno anche un limite: semplificano.<\/p>\n<p>Nel caso dell'Iran, questa semplificazione porta a personalizzare i processi politici, a omogeneizzare le tensioni sociali e a ignorare gli interessi esterni. Il risultato \u00e8 un quadro emotivamente convincente, ma che spiega poco dal punto di vista analitico.<\/p>\n<p>Chiunque si impegni seriamente con l'Iran deve uscire da questa zona di comfort morale. Ci\u00f2 non significa abbandonare i valori. Significa non usarli come sostituto dell'analisi.<\/p>\n<h3>L'alfabetizzazione mediatica come responsabilit\u00e0 politica<\/h3>\n<p>Un dato centrale di questo testo non riguarda l'Iran, ma noi. Il modo in cui parliamo di altri Paesi dice molto sulle nostre abitudini di pensiero. Sulla nostra disponibilit\u00e0 ad accettare l'ambivalenza. Sulla nostra pazienza nei confronti della complessit\u00e0.<\/p>\n<p>I media forniscono offerte. Stabiliscono priorit\u00e0, scelgono immagini e formulano interpretazioni. Ma i lettori sono responsabili del modo in cui accettano queste offerte. Se si prende ogni titolo come se fosse tutta la verit\u00e0, si delega il pensiero. Se si legge solo ci\u00f2 che conferma il proprio atteggiamento, si restringe la visuale.<\/p>\n<p>Questa responsabilit\u00e0 \u00e8 particolarmente importante quando si tratta di argomenti di natura geopolitica. Dopo tutto, le parole plasmano la realt\u00e0 - almeno la nostra percezione di essa.<\/p>\n<h3>Cosa rimane quando si guarda pi\u00f9 da vicino<\/h3>\n<p>Cosa rimane quindi quando si guarda all'Iran al di l\u00e0 dei titoli dei giornali?<\/p>\n<p>Resta un Paese con tensioni interne, ma anche con una notevole stabilit\u00e0. Una societ\u00e0 in equilibrio tra adattamento e cambiamento. Un sistema politico autoritario, ma non arbitrario. E un attore geopolitico che non solo reagisce, ma persegue anche i propri interessi.<\/p>\n<p>Soprattutto, per\u00f2, resta la consapevolezza che la realt\u00e0 raramente si trova dove viene rivendicata a gran voce.<\/p>\n<h3>Nessuna conclusione facile, ma domande migliori<\/h3>\n<p>Questo testo non fornisce istruzioni per l'azione. Non dice cosa si \u201edovrebbe\u201c pensare. Ci invita semplicemente a guardare pi\u00f9 da vicino. A porre domande invece di dare per scontate le risposte. A sopportare le contraddizioni invece di risolverle.<\/p>\n<p>Forse questo \u00e8 il punto pi\u00f9 importante: la maturit\u00e0 politica non si dimostra con giudizi chiari, ma con la capacit\u00e0 di accettare l'incertezza.<\/p>\n<p>L'Iran rimarr\u00e0 un problema anche in futuro. Le proteste andranno e verranno. I media riporteranno, commenteranno e intensificheranno. Gli interessi avranno effetto - apertamente o segretamente. Tutto questo fa parte di una realt\u00e0 che non pu\u00f2 essere risolta. Ci\u00f2 che pu\u00f2 cambiare \u00e8 il modo in cui la affrontiamo.<\/p>\n<p>Chi \u00e8 disposto a staccarsi dalle semplici narrazioni non ottiene un vantaggio morale. Ma otterr\u00e0 qualcos'altro: una visione pi\u00f9 chiara.<\/p>\n<p>E a volte questo \u00e8 proprio il massimo che si pu\u00f2 ottenere.<\/p>\n<h3>Quando l'analisi diventa improvvisamente realt\u00e0<\/h3>\n<p><a href=\"https:\/\/www.markus-schall.de\/it\/2026\/03\/il-conflitto-iran-israele-perche-questa-escalation-e-lincubo-strategico-delloccidente\/\"><img loading=\"lazy\" decoding=\"async\" class=\"alignright wp-image-5217 size-medium\" src=\"https:\/\/www.markus-schall.de\/wp-content\/uploads\/Israel-Iran-Strategischer-Albtraum-300x200.jpg\" alt=\"Israele-Iran - Incubo strategico\" width=\"300\" height=\"200\" srcset=\"https:\/\/www.markus-schall.de\/wp-content\/uploads\/Israel-Iran-Strategischer-Albtraum-300x200.jpg 300w, https:\/\/www.markus-schall.de\/wp-content\/uploads\/Israel-Iran-Strategischer-Albtraum-768x512.jpg 768w, https:\/\/www.markus-schall.de\/wp-content\/uploads\/Israel-Iran-Strategischer-Albtraum-18x12.jpg 18w, https:\/\/www.markus-schall.de\/wp-content\/uploads\/Israel-Iran-Strategischer-Albtraum.jpg 1024w\" sizes=\"auto, (max-width: 300px) 100vw, 300px\" \/><\/a>Quando \u00e8 stato scritto questo articolo sull'Iran, l'obiettivo principale era quello di capire il Paese al di l\u00e0 dei soliti titoli di giornale: la sua vita quotidiana, la sua societ\u00e0 e le tensioni tra il governo e la popolazione. Ma mentre molti di questi argomenti sembravano ancora analisi di sfondo, la situazione geopolitica \u00e8 ora giunta a un punto drammatico. Il conflitto tra Iran e Israele \u00e8 entrato in una nuova fase e molte delle questioni che erano rimaste sullo sfondo sono improvvisamente al centro della politica mondiale. Nel mio nuovo editoriale <a href=\"https:\/\/www.markus-schall.de\/it\/2026\/03\/il-conflitto-iran-israele-perche-questa-escalation-e-lincubo-strategico-delloccidente\/\"><em><strong>\u201eIran-Israele: perch\u00e9 questo conflitto \u00e8 un incubo dal punto di vista strategico\u201c<\/strong><\/em><\/a> Mi spingo quindi oltre e analizzo le dinamiche geopolitiche alla base dell'escalation - da decenni di avvertimenti nucleari al ruolo delle grandi potenze.<\/p>\n<hr \/>\n\n\t\t\t<div class=\"display-post-types\">\n\n\t\t\t\t\t\t\t<style type=\"text\/css\">\n\t\t\t#dpt-wrapper-626 { --dpt-text-align: left;--dpt-image-crop: center;--dpt-border-radius: 5px;--dpt-h-gutter: 10px;--dpt-v-gutter: 9px; }\t\t\t<\/style>\n\t\t\t<style type=\"text\/css\">#dpt-wrapper-626 { --dpt-title-font-style:normal;--dpt-title-font-weight:600;--dpt-title-line-height:1.5;--dpt-title-text-decoration:none;--dpt-title-text-transform:none;--dpt-excerpt-font-style:normal;--dpt-excerpt-font-weight:400;--dpt-excerpt-line-height:1.5;--dpt-excerpt-text-decoration:none;--dpt-excerpt-text-transform:none;--dpt-meta1-font-style:normal;--dpt-meta1-font-weight:400;--dpt-meta1-line-height:1.9;--dpt-meta1-text-decoration:none;--dpt-meta1-text-transform:none;--dpt-meta2-font-style:normal;--dpt-meta2-font-weight:400;--dpt-meta2-line-height:1.9;--dpt-meta2-text-decoration:none;--dpt-meta2-text-transform:none; }<\/style><div class=\"dpt-main-header\">\n\t\t\t\t\t\t<div class=\"dpt-main-title\">\n\t\t\t\t\t\t\t<span class=\"dpt-main-title-text\">Articoli attuali su arte e cultura<\/span>\n\t\t\t\t\t\t<\/div>\n\t\t\t\t\t\t\n\t\t\t\t\t\t\n\t\t\t\t\t\t\n\t\t\t\t\t\t<\/div>\t\t\t\n\t\t\t\t<div id=\"dpt-wrapper-626\" class=\"dpt-wrapper dpt-mag1 land1 dpt-cropped dpt-flex-wrap\" >\n\n\t\t\t\t\t\t\t\t\t\t\t<div class=\"dpt-entry has-thumbnail\" data-title=\"ulrike gu\u00e9rot: eine europ\u00e4erin zwischen idee, universit\u00e4t und \u00f6ffentlichem diskurs\" data-id=\"4039\"  data-category=\"allgemein gesellschaft kunst &amp; kultur\" data-post_tag=\"denkmodelle deutschland europa geopolitik krisen meinungsfreiheit portrait sicherheitspolitik spieltheorie\">\n\t\t\t\t\t\t\t<div class=\"dpt-entry-wrapper\"><div class=\"dpt-featured-content\"><div class=\"dpt-permalink\"><a href=\"https:\/\/www.markus-schall.de\/it\/2025\/12\/ulrike-guerot-un-europeo-tra-idea-di-universita-e-discorso-pubblico\/\" class=\"dpt-permalink\"><span class=\"screen-reader-text\">Ulrike Gu\u00e9rot: un'europea tra idea, universit\u00e0 e discorso pubblico<\/span><\/a><\/div><div class=\"dpt-thumbnail\"><div class=\"dpt-thumbnail-inner\"><img width=\"1024\" height=\"683\" class=\"attachment-full size-full\" alt=\"Ulrike Gu\u00e9rot e l&#039;Europa\" context=\"dpt\" data-dpt-src=\"https:\/\/www.markus-schall.de\/wp-content\/uploads\/ulrike-guerot-portrait.jpg\" data-dpt-sizes=\"(max-width: 1024px) 100vw, 1024px\" data-dpt-srcset=\"https:\/\/www.markus-schall.de\/wp-content\/uploads\/ulrike-guerot-portrait.jpg 1024w, https:\/\/www.markus-schall.de\/wp-content\/uploads\/ulrike-guerot-portrait-300x200.jpg 300w, https:\/\/www.markus-schall.de\/wp-content\/uploads\/ulrike-guerot-portrait-768x512.jpg 768w, https:\/\/www.markus-schall.de\/wp-content\/uploads\/ulrike-guerot-portrait-18x12.jpg 18w\" \/><\/div><span class=\"dpt-thumbnail-aspect-ratio\" style=\"padding-top: 75%\"><\/span><\/div><\/div><div class=\"sub-entry\"><h3 class=\"dpt-title\"><a class=\"dpt-title-link\" href=\"https:\/\/www.markus-schall.de\/it\/2025\/12\/ulrike-guerot-un-europeo-tra-idea-di-universita-e-discorso-pubblico\/\" rel=\"bookmark\">Ulrike Gu\u00e9rot: un'europea tra idea, universit\u00e0 e discorso pubblico<\/a><\/h3><\/div><\/div>\n\t\t\t\t\t\t<\/div><!-- .dpt-entry -->\n\t\t\t\t\t\t\t\t\t\t\t\t<div class=\"dpt-entry has-thumbnail\" data-title=\"mehr als punk: nina hagen, cosma shiva und die kunst, sich nicht vereinnahmen zu lassen\" data-id=\"4521\"  data-category=\"allgemein gesellschaft kunst &amp; kultur\" data-post_tag=\"auswandern deutschland erfahrungen europa krisen meinungsfreiheit musik portrait\">\n\t\t\t\t\t\t\t<div class=\"dpt-entry-wrapper\"><div class=\"dpt-featured-content\"><div class=\"dpt-permalink\"><a href=\"https:\/\/www.markus-schall.de\/it\/2026\/01\/piu-che-punk-nina-hagen-cosma-shiva-e-larte-di-non-farsi-prendere-in-giro\/\" class=\"dpt-permalink\"><span class=\"screen-reader-text\">Pi\u00f9 che punk: Nina Hagen, Cosma Shiva e l'arte di non lasciarsi ingannare<\/span><\/a><\/div><div class=\"dpt-thumbnail\"><div class=\"dpt-thumbnail-inner\"><img width=\"1024\" height=\"683\" class=\"attachment-full size-full\" alt=\"Ritratto di Nina e Cosma Shiva Hagen\" context=\"dpt\" data-dpt-src=\"https:\/\/www.markus-schall.de\/wp-content\/uploads\/Nina-Cosma-Shiva-Hagen-Titel.jpg\" data-dpt-sizes=\"(max-width: 1024px) 100vw, 1024px\" data-dpt-srcset=\"https:\/\/www.markus-schall.de\/wp-content\/uploads\/Nina-Cosma-Shiva-Hagen-Titel.jpg 1024w, https:\/\/www.markus-schall.de\/wp-content\/uploads\/Nina-Cosma-Shiva-Hagen-Titel-300x200.jpg 300w, https:\/\/www.markus-schall.de\/wp-content\/uploads\/Nina-Cosma-Shiva-Hagen-Titel-768x512.jpg 768w, https:\/\/www.markus-schall.de\/wp-content\/uploads\/Nina-Cosma-Shiva-Hagen-Titel-18x12.jpg 18w\" \/><\/div><span class=\"dpt-thumbnail-aspect-ratio\" style=\"padding-top: 75%\"><\/span><\/div><\/div><div class=\"sub-entry\"><h3 class=\"dpt-title\"><a class=\"dpt-title-link\" href=\"https:\/\/www.markus-schall.de\/it\/2026\/01\/piu-che-punk-nina-hagen-cosma-shiva-e-larte-di-non-farsi-prendere-in-giro\/\" rel=\"bookmark\">Pi\u00f9 che punk: Nina Hagen, Cosma Shiva e l'arte di non lasciarsi ingannare<\/a><\/h3><\/div><\/div>\n\t\t\t\t\t\t<\/div><!-- .dpt-entry -->\n\t\t\t\t\t\t\t\t\t\t\t\t<div class=\"dpt-entry has-thumbnail\" data-title=\"zukunft mit ladeger\u00e4t \u2013 herr von l&#8217;oreot kauft einen e-scooter\" data-id=\"3229\"  data-category=\"allgemein gesellschaft kunst &amp; kultur stories &amp; humor\" data-post_tag=\"erfahrungen\">\n\t\t\t\t\t\t\t<div class=\"dpt-entry-wrapper\"><div class=\"dpt-featured-content\"><div class=\"dpt-permalink\"><a href=\"https:\/\/www.markus-schall.de\/it\/2025\/10\/futuro-con-caricabatterie-il-signor-von-loreot-compra-un-e-scooter\/\" class=\"dpt-permalink\"><span class=\"screen-reader-text\">Il futuro con il caricabatterie - Il signor von L'oreot acquista un e-scooter<\/span><\/a><\/div><div class=\"dpt-thumbnail\"><div class=\"dpt-thumbnail-inner\"><img width=\"1024\" height=\"747\" class=\"attachment-full size-full\" alt=\"\" context=\"dpt\" data-dpt-src=\"https:\/\/www.markus-schall.de\/wp-content\/uploads\/loereot-e-scooter-1.jpg\" data-dpt-sizes=\"(max-width: 1024px) 100vw, 1024px\" data-dpt-srcset=\"https:\/\/www.markus-schall.de\/wp-content\/uploads\/loereot-e-scooter-1.jpg 1024w, https:\/\/www.markus-schall.de\/wp-content\/uploads\/loereot-e-scooter-1-300x219.jpg 300w, https:\/\/www.markus-schall.de\/wp-content\/uploads\/loereot-e-scooter-1-768x560.jpg 768w, https:\/\/www.markus-schall.de\/wp-content\/uploads\/loereot-e-scooter-1-16x12.jpg 16w\" \/><\/div><span class=\"dpt-thumbnail-aspect-ratio\" style=\"padding-top: 75%\"><\/span><\/div><\/div><div class=\"sub-entry\"><h3 class=\"dpt-title\"><a class=\"dpt-title-link\" href=\"https:\/\/www.markus-schall.de\/it\/2025\/10\/futuro-con-caricabatterie-il-signor-von-loreot-compra-un-e-scooter\/\" rel=\"bookmark\">Il futuro con il caricabatterie - Il signor von L'oreot acquista un e-scooter<\/a><\/h3><\/div><\/div>\n\t\t\t\t\t\t<\/div><!-- .dpt-entry -->\n\t\t\t\t\t\t\t\t\t\t\t\t<div class=\"dpt-entry has-thumbnail\" data-title=\"apple im wandel: fr\u00fche ger\u00e4te, eigene erfahrungen und eine ausstellung im ocm\" data-id=\"5480\"  data-category=\"allgemein apple iphone &amp; ipad apple macos hardware kunst &amp; kultur stories &amp; humor\" data-post_tag=\"apple erfahrungen filemaker mac prozesse publishing\">\n\t\t\t\t\t\t\t<div class=\"dpt-entry-wrapper\"><div class=\"dpt-featured-content\"><div class=\"dpt-permalink\"><a href=\"https:\/\/www.markus-schall.de\/it\/2026\/03\/apple-in-transition-i-primi-dispositivi-le-proprie-esperienze-e-una-mostra-allocm\/\" class=\"dpt-permalink\"><span class=\"screen-reader-text\">Apple in transizione: primi dispositivi, esperienze personali e una mostra all'OCM<\/span><\/a><\/div><div class=\"dpt-thumbnail\"><div class=\"dpt-thumbnail-inner\"><img width=\"1024\" height=\"683\" class=\"attachment-full size-full\" alt=\"Apple Macintosh Classic e Colour Classic\" context=\"dpt\" data-dpt-src=\"https:\/\/www.markus-schall.de\/wp-content\/uploads\/Apple-OCM-Titel.jpg\" data-dpt-sizes=\"(max-width: 1024px) 100vw, 1024px\" data-dpt-srcset=\"https:\/\/www.markus-schall.de\/wp-content\/uploads\/Apple-OCM-Titel.jpg 1024w, https:\/\/www.markus-schall.de\/wp-content\/uploads\/Apple-OCM-Titel-300x200.jpg 300w, https:\/\/www.markus-schall.de\/wp-content\/uploads\/Apple-OCM-Titel-768x512.jpg 768w, https:\/\/www.markus-schall.de\/wp-content\/uploads\/Apple-OCM-Titel-18x12.jpg 18w\" \/><\/div><span class=\"dpt-thumbnail-aspect-ratio\" style=\"padding-top: 75%\"><\/span><\/div><\/div><div class=\"sub-entry\"><h3 class=\"dpt-title\"><a class=\"dpt-title-link\" href=\"https:\/\/www.markus-schall.de\/it\/2026\/03\/apple-in-transition-i-primi-dispositivi-le-proprie-esperienze-e-una-mostra-allocm\/\" rel=\"bookmark\">Apple in transizione: primi dispositivi, esperienze personali e una mostra all'OCM<\/a><\/h3><\/div><\/div>\n\t\t\t\t\t\t<\/div><!-- .dpt-entry -->\n\t\t\t\t\t\t\n\t\t\t\t<\/div>\n\t\t\t\t\t\t<\/div>\n\t\t\t\n<hr \/>\n<h2>Domande frequenti sull'Iran<\/h2>\n<ol>\n<li><strong>Perch\u00e9 l'immagine dell'Iran nei media occidentali appare cos\u00ec chiusa e univoca?<\/strong><br \/>\nPerch\u00e9 certi termini, immagini e modelli di interpretazione si sono radicati nel corso degli anni. I media lavorano con la ripetizione e la sintesi. Questo crea un orientamento, ma significa anche che le deviazioni dalla narrazione stabilita sono a malapena riconosciute. La complessit\u00e0 \u00e8 ridotta, non per cattiveria, ma per ragioni strutturali.<\/li>\n<li><strong>La differenziazione significa automaticamente che i problemi in Iran sono relativizzati?<\/strong><br \/>\nNo. Differenziare non significa banalizzare. Significa guardare ai problemi nel giusto contesto. La critica rimane possibile e necessaria, ma perde la sua acutezza se viene generalizzata. Chi differenzia critica in modo pi\u00f9 preciso, non pi\u00f9 debole.<\/li>\n<li><strong>Come pu\u00f2 un sistema autoritario avere allo stesso tempo una vita quotidiana funzionante?<\/strong><br \/>\nLe strutture autoritarie non escludono un'infrastruttura funzionante. Molti Stati si concentrano consapevolmente sulla stabilit\u00e0, l'ordine e l'approvvigionamento per garantire l'accettazione sociale. La vita quotidiana e la libert\u00e0 politica non sono automaticamente collegate.<\/li>\n<li><strong>Le osservazioni quotidiane positive non sono solo casi isolati o aneddoti?<\/strong><br \/>\nS\u00ec, si tratta di osservazioni, non di prove statistiche. Ma proprio perch\u00e9 contraddicono il quadro dominante, sono rilevanti. Dimostrano che la realt\u00e0 \u00e8 pi\u00f9 complessa di quanto spesso viene rappresentata e che i giudizi generali sono problematici.<\/li>\n<li><strong>Perch\u00e9 la vita quotidiana delle persone in Iran viene affrontata cos\u00ec raramente?<\/strong><br \/>\nPerch\u00e9 la vita quotidiana genera poca attenzione. I media preferiscono raccontare i conflitti, le proteste e le escalation. La normalit\u00e0 funzionale non \u00e8 considerata una notizia, anche se \u00e8 fondamentale per capire un Paese.<\/li>\n<li><strong>Quanto \u00e8 reale l'insoddisfazione nella societ\u00e0 iraniana?<\/strong><br \/>\n\u00c8 reale e diversificata. La pressione economica, la disuguaglianza sociale, le restrizioni culturali e i conflitti generazionali creano tensioni. Tuttavia, questa insoddisfazione non \u00e8 automaticamente diretta contro l'intero sistema politico.<\/li>\n<li><strong>Perch\u00e9 la protesta viene spesso interpretata come la voce del popolo nel suo complesso?<\/strong><br \/>\nPerch\u00e9 la protesta \u00e8 visibile, emotiva e facilmente sfruttabile dai media. Spesso si dimentica che i manifestanti rappresentano solo una parte della societ\u00e0. Le maggioranze silenziose sono pi\u00f9 difficili da classificare, ma non per questo meno rilevanti dal punto di vista politico.<\/li>\n<li><strong>Che ruolo ha il conflitto generazionale in Iran?<\/strong><br \/>\nUna centrale. I giovani sono collegati in rete a livello globale, sono ben istruiti e hanno aspettative di libert\u00e0 e autodeterminazione diverse rispetto alle generazioni pi\u00f9 anziane. Questo conflitto caratterizza fortemente la vita quotidiana, le forme di protesta e i dibattiti sociali.<\/li>\n<li><strong>Perch\u00e9 i risultati delle elezioni in Iran sono spesso visti come la prova di una dittatura?<\/strong><br \/>\nPerch\u00e9 il sistema politico non corrisponde alle democrazie occidentali. Spesso si dimentica che esistono vere e proprie maggioranze sociali, soprattutto al di fuori delle grandi citt\u00e0. Esistono contemporaneamente elementi autoritari e consenso sociale.<\/li>\n<li><strong>Qual \u00e8 il significato del divario urbano-rurale?<\/strong><br \/>\n\u00c8 decisivo. Le citt\u00e0 sono pi\u00f9 critiche, moderne e politicamente diverse. Le regioni rurali spesso danno maggior valore alla stabilit\u00e0, alla tradizione e all'ordine religioso. Questa divisione caratterizza la politica, le elezioni e le dinamiche di protesta.<\/li>\n<li><strong>L'influenza straniera in Iran \u00e8 solo una narrazione cospirativa?<\/strong><br \/>\nNo, l'influenza \u00e8 storicamente provata e geopoliticamente comune. Allo stesso tempo, questo non significa che ogni movimento di protesta sia controllato. Un'analisi seria distingue tra fatti provati, meccanismi plausibili e affermazioni non comprovate.<\/li>\n<li><strong>Perch\u00e9 \u00e8 cos\u00ec difficile fornire prove delle attivit\u00e0 dei servizi segreti?<\/strong><br \/>\nPerch\u00e9 tali attivit\u00e0 sono per definizione segrete. Le prove pubbliche sono rare. Pertanto, \u00e8 necessaria la massima cautela. Si possono discutere indicazioni e indizi, ma le certezze assolute sono dubbie.<\/li>\n<li><strong>Che ruolo hanno i gruppi di esuli nel discorso internazionale sull'Iran?<\/strong><br \/>\nUno importante. I gruppi in esilio hanno accesso ai media e alle reti politiche occidentali. Le loro prospettive influenzano fortemente il discorso, ma non riflettono necessariamente l'ampiezza della societ\u00e0 iraniana.<\/li>\n<li><strong>I media fanno parte di una campagna di influenza mirata?<\/strong><br \/>\nDi solito non \u00e8 attivo. I media tendono ad agire come amplificatori. Riprendono argomenti che suscitano emozioni, appaiono moralmente chiari e generano attenzione. Tuttavia, questa logica pu\u00f2 essere utilizzata da altri attori.<\/li>\n<li><strong>Perch\u00e9 l'Iran \u00e8 cos\u00ec importante dal punto di vista geopolitico?<\/strong><br \/>\nGrazie alla sua posizione, alle sue risorse energetiche e al suo ruolo regionale. Gli sviluppi in Iran influenzano le rotte commerciali, le architetture di sicurezza e le relazioni di potere in Medio Oriente, e quindi gli interessi globali.<\/li>\n<li><strong>Perch\u00e9 l'Iran \u00e8 raramente considerato un Paese \u201enormale\u201c?<\/strong><br \/>\nPerch\u00e9 non pu\u00f2 essere chiaramente categorizzato. Non \u00e8 n\u00e9 un chiaro alleato n\u00e9 un semplice avversario. Questa ambivalenza sconvolge le idee fisse di ordine e rende necessaria - ma scomoda - una visione differenziata.<\/li>\n<li><strong>Qual \u00e8 l'errore pi\u00f9 grande nel dibattito sull'Iran?<\/strong><br \/>\nLa convinzione che esistano spiegazioni semplici. Chi si limita a dare giudizi morali o a pensare in modo strategico trascura parti essenziali della realt\u00e0. L'Iran non pu\u00f2 essere afferrato in modo unidimensionale.<\/li>\n<li><strong>Cosa dovrebbe trarre il lettore da questo articolo?<\/strong><br \/>\nNon opinioni preconfezionate, ma domande migliori. La volont\u00e0 di sopportare le contraddizioni, di esaminare le fonti in modo critico e di non accontentarsi di semplici narrazioni.<\/li>\n<li><strong>Perch\u00e9 la differenziazione \u00e8 oggi pi\u00f9 importante che mai?<\/strong><br \/>\nPerch\u00e9 la comunicazione politica \u00e8 sempre pi\u00f9 polarizzata. La differenziazione non \u00e8 un segno di debolezza, ma di maturit\u00e0. Protegge dalle manipolazioni e dai giudizi affrettati.<\/li>\n<\/ol>\n<hr \/>\n\n\t\t\t<div class=\"display-post-types\">\n\n\t\t\t\t\t\t\t<style type=\"text\/css\">\n\t\t\t#dpt-wrapper-627 { --dpt-text-align: left;--dpt-image-crop: center;--dpt-border-radius: 5px;--dpt-h-gutter: 10px;--dpt-v-gutter: 9px; }\t\t\t<\/style>\n\t\t\t<style type=\"text\/css\">#dpt-wrapper-627 { --dpt-title-font-style:normal;--dpt-title-font-weight:600;--dpt-title-line-height:1.5;--dpt-title-text-decoration:none;--dpt-title-text-transform:none;--dpt-excerpt-font-style:normal;--dpt-excerpt-font-weight:400;--dpt-excerpt-line-height:1.5;--dpt-excerpt-text-decoration:none;--dpt-excerpt-text-transform:none;--dpt-meta1-font-style:normal;--dpt-meta1-font-weight:400;--dpt-meta1-line-height:1.9;--dpt-meta1-text-decoration:none;--dpt-meta1-text-transform:none;--dpt-meta2-font-style:normal;--dpt-meta2-font-weight:400;--dpt-meta2-line-height:1.9;--dpt-meta2-text-decoration:none;--dpt-meta2-text-transform:none; }<\/style><div class=\"dpt-main-header\">\n\t\t\t\t\t\t<div class=\"dpt-main-title\">\n\t\t\t\t\t\t\t<span class=\"dpt-main-title-text\">Articoli attuali sull'intelligenza artificiale<\/span>\n\t\t\t\t\t\t<\/div>\n\t\t\t\t\t\t\n\t\t\t\t\t\t\n\t\t\t\t\t\t\n\t\t\t\t\t\t<\/div>\t\t\t\n\t\t\t\t<div id=\"dpt-wrapper-627\" class=\"dpt-wrapper dpt-mag1 land1 dpt-cropped dpt-flex-wrap\" >\n\n\t\t\t\t\t\t\t\t\t\t\t<div class=\"dpt-entry has-thumbnail\" data-title=\"als ich mit einem roboter telefonierte \u2013 wie ki das telefon erobert und wie man sie erkennt\" data-id=\"5130\"  data-category=\"allgemein gesellschaft ki-systeme stories &amp; humor\" data-post_tag=\"datenschutz erfahrungen k\u00fcnstliche intelligenz prozesse\">\n\t\t\t\t\t\t\t<div class=\"dpt-entry-wrapper\"><div class=\"dpt-featured-content\"><div class=\"dpt-permalink\"><a href=\"https:\/\/www.markus-schall.de\/it\/2026\/03\/quando-ero-al-telefono-con-un-robot-come-ki-conquista-il-telefono-e-come-riconoscerlo\/\" class=\"dpt-permalink\"><span class=\"screen-reader-text\">Quando ero al telefono con un robot: come l'intelligenza artificiale sta conquistando il telefono e come riconoscerla<\/span><\/a><\/div><div class=\"dpt-thumbnail\"><div class=\"dpt-thumbnail-inner\"><img width=\"1024\" height=\"683\" class=\"attachment-full size-full\" alt=\"Conversazione telefonica con un robot AI\" context=\"dpt\" data-dpt-src=\"https:\/\/www.markus-schall.de\/wp-content\/uploads\/Telefonanrufe-KI-Werbung.jpg\" data-dpt-sizes=\"(max-width: 1024px) 100vw, 1024px\" data-dpt-srcset=\"https:\/\/www.markus-schall.de\/wp-content\/uploads\/Telefonanrufe-KI-Werbung.jpg 1024w, https:\/\/www.markus-schall.de\/wp-content\/uploads\/Telefonanrufe-KI-Werbung-300x200.jpg 300w, https:\/\/www.markus-schall.de\/wp-content\/uploads\/Telefonanrufe-KI-Werbung-768x512.jpg 768w, https:\/\/www.markus-schall.de\/wp-content\/uploads\/Telefonanrufe-KI-Werbung-18x12.jpg 18w\" \/><\/div><span class=\"dpt-thumbnail-aspect-ratio\" style=\"padding-top: 75%\"><\/span><\/div><\/div><div class=\"sub-entry\"><h3 class=\"dpt-title\"><a class=\"dpt-title-link\" href=\"https:\/\/www.markus-schall.de\/it\/2026\/03\/quando-ero-al-telefono-con-un-robot-come-ki-conquista-il-telefono-e-come-riconoscerlo\/\" rel=\"bookmark\">Quando ero al telefono con un robot: come l'intelligenza artificiale sta conquistando il telefono e come riconoscerla<\/a><\/h3><\/div><\/div>\n\t\t\t\t\t\t<\/div><!-- .dpt-entry -->\n\t\t\t\t\t\t\t\t\t\t\t\t<div class=\"dpt-entry has-thumbnail\" data-title=\"vom chatgpt-datenexport zur eigenen wissens-ki: schritt-f\u00fcr-schritt mit ollama und qdrant\" data-id=\"5306\"  data-category=\"apple macos ki-systeme tipps &amp; anleitungen\" data-post_tag=\"datenbanken denkmodelle digitales eigentum docker k\u00fcnstliche intelligenz llama llm mlx ollama prozesse sprachmodell\">\n\t\t\t\t\t\t\t<div class=\"dpt-entry-wrapper\"><div class=\"dpt-featured-content\"><div class=\"dpt-permalink\"><a href=\"https:\/\/www.markus-schall.de\/it\/2026\/03\/dallesportazione-di-dati-chatgpt-alla-propria-conoscenza-ki-passo-dopo-passo-con-ollama-e-qdrant\/\" class=\"dpt-permalink\"><span class=\"screen-reader-text\">Dall'esportazione dei dati ChatGPT alla propria conoscenza AI: passo dopo passo con Ollama e Qdrant<\/span><\/a><\/div><div class=\"dpt-thumbnail\"><div class=\"dpt-thumbnail-inner\"><img width=\"1024\" height=\"683\" class=\"attachment-full size-full\" alt=\"Il percorso verso la propria memoria AI\" context=\"dpt\" data-dpt-src=\"https:\/\/www.markus-schall.de\/wp-content\/uploads\/ChatGPT-Datenexport-Computerhirn.jpg\" data-dpt-sizes=\"(max-width: 1024px) 100vw, 1024px\" data-dpt-srcset=\"https:\/\/www.markus-schall.de\/wp-content\/uploads\/ChatGPT-Datenexport-Computerhirn.jpg 1024w, https:\/\/www.markus-schall.de\/wp-content\/uploads\/ChatGPT-Datenexport-Computerhirn-300x200.jpg 300w, https:\/\/www.markus-schall.de\/wp-content\/uploads\/ChatGPT-Datenexport-Computerhirn-768x512.jpg 768w, https:\/\/www.markus-schall.de\/wp-content\/uploads\/ChatGPT-Datenexport-Computerhirn-18x12.jpg 18w\" \/><\/div><span class=\"dpt-thumbnail-aspect-ratio\" style=\"padding-top: 75%\"><\/span><\/div><\/div><div class=\"sub-entry\"><h3 class=\"dpt-title\"><a class=\"dpt-title-link\" href=\"https:\/\/www.markus-schall.de\/it\/2026\/03\/dallesportazione-di-dati-chatgpt-alla-propria-conoscenza-ki-passo-dopo-passo-con-ollama-e-qdrant\/\" rel=\"bookmark\">Dall'esportazione dei dati ChatGPT alla propria conoscenza AI: passo dopo passo con Ollama e Qdrant<\/a><\/h3><\/div><\/div>\n\t\t\t\t\t\t<\/div><!-- .dpt-entry -->\n\t\t\t\t\t\t\t\t\t\t\t\t<div class=\"dpt-entry has-thumbnail\" data-title=\"ki-studio 2025: welche hardware wirklich lohnt \u2013 vom mac studio bis zur rtx 3090\" data-id=\"3704\"  data-category=\"apple macos featured hardware ki-systeme\" data-post_tag=\"apple digitales eigentum k\u00fcnstliche intelligenz llm mlx neo4j sprachmodell\">\n\t\t\t\t\t\t\t<div class=\"dpt-entry-wrapper\"><div class=\"dpt-featured-content\"><div class=\"dpt-permalink\"><a href=\"https:\/\/www.markus-schall.de\/it\/2025\/11\/ki-studio-2025-quale-hardware-vale-davvero-la-pena-da-mac-studio-a-rtx-3090\/\" class=\"dpt-permalink\"><span class=\"screen-reader-text\">AI Studio 2025: quale hardware vale davvero la pena: dal Mac Studio alla RTX 3090<\/span><\/a><\/div><div class=\"dpt-thumbnail\"><div class=\"dpt-thumbnail-inner\"><img width=\"1024\" height=\"683\" class=\"attachment-full size-full\" alt=\"Hardware 2025 per lo studio AI\" context=\"dpt\" data-dpt-src=\"https:\/\/www.markus-schall.de\/wp-content\/uploads\/KI-Studio-Hardware-2025.jpg\" data-dpt-sizes=\"(max-width: 1024px) 100vw, 1024px\" data-dpt-srcset=\"https:\/\/www.markus-schall.de\/wp-content\/uploads\/KI-Studio-Hardware-2025.jpg 1024w, https:\/\/www.markus-schall.de\/wp-content\/uploads\/KI-Studio-Hardware-2025-300x200.jpg 300w, https:\/\/www.markus-schall.de\/wp-content\/uploads\/KI-Studio-Hardware-2025-768x512.jpg 768w, https:\/\/www.markus-schall.de\/wp-content\/uploads\/KI-Studio-Hardware-2025-18x12.jpg 18w\" \/><\/div><span class=\"dpt-thumbnail-aspect-ratio\" style=\"padding-top: 75%\"><\/span><\/div><\/div><div class=\"sub-entry\"><h3 class=\"dpt-title\"><a class=\"dpt-title-link\" href=\"https:\/\/www.markus-schall.de\/it\/2025\/11\/ki-studio-2025-quale-hardware-vale-davvero-la-pena-da-mac-studio-a-rtx-3090\/\" rel=\"bookmark\">AI Studio 2025: quale hardware vale davvero la pena: dal Mac Studio alla RTX 3090<\/a><\/h3><\/div><\/div>\n\t\t\t\t\t\t<\/div><!-- .dpt-entry -->\n\t\t\t\t\t\t\t\t\t\t\t\t<div class=\"dpt-entry has-thumbnail\" data-title=\"ki f\u00fcr anf\u00e4nger: wie du ohne vorkenntnisse sinnvoll mit k\u00fcnstlicher intelligenz startest\" data-id=\"4199\"  data-category=\"allgemein apple iphone &amp; ipad apple macos ki-systeme tipps &amp; anleitungen\" data-post_tag=\"denkmodelle k\u00fcnstliche intelligenz lernen prozesse\">\n\t\t\t\t\t\t\t<div class=\"dpt-entry-wrapper\"><div class=\"dpt-featured-content\"><div class=\"dpt-permalink\"><a href=\"https:\/\/www.markus-schall.de\/it\/2025\/12\/ki-per-i-principianti-come-iniziare-a-lavorare-con-lintelligenza-artificiale-senza-conoscenze-preliminari\/\" class=\"dpt-permalink\"><span class=\"screen-reader-text\">AI per principianti: come iniziare a lavorare con l'intelligenza artificiale senza conoscenze preliminari<\/span><\/a><\/div><div class=\"dpt-thumbnail\"><div class=\"dpt-thumbnail-inner\"><img width=\"1024\" height=\"683\" class=\"attachment-full size-full\" alt=\"IA per principianti\" context=\"dpt\" data-dpt-src=\"https:\/\/www.markus-schall.de\/wp-content\/uploads\/KI-fuer-Einsteiger-Computer.jpg\" data-dpt-sizes=\"(max-width: 1024px) 100vw, 1024px\" data-dpt-srcset=\"https:\/\/www.markus-schall.de\/wp-content\/uploads\/KI-fuer-Einsteiger-Computer.jpg 1024w, https:\/\/www.markus-schall.de\/wp-content\/uploads\/KI-fuer-Einsteiger-Computer-300x200.jpg 300w, https:\/\/www.markus-schall.de\/wp-content\/uploads\/KI-fuer-Einsteiger-Computer-768x512.jpg 768w, https:\/\/www.markus-schall.de\/wp-content\/uploads\/KI-fuer-Einsteiger-Computer-18x12.jpg 18w\" \/><\/div><span class=\"dpt-thumbnail-aspect-ratio\" style=\"padding-top: 75%\"><\/span><\/div><\/div><div class=\"sub-entry\"><h3 class=\"dpt-title\"><a class=\"dpt-title-link\" href=\"https:\/\/www.markus-schall.de\/it\/2025\/12\/ki-per-i-principianti-come-iniziare-a-lavorare-con-lintelligenza-artificiale-senza-conoscenze-preliminari\/\" rel=\"bookmark\">AI per principianti: come iniziare a lavorare con l'intelligenza artificiale senza conoscenze preliminari<\/a><\/h3><\/div><\/div>\n\t\t\t\t\t\t<\/div><!-- .dpt-entry -->\n\t\t\t\t\t\t\n\t\t\t\t<\/div>\n\t\t\t\t\t\t<\/div>\n\t\t\t\n<hr \/>","protected":false},"excerpt":{"rendered":"<p>Quasi nessun altro Paese evoca immagini cos\u00ec fisse come l'Iran. Anche prima che venga menzionato un singolo dettaglio, le associazioni sono gi\u00e0 presenti: mullah, oppressione, proteste, fanatismo religioso, uno Stato in conflitto permanente con la propria popolazione. Queste immagini sono cos\u00ec familiari che difficilmente vengono messe in discussione. Sembrano evidenti, quasi una conoscenza comune. E... <a title=\"AI per principianti: come iniziare a lavorare con l&#039;intelligenza artificiale senza conoscenze preliminari\" class=\"read-more\" href=\"https:\/\/www.markus-schall.de\/it\/2025\/12\/ki-per-i-principianti-come-iniziare-a-lavorare-con-lintelligenza-artificiale-senza-conoscenze-preliminari\/\" aria-label=\"Per saperne di pi\u00f9 su AI per principianti: come iniziare a lavorare con l&#039;intelligenza artificiale senza conoscenze preliminari\">Leggi tutto<\/a><\/p>","protected":false},"author":1,"featured_media":4498,"comment_status":"open","ping_status":"open","sticky":false,"template":"","format":"standard","meta":{"iawp_total_views":358,"footnotes":""},"categories":[1,466,472],"tags":[458,475,482,426,476,484,478],"class_list":["post-4462","post","type-post","status-publish","format-standard","has-post-thumbnail","hentry","category-allgemein","category-gesellschaft","category-kunst-kultur","tag-erfahrungen","tag-europa","tag-geopolitik","tag-krisen","tag-meinungsfreiheit","tag-sicherheitspolitik","tag-spieltheorie"],"_links":{"self":[{"href":"https:\/\/www.markus-schall.de\/it\/wp-json\/wp\/v2\/posts\/4462","targetHints":{"allow":["GET"]}}],"collection":[{"href":"https:\/\/www.markus-schall.de\/it\/wp-json\/wp\/v2\/posts"}],"about":[{"href":"https:\/\/www.markus-schall.de\/it\/wp-json\/wp\/v2\/types\/post"}],"author":[{"embeddable":true,"href":"https:\/\/www.markus-schall.de\/it\/wp-json\/wp\/v2\/users\/1"}],"replies":[{"embeddable":true,"href":"https:\/\/www.markus-schall.de\/it\/wp-json\/wp\/v2\/comments?post=4462"}],"version-history":[{"count":30,"href":"https:\/\/www.markus-schall.de\/it\/wp-json\/wp\/v2\/posts\/4462\/revisions"}],"predecessor-version":[{"id":5881,"href":"https:\/\/www.markus-schall.de\/it\/wp-json\/wp\/v2\/posts\/4462\/revisions\/5881"}],"wp:featuredmedia":[{"embeddable":true,"href":"https:\/\/www.markus-schall.de\/it\/wp-json\/wp\/v2\/media\/4498"}],"wp:attachment":[{"href":"https:\/\/www.markus-schall.de\/it\/wp-json\/wp\/v2\/media?parent=4462"}],"wp:term":[{"taxonomy":"category","embeddable":true,"href":"https:\/\/www.markus-schall.de\/it\/wp-json\/wp\/v2\/categories?post=4462"},{"taxonomy":"post_tag","embeddable":true,"href":"https:\/\/www.markus-schall.de\/it\/wp-json\/wp\/v2\/tags?post=4462"}],"curies":[{"name":"wp","href":"https:\/\/api.w.org\/{rel}","templated":true}]}}