{"id":5147,"date":"2026-03-07T06:05:02","date_gmt":"2026-03-07T06:05:02","guid":{"rendered":"https:\/\/www.markus-schall.de\/?p=5147"},"modified":"2026-04-29T06:01:55","modified_gmt":"2026-04-29T06:01:55","slug":"dalla-fine-del-servizio-militare-obbligatorio-agli-scioperi-scolastici-il-nuovo-dibattito-sulle-forze-armate-tedesche-e-listruzione","status":"publish","type":"post","link":"https:\/\/www.markus-schall.de\/it\/2026\/03\/dalla-fine-del-servizio-militare-obbligatorio-agli-scioperi-scolastici-il-nuovo-dibattito-sulle-forze-armate-tedesche-e-listruzione\/","title":{"rendered":"Dalla fine del servizio militare obbligatorio agli scioperi scolastici: il nuovo dibattito su Bundeswehr e istruzione"},"content":{"rendered":"<p>Quando io stesso sono stato arruolato nella Bundeswehr negli anni '90, questa era ancora una parte abbastanza normale della vita di molti giovani in Germania. Chiunque avesse finito la scuola faceva il servizio civile o il servizio militare. Era semplicemente parte della vita di allora, proprio come l'addestramento o lo studio. La gente ne parlava, sapeva pi\u00f9 o meno cosa aspettarsi e quasi tutti avevano nella propria cerchia di conoscenze qualcuno che si era appena arruolato nell'esercito o lo aveva fatto di recente.<\/p>\n<p>Anch'io ho fatto il servizio militare. Nel mio ambiente non c'erano grandi dibattiti ideologici al riguardo. Certo, c'erano critiche nei confronti dell'esercito o discussioni sulle missioni all'estero, ma la Bundeswehr era fondamentalmente una parte normale dello Stato. C'era, ma non giocava un ruolo particolarmente dominante nella vita quotidiana della maggior parte delle persone. \u00c8 interessante notare che questo valeva anche per la scuola.<!--more--><\/p>\n<hr \/>\n\n\t\t\t<div class=\"display-post-types\">\n\n\t\t\t\t\t\t\t<style type=\"text\/css\">\n\t\t\t#dpt-wrapper-338 { --dpt-text-align: left;--dpt-image-crop: center;--dpt-border-radius: 5px;--dpt-h-gutter: 10px;--dpt-v-gutter: 9px; }\t\t\t<\/style>\n\t\t\t<style type=\"text\/css\">#dpt-wrapper-338 { --dpt-title-font-style:normal;--dpt-title-font-weight:600;--dpt-title-line-height:1.5;--dpt-title-text-decoration:none;--dpt-title-text-transform:none;--dpt-excerpt-font-style:normal;--dpt-excerpt-font-weight:400;--dpt-excerpt-line-height:1.5;--dpt-excerpt-text-decoration:none;--dpt-excerpt-text-transform:none;--dpt-meta1-font-style:normal;--dpt-meta1-font-weight:400;--dpt-meta1-line-height:1.9;--dpt-meta1-text-decoration:none;--dpt-meta1-text-transform:none;--dpt-meta2-font-style:normal;--dpt-meta2-font-weight:400;--dpt-meta2-line-height:1.9;--dpt-meta2-text-decoration:none;--dpt-meta2-text-transform:none; }<\/style><div class=\"dpt-main-header\">\n\t\t\t\t\t\t<div class=\"dpt-main-title\">\n\t\t\t\t\t\t\t<span class=\"dpt-main-title-text\">Articoli attuali su arte e cultura<\/span>\n\t\t\t\t\t\t<\/div>\n\t\t\t\t\t\t\n\t\t\t\t\t\t\n\t\t\t\t\t\t\n\t\t\t\t\t\t<\/div>\t\t\t\n\t\t\t\t<div id=\"dpt-wrapper-338\" class=\"dpt-wrapper dpt-mag1 land1 dpt-cropped dpt-flex-wrap\" >\n\n\t\t\t\t\t\t\t\t\t\t\t<div class=\"dpt-entry has-thumbnail\" data-title=\"apple im wandel: fr\u00fche ger\u00e4te, eigene erfahrungen und eine ausstellung im ocm\" data-id=\"5480\"  data-category=\"allgemein apple iphone &amp; ipad apple macos hardware kunst &amp; kultur stories &amp; humor\" data-post_tag=\"apple erfahrungen filemaker mac prozesse publishing\">\n\t\t\t\t\t\t\t<div class=\"dpt-entry-wrapper\"><div class=\"dpt-featured-content\"><div class=\"dpt-permalink\"><a href=\"https:\/\/www.markus-schall.de\/it\/2026\/03\/apple-in-transition-i-primi-dispositivi-le-proprie-esperienze-e-una-mostra-allocm\/\" class=\"dpt-permalink\"><span class=\"screen-reader-text\">Apple in transizione: primi dispositivi, esperienze personali e una mostra all'OCM<\/span><\/a><\/div><div class=\"dpt-thumbnail\"><div class=\"dpt-thumbnail-inner\"><img width=\"1024\" height=\"683\" class=\"attachment-full size-full\" alt=\"Apple Macintosh Classic e Colour Classic\" context=\"dpt\" data-dpt-src=\"https:\/\/www.markus-schall.de\/wp-content\/uploads\/Apple-OCM-Titel.jpg\" data-dpt-sizes=\"(max-width: 1024px) 100vw, 1024px\" data-dpt-srcset=\"https:\/\/www.markus-schall.de\/wp-content\/uploads\/Apple-OCM-Titel.jpg 1024w, https:\/\/www.markus-schall.de\/wp-content\/uploads\/Apple-OCM-Titel-300x200.jpg 300w, https:\/\/www.markus-schall.de\/wp-content\/uploads\/Apple-OCM-Titel-768x512.jpg 768w, https:\/\/www.markus-schall.de\/wp-content\/uploads\/Apple-OCM-Titel-18x12.jpg 18w\" \/><\/div><span class=\"dpt-thumbnail-aspect-ratio\" style=\"padding-top: 75%\"><\/span><\/div><\/div><div class=\"sub-entry\"><h3 class=\"dpt-title\"><a class=\"dpt-title-link\" href=\"https:\/\/www.markus-schall.de\/it\/2026\/03\/apple-in-transition-i-primi-dispositivi-le-proprie-esperienze-e-una-mostra-allocm\/\" rel=\"bookmark\">Apple in transizione: primi dispositivi, esperienze personali e una mostra all'OCM<\/a><\/h3><\/div><\/div>\n\t\t\t\t\t\t<\/div><!-- .dpt-entry -->\n\t\t\t\t\t\t\t\t\t\t\t\t<div class=\"dpt-entry has-thumbnail\" data-title=\"zukunft mit ladeger\u00e4t \u2013 herr von l&#8217;oreot kauft einen e-scooter\" data-id=\"3229\"  data-category=\"allgemein gesellschaft kunst &amp; kultur stories &amp; humor\" data-post_tag=\"erfahrungen\">\n\t\t\t\t\t\t\t<div class=\"dpt-entry-wrapper\"><div class=\"dpt-featured-content\"><div class=\"dpt-permalink\"><a href=\"https:\/\/www.markus-schall.de\/it\/2025\/10\/futuro-con-caricabatterie-il-signor-von-loreot-compra-un-e-scooter\/\" class=\"dpt-permalink\"><span class=\"screen-reader-text\">Il futuro con il caricabatterie - Il signor von L'oreot acquista un e-scooter<\/span><\/a><\/div><div class=\"dpt-thumbnail\"><div class=\"dpt-thumbnail-inner\"><img width=\"1024\" height=\"747\" class=\"attachment-full size-full\" alt=\"\" context=\"dpt\" data-dpt-src=\"https:\/\/www.markus-schall.de\/wp-content\/uploads\/loereot-e-scooter-1.jpg\" data-dpt-sizes=\"(max-width: 1024px) 100vw, 1024px\" data-dpt-srcset=\"https:\/\/www.markus-schall.de\/wp-content\/uploads\/loereot-e-scooter-1.jpg 1024w, https:\/\/www.markus-schall.de\/wp-content\/uploads\/loereot-e-scooter-1-300x219.jpg 300w, https:\/\/www.markus-schall.de\/wp-content\/uploads\/loereot-e-scooter-1-768x560.jpg 768w, https:\/\/www.markus-schall.de\/wp-content\/uploads\/loereot-e-scooter-1-16x12.jpg 16w\" \/><\/div><span class=\"dpt-thumbnail-aspect-ratio\" style=\"padding-top: 75%\"><\/span><\/div><\/div><div class=\"sub-entry\"><h3 class=\"dpt-title\"><a class=\"dpt-title-link\" href=\"https:\/\/www.markus-schall.de\/it\/2025\/10\/futuro-con-caricabatterie-il-signor-von-loreot-compra-un-e-scooter\/\" rel=\"bookmark\">Il futuro con il caricabatterie - Il signor von L'oreot acquista un e-scooter<\/a><\/h3><\/div><\/div>\n\t\t\t\t\t\t<\/div><!-- .dpt-entry -->\n\t\t\t\t\t\t\t\t\t\t\t\t<div class=\"dpt-entry has-thumbnail\" data-title=\"wenn pflicht wieder pflicht wird. eine art essay von herrn von l&#8217;oreot.\" data-id=\"3010\"  data-category=\"allgemein gesellschaft kunst &amp; kultur stories &amp; humor\" data-post_tag=\"deutschland erfahrungen geopolitik krisen pers\u00f6nlichkeitsentwicklung sicherheitspolitik\">\n\t\t\t\t\t\t\t<div class=\"dpt-entry-wrapper\"><div class=\"dpt-featured-content\"><div class=\"dpt-permalink\"><a href=\"https:\/\/www.markus-schall.de\/it\/2025\/10\/quando-il-dovere-diventa-di-nuovo-dovere-una-sorta-di-saggio-del-signor-von-loreot\/\" class=\"dpt-permalink\"><span class=\"screen-reader-text\">Quando il dovere diventa di nuovo dovere. Una sorta di saggio del signor von L'oreot.<\/span><\/a><\/div><div class=\"dpt-thumbnail\"><div class=\"dpt-thumbnail-inner\"><img width=\"1024\" height=\"683\" class=\"attachment-full size-full\" alt=\"Una telefonata inaspettata\" context=\"dpt\" data-dpt-src=\"https:\/\/www.markus-schall.de\/wp-content\/uploads\/loreot-pflicht-anruf.jpg\" data-dpt-sizes=\"(max-width: 1024px) 100vw, 1024px\" data-dpt-srcset=\"https:\/\/www.markus-schall.de\/wp-content\/uploads\/loreot-pflicht-anruf.jpg 1024w, https:\/\/www.markus-schall.de\/wp-content\/uploads\/loreot-pflicht-anruf-300x200.jpg 300w, https:\/\/www.markus-schall.de\/wp-content\/uploads\/loreot-pflicht-anruf-768x512.jpg 768w, https:\/\/www.markus-schall.de\/wp-content\/uploads\/loreot-pflicht-anruf-18x12.jpg 18w\" \/><\/div><span class=\"dpt-thumbnail-aspect-ratio\" style=\"padding-top: 75%\"><\/span><\/div><\/div><div class=\"sub-entry\"><h3 class=\"dpt-title\"><a class=\"dpt-title-link\" href=\"https:\/\/www.markus-schall.de\/it\/2025\/10\/quando-il-dovere-diventa-di-nuovo-dovere-una-sorta-di-saggio-del-signor-von-loreot\/\" rel=\"bookmark\">Quando il dovere diventa di nuovo dovere. Una sorta di saggio del signor von L'oreot.<\/a><\/h3><\/div><\/div>\n\t\t\t\t\t\t<\/div><!-- .dpt-entry -->\n\t\t\t\t\t\t\t\t\t\t\t\t<div class=\"dpt-entry has-thumbnail\" data-title=\"spieltheorie erkl\u00e4rt 25 jahre geopolitik: wie europa seine strategische rolle verlor\" data-id=\"3850\"  data-category=\"allgemein gesellschaft kunst &amp; kultur\" data-post_tag=\"denkmodelle deutschland energiepolitik eu-gesetze europa geopolitik krisen sicherheitspolitik spieltheorie\">\n\t\t\t\t\t\t\t<div class=\"dpt-entry-wrapper\"><div class=\"dpt-featured-content\"><div class=\"dpt-permalink\"><a href=\"https:\/\/www.markus-schall.de\/it\/2025\/12\/la-teoria-dei-giochi-spiega-25-anni-di-geopolitica-come-leuropa-ha-perso-il-suo-ruolo-strategico\/\" class=\"dpt-permalink\"><span class=\"screen-reader-text\">La teoria dei giochi spiega 25 anni di geopolitica: come l'Europa ha perso il suo ruolo strategico<\/span><\/a><\/div><div class=\"dpt-thumbnail\"><div class=\"dpt-thumbnail-inner\"><img width=\"1024\" height=\"765\" class=\"attachment-full size-full\" alt=\"La teoria dei giochi spiega 25 anni di geopolitica\" context=\"dpt\" data-dpt-src=\"https:\/\/www.markus-schall.de\/wp-content\/uploads\/europa-russland-spieltheorie.jpg\" data-dpt-sizes=\"(max-width: 1024px) 100vw, 1024px\" data-dpt-srcset=\"https:\/\/www.markus-schall.de\/wp-content\/uploads\/europa-russland-spieltheorie.jpg 1024w, https:\/\/www.markus-schall.de\/wp-content\/uploads\/europa-russland-spieltheorie-300x224.jpg 300w, https:\/\/www.markus-schall.de\/wp-content\/uploads\/europa-russland-spieltheorie-768x574.jpg 768w, https:\/\/www.markus-schall.de\/wp-content\/uploads\/europa-russland-spieltheorie-16x12.jpg 16w\" \/><\/div><span class=\"dpt-thumbnail-aspect-ratio\" style=\"padding-top: 75%\"><\/span><\/div><\/div><div class=\"sub-entry\"><h3 class=\"dpt-title\"><a class=\"dpt-title-link\" href=\"https:\/\/www.markus-schall.de\/it\/2025\/12\/la-teoria-dei-giochi-spiega-25-anni-di-geopolitica-come-leuropa-ha-perso-il-suo-ruolo-strategico\/\" rel=\"bookmark\">La teoria dei giochi spiega 25 anni di geopolitica: come l'Europa ha perso il suo ruolo strategico<\/a><\/h3><\/div><\/div>\n\t\t\t\t\t\t<\/div><!-- .dpt-entry -->\n\t\t\t\t\t\t\n\t\t\t\t<\/div>\n\t\t\t\t\t\t<\/div>\n\t\t\t\n<hr \/>\n<h2>Ultime notizie sull'argomento<\/h2>\n<p><strong>29.04.2026<\/strong>La presenza dell'elemento <a href=\"https:\/\/www.news4teachers.de\/2026\/04\/zahl-der-bundeswehr-besuche-an-schulen-steigt-rasant-gew-warnt-vor-militarismus\/\" target=\"_blank\" rel=\"noopener\"><strong>La Bundeswehr nelle scuole tedesche \u00e8 in aumento<\/strong><\/a> e sempre pi\u00f9 spesso viene dotata di strutture formali. Ad Amburgo, ad esempio, \u00e8 stato concluso un nuovo accordo di cooperazione che in futuro render\u00e0 vincolanti le visite dei giovani agenti. Lo sfondo di tutto ci\u00f2 \u00e8 la crescente importanza dei temi della politica di sicurezza in classe, che, secondo i politici, dovrebbero essere affrontati in misura maggiore. Allo stesso tempo, i responsabili sottolineano che l'insegnamento deve avvenire in modo controverso e non influenzato. Tuttavia, sono arrivate critiche dal sindacato dell'istruzione GEW, che mette in guardia da una militarizzazione strisciante della vita scolastica quotidiana. Il sindacato vede il numero crescente di presenze nella Bundeswehr come uno sviluppo problematico e chiede che le prospettive civili siano tenute in maggiore considerazione. La tendenza \u00e8 chiara in tutta la Germania: solo nei primi mesi dell'anno sono gi\u00e0 state registrate migliaia di visite scolastiche. Il dibattito evidenzia la tensione tra l'educazione politica e il potenziale di influenza sui giovani.<\/p>\n<p><strong>16.04.2026<\/strong>: Per l'8 maggio, secondo il sito web dell'iniziativa <a href=\"https:\/\/schulstreikgegenwehrpflicht.com\" target=\"_blank\" rel=\"noopener\"><strong>\u201eSciopero delle scuole contro il servizio militare obbligatorio\u201c<\/strong><\/a> \u00e8 stato annunciato un altro sciopero. Tuttavia, non si conoscono ancora dettagli specifici sulla portata o sulle scuole coinvolte. L'iniziativa si pone contro la possibile reintroduzione del servizio militare obbligatorio e invita soprattutto gli studenti a partecipare.<\/p>\n<p>L'argomento sta attirando l'attenzione grazie ai contributi dei non iscritti. <a href=\"https:\/\/martinsonneborn.de\/stillgestanden-bros\/\" target=\"_blank\" rel=\"noopener\"><strong>Martin Sonneborn, membro del Parlamento europeo<\/strong><\/a>, che commenta la protesta in modo satirico e la sostiene anche con una lettera di scuse scaricabile. Resta da vedere se si tratta di una piccola azione isolata o di un movimento pi\u00f9 ampio. Tuttavia, gli osservatori vedono in queste iniziative un possibile segnale del fatto che i dibattiti sulla politica di sicurezza stanno raggiungendo sempre pi\u00f9 le giovani generazioni. Gli ulteriori sviluppi dipenderanno probabilmente dalla possibilit\u00e0 di sviluppare un maggiore slancio attraverso i social network o i media tradizionali.<\/p>\n<p><strong>03.04.2026<\/strong>Un'attivit\u00e0 passata in gran parte inosservata <a href=\"https:\/\/www.berliner-zeitung.de\/news\/neue-wehrpflicht-regel-kaum-beachtete-aenderung-hat-weitreichende-folgen-li.10028539\" target=\"_blank\" rel=\"noopener\"><strong>Emendamento alla Legge sulla modernizzazione del servizio militare<\/strong><\/a> sta facendo discutere: Gli uomini di et\u00e0 compresa tra i 17 e i 45 anni devono ottenere l'autorizzazione delle Forze Armate tedesche prima di effettuare soggiorni pi\u00f9 lunghi all'estero. In particolare, questo vale per i soggiorni superiori a tre mesi, ad esempio per motivi di studio, lavoro o viaggio. La novit\u00e0 principale \u00e8 che questo regolamento non si applica pi\u00f9 solo in uno stato di tensione o di difesa, ma viene applicato in modo permanente anche in una situazione normale. Ci\u00f2 estende in modo significativo il controllo dello Stato sui potenziali soldati di leva. Il Ministero della Difesa giustifica il cambiamento con una migliore registrazione militare in caso di emergenza. Allo stesso tempo, lo stesso Ministero ammette che gli effetti potrebbero essere \u201edi vasta portata\u201c, mentre le eccezioni specifiche non sono ancora state completamente elaborate. L'adeguamento mostra come le condizioni quadro che circondano il servizio militare obbligatorio e la preparazione militare stiano gradualmente cambiando - spesso senza molta attenzione da parte dell'opinione pubblica.<\/p>\n<p><strong>27.03.2026<\/strong>Un recente video evidenzia la crescente presenza della Bundeswehr nelle scuole e il relativo dibattito. Il contesto \u00e8 costituito da accordi di cooperazione tra la Bundeswehr e gli istituti scolastici che consentono ai cosiddetti ufficiali della giovent\u00f9 di insegnare direttamente nelle classi. Ufficialmente, questo serve per l'educazione politica e la comunicazione di contesti di politica di sicurezza.<\/p>\n<div class=\"lyte-wrapper\" style=\"width:640px;max-width:100%;margin:5px;\"><div class=\"lyMe\" id=\"WYL_Gg819rsvArY\"><div id=\"lyte_Gg819rsvArY\" data-src=\"https:\/\/www.markus-schall.de\/wp-content\/plugins\/wp-youtube-lyte\/lyteCache.php?origThumbUrl=%2F%2Fi.ytimg.com%2Fvi%2FGg819rsvArY%2Fhqdefault.jpg\" class=\"pL\"><div class=\"tC\"><div class=\"tT\"><\/div><\/div><div class=\"play\"><\/div><div class=\"ctrl\"><div class=\"Lctrl\"><\/div><div class=\"Rctrl\"><\/div><\/div><\/div><noscript><a href=\"https:\/\/youtu.be\/Gg819rsvArY\" rel=\"nofollow noopener\" target=\"_blank\"><img loading=\"lazy\" decoding=\"async\" src=\"https:\/\/www.markus-schall.de\/wp-content\/plugins\/wp-youtube-lyte\/lyteCache.php?origThumbUrl=https%3A%2F%2Fi.ytimg.com%2Fvi%2FGg819rsvArY%2F0.jpg\" alt=\"Miniatura del video di YouTube\" width=\"640\" height=\"340\" \/><br \/>Guarda questo video su YouTube<\/a><\/noscript><\/div><\/div><div class=\"lL\" style=\"max-width:100%;width:640px;margin:5px;\"><\/div><br \/>\nLa Bundeswehr nelle aule scolastiche? | <a href=\"https:\/\/www.youtube.com\/@BerlinerZeitung_BLZ\" target=\"_blank\" rel=\"nofollow noopener\">Berliner Zeitung<\/a><\/p>\n<p>Tuttavia, i critici vedono uno sviluppo problematico: le organizzazioni del mondo accademico e della societ\u00e0 mettono in guardia da una militarizzazione strisciante del settore dell'istruzione. In particolare, l'accesso agli studenti minorenni \u00e8 considerato in modo critico, poich\u00e9 non si pu\u00f2 escludere la possibilit\u00e0 di un'influenza mirata. I favorevoli, invece, sostengono che le questioni di politica della sicurezza devono essere insegnate maggiormente in una situazione mondiale sempre pi\u00f9 insicura.<\/p>\n<hr \/>\n<h2>Scuola senza soldati in classe<\/h2>\n<p>Quando sento gli attuali dibattiti sulle visite della Bundeswehr nelle scuole, mi viene sempre da pensare: Abbiamo davvero avuto qualcosa di simile qui? La risposta sincera \u00e8: non lo so nemmeno con esattezza. Era teoricamente possibile, ma semplicemente non me lo ricordo.<\/p>\n<p>Quello che ricordo con chiarezza \u00e8 che una volta un dentista venne nella nostra scuola elementare e spieg\u00f2 come lavarsi i denti correttamente. Si trattava ovviamente di un argomento importante per l'educazione alla salute a quei tempi. Cose del genere mi sono rimaste impresse nella memoria.<\/p>\n<p>Ma i soldati in classe? Lezioni sulla politica di sicurezza? Ufficiali della giovent\u00f9 che spiegano i conflitti internazionali? Non ricordo nulla di tutto ci\u00f2. Naturalmente, questo non significa automaticamente che non ci sia stato nulla di simile. Forse un evento del genere si \u00e8 verificato una volta e quel giorno ero malato o non ero in classe per altri motivi.<\/p>\n<p>\u00c8 anche possibile che tali eventi si verifichino tendenzialmente nei gradi superiori, ad esempio nel dodicesimo o tredicesimo anno. Tuttavia, io stesso ho frequentato il ginnasio solo fino all'11\u00b0 anno. Dopo di che ho lasciato la scuola. Quindi pu\u00f2 darsi che questi argomenti venissero trattati solo pi\u00f9 tardi durante le lezioni e che io non li abbia vissuti affatto. Ma anche se fosse cos\u00ec, la Bundeswehr non faceva certo parte della vita scolastica quotidiana.<\/p>\n<h3>Un'altra volta<\/h3>\n<p>Guardando al passato, questo non \u00e8 particolarmente sorprendente. Negli anni '90, in Germania era ancora in vigore il servizio militare obbligatorio. Ci\u00f2 significava che lo Stato riceveva le sue reclute militari in modo praticamente automatico. Ogni anno venivano arruolati migliaia di giovani. Non c'era quindi alcun motivo particolare per reclutare intensivamente volontari. La Bundeswehr non doveva lottare attivamente per attirare l'attenzione. Faceva semplicemente parte del sistema.<\/p>\n<p>Oggi la situazione \u00e8 diversa. Dalla sospensione del servizio militare obbligatorio nel 2011, la Bundeswehr si \u00e8 gradualmente trasformata in un esercito di volontari. Allo stesso tempo, anche il contesto della politica di sicurezza europea \u00e8 cambiato. Nuovi conflitti, nuove tensioni geopolitiche e l'aumento della spesa per la difesa stanno influenzando il dibattito politico.<\/p>\n<p>In questa nuova situazione, una domanda \u00e8 molto pi\u00f9 pressante di prima: da dove verranno i soldati del futuro? \u00c8 proprio qui che la Bundeswehr fa sempre pi\u00f9 spesso la sua comparsa nella vita scolastica di tutti i giorni, ad esempio attraverso presentazioni di giovani ufficiali, giochi di simulazione della politica di sicurezza o eventi informativi sulle opportunit\u00e0 di carriera militare.<\/p>\n<p>Allo stesso tempo, per\u00f2, crescono anche le critiche. Alcune associazioni di insegnanti e organizzazioni pacifiste sono scettiche nei confronti di queste attivit\u00e0. Avvertono che le scuole potrebbero diventare luoghi di reclutamento di giovani talenti.<\/p>\n<p>E ora anche gli stessi alunni si esprimono. Negli ultimi mesi, in molte citt\u00e0 tedesche ci sono stati scioperi scolastici contro i nuovi piani di servizio militare del governo tedesco. Migliaia di giovani sono scesi in piazza per protestare contro il possibile ritorno al servizio militare obbligatorio.<br \/>\nQuesto sviluppo mi ha incuriosito. Perch\u00e9 solleva una serie di domande:<\/p>\n<ul>\n<li>In che misura la Bundeswehr \u00e8 effettivamente presente nelle scuole tedesche di oggi?<\/li>\n<li>Da quanto tempo esiste questa forma di cooperazione?<\/li>\n<li>E dov'\u00e8 il confine tra educazione politica e reclutamento militare?<\/li>\n<\/ul>\n<p>Di seguito vorrei approfondire proprio queste domande.<\/p>\n<p><img loading=\"lazy\" decoding=\"async\" class=\"alignnone size-large wp-image-5152\" src=\"https:\/\/www.markus-schall.de\/wp-content\/uploads\/Wehrpflicht-Schulstreiks-90er.jpg\" alt=\"\" width=\"1024\" height=\"683\" srcset=\"https:\/\/www.markus-schall.de\/wp-content\/uploads\/Wehrpflicht-Schulstreiks-90er.jpg 1024w, https:\/\/www.markus-schall.de\/wp-content\/uploads\/Wehrpflicht-Schulstreiks-90er-300x200.jpg 300w, https:\/\/www.markus-schall.de\/wp-content\/uploads\/Wehrpflicht-Schulstreiks-90er-768x512.jpg 768w, https:\/\/www.markus-schall.de\/wp-content\/uploads\/Wehrpflicht-Schulstreiks-90er-18x12.jpg 18w\" sizes=\"auto, (max-width: 1024px) 100vw, 1024px\" \/><\/p>\n<h2>Punto di svolta: Come \u00e8 cambiata la situazione della sicurezza in Europa<\/h2>\n<p>Se si segue il dibattito politico odierno in Europa, un termine viene ripetuto pi\u00f9 volte:<\/p>\n<blockquote><p><em>\u201ePunto di svolta\u201c<\/em><\/p><\/blockquote>\n<p>Questa parola compare nei discorsi dei politici, negli articoli di giornale, nei talk show e nelle analisi di politica di sicurezza. Si riferisce alla valutazione che la situazione strategica in Europa \u00e8 cambiata radicalmente, e pi\u00f9 rapidamente di quanto molti osservatori si sarebbero aspettati solo pochi anni fa.<\/p>\n<p>Per molto tempo, la Germania ha vissuto in un ambiente di sicurezza relativamente stabile. Dopo la fine della Guerra Fredda, un grande conflitto militare sul suolo europeo sembrava quasi inconcepibile. La Bundeswehr \u00e8 stata ridimensionata, la spesa per la difesa \u00e8 diminuita e molti avevano l'impressione che le questioni militari avrebbero avuto un ruolo subordinato in futuro. Oggi la situazione \u00e8 diversa.<\/p>\n<h3>La guerra in Ucraina come punto di svolta<\/h3>\n<p>La guerra in Ucraina ha rappresentato una svolta decisiva. Al pi\u00f9 tardi dal 2022, il tema della politica di sicurezza \u00e8 tornato in cima all'agenda politica europea. Molti Paesi stanno discutendo su quanto sia ancora stabile l'ordine di sicurezza europeo e sul ruolo che le forze armate nazionali dovranno svolgere in futuro.<\/p>\n<p>Questo sviluppo ha portato anche a un chiaro cambiamento di rotta in Germania. I politici ora dicono apertamente che l'Europa deve tornare a concentrarsi maggiormente sulla deterrenza militare e sulle capacit\u00e0 di difesa. Il governo tedesco ha deciso di stanziare un cospicuo fondo speciale per la Bundeswehr, la spesa per la difesa \u00e8 stata aumentata e la Germania \u00e8 ora molto pi\u00f9 impegnata all'interno della NATO rispetto a qualche anno fa.<\/p>\n<p>Questi cambiamenti non hanno solo un impatto sulla politica estera. Hanno anche un impatto su questioni molto pratiche: attrezzature, infrastrutture e personale.<\/p>\n<h3>La crescente importanza della Bundeswehr<\/h3>\n<p>In questo nuovo contesto, la Bundeswehr si sta spostando sempre pi\u00f9 al centro del dibattito politico. Per molti anni, in Germania \u00e8 stata considerata un'istituzione che esisteva ma era poco visibile nella vita quotidiana della maggior parte delle persone. I dispiegamenti all'estero avvenivano, ma spesso avevano un ruolo limitato nella coscienza pubblica.<\/p>\n<p>Oggi le cose sono diverse. Improvvisamente si discute pi\u00f9 intensamente di quanto debbano essere grandi le forze armate, di quali compiti debbano svolgere e di quanto siano preparate per affrontare potenziali crisi. Allo stesso tempo, la NATO ha aumentato le proprie aspettative nei confronti degli Stati membri. Ci si aspetta che la Germania contribuisca maggiormente alla difesa collettiva.<\/p>\n<p>Tutto ci\u00f2 significa che la Bundeswehr ha bisogno non solo di tecnologie moderne, ma anche di personale sufficiente.<\/p>\n<h3>Il fabbisogno di personale delle forze armate<\/h3>\n<p>Un esercito moderno non funziona solo con veicoli, aerei o sistemi digitali. Ha bisogno soprattutto di persone: soldati, tecnici, specialisti, ufficiali e molti altri lavoratori qualificati.<\/p>\n<p>Questa \u00e8 una delle maggiori sfide che la Bundeswehr deve affrontare da diversi anni. I media riportano continuamente le difficolt\u00e0 di reclutamento del personale. Alcune aree tecniche o specializzate sono particolarmente difficili da coprire. Allo stesso tempo, il bisogno di nuove reclute qualificate \u00e8 in crescita.<\/p>\n<p>Non si tratta di un problema esclusivamente tedesco. Molti Paesi europei stanno affrontando questioni simili. Nelle societ\u00e0 moderne, l'esercito compete con molti altri datori di lavoro per ottenere giovani ben formati. Mentre in passato il servizio militare obbligatorio assicurava la regolare disponibilit\u00e0 di nuovi soldati, un esercito di volontari deve reclutare attivamente i propri membri.<\/p>\n<h3>Una nuova domanda strategica<\/h3>\n<p>Questo cambia anche una prospettiva fondamentale: l'esercito sta diventando sempre pi\u00f9 un datore di lavoro tra i tanti. Oggi la Bundeswehr deve spiegare perch\u00e9 i giovani dovrebbero scegliere la carriera militare. Deve presentare i programmi di formazione, mostrare le opportunit\u00e0 di carriera e illustrare il suo ruolo nella societ\u00e0. In breve, deve essere visibile.<\/p>\n<p>Ed \u00e8 proprio qui che entrano in gioco le scuole. Dopo tutto, se si vuole raggiungere i giovani, ha senso andare dove si trovano: nelle scuole, nei centri di formazione o nelle universit\u00e0. Da questo punto di vista, eventi informativi, conferenze o discussioni sulla politica di sicurezza sembrano inizialmente una misura logica.<\/p>\n<p>Ma \u00e8 proprio qui che inizia il dibattito sociale.<\/p>\n<h3>Militari e societ\u00e0<\/h3>\n<p>In Germania, il rapporto tra esercito e societ\u00e0 \u00e8 tradizionalmente delicato. L'esperienza storica del XX secolo ha portato molte persone a prestare molta attenzione al ruolo delle forze armate nella vita pubblica.<\/p>\n<p>Per questo motivo la crescente presenza della Bundeswehr nelle scuole \u00e8 vista in modo diverso. Per alcuni, la politica di sicurezza \u00e8 una parte naturale dell'educazione politica. Essi sostengono che gli studenti hanno il diritto di familiarizzare con la prospettiva delle forze armate.<\/p>\n<p>Altri hanno una visione pi\u00f9 critica. Temono che gli interessi militari possano acquisire un'influenza eccessiva nel campo dell'istruzione, soprattutto se allo stesso tempo si cercano nuove reclute per l'esercito.<\/p>\n<p>Gran parte del dibattito pubblico si concentra oggi su queste due posizioni.<\/p>\n<h3>Il caso della tensione: cosa succede quando la Germania entra ufficialmente in modalit\u00e0 crisi?<\/h3>\n<p><a href=\"https:\/\/www.markus-schall.de\/it\/2025\/10\/cosa-significa-il-calo-di-tensione-in-germania-e-quali-conseguenze-concrete-avrebbe\/\"><img loading=\"lazy\" decoding=\"async\" class=\"alignright wp-image-3002 size-medium\" src=\"https:\/\/www.markus-schall.de\/wp-content\/uploads\/Spannungsfall-Deutschland-2025-300x200.jpg\" alt=\"Cassa di tensione - Germania-2025\" width=\"300\" height=\"200\" srcset=\"https:\/\/www.markus-schall.de\/wp-content\/uploads\/Spannungsfall-Deutschland-2025-300x200.jpg 300w, https:\/\/www.markus-schall.de\/wp-content\/uploads\/Spannungsfall-Deutschland-2025-768x512.jpg 768w, https:\/\/www.markus-schall.de\/wp-content\/uploads\/Spannungsfall-Deutschland-2025-18x12.jpg 18w, https:\/\/www.markus-schall.de\/wp-content\/uploads\/Spannungsfall-Deutschland-2025.jpg 1024w\" sizes=\"auto, (max-width: 300px) 100vw, 300px\" \/><\/a>Un altro termine che compare sempre pi\u00f9 spesso nelle discussioni sulla politica di sicurezza \u00e8 il cosiddetto stato di tensione. Questo stato si colloca legalmente tra il tempo di pace e lo stato di difesa e pu\u00f2 essere dichiarato dal Bundestag in caso di minaccia di una grave crisi internazionale. Tuttavia, molti cittadini non sanno quali sarebbero le conseguenze specifiche di questo stato. Nel mio <a href=\"https:\/\/www.markus-schall.de\/it\/2025\/10\/cosa-significa-il-calo-di-tensione-in-germania-e-quali-conseguenze-concrete-avrebbe\/\"><strong>Articolo sulla caduta di tensione<\/strong><\/a> Spiego quindi nel dettaglio quali meccanismi politici e legali entrerebbero in vigore. Questi includono la possibile mobilitazione della Bundeswehr, poteri speciali per le agenzie governative e cambiamenti nella vita quotidiana della popolazione. L'articolo mostra chiaramente come funziona questa parte raramente discussa dell'architettura di sicurezza tedesca.<\/p>\n<hr \/>\n<h3 style=\"text-align: left;\">Indagine in corso su un possibile caso di tensione in Germania<\/h3>\n<div class='bootstrap-yop yop-poll-mc'>\n\t\t\t\t\t\t\t<div class=\"basic-yop-poll-container\" style=\"background-color:#ffffff; border:0px; border-style:solid; border-color:#000000; border-radius:5px; padding:0px 5px;\" data-id=\"6\" data-temp=\"basic-pretty\" data-skin=\"square\" data-cscheme=\"blue\" data-cap=\"0\" data-access=\"guest\" data-tid=\"\" data-uid=\"728c4f57e42691e6e2df7aa95f382736\" data-pid=\"3850\" data-resdet=\"votes-number,percentages\" data-show-results-to=\"guest\" data-show-results-moment=\"after-vote\" data-show-results-only=\"false\" data-show-message=\"true\" data-show-results-as=\"bar\" data-sort-results-by=\"as-defined\" data-sort-results-rule=\"asc\"data-is-ended=\"0\" data-percentages-decimals=\"2\" data-gdpr=\"no\" data-gdpr-sol=\"consent\" data-css=\".basic-yop-poll-container[data-uid] .basic-vote {\t\t\t\t\t\t\t\t\ttext-align: center;\t\t\t\t\t\t\t\t}\" data-counter=\"0\" data-load-with=\"1\" data-notification-section=\"top\"><div class=\"row\"><div class=\"col-md-12\"><div class=\"basic-inner\"><div class=\"basic-message hide\" style=\"border-left: 10px solid #008000; padding: 0px 10px;\" data-error=\"#ff0000\" data-success=\"#008000\"><p class=\"basic-message-text\" style=\"color:#000000; font-size:14px; font-weight:normal;\"><\/p><\/div><div class=\"basic-overlay hide\"><div class=\"basic-vote-options\"><\/div><div class=\"basic-preloader\"><div class=\"basic-windows8\"><div class=\"basic-wBall basic-wBall_1\"><div class=\"basic-wInnerBall\"><\/div><\/div><div class=\"basic-wBall basic-wBall_2\"><div class=\"basic-wInnerBall\"><\/div><\/div><div class=\"basic-wBall basic-wBall_3\"><div class=\"basic-wInnerBall\"><\/div><\/div><div class=\"basic-wBall basic-wBall_4\"><div class=\"basic-wInnerBall\"><\/div><\/div><div class=\"basic-wBall basic-wBall_5\"><div class=\"basic-wInnerBall\"><\/div><\/div><\/div><\/div><\/div><form class=\"basic-form\" action=\"\"><input type=\"hidden\" name=\"_token\" value=\"523642ccbf\" autocomplete=\"off\"><div class=\"basic-elements\"><div class=\"basic-element basic-question basic-question-text-vertical\" data-id=\"6\" data-uid=\"4733a3cd0c12331fbc2ab1a6f5984d02\" data-type=\"question\" data-question-type=\"text\" data-required=\"yes\" data-allow-multiple=\"no\" data-min=\"1\" data-max=\"7\" data-display=\"vertical\" data-colnum=\"\" data-display-others=\"no\" data-others-color=\"\" data-others=\"\" data-others-max-chars=\"0\"><div class=\"basic-question-title\"><h5 style=\"color:#000000; font-size:16px; font-weight:normal; text-align:left;\">Quanto vi sentite personalmente preparati ad affrontare un eventuale caso di tensione (ad esempio una crisi o una guerra)?<\/h5><\/div><ul class=\"basic-answers\"><li class=\"basic-answer\" style=\"padding:0px 0px;\" data-id=\"24\" data-type=\"text\" data-vn=\"19\" data-color=\"#000000\" data-make-link=\"no\" data-link=\"\"><div class=\"basic-answer-content basic-text-vertical\"><label for=\"answer[24]\" class=\"basic-answer-label\"><input type=\"radio\" id=\"answer[24]\" name=\"answer[6]\" value=\"24\"><span class=\"basic-text\" style=\"color: #000000; font-size: 14px; font-weight: normal;\">Molto bene: ho scorte, conoscenze e un piano.<\/span><\/label><\/div><\/li><li class=\"basic-answer\" style=\"padding:0px 0px;\" data-id=\"25\" data-type=\"text\" data-vn=\"36\" data-color=\"#000000\" data-make-link=\"no\" data-link=\"\"><div class=\"basic-answer-content basic-text-vertical\"><label for=\"answer[25]\" class=\"basic-answer-label\"><input type=\"radio\" id=\"answer[25]\" name=\"answer[6]\" value=\"25\"><span class=\"basic-text\" style=\"color: #000000; font-size: 14px; font-weight: normal;\">Piuttosto bene - ci ho pensato un po' su...<\/span><\/label><\/div><\/li><li class=\"basic-answer\" style=\"padding:0px 0px;\" data-id=\"26\" data-type=\"text\" data-vn=\"59\" data-color=\"#000000\" data-make-link=\"no\" data-link=\"\"><div class=\"basic-answer-content basic-text-vertical\"><label for=\"answer[26]\" class=\"basic-answer-label\"><input type=\"radio\" id=\"answer[26]\" name=\"answer[6]\" value=\"26\"><span class=\"basic-text\" style=\"color: #000000; font-size: 14px; font-weight: normal;\">Difficilmente - spero solo che non succeda nulla<\/span><\/label><\/div><\/li><li class=\"basic-answer\" style=\"padding:0px 0px;\" data-id=\"27\" data-type=\"text\" data-vn=\"13\" data-color=\"#000000\" data-make-link=\"no\" data-link=\"\"><div class=\"basic-answer-content basic-text-vertical\"><label for=\"answer[27]\" class=\"basic-answer-label\"><input type=\"radio\" id=\"answer[27]\" name=\"answer[6]\" value=\"27\"><span class=\"basic-text\" style=\"color: #000000; font-size: 14px; font-weight: normal;\">Per niente - ho deliberatamente soppresso l'argomento<\/span><\/label><\/div><\/li><li class=\"basic-answer\" style=\"padding:0px 0px;\" data-id=\"28\" data-type=\"text\" data-vn=\"16\" data-color=\"#000000\" data-make-link=\"no\" data-link=\"\"><div class=\"basic-answer-content basic-text-vertical\"><label for=\"answer[28]\" class=\"basic-answer-label\"><input type=\"radio\" id=\"answer[28]\" name=\"answer[6]\" value=\"28\"><span class=\"basic-text\" style=\"color: #000000; font-size: 14px; font-weight: normal;\">Che cos'\u00e8 una \"caduta di tensione\"?<\/span><\/label><\/div><\/li><\/ul><\/div><div class=\"clearfix\"><\/div><\/div><div class=\"basic-vote\"><a href=\"#\" class=\"button basic-vote-button\" role=\"button\" style=\"background:#027bb8; border:0px; border-style: solid; border-color:#000000; border-radius:5px; padding:10px 10px; color:#ffffff; font-size:14px; font-weight:normal;\">Voto<\/a><\/div><input type=\"hidden\" name=\"trp-form-language\" value=\"it\"\/><\/form><\/div><\/div><\/div><\/div>\n\t\t\t\t\t\t<\/div>\n<hr \/>\n<h3>Un dibattito che \u00e8 solo all'inizio<\/h3>\n<p>Se si osservano gli sviluppi attuali, diventa subito chiaro che la questione del ruolo della Bundeswehr nelle scuole fa parte di un dibattito molto pi\u00f9 ampio. Tocca questioni fondamentali come la sicurezza, la democrazia, l'educazione politica e la responsabilit\u00e0 dello Stato nei confronti dei cittadini. Allo stesso tempo, mostra che anche il rapporto tra i giovani e le istituzioni statali sta cambiando.<\/p>\n<p>Qualche decennio fa, probabilmente sarebbe stato difficile immaginare che gli studenti di oggi manifestassero e discutessero pubblicamente del servizio militare o della politica militare.<\/p>\n<p>Tutto ci\u00f2 indica che l'Europa - e con essa la Germania - \u00e8 effettivamente in una fase di sconvolgimento. \u00c8 quindi ancora pi\u00f9 interessante chiedersi come mai la Bundeswehr debba ora reclutare pi\u00f9 giovani. Dopo tutto, il punto di partenza decisivo per questo sviluppo \u00e8 una decisione politica presa pi\u00f9 di dieci anni fa: la fine del servizio militare obbligatorio.<\/p>\n<p><img loading=\"lazy\" decoding=\"async\" class=\"alignnone size-large wp-image-5153\" src=\"https:\/\/www.markus-schall.de\/wp-content\/uploads\/Wehrpflicht-Schulstreiks-Geopolitik.jpg\" alt=\"Servizio militare obbligatorio - scioperi scolastici - geopolitica\" width=\"1024\" height=\"683\" srcset=\"https:\/\/www.markus-schall.de\/wp-content\/uploads\/Wehrpflicht-Schulstreiks-Geopolitik.jpg 1024w, https:\/\/www.markus-schall.de\/wp-content\/uploads\/Wehrpflicht-Schulstreiks-Geopolitik-300x200.jpg 300w, https:\/\/www.markus-schall.de\/wp-content\/uploads\/Wehrpflicht-Schulstreiks-Geopolitik-768x512.jpg 768w, https:\/\/www.markus-schall.de\/wp-content\/uploads\/Wehrpflicht-Schulstreiks-Geopolitik-18x12.jpg 18w\" sizes=\"auto, (max-width: 1024px) 100vw, 1024px\" \/><\/p>\n<h2>La fine del servizio militare obbligatorio e le sue conseguenze<\/h2>\n<p>Nel 2011 la Germania ha preso una decisione di politica di sicurezza i cui effetti si fanno sentire ancora oggi: Il servizio militare obbligatorio \u00e8 stato sospeso. Anche se formalmente non \u00e8 stato abolito del tutto, in pratica questa decisione ha segnato la fine di un sistema che per decenni era stato una componente centrale della struttura di sicurezza tedesca.<\/p>\n<p>Per molte generazioni, il servizio militare obbligatorio era una cosa ovvia. Chiunque diventasse maggiorenne doveva aspettarsi di trascorrere alcuni mesi della propria vita nelle forze armate o nel servizio civile. Lo Stato aveva quindi un flusso continuo di reclute, indipendentemente dall'attrattiva del servizio militare per il singolo individuo.<\/p>\n<p>Questo principio \u00e8 cambiato radicalmente con la sospensione del servizio militare obbligatorio.<\/p>\n<h3>Dall'esercito di leva all'esercito volontario<\/h3>\n<p>Dal 2011, la Bundeswehr si basa su un sistema volontario. Ci\u00f2 significa che nessuno viene pi\u00f9 arruolato automaticamente. Chiunque voglia diventare un soldato deve decidere consapevolmente di farlo.<\/p>\n<p>Inizialmente c'erano ragioni abbastanza comprensibili per questo cambiamento. Negli anni precedenti, il numero di soldati di leva era gi\u00e0 stato ridotto in modo significativo e molti esperti sostenevano che un esercito moderno potesse funzionare meglio con soldati volontari e professionalmente preparati.<\/p>\n<p>Anche i compiti della Bundeswehr erano cambiati. Le missioni all'estero, la cooperazione internazionale e i sistemi militari tecnicamente sofisticati richiedevano un addestramento sempre pi\u00f9 specializzato. In questo contesto, un esercito pi\u00f9 piccolo e professionalizzato sembrava pi\u00f9 sensato a molti politici.<\/p>\n<p>Ma ogni decisione politica ha anche effetti collaterali.<\/p>\n<h3>La sfida di reclutare giovani talenti<\/h3>\n<p>Con la fine del servizio militare obbligatorio, \u00e8 venuto meno un meccanismo che per decenni aveva garantito automaticamente una nuova generazione di soldati. Improvvisamente, la Bundeswehr ha dovuto convincere i giovani ad arruolarsi volontariamente.<\/p>\n<p>All'inizio sembra pi\u00f9 facile di quanto non lo sia nella pratica. Dopo tutto, la Bundeswehr si trova a competere con molti altri datori di lavoro per ottenere giovani qualificati. Universit\u00e0, aziende, start-up, pubblica amministrazione: tutti sono alla ricerca di giovani talenti. Allo stesso tempo, il mondo del lavoro \u00e8 cambiato radicalmente. Molti giovani attribuiscono grande importanza a una pianificazione flessibile della vita, alla mobilit\u00e0 internazionale o a carriere creative.<\/p>\n<p>In queste condizioni, la carriera militare non \u00e8 attraente per tutti. Per di pi\u00f9, la professione militare \u00e8 associata a requisiti speciali: sforzo fisico, disciplina, possibili dislocazioni all'estero e disponibilit\u00e0 a usare la forza militare in caso di emergenza. Si tratta di aspetti che non possono essere paragonati ai lavori ordinari.<\/p>\n<p>Per la Bundeswehr, ci\u00f2 significa che deve spiegare perch\u00e9 i giovani dovrebbero comunque scegliere questa strada.<\/p>\n<h3>Nuove strategie di relazioni pubbliche<\/h3>\n<p>Negli anni successivi al 2011, la Bundeswehr ha quindi iniziato ad ampliare in modo significativo il proprio lavoro di pubbliche relazioni. Campagne informative, portali di carriera e apparizioni sui social media avevano lo scopo di mostrare le opportunit\u00e0 che una carriera militare pu\u00f2 offrire.<\/p>\n<p>Anche gli eventi per i giovani hanno acquisito importanza. Gli stand informativi alle fiere della formazione, i servizi di consulenza per i giovani che hanno abbandonato la scuola e le presentazioni sulle professioni tecniche all'interno delle forze armate sono diventati sempre pi\u00f9 parte della strategia di reclutamento.<\/p>\n<p>Un altro strumento \u00e8 stato quello degli eventi educativi, come conferenze sulla politica di sicurezza, giochi di simulazione sui conflitti internazionali o discussioni sul ruolo della NATO. Ufficialmente, l'attenzione \u00e8 rivolta all'educazione politica e alla diffusione di informazioni. Tuttavia, alcuni critici vedono in questo una forma indiretta di reclutamento.<\/p>\n<p>A prescindere da ci\u00f2, questo sviluppo dimostra soprattutto una cosa: la Bundeswehr \u00e8 oggi pi\u00f9 dipendente dalla visibilit\u00e0 che in passato.<\/p>\n<h3>Una societ\u00e0 in transizione<\/h3>\n<p>Questo cambiamento arriva in un momento in cui \u00e8 cambiato anche l'atteggiamento della societ\u00e0 nei confronti dell'esercito. Se la difesa nazionale \u00e8 stata una questione politica centrale durante i decenni della Guerra Fredda, dopo la riunificazione tedesca \u00e8 passata sempre pi\u00f9 in secondo piano.<\/p>\n<p>Molte persone in Germania sono cresciute in un'epoca in cui la guerra in Europa sembrava quasi inconcepibile. La politica di sicurezza era percepita pi\u00f9 come un compito di cooperazione internazionale e di soluzioni diplomatiche. Le questioni militari non avevano praticamente alcun ruolo nella vita quotidiana di molti cittadini.<\/p>\n<p>Con le attuali tensioni geopolitiche, questo quadro sta cambiando di nuovo. Temi come la capacit\u00e0 di difesa, la politica delle alleanze e la deterrenza militare vengono nuovamente discussi con maggiore intensit\u00e0. Questo sviluppo porta inevitabilmente a un'altra domanda: quale ruolo dovrebbe svolgere la Bundeswehr nella societ\u00e0 - e quanto dovrebbe essere visibile?<\/p>\n<h3>Il ritorno di un vecchio dibattito<\/h3>\n<p>Da alcuni anni si discute quindi sul possibile ritorno del servizio militare obbligatorio. Alcuni politici sostengono che il servizio obbligatorio non solo garantirebbe il fabbisogno di manodopera delle forze armate, ma potrebbe anche rafforzare il rapporto tra societ\u00e0 e esercito.<\/p>\n<p>Altri si oppongono fermamente a questa idea. La considerano una violazione della libert\u00e0 personale e dubitano che il servizio militare obbligatorio abbia ancora senso in una societ\u00e0 moderna.<\/p>\n<p>Il dibattito politico si muove attualmente tra queste posizioni. Una sola cosa \u00e8 certa: la decisione del 2011 ha cambiato definitivamente il sistema.<\/p>\n<h3>Uno sguardo alle giovani generazioni<\/h3>\n<p>Mentre i politici discutono di modelli di riforma, anche i giovani stessi reagiscono a questi sviluppi. Gli attuali scioperi scolastici contro i piani di servizio militare dimostrano che la questione del servizio militare e della politica di sicurezza sta nuovamente interessando una generazione che per lungo tempo ha avuto pochi contatti con questo tema.<\/p>\n<p>Proprio per questo il settore dell'istruzione sta diventando sempre pi\u00f9 un luogo in cui questa discussione diventa visibile. Le scuole non sono solo luoghi di apprendimento, ma anche spazi in cui le questioni politiche vengono riconosciute e discusse pi\u00f9 intensamente per la prima volta.<\/p>\n<p>Questo porta automaticamente al centro dell'attenzione un'altra domanda: che ruolo ha oggi la Bundeswehr nella vita scolastica di tutti i giorni - e quanto spesso gli studenti incontrano effettivamente i soldati in classe? \u00c8 proprio questa la domanda che vogliamo affrontare in modo pi\u00f9 dettagliato nel prossimo capitolo.<\/p>\n<h3>Punto di svolta nella Bundeswehr: tra pressioni per la riforma e carenza di personale<\/h3>\n<p>Dall'inizio della guerra in Ucraina, i politici e i militari tedeschi parlano di una \u201esvolta\u201c nella politica di sicurezza. Un documentario di SWR accompagna diversi soldati nella loro vita quotidiana e mostra come questa decisione politica stia avendo un impatto concreto sulla Bundeswehr. Il filmato segue, tra gli altri, una giovane recluta, un soldato esperto di ricognizione sul fianco orientale della NATO e un docente che dovrebbe preparare i soldati alle nuove realt\u00e0 della politica di sicurezza.<\/p>\n<div class=\"lyte-wrapper\" style=\"width:640px;max-width:100%;margin:5px;\"><div class=\"lyMe\" id=\"WYL_tHblncZVU5A\"><div id=\"lyte_tHblncZVU5A\" data-src=\"https:\/\/www.markus-schall.de\/wp-content\/plugins\/wp-youtube-lyte\/lyteCache.php?origThumbUrl=%2F%2Fi.ytimg.com%2Fvi%2FtHblncZVU5A%2Fhqdefault.jpg\" class=\"pL\"><div class=\"tC\"><div class=\"tT\"><\/div><\/div><div class=\"play\"><\/div><div class=\"ctrl\"><div class=\"Lctrl\"><\/div><div class=\"Rctrl\"><\/div><\/div><\/div><noscript><a href=\"https:\/\/youtu.be\/tHblncZVU5A\" rel=\"nofollow noopener\" target=\"_blank\"><img loading=\"lazy\" decoding=\"async\" src=\"https:\/\/www.markus-schall.de\/wp-content\/plugins\/wp-youtube-lyte\/lyteCache.php?origThumbUrl=https%3A%2F%2Fi.ytimg.com%2Fvi%2FtHblncZVU5A%2F0.jpg\" alt=\"Miniatura del video di YouTube\" width=\"640\" height=\"340\" \/><br \/>Guarda questo video su YouTube<\/a><\/noscript><\/div><\/div><div class=\"lL\" style=\"max-width:100%;width:640px;margin:5px;\"><\/div><br \/>\nPunto di svolta nella Bundeswehr - Un anno con i soldati. <a href=\"https:\/\/www.youtube.com\/@SWRDoku\" target=\"_blank\" rel=\"nofollow noopener\">Documentario SWR<\/a><\/p>\n<p>Le sfide che la Bundeswehr deve affrontare sono evidenti: la mancanza di personale, l'equipaggiamento trascurato per anni e il compito di concentrarsi nuovamente sulla difesa nazionale e dell'alleanza. Il rapporto offre una visione personale di un esercito in transizione.<\/p>\n<h3>La situazione prima e dopo la fine del servizio militare obbligatorio<\/h3>\n<div style=\"overflow-x: auto;\">\n<table style=\"border-collapse: collapse; width: 100%;\">\n<tbody>\n<tr style=\"background-color: #f2f2f2;\">\n<th>Prima del 2011 (servizio militare obbligatorio)<\/th>\n<th>Dopo il 2011 (esercito volontario)<\/th>\n<th>Effetti<\/th>\n<\/tr>\n<tr>\n<td>Arruolamento automatico di molti giovani.<\/td>\n<td>Candidatura volontaria alla carriera militare.<\/td>\n<td>La Bundeswehr deve reclutare attivamente nuove reclute.<\/td>\n<\/tr>\n<tr>\n<td>L'esercito era presente nella societ\u00e0, ma raramente nelle lezioni scolastiche.<\/td>\n<td>Pi\u00f9 eventi informativi e lavoro di pubbliche relazioni.<\/td>\n<td>La Bundeswehr compare pi\u00f9 spesso nel settore dell'istruzione.<\/td>\n<\/tr>\n<tr>\n<td>Lo Stato aveva un'offerta prevedibile di personale.<\/td>\n<td>Il reclutamento sta diventando pi\u00f9 difficile.<\/td>\n<td>Stanno emergendo nuove strategie di reclutamento.<\/td>\n<\/tr>\n<tr>\n<td>Il servizio militare faceva parte della vita di molti giovani.<\/td>\n<td>Il servizio militare \u00e8 una decisione professionale consapevole.<\/td>\n<td>Il rapporto tra societ\u00e0 e forze armate sta cambiando.<\/td>\n<\/tr>\n<\/tbody>\n<\/table>\n<\/div>\n<h2>Quando i soldati vengono in classe<\/h2>\n<p>Quando oggi nelle aule tedesche compaiono dei soldati, di solito non sono reclutatori nel senso tradizionale del termine. Di solito sono i cosiddetti ufficiali della giovent\u00f9 della Bundeswehr. Questa funzione speciale esiste dalla fine degli anni Cinquanta. Il loro compito ufficiale \u00e8 fornire informazioni sulla politica di sicurezza e discutere con i giovani.<\/p>\n<p>Gli ufficiali della giovent\u00f9 sono ufficiali addestrati che ricevono anche una formazione pedagogica. Visitano scuole, universit\u00e0 e istituti di formazione politica per tenere lezioni o partecipare a eventi di discussione. I temi trattati includono i conflitti internazionali, la politica delle alleanze, il ruolo della NATO e la situazione della sicurezza in Europa.<\/p>\n<p>Formalmente, questa attivit\u00e0 \u00e8 vista come educazione politica. La Bundeswehr sottolinea regolarmente che gli ufficiali della giovent\u00f9 non devono reclutare direttamente i giovani. Essi agiscono come oratori, non come consulenti di carriera.<\/p>\n<p>Tuttavia, la loro presenza nel settore dell'istruzione \u00e8 diventata molto pi\u00f9 visibile negli ultimi anni.<\/p>\n<h3>La politica di sicurezza come argomento didattico<\/h3>\n<p>Gli eventi con i giovani ufficiali si svolgono di solito nell'ambito di materie come politica, studi sociali o storia. Gli insegnanti possono richiedere una visita di questo tipo se desiderano approfondire un argomento, come la politica di sicurezza internazionale o la struttura della NATO.<\/p>\n<p>Un programma tipico \u00e8 relativamente semplice: un ufficiale fa una presentazione sugli attuali sviluppi della politica di sicurezza. Segue una discussione in cui gli studenti possono porre domande.<\/p>\n<p>Non si tratta solo di aspetti militari. Vengono spesso affrontati anche i processi decisionali politici, le organizzazioni internazionali e il ruolo della Germania nei conflitti globali.<\/p>\n<p>Per molti alunni, questa visita \u00e8 probabilmente il primo contatto diretto con un membro delle forze armate.<\/p>\n<h3>Giochi di simulazione e simulazioni di conflitti<\/h3>\n<p>Oltre alle lezioni tradizionali, esistono anche formati pi\u00f9 interattivi. Particolarmente noto \u00e8 il <a href=\"https:\/\/de.wikipedia.org\/wiki\/POL%26IS\" target=\"_blank\" rel=\"noopener\"><strong>Gioco di simulazione POL&amp;IS<\/strong><\/a> - Politica e sicurezza internazionale. Si tratta di una simulazione di politica internazionale.<\/p>\n<p>In questo gioco gli studenti assumono diversi ruoli, come il governo di uno Stato o il capo di un'organizzazione internazionale. Devono prendere decisioni sugli sviluppi economici, sulle relazioni diplomatiche o sui conflitti di politica di sicurezza. Si discute anche del ruolo che i mezzi militari possono svolgere in determinate situazioni.<\/p>\n<p>L'idea alla base di questi giochi di simulazione \u00e8 quella di rendere pi\u00f9 comprensibili contesti politici complessi. La politica internazionale \u00e8 costituita da molti fattori interconnessi: economia, diplomazia, questioni ambientali e sicurezza militare. Questa complessit\u00e0 pu\u00f2 spesso essere presentata in modo pi\u00f9 vivido in una simulazione che in una tradizionale discussione in classe. Tuttavia, questi formati sono anche soggetti a critiche.<\/p>\n<h3>Una linea sottile tra informazione e presentazione<\/h3>\n<p>I critici sostengono che i giochi di simulazione o le presentazioni possono talvolta ritrarre gli aspetti militari in modo troppo positivo. Quando i conflitti vengono simulati in un contesto ludico, c'\u00e8 il rischio di perdere di vista la realt\u00e0 della violenza militare.<\/p>\n<p>Altri la vedono diversamente. Sottolineano che l'educazione politica \u00e8 particolarmente utile quando include prospettive diverse. Anche il punto di vista delle forze armate pu\u00f2 avere un ruolo, purch\u00e9 sia discusso criticamente in classe.<\/p>\n<p>Questo dibattito dimostra quanto sia delicato l'argomento.<\/p>\n<h3>Escursioni e incontri fuori dall'aula<\/h3>\n<p>Oltre alle visite in classe, esiste un'altra forma di incontro: le escursioni alle basi della Bundeswehr. Alcune scuole organizzano visite a caserme o strutture di addestramento militare.<\/p>\n<p>Ad esempio, gli studenti possono vedere attrezzature tecniche, parlare con i soldati o farsi un'idea dei processi di addestramento. Per molti giovani, questa \u00e8 un'opportunit\u00e0 per familiarizzare con un'istituzione che altrimenti sembra piuttosto astratta.<\/p>\n<p>Tali visite sono spesso considerate dagli organizzatori come offerte informative. Allo stesso tempo, per\u00f2, sollevano anche degli interrogativi. I critici parlano talvolta di una sorta di \u201ecarattere esperienziale\u201c che potrebbe far apparire le strutture militari particolarmente interessanti.<\/p>\n<p>La correttezza o meno di questa valutazione dipende probabilmente dall'organizzazione specifica di questi eventi.<\/p>\n<h3>Con quale frequenza avvengono queste visite?<\/h3>\n<p>Il numero esatto di visite scolastiche varia di anno in anno. Si stima che i responsabili dei giovani raggiungano ogni anno decine di migliaia di studenti in Germania. In totale, si svolgono migliaia di eventi, non solo nelle scuole, ma anche nelle universit\u00e0 o nelle istituzioni educative politiche.<\/p>\n<p>Ci\u00f2 non significa che tutte le scuole effettuino regolarmente visite di questo tipo. Piuttosto, dipende molto dai singoli insegnanti, dalle reti regionali o da progetti didattici specifici.<\/p>\n<p>In alcune scuole, questi eventi sono parte integrante delle lezioni di politica. In altre, invece, non vengono insegnati affatto.<\/p>\n<h3>Il punto di vista delle scuole<\/h3>\n<p>Ci\u00f2 solleva una questione pratica per gli insegnanti e gli amministratori scolastici: quali relatori esterni dovrebbero essere invitati in classe?<br \/>\nLe scuole collaborano regolarmente con ospiti come scienziati, giornalisti, politici o rappresentanti di aziende. Anche le organizzazioni della societ\u00e0 civile tengono conferenze o workshop.<\/p>\n<p>In questo contesto, la Bundeswehr \u00e8 un'istituzione statale tra le tante. Ciononostante, il suo ruolo viene discusso pi\u00f9 intensamente rispetto a quello di altri interlocutori. Il motivo \u00e8 ovvio: l'esercito non \u00e8 un datore di lavoro ordinario. \u00c8 un'organizzazione che deve usare la forza in caso di emergenza per difendere gli interessi dello Stato. Per questo motivo si presta particolare attenzione a come \u00e8 organizzata la sua presenza nel settore dell'istruzione.<\/p>\n<p>Per alcuni, le visite della Bundeswehr sono una parte legittima dell'educazione politica. La politica di sicurezza \u00e8 un argomento che interessa i giovani e pu\u00f2 essere utile conoscere prospettive diverse.<\/p>\n<p>Per altri, rimane un certo disagio. Si chiedono se le scuole siano davvero il posto giusto per le istituzioni militari, soprattutto in tempi in cui le forze armate sono attivamente alla ricerca di nuove reclute.<\/p>\n<p>Queste diverse prospettive dimostrano che il dibattito sulle visite della Bundeswehr in classe fa parte, in ultima analisi, di una discussione sociale pi\u00f9 ampia. Dopo tutto, non appena le istituzioni statali vengono coinvolte maggiormente nell'istruzione, sorge automaticamente una domanda fondamentale: quale ruolo dovrebbero svolgere?<\/p>\n<p>\u00c8 proprio a questo punto che inizia il livello successivo del dibattito, ovvero la cooperazione tra la Bundeswehr e la politica educativa.<\/p>\n<h3>Forme di contatto della Bundeswehr con le scuole<\/h3>\n<div style=\"overflow-x: auto;\">\n<table style=\"border-collapse: collapse; width: 100%;\">\n<tbody>\n<tr style=\"background-color: #f2f2f2;\">\n<th>Formato<\/th>\n<th>Descrizione del<\/th>\n<th>Obiettivo<\/th>\n<\/tr>\n<tr>\n<td><strong>Presentazioni dei responsabili dei giovani<\/strong><\/td>\n<td>I soldati spiegano la politica di sicurezza internazionale e ne discutono con gli alunni.<\/td>\n<td>Formazione politica sui temi della politica di sicurezza.<\/td>\n<\/tr>\n<tr>\n<td><strong>Giochi di simulazione (ad es. POL&amp;IS)<\/strong><\/td>\n<td>Simulazione di politica internazionale e decisioni di conflitto.<\/td>\n<td>Rendere comprensibili contesti politici complessi.<\/td>\n<\/tr>\n<tr>\n<td><strong>Informazioni sulla carriera<\/strong><\/td>\n<td>Informazioni sulla formazione e sulle opportunit\u00e0 di carriera nella Bundeswehr.<\/td>\n<td>Suscitare interesse per le professioni militari.<\/td>\n<\/tr>\n<tr>\n<td><strong>Visite alle caserme<\/strong><\/td>\n<td>Gli alunni visitano siti militari e parlano con i soldati.<\/td>\n<td>Approfondimento sul lavoro quotidiano e sulla tecnologia delle forze armate.<\/td>\n<\/tr>\n<\/tbody>\n<\/table>\n<\/div>\n<h2>Cooperazione tra la Bundeswehr e i Ministeri dell'Istruzione e degli Affari Culturali<\/h2>\n<p>Quando i soldati compaiono nelle lezioni o i giochi di simulazione della politica di sicurezza si svolgono nelle scuole, di solito non \u00e8 del tutto spontaneo o casuale. Molte di queste attivit\u00e0 si basano su accordi ufficiali tra la Bundeswehr e i ministeri dell'Istruzione degli Stati federali.<\/p>\n<p>Queste collaborazioni non sono un progetto segreto in Germania, n\u00e9 uno sviluppo nuovo. Infatti, molti di questi accordi sono stati stipulati pi\u00f9 di dieci anni fa, per lo pi\u00f9 tra il 2008 e il 2011, periodo in cui in diversi Stati federali \u00e8 emerso il desiderio di integrare maggiormente i temi della politica di sicurezza nelle lezioni.<\/p>\n<p>L'idea alla base era inizialmente relativamente pragmatica: le scuole dovrebbero avere accesso a relatori esperti quando si tratta di questioni di politica di sicurezza internazionale.<\/p>\n<p>Questo perch\u00e9 i programmi di studio coprono ora argomenti come la NATO, i conflitti internazionali, le missioni di pace e la politica di sicurezza europea. Ed \u00e8 proprio in questo ambito che i giovani ufficiali della Bundeswehr sono stati visti come potenziali interlocutori.<\/p>\n<h3>Il contenuto degli accordi<\/h3>\n<p>Gli accordi di cooperazione tra la Bundeswehr e i ministeri dell'Istruzione regolano principalmente le questioni organizzative. Determinano le condizioni in cui gli ufficiali della giovent\u00f9 possono visitare le scuole e il ruolo che sono autorizzati a svolgere. Un punto centrale \u00e8 quasi sempre che la responsabilit\u00e0 educativa rimane interamente della scuola. In termini concreti, ci\u00f2 significa<\/p>\n<ul>\n<li>Gli insegnanti decidono se invitare un responsabile dei giovani.<\/li>\n<li>La scuola stabilisce l'argomento e il programma dell'evento.<\/li>\n<li>La visita \u00e8 volontaria e fa parte del progetto didattico dell'insegnante.<\/li>\n<\/ul>\n<p>Inoltre, molti accordi sottolineano esplicitamente che gli ufficiali dei giovani non devono reclutare direttamente nuove reclute. Secondo le dichiarazioni ufficiali, il loro compito \u00e8 quello di spiegare i contesti della politica di sicurezza e facilitare le discussioni. La Bundeswehr vede quindi questo lavoro come un contributo all'educazione politica.<\/p>\n<h3>Una rete di contatti<\/h3>\n<p>In pratica, queste collaborazioni spesso si traducono in reti relativamente stabili. I responsabili della giovent\u00f9 collaborano regolarmente con alcune scuole, gli insegnanti conoscono i loro contatti presso la Bundeswehr e alcune unit\u00e0 didattiche si ripetono in forma simile nel corso degli anni.<\/p>\n<p>Questo pu\u00f2 certamente avere dei vantaggi pratici per le scuole. I temi della politica di sicurezza sono tra le aree pi\u00f9 complesse dell'educazione politica. Relatori esterni possono aiutare a spiegare gli sviluppi attuali o a fornire spunti pratici. Anche i giochi di simulazione o gli eventi di discussione possono essere organizzati pi\u00f9 facilmente con il supporto di moderatori esperti.<\/p>\n<p>Dal punto di vista della Bundeswehr, questa rete ha anche un chiaro vantaggio: Crea un accesso ai giovani che si interessano di questioni politiche e che stanno per passare alla vita lavorativa.<\/p>\n<h3>Un argomento delicato nel settore dell'istruzione<\/h3>\n<p>Nonostante questa struttura organizzativa, la cooperazione tra le forze armate e la politica educativa rimane una questione delicata. In Germania, il settore dell'istruzione \u00e8 tradizionalmente molto attento a mantenere la neutralit\u00e0 politica.<\/p>\n<p>Le scuole dovrebbero essere luoghi in cui si possono discutere diverse prospettive, senza che una particolare istituzione statale abbia un'influenza dominante. Proprio per questo motivo, alcuni osservatori hanno una visione critica della cooperazione con le Forze armate tedesche. Si chiedono se le forze armate siano davvero il partner giusto per l'educazione politica.<\/p>\n<p>Altri, invece, non vedono questo come un problema. Essi sostengono che le questioni di politica della sicurezza, in particolare, non possono essere discusse senza la prospettiva delle forze armate. Quando gli studenti parlano di conflitti internazionali o di politica di difesa, pu\u00f2 anche avere senso coinvolgere qualcuno che si occupa professionalmente di questi temi.<\/p>\n<h3>Regolamenti diversi negli Stati federali<\/h3>\n<p>Un altro punto che a volte viene trascurato nel dibattito pubblico: La politica educativa in Germania \u00e8 di competenza degli Stati federali. Ci\u00f2 significa che non esiste una normativa standardizzata per tutto il Paese.<\/p>\n<p>Alcuni Stati federali mantengono una collaborazione relativamente stretta con la Bundeswehr. Altri adottano un approccio pi\u00f9 cauto o si concentrano maggiormente su forme alternative di educazione politica. In alcune regioni, le visite degli ufficiali della giovent\u00f9 fanno parte del programma regolare per le scuole. In altri Stati federali, tali eventi sono organizzati meno frequentemente o sono oggetto di maggiori discussioni.<\/p>\n<p>Questo sistema federale significa che la presenza effettiva della Bundeswehr nella vita scolastica quotidiana pu\u00f2 variare notevolmente.<\/p>\n<h3>Il ruolo delle scuole stesse<\/h3>\n<p>In ultima analisi, la decisione spetta spesso alle scuole stesse. La direzione della scuola e il personale docente decidono quali relatori esterni invitare e quali argomenti approfondire in classe.<\/p>\n<p>Alcune scuole utilizzano regolarmente i programmi della Bundeswehr, ad esempio per giochi di simulazione o eventi di discussione sulla politica internazionale. Altre si astengono deliberatamente dal farlo. In alcuni casi, le scuole hanno persino deciso espressamente di non organizzare eventi con relatori militari. Iniziative come \u201eScuole senza la Bundeswehr\u201c invitano gli istituti scolastici a rifiutare tali visite.<\/p>\n<p>Di solito non ci sono conseguenze legali per questo. Le scuole sono fondamentalmente libere di organizzare le lezioni come vogliono.<\/p>\n<h3>Un dibattito sulla missione educativa<\/h3>\n<p>Tutti questi sviluppi dimostrano che la cooperazione tra la Bundeswehr e le scuole \u00e8 in ultima analisi parte di una discussione pi\u00f9 ampia: cosa fa esattamente parte dell'educazione politica?<\/p>\n<p>Quando si parla di politica internazionale, gli studenti dovrebbero imparare anche la prospettiva delle istituzioni statali? Oppure le lezioni dovrebbero tenere deliberatamente le distanze dalle organizzazioni militari?<\/p>\n<p>A queste domande non si pu\u00f2 rispondere con un semplice s\u00ec o no. Esse toccano idee fondamentali sul ruolo della scuola in una societ\u00e0 democratica.<\/p>\n<p>Non sorprende quindi che le associazioni di insegnanti, le iniziative per la pace e le organizzazioni sociali siano sempre pi\u00f9 coinvolte in questo dibattito. Per loro c'\u00e8 una domanda fondamentale: quanto pu\u00f2 essere tollerato il settore dell'istruzione?<\/p>\n<p><img loading=\"lazy\" decoding=\"async\" class=\"alignnone size-large wp-image-5154\" src=\"https:\/\/www.markus-schall.de\/wp-content\/uploads\/Wehrpflicht-Schulstreiks-Zusammenarbeit.jpg\" alt=\"Cooperazione tra politica e forze armate\" width=\"1024\" height=\"683\" srcset=\"https:\/\/www.markus-schall.de\/wp-content\/uploads\/Wehrpflicht-Schulstreiks-Zusammenarbeit.jpg 1024w, https:\/\/www.markus-schall.de\/wp-content\/uploads\/Wehrpflicht-Schulstreiks-Zusammenarbeit-300x200.jpg 300w, https:\/\/www.markus-schall.de\/wp-content\/uploads\/Wehrpflicht-Schulstreiks-Zusammenarbeit-768x512.jpg 768w, https:\/\/www.markus-schall.de\/wp-content\/uploads\/Wehrpflicht-Schulstreiks-Zusammenarbeit-18x12.jpg 18w\" sizes=\"auto, (max-width: 1024px) 100vw, 1024px\" \/><\/p>\n<h2>Critiche e posizioni opposte: un dibattito a pi\u00f9 voci<\/h2>\n<p>Non appena le istituzioni statali vengono coinvolte maggiormente nell'istruzione, si apre quasi automaticamente un dibattito pubblico. Questo \u00e8 particolarmente vero quando si tratta di militari. Le reazioni agli eventi della Bundeswehr nelle scuole variano di conseguenza.<\/p>\n<p>Mentre alcuni osservatori la considerano una componente legittima dell'educazione politica, altri esprimono chiare critiche. Tra queste due posizioni si apre un dibattito che non riguarda solo la politica educativa, ma anche questioni fondamentali sul rapporto tra esercito, Stato e societ\u00e0.<\/p>\n<p>Vale quindi la pena di esaminare pi\u00f9 da vicino gli argomenti pi\u00f9 importanti di entrambe le parti.<\/p>\n<h3>Critiche da parte delle associazioni degli insegnanti<\/h3>\n<p>Una delle voci pi\u00f9 forti in questo dibattito proviene dalle associazioni degli insegnanti. L'Unione tedesca per l'educazione e la scienza (GEW), in particolare, esprime da anni preoccupazioni sulla presenza della Bundeswehr in classe.<\/p>\n<p>Il punto centrale della critica \u00e8 che l'educazione politica dovrebbe essere organizzata in primo luogo dagli insegnanti stessi, non dai rappresentanti delle istituzioni statali con i propri interessi.<\/p>\n<p>Secondo i critici, c'\u00e8 il rischio che gli studenti possano familiarizzare con prospettive unilaterali. Le istituzioni militari hanno naturalmente una certa visione dei conflitti internazionali, della politica di difesa o delle strategie di sicurezza.<\/p>\n<p>Le associazioni degli insegnanti sostengono quindi che tali argomenti dovrebbero essere considerati in classe da diverse prospettive, ad esempio da una prospettiva di scienza politica, storica o di politica della pace.<\/p>\n<p>Un altro punto riguarda l'et\u00e0 del gruppo target. Gli studenti sono ancora in una fase di orientamento politico. I critici avvertono quindi che le istituzioni militari potrebbero acquisire un'influenza eccessiva nel settore dell'istruzione.<\/p>\n<h3>Iniziative di pace e gruppi della societ\u00e0 civile<\/h3>\n<p>Oltre alle associazioni di insegnanti, anche le iniziative per la pace si esprimono regolarmente. Alcune organizzazioni di questo ambiente parlano di \u201emilitarizzazione del settore dell'istruzione\u201c.<\/p>\n<p>Ci\u00f2 significa che i temi militari sono sempre pi\u00f9 presenti nella vita scolastica quotidiana, sia attraverso lezioni, giochi di simulazione o cooperazione con le istituzioni statali.<\/p>\n<p>Questi gruppi si trovano di fronte a una domanda fondamentale: le organizzazioni militari dovrebbero avere un ruolo in classe?<\/p>\n<p>Alcune iniziative per la pace sostengono che le scuole dovrebbero essere deliberatamente luoghi in cui la risoluzione dei conflitti, la diplomazia e la cooperazione internazionale sono al centro dell'attenzione. A loro avviso, le prospettive militari potrebbero inviare un segnale sbagliato, soprattutto in tempi di crescenti tensioni globali.<\/p>\n<p>Alcuni di questi gruppi sono attivamente coinvolti in campagne come \u201eScuola senza la Bundeswehr\u201c, che invita le scuole a non ricevere visite da parte degli ufficiali della giovent\u00f9.<\/p>\n<h3>Critiche da parte delle organizzazioni per i diritti dei bambini<\/h3>\n<p>Un altro punto critico riguarda il fatto che la Bundeswehr addestra anche volontari di 17 anni. Sebbene questi minori non possano essere impiegati in missioni di combattimento, iniziano gi\u00e0 la loro formazione militare.<\/p>\n<p>Le organizzazioni per i diritti dei bambini sono talvolta critiche nei confronti di questa pratica. Esse sostengono che i giovani dovrebbero essere particolarmente protetti quando si tratta di strutture militari e di possibili impieghi successivi.<\/p>\n<p>Nei dibattiti internazionali si discute spesso se gli Stati debbano schierare le proprie forze armate solo con soldati maggiorenni. La Germania opera all'interno di un quadro legalmente consentito, ma il dibattito rimane vivace.<\/p>\n<h3>La preoccupazione principale dei critici<\/h3>\n<p>Se si riassumono tutte queste argomentazioni, emerge un punto centrale: i critici temono che le scuole possano diventare uno spazio di reclutamento indiretto.<\/p>\n<p>Anche se gli ufficiali della giovent\u00f9 non reclutano ufficialmente i giovani, la loro sola presenza potrebbe avere un'influenza positiva sull'immagine della Bundeswehr. Soprattutto se si discutono contemporaneamente opportunit\u00e0 di carriera o programmi di formazione tecnica.<\/p>\n<p>Da questo punto di vista, il confine tra informazione e pubblicit\u00e0 viene percepito come labile.<\/p>\n<h3>Le controargomentazioni<\/h3>\n<p>D'altra parte, ci sono posizioni opposte altrettanto chiare. Molti politici, esperti di educazione e persino alcuni insegnanti ritengono che le critiche siano esagerate. La loro argomentazione \u00e8 che la politica di sicurezza \u00e8 una parte reale delle discussioni politiche. Se gli alunni devono comprendere i conflitti internazionali, le strutture della NATO o le alleanze militari, pu\u00f2 essere utile far conoscere loro la prospettiva delle forze armate.<\/p>\n<p>Si sottolinea inoltre che i responsabili dei giovani non agiscono da soli in classe. Gli insegnanti possono moderare le discussioni, porre domande critiche o apportare ulteriori prospettive. L'educazione politica si basa sul confronto tra diversi punti di vista.<\/p>\n<p>Un altro punto riguarda il controllo democratico della Bundeswehr. La Germania considera le sue forze armate come un \u201eesercito parlamentare\u201c saldamente integrato nelle strutture democratiche dello Stato. Da questo punto di vista, sembra perfettamente legittimo che i soldati partecipino all'educazione politica.<\/p>\n<h3>Un confronto con altri diffusori<\/h3>\n<p>I favorevoli pongono anche una semplice contro-domanda: perch\u00e9 escludere proprio i relatori militari quando le scuole invitano regolarmente rappresentanti di altre istituzioni?<\/p>\n<p>I giornalisti raccontano il lavoro dei media, gli imprenditori spiegano le relazioni economiche, le organizzazioni ambientaliste parlano di politica climatica. In molti settori, il coinvolgimento di esperti esterni fa parte da tempo della vita scolastica quotidiana.<\/p>\n<p>Se l'educazione politica deve essere realistica, potrebbe anche avere senso permettere a diversi attori sociali di dire la loro, a patto che le loro dichiarazioni siano discusse in modo critico.<\/p>\n<h3>Un gioco di equilibri per le scuole<\/h3>\n<p>In pratica, le scuole si trovano spesso di fronte a un gioco di equilibri. Da un lato, devono presentare i temi politici nel maggior numero possibile di modi diversi. Dall'altro, devono garantire che nessuna istituzione abbia un'influenza dominante.<\/p>\n<p>Molti insegnanti risolvono questo problema in modo pragmatico: utilizzano relatori esterni, ma combinano i loro contributi con discussioni critiche o materiali aggiuntivi. Questo permette agli alunni di conoscere diversi punti di vista e di formarsi una propria opinione. In definitiva, questo \u00e8 anche il cuore dell'educazione democratica.<\/p>\n<h3>Un dibattito senza risposte semplici<\/h3>\n<p>Se si esaminano le varie argomentazioni, diventa subito chiaro che la discussione sulle visite della Bundeswehr nelle scuole non pu\u00f2 essere ridotta a semplici parole d'ordine.<\/p>\n<p>Tocca questioni fondamentali su come dovrebbe essere organizzata l'educazione politica, sul ruolo che le istituzioni statali possono svolgere nell'insegnamento e su come i giovani vengono introdotti a questioni sociali complesse.<\/p>\n<p>Proprio per questo motivo \u00e8 probabile che il dibattito continui ancora a lungo. \u00c8 interessante notare che anche gli studenti stessi sono ora pi\u00f9 coinvolti in questa discussione. Gli scioperi scolastici contro i piani di servizio militare dimostrano che una nuova generazione sta iniziando a formulare le proprie posizioni.<\/p>\n<p>Ci\u00f2 significa che una parte del dibattito sta uscendo dalle aule e si sta spostando nelle strade, come vedremo nel prossimo capitolo.<\/p>\n<p><img loading=\"lazy\" decoding=\"async\" class=\"alignnone size-large wp-image-5155\" src=\"https:\/\/www.markus-schall.de\/wp-content\/uploads\/Wehrpflicht-Schulstreiks-Diskussion.jpg\" alt=\"Dibattito sulla Bundeswehr nelle scuole\" width=\"1024\" height=\"683\" srcset=\"https:\/\/www.markus-schall.de\/wp-content\/uploads\/Wehrpflicht-Schulstreiks-Diskussion.jpg 1024w, https:\/\/www.markus-schall.de\/wp-content\/uploads\/Wehrpflicht-Schulstreiks-Diskussion-300x200.jpg 300w, https:\/\/www.markus-schall.de\/wp-content\/uploads\/Wehrpflicht-Schulstreiks-Diskussion-768x512.jpg 768w, https:\/\/www.markus-schall.de\/wp-content\/uploads\/Wehrpflicht-Schulstreiks-Diskussion-18x12.jpg 18w\" sizes=\"auto, (max-width: 1024px) 100vw, 1024px\" \/><\/p>\n<h3>Argomentazioni di critici e sostenitori della Bundeswehr nelle scuole<\/h3>\n<div style=\"overflow-x: auto;\">\n<table style=\"border-collapse: collapse; width: 100%;\">\n<tbody>\n<tr style=\"background-color: #f2f2f2;\">\n<th>L'argomentazione dei critici<\/th>\n<th>Argomento dei proponenti<\/th>\n<th>Domanda centrale<\/th>\n<\/tr>\n<tr>\n<td>Le istituzioni militari non dovrebbero avere accesso diretto agli studenti.<\/td>\n<td>La politica di sicurezza fa parte dell'educazione politica e deve essere spiegata.<\/td>\n<td>I militari appartengono al settore dell'istruzione?<\/td>\n<\/tr>\n<tr>\n<td>I giovani potrebbero essere influenzati positivamente dai soldati.<\/td>\n<td>Gli studenti sono in grado di discutere criticamente le diverse prospettive.<\/td>\n<td>Quanto \u00e8 forte l'influenza dei relatori esterni?<\/td>\n<\/tr>\n<tr>\n<td>Le visite della Bundeswehr potrebbero essere un reclutamento indiretto.<\/td>\n<td>Ufficialmente, gli ufficiali dei giovani servono solo a fornire informazioni politiche.<\/td>\n<td>Dove finisce l'informazione e inizia la pubblicit\u00e0?<\/td>\n<\/tr>\n<tr>\n<td>Le scuole dovrebbero rimanere il pi\u00f9 possibile libere da militari.<\/td>\n<td>Anche altre istituzioni statali compaiono in aula.<\/td>\n<td>Quali attori esterni sono utili in classe?<\/td>\n<\/tr>\n<\/tbody>\n<\/table>\n<\/div>\n<h2>Un nuovo movimento di protesta: scioperi scolastici contro i piani di servizio militare<\/h2>\n<p>Negli ultimi mesi si \u00e8 osservato uno sviluppo che per lungo tempo \u00e8 stato piuttosto raro in questa forma: gli studenti delle scuole stanno nuovamente partecipando in misura crescente alle proteste politiche. Una delle ragioni \u00e8 la discussione sui nuovi modelli di servizio militare in Germania.<\/p>\n<p>In diverse citt\u00e0 tedesche c'erano <a href=\"https:\/\/schulstreikgegenwehrpflicht.com\" target=\"_blank\" rel=\"noopener\"><strong>Sciopero delle scuole contro una possibile riforma del servizio militare<\/strong><\/a>. Migliaia di giovani hanno lasciato le scuole durante l'orario scolastico per partecipare alle manifestazioni. Il loro obiettivo era quello di attirare l'attenzione sulle possibili conseguenze dei nuovi concetti di politica di sicurezza e di esprimere il loro rifiuto di un eventuale ritorno al servizio obbligatorio.<\/p>\n<p>Queste proteste dimostrano che le questioni di politica di sicurezza stanno ora preoccupando anche una generazione che per lungo tempo ha avuto pochi contatti diretti con le questioni militari.<\/p>\n<h3>Contesto: Nuovi modelli di servizio militare<\/h3>\n<p>Le proteste sono state innescate dalle discussioni politiche su un nuovo modello di servizio militare. Dopo la sospensione del servizio militare obbligatorio nel 2011, la Bundeswehr si basa ora sul servizio volontario. Tuttavia, alla luce della mutata situazione della sicurezza in Europa, i politici stanno discutendo da tempo su come adattare il sistema.<\/p>\n<p>Una proposta \u00e8 quella di scrivere a tutti i giovani di un gruppo di anni e chiedere loro la disponibilit\u00e0 al servizio militare. Il questionario raccoglierebbe informazioni su interessi, qualifiche e requisiti di salute. Sulla base di questi dati, lo Stato potrebbe decidere se e quanti giovani possono essere reclutati per il servizio volontario.<\/p>\n<p>Nel dibattito politico, questo modello viene spesso descritto come una sorta di passo intermedio. Se nel lungo periodo non ci fossero abbastanza volontari, il legislatore potrebbe teoricamente prendere in considerazione anche la riattivazione del servizio militare obbligatorio.<\/p>\n<p>\u00c8 proprio questa possibilit\u00e0 a causare disagio in molti giovani.<\/p>\n<h3>Manifestazioni in molte citt\u00e0<\/h3>\n<p>Nel dicembre 2025 ci fu quindi una grande ondata di proteste. Gli studenti organizzarono manifestazioni in oltre 90 citt\u00e0 tedesche. Secondo le stime, un totale di circa 55.000 giovani ha preso parte alle azioni.<\/p>\n<p>Tra le citt\u00e0 in cui si sono svolte le proteste figurano Berlino, Amburgo, Colonia, D\u00fcsseldorf, Monaco, Stoccarda e Dresda. In alcune citt\u00e0 si sono riunite diverse migliaia di partecipanti.<\/p>\n<p>Le manifestazioni sono state spesso organizzate attraverso i social network. I gruppi studenteschi si sono messi in rete, hanno diffuso gli appelli allo sciopero e hanno coordinato i punti di incontro per le manifestazioni comuni.<\/p>\n<p>Molti partecipanti hanno portato cartelli con slogan contro il servizio militare obbligatorio o contro la crescente militarizzazione della politica.<\/p>\n<h3>L'impegno politico di una giovane generazione<\/h3>\n<p>Per molti osservatori, questi scioperi scolastici sono stati un segnale interessante. Dimostrano che i giovani sono decisamente interessati alle questioni politiche, soprattutto quando possono essere direttamente coinvolti.<\/p>\n<p>La discussione sul servizio militare tocca temi fondamentali: la libert\u00e0 personale, la responsabilit\u00e0 dello Stato, la sicurezza internazionale e il ruolo dell'esercito in una societ\u00e0 democratica. Il fatto che gli alunni discutano di questi temi in pubblico pu\u00f2 quindi essere visto anche come espressione di una vivace cultura politica.<\/p>\n<p>Allo stesso tempo, \u00e8 evidente un conflitto generazionale. Molti giovani sono cresciuti in un'epoca in cui le questioni militari non avevano praticamente alcun ruolo nella vita quotidiana. Per loro, l'idea del servizio obbligatorio pu\u00f2 essere pi\u00f9 difficile da comprendere rispetto alle generazioni pi\u00f9 anziane che hanno vissuto in prima persona il servizio militare o civile obbligatorio.<\/p>\n<h3>Le proteste degli studenti contro il possibile servizio militare obbligatorio nei media<\/h3>\n<p>I media pubblici riportano ora anche le crescenti proteste dei giovani contro i possibili modelli di servizio militare. In un articolo del <a href=\"https:\/\/www.youtube.com\/@tagesschau\" target=\"_blank\" rel=\"nofollow noopener\">Notizie quotidiane<\/a> mostra gli studenti delle scuole di diverse citt\u00e0 che scendono in piazza con lo slogan \u201eSciopero delle scuole contro il servizio militare obbligatorio\u201c. Molti giovani esprimono la preoccupazione che un nuovo servizio militare obbligatorio possa limitare i loro progetti di vita. Alcuni sottolineano che, pur volendo in linea di principio occuparsi di questioni di politica di sicurezza, non vedono il servizio militare come un'opzione obbligatoria.<\/p>\n<div class=\"lyte-wrapper\" style=\"width:640px;max-width:100%;margin:5px;\"><div class=\"lyMe\" id=\"WYL_xP5tabk6g8c\"><div id=\"lyte_xP5tabk6g8c\" data-src=\"https:\/\/www.markus-schall.de\/wp-content\/plugins\/wp-youtube-lyte\/lyteCache.php?origThumbUrl=%2F%2Fi.ytimg.com%2Fvi%2FxP5tabk6g8c%2Fhqdefault.jpg\" class=\"pL\"><div class=\"tC\"><div class=\"tT\"><\/div><\/div><div class=\"play\"><\/div><div class=\"ctrl\"><div class=\"Lctrl\"><\/div><div class=\"Rctrl\"><\/div><\/div><\/div><noscript><a href=\"https:\/\/youtu.be\/xP5tabk6g8c\" rel=\"nofollow noopener\" target=\"_blank\"><img loading=\"lazy\" decoding=\"async\" src=\"https:\/\/www.markus-schall.de\/wp-content\/plugins\/wp-youtube-lyte\/lyteCache.php?origThumbUrl=https%3A%2F%2Fi.ytimg.com%2Fvi%2FxP5tabk6g8c%2F0.jpg\" alt=\"Miniatura del video di YouTube\" width=\"640\" height=\"340\" \/><br \/>Guarda questo video su YouTube<\/a><\/noscript><\/div><\/div><div class=\"lL\" style=\"max-width:100%;width:640px;margin:5px;\"><\/div><br \/>\nManifestazioni in tutto il Paese: Perch\u00e9 gli studenti protestano contro la nuova legge sul servizio militare<\/p>\n<p>Il video mostra interviste con gli studenti e impressioni sulle dimostrazioni e fa capire quanto l'argomento sia emotivo e controverso tra i giovani.<\/p>\n<h3>Conflitto con l'istruzione obbligatoria<\/h3>\n<p>Tuttavia, gli scioperi scolastici hanno portato anche a una questione pratica: gli studenti possono manifestare durante l'orario scolastico?<\/p>\n<p>In Germania la frequenza scolastica \u00e8 obbligatoria. Ci\u00f2 significa che gli alunni sono obbligati a frequentare le lezioni durante l'orario scolastico. Le manifestazioni politiche non sono normalmente considerate una scusa ufficiale.<\/p>\n<p>Alcune autorit\u00e0 scolastiche hanno quindi dichiarato che i partecipanti agli scioperi potevano essere considerati assenti. In alcuni casi, \u00e8 stato sottolineato che le assenze sarebbero apparse sui rapporti scolastici o che i test di classe mancati avrebbero dovuto essere recuperati.<\/p>\n<p>Questa posizione \u00e8 stata a sua volta criticata. Alcuni studenti e sostenitori hanno affermato che l'impegno politico non dovrebbe essere reso pi\u00f9 difficile dalle sanzioni scolastiche. Hanno fatto notare che anche altri movimenti di protesta - come le manifestazioni per il clima - si sono talvolta svolti durante l'orario scolastico.<\/p>\n<h3>Un dibattito sulla partecipazione politica<\/h3>\n<p>Di conseguenza, dagli scioperi scolastici si \u00e8 sviluppata rapidamente una seconda discussione: la questione della partecipazione politica dei giovani.<\/p>\n<p>Gli studenti dovrebbero esprimere le loro preoccupazioni politiche solo al di fuori dell'orario scolastico? Oppure fa parte della cultura democratica che i giovani richiamino l'attenzione pubblica su questioni sociali anche durante l'orario scolastico?<\/p>\n<p>Come spesso accade, anche in questo caso esistono prospettive diverse. Alcuni insegnanti sono favorevoli all'impegno politico in linea di principio, ma allo stesso tempo sottolineano che le scuole hanno bisogno di regole chiare. Altri ritengono problematico che le lezioni siano regolarmente interrotte da manifestazioni.<\/p>\n<h3>Un segno di cambiamento sociale<\/h3>\n<p>Indipendentemente dalla valutazione di questi temi, gli scioperi scolastici dimostrano chiaramente una cosa: le questioni di politica della sicurezza sono tornate ad avere un ruolo di primo piano nel dibattito pubblico.<\/p>\n<p>Una generazione che per molto tempo non ha avuto un legame diretto con le questioni militari sta iniziando a confrontarsi con questi temi. Stanno emergendo nuovi movimenti politici, nuovi argomenti e nuove forme di impegno.<\/p>\n<p>Ci\u00f2 rappresenta un'ulteriore sfida per il settore dell'istruzione. Le scuole non sono solo luoghi di apprendimento, ma anche luoghi in cui gli sviluppi sociali diventano visibili.<\/p>\n<p>Quando i giovani iniziano a discutere di politica militare, servizio militare o conflitti internazionali, sorge automaticamente un'altra domanda: come possono le scuole affrontare questi dibattiti politici?<\/p>\n<p>Questo \u00e8 esattamente il punto in cui si trovano oggi molte istituzioni educative: tra l'insegnamento, l'educazione politica e una generazione di studenti che sta sempre pi\u00f9 formulando le proprie posizioni.<\/p>\n<p><img loading=\"lazy\" decoding=\"async\" class=\"alignnone size-large wp-image-5156\" src=\"https:\/\/www.markus-schall.de\/wp-content\/uploads\/Wehrpflicht-Schulstreiks-Demonstration.jpg\" alt=\"Scioperi e manifestazioni contro la Bundeswehr nelle scuole\" width=\"1024\" height=\"683\" srcset=\"https:\/\/www.markus-schall.de\/wp-content\/uploads\/Wehrpflicht-Schulstreiks-Demonstration.jpg 1024w, https:\/\/www.markus-schall.de\/wp-content\/uploads\/Wehrpflicht-Schulstreiks-Demonstration-300x200.jpg 300w, https:\/\/www.markus-schall.de\/wp-content\/uploads\/Wehrpflicht-Schulstreiks-Demonstration-768x512.jpg 768w, https:\/\/www.markus-schall.de\/wp-content\/uploads\/Wehrpflicht-Schulstreiks-Demonstration-18x12.jpg 18w\" sizes=\"auto, (max-width: 1024px) 100vw, 1024px\" \/><\/p>\n<h2>Scuole tra formazione politica e pressione politica<\/h2>\n<p>Quando si parla di visite delle forze armate tedesche, di discussioni politiche in classe o di manifestazioni studentesche, prima o poi ci si trova di fronte a una domanda fondamentale: che ruolo dovrebbe avere la scuola nei dibattiti politici?<\/p>\n<p>La scuola ha innanzitutto una missione educativa. Deve trasmettere conoscenze, promuovere il pensiero critico e aiutare i giovani a formarsi una propria opinione. Materie come la politica, la storia o gli studi sociali trattano quindi inevitabilmente di conflitti sociali, sviluppi internazionali o istituzioni statali.<\/p>\n<p>L'educazione politica \u00e8 quindi una parte naturale della vita scolastica quotidiana. Allo stesso tempo, le scuole devono garantire che le lezioni non portino a un'influenza unilaterale. Gli insegnanti devono spiegare gli argomenti, presentare le prospettive e moderare le discussioni, ma non devono condurre campagne politiche.<\/p>\n<p>\u00c8 proprio in quest'area di tensione che si svolgono molti dei dibattiti attuali.<\/p>\n<h3>Insegnanti in un campo di tensione<\/h3>\n<p>Per gli insegnanti, questa situazione \u00e8 spesso pi\u00f9 impegnativa di quanto possa sembrare dall'esterno. Da un lato, devono affrontare gli attuali sviluppi politici in classe. Dall'altro, devono assicurarsi che i diversi punti di vista siano presi in considerazione in modo appropriato.<\/p>\n<p>Se, ad esempio, un responsabile dei giovani viene invitato a parlare di politica di sicurezza, sorge automaticamente la domanda: quali altre prospettive dovrebbero essere incluse nelle lezioni?<\/p>\n<p>Alcuni insegnanti decidono quindi deliberatamente di permettere a pi\u00f9 voci di esprimersi. Oltre ai rappresentanti delle istituzioni statali, vengono invitati, ad esempio, accademici, giornalisti o rappresentanti di organizzazioni non governative. In questo modo si crea un quadro pi\u00f9 ampio della discussione politica.<\/p>\n<p>Altre scuole adottano un approccio pi\u00f9 cauto e in genere evitano relatori esterni provenienti da settori particolarmente controversi.<br \/>\nEntrambi i percorsi sono possibili nel sistema educativo tedesco.<\/p>\n<h3>Alunni tra l'impegno e la scuola dell'obbligo<\/h3>\n<p>Esiste anche un'area di tensione per gli alunni. Da un lato, ci si aspetta che si interessino alle questioni sociali e che comprendano i processi democratici. Dall'altro lato, l'istruzione obbligatoria \u00e8 ancora in vigore.<\/p>\n<p>Quando le proteste politiche - come gli scioperi scolastici contro i piani di servizio militare - hanno luogo durante l'orario scolastico, questi due principi si scontrano. L'impegno politico si scontra con le regole organizzative della vita scolastica.<\/p>\n<p>Alcuni studenti la vedono come una contraddizione. Sostengono che la democrazia dipende anche dalla possibilit\u00e0 per i giovani di esprimere pubblicamente le proprie preoccupazioni. Altri accettano l'istruzione obbligatoria come base necessaria di un sistema educativo funzionante.<\/p>\n<p>Per le scuole, questa situazione significa spesso camminare sul filo del rasoio tra la comprensione dell'impegno politico e l'applicazione di regole chiare.<\/p>\n<h3>Rifiuto delle visite della Bundeswehr<\/h3>\n<p>Un'ulteriore espressione di queste tensioni \u00e8 rappresentata dalla questione se le scuole vogliano o meno organizzare eventi con la Bundeswehr.<\/p>\n<p>Negli ultimi anni, alcune scuole hanno deciso di non organizzare tali visite. Iniziative come \u201eScuole senza la Bundeswehr\u201c invitano gli istituti scolastici a non invitare oratori militari. Ci\u00f2 \u00e8 spesso giustificato dal desiderio di mantenere le scuole il pi\u00f9 possibile neutrali.<\/p>\n<p>Altre scuole vedono le cose in modo diverso. Esse sostengono che l'educazione politica \u00e8 particolarmente utile quando gli alunni imparano a conoscere diversi punti di vista. Questo potrebbe includere anche il punto di vista delle istituzioni statali.<\/p>\n<p>\u00c8 interessante notare che entrambe le posizioni fanno riferimento allo stesso principio, ovvero la missione educativa della scuola. Mentre alcuni sottolineano la neutralit\u00e0, altri sottolineano l'importanza di discussioni pluralistiche.<\/p>\n<hr \/>\n\n\t\t\t<div class=\"display-post-types\">\n\n\t\t\t\t\t\t\t<style type=\"text\/css\">\n\t\t\t#dpt-wrapper-339 { --dpt-text-align: left;--dpt-image-crop: center;--dpt-border-radius: 5px;--dpt-h-gutter: 10px;--dpt-v-gutter: 10px; }\t\t\t<\/style>\n\t\t\t<style type=\"text\/css\">#dpt-wrapper-339 { --dpt-title-font-style:normal;--dpt-title-font-weight:600;--dpt-title-line-height:1.5;--dpt-title-text-decoration:none;--dpt-title-text-transform:none;--dpt-excerpt-font-style:normal;--dpt-excerpt-font-weight:400;--dpt-excerpt-line-height:1.5;--dpt-excerpt-text-decoration:none;--dpt-excerpt-text-transform:none;--dpt-meta1-font-style:normal;--dpt-meta1-font-weight:400;--dpt-meta1-line-height:1.9;--dpt-meta1-text-decoration:none;--dpt-meta1-text-transform:none;--dpt-meta2-font-style:normal;--dpt-meta2-font-weight:400;--dpt-meta2-line-height:1.9;--dpt-meta2-text-decoration:none;--dpt-meta2-text-transform:none; }<\/style><div class=\"dpt-main-header\">\n\t\t\t\t\t\t<div class=\"dpt-main-title\">\n\t\t\t\t\t\t\t<span class=\"dpt-main-title-text\">Articoli attuali sulla Germania<\/span>\n\t\t\t\t\t\t<\/div>\n\t\t\t\t\t\t\n\t\t\t\t\t\t\n\t\t\t\t\t\t\n\t\t\t\t\t\t<\/div>\t\t\t\n\t\t\t\t<div id=\"dpt-wrapper-339\" class=\"dpt-wrapper dpt-list2 land1 dpt-cropped dpt-flex-wrap\" >\n\n\t\t\t\t\t\t\t\t\t\t\t<div class=\"dpt-entry has-thumbnail\" data-title=\"kriegst\u00fcchtigkeit, wehrpflicht &#038; verweigerung: was im ernstfall zu tun ist\" data-id=\"2966\"  data-category=\"allgemein b\u00fccher gesellschaft tipps &amp; anleitungen\" data-post_tag=\"buch deutschland geopolitik gesundheit krisen pers\u00f6nlichkeitsentwicklung ratgeber sicherheitspolitik\">\n\t\t\t\t\t\t\t<div class=\"dpt-entry-wrapper\"><div class=\"dpt-featured-content\"><div class=\"dpt-permalink\"><a href=\"https:\/\/www.markus-schall.de\/it\/2025\/09\/obiezione-di-coscienza-al-servizio-militare-cosa-fare-in-caso-di-emergenza\/\" class=\"dpt-permalink\"><span class=\"screen-reader-text\">Idoneit\u00e0 alla guerra, arruolamento e rifiuto: cosa fare in caso di emergenza<\/span><\/a><\/div><div class=\"dpt-thumbnail\"><div class=\"dpt-thumbnail-inner\"><img width=\"1536\" height=\"1024\" class=\"attachment-full size-full\" alt=\"Coscrizione: rifiutare il servizio militare\" context=\"dpt\" data-dpt-src=\"https:\/\/www.markus-schall.de\/wp-content\/uploads\/wehrpflicht-kriegsdienst-verweigern.jpg\" data-dpt-sizes=\"(max-width: 1536px) 100vw, 1536px\" data-dpt-srcset=\"https:\/\/www.markus-schall.de\/wp-content\/uploads\/wehrpflicht-kriegsdienst-verweigern.jpg 1536w, https:\/\/www.markus-schall.de\/wp-content\/uploads\/wehrpflicht-kriegsdienst-verweigern-300x200.jpg 300w, https:\/\/www.markus-schall.de\/wp-content\/uploads\/wehrpflicht-kriegsdienst-verweigern-1024x683.jpg 1024w, https:\/\/www.markus-schall.de\/wp-content\/uploads\/wehrpflicht-kriegsdienst-verweigern-768x512.jpg 768w, https:\/\/www.markus-schall.de\/wp-content\/uploads\/wehrpflicht-kriegsdienst-verweigern-18x12.jpg 18w\" \/><\/div><span class=\"dpt-thumbnail-aspect-ratio\" style=\"padding-top: 75%\"><\/span><\/div><\/div><div class=\"sub-entry\"><h3 class=\"dpt-title\"><a class=\"dpt-title-link\" href=\"https:\/\/www.markus-schall.de\/it\/2025\/09\/obiezione-di-coscienza-al-servizio-militare-cosa-fare-in-caso-di-emergenza\/\" rel=\"bookmark\">Idoneit\u00e0 alla guerra, arruolamento e rifiuto: cosa fare in caso di emergenza<\/a><\/h3><\/div><\/div>\n\t\t\t\t\t\t<\/div><!-- .dpt-entry -->\n\t\t\t\t\t\t\t\t\t\t\t\t<div class=\"dpt-entry has-thumbnail\" data-title=\"jan-josef liefers: ein portr\u00e4t \u00fcber haltung, herkunft und k\u00fcnstlerische freiheit\" data-id=\"3854\"  data-category=\"allgemein gesellschaft kunst &amp; kultur\" data-post_tag=\"deutschland erfahrungen krisen lernen meinungsfreiheit musik pers\u00f6nlichkeitsentwicklung portrait\">\n\t\t\t\t\t\t\t<div class=\"dpt-entry-wrapper\"><div class=\"dpt-featured-content\"><div class=\"dpt-permalink\"><a href=\"https:\/\/www.markus-schall.de\/it\/2025\/12\/jan-josef-liefers-un-ritratto-di-atteggiamento-origine-e-liberta-artistica\/\" class=\"dpt-permalink\"><span class=\"screen-reader-text\">Jan-Josef Liefers: un ritratto di atteggiamento, origini e libert\u00e0 artistica<\/span><\/a><\/div><div class=\"dpt-thumbnail\"><div class=\"dpt-thumbnail-inner\"><img width=\"1024\" height=\"683\" class=\"attachment-full size-full\" alt=\"Jan-Josef Liefers\" context=\"dpt\" data-dpt-src=\"https:\/\/www.markus-schall.de\/wp-content\/uploads\/jan-josef-liefers-silhouette.jpg\" data-dpt-sizes=\"(max-width: 1024px) 100vw, 1024px\" data-dpt-srcset=\"https:\/\/www.markus-schall.de\/wp-content\/uploads\/jan-josef-liefers-silhouette.jpg 1024w, https:\/\/www.markus-schall.de\/wp-content\/uploads\/jan-josef-liefers-silhouette-300x200.jpg 300w, https:\/\/www.markus-schall.de\/wp-content\/uploads\/jan-josef-liefers-silhouette-768x512.jpg 768w, https:\/\/www.markus-schall.de\/wp-content\/uploads\/jan-josef-liefers-silhouette-18x12.jpg 18w\" \/><\/div><span class=\"dpt-thumbnail-aspect-ratio\" style=\"padding-top: 75%\"><\/span><\/div><\/div><div class=\"sub-entry\"><h3 class=\"dpt-title\"><a class=\"dpt-title-link\" href=\"https:\/\/www.markus-schall.de\/it\/2025\/12\/jan-josef-liefers-un-ritratto-di-atteggiamento-origine-e-liberta-artistica\/\" rel=\"bookmark\">Jan-Josef Liefers: un ritratto di atteggiamento, origini e libert\u00e0 artistica<\/a><\/h3><\/div><\/div>\n\t\t\t\t\t\t<\/div><!-- .dpt-entry -->\n\t\t\t\t\t\t\t\t\t\t\t\t<div class=\"dpt-entry has-thumbnail\" data-title=\"dieter bohlen im klartext: warum deutschland an der eigenen b\u00fcrokratie scheitert\" data-id=\"3546\"  data-category=\"allgemein b\u00fccher gesellschaft kunst &amp; kultur\" data-post_tag=\"buch deutschland erfahrungen krisen meinungsfreiheit musik\">\n\t\t\t\t\t\t\t<div class=\"dpt-entry-wrapper\"><div class=\"dpt-featured-content\"><div class=\"dpt-permalink\"><a href=\"https:\/\/www.markus-schall.de\/it\/2025\/11\/dieter-bohlen-in-parole-povere-perche-la-germania-sta-fallendo-a-causa-della-sua-stessa-burocrazia\/\" class=\"dpt-permalink\"><span class=\"screen-reader-text\">Dieter Bohlen in parole povere: perch\u00e9 la Germania sta fallendo a causa della sua stessa burocrazia<\/span><\/a><\/div><div class=\"dpt-thumbnail\"><div class=\"dpt-thumbnail-inner\"><img width=\"1536\" height=\"1024\" class=\"attachment-full size-full\" alt=\"Dieter Bohlen in conversazione con Dominik Kettner\" context=\"dpt\" data-dpt-src=\"https:\/\/www.markus-schall.de\/wp-content\/uploads\/bohlen-kettner-germany.jpg\" data-dpt-sizes=\"(max-width: 1536px) 100vw, 1536px\" data-dpt-srcset=\"https:\/\/www.markus-schall.de\/wp-content\/uploads\/bohlen-kettner-germany.jpg 1536w, https:\/\/www.markus-schall.de\/wp-content\/uploads\/bohlen-kettner-germany-300x200.jpg 300w, https:\/\/www.markus-schall.de\/wp-content\/uploads\/bohlen-kettner-germany-1024x683.jpg 1024w, https:\/\/www.markus-schall.de\/wp-content\/uploads\/bohlen-kettner-germany-768x512.jpg 768w, https:\/\/www.markus-schall.de\/wp-content\/uploads\/bohlen-kettner-germany-18x12.jpg 18w\" \/><\/div><span class=\"dpt-thumbnail-aspect-ratio\" style=\"padding-top: 75%\"><\/span><\/div><\/div><div class=\"sub-entry\"><h3 class=\"dpt-title\"><a class=\"dpt-title-link\" href=\"https:\/\/www.markus-schall.de\/it\/2025\/11\/dieter-bohlen-in-parole-povere-perche-la-germania-sta-fallendo-a-causa-della-sua-stessa-burocrazia\/\" rel=\"bookmark\">Dieter Bohlen in parole povere: perch\u00e9 la Germania sta fallendo a causa della sua stessa burocrazia<\/a><\/h3><\/div><\/div>\n\t\t\t\t\t\t<\/div><!-- .dpt-entry -->\n\t\t\t\t\t\t\t\t\t\t\t\t<div class=\"dpt-entry has-thumbnail\" data-title=\"europa zwischen meinungsfreiheit und regulierung: neues us-infoportal wirft fragen auf\" data-id=\"5102\"  data-category=\"allgemein gesellschaft\" data-post_tag=\"denkmodelle deutschland eu-gesetze europa geopolitik krisen meinungsfreiheit spieltheorie\">\n\t\t\t\t\t\t\t<div class=\"dpt-entry-wrapper\"><div class=\"dpt-featured-content\"><div class=\"dpt-permalink\"><a href=\"https:\/\/www.markus-schall.de\/it\/2026\/03\/leuropa-tra-liberta-di-parola-e-regolamentazione-il-nuovo-portale-informativo-statunitense-solleva-interrogativi\/\" class=\"dpt-permalink\"><span class=\"screen-reader-text\">L'Europa tra libert\u00e0 di espressione e regolamentazione: il nuovo portale di informazione statunitense solleva interrogativi<\/span><\/a><\/div><div class=\"dpt-thumbnail\"><div class=\"dpt-thumbnail-inner\"><img width=\"1024\" height=\"683\" class=\"attachment-full size-full\" alt=\"La censura dell&#039;UE, l&#039;incitamento all&#039;odio e il nuovo portale statunitense\" context=\"dpt\" data-dpt-src=\"https:\/\/www.markus-schall.de\/wp-content\/uploads\/EU-Hatespeech-US-Portal.jpg\" data-dpt-sizes=\"(max-width: 1024px) 100vw, 1024px\" data-dpt-srcset=\"https:\/\/www.markus-schall.de\/wp-content\/uploads\/EU-Hatespeech-US-Portal.jpg 1024w, https:\/\/www.markus-schall.de\/wp-content\/uploads\/EU-Hatespeech-US-Portal-300x200.jpg 300w, https:\/\/www.markus-schall.de\/wp-content\/uploads\/EU-Hatespeech-US-Portal-768x512.jpg 768w, https:\/\/www.markus-schall.de\/wp-content\/uploads\/EU-Hatespeech-US-Portal-18x12.jpg 18w\" \/><\/div><span class=\"dpt-thumbnail-aspect-ratio\" style=\"padding-top: 75%\"><\/span><\/div><\/div><div class=\"sub-entry\"><h3 class=\"dpt-title\"><a class=\"dpt-title-link\" href=\"https:\/\/www.markus-schall.de\/it\/2026\/03\/leuropa-tra-liberta-di-parola-e-regolamentazione-il-nuovo-portale-informativo-statunitense-solleva-interrogativi\/\" rel=\"bookmark\">L'Europa tra libert\u00e0 di espressione e regolamentazione: il nuovo portale di informazione statunitense solleva interrogativi<\/a><\/h3><\/div><\/div>\n\t\t\t\t\t\t<\/div><!-- .dpt-entry -->\n\t\t\t\t\t\t\n\t\t\t\t<\/div>\n\t\t\t\t\t\t<\/div>\n\t\t\t\n<hr \/>\n<h3>La responsabilit\u00e0 della direzione scolastica<\/h3>\n<p>In pratica, la decisione spetta spesso alla direzione della scuola e al personale docente. Sono loro a stabilire quali progetti realizzare, quali ospiti invitare e come trattare i temi politici durante le lezioni.<\/p>\n<p>Molti fattori giocano un ruolo importante: le reti regionali, le convinzioni personali degli insegnanti, i progetti didattici specifici e le aspettative di genitori e alunni.<\/p>\n<p>Ad esempio, un preside deve valutare se una lezione della Bundeswehr \u00e8 in linea con gli obiettivi didattici o se potrebbe suscitare polemiche tra il personale docente o i genitori. Queste decisioni sono raramente facili.<\/p>\n<h3>La scuola come specchio dei dibattiti sociali<\/h3>\n<p>Forse \u00e8 proprio questo il punto cruciale: le scuole non sono solo luoghi in cui si impartisce la conoscenza, ma anche uno specchio della societ\u00e0. Prima o poi, i conflitti, le discussioni e le questioni politiche di una societ\u00e0 emergono anche in classe.<\/p>\n<p>Quando ci sono controversie sulla politica di sicurezza, quando si verificano manifestazioni o quando le istituzioni statali vogliono spiegare il loro ruolo, il settore dell'istruzione non rimane indifferente.<\/p>\n<p>Questo non significa necessariamente che le scuole stesse diventino politiche. Ma stanno diventando luoghi in cui si discute di questioni politiche, a volte in modo pi\u00f9 intenso di quanto previsto in origine.<\/p>\n<h3>Un gioco di equilibri nella vita di tutti i giorni<\/h3>\n<p>Per gli insegnanti, gli amministratori scolastici e gli alunni, ci\u00f2 significa in ultima analisi un equilibrio permanente. L'educazione politica deve informare, non indottrinare. Le discussioni dovrebbero avere luogo, ma non dominare completamente le lezioni.<\/p>\n<p>Questo equilibrio \u00e8 particolarmente impegnativo in tempi di grandi cambiamenti sociali. Infatti, quando le condizioni politiche cambiano, ad esempio a causa di nuove sfide di politica di sicurezza o di dibattiti sul servizio militare, sorgono automaticamente nuove questioni nel settore dell'istruzione.<\/p>\n<p>Ed \u00e8 proprio per questo che vale la pena fare un passo indietro alla fine e dare un'occhiata pi\u00f9 da vicino a questo sviluppo.<\/p>\n<p><img loading=\"lazy\" decoding=\"async\" class=\"alignnone size-large wp-image-5157\" src=\"https:\/\/www.markus-schall.de\/wp-content\/uploads\/Wehrpflicht-Schulstreiks-Schlichtung.jpg\" alt=\"Un gioco di equilibri per scuole e insegnanti\" width=\"1024\" height=\"683\" srcset=\"https:\/\/www.markus-schall.de\/wp-content\/uploads\/Wehrpflicht-Schulstreiks-Schlichtung.jpg 1024w, https:\/\/www.markus-schall.de\/wp-content\/uploads\/Wehrpflicht-Schulstreiks-Schlichtung-300x200.jpg 300w, https:\/\/www.markus-schall.de\/wp-content\/uploads\/Wehrpflicht-Schulstreiks-Schlichtung-768x512.jpg 768w, https:\/\/www.markus-schall.de\/wp-content\/uploads\/Wehrpflicht-Schulstreiks-Schlichtung-18x12.jpg 18w\" sizes=\"auto, (max-width: 1024px) 100vw, 1024px\" \/><\/p>\n<h3>Germania a confronto - Servizio militare obbligatorio in Europa<\/h3>\n<div style=\"overflow-x: auto;\">\n<table style=\"border-collapse: collapse; width: 100%;\">\n<tbody>\n<tr style=\"background-color: #f2f2f2;\">\n<th>Paese<\/th>\n<th>Stato del servizio militare obbligatorio<\/th>\n<th>Caratteristiche speciali<\/th>\n<\/tr>\n<tr>\n<td><strong>Germania<\/strong><\/td>\n<td>Sospeso dal 2011<\/td>\n<td>\u201eNuovo servizio militare\u201c, la Bundeswehr era precedentemente basata esclusivamente su volontari.<\/td>\n<\/tr>\n<tr>\n<td><strong>Austria<\/strong><\/td>\n<td>Attivo<\/td>\n<td>Servizio militare di base per circa 6 mesi; in alternativa: servizio civile.<\/td>\n<\/tr>\n<tr>\n<td><strong>Svizzera<\/strong><\/td>\n<td>Attivo<\/td>\n<td>Sistema di esercito di milizia con corsi di aggiornamento regolari.<\/td>\n<\/tr>\n<tr>\n<td><strong>Finlandia<\/strong><\/td>\n<td>Attivo<\/td>\n<td>Servizio militare obbligatorio per gli uomini, servizio volontario possibile per le donne.<\/td>\n<\/tr>\n<tr>\n<td><strong>Svezia<\/strong><\/td>\n<td>Reintrodotto nel 2017<\/td>\n<td>Arruolamento selettivo per uomini e donne.<\/td>\n<\/tr>\n<tr>\n<td><strong>Norvegia<\/strong><\/td>\n<td>Attivo<\/td>\n<td>Servizio militare obbligatorio neutro dal 2015.<\/td>\n<\/tr>\n<tr>\n<td><strong>Danimarca<\/strong><\/td>\n<td>Parzialmente attivo<\/td>\n<td>Combinazione di procedure di sorteggio per i volontari e per il servizio di leva.<\/td>\n<\/tr>\n<tr>\n<td><strong>Estonia<\/strong><\/td>\n<td>Attivo<\/td>\n<td>Servizio militare obbligatorio per gli uomini; una parte importante della difesa nazionale.<\/td>\n<\/tr>\n<tr>\n<td><strong>Lettonia<\/strong><\/td>\n<td>Reintrodotto nel 2023<\/td>\n<td>Nuovo servizio militare obbligatorio dopo l'abolizione del 2007.<\/td>\n<\/tr>\n<tr>\n<td><strong>Lituania<\/strong><\/td>\n<td>Reintrodotto nel 2015<\/td>\n<td>Riattivazione dovuta a tensioni geopolitiche.<\/td>\n<\/tr>\n<tr>\n<td><strong>Francia<\/strong><\/td>\n<td>Abolito nel 2001<\/td>\n<td>Discussione sul servizio civile o nazionale obbligatorio.<\/td>\n<\/tr>\n<tr>\n<td><strong>Italia<\/strong><\/td>\n<td>Sospeso dal 2005<\/td>\n<td>Esercito professionale con servizio militare volontario.<\/td>\n<\/tr>\n<tr>\n<td><strong>Spagna<\/strong><\/td>\n<td>Abolito nel 2001<\/td>\n<td>Forze armate professionali senza coscrizione.<\/td>\n<\/tr>\n<tr>\n<td><strong>Paesi Bassi<\/strong><\/td>\n<td>Esposto<\/td>\n<td>Il servizio militare obbligatorio esiste formalmente, ma non viene attuato.<\/td>\n<\/tr>\n<tr>\n<td><strong>Polonia<\/strong><\/td>\n<td>Sospeso dal 2009<\/td>\n<td>Discussione sulle nuove forme di addestramento militare.<\/td>\n<\/tr>\n<\/tbody>\n<\/table>\n<\/div>\n<h2>Un dibattito aperto su esercito, societ\u00e0 e giovani<\/h2>\n<p>Se si guarda all'attuale dibattito sulle visite della Bundeswehr nelle scuole, sui modelli di servizio militare o sulle proteste studentesche, questo appare subito evidente: dietro a molte di queste discussioni c'\u00e8 anche una differenza generazionale.<\/p>\n<p>Le generazioni pi\u00f9 anziane in Germania sono spesso cresciute con il servizio militare obbligatorio. Per molti era scontato arruolarsi nelle forze armate o prestare servizio civile dopo aver lasciato la scuola. Le strutture militari erano una parte normale dello Stato, anche se non erano sempre presenti nella vita quotidiana.<\/p>\n<p>Le generazioni pi\u00f9 giovani, invece, hanno avuto un'esperienza molto diversa. Dalla sospensione del servizio militare obbligatorio nel 2011, il tema delle forze armate \u00e8 rimasto piuttosto astratto per molti giovani. Sebbene la Bundeswehr esista ancora, non ha quasi mai avuto un ruolo nella vita quotidiana della maggior parte dei giovani.<\/p>\n<p>Quando improvvisamente si torna a parlare di servizio militare, di deterrenza militare o di strategie di politica di sicurezza, per alcuni giovani si tratta di una nuova realt\u00e0 con la quale devono prima familiarizzare.<\/p>\n<h3>Il rapporto tra Stato e cittadino<\/h3>\n<p>La discussione sulle visite della Bundeswehr nelle scuole tocca quindi anche una questione pi\u00f9 ampia: quanto dovrebbero essere visibili le istituzioni statali nella vita quotidiana dei cittadini?<\/p>\n<p>In una democrazia, le forze armate fanno naturalmente parte dello Stato. Sono soggette al controllo parlamentare, sono finanziate con il denaro dei contribuenti e svolgono compiti che, in ultima analisi, sono destinati a proteggere la societ\u00e0.<\/p>\n<p>Allo stesso tempo, il rapporto tra esercito e societ\u00e0 in Germania \u00e8 storicamente delicato. Molte persone sono particolarmente preoccupate che le istituzioni statali svolgano il loro ruolo in modo trasparente e responsabile.<\/p>\n<p>Quando i soldati compaiono in classe o parlano di questioni di politica di sicurezza, questa relazione diventa immediatamente evidente. Per alcuni si tratta di una parte normale dell'educazione politica. Per altri, invece, rimane un certo disagio.<\/p>\n<p>Entrambe le prospettive fanno parte di una discussione democratica.<\/p>\n<h3>La politica di sicurezza come questione sociale<\/h3>\n<p>Un altro aspetto di questo dibattito riguarda la questione del modo in cui una societ\u00e0 parla apertamente di politica di sicurezza. Per molto tempo, questo argomento ha avuto un ruolo minore nella vita pubblica quotidiana in Germania. Le questioni militari erano spesso trattate da esperti o da decisori politici.<\/p>\n<p>Negli ultimi anni, tuttavia, la situazione \u00e8 cambiata. I conflitti internazionali, le tensioni geopolitiche e le nuove sfide della politica di sicurezza stanno riportando al centro dell'attenzione le questioni legate alla difesa. Ci\u00f2 d\u00e0 automaticamente origine a nuove discussioni, anche nelle scuole, nelle universit\u00e0 e nei dibattiti pubblici.<\/p>\n<p>Forse \u00e8 proprio questo il segno che una societ\u00e0 sta facendo i conti con il proprio ruolo in un mondo complesso.<\/p>\n<h3>Il servizio militare obbligatorio in Germania: diritti, doveri e possibilit\u00e0 di rifiuto<\/h3>\n<p><a href=\"https:\/\/www.markus-schall.de\/it\/2025\/09\/obiezione-di-coscienza-al-servizio-militare-cosa-fare-in-caso-di-emergenza\/\"><img loading=\"lazy\" decoding=\"async\" class=\"alignright wp-image-2969 size-medium\" src=\"https:\/\/www.markus-schall.de\/wp-content\/uploads\/wehrpflicht-kriegsdienst-verweigern-300x200.jpg\" alt=\"Coscrizione: rifiutare il servizio militare\" width=\"300\" height=\"200\" srcset=\"https:\/\/www.markus-schall.de\/wp-content\/uploads\/wehrpflicht-kriegsdienst-verweigern-300x200.jpg 300w, https:\/\/www.markus-schall.de\/wp-content\/uploads\/wehrpflicht-kriegsdienst-verweigern-1024x683.jpg 1024w, https:\/\/www.markus-schall.de\/wp-content\/uploads\/wehrpflicht-kriegsdienst-verweigern-768x512.jpg 768w, https:\/\/www.markus-schall.de\/wp-content\/uploads\/wehrpflicht-kriegsdienst-verweigern-18x12.jpg 18w, https:\/\/www.markus-schall.de\/wp-content\/uploads\/wehrpflicht-kriegsdienst-verweigern.jpg 1536w\" sizes=\"auto, (max-width: 300px) 100vw, 300px\" \/><\/a>Il dibattito sulle visite della Bundeswehr nelle scuole tocca spesso anche un'altra questione: cosa succederebbe in realt\u00e0 se in Germania venisse reintrodotto il servizio militare obbligatorio? Molte persone sanno sorprendentemente poco su quali diritti avrebbero in questo caso. Nel mio <a href=\"https:\/\/www.markus-schall.de\/it\/2025\/09\/obiezione-di-coscienza-al-servizio-militare-cosa-fare-in-caso-di-emergenza\/\"><strong>articolo dettagliato sul servizio militare obbligatorio<\/strong><\/a> si occupa quindi principalmente degli aspetti giuridici: chi pu\u00f2 essere chiamato alle armi? Chi pu\u00f2 rifiutare il servizio militare - e come funziona una tale richiesta? Spiega passo dopo passo quali principi giuridici si applicano, quali scadenze devono essere rispettate e quali sono le alternative al servizio militare. Se siete interessati al funzionamento giuridico del sistema, troverete una panoramica dettagliata e comprensibile.<\/p>\n<hr \/>\n<h3>Indagine attuale sul servizio militare obbligatorio in Germania<\/h3>\n<div class='bootstrap-yop yop-poll-mc'>\n\t\t\t\t\t\t\t<div class=\"basic-yop-poll-container\" style=\"background-color:#ffffff; border:0px; border-style:solid; border-color:#000000; border-radius:5px; padding:0px 5px;\" data-id=\"3\" data-temp=\"basic-pretty\" data-skin=\"square\" data-cscheme=\"blue\" data-cap=\"0\" data-access=\"guest\" data-tid=\"\" data-uid=\"3fdff629e2d46614c2b3373964004fff\" data-pid=\"5102\" data-resdet=\"votes-number,percentages\" data-show-results-to=\"guest\" data-show-results-moment=\"after-vote\" data-show-results-only=\"false\" data-show-message=\"true\" data-show-results-as=\"bar\" data-sort-results-by=\"as-defined\" data-sort-results-rule=\"asc\"data-is-ended=\"0\" data-percentages-decimals=\"2\" data-gdpr=\"no\" data-gdpr-sol=\"consent\" data-css=\"\" data-counter=\"0\" data-load-with=\"1\" data-notification-section=\"top\"><div class=\"row\"><div class=\"col-md-12\"><div class=\"basic-inner\"><div class=\"basic-message hide\" style=\"border-left: 10px solid #008000; padding: 0px 10px;\" data-error=\"#ff0000\" data-success=\"#008000\"><p class=\"basic-message-text\" style=\"color:#000000; font-size:14px; font-weight:normal;\"><\/p><\/div><div class=\"basic-overlay hide\"><div class=\"basic-vote-options\"><\/div><div class=\"basic-preloader\"><div class=\"basic-windows8\"><div class=\"basic-wBall basic-wBall_1\"><div class=\"basic-wInnerBall\"><\/div><\/div><div class=\"basic-wBall basic-wBall_2\"><div class=\"basic-wInnerBall\"><\/div><\/div><div class=\"basic-wBall basic-wBall_3\"><div class=\"basic-wInnerBall\"><\/div><\/div><div class=\"basic-wBall basic-wBall_4\"><div class=\"basic-wInnerBall\"><\/div><\/div><div class=\"basic-wBall basic-wBall_5\"><div class=\"basic-wInnerBall\"><\/div><\/div><\/div><\/div><\/div><form class=\"basic-form\" action=\"\"><input type=\"hidden\" name=\"_token\" value=\"a6eab76ac7\" autocomplete=\"off\"><div class=\"basic-elements\"><div class=\"basic-element basic-question basic-question-text-vertical\" data-id=\"3\" data-uid=\"736edfbed7869456cf302539e463a1fe\" data-type=\"question\" data-question-type=\"text\" data-required=\"yes\" data-allow-multiple=\"no\" data-min=\"1\" data-max=\"1\" data-display=\"vertical\" data-colnum=\"\" data-display-others=\"no\" data-others-color=\"\" data-others=\"\" data-others-max-chars=\"0\"><div class=\"basic-question-title\"><h5 style=\"color:#000000; font-size:16px; font-weight:normal; text-align:left;\">Si dovrebbe reintrodurre il servizio obbligatorio generale in Germania?<\/h5><\/div><ul class=\"basic-answers\"><li class=\"basic-answer\" style=\"padding:0px 0px;\" data-id=\"10\" data-type=\"text\" data-vn=\"5\" data-color=\"#000000\" data-make-link=\"no\" data-link=\"\"><div class=\"basic-answer-content basic-text-vertical\"><label for=\"answer[10]\" class=\"basic-answer-label\"><input type=\"radio\" id=\"answer[10]\" name=\"answer[3]\" value=\"10\"><span class=\"basic-text\" style=\"color: #000000; font-size: 14px; font-weight: normal;\">S\u00ec, per tutti: servizio civile o militare obbligatorio.<\/span><\/label><\/div><\/li><li class=\"basic-answer\" style=\"padding:0px 0px;\" data-id=\"11\" data-type=\"text\" data-vn=\"2\" data-color=\"#000000\" data-make-link=\"no\" data-link=\"\"><div class=\"basic-answer-content basic-text-vertical\"><label for=\"answer[11]\" class=\"basic-answer-label\"><input type=\"radio\" id=\"answer[11]\" name=\"answer[3]\" value=\"11\"><span class=\"basic-text\" style=\"color: #000000; font-size: 14px; font-weight: normal;\">S\u00ec, ma solo volontariamente o con un incentivo.<\/span><\/label><\/div><\/li><li class=\"basic-answer\" style=\"padding:0px 0px;\" data-id=\"12\" data-type=\"text\" data-vn=\"58\" data-color=\"#000000\" data-make-link=\"no\" data-link=\"\"><div class=\"basic-answer-content basic-text-vertical\"><label for=\"answer[12]\" class=\"basic-answer-label\"><input type=\"radio\" id=\"answer[12]\" name=\"answer[3]\" value=\"12\"><span class=\"basic-text\" style=\"color: #000000; font-size: 14px; font-weight: normal;\">No - il servizio obbligatorio contraddice la libert\u00e0<\/span><\/label><\/div><\/li><li class=\"basic-answer\" style=\"padding:0px 0px;\" data-id=\"13\" data-type=\"text\" data-vn=\"1\" data-color=\"#000000\" data-make-link=\"no\" data-link=\"\"><div class=\"basic-answer-content basic-text-vertical\"><label for=\"answer[13]\" class=\"basic-answer-label\"><input type=\"radio\" id=\"answer[13]\" name=\"answer[3]\" value=\"13\"><span class=\"basic-text\" style=\"color: #000000; font-size: 14px; font-weight: normal;\">Dipende dalla situazione politica<\/span><\/label><\/div><\/li><\/ul><\/div><div class=\"clearfix\"><\/div><\/div><div class=\"basic-vote\"><a href=\"#\" class=\"button basic-vote-button\" role=\"button\" style=\"background:#027bb8; border:0px; border-style: solid; border-color:#000000; border-radius:5px; padding:10px 10px; color:#ffffff; font-size:14px; font-weight:normal;\">Voto<\/a><\/div><input type=\"hidden\" name=\"trp-form-language\" value=\"it\"\/><\/form><\/div><\/div><\/div><\/div>\n\t\t\t\t\t\t<\/div>\n<hr \/>\n<h3>Il ruolo delle giovani generazioni<\/h3>\n<p>Il ruolo dei giovani stessi \u00e8 particolarmente interessante. Gli scioperi scolastici contro i piani di servizio militare dimostrano che i giovani non sono solo osservatori passivi di questi sviluppi.<\/p>\n<p>Partecipano a discussioni, organizzano manifestazioni e formulano le proprie posizioni su questioni politiche. Questo pu\u00f2 essere visto in modi diversi: come un'espressione di maturit\u00e0 politica, come una cultura giovanile di protesta o semplicemente come parte di una democrazia vivace.<\/p>\n<p>A prescindere da ci\u00f2, dimostra che le questioni di politica della sicurezza stanno tornando nella sfera pubblica. Proprio per questo il settore dell'istruzione sta diventando un luogo importante per il dibattito. Le scuole sono spesso il primo luogo in cui i giovani discutono pi\u00f9 intensamente di questioni politiche, scambiano argomentazioni e imparano a comprendere prospettive diverse.<\/p>\n<h3>Una discussione senza soluzioni semplici<\/h3>\n<p>La questione della presenza dei militari nel settore dell'istruzione \u00e8 quindi destinata a rimanere un tema controverso anche in futuro.<\/p>\n<p>Alcuni continueranno a sostenere che le scuole dovrebbero rimanere il pi\u00f9 possibile indipendenti dalle istituzioni statali. Altri sottolineeranno che l'educazione politica \u00e8 completa solo se si prendono in considerazione anche le prospettive della politica di sicurezza.<\/p>\n<p>Esiste un dibattito tra queste posizioni che non pu\u00f2 essere risolto con risposte semplici.<\/p>\n<p>Ma forse questo \u00e8 anche un segno del funzionamento delle strutture democratiche. Dopo tutto, democrazia non significa che tutte le questioni vengano risolte rapidamente, ma che le diverse opinioni possano essere discusse apertamente.<\/p>\n<h3>Una questione aperta<\/h3>\n<p>Forse la consapevolezza pi\u00f9 importante di questa discussione non \u00e8 se le visite della Bundeswehr alle scuole siano fondamentalmente giuste o sbagliate.<\/p>\n<p>La domanda cruciale \u00e8 forse piuttosto:<\/p>\n<blockquote><p><em>In che modo la societ\u00e0 affronta temi come la sicurezza, la responsabilit\u00e0 e l'educazione politica?<\/em><\/p><\/blockquote>\n<p>Quando i giovani iniziano a riflettere su queste domande, quando gli insegnanti moderano le discussioni e quando le istituzioni statali devono spiegare il loro ruolo, ci\u00f2 dimostra soprattutto una cosa: una societ\u00e0 democratica \u00e8 in dialogo con se stessa.<\/p>\n<p>Quindi forse la domanda pi\u00f9 importante non \u00e8 se i soldati debbano esibirsi nelle scuole.<\/p>\n<p>Ma se noi, come societ\u00e0, siamo pronti a discutere apertamente, con calma e senza paraocchi ideologici.<\/p>\n<hr \/>\n<h2>Ulteriori fonti sul tema<\/h2>\n<ol>\n<li><b><a href=\"https:\/\/www.bundeswehr.de\/resource\/blob\/5993294\/a3842c9787ea1c0101eefe6bea08b5ef\/die-jugendoffiziere-der-bundeswehr-jahresbericht-2024-data.pdf\" target=\"_blank\" rel=\"noopener\">Rapporto annuale degli ufficiali della giovent\u00f9 della Bundeswehr<\/a><\/b>Il rapporto annuale ufficiale della Bundeswehr sulle attivit\u00e0 degli ufficiali della giovent\u00f9. Il documento contiene dati su eventi scolastici, giochi di simulazione e conferenze, nonch\u00e9 dichiarazioni strategiche sul lavoro di educazione alla politica di sicurezza della Bundeswehr. Mostra inoltre il numero di studenti raggiunti ogni anno e il ruolo della cooperazione con le scuole e gli istituti di istruzione nel lavoro delle forze armate in materia di giovent\u00f9 e pubbliche relazioni.<\/li>\n<li><b><a href=\"https:\/\/www.schleswig-holstein.de\/DE\/landesregierung\/ministerien-behoerden\/III\/Presse\/PI\/2026\/01_Januar\/20260123_Jugendoffiziere?nn=2cfbb97f-9a3f-421a-a63d-fcb6b3e27e04\" target=\"_blank\" rel=\"noopener\">Ufficiali della Bundeswehr nelle lezioni scolastiche - Comunicato stampa del Land Schleswig-Holstein<\/a><\/b>Presentazione ufficiale di uno Stato federale sulla cooperazione tra scuole e Bundeswehr. Il testo spiega che gli ufficiali della giovent\u00f9 offrono lezioni, seminari e giochi di simulazione e che questi eventi hanno uno scopo di educazione politica. Allo stesso tempo, si sottolinea che tali visite avvengono solo su invito delle scuole e sono sotto la responsabilit\u00e0 educativa degli insegnanti.<\/li>\n<li><b><a href=\"https:\/\/km.baden-wuerttemberg.de\/de\/schule\/schulartuebergreifend\/kooperation-schule\/bundeswehr\" target=\"_blank\" rel=\"noopener\">Cooperazione tra scuole e forze armate - Ministero dell'Istruzione e degli Affari Culturali del Baden-W\u00fcrttemberg<\/a><\/b>Questa pagina documenta uno dei pi\u00f9 importanti accordi di cooperazione tra la Bundeswehr e un ministero dell'Istruzione tedesco. Descrive la cooperazione formale che esiste dal 2009 per familiarizzare gli studenti con le questioni di politica di sicurezza. Allo stesso tempo, sottolinea che le lezioni devono seguire il cosiddetto consenso di Beutelsbach, secondo il quale anche gli argomenti politici controversi devono essere presentati in modo controverso in classe.<\/li>\n<li><b><a href=\"https:\/\/www.bundestag.de\/dokumente\/textarchiv\/2026\/kw10-de-jugendoffiziere-1150498\" target=\"_blank\" rel=\"noopener\">Dibattito al Bundestag tedesco sui responsabili dei giovani nelle scuole<\/a><\/b>Documentazione di un dibattito parlamentare sull'impiego degli ufficiali giovanili della Bundeswehr nelle lezioni scolastiche. Tra le altre cose, il dibattito chiede di porre fine alla cooperazione esistente tra la Bundeswehr e le scuole, mentre altri parlamentari sottolineano la loro importanza per l'educazione alla politica di sicurezza. Il documento dimostra quanto l'argomento sia politicamente controverso in Parlamento.<\/li>\n<li><b><a href=\"https:\/\/de.wikipedia.org\/wiki\/Kooperationsvereinbarung_der_Bundeswehr\" target=\"_blank\" rel=\"noopener\">Accordo di cooperazione tra la Bundeswehr e i ministeri dell'istruzione<\/a><\/b>Panoramica degli accordi quadro tra la Bundeswehr e diversi Stati federali tedeschi. Questi accordi regolano, tra l'altro, le modalit\u00e0 di impiego degli ufficiali giovanili nelle classi e l'organizzazione dei corsi di formazione per gli insegnanti. Secondo le informazioni fornite, migliaia di insegnanti hanno talvolta partecipato a corsi di formazione sulle politiche di sicurezza organizzati dalla Bundeswehr.<\/li>\n<li><b><a href=\"https:\/\/de.wikipedia.org\/wiki\/POL%26IS\" target=\"_blank\" rel=\"noopener\">POL&amp;IS - Gioco di simulazione di politica e sicurezza internazionale<\/a><\/b>Descrizione di un noto gioco di simulazione della Bundeswehr che viene spesso giocato nelle scuole. Gli studenti assumono i ruoli di vari Stati e organizzazioni e simulano la politica internazionale. Il gioco di simulazione ha lo scopo di rendere comprensibili i contesti politici, ma \u00e8 criticato da alcuni esponenti del movimento pacifista, che lo considerano una rappresentazione eccessivamente militare dei conflitti internazionali.<\/li>\n<li><b><a href=\"https:\/\/www.tdh.de\/en\/inform\/topics\/german-armed-forces-at-schools\" target=\"_blank\" rel=\"noopener\">Le forze armate tedesche nelle scuole - Rapporto di Terre des Hommes<\/a><\/b>Un rapporto critico dell'organizzazione per i diritti dei bambini Terre des Hommes sulla presenza della Bundeswehr negli istituti scolastici. Il testo sostiene che la Bundeswehr raggiunge centinaia di migliaia di giovani ogni anno attraverso ufficiali giovanili, consulenti di carriera ed eventi e critica in particolare il reclutamento di minori per il servizio militare.<\/li>\n<li><b><a href=\"https:\/\/www.gew.de\/mein-arbeitsplatz\/schule\/bundeswehr\/einfluss-der-bundeswehr-an-schulen-zurueckdraengen\" target=\"_blank\" rel=\"noopener\">GEW: ridurre l'influenza della Bundeswehr nelle scuole<\/a><\/b>L'Unione tedesca per l'educazione e la scienza (GEW) \u00e8 uno dei pi\u00f9 noti critici della cooperazione tra la Bundeswehr e le scuole. In questo articolo, sostiene che le istituzioni militari non dovrebbero avere alcuna influenza sui programmi di studio o sulla formazione degli insegnanti e che l'educazione politica deve rimanere indipendente.<\/li>\n<li><b><a href=\"https:\/\/dfg-vk-darmstadt.de\/Downloads\/DokumentezuEinflussnahmenderBundeswehrinBildungseinrichtungen\/Bundeswehr%20raus%20aus%20Schulen%2CGEW-Hessen%206.10.2010.pdf\" target=\"_blank\" rel=\"noopener\">La Bundeswehr fuori dalle scuole - documentazione di un'iniziativa di pace<\/a><\/b>Questo documentario descrive lo sviluppo degli accordi di cooperazione tra la Bundeswehr e i ministeri dell'istruzione da una prospettiva critica. Analizza come sono nati questi accordi e quali effetti possono avere sulle lezioni scolastiche. In particolare, viene analizzato il ruolo degli ufficiali della giovent\u00f9 come docenti su questioni di politica di sicurezza.<\/li>\n<li><b><a href=\"https:\/\/www.kas.de\/en\/in-short\/detail\/-\/content\/youth-protests-against-military-service\" target=\"_blank\" rel=\"noopener\">Proteste giovanili contro il servizio militare - Analisi della Fondazione Konrad Adenauer<\/a><\/b>Questo articolo analizza gli attuali movimenti di protesta dei giovani contro i possibili modelli di servizio militare e li colloca nel contesto del dibattito sulla politica di sicurezza europea. Allo stesso tempo, sottolinea che l'educazione alla politica di sicurezza nelle scuole pu\u00f2 contribuire a rendere pi\u00f9 obiettive le discussioni politiche.<\/li>\n<li><b><a href=\"https:\/\/securityanddefence.pl\/Preparing-youth-for-defence-Socialisation-education-and-training-of-young-people%2C149891%2C0%2C2.html\" target=\"_blank\" rel=\"noopener\">Preparare i giovani alla difesa - Studio comparativo sull'educazione alla difesa<\/a><\/b>Uno studio scientifico sull'educazione militare e sulla socializzazione alla politica di sicurezza dei giovani in diversi Paesi europei. Lo studio confronta i diversi modelli utilizzati dagli Stati per preparare i giovani alle questioni di politica di sicurezza e analizza le somiglianze e le differenze in un contesto internazionale.<\/li>\n<li><b><a href=\"https:\/\/www.dokumentation.landtag-mv.de\/parldok\/dokument\/61109\/bundeswehr_an_schulen_in_mecklenburg_vorpommern.pdf\" target=\"_blank\" rel=\"noopener\">La Bundeswehr nelle scuole - Documento del parlamento del Meclemburgo-Pomerania Occidentale<\/a><\/b>Un documento parlamentare con dati concreti sugli eventi organizzati dai responsabili dei giovani nelle scuole. Il documento spiega come vengono organizzati questi incontri e quali sono i loro contenuti. Allo stesso tempo, viene spiegato che, secondo la Bundeswehr, non sono destinati alla pubblicit\u00e0 diretta, ma a facilitare le discussioni sulla politica di sicurezza.<\/li>\n<li><b><a href=\"https:\/\/de.wikipedia.org\/wiki\/Weizs%C3%A4cker-Kommission\" target=\"_blank\" rel=\"noopener\">Commissione Weizs\u00e4cker: sicurezza comune e futuro della Bundeswehr<\/a><\/b>La cosiddetta Commissione Weizs\u00e4cker era un gruppo di esperti nominati dal governo tedesco per sviluppare proposte per la futura struttura della Bundeswehr. Il suo lavoro ha influenzato le discussioni a lungo termine sulla politica di sicurezza in Germania e costituisce un importante sfondo per gli odierni dibattiti sulla riforma del servizio militare obbligatorio, sulla struttura della Bundeswehr e sull'integrazione sociale delle forze armate.<\/li>\n<li><b><a href=\"https:\/\/de.wikipedia.org\/wiki\/Infopost_%28Bundeswehr%29\" target=\"_blank\" rel=\"noopener\">Infopost della Bundeswehr<\/a><\/b>Esempio storico del lavoro di pubbliche relazioni della Bundeswehr con i giovani. La rivista \u201eInfopost\u201c \u00e8 stata inviata ai giovani per decenni e conteneva rapporti della Bundeswehr e informazioni sulle carriere militari. Questo mostra come l'esercito abbia cercato di informare i giovani sul suo lavoro in passato.<\/li>\n<\/ol>\n<hr \/>\n\n\t\t\t<div class=\"display-post-types\">\n\n\t\t\t\t\t\t\t<style type=\"text\/css\">\n\t\t\t#dpt-wrapper-340 { --dpt-text-align: left;--dpt-image-crop: center;--dpt-border-radius: 5px;--dpt-h-gutter: 10px;--dpt-v-gutter: 9px; }\t\t\t<\/style>\n\t\t\t<style type=\"text\/css\">#dpt-wrapper-340 { --dpt-title-font-style:normal;--dpt-title-font-weight:600;--dpt-title-line-height:1.5;--dpt-title-text-decoration:none;--dpt-title-text-transform:none;--dpt-excerpt-font-style:normal;--dpt-excerpt-font-weight:400;--dpt-excerpt-line-height:1.5;--dpt-excerpt-text-decoration:none;--dpt-excerpt-text-transform:none;--dpt-meta1-font-style:normal;--dpt-meta1-font-weight:400;--dpt-meta1-line-height:1.9;--dpt-meta1-text-decoration:none;--dpt-meta1-text-transform:none;--dpt-meta2-font-style:normal;--dpt-meta2-font-weight:400;--dpt-meta2-line-height:1.9;--dpt-meta2-text-decoration:none;--dpt-meta2-text-transform:none; }<\/style><div class=\"dpt-main-header\">\n\t\t\t\t\t\t<div class=\"dpt-main-title\">\n\t\t\t\t\t\t\t<span class=\"dpt-main-title-text\">Problemi sociali del presente<\/span>\n\t\t\t\t\t\t<\/div>\n\t\t\t\t\t\t\n\t\t\t\t\t\t\n\t\t\t\t\t\t\n\t\t\t\t\t\t<\/div>\t\t\t\n\t\t\t\t<div id=\"dpt-wrapper-340\" class=\"dpt-wrapper dpt-mag1 land1 dpt-cropped dpt-flex-wrap\" >\n\n\t\t\t\t\t\t\t\t\t\t\t<div class=\"dpt-entry has-thumbnail\" data-title=\"wie war syrien vor dem krieg? wer regiert heute? was bedeutet das f\u00fcr gefl\u00fcchtete in deutschland?\" data-id=\"4628\"  data-category=\"allgemein gesellschaft kunst &amp; kultur\" data-post_tag=\"deutschland europa geopolitik krisen meinungsfreiheit sicherheitspolitik\">\n\t\t\t\t\t\t\t<div class=\"dpt-entry-wrapper\"><div class=\"dpt-featured-content\"><div class=\"dpt-permalink\"><a href=\"https:\/\/www.markus-schall.de\/it\/2026\/01\/comera-la-siria-prima-della-guerra-chi-governa-oggi-cosa-significa-questo-per-i-rifugiati-in-germania\/\" class=\"dpt-permalink\"><span class=\"screen-reader-text\">Com'era la Siria prima della guerra? Chi governa oggi? Cosa significa questo per i rifugiati in Germania?<\/span><\/a><\/div><div class=\"dpt-thumbnail\"><div class=\"dpt-thumbnail-inner\"><img width=\"1024\" height=\"683\" class=\"attachment-full size-full\" alt=\"Siria e Damasco\" context=\"dpt\" data-dpt-src=\"https:\/\/www.markus-schall.de\/wp-content\/uploads\/Syrien-Damaskus.jpg\" data-dpt-sizes=\"(max-width: 1024px) 100vw, 1024px\" data-dpt-srcset=\"https:\/\/www.markus-schall.de\/wp-content\/uploads\/Syrien-Damaskus.jpg 1024w, https:\/\/www.markus-schall.de\/wp-content\/uploads\/Syrien-Damaskus-300x200.jpg 300w, https:\/\/www.markus-schall.de\/wp-content\/uploads\/Syrien-Damaskus-768x512.jpg 768w, https:\/\/www.markus-schall.de\/wp-content\/uploads\/Syrien-Damaskus-18x12.jpg 18w\" \/><\/div><span class=\"dpt-thumbnail-aspect-ratio\" style=\"padding-top: 75%\"><\/span><\/div><\/div><div class=\"sub-entry\"><h3 class=\"dpt-title\"><a class=\"dpt-title-link\" href=\"https:\/\/www.markus-schall.de\/it\/2026\/01\/comera-la-siria-prima-della-guerra-chi-governa-oggi-cosa-significa-questo-per-i-rifugiati-in-germania\/\" rel=\"bookmark\">Com'era la Siria prima della guerra? Chi governa oggi? Cosa significa questo per i rifugiati in Germania?<\/a><\/h3><\/div><\/div>\n\t\t\t\t\t\t<\/div><!-- .dpt-entry -->\n\t\t\t\t\t\t\t\t\t\t\t\t<div class=\"dpt-entry has-thumbnail\" data-title=\"spieltheorie erkl\u00e4rt 25 jahre geopolitik: wie europa seine strategische rolle verlor\" data-id=\"3850\"  data-category=\"allgemein gesellschaft kunst &amp; kultur\" data-post_tag=\"denkmodelle deutschland energiepolitik eu-gesetze europa geopolitik krisen sicherheitspolitik spieltheorie\">\n\t\t\t\t\t\t\t<div class=\"dpt-entry-wrapper\"><div class=\"dpt-featured-content\"><div class=\"dpt-permalink\"><a href=\"https:\/\/www.markus-schall.de\/it\/2025\/12\/la-teoria-dei-giochi-spiega-25-anni-di-geopolitica-come-leuropa-ha-perso-il-suo-ruolo-strategico\/\" class=\"dpt-permalink\"><span class=\"screen-reader-text\">La teoria dei giochi spiega 25 anni di geopolitica: come l'Europa ha perso il suo ruolo strategico<\/span><\/a><\/div><div class=\"dpt-thumbnail\"><div class=\"dpt-thumbnail-inner\"><img width=\"1024\" height=\"765\" class=\"attachment-full size-full\" alt=\"La teoria dei giochi spiega 25 anni di geopolitica\" context=\"dpt\" data-dpt-src=\"https:\/\/www.markus-schall.de\/wp-content\/uploads\/europa-russland-spieltheorie.jpg\" data-dpt-sizes=\"(max-width: 1024px) 100vw, 1024px\" data-dpt-srcset=\"https:\/\/www.markus-schall.de\/wp-content\/uploads\/europa-russland-spieltheorie.jpg 1024w, https:\/\/www.markus-schall.de\/wp-content\/uploads\/europa-russland-spieltheorie-300x224.jpg 300w, https:\/\/www.markus-schall.de\/wp-content\/uploads\/europa-russland-spieltheorie-768x574.jpg 768w, https:\/\/www.markus-schall.de\/wp-content\/uploads\/europa-russland-spieltheorie-16x12.jpg 16w\" \/><\/div><span class=\"dpt-thumbnail-aspect-ratio\" style=\"padding-top: 75%\"><\/span><\/div><\/div><div class=\"sub-entry\"><h3 class=\"dpt-title\"><a class=\"dpt-title-link\" href=\"https:\/\/www.markus-schall.de\/it\/2025\/12\/la-teoria-dei-giochi-spiega-25-anni-di-geopolitica-come-leuropa-ha-perso-il-suo-ruolo-strategico\/\" rel=\"bookmark\">La teoria dei giochi spiega 25 anni di geopolitica: come l'Europa ha perso il suo ruolo strategico<\/a><\/h3><\/div><\/div>\n\t\t\t\t\t\t<\/div><!-- .dpt-entry -->\n\t\t\t\t\t\t\t\t\t\t\t\t<div class=\"dpt-entry has-thumbnail\" data-title=\"klimaschutz mit tunnelblick \u2013 elektromobilit\u00e4t, lobbyarbeit und die verdr\u00e4ngten kosten\" data-id=\"4729\"  data-category=\"allgemein gesellschaft\" data-post_tag=\"deutschland energiepolitik erfahrungen eu-gesetze europa\">\n\t\t\t\t\t\t\t<div class=\"dpt-entry-wrapper\"><div class=\"dpt-featured-content\"><div class=\"dpt-permalink\"><a href=\"https:\/\/www.markus-schall.de\/it\/2026\/02\/la-protezione-del-clima-con-la-visione-a-tunnel-le-lobby-dellelettromobilita-e-i-costi-nascosti\/\" class=\"dpt-permalink\"><span class=\"screen-reader-text\">Protezione del clima con una visione a tunnel: elettromobilit\u00e0, lobbying e costi soppressi<\/span><\/a><\/div><div class=\"dpt-thumbnail\"><div class=\"dpt-thumbnail-inner\"><img width=\"1024\" height=\"683\" class=\"attachment-full size-full\" alt=\"Elettromobilit\u00e0 senza ideologia\" context=\"dpt\" data-dpt-src=\"https:\/\/www.markus-schall.de\/wp-content\/uploads\/Elektromobilitaet-ohne-Ideologie.jpg\" data-dpt-sizes=\"(max-width: 1024px) 100vw, 1024px\" data-dpt-srcset=\"https:\/\/www.markus-schall.de\/wp-content\/uploads\/Elektromobilitaet-ohne-Ideologie.jpg 1024w, https:\/\/www.markus-schall.de\/wp-content\/uploads\/Elektromobilitaet-ohne-Ideologie-300x200.jpg 300w, https:\/\/www.markus-schall.de\/wp-content\/uploads\/Elektromobilitaet-ohne-Ideologie-768x512.jpg 768w, https:\/\/www.markus-schall.de\/wp-content\/uploads\/Elektromobilitaet-ohne-Ideologie-18x12.jpg 18w\" \/><\/div><span class=\"dpt-thumbnail-aspect-ratio\" style=\"padding-top: 75%\"><\/span><\/div><\/div><div class=\"sub-entry\"><h3 class=\"dpt-title\"><a class=\"dpt-title-link\" href=\"https:\/\/www.markus-schall.de\/it\/2026\/02\/la-protezione-del-clima-con-la-visione-a-tunnel-le-lobby-dellelettromobilita-e-i-costi-nascosti\/\" rel=\"bookmark\">Protezione del clima con una visione a tunnel: elettromobilit\u00e0, lobbying e costi soppressi<\/a><\/h3><\/div><\/div>\n\t\t\t\t\t\t<\/div><!-- .dpt-entry -->\n\t\t\t\t\t\t\t\t\t\t\t\t<div class=\"dpt-entry has-thumbnail\" data-title=\"k\u00fcnstliche intelligenz: welche jobs in gefahr sind, und wie wir uns jetzt wappnen k\u00f6nnen\" data-id=\"2940\"  data-category=\"allgemein b\u00fccher gesellschaft ki-systeme\" data-post_tag=\"buch k\u00fcnstliche intelligenz llama llm mistral mlx ollama ratgeber sprachmodell\">\n\t\t\t\t\t\t\t<div class=\"dpt-entry-wrapper\"><div class=\"dpt-featured-content\"><div class=\"dpt-permalink\"><a href=\"https:\/\/www.markus-schall.de\/it\/2025\/09\/intelligenza-artificiale-quali-posti-di-lavoro-sono-in-pericolo-e-come-possiamo-armarci-ora\/\" class=\"dpt-permalink\"><span class=\"screen-reader-text\">Intelligenza artificiale: quali sono i posti di lavoro a rischio e come possiamo armarci ora<\/span><\/a><\/div><div class=\"dpt-thumbnail\"><div class=\"dpt-thumbnail-inner\"><img width=\"1024\" height=\"683\" class=\"attachment-full size-full\" alt=\"Quali lavori saranno eliminati dall&#039;IA in futuro\" context=\"dpt\" data-dpt-src=\"https:\/\/www.markus-schall.de\/wp-content\/uploads\/welche-jobs-fallen-durch-ki-weg.jpg\" data-dpt-sizes=\"(max-width: 1024px) 100vw, 1024px\" data-dpt-srcset=\"https:\/\/www.markus-schall.de\/wp-content\/uploads\/welche-jobs-fallen-durch-ki-weg.jpg 1024w, https:\/\/www.markus-schall.de\/wp-content\/uploads\/welche-jobs-fallen-durch-ki-weg-300x200.jpg 300w, https:\/\/www.markus-schall.de\/wp-content\/uploads\/welche-jobs-fallen-durch-ki-weg-768x512.jpg 768w, https:\/\/www.markus-schall.de\/wp-content\/uploads\/welche-jobs-fallen-durch-ki-weg-18x12.jpg 18w\" \/><\/div><span class=\"dpt-thumbnail-aspect-ratio\" style=\"padding-top: 75%\"><\/span><\/div><\/div><div class=\"sub-entry\"><h3 class=\"dpt-title\"><a class=\"dpt-title-link\" href=\"https:\/\/www.markus-schall.de\/it\/2025\/09\/intelligenza-artificiale-quali-posti-di-lavoro-sono-in-pericolo-e-come-possiamo-armarci-ora\/\" rel=\"bookmark\">Intelligenza artificiale: quali sono i posti di lavoro a rischio e come possiamo armarci ora<\/a><\/h3><\/div><\/div>\n\t\t\t\t\t\t<\/div><!-- .dpt-entry -->\n\t\t\t\t\t\t\n\t\t\t\t<\/div>\n\t\t\t\t\t\t<\/div>\n\t\t\t\n<hr \/>\n<h2>Domande frequenti<\/h2>\n<ol>\n<li><strong>Che ruolo hanno i giovani ufficiali della Bundeswehr nelle lezioni scolastiche?<\/strong><br \/>\nGli ufficiali della giovent\u00f9 sono ufficiali della Bundeswehr appositamente addestrati il cui compito ufficiale non \u00e8 il reclutamento, ma l'educazione politica. Visitano le scuole su invito degli insegnanti e parlano di argomenti come la politica di sicurezza internazionale, le strutture della NATO, l'analisi dei conflitti o il ruolo della Germania nelle alleanze internazionali. Di norma, tengono una lezione e poi discutono con gli studenti. Tuttavia, i critici criticano il fatto che un evento informativo di questo tipo possa influenzare anche l'immagine della Bundeswehr. I sostenitori, invece, sostengono che le questioni di politica di sicurezza difficilmente possono essere comprese appieno senza la prospettiva delle forze armate.<\/li>\n<li><strong>Da quando la Bundeswehr visita le scuole in Germania?<\/strong><br \/>\nI cosiddetti ufficiali della giovent\u00f9 esistono dal 1958, cio\u00e8 dalla prima fase della Repubblica Federale Tedesca. Il loro compito originario era quello di spiegare ai giovani il ruolo della Bundeswehr in uno Stato democratico. In pratica, tuttavia, queste visite scolastiche sono state relativamente poco appariscenti per molto tempo. Solo negli ultimi due decenni sono diventate pi\u00f9 visibili al pubblico. Un importante retroscena \u00e8 la sospensione del servizio militare obbligatorio nel 2011, da quando la Bundeswehr ha dovuto reclutare pi\u00f9 volontari ed \u00e8 quindi diventata pi\u00f9 visibile nella sfera pubblica.<\/li>\n<li><strong>Ai soldati \u00e8 consentito fare pubblicit\u00e0 per la Bundeswehr in classe?<\/strong><br \/>\nUfficialmente non \u00e8 previsto il reclutamento diretto in classe da parte degli ufficiali della giovent\u00f9. La Bundeswehr distingue tra gli ufficiali della giovent\u00f9, che dovrebbero fornire un'educazione alla politica di sicurezza, e i consulenti di carriera, che forniscono informazioni sulle opportunit\u00e0 di formazione e carriera specifiche. Tuttavia, i critici sottolineano che questa distinzione non \u00e8 sempre chiaramente riconosciuta nella pratica. Anche la presenza di soldati in uniforme nelle classi pu\u00f2 avere un impatto sulla percezione della Bundeswehr. I sostenitori ribattono che anche altre istituzioni o organizzazioni statali sono autorizzate a presentare le loro prospettive in classe.<\/li>\n<li><strong>Perch\u00e9 oggi la Bundeswehr dipende maggiormente dal reclutamento dei giovani rispetto al passato?<\/strong><br \/>\nLa svolta decisiva \u00e8 stata la sospensione del servizio militare obbligatorio nel 2011. Fino ad allora, la Bundeswehr riceveva automaticamente nuove reclute ogni anno attraverso la coscrizione. Con il passaggio a un esercito di volontari, ora deve convincere attivamente i giovani a scegliere la carriera militare. Allo stesso tempo, \u00e8 in competizione con molti altri datori di lavoro per ottenere nuove reclute qualificate. A seguito di questo sviluppo, le campagne informative, i portali di carriera e gli eventi per i giovani sono diventati molto pi\u00f9 importanti.<\/li>\n<li><strong>Che cos'\u00e8 esattamente il gioco di simulazione POL&amp;IS che viene spesso citato in relazione agli eventi della Bundeswehr?<\/strong><br \/>\nPOL&amp;IS \u00e8 l'acronimo di \u201ePolitica e sicurezza internazionale\u201c ed \u00e8 un gioco di simulazione moderato da giovani ufficiali. Gli studenti assumono il ruolo di rappresentanti di vari Stati o organizzazioni internazionali. Devono prendere decisioni su sviluppi economici, relazioni diplomatiche o conflitti di politica di sicurezza. L'obiettivo \u00e8 quello di rendere pi\u00f9 comprensibili contesti politici complessi. I critici, tuttavia, vedono il pericolo che le soluzioni militari possano essere troppo enfatizzate.<\/li>\n<li><strong>Perch\u00e9 si criticano le visite della Bundeswehr nelle scuole?<\/strong><br \/>\nLe critiche provengono da diverse direzioni. Le associazioni degli insegnanti, le iniziative per la pace e alcune organizzazioni della societ\u00e0 civile temono che le istituzioni militari possano acquisire un'influenza eccessiva nel settore dell'istruzione. Alcuni critici ritengono che il gruppo target sia particolarmente problematico, in quanto gli alunni sono ancora in una fase di orientamento politico. Altri criticano sostanzialmente qualsiasi forma di presenza militare nell'istruzione e la considerano una possibile \u201emilitarizzazione\u201c della vita scolastica quotidiana. I sostenitori considerano queste critiche esagerate e sottolineano che l'educazione politica dovrebbe includere diverse prospettive.<\/li>\n<li><strong>Cosa dicono i sostenitori degli eventi della Bundeswehr in classe?<\/strong><br \/>\nI sostenitori di questi eventi sostengono che la politica di sicurezza \u00e8 una componente centrale della politica moderna. Se gli studenti devono comprendere i conflitti internazionali, le strutture della NATO o la politica di difesa, potrebbe avere senso ascoltare anche i rappresentanti delle forze armate. Inoltre, gli ufficiali dei giovani sono solo una componente delle lezioni. Gli insegnanti potrebbero esaminare criticamente le loro dichiarazioni e apportare ulteriori prospettive. Da questo punto di vista, la Bundeswehr, in quanto istituzione controllata democraticamente, rientra sicuramente nel quadro dell'educazione politica.<\/li>\n<li><strong>Ci sono scuole che generalmente rifiutano le visite della Bundeswehr?<\/strong><br \/>\nS\u00ec, alcune scuole hanno deciso consapevolmente di non organizzare eventi con oratori militari. Iniziative come \u201eScuole senza la Bundeswehr\u201c si battono affinch\u00e9 gli istituti scolastici si astengano da tali visite. La decisione \u00e8 solitamente presa dalla direzione della scuola e dal personale docente. Un rifiuto di solito non ha conseguenze legali. Le scuole sono generalmente libere di invitare oratori esterni o di decidere di non farlo.<\/li>\n<li><strong>Che ruolo hanno i Ministeri dell'Istruzione e degli Affari culturali in questi eventi?<\/strong><br \/>\nIn diversi Stati federali esistono accordi di cooperazione tra i ministeri dell'Istruzione e la Bundeswehr. Questi accordi regolano le questioni organizzative, come le modalit\u00e0 di convocazione degli ufficiali giovanili e le condizioni quadro applicabili. Un principio centrale \u00e8 che la responsabilit\u00e0 educativa rimane interamente della scuola. Gli insegnanti decidono se e in quale forma organizzare tali eventi.<\/li>\n<li><strong>Perch\u00e9 gli studenti protestano contro i piani di servizio militare?<\/strong><br \/>\nMolti giovani vedono le attuali proposte di riforma del servizio militare come un possibile passo verso un nuovo servizio militare obbligatorio. Anche se finora sono stati discussi solo questionari o modelli volontari, alcuni giovani temono il servizio obbligatorio a lungo termine. Per una generazione che \u00e8 cresciuta senza servizio militare obbligatorio, questa idea sembra talvolta sconosciuta o problematica. Gli scioperi scolastici sono quindi anche espressione di un dialogo politico tra le generazioni.<\/li>\n<li><strong>Quanto sono stati grandi gli scioperi scolastici contro i piani di servizio militare?<\/strong><br \/>\nSecondo varie stime, nel dicembre 2025 circa 55.000 studenti hanno partecipato a manifestazioni in oltre 90 citt\u00e0 tedesche. Le proteste sono state spesso organizzate attraverso i social network. In alcune grandi citt\u00e0, diverse migliaia di giovani hanno preso parte alle manifestazioni.<\/li>\n<li><strong>Gli alunni possono manifestare durante l'orario scolastico?<\/strong><br \/>\nIn linea di principio, in Germania la frequenza scolastica \u00e8 obbligatoria. Le dimostrazioni durante le lezioni non sono normalmente considerate assenze giustificate. Gli alunni possono quindi essere considerati assenti senza una valida giustificazione o devono recuperare gli esami mancati. Allo stesso tempo, si discute sempre su come conciliare il coinvolgimento politico dei giovani con le regole scolastiche.<\/li>\n<li><strong>Che ruolo ha la Bundeswehr nella democrazia tedesca?<\/strong><br \/>\nLa Bundeswehr \u00e8 spesso definita un \u201eesercito parlamentare\u201c. Ci\u00f2 significa che le decisioni importanti, ad esempio quelle relative all'impiego all'estero, devono essere prese dal Bundestag. Questo controllo parlamentare ha lo scopo di garantire che il potere militare in Germania rimanga legittimato democraticamente. Da questo punto di vista, alcuni osservatori ritengono sensato che i giovani siano informati sul ruolo delle forze armate in classe.<\/li>\n<li><strong>Perch\u00e9 il rapporto tra esercito e societ\u00e0 in Germania \u00e8 particolarmente delicato?<\/strong><br \/>\nL'esperienza storica del XX secolo ha plasmato il rapporto di molti tedeschi con le forze armate. Dopo la Seconda guerra mondiale, la Bundeswehr \u00e8 stata consapevolmente istituita come istituzione controllata democraticamente. Allo stesso tempo, si \u00e8 sviluppata una cultura politica in cui le questioni militari sono spesso discusse con cautela. Questa sensibilit\u00e0 storica gioca ancora oggi un ruolo nei dibattiti sulla politica di sicurezza.<\/li>\n<li><strong>Come si differenziano gli Stati federali nella loro cooperazione con la Bundeswehr?<\/strong><br \/>\nPoich\u00e9 la politica educativa in Germania \u00e8 di competenza degli Stati federali, non esistono regolamenti standardizzati. Alcuni Stati federali hanno stabilito una collaborazione relativamente stretta con la Bundeswehr, mentre altri sono pi\u00f9 cauti. Di conseguenza, la presenza degli ufficiali giovanili nella vita scolastica quotidiana pu\u00f2 variare da regione a regione.<\/li>\n<li><strong>Quali alternative ci sono all'educazione politica impartita da oratori militari?<\/strong><br \/>\nMolte scuole collaborano con universit\u00e0, fondazioni politiche, giornalisti o organizzazioni non governative per affrontare questioni di politica di sicurezza. Alcuni insegnanti combinano diverse prospettive, ad esempio invitando rappresentanti delle forze armate tedesche, ricercatori sulla pace o scienziati politici. L'obiettivo \u00e8 quello di fornire agli alunni un quadro il pi\u00f9 ampio possibile dei dibattiti politici.<\/li>\n<li><strong>Come reagiscono i genitori agli eventi della Bundeswehr nelle scuole?<\/strong><br \/>\nLe reazioni dei genitori sono molto diverse. Alcuni la vedono come un'interessante opportunit\u00e0 per i loro figli di conoscere meglio le istituzioni statali. Altri sono scettici su questi eventi e temono un'eccessiva presenza militare nel settore dell'istruzione. In alcuni casi, queste domande portano a discussioni all'interno del corpo dei genitori o della conferenza scolastica.<\/li>\n<li><strong>Il servizio militare obbligatorio sar\u00e0 effettivamente reintrodotto in Germania?<\/strong><br \/>\nIl servizio militare obbligatorio \u00e8 attualmente solo sospeso, non abolito. Ci\u00f2 significa che in teoria potrebbe essere riattivato. Se ci\u00f2 avverr\u00e0 dipende dalle decisioni politiche e dagli sviluppi della politica di sicurezza. Al momento, i politici discutono soprattutto di modelli inizialmente basati sul servizio volontario.<\/li>\n<li><strong>Perch\u00e9 \u00e8 probabile che il dibattito sulla Bundeswehr e sulle scuole continui ancora a lungo?<\/strong><br \/>\nLa discussione tocca questioni fondamentali sull'educazione politica, sulla politica di sicurezza e sul rapporto tra Stato e societ\u00e0. Tali questioni raramente possono essere chiarite in modo definitivo, perch\u00e9 le condizioni politiche e gli atteggiamenti sociali cambiano continuamente. Proprio per questo motivo, \u00e8 probabile che il ruolo della Bundeswehr nell'educazione continuer\u00e0 a essere discusso ancora e ancora in futuro.<\/li>\n<\/ol>\n<hr \/>\n\n\t\t\t<div class=\"display-post-types\">\n\n\t\t\t\t\t\t\t<style type=\"text\/css\">\n\t\t\t#dpt-wrapper-341 { --dpt-text-align: left;--dpt-image-crop: center;--dpt-border-radius: 5px;--dpt-h-gutter: 10px;--dpt-v-gutter: 9px; }\t\t\t<\/style>\n\t\t\t<style type=\"text\/css\">#dpt-wrapper-341 { --dpt-title-font-style:normal;--dpt-title-font-weight:600;--dpt-title-line-height:1.5;--dpt-title-text-decoration:none;--dpt-title-text-transform:none;--dpt-excerpt-font-style:normal;--dpt-excerpt-font-weight:400;--dpt-excerpt-line-height:1.5;--dpt-excerpt-text-decoration:none;--dpt-excerpt-text-transform:none;--dpt-meta1-font-style:normal;--dpt-meta1-font-weight:400;--dpt-meta1-line-height:1.9;--dpt-meta1-text-decoration:none;--dpt-meta1-text-transform:none;--dpt-meta2-font-style:normal;--dpt-meta2-font-weight:400;--dpt-meta2-line-height:1.9;--dpt-meta2-text-decoration:none;--dpt-meta2-text-transform:none; }<\/style><div class=\"dpt-main-header\">\n\t\t\t\t\t\t<div class=\"dpt-main-title\">\n\t\t\t\t\t\t\t<span class=\"dpt-main-title-text\">Articoli attuali sull'intelligenza artificiale<\/span>\n\t\t\t\t\t\t<\/div>\n\t\t\t\t\t\t\n\t\t\t\t\t\t\n\t\t\t\t\t\t\n\t\t\t\t\t\t<\/div>\t\t\t\n\t\t\t\t<div id=\"dpt-wrapper-341\" class=\"dpt-wrapper dpt-mag1 land1 dpt-cropped dpt-flex-wrap\" >\n\n\t\t\t\t\t\t\t\t\t\t\t<div class=\"dpt-entry has-thumbnail\" data-title=\"als ich mit einem roboter telefonierte \u2013 wie ki das telefon erobert und wie man sie erkennt\" data-id=\"5130\"  data-category=\"allgemein gesellschaft ki-systeme stories &amp; humor\" data-post_tag=\"datenschutz erfahrungen k\u00fcnstliche intelligenz prozesse\">\n\t\t\t\t\t\t\t<div class=\"dpt-entry-wrapper\"><div class=\"dpt-featured-content\"><div class=\"dpt-permalink\"><a href=\"https:\/\/www.markus-schall.de\/it\/2026\/03\/quando-ero-al-telefono-con-un-robot-come-ki-conquista-il-telefono-e-come-riconoscerlo\/\" class=\"dpt-permalink\"><span class=\"screen-reader-text\">Quando ero al telefono con un robot: come l'intelligenza artificiale sta conquistando il telefono e come riconoscerla<\/span><\/a><\/div><div class=\"dpt-thumbnail\"><div class=\"dpt-thumbnail-inner\"><img width=\"1024\" height=\"683\" class=\"attachment-full size-full\" alt=\"Conversazione telefonica con un robot AI\" context=\"dpt\" data-dpt-src=\"https:\/\/www.markus-schall.de\/wp-content\/uploads\/Telefonanrufe-KI-Werbung.jpg\" data-dpt-sizes=\"(max-width: 1024px) 100vw, 1024px\" data-dpt-srcset=\"https:\/\/www.markus-schall.de\/wp-content\/uploads\/Telefonanrufe-KI-Werbung.jpg 1024w, https:\/\/www.markus-schall.de\/wp-content\/uploads\/Telefonanrufe-KI-Werbung-300x200.jpg 300w, https:\/\/www.markus-schall.de\/wp-content\/uploads\/Telefonanrufe-KI-Werbung-768x512.jpg 768w, https:\/\/www.markus-schall.de\/wp-content\/uploads\/Telefonanrufe-KI-Werbung-18x12.jpg 18w\" \/><\/div><span class=\"dpt-thumbnail-aspect-ratio\" style=\"padding-top: 75%\"><\/span><\/div><\/div><div class=\"sub-entry\"><h3 class=\"dpt-title\"><a class=\"dpt-title-link\" href=\"https:\/\/www.markus-schall.de\/it\/2026\/03\/quando-ero-al-telefono-con-un-robot-come-ki-conquista-il-telefono-e-come-riconoscerlo\/\" rel=\"bookmark\">Quando ero al telefono con un robot: come l'intelligenza artificiale sta conquistando il telefono e come riconoscerla<\/a><\/h3><\/div><\/div>\n\t\t\t\t\t\t<\/div><!-- .dpt-entry -->\n\t\t\t\t\t\t\t\t\t\t\t\t<div class=\"dpt-entry has-thumbnail\" data-title=\"lokale ki auf dem mac: so installieren sie ein sprachmodell mit ollama\" data-id=\"2442\"  data-category=\"ki-systeme tipps &amp; anleitungen\" data-post_tag=\"datenschutz k\u00fcnstliche intelligenz llama llm mac mistral ollama sprachmodell\">\n\t\t\t\t\t\t\t<div class=\"dpt-entry-wrapper\"><div class=\"dpt-featured-content\"><div class=\"dpt-permalink\"><a href=\"https:\/\/www.markus-schall.de\/it\/2025\/08\/locale-sul-mac-come-questo-1tp12per-creare-un-modello-linguistico-con-ollama\/\" class=\"dpt-permalink\"><span class=\"screen-reader-text\">IA locale su Mac: come installiere un modello linguistico con Ollama<\/span><\/a><\/div><div class=\"dpt-thumbnail\"><div class=\"dpt-thumbnail-inner\"><img width=\"1024\" height=\"683\" class=\"attachment-full size-full\" alt=\"AI locale installieren con Ollama sul Mac\" context=\"dpt\" data-dpt-src=\"https:\/\/www.markus-schall.de\/wp-content\/uploads\/Lokale-KI-auf-Apple-Mac.jpg\" data-dpt-sizes=\"(max-width: 1024px) 100vw, 1024px\" data-dpt-srcset=\"https:\/\/www.markus-schall.de\/wp-content\/uploads\/Lokale-KI-auf-Apple-Mac.jpg 1024w, https:\/\/www.markus-schall.de\/wp-content\/uploads\/Lokale-KI-auf-Apple-Mac-300x200.jpg 300w, https:\/\/www.markus-schall.de\/wp-content\/uploads\/Lokale-KI-auf-Apple-Mac-768x512.jpg 768w, https:\/\/www.markus-schall.de\/wp-content\/uploads\/Lokale-KI-auf-Apple-Mac-18x12.jpg 18w\" \/><\/div><span class=\"dpt-thumbnail-aspect-ratio\" style=\"padding-top: 75%\"><\/span><\/div><\/div><div class=\"sub-entry\"><h3 class=\"dpt-title\"><a class=\"dpt-title-link\" href=\"https:\/\/www.markus-schall.de\/it\/2025\/08\/locale-sul-mac-come-questo-1tp12per-creare-un-modello-linguistico-con-ollama\/\" rel=\"bookmark\">IA locale su Mac: come installiere un modello linguistico con Ollama<\/a><\/h3><\/div><\/div>\n\t\t\t\t\t\t<\/div><!-- .dpt-entry -->\n\t\t\t\t\t\t\t\t\t\t\t\t<div class=\"dpt-entry has-thumbnail\" data-title=\"wie tiere zeit wahrnehmen \u2013 und was das f\u00fcr die zukunft der ki bedeutet\" data-id=\"4918\"  data-category=\"allgemein gesellschaft ki-systeme\" data-post_tag=\"denkmodelle erfahrungen k\u00fcnstliche intelligenz llm portrait prozesse sprachmodell\">\n\t\t\t\t\t\t\t<div class=\"dpt-entry-wrapper\"><div class=\"dpt-featured-content\"><div class=\"dpt-permalink\"><a href=\"https:\/\/www.markus-schall.de\/it\/2026\/02\/come-gli-animali-percepiscono-il-tempo-e-cosa-significa-questo-per-il-futuro-del-ki\/\" class=\"dpt-permalink\"><span class=\"screen-reader-text\">Come gli animali percepiscono il tempo - e cosa significa per il futuro dell'IA<\/span><\/a><\/div><div class=\"dpt-thumbnail\"><div class=\"dpt-thumbnail-inner\"><img width=\"1024\" height=\"683\" class=\"attachment-full size-full\" alt=\"Animali, intelligenza artificiale e percezione del tempo\" context=\"dpt\" data-dpt-src=\"https:\/\/www.markus-schall.de\/wp-content\/uploads\/Tiere-KI-Zeitwahrnehmung.jpg\" data-dpt-sizes=\"(max-width: 1024px) 100vw, 1024px\" data-dpt-srcset=\"https:\/\/www.markus-schall.de\/wp-content\/uploads\/Tiere-KI-Zeitwahrnehmung.jpg 1024w, https:\/\/www.markus-schall.de\/wp-content\/uploads\/Tiere-KI-Zeitwahrnehmung-300x200.jpg 300w, https:\/\/www.markus-schall.de\/wp-content\/uploads\/Tiere-KI-Zeitwahrnehmung-768x512.jpg 768w, https:\/\/www.markus-schall.de\/wp-content\/uploads\/Tiere-KI-Zeitwahrnehmung-18x12.jpg 18w\" \/><\/div><span class=\"dpt-thumbnail-aspect-ratio\" style=\"padding-top: 75%\"><\/span><\/div><\/div><div class=\"sub-entry\"><h3 class=\"dpt-title\"><a class=\"dpt-title-link\" href=\"https:\/\/www.markus-schall.de\/it\/2026\/02\/come-gli-animali-percepiscono-il-tempo-e-cosa-significa-questo-per-il-futuro-del-ki\/\" rel=\"bookmark\">Come gli animali percepiscono il tempo - e cosa significa per il futuro dell'IA<\/a><\/h3><\/div><\/div>\n\t\t\t\t\t\t<\/div><!-- .dpt-entry -->\n\t\t\t\t\t\t\t\t\t\t\t\t<div class=\"dpt-entry has-thumbnail\" data-title=\"mlx auf apple silicon als lokale ki im vergleich mit ollama &#038; co.\" data-id=\"2857\"  data-category=\"apple macos ki-systeme\" data-post_tag=\"datenschutz k\u00fcnstliche intelligenz llama llm mistral mlx ollama sprachmodell\">\n\t\t\t\t\t\t\t<div class=\"dpt-entry-wrapper\"><div class=\"dpt-featured-content\"><div class=\"dpt-permalink\"><a href=\"https:\/\/www.markus-schall.de\/it\/2025\/09\/mlx-su-apple-silicon-come-ki-locale-rispetto-a-ollama-co\/\" class=\"dpt-permalink\"><span class=\"screen-reader-text\">MLX su Apple Silicon come AI locale rispetto a Ollama &amp; Co.<\/span><\/a><\/div><div class=\"dpt-thumbnail\"><div class=\"dpt-thumbnail-inner\"><img width=\"1024\" height=\"576\" class=\"attachment-full size-full\" alt=\"IA locale su Mac con MLX\" context=\"dpt\" data-dpt-src=\"https:\/\/www.markus-schall.de\/wp-content\/uploads\/mlx-lokale-ki-apple-silicon.jpg\" data-dpt-sizes=\"(max-width: 1024px) 100vw, 1024px\" data-dpt-srcset=\"https:\/\/www.markus-schall.de\/wp-content\/uploads\/mlx-lokale-ki-apple-silicon.jpg 1024w, https:\/\/www.markus-schall.de\/wp-content\/uploads\/mlx-lokale-ki-apple-silicon-300x169.jpg 300w, https:\/\/www.markus-schall.de\/wp-content\/uploads\/mlx-lokale-ki-apple-silicon-768x432.jpg 768w, https:\/\/www.markus-schall.de\/wp-content\/uploads\/mlx-lokale-ki-apple-silicon-18x10.jpg 18w\" \/><\/div><span class=\"dpt-thumbnail-aspect-ratio\" style=\"padding-top: 75%\"><\/span><\/div><\/div><div class=\"sub-entry\"><h3 class=\"dpt-title\"><a class=\"dpt-title-link\" href=\"https:\/\/www.markus-schall.de\/it\/2025\/09\/mlx-su-apple-silicon-come-ki-locale-rispetto-a-ollama-co\/\" rel=\"bookmark\">MLX su Apple Silicon come AI locale rispetto a Ollama &amp; Co.<\/a><\/h3><\/div><\/div>\n\t\t\t\t\t\t<\/div><!-- .dpt-entry -->\n\t\t\t\t\t\t\n\t\t\t\t<\/div>\n\t\t\t\t\t\t<\/div>\n\t\t\t\n<hr \/>","protected":false},"excerpt":{"rendered":"<p>Als ich in den 90er Jahren selbst zur Bundeswehr eingezogen wurde, war das noch ein ziemlich normaler Teil des Lebenswegs vieler junger M\u00e4nner in Deutschland. Wer die Schule beendet hatte, machte entweder Zivildienst oder Wehrdienst. Das geh\u00f6rte damals einfach dazu \u2013 \u00e4hnlich wie eine Ausbildung oder das Studium. Man sprach dar\u00fcber, man wusste ungef\u00e4hr, was &#8230; <a title=\"MLX su Apple Silicon come AI locale rispetto a Ollama &amp; Co.\" class=\"read-more\" href=\"https:\/\/www.markus-schall.de\/it\/2025\/09\/mlx-su-apple-silicon-come-ki-locale-rispetto-a-ollama-co\/\" aria-label=\"Per saperne di pi\u00f9 su MLX su Apple Silicon come AI locale rispetto a Ollama &amp; Co.\">Leggi tutto<\/a><\/p>","protected":false},"author":1,"featured_media":5151,"comment_status":"open","ping_status":"open","sticky":false,"template":"","format":"standard","meta":{"iawp_total_views":142,"footnotes":""},"categories":[1,466],"tags":[480,475,482,426,476,484],"class_list":["post-5147","post","type-post","status-publish","format-standard","has-post-thumbnail","hentry","category-allgemein","category-gesellschaft","tag-deutschland","tag-europa","tag-geopolitik","tag-krisen","tag-meinungsfreiheit","tag-sicherheitspolitik"],"_links":{"self":[{"href":"https:\/\/www.markus-schall.de\/it\/wp-json\/wp\/v2\/posts\/5147","targetHints":{"allow":["GET"]}}],"collection":[{"href":"https:\/\/www.markus-schall.de\/it\/wp-json\/wp\/v2\/posts"}],"about":[{"href":"https:\/\/www.markus-schall.de\/it\/wp-json\/wp\/v2\/types\/post"}],"author":[{"embeddable":true,"href":"https:\/\/www.markus-schall.de\/it\/wp-json\/wp\/v2\/users\/1"}],"replies":[{"embeddable":true,"href":"https:\/\/www.markus-schall.de\/it\/wp-json\/wp\/v2\/comments?post=5147"}],"version-history":[{"count":24,"href":"https:\/\/www.markus-schall.de\/it\/wp-json\/wp\/v2\/posts\/5147\/revisions"}],"predecessor-version":[{"id":5939,"href":"https:\/\/www.markus-schall.de\/it\/wp-json\/wp\/v2\/posts\/5147\/revisions\/5939"}],"wp:featuredmedia":[{"embeddable":true,"href":"https:\/\/www.markus-schall.de\/it\/wp-json\/wp\/v2\/media\/5151"}],"wp:attachment":[{"href":"https:\/\/www.markus-schall.de\/it\/wp-json\/wp\/v2\/media?parent=5147"}],"wp:term":[{"taxonomy":"category","embeddable":true,"href":"https:\/\/www.markus-schall.de\/it\/wp-json\/wp\/v2\/categories?post=5147"},{"taxonomy":"post_tag","embeddable":true,"href":"https:\/\/www.markus-schall.de\/it\/wp-json\/wp\/v2\/tags?post=5147"}],"curies":[{"name":"wp","href":"https:\/\/api.w.org\/{rel}","templated":true}]}}