{"id":5480,"date":"2026-03-25T16:02:50","date_gmt":"2026-03-25T16:02:50","guid":{"rendered":"https:\/\/www.markus-schall.de\/?p=5480"},"modified":"2026-04-23T08:47:08","modified_gmt":"2026-04-23T08:47:08","slug":"apple-in-transition-i-primi-dispositivi-le-proprie-esperienze-e-una-mostra-allocm","status":"publish","type":"post","link":"https:\/\/www.markus-schall.de\/it\/2026\/03\/apple-in-transition-i-primi-dispositivi-le-proprie-esperienze-e-una-mostra-allocm\/","title":{"rendered":"Apple in transizione: primi dispositivi, esperienze personali e una mostra all'OCM"},"content":{"rendered":"<p>Se siete interessati alla storia del computer, vale la pena visitare il Museo del Computer di Oldenburg. Il museo \u00e8 uno di quei luoghi che non hanno bisogno di essere rumorosi per fare impressione e da aprile ospiter\u00e0 una mostra speciale all'insegna del motto <em>\u201e50 anni di computer Apple\u201c<\/em>. Per molti anni la tecnologia non \u00e8 stata solo esposta, ma anche mantenuta in vita. I dispositivi non sono dietro un vetro, ma spesso sono pronti per essere utilizzati sui tavoli, proprio come venivano usati in passato.<\/p>\n<p>\u00c8 questo che fa la differenza. Non ci si limita a vedere i vecchi computer, ma si ha la sensazione di come si lavorava, si giocava e si pensava con queste macchine. Dai primi computer domestici ai classici computer da ufficio e ai pezzi unici speciali, tutto \u00e8 rappresentato - raccolto con cura, mantenuto e, soprattutto, chiaramente classificato.<!--more--><\/p>\n<hr \/>\n\n\t\t\t<div class=\"display-post-types\">\n\n\t\t\t\t\t\t\t<style type=\"text\/css\">\n\t\t\t#dpt-wrapper-370 { --dpt-text-align: left;--dpt-image-crop: center;--dpt-border-radius: 5px;--dpt-h-gutter: 10px;--dpt-v-gutter: 9px; }\t\t\t<\/style>\n\t\t\t<style type=\"text\/css\">#dpt-wrapper-370 { --dpt-title-font-style:normal;--dpt-title-font-weight:600;--dpt-title-line-height:1.5;--dpt-title-text-decoration:none;--dpt-title-text-transform:none;--dpt-excerpt-font-style:normal;--dpt-excerpt-font-weight:400;--dpt-excerpt-line-height:1.5;--dpt-excerpt-text-decoration:none;--dpt-excerpt-text-transform:none;--dpt-meta1-font-style:normal;--dpt-meta1-font-weight:400;--dpt-meta1-line-height:1.9;--dpt-meta1-text-decoration:none;--dpt-meta1-text-transform:none;--dpt-meta2-font-style:normal;--dpt-meta2-font-weight:400;--dpt-meta2-line-height:1.9;--dpt-meta2-text-decoration:none;--dpt-meta2-text-transform:none; }<\/style><div class=\"dpt-main-header\">\n\t\t\t\t\t\t<div class=\"dpt-main-title\">\n\t\t\t\t\t\t\t<span class=\"dpt-main-title-text\">Problemi sociali del presente<\/span>\n\t\t\t\t\t\t<\/div>\n\t\t\t\t\t\t\n\t\t\t\t\t\t\n\t\t\t\t\t\t\n\t\t\t\t\t\t<\/div>\t\t\t\n\t\t\t\t<div id=\"dpt-wrapper-370\" class=\"dpt-wrapper dpt-mag1 land1 dpt-cropped dpt-flex-wrap\" >\n\n\t\t\t\t\t\t\t\t\t\t\t<div class=\"dpt-entry has-thumbnail\" data-title=\"vicco von b\u00fclow alias loriot \u2013 ordnung, form und der leise widerstand des humors\" data-id=\"4169\"  data-category=\"allgemein gesellschaft kunst &amp; kultur stories &amp; humor\" data-post_tag=\"deutschland erfahrungen pers\u00f6nlichkeitsentwicklung portrait\">\n\t\t\t\t\t\t\t<div class=\"dpt-entry-wrapper\"><div class=\"dpt-featured-content\"><div class=\"dpt-permalink\"><a href=\"https:\/\/www.markus-schall.de\/it\/2025\/12\/vicco-von-buelow-alias-loriot-modulo-dordine-e-la-tranquilla-resistenza-dellumorismo\/\" class=\"dpt-permalink\"><span class=\"screen-reader-text\">Vicco von B\u00fclow alias Loriot - ordine, forma e la tranquilla resistenza dell'umorismo<\/span><\/a><\/div><div class=\"dpt-thumbnail\"><div class=\"dpt-thumbnail-inner\"><img width=\"1024\" height=\"747\" class=\"attachment-full size-full\" alt=\"\" context=\"dpt\" data-dpt-src=\"https:\/\/www.markus-schall.de\/wp-content\/uploads\/Loriot-Titel.jpg\" data-dpt-sizes=\"(max-width: 1024px) 100vw, 1024px\" data-dpt-srcset=\"https:\/\/www.markus-schall.de\/wp-content\/uploads\/Loriot-Titel.jpg 1024w, https:\/\/www.markus-schall.de\/wp-content\/uploads\/Loriot-Titel-300x219.jpg 300w, https:\/\/www.markus-schall.de\/wp-content\/uploads\/Loriot-Titel-768x560.jpg 768w, https:\/\/www.markus-schall.de\/wp-content\/uploads\/Loriot-Titel-16x12.jpg 16w\" \/><\/div><span class=\"dpt-thumbnail-aspect-ratio\" style=\"padding-top: 75%\"><\/span><\/div><\/div><div class=\"sub-entry\"><h3 class=\"dpt-title\"><a class=\"dpt-title-link\" href=\"https:\/\/www.markus-schall.de\/it\/2025\/12\/vicco-von-buelow-alias-loriot-modulo-dordine-e-la-tranquilla-resistenza-dellumorismo\/\" rel=\"bookmark\">Vicco von B\u00fclow alias Loriot - ordine, forma e la tranquilla resistenza dell'umorismo<\/a><\/h3><\/div><\/div>\n\t\t\t\t\t\t<\/div><!-- .dpt-entry -->\n\t\t\t\t\t\t\t\t\t\t\t\t<div class=\"dpt-entry has-thumbnail\" data-title=\"der digitale euro kommt \u2013 was er bedeutet, was er nicht darf, und was er k\u00f6nnte\" data-id=\"3345\"  data-category=\"allgemein apple iphone &amp; ipad gesellschaft\" data-post_tag=\"datenschutz eu-gesetze europa ratgeber\">\n\t\t\t\t\t\t\t<div class=\"dpt-entry-wrapper\"><div class=\"dpt-featured-content\"><div class=\"dpt-permalink\"><a href=\"https:\/\/www.markus-schall.de\/it\/2025\/11\/leuro-digitale-sta-arrivando-cosa-significa-cosa-non-deve-fare-e-cosa-potrebbe-fare\/\" class=\"dpt-permalink\"><span class=\"screen-reader-text\">L'euro digitale sta arrivando: cosa significa, cosa non deve fare e cosa potrebbe fare<\/span><\/a><\/div><div class=\"dpt-thumbnail\"><div class=\"dpt-thumbnail-inner\"><img width=\"1024\" height=\"683\" class=\"attachment-full size-full\" alt=\"Arriva l&#039;euro digitale\" context=\"dpt\" data-dpt-src=\"https:\/\/www.markus-schall.de\/wp-content\/uploads\/Digitaler-Euro.jpg\" data-dpt-sizes=\"(max-width: 1024px) 100vw, 1024px\" data-dpt-srcset=\"https:\/\/www.markus-schall.de\/wp-content\/uploads\/Digitaler-Euro.jpg 1024w, https:\/\/www.markus-schall.de\/wp-content\/uploads\/Digitaler-Euro-300x200.jpg 300w, https:\/\/www.markus-schall.de\/wp-content\/uploads\/Digitaler-Euro-768x512.jpg 768w, https:\/\/www.markus-schall.de\/wp-content\/uploads\/Digitaler-Euro-18x12.jpg 18w\" \/><\/div><span class=\"dpt-thumbnail-aspect-ratio\" style=\"padding-top: 75%\"><\/span><\/div><\/div><div class=\"sub-entry\"><h3 class=\"dpt-title\"><a class=\"dpt-title-link\" href=\"https:\/\/www.markus-schall.de\/it\/2025\/11\/leuro-digitale-sta-arrivando-cosa-significa-cosa-non-deve-fare-e-cosa-potrebbe-fare\/\" rel=\"bookmark\">L'euro digitale sta arrivando: cosa significa, cosa non deve fare e cosa potrebbe fare<\/a><\/h3><\/div><\/div>\n\t\t\t\t\t\t<\/div><!-- .dpt-entry -->\n\t\t\t\t\t\t\t\t\t\t\t\t<div class=\"dpt-entry has-thumbnail\" data-title=\"taiwan verstehen: geschichte, statusfrage und die risiken einer vernetzten welt\" data-id=\"4314\"  data-category=\"allgemein gesellschaft hardware\" data-post_tag=\"europa geopolitik krisen prozesse sicherheitspolitik spieltheorie\">\n\t\t\t\t\t\t\t<div class=\"dpt-entry-wrapper\"><div class=\"dpt-featured-content\"><div class=\"dpt-permalink\"><a href=\"https:\/\/www.markus-schall.de\/it\/2026\/01\/comprendere-la-questione-dello-status-storico-di-taiwan-e-i-rischi-di-un-mondo-in-rete\/\" class=\"dpt-permalink\"><span class=\"screen-reader-text\">Capire Taiwan: Storia, problemi di status e i rischi di un mondo interconnesso<\/span><\/a><\/div><div class=\"dpt-thumbnail\"><div class=\"dpt-thumbnail-inner\"><img width=\"1024\" height=\"683\" class=\"attachment-full size-full\" alt=\"Taiwan come punto di svolta\" context=\"dpt\" data-dpt-src=\"https:\/\/www.markus-schall.de\/wp-content\/uploads\/Taiwan-Kippunkt-Titel.jpg\" data-dpt-sizes=\"(max-width: 1024px) 100vw, 1024px\" data-dpt-srcset=\"https:\/\/www.markus-schall.de\/wp-content\/uploads\/Taiwan-Kippunkt-Titel.jpg 1024w, https:\/\/www.markus-schall.de\/wp-content\/uploads\/Taiwan-Kippunkt-Titel-300x200.jpg 300w, https:\/\/www.markus-schall.de\/wp-content\/uploads\/Taiwan-Kippunkt-Titel-768x512.jpg 768w, https:\/\/www.markus-schall.de\/wp-content\/uploads\/Taiwan-Kippunkt-Titel-18x12.jpg 18w\" \/><\/div><span class=\"dpt-thumbnail-aspect-ratio\" style=\"padding-top: 75%\"><\/span><\/div><\/div><div class=\"sub-entry\"><h3 class=\"dpt-title\"><a class=\"dpt-title-link\" href=\"https:\/\/www.markus-schall.de\/it\/2026\/01\/comprendere-la-questione-dello-status-storico-di-taiwan-e-i-rischi-di-un-mondo-in-rete\/\" rel=\"bookmark\">Capire Taiwan: Storia, problemi di status e i rischi di un mondo interconnesso<\/a><\/h3><\/div><\/div>\n\t\t\t\t\t\t<\/div><!-- .dpt-entry -->\n\t\t\t\t\t\t\t\t\t\t\t\t<div class=\"dpt-entry has-thumbnail\" data-title=\"stress ist keine naturgewalt \u2013 wie man sich freir\u00e4ume zur\u00fcckholt, schritt f\u00fcr schritt\" data-id=\"3152\"  data-category=\"allgemein gesellschaft gesundheit tipps &amp; anleitungen\" data-post_tag=\"cmd erfahrungen gesundheit krisen pers\u00f6nlichkeitsentwicklung prozesse ratgeber\">\n\t\t\t\t\t\t\t<div class=\"dpt-entry-wrapper\"><div class=\"dpt-featured-content\"><div class=\"dpt-permalink\"><a href=\"https:\/\/www.markus-schall.de\/it\/2025\/10\/lo-stress-non-e-una-forza-della-natura-come-recuperare-la-propria-liberta-passo-dopo-passo\/\" class=\"dpt-permalink\"><span class=\"screen-reader-text\">Lo stress non \u00e8 una forza della natura - Come recuperare la propria libert\u00e0, passo dopo passo<\/span><\/a><\/div><div class=\"dpt-thumbnail\"><div class=\"dpt-thumbnail-inner\"><img width=\"1024\" height=\"683\" class=\"attachment-full size-full\" alt=\"Lo stress non \u00e8 una forza della natura\" context=\"dpt\" data-dpt-src=\"https:\/\/www.markus-schall.de\/wp-content\/uploads\/stress-naturgewalt-titel.jpg\" data-dpt-sizes=\"(max-width: 1024px) 100vw, 1024px\" data-dpt-srcset=\"https:\/\/www.markus-schall.de\/wp-content\/uploads\/stress-naturgewalt-titel.jpg 1024w, https:\/\/www.markus-schall.de\/wp-content\/uploads\/stress-naturgewalt-titel-300x200.jpg 300w, https:\/\/www.markus-schall.de\/wp-content\/uploads\/stress-naturgewalt-titel-768x512.jpg 768w, https:\/\/www.markus-schall.de\/wp-content\/uploads\/stress-naturgewalt-titel-18x12.jpg 18w\" \/><\/div><span class=\"dpt-thumbnail-aspect-ratio\" style=\"padding-top: 75%\"><\/span><\/div><\/div><div class=\"sub-entry\"><h3 class=\"dpt-title\"><a class=\"dpt-title-link\" href=\"https:\/\/www.markus-schall.de\/it\/2025\/10\/lo-stress-non-e-una-forza-della-natura-come-recuperare-la-propria-liberta-passo-dopo-passo\/\" rel=\"bookmark\">Lo stress non \u00e8 una forza della natura - Come recuperare la propria libert\u00e0, passo dopo passo<\/a><\/h3><\/div><\/div>\n\t\t\t\t\t\t<\/div><!-- .dpt-entry -->\n\t\t\t\t\t\t\n\t\t\t\t<\/div>\n\t\t\t\t\t\t<\/div>\n\t\t\t\n<hr \/>\n<p><a href=\"https:\/\/computermuseum-oldenburg.de\/das-museum\/sonderausstellung-50-jahre-apple\/\" target=\"_blank\" rel=\"noopener\"><img loading=\"lazy\" decoding=\"async\" class=\"alignleft wp-image-5487\" src=\"https:\/\/www.markus-schall.de\/wp-content\/uploads\/OCM_Aussenwerbung_Banner_50_Jahre_Apple_Computer_2k-1892x2048-1.png\" alt=\"OCM: Mostra 50 anni di computer Apple\" width=\"160\" height=\"173\" srcset=\"https:\/\/www.markus-schall.de\/wp-content\/uploads\/OCM_Aussenwerbung_Banner_50_Jahre_Apple_Computer_2k-1892x2048-1.png 1892w, https:\/\/www.markus-schall.de\/wp-content\/uploads\/OCM_Aussenwerbung_Banner_50_Jahre_Apple_Computer_2k-1892x2048-1-277x300.png 277w, https:\/\/www.markus-schall.de\/wp-content\/uploads\/OCM_Aussenwerbung_Banner_50_Jahre_Apple_Computer_2k-1892x2048-1-946x1024.png 946w, https:\/\/www.markus-schall.de\/wp-content\/uploads\/OCM_Aussenwerbung_Banner_50_Jahre_Apple_Computer_2k-1892x2048-1-768x831.png 768w, https:\/\/www.markus-schall.de\/wp-content\/uploads\/OCM_Aussenwerbung_Banner_50_Jahre_Apple_Computer_2k-1892x2048-1-1419x1536.png 1419w, https:\/\/www.markus-schall.de\/wp-content\/uploads\/OCM_Aussenwerbung_Banner_50_Jahre_Apple_Computer_2k-1892x2048-1-11x12.png 11w\" sizes=\"auto, (max-width: 160px) 100vw, 160px\" \/><\/a>A partire da aprile, un'ampia <a href=\"https:\/\/computermuseum-oldenburg.de\/das-museum\/sonderausstellung-50-jahre-apple\/\" target=\"_blank\" rel=\"noopener\"><strong>Mostra Apple<\/strong><\/a> su. \u00c8 giusto cos\u00ec, perch\u00e9 quasi nessun'altra azienda ha avuto un'influenza cos\u00ec forte sullo sviluppo dei computer come l'Apple, sia dal punto di vista tecnico che del design. Ed \u00e8 proprio qui che il discorso si fa interessante: quando si guardano mostre come questa, ci si rende subito conto che molte idee che oggi sembrano ovvie erano gi\u00e0 state concepite decenni fa.<\/p>\n<p>Per me \u00e8 una buona occasione non solo per guardare la mostra, ma anche la mia piccola collezione. Qui si sono accumulate molte cose nel corso degli anni: dispositivi che ho usato, dispositivi che ho deliberatamente conservato e alcuni pezzi che oggi non sono cos\u00ec facili da trovare. Non \u00e8 un museo in senso tradizionale. Ma \u00e8 un pezzo di storia tecnica vivente.<\/p>\n<p>Ed \u00e8 proprio questo l'obiettivo di questo articolo: non una cronologia completa, ma uno sguardo al passato - da una prospettiva pratica, con dispositivi effettivamente utilizzati.<\/p>\n<h2>Una data del 1993<\/h2>\n<p>Quando oggi si pensa ai computer portatili, probabilmente si pensa subito a uno smartphone o a un notebook sottile. All'inizio degli anni '90, le cose sembravano un po' diverse. Nel 1993 avevo un appuntamento con <a href=\"https:\/\/www.creditreform.de\/oldenburg\" target=\"_blank\" rel=\"noopener\">Riforma del credito<\/a>. Si trattava di allenamento. Allora la preparazione era ancora molto tradizionale. Niente internet, niente ricerche veloci. Cos\u00ec mi recai semplicemente sul posto in anticipo, presi alcuni documenti e guardai cosa faceva effettivamente il negozio. Non era niente di speciale, ma a quanto pare non erano in molti a farlo.<\/p>\n<p>Alla fine della conversazione, si trattava di fissare l'appuntamento. Ho fatto una cosa che mi \u00e8 venuta naturale: ho preso il mio piccolo computer e ho inserito l'appuntamento.<\/p>\n<p>Quello era un Atari Portfolio. Un dispositivo poco appariscente, appena pi\u00f9 grande di un libro in brossura, con una piccola tastiera e un semplice display. Tecnicamente parlando, non era nulla di spettacolare. Ma per l'epoca era una vera e propria affermazione: mobile, autonomo, indipendente dalla scrivania.<\/p>\n<p>Anni dopo, al Kramermarkt di Oldenburg, il firmatario autorizzato mi disse, dopo qualche birra, che quel particolare momento mi era rimasto impresso. Non perch\u00e9 il dispositivo fosse cos\u00ec impressionante, ma perch\u00e9 dimostrava che ero preparato e avevo tutto sotto controllo.<\/p>\n<p>Ripensandoci, questo mi sta bene. Raramente ho aspettato che qualcosa fosse \u201eusuale\u201c. Se qualcosa sembrava avere senso, lo facevo e basta. Ed \u00e8 proprio cos\u00ec che \u00e8 andata con questo piccolo computer.<\/p>\n<p><img loading=\"lazy\" decoding=\"async\" class=\"alignnone wp-image-5496 size-full\" src=\"https:\/\/www.markus-schall.de\/wp-content\/uploads\/Apple-OCM-Atari-Portfolio.jpg\" alt=\"Portafoglio Atari\" width=\"1024\" height=\"683\" srcset=\"https:\/\/www.markus-schall.de\/wp-content\/uploads\/Apple-OCM-Atari-Portfolio.jpg 1024w, https:\/\/www.markus-schall.de\/wp-content\/uploads\/Apple-OCM-Atari-Portfolio-300x200.jpg 300w, https:\/\/www.markus-schall.de\/wp-content\/uploads\/Apple-OCM-Atari-Portfolio-768x512.jpg 768w, https:\/\/www.markus-schall.de\/wp-content\/uploads\/Apple-OCM-Atari-Portfolio-18x12.jpg 18w\" sizes=\"auto, (max-width: 1024px) 100vw, 1024px\" \/><\/p>\n<h3>I primi computer portatili: pi\u00f9 idee che comodit\u00e0<\/h3>\n<p>Se si guarda a un dispositivo come l'Atari Portfolio oggi, sembra quasi un giocattolo. Il display \u00e8 piccolo, la presentazione semplice, il funzionamento tutt'altro che comodo. Eppure questo dispositivo racchiude un'idea che \u00e8 ancora attuale.<\/p>\n<p>L'Atari Portfolio \u00e8 stato uno dei primi computer veramente portatili degni di questo nome. Nessun accessorio, nessuna unit\u00e0 esterna, nessun monitor: tutto in un unico dispositivo compatto. Si accende, si lavora, si ricollega. Naturalmente, questo aveva i suoi limiti. La memoria era scarsa, i programmi erano semplici e molte cose dovevano essere risolte in modo circolare. Ma c'era anche una certa chiarezza in tutto questo. Avevi uno strumento, non un sistema che ti sovraccaricava di funzioni.<\/p>\n<p>Se lo si guarda oggi, ci si rende subito conto che l'idea c'era gi\u00e0. Mobilit\u00e0, dati personali, gestione degli appuntamenti: tutto ci\u00f2 che oggi diamo per scontato esisteva gi\u00e0 allora. Solo che la consapevolezza non c'era ancora.<\/p>\n<p>Ed \u00e8 proprio qui che diventa interessante dare un'occhiata all'Apple. Infatti, mentre dispositivi come il Portfolio sono stati progettati per essere altamente funzionali, l'Apple ha iniziato a prendere una strada diversa un po' pi\u00f9 tardi, concentrandosi maggiormente sull'usabilit\u00e0, sul design e su un'esperienza utente coerente. Ma di questo parleremo tra poco.<\/p>\n<h2>Compatto e chiuso: la fase iniziale del desktop dell'Apple<\/h2>\n<p>Quando l'Apple ha sviluppato ulteriormente i suoi computer compatti all'inizio degli anni '90, l'obiettivo non era quello di rendere visibile la maggior quantit\u00e0 possibile di tecnologia. Al contrario: l'obiettivo era quello di ridurre tutto a tal punto che il computer come strumento passasse in secondo piano.<\/p>\n<p>Il Macintosh Classic ne \u00e8 un buon esempio. Un dispositivo che a prima vista appare poco appariscente. Schermo in bianco e nero, design compatto, nessun elemento superfluo. Eppure c'\u00e8 un'idea chiara alla base: accendere, lavorare, fatto. Nessun assemblaggio, nessuna riflessione sui componenti. Il sistema \u00e8 chiuso, in senso positivo.<\/p>\n<p><img loading=\"lazy\" decoding=\"async\" class=\"alignnone wp-image-5498 size-large\" src=\"https:\/\/www.markus-schall.de\/wp-content\/uploads\/Apple-OCM-Classic.jpg\" alt=\"\" width=\"1024\" height=\"683\" srcset=\"https:\/\/www.markus-schall.de\/wp-content\/uploads\/Apple-OCM-Classic.jpg 1024w, https:\/\/www.markus-schall.de\/wp-content\/uploads\/Apple-OCM-Classic-300x200.jpg 300w, https:\/\/www.markus-schall.de\/wp-content\/uploads\/Apple-OCM-Classic-768x512.jpg 768w, https:\/\/www.markus-schall.de\/wp-content\/uploads\/Apple-OCM-Classic-18x12.jpg 18w\" sizes=\"auto, (max-width: 1024px) 100vw, 1024px\" \/><\/p>\n<h3>9\u2033 Schermo prima in bianco e nero, poi a colori<\/h3>\n<p>Il modello Apple Colour Classic segu\u00ec poco dopo. Esternamente simile, ma con una differenza decisiva: il colore. Oggi sembra una cosa ovvia, ma all'epoca fu un passo che cambi\u00f2 sensibilmente il modo di utilizzare il prodotto. Improvvisamente non si trattava pi\u00f9 solo di funzionalit\u00e0, ma anche di presentazione, orientamento visivo e di un modo pi\u00f9 piacevole di lavorare.<\/p>\n<p>Se mettete entrambi i dispositivi uno accanto all'altro, vedrete esattamente questa transizione. Non come una rottura, ma come un ulteriore sviluppo. L'Apple raramente ha stravolto tutto in una volta. Al contrario, \u00e8 stato perfezionato passo dopo passo.<\/p>\n<p>Dal punto di vista odierno, ci\u00f2 che rende speciali questi dispositivi non sono tanto le loro prestazioni, quanto il loro atteggiamento. Erano stati progettati per essere usati, non per essere continuamente modificati. Questo li distingue chiaramente da molti sistemi PC dell'epoca, dove l'assemblaggio stesso era spesso parte del lavoro.<\/p>\n<p>Ed \u00e8 proprio qui che inizia qualcosa che attraversa la storia dell'Apple: il tentativo di semplificare la tecnologia in modo che si adatti alla vita quotidiana. A volte funziona meglio, a volte peggio. Ma la direzione era chiaramente riconoscibile fin dall'inizio.<\/p>\n<h2>Il mio ingresso nell'Apple - e la prima disillusione<\/h2>\n<p>Il mio ingresso nel mondo dell'Apple \u00e8 stato meno caratterizzato dall'entusiasmo di quanto ci si possa aspettare. \u00c8 stato pi\u00f9 che altro un passo pragmatico, che non mi ha convinto immediatamente. Il mio primo Apple era un Performa 5200, gi\u00e0 dotato di un processore PowerPC all'epoca, quindi sulla carta era pi\u00f9 moderno di molti dei sistemi precedenti.<\/p>\n<p>Le aspettative erano di conseguenza elevate. Nuova architettura, nuove possibilit\u00e0: sembrava un progresso. Ma nella pratica la sensazione era diversa. Il computer non era male. Ma non sembrava pi\u00f9 veloce, piuttosto il contrario. Soprattutto nel confronto diretto con i sistemi pi\u00f9 vecchi, avevo la sensazione che molte cose funzionassero pi\u00f9 lentamente di quanto avrebbero dovuto. \u00c8 difficile dire se ci\u00f2 sia dovuto al software o alla piattaforma ancora immatura. Ma l'impressione \u00e8 rimasta.<\/p>\n<h3>Quadra batte Performa<\/h3>\n<p>Cos\u00ec me ne liberai relativamente in fretta e passai a un Quadra 840AV. Un sistema della generazione precedente, ancora basato sull'architettura 68k. E all'improvviso la sensazione fu completamente diversa. Il computer rispondeva in modo pi\u00f9 diretto, era pi\u00f9 stabile e complessivamente pi\u00f9 fluido. A onor del vero, va detto che il Quadra aveva interfacce SCSI pi\u00f9 veloci per i dischi rigidi rispetto al Performa pi\u00f9 recente (consumer).<\/p>\n<p>\u00c8 un'esperienza che ho ripetuto pi\u00f9 volte in seguito: Nuovo non significa automaticamente migliore. E solo perch\u00e9 qualcosa \u00e8 pi\u00f9 moderno sulla carta, non significa che nella vita di tutti i giorni si senta allo stesso modo.<\/p>\n<p>Ripensandoci, questo \u00e8 stato un punto importante. Ha plasmato la mia visione della tecnologia. Ho imparato a non fidarmi automaticamente di ogni progresso, ma a guardare pi\u00f9 da vicino. Che cosa fa realmente per me? Mi fa sentire meglio? Rende pi\u00f9 facile il mio lavoro? Queste domande mi accompagnano ancora oggi.<\/p>\n<p>E forse questo \u00e8 anche il motivo per cui in seguito ho continuato a passare da un sistema all'altro, senza mai impegnarmi completamente da una parte o dall'altra.<\/p>\n<h2>Evoluzione mobile: la generazione PowerBook<\/h2>\n<p>Quando Apple ha iniziato a sviluppare in modo coerente i suoi computer portatili, non lo ha fatto con grandi balzi, ma con piccoli passi comprensibili. \u00c8 proprio questo che rende la serie PowerBook cos\u00ec interessante ancora oggi. Mostra chiaramente come un concetto possa essere perfezionato nel corso degli anni.<\/p>\n<p><img loading=\"lazy\" decoding=\"async\" class=\"alignnone wp-image-5499 size-full\" src=\"https:\/\/www.markus-schall.de\/wp-content\/uploads\/Apple-OCM-PowerBook.jpg\" alt=\"PowerBook G3 Apple\" width=\"1024\" height=\"683\" srcset=\"https:\/\/www.markus-schall.de\/wp-content\/uploads\/Apple-OCM-PowerBook.jpg 1024w, https:\/\/www.markus-schall.de\/wp-content\/uploads\/Apple-OCM-PowerBook-300x200.jpg 300w, https:\/\/www.markus-schall.de\/wp-content\/uploads\/Apple-OCM-PowerBook-768x512.jpg 768w, https:\/\/www.markus-schall.de\/wp-content\/uploads\/Apple-OCM-PowerBook-18x12.jpg 18w\" sizes=\"auto, (max-width: 1024px) 100vw, 1024px\" \/><\/p>\n<h3>Da esperimento a macchina da lavoro<\/h3>\n<p>I primi PowerBook erano ancora chiaramente riconoscibili come un'estensione mobile del concetto di desktop. Il loro scopo era quello di consentire di fare in mobilit\u00e0 ci\u00f2 che normalmente si faceva alla scrivania. Di conseguenza, erano spesso ancora pesanti, non particolarmente compatti e tecnicamente pi\u00f9 di un compromesso.<\/p>\n<p>Questa situazione ha cominciato lentamente a cambiare con dispositivi come il Wallstreet. Le macchine sono diventate pi\u00f9 robuste, meglio strutturate e in generale pi\u00f9 vicine a quello che oggi chiameremmo \u201evero lavoro mobile\u201c. Non si trattava pi\u00f9 solo di essere mobili, ma di lavorare in modo significativo in mobilit\u00e0.<\/p>\n<h3>Piccoli passi, grande impatto<\/h3>\n<p>Se si osserva l'evoluzione dalla Wallstreet alla Lombard fino alla Pismo, si noter\u00e0 che non \u00e8 cambiato molto all'esterno. Ed \u00e8 proprio qui che risiede il punto di forza. L'Apple non ha reinventato tutto, ma ha migliorato costantemente i concetti esistenti:<\/p>\n<ul>\n<li>Le abitazioni sono diventate pi\u00f9 stabili e allo stesso tempo pi\u00f9 leggere<\/li>\n<li>I collegamenti sono stati disposti in modo pi\u00f9 sensato<\/li>\n<li>Il funzionamento \u00e8 diventato pi\u00f9 chiaro e intuitivo<\/li>\n<\/ul>\n<p>Non si tratta di innovazioni spettacolari. Ma nella vita di tutti i giorni sono proprio questi dettagli a fare la differenza. Il Lombard, spesso messo in ombra dagli altri modelli, appartiene proprio a questa fase di perfezionamento. Sembra poco spettacolare, ma \u00e8 un importante passo intermedio. Infine, con il Pismo, si ha la sensazione che molti di questi sviluppi siano confluiti. Un dispositivo che sembra arrotondato. Non perfetto, ma coerente.<\/p>\n<h3>Evoluzione anzich\u00e9 rivoluzione<\/h3>\n<p>Ci\u00f2 che \u00e8 facilmente trascurato dalla prospettiva odierna: Questi dispositivi non erano intesi come pietre miliari. Erano strumenti. Ed \u00e8 proprio per questo che sono cos\u00ec interessanti. L'Apple non ha cercato di presentare ogni anno qualcosa di completamente nuovo. Al contrario, ha migliorato, adattato e ottimizzato. Un approccio che oggi \u00e8 molto meno comune.<\/p>\n<p>Quando si lavora con questi dispositivi, ci si rende subito conto che sono stati progettati per la continuit\u00e0. Non \u00e8 stato necessario riorientarsi completamente ogni volta. Le cose erano dove ci si aspettava che fossero. Ed \u00e8 proprio questo che crea fiducia.<\/p>\n<h2>L'altra via: Newton, eMate e i primi assistenti digitali<\/h2>\n<p>Parallelamente a questo sviluppo piuttosto classico nel campo dei computer portatili, negli anni '90 Apple ha sperimentato un approccio completamente diverso. Un approccio che per molti aspetti era in anticipo sui tempi, ma che allo stesso tempo non si adattava al mondo di allora.<\/p>\n<p><img loading=\"lazy\" decoding=\"async\" class=\"alignnone wp-image-5500 size-full\" src=\"https:\/\/www.markus-schall.de\/wp-content\/uploads\/Apple-OCM-Newton-eMate.jpg\" alt=\"Apple Newton e eMate\" width=\"1024\" height=\"683\" srcset=\"https:\/\/www.markus-schall.de\/wp-content\/uploads\/Apple-OCM-Newton-eMate.jpg 1024w, https:\/\/www.markus-schall.de\/wp-content\/uploads\/Apple-OCM-Newton-eMate-300x200.jpg 300w, https:\/\/www.markus-schall.de\/wp-content\/uploads\/Apple-OCM-Newton-eMate-768x512.jpg 768w, https:\/\/www.markus-schall.de\/wp-content\/uploads\/Apple-OCM-Newton-eMate-18x12.jpg 18w\" sizes=\"auto, (max-width: 1024px) 100vw, 1024px\" \/><\/p>\n<h3>L'idea alla base del Newton<\/h3>\n<p>Con l'Apple Newton, Apple ha perseguito una visione che oggi sembra quasi ovvia: un assistente digitale personale. Un dispositivo che:<\/p>\n<ul>\n<li>Note gestite<\/li>\n<li>Date organizzate<\/li>\n<li>riconosce le voci scritte a mano<\/li>\n<\/ul>\n<p>Il tutto controllato tramite uno stilo, direttamente sul display. Dalla prospettiva odierna, tutto ci\u00f2 appare familiare. All'epoca era qualcosa di completamente diverso. Non c'erano schemi prestabiliti, n\u00e9 una logica operativa familiare. Bisognava mettersi in gioco.<\/p>\n<h3>Tra aspirazione e realt\u00e0<\/h3>\n<p>L'idea era forte. La realizzazione aveva i suoi limiti. Il riconoscimento della scrittura a mano funzionava, ma non sempre in modo affidabile. I dispositivi erano tecnicamente limitati e il software non era ancora completamente sviluppato. Molti utenti semplicemente non sapevano cosa farne.<\/p>\n<p>Ed \u00e8 proprio qui che emerge uno schema ricorrente nella storia della tecnologia: una buona idea non \u00e8 sufficiente. Deve anche inserirsi nel contesto del suo tempo. In un certo senso, il Newton era troppo in anticipo. Ha anticipato cose che sono diventate veramente adatte all'uso quotidiano solo molti anni dopo.<\/p>\n<h3>L'eMate: un caso speciale per le scuole<\/h3>\n<p>Un dispositivo particolarmente interessante in questo contesto \u00e8 la Apple eMate 300, una calcolatrice semitrasparente di colore verde, appositamente progettata per l'utilizzo nel settore dell'istruzione. Robusta, indipendente, con una chiara attenzione all'uso pratico.<\/p>\n<p>Quando lo si prende in mano oggi, sembra quasi un precursore degli elettrodomestici moderni. Non per le sue prestazioni, ma per il suo concetto. Compatto, concentrato, ridotto. E allo stesso tempo si sente che proviene da un'epoca in cui molte cose erano ancora in fase di sperimentazione.<\/p>\n<h3>Uno sguardo dal punto di vista di oggi<\/h3>\n<p>Guardando al passato, il Newton non \u00e8 tanto un prodotto fallito quanto un primo tentativo di stabilire un nuovo tipo di interazione. Molte idee sono tornate oggi:<\/p>\n<ul>\n<li>Funzionamento della penna<\/li>\n<li>Scrittura a mano<\/li>\n<li>Sistemi di assistenza personale<\/li>\n<\/ul>\n<p>La differenza \u00e8 che oggi la tecnologia \u00e8 cos\u00ec avanzata che queste idee possono essere realizzate in modo affidabile.<br \/>\nEd \u00e8 proprio per questo che vale la pena di guardare al passato. Non per dire che in passato tutto fosse migliore. Ma per riconoscere che molte delle cose che oggi diamo per scontate un tempo erano un esperimento.<\/p>\n<h2>Un dettaglio raro: il Notephone Siemens<\/h2>\n<p>Oltre a tutti i dispositivi gi\u00e0 noti o almeno gi\u00e0 visti, ci sono sempre dei pezzi che si distinguono. Dispositivi che non erano destinati al mercato di massa o che esistono solo in piccole quantit\u00e0. Il mio Notephone Siemens \u00e8 un dispositivo di questo tipo.<\/p>\n<p><img loading=\"lazy\" decoding=\"async\" class=\"alignnone wp-image-5501 size-full\" src=\"https:\/\/www.markus-schall.de\/wp-content\/uploads\/Apple-OCM-Siemens-Notephone.jpg\" alt=\"Siemens Notephone\" width=\"1024\" height=\"683\" srcset=\"https:\/\/www.markus-schall.de\/wp-content\/uploads\/Apple-OCM-Siemens-Notephone.jpg 1024w, https:\/\/www.markus-schall.de\/wp-content\/uploads\/Apple-OCM-Siemens-Notephone-300x200.jpg 300w, https:\/\/www.markus-schall.de\/wp-content\/uploads\/Apple-OCM-Siemens-Notephone-768x512.jpg 768w, https:\/\/www.markus-schall.de\/wp-content\/uploads\/Apple-OCM-Siemens-Notephone-18x12.jpg 18w\" sizes=\"auto, (max-width: 1024px) 100vw, 1024px\" \/><\/p>\n<h3>Un approccio insolito<\/h3>\n<p>A prima vista, il dispositivo appare poco appariscente. Non c'\u00e8 il tipico design Apple, n\u00e9 un logo che catturi immediatamente l'attenzione. C'\u00e8 invece la scritta Siemens. Ed \u00e8 proprio questo che lo rende interessante. Al suo interno si trova una tecnologia strettamente legata all'Apple Newton. Una combinazione che non si trova spesso. La tecnologia Apple in un alloggiamento diverso, progettato per un'area di applicazione speciale.<\/p>\n<p>Il notephone non \u00e8 quindi un classico dispositivo Apple, ma lo \u00e8 allo stesso tempo. Si colloca a met\u00e0 strada tra i due mondi. Ed \u00e8 proprio per questo che si inserisce cos\u00ec bene in questo articolo.<\/p>\n<p>Quando si prende in mano il dispositivo, ci si rende immediatamente conto che proviene da un'altra epoca. I materiali, la lavorazione, persino il peso: tutto sembra diverso dai dispositivi di oggi.<\/p>\n<p>Come per il Newton, si utilizza uno stilo. Scrivere, digitare, navigare: tutto avviene direttamente sulla superficie. Oggi tutto questo sembra familiare, ma all'epoca era tutt'altro che scontato.<\/p>\n<p>Ed \u00e8 qui che emerge una cosa interessante: molte cose che oggi percepiamo come progresso esistevano gi\u00e0 nella loro forma di base decenni fa. Solo non cos\u00ec sofisticate, non cos\u00ec veloci e non cos\u00ec affidabili. Tuttavia, il principio funziona. Si pu\u00f2 lavorare con esso. Si capisce qual \u00e8 l'idea alla base. E questo spesso vale pi\u00f9 di una tecnologia perfetta.<\/p>\n<h3>Un pezzo che rimane<\/h3>\n<p>Ci\u00f2 che rende speciale questo dispositivo per me non \u00e8 solo la sua rarit\u00e0. \u00c8 la combinazione di storia tecnica e legame personale. Non \u00e8 un dispositivo che si sostituisce semplicemente. \u00c8 un dispositivo che si conserva. Forse perch\u00e9 dimostra quante strade ci sono state nello sviluppo. E quante di queste sono oggi quasi dimenticate.<\/p>\n<h2>Apple scoperto Design<\/h2>\n<p>Con il passaggio alla fine degli anni '90 e all'inizio del 2000, qualcosa di fondamentale \u00e8 cambiato in Apple. La tecnologia rimane importante, ma passa sempre pi\u00f9 in secondo piano. Al centro della scena c'\u00e8 invece qualcos'altro:<\/p>\n<p>Design.<\/p>\n<p><img loading=\"lazy\" decoding=\"async\" class=\"alignnone size-large wp-image-5502\" src=\"https:\/\/www.markus-schall.de\/wp-content\/uploads\/Apple-OCM-Cube-G4.jpg\" alt=\"\" width=\"1024\" height=\"683\" srcset=\"https:\/\/www.markus-schall.de\/wp-content\/uploads\/Apple-OCM-Cube-G4.jpg 1024w, https:\/\/www.markus-schall.de\/wp-content\/uploads\/Apple-OCM-Cube-G4-300x200.jpg 300w, https:\/\/www.markus-schall.de\/wp-content\/uploads\/Apple-OCM-Cube-G4-768x512.jpg 768w, https:\/\/www.markus-schall.de\/wp-content\/uploads\/Apple-OCM-Cube-G4-18x12.jpg 18w\" sizes=\"auto, (max-width: 1024px) 100vw, 1024px\" \/><\/p>\n<h3>Il momento in cui la tecnologia diventa visibile<\/h3>\n<p>Un buon esempio \u00e8 il Power Mac G4 Cube. Un computer che assomiglia meno a uno strumento di lavoro e pi\u00f9 a un oggetto. Linee chiare, elementi trasparenti, una forma che non \u00e8 solo funzionale, ma deliberatamente progettata. Quando lo si guarda, ci si rende subito conto che non si tratta solo di ci\u00f2 che il dispositivo pu\u00f2 fare. Si tratta anche del suo aspetto.<\/p>\n<p>All'epoca non era una cosa scontata. Molti computer erano funzionali ma di secondaria importanza in termini di design. Apple ha adottato un approccio diverso. Il Cube G4 \u00e8 persino in mostra al New York's <a href=\"https:\/\/www.moma.org\" target=\"_blank\" rel=\"noopener\">Museo d'Arte Moderna<\/a> emesso.<\/p>\n<h3>La forma non segue solo la funzione<\/h3>\n<p>Naturalmente il Cubo soddisfa il suo scopo. Ma lo fa in un modo che va oltre l'aspetto puramente tecnico. L'alloggiamento, i materiali, il modo in cui \u00e8 costruito il dispositivo: tutto sembra ben studiato. Quasi minimalista. E allo stesso tempo accattivante.<\/p>\n<p>\u00c8 discutibile se questo approccio abbia sempre senso. Il Cubo non era un prodotto di massa. Era pi\u00f9 che altro una dichiarazione. Ed \u00e8 proprio questo che lo rende interessante oggi.<\/p>\n<h3>Una nuova direzione<\/h3>\n<p>Con dispositivi come il Cube e i sistemi Power Mac G4, \u00e8 chiaro che Apple sta iniziando a pensare alla tecnologia in modo diverso. Non pi\u00f9 solo come strumento, ma come parte dell'ambiente. Come qualcosa che pu\u00f2 essere visibile. \u00c8 un approccio che continua ancora oggi. A volte pi\u00f9 forte, a volte pi\u00f9 debole. Ma la direzione \u00e8 stata chiaramente stabilita in quel momento.<\/p>\n<p>E quando si osservano i dispositivi di questa fase, ci si rende conto che \u00e8 emerso qualcosa che va oltre i singoli prodotti. Un atteggiamento che non nasconde la tecnologia, ma la plasma consapevolmente.<\/p>\n<h2>Passaggio al mondo moderno dell'Apple<\/h2>\n<p>I primi anni 2000 segnano l'inizio di una fase in cui Apple non solo sviluppa ulteriormente i suoi dispositivi dal punto di vista tecnico, ma li rende anche molto pi\u00f9 accessibili. Molte cose appaiono pi\u00f9 arrotondate, pi\u00f9 amichevoli e meno tecniche in senso classico. Un buon esempio \u00e8 l'iBook G4.<\/p>\n<p><img loading=\"lazy\" decoding=\"async\" class=\"alignnone wp-image-5503 size-full\" src=\"https:\/\/www.markus-schall.de\/wp-content\/uploads\/Apple-OCM-iBook.jpg\" alt=\"Apple iBook G4\" width=\"1024\" height=\"683\" srcset=\"https:\/\/www.markus-schall.de\/wp-content\/uploads\/Apple-OCM-iBook.jpg 1024w, https:\/\/www.markus-schall.de\/wp-content\/uploads\/Apple-OCM-iBook-300x200.jpg 300w, https:\/\/www.markus-schall.de\/wp-content\/uploads\/Apple-OCM-iBook-768x512.jpg 768w, https:\/\/www.markus-schall.de\/wp-content\/uploads\/Apple-OCM-iBook-18x12.jpg 18w\" sizes=\"auto, (max-width: 1024px) 100vw, 1024px\" \/><\/p>\n<p>Mentre i PowerBook precedenti erano chiaramente pensati come strumenti per gruppi specifici, l'iBook si rivolge pi\u00f9 all'uso quotidiano. \u00c8 meno \u201eprofessionale\u201c nel senso classico del termine, ma pi\u00f9 vicino a ci\u00f2 di cui molte persone hanno effettivamente bisogno.<\/p>\n<p>La forma \u00e8 pi\u00f9 morbida, i materiali pi\u00f9 accessibili, l'aspetto generale meno tecnico. Il dispositivo non sembra pi\u00f9 qualcosa che si deve faticare per ottenere, ma qualcosa che si usa semplicemente.<\/p>\n<p>E questo \u00e8 un passo importante. In questa fase, i computer stanno diventando sempre pi\u00f9 parte della vita quotidiana, non solo per gli specialisti, ma per una vasta gamma di utenti.<\/p>\n<h3>Continuit\u00e0 nel cambiamento<\/h3>\n<p>Nonostante questa nuova direzione, molto di ci\u00f2 che l'Apple ha costruito in precedenza rimane. La struttura chiara, il funzionamento semplice, l'idea di un sistema chiuso: tutto questo \u00e8 ancora presente. \u00c8 cambiato solo l'imballaggio.<\/p>\n<p>L'iBook G4 si trova quindi a met\u00e0 strada tra due mondi. \u00c8 ancora chiaramente riconoscibile come un prodotto del suo tempo, ma contiene gi\u00e0 molti elementi che in seguito diventeranno scontati.<\/p>\n<p>Quando ci si lavora, ci si rende conto che qui sta nascendo qualcosa. Non perfetto, non definitivo, ma coerente. Ed \u00e8 proprio questo che rende questa transizione cos\u00ec interessante.<\/p>\n<hr \/>\n<h3>Indagine in corso sull'uso dei sistemi di intelligenza artificiale locali<\/h3>\n<div class='bootstrap-yop yop-poll-mc'>\n\t\t\t\t\t\t\t<div class=\"basic-yop-poll-container\" style=\"background-color:#ffffff; border:0px; border-style:solid; border-color:#000000; border-radius:5px; padding:0px 5px;\" data-id=\"9\" data-temp=\"basic-pretty\" data-skin=\"square\" data-cscheme=\"blue\" data-cap=\"0\" data-access=\"guest\" data-tid=\"\" data-uid=\"4e7709a1f5afe621760bbd46b5acf0d2\" data-pid=\"3152\" data-resdet=\"votes-number,percentages\" data-show-results-to=\"guest\" data-show-results-moment=\"after-vote\" data-show-results-only=\"false\" data-show-message=\"true\" data-show-results-as=\"bar\" data-sort-results-by=\"as-defined\" data-sort-results-rule=\"asc\"data-is-ended=\"0\" data-percentages-decimals=\"2\" data-gdpr=\"no\" data-gdpr-sol=\"consent\" data-css=\".basic-yop-poll-container[data-uid] .basic-vote {\t\t\t\t\t\t\t\t\ttext-align: center;\t\t\t\t\t\t\t\t}\" data-counter=\"0\" data-load-with=\"1\" data-notification-section=\"top\"><div class=\"row\"><div class=\"col-md-12\"><div class=\"basic-inner\"><div class=\"basic-message hide\" style=\"border-left: 10px solid #008000; padding: 0px 10px;\" data-error=\"#ff0000\" data-success=\"#008000\"><p class=\"basic-message-text\" style=\"color:#000000; font-size:14px; font-weight:normal;\"><\/p><\/div><div class=\"basic-overlay hide\"><div class=\"basic-vote-options\"><\/div><div class=\"basic-preloader\"><div class=\"basic-windows8\"><div class=\"basic-wBall basic-wBall_1\"><div class=\"basic-wInnerBall\"><\/div><\/div><div class=\"basic-wBall basic-wBall_2\"><div class=\"basic-wInnerBall\"><\/div><\/div><div class=\"basic-wBall basic-wBall_3\"><div class=\"basic-wInnerBall\"><\/div><\/div><div class=\"basic-wBall basic-wBall_4\"><div class=\"basic-wInnerBall\"><\/div><\/div><div class=\"basic-wBall basic-wBall_5\"><div class=\"basic-wInnerBall\"><\/div><\/div><\/div><\/div><\/div><form class=\"basic-form\" action=\"\"><input type=\"hidden\" name=\"_token\" value=\"571ac06c87\" autocomplete=\"off\"><div class=\"basic-elements\"><div class=\"basic-element basic-question basic-question-text-vertical\" data-id=\"9\" data-uid=\"e11dfa9e3a886e47016c0f51418c041d\" data-type=\"question\" data-question-type=\"text\" data-required=\"yes\" data-allow-multiple=\"no\" data-min=\"1\" data-max=\"7\" data-display=\"vertical\" data-colnum=\"\" data-display-others=\"no\" data-others-color=\"\" data-others=\"\" data-others-max-chars=\"0\"><div class=\"basic-question-title\"><h5 style=\"color:#000000; font-size:16px; font-weight:normal; text-align:left;\">Cosa ne pensate del software di intelligenza artificiale in esecuzione locale, come MLX o Ollama?<\/h5><\/div><ul class=\"basic-answers\"><li class=\"basic-answer\" style=\"padding:0px 0px;\" data-id=\"45\" data-type=\"text\" data-vn=\"138\" data-color=\"#000000\" data-make-link=\"no\" data-link=\"\"><div class=\"basic-answer-content basic-text-vertical\"><label for=\"answer[45]\" class=\"basic-answer-label\"><input type=\"radio\" id=\"answer[45]\" name=\"answer[9]\" value=\"45\"><span class=\"basic-text\" style=\"color: #000000; font-size: 14px; font-weight: normal;\">Ingenious - finalmente indipendente dal cloud<\/span><\/label><\/div><\/li><li class=\"basic-answer\" style=\"padding:0px 0px;\" data-id=\"46\" data-type=\"text\" data-vn=\"25\" data-color=\"#000000\" data-make-link=\"no\" data-link=\"\"><div class=\"basic-answer-content basic-text-vertical\"><label for=\"answer[46]\" class=\"basic-answer-label\"><input type=\"radio\" id=\"answer[46]\" name=\"answer[9]\" value=\"46\"><span class=\"basic-text\" style=\"color: #000000; font-size: 14px; font-weight: normal;\">Interessante, ma (ancora) troppo complicato<\/span><\/label><\/div><\/li><li class=\"basic-answer\" style=\"padding:0px 0px;\" data-id=\"47\" data-type=\"text\" data-vn=\"28\" data-color=\"#000000\" data-make-link=\"no\" data-link=\"\"><div class=\"basic-answer-content basic-text-vertical\"><label for=\"answer[47]\" class=\"basic-answer-label\"><input type=\"radio\" id=\"answer[47]\" name=\"answer[9]\" value=\"47\"><span class=\"basic-text\" style=\"color: #000000; font-size: 14px; font-weight: normal;\">Lo prover\u00f2 presto<\/span><\/label><\/div><\/li><li class=\"basic-answer\" style=\"padding:0px 0px;\" data-id=\"48\" data-type=\"text\" data-vn=\"5\" data-color=\"#000000\" data-make-link=\"no\" data-link=\"\"><div class=\"basic-answer-content basic-text-vertical\"><label for=\"answer[48]\" class=\"basic-answer-label\"><input type=\"radio\" id=\"answer[48]\" name=\"answer[9]\" value=\"48\"><span class=\"basic-text\" style=\"color: #000000; font-size: 14px; font-weight: normal;\">Non ne ho bisogno: il cloud \u00e8 sufficiente per me.<\/span><\/label><\/div><\/li><li class=\"basic-answer\" style=\"padding:0px 0px;\" data-id=\"49\" data-type=\"text\" data-vn=\"4\" data-color=\"#000000\" data-make-link=\"no\" data-link=\"\"><div class=\"basic-answer-content basic-text-vertical\"><label for=\"answer[49]\" class=\"basic-answer-label\"><input type=\"radio\" id=\"answer[49]\" name=\"answer[9]\" value=\"49\"><span class=\"basic-text\" style=\"color: #000000; font-size: 14px; font-weight: normal;\">Non so esattamente di cosa si tratti.<\/span><\/label><\/div><\/li><\/ul><\/div><div class=\"clearfix\"><\/div><\/div><div class=\"basic-vote\"><a href=\"#\" class=\"button basic-vote-button\" role=\"button\" style=\"background:#027bb8; border:0px; border-style: solid; border-color:#000000; border-radius:5px; padding:10px 10px; color:#ffffff; font-size:14px; font-weight:normal;\">Voto<\/a><\/div><input type=\"hidden\" name=\"trp-form-language\" value=\"it\"\/><\/form><\/div><\/div><\/div><\/div>\n\t\t\t\t\t\t<\/div>\n<hr \/>\n<h2>Il mio percorso - tra Apple e Windows<\/h2>\n<p>Guardando indietro a questo sviluppo, sarebbe facile pensare che il percorso sia stato semplice. Una volta che si decide a favore di un sistema, lo si segue. In pratica, le cose sono spesso diverse. Nel corso degli anni, sono passato ripetutamente dall'Apple a Windows. Non per convinzione a favore di uno o contro l'altro, ma per ragioni pratiche.<\/p>\n<p>Per molto tempo, Windows \u00e8 stato lo standard in molti settori. Chiunque lavorasse in certi ambienti non poteva farne a meno. Di conseguenza, mi sono familiarizzato intensamente con esso, comprese le attivit\u00e0 amministrative e le relative certificazioni. Non si \u00e8 trattato di una fase di transizione, ma di una parte integrante del mio lavoro.<\/p>\n<h3>L'esperienza al posto del pensiero comune<\/h3>\n<p>\u00c8 proprio questo cambiamento tra i sistemi che crea una prospettiva diversa. Si vedono punti di forza e di debolezza da entrambe le parti. E, in una certa misura, si perde la tendenza a giudicare le cose in modo radicale.<\/p>\n<p>Non esiste un sistema \u201egiusto\u201c. Ci sono strumenti pi\u00f9 o meno adatti a determinati compiti. Questa consapevolezza non deriva dalla teoria, ma dall'uso.<\/p>\n<div class=\"lyte-wrapper\" style=\"width:640px;max-width:100%;margin:5px;\"><div class=\"lyMe\" id=\"WYL_--MrJc3Fxzk\"><div id=\"lyte_--MrJc3Fxzk\" data-src=\"https:\/\/www.markus-schall.de\/wp-content\/plugins\/wp-youtube-lyte\/lyteCache.php?origThumbUrl=%2F%2Fi.ytimg.com%2Fvi%2F--MrJc3Fxzk%2Fhqdefault.jpg\" class=\"pL\"><div class=\"tC\"><div class=\"tT\"><\/div><\/div><div class=\"play\"><\/div><div class=\"ctrl\"><div class=\"Lctrl\"><\/div><div class=\"Rctrl\"><\/div><\/div><\/div><noscript><a href=\"https:\/\/youtu.be\/--MrJc3Fxzk\" rel=\"nofollow noopener\" target=\"_blank\"><img loading=\"lazy\" decoding=\"async\" src=\"https:\/\/www.markus-schall.de\/wp-content\/plugins\/wp-youtube-lyte\/lyteCache.php?origThumbUrl=https%3A%2F%2Fi.ytimg.com%2Fvi%2F--MrJc3Fxzk%2F0.jpg\" alt=\"Miniatura del video di YouTube\" width=\"640\" height=\"340\" \/><br \/>Guarda questo video su YouTube<\/a><\/noscript><\/div><\/div><div class=\"lL\" style=\"max-width:100%;width:640px;margin:5px;\"><\/div><br \/>\nLa storia mozzafiato di Steve Jobs (Apple, Pixar, NeXT). <a href=\"https:\/\/www.youtube.com\/@BiographerDE\" target=\"_blank\" rel=\"nofollow noopener\">Biografo_IT<\/a><\/p>\n<h3>Tornare all'Apple - e rimanere<\/h3>\n<p>Nonostante questi cambiamenti, c'\u00e8 stata una chiara evoluzione nel tempo. Da circa vent'anni lavoro costantemente con i sistemi Apple. Non perch\u00e9 tutto sia perfetto. Ma perch\u00e9 per me funziona meglio nel quadro generale.<\/p>\n<p>La combinazione di hardware e software, la stabilit\u00e0 nell'uso quotidiano, il modo in cui i dispositivi si inseriscono nel flusso di lavoro: sono elementi che si sono affermati nel corso degli anni. Allo stesso tempo, l'esperienza del mondo Windows rimane sullo sfondo. In questo modo si evita di dare tutto per scontato.<\/p>\n<p>E forse \u00e8 proprio questo il punto: non \u00e8 la decisione a favore di un sistema a essere decisiva, ma l'esperienza di aver conosciuto entrambe le parti.<\/p>\n<h2>Importanti pietre miliari dell'Apple dal 1985 ad oggi<\/h2>\n<div style=\"overflow-x: auto;\">\n<table style=\"border-collapse: collapse; width: 100%;\">\n<tbody>\n<tr style=\"background-color: #f2f2f2;\">\n<th style=\"padding: 8px; text-align: left;\">Anno<\/th>\n<th style=\"padding: 8px; text-align: left;\">Dispositivo<\/th>\n<th style=\"padding: 8px; text-align: left;\">Significato \/ categorizzazione<\/th>\n<\/tr>\n<tr>\n<td style=\"padding: 8px;\"><strong>1985<\/strong><\/td>\n<td style=\"padding: 8px;\">Macintosh 512K<\/td>\n<td style=\"padding: 8px;\">Espansione del primo concetto di Macintosh, base per le interfacce grafiche della vita quotidiana.<\/td>\n<\/tr>\n<tr>\n<td style=\"padding: 8px;\"><strong>1990<\/strong><\/td>\n<td style=\"padding: 8px;\">Macintosh classico<\/td>\n<td style=\"padding: 8px;\">Un ingresso compatto e accessibile nel mondo Macintosh, un approccio all-in-one per ampi gruppi di utenti.<\/td>\n<\/tr>\n<tr>\n<td style=\"padding: 8px;\"><strong>1991<\/strong><\/td>\n<td style=\"padding: 8px;\">PowerBook 100<\/td>\n<td style=\"padding: 8px;\">Giustifica la forma moderna del laptop con la trackball centrale e il design compatto.<\/td>\n<\/tr>\n<tr>\n<td style=\"padding: 8px;\"><strong>1993<\/strong><\/td>\n<td style=\"padding: 8px;\">Apple Newton<\/td>\n<td style=\"padding: 8px;\">Un primo tentativo di assistente digitale con funzionamento a penna e riconoscimento della scrittura.<\/td>\n<\/tr>\n<tr>\n<td style=\"padding: 8px;\"><strong>1998<\/strong><\/td>\n<td style=\"padding: 8px;\">iMac G3<\/td>\n<td style=\"padding: 8px;\">Il rilancio dell'Apple, con un'attenzione particolare al design e alla facilit\u00e0 d'uso, caratterizza il marchio a lungo termine.<\/td>\n<\/tr>\n<tr>\n<td style=\"padding: 8px;\"><strong>2000<\/strong><\/td>\n<td style=\"padding: 8px;\">Power Mac G4 Cube<\/td>\n<td style=\"padding: 8px;\">Desktop orientato al design, Apple dimostra la pretesa di progettare la tecnologia come un oggetto.<\/td>\n<\/tr>\n<tr>\n<td style=\"padding: 8px;\"><strong>2001<\/strong><\/td>\n<td style=\"padding: 8px;\">iPod<\/td>\n<td style=\"padding: 8px;\">L'inizio dell'espansione dell'Apple oltre il computer caratterizza il mondo della musica digitale.<\/td>\n<\/tr>\n<tr>\n<td style=\"padding: 8px;\"><strong>2006<\/strong><\/td>\n<td style=\"padding: 8px;\">MacBook Pro (Intel)<\/td>\n<td style=\"padding: 8px;\">Passaggio da PowerPC a Intel, passo importante per le prestazioni e la compatibilit\u00e0.<\/td>\n<\/tr>\n<tr>\n<td style=\"padding: 8px;\"><strong>2007<\/strong><\/td>\n<td style=\"padding: 8px;\">iPhone<\/td>\n<td style=\"padding: 8px;\">Rivoluziona l'uso della telefonia mobile, combinando telefono, internet e applicazioni in un unico dispositivo.<\/td>\n<\/tr>\n<tr>\n<td style=\"padding: 8px;\"><strong>2010<\/strong><\/td>\n<td style=\"padding: 8px;\">iPad<\/td>\n<td style=\"padding: 8px;\">Stabilisce che i tablet sono una categoria di dispositivi separata tra gli smartphone e i computer portatili.<\/td>\n<\/tr>\n<tr>\n<td style=\"padding: 8px;\"><strong>2020<\/strong><\/td>\n<td style=\"padding: 8px;\">MacBook con M1<\/td>\n<td style=\"padding: 8px;\">Lancio di Apple Silicon, alta efficienza e prestazioni grazie all'architettura proprietaria del processore.<\/td>\n<\/tr>\n<tr>\n<td style=\"padding: 8px;\"><strong>2023<\/strong><\/td>\n<td style=\"padding: 8px;\">Mac con M3<\/td>\n<td style=\"padding: 8px;\">Ulteriore sviluppo dei chip Apple, aumento delle prestazioni e focus sull'elaborazione locale dell'intelligenza artificiale.<\/td>\n<\/tr>\n<\/tbody>\n<\/table>\n<\/div>\n<h2>Apple oggi - tra entusiasmo e distanza<\/h2>\n<p>Quando si \u00e8 coinvolti in una piattaforma per molti anni, la visione che se ne ha cambia. Ci\u00f2 che all'inizio poteva essere caratterizzato da curiosit\u00e0 o entusiasmo, col tempo diventa pi\u00f9 calmo. Pi\u00f9 sobrio. E spesso pi\u00f9 differenziato.<\/p>\n<p>Lavoro con i sistemi Apple da molti anni. I dispositivi che utilizzo sono tecnicamente aggiornati, potenti e affidabili nell'uso quotidiano. Questo \u00e8 un aspetto.<\/p>\n<p>L'altro \u00e8 che il mio rapporto con l'Apple \u00e8 cambiato nel tempo. Non \u00e8 pi\u00f9 un entusiasmo acritico. \u00c8 pi\u00f9 un rapporto di amore-odio. La Apple costruisce ancora ottimi prodotti. Su questo non ci sono dubbi. Ma allo stesso tempo l'azienda \u00e8 diventata molto pi\u00f9 commerciale. I processi sono pi\u00f9 standardizzati, le decisioni sembrano meno giocose e meno sperimentali di prima.<\/p>\n<p>Non \u00e8 un'accusa. \u00c8 un'evoluzione che si pu\u00f2 osservare in molte grandi aziende. Ma \u00e8 evidente.<\/p>\n<h3>\u201eMai cambiare un sistema in funzione\u201c<\/h3>\n<p>Un punto che \u00e8 diventato sempre pi\u00f9 importante nella mia vita quotidiana \u00e8 l'uso consapevole degli aggiornamenti. Il vecchio principio <em>\u201eMai cambiare un sistema in funzione\u201c<\/em> risale a un'epoca in cui sembrava che Windows 95 fosse stato installised per la centesima volta. Ma in sostanza \u00e8 ancora valido oggi.<\/p>\n<p>Non ho un grande desiderio di installiere immediatamente ogni nuovo sistema operativo. Se un sistema \u00e8 stabile, lo lascio funzionare. E finch\u00e9 ha senso. Questa cultura dell'aggiornamento permanente, questo continuo \u201ec'\u00e8 di nuovo qualcosa di nuovo\u201c, non si adatta al mio modo di lavorare. Ho bisogno di sistemi su cui poter contare, non di sistemi che cambiano continuamente.<\/p>\n<p>Ecco perch\u00e9 spesso rimango deliberatamente indietro quando si tratta di sistemi operativi. Non per ignoranza, ma per esperienza.<\/p>\n<h3>\u201eL'Apple non \u00e8 vostro amico\u201c.\u201c<\/h3>\n<p>Durante la mia attivit\u00e0 di rivenditore di Apple, c'era una frase che continuava ad essere pronunciata: <em>\u201eL'Apple non \u00e8 vostro amico\u201c.\u201c<\/em><\/p>\n<p>Questa affermazione sembra dura all'inizio, ma in realt\u00e0 \u00e8 una constatazione molto sobria. Le grandi aziende non agiscono per vicinanza personale, ma per interessi economici. Questo non \u00e8 n\u00e9 buono n\u00e9 cattivo: \u00e8 semplicemente la realt\u00e0.<\/p>\n<p>Se si capisce questo, \u00e8 pi\u00f9 facile classificare le cose. Si hanno meno aspettative e si \u00e8 pi\u00f9 consapevoli dei propri punti di forza.<\/p>\n<h3>Cambiamento invece di perdita<\/h3>\n<p>Si potrebbe dire che una volta c'era pi\u00f9 attenzione ai dettagli in molti prodotti. Forse \u00e8 anche vero. Ma forse sembra cos\u00ec solo perch\u00e9 allora molte cose erano nuove.<\/p>\n<p>Oggi molte cose sono pi\u00f9 standardizzate. I processi sono pi\u00f9 chiari, i prodotti pi\u00f9 strutturati. Tutto ci\u00f2 pu\u00f2 essere criticato, ma presenta anche dei vantaggi. I dispositivi sono potenti, affidabili e sorprendentemente ben studiati in molti settori.<\/p>\n<p>Ci\u00f2 che attualmente riconosco alla Apple \u00e8 il suo orientamento strategico. Con i propri processori Silicon, Apple ha intrapreso un percorso chiaramente diverso da molti altri. Le prestazioni sono elevate, l'integrazione \u00e8 stretta e, in particolare, nell'area del <a href=\"https:\/\/www.markus-schall.de\/it\/2025\/08\/locale-sul-mac-come-questo-1tp12per-creare-un-modello-linguistico-con-ollama\/\"><strong>AI locale<\/strong><\/a> Sta emergendo qualcosa che probabilmente diventer\u00e0 molto importante nel lungo periodo.<\/p>\n<p>Credo che l'Apple svolger\u00e0 un ruolo importante in questo settore nei prossimi anni. Non necessariamente attraverso singoli prodotti spettacolari, ma attraverso un ulteriore sviluppo coerente.<\/p>\n<p>E forse questo si adatta bene a ci\u00f2 che si legge in questo articolo: meno grandi balzi, pi\u00f9 sviluppo continuo.<\/p>\n<h3>Documentario SWR: 50 anni di Apple tra visione e controllo<\/h3>\n<p>Il nuovo documentario di SWR ripercorre il percorso dell'Apple dagli inizi negli anni '70 alla societ\u00e0 globale che \u00e8 oggi, aggiungendo una dimensione sociale alla storia della tecnologia. L'attenzione si concentra sullo sviluppo da un controprogetto ribelle a un gigante tecnologico affermato. Il documentario fa luce sull'ascesa di Steve Jobs, sulla sua visione intransigente e sulle tensioni interne che hanno caratterizzato Apple.<\/p>\n<div class=\"lyte-wrapper\" style=\"width:640px;max-width:100%;margin:5px;\"><div class=\"lyMe\" id=\"WYL_2RHDPABWqL0\"><div id=\"lyte_2RHDPABWqL0\" data-src=\"https:\/\/www.markus-schall.de\/wp-content\/plugins\/wp-youtube-lyte\/lyteCache.php?origThumbUrl=%2F%2Fi.ytimg.com%2Fvi%2F2RHDPABWqL0%2Fhqdefault.jpg\" class=\"pL\"><div class=\"tC\"><div class=\"tT\"><\/div><\/div><div class=\"play\"><\/div><div class=\"ctrl\"><div class=\"Lctrl\"><\/div><div class=\"Rctrl\"><\/div><\/div><\/div><noscript><a href=\"https:\/\/youtu.be\/2RHDPABWqL0\" rel=\"nofollow noopener\" target=\"_blank\"><img loading=\"lazy\" decoding=\"async\" src=\"https:\/\/www.markus-schall.de\/wp-content\/plugins\/wp-youtube-lyte\/lyteCache.php?origThumbUrl=https%3A%2F%2Fi.ytimg.com%2Fvi%2F2RHDPABWqL0%2F0.jpg\" alt=\"Miniatura del video di YouTube\" width=\"640\" height=\"340\" \/><br \/>Guarda questo video su YouTube<\/a><\/noscript><\/div><\/div><div class=\"lL\" style=\"max-width:100%;width:640px;margin:5px;\"><\/div><br \/>\n50 anni di Apple: come l'azienda produttrice di iPhone ha cambiato il mondo. <a href=\"https:\/\/www.youtube.com\/channel\/UCK6jlnWA8t-XgUxwZJJHkQA\" target=\"_blank\" rel=\"nofollow noopener\">Documentario SWR<\/a><\/p>\n<p>Allo stesso tempo, diventa chiaro quanto le influenze europee, ad esempio nel design e nella tipografia, abbiano contribuito all'identit\u00e0 dell'azienda. I testimoni contemporanei raccontano in prima persona i primi anni e le dinamiche all'interno dei team. Particolarmente interessante \u00e8 la domanda critica se la tecnologia, un tempo vista come liberatoria, oggi contribuisca sempre pi\u00f9 al controllo. Il documentario amplia cos\u00ec la prospettiva storica per includere una categorizzazione sociale attuale.<\/p>\n<h2>Il museo e uno sguardo al passato<\/h2>\n<p><a href=\"https:\/\/computermuseum-oldenburg.de\" target=\"_blank\" rel=\"noopener\"><img loading=\"lazy\" decoding=\"async\" class=\"alignleft wp-image-5483\" src=\"https:\/\/www.markus-schall.de\/wp-content\/uploads\/OCM-Logo_2014_CS5_ohne_gruen-205x300.png\" alt=\"Museo del computer di Oldenburg\" width=\"136\" height=\"200\" srcset=\"https:\/\/www.markus-schall.de\/wp-content\/uploads\/OCM-Logo_2014_CS5_ohne_gruen-205x300.png 205w, https:\/\/www.markus-schall.de\/wp-content\/uploads\/OCM-Logo_2014_CS5_ohne_gruen-8x12.png 8w, https:\/\/www.markus-schall.de\/wp-content\/uploads\/OCM-Logo_2014_CS5_ohne_gruen.png 409w\" sizes=\"auto, (max-width: 136px) 100vw, 136px\" \/><\/a>La visione di questi dispositivi non \u00e8 solo teorica. Pu\u00f2 essere vissuta in prima persona - al Museo del Computer di Oldenburg. La mostra sull'Apple al museo sar\u00e0 aperta il <strong>04 aprile 2026 apertura alle ore 16.00<\/strong> e durer\u00e0 fino a settembre 2026.<\/p>\n<p>In questo modo si ha tutto il tempo di dare un'occhiata allo sviluppo in loco, in tutta tranquillit\u00e0 e senza fretta. Vale la pena prendersi il tempo necessario, soprattutto in occasione di mostre come questa. Non si vuole afferrare tutto subito, ma lasciare che i singoli dispositivi abbiano un effetto su di voi.<\/p>\n<h3>Pi\u00f9 che guardare<\/h3>\n<p>Oltre alla mostra, ci sono offerte regolari:<\/p>\n<ul>\n<li><strong>Visite guidate pubbliche<\/strong> ogni venerd\u00ec dalle 17 alle 19, dal 17 aprile 2026<\/li>\n<li><strong>Apple-Talks<\/strong> ogni secondo mercoled\u00ec dalle 18.00 alle 20.00, a partire dal 15 aprile 2026.<\/li>\n<\/ul>\n<p>Sono occasioni in cui non solo si vede, ma si capisce anche. Ed \u00e8 spesso in queste conversazioni che nascono interessanti categorizzazioni.<\/p>\n<h3>Storia della tecnologia da toccare con mano - il Museo del computer di Oldenburg<\/h3>\n<p><img loading=\"lazy\" decoding=\"async\" class=\"alignnone size-full wp-image-5485\" src=\"https:\/\/www.markus-schall.de\/wp-content\/uploads\/OCM-Ausstellung-Panorama.jpg\" alt=\"\" width=\"1600\" height=\"435\" srcset=\"https:\/\/www.markus-schall.de\/wp-content\/uploads\/OCM-Ausstellung-Panorama.jpg 1024w, https:\/\/www.markus-schall.de\/wp-content\/uploads\/OCM-Ausstellung-Panorama-300x81.jpg 300w, https:\/\/www.markus-schall.de\/wp-content\/uploads\/OCM-Ausstellung-Panorama-768x209.jpg 768w, https:\/\/www.markus-schall.de\/wp-content\/uploads\/OCM-Ausstellung-Panorama-18x5.jpg 18w\" sizes=\"auto, (max-width: 1600px) 100vw, 1600px\" \/><\/p>\n<p>Il Museo del Computer di Oldenburg non si considera un museo tradizionale, ma un luogo vivace dove imparare e vivere la storia degli home computer. Fondato nel 2008, il suo obiettivo non \u00e8 solo quello di esporre la tecnologia, ma di renderla tangibile.<\/p>\n<p>L'attenzione si concentra su computer, console per videogiochi e macchine arcade degli anni '70-'90, ovvero di un'epoca in cui sono state gettate molte delle basi del mondo digitale di oggi. La particolarit\u00e0: I dispositivi sono pronti all'uso e possono essere utilizzati esplicitamente. I visitatori possono provare i programmi, avviare i giochi e sperimentare in prima persona l'uso del computer.<\/p>\n<p><img loading=\"lazy\" decoding=\"async\" class=\"alignnone size-full wp-image-5492\" src=\"https:\/\/www.markus-schall.de\/wp-content\/uploads\/OCM-Arcade-Panorama.jpg\" alt=\"OCM: Arcade\" width=\"2048\" height=\"636\" srcset=\"https:\/\/www.markus-schall.de\/wp-content\/uploads\/OCM-Arcade-Panorama.jpg 1024w, https:\/\/www.markus-schall.de\/wp-content\/uploads\/OCM-Arcade-Panorama-300x93.jpg 300w, https:\/\/www.markus-schall.de\/wp-content\/uploads\/OCM-Arcade-Panorama-768x239.jpg 768w, https:\/\/www.markus-schall.de\/wp-content\/uploads\/OCM-Arcade-Panorama-18x6.jpg 18w\" sizes=\"auto, (max-width: 2048px) 100vw, 2048px\" \/><\/p>\n<p>Il museo crea cos\u00ec un ponte tra il passato e il presente. Non si tratta solo di una visione nostalgica, ma di comprendere lo sviluppo tecnico, dalla grafica e dalla memoria al funzionamento. \u00c8 proprio questo approccio interattivo a fare la differenza: si capisce la storia non in modo teorico, ma pratico.<\/p>\n<p>In questo modo la storia della tecnologia diventa un'esperienza diretta e i vecchi dispositivi una parte comprensibile del nostro presente digitale.<\/p>\n<h2>Conclusione: cosa rimane<\/h2>\n<p>Se vi prendete il tempo di osservare questo sviluppo, noterete una cosa: Molto di ci\u00f2 che oggi sembra evidente non \u00e8 nato all'improvviso. \u00c8 cresciuto. A piccoli passi, nel corso di molti anni.<\/p>\n<p>Dispositivi come l'Atari Portfolio, i primi Mac, i PowerBook o persino il Newton non sono sinonimo di perfezione. Sono sinonimo di esperimenti. Idee che a volte funzionavano e a volte no. Ma \u00e8 proprio questo che ha portato a ci\u00f2 che usiamo oggi.<\/p>\n<p>Personalmente, la mia visione di questa tecnologia \u00e8 cambiata. Una volta era pi\u00f9 importante il nuovo, il pi\u00f9 veloce, il pi\u00f9 potente. Oggi per me \u00e8 pi\u00f9 importante che le cose funzionino. Che siano affidabili. Che possa fare affidamento su di esse.<\/p>\n<p>Forse \u00e8 anche per questo che ho conservato alcuni apparecchi. Non perch\u00e9 fossero oggettivamente i migliori, ma perch\u00e9 simboleggiano un certo momento. Per una fase in cui qualcosa \u00e8 cambiato. \u00c8 proprio questo che rende interessanti le collezioni, sia in un museo che a casa. Non mostrano solo dispositivi. Mostrano gli sviluppi. Per inciso, 15 anni fa avevo gi\u00e0 un <a href=\"https:\/\/www.markus-schall.de\/it\/2011\/05\/mostra-35-anni-di-computer-apple-al-museo-del-computer-di-oldenburg\/\"><strong>Articolo sul Museo del computer di Oldenburg<\/strong><\/a> scritto.<\/p>\n<p>Alla fine, forse, rimane un semplice pensiero: non tutte le innovazioni sono automaticamente progresso. E non tutto ci\u00f2 che \u00e8 pi\u00f9 vecchio \u00e8 quindi superato.<\/p>\n<p>A volte vale la pena di fare un passo indietro per capire meglio la propria posizione attuale.<\/p>\n<hr \/>\n\n\t\t\t<div class=\"display-post-types\">\n\n\t\t\t\t\t\t\t<style type=\"text\/css\">\n\t\t\t#dpt-wrapper-371 { --dpt-text-align: left;--dpt-image-crop: center;--dpt-border-radius: 5px;--dpt-h-gutter: 10px;--dpt-v-gutter: 9px; }\t\t\t<\/style>\n\t\t\t<style type=\"text\/css\">#dpt-wrapper-371 { --dpt-title-font-style:normal;--dpt-title-font-weight:600;--dpt-title-line-height:1.5;--dpt-title-text-decoration:none;--dpt-title-text-transform:none;--dpt-excerpt-font-style:normal;--dpt-excerpt-font-weight:400;--dpt-excerpt-line-height:1.5;--dpt-excerpt-text-decoration:none;--dpt-excerpt-text-transform:none;--dpt-meta1-font-style:normal;--dpt-meta1-font-weight:400;--dpt-meta1-line-height:1.9;--dpt-meta1-text-decoration:none;--dpt-meta1-text-transform:none;--dpt-meta2-font-style:normal;--dpt-meta2-font-weight:400;--dpt-meta2-line-height:1.9;--dpt-meta2-text-decoration:none;--dpt-meta2-text-transform:none; }<\/style><div class=\"dpt-main-header\">\n\t\t\t\t\t\t<div class=\"dpt-main-title\">\n\t\t\t\t\t\t\t<span class=\"dpt-main-title-text\">Articoli attuali sull'intelligenza artificiale<\/span>\n\t\t\t\t\t\t<\/div>\n\t\t\t\t\t\t\n\t\t\t\t\t\t\n\t\t\t\t\t\t\n\t\t\t\t\t\t<\/div>\t\t\t\n\t\t\t\t<div id=\"dpt-wrapper-371\" class=\"dpt-wrapper dpt-mag1 land1 dpt-cropped dpt-flex-wrap\" >\n\n\t\t\t\t\t\t\t\t\t\t\t<div class=\"dpt-entry has-thumbnail\" data-title=\"ki als sparringspartner nutzen: wie denken im dialog produktiver wird\" data-id=\"4121\"  data-category=\"b\u00fccher ki-systeme tipps &amp; anleitungen\" data-post_tag=\"buch datenlogik denkmodelle k\u00fcnstliche intelligenz lernen llm ratgeber sprachmodell\">\n\t\t\t\t\t\t\t<div class=\"dpt-entry-wrapper\"><div class=\"dpt-featured-content\"><div class=\"dpt-permalink\"><a href=\"https:\/\/www.markus-schall.de\/it\/2025\/12\/usare-il-ki-come-sparring-partner-come-il-pensiero-diventa-piu-produttivo-nel-dialogo\/\" class=\"dpt-permalink\"><span class=\"screen-reader-text\">Usare l'intelligenza artificiale come sparring partner: Come pensare in dialogo diventa pi\u00f9 produttivo<\/span><\/a><\/div><div class=\"dpt-thumbnail\"><div class=\"dpt-thumbnail-inner\"><img width=\"1024\" height=\"683\" class=\"attachment-full size-full\" alt=\"L&#039;IA come partner di risparmio\" context=\"dpt\" data-dpt-src=\"https:\/\/www.markus-schall.de\/wp-content\/uploads\/ki-als-sparringspartner-laptop.jpg\" data-dpt-sizes=\"(max-width: 1024px) 100vw, 1024px\" data-dpt-srcset=\"https:\/\/www.markus-schall.de\/wp-content\/uploads\/ki-als-sparringspartner-laptop.jpg 1024w, https:\/\/www.markus-schall.de\/wp-content\/uploads\/ki-als-sparringspartner-laptop-300x200.jpg 300w, https:\/\/www.markus-schall.de\/wp-content\/uploads\/ki-als-sparringspartner-laptop-768x512.jpg 768w, https:\/\/www.markus-schall.de\/wp-content\/uploads\/ki-als-sparringspartner-laptop-18x12.jpg 18w\" \/><\/div><span class=\"dpt-thumbnail-aspect-ratio\" style=\"padding-top: 75%\"><\/span><\/div><\/div><div class=\"sub-entry\"><h3 class=\"dpt-title\"><a class=\"dpt-title-link\" href=\"https:\/\/www.markus-schall.de\/it\/2025\/12\/usare-il-ki-come-sparring-partner-come-il-pensiero-diventa-piu-produttivo-nel-dialogo\/\" rel=\"bookmark\">Usare l'intelligenza artificiale come sparring partner: Come pensare in dialogo diventa pi\u00f9 produttivo<\/a><\/h3><\/div><\/div>\n\t\t\t\t\t\t<\/div><!-- .dpt-entry -->\n\t\t\t\t\t\t\t\t\t\t\t\t<div class=\"dpt-entry has-thumbnail\" data-title=\"als ich mit einem roboter telefonierte \u2013 wie ki das telefon erobert und wie man sie erkennt\" data-id=\"5130\"  data-category=\"allgemein gesellschaft ki-systeme stories &amp; humor\" data-post_tag=\"datenschutz erfahrungen k\u00fcnstliche intelligenz prozesse\">\n\t\t\t\t\t\t\t<div class=\"dpt-entry-wrapper\"><div class=\"dpt-featured-content\"><div class=\"dpt-permalink\"><a href=\"https:\/\/www.markus-schall.de\/it\/2026\/03\/quando-ero-al-telefono-con-un-robot-come-ki-conquista-il-telefono-e-come-riconoscerlo\/\" class=\"dpt-permalink\"><span class=\"screen-reader-text\">Quando ero al telefono con un robot: come l'intelligenza artificiale sta conquistando il telefono e come riconoscerla<\/span><\/a><\/div><div class=\"dpt-thumbnail\"><div class=\"dpt-thumbnail-inner\"><img width=\"1024\" height=\"683\" class=\"attachment-full size-full\" alt=\"Conversazione telefonica con un robot AI\" context=\"dpt\" data-dpt-src=\"https:\/\/www.markus-schall.de\/wp-content\/uploads\/Telefonanrufe-KI-Werbung.jpg\" data-dpt-sizes=\"(max-width: 1024px) 100vw, 1024px\" data-dpt-srcset=\"https:\/\/www.markus-schall.de\/wp-content\/uploads\/Telefonanrufe-KI-Werbung.jpg 1024w, https:\/\/www.markus-schall.de\/wp-content\/uploads\/Telefonanrufe-KI-Werbung-300x200.jpg 300w, https:\/\/www.markus-schall.de\/wp-content\/uploads\/Telefonanrufe-KI-Werbung-768x512.jpg 768w, https:\/\/www.markus-schall.de\/wp-content\/uploads\/Telefonanrufe-KI-Werbung-18x12.jpg 18w\" \/><\/div><span class=\"dpt-thumbnail-aspect-ratio\" style=\"padding-top: 75%\"><\/span><\/div><\/div><div class=\"sub-entry\"><h3 class=\"dpt-title\"><a class=\"dpt-title-link\" href=\"https:\/\/www.markus-schall.de\/it\/2026\/03\/quando-ero-al-telefono-con-un-robot-come-ki-conquista-il-telefono-e-come-riconoscerlo\/\" rel=\"bookmark\">Quando ero al telefono con un robot: come l'intelligenza artificiale sta conquistando il telefono e come riconoscerla<\/a><\/h3><\/div><\/div>\n\t\t\t\t\t\t<\/div><!-- .dpt-entry -->\n\t\t\t\t\t\t\t\t\t\t\t\t<div class=\"dpt-entry has-thumbnail\" data-title=\"der iran\u2013israel-konflikt: warum diese eskalation der strategische albtraum des westens ist\" data-id=\"5212\"  data-category=\"allgemein gesellschaft\" data-post_tag=\"denkmodelle energiepolitik europa geopolitik krisen k\u00fcnstliche intelligenz meinungsfreiheit sicherheitspolitik spieltheorie\">\n\t\t\t\t\t\t\t<div class=\"dpt-entry-wrapper\"><div class=\"dpt-featured-content\"><div class=\"dpt-permalink\"><a href=\"https:\/\/www.markus-schall.de\/it\/2026\/03\/il-conflitto-iran-israele-perche-questa-escalation-e-lincubo-strategico-delloccidente\/\" class=\"dpt-permalink\"><span class=\"screen-reader-text\">Il conflitto Iran-Israele: perch\u00e9 questa escalation \u00e8 l'incubo strategico dell'Occidente<\/span><\/a><\/div><div class=\"dpt-thumbnail\"><div class=\"dpt-thumbnail-inner\"><img width=\"1024\" height=\"683\" class=\"attachment-full size-full\" alt=\"Israele-Iran - Incubo strategico\" context=\"dpt\" data-dpt-src=\"https:\/\/www.markus-schall.de\/wp-content\/uploads\/Israel-Iran-Strategischer-Albtraum.jpg\" data-dpt-sizes=\"(max-width: 1024px) 100vw, 1024px\" data-dpt-srcset=\"https:\/\/www.markus-schall.de\/wp-content\/uploads\/Israel-Iran-Strategischer-Albtraum.jpg 1024w, https:\/\/www.markus-schall.de\/wp-content\/uploads\/Israel-Iran-Strategischer-Albtraum-300x200.jpg 300w, https:\/\/www.markus-schall.de\/wp-content\/uploads\/Israel-Iran-Strategischer-Albtraum-768x512.jpg 768w, https:\/\/www.markus-schall.de\/wp-content\/uploads\/Israel-Iran-Strategischer-Albtraum-18x12.jpg 18w\" \/><\/div><span class=\"dpt-thumbnail-aspect-ratio\" style=\"padding-top: 75%\"><\/span><\/div><\/div><div class=\"sub-entry\"><h3 class=\"dpt-title\"><a class=\"dpt-title-link\" href=\"https:\/\/www.markus-schall.de\/it\/2026\/03\/il-conflitto-iran-israele-perche-questa-escalation-e-lincubo-strategico-delloccidente\/\" rel=\"bookmark\">Il conflitto Iran-Israele: perch\u00e9 questa escalation \u00e8 l'incubo strategico dell'Occidente<\/a><\/h3><\/div><\/div>\n\t\t\t\t\t\t<\/div><!-- .dpt-entry -->\n\t\t\t\t\t\t\t\t\t\t\t\t<div class=\"dpt-entry has-thumbnail\" data-title=\"rag mit ollama und qdrant als universelle suchmaschine f\u00fcr eigene daten\" data-id=\"2764\"  data-category=\"filemaker &amp; erp ki-systeme\" data-post_tag=\"datenbanken docker k\u00fcnstliche intelligenz llama llm mistral ollama qdrant vektordatenbank\">\n\t\t\t\t\t\t\t<div class=\"dpt-entry-wrapper\"><div class=\"dpt-featured-content\"><div class=\"dpt-permalink\"><a href=\"https:\/\/www.markus-schall.de\/it\/2025\/08\/rag-con-ollama-e-qdrant-come-motore-di-ricerca-universale-per-i-propri-dati\/\" class=\"dpt-permalink\"><span class=\"screen-reader-text\">RAG con Ollama e Qdrant come motore di ricerca universale per i dati propri<\/span><\/a><\/div><div class=\"dpt-thumbnail\"><div class=\"dpt-thumbnail-inner\"><img width=\"1920\" height=\"640\" class=\"attachment-full size-full\" alt=\"Estendere l&#039;IA locale con i database utilizzando RAG, Ollama e Qdrant\" context=\"dpt\" data-dpt-src=\"https:\/\/www.markus-schall.de\/wp-content\/uploads\/lokale-ki-rag-ollama-qdrant.jpg\" data-dpt-sizes=\"(max-width: 1920px) 100vw, 1920px\" data-dpt-srcset=\"https:\/\/www.markus-schall.de\/wp-content\/uploads\/lokale-ki-rag-ollama-qdrant.jpg 1920w, https:\/\/www.markus-schall.de\/wp-content\/uploads\/lokale-ki-rag-ollama-qdrant-300x100.jpg 300w, https:\/\/www.markus-schall.de\/wp-content\/uploads\/lokale-ki-rag-ollama-qdrant-1024x341.jpg 1024w, https:\/\/www.markus-schall.de\/wp-content\/uploads\/lokale-ki-rag-ollama-qdrant-768x256.jpg 768w, https:\/\/www.markus-schall.de\/wp-content\/uploads\/lokale-ki-rag-ollama-qdrant-1536x512.jpg 1536w, https:\/\/www.markus-schall.de\/wp-content\/uploads\/lokale-ki-rag-ollama-qdrant-18x6.jpg 18w\" \/><\/div><span class=\"dpt-thumbnail-aspect-ratio\" style=\"padding-top: 75%\"><\/span><\/div><\/div><div class=\"sub-entry\"><h3 class=\"dpt-title\"><a class=\"dpt-title-link\" href=\"https:\/\/www.markus-schall.de\/it\/2025\/08\/rag-con-ollama-e-qdrant-come-motore-di-ricerca-universale-per-i-propri-dati\/\" rel=\"bookmark\">RAG con Ollama e Qdrant come motore di ricerca universale per i dati propri<\/a><\/h3><\/div><\/div>\n\t\t\t\t\t\t<\/div><!-- .dpt-entry -->\n\t\t\t\t\t\t\n\t\t\t\t<\/div>\n\t\t\t\t\t\t<\/div>\n\t\t\t\n<hr \/>\n<h2>Domande frequenti<\/h2>\n<ol>\n<li><strong>Come \u00e8 nata la sua collezione di vecchi dispositivi informatici?<\/strong><br \/>\nLa collezione non \u00e8 stata creata appositamente come \u201emuseo\u201c, ma si \u00e8 sviluppata nel corso di molti anni. Molti dispositivi provengono da fasi in cui sono stati utilizzati attivamente, sia a livello professionale che privato. Altri sono stati aggiunti in seguito perch\u00e9 tecnicamente interessanti o perch\u00e9 avevano una storia particolare. Con il tempo, ci si rende conto di non voler pi\u00f9 dare via certi apparecchi, ma di tenerli consapevolmente. Non per una passione collezionistica in senso tradizionale, ma perch\u00e9 simboleggiano determinati sviluppi. A un certo punto si arriva a una collezione che \u00e8 pi\u00f9 di una semplice raccolta di vecchio hardware.<\/li>\n<li><strong>Perch\u00e9 l'articolo inizia con il portafoglio Atari e non direttamente con l'Apple?<\/strong><br \/>\nL'Atari Portfolio \u00e8 un punto di ingresso deliberatamente scelto perch\u00e9 rappresenta un importante contrasto. Dimostra che l'idea di computer mobile esisteva gi\u00e0 in forma rudimentale prima dell'Apple, anche se in modo molto funzionale e ridotto. Solo grazie a questo confronto diventa chiaro il diverso percorso che l'Apple ha poi intrapreso. L'introduzione attraverso il portfolio rende pi\u00f9 comprensibile lo sviluppo ed evita che l'articolo si trasformi in una pura recensione dell'Apple.<\/li>\n<li><strong>Cosa c'era di cos\u00ec speciale nel portafoglio Atari di allora?<\/strong><br \/>\nL'Atari Portfolio \u00e8 stato uno dei primi computer veramente portatili, utilizzabile senza accessori aggiuntivi. Si infilava nella tasca di una giacca, funzionava in modo indipendente e consentiva di utilizzare semplici applicazioni da ufficio come l'elaborazione di testi o la programmazione. Sembra poco spettacolare per gli standard odierni, ma all'epoca era un grande passo avanti verso l'uso mobile. Soprattutto, l'indipendenza da una postazione di lavoro fissa era una novit\u00e0 e cambi\u00f2 per sempre il modo di vedere i computer.<\/li>\n<li><strong>Perch\u00e9 inizialmente ha avuto un'esperienza negativa con la prima calcolatrice Apple?<\/strong><br \/>\nSulla carta, il Performa 5200 era un computer moderno con processore PowerPC. In pratica, per\u00f2, non era cos\u00ec veloce come ci si sarebbe aspettato. Soprattutto rispetto ai sistemi pi\u00f9 vecchi, molte cose sembravano pi\u00f9 lente. Questa discrepanza tra l'innovazione tecnica e l'esperienza effettiva dell'utente fu formativa. Significava che le nuove tecnologie non erano automaticamente percepite come un progresso, ma dovevano sempre essere testate nell'uso quotidiano.<\/li>\n<li><strong>Cosa ha reso il Quadra 840AV migliore del Performa?<\/strong><br \/>\nSebbene il Quadra 840AV fosse tecnicamente pi\u00f9 vecchio, era molto pi\u00f9 diretto e stabile nell'uso quotidiano. La velocit\u00e0 di reazione, la sensazione generale durante l'utilizzo: tutto questo era pi\u00f9 convincente. Non si trattava tanto di dati puramente prestazionali quanto dell'interazione tra hardware e software. \u00c8 proprio questa interazione che spesso \u00e8 pi\u00f9 decisiva delle singole innovazioni tecniche.<\/li>\n<li><strong>Perch\u00e9 i PowerBook sono cos\u00ec importanti per lo sviluppo?<\/strong><br \/>\nI PowerBook mostrano molto bene come la tecnologia migliori nel corso di diverse generazioni, senza che ogni modello sia un inizio completamente nuovo. Piccoli aggiustamenti all'involucro, al funzionamento e alla struttura hanno fatto s\u00ec che i dispositivi diventassero sempre migliori nell'uso quotidiano. Questo tipo di evoluzione \u00e8 meno spettacolare dei grandi balzi, ma spesso \u00e8 pi\u00f9 sostenibile a lungo termine.<\/li>\n<li><strong>Qual era l'idea alla base del Newton e perch\u00e9 \u00e8 fallita?<\/strong><br \/>\nIl Newton doveva essere un assistente digitale personale, con riconoscimento della scrittura, gestione degli appuntamenti e utilizzo in mobilit\u00e0. L'idea era molto in anticipo sui tempi. Il problema non risiedeva tanto nel concetto quanto nella realizzazione. La tecnologia non era ancora sufficientemente matura, il funzionamento era sconosciuto a molti e le aspettative non sempre venivano soddisfatte. A posteriori, il Newton non \u00e8 stato un fallimento, ma un tentativo prematuro.<\/li>\n<li><strong>Cosa rende il Notephone Siemens cos\u00ec speciale?<\/strong><br \/>\nIl Notephone Siemens \u00e8 speciale perch\u00e9 \u00e8 una combinazione della tecnologia Apple e di un altro produttore. \u00c8 basato sulla tecnologia Newton, ma non appare come un classico dispositivo Apple. Sviluppi ibridi di questo tipo sono rari e dimostrano quanto fosse aperto il panorama tecnologico dell'epoca. Inoltre, il dispositivo non \u00e8 molto diffuso, il che lo rende oggi un oggetto davvero unico.<\/li>\n<li><strong>Perch\u00e9 date tanta importanza alla sensazione dei dispositivi?<\/strong><br \/>\nL'aptica \u00e8 un aspetto spesso sottovalutato. Determina la sensazione di un dispositivo nell'uso quotidiano. Peso, materiali, pulsanti: tutti questi elementi hanno un impatto sull'uso maggiore di quanto si possa pensare inizialmente. Con i dispositivi pi\u00f9 vecchi, in particolare, si nota che sono stati costruiti in modo diverso. Non necessariamente migliori o peggiori, ma con un obiettivo diverso.<\/li>\n<li><strong>Cosa \u00e8 cambiato nell'Apple con il G4 Cube?<\/strong><br \/>\nCon il Cubo G4, divenne chiaro che Apple aveva iniziato a considerare il design come un fattore a s\u00e9 stante. Il computer non era solo uno strumento, ma anche un oggetto. La forma, i materiali e la presentazione erano al centro dell'attenzione. Si trattava di un passo in avanti rispetto alla pura funzione, verso un design consapevole della tecnologia.<\/li>\n<li><strong>Perch\u00e9 l'iBook G4 \u00e8 stato un passaggio importante?<\/strong><br \/>\nL'iBook G4 simboleggia il momento in cui i computer sono finalmente entrati nella vita quotidiana. Era pi\u00f9 accessibile, meno tecnico nell'aspetto e quindi adatto a un gruppo target pi\u00f9 ampio. Allo stesso tempo, anticipava molti elementi dei dispositivi moderni. Combinava il vecchio mondo Apple con ci\u00f2 che in seguito \u00e8 diventato scontato.<\/li>\n<li><strong>Perch\u00e9 si \u00e8 passati dall'Apple a Windows?<\/strong><br \/>\nIl cambiamento \u00e8 stato soprattutto pragmatico. A seconda dell'ambiente e dei requisiti, un sistema o l'altro aveva pi\u00f9 senso. Questi cambiamenti consentono di avere una visione pi\u00f9 ampia di entrambi i mondi. Si impara a riconoscere i punti di forza e di debolezza, senza scegliere una delle due opzioni. Questa esperienza \u00e8 spesso pi\u00f9 preziosa di una chiara appartenenza.<\/li>\n<li><strong>Che cosa ha imparato dal suo periodo come amministratore di Windows?<\/strong><br \/>\nLavorare come amministratore ha creato una conoscenza tecnica di base che \u00e8 ancora utile oggi. Si impara non solo a usare i sistemi, ma anche a capirli. Analizzare i problemi, riconoscere le correlazioni e sviluppare soluzioni. Questa conoscenza \u00e8 utile anche quando si ha a che fare con altre piattaforme.<\/li>\n<li><strong>Perch\u00e9 ancora oggi lavorate principalmente con l'Apple?<\/strong><br \/>\nNel corso degli anni, \u00e8 diventato chiaro che la combinazione di hardware e software dell'Apple funziona meglio per il mio lavoro quotidiano. I sistemi sono stabili, ben integrati e possono essere utilizzati in modo efficiente. Ci\u00f2 non significa che siano perfetti, ma nel complesso sono i pi\u00f9 adatti alle mie esigenze.<\/li>\n<li><strong>Cosa intendete per \u201erapporto di amore-odio\u201c con l'Apple?<\/strong><br \/>\nIl \u201erapporto di amore-odio\u201c descrive la tensione tra riconoscimento e critica. Da un lato, i prodotti sono tecnicamente convincenti, dall'altro l'azienda \u00e8 cambiata notevolmente. I processi sono pi\u00f9 standardizzati, le decisioni sono spesso pi\u00f9 commerciali. Alle persone piace lavorare con i dispositivi, ma allo stesso tempo hanno una visione critica degli sviluppi.<\/li>\n<li><strong>Perch\u00e9 siete restii ad aggiornare il vostro sistema operativo?<\/strong><br \/>\nPer me la stabilit\u00e0 \u00e8 pi\u00f9 importante delle continue innovazioni. Se un sistema funziona in modo affidabile, non vedo alcun motivo per cambiarlo immediatamente. Gli aggiornamenti non portano solo miglioramenti, ma anche nuovi bug o modifiche. Per questo motivo aspetto deliberatamente e utilizzo le nuove versioni solo quando si sono dimostrate valide.<\/li>\n<li><strong>Che cosa significa la frase \u201eApple non \u00e8 tuo amico\u201c?<\/strong><br \/>\nLa frase deriva dalla pratica e descrive una realt\u00e0 sobria. Apple \u00e8 un'azienda con interessi commerciali, non un partner personale. Chi lo capisce pu\u00f2 classificare meglio le decisioni e sviluppare aspettative pi\u00f9 realistiche. Questo aiuta a evitare le delusioni.<\/li>\n<li><strong>Come vede il futuro dell'Apple, in particolare nel settore dell'AI?<\/strong><br \/>\nApple ha creato un'ottima base con i propri processori. L'integrazione di hardware e software consente di realizzare sistemi potenti, particolarmente interessanti per le applicazioni di intelligenza artificiale locale. Vedo un grande potenziale in questo ambito, proprio perch\u00e9 Apple adotta un approccio diverso rispetto a molti dei suoi concorrenti.<\/li>\n<li><strong>Perch\u00e9 vale la pena visitare il Museo del Computer di Oldenburg?<\/strong><br \/>\nIl museo offre l'opportunit\u00e0 non solo di vedere la tecnologia, ma anche di sperimentarla. Molti dispositivi sono funzionanti e possono essere provati direttamente. In questo modo si ottiene una comprensione completamente diversa dello sviluppo della tecnologia informatica. La mostra Apple \u00e8 un motivo in pi\u00f9 per approfondire l'argomento.<\/li>\n<li><strong>Cosa possiamo imparare dalla storia dei computer per oggi?<\/strong><br \/>\nForse la consapevolezza pi\u00f9 importante \u00e8 che il progresso \u00e8 raramente lineare. Molte idee appaiono all'inizio, scompaiono di nuovo e ritornano in seguito in forma migliorata. Uno sguardo al passato ci aiuta a classificare meglio gli sviluppi attuali e a non sopravvalutare immediatamente ogni innovazione.<\/li>\n<\/ol>\n<hr \/>\n\n\t\t\t<div class=\"display-post-types\">\n\n\t\t\t\t\t\t\t<style type=\"text\/css\">\n\t\t\t#dpt-wrapper-372 { --dpt-text-align: left;--dpt-image-crop: center;--dpt-border-radius: 5px;--dpt-h-gutter: 10px;--dpt-v-gutter: 9px; }\t\t\t<\/style>\n\t\t\t<style type=\"text\/css\">#dpt-wrapper-372 { --dpt-title-font-style:normal;--dpt-title-font-weight:600;--dpt-title-line-height:1.5;--dpt-title-text-decoration:none;--dpt-title-text-transform:none;--dpt-excerpt-font-style:normal;--dpt-excerpt-font-weight:400;--dpt-excerpt-line-height:1.5;--dpt-excerpt-text-decoration:none;--dpt-excerpt-text-transform:none;--dpt-meta1-font-style:normal;--dpt-meta1-font-weight:400;--dpt-meta1-line-height:1.9;--dpt-meta1-text-decoration:none;--dpt-meta1-text-transform:none;--dpt-meta2-font-style:normal;--dpt-meta2-font-weight:400;--dpt-meta2-line-height:1.9;--dpt-meta2-text-decoration:none;--dpt-meta2-text-transform:none; }<\/style><div class=\"dpt-main-header\">\n\t\t\t\t\t\t<div class=\"dpt-main-title\">\n\t\t\t\t\t\t\t<span class=\"dpt-main-title-text\">Articoli attuali su arte e cultura<\/span>\n\t\t\t\t\t\t<\/div>\n\t\t\t\t\t\t\n\t\t\t\t\t\t\n\t\t\t\t\t\t\n\t\t\t\t\t\t<\/div>\t\t\t\n\t\t\t\t<div id=\"dpt-wrapper-372\" class=\"dpt-wrapper dpt-mag1 land1 dpt-cropped dpt-flex-wrap\" >\n\n\t\t\t\t\t\t\t\t\t\t\t<div class=\"dpt-entry has-thumbnail\" data-title=\"helge schneider: haltung, humor und die freiheit, sich nicht erkl\u00e4ren zu m\u00fcssen\" data-id=\"4756\"  data-category=\"allgemein gesellschaft kunst &amp; kultur\" data-post_tag=\"deutschland erfahrungen meinungsfreiheit musik portrait\">\n\t\t\t\t\t\t\t<div class=\"dpt-entry-wrapper\"><div class=\"dpt-featured-content\"><div class=\"dpt-permalink\"><a href=\"https:\/\/www.markus-schall.de\/it\/2026\/02\/helge-schneider-atteggiamento-umoristico-e-la-liberta-di-non-doversi-spiegare\/\" class=\"dpt-permalink\"><span class=\"screen-reader-text\">Helge Schneider: atteggiamento, umorismo e libert\u00e0 di non doversi spiegare<\/span><\/a><\/div><div class=\"dpt-thumbnail\"><div class=\"dpt-thumbnail-inner\"><img width=\"1024\" height=\"683\" class=\"attachment-full size-full\" alt=\"Helge Schneider Ritratto\" context=\"dpt\" data-dpt-src=\"https:\/\/www.markus-schall.de\/wp-content\/uploads\/Helge-Schneider.jpg\" data-dpt-sizes=\"(max-width: 1024px) 100vw, 1024px\" data-dpt-srcset=\"https:\/\/www.markus-schall.de\/wp-content\/uploads\/Helge-Schneider.jpg 1024w, https:\/\/www.markus-schall.de\/wp-content\/uploads\/Helge-Schneider-300x200.jpg 300w, https:\/\/www.markus-schall.de\/wp-content\/uploads\/Helge-Schneider-768x512.jpg 768w, https:\/\/www.markus-schall.de\/wp-content\/uploads\/Helge-Schneider-18x12.jpg 18w\" \/><\/div><span class=\"dpt-thumbnail-aspect-ratio\" style=\"padding-top: 75%\"><\/span><\/div><\/div><div class=\"sub-entry\"><h3 class=\"dpt-title\"><a class=\"dpt-title-link\" href=\"https:\/\/www.markus-schall.de\/it\/2026\/02\/helge-schneider-atteggiamento-umoristico-e-la-liberta-di-non-doversi-spiegare\/\" rel=\"bookmark\">Helge Schneider: atteggiamento, umorismo e libert\u00e0 di non doversi spiegare<\/a><\/h3><\/div><\/div>\n\t\t\t\t\t\t<\/div><!-- .dpt-entry -->\n\t\t\t\t\t\t\t\t\t\t\t\t<div class=\"dpt-entry has-thumbnail\" data-title=\"spieltheorie erkl\u00e4rt 25 jahre geopolitik: wie europa seine strategische rolle verlor\" data-id=\"3850\"  data-category=\"allgemein gesellschaft kunst &amp; kultur\" data-post_tag=\"denkmodelle deutschland energiepolitik eu-gesetze europa geopolitik krisen sicherheitspolitik spieltheorie\">\n\t\t\t\t\t\t\t<div class=\"dpt-entry-wrapper\"><div class=\"dpt-featured-content\"><div class=\"dpt-permalink\"><a href=\"https:\/\/www.markus-schall.de\/it\/2025\/12\/la-teoria-dei-giochi-spiega-25-anni-di-geopolitica-come-leuropa-ha-perso-il-suo-ruolo-strategico\/\" class=\"dpt-permalink\"><span class=\"screen-reader-text\">La teoria dei giochi spiega 25 anni di geopolitica: come l'Europa ha perso il suo ruolo strategico<\/span><\/a><\/div><div class=\"dpt-thumbnail\"><div class=\"dpt-thumbnail-inner\"><img width=\"1024\" height=\"765\" class=\"attachment-full size-full\" alt=\"La teoria dei giochi spiega 25 anni di geopolitica\" context=\"dpt\" data-dpt-src=\"https:\/\/www.markus-schall.de\/wp-content\/uploads\/europa-russland-spieltheorie.jpg\" data-dpt-sizes=\"(max-width: 1024px) 100vw, 1024px\" data-dpt-srcset=\"https:\/\/www.markus-schall.de\/wp-content\/uploads\/europa-russland-spieltheorie.jpg 1024w, https:\/\/www.markus-schall.de\/wp-content\/uploads\/europa-russland-spieltheorie-300x224.jpg 300w, https:\/\/www.markus-schall.de\/wp-content\/uploads\/europa-russland-spieltheorie-768x574.jpg 768w, https:\/\/www.markus-schall.de\/wp-content\/uploads\/europa-russland-spieltheorie-16x12.jpg 16w\" \/><\/div><span class=\"dpt-thumbnail-aspect-ratio\" style=\"padding-top: 75%\"><\/span><\/div><\/div><div class=\"sub-entry\"><h3 class=\"dpt-title\"><a class=\"dpt-title-link\" href=\"https:\/\/www.markus-schall.de\/it\/2025\/12\/la-teoria-dei-giochi-spiega-25-anni-di-geopolitica-come-leuropa-ha-perso-il-suo-ruolo-strategico\/\" rel=\"bookmark\">La teoria dei giochi spiega 25 anni di geopolitica: come l'Europa ha perso il suo ruolo strategico<\/a><\/h3><\/div><\/div>\n\t\t\t\t\t\t<\/div><!-- .dpt-entry -->\n\t\t\t\t\t\t\t\t\t\t\t\t<div class=\"dpt-entry has-thumbnail\" data-title=\"johann sebastian bach \u2013 ordnung, haltung und das fundament unserer musik\" data-id=\"5033\"  data-category=\"allgemein gesellschaft kunst &amp; kultur\" data-post_tag=\"deutschland musik portrait\">\n\t\t\t\t\t\t\t<div class=\"dpt-entry-wrapper\"><div class=\"dpt-featured-content\"><div class=\"dpt-permalink\"><a href=\"https:\/\/www.markus-schall.de\/it\/2026\/02\/johann-sebastian-bach-ordine-atteggiamento-e-fondamento-della-nostra-musica\/\" class=\"dpt-permalink\"><span class=\"screen-reader-text\">Johann Sebastian Bach - l'ordine, l'atteggiamento e il fondamento della nostra musica<\/span><\/a><\/div><div class=\"dpt-thumbnail\"><div class=\"dpt-thumbnail-inner\"><img width=\"1024\" height=\"683\" class=\"attachment-full size-full\" alt=\"Ritratto di Johann Sebastian Bach\" context=\"dpt\" data-dpt-src=\"https:\/\/www.markus-schall.de\/wp-content\/uploads\/Johann-Sebastian-Bach-Portrait.jpg\" data-dpt-sizes=\"(max-width: 1024px) 100vw, 1024px\" data-dpt-srcset=\"https:\/\/www.markus-schall.de\/wp-content\/uploads\/Johann-Sebastian-Bach-Portrait.jpg 1024w, https:\/\/www.markus-schall.de\/wp-content\/uploads\/Johann-Sebastian-Bach-Portrait-300x200.jpg 300w, https:\/\/www.markus-schall.de\/wp-content\/uploads\/Johann-Sebastian-Bach-Portrait-768x512.jpg 768w, https:\/\/www.markus-schall.de\/wp-content\/uploads\/Johann-Sebastian-Bach-Portrait-18x12.jpg 18w\" \/><\/div><span class=\"dpt-thumbnail-aspect-ratio\" style=\"padding-top: 75%\"><\/span><\/div><\/div><div class=\"sub-entry\"><h3 class=\"dpt-title\"><a class=\"dpt-title-link\" href=\"https:\/\/www.markus-schall.de\/it\/2026\/02\/johann-sebastian-bach-ordine-atteggiamento-e-fondamento-della-nostra-musica\/\" rel=\"bookmark\">Johann Sebastian Bach - l'ordine, l'atteggiamento e il fondamento della nostra musica<\/a><\/h3><\/div><\/div>\n\t\t\t\t\t\t<\/div><!-- .dpt-entry -->\n\t\t\t\t\t\t\t\t\t\t\t\t<div class=\"dpt-entry has-thumbnail\" data-title=\"ulrike gu\u00e9rot: eine europ\u00e4erin zwischen idee, universit\u00e4t und \u00f6ffentlichem diskurs\" data-id=\"4039\"  data-category=\"allgemein gesellschaft kunst &amp; kultur\" data-post_tag=\"denkmodelle deutschland europa geopolitik krisen meinungsfreiheit portrait sicherheitspolitik spieltheorie\">\n\t\t\t\t\t\t\t<div class=\"dpt-entry-wrapper\"><div class=\"dpt-featured-content\"><div class=\"dpt-permalink\"><a href=\"https:\/\/www.markus-schall.de\/it\/2025\/12\/ulrike-guerot-un-europeo-tra-idea-di-universita-e-discorso-pubblico\/\" class=\"dpt-permalink\"><span class=\"screen-reader-text\">Ulrike Gu\u00e9rot: un'europea tra idea, universit\u00e0 e discorso pubblico<\/span><\/a><\/div><div class=\"dpt-thumbnail\"><div class=\"dpt-thumbnail-inner\"><img width=\"1024\" height=\"683\" class=\"attachment-full size-full\" alt=\"Ulrike Gu\u00e9rot e l&#039;Europa\" context=\"dpt\" data-dpt-src=\"https:\/\/www.markus-schall.de\/wp-content\/uploads\/ulrike-guerot-portrait.jpg\" data-dpt-sizes=\"(max-width: 1024px) 100vw, 1024px\" data-dpt-srcset=\"https:\/\/www.markus-schall.de\/wp-content\/uploads\/ulrike-guerot-portrait.jpg 1024w, https:\/\/www.markus-schall.de\/wp-content\/uploads\/ulrike-guerot-portrait-300x200.jpg 300w, https:\/\/www.markus-schall.de\/wp-content\/uploads\/ulrike-guerot-portrait-768x512.jpg 768w, https:\/\/www.markus-schall.de\/wp-content\/uploads\/ulrike-guerot-portrait-18x12.jpg 18w\" \/><\/div><span class=\"dpt-thumbnail-aspect-ratio\" style=\"padding-top: 75%\"><\/span><\/div><\/div><div class=\"sub-entry\"><h3 class=\"dpt-title\"><a class=\"dpt-title-link\" href=\"https:\/\/www.markus-schall.de\/it\/2025\/12\/ulrike-guerot-un-europeo-tra-idea-di-universita-e-discorso-pubblico\/\" rel=\"bookmark\">Ulrike Gu\u00e9rot: un'europea tra idea, universit\u00e0 e discorso pubblico<\/a><\/h3><\/div><\/div>\n\t\t\t\t\t\t<\/div><!-- .dpt-entry -->\n\t\t\t\t\t\t\n\t\t\t\t<\/div>\n\t\t\t\t\t\t<\/div>\n\t\t\t\n<hr \/>","protected":false},"excerpt":{"rendered":"<p>Se siete interessati alla storia del computer, vale la pena visitare il Museo del Computer di Oldenburg. Il museo \u00e8 uno di quei luoghi che non devono essere rumorosi per fare impressione e da aprile ospiter\u00e0 una mostra speciale intitolata \u201e50 anni di computer Apple\u201c. Per molti anni la tecnologia non \u00e8 stata solo esposta, ma anche mantenuta in vita. ... <a title=\"Ulrike Gu\u00e9rot: un&#039;europea tra idea, universit\u00e0 e discorso pubblico\" class=\"read-more\" href=\"https:\/\/www.markus-schall.de\/it\/2025\/12\/ulrike-guerot-un-europeo-tra-idea-di-universita-e-discorso-pubblico\/\" aria-label=\"Per saperne di pi\u00f9 su Ulrike Gu\u00e9rot: Un europeo tra idea, universit\u00e0 e discorso pubblico\">Leggi tutto<\/a><\/p>","protected":false},"author":1,"featured_media":5497,"comment_status":"open","ping_status":"open","sticky":false,"template":"","format":"standard","meta":{"iawp_total_views":89,"footnotes":""},"categories":[1,40,15,147,472,235],"tags":[10,458,410,11,442,460],"class_list":["post-5480","post","type-post","status-publish","format-standard","has-post-thumbnail","hentry","category-allgemein","category-apple-iphone-ipad","category-apple-macos","category-hardware","category-kunst-kultur","category-stories-humor","tag-apple","tag-erfahrungen","tag-filemaker","tag-mac","tag-prozesse","tag-publishing"],"_links":{"self":[{"href":"https:\/\/www.markus-schall.de\/it\/wp-json\/wp\/v2\/posts\/5480","targetHints":{"allow":["GET"]}}],"collection":[{"href":"https:\/\/www.markus-schall.de\/it\/wp-json\/wp\/v2\/posts"}],"about":[{"href":"https:\/\/www.markus-schall.de\/it\/wp-json\/wp\/v2\/types\/post"}],"author":[{"embeddable":true,"href":"https:\/\/www.markus-schall.de\/it\/wp-json\/wp\/v2\/users\/1"}],"replies":[{"embeddable":true,"href":"https:\/\/www.markus-schall.de\/it\/wp-json\/wp\/v2\/comments?post=5480"}],"version-history":[{"count":21,"href":"https:\/\/www.markus-schall.de\/it\/wp-json\/wp\/v2\/posts\/5480\/revisions"}],"predecessor-version":[{"id":5865,"href":"https:\/\/www.markus-schall.de\/it\/wp-json\/wp\/v2\/posts\/5480\/revisions\/5865"}],"wp:featuredmedia":[{"embeddable":true,"href":"https:\/\/www.markus-schall.de\/it\/wp-json\/wp\/v2\/media\/5497"}],"wp:attachment":[{"href":"https:\/\/www.markus-schall.de\/it\/wp-json\/wp\/v2\/media?parent=5480"}],"wp:term":[{"taxonomy":"category","embeddable":true,"href":"https:\/\/www.markus-schall.de\/it\/wp-json\/wp\/v2\/categories?post=5480"},{"taxonomy":"post_tag","embeddable":true,"href":"https:\/\/www.markus-schall.de\/it\/wp-json\/wp\/v2\/tags?post=5480"}],"curies":[{"name":"wp","href":"https:\/\/api.w.org\/{rel}","templated":true}]}}