{"id":5882,"date":"2026-05-01T04:23:58","date_gmt":"2026-05-01T04:23:58","guid":{"rendered":"https:\/\/www.markus-schall.de\/?p=5882"},"modified":"2026-05-01T06:44:25","modified_gmt":"2026-05-01T06:44:25","slug":"come-la-pandemia-ha-dimostrato-che-gli-economisti-si-sbagliavano-sulla-crescita-dellinflazione-e-sulla-ripresa-economica","status":"publish","type":"post","link":"https:\/\/www.markus-schall.de\/it\/2026\/05\/come-la-pandemia-ha-dimostrato-che-gli-economisti-si-sbagliavano-sulla-crescita-dellinflazione-e-sulla-ripresa-economica\/","title":{"rendered":"Come la pandemia ha dimostrato che gli economisti si sbagliano su inflazione, crescita e ripresa economica"},"content":{"rendered":"<p>Anche durante la pandemia di coronavirus, molti economisti erano sorprendentemente unanimi: il grande pericolo era una fase di bassa inflazione, forse addirittura di deflazione. Pochi anni dopo, \u00e8 emerso un quadro diverso. L'inflazione ha raggiunto i massimi storici in molti Paesi, le catene di approvvigionamento sono crollate e gli sviluppi economici si sono rivelati diversi dal previsto.<\/p>\n<p>La pandemia non \u00e8 stata solo una crisi sanitaria, ma anche uno stress test per le previsioni economiche. Questo articolo mostra dove gli esperti si sono sbagliati, perch\u00e9 \u00e8 stato cos\u00ec e quali lezioni si possono trarre per le valutazioni future.<!--more--><\/p>\n<p>A pi\u00f9 di tre anni dalla pandemia COVID che ha sconvolto l'economia globale, gli esperti si chiedono ancora perch\u00e9 tante previsioni si siano rivelate sbagliate. La pandemia ha causato la perdita di vendite nella maggior parte dei settori e intere nazioni stanno ancora lottando per riconquistare la loro posizione precedente. In questi tempi di incertezza, gli economisti hanno cercato di fare previsioni su inflazione, produttivit\u00e0 e crescita. Oggi, molti esperti si rendono conto che una percentuale sorprendentemente alta di previsioni era inaccurata. Dal momento che il 55 % della popolazione <strong><a href=\"https:\/\/economicsnetwork.ac.uk\/research\/understandingecon#:~:text=There%20is%20a%20big%20problem,and%2033%25%20on%20industry%20regulation\" target=\"_blank\" rel=\"noopener\">Diffidare delle previsioni degli economisti<\/a><\/strong>, sorgono serie preoccupazioni sulla loro metodologia e applicazione, rivelando i limiti delle previsioni economiche in tempi di cambiamenti estremi. Alla luce di ci\u00f2, di seguito analizzer\u00f2 e riassumer\u00f2 l'accuratezza delle previsioni storiche.<\/p>\n<hr \/>\n\n\t\t\t<div class=\"display-post-types\">\n\n\t\t\t\t\t\t\t<style type=\"text\/css\">\n\t\t\t#dpt-wrapper-442 { --dpt-text-align: left;--dpt-image-crop: center;--dpt-border-radius: 5px;--dpt-h-gutter: 10px;--dpt-v-gutter: 9px; }\t\t\t<\/style>\n\t\t\t<style type=\"text\/css\">#dpt-wrapper-442 { --dpt-title-font-style:normal;--dpt-title-font-weight:600;--dpt-title-line-height:1.5;--dpt-title-text-decoration:none;--dpt-title-text-transform:none;--dpt-excerpt-font-style:normal;--dpt-excerpt-font-weight:400;--dpt-excerpt-line-height:1.5;--dpt-excerpt-text-decoration:none;--dpt-excerpt-text-transform:none;--dpt-meta1-font-style:normal;--dpt-meta1-font-weight:400;--dpt-meta1-line-height:1.9;--dpt-meta1-text-decoration:none;--dpt-meta1-text-transform:none;--dpt-meta2-font-style:normal;--dpt-meta2-font-weight:400;--dpt-meta2-line-height:1.9;--dpt-meta2-text-decoration:none;--dpt-meta2-text-transform:none; }<\/style><div class=\"dpt-main-header\">\n\t\t\t\t\t\t<div class=\"dpt-main-title\">\n\t\t\t\t\t\t\t<span class=\"dpt-main-title-text\">Articoli attuali su arte e cultura<\/span>\n\t\t\t\t\t\t<\/div>\n\t\t\t\t\t\t\n\t\t\t\t\t\t\n\t\t\t\t\t\t\n\t\t\t\t\t\t<\/div>\t\t\t\n\t\t\t\t<div id=\"dpt-wrapper-442\" class=\"dpt-wrapper dpt-mag1 land1 dpt-cropped dpt-flex-wrap\" >\n\n\t\t\t\t\t\t\t\t\t\t\t<div class=\"dpt-entry has-thumbnail\" data-title=\"propaganda: geschichte, methoden, moderne formen und wie man sie erkennt\" data-id=\"4229\"  data-category=\"allgemein gesellschaft kunst &amp; kultur\" data-post_tag=\"denkmodelle energiepolitik europa geopolitik krisen meinungsfreiheit pers\u00f6nlichkeitsentwicklung sicherheitspolitik spieltheorie\">\n\t\t\t\t\t\t\t<div class=\"dpt-entry-wrapper\"><div class=\"dpt-featured-content\"><div class=\"dpt-permalink\"><a href=\"https:\/\/www.markus-schall.de\/it\/2026\/01\/storia-della-propaganda-metodi-forme-moderne-e-come-riconoscerle\/\" class=\"dpt-permalink\"><span class=\"screen-reader-text\">Propaganda: storia, metodi, forme moderne e come riconoscerle<\/span><\/a><\/div><div class=\"dpt-thumbnail\"><div class=\"dpt-thumbnail-inner\"><img width=\"1024\" height=\"683\" class=\"attachment-full size-full\" alt=\"Che cos&#039;\u00e8 la propaganda?\" context=\"dpt\" data-dpt-src=\"https:\/\/www.markus-schall.de\/wp-content\/uploads\/Propaganda-titel.jpg\" data-dpt-sizes=\"(max-width: 1024px) 100vw, 1024px\" data-dpt-srcset=\"https:\/\/www.markus-schall.de\/wp-content\/uploads\/Propaganda-titel.jpg 1024w, https:\/\/www.markus-schall.de\/wp-content\/uploads\/Propaganda-titel-300x200.jpg 300w, https:\/\/www.markus-schall.de\/wp-content\/uploads\/Propaganda-titel-768x512.jpg 768w, https:\/\/www.markus-schall.de\/wp-content\/uploads\/Propaganda-titel-18x12.jpg 18w\" \/><\/div><span class=\"dpt-thumbnail-aspect-ratio\" style=\"padding-top: 75%\"><\/span><\/div><\/div><div class=\"sub-entry\"><h3 class=\"dpt-title\"><a class=\"dpt-title-link\" href=\"https:\/\/www.markus-schall.de\/it\/2026\/01\/storia-della-propaganda-metodi-forme-moderne-e-come-riconoscerle\/\" rel=\"bookmark\">Propaganda: storia, metodi, forme moderne e come riconoscerle<\/a><\/h3><\/div><\/div>\n\t\t\t\t\t\t<\/div><!-- .dpt-entry -->\n\t\t\t\t\t\t\t\t\t\t\t\t<div class=\"dpt-entry has-thumbnail\" data-title=\"zukunft mit ladeger\u00e4t \u2013 herr von l&#8217;oreot kauft einen e-scooter\" data-id=\"3229\"  data-category=\"allgemein gesellschaft kunst &amp; kultur stories &amp; humor\" data-post_tag=\"erfahrungen\">\n\t\t\t\t\t\t\t<div class=\"dpt-entry-wrapper\"><div class=\"dpt-featured-content\"><div class=\"dpt-permalink\"><a href=\"https:\/\/www.markus-schall.de\/it\/2025\/10\/futuro-con-caricabatterie-il-signor-von-loreot-compra-un-e-scooter\/\" class=\"dpt-permalink\"><span class=\"screen-reader-text\">Il futuro con il caricabatterie - Il signor von L'oreot acquista un e-scooter<\/span><\/a><\/div><div class=\"dpt-thumbnail\"><div class=\"dpt-thumbnail-inner\"><img width=\"1024\" height=\"747\" class=\"attachment-full size-full\" alt=\"\" context=\"dpt\" data-dpt-src=\"https:\/\/www.markus-schall.de\/wp-content\/uploads\/loereot-e-scooter-1.jpg\" data-dpt-sizes=\"(max-width: 1024px) 100vw, 1024px\" data-dpt-srcset=\"https:\/\/www.markus-schall.de\/wp-content\/uploads\/loereot-e-scooter-1.jpg 1024w, https:\/\/www.markus-schall.de\/wp-content\/uploads\/loereot-e-scooter-1-300x219.jpg 300w, https:\/\/www.markus-schall.de\/wp-content\/uploads\/loereot-e-scooter-1-768x560.jpg 768w, https:\/\/www.markus-schall.de\/wp-content\/uploads\/loereot-e-scooter-1-16x12.jpg 16w\" \/><\/div><span class=\"dpt-thumbnail-aspect-ratio\" style=\"padding-top: 75%\"><\/span><\/div><\/div><div class=\"sub-entry\"><h3 class=\"dpt-title\"><a class=\"dpt-title-link\" href=\"https:\/\/www.markus-schall.de\/it\/2025\/10\/futuro-con-caricabatterie-il-signor-von-loreot-compra-un-e-scooter\/\" rel=\"bookmark\">Il futuro con il caricabatterie - Il signor von L'oreot acquista un e-scooter<\/a><\/h3><\/div><\/div>\n\t\t\t\t\t\t<\/div><!-- .dpt-entry -->\n\t\t\t\t\t\t\t\t\t\t\t\t<div class=\"dpt-entry has-thumbnail\" data-title=\"dieter bohlen im klartext: warum deutschland an der eigenen b\u00fcrokratie scheitert\" data-id=\"3546\"  data-category=\"allgemein b\u00fccher gesellschaft kunst &amp; kultur\" data-post_tag=\"buch deutschland erfahrungen krisen meinungsfreiheit musik\">\n\t\t\t\t\t\t\t<div class=\"dpt-entry-wrapper\"><div class=\"dpt-featured-content\"><div class=\"dpt-permalink\"><a href=\"https:\/\/www.markus-schall.de\/it\/2025\/11\/dieter-bohlen-in-parole-povere-perche-la-germania-sta-fallendo-a-causa-della-sua-stessa-burocrazia\/\" class=\"dpt-permalink\"><span class=\"screen-reader-text\">Dieter Bohlen in parole povere: perch\u00e9 la Germania sta fallendo a causa della sua stessa burocrazia<\/span><\/a><\/div><div class=\"dpt-thumbnail\"><div class=\"dpt-thumbnail-inner\"><img width=\"1536\" height=\"1024\" class=\"attachment-full size-full\" alt=\"Dieter Bohlen in conversazione con Dominik Kettner\" context=\"dpt\" data-dpt-src=\"https:\/\/www.markus-schall.de\/wp-content\/uploads\/bohlen-kettner-germany.jpg\" data-dpt-sizes=\"(max-width: 1536px) 100vw, 1536px\" data-dpt-srcset=\"https:\/\/www.markus-schall.de\/wp-content\/uploads\/bohlen-kettner-germany.jpg 1536w, https:\/\/www.markus-schall.de\/wp-content\/uploads\/bohlen-kettner-germany-300x200.jpg 300w, https:\/\/www.markus-schall.de\/wp-content\/uploads\/bohlen-kettner-germany-1024x683.jpg 1024w, https:\/\/www.markus-schall.de\/wp-content\/uploads\/bohlen-kettner-germany-768x512.jpg 768w, https:\/\/www.markus-schall.de\/wp-content\/uploads\/bohlen-kettner-germany-18x12.jpg 18w\" \/><\/div><span class=\"dpt-thumbnail-aspect-ratio\" style=\"padding-top: 75%\"><\/span><\/div><\/div><div class=\"sub-entry\"><h3 class=\"dpt-title\"><a class=\"dpt-title-link\" href=\"https:\/\/www.markus-schall.de\/it\/2025\/11\/dieter-bohlen-in-parole-povere-perche-la-germania-sta-fallendo-a-causa-della-sua-stessa-burocrazia\/\" rel=\"bookmark\">Dieter Bohlen in parole povere: perch\u00e9 la Germania sta fallendo a causa della sua stessa burocrazia<\/a><\/h3><\/div><\/div>\n\t\t\t\t\t\t<\/div><!-- .dpt-entry -->\n\t\t\t\t\t\t\t\t\t\t\t\t<div class=\"dpt-entry has-thumbnail\" data-title=\"johann sebastian bach \u2013 ordnung, haltung und das fundament unserer musik\" data-id=\"5033\"  data-category=\"allgemein gesellschaft kunst &amp; kultur\" data-post_tag=\"deutschland musik portrait\">\n\t\t\t\t\t\t\t<div class=\"dpt-entry-wrapper\"><div class=\"dpt-featured-content\"><div class=\"dpt-permalink\"><a href=\"https:\/\/www.markus-schall.de\/it\/2026\/02\/johann-sebastian-bach-ordine-atteggiamento-e-fondamento-della-nostra-musica\/\" class=\"dpt-permalink\"><span class=\"screen-reader-text\">Johann Sebastian Bach - l'ordine, l'atteggiamento e il fondamento della nostra musica<\/span><\/a><\/div><div class=\"dpt-thumbnail\"><div class=\"dpt-thumbnail-inner\"><img width=\"1024\" height=\"683\" class=\"attachment-full size-full\" alt=\"Ritratto di Johann Sebastian Bach\" context=\"dpt\" data-dpt-src=\"https:\/\/www.markus-schall.de\/wp-content\/uploads\/Johann-Sebastian-Bach-Portrait.jpg\" data-dpt-sizes=\"(max-width: 1024px) 100vw, 1024px\" data-dpt-srcset=\"https:\/\/www.markus-schall.de\/wp-content\/uploads\/Johann-Sebastian-Bach-Portrait.jpg 1024w, https:\/\/www.markus-schall.de\/wp-content\/uploads\/Johann-Sebastian-Bach-Portrait-300x200.jpg 300w, https:\/\/www.markus-schall.de\/wp-content\/uploads\/Johann-Sebastian-Bach-Portrait-768x512.jpg 768w, https:\/\/www.markus-schall.de\/wp-content\/uploads\/Johann-Sebastian-Bach-Portrait-18x12.jpg 18w\" \/><\/div><span class=\"dpt-thumbnail-aspect-ratio\" style=\"padding-top: 75%\"><\/span><\/div><\/div><div class=\"sub-entry\"><h3 class=\"dpt-title\"><a class=\"dpt-title-link\" href=\"https:\/\/www.markus-schall.de\/it\/2026\/02\/johann-sebastian-bach-ordine-atteggiamento-e-fondamento-della-nostra-musica\/\" rel=\"bookmark\">Johann Sebastian Bach - l'ordine, l'atteggiamento e il fondamento della nostra musica<\/a><\/h3><\/div><\/div>\n\t\t\t\t\t\t<\/div><!-- .dpt-entry -->\n\t\t\t\t\t\t\n\t\t\t\t<\/div>\n\t\t\t\t\t\t<\/div>\n\t\t\t\n<hr \/>\n<h2>Andamento dell'inflazione<\/h2>\n<p>L'andamento dell'inflazione \u00e8 uno dei settori in cui l'incertezza delle previsioni economiche \u00e8 diventata particolarmente evidente. Quasi nessun altro argomento \u00e8 stato discusso cos\u00ec intensamente durante la pandemia - e allo stesso tempo valutato in modo cos\u00ec diverso.<\/p>\n<p>Un aspetto fondamentale su cui molti esperti si sono concentrati \u00e8 l'inflazione. Sebbene si sia discusso se la pandemia avrebbe portato a un aumento, a una diminuzione o addirittura a una deflazione, la maggior parte degli esperti ha concordato che quest'ultima si sarebbe verificata. Molti economisti hanno spiegato questo fatto con un aumento della disoccupazione, che avrebbe limitato la crescita dei salari e portato a un aumento dei risparmi.<\/p>\n<p>Una minoranza di economisti ha assunto una posizione pi\u00f9 critica e ha messo in guardia dal sottovalutare i rischi di inflazione. Secondo Olivier Blanchard <a href=\"https:\/\/www.piie.com\/blogs\/realtime-economic-issues-watch\/high-inflation-unlikely-not-impossible-advanced-economies\" target=\"_blank\" rel=\"noopener\"><strong>Articolo PIIE dell'anno 2020<\/strong><\/a> L'inflazione elevata era improbabile e si sarebbe verificata solo nel raro caso in cui fossero stati presenti contemporaneamente tre fattori specifici: un debito pubblico consistente, la richiesta di tassi di interesse pi\u00f9 elevati da parte degli investitori e le pressioni del governo sulle banche centrali per mantenere bassi i tassi di interesse. Sebbene Blanchard abbia stimato una probabilit\u00e0 inferiore al 3 %, l'improbabile \u00e8 diventato realt\u00e0 in molti paesi.<\/p>\n<hr \/>\n<h3>Sondaggio attuale sulla fiducia nella politica e nei media<\/h3>\n<div class='bootstrap-yop yop-poll-mc'>\n\t\t\t\t\t\t\t<div class=\"basic-yop-poll-container\" style=\"background-color:#ffffff; border:0px; border-style:solid; border-color:#000000; border-radius:5px; padding:0px 5px;\" data-id=\"1\" data-temp=\"basic-pretty\" data-skin=\"square\" data-cscheme=\"blue\" data-cap=\"0\" data-access=\"guest\" data-tid=\"\" data-uid=\"1f127b30b52b4fe0723cd577b52a105e\" data-pid=\"5033\" data-resdet=\"votes-number,percentages\" data-show-results-to=\"guest\" data-show-results-moment=\"after-vote\" data-show-results-only=\"false\" data-show-message=\"true\" data-show-results-as=\"bar\" data-sort-results-by=\"as-defined\" data-sort-results-rule=\"asc\"data-is-ended=\"0\" data-percentages-decimals=\"2\" data-gdpr=\"no\" data-gdpr-sol=\"consent\" data-css=\"\" data-counter=\"0\" data-load-with=\"1\" data-notification-section=\"top\"><div class=\"row\"><div class=\"col-md-12\"><div class=\"basic-inner\"><div class=\"basic-message hide\" style=\"border-left: 10px solid #008000; padding: 0px 10px;\" data-error=\"#ff0000\" data-success=\"#008000\"><p class=\"basic-message-text\" style=\"color:#000000; font-size:14px; font-weight:normal;\"><\/p><\/div><div class=\"basic-overlay hide\"><div class=\"basic-vote-options\"><\/div><div class=\"basic-preloader\"><div class=\"basic-windows8\"><div class=\"basic-wBall basic-wBall_1\"><div class=\"basic-wInnerBall\"><\/div><\/div><div class=\"basic-wBall basic-wBall_2\"><div class=\"basic-wInnerBall\"><\/div><\/div><div class=\"basic-wBall basic-wBall_3\"><div class=\"basic-wInnerBall\"><\/div><\/div><div class=\"basic-wBall basic-wBall_4\"><div class=\"basic-wInnerBall\"><\/div><\/div><div class=\"basic-wBall basic-wBall_5\"><div class=\"basic-wInnerBall\"><\/div><\/div><\/div><\/div><\/div><form class=\"basic-form\" action=\"\"><input type=\"hidden\" name=\"_token\" value=\"a4e938ed59\" autocomplete=\"off\"><div class=\"basic-elements\"><div class=\"basic-element basic-question basic-question-text-vertical\" data-id=\"1\" data-uid=\"7b3864ef3c3c2a4eb7601e8793f7a2b1\" data-type=\"question\" data-question-type=\"text\" data-required=\"yes\" data-allow-multiple=\"no\" data-min=\"1\" data-max=\"1\" data-display=\"vertical\" data-colnum=\"\" data-display-others=\"no\" data-others-color=\"\" data-others=\"\" data-others-max-chars=\"0\"><div class=\"basic-question-title\"><h5 style=\"color:#000000; font-size:16px; font-weight:normal; text-align:left;\">Quanta fiducia ha nella politica e nei media in Germania?<\/h5><\/div><ul class=\"basic-answers\"><li class=\"basic-answer\" style=\"padding:0px 0px;\" data-id=\"1\" data-type=\"text\" data-vn=\"10\" data-color=\"#000000\" data-make-link=\"no\" data-link=\"\"><div class=\"basic-answer-content basic-text-vertical\"><label for=\"answer[1]\" class=\"basic-answer-label\"><input type=\"radio\" id=\"answer[1]\" name=\"answer[1]\" value=\"1\"><span class=\"basic-text\" style=\"color: #000000; font-size: 14px; font-weight: normal;\">Molto alto - Ho piena fiducia negli organismi ufficiali<\/span><\/label><\/div><\/li><li class=\"basic-answer\" style=\"padding:0px 0px;\" data-id=\"2\" data-type=\"text\" data-vn=\"22\" data-color=\"#000000\" data-make-link=\"no\" data-link=\"\"><div class=\"basic-answer-content basic-text-vertical\"><label for=\"answer[2]\" class=\"basic-answer-label\"><input type=\"radio\" id=\"answer[2]\" name=\"answer[1]\" value=\"2\"><span class=\"basic-text\" style=\"color: #000000; font-size: 14px; font-weight: normal;\">Medio - Sono cauto, ma non fondamentalmente sospettoso.<\/span><\/label><\/div><\/li><li class=\"basic-answer\" style=\"padding:0px 0px;\" data-id=\"3\" data-type=\"text\" data-vn=\"53\" data-color=\"#000000\" data-make-link=\"no\" data-link=\"\"><div class=\"basic-answer-content basic-text-vertical\"><label for=\"answer[3]\" class=\"basic-answer-label\"><input type=\"radio\" id=\"answer[3]\" name=\"answer[1]\" value=\"3\"><span class=\"basic-text\" style=\"color: #000000; font-size: 14px; font-weight: normal;\">Basso - Controllo personalmente molte cose<\/span><\/label><\/div><\/li><li class=\"basic-answer\" style=\"padding:0px 0px;\" data-id=\"4\" data-type=\"text\" data-vn=\"251\" data-color=\"#000000\" data-make-link=\"no\" data-link=\"\"><div class=\"basic-answer-content basic-text-vertical\"><label for=\"answer[4]\" class=\"basic-answer-label\"><input type=\"radio\" id=\"answer[4]\" name=\"answer[1]\" value=\"4\"><span class=\"basic-text\" style=\"color: #000000; font-size: 14px; font-weight: normal;\">Quasi inesistente - credo che molto sia velato o messo in scena<\/span><\/label><\/div><\/li><\/ul><\/div><div class=\"clearfix\"><\/div><\/div><div class=\"basic-vote\"><a href=\"#\" class=\"button basic-vote-button\" role=\"button\" style=\"background:#027bb8; border:0px; border-style: solid; border-color:#1636f0; border-radius:5px; padding:10px 10px; color:#ffffff; font-size:14px; font-weight:normal;\">Voto<\/a><\/div><input type=\"hidden\" name=\"trp-form-language\" value=\"it\"\/><\/form><\/div><\/div><\/div><\/div>\n\t\t\t\t\t\t<\/div>\n<hr \/>\n<p>Con un tasso d'inflazione medio dell'8 %, gli Stati Uniti hanno raggiunto il livello pi\u00f9 alto dall'inizio degli anni Ottanta. Ci\u00f2 \u00e8 dovuto principalmente alle interruzioni delle catene di approvvigionamento. In particolare, le serrate hanno costretto molte fabbriche a chiudere, provocando incertezza nell'attivit\u00e0 economica e perdite di produzione per diversi beni industriali.<\/p>\n<p>Un altro fattore che ha contribuito all'aumento dell'inflazione \u00e8 stato l'improvviso cambiamento delle preferenze dei consumatori. Durante la pandemia, molte famiglie hanno ridotto la spesa per i beni non essenziali. Si stima che la pandemia sia stata responsabile di una diminuzione della spesa normale delle famiglie pari a <a href=\"https:\/\/www.ons.gov.uk\/peoplepopulationandcommunity\/personalandhouseholdfinances\/expenditure\/articles\/morethanonefifthofusualhouseholdspendinghasbeenlargelypreventedduringlockdown\/2020-06-11\" target=\"_blank\" rel=\"noopener\"><strong>circa un quinto responsabile<\/strong><\/a>. Quando il blocco \u00e8 terminato, c'\u00e8 stato un enorme aumento della domanda di molti nuovi prodotti, tipicamente industriali.<\/p>\n<p>Guardando indietro, \u00e8 chiaro che diversi sviluppi hanno avuto un impatto allo stesso tempo: catene di approvvigionamento perturbate, interventi governativi, cambiamenti nel comportamento dei consumatori e un livello generale di incertezza elevato. \u00c8 stata proprio questa combinazione a essere sottovalutata in molte previsioni. L'andamento dell'inflazione durante e dopo la pandemia illustra quindi quanto sia difficile prevedere in modo affidabile le dinamiche economiche in condizioni eccezionali.<\/p>\n<p><img loading=\"lazy\" decoding=\"async\" class=\"alignnone size-full wp-image-5884\" src=\"https:\/\/www.markus-schall.de\/wp-content\/uploads\/Pandemie-Oekonomen-Wirtschaft-Gleichgewicht.jpg\" alt=\"Equilibrio economico\" width=\"1024\" height=\"682\" srcset=\"https:\/\/www.markus-schall.de\/wp-content\/uploads\/Pandemie-Oekonomen-Wirtschaft-Gleichgewicht.jpg 1024w, https:\/\/www.markus-schall.de\/wp-content\/uploads\/Pandemie-Oekonomen-Wirtschaft-Gleichgewicht-300x200.jpg 300w, https:\/\/www.markus-schall.de\/wp-content\/uploads\/Pandemie-Oekonomen-Wirtschaft-Gleichgewicht-768x512.jpg 768w, https:\/\/www.markus-schall.de\/wp-content\/uploads\/Pandemie-Oekonomen-Wirtschaft-Gleichgewicht-18x12.jpg 18w\" sizes=\"auto, (max-width: 1024px) 100vw, 1024px\" \/><\/p>\n<h2>Crescita economica<\/h2>\n<p>Anche per quanto riguarda la crescita economica, \u00e8 apparso subito chiaro quanto sia difficile fare previsioni affidabili in condizioni eccezionali. Molte ipotesi sembravano inizialmente plausibili, ma hanno retto solo in parte agli sviluppi effettivi. Sebbene non si ipotizzasse che la crescita del PIL sarebbe rimasta costante, molti economisti hanno ipotizzato una tendenza al ribasso nel lungo periodo, con alcune controverse previsioni di un forte calo seguito da una rapida ripresa.<\/p>\n<p>Oggi, la maggior parte dei Paesi europei \u00e8 ancora al di sotto dei trend precedenti alla pandemia di coronavirus e registra una crescita pi\u00f9 lenta rispetto a prima della pandemia. Una delle poche eccezioni \u00e8 rappresentata dagli Stati Uniti che, a differenza di Germania e Canada, hanno ripreso da tempo il loro percorso pre-pandemia.<\/p>\n<p>Negli Stati Uniti, la maggiore flessibilit\u00e0 del mercato del lavoro ha reso molto pi\u00f9 facile per i dipendenti passare da un settore all'altro. La spesa pi\u00f9 elevata e <a href=\"https:\/\/www.piie.com\/research\/piie-charts\/pandemic-led-consumers-spend-more-goods-less-services#:~:text=The%20pandemic%20has%20forced%20countless,data%20tell%20us%20about%202020\" target=\"_blank\" rel=\"noopener\"><strong>Investimenti della popolazione e delle imprese<\/strong><\/a> ha sostenuto la ripresa economica del Paese. Inoltre, gli Stati Uniti sono stati meno esposti agli shock esterni rispetto alla maggior parte delle nazioni europee. L'Europa, ad esempio, \u00e8 stata duramente colpita dall'attacco all'Ucraina e dalla relativa crisi energetica.<\/p>\n<p>Negli Stati Uniti, misure governative come un ampio sostegno finanziario sotto forma di sussidi di disoccupazione e aiuti alle imprese hanno garantito una ripresa molto pi\u00f9 rapida, mentre le aziende di altri Paesi hanno ricevuto un sostegno molto minore di questo tipo. Programmi come l'Inflation Reduction Act e il CHIPS Act, entrambi approvati nel 2022, hanno garantito la crescita di settori chiave come l'industria manifatturiera nazionale e l'energia verde grazie all'aumento degli investimenti.<\/p>\n<p>Nel complesso, \u00e8 chiaro che la ripresa economica dipende fortemente dalle condizioni strutturali: La flessibilit\u00e0 del mercato del lavoro, gli interventi governativi e le pressioni esterne interagiscono in modo diverso e portano a sviluppi significativamente divergenti tra le singole regioni. Le previsioni che non tengono sufficientemente conto di queste differenze raggiungono rapidamente i loro limiti nella pratica.<\/p>\n<p>Ein kurzer Beitrag aus dem Jahr 2021 zeigt, wie die wirtschaftlichen Auswirkungen der Pandemie bereits fr\u00fch anders eingesch\u00e4tzt wurden als zun\u00e4chst angenommen.<\/p>\n<div class=\"lyte-wrapper\" style=\"width:640px;max-width:100%;margin:5px;\"><div class=\"lyMe\" id=\"WYL_za7AsS4z2Fc\"><div id=\"lyte_za7AsS4z2Fc\" data-src=\"https:\/\/www.markus-schall.de\/wp-content\/plugins\/wp-youtube-lyte\/lyteCache.php?origThumbUrl=%2F%2Fi.ytimg.com%2Fvi%2Fza7AsS4z2Fc%2Fhqdefault.jpg\" class=\"pL\"><div class=\"tC\"><div class=\"tT\"><\/div><\/div><div class=\"play\"><\/div><div class=\"ctrl\"><div class=\"Lctrl\"><\/div><div class=\"Rctrl\"><\/div><\/div><\/div><noscript><a href=\"https:\/\/youtu.be\/za7AsS4z2Fc\" rel=\"nofollow noopener\" target=\"_blank\"><img loading=\"lazy\" decoding=\"async\" src=\"https:\/\/www.markus-schall.de\/wp-content\/plugins\/wp-youtube-lyte\/lyteCache.php?origThumbUrl=https%3A%2F%2Fi.ytimg.com%2Fvi%2Fza7AsS4z2Fc%2F0.jpg\" alt=\"Miniatura del video di YouTube\" width=\"640\" height=\"340\" \/><br \/>Guarda questo video su YouTube<\/a><\/noscript><\/div><\/div><div class=\"lL\" style=\"max-width:100%;width:640px;margin:5px;\"><\/div><br \/>\nCorona-Pandemie: Deutsche Wirtschaft st\u00e4rker betroffen als angenommen | <a href=\"https:\/\/www.youtube.com\/@faz\" target=\"_blank\" rel=\"nofollow noopener\">faz<\/a><\/p>\n<h2>Variazione della produttivit\u00e0<\/h2>\n<p>Durante la pandemia si \u00e8 discusso intensamente anche dello sviluppo della produttivit\u00e0. Molti osservatori hanno visto la crisi non solo come un peso, ma anche come un'opportunit\u00e0 di miglioramento strutturale, in particolare attraverso un'accelerazione della digitalizzazione.<\/p>\n<p>Inoltre, molti esperti ritenevano che la pandemia COVID-19 avrebbe portato a un aumento della produttivit\u00e0 delle aziende, costrette a investire pi\u00f9 rapidamente nella digitalizzazione. In realt\u00e0, nel secondo trimestre del 2020 la produttivit\u00e0 \u00e8 stata superiore di 11,1 % rispetto al quarto trimestre del 2019, ma ci\u00f2 \u00e8 stato in parte dovuto alla chiusura di settori a bassa produttivit\u00e0 come il commercio al dettaglio, che ha aumentato significativamente la quota di settori altamente produttivi come la finanza e la manifattura.<\/p>\n<p>Allo stesso tempo, questo aumento \u00e8 stato alimentato anche dal fatto che i dipendenti si sono spostati da settori a bassa produttivit\u00e0 a settori a pi\u00f9 alta produttivit\u00e0. Quando il settore dei servizi si \u00e8 riaperto dopo la pandemia, questo effetto \u00e8 diminuito di nuovo. Secondo un'analisi della BCE, l'effetto positivo della riallocazione del lavoro nel 2020 ha rappresentato circa la met\u00e0 della crescita totale della produttivit\u00e0 tra il 2020 e il 2023.<\/p>\n<p>Questo dimostra come gli aumenti di produttivit\u00e0 a breve termine siano spesso dovuti a effetti di composizione piuttosto che a veri e propri guadagni di efficienza, di cui molte previsioni non hanno tenuto sufficientemente conto.<\/p>\n<p>In retrospettiva, ci\u00f2 rende chiaro che non tutti gli aumenti di produttivit\u00e0 misurati indicano automaticamente miglioramenti sostenibili. Soprattutto in situazioni eccezionali, gli effetti statistici possono dare un'immagine distorta se i cambiamenti strutturali sono solo temporanei.<\/p>\n<p><img loading=\"lazy\" decoding=\"async\" class=\"alignnone size-full wp-image-5885\" src=\"https:\/\/www.markus-schall.de\/wp-content\/uploads\/Pandemie-Oekonomen-Produktivitaet-Wachstum.jpg\" alt=\"Produttivit\u00e0, crescita e livelli di debito\" width=\"1024\" height=\"682\" srcset=\"https:\/\/www.markus-schall.de\/wp-content\/uploads\/Pandemie-Oekonomen-Produktivitaet-Wachstum.jpg 1024w, https:\/\/www.markus-schall.de\/wp-content\/uploads\/Pandemie-Oekonomen-Produktivitaet-Wachstum-300x200.jpg 300w, https:\/\/www.markus-schall.de\/wp-content\/uploads\/Pandemie-Oekonomen-Produktivitaet-Wachstum-768x512.jpg 768w, https:\/\/www.markus-schall.de\/wp-content\/uploads\/Pandemie-Oekonomen-Produktivitaet-Wachstum-18x12.jpg 18w\" sizes=\"auto, (max-width: 1024px) 100vw, 1024px\" \/><\/p>\n<h2>Livello di indebitamento<\/h2>\n<p>Un altro aspetto fondamentale dello sviluppo economico durante la pandemia \u00e8 stato il forte aumento del debito in molti Paesi. Quasi nessun'altra area \u00e8 stata discussa cos\u00ec intensamente, poich\u00e9 la stabilizzazione a breve termine e i rischi a lungo termine sono entrati in conflitto diretto.<\/p>\n<p>Si \u00e8 discusso molto sull'aumento del debito e l'opinione prevalente si \u00e8 rivelata in gran parte corretta. Molti governi hanno contratto enormi debiti durante la pandemia per finanziare le misure finanziarie a sostegno dell'economia e prevenire ulteriori crolli. Si stima che il rapporto debito pubblico\/PIL sia passato da 88 % nel 2019 a 105 % nel 2020.<\/p>\n<p>Sebbene molti economisti tradizionalmente considerassero l'aumento del debito come una minaccia per l'economia, si \u00e8 diffusa l'idea che un debito pi\u00f9 elevato possa essere un mezzo efficace per stabilizzare intere economie. I Paesi dell'Asia orientale e del Pacifico sono stati particolarmente colpiti a causa degli elevati livelli di debito preesistenti, con un aumento di 26 punti percentuali del PIL. Altre regioni sono state ulteriormente colpite dalla limitazione dell'accesso ai mercati nazionali, che ha costretto i governi a contrarre prestiti all'estero, e dal calo della produzione e delle entrate, soprattutto nella maggior parte delle economie avanzate e in Medio Oriente.<\/p>\n<p>Alcuni Paesi africani hanno registrato un aumento significativo del debito, soprattutto a causa della forte dipendenza dagli aiuti internazionali e dello spazio fiscale limitato. Ad esempio, l'alto livello di debito della Sierra Leone, originariamente causato dalla crisi di Ebola nel 2014 e 2015, ha continuato ad aumentare in modo significativo a causa dei prestiti contratti durante la pandemia di COVID, che ha portato a tagli significativi della spesa pubblica.<\/p>\n<p>Anche se l'Europa non \u00e8 stata colpita cos\u00ec gravemente come molte altre regioni, la pandemia ha comunque causato notevoli danni economici e alti livelli di indebitamento e probabilmente continuer\u00e0 a limitare la spesa sociale e gli investimenti del settore privato.<\/p>\n<p>Nel complesso, \u00e8 chiaro che il debito pubblico pu\u00f2 essere uno strumento necessario per garantire la stabilit\u00e0 economica in tempi di crisi. Allo stesso tempo, le conseguenze a lungo termine di questo sviluppo restano difficili da valutare e caratterizzeranno l'ambito della politica finanziaria di molti Paesi per gli anni a venire.<\/p>\n<div style=\"overflow-x: auto;\">\n<table style=\"width: 100%; border-collapse: collapse;\">\n<tbody>\n<tr style=\"background-color: #f2f2f2;\">\n<th style=\"border: 1px solid #ccc; padding: 8px; text-align: left;\">Gamma<\/th>\n<th style=\"border: 1px solid #ccc; padding: 8px; text-align: left;\">Aspettative di molti economisti<\/th>\n<th style=\"border: 1px solid #ccc; padding: 8px; text-align: left;\">Sviluppo e insegnamento effettivi<\/th>\n<\/tr>\n<tr>\n<td style=\"border: 1px solid #ccc; padding: 8px;\"><strong>Inflazione<\/strong><\/td>\n<td style=\"border: 1px solid #ccc; padding: 8px;\">Molti esperti si aspettavano una bassa inflazione o addirittura una deflazione, poich\u00e9 la disoccupazione e l'incertezza dovrebbero frenare la domanda.<\/td>\n<td style=\"border: 1px solid #ccc; padding: 8px;\">Le interruzioni della catena di approvvigionamento, i cambiamenti nel comportamento dei consumatori e le misure governative hanno portato a forti aumenti dei prezzi. La lezione: le strozzature dell'offerta possono rapidamente ribaltare le previsioni.<\/td>\n<\/tr>\n<tr>\n<td style=\"border: 1px solid #ccc; padding: 8px;\"><strong>Crescita economica<\/strong><\/td>\n<td style=\"border: 1px solid #ccc; padding: 8px;\">Molte previsioni hanno previsto un crollo significativo e una ripresa incerta, in alcuni casi pi\u00f9 debole, nel lungo periodo.<\/td>\n<td style=\"border: 1px solid #ccc; padding: 8px;\">La ripresa \u00e8 stata molto diversa da regione a regione. Gli Stati Uniti si sono ripresi pi\u00f9 velocemente di molti paesi europei. La lezione: il mercato del lavoro, la dipendenza energetica e il sostegno del governo sono fondamentali.<\/td>\n<\/tr>\n<tr>\n<td style=\"border: 1px solid #ccc; padding: 8px;\"><strong>Produttivit\u00e0<\/strong><\/td>\n<td style=\"border: 1px solid #ccc; padding: 8px;\">Alcuni esperti si aspettano che la digitalizzazione e le nuove forme di lavoro portino ad aumenti di produttivit\u00e0 sostenibili.<\/td>\n<td style=\"border: 1px solid #ccc; padding: 8px;\">Parte dell'aumento \u00e8 dovuto a effetti di composizione, ad esempio alla chiusura di settori con una produttivit\u00e0 inferiore. La lezione: non tutti gli aumenti misurati sono veri progressi.<\/td>\n<\/tr>\n<tr>\n<td style=\"border: 1px solid #ccc; padding: 8px;\"><strong>Debito pubblico<\/strong><\/td>\n<td style=\"border: 1px solid #ccc; padding: 8px;\">Molti economisti si aspettavano un aumento significativo del debito a seguito degli ampi programmi di aiuto.<\/td>\n<td style=\"border: 1px solid #ccc; padding: 8px;\">Questa valutazione \u00e8 stata ampiamente confermata. La lezione: il debito pu\u00f2 stabilizzarsi nelle crisi, ma limita il margine di manovra della politica fiscale nel lungo periodo.<\/td>\n<\/tr>\n<\/tbody>\n<\/table>\n<\/div>\n<h2>Risultati importanti<\/h2>\n<p>In sintesi, si pu\u00f2 affermare che molte delle previsioni economiche durante la pandemia sono state solo parzialmente accurate. Sebbene le singole ipotesi non fossero fondamentalmente sbagliate, l'impatto simultaneo di diversi fattori \u00e8 stato spesso sottovalutato. \u00c8 proprio questa una delle lezioni chiave di questo periodo.<\/p>\n<p>L'inflazione, la crescita economica e la produttivit\u00e0 hanno dimostrato che gli sviluppi economici raramente si verificano in modo isolato. Problemi di catena di approvvigionamento, interventi governativi, cambiamenti nel comportamento dei consumatori e differenze strutturali tra le economie nazionali si sono intrecciati e hanno portato a risultati che difficilmente avrebbero potuto essere previsti in questo modo. Ci\u00f2 \u00e8 risultato particolarmente chiaro nel caso dell'inflazione, la cui dinamica molti modelli non erano in grado di descrivere.<\/p>\n<p>\u00c8 emersa anche la misura in cui le condizioni istituzionali svolgono un ruolo nella crescita economica. I Paesi con mercati del lavoro pi\u00f9 flessibili e ampie misure di sostegno statale sono stati in grado di riprendersi pi\u00f9 velocemente di altri. Allo stesso tempo, l'andamento della produttivit\u00e0 ha dimostrato che gli effetti a breve termine sono spesso sovrastimati se si basano su variazioni statistiche e non su miglioramenti sostenibili.<\/p>\n<p>L'aumento del debito pubblico evidenzia a sua volta la tensione tra stabilizzazione a breve termine e sostenibilit\u00e0 a lungo termine. Sebbene sia stato uno strumento importante durante la crisi, il suo impatto futuro rimane incerto e accompagner\u00e0 molte economie per gli anni a venire.<br \/>\nNel complesso, la pandemia rende evidente che le previsioni economiche raggiungono i loro limiti in tempi di profondi sconvolgimenti. Sottolinea l'importanza di prendere in considerazione diversi scenari e di considerare l'incertezza non come un'eccezione, ma come parte integrante della realt\u00e0 economica.<\/p>\n<h3>Uno sguardo al passato: dove tutto \u00e8 cominciato<\/h3>\n<p><a href=\"https:\/\/www.markus-schall.de\/it\/2025\/11\/da-dove-viene-la-sars-cov-2-una-panoramica-fattuale-di-tutte-le-teorie-sulla-corona\/\"><img loading=\"lazy\" decoding=\"async\" class=\"alignright wp-image-3527 size-medium\" src=\"https:\/\/www.markus-schall.de\/wp-content\/uploads\/sars-covii-corona-300x213.jpg\" alt=\"SARS-CoV-2 - Corona\" width=\"300\" height=\"213\" srcset=\"https:\/\/www.markus-schall.de\/wp-content\/uploads\/sars-covii-corona-300x213.jpg 300w, https:\/\/www.markus-schall.de\/wp-content\/uploads\/sars-covii-corona-768x546.jpg 768w, https:\/\/www.markus-schall.de\/wp-content\/uploads\/sars-covii-corona-18x12.jpg 18w, https:\/\/www.markus-schall.de\/wp-content\/uploads\/sars-covii-corona.jpg 1024w\" sizes=\"auto, (max-width: 300px) 100vw, 300px\" \/><\/a>Se si vogliono comprendere le conseguenze economiche della pandemia, non si pu\u00f2 prescindere da una domanda fondamentale: <a href=\"https:\/\/www.markus-schall.de\/it\/2025\/11\/da-dove-viene-la-sars-cov-2-una-panoramica-fattuale-di-tutte-le-teorie-sulla-corona\/\"><strong>Come \u00e8 iniziato tutto?<\/strong><\/a> Mentre questo articolo si occupa degli effetti sull'inflazione, sulla crescita e sulle previsioni economiche, vale la pena dare uno sguardo complementare alle origini del virus stesso. Un articolo a parte affronta proprio questo punto, con obiettivit\u00e0, calma e senza saltare alle conclusioni. Mette a confronto le varie teorie sulle origini della SARS-CoV-2, dalle origini naturali alle ipotesi di laboratorio, senza influenzarne nessuna. L'obiettivo \u00e8 quello di fornire un orientamento e le basi per un proprio giudizio. Proprio perch\u00e9 gli sviluppi economici sono stati fortemente influenzati dai primi mesi della pandemia, questa rassegna aiuta a comprendere meglio il quadro generale. Chiunque si chieda come un rapporto sulla salute locale si sia trasformato in una crisi globale, vi trover\u00e0 una categorizzazione fondata.<\/p>\n<h2>Fonti utilizzate nell'articolo<\/h2>\n<div class=\"quellenblock\">\n<ul>\n<li><strong><a href=\"https:\/\/economicsnetwork.ac.uk\/research\/understandingecon\" target=\"_blank\" rel=\"noopener noreferrer\">Rete di economia<\/a><\/strong>Contributo alla percezione pubblica delle dichiarazioni economiche e alla fiducia nelle previsioni economiche.<\/li>\n<li><strong><a href=\"https:\/\/www.piie.com\/blogs\/realtime-economic-issues-watch\/high-inflation-unlikely-not-impossible-advanced-economies\" target=\"_blank\" rel=\"noopener noreferrer\">Istituto Peterson per l'economia internazionale - Olivier Blanchard<\/a><\/strong>Analisi del 2020 sul motivo per cui un'inflazione elevata nelle economie avanzate era considerata improbabile, ma non impossibile.<\/li>\n<li><strong><a href=\"https:\/\/www.ons.gov.uk\/peoplepopulationandcommunity\/personalandhouseholdfinances\/expenditure\/articles\/morethanonefifthofusualhouseholdspendinghasbeenlargelypreventedduringlockdown\/2020-06-11\" target=\"_blank\" rel=\"noopener noreferrer\">Ufficio per le statistiche nazionali<\/a><\/strong>Studio sull'impatto delle serrate sulla spesa delle famiglie e sul comportamento dei consumatori durante la pandemia.<\/li>\n<li><strong><a href=\"https:\/\/www.piie.com\/research\/piie-charts\/pandemic-led-consumers-spend-more-goods-less-services\" target=\"_blank\" rel=\"noopener noreferrer\">Istituto Peterson per l'economia internazionale<\/a><\/strong>Illustrazione di come la pandemia abbia spostato la spesa dei consumatori dai servizi ai beni.<\/li>\n<\/ul>\n<\/div>\n<hr \/>\n\n\t\t\t<div class=\"display-post-types\">\n\n\t\t\t\t\t\t\t<style type=\"text\/css\">\n\t\t\t#dpt-wrapper-443 { --dpt-text-align: left;--dpt-image-crop: center;--dpt-border-radius: 5px;--dpt-h-gutter: 10px;--dpt-v-gutter: 9px; }\t\t\t<\/style>\n\t\t\t<style type=\"text\/css\">#dpt-wrapper-443 { --dpt-title-font-style:normal;--dpt-title-font-weight:600;--dpt-title-line-height:1.5;--dpt-title-text-decoration:none;--dpt-title-text-transform:none;--dpt-excerpt-font-style:normal;--dpt-excerpt-font-weight:400;--dpt-excerpt-line-height:1.5;--dpt-excerpt-text-decoration:none;--dpt-excerpt-text-transform:none;--dpt-meta1-font-style:normal;--dpt-meta1-font-weight:400;--dpt-meta1-line-height:1.9;--dpt-meta1-text-decoration:none;--dpt-meta1-text-transform:none;--dpt-meta2-font-style:normal;--dpt-meta2-font-weight:400;--dpt-meta2-line-height:1.9;--dpt-meta2-text-decoration:none;--dpt-meta2-text-transform:none; }<\/style><div class=\"dpt-main-header\">\n\t\t\t\t\t\t<div class=\"dpt-main-title\">\n\t\t\t\t\t\t\t<span class=\"dpt-main-title-text\">Problemi sociali del presente<\/span>\n\t\t\t\t\t\t<\/div>\n\t\t\t\t\t\t\n\t\t\t\t\t\t\n\t\t\t\t\t\t\n\t\t\t\t\t\t<\/div>\t\t\t\n\t\t\t\t<div id=\"dpt-wrapper-443\" class=\"dpt-wrapper dpt-mag1 land1 dpt-cropped dpt-flex-wrap\" >\n\n\t\t\t\t\t\t\t\t\t\t\t<div class=\"dpt-entry has-thumbnail\" data-title=\"zahngesundheit und cmd \u2013 mehr als ein bisschen. was bringt die zukunft?\" data-id=\"2736\"  data-category=\"b\u00fccher gesellschaft gesundheit\" data-post_tag=\"cmd gesundheit ratgeber\">\n\t\t\t\t\t\t\t<div class=\"dpt-entry-wrapper\"><div class=\"dpt-featured-content\"><div class=\"dpt-permalink\"><a href=\"https:\/\/www.markus-schall.de\/it\/2025\/08\/salute-dentale-e-cmd-piu-di-un-po-cosa-ci-riserva-il-futuro\/\" class=\"dpt-permalink\"><span class=\"screen-reader-text\">Salute dentale e CMD - pi\u00f9 di un po'. Cosa ci riserva il futuro?<\/span><\/a><\/div><div class=\"dpt-thumbnail\"><div class=\"dpt-thumbnail-inner\"><img width=\"1920\" height=\"1280\" class=\"attachment-full size-full\" alt=\"CMD, salute dentale e tecnologie future\" context=\"dpt\" data-dpt-src=\"https:\/\/www.markus-schall.de\/wp-content\/uploads\/cmd-zahngesundheit-zukunft-.jpg\" data-dpt-sizes=\"(max-width: 1920px) 100vw, 1920px\" data-dpt-srcset=\"https:\/\/www.markus-schall.de\/wp-content\/uploads\/cmd-zahngesundheit-zukunft-.jpg 1920w, https:\/\/www.markus-schall.de\/wp-content\/uploads\/cmd-zahngesundheit-zukunft--300x200.jpg 300w, https:\/\/www.markus-schall.de\/wp-content\/uploads\/cmd-zahngesundheit-zukunft--1024x683.jpg 1024w, https:\/\/www.markus-schall.de\/wp-content\/uploads\/cmd-zahngesundheit-zukunft--768x512.jpg 768w, https:\/\/www.markus-schall.de\/wp-content\/uploads\/cmd-zahngesundheit-zukunft--1536x1024.jpg 1536w, https:\/\/www.markus-schall.de\/wp-content\/uploads\/cmd-zahngesundheit-zukunft--18x12.jpg 18w\" \/><\/div><span class=\"dpt-thumbnail-aspect-ratio\" style=\"padding-top: 75%\"><\/span><\/div><\/div><div class=\"sub-entry\"><h3 class=\"dpt-title\"><a class=\"dpt-title-link\" href=\"https:\/\/www.markus-schall.de\/it\/2025\/08\/salute-dentale-e-cmd-piu-di-un-po-cosa-ci-riserva-il-futuro\/\" rel=\"bookmark\">Salute dentale e CMD - pi\u00f9 di un po'. Cosa ci riserva il futuro?<\/a><\/h3><\/div><\/div>\n\t\t\t\t\t\t<\/div><!-- .dpt-entry -->\n\t\t\t\t\t\t\t\t\t\t\t\t<div class=\"dpt-entry has-thumbnail\" data-title=\"ulrike gu\u00e9rot: eine europ\u00e4erin zwischen idee, universit\u00e4t und \u00f6ffentlichem diskurs\" data-id=\"4039\"  data-category=\"allgemein gesellschaft kunst &amp; kultur\" data-post_tag=\"denkmodelle deutschland europa geopolitik krisen meinungsfreiheit portrait sicherheitspolitik spieltheorie\">\n\t\t\t\t\t\t\t<div class=\"dpt-entry-wrapper\"><div class=\"dpt-featured-content\"><div class=\"dpt-permalink\"><a href=\"https:\/\/www.markus-schall.de\/it\/2025\/12\/ulrike-guerot-un-europeo-tra-idea-di-universita-e-discorso-pubblico\/\" class=\"dpt-permalink\"><span class=\"screen-reader-text\">Ulrike Gu\u00e9rot: un'europea tra idea, universit\u00e0 e discorso pubblico<\/span><\/a><\/div><div class=\"dpt-thumbnail\"><div class=\"dpt-thumbnail-inner\"><img width=\"1024\" height=\"683\" class=\"attachment-full size-full\" alt=\"Ulrike Gu\u00e9rot e l&#039;Europa\" context=\"dpt\" data-dpt-src=\"https:\/\/www.markus-schall.de\/wp-content\/uploads\/ulrike-guerot-portrait.jpg\" data-dpt-sizes=\"(max-width: 1024px) 100vw, 1024px\" data-dpt-srcset=\"https:\/\/www.markus-schall.de\/wp-content\/uploads\/ulrike-guerot-portrait.jpg 1024w, https:\/\/www.markus-schall.de\/wp-content\/uploads\/ulrike-guerot-portrait-300x200.jpg 300w, https:\/\/www.markus-schall.de\/wp-content\/uploads\/ulrike-guerot-portrait-768x512.jpg 768w, https:\/\/www.markus-schall.de\/wp-content\/uploads\/ulrike-guerot-portrait-18x12.jpg 18w\" \/><\/div><span class=\"dpt-thumbnail-aspect-ratio\" style=\"padding-top: 75%\"><\/span><\/div><\/div><div class=\"sub-entry\"><h3 class=\"dpt-title\"><a class=\"dpt-title-link\" href=\"https:\/\/www.markus-schall.de\/it\/2025\/12\/ulrike-guerot-un-europeo-tra-idea-di-universita-e-discorso-pubblico\/\" rel=\"bookmark\">Ulrike Gu\u00e9rot: un'europea tra idea, universit\u00e0 e discorso pubblico<\/a><\/h3><\/div><\/div>\n\t\t\t\t\t\t<\/div><!-- .dpt-entry -->\n\t\t\t\t\t\t\t\t\t\t\t\t<div class=\"dpt-entry has-thumbnail\" data-title=\"mehr als punk: nina hagen, cosma shiva und die kunst, sich nicht vereinnahmen zu lassen\" data-id=\"4521\"  data-category=\"allgemein gesellschaft kunst &amp; kultur\" data-post_tag=\"auswandern deutschland erfahrungen europa krisen meinungsfreiheit musik portrait\">\n\t\t\t\t\t\t\t<div class=\"dpt-entry-wrapper\"><div class=\"dpt-featured-content\"><div class=\"dpt-permalink\"><a href=\"https:\/\/www.markus-schall.de\/it\/2026\/01\/piu-che-punk-nina-hagen-cosma-shiva-e-larte-di-non-farsi-prendere-in-giro\/\" class=\"dpt-permalink\"><span class=\"screen-reader-text\">Pi\u00f9 che punk: Nina Hagen, Cosma Shiva e l'arte di non lasciarsi ingannare<\/span><\/a><\/div><div class=\"dpt-thumbnail\"><div class=\"dpt-thumbnail-inner\"><img width=\"1024\" height=\"683\" class=\"attachment-full size-full\" alt=\"Ritratto di Nina e Cosma Shiva Hagen\" context=\"dpt\" data-dpt-src=\"https:\/\/www.markus-schall.de\/wp-content\/uploads\/Nina-Cosma-Shiva-Hagen-Titel.jpg\" data-dpt-sizes=\"(max-width: 1024px) 100vw, 1024px\" data-dpt-srcset=\"https:\/\/www.markus-schall.de\/wp-content\/uploads\/Nina-Cosma-Shiva-Hagen-Titel.jpg 1024w, https:\/\/www.markus-schall.de\/wp-content\/uploads\/Nina-Cosma-Shiva-Hagen-Titel-300x200.jpg 300w, https:\/\/www.markus-schall.de\/wp-content\/uploads\/Nina-Cosma-Shiva-Hagen-Titel-768x512.jpg 768w, https:\/\/www.markus-schall.de\/wp-content\/uploads\/Nina-Cosma-Shiva-Hagen-Titel-18x12.jpg 18w\" \/><\/div><span class=\"dpt-thumbnail-aspect-ratio\" style=\"padding-top: 75%\"><\/span><\/div><\/div><div class=\"sub-entry\"><h3 class=\"dpt-title\"><a class=\"dpt-title-link\" href=\"https:\/\/www.markus-schall.de\/it\/2026\/01\/piu-che-punk-nina-hagen-cosma-shiva-e-larte-di-non-farsi-prendere-in-giro\/\" rel=\"bookmark\">Pi\u00f9 che punk: Nina Hagen, Cosma Shiva e l'arte di non lasciarsi ingannare<\/a><\/h3><\/div><\/div>\n\t\t\t\t\t\t<\/div><!-- .dpt-entry -->\n\t\t\t\t\t\t\t\t\t\t\t\t<div class=\"dpt-entry has-thumbnail\" data-title=\"stress ist keine naturgewalt \u2013 wie man sich freir\u00e4ume zur\u00fcckholt, schritt f\u00fcr schritt\" data-id=\"3152\"  data-category=\"allgemein gesellschaft gesundheit tipps &amp; anleitungen\" data-post_tag=\"cmd erfahrungen gesundheit krisen pers\u00f6nlichkeitsentwicklung prozesse ratgeber\">\n\t\t\t\t\t\t\t<div class=\"dpt-entry-wrapper\"><div class=\"dpt-featured-content\"><div class=\"dpt-permalink\"><a href=\"https:\/\/www.markus-schall.de\/it\/2025\/10\/lo-stress-non-e-una-forza-della-natura-come-recuperare-la-propria-liberta-passo-dopo-passo\/\" class=\"dpt-permalink\"><span class=\"screen-reader-text\">Lo stress non \u00e8 una forza della natura - Come recuperare la propria libert\u00e0, passo dopo passo<\/span><\/a><\/div><div class=\"dpt-thumbnail\"><div class=\"dpt-thumbnail-inner\"><img width=\"1024\" height=\"683\" class=\"attachment-full size-full\" alt=\"Lo stress non \u00e8 una forza della natura\" context=\"dpt\" data-dpt-src=\"https:\/\/www.markus-schall.de\/wp-content\/uploads\/stress-naturgewalt-titel.jpg\" data-dpt-sizes=\"(max-width: 1024px) 100vw, 1024px\" data-dpt-srcset=\"https:\/\/www.markus-schall.de\/wp-content\/uploads\/stress-naturgewalt-titel.jpg 1024w, https:\/\/www.markus-schall.de\/wp-content\/uploads\/stress-naturgewalt-titel-300x200.jpg 300w, https:\/\/www.markus-schall.de\/wp-content\/uploads\/stress-naturgewalt-titel-768x512.jpg 768w, https:\/\/www.markus-schall.de\/wp-content\/uploads\/stress-naturgewalt-titel-18x12.jpg 18w\" \/><\/div><span class=\"dpt-thumbnail-aspect-ratio\" style=\"padding-top: 75%\"><\/span><\/div><\/div><div class=\"sub-entry\"><h3 class=\"dpt-title\"><a class=\"dpt-title-link\" href=\"https:\/\/www.markus-schall.de\/it\/2025\/10\/lo-stress-non-e-una-forza-della-natura-come-recuperare-la-propria-liberta-passo-dopo-passo\/\" rel=\"bookmark\">Lo stress non \u00e8 una forza della natura - Come recuperare la propria libert\u00e0, passo dopo passo<\/a><\/h3><\/div><\/div>\n\t\t\t\t\t\t<\/div><!-- .dpt-entry -->\n\t\t\t\t\t\t\n\t\t\t\t<\/div>\n\t\t\t\t\t\t<\/div>\n\t\t\t\n<hr \/>\n<h2>Domande frequenti<\/h2>\n<ol>\n<li><strong>Cosa ha reso la pandemia cos\u00ec inaffidabile per le previsioni economiche?<\/strong><br \/>\nLa pandemia ha riunito contemporaneamente diversi fattori straordinari, dalle interruzioni della catena di approvvigionamento globale agli interventi governativi e ai cambiamenti nel comportamento dei consumatori. Questa combinazione non \u00e8 stata presa sufficientemente in considerazione in molti modelli.<\/li>\n<li><strong>Perch\u00e9 molti economisti si sbagliavano sull'inflazione?<\/strong><br \/>\nMolti pensavano che l'alto tasso di disoccupazione e la cautela dei consumatori avrebbero mantenuto i prezzi stabili. Tuttavia, le effettive strozzature nella produzione e nella logistica hanno portato a un forte aumento dei prezzi.<\/li>\n<li><strong>Che ruolo hanno avuto le catene di approvvigionamento nell'inflazione?<\/strong><br \/>\nSono stati un fattore decisivo. Le interruzioni della produzione e i problemi di trasporto hanno portato a strozzature nell'approvvigionamento, che hanno causato un aumento significativo dei prezzi in molte aree.<\/li>\n<li><strong>Perch\u00e9 l'inflazione si \u00e8 sviluppata in modo cos\u00ec diverso dalle aspettative?<\/strong><br \/>\nPerch\u00e9 hanno agito contemporaneamente diversi fattori di influenza, tra cui i programmi di aiuto governativi, gli effetti di recupero dei consumi e le perturbazioni globali - una combinazione che si verifica raramente in questa forma.<\/li>\n<li><strong>Perch\u00e9 gli Stati Uniti sono riusciti a riprendersi pi\u00f9 velocemente di molti paesi europei?<\/strong><br \/>\nGli Stati Uniti hanno beneficiato di un mercato del lavoro pi\u00f9 flessibile, di ampie misure di sostegno da parte del governo e di una minore dipendenza da shock esterni come la crisi energetica in Europa.<\/li>\n<li><strong>Quanto \u00e8 importante il mercato del lavoro per la crescita economica?<\/strong><br \/>\nUn mercato del lavoro flessibile permette di reagire pi\u00f9 rapidamente ai cambiamenti. I dipendenti possono passare pi\u00f9 facilmente a settori in crescita, accelerando cos\u00ec la ripresa.<\/li>\n<li><strong>Perch\u00e9 la produttivit\u00e0 \u00e8 stata in parte sovrastimata durante la pandemia?<\/strong><br \/>\nParte dell'aumento \u00e8 dovuto a effetti statistici, come la chiusura di settori meno produttivi. Ci\u00f2 ha fatto s\u00ec che la produttivit\u00e0 complessiva apparisse pi\u00f9 alta di quanto non fosse in realt\u00e0.<\/li>\n<li><strong>Cosa sono i cosiddetti effetti di composizione della produttivit\u00e0?<\/strong><br \/>\nQuesto sposta la struttura dell'economia in modo che i settori pi\u00f9 produttivi diventino pi\u00f9 importanti. Questo aumenta la produttivit\u00e0 misurata senza alcun reale guadagno di efficienza.<\/li>\n<li><strong>La digitalizzazione ha migliorato in modo sostenibile la produttivit\u00e0?<\/strong><br \/>\nIn parte s\u00ec, ma molti effetti sono stati a breve termine. I miglioramenti a lungo termine dipendono dall'integrazione permanente di nuovi metodi di lavoro e tecnologie.<\/li>\n<li><strong>Perch\u00e9 il debito pubblico \u00e8 aumentato cos\u00ec tanto?<\/strong><br \/>\nI governi hanno dovuto finanziare ampi programmi di aiuto per sostenere le imprese, garantire i posti di lavoro e ammortizzare i crolli economici.<\/li>\n<li><strong>Un alto livello di debito nazionale \u00e8 fondamentalmente problematico?<\/strong><br \/>\nPu\u00f2 essere fonte di rischi nel lungo periodo, ma \u00e8 spesso necessaria in tempi di crisi per evitare danni economici importanti.<\/li>\n<li><strong>Quali paesi sono stati particolarmente colpiti dall'aumento del debito?<\/strong><br \/>\nIn particolare i Paesi con livelli di indebitamento gi\u00e0 elevati o con un accesso limitato ai mercati dei capitali, come in alcune zone dell'Africa o dell'Asia orientale.<\/li>\n<li><strong>Quali conseguenze a lungo termine pu\u00f2 avere il debito?<\/strong><br \/>\nPu\u00f2 limitare gli investimenti futuri, portare a misure di austerit\u00e0 o ridurre il margine di manovra dei governi.<\/li>\n<li><strong>Qual \u00e8 la lezione pi\u00f9 importante da trarre dagli errori di valutazione della pandemia?<\/strong><br \/>\nChe gli sviluppi economici sono pi\u00f9 complessi di quanto molti modelli possano rappresentare, soprattutto in tempi di crisi, con diversi fattori che agiscono simultaneamente.<\/li>\n<li><strong>Come migliorare le previsioni economiche in futuro?<\/strong><br \/>\nTenendo maggiormente conto delle incertezze, degli scenari alternativi e di una maggiore apertura a sviluppi diversi invece che a ipotesi troppo rigide.<\/li>\n<\/ol>\n<hr \/>\n\n\t\t\t<div class=\"display-post-types\">\n\n\t\t\t\t\t\t\t<style type=\"text\/css\">\n\t\t\t#dpt-wrapper-444 { --dpt-text-align: left;--dpt-image-crop: center;--dpt-border-radius: 5px;--dpt-h-gutter: 10px;--dpt-v-gutter: 9px; }\t\t\t<\/style>\n\t\t\t<style type=\"text\/css\">#dpt-wrapper-444 { --dpt-title-font-style:normal;--dpt-title-font-weight:600;--dpt-title-line-height:1.5;--dpt-title-text-decoration:none;--dpt-title-text-transform:none;--dpt-excerpt-font-style:normal;--dpt-excerpt-font-weight:400;--dpt-excerpt-line-height:1.5;--dpt-excerpt-text-decoration:none;--dpt-excerpt-text-transform:none;--dpt-meta1-font-style:normal;--dpt-meta1-font-weight:400;--dpt-meta1-line-height:1.9;--dpt-meta1-text-decoration:none;--dpt-meta1-text-transform:none;--dpt-meta2-font-style:normal;--dpt-meta2-font-weight:400;--dpt-meta2-line-height:1.9;--dpt-meta2-text-decoration:none;--dpt-meta2-text-transform:none; }<\/style><div class=\"dpt-main-header\">\n\t\t\t\t\t\t<div class=\"dpt-main-title\">\n\t\t\t\t\t\t\t<span class=\"dpt-main-title-text\">Articoli attuali sull'intelligenza artificiale<\/span>\n\t\t\t\t\t\t<\/div>\n\t\t\t\t\t\t\n\t\t\t\t\t\t\n\t\t\t\t\t\t\n\t\t\t\t\t\t<\/div>\t\t\t\n\t\t\t\t<div id=\"dpt-wrapper-444\" class=\"dpt-wrapper dpt-mag1 land1 dpt-cropped dpt-flex-wrap\" >\n\n\t\t\t\t\t\t\t\t\t\t\t<div class=\"dpt-entry has-thumbnail\" data-title=\"vom content zur substanz: wie digitale systeme entstehen, die nicht kopierbar sind\" data-id=\"5899\"  data-category=\"allgemein b\u00fccher gesellschaft tipps &amp; anleitungen\" data-post_tag=\"buch datenlogik denkmodelle digitales eigentum erfahrungen k\u00fcnstliche intelligenz prozesse publishing ratgeber\">\n\t\t\t\t\t\t\t<div class=\"dpt-entry-wrapper\"><div class=\"dpt-featured-content\"><div class=\"dpt-permalink\"><a href=\"https:\/\/www.markus-schall.de\/it\/2026\/04\/dal-contenuto-alla-sostanza-come-si-creano-sistemi-digitali-che-non-possono-essere-copiati\/\" class=\"dpt-permalink\"><span class=\"screen-reader-text\">Dal contenuto alla sostanza: come nascono i sistemi digitali che non possono essere copiati<\/span><\/a><\/div><div class=\"dpt-thumbnail\"><div class=\"dpt-thumbnail-inner\"><img width=\"1024\" height=\"682\" class=\"attachment-full size-full\" alt=\"Sistema invece di contenuti individuali\" context=\"dpt\" data-dpt-src=\"https:\/\/www.markus-schall.de\/wp-content\/uploads\/Organische-Reichweite.jpg\" data-dpt-sizes=\"(max-width: 1024px) 100vw, 1024px\" data-dpt-srcset=\"https:\/\/www.markus-schall.de\/wp-content\/uploads\/Organische-Reichweite.jpg 1024w, https:\/\/www.markus-schall.de\/wp-content\/uploads\/Organische-Reichweite-300x200.jpg 300w, https:\/\/www.markus-schall.de\/wp-content\/uploads\/Organische-Reichweite-768x512.jpg 768w, https:\/\/www.markus-schall.de\/wp-content\/uploads\/Organische-Reichweite-18x12.jpg 18w\" \/><\/div><span class=\"dpt-thumbnail-aspect-ratio\" style=\"padding-top: 75%\"><\/span><\/div><\/div><div class=\"sub-entry\"><h3 class=\"dpt-title\"><a class=\"dpt-title-link\" href=\"https:\/\/www.markus-schall.de\/it\/2026\/04\/dal-contenuto-alla-sostanza-come-si-creano-sistemi-digitali-che-non-possono-essere-copiati\/\" rel=\"bookmark\">Dal contenuto alla sostanza: come nascono i sistemi digitali che non possono essere copiati<\/a><\/h3><\/div><\/div>\n\t\t\t\t\t\t<\/div><!-- .dpt-entry -->\n\t\t\t\t\t\t\t\t\t\t\t\t<div class=\"dpt-entry has-thumbnail\" data-title=\"lokale ki auf dem mac: so installieren sie ein sprachmodell mit ollama\" data-id=\"2442\"  data-category=\"ki-systeme tipps &amp; anleitungen\" data-post_tag=\"datenschutz k\u00fcnstliche intelligenz llama llm mac mistral ollama sprachmodell\">\n\t\t\t\t\t\t\t<div class=\"dpt-entry-wrapper\"><div class=\"dpt-featured-content\"><div class=\"dpt-permalink\"><a href=\"https:\/\/www.markus-schall.de\/it\/2025\/08\/locale-sul-mac-come-questo-1tp12per-creare-un-modello-linguistico-con-ollama\/\" class=\"dpt-permalink\"><span class=\"screen-reader-text\">IA locale su Mac: come installiere un modello linguistico con Ollama<\/span><\/a><\/div><div class=\"dpt-thumbnail\"><div class=\"dpt-thumbnail-inner\"><img width=\"1024\" height=\"683\" class=\"attachment-full size-full\" alt=\"AI locale installieren con Ollama sul Mac\" context=\"dpt\" data-dpt-src=\"https:\/\/www.markus-schall.de\/wp-content\/uploads\/Lokale-KI-auf-Apple-Mac.jpg\" data-dpt-sizes=\"(max-width: 1024px) 100vw, 1024px\" data-dpt-srcset=\"https:\/\/www.markus-schall.de\/wp-content\/uploads\/Lokale-KI-auf-Apple-Mac.jpg 1024w, https:\/\/www.markus-schall.de\/wp-content\/uploads\/Lokale-KI-auf-Apple-Mac-300x200.jpg 300w, https:\/\/www.markus-schall.de\/wp-content\/uploads\/Lokale-KI-auf-Apple-Mac-768x512.jpg 768w, https:\/\/www.markus-schall.de\/wp-content\/uploads\/Lokale-KI-auf-Apple-Mac-18x12.jpg 18w\" \/><\/div><span class=\"dpt-thumbnail-aspect-ratio\" style=\"padding-top: 75%\"><\/span><\/div><\/div><div class=\"sub-entry\"><h3 class=\"dpt-title\"><a class=\"dpt-title-link\" href=\"https:\/\/www.markus-schall.de\/it\/2025\/08\/locale-sul-mac-come-questo-1tp12per-creare-un-modello-linguistico-con-ollama\/\" rel=\"bookmark\">IA locale su Mac: come installiere un modello linguistico con Ollama<\/a><\/h3><\/div><\/div>\n\t\t\t\t\t\t<\/div><!-- .dpt-entry -->\n\t\t\t\t\t\t\t\t\t\t\t\t<div class=\"dpt-entry has-thumbnail\" data-title=\"warum ein eigenes magazin f\u00fcr unternehmen heute wichtiger ist als werbung\" data-id=\"4476\"  data-category=\"gesellschaft ki-systeme tipps &amp; anleitungen\" data-post_tag=\"datenlogik datenschutz digitales eigentum k\u00fcnstliche intelligenz ratgeber\">\n\t\t\t\t\t\t\t<div class=\"dpt-entry-wrapper\"><div class=\"dpt-featured-content\"><div class=\"dpt-permalink\"><a href=\"https:\/\/www.markus-schall.de\/it\/2026\/01\/perche-oggi-una-rivista-aziendale-e-piu-importante-della-pubblicita\/\" class=\"dpt-permalink\"><span class=\"screen-reader-text\">Perch\u00e9 oggi per le aziende avere una propria rivista \u00e8 pi\u00f9 importante della pubblicit\u00e0<\/span><\/a><\/div><div class=\"dpt-thumbnail\"><div class=\"dpt-thumbnail-inner\"><img width=\"1024\" height=\"683\" class=\"attachment-full size-full\" alt=\"Rivista come propriet\u00e0\" context=\"dpt\" data-dpt-src=\"https:\/\/www.markus-schall.de\/wp-content\/uploads\/magazin-gastbeitraege.jpg\" data-dpt-sizes=\"(max-width: 1024px) 100vw, 1024px\" data-dpt-srcset=\"https:\/\/www.markus-schall.de\/wp-content\/uploads\/magazin-gastbeitraege.jpg 1024w, https:\/\/www.markus-schall.de\/wp-content\/uploads\/magazin-gastbeitraege-300x200.jpg 300w, https:\/\/www.markus-schall.de\/wp-content\/uploads\/magazin-gastbeitraege-768x512.jpg 768w, https:\/\/www.markus-schall.de\/wp-content\/uploads\/magazin-gastbeitraege-18x12.jpg 18w\" \/><\/div><span class=\"dpt-thumbnail-aspect-ratio\" style=\"padding-top: 75%\"><\/span><\/div><\/div><div class=\"sub-entry\"><h3 class=\"dpt-title\"><a class=\"dpt-title-link\" href=\"https:\/\/www.markus-schall.de\/it\/2026\/01\/perche-oggi-una-rivista-aziendale-e-piu-importante-della-pubblicita\/\" rel=\"bookmark\">Perch\u00e9 oggi per le aziende avere una propria rivista \u00e8 pi\u00f9 importante della pubblicit\u00e0<\/a><\/h3><\/div><\/div>\n\t\t\t\t\t\t<\/div><!-- .dpt-entry -->\n\t\t\t\t\t\t\t\t\t\t\t\t<div class=\"dpt-entry has-thumbnail\" data-title=\"ollama trifft qdrant: ein lokales ged\u00e4chtnis f\u00fcr deine ki auf dem mac\" data-id=\"2502\"  data-category=\"apple macos filemaker &amp; erp ki-systeme tipps &amp; anleitungen\" data-post_tag=\"docker filemaker k\u00fcnstliche intelligenz llama llm mistral neo4j ollama qdrant sprachmodell vektordatenbank\">\n\t\t\t\t\t\t\t<div class=\"dpt-entry-wrapper\"><div class=\"dpt-featured-content\"><div class=\"dpt-permalink\"><a href=\"https:\/\/www.markus-schall.de\/it\/2025\/08\/ollama-incontra-qdrant-una-memoria-locale-per-il-vostro-ki-sul-mac\/\" class=\"dpt-permalink\"><span class=\"screen-reader-text\">Ollama incontra Qdrant: una memoria locale per la vostra AI su Mac<\/span><\/a><\/div><div class=\"dpt-thumbnail\"><div class=\"dpt-thumbnail-inner\"><img width=\"1440\" height=\"980\" class=\"attachment-full size-full\" alt=\"Memoria per AI locale con Ollama e Qdrant\" context=\"dpt\" data-dpt-src=\"https:\/\/www.markus-schall.de\/wp-content\/uploads\/ollama-qdrant-gedaechtnis.jpg\" data-dpt-sizes=\"(max-width: 1440px) 100vw, 1440px\" data-dpt-srcset=\"https:\/\/www.markus-schall.de\/wp-content\/uploads\/ollama-qdrant-gedaechtnis.jpg 1440w, https:\/\/www.markus-schall.de\/wp-content\/uploads\/ollama-qdrant-gedaechtnis-300x204.jpg 300w, https:\/\/www.markus-schall.de\/wp-content\/uploads\/ollama-qdrant-gedaechtnis-1024x697.jpg 1024w, https:\/\/www.markus-schall.de\/wp-content\/uploads\/ollama-qdrant-gedaechtnis-768x523.jpg 768w, https:\/\/www.markus-schall.de\/wp-content\/uploads\/ollama-qdrant-gedaechtnis-18x12.jpg 18w\" \/><\/div><span class=\"dpt-thumbnail-aspect-ratio\" style=\"padding-top: 75%\"><\/span><\/div><\/div><div class=\"sub-entry\"><h3 class=\"dpt-title\"><a class=\"dpt-title-link\" href=\"https:\/\/www.markus-schall.de\/it\/2025\/08\/ollama-incontra-qdrant-una-memoria-locale-per-il-vostro-ki-sul-mac\/\" rel=\"bookmark\">Ollama incontra Qdrant: una memoria locale per la vostra AI su Mac<\/a><\/h3><\/div><\/div>\n\t\t\t\t\t\t<\/div><!-- .dpt-entry -->\n\t\t\t\t\t\t\n\t\t\t\t<\/div>\n\t\t\t\t\t\t<\/div>\n\t\t\t\n<hr \/>","protected":false},"excerpt":{"rendered":"<p>Noch w\u00e4hrend der Corona-Pandemie waren sich viele \u00d6konomen erstaunlich einig: Die gro\u00dfe Gefahr sei eine Phase niedriger Inflation, vielleicht sogar Deflation. Wenige Jahre sp\u00e4ter zeigt sich ein anderes Bild. Die Inflation erreichte in vielen L\u00e4ndern historische H\u00f6hen, Lieferketten brachen zusammen, und wirtschaftliche Entwicklungen verliefen anders als erwartet. Die Pandemie war nicht nur eine gesundheitliche Krise &#8230; <a title=\"Ollama incontra Qdrant: una memoria locale per la vostra AI su Mac\" class=\"read-more\" href=\"https:\/\/www.markus-schall.de\/it\/2025\/08\/ollama-incontra-qdrant-una-memoria-locale-per-il-vostro-ki-sul-mac\/\" aria-label=\"Per saperne di pi\u00f9 su Ollama incontra Qdrant: una memoria locale per la vostra AI su Mac\">Leggi tutto<\/a><\/p>","protected":false},"author":3,"featured_media":5883,"comment_status":"open","ping_status":"open","sticky":false,"template":"","format":"standard","meta":{"iawp_total_views":10,"footnotes":""},"categories":[1,466],"tags":[444,480,481,475,482,426],"class_list":["post-5882","post","type-post","status-publish","format-standard","has-post-thumbnail","hentry","category-allgemein","category-gesellschaft","tag-denkmodelle","tag-deutschland","tag-energiepolitik","tag-europa","tag-geopolitik","tag-krisen"],"_links":{"self":[{"href":"https:\/\/www.markus-schall.de\/it\/wp-json\/wp\/v2\/posts\/5882","targetHints":{"allow":["GET"]}}],"collection":[{"href":"https:\/\/www.markus-schall.de\/it\/wp-json\/wp\/v2\/posts"}],"about":[{"href":"https:\/\/www.markus-schall.de\/it\/wp-json\/wp\/v2\/types\/post"}],"author":[{"embeddable":true,"href":"https:\/\/www.markus-schall.de\/it\/wp-json\/wp\/v2\/users\/3"}],"replies":[{"embeddable":true,"href":"https:\/\/www.markus-schall.de\/it\/wp-json\/wp\/v2\/comments?post=5882"}],"version-history":[{"count":10,"href":"https:\/\/www.markus-schall.de\/it\/wp-json\/wp\/v2\/posts\/5882\/revisions"}],"predecessor-version":[{"id":5971,"href":"https:\/\/www.markus-schall.de\/it\/wp-json\/wp\/v2\/posts\/5882\/revisions\/5971"}],"wp:featuredmedia":[{"embeddable":true,"href":"https:\/\/www.markus-schall.de\/it\/wp-json\/wp\/v2\/media\/5883"}],"wp:attachment":[{"href":"https:\/\/www.markus-schall.de\/it\/wp-json\/wp\/v2\/media?parent=5882"}],"wp:term":[{"taxonomy":"category","embeddable":true,"href":"https:\/\/www.markus-schall.de\/it\/wp-json\/wp\/v2\/categories?post=5882"},{"taxonomy":"post_tag","embeddable":true,"href":"https:\/\/www.markus-schall.de\/it\/wp-json\/wp\/v2\/tags?post=5882"}],"curies":[{"name":"wp","href":"https:\/\/api.w.org\/{rel}","templated":true}]}}