{"id":5899,"date":"2026-04-27T05:09:14","date_gmt":"2026-04-27T05:09:14","guid":{"rendered":"https:\/\/www.markus-schall.de\/?p=5899"},"modified":"2026-04-27T08:04:17","modified_gmt":"2026-04-27T08:04:17","slug":"dal-contenuto-alla-sostanza-come-si-creano-sistemi-digitali-che-non-possono-essere-copiati","status":"publish","type":"post","link":"https:\/\/www.markus-schall.de\/it\/2026\/04\/dal-contenuto-alla-sostanza-come-si-creano-sistemi-digitali-che-non-possono-essere-copiati\/","title":{"rendered":"Dal contenuto alla sostanza: come nascono i sistemi digitali che non possono essere copiati"},"content":{"rendered":"<p>Quando ci si muove nello spazio digitale oggi, si ha subito una certa impressione: se si \u00e8 visibili, si ha successo. Se si ha portata, si ha influenza. E se si producono molti contenuti, si accumula automaticamente qualcosa. Questa equazione sembra plausibile a prima vista, ma \u00e8 ingannevole. Perch\u00e9 la visibilit\u00e0 non \u00e8 propriet\u00e0. La portata non \u00e8 propriet\u00e0. E i contenuti non sono affatto una base.<\/p>\n<p>Un post pu\u00f2 essere letto migliaia di volte e tuttavia scomparire dopo pochi giorni. Un post sui social media pu\u00f2 diventare virale e allo stesso tempo non avere alcun effetto duraturo. Anche i contenuti ben posizionati nei motori di ricerca non sono automaticamente stabili. Dipendono da algoritmi, regole della piattaforma e sviluppi sui quali non avete alcun controllo.<!--more--><\/p>\n<hr \/>\n\n\t\t\t<div class=\"display-post-types\">\n\n\t\t\t\t\t\t\t<style type=\"text\/css\">\n\t\t\t#dpt-wrapper-737 { --dpt-text-align: left;--dpt-image-crop: center;--dpt-border-radius: 5px;--dpt-h-gutter: 10px;--dpt-v-gutter: 9px; }\t\t\t<\/style>\n\t\t\t<style type=\"text\/css\">#dpt-wrapper-737 { --dpt-title-font-style:normal;--dpt-title-font-weight:600;--dpt-title-line-height:1.5;--dpt-title-text-decoration:none;--dpt-title-text-transform:none;--dpt-excerpt-font-style:normal;--dpt-excerpt-font-weight:400;--dpt-excerpt-line-height:1.5;--dpt-excerpt-text-decoration:none;--dpt-excerpt-text-transform:none;--dpt-meta1-font-style:normal;--dpt-meta1-font-weight:400;--dpt-meta1-line-height:1.9;--dpt-meta1-text-decoration:none;--dpt-meta1-text-transform:none;--dpt-meta2-font-style:normal;--dpt-meta2-font-weight:400;--dpt-meta2-line-height:1.9;--dpt-meta2-text-decoration:none;--dpt-meta2-text-transform:none; }<\/style><div class=\"dpt-main-header\">\n\t\t\t\t\t\t<div class=\"dpt-main-title\">\n\t\t\t\t\t\t\t<span class=\"dpt-main-title-text\">Articoli attuali su arte e cultura<\/span>\n\t\t\t\t\t\t<\/div>\n\t\t\t\t\t\t\n\t\t\t\t\t\t\n\t\t\t\t\t\t\n\t\t\t\t\t\t<\/div>\t\t\t\n\t\t\t\t<div id=\"dpt-wrapper-737\" class=\"dpt-wrapper dpt-mag1 land1 dpt-cropped dpt-flex-wrap\" >\n\n\t\t\t\t\t\t\t\t\t\t\t<div class=\"dpt-entry has-thumbnail\" data-title=\"wie war syrien vor dem krieg? wer regiert heute? was bedeutet das f\u00fcr gefl\u00fcchtete in deutschland?\" data-id=\"4628\"  data-category=\"allgemein gesellschaft kunst &amp; kultur\" data-post_tag=\"deutschland europa geopolitik krisen meinungsfreiheit sicherheitspolitik\">\n\t\t\t\t\t\t\t<div class=\"dpt-entry-wrapper\"><div class=\"dpt-featured-content\"><div class=\"dpt-permalink\"><a href=\"https:\/\/www.markus-schall.de\/it\/2026\/01\/comera-la-siria-prima-della-guerra-chi-governa-oggi-cosa-significa-questo-per-i-rifugiati-in-germania\/\" class=\"dpt-permalink\"><span class=\"screen-reader-text\">Com'era la Siria prima della guerra? Chi governa oggi? Cosa significa questo per i rifugiati in Germania?<\/span><\/a><\/div><div class=\"dpt-thumbnail\"><div class=\"dpt-thumbnail-inner\"><img width=\"1024\" height=\"683\" class=\"attachment-full size-full\" alt=\"Siria e Damasco\" context=\"dpt\" data-dpt-src=\"https:\/\/www.markus-schall.de\/wp-content\/uploads\/Syrien-Damaskus.jpg\" data-dpt-sizes=\"(max-width: 1024px) 100vw, 1024px\" data-dpt-srcset=\"https:\/\/www.markus-schall.de\/wp-content\/uploads\/Syrien-Damaskus.jpg 1024w, https:\/\/www.markus-schall.de\/wp-content\/uploads\/Syrien-Damaskus-300x200.jpg 300w, https:\/\/www.markus-schall.de\/wp-content\/uploads\/Syrien-Damaskus-768x512.jpg 768w, https:\/\/www.markus-schall.de\/wp-content\/uploads\/Syrien-Damaskus-18x12.jpg 18w\" \/><\/div><span class=\"dpt-thumbnail-aspect-ratio\" style=\"padding-top: 75%\"><\/span><\/div><\/div><div class=\"sub-entry\"><h3 class=\"dpt-title\"><a class=\"dpt-title-link\" href=\"https:\/\/www.markus-schall.de\/it\/2026\/01\/comera-la-siria-prima-della-guerra-chi-governa-oggi-cosa-significa-questo-per-i-rifugiati-in-germania\/\" rel=\"bookmark\">Com'era la Siria prima della guerra? Chi governa oggi? Cosa significa questo per i rifugiati in Germania?<\/a><\/h3><\/div><\/div>\n\t\t\t\t\t\t<\/div><!-- .dpt-entry -->\n\t\t\t\t\t\t\t\t\t\t\t\t<div class=\"dpt-entry has-thumbnail\" data-title=\"wenn pflicht wieder pflicht wird. eine art essay von herrn von l&#8217;oreot.\" data-id=\"3010\"  data-category=\"allgemein gesellschaft kunst &amp; kultur stories &amp; humor\" data-post_tag=\"deutschland erfahrungen geopolitik krisen pers\u00f6nlichkeitsentwicklung sicherheitspolitik\">\n\t\t\t\t\t\t\t<div class=\"dpt-entry-wrapper\"><div class=\"dpt-featured-content\"><div class=\"dpt-permalink\"><a href=\"https:\/\/www.markus-schall.de\/it\/2025\/10\/quando-il-dovere-diventa-di-nuovo-dovere-una-sorta-di-saggio-del-signor-von-loreot\/\" class=\"dpt-permalink\"><span class=\"screen-reader-text\">Quando il dovere diventa di nuovo dovere. Una sorta di saggio del signor von L'oreot.<\/span><\/a><\/div><div class=\"dpt-thumbnail\"><div class=\"dpt-thumbnail-inner\"><img width=\"1024\" height=\"683\" class=\"attachment-full size-full\" alt=\"Una telefonata inaspettata\" context=\"dpt\" data-dpt-src=\"https:\/\/www.markus-schall.de\/wp-content\/uploads\/loreot-pflicht-anruf.jpg\" data-dpt-sizes=\"(max-width: 1024px) 100vw, 1024px\" data-dpt-srcset=\"https:\/\/www.markus-schall.de\/wp-content\/uploads\/loreot-pflicht-anruf.jpg 1024w, https:\/\/www.markus-schall.de\/wp-content\/uploads\/loreot-pflicht-anruf-300x200.jpg 300w, https:\/\/www.markus-schall.de\/wp-content\/uploads\/loreot-pflicht-anruf-768x512.jpg 768w, https:\/\/www.markus-schall.de\/wp-content\/uploads\/loreot-pflicht-anruf-18x12.jpg 18w\" \/><\/div><span class=\"dpt-thumbnail-aspect-ratio\" style=\"padding-top: 75%\"><\/span><\/div><\/div><div class=\"sub-entry\"><h3 class=\"dpt-title\"><a class=\"dpt-title-link\" href=\"https:\/\/www.markus-schall.de\/it\/2025\/10\/quando-il-dovere-diventa-di-nuovo-dovere-una-sorta-di-saggio-del-signor-von-loreot\/\" rel=\"bookmark\">Quando il dovere diventa di nuovo dovere. Una sorta di saggio del signor von L'oreot.<\/a><\/h3><\/div><\/div>\n\t\t\t\t\t\t<\/div><!-- .dpt-entry -->\n\t\t\t\t\t\t\t\t\t\t\t\t<div class=\"dpt-entry has-thumbnail\" data-title=\"die krimtataren \u2013 geschichte, herkunft und gegenwart eines vergessenen volkes\" data-id=\"4154\"  data-category=\"allgemein gesellschaft kunst &amp; kultur\" data-post_tag=\"europa geopolitik krisen meinungsfreiheit\">\n\t\t\t\t\t\t\t<div class=\"dpt-entry-wrapper\"><div class=\"dpt-featured-content\"><div class=\"dpt-permalink\"><a href=\"https:\/\/www.markus-schall.de\/it\/2025\/12\/i-tatari-crimeani-storia-origine-e-presente-di-un-popolo-dimenticato\/\" class=\"dpt-permalink\"><span class=\"screen-reader-text\">I Tatari di Crimea: storia, origini e presente di un popolo dimenticato<\/span><\/a><\/div><div class=\"dpt-thumbnail\"><div class=\"dpt-thumbnail-inner\"><img width=\"1024\" height=\"683\" class=\"attachment-full size-full\" alt=\"La steppa della Crimea-Tartar\" context=\"dpt\" data-dpt-src=\"https:\/\/www.markus-schall.de\/wp-content\/uploads\/Krimtartaren-Steppe.jpg\" data-dpt-sizes=\"(max-width: 1024px) 100vw, 1024px\" data-dpt-srcset=\"https:\/\/www.markus-schall.de\/wp-content\/uploads\/Krimtartaren-Steppe.jpg 1024w, https:\/\/www.markus-schall.de\/wp-content\/uploads\/Krimtartaren-Steppe-300x200.jpg 300w, https:\/\/www.markus-schall.de\/wp-content\/uploads\/Krimtartaren-Steppe-768x512.jpg 768w, https:\/\/www.markus-schall.de\/wp-content\/uploads\/Krimtartaren-Steppe-18x12.jpg 18w\" \/><\/div><span class=\"dpt-thumbnail-aspect-ratio\" style=\"padding-top: 75%\"><\/span><\/div><\/div><div class=\"sub-entry\"><h3 class=\"dpt-title\"><a class=\"dpt-title-link\" href=\"https:\/\/www.markus-schall.de\/it\/2025\/12\/i-tatari-crimeani-storia-origine-e-presente-di-un-popolo-dimenticato\/\" rel=\"bookmark\">I Tatari di Crimea: storia, origini e presente di un popolo dimenticato<\/a><\/h3><\/div><\/div>\n\t\t\t\t\t\t<\/div><!-- .dpt-entry -->\n\t\t\t\t\t\t\t\t\t\t\t\t<div class=\"dpt-entry has-thumbnail\" data-title=\"reichweite ist kein eigentum \u2013 warum sichtbarkeit heute nicht mehr ausreicht\" data-id=\"3994\"  data-category=\"allgemein featured filemaker &amp; erp gesellschaft kunst &amp; kultur\" data-post_tag=\"datenlogik datenschutz denkmodelle digitales eigentum erp-software\">\n\t\t\t\t\t\t\t<div class=\"dpt-entry-wrapper\"><div class=\"dpt-featured-content\"><div class=\"dpt-permalink\"><a href=\"https:\/\/www.markus-schall.de\/it\/2025\/12\/reach-is-not-ownership-perche-oggi-la-visibilita-non-e-piu-sufficiente\/\" class=\"dpt-permalink\"><span class=\"screen-reader-text\">Reach is not ownership - Perch\u00e9 oggi la visibilit\u00e0 non \u00e8 pi\u00f9 sufficiente<\/span><\/a><\/div><div class=\"dpt-thumbnail\"><div class=\"dpt-thumbnail-inner\"><img width=\"1024\" height=\"683\" class=\"attachment-full size-full\" alt=\"Raggiungere e possedere\" context=\"dpt\" data-dpt-src=\"https:\/\/www.markus-schall.de\/wp-content\/uploads\/reichweite-vs-eigentum.jpg\" data-dpt-sizes=\"(max-width: 1024px) 100vw, 1024px\" data-dpt-srcset=\"https:\/\/www.markus-schall.de\/wp-content\/uploads\/reichweite-vs-eigentum.jpg 1024w, https:\/\/www.markus-schall.de\/wp-content\/uploads\/reichweite-vs-eigentum-300x200.jpg 300w, https:\/\/www.markus-schall.de\/wp-content\/uploads\/reichweite-vs-eigentum-768x512.jpg 768w, https:\/\/www.markus-schall.de\/wp-content\/uploads\/reichweite-vs-eigentum-18x12.jpg 18w\" \/><\/div><span class=\"dpt-thumbnail-aspect-ratio\" style=\"padding-top: 75%\"><\/span><\/div><\/div><div class=\"sub-entry\"><h3 class=\"dpt-title\"><a class=\"dpt-title-link\" href=\"https:\/\/www.markus-schall.de\/it\/2025\/12\/reach-is-not-ownership-perche-oggi-la-visibilita-non-e-piu-sufficiente\/\" rel=\"bookmark\">Reach is not ownership - Perch\u00e9 oggi la visibilit\u00e0 non \u00e8 pi\u00f9 sufficiente<\/a><\/h3><\/div><\/div>\n\t\t\t\t\t\t<\/div><!-- .dpt-entry -->\n\t\t\t\t\t\t\n\t\t\t\t<\/div>\n\t\t\t\t\t\t<\/div>\n\t\t\t\n<hr \/>\n<h2>La confusione tra gamma e valore<\/h2>\n<p>Ci\u00f2 che spesso viene trascurato \u00e8 che la maggior parte delle attivit\u00e0 digitali generano movimento, non sostanza: La maggior parte delle attivit\u00e0 digitali genera movimento, non sostanza. Creano attenzione, ma non propriet\u00e0. Creano una presenza a breve termine, ma non un impatto a lungo termine. Questo non \u00e8 un caso, ma fa parte della logica del sistema. Le piattaforme sono progettate per far circolare i contenuti, non per costruire qualcosa che duri indipendentemente da esse.<\/p>\n<p>Ed \u00e8 proprio a questo punto che inizia un errore mentale di cui molti si rendono conto solo in ritardo: investono tempo, energia e spesso denaro non nel proprio sistema, ma in strutture esterne.<\/p>\n<p>In breve, molte persone costruiscono il proprio raggio d'azione e si rendono conto solo anni dopo che nulla di tutto ci\u00f2 appartiene loro.<\/p>\n<h3>Il punto cieco dell'economia digitale<\/h3>\n<p>Se si osserva come vengono creati i contenuti oggi, si nota uno schema: Si produce, si pubblica, si passa ad altro. Il prossimo articolo, il prossimo argomento, la prossima idea.<\/p>\n<p>Ci\u00f2 che raramente accade \u00e8 che si accumulano. Molti lavorano come se dovessero partire da zero ogni giorno. I contenuti sono giustapposti, ma non collegati. Manca la struttura che trasforma i singoli elementi in un insieme. Questa differenza \u00e8 fondamentale. Perch\u00e9 un singolo articolo isolato \u00e8 poco pi\u00f9 di un frammento di informazione. Solo attraverso l'incorporazione, il collegamento, l'ulteriore sviluppo e il contesto diventa un elemento costitutivo di un sistema. E solo questo sistema ha il potenziale per aumentare il suo valore nel tempo.<\/p>\n<p>\u00c8 proprio qui che si trova il punto cieco: l'economia digitale premia la produzione a breve termine, ma a lungo termine chi costruisce in modo strutturato ne beneficia. Nella vita di tutti i giorni questo sembra poco spettacolare. Non ci sono picchi rapidi, n\u00e9 salti improvvisi. Ma emerge qualcosa che non \u00e8 pi\u00f9 cos\u00ec facile da sopprimere: una sostanza in crescita. E questa sostanza segue regole diverse dalla portata. Non si crea attraverso la massa, ma attraverso la connessione. Non attraverso la velocit\u00e0, ma attraverso la continuit\u00e0. E non attraverso la sola visibilit\u00e0, ma attraverso il controllo di ci\u00f2 che si crea.<\/p>\n<p>Ci\u00f2 solleva un'altra questione, molto pi\u00f9 fondamentale: cosa significa effettivamente possedere qualcosa nello spazio digitale? \u00c8 proprio qui che inizia il vero nocciolo di questo articolo.<\/p>\n<h2>Che cos'\u00e8 la propriet\u00e0 digitale? Definizione da una prospettiva scientifica<\/h2>\n<p><a href=\"https:\/\/www.markus-schall.de\/it\/2026\/02\/la-proprieta-digitale-ha-spiegato-come-vengono-creati-gli-asset-online-sostenibili\/\"><img loading=\"lazy\" decoding=\"async\" class=\"alignright size-medium wp-image-4770\" src=\"https:\/\/www.markus-schall.de\/wp-content\/uploads\/Digitales-Eigentum-300x200.jpg\" alt=\"Cos&#039;\u00e8 la propriet\u00e0 digitale\" width=\"300\" height=\"200\" srcset=\"https:\/\/www.markus-schall.de\/wp-content\/uploads\/Digitales-Eigentum-300x200.jpg 300w, https:\/\/www.markus-schall.de\/wp-content\/uploads\/Digitales-Eigentum-768x512.jpg 768w, https:\/\/www.markus-schall.de\/wp-content\/uploads\/Digitales-Eigentum-18x12.jpg 18w, https:\/\/www.markus-schall.de\/wp-content\/uploads\/Digitales-Eigentum.jpg 1024w\" sizes=\"auto, (max-width: 300px) 100vw, 300px\" \/><\/a>Se si guarda con attenzione al termine \u201epropriet\u00e0 digitale\u201c, ci si rende subito conto che viene spesso utilizzato ma raramente definito con chiarezza. Nel senso classico del termine, propriet\u00e0 significa soprattutto una cosa: controllo. Non in senso emotivo, ma in senso giuridico e pratico. Ho dato una definizione pi\u00f9 precisa in un altro articolo, <a href=\"https:\/\/www.markus-schall.de\/it\/2026\/02\/la-proprieta-digitale-ha-spiegato-come-vengono-creati-gli-asset-online-sostenibili\/\"><strong>cos'\u00e8 la propriet\u00e0 digitale<\/strong><\/a> e di cosa si tratta in realt\u00e0.<\/p>\n<p>Nelle discussioni accademiche si parla spesso di propriet\u00e0 digitale. Si tratta dell'effettivo potere di disporre dei contenuti digitali, ossia della possibilit\u00e0 di utilizzarli, modificarli, distribuirli o addirittura rimuoverli senza dipendere da terzi.<\/p>\n<p>Ed \u00e8 qui che inizia la prima distinzione, spesso trascurata nella vita di tutti i giorni:<\/p>\n<blockquote><p>Tra propriet\u00e0 e utilizzo.<\/p><\/blockquote>\n<p>Quando si pubblicano contenuti su una piattaforma, si utilizza la sua infrastruttura. Ma non ne siete i veri proprietari. La piattaforma decide la portata, la visibilit\u00e0 e, in caso di dubbio, se il vostro contenuto rimane o scompare.<\/p>\n<p>Nella vita di tutti i giorni questo pu\u00f2 essere poco evidente. Da un punto di vista strategico, tuttavia, si tratta di una differenza fondamentale. Infatti, la propriet\u00e0 non si concretizza quando tutto fila liscio, ma nel momento in cui cambiano le condizioni quadro.<\/p>\n<h3>Gli asset digitali e la loro struttura<\/h3>\n<p>Per affinare ulteriormente il termine, vale la pena di dare un'occhiata a ci\u00f2 che viene spesso definito asset digitale. Inizialmente, si tratta naturalmente di contenuti come testi, libri, immagini o banche dati. Ma questa visione \u00e8 insufficiente.<\/p>\n<p>Un singolo testo \u00e8 tecnicamente un bene. Tuttavia, il suo valore effettivo deriva solo dal contesto in cui \u00e8 inserito. Un articolo che \u00e8 incorporato in modo significativo, collegato ad altri contenuti e inserito in una struttura chiara sviluppa una qualit\u00e0 diversa rispetto a un contributo isolato. Non viene solo letto, ma diventa parte di un sistema.<\/p>\n<p>\u00c8 qui che entra in gioco un aspetto spesso sottovalutato: La struttura. Metadati, link interni, collegamenti tematici e linee editoriali non sono elementi decorativi. Sono le fondamenta su cui si pu\u00f2 creare una propriet\u00e0 digitale.<\/p>\n<p>In parole povere: il contenuto \u00e8 il materiale, la struttura \u00e8 l'edificio. E come nell'artigianato tradizionale, non \u00e8 il solo materiale a determinare la qualit\u00e0, ma il modo in cui viene lavorato.<\/p>\n<h3>Il fattore decisivo: il controllo<\/h3>\n<p>Quando tutti gli aspetti vengono riuniti, rimane un punto che fa la differenza: il controllo. In termini giuridici ed economici, il controllo \u00e8 uno dei criteri centrali della propriet\u00e0. Solo chi pu\u00f2 effettivamente determinare cosa succede a un bene pu\u00f2 possederlo nel vero senso della parola.<\/p>\n<p>Se si trasferisce questo principio al mondo digitale, la situazione diventa subito pi\u00f9 chiara. Una rivista interna, un sito web o un libro autopubblicato hanno molte pi\u00f9 probabilit\u00e0 di soddisfare questa condizione rispetto ai contenuti completamente integrati in sistemi esterni. Non perch\u00e9 siano tecnicamente superiori, ma perch\u00e9 sono indipendenti.<\/p>\n<p>A questo punto, l'argomento tocca anche il concetto di autodeterminazione digitale. Questo concetto si riferisce alla capacit\u00e0 di plasmare la propria esistenza digitale invece di vederla definita da strutture esterne. Questo concetto pu\u00f2 sembrare astratto all'inizio, ma ha implicazioni molto concrete.<\/p>\n<ul>\n<li>Se avete il controllo, potete sviluppare contenuti a lungo termine.<\/li>\n<li>Se si ha il controllo, si possono costruire strutture.<\/li>\n<li>Se avete il controllo, potete prendere decisioni che vi ripagheranno solo anni dopo.<\/li>\n<\/ul>\n<p>Ed \u00e8 proprio questo il punto in cui si decide se il lavoro digitale si limita a generare attivit\u00e0 o se da esso si crea un valore effettivo. Perch\u00e9 senza controllo, tutto rimane provvisorio. Con il controllo, invece, si creano le basi per qualcosa che possa durare nel tempo.<\/p>\n<p>Questo sposta anche la prospettiva: non si tratta pi\u00f9 solo di creare contenuti. Si tratta di costruire un sistema che vi appartiene.<\/p>\n<p><img loading=\"lazy\" decoding=\"async\" class=\"alignnone wp-image-5907 size-full\" src=\"https:\/\/www.markus-schall.de\/wp-content\/uploads\/Organische-Reichweite-Entwicklung.jpg\" alt=\"Accumulo di portata organica\" width=\"1024\" height=\"682\" srcset=\"https:\/\/www.markus-schall.de\/wp-content\/uploads\/Organische-Reichweite-Entwicklung.jpg 1024w, https:\/\/www.markus-schall.de\/wp-content\/uploads\/Organische-Reichweite-Entwicklung-300x200.jpg 300w, https:\/\/www.markus-schall.de\/wp-content\/uploads\/Organische-Reichweite-Entwicklung-768x512.jpg 768w, https:\/\/www.markus-schall.de\/wp-content\/uploads\/Organische-Reichweite-Entwicklung-18x12.jpg 18w\" sizes=\"auto, (max-width: 1024px) 100vw, 1024px\" \/><\/p>\n<h2>Capitale digitale: perch\u00e9 i contenuti si accumulano<\/h2>\n<p>Quando si inizia a considerare i contenuti non in modo isolato, ma come parte di un contesto pi\u00f9 ampio, cambia anche la prospettiva del loro valore. Un singolo articolo pu\u00f2 sembrare limitato, ma un sistema di articoli pu\u00f2 sviluppare una propria dinamica nel tempo.<\/p>\n<p>Nella ricerca, questa idea \u00e8 descritta, tra gli altri, con il termine capitale digitale. Si rif\u00e0 alle teorie classiche del capitale, come quella di Pierre Bourdieu, che distingueva tra varie forme di capitale - non solo finanziario, ma anche culturale e sociale.<\/p>\n<p>Se si trasferisce questo principio al mondo digitale, emerge un'idea interessante: anche i contenuti possono accumularsi. Non solo in quantit\u00e0, ma anche in valore. Un articolo, quindi, non \u00e8 pi\u00f9 isolato. Diventa parte di uno stock crescente. E nel tempo, questo stock pu\u00f2 sviluppare un effetto che va ben oltre la somma delle sue singole parti.<\/p>\n<p>Questo \u00e8 il momento in cui il contenuto diventa lentamente capitale.<\/p>\n<h3>Accumulazione invece di pubblicazione<\/h3>\n<p>Se ci si limita a pubblicare un contenuto, spesso accade quanto segue: appare, viene letto e poi perde importanza. Segue il post successivo e il gioco ricomincia.<\/p>\n<p>L'accumulo funziona in modo diverso. L'obiettivo non \u00e8 quello di produrre costantemente nuovi contenuti, ma di espandere, collegare e incorporare i contenuti esistenti in modo significativo. Ogni nuovo contenuto rafforza quello esistente. Ogni contenuto esistente acquista profondit\u00e0 grazie alle aggiunte. Tuttavia, questo richiede di pensare in termini di strutture piuttosto che di singoli contributi.<\/p>\n<p>Una rivista che sviluppa focus tematici, collega i contenuti tra loro e aggiorna regolarmente gli articoli pi\u00f9 vecchi si comporta in modo diverso rispetto a una raccolta casuale di articoli. Inizia a comportarsi come un sistema. Ed \u00e8 proprio questo sistema a essere cruciale. Perch\u00e9 garantisce che i contenuti non diventino semplicemente \u201eobsoleti\u201c, ma si evolvano. Non viene sostituito, ma integrato. Non perde il suo significato, ma cambia il suo contesto.<\/p>\n<p>Si tratta di un approccio piuttosto classico. In passato si sarebbe detto: si costruisce un archivio. O una biblioteca. Oggi, forse, lo chiameremmo sistema di contenuti. Il nucleo rimane lo stesso.<\/p>\n<h3>L'effetto \u201einteresse composto\u201c dei contenuti<\/h3>\n<p>Il cosiddetto effetto di interesse composto \u00e8 un'illustrazione particolarmente vivida di questo processo. Nel mondo della finanza, descrive un semplice principio: il reddito non viene guadagnato una sola volta, ma viene anche reinvestito, generando cos\u00ec nuovo reddito. Ci\u00f2 si traduce in una crescita esponenziale su periodi di tempo pi\u00f9 lunghi. Se questo principio viene applicato ai contenuti, emerge un modello simile.<\/p>\n<ol>\n<li>Un articolo pu\u00f2 portare lettori.<\/li>\n<li>Questi lettori si imbattono in ulteriori contenuti.<\/li>\n<li>Questi contenuti aumentano a loro volta la visibilit\u00e0 del sistema nel suo complesso.<\/li>\n<\/ol>\n<p>Con il tempo, emerge una rete di riferimenti, connessioni e argomenti. E questa rete inizia a sostenersi da sola.<\/p>\n<p>\u00c8 importante notare che questo effetto non si verifica immediatamente. All'inizio tutto sembra piccolo, quasi insignificante. I singoli contributi stanno uno accanto all'altro, senza grande effetto. Ma con ogni aggiunta, il sistema si ispessisce. Emergono connessioni. Le connessioni diventano visibili.<\/p>\n<p>E a un certo punto la percezione cambia:<\/p>\n<ol>\n<li>I singoli contenuti diventano un contesto.<\/li>\n<li>Un contesto diventa una struttura.<\/li>\n<li>Questa struttura d\u00e0 origine a un valore che non \u00e8 pi\u00f9 cos\u00ec facile da dissolvere.<\/li>\n<\/ol>\n<p>Proprio qui sta il vero vantaggio: mentre i singoli contenuti possono essere sostituiti o copiati in qualsiasi momento, un sistema adulto \u00e8 difficile da riprodurre. Non perch\u00e9 sia tecnicamente complesso, ma perch\u00e9 ha richiesto tempo. E il tempo non pu\u00f2 essere copiato.<\/p>\n<h3>Termini chiave relativi alla propriet\u00e0 digitale<\/h3>\n<div style=\"overflow-x: auto;\">\n<table>\n<tbody>\n<tr style=\"background-color: #f2f2f2;\">\n<th>Termine<\/th>\n<th>Significato<\/th>\n<th>Rilevanza per l'articolo<\/th>\n<\/tr>\n<tr>\n<td><strong>Propriet\u00e0 digitale<\/strong><\/td>\n<td>Contenuti, strutture o sistemi digitali sui quali il creatore mantiene un controllo a lungo termine.<\/td>\n<td>Concetto di base dell'articolo: non si tratta solo di contenuti, ma di sostanza digitale controllabile.<\/td>\n<\/tr>\n<tr>\n<td><strong>Beni digitali<\/strong><\/td>\n<td>Testi, immagini, libri, database, siti web o altri beni digitali con valore a lungo termine.<\/td>\n<td>Dimostra che il contenuto non \u00e8 solo una pubblicazione, ma pu\u00f2 diventare una risorsa.<\/td>\n<\/tr>\n<tr>\n<td><strong>Capitale digitale<\/strong><\/td>\n<td>Risorse digitali accumulate, competenze, contenuti e strutture che generano valore nel tempo.<\/td>\n<td>Spiega perch\u00e9 i singoli contributi possono formare un capitale digitale in crescita.<\/td>\n<\/tr>\n<tr>\n<td><strong>Crescita organica<\/strong><\/td>\n<td>Sviluppo lento e continuo di un sistema attraverso nuovi contenuti, manutenzione e collegamenti.<\/td>\n<td>Descrive il concetto alternativo alla portata a breve termine e alle campagne che si esauriscono rapidamente.<\/td>\n<\/tr>\n<tr>\n<td><strong>Dipendenza dalla piattaforma<\/strong><\/td>\n<td>Dipendenza da sistemi, algoritmi, regole e meccanismi di visibilit\u00e0 esterni.<\/td>\n<td>Rende visibile il motivo per cui il raggiungimento senza controllo rimane strategicamente rischioso.<\/td>\n<\/tr>\n<tr>\n<td><strong>Linea editoriale<\/strong><\/td>\n<td>Selezione, atteggiamento, linguaggio e gestione tematica riconoscibili di un sistema digitale.<\/td>\n<td>Rende un sistema consolidato personale, credibile e difficile da copiare.<\/td>\n<\/tr>\n<\/tbody>\n<\/table>\n<\/div>\n<h2>La crescita organica come principio sottovalutato<\/h2>\n<p>Quando si inizia un progetto oggi, si riscontra quasi ovunque la stessa aspettativa: deve essere veloce. Risultati visibili, cifre in crescita, progressi chiari, preferibilmente in tempi brevi. Questa aspettativa \u00e8 diventata profondamente radicata nel pensiero digitale. La crescita \u00e8 spesso equiparata alla velocit\u00e0. Chi cresce rapidamente \u00e8 considerato un successo. Chi cresce lentamente viene spesso trascurato.<\/p>\n<p>Ed \u00e8 proprio qui che c'\u00e8 un errore di pensiero. Perch\u00e9 la velocit\u00e0 non \u00e8 sinonimo di stabilit\u00e0. Un sistema che cresce rapidamente pu\u00f2 perdere importanza altrettanto rapidamente. Reagisce in modo sensibile alle influenze esterne, ai cambiamenti di piattaforme, tendenze o algoritmi.<\/p>\n<p>La crescita lenta funziona in modo diverso. Non si basa su effetti a breve termine, ma sulla ripetizione, sul collegamento e sul consolidamento graduale. I nuovi contenuti non vengono semplicemente aggiunti, ma integrati. I contenuti esistenti vengono integrati, ampliati e talvolta anche corretti.<\/p>\n<p>Dall'esterno, la situazione appare poco spettacolare. Non ci sono salti improvvisi, n\u00e9 oscillazioni evidenti. Ma crea qualcosa che \u00e8 diventato raro nel mondo digitale: la stabilit\u00e0. E nel lungo periodo la stabilit\u00e0 \u00e8 pi\u00f9 preziosa della velocit\u00e0.<\/p>\n<h3>Sistemi anzich\u00e9 singoli contenuti<\/h3>\n<p>Un'altra differenza si nota nel modo in cui i contenuti sono organizzati. Molti lavorano secondo il principio dei singoli articoli. Ogni articolo \u00e8 a s\u00e9 stante, assolve a uno scopo e poi viene sostituito da quello successivo. Il risultato \u00e8 un movimento lineare, ma senza coerenza.<\/p>\n<p>La crescita organica segue un approccio diverso. Qui i contenuti sono intesi come parte di un sistema. Non sono isolati, ma in relazione l'uno con l'altro. Gli argomenti vengono ripresi, sviluppati e analizzati da diverse prospettive. Un articolo pu\u00f2 essere l'introduzione a un argomento. Un altro lo approfondisce. Un terzo stabilisce un collegamento che prima non era visibile.<\/p>\n<p>Questo modo di lavorare richiede una certa disciplina. Non basta produrre contenuti. Bisogna categorizzarli, collegarli e di tanto in tanto rivederli. Il collegamento interno, in particolare, svolge un ruolo centrale. Non \u00e8 un dettaglio tecnico, ma un elemento strutturale. Assicura che i contenuti comunichino tra loro. Che si rafforzino a vicenda.<\/p>\n<p>Poi c'\u00e8 la linea editoriale. Un sistema si crea non solo attraverso il collegamento, ma anche attraverso la selezione.<\/p>\n<ul>\n<li>Quali sono gli argomenti trattati?<\/li>\n<li>Quali sono stati deliberatamente omessi?<\/li>\n<li>Quali sono le prospettive adottate?<\/li>\n<\/ul>\n<p>Queste decisioni non sono sempre ovvie. Ma danno forma al quadro generale. Ed \u00e8 proprio questo quadro generale che acquista importanza nel tempo.<\/p>\n<h3>Paralleli storici<\/h3>\n<p>Se si fa un passo indietro, ci si rende conto che questo principio non \u00e8 affatto nuovo. In passato, la conoscenza veniva raccolta nelle biblioteche. I libri venivano catalogati, organizzati tematicamente e ampliati nel corso degli anni. Il singolo libro aveva il suo valore, ma la vera forza era la collezione. Un editore non si limitava a pubblicare singoli titoli, ma costruiva anche un programma. Si sviluppavano temi, si sostenevano gli autori, si mantenevano i contenuti a lungo termine. Anche gli archivi seguivano questo principio. I documenti non venivano semplicemente archiviati, ma sistematicamente registrati, categorizzati e resi accessibili.<\/p>\n<p>Tutti questi esempi hanno una cosa in comune: si concentrano sulla continuit\u00e0 piuttosto che sull'impatto a breve termine. Nel mondo digitale, questo modo di pensare sembra essere andato parzialmente perso. I contenuti vengono prodotti, distribuiti e spesso dimenticati altrettanto rapidamente. Ci si concentra sul momento, non sullo sviluppo.<\/p>\n<p>Ma \u00e8 proprio qui che si trova l'opportunit\u00e0. Chiunque oggi ricominci a pensare in termini di strutture di questo tipo si muove consapevolmente controcorrente. Rinuncia agli effetti a breve termine a favore della stabilit\u00e0 a lungo termine. All'inizio questo pu\u00f2 sembrare meno spettacolare. Ma porta a un risultato che si distingue chiaramente nel tempo.<\/p>\n<p>Mentre molti sistemi sono orientati verso un rapido successo e rimangono di conseguenza vulnerabili, un sistema che \u00e8 cresciuto organicamente sviluppa la propria inerzia. Diventa pi\u00f9 difficile da smantellare. Pi\u00f9 difficile da sostituire. E un po' pi\u00f9 stabile a ogni passo successivo.<\/p>\n<p>Forse \u00e8 proprio questo il punto cruciale: la crescita organica \u00e8 lenta all'inizio, ma non si ferma mai. Ed \u00e8 proprio questo che la rende superiore nel lungo periodo.<\/p>\n<p><img loading=\"lazy\" decoding=\"async\" class=\"alignnone wp-image-5905 size-full\" src=\"https:\/\/www.markus-schall.de\/wp-content\/uploads\/Organische-Reichweite-Verbindungen.jpg\" alt=\"\" width=\"1024\" height=\"682\" srcset=\"https:\/\/www.markus-schall.de\/wp-content\/uploads\/Organische-Reichweite-Verbindungen.jpg 1024w, https:\/\/www.markus-schall.de\/wp-content\/uploads\/Organische-Reichweite-Verbindungen-300x200.jpg 300w, https:\/\/www.markus-schall.de\/wp-content\/uploads\/Organische-Reichweite-Verbindungen-768x512.jpg 768w, https:\/\/www.markus-schall.de\/wp-content\/uploads\/Organische-Reichweite-Verbindungen-18x12.jpg 18w\" sizes=\"auto, (max-width: 1024px) 100vw, 1024px\" \/><\/p>\n<h2>Perch\u00e9 i sistemi cresciuti non possono essere copiati<\/h2>\n<p>Se si guarda con sobriet\u00e0 ai contenuti digitali, la situazione \u00e8 inizialmente chiara: i testi possono essere copiati. Le immagini possono essere copiate. Persino interi siti web possono essere copiati con relativa facilit\u00e0. Non si tratta di una consapevolezza nuova, ed \u00e8 proprio per questo che molte argomentazioni non sono all'altezza della situazione. Si fermano alla superficie. Perch\u00e9 guardano a ci\u00f2 che \u00e8 visibile. Non quello che c'\u00e8 dietro.<\/p>\n<p>Un singolo articolo pu\u00f2 essere copiato. Ma non \u00e8 un sistema evoluto. Perch\u00e9? Perch\u00e9 un sistema non \u00e8 fatto solo di contenuti, ma anche di relazioni. Di collegamenti. Di decisioni prese in un lungo periodo di tempo.<\/p>\n<p>Se si considerano i contenuti in modo isolato, sembrano intercambiabili. Se li si considera come parte di una struttura, la loro qualit\u00e0 cambia.<\/p>\n<ul>\n<li>Un articolo fa riferimento a un altro.<\/li>\n<li>Un argomento \u00e8 trattato in modo pi\u00f9 dettagliato altrove.<\/li>\n<li>Si crea una connessione che non era prevista, ma che si \u00e8 sviluppata.<\/li>\n<\/ul>\n<p>Questa struttura non pu\u00f2 essere semplicemente riprodotta. Non perch\u00e9 sia tecnicamente complessa, ma perch\u00e9 \u00e8 cresciuta. E la crescita non segue un modello.<\/p>\n<h3>Il tempo come fattore decisivo<\/h3>\n<p>Forse l'aspetto pi\u00f9 importante in questo contesto \u00e8 il tempo. Nel mondo digitale il tempo \u00e8 spesso sottovalutato. Tutto sembra essere disponibile in qualsiasi momento, riproducibile in qualsiasi momento. Ma \u00e8 proprio qui che si manifesta un limite: il tempo non pu\u00f2 essere accelerato quando si tratta di sviluppo.<\/p>\n<p>Un sistema costruito per mesi o anni porta con s\u00e9 questo tempo. Non visibile, ma efficace. I contenuti pi\u00f9 vecchi non si affiancano semplicemente a quelli nuovi. Costituiscono una base. Mostrano come si sono sviluppati gli argomenti. Danno spessore al sistema.<\/p>\n<p>E questa profondit\u00e0 non si crea solo con la pianificazione. Si pu\u00f2 progettare una struttura. Si possono definire gli argomenti. Ma non si pu\u00f2 simulare una storia. Un sistema evoluto contiene tracce. Decisioni che, a posteriori, avrebbero potuto essere prese in modo diverso. Argomenti che si sono spostati. Prospettive che si sono ampliate.<\/p>\n<p>Tutto questo lo rende umano e allo stesso tempo unico. Se qualcuno cerca di copiare un sistema del genere, pu\u00f2 replicare l'interfaccia. Adottare il contenuto, imitare la struttura. Quello che gli manca \u00e8 il tempo. E senza questo tempo, al sistema manca una componente essenziale: lo sviluppo.<\/p>\n<h3>La linea personale come nucleo invisibile<\/h3>\n<p>Oltre alla struttura e al tempo, esiste un terzo fattore spesso sottovalutato: la linea personale. \u00c8 difficile da cogliere perch\u00e9 raramente viene formulata in modo esplicito. Eppure \u00e8 presente in ogni sistema consolidato.<\/p>\n<ul>\n<li>Questo si riflette nella selezione degli argomenti.<\/li>\n<li>Nel modo in cui le cose sono descritte.<\/li>\n<li>In ci\u00f2 che viene deliberatamente tralasciato.<\/li>\n<\/ul>\n<p>Questa linea non si crea solo con la pianificazione. Si sviluppa nel tempo, attraverso l'esperienza, la correzione e la riflessione. In psicologia si parla di propriet\u00e0 psicologica. Si tratta della sensazione che qualcosa \u201evi appartenga\u201c perch\u00e9 l'avete plasmata.<\/p>\n<p>Trasferito ai sistemi digitali, ci\u00f2 significa che un sistema evoluto porta la firma del suo creatore. E questa firma non pu\u00f2 essere copiata.<br \/>\nPotete imitarli. Si pu\u00f2 cercare di imitarli. Ma non si pu\u00f2 riprodurre. Perch\u00e9 non si basa solo sul risultato, ma anche sul percorso.<\/p>\n<ul>\n<li>Sulle decisioni prese.<\/li>\n<li>Su argomenti che sono stati deliberatamente perseguiti o scartati.<\/li>\n<li>Su un atteggiamento che si \u00e8 stabilizzato nel tempo.<\/li>\n<\/ul>\n<p>Questo \u00e8 il punto in cui molte copie falliscono. Adottano i contenuti, forse anche le strutture. Ma non ne colgono la logica. E senza questa logica, tutto rimane superficiale.<\/p>\n<h3>La vera differenza<\/h3>\n<p>Quando tutti gli aspetti vengono riuniti, emerge un quadro chiaro.<\/p>\n<ul>\n<li>Ci\u00f2 che pu\u00f2 essere copiato \u00e8 ci\u00f2 che \u00e8 visibile: testi, immagini, layout.<\/li>\n<li>Ci\u00f2 che non si pu\u00f2 copiare \u00e8 ci\u00f2 che \u00e8 cresciuto: la struttura, il tempo, la linea.<\/li>\n<\/ul>\n<p>Questo non significa che un sistema sia intoccabile. \u00c8 ovvio che ci pu\u00f2 essere concorrenza. \u00c8 ovvio che possono emergere contenuti simili. Ma il punto di partenza \u00e8 diverso. Un sistema consolidato ha un vantaggio che non pu\u00f2 essere recuperato con la semplice riproduzione. Non esiste soltanto, ma si \u00e8 sviluppato. Ed \u00e8 proprio questo sviluppo che continua ad avere un effetto.<\/p>\n<ul>\n<li>La struttura viene rafforzata con ogni nuovo contenuto.<\/li>\n<li>La linea diventa pi\u00f9 chiara ad ogni aggiunta.<\/li>\n<li>Ad ogni decisione, la differenza rispetto a ci\u00f2 che \u00e8 solo modellato aumenta.<\/li>\n<\/ul>\n<p>Forse questa \u00e8 la formulazione pi\u00f9 sobria: l'incopiabilit\u00e0 non si crea con la protezione, ma con la costruzione. Non attraverso la compartimentazione, ma attraverso la continuit\u00e0. Ed \u00e8 proprio per questo che \u00e8 cos\u00ec efficace. Perch\u00e9 non pu\u00f2 essere forzata, ma solo guadagnata.<\/p>\n<h3>Propriet\u00e0 digitale in crescita organica rispetto alle forme di pubblicit\u00e0 tradizionali<\/h3>\n<div style=\"overflow-x: auto;\">\n<table>\n<tbody>\n<tr style=\"background-color: #f2f2f2;\">\n<th>Aspetto<\/th>\n<th>Forme classiche di pubblicit\u00e0<\/th>\n<th>Propriet\u00e0 digitale in crescita organica<\/th>\n<\/tr>\n<tr>\n<td><strong>Durata dell'effetto<\/strong><\/td>\n<td>Di solito funziona solo finch\u00e9 il budget \u00e8 utilizzato o una campagna \u00e8 attiva.<\/td>\n<td>Pu\u00f2 guadagnare lettori nel corso degli anni, essere aggiornato e continuare a crescere di importanza.<\/td>\n<\/tr>\n<tr>\n<td><strong>Controllo<\/strong><\/td>\n<td>A seconda delle piattaforme, delle regole pubblicitarie, dei prezzi e dei meccanismi di raggiungimento esterni.<\/td>\n<td>\u00c8 in gran parte a discrezione del creatore sul proprio sito web, nella propria rivista o nella struttura del proprio libro.<\/td>\n<\/tr>\n<tr>\n<td><strong>Struttura dei costi<\/strong><\/td>\n<td>Richiede budget ricorrenti; quando il pagamento termina, di solito termina anche la visibilit\u00e0.<\/td>\n<td>Inizialmente richiede lavoro e cura, ma pu\u00f2 continuare ad avere effetti a lungo termine anche in seguito.<\/td>\n<\/tr>\n<tr>\n<td><strong>Costruire la fiducia<\/strong><\/td>\n<td>\u00c8 spesso riconosciuta come pubblicit\u00e0 e percepita in modo conseguentemente distante.<\/td>\n<td>Creata grazie a sostanza, riconoscibilit\u00e0, profondit\u00e0 e presenza editoriale a lungo termine.<\/td>\n<\/tr>\n<tr>\n<td><strong>Copiabilit\u00e0<\/strong><\/td>\n<td>Singole campagne, motivi o formati sono relativamente facili da imitare.<\/td>\n<td>Un sistema sviluppato di contenuti, link, storia e linea personale difficilmente pu\u00f2 essere copiato.<\/td>\n<\/tr>\n<tr>\n<td><strong>Valore strategico<\/strong><\/td>\n<td>Genera attenzione, ma raramente una propriet\u00e0 permanente.<\/td>\n<td>Costruisce una sostanza digitale che pu\u00f2 fungere da asset a lungo termine.<\/td>\n<\/tr>\n<\/tbody>\n<\/table>\n<\/div>\n<h3>La vostra rivista internazionale - una portata che dura nel tempo<\/h3>\n<p><a href=\"https:\/\/www.markus-schall.de\/it\/la-vostra-rivista-internazionale\/\"><img loading=\"lazy\" decoding=\"async\" class=\"alignright size-medium wp-image-4850\" src=\"https:\/\/www.markus-schall.de\/wp-content\/uploads\/Leistungen-ERP-Magazin-Artikel-300x200.jpg\" alt=\"Rivista propria\" width=\"300\" height=\"200\" srcset=\"https:\/\/www.markus-schall.de\/wp-content\/uploads\/Leistungen-ERP-Magazin-Artikel-300x200.jpg 300w, https:\/\/www.markus-schall.de\/wp-content\/uploads\/Leistungen-ERP-Magazin-Artikel-768x512.jpg 768w, https:\/\/www.markus-schall.de\/wp-content\/uploads\/Leistungen-ERP-Magazin-Artikel-18x12.jpg 18w, https:\/\/www.markus-schall.de\/wp-content\/uploads\/Leistungen-ERP-Magazin-Artikel.jpg 1024w\" sizes=\"auto, (max-width: 300px) 100vw, 300px\" \/><\/a>Se avete letto questo articolo, conoscete la differenza cruciale: potete affittare la portata - dovete costruire la sostanza. \u00c8 proprio qui che entra in gioco il concetto di rivista propria. Invece di \u201eparcheggiare\u201c i contenuti su piattaforme esterne, si crea un sistema indipendente che cresce con ogni pubblicazione e acquista valore a lungo termine.<\/p>\n<p><a href=\"https:\/\/www.markus-schall.de\/it\/la-vostra-rivista-internazionale\/\"><strong>La nostra rivista<\/strong><\/a> \u00e8 pi\u00f9 di un semplice canale. \u00c8 una struttura. Un luogo in cui i contenuti non stanno uno accanto all'altro, ma lavorano insieme. Gli articoli si collegano l'uno all'altro, gli argomenti si evolvono e, nel tempo, si crea esattamente ci\u00f2 di cui parla questo articolo: una propriet\u00e0 digitale. La rivista online di M. Schall Verlag mostra gi\u00e0 come pu\u00f2 essere un approccio di questo tipo: con una linea chiara, una profondit\u00e0 tematica e contenuti volutamente a lungo termine. Questo principio pu\u00f2 essere applicato anche al vostro progetto. Se non volete solo essere visibili, ma volete costruire qualcosa che vi appartenga, allora la vostra rivista \u00e8 il passo successivo pi\u00f9 logico.<\/p>\n<h2>L'IA nel contesto: strumento o rischio?<\/h2>\n<p>Se seguite l'attuale dibattito sull'intelligenza artificiale, vi renderete subito conto di quanto sia spesso abbreviato. Si tratta per lo pi\u00f9 della questione se i contenuti <em>\u201ecreato dall'intelligenza artificiale\u201c<\/em> come se questa fosse gi\u00e0 la categoria decisiva. Questa distinzione \u00e8 in realt\u00e0 troppo grossolana. Riduce un processo complesso a un'etichetta. E ignora proprio il punto decisivo: il ruolo delle persone nel processo.<\/p>\n<p>Un testo pu\u00f2 essere creato in modo formale con il supporto dell'IA e presentare comunque una linea chiara, una struttura e una scrittura riconoscibile. Al contrario, un testo pu\u00f2 essere scritto interamente senza AI e apparire comunque arbitrario.<\/p>\n<p>L'origine da sola dice poco sulla qualit\u00e0. C'\u00e8 anche un altro aspetto: la discussione \u00e8 spesso emotiva. Tra fascino e rifiuto. Tra la fiducia nel progresso e lo scetticismo.<\/p>\n<p>Entrambi non sono all'altezza. Come per ogni sviluppo tecnologico, non \u00e8 lo strumento a determinare il risultato, ma il modo in cui viene utilizzato. Ed \u00e8 proprio per questo che vale la pena fare un passo indietro e porsi nuovamente la domanda: Non \u201eAI o non AI\u201c, ma:<\/p>\n<blockquote><p>Quale funzione svolge nel processo complessivo?<\/p><\/blockquote>\n<h3>L'IA come acceleratore di produzione<\/h3>\n<p>Se si guarda all'IA in modo oggettivo, inizialmente pu\u00f2 essere classificata come ci\u00f2 che \u00e8 essenzialmente: uno strumento di accelerazione. \u00c8 in grado di generare testi pi\u00f9 velocemente, di suggerire varianti, di preparare strutture e formulazioni fluide. Tutto questo fa risparmiare tempo, a volte molto. Da questo punto di vista, non \u00e8 fondamentalmente diverso dagli sviluppi precedenti.<\/p>\n<ul>\n<li>La macchina da scrivere ha accelerato il processo di scrittura.<\/li>\n<li>I programmi di elaborazione testi hanno facilitato le correzioni.<\/li>\n<li>Il software di impaginazione ha semplificato la composizione dei libri.<\/li>\n<\/ul>\n<p>Ognuna di queste tecnologie ha cambiato il processo di lavoro, ma non il principio alla base. Un libro \u00e8 rimasto un libro. Un articolo rimaneva un articolo. E la qualit\u00e0 \u00e8 rimasta legata alla cura della persona che utilizza lo strumento.<\/p>\n<p>Questo \u00e8 un punto importante: gli strumenti spostano lo sforzo, non lo sostituiscono. Ci\u00f2 che prima richiedeva tempo durante la scrittura, ora viene sempre pi\u00f9 spostato verso la strutturazione, la selezione e la post-elaborazione. Se si salta questa fase, si pu\u00f2 produrre velocemente, ma non necessariamente in modo sostenibile.<\/p>\n<p>E questo mostra gi\u00e0 i limiti dell'IA: pu\u00f2 accelerare i processi, ma non pu\u00f2 garantire la sostanza.<\/p>\n<hr \/>\n<h3>Indagine in corso sull'uso dei sistemi di intelligenza artificiale locali<\/h3>\n<div class='bootstrap-yop yop-poll-mc'>\n\t\t\t\t\t\t\t<div class=\"basic-yop-poll-container\" style=\"background-color:#ffffff; border:0px; border-style:solid; border-color:#000000; border-radius:5px; padding:0px 5px;\" data-id=\"9\" data-temp=\"basic-pretty\" data-skin=\"square\" data-cscheme=\"blue\" data-cap=\"0\" data-access=\"guest\" data-tid=\"\" data-uid=\"0774966f67288356683a20cd3208fca8\" data-pid=\"3994\" data-resdet=\"votes-number,percentages\" data-show-results-to=\"guest\" data-show-results-moment=\"after-vote\" data-show-results-only=\"false\" data-show-message=\"true\" data-show-results-as=\"bar\" data-sort-results-by=\"as-defined\" data-sort-results-rule=\"asc\"data-is-ended=\"0\" data-percentages-decimals=\"2\" data-gdpr=\"no\" data-gdpr-sol=\"consent\" data-css=\".basic-yop-poll-container[data-uid] .basic-vote {\t\t\t\t\t\t\t\t\ttext-align: center;\t\t\t\t\t\t\t\t}\" data-counter=\"0\" data-load-with=\"1\" data-notification-section=\"top\"><div class=\"row\"><div class=\"col-md-12\"><div class=\"basic-inner\"><div class=\"basic-message hide\" style=\"border-left: 10px solid #008000; padding: 0px 10px;\" data-error=\"#ff0000\" data-success=\"#008000\"><p class=\"basic-message-text\" style=\"color:#000000; font-size:14px; font-weight:normal;\"><\/p><\/div><div class=\"basic-overlay hide\"><div class=\"basic-vote-options\"><\/div><div class=\"basic-preloader\"><div class=\"basic-windows8\"><div class=\"basic-wBall basic-wBall_1\"><div class=\"basic-wInnerBall\"><\/div><\/div><div class=\"basic-wBall basic-wBall_2\"><div class=\"basic-wInnerBall\"><\/div><\/div><div class=\"basic-wBall basic-wBall_3\"><div class=\"basic-wInnerBall\"><\/div><\/div><div class=\"basic-wBall basic-wBall_4\"><div class=\"basic-wInnerBall\"><\/div><\/div><div class=\"basic-wBall basic-wBall_5\"><div class=\"basic-wInnerBall\"><\/div><\/div><\/div><\/div><\/div><form class=\"basic-form\" action=\"\"><input type=\"hidden\" name=\"_token\" value=\"b8e236f492\" autocomplete=\"off\"><div class=\"basic-elements\"><div class=\"basic-element basic-question basic-question-text-vertical\" data-id=\"9\" data-uid=\"ebe08e57f33c291596da16b8bb3bdb6c\" data-type=\"question\" data-question-type=\"text\" data-required=\"yes\" data-allow-multiple=\"no\" data-min=\"1\" data-max=\"7\" data-display=\"vertical\" data-colnum=\"\" data-display-others=\"no\" data-others-color=\"\" data-others=\"\" data-others-max-chars=\"0\"><div class=\"basic-question-title\"><h5 style=\"color:#000000; font-size:16px; font-weight:normal; text-align:left;\">Cosa ne pensate del software di intelligenza artificiale in esecuzione locale, come MLX o Ollama?<\/h5><\/div><ul class=\"basic-answers\"><li class=\"basic-answer\" style=\"padding:0px 0px;\" data-id=\"45\" data-type=\"text\" data-vn=\"136\" data-color=\"#000000\" data-make-link=\"no\" data-link=\"\"><div class=\"basic-answer-content basic-text-vertical\"><label for=\"answer[45]\" class=\"basic-answer-label\"><input type=\"radio\" id=\"answer[45]\" name=\"answer[9]\" value=\"45\"><span class=\"basic-text\" style=\"color: #000000; font-size: 14px; font-weight: normal;\">Ingenious - finalmente indipendente dal cloud<\/span><\/label><\/div><\/li><li class=\"basic-answer\" style=\"padding:0px 0px;\" data-id=\"46\" data-type=\"text\" data-vn=\"25\" data-color=\"#000000\" data-make-link=\"no\" data-link=\"\"><div class=\"basic-answer-content basic-text-vertical\"><label for=\"answer[46]\" class=\"basic-answer-label\"><input type=\"radio\" id=\"answer[46]\" name=\"answer[9]\" value=\"46\"><span class=\"basic-text\" style=\"color: #000000; font-size: 14px; font-weight: normal;\">Interessante, ma (ancora) troppo complicato<\/span><\/label><\/div><\/li><li class=\"basic-answer\" style=\"padding:0px 0px;\" data-id=\"47\" data-type=\"text\" data-vn=\"28\" data-color=\"#000000\" data-make-link=\"no\" data-link=\"\"><div class=\"basic-answer-content basic-text-vertical\"><label for=\"answer[47]\" class=\"basic-answer-label\"><input type=\"radio\" id=\"answer[47]\" name=\"answer[9]\" value=\"47\"><span class=\"basic-text\" style=\"color: #000000; font-size: 14px; font-weight: normal;\">Lo prover\u00f2 presto<\/span><\/label><\/div><\/li><li class=\"basic-answer\" style=\"padding:0px 0px;\" data-id=\"48\" data-type=\"text\" data-vn=\"5\" data-color=\"#000000\" data-make-link=\"no\" data-link=\"\"><div class=\"basic-answer-content basic-text-vertical\"><label for=\"answer[48]\" class=\"basic-answer-label\"><input type=\"radio\" id=\"answer[48]\" name=\"answer[9]\" value=\"48\"><span class=\"basic-text\" style=\"color: #000000; font-size: 14px; font-weight: normal;\">Non ne ho bisogno: il cloud \u00e8 sufficiente per me.<\/span><\/label><\/div><\/li><li class=\"basic-answer\" style=\"padding:0px 0px;\" data-id=\"49\" data-type=\"text\" data-vn=\"4\" data-color=\"#000000\" data-make-link=\"no\" data-link=\"\"><div class=\"basic-answer-content basic-text-vertical\"><label for=\"answer[49]\" class=\"basic-answer-label\"><input type=\"radio\" id=\"answer[49]\" name=\"answer[9]\" value=\"49\"><span class=\"basic-text\" style=\"color: #000000; font-size: 14px; font-weight: normal;\">Non so esattamente di cosa si tratti.<\/span><\/label><\/div><\/li><\/ul><\/div><div class=\"clearfix\"><\/div><\/div><div class=\"basic-vote\"><a href=\"#\" class=\"button basic-vote-button\" role=\"button\" style=\"background:#027bb8; border:0px; border-style: solid; border-color:#000000; border-radius:5px; padding:10px 10px; color:#ffffff; font-size:14px; font-weight:normal;\">Voto<\/a><\/div><input type=\"hidden\" name=\"trp-form-language\" value=\"it\"\/><\/form><\/div><\/div><\/div><\/div>\n\t\t\t\t\t\t<\/div>\n<hr \/>\n<h3>La differenza decisiva: la leadership<\/h3>\n<p>La vera differenza emerge in un altro punto, sorprendentemente raramente dichiarato con chiarezza. Si tratta della leadership. Chi guida il processo? Quando \u00e8 l'intelligenza artificiale a determinare il processo, spesso si creano testi che a prima vista sembrano convincenti, ma che a un'analisi pi\u00f9 attenta sono intercambiabili. Seguono schemi familiari, riprendono strutture esistenti e riproducono ci\u00f2 che \u00e8 gi\u00e0 presente.<\/p>\n<p>Questo non \u00e8 necessariamente un male, ma raramente \u00e8 indipendente. Se invece \u00e8 l'uomo a guidare il processo, il risultato cambia. L'intelligenza artificiale diventa allora uno strumento all'interno di un quadro chiaramente definito. Fornisce suggerimenti, supporta lo sviluppo, accelera alcune fasi, ma non determina la direzione. Questa direzione viene creata altrove:<\/p>\n<ul>\n<li>nella selezione degli argomenti<\/li>\n<li>nel decidere cosa \u00e8 rilevante e cosa non lo \u00e8<\/li>\n<li>nel modo in cui i contenuti sono collegati tra loro<\/li>\n<\/ul>\n<p>E sono proprio queste decisioni a caratterizzare un sistema.<\/p>\n<ul>\n<li>Non possono essere automatizzati.<\/li>\n<li>Non possono essere standardizzati.<\/li>\n<li>E non possono essere riprodotti a piacimento.<\/li>\n<\/ul>\n<p>Questo evidenzia anche un rischio spesso sottovalutato. Chi inizia a cedere gradualmente la gestione all'IA non perde immediatamente il controllo. Il processo continua a funzionare in modo efficiente, forse anche pi\u00f9 produttivo di prima.<\/p>\n<p>Ma a lungo termine qualcosa sta cambiando: la linea di demarcazione si fa sempre pi\u00f9 labile. Le decisioni diventano pi\u00f9 generiche. Il sistema inizia a orientarsi su ci\u00f2 che \u00e8 disponibile, non su ci\u00f2 che deve essere costruito consapevolmente. Raramente questo avviene in modo repentino. \u00c8 un processo graduale. Ed \u00e8 proprio per questo che spesso si nota solo quando le differenze sono gi\u00e0 evidenti.<\/p>\n<h3>Uno sguardo sobrio<\/h3>\n<p>Se si guarda all'argomento in questo modo, si perde un po' di drammaticit\u00e0, ma si guadagna in chiarezza. L'intelligenza artificiale non \u00e8 n\u00e9 fondamentalmente problematica n\u00e9 automaticamente un vantaggio. \u00c8 uno strumento. Uno strumento potente, senza dubbio. Ma anche uno strumento che non sostituisce la responsabilit\u00e0. Forse il nocciolo della questione pu\u00f2 essere formulato in questo modo:<\/p>\n<ul>\n<li>L'intelligenza artificiale pu\u00f2 aiutarvi a lavorare pi\u00f9 velocemente.<\/li>\n<li>Pu\u00f2 aiutarvi a produrre di pi\u00f9.<\/li>\n<li>Pu\u00f2 aiutare a elaborare idee.<\/li>\n<\/ul>\n<p>Ma non pu\u00f2 aiutarvi a decidere cosa volete effettivamente costruire. Ed \u00e8 proprio questa decisione che alla fine fa la differenza. Perch\u00e9 determina se un sistema emerge da singoli pezzi di contenuto o se rimane un insieme di testi prodotti in modo efficiente, ma che non sviluppano alcuna sostanza propria.<\/p>\n<p><img loading=\"lazy\" decoding=\"async\" class=\"alignnone wp-image-5906 size-full\" src=\"https:\/\/www.markus-schall.de\/wp-content\/uploads\/Organische-Reichweite-Kontrolle.jpg\" alt=\"Controllo e dipendenza\" width=\"1024\" height=\"682\" srcset=\"https:\/\/www.markus-schall.de\/wp-content\/uploads\/Organische-Reichweite-Kontrolle.jpg 1024w, https:\/\/www.markus-schall.de\/wp-content\/uploads\/Organische-Reichweite-Kontrolle-300x200.jpg 300w, https:\/\/www.markus-schall.de\/wp-content\/uploads\/Organische-Reichweite-Kontrolle-768x512.jpg 768w, https:\/\/www.markus-schall.de\/wp-content\/uploads\/Organische-Reichweite-Kontrolle-18x12.jpg 18w\" sizes=\"auto, (max-width: 1024px) 100vw, 1024px\" \/><\/p>\n<h2>Controllo e dipendenza: la dimensione strategica<\/h2>\n<p>Se si osserva il panorama digitale, ci si rende subito conto: La maggior parte delle attivit\u00e0 si svolge su piattaforme. Social network, portali video, grandi piattaforme di contenuti: tutti offrono portata, convenienza e un modo apparentemente facile per diventare visibili.<\/p>\n<p>Ed \u00e8 proprio questa la loro forza. Focalizzano l'attenzione. Riducono gli ostacoli tecnici. Permettono di diffondere rapidamente i contenuti. Per molti, questo \u00e8 il punto di ingresso nel mondo digitale - e spesso l'unico canale.<\/p>\n<p>Ma questi vantaggi hanno un rovescio della medaglia. Le piattaforme non sono infrastrutture neutrali. Seguono le proprie regole, i propri interessi e, soprattutto, la propria logica: i contenuti devono essere mantenuti all'interno del sistema il pi\u00f9 a lungo possibile. In termini concreti, ci\u00f2 significa<\/p>\n<ul>\n<li>La portata non vi appartiene, ma vi viene assegnata.<\/li>\n<li>La visibilit\u00e0 non \u00e8 stabile, ma controllata.<\/li>\n<li>E anche i contenuti esistenti non sono completamente protetti: rimangono legati alla piattaforma.<\/li>\n<\/ul>\n<p>Nella vita di tutti i giorni questo aspetto viene raramente messo in discussione perch\u00e9 all'inizio funziona. I post raggiungono i lettori, si verificano interazioni, si sviluppano numeri.<br \/>\nMa questa stabilit\u00e0 \u00e8 ingannevole.<\/p>\n<ul>\n<li>Una modifica dell'algoritmo pu\u00f2 ridurre la portata.<\/li>\n<li>L'adattamento delle regole pu\u00f2 limitare i contenuti.<\/li>\n<li>In casi estremi, un account pu\u00f2 scomparire e con esso gran parte della visibilit\u00e0 accumulata.<\/li>\n<\/ul>\n<p>Non si tratta di un caso eccezionale, ma di una caratteristica intrinseca del sistema. Ed \u00e8 proprio per questo che vale la pena guardare all'economia delle piattaforme non solo in termini di portata, ma anche di dipendenza.<\/p>\n<h3>Il proprio sistema come contro-modello<\/h3>\n<p>D'altra parte, c'\u00e8 un approccio che a prima vista sembra meno attraente: costruire il proprio sistema.<\/p>\n<ul>\n<li>Il proprio sito web.<\/li>\n<li>Una rivista a s\u00e9 stante.<\/li>\n<li>Possedere libri, database o contenuti che esistono indipendentemente dalle piattaforme.<\/li>\n<\/ul>\n<p>La differenza non sta nella tecnologia, ma nel controllo. Il vostro sistema segue le vostre regole. Si sviluppa in base alle vostre priorit\u00e0. E rimane in funzione anche se le condizioni esterne cambiano. Questo non significa che le piattaforme debbano essere sempre evitate. Al contrario: possono essere usate in modo sensato: come supplemento, come alimentatore, come canale di comunicazione.<\/p>\n<p>Il punto cruciale \u00e8 un altro: non devono essere le fondamenta. Perch\u00e9 le fondamenta devono essere stabili. E la stabilit\u00e0 si crea quando c'\u00e8 controllo. Il vostro sistema pu\u00f2 crescere pi\u00f9 lentamente. Richiede pi\u00f9 disciplina, pi\u00f9 struttura, pi\u00f9 pensiero a lungo termine. Non premia immediatamente, ma con un certo ritardo. Ma \u00e8 proprio questa la sua forza. Non si basa su un'attenzione presa in prestito, ma sulla sua stessa sostanza. E questa sostanza rimane.<\/p>\n<h3>Autodeterminazione digitale<\/h3>\n<p>A questo punto, il tema tocca un livello che va oltre le questioni puramente tecniche o strategiche. Si tratta di autodeterminazione. Il termine autodeterminazione digitale \u00e8 spesso utilizzato nelle discussioni accademiche. Si riferisce alla capacit\u00e0 di plasmare consapevolmente la propria esistenza digitale, invece di renderla dipendente da strutture esterne.<\/p>\n<p>Questo pu\u00f2 sembrare astratto all'inizio, ma in pratica \u00e8 molto concreto. Chi lavora esclusivamente su piattaforme si adatta inevitabilmente. I contenuti vengono progettati in modo che funzionino. Gli argomenti vengono scelti perch\u00e9 generano attenzione. I formati vengono adottati perch\u00e9 promettono di essere raggiunti.<br \/>\nQuesto \u00e8 comprensibile, ma cambia la direzione. Un sistema separato consente un modo diverso di lavorare.<\/p>\n<ul>\n<li>Gli argomenti che non sono immediatamente visibili possono essere monitorati qui.<\/li>\n<li>Qui si pu\u00f2 creare profondit\u00e0 senza che debba essere immediatamente \u201eutile\u201c.<\/li>\n<li>Qui si pu\u00f2 stabilire una linea che non \u00e8 caratterizzata da requisiti esterni.<\/li>\n<\/ul>\n<p>Ci\u00f2 non significa che questa libert\u00e0 venga utilizzata automaticamente. Ma esiste. Ed \u00e8 proprio questa la differenza. La dipendenza ci costringe ad adattarci. Il controllo rende possibili le decisioni.<\/p>\n<h3>Il nucleo strategico<\/h3>\n<p>Se si guarda l'intera questione con sobriet\u00e0, la questione si riduce a un semplice nocciolo:<\/p>\n<blockquote><p>Volete visibilit\u00e0 o volete sostanza?<\/p><\/blockquote>\n<p>Entrambe le cose sono possibili. Ma sono percorsi diversi. La visibilit\u00e0 pu\u00f2 emergere rapidamente, ma spesso \u00e8 fugace. La sostanza richiede tempo, ma \u00e8 stabile. La decisione strategica sta nel decidere su cosa concentrarsi.<\/p>\n<p>Ed \u00e8 proprio qui che lo sviluppo si separa nel lungo periodo. I sistemi basati sul controllo crescono pi\u00f9 lentamente, ma persistono. I sistemi basati sulla dipendenza possono crescere rapidamente, ma rimangono vulnerabili.<\/p>\n<p>Forse questa \u00e8 la formulazione pi\u00f9 sobria: il controllo non \u00e8 un vantaggio a breve termine. \u00c8 una salvaguardia a lungo termine. Ed \u00e8 proprio per questo che \u00e8 strategicamente cruciale.<\/p>\n<h3>Accelerazione mirata della crescita organica<\/h3>\n<p><a href=\"https:\/\/www.markus-schall.de\/it\/contributi-degli-ospiti\/\"><img loading=\"lazy\" decoding=\"async\" class=\"alignright wp-image-3823 size-medium\" src=\"https:\/\/www.markus-schall.de\/wp-content\/uploads\/magazin-gastbeitraege-300x200.jpg\" alt=\"Pubblicare post di ospiti\" width=\"300\" height=\"200\" srcset=\"https:\/\/www.markus-schall.de\/wp-content\/uploads\/magazin-gastbeitraege-300x200.jpg 300w, https:\/\/www.markus-schall.de\/wp-content\/uploads\/magazin-gastbeitraege-768x512.jpg 768w, https:\/\/www.markus-schall.de\/wp-content\/uploads\/magazin-gastbeitraege-18x12.jpg 18w, https:\/\/www.markus-schall.de\/wp-content\/uploads\/magazin-gastbeitraege.jpg 1024w\" sizes=\"auto, (max-width: 300px) 100vw, 300px\" \/><\/a>Crescita organica non significa che tutto debba rimanere lento. Significa soprattutto che la struttura \u00e8 quella giusta. Ed \u00e8 proprio da qui che si pu\u00f2 partire in modo mirato. Quando i contenuti sono inseriti in un sistema esistente, beneficiano della sua struttura consolidata. Non sono isolati, ma diventano parte di una struttura che ha gi\u00e0 visibilit\u00e0, collegamenti e profondit\u00e0 tematica. Di conseguenza, il loro effetto si sviluppa spesso pi\u00f9 rapidamente di quanto sarebbe possibile su un sito nuovo e meno sviluppato.<\/p>\n<p>Un articolo ospite pu\u00f2 sfruttare proprio questo effetto. Non \u00e8 un contributo pubblicitario a breve termine, ma \u00e8 consapevolmente integrato in una rivista esistente. Rimane al suo posto, viene trovato, viene linkato e, come gli altri contenuti, sviluppa un valore aggiunto nel tempo. Ci\u00f2 significa che l'articolo non \u00e8 efficace solo al momento della pubblicazione, ma diventa parte di un sistema che continua a crescere.<\/p>\n<p>Per saperne di pi\u00f9: <a href=\"https:\/\/www.markus-schall.de\/it\/contributi-degli-ospiti\/\"><strong>Pubblicare articoli di ospiti nella rivista<\/strong><\/a><\/p>\n<hr \/>\n<h3>Sondaggio attuale sulla digitalizzazione nella vita quotidiana<\/h3>\n<div class='bootstrap-yop yop-poll-mc'>\n\t\t\t\t\t\t\t<div class=\"basic-yop-poll-container\" style=\"background-color:#ffffff; border:0px; border-style:solid; border-color:#000000; border-radius:5px; padding:0px 5px;\" data-id=\"2\" data-temp=\"basic-pretty\" data-skin=\"square\" data-cscheme=\"blue\" data-cap=\"0\" data-access=\"guest\" data-tid=\"\" data-uid=\"ca63aff842c226df70631f6450564a55\" data-pid=\"3994\" data-resdet=\"votes-number,percentages\" data-show-results-to=\"guest\" data-show-results-moment=\"after-vote\" data-show-results-only=\"false\" data-show-message=\"true\" data-show-results-as=\"bar\" data-sort-results-by=\"as-defined\" data-sort-results-rule=\"asc\"data-is-ended=\"0\" data-percentages-decimals=\"2\" data-gdpr=\"no\" data-gdpr-sol=\"consent\" data-css=\"\" data-counter=\"0\" data-load-with=\"1\" data-notification-section=\"top\"><div class=\"row\"><div class=\"col-md-12\"><div class=\"basic-inner\"><div class=\"basic-message hide\" style=\"border-left: 10px solid #008000; padding: 0px 10px;\" data-error=\"#ff0000\" data-success=\"#008000\"><p class=\"basic-message-text\" style=\"color:#000000; font-size:14px; font-weight:normal;\"><\/p><\/div><div class=\"basic-overlay hide\"><div class=\"basic-vote-options\"><\/div><div class=\"basic-preloader\"><div class=\"basic-windows8\"><div class=\"basic-wBall basic-wBall_1\"><div class=\"basic-wInnerBall\"><\/div><\/div><div class=\"basic-wBall basic-wBall_2\"><div class=\"basic-wInnerBall\"><\/div><\/div><div class=\"basic-wBall basic-wBall_3\"><div class=\"basic-wInnerBall\"><\/div><\/div><div class=\"basic-wBall basic-wBall_4\"><div class=\"basic-wInnerBall\"><\/div><\/div><div class=\"basic-wBall basic-wBall_5\"><div class=\"basic-wInnerBall\"><\/div><\/div><\/div><\/div><\/div><form class=\"basic-form\" action=\"\"><input type=\"hidden\" name=\"_token\" value=\"070bee58c2\" autocomplete=\"off\"><div class=\"basic-elements\"><div class=\"basic-element basic-question basic-question-text-vertical\" data-id=\"2\" data-uid=\"f9cb6e98470263bdc6c4a71675415878\" data-type=\"question\" data-question-type=\"text\" data-required=\"yes\" data-allow-multiple=\"no\" data-min=\"1\" data-max=\"1\" data-display=\"vertical\" data-colnum=\"\" data-display-others=\"no\" data-others-color=\"\" data-others=\"\" data-others-max-chars=\"0\"><div class=\"basic-question-title\"><h5 style=\"color:#000000; font-size:16px; font-weight:normal; text-align:left;\">Come valuta l'influenza della digitalizzazione sulla sua vita quotidiana?<\/h5><\/div><ul class=\"basic-answers\"><li class=\"basic-answer\" style=\"padding:0px 0px;\" data-id=\"5\" data-type=\"text\" data-vn=\"14\" data-color=\"#000000\" data-make-link=\"no\" data-link=\"\"><div class=\"basic-answer-content basic-text-vertical\"><label for=\"answer[5]\" class=\"basic-answer-label\"><input type=\"radio\" id=\"answer[5]\" name=\"answer[2]\" value=\"5\"><span class=\"basic-text\" style=\"color: #000000; font-size: 14px; font-weight: normal;\">Molto positivo - ne traggo beneficio ogni giorno<\/span><\/label><\/div><\/li><li class=\"basic-answer\" style=\"padding:0px 0px;\" data-id=\"6\" data-type=\"text\" data-vn=\"13\" data-color=\"#000000\" data-make-link=\"no\" data-link=\"\"><div class=\"basic-answer-content basic-text-vertical\"><label for=\"answer[6]\" class=\"basic-answer-label\"><input type=\"radio\" id=\"answer[6]\" name=\"answer[2]\" value=\"6\"><span class=\"basic-text\" style=\"color: #000000; font-size: 14px; font-weight: normal;\">Piuttosto positivo: alcune cose sono diventate pi\u00f9 facili<\/span><\/label><\/div><\/li><li class=\"basic-answer\" style=\"padding:0px 0px;\" data-id=\"7\" data-type=\"text\" data-vn=\"29\" data-color=\"#000000\" data-make-link=\"no\" data-link=\"\"><div class=\"basic-answer-content basic-text-vertical\"><label for=\"answer[7]\" class=\"basic-answer-label\"><input type=\"radio\" id=\"answer[7]\" name=\"answer[2]\" value=\"7\"><span class=\"basic-text\" style=\"color: #000000; font-size: 14px; font-weight: normal;\">Misto - Porta vantaggi, ma anche perdita di controllo.<\/span><\/label><\/div><\/li><li class=\"basic-answer\" style=\"padding:0px 0px;\" data-id=\"8\" data-type=\"text\" data-vn=\"5\" data-color=\"#000000\" data-make-link=\"no\" data-link=\"\"><div class=\"basic-answer-content basic-text-vertical\"><label for=\"answer[8]\" class=\"basic-answer-label\"><input type=\"radio\" id=\"answer[8]\" name=\"answer[2]\" value=\"8\"><span class=\"basic-text\" style=\"color: #000000; font-size: 14px; font-weight: normal;\">Piuttosto negativo: mi sento spesso sopraffatto o osservato.<\/span><\/label><\/div><\/li><li class=\"basic-answer\" style=\"padding:0px 0px;\" data-id=\"9\" data-type=\"text\" data-vn=\"9\" data-color=\"#000000\" data-make-link=\"no\" data-link=\"\"><div class=\"basic-answer-content basic-text-vertical\"><label for=\"answer[9]\" class=\"basic-answer-label\"><input type=\"radio\" id=\"answer[9]\" name=\"answer[2]\" value=\"9\"><span class=\"basic-text\" style=\"color: #000000; font-size: 14px; font-weight: normal;\">Molto negativo: rifiuto in larga misura i sistemi digitali<\/span><\/label><\/div><\/li><\/ul><\/div><div class=\"clearfix\"><\/div><\/div><div class=\"basic-vote\"><a href=\"#\" class=\"button basic-vote-button\" role=\"button\" style=\"background:#027bb8; border:0px; border-style: solid; border-color:#000000; border-radius:5px; padding:10px 10px; color:#ffffff; font-size:14px; font-weight:normal;\">Voto<\/a><\/div><input type=\"hidden\" name=\"trp-form-language\" value=\"it\"\/><\/form><\/div><\/div><\/div><\/div>\n\t\t\t\t\t\t<\/div>\n<hr \/>\n<h2>Vecchi principi, nuovi strumenti: tornare all'essenziale<\/h2>\n<p>Se si ripercorre tutto l'articolo, si arriva a qualcosa di sorprendentemente semplice.<br \/>\nNon \u00e8 la tecnologia a determinare il valore del lavoro digitale.<\/p>\n<p>Non la portata. E non la questione se i contenuti sono stati creati con o senza IA. Sono altri i fattori decisivi: la struttura, la continuit\u00e0 e la capacit\u00e0 di costruire qualcosa nel tempo. Non si tratta di nuove intuizioni. Al contrario, sono principi che esistono da molto prima del mondo digitale. Una casa editrice non ha avuto successo grazie a singoli libri, ma grazie a un programma. Una biblioteca non ha avuto successo grazie a un'opera, ma grazie alla sua collezione.<\/p>\n<p>Ed \u00e8 proprio questa logica che si pu\u00f2 osservare anche oggi. L'unica differenza \u00e8 lo strumento. Ci\u00f2 che prima veniva creato con la carta, la stampa e gli archivi fisici, oggi viene creato in digitale, in modo pi\u00f9 rapido e flessibile, ma essenzialmente secondo le stesse regole.<\/p>\n<h3>Il ruolo del tempo<\/h3>\n<p>Un aspetto attraversa tutti i capitoli: il tempo. \u00c8 l'unico fattore che non pu\u00f2 essere accelerato. E allo stesso tempo quello che fa la maggiore differenza.<\/p>\n<p>Un sistema che parte oggi sembra piccolo. Forse poco appariscente. Ma con ogni aggiunta, ogni collegamento e ogni decisione consapevole, la sua qualit\u00e0 cambia. Quello che inizialmente sembra un insieme di singoli contenuti si sviluppa passo dopo passo in un insieme coerente. E a un certo punto, questo contesto inizia a funzionare in modo indipendente.<\/p>\n<p>Non succede all'improvviso. Non c'\u00e8 un momento preciso in cui si possa dire: \u201eOra \u00e8 fatta\u201c. Ma c'\u00e8 un momento in cui qualcosa cambia. La struttura diventa sostanza. La sostanza diventa stabilit\u00e0. E dalla stabilit\u00e0 deriva un vantaggio che non \u00e8 pi\u00f9 cos\u00ec facile da raggiungere.<\/p>\n<h3>Il vantaggio competitivo silenzioso<\/h3>\n<p>Forse \u00e8 proprio qui che sta la differenza decisiva rispetto a molti altri approcci. I sistemi coltivati in modo organico raramente hanno un effetto spettacolare. Non si impongono, non generano picchi a breve termine. Si sviluppano in modo tranquillo.<\/p>\n<p>Ma \u00e8 proprio questa poca visibilit\u00e0 a costituire un vantaggio. Mentre molte strategie si concentrano su una rapida visibilit\u00e0 e fluttuano di conseguenza, qui si crea qualcosa che si consolida nel tempo. Qualcosa che non si nota immediatamente, ma che acquista un peso crescente. E questo peso \u00e8 difficile da copiare. Non perch\u00e9 sia protetto. Ma perch\u00e9 \u00e8 stato costruito.<\/p>\n<p>Forse il nocciolo dell'intera questione pu\u00f2 essere formulato in questo modo: \u00c8 possibile creare nuovi contenuti in qualsiasi momento. Si pu\u00f2 perdere la portata in qualsiasi momento. Ma il sistema che avete costruito nel corso degli anni rimane. Non immutato, ma efficace.<\/p>\n<p>Ed \u00e8 proprio per questo che vale la pena spostare l'attenzione. Lontano dalla questione di ci\u00f2 che \u00e8 visibile oggi. Verso la questione di ci\u00f2 che durer\u00e0 domani. Perch\u00e9 alla fine non \u00e8 la velocit\u00e0 a determinare il valore di un lavoro digitale, ma la sua sostanza.<\/p>\n<hr \/>\n\n\t\t\t<div class=\"display-post-types\">\n\n\t\t\t\t\t\t\t<style type=\"text\/css\">\n\t\t\t#dpt-wrapper-738 { --dpt-text-align: left;--dpt-image-crop: center;--dpt-border-radius: 5px;--dpt-h-gutter: 10px;--dpt-v-gutter: 9px; }\t\t\t<\/style>\n\t\t\t<style type=\"text\/css\">#dpt-wrapper-738 { --dpt-title-font-style:normal;--dpt-title-font-weight:600;--dpt-title-line-height:1.5;--dpt-title-text-decoration:none;--dpt-title-text-transform:none;--dpt-excerpt-font-style:normal;--dpt-excerpt-font-weight:400;--dpt-excerpt-line-height:1.5;--dpt-excerpt-text-decoration:none;--dpt-excerpt-text-transform:none;--dpt-meta1-font-style:normal;--dpt-meta1-font-weight:400;--dpt-meta1-line-height:1.9;--dpt-meta1-text-decoration:none;--dpt-meta1-text-transform:none;--dpt-meta2-font-style:normal;--dpt-meta2-font-weight:400;--dpt-meta2-line-height:1.9;--dpt-meta2-text-decoration:none;--dpt-meta2-text-transform:none; }<\/style><div class=\"dpt-main-header\">\n\t\t\t\t\t\t<div class=\"dpt-main-title\">\n\t\t\t\t\t\t\t<span class=\"dpt-main-title-text\">Problemi sociali del presente<\/span>\n\t\t\t\t\t\t<\/div>\n\t\t\t\t\t\t\n\t\t\t\t\t\t\n\t\t\t\t\t\t\n\t\t\t\t\t\t<\/div>\t\t\t\n\t\t\t\t<div id=\"dpt-wrapper-738\" class=\"dpt-wrapper dpt-mag1 land1 dpt-cropped dpt-flex-wrap\" >\n\n\t\t\t\t\t\t\t\t\t\t\t<div class=\"dpt-entry has-thumbnail\" data-title=\"johann sebastian bach \u2013 ordnung, haltung und das fundament unserer musik\" data-id=\"5033\"  data-category=\"allgemein gesellschaft kunst &amp; kultur\" data-post_tag=\"deutschland musik portrait\">\n\t\t\t\t\t\t\t<div class=\"dpt-entry-wrapper\"><div class=\"dpt-featured-content\"><div class=\"dpt-permalink\"><a href=\"https:\/\/www.markus-schall.de\/it\/2026\/02\/johann-sebastian-bach-ordine-atteggiamento-e-fondamento-della-nostra-musica\/\" class=\"dpt-permalink\"><span class=\"screen-reader-text\">Johann Sebastian Bach - l'ordine, l'atteggiamento e il fondamento della nostra musica<\/span><\/a><\/div><div class=\"dpt-thumbnail\"><div class=\"dpt-thumbnail-inner\"><img width=\"1024\" height=\"683\" class=\"attachment-full size-full\" alt=\"Ritratto di Johann Sebastian Bach\" context=\"dpt\" data-dpt-src=\"https:\/\/www.markus-schall.de\/wp-content\/uploads\/Johann-Sebastian-Bach-Portrait.jpg\" data-dpt-sizes=\"(max-width: 1024px) 100vw, 1024px\" data-dpt-srcset=\"https:\/\/www.markus-schall.de\/wp-content\/uploads\/Johann-Sebastian-Bach-Portrait.jpg 1024w, https:\/\/www.markus-schall.de\/wp-content\/uploads\/Johann-Sebastian-Bach-Portrait-300x200.jpg 300w, https:\/\/www.markus-schall.de\/wp-content\/uploads\/Johann-Sebastian-Bach-Portrait-768x512.jpg 768w, https:\/\/www.markus-schall.de\/wp-content\/uploads\/Johann-Sebastian-Bach-Portrait-18x12.jpg 18w\" \/><\/div><span class=\"dpt-thumbnail-aspect-ratio\" style=\"padding-top: 75%\"><\/span><\/div><\/div><div class=\"sub-entry\"><h3 class=\"dpt-title\"><a class=\"dpt-title-link\" href=\"https:\/\/www.markus-schall.de\/it\/2026\/02\/johann-sebastian-bach-ordine-atteggiamento-e-fondamento-della-nostra-musica\/\" rel=\"bookmark\">Johann Sebastian Bach - l'ordine, l'atteggiamento e il fondamento della nostra musica<\/a><\/h3><\/div><\/div>\n\t\t\t\t\t\t<\/div><!-- .dpt-entry -->\n\t\t\t\t\t\t\t\t\t\t\t\t<div class=\"dpt-entry has-thumbnail\" data-title=\"fracking, lng und energiepolitik: eine n\u00fcchterne analyse von risiken, chancen und realit\u00e4t\" data-id=\"5579\"  data-category=\"allgemein gesellschaft gesundheit\" data-post_tag=\"deutschland energiepolitik europa geopolitik krisen\">\n\t\t\t\t\t\t\t<div class=\"dpt-entry-wrapper\"><div class=\"dpt-featured-content\"><div class=\"dpt-permalink\"><a href=\"https:\/\/www.markus-schall.de\/it\/2026\/04\/fracking-e-politica-energetica-una-sobria-analisi-dei-rischi-delle-opportunita-e-della-realta\/\" class=\"dpt-permalink\"><span class=\"screen-reader-text\">Fracking, GNL e politica energetica: una sobria analisi di rischi, opportunit\u00e0 e realt\u00e0<\/span><\/a><\/div><div class=\"dpt-thumbnail\"><div class=\"dpt-thumbnail-inner\"><img width=\"1024\" height=\"683\" class=\"attachment-full size-full\" alt=\"Il fracking del gas naturale e la politica energetica\" context=\"dpt\" data-dpt-src=\"https:\/\/www.markus-schall.de\/wp-content\/uploads\/Fracking-Energiepolitik.jpg\" data-dpt-sizes=\"(max-width: 1024px) 100vw, 1024px\" data-dpt-srcset=\"https:\/\/www.markus-schall.de\/wp-content\/uploads\/Fracking-Energiepolitik.jpg 1024w, https:\/\/www.markus-schall.de\/wp-content\/uploads\/Fracking-Energiepolitik-300x200.jpg 300w, https:\/\/www.markus-schall.de\/wp-content\/uploads\/Fracking-Energiepolitik-768x512.jpg 768w, https:\/\/www.markus-schall.de\/wp-content\/uploads\/Fracking-Energiepolitik-18x12.jpg 18w\" \/><\/div><span class=\"dpt-thumbnail-aspect-ratio\" style=\"padding-top: 75%\"><\/span><\/div><\/div><div class=\"sub-entry\"><h3 class=\"dpt-title\"><a class=\"dpt-title-link\" href=\"https:\/\/www.markus-schall.de\/it\/2026\/04\/fracking-e-politica-energetica-una-sobria-analisi-dei-rischi-delle-opportunita-e-della-realta\/\" rel=\"bookmark\">Fracking, GNL e politica energetica: una sobria analisi di rischi, opportunit\u00e0 e realt\u00e0<\/a><\/h3><\/div><\/div>\n\t\t\t\t\t\t<\/div><!-- .dpt-entry -->\n\t\t\t\t\t\t\t\t\t\t\t\t<div class=\"dpt-entry has-thumbnail\" data-title=\"europa zwischen meinungsfreiheit und regulierung: neues us-infoportal wirft fragen auf\" data-id=\"5102\"  data-category=\"allgemein gesellschaft\" data-post_tag=\"denkmodelle deutschland eu-gesetze europa geopolitik krisen meinungsfreiheit spieltheorie\">\n\t\t\t\t\t\t\t<div class=\"dpt-entry-wrapper\"><div class=\"dpt-featured-content\"><div class=\"dpt-permalink\"><a href=\"https:\/\/www.markus-schall.de\/it\/2026\/03\/leuropa-tra-liberta-di-parola-e-regolamentazione-il-nuovo-portale-informativo-statunitense-solleva-interrogativi\/\" class=\"dpt-permalink\"><span class=\"screen-reader-text\">L'Europa tra libert\u00e0 di espressione e regolamentazione: il nuovo portale di informazione statunitense solleva interrogativi<\/span><\/a><\/div><div class=\"dpt-thumbnail\"><div class=\"dpt-thumbnail-inner\"><img width=\"1024\" height=\"683\" class=\"attachment-full size-full\" alt=\"La censura dell&#039;UE, l&#039;incitamento all&#039;odio e il nuovo portale statunitense\" context=\"dpt\" data-dpt-src=\"https:\/\/www.markus-schall.de\/wp-content\/uploads\/EU-Hatespeech-US-Portal.jpg\" data-dpt-sizes=\"(max-width: 1024px) 100vw, 1024px\" data-dpt-srcset=\"https:\/\/www.markus-schall.de\/wp-content\/uploads\/EU-Hatespeech-US-Portal.jpg 1024w, https:\/\/www.markus-schall.de\/wp-content\/uploads\/EU-Hatespeech-US-Portal-300x200.jpg 300w, https:\/\/www.markus-schall.de\/wp-content\/uploads\/EU-Hatespeech-US-Portal-768x512.jpg 768w, https:\/\/www.markus-schall.de\/wp-content\/uploads\/EU-Hatespeech-US-Portal-18x12.jpg 18w\" \/><\/div><span class=\"dpt-thumbnail-aspect-ratio\" style=\"padding-top: 75%\"><\/span><\/div><\/div><div class=\"sub-entry\"><h3 class=\"dpt-title\"><a class=\"dpt-title-link\" href=\"https:\/\/www.markus-schall.de\/it\/2026\/03\/leuropa-tra-liberta-di-parola-e-regolamentazione-il-nuovo-portale-informativo-statunitense-solleva-interrogativi\/\" rel=\"bookmark\">L'Europa tra libert\u00e0 di espressione e regolamentazione: il nuovo portale di informazione statunitense solleva interrogativi<\/a><\/h3><\/div><\/div>\n\t\t\t\t\t\t<\/div><!-- .dpt-entry -->\n\t\t\t\t\t\t\t\t\t\t\t\t<div class=\"dpt-entry has-thumbnail\" data-title=\"der iran\u2013israel-konflikt: warum diese eskalation der strategische albtraum des westens ist\" data-id=\"5212\"  data-category=\"allgemein gesellschaft\" data-post_tag=\"denkmodelle energiepolitik europa geopolitik krisen k\u00fcnstliche intelligenz meinungsfreiheit sicherheitspolitik spieltheorie\">\n\t\t\t\t\t\t\t<div class=\"dpt-entry-wrapper\"><div class=\"dpt-featured-content\"><div class=\"dpt-permalink\"><a href=\"https:\/\/www.markus-schall.de\/it\/2026\/03\/il-conflitto-iran-israele-perche-questa-escalation-e-lincubo-strategico-delloccidente\/\" class=\"dpt-permalink\"><span class=\"screen-reader-text\">Il conflitto Iran-Israele: perch\u00e9 questa escalation \u00e8 l'incubo strategico dell'Occidente<\/span><\/a><\/div><div class=\"dpt-thumbnail\"><div class=\"dpt-thumbnail-inner\"><img width=\"1024\" height=\"683\" class=\"attachment-full size-full\" alt=\"Israele-Iran - Incubo strategico\" context=\"dpt\" data-dpt-src=\"https:\/\/www.markus-schall.de\/wp-content\/uploads\/Israel-Iran-Strategischer-Albtraum.jpg\" data-dpt-sizes=\"(max-width: 1024px) 100vw, 1024px\" data-dpt-srcset=\"https:\/\/www.markus-schall.de\/wp-content\/uploads\/Israel-Iran-Strategischer-Albtraum.jpg 1024w, https:\/\/www.markus-schall.de\/wp-content\/uploads\/Israel-Iran-Strategischer-Albtraum-300x200.jpg 300w, https:\/\/www.markus-schall.de\/wp-content\/uploads\/Israel-Iran-Strategischer-Albtraum-768x512.jpg 768w, https:\/\/www.markus-schall.de\/wp-content\/uploads\/Israel-Iran-Strategischer-Albtraum-18x12.jpg 18w\" \/><\/div><span class=\"dpt-thumbnail-aspect-ratio\" style=\"padding-top: 75%\"><\/span><\/div><\/div><div class=\"sub-entry\"><h3 class=\"dpt-title\"><a class=\"dpt-title-link\" href=\"https:\/\/www.markus-schall.de\/it\/2026\/03\/il-conflitto-iran-israele-perche-questa-escalation-e-lincubo-strategico-delloccidente\/\" rel=\"bookmark\">Il conflitto Iran-Israele: perch\u00e9 questa escalation \u00e8 l'incubo strategico dell'Occidente<\/a><\/h3><\/div><\/div>\n\t\t\t\t\t\t<\/div><!-- .dpt-entry -->\n\t\t\t\t\t\t\n\t\t\t\t<\/div>\n\t\t\t\t\t\t<\/div>\n\t\t\t\n<hr \/>\n<h2>Domande frequenti<\/h2>\n<ol>\n<li><strong>Cosa si intende esattamente per \u201epropriet\u00e0 digitale\u201c e perch\u00e9 questo termine \u00e8 cos\u00ec importante?<\/strong><br \/>\nLa propriet\u00e0 digitale descrive contenuti, strutture e sistemi sui quali si mantiene un controllo a lungo termine. Non si tratta quindi solo di pubblicare qualcosa, ma di costruire qualcosa che vi appartiene e che pu\u00f2 esistere in modo indipendente. Il termine \u00e8 cos\u00ec importante perch\u00e9 sposta l'attenzione dalla visibilit\u00e0 a breve termine al valore sostenibile.<\/li>\n<li><strong>Qual \u00e8 la differenza tra reach e digital ownership?<\/strong><br \/>\nReach significa che i contenuti vengono visti, spesso a breve termine e a seconda delle piattaforme. La propriet\u00e0 digitale, invece, descrive qualcosa di permanente: contenuti e strutture che si controllano e che esistono a lungo termine. La portata pu\u00f2 scomparire, la propriet\u00e0 rimane.<\/li>\n<li><strong>Perch\u00e9 piattaforme come i social media sono problematiche per la costruzione di sostanza?<\/strong><br \/>\nLe piattaforme non vi appartengono. Sono loro a stabilire cosa \u00e8 visibile e cosa no. Anche se avete successo, il vostro lavoro rimane vincolato alle loro regole. Le modifiche all'algoritmo o alle linee guida possono influire sulla vostra visibilit\u00e0 in qualsiasi momento. Questo le rende strategicamente insicure come unica base.<\/li>\n<li><strong>\u00c8 ancora possibile lavorare in modo sensato con le piattaforme?<\/strong><br \/>\nS\u00ec, assolutamente, ma non come base. Le piattaforme sono ottime per generare attenzione e raggiungere nuovi lettori. Tuttavia, \u00e8 fondamentale trasferire questa attenzione ai propri sistemi, cio\u00e8 al proprio sito web, alla propria rivista o ai propri libri.<\/li>\n<li><strong>Che cosa significa in realt\u00e0 crescita organica in un contesto digitale?<\/strong><br \/>\nCrescita organica significa che il vostro sistema cresce lentamente ma in modo continuo. I contenuti non vengono semplicemente pubblicati e dimenticati, ma collegati, ampliati e mantenuti. Con il tempo, si crea una struttura che diventa pi\u00f9 stabile e preziosa.<\/li>\n<li><strong>Perch\u00e9 la crescita lenta \u00e8 superiore nel lungo periodo?<\/strong><br \/>\nPerch\u00e9 \u00e8 stabile. Una crescita rapida si basa spesso su fattori esterni come le tendenze o la logica delle piattaforme. La crescita lenta, invece, deriva dalla propria struttura e continuit\u00e0. \u00c8 meno suscettibile ai cambiamenti e sviluppa una propria dinamica nel tempo.<\/li>\n<li><strong>Cosa si intende per \u201ecapitale digitale\u201c?<\/strong><br \/>\nIl capitale digitale descrive la somma delle vostre risorse digitali - cio\u00e8 contenuti, strutture, link e anche la vostra esperienza. Si crea attraverso l'accumulo. Ogni nuovo contenuto contribuisce ad aumentare il valore complessivo del vostro sistema.<\/li>\n<li><strong>Come nasce il cosiddetto \u201eeffetto di interesse composto\u201c con i contenuti?<\/strong><br \/>\nUn singolo articolo porta lettori. Questi lettori scoprono altri contenuti. Questi contenuti aumentano a loro volta la visibilit\u00e0 dell'intero sistema. Nel tempo, si crea una rete di riferimenti e argomenti che si sostengono e si rafforzano a vicenda.<\/li>\n<li><strong>Perch\u00e9 i sistemi cresciuti sono difficili da copiare?<\/strong><br \/>\nPerch\u00e9 non si tratta solo di contenuti, ma anche di sviluppi. La struttura, la storia, le decisioni e le linee personali non possono essere semplicemente copiate. Si pu\u00f2 copiare il contenuto, ma non il percorso che lo ha portato.<\/li>\n<li><strong>Che ruolo ha il tempo nella costruzione della propriet\u00e0 digitale?<\/strong><br \/>\nIl tempo \u00e8 un fattore decisivo. Garantisce che i contenuti si sviluppino, si colleghino e acquistino profondit\u00e0. Questo sviluppo non pu\u00f2 essere accelerato o copiato: si ottiene solo con un lavoro continuo.<\/li>\n<li><strong>Cosa si intende per \u201elinea personale\u201c?<\/strong><br \/>\nLa linea personale \u00e8 evidente nella scelta dei temi, nello stile, nell'atteggiamento e nel modo di presentarsi. Non si crea da un giorno all'altro, ma si sviluppa nel tempo. \u00c8 proprio questa linea che rende un sistema inconfondibile.<\/li>\n<li><strong>L'intelligenza artificiale pu\u00f2 sostituire questa linea personale?<\/strong><br \/>\nNo. L'intelligenza artificiale pu\u00f2 supportare, accelerare e dare suggerimenti. Ma non pu\u00f2 sviluppare una linea indipendente basata su esperienza, decisioni e sviluppo personale. Questo pu\u00f2 venire solo dalle persone stesse.<\/li>\n<li><strong>\u00c8 problematico creare contenuti con l'AI?<\/strong><br \/>\nNon fondamentalmente. Il fattore decisivo \u00e8 chi controlla il processo. Se si stabilisce la direzione e si usa l'IA come strumento, pu\u00f2 essere molto utile. Diventa problematico solo quando l'IA prende il comando e i contenuti diventano arbitrari.<\/li>\n<li><strong>Qual \u00e8 il rischio maggiore nell'utilizzo dell'IA?<\/strong><br \/>\nIl rischio maggiore risiede nella strisciante perdita di controllo. Se le decisioni sono sempre pi\u00f9 automatizzate, il sistema perde chiarezza e direzione. Pu\u00f2 sembrare efficiente, ma diventa sempre pi\u00f9 intercambiabile.<\/li>\n<li><strong>Perch\u00e9 il controllo \u00e8 il fattore chiave della propriet\u00e0 digitale?<\/strong><br \/>\nPerch\u00e9 determina se qualcosa vi appartiene davvero. Solo se potete determinare cosa succede ai vostri contenuti, potete svilupparli e utilizzarli a lungo termine. Senza controllo, tutto rimane temporaneo.<\/li>\n<li><strong>Cosa significa autodeterminazione digitale in questo contesto?<\/strong><br \/>\nAutodeterminazione digitale significa controllare i propri contenuti, la propria struttura e il proprio sviluppo. Non dipendete da piattaforme o regole esterne, ma progettate il vostro sistema in modo indipendente.<\/li>\n<li><strong>In che modo la propriet\u00e0 digitale si differenzia dalla pubblicit\u00e0 tradizionale?<\/strong><br \/>\nLa pubblicit\u00e0 tradizionale ha di solito un effetto a breve termine e termina non appena il budget \u00e8 esaurito. La propriet\u00e0 digitale, invece, pu\u00f2 essere permanente e aumentare di valore nel tempo. \u00c8 meno un fattore di costo e pi\u00f9 un investimento.<\/li>\n<li><strong>Quanto tempo ci vuole per creare un sistema di questo tipo?<\/strong><br \/>\nNon esiste una risposta generale a questa domanda, ma si tratta di un processo a lungo termine. Gli effetti iniziali possono essere visibili relativamente presto, ma la forza effettiva spesso emerge solo dopo mesi o anni di lavoro continuo.<\/li>\n<li><strong>Questo sforzo vale davvero la pena rispetto a strategie pi\u00f9 rapide?<\/strong><br \/>\nA breve termine, le strategie pi\u00f9 rapide sono spesso pi\u00f9 attraenti. A lungo termine, tuttavia, un sistema interno e consolidato offre un vantaggio che non \u00e8 facile da raggiungere: stabilit\u00e0, controllo e sostanza sostenibile. \u00c8 proprio qui che risiede il suo vero valore.<\/li>\n<\/ol>\n<hr \/>\n\n\t\t\t<div class=\"display-post-types\">\n\n\t\t\t\t\t\t\t<style type=\"text\/css\">\n\t\t\t#dpt-wrapper-739 { --dpt-text-align: left;--dpt-image-crop: center;--dpt-border-radius: 5px;--dpt-h-gutter: 10px;--dpt-v-gutter: 9px; }\t\t\t<\/style>\n\t\t\t<style type=\"text\/css\">#dpt-wrapper-739 { --dpt-title-font-style:normal;--dpt-title-font-weight:600;--dpt-title-line-height:1.5;--dpt-title-text-decoration:none;--dpt-title-text-transform:none;--dpt-excerpt-font-style:normal;--dpt-excerpt-font-weight:400;--dpt-excerpt-line-height:1.5;--dpt-excerpt-text-decoration:none;--dpt-excerpt-text-transform:none;--dpt-meta1-font-style:normal;--dpt-meta1-font-weight:400;--dpt-meta1-line-height:1.9;--dpt-meta1-text-decoration:none;--dpt-meta1-text-transform:none;--dpt-meta2-font-style:normal;--dpt-meta2-font-weight:400;--dpt-meta2-line-height:1.9;--dpt-meta2-text-decoration:none;--dpt-meta2-text-transform:none; }<\/style><div class=\"dpt-main-header\">\n\t\t\t\t\t\t<div class=\"dpt-main-title\">\n\t\t\t\t\t\t\t<span class=\"dpt-main-title-text\">Articoli attuali sull'intelligenza artificiale<\/span>\n\t\t\t\t\t\t<\/div>\n\t\t\t\t\t\t\n\t\t\t\t\t\t\n\t\t\t\t\t\t\n\t\t\t\t\t\t<\/div>\t\t\t\n\t\t\t\t<div id=\"dpt-wrapper-739\" class=\"dpt-wrapper dpt-mag1 land1 dpt-cropped dpt-flex-wrap\" >\n\n\t\t\t\t\t\t\t\t\t\t\t<div class=\"dpt-entry has-thumbnail\" data-title=\"k\u00fcnstliche intelligenz: welche jobs in gefahr sind, und wie wir uns jetzt wappnen k\u00f6nnen\" data-id=\"2940\"  data-category=\"allgemein b\u00fccher gesellschaft ki-systeme\" data-post_tag=\"buch k\u00fcnstliche intelligenz llama llm mistral mlx ollama ratgeber sprachmodell\">\n\t\t\t\t\t\t\t<div class=\"dpt-entry-wrapper\"><div class=\"dpt-featured-content\"><div class=\"dpt-permalink\"><a href=\"https:\/\/www.markus-schall.de\/it\/2025\/09\/intelligenza-artificiale-quali-posti-di-lavoro-sono-in-pericolo-e-come-possiamo-armarci-ora\/\" class=\"dpt-permalink\"><span class=\"screen-reader-text\">Intelligenza artificiale: quali sono i posti di lavoro a rischio e come possiamo armarci ora<\/span><\/a><\/div><div class=\"dpt-thumbnail\"><div class=\"dpt-thumbnail-inner\"><img width=\"1024\" height=\"683\" class=\"attachment-full size-full\" alt=\"Quali lavori saranno eliminati dall&#039;IA in futuro\" context=\"dpt\" data-dpt-src=\"https:\/\/www.markus-schall.de\/wp-content\/uploads\/welche-jobs-fallen-durch-ki-weg.jpg\" data-dpt-sizes=\"(max-width: 1024px) 100vw, 1024px\" data-dpt-srcset=\"https:\/\/www.markus-schall.de\/wp-content\/uploads\/welche-jobs-fallen-durch-ki-weg.jpg 1024w, https:\/\/www.markus-schall.de\/wp-content\/uploads\/welche-jobs-fallen-durch-ki-weg-300x200.jpg 300w, https:\/\/www.markus-schall.de\/wp-content\/uploads\/welche-jobs-fallen-durch-ki-weg-768x512.jpg 768w, https:\/\/www.markus-schall.de\/wp-content\/uploads\/welche-jobs-fallen-durch-ki-weg-18x12.jpg 18w\" \/><\/div><span class=\"dpt-thumbnail-aspect-ratio\" style=\"padding-top: 75%\"><\/span><\/div><\/div><div class=\"sub-entry\"><h3 class=\"dpt-title\"><a class=\"dpt-title-link\" href=\"https:\/\/www.markus-schall.de\/it\/2025\/09\/intelligenza-artificiale-quali-posti-di-lavoro-sono-in-pericolo-e-come-possiamo-armarci-ora\/\" rel=\"bookmark\">Intelligenza artificiale: quali sono i posti di lavoro a rischio e come possiamo armarci ora<\/a><\/h3><\/div><\/div>\n\t\t\t\t\t\t<\/div><!-- .dpt-entry -->\n\t\t\t\t\t\t\t\t\t\t\t\t<div class=\"dpt-entry has-thumbnail\" data-title=\"k\u00fcnstliche intelligenz ohne hype: warum weniger ki-tools oft bessere arbeit bedeuten\" data-id=\"4402\"  data-category=\"apple macos hardware ki-systeme tipps &amp; anleitungen\" data-post_tag=\"denkmodelle erfahrungen k\u00fcnstliche intelligenz llm mac mlx ollama prozesse sprachmodell\">\n\t\t\t\t\t\t\t<div class=\"dpt-entry-wrapper\"><div class=\"dpt-featured-content\"><div class=\"dpt-permalink\"><a href=\"https:\/\/www.markus-schall.de\/it\/2026\/01\/lintelligenza-artificiale-senza-clamore-perche-un-minor-numero-di-strumenti-di-ki-spesso-significa-un-lavoro-migliore\/\" class=\"dpt-permalink\"><span class=\"screen-reader-text\">Intelligenza artificiale senza clamore: perch\u00e9 meno strumenti di IA spesso significano un lavoro migliore<\/span><\/a><\/div><div class=\"dpt-thumbnail\"><div class=\"dpt-thumbnail-inner\"><img width=\"1024\" height=\"683\" class=\"attachment-full size-full\" alt=\"Intelligenza artificiale senza clamore\" context=\"dpt\" data-dpt-src=\"https:\/\/www.markus-schall.de\/wp-content\/uploads\/KI-ohne-Hype-Titel.jpg\" data-dpt-sizes=\"(max-width: 1024px) 100vw, 1024px\" data-dpt-srcset=\"https:\/\/www.markus-schall.de\/wp-content\/uploads\/KI-ohne-Hype-Titel.jpg 1024w, https:\/\/www.markus-schall.de\/wp-content\/uploads\/KI-ohne-Hype-Titel-300x200.jpg 300w, https:\/\/www.markus-schall.de\/wp-content\/uploads\/KI-ohne-Hype-Titel-768x512.jpg 768w, https:\/\/www.markus-schall.de\/wp-content\/uploads\/KI-ohne-Hype-Titel-18x12.jpg 18w\" \/><\/div><span class=\"dpt-thumbnail-aspect-ratio\" style=\"padding-top: 75%\"><\/span><\/div><\/div><div class=\"sub-entry\"><h3 class=\"dpt-title\"><a class=\"dpt-title-link\" href=\"https:\/\/www.markus-schall.de\/it\/2026\/01\/lintelligenza-artificiale-senza-clamore-perche-un-minor-numero-di-strumenti-di-ki-spesso-significa-un-lavoro-migliore\/\" rel=\"bookmark\">Intelligenza artificiale senza clamore: perch\u00e9 meno strumenti di IA spesso significano un lavoro migliore<\/a><\/h3><\/div><\/div>\n\t\t\t\t\t\t<\/div><!-- .dpt-entry -->\n\t\t\t\t\t\t\t\t\t\t\t\t<div class=\"dpt-entry has-thumbnail\" data-title=\"mit ki dialogisch denken lernen: warum gute fragen wichtiger sind als gute modelle\" data-id=\"4700\"  data-category=\"allgemein ki-systeme tipps &amp; anleitungen\" data-post_tag=\"denkmodelle k\u00fcnstliche intelligenz lernen llm prozesse ratgeber sprachmodell\">\n\t\t\t\t\t\t\t<div class=\"dpt-entry-wrapper\"><div class=\"dpt-featured-content\"><div class=\"dpt-permalink\"><a href=\"https:\/\/www.markus-schall.de\/it\/2026\/02\/imparare-a-pensare-in-dialogo-con-ki-perche-le-buone-domande-sono-piu-importanti-dei-buoni-modelli\/\" class=\"dpt-permalink\"><span class=\"screen-reader-text\">Imparare a pensare in dialogo con l'IA: perch\u00e9 le buone domande sono pi\u00f9 importanti dei buoni modelli<\/span><\/a><\/div><div class=\"dpt-thumbnail\"><div class=\"dpt-thumbnail-inner\"><img width=\"1024\" height=\"683\" class=\"attachment-full size-full\" alt=\"Imparare a pensare in dialogo con l&#039;IA\" context=\"dpt\" data-dpt-src=\"https:\/\/www.markus-schall.de\/wp-content\/uploads\/Denken-lernen-mit-KI.jpg\" data-dpt-sizes=\"(max-width: 1024px) 100vw, 1024px\" data-dpt-srcset=\"https:\/\/www.markus-schall.de\/wp-content\/uploads\/Denken-lernen-mit-KI.jpg 1024w, https:\/\/www.markus-schall.de\/wp-content\/uploads\/Denken-lernen-mit-KI-300x200.jpg 300w, https:\/\/www.markus-schall.de\/wp-content\/uploads\/Denken-lernen-mit-KI-768x512.jpg 768w, https:\/\/www.markus-schall.de\/wp-content\/uploads\/Denken-lernen-mit-KI-18x12.jpg 18w\" \/><\/div><span class=\"dpt-thumbnail-aspect-ratio\" style=\"padding-top: 75%\"><\/span><\/div><\/div><div class=\"sub-entry\"><h3 class=\"dpt-title\"><a class=\"dpt-title-link\" href=\"https:\/\/www.markus-schall.de\/it\/2026\/02\/imparare-a-pensare-in-dialogo-con-ki-perche-le-buone-domande-sono-piu-importanti-dei-buoni-modelli\/\" rel=\"bookmark\">Imparare a pensare in dialogo con l'IA: perch\u00e9 le buone domande sono pi\u00f9 importanti dei buoni modelli<\/a><\/h3><\/div><\/div>\n\t\t\t\t\t\t<\/div><!-- .dpt-entry -->\n\t\t\t\t\t\t\t\t\t\t\t\t<div class=\"dpt-entry has-thumbnail\" data-title=\"ki f\u00fcr anf\u00e4nger: wie du ohne vorkenntnisse sinnvoll mit k\u00fcnstlicher intelligenz startest\" data-id=\"4199\"  data-category=\"allgemein apple iphone &amp; ipad apple macos ki-systeme tipps &amp; anleitungen\" data-post_tag=\"denkmodelle k\u00fcnstliche intelligenz lernen prozesse\">\n\t\t\t\t\t\t\t<div class=\"dpt-entry-wrapper\"><div class=\"dpt-featured-content\"><div class=\"dpt-permalink\"><a href=\"https:\/\/www.markus-schall.de\/it\/2025\/12\/ki-per-i-principianti-come-iniziare-a-lavorare-con-lintelligenza-artificiale-senza-conoscenze-preliminari\/\" class=\"dpt-permalink\"><span class=\"screen-reader-text\">AI per principianti: come iniziare a lavorare con l'intelligenza artificiale senza conoscenze preliminari<\/span><\/a><\/div><div class=\"dpt-thumbnail\"><div class=\"dpt-thumbnail-inner\"><img width=\"1024\" height=\"683\" class=\"attachment-full size-full\" alt=\"IA per principianti\" context=\"dpt\" data-dpt-src=\"https:\/\/www.markus-schall.de\/wp-content\/uploads\/KI-fuer-Einsteiger-Computer.jpg\" data-dpt-sizes=\"(max-width: 1024px) 100vw, 1024px\" data-dpt-srcset=\"https:\/\/www.markus-schall.de\/wp-content\/uploads\/KI-fuer-Einsteiger-Computer.jpg 1024w, https:\/\/www.markus-schall.de\/wp-content\/uploads\/KI-fuer-Einsteiger-Computer-300x200.jpg 300w, https:\/\/www.markus-schall.de\/wp-content\/uploads\/KI-fuer-Einsteiger-Computer-768x512.jpg 768w, https:\/\/www.markus-schall.de\/wp-content\/uploads\/KI-fuer-Einsteiger-Computer-18x12.jpg 18w\" \/><\/div><span class=\"dpt-thumbnail-aspect-ratio\" style=\"padding-top: 75%\"><\/span><\/div><\/div><div class=\"sub-entry\"><h3 class=\"dpt-title\"><a class=\"dpt-title-link\" href=\"https:\/\/www.markus-schall.de\/it\/2025\/12\/ki-per-i-principianti-come-iniziare-a-lavorare-con-lintelligenza-artificiale-senza-conoscenze-preliminari\/\" rel=\"bookmark\">AI per principianti: come iniziare a lavorare con l'intelligenza artificiale senza conoscenze preliminari<\/a><\/h3><\/div><\/div>\n\t\t\t\t\t\t<\/div><!-- .dpt-entry -->\n\t\t\t\t\t\t\n\t\t\t\t<\/div>\n\t\t\t\t\t\t<\/div>\n\t\t\t\n<hr \/>","protected":false},"excerpt":{"rendered":"<p>Wenn Du Dich heute im digitalen Raum bewegst, entsteht sehr schnell ein bestimmter Eindruck: Wer sichtbar ist, ist erfolgreich. Wer Reichweite hat, hat Einfluss. Und wer viele Inhalte produziert, baut sich automatisch etwas auf. Diese Gleichung wirkt auf den ersten Blick plausibel \u2013 sie ist aber tr\u00fcgerisch. Denn Sichtbarkeit ist kein Besitz. Reichweite ist kein &#8230; <a title=\"AI per principianti: come iniziare a lavorare con l&#039;intelligenza artificiale senza conoscenze preliminari\" class=\"read-more\" href=\"https:\/\/www.markus-schall.de\/it\/2025\/12\/ki-per-i-principianti-come-iniziare-a-lavorare-con-lintelligenza-artificiale-senza-conoscenze-preliminari\/\" aria-label=\"Per saperne di pi\u00f9 su AI per principianti: come iniziare a lavorare con l&#039;intelligenza artificiale senza conoscenze preliminari\">Leggi tutto<\/a><\/p>","protected":false},"author":1,"featured_media":5904,"comment_status":"open","ping_status":"open","sticky":false,"template":"","format":"standard","meta":{"iawp_total_views":7,"footnotes":""},"categories":[1,424,466,4],"tags":[425,444,473,458,471,442,460,448],"class_list":["post-5899","post","type-post","status-publish","format-standard","has-post-thumbnail","hentry","category-allgemein","category-buecher","category-gesellschaft","category-tipps-anleitungen","tag-buch","tag-denkmodelle","tag-digitales-eigentum","tag-erfahrungen","tag-kuenstliche-intelligenz","tag-prozesse","tag-publishing","tag-ratgeber"],"_links":{"self":[{"href":"https:\/\/www.markus-schall.de\/it\/wp-json\/wp\/v2\/posts\/5899","targetHints":{"allow":["GET"]}}],"collection":[{"href":"https:\/\/www.markus-schall.de\/it\/wp-json\/wp\/v2\/posts"}],"about":[{"href":"https:\/\/www.markus-schall.de\/it\/wp-json\/wp\/v2\/types\/post"}],"author":[{"embeddable":true,"href":"https:\/\/www.markus-schall.de\/it\/wp-json\/wp\/v2\/users\/1"}],"replies":[{"embeddable":true,"href":"https:\/\/www.markus-schall.de\/it\/wp-json\/wp\/v2\/comments?post=5899"}],"version-history":[{"count":14,"href":"https:\/\/www.markus-schall.de\/it\/wp-json\/wp\/v2\/posts\/5899\/revisions"}],"predecessor-version":[{"id":5920,"href":"https:\/\/www.markus-schall.de\/it\/wp-json\/wp\/v2\/posts\/5899\/revisions\/5920"}],"wp:featuredmedia":[{"embeddable":true,"href":"https:\/\/www.markus-schall.de\/it\/wp-json\/wp\/v2\/media\/5904"}],"wp:attachment":[{"href":"https:\/\/www.markus-schall.de\/it\/wp-json\/wp\/v2\/media?parent=5899"}],"wp:term":[{"taxonomy":"category","embeddable":true,"href":"https:\/\/www.markus-schall.de\/it\/wp-json\/wp\/v2\/categories?post=5899"},{"taxonomy":"post_tag","embeddable":true,"href":"https:\/\/www.markus-schall.de\/it\/wp-json\/wp\/v2\/tags?post=5899"}],"curies":[{"name":"wp","href":"https:\/\/api.w.org\/{rel}","templated":true}]}}