{"id":3727,"date":"2025-11-28T08:00:57","date_gmt":"2025-11-28T08:00:57","guid":{"rendered":"https:\/\/www.markus-schall.de\/?p=3727"},"modified":"2025-12-24T08:18:23","modified_gmt":"2025-12-24T08:18:23","slug":"cloud-act-datasoevereiniteit-en-zwitserland-een-keerpunt-voor-europese-it-strategieen","status":"publish","type":"post","link":"https:\/\/www.markus-schall.de\/nl\/2025\/11\/cloud-act-datasoevereiniteit-en-zwitserland-een-keerpunt-voor-europese-it-strategieen\/","title":{"rendered":"CLOUD Act, gegevenssoevereiniteit en Zwitserland: een keerpunt voor Europese IT-strategie\u00ebn?"},"content":{"rendered":"<p>Half november gebeurde er iets in Zwitserland dat bijna niemand in deze vorm had verwacht: De commissarissen voor gegevensbescherming van het land namen een duidelijke, bijna historische resolutie aan. De boodschap erachter is eenvoudig - en tegelijkertijd zeer controversieel: overheidsinstanties mogen hun meest gevoelige gegevens niet langer zonder aarzelen uitbesteden aan internationale clouddiensten zoals Microsoft 365. Waarom?<!--more--><\/p>\n<p>Want de verantwoordelijkheid voor bijzonder vertrouwelijke gegevens - gezondheidsdossiers, sociale dossiers, strafrechtelijke onderzoeken, interne documenten - mag niet worden overgedragen aan bedrijven die de toegang tot deze gegevens technisch nooit volledig kunnen uitsluiten. Dit is precies de kern van het Zwitserse besluit. Je hoeft niet diep in de IT te zitten om het basisidee te begrijpen. Vroeger werden belangrijke dossiers opgeslagen in een afgesloten archiefkast in het gemeentehuis. Tegenwoordig worden dezelfde gegevens vaak ergens in het buitenland opgeslagen - op de servers van grote Amerikaanse bedrijven, die op hun beurt gebruik maken van hun eigen partnerbedrijven en onderaannemers. En zelfs als deze providers ons verzekeren dat alles veilig is, kunnen de autoriteiten dit zelf niet echt meer controleren.<\/p>\n<hr \/>\n\n\t\t\t<div class=\"display-post-types\">\n\n\t\t\t\t\t\t\t<style type=\"text\/css\">\n\t\t\t#dpt-wrapper-883 { --dpt-text-align: left;--dpt-image-crop: center;--dpt-border-radius: 5px;--dpt-h-gutter: 10px;--dpt-v-gutter: 9px; }\t\t\t<\/style>\n\t\t\t<style type=\"text\/css\">#dpt-wrapper-883 { --dpt-title-font-style:normal;--dpt-title-font-weight:600;--dpt-title-line-height:1.5;--dpt-title-text-decoration:none;--dpt-title-text-transform:none;--dpt-excerpt-font-style:normal;--dpt-excerpt-font-weight:400;--dpt-excerpt-line-height:1.5;--dpt-excerpt-text-decoration:none;--dpt-excerpt-text-transform:none;--dpt-meta1-font-style:normal;--dpt-meta1-font-weight:400;--dpt-meta1-line-height:1.9;--dpt-meta1-text-decoration:none;--dpt-meta1-text-transform:none;--dpt-meta2-font-style:normal;--dpt-meta2-font-weight:400;--dpt-meta2-line-height:1.9;--dpt-meta2-text-decoration:none;--dpt-meta2-text-transform:none; }<\/style><div class=\"dpt-main-header\">\n\t\t\t\t\t\t<div class=\"dpt-main-title\">\n\t\t\t\t\t\t\t<span class=\"dpt-main-title-text\">Sociale kwesties van nu<\/span>\n\t\t\t\t\t\t<\/div>\n\t\t\t\t\t\t\n\t\t\t\t\t\t\n\t\t\t\t\t\t\n\t\t\t\t\t\t<\/div>\t\t\t\n\t\t\t\t<div id=\"dpt-wrapper-883\" class=\"dpt-wrapper dpt-mag1 land1 dpt-cropped dpt-flex-wrap\" >\n\n\t\t\t\t\t\t\t\t\t\t\t<div class=\"dpt-entry has-thumbnail\" data-title=\"klimaschutz mit tunnelblick \u2013 elektromobilit\u00e4t, lobbyarbeit und die verdr\u00e4ngten kosten\" data-id=\"4729\"  data-category=\"allgemein gesellschaft\" data-post_tag=\"deutschland energiepolitik erfahrungen eu-gesetze europa\">\n\t\t\t\t\t\t\t<div class=\"dpt-entry-wrapper\"><div class=\"dpt-featured-content\"><div class=\"dpt-permalink\"><a href=\"https:\/\/www.markus-schall.de\/nl\/2026\/02\/klimaatbescherming-met-tunnelvisie-lobbyen-voor-elektromobiliteit-en-de-verborgen-kosten\/\" class=\"dpt-permalink\"><span class=\"screen-reader-text\">Klimaatbescherming met tunnelvisie - elektromobiliteit, lobbyen en de onderdrukte kosten<\/span><\/a><\/div><div class=\"dpt-thumbnail\"><div class=\"dpt-thumbnail-inner\"><img width=\"1024\" height=\"683\" class=\"attachment-full size-full\" alt=\"Elektromobiliteit zonder ideologie\" context=\"dpt\" data-dpt-src=\"https:\/\/www.markus-schall.de\/wp-content\/uploads\/Elektromobilitaet-ohne-Ideologie.jpg\" data-dpt-sizes=\"(max-width: 1024px) 100vw, 1024px\" data-dpt-srcset=\"https:\/\/www.markus-schall.de\/wp-content\/uploads\/Elektromobilitaet-ohne-Ideologie.jpg 1024w, https:\/\/www.markus-schall.de\/wp-content\/uploads\/Elektromobilitaet-ohne-Ideologie-300x200.jpg 300w, https:\/\/www.markus-schall.de\/wp-content\/uploads\/Elektromobilitaet-ohne-Ideologie-768x512.jpg 768w, https:\/\/www.markus-schall.de\/wp-content\/uploads\/Elektromobilitaet-ohne-Ideologie-18x12.jpg 18w\" \/><\/div><span class=\"dpt-thumbnail-aspect-ratio\" style=\"padding-top: 75%\"><\/span><\/div><\/div><div class=\"sub-entry\"><h3 class=\"dpt-title\"><a class=\"dpt-title-link\" href=\"https:\/\/www.markus-schall.de\/nl\/2026\/02\/klimaatbescherming-met-tunnelvisie-lobbyen-voor-elektromobiliteit-en-de-verborgen-kosten\/\" rel=\"bookmark\">Klimaatbescherming met tunnelvisie - elektromobiliteit, lobbyen en de onderdrukte kosten<\/a><\/h3><\/div><\/div>\n\t\t\t\t\t\t<\/div><!-- .dpt-entry -->\n\t\t\t\t\t\t\t\t\t\t\t\t<div class=\"dpt-entry has-thumbnail\" data-title=\"iran verstehen: alltag, proteste und interessen jenseits der schlagzeilen\" data-id=\"4462\"  data-category=\"allgemein gesellschaft kunst &amp; kultur\" data-post_tag=\"erfahrungen europa geopolitik krisen meinungsfreiheit sicherheitspolitik spieltheorie\">\n\t\t\t\t\t\t\t<div class=\"dpt-entry-wrapper\"><div class=\"dpt-featured-content\"><div class=\"dpt-permalink\"><a href=\"https:\/\/www.markus-schall.de\/nl\/2026\/01\/het-dagelijks-leven-van-iran-begrijpen-protesten-en-belangen-buiten-de-krantenkoppen\/\" class=\"dpt-permalink\"><span class=\"screen-reader-text\">Iran begrijpen: Het dagelijks leven, protesten en belangen buiten de krantenkoppen<\/span><\/a><\/div><div class=\"dpt-thumbnail\"><div class=\"dpt-thumbnail-inner\"><img width=\"1024\" height=\"683\" class=\"attachment-full size-full\" alt=\"Iran begrijpen\" context=\"dpt\" data-dpt-src=\"https:\/\/www.markus-schall.de\/wp-content\/uploads\/Iran-Titel.jpg\" data-dpt-sizes=\"(max-width: 1024px) 100vw, 1024px\" data-dpt-srcset=\"https:\/\/www.markus-schall.de\/wp-content\/uploads\/Iran-Titel.jpg 1024w, https:\/\/www.markus-schall.de\/wp-content\/uploads\/Iran-Titel-300x200.jpg 300w, https:\/\/www.markus-schall.de\/wp-content\/uploads\/Iran-Titel-768x512.jpg 768w, https:\/\/www.markus-schall.de\/wp-content\/uploads\/Iran-Titel-18x12.jpg 18w\" \/><\/div><span class=\"dpt-thumbnail-aspect-ratio\" style=\"padding-top: 75%\"><\/span><\/div><\/div><div class=\"sub-entry\"><h3 class=\"dpt-title\"><a class=\"dpt-title-link\" href=\"https:\/\/www.markus-schall.de\/nl\/2026\/01\/het-dagelijks-leven-van-iran-begrijpen-protesten-en-belangen-buiten-de-krantenkoppen\/\" rel=\"bookmark\">Iran begrijpen: Het dagelijks leven, protesten en belangen buiten de krantenkoppen<\/a><\/h3><\/div><\/div>\n\t\t\t\t\t\t<\/div><!-- .dpt-entry -->\n\t\t\t\t\t\t\t\t\t\t\t\t<div class=\"dpt-entry has-thumbnail\" data-title=\"taiwan verstehen: geschichte, statusfrage und die risiken einer vernetzten welt\" data-id=\"4314\"  data-category=\"allgemein gesellschaft hardware\" data-post_tag=\"europa geopolitik krisen prozesse sicherheitspolitik spieltheorie\">\n\t\t\t\t\t\t\t<div class=\"dpt-entry-wrapper\"><div class=\"dpt-featured-content\"><div class=\"dpt-permalink\"><a href=\"https:\/\/www.markus-schall.de\/nl\/2026\/01\/inzicht-in-de-statuskwestie-van-de-geschiedenis-van-taiwan-en-de-risicos-van-een-netwerkwereld\/\" class=\"dpt-permalink\"><span class=\"screen-reader-text\">Taiwan begrijpen: Geschiedenis, statuskwesties en de risico's van een onderling verbonden wereld<\/span><\/a><\/div><div class=\"dpt-thumbnail\"><div class=\"dpt-thumbnail-inner\"><img width=\"1024\" height=\"683\" class=\"attachment-full size-full\" alt=\"Taiwan als kantelpunt\" context=\"dpt\" data-dpt-src=\"https:\/\/www.markus-schall.de\/wp-content\/uploads\/Taiwan-Kippunkt-Titel.jpg\" data-dpt-sizes=\"(max-width: 1024px) 100vw, 1024px\" data-dpt-srcset=\"https:\/\/www.markus-schall.de\/wp-content\/uploads\/Taiwan-Kippunkt-Titel.jpg 1024w, https:\/\/www.markus-schall.de\/wp-content\/uploads\/Taiwan-Kippunkt-Titel-300x200.jpg 300w, https:\/\/www.markus-schall.de\/wp-content\/uploads\/Taiwan-Kippunkt-Titel-768x512.jpg 768w, https:\/\/www.markus-schall.de\/wp-content\/uploads\/Taiwan-Kippunkt-Titel-18x12.jpg 18w\" \/><\/div><span class=\"dpt-thumbnail-aspect-ratio\" style=\"padding-top: 75%\"><\/span><\/div><\/div><div class=\"sub-entry\"><h3 class=\"dpt-title\"><a class=\"dpt-title-link\" href=\"https:\/\/www.markus-schall.de\/nl\/2026\/01\/inzicht-in-de-statuskwestie-van-de-geschiedenis-van-taiwan-en-de-risicos-van-een-netwerkwereld\/\" rel=\"bookmark\">Taiwan begrijpen: Geschiedenis, statuskwesties en de risico's van een onderling verbonden wereld<\/a><\/h3><\/div><\/div>\n\t\t\t\t\t\t<\/div><!-- .dpt-entry -->\n\t\t\t\t\t\t\t\t\t\t\t\t<div class=\"dpt-entry has-thumbnail\" data-title=\"wie tiere zeit wahrnehmen \u2013 und was das f\u00fcr die zukunft der ki bedeutet\" data-id=\"4918\"  data-category=\"allgemein gesellschaft ki-systeme\" data-post_tag=\"denkmodelle erfahrungen k\u00fcnstliche intelligenz llm portrait prozesse sprachmodell\">\n\t\t\t\t\t\t\t<div class=\"dpt-entry-wrapper\"><div class=\"dpt-featured-content\"><div class=\"dpt-permalink\"><a href=\"https:\/\/www.markus-schall.de\/nl\/2026\/02\/hoe-dieren-tijd-waarnemen-en-wat-dit-betekent-voor-de-toekomst-van-ki\/\" class=\"dpt-permalink\"><span class=\"screen-reader-text\">Hoe dieren tijd waarnemen - en wat dit betekent voor de toekomst van AI<\/span><\/a><\/div><div class=\"dpt-thumbnail\"><div class=\"dpt-thumbnail-inner\"><img width=\"1024\" height=\"683\" class=\"attachment-full size-full\" alt=\"Dieren, AI en tijdwaarneming\" context=\"dpt\" data-dpt-src=\"https:\/\/www.markus-schall.de\/wp-content\/uploads\/Tiere-KI-Zeitwahrnehmung.jpg\" data-dpt-sizes=\"(max-width: 1024px) 100vw, 1024px\" data-dpt-srcset=\"https:\/\/www.markus-schall.de\/wp-content\/uploads\/Tiere-KI-Zeitwahrnehmung.jpg 1024w, https:\/\/www.markus-schall.de\/wp-content\/uploads\/Tiere-KI-Zeitwahrnehmung-300x200.jpg 300w, https:\/\/www.markus-schall.de\/wp-content\/uploads\/Tiere-KI-Zeitwahrnehmung-768x512.jpg 768w, https:\/\/www.markus-schall.de\/wp-content\/uploads\/Tiere-KI-Zeitwahrnehmung-18x12.jpg 18w\" \/><\/div><span class=\"dpt-thumbnail-aspect-ratio\" style=\"padding-top: 75%\"><\/span><\/div><\/div><div class=\"sub-entry\"><h3 class=\"dpt-title\"><a class=\"dpt-title-link\" href=\"https:\/\/www.markus-schall.de\/nl\/2026\/02\/hoe-dieren-tijd-waarnemen-en-wat-dit-betekent-voor-de-toekomst-van-ki\/\" rel=\"bookmark\">Hoe dieren tijd waarnemen - en wat dit betekent voor de toekomst van AI<\/a><\/h3><\/div><\/div>\n\t\t\t\t\t\t<\/div><!-- .dpt-entry -->\n\t\t\t\t\t\t\n\t\t\t\t<\/div>\n\t\t\t\t\t\t<\/div>\n\t\t\t\n<hr \/>\n<p>Er is ook een punt dat vaak over het hoofd wordt gezien in het publieke debat: Amerikaanse bedrijven kunnen worden gedwongen om gegevens te overhandigen onder Amerikaanse wetten zoals de CLOUD Act - zelfs als deze gegevens eigenlijk in Europa zijn opgeslagen. Voor Europese landen, en nog meer voor een land als Zwitserland, dat traditioneel veel waarde hecht aan onafhankelijkheid, is dit een zware last. Tegen deze achtergrond hebben de Zwitserse autoriteiten voor gegevensbescherming nu hun standpunt duidelijk gemaakt:<\/p>\n<blockquote><p><em>Als een overheidsinstantie gegevens opslaat die speciaal beschermd zijn of zelfs onder het offici\u00eble beroepsgeheim vallen, dan mag niemand anders - zelfs geen cloudprovider - er toegang toe hebben. En zolang er geen echte end-to-end encryptie is waarbij alleen de autoriteit de sleutels beheert, is dit eenvoudigweg niet haalbaar met de huidige clouddiensten.<\/em><\/p><\/blockquote>\n<p>Zwitserland trekt dus aan het koord - uit voorzichtigheid, traditie en een diepgeworteld inzicht dat overheidsgegevens een bijzonder waardevol bezit zijn. En het is interessant dat Duitse autoriteiten, functionarissen voor gegevensbescherming en IT-managers nu ook goed kijken of hier een nieuwe standaard aan het ontstaan is.<\/p>\n<h2>Wat de Zwitserse resolutie echt zegt<\/h2>\n<p>Hoe <strong><a href=\"https:\/\/www.heise.de\/news\/Schweiz-Datenschuetzer-verhaengen-breites-Cloud-Verbot-fuer-Behoerden-11093438.html\" target=\"_blank\" rel=\"noopener\">Heise Online<\/a><\/strong>\u00a0en <a href=\"https:\/\/www.inside-it.ch\/privatim-auslagerung-sensibler-behoerdendaten-in-m365-unzulaessig-20251125\" target=\"_blank\" rel=\"noopener\"><strong>Inside IT<\/strong><\/a> Zoals we in ons verslag meldden, werd deze beslissing genomen door de Data Protection Conference privatim, een vereniging van de Federal Data Protection Commissioner en alle kantonnale toezichthoudende autoriteiten. Hoewel haar besluiten geen wetten zijn, hebben ze een enorm gewicht. In de praktijk implementeren veel autoriteiten hun richtlijnen alsof ze bindend zijn - omdat ze aangeven wat toelaatbaar en verantwoord is vanuit het oogpunt van gegevensbescherming. Voor wie is de resolutie bedoeld? De doelgroep zijn overheidsinstanties:<\/p>\n<ul>\n<li>Federale autoriteiten<\/li>\n<li>Kantonale kantoren<\/li>\n<li>Gemeenten<\/li>\n<li>Rechtbanken<\/li>\n<li>overheidsinstellingen<\/li>\n<\/ul>\n<p>Particuliere bedrijven worden formeel niet geraakt door de resolutie. Maar als de normen voor staatsinstellingen zo strikt worden vastgesteld, zal het voor de particuliere sector moeilijk worden om in de toekomst een veel laksere aanpak te hanteren - vooral op gebieden als gezondheidszorg, onderwijs en verzekeringen.<\/p>\n<h3>De belangrijkste boodschap: gevoelige gegevens horen niet thuis in internationale clouds<\/h3>\n<p>De <a href=\"https:\/\/www.privatim.ch\/wp-content\/uploads\/2025\/11\/20251124_privatim_Resolution-Hyperscaler_DE.pdf\" target=\"_blank\" rel=\"noopener\"><strong>Resolutie<\/strong><\/a> formuleert het voorzichtig maar ondubbelzinnig: de meeste gevoelige overheidsgegevens mogen niet worden uitbesteed aan clouddiensten zolang de providers technische toegang kunnen krijgen. En dit geldt niet voor zomaar een nichetoepassing, maar juist voor die cloudproducten die veel overheden nu standaard gebruiken, waaronder<\/p>\n<ul>\n<li>Microsoft 365<\/li>\n<li>Google Werkruimte<\/li>\n<li>Diverse SaaS-applicaties van internationale aanbieders<\/li>\n<\/ul>\n<p>Het knelpunt is altijd hetzelfde: er is geen echte end-to-end encryptie wanneer de autoriteit de sleutels bezit en de provider technisch is uitgesloten. Zolang de clouddienst zelf updates uitrolt, configuraties uitvoert of beheerdersrechten heeft in geval van ondersteuning, blijft theoretische toegang bestaan - en dat is meer dan genoeg risico voor Zwitserse deskundigen op het gebied van gegevensbescherming.<\/p>\n<h3>Waarom Zwitserland deze lijn trekt<\/h3>\n<p>Het Zwitserse besluit volgt een duidelijke logica die kan worden samengevat met een klassiek, bijna ouderwets principe:<br \/>\nJe kunt niet echt beschermen wat niet in je eigen invloedssfeer ligt. Drie motieven staan hierbij centraal:<\/p>\n<ul>\n<li><strong>Bescherming van staatssoevereiniteit<\/strong>Staatsgegevens vormen een fundament van soevereiniteit. Als internationale providers - mogelijk zelfs onder buitenlandse jurisdictie - er in theorie toegang toe kunnen krijgen, verliest de staat een stukje van deze soevereiniteit.<\/li>\n<li><strong>Bescherming van het ambtsgeheim<\/strong>Het ambtsgeheim is bijzonder belangrijk in Zwitserland. Het is niet alleen bedoeld om politieke intriges te voorkomen, maar ook om het vertrouwen van de burgers te garanderen. Zodra gegevens het land verlaten, wordt het moeilijker om dit vertrouwen te garanderen.<\/li>\n<li><strong>Bescherming van bijzonder gevoelige persoonlijke gegevens<\/strong>Gezondheidsgegevens, politiedossiers, sociale zaken - dit zijn allemaal gebieden waar onbevoegde toegang ernstige gevolgen zou hebben. En zelfs het kleinste risico wordt hier als onaanvaardbaar beschouwd.<\/li>\n<\/ul>\n<h3>Welke gegevens worden in het bijzonder be\u00efnvloed?<\/h3>\n<p>De resolutie spreekt expliciet van:<\/p>\n<ul>\n<li>bijzonder gevoelige persoonlijke gegevens<\/li>\n<li>Gegevens die onder de wettelijke geheimhouding vallen (ambtsgeheim)<\/li>\n<li>Gegevens van politie, justitie, sociale diensten, gezondheidszorg, administratie<\/li>\n<\/ul>\n<p>Voor dergelijke informatie vraagt de resolutie om een standaard die de huidige SaaS-systemen niet bieden: volledige encryptie onder de exclusieve controle van de autoriteit. Zonder deze standaard is uitbesteding aan internationale clouds \u201ein de meeste gevallen ontoelaatbaar\u201c - aldus de tekst.<\/p>\n<h3>Wat kunnen de autoriteiten nog doen?<\/h3>\n<p>Technisch gezien hebben ze maar een smalle gang:<\/p>\n<ul>\n<li>Cloudopslag met eigen upstream encryptie<\/li>\n<li>Gebruik van eigen sleutelinfrastructuur<\/li>\n<li>of volledig lokale oplossingen, d.w.z. on-premise of Zwitserse providers<\/li>\n<\/ul>\n<p>Dit betekent niet dat overheden de cloud helemaal niet meer mogen gebruiken. Maar ze moeten er wel voor zorgen dat de provider geen mogelijkheid heeft om de gegevens in platte tekst te lezen. En in de praktijk is dit vrijwel onmogelijk met de meeste moderne cloud-tools, omdat deze systemen hun functies alleen kunnen vervullen als ze de gegevens zelf verwerken. Zwitserland zegt dus indirect:<\/p>\n<blockquote><p><em>\u201eGebruik de cloud spaarzaam en alleen waar je er echt controle over hebt.\u201c<\/em><\/p><\/blockquote>\n<p>En dat is op zich al een opmerkelijke stap, die ook buiten Zwitserland tot discussie leidt.<\/p>\n<h2>De vijf belangrijkste argumenten - van het gebrek aan end-to-endencryptie tot de contractloterij<\/h2>\n<h3>1. gebrek aan echte end-to-endencryptie<\/h3>\n<p>Het belangrijkste punt is ook het eenvoudigste: zolang een cloudaanbieder technische toegang heeft tot gegevens, is het niet toegestaan om deze te gebruiken voor bijzonder gevoelige informatie. En dit is precies waar praktisch alle internationale SaaS-aanbiedingen falen - zelfs als ze zichzelf \u201eveilig\u201c, \u201egecertificeerd\u201c of \u201econform gegevensbescherming\u201c noemen. Waarom? Omdat diensten zoals Microsoft 365, Google Workspace of andere grote cloudplatforms alleen werken als ze de gegevens van ons werk kunnen verwerken: Documenten, e-mails, agenda's, vergaderingen, chats. De systemen analyseren, zoeken, synchroniseren en verbinden inhoud - dat is hun businessmodel.<\/p>\n<p>Echte end-to-end encryptie, waarbij alleen de autoriteit de sleutel bezit en de provider geen inzicht heeft, zou deze functies grotendeels onmogelijk maken. Dit is precies de reden waarom providers in dit opzicht geen volledige scheiding aanbieden. En daarom zeggen de Zwitserse deskundigen op het gebied van gegevensbescherming:<\/p>\n<blockquote><p><em>\u201eZolang dit niet mogelijk is, kunnen we dergelijke systemen niet met een gerust geweten gebruiken.\u201c<\/em><\/p><\/blockquote>\n<h3>2. ondoorzichtige ketens van onderaannemers en gebrek aan controle<\/h3>\n<p>Grote cloudproviders werken met een enorm netwerk van onderaannemers. Deze structuren zijn vaak wereldwijd verspreid, veranderen regelmatig en zijn voor buitenstaanders bijna niet te begrijpen. Zelfs als er een officieel contract is met Microsoft of Google, is op de achtergrond vaak het volgende van toepassing:<\/p>\n<ul>\n<li>Andere bedrijven bieden ondersteuning<\/li>\n<li>Externe teams voeren onderhoudswerkzaamheden uit<\/li>\n<li>andere serviceproviders hosten of beheren delen van de infrastructuur<\/li>\n<\/ul>\n<p>Voor een overheidsinstantie betekent dit dat ze niet precies kan weten wie wanneer toegang heeft of zou kunnen hebben. En dit is in strijd met het principe dat een overheidsinstantie te allen tijde moet kunnen traceren waar haar gegevens zich bevinden en wie er mogelijk toegang toe heeft. De Zwitserse autoriteiten hebben dit punt bewust benadrukt omdat transparantie en verantwoording nauw met elkaar verbonden zijn.<\/p>\n<h3>3. eenzijdige contractwijzigingen - de wolk als juridisch wankele basis<\/h3>\n<p>Een risicofactor die vaak over het hoofd wordt gezien is het contractontwerp. Veel cloudaanbieders behouden zich het recht voor om hun voorwaarden op elk moment te wijzigen - soms met zeer korte levertijden. Dit is op de een of andere manier acceptabel voor priv\u00e9bedrijven, maar:<\/p>\n<p>Het voorspelbaarheidsbeginsel is van toepassing op overheidsinstanties. De overheid moet kunnen documenteren en rechtvaardigen welke gegevens op welke manier worden verwerkt. Als de randvoorwaarden echter spontaan veranderen - omdat de aanbieder nieuwe clausules invoegt of bestaande clausules beperkt - ontstaat er een situatie waarin de overheid niet meer met zekerheid kan beoordelen of ze zelf aan de wettelijke eisen voldoet.<\/p>\n<p>Zwitserse deskundigen op het gebied van gegevensbescherming vinden deze \u201econtractloterij\u201c onverenigbaar met de verplichtingen van de staat. Een staat kan niet vertrouwen op bedrijfsmodellen die op elk moment kunnen worden veranderd - zonder medezeggenschap.<\/p>\n<h3>4. Risico van controleverlies en grondrechten<\/h3>\n<p>Zodra gegevens het land verlaten of buiten het eigen verantwoordelijkheidsgebied worden verwerkt, ontstaat er een risico: de staat verliest een deel van zijn controle.<\/p>\n<p>Dit lijkt op het eerste gezicht abstract, maar in het dagelijks leven is het heel re\u00ebel: als er een fout optreedt, als gegevens gecompromitteerd worden of als er een juridisch geschil ontstaat, kan een overheidsinstantie niet langer garanderen dat ze het zonder hulp van buitenaf redt. En dit is precies wat in tegenspraak is met het basisidee van een functionerend openbaar bestuur:<\/p>\n<p>Een staat moet in noodgevallen zelf kunnen handelen - zonder afhankelijk te zijn van externe bedrijven of buitenlandse rechtssystemen. Zwitserse gegevensbeschermers hebben hier een traditionele, bijna ouderwetse benadering - en dit is precies wat hun positie zo consistent maakt. Staatstaken blijven staatstaken. En staatsgegevens horen in overheidshanden.<\/p>\n<h3>5 De Amerikaanse CLOUD Act - de kern van de zorgen<\/h3>\n<p>De CLOUD Act is misschien wel de belangrijkste achtergrond van deze hele discussie. Deze Amerikaanse wet verplicht Amerikaanse bedrijven om op verzoek gegevens te overhandigen aan Amerikaanse autoriteiten - zelfs als deze gegevens in het buitenland zijn opgeslagen en eigenlijk onder de bescherming van buitenlandse wetten vallen. Voor Zwitserland is dit een absolute no-go.<\/p>\n<p>Dit zou het theoretisch mogelijk maken voor Amerikaanse autoriteiten om toegang te krijgen tot gevoelige Zwitserse administratieve gegevens, zonder dat er Zwitserse rechtbanken of autoriteiten aan te pas hoeven te komen. Zelfs als de cloud providers beweren dat ze dergelijke gegevens alleen onder strikte voorwaarden zullen vrijgeven, blijft het fundamentele probleem bestaan:<\/p>\n<p>De overheid verliest soevereiniteit over haar gegevens - simpelweg door de technische dienstverlener te kiezen. Voor een land dat van oudsher zijn onafhankelijkheid verdedigt, is dit een risico dat niet genomen kan worden. En het is precies dit punt dat de Zwitserse deskundigen op het gebied van gegevensbescherming heel duidelijk maken.<\/p>\n<div class=\"lyte-wrapper\" style=\"width:640px;max-width:100%;margin:5px;\"><div class=\"lyMe\" id=\"WYL_BEBnOMV1q_c\"><div id=\"lyte_BEBnOMV1q_c\" data-src=\"https:\/\/www.markus-schall.de\/wp-content\/plugins\/wp-youtube-lyte\/lyteCache.php?origThumbUrl=%2F%2Fi.ytimg.com%2Fvi%2FBEBnOMV1q_c%2Fhqdefault.jpg\" class=\"pL\"><div class=\"tC\"><div class=\"tT\"><\/div><\/div><div class=\"play\"><\/div><div class=\"ctrl\"><div class=\"Lctrl\"><\/div><div class=\"Rctrl\"><\/div><\/div><\/div><noscript><a href=\"https:\/\/youtu.be\/BEBnOMV1q_c\" rel=\"nofollow noopener\" target=\"_blank\"><img loading=\"lazy\" decoding=\"async\" src=\"https:\/\/www.markus-schall.de\/wp-content\/plugins\/wp-youtube-lyte\/lyteCache.php?origThumbUrl=https%3A%2F%2Fi.ytimg.com%2Fvi%2FBEBnOMV1q_c%2F0.jpg\" alt=\"YouTube video thumbnail\" width=\"640\" height=\"340\" \/><br \/>Bekijk deze video op YouTube<\/a><\/noscript><\/div><\/div><div class=\"lL\" style=\"max-width:100%;width:640px;margin:5px;\"><\/div><br \/>\nZwitserland versus Microsoft 365 - en Duitsland kijkt nauwlettend toe | <a href=\"https:\/\/www.youtube.com\/@heise-ct\" target=\"_blank\" rel=\"noopener\">heise &amp; c't<\/a><\/p>\n<h2>Zwitserland versus de EU - twee manieren om met Microsoft 365 om te gaan<\/h2>\n<p>Terwijl Zwitserland een zeer voorzichtige aanpak hanteert en overheden expliciet waarschuwt tegen het uitbesteden van gevoelige gegevens aan internationale SaaS-diensten, kiest de Europese Unie voor een andere aanpak. Ze probeert een middenweg te vinden door middel van overeenkomsten, contractuele verbeteringen en technische aanpassingen - een weg die clouddiensten niet fundamenteel verbiedt, maar eerder \u201ebruikbaar\u201c wil maken door voorwaarden te stellen.<\/p>\n<p>Dit verschil is opmerkelijk en zegt veel over hoe verschillend staten omgaan met de kwestie van digitale soevereiniteit.<\/p>\n<h3>Zwitserland: voorzichtigheid, gegevenssoevereiniteit en een duidelijke grens<\/h3>\n<p>Het Zwitserse standpunt kan in \u00e9\u00e9n zin worden samengevat:<\/p>\n<blockquote><p><em>\u201eWat ik niet onder controle heb, laat ik niet uit mijn handen glippen.\u201c<\/em><\/p><\/blockquote>\n<p>Zwitserland houdt dus vast aan een traditioneel principe: staatsgegevens - vooral geheime of bijzonder gevoelige gegevens - blijven in het land of worden zodanig versleuteld dat alleen de autoriteiten er toegang toe hebben. Het is een bewuste terugkeer naar oude principes, overgebracht naar het heden van de digitale wereld.<\/p>\n<h3>De EU: verdragen, vrijstellingen en compromisoplossingen<\/h3>\n<p>De Europese Unie kiest voor een andere aanpak. Ze wil de voordelen van grote cloudplatforms benutten zonder ze volledig te verbieden. Met dit doel:<\/p>\n<ul>\n<li>Nieuwe contracten onderhandeld<\/li>\n<li>Gegevensbescherming toegevoegd<\/li>\n<li>Controlemechanismen en audits ingevoerd<\/li>\n<li>Technische garanties achteraf<\/li>\n<\/ul>\n<p>Een voorbeeld hiervan is het besluit van de Europese Toezichthouder voor gegevensbescherming dat de Europese Commissie Microsoft 365 onder bepaalde voorwaarden mag gebruiken in overeenstemming met de regelgeving voor gegevensbescherming. Soortgelijke uitspraken komen nu van verschillende lidstaten - waaronder delen van Duitsland. Het basisidee:<\/p>\n<blockquote><p><em>\u201eWe reguleren de cloud in plaats van hem te verbieden.\u201c<\/em><\/p><\/blockquote>\n<p>Maar deze aanpak is gebaseerd op vertrouwen in de aanbieders - en op het feit dat de complexiteit beheersbaar blijft. Critici spreken dit tegen: Hoe groter het platform, hoe moeilijker het te controleren is.<\/p>\n<h3>Duitsland tussen twee werelden<\/h3>\n<p>Duitsland zit tussen twee vuren. Sommige overheidsinstanties voor gegevensbescherming zijn voorzichtiger, andere meer praktijkgericht.<br \/>\nIn de schoolsector zijn er bijvoorbeeld al strenge beslissingen genomen tegen Microsoft 365, terwijl er op federaal niveau wordt gewerkt aan oplossingen die het gebruik ervan mogelijk maken. Het resultaat: een lappendeken.<\/p>\n<p>Dit is precies de reden waarom veel mensen nu naar de Zwitserse lijn kijken - omdat deze voor het eerst een duidelijke norm stelt in plaats van compromissen te sluiten.<\/p>\n<h3>Twee filosofie\u00ebn botsen<\/h3>\n<p>Kort samengevat zijn er twee tegengestelde stromingen:<\/p>\n<ol>\n<li>De Zwitserse traditie: <em>\u201eOnze gegevens blijven bij ons - of ze blijven versleuteld en niemand anders ziet ze.\u201c<\/em><\/li>\n<li>De Europese pragmatiek: <em>\u201eWe hebben moderne platforms nodig - dus we proberen er zo goed mogelijk mee om te gaan.\u201c<\/em><\/li>\n<\/ol>\n<p>Beide benaderingen hebben hun sterke punten. Maar Zwitserland geeft een duidelijk signaal af: het laat zien dat een staat zich bewust kan richten op digitale onafhankelijkheid in de 21e eeuw zonder afhankelijk te worden van wereldwijde bedrijven.<\/p>\n<p>En deze houding alleen al zorgt ervoor dat autoriteiten, functionarissen voor gegevensbescherming en IT-afdelingen in heel Europa zich afvragen of eerdere praktijken echt zo onweerlegbaar zijn als ze altijd leken.<\/p>\n<div style=\"overflow-x: auto;\">\n<table style=\"border-collapse: collapse; width: 100%; min-width: 600px;\">\n<thead style=\"background-color: #f0f0f0;\">\n<tr>\n<th style=\"border: 1px solid #ccc; padding: 8px; text-align: left;\">Criterium \/ Onderwerp<\/th>\n<th style=\"border: 1px solid #ccc; padding: 8px; text-align: left;\">Zwitserse visie (priv\u00e9\/overheid)<\/th>\n<th style=\"border: 1px solid #ccc; padding: 8px; text-align: left;\">Huidige EU\/Duitse praktijk of mening<\/th>\n<\/tr>\n<\/thead>\n<tbody>\n<tr>\n<td style=\"border: 1px solid #ccc; padding: 8px;\"><strong>Doelgroep<\/strong><\/td>\n<td style=\"border: 1px solid #ccc; padding: 8px;\">Publieke instellingen: Confederatie, kantons, gemeenten, rechtbanken, enz.<\/td>\n<td style=\"border: 1px solid #ccc; padding: 8px;\">Overheden &amp; administraties (gedeeltelijk), maar veel overheden blijven ook SaaS-clouds gebruiken; de regelgeving is soms inconsistent, afhankelijk van het land en de federale staat.<\/td>\n<\/tr>\n<tr>\n<td style=\"border: 1px solid #ccc; padding: 8px;\"><strong>Gegevenstype \/ gevoeligheid<\/strong><\/td>\n<td style=\"border: 1px solid #ccc; padding: 8px;\">Gegevens die speciale bescherming of vertrouwelijkheid vereisen (gezondheidszorg, politie, sociale diensten, offici\u00eble gegevens, enz.<\/td>\n<td style=\"border: 1px solid #ccc; padding: 8px;\">Cloudgebruik ook mogelijk voor gevoelige gegevens - afhankelijk van risicobeoordeling, gegevensbeschermingsmaatregelen en providercontract; vaak compromissen en individueel verschillende behandeling.<\/td>\n<\/tr>\n<tr>\n<td style=\"border: 1px solid #ccc; padding: 8px;\"><strong>End-to-endencryptie\/sleutelsoevereiniteit<\/strong><\/td>\n<td style=\"border: 1px solid #ccc; padding: 8px;\">Alleen aanvaardbaar als de autoriteit zelf de sleutel beheert en de provider technisch is uitgesloten; anders is gebruik niet toegestaan.<\/td>\n<td style=\"border: 1px solid #ccc; padding: 8px;\">Standaardclouds worden gebruikt, zelfs zonder eigen sleutelsoevereiniteit; versleuteling door de provider is meestal voldoende, op voorwaarde dat er gegevensbeschermingscontracten en -vereisten bestaan.<\/td>\n<\/tr>\n<tr>\n<td style=\"border: 1px solid #ccc; padding: 8px;\"><strong>Onderaannemers \/ transparantie van de infrastructuur<\/strong><\/td>\n<td style=\"border: 1px solid #ccc; padding: 8px;\">Ketens van onderaannemers worden als te ondoorzichtig beschouwd - geen geautoriseerd gebruik met kritieke gegevens.<\/td>\n<td style=\"border: 1px solid #ccc; padding: 8px;\">Ketens van onderaannemers worden geaccepteerd - met bewijs van naleving, certificeringen en contractuele voorschriften, maar de transparantie is vaak beperkt.<\/td>\n<\/tr>\n<tr>\n<td style=\"border: 1px solid #ccc; padding: 8px;\"><strong>Contractwijzigingen \/ wettelijke zekerheid<\/strong><\/td>\n<td style=\"border: 1px solid #ccc; padding: 8px;\">Eenzijdige contractwijzigingen door providers zijn een no-go - overheidsverplichtingen mogen niet in gevaar worden gebracht.<\/td>\n<td style=\"border: 1px solid #ccc; padding: 8px;\">Diensten worden gebruikt, zelfs als aanbieders contracten kunnen wijzigen; overheden\/bedrijven nemen risico's - vaak met wettelijke overeenkomsten en controlemechanismen.<\/td>\n<\/tr>\n<tr>\n<td style=\"border: 1px solid #ccc; padding: 8px;\"><strong>Gevaar door Amerikaanse wetgeving (bijv. CLOUD Act)<\/strong><\/td>\n<td style=\"border: 1px solid #ccc; padding: 8px;\">Amerikaanse wetten worden als een onaanvaardbaar risico beschouwd - cloudgebruik verboden voor gevoelige gegevens zolang providers onderworpen kunnen zijn aan Amerikaanse gerechtelijke verplichtingen.<\/td>\n<td style=\"border: 1px solid #ccc; padding: 8px;\">Ondanks de CLOUD Act worden internationale clouds gebruikt; risico's worden vaak aanvaardbaar geacht, onder verwijzing naar beschermingsmechanismen, gegevensgrens of standaard contractbepalingen in de EU.<\/td>\n<\/tr>\n<tr>\n<td style=\"border: 1px solid #ccc; padding: 8px;\"><strong>Aanbevolen alternatieven<\/strong><\/td>\n<td style=\"border: 1px solid #ccc; padding: 8px;\">On-premise, Zwitserse\/Europese providers met sleutelsoevereiniteit, eigen infrastructuur of sterk versleutelde opslagoplossingen.<\/td>\n<td style=\"border: 1px solid #ccc; padding: 8px;\">Hybride cloud, providers met datacenters in Europa, clouddiensten onder voorwaarden; veelvuldig gebruik zolang wordt voldaan aan compliancenormen.<\/td>\n<\/tr>\n<tr>\n<td style=\"border: 1px solid #ccc; padding: 8px;\"><strong>Filosofie \/ houding<\/strong><\/td>\n<td style=\"border: 1px solid #ccc; padding: 8px;\">Voorzorgsprincipe, controle, staatssoevereiniteit en maximale gegevenssoevereiniteit.<\/td>\n<td>Pragmatisme, compromisvaardigheid, risicobeheer en vertrouwen in contractuele\/technische randvoorwaarden.<\/td>\n<\/tr>\n<\/tbody>\n<\/table>\n<\/div>\n<h2>Een blik over de grens: waarom Duitsland nu beter moet kijken<\/h2>\n<p>De Zwitserse resolutie komt op een moment dat Duitse overheden en bedrijven al steeds onzekerder worden over hoe om te gaan met clouddiensten. Aan de ene kant duwt de economie in de richting van de cloud - met de belofte van automatisering, samenwerking en kosteneffici\u00ebntie. Aan de andere kant is de hamvraag: hoeveel controle geven we op?<\/p>\n<p>Dit is precies waar het Zwitserse besluit een signaalwerking heeft. Het houdt Duitsland een spiegel voor en laat zien wat er gebeurt als je tot het einde doordenkt. Dit heeft niet alleen gevolgen voor ministeries en overheden, maar ook voor scholen, advocatenkantoren, dokterspraktijken, KMO's en iedereen die met gevoelige gegevens werkt. De Zwitsers zeggen eigenlijk:<\/p>\n<blockquote><p><em>\u201eWe gebruiken moderne technologie - maar niet ten koste van onze onafhankelijkheid.\u201c<\/em><\/p><\/blockquote>\n<p>Deze zin zou gemakkelijk boven een Duitse digitale strategie kunnen staan. Dat is het nog niet - maar de discussie heeft een nieuwe impuls gekregen door het besluit van Bern.<\/p>\n<h3>De vraag die geen enkel bedrijf kan negeren<\/h3>\n<p>Bedrijven moeten zichzelf tegenwoordig een ogenschijnlijk eenvoudige vraag stellen - een vraag die tien of vijftien jaar geleden nauwelijks gesteld zou zijn:<\/p>\n<blockquote><p><em>\u201eWie heeft toegang tot onze gegevens in geval van twijfel?\u201c<\/em><\/p><\/blockquote>\n<p>Vroeger was het antwoord duidelijk: jezelf. Tegenwoordig is het vaak: \u201eDat hangt ervan af.\u201c<\/p>\n<p>En juist dit \u201ehangt ervan af\u201c is voor veel organisaties een probleem. Zodra gegevens worden opgeslagen in cloudsystemen, is het niet langer alleen het bedrijf dat beslist wie er toegang toe heeft. Het bedrijf beslist:<\/p>\n<ul>\n<li>de aanbieder<\/li>\n<li>haar onderaannemers<\/li>\n<li>zijn contractgegevensverwerker<\/li>\n<li>buitenlandse autoriteiten (in het geval van Amerikaanse providers zelfs zonder Europese toestemming)<\/li>\n<\/ul>\n<p>Als je het nuchter bekijkt, merk je al snel dat er steeds minder duidelijke antwoorden zijn op de vraag naar echte gegevenssoevereiniteit.<br \/>\nEn daarom ziet de Zwitserse lijn er opeens niet meer ouderwets uit - maar uitgesproken modern.<\/p>\n<h3>De middenklasse tussen comfort en controleverlies<\/h3>\n<p>Veel middelgrote bedrijven in Duitsland zitten momenteel gevangen tussen twee polen:<\/p>\n<ul>\n<li><strong>Het gemak van moderne cloudplatforms<\/strong><br \/>\n- Bestanden overal gesynchroniseerd<br \/>\n- Videovergaderen in seconden<br \/>\n- Ge\u00efntegreerde e-mail-, agenda- en communicatiesystemen<\/li>\n<li><strong>Het verlangen naar controle, vertrouwelijkheid en onafhankelijkheid<\/strong><br \/>\n- vooral voor vertrouwelijke gegevens<br \/>\n- strategische handelsgeheimen<br \/>\n- intellectueel eigendom<br \/>\n- Gegevens van klanten of werknemers<\/li>\n<\/ul>\n<p>Het Zwitserse besluit laat een mogelijke richting zien: je kunt technologie gebruiken, maar je hoeft niet blindelings elke trend te volgen. Sommige manieren zijn handig, maar handig is niet altijd veilig.<\/p>\n<hr \/>\n<h3>Huidig onderzoek naar digitalisering in het dagelijks leven<\/h3>\n<div class='bootstrap-yop yop-poll-mc'>\n\t\t\t\t\t\t\t<div class=\"basic-yop-poll-container\" style=\"background-color:#ffffff; border:0px; border-style:solid; border-color:#000000; border-radius:5px; padding:0px 5px;\" data-id=\"2\" data-temp=\"basic-pretty\" data-skin=\"square\" data-cscheme=\"blue\" data-cap=\"0\" data-access=\"guest\" data-tid=\"\" data-uid=\"0aaab68e1c0ea97e4f0cc22ec90f3a18\" data-pid=\"4918\" data-resdet=\"votes-number,percentages\" data-show-results-to=\"guest\" data-show-results-moment=\"after-vote\" data-show-results-only=\"false\" data-show-message=\"true\" data-show-results-as=\"bar\" data-sort-results-by=\"as-defined\" data-sort-results-rule=\"asc\"data-is-ended=\"0\" data-percentages-decimals=\"2\" data-gdpr=\"no\" data-gdpr-sol=\"consent\" data-css=\"\" data-counter=\"0\" data-load-with=\"1\" data-notification-section=\"top\"><div class=\"row\"><div class=\"col-md-12\"><div class=\"basic-inner\"><div class=\"basic-message hide\" style=\"border-left: 10px solid #008000; padding: 0px 10px;\" data-error=\"#ff0000\" data-success=\"#008000\"><p class=\"basic-message-text\" style=\"color:#000000; font-size:14px; font-weight:normal;\"><\/p><\/div><div class=\"basic-overlay hide\"><div class=\"basic-vote-options\"><\/div><div class=\"basic-preloader\"><div class=\"basic-windows8\"><div class=\"basic-wBall basic-wBall_1\"><div class=\"basic-wInnerBall\"><\/div><\/div><div class=\"basic-wBall basic-wBall_2\"><div class=\"basic-wInnerBall\"><\/div><\/div><div class=\"basic-wBall basic-wBall_3\"><div class=\"basic-wInnerBall\"><\/div><\/div><div class=\"basic-wBall basic-wBall_4\"><div class=\"basic-wInnerBall\"><\/div><\/div><div class=\"basic-wBall basic-wBall_5\"><div class=\"basic-wInnerBall\"><\/div><\/div><\/div><\/div><\/div><form class=\"basic-form\" action=\"\"><input type=\"hidden\" name=\"_token\" value=\"070bee58c2\" autocomplete=\"off\"><div class=\"basic-elements\"><div class=\"basic-element basic-question basic-question-text-vertical\" data-id=\"2\" data-uid=\"15f37af6504ae76deffeceaf14682e68\" data-type=\"question\" data-question-type=\"text\" data-required=\"yes\" data-allow-multiple=\"no\" data-min=\"1\" data-max=\"1\" data-display=\"vertical\" data-colnum=\"\" data-display-others=\"no\" data-others-color=\"\" data-others=\"\" data-others-max-chars=\"0\"><div class=\"basic-question-title\"><h5 style=\"color:#000000; font-size:16px; font-weight:normal; text-align:left;\">Hoe beoordeelt u de invloed van digitalisering op uw dagelijks leven?<\/h5><\/div><ul class=\"basic-answers\"><li class=\"basic-answer\" style=\"padding:0px 0px;\" data-id=\"5\" data-type=\"text\" data-vn=\"14\" data-color=\"#000000\" data-make-link=\"no\" data-link=\"\"><div class=\"basic-answer-content basic-text-vertical\"><label for=\"answer[5]\" class=\"basic-answer-label\"><input type=\"radio\" id=\"answer[5]\" name=\"answer[2]\" value=\"5\"><span class=\"basic-text\" style=\"color: #000000; font-size: 14px; font-weight: normal;\">Zeer positief - ik heb er elke dag profijt van<\/span><\/label><\/div><\/li><li class=\"basic-answer\" style=\"padding:0px 0px;\" data-id=\"6\" data-type=\"text\" data-vn=\"13\" data-color=\"#000000\" data-make-link=\"no\" data-link=\"\"><div class=\"basic-answer-content basic-text-vertical\"><label for=\"answer[6]\" class=\"basic-answer-label\"><input type=\"radio\" id=\"answer[6]\" name=\"answer[2]\" value=\"6\"><span class=\"basic-text\" style=\"color: #000000; font-size: 14px; font-weight: normal;\">Eerder positief - sommige dingen zijn gemakkelijker geworden<\/span><\/label><\/div><\/li><li class=\"basic-answer\" style=\"padding:0px 0px;\" data-id=\"7\" data-type=\"text\" data-vn=\"29\" data-color=\"#000000\" data-make-link=\"no\" data-link=\"\"><div class=\"basic-answer-content basic-text-vertical\"><label for=\"answer[7]\" class=\"basic-answer-label\"><input type=\"radio\" id=\"answer[7]\" name=\"answer[2]\" value=\"7\"><span class=\"basic-text\" style=\"color: #000000; font-size: 14px; font-weight: normal;\">Gemengd - Het biedt voordelen, maar ook verlies van controle<\/span><\/label><\/div><\/li><li class=\"basic-answer\" style=\"padding:0px 0px;\" data-id=\"8\" data-type=\"text\" data-vn=\"5\" data-color=\"#000000\" data-make-link=\"no\" data-link=\"\"><div class=\"basic-answer-content basic-text-vertical\"><label for=\"answer[8]\" class=\"basic-answer-label\"><input type=\"radio\" id=\"answer[8]\" name=\"answer[2]\" value=\"8\"><span class=\"basic-text\" style=\"color: #000000; font-size: 14px; font-weight: normal;\">Eerder negatief - ik voel me vaak overweldigd of geobserveerd<\/span><\/label><\/div><\/li><li class=\"basic-answer\" style=\"padding:0px 0px;\" data-id=\"9\" data-type=\"text\" data-vn=\"9\" data-color=\"#000000\" data-make-link=\"no\" data-link=\"\"><div class=\"basic-answer-content basic-text-vertical\"><label for=\"answer[9]\" class=\"basic-answer-label\"><input type=\"radio\" id=\"answer[9]\" name=\"answer[2]\" value=\"9\"><span class=\"basic-text\" style=\"color: #000000; font-size: 14px; font-weight: normal;\">Zeer negatief - ik wijs digitale systemen grotendeels af<\/span><\/label><\/div><\/li><\/ul><\/div><div class=\"clearfix\"><\/div><\/div><div class=\"basic-vote\"><a href=\"#\" class=\"button basic-vote-button\" role=\"button\" style=\"background:#027bb8; border:0px; border-style: solid; border-color:#000000; border-radius:5px; padding:10px 10px; color:#ffffff; font-size:14px; font-weight:normal;\">Stem<\/a><\/div><input type=\"hidden\" name=\"trp-form-language\" value=\"nl\"\/><\/form><\/div><\/div><\/div><\/div>\n\t\t\t\t\t\t<\/div>\n<hr \/>\n<h2>Mijn eigen cloud-moment met HostEurope<\/h2>\n<p>Ik heb deze Zwitserse ontwikkeling op de voet gevolgd, omdat ik me enige tijd geleden in een vergelijkbare situatie bevond. Bij HostEurope moest mijn hele e-mailsysteem vervangen worden - zonder overleg, zonder navraag. <a href=\"https:\/\/www.markus-schall.de\/nl\/2025\/11\/gedwongen-migratie-bij-hosteurope-wanneer-e-mails-plotseling-in-de-cloud-belanden\/\"><strong>eenvoudigweg gemigreerd naar Microsoft 365<\/strong><\/a> worden. Dit zou hebben betekend dat mijn communicatie plotseling zou worden opgeslagen in een internationale cloud, onder omstandigheden waar ik geen controle over heb en met het risico dat buitenlandse autoriteiten toegang krijgen in geval van twijfel.<\/p>\n<p>Voor mij was dat een duidelijk punt waarop ik zei: Stop - niet op deze manier. Ik heb bewust afgezien van HostEurope omdat ik niet wil dat mijn gegevens worden verplaatst naar een systeem waar ik uiteindelijk geen echte controle meer over heb. Dit ene moment deed me weer beseffen hoe snel je verstrikt kunt raken in structuren die je nooit wilde - en hoe belangrijk het is om zelf aan het koord te trekken voordat anderen de controle over je eigen gegevens overnemen.<\/p>\n<h2>Wat de ontwikkeling voor ons allemaal betekent<\/h2>\n<p>Als je de ontwikkelingen van de afgelopen jaren nuchter bekijkt, zou je kunnen denken dat de wereld op volle snelheid afstevent op technologische afhankelijkheid. Alles wordt gecentraliseerd, gestandaardiseerd en verplaatst naar de cloud - vaak zonder echt te kijken naar de gevolgen op de lange termijn.<\/p>\n<p>En nu komt er een klein land in het midden van Europa dat iedereen eraan herinnert dat het mogelijk is om anders te handelen: bedachtzaam, respectvol, zorgvuldig - en met een duidelijk zicht op de eigen verantwoordelijkheid. Deze Zwitserse houding is geen stap terug. Het is een terugkeer naar de oude vraag die velen bijna zijn vergeten in de hectiek van de digitalisering:<\/p>\n<blockquote><p><em>\u201eWie is er verantwoordelijk als er iets gebeurt?\u201c<\/em><\/p><\/blockquote>\n<p>Als het antwoord niet meer duidelijk is, dan is er iets mis.<\/p>\n<h3>Wat dit betekent voor elk individu<\/h3>\n<p>Uiteindelijk heeft deze beslissing niet alleen gevolgen voor overheidsinstanties of grote bedrijven, maar voor iedereen die gegevens produceert, opslaat of uitwisselt.<\/p>\n<ul>\n<li>Je hoeft geen technicus te zijn om te begrijpen dat elke uitbesteding een stuk controle kost.<\/li>\n<li>Je hoeft geen expert op het gebied van gegevensbescherming te zijn om te beseffen dat gevoelige informatie beter af is als je weet waar deze is opgeslagen.<\/li>\n<li>En je hoeft geen jurist te zijn om te beseffen dat buitenlandse wetten problematisch zijn als ze over je eigen gegevens zouden kunnen beslissen.<\/li>\n<\/ul>\n<p>Gezond verstand is genoeg. En dit is precies wat Zwitserland weer op de voorgrond probeert te brengen.<\/p>\n<p>Het besluit van Bern is geen oproep tot vijandigheid tegenover technologie, maar een oproep tot onze eigen normen. Het herinnert ons eraan dat digitalisering niet betekent dat we ons blindelings overleveren aan de grootste aanbieders - het betekent dat we ons afvragen hoeveel verantwoordelijkheid we uit handen geven. Over het onderwerp <a href=\"https:\/\/www.markus-schall.de\/nl\/2025\/10\/digitale-afhankelijkheid-hoe-we-onze-zelfbeschikking-verloren-aan-de-cloud\/\"><strong>Cloud en gegevenssoevereiniteit<\/strong><\/a> Ik heb hier in het verleden al eens een artikel over geschreven.<\/p>\n<p>Ondernemers die voorstander zijn van <a href=\"https:\/\/www.markus-schall.de\/nl\/2025\/09\/gfm-business-en-de-toekomst-van-erp-lokale-intelligentie-in-plaats-van-cloudafhankelijkheid\/\"><strong>ERP-software zonder de cloud<\/strong><\/a> vindt nuttige informatie in dit aparte artikel.<\/p>\n<p>In zekere zin laat Zwitserland ons iets zien dat we allemaal al lang weten, maar vaak onderdrukken: Soevereiniteit begint niet met technologie - het begint met houding. Met de manier waarop je beslissingen neemt. Met de bereidheid om dingen kritisch te bekijken.<\/p>\n<p>En met de moed om een andere weg in te slaan als dat nodig is, als dat verstandiger is.<\/p>\n<hr \/>\n\n\t\t\t<div class=\"display-post-types\">\n\n\t\t\t\t\t\t\t<style type=\"text\/css\">\n\t\t\t#dpt-wrapper-884 { --dpt-text-align: left;--dpt-image-crop: center;--dpt-border-radius: 5px;--dpt-small-grid-column: 33.33%;--dpt-large-grid-column: 33.3333333333%;--dpt-h-gutter: 10px;--dpt-v-gutter: 10px; }\t\t\t<\/style>\n\t\t\t<style type=\"text\/css\">#dpt-wrapper-884 { --dpt-title-font-style:normal;--dpt-title-font-weight:600;--dpt-title-line-height:1.5;--dpt-title-text-decoration:none;--dpt-title-text-transform:none;--dpt-excerpt-font-style:normal;--dpt-excerpt-font-weight:400;--dpt-excerpt-line-height:1.5;--dpt-excerpt-text-decoration:none;--dpt-excerpt-text-transform:none;--dpt-meta1-font-style:normal;--dpt-meta1-font-weight:400;--dpt-meta1-line-height:1.9;--dpt-meta1-text-decoration:none;--dpt-meta1-text-transform:none;--dpt-meta2-font-style:normal;--dpt-meta2-font-weight:400;--dpt-meta2-line-height:1.9;--dpt-meta2-text-decoration:none;--dpt-meta2-text-transform:none; }<\/style><div class=\"dpt-main-header\">\n\t\t\t\t\t\t<div class=\"dpt-main-title\">\n\t\t\t\t\t\t\t<span class=\"dpt-main-title-text\">Huidige artikelen over EU-wetten<\/span>\n\t\t\t\t\t\t<\/div>\n\t\t\t\t\t\t\n\t\t\t\t\t\t\n\t\t\t\t\t\t\n\t\t\t\t\t\t<\/div>\t\t\t\n\t\t\t\t<div id=\"dpt-wrapper-884\" class=\"dpt-wrapper dpt-grid1 multi-col dpt-mason-wrap\" >\n\n\t\t\t\t\t\t\t\t\t\t\t<div class=\"dpt-entry has-thumbnail\" data-title=\"russland, nato und die angst vor dem krieg: was sich belegen l\u00e4sst \u2013 und was nicht\" data-id=\"4801\"  data-category=\"allgemein gesellschaft\" data-post_tag=\"deutschland energiepolitik eu-gesetze europa geopolitik krisen meinungsfreiheit sicherheitspolitik\">\n\t\t\t\t\t\t\t<div class=\"dpt-entry-wrapper\"><div class=\"dpt-featured-content\"><div class=\"dpt-permalink\"><a href=\"https:\/\/www.markus-schall.de\/nl\/2026\/02\/rusland-nato-en-de-angst-voor-oorlog-wat-wel-en-niet-bewezen-kan-worden\/\" class=\"dpt-permalink\"><span class=\"screen-reader-text\">Rusland, de NAVO en de angst voor oorlog: wat kan worden bewezen - en wat niet<\/span><\/a><\/div><div class=\"dpt-thumbnail\"><div class=\"dpt-thumbnail-inner\"><img width=\"1024\" height=\"683\" class=\"attachment-full size-full\" alt=\"NAVO, Rusland en de angst voor oorlog\" context=\"dpt\" data-dpt-src=\"https:\/\/www.markus-schall.de\/wp-content\/uploads\/NATO-Russland.jpg\" data-dpt-sizes=\"(max-width: 1024px) 100vw, 1024px\" data-dpt-srcset=\"https:\/\/www.markus-schall.de\/wp-content\/uploads\/NATO-Russland.jpg 1024w, https:\/\/www.markus-schall.de\/wp-content\/uploads\/NATO-Russland-300x200.jpg 300w, https:\/\/www.markus-schall.de\/wp-content\/uploads\/NATO-Russland-768x512.jpg 768w, https:\/\/www.markus-schall.de\/wp-content\/uploads\/NATO-Russland-18x12.jpg 18w\" \/><\/div><span class=\"dpt-thumbnail-aspect-ratio\" style=\"padding-top: 67%\"><\/span><\/div><\/div><div class=\"sub-entry\"><h3 class=\"dpt-title\"><a class=\"dpt-title-link\" href=\"https:\/\/www.markus-schall.de\/nl\/2026\/02\/rusland-nato-en-de-angst-voor-oorlog-wat-wel-en-niet-bewezen-kan-worden\/\" rel=\"bookmark\">Rusland, de NAVO en de angst voor oorlog: wat kan worden bewezen - en wat niet<\/a><\/h3><\/div><\/div>\n\t\t\t\t\t\t<\/div><!-- .dpt-entry -->\n\t\t\t\t\t\t\t\t\t\t\t\t<div class=\"dpt-entry has-thumbnail\" data-title=\"das 28. regime der eu: der stille umbau des europ\u00e4ischen wirtschaftsraums?\" data-id=\"3747\"  data-category=\"allgemein gesellschaft\" data-post_tag=\"auswandern eu-gesetze europa geopolitik\">\n\t\t\t\t\t\t\t<div class=\"dpt-entry-wrapper\"><div class=\"dpt-featured-content\"><div class=\"dpt-permalink\"><a href=\"https:\/\/www.markus-schall.de\/nl\/2025\/12\/de-28-regeling-van-de-eu-de-stille-reorganisatie-van-de-europese-economische-ruimte\/\" class=\"dpt-permalink\"><span class=\"screen-reader-text\">De 28e regeling van de EU: de stille reorganisatie van de Europese Economische Ruimte?<\/span><\/a><\/div><div class=\"dpt-thumbnail\"><div class=\"dpt-thumbnail-inner\"><img width=\"1024\" height=\"683\" class=\"attachment-full size-full\" alt=\"28e EU-regeling\" context=\"dpt\" data-dpt-src=\"https:\/\/www.markus-schall.de\/wp-content\/uploads\/EU-28-Regime.jpg\" data-dpt-sizes=\"(max-width: 1024px) 100vw, 1024px\" data-dpt-srcset=\"https:\/\/www.markus-schall.de\/wp-content\/uploads\/EU-28-Regime.jpg 1024w, https:\/\/www.markus-schall.de\/wp-content\/uploads\/EU-28-Regime-300x200.jpg 300w, https:\/\/www.markus-schall.de\/wp-content\/uploads\/EU-28-Regime-768x512.jpg 768w, https:\/\/www.markus-schall.de\/wp-content\/uploads\/EU-28-Regime-18x12.jpg 18w\" \/><\/div><span class=\"dpt-thumbnail-aspect-ratio\" style=\"padding-top: 67%\"><\/span><\/div><\/div><div class=\"sub-entry\"><h3 class=\"dpt-title\"><a class=\"dpt-title-link\" href=\"https:\/\/www.markus-schall.de\/nl\/2025\/12\/de-28-regeling-van-de-eu-de-stille-reorganisatie-van-de-europese-economische-ruimte\/\" rel=\"bookmark\">De 28e regeling van de EU: de stille reorganisatie van de Europese Economische Ruimte?<\/a><\/h3><\/div><\/div>\n\t\t\t\t\t\t<\/div><!-- .dpt-entry -->\n\t\t\t\t\t\t\t\t\t\t\t\t<div class=\"dpt-entry has-thumbnail\" data-title=\"die digitale id der eu: verkn\u00fcpfung, kontrolle und risiken im alltag\" data-id=\"3486\"  data-category=\"allgemein gesellschaft tipps &amp; anleitungen\" data-post_tag=\"datenschutz eu-gesetze europa prozesse ratgeber\">\n\t\t\t\t\t\t\t<div class=\"dpt-entry-wrapper\"><div class=\"dpt-featured-content\"><div class=\"dpt-permalink\"><a href=\"https:\/\/www.markus-schall.de\/nl\/2025\/11\/de-digitale-id-van-de-eu-controle-en-risicos-in-het-dagelijks-leven-met-elkaar-verbinden\/\" class=\"dpt-permalink\"><span class=\"screen-reader-text\">De digitale identiteit van de EU: koppeling, controle en risico's in het dagelijks leven<\/span><\/a><\/div><div class=\"dpt-thumbnail\"><div class=\"dpt-thumbnail-inner\"><img width=\"1024\" height=\"683\" class=\"attachment-full size-full\" alt=\"Digitaal ID van de EU\" context=\"dpt\" data-dpt-src=\"https:\/\/www.markus-schall.de\/wp-content\/uploads\/Digitale-ID-der-EU.jpg\" data-dpt-sizes=\"(max-width: 1024px) 100vw, 1024px\" data-dpt-srcset=\"https:\/\/www.markus-schall.de\/wp-content\/uploads\/Digitale-ID-der-EU.jpg 1024w, https:\/\/www.markus-schall.de\/wp-content\/uploads\/Digitale-ID-der-EU-300x200.jpg 300w, https:\/\/www.markus-schall.de\/wp-content\/uploads\/Digitale-ID-der-EU-768x512.jpg 768w, https:\/\/www.markus-schall.de\/wp-content\/uploads\/Digitale-ID-der-EU-18x12.jpg 18w\" \/><\/div><span class=\"dpt-thumbnail-aspect-ratio\" style=\"padding-top: 67%\"><\/span><\/div><\/div><div class=\"sub-entry\"><h3 class=\"dpt-title\"><a class=\"dpt-title-link\" href=\"https:\/\/www.markus-schall.de\/nl\/2025\/11\/de-digitale-id-van-de-eu-controle-en-risicos-in-het-dagelijks-leven-met-elkaar-verbinden\/\" rel=\"bookmark\">De digitale identiteit van de EU: koppeling, controle en risico's in het dagelijks leven<\/a><\/h3><\/div><\/div>\n\t\t\t\t\t\t<\/div><!-- .dpt-entry -->\n\t\t\t\t\t\t\t\t\t\t\t\t<div class=\"dpt-entry has-thumbnail\" data-title=\"klimaschutz mit tunnelblick \u2013 elektromobilit\u00e4t, lobbyarbeit und die verdr\u00e4ngten kosten\" data-id=\"4729\"  data-category=\"allgemein gesellschaft\" data-post_tag=\"deutschland energiepolitik erfahrungen eu-gesetze europa\">\n\t\t\t\t\t\t\t<div class=\"dpt-entry-wrapper\"><div class=\"dpt-featured-content\"><div class=\"dpt-permalink\"><a href=\"https:\/\/www.markus-schall.de\/nl\/2026\/02\/klimaatbescherming-met-tunnelvisie-lobbyen-voor-elektromobiliteit-en-de-verborgen-kosten\/\" class=\"dpt-permalink\"><span class=\"screen-reader-text\">Klimaatbescherming met tunnelvisie - elektromobiliteit, lobbyen en de onderdrukte kosten<\/span><\/a><\/div><div class=\"dpt-thumbnail\"><div class=\"dpt-thumbnail-inner\"><img width=\"1024\" height=\"683\" class=\"attachment-full size-full\" alt=\"Elektromobiliteit zonder ideologie\" context=\"dpt\" data-dpt-src=\"https:\/\/www.markus-schall.de\/wp-content\/uploads\/Elektromobilitaet-ohne-Ideologie.jpg\" data-dpt-sizes=\"(max-width: 1024px) 100vw, 1024px\" data-dpt-srcset=\"https:\/\/www.markus-schall.de\/wp-content\/uploads\/Elektromobilitaet-ohne-Ideologie.jpg 1024w, https:\/\/www.markus-schall.de\/wp-content\/uploads\/Elektromobilitaet-ohne-Ideologie-300x200.jpg 300w, https:\/\/www.markus-schall.de\/wp-content\/uploads\/Elektromobilitaet-ohne-Ideologie-768x512.jpg 768w, https:\/\/www.markus-schall.de\/wp-content\/uploads\/Elektromobilitaet-ohne-Ideologie-18x12.jpg 18w\" \/><\/div><span class=\"dpt-thumbnail-aspect-ratio\" style=\"padding-top: 67%\"><\/span><\/div><\/div><div class=\"sub-entry\"><h3 class=\"dpt-title\"><a class=\"dpt-title-link\" href=\"https:\/\/www.markus-schall.de\/nl\/2026\/02\/klimaatbescherming-met-tunnelvisie-lobbyen-voor-elektromobiliteit-en-de-verborgen-kosten\/\" rel=\"bookmark\">Klimaatbescherming met tunnelvisie - elektromobiliteit, lobbyen en de onderdrukte kosten<\/a><\/h3><\/div><\/div>\n\t\t\t\t\t\t<\/div><!-- .dpt-entry -->\n\t\t\t\t\t\t\t\t\t\t\t\t<div class=\"dpt-entry has-thumbnail\" data-title=\"hohe energiepreise in deutschland verstehen: gas, strom und benzin einfach erkl\u00e4rt\" data-id=\"4103\"  data-category=\"allgemein featured gesellschaft tipps &amp; anleitungen\" data-post_tag=\"deutschland energiepolitik eu-gesetze europa krisen ratgeber\">\n\t\t\t\t\t\t\t<div class=\"dpt-entry-wrapper\"><div class=\"dpt-featured-content\"><div class=\"dpt-permalink\"><a href=\"https:\/\/www.markus-schall.de\/nl\/2025\/12\/de-hoge-energieprijzen-in-duitsland-begrijpen-gas-elektriciteit-en-benzine-eenvoudig-uitgelegd\/\" class=\"dpt-permalink\"><span class=\"screen-reader-text\">De hoge energieprijzen in Duitsland begrijpen: Gas, elektriciteit en benzine eenvoudig uitgelegd<\/span><\/a><\/div><div class=\"dpt-thumbnail\"><div class=\"dpt-thumbnail-inner\"><img width=\"1024\" height=\"683\" class=\"attachment-full size-full\" alt=\"Energieprijzen in Duitsland\" context=\"dpt\" data-dpt-src=\"https:\/\/www.markus-schall.de\/wp-content\/uploads\/energiepreise-deutschland.jpg\" data-dpt-sizes=\"(max-width: 1024px) 100vw, 1024px\" data-dpt-srcset=\"https:\/\/www.markus-schall.de\/wp-content\/uploads\/energiepreise-deutschland.jpg 1024w, https:\/\/www.markus-schall.de\/wp-content\/uploads\/energiepreise-deutschland-300x200.jpg 300w, https:\/\/www.markus-schall.de\/wp-content\/uploads\/energiepreise-deutschland-768x512.jpg 768w, https:\/\/www.markus-schall.de\/wp-content\/uploads\/energiepreise-deutschland-18x12.jpg 18w\" \/><\/div><span class=\"dpt-thumbnail-aspect-ratio\" style=\"padding-top: 67%\"><\/span><\/div><\/div><div class=\"sub-entry\"><h3 class=\"dpt-title\"><a class=\"dpt-title-link\" href=\"https:\/\/www.markus-schall.de\/nl\/2025\/12\/de-hoge-energieprijzen-in-duitsland-begrijpen-gas-elektriciteit-en-benzine-eenvoudig-uitgelegd\/\" rel=\"bookmark\">De hoge energieprijzen in Duitsland begrijpen: Gas, elektriciteit en benzine eenvoudig uitgelegd<\/a><\/h3><\/div><\/div>\n\t\t\t\t\t\t<\/div><!-- .dpt-entry -->\n\t\t\t\t\t\t\t\t\t\t\t\t<div class=\"dpt-entry has-thumbnail\" data-title=\"digitales geld verstehen: bitcoin, stablecoins und cbdcs einfach erkl\u00e4rt\" data-id=\"4211\"  data-category=\"allgemein gesellschaft\" data-post_tag=\"datenschutz digitales eigentum eu-gesetze europa geopolitik spieltheorie\">\n\t\t\t\t\t\t\t<div class=\"dpt-entry-wrapper\"><div class=\"dpt-featured-content\"><div class=\"dpt-permalink\"><a href=\"https:\/\/www.markus-schall.de\/nl\/2026\/01\/digitaal-geld-begrijpen-bitcoin-stablecoins-en-cbdcs-eenvoudig-uitgelegd\/\" class=\"dpt-permalink\"><span class=\"screen-reader-text\">Digitaal geld begrijpen: Bitcoin, stablecoins en CBDC's eenvoudig uitgelegd<\/span><\/a><\/div><div class=\"dpt-thumbnail\"><div class=\"dpt-thumbnail-inner\"><img width=\"1024\" height=\"558\" class=\"attachment-full size-full\" alt=\"CBDC&#039;s, cryptocurrencies en stablecoins\" context=\"dpt\" data-dpt-src=\"https:\/\/www.markus-schall.de\/wp-content\/uploads\/cbcd-kryptos-coins-tokens.jpg\" data-dpt-sizes=\"(max-width: 1024px) 100vw, 1024px\" data-dpt-srcset=\"https:\/\/www.markus-schall.de\/wp-content\/uploads\/cbcd-kryptos-coins-tokens.jpg 1024w, https:\/\/www.markus-schall.de\/wp-content\/uploads\/cbcd-kryptos-coins-tokens-300x163.jpg 300w, https:\/\/www.markus-schall.de\/wp-content\/uploads\/cbcd-kryptos-coins-tokens-768x419.jpg 768w, https:\/\/www.markus-schall.de\/wp-content\/uploads\/cbcd-kryptos-coins-tokens-18x10.jpg 18w\" \/><\/div><span class=\"dpt-thumbnail-aspect-ratio\" style=\"padding-top: 54%\"><\/span><\/div><\/div><div class=\"sub-entry\"><h3 class=\"dpt-title\"><a class=\"dpt-title-link\" href=\"https:\/\/www.markus-schall.de\/nl\/2026\/01\/digitaal-geld-begrijpen-bitcoin-stablecoins-en-cbdcs-eenvoudig-uitgelegd\/\" rel=\"bookmark\">Digitaal geld begrijpen: Bitcoin, stablecoins en CBDC's eenvoudig uitgelegd<\/a><\/h3><\/div><\/div>\n\t\t\t\t\t\t<\/div><!-- .dpt-entry -->\n\t\t\t\t\t\t\n\t\t\t\t<\/div>\n\t\t\t\t\t\t<\/div>\n\t\t\t\n<hr \/>\n<h2>Veelgestelde vragen<\/h2>\n<ol>\n<li><strong>Waarom heeft Zwitserland zo'n strenge houding aangenomen ten opzichte van internationale clouddiensten zoals Microsoft 365?<\/strong><br \/>\nZwitserland volgt een duidelijk principe: staatsgegevens moeten zodanig worden beschermd dat niemand anders dan de bevoegde autoriteit er toegang toe heeft. Internationale cloudaanbieders kunnen technisch en juridisch nooit volledig uitsluiten dat gegevens in noodgevallen voor hen toegankelijk zijn - of dat nu is om onderhoudsredenen, door beheerdersrechten of door overheidsverzoeken vanuit hun thuisland. Dit is een onaanvaardbaar risico voor bijzonder gevoelige gegevens, zoals gegevens die worden verwerkt in de administratie, justitie, politie of gezondheidszorg. De Zwitserse gegevensbeschermingsautoriteiten trekken daarom de logische conclusie en beperken het gebruik van clouds streng zolang er geen echte end-to-end encryptie is onder de exclusieve sleutelsoevereiniteit van de autoriteit.<\/li>\n<li><strong>Geldt deze beslissing voor alle gegevens of alleen voor bepaalde categorie\u00ebn?<\/strong><br \/>\nDe resolutie is vooral gericht op gegevens die bijzonder gevoelig of vertrouwelijk zijn, zoals gezondheidsgegevens, sociale dossiers, onderzoeksinformatie en interne communicatie met autoriteiten. Zwitserland vereist de hoogste beveiligingsnormen voor deze categorie\u00ebn, waaraan internationale SaaS-platforms momenteel niet voldoen. Minder gevoelige gegevens kunnen nog steeds worden uitbesteed, maar alleen na een zorgvuldige risicobeoordeling en in overeenstemming met bepaalde beschermende maatregelen.<\/li>\n<li><strong>Worden bedrijven in Zwitserland ook be\u00efnvloed?<\/strong><br \/>\nFormeel is de resolutie uitsluitend gericht op overheidsinstanties. In de praktijk zal het echter ook gevolgen hebben voor bedrijven, vooral bedrijven die gevoelige of wettelijk beschermde gegevens verwerken - bijvoorbeeld ziekenhuizen, verzekeringsmaatschappijen, banken of onderwijsinstellingen. Als overheidsinstanties bepaalde diensten niet langer mogen gebruiken, zal het voor particuliere organisaties moeilijker worden om dezelfde diensten als \u201evolledig onproblematisch\u201c te classificeren.<\/li>\n<li><strong>Wat is het grootste technische probleem met Microsoft 365 vanuit Zwitsers perspectief?<\/strong><br \/>\nHet centrale probleem is het ontbreken van echte end-to-end encryptie. Microsoft 365 vereist toegang tot de inhoud om functies zoals zoeken, indexeren, teamchats, kalenders, anti-spam of AI-functies mogelijk te maken. Dit betekent dat servers en beheerders technisch gezien altijd de platte tekst kunnen zien. Zelfs als Microsoft benadrukt dat het dit niet doet, blijft de mogelijkheid bestaan - en het is precies deze theoretische mogelijkheid die een risico vormt voor de Zwitserse autoriteiten.<\/li>\n<li><strong>Welke rol speelt de Amerikaanse CLOUD Act in de beslissing?<\/strong><br \/>\nDe CLOUD Act verplicht Amerikaanse bedrijven om gegevens te overhandigen op verzoek van Amerikaanse autoriteiten - zelfs als deze gegevens in het buitenland zijn opgeslagen. Voor Zwitserland betekent dit dat zelfs als Microsoft gebruik maakt van Europese of Zwitserse datacenters, gegevens mogelijk toegankelijk moeten worden gemaakt voor Amerikaanse autoriteiten. Deze mogelijke toegang is in strijd met de Zwitserse opvatting over soevereiniteit en offici\u00eble geheimhouding. De CLOUD Act wordt daarom genoemd als een serieus tegenargument.<\/li>\n<li><strong>Waarom zijn verdragen of \u201eEU-gegevensgrenzen\u201c niet genoeg voor Zwitserland?<\/strong><br \/>\nContracten en technische beschermingsmaatregelen zijn waardevolle instrumenten, maar ze veranderen de juridische realiteit niet. Als een bedrijf in de VS verplicht is om gegevens te overhandigen, dan is daar geen contract over. Bovendien kunnen grote cloudproviders hun voorwaarden op elk moment wijzigen. Zwitserse deskundigen op het gebied van gegevensbescherming zeggen daarom dat rechtszekerheid niet voortkomt uit beloften, maar uit daadwerkelijke controle over de gegevens - en deze controle is niet volledig gegeven in SaaS-clouds.<\/li>\n<li><strong>Wat betekent de resolutie concreet voor de autoriteiten?<\/strong><br \/>\nIn de toekomst zullen overheden moeten bewijzen dat ze gevoelige gegevens niet op zo'n manier uitbesteden dat een cloud provider er toegang toe zou kunnen krijgen. In de praktijk betekent dit dat Microsoft 365 en andere internationale SaaS-platforms niet langer gebruikt mogen worden voor dergelijke gegevens. Overheden moeten ofwel vertrouwen op lokale oplossingen, overstappen naar Zwitserse providers of hun eigen encryptiemechanismen gebruiken waarbij de provider geen enkele toegang heeft.<\/li>\n<li><strong>Kunnen overheden clouddiensten blijven gebruiken als ze hun eigen encryptie gebruiken?<\/strong><br \/>\nJa, maar alleen als de autoriteit de volledige controle over de sleutels behoudt en de provider technisch is uitgesloten. Het probleem: veel clouddiensten werken helemaal niet meer als de inhoud wordt versleuteld voordat deze wordt verwerkt. In de praktijk zou Microsoft 365 daarom alleen bruikbaar zijn als pure oplossing voor gegevensopslag - zonder samenwerkingstools, e-mailsysteem, agenda, Teams of geautomatiseerde Office-functies.<\/li>\n<li><strong>Waarin verschilt het Zwitserse standpunt van de huidige lijn van de EU?<\/strong><br \/>\nDe EU probeert het gebruik van Microsoft 365 in overeenstemming te brengen met de regelgeving voor gegevensbescherming door middel van overeenkomsten, audits en contractuele garanties. Het doel is om de voordelen van de cloud te benutten zonder ze fundamenteel in twijfel te trekken. Zwitserland daarentegen is voorstander van het voorzorgsprincipe en trekt een duidelijke lijn: zonder volledige controle over de gegevens is gebruik niet toegestaan. Dit cre\u00ebert een contrast tussen Europees pragmatisme en Zwitserse consistentie.<\/li>\n<li><strong>Hoe reageren de Duitse autoriteiten op deze ontwikkeling?<\/strong><br \/>\nVeel Duitse staatsorganisaties voor gegevensbescherming houden het Zwitserse besluit nauwlettend in de gaten. Sommigen hebben zelf al kritiek geuit op Microsoft 365 - bijvoorbeeld op scholen, waar trackingmechanismen en onduidelijke gegevensstromen zijn bekritiseerd. Het Zwitserse besluit kan dienen als een argumentatiebooster: Als een land met hoge standaarden het gebruik beperkt, wordt het moeilijker voor Duitse autoriteiten om een liberaler standpunt in te nemen zonder dat goed te kunnen rechtvaardigen.<\/li>\n<li><strong>Waarom speelt transparantie zo'n belangrijke rol voor onderaannemers?<\/strong><br \/>\nGrote cloudproviders maken gebruik van wereldwijde netwerken van partners en onderaannemers voor ondersteuning, onderhoud en technische diensten. Het is voor een overheidsinstantie bijna onmogelijk om te begrijpen welke bedrijven wanneer toegang hebben. Juist dit gebrek aan transparantie maakt het onmogelijk om risico's goed in te schatten. Zwitserland ziet dit als een fundamenteel probleem: een overheidsinstantie moet weten wie toegang kan krijgen tot haar gegevens - en dit is vrijwel onmogelijk in complexe cloudstructuren.<\/li>\n<li><strong>Hoe be\u00efnvloedt de beslissing het debat over digitale soevereiniteit in Europa?<\/strong><br \/>\nDe Zwitserse houding werkt als een katalysator. Veel EU-landen praten al jaren over digitale soevereiniteit, maar vertrouwen vaak op dezelfde wereldwijde providers. Zwitserland laat nu zien dat een staat ook consequent anders kan handelen. Dit besluit zal het Europese debat nieuw leven inblazen - vooral op het gebied van justitie, overheid en gezondheidsgegevens, waar een strikte lijn bijzonder verstandig zou kunnen lijken.<\/li>\n<li><strong>Wat kunnen bedrijven leren van deze ontwikkeling?<\/strong><br \/>\nBedrijven moeten zich realiseren dat het uitbesteden van gegevens altijd een verlies van controle betekent. Het Zwitserse besluit herinnert eraan dat het belangrijk is om zorgvuldig te onderzoeken welke gegevens waar naartoe worden overgebracht. Bedrijven moeten overwegen of sommige kritieke gebieden niet beter lokaal of in soevereine infrastructuren kunnen worden ondergebracht - zelfs als de cloud op het eerste gezicht handiger lijkt.<\/li>\n<li><strong>Is het Zwitserse besluit een stap terug naar het verleden?<\/strong><br \/>\nNee - het is eerder een terugkeer naar fundamentele principes die soms verloren gaan in de digitalisering: Verantwoordelijkheid, controle, traceerbaarheid. Zwitserland gebruikt moderne technologie\u00ebn, maar accepteert niet dat het daarbij de soevereiniteit over zijn meest gevoelige gegevens verliest. Deze houding lijkt ouderwets, maar is in feite toekomstgericht.<\/li>\n<li><strong>Welke alternatieven hebben overheden of bedrijven als ze clouddiensten willen vermijden?<\/strong><br \/>\nEr zijn verschillende opties: lokale servers, Zwitserse of Europese providers met strenge gegevenssoevereiniteit, hybride modellen met eigen encryptie of een volledig eigen infrastructuur. Deze opties zijn niet zo handig als klikken op \u201eAbonneren op Microsoft 365\u201c, maar ze versterken de controle - en zijn volledig toereikend voor veel gevoelige toepassingen.<\/li>\n<li><strong>Welke rol speelt uw eigen HostEurope-incident in deze context?<\/strong><br \/>\nHet incident is een typisch voorbeeld van hoe snel je verstrikt kunt raken in structuren die je niet wilde. Als een provider je e-mails wil migreren naar Microsoft 365 zonder je te raadplegen, verlies je tegelijkertijd een deel van je soevereiniteit - en helemaal ongevraagd. Je beslissing om je meteen terug te trekken was uiteindelijk een stap in dezelfde richting die Zwitserland nu officieel heeft genomen: Controle in plaats van gemak. Juist daarom is dit verhaal een goed voorbeeld van de praktische relevantie van het Zwitserse standpunt.<\/li>\n<li><strong>Wat betekent dit alles voor particulieren die niet in de publieke sector werken?<\/strong><br \/>\nParticulieren zouden zich ook meer bewust moeten zijn van waar hun gegevens worden opgeslagen. Veel mensen maken tegenwoordig automatisch gebruik van internationale platforms zonder na te denken over hoe ver deze bedrijven in hun digitale leven kunnen kijken. Het Zwitserse besluit herinnert je eraan dat je je eigen gegevens niet zomaar als een bijzaak moet beschouwen - want veiligheid begint altijd met de persoonlijke beslissing wie je vertrouwt.<\/li>\n<li><strong>Hoe zou de situatie zich de komende jaren kunnen ontwikkelen?<\/strong><br \/>\nHet is goed mogelijk dat Zwitserland met deze resolutie een trend zet die later in de EU zal worden overgenomen. De discussie over soevereiniteit wordt sterker, niet zwakker. Staten en bedrijven zullen zich steeds meer realiseren dat de cloud geen natuurwet is, maar een keuze. En zoals elke keuze kan deze worden heroverwogen - vooral als de risico's op een gegeven moment groter lijken dan het gemak.<\/li>\n<\/ol>\n<hr \/>\n\n\t\t\t<div class=\"display-post-types\">\n\n\t\t\t\t\t\t\t<style type=\"text\/css\">\n\t\t\t#dpt-wrapper-885 { --dpt-text-align: left;--dpt-image-crop: center;--dpt-border-radius: 5px;--dpt-h-gutter: 10px;--dpt-v-gutter: 9px; }\t\t\t<\/style>\n\t\t\t<style type=\"text\/css\">#dpt-wrapper-885 { --dpt-title-font-style:normal;--dpt-title-font-weight:600;--dpt-title-line-height:1.5;--dpt-title-text-decoration:none;--dpt-title-text-transform:none;--dpt-excerpt-font-style:normal;--dpt-excerpt-font-weight:400;--dpt-excerpt-line-height:1.5;--dpt-excerpt-text-decoration:none;--dpt-excerpt-text-transform:none;--dpt-meta1-font-style:normal;--dpt-meta1-font-weight:400;--dpt-meta1-line-height:1.9;--dpt-meta1-text-decoration:none;--dpt-meta1-text-transform:none;--dpt-meta2-font-style:normal;--dpt-meta2-font-weight:400;--dpt-meta2-line-height:1.9;--dpt-meta2-text-decoration:none;--dpt-meta2-text-transform:none; }<\/style><div class=\"dpt-main-header\">\n\t\t\t\t\t\t<div class=\"dpt-main-title\">\n\t\t\t\t\t\t\t<span class=\"dpt-main-title-text\">Huidige artikelen over kunst &amp; cultuur<\/span>\n\t\t\t\t\t\t<\/div>\n\t\t\t\t\t\t\n\t\t\t\t\t\t\n\t\t\t\t\t\t\n\t\t\t\t\t\t<\/div>\t\t\t\n\t\t\t\t<div id=\"dpt-wrapper-885\" class=\"dpt-wrapper dpt-mag1 land1 dpt-cropped dpt-flex-wrap\" >\n\n\t\t\t\t\t\t\t\t\t\t\t<div class=\"dpt-entry has-thumbnail\" data-title=\"johann sebastian bach \u2013 ordnung, haltung und das fundament unserer musik\" data-id=\"5033\"  data-category=\"allgemein gesellschaft kunst &amp; kultur\" data-post_tag=\"deutschland musik portrait\">\n\t\t\t\t\t\t\t<div class=\"dpt-entry-wrapper\"><div class=\"dpt-featured-content\"><div class=\"dpt-permalink\"><a href=\"https:\/\/www.markus-schall.de\/nl\/2026\/02\/johann-sebastian-bach-orde-houding-en-het-fundament-van-onze-muziek\/\" class=\"dpt-permalink\"><span class=\"screen-reader-text\">Johann Sebastian Bach - orde, houding en het fundament van onze muziek<\/span><\/a><\/div><div class=\"dpt-thumbnail\"><div class=\"dpt-thumbnail-inner\"><img width=\"1024\" height=\"683\" class=\"attachment-full size-full\" alt=\"Johann Sebastian Bach Portret\" context=\"dpt\" data-dpt-src=\"https:\/\/www.markus-schall.de\/wp-content\/uploads\/Johann-Sebastian-Bach-Portrait.jpg\" data-dpt-sizes=\"(max-width: 1024px) 100vw, 1024px\" data-dpt-srcset=\"https:\/\/www.markus-schall.de\/wp-content\/uploads\/Johann-Sebastian-Bach-Portrait.jpg 1024w, https:\/\/www.markus-schall.de\/wp-content\/uploads\/Johann-Sebastian-Bach-Portrait-300x200.jpg 300w, https:\/\/www.markus-schall.de\/wp-content\/uploads\/Johann-Sebastian-Bach-Portrait-768x512.jpg 768w, https:\/\/www.markus-schall.de\/wp-content\/uploads\/Johann-Sebastian-Bach-Portrait-18x12.jpg 18w\" \/><\/div><span class=\"dpt-thumbnail-aspect-ratio\" style=\"padding-top: 75%\"><\/span><\/div><\/div><div class=\"sub-entry\"><h3 class=\"dpt-title\"><a class=\"dpt-title-link\" href=\"https:\/\/www.markus-schall.de\/nl\/2026\/02\/johann-sebastian-bach-orde-houding-en-het-fundament-van-onze-muziek\/\" rel=\"bookmark\">Johann Sebastian Bach - orde, houding en het fundament van onze muziek<\/a><\/h3><\/div><\/div>\n\t\t\t\t\t\t<\/div><!-- .dpt-entry -->\n\t\t\t\t\t\t\t\t\t\t\t\t<div class=\"dpt-entry has-thumbnail\" data-title=\"beruf, weltbild, zukunft: entscheidungen im schatten des umbruchs\" data-id=\"3197\"  data-category=\"allgemein gesellschaft kunst &amp; kultur tipps &amp; anleitungen\" data-post_tag=\"erfahrungen krisen pers\u00f6nlichkeitsentwicklung ratgeber\">\n\t\t\t\t\t\t\t<div class=\"dpt-entry-wrapper\"><div class=\"dpt-featured-content\"><div class=\"dpt-permalink\"><a href=\"https:\/\/www.markus-schall.de\/nl\/2025\/10\/carriere-wereldbeeld-toekomstige-beslissingen-in-de-schaduw-van-de-omwenteling\/\" class=\"dpt-permalink\"><span class=\"screen-reader-text\">Carri\u00e8re, wereldbeeld, toekomst: beslissingen in de schaduw van verandering<\/span><\/a><\/div><div class=\"dpt-thumbnail\"><div class=\"dpt-thumbnail-inner\"><img width=\"1024\" height=\"683\" class=\"attachment-full size-full\" alt=\"Beslissingen in de schaduw van onrust\" context=\"dpt\" data-dpt-src=\"https:\/\/www.markus-schall.de\/wp-content\/uploads\/Entscheidungen-im-Schatten-Umbruch.jpg\" data-dpt-sizes=\"(max-width: 1024px) 100vw, 1024px\" data-dpt-srcset=\"https:\/\/www.markus-schall.de\/wp-content\/uploads\/Entscheidungen-im-Schatten-Umbruch.jpg 1024w, https:\/\/www.markus-schall.de\/wp-content\/uploads\/Entscheidungen-im-Schatten-Umbruch-300x200.jpg 300w, https:\/\/www.markus-schall.de\/wp-content\/uploads\/Entscheidungen-im-Schatten-Umbruch-768x512.jpg 768w, https:\/\/www.markus-schall.de\/wp-content\/uploads\/Entscheidungen-im-Schatten-Umbruch-18x12.jpg 18w\" \/><\/div><span class=\"dpt-thumbnail-aspect-ratio\" style=\"padding-top: 75%\"><\/span><\/div><\/div><div class=\"sub-entry\"><h3 class=\"dpt-title\"><a class=\"dpt-title-link\" href=\"https:\/\/www.markus-schall.de\/nl\/2025\/10\/carriere-wereldbeeld-toekomstige-beslissingen-in-de-schaduw-van-de-omwenteling\/\" rel=\"bookmark\">Carri\u00e8re, wereldbeeld, toekomst: beslissingen in de schaduw van verandering<\/a><\/h3><\/div><\/div>\n\t\t\t\t\t\t<\/div><!-- .dpt-entry -->\n\t\t\t\t\t\t\t\t\t\t\t\t<div class=\"dpt-entry has-thumbnail\" data-title=\"wenn pflicht wieder pflicht wird. eine art essay von herrn von l&#8217;oreot.\" data-id=\"3010\"  data-category=\"allgemein gesellschaft kunst &amp; kultur stories &amp; humor\" data-post_tag=\"deutschland erfahrungen geopolitik krisen pers\u00f6nlichkeitsentwicklung sicherheitspolitik\">\n\t\t\t\t\t\t\t<div class=\"dpt-entry-wrapper\"><div class=\"dpt-featured-content\"><div class=\"dpt-permalink\"><a href=\"https:\/\/www.markus-schall.de\/nl\/2025\/10\/wanneer-plicht-weer-plicht-wordt-een-soort-essay-van-meneer-von-loreot\/\" class=\"dpt-permalink\"><span class=\"screen-reader-text\">Als plicht weer plicht wordt. Een soort essay van de heer von L'oreot.<\/span><\/a><\/div><div class=\"dpt-thumbnail\"><div class=\"dpt-thumbnail-inner\"><img width=\"1024\" height=\"683\" class=\"attachment-full size-full\" alt=\"Een onverwacht telefoontje\" context=\"dpt\" data-dpt-src=\"https:\/\/www.markus-schall.de\/wp-content\/uploads\/loreot-pflicht-anruf.jpg\" data-dpt-sizes=\"(max-width: 1024px) 100vw, 1024px\" data-dpt-srcset=\"https:\/\/www.markus-schall.de\/wp-content\/uploads\/loreot-pflicht-anruf.jpg 1024w, https:\/\/www.markus-schall.de\/wp-content\/uploads\/loreot-pflicht-anruf-300x200.jpg 300w, https:\/\/www.markus-schall.de\/wp-content\/uploads\/loreot-pflicht-anruf-768x512.jpg 768w, https:\/\/www.markus-schall.de\/wp-content\/uploads\/loreot-pflicht-anruf-18x12.jpg 18w\" \/><\/div><span class=\"dpt-thumbnail-aspect-ratio\" style=\"padding-top: 75%\"><\/span><\/div><\/div><div class=\"sub-entry\"><h3 class=\"dpt-title\"><a class=\"dpt-title-link\" href=\"https:\/\/www.markus-schall.de\/nl\/2025\/10\/wanneer-plicht-weer-plicht-wordt-een-soort-essay-van-meneer-von-loreot\/\" rel=\"bookmark\">Als plicht weer plicht wordt. Een soort essay van de heer von L'oreot.<\/a><\/h3><\/div><\/div>\n\t\t\t\t\t\t<\/div><!-- .dpt-entry -->\n\t\t\t\t\t\t\t\t\t\t\t\t<div class=\"dpt-entry has-thumbnail\" data-title=\"warum dieter bohlen spricht, wenn andere schweigen: ein portr\u00e4t \u00fcber flei\u00df und klarheit\" data-id=\"3744\"  data-category=\"allgemein gesellschaft kunst &amp; kultur\" data-post_tag=\"auswandern deutschland erfahrungen krisen meinungsfreiheit musik portrait\">\n\t\t\t\t\t\t\t<div class=\"dpt-entry-wrapper\"><div class=\"dpt-featured-content\"><div class=\"dpt-permalink\"><a href=\"https:\/\/www.markus-schall.de\/nl\/2025\/12\/waarom-dieter-bohlen-spreekt-als-anderen-zwijgen-een-portret-van-ijver-en-helderheid\/\" class=\"dpt-permalink\"><span class=\"screen-reader-text\">Waarom Dieter Bohlen spreekt als anderen zwijgen: Een portret van ijver en duidelijkheid<\/span><\/a><\/div><div class=\"dpt-thumbnail\"><div class=\"dpt-thumbnail-inner\"><img width=\"1024\" height=\"683\" class=\"attachment-full size-full\" alt=\"\" context=\"dpt\" data-dpt-src=\"https:\/\/www.markus-schall.de\/wp-content\/uploads\/Dieter-Bohlen-Portrait.jpg\" data-dpt-sizes=\"(max-width: 1024px) 100vw, 1024px\" data-dpt-srcset=\"https:\/\/www.markus-schall.de\/wp-content\/uploads\/Dieter-Bohlen-Portrait.jpg 1024w, https:\/\/www.markus-schall.de\/wp-content\/uploads\/Dieter-Bohlen-Portrait-300x200.jpg 300w, https:\/\/www.markus-schall.de\/wp-content\/uploads\/Dieter-Bohlen-Portrait-768x512.jpg 768w, https:\/\/www.markus-schall.de\/wp-content\/uploads\/Dieter-Bohlen-Portrait-18x12.jpg 18w\" \/><\/div><span class=\"dpt-thumbnail-aspect-ratio\" style=\"padding-top: 75%\"><\/span><\/div><\/div><div class=\"sub-entry\"><h3 class=\"dpt-title\"><a class=\"dpt-title-link\" href=\"https:\/\/www.markus-schall.de\/nl\/2025\/12\/waarom-dieter-bohlen-spreekt-als-anderen-zwijgen-een-portret-van-ijver-en-helderheid\/\" rel=\"bookmark\">Waarom Dieter Bohlen spreekt als anderen zwijgen: Een portret van ijver en duidelijkheid<\/a><\/h3><\/div><\/div>\n\t\t\t\t\t\t<\/div><!-- .dpt-entry -->\n\t\t\t\t\t\t\n\t\t\t\t<\/div>\n\t\t\t\t\t\t<\/div>\n\t\t\t\n<hr \/>","protected":false},"excerpt":{"rendered":"<p>Half november gebeurde er iets in Zwitserland dat bijna niemand in deze vorm had verwacht: De commissarissen voor gegevensbescherming van het land namen een duidelijke, bijna historische resolutie aan. De boodschap erachter is eenvoudig - en tegelijkertijd zeer controversieel: overheidsinstanties mogen hun meest gevoelige gegevens niet langer zonder aarzelen uitbesteden aan internationale clouddiensten zoals Microsoft 365. Waarom?<\/p>","protected":false},"author":1,"featured_media":3732,"comment_status":"open","ping_status":"open","sticky":false,"template":"","format":"standard","meta":{"iawp_total_views":1286,"footnotes":""},"categories":[1,466],"tags":[440,469,473,470,475],"class_list":["post-3727","post","type-post","status-publish","format-standard","has-post-thumbnail","hentry","category-allgemein","category-gesellschaft","tag-datenbanken","tag-datenschutz","tag-digitales-eigentum","tag-eu-gesetze","tag-europa"],"_links":{"self":[{"href":"https:\/\/www.markus-schall.de\/nl\/wp-json\/wp\/v2\/posts\/3727","targetHints":{"allow":["GET"]}}],"collection":[{"href":"https:\/\/www.markus-schall.de\/nl\/wp-json\/wp\/v2\/posts"}],"about":[{"href":"https:\/\/www.markus-schall.de\/nl\/wp-json\/wp\/v2\/types\/post"}],"author":[{"embeddable":true,"href":"https:\/\/www.markus-schall.de\/nl\/wp-json\/wp\/v2\/users\/1"}],"replies":[{"embeddable":true,"href":"https:\/\/www.markus-schall.de\/nl\/wp-json\/wp\/v2\/comments?post=3727"}],"version-history":[{"count":14,"href":"https:\/\/www.markus-schall.de\/nl\/wp-json\/wp\/v2\/posts\/3727\/revisions"}],"predecessor-version":[{"id":3890,"href":"https:\/\/www.markus-schall.de\/nl\/wp-json\/wp\/v2\/posts\/3727\/revisions\/3890"}],"wp:featuredmedia":[{"embeddable":true,"href":"https:\/\/www.markus-schall.de\/nl\/wp-json\/wp\/v2\/media\/3732"}],"wp:attachment":[{"href":"https:\/\/www.markus-schall.de\/nl\/wp-json\/wp\/v2\/media?parent=3727"}],"wp:term":[{"taxonomy":"category","embeddable":true,"href":"https:\/\/www.markus-schall.de\/nl\/wp-json\/wp\/v2\/categories?post=3727"},{"taxonomy":"post_tag","embeddable":true,"href":"https:\/\/www.markus-schall.de\/nl\/wp-json\/wp\/v2\/tags?post=3727"}],"curies":[{"name":"wp","href":"https:\/\/api.w.org\/{rel}","templated":true}]}}