{"id":3773,"date":"2025-12-05T05:41:09","date_gmt":"2025-12-05T05:41:09","guid":{"rendered":"https:\/\/www.markus-schall.de\/?p=3773"},"modified":"2026-04-29T16:02:49","modified_gmt":"2026-04-29T16:02:49","slug":"toestand-van-de-duitse-economie-2025-vijf-jaar-crisiscijfers-trends-en-vooruitzichten","status":"publish","type":"post","link":"https:\/\/www.markus-schall.de\/nl\/2025\/12\/toestand-van-de-duitse-economie-2025-vijf-jaar-crisiscijfers-trends-en-vooruitzichten\/","title":{"rendered":"De toestand van de Duitse economie in 2025: vijf jaar crisis, cijfers, trends en vooruitzichten"},"content":{"rendered":"<p>Als je naar de Duitse economie van vandaag kijkt, is het bijna onmogelijk om de afgelopen vijf jaar van elkaar te scheiden. Het was een aaneenschakeling van gebeurtenissen die elkaar overlapten, versterkten en in sommige gevallen blokkeerden. Het startpunt was 2020 - het jaar waarin de pandemie het openbare leven, de toeleveringsketens en hele industrie\u00ebn in \u00e9\u00e9n klap tot stilstand bracht. Veel bedrijven moesten sluiten, de productie werd onderbroken en er werd overheidssteun verleend om te voorkomen dat de economie op korte termijn volledig zou instorten.<\/p>\n<p>Wat toen een tijdelijke uitzonderlijke situatie leek, ontwikkelde zich echter tot iets groters: De gevolgen van de beslissingen die toen werden genomen, be\u00efnvloeden vandaag nog steeds het dagelijkse leven van ondernemers, zelfstandigen en werknemers. Iedereen die toen dacht dat na een paar maanden alles weer \u201eals vanouds\u201c zou zijn, kan nu zien dat veel dingen blijvend veranderd zijn.<!--more--><\/p>\n<hr \/>\n\n\t\t\t<div class=\"display-post-types\">\n\n\t\t\t\t\t\t\t<style type=\"text\/css\">\n\t\t\t#dpt-wrapper-694 { --dpt-text-align: left;--dpt-image-crop: center;--dpt-border-radius: 5px;--dpt-h-gutter: 10px;--dpt-v-gutter: 9px; }\t\t\t<\/style>\n\t\t\t<style type=\"text\/css\">#dpt-wrapper-694 { --dpt-title-font-style:normal;--dpt-title-font-weight:600;--dpt-title-line-height:1.5;--dpt-title-text-decoration:none;--dpt-title-text-transform:none;--dpt-excerpt-font-style:normal;--dpt-excerpt-font-weight:400;--dpt-excerpt-line-height:1.5;--dpt-excerpt-text-decoration:none;--dpt-excerpt-text-transform:none;--dpt-meta1-font-style:normal;--dpt-meta1-font-weight:400;--dpt-meta1-line-height:1.9;--dpt-meta1-text-decoration:none;--dpt-meta1-text-transform:none;--dpt-meta2-font-style:normal;--dpt-meta2-font-weight:400;--dpt-meta2-line-height:1.9;--dpt-meta2-text-decoration:none;--dpt-meta2-text-transform:none; }<\/style><div class=\"dpt-main-header\">\n\t\t\t\t\t\t<div class=\"dpt-main-title\">\n\t\t\t\t\t\t\t<span class=\"dpt-main-title-text\">Sociale kwesties van nu<\/span>\n\t\t\t\t\t\t<\/div>\n\t\t\t\t\t\t\n\t\t\t\t\t\t\n\t\t\t\t\t\t\n\t\t\t\t\t\t<\/div>\t\t\t\n\t\t\t\t<div id=\"dpt-wrapper-694\" class=\"dpt-wrapper dpt-mag1 land1 dpt-cropped dpt-flex-wrap\" >\n\n\t\t\t\t\t\t\t\t\t\t\t<div class=\"dpt-entry has-thumbnail\" data-title=\"zukunft mit ladeger\u00e4t \u2013 herr von l&#8217;oreot kauft einen e-scooter\" data-id=\"3229\"  data-category=\"allgemein gesellschaft kunst &amp; kultur stories &amp; humor\" data-post_tag=\"erfahrungen\">\n\t\t\t\t\t\t\t<div class=\"dpt-entry-wrapper\"><div class=\"dpt-featured-content\"><div class=\"dpt-permalink\"><a href=\"https:\/\/www.markus-schall.de\/nl\/2025\/10\/toekomst-met-oplader-mr-von-loreot-koopt-een-e-scooter\/\" class=\"dpt-permalink\"><span class=\"screen-reader-text\">Toekomst met een oplader - Mr von L'oreot koopt een e-scooter<\/span><\/a><\/div><div class=\"dpt-thumbnail\"><div class=\"dpt-thumbnail-inner\"><img width=\"1024\" height=\"747\" class=\"attachment-full size-full\" alt=\"\" context=\"dpt\" data-dpt-src=\"https:\/\/www.markus-schall.de\/wp-content\/uploads\/loereot-e-scooter-1.jpg\" data-dpt-sizes=\"(max-width: 1024px) 100vw, 1024px\" data-dpt-srcset=\"https:\/\/www.markus-schall.de\/wp-content\/uploads\/loereot-e-scooter-1.jpg 1024w, https:\/\/www.markus-schall.de\/wp-content\/uploads\/loereot-e-scooter-1-300x219.jpg 300w, https:\/\/www.markus-schall.de\/wp-content\/uploads\/loereot-e-scooter-1-768x560.jpg 768w, https:\/\/www.markus-schall.de\/wp-content\/uploads\/loereot-e-scooter-1-16x12.jpg 16w\" \/><\/div><span class=\"dpt-thumbnail-aspect-ratio\" style=\"padding-top: 75%\"><\/span><\/div><\/div><div class=\"sub-entry\"><h3 class=\"dpt-title\"><a class=\"dpt-title-link\" href=\"https:\/\/www.markus-schall.de\/nl\/2025\/10\/toekomst-met-oplader-mr-von-loreot-koopt-een-e-scooter\/\" rel=\"bookmark\">Toekomst met een oplader - Mr von L'oreot koopt een e-scooter<\/a><\/h3><\/div><\/div>\n\t\t\t\t\t\t<\/div><!-- .dpt-entry -->\n\t\t\t\t\t\t\t\t\t\t\t\t<div class=\"dpt-entry has-thumbnail\" data-title=\"dieter bohlen im klartext: warum deutschland an der eigenen b\u00fcrokratie scheitert\" data-id=\"3546\"  data-category=\"allgemein b\u00fccher gesellschaft kunst &amp; kultur\" data-post_tag=\"buch deutschland erfahrungen krisen meinungsfreiheit musik\">\n\t\t\t\t\t\t\t<div class=\"dpt-entry-wrapper\"><div class=\"dpt-featured-content\"><div class=\"dpt-permalink\"><a href=\"https:\/\/www.markus-schall.de\/nl\/2025\/11\/dieter-bohlen-in-klare-taal-waarom-duitsland-faalt-door-zijn-eigen-bureaucratie\/\" class=\"dpt-permalink\"><span class=\"screen-reader-text\">Dieter Bohlen in klare taal: Waarom Duitsland faalt door zijn eigen bureaucratie<\/span><\/a><\/div><div class=\"dpt-thumbnail\"><div class=\"dpt-thumbnail-inner\"><img width=\"1536\" height=\"1024\" class=\"attachment-full size-full\" alt=\"Dieter Bohlen in gesprek met Dominik Kettner\" context=\"dpt\" data-dpt-src=\"https:\/\/www.markus-schall.de\/wp-content\/uploads\/bohlen-kettner-germany.jpg\" data-dpt-sizes=\"(max-width: 1536px) 100vw, 1536px\" data-dpt-srcset=\"https:\/\/www.markus-schall.de\/wp-content\/uploads\/bohlen-kettner-germany.jpg 1536w, https:\/\/www.markus-schall.de\/wp-content\/uploads\/bohlen-kettner-germany-300x200.jpg 300w, https:\/\/www.markus-schall.de\/wp-content\/uploads\/bohlen-kettner-germany-1024x683.jpg 1024w, https:\/\/www.markus-schall.de\/wp-content\/uploads\/bohlen-kettner-germany-768x512.jpg 768w, https:\/\/www.markus-schall.de\/wp-content\/uploads\/bohlen-kettner-germany-18x12.jpg 18w\" \/><\/div><span class=\"dpt-thumbnail-aspect-ratio\" style=\"padding-top: 75%\"><\/span><\/div><\/div><div class=\"sub-entry\"><h3 class=\"dpt-title\"><a class=\"dpt-title-link\" href=\"https:\/\/www.markus-schall.de\/nl\/2025\/11\/dieter-bohlen-in-klare-taal-waarom-duitsland-faalt-door-zijn-eigen-bureaucratie\/\" rel=\"bookmark\">Dieter Bohlen in klare taal: Waarom Duitsland faalt door zijn eigen bureaucratie<\/a><\/h3><\/div><\/div>\n\t\t\t\t\t\t<\/div><!-- .dpt-entry -->\n\t\t\t\t\t\t\t\t\t\t\t\t<div class=\"dpt-entry has-thumbnail\" data-title=\"wer ist eigentlich j. d. vance? ein portrait zu herkunft, karriere, widerspr\u00fcchen und zukunft\" data-id=\"5395\"  data-category=\"allgemein gesellschaft\" data-post_tag=\"energiepolitik erfahrungen europa geopolitik krisen meinungsfreiheit portrait sicherheitspolitik\">\n\t\t\t\t\t\t\t<div class=\"dpt-entry-wrapper\"><div class=\"dpt-featured-content\"><div class=\"dpt-permalink\"><a href=\"https:\/\/www.markus-schall.de\/nl\/2026\/03\/wie-is-j-d-vance-een-portret-van-zijn-afkomst-carriere-tegenstrijdigheden-en-toekomst\/\" class=\"dpt-permalink\"><span class=\"screen-reader-text\">Wie is J. D. Vance eigenlijk? Een portret van zijn afkomst, carri\u00e8re, tegenstrijdigheden en toekomst<\/span><\/a><\/div><div class=\"dpt-thumbnail\"><div class=\"dpt-thumbnail-inner\"><img width=\"1024\" height=\"683\" class=\"attachment-full size-full\" alt=\"Wie is J. D. Vance?\" context=\"dpt\" data-dpt-src=\"https:\/\/www.markus-schall.de\/wp-content\/uploads\/JD-Vance-Portrait.jpg\" data-dpt-sizes=\"(max-width: 1024px) 100vw, 1024px\" data-dpt-srcset=\"https:\/\/www.markus-schall.de\/wp-content\/uploads\/JD-Vance-Portrait.jpg 1024w, https:\/\/www.markus-schall.de\/wp-content\/uploads\/JD-Vance-Portrait-300x200.jpg 300w, https:\/\/www.markus-schall.de\/wp-content\/uploads\/JD-Vance-Portrait-768x512.jpg 768w, https:\/\/www.markus-schall.de\/wp-content\/uploads\/JD-Vance-Portrait-18x12.jpg 18w\" \/><\/div><span class=\"dpt-thumbnail-aspect-ratio\" style=\"padding-top: 75%\"><\/span><\/div><\/div><div class=\"sub-entry\"><h3 class=\"dpt-title\"><a class=\"dpt-title-link\" href=\"https:\/\/www.markus-schall.de\/nl\/2026\/03\/wie-is-j-d-vance-een-portret-van-zijn-afkomst-carriere-tegenstrijdigheden-en-toekomst\/\" rel=\"bookmark\">Wie is J. D. Vance eigenlijk? Een portret van zijn afkomst, carri\u00e8re, tegenstrijdigheden en toekomst<\/a><\/h3><\/div><\/div>\n\t\t\t\t\t\t<\/div><!-- .dpt-entry -->\n\t\t\t\t\t\t\t\t\t\t\t\t<div class=\"dpt-entry has-thumbnail\" data-title=\"ulrike gu\u00e9rot: eine europ\u00e4erin zwischen idee, universit\u00e4t und \u00f6ffentlichem diskurs\" data-id=\"4039\"  data-category=\"allgemein gesellschaft kunst &amp; kultur\" data-post_tag=\"denkmodelle deutschland europa geopolitik krisen meinungsfreiheit portrait sicherheitspolitik spieltheorie\">\n\t\t\t\t\t\t\t<div class=\"dpt-entry-wrapper\"><div class=\"dpt-featured-content\"><div class=\"dpt-permalink\"><a href=\"https:\/\/www.markus-schall.de\/nl\/2025\/12\/ulrike-guerot-een-europeaan-tussen-het-idee-van-de-universiteit-en-het-publieke-discours\/\" class=\"dpt-permalink\"><span class=\"screen-reader-text\">Ulrike Gu\u00e9rot: Een Europeaan tussen idee, universiteit en openbaar discours<\/span><\/a><\/div><div class=\"dpt-thumbnail\"><div class=\"dpt-thumbnail-inner\"><img width=\"1024\" height=\"683\" class=\"attachment-full size-full\" alt=\"Ulrike Gu\u00e9rot en Europa\" context=\"dpt\" data-dpt-src=\"https:\/\/www.markus-schall.de\/wp-content\/uploads\/ulrike-guerot-portrait.jpg\" data-dpt-sizes=\"(max-width: 1024px) 100vw, 1024px\" data-dpt-srcset=\"https:\/\/www.markus-schall.de\/wp-content\/uploads\/ulrike-guerot-portrait.jpg 1024w, https:\/\/www.markus-schall.de\/wp-content\/uploads\/ulrike-guerot-portrait-300x200.jpg 300w, https:\/\/www.markus-schall.de\/wp-content\/uploads\/ulrike-guerot-portrait-768x512.jpg 768w, https:\/\/www.markus-schall.de\/wp-content\/uploads\/ulrike-guerot-portrait-18x12.jpg 18w\" \/><\/div><span class=\"dpt-thumbnail-aspect-ratio\" style=\"padding-top: 75%\"><\/span><\/div><\/div><div class=\"sub-entry\"><h3 class=\"dpt-title\"><a class=\"dpt-title-link\" href=\"https:\/\/www.markus-schall.de\/nl\/2025\/12\/ulrike-guerot-een-europeaan-tussen-het-idee-van-de-universiteit-en-het-publieke-discours\/\" rel=\"bookmark\">Ulrike Gu\u00e9rot: Een Europeaan tussen idee, universiteit en openbaar discours<\/a><\/h3><\/div><\/div>\n\t\t\t\t\t\t<\/div><!-- .dpt-entry -->\n\t\t\t\t\t\t\n\t\t\t\t<\/div>\n\t\t\t\t\t\t<\/div>\n\t\t\t\n<hr \/>\n<h2>Laatste nieuws over dit onderwerp<\/h2>\n<p><strong>29.04.2026<\/strong>Het ifo-instituut tekent een <a href=\"https:\/\/www.zeit.de\/wirtschaft\/unternehmen\/2026-04\/ifo-institut-unternehmen-deutschland-abbau-arbeitsplaetze-gxe\" target=\"_blank\" rel=\"noopener\"><strong>Steeds spannender beeld<\/strong><\/a> van de Duitse arbeidsmarkt: bedrijven plannen verdere ontslagen in alle sectoren. Volgens <a href=\"https:\/\/www.ifo.de\/fakten\/2026-04-29\/stellenabbau-verschaerft-sich-april-2026\" target=\"_blank\" rel=\"noopener\"><strong>Huidige evaluatie<\/strong><\/a> Bijna geen enkele sector is gespaard gebleven\u201e - naast de industrie zijn ook de detailhandel, de dienstensector, de logistiek en zelfs het toerisme getroffen. Stijgende kosten voor bijvoorbeeld energie en brandstof hebben een directe impact op de personeelsplanning. Hoewel de inkrimping onlangs iets is vertraagd, is er geen teken van een echte trendbreuk. In plaats daarvan is er duidelijk sprake van een structureel aanpassingsproces dat al jaren aan de gang is en nog wordt versterkt door de zwakke vraag, de internationale concurrentiedruk en de economische onzekerheid. Deze trend is vooral uitgesproken in de industrie, terwijl in sommige dienstensectoren ontslagen en nieuwe aanwervingen elkaar gedeeltelijk compenseren. Over het algemeen zijn er tekenen van een fase van aanhoudende terughoudendheid op de arbeidsmarkt - met merkbare gevolgen voor de groei, investeringen en werkgelegenheid in Duitsland.<\/p>\n<p><strong>15.04.2026<\/strong>De Duitse regering plant voor 2026 een nieuwe belastingvrije bonus van maximaal 1.000 euro, die werkgevers vrijwillig aan hun werknemers kunnen uitbetalen. De maatregel is gemodelleerd naar de vorige inflatiecompensatiebonus, maar is aanzienlijk lager en beperkt in de tijd tot eind 2026. Voor bedrijven betekent dit een flexibel instrument om werknemers te behouden, omdat de betaling fiscaal is vrijgesteld, maar ook extra financi\u00eble druk in een toch al krappe economische situatie. Verenigingen zoals de vakbonden bekritiseren het feit dat de lastenverlichting in feite wordt verschoven naar de bedrijven en dat veel bedrijven zich de premie helemaal niet kunnen veroorloven. Het is ook onduidelijk hoe breed de maatregel daadwerkelijk zal werken, aangezien de maatregel vrijwillig is en vaak gekoppeld is aan collectieve arbeidsovereenkomsten, waardoor sommige werknemers mogelijk buiten de boot vallen. Al met al is het duidelijk dat de premie voor belastingverlaging politiek snel is aangenomen, maar dat het praktische effect ervan op grote schaal onzeker is.<\/p>\n<div class=\"lyte-wrapper\" style=\"width:640px;max-width:100%;margin:5px;\"><div class=\"lyMe\" id=\"WYL_YeV5ztaRjow\"><div id=\"lyte_YeV5ztaRjow\" data-src=\"https:\/\/www.markus-schall.de\/wp-content\/plugins\/wp-youtube-lyte\/lyteCache.php?origThumbUrl=%2F%2Fi.ytimg.com%2Fvi%2FYeV5ztaRjow%2Fhqdefault.jpg\" class=\"pL\"><div class=\"tC\"><div class=\"tT\"><\/div><\/div><div class=\"play\"><\/div><div class=\"ctrl\"><div class=\"Lctrl\"><\/div><div class=\"Rctrl\"><\/div><\/div><\/div><noscript><a href=\"https:\/\/youtu.be\/YeV5ztaRjow\" rel=\"nofollow noopener\" target=\"_blank\"><img loading=\"lazy\" decoding=\"async\" src=\"https:\/\/www.markus-schall.de\/wp-content\/plugins\/wp-youtube-lyte\/lyteCache.php?origThumbUrl=https%3A%2F%2Fi.ytimg.com%2Fvi%2FYeV5ztaRjow%2F0.jpg\" alt=\"YouTube video thumbnail\" width=\"640\" height=\"340\" \/><br \/>Bekijk deze video op YouTube<\/a><\/noscript><\/div><\/div><div class=\"lL\" style=\"max-width:100%;width:640px;margin:5px;\"><\/div><br \/>\nCrisisbonus: 1000 euro belastingvrij van de baas! \u201eWerkgevers zullen je dankbaar zijn\u201c | <a href=\"https:\/\/www.youtube.com\/@bild\" target=\"_blank\" rel=\"nofollow noopener\">BEELD<\/a><\/p>\n<p><strong>25.03.2026<\/strong>: <a href=\"https:\/\/www.handelsblatt.com\/unternehmen\/industrie\/ruestung-volkswagen-koennte-iron-dome-teile-in-osnabrueck-herstellen\/100211392.html\" target=\"_blank\" rel=\"noopener\"><strong>VW onderzoekt toetreding tot defensieproductie<\/strong><\/a> - Iron Dome-onderdelen uit Osnabr\u00fcck? Volkswagen zou in de toekomst onderdelen voor het Isra\u00eblische luchtverdedigingssysteem \u201eIron Dome\u201c kunnen produceren in zijn fabriek in Osnabr\u00fcck. Gesprekken met het Isra\u00eblische wapenbedrijf Rafael Advanced Defence Systems vormen de achtergrond hiervan, zoals verschillende media melden. De fabriek gaat momenteel een onzekere toekomst tegemoet, aangezien de productie van voertuigen naar verwachting in 2027 wordt be\u00ebindigd. Een omschakeling naar defensieproductie zou ongeveer 2300 banen kunnen besparen. Het plan is blijkbaar om onderdelen zoals transportvoertuigen, lanceerinrichtingen en generatoren te produceren - maar geen raketten zelf. Naar verluidt steunt de Duitse regering het project, terwijl Volkswagen officieel benadrukt dat het niet mikt op wapenproductie. Of en in welke mate de plannen gerealiseerd zullen worden, valt nog te bezien. De mogelijke stap roept fundamentele vragen op: zal een Duits autoconcern in de toekomst toetreden tot de militaire toeleveringsindustrie - en zal Osnabr\u00fcck een locatie worden voor moderne luchtverdedigingssystemen?<\/p>\n<p><strong>22.03.2026<\/strong>Deze actuele video van ondernemer Emanuel B\u00f6minghaus schetst een duidelijk beeld van de huidige toestand van de Duitse economie en is gebaseerd op concrete cijfers van de DATEV SME index, Destatis en brancheorganisaties. Vooral KMO's staan onder druk: dalende binnenkomende orders, een winstdaling van soms tweecijferige percentages en toenemende lasten door kosten en regelgeving kenmerken de situatie. Er zijn duidelijke zwakke punten in de industrie, bijvoorbeeld in de machinebouw en de chemische sector, waarvan sommige hun grenzen al hebben bereikt. Tegelijkertijd neemt het aantal ontslagen zienderogen toe - alleen al in februari werden meer dan 80.000 banen getroffen. Tegelijkertijd wordt de discrepantie tussen de politieke vertegenwoordiging en de economische realiteit aangepakt. Over het geheel genomen ontstaat het beeld van een economie waarvan de stabiliteit steeds meer onder druk komt te staan en waar structurele problemen steeds duidelijker worden.<\/p>\n<div class=\"lyte-wrapper\" style=\"width:640px;max-width:100%;margin:5px;\"><div class=\"lyMe\" id=\"WYL_z6bokltQwDc\"><div id=\"lyte_z6bokltQwDc\" data-src=\"https:\/\/www.markus-schall.de\/wp-content\/plugins\/wp-youtube-lyte\/lyteCache.php?origThumbUrl=%2F%2Fi.ytimg.com%2Fvi%2Fz6bokltQwDc%2Fhqdefault.jpg\" class=\"pL\"><div class=\"tC\"><div class=\"tT\"><\/div><\/div><div class=\"play\"><\/div><div class=\"ctrl\"><div class=\"Lctrl\"><\/div><div class=\"Rctrl\"><\/div><\/div><\/div><noscript><a href=\"https:\/\/youtu.be\/z6bokltQwDc\" rel=\"nofollow noopener\" target=\"_blank\"><img loading=\"lazy\" decoding=\"async\" src=\"https:\/\/www.markus-schall.de\/wp-content\/plugins\/wp-youtube-lyte\/lyteCache.php?origThumbUrl=https%3A%2F%2Fi.ytimg.com%2Fvi%2Fz6bokltQwDc%2F0.jpg\" alt=\"YouTube video thumbnail\" width=\"640\" height=\"340\" \/><br \/>Bekijk deze video op YouTube<\/a><\/noscript><\/div><\/div><div class=\"lL\" style=\"max-width:100%;width:640px;margin:5px;\"><\/div><br \/>\nDuitsland in een impasse - de cijfers zijn wreed <a href=\"https:\/\/www.youtube.com\/@emanuelboeminghaus7684\" target=\"_blank\" rel=\"nofollow noopener\">Emanuel Boeminghaus<\/a><\/p>\n<p>Zoals vermeld in de video, zijn de inkomsten uit de <a href=\"https:\/\/finanzmarktwelt.de\/koerperschaftsteuer-einnahmen-sinken-im-januar-um-79-380833\/\" target=\"_blank\" rel=\"noopener\"><strong>De vennootschapsbelasting daalde enorm in januari 2026 - met ongeveer 79 %<\/strong><\/a> tot slechts ongeveer 181 miljoen euro. Dit is voornamelijk te wijten aan aanzienlijk lagere nabetalingen door bedrijven, terwijl er tegelijkertijd meer terugbetalingen werden ontvangen. Het federale ministerie van Financi\u00ebn verwijst ook naar de zwakke economische ontwikkeling, met name in de industrie, die een negatieve invloed heeft op de winsten van veel bedrijven. Vergelijkbare dalingen zijn ook te zien bij de bedrijfsbelasting. Al met al is het duidelijk dat dalende bedrijfswinsten steeds meer een directe impact hebben op de overheidsinkomsten en worden gezien als een vroege indicator van de economische situatie.<\/p>\n<p><strong>05.03.2026<\/strong>De economische crisis in Baden-W\u00fcrttemberg is een goed voorbeeld van hoe diep de structurele veranderingen in Duitsland zijn doorgedrongen. Het ZDF-programma <a href=\"https:\/\/www.youtube.com\/@ZDFheute\" target=\"_blank\" rel=\"nofollow noopener\">\u201eLandelijke spiegel\u201c<\/a> begeleidt bedrijven die op de rand van de afgrond staan en beschrijft hoe faillissementen, energiekosten en wereldwijde concurrentie KMO's onder druk zetten. Vooral toeleveranciers voelen de gevolgen van de veranderingen: Velen hebben weinig kans om zich staande te houden tegen vestigingsnadelen en teruglopende orders.<\/p>\n<div class=\"lyte-wrapper\" style=\"width:640px;max-width:100%;margin:5px;\"><div class=\"lyMe\" id=\"WYL_oqYUtB0WtI8\"><div id=\"lyte_oqYUtB0WtI8\" data-src=\"https:\/\/www.markus-schall.de\/wp-content\/plugins\/wp-youtube-lyte\/lyteCache.php?origThumbUrl=%2F%2Fi.ytimg.com%2Fvi%2FoqYUtB0WtI8%2Fhqdefault.jpg\" class=\"pL\"><div class=\"tC\"><div class=\"tT\"><\/div><\/div><div class=\"play\"><\/div><div class=\"ctrl\"><div class=\"Lctrl\"><\/div><div class=\"Rctrl\"><\/div><\/div><\/div><noscript><a href=\"https:\/\/youtu.be\/oqYUtB0WtI8\" rel=\"nofollow noopener\" target=\"_blank\"><img loading=\"lazy\" decoding=\"async\" src=\"https:\/\/www.markus-schall.de\/wp-content\/plugins\/wp-youtube-lyte\/lyteCache.php?origThumbUrl=https%3A%2F%2Fi.ytimg.com%2Fvi%2FoqYUtB0WtI8%2F0.jpg\" alt=\"YouTube video thumbnail\" width=\"640\" height=\"340\" \/><br \/>Bekijk deze video op YouTube<\/a><\/noscript><\/div><\/div><div class=\"lL\" style=\"max-width:100%;width:640px;margin:5px;\"><\/div><br \/>\nEconomische crisis in Baden-W\u00fcrttemberg: tussen faillissementen, banenverlies en angst voor de toekomst<\/p>\n<p>De reportage maakt duidelijk hoe sterk de\u00efndustrialisatie en transformatie het dagelijks leven van werknemers al be\u00efnvloeden - en hoezeer de economische basis van het zuidwesten aan het wankelen is gebracht.<\/p>\n<p>Volgens de huidige <a href=\"https:\/\/www.creditreform.de\/aktuelles-wissen\/pressemeldungen-fachbeitraege\/news-details\/show\/insolvenzen-in-deutschland-jahr-2025\" target=\"_blank\" rel=\"noopener\"><strong>Cijfers van Creditreform Economisch Onderzoek<\/strong><\/a> Het aantal bedrijfsinsolventies in Duitsland steeg aanzienlijk in 2025. In totaal vroegen ongeveer 23.900 bedrijven het faillissement aan, een stijging van ongeveer 8,3 procent ten opzichte van het voorgaande jaar en het hoogste cijfer in meer dan tien jaar. Kleine bedrijven met maximaal tien werknemers worden bijzonder hard getroffen en zijn goed voor meer dan 80 procent van de faillissementen. De resultaten weerspiegelen de aanhoudende structurele lasten, waaronder hoge kosten, moeilijke toegang tot krediet en concurrentiedruk. Ook voor 2026 wordt geen trendbreuk verwacht, aangezien veel bedrijven blijven lijden onder de economische zwakte en economische tegenwind.<\/p>\n<hr \/>\n<h2>Van crisismodus naar een fase van permanente stress<\/h2>\n<p>De jaren 2021 tot 2023 hadden eigenlijk een herstelfase kunnen zijn. Maar in plaats van een opleving kreeg de economie te maken met een mix van onzekerheid, nieuwe schokken en onverwachte lasten. Ten eerste bleef het probleem van de verstoorde toeleveringsketens bestaan: Veel grondstoffen waren schaars, containers waren extreem duur en producten kwamen gewoon niet op tijd.<\/p>\n<p>Toen kwam de energiecrisis in 2022. De prijzen voor elektriciteit en gas stegen in korte tijd tot historische recordhoogten. Dit was onaangenaam voor particuliere huishoudens en bedreigde het bestaan van veel bedrijven. En niet alleen energie-intensieve industrie\u00ebn werden getroffen. Ook bakkerijen, drukkerijen, autoreparatiebedrijven en kleinere ambachtelijke bedrijven voelden de gevolgen direct.<\/p>\n<p>Tegelijkertijd begon de inflatie. Alledaagse artikelen werden merkbaar duurder, van boodschappen tot huur en verzekeringen. De centrale banken reageerden met aanzienlijk hogere rentetarieven. En hogere rente betekent Leningen worden duurder, investeringen worden moeilijker, ondernemen wordt een grotere uitdaging.<\/p>\n<h3>De jaren 2024 en 2025: wanneer een acute crisis een structureel probleem wordt<\/h3>\n<p>Op een bepaald moment - en dit moment kwam rond 2024 - werd het duidelijk dat Duitsland zich niet alleen in een tijdelijke fase van zwakte bevond. Veel dingen leken plotseling fundamenteler. De economische groei bleef achter bij de verwachtingen, de stemming in het bedrijfsleven werd voorzichtiger en steeds meer bedrijven kwamen in financi\u00eble problemen die niet langer alleen door de pandemie konden worden verklaard.<\/p>\n<p>2025 zet deze trend voort: Insolventies nemen toe, investeringen blijven zwak en veel ondernemers worstelen niet met individuele problemen, maar met een heel pakket aan lasten. Het is een beetje als een marathonloper die na vijf kilometer struikelt, dan weer opstaat, maar zich bij kilometer 30 realiseert dat hij geen energie meer heeft omdat de eerste tegenslagen te veel energie hebben gekost. Dit is precies de situatie waarin een groot deel van de Duitse economie zich momenteel bevindt.<\/p>\n<h3>Waarom terugkijken zo belangrijk is<\/h3>\n<p>Veel mensen voelen dat er \u201eiets niet klopt\u201c. Ze beseffen dat producten duurder zijn, dat bedrijven voorzichtiger zijn, dat banen onzekerder lijken. Maar er wordt zelden uitgelegd hoe deze ontwikkelingen met elkaar samenhangen. De verslagen zijn vaak gefragmenteerd: soms een artikel over faillissementen, soms statistieken over dalende productie, soms een commentaar op energieprijzen.<\/p>\n<p>Dit artikel is bedoeld om deze fragmenten samen te brengen. Niet om te pessimeren, maar om richting te geven. Want hoe beter je de ontwikkelingen van de afgelopen jaren begrijpt, hoe duidelijker je kunt herkennen wat nu belangrijk is - voor jou als lezer, voor ondernemers, voor beleidsmakers en uiteindelijk ook voor het land.<\/p>\n<hr \/>\n<h3>Huidig onderzoek naar een mogelijk geval van spanning<\/h3>\n<div class='bootstrap-yop yop-poll-mc'>\n\t\t\t\t\t\t\t<div class=\"basic-yop-poll-container\" style=\"background-color:#ffffff; border:0px; border-style:solid; border-color:#000000; border-radius:5px; padding:0px 5px;\" data-id=\"6\" data-temp=\"basic-pretty\" data-skin=\"square\" data-cscheme=\"blue\" data-cap=\"0\" data-access=\"guest\" data-tid=\"\" data-uid=\"77d23910fd559da468f731b581e3849e\" data-pid=\"4039\" data-resdet=\"votes-number,percentages\" data-show-results-to=\"guest\" data-show-results-moment=\"after-vote\" data-show-results-only=\"false\" data-show-message=\"true\" data-show-results-as=\"bar\" data-sort-results-by=\"as-defined\" data-sort-results-rule=\"asc\"data-is-ended=\"0\" data-percentages-decimals=\"2\" data-gdpr=\"no\" data-gdpr-sol=\"consent\" data-css=\".basic-yop-poll-container[data-uid] .basic-vote {\t\t\t\t\t\t\t\t\ttext-align: center;\t\t\t\t\t\t\t\t}\" data-counter=\"0\" data-load-with=\"1\" data-notification-section=\"top\"><div class=\"row\"><div class=\"col-md-12\"><div class=\"basic-inner\"><div class=\"basic-message hide\" style=\"border-left: 10px solid #008000; padding: 0px 10px;\" data-error=\"#ff0000\" data-success=\"#008000\"><p class=\"basic-message-text\" style=\"color:#000000; font-size:14px; font-weight:normal;\"><\/p><\/div><div class=\"basic-overlay hide\"><div class=\"basic-vote-options\"><\/div><div class=\"basic-preloader\"><div class=\"basic-windows8\"><div class=\"basic-wBall basic-wBall_1\"><div class=\"basic-wInnerBall\"><\/div><\/div><div class=\"basic-wBall basic-wBall_2\"><div class=\"basic-wInnerBall\"><\/div><\/div><div class=\"basic-wBall basic-wBall_3\"><div class=\"basic-wInnerBall\"><\/div><\/div><div class=\"basic-wBall basic-wBall_4\"><div class=\"basic-wInnerBall\"><\/div><\/div><div class=\"basic-wBall basic-wBall_5\"><div class=\"basic-wInnerBall\"><\/div><\/div><\/div><\/div><\/div><form class=\"basic-form\" action=\"\"><input type=\"hidden\" name=\"_token\" value=\"523642ccbf\" autocomplete=\"off\"><div class=\"basic-elements\"><div class=\"basic-element basic-question basic-question-text-vertical\" data-id=\"6\" data-uid=\"24e8185d1cc2a62fe2dea097a354d911\" data-type=\"question\" data-question-type=\"text\" data-required=\"yes\" data-allow-multiple=\"no\" data-min=\"1\" data-max=\"7\" data-display=\"vertical\" data-colnum=\"\" data-display-others=\"no\" data-others-color=\"\" data-others=\"\" data-others-max-chars=\"0\"><div class=\"basic-question-title\"><h5 style=\"color:#000000; font-size:16px; font-weight:normal; text-align:left;\">Hoe goed voelt u zich persoonlijk voorbereid op een mogelijk spanningsgeval (bijv. crisis of oorlog)?<\/h5><\/div><ul class=\"basic-answers\"><li class=\"basic-answer\" style=\"padding:0px 0px;\" data-id=\"24\" data-type=\"text\" data-vn=\"19\" data-color=\"#000000\" data-make-link=\"no\" data-link=\"\"><div class=\"basic-answer-content basic-text-vertical\"><label for=\"answer[24]\" class=\"basic-answer-label\"><input type=\"radio\" id=\"answer[24]\" name=\"answer[6]\" value=\"24\"><span class=\"basic-text\" style=\"color: #000000; font-size: 14px; font-weight: normal;\">Zeer goed - ik heb voorraden, kennis en een plan<\/span><\/label><\/div><\/li><li class=\"basic-answer\" style=\"padding:0px 0px;\" data-id=\"25\" data-type=\"text\" data-vn=\"36\" data-color=\"#000000\" data-make-link=\"no\" data-link=\"\"><div class=\"basic-answer-content basic-text-vertical\"><label for=\"answer[25]\" class=\"basic-answer-label\"><input type=\"radio\" id=\"answer[25]\" name=\"answer[6]\" value=\"25\"><span class=\"basic-text\" style=\"color: #000000; font-size: 14px; font-weight: normal;\">Best goed - ik heb erover nagedacht<\/span><\/label><\/div><\/li><li class=\"basic-answer\" style=\"padding:0px 0px;\" data-id=\"26\" data-type=\"text\" data-vn=\"59\" data-color=\"#000000\" data-make-link=\"no\" data-link=\"\"><div class=\"basic-answer-content basic-text-vertical\"><label for=\"answer[26]\" class=\"basic-answer-label\"><input type=\"radio\" id=\"answer[26]\" name=\"answer[6]\" value=\"26\"><span class=\"basic-text\" style=\"color: #000000; font-size: 14px; font-weight: normal;\">Nauwelijks - ik hoop alleen dat er niets gebeurt<\/span><\/label><\/div><\/li><li class=\"basic-answer\" style=\"padding:0px 0px;\" data-id=\"27\" data-type=\"text\" data-vn=\"13\" data-color=\"#000000\" data-make-link=\"no\" data-link=\"\"><div class=\"basic-answer-content basic-text-vertical\"><label for=\"answer[27]\" class=\"basic-answer-label\"><input type=\"radio\" id=\"answer[27]\" name=\"answer[6]\" value=\"27\"><span class=\"basic-text\" style=\"color: #000000; font-size: 14px; font-weight: normal;\">Helemaal niet - ik onderdruk het onderwerp opzettelijk<\/span><\/label><\/div><\/li><li class=\"basic-answer\" style=\"padding:0px 0px;\" data-id=\"28\" data-type=\"text\" data-vn=\"16\" data-color=\"#000000\" data-make-link=\"no\" data-link=\"\"><div class=\"basic-answer-content basic-text-vertical\"><label for=\"answer[28]\" class=\"basic-answer-label\"><input type=\"radio\" id=\"answer[28]\" name=\"answer[6]\" value=\"28\"><span class=\"basic-text\" style=\"color: #000000; font-size: 14px; font-weight: normal;\">Wat is een \"spanningsval\" eigenlijk?<\/span><\/label><\/div><\/li><\/ul><\/div><div class=\"clearfix\"><\/div><\/div><div class=\"basic-vote\"><a href=\"#\" class=\"button basic-vote-button\" role=\"button\" style=\"background:#027bb8; border:0px; border-style: solid; border-color:#000000; border-radius:5px; padding:10px 10px; color:#ffffff; font-size:14px; font-weight:normal;\">Stem<\/a><\/div><input type=\"hidden\" name=\"trp-form-language\" value=\"nl\"\/><\/form><\/div><\/div><\/div><\/div>\n\t\t\t\t\t\t<\/div>\n<hr \/>\n<h2>De belangrijkste economische indicatoren: Wat de stemming onthult over de situatie<\/h2>\n<h3>De ifo Business Climate Index - de stemmingsbarometer van de Duitse economie<\/h3>\n<p>Als je wilt begrijpen hoe de economie ervoor staat, is het de moeite waard om te kijken naar de zogenaamde <a href=\"https:\/\/de.wikipedia.org\/wiki\/Ifo-Gesch\u00e4ftsklimaindex\" target=\"_blank\" rel=\"noopener\"><strong>ifo-bedrijfsklimaatindex<\/strong><\/a>. Het is een van de belangrijkste instrumenten om de stemming van bedrijven te beoordelen. Elke maand wordt aan duizenden bedrijven gevraagd hoe ze hun huidige situatie inschatten en wat ze verwachten voor de komende maanden. Deze antwoorden resulteren in een waarde die aangeeft of de economische stemming eerder optimistisch of eerder terughoudend is.<\/p>\n<p>De afgelopen vijf jaar heeft de index een ongebruikelijke koers gevolgd. Na de enorme daling in 2020 herstelde de index zich aanvankelijk, maar daalde daarna steeds weer. Bijzonder opmerkelijk is dat de index <a href=\"https:\/\/www.welt.de\/newsticker\/dpa_nt\/infoline_nt\/wirtschaft_nt\/article69244aca637be5004f6da764\/ifo-index-sinkt-ueberraschend-konjunkturhoffnung-schwindet.html\" target=\"_blank\" rel=\"noopener\"><strong>Weer dalend in 2025<\/strong><\/a> hoewel je eigenlijk zou verwachten dat de rust na jaren van spanning eindelijk zou terugkeren. Deze daling laat zien dat veel bedrijven kritisch naar hun situatie kijken. Ze worstelen met kosten, onzekerheden en een vraag die nogal zwak is vergeleken met het verleden. De <a href=\"https:\/\/www.ifo.de\/en\/facts\/2024-11-15\/more-companies-germany-see-their-survival-threatened\" target=\"_blank\" rel=\"noopener\"><strong>Ifo Barometer<\/strong><\/a> laat geen kortstondig dieptepunt zien, maar eerder een stemming die al jaren bewolkt is.<\/p>\n<h3>Purchasing Managers' Indices (PMI) - een kijkje in de werkplaats van de economie<\/h3>\n<p>Naast de ifo-index is er nog een andere belangrijke indicator: de <a href=\"https:\/\/de.wikipedia.org\/wiki\/Purchasing_Managers_Index\" target=\"_blank\" rel=\"noopener\"><strong>Index van inkoopmanagers<\/strong><\/a>, Afgekort PMI. Het meet hoe goed bedrijven ervoor staan in de industrie en de dienstensector. De logica is eenvoudig: als bedrijven meer grondstoffen bestellen, meer personeel aannemen en hun capaciteit uitbreiden, duidt dit op groei. Als ze daarentegen orders verminderen, banen onbenut laten of zelfs banen schrappen, wijst dit op economische zwakte.<\/p>\n<p>De afgelopen jaren lagen de PMI's vaak onder de groeidrempel, vooral in de industri\u00eble sector. Dit betekent dat veel bedrijven minder hebben geproduceerd of voorzichtiger hebben gepland dan voorheen. Zelfs aan het einde van 2025 is deze index niet waar je hem zou verwachten in een gezonde economie. Het laat zien dat belangrijke onderdelen van de Duitse economie op een laag pitje staan - niet uit gemakzucht, maar uit voorzichtigheid en financi\u00eble noodzaak.<\/p>\n<h3>Bruto binnenlands product (BBP) - de nuchtere algemene berekening<\/h3>\n<p>De situatie wordt nog duidelijker als je kijkt naar de <a href=\"https:\/\/www.destatis.de\/DE\/Themen\/Wirtschaft\/Volkswirtschaftliche-Gesamtrechnungen-Inlandsprodukt\/Methoden\/bip.html\" target=\"_blank\" rel=\"noopener\"><strong>Bruto binnenlands product<\/strong><\/a> met andere woorden, de totale economische output van een jaar. Het BBP laat zien hoeveel waarde er in een land wordt gecre\u00eberd - door arbeid, productie, diensten en handel. In een gezonde economie groeit dit cijfer regelmatig. Sinds 2020 zijn er echter verschillende jaren geweest waarin de groei vrijwel nihil of zelfs negatief was.<\/p>\n<p>Het is vooral opmerkelijk dat het bbp in 2024 en 2025 veel hoger zal zijn dan in 2010. <a href=\"https:\/\/www.destatis.de\/DE\/Presse\/Pressemitteilungen\/2025\/05\/PD25_182_811.html\" target=\"_blank\" rel=\"noopener\"><strong>achter op eerdere verwachtingen<\/strong><\/a> blijft achter. Economische onderzoekers noemen dit vaak \u201estagnatie\u201c - een toestand waarin niets echt vooruit gaat, maar er tegelijkertijd geen snel herstel in zicht is. Deze ontwikkeling is cruciaal omdat een stabiel BBP de basis vormt voor banen, investeringen en economische vooruitgang.<\/p>\n<h3>Rente en inflatie - de dubbele druk<\/h3>\n<p>Een andere belangrijke factor zijn <a href=\"https:\/\/www.bafin.de\/SharedDocs\/Downloads\/DE\/dl_informationsblatt_inflation_ESAs.pdf?__blob=publicationFile&amp;v=2\" target=\"_blank\" rel=\"noopener\"><strong>Inflatie en rentetarieven<\/strong><\/a>\u00a0(PDF). De sterke prijsstijging vanaf 2022 heeft niet alleen gevolgen gehad voor huishoudens, maar ook voor bedrijven. Grondstoffen, primaire producten, huren, energie - bijna alles werd aanzienlijk duurder. Hoewel de inflatie nu iets is gedaald, blijft het prijsniveau hoog. En als iets eenmaal duur is geworden, wordt het zelden weer goedkoop.<\/p>\n<p>Tegelijkertijd hebben de centrale banken de rentetarieven sterk verhoogd om de inflatie te beteugelen. Hoewel dit effect heeft gehad, heeft het ook de financieringskosten opgedreven. Leningen voor investeringen, machines, gebouwen of bedrijfsmiddelen kosten nu aanzienlijk meer dan een paar jaar geleden. Veel ondernemers staan daarom onder dubbele druk: hoge bedrijfskosten en tegelijkertijd duurdere financiering. Deze combinatie treft vooral KMO's, die afhankelijk zijn van leningen om hun bedrijf te moderniseren of uit te breiden.<\/p>\n<div class=\"lyte-wrapper\" style=\"width:640px;max-width:100%;margin:5px;\"><div class=\"lyMe\" id=\"WYL_Kxg_RAOYni8\"><div id=\"lyte_Kxg_RAOYni8\" data-src=\"https:\/\/www.markus-schall.de\/wp-content\/plugins\/wp-youtube-lyte\/lyteCache.php?origThumbUrl=%2F%2Fi.ytimg.com%2Fvi%2FKxg_RAOYni8%2Fhqdefault.jpg\" class=\"pL\"><div class=\"tC\"><div class=\"tT\"><\/div><\/div><div class=\"play\"><\/div><div class=\"ctrl\"><div class=\"Lctrl\"><\/div><div class=\"Rctrl\"><\/div><\/div><\/div><noscript><a href=\"https:\/\/youtu.be\/Kxg_RAOYni8\" rel=\"nofollow noopener\" target=\"_blank\"><img loading=\"lazy\" decoding=\"async\" src=\"https:\/\/www.markus-schall.de\/wp-content\/plugins\/wp-youtube-lyte\/lyteCache.php?origThumbUrl=https%3A%2F%2Fi.ytimg.com%2Fvi%2FKxg_RAOYni8%2F0.jpg\" alt=\"YouTube video thumbnail\" width=\"640\" height=\"340\" \/><br \/>Bekijk deze video op YouTube<\/a><\/noscript><\/div><\/div><div class=\"lL\" style=\"max-width:100%;width:640px;margin:5px;\"><\/div><br \/>\nHans-Werner Sinn: \u201eDit is het recept voor een echte catastrofe\u201c | <a href=\"https:\/\/www.youtube.com\/@borseonlineYoutube\" target=\"_blank\" rel=\"noopener\">Effectenbeurs Online<\/a><\/p>\n<h3>Het grote plaatje: Een land dat economisch onzeker is<\/h3>\n<p>Als je al deze indicatoren samen bekijkt, ontstaat er een duidelijk beeld: Duitsland is economisch onzeker. Niet in de zin van een plotselinge crash, maar meer als iemand die over een langere periode aan kracht verliest. De stemming is bedrukt, investeringen worden uitgesteld, risico's worden vermeden. Veel bedrijven werken in \u201everdedigingsmodus\u201c - ze houden het bedrijf draaiende, maar durven geen grote stappen vooruit te zetten.<\/p>\n<p>Deze voorzichtige stemming is misschien wel de belangrijkste indicator van allemaal. De economie is immers niet alleen een kwestie van cijfers, maar ook van vertrouwen. Als dit vertrouwen ontbreekt, blijven zelfs goede randvoorwaarden ineffectief. Eind 2025 bevinden we ons op zo'n punt: de cijfers vertellen over een economie die moe is geworden. En de stemming laat zien dat veel ondernemers niet geloven dat dit op korte termijn zal veranderen.<\/p>\n<p>Als we het over economische indicatoren hebben, lijken ze vaak abstract. Maar in de praktijk zijn deze ontwikkelingen heel duidelijk voelbaar. Ik werk zelf al meer dan tien jaar in de ERP-sector, midden in een markt waar normaal gesproken veel vraag naar is als bedrijven investeren, groeien of processen moderniseren. En juist hier is de laatste jaren veel veranderd. Er komen steeds minder aanvragen, budgetten worden kleiner en zelfs bedrijven die vroeger regelmatig investeerden in software en infrastructuur zijn nu veel terughoudender. Je kunt zien dat de bereidheid om te investeren is afgenomen - niet alleen selectief, maar als trend. Als je dagelijks met KMO's praat, krijg je een goed gevoel voor de werkelijke situatie, die vaak aanzienlijk lager is dan wat offici\u00eble rapporten suggereren. Dit is een van de redenen waarom de volgende cijfers zo serieus genomen moeten worden.<\/p>\n<div style=\"overflow-x: auto;\">\n<table style=\"border-collapse: collapse; width: 100%;\">\n<thead style=\"background-color: #f2f2f2;\">\n<tr>\n<th style=\"padding: 8px; border: 1px solid #ccc;\">Jaar<\/th>\n<th style=\"padding: 8px; border: 1px solid #ccc;\">ifo Ondernemingsklimaat<br \/>\n(Trend)<\/th>\n<th style=\"padding: 8px; border: 1px solid #ccc;\">BBP-groei<\/th>\n<th style=\"padding: 8px; border: 1px solid #ccc;\">Inflatie<br \/>\n(tendens)<\/th>\n<th style=\"padding: 8px; border: 1px solid #ccc;\">Renteomgeving<br \/>\n(ECB)<\/th>\n<\/tr>\n<\/thead>\n<tbody>\n<tr>\n<td style=\"padding: 8px; border: 1px solid #ccc;\"><strong>2020<\/strong><\/td>\n<td style=\"padding: 8px; border: 1px solid #ccc;\">Sterke daling door pandemie<\/td>\n<td style=\"padding: 8px; border: 1px solid #ccc;\">-4,1 %<\/td>\n<td style=\"padding: 8px; border: 1px solid #ccc;\">Gematigde inflatie<\/td>\n<td style=\"padding: 8px; border: 1px solid #ccc;\">0 % Belangrijkste rentevoet<\/td>\n<\/tr>\n<tr>\n<td style=\"padding: 8px; border: 1px solid #ccc;\"><strong>2021<\/strong><\/td>\n<td style=\"padding: 8px; border: 1px solid #ccc;\">Herstel, maar instabiel<\/td>\n<td style=\"padding: 8px; border: 1px solid #ccc;\">+2,9 %<\/td>\n<td style=\"padding: 8px; border: 1px solid #ccc;\">Stijgende<\/td>\n<td style=\"padding: 8px; border: 1px solid #ccc;\">0 % Belangrijkste rentevoet<\/td>\n<\/tr>\n<tr>\n<td style=\"padding: 8px; border: 1px solid #ccc;\"><strong>2022<\/strong><\/td>\n<td style=\"padding: 8px; border: 1px solid #ccc;\">Sentimentdaling door energiecrisis<\/td>\n<td style=\"padding: 8px; border: 1px solid #ccc;\">+1,8 %<\/td>\n<td style=\"padding: 8px; border: 1px solid #ccc;\">Sterk stijgend<\/td>\n<td style=\"padding: 8px; border: 1px solid #ccc;\">Eerste renteverhogingen<\/td>\n<\/tr>\n<tr>\n<td style=\"padding: 8px; border: 1px solid #ccc;\"><strong>2023<\/strong><\/td>\n<td style=\"padding: 8px; border: 1px solid #ccc;\">Zwak sentiment, inflatiedruk<\/td>\n<td style=\"padding: 8px; border: 1px solid #ccc;\">0 % tot licht negatief<\/td>\n<td style=\"padding: 8px; border: 1px solid #ccc;\">Hoog, maar dalend<\/td>\n<td style=\"padding: 8px; border: 1px solid #ccc;\">Meerdere renteverhogingen<\/td>\n<\/tr>\n<tr>\n<td style=\"padding: 8px; border: 1px solid #ccc;\"><strong>2024<\/strong><\/td>\n<td style=\"padding: 8px; border: 1px solid #ccc;\">Gematigde stemming, nauwelijks groei<\/td>\n<td style=\"padding: 8px; border: 1px solid #ccc;\">0 tot +0,2 %<\/td>\n<td style=\"padding: 8px; border: 1px solid #ccc;\">Gematigde daling<\/td>\n<td style=\"padding: 8px; border: 1px solid #ccc;\">Hoge rentetarieven<\/td>\n<\/tr>\n<tr>\n<td style=\"padding: 8px; border: 1px solid #ccc;\"><strong>2025<\/strong><\/td>\n<td style=\"padding: 8px; border: 1px solid #ccc;\">Dalende, voorzichtige verwachtingen<\/td>\n<td style=\"padding: 8px; border: 1px solid #ccc;\">Stagnatie<\/td>\n<td style=\"padding: 8px; border: 1px solid #ccc;\">Genormaliseerd, maar prijsniveau blijft hoog<\/td>\n<td style=\"padding: 8px; border: 1px solid #ccc;\">Rente blijft hoog<\/td>\n<\/tr>\n<\/tbody>\n<\/table>\n<\/div>\n<h2>Bedrijfsinsolventies: De stille golf die steeds luider wordt<\/h2>\n<p>Als je de economische ontwikkeling van de afgelopen jaren wilt begrijpen, is er \u00e9\u00e9n onderwerp waar je niet omheen kunt: het stijgende aantal bedrijfsinsolventies. In zekere zin zijn dit de moeilijkste van alle indicatoren. Terwijl sentimentele waarden of prognoses laten zien hoe bedrijven de situatie inschatten, laten faillissementen zien wat er daadwerkelijk gebeurt als de lasten te groot worden. En dit is precies waar de cijfers van de afgelopen jaren duidelijk zijn - duidelijker dan velen zouden willen toegeven.<\/p>\n<h3>De trend sinds 2020 - een patroon met een aanloop<\/h3>\n<p>Interessant genoeg steeg het aantal insolventies niet onmiddellijk na de pandemie. Integendeel: staatssteun, werktijdverkorting en beschermende schilden stabiliseerden kunstmatig veel bedrijven in 2020 en 2021. Experts spraken toen al van een \u201euitgestelde golf\u201c.<\/p>\n<p>Dit uitstel betaalt zich nu uit. De curve begon aan te trekken in 2022, werd nog steiler in 2023 en bereikte in 2024 en 2025 niveaus die lange tijd niet gezien waren. Veel bedrijven kunnen de combinatie van hogere kosten, hogere rentes en een zwakkere vraag niet langer aan. Vooral kmo's komen in de problemen omdat hun financi\u00eble buffers beperkt zijn en omdat ze niet zo gemakkelijk toegang hebben tot vers kapitaal als bedrijven.<\/p>\n<h3>De cijfers van Creditreform en Destatis - een duidelijk waarschuwingssignaal<\/h3>\n<p>De <a href=\"https:\/\/www.creditreform.de\/aktuelles-wissen\/pressemeldungen-fachbeitraege\/news-details\/show\/insolvenzen-in-deutschland-1-halbjahr-2025\" target=\"_blank\" rel=\"noopener\"><strong>offici\u00eble statistieken<\/strong><\/a> bevestigen deze trend:<\/p>\n<ul>\n<li><strong>2023<\/strong>Het aantal bedrijfsinsolventies stijgt met meer dan 20 % ten opzichte van het voorgaande jaar.<\/li>\n<li><strong>2024<\/strong>Weer een aanzienlijke stijging - het hoogste niveau in bijna tien jaar.<\/li>\n<li><strong>2025<\/strong>: Al een piek in tien jaar in de eerste helft van het jaar en geen indicatie dat de trend zou kunnen afvlakken.<\/li>\n<\/ul>\n<p>Deze cijfers zijn meer dan alleen statistieken. Ze laten zien dat veel bedrijven de crisisjaren alleen hebben overleefd omdat ze lasten hebben uitgesteld. Nu de financieringskosten hoger zijn, de energieprijzen aanzienlijk hoger liggen dan voor de crisis en de vraag zwak blijft, verdwijnt deze pretentie.<\/p>\n<h3>Wie wordt het meest getroffen - van kleine bedrijven tot middelgrote ondernemingen?<\/h3>\n<p>Lange tijd waren het vooral kleinere bedrijven die werden getroffen, maar sinds 2024 verschuift het beeld: steeds meer middelgrote en grotere bedrijven beginnen ook te wankelen. Dit heeft ernstige gevolgen: Als een bedrijf met 200 of 500 werknemers failliet gaat, verliezen niet alleen meer mensen hun baan - ook toeleveringsketens, klantenstructuren en hele bedrijfsnetwerken beginnen af te glijden.<\/p>\n<p>Vooral sectoren die al onder druk staan, lopen gevaar:<\/p>\n<ul>\n<li>de detailhandel, die te lijden heeft onder een trage consumptie en hoge kosten,<\/li>\n<li>de bouwsector, die wordt afgeremd door dure leningen en materiaalprijzen,<\/li>\n<li>Delen van de industrie die kampen met internationale concurrentienadelen,<\/li>\n<li>De horeca en het hotelwezen, die een gebrek hebben aan zowel personeel als klanten die bereid zijn te betalen.<\/li>\n<\/ul>\n<h3>Waarom deze golf zo gevaarlijk is - het domino-effect<\/h3>\n<p>Insolventies staan zelden op zichzelf. Wanneer een bedrijf failliet gaat, blijven onbetaalde facturen liggen, verliezen leveranciers bestellingen, klanten verliezen producten of diensten. Elk faillissement heeft gevolgen voor andere bedrijven in de keten - en als de economie toch al achteruitgaat, wordt dit effect nog versterkt. Het resultaat is een soort economisch domino-effect: het ene faillissement leidt tot het andere.<\/p>\n<h3>Een ontwikkeling die serieus moet worden genomen<\/h3>\n<p>Het stijgende aantal faillissementen laat duidelijk zien dat Duitsland zich niet alleen in een oppervlakkige fase van zwakte bevindt. Veel bedrijven worstelen niet langer met individuele problemen, maar met een algemene situatie die zo gespannen is dat zelfs solide bedrijven wankelen. Insolventies zijn daarom geen marginale kwestie, maar een van de belangrijkste signalen van de werkelijke economische toestand van een land.<\/p>\n<div style=\"overflow-x: auto;\">\n<table style=\"border-collapse: collapse; width: 100%;\">\n<thead style=\"background-color: #f2f2f2;\">\n<tr>\n<th style=\"padding: 8px; border: 1px solid #ccc;\">Jaar<\/th>\n<th style=\"padding: 8px; border: 1px solid #ccc;\">Bedrijfsinsolventies<br \/>\n(Trend)<\/th>\n<th style=\"padding: 8px; border: 1px solid #ccc;\">Opmerkingen<\/th>\n<\/tr>\n<\/thead>\n<tbody>\n<tr>\n<td style=\"padding: 8px; border: 1px solid #ccc;\"><strong>2020<\/strong><\/td>\n<td style=\"padding: 8px; border: 1px solid #ccc;\">Afname<\/td>\n<td style=\"padding: 8px; border: 1px solid #ccc;\">Staatssteun voorkomt golf van faillissementen<\/td>\n<\/tr>\n<tr>\n<td style=\"padding: 8px; border: 1px solid #ccc;\"><strong>2021<\/strong><\/td>\n<td style=\"padding: 8px; border: 1px solid #ccc;\">Kunstmatig laag<\/td>\n<td style=\"padding: 8px; border: 1px solid #ccc;\">Opgeschorte insolventieverplichtingen blijven van toepassing<\/td>\n<\/tr>\n<tr>\n<td style=\"padding: 8px; border: 1px solid #ccc;\"><strong>2022<\/strong><\/td>\n<td style=\"padding: 8px; border: 1px solid #ccc;\">Stijg<\/td>\n<td style=\"padding: 8px; border: 1px solid #ccc;\">Energieprijzen en inflatie zijn een last<\/td>\n<\/tr>\n<tr>\n<td style=\"padding: 8px; border: 1px solid #ccc;\"><strong>2023<\/strong><\/td>\n<td style=\"padding: 8px; border: 1px solid #ccc;\">Aanzienlijke toename<\/td>\n<td style=\"padding: 8px; border: 1px solid #ccc;\">Meer dan 20 % meer insolventies<\/td>\n<\/tr>\n<tr>\n<td style=\"padding: 8px; border: 1px solid #ccc;\"><strong>2024<\/strong><\/td>\n<td style=\"padding: 8px; border: 1px solid #ccc;\">Sterk toegenomen<\/td>\n<td style=\"padding: 8px; border: 1px solid #ccc;\">Hoogste niveau sinds ongeveer 2015<\/td>\n<\/tr>\n<tr>\n<td style=\"padding: 8px; border: 1px solid #ccc;\"><strong>2025<\/strong><\/td>\n<td style=\"padding: 8px; border: 1px solid #ccc;\">Verdere toename<\/td>\n<td style=\"padding: 8px; border: 1px solid #ccc;\">1e halfjaar: hoogste niveau in tien jaar<\/td>\n<\/tr>\n<\/tbody>\n<\/table>\n<\/div>\n<h2>Structurele zwakheden die in de loop der jaren zijn ontstaan<\/h2>\n<p>Jarenlang was een van de grootste structurele zwakheden van Duitsland de kwestie van <a href=\"https:\/\/www.destatis.de\/DE\/Themen\/Wirtschaft\/Preise\/Erdgas-Strom-DurchschnittsPreise\/_inhalt.html\" target=\"_blank\" rel=\"noopener\"><strong>Energieprijzen<\/strong><\/a>. Bedrijven hebben energie nodig om te produceren, te koelen, te verwarmen en te transporteren. En in geen enkel ander ge\u00efndustrialiseerd land in Europa is energie zo permanent duur als hier.<br \/>\nZelfs v\u00f3\u00f3r de energiecrisis van 2022 zat Duitsland al in de bovenste prijsklasse. De crisis heeft dit nadeel niet gecre\u00eberd, maar alleen blootgelegd. Zelfs nu - aan het einde van 2025 - zijn de prijzen niet meer op het recordniveau van toen, maar ze zijn nog steeds aanzienlijk hoger dan wat veel internationale concurrenten betalen.<\/p>\n<p>Dit heeft gevolgen: Bedrijven worden minder concurrerend, investeringen worden verplaatst en sommige productie wordt helemaal stopgezet. En zelfs als energie op een gegeven moment weer goedkoper zou worden, zou de schade aan het vertrouwen blijven bestaan: Veel bedrijven nemen geen beslissingen op basis van de huidige prijzen, maar op basis van de voorspelbaarheid op lange termijn. Deze voorspelbaarheid is de afgelopen jaren in Duitsland niet vanzelfsprekend geweest.<\/p>\n<h3>Bureaucratie en regelgeving - een last die zwaarder weegt dan velen beseffen<\/h3>\n<p>Er is bijna geen ondernemer of zelfstandige die niet heeft geklaagd over de toenemende bureaucratie. Maar er zit meer achter deze klachten dan alledaagse frustratie. De dichtheid van regelgeving in Duitsland en de EU heeft de afgelopen jaren een niveau bereikt dat vooral voor kleine en middelgrote bedrijven een enorme last vormt.<\/p>\n<p>Elke nieuwe regelgeving betekent tijd, geld en vaak juridisch advies. Grote bedrijven kunnen zich hele compliance-afdelingen veroorloven. Middelgrote bedrijven kunnen dat niet. En dit is precies waar een structureel concurrentienadeel ontstaat: hoe kleiner een bedrijf, hoe meer het verlamd wordt door bureaucratie.<\/p>\n<p>Veel ondernemers hebben het nu over een soort \u201eoverhang door regelgeving\u201c - een situatie waarin innovatie en investeringen mislukken, niet door een gebrek aan idee\u00ebn, maar door formulieren, deadlines, controles en bewijzen. En dit is iets dat niet van de ene op de andere dag kan worden gecorrigeerd. Bureaucratie ontstaat langzaam en verdwijnt meestal net zo langzaam.<\/p>\n<h3>Tekort aan vaardigheden, onderwijssysteem en demografie - een probleem dat niemand meer kan wegpraten<\/h3>\n<p>Het tekort aan geschoolde arbeidskrachten is geen nieuw fenomeen. Er wordt al jaren over gesproken, maar het is lange tijd niet serieus genoeg genomen. Het heeft nu gevolgen op alle niveaus: Ambachtelijke bedrijven kunnen geen stagiairs vinden, industri\u00eble bedrijven geen technici, IT-bedrijven geen ontwikkelaars. Zelfs eenvoudige dienstverlenende bedrijven realiseren zich dat ze een tekort aan personeel hebben.<\/p>\n<p>Daarbij komt een onderwijssysteem dat al lang niet meer aan zijn eigen normen voldoet. Scholen kampen met personeelstekorten, universiteiten met capaciteitsbezetting en afnemende kwaliteit en beroepsopleidingen met dalende normen. Tegelijkertijd vergrijst de bevolking en komen er steeds minder jongeren op de arbeidsmarkt.<\/p>\n<p>Samen vormt dit een structureel probleem dat rechtstreeks van invloed is op de prestaties van de economie. Zonder gekwalificeerd personeel kunnen er geen nieuwe technologie\u00ebn worden ontwikkeld, kunnen processen niet worden gemoderniseerd en kunnen bedrijven niet groeien. En dit is, nuchter beschouwd, een van de grootste uitdagingen van het komende decennium.<\/p>\n<h3>Trage consumptie en terughoudendheid om te investeren - een economie op de rem<\/h3>\n<p>Als consumenten en bedrijven tegelijkertijd voorzichtiger worden, is het resultaat een gevaarlijke mix. Consumenten verminderen hun uitgaven omdat het leven duurder is geworden, terwijl bedrijven hun investeringen verminderen omdat ze niet zeker weten of ze de uitgaven wel aankunnen. Deze twee effecten versterken elkaar:<\/p>\n<ul>\n<li>Als de bevolking minder koopt, daalt de vraag.<\/li>\n<li>Als bedrijven minder investeren, komt er geen nieuw economisch momentum.<\/li>\n<\/ul>\n<p>Het resultaat is een soort sluipende vertraging waarbij de economie niet dramatisch instort, maar nauwelijks vooruitgang boekt. En het is precies deze vertraging die Duitsland al jaren kenmerkt. Het is een van de duidelijkste signalen dat het probleem geen kortetermijnzwakte is, maar een diepgeworteld structureel probleem.<\/p>\n<h3>Een vaak over het hoofd geziene oorzaak: mentale vermoeidheid in ondernemerschap<\/h3>\n<p>Naast alle economische factoren is er ook een menselijke component die bijna niemand openlijk aankaart: de algemene uitputting van veel ondernemers. Na vijf jaar van constante crisis - pandemie, energieprijzen, inflatie, rentetarieven, constante politieke onzekerheid - zijn veel ondernemers gewoon uitgeput.<\/p>\n<ul>\n<li>Het is geen gebrek aan idee\u00ebn, maar een gebrek aan <strong>Stroom<\/strong>.<\/li>\n<li>Geen gebrek aan motivatie, maar een gebrek aan <strong>Vertrouwen<\/strong>.<\/li>\n<li>Geen gebrek aan wil, maar een gebrek aan duidelijke <strong>Algemene voorwaarden<\/strong>.<\/li>\n<\/ul>\n<p>Als je in tientallen jaren een bedrijf hebt opgebouwd, verwacht je dat de politieke en economische omstandigheden redelijk voorspelbaar zijn. Maar sinds 2020 lijken veel dingen grillig, kortdurend en verwarrend. Dit gevoel dat je niet meer kunt plannen, vreet diep in ondernemers. En deze mentale toestand heeft effecten die niet direct worden weerspiegeld in statistieken - maar die zeker worden weerspiegeld in de beslissingen die bedrijven nemen.<\/p>\n<div style=\"overflow-x: auto;\">\n<table style=\"border-collapse: collapse; width: 100%;\">\n<thead style=\"background-color: #f2f2f2;\">\n<tr>\n<th style=\"padding: 8px; border: 1px solid #ccc;\">Factor<\/th>\n<th style=\"padding: 8px; border: 1px solid #ccc;\">Belasting<br \/>\n(2020-2025)<\/th>\n<th style=\"padding: 8px; border: 1px solid #ccc;\">Beschrijving van de<\/th>\n<\/tr>\n<\/thead>\n<tbody>\n<tr>\n<td style=\"padding: 8px; border: 1px solid #ccc;\"><strong>Energieprijzen<\/strong><\/td>\n<td style=\"padding: 8px; border: 1px solid #ccc;\">Hoog<\/td>\n<td style=\"padding: 8px; border: 1px solid #ccc;\">Sterke stijging vanaf 2022, permanent boven het niveau van voor de crisis in 2025<\/td>\n<\/tr>\n<tr>\n<td style=\"padding: 8px; border: 1px solid #ccc;\"><strong>Bureaucratie<\/strong><\/td>\n<td style=\"padding: 8px; border: 1px solid #ccc;\">Zeer hoog<\/td>\n<td style=\"padding: 8px; border: 1px solid #ccc;\">Veel regelgeving, vooral belastend voor het mkb<\/td>\n<\/tr>\n<tr>\n<td style=\"padding: 8px; border: 1px solid #ccc;\"><strong>Tekort aan geschoolde arbeidskrachten<\/strong><\/td>\n<td style=\"padding: 8px; border: 1px solid #ccc;\">Aanhoudend<\/td>\n<td style=\"padding: 8px; border: 1px solid #ccc;\">Demografische verandering + verzwakking van het onderwijssysteem<\/td>\n<\/tr>\n<tr>\n<td style=\"padding: 8px; border: 1px solid #ccc;\"><strong>Financieringskosten<\/strong><\/td>\n<td style=\"padding: 8px; border: 1px solid #ccc;\">Stijgende<\/td>\n<td style=\"padding: 8px; border: 1px solid #ccc;\">Rentewijziging maakt leningen sinds 2022 massaal duurder<\/td>\n<\/tr>\n<tr>\n<td style=\"padding: 8px; border: 1px solid #ccc;\"><strong>Terugval in consumptie<\/strong><\/td>\n<td style=\"padding: 8px; border: 1px solid #ccc;\">Gemiddeld tot hoog<\/td>\n<td style=\"padding: 8px; border: 1px solid #ccc;\">Consumenten geven minder uit, hoge prijzen zijn een extra rem<\/td>\n<\/tr>\n<tr>\n<td style=\"padding: 8px; border: 1px solid #ccc;\"><strong>Investeringsbereidheid<\/strong><\/td>\n<td style=\"padding: 8px; border: 1px solid #ccc;\">Laag<\/td>\n<td style=\"padding: 8px; border: 1px solid #ccc;\">Onzekerheid leidt tot terughoudendheid bij bedrijven<\/td>\n<\/tr>\n<\/tbody>\n<\/table>\n<\/div>\n<h2>De algemene toestand van de Duitse economie in december 2025<\/h2>\n<p>Wanneer alle indicatoren worden samengevoegd - het ondernemerssentiment, de trend in faillissementen, de bestedingsbereidheid van consumenten, de investeringsbereidheid van bedrijven - kan het totaalbeeld nauwelijks duidelijker zijn: De Duitse economie ziet er moe uit.<\/p>\n<p>Niet uitgeput in de zin van een plotselinge panne, maar meer zoals een krachtige motor die jarenlang onder hoge belasting heeft gedraaid zonder tussendoor echt de kans te krijgen om af te koelen. Het resultaat is een geleidelijk verlies van prestaties. Alles werkt nog wel, maar er is een gebrek aan snelheid, kracht en dynamiek.<\/p>\n<p>Veel bedrijven worstelen zich door het dagelijks leven in plaats van strategisch te plannen voor de toekomst. Er is een gevoel van voorzichtigheid, bijna een mentale reserve. Ze willen investeren, maar aarzelen. Ze willen moderniseren, maar wachten liever nog een kwartaal. En deze aarzeling dringt nu door in hele sectoren.<\/p>\n<h3>De situatie van kmo's - het hart van de economie onder druk<\/h3>\n<p>Een blik op de Duitse MKB-sector, die traditioneel wordt beschouwd als de ruggengraat van de economie, is bijzonder onthullend. We zien hier een mix van financi\u00eble lasten, bureaucratische hindernissen en een gebrek aan planningszekerheid. Veel KMO's zeggen openlijk dat ze de afgelopen jaren meer energie hebben moeten steken in crisismanagement dan in groei of innovatie.<\/p>\n<p>Maar juist deze sector is cruciaal voor Duitsland: KMO's cre\u00ebren miljoenen banen, leiden een groot deel van de geschoolde werknemers op en leveren een belangrijke bijdrage aan de regionale stabiliteit. Als deze sector faalt, zullen de gevolgen veel verder reiken dan individuele bedrijven.<\/p>\n<p>De realiteit eind 2025 is dan ook ontnuchterend: kmo's staan niet voor de afgrond, maar ze staan wel meer onder druk dan in vele jaren. Sommige bedrijven bieden weerstand, andere geven het op en veel bedrijven weten niet wat er volgend jaar gaat gebeuren.<\/p>\n<h3>De stemming in de directiekamer - voorzichtigheid in plaats van een nieuw begin<\/h3>\n<p>Hoewel offici\u00eble statistieken vaak sober lijken, kun je veel te weten komen over de werkelijke situatie als je het direct aan directeuren vraagt. En dit is precies wat instellingen zoals het ifo-instituut, de DIHK en verschillende banken regelmatig doen. De stemming die daar wordt opgevangen is duidelijk:<\/p>\n<ul>\n<li>weinig optimisme,<\/li>\n<li>veel voorzichtigheid,<\/li>\n<li>duidelijke terughoudendheid om te investeren,<\/li>\n<li>Onzekerheid in personeelsplanning en locatiebeslissingen.<\/li>\n<\/ul>\n<p>Veel ondernemers geven aan dat ze beslissingen uitstellen omdat ze geen vertrouwen hebben in stabiele randvoorwaarden. Ze weten niet hoe de energieprijzen zich zullen ontwikkelen, hoe politieke beslissingen zullen uitpakken, hoe de rentetarieven zullen veranderen of hoe de vraag zich zal ontwikkelen. Deze onzekerheid is misschien wel de grootste factor die hen tegenhoudt.<\/p>\n<p>Want als ondernemers niet vooruit plannen, staat de hele economie stil.<\/p>\n<hr \/>\n<h3>Huidig onderzoek naar vertrouwen in de politiek<\/h3>\n<div class='bootstrap-yop yop-poll-mc'>\n\t\t\t\t\t\t\t<div class=\"basic-yop-poll-container\" style=\"background-color:#ffffff; border:0px; border-style:solid; border-color:#000000; border-radius:5px; padding:0px 5px;\" data-id=\"1\" data-temp=\"basic-pretty\" data-skin=\"square\" data-cscheme=\"blue\" data-cap=\"0\" data-access=\"guest\" data-tid=\"\" data-uid=\"94a9bf44dfc8287e1b2e705d1a964841\" data-pid=\"4039\" data-resdet=\"votes-number,percentages\" data-show-results-to=\"guest\" data-show-results-moment=\"after-vote\" data-show-results-only=\"false\" data-show-message=\"true\" data-show-results-as=\"bar\" data-sort-results-by=\"as-defined\" data-sort-results-rule=\"asc\"data-is-ended=\"0\" data-percentages-decimals=\"2\" data-gdpr=\"no\" data-gdpr-sol=\"consent\" data-css=\"\" data-counter=\"0\" data-load-with=\"1\" data-notification-section=\"top\"><div class=\"row\"><div class=\"col-md-12\"><div class=\"basic-inner\"><div class=\"basic-message hide\" style=\"border-left: 10px solid #008000; padding: 0px 10px;\" data-error=\"#ff0000\" data-success=\"#008000\"><p class=\"basic-message-text\" style=\"color:#000000; font-size:14px; font-weight:normal;\"><\/p><\/div><div class=\"basic-overlay hide\"><div class=\"basic-vote-options\"><\/div><div class=\"basic-preloader\"><div class=\"basic-windows8\"><div class=\"basic-wBall basic-wBall_1\"><div class=\"basic-wInnerBall\"><\/div><\/div><div class=\"basic-wBall basic-wBall_2\"><div class=\"basic-wInnerBall\"><\/div><\/div><div class=\"basic-wBall basic-wBall_3\"><div class=\"basic-wInnerBall\"><\/div><\/div><div class=\"basic-wBall basic-wBall_4\"><div class=\"basic-wInnerBall\"><\/div><\/div><div class=\"basic-wBall basic-wBall_5\"><div class=\"basic-wInnerBall\"><\/div><\/div><\/div><\/div><\/div><form class=\"basic-form\" action=\"\"><input type=\"hidden\" name=\"_token\" value=\"aefa1c200b\" autocomplete=\"off\"><div class=\"basic-elements\"><div class=\"basic-element basic-question basic-question-text-vertical\" data-id=\"1\" data-uid=\"ce745be92adc26297279bd60a182cb0d\" data-type=\"question\" data-question-type=\"text\" data-required=\"yes\" data-allow-multiple=\"no\" data-min=\"1\" data-max=\"1\" data-display=\"vertical\" data-colnum=\"\" data-display-others=\"no\" data-others-color=\"\" data-others=\"\" data-others-max-chars=\"0\"><div class=\"basic-question-title\"><h5 style=\"color:#000000; font-size:16px; font-weight:normal; text-align:left;\">Hoeveel vertrouwen heb je in de politiek en de media in Duitsland?<\/h5><\/div><ul class=\"basic-answers\"><li class=\"basic-answer\" style=\"padding:0px 0px;\" data-id=\"1\" data-type=\"text\" data-vn=\"10\" data-color=\"#000000\" data-make-link=\"no\" data-link=\"\"><div class=\"basic-answer-content basic-text-vertical\"><label for=\"answer[1]\" class=\"basic-answer-label\"><input type=\"radio\" id=\"answer[1]\" name=\"answer[1]\" value=\"1\"><span class=\"basic-text\" style=\"color: #000000; font-size: 14px; font-weight: normal;\">Zeer hoog - ik vertrouw de offici\u00eble instanties volledig<\/span><\/label><\/div><\/li><li class=\"basic-answer\" style=\"padding:0px 0px;\" data-id=\"2\" data-type=\"text\" data-vn=\"22\" data-color=\"#000000\" data-make-link=\"no\" data-link=\"\"><div class=\"basic-answer-content basic-text-vertical\"><label for=\"answer[2]\" class=\"basic-answer-label\"><input type=\"radio\" id=\"answer[2]\" name=\"answer[1]\" value=\"2\"><span class=\"basic-text\" style=\"color: #000000; font-size: 14px; font-weight: normal;\">Gemiddeld - Ik ben voorzichtig, maar niet fundamenteel achterdochtig<\/span><\/label><\/div><\/li><li class=\"basic-answer\" style=\"padding:0px 0px;\" data-id=\"3\" data-type=\"text\" data-vn=\"53\" data-color=\"#000000\" data-make-link=\"no\" data-link=\"\"><div class=\"basic-answer-content basic-text-vertical\"><label for=\"answer[3]\" class=\"basic-answer-label\"><input type=\"radio\" id=\"answer[3]\" name=\"answer[1]\" value=\"3\"><span class=\"basic-text\" style=\"color: #000000; font-size: 14px; font-weight: normal;\">Laag - Ik controleer veel dingen zelf<\/span><\/label><\/div><\/li><li class=\"basic-answer\" style=\"padding:0px 0px;\" data-id=\"4\" data-type=\"text\" data-vn=\"250\" data-color=\"#000000\" data-make-link=\"no\" data-link=\"\"><div class=\"basic-answer-content basic-text-vertical\"><label for=\"answer[4]\" class=\"basic-answer-label\"><input type=\"radio\" id=\"answer[4]\" name=\"answer[1]\" value=\"4\"><span class=\"basic-text\" style=\"color: #000000; font-size: 14px; font-weight: normal;\">Nauwelijks bestaand - ik geloof dat veel is versluierd of ge\u00ebnsceneerd<\/span><\/label><\/div><\/li><\/ul><\/div><div class=\"clearfix\"><\/div><\/div><div class=\"basic-vote\"><a href=\"#\" class=\"button basic-vote-button\" role=\"button\" style=\"background:#027bb8; border:0px; border-style: solid; border-color:#1636f0; border-radius:5px; padding:10px 10px; color:#ffffff; font-size:14px; font-weight:normal;\">Stem<\/a><\/div><input type=\"hidden\" name=\"trp-form-language\" value=\"nl\"\/><\/form><\/div><\/div><\/div><\/div>\n\t\t\t\t\t\t<\/div>\n<hr \/>\n<h3>Publiek vertrouwen - wanneer onzekerheid deel gaat uitmaken van het dagelijks leven<\/h3>\n<p>De economische situatie weerspiegelt zich al lang in het dagelijks leven van mensen. Veel huishoudens voelen nog steeds de gevolgen van de hoge inflatie van de afgelopen jaren: voedsel, diensten, verzekeringen, huur - alles is duurder geworden en blijft duurder.<\/p>\n<p>Dit leidt tot een daling van de consumptie omdat veel mensen voorzichtiger worden, minder uitgeven of bewust gaan sparen. En in een sterk op het binnenland geori\u00ebnteerde economie als Duitsland heeft deze consumptiedaling directe gevolgen voor bedrijven en dus ook voor de werkgelegenheid.<\/p>\n<p>Tegelijkertijd is er een zekere basisonzekerheid ontstaan. Veel mensen vragen zich af of banen op de lange termijn veilig zijn, of bedrijven zullen overleven en of politici de situatie echt onder controle hebben. Dit diffuse gevoel heeft een sterkere impact dan in cijfers kan worden uitgedrukt. De economie is immers niet alleen een technisch systeem; ze is altijd afhankelijk van verwachtingen en vertrouwen.<\/p>\n<h3>De positie van Duitsland in internationale vergelijkingen - de oude voorsprong slinkt<\/h3>\n<p>Tientallen jaren lang werd Duitsland beschouwd als de economische motor van Europa. Sterk in export, met een brede industri\u00eble basis, betrouwbaar en solide gefinancierd. Maar deze voorsprong slinkt - niet snel, maar gestaag.<\/p>\n<p>Verschillende andere landen groeien sneller, investeren doortastender of profiteren van gunstiger vestigingsvoorwaarden. Tegelijkertijd hebben Duitse bedrijven het moeilijk om de hoge kosten en toenemende regelgeving het hoofd te bieden. Sectoren waarin Duitsland vroeger toonaangevend was, komen onder druk te staan: machinebouw, chemie, auto-industrie.<\/p>\n<p>Een internationale vergelijking is opvallend: Duitsland blijft een sterke locatie, maar wordt minder aantrekkelijk. Niet door een enkele gebeurtenis, maar door een netwerk van structurele factoren die zich in de loop der jaren hebben opgebouwd.<\/p>\n<div class=\"lyte-wrapper\" style=\"width:640px;max-width:100%;margin:5px;\"><div class=\"lyMe\" id=\"WYL_vtbRfdgSTKc\"><div id=\"lyte_vtbRfdgSTKc\" data-src=\"https:\/\/www.markus-schall.de\/wp-content\/plugins\/wp-youtube-lyte\/lyteCache.php?origThumbUrl=%2F%2Fi.ytimg.com%2Fvi%2FvtbRfdgSTKc%2Fhqdefault.jpg\" class=\"pL\"><div class=\"tC\"><div class=\"tT\"><\/div><\/div><div class=\"play\"><\/div><div class=\"ctrl\"><div class=\"Lctrl\"><\/div><div class=\"Rctrl\"><\/div><\/div><\/div><noscript><a href=\"https:\/\/youtu.be\/vtbRfdgSTKc\" rel=\"nofollow noopener\" target=\"_blank\"><img loading=\"lazy\" decoding=\"async\" src=\"https:\/\/www.markus-schall.de\/wp-content\/plugins\/wp-youtube-lyte\/lyteCache.php?origThumbUrl=https%3A%2F%2Fi.ytimg.com%2Fvi%2FvtbRfdgSTKc%2F0.jpg\" alt=\"YouTube video thumbnail\" width=\"640\" height=\"340\" \/><br \/>Bekijk deze video op YouTube<\/a><\/noscript><\/div><\/div><div class=\"lL\" style=\"max-width:100%;width:640px;margin:5px;\"><\/div><br \/>\nWat onzekerheid de economie kost <a href=\"https:\/\/www.youtube.com\/@ifoInstitut\" target=\"_blank\" rel=\"noopener\">ifo-instituut<\/a><\/p>\n<h2>Vooruitblik 2026: Wat moet er nu gebeuren?<\/h2>\n<p>Als je nuchter naar het jaar 2025 kijkt, valt \u00e9\u00e9n ding meteen op: De centrale problemen zijn al jaren bekend, maar ze worden niet consequent aangepakt. Energieprijzen, bureaucratie, belastingen, regeldruk, gebrek aan planningszekerheid - dit zijn problemen die in elke bedrijfsenqu\u00eate naar voren komen en toch worden er nauwelijks wezenlijke verbeteringen doorgevoerd.<\/p>\n<p>Om de economische situatie te verlichten, moeten juist deze aanpassingen worden doorgevoerd. Energie moet weer betaalbaar en op lange termijn berekenbaar worden. De bureaucratie moet niet cosmetisch worden verminderd, maar structureel op de schop. En economische beleidsbeslissingen moeten betrouwbaar zijn, zodat bedrijven weer kunnen plannen voor de langere termijn.<\/p>\n<p>Dit is geen wensenpakket, maar een voorwaarde voor Duitsland om zijn vroegere positie als een ge\u00efndustrialiseerd en middelgroot land te kunnen behouden.<\/p>\n<h3>Wat ondernemers zelf kunnen doen - niet wachten, maar cre\u00ebren<\/h3>\n<p>Ook al zijn veel randvoorwaarden politiek be\u00efnvloed, \u00e9\u00e9n centraal besef blijft: Ondernemers hebben het nooit gemakkelijk gehad. En degenen die overleven in moeilijke tijden zijn vaak niet degenen die wachten - maar degenen die handelen.<\/p>\n<p>Vandaag de dag betekent dit vooral \u00e9\u00e9n ding: processen radicaal vereenvoudigen en automatiseren waar dat zinvol is. De afgelopen jaren hebben aangetoond dat bedrijven die flexibel en digitaal georganiseerd zijn, aanzienlijk veerkrachtiger zijn. En dit is precies waar een punt om de hoek komt kijken dat velen nog steeds onderschatten.<\/p>\n<h3>Een persoonlijke aanbeveling: wees niet bang voor AI - het zal niet verdwijnen<\/h3>\n<p><a href=\"https:\/\/www.markus-schall.de\/nl\/2025\/12\/ki-voor-beginners-hoe-je-aan-de-slag-kunt-met-kunstmatige-intelligentie-zonder-voorkennis\/\"><img loading=\"lazy\" decoding=\"async\" class=\"alignleft wp-image-4203 size-medium\" src=\"https:\/\/www.markus-schall.de\/wp-content\/uploads\/KI-fuer-Einsteiger-Computer-300x200.jpg\" alt=\"AI voor beginners\" width=\"300\" height=\"200\" srcset=\"https:\/\/www.markus-schall.de\/wp-content\/uploads\/KI-fuer-Einsteiger-Computer-300x200.jpg 300w, https:\/\/www.markus-schall.de\/wp-content\/uploads\/KI-fuer-Einsteiger-Computer-768x512.jpg 768w, https:\/\/www.markus-schall.de\/wp-content\/uploads\/KI-fuer-Einsteiger-Computer-18x12.jpg 18w, https:\/\/www.markus-schall.de\/wp-content\/uploads\/KI-fuer-Einsteiger-Computer.jpg 1024w\" sizes=\"auto, (max-width: 300px) 100vw, 300px\" \/><\/a>Ik raad iedere ondernemer aan om in de huidige situatie niet te vertrouwen op een verdringingsstrategie. AI is niet weg te reguleren, niet uit te zitten en niet te negeren. Het is geen kortetermijntrend, maar een technologische verschuiving die net zo belangrijk zal zijn als industrialisatie of digitalisering.<\/p>\n<p>Wie vandaag <a href=\"https:\/\/www.markus-schall.de\/nl\/2025\/12\/ki-voor-beginners-hoe-je-aan-de-slag-kunt-met-kunstmatige-intelligentie-zonder-voorkennis\/\"><strong>begint AI niet te zien als een bedreiging, maar als een hulpmiddel<\/strong><\/a> energievreters in het bedrijf de komende jaren kunnen verminderen: Wrijvingsverliezen in processen, handmatige activiteiten die alleen maar tijd en zenuwen kosten, routinetaken die medewerkers vertragen.<\/p>\n<p>Wanneer AI deze gebieden overneemt, wordt het werk niet geschrapt zonder vervanging, maar verplaatst. Werknemers kunnen zich concentreren op activiteiten die zinvol zijn, dichter bij mensen staan of echte kwaliteit genereren. En dit verhoogt niet alleen de productiviteit, maar ook de tevredenheid binnen het bedrijf. Het gaat er dus niet om technologie te gebruiken om de technologie, maar om een bedrijf veerkrachtiger te maken voor de komende jaren.<\/p>\n<h3>Duurzame zichtbaarheid met lagere advertentiekosten: Eigen magazine in plaats van gehuurd bereik<\/h3>\n<p><a href=\"https:\/\/www.markus-schall.de\/nl\/jouw-internationale-magazine\/\"><img loading=\"lazy\" decoding=\"async\" class=\"alignright size-medium wp-image-3823\" src=\"https:\/\/www.markus-schall.de\/wp-content\/uploads\/magazin-gastbeitraege-300x200.jpg\" alt=\"Tijdschrift als eigendom\" width=\"300\" height=\"200\" srcset=\"https:\/\/www.markus-schall.de\/wp-content\/uploads\/magazin-gastbeitraege-300x200.jpg 300w, https:\/\/www.markus-schall.de\/wp-content\/uploads\/magazin-gastbeitraege-768x512.jpg 768w, https:\/\/www.markus-schall.de\/wp-content\/uploads\/magazin-gastbeitraege-18x12.jpg 18w, https:\/\/www.markus-schall.de\/wp-content\/uploads\/magazin-gastbeitraege.jpg 1024w\" sizes=\"auto, (max-width: 300px) 100vw, 300px\" \/><\/a>Jaar na jaar investeren veel bedrijven aanzienlijke budgetten in reclame, zichtbaarheid en externe platforms - vaak met het resultaat dat bereik alleen op korte termijn wordt gecre\u00eberd en elk moment weer kan verdwijnen. Een duurzamer alternatief is het opbouwen van je eigen structuren. A <a href=\"https:\/\/www.markus-schall.de\/nl\/jouw-internationale-magazine\/\"><strong>Eigen tijdschrift<\/strong><\/a> maakt het mogelijk om content op de lange termijn te plaatsen, systematisch onderwerpen op te bouwen en zichtbaar te blijven onafhankelijk van algoritmes. Vooral in economisch onzekere tijden wordt digitaal eigenaarschap een strategisch voordeel: content werkt voor het bedrijf op de lange termijn in plaats van na een paar dagen verloren te gaan in de stroom van platforms. Tegelijkertijd kunnen specialistische onderwerpen, categoriseringen en praktijkvoorbeelden gericht worden voorbereid, waardoor vertrouwen wordt gecre\u00eberd - een factor die niet op korte termijn kan worden gekocht. Wie vandaag begint met het gestructureerd ontwikkelen van eigen content, verlaagt niet alleen de advertentiekosten op de lange termijn, maar cre\u00ebert ook een stabiele basis voor zichtbaarheid die niet afhankelijk is van externe omstandigheden.<\/p>\n<h3>Bespaar kosten door geoptimaliseerde bedrijfsprocessen: Effici\u00ebntie in plaats van continue belasting<\/h3>\n<p><a href=\"https:\/\/www.markus-schall.de\/nl\/erp-software\/\"><img loading=\"lazy\" decoding=\"async\" class=\"alignleft size-medium wp-image-3182\" src=\"https:\/\/www.markus-schall.de\/wp-content\/uploads\/ERP-Software-300x200.jpg\" alt=\"ERP-software\" width=\"300\" height=\"200\" srcset=\"https:\/\/www.markus-schall.de\/wp-content\/uploads\/ERP-Software-300x200.jpg 300w, https:\/\/www.markus-schall.de\/wp-content\/uploads\/ERP-Software-768x512.jpg 768w, https:\/\/www.markus-schall.de\/wp-content\/uploads\/ERP-Software-18x12.jpg 18w, https:\/\/www.markus-schall.de\/wp-content\/uploads\/ERP-Software.jpg 1024w\" sizes=\"auto, (max-width: 300px) 100vw, 300px\" \/><\/a>Naast zichtbaarheid is interne effici\u00ebntie voor veel bedrijven een beslissende hefboom. Structuren die in de loop der jaren zijn gegroeid, leiden vaak tot onnodige wrijvingsverliezen: dubbele gegevensinvoer, onduidelijke verantwoordelijkheden of een gebrek aan transparantie in processen. Dit is precies waar een <a href=\"https:\/\/www.markus-schall.de\/nl\/erp-software\/\"><strong>Aanpasbare ERP-oplossing<\/strong><\/a> op een FileMaker-basis. In plaats van starre standaardsoftware wordt een systeem gecre\u00eberd dat zich aanpast aan de werkelijke processen in het bedrijf - en niet andersom. Gegevens blijven toegankelijk, processen worden traceerbaar en kunnen gericht worden geoptimaliseerd. Dit vermindert niet alleen de tijdsbesteding, maar ook de bronnen van fouten en co\u00f6rdinatieproblemen in de dagelijkse werkzaamheden. Dit is vaak effectiever dan alle externe maatregelen op korte termijn, vooral in economisch moeilijke tijden. Wie zijn interne processen onder controle heeft, krijgt meer speelruimte en kan zich meer concentreren op wat het bedrijf echt vooruithelpt.<\/p>\n<h3>Wat politieke signalen nu zouden kunnen bereiken<\/h3>\n<p>Politiek alleen kan een economie niet redden, maar wel stabiliseren. Betrouwbare, transparante en langetermijnbeslissingen zijn nu cruciaal. Bedrijven moeten weten wat ze kunnen verwachten. Een land dat vertrouwen uitstraalt, trekt investeringen aan - een land dat onzekerheid uitstraalt, verliest investeringen.<\/p>\n<p>We hebben geen behoefte aan steeds complexere subsidieprogramma's, maar aan eenvoudige, begrijpelijke randvoorwaarden. Minder regelgeving, minder bureaucratie, minder ingrijpen in marktmechanismen - en in plaats daarvan meer duidelijkheid. Dat zou voor veel bedrijven genoeg zijn om weer nieuwe projecten te starten.<\/p>\n<h3>Scenario's voor 2026 - nuchter, maar niet pessimistisch<\/h3>\n<p>Als je de huidige situatie realistisch bekijkt, zullen de komende een tot twee jaar waarschijnlijk niet gemakkelijk zijn. De structurele problemen zullen niet van de ene op de andere dag worden opgelost en sommige sectoren zullen onder druk blijven staan. Het is daarom redelijk om te verwachten dat 2026 een vrij gematigd jaar zal worden.<br \/>\nMaar:<\/p>\n<p>Het echte keerpunt zou wel eens uit een heel andere hoek kunnen komen - uit een productiviteitsstijging zoals we die al tientallen jaren niet meer hebben gezien. De combinatie van AI, automatisering, nieuwe werkmodellen en dalende kosten voor digitale hulpmiddelen zal geleidelijk effect hebben. Waarschijnlijk niet onmiddellijk. Maar wel merkbaar.<\/p>\n<p>Wie vandaag met deze technologie\u00ebn begint, heeft over twee of drie jaar een voorsprong op de concurrentie. Daarom is de belangrijkste stap nu niet om je hoofd naar beneden te houden, maar om gerichte voorbereidingen te treffen.<\/p>\n<h3>Waarom moeilijke jaren vaak gevolgd worden door de sterkste fasen<\/h3>\n<p>Ook al lijkt terugkijken ontnuchterend, het is de moeite waard om vooruit te kijken. In de loop van zijn geschiedenis heeft Duitsland altijd kracht getoond wanneer het moeilijke fases moest overwinnen. Het duurde vaak langer dan men had gehoopt, maar de daaropvolgende oplevingen waren vaak krachtiger dan verwacht.<\/p>\n<p>De komende jaren zullen niet bepaald een succes worden. Maar ze bieden een kans om structuren te reorganiseren, bedrijven effici\u00ebnter te maken en technologische ontwikkelingen te gebruiken als hulpmiddel in plaats van als risico. Juist omdat veel dingen in beweging zijn, is er ruimte voor iets nieuws.<\/p>\n<p>En degenen die deze ruimte benutten zullen het meest profiteren als de economie weer aantrekt. De weg zal niet zonder inspanning zijn. Maar het zal naar boven leiden - misschien niet onmiddellijk, maar wel betrouwbaar. En het is de moeite waard om vandaag de juiste koers uit te zetten.<\/p>\n<hr \/>\n\n\t\t\t<div class=\"display-post-types\">\n\n\t\t\t\t\t\t\t<style type=\"text\/css\">\n\t\t\t#dpt-wrapper-695 { --dpt-text-align: left;--dpt-image-crop: center;--dpt-border-radius: 5px;--dpt-small-grid-column: 33.33%;--dpt-large-grid-column: 33.3333333333%;--dpt-h-gutter: 10px;--dpt-v-gutter: 10px; }\t\t\t<\/style>\n\t\t\t<style type=\"text\/css\">#dpt-wrapper-695 { --dpt-title-font-style:normal;--dpt-title-font-weight:600;--dpt-title-line-height:1.5;--dpt-title-text-decoration:none;--dpt-title-text-transform:none;--dpt-excerpt-font-style:normal;--dpt-excerpt-font-weight:400;--dpt-excerpt-line-height:1.5;--dpt-excerpt-text-decoration:none;--dpt-excerpt-text-transform:none;--dpt-meta1-font-style:normal;--dpt-meta1-font-weight:400;--dpt-meta1-line-height:1.9;--dpt-meta1-text-decoration:none;--dpt-meta1-text-transform:none;--dpt-meta2-font-style:normal;--dpt-meta2-font-weight:400;--dpt-meta2-line-height:1.9;--dpt-meta2-text-decoration:none;--dpt-meta2-text-transform:none; }<\/style><div class=\"dpt-main-header\">\n\t\t\t\t\t\t<div class=\"dpt-main-title\">\n\t\t\t\t\t\t\t<span class=\"dpt-main-title-text\">Huidige artikelen over EU-wetten<\/span>\n\t\t\t\t\t\t<\/div>\n\t\t\t\t\t\t\n\t\t\t\t\t\t\n\t\t\t\t\t\t\n\t\t\t\t\t\t<\/div>\t\t\t\n\t\t\t\t<div id=\"dpt-wrapper-695\" class=\"dpt-wrapper dpt-grid1 multi-col dpt-mason-wrap\" >\n\n\t\t\t\t\t\t\t\t\t\t\t<div class=\"dpt-entry has-thumbnail\" data-title=\"energie, macht und abh\u00e4ngigkeit: europas weg vom exportweltmeister zum nachfrager\" data-id=\"4945\"  data-category=\"allgemein gesellschaft\" data-post_tag=\"denkmodelle deutschland energiepolitik eu-gesetze europa geopolitik krisen meinungsfreiheit sicherheitspolitik\">\n\t\t\t\t\t\t\t<div class=\"dpt-entry-wrapper\"><div class=\"dpt-featured-content\"><div class=\"dpt-permalink\"><a href=\"https:\/\/www.markus-schall.de\/nl\/2026\/02\/macht-en-afhankelijkheid-op-energiegebied-europas-overgang-van-wereldexportkampioen-naar-consument\/\" class=\"dpt-permalink\"><span class=\"screen-reader-text\">Energie, macht en afhankelijkheid: Europa's weg van wereldexportkampioen naar consument<\/span><\/a><\/div><div class=\"dpt-thumbnail\"><div class=\"dpt-thumbnail-inner\"><img width=\"1024\" height=\"683\" class=\"attachment-full size-full\" alt=\"Europa en energie\" context=\"dpt\" data-dpt-src=\"https:\/\/www.markus-schall.de\/wp-content\/uploads\/Europa-Energie.jpg\" data-dpt-sizes=\"(max-width: 1024px) 100vw, 1024px\" data-dpt-srcset=\"https:\/\/www.markus-schall.de\/wp-content\/uploads\/Europa-Energie.jpg 1024w, https:\/\/www.markus-schall.de\/wp-content\/uploads\/Europa-Energie-300x200.jpg 300w, https:\/\/www.markus-schall.de\/wp-content\/uploads\/Europa-Energie-768x512.jpg 768w, https:\/\/www.markus-schall.de\/wp-content\/uploads\/Europa-Energie-18x12.jpg 18w\" \/><\/div><span class=\"dpt-thumbnail-aspect-ratio\" style=\"padding-top: 67%\"><\/span><\/div><\/div><div class=\"sub-entry\"><h3 class=\"dpt-title\"><a class=\"dpt-title-link\" href=\"https:\/\/www.markus-schall.de\/nl\/2026\/02\/macht-en-afhankelijkheid-op-energiegebied-europas-overgang-van-wereldexportkampioen-naar-consument\/\" rel=\"bookmark\">Energie, macht en afhankelijkheid: Europa's weg van wereldexportkampioen naar consument<\/a><\/h3><\/div><\/div>\n\t\t\t\t\t\t<\/div><!-- .dpt-entry -->\n\t\t\t\t\t\t\t\t\t\t\t\t<div class=\"dpt-entry has-thumbnail\" data-title=\"regelbasierte weltordnung und v\u00f6lkerrecht: zwischen anspruch, realit\u00e4t und rechtsbruch\" data-id=\"4275\"  data-category=\"allgemein gesellschaft\" data-post_tag=\"denkmodelle eu-gesetze europa geopolitik krisen sicherheitspolitik\">\n\t\t\t\t\t\t\t<div class=\"dpt-entry-wrapper\"><div class=\"dpt-featured-content\"><div class=\"dpt-permalink\"><a href=\"https:\/\/www.markus-schall.de\/nl\/2026\/01\/op-regels-gebaseerde-wereldorde-en-internationaal-recht-tussen-realiteit-en-wetsovertreding\/\" class=\"dpt-permalink\"><span class=\"screen-reader-text\">Op regels gebaseerde wereldorde en internationaal recht: tussen claim, realiteit en schending van het recht<\/span><\/a><\/div><div class=\"dpt-thumbnail\"><div class=\"dpt-thumbnail-inner\"><img width=\"1024\" height=\"683\" class=\"attachment-full size-full\" alt=\"Internationaal recht en op regels gebaseerde wereldorde\" context=\"dpt\" data-dpt-src=\"https:\/\/www.markus-schall.de\/wp-content\/uploads\/voelkerrecht-weltordnung-titel.jpg\" data-dpt-sizes=\"(max-width: 1024px) 100vw, 1024px\" data-dpt-srcset=\"https:\/\/www.markus-schall.de\/wp-content\/uploads\/voelkerrecht-weltordnung-titel.jpg 1024w, https:\/\/www.markus-schall.de\/wp-content\/uploads\/voelkerrecht-weltordnung-titel-300x200.jpg 300w, https:\/\/www.markus-schall.de\/wp-content\/uploads\/voelkerrecht-weltordnung-titel-768x512.jpg 768w, https:\/\/www.markus-schall.de\/wp-content\/uploads\/voelkerrecht-weltordnung-titel-18x12.jpg 18w\" \/><\/div><span class=\"dpt-thumbnail-aspect-ratio\" style=\"padding-top: 67%\"><\/span><\/div><\/div><div class=\"sub-entry\"><h3 class=\"dpt-title\"><a class=\"dpt-title-link\" href=\"https:\/\/www.markus-schall.de\/nl\/2026\/01\/op-regels-gebaseerde-wereldorde-en-internationaal-recht-tussen-realiteit-en-wetsovertreding\/\" rel=\"bookmark\">Op regels gebaseerde wereldorde en internationaal recht: tussen claim, realiteit en schending van het recht<\/a><\/h3><\/div><\/div>\n\t\t\t\t\t\t<\/div><!-- .dpt-entry -->\n\t\t\t\t\t\t\t\t\t\t\t\t<div class=\"dpt-entry has-thumbnail\" data-title=\"jeffrey sachs warnt deutschland: warum europas sicherheit neu gedacht werden muss\" data-id=\"4079\"  data-category=\"allgemein gesellschaft\" data-post_tag=\"deutschland energiepolitik eu-gesetze europa geopolitik krisen meinungsfreiheit portrait sicherheitspolitik\">\n\t\t\t\t\t\t\t<div class=\"dpt-entry-wrapper\"><div class=\"dpt-featured-content\"><div class=\"dpt-permalink\"><a href=\"https:\/\/www.markus-schall.de\/nl\/2025\/12\/jeffrey-sachs-waarschuwt-duitsland-waarom-de-veiligheid-van-europa-moet-worden-heroverwogen\/\" class=\"dpt-permalink\"><span class=\"screen-reader-text\">Jeffrey Sachs waarschuwt Duitsland: Waarom de veiligheid van Europa opnieuw moet worden bekeken<\/span><\/a><\/div><div class=\"dpt-thumbnail\"><div class=\"dpt-thumbnail-inner\"><img width=\"1024\" height=\"683\" class=\"attachment-full size-full\" alt=\"Jeffrey Sachs schrijft open brief aan bondskanselier Merz\" context=\"dpt\" data-dpt-src=\"https:\/\/www.markus-schall.de\/wp-content\/uploads\/jeffrey-sachs-bundeskanzler-eu.jpg\" data-dpt-sizes=\"(max-width: 1024px) 100vw, 1024px\" data-dpt-srcset=\"https:\/\/www.markus-schall.de\/wp-content\/uploads\/jeffrey-sachs-bundeskanzler-eu.jpg 1024w, https:\/\/www.markus-schall.de\/wp-content\/uploads\/jeffrey-sachs-bundeskanzler-eu-300x200.jpg 300w, https:\/\/www.markus-schall.de\/wp-content\/uploads\/jeffrey-sachs-bundeskanzler-eu-768x512.jpg 768w, https:\/\/www.markus-schall.de\/wp-content\/uploads\/jeffrey-sachs-bundeskanzler-eu-18x12.jpg 18w\" \/><\/div><span class=\"dpt-thumbnail-aspect-ratio\" style=\"padding-top: 67%\"><\/span><\/div><\/div><div class=\"sub-entry\"><h3 class=\"dpt-title\"><a class=\"dpt-title-link\" href=\"https:\/\/www.markus-schall.de\/nl\/2025\/12\/jeffrey-sachs-waarschuwt-duitsland-waarom-de-veiligheid-van-europa-moet-worden-heroverwogen\/\" rel=\"bookmark\">Jeffrey Sachs waarschuwt Duitsland: Waarom de veiligheid van Europa opnieuw moet worden bekeken<\/a><\/h3><\/div><\/div>\n\t\t\t\t\t\t<\/div><!-- .dpt-entry -->\n\t\t\t\t\t\t\t\t\t\t\t\t<div class=\"dpt-entry has-thumbnail\" data-title=\"russland, nato und die angst vor dem krieg: was sich belegen l\u00e4sst \u2013 und was nicht\" data-id=\"4801\"  data-category=\"allgemein gesellschaft\" data-post_tag=\"deutschland energiepolitik eu-gesetze europa geopolitik krisen meinungsfreiheit sicherheitspolitik\">\n\t\t\t\t\t\t\t<div class=\"dpt-entry-wrapper\"><div class=\"dpt-featured-content\"><div class=\"dpt-permalink\"><a href=\"https:\/\/www.markus-schall.de\/nl\/2026\/02\/rusland-nato-en-de-angst-voor-oorlog-wat-wel-en-niet-bewezen-kan-worden\/\" class=\"dpt-permalink\"><span class=\"screen-reader-text\">Rusland, de NAVO en de angst voor oorlog: wat kan worden bewezen - en wat niet<\/span><\/a><\/div><div class=\"dpt-thumbnail\"><div class=\"dpt-thumbnail-inner\"><img width=\"1024\" height=\"683\" class=\"attachment-full size-full\" alt=\"NAVO, Rusland en de angst voor oorlog\" context=\"dpt\" data-dpt-src=\"https:\/\/www.markus-schall.de\/wp-content\/uploads\/NATO-Russland.jpg\" data-dpt-sizes=\"(max-width: 1024px) 100vw, 1024px\" data-dpt-srcset=\"https:\/\/www.markus-schall.de\/wp-content\/uploads\/NATO-Russland.jpg 1024w, https:\/\/www.markus-schall.de\/wp-content\/uploads\/NATO-Russland-300x200.jpg 300w, https:\/\/www.markus-schall.de\/wp-content\/uploads\/NATO-Russland-768x512.jpg 768w, https:\/\/www.markus-schall.de\/wp-content\/uploads\/NATO-Russland-18x12.jpg 18w\" \/><\/div><span class=\"dpt-thumbnail-aspect-ratio\" style=\"padding-top: 67%\"><\/span><\/div><\/div><div class=\"sub-entry\"><h3 class=\"dpt-title\"><a class=\"dpt-title-link\" href=\"https:\/\/www.markus-schall.de\/nl\/2026\/02\/rusland-nato-en-de-angst-voor-oorlog-wat-wel-en-niet-bewezen-kan-worden\/\" rel=\"bookmark\">Rusland, de NAVO en de angst voor oorlog: wat kan worden bewezen - en wat niet<\/a><\/h3><\/div><\/div>\n\t\t\t\t\t\t<\/div><!-- .dpt-entry -->\n\t\t\t\t\t\t\t\t\t\t\t\t<div class=\"dpt-entry has-thumbnail\" data-title=\"elektronische rechnungen im mittelstand: xrechnung, zugferd und erp im \u00dcberblick\" data-id=\"3135\"  data-category=\"apple macos filemaker &amp; erp\" data-post_tag=\"datenbanken erp-software eu-gesetze filemaker gfm-business prozesse\">\n\t\t\t\t\t\t\t<div class=\"dpt-entry-wrapper\"><div class=\"dpt-featured-content\"><div class=\"dpt-permalink\"><a href=\"https:\/\/www.markus-schall.de\/nl\/2025\/10\/elektronisch-factureren-in-het-midden-en-kleinbedrijf-xrechnung-zugferd-en-erp-in-een-oogopslag\/\" class=\"dpt-permalink\"><span class=\"screen-reader-text\">Elektronische facturen voor KMO's: XRechnung, ZUGFeRD en ERP in \u00e9\u00e9n oogopslag<\/span><\/a><\/div><div class=\"dpt-thumbnail\"><div class=\"dpt-thumbnail-inner\"><img width=\"1024\" height=\"683\" class=\"attachment-full size-full\" alt=\"Overzicht van de verplichting om elektronische facturen uit te reiken\" context=\"dpt\" data-dpt-src=\"https:\/\/www.markus-schall.de\/wp-content\/uploads\/elektronische-rechnungen-erp.jpg\" data-dpt-sizes=\"(max-width: 1024px) 100vw, 1024px\" data-dpt-srcset=\"https:\/\/www.markus-schall.de\/wp-content\/uploads\/elektronische-rechnungen-erp.jpg 1024w, https:\/\/www.markus-schall.de\/wp-content\/uploads\/elektronische-rechnungen-erp-300x200.jpg 300w, https:\/\/www.markus-schall.de\/wp-content\/uploads\/elektronische-rechnungen-erp-768x512.jpg 768w, https:\/\/www.markus-schall.de\/wp-content\/uploads\/elektronische-rechnungen-erp-18x12.jpg 18w\" \/><\/div><span class=\"dpt-thumbnail-aspect-ratio\" style=\"padding-top: 67%\"><\/span><\/div><\/div><div class=\"sub-entry\"><h3 class=\"dpt-title\"><a class=\"dpt-title-link\" href=\"https:\/\/www.markus-schall.de\/nl\/2025\/10\/elektronisch-factureren-in-het-midden-en-kleinbedrijf-xrechnung-zugferd-en-erp-in-een-oogopslag\/\" rel=\"bookmark\">Elektronische facturen voor KMO's: XRechnung, ZUGFeRD en ERP in \u00e9\u00e9n oogopslag<\/a><\/h3><\/div><\/div>\n\t\t\t\t\t\t<\/div><!-- .dpt-entry -->\n\t\t\t\t\t\t\t\t\t\t\t\t<div class=\"dpt-entry has-thumbnail\" data-title=\"die elektronische patientenakte (epa) im faktencheck: risiken, rechte und widerspruch\" data-id=\"3412\"  data-category=\"gesellschaft gesundheit tipps &amp; anleitungen\" data-post_tag=\"datenschutz eu-gesetze gesundheit prozesse ratgeber\">\n\t\t\t\t\t\t\t<div class=\"dpt-entry-wrapper\"><div class=\"dpt-featured-content\"><div class=\"dpt-permalink\"><a href=\"https:\/\/www.markus-schall.de\/nl\/2025\/11\/het-elektronisch-patientendossier-epa-feitencheck-risicos-rechten-en-bezwaren\/\" class=\"dpt-permalink\"><span class=\"screen-reader-text\">Een feitencheck van het elektronisch pati\u00ebntendossier (EPD): risico's, rechten en bezwaren<\/span><\/a><\/div><div class=\"dpt-thumbnail\"><div class=\"dpt-thumbnail-inner\"><img width=\"1024\" height=\"683\" class=\"attachment-full size-full\" alt=\"Alle feiten over het elektronisch pati\u00ebntendossier\" context=\"dpt\" data-dpt-src=\"https:\/\/www.markus-schall.de\/wp-content\/uploads\/Elektronische-Patientenakte.jpg\" data-dpt-sizes=\"(max-width: 1024px) 100vw, 1024px\" data-dpt-srcset=\"https:\/\/www.markus-schall.de\/wp-content\/uploads\/Elektronische-Patientenakte.jpg 1024w, https:\/\/www.markus-schall.de\/wp-content\/uploads\/Elektronische-Patientenakte-300x200.jpg 300w, https:\/\/www.markus-schall.de\/wp-content\/uploads\/Elektronische-Patientenakte-768x512.jpg 768w, https:\/\/www.markus-schall.de\/wp-content\/uploads\/Elektronische-Patientenakte-18x12.jpg 18w\" \/><\/div><span class=\"dpt-thumbnail-aspect-ratio\" style=\"padding-top: 67%\"><\/span><\/div><\/div><div class=\"sub-entry\"><h3 class=\"dpt-title\"><a class=\"dpt-title-link\" href=\"https:\/\/www.markus-schall.de\/nl\/2025\/11\/het-elektronisch-patientendossier-epa-feitencheck-risicos-rechten-en-bezwaren\/\" rel=\"bookmark\">Een feitencheck van het elektronisch pati\u00ebntendossier (EPD): risico's, rechten en bezwaren<\/a><\/h3><\/div><\/div>\n\t\t\t\t\t\t<\/div><!-- .dpt-entry -->\n\t\t\t\t\t\t\n\t\t\t\t<\/div>\n\t\t\t\t\t\t<\/div>\n\t\t\t\n<hr \/>\n<h2>Veelgestelde vragen<\/h2>\n<ol>\n<li><strong>Welke rol zullen de jaren 2020 tot 2025 in het algemeen spelen voor de economische ontwikkeling in Duitsland?<\/strong><br \/>\nDe vijf jaar vormen een aaneengesloten periode van stress die nauwelijks te vergelijken is met eerdere cycli. De pandemie, energiecrisis, inflatie, ketenproblemen en renteverhogingen volgden elkaar niet op, maar overlapten elkaar. Daardoor kreeg de economie nauwelijks de kans om te herstellen. Veel van wat we nu als een structureel probleem zien, is het resultaat van deze langdurige uitzonderlijke situatie.<\/li>\n<li><strong>Waarom heeft de economie zich na de pandemie niet hersteld zoals verwacht?<\/strong><br \/>\nOmdat de problemen niet zomaar verdwenen, maar zich naar andere gebieden verplaatsten. Toen de lockdowns eindigden, werden de toeleveringsketens vernietigd. Toen deze zich langzaam herstelden, kwam de energiecrisis. En terwijl deze werd aangepakt, begon de inflatie - met vervolgens een sterke stijging van de rentetarieven. Het was als een aaneenschakeling van naschokken die steeds weer een echt herstel in de weg stonden.<\/li>\n<li><strong>Waarom worden insolventies als een bijzonder belangrijke indicator beschouwd?<\/strong><br \/>\nZe zijn namelijk niet gebaseerd op verwachtingen, maar tonen het feitelijke onvermogen van een bedrijf om economisch levensvatbaar te blijven. Terwijl sentimentindicatoren een gevoel weergeven, tonen faillissementen de realiteit. Een toename over meerdere jaren wijst op diepere structurele zwakheden.<\/li>\n<li><strong>Hebben kmo's meer te lijden gehad van de crisis dan grote bedrijven?<\/strong><br \/>\nIn veel gevallen wel. Grote bedrijven hebben reserves, internationale locaties, betere financieringsmogelijkheden en eigen energiecontracten. KMO's zijn nauwer verbonden met Duitsland, hebben minder buffer en worden harder getroffen door bureaucratie en hoge kosten. Juist daarom is de druk op dit gebied zo hoog.<\/li>\n<li><strong>Waarom zijn bedrijven momenteel zo terughoudend om te investeren?<\/strong><br \/>\nOmdat ze tegelijkertijd worden geconfronteerd met grote onzekerheid, hoge prijzen, dure leningen en een zwakke vraag. In zo'n situatie wordt elke investering een risico. Als gevolg daarvan kijken veel bedrijven alleen naar de lange termijn in plaats van langetermijnplannen uit te voeren.<\/li>\n<li><strong>Hoe sterk be\u00efnvloeden energieprijzen Duitsland als vestigingsplaats?<\/strong><br \/>\nZeer sterk. Energie is onmisbaar voor productie en diensten. Als energie permanent duurder is dan in andere landen, heeft dit een directe impact op het concurrentievermogen. Sommige bedrijven verplaatsen daarom investeringen of productie naar het buitenland omdat ze daar op lange termijn meer planningszekerheid hebben.<\/li>\n<li><strong>Waarom speelt bureaucratie zo'n grote rol?<\/strong><br \/>\nWant elk bijkomend proces, elke nieuwe regelgeving en elke rapporteringsverplichting kost tijd en geld. Voor grote bedrijven is dit vervelend - voor kleinere bedrijven kan het hun bestaan bedreigen. In de afgelopen jaren heeft Duitsland een dichtheid aan regelgeving opgebouwd die veel bedrijven merkbaar verlamt.<\/li>\n<li><strong>Hoe be\u00efnvloedt inflatie de economie op de lange termijn?<\/strong><br \/>\nZelfs als de inflatie daalt, blijft het prijsniveau hoog. Dit betekent dat consumenten zich minder kunnen veroorloven, dat bedrijven hogere kosten hebben en dat de druk om de lonen te verhogen blijft bestaan. Bovendien neemt de last van hogere financieringskosten toe omdat leningen duurder zijn geworden.<\/li>\n<li><strong>Waarom is de stemming in de directiekamer zo'n belangrijke factor?<\/strong><br \/>\nWant economische beslissingen worden altijd psychologisch be\u00efnvloed. Als ondernemers geen vertrouwen hebben in de toekomst, investeren ze minder, nemen ze minder werknemers aan en houden ze projecten tegen. Een pessimistische stemming kan een economie net zo hard afremmen als harde feiten.<\/li>\n<li><strong>Welke sectoren worden het meest getroffen?<\/strong><br \/>\nHandel, catering, toerisme, de bouw en veel andere sectoren staan onder druk. Elke sector heeft zijn eigen redenen: Trage consumentenbestedingen, hoge energieprijzen, een tekort aan geschoolde arbeidskrachten of dure financiering. De achteruitgang in de bouwsector is vooral kritiek omdat deze sector veel andere sectoren naar beneden trekt.<\/li>\n<li><strong>Waarom duurt het zo lang om de problemen op te lossen?<\/strong><br \/>\nOmdat veel van de oorzaken structureel zijn. Energieprijzen, demografie, bureaucratie of een gebrek aan planningszekerheid kunnen niet in een paar maanden worden gecorrigeerd. Ze hebben zich in de loop van jaren ontwikkeld en daarom duurt het jaren om ze te verbeteren.<\/li>\n<li><strong>Wat kunnen bedrijven nu doen om zich te stabiliseren?<\/strong><br \/>\nJe kunt kostenstructuren herzien, processen vereenvoudigen, liquiditeitsreserves opbouwen en gericht digitaliseren. En vooral: maak al in een vroeg stadium kennis met AI om terugkerende taken te automatiseren en middelen vrij te maken. Bedrijven die nu beginnen, zullen er in 2026-2028 veel beter voor staan.<\/li>\n<li><strong>Waarom zouden ondernemers niet bang moeten zijn voor AI?<\/strong><br \/>\nWant AI is geen bedreiging, maar een hulpmiddel - net zoals computers, internet of ERP-systemen dat vroeger waren. Wie AI negeert, verliest tijd en productiviteit. Wie het wel gebruikt, krijgt een voorsprong. Bovenal neemt AI routinetaken over en maakt het tijd vrij voor waardevoller werk dat mensen beter kunnen doen.<\/li>\n<li><strong>Wat zijn de specifieke gevolgen van het tekort aan vaardigheden?<\/strong><br \/>\nVeel bedrijven kunnen niet genoeg gekwalificeerde sollicitanten vinden, wat leidt tot overbelasting van het bestaande team. Projecten lopen vertraging op, orders moeten worden geannuleerd en de groei wordt afgeremd. Het tekort aan geschoolde arbeidskrachten is geen tijdelijk probleem, maar een langetermijnprobleem als gevolg van demografische veranderingen.<\/li>\n<li><strong>Zijn er ook positieve ontwikkelingen in de Duitse economie?<\/strong><br \/>\nJa, ook al worden ze momenteel vaak overschaduwd. Veel bedrijven moderniseren hun werkprocessen, vertrouwen op nieuwe technologie\u00ebn, breiden hun internationale contacten uit of specialiseren zich. Bovendien leidt elke crisis ertoe dat zwakke punten zichtbaar worden - en dat is precies wat de druk cre\u00ebert om dingen beter te doen.<\/li>\n<li><strong>Waarom is productiviteit zo belangrijk voor de toekomst?<\/strong><br \/>\nWant productiviteit bepaalt hoeveel waarde een bedrijf of een land kan genereren. Als de productiviteit toeneemt door AI, automatisering en betere processen, kunnen de kosten dalen, de lonen stijgen en zelfs de arbeidstijd worden verkort. Een hogere productiviteit is de belangrijkste factor voor welvaart op lange termijn.<\/li>\n<li><strong>Zal de situatie in 2026 verbeteren?<\/strong><br \/>\nWaarschijnlijk slechts langzaam. Sommige negatieve factoren zullen nog steeds aanwezig zijn. Maar tegelijkertijd zorgen technologische ontwikkelingen, vooral AI, voor een nieuwe groeispurt. Bedrijven die hier vroeg op inspelen, zullen de opleving leiden.<\/li>\n<li><strong>Hoe lang duurt het voordat de economie weer echt aantrekt?<\/strong><br \/>\nEen voorzichtige schatting: twee tot vier jaar. Dat hangt af van hoe snel de energieprijzen worden gestabiliseerd, hoeveel bureaucratie wordt teruggedrongen en hoe moedig bedrijven investeren in nieuwe technologie\u00ebn. De volgende grote opleving zal niet tot stand komen door traditionele maatregelen, maar door een enorme toename van de productiviteit.<\/li>\n<li><strong>Wat kan elk individu doen om deze ontwikkeling te ondersteunen?<\/strong><br \/>\nBlijf trainen, omarm technologische ontwikkelingen, ontwikkel nieuwe vaardigheden en sta open voor verandering. De economie verandert hoe dan ook - wie wendbaar blijft, zal daarvan profiteren.<\/li>\n<li><strong>Waarom optimisme ondanks alles gepast is<\/strong><br \/>\nWant historisch gezien heeft de Duitse economie vaak het grootste vermogen tot vernieuwing ontwikkeld tijdens moeilijke fases. De combinatie van ervaring, expertise, MKB-structuren en nieuwe technologie\u00ebn biedt de mogelijkheid voor een van de sterkste herstelprocessen van de afgelopen decennia. Het zal tijd kosten - maar er is geen reden om ontmoedigd te raken.<\/li>\n<\/ol>\n<hr \/>\n\n\t\t\t<div class=\"display-post-types\">\n\n\t\t\t\t\t\t\t<style type=\"text\/css\">\n\t\t\t#dpt-wrapper-696 { --dpt-text-align: left;--dpt-image-crop: center;--dpt-border-radius: 5px;--dpt-small-grid-column: 33.33%;--dpt-large-grid-column: 33.3333333333%;--dpt-h-gutter: 10px;--dpt-v-gutter: 10px; }\t\t\t<\/style>\n\t\t\t<style type=\"text\/css\">#dpt-wrapper-696 { --dpt-title-font-style:normal;--dpt-title-font-weight:600;--dpt-title-line-height:1.5;--dpt-title-text-decoration:none;--dpt-title-text-transform:none;--dpt-excerpt-font-style:normal;--dpt-excerpt-font-weight:400;--dpt-excerpt-line-height:1.5;--dpt-excerpt-text-decoration:none;--dpt-excerpt-text-transform:none;--dpt-meta1-font-style:normal;--dpt-meta1-font-weight:400;--dpt-meta1-line-height:1.9;--dpt-meta1-text-decoration:none;--dpt-meta1-text-transform:none;--dpt-meta2-font-style:normal;--dpt-meta2-font-weight:400;--dpt-meta2-line-height:1.9;--dpt-meta2-text-decoration:none;--dpt-meta2-text-transform:none; }<\/style><div class=\"dpt-main-header\">\n\t\t\t\t\t\t<div class=\"dpt-main-title\">\n\t\t\t\t\t\t\t<span class=\"dpt-main-title-text\">Actuele onderwerpen over kunstmatige intelligentie<\/span>\n\t\t\t\t\t\t<\/div>\n\t\t\t\t\t\t\n\t\t\t\t\t\t\n\t\t\t\t\t\t\n\t\t\t\t\t\t<\/div>\t\t\t\n\t\t\t\t<div id=\"dpt-wrapper-696\" class=\"dpt-wrapper dpt-grid1 multi-col dpt-mason-wrap\" >\n\n\t\t\t\t\t\t\t\t\t\t\t<div class=\"dpt-entry has-thumbnail\" data-title=\"ki-studio 2025: welche hardware wirklich lohnt \u2013 vom mac studio bis zur rtx 3090\" data-id=\"3704\"  data-category=\"apple macos featured hardware ki-systeme\" data-post_tag=\"apple digitales eigentum k\u00fcnstliche intelligenz llm mlx neo4j sprachmodell\">\n\t\t\t\t\t\t\t<div class=\"dpt-entry-wrapper\"><div class=\"dpt-featured-content\"><div class=\"dpt-permalink\"><a href=\"https:\/\/www.markus-schall.de\/nl\/2025\/11\/ki-studio-2025-welke-hardware-is-echt-de-moeite-waard-van-mac-studio-naar-rtx-3090\/\" class=\"dpt-permalink\"><span class=\"screen-reader-text\">AI Studio 2025: Welke hardware is echt de moeite waard - van de Mac Studio tot de RTX 3090<\/span><\/a><\/div><div class=\"dpt-thumbnail\"><div class=\"dpt-thumbnail-inner\"><img width=\"1024\" height=\"683\" class=\"attachment-full size-full\" alt=\"Hardware 2025 voor AI-studio\" context=\"dpt\" data-dpt-src=\"https:\/\/www.markus-schall.de\/wp-content\/uploads\/KI-Studio-Hardware-2025.jpg\" data-dpt-sizes=\"(max-width: 1024px) 100vw, 1024px\" data-dpt-srcset=\"https:\/\/www.markus-schall.de\/wp-content\/uploads\/KI-Studio-Hardware-2025.jpg 1024w, https:\/\/www.markus-schall.de\/wp-content\/uploads\/KI-Studio-Hardware-2025-300x200.jpg 300w, https:\/\/www.markus-schall.de\/wp-content\/uploads\/KI-Studio-Hardware-2025-768x512.jpg 768w, https:\/\/www.markus-schall.de\/wp-content\/uploads\/KI-Studio-Hardware-2025-18x12.jpg 18w\" \/><\/div><span class=\"dpt-thumbnail-aspect-ratio\" style=\"padding-top: 67%\"><\/span><\/div><\/div><div class=\"sub-entry\"><h3 class=\"dpt-title\"><a class=\"dpt-title-link\" href=\"https:\/\/www.markus-schall.de\/nl\/2025\/11\/ki-studio-2025-welke-hardware-is-echt-de-moeite-waard-van-mac-studio-naar-rtx-3090\/\" rel=\"bookmark\">AI Studio 2025: Welke hardware is echt de moeite waard - van de Mac Studio tot de RTX 3090<\/a><\/h3><\/div><\/div>\n\t\t\t\t\t\t<\/div><!-- .dpt-entry -->\n\t\t\t\t\t\t\t\t\t\t\t\t<div class=\"dpt-entry has-thumbnail\" data-title=\"cloud-ki als oberlehrer: warum die zukunft des arbeitens bei lokaler ki liegt\" data-id=\"3887\"  data-category=\"apple macos hardware ki-systeme\" data-post_tag=\"datenschutz digitales eigentum k\u00fcnstliche intelligenz llama llm meinungsfreiheit mistral mlx neo4j ollama sprachmodell\">\n\t\t\t\t\t\t\t<div class=\"dpt-entry-wrapper\"><div class=\"dpt-featured-content\"><div class=\"dpt-permalink\"><a href=\"https:\/\/www.markus-schall.de\/nl\/2025\/12\/cloud-ki-als-topdocent-waarom-de-toekomst-van-werk-bij-lokale-ki-ligt\/\" class=\"dpt-permalink\"><span class=\"screen-reader-text\">Cloud AI als schoolhoofd: waarom de toekomst van werk bij lokale AI ligt<\/span><\/a><\/div><div class=\"dpt-thumbnail\"><div class=\"dpt-thumbnail-inner\"><img width=\"1024\" height=\"683\" class=\"attachment-full size-full\" alt=\"Cloud AI wordt hoofdonderwijzer\" context=\"dpt\" data-dpt-src=\"https:\/\/www.markus-schall.de\/wp-content\/uploads\/cloud-ki-oberlehrer.jpg\" data-dpt-sizes=\"(max-width: 1024px) 100vw, 1024px\" data-dpt-srcset=\"https:\/\/www.markus-schall.de\/wp-content\/uploads\/cloud-ki-oberlehrer.jpg 1024w, https:\/\/www.markus-schall.de\/wp-content\/uploads\/cloud-ki-oberlehrer-300x200.jpg 300w, https:\/\/www.markus-schall.de\/wp-content\/uploads\/cloud-ki-oberlehrer-768x512.jpg 768w, https:\/\/www.markus-schall.de\/wp-content\/uploads\/cloud-ki-oberlehrer-18x12.jpg 18w\" \/><\/div><span class=\"dpt-thumbnail-aspect-ratio\" style=\"padding-top: 67%\"><\/span><\/div><\/div><div class=\"sub-entry\"><h3 class=\"dpt-title\"><a class=\"dpt-title-link\" href=\"https:\/\/www.markus-schall.de\/nl\/2025\/12\/cloud-ki-als-topdocent-waarom-de-toekomst-van-werk-bij-lokale-ki-ligt\/\" rel=\"bookmark\">Cloud AI als schoolhoofd: waarom de toekomst van werk bij lokale AI ligt<\/a><\/h3><\/div><\/div>\n\t\t\t\t\t\t<\/div><!-- .dpt-entry -->\n\t\t\t\t\t\t\t\t\t\t\t\t<div class=\"dpt-entry has-thumbnail\" data-title=\"ki als sparringspartner nutzen: wie denken im dialog produktiver wird\" data-id=\"4121\"  data-category=\"b\u00fccher ki-systeme tipps &amp; anleitungen\" data-post_tag=\"buch datenlogik denkmodelle k\u00fcnstliche intelligenz lernen llm ratgeber sprachmodell\">\n\t\t\t\t\t\t\t<div class=\"dpt-entry-wrapper\"><div class=\"dpt-featured-content\"><div class=\"dpt-permalink\"><a href=\"https:\/\/www.markus-schall.de\/nl\/2025\/12\/ki-gebruiken-als-sparringpartner-hoe-denken-productiever-wordt-in-dialoog\/\" class=\"dpt-permalink\"><span class=\"screen-reader-text\">AI gebruiken als sparringpartner: Hoe denken in dialoog productiever wordt<\/span><\/a><\/div><div class=\"dpt-thumbnail\"><div class=\"dpt-thumbnail-inner\"><img width=\"1024\" height=\"683\" class=\"attachment-full size-full\" alt=\"AI als spaarpartner\" context=\"dpt\" data-dpt-src=\"https:\/\/www.markus-schall.de\/wp-content\/uploads\/ki-als-sparringspartner-laptop.jpg\" data-dpt-sizes=\"(max-width: 1024px) 100vw, 1024px\" data-dpt-srcset=\"https:\/\/www.markus-schall.de\/wp-content\/uploads\/ki-als-sparringspartner-laptop.jpg 1024w, https:\/\/www.markus-schall.de\/wp-content\/uploads\/ki-als-sparringspartner-laptop-300x200.jpg 300w, https:\/\/www.markus-schall.de\/wp-content\/uploads\/ki-als-sparringspartner-laptop-768x512.jpg 768w, https:\/\/www.markus-schall.de\/wp-content\/uploads\/ki-als-sparringspartner-laptop-18x12.jpg 18w\" \/><\/div><span class=\"dpt-thumbnail-aspect-ratio\" style=\"padding-top: 67%\"><\/span><\/div><\/div><div class=\"sub-entry\"><h3 class=\"dpt-title\"><a class=\"dpt-title-link\" href=\"https:\/\/www.markus-schall.de\/nl\/2025\/12\/ki-gebruiken-als-sparringpartner-hoe-denken-productiever-wordt-in-dialoog\/\" rel=\"bookmark\">AI gebruiken als sparringpartner: Hoe denken in dialoog productiever wordt<\/a><\/h3><\/div><\/div>\n\t\t\t\t\t\t<\/div><!-- .dpt-entry -->\n\t\t\t\t\t\t\n\t\t\t\t<\/div>\n\t\t\t\t\t\t<\/div>\n\t\t\t\n<hr \/>","protected":false},"excerpt":{"rendered":"<p>Als je naar de Duitse economie van vandaag kijkt, is het bijna onmogelijk om de afgelopen vijf jaar van elkaar te scheiden. Het was een aaneenschakeling van gebeurtenissen die elkaar overlapten, versterkten en in sommige gevallen blokkeerden. Het startpunt was 2020 - het jaar waarin de pandemie het openbare leven, toeleveringsketens en hele industrie\u00ebn tot stilstand bracht. <a title=\"AI gebruiken als sparringpartner: Hoe denken in dialoog productiever wordt\" class=\"read-more\" href=\"https:\/\/www.markus-schall.de\/nl\/2025\/12\/ki-gebruiken-als-sparringpartner-hoe-denken-productiever-wordt-in-dialoog\/\" aria-label=\"Lees meer over AI gebruiken als sparringpartner: Hoe denken in dialoog productiever wordt\">Lees verder<\/a><\/p>","protected":false},"author":1,"featured_media":3774,"comment_status":"open","ping_status":"open","sticky":false,"template":"","format":"standard","meta":{"iawp_total_views":745,"footnotes":""},"categories":[1,466],"tags":[467,480,481,458,482,426,448],"class_list":["post-3773","post","type-post","status-publish","format-standard","has-post-thumbnail","hentry","category-allgemein","category-gesellschaft","tag-auswandern","tag-deutschland","tag-energiepolitik","tag-erfahrungen","tag-geopolitik","tag-krisen","tag-ratgeber"],"_links":{"self":[{"href":"https:\/\/www.markus-schall.de\/nl\/wp-json\/wp\/v2\/posts\/3773","targetHints":{"allow":["GET"]}}],"collection":[{"href":"https:\/\/www.markus-schall.de\/nl\/wp-json\/wp\/v2\/posts"}],"about":[{"href":"https:\/\/www.markus-schall.de\/nl\/wp-json\/wp\/v2\/types\/post"}],"author":[{"embeddable":true,"href":"https:\/\/www.markus-schall.de\/nl\/wp-json\/wp\/v2\/users\/1"}],"replies":[{"embeddable":true,"href":"https:\/\/www.markus-schall.de\/nl\/wp-json\/wp\/v2\/comments?post=3773"}],"version-history":[{"count":21,"href":"https:\/\/www.markus-schall.de\/nl\/wp-json\/wp\/v2\/posts\/3773\/revisions"}],"predecessor-version":[{"id":5940,"href":"https:\/\/www.markus-schall.de\/nl\/wp-json\/wp\/v2\/posts\/3773\/revisions\/5940"}],"wp:featuredmedia":[{"embeddable":true,"href":"https:\/\/www.markus-schall.de\/nl\/wp-json\/wp\/v2\/media\/3774"}],"wp:attachment":[{"href":"https:\/\/www.markus-schall.de\/nl\/wp-json\/wp\/v2\/media?parent=3773"}],"wp:term":[{"taxonomy":"category","embeddable":true,"href":"https:\/\/www.markus-schall.de\/nl\/wp-json\/wp\/v2\/categories?post=3773"},{"taxonomy":"post_tag","embeddable":true,"href":"https:\/\/www.markus-schall.de\/nl\/wp-json\/wp\/v2\/tags?post=3773"}],"curies":[{"name":"wp","href":"https:\/\/api.w.org\/{rel}","templated":true}]}}