{"id":4079,"date":"2025-12-17T18:21:45","date_gmt":"2025-12-17T18:21:45","guid":{"rendered":"https:\/\/www.markus-schall.de\/?p=4079"},"modified":"2026-03-24T13:47:26","modified_gmt":"2026-03-24T13:47:26","slug":"jeffrey-sachs-waarschuwt-duitsland-waarom-de-veiligheid-van-europa-moet-worden-heroverwogen","status":"publish","type":"post","link":"https:\/\/www.markus-schall.de\/nl\/2025\/12\/jeffrey-sachs-waarschuwt-duitsland-waarom-de-veiligheid-van-europa-moet-worden-heroverwogen\/","title":{"rendered":"Jeffrey Sachs waarschuwt Duitsland: Waarom de veiligheid van Europa opnieuw moet worden bekeken"},"content":{"rendered":"<p>In zijn open brief aan de Duitse bondskanselier Friedrich Merz, gepubliceerd in de Berliner Zeitung op 17 december 2025, spreekt de bekende econoom en professor Jeffrey D. Sachs zich uit met een helderheid die zeldzaam is geworden in het huidige Europese debat. Sachs spreekt niet als activist, niet als partizaan en niet als commentator op afstand, maar als econoom en politiek adviseur die al tientallen jaren werkt op de centrale raakvlakken van internationale crises, veiligheidsarchitecturen en economische omwentelingen. De open brief bevat een ongewoon scherp citaat:<\/p>\n<blockquote><p><em>\u201eLeer geschiedenis, kanselier.\u201c<\/em><\/p><\/blockquote>\n<p><!--more-->De brief is minder een politieke interventie van de dag en meer een document dat historisch argumenteert. Sachs roept daarin niet op tot snelle oplossingen, maar eerder tot een terugkeer naar een manier van denken die in Europa lange tijd vanzelfsprekend is geweest: veiligheid als wederkerige relatie, diplomatie als stabilisatie-instrument en historische eerlijkheid als voorwaarde voor vertrouwen. Het feit dat hij zich rechtstreeks tot de Duitse bondskanselier richt, benadrukt de speciale rol die Duitsland volgens hem in Europa speelt - niet als militaire pionier, maar als organiserende, balancerende kracht.<\/p>\n<hr \/>\n\n\t\t\t<div class=\"display-post-types\">\n\n\t\t\t\t\t\t\t<style type=\"text\/css\">\n\t\t\t#dpt-wrapper-36 { --dpt-text-align: left;--dpt-image-crop: center;--dpt-border-radius: 5px;--dpt-h-gutter: 10px;--dpt-v-gutter: 9px; }\t\t\t<\/style>\n\t\t\t<style type=\"text\/css\">#dpt-wrapper-36 { --dpt-title-font-style:normal;--dpt-title-font-weight:600;--dpt-title-line-height:1.5;--dpt-title-text-decoration:none;--dpt-title-text-transform:none;--dpt-excerpt-font-style:normal;--dpt-excerpt-font-weight:400;--dpt-excerpt-line-height:1.5;--dpt-excerpt-text-decoration:none;--dpt-excerpt-text-transform:none;--dpt-meta1-font-style:normal;--dpt-meta1-font-weight:400;--dpt-meta1-line-height:1.9;--dpt-meta1-text-decoration:none;--dpt-meta1-text-transform:none;--dpt-meta2-font-style:normal;--dpt-meta2-font-weight:400;--dpt-meta2-line-height:1.9;--dpt-meta2-text-decoration:none;--dpt-meta2-text-transform:none; }<\/style><div class=\"dpt-main-header\">\n\t\t\t\t\t\t<div class=\"dpt-main-title\">\n\t\t\t\t\t\t\t<span class=\"dpt-main-title-text\">Sociale kwesties van nu<\/span>\n\t\t\t\t\t\t<\/div>\n\t\t\t\t\t\t\n\t\t\t\t\t\t\n\t\t\t\t\t\t\n\t\t\t\t\t\t<\/div>\t\t\t\n\t\t\t\t<div id=\"dpt-wrapper-36\" class=\"dpt-wrapper dpt-mag1 land1 dpt-cropped dpt-flex-wrap\" >\n\n\t\t\t\t\t\t\t\t\t\t\t<div class=\"dpt-entry has-thumbnail\" data-title=\"jan-josef liefers: ein portr\u00e4t \u00fcber haltung, herkunft und k\u00fcnstlerische freiheit\" data-id=\"3854\"  data-category=\"allgemein gesellschaft kunst &amp; kultur\" data-post_tag=\"deutschland erfahrungen krisen lernen meinungsfreiheit musik pers\u00f6nlichkeitsentwicklung portrait\">\n\t\t\t\t\t\t\t<div class=\"dpt-entry-wrapper\"><div class=\"dpt-featured-content\"><div class=\"dpt-permalink\"><a href=\"https:\/\/www.markus-schall.de\/nl\/2025\/12\/jan-josef-liefers-een-portret-van-houding-afkomst-en-artistieke-vrijheid\/\" class=\"dpt-permalink\"><span class=\"screen-reader-text\">Jan-Josef Liefers: Een portret van houding, afkomst en artistieke vrijheid<\/span><\/a><\/div><div class=\"dpt-thumbnail\"><div class=\"dpt-thumbnail-inner\"><img width=\"1024\" height=\"683\" class=\"attachment-full size-full\" alt=\"Jan-Josef Liefers\" context=\"dpt\" data-dpt-src=\"https:\/\/www.markus-schall.de\/wp-content\/uploads\/jan-josef-liefers-silhouette.jpg\" data-dpt-sizes=\"(max-width: 1024px) 100vw, 1024px\" data-dpt-srcset=\"https:\/\/www.markus-schall.de\/wp-content\/uploads\/jan-josef-liefers-silhouette.jpg 1024w, https:\/\/www.markus-schall.de\/wp-content\/uploads\/jan-josef-liefers-silhouette-300x200.jpg 300w, https:\/\/www.markus-schall.de\/wp-content\/uploads\/jan-josef-liefers-silhouette-768x512.jpg 768w, https:\/\/www.markus-schall.de\/wp-content\/uploads\/jan-josef-liefers-silhouette-18x12.jpg 18w\" \/><\/div><span class=\"dpt-thumbnail-aspect-ratio\" style=\"padding-top: 75%\"><\/span><\/div><\/div><div class=\"sub-entry\"><h3 class=\"dpt-title\"><a class=\"dpt-title-link\" href=\"https:\/\/www.markus-schall.de\/nl\/2025\/12\/jan-josef-liefers-een-portret-van-houding-afkomst-en-artistieke-vrijheid\/\" rel=\"bookmark\">Jan-Josef Liefers: Een portret van houding, afkomst en artistieke vrijheid<\/a><\/h3><\/div><\/div>\n\t\t\t\t\t\t<\/div><!-- .dpt-entry -->\n\t\t\t\t\t\t\t\t\t\t\t\t<div class=\"dpt-entry has-thumbnail\" data-title=\"zukunft mit ladeger\u00e4t \u2013 herr von l&#8217;oreot kauft einen e-scooter\" data-id=\"3229\"  data-category=\"allgemein gesellschaft kunst &amp; kultur stories &amp; humor\" data-post_tag=\"erfahrungen\">\n\t\t\t\t\t\t\t<div class=\"dpt-entry-wrapper\"><div class=\"dpt-featured-content\"><div class=\"dpt-permalink\"><a href=\"https:\/\/www.markus-schall.de\/nl\/2025\/10\/toekomst-met-oplader-mr-von-loreot-koopt-een-e-scooter\/\" class=\"dpt-permalink\"><span class=\"screen-reader-text\">Toekomst met een oplader - Mr von L'oreot koopt een e-scooter<\/span><\/a><\/div><div class=\"dpt-thumbnail\"><div class=\"dpt-thumbnail-inner\"><img width=\"1024\" height=\"747\" class=\"attachment-full size-full\" alt=\"\" context=\"dpt\" data-dpt-src=\"https:\/\/www.markus-schall.de\/wp-content\/uploads\/loereot-e-scooter-1.jpg\" data-dpt-sizes=\"(max-width: 1024px) 100vw, 1024px\" data-dpt-srcset=\"https:\/\/www.markus-schall.de\/wp-content\/uploads\/loereot-e-scooter-1.jpg 1024w, https:\/\/www.markus-schall.de\/wp-content\/uploads\/loereot-e-scooter-1-300x219.jpg 300w, https:\/\/www.markus-schall.de\/wp-content\/uploads\/loereot-e-scooter-1-768x560.jpg 768w, https:\/\/www.markus-schall.de\/wp-content\/uploads\/loereot-e-scooter-1-16x12.jpg 16w\" \/><\/div><span class=\"dpt-thumbnail-aspect-ratio\" style=\"padding-top: 75%\"><\/span><\/div><\/div><div class=\"sub-entry\"><h3 class=\"dpt-title\"><a class=\"dpt-title-link\" href=\"https:\/\/www.markus-schall.de\/nl\/2025\/10\/toekomst-met-oplader-mr-von-loreot-koopt-een-e-scooter\/\" rel=\"bookmark\">Toekomst met een oplader - Mr von L'oreot koopt een e-scooter<\/a><\/h3><\/div><\/div>\n\t\t\t\t\t\t<\/div><!-- .dpt-entry -->\n\t\t\t\t\t\t\t\t\t\t\t\t<div class=\"dpt-entry has-thumbnail\" data-title=\"die krimtataren \u2013 geschichte, herkunft und gegenwart eines vergessenen volkes\" data-id=\"4154\"  data-category=\"allgemein gesellschaft kunst &amp; kultur\" data-post_tag=\"europa geopolitik krisen meinungsfreiheit\">\n\t\t\t\t\t\t\t<div class=\"dpt-entry-wrapper\"><div class=\"dpt-featured-content\"><div class=\"dpt-permalink\"><a href=\"https:\/\/www.markus-schall.de\/nl\/2025\/12\/de-crimean-tatars-geschiedenis-oorsprong-en-heden-van-een-vergeten-volk\/\" class=\"dpt-permalink\"><span class=\"screen-reader-text\">De Krim-Tataren - geschiedenis, oorsprong en heden van een vergeten volk<\/span><\/a><\/div><div class=\"dpt-thumbnail\"><div class=\"dpt-thumbnail-inner\"><img width=\"1024\" height=\"683\" class=\"attachment-full size-full\" alt=\"Krim-Tartaarse steppe\" context=\"dpt\" data-dpt-src=\"https:\/\/www.markus-schall.de\/wp-content\/uploads\/Krimtartaren-Steppe.jpg\" data-dpt-sizes=\"(max-width: 1024px) 100vw, 1024px\" data-dpt-srcset=\"https:\/\/www.markus-schall.de\/wp-content\/uploads\/Krimtartaren-Steppe.jpg 1024w, https:\/\/www.markus-schall.de\/wp-content\/uploads\/Krimtartaren-Steppe-300x200.jpg 300w, https:\/\/www.markus-schall.de\/wp-content\/uploads\/Krimtartaren-Steppe-768x512.jpg 768w, https:\/\/www.markus-schall.de\/wp-content\/uploads\/Krimtartaren-Steppe-18x12.jpg 18w\" \/><\/div><span class=\"dpt-thumbnail-aspect-ratio\" style=\"padding-top: 75%\"><\/span><\/div><\/div><div class=\"sub-entry\"><h3 class=\"dpt-title\"><a class=\"dpt-title-link\" href=\"https:\/\/www.markus-schall.de\/nl\/2025\/12\/de-crimean-tatars-geschiedenis-oorsprong-en-heden-van-een-vergeten-volk\/\" rel=\"bookmark\">De Krim-Tataren - geschiedenis, oorsprong en heden van een vergeten volk<\/a><\/h3><\/div><\/div>\n\t\t\t\t\t\t<\/div><!-- .dpt-entry -->\n\t\t\t\t\t\t\t\t\t\t\t\t<div class=\"dpt-entry has-thumbnail\" data-title=\"die digitale id der eu: verkn\u00fcpfung, kontrolle und risiken im alltag\" data-id=\"3486\"  data-category=\"allgemein gesellschaft tipps &amp; anleitungen\" data-post_tag=\"datenschutz eu-gesetze europa prozesse ratgeber\">\n\t\t\t\t\t\t\t<div class=\"dpt-entry-wrapper\"><div class=\"dpt-featured-content\"><div class=\"dpt-permalink\"><a href=\"https:\/\/www.markus-schall.de\/nl\/2025\/11\/de-digitale-id-van-de-eu-controle-en-risicos-in-het-dagelijks-leven-met-elkaar-verbinden\/\" class=\"dpt-permalink\"><span class=\"screen-reader-text\">De digitale identiteit van de EU: koppeling, controle en risico's in het dagelijks leven<\/span><\/a><\/div><div class=\"dpt-thumbnail\"><div class=\"dpt-thumbnail-inner\"><img width=\"1024\" height=\"683\" class=\"attachment-full size-full\" alt=\"Digitaal ID van de EU\" context=\"dpt\" data-dpt-src=\"https:\/\/www.markus-schall.de\/wp-content\/uploads\/Digitale-ID-der-EU.jpg\" data-dpt-sizes=\"(max-width: 1024px) 100vw, 1024px\" data-dpt-srcset=\"https:\/\/www.markus-schall.de\/wp-content\/uploads\/Digitale-ID-der-EU.jpg 1024w, https:\/\/www.markus-schall.de\/wp-content\/uploads\/Digitale-ID-der-EU-300x200.jpg 300w, https:\/\/www.markus-schall.de\/wp-content\/uploads\/Digitale-ID-der-EU-768x512.jpg 768w, https:\/\/www.markus-schall.de\/wp-content\/uploads\/Digitale-ID-der-EU-18x12.jpg 18w\" \/><\/div><span class=\"dpt-thumbnail-aspect-ratio\" style=\"padding-top: 75%\"><\/span><\/div><\/div><div class=\"sub-entry\"><h3 class=\"dpt-title\"><a class=\"dpt-title-link\" href=\"https:\/\/www.markus-schall.de\/nl\/2025\/11\/de-digitale-id-van-de-eu-controle-en-risicos-in-het-dagelijks-leven-met-elkaar-verbinden\/\" rel=\"bookmark\">De digitale identiteit van de EU: koppeling, controle en risico's in het dagelijks leven<\/a><\/h3><\/div><\/div>\n\t\t\t\t\t\t<\/div><!-- .dpt-entry -->\n\t\t\t\t\t\t\n\t\t\t\t<\/div>\n\t\t\t\t\t\t<\/div>\n\t\t\t\n<hr \/>\n<h2>Laatste nieuws over Jeffrey Sachs<\/h2>\n<p><strong>15.03.2026<\/strong>Econoom Jeffrey Sachs schreef in een <a href=\"https:\/\/www.democracynow.org\/2026\/3\/13\/jeffrey_sachs\" target=\"_blank\" rel=\"noopener\"><strong>Interview bij Democracy Now!<\/strong><\/a> over het huidige conflict tussen de VS, Isra\u00ebl en Iran. Sachs is uiterst kritisch over de militaire escalatie en beschrijft het als een \u201eoorlog naar keuze\u201c, d.w.z. een conflict dat niet uit directe noodzaak is ontstaan, maar bewust politiek tot stand is gebracht. In zijn ogen is dit een gevaarlijke schending van de basisprincipes van de internationale orde. Sachs stelt dat een aanval zonder duidelijke zelfverdediging of een mandaat van internationale instellingen een directe schending van het internationaal recht en in het bijzonder van het Handvest van de Verenigde Naties kan betekenen. Hij waarschuwt dat een dergelijke stap verstrekkende gevolgen zou kunnen hebben en de mondiale veiligheidsarchitectuur verder zou kunnen destabiliseren.<\/p>\n<div class=\"lyte-wrapper\" style=\"width:640px;max-width:100%;margin:5px;\"><div class=\"lyMe\" id=\"WYL_167h58WfQhI\"><div id=\"lyte_167h58WfQhI\" data-src=\"https:\/\/www.markus-schall.de\/wp-content\/plugins\/wp-youtube-lyte\/lyteCache.php?origThumbUrl=%2F%2Fi.ytimg.com%2Fvi%2F167h58WfQhI%2Fhqdefault.jpg\" class=\"pL\"><div class=\"tC\"><div class=\"tT\"><\/div><\/div><div class=\"play\"><\/div><div class=\"ctrl\"><div class=\"Lctrl\"><\/div><div class=\"Rctrl\"><\/div><\/div><\/div><noscript><a href=\"https:\/\/youtu.be\/167h58WfQhI\" rel=\"nofollow noopener\" target=\"_blank\"><img loading=\"lazy\" decoding=\"async\" src=\"https:\/\/www.markus-schall.de\/wp-content\/plugins\/wp-youtube-lyte\/lyteCache.php?origThumbUrl=https%3A%2F%2Fi.ytimg.com%2Fvi%2F167h58WfQhI%2F0.jpg\" alt=\"YouTube video thumbnail\" width=\"640\" height=\"340\" \/><br \/>Bekijk deze video op YouTube<\/a><\/noscript><\/div><\/div><div class=\"lL\" style=\"max-width:100%;width:640px;margin:5px;\"><\/div><br \/>\nEconoom Jeffrey Sachs: Amerikaans-Isra\u00eblische \u201ekeuzeoorlog\u201c, aanval op VN-handvest kan leiden tot WOIII | <a href=\"https:\/\/www.youtube.com\/@DemocracyNow\" target=\"_blank\" rel=\"nofollow noopener\">Democratie Nu!<\/a><\/p>\n<p>In het interview benadrukt Sachs ook dat een militair conflict met Iran aanzienlijke geopolitieke risico's met zich meebrengt. Hij ziet het gevaar dat de oorlog zich regionaal uitbreidt en andere machten erbij betrekt. Met name in het Midden-Oosten zijn talloze staten indirect betrokken of be\u00efnvloed, bijvoorbeeld door militaire allianties, energiebelangen of strategische allianties. Sachs waarschuwt daarom dat een escalatie uiteindelijk kan leiden tot een veel groter internationaal conflict. In dit verband spreekt hij zelfs over de mogelijkheid dat een dergelijke oorlog een kettingreactie op gang zou kunnen brengen die een impact zou hebben op de wereldpolitiek buiten de regio. Volgens hem is er daarom dringend een diplomatieke oplossing nodig om verdere militaire escalatie te voorkomen.<\/p>\n<p>Sachs bekritiseert ook het feit dat militaire strategie\u00ebn in de internationale politiek vaak kortetermijndoelen nastreven zonder voldoende rekening te houden met de langetermijngevolgen. Hij stelt dat conflicten in het Midden-Oosten in de afgelopen decennia herhaaldelijk hebben aangetoond hoe moeilijk het is om stabiele politieke oplossingen te bereiken door middel van militaire interventies. In plaats daarvan pleit hij ervoor om meer te vertrouwen op diplomatie, internationale samenwerking en politieke onderhandelingen. Alleen met een dergelijke aanpak kan een duurzame stabilisatie van de regio worden bereikt. Sachs ziet de huidige situatie dan ook als een beslissende tweesprong: of het conflict escaleert verder in militair opzicht - of de betrokken staten proberen een politieke oplossing te vinden via onderhandelingen en internationale instellingen.<\/p>\n<p><a href=\"https:\/\/www.markus-schall.de\/nl\/2026\/03\/het-conflict-iran-israel-waarom-deze-escalatie-de-strategische-nachtmerrie-van-het-westen-is\/\"><img loading=\"lazy\" decoding=\"async\" class=\"alignright size-medium wp-image-5217\" src=\"https:\/\/www.markus-schall.de\/wp-content\/uploads\/Israel-Iran-Strategischer-Albtraum-300x200.jpg\" alt=\"Isra\u00ebl-Iran - Strategische nachtmerrie\" width=\"300\" height=\"200\" srcset=\"https:\/\/www.markus-schall.de\/wp-content\/uploads\/Israel-Iran-Strategischer-Albtraum-300x200.jpg 300w, https:\/\/www.markus-schall.de\/wp-content\/uploads\/Israel-Iran-Strategischer-Albtraum-768x512.jpg 768w, https:\/\/www.markus-schall.de\/wp-content\/uploads\/Israel-Iran-Strategischer-Albtraum-18x12.jpg 18w, https:\/\/www.markus-schall.de\/wp-content\/uploads\/Israel-Iran-Strategischer-Albtraum.jpg 1024w\" sizes=\"auto, (max-width: 300px) 100vw, 300px\" \/><\/a>De escalatie tussen Iran en Isra\u00ebl laat zien hoe snel regionale conflicten een strategisch probleem kunnen worden voor het hele Westen. In mijn <a href=\"https:\/\/www.markus-schall.de\/nl\/2026\/03\/het-conflict-iran-israel-waarom-deze-escalatie-de-strategische-nachtmerrie-van-het-westen-is\/\"><strong>Artikel over het conflict tussen Iran en Isra\u00ebl<\/strong><\/a> wordt het duidelijk dat het niet alleen om twee staten gaat, maar om een complex web van veiligheidsbelangen, allianties en machtsprojecties in het Midden-Oosten. Een directe militaire botsing zou de hele regio kunnen destabiliseren en de mondiale energie- en handelsstructuren door elkaar kunnen schudden. Dit is precies de reden waarom sommige strategen spreken van een \u201enachtmerriescenario\u201c voor westerse staten: Een conflict dat nauwelijks onder controle kan worden gehouden en tegelijkertijd meerdere geopolitieke fronten tegelijk opent.<\/p>\n<p><strong>23.01.2026<\/strong>In een recent interview analyseren Jeffrey Sachs en Glenn Diesen de politieke signalen van het World Economic Forum (WEF 2026) in Davos. De focus ligt op de toespraak van Donald Trump en de reacties van westerse politici. Sachs schetst een kritisch beeld van Europa: in plaats van haar eigen buitenlands beleid vorm te geven, heeft de EU zich jarenlang beperkt tot observeren en aanpassen. Terwijl andere regio's steeds meer hun eigen belangen formuleren, lijkt Europa gedesori\u00ebnteerd en ondergeschikt.<\/p>\n<div class=\"lyte-wrapper\" style=\"width:640px;max-width:100%;margin:5px;\"><div class=\"lyMe\" id=\"WYL_0kYtS35HdVg\"><div id=\"lyte_0kYtS35HdVg\" data-src=\"https:\/\/www.markus-schall.de\/wp-content\/plugins\/wp-youtube-lyte\/lyteCache.php?origThumbUrl=%2F%2Fi.ytimg.com%2Fvi%2F0kYtS35HdVg%2Fhqdefault.jpg\" class=\"pL\"><div class=\"tC\"><div class=\"tT\"><\/div><\/div><div class=\"play\"><\/div><div class=\"ctrl\"><div class=\"Lctrl\"><\/div><div class=\"Rctrl\"><\/div><\/div><\/div><noscript><a href=\"https:\/\/youtu.be\/0kYtS35HdVg\" rel=\"nofollow noopener\" target=\"_blank\"><img loading=\"lazy\" decoding=\"async\" src=\"https:\/\/www.markus-schall.de\/wp-content\/plugins\/wp-youtube-lyte\/lyteCache.php?origThumbUrl=https%3A%2F%2Fi.ytimg.com%2Fvi%2F0kYtS35HdVg%2F0.jpg\" alt=\"YouTube video thumbnail\" width=\"640\" height=\"340\" \/><br \/>Bekijk deze video op YouTube<\/a><\/noscript><\/div><\/div><div class=\"lL\" style=\"max-width:100%;width:640px;margin:5px;\"><\/div><br \/>\nJeffrey Sachs: Davos - Het Amerikaanse imperium uit de hand &amp; Europa's ondergeschiktheid | <a href=\"https:\/\/www.youtube.com\/@GDiesenDE\" target=\"_blank\" rel=\"nofollow noopener\">Glenn Diesen<\/a><\/p>\n<p>Het interview categoriseert deze ontwikkeling op een nuchtere manier en geeft een fundamentele analyse van de huidige geopolitieke situatie.<\/p>\n<hr \/>\n<h2>Historische verantwoordelijkheid en het concept van veiligheid<\/h2>\n<p>Jeffrey D. Sachs begint zijn <a href=\"https:\/\/www.berliner-zeitung.de\/politik-gesellschaft\/offener-brief-von-jeffrey-sachs-lernen-sie-geschichte-herr-bundeskanzler-li.10010628\" target=\"_blank\" rel=\"noopener\"><strong>open brief<\/strong><\/a> met fundamentele kritiek op de retoriek van het veiligheidsbeleid van de Duitse regering. Volgens Sachs kan de verantwoordelijkheid voor Europese veiligheid niet worden waargemaakt door het gebruik van modewoorden, moraliserende of normaliserende oorlogsretoriek. Veiligheid is geen eenzijdig concept, maar is gebaseerd op wederkerigheid.<\/p>\n<p>Dit principe is geen Russisch of Amerikaans verhaal, maar een centraal fundament van de Europese naoorlogse orde, vastgelegd in de Slotakte van Helsinki, de OVSE-structuren en decennialange diplomatie.<\/p>\n<p>Volgens Sachs moet Duitsland deze verantwoordelijkheid met historische eerlijkheid onder ogen zien - een vereiste waaraan de huidige politieke taal volgens hem niet voldoet.<\/p>\n<h3>Ruslands veiligheidsbelangen sinds 1990 genegeerd<\/h3>\n<p>Een centraal argument in de brief is de stelling dat belangrijke Russische veiligheidskwesties sinds het einde van de Koude Oorlog systematisch zijn genegeerd, gerelativeerd of geschonden - vaak met de actieve betrokkenheid of stilzwijgende goedkeuring van Duitsland. Deze geschiedenis mag niet worden genegeerd of gerelativeerd als we een einde aan de oorlog in Oekra\u00efne willen maken of een permanente staat van confrontatie in Europa willen vermijden. Sachs benadrukt dat duurzame vrede alleen mogelijk is als de werkelijke oorzaken van het conflict worden benoemd en begrepen.<\/p>\n<p>Sachs herinnert zich de fase van de Duitse hereniging in detail. In deze context werden herhaaldelijk duidelijke garanties gegeven aan de Sovjet- en later de Russische leiders dat er geen uitbreiding van de NAVO naar het oosten zou komen. Deze verzekeringen waren geen terloopse opmerkingen, maar onderdeel van het politieke kader dat de goedkeuring van de Duitse hereniging binnen de NAVO \u00fcberhaupt mogelijk maakte. Duitsland had aanzienlijk geprofiteerd van deze garanties.<\/p>\n<p>Sachs beschrijft hun latere relativering of ontkenning als historisch revisionisme en een schending van het politieke vertrouwen.<\/p>\n<h3>NAVO-interventies en de transformatie van de veiligheidsorde<\/h3>\n<p>De brief verwijst naar de luchtaanvallen van de NAVO op Servi\u00eb in 1999, waaraan Duitsland deelnam. Deze interventie werd uitgevoerd zonder mandaat van de VN-Veiligheidsraad en vormde een fundamentele schending van de eerdere veiligheidsorde.<\/p>\n<p>Voor Rusland was dit een duidelijk signaal dat de NAVO bereid was om buiten haar bondgenootschappelijk gebied militair geweld te gebruiken - ongeacht de Russische bezwaren. Dit heeft het strategisch vertrouwen blijvend geschaad.<\/p>\n<p>Sachs bekritiseerde ook de eenzijdige terugtrekking van de VS uit het ABM-verdrag in 2002, een centrale pijler van de strategische stabiliteit. Duitsland had nauwelijks kritiek op deze stap. De plaatsing van raketafweersystemen dicht bij de Russische grens werd vanuit Russisch perspectief onvermijdelijk als destabiliserend ervaren. Deze veiligheidszorgen over de hele linie afdoen als irrationeel of parano\u00efde was politieke propaganda en had niets te maken met verantwoordelijke diplomatie.<\/p>\n<p>De erkenning van de onafhankelijkheid van Kosovo door Duitsland in 2008 was een nieuw precedent dat het principe van territoriale integriteit ondermijnde. Waarschuwingen voor de gevolgen op lange termijn werden genegeerd. Ook hier werden Russische bezwaren niet serieus onderzocht, maar moreel gedelegitimeerd - met gevolgen voor de stabiliteit van de Europese orde.<\/p>\n<hr \/>\n<h3>Huidig onderzoek naar vertrouwen in de politiek<\/h3>\n<div class='bootstrap-yop yop-poll-mc'>\n\t\t\t\t\t\t\t<div class=\"basic-yop-poll-container\" style=\"background-color:#ffffff; border:0px; border-style:solid; border-color:#000000; border-radius:5px; padding:0px 5px;\" data-id=\"1\" data-temp=\"basic-pretty\" data-skin=\"square\" data-cscheme=\"blue\" data-cap=\"0\" data-access=\"guest\" data-tid=\"\" data-uid=\"89fad5cfe51743133fd07377728c5359\" data-pid=\"3486\" data-resdet=\"votes-number,percentages\" data-show-results-to=\"guest\" data-show-results-moment=\"after-vote\" data-show-results-only=\"false\" data-show-message=\"true\" data-show-results-as=\"bar\" data-sort-results-by=\"as-defined\" data-sort-results-rule=\"asc\"data-is-ended=\"0\" data-percentages-decimals=\"2\" data-gdpr=\"no\" data-gdpr-sol=\"consent\" data-css=\"\" data-counter=\"0\" data-load-with=\"1\" data-notification-section=\"top\"><div class=\"row\"><div class=\"col-md-12\"><div class=\"basic-inner\"><div class=\"basic-message hide\" style=\"border-left: 10px solid #008000; padding: 0px 10px;\" data-error=\"#ff0000\" data-success=\"#008000\"><p class=\"basic-message-text\" style=\"color:#000000; font-size:14px; font-weight:normal;\"><\/p><\/div><div class=\"basic-overlay hide\"><div class=\"basic-vote-options\"><\/div><div class=\"basic-preloader\"><div class=\"basic-windows8\"><div class=\"basic-wBall basic-wBall_1\"><div class=\"basic-wInnerBall\"><\/div><\/div><div class=\"basic-wBall basic-wBall_2\"><div class=\"basic-wInnerBall\"><\/div><\/div><div class=\"basic-wBall basic-wBall_3\"><div class=\"basic-wInnerBall\"><\/div><\/div><div class=\"basic-wBall basic-wBall_4\"><div class=\"basic-wInnerBall\"><\/div><\/div><div class=\"basic-wBall basic-wBall_5\"><div class=\"basic-wInnerBall\"><\/div><\/div><\/div><\/div><\/div><form class=\"basic-form\" action=\"\"><input type=\"hidden\" name=\"_token\" value=\"08a892bd45\" autocomplete=\"off\"><div class=\"basic-elements\"><div class=\"basic-element basic-question basic-question-text-vertical\" data-id=\"1\" data-uid=\"df61dcef163ab9fc39a4c02f30116206\" data-type=\"question\" data-question-type=\"text\" data-required=\"yes\" data-allow-multiple=\"no\" data-min=\"1\" data-max=\"1\" data-display=\"vertical\" data-colnum=\"\" data-display-others=\"no\" data-others-color=\"\" data-others=\"\" data-others-max-chars=\"0\"><div class=\"basic-question-title\"><h5 style=\"color:#000000; font-size:16px; font-weight:normal; text-align:left;\">Hoeveel vertrouwen heb je in de politiek en de media in Duitsland?<\/h5><\/div><ul class=\"basic-answers\"><li class=\"basic-answer\" style=\"padding:0px 0px;\" data-id=\"1\" data-type=\"text\" data-vn=\"10\" data-color=\"#000000\" data-make-link=\"no\" data-link=\"\"><div class=\"basic-answer-content basic-text-vertical\"><label for=\"answer[1]\" class=\"basic-answer-label\"><input type=\"radio\" id=\"answer[1]\" name=\"answer[1]\" value=\"1\"><span class=\"basic-text\" style=\"color: #000000; font-size: 14px; font-weight: normal;\">Zeer hoog - ik vertrouw de offici\u00eble instanties volledig<\/span><\/label><\/div><\/li><li class=\"basic-answer\" style=\"padding:0px 0px;\" data-id=\"2\" data-type=\"text\" data-vn=\"24\" data-color=\"#000000\" data-make-link=\"no\" data-link=\"\"><div class=\"basic-answer-content basic-text-vertical\"><label for=\"answer[2]\" class=\"basic-answer-label\"><input type=\"radio\" id=\"answer[2]\" name=\"answer[1]\" value=\"2\"><span class=\"basic-text\" style=\"color: #000000; font-size: 14px; font-weight: normal;\">Gemiddeld - Ik ben voorzichtig, maar niet fundamenteel achterdochtig<\/span><\/label><\/div><\/li><li class=\"basic-answer\" style=\"padding:0px 0px;\" data-id=\"3\" data-type=\"text\" data-vn=\"54\" data-color=\"#000000\" data-make-link=\"no\" data-link=\"\"><div class=\"basic-answer-content basic-text-vertical\"><label for=\"answer[3]\" class=\"basic-answer-label\"><input type=\"radio\" id=\"answer[3]\" name=\"answer[1]\" value=\"3\"><span class=\"basic-text\" style=\"color: #000000; font-size: 14px; font-weight: normal;\">Laag - Ik controleer veel dingen zelf<\/span><\/label><\/div><\/li><li class=\"basic-answer\" style=\"padding:0px 0px;\" data-id=\"4\" data-type=\"text\" data-vn=\"252\" data-color=\"#000000\" data-make-link=\"no\" data-link=\"\"><div class=\"basic-answer-content basic-text-vertical\"><label for=\"answer[4]\" class=\"basic-answer-label\"><input type=\"radio\" id=\"answer[4]\" name=\"answer[1]\" value=\"4\"><span class=\"basic-text\" style=\"color: #000000; font-size: 14px; font-weight: normal;\">Nauwelijks bestaand - ik geloof dat veel is versluierd of ge\u00ebnsceneerd<\/span><\/label><\/div><\/li><\/ul><\/div><div class=\"clearfix\"><\/div><\/div><div class=\"basic-vote\"><a href=\"#\" class=\"button basic-vote-button\" role=\"button\" style=\"background:#027bb8; border:0px; border-style: solid; border-color:#1636f0; border-radius:5px; padding:10px 10px; color:#ffffff; font-size:14px; font-weight:normal;\">Stem<\/a><\/div><input type=\"hidden\" name=\"trp-form-language\" value=\"nl\"\/><\/form><\/div><\/div><\/div><\/div>\n\t\t\t\t\t\t<\/div>\n<hr \/>\n<h3>Vooruitzichten voor toetreding tot de NAVO voor Oekra\u00efne en Georgi\u00eb<\/h3>\n<p>Sachs is vooral kritisch over het vasthouden aan een perspectief op NAVO-lidmaatschap voor Oekra\u00efne en Georgi\u00eb, zoals geformuleerd in Boekarest in 2008. Dit beleid heeft duidelijk afgebakende rode lijnen overschreden.<\/p>\n<p>Als een grootmacht decennialang duidelijk en consequent belangrijke veiligheidsbelangen heeft geformuleerd, dan is het opzettelijk negeren daarvan geen diplomatie, maar een escalatiestrategie met voorspelbare gevolgen.<\/p>\n<h3>De rol van Duitsland in Oekra\u00efne sinds 2014<\/h3>\n<p>Sachs wijdt een apart hoofdstuk aan de rol van Duitsland sinds de omwenteling in Oekra\u00efne in 2014 en zegt dat Berlijn, samen met Parijs en Warschau, bemiddelde bij het akkoord van 21 februari 2014, dat bedoeld was om een einde te maken aan het geweld en de grondwettelijke orde te waarborgen. Dit akkoord stortte binnen enkele uren in en werd gevolgd door een gewelddadige machtswisseling. Duitsland erkende onmiddellijk het nieuwe politieke regime, waarmee het feitelijk afzag van een eerder gegarandeerde overeenkomst.<\/p>\n<p>Het Minsk-akkoord II van 2015 was bedoeld om deze schending recht te zetten en een einde te maken aan de oorlog in Oost-Oekra\u00efne. Duitsland trad opnieuw op als garanderende mogendheid. Het akkoord werd echter jarenlang niet uitgevoerd en met name de politieke onderdelen ervan werden openlijk afgewezen door Kiev. Duitsland had dit geaccepteerd. Sachs ziet de latere publieke bekentenissen van westerse politici dat Minsk vooral tijd bood voor militaire voorbereidingen als een serieuze bekentenis die om een eerlijke herwaardering vraagt.<\/p>\n<h3>Kritiek op wapenleveringen, retoriek en publieke manipulatie<\/h3>\n<p>Tegen deze achtergrond lijken de roep om meer en meer wapens, scherpere retoriek en demonstratieve vastberadenheid Sachs hol. Hij bekritiseert politieke communicatie die de recente geschiedenis negeert en probeert het publiek moreel te infantiliseren.<\/p>\n<p>Europese samenlevingen zijn goed in staat om te begrijpen dat veiligheidsdilemma's re\u00ebel zijn en dat militaire beslissingen gevolgen hebben.<\/p>\n<p>Sachs herinnert zich de Ostpolitik van Duitsland als een uiting van strategische volwassenheid. Dialoog, wapenbeheersing, economische integratie en de erkenning van legitieme veiligheidsbelangen hadden ooit bijgedragen aan de stabiliteit van Europa. Deze houding was geen zwakte, maar een voorwaarde voor vrede. Duitsland moet terugkeren naar deze volwassenheid en oorlog niet langer presenteren als onvermijdelijk of moreel noodzakelijk.<\/p>\n<h3>Voorstellen voor een nieuwe Europese veiligheidsarchitectuur<\/h3>\n<p>In de brief worden concrete voorstellen geformuleerd:<\/p>\n<ul>\n<li>een einde aan de uitbreiding van de NAVO naar het oosten, met name richting Oekra\u00efne en Georgi\u00eb<\/li>\n<li>Neutraliteit van Oekra\u00efne met internationale veiligheidsgaranties<\/li>\n<li>Wederzijdse demilitarisering van grensregio's<\/li>\n<li>Opheffing van sancties als onderdeel van een onderhandelde oplossing<\/li>\n<li>Verwerping van de confiscatie van Russische staatsactiva<\/li>\n<li>Terugkeren naar wapenbeheersingsverdragen zoals het INF-verdrag<\/li>\n<li>Versterking van de OVSE als het centrale veiligheidsforum van Europa<\/li>\n<\/ul>\n<h3>Economische rationaliteit en Europese strategische autonomie<\/h3>\n<p>Sachs waarschuwt voor langetermijnschade aan de Europese economie door sanctiebeleid en onteigeningsachtige maatregelen. Legale handel en economische samenwerking zijn geen moreel falen, maar een uitdrukking van realisme. Strategische autonomie betekent het vormgeven van een Europese veiligheidsorde in haar eigen belang - geen permanente onderwerping aan een expansieve NAVO-logica.<\/p>\n<h3>Laatste oproep: eerlijkheid als voorwaarde voor vrede<\/h3>\n<p>Sachs sloot af met een dringend beroep op de bondskanselier om een eerlijke blik op de geschiedenis te werpen. Zonder eerlijkheid is er geen vertrouwen, zonder vertrouwen is er geen veiligheid en zonder diplomatie loopt Europa het gevaar rampen uit het verleden te herhalen. De geschiedenis zal oordelen over wat Duitsland zich herinnert - en wat het vergeet. Duitsland moet deze keer bewust kiezen voor diplomatie en vrede.<\/p>\n<div class=\"lyte-wrapper\" style=\"width:640px;max-width:100%;margin:5px;\"><div class=\"lyMe\" id=\"WYL_VxI7m9rmFto\"><div id=\"lyte_VxI7m9rmFto\" data-src=\"https:\/\/www.markus-schall.de\/wp-content\/plugins\/wp-youtube-lyte\/lyteCache.php?origThumbUrl=%2F%2Fi.ytimg.com%2Fvi%2FVxI7m9rmFto%2Fhqdefault.jpg\" class=\"pL\"><div class=\"tC\"><div class=\"tT\"><\/div><\/div><div class=\"play\"><\/div><div class=\"ctrl\"><div class=\"Lctrl\"><\/div><div class=\"Rctrl\"><\/div><\/div><\/div><noscript><a href=\"https:\/\/youtu.be\/VxI7m9rmFto\" rel=\"nofollow noopener\" target=\"_blank\"><img loading=\"lazy\" decoding=\"async\" src=\"https:\/\/www.markus-schall.de\/wp-content\/plugins\/wp-youtube-lyte\/lyteCache.php?origThumbUrl=https%3A%2F%2Fi.ytimg.com%2Fvi%2FVxI7m9rmFto%2F0.jpg\" alt=\"YouTube video thumbnail\" width=\"640\" height=\"340\" \/><br \/>Bekijk deze video op YouTube<\/a><\/noscript><\/div><\/div><div class=\"lL\" style=\"max-width:100%;width:640px;margin:5px;\"><\/div><br \/>\nDe geopolitiek van vrede - Professor Jeffrey Sachs in het Europees Parlement | <a href=\"https:\/\/www.youtube.com\/@MartinSonneborn\" target=\"_blank\" rel=\"noopener\">Martin Sonneborn<\/a><\/p>\n<h3>Verschuivingen in het veiligheidsbeleid in Duitsland<\/h3>\n<p>Parallel aan de debatten over internationaal veiligheidsbeleid waar Jeffrey Sachs in zijn open brief naar verwijst, hebben er de afgelopen jaren ook in Duitsland belangrijke verschuivingen plaatsgevonden. Voor het eerst in decennia zijn de zogenaamde <a href=\"https:\/\/www.markus-schall.de\/nl\/2025\/10\/wat-betekent-de-spanningsdaling-in-duitsland-en-welke-concrete-gevolgen-zou-dit-hebben\/\"><strong>Spanningsverlies<\/strong><\/a> is een term uit de Basiswet die lange tijd bijna volledig uit het dagelijkse politieke leven was verdwenen. Het is gekoppeld aan vragen over interne en externe veiligheid, de rol van de Bundeswehr en de veerkracht van staatsstructuren in het geval van een crisis. In deze context werd ook de opschorting van de dienstplicht steeds meer ter discussie gesteld.<\/p>\n<p>Verschillende politieke actoren hebben modellen ontwikkeld voor een herinvoering, gedeeltelijke verplichting of uitgebreide verplichting. <a href=\"https:\/\/www.markus-schall.de\/nl\/2025\/09\/gewetensbezwaren-tegen-militaire-dienst-wat-te-doen-in-een-noodgeval\/\"><strong>Verplichte militaire dienst<\/strong><\/a> Het debat over de toekomst van de militaire paraatheid is begonnen, deels openlijk, deels geleidelijk door wettelijke aanpassingen en organisatorische voorbereidingen. Deze debatten markeren een diepgaande mentale verschuiving: weg van de decennialange aanname van een permanente vredesorde en naar een beleid dat militaire paraatheid weer als norm beschouwt. Dit is precies waar de binnenlandse politieke ontwikkeling van Duitsland de fundamentele kritiek van Sachs kruist: wanneer veiligheidskwesties voornamelijk in militaire termen worden gekaderd, wordt de politieke horizon smaller. Historische ervaringen, diplomatieke alternatieven en sociale kosten raken op de achtergrond - met verstrekkende gevolgen voor de democratie, de economie en de sociale stabiliteit.<\/p>\n<hr \/>\n<h3>Huidig onderzoek naar een mogelijk geval van spanning<\/h3>\n<div class='bootstrap-yop yop-poll-mc'>\n\t\t\t\t\t\t\t<div class=\"basic-yop-poll-container\" style=\"background-color:#ffffff; border:0px; border-style:solid; border-color:#000000; border-radius:5px; padding:0px 5px;\" data-id=\"6\" data-temp=\"basic-pretty\" data-skin=\"square\" data-cscheme=\"blue\" data-cap=\"0\" data-access=\"guest\" data-tid=\"\" data-uid=\"ef7d2f1fdfc3519b5e1263c62cc7bfb7\" data-pid=\"3486\" data-resdet=\"votes-number,percentages\" data-show-results-to=\"guest\" data-show-results-moment=\"after-vote\" data-show-results-only=\"false\" data-show-message=\"true\" data-show-results-as=\"bar\" data-sort-results-by=\"as-defined\" data-sort-results-rule=\"asc\"data-is-ended=\"0\" data-percentages-decimals=\"2\" data-gdpr=\"no\" data-gdpr-sol=\"consent\" data-css=\".basic-yop-poll-container[data-uid] .basic-vote {\t\t\t\t\t\t\t\t\ttext-align: center;\t\t\t\t\t\t\t\t}\" data-counter=\"0\" data-load-with=\"1\" data-notification-section=\"top\"><div class=\"row\"><div class=\"col-md-12\"><div class=\"basic-inner\"><div class=\"basic-message hide\" style=\"border-left: 10px solid #008000; padding: 0px 10px;\" data-error=\"#ff0000\" data-success=\"#008000\"><p class=\"basic-message-text\" style=\"color:#000000; font-size:14px; font-weight:normal;\"><\/p><\/div><div class=\"basic-overlay hide\"><div class=\"basic-vote-options\"><\/div><div class=\"basic-preloader\"><div class=\"basic-windows8\"><div class=\"basic-wBall basic-wBall_1\"><div class=\"basic-wInnerBall\"><\/div><\/div><div class=\"basic-wBall basic-wBall_2\"><div class=\"basic-wInnerBall\"><\/div><\/div><div class=\"basic-wBall basic-wBall_3\"><div class=\"basic-wInnerBall\"><\/div><\/div><div class=\"basic-wBall basic-wBall_4\"><div class=\"basic-wInnerBall\"><\/div><\/div><div class=\"basic-wBall basic-wBall_5\"><div class=\"basic-wInnerBall\"><\/div><\/div><\/div><\/div><\/div><form class=\"basic-form\" action=\"\"><input type=\"hidden\" name=\"_token\" value=\"fc300e5d8f\" autocomplete=\"off\"><div class=\"basic-elements\"><div class=\"basic-element basic-question basic-question-text-vertical\" data-id=\"6\" data-uid=\"ab746e185dfde9af45f905f3d7f1de28\" data-type=\"question\" data-question-type=\"text\" data-required=\"yes\" data-allow-multiple=\"no\" data-min=\"1\" data-max=\"7\" data-display=\"vertical\" data-colnum=\"\" data-display-others=\"no\" data-others-color=\"\" data-others=\"\" data-others-max-chars=\"0\"><div class=\"basic-question-title\"><h5 style=\"color:#000000; font-size:16px; font-weight:normal; text-align:left;\">Hoe goed voelt u zich persoonlijk voorbereid op een mogelijk spanningsgeval (bijv. crisis of oorlog)?<\/h5><\/div><ul class=\"basic-answers\"><li class=\"basic-answer\" style=\"padding:0px 0px;\" data-id=\"24\" data-type=\"text\" data-vn=\"19\" data-color=\"#000000\" data-make-link=\"no\" data-link=\"\"><div class=\"basic-answer-content basic-text-vertical\"><label for=\"answer[24]\" class=\"basic-answer-label\"><input type=\"radio\" id=\"answer[24]\" name=\"answer[6]\" value=\"24\"><span class=\"basic-text\" style=\"color: #000000; font-size: 14px; font-weight: normal;\">Zeer goed - ik heb voorraden, kennis en een plan<\/span><\/label><\/div><\/li><li class=\"basic-answer\" style=\"padding:0px 0px;\" data-id=\"25\" data-type=\"text\" data-vn=\"36\" data-color=\"#000000\" data-make-link=\"no\" data-link=\"\"><div class=\"basic-answer-content basic-text-vertical\"><label for=\"answer[25]\" class=\"basic-answer-label\"><input type=\"radio\" id=\"answer[25]\" name=\"answer[6]\" value=\"25\"><span class=\"basic-text\" style=\"color: #000000; font-size: 14px; font-weight: normal;\">Best goed - ik heb erover nagedacht<\/span><\/label><\/div><\/li><li class=\"basic-answer\" style=\"padding:0px 0px;\" data-id=\"26\" data-type=\"text\" data-vn=\"60\" data-color=\"#000000\" data-make-link=\"no\" data-link=\"\"><div class=\"basic-answer-content basic-text-vertical\"><label for=\"answer[26]\" class=\"basic-answer-label\"><input type=\"radio\" id=\"answer[26]\" name=\"answer[6]\" value=\"26\"><span class=\"basic-text\" style=\"color: #000000; font-size: 14px; font-weight: normal;\">Nauwelijks - ik hoop alleen dat er niets gebeurt<\/span><\/label><\/div><\/li><li class=\"basic-answer\" style=\"padding:0px 0px;\" data-id=\"27\" data-type=\"text\" data-vn=\"13\" data-color=\"#000000\" data-make-link=\"no\" data-link=\"\"><div class=\"basic-answer-content basic-text-vertical\"><label for=\"answer[27]\" class=\"basic-answer-label\"><input type=\"radio\" id=\"answer[27]\" name=\"answer[6]\" value=\"27\"><span class=\"basic-text\" style=\"color: #000000; font-size: 14px; font-weight: normal;\">Helemaal niet - ik onderdruk het onderwerp opzettelijk<\/span><\/label><\/div><\/li><li class=\"basic-answer\" style=\"padding:0px 0px;\" data-id=\"28\" data-type=\"text\" data-vn=\"17\" data-color=\"#000000\" data-make-link=\"no\" data-link=\"\"><div class=\"basic-answer-content basic-text-vertical\"><label for=\"answer[28]\" class=\"basic-answer-label\"><input type=\"radio\" id=\"answer[28]\" name=\"answer[6]\" value=\"28\"><span class=\"basic-text\" style=\"color: #000000; font-size: 14px; font-weight: normal;\">Wat is een \"spanningsval\" eigenlijk?<\/span><\/label><\/div><\/li><\/ul><\/div><div class=\"clearfix\"><\/div><\/div><div class=\"basic-vote\"><a href=\"#\" class=\"button basic-vote-button\" role=\"button\" style=\"background:#027bb8; border:0px; border-style: solid; border-color:#000000; border-radius:5px; padding:10px 10px; color:#ffffff; font-size:14px; font-weight:normal;\">Stem<\/a><\/div><input type=\"hidden\" name=\"trp-form-language\" value=\"nl\"\/><\/form><\/div><\/div><\/div><\/div>\n\t\t\t\t\t\t<\/div>\n<hr \/>\n<h2>Kort profiel: Wie is Prof Jeffrey D. Sachs?<\/h2>\n<p>Jeffrey D. Sachs is een Amerikaanse econoom en een van de bekendste publieke intellectuelen op het gebied van ontwikkelingseconomie en internationaal beleidsadvies. Hij is momenteel <a href=\"https:\/\/csd.columbia.edu\/sachs\" target=\"_blank\" rel=\"noopener\"><strong>Universitair docent<\/strong><\/a> (de hoogste academische rang aan Columbia University) en directeur van het Centre for Sustainable Development aan Columbia University in New York.<\/p>\n<p>Hij is ook voorzitter van het VN-netwerk voor oplossingen voor duurzame ontwikkeling (SDSN) en heeft zitting in VN-gerelateerde commissies, waaronder die van SDG-voorvechter onder VN-secretaris-generaal Ant\u00f3nio Guterres. Van 2002 tot 2016 stond hij ook aan het hoofd van het Earth Institute aan de Columbia University.<\/p>\n<h3>Oorsprong en vroege vormgeving<\/h3>\n<p>Sachs werd in 1954 geboren in Detroit (Michigan) en groeide op in de buitenwijk Oak Park. In <a href=\"https:\/\/en.wikipedia.org\/wiki\/Jeffrey_Sachs\" target=\"_blank\" rel=\"noopener\"><strong>Biografie\u00ebn<\/strong><\/a> Er wordt vaak benadrukt dat de sociale spanningen en ongelijkheden in de regio (waaronder de rellen in Detroit) hem al vroeg bewust maakten van de kloof tussen armoede en welvaart.<\/p>\n<p>Hij is de zoon van Joan (n\u00e9e Abrams) en Theodore Sachs, die wordt beschreven als een arbeidsrechtadvocaat; Sachs wordt ook vaak afgeschilderd als opgegroeid in een Joods gezin.<\/p>\n<h3>Onderwijs: Harvard, en in recordtempo<\/h3>\n<p>Zijn academische carri\u00e8re is buitengewoon eenvoudig: Sachs studeerde aan Harvard University en behaalde een B.A. (1976, summa cum laude), een M.A. (1978) en een Ph.D. (1980) - allemaal in economie.<\/p>\n<p>Hij werd toegelaten tot de Harvard Society of Fellows toen hij nog studeerde, wat een vroeg teken was van zijn reputatie als uitzonderlijk talent.<\/p>\n<h3>Harvard-jaren: Opgang naar de status van \u201estereconoom\u201c<\/h3>\n<p>Sachs kwam in 1980 als docent naar Harvard, werd al snel gepromoveerd en kreeg op jonge leeftijd een vaste aanstelling als hoogleraar. Later werd hij Galen L. Stone Professor of International Trade en leidde hij programma's en instituten die nauw verbonden waren met internationaal politiek overleg.<\/p>\n<p>Tijdens deze fase groeide zijn reputatie als econoom die niet alleen theoretisch te werk gaat, maar ook regeringen rechtstreeks adviseert in crisissituaties - met duidelijke, vaak compromisloze hervormingsvoorstellen.<\/p>\n<h3>De jaren 1980\/1990: \u201eSchoktherapie\u201c en de debatten eromheen<\/h3>\n<p>Sachs kreeg internationale erkenning voor zijn rol als adviseur tijdens economische omwentelingen - bijvoorbeeld in landen met hyperinflatie of tijdens de overgang van een planeconomie naar een markteconomie. In veel verslagen wordt hij beschreven als een van de prominente vertegenwoordigers van een snel stabilisatiebeleid, dat vaak wordt samengevat onder de term \u201eschoktherapie\u201c (snelle prijs-\/valutahervormingen, strenge fiscale discipline, snelle systeemverandering).<\/p>\n<p>Belangrijk is dat deze fase vandaag de dag nog steeds controversieel is. Voorstanders wijzen op de stabilisatiesuccessen van individuele landen, terwijl critici de nadruk leggen op sociale ontberingen, politieke neveneffecten en verkeerde stimulansen - vooral in de beginjaren van de transformatie in de voormalige Sovjet-Unie. Sachs\u2019 naam duikt regelmatig op als een symbolische figuur in dit debat, zowel in academische als politieke discussies.<\/p>\n<h3>Verhuizen naar Columbia: duurzame ontwikkeling als levenswerk<\/h3>\n<p>In 2002 verhuisde Sachs naar Columbia University. Daar stond hij aan het hoofd van het Earth Institute (2002-2016) en nu leidt hij het Centre for Sustainable Development.<\/p>\n<p>Sindsdien ligt de focus minder op \u201epure macro-economie\u201c en meer op duurzame ontwikkeling, armoedebestrijding, gezondheid, klimaat, infrastructuur en internationale samenwerking. Dit past bij zijn rol als auteur en organisator van grote programma's waarin onderzoek, beleidsadvies en publiekscommunicatie met elkaar verweven zijn.<\/p>\n<h3>Rol bij de Verenigde Naties: MDG's, SDG's en politieke invloed<\/h3>\n<p>Sachs was vele jaren actief in VN-verband: hij wordt onder andere beschreven als adviseur van verschillende secretarissen-generaal van de VN en was een belangrijke stem in de context van de millenniumdoelstellingen voor ontwikkeling (MDG's) en later de doelstellingen voor duurzame ontwikkeling (SDG's).<\/p>\n<p>Het SDSN (UN Sustainable Development Solutions Network), waarvan hij voorzitter is, is een soort brug: Het doel is dat wetenschap, maatschappelijk middenveld, bedrijfsleven en politiek samenwerken om praktische oplossingen voor SDG-doelen te promoten.<\/p>\n<h3>Publieke impact vandaag: auteur, commentator, polarisatie<\/h3>\n<p>Sachs heeft de afgelopen jaren niet alleen naam gemaakt als ontwikkelingseconoom, maar ook als politiek commentator over geopolitiek, oorlog en internationale orde. Afhankelijk van het publiek kan dit op instemming of harde kritiek rekenen - juist omdat hij vaak benadrukt dat internationale conflicten alleen kunnen worden opgelost door veiligheidsarchitecturen, diplomatie en belangenafweging. Het is geen verrassing dat hij hiermee aanstoot neemt: Sachs argumenteert zelden in hoofdlijnen, maar eerder over lange lijnen, machtslogica en historische padafhankelijkheden.<\/p>\n<p>Als je Sachs\u2019 pad samenvat, komt er een duidelijk patroon naar voren:<\/p>\n<p>Hij is geen \u201ezuivere universiteitseconoom\u201c, maar een econoom in de machinekamer van de geschiedenis - eerst in monetaire en systeemcrises, later in mondiale armoede- en ontwikkelingsagenda's, en tegenwoordig steeds meer in fundamentele kwesties van veiligheidsorde en diplomatie. Zijn kracht is het totaalbeeld; zijn risico is dat totaalbeelden in verhitte debatten snel verkeerd worden begrepen als \u201epartijdigheid\u201c.<\/p>\n<hr \/>\n\n\t\t\t<div class=\"display-post-types\">\n\n\t\t\t\t\t\t\t<style type=\"text\/css\">\n\t\t\t#dpt-wrapper-37 { --dpt-text-align: left;--dpt-image-crop: center;--dpt-border-radius: 5px;--dpt-h-gutter: 10px;--dpt-v-gutter: 10px; }\t\t\t<\/style>\n\t\t\t<style type=\"text\/css\">#dpt-wrapper-37 { --dpt-title-font-style:normal;--dpt-title-font-weight:600;--dpt-title-line-height:1.5;--dpt-title-text-decoration:none;--dpt-title-text-transform:none;--dpt-excerpt-font-style:normal;--dpt-excerpt-font-weight:400;--dpt-excerpt-line-height:1.5;--dpt-excerpt-text-decoration:none;--dpt-excerpt-text-transform:none;--dpt-meta1-font-style:normal;--dpt-meta1-font-weight:400;--dpt-meta1-line-height:1.9;--dpt-meta1-text-decoration:none;--dpt-meta1-text-transform:none;--dpt-meta2-font-style:normal;--dpt-meta2-font-weight:400;--dpt-meta2-line-height:1.9;--dpt-meta2-text-decoration:none;--dpt-meta2-text-transform:none; }<\/style><div class=\"dpt-main-header\">\n\t\t\t\t\t\t<div class=\"dpt-main-title\">\n\t\t\t\t\t\t\t<span class=\"dpt-main-title-text\">Portretten van mensen met een attitude<\/span>\n\t\t\t\t\t\t<\/div>\n\t\t\t\t\t\t\n\t\t\t\t\t\t\n\t\t\t\t\t\t\n\t\t\t\t\t\t<\/div>\t\t\t\n\t\t\t\t<div id=\"dpt-wrapper-37\" class=\"dpt-wrapper dpt-mag1 land1 dpt-cropped dpt-flex-wrap\" >\n\n\t\t\t\t\t\t\t\t\t\t\t<div class=\"dpt-entry has-thumbnail\" data-title=\"jan-josef liefers: ein portr\u00e4t \u00fcber haltung, herkunft und k\u00fcnstlerische freiheit\" data-id=\"3854\"  data-category=\"allgemein gesellschaft kunst &amp; kultur\" data-post_tag=\"deutschland erfahrungen krisen lernen meinungsfreiheit musik pers\u00f6nlichkeitsentwicklung portrait\">\n\t\t\t\t\t\t\t<div class=\"dpt-entry-wrapper\"><div class=\"dpt-featured-content\"><div class=\"dpt-permalink\"><a href=\"https:\/\/www.markus-schall.de\/nl\/2025\/12\/jan-josef-liefers-een-portret-van-houding-afkomst-en-artistieke-vrijheid\/\" class=\"dpt-permalink\"><span class=\"screen-reader-text\">Jan-Josef Liefers: Een portret van houding, afkomst en artistieke vrijheid<\/span><\/a><\/div><div class=\"dpt-thumbnail\"><div class=\"dpt-thumbnail-inner\"><img width=\"1024\" height=\"683\" class=\"attachment-full size-full\" alt=\"Jan-Josef Liefers\" context=\"dpt\" data-dpt-src=\"https:\/\/www.markus-schall.de\/wp-content\/uploads\/jan-josef-liefers-silhouette.jpg\" data-dpt-sizes=\"(max-width: 1024px) 100vw, 1024px\" data-dpt-srcset=\"https:\/\/www.markus-schall.de\/wp-content\/uploads\/jan-josef-liefers-silhouette.jpg 1024w, https:\/\/www.markus-schall.de\/wp-content\/uploads\/jan-josef-liefers-silhouette-300x200.jpg 300w, https:\/\/www.markus-schall.de\/wp-content\/uploads\/jan-josef-liefers-silhouette-768x512.jpg 768w, https:\/\/www.markus-schall.de\/wp-content\/uploads\/jan-josef-liefers-silhouette-18x12.jpg 18w\" \/><\/div><span class=\"dpt-thumbnail-aspect-ratio\" style=\"padding-top: 75%\"><\/span><\/div><\/div><div class=\"sub-entry\"><h3 class=\"dpt-title\"><a class=\"dpt-title-link\" href=\"https:\/\/www.markus-schall.de\/nl\/2025\/12\/jan-josef-liefers-een-portret-van-houding-afkomst-en-artistieke-vrijheid\/\" rel=\"bookmark\">Jan-Josef Liefers: Een portret van houding, afkomst en artistieke vrijheid<\/a><\/h3><\/div><\/div>\n\t\t\t\t\t\t<\/div><!-- .dpt-entry -->\n\t\t\t\t\t\t\t\t\t\t\t\t<div class=\"dpt-entry has-thumbnail\" data-title=\"dieter hallervorden \u2013 mehr als didi: portr\u00e4t eines unbequemen freigeists\" data-id=\"4347\"  data-category=\"gesellschaft kunst &amp; kultur stories &amp; humor\" data-post_tag=\"erfahrungen meinungsfreiheit musik portrait\">\n\t\t\t\t\t\t\t<div class=\"dpt-entry-wrapper\"><div class=\"dpt-featured-content\"><div class=\"dpt-permalink\"><a href=\"https:\/\/www.markus-schall.de\/nl\/2026\/01\/dieter-hallervorden-meer-dan-didi-portret-van-een-ongemakkelijke-vrije-geest\/\" class=\"dpt-permalink\"><span class=\"screen-reader-text\">Dieter Hallervorden - Meer dan Didi: Portret van een ongemakkelijke vrije geest<\/span><\/a><\/div><div class=\"dpt-thumbnail\"><div class=\"dpt-thumbnail-inner\"><img width=\"1024\" height=\"683\" class=\"attachment-full size-full\" alt=\"Dieter Hallervorden en de W\u00fchlm\u00e4use in Berlijn\" context=\"dpt\" data-dpt-src=\"https:\/\/www.markus-schall.de\/wp-content\/uploads\/Dieter-Hallvervorden-Wuehlmaeuse.jpg\" data-dpt-sizes=\"(max-width: 1024px) 100vw, 1024px\" data-dpt-srcset=\"https:\/\/www.markus-schall.de\/wp-content\/uploads\/Dieter-Hallvervorden-Wuehlmaeuse.jpg 1024w, https:\/\/www.markus-schall.de\/wp-content\/uploads\/Dieter-Hallvervorden-Wuehlmaeuse-300x200.jpg 300w, https:\/\/www.markus-schall.de\/wp-content\/uploads\/Dieter-Hallvervorden-Wuehlmaeuse-768x512.jpg 768w, https:\/\/www.markus-schall.de\/wp-content\/uploads\/Dieter-Hallvervorden-Wuehlmaeuse-18x12.jpg 18w\" \/><\/div><span class=\"dpt-thumbnail-aspect-ratio\" style=\"padding-top: 75%\"><\/span><\/div><\/div><div class=\"sub-entry\"><h3 class=\"dpt-title\"><a class=\"dpt-title-link\" href=\"https:\/\/www.markus-schall.de\/nl\/2026\/01\/dieter-hallervorden-meer-dan-didi-portret-van-een-ongemakkelijke-vrije-geest\/\" rel=\"bookmark\">Dieter Hallervorden - Meer dan Didi: Portret van een ongemakkelijke vrije geest<\/a><\/h3><\/div><\/div>\n\t\t\t\t\t\t<\/div><!-- .dpt-entry -->\n\t\t\t\t\t\t\t\t\t\t\t\t<div class=\"dpt-entry has-thumbnail\" data-title=\"warum dieter bohlen spricht, wenn andere schweigen: ein portr\u00e4t \u00fcber flei\u00df und klarheit\" data-id=\"3744\"  data-category=\"allgemein gesellschaft kunst &amp; kultur\" data-post_tag=\"auswandern deutschland erfahrungen krisen meinungsfreiheit musik portrait\">\n\t\t\t\t\t\t\t<div class=\"dpt-entry-wrapper\"><div class=\"dpt-featured-content\"><div class=\"dpt-permalink\"><a href=\"https:\/\/www.markus-schall.de\/nl\/2025\/12\/waarom-dieter-bohlen-spreekt-als-anderen-zwijgen-een-portret-van-ijver-en-helderheid\/\" class=\"dpt-permalink\"><span class=\"screen-reader-text\">Waarom Dieter Bohlen spreekt als anderen zwijgen: Een portret van ijver en duidelijkheid<\/span><\/a><\/div><div class=\"dpt-thumbnail\"><div class=\"dpt-thumbnail-inner\"><img width=\"1024\" height=\"683\" class=\"attachment-full size-full\" alt=\"\" context=\"dpt\" data-dpt-src=\"https:\/\/www.markus-schall.de\/wp-content\/uploads\/Dieter-Bohlen-Portrait.jpg\" data-dpt-sizes=\"(max-width: 1024px) 100vw, 1024px\" data-dpt-srcset=\"https:\/\/www.markus-schall.de\/wp-content\/uploads\/Dieter-Bohlen-Portrait.jpg 1024w, https:\/\/www.markus-schall.de\/wp-content\/uploads\/Dieter-Bohlen-Portrait-300x200.jpg 300w, https:\/\/www.markus-schall.de\/wp-content\/uploads\/Dieter-Bohlen-Portrait-768x512.jpg 768w, https:\/\/www.markus-schall.de\/wp-content\/uploads\/Dieter-Bohlen-Portrait-18x12.jpg 18w\" \/><\/div><span class=\"dpt-thumbnail-aspect-ratio\" style=\"padding-top: 75%\"><\/span><\/div><\/div><div class=\"sub-entry\"><h3 class=\"dpt-title\"><a class=\"dpt-title-link\" href=\"https:\/\/www.markus-schall.de\/nl\/2025\/12\/waarom-dieter-bohlen-spreekt-als-anderen-zwijgen-een-portret-van-ijver-en-helderheid\/\" rel=\"bookmark\">Waarom Dieter Bohlen spreekt als anderen zwijgen: Een portret van ijver en duidelijkheid<\/a><\/h3><\/div><\/div>\n\t\t\t\t\t\t<\/div><!-- .dpt-entry -->\n\t\t\t\t\t\t\t\t\t\t\t\t<div class=\"dpt-entry has-thumbnail\" data-title=\"johann sebastian bach \u2013 ordnung, haltung und das fundament unserer musik\" data-id=\"5033\"  data-category=\"allgemein gesellschaft kunst &amp; kultur\" data-post_tag=\"deutschland musik portrait\">\n\t\t\t\t\t\t\t<div class=\"dpt-entry-wrapper\"><div class=\"dpt-featured-content\"><div class=\"dpt-permalink\"><a href=\"https:\/\/www.markus-schall.de\/nl\/2026\/02\/johann-sebastian-bach-orde-houding-en-het-fundament-van-onze-muziek\/\" class=\"dpt-permalink\"><span class=\"screen-reader-text\">Johann Sebastian Bach - orde, houding en het fundament van onze muziek<\/span><\/a><\/div><div class=\"dpt-thumbnail\"><div class=\"dpt-thumbnail-inner\"><img width=\"1024\" height=\"683\" class=\"attachment-full size-full\" alt=\"Johann Sebastian Bach Portret\" context=\"dpt\" data-dpt-src=\"https:\/\/www.markus-schall.de\/wp-content\/uploads\/Johann-Sebastian-Bach-Portrait.jpg\" data-dpt-sizes=\"(max-width: 1024px) 100vw, 1024px\" data-dpt-srcset=\"https:\/\/www.markus-schall.de\/wp-content\/uploads\/Johann-Sebastian-Bach-Portrait.jpg 1024w, https:\/\/www.markus-schall.de\/wp-content\/uploads\/Johann-Sebastian-Bach-Portrait-300x200.jpg 300w, https:\/\/www.markus-schall.de\/wp-content\/uploads\/Johann-Sebastian-Bach-Portrait-768x512.jpg 768w, https:\/\/www.markus-schall.de\/wp-content\/uploads\/Johann-Sebastian-Bach-Portrait-18x12.jpg 18w\" \/><\/div><span class=\"dpt-thumbnail-aspect-ratio\" style=\"padding-top: 75%\"><\/span><\/div><\/div><div class=\"sub-entry\"><h3 class=\"dpt-title\"><a class=\"dpt-title-link\" href=\"https:\/\/www.markus-schall.de\/nl\/2026\/02\/johann-sebastian-bach-orde-houding-en-het-fundament-van-onze-muziek\/\" rel=\"bookmark\">Johann Sebastian Bach - orde, houding en het fundament van onze muziek<\/a><\/h3><\/div><\/div>\n\t\t\t\t\t\t<\/div><!-- .dpt-entry -->\n\t\t\t\t\t\t\n\t\t\t\t<\/div>\n\t\t\t\t\t\t<\/div>\n\t\t\t\n<hr \/>\n<h2>Alle punten van de open brief op een rij<\/h2>\n<div style=\"overflow: auto;\">\n<table>\n<thead>\n<tr style=\"background: #f2f2f2;\">\n<th>Tijd\/fase<\/th>\n<th>Wat Sachs bekritiseert<\/th>\n<th>Wat Sachs eist<\/th>\n<\/tr>\n<\/thead>\n<tbody>\n<tr>\n<td><strong>1990 (hereniging \/ einde van de Koude Oorlog)<\/strong><\/td>\n<td>De verzekering dat de NAVO niet naar het oosten zou uitbreiden, werd later gerelativeerd of gepresenteerd als \u201eniet-bindend\u201c.<br \/>\nDit had het vertrouwen geschaad.<\/td>\n<td>Historische eerlijkheid over verbintenissen en hun politieke betekenis; veiligheidsgaranties erkennen als een wederkerig principe<br \/>\n(Veiligheid is \u201eondeelbaar\u201c).<\/td>\n<\/tr>\n<tr>\n<td><strong>1999 (NAVO-luchtoorlog tegen Servi\u00eb)<\/strong><\/td>\n<td>Deelname van Duitsland aan NAVO-bombardementen zonder mandaat van de VN-Veiligheidsraad; signaal dat de NAVO ook buiten haar grondgebied geweld kan gebruiken<br \/>\ntegen Russische bezwaren.<\/td>\n<td>Terugkeer naar een op regels gebaseerde veiligheidsorde (UN\/OSCE-logica); stel geweld niet in als een normaal instrument; vertrouwensopbouw in plaats van<br \/>\nCre\u00eber precedenten.<\/td>\n<\/tr>\n<tr>\n<td><strong>2002 (ABM-verdrag \/ raketverdediging)<\/strong><\/td>\n<td>De VS trekt zich terug uit het ABM-verdrag; Duitsland maakt geen ernstige bezwaren. Opstelling\/planning van raketafweer in de buurt van Rusland<br \/>\nGrenzen worden afgedaan als destabiliserend.<\/td>\n<td>Opnieuw opbouwen van een veerkrachtige wapenbeheersingsarchitectuur; veiligheidszorgen niet devalueren als \u201eparanoia\u201c; strategische stabiliteit als<br \/>\nKerndoel behandelen.<\/td>\n<\/tr>\n<tr>\n<td><strong>2008 (erkenning van Kosovo)<\/strong><\/td>\n<td>Erkenning van de onafhankelijkheid van Kosovo ondanks waarschuwingen voor precedentwerking en ondermijning van de territoriale integriteit.<\/td>\n<td>Eerlijke erkenning van westerse precedenten; consistent regelgevingsbeleid dat begrijpelijk is onder internationaal recht in plaats van selectieve principes.<\/td>\n<\/tr>\n<tr>\n<td><strong>2008 (NAVO-top Boekarest: perspectief Oekra\u00efne\/Georgi\u00eb)<\/strong><\/td>\n<td>Politieke inzet voor NAVO-lidmaatschapsvooruitzichten voor Oekra\u00efne en Georgi\u00eb ondanks herhaalde, langdurige Russische waarschuwingen (rode lijnen).<\/td>\n<td>Ondubbelzinnig einde aan de uitbreiding van de NAVO naar het oosten (Oekra\u00efne, Georgi\u00eb en andere grensstaten); de-escalatie door structurele duidelijkheid.<\/td>\n<\/tr>\n<tr>\n<td><strong>Februari 2014 (Kiev: overeenkomst van 21 februari)<\/strong><\/td>\n<td>Duitsland bemiddelt\/ garandeert een akkoord over de\u00ebscalatie en behoud van de constitutionele orde; akkoord stort binnen enkele uren in,<br \/>\nEr vindt een machtswisseling plaats; Duitsland erkent de nieuwe regering onmiddellijk.<\/td>\n<td>Consistente diplomatie met betrokkenheid; garanties mogen niet zonder gevolgen blijven; politieke ordekwesties serieus nemen in plaats van alleen maar \u201emeer<br \/>\nnaar de volgende stap\u201c.<\/td>\n<\/tr>\n<tr>\n<td><strong>2015-2022 (Minsk II als waarborgmodel)<\/strong><\/td>\n<td>Minsk II zou jarenlang niet worden uitgevoerd; politieke onderdelen zouden worden afgewezen; Duitsland zou de uitvoering ervan niet afdwingen. Later<br \/>\nVerklaringen dat Minsk meer een \u201etijdwinst\u201c was, zijn een ernstige vertrouwensbreuk.<\/td>\n<td>Eerlijke herwaardering van Minsk; diplomatie als vredesinstrument in plaats van tactisch manoeuvreren; toekomstig onderhandelingskader met echte implementatie<br \/>\nen verifieerbare mechanismen.<\/td>\n<\/tr>\n<tr>\n<td><strong>Sinds 2022 (Oekra\u00efne oorlog \/ escalatie dynamiek)<\/strong><\/td>\n<td>Focus op meer en meer wapens, scherpere retoriek en \u201evastberadenheid\u201c; negeren van eerdere geschiedenis; morele simplificaties (\u201einfantilisatie\u201c)<br \/>\nin plaats van verlichting.<\/td>\n<td>Terugkeer naar echte diplomatie (geen PR); erkenning van veiligheidsdilemma's; de-escalatie door politieke architectuur in plaats van symbolische politiek.<\/td>\n<\/tr>\n<tr>\n<td><strong>Veiligheidsorde in Europa<\/strong><\/td>\n<td>Veiligheid wordt te sterk gezien in termen van NAVO-logica; de OVSE wordt gemarginaliseerd; de Europese strategie wordt te veel gevormd door slogans van allianties\/uitbreidingslogica.<\/td>\n<td>Versterk de OVSE als centraal forum; stel een Europese veiligheidsorde in \u201egebaseerd op Europese belangen\u201c (strategische autonomie) en<br \/>\nBetrek Rusland erbij in plaats van het uit te sluiten.<\/td>\n<\/tr>\n<tr>\n<td><strong>Neutraliteit vs. troepeninzet<\/strong><\/td>\n<td>Discussie over Europese troepen\/inzet in\/nabij Oekra\u00efne; volgens Sachs zou dit de verdeeldheid verdiepen en de oorlog verlengen.<\/td>\n<td>Oekra\u00efense neutraliteit met geloofwaardige internationale garanties; stabiliteit door aanvaarde veiligheidsafspraken in plaats van stationering.<\/td>\n<\/tr>\n<tr>\n<td><strong>Militaire wederkerigheid \/ grensgebieden<\/strong><\/td>\n<td>Bewapening en inzet (incl. raketsystemen) dicht bij de grenzen; eenzijdig veiligheidsdenken.<\/td>\n<td>Wederzijdse demilitarisering van grensgebieden door verifieerbare overeenkomsten: Russische strijdkrachten weg van NAVO-grenzen en NAVO-systemen weg van<br \/>\nRussische grenzen (wederkerigheid).<\/td>\n<\/tr>\n<tr>\n<td><strong>Sancties<\/strong><\/td>\n<td>Sancties zouden geen vrede hebben gebracht en zouden de Europese economie aanzienlijk hebben beschadigd; een verharding in plaats van een oplossing.<\/td>\n<td>Geleidelijk sancties opheffen als onderdeel van een onderhandelde oplossing; economisch realisme en contractuele handel herstellen.<\/td>\n<\/tr>\n<tr>\n<td><strong>Confiscatie van Russische staatsactiva<\/strong><\/td>\n<td>\u201eFrivole\u201c inbeslagname\/confiscatie van Russische staatsactiva; volgens Sachs een flagrante schending van het internationaal recht en schending van het vertrouwen in de wereld.<br \/>\nfinancieel systeem.<\/td>\n<td>Duitsland moet dergelijke maatregelen afwijzen; de rechtszekerheid behouden; economisch herstel door middel van wettige, op contracten gebaseerde handel in plaats van<br \/>\nOnteigeningslogica.<\/td>\n<\/tr>\n<tr>\n<td><strong>Wapenbeheersing (INF &amp; nucleaire stabiliteit)<\/strong><\/td>\n<td>Erosie van centrale kaders voor wapenbeheersing; te weinig druk om terug te keren naar stabiliserende verdragen; toenemend risico op escalatie.<\/td>\n<td>Aandringen op een terugkeer naar INF-achtige kaders en alomvattende strategische onderhandelingen over kernwapenbeheersing (VS\/Rusland, later<br \/>\nChina, indien van toepassing).<\/td>\n<\/tr>\n<tr>\n<td><strong>Europese afschrikking \/ Frankrijk<\/strong><\/td>\n<td>Debatten over afschrikking zonder duidelijke defensieve insluiting; gevaar van geavanceerde systemen die als dreiging werken.<\/td>\n<td>Frankrijk zou zijn nucleaire afschrikking kunnen uitbreiden als een Europese paraplu - maar op een strikt defensieve manier, zonder voorwaarts ontplooide systemen die Rusland zou kunnen afschrikken.<br \/>\ndreigen.<\/td>\n<\/tr>\n<tr>\n<td><strong>Kosovo-Oekra\u00efne analogie \/ grenzen<\/strong><\/td>\n<td>Het westerse beleid heeft zelf bijgedragen aan de verschuiving van grenzen; toch wordt vaak beweerd dat dit eenzijdig \u201eondenkbaar\u201c is.<\/td>\n<td>Eerlijke erkenning van precedenten en analogie\u00ebn; vrede als overkoepelend doel; consequente toepassing van principes in plaats van selectieve moraal<br \/>\nte rechtvaardigen.<\/td>\n<\/tr>\n<\/tbody>\n<\/table>\n<\/div>\n<h2>Waarom deze brief meer is dan alleen een commentaar op buitenlands beleid<\/h2>\n<p>De open brief van Jeffrey Sachs aan kanselier Merz staat niet op zichzelf, maar maakt deel uit van een groter debat over internationaal recht, veiligheidslogica en politieke geloofwaardigheid. Als je dieper op deze vragen wilt ingaan, kun je meer informatie vinden in het aanvullende artikel <a href=\"https:\/\/www.markus-schall.de\/nl\/2026\/01\/op-regels-gebaseerde-wereldorde-en-internationaal-recht-tussen-realiteit-en-wetsovertreding\/\"><em><strong>\u201eOp regels gebaseerde wereldorde en internationaal recht: tussen claim, realiteit en schending van het recht\u201c<\/strong> <\/em><\/a>een systematische categorisatie van de onderliggende structuren. Het bevat ook een gedetailleerde videotoespraak van Jeffrey Sachs waarin hij zijn eigen standpunten uitlegt - kalm, analytisch en zonder politieke modewoorden. Het artikel laat zien hoe snel normatieve woordenschat een lege formule wordt wanneer wetsovertredingen tot geaccepteerde praktijk worden verklaard.<\/p>\n<p>Wat Jeffrey Sachs in deze brief formuleert, past opvallend coherent in een grotere ontwikkeling die ook op andere gebieden kan worden waargenomen. In het eerder gepubliceerde artikel over speltheorie <a href=\"https:\/\/www.markus-schall.de\/nl\/2025\/12\/speltheorie-verklaart-25-jaar-geopolitiek-hoe-europa-zijn-strategische-rol-verloor\/\"><strong>Overweging van Europese besluiten<\/strong><\/a> liet zien hoe Europa zijn vroegere rol als vormende actor steeds meer heeft opgegeven ten gunste van kortetermijnalliantielogica's, symbolische vastberadenheid en binaire vriend-vijand-verhalen. Sachs beschrijft in wezen precies dit mechanisme, alleen dan vanuit het perspectief van de veiligheidsarchitectuur: beslissingen worden niet langer genomen op basis van stabiliteit op de lange termijn, maar op basis van politieke verwachtingen en morele simplificaties.<\/p>\n<p>Een blik op de <a href=\"https:\/\/www.markus-schall.de\/nl\/2025\/12\/toestand-van-de-duitse-economie-2025-vijf-jaar-crisiscijfers-trends-en-vooruitzichten\/\"><strong>Duitse economie in 2025<\/strong><\/a> past in dit plaatje. Economische substantie, industri\u00eble veerkracht en betrouwbare randvoorwaarden kunnen niet permanent worden gescheiden van geopolitieke beslissingen. Wie veiligheid uitsluitend in militaire termen ziet, riskeert economische zelfbeschadiging. Sachs brengt dit verband openlijk tot uitdrukking wanneer hij waarschuwt voor de inbeslagname van staatsactiva, sancties beschrijft als economisch contraproductief en wijst op de erosie van het vertrouwen in internationale regels. Dit is geen pleidooi voor naleving, maar voor voorspelbaarheid - een kwaliteit waarop zowel diplomatie als zakendoen zijn gebaseerd.<\/p>\n<p>Het is ook opvallend dat Sachs niet oproept tot iets fundamenteel nieuws. Integendeel: zijn brief is een herinnering aan principes die Europa zelf al tientallen jaren in stand houden. Ostpolitik, wapenbeheersing, neutraliteit als stabiliteitsinstrument, multilaterale fora zoals de OVSE - het zijn allemaal geen exotische idee\u00ebn, maar bewezen elementen van de Europese naoorlogse geschiedenis. Het feit dat ze vandaag de dag vaak als na\u00efef of achterhaald worden afgeschilderd, zegt minder over hun effectiviteit dan over de staat van het politieke debat.<\/p>\n<p>Dit is precies waarom de brief zo irritant is - en tegelijkertijd zo noodzakelijk. Het breekt met de huidige tendens om complexe onderlinge relaties te reduceren tot korte morele formules. Sachs gaat er niet van uit dat het Europese publiek onvolwassen is, maar vertrouwt erop dat het veiligheidsdilemma's begrijpt. Deze houding staat in contrast met politieke communicatie, die steeds meer berust op simplificatie, emotionalisering en een gebrek aan alternatieven.<\/p>\n<p>In die zin is de open brief niet alleen een kritiek op specifieke politieke beslissingen, maar ook een indirect commentaar op de staat van het Europese denken. Het stelt de vraag of Europa weer klaar is om verantwoordelijkheid te nemen in de oorspronkelijke zin van het woord: niet door luidruchtigheid, maar door strategische soberheid; niet door escalatie, maar door orde; niet door de geschiedenis te vergeten, maar door te herinneren.<\/p>\n<p>Of deze vragen gehoord zullen worden, valt nog te bezien. Maar ze stellen is een noodzakelijke eerste stap - niet alleen voor de Europese veiligheidsorde, maar ook voor de economische, politieke en sociale stabiliteit waar Europa al zo lang op drijft.<\/p>\n<h3>Internationaal recht en \u201eop regels gebaseerde orde\u201c - claim en werkelijkheid<\/h3>\n<p><a href=\"https:\/\/www.markus-schall.de\/nl\/2026\/01\/op-regels-gebaseerde-wereldorde-en-internationaal-recht-tussen-realiteit-en-wetsovertreding\/\"><img loading=\"lazy\" decoding=\"async\" class=\"alignright size-medium wp-image-4281\" src=\"https:\/\/www.markus-schall.de\/wp-content\/uploads\/voelkerrecht-weltordnung-titel-300x200.jpg\" alt=\"Internationaal recht en op regels gebaseerde wereldorde\" width=\"300\" height=\"200\" srcset=\"https:\/\/www.markus-schall.de\/wp-content\/uploads\/voelkerrecht-weltordnung-titel-300x200.jpg 300w, https:\/\/www.markus-schall.de\/wp-content\/uploads\/voelkerrecht-weltordnung-titel-768x512.jpg 768w, https:\/\/www.markus-schall.de\/wp-content\/uploads\/voelkerrecht-weltordnung-titel-18x12.jpg 18w, https:\/\/www.markus-schall.de\/wp-content\/uploads\/voelkerrecht-weltordnung-titel.jpg 1024w\" sizes=\"auto, (max-width: 300px) 100vw, 300px\" \/><\/a>Het huidige conflict werpt ook een fundamentele vraag op: Welke rol speelt het internationaal recht nog in een steeds meer gepolariseerde wereldorde? In mijn <a href=\"https:\/\/www.markus-schall.de\/nl\/2026\/01\/op-regels-gebaseerde-wereldorde-en-internationaal-recht-tussen-realiteit-en-wetsovertreding\/\"><strong>Artikel<\/strong><\/a> over de \u201eop regels gebaseerde wereldorde\u201c onderzoekt precies deze tegenstelling. De term klinkt helder en moreel ondubbelzinnig, maar blijft in de politieke praktijk vaak vaag. Telkens weer blijkt dat dezelfde actoren die in het openbaar verwijzen naar internationale regels, deze in crisissituaties anders interpreteren of omzeilen. Dit cre\u00ebert een spanning tussen politieke aspiraties en echte machtspolitiek - een spanning die vandaag de dag kenmerkend is voor veel internationale conflicten en de geloofwaardigheid van mondiale instellingen steeds meer onder druk zet.<\/p>\n<hr \/>\n\n\t\t\t<div class=\"display-post-types\">\n\n\t\t\t\t\t\t\t<style type=\"text\/css\">\n\t\t\t#dpt-wrapper-38 { --dpt-text-align: left;--dpt-image-crop: center;--dpt-border-radius: 5px;--dpt-h-gutter: 10px;--dpt-v-gutter: 9px; }\t\t\t<\/style>\n\t\t\t<style type=\"text\/css\">#dpt-wrapper-38 { --dpt-title-font-style:normal;--dpt-title-font-weight:600;--dpt-title-line-height:1.5;--dpt-title-text-decoration:none;--dpt-title-text-transform:none;--dpt-excerpt-font-style:normal;--dpt-excerpt-font-weight:400;--dpt-excerpt-line-height:1.5;--dpt-excerpt-text-decoration:none;--dpt-excerpt-text-transform:none;--dpt-meta1-font-style:normal;--dpt-meta1-font-weight:400;--dpt-meta1-line-height:1.9;--dpt-meta1-text-decoration:none;--dpt-meta1-text-transform:none;--dpt-meta2-font-style:normal;--dpt-meta2-font-weight:400;--dpt-meta2-line-height:1.9;--dpt-meta2-text-decoration:none;--dpt-meta2-text-transform:none; }<\/style><div class=\"dpt-main-header\">\n\t\t\t\t\t\t<div class=\"dpt-main-title\">\n\t\t\t\t\t\t\t<span class=\"dpt-main-title-text\">Huidige artikelen over kunst &amp; cultuur<\/span>\n\t\t\t\t\t\t<\/div>\n\t\t\t\t\t\t\n\t\t\t\t\t\t\n\t\t\t\t\t\t\n\t\t\t\t\t\t<\/div>\t\t\t\n\t\t\t\t<div id=\"dpt-wrapper-38\" class=\"dpt-wrapper dpt-mag1 land1 dpt-cropped dpt-flex-wrap\" >\n\n\t\t\t\t\t\t\t\t\t\t\t<div class=\"dpt-entry has-thumbnail\" data-title=\"spieltheorie erkl\u00e4rt 25 jahre geopolitik: wie europa seine strategische rolle verlor\" data-id=\"3850\"  data-category=\"allgemein gesellschaft kunst &amp; kultur\" data-post_tag=\"denkmodelle deutschland energiepolitik eu-gesetze europa geopolitik krisen sicherheitspolitik spieltheorie\">\n\t\t\t\t\t\t\t<div class=\"dpt-entry-wrapper\"><div class=\"dpt-featured-content\"><div class=\"dpt-permalink\"><a href=\"https:\/\/www.markus-schall.de\/nl\/2025\/12\/speltheorie-verklaart-25-jaar-geopolitiek-hoe-europa-zijn-strategische-rol-verloor\/\" class=\"dpt-permalink\"><span class=\"screen-reader-text\">Speltheorie verklaart 25 jaar geopolitiek: Hoe Europa zijn strategische rol verloor<\/span><\/a><\/div><div class=\"dpt-thumbnail\"><div class=\"dpt-thumbnail-inner\"><img width=\"1024\" height=\"765\" class=\"attachment-full size-full\" alt=\"Speltheorie verklaart 25 jaar geopolitiek\" context=\"dpt\" data-dpt-src=\"https:\/\/www.markus-schall.de\/wp-content\/uploads\/europa-russland-spieltheorie.jpg\" data-dpt-sizes=\"(max-width: 1024px) 100vw, 1024px\" data-dpt-srcset=\"https:\/\/www.markus-schall.de\/wp-content\/uploads\/europa-russland-spieltheorie.jpg 1024w, https:\/\/www.markus-schall.de\/wp-content\/uploads\/europa-russland-spieltheorie-300x224.jpg 300w, https:\/\/www.markus-schall.de\/wp-content\/uploads\/europa-russland-spieltheorie-768x574.jpg 768w, https:\/\/www.markus-schall.de\/wp-content\/uploads\/europa-russland-spieltheorie-16x12.jpg 16w\" \/><\/div><span class=\"dpt-thumbnail-aspect-ratio\" style=\"padding-top: 75%\"><\/span><\/div><\/div><div class=\"sub-entry\"><h3 class=\"dpt-title\"><a class=\"dpt-title-link\" href=\"https:\/\/www.markus-schall.de\/nl\/2025\/12\/speltheorie-verklaart-25-jaar-geopolitiek-hoe-europa-zijn-strategische-rol-verloor\/\" rel=\"bookmark\">Speltheorie verklaart 25 jaar geopolitiek: Hoe Europa zijn strategische rol verloor<\/a><\/h3><\/div><\/div>\n\t\t\t\t\t\t<\/div><!-- .dpt-entry -->\n\t\t\t\t\t\t\t\t\t\t\t\t<div class=\"dpt-entry has-thumbnail\" data-title=\"wie war syrien vor dem krieg? wer regiert heute? was bedeutet das f\u00fcr gefl\u00fcchtete in deutschland?\" data-id=\"4628\"  data-category=\"allgemein gesellschaft kunst &amp; kultur\" data-post_tag=\"deutschland europa geopolitik krisen meinungsfreiheit sicherheitspolitik\">\n\t\t\t\t\t\t\t<div class=\"dpt-entry-wrapper\"><div class=\"dpt-featured-content\"><div class=\"dpt-permalink\"><a href=\"https:\/\/www.markus-schall.de\/nl\/2026\/01\/hoe-was-syrie-voor-de-oorlog-wie-regeert-er-vandaag-wat-betekent-dit-voor-vluchtelingen-in-duitsland\/\" class=\"dpt-permalink\"><span class=\"screen-reader-text\">Hoe was Syri\u00eb voor de oorlog? Wie regeert er vandaag? Wat betekent dit voor vluchtelingen in Duitsland?<\/span><\/a><\/div><div class=\"dpt-thumbnail\"><div class=\"dpt-thumbnail-inner\"><img width=\"1024\" height=\"683\" class=\"attachment-full size-full\" alt=\"Syri\u00eb en Damascus\" context=\"dpt\" data-dpt-src=\"https:\/\/www.markus-schall.de\/wp-content\/uploads\/Syrien-Damaskus.jpg\" data-dpt-sizes=\"(max-width: 1024px) 100vw, 1024px\" data-dpt-srcset=\"https:\/\/www.markus-schall.de\/wp-content\/uploads\/Syrien-Damaskus.jpg 1024w, https:\/\/www.markus-schall.de\/wp-content\/uploads\/Syrien-Damaskus-300x200.jpg 300w, https:\/\/www.markus-schall.de\/wp-content\/uploads\/Syrien-Damaskus-768x512.jpg 768w, https:\/\/www.markus-schall.de\/wp-content\/uploads\/Syrien-Damaskus-18x12.jpg 18w\" \/><\/div><span class=\"dpt-thumbnail-aspect-ratio\" style=\"padding-top: 75%\"><\/span><\/div><\/div><div class=\"sub-entry\"><h3 class=\"dpt-title\"><a class=\"dpt-title-link\" href=\"https:\/\/www.markus-schall.de\/nl\/2026\/01\/hoe-was-syrie-voor-de-oorlog-wie-regeert-er-vandaag-wat-betekent-dit-voor-vluchtelingen-in-duitsland\/\" rel=\"bookmark\">Hoe was Syri\u00eb voor de oorlog? Wie regeert er vandaag? Wat betekent dit voor vluchtelingen in Duitsland?<\/a><\/h3><\/div><\/div>\n\t\t\t\t\t\t<\/div><!-- .dpt-entry -->\n\t\t\t\t\t\t\t\t\t\t\t\t<div class=\"dpt-entry has-thumbnail\" data-title=\"warum dieter bohlen spricht, wenn andere schweigen: ein portr\u00e4t \u00fcber flei\u00df und klarheit\" data-id=\"3744\"  data-category=\"allgemein gesellschaft kunst &amp; kultur\" data-post_tag=\"auswandern deutschland erfahrungen krisen meinungsfreiheit musik portrait\">\n\t\t\t\t\t\t\t<div class=\"dpt-entry-wrapper\"><div class=\"dpt-featured-content\"><div class=\"dpt-permalink\"><a href=\"https:\/\/www.markus-schall.de\/nl\/2025\/12\/waarom-dieter-bohlen-spreekt-als-anderen-zwijgen-een-portret-van-ijver-en-helderheid\/\" class=\"dpt-permalink\"><span class=\"screen-reader-text\">Waarom Dieter Bohlen spreekt als anderen zwijgen: Een portret van ijver en duidelijkheid<\/span><\/a><\/div><div class=\"dpt-thumbnail\"><div class=\"dpt-thumbnail-inner\"><img width=\"1024\" height=\"683\" class=\"attachment-full size-full\" alt=\"\" context=\"dpt\" data-dpt-src=\"https:\/\/www.markus-schall.de\/wp-content\/uploads\/Dieter-Bohlen-Portrait.jpg\" data-dpt-sizes=\"(max-width: 1024px) 100vw, 1024px\" data-dpt-srcset=\"https:\/\/www.markus-schall.de\/wp-content\/uploads\/Dieter-Bohlen-Portrait.jpg 1024w, https:\/\/www.markus-schall.de\/wp-content\/uploads\/Dieter-Bohlen-Portrait-300x200.jpg 300w, https:\/\/www.markus-schall.de\/wp-content\/uploads\/Dieter-Bohlen-Portrait-768x512.jpg 768w, https:\/\/www.markus-schall.de\/wp-content\/uploads\/Dieter-Bohlen-Portrait-18x12.jpg 18w\" \/><\/div><span class=\"dpt-thumbnail-aspect-ratio\" style=\"padding-top: 75%\"><\/span><\/div><\/div><div class=\"sub-entry\"><h3 class=\"dpt-title\"><a class=\"dpt-title-link\" href=\"https:\/\/www.markus-schall.de\/nl\/2025\/12\/waarom-dieter-bohlen-spreekt-als-anderen-zwijgen-een-portret-van-ijver-en-helderheid\/\" rel=\"bookmark\">Waarom Dieter Bohlen spreekt als anderen zwijgen: Een portret van ijver en duidelijkheid<\/a><\/h3><\/div><\/div>\n\t\t\t\t\t\t<\/div><!-- .dpt-entry -->\n\t\t\t\t\t\t\t\t\t\t\t\t<div class=\"dpt-entry has-thumbnail\" data-title=\"iran verstehen: alltag, proteste und interessen jenseits der schlagzeilen\" data-id=\"4462\"  data-category=\"allgemein gesellschaft kunst &amp; kultur\" data-post_tag=\"erfahrungen europa geopolitik krisen meinungsfreiheit sicherheitspolitik spieltheorie\">\n\t\t\t\t\t\t\t<div class=\"dpt-entry-wrapper\"><div class=\"dpt-featured-content\"><div class=\"dpt-permalink\"><a href=\"https:\/\/www.markus-schall.de\/nl\/2026\/01\/het-dagelijks-leven-van-iran-begrijpen-protesten-en-belangen-buiten-de-krantenkoppen\/\" class=\"dpt-permalink\"><span class=\"screen-reader-text\">Iran begrijpen: Het dagelijks leven, protesten en belangen buiten de krantenkoppen<\/span><\/a><\/div><div class=\"dpt-thumbnail\"><div class=\"dpt-thumbnail-inner\"><img width=\"1024\" height=\"683\" class=\"attachment-full size-full\" alt=\"Iran begrijpen\" context=\"dpt\" data-dpt-src=\"https:\/\/www.markus-schall.de\/wp-content\/uploads\/Iran-Titel.jpg\" data-dpt-sizes=\"(max-width: 1024px) 100vw, 1024px\" data-dpt-srcset=\"https:\/\/www.markus-schall.de\/wp-content\/uploads\/Iran-Titel.jpg 1024w, https:\/\/www.markus-schall.de\/wp-content\/uploads\/Iran-Titel-300x200.jpg 300w, https:\/\/www.markus-schall.de\/wp-content\/uploads\/Iran-Titel-768x512.jpg 768w, https:\/\/www.markus-schall.de\/wp-content\/uploads\/Iran-Titel-18x12.jpg 18w\" \/><\/div><span class=\"dpt-thumbnail-aspect-ratio\" style=\"padding-top: 75%\"><\/span><\/div><\/div><div class=\"sub-entry\"><h3 class=\"dpt-title\"><a class=\"dpt-title-link\" href=\"https:\/\/www.markus-schall.de\/nl\/2026\/01\/het-dagelijks-leven-van-iran-begrijpen-protesten-en-belangen-buiten-de-krantenkoppen\/\" rel=\"bookmark\">Iran begrijpen: Het dagelijks leven, protesten en belangen buiten de krantenkoppen<\/a><\/h3><\/div><\/div>\n\t\t\t\t\t\t<\/div><!-- .dpt-entry -->\n\t\t\t\t\t\t\n\t\t\t\t<\/div>\n\t\t\t\t\t\t<\/div>\n\t\t\t\n<hr \/>\n<h2>Veelgestelde vragen<\/h2>\n<ol>\n<li><strong>Wie is Jeffrey Sachs en waarom is zijn stem relevant?<\/strong><br \/>\nJeffrey D. Sachs is een internationaal gerenommeerd econoom, universiteitsprofessor aan Columbia University en sinds lange tijd adviseur van regeringen en de Verenigde Naties. Zijn relevantie komt niet voort uit dagelijks politiek commentaar, maar uit tientallen jaren werk op het gebied van internationale crises, transformatieprocessen en veiligheidskwesties. Zijn argumenten zijn meestal historisch, systemisch en voor de lange termijn - onafhankelijk van partijpolitieke lijnen.<\/li>\n<li><strong>Waarom richt Sachs zijn open brief rechtstreeks aan de Duitse bondskanselier?<\/strong><br \/>\nSachs ziet Duitsland van oudsher als een belangrijke macht in Europa - niet in de eerste plaats in militair opzicht, maar politiek, economisch en diplomatiek. In zijn ogen draagt Duitsland een speciale verantwoordelijkheid voor stabiliteit, evenwicht en bemiddeling in Europa. De brief moet daarom minder als persoonlijke kritiek worden opgevat dan als een beroep op deze historische rol.<\/li>\n<li><strong>Wat is de centrale boodschap van de open brief?<\/strong><br \/>\nDe kernboodschap is: Europese veiligheid is ondeelbaar en kan niet permanent worden georganiseerd tegen de veiligheidsbelangen van Rusland in. Sachs roept op tot historische eerlijkheid, serieuze diplomatie en een verschuiving van een puur militaire logica van escalatie naar een stabiele, inclusieve veiligheidsarchitectuur.<\/li>\n<li><strong>Rechtvaardigt Sachs\u2019 standpunt het Russische beleid?<\/strong><br \/>\nSachs rechtvaardigt geen militaire acties, maar analyseert de voorwaarden van het veiligheidsbeleid die tot escalaties hebben geleid. Zijn benadering volgt de klassieke veiligheidsdilemmatheorie: een gebrek aan aandacht voor de centrale belangen van een grootmacht vergroot de kans op conflicten op de lange termijn - ongeacht morele oordelen.<\/li>\n<li><strong>Waarom speelt de uitbreiding van de NAVO naar het oosten zo'n belangrijke rol in de brief?<\/strong><br \/>\nSachs ziet de uitbreiding van de NAVO naar het oosten als een politieke beslissing met voorspelbare gevolgen voor het veiligheidsbeleid. Hij verwijst naar eerdere toezeggingen, rode lijnen en herhaalde waarschuwingen van Rusland. Volgens hem is het negeren van dergelijke signalen geen diplomatie, maar een doelbewuste escalatiestrategie.<\/li>\n<li><strong>Welke betekenis hecht Sachs aan de Duitse hereniging?<\/strong><br \/>\nDe Duitse hereniging dient Sachs als een historisch voorbeeld van succesvolle diplomatie: het was alleen mogelijk omdat veiligheidsbeloften serieus werden genomen. Hieruit leidt hij af dat Duitsland verplicht is om deze historische ervaring niet te verdringen, maar te gebruiken als maatstaf voor het huidige beleid.<\/li>\n<li><strong>Waarom bekritiseert Sachs de NAVO-interventie in Servi\u00eb in 1999?<\/strong><br \/>\nHij ziet dit als een schending van de naoorlogse orde, omdat het de eerste keer was dat er een militaire interventie plaatsvond zonder VN-mandaat. Voor Rusland betekende dit dat internationale regels selectief werden toegepast - een beslissend verlies van vertrouwen in de Europese veiligheidsarchitectuur.<\/li>\n<li><strong>Welke rol spelen de Minsk-akkoorden in zijn betoog?<\/strong><br \/>\nVoor Sachs zijn de Minsk-akkoorden een voorbeeld van mislukte diplomatie. Duitsland stond garant, maar dwong de uitvoering niet af. Sachs beschouwt de latere bekentenissen van Westerse politici dat Minsk vooral bedoeld was om tijd te rekken als een ernstige vertrouwensbreuk.<\/li>\n<li><strong>Waarom is Sachs zo duidelijk tegen verdere wapenleveranties?<\/strong><br \/>\nHij stelt dat wapenleveranties de symptomen verlengen maar de oorzaken niet oplossen. Zonder een politieke oplossing zouden ze de oorlog verlengen, de verdeeldheid verdiepen en de escalatiespiraal verder aanwakkeren - met toenemende kosten voor Europa zelf.<\/li>\n<li><strong>Wat bedoelt Sachs met \u201emorele infantilisering\u201c van het publiek?<\/strong><br \/>\nHij bekritiseert politieke communicatie die complexe veiligheidskwesties reduceert tot moralistische modewoorden. Sachs gaat ervan uit dat Europese samenlevingen perfect in staat zijn om tegenstrijdige belangen, dilemma's en historische contexten te begrijpen - als ze maar eerlijke informatie krijgen.<\/li>\n<li><strong>Welke rol moet neutraliteit volgens Sachs spelen?<\/strong><br \/>\nSachs ziet neutraliteit niet als een zwakte, maar als een beproefd stabiliteitsinstrument. Volgens hem tonen historische voorbeelden zoals Finland, Oostenrijk en Zwitserland aan dat neutraliteit rekening kan houden met de legitieme veiligheidsbelangen van alle partijen en conflicten kan bezweren - ook voor Oekra\u00efne.<\/li>\n<li><strong>Waarom roept Sachs op om een einde te maken aan de uitbreiding van de NAVO naar het oosten?<\/strong><br \/>\nHij ziet de uitbreiding niet als een onvermijdelijk gevolg van de naoorlogse orde, maar als een politieke beslissing met destabiliserende gevolgen. In zijn ogen is een stop een voorwaarde voor vertrouwen, de\u00ebscalatie en het vestigen van een nieuwe veiligheidsorde.<\/li>\n<li><strong>Welke economische aspecten benadrukt Sachs in het bijzonder?<\/strong><br \/>\nSachs waarschuwt voor de langetermijnschade van sancties, onteigeningen en handelsverstoringen. Hij stelt dat economische stabiliteit, industri\u00eble prestaties en sociale cohesie nauw verbonden zijn met beslissingen over veiligheidsbeleid - vooral voor Duitsland.<\/li>\n<li><strong>Waarom verwerpt Sachs de confiscatie van Russische staatsactiva?<\/strong><br \/>\nHij ziet dit als een schending van het internationaal recht en een bedreiging voor het mondiale financi\u00eble systeem. Als staatsactiva politiek worden geconfisqueerd, ondermijnt dit het vertrouwen, de contractuele veiligheid en op de lange termijn de Europese economische belangen.<\/li>\n<li><strong>Welke rol moet de OVSE in de toekomst spelen?<\/strong><br \/>\nSachs pleit voor een terugkeer naar de OVSE als centraal forum voor Europese veiligheid. In tegenstelling tot de NAVO is de OVSE bedoeld voor dialoog, het opbouwen van vertrouwen en wapenbeheersing en zou ze een meer inclusieve veiligheidsarchitectuur mogelijk kunnen maken.<\/li>\n<li><strong>Hoe past de analyse van Sachs in Europese speltheoretische overwegingen?<\/strong><br \/>\nZijn brief kan gemakkelijk gelezen worden als een analyse van de speltheorie: Europa had herhaaldelijk beslissingen genomen die op korte termijn consistent leken, maar op lange termijn strategische nadelen opleverden. Escalatie is geen stabiele evenwichtstoestand, maar leidt tot permanente onzekerheid.<\/li>\n<li><strong>Is Sachs\u2019 benadering realistisch of nostalgisch?<\/strong><br \/>\nSachs\u2019 benadering is minder nostalgisch dan historisch gefundeerd. Hij verwijst naar functioneringsmodellen uit het verleden en stelt dat hun basisprincipes - dialoog, wederkerigheid, voorspelbaarheid - vandaag nog steeds geldig zijn, ongeacht de veranderde randvoorwaarden.<\/li>\n<li><strong>Waarom is deze open brief nu belangrijk?<\/strong><br \/>\nWant Europa bevindt zich op een punt waar veiligheidsbeleid en economische en sociale beslissingen steeds meer met elkaar verweven raken. Sachs\u2019 brief biedt geen gemakkelijke uitweg, maar een zeldzaam moment van helderheid - en herinnert ons eraan dat vrede niet voortkomt uit volume, maar uit structuur.<\/li>\n<\/ol>\n<hr \/>\n\n\t\t\t<div class=\"display-post-types\">\n\n\t\t\t\t\t\t\t<style type=\"text\/css\">\n\t\t\t#dpt-wrapper-39 { --dpt-text-align: left;--dpt-image-crop: center;--dpt-border-radius: 5px;--dpt-h-gutter: 10px;--dpt-v-gutter: 9px; }\t\t\t<\/style>\n\t\t\t<style type=\"text\/css\">#dpt-wrapper-39 { --dpt-title-font-style:normal;--dpt-title-font-weight:600;--dpt-title-line-height:1.5;--dpt-title-text-decoration:none;--dpt-title-text-transform:none;--dpt-excerpt-font-style:normal;--dpt-excerpt-font-weight:400;--dpt-excerpt-line-height:1.5;--dpt-excerpt-text-decoration:none;--dpt-excerpt-text-transform:none;--dpt-meta1-font-style:normal;--dpt-meta1-font-weight:400;--dpt-meta1-line-height:1.9;--dpt-meta1-text-decoration:none;--dpt-meta1-text-transform:none;--dpt-meta2-font-style:normal;--dpt-meta2-font-weight:400;--dpt-meta2-line-height:1.9;--dpt-meta2-text-decoration:none;--dpt-meta2-text-transform:none; }<\/style><div class=\"dpt-main-header\">\n\t\t\t\t\t\t<div class=\"dpt-main-title\">\n\t\t\t\t\t\t\t<span class=\"dpt-main-title-text\">Huidige artikelen over kunstmatige intelligentie<\/span>\n\t\t\t\t\t\t<\/div>\n\t\t\t\t\t\t\n\t\t\t\t\t\t\n\t\t\t\t\t\t\n\t\t\t\t\t\t<\/div>\t\t\t\n\t\t\t\t<div id=\"dpt-wrapper-39\" class=\"dpt-wrapper dpt-mag1 land1 dpt-cropped dpt-flex-wrap\" >\n\n\t\t\t\t\t\t\t\t\t\t\t<div class=\"dpt-entry has-thumbnail\" data-title=\"warum ein eigenes magazin f\u00fcr unternehmen heute wichtiger ist als werbung\" data-id=\"4476\"  data-category=\"gesellschaft ki-systeme tipps &amp; anleitungen\" data-post_tag=\"datenlogik datenschutz digitales eigentum k\u00fcnstliche intelligenz ratgeber\">\n\t\t\t\t\t\t\t<div class=\"dpt-entry-wrapper\"><div class=\"dpt-featured-content\"><div class=\"dpt-permalink\"><a href=\"https:\/\/www.markus-schall.de\/nl\/2026\/01\/waarom-een-bedrijfsmagazine-tegenwoordig-belangrijker-is-dan-reclame\/\" class=\"dpt-permalink\"><span class=\"screen-reader-text\">Waarom een eigen magazine tegenwoordig belangrijker is voor bedrijven dan adverteren<\/span><\/a><\/div><div class=\"dpt-thumbnail\"><div class=\"dpt-thumbnail-inner\"><img width=\"1024\" height=\"683\" class=\"attachment-full size-full\" alt=\"Tijdschrift als eigendom\" context=\"dpt\" data-dpt-src=\"https:\/\/www.markus-schall.de\/wp-content\/uploads\/magazin-gastbeitraege.jpg\" data-dpt-sizes=\"(max-width: 1024px) 100vw, 1024px\" data-dpt-srcset=\"https:\/\/www.markus-schall.de\/wp-content\/uploads\/magazin-gastbeitraege.jpg 1024w, https:\/\/www.markus-schall.de\/wp-content\/uploads\/magazin-gastbeitraege-300x200.jpg 300w, https:\/\/www.markus-schall.de\/wp-content\/uploads\/magazin-gastbeitraege-768x512.jpg 768w, https:\/\/www.markus-schall.de\/wp-content\/uploads\/magazin-gastbeitraege-18x12.jpg 18w\" \/><\/div><span class=\"dpt-thumbnail-aspect-ratio\" style=\"padding-top: 75%\"><\/span><\/div><\/div><div class=\"sub-entry\"><h3 class=\"dpt-title\"><a class=\"dpt-title-link\" href=\"https:\/\/www.markus-schall.de\/nl\/2026\/01\/waarom-een-bedrijfsmagazine-tegenwoordig-belangrijker-is-dan-reclame\/\" rel=\"bookmark\">Waarom een eigen magazine tegenwoordig belangrijker is voor bedrijven dan adverteren<\/a><\/h3><\/div><\/div>\n\t\t\t\t\t\t<\/div><!-- .dpt-entry -->\n\t\t\t\t\t\t\t\t\t\t\t\t<div class=\"dpt-entry has-thumbnail\" data-title=\"ollama trifft qdrant: ein lokales ged\u00e4chtnis f\u00fcr deine ki auf dem mac\" data-id=\"2502\"  data-category=\"apple macos filemaker &amp; erp ki-systeme tipps &amp; anleitungen\" data-post_tag=\"docker filemaker k\u00fcnstliche intelligenz llama llm mistral neo4j ollama qdrant sprachmodell vektordatenbank\">\n\t\t\t\t\t\t\t<div class=\"dpt-entry-wrapper\"><div class=\"dpt-featured-content\"><div class=\"dpt-permalink\"><a href=\"https:\/\/www.markus-schall.de\/nl\/2025\/08\/ollama-ontmoet-qdrant-een-lokaal-geheugen-voor-je-ki-op-de-mac\/\" class=\"dpt-permalink\"><span class=\"screen-reader-text\">Ollama ontmoet Qdrant: Een lokaal geheugen voor je AI op de Mac<\/span><\/a><\/div><div class=\"dpt-thumbnail\"><div class=\"dpt-thumbnail-inner\"><img width=\"1440\" height=\"980\" class=\"attachment-full size-full\" alt=\"Geheugen voor lokale AI met Ollama en Qdrant\" context=\"dpt\" data-dpt-src=\"https:\/\/www.markus-schall.de\/wp-content\/uploads\/ollama-qdrant-gedaechtnis.jpg\" data-dpt-sizes=\"(max-width: 1440px) 100vw, 1440px\" data-dpt-srcset=\"https:\/\/www.markus-schall.de\/wp-content\/uploads\/ollama-qdrant-gedaechtnis.jpg 1440w, https:\/\/www.markus-schall.de\/wp-content\/uploads\/ollama-qdrant-gedaechtnis-300x204.jpg 300w, https:\/\/www.markus-schall.de\/wp-content\/uploads\/ollama-qdrant-gedaechtnis-1024x697.jpg 1024w, https:\/\/www.markus-schall.de\/wp-content\/uploads\/ollama-qdrant-gedaechtnis-768x523.jpg 768w, https:\/\/www.markus-schall.de\/wp-content\/uploads\/ollama-qdrant-gedaechtnis-18x12.jpg 18w\" \/><\/div><span class=\"dpt-thumbnail-aspect-ratio\" style=\"padding-top: 75%\"><\/span><\/div><\/div><div class=\"sub-entry\"><h3 class=\"dpt-title\"><a class=\"dpt-title-link\" href=\"https:\/\/www.markus-schall.de\/nl\/2025\/08\/ollama-ontmoet-qdrant-een-lokaal-geheugen-voor-je-ki-op-de-mac\/\" rel=\"bookmark\">Ollama ontmoet Qdrant: Een lokaal geheugen voor je AI op de Mac<\/a><\/h3><\/div><\/div>\n\t\t\t\t\t\t<\/div><!-- .dpt-entry -->\n\t\t\t\t\t\t\t\t\t\t\t\t<div class=\"dpt-entry has-thumbnail\" data-title=\"cloud-ki als oberlehrer: warum die zukunft des arbeitens bei lokaler ki liegt\" data-id=\"3887\"  data-category=\"apple macos hardware ki-systeme\" data-post_tag=\"datenschutz digitales eigentum k\u00fcnstliche intelligenz llama llm meinungsfreiheit mistral mlx neo4j ollama sprachmodell\">\n\t\t\t\t\t\t\t<div class=\"dpt-entry-wrapper\"><div class=\"dpt-featured-content\"><div class=\"dpt-permalink\"><a href=\"https:\/\/www.markus-schall.de\/nl\/2025\/12\/cloud-ki-als-topdocent-waarom-de-toekomst-van-werk-bij-lokale-ki-ligt\/\" class=\"dpt-permalink\"><span class=\"screen-reader-text\">Cloud AI als schoolhoofd: waarom de toekomst van werk bij lokale AI ligt<\/span><\/a><\/div><div class=\"dpt-thumbnail\"><div class=\"dpt-thumbnail-inner\"><img width=\"1024\" height=\"683\" class=\"attachment-full size-full\" alt=\"Cloud AI wordt hoofdonderwijzer\" context=\"dpt\" data-dpt-src=\"https:\/\/www.markus-schall.de\/wp-content\/uploads\/cloud-ki-oberlehrer.jpg\" data-dpt-sizes=\"(max-width: 1024px) 100vw, 1024px\" data-dpt-srcset=\"https:\/\/www.markus-schall.de\/wp-content\/uploads\/cloud-ki-oberlehrer.jpg 1024w, https:\/\/www.markus-schall.de\/wp-content\/uploads\/cloud-ki-oberlehrer-300x200.jpg 300w, https:\/\/www.markus-schall.de\/wp-content\/uploads\/cloud-ki-oberlehrer-768x512.jpg 768w, https:\/\/www.markus-schall.de\/wp-content\/uploads\/cloud-ki-oberlehrer-18x12.jpg 18w\" \/><\/div><span class=\"dpt-thumbnail-aspect-ratio\" style=\"padding-top: 75%\"><\/span><\/div><\/div><div class=\"sub-entry\"><h3 class=\"dpt-title\"><a class=\"dpt-title-link\" href=\"https:\/\/www.markus-schall.de\/nl\/2025\/12\/cloud-ki-als-topdocent-waarom-de-toekomst-van-werk-bij-lokale-ki-ligt\/\" rel=\"bookmark\">Cloud AI als schoolhoofd: waarom de toekomst van werk bij lokale AI ligt<\/a><\/h3><\/div><\/div>\n\t\t\t\t\t\t<\/div><!-- .dpt-entry -->\n\t\t\t\t\t\t\t\t\t\t\t\t<div class=\"dpt-entry has-thumbnail\" data-title=\"mlx auf apple silicon als lokale ki im vergleich mit ollama &#038; co.\" data-id=\"2857\"  data-category=\"apple macos ki-systeme\" data-post_tag=\"datenschutz k\u00fcnstliche intelligenz llama llm mistral mlx ollama sprachmodell\">\n\t\t\t\t\t\t\t<div class=\"dpt-entry-wrapper\"><div class=\"dpt-featured-content\"><div class=\"dpt-permalink\"><a href=\"https:\/\/www.markus-schall.de\/nl\/2025\/09\/mlx-op-apple-silicon-als-lokale-ki-vergeleken-met-ollama-co\/\" class=\"dpt-permalink\"><span class=\"screen-reader-text\">MLX op Apple Silicon als lokale AI in vergelijking met Ollama &amp; Co.<\/span><\/a><\/div><div class=\"dpt-thumbnail\"><div class=\"dpt-thumbnail-inner\"><img width=\"1024\" height=\"576\" class=\"attachment-full size-full\" alt=\"Lokale AI op de Mac met MLX\" context=\"dpt\" data-dpt-src=\"https:\/\/www.markus-schall.de\/wp-content\/uploads\/mlx-lokale-ki-apple-silicon.jpg\" data-dpt-sizes=\"(max-width: 1024px) 100vw, 1024px\" data-dpt-srcset=\"https:\/\/www.markus-schall.de\/wp-content\/uploads\/mlx-lokale-ki-apple-silicon.jpg 1024w, https:\/\/www.markus-schall.de\/wp-content\/uploads\/mlx-lokale-ki-apple-silicon-300x169.jpg 300w, https:\/\/www.markus-schall.de\/wp-content\/uploads\/mlx-lokale-ki-apple-silicon-768x432.jpg 768w, https:\/\/www.markus-schall.de\/wp-content\/uploads\/mlx-lokale-ki-apple-silicon-18x10.jpg 18w\" \/><\/div><span class=\"dpt-thumbnail-aspect-ratio\" style=\"padding-top: 75%\"><\/span><\/div><\/div><div class=\"sub-entry\"><h3 class=\"dpt-title\"><a class=\"dpt-title-link\" href=\"https:\/\/www.markus-schall.de\/nl\/2025\/09\/mlx-op-apple-silicon-als-lokale-ki-vergeleken-met-ollama-co\/\" rel=\"bookmark\">MLX op Apple Silicon als lokale AI in vergelijking met Ollama &amp; Co.<\/a><\/h3><\/div><\/div>\n\t\t\t\t\t\t<\/div><!-- .dpt-entry -->\n\t\t\t\t\t\t\n\t\t\t\t<\/div>\n\t\t\t\t\t\t<\/div>\n\t\t\t\n<hr \/>","protected":false},"excerpt":{"rendered":"<p>In zijn open brief aan de Duitse bondskanselier Friedrich Merz, gepubliceerd in de Berliner Zeitung op 17 december 2025, spreekt de bekende econoom en professor Jeffrey D. Sachs zich uit met een helderheid die zeldzaam is geworden in het huidige Europese debat. Sachs spreekt niet als activist, niet als partijdige en niet als commentator op afstand, ... <a title=\"MLX op Apple Silicon als lokale AI in vergelijking met Ollama &amp; Co.\" class=\"read-more\" href=\"https:\/\/www.markus-schall.de\/nl\/2025\/09\/mlx-op-apple-silicon-als-lokale-ki-vergeleken-met-ollama-co\/\" aria-label=\"Lees meer over MLX op Apple Silicon als lokale AI in vergelijking met Ollama &amp; Co.\">Lees verder<\/a><\/p>","protected":false},"author":1,"featured_media":4082,"comment_status":"open","ping_status":"open","sticky":false,"template":"","format":"standard","meta":{"iawp_total_views":1351,"footnotes":""},"categories":[1,466],"tags":[480,481,470,475,482,426,476,477,484],"class_list":["post-4079","post","type-post","status-publish","format-standard","has-post-thumbnail","hentry","category-allgemein","category-gesellschaft","tag-deutschland","tag-energiepolitik","tag-eu-gesetze","tag-europa","tag-geopolitik","tag-krisen","tag-meinungsfreiheit","tag-portrait","tag-sicherheitspolitik"],"_links":{"self":[{"href":"https:\/\/www.markus-schall.de\/nl\/wp-json\/wp\/v2\/posts\/4079","targetHints":{"allow":["GET"]}}],"collection":[{"href":"https:\/\/www.markus-schall.de\/nl\/wp-json\/wp\/v2\/posts"}],"about":[{"href":"https:\/\/www.markus-schall.de\/nl\/wp-json\/wp\/v2\/types\/post"}],"author":[{"embeddable":true,"href":"https:\/\/www.markus-schall.de\/nl\/wp-json\/wp\/v2\/users\/1"}],"replies":[{"embeddable":true,"href":"https:\/\/www.markus-schall.de\/nl\/wp-json\/wp\/v2\/comments?post=4079"}],"version-history":[{"count":22,"href":"https:\/\/www.markus-schall.de\/nl\/wp-json\/wp\/v2\/posts\/4079\/revisions"}],"predecessor-version":[{"id":5415,"href":"https:\/\/www.markus-schall.de\/nl\/wp-json\/wp\/v2\/posts\/4079\/revisions\/5415"}],"wp:featuredmedia":[{"embeddable":true,"href":"https:\/\/www.markus-schall.de\/nl\/wp-json\/wp\/v2\/media\/4082"}],"wp:attachment":[{"href":"https:\/\/www.markus-schall.de\/nl\/wp-json\/wp\/v2\/media?parent=4079"}],"wp:term":[{"taxonomy":"category","embeddable":true,"href":"https:\/\/www.markus-schall.de\/nl\/wp-json\/wp\/v2\/categories?post=4079"},{"taxonomy":"post_tag","embeddable":true,"href":"https:\/\/www.markus-schall.de\/nl\/wp-json\/wp\/v2\/tags?post=4079"}],"curies":[{"name":"wp","href":"https:\/\/api.w.org\/{rel}","templated":true}]}}