{"id":4255,"date":"2026-01-04T07:50:22","date_gmt":"2026-01-04T07:50:22","guid":{"rendered":"https:\/\/www.markus-schall.de\/?p=4255"},"modified":"2026-08-26T14:28:11","modified_gmt":"2026-08-26T14:28:11","slug":"elektrische-auto-hybride-en-e-scooter-een-realistische-kijk-voorbij-de-ideologie","status":"publish","type":"post","link":"https:\/\/www.markus-schall.de\/nl\/2026\/01\/elektroauto-hybrid-und-e-roller-eine-realistische-betrachtung-jenseits-der-ideologie\/","title":{"rendered":"Elektrische auto, hybride en e-scooter: een realistische kijk voorbij de ideologie"},"content":{"rendered":"<p>Elektromobilit\u00e4t ist f\u00fcr viele Menschen ein abstraktes Thema, gepr\u00e4gt von politischen Debatten, F\u00f6rderprogrammen und Marketingversprechen. In der Praxis entsteht jedoch ein ganz anderes Bild, sobald man selbst mit elektrischen Fahrzeugen unterwegs ist. Eigene Erfahrungen reichen heute oft weiter als jede theoretische Diskussion &#8211; vom E-Scooter \u00fcber Elektroroller bis hin zu Hybridfahrzeugen.<\/p>\n<p>Diese Perspektive ist wichtig, weil Elektromobilit\u00e4t selten dort beginnt, wo sie \u00f6ffentlich diskutiert wird. Sie beginnt nicht beim Elektroauto, sondern deutlich fr\u00fcher &#8211; bei kleinen, leichten Fahrzeugen, bei kurzen Strecken und bei ganz pragmatischen Alltagsfragen.<!--more--><\/p>\n<hr \/>\n\n\t\t\t<div class=\"display-post-types\">\n\n\t\t\t\t\t\t\t<style type=\"text\/css\">\n\t\t\t#dpt-wrapper-83 { --dpt-text-align: left;--dpt-image-crop: center;--dpt-border-radius: 5px;--dpt-h-gutter: 10px;--dpt-v-gutter: 9px; }\t\t\t<\/style>\n\t\t\t<style type=\"text\/css\">#dpt-wrapper-83 { --dpt-title-font-style:normal;--dpt-title-font-weight:600;--dpt-title-line-height:1.5;--dpt-title-text-decoration:none;--dpt-title-text-transform:none;--dpt-excerpt-font-style:normal;--dpt-excerpt-font-weight:400;--dpt-excerpt-line-height:1.5;--dpt-excerpt-text-decoration:none;--dpt-excerpt-text-transform:none;--dpt-meta1-font-style:normal;--dpt-meta1-font-weight:400;--dpt-meta1-line-height:1.9;--dpt-meta1-text-decoration:none;--dpt-meta1-text-transform:none;--dpt-meta2-font-style:normal;--dpt-meta2-font-weight:400;--dpt-meta2-line-height:1.9;--dpt-meta2-text-decoration:none;--dpt-meta2-text-transform:none; }<\/style><div class=\" dpt-main-header\">\n\t\t\t\t\t\t<div class=\"dpt-main-title\">\n\t\t\t\t\t\t\t<span class=\"dpt-main-title-text\">Gesellschaftsthemen der Gegenwart<\/span>\n\t\t\t\t\t\t<\/div>\n\t\t\t\t\t\t\n\t\t\t\t\t\t\n\t\t\t\t\t\t\n\t\t\t\t\t\t<\/div>\t\t\t\n\t\t\t\t<div id=\"dpt-wrapper-83\" class=\"dpt-wrapper dpt-mag1 land1 dpt-cropped dpt-flex-wrap\" >\n\n\t\t\t\t\t\t\t\t\t\t\t<div class=\"dpt-entry has-thumbnail\" data-title=\"wer ist eigentlich j. d. vance? ein portrait zu herkunft, karriere, widerspr\u00fcchen und zukunft\" data-id=\"5395\"  data-category=\"allgemein gesellschaft\" data-post_tag=\"energiepolitik erfahrungen europa geopolitik krisen meinungsfreiheit portrait sicherheitspolitik\">\n\t\t\t\t\t\t\t<div class=\"dpt-entry-wrapper\"><div class=\" dpt-featured-content\"><div class=\" dpt-permalink\"><a href=\"https:\/\/www.markus-schall.de\/nl\/2026\/03\/wer-ist-eigentlich-j-d-vance-ein-portrait-zu-herkunft-karriere-widerspruechen-und-zukunft\/\" class=\"dpt-permalink\"><span class=\"screen-reader-text\">Wer ist eigentlich J. D. Vance? Ein Portrait zu Herkunft, Karriere, Widerspr\u00fcchen und Zukunft<\/span><\/a><\/div><div class=\" dpt-thumbnail\"><div class=\"dpt-thumbnail-inner\"><img width=\"1024\" height=\"683\" class=\"attachment-full size-full\" alt=\"Wer ist J. D. Vance?\" context=\"dpt\" data-dpt-src=\"https:\/\/www.markus-schall.de\/wp-content\/uploads\/JD-Vance-Portrait.jpg\" data-dpt-sizes=\"(max-width: 1024px) 100vw, 1024px\" data-dpt-srcset=\"https:\/\/www.markus-schall.de\/wp-content\/uploads\/JD-Vance-Portrait.jpg 1024w, https:\/\/www.markus-schall.de\/wp-content\/uploads\/JD-Vance-Portrait-300x200.jpg 300w, https:\/\/www.markus-schall.de\/wp-content\/uploads\/JD-Vance-Portrait-768x512.jpg 768w, https:\/\/www.markus-schall.de\/wp-content\/uploads\/JD-Vance-Portrait-18x12.jpg 18w\" \/><\/div><span class=\"dpt-thumbnail-aspect-ratio\" style=\"padding-top: 75%\"><\/span><\/div><\/div><div class=\" sub-entry\"><h3 class=\" dpt-title\"><a class=\"dpt-title-link\" href=\"https:\/\/www.markus-schall.de\/nl\/2026\/03\/wer-ist-eigentlich-j-d-vance-ein-portrait-zu-herkunft-karriere-widerspruechen-und-zukunft\/\" rel=\"bookmark\">Wer ist eigentlich J. D. Vance? Ein Portrait zu Herkunft, Karriere, Widerspr\u00fcchen und Zukunft<\/a><\/h3><\/div><\/div>\n\t\t\t\t\t\t<\/div><!-- .dpt-entry -->\n\t\t\t\t\t\t\t\t\t\t\t\t<div class=\"dpt-entry has-thumbnail\" data-title=\"vom content zur substanz: wie digitale systeme entstehen, die nicht kopierbar sind\" data-id=\"5899\"  data-category=\"allgemein b\u00fccher featured gesellschaft tipps &amp; anleitungen\" data-post_tag=\"buch datenlogik denkmodelle digitales eigentum erfahrungen k\u00fcnstliche intelligenz prozesse publishing ratgeber\">\n\t\t\t\t\t\t\t<div class=\"dpt-entry-wrapper\"><div class=\" dpt-featured-content\"><div class=\" dpt-permalink\"><a href=\"https:\/\/www.markus-schall.de\/nl\/2026\/04\/vom-content-zur-substanz-wie-digitale-systeme-entstehen-die-nicht-kopierbar-sind\/\" class=\"dpt-permalink\"><span class=\"screen-reader-text\">Vom Content zur Substanz: Wie digitale Systeme entstehen, die nicht kopierbar sind<\/span><\/a><\/div><div class=\" dpt-thumbnail\"><div class=\"dpt-thumbnail-inner\"><img width=\"1024\" height=\"682\" class=\"attachment-full size-full\" alt=\"System statt Einzelinhalt\" context=\"dpt\" data-dpt-src=\"https:\/\/www.markus-schall.de\/wp-content\/uploads\/Organische-Reichweite.jpg\" data-dpt-sizes=\"(max-width: 1024px) 100vw, 1024px\" data-dpt-srcset=\"https:\/\/www.markus-schall.de\/wp-content\/uploads\/Organische-Reichweite.jpg 1024w, https:\/\/www.markus-schall.de\/wp-content\/uploads\/Organische-Reichweite-300x200.jpg 300w, https:\/\/www.markus-schall.de\/wp-content\/uploads\/Organische-Reichweite-768x512.jpg 768w, https:\/\/www.markus-schall.de\/wp-content\/uploads\/Organische-Reichweite-18x12.jpg 18w\" \/><\/div><span class=\"dpt-thumbnail-aspect-ratio\" style=\"padding-top: 75%\"><\/span><\/div><\/div><div class=\" sub-entry\"><h3 class=\" dpt-title\"><a class=\"dpt-title-link\" href=\"https:\/\/www.markus-schall.de\/nl\/2026\/04\/vom-content-zur-substanz-wie-digitale-systeme-entstehen-die-nicht-kopierbar-sind\/\" rel=\"bookmark\">Vom Content zur Substanz: Wie digitale Systeme entstehen, die nicht kopierbar sind<\/a><\/h3><\/div><\/div>\n\t\t\t\t\t\t<\/div><!-- .dpt-entry -->\n\t\t\t\t\t\t\t\t\t\t\t\t<div class=\"dpt-entry has-thumbnail\" data-title=\"kriegst\u00fcchtigkeit, wehrpflicht &#038; verweigerung: was im ernstfall zu tun ist\" data-id=\"2966\"  data-category=\"allgemein b\u00fccher gesellschaft tipps &amp; anleitungen\" data-post_tag=\"buch deutschland geopolitik gesundheit krisen pers\u00f6nlichkeitsentwicklung ratgeber sicherheitspolitik\">\n\t\t\t\t\t\t\t<div class=\"dpt-entry-wrapper\"><div class=\" dpt-featured-content\"><div class=\" dpt-permalink\"><a href=\"https:\/\/www.markus-schall.de\/nl\/2025\/09\/kriegstuechtigkeit-wehrpflicht-verweigerung-was-im-ernstfall-zu-tun-ist\/\" class=\"dpt-permalink\"><span class=\"screen-reader-text\">Kriegst\u00fcchtigkeit, Wehrpflicht &#038; Verweigerung: Was im Ernstfall zu tun ist<\/span><\/a><\/div><div class=\" dpt-thumbnail\"><div class=\"dpt-thumbnail-inner\"><img width=\"1536\" height=\"1024\" class=\"attachment-full size-full\" alt=\"Wehrpflicht: Kriegsdienst verweigern\" context=\"dpt\" data-dpt-src=\"https:\/\/www.markus-schall.de\/wp-content\/uploads\/wehrpflicht-kriegsdienst-verweigern.jpg\" data-dpt-sizes=\"(max-width: 1536px) 100vw, 1536px\" data-dpt-srcset=\"https:\/\/www.markus-schall.de\/wp-content\/uploads\/wehrpflicht-kriegsdienst-verweigern.jpg 1536w, https:\/\/www.markus-schall.de\/wp-content\/uploads\/wehrpflicht-kriegsdienst-verweigern-300x200.jpg 300w, https:\/\/www.markus-schall.de\/wp-content\/uploads\/wehrpflicht-kriegsdienst-verweigern-1024x683.jpg 1024w, https:\/\/www.markus-schall.de\/wp-content\/uploads\/wehrpflicht-kriegsdienst-verweigern-768x512.jpg 768w, https:\/\/www.markus-schall.de\/wp-content\/uploads\/wehrpflicht-kriegsdienst-verweigern-18x12.jpg 18w\" \/><\/div><span class=\"dpt-thumbnail-aspect-ratio\" style=\"padding-top: 75%\"><\/span><\/div><\/div><div class=\" sub-entry\"><h3 class=\" dpt-title\"><a class=\"dpt-title-link\" href=\"https:\/\/www.markus-schall.de\/nl\/2025\/09\/kriegstuechtigkeit-wehrpflicht-verweigerung-was-im-ernstfall-zu-tun-ist\/\" rel=\"bookmark\">Kriegst\u00fcchtigkeit, Wehrpflicht &#038; Verweigerung: Was im Ernstfall zu tun ist<\/a><\/h3><\/div><\/div>\n\t\t\t\t\t\t<\/div><!-- .dpt-entry -->\n\t\t\t\t\t\t\t\t\t\t\t\t<div class=\"dpt-entry has-thumbnail\" data-title=\"nord stream sprengung: sabotage, machtpolitik und die unbequemen offenen fragen\" data-id=\"4441\"  data-category=\"allgemein gesellschaft\" data-post_tag=\"deutschland energiepolitik europa geopolitik krisen meinungsfreiheit sicherheitspolitik spieltheorie\">\n\t\t\t\t\t\t\t<div class=\"dpt-entry-wrapper\"><div class=\" dpt-featured-content\"><div class=\" dpt-permalink\"><a href=\"https:\/\/www.markus-schall.de\/nl\/2026\/01\/nord-stream-sprengung-sabotage-machtpolitik-und-die-unbequemen-offenen-fragen\/\" class=\"dpt-permalink\"><span class=\"screen-reader-text\">Nord Stream Sprengung: Sabotage, Machtpolitik und die unbequemen offenen Fragen<\/span><\/a><\/div><div class=\" dpt-thumbnail\"><div class=\"dpt-thumbnail-inner\"><img width=\"1024\" height=\"683\" class=\"attachment-full size-full\" alt=\"Nord Stream Sprengung\" context=\"dpt\" data-dpt-src=\"https:\/\/www.markus-schall.de\/wp-content\/uploads\/nordstream-sprengung.jpg\" data-dpt-sizes=\"(max-width: 1024px) 100vw, 1024px\" data-dpt-srcset=\"https:\/\/www.markus-schall.de\/wp-content\/uploads\/nordstream-sprengung.jpg 1024w, https:\/\/www.markus-schall.de\/wp-content\/uploads\/nordstream-sprengung-300x200.jpg 300w, https:\/\/www.markus-schall.de\/wp-content\/uploads\/nordstream-sprengung-768x512.jpg 768w, https:\/\/www.markus-schall.de\/wp-content\/uploads\/nordstream-sprengung-18x12.jpg 18w\" \/><\/div><span class=\"dpt-thumbnail-aspect-ratio\" style=\"padding-top: 75%\"><\/span><\/div><\/div><div class=\" sub-entry\"><h3 class=\" dpt-title\"><a class=\"dpt-title-link\" href=\"https:\/\/www.markus-schall.de\/nl\/2026\/01\/nord-stream-sprengung-sabotage-machtpolitik-und-die-unbequemen-offenen-fragen\/\" rel=\"bookmark\">Nord Stream Sprengung: Sabotage, Machtpolitik und die unbequemen offenen Fragen<\/a><\/h3><\/div><\/div>\n\t\t\t\t\t\t<\/div><!-- .dpt-entry -->\n\t\t\t\t\t\t\n\t\t\t\t<\/div>\n\t\t\t\t\t\t<\/div>\n\t\t\t\n<hr \/>\n<h2>Aktuelle Nachrichten zu Elektromobilit\u00e4t<\/h2>\n<p><strong>26.08.2026<\/strong>: Steigende Benzin- und Dieselpreise <a href=\"https:\/\/www.merkur.de\/wirtschaft\/elektrofizierung-laeuft-auto-wechsel-verdoppeln-sich-binnen-weniger-monate-zr-94459992.html\" target=\"_blank\" rel=\"noopener\"><strong>beschleunigen offenbar den Wechsel zum Elektroauto<\/strong><\/a>. Nach Daten der HUK Coburg ersetzten im zweiten Quartal 2026 bei 12,0 Prozent der privaten Fahrzeugwechsel Elektroautos den bisherigen Verbrenner. Zu Jahresbeginn waren es lediglich 6,3 Prozent. Besonders ausgepr\u00e4gt ist der Trend bei Vielfahrern: Wer j\u00e4hrlich mehr als 12.000 Kilometer zur\u00fccklegt, wechselte zu 14,7 Prozent auf einen reinen Stromer.<\/p>\n<p>Eine YouGov-Befragung unter mehr als 4.000 Menschen zeigt ebenfalls den Einfluss hoher Kraftstoffpreise: 24 Prozent der F\u00fchrerscheinbesitzer haben seit Beginn des Iran-Krieges erstmals \u00fcber ein Elektroauto nachgedacht oder einen Kauf erwogen. Die HUK Coburg spricht von einer neuen Dimension beim Hochlauf der Elektromobilit\u00e4t. Gleichzeitig wird der Markt internationaler: Tesla und chinesische Hersteller wie BYD und Leapmotor konnten ihre Anteile bei neuen Elektroautos deutlich steigern. Elektrische Gebrauchtwagen k\u00f6nnten den Umstieg zus\u00e4tzlich beschleunigen.<\/p>\n<hr \/>\n<h2>Elektromobilit\u00e4t ist kein einheitliches Konzept<\/h2>\n<p>Ein zentraler Denkfehler in vielen Diskussionen besteht darin, Elektromobilit\u00e4t als ein einziges, homogenes System zu betrachten. Tats\u00e4chlich handelt es sich um sehr unterschiedliche Fahrzeugklassen mit v\u00f6llig verschiedenen Einsatzbereichen:<\/p>\n<ul>\n<li>E-Scooter (im Mietbetrieb)<\/li>\n<li>Elektroroller f\u00fcr den Stadtverkehr<\/li>\n<li>Hybrid- und Plug-in-Hybridfahrzeuge<\/li>\n<li>Reine Elektroautos<\/li>\n<\/ul>\n<p>Diese Konzepte lassen sich nicht sinnvoll miteinander vergleichen, ohne ihren jeweiligen Zweck zu ber\u00fccksichtigen. Was f\u00fcr einen E-Scooter sinnvoll ist, kann f\u00fcr ein Auto v\u00f6llig untauglich sein &#8211; und umgekehrt. Elektromobilit\u00e4t funktioniert nur dort \u00fcberzeugend, wo Anwendungsfall und Technik zueinander passen.<\/p>\n<p><img loading=\"lazy\" decoding=\"async\" class=\"alignnone wp-image-4259 size-large\" src=\"https:\/\/www.markus-schall.de\/wp-content\/uploads\/Elektroroller-Escooter.jpg\" alt=\"E-Scooter und Elektroroller\" width=\"1024\" height=\"683\" srcset=\"https:\/\/www.markus-schall.de\/wp-content\/uploads\/Elektroroller-Escooter.jpg 1024w, https:\/\/www.markus-schall.de\/wp-content\/uploads\/Elektroroller-Escooter-300x200.jpg 300w, https:\/\/www.markus-schall.de\/wp-content\/uploads\/Elektroroller-Escooter-768x512.jpg 768w, https:\/\/www.markus-schall.de\/wp-content\/uploads\/Elektroroller-Escooter-18x12.jpg 18w\" sizes=\"auto, (max-width: 1024px) 100vw, 1024px\" \/><\/p>\n<h3>E-Scooter (im Mietbetrieb): Mobilit\u00e4t f\u00fcr kurze Wege<\/h3>\n<p>E-Scooter sind f\u00fcr viele Menschen der erste Kontakt mit elektrischer Mobilit\u00e4t. Im Mietbetrieb sind sie schnell verf\u00fcgbar, niedrigschwellig nutzbar und erfordern keine eigene Investition. F\u00fcr kurze Strecken k\u00f6nnen sie praktisch sein, insbesondere als Erg\u00e4nzung zu anderen Verkehrsmitteln. Gleichzeitig zeigen E-Scooter sehr deutlich die Grenzen elektrischer Kleinstmobilit\u00e4t:<\/p>\n<ul>\n<li>begrenzte Fahrstabilit\u00e4t<\/li>\n<li>kaum Sicherheitsreserven<\/li>\n<li>starke Abh\u00e4ngigkeit vom jeweiligen Anbieter<\/li>\n<li>Konflikte im \u00f6ffentlichen Raum<\/li>\n<\/ul>\n<p>Geliehene E-Scooter sind kein vollwertiges Verkehrsmittel, sondern ein \u00dcberbr\u00fcckungswerkzeug. Sie ersetzen weder Fahrrad noch Auto, sondern f\u00fcllen situativ L\u00fccken. In diesem Rahmen k\u00f6nnen sie funktionieren &#8211; dar\u00fcber hinaus sto\u00dfen sie schnell an ihre Grenzen.<\/p>\n<p>Mit einem eigenen E-Scooter lassen sich berechenbare kurze Wege zuverl\u00e4ssig und \u00e4hnlich schnell wie mit einem Fahrrad zur\u00fccklegen.<\/p>\n<h3>Elektroroller: Ein stimmiges Einsatzszenario<\/h3>\n<p>Elektroroller stellen einen deutlicheren Schritt in Richtung alltagstauglicher Elektromobilit\u00e4t dar. Sie sind leise, wartungsarm und f\u00fcr den Stadtverkehr gut geeignet. Die Reichweiten sind begrenzt, aber realistisch kalkuliert &#8211; und genau das macht sie praktikabel. Elektroroller \u00fcberzeugen vor allem dort, wo klare Erwartungen bestehen:<\/p>\n<ul>\n<li>kurze bis mittlere Strecken<\/li>\n<li>\u00fcberwiegend innerst\u00e4dtische Nutzung<\/li>\n<li>Laden an der normalen Steckdose<\/li>\n<li>kein Anspruch auf Langstreckentauglichkeit<\/li>\n<\/ul>\n<p>Nat\u00fcrlich bringen auch Elektroroller Einschr\u00e4nkungen mit sich, etwa bei Wetter oder Geschwindigkeit. Diese Nachteile sind jedoch transparent und kalkulierbar. Anspruch und Realit\u00e4t liegen nah beieinander &#8211; ein entscheidender Faktor f\u00fcr Akzeptanz.<\/p>\n<p>Gerade bei kleinen elektrischen Fahrzeugen zeigt sich, wann Elektromobilit\u00e4t sinnvoll ist. Sie funktioniert dort besonders gut, wo sie:<\/p>\n<ul>\n<li>keine neue Abh\u00e4ngigkeit schafft<\/li>\n<li>keine zus\u00e4tzliche Komplexit\u00e4t erzeugt<\/li>\n<li>bestehende Abl\u00e4ufe vereinfacht<\/li>\n<\/ul>\n<p>E-Scooter und Elektroroller machen deutlich, dass Elektromobilit\u00e4t nicht grunds\u00e4tzlich scheitert. Sie scheitert vor allem dort, wo sie \u00fcberdehnt wird &#8211; wo man versucht, ein einziges Konzept f\u00fcr alle Lebenssituationen passend zu machen.<\/p>\n<h3>Infrastruktur zum Laden muss vorhanden sein<\/h3>\n<p>Schon bei Elektrorollern zeigt sich allerdings in der Praxis, dass Elektromobilit\u00e4t nie ganz ohne Infrastruktur auskommt. Zwar sind die Anforderungen deutlich geringer als beim Elektroauto, dennoch braucht es eine reale Ladem\u00f6glichkeit. Wer im Erdgeschoss wohnt, einen Stellplatz mit Steckdose hat oder den Akku entnehmen und in der Wohnung laden kann, hat kaum Probleme.<\/p>\n<p>Schwieriger wird es jedoch in klassischen Mehrfamilienh\u00e4usern ohne geeignete Anschlussm\u00f6glichkeiten. Wer im dritten Stock wohnt und keinen Zugang zu einer Steckdose im Au\u00dfenbereich hat, steht schnell vor einem praktischen Hindernis. Provisorische L\u00f6sungen wie lange Verl\u00e4ngerungskabel aus dem Fenster oder jedes Mal einen 10 kg schweren Akku in die Wohnung schleppen sind weder sinnvoll noch alltagstauglich. Auch hier gilt: Elektromobilit\u00e4t funktioniert nur dann reibungslos, wenn die Rahmenbedingungen stimmen &#8211; selbst bei vergleichsweise einfachen Fahrzeugen wie Elektrorollern.<\/p>\n<h3>Sicherheit: Wenig Schutz, hohe Verantwortung<\/h3>\n<p>Elektroroller und E-Scooter geh\u00f6ren zu den Fahrzeugen mit dem geringsten passiven Schutz im Stra\u00dfenverkehr. Es gibt keine Knautschzone, keine Karosserie, keine Airbags &#8211; der K\u00f6rper ist dem Verkehrsgeschehen unmittelbar ausgesetzt. Gleichzeitig sind die Fahrzeuge schnell genug, um bei einem Sturz oder Zusammensto\u00df schwere Verletzungen zu verursachen.<\/p>\n<p>Hinzu kommen vergleichsweise lange Bremswege, kleine R\u00e4der und eine hohe Anf\u00e4lligkeit f\u00fcr Fahrbahnunebenheiten. Wer sich f\u00fcr diese Form der Mobilit\u00e4t entscheidet, muss daher extrem defensiv und vorausschauend fahren. F\u00fcr sicherheitsbewusste Menschen, die Wert auf Schutz und Reserven legen, sind E-Scooter und Elektroroller nur eingeschr\u00e4nkt geeignet. Elektromobilit\u00e4t mag leise und unkompliziert wirken &#8211; die physikalischen Risiken bleiben jedoch real und sollten nicht untersch\u00e4tzt werden.<\/p>\n<p>Wer diese fr\u00fchen Formen elektrischer Mobilit\u00e4t betrachtet, erkennt schnell ein zentrales Muster: Elektromobilit\u00e4t funktioniert am besten, wenn sie erg\u00e4nzt, nicht ersetzt wird. Genau an dieser Stelle kommen Hybridfahrzeuge ins Spiel &#8211; als Versuch, elektrische Vorteile mit klassischer Reichweite zu verbinden.<\/p>\n<h2>Hybridfahrzeuge: Die untersch\u00e4tzte Zwischenl\u00f6sung<\/h2>\n<p>Hybridfahrzeuge haben in der \u00f6ffentlichen Wahrnehmung einen schweren Stand. F\u00fcr die einen sind sie nicht konsequent genug, f\u00fcr die anderen bereits zu kompliziert. Dabei liegt gerade in dieser Zwischenposition ihre St\u00e4rke. Hybride versuchen nicht, eine bestehende Mobilit\u00e4tsform vollst\u00e4ndig zu ersetzen, sondern zwei bew\u00e4hrte Konzepte sinnvoll zu kombinieren.<\/p>\n<p>Aus heutiger Sicht sind Hybridantriebe weniger ein Kompromiss als vielmehr eine realistische Antwort auf unterschiedliche Fahrprofile. Sie tragen dem Umstand Rechnung, dass Mobilit\u00e4t nicht f\u00fcr alle Menschen gleich aussieht &#8211; und dass Technik sich an diese Vielfalt anpassen muss.<\/p>\n<p><img loading=\"lazy\" decoding=\"async\" class=\"alignnone wp-image-4260 size-large\" src=\"https:\/\/www.markus-schall.de\/wp-content\/uploads\/Ford-Kuga-PHEV.jpg\" alt=\"Ford Kuga PHEV Plugin-Hybrid\" width=\"1024\" height=\"683\" srcset=\"https:\/\/www.markus-schall.de\/wp-content\/uploads\/Ford-Kuga-PHEV.jpg 1024w, https:\/\/www.markus-schall.de\/wp-content\/uploads\/Ford-Kuga-PHEV-300x200.jpg 300w, https:\/\/www.markus-schall.de\/wp-content\/uploads\/Ford-Kuga-PHEV-768x512.jpg 768w, https:\/\/www.markus-schall.de\/wp-content\/uploads\/Ford-Kuga-PHEV-18x12.jpg 18w\" sizes=\"auto, (max-width: 1024px) 100vw, 1024px\" \/><\/p>\n<h3>Welche Arten von Hybridfahrzeugen es gibt<\/h3>\n<p>Der Begriff \u201eHybrid\u201c wird h\u00e4ufig unscharf verwendet. Tats\u00e4chlich existieren mehrere technisch unterschiedliche Konzepte, die sich im Alltag deutlich unterscheiden:<\/p>\n<ol>\n<li><strong>Mild-Hybrid<\/strong>: Ein kleiner Elektromotor unterst\u00fctzt den Verbrenner, meist beim Anfahren oder Beschleunigen. Rein elektrisches Fahren ist nicht m\u00f6glich.<\/li>\n<li><strong>Vollhybrid<\/strong>: Das Fahrzeug kann kurze Strecken rein elektrisch zur\u00fccklegen, l\u00e4dt sich jedoch ausschlie\u00dflich selbst \u00fcber Rekuperation und den Verbrenner.<\/li>\n<li><strong>Plug-in-Hybrid<\/strong>: Zus\u00e4tzliches externes Laden \u00fcber die Steckdose, gr\u00f6\u00dfere Batterie, deutlich l\u00e4ngere elektrische Reichweite.<\/li>\n<\/ol>\n<p>Diese Unterscheidung ist entscheidend, denn sie bestimmt, wie viel elektrische Mobilit\u00e4t im Alltag tats\u00e4chlich genutzt werden kann.<\/p>\n<h3>Warum selbst moderne Benziner \u201eelektrischer\u201c geworden sind<\/h3>\n<p>Unabh\u00e4ngig von der Fahrzeugklasse zeigt sich ein klarer Trend: Selbst klassische Benziner werden zunehmend elektrifiziert. Kleine Elektromotoren mit 10 bis 20 PS sind heute keine Seltenheit mehr. Sie verbessern:<\/p>\n<ul>\n<li>Anfahrverhalten<\/li>\n<li>Beschleunigung im unteren Drehzahlbereich<\/li>\n<li>Rekuperation beim Bremsen<\/li>\n<li>Verbrauch und Emissionswerte<\/li>\n<\/ul>\n<p>Das erkl\u00e4rt, warum viele moderne Fahrzeuge sich direkter, kr\u00e4ftiger und souver\u00e4ner anf\u00fchlen als ihre Vorg\u00e4nger &#8211; trotz \u00e4hnlicher Motorleistung. Elektromobilit\u00e4t ist hier l\u00e4ngst im Alltag angekommen, oft ohne bewusst wahrgenommen zu werden.<\/p>\n<hr \/>\n<h3>Aktuelle Umfrage zur Elektromobilit\u00e4t<\/h3>\n<div class='bootstrap-yop yop-poll-mc'>\n\t\t\t\t\t\t\t<div class=\"basic-yop-poll-container\" style=\"background-color:#ffffff; border:0px; border-style:solid; border-color:#000000; border-radius:5px; padding:0px 5px;\" data-id=\"11\" data-temp=\"basic-pretty\" data-skin=\"square\" data-cscheme=\"blue\" data-cap=\"0\" data-access=\"guest\" data-tid=\"\" data-uid=\"b7d045513faee56330858507eb3cdb24\" data-pid=\"4441\" data-resdet=\"votes-number,percentages\" data-show-results-to=\"guest\" data-show-results-moment=\"after-vote\" data-show-results-only=\"false\" data-show-message=\"true\" data-show-results-as=\"bar\" data-sort-results-by=\"as-defined\" data-sort-results-rule=\"asc\"data-is-ended=\"0\" data-percentages-decimals=\"2\" data-gdpr=\"no\" data-gdpr-sol=\"consent\" data-css=\".basic-yop-poll-container[data-uid] .basic-vote {\n\t\t\t\t\t\t\t\t\ttext-align: center;\n\t\t\t\t\t\t\t\t}\" data-counter=\"0\" data-load-with=\"1\" data-notification-section=\"top\"><div class=\"row\"><div class=\"col-md-12\"><div class=\"basic-inner\"><div class=\"basic-message hide\" style=\"border-left: 10px solid #008000; padding: 0px 10px;\" data-error=\"#ff0000\" data-success=\"#008000\"><p class=\"basic-message-text\" style=\"color:#000000; font-size:14px; font-weight:normal;\"><\/p><\/div><div class=\"basic-overlay hide\"><div class=\"basic-vote-options\"><\/div><div class=\"basic-preloader\"><div class=\"basic-windows8\"><div class=\"basic-wBall basic-wBall_1\"><div class=\"basic-wInnerBall\"><\/div><\/div><div class=\"basic-wBall basic-wBall_2\"><div class=\"basic-wInnerBall\"><\/div><\/div><div class=\"basic-wBall basic-wBall_3\"><div class=\"basic-wInnerBall\"><\/div><\/div><div class=\"basic-wBall basic-wBall_4\"><div class=\"basic-wInnerBall\"><\/div><\/div><div class=\"basic-wBall basic-wBall_5\"><div class=\"basic-wInnerBall\"><\/div><\/div><\/div><\/div><\/div><form class=\"basic-form\"><input type=\"hidden\" name=\"_token\" value=\"3213ff9fc6\" autocomplete=\"off\"><div class=\"basic-elements\"><div class=\"basic-element basic-question basic-question-text-vertical\" data-id=\"11\" data-uid=\"542e6e6c0c5c048f5af5f0f091a45c89\" data-type=\"question\" data-question-type=\"text\" data-required=\"yes\" data-allow-multiple=\"yes\" data-min=\"1\" data-max=\"6\" data-display=\"vertical\" data-colnum=\"\" data-display-others=\"no\" data-others-color=\"\" data-others=\"\" data-others-max-chars=\"0\"><div class=\"basic-question-title\"><h5 style=\"color:#000000; font-size:16px; font-weight:normal; text-align:left;\">Mit welchen elektrischen Fahrzeugen hast Du schon Erfahrungen?<\/h5><\/div><ul class=\"basic-answers\"><li class=\"basic-answer\" style=\"padding:0px 0px;\" data-id=\"60\" data-type=\"text\" data-vn=\"2\" data-color=\"#000000\" data-make-link=\"no\" data-link=\"\"><div class=\"basic-answer-content basic-text-vertical\"><label for=\"answer[60]\" class=\"basic-answer-label\"><input type=\"checkbox\" id=\"answer[60]\" name=\"answer[11]\" value=\"60\"><span class=\"basic-text\" style=\"color: #000000; font-size: 14px; font-weight: normal;\">E-Scooter<\/span><\/label><\/div><\/li><li class=\"basic-answer\" style=\"padding:0px 0px;\" data-id=\"61\" data-type=\"text\" data-vn=\"2\" data-color=\"#000000\" data-make-link=\"no\" data-link=\"\"><div class=\"basic-answer-content basic-text-vertical\"><label for=\"answer[61]\" class=\"basic-answer-label\"><input type=\"checkbox\" id=\"answer[61]\" name=\"answer[11]\" value=\"61\"><span class=\"basic-text\" style=\"color: #000000; font-size: 14px; font-weight: normal;\">Elektroroller<\/span><\/label><\/div><\/li><li class=\"basic-answer\" style=\"padding:0px 0px;\" data-id=\"62\" data-type=\"text\" data-vn=\"1\" data-color=\"#000000\" data-make-link=\"no\" data-link=\"\"><div class=\"basic-answer-content basic-text-vertical\"><label for=\"answer[62]\" class=\"basic-answer-label\"><input type=\"checkbox\" id=\"answer[62]\" name=\"answer[11]\" value=\"62\"><span class=\"basic-text\" style=\"color: #000000; font-size: 14px; font-weight: normal;\">Vollhybrid\/Mildhybrid<\/span><\/label><\/div><\/li><li class=\"basic-answer\" style=\"padding:0px 0px;\" data-id=\"63\" data-type=\"text\" data-vn=\"1\" data-color=\"#000000\" data-make-link=\"no\" data-link=\"\"><div class=\"basic-answer-content basic-text-vertical\"><label for=\"answer[63]\" class=\"basic-answer-label\"><input type=\"checkbox\" id=\"answer[63]\" name=\"answer[11]\" value=\"63\"><span class=\"basic-text\" style=\"color: #000000; font-size: 14px; font-weight: normal;\">Plugin-Hybrid<\/span><\/label><\/div><\/li><li class=\"basic-answer\" style=\"padding:0px 0px;\" data-id=\"64\" data-type=\"text\" data-vn=\"2\" data-color=\"#000000\" data-make-link=\"no\" data-link=\"\"><div class=\"basic-answer-content basic-text-vertical\"><label for=\"answer[64]\" class=\"basic-answer-label\"><input type=\"checkbox\" id=\"answer[64]\" name=\"answer[11]\" value=\"64\"><span class=\"basic-text\" style=\"color: #000000; font-size: 14px; font-weight: normal;\">Elektroauto<\/span><\/label><\/div><\/li><li class=\"basic-answer\" style=\"padding:0px 0px;\" data-id=\"67\" data-type=\"text\" data-vn=\"7\" data-color=\"#000000\" data-make-link=\"no\" data-link=\"\"><div class=\"basic-answer-content basic-text-vertical\"><label for=\"answer[67]\" class=\"basic-answer-label\"><input type=\"checkbox\" id=\"answer[67]\" name=\"answer[11]\" value=\"67\"><span class=\"basic-text\" style=\"color: #000000; font-size: 14px; font-weight: normal;\">Noch keine Erfahrungen<\/span><\/label><\/div><\/li><\/ul><\/div><div class=\"clearfix\"><\/div><\/div><div class=\"basic-vote\"><a href=\"#\" class=\"button basic-vote-button\" role=\"button\" style=\"background:#027bb8; border:0px; border-style: solid; border-color:#000000; border-radius:5px; padding:10px 10px; color:#ffffff; font-size:14px; font-weight:normal;\">Abstimmen<\/a><\/div><\/form><\/div><\/div><\/div><\/div>\n\t\t\t\t\t\t<\/div>\n<hr \/>\n<h3>Der Plug-in-Hybrid als sinnvoller Mittelpunkt<\/h3>\n<p>Aus heutiger Perspektive erweist sich vor allem der kompakte Plug-in-Hybrid als besonders ausgewogene L\u00f6sung. Entscheidend ist dabei nicht maximale Reichweite, sondern ein stimmiges Gesamtpaket. Ein kleiner Plug-in-Hybrid bietet:<\/p>\n<ul>\n<li>elektrische Fahrten im Alltag<\/li>\n<li>volle Reichweite f\u00fcr l\u00e4ngere Strecken<\/li>\n<li>Unabh\u00e4ngigkeit von Ladeinfrastruktur<\/li>\n<li>\u00fcberschaubares Fahrzeuggewicht<\/li>\n<\/ul>\n<p>Gro\u00dfe Plug-in-SUVs mit zwei Tonnen Gewicht und riesigen Akkus verfehlen diesen Ansatz h\u00e4ufig. Sie kombinieren hohen Ressourcenverbrauch mit eingeschr\u00e4nkter Effizienz &#8211; und konterkarieren damit den urspr\u00fcnglichen Gedanken des Hybridantriebs.<\/p>\n<h3>Reichweite ist relativ &#8211; das Fahrprofil entscheidet<\/h3>\n<p>Ein zentraler Punkt bei Hybridfahrzeugen ist die Frage nach der elektrischen Reichweite. Diese l\u00e4sst sich jedoch nicht pauschal beantworten, sondern h\u00e4ngt direkt vom individuellen Fahrprofil ab.<\/p>\n<ul>\n<li>Wer t\u00e4glich 150 Kilometer pendelt, ben\u00f6tigt eine deutlich gr\u00f6\u00dfere elektrische Reichweite.<\/li>\n<li>Wer nicht pendelt und \u00fcberwiegend kurze Strecken f\u00e4hrt, kommt mit deutlich weniger aus.<\/li>\n<\/ul>\n<p>F\u00fcr viele Menschen liegt die t\u00e4gliche Fahrleistung unter 40 Kilometern. In diesen F\u00e4llen reicht ein kleiner Akku vollkommen aus, um den Gro\u00dfteil der Alltagsfahrten elektrisch zur\u00fcckzulegen. Ein gr\u00f6\u00dferer Akku bringt hier kaum Vorteile &#8211; erh\u00f6ht aber Gewicht, Kosten und Komplexit\u00e4t im Alltag.<\/p>\n<h3>Gewicht als oft untersch\u00e4tzter Faktor<\/h3>\n<p>Ein gr\u00f6\u00dferer Akku bedeutet nicht nur mehr Reichweite, sondern auch mehr Gewicht. Dieses zus\u00e4tzliche Gewicht:<\/p>\n<ul>\n<li>erh\u00f6ht den Verbrauch im Verbrennermodus<\/li>\n<li>verschlechtert Fahrdynamik und Bremsverhalten<\/li>\n<li>belastet Fahrwerk und Reifen<\/li>\n<\/ul>\n<p>Gerade bei Hybridfahrzeugen ist deshalb Zur\u00fcckhaltung sinnvoll. Ein ausgewogener Plug-in-Hybrid lebt von Effizienz, nicht von Maximalwerten. Mehr ist hier nicht automatisch besser.<\/p>\n<p>Nat\u00fcrlich wird sich diese Bewertung in Zukunft ver\u00e4ndern. Neue Akkutechnologien versprechen:<\/p>\n<ul>\n<li>h\u00f6here Energiedichte<\/li>\n<li>geringeres Gewicht<\/li>\n<li>k\u00fcrzere Ladezeiten<\/li>\n<\/ul>\n<p>Sowohl Hybrid- als auch Elektrofahrzeuge werden davon profitieren. Die hier beschriebenen \u00dcberlegungen beziehen sich jedoch bewusst auf den aktuellen Stand der Technik &#8211; und auf das, was heute im Alltag realistisch verf\u00fcgbar ist.<\/p>\n<p>Hybridfahrzeuge sind weder \u00dcbergangsl\u00f6sung aus Bequemlichkeit noch technischer Irrweg. Sie sind eine funktionale Br\u00fccke zwischen bestehender Infrastruktur und elektrischer Zukunft. Wer sie anhand des eigenen Fahrprofils beurteilt und nicht anhand von Idealbildern, erkennt schnell ihren praktischen Wert. Im n\u00e4chsten Kapitel geht es um reine Elektrofahrzeuge &#8211; ihre St\u00e4rken, ihre Grenzen und die Frage, f\u00fcr wen sie heute tats\u00e4chlich sinnvoll sind.<\/p>\n<h2>Reine Elektrofahrzeuge: Fahrspa\u00df mit Voraussetzungen<\/h2>\n<p>Reine Elektrofahrzeuge sind inzwischen ein fester Bestandteil des Stra\u00dfenbilds. Eine eigene, langfristige Fahrerfahrung liegt bei mir nicht vor, aber einige Punkte sind so offensichtlich, dass man sie auch ohne pers\u00f6nliche Testfahrten sauber einordnen kann. Vor allem zwei Dinge fallen auf:<\/p>\n<ul>\n<li>Erstens ist der technische Ansatz faszinierend.<\/li>\n<li>Zweitens h\u00e4ngt die Alltagstauglichkeit st\u00e4rker als bei anderen Antrieben von den Rahmenbedingungen ab.<\/li>\n<\/ul>\n<p>Dass ein leistungsstarkes Elektroauto viel Fahrspa\u00df bieten kann, ist plausibel. Drehmoment, direkte Gasannahme, ruhiger Lauf &#8211; all das d\u00fcrfte im Alltag beeindruckend wirken. Gleichzeitig beginnt die entscheidende Frage nicht beim Fahrgef\u00fchl, sondern beim System, das dahinterstehen muss.<\/p>\n<p><img loading=\"lazy\" decoding=\"async\" class=\"alignnone wp-image-4261 size-large\" src=\"https:\/\/www.markus-schall.de\/wp-content\/uploads\/Elektroautos-klein-gross.jpg\" alt=\"Kleine und gro\u00dfe Elektroautos\" width=\"1024\" height=\"683\" srcset=\"https:\/\/www.markus-schall.de\/wp-content\/uploads\/Elektroautos-klein-gross.jpg 1024w, https:\/\/www.markus-schall.de\/wp-content\/uploads\/Elektroautos-klein-gross-300x200.jpg 300w, https:\/\/www.markus-schall.de\/wp-content\/uploads\/Elektroautos-klein-gross-768x512.jpg 768w, https:\/\/www.markus-schall.de\/wp-content\/uploads\/Elektroautos-klein-gross-18x12.jpg 18w\" sizes=\"auto, (max-width: 1024px) 100vw, 1024px\" \/><\/p>\n<h3>Reichweite ist keine reine Zahl &#8211; sie ist auch Gewicht<\/h3>\n<p>Der zentrale Engpass heutiger Elektroautos ist weniger der Motor, sondern die Batterie. Bei der aktuellen Akkutechnologie gilt weiterhin ein einfaches Prinzip: Mehr Reichweite bedeutet mehr Batterie &#8211; und mehr Batterie bedeutet mehr Gewicht. Dieses Gewicht ist nicht nur eine theoretische Gr\u00f6\u00dfe. Es beeinflusst:<\/p>\n<ul>\n<li>Effizienz (der Wagen muss sich st\u00e4ndig selbst \u201emitschleppen\u201c)<\/li>\n<li>Reifen- und Bremsenverschlei\u00df<\/li>\n<li>Fahrdynamik und Bremsweg<\/li>\n<li>Ressourcenbedarf in der Herstellung<\/li>\n<\/ul>\n<p>Damit entsteht ein Spannungsfeld: Reichweite ist w\u00fcnschenswert, aber sie hat ihren Preis &#8211; und dieser Preis ist nicht nur finanziell, sondern auch physikalisch.<\/p>\n<h3>Laden ist kein Tankvorgang &#8211; es ist Infrastruktur<\/h3>\n<p>Beim Verbrenner ist die Energieversorgung trivial: Tankstelle, f\u00fcnf Minuten, weiter. Beim Elektroauto ist die Versorgung ein Teil des Gesamtsystems. Und dieses System ist nicht \u00fcberall gleich gut.<\/p>\n<p>Entscheidend ist nicht nur, ob irgendwo eine Lades\u00e4ule steht, sondern wie schnell sie laden kann &#8211; und ob das Fahrzeug diese Leistung \u00fcberhaupt sinnvoll annehmen kann. Ein gro\u00dfer Akku bringt wenig, wenn die Ladeleistung unterwegs oder zuhause nicht mith\u00e4lt.<\/p>\n<p>Bei schwacher Ladeleistung entsteht ein praktisches Problem: Es dauert lange, bis sp\u00fcrbar Reichweite nachgeladen ist. Und zwar nicht als Ausnahme, sondern als Routine, wenn die Infrastruktur nicht passt. Damit wird Laden schnell zu einem organisatorischen Thema &#8211; und genau das macht Elektromobilit\u00e4t f\u00fcr manche Menschen m\u00fchsam.<\/p>\n<h3>F\u00fcr wen lohnt sich das eigentlich?<\/h3>\n<p>Bei reinen Elektroautos entscheidet weniger die Ideologie als das Lebensprofil. Die Frage ist nicht \u201eElektro &#8211; ja oder nein?\u201c, sondern: Passt dieses System zu meinem Alltag?<\/p>\n<p>Ein rein innerst\u00e4dtischer Fahrer k\u00f6nnte theoretisch ideal wirken &#8211; kurze Strecken, wenig Verbrauch. Praktisch wirkt es jedoch paradox: F\u00fcr reine Stadtfahrten sind gro\u00dfe Batterien unn\u00f6tig, aber kleine Batterien erzeugen Reichweitensorgen, und schwere Batterien sind f\u00fcr den Zweck eigentlich \u00fcberdimensioniert. Damit wirkt das Elektroauto in der Stadt oft wie ein gro\u00dfes Werkzeug f\u00fcr eine kleine Aufgabe. Sinnvoller erscheint das Konzept dort, wo das Fahrprofil planbar ist:<\/p>\n<ul>\n<li>Pendler, die ihre t\u00e4gliche Strecke kennen<\/li>\n<li>Fahrten mit klaren Routinen<\/li>\n<li>Reichweite plus Reserve, die zuverl\u00e4ssig passt<\/li>\n<\/ul>\n<p>Wenn man wei\u00df, dass man mit der vorhandenen Reichweite sicher hinkommt, und wenn das Laden am Ziel oder zuhause gut organisiert ist, kann ein Elektroauto im Alltag sehr angenehm werden. Besonders dann, wenn eigener Strom verf\u00fcgbar ist &#8211; etwa \u00fcber Solar &#8211; wird das Konzept zus\u00e4tzlich attraktiver.<\/p>\n<h3>Wallbox, Hausanschluss, Alltag: Der Aufwand liegt oft beim Nutzer<\/h3>\n<p>Ein wichtiger Unterschied zum Verbrenner: Beim Elektroauto entsteht ein Teil der \u201eFahrzeugqualit\u00e4t\u201c nicht durch das Auto, sondern durch das Umfeld. Wer zuhause bequem laden will, braucht meist eine Wallbox &#8211; und damit beginnen Fragen, die viele untersch\u00e4tzen:<\/p>\n<ul>\n<li>Kann \u00fcberhaupt eine Wallbox installiert werden?<\/li>\n<li>Reicht die bestehende Hauselektrik?<\/li>\n<li>Muss der Hausanschluss angepasst werden?<\/li>\n<li>Wie sieht es in Mehrfamilienh\u00e4usern aus?<\/li>\n<li>Welche Kosten entstehen f\u00fcr Installation und Genehmigungen?<\/li>\n<\/ul>\n<p>Hier wird deutlich: Das Elektroauto ist nicht nur eine Kaufentscheidung, sondern h\u00e4ufig ein Infrastrukturprojekt. Und dieses Projekt ist je nach Wohnsituation leicht, schwierig oder praktisch unm\u00f6glich. Damit verschiebt sich die Verantwortung st\u00e4rker zum Nutzer: Wer reibungslos elektrisch fahren will, muss oft zuerst die Voraussetzungen schaffen.<\/p>\n<hr \/>\n<h3>Aktuelle Umfrage zur Digitalisierung im Alltag<\/h3>\n<div class='bootstrap-yop yop-poll-mc'>\n\t\t\t\t\t\t\t<div class=\"basic-yop-poll-container\" style=\"background-color:#ffffff; border:0px; border-style:solid; border-color:#000000; border-radius:5px; padding:0px 5px;\" data-id=\"2\" data-temp=\"basic-pretty\" data-skin=\"square\" data-cscheme=\"blue\" data-cap=\"0\" data-access=\"guest\" data-tid=\"\" data-uid=\"4672964ae04d6826bec81fab6437833e\" data-pid=\"4441\" data-resdet=\"votes-number,percentages\" data-show-results-to=\"guest\" data-show-results-moment=\"after-vote\" data-show-results-only=\"false\" data-show-message=\"true\" data-show-results-as=\"bar\" data-sort-results-by=\"as-defined\" data-sort-results-rule=\"asc\"data-is-ended=\"0\" data-percentages-decimals=\"2\" data-gdpr=\"no\" data-gdpr-sol=\"consent\" data-css=\"\" data-counter=\"0\" data-load-with=\"1\" data-notification-section=\"top\"><div class=\"row\"><div class=\"col-md-12\"><div class=\"basic-inner\"><div class=\"basic-message hide\" style=\"border-left: 10px solid #008000; padding: 0px 10px;\" data-error=\"#ff0000\" data-success=\"#008000\"><p class=\"basic-message-text\" style=\"color:#000000; font-size:14px; font-weight:normal;\"><\/p><\/div><div class=\"basic-overlay hide\"><div class=\"basic-vote-options\"><\/div><div class=\"basic-preloader\"><div class=\"basic-windows8\"><div class=\"basic-wBall basic-wBall_1\"><div class=\"basic-wInnerBall\"><\/div><\/div><div class=\"basic-wBall basic-wBall_2\"><div class=\"basic-wInnerBall\"><\/div><\/div><div class=\"basic-wBall basic-wBall_3\"><div class=\"basic-wInnerBall\"><\/div><\/div><div class=\"basic-wBall basic-wBall_4\"><div class=\"basic-wInnerBall\"><\/div><\/div><div class=\"basic-wBall basic-wBall_5\"><div class=\"basic-wInnerBall\"><\/div><\/div><\/div><\/div><\/div><form class=\"basic-form\"><input type=\"hidden\" name=\"_token\" value=\"c64dfa5962\" autocomplete=\"off\"><div class=\"basic-elements\"><div class=\"basic-element basic-question basic-question-text-vertical\" data-id=\"2\" data-uid=\"c9220d976ca74fe40e7414af006dd9db\" data-type=\"question\" data-question-type=\"text\" data-required=\"yes\" data-allow-multiple=\"no\" data-min=\"1\" data-max=\"1\" data-display=\"vertical\" data-colnum=\"\" data-display-others=\"no\" data-others-color=\"\" data-others=\"\" data-others-max-chars=\"0\"><div class=\"basic-question-title\"><h5 style=\"color:#000000; font-size:16px; font-weight:normal; text-align:left;\">Wie bewertest Du den Einfluss der Digitalisierung auf Deinen Alltag?<\/h5><\/div><ul class=\"basic-answers\"><li class=\"basic-answer\" style=\"padding:0px 0px;\" data-id=\"5\" data-type=\"text\" data-vn=\"17\" data-color=\"#000000\" data-make-link=\"no\" data-link=\"\"><div class=\"basic-answer-content basic-text-vertical\"><label for=\"answer[5]\" class=\"basic-answer-label\"><input type=\"radio\" id=\"answer[5]\" name=\"answer[2]\" value=\"5\"><span class=\"basic-text\" style=\"color: #000000; font-size: 14px; font-weight: normal;\">Sehr positiv \u2013 Ich profitiere t\u00e4glich davon<\/span><\/label><\/div><\/li><li class=\"basic-answer\" style=\"padding:0px 0px;\" data-id=\"6\" data-type=\"text\" data-vn=\"14\" data-color=\"#000000\" data-make-link=\"no\" data-link=\"\"><div class=\"basic-answer-content basic-text-vertical\"><label for=\"answer[6]\" class=\"basic-answer-label\"><input type=\"radio\" id=\"answer[6]\" name=\"answer[2]\" value=\"6\"><span class=\"basic-text\" style=\"color: #000000; font-size: 14px; font-weight: normal;\">Eher positiv \u2013 Einige Dinge sind einfacher geworden<\/span><\/label><\/div><\/li><li class=\"basic-answer\" style=\"padding:0px 0px;\" data-id=\"7\" data-type=\"text\" data-vn=\"36\" data-color=\"#000000\" data-make-link=\"no\" data-link=\"\"><div class=\"basic-answer-content basic-text-vertical\"><label for=\"answer[7]\" class=\"basic-answer-label\"><input type=\"radio\" id=\"answer[7]\" name=\"answer[2]\" value=\"7\"><span class=\"basic-text\" style=\"color: #000000; font-size: 14px; font-weight: normal;\">Gemischt \u2013 Es bringt Vorteile, aber auch Kontrollverlust<\/span><\/label><\/div><\/li><li class=\"basic-answer\" style=\"padding:0px 0px;\" data-id=\"8\" data-type=\"text\" data-vn=\"6\" data-color=\"#000000\" data-make-link=\"no\" data-link=\"\"><div class=\"basic-answer-content basic-text-vertical\"><label for=\"answer[8]\" class=\"basic-answer-label\"><input type=\"radio\" id=\"answer[8]\" name=\"answer[2]\" value=\"8\"><span class=\"basic-text\" style=\"color: #000000; font-size: 14px; font-weight: normal;\">Eher negativ \u2013 Ich f\u00fchle mich oft \u00fcberfordert oder beobachtet<\/span><\/label><\/div><\/li><li class=\"basic-answer\" style=\"padding:0px 0px;\" data-id=\"9\" data-type=\"text\" data-vn=\"10\" data-color=\"#000000\" data-make-link=\"no\" data-link=\"\"><div class=\"basic-answer-content basic-text-vertical\"><label for=\"answer[9]\" class=\"basic-answer-label\"><input type=\"radio\" id=\"answer[9]\" name=\"answer[2]\" value=\"9\"><span class=\"basic-text\" style=\"color: #000000; font-size: 14px; font-weight: normal;\">Sehr negativ \u2013 Ich lehne digitale Systeme weitgehend ab<\/span><\/label><\/div><\/li><\/ul><\/div><div class=\"clearfix\"><\/div><\/div><div class=\"basic-vote\"><a href=\"#\" class=\"button basic-vote-button\" role=\"button\" style=\"background:#027bb8; border:0px; border-style: solid; border-color:#000000; border-radius:5px; padding:10px 10px; color:#ffffff; font-size:14px; font-weight:normal;\">Abstimmen<\/a><\/div><\/form><\/div><\/div><\/div><\/div>\n\t\t\t\t\t\t<\/div>\n<hr \/>\n<h3>Lebensprofil statt Fahrprofil<\/h3>\n<p>Beim Hybrid entscheidet vor allem das Fahrprofil: Wie viele Kilometer pro Tag, wie oft Langstrecke, wie h\u00e4ufig Stadtverkehr. Beim reinen Elektroauto kommt eine zweite Ebene hinzu: das Lebensprofil.<\/p>\n<ul>\n<li>Wohnt man so, dass Laden zuhause unkompliziert ist?<\/li>\n<li>Hat man einen festen Stellplatz?<\/li>\n<li>Ist eine Wallbox realistisch?<\/li>\n<li>Gibt es zuverl\u00e4ssige Ladeoptionen am Arbeitsplatz oder in der N\u00e4he?<\/li>\n<li>Ist der Alltag planbar oder eher spontan?<\/li>\n<\/ul>\n<p>Je besser diese Punkte passen, desto logischer wird ein Elektroauto. Je schlechter sie passen, desto st\u00e4rker wird Elektromobilit\u00e4t zum Organisationsproblem &#8211; und genau das mindert die Akzeptanz.<\/p>\n<p>Reine Elektrofahrzeuge sind technisch faszinierend und k\u00f6nnen im passenden Rahmen sehr \u00fcberzeugend sein. Ihre Schw\u00e4che liegt weniger im Fahrzeug selbst als in den Voraussetzungen: Gewicht der Batterien, Abh\u00e4ngigkeit von Ladeleistung, Notwendigkeit passender Infrastruktur und der damit verbundene Aufwand.<\/p>\n<p>Das Elektroauto ist damit keine universelle L\u00f6sung, sondern eine L\u00f6sung f\u00fcr Menschen, deren Alltag das Konzept tr\u00e4gt. Und genau hier zeigt sich, warum die Diskussion oft am Kern vorbeil\u00e4uft: Nicht jeder lebt in Bedingungen, in denen Elektromobilit\u00e4t \u201eeinfach so\u201c funktioniert.<br \/>\nIm n\u00e4chsten Kapitel geht es deshalb um die praktische Ebene: konkrete Erfahrungen mit verschiedenen Fahrzeugen und warum gerade hybride L\u00f6sungen im Alltag oft die ruhigere, realistischere Variante sind.<\/p>\n<h3>Einordnung per Video: Antriebe verst\u00e4ndlich erkl\u00e4rt<\/h3>\n<p>Wer sich bei der Frage nach dem passenden Antrieb unsicher ist, findet in diesem Video von Auto, Motor und Sport eine sehr hilfreiche, sachliche Einordnung. Alexander Bloch erkl\u00e4rt verst\u00e4ndlich, wie Vollhybrid, Plug-in-Hybrid und reine Elektrofahrzeuge technisch funktionieren, wo ihre jeweiligen St\u00e4rken und Schw\u00e4chen liegen und f\u00fcr welche Fahrprofile sie sinnvoll sind.<\/p>\n<div class=\"lyte-wrapper\" style=\"width:640px;max-width:100%;margin:5px;\"><div class=\"lyMe\" id=\"WYL_rWX8MuXeLP8\"><div id=\"lyte_rWX8MuXeLP8\" data-src=\"https:\/\/www.markus-schall.de\/wp-content\/plugins\/wp-youtube-lyte\/lyteCache.php?origThumbUrl=%2F%2Fi.ytimg.com%2Fvi%2FrWX8MuXeLP8%2Fhqdefault.jpg\" class=\"pL\"><div class=\"tC\"><div class=\"tT\"><\/div><\/div><div class=\"play\"><\/div><div class=\"ctrl\"><div class=\"Lctrl\"><\/div><div class=\"Rctrl\"><\/div><\/div><\/div><noscript><a href=\"https:\/\/youtu.be\/rWX8MuXeLP8\" rel=\"nofollow noopener\" target=\"_blank\"><img loading=\"lazy\" decoding=\"async\" src=\"https:\/\/www.markus-schall.de\/wp-content\/plugins\/wp-youtube-lyte\/lyteCache.php?origThumbUrl=https%3A%2F%2Fi.ytimg.com%2Fvi%2FrWX8MuXeLP8%2F0.jpg\" alt=\"YouTube video thumbnail\" width=\"640\" height=\"340\" \/><br \/>Bekijk deze video op YouTube<\/a><\/noscript><\/div><\/div><div class=\"lL\" style=\"max-width:100%;width:640px;margin:5px;\"><\/div><br \/>\nVollhybrid, PHEV &amp; Elektro: Welcher Antrieb passt zu mir? | <a href=\"https:\/\/www.youtube.com\/@automotorundsport\" target=\"_blank\" rel=\"nofollow noopener\">auto motor &amp; sport<\/a><\/p>\n<h2>Fahr- \/Lebensprofile und geeignete Fahrzeuge im Vergleich<\/h2>\n<div style=\"overflow-x: auto;\">\n<table>\n<thead style=\"background-color: #f2f2f2;\">\n<tr>\n<th>Fahrprofil<\/th>\n<th>Geeignete Fahrzeugtypen und Hinweise<\/th>\n<\/tr>\n<\/thead>\n<tbody>\n<tr>\n<td><strong>\u00dcberwiegend Kurzstrecke in der Stadt (unter 40 km\/Tag)<\/strong><\/td>\n<td>Plug-in-Hybrid mit kleinem Akku oder Vollhybrid. Reines Elektroauto nur sinnvoll bei vorhandener Wallbox. Benziner m\u00f6glich, aber ineffizient im Kurzstreckenbetrieb.<\/td>\n<\/tr>\n<tr>\n<td><strong>Stadt + gelegentliche \u00dcberlandfahrten<\/strong><\/td>\n<td>Plug-in-Hybrid als sehr ausgewogene L\u00f6sung. Vollhybrid ebenfalls geeignet. Reines Elektroauto nur bei guter Ladeinfrastruktur. Benziner weiterhin problemlos nutzbar.<\/td>\n<\/tr>\n<tr>\n<td><strong>T\u00e4glicher Pendler (80-150 km\/Tag, gut planbar)<\/strong><\/td>\n<td>Plug-in-Hybrid mit gr\u00f6\u00dferer elektrischer Reichweite oder reines Elektroauto bei zuverl\u00e4ssiger Ladeoption zuhause oder am Arbeitsplatz. Diesel weiterhin sinnvoll.<\/td>\n<\/tr>\n<tr>\n<td><strong>Langstreckenfahrer (h\u00e4ufig Autobahn, &gt;20.000 km\/Jahr)<\/strong><\/td>\n<td>Diesel oder moderner Benziner. Plug-in-Hybrid nur bedingt sinnvoll, da Zusatzgewicht kaum Vorteile bringt. Reines Elektroauto nur mit sehr guter Schnellladeinfrastruktur.<\/td>\n<\/tr>\n<tr>\n<td><strong>Unregelm\u00e4\u00dfiges Fahrprofil, wechselnde Strecken<\/strong><\/td>\n<td>Plug-in-Hybrid oder klassischer Benziner. Elektroauto kann organisatorisch aufwendig werden. Flexibilit\u00e4t ist hier wichtiger als maximale Effizienz.<\/td>\n<\/tr>\n<tr>\n<td><strong>Fahrzeug wird haupts\u00e4chlich f\u00fcr kurze Alltagsfahrten genutzt<\/strong><\/td>\n<td>Vollhybrid oder Plug-in-Hybrid mit kleiner Batterie. Reines Elektroauto oft \u00fcberdimensioniert wegen Batteriegewicht. Benziner technisch machbar, aber wenig effizient.<\/td>\n<\/tr>\n<tr>\n<td><strong>Eigenheim mit Wallbox und ggf. Photovoltaik<\/strong><\/td>\n<td>Reines Elektroauto oder Plug-in-Hybrid sehr sinnvoll. Hohe Alltagstauglichkeit durch eigenes Laden. Fahrzeugwahl h\u00e4ngt st\u00e4rker vom Fahrprofil als von Infrastruktur ab.<\/td>\n<\/tr>\n<tr>\n<td><strong>Mietwohnung ohne feste Ladem\u00f6glichkeit<\/strong><\/td>\n<td>Benziner, Diesel oder Vollhybrid. Plug-in-Hybrid nur eingeschr\u00e4nkt sinnvoll. Reines Elektroauto meist unpraktisch wegen Ladeabh\u00e4ngigkeit.<\/td>\n<\/tr>\n<tr>\n<td><strong>Fahrspa\u00df-orientierter Fahrer mit moderatem Verbrauchswunsch<\/strong><\/td>\n<td>Plug-in-Hybrid mit elektrischem Zusatzmoment bietet sp\u00fcrbaren Fahrspa\u00df bei reduziertem Verbrauch. Moderner Benziner ebenfalls geeignet.<\/td>\n<\/tr>\n<tr>\n<td><strong>Maximale Einfachheit, kein Organisationsaufwand gew\u00fcnscht<\/strong><\/td>\n<td>Klassischer Benziner oder Diesel. Keine Ladeplanung, keine Infrastrukturabh\u00e4ngigkeit. Elektromobilit\u00e4t hier oft mit zus\u00e4tzlichem Aufwand verbunden.<\/td>\n<\/tr>\n<\/tbody>\n<\/table>\n<\/div>\n<h2>Eigene Erfahrungen: Was in meinem Alltag tr\u00e4gt &#8211; und was nicht<\/h2>\n<p>Ein wichtiger Teil der eigenen Erfahrungen mit Elektromobilit\u00e4t beginnt bei mir nicht beim Auto, sondern beim Elektroroller. Konkret handelt es sich um einen 50er-Roller mit elektrischen Antrieb, optisch angelehnt an einen klassischen 125er-Roller. Die H\u00f6chstgeschwindigkeit liegt bei rund 50 km\/h, die reale Reichweite bei konsequenter Vollgasfahrt bei etwa 35 bis 40 Kilometern.<\/p>\n<p>Im Alltag ist das zun\u00e4chst \u00fcberzeugend: leise, unkompliziert, kein Tanken, Laden an der Steckdose. F\u00fcr kurze Strecken in der Stadt reicht die Reichweite vollkommen aus. Gleichzeitig zeigt sich hier sehr deutlich eine Schattenseite elektrischer Zweiradmobilit\u00e4t: das Sicherheitsrisiko. Mit einem Elektroroller ist man vergleichsweise schnell unterwegs, hat aber:<\/p>\n<ul>\n<li>wenig Schutz<\/li>\n<li>langen Bremsweg<\/li>\n<li>hohe Verletzlichkeit im Stra\u00dfenverkehr<\/li>\n<\/ul>\n<p>Das zwingt zu einer sehr defensiven Fahrweise. Wer elektrisch Roller f\u00e4hrt, muss sich permanent bewusst sein, dass Fahrspa\u00df und Leichtigkeit mit einem realen Risiko einhergehen. Elektromobilit\u00e4t macht den Roller nicht gef\u00e4hrlicher &#8211; aber sie verf\u00fchrt dazu, die Gefahren zu untersch\u00e4tzen.<\/p>\n<h3>Der Einstieg in den Plug-in-Hybrid: Ford Kuga Plug-in-Hybrid<\/h3>\n<p>Der erste Plug-in-Hybrid war ein Ford Kuga Plug-in-Hybrid. Grunds\u00e4tzlich ein solides Fahrzeug, komfortabel, ruhig, mit ordentlicher elektrischer Reichweite auf dem Papier. In der Praxis zeigt sich jedoch sehr deutlich, wie stark der tats\u00e4chliche Verbrauch vom Fahrprofil und der Ladeinfrastruktur abh\u00e4ngt.<\/p>\n<p>Ein Vergleich macht das gut sichtbar: Bei \u00fcberwiegend innerst\u00e4dtischer Nutzung und konsequentem Laden sind Verbr\u00e4uche von unter 3 Litern m\u00f6glich. Bei l\u00e4ngeren Strecken und seltenerem Laden steigt der Durchschnittsverbrauch deutlich &#8211; in der Praxis auf rund 5,5 bis 6 Liter.<\/p>\n<p>Der entscheidende Punkt ist dabei nicht das Fahrzeug, sondern die Umgebung. Wer regelm\u00e4\u00dfig laden kann, profitiert. Wer keine Ladem\u00f6glichkeit am Wohnort oder beim Partner hat, ist wieder auf den Verbrenner angewiesen &#8211; und verliert damit einen Gro\u00dfteil des Hybrid-Vorteils. Gerade in Mehrfamilienh\u00e4usern oder bei Wohnungen ohne festen Stellplatz wird das schnell zum praktischen Problem.<\/p>\n<h3>Laden entscheidet &#8211; nicht die Technik<\/h3>\n<p>An dieser Stelle zeigt sich ein Grundproblem vieler Plug-in-Hybride: Die Technik funktioniert, wenn sie genutzt werden kann. Fehlt die M\u00f6glichkeit zu laden, wird der Hybrid faktisch zum schweren Benziner mit zus\u00e4tzlichem Ballast.<\/p>\n<p>Das ist kein technisches Versagen, sondern eine Frage der Lebensrealit\u00e4t. Elektromobilit\u00e4t &#8211; auch im Hybrid &#8211; ist immer ein Zusammenspiel aus Fahrzeug, Nutzung und Infrastruktur. Fehlt einer dieser Faktoren, kippt das Konzept.<\/p>\n<h3>Der Wechsel zu einem kompakteren Hybrid: BMW 225xe<\/h3>\n<p>Nach dem Leasing des Kuga fiel die Entscheidung auf einen BMW 225xe. Der Unterschied ist sp\u00fcrbar &#8211; und aufschlussreich. Der BMW ist rund 200 Kilogramm leichter, niedriger gebaut und aerodynamisch g\u00fcnstiger. Das Ergebnis ist ein deutlich agileres Fahrgef\u00fchl.<\/p>\n<p>Obwohl der Akku deutlich kleiner ist, wirkt das Fahrzeug im Alltag effizienter. W\u00e4hrend der Kuga oft hohe elektrische Reichweiten anzeigt, diese aber in der Praxis oftmals nicht erreicht, ist der BMW zur\u00fcckhaltender &#8211; zeigt weniger an, liefert diese Reichweite dann aber auch zuverl\u00e4ssig. Das schafft Vertrauen und macht die Planung einfacher.<\/p>\n<p><img loading=\"lazy\" decoding=\"async\" class=\"alignnone wp-image-4262 size-large\" src=\"https:\/\/www.markus-schall.de\/wp-content\/uploads\/BMW-225xe-PHEV.jpg\" alt=\"BMW 225xe Plugin-Hybrid\" width=\"1024\" height=\"683\" srcset=\"https:\/\/www.markus-schall.de\/wp-content\/uploads\/BMW-225xe-PHEV.jpg 1536w, https:\/\/www.markus-schall.de\/wp-content\/uploads\/BMW-225xe-PHEV-300x200.jpg 300w, https:\/\/www.markus-schall.de\/wp-content\/uploads\/BMW-225xe-PHEV-1024x683.jpg 1024w, https:\/\/www.markus-schall.de\/wp-content\/uploads\/BMW-225xe-PHEV-768x512.jpg 768w, https:\/\/www.markus-schall.de\/wp-content\/uploads\/BMW-225xe-PHEV-18x12.jpg 18w\" sizes=\"auto, (max-width: 1024px) 100vw, 1024px\" \/><\/p>\n<p>Insgesamt wirkt der BMW sparsamer, nicht wegen eines gr\u00f6\u00dferen Akkus, sondern wegen:<\/p>\n<ul>\n<li>geringerem Gewicht<\/li>\n<li>besserem Luftwiderstand<\/li>\n<li>kompakterem Fahrzeugkonzept<\/li>\n<\/ul>\n<p>Gerade hier wird deutlich, dass Effizienz nicht durch Maximierung entsteht, sondern durch Ausgewogenheit.<\/p>\n<p>Die positive Erfahrung mit dem Plug-in-Hybrid h\u00e4ngt stark mit dem eigenen Fahrprofil zusammen. Kurze Strecken in der Stadt, keine regelm\u00e4\u00dfigen Langstrecken, zuverl\u00e4ssige Ladem\u00f6glichkeit am Wohnort &#8211; unter diesen Bedingungen funktioniert das Konzept sehr gut.<\/p>\n<p>W\u00e4re das Fahrprofil anders, s\u00e4he die Bewertung vermutlich ebenfalls anders aus. Genau darin liegt der Kern der ganzen Diskussion: Es gibt keine pauschal richtige Antriebsform. Es gibt nur passende oder unpassende L\u00f6sungen.<\/p>\n<h3>Konventionelle Fahrzeuge: zuverl\u00e4ssig, unspektakul\u00e4r, berechenbar<\/h3>\n<p>Vor der elektrischen und hybriden Phase standen \u00fcber viele Jahre hinweg ganz klassische Fahrzeuge. \u00dcberwiegend Benziner, dazu zwei Diesel &#8211; einmal als Vierzylinder, einmal als Sechszylinder. Technisch solide, zuverl\u00e4ssig, ohne besondere Auff\u00e4lligkeiten. Sie haben genau das getan, was man von ihnen erwartet: fahren, funktionieren, ihren Dienst verrichten. Weder besonders aufregend noch problematisch.<\/p>\n<p>Im Verbrauch lagen diese Fahrzeuge &#8211; je nach Motorisierung und Nutzung &#8211; meist zwischen 7,5 und 8,5 Litern. Das ist kein Ausrei\u00dfer, sondern ein realistischer Durchschnitt f\u00fcr konventionelle Fahrzeuge dieser Klasse. Wartung, Tanken, Reichweite &#8211; alles bekannt, alles berechenbar. In dieser Hinsicht hatten Verbrenner lange Zeit einen klaren Vorteil: Man musste sich um nichts k\u00fcmmern, au\u00dfer regelm\u00e4\u00dfig zur Tankstelle zu fahren.<\/p>\n<h3>Fahrgef\u00fchl fr\u00fcher: gut, aber technisch ausgereizt<\/h3>\n<p>Auch beim Fahrspa\u00df waren diese Fahrzeuge keineswegs schlecht. Ein moderner Benziner mit Turbo liefert ausreichend Leistung, f\u00e4hrt souver\u00e4n und macht auf der Landstra\u00dfe oder Autobahn durchaus Freude. Ein Beispiel daf\u00fcr ist ein klassischer Mittelklasse-BMW als reiner Benziner, der trotz Turboaufladung noch vollst\u00e4ndig ohne elektrisches Bordnetz auskam. Das Auto war agil, direkt und in seiner Zeit absolut \u00fcberzeugend.<\/p>\n<p>Gleichzeitig zeigte sich hier bereits eine Grenze der klassischen Technik. Mehr Leistung bedeutete mehr Verbrauch, mehr Gewicht, mehr Emissionen. Die Entwicklung bewegte sich zunehmend in kleinen Optimierungsschritten &#8211; effizienter, sauberer, aber ohne echten qualitativen Sprung im Fahrgef\u00fchl. Genau an diesem Punkt begann elektrische Unterst\u00fctzung interessant zu werden.<\/p>\n<h3>Der Vergleich: Warum sich Hybrid im Alltag sp\u00fcrbar unterscheidet<\/h3>\n<p>Der Wechsel vom reinen Verbrenner zum Plug-in-Hybrid macht den Unterschied deutlich. Bei vergleichbarem Fahrprofil sinkt der durchschnittliche Verbrauch von rund acht Litern auf etwa f\u00fcnf Liter. Das bedeutet eine reale Ersparnis von ungef\u00e4hr drei Litern pro 100 Kilometer &#8211; ohne Verzicht, ohne Einschr\u00e4nkung, sondern bei gleichzeitig gesteigertem Komfort.<\/p>\n<p>Hinzu kommt ein sp\u00fcrbarer Gewinn beim Fahrgef\u00fchl. Gerade kompakte Plug-in-Hybride profitieren vom Elektromotor beim Anfahren und Beschleunigen. Das zus\u00e4tzliche Drehmoment sorgt f\u00fcr mehr Direktheit, mehr Punch und ein insgesamt souver\u00e4neres Fahrverhalten. Im direkten Vergleich wirkt ein moderner Plug-in-Hybrid lebendiger als ein klassischer Benziner &#8211; selbst dann, wenn dieser leistungsstark motorisiert ist.<\/p>\n<p>Damit wird der Unterschied greifbar: W\u00e4hrend konventionelle Fahrzeuge zuverl\u00e4ssig ihren Zweck erf\u00fcllen, erweitern Hybridfahrzeuge den Handlungsspielraum. Sie sparen Kraftstoff, steigern den Fahrkomfort und bieten ein moderneres Fahrerlebnis &#8211; vorausgesetzt, Fahrprofil und Infrastruktur passen. Genau deshalb stellt der Hybrid f\u00fcr viele derzeit die logischste Weiterentwicklung dar.<\/p>\n<h3>Vertiefung: Elektromobilit\u00e4t, Klimaschutz und der Einfluss von Interessen<\/h3>\n<p>In diesem <a href=\"https:\/\/www.markus-schall.de\/2026\/02\/klimaschutz-mit-tunnelblick-elektromobilitaet-lobbyarbeit-und-die-verdraengten-kosten\/\"><strong>weiterf\u00fchrenden Artikel<\/strong><\/a> gehe ich einen Schritt tiefer und verlasse bewusst die reine Technikbetrachtung. Es geht um Elektromobilit\u00e4t im Gesamtsystem: um Lebenszyklus-Rechnungen, Strommix, Infrastruktur, industriepolitische Folgen &#8211; und um die Rolle von Lobbyarbeit bei politischen Entscheidungen. Der Fokus liegt nicht auf Zuspitzung, sondern auf Einordnung. Warum wurde Elektromobilit\u00e4t so massiv gef\u00f6rdert? Welche Annahmen lagen zugrunde, und welche Nebenwirkungen wurden dabei ausgeblendet? Der Artikel richtet sich an Leser, die hinter Schlagworte schauen wollen und Klimaschutz nicht als Glaubensfrage, sondern als n\u00fcchterne Systemaufgabe verstehen.<\/p>\n<h2>Ein pers\u00f6nliches Fazit zur Elektromobilit\u00e4t<\/h2>\n<p>Meine bisherigen Erfahrungen zeigen ein klares Bild: Elektromobilit\u00e4t funktioniert dort gut, wo sie realistisch eingesetzt wird. Kleine elektrische Fahrzeuge sind sinnvoll, solange man ihre Grenzen kennt. Plug-in-Hybride k\u00f6nnen im Alltag sehr effizient sein &#8211; wenn Fahrprofil und Infrastruktur stimmen. Reine Elektroautos ben\u00f6tigen noch st\u00e4rkere \u00e4u\u00dfere Voraussetzungen.<\/p>\n<p>Am Ende entscheidet weder Marketing noch Ideologie, sondern der konkrete Alltag. Wer sich daran orientiert, trifft meist die bessere Entscheidung &#8211; unabh\u00e4ngig davon, ob sie elektrisch, hybrid oder klassisch ausf\u00e4llt.<\/p>\n<h3>Eigene Erfahrungen willkommen<\/h3>\n<p>Elektromobilit\u00e4t ist kein theoretisches Konstrukt, sondern etwas, das sich im Alltag sehr unterschiedlich anf\u00fchlt. Fahrprofile, Wohnsituation und pers\u00f6nliche Priorit\u00e4ten spielen eine gro\u00dfe Rolle. Wer eigene Erfahrungen mit Elektroautos, Hybridfahrzeugen, Elektrorollern oder anderen elektrischen Mobilit\u00e4tsformen gemacht hat, ist eingeladen, diese gern in den <strong><a href=\"https:\/\/www.markus-schall.de\/2026\/01\/elektroauto-hybrid-und-e-roller-eine-realistische-betrachtung-jenseits-der-ideologie\/#respond\">Kommentaren<\/a><\/strong> zu teilen.<\/p>\n<p>Sachliche Berichte aus der Praxis helfen mehr als jede Werbebrosch\u00fcre &#8211; und tragen dazu bei, das Thema differenziert und realistisch zu betrachten.<\/p>\n<hr \/>\n\n\t\t\t<div class=\"display-post-types\">\n\n\t\t\t\t\t\t\t<style type=\"text\/css\">\n\t\t\t#dpt-wrapper-84 { --dpt-text-align: left;--dpt-image-crop: center;--dpt-border-radius: 5px;--dpt-h-gutter: 10px;--dpt-v-gutter: 9px; }\t\t\t<\/style>\n\t\t\t<style type=\"text\/css\">#dpt-wrapper-84 { --dpt-title-font-style:normal;--dpt-title-font-weight:600;--dpt-title-line-height:1.5;--dpt-title-text-decoration:none;--dpt-title-text-transform:none;--dpt-excerpt-font-style:normal;--dpt-excerpt-font-weight:400;--dpt-excerpt-line-height:1.5;--dpt-excerpt-text-decoration:none;--dpt-excerpt-text-transform:none;--dpt-meta1-font-style:normal;--dpt-meta1-font-weight:400;--dpt-meta1-line-height:1.9;--dpt-meta1-text-decoration:none;--dpt-meta1-text-transform:none;--dpt-meta2-font-style:normal;--dpt-meta2-font-weight:400;--dpt-meta2-line-height:1.9;--dpt-meta2-text-decoration:none;--dpt-meta2-text-transform:none; }<\/style><div class=\" dpt-main-header\">\n\t\t\t\t\t\t<div class=\"dpt-main-title\">\n\t\t\t\t\t\t\t<span class=\"dpt-main-title-text\">Aktuelle Beitr\u00e4ge zu Kunst &amp; Kultur<\/span>\n\t\t\t\t\t\t<\/div>\n\t\t\t\t\t\t\n\t\t\t\t\t\t\n\t\t\t\t\t\t\n\t\t\t\t\t\t<\/div>\t\t\t\n\t\t\t\t<div id=\"dpt-wrapper-84\" class=\"dpt-wrapper dpt-mag1 land1 dpt-cropped dpt-flex-wrap\" >\n\n\t\t\t\t\t\t\t\t\t\t\t<div class=\"dpt-entry has-thumbnail\" data-title=\"vicco von b\u00fclow alias loriot &#8211; ordnung, form und der leise widerstand des humors\" data-id=\"4169\"  data-category=\"allgemein gesellschaft kunst &amp; kultur stories &amp; humor\" data-post_tag=\"deutschland erfahrungen pers\u00f6nlichkeitsentwicklung portrait\">\n\t\t\t\t\t\t\t<div class=\"dpt-entry-wrapper\"><div class=\" dpt-featured-content\"><div class=\" dpt-permalink\"><a href=\"https:\/\/www.markus-schall.de\/nl\/2025\/12\/vicco-von-buelow-alias-loriot-ordnung-form-und-der-leise-widerstand-des-humors\/\" class=\"dpt-permalink\"><span class=\"screen-reader-text\">Vicco von B\u00fclow alias Loriot &#8211; Ordnung, Form und der leise Widerstand des Humors<\/span><\/a><\/div><div class=\" dpt-thumbnail\"><div class=\"dpt-thumbnail-inner\"><img width=\"1024\" height=\"747\" class=\"attachment-full size-full\" alt=\"\" context=\"dpt\" data-dpt-src=\"https:\/\/www.markus-schall.de\/wp-content\/uploads\/Loriot-Titel.jpg\" data-dpt-sizes=\"(max-width: 1024px) 100vw, 1024px\" data-dpt-srcset=\"https:\/\/www.markus-schall.de\/wp-content\/uploads\/Loriot-Titel.jpg 1024w, https:\/\/www.markus-schall.de\/wp-content\/uploads\/Loriot-Titel-300x219.jpg 300w, https:\/\/www.markus-schall.de\/wp-content\/uploads\/Loriot-Titel-768x560.jpg 768w, https:\/\/www.markus-schall.de\/wp-content\/uploads\/Loriot-Titel-16x12.jpg 16w\" \/><\/div><span class=\"dpt-thumbnail-aspect-ratio\" style=\"padding-top: 75%\"><\/span><\/div><\/div><div class=\" sub-entry\"><h3 class=\" dpt-title\"><a class=\"dpt-title-link\" href=\"https:\/\/www.markus-schall.de\/nl\/2025\/12\/vicco-von-buelow-alias-loriot-ordnung-form-und-der-leise-widerstand-des-humors\/\" rel=\"bookmark\">Vicco von B\u00fclow alias Loriot &#8211; Ordnung, Form und der leise Widerstand des Humors<\/a><\/h3><\/div><\/div>\n\t\t\t\t\t\t<\/div><!-- .dpt-entry -->\n\t\t\t\t\t\t\t\t\t\t\t\t<div class=\"dpt-entry has-thumbnail\" data-title=\"spieltheorie erkl\u00e4rt 25 jahre geopolitik: wie europa seine strategische rolle verlor\" data-id=\"3850\"  data-category=\"allgemein gesellschaft kunst &amp; kultur\" data-post_tag=\"denkmodelle deutschland energiepolitik eu-gesetze europa geopolitik krisen sicherheitspolitik spieltheorie\">\n\t\t\t\t\t\t\t<div class=\"dpt-entry-wrapper\"><div class=\" dpt-featured-content\"><div class=\" dpt-permalink\"><a href=\"https:\/\/www.markus-schall.de\/nl\/2025\/12\/spieltheorie-erklaert-25-jahre-geopolitik-wie-europa-seine-strategische-rolle-verlor\/\" class=\"dpt-permalink\"><span class=\"screen-reader-text\">Spieltheorie erkl\u00e4rt 25 Jahre Geopolitik: Wie Europa seine strategische Rolle verlor<\/span><\/a><\/div><div class=\" dpt-thumbnail\"><div class=\"dpt-thumbnail-inner\"><img width=\"1024\" height=\"765\" class=\"attachment-full size-full\" alt=\"Spieltheorie erkl\u00e4rt 25 Jahre Geopolitik\" context=\"dpt\" data-dpt-src=\"https:\/\/www.markus-schall.de\/wp-content\/uploads\/europa-russland-spieltheorie.jpg\" data-dpt-sizes=\"(max-width: 1024px) 100vw, 1024px\" data-dpt-srcset=\"https:\/\/www.markus-schall.de\/wp-content\/uploads\/europa-russland-spieltheorie.jpg 1024w, https:\/\/www.markus-schall.de\/wp-content\/uploads\/europa-russland-spieltheorie-300x224.jpg 300w, https:\/\/www.markus-schall.de\/wp-content\/uploads\/europa-russland-spieltheorie-768x574.jpg 768w, https:\/\/www.markus-schall.de\/wp-content\/uploads\/europa-russland-spieltheorie-16x12.jpg 16w\" \/><\/div><span class=\"dpt-thumbnail-aspect-ratio\" style=\"padding-top: 75%\"><\/span><\/div><\/div><div class=\" sub-entry\"><h3 class=\" dpt-title\"><a class=\"dpt-title-link\" href=\"https:\/\/www.markus-schall.de\/nl\/2025\/12\/spieltheorie-erklaert-25-jahre-geopolitik-wie-europa-seine-strategische-rolle-verlor\/\" rel=\"bookmark\">Spieltheorie erkl\u00e4rt 25 Jahre Geopolitik: Wie Europa seine strategische Rolle verlor<\/a><\/h3><\/div><\/div>\n\t\t\t\t\t\t<\/div><!-- .dpt-entry -->\n\t\t\t\t\t\t\t\t\t\t\t\t<div class=\"dpt-entry has-thumbnail\" data-title=\"jan-josef liefers: ein portr\u00e4t \u00fcber haltung, herkunft und k\u00fcnstlerische freiheit\" data-id=\"3854\"  data-category=\"allgemein gesellschaft kunst &amp; kultur\" data-post_tag=\"deutschland erfahrungen krisen lernen meinungsfreiheit musik pers\u00f6nlichkeitsentwicklung portrait\">\n\t\t\t\t\t\t\t<div class=\"dpt-entry-wrapper\"><div class=\" dpt-featured-content\"><div class=\" dpt-permalink\"><a href=\"https:\/\/www.markus-schall.de\/nl\/2025\/12\/jan-josef-liefers-ein-portraet-ueber-haltung-herkunft-und-kuenstlerische-freiheit\/\" class=\"dpt-permalink\"><span class=\"screen-reader-text\">Jan-Josef Liefers: Ein Portr\u00e4t \u00fcber Haltung, Herkunft und k\u00fcnstlerische Freiheit<\/span><\/a><\/div><div class=\" dpt-thumbnail\"><div class=\"dpt-thumbnail-inner\"><img width=\"1024\" height=\"683\" class=\"attachment-full size-full\" alt=\"Jan-Josef Liefers\" context=\"dpt\" data-dpt-src=\"https:\/\/www.markus-schall.de\/wp-content\/uploads\/jan-josef-liefers-silhouette.jpg\" data-dpt-sizes=\"(max-width: 1024px) 100vw, 1024px\" data-dpt-srcset=\"https:\/\/www.markus-schall.de\/wp-content\/uploads\/jan-josef-liefers-silhouette.jpg 1024w, https:\/\/www.markus-schall.de\/wp-content\/uploads\/jan-josef-liefers-silhouette-300x200.jpg 300w, https:\/\/www.markus-schall.de\/wp-content\/uploads\/jan-josef-liefers-silhouette-768x512.jpg 768w, https:\/\/www.markus-schall.de\/wp-content\/uploads\/jan-josef-liefers-silhouette-18x12.jpg 18w\" \/><\/div><span class=\"dpt-thumbnail-aspect-ratio\" style=\"padding-top: 75%\"><\/span><\/div><\/div><div class=\" sub-entry\"><h3 class=\" dpt-title\"><a class=\"dpt-title-link\" href=\"https:\/\/www.markus-schall.de\/nl\/2025\/12\/jan-josef-liefers-ein-portraet-ueber-haltung-herkunft-und-kuenstlerische-freiheit\/\" rel=\"bookmark\">Jan-Josef Liefers: Ein Portr\u00e4t \u00fcber Haltung, Herkunft und k\u00fcnstlerische Freiheit<\/a><\/h3><\/div><\/div>\n\t\t\t\t\t\t<\/div><!-- .dpt-entry -->\n\t\t\t\t\t\t\t\t\t\t\t\t<div class=\"dpt-entry has-thumbnail\" data-title=\"cancel culture im westen: sport, universit\u00e4ten, milit\u00e4r und eu-sanktionen analysiert\" data-id=\"5009\"  data-category=\"allgemein gesellschaft kunst &amp; kultur\" data-post_tag=\"denkmodelle deutschland europa geopolitik krisen meinungsfreiheit sicherheitspolitik spieltheorie\">\n\t\t\t\t\t\t\t<div class=\"dpt-entry-wrapper\"><div class=\" dpt-featured-content\"><div class=\" dpt-permalink\"><a href=\"https:\/\/www.markus-schall.de\/nl\/2026\/02\/cancel-culture-im-westen-sport-universitaeten-militaer-und-eu-sanktionen-analysiert\/\" class=\"dpt-permalink\"><span class=\"screen-reader-text\">Cancel Culture im Westen: Sport, Universit\u00e4ten, Milit\u00e4r und EU-Sanktionen analysiert<\/span><\/a><\/div><div class=\" dpt-thumbnail\"><div class=\"dpt-thumbnail-inner\"><img width=\"1024\" height=\"683\" class=\"attachment-full size-full\" alt=\"Cancel Culture im Westen\" context=\"dpt\" data-dpt-src=\"https:\/\/www.markus-schall.de\/wp-content\/uploads\/Cancel-Culture-Westen.jpg\" data-dpt-sizes=\"(max-width: 1024px) 100vw, 1024px\" data-dpt-srcset=\"https:\/\/www.markus-schall.de\/wp-content\/uploads\/Cancel-Culture-Westen.jpg 1024w, https:\/\/www.markus-schall.de\/wp-content\/uploads\/Cancel-Culture-Westen-300x200.jpg 300w, https:\/\/www.markus-schall.de\/wp-content\/uploads\/Cancel-Culture-Westen-768x512.jpg 768w, https:\/\/www.markus-schall.de\/wp-content\/uploads\/Cancel-Culture-Westen-18x12.jpg 18w\" \/><\/div><span class=\"dpt-thumbnail-aspect-ratio\" style=\"padding-top: 75%\"><\/span><\/div><\/div><div class=\" sub-entry\"><h3 class=\" dpt-title\"><a class=\"dpt-title-link\" href=\"https:\/\/www.markus-schall.de\/nl\/2026\/02\/cancel-culture-im-westen-sport-universitaeten-militaer-und-eu-sanktionen-analysiert\/\" rel=\"bookmark\">Cancel Culture im Westen: Sport, Universit\u00e4ten, Milit\u00e4r und EU-Sanktionen analysiert<\/a><\/h3><\/div><\/div>\n\t\t\t\t\t\t<\/div><!-- .dpt-entry -->\n\t\t\t\t\t\t\n\t\t\t\t<\/div>\n\t\t\t\t\t\t<\/div>\n\t\t\t\n<hr \/>\n<h2>H\u00e4ufig gestellte Fragen<\/h2>\n<ol>\n<li><strong>Was versteht man heute eigentlich unter Elektromobilit\u00e4t?<\/strong><br \/>\nElektromobilit\u00e4t umfasst weit mehr als nur das Elektroauto. Dazu geh\u00f6ren E-Scooter, Elektroroller, Hybridfahrzeuge in verschiedenen Auspr\u00e4gungen sowie reine Elektrofahrzeuge. Entscheidend ist nicht der Antrieb allein, sondern der konkrete Einsatzzweck. Elektromobilit\u00e4t ist kein einheitliches Konzept, sondern ein Sammelbegriff f\u00fcr sehr unterschiedliche L\u00f6sungen, die jeweils eigene St\u00e4rken und Schw\u00e4chen haben.<\/li>\n<li><strong>Warum beginnt Elektromobilit\u00e4t nicht beim Auto?<\/strong><br \/>\nWeil die grundlegenden Vorteile elektrischer Antriebe &#8211; leiser Betrieb, einfache Technik, geringe Wartung &#8211; bei kleinen Fahrzeugen zuerst und am klarsten sichtbar werden. E-Scooter und Elektroroller zeigen sehr fr\u00fch, wo Elektromobilit\u00e4t sinnvoll funktioniert, ohne hohe Reichweiten, gro\u00dfe Batterien oder komplexe Infrastruktur zu ben\u00f6tigen.<\/li>\n<li><strong>Sind E-Scooter eine echte Mobilit\u00e4tsl\u00f6sung?<\/strong><br \/>\nE-Scooter sind vor allem ein Erg\u00e4nzungswerkzeug. Sie k\u00f6nnen kurze Wege \u00fcberbr\u00fccken, ersetzen aber kein vollwertiges Verkehrsmittel. Ihre St\u00e4rken liegen in der spontanen Nutzung, ihre Schw\u00e4chen in Sicherheit, Stabilit\u00e4t und Integration in den Verkehrsraum. Sie sind praktisch, aber kein nachhaltiger Ersatz f\u00fcr andere Mobilit\u00e4tsformen.<\/li>\n<li><strong>Warum funktionieren Elektroroller im Alltag oft besser als E-Scooter?<\/strong><br \/>\nElektroroller sind stabiler, planbarer und klarer positioniert. Ihre Reichweite passt zum Einsatzzweck, sie lassen sich einfach laden und erfordern keine komplizierte Infrastruktur. Die Erwartungen an sie sind realistisch, wodurch Anspruch und Alltag gut zusammenpassen.<\/li>\n<li><strong>Was unterscheidet Hybridfahrzeuge grunds\u00e4tzlich von reinen Elektroautos?<\/strong><br \/>\nHybridfahrzeuge kombinieren zwei Antriebssysteme und sind dadurch weniger abh\u00e4ngig von Ladeinfrastruktur. Sie erm\u00f6glichen elektrisches Fahren im Alltag und behalten gleichzeitig die Reichweite des Verbrenners. Reine Elektroautos setzen hingegen vollst\u00e4ndig auf elektrische Energie und ben\u00f6tigen entsprechend passende Rahmenbedingungen.<\/li>\n<li><strong>Welche Arten von Hybridantrieben gibt es?<\/strong><br \/>\nMan unterscheidet vor allem Mild-Hybride, Vollhybride und Plug-in-Hybride. Sie unterscheiden sich darin, ob und wie lange rein elektrisches Fahren m\u00f6glich ist und ob extern geladen werden kann. Diese Unterschiede sind entscheidend f\u00fcr den tats\u00e4chlichen Nutzen im Alltag.<\/li>\n<li><strong>Warum sind Plug-in-Hybride oft missverstanden?<\/strong><br \/>\nWeil sie stark vom Nutzungsverhalten abh\u00e4ngen. Wer regelm\u00e4\u00dfig l\u00e4dt, profitiert erheblich. Wer nicht l\u00e4dt, f\u00e4hrt im Grunde einen schweren Benziner. Das Fahrzeug selbst ist selten das Problem &#8211; entscheidend sind Fahrprofil und Infrastruktur.<\/li>\n<li><strong>Warum ist ein kleiner Plug-in-Hybrid oft sinnvoller als ein gro\u00dfes SUV?<\/strong><br \/>\nKompakte Fahrzeuge sind leichter, effizienter und verbrauchen weniger Energie. Gro\u00dfe Plug-in-SUVs kombinieren hohen Ressourcenverbrauch mit zus\u00e4tzlichem Batteriegewicht und verlieren damit viele Vorteile des Hybridkonzepts. Effizienz entsteht durch Ausgewogenheit, nicht durch Maximierung.<\/li>\n<li><strong>Welche Rolle spielt das Fahrzeuggewicht bei Elektromobilit\u00e4t?<\/strong><br \/>\nDas Gewicht beeinflusst Verbrauch, Fahrdynamik, Verschlei\u00df und Effizienz. Gr\u00f6\u00dfere Batterien erh\u00f6hen die Reichweite, aber auch das Gewicht erheblich. Dieser Zusammenhang wird h\u00e4ufig untersch\u00e4tzt, ist aber zentral f\u00fcr die Bewertung elektrischer Fahrzeuge.<\/li>\n<li><strong>Warum sind moderne Benziner heute oft spritziger als fr\u00fcher?<\/strong><br \/>\nViele Benziner verf\u00fcgen mittlerweile \u00fcber elektrische Unterst\u00fctzung in Form kleiner Elektromotoren. Diese verbessern Anfahrverhalten und Beschleunigung und sorgen f\u00fcr ein direkteres Fahrgef\u00fchl. Elektromobilit\u00e4t ist damit l\u00e4ngst auch im klassischen Verbrenner angekommen.<\/li>\n<li><strong>F\u00fcr wen sind reine Elektroautos heute sinnvoll?<\/strong><br \/>\nVor allem f\u00fcr Menschen mit planbarem Fahrprofil und guter Ladeinfrastruktur. Pendler mit bekannten Strecken, eigener Wallbox oder zuverl\u00e4ssigen Ladem\u00f6glichkeiten profitieren am meisten. Spontane Nutzung ohne feste Ladepunkte erschwert den Alltag deutlich.<\/li>\n<li><strong>Warum sind Elektroautos f\u00fcr reine Stadtfahrer nicht automatisch ideal?<\/strong><br \/>\nF\u00fcr kurze Strecken sind gro\u00dfe Batterien eigentlich \u00fcberdimensioniert. Gleichzeitig verursachen sie hohes Gewicht und hohen Ressourcenbedarf. Damit entsteht ein Missverh\u00e4ltnis zwischen Zweck und Mittel, das den Vorteil des elektrischen Fahrens relativiert.<\/li>\n<li><strong>Welche Rolle spielt die Ladeinfrastruktur im Alltag?<\/strong><br \/>\nSie ist ein zentraler Bestandteil des Gesamtsystems. Ladeleistung, Verf\u00fcgbarkeit und Zuverl\u00e4ssigkeit bestimmen, ob ein Elektroauto entspannt genutzt werden kann oder organisatorischen Aufwand erzeugt. Laden ist kein Tankvorgang, sondern ein Planungsthema.<\/li>\n<li><strong>Warum ist eine Wallbox oft entscheidend?<\/strong><br \/>\nOhne Wallbox wird das Laden langsam und unpraktisch. Ihre Installation ist jedoch nicht immer einfach und h\u00e4ngt von Wohnsituation, Hausanschluss und Genehmigungen ab. Elektromobilit\u00e4t verlagert damit einen Teil der Verantwortung vom Fahrzeug auf den Nutzer.<\/li>\n<li><strong>Was unterscheidet Fahrprofil und Lebensprofil bei der Fahrzeugwahl?<\/strong><br \/>\nDas Fahrprofil beschreibt Streckenl\u00e4ngen und Nutzungsh\u00e4ufigkeit. Das Lebensprofil umfasst Wohnsituation, Ladezugang, Infrastruktur und Alltag. Bei Elektroautos sind beide Ebenen entscheidend &#8211; bei Hybriden meist nur das Fahrprofil.<\/li>\n<li><strong>Wie schneiden konventionelle Fahrzeuge im Vergleich ab?<\/strong><br \/>\nKlassische Benziner und Diesel sind zuverl\u00e4ssig, berechenbar und unkompliziert. Ihr Verbrauch liegt h\u00e4ufig zwischen 7,5 und 8,5 Litern. Sie bieten wenig \u00dcberraschungen, aber auch keine grundlegenden Effizienzspr\u00fcnge mehr.<\/li>\n<li><strong>Warum empfinden viele Elektro- und Hybridfahrer mehr Fahrspa\u00df als beim Verbrenner?<\/strong><br \/>\nDer Elektromotor liefert sofortiges Drehmoment und verbessert Beschleunigung und Direktheit. Dadurch wirken Hybridfahrzeuge oft agiler und souver\u00e4ner als reine Verbrenner mit vergleichbarer Leistung &#8211; bei gleichzeitig geringerem Verbrauch.<\/li>\n<li><strong>Welche Verbrauchsvorteile sind beim Plugin-Hybrid realistisch?<\/strong><br \/>\nBei passendem Fahrprofil l\u00e4sst sich der Durchschnittsverbrauch im Vergleich zu reinen Benzinern um etwa drei Liter senken. Diese Einsparung entsteht nicht durch Verzicht, sondern durch sinnvolle Nutzung elektrischer Anteile im Alltag.<\/li>\n<li><strong>Was ist das zentrale Fazit des Artikels?<\/strong><br \/>\nEs gibt keine universell richtige Antriebsform. Elektromobilit\u00e4t funktioniert dann gut, wenn sie realistisch eingesetzt wird. Entscheidend sind Fahrprofil, Lebensumst\u00e4nde und Infrastruktur &#8211; nicht Marketingversprechen oder ideologische Erwartungen.<\/li>\n<\/ol>\n<hr \/>\n\n\t\t\t<div class=\"display-post-types\">\n\n\t\t\t\t\t\t\t<style type=\"text\/css\">\n\t\t\t#dpt-wrapper-85 { --dpt-text-align: left;--dpt-image-crop: center;--dpt-border-radius: 5px;--dpt-h-gutter: 10px;--dpt-v-gutter: 9px; }\t\t\t<\/style>\n\t\t\t<style type=\"text\/css\">#dpt-wrapper-85 { --dpt-title-font-style:normal;--dpt-title-font-weight:600;--dpt-title-line-height:1.5;--dpt-title-text-decoration:none;--dpt-title-text-transform:none;--dpt-excerpt-font-style:normal;--dpt-excerpt-font-weight:400;--dpt-excerpt-line-height:1.5;--dpt-excerpt-text-decoration:none;--dpt-excerpt-text-transform:none;--dpt-meta1-font-style:normal;--dpt-meta1-font-weight:400;--dpt-meta1-line-height:1.9;--dpt-meta1-text-decoration:none;--dpt-meta1-text-transform:none;--dpt-meta2-font-style:normal;--dpt-meta2-font-weight:400;--dpt-meta2-line-height:1.9;--dpt-meta2-text-decoration:none;--dpt-meta2-text-transform:none; }<\/style><div class=\" dpt-main-header\">\n\t\t\t\t\t\t<div class=\"dpt-main-title\">\n\t\t\t\t\t\t\t<span class=\"dpt-main-title-text\">Aktuelle Beitr\u00e4ge zu K\u00fcnstlicher Intelligenz<\/span>\n\t\t\t\t\t\t<\/div>\n\t\t\t\t\t\t\n\t\t\t\t\t\t\n\t\t\t\t\t\t\n\t\t\t\t\t\t<\/div>\t\t\t\n\t\t\t\t<div id=\"dpt-wrapper-85\" class=\"dpt-wrapper dpt-mag1 land1 dpt-cropped dpt-flex-wrap\" >\n\n\t\t\t\t\t\t\t\t\t\t\t<div class=\"dpt-entry has-thumbnail\" data-title=\"ki f\u00fcr anf\u00e4nger: wie du ohne vorkenntnisse sinnvoll mit k\u00fcnstlicher intelligenz startest\" data-id=\"4199\"  data-category=\"allgemein apple iphone &amp; ipad apple macos ki-systeme tipps &amp; anleitungen\" data-post_tag=\"denkmodelle k\u00fcnstliche intelligenz lernen prozesse\">\n\t\t\t\t\t\t\t<div class=\"dpt-entry-wrapper\"><div class=\" dpt-featured-content\"><div class=\" dpt-permalink\"><a href=\"https:\/\/www.markus-schall.de\/nl\/2025\/12\/ki-fuer-anfaenger-wie-du-ohne-vorkenntnisse-sinnvoll-mit-kuenstlicher-intelligenz-startest\/\" class=\"dpt-permalink\"><span class=\"screen-reader-text\">KI f\u00fcr Anf\u00e4nger: Wie Du ohne Vorkenntnisse sinnvoll mit K\u00fcnstlicher Intelligenz startest<\/span><\/a><\/div><div class=\" dpt-thumbnail\"><div class=\"dpt-thumbnail-inner\"><img width=\"1024\" height=\"683\" class=\"attachment-full size-full\" alt=\"KI f\u00fcr Anf\u00e4nger\" context=\"dpt\" data-dpt-src=\"https:\/\/www.markus-schall.de\/wp-content\/uploads\/KI-fuer-Einsteiger-Computer.jpg\" data-dpt-sizes=\"(max-width: 1024px) 100vw, 1024px\" data-dpt-srcset=\"https:\/\/www.markus-schall.de\/wp-content\/uploads\/KI-fuer-Einsteiger-Computer.jpg 1024w, https:\/\/www.markus-schall.de\/wp-content\/uploads\/KI-fuer-Einsteiger-Computer-300x200.jpg 300w, https:\/\/www.markus-schall.de\/wp-content\/uploads\/KI-fuer-Einsteiger-Computer-768x512.jpg 768w, https:\/\/www.markus-schall.de\/wp-content\/uploads\/KI-fuer-Einsteiger-Computer-18x12.jpg 18w\" \/><\/div><span class=\"dpt-thumbnail-aspect-ratio\" style=\"padding-top: 75%\"><\/span><\/div><\/div><div class=\" sub-entry\"><h3 class=\" dpt-title\"><a class=\"dpt-title-link\" href=\"https:\/\/www.markus-schall.de\/nl\/2025\/12\/ki-fuer-anfaenger-wie-du-ohne-vorkenntnisse-sinnvoll-mit-kuenstlicher-intelligenz-startest\/\" rel=\"bookmark\">KI f\u00fcr Anf\u00e4nger: Wie Du ohne Vorkenntnisse sinnvoll mit K\u00fcnstlicher Intelligenz startest<\/a><\/h3><\/div><\/div>\n\t\t\t\t\t\t<\/div><!-- .dpt-entry -->\n\t\t\t\t\t\t\t\t\t\t\t\t<div class=\"dpt-entry has-thumbnail\" data-title=\"die neuen eu-zensurgesetze: was chatcontrol, dsa, emfa und der ai act bedeuten\" data-id=\"3586\"  data-category=\"allgemein gesellschaft ki-systeme\" data-post_tag=\"datenschutz digitales eigentum eu-gesetze europa k\u00fcnstliche intelligenz llm meinungsfreiheit spieltheorie sprachmodell\">\n\t\t\t\t\t\t\t<div class=\"dpt-entry-wrapper\"><div class=\" dpt-featured-content\"><div class=\" dpt-permalink\"><a href=\"https:\/\/www.markus-schall.de\/nl\/2025\/11\/die-neuen-eu-zensurgesetze-was-chatcontrol-dsa-emfa-und-der-ai-act-bedeuten\/\" class=\"dpt-permalink\"><span class=\"screen-reader-text\">Die neuen EU-Zensurgesetze: Was Chatcontrol, DSA, EMFA und der AI Act bedeuten<\/span><\/a><\/div><div class=\" dpt-thumbnail\"><div class=\"dpt-thumbnail-inner\"><img width=\"1024\" height=\"683\" class=\"attachment-full size-full\" alt=\"EU Zensurgesetze\" context=\"dpt\" data-dpt-src=\"https:\/\/www.markus-schall.de\/wp-content\/uploads\/eu-zensurgesetze.jpg\" data-dpt-sizes=\"(max-width: 1024px) 100vw, 1024px\" data-dpt-srcset=\"https:\/\/www.markus-schall.de\/wp-content\/uploads\/eu-zensurgesetze.jpg 1024w, https:\/\/www.markus-schall.de\/wp-content\/uploads\/eu-zensurgesetze-300x200.jpg 300w, https:\/\/www.markus-schall.de\/wp-content\/uploads\/eu-zensurgesetze-768x512.jpg 768w, https:\/\/www.markus-schall.de\/wp-content\/uploads\/eu-zensurgesetze-18x12.jpg 18w\" \/><\/div><span class=\"dpt-thumbnail-aspect-ratio\" style=\"padding-top: 75%\"><\/span><\/div><\/div><div class=\" sub-entry\"><h3 class=\" dpt-title\"><a class=\"dpt-title-link\" href=\"https:\/\/www.markus-schall.de\/nl\/2025\/11\/die-neuen-eu-zensurgesetze-was-chatcontrol-dsa-emfa-und-der-ai-act-bedeuten\/\" rel=\"bookmark\">Die neuen EU-Zensurgesetze: Was Chatcontrol, DSA, EMFA und der AI Act bedeuten<\/a><\/h3><\/div><\/div>\n\t\t\t\t\t\t<\/div><!-- .dpt-entry -->\n\t\t\t\t\t\t\t\t\t\t\t\t<div class=\"dpt-entry has-thumbnail\" data-title=\"ki-studio 2025: welche hardware wirklich lohnt &#8211; vom mac studio bis zur rtx 3090\" data-id=\"3704\"  data-category=\"apple macos hardware ki-systeme\" data-post_tag=\"apple digitales eigentum k\u00fcnstliche intelligenz llm mlx neo4j sprachmodell\">\n\t\t\t\t\t\t\t<div class=\"dpt-entry-wrapper\"><div class=\" dpt-featured-content\"><div class=\" dpt-permalink\"><a href=\"https:\/\/www.markus-schall.de\/nl\/2025\/11\/ki-studio-2025-welche-hardware-wirklich-lohnt-vom-mac-studio-bis-zur-rtx-3090\/\" class=\"dpt-permalink\"><span class=\"screen-reader-text\">KI-Studio 2025: Welche Hardware wirklich lohnt &#8211; vom Mac Studio bis zur RTX 3090<\/span><\/a><\/div><div class=\" dpt-thumbnail\"><div class=\"dpt-thumbnail-inner\"><img width=\"1024\" height=\"683\" class=\"attachment-full size-full\" alt=\"Hardware 2025 f\u00fcr KI-Studio\" context=\"dpt\" data-dpt-src=\"https:\/\/www.markus-schall.de\/wp-content\/uploads\/KI-Studio-Hardware-2025.jpg\" data-dpt-sizes=\"(max-width: 1024px) 100vw, 1024px\" data-dpt-srcset=\"https:\/\/www.markus-schall.de\/wp-content\/uploads\/KI-Studio-Hardware-2025.jpg 1024w, https:\/\/www.markus-schall.de\/wp-content\/uploads\/KI-Studio-Hardware-2025-300x200.jpg 300w, https:\/\/www.markus-schall.de\/wp-content\/uploads\/KI-Studio-Hardware-2025-768x512.jpg 768w, https:\/\/www.markus-schall.de\/wp-content\/uploads\/KI-Studio-Hardware-2025-18x12.jpg 18w\" \/><\/div><span class=\"dpt-thumbnail-aspect-ratio\" style=\"padding-top: 75%\"><\/span><\/div><\/div><div class=\" sub-entry\"><h3 class=\" dpt-title\"><a class=\"dpt-title-link\" href=\"https:\/\/www.markus-schall.de\/nl\/2025\/11\/ki-studio-2025-welche-hardware-wirklich-lohnt-vom-mac-studio-bis-zur-rtx-3090\/\" rel=\"bookmark\">KI-Studio 2025: Welche Hardware wirklich lohnt &#8211; vom Mac Studio bis zur RTX 3090<\/a><\/h3><\/div><\/div>\n\t\t\t\t\t\t<\/div><!-- .dpt-entry -->\n\t\t\t\t\t\t\t\t\t\t\t\t<div class=\"dpt-entry has-thumbnail\" data-title=\"mit klarheit durch die krise: wie ki neue perspektiven er\u00f6ffnet\" data-id=\"2436\"  data-category=\"b\u00fccher\" data-post_tag=\"buch krisen k\u00fcnstliche intelligenz lernen pers\u00f6nlichkeitsentwicklung ratgeber\">\n\t\t\t\t\t\t\t<div class=\"dpt-entry-wrapper\"><div class=\" dpt-featured-content\"><div class=\" dpt-permalink\"><a href=\"https:\/\/www.markus-schall.de\/nl\/2025\/08\/mit-klarheit-durch-die-krise-wie-ki-neue-perspektiven-eroeffnet\/\" class=\"dpt-permalink\"><span class=\"screen-reader-text\">Mit Klarheit durch die Krise: Wie KI neue Perspektiven er\u00f6ffnet<\/span><\/a><\/div><div class=\" dpt-thumbnail\"><div class=\"dpt-thumbnail-inner\"><img width=\"838\" height=\"1200\" class=\"attachment-full size-full\" alt=\"Buch &#039;Krisen als Wendepunkte - lernen, wachsen, gestalten&#039;\" context=\"dpt\" data-dpt-src=\"https:\/\/www.markus-schall.de\/wp-content\/uploads\/Krisen-Cover-Front-DEjpg.jpg\" data-dpt-sizes=\"(max-width: 838px) 100vw, 838px\" data-dpt-srcset=\"https:\/\/www.markus-schall.de\/wp-content\/uploads\/Krisen-Cover-Front-DEjpg.jpg 838w, https:\/\/www.markus-schall.de\/wp-content\/uploads\/Krisen-Cover-Front-DEjpg-210x300.jpg 210w, https:\/\/www.markus-schall.de\/wp-content\/uploads\/Krisen-Cover-Front-DEjpg-715x1024.jpg 715w, https:\/\/www.markus-schall.de\/wp-content\/uploads\/Krisen-Cover-Front-DEjpg-768x1100.jpg 768w, https:\/\/www.markus-schall.de\/wp-content\/uploads\/Krisen-Cover-Front-DEjpg-8x12.jpg 8w\" \/><\/div><span class=\"dpt-thumbnail-aspect-ratio\" style=\"padding-top: 75%\"><\/span><\/div><\/div><div class=\" sub-entry\"><h3 class=\" dpt-title\"><a class=\"dpt-title-link\" href=\"https:\/\/www.markus-schall.de\/nl\/2025\/08\/mit-klarheit-durch-die-krise-wie-ki-neue-perspektiven-eroeffnet\/\" rel=\"bookmark\">Mit Klarheit durch die Krise: Wie KI neue Perspektiven er\u00f6ffnet<\/a><\/h3><\/div><\/div>\n\t\t\t\t\t\t<\/div><!-- .dpt-entry -->\n\t\t\t\t\t\t\n\t\t\t\t<\/div>\n\t\t\t\t\t\t<\/div>\n\t\t\t\n<hr \/>\n","protected":false},"excerpt":{"rendered":"<p>Elektromobiliteit is voor veel mensen een abstract onderwerp, dat wordt gekenmerkt door politieke debatten, stimuleringsprogramma\u2019s en marketingbeloften. In de praktijk ontstaat er echter een heel ander beeld zodra men zelf met elektrische voertuigen onderweg is. Eigen ervaringen zeggen tegenwoordig vaak meer dan welke theoretische discussie dan ook \u2013 van e-scooters en elektrische scooters tot hybride voertuigen. Dit perspectief is belangrijk, \u2026 <a title=\"Helder door de crisis: hoe AI nieuwe perspectieven opent\" class=\"read-more\" href=\"https:\/\/www.markus-schall.de\/nl\/2025\/08\/mit-klarheit-durch-die-krise-wie-ki-neue-perspektiven-eroeffnet\/\" aria-label=\"Lees meer over Met helderheid door de crisis: Hoe AI nieuwe perspectieven opent\">Lees verder<\/a><\/p>","protected":false},"author":1,"featured_media":4258,"comment_status":"open","ping_status":"open","sticky":false,"template":"","format":"standard","meta":{"iawp_total_views":117,"footnotes":""},"categories":[1,466,4],"tags":[481,458,442,448],"class_list":["post-4255","post","type-post","status-publish","format-standard","has-post-thumbnail","hentry","category-allgemein","category-gesellschaft","category-tipps-anleitungen","tag-energiepolitik","tag-erfahrungen","tag-prozesse","tag-ratgeber"],"_links":{"self":[{"href":"https:\/\/www.markus-schall.de\/nl\/wp-json\/wp\/v2\/posts\/4255","targetHints":{"allow":["GET"]}}],"collection":[{"href":"https:\/\/www.markus-schall.de\/nl\/wp-json\/wp\/v2\/posts"}],"about":[{"href":"https:\/\/www.markus-schall.de\/nl\/wp-json\/wp\/v2\/types\/post"}],"author":[{"embeddable":true,"href":"https:\/\/www.markus-schall.de\/nl\/wp-json\/wp\/v2\/users\/1"}],"replies":[{"embeddable":true,"href":"https:\/\/www.markus-schall.de\/nl\/wp-json\/wp\/v2\/comments?post=4255"}],"version-history":[{"count":14,"href":"https:\/\/www.markus-schall.de\/nl\/wp-json\/wp\/v2\/posts\/4255\/revisions"}],"predecessor-version":[{"id":6381,"href":"https:\/\/www.markus-schall.de\/nl\/wp-json\/wp\/v2\/posts\/4255\/revisions\/6381"}],"wp:featuredmedia":[{"embeddable":true,"href":"https:\/\/www.markus-schall.de\/nl\/wp-json\/wp\/v2\/media\/4258"}],"wp:attachment":[{"href":"https:\/\/www.markus-schall.de\/nl\/wp-json\/wp\/v2\/media?parent=4255"}],"wp:term":[{"taxonomy":"category","embeddable":true,"href":"https:\/\/www.markus-schall.de\/nl\/wp-json\/wp\/v2\/categories?post=4255"},{"taxonomy":"post_tag","embeddable":true,"href":"https:\/\/www.markus-schall.de\/nl\/wp-json\/wp\/v2\/tags?post=4255"}],"curies":[{"name":"wp","href":"https:\/\/api.w.org\/{rel}","templated":true}]}}