{"id":2401,"date":"2025-07-07T12:53:14","date_gmt":"2025-07-07T12:53:14","guid":{"rendered":"https:\/\/www.markus-schall.de\/?p=2401"},"modified":"2025-10-09T08:29:48","modified_gmt":"2025-10-09T08:29:48","slug":"ksiazki-o-osobowosci-i-technologii-medycznej-w-m-schall-verlag","status":"publish","type":"post","link":"https:\/\/www.markus-schall.de\/pl\/2025\/07\/ksiazki-o-osobowosci-i-technologii-medycznej-w-m-schall-verlag\/","title":{"rendered":"Szczeg\u00f3\u0142owe ksi\u0105\u017cki na temat medycyny, osobowo\u015bci i technologii od M. Schall Verlag"},"content":{"rendered":"<p>Z wielk\u0105 przyjemno\u015bci\u0105 przedstawiam dzi\u015b moje w\u0142asne wydawnictwo: Schall-Verlag. Po wielu latach pracy jako przedsi\u0119biorca, programista i autor, nadszed\u0142 czas, abym otworzy\u0142 nowy rozdzia\u0142 - w najprawdziwszym tego s\u0142owa znaczeniu. Schall-Verlag nie jest anonimow\u0105 platform\u0105 wydawnicz\u0105, ale osobistym projektem, kt\u00f3ry charakteryzuje si\u0119 przejrzysto\u015bci\u0105, niezale\u017cno\u015bci\u0105 i wysokimi standardami jako\u015bci. Publikowane s\u0105 tu ksi\u0105\u017cki, kt\u00f3re docieraj\u0105 do sedna sprawy bez ulegania trendom. Ksi\u0105\u017cki, kt\u00f3re informuj\u0105, inspiruj\u0105 - a czasem nawet irytuj\u0105.<!--more--><\/p>\n<h2>Dlaczego warto mie\u0107 w\u0142asne wydawnictwo?<\/h2>\n<p>W \u015bwiecie pe\u0142nym algorytm\u00f3w, ekonomii uwagi i zmi\u0119kczonej komunikacji chcia\u0142em stworzy\u0107 platform\u0119, kt\u00f3ra jest inna. Miejsce, w kt\u00f3rym liczy si\u0119 tre\u015b\u0107, a nie tylko klikni\u0119cia. Schall-Verlag jest celowo kompaktowy, z jasnymi obszarami tematycznymi i minimalistycznym designem. Ka\u017cda publikowana tu ksi\u0105\u017cka jest osobi\u015bcie wybierana, dobrze przemy\u015blana pod wzgl\u0119dem redakcyjnym i starannie zrealizowana pod wzgl\u0119dem projektu.<\/p>\n<p>Chc\u0119 zaoferowa\u0107 czytelnikom prawdziw\u0105 warto\u015b\u0107 dodan\u0105 - bez PR-owej gadaniny, bez tekstowych pusty\u0144, bez marketingowych frazes\u00f3w. Zamiast tego: Zwyk\u0142y tekst. Z g\u0142\u0119bi\u0105, ale bez pretensjonalno\u015bci.<\/p>\n<h2>Pierwsze trzy ksi\u0105\u017cki: jasne, osobiste, istotne<\/h2>\n<p>Wydawnictwo wprowadza na rynek trzy bardzo r\u00f3\u017cne, ale powi\u0105zane ze sob\u0105 ksi\u0105\u017cki. Wszystkie trzy opieraj\u0105 si\u0119 na jasnym j\u0119zyku, solidnym do\u015bwiadczeniu i osobistym podej\u015bciu - bez akademickiego \u017cargonu, ale pragmatyczne, rzeczywiste tre\u015bci dla my\u015bl\u0105cych ludzi.<\/p>\n<p><strong>1 CMD - zapomniany problem wsp\u00f3\u0142czesnej medycyny<\/strong><\/p>\n<p><img loading=\"lazy\" decoding=\"async\" class=\"alignleft size-medium wp-image-2407\" src=\"https:\/\/www.markus-schall.de\/wp-content\/uploads\/buch_cmd-cover-de-212x300.jpg\" alt=\"\" width=\"212\" height=\"300\" srcset=\"https:\/\/www.markus-schall.de\/wp-content\/uploads\/buch_cmd-cover-de-212x300.jpg 212w, https:\/\/www.markus-schall.de\/wp-content\/uploads\/buch_cmd-cover-de-722x1024.jpg 722w, https:\/\/www.markus-schall.de\/wp-content\/uploads\/buch_cmd-cover-de-768x1089.jpg 768w, https:\/\/www.markus-schall.de\/wp-content\/uploads\/buch_cmd-cover-de-8x12.jpg 8w, https:\/\/www.markus-schall.de\/wp-content\/uploads\/buch_cmd-cover-de.jpg 846w\" sizes=\"auto, (max-width: 212px) 100vw, 212px\" \/>Napi\u0119ciowe b\u00f3le g\u0142owy, szumy uszne, zgrzytanie z\u0119bami, zawroty g\u0142owy - wiele os\u00f3b cierpi przez lata, nie zdaj\u0105c sobie sprawy, \u017ce przyczyna cz\u0119sto le\u017cy w szcz\u0119ce. CMD (dysfunkcja czaszkowo-\u017cuchwowa) to powszechne, ale niedoceniane schorzenie, kt\u00f3re jest cz\u0119sto pomijane przez medycyn\u0119 konwencjonaln\u0105.<\/p>\n<p>W tej ksi\u0105\u017cce opisuj\u0119 w\u0142asn\u0105 histori\u0119 cierpienia, wyja\u015bniam powi\u0105zania w \u0142atwy do zrozumienia spos\u00f3b i pokazuj\u0119, dlaczego CMD jest czym\u015b wi\u0119cej ni\u017c tylko \u201eproblemem dentystycznym\u201c. Ksi\u0105\u017cka dla ka\u017cdego, kto chce lepiej zrozumie\u0107 przewlek\u0142e dolegliwo\u015bci - i wreszcie poczu\u0107, \u017ce jest traktowany powa\u017cnie.<\/p>\n<p><a href=\"https:\/\/schall-verlag.de\/buch-cmd.php\" target=\"_blank\" rel=\"noopener\"><strong>Wi\u0119cej informacji<\/strong><\/a><\/p>\n<p>\u2192 Wydany r\u00f3wnie\u017c w j\u0119zyku angielskim pod tytu\u0142em<br \/>\n<em>TMD - zapomniany problem wsp\u00f3\u0142czesnej medycyny<\/em><\/p>\n<p><strong>2. nieco inna ksi\u0105\u017cka bazy danych<\/strong><\/p>\n<p><img loading=\"lazy\" decoding=\"async\" class=\"size-medium wp-image-2409 alignright\" src=\"https:\/\/www.markus-schall.de\/wp-content\/uploads\/buch_datenbanken-cover-de-208x300.jpg\" alt=\"\" width=\"208\" height=\"300\" srcset=\"https:\/\/www.markus-schall.de\/wp-content\/uploads\/buch_datenbanken-cover-de-208x300.jpg 208w, https:\/\/www.markus-schall.de\/wp-content\/uploads\/buch_datenbanken-cover-de-709x1024.jpg 709w, https:\/\/www.markus-schall.de\/wp-content\/uploads\/buch_datenbanken-cover-de-768x1109.jpg 768w, https:\/\/www.markus-schall.de\/wp-content\/uploads\/buch_datenbanken-cover-de-8x12.jpg 8w, https:\/\/www.markus-schall.de\/wp-content\/uploads\/buch_datenbanken-cover-de.jpg 831w\" sizes=\"auto, (max-width: 208px) 100vw, 208px\" \/>Bazy danych? Dla wielu brzmi to jak sucha technologia i majstrowanie przy SQL. Ta ksi\u0105\u017cka pokazuje, \u017ce istnieje inny spos\u00f3b. Dzi\u0119ki ponad 20-letniemu do\u015bwiadczeniu w tworzeniu niestandardowych system\u00f3w baz danych wyja\u015bniam, jak budowa\u0107 inteligentne, elastyczne rozwi\u0105zania w praktyczny spos\u00f3b - nie za pomoc\u0105 dogmat\u00f3w, ale zdrowego rozs\u0105dku.<\/p>\n<p>Ksi\u0105\u017cka dla programist\u00f3w, projektant\u00f3w i przedsi\u0119biorc\u00f3w, kt\u00f3rzy chc\u0105 zrozumie\u0107 i usprawni\u0107 swoje procesy - systematycznie, ale bez technicznego \u017cargonu. Idealna dla ka\u017cdego, kto u\u017cywa FileMaker lub jest zainteresowany pragmatycznym tworzeniem oprogramowania.<\/p>\n<p><a href=\"https:\/\/schall-verlag.de\/buch-datenbanken.php\" target=\"_blank\" rel=\"noopener\"><strong>Wi\u0119cej informacji<\/strong><\/a><\/p>\n<p>\u2192 Wydany r\u00f3wnie\u017c w j\u0119zyku angielskim pod tytu\u0142em<br \/>\n<em>Niekonwencjonalna baza danych<\/em><\/p>\n<p><strong>3. kryzysy jako punkty zwrotne - uczenie si\u0119, rozw\u00f3j, kszta\u0142towanie<\/strong><\/p>\n<p><img loading=\"lazy\" decoding=\"async\" class=\"alignleft size-medium wp-image-2411\" src=\"https:\/\/www.markus-schall.de\/wp-content\/uploads\/buch_krisen-cover-de-204x300.jpg\" alt=\"\" width=\"204\" height=\"300\" srcset=\"https:\/\/www.markus-schall.de\/wp-content\/uploads\/buch_krisen-cover-de-204x300.jpg 204w, https:\/\/www.markus-schall.de\/wp-content\/uploads\/buch_krisen-cover-de-697x1024.jpg 697w, https:\/\/www.markus-schall.de\/wp-content\/uploads\/buch_krisen-cover-de-768x1128.jpg 768w, https:\/\/www.markus-schall.de\/wp-content\/uploads\/buch_krisen-cover-de-8x12.jpg 8w, https:\/\/www.markus-schall.de\/wp-content\/uploads\/buch_krisen-cover-de.jpg 817w\" sizes=\"auto, (max-width: 204px) 100vw, 204px\" \/>Ta ksi\u0105\u017cka jest osobista. M\u00f3wi nie tylko o kryzysach ekonomicznych, zdrowotnych czy rodzinnych - ale tak\u017ce o tym, co one z nami robi\u0105. Jak przez nie przej\u015b\u0107, nie za\u0142amuj\u0105c si\u0119. Jak nie da\u0107 si\u0119 zarazi\u0107 panik\u0105 innych. I jak odnale\u017a\u0107 drog\u0119 powrotn\u0105 do samego siebie - cz\u0119sto spokojniej, ni\u017c nam si\u0119 wydaje.<\/p>\n<p>Nie jest to klasyczny poradnik, ale szczery raport z do\u015bwiadcze\u0144 z mn\u00f3stwem przemy\u015ble\u0144 dla ka\u017cdego, kto ma wra\u017cenie, \u017ce \u201eco\u015b tu jest nie tak\u201c. Zawiera rozdzia\u0142y dotycz\u0105ce wykorzystania sztucznej inteligencji do osobistej autorefleksji i suplement\u00f3w diety, kt\u00f3re s\u0105 przydatne do osi\u0105gni\u0119cia jasno\u015bci.<\/p>\n<p><a href=\"https:\/\/schall-verlag.de\/buch-krisen.php\" target=\"_blank\" rel=\"noopener\"><strong>Wi\u0119cej informacji<\/strong><\/a><\/p>\n<p>\u2192 Wydany r\u00f3wnie\u017c w j\u0119zyku angielskim pod tytu\u0142em<br \/>\n<em>Kryzysy jako punkty zwrotne - ucz si\u0119, rozwijaj, tw\u00f3rz<\/em><\/p>\n<h2>Czego mo\u017cna oczekiwa\u0107 od Schall-Verlag<\/h2>\n<ul>\n<li><strong>Niezale\u017cno\u015b\u0107<\/strong> - Brak grupy korporacyjnej, brak g\u0142\u00f3wnego wydawcy, brak partner\u00f3w reklamowych w tle<\/li>\n<li><strong>Przejrzysto\u015b\u0107<\/strong> - w j\u0119zyku, wygl\u0105dzie i podej\u015bciu<\/li>\n<li><strong>Osobowo\u015b\u0107<\/strong> - ka\u017cda ksi\u0105\u017cka jest wynikiem prawdziwego przekonania, a nie analiz rynkowych<\/li>\n<li><strong>Substancja<\/strong> - \u017badnych buzzword\u00f3w, modnych fraz, ale prawdziwa tre\u015b\u0107<\/li>\n<\/ul>\n<h2>A co b\u0119dzie dalej?<\/h2>\n<p>Wydawnictwo b\u0119dzie si\u0119 rozwija\u0107. W nadchodz\u0105cych miesi\u0105cach planowane s\u0105 kolejne ksi\u0105\u017cki - w j\u0119zyku niemieckim, angielskim i holenderskim. Tematy: Cyfryzacja, rozw\u00f3j osobisty, strategie AI, przedsi\u0119biorcze my\u015blenie. Wszystkie z tym samym twierdzeniem: jasne, praktyczne, warte przeczytania.<\/p>\n<p><a href=\"https:\/\/schall-verlag.de\" target=\"_blank\" rel=\"noopener\"><strong>M. Schall Verlag - Ksi\u0105\u017cki z tre\u015bci\u0105<\/strong><\/a><\/p>","protected":false},"excerpt":{"rendered":"<p>Z wielk\u0105 przyjemno\u015bci\u0105 przedstawiam dzi\u015b moje w\u0142asne wydawnictwo: Schall-Verlag. Po wielu latach pracy jako przedsi\u0119biorca, programista i autor, nadszed\u0142 czas, abym otworzy\u0142 nowy rozdzia\u0142 - w najprawdziwszym tego s\u0142owa znaczeniu. Schall-Verlag nie jest anonimow\u0105 platform\u0105 wydawnicz\u0105, ale osobistym projektem, kt\u00f3ry charakteryzuje si\u0119 przejrzysto\u015bci\u0105, niezale\u017cno\u015bci\u0105 i wysokim poziomem ... <a title=\"Szczeg\u00f3\u0142owe ksi\u0105\u017cki na temat medycyny, osobowo\u015bci i technologii od M. Schall Verlag\" class=\"read-more\" href=\"https:\/\/www.markus-schall.de\/pl\/2025\/07\/ksiazki-o-osobowosci-i-technologii-medycznej-w-m-schall-verlag\/\" aria-label=\"Dowiedz si\u0119 wi\u0119cej o ksi\u0105\u017ckach na temat medycyny, osobowo\u015bci i technologii w M. Schall Verlag\">Dowiedz si\u0119 wi\u0119cej<\/a><\/p>","protected":false},"author":1,"featured_media":2405,"comment_status":"open","ping_status":"open","sticky":false,"template":"","format":"standard","meta":{"iawp_total_views":11,"footnotes":""},"categories":[1,424,466,456],"tags":[425,439,440,426,429,441],"class_list":["post-2401","post","type-post","status-publish","format-standard","has-post-thumbnail","hentry","category-allgemein","category-buecher","category-gesellschaft","category-gesundheit","tag-buch","tag-cmd","tag-datenbanken","tag-krisen","tag-persoenlichkeitsentwicklung","tag-verlag"],"_links":{"self":[{"href":"https:\/\/www.markus-schall.de\/pl\/wp-json\/wp\/v2\/posts\/2401","targetHints":{"allow":["GET"]}}],"collection":[{"href":"https:\/\/www.markus-schall.de\/pl\/wp-json\/wp\/v2\/posts"}],"about":[{"href":"https:\/\/www.markus-schall.de\/pl\/wp-json\/wp\/v2\/types\/post"}],"author":[{"embeddable":true,"href":"https:\/\/www.markus-schall.de\/pl\/wp-json\/wp\/v2\/users\/1"}],"replies":[{"embeddable":true,"href":"https:\/\/www.markus-schall.de\/pl\/wp-json\/wp\/v2\/comments?post=2401"}],"version-history":[{"count":8,"href":"https:\/\/www.markus-schall.de\/pl\/wp-json\/wp\/v2\/posts\/2401\/revisions"}],"predecessor-version":[{"id":2683,"href":"https:\/\/www.markus-schall.de\/pl\/wp-json\/wp\/v2\/posts\/2401\/revisions\/2683"}],"wp:featuredmedia":[{"embeddable":true,"href":"https:\/\/www.markus-schall.de\/pl\/wp-json\/wp\/v2\/media\/2405"}],"wp:attachment":[{"href":"https:\/\/www.markus-schall.de\/pl\/wp-json\/wp\/v2\/media?parent=2401"}],"wp:term":[{"taxonomy":"category","embeddable":true,"href":"https:\/\/www.markus-schall.de\/pl\/wp-json\/wp\/v2\/categories?post=2401"},{"taxonomy":"post_tag","embeddable":true,"href":"https:\/\/www.markus-schall.de\/pl\/wp-json\/wp\/v2\/tags?post=2401"}],"curies":[{"name":"wp","href":"https:\/\/api.w.org\/{rel}","templated":true}]}}