{"id":2898,"date":"2025-09-18T07:29:18","date_gmt":"2025-09-18T07:29:18","guid":{"rendered":"https:\/\/www.markus-schall.de\/?p=2898"},"modified":"2026-01-23T06:51:56","modified_gmt":"2026-01-23T06:51:56","slug":"konferencja-filemaker-2025-ki-spolecznosc-i-nieoczekiwany-incydent","status":"publish","type":"post","link":"https:\/\/www.markus-schall.de\/pl\/2025\/09\/filemaker-konferenz-2025-ki-community-und-ein-unerwarteter-vorfall\/","title":{"rendered":"Konferencja FileMaker 2025: Sztuczna inteligencja, spo\u0142eczno\u015b\u0107 i nieoczekiwany incydent"},"content":{"rendered":"<p>Die FileMaker-Konferenz 2025 in Hamburg ist vorbei &#8211; und sie war in vielerlei Hinsicht ein besonderer Meilenstein. Nicht nur, weil sich in diesem Jahr viele Themen rund um K\u00fcnstliche Intelligenz, Performance und moderne Workflows konzentrierten &#8211; sondern auch, weil der pers\u00f6nliche Austausch und das \u201eFamili\u00e4re\u201c der FileMaker-Community wieder voll zum Tragen kam. F\u00fcr mich pers\u00f6nlich war es eine intensive, inspirierende und rundum bereichernde Zeit &#8211; und das bereits ab dem ersten Abend.<!--more--><\/p>\n<hr \/>\n\n\t\t\t<div class=\"display-post-types\">\n\n\t\t\t\t\t\t\t<style type=\"text\/css\">\n\t\t\t#dpt-wrapper-946 { --dpt-text-align: left;--dpt-image-crop: center;--dpt-border-radius: 5px;--dpt-small-grid-column: 33.33%;--dpt-large-grid-column: 33.3333333333%;--dpt-h-gutter: 10px;--dpt-v-gutter: 10px; }\t\t\t<\/style>\n\t\t\t<style type=\"text\/css\">#dpt-wrapper-946 { --dpt-title-font-style:normal;--dpt-title-font-weight:600;--dpt-title-line-height:1.5;--dpt-title-text-decoration:none;--dpt-title-text-transform:none;--dpt-excerpt-font-style:normal;--dpt-excerpt-font-weight:400;--dpt-excerpt-line-height:1.5;--dpt-excerpt-text-decoration:none;--dpt-excerpt-text-transform:none;--dpt-meta1-font-style:normal;--dpt-meta1-font-weight:400;--dpt-meta1-line-height:1.9;--dpt-meta1-text-decoration:none;--dpt-meta1-text-transform:none;--dpt-meta2-font-style:normal;--dpt-meta2-font-weight:400;--dpt-meta2-line-height:1.9;--dpt-meta2-text-decoration:none;--dpt-meta2-text-transform:none; }<\/style><div class=\" dpt-main-header\">\n\t\t\t\t\t\t<div class=\"dpt-main-title\">\n\t\t\t\t\t\t\t<span class=\"dpt-main-title-text\">Aktuelle Themen rund um Claris FileMaker<\/span>\n\t\t\t\t\t\t<\/div>\n\t\t\t\t\t\t\n\t\t\t\t\t\t\n\t\t\t\t\t\t\n\t\t\t\t\t\t<\/div>\t\t\t\n\t\t\t\t<div id=\"dpt-wrapper-946\" class=\"dpt-wrapper dpt-grid1 multi-col dpt-mason-wrap\" >\n\n\t\t\t\t\t\t\t\t\t\t\t<div class=\"dpt-entry has-thumbnail\" data-title=\"sehen wir uns auf der filemaker-konferenz fmk 2025 in hamburg?\" data-id=\"2670\"  data-category=\"filemaker &amp; erp\" data-post_tag=\"erp-software filemaker gfm-business\">\n\t\t\t\t\t\t\t<div class=\"dpt-entry-wrapper\"><div class=\" dpt-featured-content\"><div class=\" dpt-permalink\"><a href=\"https:\/\/www.markus-schall.de\/pl\/2025\/08\/sehen-wir-uns-auf-der-filemaker-konferenz-fmk-2025-in-hamburg\/\" class=\"dpt-permalink\"><span class=\"screen-reader-text\">Sehen wir uns auf der FileMaker-Konferenz FMK 2025 in Hamburg?<\/span><\/a><\/div><div class=\" dpt-thumbnail\"><div class=\"dpt-thumbnail-inner\"><img width=\"2560\" height=\"491\" class=\"attachment-full size-full\" alt=\"FileMaker Konferenz FMK2025\" context=\"dpt\" data-dpt-src=\"https:\/\/www.markus-schall.de\/wp-content\/uploads\/filemaker-konferenz-fmk2025-scaled.jpg\" data-dpt-sizes=\"(max-width: 2560px) 100vw, 2560px\" data-dpt-srcset=\"https:\/\/www.markus-schall.de\/wp-content\/uploads\/filemaker-konferenz-fmk2025-scaled.jpg 2560w, https:\/\/www.markus-schall.de\/wp-content\/uploads\/filemaker-konferenz-fmk2025-300x58.jpg 300w, https:\/\/www.markus-schall.de\/wp-content\/uploads\/filemaker-konferenz-fmk2025-1024x196.jpg 1024w, https:\/\/www.markus-schall.de\/wp-content\/uploads\/filemaker-konferenz-fmk2025-768x147.jpg 768w, https:\/\/www.markus-schall.de\/wp-content\/uploads\/filemaker-konferenz-fmk2025-1536x295.jpg 1536w, https:\/\/www.markus-schall.de\/wp-content\/uploads\/filemaker-konferenz-fmk2025-2048x393.jpg 2048w, https:\/\/www.markus-schall.de\/wp-content\/uploads\/filemaker-konferenz-fmk2025-18x3.jpg 18w\" \/><\/div><span class=\"dpt-thumbnail-aspect-ratio\" style=\"padding-top: 19%\"><\/span><\/div><\/div><div class=\" sub-entry\"><h3 class=\" dpt-title\"><a class=\"dpt-title-link\" href=\"https:\/\/www.markus-schall.de\/pl\/2025\/08\/sehen-wir-uns-auf-der-filemaker-konferenz-fmk-2025-in-hamburg\/\" rel=\"bookmark\">Sehen wir uns auf der FileMaker-Konferenz FMK 2025 in Hamburg?<\/a><\/h3><\/div><\/div>\n\t\t\t\t\t\t<\/div><!-- .dpt-entry -->\n\t\t\t\t\t\t\t\t\t\t\t\t<div class=\"dpt-entry has-thumbnail\" data-title=\"lora-training: wie filemaker 2025 das feintuning gro\u00dfer sprachmodelle vereinfacht\" data-id=\"3220\"  data-category=\"filemaker &amp; erp ki-systeme\" data-post_tag=\"datenbanken filemaker k\u00fcnstliche intelligenz llm mlx sprachmodell\">\n\t\t\t\t\t\t\t<div class=\"dpt-entry-wrapper\"><div class=\" dpt-featured-content\"><div class=\" dpt-permalink\"><a href=\"https:\/\/www.markus-schall.de\/pl\/2025\/10\/lora-training-wie-filemaker-2025-das-feintuning-grosser-sprachmodelle-vereinfacht\/\" class=\"dpt-permalink\"><span class=\"screen-reader-text\">LoRA-Training: Wie FileMaker 2025 das Feintuning gro\u00dfer Sprachmodelle vereinfacht<\/span><\/a><\/div><div class=\" dpt-thumbnail\"><div class=\"dpt-thumbnail-inner\"><img width=\"1024\" height=\"683\" class=\"attachment-full size-full\" alt=\"LoRA Fine tuning - FileMaker 2025\" context=\"dpt\" data-dpt-src=\"https:\/\/www.markus-schall.de\/wp-content\/uploads\/lora-finetuning-filemaker.jpg\" data-dpt-sizes=\"(max-width: 1024px) 100vw, 1024px\" data-dpt-srcset=\"https:\/\/www.markus-schall.de\/wp-content\/uploads\/lora-finetuning-filemaker.jpg 1024w, https:\/\/www.markus-schall.de\/wp-content\/uploads\/lora-finetuning-filemaker-300x200.jpg 300w, https:\/\/www.markus-schall.de\/wp-content\/uploads\/lora-finetuning-filemaker-768x512.jpg 768w, https:\/\/www.markus-schall.de\/wp-content\/uploads\/lora-finetuning-filemaker-18x12.jpg 18w\" \/><\/div><span class=\"dpt-thumbnail-aspect-ratio\" style=\"padding-top: 67%\"><\/span><\/div><\/div><div class=\" sub-entry\"><h3 class=\" dpt-title\"><a class=\"dpt-title-link\" href=\"https:\/\/www.markus-schall.de\/pl\/2025\/10\/lora-training-wie-filemaker-2025-das-feintuning-grosser-sprachmodelle-vereinfacht\/\" rel=\"bookmark\">LoRA-Training: Wie FileMaker 2025 das Feintuning gro\u00dfer Sprachmodelle vereinfacht<\/a><\/h3><\/div><\/div>\n\t\t\t\t\t\t<\/div><!-- .dpt-entry -->\n\t\t\t\t\t\t\t\t\t\t\t\t<div class=\"dpt-entry has-thumbnail\" data-title=\"software entwickeln mit codex, chatgpt und ki: praxisleitfaden f\u00fcr entwickler\" data-id=\"6224\"  data-category=\"apple iphone &amp; ipad apple macos featured filemaker &amp; erp ki-systeme tipps &amp; anleitungen\" data-post_tag=\"datenbanken datenlogik digitales eigentum erfahrungen erp-software filemaker k\u00fcnstliche intelligenz lernen llm prozesse sprachmodell\">\n\t\t\t\t\t\t\t<div class=\"dpt-entry-wrapper\"><div class=\" dpt-featured-content\"><div class=\" dpt-permalink\"><a href=\"https:\/\/www.markus-schall.de\/pl\/2026\/06\/software-entwickeln-mit-codex-chatgpt-und-ki-praxisleitfaden-fuer-entwickler\/\" class=\"dpt-permalink\"><span class=\"screen-reader-text\">Software entwickeln mit Codex, ChatGPT und KI: Praxisleitfaden f\u00fcr Entwickler<\/span><\/a><\/div><div class=\" dpt-thumbnail\"><div class=\"dpt-thumbnail-inner\"><img width=\"1024\" height=\"583\" class=\"attachment-full size-full\" alt=\"Softwareentwicklung mit KI\" context=\"dpt\" data-dpt-src=\"https:\/\/www.markus-schall.de\/wp-content\/uploads\/Softwareentwicklung-mit-KI.jpg\" data-dpt-sizes=\"(max-width: 1024px) 100vw, 1024px\" data-dpt-srcset=\"https:\/\/www.markus-schall.de\/wp-content\/uploads\/Softwareentwicklung-mit-KI.jpg 1024w, https:\/\/www.markus-schall.de\/wp-content\/uploads\/Softwareentwicklung-mit-KI-300x171.jpg 300w, https:\/\/www.markus-schall.de\/wp-content\/uploads\/Softwareentwicklung-mit-KI-768x437.jpg 768w, https:\/\/www.markus-schall.de\/wp-content\/uploads\/Softwareentwicklung-mit-KI-18x10.jpg 18w\" \/><\/div><span class=\"dpt-thumbnail-aspect-ratio\" style=\"padding-top: 57%\"><\/span><\/div><\/div><div class=\" sub-entry\"><h3 class=\" dpt-title\"><a class=\"dpt-title-link\" href=\"https:\/\/www.markus-schall.de\/pl\/2026\/06\/software-entwickeln-mit-codex-chatgpt-und-ki-praxisleitfaden-fuer-entwickler\/\" rel=\"bookmark\">Software entwickeln mit Codex, ChatGPT und KI: Praxisleitfaden f\u00fcr Entwickler<\/a><\/h3><\/div><\/div>\n\t\t\t\t\t\t<\/div><!-- .dpt-entry -->\n\t\t\t\t\t\t\n\t\t\t\t<\/div>\n\t\t\t\t\t\t<\/div>\n\t\t\t\n<hr \/>\n<h2>Anreise &amp; Auftakt: Der lange Sonntagabend<\/h2>\n<p>Die <strong><a href=\"https:\/\/filemaker-konferenz.com\" target=\"_blank\" rel=\"noopener\">FileMaker-Konferenz<\/a><\/strong> begann offiziell am Montag, aber wie so oft reiste der harte Kern schon am Sonntag an &#8211; und dieses Jahr z\u00e4hlte ich eindeutig dazu. Was auf den ersten Blick nach einem entspannten Willkommensabend aussieht, entwickelt sich schnell zu einem echten Netzwerkevent im besten Sinne: offene Gespr\u00e4che, neue Gesichter, alte Bekannte &#8211; und nat\u00fcrlich das ein oder andere Getr\u00e4nk. So kam es, dass wir erst gegen zwei Uhr morgens den Abend beendeten &#8211; nicht aus Pflichtgef\u00fchl, sondern weil der Austausch einfach zu spannend war.<\/p>\n<p>Der erste Abend hat seinen ganz eigenen Rhythmus: Kein offizielles Programm, kein Zeitdruck &#8211; einfach Menschen, die sich auf einer tiefen, beruflichen und pers\u00f6nlichen Ebene begegnen. Gerade nach der langen Pandemiepause und der digitalen \u00dcberdosis der letzten Jahre war es wohltuend, wieder echtes, analoges FileMaker-Leben zu sp\u00fcren.<\/p>\n<h3>Konferenzbeginn: K\u00fcnstliche Intelligenz im Fokus &#8211; aber nicht nur<\/h3>\n<p>Am Montag ging es dann richtig los &#8211; wenn auch f\u00fcr manche (mich eingeschlossen) mit leichtem Druck auf der Stirn vom Vorabend. Aber genau das macht diese Konferenz aus: Sie lebt nicht nur von Sessions, sondern vom Miteinander &#8211; und dazu geh\u00f6rt eben auch ein zu sp\u00e4ter Stunde gef\u00fchrtes Fachgespr\u00e4ch bei Bier oder Wein.<\/p>\n<p>Inhaltlich war klar zu erkennen: K\u00fcnstliche Intelligenz hat Einzug gehalten in die FileMaker-Welt. Viele Vortr\u00e4ge und Sessions drehten sich um aktuelle Entwicklungen &#8211; sei es in puncto Prompting, Modell-Performance, Client-Server-Kombinationen oder der Integration externer KI-Dienste in FileMaker-Workflows.<\/p>\n<p><img loading=\"lazy\" decoding=\"async\" class=\"alignnone size-full wp-image-2900\" src=\"https:\/\/www.markus-schall.de\/wp-content\/uploads\/FMK2025-Session.jpg\" alt=\"FMK2025-Session\" width=\"1600\" height=\"741\" srcset=\"https:\/\/www.markus-schall.de\/wp-content\/uploads\/FMK2025-Session.jpg 1024w, https:\/\/www.markus-schall.de\/wp-content\/uploads\/FMK2025-Session-300x139.jpg 300w, https:\/\/www.markus-schall.de\/wp-content\/uploads\/FMK2025-Session-768x356.jpg 768w, https:\/\/www.markus-schall.de\/wp-content\/uploads\/FMK2025-Session-18x8.jpg 18w\" sizes=\"auto, (max-width: 1600px) 100vw, 1600px\" \/><\/p>\n<h3>Besonders spannend: Die KI-Performance-Session von HOnza<\/h3>\n<p>Ein pers\u00f6nliches Highlight war f\u00fcr mich die Session von HOnza, der aus Tschechien von <a href=\"https:\/\/24usoftware.com\" target=\"_blank\" rel=\"noopener\"><strong>24U Software<\/strong><\/a> angereist war. Er pr\u00e4sentierte aktuelle Tests zur KI-Performance innerhalb von FileMaker, insbesondere im Zusammenspiel mit MLX (Apple Machine Learning-Framework) und verschiedenen lokal laufenden Modellen.<\/p>\n<p>Was fr\u00fcher nur als theoretisches Experiment galt, wird jetzt praktisch umsetzbar: FileMaker-Anwendungen, die direkt mit KI-Modellen interagieren, lokal oder hybrid &#8211; und das in Echtzeit. Honzas Tests zeigten eindrucksvoll, welche Geschwindigkeiten mittlerweile erreichbar sind, wenn man die Architektur klug w\u00e4hlt und moderne Komponenten einbindet.<\/p>\n<p>Auch wer bisher KI f\u00fcr ein &#8222;externes Thema&#8220; hielt, merkte sp\u00e4testens hier: Die Zukunft wird intelligent, integriert &#8211; und individuell anpassbar. F\u00fcr Entwickler, die sich heute damit besch\u00e4ftigen, ergeben sich enorme M\u00f6glichkeiten.<\/p>\n<hr \/>\n<h3>Aktuelle Umfrage zur Zukunft von Claris FileMaker und KI<\/h3>\n<div class='bootstrap-yop yop-poll-mc'>\n\t\t\t\t\t\t\t<div class=\"basic-yop-poll-container\" style=\"background-color:#ffffff; border:0px; border-style:solid; border-color:#000000; border-radius:5px; padding:0px 5px;\" data-id=\"10\" data-temp=\"basic-pretty\" data-skin=\"square\" data-cscheme=\"blue\" data-cap=\"0\" data-access=\"guest\" data-tid=\"\" data-uid=\"0fdb725619d660db3890c710c41890dd\" data-pid=\"6224\" data-resdet=\"votes-number,percentages\" data-show-results-to=\"guest\" data-show-results-moment=\"after-vote\" data-show-results-only=\"false\" data-show-message=\"true\" data-show-results-as=\"bar\" data-sort-results-by=\"as-defined\" data-sort-results-rule=\"asc\"data-is-ended=\"0\" data-percentages-decimals=\"2\" data-gdpr=\"yes\" data-gdpr-sol=\"nostore\" data-css=\".basic-yop-poll-container[data-uid] .basic-vote {\n\t\t\t\t\t\t\t\t\ttext-align: center;\n\t\t\t\t\t\t\t\t}\" data-counter=\"0\" data-load-with=\"1\" data-notification-section=\"top\"><div class=\"row\"><div class=\"col-md-12\"><div class=\"basic-inner\"><div class=\"basic-message hide\" style=\"border-left: 10px solid #008000; padding: 0px 10px;\" data-error=\"#ff0000\" data-success=\"#008000\"><p class=\"basic-message-text\" style=\"color:#000000; font-size:14px; font-weight:normal;\"><\/p><\/div><div class=\"basic-overlay hide\"><div class=\"basic-vote-options\"><\/div><div class=\"basic-preloader\"><div class=\"basic-windows8\"><div class=\"basic-wBall basic-wBall_1\"><div class=\"basic-wInnerBall\"><\/div><\/div><div class=\"basic-wBall basic-wBall_2\"><div class=\"basic-wInnerBall\"><\/div><\/div><div class=\"basic-wBall basic-wBall_3\"><div class=\"basic-wInnerBall\"><\/div><\/div><div class=\"basic-wBall basic-wBall_4\"><div class=\"basic-wInnerBall\"><\/div><\/div><div class=\"basic-wBall basic-wBall_5\"><div class=\"basic-wInnerBall\"><\/div><\/div><\/div><\/div><\/div><form class=\"basic-form\"><input type=\"hidden\" name=\"_token\" value=\"ca5804a999\" autocomplete=\"off\"><div class=\"basic-elements\"><div class=\"basic-element basic-question basic-question-text-vertical\" data-id=\"10\" data-uid=\"2d924ac8b9944bf5356a5182756942ec\" data-type=\"question\" data-question-type=\"text\" data-required=\"yes\" data-allow-multiple=\"no\" data-min=\"1\" data-max=\"7\" data-display=\"vertical\" data-colnum=\"\" data-display-others=\"no\" data-others-color=\"\" data-others=\"\" data-others-max-chars=\"0\"><div class=\"basic-question-title\"><h5 style=\"color:#000000; font-size:16px; font-weight:normal; text-align:left;\">Glaubst Du, dass Claris FileMaker in den n\u00e4chsten Jahren st\u00e4rker mit KI verbunden wird?<\/h5><\/div><ul class=\"basic-answers\"><li class=\"basic-answer\" style=\"padding:0px 0px;\" data-id=\"52\" data-type=\"text\" data-vn=\"5\" data-color=\"#000000\" data-make-link=\"no\" data-link=\"\"><div class=\"basic-answer-content basic-text-vertical\"><label for=\"answer[52]\" class=\"basic-answer-label\"><input type=\"radio\" id=\"answer[52]\" name=\"answer[10]\" value=\"52\"><span class=\"basic-text\" style=\"color: #000000; font-size: 14px; font-weight: normal;\">Ja, das wird \u00fcberall ein zentrales Thema<\/span><\/label><\/div><\/li><li class=\"basic-answer\" style=\"padding:0px 0px;\" data-id=\"53\" data-type=\"text\" data-vn=\"0\" data-color=\"#000000\" data-make-link=\"no\" data-link=\"\"><div class=\"basic-answer-content basic-text-vertical\"><label for=\"answer[53]\" class=\"basic-answer-label\"><input type=\"radio\" id=\"answer[53]\" name=\"answer[10]\" value=\"53\"><span class=\"basic-text\" style=\"color: #000000; font-size: 14px; font-weight: normal;\">Ja, vor allem f\u00fcr LoRA-Training von LLMs<\/span><\/label><\/div><\/li><li class=\"basic-answer\" style=\"padding:0px 0px;\" data-id=\"54\" data-type=\"text\" data-vn=\"0\" data-color=\"#000000\" data-make-link=\"no\" data-link=\"\"><div class=\"basic-answer-content basic-text-vertical\"><label for=\"answer[54]\" class=\"basic-answer-label\"><input type=\"radio\" id=\"answer[54]\" name=\"answer[10]\" value=\"54\"><span class=\"basic-text\" style=\"color: #000000; font-size: 14px; font-weight: normal;\">Vielleicht im Backend, aber nicht sichtbar<\/span><\/label><\/div><\/li><li class=\"basic-answer\" style=\"padding:0px 0px;\" data-id=\"55\" data-type=\"text\" data-vn=\"1\" data-color=\"#000000\" data-make-link=\"no\" data-link=\"\"><div class=\"basic-answer-content basic-text-vertical\"><label for=\"answer[55]\" class=\"basic-answer-label\"><input type=\"radio\" id=\"answer[55]\" name=\"answer[10]\" value=\"55\"><span class=\"basic-text\" style=\"color: #000000; font-size: 14px; font-weight: normal;\">Nein, FileMaker bleibt eine klassische Datenbank<\/span><\/label><\/div><\/li><li class=\"basic-answer\" style=\"padding:0px 0px;\" data-id=\"56\" data-type=\"text\" data-vn=\"3\" data-color=\"#000000\" data-make-link=\"no\" data-link=\"\"><div class=\"basic-answer-content basic-text-vertical\"><label for=\"answer[56]\" class=\"basic-answer-label\"><input type=\"radio\" id=\"answer[56]\" name=\"answer[10]\" value=\"56\"><span class=\"basic-text\" style=\"color: #000000; font-size: 14px; font-weight: normal;\">Keine Ahnung, nutze FileMaker nicht<\/span><\/label><\/div><\/li><\/ul><\/div><div class=\"clearfix\"><\/div><\/div><div class=\"basic-vote\"><a href=\"#\" class=\"button basic-vote-button\" role=\"button\" style=\"background:#027bb8; border:0px; border-style: solid; border-color:#000000; border-radius:5px; padding:10px 10px; color:#ffffff; font-size:14px; font-weight:normal;\">Abstimmen<\/a><\/div><\/form><\/div><\/div><\/div><\/div>\n\t\t\t\t\t\t<\/div>\n<hr \/>\n<h3>Weitere Themen: JavaScript, Performance, FileMaker-Optimierung<\/h3>\n<p>Neben dem KI-Schwerpunkt gab es nat\u00fcrlich auch Sessions zu klassischen und dennoch hochaktuellen Themen:<\/p>\n<ul>\n<li><strong>JavaScript in FileMaker<\/strong> &#8211; von grundlegender Integration bis hin zu fortgeschrittenen UI-Anpassungen<\/li>\n<li><strong>Performance-Tuning<\/strong> &#8211; wie man auch bei gro\u00dfen Datenmengen fl\u00fcssige Benutzererlebnisse schafft<\/li>\n<li><strong>FileMaker-Server-Optimierung<\/strong> &#8211; wichtige Tipps f\u00fcr Administratoren, die mehr aus ihrer Hardware herausholen wollen<\/li>\n<\/ul>\n<p>Alles in allem war die Themenauswahl breit genug, um sowohl f\u00fcr Einsteiger als auch f\u00fcr alte Hasen wertvolle Impulse zu bieten &#8211; und gleichzeitig fokussiert genug, um aktuelle Trends greifbar zu machen.<\/p>\n<h3>FMM-Awards: Eine sch\u00f6ne Tradition lebt weiter<\/h3>\n<p>Am zweiten Konferenztag stand dann ein fester Bestandteil des Konferenzprogramms auf dem Plan: Die Verleihung der FMM-Awards durch Klemens Kegebein vom K&amp;K-Verlag, dem Herausgeber des <strong><a href=\"https:\/\/filemaker-konferenz.com\/\" target=\"_blank\" rel=\"noopener\">FileMaker Magazins<\/a><\/strong>.<\/p>\n<p>Drei Awards wurden dieses Jahr vergeben &#8211; eine w\u00fcrdige Anerkennung f\u00fcr herausragende Leistungen im FileMaker-Umfeld. Ob f\u00fcr innovative L\u00f6sungen, kreative Plugins oder wegweisende Community-Beitr\u00e4ge: Der FMM-Award ist nach wie vor ein Symbol f\u00fcr Engagement und Qualit\u00e4t in der Szene. Klemens hat es auch in diesem Jahr verstanden, mit einem kurzen, pers\u00f6nlichen R\u00fcckblick jedem Preistr\u00e4ger die verdiente B\u00fchne zu geben &#8211; ohne gro\u00dfes Brimborium, aber mit Herz und Fachverstand.<\/p>\n<p><img loading=\"lazy\" decoding=\"async\" class=\"alignnone size-full wp-image-2901\" src=\"https:\/\/www.markus-schall.de\/wp-content\/uploads\/FMK2025-FMM-Award.jpg\" alt=\"FileMaker-Konferenz 2025: FMM Awards\" width=\"1600\" height=\"841\" srcset=\"https:\/\/www.markus-schall.de\/wp-content\/uploads\/FMK2025-FMM-Award.jpg 1024w, https:\/\/www.markus-schall.de\/wp-content\/uploads\/FMK2025-FMM-Award-300x158.jpg 300w, https:\/\/www.markus-schall.de\/wp-content\/uploads\/FMK2025-FMM-Award-768x404.jpg 768w, https:\/\/www.markus-schall.de\/wp-content\/uploads\/FMK2025-FMM-Award-18x9.jpg 18w\" sizes=\"auto, (max-width: 1600px) 100vw, 1600px\" \/><\/p>\n<h3>Unerwartete Unterbrechung: Feueralarm im Hotel &#8211; mit Decke, Wind und Humor<\/h3>\n<p>Was w\u00e4re eine gute Konferenz ohne einen kleinen Zwischenfall? In diesem Jahr war es ein echter Feueralarm, der f\u00fcr einen unvergesslichen Moment sorgte &#8211; und dabei unfreiwillig zum Gespr\u00e4chsstoff des Abends wurde.<\/p>\n<p>Es war der zweite Abend. Die meisten Teilnehmer hatten es sich bereits in der gro\u00dfen Hotelbar gem\u00fctlich gemacht. Ein wirklich imposanter Raum mit viel Platz, ged\u00e4mpftem Licht und einer angenehmen Mischung aus Bier, Wein, Whisky &#8211; und ebenso tiefen wie lockeren Gespr\u00e4chen. Ich selbst war gerade nochmal auf mein Zimmer gefahren &#8211; ein kurzer Abstecher, um mir noch eine Zigarette zu drehen. Ich bin also auf meinem Zimmer, drehe mir ganz in Ruhe meine Zigarette und mache mich wieder auf den Weg zur\u00fcck zum Fahrstuhl. Doch noch bevor ich einsteigen kann, blinken pl\u00f6tzlich die Anzeigen &#8211; und auf dem Display steht: \u201eLift under fire\u201c. Ich stutze, denke: <em>&#8222;Na, das ist doch jetzt ein schlechter Scherz&#8230;&#8220;<\/em><\/p>\n<p>Also nehme ich die Treppe &#8211; man ist ja vorsichtig &#8211; und komme unten an. Dort steht tats\u00e4chlich ein Polizist in der Lobby. Ich gehe auf ihn zu und frage ihn ganz entspannt:<\/p>\n<p><em>\u201eFeuer? Nee, wahrscheinlich nicht, oder? Alles gut?\u201c<\/em><\/p>\n<p>Die Antwort des Hamburger Polizisten, trocken wie ein alter Lemberger:<\/p>\n<p><em>\u201eWei\u00df ich nicht &#8211; irgendwie ist man hier nicht in der Lage, uns Auskunft zu geben.\u201c<\/em><\/p>\n<p>Treffender h\u00e4tte man es nicht formulieren k\u00f6nnen. Ich dachte mir nur: <em>&#8222;Na gut, dann erstmal eine rauchen&#8220;<\/em>. Und w\u00e4hrend andere vielleicht nerv\u00f6s umherliefen, bin ich ganz entspannt durch den Hinterausgang des Hotels, raus in die frische Luft, und habe meine Zigarette geraucht. Als ich zur\u00fcck kam, war pl\u00f6tzlich&#8230; niemand mehr da. Das ganze Hotel wirkte wie ausgestorben. Ich bin durch den Seiteneingang rein, aber nirgendwo jemand zu sehen. Da d\u00e4mmerte es mir: Die haben evakuiert! Und tats\u00e4chlich &#8211; kurze Zeit sp\u00e4ter begegnete ich drei Kollegen auf dem Gang, die mir best\u00e4tigten: Alle G\u00e4ste sind nach drau\u00dfen gebracht worden. Ich hatte also das halbe Szenario glatt verpasst.<\/p>\n<p><img loading=\"lazy\" decoding=\"async\" class=\"alignnone size-full wp-image-2899\" src=\"https:\/\/www.markus-schall.de\/wp-content\/uploads\/FMK2025-Feueralarm-1.jpg\" alt=\"FileMaker Konferenz 2025: Feueralarm mit Feuerwehr\" width=\"1600\" height=\"800\" srcset=\"https:\/\/www.markus-schall.de\/wp-content\/uploads\/FMK2025-Feueralarm-1.jpg 1024w, https:\/\/www.markus-schall.de\/wp-content\/uploads\/FMK2025-Feueralarm-1-300x150.jpg 300w, https:\/\/www.markus-schall.de\/wp-content\/uploads\/FMK2025-Feueralarm-1-768x384.jpg 768w, https:\/\/www.markus-schall.de\/wp-content\/uploads\/FMK2025-Feueralarm-1-18x9.jpg 18w\" sizes=\"auto, (max-width: 1600px) 100vw, 1600px\" \/><\/p>\n<p>Wir wollten dann gemeinsam nachsehen, was los war &#8211; aber eine Kollegin musste dringend zur Toilette. Und in freier Wildbahn ist das bekanntlich f\u00fcr Damen ungleich komplizierter. Also habe ich ihnen den Hintereingang gezeigt &#8211; und wir sind zu viert nochmal ins Hotel geschlichen. Etwas heikel, weil in der Lobby mittlerweile mehrere Polizisten standen. Doch irgendwie sind die drei an ihnen vorbeigekommen.<\/p>\n<p>Ich selbst bin dann wieder raus &#8211; und diesmal nach vorne zur Hauptstra\u00dfe. Dort stand dann die gesamte Konferenzgesellschaft &#8211; fein s\u00e4uberlich auf der gegen\u00fcberliegenden Stra\u00dfenseite gruppiert. Nur das Hotelpersonal durfte in der N\u00e4he des Geb\u00e4udes bleiben. Und es war windig. Richtig windig. Ich hatte keine Jacke, konnte nicht ins Auto (die Tiefgarage war gesperrt), und so standen wir da &#8211; rund 150 Menschen &#8211; und froren uns langsam aber sicher den Abend zurecht. Aber: Vorbildlich organisiert. Nach etwa zehn Minuten kam das Hotelpersonal mit einer gro\u00dfen Ladung Wolldecken. Ob von der Feuerwehr oder aus dem Hotel selbst &#8211; v\u00f6llig egal. In jedem Fall: schnell, freundlich, effizient.<\/p>\n<p>Nach rund einer halben Stunde war der Spuk vorbei. Drei Feuerwehrwagen, Polizeifahrzeuge, Sirenen &#8211; das komplette Programm. Aber es stellte sich heraus: Fehlalarm. Kein Feuer, kein Rauch &#8211; vermutlich hatte ein Rauchmelder in der K\u00fcche ausgel\u00f6st. Kurz darauf durften wir alle wieder hinein &#8211; und unsere Getr\u00e4nke warteten noch auf uns. Der Abend ging weiter, als w\u00e4re nichts gewesen &#8211; nur eben mit etwas mehr Gespr\u00e4chsstoff.<\/p>\n<p>Ein kleiner Zwischenfall, der zeigt: Die FileMaker-Community bleibt selbst im Feueralarm stabil. Humor, Zusammenhalt und eine gute Decke helfen durch jede Krise.<\/p>\n<p><img loading=\"lazy\" decoding=\"async\" class=\"alignnone size-full wp-image-2902\" src=\"https:\/\/www.markus-schall.de\/wp-content\/uploads\/FMK2025-Feueralarm-2.jpg\" alt=\"FMK2025-Feueralarm-2\" width=\"1600\" height=\"857\" srcset=\"https:\/\/www.markus-schall.de\/wp-content\/uploads\/FMK2025-Feueralarm-2.jpg 1024w, https:\/\/www.markus-schall.de\/wp-content\/uploads\/FMK2025-Feueralarm-2-300x161.jpg 300w, https:\/\/www.markus-schall.de\/wp-content\/uploads\/FMK2025-Feueralarm-2-768x411.jpg 768w, https:\/\/www.markus-schall.de\/wp-content\/uploads\/FMK2025-Feueralarm-2-18x10.jpg 18w\" sizes=\"auto, (max-width: 1600px) 100vw, 1600px\" \/><\/p>\n<h2>Elektronische Rechnungen: Ein Thema mit wachsender Relevanz<\/h2>\n<p>Ein deutlich sp\u00fcrbarer Schwerpunkt auf der diesj\u00e4hrigen FileMaker-Konferenz war das Thema elektronische Rechnungsstellung &#8211; insbesondere im Hinblick auf die kommenden gesetzlichen \u00c4nderungen in Deutschland und der EU. Ab 2025 werden viele Unternehmen zur Ausstellung und Annahme von E-Rechnungen im ZUGFeRD- oder XRechnung-Format verpflichtet sein. In mehreren Gespr\u00e4chen wurde deutlich, dass sich die FileMaker-Community zunehmend mit der technischen Umsetzung und Integration solcher Formate besch\u00e4ftigt.<\/p>\n<p>Einige Entwickler zeigten dabei erste individuelle L\u00f6sungen auf Basis von FileMaker, w\u00e4hrend andere die Vorteile fertiger Systeme oder externer Bibliotheken diskutierten. Klar wurde in jedem Fall: Die Zeit, E-Rechnungen in den eigenen Workflow zu integrieren, ist jetzt. Denn die rechtlichen und technischen Rahmenbedingungen wandeln sich schnell &#8211; und wer zu sp\u00e4t kommt, den bestraft die B\u00fcrokratie.<\/p>\n<h3>gFM-Business Professional: E-Rechnung inklusive<\/h3>\n<p>Vor diesem Hintergrund ist es erw\u00e4hnenswert, dass die FileMaker-basierte <a href=\"https:\/\/gofilemaker.de\/gfm-business-warenwirtschaft\/\" target=\"_blank\" rel=\"noopener\"><strong>gFM-Business ERP-Software<\/strong><\/a>, speziell die Professional-Version, bereits heute serienm\u00e4\u00dfig die Erstellung elektronischer Rechnungen unterst\u00fctzt. Anwender k\u00f6nnen komfortabel ZUGFeRD- oder XRechnung-kompatible PDF-Dateien direkt aus dem Rechnungslayout erzeugen &#8211; auf Knopfdruck und ohne tiefgehende technische Kenntnisse. Das System erzeugt dabei valide XML-Datenstrukturen und bettet sie korrekt in die PDF ein &#8211; genau so, wie es von \u00f6ffentlichen Auftraggebern und vielen gr\u00f6\u00dferen Unternehmen gefordert wird.<\/p>\n<figure id=\"attachment_2798\" aria-describedby=\"caption-attachment-2798\" style=\"width: 2550px\" class=\"wp-caption alignnone\"><a href=\"https:\/\/gofilemaker.de\/gfm-business-warenwirtschaft\/\" target=\"_blank\" rel=\"noopener\"><img loading=\"lazy\" decoding=\"async\" class=\"wp-image-2798 size-full\" src=\"https:\/\/www.markus-schall.de\/wp-content\/uploads\/open-source-basic-pro-erp-plattformen-8-scaled.jpg\" alt=\"Anpassbare ERP-Software auf 4 Plattformen\" width=\"2560\" height=\"722\" srcset=\"https:\/\/www.markus-schall.de\/wp-content\/uploads\/open-source-basic-pro-erp-plattformen-8-scaled.jpg 2560w, https:\/\/www.markus-schall.de\/wp-content\/uploads\/open-source-basic-pro-erp-plattformen-8-300x85.jpg 300w, https:\/\/www.markus-schall.de\/wp-content\/uploads\/open-source-basic-pro-erp-plattformen-8-1024x289.jpg 1024w, https:\/\/www.markus-schall.de\/wp-content\/uploads\/open-source-basic-pro-erp-plattformen-8-768x217.jpg 768w, https:\/\/www.markus-schall.de\/wp-content\/uploads\/open-source-basic-pro-erp-plattformen-8-1536x433.jpg 1536w, https:\/\/www.markus-schall.de\/wp-content\/uploads\/open-source-basic-pro-erp-plattformen-8-2048x578.jpg 2048w, https:\/\/www.markus-schall.de\/wp-content\/uploads\/open-source-basic-pro-erp-plattformen-8-18x5.jpg 18w\" sizes=\"auto, (max-width: 2560px) 100vw, 2560px\" \/><\/a><figcaption id=\"caption-attachment-2798\" class=\"wp-caption-text\">Noch bis zum 31.10.2025 mit 15% zum einmaligen Preis kaufen<\/figcaption><\/figure>\n<p>Diese Funktionalit\u00e4t wurde auf der Konferenz positiv erw\u00e4hnt, insbesondere von jenen Teilnehmern, die mit wachsendem Aufwand bei der Erstellung und Verarbeitung von E-Rechnungen k\u00e4mpfen. Wer also eine praxisnahe, sofort einsatzf\u00e4hige L\u00f6sung sucht, um rechtssicher E-Rechnungen zu erzeugen, sollte sich gFM-Business Professional n\u00e4her ansehen &#8211; ein gutes Beispiel daf\u00fcr, wie moderne FileMaker-L\u00f6sungen rechtliche Anforderungen mit Benutzerfreundlichkeit verbinden k\u00f6nnen.<\/p>\n<h3>Offen f\u00fcr Entwickler: gFM-Business als lizenzierbare FileMaker-Basis<\/h3>\n<p>Ein besonderes Highlight f\u00fcr <a href=\"https:\/\/gofilemaker.de\/shop\/filemaker-entwickler\/\" target=\"_blank\" rel=\"noopener\"><strong>FileMaker-Entwickler<\/strong><\/a>: Die gFM-Business ERP-Software ist nicht nur als fertige Anwendung erh\u00e4ltlich, sondern auch als offene Lizenz f\u00fcr Entwickler verf\u00fcgbar. Damit erhalten FileMaker-Profis die M\u00f6glichkeit, das gesamte System als ausgereifte Entwicklungsbasis f\u00fcr eigene Kundenprojekte zu nutzen &#8211; etwa zur Anpassung an branchenspezifische Anforderungen oder zur Integration weiterer Module wie Lagerverwaltung, Seriennummern oder Fertigungsprozesse.<\/p>\n<p>Die offene Lizenz enth\u00e4lt ein vollwertiges Entwicklermodul, in dem alle Tabellen, Felder, Scripts, Layouts und Funktionen der Software transparent dokumentiert sind &#8211; direkt in der Anwendung. Dadurch k\u00f6nnen Entwickler auf eine solide, dokumentierte Codebasis zur\u00fcckgreifen, die sich in vielen Jahren Praxis bew\u00e4hrt hat. Besonders bei komplexeren Kundenprojekten oder beim Thema E-Rechnung bietet gFM-Business so einen schnellen und sicheren Einstiegspunkt zur Umsetzung moderner Gesch\u00e4ftsprozesse mit FileMaker.<\/p>\n<h2>R\u00fcckblick &amp; Perspektive: FileMaker, KI, Zukunft<\/h2>\n<p>Der dritte und letzte Tag der Konferenz war dann etwas ruhiger. Man merkte, dass viele Gespr\u00e4che bereits gef\u00fchrt, viele Eindr\u00fccke bereits verarbeitet waren. Doch auch an diesem Tag gab es noch spannende Inhalte.<\/p>\n<p>Claris selbst war mit zwei eigenen Sessions vertreten, die die neuen M\u00f6glichkeiten der aktuellen FileMaker-Version vorgestellt haben. Auch in den inoffiziellen Gespr\u00e4chen wurde klar: Die Integration von K\u00fcnstlicher Intelligenz in FileMaker wird eines der zentralen Themen der n\u00e4chsten Jahre. Ob lokal, hybrid oder \u00fcber APIs &#8211; wer sich fr\u00fch damit besch\u00e4ftigt, wird langfristig im Vorteil sein. Und wer seine FileMaker-L\u00f6sungen mit generativen oder analytischen KI-Funktionen erg\u00e4nzt, wird nicht nur produktiver, sondern auch wettbewerbsf\u00e4higer arbeiten k\u00f6nnen.<\/p>\n<p><strong>Was nehme ich mit von der FileMaker-Konferenz 2025?<\/strong><\/p>\n<p>Viele wertvolle Gespr\u00e4che &#8211; teils mit Menschen, die ich seit Jahren kenne, teils mit neuen Gesichtern, bei denen sofort ein Draht da war. Das Gef\u00fchl, mit meinem Buchprojekt resonante Impulse gesetzt zu haben &#8211; die Reaktionen waren durchweg positiv. Viele sprachen mich direkt darauf an.<\/p>\n<p>Ja, es war eine kleinere Konferenz als fr\u00fcher &#8211; vielleicht rund 100 Teilnehmer. Aber genau das machte sie auch wieder besonders famili\u00e4r. Die FileMaker-Community lebt &#8211; und sie w\u00e4chst auch wieder. Junge Entwickler sind dazugesto\u00dfen, erfahrene Entwickler sind geblieben. Und alle eint der Wille, gute L\u00f6sungen f\u00fcr echte Menschen zu schaffen.<\/p>\n","protected":false},"excerpt":{"rendered":"<p>Konferencja FileMaker 2025 w Hamburgu dobieg\u0142a ko\u0144ca \u2013 i pod wieloma wzgl\u0119dami stanowi\u0142a wyj\u0105tkowy kamie\u0144 milowy. Nie tylko dlatego, \u017ce w tym roku wiele temat\u00f3w dotyczy\u0142o sztucznej inteligencji, wydajno\u015bci i nowoczesnych proces\u00f3w pracy \u2013 ale tak\u017ce dlatego, \u017ce ponownie w pe\u0142ni ujawni\u0142a si\u0119 osobista wymiana pogl\u0105d\u00f3w i \u201erodzinna\u201c atmosfera spo\u0142eczno\u015bci FileMaker. Dla mnie osobi\u015bcie\u2026 <a title=\"Tworzenie oprogramowania z wykorzystaniem Codex, ChatGPT i sztucznej inteligencji: praktyczny przewodnik dla programist\u00f3w\" class=\"read-more\" href=\"https:\/\/www.markus-schall.de\/pl\/2026\/06\/software-entwickeln-mit-codex-chatgpt-und-ki-praxisleitfaden-fuer-entwickler\/\" aria-label=\"Dowiedz si\u0119 wi\u0119cej o tworzeniu oprogramowania z wykorzystaniem Codex, ChatGPT i sztucznej inteligencji: praktyczny przewodnik dla programist\u00f3w\">Dowiedz si\u0119 wi\u0119cej<\/a><\/p>","protected":false},"author":1,"featured_media":2899,"comment_status":"open","ping_status":"open","sticky":false,"template":"","format":"standard","meta":{"iawp_total_views":35,"footnotes":""},"categories":[1,3,431,235],"tags":[440,398,410,414,471],"class_list":["post-2898","post","type-post","status-publish","format-standard","has-post-thumbnail","hentry","category-allgemein","category-filemaker","category-ki-systeme","category-stories-humor","tag-datenbanken","tag-erp-software","tag-filemaker","tag-gfm-business","tag-kuenstliche-intelligenz"],"_links":{"self":[{"href":"https:\/\/www.markus-schall.de\/pl\/wp-json\/wp\/v2\/posts\/2898","targetHints":{"allow":["GET"]}}],"collection":[{"href":"https:\/\/www.markus-schall.de\/pl\/wp-json\/wp\/v2\/posts"}],"about":[{"href":"https:\/\/www.markus-schall.de\/pl\/wp-json\/wp\/v2\/types\/post"}],"author":[{"embeddable":true,"href":"https:\/\/www.markus-schall.de\/pl\/wp-json\/wp\/v2\/users\/1"}],"replies":[{"embeddable":true,"href":"https:\/\/www.markus-schall.de\/pl\/wp-json\/wp\/v2\/comments?post=2898"}],"version-history":[{"count":7,"href":"https:\/\/www.markus-schall.de\/pl\/wp-json\/wp\/v2\/posts\/2898\/revisions"}],"predecessor-version":[{"id":3395,"href":"https:\/\/www.markus-schall.de\/pl\/wp-json\/wp\/v2\/posts\/2898\/revisions\/3395"}],"wp:featuredmedia":[{"embeddable":true,"href":"https:\/\/www.markus-schall.de\/pl\/wp-json\/wp\/v2\/media\/2899"}],"wp:attachment":[{"href":"https:\/\/www.markus-schall.de\/pl\/wp-json\/wp\/v2\/media?parent=2898"}],"wp:term":[{"taxonomy":"category","embeddable":true,"href":"https:\/\/www.markus-schall.de\/pl\/wp-json\/wp\/v2\/categories?post=2898"},{"taxonomy":"post_tag","embeddable":true,"href":"https:\/\/www.markus-schall.de\/pl\/wp-json\/wp\/v2\/tags?post=2898"}],"curies":[{"name":"wp","href":"https:\/\/api.w.org\/{rel}","templated":true}]}}