{"id":3069,"date":"2025-10-08T06:22:41","date_gmt":"2025-10-08T06:22:41","guid":{"rendered":"https:\/\/www.markus-schall.de\/?p=3069"},"modified":"2026-04-28T15:07:00","modified_gmt":"2026-04-28T15:07:00","slug":"emigracja-do-czech-moja-droga-moje-powody-moje-plany","status":"publish","type":"post","link":"https:\/\/www.markus-schall.de\/pl\/2025\/10\/auswandern-nach-tschechien-mein-weg-meine-gruende-meine-plaene\/","title":{"rendered":"Emigracja do Czech: moja droga, moje powody, moje plany"},"content":{"rendered":"<p>Manche Entscheidungen entstehen \u00fcber Nacht &#8211; andere wachsen langsam. In meinem Fall war es Letzteres. Die Idee, Deutschland zu verlassen und ein neues Kapitel im Ausland aufzuschlagen, begleitet mich schon seit Jahren. Aber wie das Leben eben so spielt, kam immer wieder etwas dazwischen: Verpflichtungen, Projekte, pers\u00f6nliche Bindungen &#8211; und nicht zuletzt auch die bequeme Vertrautheit mit dem, was man kennt. Doch irgendwann kommt der Moment, an dem man sp\u00fcrt:<\/p>\n<p>Jetzt reicht es. Jetzt ist der Zeitpunkt da, an dem man handeln muss.<!--more--><\/p>\n<hr \/>\n\n\t\t\t<div class=\"display-post-types\">\n\n\t\t\t\t\t\t\t<style type=\"text\/css\">\n\t\t\t#dpt-wrapper-691 { --dpt-text-align: left;--dpt-image-crop: center;--dpt-border-radius: 5px;--dpt-small-grid-column: 33.33%;--dpt-large-grid-column: 33.3333333333%;--dpt-h-gutter: 12.5px;--dpt-v-gutter: 10px; }\t\t\t<\/style>\n\t\t\t<style type=\"text\/css\">#dpt-wrapper-691 { --dpt-title-font-style:normal;--dpt-title-font-weight:600;--dpt-title-line-height:1.5;--dpt-title-text-decoration:none;--dpt-title-text-transform:none;--dpt-excerpt-font-style:normal;--dpt-excerpt-font-weight:400;--dpt-excerpt-line-height:1.5;--dpt-excerpt-text-decoration:none;--dpt-excerpt-text-transform:none;--dpt-meta1-font-style:normal;--dpt-meta1-font-weight:400;--dpt-meta1-line-height:1.9;--dpt-meta1-text-decoration:none;--dpt-meta1-text-transform:none;--dpt-meta2-font-style:normal;--dpt-meta2-font-weight:400;--dpt-meta2-line-height:1.9;--dpt-meta2-text-decoration:none;--dpt-meta2-text-transform:none; }<\/style><div class=\" dpt-main-header\">\n\t\t\t\t\t\t<div class=\"dpt-main-title\">\n\t\t\t\t\t\t\t<span class=\"dpt-main-title-text\">Aktuelle Gesellschaftsthemen<\/span>\n\t\t\t\t\t\t<\/div>\n\t\t\t\t\t\t\n\t\t\t\t\t\t\n\t\t\t\t\t\t\n\t\t\t\t\t\t<\/div>\t\t\t\n\t\t\t\t<div id=\"dpt-wrapper-691\" class=\"dpt-wrapper dpt-grid1 multi-col dpt-mason-wrap\" >\n\n\t\t\t\t\t\t\t\t\t\t\t<div class=\"dpt-entry has-thumbnail\" data-title=\"digitales eigentum erkl\u00e4rt &#8211; so entstehen nachhaltige online-verm\u00f6genswerte\" data-id=\"4766\"  data-category=\"allgemein b\u00fccher gesellschaft ki-systeme\" data-post_tag=\"buch datenbanken denkmodelle digitales eigentum erp-software k\u00fcnstliche intelligenz prozesse publishing wordpress\">\n\t\t\t\t\t\t\t<div class=\"dpt-entry-wrapper\"><div class=\" dpt-featured-content\"><div class=\" dpt-permalink\"><a href=\"https:\/\/www.markus-schall.de\/pl\/2026\/02\/digitales-eigentum-erklaert-so-entstehen-nachhaltige-online-vermoegenswerte\/\" class=\"dpt-permalink\"><span class=\"screen-reader-text\">Digitales Eigentum erkl\u00e4rt &#8211; So entstehen nachhaltige Online-Verm\u00f6genswerte<\/span><\/a><\/div><div class=\" dpt-thumbnail\"><div class=\"dpt-thumbnail-inner\"><img width=\"1024\" height=\"683\" class=\"attachment-full size-full\" alt=\"Was ist Digitales Eigentum\" context=\"dpt\" data-dpt-src=\"https:\/\/www.markus-schall.de\/wp-content\/uploads\/Digitales-Eigentum.jpg\" data-dpt-sizes=\"(max-width: 1024px) 100vw, 1024px\" data-dpt-srcset=\"https:\/\/www.markus-schall.de\/wp-content\/uploads\/Digitales-Eigentum.jpg 1024w, https:\/\/www.markus-schall.de\/wp-content\/uploads\/Digitales-Eigentum-300x200.jpg 300w, https:\/\/www.markus-schall.de\/wp-content\/uploads\/Digitales-Eigentum-768x512.jpg 768w, https:\/\/www.markus-schall.de\/wp-content\/uploads\/Digitales-Eigentum-18x12.jpg 18w\" \/><\/div><span class=\"dpt-thumbnail-aspect-ratio\" style=\"padding-top: 67%\"><\/span><\/div><\/div><div class=\" sub-entry\"><h3 class=\" dpt-title\"><a class=\"dpt-title-link\" href=\"https:\/\/www.markus-schall.de\/pl\/2026\/02\/digitales-eigentum-erklaert-so-entstehen-nachhaltige-online-vermoegenswerte\/\" rel=\"bookmark\">Digitales Eigentum erkl\u00e4rt &#8211; So entstehen nachhaltige Online-Verm\u00f6genswerte<\/a><\/h3><\/div><\/div>\n\t\t\t\t\t\t<\/div><!-- .dpt-entry -->\n\t\t\t\t\t\t\t\t\t\t\t\t<div class=\"dpt-entry has-thumbnail\" data-title=\"wie ich in vier monaten f\u00fcnf b\u00fccher in zwei sprachen geschrieben habe\" data-id=\"2775\"  data-category=\"allgemein b\u00fccher gesellschaft tipps &amp; anleitungen\" data-post_tag=\"buch digitales eigentum lernen prozesse publishing verlag\">\n\t\t\t\t\t\t\t<div class=\"dpt-entry-wrapper\"><div class=\" dpt-featured-content\"><div class=\" dpt-permalink\"><a href=\"https:\/\/www.markus-schall.de\/pl\/2025\/09\/wie-ich-in-vier-monaten-fuenf-buecher-in-zwei-sprachen-geschrieben-habe\/\" class=\"dpt-permalink\"><span class=\"screen-reader-text\">Wie ich in vier Monaten f\u00fcnf B\u00fccher in zwei Sprachen geschrieben habe<\/span><\/a><\/div><div class=\" dpt-thumbnail\"><div class=\"dpt-thumbnail-inner\"><img width=\"1920\" height=\"1280\" class=\"attachment-full size-full\" alt=\"B\u00fccher schreiben mit Affinity und BoD\" context=\"dpt\" data-dpt-src=\"https:\/\/www.markus-schall.de\/wp-content\/uploads\/buecher-affinity-bod-selfpublishing.jpg\" data-dpt-sizes=\"(max-width: 1920px) 100vw, 1920px\" data-dpt-srcset=\"https:\/\/www.markus-schall.de\/wp-content\/uploads\/buecher-affinity-bod-selfpublishing.jpg 1920w, https:\/\/www.markus-schall.de\/wp-content\/uploads\/buecher-affinity-bod-selfpublishing-300x200.jpg 300w, https:\/\/www.markus-schall.de\/wp-content\/uploads\/buecher-affinity-bod-selfpublishing-1024x683.jpg 1024w, https:\/\/www.markus-schall.de\/wp-content\/uploads\/buecher-affinity-bod-selfpublishing-768x512.jpg 768w, https:\/\/www.markus-schall.de\/wp-content\/uploads\/buecher-affinity-bod-selfpublishing-1536x1024.jpg 1536w, https:\/\/www.markus-schall.de\/wp-content\/uploads\/buecher-affinity-bod-selfpublishing-18x12.jpg 18w\" \/><\/div><span class=\"dpt-thumbnail-aspect-ratio\" style=\"padding-top: 67%\"><\/span><\/div><\/div><div class=\" sub-entry\"><h3 class=\" dpt-title\"><a class=\"dpt-title-link\" href=\"https:\/\/www.markus-schall.de\/pl\/2025\/09\/wie-ich-in-vier-monaten-fuenf-buecher-in-zwei-sprachen-geschrieben-habe\/\" rel=\"bookmark\">Wie ich in vier Monaten f\u00fcnf B\u00fccher in zwei Sprachen geschrieben habe<\/a><\/h3><\/div><\/div>\n\t\t\t\t\t\t<\/div><!-- .dpt-entry -->\n\t\t\t\t\t\t\t\t\t\t\t\t<div class=\"dpt-entry has-thumbnail\" data-title=\"reichtum im eis \u2013 warum gr\u00f6nlands rohstoffboom unsicher bleibt\" data-id=\"6260\"  data-category=\"allgemein gesellschaft\" data-post_tag=\"energiepolitik europa geopolitik sicherheitspolitik\">\n\t\t\t\t\t\t\t<div class=\"dpt-entry-wrapper\"><div class=\" dpt-featured-content\"><div class=\" dpt-permalink\"><a href=\"https:\/\/www.markus-schall.de\/pl\/2026\/07\/reichtum-im-eis-warum-groenlands-rohstoffboom-unsicher-bleibt\/\" class=\"dpt-permalink\"><span class=\"screen-reader-text\">Reichtum im Eis \u2013 warum Gr\u00f6nlands Rohstoffboom unsicher bleibt<\/span><\/a><\/div><div class=\" dpt-thumbnail\"><div class=\"dpt-thumbnail-inner\"><img width=\"1200\" height=\"675\" class=\"attachment-full size-full\" alt=\"Rohstoffe in Gr\u00f6nland\" context=\"dpt\" data-dpt-src=\"https:\/\/www.markus-schall.de\/wp-content\/uploads\/Groenland-Rohstoffe.jpg\" data-dpt-sizes=\"(max-width: 1200px) 100vw, 1200px\" data-dpt-srcset=\"https:\/\/www.markus-schall.de\/wp-content\/uploads\/Groenland-Rohstoffe.jpg 1200w, https:\/\/www.markus-schall.de\/wp-content\/uploads\/Groenland-Rohstoffe-300x169.jpg 300w, https:\/\/www.markus-schall.de\/wp-content\/uploads\/Groenland-Rohstoffe-1024x576.jpg 1024w, https:\/\/www.markus-schall.de\/wp-content\/uploads\/Groenland-Rohstoffe-768x432.jpg 768w, https:\/\/www.markus-schall.de\/wp-content\/uploads\/Groenland-Rohstoffe-18x10.jpg 18w\" \/><\/div><span class=\"dpt-thumbnail-aspect-ratio\" style=\"padding-top: 56%\"><\/span><\/div><\/div><div class=\" sub-entry\"><h3 class=\" dpt-title\"><a class=\"dpt-title-link\" href=\"https:\/\/www.markus-schall.de\/pl\/2026\/07\/reichtum-im-eis-warum-groenlands-rohstoffboom-unsicher-bleibt\/\" rel=\"bookmark\">Reichtum im Eis \u2013 warum Gr\u00f6nlands Rohstoffboom unsicher bleibt<\/a><\/h3><\/div><\/div>\n\t\t\t\t\t\t<\/div><!-- .dpt-entry -->\n\t\t\t\t\t\t\n\t\t\t\t<\/div>\n\t\t\t\t\t\t<\/div>\n\t\t\t\n<hr \/>\n<h2>Aktuelle Meldungen zum Thema<\/h2>\n<p><strong>27.04.2026<\/strong>: Ein <a href=\"https:\/\/www.fr.de\/verbraucher\/deutschland-den-ruecken-unternehmer-nennt-vier-hauptfaktoren-fuers-auswandern-familien-kehren-zr-94266073.html\" target=\"_blank\" rel=\"noopener\"><strong>aktueller Bericht in der Frankfurter Rundschau<\/strong><\/a> zeigt, dass immer mehr Menschen Deutschland den R\u00fccken kehren &#8211; und das keineswegs nur aus einem einzelnen Grund. Laut einem Unternehmer, der selbst ausgewandert ist, spielen vor allem vier Faktoren eine zentrale Rolle: steigende steuerliche Belastung, zunehmende B\u00fcrokratie, hohe Lebenshaltungskosten sowie der Wunsch nach mehr pers\u00f6nlicher Freiheit und Planbarkeit. Besonders interessant ist dabei weniger die einzelne Begr\u00fcndung, sondern das Gesamtbild: Es ist oft nicht \u201eder eine Ausl\u00f6ser\u201c, sondern eine schleichende Entwicklung \u00fcber Jahre hinweg. Viele berichten, dass sich Rahmenbedingungen zunehmend verschieben &#8211; und dass sich dadurch irgendwann die Frage stellt, ob ein Neuanfang im Ausland nicht die logischere Konsequenz ist.<\/p>\n<p>Gerade L\u00e4nder wie Tschechien r\u00fccken dabei verst\u00e4rkt in den Fokus, weil sie geografisch nah sind, innerhalb der EU liegen und gleichzeitig sp\u00fcrbar andere Bedingungen bieten. Der Artikel best\u00e4tigt damit vieles von dem, was auch in pers\u00f6nlichen Erfahrungsberichten immer wieder anklingt &#8211; nur diesmal etwas n\u00fcchterner von au\u00dfen betrachtet.<\/p>\n<p><strong>18.02.2026<\/strong>: Seit dem urspr\u00fcnglichen Artikel hat sich meine pers\u00f6nliche Situation ver\u00e4ndert. Mein geplanter Umzug nach Liberec hat sich zun\u00e4chst zerschlagen, weil in der entscheidenden Zeit schlichtweg keine passenden Immobilien auf dem Markt waren. Dadurch hat sich das ganze Vorhaben verz\u00f6gert, und aktuell ist ein Umzug nach Tschechien nicht mehr unmittelbar auf der Tagesordnung. Ob es perspektivisch \u00fcberhaupt dorthin geht, ist im Moment offen &#8211; es gibt pers\u00f6nliche Faktoren, die ich erst einmal ordnen m\u00f6chte.<\/p>\n<p>Die von mir gegr\u00fcndete Facebook-Gruppe werde ich dennoch weiterhin aktiv als Admin und Moderator betreuen, da das Thema nach wie vor viele Menschen bewegt und ich den Austausch dort wichtig finde.<\/p>\n<hr \/>\n<h2>Warum \u00fcberhaupt auswandern?<\/h2>\n<p>Es ist nicht so, dass ich mein Land verachte. Ich bin in Deutschland aufgewachsen, habe hier gearbeitet, Steuern gezahlt, Verantwortung \u00fcbernommen &#8211; und tue das auch weiterhin. Aber mit wachsendem Alter und zunehmender Lebenserfahrung sieht man Dinge anders.<\/p>\n<p>Was mich zunehmend besch\u00e4ftigt hat, ist eine Kombination aus mehreren Faktoren:<\/p>\n<h3>Hohe steuerliche Belastung<\/h3>\n<p>Als Selbstst\u00e4ndiger stelle ich mir immer \u00f6fter die Frage: Lohnt sich das alles eigentlich noch? Die Abgabenlast ist enorm &#8211; und der gef\u00fchlte Gegenwert daf\u00fcr wird Jahr f\u00fcr Jahr kleiner, was dann irgendwann am Lebenssinn nagt und man sich fragt, wof\u00fcr man das alles noch macht. In Tschechien habe ich die M\u00f6glichkeit, mit meinen Unternehmen viel besser zu skalieren als in Deutschland.<\/p>\n<h3>Gesellschaftlicher Wandel:<\/h3>\n<p>Ich beobachte eine zunehmende Engstirnigkeit. Der \u00f6ffentliche Diskurs ist enger geworden, kritische Gedanken werden oft reflexartig abgewehrt. Es gibt wenig Raum f\u00fcr Nuancen, wenig echtes Zuh\u00f6ren. Statt Dialog erlebt man Lagerbildung. Und das erm\u00fcdet. Wenn hierzulande mittlerweile offen \u00fcber den <a href=\"https:\/\/www.markus-schall.de\/2025\/10\/was-bedeutet-der-spannungsfall-in-deutschland-und-welche-folgen-haette-er-konkret\/\"><strong>Spannungsfall<\/strong><\/a> gesprochen wird &#8211; und das ganz ohne Widerspruch &#8211; dann ist f\u00fcr mich der Punkt erreicht, an dem ich ernsthaft \u00fcber Auswanderung nachdenke.<\/p>\n<h3>Vereinzelung &amp; R\u00fcckzug<\/h3>\n<p>Jeder scheint hier nur noch \u201esein eigenes Ding\u201c zu machen. Ich nehme wahr, dass viele Menschen sich zur\u00fcckziehen &#8211; aus Angst, aus \u00dcberforderung oder weil sie schlicht keine Lust mehr haben, sich in starren Systemen zu verbiegen.<\/p>\n<h2>Warum ausgerechnet Tschechien?<\/h2>\n<p>Tschechien ist f\u00fcr mich kein Fluchtort, sondern eine bewusste Entscheidung. Ein Land, das mir auf vielen Ebenen pragmatisch, klar und bodenst\u00e4ndig erscheint. Die Menschen wirken freier im Kopf.<\/p>\n<ul>\n<li>Das Steuersystem ist fairer strukturiert und belohnt Eigenverantwortung eher als hierzulande.<\/li>\n<li>Weniger B\u00fcrokratie, mehr \u00dcbersichtlichkeit &#8211; zumindest aus Sicht eines Selbstst\u00e4ndigen.<\/li>\n<li>Und auch in gesellschaftlichen Fragen ist man dort oft n\u00fcchterner und weniger ideologisch unterwegs.<\/li>\n<\/ul>\n<h3>Was mir au\u00dferdem gef\u00e4llt:<\/h3>\n<p>Tschechien liegt nicht weit von Deutschland entfernt. Wer &#8211; so wie ich &#8211; Familie in Deutschland hat, kann auch nach einem Umzug in wenigen Stunden wieder bei seinen Lieben sein. Das gibt Sicherheit und nimmt dem Schritt viel von seinem Schrecken.<\/p>\n<h3>Der ber\u00fchmte \u201eArschtritt\u201c, den es manchmal braucht<\/h3>\n<p>Wie das Leben so spielt, braucht es manchmal ein \u00e4u\u00dferes Ereignis, das einen aus der Komfortzone katapultiert. In meinem Fall war es eine <a href=\"https:\/\/www.markus-schall.de\/2025\/09\/mcs-wenn-das-leben-dich-zum-dritten-mal-zwingt-umzuziehen\/\"><strong>Gro\u00dfbaustelle, die direkt neben meinem Haus<\/strong><\/a> in Oldenburg er\u00f6ffnet wurde &#8211; mit Betonstaub, L\u00e4rm, chaotischen Zust\u00e4nden. Das Ma\u00df war voll. Ich f\u00fchlte: Jetzt oder nie. Jetzt ist die Zeit, alte \u00dcberlegungen endlich umzusetzen.<\/p>\n<p>Und so fiel der Entschluss, in den n\u00e4chsten Monaten konkrete Schritte zur Auswanderung zu unternehmen. Ziel ist derzeit: ein Neustart in Tschechien &#8211; m\u00f6glichst schon Anfang 2026, vielleicht auch etwas fr\u00fcher.<\/p>\n<div class=\"lyte-wrapper\" style=\"width:640px;max-width:100%;margin:5px;\"><div class=\"lyMe\" id=\"WYL_ficYVhR-I2Q\"><div id=\"lyte_ficYVhR-I2Q\" data-src=\"https:\/\/www.markus-schall.de\/wp-content\/plugins\/wp-youtube-lyte\/lyteCache.php?origThumbUrl=%2F%2Fi.ytimg.com%2Fvi%2FficYVhR-I2Q%2Fhqdefault.jpg\" class=\"pL\"><div class=\"tC\"><div class=\"tT\"><\/div><\/div><div class=\"play\"><\/div><div class=\"ctrl\"><div class=\"Lctrl\"><\/div><div class=\"Rctrl\"><\/div><\/div><\/div><noscript><a href=\"https:\/\/youtu.be\/ficYVhR-I2Q\" rel=\"nofollow noopener\" target=\"_blank\"><img loading=\"lazy\" decoding=\"async\" src=\"https:\/\/www.markus-schall.de\/wp-content\/plugins\/wp-youtube-lyte\/lyteCache.php?origThumbUrl=https%3A%2F%2Fi.ytimg.com%2Fvi%2FficYVhR-I2Q%2F0.jpg\" alt=\"YouTube video thumbnail\" width=\"640\" height=\"340\" \/><br \/>Watch this video on YouTube<\/a><\/noscript><\/div><\/div><div class=\"lL\" style=\"max-width:100%;width:640px;margin:5px;\"><\/div><\/p>\n<p class=\"style-scope ytd-watch-metadata\">Auswandern Tschechien \ud83c\udde8\ud83c\uddff | Vorteile, Interview und Vorgehen | <a href=\"https:\/\/www.youtube.com\/@auswandernweltweit\" target=\"_blank\" rel=\"nofollow noopener\">Auswandern weltweit<\/a><\/p>\n<h2>Neue Facebook-Gruppe &#8211; \u00f6ffentlich &amp; offen f\u00fcr Austausch<\/h2>\n<p>Um meine Gedanken zu sortieren und mit anderen ins Gespr\u00e4ch zu kommen, habe ich vor kurzem eine neue Facebook-Gruppe gegr\u00fcndet:<\/p>\n<p>\ud83d\udc49 \u201e<a href=\"https:\/\/www.facebook.com\/groups\/1323034562776241\" target=\"_blank\" rel=\"noopener\"><strong>Auswandern nach Tschechien<\/strong><\/a>\u201c &#8211; eine \u00f6ffentliche Gruppe f\u00fcr alle, die \u00e4hnliche Pl\u00e4ne hegen oder sich einfach nur informieren wollen.<\/p>\n<p>Die Idee dahinter ist ganz einfach:<\/p>\n<p>Ich befinde mich gerade selbst in der aktiven Planungsphase meiner Auswanderung und habe festgestellt, wie wenig zentrale deutschsprachige Anlaufstellen es f\u00fcr dieses Thema gibt &#8211; jedenfalls f\u00fcr Menschen, die nicht gleich in Prag in ein internationales Startup wechseln, sondern eher bodenst\u00e4ndig und realistisch nach einem neuen Lebensmittelpunkt suchen. In der Gruppe soll es um genau das gehen:<\/p>\n<ul>\n<li>Erfahrungen teilen<\/li>\n<li>Fragen stellen k\u00f6nnen, ohne gleich bewertet zu werden<\/li>\n<li>Hinweise zu Orten, Wohnungen, Beh\u00f6rden, Formularen, Stolperfallen<\/li>\n<\/ul>\n<p>Und vielleicht auch einfach mal ein paar ganz ehrliche Gedanken zur pers\u00f6nlichen Motivation<\/p>\n<p><a href=\"https:\/\/www.facebook.com\/groups\/1323034562776241\" target=\"_blank\" rel=\"noopener\"><img loading=\"lazy\" decoding=\"async\" class=\"aligncenter wp-image-3070 size-large\" src=\"https:\/\/www.markus-schall.de\/wp-content\/uploads\/auswandern-tschechien-facebook-1024x720.jpg\" alt=\"Auswandern nach Tschechien - Facebook Gruppe\" width=\"1024\" height=\"720\" srcset=\"https:\/\/www.markus-schall.de\/wp-content\/uploads\/auswandern-tschechien-facebook-1024x720.jpg 1024w, https:\/\/www.markus-schall.de\/wp-content\/uploads\/auswandern-tschechien-facebook-300x211.jpg 300w, https:\/\/www.markus-schall.de\/wp-content\/uploads\/auswandern-tschechien-facebook-768x540.jpg 768w, https:\/\/www.markus-schall.de\/wp-content\/uploads\/auswandern-tschechien-facebook-1536x1080.jpg 1536w, https:\/\/www.markus-schall.de\/wp-content\/uploads\/auswandern-tschechien-facebook-18x12.jpg 18w, https:\/\/www.markus-schall.de\/wp-content\/uploads\/auswandern-tschechien-facebook.jpg 1600w\" sizes=\"auto, (max-width: 1024px) 100vw, 1024px\" \/><\/a><\/p>\n<h3>Mitmachen &#8211; oder einfach reinschauen<\/h3>\n<p>Die Gruppe ist \u00f6ffentlich &#8211; jeder kann sie finden und mitlesen. Wenn DU selbst \u00fcberlegst, Tschechien als m\u00f6gliches Auswanderungsland ins Auge zu fassen, oder schon dort lebst und Deine Erfahrungen teilen m\u00f6chtest:<\/p>\n<p><strong>Herzlich willkommen.<\/strong><\/p>\n<p>Du musst nichts kaufen oder verkaufen, Du musst keine Mission haben &#8211; es reicht, wenn Du ehrlich bist und den Austausch suchst. Ich bin sicher, dass sich \u00fcber diese Gruppe spannende Kontakte und echte Hilfen ergeben werden &#8211; vielleicht auch f\u00fcr Dinge, die man alleine gar nicht auf dem Schirm hat:<\/p>\n<p>Makler, Steuerberater, Sprachpartner, \u00dcbersetzer, Rechtsanw\u00e4lte &#8211; oder einfach Menschen, die schon da sind und wissen, wie es l\u00e4uft. Ich w\u00fcrde mich freuen, wenn sich daraus etwas entwickelt &#8211; nicht als Projekt, sondern als offener Raum f\u00fcr Austausch und Orientierung.<\/p>\n<h2>\ud83c\udde8\ud83c\uddff Beliebte Auswanderungsziele in Tschechien &#8211; im \u00dcberblick<\/h2>\n<p><strong>Prag (Praha)<\/strong><br \/>\nDie Hauptstadt und wirtschaftliche Drehscheibe Tschechiens &#8211; ideal f\u00fcr alle, die das urbane Leben sch\u00e4tzen. Prag bietet internationale Schulen, moderne Infrastruktur, vielf\u00e4ltige Kulturangebote und eine gro\u00dfe internationale Community. Nachteil: hohe Mieten und teilweise stark touristisch gepr\u00e4gt. Vorteil: gut geeignet f\u00fcr Jobs, Start-ups, Expats, Digitale Nomaden.<\/p>\n<p><strong>Br\u00fcnn (Brno)<\/strong><br \/>\nDie zweitgr\u00f6\u00dfte Stadt des Landes, Universit\u00e4tsstandort und Technologieknotenpunkt. Viele internationale Firmen (z.\u202fB. IBM, Red Hat) haben hier Niederlassungen. Die Stadt ist j\u00fcnger, studentischer, entspannter als Prag &#8211; mit einem sehr angenehmen Lebensgef\u00fchl. Ideal f\u00fcr digitale Selbstst\u00e4ndige, Entwickler oder Kreative, die eine aktive, aber nicht \u00fcberlaufene Stadt suchen.<\/p>\n<p><strong>Pilsen (Plze\u0148)<\/strong><br \/>\nDie viertgr\u00f6\u00dfte Stadt des Landes, bekannt f\u00fcr ihr Bier, aber auch f\u00fcr ihre Industrie und ihre solide Infrastruktur. Gut angebunden, viele Einkaufsm\u00f6glichkeiten, kulturell interessant. Allerdings auch viele Autos und recht viel Verkehr. F\u00fcr manchen ideal &#8211; f\u00fcr andere (wie mich) vielleicht etwas zu gro\u00df oder unruhig.<\/p>\n<p><strong>Liberec<\/strong><br \/>\nKompakte, gr\u00fcne Stadt im Norden nahe der deutschen und polnischen Grenze. Gute Mischung aus Urbanit\u00e4t und Natur &#8211; perfekt f\u00fcr alle, die ruhig, aber nicht abgeschieden leben wollen. Wohnraum ist bezahlbar, die Lebenshaltungskosten sind moderat. Besonders attraktiv f\u00fcr Menschen, die grenznah wohnen m\u00f6chten, aber bewusst nicht in Prag.<\/p>\n<p><strong>Karlsbad (Karlovy Vary)<\/strong><br \/>\nHistorische Kurstadt mit viel Charme, Thermalquellen und gepflegter Atmosph\u00e4re. Eher ruhig, aber mit guter Grundversorgung. F\u00fcr Selbstst\u00e4ndige, Kreative oder Menschen im \u201ezweiten Lebensabschnitt\u201c ein sehr angenehmer Ort. Viele Immobilien sind saniert, aber es gibt auch g\u00fcnstige Mietm\u00f6glichkeiten. Ein bisschen altmodisch &#8211; im besten Sinne.<\/p>\n<p><strong>Ostrava<\/strong><br \/>\nIm Osten des Landes, fr\u00fcher Industriestadt, heute im Wandel. Viel Platz, g\u00fcnstiger Wohnraum, langsam zunehmende Modernisierung. Ideal f\u00fcr Menschen, die ein ganz anderes Tschechien kennenlernen wollen &#8211; abseits der Touristenpfade, aber mit Potenzial. Noch eher roh und bodenst\u00e4ndig, aber gerade deshalb f\u00fcr manche reizvoll.<\/p>\n<p><strong>\u010cesk\u00e9 Bud\u011bjovice (Budweis)<\/strong><br \/>\nBekannt durch das Original-Budweiser-Bier, aber auch eine charmante, mittelgro\u00dfe Stadt in S\u00fcdb\u00f6hmen. Weniger hektisch, sehr gepflegt, mit gutem Zugang zur Natur (z.\u202fB. Lipno-Stausee). Attraktiv f\u00fcr Menschen, die N\u00e4he zu \u00d6sterreich oder S\u00fcddeutschland suchen.<\/p>\n<p><strong>Teplice<\/strong><br \/>\nKurstadt mit interessanter deutsch-tschechischer Geschichte. N\u00e4he zur deutschen Grenze, ruhig, etwas in die Jahre gekommen, aber mit Potenzial. Die Immobilienpreise sind niedrig, der Zugang nach Sachsen ist einfach. F\u00fcr Ruhesuchende oder Menschen mit schmalem Budget eine interessante Option.<\/p>\n<p><strong>\u00dast\u00ed nad Labem (Aussig)<\/strong><br \/>\nNicht unbedingt sch\u00f6n im klassischen Sinn, aber sehr g\u00fcnstig und mit guter Anbindung an Dresden. F\u00fcr Auswanderer, die prim\u00e4r auf Kosten und N\u00e4he zu Deutschland achten und sich selbst gut besch\u00e4ftigen k\u00f6nnen, durchaus \u00fcberlegenswert.<\/p>\n<p><strong>Cheb (Eger)<\/strong><br \/>\nKleiner Grenzort, nahe bei Hof (Bayern). Sehr deutsch gepr\u00e4gt, niedrige Lebenshaltungskosten, viele Immobilienangebote. Kein Hotspot f\u00fcr Gro\u00dfst\u00e4dter, aber vielleicht genau richtig f\u00fcr Menschen, die einfach nur ihre Ruhe wollen &#8211; mit kurzer Anreise nach Deutschland.<\/p>\n<h2>Mein Aufenthalt in Pilsen &#8211; sch\u00f6n, aber f\u00fcr mich zu gro\u00df<\/h2>\n<p>Vor einiger Zeit war ich in Pilsen (Plze\u0148), einer der gr\u00f6\u00dften St\u00e4dte Tschechiens. Und um es gleich vorwegzunehmen: Es hat mir dort durchaus gefallen. Die Stadt wirkt lebendig, gepflegt, offen &#8211; mit vielen gut restaurierten Altbauten, funktionierender Infrastruktur und einem angenehmen Mix aus Geschichte und Gegenwart. Es war alles da, was man braucht, und ich hatte das Gef\u00fchl, dass man dort gut leben kann.<\/p>\n<p>Aber f\u00fcr mich pers\u00f6nlich war Pilsen am Ende doch zu gro\u00df und zu hektisch. Die Stadt hat rund 180.000 Einwohner, und das merkt man auch: Viel Verkehr, viele Autos, dichter Takt &#8211; es herrscht eine gewisse Unruhe, die ich im Alltag eher als belastend empfinde. Nicht dramatisch &#8211; aber genug, um mich zum Nachdenken zu bringen.<\/p>\n<h3>Lieber etwas kleiner und \u00fcbersichtlicher<\/h3>\n<p>Ich bin kein Gro\u00dfstadtmensch.Mir geht es um ein ruhiges, strukturiertes Leben, in dem ich arbeiten, gestalten und mich wohlf\u00fchlen kann &#8211; ohne jeden Tag das Gef\u00fchl zu haben, mich durch dichten Verkehr oder L\u00e4rm durchk\u00e4mpfen zu m\u00fcssen. Deshalb haben sich f\u00fcr mich im Laufe der Zeit zwei St\u00e4dte besonders herauskristallisiert:<\/p>\n<p><strong>Liberec und Karlsbad<\/strong><\/p>\n<p>Beide sind deutlich kleiner, \u00fcbersichtlicher, landschaftlich reizvoll &#8211; und trotzdem nicht abgeschieden oder strukturschwach. F\u00fcr mein Empfinden ein idealer Kompromiss zwischen Ruhe und Anbindung.<\/p>\n<p><img loading=\"lazy\" decoding=\"async\" class=\"aligncenter size-large wp-image-3075\" src=\"https:\/\/www.markus-schall.de\/wp-content\/uploads\/auswandern-tschechien-pilsen-1024x623.jpg\" alt=\"Auswandern Pilsen\" width=\"1024\" height=\"623\" srcset=\"https:\/\/www.markus-schall.de\/wp-content\/uploads\/auswandern-tschechien-pilsen-1024x623.jpg 1024w, https:\/\/www.markus-schall.de\/wp-content\/uploads\/auswandern-tschechien-pilsen-300x183.jpg 300w, https:\/\/www.markus-schall.de\/wp-content\/uploads\/auswandern-tschechien-pilsen-768x468.jpg 768w, https:\/\/www.markus-schall.de\/wp-content\/uploads\/auswandern-tschechien-pilsen-1536x935.jpg 1536w, https:\/\/www.markus-schall.de\/wp-content\/uploads\/auswandern-tschechien-pilsen-18x12.jpg 18w, https:\/\/www.markus-schall.de\/wp-content\/uploads\/auswandern-tschechien-pilsen.jpg 1600w\" sizes=\"auto, (max-width: 1024px) 100vw, 1024px\" \/><\/p>\n<h2>Das Lebensgef\u00fchl in Tschechien &#8211; wie Deutschland vor 30 Jahren<\/h2>\n<p>Was mich in Pilsen und allgemein in Tschechien besonders ber\u00fchrt hat, war das Lebensgef\u00fchl. Es erinnerte mich stark an Deutschland in den 1980er oder fr\u00fchen 1990er Jahren &#8211; bevor alles immer durchgetakteter, politisierter und normierter wurde. Die Menschen wirkten auf mich entspannter, freundlicher, nicht so gestresst wie hierzulande.<\/p>\n<p>Es gibt noch eine gewisse Bodenst\u00e4ndigkeit, eine ruhige Selbstverst\u00e4ndlichkeit im Alltag, die ich sehr angenehm fand. Man merkt: Die Leute leben hier nicht, um irgendwem etwas zu beweisen &#8211; sondern um ihren Alltag gut zu meistern. Das hat etwas Beruhigendes.<\/p>\n<h3>Lebenshaltungskosten &#8211; nicht so billig wie viele denken, aber fair<\/h3>\n<p>Ein Wort noch zu den Kosten, denn das ist f\u00fcr viele ein entscheidender Punkt: Lebensmittelpreise liegen in etwa auf deutschem Niveau &#8211; zumindest, was Markenprodukte und Superm\u00e4rkte betrifft. Wer lokal einkauft und nicht auf Bio-Labels achtet, kann aber durchaus g\u00fcnstiger wegkommen.<\/p>\n<p>Energiepreise sind sp\u00fcrbar niedriger. Das betrifft Strom, Gas und auch Fernw\u00e4rme &#8211; ein klarer Vorteil, gerade im Winter. Spritpreise waren bei meinem Aufenthalt deutlich g\u00fcnstiger. Ich habe damals f\u00fcr Super etwa 1,10\u202fEuro pro Liter bezahlt &#8211; also rund 30-40\u202fCent unter dem, was in Deutschland \u00fcblich ist.<\/p>\n<p>Mieten liegen im Schnitt etwa 10\u202f% unter deutschem Niveau, wobei es nat\u00fcrlich stark auf Lage und Zustand ankommt. In St\u00e4dten wie Prag sind die Preise mittlerweile vergleichbar mit westdeutschen Gro\u00dfst\u00e4dten. In Liberec oder Karlsbad hingegen bekommt man mit etwas Geduld noch gut erhaltene Wohnungen zu moderaten Preisen.<\/p>\n<p>Alles in allem w\u00fcrde ich sagen: Tschechien ist kein Billigland &#8211; aber ein Land mit fairen Bedingungen. Und darauf kommt es mir an.<\/p>\n<hr \/>\n<h3>Aktuelle Umfrage zum Vertrauen in die Politik<\/h3>\n<div class='bootstrap-yop yop-poll-mc'>\n\t\t\t\t\t\t\t<div class=\"basic-yop-poll-container\" style=\"background-color:#ffffff; border:0px; border-style:solid; border-color:#000000; border-radius:5px; padding:0px 5px;\" data-id=\"1\" data-temp=\"basic-pretty\" data-skin=\"square\" data-cscheme=\"blue\" data-cap=\"0\" data-access=\"guest\" data-tid=\"\" data-uid=\"ee6095ce96a3dae27f4e433afe087f17\" data-pid=\"6260\" data-resdet=\"votes-number,percentages\" data-show-results-to=\"guest\" data-show-results-moment=\"after-vote\" data-show-results-only=\"false\" data-show-message=\"true\" data-show-results-as=\"bar\" data-sort-results-by=\"as-defined\" data-sort-results-rule=\"asc\"data-is-ended=\"0\" data-percentages-decimals=\"2\" data-gdpr=\"no\" data-gdpr-sol=\"consent\" data-css=\"\" data-counter=\"0\" data-load-with=\"1\" data-notification-section=\"top\"><div class=\"row\"><div class=\"col-md-12\"><div class=\"basic-inner\"><div class=\"basic-message hide\" style=\"border-left: 10px solid #008000; padding: 0px 10px;\" data-error=\"#ff0000\" data-success=\"#008000\"><p class=\"basic-message-text\" style=\"color:#000000; font-size:14px; font-weight:normal;\"><\/p><\/div><div class=\"basic-overlay hide\"><div class=\"basic-vote-options\"><\/div><div class=\"basic-preloader\"><div class=\"basic-windows8\"><div class=\"basic-wBall basic-wBall_1\"><div class=\"basic-wInnerBall\"><\/div><\/div><div class=\"basic-wBall basic-wBall_2\"><div class=\"basic-wInnerBall\"><\/div><\/div><div class=\"basic-wBall basic-wBall_3\"><div class=\"basic-wInnerBall\"><\/div><\/div><div class=\"basic-wBall basic-wBall_4\"><div class=\"basic-wInnerBall\"><\/div><\/div><div class=\"basic-wBall basic-wBall_5\"><div class=\"basic-wInnerBall\"><\/div><\/div><\/div><\/div><\/div><form class=\"basic-form\"><input type=\"hidden\" name=\"_token\" value=\"c79927d06f\" autocomplete=\"off\"><div class=\"basic-elements\"><div class=\"basic-element basic-question basic-question-text-vertical\" data-id=\"1\" data-uid=\"a08f9473f4fd8b8441edfd7e8ae6797a\" data-type=\"question\" data-question-type=\"text\" data-required=\"yes\" data-allow-multiple=\"no\" data-min=\"1\" data-max=\"1\" data-display=\"vertical\" data-colnum=\"\" data-display-others=\"no\" data-others-color=\"\" data-others=\"\" data-others-max-chars=\"0\"><div class=\"basic-question-title\"><h5 style=\"color:#000000; font-size:16px; font-weight:normal; text-align:left;\">Wie gro\u00df ist Dein Vertrauen in Politik und Medien in Deutschland?<\/h5><\/div><ul class=\"basic-answers\"><li class=\"basic-answer\" style=\"padding:0px 0px;\" data-id=\"1\" data-type=\"text\" data-vn=\"13\" data-color=\"#000000\" data-make-link=\"no\" data-link=\"\"><div class=\"basic-answer-content basic-text-vertical\"><label for=\"answer[1]\" class=\"basic-answer-label\"><input type=\"radio\" id=\"answer[1]\" name=\"answer[1]\" value=\"1\"><span class=\"basic-text\" style=\"color: #000000; font-size: 14px; font-weight: normal;\">Sehr hoch \u2013 Ich vertraue den offiziellen Stellen uneingeschr\u00e4nkt<\/span><\/label><\/div><\/li><li class=\"basic-answer\" style=\"padding:0px 0px;\" data-id=\"2\" data-type=\"text\" data-vn=\"35\" data-color=\"#000000\" data-make-link=\"no\" data-link=\"\"><div class=\"basic-answer-content basic-text-vertical\"><label for=\"answer[2]\" class=\"basic-answer-label\"><input type=\"radio\" id=\"answer[2]\" name=\"answer[1]\" value=\"2\"><span class=\"basic-text\" style=\"color: #000000; font-size: 14px; font-weight: normal;\">Mittel \u2013 Ich bin vorsichtig, aber nicht grunds\u00e4tzlich misstrauisch<\/span><\/label><\/div><\/li><li class=\"basic-answer\" style=\"padding:0px 0px;\" data-id=\"3\" data-type=\"text\" data-vn=\"65\" data-color=\"#000000\" data-make-link=\"no\" data-link=\"\"><div class=\"basic-answer-content basic-text-vertical\"><label for=\"answer[3]\" class=\"basic-answer-label\"><input type=\"radio\" id=\"answer[3]\" name=\"answer[1]\" value=\"3\"><span class=\"basic-text\" style=\"color: #000000; font-size: 14px; font-weight: normal;\">Gering \u2013 Ich \u00fcberpr\u00fcfe vieles selbst<\/span><\/label><\/div><\/li><li class=\"basic-answer\" style=\"padding:0px 0px;\" data-id=\"4\" data-type=\"text\" data-vn=\"276\" data-color=\"#000000\" data-make-link=\"no\" data-link=\"\"><div class=\"basic-answer-content basic-text-vertical\"><label for=\"answer[4]\" class=\"basic-answer-label\"><input type=\"radio\" id=\"answer[4]\" name=\"answer[1]\" value=\"4\"><span class=\"basic-text\" style=\"color: #000000; font-size: 14px; font-weight: normal;\">Kaum vorhanden \u2013 Ich glaube, dass vieles verschleiert oder inszeniert ist<\/span><\/label><\/div><\/li><\/ul><\/div><div class=\"clearfix\"><\/div><\/div><div class=\"basic-vote\"><a href=\"#\" class=\"button basic-vote-button\" role=\"button\" style=\"background:#027bb8; border:0px; border-style: solid; border-color:#1636f0; border-radius:5px; padding:10px 10px; color:#ffffff; font-size:14px; font-weight:normal;\">Abstimmen<\/a><\/div><\/form><\/div><\/div><\/div><\/div>\n\t\t\t\t\t\t<\/div>\n<hr \/>\n<h2>Ich habe auch andere L\u00e4nder durchdacht<\/h2>\n<p>Nat\u00fcrlich habe ich mir auch andere M\u00f6glichkeiten angesehen. Wenn man einmal anf\u00e4ngt, ernsthaft \u00fcber Auswandern nachzudenken, kommt schnell eine ganze Liste potenzieller L\u00e4nder zusammen. Bei mir stand zun\u00e4chst <strong>Zypern<\/strong> recht weit oben &#8211; sowohl die Republik Zypern im S\u00fcden als auch der t\u00fcrkisch gepr\u00e4gte Norden, der in bestimmten Kreisen ja ebenfalls als Geheimtipp gehandelt wird.<\/p>\n<p>Steuervorteile, Sonne, EU-Anbindung &#8211; das alles klang erstmal verlockend. Aber je l\u00e4nger ich dar\u00fcber nachgedacht habe, desto klarer wurde mir: Zypern ist einfach zu weit weg. Nicht nur geografisch, sondern auch kulturell. Und: Ich bin kein Strandmensch. Klingt banal, aber f\u00fcr mich war das ein echter Punkt. Diese Vorstellung, jeden Tag Sonne, Palmen, Strand &#8211; das ist f\u00fcr viele ein Traum. F\u00fcr mich eher ein Zustand, der sich nach kurzer Zeit abnutzt.<\/p>\n<p>Ich brauche nicht 30 Grad im Dezember. Ich brauche Klarheit, Struktur &#8211; und N\u00e4he zur Realit\u00e4t. Auch die T\u00fcrkei war mal kurz auf dem Radar &#8211; als \u00dcbergangsland, wegen der niedrigen Lebenshaltungskosten. Aber die politischen Unsicherheiten, die st\u00e4ndige Erdbebengefahr und die wirtschaftlichen Schwankungen haben mich davon Abstand nehmen lassen.<\/p>\n<p>Ich will nicht jeden Tag \u00fcberlegen m\u00fcssen, ob das, was ich aufbaue, auch morgen noch Bestand hat. Und so bin ich schlie\u00dflich wieder bei Tschechien gelandet. Ein Land, das mir seit jeher sympathisch war &#8211; nicht nur wegen der Sprache (die ich zurzeit noch nicht spreche, aber durchaus bereit bin zu lernen), sondern vor allem wegen der Mentalit\u00e4t der Menschen.<\/p>\n<p>Pragmatisch, zur\u00fcckhaltend, unaufgeregt. Und damit sehr nah an dem, was ich selbst sch\u00e4tze.<\/p>\n<hr \/>\n\n\t\t\t<div class=\"display-post-types\">\n\n\t\t\t\t\t\t\t<style type=\"text\/css\">\n\t\t\t#dpt-wrapper-692 { --dpt-text-align: left;--dpt-image-crop: center;--dpt-border-radius: 5px;--dpt-h-gutter: 10px;--dpt-v-gutter: 10px; }\t\t\t<\/style>\n\t\t\t<style type=\"text\/css\">#dpt-wrapper-692 { --dpt-title-font-style:normal;--dpt-title-font-weight:600;--dpt-title-line-height:1.5;--dpt-title-text-decoration:none;--dpt-title-text-transform:none;--dpt-excerpt-font-style:normal;--dpt-excerpt-font-weight:400;--dpt-excerpt-line-height:1.5;--dpt-excerpt-text-decoration:none;--dpt-excerpt-text-transform:none;--dpt-meta1-font-style:normal;--dpt-meta1-font-weight:400;--dpt-meta1-line-height:1.9;--dpt-meta1-text-decoration:none;--dpt-meta1-text-transform:none;--dpt-meta2-font-style:normal;--dpt-meta2-font-weight:400;--dpt-meta2-line-height:1.9;--dpt-meta2-text-decoration:none;--dpt-meta2-text-transform:none; }<\/style><div class=\" dpt-main-header\">\n\t\t\t\t\t\t<div class=\"dpt-main-title\">\n\t\t\t\t\t\t\t<span class=\"dpt-main-title-text\">Aktuelle Beitr\u00e4ge zu K\u00fcnstlicher Intelligenz<\/span>\n\t\t\t\t\t\t<\/div>\n\t\t\t\t\t\t\n\t\t\t\t\t\t\n\t\t\t\t\t\t\n\t\t\t\t\t\t<\/div>\t\t\t\n\t\t\t\t<div id=\"dpt-wrapper-692\" class=\"dpt-wrapper dpt-mag1 land1 dpt-cropped dpt-flex-wrap\" >\n\n\t\t\t\t\t\t\t\t\t\t\t<div class=\"dpt-entry has-thumbnail\" data-title=\"llms.txt f\u00fcr wordpress: website mit einem kostenlosen plugin auf ki-systeme vorbereiten\" data-id=\"6316\"  data-category=\"ki-systeme tipps &amp; anleitungen\" data-post_tag=\"datenlogik k\u00fcnstliche intelligenz llm ratgeber sprachmodell wordpress\">\n\t\t\t\t\t\t\t<div class=\"dpt-entry-wrapper\"><div class=\" dpt-featured-content\"><div class=\" dpt-permalink\"><a href=\"https:\/\/www.markus-schall.de\/pl\/2026\/08\/llms-txt-fuer-wordpress-website-mit-einem-kostenlosen-plugin-auf-ki-systeme-vorbereiten\/\" class=\"dpt-permalink\"><span class=\"screen-reader-text\">LLMS.txt f\u00fcr WordPress: Website mit einem kostenlosen Plugin auf KI-Systeme vorbereiten<\/span><\/a><\/div><div class=\" dpt-thumbnail\"><div class=\"dpt-thumbnail-inner\"><img width=\"1200\" height=\"685\" class=\"attachment-full size-full\" alt=\"llms.txt Wordpress-Plugin\" context=\"dpt\" data-dpt-src=\"https:\/\/www.markus-schall.de\/wp-content\/uploads\/llms.txt-Wordpress-Plugin.jpg\" data-dpt-sizes=\"(max-width: 1200px) 100vw, 1200px\" data-dpt-srcset=\"https:\/\/www.markus-schall.de\/wp-content\/uploads\/llms.txt-Wordpress-Plugin.jpg 1200w, https:\/\/www.markus-schall.de\/wp-content\/uploads\/llms.txt-Wordpress-Plugin-300x171.jpg 300w, https:\/\/www.markus-schall.de\/wp-content\/uploads\/llms.txt-Wordpress-Plugin-1024x585.jpg 1024w, https:\/\/www.markus-schall.de\/wp-content\/uploads\/llms.txt-Wordpress-Plugin-768x438.jpg 768w, https:\/\/www.markus-schall.de\/wp-content\/uploads\/llms.txt-Wordpress-Plugin-18x10.jpg 18w\" \/><\/div><span class=\"dpt-thumbnail-aspect-ratio\" style=\"padding-top: 75%\"><\/span><\/div><\/div><div class=\" sub-entry\"><h3 class=\" dpt-title\"><a class=\"dpt-title-link\" href=\"https:\/\/www.markus-schall.de\/pl\/2026\/08\/llms-txt-fuer-wordpress-website-mit-einem-kostenlosen-plugin-auf-ki-systeme-vorbereiten\/\" rel=\"bookmark\">LLMS.txt f\u00fcr WordPress: Website mit einem kostenlosen Plugin auf KI-Systeme vorbereiten<\/a><\/h3><\/div><\/div>\n\t\t\t\t\t\t<\/div><!-- .dpt-entry -->\n\t\t\t\t\t\t\t\t\t\t\t\t<div class=\"dpt-entry has-thumbnail\" data-title=\"von filemaker zur cloud: wie schallos business-software mit ki, runtime und updates verbindet\" data-id=\"6278\"  data-category=\"apple iphone &amp; ipad apple macos featured filemaker &amp; erp ki-systeme\" data-post_tag=\"datenbanken datenlogik datenschutz docker erp-software filemaker gfm-business k\u00fcnstliche intelligenz llm ollama prozesse sprachmodell\">\n\t\t\t\t\t\t\t<div class=\"dpt-entry-wrapper\"><div class=\" dpt-featured-content\"><div class=\" dpt-permalink\"><a href=\"https:\/\/www.markus-schall.de\/pl\/2026\/07\/von-filemaker-zur-cloud-wie-schallos-business-software-mit-ki-runtime-und-updates-verbindet\/\" class=\"dpt-permalink\"><span class=\"screen-reader-text\">Von FileMaker zur Cloud: Wie SchallOS Business-Software mit KI, Runtime und Updates verbindet<\/span><\/a><\/div><div class=\" dpt-thumbnail\"><div class=\"dpt-thumbnail-inner\"><img width=\"1260\" height=\"840\" class=\"attachment-full size-full\" alt=\"SchallOS - Intelligent Application Platform\" context=\"dpt\" data-dpt-src=\"https:\/\/www.markus-schall.de\/wp-content\/uploads\/SchallOS-Intelligent-Application-Platform.jpg\" data-dpt-sizes=\"(max-width: 1260px) 100vw, 1260px\" data-dpt-srcset=\"https:\/\/www.markus-schall.de\/wp-content\/uploads\/SchallOS-Intelligent-Application-Platform.jpg 1260w, https:\/\/www.markus-schall.de\/wp-content\/uploads\/SchallOS-Intelligent-Application-Platform-300x200.jpg 300w, https:\/\/www.markus-schall.de\/wp-content\/uploads\/SchallOS-Intelligent-Application-Platform-1024x683.jpg 1024w, https:\/\/www.markus-schall.de\/wp-content\/uploads\/SchallOS-Intelligent-Application-Platform-768x512.jpg 768w, https:\/\/www.markus-schall.de\/wp-content\/uploads\/SchallOS-Intelligent-Application-Platform-18x12.jpg 18w\" \/><\/div><span class=\"dpt-thumbnail-aspect-ratio\" style=\"padding-top: 75%\"><\/span><\/div><\/div><div class=\" sub-entry\"><h3 class=\" dpt-title\"><a class=\"dpt-title-link\" href=\"https:\/\/www.markus-schall.de\/pl\/2026\/07\/von-filemaker-zur-cloud-wie-schallos-business-software-mit-ki-runtime-und-updates-verbindet\/\" rel=\"bookmark\">Von FileMaker zur Cloud: Wie SchallOS Business-Software mit KI, Runtime und Updates verbindet<\/a><\/h3><\/div><\/div>\n\t\t\t\t\t\t<\/div><!-- .dpt-entry -->\n\t\t\t\t\t\t\t\t\t\t\t\t<div class=\"dpt-entry has-thumbnail\" data-title=\"software entwickeln mit codex, chatgpt und ki: praxisleitfaden f\u00fcr entwickler\" data-id=\"6224\"  data-category=\"apple iphone &amp; ipad apple macos featured filemaker &amp; erp ki-systeme tipps &amp; anleitungen\" data-post_tag=\"datenbanken datenlogik digitales eigentum erfahrungen erp-software filemaker k\u00fcnstliche intelligenz lernen llm prozesse sprachmodell\">\n\t\t\t\t\t\t\t<div class=\"dpt-entry-wrapper\"><div class=\" dpt-featured-content\"><div class=\" dpt-permalink\"><a href=\"https:\/\/www.markus-schall.de\/pl\/2026\/06\/software-entwickeln-mit-codex-chatgpt-und-ki-praxisleitfaden-fuer-entwickler\/\" class=\"dpt-permalink\"><span class=\"screen-reader-text\">Software entwickeln mit Codex, ChatGPT und KI: Praxisleitfaden f\u00fcr Entwickler<\/span><\/a><\/div><div class=\" dpt-thumbnail\"><div class=\"dpt-thumbnail-inner\"><img width=\"1024\" height=\"583\" class=\"attachment-full size-full\" alt=\"Softwareentwicklung mit KI\" context=\"dpt\" data-dpt-src=\"https:\/\/www.markus-schall.de\/wp-content\/uploads\/Softwareentwicklung-mit-KI.jpg\" data-dpt-sizes=\"(max-width: 1024px) 100vw, 1024px\" data-dpt-srcset=\"https:\/\/www.markus-schall.de\/wp-content\/uploads\/Softwareentwicklung-mit-KI.jpg 1024w, https:\/\/www.markus-schall.de\/wp-content\/uploads\/Softwareentwicklung-mit-KI-300x171.jpg 300w, https:\/\/www.markus-schall.de\/wp-content\/uploads\/Softwareentwicklung-mit-KI-768x437.jpg 768w, https:\/\/www.markus-schall.de\/wp-content\/uploads\/Softwareentwicklung-mit-KI-18x10.jpg 18w\" \/><\/div><span class=\"dpt-thumbnail-aspect-ratio\" style=\"padding-top: 75%\"><\/span><\/div><\/div><div class=\" sub-entry\"><h3 class=\" dpt-title\"><a class=\"dpt-title-link\" href=\"https:\/\/www.markus-schall.de\/pl\/2026\/06\/software-entwickeln-mit-codex-chatgpt-und-ki-praxisleitfaden-fuer-entwickler\/\" rel=\"bookmark\">Software entwickeln mit Codex, ChatGPT und KI: Praxisleitfaden f\u00fcr Entwickler<\/a><\/h3><\/div><\/div>\n\t\t\t\t\t\t<\/div><!-- .dpt-entry -->\n\t\t\t\t\t\t\t\t\t\t\t\t<div class=\"dpt-entry has-thumbnail\" data-title=\"was ist der sinn des lebens? religionen, philosophen und helmut thielicke im vergleich\" data-id=\"6071\"  data-category=\"allgemein gesellschaft ki-systeme kunst &amp; kultur stories &amp; humor\" data-post_tag=\"denkmodelle erfahrungen gesundheit krisen k\u00fcnstliche intelligenz meinungsfreiheit pers\u00f6nlichkeitsentwicklung portrait\">\n\t\t\t\t\t\t\t<div class=\"dpt-entry-wrapper\"><div class=\" dpt-featured-content\"><div class=\" dpt-permalink\"><a href=\"https:\/\/www.markus-schall.de\/pl\/2026\/05\/was-ist-der-sinn-des-lebens-religionen-philosophen-und-helmut-thielicke-im-vergleich\/\" class=\"dpt-permalink\"><span class=\"screen-reader-text\">Was ist der Sinn des Lebens? Religionen, Philosophen und Helmut Thielicke im Vergleich<\/span><\/a><\/div><div class=\" dpt-thumbnail\"><div class=\"dpt-thumbnail-inner\"><img width=\"1024\" height=\"682\" class=\"attachment-full size-full\" alt=\"Die Frage nach dem Sinn des Lebens\" context=\"dpt\" data-dpt-src=\"https:\/\/www.markus-schall.de\/wp-content\/uploads\/Sinn-des-Lebens.jpg\" data-dpt-sizes=\"(max-width: 1024px) 100vw, 1024px\" data-dpt-srcset=\"https:\/\/www.markus-schall.de\/wp-content\/uploads\/Sinn-des-Lebens.jpg 1024w, https:\/\/www.markus-schall.de\/wp-content\/uploads\/Sinn-des-Lebens-300x200.jpg 300w, https:\/\/www.markus-schall.de\/wp-content\/uploads\/Sinn-des-Lebens-768x512.jpg 768w, https:\/\/www.markus-schall.de\/wp-content\/uploads\/Sinn-des-Lebens-18x12.jpg 18w\" \/><\/div><span class=\"dpt-thumbnail-aspect-ratio\" style=\"padding-top: 75%\"><\/span><\/div><\/div><div class=\" sub-entry\"><h3 class=\" dpt-title\"><a class=\"dpt-title-link\" href=\"https:\/\/www.markus-schall.de\/pl\/2026\/05\/was-ist-der-sinn-des-lebens-religionen-philosophen-und-helmut-thielicke-im-vergleich\/\" rel=\"bookmark\">Was ist der Sinn des Lebens? Religionen, Philosophen und Helmut Thielicke im Vergleich<\/a><\/h3><\/div><\/div>\n\t\t\t\t\t\t<\/div><!-- .dpt-entry -->\n\t\t\t\t\t\t\n\t\t\t\t<\/div>\n\t\t\t\t\t\t<\/div>\n\t\t\t\n<hr \/>\n<h2>H\u00e4ufig gestellte Fragen<\/h2>\n<ol>\n<li><strong>Warum willst Du \u00fcberhaupt aus Deutschland weg?<\/strong><br \/>\nIch habe lange dar\u00fcber nachgedacht &#8211; und am Ende ist es eine Mischung aus verschiedenen Faktoren. Zum einen empfinde ich die steuerliche Belastung f\u00fcr Selbstst\u00e4ndige in Deutschland als unverh\u00e4ltnism\u00e4\u00dfig hoch, ohne dass man daf\u00fcr in allen Bereichen einen sp\u00fcrbaren Gegenwert bekommt. Zum anderen hat sich das gesellschaftliche Klima ver\u00e4ndert: Der \u00f6ffentliche Diskurs ist enger geworden, viele Themen darf man kaum noch sachlich diskutieren, ohne in Schubladen gesteckt zu werden. Ich sehne mich nach einem Umfeld, das etwas ruhiger, offener und pragmatischer ist &#8211; und Tschechien wirkt in vielerlei Hinsicht so.<\/li>\n<li><strong>Warum ausgerechnet Tschechien?<\/strong><br \/>\nTschechien ist nah, stabil und angenehm unaufgeregt. Es bietet viele Vorteile: eine \u00fcberschaubare B\u00fcrokratie, ein fair strukturiertes Steuersystem, niedrigere Lebenshaltungskosten in manchen Bereichen &#8211; und eine gewisse mentale N\u00e4he zu dem, was ich aus Deutschland von fr\u00fcher kenne. Es f\u00fchlt sich f\u00fcr mich an wie Deutschland in den 80er oder 90er Jahren: klar, ruhig, bodenst\u00e4ndig.<\/li>\n<li><strong>Wieso nicht Spanien, Portugal oder Zypern wie viele andere Auswanderer?<\/strong><br \/>\nIch habe \u00fcber all diese L\u00e4nder nachgedacht. Aber vieles davon hat f\u00fcr mich nicht gepasst: Zypern ist mir zu weit weg und zu hei\u00df, und ich bin kein Strandtyp. Spanien und Portugal sind mir zu touristisch, au\u00dferdem m\u00fcsste ich dort vermutlich Spanisch oder Portugiesisch lernen. Ich suche keine B\u00fchne f\u00fcr ein neues Leben, sondern einen ruhigen Ort, an dem ich arbeiten und leben kann &#8211; ohne mich dauernd verbiegen zu m\u00fcssen.<\/li>\n<li><strong>Warst Du schon einmal in Tschechien?<\/strong><br \/>\nJa, ich war unter anderem in Pilsen &#8211; eine gro\u00dfe Stadt mit rund 180.000 Einwohnern. Es hat mir gut gefallen, aber ich fand es dort insgesamt zu gro\u00df, zu laut und zu hektisch. Deshalb schaue ich mich jetzt gezielter nach kleineren St\u00e4dten um, wie Liberec oder Karlsbad, die mir besser zu meiner Lebensweise passen.<\/li>\n<li><strong>Wie sch\u00e4tzt Du das Lebensgef\u00fchl in Tschechien ein?<\/strong><br \/>\n\u00dcberraschend angenehm. Ich hatte das Gef\u00fchl, die Menschen sind weniger gestresst als in Deutschland. Alles wirkt etwas bodenst\u00e4ndiger und entspannter &#8211; ohne gleich r\u00fcckst\u00e4ndig zu sein. Es hat mich wirklich an das Lebensgef\u00fchl in Deutschland in den 80er oder fr\u00fchen 90er Jahren erinnert.<\/li>\n<li><strong>Wie sind die Preise in Tschechien im Vergleich zu Deutschland?<\/strong><br \/>\nLebensmittel sind oft \u00e4hnlich teuer wie in Deutschland &#8211; vor allem Markenprodukte. Aber Energie und Sprit sind deutlich g\u00fcnstiger. Ich habe z.\u202fB. Superbenzin f\u00fcr rund 1,10\u202fEuro pro Liter getankt. Die Mieten sind etwa 10\u202f% niedriger, zumindest au\u00dferhalb von Prag. Insgesamt w\u00fcrde ich sagen: kein Billigland, aber ein fair bepreistes Land.<\/li>\n<li><strong>Was reizt Dich konkret an Liberec oder Karlsbad?<\/strong><br \/>\nBeide St\u00e4dte sind \u00fcberschaubar, gepflegt und landschaftlich reizvoll. Liberec liegt im Norden nahe der deutschen Grenze, hat eine sch\u00f6ne Altstadt und eine solide Infrastruktur. Karlsbad hat einen ganz anderen Charakter &#8211; eher ruhig, historisch, mit Kurhaus-Flair. Ich kann mir beide gut vorstellen, weil sie Ruhe und Anbindung auf angenehme Weise verbinden.<\/li>\n<li><strong>Sprichst Du Tschechisch?<\/strong><br \/>\nNoch nicht. Aber ich bin bereit, die Sprache nach und nach zu lernen &#8211; nicht zuletzt aus Respekt vor dem Land. Zum Einstieg reichen aber oft schon Englisch oder sogar Deutsch, vor allem in grenznahen Regionen oder bei Beh\u00f6rden, die auf Ausl\u00e4nder eingestellt sind. Meine Website ist aber schon heute <a href=\"https:\/\/markus-schall.de\/cs\/\"><strong>auf Tschechisch<\/strong><\/a> verf\u00fcgbar.<\/li>\n<li><strong>Wie willst Du in Tschechien Deinen Lebensunterhalt bestreiten?<\/strong><br \/>\nIch bin selbstst\u00e4ndig und arbeite ortsunabh\u00e4ngig &#8211; unter anderem im Bereich Softwareentwicklung (FileMaker), Verlag und KI-Projekte. Daher ist es f\u00fcr mich nicht zwingend n\u00f6tig, vor Ort einen Job zu suchen. Ich brauche aber eine funktionierende Infrastruktur und eine gewisse Ruhe zum Arbeiten &#8211; und genau das finde ich dort.<\/li>\n<li><strong>Wie weit bist Du mit den Auswanderungspl\u00e4nen?<\/strong><br \/>\nIch stehe kurz vor dem konkreten Absprung. Ich rechne derzeit mit einem Umzug zum 01.01.2026 &#8211; eventuell auch etwas fr\u00fcher. Die Vorbereitungen laufen: Wohnungsrecherche, Formalit\u00e4ten, Kontakte kn\u00fcpfen. Parallel dazu baue ich Strukturen auf, um vor Ort besser Fu\u00df zu fassen &#8211; z.\u202fB. \u00fcber eine Facebook-Gruppe.<\/li>\n<li><strong>Warum hast Du eine Facebook-Gruppe gegr\u00fcndet?<\/strong><br \/>\nWeil ich selbst gemerkt habe, wie schwer es ist, verl\u00e4ssliche Infos zur Auswanderung nach Tschechien zu finden, zumindest auf Deutsch. Die Gruppe soll eine Plattform f\u00fcr Austausch und gegenseitige Hilfe sein &#8211; f\u00fcr alle, die \u00e4hnliche \u00dcberlegungen haben oder schon in Tschechien leben. Ohne Werbung, ohne Dogmen &#8211; einfach ein Ort zum Fragen und Vernetzen.<\/li>\n<li><strong>Was erwartet mich in der Gruppe \u201eAuswandern nach Tschechien\u201c?<\/strong><br \/>\nEhrliche Erfahrungsberichte, praktische Tipps, Diskussionen auf Augenh\u00f6he. Es geht um Alltagsthemen wie Wohnungssuche, Beh\u00f6rden, Versicherungen, Kulturunterschiede, aber auch um pers\u00f6nliche Beweggr\u00fcnde und Strategien. Jeder kann mitlesen, Fragen stellen oder einfach nur beobachten &#8211; ganz ohne Verpflichtung.<\/li>\n<li><strong>Wie gehst Du mit dem Thema Gesundheitssystem um?<\/strong><br \/>\nIch informiere mich derzeit \u00fcber die M\u00f6glichkeiten der tschechischen Krankenversicherung f\u00fcr Ausl\u00e4nder. Es gibt sowohl private als auch staatliche Modelle, oft abh\u00e4ngig vom Aufenthaltsstatus. F\u00fcr Selbstst\u00e4ndige mit Wohnsitz in Tschechien gelten andere Regeln als f\u00fcr Grenzg\u00e4nger. Ich werde das im Rahmen meiner Auswanderung sauber kl\u00e4ren &#8211; und die Erkenntnisse dann auch in der Gruppe teilen.<\/li>\n<li><strong>Hast Du keine Angst vor B\u00fcrokratie oder Ablehnung im Ausland?<\/strong><br \/>\nNat\u00fcrlich denkt man \u00fcber solche Dinge nach. Aber ich glaube, dass Tschechien ein Land ist, das einem mit Respekt begegnet, wenn man sich vern\u00fcnftig verh\u00e4lt und nicht \u00fcberheblich auftritt. Die B\u00fcrokratie ist dort nach allem, was ich bisher erlebt habe, \u00fcbersichtlicher und pragmatischer als in Deutschland. Und selbst wenn es mal hakt &#8211; man w\u00e4chst daran.<\/li>\n<li><strong>Was erhoffst Du Dir langfristig von diesem Schritt?<\/strong><br \/>\nMehr Ruhe, mehr Eigenverantwortung, mehr Freiraum. Ich will nicht reich werden &#8211; ich will ein Leben f\u00fchren, das sich wieder nach Leben anf\u00fchlt, nicht nach Verwaltung, Kontrolle und st\u00e4ndiger Anpassung. Ich m\u00f6chte gestalten, schreiben, arbeiten &#8211; und dabei selbst entscheiden, wie ich leben will. Das ist mein Ziel.<\/li>\n<li><strong>Was empfiehlst Du anderen, die \u00e4hnliche Gedanken haben?<\/strong><br \/>\nFr\u00fch anfangen, ehrlich zu sich selbst sein &#8211; und nicht ewig warten. Man braucht kein \u201eperfektes Setup\u201c, um loszugehen. Aber man braucht eine innere Entscheidung. Und manchmal hilft es, wenn man sich mit anderen austauscht &#8211; einfach, um nicht alles alleine durchdenken zu m\u00fcssen. Genau daf\u00fcr ist meine Gruppe da.<\/li>\n<\/ol>\n<hr \/>\n\n\t\t\t<div class=\"display-post-types\">\n\n\t\t\t\t\t\t\t<style type=\"text\/css\">\n\t\t\t#dpt-wrapper-693 { --dpt-text-align: left;--dpt-image-crop: center;--dpt-border-radius: 5px;--dpt-h-gutter: 10px;--dpt-v-gutter: 9px; }\t\t\t<\/style>\n\t\t\t<style type=\"text\/css\">#dpt-wrapper-693 { --dpt-title-font-style:normal;--dpt-title-font-weight:600;--dpt-title-line-height:1.5;--dpt-title-text-decoration:none;--dpt-title-text-transform:none;--dpt-excerpt-font-style:normal;--dpt-excerpt-font-weight:400;--dpt-excerpt-line-height:1.5;--dpt-excerpt-text-decoration:none;--dpt-excerpt-text-transform:none;--dpt-meta1-font-style:normal;--dpt-meta1-font-weight:400;--dpt-meta1-line-height:1.9;--dpt-meta1-text-decoration:none;--dpt-meta1-text-transform:none;--dpt-meta2-font-style:normal;--dpt-meta2-font-weight:400;--dpt-meta2-line-height:1.9;--dpt-meta2-text-decoration:none;--dpt-meta2-text-transform:none; }<\/style><div class=\" dpt-main-header\">\n\t\t\t\t\t\t<div class=\"dpt-main-title\">\n\t\t\t\t\t\t\t<span class=\"dpt-main-title-text\">Aktuelle Beitr\u00e4ge zu Kunst &amp; Kultur<\/span>\n\t\t\t\t\t\t<\/div>\n\t\t\t\t\t\t\n\t\t\t\t\t\t\n\t\t\t\t\t\t\n\t\t\t\t\t\t<\/div>\t\t\t\n\t\t\t\t<div id=\"dpt-wrapper-693\" class=\"dpt-wrapper dpt-mag1 land1 dpt-cropped dpt-flex-wrap\" >\n\n\t\t\t\t\t\t\t\t\t\t\t<div class=\"dpt-entry has-thumbnail\" data-title=\"beruf, weltbild, zukunft: entscheidungen im schatten des umbruchs\" data-id=\"3197\"  data-category=\"allgemein gesellschaft kunst &amp; kultur tipps &amp; anleitungen\" data-post_tag=\"erfahrungen krisen pers\u00f6nlichkeitsentwicklung ratgeber\">\n\t\t\t\t\t\t\t<div class=\"dpt-entry-wrapper\"><div class=\" dpt-featured-content\"><div class=\" dpt-permalink\"><a href=\"https:\/\/www.markus-schall.de\/pl\/2025\/10\/beruf-weltbild-zukunft-entscheidungen-im-schatten-des-umbruchs\/\" class=\"dpt-permalink\"><span class=\"screen-reader-text\">Beruf, Weltbild, Zukunft: Entscheidungen im Schatten des Umbruchs<\/span><\/a><\/div><div class=\" dpt-thumbnail\"><div class=\"dpt-thumbnail-inner\"><img width=\"1024\" height=\"683\" class=\"attachment-full size-full\" alt=\"Entscheidungen im Schatten des Umbruchs\" context=\"dpt\" data-dpt-src=\"https:\/\/www.markus-schall.de\/wp-content\/uploads\/Entscheidungen-im-Schatten-Umbruch.jpg\" data-dpt-sizes=\"(max-width: 1024px) 100vw, 1024px\" data-dpt-srcset=\"https:\/\/www.markus-schall.de\/wp-content\/uploads\/Entscheidungen-im-Schatten-Umbruch.jpg 1024w, https:\/\/www.markus-schall.de\/wp-content\/uploads\/Entscheidungen-im-Schatten-Umbruch-300x200.jpg 300w, https:\/\/www.markus-schall.de\/wp-content\/uploads\/Entscheidungen-im-Schatten-Umbruch-768x512.jpg 768w, https:\/\/www.markus-schall.de\/wp-content\/uploads\/Entscheidungen-im-Schatten-Umbruch-18x12.jpg 18w\" \/><\/div><span class=\"dpt-thumbnail-aspect-ratio\" style=\"padding-top: 75%\"><\/span><\/div><\/div><div class=\" sub-entry\"><h3 class=\" dpt-title\"><a class=\"dpt-title-link\" href=\"https:\/\/www.markus-schall.de\/pl\/2025\/10\/beruf-weltbild-zukunft-entscheidungen-im-schatten-des-umbruchs\/\" rel=\"bookmark\">Beruf, Weltbild, Zukunft: Entscheidungen im Schatten des Umbruchs<\/a><\/h3><\/div><\/div>\n\t\t\t\t\t\t<\/div><!-- .dpt-entry -->\n\t\t\t\t\t\t\t\t\t\t\t\t<div class=\"dpt-entry has-thumbnail\" data-title=\"dieter bohlen im klartext: warum deutschland an der eigenen b\u00fcrokratie scheitert\" data-id=\"3546\"  data-category=\"allgemein b\u00fccher gesellschaft kunst &amp; kultur\" data-post_tag=\"buch deutschland erfahrungen krisen meinungsfreiheit musik\">\n\t\t\t\t\t\t\t<div class=\"dpt-entry-wrapper\"><div class=\" dpt-featured-content\"><div class=\" dpt-permalink\"><a href=\"https:\/\/www.markus-schall.de\/pl\/2025\/11\/dieter-bohlen-im-klartext-warum-deutschland-an-der-eigenen-buerokratie-scheitert\/\" class=\"dpt-permalink\"><span class=\"screen-reader-text\">Dieter Bohlen im Klartext: Warum Deutschland an der eigenen B\u00fcrokratie scheitert<\/span><\/a><\/div><div class=\" dpt-thumbnail\"><div class=\"dpt-thumbnail-inner\"><img width=\"1536\" height=\"1024\" class=\"attachment-full size-full\" alt=\"Dieter Bohlen im Gespr\u00e4ch mit Dominik Kettner\" context=\"dpt\" data-dpt-src=\"https:\/\/www.markus-schall.de\/wp-content\/uploads\/bohlen-kettner-germany.jpg\" data-dpt-sizes=\"(max-width: 1536px) 100vw, 1536px\" data-dpt-srcset=\"https:\/\/www.markus-schall.de\/wp-content\/uploads\/bohlen-kettner-germany.jpg 1536w, https:\/\/www.markus-schall.de\/wp-content\/uploads\/bohlen-kettner-germany-300x200.jpg 300w, https:\/\/www.markus-schall.de\/wp-content\/uploads\/bohlen-kettner-germany-1024x683.jpg 1024w, https:\/\/www.markus-schall.de\/wp-content\/uploads\/bohlen-kettner-germany-768x512.jpg 768w, https:\/\/www.markus-schall.de\/wp-content\/uploads\/bohlen-kettner-germany-18x12.jpg 18w\" \/><\/div><span class=\"dpt-thumbnail-aspect-ratio\" style=\"padding-top: 75%\"><\/span><\/div><\/div><div class=\" sub-entry\"><h3 class=\" dpt-title\"><a class=\"dpt-title-link\" href=\"https:\/\/www.markus-schall.de\/pl\/2025\/11\/dieter-bohlen-im-klartext-warum-deutschland-an-der-eigenen-buerokratie-scheitert\/\" rel=\"bookmark\">Dieter Bohlen im Klartext: Warum Deutschland an der eigenen B\u00fcrokratie scheitert<\/a><\/h3><\/div><\/div>\n\t\t\t\t\t\t<\/div><!-- .dpt-entry -->\n\t\t\t\t\t\t\t\t\t\t\t\t<div class=\"dpt-entry has-thumbnail\" data-title=\"spieltheorie erkl\u00e4rt 25 jahre geopolitik: wie europa seine strategische rolle verlor\" data-id=\"3850\"  data-category=\"allgemein gesellschaft kunst &amp; kultur\" data-post_tag=\"denkmodelle deutschland energiepolitik eu-gesetze europa geopolitik krisen sicherheitspolitik spieltheorie\">\n\t\t\t\t\t\t\t<div class=\"dpt-entry-wrapper\"><div class=\" dpt-featured-content\"><div class=\" dpt-permalink\"><a href=\"https:\/\/www.markus-schall.de\/pl\/2025\/12\/spieltheorie-erklaert-25-jahre-geopolitik-wie-europa-seine-strategische-rolle-verlor\/\" class=\"dpt-permalink\"><span class=\"screen-reader-text\">Spieltheorie erkl\u00e4rt 25 Jahre Geopolitik: Wie Europa seine strategische Rolle verlor<\/span><\/a><\/div><div class=\" dpt-thumbnail\"><div class=\"dpt-thumbnail-inner\"><img width=\"1024\" height=\"765\" class=\"attachment-full size-full\" alt=\"Spieltheorie erkl\u00e4rt 25 Jahre Geopolitik\" context=\"dpt\" data-dpt-src=\"https:\/\/www.markus-schall.de\/wp-content\/uploads\/europa-russland-spieltheorie.jpg\" data-dpt-sizes=\"(max-width: 1024px) 100vw, 1024px\" data-dpt-srcset=\"https:\/\/www.markus-schall.de\/wp-content\/uploads\/europa-russland-spieltheorie.jpg 1024w, https:\/\/www.markus-schall.de\/wp-content\/uploads\/europa-russland-spieltheorie-300x224.jpg 300w, https:\/\/www.markus-schall.de\/wp-content\/uploads\/europa-russland-spieltheorie-768x574.jpg 768w, https:\/\/www.markus-schall.de\/wp-content\/uploads\/europa-russland-spieltheorie-16x12.jpg 16w\" \/><\/div><span class=\"dpt-thumbnail-aspect-ratio\" style=\"padding-top: 75%\"><\/span><\/div><\/div><div class=\" sub-entry\"><h3 class=\" dpt-title\"><a class=\"dpt-title-link\" href=\"https:\/\/www.markus-schall.de\/pl\/2025\/12\/spieltheorie-erklaert-25-jahre-geopolitik-wie-europa-seine-strategische-rolle-verlor\/\" rel=\"bookmark\">Spieltheorie erkl\u00e4rt 25 Jahre Geopolitik: Wie Europa seine strategische Rolle verlor<\/a><\/h3><\/div><\/div>\n\t\t\t\t\t\t<\/div><!-- .dpt-entry -->\n\t\t\t\t\t\t\t\t\t\t\t\t<div class=\"dpt-entry has-thumbnail\" data-title=\"die krimtataren &#8211; geschichte, herkunft und gegenwart eines vergessenen volkes\" data-id=\"4154\"  data-category=\"allgemein gesellschaft kunst &amp; kultur\" data-post_tag=\"europa geopolitik krisen meinungsfreiheit\">\n\t\t\t\t\t\t\t<div class=\"dpt-entry-wrapper\"><div class=\" dpt-featured-content\"><div class=\" dpt-permalink\"><a href=\"https:\/\/www.markus-schall.de\/pl\/2025\/12\/die-krimtataren-geschichte-herkunft-und-gegenwart-eines-vergessenen-volkes\/\" class=\"dpt-permalink\"><span class=\"screen-reader-text\">Die Krimtataren &#8211; Geschichte, Herkunft und Gegenwart eines vergessenen Volkes<\/span><\/a><\/div><div class=\" dpt-thumbnail\"><div class=\"dpt-thumbnail-inner\"><img width=\"1024\" height=\"683\" class=\"attachment-full size-full\" alt=\"Krimtartaren-Steppe\" context=\"dpt\" data-dpt-src=\"https:\/\/www.markus-schall.de\/wp-content\/uploads\/Krimtartaren-Steppe.jpg\" data-dpt-sizes=\"(max-width: 1024px) 100vw, 1024px\" data-dpt-srcset=\"https:\/\/www.markus-schall.de\/wp-content\/uploads\/Krimtartaren-Steppe.jpg 1024w, https:\/\/www.markus-schall.de\/wp-content\/uploads\/Krimtartaren-Steppe-300x200.jpg 300w, https:\/\/www.markus-schall.de\/wp-content\/uploads\/Krimtartaren-Steppe-768x512.jpg 768w, https:\/\/www.markus-schall.de\/wp-content\/uploads\/Krimtartaren-Steppe-18x12.jpg 18w\" \/><\/div><span class=\"dpt-thumbnail-aspect-ratio\" style=\"padding-top: 75%\"><\/span><\/div><\/div><div class=\" sub-entry\"><h3 class=\" dpt-title\"><a class=\"dpt-title-link\" href=\"https:\/\/www.markus-schall.de\/pl\/2025\/12\/die-krimtataren-geschichte-herkunft-und-gegenwart-eines-vergessenen-volkes\/\" rel=\"bookmark\">Die Krimtataren &#8211; Geschichte, Herkunft und Gegenwart eines vergessenen Volkes<\/a><\/h3><\/div><\/div>\n\t\t\t\t\t\t<\/div><!-- .dpt-entry -->\n\t\t\t\t\t\t\n\t\t\t\t<\/div>\n\t\t\t\t\t\t<\/div>\n\t\t\t\n<hr \/>\n","protected":false},"excerpt":{"rendered":"<p>Niekt\u00f3re decyzje zapadaj\u0105 z dnia na dzie\u0144 \u2013 inne dojrzewaj\u0105 powoli. W moim przypadku by\u0142a to ta druga opcja. Pomys\u0142 opuszczenia Niemiec i rozpocz\u0119cia nowego rozdzia\u0142u za granic\u0105 towarzyszy mi ju\u017c od lat. Ale jak to w \u017cyciu bywa, zawsze co\u015b stawa\u0142o na przeszkodzie: zobowi\u0105zania, projekty, wi\u0119zi osobiste \u2013 i wreszcie wygodna\u2026 <a title=\"Tatarzy Krymscy - historia, pochodzenie i tera\u017aniejszo\u015b\u0107 zapomnianego ludu\" class=\"read-more\" href=\"https:\/\/www.markus-schall.de\/pl\/2025\/12\/die-krimtataren-geschichte-herkunft-und-gegenwart-eines-vergessenen-volkes\/\" aria-label=\"Dowiedz si\u0119 wi\u0119cej o Tatarzy Krymscy - historia, pochodzenie i tera\u017aniejszo\u015b\u0107 zapomnianego ludu\">Dowiedz si\u0119 wi\u0119cej<\/a><\/p>","protected":false},"author":1,"featured_media":3073,"comment_status":"open","ping_status":"open","sticky":false,"template":"","format":"standard","meta":{"iawp_total_views":1070,"footnotes":""},"categories":[1,466],"tags":[467,458,426,429,448],"class_list":["post-3069","post","type-post","status-publish","format-standard","has-post-thumbnail","hentry","category-allgemein","category-gesellschaft","tag-auswandern","tag-erfahrungen","tag-krisen","tag-persoenlichkeitsentwicklung","tag-ratgeber"],"_links":{"self":[{"href":"https:\/\/www.markus-schall.de\/pl\/wp-json\/wp\/v2\/posts\/3069","targetHints":{"allow":["GET"]}}],"collection":[{"href":"https:\/\/www.markus-schall.de\/pl\/wp-json\/wp\/v2\/posts"}],"about":[{"href":"https:\/\/www.markus-schall.de\/pl\/wp-json\/wp\/v2\/types\/post"}],"author":[{"embeddable":true,"href":"https:\/\/www.markus-schall.de\/pl\/wp-json\/wp\/v2\/users\/1"}],"replies":[{"embeddable":true,"href":"https:\/\/www.markus-schall.de\/pl\/wp-json\/wp\/v2\/comments?post=3069"}],"version-history":[{"count":21,"href":"https:\/\/www.markus-schall.de\/pl\/wp-json\/wp\/v2\/posts\/3069\/revisions"}],"predecessor-version":[{"id":5934,"href":"https:\/\/www.markus-schall.de\/pl\/wp-json\/wp\/v2\/posts\/3069\/revisions\/5934"}],"wp:featuredmedia":[{"embeddable":true,"href":"https:\/\/www.markus-schall.de\/pl\/wp-json\/wp\/v2\/media\/3073"}],"wp:attachment":[{"href":"https:\/\/www.markus-schall.de\/pl\/wp-json\/wp\/v2\/media?parent=3069"}],"wp:term":[{"taxonomy":"category","embeddable":true,"href":"https:\/\/www.markus-schall.de\/pl\/wp-json\/wp\/v2\/categories?post=3069"},{"taxonomy":"post_tag","embeddable":true,"href":"https:\/\/www.markus-schall.de\/pl\/wp-json\/wp\/v2\/tags?post=3069"}],"curies":[{"name":"wp","href":"https:\/\/api.w.org\/{rel}","templated":true}]}}