{"id":3220,"date":"2025-10-27T06:58:11","date_gmt":"2025-10-27T06:58:11","guid":{"rendered":"https:\/\/www.markus-schall.de\/?p=3220"},"modified":"2025-12-08T17:28:38","modified_gmt":"2025-12-08T17:28:38","slug":"lora-training-jak-program-filemaker-2025-upraszcza-dostrajanie-duzych-modeli-jezykowych","status":"publish","type":"post","link":"https:\/\/www.markus-schall.de\/pl\/2025\/10\/lora-training-wie-filemaker-2025-das-feintuning-grosser-sprachmodelle-vereinfacht\/","title":{"rendered":"Szkolenie LoRA: Jak FileMaker 2025 upraszcza dostrajanie du\u017cych modeli j\u0119zykowych"},"content":{"rendered":"<p>Die Welt der k\u00fcnstlichen Intelligenz ist in Bewegung. Neue Modelle, neue Methoden und vor allem neue M\u00f6glichkeiten entstehen heute fast w\u00f6chentlich &#8211; und dennoch bleibt eine Erkenntnis konstant: Nicht jede technische Neuerung f\u00fchrt automatisch zu einem besseren Alltag. Vieles bleibt experimentell, komplex oder schlicht zu aufwendig f\u00fcr den produktiven Einsatz. Besonders deutlich zeigt sich das beim sogenannten Feintuning gro\u00dfer Sprachmodelle &#8211; einer Methode, um generative KI auf eigene Inhalte, Begriffe und Tonalit\u00e4ten zu spezialisieren.<\/p>\n<p>Ich habe diesen Prozess in den letzten Monaten intensiv begleitet &#8211; erst in klassischer Form, mit Python, Terminal, Fehlermeldungen und nervenaufreibenden Setup-Schleifen. Und dann: mit FileMaker 2025. Ein Schritt, der mich \u00fcberrascht hat &#8211; weil er nicht laut, aber klar war. Und weil er gezeigt hat, dass es auch anders geht.<!--more--><\/p>\n<p>In einem ausf\u00fchrlichen <a href=\"https:\/\/gofilemaker.de\/2025\/10\/vom-terminal-zum-script-filemaker-2025-macht-lora-feintuning-alltagstauglich\/\" target=\"_blank\" rel=\"noopener\"><strong>Fachartikel auf gofilemaker.de<\/strong><\/a> habe ich genau diesen Wandel dokumentiert: den \u00dcbergang vom offenen, flexiblen, aber instabilen PEFT-LoRA-Training (z.\u202fB. mit Axolotl, LLaMA-Factory oder kohya_ss) hin zur integrierten L\u00f6sung von Claris &#8211; per Script, lokal, nachvollziehbar.<\/p>\n<hr \/>\n\n\t\t\t<div class=\"display-post-types\">\n\n\t\t\t\t\t\t\t<style type=\"text\/css\">\n\t\t\t#dpt-wrapper-742 { --dpt-text-align: left;--dpt-image-crop: center;--dpt-border-radius: 5px;--dpt-small-grid-column: 33.33%;--dpt-large-grid-column: 33.3333333333%;--dpt-h-gutter: 10px;--dpt-v-gutter: 10px; }\t\t\t<\/style>\n\t\t\t<style type=\"text\/css\">#dpt-wrapper-742 { --dpt-title-font-style:normal;--dpt-title-font-weight:600;--dpt-title-line-height:1.5;--dpt-title-text-decoration:none;--dpt-title-text-transform:none;--dpt-excerpt-font-style:normal;--dpt-excerpt-font-weight:400;--dpt-excerpt-line-height:1.5;--dpt-excerpt-text-decoration:none;--dpt-excerpt-text-transform:none;--dpt-meta1-font-style:normal;--dpt-meta1-font-weight:400;--dpt-meta1-line-height:1.9;--dpt-meta1-text-decoration:none;--dpt-meta1-text-transform:none;--dpt-meta2-font-style:normal;--dpt-meta2-font-weight:400;--dpt-meta2-line-height:1.9;--dpt-meta2-text-decoration:none;--dpt-meta2-text-transform:none; }<\/style><div class=\" dpt-main-header\">\n\t\t\t\t\t\t<div class=\"dpt-main-title\">\n\t\t\t\t\t\t\t<span class=\"dpt-main-title-text\">Aktuelle Themen zu K\u00fcnstlicher Intelligenz<\/span>\n\t\t\t\t\t\t<\/div>\n\t\t\t\t\t\t\n\t\t\t\t\t\t\n\t\t\t\t\t\t\n\t\t\t\t\t\t<\/div>\t\t\t\n\t\t\t\t<div id=\"dpt-wrapper-742\" class=\"dpt-wrapper dpt-grid1 multi-col dpt-mason-wrap\" >\n\n\t\t\t\t\t\t\t\t\t\t\t<div class=\"dpt-entry has-thumbnail\" data-title=\"software entwickeln mit codex, chatgpt und ki: praxisleitfaden f\u00fcr entwickler\" data-id=\"6224\"  data-category=\"apple iphone &amp; ipad apple macos featured filemaker &amp; erp ki-systeme tipps &amp; anleitungen\" data-post_tag=\"datenbanken datenlogik digitales eigentum erfahrungen erp-software filemaker k\u00fcnstliche intelligenz lernen llm prozesse sprachmodell\">\n\t\t\t\t\t\t\t<div class=\"dpt-entry-wrapper\"><div class=\" dpt-featured-content\"><div class=\" dpt-permalink\"><a href=\"https:\/\/www.markus-schall.de\/pl\/2026\/06\/software-entwickeln-mit-codex-chatgpt-und-ki-praxisleitfaden-fuer-entwickler\/\" class=\"dpt-permalink\"><span class=\"screen-reader-text\">Software entwickeln mit Codex, ChatGPT und KI: Praxisleitfaden f\u00fcr Entwickler<\/span><\/a><\/div><div class=\" dpt-thumbnail\"><div class=\"dpt-thumbnail-inner\"><img width=\"1024\" height=\"583\" class=\"attachment-full size-full\" alt=\"Softwareentwicklung mit KI\" context=\"dpt\" data-dpt-src=\"https:\/\/www.markus-schall.de\/wp-content\/uploads\/Softwareentwicklung-mit-KI.jpg\" data-dpt-sizes=\"(max-width: 1024px) 100vw, 1024px\" data-dpt-srcset=\"https:\/\/www.markus-schall.de\/wp-content\/uploads\/Softwareentwicklung-mit-KI.jpg 1024w, https:\/\/www.markus-schall.de\/wp-content\/uploads\/Softwareentwicklung-mit-KI-300x171.jpg 300w, https:\/\/www.markus-schall.de\/wp-content\/uploads\/Softwareentwicklung-mit-KI-768x437.jpg 768w, https:\/\/www.markus-schall.de\/wp-content\/uploads\/Softwareentwicklung-mit-KI-18x10.jpg 18w\" \/><\/div><span class=\"dpt-thumbnail-aspect-ratio\" style=\"padding-top: 57%\"><\/span><\/div><\/div><div class=\" sub-entry\"><h3 class=\" dpt-title\"><a class=\"dpt-title-link\" href=\"https:\/\/www.markus-schall.de\/pl\/2026\/06\/software-entwickeln-mit-codex-chatgpt-und-ki-praxisleitfaden-fuer-entwickler\/\" rel=\"bookmark\">Software entwickeln mit Codex, ChatGPT und KI: Praxisleitfaden f\u00fcr Entwickler<\/a><\/h3><\/div><\/div>\n\t\t\t\t\t\t<\/div><!-- .dpt-entry -->\n\t\t\t\t\t\t\t\t\t\t\t\t<div class=\"dpt-entry has-thumbnail\" data-title=\"lokale ki auf dem mac: so installieren sie ein sprachmodell mit ollama\" data-id=\"2442\"  data-category=\"ki-systeme tipps &amp; anleitungen\" data-post_tag=\"datenschutz k\u00fcnstliche intelligenz llama llm mac mistral ollama sprachmodell\">\n\t\t\t\t\t\t\t<div class=\"dpt-entry-wrapper\"><div class=\" dpt-featured-content\"><div class=\" dpt-permalink\"><a href=\"https:\/\/www.markus-schall.de\/pl\/2025\/08\/lokale-ki-auf-dem-mac-so-installieren-sie-ein-sprachmodell-mit-ollama\/\" class=\"dpt-permalink\"><span class=\"screen-reader-text\">Lokale KI auf dem Mac: So installieren Sie ein Sprachmodell mit Ollama<\/span><\/a><\/div><div class=\" dpt-thumbnail\"><div class=\"dpt-thumbnail-inner\"><img width=\"1024\" height=\"683\" class=\"attachment-full size-full\" alt=\"Lokale KI installieren mit Ollama auf dem Mac\" context=\"dpt\" data-dpt-src=\"https:\/\/www.markus-schall.de\/wp-content\/uploads\/Lokale-KI-auf-Apple-Mac.jpg\" data-dpt-sizes=\"(max-width: 1024px) 100vw, 1024px\" data-dpt-srcset=\"https:\/\/www.markus-schall.de\/wp-content\/uploads\/Lokale-KI-auf-Apple-Mac.jpg 1024w, https:\/\/www.markus-schall.de\/wp-content\/uploads\/Lokale-KI-auf-Apple-Mac-300x200.jpg 300w, https:\/\/www.markus-schall.de\/wp-content\/uploads\/Lokale-KI-auf-Apple-Mac-768x512.jpg 768w, https:\/\/www.markus-schall.de\/wp-content\/uploads\/Lokale-KI-auf-Apple-Mac-18x12.jpg 18w\" \/><\/div><span class=\"dpt-thumbnail-aspect-ratio\" style=\"padding-top: 67%\"><\/span><\/div><\/div><div class=\" sub-entry\"><h3 class=\" dpt-title\"><a class=\"dpt-title-link\" href=\"https:\/\/www.markus-schall.de\/pl\/2025\/08\/lokale-ki-auf-dem-mac-so-installieren-sie-ein-sprachmodell-mit-ollama\/\" rel=\"bookmark\">Lokale KI auf dem Mac: So installieren Sie ein Sprachmodell mit Ollama<\/a><\/h3><\/div><\/div>\n\t\t\t\t\t\t<\/div><!-- .dpt-entry -->\n\t\t\t\t\t\t\t\t\t\t\t\t<div class=\"dpt-entry has-thumbnail\" data-title=\"ki-studio 2025: welche hardware wirklich lohnt &#8211; vom mac studio bis zur rtx 3090\" data-id=\"3704\"  data-category=\"apple macos hardware ki-systeme\" data-post_tag=\"apple digitales eigentum k\u00fcnstliche intelligenz llm mlx neo4j sprachmodell\">\n\t\t\t\t\t\t\t<div class=\"dpt-entry-wrapper\"><div class=\" dpt-featured-content\"><div class=\" dpt-permalink\"><a href=\"https:\/\/www.markus-schall.de\/pl\/2025\/11\/ki-studio-2025-welche-hardware-wirklich-lohnt-vom-mac-studio-bis-zur-rtx-3090\/\" class=\"dpt-permalink\"><span class=\"screen-reader-text\">KI-Studio 2025: Welche Hardware wirklich lohnt &#8211; vom Mac Studio bis zur RTX 3090<\/span><\/a><\/div><div class=\" dpt-thumbnail\"><div class=\"dpt-thumbnail-inner\"><img width=\"1024\" height=\"683\" class=\"attachment-full size-full\" alt=\"Hardware 2025 f\u00fcr KI-Studio\" context=\"dpt\" data-dpt-src=\"https:\/\/www.markus-schall.de\/wp-content\/uploads\/KI-Studio-Hardware-2025.jpg\" data-dpt-sizes=\"(max-width: 1024px) 100vw, 1024px\" data-dpt-srcset=\"https:\/\/www.markus-schall.de\/wp-content\/uploads\/KI-Studio-Hardware-2025.jpg 1024w, https:\/\/www.markus-schall.de\/wp-content\/uploads\/KI-Studio-Hardware-2025-300x200.jpg 300w, https:\/\/www.markus-schall.de\/wp-content\/uploads\/KI-Studio-Hardware-2025-768x512.jpg 768w, https:\/\/www.markus-schall.de\/wp-content\/uploads\/KI-Studio-Hardware-2025-18x12.jpg 18w\" \/><\/div><span class=\"dpt-thumbnail-aspect-ratio\" style=\"padding-top: 67%\"><\/span><\/div><\/div><div class=\" sub-entry\"><h3 class=\" dpt-title\"><a class=\"dpt-title-link\" href=\"https:\/\/www.markus-schall.de\/pl\/2025\/11\/ki-studio-2025-welche-hardware-wirklich-lohnt-vom-mac-studio-bis-zur-rtx-3090\/\" rel=\"bookmark\">KI-Studio 2025: Welche Hardware wirklich lohnt &#8211; vom Mac Studio bis zur RTX 3090<\/a><\/h3><\/div><\/div>\n\t\t\t\t\t\t<\/div><!-- .dpt-entry -->\n\t\t\t\t\t\t\n\t\t\t\t<\/div>\n\t\t\t\t\t\t<\/div>\n\t\t\t\n<hr \/>\n<h2>Was ist LoRA \u00fcberhaupt &#8211; und warum ist es so wichtig?<\/h2>\n<p>LoRA steht f\u00fcr Low-Rank Adaptation. Hinter diesem technisch klingenden Begriff verbirgt sich ein einfaches, aber kraftvolles Prinzip: Statt ein komplettes KI-Modell neu zu trainieren, passt man nur ganz bestimmte Teile an &#8211; \u00fcber sogenannte Adapter-Gewichte, die gezielt eingef\u00fcgt und trainiert werden. Diese Methode hat sich in den letzten Jahren als Goldstandard f\u00fcr dom\u00e4nenspezifisches Fine-Tuning etabliert &#8211; weil sie mit wenig Rechenleistung auskommt und dennoch hervorragende Ergebnisse liefert.<\/p>\n<p>Im klassischen Ansatz braucht man daf\u00fcr ein Arsenal aus Tools:<\/p>\n<ul>\n<li>eine funktionierende Python-Umgebung,<\/li>\n<li>passende CUDA- und PyTorch-Versionen,<\/li>\n<li>eine Trainings-Engine wie Axolotl oder kohya_ss,<\/li>\n<li>GPU-Ressourcen, die das Ganze bew\u00e4ltigen,<\/li>\n<li>und nicht zuletzt: Geduld. Viel Geduld.<\/li>\n<\/ul>\n<p>Denn zwischen YAML-Dateien, Tokenizer-Konflikten und Formatkonvertierungen (von safetensors zu GGUF zu MLX und zur\u00fcck) gehen oft Tage ins Land, bevor ein brauchbares Ergebnis entsteht. Es funktioniert &#8211; aber es ist nichts f\u00fcr nebenbei.<\/p>\n<h2>Und dann kam FileMaker 2025.<\/h2>\n<p>Mit der Einf\u00fchrung des AI Model Server und eines neuen Scriptsteps namens Fine-Tune Model bringt Claris genau diese Methode in ein Umfeld, in dem man sie so nicht erwartet h\u00e4tte: in eine relationale Datenbank.<\/p>\n<p>Was zun\u00e4chst ungew\u00f6hnlich klingt, ergibt bei genauerem Hinsehen verbl\u00fcffend viel Sinn. Denn was braucht ein gutes Feintuning?<\/p>\n<ul>\n<li>Strukturiert aufbereitete Daten,<\/li>\n<li>eine stabile Umgebung,<\/li>\n<li>klare Parameter,<\/li>\n<li>und einen definierten Anwendungskontext.<\/li>\n<\/ul>\n<p>All das bietet FileMaker &#8211; und deshalb wirkt die Integration von LoRA in dieser Umgebung nicht wie ein Fremdk\u00f6rper, sondern wie eine logische Erweiterung.<\/p>\n<p><img loading=\"lazy\" decoding=\"async\" class=\"aligncenter size-large wp-image-2891\" src=\"http:\/\/www.markus-schall.de\/wp-content\/uploads\/Claris-FileMaker-AI-Power-1024x545.png\" alt=\"\" width=\"1024\" height=\"545\" srcset=\"https:\/\/www.markus-schall.de\/wp-content\/uploads\/Claris-FileMaker-AI-Power-1024x545.png 1024w, https:\/\/www.markus-schall.de\/wp-content\/uploads\/Claris-FileMaker-AI-Power-300x160.png 300w, https:\/\/www.markus-schall.de\/wp-content\/uploads\/Claris-FileMaker-AI-Power-768x409.png 768w, https:\/\/www.markus-schall.de\/wp-content\/uploads\/Claris-FileMaker-AI-Power-1536x817.png 1536w, https:\/\/www.markus-schall.de\/wp-content\/uploads\/Claris-FileMaker-AI-Power-18x10.png 18w, https:\/\/www.markus-schall.de\/wp-content\/uploads\/Claris-FileMaker-AI-Power.png 2000w\" sizes=\"auto, (max-width: 1024px) 100vw, 1024px\" \/><\/p>\n<h3>Training ohne Terminal &#8211; aber nicht ohne Kontrolle<\/h3>\n<p>In meinem Artikel beschreibe ich ausf\u00fchrlich, wie sich der Trainingsprozess in FileMaker anf\u00fchlt:<\/p>\n<ul>\n<li>Dateneingabe direkt aus bestehenden Tabellen oder JSONL-Dateien,<\/li>\n<li>Hyperparameter wie Lernrate oder Schichttiefe direkt im Script steuerbar,<\/li>\n<li>vollst\u00e4ndiger lokaler Betrieb auf Apple-Silicon &#8211; ohne Cloud, ohne Upload,<\/li>\n<li>und vor allem: Ergebnisse, die reproduzierbar und alltagstauglich sind.<\/li>\n<\/ul>\n<p>Nat\u00fcrlich gibt es Grenzen. FileMaker erlaubt (noch) kein Multi-Model-Serving, keine Layer-Freeze-Strategien und auch keinen Export in andere Formate wie GGUF oder ONNX. Es ist kein Forschungstool, sondern ein Werkzeug f\u00fcr klare Anwendungsf\u00e4lle &#8211; etwa das Anpassen von Sprachmodellen auf unternehmensspezifische Begriffe, Antworten, Produktbeschreibungen oder interne Dialogstrukturen.<\/p>\n<p>Und genau darin liegt der Charme: Es funktioniert. Stabil. Wiederholbar. Und schneller, als ich es je f\u00fcr m\u00f6glich gehalten h\u00e4tte.<\/p>\n<hr \/>\n<h3>Aktuelle Umfrage zur Zukunft von FileMaker und KI<\/h3>\n<div class='bootstrap-yop yop-poll-mc'>\n\t\t\t\t\t\t\t<div class=\"basic-yop-poll-container\" style=\"background-color:#ffffff; border:0px; border-style:solid; border-color:#000000; border-radius:5px; padding:0px 5px;\" data-id=\"10\" data-temp=\"basic-pretty\" data-skin=\"square\" data-cscheme=\"blue\" data-cap=\"0\" data-access=\"guest\" data-tid=\"\" data-uid=\"15ea8d21dc018da7dce0bc8ae392b354\" data-pid=\"3704\" data-resdet=\"votes-number,percentages\" data-show-results-to=\"guest\" data-show-results-moment=\"after-vote\" data-show-results-only=\"false\" data-show-message=\"true\" data-show-results-as=\"bar\" data-sort-results-by=\"as-defined\" data-sort-results-rule=\"asc\"data-is-ended=\"0\" data-percentages-decimals=\"2\" data-gdpr=\"yes\" data-gdpr-sol=\"nostore\" data-css=\".basic-yop-poll-container[data-uid] .basic-vote {\n\t\t\t\t\t\t\t\t\ttext-align: center;\n\t\t\t\t\t\t\t\t}\" data-counter=\"0\" data-load-with=\"1\" data-notification-section=\"top\"><div class=\"row\"><div class=\"col-md-12\"><div class=\"basic-inner\"><div class=\"basic-message hide\" style=\"border-left: 10px solid #008000; padding: 0px 10px;\" data-error=\"#ff0000\" data-success=\"#008000\"><p class=\"basic-message-text\" style=\"color:#000000; font-size:14px; font-weight:normal;\"><\/p><\/div><div class=\"basic-overlay hide\"><div class=\"basic-vote-options\"><\/div><div class=\"basic-preloader\"><div class=\"basic-windows8\"><div class=\"basic-wBall basic-wBall_1\"><div class=\"basic-wInnerBall\"><\/div><\/div><div class=\"basic-wBall basic-wBall_2\"><div class=\"basic-wInnerBall\"><\/div><\/div><div class=\"basic-wBall basic-wBall_3\"><div class=\"basic-wInnerBall\"><\/div><\/div><div class=\"basic-wBall basic-wBall_4\"><div class=\"basic-wInnerBall\"><\/div><\/div><div class=\"basic-wBall basic-wBall_5\"><div class=\"basic-wInnerBall\"><\/div><\/div><\/div><\/div><\/div><form class=\"basic-form\"><input type=\"hidden\" name=\"_token\" value=\"8565348222\" autocomplete=\"off\"><div class=\"basic-elements\"><div class=\"basic-element basic-question basic-question-text-vertical\" data-id=\"10\" data-uid=\"922b3b2e4b1629c4338d95b94c242f44\" data-type=\"question\" data-question-type=\"text\" data-required=\"yes\" data-allow-multiple=\"no\" data-min=\"1\" data-max=\"7\" data-display=\"vertical\" data-colnum=\"\" data-display-others=\"no\" data-others-color=\"\" data-others=\"\" data-others-max-chars=\"0\"><div class=\"basic-question-title\"><h5 style=\"color:#000000; font-size:16px; font-weight:normal; text-align:left;\">Glaubst Du, dass Claris FileMaker in den n\u00e4chsten Jahren st\u00e4rker mit KI verbunden wird?<\/h5><\/div><ul class=\"basic-answers\"><li class=\"basic-answer\" style=\"padding:0px 0px;\" data-id=\"52\" data-type=\"text\" data-vn=\"5\" data-color=\"#000000\" data-make-link=\"no\" data-link=\"\"><div class=\"basic-answer-content basic-text-vertical\"><label for=\"answer[52]\" class=\"basic-answer-label\"><input type=\"radio\" id=\"answer[52]\" name=\"answer[10]\" value=\"52\"><span class=\"basic-text\" style=\"color: #000000; font-size: 14px; font-weight: normal;\">Ja, das wird \u00fcberall ein zentrales Thema<\/span><\/label><\/div><\/li><li class=\"basic-answer\" style=\"padding:0px 0px;\" data-id=\"53\" data-type=\"text\" data-vn=\"0\" data-color=\"#000000\" data-make-link=\"no\" data-link=\"\"><div class=\"basic-answer-content basic-text-vertical\"><label for=\"answer[53]\" class=\"basic-answer-label\"><input type=\"radio\" id=\"answer[53]\" name=\"answer[10]\" value=\"53\"><span class=\"basic-text\" style=\"color: #000000; font-size: 14px; font-weight: normal;\">Ja, vor allem f\u00fcr LoRA-Training von LLMs<\/span><\/label><\/div><\/li><li class=\"basic-answer\" style=\"padding:0px 0px;\" data-id=\"54\" data-type=\"text\" data-vn=\"0\" data-color=\"#000000\" data-make-link=\"no\" data-link=\"\"><div class=\"basic-answer-content basic-text-vertical\"><label for=\"answer[54]\" class=\"basic-answer-label\"><input type=\"radio\" id=\"answer[54]\" name=\"answer[10]\" value=\"54\"><span class=\"basic-text\" style=\"color: #000000; font-size: 14px; font-weight: normal;\">Vielleicht im Backend, aber nicht sichtbar<\/span><\/label><\/div><\/li><li class=\"basic-answer\" style=\"padding:0px 0px;\" data-id=\"55\" data-type=\"text\" data-vn=\"1\" data-color=\"#000000\" data-make-link=\"no\" data-link=\"\"><div class=\"basic-answer-content basic-text-vertical\"><label for=\"answer[55]\" class=\"basic-answer-label\"><input type=\"radio\" id=\"answer[55]\" name=\"answer[10]\" value=\"55\"><span class=\"basic-text\" style=\"color: #000000; font-size: 14px; font-weight: normal;\">Nein, FileMaker bleibt eine klassische Datenbank<\/span><\/label><\/div><\/li><li class=\"basic-answer\" style=\"padding:0px 0px;\" data-id=\"56\" data-type=\"text\" data-vn=\"3\" data-color=\"#000000\" data-make-link=\"no\" data-link=\"\"><div class=\"basic-answer-content basic-text-vertical\"><label for=\"answer[56]\" class=\"basic-answer-label\"><input type=\"radio\" id=\"answer[56]\" name=\"answer[10]\" value=\"56\"><span class=\"basic-text\" style=\"color: #000000; font-size: 14px; font-weight: normal;\">Keine Ahnung, nutze FileMaker nicht<\/span><\/label><\/div><\/li><\/ul><\/div><div class=\"clearfix\"><\/div><\/div><div class=\"basic-vote\"><a href=\"#\" class=\"button basic-vote-button\" role=\"button\" style=\"background:#027bb8; border:0px; border-style: solid; border-color:#000000; border-radius:5px; padding:10px 10px; color:#ffffff; font-size:14px; font-weight:normal;\">Abstimmen<\/a><\/div><\/form><\/div><\/div><\/div><\/div>\n\t\t\t\t\t\t<\/div>\n<hr \/>\n<h2>Wer sollte sich das genauer ansehen &#8211; und warum?<\/h2>\n<p>Dieser Artikel richtet sich an alle, die KI nicht nur verstehen, sondern nutzen wollen:<\/p>\n<ul>\n<li><strong>Gesch\u00e4ftsf\u00fchrer<\/strong>, die Datenschutz und Effizienz in Einklang bringen wollen.<\/li>\n<li><strong>Entwickler<\/strong>, die nicht jedes Mal wieder bei Null anfangen m\u00f6chten.<\/li>\n<li><strong>Strategen<\/strong>, die begreifen, dass KI nicht nur extern \u201eeingekauft\u201c, sondern auch intern trainiert werden kann.<\/li>\n<\/ul>\n<p>In FileMaker 2025 wird das Feintuning von Sprachmodellen Teil des Workflows &#8211; nicht als Fremdk\u00f6rper, sondern als echtes Werkzeug. Das ist ein leiser, aber nachhaltiger Wandel, der zeigt, wie weit wir in der Alltagstauglichkeit von KI gekommen sind.<\/p>\n<p><strong>Zum Artikel:<\/strong><br \/>\n<a href=\"https:\/\/gofilemaker.de\/2025\/10\/vom-terminal-zum-script-filemaker-2025-macht-lora-feintuning-alltagstauglich\/\" target=\"_blank\" rel=\"noopener\"><strong>Vom Terminal zum Script: FileMaker 2025 macht LoRA-Feintuning alltagstauglich<\/strong><\/a><\/p>\n<p>In einem n\u00e4chsten Artikel werde ich beschreiben, wie ein Sprachmodell in der Praxis mit FileMaker trainiert werden kann und stelle dazu dann auch ein entsprechendes Beispielscript zur Verf\u00fcgung.<\/p>\n<hr \/>\n\n\t\t\t<div class=\"display-post-types\">\n\n\t\t\t\t\t\t\t<style type=\"text\/css\">\n\t\t\t#dpt-wrapper-743 { --dpt-text-align: left;--dpt-image-crop: center;--dpt-border-radius: 5px;--dpt-h-gutter: 10px;--dpt-v-gutter: 9px; }\t\t\t<\/style>\n\t\t\t<style type=\"text\/css\">#dpt-wrapper-743 { --dpt-title-font-style:normal;--dpt-title-font-weight:600;--dpt-title-line-height:1.5;--dpt-title-text-decoration:none;--dpt-title-text-transform:none;--dpt-excerpt-font-style:normal;--dpt-excerpt-font-weight:400;--dpt-excerpt-line-height:1.5;--dpt-excerpt-text-decoration:none;--dpt-excerpt-text-transform:none;--dpt-meta1-font-style:normal;--dpt-meta1-font-weight:400;--dpt-meta1-line-height:1.9;--dpt-meta1-text-decoration:none;--dpt-meta1-text-transform:none;--dpt-meta2-font-style:normal;--dpt-meta2-font-weight:400;--dpt-meta2-line-height:1.9;--dpt-meta2-text-decoration:none;--dpt-meta2-text-transform:none; }<\/style><div class=\" dpt-main-header\">\n\t\t\t\t\t\t<div class=\"dpt-main-title\">\n\t\t\t\t\t\t\t<span class=\"dpt-main-title-text\">Aktuelle Beitr\u00e4ge zu Kunst &amp; Kultur<\/span>\n\t\t\t\t\t\t<\/div>\n\t\t\t\t\t\t\n\t\t\t\t\t\t\n\t\t\t\t\t\t\n\t\t\t\t\t\t<\/div>\t\t\t\n\t\t\t\t<div id=\"dpt-wrapper-743\" class=\"dpt-wrapper dpt-mag1 land1 dpt-cropped dpt-flex-wrap\" >\n\n\t\t\t\t\t\t\t\t\t\t\t<div class=\"dpt-entry has-thumbnail\" data-title=\"beruf, weltbild, zukunft: entscheidungen im schatten des umbruchs\" data-id=\"3197\"  data-category=\"allgemein gesellschaft kunst &amp; kultur tipps &amp; anleitungen\" data-post_tag=\"erfahrungen krisen pers\u00f6nlichkeitsentwicklung ratgeber\">\n\t\t\t\t\t\t\t<div class=\"dpt-entry-wrapper\"><div class=\" dpt-featured-content\"><div class=\" dpt-permalink\"><a href=\"https:\/\/www.markus-schall.de\/pl\/2025\/10\/beruf-weltbild-zukunft-entscheidungen-im-schatten-des-umbruchs\/\" class=\"dpt-permalink\"><span class=\"screen-reader-text\">Beruf, Weltbild, Zukunft: Entscheidungen im Schatten des Umbruchs<\/span><\/a><\/div><div class=\" dpt-thumbnail\"><div class=\"dpt-thumbnail-inner\"><img width=\"1024\" height=\"683\" class=\"attachment-full size-full\" alt=\"Entscheidungen im Schatten des Umbruchs\" context=\"dpt\" data-dpt-src=\"https:\/\/www.markus-schall.de\/wp-content\/uploads\/Entscheidungen-im-Schatten-Umbruch.jpg\" data-dpt-sizes=\"(max-width: 1024px) 100vw, 1024px\" data-dpt-srcset=\"https:\/\/www.markus-schall.de\/wp-content\/uploads\/Entscheidungen-im-Schatten-Umbruch.jpg 1024w, https:\/\/www.markus-schall.de\/wp-content\/uploads\/Entscheidungen-im-Schatten-Umbruch-300x200.jpg 300w, https:\/\/www.markus-schall.de\/wp-content\/uploads\/Entscheidungen-im-Schatten-Umbruch-768x512.jpg 768w, https:\/\/www.markus-schall.de\/wp-content\/uploads\/Entscheidungen-im-Schatten-Umbruch-18x12.jpg 18w\" \/><\/div><span class=\"dpt-thumbnail-aspect-ratio\" style=\"padding-top: 75%\"><\/span><\/div><\/div><div class=\" sub-entry\"><h3 class=\" dpt-title\"><a class=\"dpt-title-link\" href=\"https:\/\/www.markus-schall.de\/pl\/2025\/10\/beruf-weltbild-zukunft-entscheidungen-im-schatten-des-umbruchs\/\" rel=\"bookmark\">Beruf, Weltbild, Zukunft: Entscheidungen im Schatten des Umbruchs<\/a><\/h3><\/div><\/div>\n\t\t\t\t\t\t<\/div><!-- .dpt-entry -->\n\t\t\t\t\t\t\t\t\t\t\t\t<div class=\"dpt-entry has-thumbnail\" data-title=\"iran verstehen: alltag, proteste und interessen jenseits der schlagzeilen\" data-id=\"4462\"  data-category=\"allgemein gesellschaft kunst &amp; kultur\" data-post_tag=\"erfahrungen europa geopolitik krisen meinungsfreiheit sicherheitspolitik spieltheorie\">\n\t\t\t\t\t\t\t<div class=\"dpt-entry-wrapper\"><div class=\" dpt-featured-content\"><div class=\" dpt-permalink\"><a href=\"https:\/\/www.markus-schall.de\/pl\/2026\/01\/iran-verstehen-alltag-proteste-und-interessen-jenseits-der-schlagzeilen\/\" class=\"dpt-permalink\"><span class=\"screen-reader-text\">Iran verstehen: Alltag, Proteste und Interessen jenseits der Schlagzeilen<\/span><\/a><\/div><div class=\" dpt-thumbnail\"><div class=\"dpt-thumbnail-inner\"><img width=\"1024\" height=\"683\" class=\"attachment-full size-full\" alt=\"Iran verstehen\" context=\"dpt\" data-dpt-src=\"https:\/\/www.markus-schall.de\/wp-content\/uploads\/Iran-Titel.jpg\" data-dpt-sizes=\"(max-width: 1024px) 100vw, 1024px\" data-dpt-srcset=\"https:\/\/www.markus-schall.de\/wp-content\/uploads\/Iran-Titel.jpg 1024w, https:\/\/www.markus-schall.de\/wp-content\/uploads\/Iran-Titel-300x200.jpg 300w, https:\/\/www.markus-schall.de\/wp-content\/uploads\/Iran-Titel-768x512.jpg 768w, https:\/\/www.markus-schall.de\/wp-content\/uploads\/Iran-Titel-18x12.jpg 18w\" \/><\/div><span class=\"dpt-thumbnail-aspect-ratio\" style=\"padding-top: 75%\"><\/span><\/div><\/div><div class=\" sub-entry\"><h3 class=\" dpt-title\"><a class=\"dpt-title-link\" href=\"https:\/\/www.markus-schall.de\/pl\/2026\/01\/iran-verstehen-alltag-proteste-und-interessen-jenseits-der-schlagzeilen\/\" rel=\"bookmark\">Iran verstehen: Alltag, Proteste und Interessen jenseits der Schlagzeilen<\/a><\/h3><\/div><\/div>\n\t\t\t\t\t\t<\/div><!-- .dpt-entry -->\n\t\t\t\t\t\t\t\t\t\t\t\t<div class=\"dpt-entry has-thumbnail\" data-title=\"ulrike gu\u00e9rot: eine europ\u00e4erin zwischen idee, universit\u00e4t und \u00f6ffentlichem diskurs\" data-id=\"4039\"  data-category=\"allgemein gesellschaft kunst &amp; kultur\" data-post_tag=\"denkmodelle deutschland europa geopolitik krisen meinungsfreiheit portrait sicherheitspolitik spieltheorie\">\n\t\t\t\t\t\t\t<div class=\"dpt-entry-wrapper\"><div class=\" dpt-featured-content\"><div class=\" dpt-permalink\"><a href=\"https:\/\/www.markus-schall.de\/pl\/2025\/12\/ulrike-guerot-eine-europaeerin-zwischen-idee-universitaet-und-oeffentlichem-diskurs\/\" class=\"dpt-permalink\"><span class=\"screen-reader-text\">Ulrike Gu\u00e9rot: Eine Europ\u00e4erin zwischen Idee, Universit\u00e4t und \u00f6ffentlichem Diskurs<\/span><\/a><\/div><div class=\" dpt-thumbnail\"><div class=\"dpt-thumbnail-inner\"><img width=\"1024\" height=\"683\" class=\"attachment-full size-full\" alt=\"Ulrike Gu\u00e9rot und Europa\" context=\"dpt\" data-dpt-src=\"https:\/\/www.markus-schall.de\/wp-content\/uploads\/ulrike-guerot-portrait.jpg\" data-dpt-sizes=\"(max-width: 1024px) 100vw, 1024px\" data-dpt-srcset=\"https:\/\/www.markus-schall.de\/wp-content\/uploads\/ulrike-guerot-portrait.jpg 1024w, https:\/\/www.markus-schall.de\/wp-content\/uploads\/ulrike-guerot-portrait-300x200.jpg 300w, https:\/\/www.markus-schall.de\/wp-content\/uploads\/ulrike-guerot-portrait-768x512.jpg 768w, https:\/\/www.markus-schall.de\/wp-content\/uploads\/ulrike-guerot-portrait-18x12.jpg 18w\" \/><\/div><span class=\"dpt-thumbnail-aspect-ratio\" style=\"padding-top: 75%\"><\/span><\/div><\/div><div class=\" sub-entry\"><h3 class=\" dpt-title\"><a class=\"dpt-title-link\" href=\"https:\/\/www.markus-schall.de\/pl\/2025\/12\/ulrike-guerot-eine-europaeerin-zwischen-idee-universitaet-und-oeffentlichem-diskurs\/\" rel=\"bookmark\">Ulrike Gu\u00e9rot: Eine Europ\u00e4erin zwischen Idee, Universit\u00e4t und \u00f6ffentlichem Diskurs<\/a><\/h3><\/div><\/div>\n\t\t\t\t\t\t<\/div><!-- .dpt-entry -->\n\t\t\t\t\t\t\t\t\t\t\t\t<div class=\"dpt-entry has-thumbnail\" data-title=\"die affinity grafik-suite wird kostenlos: was profi-anwender jetzt wissen m\u00fcssen\" data-id=\"3675\"  data-category=\"apple macos b\u00fccher kunst &amp; kultur tipps &amp; anleitungen\" data-post_tag=\"buch mac prozesse publishing verlag\">\n\t\t\t\t\t\t\t<div class=\"dpt-entry-wrapper\"><div class=\" dpt-featured-content\"><div class=\" dpt-permalink\"><a href=\"https:\/\/www.markus-schall.de\/pl\/2025\/11\/die-affinity-grafik-suite-wird-kostenlos-was-profi-anwender-jetzt-wissen-muessen\/\" class=\"dpt-permalink\"><span class=\"screen-reader-text\">Die Affinity Grafik-Suite wird kostenlos: Was Profi-Anwender jetzt wissen m\u00fcssen<\/span><\/a><\/div><div class=\" dpt-thumbnail\"><div class=\"dpt-thumbnail-inner\"><img width=\"1024\" height=\"683\" class=\"attachment-full size-full\" alt=\"Affinity Grafiksuite kostenlos\" context=\"dpt\" data-dpt-src=\"https:\/\/www.markus-schall.de\/wp-content\/uploads\/affinity-grafiksuite-kostenlos.jpg\" data-dpt-sizes=\"(max-width: 1024px) 100vw, 1024px\" data-dpt-srcset=\"https:\/\/www.markus-schall.de\/wp-content\/uploads\/affinity-grafiksuite-kostenlos.jpg 1024w, https:\/\/www.markus-schall.de\/wp-content\/uploads\/affinity-grafiksuite-kostenlos-300x200.jpg 300w, https:\/\/www.markus-schall.de\/wp-content\/uploads\/affinity-grafiksuite-kostenlos-768x512.jpg 768w, https:\/\/www.markus-schall.de\/wp-content\/uploads\/affinity-grafiksuite-kostenlos-18x12.jpg 18w\" \/><\/div><span class=\"dpt-thumbnail-aspect-ratio\" style=\"padding-top: 75%\"><\/span><\/div><\/div><div class=\" sub-entry\"><h3 class=\" dpt-title\"><a class=\"dpt-title-link\" href=\"https:\/\/www.markus-schall.de\/pl\/2025\/11\/die-affinity-grafik-suite-wird-kostenlos-was-profi-anwender-jetzt-wissen-muessen\/\" rel=\"bookmark\">Die Affinity Grafik-Suite wird kostenlos: Was Profi-Anwender jetzt wissen m\u00fcssen<\/a><\/h3><\/div><\/div>\n\t\t\t\t\t\t<\/div><!-- .dpt-entry -->\n\t\t\t\t\t\t\n\t\t\t\t<\/div>\n\t\t\t\t\t\t<\/div>\n\t\t\t\n<hr \/>\n","protected":false},"excerpt":{"rendered":"<p>\u015awiat sztucznej inteligencji nieustannie si\u0119 zmienia. Nowe modele, nowe metody, a przede wszystkim nowe mo\u017cliwo\u015bci pojawiaj\u0105 si\u0119 dzi\u015b niemal co tydzie\u0144 \u2013 a jednak jedno pozostaje niezmienne: nie ka\u017cda innowacja techniczna automatycznie przek\u0142ada si\u0119 na popraw\u0119 jako\u015bci codziennego \u017cycia. Wiele rozwi\u0105za\u0144 ma nadal charakter eksperymentalny, jest zbyt z\u0142o\u017conych lub po prostu zbyt kosztownych, by mo\u017cna je by\u0142o wykorzysta\u0107 w praktyce. Szczeg\u00f3lnie wyra\u017anie wida\u0107 to\u2026 <a title=\"Pakiet graficzny Affinity staje si\u0119 darmowy: Co profesjonalni u\u017cytkownicy powinni wiedzie\u0107 ju\u017c teraz\" class=\"read-more\" href=\"https:\/\/www.markus-schall.de\/pl\/2025\/11\/die-affinity-grafik-suite-wird-kostenlos-was-profi-anwender-jetzt-wissen-muessen\/\" aria-label=\"Dowiedz si\u0119 wi\u0119cej o pakiecie graficznym Affinity za darmo: Co profesjonalni u\u017cytkownicy powinni wiedzie\u0107 ju\u017c teraz\">Dowiedz si\u0119 wi\u0119cej<\/a><\/p>","protected":false},"author":1,"featured_media":3222,"comment_status":"open","ping_status":"open","sticky":false,"template":"","format":"standard","meta":{"iawp_total_views":223,"footnotes":""},"categories":[3,431],"tags":[440,410,471,433,465,434],"class_list":["post-3220","post","type-post","status-publish","format-standard","has-post-thumbnail","hentry","category-filemaker","category-ki-systeme","tag-datenbanken","tag-filemaker","tag-kuenstliche-intelligenz","tag-llm","tag-mlx","tag-sprachmodell"],"_links":{"self":[{"href":"https:\/\/www.markus-schall.de\/pl\/wp-json\/wp\/v2\/posts\/3220","targetHints":{"allow":["GET"]}}],"collection":[{"href":"https:\/\/www.markus-schall.de\/pl\/wp-json\/wp\/v2\/posts"}],"about":[{"href":"https:\/\/www.markus-schall.de\/pl\/wp-json\/wp\/v2\/types\/post"}],"author":[{"embeddable":true,"href":"https:\/\/www.markus-schall.de\/pl\/wp-json\/wp\/v2\/users\/1"}],"replies":[{"embeddable":true,"href":"https:\/\/www.markus-schall.de\/pl\/wp-json\/wp\/v2\/comments?post=3220"}],"version-history":[{"count":8,"href":"https:\/\/www.markus-schall.de\/pl\/wp-json\/wp\/v2\/posts\/3220\/revisions"}],"predecessor-version":[{"id":3904,"href":"https:\/\/www.markus-schall.de\/pl\/wp-json\/wp\/v2\/posts\/3220\/revisions\/3904"}],"wp:featuredmedia":[{"embeddable":true,"href":"https:\/\/www.markus-schall.de\/pl\/wp-json\/wp\/v2\/media\/3222"}],"wp:attachment":[{"href":"https:\/\/www.markus-schall.de\/pl\/wp-json\/wp\/v2\/media?parent=3220"}],"wp:term":[{"taxonomy":"category","embeddable":true,"href":"https:\/\/www.markus-schall.de\/pl\/wp-json\/wp\/v2\/categories?post=3220"},{"taxonomy":"post_tag","embeddable":true,"href":"https:\/\/www.markus-schall.de\/pl\/wp-json\/wp\/v2\/tags?post=3220"}],"curies":[{"name":"wp","href":"https:\/\/api.w.org\/{rel}","templated":true}]}}