{"id":3412,"date":"2025-11-10T06:16:50","date_gmt":"2025-11-10T06:16:50","guid":{"rendered":"https:\/\/www.markus-schall.de\/?p=3412"},"modified":"2026-04-12T15:40:24","modified_gmt":"2026-04-12T15:40:24","slug":"elektroniczny-rekord-pacjenta-epa-fact-check-ryzyko-prawa-i-zastrzezenia","status":"publish","type":"post","link":"https:\/\/www.markus-schall.de\/pl\/2025\/11\/die-elektronische-patientenakte-epa-im-faktencheck-risiken-rechte-und-widerspruch\/","title":{"rendered":"Weryfikacja elektronicznych akt pacjent\u00f3w (EPR): ryzyko, prawa i zastrze\u017cenia"},"content":{"rendered":"<p>Die elektronische Patientenakte, kurz ePA, ist eines der ambitioniertsten Digitalisierungsprojekte im deutschen Gesundheitswesen. Sie soll medizinische Informationen zentral b\u00fcndeln &#8211; von Befunden und Laborwerten \u00fcber Medikationspl\u00e4ne bis hin zu Impfungen und Krankenhausberichten. \u00c4rzte, Therapeuten, Apotheken und Patienten sollen dadurch besser miteinander vernetzt, Doppeluntersuchungen vermieden und die Behandlungsqualit\u00e4t verbessert werden.<\/p>\n<p>Was auf dem Papier modern und effizient klingt, wirft in der Praxis zahlreiche Fragen auf: Wer hat Zugriff? Wie sicher sind die Daten? Und vor allem: Will ich \u00fcberhaupt, dass all meine Gesundheitsinformationen zentral gespeichert und zug\u00e4nglich sind &#8211; auch dann, wenn ich nicht darum gebeten habe?<!--more--><\/p>\n<p>Ich habe mich pers\u00f6nlich gegen die automatische Anlage einer ePA entschieden, also von meinem Widerspruchsrecht Gebrauch gemacht. Warum, erl\u00e4utere ich in diesem Artikel. Aber bevor wir zur Kritik kommen, lohnt sich ein Blick zur\u00fcck: Wie kam es \u00fcberhaupt zur elektronischen Patientenakte? Wer hat sie geplant? Wer treibt sie voran? Und wie hat sich der gesetzliche Rahmen in den letzten Jahren ver\u00e4ndert?<\/p>\n<hr \/>\n<h2>Aktuelle News zur elektronischen Patientenakte<\/h2>\n<p><strong>12.04.2026<\/strong>: Die elektronische Patientenakte (ePA) kommt trotz politischem Druck und technischer Umsetzung nur langsam in der Praxis an. Aktuelle Zahlen der Techniker Krankenkasse zeigen, dass lediglich <a href=\"https:\/\/www.zm-online.de\/news\/detail\/nur-acht-prozent-der-tk-versicherten-nutzen-die-epa\" target=\"_blank\" rel=\"noopener\"><strong>rund acht Prozent der Versicherten die ePA aktiv nutzen<\/strong><\/a> &#8211; das entspricht etwa einer Million Menschen. Gleichzeitig wird betont, dass viele Funktionen der ePA auch ohne aktive Nutzung im Hintergrund wirken, etwa durch automatisch gespeicherte Befunde oder Verordnungen. Dennoch bleibt die geringe aktive Nutzung ein deutliches Signal: Die Akzeptanz in der Bev\u00f6lkerung ist weiterhin begrenzt, obwohl die Infrastruktur bereits fl\u00e4chendeckend aufgebaut wird.<\/p>\n<div class=\"lyte-wrapper\" style=\"width:640px;max-width:100%;margin:5px;\"><div class=\"lyMe\" id=\"WYL_wetlmtUm0RY\"><div id=\"lyte_wetlmtUm0RY\" data-src=\"https:\/\/www.markus-schall.de\/wp-content\/plugins\/wp-youtube-lyte\/lyteCache.php?origThumbUrl=%2F%2Fi.ytimg.com%2Fvi%2FwetlmtUm0RY%2Fhqdefault.jpg\" class=\"pL\"><div class=\"tC\"><div class=\"tT\"><\/div><\/div><div class=\"play\"><\/div><div class=\"ctrl\"><div class=\"Lctrl\"><\/div><div class=\"Rctrl\"><\/div><\/div><\/div><noscript><a href=\"https:\/\/youtu.be\/wetlmtUm0RY\" rel=\"nofollow noopener\" target=\"_blank\"><img loading=\"lazy\" decoding=\"async\" src=\"https:\/\/www.markus-schall.de\/wp-content\/plugins\/wp-youtube-lyte\/lyteCache.php?origThumbUrl=https%3A%2F%2Fi.ytimg.com%2Fvi%2FwetlmtUm0RY%2F0.jpg\" alt=\"YouTube video thumbnail\" width=\"640\" height=\"340\" \/><br \/>Watch this video on YouTube<\/a><\/noscript><\/div><\/div><div class=\"lL\" style=\"max-width:100%;width:640px;margin:5px;\"><\/div><br \/>\n39C3: Probleme mit der elektronischen Patientenakte (ePA) erkl\u00e4rt Sicherheitsforscherin Bianca Kastl | <a href=\"https:\/\/www.youtube.com\/@heise-ct\" target=\"_blank\" rel=\"nofollow noopener\">heise &amp; c&#8217;t<\/a><\/p>\n<p>Vor diesem Hintergrund gewinnt die Kritik von IT-Sicherheitsexperten weiter an Gewicht. In einem aktuellen Beitrag erl\u00e4utert Sicherheitsforscherin Bianca Kastl grundlegende Schw\u00e4chen der ePA &#8211; insbesondere bei Identit\u00e4tsmanagement, Transparenz und organisatorischer Verantwortung. Der zentrale Vorwurf: Strukturelle Probleme lassen sich nicht einfach nachtr\u00e4glich \u201ereparieren\u201c, sondern sind tief im System verankert. In Kombination mit der geringen Nutzung stellt sich damit eine grundlegende Frage: Wird hier ein System etabliert, das technisch existiert, aber in der Realit\u00e4t weder ausreichend genutzt noch vollst\u00e4ndig verstanden wird? Genau diese Diskrepanz beleuchtet das folgende Video.<\/p>\n<p><strong>21.01.2026<\/strong>: Psychologische und therapeutische Berufsverb\u00e4nde <a href=\"https:\/\/www.heise.de\/news\/Psychologische-und-therapeutische-Verbaende-fordern-besseren-Schutz-der-ePA-Daten-11147250.html\" target=\"_blank\" rel=\"noopener\"><strong>warnen vor einem grenz\u00fcberschreitenden Zugriff<\/strong><\/a> auf sensible Gesundheitsdaten der elektronischen Patientenakte (ePA) im Zuge der EU\u2011E\u2011Evidence\u2011Verordnung. Nach Ansicht des Deutschen Psychotherapeuten Netzwerks (DPNW) und des Berufsverbands Deutscher Psychologinnen und Psychologen (BDP) k\u00f6nnte die geplante nationale Umsetzung Beh\u00f6rden aus anderen EU\u2011Staaten erlauben, ePA\u2011Daten anzufordern &#8211; selbst wenn der jeweilige Sachverhalt nach deutschem Recht nicht strafbar ist. Die Verb\u00e4nde fordern deshalb gesetzliche Nachbesserungen, um \u00e4rztliche Schweigepflicht und Schutz der ePA verbindlich zu sichern und eine sogenannte \u201eobservationsfreie Zone\u201c f\u00fcr besonders sensible Gesundheitsdaten zu schaffen. Kritikpunkte sind die derzeit unklare gesetzliche Lage und die Gefahr, dass vertrauliche medizinische Informationen ohne ausreichenden Schutz weitergegeben werden k\u00f6nnten.<\/p>\n<p><strong>03.11.2025<\/strong>: Immer mehr Patienten entdecken laut WELT durch die elektronische Patientenakte (ePA) <a href=\"https:\/\/www.welt.de\/vermischtes\/article68f39624b6a97a0e756aaaff\/elektronische-patientenakte-uebertrieben-bis-frei-erfunden-patienten-klagen-ueber-falsche-diagnosen.html\" target=\"_blank\" rel=\"noopener\"><strong>fehlerhafte oder frei erfundene Diagnosen<\/strong><\/a> in ihren medizinischen Unterlagen &#8211; teils mit schwerwiegenden Folgen, etwa beim Wechsel in eine private Krankenversicherung. Besonders h\u00e4ufig betreffen diese fragw\u00fcrdigen Eintr\u00e4ge psychische Erkrankungen oder nicht vorhandene Leiden wie Ohnmachtsanf\u00e4lle oder Gastritis. Hintergrund ist offenbar ein finanzielles Anreizsystem, das \u00fcberh\u00f6hte Diagnosen belohnt. Einmal eingetragen, lassen sich solche Diagnosen nur schwer korrigieren oder entfernen. Experten rufen dazu auf, die ePA regelm\u00e4\u00dfig zu \u00fcberpr\u00fcfen, da falsche Angaben langfristig gravierende Nachteile verursachen k\u00f6nnen.<\/p>\n<hr \/>\n\n\t\t\t<div class=\"display-post-types\">\n\n\t\t\t\t\t\t\t<style type=\"text\/css\">\n\t\t\t#dpt-wrapper-511 { --dpt-text-align: left;--dpt-image-crop: center;--dpt-border-radius: 5px;--dpt-h-gutter: 10px;--dpt-v-gutter: 9px; }\t\t\t<\/style>\n\t\t\t<style type=\"text\/css\">#dpt-wrapper-511 { --dpt-title-font-style:normal;--dpt-title-font-weight:600;--dpt-title-line-height:1.5;--dpt-title-text-decoration:none;--dpt-title-text-transform:none;--dpt-excerpt-font-style:normal;--dpt-excerpt-font-weight:400;--dpt-excerpt-line-height:1.5;--dpt-excerpt-text-decoration:none;--dpt-excerpt-text-transform:none;--dpt-meta1-font-style:normal;--dpt-meta1-font-weight:400;--dpt-meta1-line-height:1.9;--dpt-meta1-text-decoration:none;--dpt-meta1-text-transform:none;--dpt-meta2-font-style:normal;--dpt-meta2-font-weight:400;--dpt-meta2-line-height:1.9;--dpt-meta2-text-decoration:none;--dpt-meta2-text-transform:none; }<\/style><div class=\" dpt-main-header\">\n\t\t\t\t\t\t<div class=\"dpt-main-title\">\n\t\t\t\t\t\t\t<span class=\"dpt-main-title-text\">Aktuelle Gesundheitsthemen<\/span>\n\t\t\t\t\t\t<\/div>\n\t\t\t\t\t\t\n\t\t\t\t\t\t\n\t\t\t\t\t\t\n\t\t\t\t\t\t<\/div>\t\t\t\n\t\t\t\t<div id=\"dpt-wrapper-511\" class=\"dpt-wrapper dpt-mag1 land1 dpt-cropped dpt-flex-wrap\" >\n\n\t\t\t\t\t\t\t\t\t\t\t<div class=\"dpt-entry has-thumbnail\" data-title=\"stress ist keine naturgewalt &#8211; wie man sich freir\u00e4ume zur\u00fcckholt, schritt f\u00fcr schritt\" data-id=\"3152\"  data-category=\"allgemein gesellschaft gesundheit tipps &amp; anleitungen\" data-post_tag=\"cmd erfahrungen gesundheit krisen pers\u00f6nlichkeitsentwicklung prozesse ratgeber\">\n\t\t\t\t\t\t\t<div class=\"dpt-entry-wrapper\"><div class=\" dpt-featured-content\"><div class=\" dpt-permalink\"><a href=\"https:\/\/www.markus-schall.de\/pl\/2025\/10\/stress-ist-keine-naturgewalt-wie-man-sich-freiraeume-zurueckholt-schritt-fuer-schritt\/\" class=\"dpt-permalink\"><span class=\"screen-reader-text\">Stress ist keine Naturgewalt &#8211; Wie man sich Freir\u00e4ume zur\u00fcckholt, Schritt f\u00fcr Schritt<\/span><\/a><\/div><div class=\" dpt-thumbnail\"><div class=\"dpt-thumbnail-inner\"><img width=\"1024\" height=\"683\" class=\"attachment-full size-full\" alt=\"Stress ist keine Naturgewalt\" context=\"dpt\" data-dpt-src=\"https:\/\/www.markus-schall.de\/wp-content\/uploads\/stress-naturgewalt-titel.jpg\" data-dpt-sizes=\"(max-width: 1024px) 100vw, 1024px\" data-dpt-srcset=\"https:\/\/www.markus-schall.de\/wp-content\/uploads\/stress-naturgewalt-titel.jpg 1024w, https:\/\/www.markus-schall.de\/wp-content\/uploads\/stress-naturgewalt-titel-300x200.jpg 300w, https:\/\/www.markus-schall.de\/wp-content\/uploads\/stress-naturgewalt-titel-768x512.jpg 768w, https:\/\/www.markus-schall.de\/wp-content\/uploads\/stress-naturgewalt-titel-18x12.jpg 18w\" \/><\/div><span class=\"dpt-thumbnail-aspect-ratio\" style=\"padding-top: 75%\"><\/span><\/div><\/div><div class=\" sub-entry\"><h3 class=\" dpt-title\"><a class=\"dpt-title-link\" href=\"https:\/\/www.markus-schall.de\/pl\/2025\/10\/stress-ist-keine-naturgewalt-wie-man-sich-freiraeume-zurueckholt-schritt-fuer-schritt\/\" rel=\"bookmark\">Stress ist keine Naturgewalt &#8211; Wie man sich Freir\u00e4ume zur\u00fcckholt, Schritt f\u00fcr Schritt<\/a><\/h3><\/div><\/div>\n\t\t\t\t\t\t<\/div><!-- .dpt-entry -->\n\t\t\t\t\t\t\t\t\t\t\t\t<div class=\"dpt-entry has-thumbnail\" data-title=\"gesundheitstipps (nicht nur) f\u00fcr filemaker-nutzer\" data-id=\"2380\"  data-category=\"allgemein gesundheit tipps &amp; anleitungen\" data-post_tag=\"cmd erfahrungen gesundheit\">\n\t\t\t\t\t\t\t<div class=\"dpt-entry-wrapper\"><div class=\" dpt-featured-content\"><div class=\" dpt-permalink\"><a href=\"https:\/\/www.markus-schall.de\/pl\/2023\/04\/gesundheitstipps-nicht-nur-fuer-filemaker-nutzer\/\" class=\"dpt-permalink\"><span class=\"screen-reader-text\">Gesundheitstipps (nicht nur) f\u00fcr FileMaker-Nutzer<\/span><\/a><\/div><div class=\" dpt-thumbnail\"><div class=\"dpt-thumbnail-inner\"><img width=\"1024\" height=\"684\" class=\"attachment-full size-full\" alt=\"Gesundheitstipps\" context=\"dpt\" data-dpt-src=\"https:\/\/www.markus-schall.de\/wp-content\/uploads\/gesundheitstipps.jpg\" data-dpt-sizes=\"(max-width: 1024px) 100vw, 1024px\" data-dpt-srcset=\"https:\/\/www.markus-schall.de\/wp-content\/uploads\/gesundheitstipps.jpg 1024w, https:\/\/www.markus-schall.de\/wp-content\/uploads\/gesundheitstipps-300x200.jpg 300w, https:\/\/www.markus-schall.de\/wp-content\/uploads\/gesundheitstipps-768x513.jpg 768w, https:\/\/www.markus-schall.de\/wp-content\/uploads\/gesundheitstipps-18x12.jpg 18w\" \/><\/div><span class=\"dpt-thumbnail-aspect-ratio\" style=\"padding-top: 75%\"><\/span><\/div><\/div><div class=\" sub-entry\"><h3 class=\" dpt-title\"><a class=\"dpt-title-link\" href=\"https:\/\/www.markus-schall.de\/pl\/2023\/04\/gesundheitstipps-nicht-nur-fuer-filemaker-nutzer\/\" rel=\"bookmark\">Gesundheitstipps (nicht nur) f\u00fcr FileMaker-Nutzer<\/a><\/h3><\/div><\/div>\n\t\t\t\t\t\t<\/div><!-- .dpt-entry -->\n\t\t\t\t\t\t\t\t\t\t\t\t<div class=\"dpt-entry has-thumbnail\" data-title=\"cmd fr\u00fch erkennen und selbsttest: warum kiefer, nacken, kopf und ohren oft zusammenh\u00e4ngen\" data-id=\"5655\"  data-category=\"allgemein gesundheit tipps &amp; anleitungen\" data-post_tag=\"cmd gesundheit hypersensibilit\u00e4t krisen ratgeber verlag\">\n\t\t\t\t\t\t\t<div class=\"dpt-entry-wrapper\"><div class=\" dpt-featured-content\"><div class=\" dpt-permalink\"><a href=\"https:\/\/www.markus-schall.de\/pl\/2026\/04\/cmd-frueh-erkennen-und-selbsttest-warum-kiefer-nacken-kopf-und-ohren-oft-zusammenhaengen\/\" class=\"dpt-permalink\"><span class=\"screen-reader-text\">CMD fr\u00fch erkennen und Selbsttest: Warum Kiefer, Nacken, Kopf und Ohren oft zusammenh\u00e4ngen<\/span><\/a><\/div><div class=\" dpt-thumbnail\"><div class=\"dpt-thumbnail-inner\"><img width=\"1024\" height=\"683\" class=\"attachment-full size-full\" alt=\"CMD Selbsttest\" context=\"dpt\" data-dpt-src=\"https:\/\/www.markus-schall.de\/wp-content\/uploads\/Medizinische-Skizze-mit-Checkliste.jpg\" data-dpt-sizes=\"(max-width: 1024px) 100vw, 1024px\" data-dpt-srcset=\"https:\/\/www.markus-schall.de\/wp-content\/uploads\/Medizinische-Skizze-mit-Checkliste.jpg 1024w, https:\/\/www.markus-schall.de\/wp-content\/uploads\/Medizinische-Skizze-mit-Checkliste-300x200.jpg 300w, https:\/\/www.markus-schall.de\/wp-content\/uploads\/Medizinische-Skizze-mit-Checkliste-768x512.jpg 768w, https:\/\/www.markus-schall.de\/wp-content\/uploads\/Medizinische-Skizze-mit-Checkliste-18x12.jpg 18w\" \/><\/div><span class=\"dpt-thumbnail-aspect-ratio\" style=\"padding-top: 75%\"><\/span><\/div><\/div><div class=\" sub-entry\"><h3 class=\" dpt-title\"><a class=\"dpt-title-link\" href=\"https:\/\/www.markus-schall.de\/pl\/2026\/04\/cmd-frueh-erkennen-und-selbsttest-warum-kiefer-nacken-kopf-und-ohren-oft-zusammenhaengen\/\" rel=\"bookmark\">CMD fr\u00fch erkennen und Selbsttest: Warum Kiefer, Nacken, Kopf und Ohren oft zusammenh\u00e4ngen<\/a><\/h3><\/div><\/div>\n\t\t\t\t\t\t<\/div><!-- .dpt-entry -->\n\t\t\t\t\t\t\t\t\t\t\t\t<div class=\"dpt-entry has-thumbnail\" data-title=\"das etwas andere h\u00e4morrhoiden-buch &#8211; offen, ehrlich und ganzheitlich\" data-id=\"2642\"  data-category=\"b\u00fccher gesundheit\" data-post_tag=\"buch erfahrungen gesundheit h\u00e4morrhoiden ratgeber verlag\">\n\t\t\t\t\t\t\t<div class=\"dpt-entry-wrapper\"><div class=\" dpt-featured-content\"><div class=\" dpt-permalink\"><a href=\"https:\/\/www.markus-schall.de\/pl\/2025\/08\/das-etwas-andere-haemorrhoiden-buch-offen-ehrlich-und-ganzheitlich\/\" class=\"dpt-permalink\"><span class=\"screen-reader-text\">Das etwas andere H\u00e4morrhoiden-Buch &#8211; offen, ehrlich und ganzheitlich<\/span><\/a><\/div><div class=\" dpt-thumbnail\"><div class=\"dpt-thumbnail-inner\"><img width=\"1630\" height=\"1723\" class=\"attachment-full size-full\" alt=\"Haemorrhoiden Cover\" context=\"dpt\" data-dpt-src=\"https:\/\/www.markus-schall.de\/wp-content\/uploads\/haemorrhoiden-cover-ot.jpg\" data-dpt-sizes=\"(max-width: 1630px) 100vw, 1630px\" data-dpt-srcset=\"https:\/\/www.markus-schall.de\/wp-content\/uploads\/haemorrhoiden-cover-ot.jpg 1630w, https:\/\/www.markus-schall.de\/wp-content\/uploads\/haemorrhoiden-cover-ot-284x300.jpg 284w, https:\/\/www.markus-schall.de\/wp-content\/uploads\/haemorrhoiden-cover-ot-969x1024.jpg 969w, https:\/\/www.markus-schall.de\/wp-content\/uploads\/haemorrhoiden-cover-ot-768x812.jpg 768w, https:\/\/www.markus-schall.de\/wp-content\/uploads\/haemorrhoiden-cover-ot-1453x1536.jpg 1453w, https:\/\/www.markus-schall.de\/wp-content\/uploads\/haemorrhoiden-cover-ot-11x12.jpg 11w\" \/><\/div><span class=\"dpt-thumbnail-aspect-ratio\" style=\"padding-top: 75%\"><\/span><\/div><\/div><div class=\" sub-entry\"><h3 class=\" dpt-title\"><a class=\"dpt-title-link\" href=\"https:\/\/www.markus-schall.de\/pl\/2025\/08\/das-etwas-andere-haemorrhoiden-buch-offen-ehrlich-und-ganzheitlich\/\" rel=\"bookmark\">Das etwas andere H\u00e4morrhoiden-Buch &#8211; offen, ehrlich und ganzheitlich<\/a><\/h3><\/div><\/div>\n\t\t\t\t\t\t<\/div><!-- .dpt-entry -->\n\t\t\t\t\t\t\n\t\t\t\t<\/div>\n\t\t\t\t\t\t<\/div>\n\t\t\t\n<hr \/>\n<h2>Geschichte &amp; gesetzlicher Rahmen<\/h2>\n<p>Die Idee einer zentralen digitalen Akte ist nicht neu. Bereits Ende der 1990er Jahre gab es \u00dcberlegungen, wie man Gesundheitsdaten strukturierter erfassen und \u00fcber Einrichtungsgrenzen hinweg verf\u00fcgbar machen k\u00f6nnte. Erste Projekte wie die elektronische Gesundheitskarte (eGK) sollten die technische Grundlage legen &#8211; doch das Vorhaben stockte immer wieder. Bedenken beim Datenschutz, fehlende Infrastruktur und politische Uneinigkeit verhinderten eine schnelle Umsetzung.<\/p>\n<p>In den 2010er Jahren nahm das Thema an Fahrt auf &#8211; nicht zuletzt wegen des steigenden Kostendrucks im Gesundheitswesen und der wachsenden Bedeutung digitaler Technologien. Die elektronische Patientenakte wurde als Baustein eines effizienteren, vernetzteren Gesundheitswesens propagiert.<\/p>\n<h3>Das Patientendaten-Schutz-Gesetz (PDSG) und die Einf\u00fchrung der ePA<\/h3>\n<p>Einen entscheidenden Schritt markierte das <strong><a href=\"https:\/\/www.bundesgesundheitsministerium.de\/patientendaten-schutz-gesetz.html\" target=\"_blank\" rel=\"noopener\">Patientendaten-Schutz-Gesetz (PDSG)<\/a><\/strong>, das im Oktober 2020 in Kraft trat. Es verpflichtete die gesetzlichen Krankenkassen dazu, ab dem 1. Januar 2021 allen Versicherten eine elektronische Patientenakte anzubieten &#8211; zun\u00e4chst auf freiwilliger Basis. Die Nutzung blieb optional, und wer sich registrierte, konnte selbst entscheiden, welche Daten aufgenommen und wer darauf zugreifen durfte.<\/p>\n<p>Technisch betreut wurde die Umsetzung durch die <strong><a href=\"https:\/\/www.gematik.de\" target=\"_blank\" rel=\"noopener\">gematik GmbH<\/a><\/strong>, eine Gesellschaft unter Aufsicht des Bundesgesundheitsministeriums, in der Krankenkassen, \u00c4rzteverb\u00e4nde, Apotheken und Krankenh\u00e4user vertreten sind. Die ePA sollte nicht nur medizinische Dokumente b\u00fcndeln, sondern auch langfristig mit digitalen Identit\u00e4ten, E-Rezepten und dem elektronischen Medikationsplan verkn\u00fcpft werden.<\/p>\n<h3>Vom Opt-in zum Opt-out: Einf\u00fchrung der \u201eePA f\u00fcr alle\u201c<\/h3>\n<p>Mit dem Digital-Gesetz, das im Januar 2024 verabschiedet wurde, kam ein Paradigmenwechsel: K\u00fcnftig sollten die elektronischen Patientenakten automatisch f\u00fcr alle gesetzlich Versicherten eingerichtet werden &#8211; es sei denn, man widerspricht aktiv.<\/p>\n<p>Diese neue Version, oft als <em><strong>\u201eePA f\u00fcr alle\u201c<\/strong><\/em> bezeichnet, wird ab 1. Januar 2025 schrittweise umgesetzt.<\/p>\n<p>Das bedeutet konkret: Wer bis zu einem bestimmten Zeitpunkt <strong>keinen Widerspruch einlegt<\/strong>, bekommt automatisch eine digitale Akte angelegt, in die Arztpraxen, Krankenh\u00e4user und andere Beteiligte Daten einspeisen k\u00f6nnen. Dieses Verfahren wird als \u201eOpt-out\u201c-Modell bezeichnet &#8211; und ist aus Sicht vieler Datensch\u00fctzer hochproblematisch. Denn nicht jeder Versicherte wird ausreichend informiert sein oder die technischen M\u00f6glichkeiten haben, fristgerecht zu widersprechen.<\/p>\n<p>Die Frist zum Widerspruch ist nicht bundeseinheitlich geregelt, sondern h\u00e4ngt von der jeweiligen Krankenkasse ab. Viele bieten den Widerspruch \u00fcber das Kundenportal oder auf schriftlichem Weg an &#8211; teilweise nur nach Login oder Authentifizierung. Ich selbst habe diesen Weg gew\u00e4hlt, um die Kontrolle \u00fcber meine Gesundheitsdaten zu behalten.<\/p>\n<h3>Opt-out &#8211; ein fragw\u00fcrdiger Standard<\/h3>\n<p>Der \u00dcbergang zur automatischen Anlage der elektronischen Patientenakte erinnert mich in seiner Grundstruktur an ein anderes Erlebnis: die <a href=\"https:\/\/www.markus-schall.de\/2025\/11\/zwangsmigration-bei-hosteurope-wenn-e-mails-ploetzlich-in-der-cloud-landen\/\">ungefragte Migration meiner E-Mail-Konten<\/a> durch HostEurope in die Microsoft-Cloud. Auch dort wurde im Hintergrund eine zentrale Umstellung vorgenommen &#8211; ohne, dass ich dem aktiv zugestimmt h\u00e4tte. Es hie\u00df lediglich: <em>\u201eWenn Sie nicht widersprechen, f\u00fchren wir die Umstellung durch.\u201c<\/em> F\u00fcr mich war das ein klarer Eingriff in meine digitale Souver\u00e4nit\u00e4t.<\/p>\n<p>\u00c4hnlich verh\u00e4lt es sich mit der ePA \u201ef\u00fcr alle\u201c: Nicht, wer mitmacht, muss aktiv werden &#8211; sondern wer nicht mitmachen will, wird zur Handlung gezwungen. Dieses Prinzip mag f\u00fcr viele bequem sein, ist aber aus Sicht eines kritischen B\u00fcrgers problematisch. Denn es verschiebt die Verantwortung vom Anbieter zum Nutzer &#8211; und setzt stillschweigende Einwilligung dort voraus, wo eigentlich bewusste Entscheidung n\u00f6tig w\u00e4re.<\/p>\n<h2>Einf\u00fchrung &amp; Meilensteine der ePA<\/h2>\n<p>Die erste Version der ePA wurde ab dem 1. Januar 2021 bereitgestellt &#8211; jedoch nur auf ausdr\u00fccklichen Wunsch der Versicherten. Wer sich aktiv daf\u00fcr entschied, konnte \u00fcber seine Krankenkasse eine ePA anlegen lassen und darin erste Dokumente wie Arztbriefe oder R\u00f6ntgenbilder speichern. Auch der Zugriff durch \u00c4rzte war damals nur mit Einwilligung m\u00f6glich &#8211; jeweils auf Dokumentenebene. Doch schon in dieser fr\u00fchen Phase zeigten sich die ersten Schw\u00e4chen:<\/p>\n<ul>\n<li>Viele Praxen waren technisch noch gar nicht angeschlossen,<\/li>\n<li>die Bedienoberfl\u00e4chen waren inkonsistent<\/li>\n<li>und selbst engagierte Nutzer klagten \u00fcber unverst\u00e4ndliche Abl\u00e4ufe.<\/li>\n<\/ul>\n<p>Zudem war die ePA in den ersten Versionen nicht nutzbar, ohne ein kompatibles Smartphone oder einen neuen Personalausweis mit Online-Funktion. Gerade f\u00fcr \u00e4ltere Menschen oder weniger technikaffine Patienten stellte das eine hohe H\u00fcrde dar. Die versprochenen Vorteile &#8211; etwa die l\u00fcckenlose Verf\u00fcgbarkeit von Befunden bei einem Arztwechsel &#8211; konnten in der Realit\u00e4t kaum realisiert werden.<\/p>\n<h3>Rollout der Version 3.0 &#8211; \u201eePA f\u00fcr alle\u201c<\/h3>\n<p>Im Zuge der Gesundheitsdigitalisierung wurde 2023 die Entwicklung der sogenannten <a href=\"https:\/\/fachportal.gematik.de\/anwendungen\/elektronische-patientenakte-fuer-alle\" target=\"_blank\" rel=\"noopener\"><strong>ePA 3.0 f\u00fcr alle<\/strong><\/a> vorangetrieben. Diese Version soll ab 1. Januar 2025 fl\u00e4chendeckend zum Einsatz kommen &#8211; und wird f\u00fcr alle Versicherten automatisch eingerichtet, sofern kein Widerspruch erfolgt. Die zentralen Merkmale dieser neuen Generation:<\/p>\n<ul>\n<li><strong>Vollautomatische Daten\u00fcbernahme<\/strong>: Arztpraxen und Krankenh\u00e4user speichern medizinische Daten direkt in der ePA &#8211; ohne dass der Patient dies in jedem Fall einzeln best\u00e4tigen muss.<\/li>\n<li><strong>Interoperabilit\u00e4t<\/strong>: Dokumente und Daten sollen k\u00fcnftig auch zwischen verschiedenen Einrichtungen einfacher ausgetauscht werden k\u00f6nnen.<br \/>\nZentrale Speicherl\u00f6sungen: Die ePA wird in zertifizierten Rechenzentren gespeichert &#8211; auf Servern, die von der gematik bzw. deren Partnern betrieben werden.<\/li>\n<li><strong>Geplanter KI-Einsatz<\/strong>: Perspektivisch k\u00f6nnten Daten innerhalb der ePA auch f\u00fcr Auswertungen, Forschung oder automatisierte Behandlungsunterst\u00fctzung genutzt werden &#8211; angeblich nur anonymisiert, aber die Diskussion um reale Anonymit\u00e4t ist damit nicht beendet.<\/li>\n<\/ul>\n<p>F\u00fcr die meisten Nutzer ist es allerdings unm\u00f6glich zu erkennen, wo ihre Daten genau liegen, wer Zugriff darauf hat und welche Prozesse im Hintergrund mitlaufen.<\/p>\n<p><img loading=\"lazy\" decoding=\"async\" class=\"aligncenter size-large wp-image-3437\" src=\"http:\/\/www.markus-schall.de\/wp-content\/uploads\/epa-zeitverlauf.jpg\" alt=\"Elektronische Patientenakte: Zeitverlauf\" width=\"1024\" height=\"683\" srcset=\"https:\/\/www.markus-schall.de\/wp-content\/uploads\/epa-zeitverlauf.jpg 1024w, https:\/\/www.markus-schall.de\/wp-content\/uploads\/epa-zeitverlauf-300x200.jpg 300w, https:\/\/www.markus-schall.de\/wp-content\/uploads\/epa-zeitverlauf-768x512.jpg 768w, https:\/\/www.markus-schall.de\/wp-content\/uploads\/epa-zeitverlauf-18x12.jpg 18w\" sizes=\"auto, (max-width: 1024px) 100vw, 1024px\" \/><\/p>\n<h2>Verpflichtungen f\u00fcr Leistungserbringer<\/h2>\n<p>Mit der Einf\u00fchrung der ePA 3.0 \u00e4ndert sich nicht nur das System f\u00fcr Patienten &#8211; sondern auch f\u00fcr \u00c4rzte, Apotheken und Krankenh\u00e4user. Diese sind k\u00fcnftig verpflichtet, relevante medizinische Daten aktiv in die ePA einzuspeisen. Dazu geh\u00f6ren zum Beispiel:<\/p>\n<ul>\n<li>Diagnosen<\/li>\n<li>Medikationspl\u00e4ne<\/li>\n<li>Befunde und Arztbriefe<\/li>\n<li>Impfungen<\/li>\n<li>Informationen zu Krankenhausaufenthalten<\/li>\n<\/ul>\n<p>Diese Verpflichtung ist gesetzlich geregelt und gilt ebenfalls ab 1. Januar 2025. Leistungserbringer, die sich dem verweigern, m\u00fcssen mit Verg\u00fctungsabschl\u00e4gen oder anderen Konsequenzen rechnen. Die gematik stellt daf\u00fcr technische Standards und Schnittstellen bereit &#8211; doch nicht alle Einrichtungen sind darauf vorbereitet.<\/p>\n<p>Auch auf Seiten der Praxen sorgt das f\u00fcr Verunsicherung: Nicht nur, weil der Aufwand steigt, sondern weil viele \u00c4rzte ihre Patienten \u00fcber das System kaum aufkl\u00e4ren k\u00f6nnen, da sie es selbst erst kennenlernen m\u00fcssen. In der Realit\u00e4t entsteht dadurch ein Zwangssystem auf beiden Seiten &#8211; mit unklarer Kontrolle und begrenzter Transparenz.<\/p>\n<h3>Rechte der Versicherten: Einsicht, Kontrolle und L\u00f6schung<\/h3>\n<p>Die elektronische Patientenakte soll laut Gesetz den Versicherten geh\u00f6ren &#8211; nicht den Krankenkassen, nicht den \u00c4rzten und auch nicht der gematik. Tats\u00e4chlich hat jeder Versicherte das Recht,<\/p>\n<ul>\n<li>alle in der ePA gespeicherten Daten einzusehen,<\/li>\n<li>den Zugriff durch Dritte zu steuern,<\/li>\n<li>einzelne Eintr\u00e4ge zu l\u00f6schen<\/li>\n<li>und sogar die gesamte Akte zu deaktivieren oder dauerhaft zu schlie\u00dfen.<\/li>\n<\/ul>\n<p>Allerdings zeigt die Praxis ein anderes Bild: Wer sich einloggt, sieht h\u00e4ufig nicht die erwartete \u00dcbersicht, sondern st\u00f6\u00dft auf technische H\u00fcrden, unterschiedliche App-Oberfl\u00e4chen je nach Krankenkasse und oft mangelhafte Bedienbarkeit. Auch die versprochene Dokumentensteuerung auf Einzelebene &#8211; also die M\u00f6glichkeit, genau festzulegen, welcher Arzt was sehen darf &#8211; ist komplex und f\u00fcr viele nicht intuitiv bedienbar.<\/p>\n<p>Ein weiterer Punkt: Selbst wenn man bestimmte Daten l\u00f6scht, ist unklar, ob und in welchem Umfang sie bereits von \u00c4rzten, Kliniken oder anderen Stellen heruntergeladen wurden. Zwar schreibt das Gesetz vor, dass die Daten nur f\u00fcr den Behandlungszweck verwendet werden d\u00fcrfen &#8211; aber eine echte Nachvollziehbarkeit fehlt. Rechte bestehen theoretisch, sind aber in der Umsetzung mitunter schwer durchsetzbar.<\/p>\n<hr \/>\n<h3>Umfrage zur angek\u00fcndigten digitalen ID<\/h3>\n<div class='bootstrap-yop yop-poll-mc'>\n\t\t\t\t\t\t\t<div class=\"basic-yop-poll-container\" style=\"background-color:#ffffff; border:0px; border-style:solid; border-color:#000000; border-radius:5px; padding:0px 5px;\" data-id=\"4\" data-temp=\"basic-pretty\" data-skin=\"square\" data-cscheme=\"blue\" data-cap=\"0\" data-access=\"guest\" data-tid=\"\" data-uid=\"efa973662daed6b80524d27a0f5daec5\" data-pid=\"2642\" data-resdet=\"votes-number,percentages\" data-show-results-to=\"guest\" data-show-results-moment=\"after-vote\" data-show-results-only=\"false\" data-show-message=\"true\" data-show-results-as=\"bar\" data-sort-results-by=\"as-defined\" data-sort-results-rule=\"asc\"data-is-ended=\"0\" data-percentages-decimals=\"2\" data-gdpr=\"no\" data-gdpr-sol=\"consent\" data-css=\"\" data-counter=\"0\" data-load-with=\"1\" data-notification-section=\"top\"><div class=\"row\"><div class=\"col-md-12\"><div class=\"basic-inner\"><div class=\"basic-message hide\" style=\"border-left: 10px solid #008000; padding: 0px 10px;\" data-error=\"#ff0000\" data-success=\"#008000\"><p class=\"basic-message-text\" style=\"color:#000000; font-size:14px; font-weight:normal;\"><\/p><\/div><div class=\"basic-overlay hide\"><div class=\"basic-vote-options\"><\/div><div class=\"basic-preloader\"><div class=\"basic-windows8\"><div class=\"basic-wBall basic-wBall_1\"><div class=\"basic-wInnerBall\"><\/div><\/div><div class=\"basic-wBall basic-wBall_2\"><div class=\"basic-wInnerBall\"><\/div><\/div><div class=\"basic-wBall basic-wBall_3\"><div class=\"basic-wInnerBall\"><\/div><\/div><div class=\"basic-wBall basic-wBall_4\"><div class=\"basic-wInnerBall\"><\/div><\/div><div class=\"basic-wBall basic-wBall_5\"><div class=\"basic-wInnerBall\"><\/div><\/div><\/div><\/div><\/div><form class=\"basic-form\"><input type=\"hidden\" name=\"_token\" value=\"1fafeafcf8\" autocomplete=\"off\"><div class=\"basic-elements\"><div class=\"basic-element basic-question basic-question-text-vertical\" data-id=\"4\" data-uid=\"6591348137410b9b9470c4fab23f03c0\" data-type=\"question\" data-question-type=\"text\" data-required=\"yes\" data-allow-multiple=\"no\" data-min=\"1\" data-max=\"1\" data-display=\"vertical\" data-colnum=\"\" data-display-others=\"no\" data-others-color=\"\" data-others=\"\" data-others-max-chars=\"0\"><div class=\"basic-question-title\"><h5 style=\"color:#000000; font-size:16px; font-weight:normal; text-align:left;\">W\u00fcrdest Du eine zentrale digitale Identit\u00e4t auf EU-Ebene akzeptieren?<\/h5><\/div><ul class=\"basic-answers\"><li class=\"basic-answer\" style=\"padding:0px 0px;\" data-id=\"14\" data-type=\"text\" data-vn=\"9\" data-color=\"#000000\" data-make-link=\"no\" data-link=\"\"><div class=\"basic-answer-content basic-text-vertical\"><label for=\"answer[14]\" class=\"basic-answer-label\"><input type=\"radio\" id=\"answer[14]\" name=\"answer[4]\" value=\"14\"><span class=\"basic-text\" style=\"color: #000000; font-size: 14px; font-weight: normal;\">Ja, wenn sie sicher und freiwillig ist<\/span><\/label><\/div><\/li><li class=\"basic-answer\" style=\"padding:0px 0px;\" data-id=\"15\" data-type=\"text\" data-vn=\"11\" data-color=\"#000000\" data-make-link=\"no\" data-link=\"\"><div class=\"basic-answer-content basic-text-vertical\"><label for=\"answer[15]\" class=\"basic-answer-label\"><input type=\"radio\" id=\"answer[15]\" name=\"answer[4]\" value=\"15\"><span class=\"basic-text\" style=\"color: #000000; font-size: 14px; font-weight: normal;\">Nur, wenn sie nicht mit anderen Daten verkn\u00fcpft wird<\/span><\/label><\/div><\/li><li class=\"basic-answer\" style=\"padding:0px 0px;\" data-id=\"16\" data-type=\"text\" data-vn=\"156\" data-color=\"#000000\" data-make-link=\"no\" data-link=\"\"><div class=\"basic-answer-content basic-text-vertical\"><label for=\"answer[16]\" class=\"basic-answer-label\"><input type=\"radio\" id=\"answer[16]\" name=\"answer[4]\" value=\"16\"><span class=\"basic-text\" style=\"color: #000000; font-size: 14px; font-weight: normal;\">Nein, das lehne ich grunds\u00e4tzlich ab<\/span><\/label><\/div><\/li><li class=\"basic-answer\" style=\"padding:0px 0px;\" data-id=\"59\" data-type=\"text\" data-vn=\"7\" data-color=\"#000000\" data-make-link=\"no\" data-link=\"\"><div class=\"basic-answer-content basic-text-vertical\"><label for=\"answer[59]\" class=\"basic-answer-label\"><input type=\"radio\" id=\"answer[59]\" name=\"answer[4]\" value=\"59\"><span class=\"basic-text\" style=\"color: #000000; font-size: 14px; font-weight: normal;\">Was ist eine &quot;zentrale digitale Identit\u00e4t&quot;?<\/span><\/label><\/div><\/li><\/ul><\/div><div class=\"clearfix\"><\/div><\/div><div class=\"basic-vote\"><a href=\"#\" class=\"button basic-vote-button\" role=\"button\" style=\"background:#027bb8; border:0px; border-style: solid; border-color:#000000; border-radius:5px; padding:10px 10px; color:#ffffff; font-size:14px; font-weight:normal;\">Abstimmen<\/a><\/div><\/form><\/div><\/div><\/div><\/div>\n\t\t\t\t\t\t<\/div>\n<hr \/>\n<h2>Widerspruch bzw. Opt-out: Wer, wie und wie lange noch?<\/h2>\n<p>Seit der Einf\u00fchrung des sogenannten \u201eOpt-out-Verfahrens\u201c zur ePA 3.0 gilt:<\/p>\n<p><strong>Jeder gesetzlich Versicherte bekommt automatisch eine digitale Akte &#8211; es sei denn, er widerspricht aktiv. <\/strong><\/p>\n<p>Der Widerspruch sollte dabei vor dem Beginn der automatisierten Bef\u00fcllung, also vor dem 1. Januar 2025, erfolgen. Wichtig dabei:<\/p>\n<p>Wer sp\u00e4ter widerspricht, kann die Nutzung der ePA zwar stoppen, aber bereits gespeicherte Daten bleiben unter Umst\u00e4nden erhalten, sofern sie nicht aktiv gel\u00f6scht werden. Ein \u201eR\u00fcckwirkender Widerruf\u201c ist zwar gesetzlich vorgesehen, aber die Umsetzung in den Systemen der Krankenkassen ist oft ungenau oder intransparent.<\/p>\n<p>Der Widerspruch selbst ist nicht zentral geregelt. Jede Krankenkasse bietet eigene Wege an:<\/p>\n<ul>\n<li>In der Regel online \u00fcber das jeweilige <strong>Kundenportal<\/strong> &#8211; allerdings oft nur mit Login und Zwei-Faktor-Authentifizierung,<\/li>\n<li>oder schriftlich per <strong>Post oder Formular<\/strong>.<\/li>\n<\/ul>\n<p>In meinem Fall musste ich mich explizit in das Kundenportal einloggen, die Funktion suchen und dann eine Best\u00e4tigung mit TAN oder Passwort durchf\u00fchren. Das erfordert nicht nur technisches Verst\u00e4ndnis, sondern auch Zeit und Aufmerksamkeit &#8211; Dinge, die gerade \u00e4ltere oder weniger digital affine Menschen oft nicht mehr aufbringen k\u00f6nnen.<\/p>\n<p>Transparente Information vorab? Fehlanzeige. Viele Versicherte erfahren erst durch Zufall, durch Medienberichte oder Gespr\u00e4che mit Bekannten, dass sie \u00fcberhaupt widersprechen m\u00fcssen, wenn sie keine Akte wollen. Eine Pflicht zur aktiven Aufkl\u00e4rung seitens der Krankenkassen besteht nicht in ausreichender Form.<\/p>\n<h3>In der Praxis: Anmeldung, Nutzung, Probleme<\/h3>\n<p>Wer die ePA aktiv nutzen m\u00f6chte, muss sich in der Regel bei seiner Krankenkasse eine App herunterladen &#8211; z.\u202fB. \u201eMeine DAK\u201c, \u201eTK-App\u201c oder \u201eePA-App der AOK\u201c. Diese Apps enthalten die Zugangsbereiche zur elektronischen Patientenakte und bieten folgende Grundfunktionen:<\/p>\n<ul>\n<li>Anzeigen gespeicherter Dokumente (PDFs, Eintr\u00e4ge, Medikationspl\u00e4ne etc.)<\/li>\n<li>Teilen von Dokumenten mit behandelnden \u00c4rzten<\/li>\n<li>Verwaltung von Zugriffsrechten<\/li>\n<\/ul>\n<p>Die Anmeldung erfolgt \u00fcber das pers\u00f6nliche Online-Konto &#8211; meist mit:<\/p>\n<ul>\n<li>Versichertennummer,<\/li>\n<li>Passwort,<\/li>\n<li>und teilweise dem neuen Personalausweis mit aktivierter Online-Ausweisfunktion (eID).<\/li>\n<\/ul>\n<p>Oft ist auch eine Zwei-Faktor-Authentifizierung n\u00f6tig, etwa per SMS-TAN oder App-Best\u00e4tigung. Viele Nutzer empfinden diesen Prozess als technisch \u00fcberfrachtet, zumal es h\u00e4ufig keine zentrale Plattform, sondern viele verschiedene Apps mit unterschiedlicher Qualit\u00e4t gibt.<\/p>\n<p>Auch auf Seite der Leistungserbringer &#8211; also \u00c4rzte, Kliniken und Apotheken &#8211; ist die Integration nicht einheitlich geregelt. Zwar besteht ab 2025 eine Pflicht, relevante medizinische Daten in die ePA einzutragen, doch die technische Ausstattung vieler Praxen ist noch l\u00fcckenhaft. Es fehlt an Fortbildung, Schnittstellen, Datenschutzkonzepten &#8211; und nicht selten auch an Zeit. Kurz gesagt: Die Idee ist gro\u00df, der Anspruch hoch &#8211; doch der Alltag zeigt:<\/p>\n<ul>\n<li>Viele Patienten verstehen nicht, wie sie die ePA nutzen sollen.<\/li>\n<li>Viele \u00c4rzte haben keine Zeit, sie korrekt zu bef\u00fcllen.<\/li>\n<li>Und viele Krankenkassen agieren technisch und kommunikativ unkoordiniert.<\/li>\n<\/ul>\n<div class=\"lyte-wrapper\" style=\"width:640px;max-width:100%;margin:5px;\"><div class=\"lyMe\" id=\"WYL_AWw0ME1o94c\"><div id=\"lyte_AWw0ME1o94c\" data-src=\"https:\/\/www.markus-schall.de\/wp-content\/plugins\/wp-youtube-lyte\/lyteCache.php?origThumbUrl=%2F%2Fi.ytimg.com%2Fvi%2FAWw0ME1o94c%2Fhqdefault.jpg\" class=\"pL\"><div class=\"tC\"><div class=\"tT\"><\/div><\/div><div class=\"play\"><\/div><div class=\"ctrl\"><div class=\"Lctrl\"><\/div><div class=\"Rctrl\"><\/div><\/div><\/div><noscript><a href=\"https:\/\/youtu.be\/AWw0ME1o94c\" rel=\"nofollow noopener\" target=\"_blank\"><img loading=\"lazy\" decoding=\"async\" src=\"https:\/\/www.markus-schall.de\/wp-content\/plugins\/wp-youtube-lyte\/lyteCache.php?origThumbUrl=https%3A%2F%2Fi.ytimg.com%2Fvi%2FAWw0ME1o94c%2F0.jpg\" alt=\"YouTube video thumbnail\" width=\"640\" height=\"340\" \/><br \/>Watch this video on YouTube<\/a><\/noscript><\/div><\/div><div class=\"lL\" style=\"max-width:100%;width:640px;margin:5px;\"><\/div><br \/>\nDie wichtigsten Infos zur elektronischen Patientenakte: Interview mit ePA-Hackern | <a href=\"https:\/\/www.heise.de\/ct\" target=\"_blank\" rel=\"noopener\">heise &amp; c&#8217;t<\/a><\/p>\n<h2>Potenziale: Was die ePA leisten k\u00f6nnte<\/h2>\n<p>Es w\u00e4re nicht redlich, nur auf die Schw\u00e4chen der elektronischen Patientenakte hinzuweisen, ohne auch die Chancen zu benennen, die mit einer durchdacht umgesetzten ePA verbunden sein k\u00f6nnten:<\/p>\n<ul>\n<li><strong>Bessere Informationslage bei Notf\u00e4llen<\/strong>: Wenn ein Notarzt Zugriff auf aktuelle Diagnosen, Medikamente oder Vorerkrankungen hat, kann das Leben retten.<\/li>\n<li><strong>Reduzierung von Doppeluntersuchungen<\/strong>: Wenn R\u00f6ntgenbilder oder Laborwerte zentral vorliegen, m\u00fcssen sie nicht mehrfach erhoben werden &#8211; das spart Zeit, Geld und Ressourcen.<\/li>\n<li><strong>Verbesserte Chronik bei chronisch Kranken<\/strong>: Gerade bei komplexen Krankheitsverl\u00e4ufen k\u00f6nnte die ePA helfen, Zusammenh\u00e4nge schneller zu erkennen.<\/li>\n<li><strong>Zukunftstechnologien<\/strong>: Eine einheitliche Datenstruktur ist die Voraussetzung daf\u00fcr, dass in Zukunft KI-gest\u00fctzte Analysen oder personalisierte Therapien sinnvoll genutzt werden k\u00f6nnen.<\/li>\n<\/ul>\n<p>Richtig gedacht und konsequent umgesetzt k\u00f6nnte die ePA ein medizinisches Langzeitged\u00e4chtnis sein &#8211; nicht nur f\u00fcr \u00c4rzte, sondern auch f\u00fcr Patienten, die ihre eigene Geschichte besser verstehen und mitsteuern wollen.<\/p>\n<h3>Risiken: Datenschutz, Missbrauch, Transparenzdefizite<\/h3>\n<p>Doch die Realit\u00e4t ist komplizierter. Denn mit der Digitalisierung medizinischer Daten entstehen auch neue Risiken:<\/p>\n<ul>\n<li><a href=\"https:\/\/www.markus-schall.de\/2025\/11\/die-digitale-id-der-eu-verknuepfung-kontrolle-und-risiken-im-alltag\/\"><strong>Zentralisierung sensibler Informationen<\/strong><\/a> schafft immer auch potenzielle Angriffsfl\u00e4chen. Je mehr Daten an einem Ort liegen, desto gr\u00f6\u00dfer der Reiz &#8211; nicht nur f\u00fcr Hacker, sondern auch f\u00fcr Akteure mit kommerziellen Interessen.<\/li>\n<li>Vermeintliche Anonymisierung von Gesundheitsdaten, etwa f\u00fcr Forschungszwecke, ist in vielen F\u00e4llen nicht sicher nachvollziehbar. Die <strong>Rekonstruierbarkeit pers\u00f6nlicher Profile<\/strong> anhand von Kombinationen (Alter, Wohnort, seltene Erkrankungen etc.) bleibt ein reales Problem.<\/li>\n<li><strong>Intransparente Opt-Out-Verfahren<\/strong> verschieben die Verantwortung vom System auf den B\u00fcrger. Wer nicht aktiv widerspricht, gilt als einverstanden &#8211; auch wenn er vielleicht nie richtig informiert wurde.<\/li>\n<li><strong>Technische Abh\u00e4ngigkeiten<\/strong>: Die ePA liegt in der Cloud, betrieben von Partnern der gematik &#8211; oft privatwirtschaftlich organisiert. Was passiert, wenn ein Anbieter ausf\u00e4llt oder \u00fcbernommen wird? Wer haftet bei einem Datenleck?<\/li>\n<\/ul>\n<p>Zudem ist es wahrscheinlich, dass in Zukunft Drittanbieter oder Konzerne Begehrlichkeiten entwickeln, etwa in der Arzneimittelforschung oder der Versicherungswirtschaft. Selbst wenn der aktuelle Zugriff gesetzlich beschr\u00e4nkt ist, zeigt die Geschichte, dass Datenschutzvorgaben sich mit der Zeit verschieben k\u00f6nnen &#8211; oft still und leise.<\/p>\n<h2>Wer kann von der elektronischen Patientenakte profitieren?<\/h2>\n<p>F\u00fcr Menschen mit komplexen oder chronischen Krankheitsverl\u00e4ufen kann die Elektronische Patientenakte (ePA) tats\u00e4chlich einen echten Mehrwert bieten. Denken Sie etwa an\u202fPatienten, die regelm\u00e4\u00dfig bei mehreren Fach\u00e4rzten, in Kliniken oder Reha\u2011Einrichtungen betreut werden: Wenn Befunde, Medikationspl\u00e4ne, Krankenhausberichte und Arztbriefe zentral gespeichert und f\u00fcr behandelnde \u00c4rzte oder Therapeuten kontrolliert abrufbar sind, verbessert das die Kontinuit\u00e4t der Behandlung merklich. Studien zeigen, dass genau die Szenarien, in denen Dokumente gesammelt, Daten zwischen Einrichtungen ausgetauscht werden und Notfallsituationen mit schneller Einsicht in Informationen auftreten, den gr\u00f6\u00dften Nutzen einer ePA ausmachen.<\/p>\n<p>Insbesondere wenn Wiederholungen vermieden werden sollen, wenn unerwartete Ereignisse eintreten oder wenn bestimmte Medikamente sorgf\u00e4ltig koordiniert werden m\u00fcssen, dann kann die ePA &#8211; bei korrekter Handhabung &#8211; eine wirkliche Entlastung darstellen. Auch f\u00fcr Menschen, die viel reisen oder h\u00e4ufig zwischen Arztpraxen wechseln, bietet sich die zentrale Akte als verl\u00e4ssliche \u00dcbersicht an.<\/p>\n<h3>Personen, die von der ePA profitieren<\/h3>\n<div style=\"overflow-x: auto;\">\n<table style=\"width: 100%; border-collapse: collapse;\">\n<thead>\n<tr style=\"background-color: #f0f0f0;\">\n<th style=\"padding: 8px; border: 1px solid #ccc;\">Person \/ Situation<\/th>\n<th style=\"padding: 8px; border: 1px solid #ccc;\">Beschreibung<\/th>\n<th style=\"padding: 8px; border: 1px solid #ccc;\">M\u00f6glicher Vorteil der ePA<\/th>\n<\/tr>\n<\/thead>\n<tbody>\n<tr>\n<td style=\"padding: 8px; border: 1px solid #ccc;\"><strong>Chronisch Kranker mit mehreren Fach\u00e4rzten<\/strong><\/td>\n<td style=\"padding: 8px; border: 1px solid #ccc;\">Eine Patientin mit Diabetes, Bluthochdruck und Herzproblemen wird von Hausarzt, Kardiologe und Diabetologe betreut.<\/td>\n<td style=\"padding: 8px; border: 1px solid #ccc;\">Zentrale Dokumentation vermeidet Doppeluntersuchungen, erleichtert Medikamentenabgleich und Notfallinformationen.<\/td>\n<\/tr>\n<tr>\n<td style=\"padding: 8px; border: 1px solid #ccc;\"><strong>Krebspatient in laufender Therapie<\/strong><\/td>\n<td style=\"padding: 8px; border: 1px solid #ccc;\">Ein Patient erh\u00e4lt Chemotherapie und Nachsorge in unterschiedlichen Kliniken.<\/td>\n<td style=\"padding: 8px; border: 1px solid #ccc;\">Alle Befunde und Laborwerte sind schnell verf\u00fcgbar, was Koordination und Verlaufskontrolle verbessert.<\/td>\n<\/tr>\n<tr>\n<td style=\"padding: 8px; border: 1px solid #ccc;\"><strong>Reisende oder mobile Berufst\u00e4tige<\/strong><\/td>\n<td style=\"padding: 8px; border: 1px solid #ccc;\">Eine Person, die beruflich oft unterwegs ist und in verschiedenen St\u00e4dten \u00c4rzte aufsuchen muss.<\/td>\n<td style=\"padding: 8px; border: 1px solid #ccc;\">\u00c4rzte k\u00f6nnen direkt auf vorherige Befunde zugreifen &#8211; auch au\u00dferhalb des Heimatortes.<\/td>\n<\/tr>\n<\/tbody>\n<\/table>\n<\/div>\n<h2>Warum die ePA f\u00fcr andere eher mit begrenztem Vorteil verbunden ist<\/h2>\n<p>F\u00fcr Versicherte hingegen, die derzeit gesundheitlich stabil sind, wenig Betreuung durch mehrere Fachrichtungen ben\u00f6tigen und deren Behandlung weitgehend \u00fcberschaubar bleibt, bietet die Einf\u00fchrung der ePA nicht unbedingt eindeutig Vorteile &#8211; und k\u00f6nnte sogar Nachteile bergen. Wenn kaum Daten\u2011 oder Dokumentenaustausch notwendig ist, sich kaum mehrere Akteure involvieren und die eigene Krankengeschichte \u00fcbersichtlich ist, dann wirken zentrale Akten eher wie eine Infrastruktur, die mehr Aufwand bedeutet als Nutzen: Registrierung, Rechtevergabe, Login\u2011Prozesse, Datenpflege.<\/p>\n<p>Au\u00dferdem steigt f\u00fcr solche Personen das Risiko, dass sensible Daten zentral gespeichert werden, ohne dass sie tats\u00e4chlich im Alltag gebraucht werden &#8211; das Risiko von Zugangsl\u00fccken, Missverst\u00e4ndnissen oder unabsichtlicher Datenweitergabe w\u00e4chst im Verh\u00e4ltnis zum tats\u00e4chlichen Nutzen. Datensch\u00fctzer weisen darauf hin, dass gerade bei geringem praktischen Vorteil eine zentrale Aktenanlage kritischer zu betrachten ist.<\/p>\n<h3 style=\"margin-top: 30px;\">Beispiele f\u00fcr Personen mit geringem Nutzen der ePA<\/h3>\n<div style=\"overflow-x: auto;\">\n<table style=\"width: 100%; border-collapse: collapse;\">\n<thead>\n<tr style=\"background-color: #f0f0f0;\">\n<th style=\"padding: 8px; border: 1px solid #ccc;\">Person \/ Situation<\/th>\n<th style=\"padding: 8px; border: 1px solid #ccc;\">Beschreibung<\/th>\n<th style=\"padding: 8px; border: 1px solid #ccc;\">Geringer Nutzen oder Risiko<\/th>\n<\/tr>\n<\/thead>\n<tbody>\n<tr>\n<td style=\"padding: 8px; border: 1px solid #ccc;\"><strong>Gesunder Durchschnittsversicherter<\/strong><\/td>\n<td style=\"padding: 8px; border: 1px solid #ccc;\">Eine 35\u2011j\u00e4hrige Person ohne chronische Erkrankung, die selten zum Arzt geht.<\/td>\n<td style=\"padding: 8px; border: 1px solid #ccc;\">Kaum medizinische Daten, kein Mehrwert durch zentrale Speicherung &#8211; aber erh\u00f6htes Datenschutzrisiko.<\/td>\n<\/tr>\n<tr>\n<td style=\"padding: 8px; border: 1px solid #ccc;\"><strong>Senior ohne digitale Erfahrung<\/strong><\/td>\n<td style=\"padding: 8px; border: 1px solid #ccc;\">Ein \u00e4lterer Versicherter, der kein Smartphone nutzt und sich nicht online anmelden kann.<\/td>\n<td style=\"padding: 8px; border: 1px solid #ccc;\">Technische H\u00fcrden, fehlende Kontrolle \u00fcber Daten, Abh\u00e4ngigkeit von Dritten.<\/td>\n<\/tr>\n<tr>\n<td style=\"padding: 8px; border: 1px solid #ccc;\"><strong>Datensensible oder selbstverwaltete Patienten<\/strong><\/td>\n<td style=\"padding: 8px; border: 1px solid #ccc;\">Menschen, die ihre Unterlagen lieber selbst aufbewahren und den \u00dcberblick behalten wollen.<\/td>\n<td style=\"padding: 8px; border: 1px solid #ccc;\">Verlust der eigenen Datensouver\u00e4nit\u00e4t, Misstrauen gegen\u00fcber Cloud\u2011Strukturen und unklaren Zugriffen.<\/td>\n<\/tr>\n<\/tbody>\n<\/table>\n<\/div>\n<h2>Ausblick: Wohin entwickelt sich das System?<\/h2>\n<p>Die kommenden Jahre werden entscheidend daf\u00fcr sein, ob die ePA ein hilfreiches Werkzeug oder ein b\u00fcrokratisches Sicherheitsrisiko wird. Die politischen Signale sind eindeutig: Man will Digitalisierung &#8211; und zwar schnell. Doch Geschwindigkeit ersetzt keine Sorgfalt. Offene Fragen bleiben:<\/p>\n<ul>\n<li>Wird es k\u00fcnftig eine zentrale \u00dcbersicht geben, wer wann auf welche Daten zugegriffen hat?<\/li>\n<li>Wird der Opt-out zur Norm &#8211; auch bei anderen Projekten?<\/li>\n<li>Werden Gesundheitsdaten irgendwann mit anderen staatlichen Datenquellen verkn\u00fcpft (Steuer, Arbeit, Sozialwesen)?<\/li>\n<li>Wie lange bleibt der Widerspruch \u00fcberhaupt m\u00f6glich? Wird er still abgeschafft?<\/li>\n<\/ul>\n<p>Was jetzt noch freiwillig ist, kann morgen zur Voraussetzung f\u00fcr Bonusprogramme, Versicherungsabschl\u00fcsse oder Therapiekosten\u00fcbernahme werden. Die medizinische Versorgung k\u00f6nnte damit stillschweigend an Teilnahmebedingungen gekoppelt werden, die viele heute noch f\u00fcr undenkbar halten.<\/p>\n<h3>Abschluss &amp; Empfehlung<\/h3>\n<p>Wer sich mit der elektronischen Patientenakte besch\u00e4ftigt, erkennt schnell: Es geht nicht nur um Technik &#8211; es geht um Vertrauen. Um Transparenz, um Selbstbestimmung, um das Gleichgewicht zwischen \u00f6ffentlichem Interesse und pers\u00f6nlicher Souver\u00e4nit\u00e4t. Wie bei der <a href=\"https:\/\/www.markus-schall.de\/2025\/11\/der-digitale-euro-kommt-was-er-bedeutet-was-er-nicht-darf-und-was-er-koennte\/\">Einf\u00fchrung des digitalen Euro<\/a> sollte man nicht alles leichtfertig \u00a0einfach hinnehmen oder mitmachen.<\/p>\n<p>Ich habe f\u00fcr mich entschieden, diesem System nicht blind zu vertrauen &#8211; nicht aus technikfeindlicher Haltung, sondern aus Respekt vor meiner eigenen Geschichte, meiner Privatsph\u00e4re und dem Wissen, dass Kontrolle \u00fcber Daten ein hohes Gut ist.<\/p>\n<p>Wer ebenfalls dar\u00fcber nachdenkt, dem System zu widersprechen, findet bei seiner Krankenkasse entsprechende M\u00f6glichkeiten &#8211; aber man muss sie oft aktiv suchen.<\/p>\n<hr \/>\n\n\t\t\t<div class=\"display-post-types\">\n\n\t\t\t\t\t\t\t<style type=\"text\/css\">\n\t\t\t#dpt-wrapper-512 { --dpt-text-align: left;--dpt-image-crop: center;--dpt-border-radius: 5px;--dpt-small-grid-column: 33.33%;--dpt-large-grid-column: 33.3333333333%;--dpt-h-gutter: 10px;--dpt-v-gutter: 10px; }\t\t\t<\/style>\n\t\t\t<style type=\"text\/css\">#dpt-wrapper-512 { --dpt-title-font-style:normal;--dpt-title-font-weight:600;--dpt-title-line-height:1.5;--dpt-title-text-decoration:none;--dpt-title-text-transform:none;--dpt-excerpt-font-style:normal;--dpt-excerpt-font-weight:400;--dpt-excerpt-line-height:1.5;--dpt-excerpt-text-decoration:none;--dpt-excerpt-text-transform:none;--dpt-meta1-font-style:normal;--dpt-meta1-font-weight:400;--dpt-meta1-line-height:1.9;--dpt-meta1-text-decoration:none;--dpt-meta1-text-transform:none;--dpt-meta2-font-style:normal;--dpt-meta2-font-weight:400;--dpt-meta2-line-height:1.9;--dpt-meta2-text-decoration:none;--dpt-meta2-text-transform:none; }<\/style><div class=\" dpt-main-header\">\n\t\t\t\t\t\t<div class=\"dpt-main-title\">\n\t\t\t\t\t\t\t<span class=\"dpt-main-title-text\">Aktuelle Beitr\u00e4ge zu EU-Gesetzen<\/span>\n\t\t\t\t\t\t<\/div>\n\t\t\t\t\t\t\n\t\t\t\t\t\t\n\t\t\t\t\t\t\n\t\t\t\t\t\t<\/div>\t\t\t\n\t\t\t\t<div id=\"dpt-wrapper-512\" class=\"dpt-wrapper dpt-grid1 multi-col dpt-mason-wrap\" >\n\n\t\t\t\t\t\t\t\t\t\t\t<div class=\"dpt-entry has-thumbnail\" data-title=\"energie, macht und abh\u00e4ngigkeit: europas weg vom exportweltmeister zum nachfrager\" data-id=\"4945\"  data-category=\"allgemein gesellschaft\" data-post_tag=\"denkmodelle deutschland energiepolitik eu-gesetze europa geopolitik krisen meinungsfreiheit sicherheitspolitik\">\n\t\t\t\t\t\t\t<div class=\"dpt-entry-wrapper\"><div class=\" dpt-featured-content\"><div class=\" dpt-permalink\"><a href=\"https:\/\/www.markus-schall.de\/pl\/2026\/02\/energie-macht-und-abhaengigkeit-europas-weg-vom-exportweltmeister-zum-nachfrager\/\" class=\"dpt-permalink\"><span class=\"screen-reader-text\">Energie, Macht und Abh\u00e4ngigkeit: Europas Weg vom Exportweltmeister zum Nachfrager<\/span><\/a><\/div><div class=\" dpt-thumbnail\"><div class=\"dpt-thumbnail-inner\"><img width=\"1024\" height=\"683\" class=\"attachment-full size-full\" alt=\"Europa und Energie\" context=\"dpt\" data-dpt-src=\"https:\/\/www.markus-schall.de\/wp-content\/uploads\/Europa-Energie.jpg\" data-dpt-sizes=\"(max-width: 1024px) 100vw, 1024px\" data-dpt-srcset=\"https:\/\/www.markus-schall.de\/wp-content\/uploads\/Europa-Energie.jpg 1024w, https:\/\/www.markus-schall.de\/wp-content\/uploads\/Europa-Energie-300x200.jpg 300w, https:\/\/www.markus-schall.de\/wp-content\/uploads\/Europa-Energie-768x512.jpg 768w, https:\/\/www.markus-schall.de\/wp-content\/uploads\/Europa-Energie-18x12.jpg 18w\" \/><\/div><span class=\"dpt-thumbnail-aspect-ratio\" style=\"padding-top: 67%\"><\/span><\/div><\/div><div class=\" sub-entry\"><h3 class=\" dpt-title\"><a class=\"dpt-title-link\" href=\"https:\/\/www.markus-schall.de\/pl\/2026\/02\/energie-macht-und-abhaengigkeit-europas-weg-vom-exportweltmeister-zum-nachfrager\/\" rel=\"bookmark\">Energie, Macht und Abh\u00e4ngigkeit: Europas Weg vom Exportweltmeister zum Nachfrager<\/a><\/h3><\/div><\/div>\n\t\t\t\t\t\t<\/div><!-- .dpt-entry -->\n\t\t\t\t\t\t\t\t\t\t\t\t<div class=\"dpt-entry has-thumbnail\" data-title=\"die digitale id der eu: verkn\u00fcpfung, kontrolle und risiken im alltag\" data-id=\"3486\"  data-category=\"allgemein gesellschaft tipps &amp; anleitungen\" data-post_tag=\"datenschutz eu-gesetze europa prozesse ratgeber\">\n\t\t\t\t\t\t\t<div class=\"dpt-entry-wrapper\"><div class=\" dpt-featured-content\"><div class=\" dpt-permalink\"><a href=\"https:\/\/www.markus-schall.de\/pl\/2025\/11\/die-digitale-id-der-eu-verknuepfung-kontrolle-und-risiken-im-alltag\/\" class=\"dpt-permalink\"><span class=\"screen-reader-text\">Die digitale ID der EU: Verkn\u00fcpfung, Kontrolle und Risiken im Alltag<\/span><\/a><\/div><div class=\" dpt-thumbnail\"><div class=\"dpt-thumbnail-inner\"><img width=\"1024\" height=\"683\" class=\"attachment-full size-full\" alt=\"Digitale ID der EU\" context=\"dpt\" data-dpt-src=\"https:\/\/www.markus-schall.de\/wp-content\/uploads\/Digitale-ID-der-EU.jpg\" data-dpt-sizes=\"(max-width: 1024px) 100vw, 1024px\" data-dpt-srcset=\"https:\/\/www.markus-schall.de\/wp-content\/uploads\/Digitale-ID-der-EU.jpg 1024w, https:\/\/www.markus-schall.de\/wp-content\/uploads\/Digitale-ID-der-EU-300x200.jpg 300w, https:\/\/www.markus-schall.de\/wp-content\/uploads\/Digitale-ID-der-EU-768x512.jpg 768w, https:\/\/www.markus-schall.de\/wp-content\/uploads\/Digitale-ID-der-EU-18x12.jpg 18w\" \/><\/div><span class=\"dpt-thumbnail-aspect-ratio\" style=\"padding-top: 67%\"><\/span><\/div><\/div><div class=\" sub-entry\"><h3 class=\" dpt-title\"><a class=\"dpt-title-link\" href=\"https:\/\/www.markus-schall.de\/pl\/2025\/11\/die-digitale-id-der-eu-verknuepfung-kontrolle-und-risiken-im-alltag\/\" rel=\"bookmark\">Die digitale ID der EU: Verkn\u00fcpfung, Kontrolle und Risiken im Alltag<\/a><\/h3><\/div><\/div>\n\t\t\t\t\t\t<\/div><!-- .dpt-entry -->\n\t\t\t\t\t\t\t\t\t\t\t\t<div class=\"dpt-entry has-thumbnail\" data-title=\"europa zwischen meinungsfreiheit und regulierung: neues us-infoportal wirft fragen auf\" data-id=\"5102\"  data-category=\"allgemein gesellschaft\" data-post_tag=\"denkmodelle deutschland eu-gesetze europa geopolitik krisen meinungsfreiheit spieltheorie\">\n\t\t\t\t\t\t\t<div class=\"dpt-entry-wrapper\"><div class=\" dpt-featured-content\"><div class=\" dpt-permalink\"><a href=\"https:\/\/www.markus-schall.de\/pl\/2026\/03\/europa-zwischen-meinungsfreiheit-und-regulierung-neues-us-infoportal-wirft-fragen-auf\/\" class=\"dpt-permalink\"><span class=\"screen-reader-text\">Europa zwischen Meinungsfreiheit und Regulierung: Neues US-Infoportal wirft Fragen auf<\/span><\/a><\/div><div class=\" dpt-thumbnail\"><div class=\"dpt-thumbnail-inner\"><img width=\"1024\" height=\"683\" class=\"attachment-full size-full\" alt=\"EU-Zensur, Hatespeech und das neue US-Portal\" context=\"dpt\" data-dpt-src=\"https:\/\/www.markus-schall.de\/wp-content\/uploads\/EU-Hatespeech-US-Portal.jpg\" data-dpt-sizes=\"(max-width: 1024px) 100vw, 1024px\" data-dpt-srcset=\"https:\/\/www.markus-schall.de\/wp-content\/uploads\/EU-Hatespeech-US-Portal.jpg 1024w, https:\/\/www.markus-schall.de\/wp-content\/uploads\/EU-Hatespeech-US-Portal-300x200.jpg 300w, https:\/\/www.markus-schall.de\/wp-content\/uploads\/EU-Hatespeech-US-Portal-768x512.jpg 768w, https:\/\/www.markus-schall.de\/wp-content\/uploads\/EU-Hatespeech-US-Portal-18x12.jpg 18w\" \/><\/div><span class=\"dpt-thumbnail-aspect-ratio\" style=\"padding-top: 67%\"><\/span><\/div><\/div><div class=\" sub-entry\"><h3 class=\" dpt-title\"><a class=\"dpt-title-link\" href=\"https:\/\/www.markus-schall.de\/pl\/2026\/03\/europa-zwischen-meinungsfreiheit-und-regulierung-neues-us-infoportal-wirft-fragen-auf\/\" rel=\"bookmark\">Europa zwischen Meinungsfreiheit und Regulierung: Neues US-Infoportal wirft Fragen auf<\/a><\/h3><\/div><\/div>\n\t\t\t\t\t\t<\/div><!-- .dpt-entry -->\n\t\t\t\t\t\t\t\t\t\t\t\t<div class=\"dpt-entry has-thumbnail\" data-title=\"die neuen eu-zensurgesetze: was chatcontrol, dsa, emfa und der ai act bedeuten\" data-id=\"3586\"  data-category=\"allgemein gesellschaft ki-systeme\" data-post_tag=\"datenschutz digitales eigentum eu-gesetze europa k\u00fcnstliche intelligenz llm meinungsfreiheit spieltheorie sprachmodell\">\n\t\t\t\t\t\t\t<div class=\"dpt-entry-wrapper\"><div class=\" dpt-featured-content\"><div class=\" dpt-permalink\"><a href=\"https:\/\/www.markus-schall.de\/pl\/2025\/11\/die-neuen-eu-zensurgesetze-was-chatcontrol-dsa-emfa-und-der-ai-act-bedeuten\/\" class=\"dpt-permalink\"><span class=\"screen-reader-text\">Die neuen EU-Zensurgesetze: Was Chatcontrol, DSA, EMFA und der AI Act bedeuten<\/span><\/a><\/div><div class=\" dpt-thumbnail\"><div class=\"dpt-thumbnail-inner\"><img width=\"1024\" height=\"683\" class=\"attachment-full size-full\" alt=\"EU Zensurgesetze\" context=\"dpt\" data-dpt-src=\"https:\/\/www.markus-schall.de\/wp-content\/uploads\/eu-zensurgesetze.jpg\" data-dpt-sizes=\"(max-width: 1024px) 100vw, 1024px\" data-dpt-srcset=\"https:\/\/www.markus-schall.de\/wp-content\/uploads\/eu-zensurgesetze.jpg 1024w, https:\/\/www.markus-schall.de\/wp-content\/uploads\/eu-zensurgesetze-300x200.jpg 300w, https:\/\/www.markus-schall.de\/wp-content\/uploads\/eu-zensurgesetze-768x512.jpg 768w, https:\/\/www.markus-schall.de\/wp-content\/uploads\/eu-zensurgesetze-18x12.jpg 18w\" \/><\/div><span class=\"dpt-thumbnail-aspect-ratio\" style=\"padding-top: 67%\"><\/span><\/div><\/div><div class=\" sub-entry\"><h3 class=\" dpt-title\"><a class=\"dpt-title-link\" href=\"https:\/\/www.markus-schall.de\/pl\/2025\/11\/die-neuen-eu-zensurgesetze-was-chatcontrol-dsa-emfa-und-der-ai-act-bedeuten\/\" rel=\"bookmark\">Die neuen EU-Zensurgesetze: Was Chatcontrol, DSA, EMFA und der AI Act bedeuten<\/a><\/h3><\/div><\/div>\n\t\t\t\t\t\t<\/div><!-- .dpt-entry -->\n\t\t\t\t\t\t\t\t\t\t\t\t<div class=\"dpt-entry has-thumbnail\" data-title=\"klimaschutz mit tunnelblick &#8211; elektromobilit\u00e4t, lobbyarbeit und die verdr\u00e4ngten kosten\" data-id=\"4729\"  data-category=\"allgemein gesellschaft\" data-post_tag=\"deutschland energiepolitik erfahrungen eu-gesetze europa\">\n\t\t\t\t\t\t\t<div class=\"dpt-entry-wrapper\"><div class=\" dpt-featured-content\"><div class=\" dpt-permalink\"><a href=\"https:\/\/www.markus-schall.de\/pl\/2026\/02\/klimaschutz-mit-tunnelblick-elektromobilitaet-lobbyarbeit-und-die-verdraengten-kosten\/\" class=\"dpt-permalink\"><span class=\"screen-reader-text\">Klimaschutz mit Tunnelblick &#8211; Elektromobilit\u00e4t, Lobbyarbeit und die verdr\u00e4ngten Kosten<\/span><\/a><\/div><div class=\" dpt-thumbnail\"><div class=\"dpt-thumbnail-inner\"><img width=\"1024\" height=\"683\" class=\"attachment-full size-full\" alt=\"Elektromobilit\u00e4t ohne Ideologie\" context=\"dpt\" data-dpt-src=\"https:\/\/www.markus-schall.de\/wp-content\/uploads\/Elektromobilitaet-ohne-Ideologie.jpg\" data-dpt-sizes=\"(max-width: 1024px) 100vw, 1024px\" data-dpt-srcset=\"https:\/\/www.markus-schall.de\/wp-content\/uploads\/Elektromobilitaet-ohne-Ideologie.jpg 1024w, https:\/\/www.markus-schall.de\/wp-content\/uploads\/Elektromobilitaet-ohne-Ideologie-300x200.jpg 300w, https:\/\/www.markus-schall.de\/wp-content\/uploads\/Elektromobilitaet-ohne-Ideologie-768x512.jpg 768w, https:\/\/www.markus-schall.de\/wp-content\/uploads\/Elektromobilitaet-ohne-Ideologie-18x12.jpg 18w\" \/><\/div><span class=\"dpt-thumbnail-aspect-ratio\" style=\"padding-top: 67%\"><\/span><\/div><\/div><div class=\" sub-entry\"><h3 class=\" dpt-title\"><a class=\"dpt-title-link\" href=\"https:\/\/www.markus-schall.de\/pl\/2026\/02\/klimaschutz-mit-tunnelblick-elektromobilitaet-lobbyarbeit-und-die-verdraengten-kosten\/\" rel=\"bookmark\">Klimaschutz mit Tunnelblick &#8211; Elektromobilit\u00e4t, Lobbyarbeit und die verdr\u00e4ngten Kosten<\/a><\/h3><\/div><\/div>\n\t\t\t\t\t\t<\/div><!-- .dpt-entry -->\n\t\t\t\t\t\t\t\t\t\t\t\t<div class=\"dpt-entry has-thumbnail\" data-title=\"regelbasierte weltordnung und v\u00f6lkerrecht: zwischen anspruch, realit\u00e4t und rechtsbruch\" data-id=\"4275\"  data-category=\"allgemein gesellschaft\" data-post_tag=\"denkmodelle eu-gesetze europa geopolitik krisen sicherheitspolitik\">\n\t\t\t\t\t\t\t<div class=\"dpt-entry-wrapper\"><div class=\" dpt-featured-content\"><div class=\" dpt-permalink\"><a href=\"https:\/\/www.markus-schall.de\/pl\/2026\/01\/regelbasierte-weltordnung-und-voelkerrecht-zwischen-anspruch-realitaet-und-rechtsbruch\/\" class=\"dpt-permalink\"><span class=\"screen-reader-text\">Regelbasierte Weltordnung und V\u00f6lkerrecht: Zwischen Anspruch, Realit\u00e4t und Rechtsbruch<\/span><\/a><\/div><div class=\" dpt-thumbnail\"><div class=\"dpt-thumbnail-inner\"><img width=\"1024\" height=\"683\" class=\"attachment-full size-full\" alt=\"V\u00f6lkerrecht und Regelbasierte Weltordnung\" context=\"dpt\" data-dpt-src=\"https:\/\/www.markus-schall.de\/wp-content\/uploads\/voelkerrecht-weltordnung-titel.jpg\" data-dpt-sizes=\"(max-width: 1024px) 100vw, 1024px\" data-dpt-srcset=\"https:\/\/www.markus-schall.de\/wp-content\/uploads\/voelkerrecht-weltordnung-titel.jpg 1024w, https:\/\/www.markus-schall.de\/wp-content\/uploads\/voelkerrecht-weltordnung-titel-300x200.jpg 300w, https:\/\/www.markus-schall.de\/wp-content\/uploads\/voelkerrecht-weltordnung-titel-768x512.jpg 768w, https:\/\/www.markus-schall.de\/wp-content\/uploads\/voelkerrecht-weltordnung-titel-18x12.jpg 18w\" \/><\/div><span class=\"dpt-thumbnail-aspect-ratio\" style=\"padding-top: 67%\"><\/span><\/div><\/div><div class=\" sub-entry\"><h3 class=\" dpt-title\"><a class=\"dpt-title-link\" href=\"https:\/\/www.markus-schall.de\/pl\/2026\/01\/regelbasierte-weltordnung-und-voelkerrecht-zwischen-anspruch-realitaet-und-rechtsbruch\/\" rel=\"bookmark\">Regelbasierte Weltordnung und V\u00f6lkerrecht: Zwischen Anspruch, Realit\u00e4t und Rechtsbruch<\/a><\/h3><\/div><\/div>\n\t\t\t\t\t\t<\/div><!-- .dpt-entry -->\n\t\t\t\t\t\t\n\t\t\t\t<\/div>\n\t\t\t\t\t\t<\/div>\n\t\t\t\n<hr \/>\n<h2>H\u00e4ufig gestellte Fragen zur elektronischen Patientenakte<\/h2>\n<ol>\n<li><strong>Was ist die elektronische Patientenakte \u00fcberhaupt?<\/strong><br \/>\nDie elektronische Patientenakte (ePA) ist eine digitale Sammlung medizinischer Dokumente, die zentral gespeichert wird. Ziel ist es, Informationen wie Befunde, Diagnosen, Impfungen oder Arztbriefe an einem Ort zu b\u00fcndeln, damit behandelnde \u00c4rzte jederzeit darauf zugreifen k\u00f6nnen &#8211; und damit Patienten einen besseren \u00dcberblick \u00fcber ihre eigene Krankengeschichte haben.<\/li>\n<li><strong>Ist die ePA verpflichtend f\u00fcr alle Versicherten?<\/strong><br \/>\nSeit der Einf\u00fchrung der \u201eePA f\u00fcr alle\u201c, die ab dem 1. Januar 2025 gilt, soll jede*r gesetzlich Versicherte automatisch eine ePA erhalten &#8211; es sei denn, man widerspricht aktiv. Es handelt sich also um ein sogenanntes Opt-out-Modell. Wer nicht aktiv handelt, bekommt eine Akte eingerichtet.<\/li>\n<li><strong>Wie kann ich der ePA widersprechen?<\/strong><br \/>\nDer Widerspruch muss bei der eigenen Krankenkasse eingelegt werden &#8211; meist \u00fcber das Online-Portal oder schriftlich. Manche Kassen verlangen eine Zwei-Faktor-Authentifizierung oder die Nutzung eines speziellen Formulars. Wichtig ist: Der Widerspruch muss rechtzeitig vor dem 1. Januar 2025 erfolgen, damit keine automatisierte Datenbef\u00fcllung beginnt.<\/li>\n<li><strong>Was passiert, wenn ich sp\u00e4ter widerspreche?<\/strong><br \/>\nEin Widerspruch nach dem 1. Januar 2025 ist weiterhin m\u00f6glich, jedoch k\u00f6nnten dann bereits medizinische Daten gespeichert worden sein. Diese m\u00fcssen manuell gel\u00f6scht werden, was nicht immer transparent oder einfach ist. Ein r\u00fcckwirkender Widerspruch ist vorgesehen &#8211; aber nicht technisch \u00fcberall verl\u00e4sslich umgesetzt.<\/li>\n<li><strong>Welche Daten werden in der ePA gespeichert?<\/strong><br \/>\nDazu z\u00e4hlen: Diagnosen, Arztbriefe, Laborwerte, Befunde, Medikationspl\u00e4ne, Impfungen, R\u00f6ntgenbilder und Krankenhausberichte. Ab 2025 sind \u00c4rzte und andere Leistungserbringer verpflichtet, diese Informationen automatisch in der ePA zu speichern &#8211; es sei denn, der Patient hat widersprochen.<\/li>\n<li><strong>Kann ich selbst entscheiden, welche \u00c4rzte was sehen d\u00fcrfen?<\/strong><br \/>\nJa, theoretisch ist eine feingranulare Rechtevergabe m\u00f6glich &#8211; das hei\u00dft: Man kann einzelnen \u00c4rzten Zugriff auf bestimmte Dokumente gew\u00e4hren oder entziehen. In der Praxis ist diese Steuerung jedoch oft kompliziert, technisch anspruchsvoll und uneinheitlich gestaltet.<\/li>\n<li><strong>Ist die Nutzung der ePA f\u00fcr mich als Patient verpflichtend?<\/strong><br \/>\nNein &#8211; wer widerspricht, erh\u00e4lt keine Akte. Wer die ePA aktiv nutzen will, muss sie \u00fcber die App oder das Online-Portal der Krankenkasse freischalten. Die Nutzung ist freiwillig, allerdings wird durch das Opt-out-Modell der Druck auf Patienten erh\u00f6ht, sich aktiv zu entscheiden &#8211; und viele wissen davon nichts.<\/li>\n<li><strong>Welche Vorteile bringt die ePA in der Theorie?<\/strong><br \/>\nDie zentrale Speicherung kann medizinische Behandlungen verbessern, indem sie \u00c4rzten schnellen Zugriff auf fr\u00fchere Diagnosen oder Laborwerte erm\u00f6glicht. Das spart Zeit, verhindert doppelte Untersuchungen und k\u00f6nnte insbesondere bei Notf\u00e4llen lebensrettend sein.<\/li>\n<li><strong>Welche Risiken birgt die ePA?<\/strong><br \/>\nDie zentrale Speicherung hochsensibler Gesundheitsdaten er\u00f6ffnet Risiken: etwa durch Hackerangriffe, Datenpannen, sp\u00e4tere Gesetzes\u00e4nderungen oder unklare Drittverwertung. Auch wenn die Daten offiziell gesch\u00fctzt sind, bleibt die Gefahr, dass sie durch politische, wirtschaftliche oder technische Ver\u00e4nderungen doch anderweitig genutzt werden.<\/li>\n<li><strong>Wer betreibt die ePA technisch?<\/strong><br \/>\nDie technische Umsetzung liegt bei der gematik GmbH, die im Auftrag des Bundes arbeitet, aber auch Beteiligungen von Kassen, \u00c4rzteverb\u00e4nden und IT-Unternehmen enth\u00e4lt. Die Speicherung erfolgt in Rechenzentren zertifizierter Anbieter &#8211; meist private Dienstleister, die Vertr\u00e4ge mit der gematik haben.<\/li>\n<li><strong>Was unterscheidet Opt-in von Opt-out?<\/strong><br \/>\nBei Opt-in muss man aktiv zustimmen, um teilzunehmen. Bei Opt-out wird man automatisch eingebunden, sofern man nicht widerspricht. Die ePA war urspr\u00fcnglich ein Opt-in-Modell &#8211; mit dem Digital-Gesetz 2024 wurde sie auf Opt-out umgestellt. Diese Umkehrung ist ein grunds\u00e4tzlicher Systemwechsel.<\/li>\n<li><strong>Warum ist Opt-out problematisch?<\/strong><br \/>\nWeil viele Menschen gar nicht wissen, dass sie widersprechen m\u00fcssen &#8211; und somit ungefragt Teil eines Systems werden, das sie vielleicht gar nicht wollen. Wer nicht regelm\u00e4\u00dfig Post von der Krankenkasse liest, sich selten einloggt oder technische H\u00fcrden hat, verliert seine Wahlm\u00f6glichkeit &#8211; ohne es zu merken.<\/li>\n<li><strong>Kann ich sp\u00e4ter wieder eine ePA einrichten, wenn ich heute widerspreche?<\/strong><br \/>\nJa, das ist jederzeit m\u00f6glich. Wer sich sp\u00e4ter anders entscheidet, kann \u00fcber die Krankenkasse eine ePA anlegen lassen. Es gibt also kein dauerhaftes Ausscheiden, sondern eine M\u00f6glichkeit zur sp\u00e4teren Teilnahme &#8211; sofern gew\u00fcnscht.<\/li>\n<li><strong>Was passiert, wenn meine Daten gehackt werden?<\/strong><br \/>\nIm Fall eines Datenlecks ist der Schaden erheblich: Gesundheitsdaten gelten als besonders sensibel. Sie k\u00f6nnen z.\u202fB. f\u00fcr Erpressung, Diskriminierung oder gezielte Werbung missbraucht werden. Wer f\u00fcr den Schutz haftet und wie Schadensersatz geregelt ist, ist juristisch bisher nicht eindeutig gekl\u00e4rt.<\/li>\n<li><strong>Was sagen Datensch\u00fctzer zur ePA?<\/strong><br \/>\nViele Datenschutzbeauftragte kritisieren das Opt-out-Verfahren scharf und fordern mehr Transparenz, st\u00e4rkere Aufkl\u00e4rung der Versicherten und technische Verbesserungen. Einige sprechen sogar von einem \u201edigitalen Dammbruch\u201c, da hier ein Pr\u00e4zedenzfall geschaffen wird: Gesundheitsdaten zentral, verpflichtend und ohne aktive Zustimmung.<\/li>\n<\/ol>\n<hr \/>\n\n\t\t\t<div class=\"display-post-types\">\n\n\t\t\t\t\t\t\t<style type=\"text\/css\">\n\t\t\t#dpt-wrapper-513 { --dpt-text-align: left;--dpt-image-crop: center;--dpt-border-radius: 5px;--dpt-h-gutter: 10px;--dpt-v-gutter: 9px; }\t\t\t<\/style>\n\t\t\t<style type=\"text\/css\">#dpt-wrapper-513 { --dpt-title-font-style:normal;--dpt-title-font-weight:600;--dpt-title-line-height:1.5;--dpt-title-text-decoration:none;--dpt-title-text-transform:none;--dpt-excerpt-font-style:normal;--dpt-excerpt-font-weight:400;--dpt-excerpt-line-height:1.5;--dpt-excerpt-text-decoration:none;--dpt-excerpt-text-transform:none;--dpt-meta1-font-style:normal;--dpt-meta1-font-weight:400;--dpt-meta1-line-height:1.9;--dpt-meta1-text-decoration:none;--dpt-meta1-text-transform:none;--dpt-meta2-font-style:normal;--dpt-meta2-font-weight:400;--dpt-meta2-line-height:1.9;--dpt-meta2-text-decoration:none;--dpt-meta2-text-transform:none; }<\/style><div class=\" dpt-main-header\">\n\t\t\t\t\t\t<div class=\"dpt-main-title\">\n\t\t\t\t\t\t\t<span class=\"dpt-main-title-text\">Aktuelle Beitr\u00e4ge zu Kunst &amp; Kultur<\/span>\n\t\t\t\t\t\t<\/div>\n\t\t\t\t\t\t\n\t\t\t\t\t\t\n\t\t\t\t\t\t\n\t\t\t\t\t\t<\/div>\t\t\t\n\t\t\t\t<div id=\"dpt-wrapper-513\" class=\"dpt-wrapper dpt-mag1 land1 dpt-cropped dpt-flex-wrap\" >\n\n\t\t\t\t\t\t\t\t\t\t\t<div class=\"dpt-entry has-thumbnail\" data-title=\"was ist der sinn des lebens? religionen, philosophen und helmut thielicke im vergleich\" data-id=\"6071\"  data-category=\"allgemein gesellschaft ki-systeme kunst &amp; kultur stories &amp; humor\" data-post_tag=\"denkmodelle erfahrungen gesundheit krisen k\u00fcnstliche intelligenz meinungsfreiheit pers\u00f6nlichkeitsentwicklung portrait\">\n\t\t\t\t\t\t\t<div class=\"dpt-entry-wrapper\"><div class=\" dpt-featured-content\"><div class=\" dpt-permalink\"><a href=\"https:\/\/www.markus-schall.de\/pl\/2026\/05\/was-ist-der-sinn-des-lebens-religionen-philosophen-und-helmut-thielicke-im-vergleich\/\" class=\"dpt-permalink\"><span class=\"screen-reader-text\">Was ist der Sinn des Lebens? Religionen, Philosophen und Helmut Thielicke im Vergleich<\/span><\/a><\/div><div class=\" dpt-thumbnail\"><div class=\"dpt-thumbnail-inner\"><img width=\"1024\" height=\"682\" class=\"attachment-full size-full\" alt=\"Die Frage nach dem Sinn des Lebens\" context=\"dpt\" data-dpt-src=\"https:\/\/www.markus-schall.de\/wp-content\/uploads\/Sinn-des-Lebens.jpg\" data-dpt-sizes=\"(max-width: 1024px) 100vw, 1024px\" data-dpt-srcset=\"https:\/\/www.markus-schall.de\/wp-content\/uploads\/Sinn-des-Lebens.jpg 1024w, https:\/\/www.markus-schall.de\/wp-content\/uploads\/Sinn-des-Lebens-300x200.jpg 300w, https:\/\/www.markus-schall.de\/wp-content\/uploads\/Sinn-des-Lebens-768x512.jpg 768w, https:\/\/www.markus-schall.de\/wp-content\/uploads\/Sinn-des-Lebens-18x12.jpg 18w\" \/><\/div><span class=\"dpt-thumbnail-aspect-ratio\" style=\"padding-top: 75%\"><\/span><\/div><\/div><div class=\" sub-entry\"><h3 class=\" dpt-title\"><a class=\"dpt-title-link\" href=\"https:\/\/www.markus-schall.de\/pl\/2026\/05\/was-ist-der-sinn-des-lebens-religionen-philosophen-und-helmut-thielicke-im-vergleich\/\" rel=\"bookmark\">Was ist der Sinn des Lebens? Religionen, Philosophen und Helmut Thielicke im Vergleich<\/a><\/h3><\/div><\/div>\n\t\t\t\t\t\t<\/div><!-- .dpt-entry -->\n\t\t\t\t\t\t\t\t\t\t\t\t<div class=\"dpt-entry has-thumbnail\" data-title=\"mehr als punk: nina hagen, cosma shiva und die kunst, sich nicht vereinnahmen zu lassen\" data-id=\"4521\"  data-category=\"allgemein gesellschaft kunst &amp; kultur\" data-post_tag=\"auswandern deutschland erfahrungen europa krisen meinungsfreiheit musik portrait\">\n\t\t\t\t\t\t\t<div class=\"dpt-entry-wrapper\"><div class=\" dpt-featured-content\"><div class=\" dpt-permalink\"><a href=\"https:\/\/www.markus-schall.de\/pl\/2026\/01\/mehr-als-punk-nina-hagen-cosma-shiva-und-die-kunst-sich-nicht-vereinnahmen-zu-lassen\/\" class=\"dpt-permalink\"><span class=\"screen-reader-text\">Mehr als Punk: Nina Hagen, Cosma Shiva und die Kunst, sich nicht vereinnahmen zu lassen<\/span><\/a><\/div><div class=\" dpt-thumbnail\"><div class=\"dpt-thumbnail-inner\"><img width=\"1024\" height=\"683\" class=\"attachment-full size-full\" alt=\"Nina und Cosma Shiva Hagen im Portrait\" context=\"dpt\" data-dpt-src=\"https:\/\/www.markus-schall.de\/wp-content\/uploads\/Nina-Cosma-Shiva-Hagen-Titel.jpg\" data-dpt-sizes=\"(max-width: 1024px) 100vw, 1024px\" data-dpt-srcset=\"https:\/\/www.markus-schall.de\/wp-content\/uploads\/Nina-Cosma-Shiva-Hagen-Titel.jpg 1024w, https:\/\/www.markus-schall.de\/wp-content\/uploads\/Nina-Cosma-Shiva-Hagen-Titel-300x200.jpg 300w, https:\/\/www.markus-schall.de\/wp-content\/uploads\/Nina-Cosma-Shiva-Hagen-Titel-768x512.jpg 768w, https:\/\/www.markus-schall.de\/wp-content\/uploads\/Nina-Cosma-Shiva-Hagen-Titel-18x12.jpg 18w\" \/><\/div><span class=\"dpt-thumbnail-aspect-ratio\" style=\"padding-top: 75%\"><\/span><\/div><\/div><div class=\" sub-entry\"><h3 class=\" dpt-title\"><a class=\"dpt-title-link\" href=\"https:\/\/www.markus-schall.de\/pl\/2026\/01\/mehr-als-punk-nina-hagen-cosma-shiva-und-die-kunst-sich-nicht-vereinnahmen-zu-lassen\/\" rel=\"bookmark\">Mehr als Punk: Nina Hagen, Cosma Shiva und die Kunst, sich nicht vereinnahmen zu lassen<\/a><\/h3><\/div><\/div>\n\t\t\t\t\t\t<\/div><!-- .dpt-entry -->\n\t\t\t\t\t\t\t\t\t\t\t\t<div class=\"dpt-entry has-thumbnail\" data-title=\"johann sebastian bach &#8211; ordnung, haltung und das fundament unserer musik\" data-id=\"5033\"  data-category=\"allgemein gesellschaft kunst &amp; kultur\" data-post_tag=\"deutschland musik portrait\">\n\t\t\t\t\t\t\t<div class=\"dpt-entry-wrapper\"><div class=\" dpt-featured-content\"><div class=\" dpt-permalink\"><a href=\"https:\/\/www.markus-schall.de\/pl\/2026\/02\/johann-sebastian-bach-ordnung-haltung-und-das-fundament-unserer-musik\/\" class=\"dpt-permalink\"><span class=\"screen-reader-text\">Johann Sebastian Bach &#8211; Ordnung, Haltung und das Fundament unserer Musik<\/span><\/a><\/div><div class=\" dpt-thumbnail\"><div class=\"dpt-thumbnail-inner\"><img width=\"1024\" height=\"683\" class=\"attachment-full size-full\" alt=\"Johann Sebastian Bach Portrait\" context=\"dpt\" data-dpt-src=\"https:\/\/www.markus-schall.de\/wp-content\/uploads\/Johann-Sebastian-Bach-Portrait.jpg\" data-dpt-sizes=\"(max-width: 1024px) 100vw, 1024px\" data-dpt-srcset=\"https:\/\/www.markus-schall.de\/wp-content\/uploads\/Johann-Sebastian-Bach-Portrait.jpg 1024w, https:\/\/www.markus-schall.de\/wp-content\/uploads\/Johann-Sebastian-Bach-Portrait-300x200.jpg 300w, https:\/\/www.markus-schall.de\/wp-content\/uploads\/Johann-Sebastian-Bach-Portrait-768x512.jpg 768w, https:\/\/www.markus-schall.de\/wp-content\/uploads\/Johann-Sebastian-Bach-Portrait-18x12.jpg 18w\" \/><\/div><span class=\"dpt-thumbnail-aspect-ratio\" style=\"padding-top: 75%\"><\/span><\/div><\/div><div class=\" sub-entry\"><h3 class=\" dpt-title\"><a class=\"dpt-title-link\" href=\"https:\/\/www.markus-schall.de\/pl\/2026\/02\/johann-sebastian-bach-ordnung-haltung-und-das-fundament-unserer-musik\/\" rel=\"bookmark\">Johann Sebastian Bach &#8211; Ordnung, Haltung und das Fundament unserer Musik<\/a><\/h3><\/div><\/div>\n\t\t\t\t\t\t<\/div><!-- .dpt-entry -->\n\t\t\t\t\t\t\t\t\t\t\t\t<div class=\"dpt-entry has-thumbnail\" data-title=\"die affinity grafik-suite wird kostenlos: was profi-anwender jetzt wissen m\u00fcssen\" data-id=\"3675\"  data-category=\"apple macos b\u00fccher kunst &amp; kultur tipps &amp; anleitungen\" data-post_tag=\"buch mac prozesse publishing verlag\">\n\t\t\t\t\t\t\t<div class=\"dpt-entry-wrapper\"><div class=\" dpt-featured-content\"><div class=\" dpt-permalink\"><a href=\"https:\/\/www.markus-schall.de\/pl\/2025\/11\/die-affinity-grafik-suite-wird-kostenlos-was-profi-anwender-jetzt-wissen-muessen\/\" class=\"dpt-permalink\"><span class=\"screen-reader-text\">Die Affinity Grafik-Suite wird kostenlos: Was Profi-Anwender jetzt wissen m\u00fcssen<\/span><\/a><\/div><div class=\" dpt-thumbnail\"><div class=\"dpt-thumbnail-inner\"><img width=\"1024\" height=\"683\" class=\"attachment-full size-full\" alt=\"Affinity Grafiksuite kostenlos\" context=\"dpt\" data-dpt-src=\"https:\/\/www.markus-schall.de\/wp-content\/uploads\/affinity-grafiksuite-kostenlos.jpg\" data-dpt-sizes=\"(max-width: 1024px) 100vw, 1024px\" data-dpt-srcset=\"https:\/\/www.markus-schall.de\/wp-content\/uploads\/affinity-grafiksuite-kostenlos.jpg 1024w, https:\/\/www.markus-schall.de\/wp-content\/uploads\/affinity-grafiksuite-kostenlos-300x200.jpg 300w, https:\/\/www.markus-schall.de\/wp-content\/uploads\/affinity-grafiksuite-kostenlos-768x512.jpg 768w, https:\/\/www.markus-schall.de\/wp-content\/uploads\/affinity-grafiksuite-kostenlos-18x12.jpg 18w\" \/><\/div><span class=\"dpt-thumbnail-aspect-ratio\" style=\"padding-top: 75%\"><\/span><\/div><\/div><div class=\" sub-entry\"><h3 class=\" dpt-title\"><a class=\"dpt-title-link\" href=\"https:\/\/www.markus-schall.de\/pl\/2025\/11\/die-affinity-grafik-suite-wird-kostenlos-was-profi-anwender-jetzt-wissen-muessen\/\" rel=\"bookmark\">Die Affinity Grafik-Suite wird kostenlos: Was Profi-Anwender jetzt wissen m\u00fcssen<\/a><\/h3><\/div><\/div>\n\t\t\t\t\t\t<\/div><!-- .dpt-entry -->\n\t\t\t\t\t\t\n\t\t\t\t<\/div>\n\t\t\t\t\t\t<\/div>\n\t\t\t\n<hr \/>\n","protected":false},"excerpt":{"rendered":"<p>Elektroniczna dokumentacja pacjenta, w skr\u00f3cie ePA, jest jednym z najbardziej ambitnych projekt\u00f3w cyfryzacji w niemieckiej s\u0142u\u017cbie zdrowia. Ma ona na celu scentralizowane gromadzenie informacji medycznych \u2013 od wynik\u00f3w bada\u0144 i wynik\u00f3w laboratoryjnych, przez plany leczenia farmakologicznego, a\u017c po szczepienia i raporty szpitalne. Dzi\u0119ki temu lekarze, terapeuci, apteki i pacjenci maj\u0105 by\u0107 lepiej ze sob\u0105 powi\u0105zani, co pozwoli unikn\u0105\u0107 powtarzania bada\u0144 i poprawi jako\u015b\u0107 leczenia. To, co na papierze wydaje si\u0119 nowoczesne i\u2026 <a title=\"Pakiet graficzny Affinity staje si\u0119 darmowy: Co profesjonalni u\u017cytkownicy powinni wiedzie\u0107 ju\u017c teraz\" class=\"read-more\" href=\"https:\/\/www.markus-schall.de\/pl\/2025\/11\/die-affinity-grafik-suite-wird-kostenlos-was-profi-anwender-jetzt-wissen-muessen\/\" aria-label=\"Dowiedz si\u0119 wi\u0119cej o pakiecie graficznym Affinity za darmo: Co profesjonalni u\u017cytkownicy powinni wiedzie\u0107 ju\u017c teraz\">Dowiedz si\u0119 wi\u0119cej<\/a><\/p>","protected":false},"author":1,"featured_media":3417,"comment_status":"open","ping_status":"open","sticky":false,"template":"","format":"standard","meta":{"iawp_total_views":356,"footnotes":""},"categories":[466,456,4],"tags":[469,470,447,442,448],"class_list":["post-3412","post","type-post","status-publish","format-standard","has-post-thumbnail","hentry","category-gesellschaft","category-gesundheit","category-tipps-anleitungen","tag-datenschutz","tag-eu-gesetze","tag-gesundheit","tag-prozesse","tag-ratgeber"],"_links":{"self":[{"href":"https:\/\/www.markus-schall.de\/pl\/wp-json\/wp\/v2\/posts\/3412","targetHints":{"allow":["GET"]}}],"collection":[{"href":"https:\/\/www.markus-schall.de\/pl\/wp-json\/wp\/v2\/posts"}],"about":[{"href":"https:\/\/www.markus-schall.de\/pl\/wp-json\/wp\/v2\/types\/post"}],"author":[{"embeddable":true,"href":"https:\/\/www.markus-schall.de\/pl\/wp-json\/wp\/v2\/users\/1"}],"replies":[{"embeddable":true,"href":"https:\/\/www.markus-schall.de\/pl\/wp-json\/wp\/v2\/comments?post=3412"}],"version-history":[{"count":25,"href":"https:\/\/www.markus-schall.de\/pl\/wp-json\/wp\/v2\/posts\/3412\/revisions"}],"predecessor-version":[{"id":5703,"href":"https:\/\/www.markus-schall.de\/pl\/wp-json\/wp\/v2\/posts\/3412\/revisions\/5703"}],"wp:featuredmedia":[{"embeddable":true,"href":"https:\/\/www.markus-schall.de\/pl\/wp-json\/wp\/v2\/media\/3417"}],"wp:attachment":[{"href":"https:\/\/www.markus-schall.de\/pl\/wp-json\/wp\/v2\/media?parent=3412"}],"wp:term":[{"taxonomy":"category","embeddable":true,"href":"https:\/\/www.markus-schall.de\/pl\/wp-json\/wp\/v2\/categories?post=3412"},{"taxonomy":"post_tag","embeddable":true,"href":"https:\/\/www.markus-schall.de\/pl\/wp-json\/wp\/v2\/tags?post=3412"}],"curies":[{"name":"wp","href":"https:\/\/api.w.org\/{rel}","templated":true}]}}