{"id":3747,"date":"2025-12-01T06:30:37","date_gmt":"2025-12-01T06:30:37","guid":{"rendered":"https:\/\/www.markus-schall.de\/?p=3747"},"modified":"2026-05-11T18:52:14","modified_gmt":"2026-05-11T18:52:14","slug":"28-system-ue-cicha-reorganizacja-europejskiego-obszaru-gospodarczego","status":"publish","type":"post","link":"https:\/\/www.markus-schall.de\/pl\/2025\/12\/das-28-regime-der-eu-der-stille-umbau-des-europaeischen-wirtschaftsraums\/","title":{"rendered":"28. re\u017cim UE: cicha reorganizacja Europejskiego Obszaru Gospodarczego?"},"content":{"rendered":"<p>Im Moment spricht halb Europa \u00fcber das sogenannte \u201e28. Regime\u201c. Viele fragen sich, was das eigentlich sein soll. Ein neuer Staat? Ein geheimes EU-Projekt? Oder einfach nur ein weiterer Versuch, den Binnenmarkt zu modernisieren? Tats\u00e4chlich handelt es sich um ein Konzept, das zwar gro\u00df klingt, aber im Kern erst einmal eine zus\u00e4tzliche Unternehmensform beschreibt, die optional und rein freiwillig sein soll. Der Name \u201e28. Regime\u201c kommt daher, dass es neben den 27 nationalen Rechtsordnungen ein weiteres Regelwerk g\u00e4be &#8211; wie ein zus\u00e4tzliches Werkzeug in einer bereits vollen Werkzeugkiste.<\/p>\n<p>Die Idee dahinter ist nicht \u00fcber Nacht entstanden. Schon seit Jahren klagen Start-ups, Investoren und auch manche Mittelst\u00e4ndler dar\u00fcber, dass die EU aus 27 sehr unterschiedlichen Wirtschaftsr\u00e4umen besteht. Je nachdem, in welchem Land man startet, muss man andere Regeln beachten: andere Gr\u00fcndungsformalit\u00e4ten, andere Haftungsregeln, andere Vorgaben f\u00fcr Mitarbeiterbeteiligungen oder Kapitalaufnahme. F\u00fcr internationale Tech-Unternehmen ist das ein Hindernis, f\u00fcr Gr\u00fcnder oft abschreckend. Genau hier wollen die EU-Institutionen ansetzen.<!--more--><\/p>\n<hr \/>\n\n\t\t\t<div class=\"display-post-types\">\n\n\t\t\t\t\t\t\t<style type=\"text\/css\">\n\t\t\t#dpt-wrapper-511 { --dpt-text-align: left;--dpt-image-crop: center;--dpt-border-radius: 5px;--dpt-h-gutter: 10px;--dpt-v-gutter: 9px; }\t\t\t<\/style>\n\t\t\t<style type=\"text\/css\">#dpt-wrapper-511 { --dpt-title-font-style:normal;--dpt-title-font-weight:600;--dpt-title-line-height:1.5;--dpt-title-text-decoration:none;--dpt-title-text-transform:none;--dpt-excerpt-font-style:normal;--dpt-excerpt-font-weight:400;--dpt-excerpt-line-height:1.5;--dpt-excerpt-text-decoration:none;--dpt-excerpt-text-transform:none;--dpt-meta1-font-style:normal;--dpt-meta1-font-weight:400;--dpt-meta1-line-height:1.9;--dpt-meta1-text-decoration:none;--dpt-meta1-text-transform:none;--dpt-meta2-font-style:normal;--dpt-meta2-font-weight:400;--dpt-meta2-line-height:1.9;--dpt-meta2-text-decoration:none;--dpt-meta2-text-transform:none; }<\/style><div class=\" dpt-main-header\">\n\t\t\t\t\t\t<div class=\"dpt-main-title\">\n\t\t\t\t\t\t\t<span class=\"dpt-main-title-text\">Gesellschaftsthemen der Gegenwart<\/span>\n\t\t\t\t\t\t<\/div>\n\t\t\t\t\t\t\n\t\t\t\t\t\t\n\t\t\t\t\t\t\n\t\t\t\t\t\t<\/div>\t\t\t\n\t\t\t\t<div id=\"dpt-wrapper-511\" class=\"dpt-wrapper dpt-mag1 land1 dpt-cropped dpt-flex-wrap\" >\n\n\t\t\t\t\t\t\t\t\t\t\t<div class=\"dpt-entry has-thumbnail\" data-title=\"gr\u00f6nland, trump und die frage der zugeh\u00f6rigkeit: geschichte, recht und realit\u00e4t\" data-id=\"4325\"  data-category=\"allgemein gesellschaft kunst &amp; kultur\" data-post_tag=\"europa geopolitik krisen meinungsfreiheit sicherheitspolitik spieltheorie\">\n\t\t\t\t\t\t\t<div class=\"dpt-entry-wrapper\"><div class=\" dpt-featured-content\"><div class=\" dpt-permalink\"><a href=\"https:\/\/www.markus-schall.de\/pl\/2026\/01\/groenland-trump-und-die-frage-der-zugehoerigkeit-geschichte-recht-und-realitaet\/\" class=\"dpt-permalink\"><span class=\"screen-reader-text\">Gr\u00f6nland, Trump und die Frage der Zugeh\u00f6rigkeit: Geschichte, Recht und Realit\u00e4t<\/span><\/a><\/div><div class=\" dpt-thumbnail\"><div class=\"dpt-thumbnail-inner\"><img width=\"1024\" height=\"683\" class=\"attachment-full size-full\" alt=\"Gr\u00f6nland im Fadenkreuz: USA und Trump\" context=\"dpt\" data-dpt-src=\"https:\/\/www.markus-schall.de\/wp-content\/uploads\/Groenland-USA-Trump-Titel.jpg\" data-dpt-sizes=\"(max-width: 1024px) 100vw, 1024px\" data-dpt-srcset=\"https:\/\/www.markus-schall.de\/wp-content\/uploads\/Groenland-USA-Trump-Titel.jpg 1024w, https:\/\/www.markus-schall.de\/wp-content\/uploads\/Groenland-USA-Trump-Titel-300x200.jpg 300w, https:\/\/www.markus-schall.de\/wp-content\/uploads\/Groenland-USA-Trump-Titel-768x512.jpg 768w, https:\/\/www.markus-schall.de\/wp-content\/uploads\/Groenland-USA-Trump-Titel-18x12.jpg 18w\" \/><\/div><span class=\"dpt-thumbnail-aspect-ratio\" style=\"padding-top: 75%\"><\/span><\/div><\/div><div class=\" sub-entry\"><h3 class=\" dpt-title\"><a class=\"dpt-title-link\" href=\"https:\/\/www.markus-schall.de\/pl\/2026\/01\/groenland-trump-und-die-frage-der-zugehoerigkeit-geschichte-recht-und-realitaet\/\" rel=\"bookmark\">Gr\u00f6nland, Trump und die Frage der Zugeh\u00f6rigkeit: Geschichte, Recht und Realit\u00e4t<\/a><\/h3><\/div><\/div>\n\t\t\t\t\t\t<\/div><!-- .dpt-entry -->\n\t\t\t\t\t\t\t\t\t\t\t\t<div class=\"dpt-entry has-thumbnail\" data-title=\"vom ende der wehrpflicht bis zu schulstreiks: die neue debatte \u00fcber bundeswehr und bildung\" data-id=\"5147\"  data-category=\"allgemein gesellschaft\" data-post_tag=\"deutschland europa geopolitik krisen meinungsfreiheit sicherheitspolitik\">\n\t\t\t\t\t\t\t<div class=\"dpt-entry-wrapper\"><div class=\" dpt-featured-content\"><div class=\" dpt-permalink\"><a href=\"https:\/\/www.markus-schall.de\/pl\/2026\/03\/vom-ende-der-wehrpflicht-bis-zu-schulstreiks-die-neue-debatte-ueber-bundeswehr-und-bildung\/\" class=\"dpt-permalink\"><span class=\"screen-reader-text\">Vom Ende der Wehrpflicht bis zu Schulstreiks: Die neue Debatte \u00fcber Bundeswehr und Bildung<\/span><\/a><\/div><div class=\" dpt-thumbnail\"><div class=\"dpt-thumbnail-inner\"><img width=\"1024\" height=\"683\" class=\"attachment-full size-full\" alt=\"Schulstreiks zu Wehrpflicht und Bundeswehr in der Schule\" context=\"dpt\" data-dpt-src=\"https:\/\/www.markus-schall.de\/wp-content\/uploads\/Wehrpflicht-Schulstreiks.jpg\" data-dpt-sizes=\"(max-width: 1024px) 100vw, 1024px\" data-dpt-srcset=\"https:\/\/www.markus-schall.de\/wp-content\/uploads\/Wehrpflicht-Schulstreiks.jpg 1024w, https:\/\/www.markus-schall.de\/wp-content\/uploads\/Wehrpflicht-Schulstreiks-300x200.jpg 300w, https:\/\/www.markus-schall.de\/wp-content\/uploads\/Wehrpflicht-Schulstreiks-768x512.jpg 768w, https:\/\/www.markus-schall.de\/wp-content\/uploads\/Wehrpflicht-Schulstreiks-18x12.jpg 18w\" \/><\/div><span class=\"dpt-thumbnail-aspect-ratio\" style=\"padding-top: 75%\"><\/span><\/div><\/div><div class=\" sub-entry\"><h3 class=\" dpt-title\"><a class=\"dpt-title-link\" href=\"https:\/\/www.markus-schall.de\/pl\/2026\/03\/vom-ende-der-wehrpflicht-bis-zu-schulstreiks-die-neue-debatte-ueber-bundeswehr-und-bildung\/\" rel=\"bookmark\">Vom Ende der Wehrpflicht bis zu Schulstreiks: Die neue Debatte \u00fcber Bundeswehr und Bildung<\/a><\/h3><\/div><\/div>\n\t\t\t\t\t\t<\/div><!-- .dpt-entry -->\n\t\t\t\t\t\t\t\t\t\t\t\t<div class=\"dpt-entry has-thumbnail\" data-title=\"dauerkrise als normalzustand: wie narrative unsere wahrnehmung verzerren\" data-id=\"3840\"  data-category=\"allgemein b\u00fccher gesellschaft\" data-post_tag=\"buch deutschland energiepolitik erfahrungen europa krisen meinungsfreiheit pers\u00f6nlichkeitsentwicklung\">\n\t\t\t\t\t\t\t<div class=\"dpt-entry-wrapper\"><div class=\" dpt-featured-content\"><div class=\" dpt-permalink\"><a href=\"https:\/\/www.markus-schall.de\/pl\/2025\/12\/dauerkrise-als-normalzustand-wie-narrative-unsere-wahrnehmung-verzerren\/\" class=\"dpt-permalink\"><span class=\"screen-reader-text\">Dauerkrise als Normalzustand: Wie Narrative unsere Wahrnehmung verzerren<\/span><\/a><\/div><div class=\" dpt-thumbnail\"><div class=\"dpt-thumbnail-inner\"><img width=\"1024\" height=\"683\" class=\"attachment-full size-full\" alt=\"Dauerkrise, Narrative\" context=\"dpt\" data-dpt-src=\"https:\/\/www.markus-schall.de\/wp-content\/uploads\/dauerkrise-narrative.jpg\" data-dpt-sizes=\"(max-width: 1024px) 100vw, 1024px\" data-dpt-srcset=\"https:\/\/www.markus-schall.de\/wp-content\/uploads\/dauerkrise-narrative.jpg 1024w, https:\/\/www.markus-schall.de\/wp-content\/uploads\/dauerkrise-narrative-300x200.jpg 300w, https:\/\/www.markus-schall.de\/wp-content\/uploads\/dauerkrise-narrative-768x512.jpg 768w, https:\/\/www.markus-schall.de\/wp-content\/uploads\/dauerkrise-narrative-18x12.jpg 18w\" \/><\/div><span class=\"dpt-thumbnail-aspect-ratio\" style=\"padding-top: 75%\"><\/span><\/div><\/div><div class=\" sub-entry\"><h3 class=\" dpt-title\"><a class=\"dpt-title-link\" href=\"https:\/\/www.markus-schall.de\/pl\/2025\/12\/dauerkrise-als-normalzustand-wie-narrative-unsere-wahrnehmung-verzerren\/\" rel=\"bookmark\">Dauerkrise als Normalzustand: Wie Narrative unsere Wahrnehmung verzerren<\/a><\/h3><\/div><\/div>\n\t\t\t\t\t\t<\/div><!-- .dpt-entry -->\n\t\t\t\t\t\t\t\t\t\t\t\t<div class=\"dpt-entry has-thumbnail\" data-title=\"klimaschutz mit tunnelblick &#8211; elektromobilit\u00e4t, lobbyarbeit und die verdr\u00e4ngten kosten\" data-id=\"4729\"  data-category=\"allgemein gesellschaft\" data-post_tag=\"deutschland energiepolitik erfahrungen eu-gesetze europa\">\n\t\t\t\t\t\t\t<div class=\"dpt-entry-wrapper\"><div class=\" dpt-featured-content\"><div class=\" dpt-permalink\"><a href=\"https:\/\/www.markus-schall.de\/pl\/2026\/02\/klimaschutz-mit-tunnelblick-elektromobilitaet-lobbyarbeit-und-die-verdraengten-kosten\/\" class=\"dpt-permalink\"><span class=\"screen-reader-text\">Klimaschutz mit Tunnelblick &#8211; Elektromobilit\u00e4t, Lobbyarbeit und die verdr\u00e4ngten Kosten<\/span><\/a><\/div><div class=\" dpt-thumbnail\"><div class=\"dpt-thumbnail-inner\"><img width=\"1024\" height=\"683\" class=\"attachment-full size-full\" alt=\"Elektromobilit\u00e4t ohne Ideologie\" context=\"dpt\" data-dpt-src=\"https:\/\/www.markus-schall.de\/wp-content\/uploads\/Elektromobilitaet-ohne-Ideologie.jpg\" data-dpt-sizes=\"(max-width: 1024px) 100vw, 1024px\" data-dpt-srcset=\"https:\/\/www.markus-schall.de\/wp-content\/uploads\/Elektromobilitaet-ohne-Ideologie.jpg 1024w, https:\/\/www.markus-schall.de\/wp-content\/uploads\/Elektromobilitaet-ohne-Ideologie-300x200.jpg 300w, https:\/\/www.markus-schall.de\/wp-content\/uploads\/Elektromobilitaet-ohne-Ideologie-768x512.jpg 768w, https:\/\/www.markus-schall.de\/wp-content\/uploads\/Elektromobilitaet-ohne-Ideologie-18x12.jpg 18w\" \/><\/div><span class=\"dpt-thumbnail-aspect-ratio\" style=\"padding-top: 75%\"><\/span><\/div><\/div><div class=\" sub-entry\"><h3 class=\" dpt-title\"><a class=\"dpt-title-link\" href=\"https:\/\/www.markus-schall.de\/pl\/2026\/02\/klimaschutz-mit-tunnelblick-elektromobilitaet-lobbyarbeit-und-die-verdraengten-kosten\/\" rel=\"bookmark\">Klimaschutz mit Tunnelblick &#8211; Elektromobilit\u00e4t, Lobbyarbeit und die verdr\u00e4ngten Kosten<\/a><\/h3><\/div><\/div>\n\t\t\t\t\t\t<\/div><!-- .dpt-entry -->\n\t\t\t\t\t\t\n\t\t\t\t<\/div>\n\t\t\t\t\t\t<\/div>\n\t\t\t\n<hr \/>\n<h2>Aktuelle Nachrichten zum 28. EU-Regime<\/h2>\n<p><strong>11.05.2026<\/strong>: Mit der geplanten \u201eEU Inc.\u201c arbeitet die EU-Kommission an einer europaweit einheitlichen Unternehmensform, die k\u00fcnftig erstmals zu einer echten Alternative f\u00fcr die klassische deutsche GmbH werden k\u00f6nnte. Ziel ist es, insbesondere Start-ups, internationale Investoren und technologieorientierte Unternehmen innerhalb Europas st\u00e4rker zu vereinfachen und grenz\u00fcberschreitende Strukturen deutlich unkomplizierter aufzubauen. <a href=\"https:\/\/www.noerr.com\/de\/insights\/eu-inc-bruessel-liefert-den-ersten-echten-wettbewerber-fuer-die-gmbh\" target=\"_blank\" rel=\"noopener\"><strong>Laut der Wirtschaftskanzlei Noerr<\/strong><\/a> k\u00f6nnte die neue Gesellschaftsform vor allem f\u00fcr digitale Gesch\u00e4ftsmodelle, Holdingstrukturen und internationale Projektgesellschaften interessant werden. Die EU Inc. soll dabei weniger b\u00fcrokratisch, st\u00e4rker standardisiert und europaweit leichter skalierbar sein als viele bestehende nationale Gesellschaftsformen.<\/p>\n<p>Erste Gr\u00fcndungen k\u00f6nnten laut EU-Kommission bereits ab 2028 m\u00f6glich werden. Unterst\u00fctzt wird der Vorschlag unter anderem von Industrieverb\u00e4nden und Wirtschaftsorganisationen. Kritiker bef\u00fcrchten allerdings zus\u00e4tzliche Konflikte bei Mitbestimmung, Haftungsfragen und nationalem Gesellschaftsrecht. Dennoch zeigt der Vorsto\u00df deutlich, wie stark die EU inzwischen versucht, wirtschaftliche und digitale Strukturen st\u00e4rker zu vereinheitlichen und international wettbewerbsf\u00e4higer zu machen.<\/p>\n<p>Ein erg\u00e4nzendes Video der \u201eRatgeber Stiftung\u201c beleuchtet die geplante EU Inc. zus\u00e4tzlich aus praktischer Unternehmerperspektive. Dabei wird erkl\u00e4rt, warum viele Schlagzeilen rund um \u201e1-Euro-Gr\u00fcndung\u201c, \u201e48-Stunden-GmbH\u201c oder das angebliche \u201eEnde des Notars\u201c teilweise zu kurz greifen. Das Video weist darauf hin, dass die neue EU-Rechtsform zwar die Gr\u00fcndung und internationale Strukturierung vereinfachen k\u00f6nnte, steuerliche Fragen oder Verm\u00f6gensschutz jedoch weiterhin stark von den jeweiligen nationalen Regelungen abh\u00e4ngen.<\/p>\n<div class=\"lyte-wrapper\" style=\"width:640px;max-width:100%;margin:5px;\"><div class=\"lyMe\" id=\"WYL_mHG5jIXE2vU\"><div id=\"lyte_mHG5jIXE2vU\" data-src=\"https:\/\/www.markus-schall.de\/wp-content\/plugins\/wp-youtube-lyte\/lyteCache.php?origThumbUrl=%2F%2Fi.ytimg.com%2Fvi%2FmHG5jIXE2vU%2Fhqdefault.jpg\" class=\"pL\"><div class=\"tC\"><div class=\"tT\"><\/div><\/div><div class=\"play\"><\/div><div class=\"ctrl\"><div class=\"Lctrl\"><\/div><div class=\"Rctrl\"><\/div><\/div><\/div><noscript><a href=\"https:\/\/youtu.be\/mHG5jIXE2vU\" rel=\"nofollow noopener\" target=\"_blank\"><img loading=\"lazy\" decoding=\"async\" src=\"https:\/\/www.markus-schall.de\/wp-content\/plugins\/wp-youtube-lyte\/lyteCache.php?origThumbUrl=https%3A%2F%2Fi.ytimg.com%2Fvi%2FmHG5jIXE2vU%2F0.jpg\" alt=\"YouTube video thumbnail\" width=\"640\" height=\"340\" \/><br \/>Watch this video on YouTube<\/a><\/noscript><\/div><\/div><div class=\"lL\" style=\"max-width:100%;width:640px;margin:5px;\"><\/div><br \/>\nEU Inc. ab 2027: Was die neue europ\u00e4ische Rechtsform f\u00fcr deutsche Unternehmer bedeutet |\u00a0<a href=\"https:\/\/www.youtube.com\/@ratgeber.stiftung\" target=\"_blank\" rel=\"nofollow noopener\">Ratgeber Stiftung<\/a><\/p>\n<p>Gleichzeitig wird deutlich, dass die EU Inc. besonders f\u00fcr internationale Wachstumsstrategien, digitale Gesch\u00e4ftsmodelle und Holdingstrukturen interessant werden k\u00f6nnte. Gerade f\u00fcr Unternehmer, die europaweit denken oder k\u00fcnftig flexibler agieren wollen, liefert das Video eine spannende zus\u00e4tzliche Einordnung zum aktuellen EU-Vorsto\u00df.<\/p>\n<p><strong>20.01.2026<\/strong>: Auf dem Weltwirtschaftsforum im schweizerischen Davos hat EU-Kommissionspr\u00e4sidentin Ursula von der Leyen neue Pl\u00e4ne der Europ\u00e4ischen Union zur Unternehmensgr\u00fcndung vorgestellt. Nach Angaben der Kommission soll es k\u00fcnftig m\u00f6glich sein, ein Unternehmen in der EU vollst\u00e4ndig digital und innerhalb von 48 Stunden zu registrieren. Damit will die Kommission den administrativen Aufwand f\u00fcr Start-ups und andere Firmen deutlich reduzieren und das wirtschaftliche Umfeld in Europa attraktiver machen, hei\u00dft es in dem <a href=\"https:\/\/www.spiegel.de\/wirtschaft\/eu-inc-bruessel-will-firmen-registrierung-innerhalb-von-48-stunden-a-6d17481e-7553-4f91-9735-08ee3ebb1fa2\" target=\"_blank\" rel=\"noopener\"><strong>Spiegel-Bericht<\/strong><\/a>. Die vorgeschlagene Reform w\u00e4re Teil eines gr\u00f6\u00dferen Vorhabens, das unter dem Arbeitstitel \u201eEU Inc.\u201c firmiert und auf eine Vereinheitlichung der Rechtsformen \u00fcber die 27 Mitgliedstaaten hinweg abzielt. Details etwa zu konkreten Fristen und rechtlichen Rahmenbedingungen waren zum Zeitpunkt der Meldung noch offen.<\/p>\n<hr \/>\n<h2>Was ist das 28. Regime? Eine Einf\u00fchrung in ein komplexes Vorhaben<\/h2>\n<p>Im Fr\u00fchjahr und Sommer 2025 hat die EU-Kommission deshalb eine erste \u201eKonsultation\u201c durchgef\u00fchrt. Das ist ein offizielles Verfahren, bei dem Verb\u00e4nde, Unternehmen, Gewerkschaften und Experten ihre Meinung abgeben k\u00f6nnen. Diese Konsultation ist abgeschlossen, aber ein fertiger Gesetzesentwurf liegt noch nicht vor. Die Kommission wertet gerade aus, was die unterschiedlichen Gruppen vorgeschlagen haben. Die politische Zielrichtung ist klar: Anfang 2026 soll ein konkreter Entwurf folgen. Bis dahin handelt es sich also tats\u00e4chlich noch um <a href=\"https:\/\/www.eesc.europa.eu\/en\/our-work\/publications-other-work\/publications\/establishing-28th-regime-europe\" target=\"_blank\" rel=\"noopener\"><strong>Planungen<\/strong><\/a>, allerdings um sehr weit gediehene Planungen.<\/p>\n<p>Getrieben wird das Ganze von mehreren Seiten:<\/p>\n<ul>\n<li>zum einen von der <strong>EU-Kommission<\/strong> selbst, die seit Jahren versucht, den Binnenmarkt zu vereinheitlichen,<\/li>\n<li>zum anderen von Beratern wie <strong>Enrico Letta<\/strong> und <strong>Mario Draghi<\/strong>, die in ihren Berichten sehr deutlich gesagt haben, dass Europa dringend ein \u201eeinheitlicher Wirtschaftsraum\u201c werden m\u00fcsse,<\/li>\n<li>und nicht zuletzt von <strong>Start-up-Verb\u00e4nden<\/strong>, die eine Art europ\u00e4ische \u201eSuper-Rechtsform\u201c verlangen, oft mit dem Arbeitstitel \u201eEU-Inc\u201c.<\/li>\n<\/ul>\n<p>Ziel ist ein optionales EU-Regelwerk, das parallel zu den nationalen Unternehmensformen existiert. Unternehmen k\u00f6nnten sich freiwillig daf\u00fcr entscheiden, ihre Firma unter diesem EU-Regime zu f\u00fchren. Das soll grenz\u00fcbergreifende Aktivit\u00e4ten erleichtern und Europa im internationalen Wettbewerb st\u00e4rken. Ob das gelingt und welche Risiken dabei entstehen, ist eine andere Frage &#8211; die wir in den sp\u00e4teren Kapiteln systematisch beleuchten.<\/p>\n<h3>Ein optionales Zusatz-Regelwerk &#8211; kein neuer Staat<\/h3>\n<p>Das Wichtigste zuerst: Das 28. Regime ist kein neuer EU-Staat. Niemand plant eine heimliche Gr\u00fcndung eines 28. Mitgliedslandes. Es geht schlicht um ein zus\u00e4tzliches rechtliches Angebot. Wer eine Firma gr\u00fcndet oder betreibt, k\u00f6nnte sich entscheiden, ob er das nach dem Recht seines Heimatlandes macht &#8211; oder nach dem neuen EU-Regime. Das ist \u00e4hnlich, als w\u00fcrde man zu einem Auto mit 27 verschiedenen Motorvarianten pl\u00f6tzlich noch eine 28. Motoroption hinzuf\u00fcgen. Sie ist vorhanden, wenn man sie m\u00f6chte, aber niemand wird gezwungen, sie zu w\u00e4hlen.<\/p>\n<p>Die Hoffnung: einheitlichere Prozesse, weniger B\u00fcrokratie, schnellere Abl\u00e4ufe und weniger Reibungspunkte zwischen den EU-L\u00e4ndern. Die Kritik: Ein \u201eParallelrecht\u201c, das irgendwann st\u00e4rker werden k\u00f6nnte als die nationalen Systeme.<\/p>\n<h3>Warum die EU das plant &#8211; und was sie sich davon erhofft<\/h3>\n<p>Europa wirkt nach au\u00dfen wie ein gro\u00dfer Wirtschaftsraum, aber im Inneren funktioniert vieles noch wie ein Flickenteppich. Wer in Frankreich gr\u00fcndet, erlebt ganz andere Verfahren als jemand in Schweden oder Portugal. F\u00fcr Unternehmen, die europaweit expandieren wollen, bedeutet das: mehr Zeit, mehr Kosten, mehr juristische Unsicherheiten.<\/p>\n<p>Die EU m\u00f6chte dieses Problem l\u00f6sen, indem sie ein einziges Regelbuch anbietet, das sofort in allen Mitgliedsstaaten gilt. Keine \u00dcbersetzungsprobleme, keine unterschiedlichen Formulare, keine widerspr\u00fcchlichen Haftungsmodelle mehr. Vor allem die Tech-Branche begr\u00fc\u00dft diese Idee, weil sie schneller wachsen und Investoren leichter ins Boot holen k\u00f6nnte.<\/p>\n<p>Hinter all dem steckt aber auch ein gr\u00f6\u00dferer Traum: Die EU m\u00f6chte im globalen Wettbewerb mit den USA und China wieder Boden gutmachen. Beide L\u00e4nder haben einheitliche M\u00e4rkte, w\u00e4hrend Europa oft in sich selbst stecken bleibt. Das 28. Regime soll diese Blockade durchbrechen &#8211; zumindest aus Sicht der Bef\u00fcrworter.<\/p>\n<h3>Wo das Projekt heute steht &#8211; und wohin es sich entwickelt<\/h3>\n<p>Aktuell (Stand Ende 2025) befindet sich das 28. Regime noch in der Vorbereitungsphase. Die EU-Kommission hat ihre <a href=\"https:\/\/verfassungsblog.de\/28th-regime_company-law\" target=\"_blank\" rel=\"noopener\"><strong>Konsultation<\/strong><\/a> abgeschlossen und bereitet nun einen Gesetzesvorschlag vor. Dieser soll voraussichtlich 2026 ver\u00f6ffentlicht werden. Erst danach beginnt der eigentliche politische Prozess: Verhandlungen, Kritikrunden, Anpassungen, Abstimmungen. Was aber bereits absehbar ist:<\/p>\n<ul>\n<li>Die Kommission will ein digitales, EU-weites Unternehmensregister schaffen.<\/li>\n<li>Gr\u00fcndungen sollen innerhalb von 24 Stunden m\u00f6glich sein.<\/li>\n<li>Die Regeln f\u00fcr Kapital, Investoren und Unternehmensf\u00fchrung sollen vereinheitlicht werden.<\/li>\n<li>Die Steuerfrage bleibt offiziell ausgeklammert &#8211; steht aber <a href=\"https:\/\/www.datev-magazin.de\/nachrichten-steuern-recht\/steuern\/eine-28-rechtsordnung-zur-eu-unternehmensbesteuerung-137867\" target=\"_blank\" rel=\"noopener\"><strong>wie ein \u201eSchatten\u201c<\/strong><\/a> \u00fcber dem Projekt, weil sie langfristig kaum zu umgehen ist.<\/li>\n<\/ul>\n<p>In der heutigen Form ist das 28. Regime also kein fertiges Produkt, sondern ein Bauplan. Aber es ist ein Bauplan, der schon sehr konkrete Umrisse hat und der in den n\u00e4chsten Jahren eine enorme Bedeutung entwickeln k\u00f6nnte. Genau deshalb lohnt es sich, jetzt zu verstehen, worum es dabei geht, bevor die Details endg\u00fcltig festgezurrt werden.<\/p>\n<h3>Warum flexible ERP-Systeme k\u00fcnftig wichtiger werden<\/h3>\n<p><a href=\"https:\/\/www.markus-schall.de\/erp-software\/\"><img loading=\"lazy\" decoding=\"async\" class=\"alignright size-medium wp-image-3182\" src=\"https:\/\/www.markus-schall.de\/wp-content\/uploads\/ERP-Software-300x200.jpg\" alt=\"ERP-Software\" width=\"300\" height=\"200\" srcset=\"https:\/\/www.markus-schall.de\/wp-content\/uploads\/ERP-Software-300x200.jpg 300w, https:\/\/www.markus-schall.de\/wp-content\/uploads\/ERP-Software-768x512.jpg 768w, https:\/\/www.markus-schall.de\/wp-content\/uploads\/ERP-Software-18x12.jpg 18w, https:\/\/www.markus-schall.de\/wp-content\/uploads\/ERP-Software.jpg 1024w\" sizes=\"auto, (max-width: 300px) 100vw, 300px\" \/><\/a>Je st\u00e4rker sich Unternehmensstrukturen in Europa ver\u00e4ndern, desto wichtiger werden flexible und anpassbare ERP-Systeme. Genau hier setzt gFM-Business an &#8211; eine FileMaker-basierte <a href=\"https:\/\/www.markus-schall.de\/erp-software\/\"><strong>ERP-L\u00f6sung<\/strong><\/a>, die speziell f\u00fcr kleine und mittelst\u00e4ndische Unternehmen entwickelt wurde. W\u00e4hrend gro\u00dfe Konzerne oft auf schwerf\u00e4llige Standardsysteme setzen, erm\u00f6glicht gFM-Business individuelle Prozesse, schnelle Anpassungen und eine deutlich direktere Kontrolle \u00fcber die eigenen Daten und Abl\u00e4ufe. Gerade in einer Zeit, in der sich gesetzliche Rahmenbedingungen, digitale Schnittstellen und internationale Anforderungen immer schneller ver\u00e4ndern, kann diese Flexibilit\u00e4t ein entscheidender Vorteil sein.<\/p>\n<p>Gleichzeitig bleibt die L\u00f6sung bewusst praxisnah: Angebote, Rechnungen, Lagerverwaltung, CRM, E-Rechnungen, Webshop-Anbindungen oder individuelle Sonderprozesse lassen sich zentral verwalten und erweitern. Besonders interessant wird das f\u00fcr Unternehmen, die k\u00fcnftig europaweit digitaler arbeiten wollen, ohne sich sofort in teure Konzernstrukturen oder starre Cloud-Abh\u00e4ngigkeiten zu begeben.<\/p>\n<h2>Was w\u00fcrde sich konkret \u00e4ndern?<\/h2>\n<p>Wenn man \u00fcber das 28. Regime spricht, wirkt vieles auf den ersten Blick abstrakt. \u201eEin neues EU-Regelwerk f\u00fcr Unternehmen\u201c klingt gro\u00df, aber was hei\u00dft das eigentlich im Alltag? Was w\u00fcrde ein Unternehmer anders machen? Was w\u00e4re einfacher, was w\u00fcrde wegfallen, und wo entstehen neue Abh\u00e4ngigkeiten? Um diese Fragen verst\u00e4ndlich zu beantworten, lohnt sich ein vorsichtiger Blick auf die Bausteine, die sich heute schon abzeichnen &#8211; auch wenn das endg\u00fcltige Gesetz noch nicht vorliegt.<\/p>\n<p>Im Kern dreht sich das 28. Regime um einen einzigen Gedanken: Man gr\u00fcndet eine Firma einmal &#8211; und kann dann in allen EU-L\u00e4ndern arbeiten, ohne \u00fcberall neue Regeln lernen zu m\u00fcssen. Genau daf\u00fcr soll es einheitliche Gr\u00fcndungsverfahren, zentrale digitale Register und klare EU-weite Regeln geben. Doch so einfach diese Idee klingt, so weitreichend sind die Folgen.<\/p>\n<h3>Einheitliche Regeln bei Gr\u00fcndung und Verwaltung<\/h3>\n<p>Heute ist es so: Wer eine Firma in Deutschland gr\u00fcndet, macht das nach deutschem Recht. Wer in \u00d6sterreich oder Italien gr\u00fcndet, muss sich an deren Verfahren halten. In jedem Land gibt es eigene Formulare, eigene Fristen, eigene Beh\u00f6rden und oft auch unterschiedliche Anforderungen an Kapital, Gesch\u00e4ftsf\u00fchrung und Haftung.<\/p>\n<p>Das 28. Regime w\u00fcrde diesen Flickenteppich umgehen. Man k\u00f6nnte &#8211; unabh\u00e4ngig vom Wohnsitz &#8211; eine EU-Unternehmensform w\u00e4hlen und damit automatisch in allen Mitgliedsstaaten g\u00fcltig sein. Eine Art \u201eeurop\u00e4ischer Standard\u201c, der \u00fcberall gleich funktioniert. Das bedeutet konkret:<\/p>\n<ul>\n<li>Eine einzige Satzung statt 27 verschiedenen Varianten.<\/li>\n<li>Einheitliche Haftungsregeln.<\/li>\n<li>Einheitliche Regeln f\u00fcr die Gesch\u00e4ftsf\u00fchrung.<\/li>\n<li>Einheitliche Vorschriften f\u00fcr Transparenz und Buchhaltung.<\/li>\n<\/ul>\n<p>Das w\u00e4re f\u00fcr viele junge Unternehmen ein enormer Vorteil, weil sie nicht mehr alle paar Monate neue juristische Strukturen lernen m\u00fcssten. Gleichzeitig entsteht damit aber auch ein Parallel-System zu den nationalen Unternehmensformen &#8211; und genau hier setzen sp\u00e4ter einige Kritikpunkte an.<\/p>\n<h3>Ein digitales EU-Unternehmensregister<\/h3>\n<p>Ein zweiter zentraler Baustein ist die Digitalisierung. Die EU m\u00f6chte ein zentrales Register schaffen, in dem alle Firmen des 28. Regimes gef\u00fchrt werden &#8211; unabh\u00e4ngig davon, wo die Gr\u00fcnder sitzen oder Gesch\u00e4ftst\u00e4tigkeit betreiben. Das w\u00e4re eine gro\u00dfe Ver\u00e4nderung, denn heute werden Unternehmen ausschlie\u00dflich in nationalen Registern gef\u00fchrt. Geplant ist:<\/p>\n<ul>\n<li>100 % digitale Gr\u00fcndung, ohne Notar, ohne Ortsbesuch.<\/li>\n<li>Registrierung innerhalb von 24 Stunden.<\/li>\n<li>Einheitliche Dokumente, die f\u00fcr alle L\u00e4nder gelten.<\/li>\n<li>Ein EU-weites Suchsystem, das alle Daten einer Firma abrufbar macht.<\/li>\n<\/ul>\n<p>Man k\u00f6nnte es sich wie eine Art \u201eeurop\u00e4isches Handelsregister\u201c vorstellen, das technisch viel moderner w\u00e4re als viele der heutigen nationalen Systeme. Das h\u00e4tte Vorteile in Sachen Geschwindigkeit und Transparenz. Gleichzeitig w\u00fcrde es bedeuten, dass die EU eine Rolle \u00fcbernimmt, die bisher in der Verantwortung einzelner L\u00e4nder lag. F\u00fcr Unternehmen w\u00e4re das bequem. F\u00fcr Staaten bedeutet es, dass sie einen Teil ihrer Kontrolle abgeben m\u00fcssen.<\/p>\n<h3>Einheitliche Regeln f\u00fcr Kapital, Investoren und Beteiligungen<\/h3>\n<p>Dieser Punkt ist vielen nicht bewusst, ist aber extrem wichtig: Einer der Hauptgr\u00fcnde f\u00fcr das 28. Regime ist die Kapitalfrage. In Europa ist es bisher schwierig, Investoren aus verschiedenen L\u00e4ndern unter einen Hut zu bringen. Jedes Land hat eigene Regeln f\u00fcr Beteiligungen, f\u00fcr Mitarbeiteraktien, f\u00fcr Start-up-Anteile oder f\u00fcr Wandeldarlehen. Gro\u00dfe Investoren aus den USA oder Asien sch\u00fctteln dar\u00fcber regelm\u00e4\u00dfig den Kopf. Das 28. Regime soll damit Schluss machen &#8211; zumindest in der Theorie. Geplant ist:<\/p>\n<ul>\n<li>einheitliche Regeln, wie Investoren beteiligt werden,<\/li>\n<li>vereinfachte Mitarbeiterbeteiligungen (ESOPs),<\/li>\n<li>klare und europaweit g\u00fcltige Kapitalvorgaben,<\/li>\n<li>leichterer Zugang zu Risikokapital.<\/li>\n<\/ul>\n<p>Damit w\u00fcrde Europa f\u00fcr Tech-Firmen attraktiver, die heute oft ins Ausland ausweichen, weil der EU-Markt zu kleinteilig ist. Genau deshalb unterst\u00fctzen viele Start-up-Verb\u00e4nde dieses Projekt.<\/p>\n<p>Die Kehrseite: Einheitliche Regeln bedeuten immer auch, dass nationale Besonderheiten verschwinden &#8211; und damit auch gewisse Schutzmechanismen oder Traditionen. Das wird sp\u00e4ter bei der Kritik eine Rolle spielen.<\/p>\n<h3>Die offene Baustelle: Steuern &#8211; offiziell ausgeklammert, praktisch unvermeidbar<\/h3>\n<p>Einer der spannendsten Punkte ist die Steuerfrage. Offiziell sagt die EU:<\/p>\n<blockquote><p><em>\u201eSteuern bleiben nationale Angelegenheit. Das 28. Regime hat damit nichts zu tun.\u201c<\/em><\/p><\/blockquote>\n<p>Das klingt beruhigend. Aber in der Praxis sieht es komplizierter aus. Denn wenn Firmen eine EU-Rechtsform w\u00e4hlen und europaweit t\u00e4tig sind, stellt sich automatisch die Frage: Nach welchem System werden Gewinne und Verluste verteilt? Wer bekommt die Steuern? Und wie verhindert man, dass Firmen das System nutzen, um Steuern zu sparen oder Staaten gegeneinander auszuspielen? Das bedeutet:<\/p>\n<p>Kurzfristig wird das Steuerrecht wahrscheinlich wirklich au\u00dfen vor bleiben. Langfristig jedoch f\u00fchrt kein Weg daran vorbei, bestimmte Regeln zu harmonisieren &#8211; weil sonst das gesamte Modell instabil bleibt. Viele Fachleute sagen deshalb:<\/p>\n<p>Steuern sind nicht im 28. Regime drin, aber sie laufen als Schatten mit &#8211; und k\u00f6nnten sp\u00e4ter als eigener Baustein folgen. Damit w\u00e4re das 28. Regime nicht nur eine Unternehmensform, sondern ein Schritt hin zu einem eigenen wirtschaftlichen EU-Raum. Genau das macht viele Beobachter hellh\u00f6rig &#8211; und das wird in den sp\u00e4teren Kapiteln noch eine zentrale Rolle spielen.<\/p>\n<div class=\"lyte-wrapper\" style=\"width:640px;max-width:100%;margin:5px;\"><div class=\"lyMe\" id=\"WYL_JUrPHf4yVPQ\"><div id=\"lyte_JUrPHf4yVPQ\" data-src=\"https:\/\/www.markus-schall.de\/wp-content\/plugins\/wp-youtube-lyte\/lyteCache.php?origThumbUrl=%2F%2Fi.ytimg.com%2Fvi%2FJUrPHf4yVPQ%2Fhqdefault.jpg\" class=\"pL\"><div class=\"tC\"><div class=\"tT\"><\/div><\/div><div class=\"play\"><\/div><div class=\"ctrl\"><div class=\"Lctrl\"><\/div><div class=\"Rctrl\"><\/div><\/div><\/div><noscript><a href=\"https:\/\/youtu.be\/JUrPHf4yVPQ\" rel=\"nofollow noopener\" target=\"_blank\"><img loading=\"lazy\" decoding=\"async\" src=\"https:\/\/www.markus-schall.de\/wp-content\/plugins\/wp-youtube-lyte\/lyteCache.php?origThumbUrl=https%3A%2F%2Fi.ytimg.com%2Fvi%2FJUrPHf4yVPQ%2F0.jpg\" alt=\"YouTube video thumbnail\" width=\"640\" height=\"340\" \/><br \/>Watch this video on YouTube<\/a><\/noscript><\/div><\/div><div class=\"lL\" style=\"max-width:100%;width:640px;margin:5px;\"><\/div><br \/>\nThe 28th Regime! Von der Leyen debates at WEF Davos 2025 | <a href=\"https:\/\/www.youtube.com\/@EUdebatesLIVE\" target=\"_blank\" rel=\"noopener\">EU Debates<\/a><\/p>\n<h2>Die angeblichen Vorteile: Was Bef\u00fcrworter sagen<\/h2>\n<p>Wenn man den Bef\u00fcrwortern zuh\u00f6rt, k\u00f6nnte man fast glauben, die EU habe endlich den Stein der Weisen gefunden. In ihren Augen l\u00f6st das 28. Regime gleich mehrere Probleme auf einmal, die Europa seit Jahren bremsen. Sie sehen darin eine Art \u201eTurbo-Kur\u201c f\u00fcr den europ\u00e4ischen Wirtschaftsraum &#8211; vor allem f\u00fcr junge, schnell wachsende Unternehmen. Und manche sprechen sogar von der ersten echten europ\u00e4ischen Unternehmensform, die diesen Namen verdient.<\/p>\n<p>Damit man versteht, warum die Euphorie so gro\u00df ist, lohnt sich ein Blick auf die wichtigsten Argumente.<\/p>\n<h3>1. Weniger B\u00fcrokratie &#8211; ein einheitliches Regelbuch f\u00fcr ganz Europa<\/h3>\n<p>Der gr\u00f6\u00dfte Vorteil aus Sicht der Bef\u00fcrworter ist die Entb\u00fcrokratisierung. Heute muss eine Firma, die in mehreren EU-L\u00e4ndern arbeiten m\u00f6chte, jedes Mal ein neues Kapitel an Regeln lernen. Genau das soll das 28. Regime abschaffen. Die Idee dahinter ist charmant: Einmal gr\u00fcnden, einmal Regeln verstehen, und dann in allen L\u00e4ndern gleich arbeiten k\u00f6nnen.<\/p>\n<p>Vor allem internationale Start-ups und digitale Unternehmen sollen dadurch Zeit und Geld sparen. Was heute oft Monate dauert, k\u00f6nnte k\u00fcnftig innerhalb weniger Tage funktionieren. F\u00fcr manche ist das schlicht \u00fcberf\u00e4llig.<\/p>\n<h3>2. Schnellere Gr\u00fcndungen und ein moderner digitaler Rahmen<\/h3>\n<p>Ein weiterer Vorteil ist die Geschwindigkeit. Die EU bewirbt das 28. Regime mit dem Versprechen, dass Gr\u00fcndungen innerhalb von 24 Stunden m\u00f6glich sein sollen. Und zwar komplett digital &#8211; ohne Notar, ohne Papierstapel, ohne Beh\u00f6rdeng\u00e4nge. Bef\u00fcrworter sagen:<\/p>\n<blockquote><p><em>\u201eWenn man in den USA eine Firma innerhalb von wenigen Minuten online registrieren kann, warum sollte das in Europa nicht gehen?\u201c<\/em><\/p><\/blockquote>\n<p>Das 28. Regime w\u00e4re also auch eine Modernisierung des europ\u00e4ischen Verwaltungsapparats. F\u00fcr viele wirkt das endlich wie ein Anschluss an die heutige Zeit.<\/p>\n<h3>3. Europa konkurrenzf\u00e4higer machen<\/h3>\n<p>Ein weiterer zentraler Punkt ist die globale Konkurrenzf\u00e4higkeit. Europa ist wirtschaftlich stark &#8211; aber oft schwerf\u00e4llig. Junge Unternehmen klagen dar\u00fcber, dass sie viel Zeit verlieren, weil jedes Land andere Regeln hat. In den USA oder China ist das anders: ein Gesetzbuch, ein Markt, ein Wachstumsmodell. Bef\u00fcrworter sagen daher:<\/p>\n<blockquote><p><em>\u201eWir brauchen ein europ\u00e4isches Gegenst\u00fcck, sonst verlieren wir im globalen Wettbewerb den Anschluss.\u201c<\/em><\/p><\/blockquote>\n<p>Das 28. Regime soll helfen, dass europ\u00e4ische Unternehmen schneller wachsen, leichter Investoren finden und im Wettbewerb nicht mehr so stark ausgebremst werden.<\/p>\n<h3>4. Erleichterter Zugang zu Kapital und einheitliche Investoren-Regeln<\/h3>\n<p>Ein ganz gro\u00dfer Punkt ist die Kapitalfrage. Investoren scheuen den europ\u00e4ischen Flickenteppich. Sie wollen klare Regeln, die \u00fcberall gelten &#8211; und nicht 27 nationale Systeme, die schwer miteinander kombinierbar sind. Mit dem 28. Regime g\u00e4be es:<\/p>\n<ul>\n<li>einheitliche Beteiligungsmodelle,<\/li>\n<li>einheitliche Mitarbeiteraktien-Programme,<\/li>\n<li>klarere Haftungsregeln,<\/li>\n<li>und ein Regelwerk, das Investoren kennen und einsch\u00e4tzen k\u00f6nnen.<\/li>\n<\/ul>\n<p>F\u00fcr junge Tech-Unternehmen w\u00e4re das ein enormer Vorteil. Viele Bef\u00fcrworter sehen im 28. Regime deshalb eine Art \u201eTurbo f\u00fcr Innovation\u201c. Ob das stimmt, wird man erst sehen. Aber die Hoffnung ist gro\u00df.<\/p>\n<h3>5. Der Binnenmarkt wird endlich ein echter Binnenmarkt<\/h3>\n<p>Ganz einfach gesagt: Der Binnenmarkt existiert zwar auf dem Papier, aber im Alltag arbeiten Firmen oft immer noch wie in 27 kleinen L\u00e4ndern. Ein einheitliches EU-Unternehmensrecht w\u00fcrde viele dieser Grenzen zumindest im Wirtschaftsbereich aufl\u00f6sen. F\u00fcr manche ist das der l\u00e4ngst f\u00e4llige Schritt hin zu einem funktionierenden Markt, der seinen Namen verdient.<\/p>\n<hr \/>\n<h3>Aktuelle Umfrage zum geplanten Digitalen Euro<\/h3>\n<div class='bootstrap-yop yop-poll-mc'>\n\t\t\t\t\t\t\t<div class=\"basic-yop-poll-container\" style=\"background-color:#ffffff; border:0px; border-style:solid; border-color:#000000; border-radius:5px; padding:0px 5px;\" data-id=\"7\" data-temp=\"basic-pretty\" data-skin=\"square\" data-cscheme=\"blue\" data-cap=\"0\" data-access=\"guest\" data-tid=\"\" data-uid=\"167873c5cb7bcb29c64cb55e5b2b2225\" data-pid=\"4729\" data-resdet=\"votes-number,percentages\" data-show-results-to=\"guest\" data-show-results-moment=\"after-vote\" data-show-results-only=\"false\" data-show-message=\"true\" data-show-results-as=\"bar\" data-sort-results-by=\"as-defined\" data-sort-results-rule=\"asc\"data-is-ended=\"0\" data-percentages-decimals=\"2\" data-gdpr=\"no\" data-gdpr-sol=\"consent\" data-css=\".basic-yop-poll-container[data-uid] .basic-vote {\n\t\t\t\t\t\t\t\t\ttext-align: center;\n\t\t\t\t\t\t\t\t}\" data-counter=\"0\" data-load-with=\"1\" data-notification-section=\"top\"><div class=\"row\"><div class=\"col-md-12\"><div class=\"basic-inner\"><div class=\"basic-message hide\" style=\"border-left: 10px solid #008000; padding: 0px 10px;\" data-error=\"#ff0000\" data-success=\"#008000\"><p class=\"basic-message-text\" style=\"color:#000000; font-size:14px; font-weight:normal;\"><\/p><\/div><div class=\"basic-overlay hide\"><div class=\"basic-vote-options\"><\/div><div class=\"basic-preloader\"><div class=\"basic-windows8\"><div class=\"basic-wBall basic-wBall_1\"><div class=\"basic-wInnerBall\"><\/div><\/div><div class=\"basic-wBall basic-wBall_2\"><div class=\"basic-wInnerBall\"><\/div><\/div><div class=\"basic-wBall basic-wBall_3\"><div class=\"basic-wInnerBall\"><\/div><\/div><div class=\"basic-wBall basic-wBall_4\"><div class=\"basic-wInnerBall\"><\/div><\/div><div class=\"basic-wBall basic-wBall_5\"><div class=\"basic-wInnerBall\"><\/div><\/div><\/div><\/div><\/div><form class=\"basic-form\"><input type=\"hidden\" name=\"_token\" value=\"0b5e69054a\" autocomplete=\"off\"><div class=\"basic-elements\"><div class=\"basic-element basic-question basic-question-text-vertical\" data-id=\"7\" data-uid=\"d976c7c442a5f4d6e47b31d78d535b43\" data-type=\"question\" data-question-type=\"text\" data-required=\"yes\" data-allow-multiple=\"no\" data-min=\"1\" data-max=\"7\" data-display=\"vertical\" data-colnum=\"\" data-display-others=\"no\" data-others-color=\"\" data-others=\"\" data-others-max-chars=\"0\"><div class=\"basic-question-title\"><h5 style=\"color:#000000; font-size:16px; font-weight:normal; text-align:left;\">Wie stehst Du zur geplanten Einf\u00fchrung des digitalen Euro?<\/h5><\/div><ul class=\"basic-answers\"><li class=\"basic-answer\" style=\"padding:0px 0px;\" data-id=\"31\" data-type=\"text\" data-vn=\"3\" data-color=\"#000000\" data-make-link=\"no\" data-link=\"\"><div class=\"basic-answer-content basic-text-vertical\"><label for=\"answer[31]\" class=\"basic-answer-label\"><input type=\"radio\" id=\"answer[31]\" name=\"answer[7]\" value=\"31\"><span class=\"basic-text\" style=\"color: #000000; font-size: 14px; font-weight: normal;\">Gut \u2013 das ist ein logischer Schritt in der Digitalisierung<\/span><\/label><\/div><\/li><li class=\"basic-answer\" style=\"padding:0px 0px;\" data-id=\"32\" data-type=\"text\" data-vn=\"9\" data-color=\"#000000\" data-make-link=\"no\" data-link=\"\"><div class=\"basic-answer-content basic-text-vertical\"><label for=\"answer[32]\" class=\"basic-answer-label\"><input type=\"radio\" id=\"answer[32]\" name=\"answer[7]\" value=\"32\"><span class=\"basic-text\" style=\"color: #000000; font-size: 14px; font-weight: normal;\">Neutral \u2013 solange Bargeld erhalten bleibt<\/span><\/label><\/div><\/li><li class=\"basic-answer\" style=\"padding:0px 0px;\" data-id=\"33\" data-type=\"text\" data-vn=\"22\" data-color=\"#000000\" data-make-link=\"no\" data-link=\"\"><div class=\"basic-answer-content basic-text-vertical\"><label for=\"answer[33]\" class=\"basic-answer-label\"><input type=\"radio\" id=\"answer[33]\" name=\"answer[7]\" value=\"33\"><span class=\"basic-text\" style=\"color: #000000; font-size: 14px; font-weight: normal;\">Kritisch \u2013 ich sehe Risiken f\u00fcr Kontrolle und \u00dcberwachung<\/span><\/label><\/div><\/li><li class=\"basic-answer\" style=\"padding:0px 0px;\" data-id=\"34\" data-type=\"text\" data-vn=\"86\" data-color=\"#000000\" data-make-link=\"no\" data-link=\"\"><div class=\"basic-answer-content basic-text-vertical\"><label for=\"answer[34]\" class=\"basic-answer-label\"><input type=\"radio\" id=\"answer[34]\" name=\"answer[7]\" value=\"34\"><span class=\"basic-text\" style=\"color: #000000; font-size: 14px; font-weight: normal;\">Ablehnend \u2013 ich lehne digitale Zentralbankw\u00e4hrungen ab<\/span><\/label><\/div><\/li><li class=\"basic-answer\" style=\"padding:0px 0px;\" data-id=\"35\" data-type=\"text\" data-vn=\"2\" data-color=\"#000000\" data-make-link=\"no\" data-link=\"\"><div class=\"basic-answer-content basic-text-vertical\"><label for=\"answer[35]\" class=\"basic-answer-label\"><input type=\"radio\" id=\"answer[35]\" name=\"answer[7]\" value=\"35\"><span class=\"basic-text\" style=\"color: #000000; font-size: 14px; font-weight: normal;\">Ich wei\u00df zu wenig dar\u00fcber<\/span><\/label><\/div><\/li><\/ul><\/div><div class=\"clearfix\"><\/div><\/div><div class=\"basic-vote\"><a href=\"#\" class=\"button basic-vote-button\" role=\"button\" style=\"background:#027bb8; border:0px; border-style: solid; border-color:#000000; border-radius:5px; padding:10px 10px; color:#ffffff; font-size:14px; font-weight:normal;\">Abstimmen<\/a><\/div><\/form><\/div><\/div><\/div><\/div>\n\t\t\t\t\t\t<\/div>\n<hr \/>\n<h2>Die Risiken und Kritikpunkte: Was Kritiker sagen<\/h2>\n<p>So begeistert die Bef\u00fcrworter sind, so skeptisch sind andere. Kritiker sehen im 28. Regime weniger eine Chance, sondern eher ein Risiko &#8211; f\u00fcr nationale Standards, f\u00fcr die Demokratie und f\u00fcr die wirtschaftliche Stabilit\u00e4t einzelner Staaten. Einige Beobachter gehen sogar so weit zu sagen, dass das 28. Regime die Machtverh\u00e4ltnisse in Europa dauerhaft verschieben k\u00f6nnte &#8211; weg von den Nationalstaaten, hin zu einer schwer kontrollierbaren EU-Ebene.<\/p>\n<p>Um das Bild nicht zu verzerren, fassen wir die wichtigsten Kritikpunkte sachlich und ruhig zusammen.<\/p>\n<h3>1. Aush\u00f6hlung nationaler Regeln und Schutzstandards<\/h3>\n<p>Einer der gr\u00f6\u00dften Kritikpunkte lautet: Wenn Unternehmen zwischen dem nationalen Recht und dem 28. Regime w\u00e4hlen k\u00f6nnen, entsteht ein Wettbewerb der Rechtsordnungen. Unternehmen w\u00fcrden sich m\u00f6glicherweise f\u00fcr das System entscheiden, das weniger Auflagen, weniger Kosten oder weniger Arbeitnehmerrechte enth\u00e4lt. Die Sorge ist:<\/p>\n<ul>\n<li>nationale Standards k\u00f6nnten \u201eunter Druck\u201c geraten,<\/li>\n<li>strengere Regelungen k\u00f6nnten ausgeh\u00f6hlt werden,<\/li>\n<li>und Staaten m\u00fcssten sich anpassen, um nicht an Attraktivit\u00e4t zu verlieren.<\/li>\n<\/ul>\n<p>Das ist kein plattes Horrorszenario, sondern eine realistische Konsequenz, wenn zwei Regelwerke nebeneinander bestehen.<\/p>\n<h3>2. Weniger demokratische Kontrolle &#8211; Entscheidungen wandern nach Br\u00fcssel<\/h3>\n<p>Ein weiteres gro\u00dfes Thema ist der Demokratieverlust. Wenn Unternehmensregeln zunehmend auf EU-Ebene festgelegt werden, haben nationale Parlamente weniger Einfluss. Das schafft eine gr\u00f6\u00dfere Distanz zwischen Politik und B\u00fcrgern. Kritiker sagen deshalb:<\/p>\n<blockquote><p><em>\u201eDas Recht wandert weg von den Menschen, die es betrifft.\u201c<\/em><\/p><\/blockquote>\n<p>Auch wenn die EU-Institutionen demokratisch legitimiert sind, empfinden viele B\u00fcrger sie als schwer erreichbar und noch schwerer kontrollierbar. Ein EU-Rechtsrahmen, der wichtiger wird als nationale Gesetze, verst\u00e4rkt diesen Effekt.<\/p>\n<h3>3. Die Steuerfrage als schwelende Zeitbombe<\/h3>\n<p>Offiziell spielt die Steuerfrage beim 28. Regime keine Rolle. Doch Kritiker halten das f\u00fcr Augenwischerei. Denn sobald es eine einheitliche EU-Unternehmensform gibt, stellt sich automatisch die Frage: Wer bekommt die Unternehmenssteuern? Wenn Unternehmen europaweit t\u00e4tig sind, gen\u00fcgt ein einziges EU-Regime nicht &#8211; man braucht auch Regeln zur Verteilung von Gewinnen, Verlusten und Steuerlast. Viele Experten warnen:<\/p>\n<blockquote><p><em>\u201eDas 28. Regime k\u00f6nnte ein Einstieg in ein EU-Steuersystem werden.\u201c<\/em><\/p><\/blockquote>\n<p>Nicht sofort, aber als logische Folge. Und das w\u00fcrde tief in die nationale Souver\u00e4nit\u00e4t eingreifen. Manche nennen es deshalb eine \u201eSprungstelle\u201c, \u00fcber die sp\u00e4ter schrittweise eine EU-Steuer harmonisiert werden k\u00f6nnte &#8211; nicht per Zwang, aber durch \u201etechnische Notwendigkeiten\u201c.<\/p>\n<h3>4. Gefahr einer Zwei-Klassen-Wirtschaft<\/h3>\n<p>Kritiker f\u00fcrchten, dass das 28. Regime vor allem den gro\u00dfen, international aktiven Unternehmen n\u00fctzt &#8211; w\u00e4hrend kleine und mittlere Betriebe im nationalen Recht stecken bleiben. Das k\u00f6nnte bedeuten:<\/p>\n<ul>\n<li><strong>gro\u00dfe Firmen<\/strong>: modern, schnell, digital, EU-Rechtsraum<\/li>\n<li><strong>kleine Firmen<\/strong>: altmodischere nationale Regeln, h\u00f6here Kosten, mehr B\u00fcrokratie<\/li>\n<\/ul>\n<p>Damit w\u00fcrde sich das Gef\u00e4lle zwischen Branchen und Unternehmensgr\u00f6\u00dfen weiter vergr\u00f6\u00dfern. Gerade der traditionelle Mittelstand sieht diese Entwicklung kritisch.<\/p>\n<h3>5. Ein paralleles System, das irgendwann dominiert<\/h3>\n<p>Der vielleicht grundlegendste Vorwurf lautet: Das 28. Regime schafft ein paralleles europ\u00e4isches Rechtssystem, das irgendwann so attraktiv werden k\u00f6nnte, dass nationale Rechtsordnungen an Bedeutung verlieren. Dann w\u00e4re die EU zwar weiterhin kein Staat im klassischen Sinn &#8211; aber wirtschaftlich entst\u00fcnde ein Raum, der sich sehr \u00e4hnlich anf\u00fchlt. Kritiker sagen daher:<\/p>\n<blockquote><p><em>\u201eDas 28. Regime ist nicht nur ein Werkzeug. Es ist ein Machtverschiebungsprojekt.\u201c<\/em><\/p><\/blockquote>\n<p>Ob das so kommt oder nicht, h\u00e4ngt von vielen Details ab. Aber allein die M\u00f6glichkeit macht viele Menschen hellh\u00f6rig.<\/p>\n<div style=\"overflow-x: auto;\">\n<table style=\"width: 100%; border-collapse: collapse; font-family: Arial, sans-serif;\">\n<thead>\n<tr style=\"background-color: #e6e6e6;\">\n<th style=\"border: 1px solid #ccc; padding: 12px; text-align: left;\">Bef\u00fcrworter<\/th>\n<th style=\"border: 1px solid #ccc; padding: 12px; text-align: left;\">Kritiker<\/th>\n<\/tr>\n<\/thead>\n<tbody>\n<tr>\n<td style=\"border: 1px solid #ccc; padding: 12px;\">Einheitliche Regeln in der gesamten EU erleichtern Gr\u00fcndungen und reduzieren B\u00fcrokratie.<\/td>\n<td style=\"border: 1px solid #ccc; padding: 12px;\">Parallele Rechtsordnung kann nationale Schutzstandards aush\u00f6hlen und Staaten unter Druck setzen.<\/td>\n<\/tr>\n<tr>\n<td style=\"border: 1px solid #ccc; padding: 12px;\">Gr\u00fcndungen sollen digital und innerhalb von 24 Stunden m\u00f6glich sein &#8211; ein moderner EU-Standard.<\/td>\n<td style=\"border: 1px solid #ccc; padding: 12px;\">Schnellere Verfahren bedeuten auch weniger Kontrolle und k\u00f6nnen zu Schlupfl\u00f6chern f\u00fchren.<\/td>\n<\/tr>\n<tr>\n<td style=\"border: 1px solid #ccc; padding: 12px;\">Mehr Attraktivit\u00e4t f\u00fcr Investoren durch einheitliche Beteiligungs- und Kapitalregeln.<\/td>\n<td style=\"border: 1px solid #ccc; padding: 12px;\">Gro\u00dfe Firmen profitieren st\u00e4rker als kleine Unternehmen &#8211; Gefahr einer Zwei-Klassen-Wirtschaft.<\/td>\n<\/tr>\n<tr>\n<td style=\"border: 1px solid #ccc; padding: 12px;\">Europa wird global wettbewerbsf\u00e4higer und kann sich besser gegen\u00fcber USA und China behaupten.<\/td>\n<td style=\"border: 1px solid #ccc; padding: 12px;\">Nationale Parlamente verlieren Einfluss, Entscheidungen wandern weiter nach Br\u00fcssel.<\/td>\n<\/tr>\n<tr>\n<td style=\"border: 1px solid #ccc; padding: 12px;\">Der Binnenmarkt wird einfacher: ein Regelwerk statt 27 verschiedener Systeme.<\/td>\n<td style=\"border: 1px solid #ccc; padding: 12px;\">Einheitliche Regeln zerst\u00f6ren nationale Unterschiede, die historisch gewachsene Vorteile haben.<\/td>\n<\/tr>\n<tr>\n<td style=\"border: 1px solid #ccc; padding: 12px;\">Neues EU-Register schafft Transparenz und digitale Effizienz.<\/td>\n<td style=\"border: 1px solid #ccc; padding: 12px;\">Zentrales EU-Register bedeutet Machtverschiebung von nationalen Beh\u00f6rden zur EU-Ebene.<\/td>\n<\/tr>\n<tr>\n<td style=\"border: 1px solid #ccc; padding: 12px;\">Offiziell bleiben Steuern national geregelt &#8211; das schafft Planungssicherheit.<\/td>\n<td style=\"border: 1px solid #ccc; padding: 12px;\">Kritiker sehen das Steuer-Thema als \u201eZeitbombe\u201c, weil langfristig ein EU-Steuersystem drohen k\u00f6nnte.<\/td>\n<\/tr>\n<tr>\n<td style=\"border: 1px solid #ccc; padding: 12px;\">Das System ist freiwillig &#8211; niemand wird gezwungen, dieses Regime zu nutzen.<\/td>\n<td style=\"border: 1px solid #ccc; padding: 12px;\">\u201eFreiwillig\u201c kann sp\u00e4ter de-facto ein Zwang werden, wenn die EU-Form zu attraktiv oder zu dominant wird.<\/td>\n<\/tr>\n<\/tbody>\n<\/table>\n<\/div>\n<h2>Was bedeutet das f\u00fcr B\u00fcrger und kleine Unternehmen?<\/h2>\n<p>Das 28. Regime klingt auf den ersten Blick wie ein technisches Thema f\u00fcr Juristen, Start-ups und Politiker. Doch im Alltag kann es durchaus Folgen f\u00fcr ganz normale Menschen haben &#8211; nur nicht sofort. Vieles passiert schleichend, im Hintergrund. Wie bei so vielen EU-Projekten merkt man erst Jahre sp\u00e4ter, was damals eigentlich auf den Weg gebracht wurde. Deshalb lohnt sich ein genauer Blick darauf, was f\u00fcr B\u00fcrger, Selbstst\u00e4ndige und kleine Firmen wirklich auf dem Spiel steht.<\/p>\n<h3>F\u00fcr den Durchschnittsb\u00fcrger zun\u00e4chst kaum sp\u00fcrbar<\/h3>\n<p>F\u00fcr die meisten Menschen wird sich mit dem 28. Regime erst einmal nicht viel ver\u00e4ndern. Man geht weiter arbeiten, kauft ein, zahlt seine Steuern, lebt sein Leben. Die neue EU-Unternehmensform betrifft in erster Linie die Firmenwelt, nicht den privaten Alltag. Doch wie so oft gilt: Was heute weit weg wirkt, kann morgen die Rahmenbedingungen ver\u00e4ndern.<\/p>\n<p>Wenn gro\u00dfe Unternehmen k\u00fcnftig in einem anderen Regelsystem agieren, wirkt sich das irgendwann auch auf Arbeitspl\u00e4tze, Steuereinnahmen und wirtschaftliche Stabilit\u00e4t aus. Aber dieser Effekt baut sich langsam auf &#8211; erkl\u00e4rbar, aber nicht unmittelbar sichtbar.<\/p>\n<h3>Indirekte Auswirkungen auf Staat und Gesellschaft<\/h3>\n<p>Wo die Ver\u00e4nderungen sp\u00fcrbarer werden, ist die indirekte Ebene. Wenn viele gro\u00dfe Unternehmen ins 28. Regime wechseln, kann Folgendes passieren:<\/p>\n<ul>\n<li><strong>Nationale Steuereinnahmen verschieben sich<\/strong>: Wenn Firmen in einem EU-Rechtsrahmen agieren, m\u00fcssen Staaten fr\u00fcher oder sp\u00e4ter kl\u00e4ren, wie Gewinne verteilt werden. F\u00e4llt mehr im Ausland an? Fehlen dem Heimatstaat Einnahmen?<\/li>\n<li><strong>Arbeits- und Sozialstandards k\u00f6nnen unter Druck geraten<\/strong>: Wenn nationale Regeln strenger sind als die des EU-Regimes, entsteht schnell ein Wettbewerb: Wer ist attraktiver &#8211; die nationale Form oder das EU-Modell?<br \/>\n<strong>Nationale Parlamente haben weniger Einfluss<\/strong>: Wenn wichtige Unternehmensfragen zunehmend auf EU-Ebene geregelt werden, k\u00f6nnen nationale Gesetzgeber weniger gegensteuern, wenn etwas aus dem Ruder l\u00e4uft.<\/li>\n<\/ul>\n<p>F\u00fcr B\u00fcrger bedeutet das nicht, dass morgen alles anders wird &#8211; aber die Richtung der Entwicklung kann sp\u00fcrbare Folgen haben, zum Beispiel f\u00fcr \u00f6ffentliche Leistungen oder soziale Sicherungssysteme.<\/p>\n<h3>Herausforderungen f\u00fcr Selbstst\u00e4ndige und kleine Unternehmen<\/h3>\n<p>Gerade f\u00fcr kleine Unternehmen ist die Situation kompliziert. Sie bleiben in der Regel im nationalen Recht, weil das 28. Regime eher f\u00fcr gr\u00f6\u00dfere oder grenz\u00fcberschreitend t\u00e4tige Firmen attraktiv ist. Und genau hier liegt die Gefahr einer Schieflage:<\/p>\n<p>Kleine Unternehmen m\u00fcssen sich weiterhin mit den nationalen Regeln herumschlagen &#8211; mit allen Formularen, Zugangsbarrieren und tradierten Prozessen. Gro\u00dfe Unternehmen profitieren vom flexiblen EU-Rechtsrahmen und haben weniger B\u00fcrokratie. Ein praktisches Beispiel daf\u00fcr ist auch beispielsweise das <a href=\"https:\/\/www.markus-schall.de\/2025\/10\/auswandern-nach-tschechien-mein-weg-meine-gruende-meine-plaene\/\">Auswandern<\/a> oder T\u00e4tigkeiten digitaler Nomaden, die h\u00e4ufiger ihren Aufenthaltsort wechseln.<\/p>\n<p>Gleichzeitig k\u00f6nnen diese gro\u00dfen Firmen st\u00e4rker wachsen und haben leichtere Bedingungen bei Investoren. Das kann langfristig zu einem strukturellen Wettbewerbsvorteil f\u00fcr die Unternehmen f\u00fchren, die das 28. Regime nutzen &#8211; und kleinere Firmen k\u00f6nnten das Nachsehen haben. F\u00fcr viele mittelst\u00e4ndische Betriebe ist das ein entscheidender Punkt:<\/p>\n<p>Sie f\u00fcrchten, dass ein Parallelrecht entsteht, das gro\u00dfe Player f\u00f6rdert, w\u00e4hrend der klassische europ\u00e4ische Mittelstand auf der Strecke bleibt.<\/p>\n<h2>Eine vorsichtige Einordnung und die offenen Fragen<\/h2>\n<p>Das 28. Regime ist kein fertiges Projekt. Es ist ein Bauplan &#8211; aber ein Bauplan, der eine klare Handschrift tr\u00e4gt und den Weg in eine bestimmte Richtung weist. Damit man eine vern\u00fcnftige Einsch\u00e4tzung bekommt, muss man zwei Dinge verstehen:<\/p>\n<p>Was tats\u00e4chlich geplant ist &#8211; und was sich als logische Folge daraus ergeben kann.<\/p>\n<h3>Realistische Einsch\u00e4tzung der n\u00e4chsten Jahre<\/h3>\n<p>Es gibt keinen Grund f\u00fcr Panik, aber ebenso wenig Grund f\u00fcr naive Gelassenheit. Realistisch betrachtet wird das 28. Regime nicht \u00fcber Nacht eingef\u00fchrt. Der politische Prozess ist lang:<\/p>\n<ul>\n<li>Entwurf der Kommission (geplant 2026).<\/li>\n<li>Diskussion in Parlament und Rat.<\/li>\n<li>Anpassungen, Streitpunkte, juristische Feinarbeit.<\/li>\n<li>\u00dcbergangsfristen f\u00fcr Unternehmen und Staaten.<\/li>\n<\/ul>\n<p>Bis ein funktionsf\u00e4higes System steht, k\u00f6nnen mehrere Jahre vergehen. Aber gleichzeitig gilt: Der Zug ist bereits in Bewegung. Die Berichte, Stellungnahmen und Konsultationen zeigen deutlich, wohin die Reise gehen soll &#8211; auch wenn die Details noch offen sind.<\/p>\n<h3>Die entscheidenden offenen Fragen<\/h3>\n<p>Es gibt einige Punkte, die aus heutiger Sicht kl\u00e4ren m\u00fcssen, bevor man das Projekt wirklich einsch\u00e4tzen kann:<\/p>\n<ol>\n<li>Wie verhindert man, dass nationale Standards ausgeh\u00f6hlt werden? Ein EU-Parallelrecht darf nicht dazu f\u00fchren, dass Unternehmen schw\u00e4chere Regeln w\u00e4hlen.<\/li>\n<li>Wer legt k\u00fcnftig die Regeln fest &#8211; und wie nah ist das noch an den B\u00fcrgern? Wenn zu viel nach Br\u00fcssel wandert, entsteht ein Demokratiedefizit.<\/li>\n<li>Wie bleibt das System fair f\u00fcr kleine Unternehmen? Ein gutes Regelwerk muss f\u00fcr alle gelten, nicht nur f\u00fcr internationale Konzerne.<\/li>\n<li>Wie geht man mit der Steuerfrage um? Offiziell ist das Thema ausgeklammert.<\/li>\n<\/ol>\n<p>Praktisch wird es fr\u00fcher oder sp\u00e4ter kommen &#8211; weil das System sonst Widerspr\u00fcche erzeugt. Diese Fragen entscheiden dar\u00fcber, ob das 28. Regime ein Fortschritt wird oder eine riskante Verschiebung von Macht und Verantwortung.<\/p>\n<h2>Warum man dieses Thema heute verstehen sollte<\/h2>\n<p>Viele Themen entwickelt sich leise, im Hintergrund. Aber gerade die leisen Ver\u00e4nderungen sind oft die bedeutendsten. Das 28. Regime ist genau so ein Thema: Es wirkt technisch, fast trocken &#8211; doch seine Folgen k\u00f6nnten die wirtschaftliche Struktur Europas \u00fcber Jahrzehnte beeinflussen. Und deshalb lohnt es sich, fr\u00fch die Grundlagen zu verstehen:<\/p>\n<p>Nicht aus Angst, sondern aus Klarheit. Nicht, um sich verr\u00fcckt zu machen, sondern um Entwicklungen zu erkennen, bevor sie unumkehrbar werden.<\/p>\n<p>Das 28. Regime ist weder ein europ\u00e4isches Wundermittel noch ein Untergangsszenario. Es ist ein Werkzeug &#8211; und wie jedes Werkzeug kann es entweder n\u00fctzen oder Schaden anrichten. In den H\u00e4nden einer vorausschauenden Politik k\u00f6nnte es die europ\u00e4ische Wirtschaft st\u00e4rken, B\u00fcrokratie reduzieren und jungen Unternehmen den Weg freimachen.<\/p>\n<p>In den H\u00e4nden einer kurzsichtigen oder machtzentrierten Politik k\u00f6nnte es nationale Strukturen schw\u00e4chen, demokratische Kontrolle verringern und ein Parallelrecht schaffen, das sich abseits der B\u00fcrger entwickelt.<\/p>\n<p>Entscheidend ist also nicht die Idee selbst, sondern wie sie umgesetzt wird. Und genau deshalb ist es wichtig, heute hinzusehen, Fragen zu stellen und die Richtung aufmerksam zu verfolgen. Nur so l\u00e4sst sich verhindern, dass Europa irgendwann in einen rechtlichen Automatismus rutscht, der niemandem mehr wirklich geh\u00f6rt &#8211; au\u00dfer den Institutionen, die ihn verwalten.<\/p>\n<h2>Interessante Quellen zum Thema<\/h2>\n<ul>\n<li><a href=\"https:\/\/www.ihk.de\/chemnitz\/international\/eu-service\/neuer-inhalt28-regime-neuer-eu-rechtsrahmen-fuer-unternehmen-6727784\" target=\"_blank\" rel=\"noopener\"><strong>Industrie- und Handelskammer Chemnitz &#8211; \u201e28. Regime: Neuer EU-Rechtsrahmen f\u00fcr Unternehmen\u201c<\/strong><\/a><br \/>\nEine \u00fcbersichtliche deutschsprachige Beschreibung des Projekts: Zielsetzung, betroffene Unternehmensgruppen, Elemente (z. B. Gesellschafts-, Insolvenz-, Steuerrecht) und Hinweis auf die \u00f6ffentliche Konsultation 2025. Gut geeignet f\u00fcr den Einstieg, um offizielle Sichtweisen und Eckdaten zu erfassen.<\/li>\n<li><a href=\"https:\/\/startupverband.de\/news\/update-28th-regime\/?utm_source=chatgpt.com\" target=\"_blank\" rel=\"noopener\"><strong>Startupverband &#8211; Politisches Update zum 28th Regime<\/strong><\/a><br \/>\nEine Stellungnahme aus der Perspektive der Start-up- und Wachstums-Szene. Hier wird erkl\u00e4rt, warum viele Start-ups das 28. Regime begr\u00fc\u00dfen, und worauf bei der Umsetzung aus ihrer Sicht geachtet werden sollte (z. B. Rechtsform, digitale Gr\u00fcndung, einheitliche Regeln). Wertvoll, um die Bef\u00fcrworter-Argumente praxisnah zu verstehen.<\/li>\n<li><a href=\"https:\/\/www.bitkom.org\/Bitkom\/Publikationen\/28th-Regime\" target=\"_blank\" rel=\"noopener\"><strong>Bitkom &#8211; Positionspapier 2025 zum 28th Regime<\/strong><\/a><br \/>\nEin Branchenverband f\u00fcr digitale Wirtschaft und Tech, der eine informierte, technologieorientierte Sicht einbringt. Das Papier fasst zusammen, wie ein modernes, digitales EU-Gesellschaftsrecht aussehen k\u00f6nnte \u2014 und worauf Firmen gerade achten. N\u00fctzlich besonders, wenn man Zukunftsf\u00e4higkeit, Digitalisierung und Wettbewerbsvorteile beleuchten will.<\/li>\n<li><a href=\"https:\/\/www.uni-europa.org\/de\/news\/28th-regime-not-necessary-and-harmful-etui-study-confirms\/\" target=\"_blank\" rel=\"noopener\"><strong>European Trade Union Institute (ETUI) &#8211; Kritik an 28th Regime (\u201enot necessary and harmful\u201c)<\/strong><\/a><br \/>\nEine kritische Perspektive aus Sicht von Arbeitnehmerrechten und Sozialstandards. Das Papier argumentiert, dass viele Schutzmechanismen ausgehebelt werden k\u00f6nnten \u2014 besonders im Arbeits- und Mitbestimmungsbereich. Sehr relevant, wenn man die sozialen und gesellschaftspolitischen Risiken darstellen will.<\/li>\n<li><a href=\"https:\/\/www.europarl.europa.eu\/RegData\/etudes\/STUD\/2025\/775947\/IUST_STU%282025%29775947_EN.pdf\" target=\"_blank\" rel=\"noopener\"><strong>European Parliament &#8211; Legal Affairs Committee Studie \u201eIdentification of hurdles &#8211; 28th Regime\u201c (2025)<\/strong><\/a><br \/>\nEine fundierte, juristische und politische Analyse: Sie untersucht die bestehenden Hindernisse f\u00fcr Unternehmen in der EU und erkl\u00e4rt, wie das 28. Regime helfen k\u00f6nnte \u2014 aber auch, welche institutionellen, rechtlichen und politischen H\u00fcrden es gibt. Wichtig, um das Projekt im institutionellen Kontext zu verstehen.<\/li>\n<li><a href=\"https:\/\/www.europeanlawblog.eu\/pub\/ha28jgs7\/release\/1\" target=\"_blank\" rel=\"noopener\"><strong>OECD European Law Blog &#8211; \u201eWhat is the 28th legal regime? Where have I seen it before?\u201c<\/strong><\/a><br \/>\nEine knappe, gut lesbare Einf\u00fchrung in die Idee des 28. Regimes aus rechtlicher Sicht. Der Text ordnet das Vorhaben ein in die bisherige EU-Geschichte, zeigt Parallelen zu fr\u00fcheren Versuchen und beleuchtet Chancen und Risiken. Empfehlenswert, wenn man einen freien, juristisch reflektierten Blick sucht.<\/li>\n<li><a href=\"https:\/\/www.iiea.com\/blog\/a-28th-regime-for-27-member-states-a-new-corporate-legal-framework-for-innovative-companies\" target=\"_blank\" rel=\"noopener\"><strong>IIEA &#8211; Institute of International and European Affairs &#8211; Blog<\/strong><\/a><br \/>\nEine Analyse aus einer europ\u00e4ischen Think-Tank-Perspektive. Sie beschreibt das vorgeschlagene Konzept, m\u00f6gliche Varianten der Ausgestaltung und worauf bei der Umsetzung geachtet werden sollte. Hilfreich, wenn man strategische und wirtschaftspolitische Implikationen beleuchten will.<\/li>\n<li><a href=\"https:\/\/verfassungsblog.de\/28th-regime_company-law\/\" target=\"_blank\" rel=\"noopener\"><strong>Verfassungsblog &#8211; Beitrag \u201eThe 28th Regime\u201c (2025)<\/strong><\/a><br \/>\nKritische, reflektierte Betrachtung der Pl\u00e4ne: Der Autor schl\u00e4gt vor, das 28. Regime nicht als starres Gesetzeswerk, sondern als eine Art \u201eSandbox\u201c zu denken \u2014 also ein Experimentierfeld. Sehr geeignet, um die Gefahr einer halbherzigen Umsetzung oder symbolischen L\u00f6sung zu zeigen.<\/li>\n<\/ul>\n<hr \/>\n\n\t\t\t<div class=\"display-post-types\">\n\n\t\t\t\t\t\t\t<style type=\"text\/css\">\n\t\t\t#dpt-wrapper-512 { --dpt-text-align: left;--dpt-image-crop: center;--dpt-border-radius: 5px;--dpt-small-grid-column: 33.33%;--dpt-large-grid-column: 33.3333333333%;--dpt-h-gutter: 10px;--dpt-v-gutter: 10px; }\t\t\t<\/style>\n\t\t\t<style type=\"text\/css\">#dpt-wrapper-512 { --dpt-title-font-style:normal;--dpt-title-font-weight:600;--dpt-title-line-height:1.5;--dpt-title-text-decoration:none;--dpt-title-text-transform:none;--dpt-excerpt-font-style:normal;--dpt-excerpt-font-weight:400;--dpt-excerpt-line-height:1.5;--dpt-excerpt-text-decoration:none;--dpt-excerpt-text-transform:none;--dpt-meta1-font-style:normal;--dpt-meta1-font-weight:400;--dpt-meta1-line-height:1.9;--dpt-meta1-text-decoration:none;--dpt-meta1-text-transform:none;--dpt-meta2-font-style:normal;--dpt-meta2-font-weight:400;--dpt-meta2-line-height:1.9;--dpt-meta2-text-decoration:none;--dpt-meta2-text-transform:none; }<\/style><div class=\" dpt-main-header\">\n\t\t\t\t\t\t<div class=\"dpt-main-title\">\n\t\t\t\t\t\t\t<span class=\"dpt-main-title-text\">Aktuelle Beitr\u00e4ge zu EU-Gesetzen<\/span>\n\t\t\t\t\t\t<\/div>\n\t\t\t\t\t\t\n\t\t\t\t\t\t\n\t\t\t\t\t\t\n\t\t\t\t\t\t<\/div>\t\t\t\n\t\t\t\t<div id=\"dpt-wrapper-512\" class=\"dpt-wrapper dpt-grid1 multi-col dpt-mason-wrap\" >\n\n\t\t\t\t\t\t\t\t\t\t\t<div class=\"dpt-entry has-thumbnail\" data-title=\"spieltheorie erkl\u00e4rt 25 jahre geopolitik: wie europa seine strategische rolle verlor\" data-id=\"3850\"  data-category=\"allgemein gesellschaft kunst &amp; kultur\" data-post_tag=\"denkmodelle deutschland energiepolitik eu-gesetze europa geopolitik krisen sicherheitspolitik spieltheorie\">\n\t\t\t\t\t\t\t<div class=\"dpt-entry-wrapper\"><div class=\" dpt-featured-content\"><div class=\" dpt-permalink\"><a href=\"https:\/\/www.markus-schall.de\/pl\/2025\/12\/spieltheorie-erklaert-25-jahre-geopolitik-wie-europa-seine-strategische-rolle-verlor\/\" class=\"dpt-permalink\"><span class=\"screen-reader-text\">Spieltheorie erkl\u00e4rt 25 Jahre Geopolitik: Wie Europa seine strategische Rolle verlor<\/span><\/a><\/div><div class=\" dpt-thumbnail\"><div class=\"dpt-thumbnail-inner\"><img width=\"1024\" height=\"765\" class=\"attachment-full size-full\" alt=\"Spieltheorie erkl\u00e4rt 25 Jahre Geopolitik\" context=\"dpt\" data-dpt-src=\"https:\/\/www.markus-schall.de\/wp-content\/uploads\/europa-russland-spieltheorie.jpg\" data-dpt-sizes=\"(max-width: 1024px) 100vw, 1024px\" data-dpt-srcset=\"https:\/\/www.markus-schall.de\/wp-content\/uploads\/europa-russland-spieltheorie.jpg 1024w, https:\/\/www.markus-schall.de\/wp-content\/uploads\/europa-russland-spieltheorie-300x224.jpg 300w, https:\/\/www.markus-schall.de\/wp-content\/uploads\/europa-russland-spieltheorie-768x574.jpg 768w, https:\/\/www.markus-schall.de\/wp-content\/uploads\/europa-russland-spieltheorie-16x12.jpg 16w\" \/><\/div><span class=\"dpt-thumbnail-aspect-ratio\" style=\"padding-top: 75%\"><\/span><\/div><\/div><div class=\" sub-entry\"><h3 class=\" dpt-title\"><a class=\"dpt-title-link\" href=\"https:\/\/www.markus-schall.de\/pl\/2025\/12\/spieltheorie-erklaert-25-jahre-geopolitik-wie-europa-seine-strategische-rolle-verlor\/\" rel=\"bookmark\">Spieltheorie erkl\u00e4rt 25 Jahre Geopolitik: Wie Europa seine strategische Rolle verlor<\/a><\/h3><\/div><\/div>\n\t\t\t\t\t\t<\/div><!-- .dpt-entry -->\n\t\t\t\t\t\t\t\t\t\t\t\t<div class=\"dpt-entry has-thumbnail\" data-title=\"cloud-act, datenhoheit und die schweiz: ein wendepunkt f\u00fcr europ\u00e4ische it-strategien?\" data-id=\"3727\"  data-category=\"allgemein gesellschaft\" data-post_tag=\"datenbanken datenschutz digitales eigentum eu-gesetze europa\">\n\t\t\t\t\t\t\t<div class=\"dpt-entry-wrapper\"><div class=\" dpt-featured-content\"><div class=\" dpt-permalink\"><a href=\"https:\/\/www.markus-schall.de\/pl\/2025\/11\/cloud-act-datenhoheit-und-die-schweiz-ein-wendepunkt-fuer-europaeische-it-strategien\/\" class=\"dpt-permalink\"><span class=\"screen-reader-text\">CLOUD-Act, Datenhoheit und die Schweiz: Ein Wendepunkt f\u00fcr europ\u00e4ische IT-Strategien?<\/span><\/a><\/div><div class=\" dpt-thumbnail\"><div class=\"dpt-thumbnail-inner\"><img width=\"1024\" height=\"683\" class=\"attachment-full size-full\" alt=\"Was bedeutet die Schweizer Cloud-Resolution f\u00fcr Europa\" context=\"dpt\" data-dpt-src=\"https:\/\/www.markus-schall.de\/wp-content\/uploads\/schweiz-cloud-resolution-eu.jpg\" data-dpt-sizes=\"(max-width: 1024px) 100vw, 1024px\" data-dpt-srcset=\"https:\/\/www.markus-schall.de\/wp-content\/uploads\/schweiz-cloud-resolution-eu.jpg 1024w, https:\/\/www.markus-schall.de\/wp-content\/uploads\/schweiz-cloud-resolution-eu-300x200.jpg 300w, https:\/\/www.markus-schall.de\/wp-content\/uploads\/schweiz-cloud-resolution-eu-768x512.jpg 768w, https:\/\/www.markus-schall.de\/wp-content\/uploads\/schweiz-cloud-resolution-eu-18x12.jpg 18w\" \/><\/div><span class=\"dpt-thumbnail-aspect-ratio\" style=\"padding-top: 67%\"><\/span><\/div><\/div><div class=\" sub-entry\"><h3 class=\" dpt-title\"><a class=\"dpt-title-link\" href=\"https:\/\/www.markus-schall.de\/pl\/2025\/11\/cloud-act-datenhoheit-und-die-schweiz-ein-wendepunkt-fuer-europaeische-it-strategien\/\" rel=\"bookmark\">CLOUD-Act, Datenhoheit und die Schweiz: Ein Wendepunkt f\u00fcr europ\u00e4ische IT-Strategien?<\/a><\/h3><\/div><\/div>\n\t\t\t\t\t\t<\/div><!-- .dpt-entry -->\n\t\t\t\t\t\t\t\t\t\t\t\t<div class=\"dpt-entry has-thumbnail\" data-title=\"digitales geld verstehen: bitcoin, stablecoins und cbdcs einfach erkl\u00e4rt\" data-id=\"4211\"  data-category=\"allgemein gesellschaft\" data-post_tag=\"datenschutz digitales eigentum eu-gesetze europa geopolitik spieltheorie\">\n\t\t\t\t\t\t\t<div class=\"dpt-entry-wrapper\"><div class=\" dpt-featured-content\"><div class=\" dpt-permalink\"><a href=\"https:\/\/www.markus-schall.de\/pl\/2026\/01\/digitales-geld-verstehen-bitcoin-stablecoins-und-cbdcs-einfach-erklaert\/\" class=\"dpt-permalink\"><span class=\"screen-reader-text\">Digitales Geld verstehen: Bitcoin, Stablecoins und CBDCs einfach erkl\u00e4rt<\/span><\/a><\/div><div class=\" dpt-thumbnail\"><div class=\"dpt-thumbnail-inner\"><img width=\"1024\" height=\"558\" class=\"attachment-full size-full\" alt=\"CBDCs, Kryptow\u00e4hrungen und Stablecoins\" context=\"dpt\" data-dpt-src=\"https:\/\/www.markus-schall.de\/wp-content\/uploads\/cbcd-kryptos-coins-tokens.jpg\" data-dpt-sizes=\"(max-width: 1024px) 100vw, 1024px\" data-dpt-srcset=\"https:\/\/www.markus-schall.de\/wp-content\/uploads\/cbcd-kryptos-coins-tokens.jpg 1024w, https:\/\/www.markus-schall.de\/wp-content\/uploads\/cbcd-kryptos-coins-tokens-300x163.jpg 300w, https:\/\/www.markus-schall.de\/wp-content\/uploads\/cbcd-kryptos-coins-tokens-768x419.jpg 768w, https:\/\/www.markus-schall.de\/wp-content\/uploads\/cbcd-kryptos-coins-tokens-18x10.jpg 18w\" \/><\/div><span class=\"dpt-thumbnail-aspect-ratio\" style=\"padding-top: 54%\"><\/span><\/div><\/div><div class=\" sub-entry\"><h3 class=\" dpt-title\"><a class=\"dpt-title-link\" href=\"https:\/\/www.markus-schall.de\/pl\/2026\/01\/digitales-geld-verstehen-bitcoin-stablecoins-und-cbdcs-einfach-erklaert\/\" rel=\"bookmark\">Digitales Geld verstehen: Bitcoin, Stablecoins und CBDCs einfach erkl\u00e4rt<\/a><\/h3><\/div><\/div>\n\t\t\t\t\t\t<\/div><!-- .dpt-entry -->\n\t\t\t\t\t\t\t\t\t\t\t\t<div class=\"dpt-entry has-thumbnail\" data-title=\"russland, nato und die angst vor dem krieg: was sich belegen l\u00e4sst &#8211; und was nicht\" data-id=\"4801\"  data-category=\"allgemein gesellschaft\" data-post_tag=\"deutschland energiepolitik eu-gesetze europa geopolitik krisen meinungsfreiheit sicherheitspolitik\">\n\t\t\t\t\t\t\t<div class=\"dpt-entry-wrapper\"><div class=\" dpt-featured-content\"><div class=\" dpt-permalink\"><a href=\"https:\/\/www.markus-schall.de\/pl\/2026\/02\/russland-nato-und-die-angst-vor-dem-krieg-was-sich-belegen-laesst-und-was-nicht\/\" class=\"dpt-permalink\"><span class=\"screen-reader-text\">Russland, NATO und die Angst vor dem Krieg: Was sich belegen l\u00e4sst &#8211; und was nicht<\/span><\/a><\/div><div class=\" dpt-thumbnail\"><div class=\"dpt-thumbnail-inner\"><img width=\"1024\" height=\"683\" class=\"attachment-full size-full\" alt=\"NATO, Russland und die Angst vor einem Krieg\" context=\"dpt\" data-dpt-src=\"https:\/\/www.markus-schall.de\/wp-content\/uploads\/NATO-Russland.jpg\" data-dpt-sizes=\"(max-width: 1024px) 100vw, 1024px\" data-dpt-srcset=\"https:\/\/www.markus-schall.de\/wp-content\/uploads\/NATO-Russland.jpg 1024w, https:\/\/www.markus-schall.de\/wp-content\/uploads\/NATO-Russland-300x200.jpg 300w, https:\/\/www.markus-schall.de\/wp-content\/uploads\/NATO-Russland-768x512.jpg 768w, https:\/\/www.markus-schall.de\/wp-content\/uploads\/NATO-Russland-18x12.jpg 18w\" \/><\/div><span class=\"dpt-thumbnail-aspect-ratio\" style=\"padding-top: 67%\"><\/span><\/div><\/div><div class=\" sub-entry\"><h3 class=\" dpt-title\"><a class=\"dpt-title-link\" href=\"https:\/\/www.markus-schall.de\/pl\/2026\/02\/russland-nato-und-die-angst-vor-dem-krieg-was-sich-belegen-laesst-und-was-nicht\/\" rel=\"bookmark\">Russland, NATO und die Angst vor dem Krieg: Was sich belegen l\u00e4sst &#8211; und was nicht<\/a><\/h3><\/div><\/div>\n\t\t\t\t\t\t<\/div><!-- .dpt-entry -->\n\t\t\t\t\t\t\t\t\t\t\t\t<div class=\"dpt-entry has-thumbnail\" data-title=\"die digitale id der eu: verkn\u00fcpfung, kontrolle und risiken im alltag\" data-id=\"3486\"  data-category=\"allgemein gesellschaft tipps &amp; anleitungen\" data-post_tag=\"datenschutz eu-gesetze europa prozesse ratgeber\">\n\t\t\t\t\t\t\t<div class=\"dpt-entry-wrapper\"><div class=\" dpt-featured-content\"><div class=\" dpt-permalink\"><a href=\"https:\/\/www.markus-schall.de\/pl\/2025\/11\/die-digitale-id-der-eu-verknuepfung-kontrolle-und-risiken-im-alltag\/\" class=\"dpt-permalink\"><span class=\"screen-reader-text\">Die digitale ID der EU: Verkn\u00fcpfung, Kontrolle und Risiken im Alltag<\/span><\/a><\/div><div class=\" dpt-thumbnail\"><div class=\"dpt-thumbnail-inner\"><img width=\"1024\" height=\"683\" class=\"attachment-full size-full\" alt=\"Digitale ID der EU\" context=\"dpt\" data-dpt-src=\"https:\/\/www.markus-schall.de\/wp-content\/uploads\/Digitale-ID-der-EU.jpg\" data-dpt-sizes=\"(max-width: 1024px) 100vw, 1024px\" data-dpt-srcset=\"https:\/\/www.markus-schall.de\/wp-content\/uploads\/Digitale-ID-der-EU.jpg 1024w, https:\/\/www.markus-schall.de\/wp-content\/uploads\/Digitale-ID-der-EU-300x200.jpg 300w, https:\/\/www.markus-schall.de\/wp-content\/uploads\/Digitale-ID-der-EU-768x512.jpg 768w, https:\/\/www.markus-schall.de\/wp-content\/uploads\/Digitale-ID-der-EU-18x12.jpg 18w\" \/><\/div><span class=\"dpt-thumbnail-aspect-ratio\" style=\"padding-top: 67%\"><\/span><\/div><\/div><div class=\" sub-entry\"><h3 class=\" dpt-title\"><a class=\"dpt-title-link\" href=\"https:\/\/www.markus-schall.de\/pl\/2025\/11\/die-digitale-id-der-eu-verknuepfung-kontrolle-und-risiken-im-alltag\/\" rel=\"bookmark\">Die digitale ID der EU: Verkn\u00fcpfung, Kontrolle und Risiken im Alltag<\/a><\/h3><\/div><\/div>\n\t\t\t\t\t\t<\/div><!-- .dpt-entry -->\n\t\t\t\t\t\t\t\t\t\t\t\t<div class=\"dpt-entry has-thumbnail\" data-title=\"regelbasierte weltordnung und v\u00f6lkerrecht: zwischen anspruch, realit\u00e4t und rechtsbruch\" data-id=\"4275\"  data-category=\"allgemein gesellschaft\" data-post_tag=\"denkmodelle eu-gesetze europa geopolitik krisen sicherheitspolitik\">\n\t\t\t\t\t\t\t<div class=\"dpt-entry-wrapper\"><div class=\" dpt-featured-content\"><div class=\" dpt-permalink\"><a href=\"https:\/\/www.markus-schall.de\/pl\/2026\/01\/regelbasierte-weltordnung-und-voelkerrecht-zwischen-anspruch-realitaet-und-rechtsbruch\/\" class=\"dpt-permalink\"><span class=\"screen-reader-text\">Regelbasierte Weltordnung und V\u00f6lkerrecht: Zwischen Anspruch, Realit\u00e4t und Rechtsbruch<\/span><\/a><\/div><div class=\" dpt-thumbnail\"><div class=\"dpt-thumbnail-inner\"><img width=\"1024\" height=\"683\" class=\"attachment-full size-full\" alt=\"V\u00f6lkerrecht und Regelbasierte Weltordnung\" context=\"dpt\" data-dpt-src=\"https:\/\/www.markus-schall.de\/wp-content\/uploads\/voelkerrecht-weltordnung-titel.jpg\" data-dpt-sizes=\"(max-width: 1024px) 100vw, 1024px\" data-dpt-srcset=\"https:\/\/www.markus-schall.de\/wp-content\/uploads\/voelkerrecht-weltordnung-titel.jpg 1024w, https:\/\/www.markus-schall.de\/wp-content\/uploads\/voelkerrecht-weltordnung-titel-300x200.jpg 300w, https:\/\/www.markus-schall.de\/wp-content\/uploads\/voelkerrecht-weltordnung-titel-768x512.jpg 768w, https:\/\/www.markus-schall.de\/wp-content\/uploads\/voelkerrecht-weltordnung-titel-18x12.jpg 18w\" \/><\/div><span class=\"dpt-thumbnail-aspect-ratio\" style=\"padding-top: 67%\"><\/span><\/div><\/div><div class=\" sub-entry\"><h3 class=\" dpt-title\"><a class=\"dpt-title-link\" href=\"https:\/\/www.markus-schall.de\/pl\/2026\/01\/regelbasierte-weltordnung-und-voelkerrecht-zwischen-anspruch-realitaet-und-rechtsbruch\/\" rel=\"bookmark\">Regelbasierte Weltordnung und V\u00f6lkerrecht: Zwischen Anspruch, Realit\u00e4t und Rechtsbruch<\/a><\/h3><\/div><\/div>\n\t\t\t\t\t\t<\/div><!-- .dpt-entry -->\n\t\t\t\t\t\t\n\t\t\t\t<\/div>\n\t\t\t\t\t\t<\/div>\n\t\t\t\n<hr \/>\n<h2>H\u00e4ufig gestellte Fragen zum 28. Regime der EU<\/h2>\n<ol>\n<li><strong>Was ist das 28. Regime \u00fcberhaupt?<\/strong><br \/>\nDas 28. Regime ist eine geplante, zus\u00e4tzliche EU-Unternehmensform, die parallel zu den 27 nationalen Rechtsordnungen existieren soll. Es handelt sich nicht um einen neuen Staat, sondern um ein freiwilliges Regelwerk, unter dem Firmen gr\u00fcnden und arbeiten k\u00f6nnen. Ziel ist ein einheitliches EU-Unternehmensrecht, das \u00fcberall in der Union gleich funktioniert.<\/li>\n<li><strong>Warum entwickelt die EU dieses neue Unternehmensmodell?<\/strong><br \/>\nDie EU m\u00f6chte ihren Binnenmarkt vereinheitlichen und attraktiver machen. Viele Start-ups und Investoren kritisieren, dass Europa aus 27 verschiedenen Unternehmenswelten besteht. Das f\u00fchrt zu B\u00fcrokratie, Kosten und Verz\u00f6gerungen. Das 28. Regime soll diese Hindernisse abbauen und international mehr Wettbewerbsf\u00e4higkeit schaffen.<\/li>\n<li><strong>Gibt es dieses 28. Regime schon?<\/strong><br \/>\nNein. Derzeit (Ende 2025) befindet sich das Projekt noch in der Vorbereitungsphase. Die EU-Kommission hat eine \u00f6ffentliche Konsultation durchgef\u00fchrt und plant f\u00fcr 2026 den ersten konkreten Gesetzesentwurf. Ein fertiges Gesetz existiert noch nicht.<\/li>\n<li><strong>F\u00fcr wen ist das 28. Regime gedacht?<\/strong><br \/>\nIn erster Linie f\u00fcr Unternehmen, die europaweit t\u00e4tig sind oder schnell wachsen wollen: Start-ups, Tech-Firmen, internationale Handelsbetriebe oder Unternehmen, die Investoren aus verschiedenen EU-L\u00e4ndern ben\u00f6tigen. Kleine, lokal arbeitende Betriebe werden eher im nationalen Recht bleiben.<\/li>\n<li><strong>W\u00e4re das 28. Regime verpflichtend?<\/strong><br \/>\nNein. Es soll ausdr\u00fccklich freiwillig sein. Firmen k\u00f6nnen entweder weiterhin im nationalen Recht gr\u00fcnden oder das 28. Regime w\u00e4hlen. Die Sorge vieler Kritiker ist allerdings, dass das EU-Regime sp\u00e4ter so attraktiv werden k\u00f6nnte, dass ein de-facto Zwang entsteht.<\/li>\n<li><strong>Wie w\u00fcrde sich die Gr\u00fcndung eines Unternehmens ver\u00e4ndern?<\/strong><br \/>\nUnter dem 28. Regime soll die Gr\u00fcndung vollst\u00e4ndig digital m\u00f6glich sein &#8211; ohne B\u00fcrokratie, ohne Notar, innerhalb von 24 Stunden. Das ist ein deutlicher Gegensatz zu den teils schwerf\u00e4lligen nationalen Verfahren, die Wochen dauern k\u00f6nnen.<\/li>\n<li><strong>Was ist mit bestehenden Unternehmen? K\u00f6nnen die wechseln?<\/strong><br \/>\nJa, nach derzeitigem Konzept sollen Firmen sp\u00e4ter die M\u00f6glichkeit haben, aus dem nationalen Recht in das 28. Regime zu wechseln. Das w\u00e4re f\u00fcr wachsende Unternehmen oder internationale Firmen besonders interessant.<\/li>\n<li><strong>Wie wirkt sich das neue EU-Register aus?<\/strong><br \/>\nEs soll ein zentrales EU-Handelsregister geben, in dem alle Firmen des 28. Regimes gef\u00fchrt werden. Damit h\u00e4tte die EU eine direkte Rolle bei der Unternehmensaufsicht &#8211; etwas, das bisher ausschlie\u00dflich in nationalen Zust\u00e4ndigkeiten lag.<\/li>\n<li><strong>Welche Vorteile sehen Bef\u00fcrworter?<\/strong><br \/>\nBef\u00fcrworter argumentieren, dass Europa damit: weniger B\u00fcrokratie h\u00e4tte, schneller gr\u00fcnden k\u00f6nnte, leichter Kapital anzieht, global wettbewerbsf\u00e4higer wird und endlich einen wirklich funktionierenden Binnenmarkt erh\u00e4lt. Sie sehen das 28. Regime als gro\u00dfe Chance f\u00fcr Innovation und Wachstum.<\/li>\n<li><strong>Welche Risiken sehen Kritiker?<\/strong><br \/>\nKritiker bef\u00fcrchten: Aush\u00f6hlung nationaler Arbeits- und Schutzstandards, Demokratieverlust durch Machtverschiebung nach Br\u00fcssel, langfristige Steuerharmonisierung durch die Hintert\u00fcr, einen Wettbewerb zwischen nationalem und EU-Recht und eine Zwei-Klassen-Wirtschaft. Sie sehen im 28. Regime weniger eine Modernisierung als ein politisches Machtprojekt.<\/li>\n<li><strong>Wird das 28. Regime nationale Regeln ersetzen?<\/strong><br \/>\nOffiziell nicht. Das nationale Recht bleibt vollst\u00e4ndig bestehen. Das EU-Regime ist lediglich eine zus\u00e4tzliche Option. Kritiker warnen allerdings, dass ein paralleles System mittelfristig dazu f\u00fchren k\u00f6nnte, dass nationale Regelwerke an Bedeutung verlieren.<\/li>\n<li><strong>Was bedeutet das f\u00fcr kleine und mittelst\u00e4ndische Unternehmen?<\/strong><br \/>\nF\u00fcr viele kleine Firmen k\u00f6nnte das 28. Regime kaum relevant sein, weil sie lokal arbeiten und keine internationalen Strukturen ben\u00f6tigen. Gleichzeitig besteht die Gefahr, dass gro\u00dfe Firmen im EU-Regime langfristig Vorteile genie\u00dfen, die kleine Betriebe im nationalen System nicht haben. Das k\u00f6nnte das wirtschaftliche Gef\u00e4lle verst\u00e4rken.<\/li>\n<li><strong>Was bedeutet das f\u00fcr B\u00fcrger, die nichts mit Unternehmen zu tun haben?<\/strong><br \/>\nKurzfristig wenig. Langfristig k\u00f6nnten die Folgen jedoch sp\u00fcrbar werden, z. B. wenn sich Steuereinnahmen verschieben, Arbeitsstandards ver\u00e4ndert werden oder nationale Parlamente weniger Gestaltungsmacht haben. Solche Entwicklungen bauen sich langsam auf, k\u00f6nnen aber den Alltag indirekt beeinflussen.<\/li>\n<li><strong>Steht eine EU-Steuer dahinter?<\/strong><br \/>\nOffiziell nein. Die EU betont, dass Steuern nationale Angelegenheit bleiben. Praktisch wird das Thema jedoch zwangsl\u00e4ufig aufkommen, wenn Firmen EU-weit t\u00e4tig sind und einheitliche Regeln haben. Viele Experten halten eine k\u00fcnftige Harmonisierung f\u00fcr wahrscheinlich.<\/li>\n<li><strong>Was passiert, wenn Unternehmen massenhaft in das EU-Regime wechseln?<\/strong><br \/>\nDann entsteht faktisch ein neuer \u201ewirtschaftlicher Rechtsraum\u201c, der f\u00fcr die EU eigenst\u00e4ndig ist. Staaten m\u00fcssten kl\u00e4ren, wie sie mit Steuerausf\u00e4llen, Kontrollverlusten oder ver\u00e4nderten Machtverh\u00e4ltnissen umgehen. Kritiker warnen davor, dass nationale Systeme dann unter Druck geraten.<\/li>\n<li><strong>Warum ist das Thema so umstritten?<\/strong><br \/>\nWeil es sowohl Chancen als auch Risiken bietet &#8211; und weil es tief in die Struktur Europas eingreift. F\u00fcr die einen ist es ein moderner Schritt hin zu einem einheitlichen Markt. F\u00fcr die anderen ist es ein Gefahrensignal, weil Kompetenzen und Einfluss schrittweise nach Br\u00fcssel wandern.<\/li>\n<li><strong>Hat das 28. Regime Einfluss auf den Arbeitsmarkt?<\/strong><br \/>\nSehr wahrscheinlich ja. Wenn Firmen leichter in das EU-Regime wechseln k\u00f6nnen, stellt sich die Frage, welche Arbeitsrechte dort gelten. Wenn nationale Schutzstandards strenger sind als die des EU-Regimes, entsteht ein Druck nach unten. Das macht Kritiker besonders nerv\u00f6s.<\/li>\n<li><strong>Wie werden Gewinne und Verluste k\u00fcnftig verteilt?<\/strong><br \/>\nDas ist eine der spannendsten offenen Fragen. Wenn EU-Unternehmen in mehreren L\u00e4ndern t\u00e4tig sind, muss klar geregelt sein, welcher Staat welchen Anteil an den Steuern erh\u00e4lt. Ohne solche Regeln w\u00fcrde das System nicht funktionieren. Die EU muss dieses Thema zwangsl\u00e4ufig irgendwann \u00f6ffnen.<\/li>\n<li><strong>Ist das 28. Regime ein Schritt Richtung EU-Bundesstaat?<\/strong><br \/>\nNicht offiziell. Aber funktional k\u00f6nnte es ein weiterer Schritt in diese Richtung sein. Es schafft einen neuen Rechtsraum, der parallel zum nationalen Recht existiert &#8211; und irgendwann dominante Bedeutung bekommen k\u00f6nnte. Kritiker sehen darin eine \u201eIntegration durch die Hintert\u00fcr\u201c.<\/li>\n<li><strong>Warum sollte man dieses Thema gerade jetzt verstehen?<\/strong><br \/>\nWeil die Weichen jetzt gestellt werden. Wenn der Gesetzesentwurf 2026 kommt, wird \u00fcber den Grundrahmen entschieden. Wer verstehen m\u00f6chte, wohin sich Europa entwickelt &#8211; wirtschaftlich, politisch und gesellschaftlich &#8211; sollte dieses Thema jetzt im Blick haben. Es ist eines der Projekte, die still wirken, aber langfristig gro\u00dfe Folgen haben.<\/li>\n<\/ol>\n<hr \/>\n\n\t\t\t<div class=\"display-post-types\">\n\n\t\t\t\t\t\t\t<style type=\"text\/css\">\n\t\t\t#dpt-wrapper-513 { --dpt-text-align: left;--dpt-image-crop: center;--dpt-border-radius: 5px;--dpt-h-gutter: 10px;--dpt-v-gutter: 9px; }\t\t\t<\/style>\n\t\t\t<style type=\"text\/css\">#dpt-wrapper-513 { --dpt-title-font-style:normal;--dpt-title-font-weight:600;--dpt-title-line-height:1.5;--dpt-title-text-decoration:none;--dpt-title-text-transform:none;--dpt-excerpt-font-style:normal;--dpt-excerpt-font-weight:400;--dpt-excerpt-line-height:1.5;--dpt-excerpt-text-decoration:none;--dpt-excerpt-text-transform:none;--dpt-meta1-font-style:normal;--dpt-meta1-font-weight:400;--dpt-meta1-line-height:1.9;--dpt-meta1-text-decoration:none;--dpt-meta1-text-transform:none;--dpt-meta2-font-style:normal;--dpt-meta2-font-weight:400;--dpt-meta2-line-height:1.9;--dpt-meta2-text-decoration:none;--dpt-meta2-text-transform:none; }<\/style><div class=\" dpt-main-header\">\n\t\t\t\t\t\t<div class=\"dpt-main-title\">\n\t\t\t\t\t\t\t<span class=\"dpt-main-title-text\">Aktuelle Beitr\u00e4ge zu Kunst &amp; Kultur<\/span>\n\t\t\t\t\t\t<\/div>\n\t\t\t\t\t\t\n\t\t\t\t\t\t\n\t\t\t\t\t\t\n\t\t\t\t\t\t<\/div>\t\t\t\n\t\t\t\t<div id=\"dpt-wrapper-513\" class=\"dpt-wrapper dpt-mag1 land1 dpt-cropped dpt-flex-wrap\" >\n\n\t\t\t\t\t\t\t\t\t\t\t<div class=\"dpt-entry has-thumbnail\" data-title=\"vicco von b\u00fclow alias loriot &#8211; ordnung, form und der leise widerstand des humors\" data-id=\"4169\"  data-category=\"allgemein gesellschaft kunst &amp; kultur stories &amp; humor\" data-post_tag=\"deutschland erfahrungen pers\u00f6nlichkeitsentwicklung portrait\">\n\t\t\t\t\t\t\t<div class=\"dpt-entry-wrapper\"><div class=\" dpt-featured-content\"><div class=\" dpt-permalink\"><a href=\"https:\/\/www.markus-schall.de\/pl\/2025\/12\/vicco-von-buelow-alias-loriot-ordnung-form-und-der-leise-widerstand-des-humors\/\" class=\"dpt-permalink\"><span class=\"screen-reader-text\">Vicco von B\u00fclow alias Loriot &#8211; Ordnung, Form und der leise Widerstand des Humors<\/span><\/a><\/div><div class=\" dpt-thumbnail\"><div class=\"dpt-thumbnail-inner\"><img width=\"1024\" height=\"747\" class=\"attachment-full size-full\" alt=\"\" context=\"dpt\" data-dpt-src=\"https:\/\/www.markus-schall.de\/wp-content\/uploads\/Loriot-Titel.jpg\" data-dpt-sizes=\"(max-width: 1024px) 100vw, 1024px\" data-dpt-srcset=\"https:\/\/www.markus-schall.de\/wp-content\/uploads\/Loriot-Titel.jpg 1024w, https:\/\/www.markus-schall.de\/wp-content\/uploads\/Loriot-Titel-300x219.jpg 300w, https:\/\/www.markus-schall.de\/wp-content\/uploads\/Loriot-Titel-768x560.jpg 768w, https:\/\/www.markus-schall.de\/wp-content\/uploads\/Loriot-Titel-16x12.jpg 16w\" \/><\/div><span class=\"dpt-thumbnail-aspect-ratio\" style=\"padding-top: 75%\"><\/span><\/div><\/div><div class=\" sub-entry\"><h3 class=\" dpt-title\"><a class=\"dpt-title-link\" href=\"https:\/\/www.markus-schall.de\/pl\/2025\/12\/vicco-von-buelow-alias-loriot-ordnung-form-und-der-leise-widerstand-des-humors\/\" rel=\"bookmark\">Vicco von B\u00fclow alias Loriot &#8211; Ordnung, Form und der leise Widerstand des Humors<\/a><\/h3><\/div><\/div>\n\t\t\t\t\t\t<\/div><!-- .dpt-entry -->\n\t\t\t\t\t\t\t\t\t\t\t\t<div class=\"dpt-entry has-thumbnail\" data-title=\"propaganda: geschichte, methoden, moderne formen und wie man sie erkennt\" data-id=\"4229\"  data-category=\"allgemein gesellschaft kunst &amp; kultur\" data-post_tag=\"denkmodelle energiepolitik europa geopolitik krisen meinungsfreiheit pers\u00f6nlichkeitsentwicklung sicherheitspolitik spieltheorie\">\n\t\t\t\t\t\t\t<div class=\"dpt-entry-wrapper\"><div class=\" dpt-featured-content\"><div class=\" dpt-permalink\"><a href=\"https:\/\/www.markus-schall.de\/pl\/2026\/01\/propaganda-geschichte-methoden-moderne-formen-und-wie-man-sie-erkennt\/\" class=\"dpt-permalink\"><span class=\"screen-reader-text\">Propaganda: Geschichte, Methoden, moderne Formen und wie man sie erkennt<\/span><\/a><\/div><div class=\" dpt-thumbnail\"><div class=\"dpt-thumbnail-inner\"><img width=\"1024\" height=\"683\" class=\"attachment-full size-full\" alt=\"Was ist Propaganda?\" context=\"dpt\" data-dpt-src=\"https:\/\/www.markus-schall.de\/wp-content\/uploads\/Propaganda-titel.jpg\" data-dpt-sizes=\"(max-width: 1024px) 100vw, 1024px\" data-dpt-srcset=\"https:\/\/www.markus-schall.de\/wp-content\/uploads\/Propaganda-titel.jpg 1024w, https:\/\/www.markus-schall.de\/wp-content\/uploads\/Propaganda-titel-300x200.jpg 300w, https:\/\/www.markus-schall.de\/wp-content\/uploads\/Propaganda-titel-768x512.jpg 768w, https:\/\/www.markus-schall.de\/wp-content\/uploads\/Propaganda-titel-18x12.jpg 18w\" \/><\/div><span class=\"dpt-thumbnail-aspect-ratio\" style=\"padding-top: 75%\"><\/span><\/div><\/div><div class=\" sub-entry\"><h3 class=\" dpt-title\"><a class=\"dpt-title-link\" href=\"https:\/\/www.markus-schall.de\/pl\/2026\/01\/propaganda-geschichte-methoden-moderne-formen-und-wie-man-sie-erkennt\/\" rel=\"bookmark\">Propaganda: Geschichte, Methoden, moderne Formen und wie man sie erkennt<\/a><\/h3><\/div><\/div>\n\t\t\t\t\t\t<\/div><!-- .dpt-entry -->\n\t\t\t\t\t\t\t\t\t\t\t\t<div class=\"dpt-entry has-thumbnail\" data-title=\"iran verstehen: alltag, proteste und interessen jenseits der schlagzeilen\" data-id=\"4462\"  data-category=\"allgemein gesellschaft kunst &amp; kultur\" data-post_tag=\"erfahrungen europa geopolitik krisen meinungsfreiheit sicherheitspolitik spieltheorie\">\n\t\t\t\t\t\t\t<div class=\"dpt-entry-wrapper\"><div class=\" dpt-featured-content\"><div class=\" dpt-permalink\"><a href=\"https:\/\/www.markus-schall.de\/pl\/2026\/01\/iran-verstehen-alltag-proteste-und-interessen-jenseits-der-schlagzeilen\/\" class=\"dpt-permalink\"><span class=\"screen-reader-text\">Iran verstehen: Alltag, Proteste und Interessen jenseits der Schlagzeilen<\/span><\/a><\/div><div class=\" dpt-thumbnail\"><div class=\"dpt-thumbnail-inner\"><img width=\"1024\" height=\"683\" class=\"attachment-full size-full\" alt=\"Iran verstehen\" context=\"dpt\" data-dpt-src=\"https:\/\/www.markus-schall.de\/wp-content\/uploads\/Iran-Titel.jpg\" data-dpt-sizes=\"(max-width: 1024px) 100vw, 1024px\" data-dpt-srcset=\"https:\/\/www.markus-schall.de\/wp-content\/uploads\/Iran-Titel.jpg 1024w, https:\/\/www.markus-schall.de\/wp-content\/uploads\/Iran-Titel-300x200.jpg 300w, https:\/\/www.markus-schall.de\/wp-content\/uploads\/Iran-Titel-768x512.jpg 768w, https:\/\/www.markus-schall.de\/wp-content\/uploads\/Iran-Titel-18x12.jpg 18w\" \/><\/div><span class=\"dpt-thumbnail-aspect-ratio\" style=\"padding-top: 75%\"><\/span><\/div><\/div><div class=\" sub-entry\"><h3 class=\" dpt-title\"><a class=\"dpt-title-link\" href=\"https:\/\/www.markus-schall.de\/pl\/2026\/01\/iran-verstehen-alltag-proteste-und-interessen-jenseits-der-schlagzeilen\/\" rel=\"bookmark\">Iran verstehen: Alltag, Proteste und Interessen jenseits der Schlagzeilen<\/a><\/h3><\/div><\/div>\n\t\t\t\t\t\t<\/div><!-- .dpt-entry -->\n\t\t\t\t\t\t\t\t\t\t\t\t<div class=\"dpt-entry has-thumbnail\" data-title=\"wenn pflicht wieder pflicht wird. eine art essay von herrn von l&#8217;oreot.\" data-id=\"3010\"  data-category=\"allgemein gesellschaft kunst &amp; kultur stories &amp; humor\" data-post_tag=\"deutschland erfahrungen geopolitik krisen pers\u00f6nlichkeitsentwicklung sicherheitspolitik\">\n\t\t\t\t\t\t\t<div class=\"dpt-entry-wrapper\"><div class=\" dpt-featured-content\"><div class=\" dpt-permalink\"><a href=\"https:\/\/www.markus-schall.de\/pl\/2025\/10\/wenn-pflicht-wieder-pflicht-wird-eine-art-essay-von-herrn-von-loreot\/\" class=\"dpt-permalink\"><span class=\"screen-reader-text\">Wenn Pflicht wieder Pflicht wird. Eine Art Essay von Herrn von L&#8217;oreot.<\/span><\/a><\/div><div class=\" dpt-thumbnail\"><div class=\"dpt-thumbnail-inner\"><img width=\"1024\" height=\"683\" class=\"attachment-full size-full\" alt=\"Ein unerwarteter Anruf\" context=\"dpt\" data-dpt-src=\"https:\/\/www.markus-schall.de\/wp-content\/uploads\/loreot-pflicht-anruf.jpg\" data-dpt-sizes=\"(max-width: 1024px) 100vw, 1024px\" data-dpt-srcset=\"https:\/\/www.markus-schall.de\/wp-content\/uploads\/loreot-pflicht-anruf.jpg 1024w, https:\/\/www.markus-schall.de\/wp-content\/uploads\/loreot-pflicht-anruf-300x200.jpg 300w, https:\/\/www.markus-schall.de\/wp-content\/uploads\/loreot-pflicht-anruf-768x512.jpg 768w, https:\/\/www.markus-schall.de\/wp-content\/uploads\/loreot-pflicht-anruf-18x12.jpg 18w\" \/><\/div><span class=\"dpt-thumbnail-aspect-ratio\" style=\"padding-top: 75%\"><\/span><\/div><\/div><div class=\" sub-entry\"><h3 class=\" dpt-title\"><a class=\"dpt-title-link\" href=\"https:\/\/www.markus-schall.de\/pl\/2025\/10\/wenn-pflicht-wieder-pflicht-wird-eine-art-essay-von-herrn-von-loreot\/\" rel=\"bookmark\">Wenn Pflicht wieder Pflicht wird. Eine Art Essay von Herrn von L&#8217;oreot.<\/a><\/h3><\/div><\/div>\n\t\t\t\t\t\t<\/div><!-- .dpt-entry -->\n\t\t\t\t\t\t\n\t\t\t\t<\/div>\n\t\t\t\t\t\t<\/div>\n\t\t\t\n<hr \/>\n","protected":false},"excerpt":{"rendered":"<p>W tej chwili po\u0142owa Europy m\u00f3wi o tak zwanym \u201e28. re\u017cimie\u201c. Wielu zastanawia si\u0119, co to w\u0142a\u015bciwie ma by\u0107. Nowe pa\u0144stwo? Tajny projekt UE? A mo\u017ce kolejna pr\u00f3ba modernizacji jednolitego rynku? W rzeczywisto\u015bci jest to koncepcja, kt\u00f3ra mo\u017ce brzmie\u0107 imponuj\u0105co, ale w istocie opisuje dodatkow\u0105 form\u0119 sp\u00f3\u0142ki, kt\u00f3ra ... <a title=\"Kiedy obowi\u0105zek zn\u00f3w staje si\u0119 obowi\u0105zkiem. Rodzaj eseju autorstwa pana von L&#039;oreot.\" class=\"read-more\" href=\"https:\/\/www.markus-schall.de\/pl\/2025\/10\/wenn-pflicht-wieder-pflicht-wird-eine-art-essay-von-herrn-von-loreot\/\" aria-label=\"Dowiedz si\u0119 wi\u0119cej o Kiedy obowi\u0105zek zn\u00f3w staje si\u0119 obowi\u0105zkiem. Rodzaj eseju autorstwa pana von L&#039;oreot.\">Dowiedz si\u0119 wi\u0119cej<\/a><\/p>","protected":false},"author":1,"featured_media":3760,"comment_status":"open","ping_status":"open","sticky":false,"template":"","format":"standard","meta":{"iawp_total_views":2009,"footnotes":""},"categories":[1,466],"tags":[467,470,475,482],"class_list":["post-3747","post","type-post","status-publish","format-standard","has-post-thumbnail","hentry","category-allgemein","category-gesellschaft","tag-auswandern","tag-eu-gesetze","tag-europa","tag-geopolitik"],"_links":{"self":[{"href":"https:\/\/www.markus-schall.de\/pl\/wp-json\/wp\/v2\/posts\/3747","targetHints":{"allow":["GET"]}}],"collection":[{"href":"https:\/\/www.markus-schall.de\/pl\/wp-json\/wp\/v2\/posts"}],"about":[{"href":"https:\/\/www.markus-schall.de\/pl\/wp-json\/wp\/v2\/types\/post"}],"author":[{"embeddable":true,"href":"https:\/\/www.markus-schall.de\/pl\/wp-json\/wp\/v2\/users\/1"}],"replies":[{"embeddable":true,"href":"https:\/\/www.markus-schall.de\/pl\/wp-json\/wp\/v2\/comments?post=3747"}],"version-history":[{"count":20,"href":"https:\/\/www.markus-schall.de\/pl\/wp-json\/wp\/v2\/posts\/3747\/revisions"}],"predecessor-version":[{"id":6057,"href":"https:\/\/www.markus-schall.de\/pl\/wp-json\/wp\/v2\/posts\/3747\/revisions\/6057"}],"wp:featuredmedia":[{"embeddable":true,"href":"https:\/\/www.markus-schall.de\/pl\/wp-json\/wp\/v2\/media\/3760"}],"wp:attachment":[{"href":"https:\/\/www.markus-schall.de\/pl\/wp-json\/wp\/v2\/media?parent=3747"}],"wp:term":[{"taxonomy":"category","embeddable":true,"href":"https:\/\/www.markus-schall.de\/pl\/wp-json\/wp\/v2\/categories?post=3747"},{"taxonomy":"post_tag","embeddable":true,"href":"https:\/\/www.markus-schall.de\/pl\/wp-json\/wp\/v2\/tags?post=3747"}],"curies":[{"name":"wp","href":"https:\/\/api.w.org\/{rel}","templated":true}]}}