{"id":3850,"date":"2025-12-11T08:22:44","date_gmt":"2025-12-11T08:22:44","guid":{"rendered":"https:\/\/www.markus-schall.de\/?p=3850"},"modified":"2026-04-30T13:30:36","modified_gmt":"2026-04-30T13:30:36","slug":"teoria-gier-wyjasnia-25-lat-geopolityki-jak-europa-stracila-swoja-strategiczna-role","status":"publish","type":"post","link":"https:\/\/www.markus-schall.de\/pl\/2025\/12\/teoria-gier-wyjasnia-25-lat-geopolityki-jak-europa-stracila-swoja-strategiczna-role\/","title":{"rendered":"Teoria gier wyja\u015bnia 25 lat geopolityki: jak Europa straci\u0142a swoj\u0105 strategiczn\u0105 rol\u0119"},"content":{"rendered":"<p>Dla wielu teoria gier brzmi jak sucha matematyka, jak formu\u0142y, jak co\u015b, co odgrywa rol\u0119 tylko w wyk\u0142adach lub grach biznesowych. W rzeczywisto\u015bci jednak jest to staro\u017cytne narz\u0119dzie my\u015blenia, kt\u00f3re istnia\u0142o na d\u0142ugo przed jego akademick\u0105 formalizacj\u0105. Dyplomaci z niego korzystali, dow\u00f3dcy z niego korzystali, kapitanowie przemys\u0142u z niego korzystali - na d\u0142ugo zanim w og\u00f3le zosta\u0142o tak nazwane. Ostatecznie jest to nic innego jak trze\u017awe pytanie:<\/p>\n<blockquote><p><em>\u201eKiedy kilku graczy musi podejmowa\u0107 decyzje w niepewnej sytuacji - jakie maj\u0105 opcje i jakie s\u0105 ich konsekwencje?\u201c.\u201c<\/em><\/p><\/blockquote>\n<p>Ten rodzaj my\u015blenia sta\u0142 si\u0119 dzi\u015b zaskakuj\u0105co rzadki. Zamiast analizowa\u0107 alternatywy, wiele z nich zaw\u0119\u017ca si\u0119 do moralnych narracji lub spontanicznych interpretacji. A przecie\u017c, zw\u0142aszcza w kwestiach geopolitycznych, jasna analiza mo\u017cliwo\u015bci by\u0142aby podstaw\u0105 ka\u017cdej dojrza\u0142ej polityki. W\u0142a\u015bnie to stare rzemios\u0142o chcia\u0142bym ponownie podj\u0105\u0107 w tym artykule.<!--more--><\/p>\n<hr \/>\n\n\t\t\t<div class=\"display-post-types\">\n\n\t\t\t\t\t\t\t<style type=\"text\/css\">\n\t\t\t#dpt-wrapper-202 { --dpt-text-align: left;--dpt-image-crop: center;--dpt-border-radius: 5px;--dpt-h-gutter: 10px;--dpt-v-gutter: 9px; }\t\t\t<\/style>\n\t\t\t<style type=\"text\/css\">#dpt-wrapper-202 { --dpt-title-font-style:normal;--dpt-title-font-weight:600;--dpt-title-line-height:1.5;--dpt-title-text-decoration:none;--dpt-title-text-transform:none;--dpt-excerpt-font-style:normal;--dpt-excerpt-font-weight:400;--dpt-excerpt-line-height:1.5;--dpt-excerpt-text-decoration:none;--dpt-excerpt-text-transform:none;--dpt-meta1-font-style:normal;--dpt-meta1-font-weight:400;--dpt-meta1-line-height:1.9;--dpt-meta1-text-decoration:none;--dpt-meta1-text-transform:none;--dpt-meta2-font-style:normal;--dpt-meta2-font-weight:400;--dpt-meta2-line-height:1.9;--dpt-meta2-text-decoration:none;--dpt-meta2-text-transform:none; }<\/style><div class=\"dpt-main-header\">\n\t\t\t\t\t\t<div class=\"dpt-main-title\">\n\t\t\t\t\t\t\t<span class=\"dpt-main-title-text\">Kwestie spo\u0142eczne tera\u017aniejszo\u015bci<\/span>\n\t\t\t\t\t\t<\/div>\n\t\t\t\t\t\t\n\t\t\t\t\t\t\n\t\t\t\t\t\t\n\t\t\t\t\t\t<\/div>\t\t\t\n\t\t\t\t<div id=\"dpt-wrapper-202\" class=\"dpt-wrapper dpt-mag1 land1 dpt-cropped dpt-flex-wrap\" >\n\n\t\t\t\t\t\t\t\t\t\t\t<div class=\"dpt-entry has-thumbnail\" data-title=\"vom content zur substanz: wie digitale systeme entstehen, die nicht kopierbar sind\" data-id=\"5899\"  data-category=\"allgemein b\u00fccher gesellschaft tipps &amp; anleitungen\" data-post_tag=\"buch datenlogik denkmodelle digitales eigentum erfahrungen k\u00fcnstliche intelligenz prozesse publishing ratgeber\">\n\t\t\t\t\t\t\t<div class=\"dpt-entry-wrapper\"><div class=\"dpt-featured-content\"><div class=\"dpt-permalink\"><a href=\"https:\/\/www.markus-schall.de\/pl\/2026\/04\/od-tresci-do-substancji-jak-powstaja-systemy-cyfrowe-ktorych-nie-mozna-skopiowac\/\" class=\"dpt-permalink\"><span class=\"screen-reader-text\">Od tre\u015bci do tre\u015bci: jak powstaj\u0105 systemy cyfrowe, kt\u00f3rych nie mo\u017cna skopiowa\u0107<\/span><\/a><\/div><div class=\"dpt-thumbnail\"><div class=\"dpt-thumbnail-inner\"><img width=\"1024\" height=\"682\" class=\"attachment-full size-full\" alt=\"System zamiast indywidualnej zawarto\u015bci\" context=\"dpt\" data-dpt-src=\"https:\/\/www.markus-schall.de\/wp-content\/uploads\/Organische-Reichweite.jpg\" data-dpt-sizes=\"(max-width: 1024px) 100vw, 1024px\" data-dpt-srcset=\"https:\/\/www.markus-schall.de\/wp-content\/uploads\/Organische-Reichweite.jpg 1024w, https:\/\/www.markus-schall.de\/wp-content\/uploads\/Organische-Reichweite-300x200.jpg 300w, https:\/\/www.markus-schall.de\/wp-content\/uploads\/Organische-Reichweite-768x512.jpg 768w, https:\/\/www.markus-schall.de\/wp-content\/uploads\/Organische-Reichweite-18x12.jpg 18w\" \/><\/div><span class=\"dpt-thumbnail-aspect-ratio\" style=\"padding-top: 75%\"><\/span><\/div><\/div><div class=\"sub-entry\"><h3 class=\"dpt-title\"><a class=\"dpt-title-link\" href=\"https:\/\/www.markus-schall.de\/pl\/2026\/04\/od-tresci-do-substancji-jak-powstaja-systemy-cyfrowe-ktorych-nie-mozna-skopiowac\/\" rel=\"bookmark\">Od tre\u015bci do tre\u015bci: jak powstaj\u0105 systemy cyfrowe, kt\u00f3rych nie mo\u017cna skopiowa\u0107<\/a><\/h3><\/div><\/div>\n\t\t\t\t\t\t<\/div><!-- .dpt-entry -->\n\t\t\t\t\t\t\t\t\t\t\t\t<div class=\"dpt-entry has-thumbnail\" data-title=\"regelbasierte weltordnung und v\u00f6lkerrecht: zwischen anspruch, realit\u00e4t und rechtsbruch\" data-id=\"4275\"  data-category=\"allgemein gesellschaft\" data-post_tag=\"denkmodelle eu-gesetze europa geopolitik krisen sicherheitspolitik\">\n\t\t\t\t\t\t\t<div class=\"dpt-entry-wrapper\"><div class=\"dpt-featured-content\"><div class=\"dpt-permalink\"><a href=\"https:\/\/www.markus-schall.de\/pl\/2026\/01\/porzadek-swiata-oparty-na-zasadach-i-prawo-miedzynarodowe-miedzy-rzeczywistoscia-a-naruszeniem-prawa\/\" class=\"dpt-permalink\"><span class=\"screen-reader-text\">Porz\u0105dek \u015bwiata oparty na zasadach i prawo mi\u0119dzynarodowe: mi\u0119dzy roszczeniem, rzeczywisto\u015bci\u0105 a naruszeniem prawa<\/span><\/a><\/div><div class=\"dpt-thumbnail\"><div class=\"dpt-thumbnail-inner\"><img width=\"1024\" height=\"683\" class=\"attachment-full size-full\" alt=\"Prawo mi\u0119dzynarodowe i porz\u0105dek \u015bwiatowy oparty na zasadach\" context=\"dpt\" data-dpt-src=\"https:\/\/www.markus-schall.de\/wp-content\/uploads\/voelkerrecht-weltordnung-titel.jpg\" data-dpt-sizes=\"(max-width: 1024px) 100vw, 1024px\" data-dpt-srcset=\"https:\/\/www.markus-schall.de\/wp-content\/uploads\/voelkerrecht-weltordnung-titel.jpg 1024w, https:\/\/www.markus-schall.de\/wp-content\/uploads\/voelkerrecht-weltordnung-titel-300x200.jpg 300w, https:\/\/www.markus-schall.de\/wp-content\/uploads\/voelkerrecht-weltordnung-titel-768x512.jpg 768w, https:\/\/www.markus-schall.de\/wp-content\/uploads\/voelkerrecht-weltordnung-titel-18x12.jpg 18w\" \/><\/div><span class=\"dpt-thumbnail-aspect-ratio\" style=\"padding-top: 75%\"><\/span><\/div><\/div><div class=\"sub-entry\"><h3 class=\"dpt-title\"><a class=\"dpt-title-link\" href=\"https:\/\/www.markus-schall.de\/pl\/2026\/01\/porzadek-swiata-oparty-na-zasadach-i-prawo-miedzynarodowe-miedzy-rzeczywistoscia-a-naruszeniem-prawa\/\" rel=\"bookmark\">Porz\u0105dek \u015bwiata oparty na zasadach i prawo mi\u0119dzynarodowe: mi\u0119dzy roszczeniem, rzeczywisto\u015bci\u0105 a naruszeniem prawa<\/a><\/h3><\/div><\/div>\n\t\t\t\t\t\t<\/div><!-- .dpt-entry -->\n\t\t\t\t\t\t\t\t\t\t\t\t<div class=\"dpt-entry has-thumbnail\" data-title=\"kriegst\u00fcchtigkeit, wehrpflicht &#038; verweigerung: was im ernstfall zu tun ist\" data-id=\"2966\"  data-category=\"allgemein b\u00fccher gesellschaft tipps &amp; anleitungen\" data-post_tag=\"buch deutschland geopolitik gesundheit krisen pers\u00f6nlichkeitsentwicklung ratgeber sicherheitspolitik\">\n\t\t\t\t\t\t\t<div class=\"dpt-entry-wrapper\"><div class=\"dpt-featured-content\"><div class=\"dpt-permalink\"><a href=\"https:\/\/www.markus-schall.de\/pl\/2025\/09\/sprzeciw-sumienia-wobec-sluzby-wojskowej-co-robic-w-naglych-wypadkach\/\" class=\"dpt-permalink\"><span class=\"screen-reader-text\">Przydatno\u015b\u0107 do wojny, pob\u00f3r i odmowa: co robi\u0107 w nag\u0142ych wypadkach?<\/span><\/a><\/div><div class=\"dpt-thumbnail\"><div class=\"dpt-thumbnail-inner\"><img width=\"1536\" height=\"1024\" class=\"attachment-full size-full\" alt=\"Pob\u00f3r: odmowa s\u0142u\u017cby wojskowej\" context=\"dpt\" data-dpt-src=\"https:\/\/www.markus-schall.de\/wp-content\/uploads\/wehrpflicht-kriegsdienst-verweigern.jpg\" data-dpt-sizes=\"(max-width: 1536px) 100vw, 1536px\" data-dpt-srcset=\"https:\/\/www.markus-schall.de\/wp-content\/uploads\/wehrpflicht-kriegsdienst-verweigern.jpg 1536w, https:\/\/www.markus-schall.de\/wp-content\/uploads\/wehrpflicht-kriegsdienst-verweigern-300x200.jpg 300w, https:\/\/www.markus-schall.de\/wp-content\/uploads\/wehrpflicht-kriegsdienst-verweigern-1024x683.jpg 1024w, https:\/\/www.markus-schall.de\/wp-content\/uploads\/wehrpflicht-kriegsdienst-verweigern-768x512.jpg 768w, https:\/\/www.markus-schall.de\/wp-content\/uploads\/wehrpflicht-kriegsdienst-verweigern-18x12.jpg 18w\" \/><\/div><span class=\"dpt-thumbnail-aspect-ratio\" style=\"padding-top: 75%\"><\/span><\/div><\/div><div class=\"sub-entry\"><h3 class=\"dpt-title\"><a class=\"dpt-title-link\" href=\"https:\/\/www.markus-schall.de\/pl\/2025\/09\/sprzeciw-sumienia-wobec-sluzby-wojskowej-co-robic-w-naglych-wypadkach\/\" rel=\"bookmark\">Przydatno\u015b\u0107 do wojny, pob\u00f3r i odmowa: co robi\u0107 w nag\u0142ych wypadkach?<\/a><\/h3><\/div><\/div>\n\t\t\t\t\t\t<\/div><!-- .dpt-entry -->\n\t\t\t\t\t\t\t\t\t\t\t\t<div class=\"dpt-entry has-thumbnail\" data-title=\"mehr als punk: nina hagen, cosma shiva und die kunst, sich nicht vereinnahmen zu lassen\" data-id=\"4521\"  data-category=\"allgemein gesellschaft kunst &amp; kultur\" data-post_tag=\"auswandern deutschland erfahrungen europa krisen meinungsfreiheit musik portrait\">\n\t\t\t\t\t\t\t<div class=\"dpt-entry-wrapper\"><div class=\"dpt-featured-content\"><div class=\"dpt-permalink\"><a href=\"https:\/\/www.markus-schall.de\/pl\/2026\/01\/wiecej-niz-punk-nina-hagen-cosma-shiva-i-sztuka-bycia-niezauwazonym\/\" class=\"dpt-permalink\"><span class=\"screen-reader-text\">Wi\u0119cej ni\u017c punk: Nina Hagen, Cosma Shiva i sztuka nie da\u0107 si\u0119 wci\u0105gn\u0105\u0107<\/span><\/a><\/div><div class=\"dpt-thumbnail\"><div class=\"dpt-thumbnail-inner\"><img width=\"1024\" height=\"683\" class=\"attachment-full size-full\" alt=\"Portret Niny i Cosmy Shiva Hagen\u00f3w\" context=\"dpt\" data-dpt-src=\"https:\/\/www.markus-schall.de\/wp-content\/uploads\/Nina-Cosma-Shiva-Hagen-Titel.jpg\" data-dpt-sizes=\"(max-width: 1024px) 100vw, 1024px\" data-dpt-srcset=\"https:\/\/www.markus-schall.de\/wp-content\/uploads\/Nina-Cosma-Shiva-Hagen-Titel.jpg 1024w, https:\/\/www.markus-schall.de\/wp-content\/uploads\/Nina-Cosma-Shiva-Hagen-Titel-300x200.jpg 300w, https:\/\/www.markus-schall.de\/wp-content\/uploads\/Nina-Cosma-Shiva-Hagen-Titel-768x512.jpg 768w, https:\/\/www.markus-schall.de\/wp-content\/uploads\/Nina-Cosma-Shiva-Hagen-Titel-18x12.jpg 18w\" \/><\/div><span class=\"dpt-thumbnail-aspect-ratio\" style=\"padding-top: 75%\"><\/span><\/div><\/div><div class=\"sub-entry\"><h3 class=\"dpt-title\"><a class=\"dpt-title-link\" href=\"https:\/\/www.markus-schall.de\/pl\/2026\/01\/wiecej-niz-punk-nina-hagen-cosma-shiva-i-sztuka-bycia-niezauwazonym\/\" rel=\"bookmark\">Wi\u0119cej ni\u017c punk: Nina Hagen, Cosma Shiva i sztuka nie da\u0107 si\u0119 wci\u0105gn\u0105\u0107<\/a><\/h3><\/div><\/div>\n\t\t\t\t\t\t<\/div><!-- .dpt-entry -->\n\t\t\t\t\t\t\n\t\t\t\t<\/div>\n\t\t\t\t\t\t<\/div>\n\t\t\t\n<hr \/>\n<h2>Najnowsze wiadomo\u015bci na ten temat<\/h2>\n<p><strong>30.04.2026<\/strong>Kr\u00f3tko przed 1 maja eurodeputowany Martin Sonneborn przemawia ze Strasburga w satyrycznym przem\u00f3wieniu trwaj\u0105cym oko\u0142o siedmiu minut. W centrum uwagi znajduje si\u0119 idea, kt\u00f3ra raz po raz pojawia si\u0119 w debatach geopolitycznych: To nie szybkie zwyci\u0119stwo, ale trwa\u0142o\u015b\u0107 konflikt\u00f3w mo\u017ce by\u0107 bardziej interesuj\u0105ca dla niekt\u00f3rych graczy. Odnosz\u0105c si\u0119 do cz\u0119sto cytowanej wypowiedzi Juliana Assange'a, Sonneborn maluje obraz tak zwanych \u201enieko\u0144cz\u0105cych si\u0119 wojen\u201c, w kt\u00f3rych znaczne kwoty pieni\u0119dzy wp\u0142ywaj\u0105 do struktur wojskowych przez lata, utrzymuj\u0105c w ten spos\u00f3b interesy gospodarcze i polityczne.<\/p>\n<div class=\"lyte-wrapper\" style=\"width:640px;max-width:100%;margin:5px;\"><div class=\"lyMe\" id=\"WYL_PkOmgoyDTps\"><div id=\"lyte_PkOmgoyDTps\" data-src=\"https:\/\/www.markus-schall.de\/wp-content\/plugins\/wp-youtube-lyte\/lyteCache.php?origThumbUrl=%2F%2Fi.ytimg.com%2Fvi%2FPkOmgoyDTps%2Fhqdefault.jpg\" class=\"pL\"><div class=\"tC\"><div class=\"tT\"><\/div><\/div><div class=\"play\"><\/div><div class=\"ctrl\"><div class=\"Lctrl\"><\/div><div class=\"Rctrl\"><\/div><\/div><\/div><noscript><a href=\"https:\/\/youtu.be\/PkOmgoyDTps\" rel=\"nofollow noopener\" target=\"_blank\"><img loading=\"lazy\" decoding=\"async\" src=\"https:\/\/www.markus-schall.de\/wp-content\/plugins\/wp-youtube-lyte\/lyteCache.php?origThumbUrl=https%3A%2F%2Fi.ytimg.com%2Fvi%2FPkOmgoyDTps%2F0.jpg\" alt=\"Miniatura wideo YouTube\" width=\"640\" height=\"340\" \/><br \/>Obejrzyj ten film na YouTube<\/a><\/noscript><\/div><\/div><div class=\"lL\" style=\"max-width:100%;width:640px;margin:5px;\"><\/div><br \/>\nNieko\u0144cz\u0105ca si\u0119 wojna | <a href=\"https:\/\/www.youtube.com\/@MartinSonneborn\" target=\"_blank\" rel=\"nofollow noopener\">Martin Sonneborn<\/a><\/p>\n<p>Artyku\u0142, jak zwykle przesadzony i wyolbrzymiony, \u0142\u0105czy dane liczbowe, obserwacje i krytyk\u0119, tworz\u0105c g\u0119sty, celowo prowokuj\u0105cy og\u00f3lny obraz. Szczeg\u00f3lnie w kontek\u015bcie d\u0142ugoterminowych wydarze\u0144 geopolitycznych, perspektywa ta dzia\u0142a mniej jako rozstrzygaj\u0105ca ocena, a bardziej jako bodziec do spojrzenia na znane wzorce i konteksty z innej perspektywy.<\/p>\n<hr \/>\n<h2>Dlaczego zaanga\u017cowa\u0142em si\u0119 w teori\u0119 gier<\/h2>\n<p>Przez lata wielokrotnie ogl\u0105da\u0142em filmy prof. Christiana Riecka - cichego, spokojnego ekonomisty z d\u0142ugimi w\u0142osami, kt\u00f3ry cierpliwie wyja\u015bnia na YouTube, dlaczego ludzie i pa\u0144stwa dzia\u0142aj\u0105 dok\u0142adnie tak, jak dzia\u0142aj\u0105. Cz\u0119sto by\u0142em pod wra\u017ceniem jego sposobu rozbijania z\u0142o\u017conych sytuacji na bod\u017ace strukturalne.<\/p>\n<p>To w\u0142a\u015bnie ta trze\u017awo\u015b\u0107 zainspirowa\u0142a mnie do przeprowadzenia eksperymentu my\u015blowego: jak mo\u017cna postrzega\u0107 europejsko-rosyjski rozw\u00f3j od 2001 roku w kategoriach teorii gier? Nie jako sp\u00f3r moralny. Nie jako polityczna partyzantka. Ale wy\u0142\u0105cznie jako spos\u00f3b my\u015blenia o alternatywach. Tak wi\u0119c - jak strateg ze starej szko\u0142y - po prostu spr\u00f3buj\u0119:<\/p>\n<ul>\n<li>Jakie by\u0142y opcje?<\/li>\n<li>Jakie by\u0142y \u015bcie\u017cki decyzyjne?<\/li>\n<li>Co logicznie z tego wynika?<\/li>\n<\/ul>\n<p>To wszystko, czego potrzeba, aby uformowa\u0107 z\u0142o\u017cony model \u0107wier\u0107wiecza.<\/p>\n<h3>Decyzje bez matematyki - prawdziwa esencja teorii gier<\/h3>\n<p>Teoria gier nie jest tematem numerycznym. Nie jest te\u017c narz\u0119dziem wie\u017cy z ko\u015bci s\u0142oniowej. W swej istocie jest zaskakuj\u0105co prosta:<\/p>\n<ol>\n<li><strong>Aktor A<\/strong> ma kilka mo\u017cliwych dzia\u0142a\u0144.<\/li>\n<li><strong>Aktor B<\/strong> r\u00f3wnie\u017c.<\/li>\n<li>Obaj wiedz\u0105, \u017ce druga strona zareaguje.<\/li>\n<li>I to w\u0142a\u015bnie te reakcje decyduj\u0105 o tym, co wydaje si\u0119 racjonalne.<\/li>\n<\/ol>\n<p>To sprawia, \u017ce teoria gier jest pomostem mi\u0119dzy psychologi\u0105 a strategi\u0105: pomaga zrozumie\u0107, dlaczego ludzie i pa\u0144stwa mog\u0105 wchodzi\u0107 w konflikt, nawet je\u015bli nikt tak naprawd\u0119 nie chce konfliktu. Cz\u0119sto wystarczy nieporozumienie, z\u0142y sygna\u0142, krok za wcze\u015bnie lub za p\u00f3\u017ano.<\/p>\n<p>To w\u0142a\u015bnie sprawia, \u017ce teoria gier jest tak cenna: nie dzieli g\u0142\u00f3wnych wydarze\u0144 na dobre i z\u0142e, ale na bod\u017ace, oczekiwania i wzorce reakcji.<\/p>\n<h3>Dylemat wi\u0119\u017ania - podstawowy model ka\u017cdej relacji mi\u0119dzynarodowej<\/h3>\n<p>Najbardziej znanym modelem jest dylemat wi\u0119\u017ania. Pokazuje on, \u017ce dw\u00f3ch graczy cz\u0119sto przegrywa, gdy nie ufaj\u0105 sobie nawzajem - nawet je\u015bli obaj mogliby wygra\u0107, gdyby wsp\u00f3\u0142pracowali. Dylemat ten jest tak trafny, poniewa\u017c zawiera trzy podstawowe spostrze\u017cenia:<\/p>\n<ul>\n<li>Wsp\u00f3\u0142praca by\u0142aby obiektywnie lepsza.<\/li>\n<li>Nieufno\u015b\u0107 sprawia, \u017ce oboje instynktownie przechodz\u0105 w tryb obronny.<\/li>\n<li>Ten defensywny tryb prowadzi do gorszego og\u00f3lnego rozwi\u0105zania.<\/li>\n<\/ul>\n<p>Wida\u0107 go wsz\u0119dzie: w wojnach ekonomicznych, w dyplomacji, w cyklach zbroje\u0144 wojskowych, a nawet w codziennych konfliktach mi\u0119dzy grupami. Model ten sta\u0142 si\u0119 klasykiem, poniewa\u017c tak precyzyjnie przedstawia podstawow\u0105 dynamik\u0119 ludzkiego zachowania. W szczeg\u00f3lno\u015bci polityka mi\u0119dzynarodowa jest ci\u0105g\u0142ym dylematem wi\u0119\u017ania:<\/p>\n<p>Ka\u017cda ze stron uwa\u017ca, \u017ce dzia\u0142a defensywnie. Ale to w\u0142a\u015bnie to defensywne zachowanie dzia\u0142a jak atak na drug\u0105 stron\u0119. Powoduje to konflikty, kt\u00f3re nie rodz\u0105 si\u0119 z agresji, ale ze strukturalnej nieufno\u015bci. Jest to jedna z najwa\u017cniejszych idei ca\u0142ego tego artyku\u0142u - i podstawa p\u00f3\u017aniejszej analizy.<\/p>\n<h3>Dlaczego teoria gier jest idealna do spojrzenia wstecz na 25 lat historii europejsko-rosyjskiej?<\/h3>\n<p>Je\u015bli spojrze\u0107 na relacje mi\u0119dzy Europ\u0105 a Rosj\u0105 od 2001 roku, wida\u0107 zadziwiaj\u0105co jasn\u0105 pozycj\u0119 wyj\u015bciow\u0105: wyci\u0105gni\u0119t\u0105 r\u0119k\u0119, mo\u017cliwo\u015bci gospodarcze, strategiczne zbli\u017cenie - a jednocze\u015bnie historyczne obawy, stare linie nieufno\u015bci i obozy polityczne, z kt\u00f3rych niekt\u00f3re mia\u0142y zupe\u0142nie inne odczytywanie rzeczywisto\u015bci. Teoria gier jest stworzona w\u0142a\u015bnie do takich sytuacji. Pozwala na obiektywn\u0105 analiz\u0119 dw\u00f3ch alternatywnych \u015bcie\u017cek:<\/p>\n<ul>\n<li><strong>\u015acie\u017cka A<\/strong>Wsp\u00f3\u0142praca<\/li>\n<li><strong>\u015acie\u017cka B<\/strong>Nieufno\u015b\u0107<\/li>\n<\/ul>\n<p>A nast\u0119pnie trze\u017awo obliczy\u0107 konsekwencje - nie liczbami, ale konsekwencjami.<\/p>\n<ul>\n<li>Co wynika z <strong>Wsp\u00f3\u0142praca<\/strong>?<\/li>\n<li>Co wynika z <strong>Nieufno\u015b\u0107<\/strong>?<\/li>\n<\/ul>\n<p>I kt\u00f3re decyzje z pocz\u0105tku XXI wieku wzmocni\u0142y kt\u00f3r\u0105 \u015bcie\u017ck\u0119? Dok\u0142adnie to staram si\u0119 zrobi\u0107 w dalszej cz\u0119\u015bci artyku\u0142u: Nie rozwijam historii moralnie, ale strategicznie. Wracam do warunk\u00f3w, jakie panowa\u0142y w tamtych czasach, umieszczam alternatywy obok siebie i pozwalam logice m\u00f3wi\u0107 za siebie - bez gor\u0105ca, kt\u00f3re towarzyszy dzisiejszemu tematowi.<\/p>\n<h2>Sytuacja wyj\u015bciowa w 2001 r.: Kluczowy o\u015brodek europejski<\/h2>\n<p>Je\u015bli spojrze\u0107 na rok 2001 z dzisiejszej perspektywy, mo\u017cna wyczu\u0107 co\u015b, co \u0142atwo przeoczy\u0107: By\u0142 to historycznie niezwyk\u0142y moment otwarto\u015bci. Zwi\u0105zek Radziecki nie istnia\u0142 ju\u017c od dekady. Rosja reorganizowa\u0142a si\u0119. Europa by\u0142a stabilna gospodarczo, politycznie pewna siebie i znajdowa\u0142a si\u0119 w fazie wzgl\u0119dnej harmonii. Takie okna czasem si\u0119 pojawiaj\u0105 - i cz\u0119sto znikaj\u0105 szybciej, ni\u017c zdajemy sobie z tego spraw\u0119.<\/p>\n<p>Rok 2001 by\u0142 w\u0142a\u015bnie takim oknem. By\u0142 to rok, w kt\u00f3rym g\u0142\u00f3wne strategie nie zosta\u0142y jeszcze sfinalizowane i w kt\u00f3rym inna Europa by\u0142aby faktycznie mo\u017cliwa. W tym czasie mia\u0142o miejsce symboliczne wydarzenie, kt\u00f3re do dzi\u015b mo\u017cna uzna\u0107 za niezrealizowan\u0105 szans\u0119.<\/p>\n<h3>Przem\u00f3wienie Putina w Bundestagu: wyci\u0105gni\u0119ta r\u0119ka<\/h3>\n<p>We wrze\u015bniu 2001 roku W\u0142adimir Putin przemawia\u0142 w niemieckim Bundestagu - przem\u00f3wienie, kt\u00f3re dzi\u015b wydaje si\u0119 niemal surrealistyczne. Nie by\u0142o wrogie, nie grozi\u0142o, nie wyznacza\u0142o granic. To by\u0142a oferta. Oferta wsp\u00f3\u0142pracy, zar\u00f3wno gospodarczej, jak i w zakresie polityki bezpiecze\u0144stwa.<\/p>\n<p>(Przem\u00f3wienie w j\u0119zyku niemieckim od 2:32 min.)<\/p>\n<div class=\"lyte-wrapper\" style=\"width:640px;max-width:100%;margin:5px;\"><div class=\"lyMe\" id=\"WYL_hSPZlCo2B0E\"><div id=\"lyte_hSPZlCo2B0E\" data-src=\"https:\/\/www.markus-schall.de\/wp-content\/plugins\/wp-youtube-lyte\/lyteCache.php?origThumbUrl=%2F%2Fi.ytimg.com%2Fvi%2FhSPZlCo2B0E%2Fhqdefault.jpg\" class=\"pL\"><div class=\"tC\"><div class=\"tT\"><\/div><\/div><div class=\"play\"><\/div><div class=\"ctrl\"><div class=\"Lctrl\"><\/div><div class=\"Rctrl\"><\/div><\/div><\/div><noscript><a href=\"https:\/\/youtu.be\/hSPZlCo2B0E\" rel=\"nofollow noopener\" target=\"_blank\"><img loading=\"lazy\" decoding=\"async\" src=\"https:\/\/www.markus-schall.de\/wp-content\/plugins\/wp-youtube-lyte\/lyteCache.php?origThumbUrl=https%3A%2F%2Fi.ytimg.com%2Fvi%2FhSPZlCo2B0E%2F0.jpg\" alt=\"Miniatura wideo YouTube\" width=\"640\" height=\"340\" \/><br \/>Obejrzyj ten film na YouTube<\/a><\/noscript><\/div><\/div><div class=\"lL\" style=\"max-width:100%;width:640px;margin:5px;\"><\/div><br \/>\nPrzem\u00f3wienie prezydenta Putina z 25 wrze\u015bnia 2001 r. przed <a href=\"https:\/\/www.bundestag.de\" target=\"_blank\" rel=\"noopener\">Niemiecki Bundestag<\/a><\/p>\n<p>M\u00f3wi\u0142 o wsp\u00f3lnym bezpiecze\u0144stwie, wsp\u00f3lnej stabilno\u015bci, wsp\u00f3lnych interesach. A Europa - zw\u0142aszcza Niemcy - sta\u0142a w\u00f3wczas przed strategicznym wyborem:<\/p>\n<ul>\n<li>Czy chcieli Rosji jako partnera?<\/li>\n<li>A mo\u017ce chcieli Rosj\u0119 jako potencjalne ryzyko?<\/li>\n<\/ul>\n<p>Obie decyzje by\u0142y w\u00f3wczas mo\u017cliwe. Nic nie by\u0142o ustalone. Dzi\u015b trudno przeceni\u0107, jak szeroko otwarte by\u0142o to okno wsp\u00f3\u0142pracy. Nie jest to romantyczna retrospekcja, ale trze\u017awe odniesienie do \u00f3wczesnej rzeczywisto\u015bci geopolitycznej: Rosja chcia\u0142a do\u0142\u0105czy\u0107 do Europy. A Europa mog\u0142a zaakceptowa\u0107 to po\u0142\u0105czenie.<\/p>\n<h3>Nastroje polityczne w Europie - otwarte, ale ostro\u017cne<\/h3>\n<p>W 2001 r. Europa znajdowa\u0142a si\u0119 w fazie pewno\u015bci siebie. UE rozszerza\u0142a si\u0119, gospodarka kwit\u0142a, globalizacja by\u0142a nadal postrzegana jako obietnica, a nie zagro\u017cenie. Pomimo tej pozytywnej, dynamicznej sytuacji, istnia\u0142o jednak pewne wahanie:<\/p>\n<ul>\n<li>stara mentalno\u015b\u0107 Wsch\u00f3d-Zach\u00f3d<\/li>\n<li>historyczne traumy<\/li>\n<li>Nieufno\u015b\u0107 polityczna w niekt\u00f3rych stolicach<\/li>\n<li>nadchodz\u0105ce rozszerzenie NATO na wsch\u00f3d<\/li>\n<\/ul>\n<p>W tym obszarze napi\u0119cia istnia\u0142y jednocze\u015bnie dwie interpretacje: jedna, kt\u00f3ra postrzega\u0142a Rosj\u0119 jako przysz\u0142ego partnera i druga, kt\u00f3ra klasyfikowa\u0142a Rosj\u0119 jako ukryte zagro\u017cenie. To w\u0142a\u015bnie tutaj wkracza teoria gier:<\/p>\n<p>Je\u015bli mo\u017cliwych jest kilka interpretacji, wyb\u00f3r interpretacji determinuje p\u00f3\u017aniejsz\u0105 rzeczywisto\u015b\u0107.<\/p>\n<h3>Pot\u0119ga przestrzeni informacyjnej - cichy przewr\u00f3t<\/h3>\n<p>Warto zauwa\u017cy\u0107, \u017ce w\u0142a\u015bnie w tym czasie rozpocz\u0119\u0142a si\u0119 subtelna zmiana w konsumpcji wiadomo\u015bci na Zachodzie. Coraz wi\u0119cej os\u00f3b czu\u0142o, \u017ce obraz medialny w coraz wi\u0119kszym stopniu charakteryzuje si\u0119 kryzysami, ci\u0105g\u0142ymi ostrze\u017ceniami i nieustannym alarmem. Ja osobi\u015bcie r\u00f3wnie\u017c przesta\u0142em regularnie ogl\u0105da\u0107 wiadomo\u015bci oko\u0142o 2001 roku. Nie z powodu politycznego protestu, ale po prostu z wewn\u0119trznego poczucia wyczerpania w obliczu tej ci\u0105g\u0142ej kryzysowej atmosfery. By\u0142 to czas, w kt\u00f3rym wiele os\u00f3b instynktownie odczuwa\u0142o potrzeb\u0119 zatrzymania si\u0119:<\/p>\n<blockquote><p><em>\u201eW jaki\u015b spos\u00f3b ten \u015bwiat informacji staje si\u0119 coraz bardziej niespokojny - a jednocze\u015bnie coraz bardziej jednolity\u201c.\u201c<\/em><\/p><\/blockquote>\n<p>Pomys\u0142 ten jest tutaj tylko przelotn\u0105 my\u015bl\u0105, ale ju\u017c wskazuje na wi\u0119kszy temat, kt\u00f3rym zajm\u0119 si\u0119 bardziej szczeg\u00f3\u0142owo w osobnym artykule: W jaki spos\u00f3b <a href=\"https:\/\/www.markus-schall.de\/pl\/2025\/12\/permanentny-kryzys-jako-stan-normalny-jak-narracje-znieksztalcaja-nasza-percepcje\/\"><strong>Sta\u0142e powiadomienie<\/strong><\/a> zaw\u0119\u017ca spojrzenie na alternatywy i na d\u0142u\u017csz\u0105 met\u0119 deformuje my\u015blenie polityczne. Dla roku 2001 oznacza to<\/p>\n<p>Przestrze\u0144 informacyjna r\u00f3wnie\u017c by\u0142a czynnikiem. Nie najwa\u017cniejszym, ale t\u0142em atmosferycznym, kt\u00f3re zaw\u0119zi\u0142o zakres my\u015blenia. Tam, gdzie media koncentruj\u0105 si\u0119 g\u0142\u00f3wnie na ryzyku, wsp\u00f3\u0142praca \u0142atwo wydaje si\u0119 naiwna. A nieufno\u015b\u0107 wydaje si\u0119 ostro\u017cna i rozs\u0105dna.<\/p>\n<hr \/>\n<h3>Aktualne badanie dotycz\u0105ce zaufania do polityki<\/h3>\n<div class='bootstrap-yop yop-poll-mc'>\n\t\t\t\t\t\t\t<div class=\"basic-yop-poll-container\" style=\"background-color:#ffffff; border:0px; border-style:solid; border-color:#000000; border-radius:5px; padding:0px 5px;\" data-id=\"1\" data-temp=\"basic-pretty\" data-skin=\"square\" data-cscheme=\"blue\" data-cap=\"0\" data-access=\"guest\" data-tid=\"\" data-uid=\"b6004a0742a622b527315e88798a8279\" data-pid=\"4521\" data-resdet=\"votes-number,percentages\" data-show-results-to=\"guest\" data-show-results-moment=\"after-vote\" data-show-results-only=\"false\" data-show-message=\"true\" data-show-results-as=\"bar\" data-sort-results-by=\"as-defined\" data-sort-results-rule=\"asc\"data-is-ended=\"0\" data-percentages-decimals=\"2\" data-gdpr=\"no\" data-gdpr-sol=\"consent\" data-css=\"\" data-counter=\"0\" data-load-with=\"1\" data-notification-section=\"top\"><div class=\"row\"><div class=\"col-md-12\"><div class=\"basic-inner\"><div class=\"basic-message hide\" style=\"border-left: 10px solid #008000; padding: 0px 10px;\" data-error=\"#ff0000\" data-success=\"#008000\"><p class=\"basic-message-text\" style=\"color:#000000; font-size:14px; font-weight:normal;\"><\/p><\/div><div class=\"basic-overlay hide\"><div class=\"basic-vote-options\"><\/div><div class=\"basic-preloader\"><div class=\"basic-windows8\"><div class=\"basic-wBall basic-wBall_1\"><div class=\"basic-wInnerBall\"><\/div><\/div><div class=\"basic-wBall basic-wBall_2\"><div class=\"basic-wInnerBall\"><\/div><\/div><div class=\"basic-wBall basic-wBall_3\"><div class=\"basic-wInnerBall\"><\/div><\/div><div class=\"basic-wBall basic-wBall_4\"><div class=\"basic-wInnerBall\"><\/div><\/div><div class=\"basic-wBall basic-wBall_5\"><div class=\"basic-wInnerBall\"><\/div><\/div><\/div><\/div><\/div><form class=\"basic-form\" action=\"\"><input type=\"hidden\" name=\"_token\" value=\"49f1826cce\" autocomplete=\"off\"><div class=\"basic-elements\"><div class=\"basic-element basic-question basic-question-text-vertical\" data-id=\"1\" data-uid=\"a62acc9018e57df9268dbbcfd9435b4b\" data-type=\"question\" data-question-type=\"text\" data-required=\"yes\" data-allow-multiple=\"no\" data-min=\"1\" data-max=\"1\" data-display=\"vertical\" data-colnum=\"\" data-display-others=\"no\" data-others-color=\"\" data-others=\"\" data-others-max-chars=\"0\"><div class=\"basic-question-title\"><h5 style=\"color:#000000; font-size:16px; font-weight:normal; text-align:left;\">Jak du\u017cym zaufaniem darzysz polityk\u0119 i media w Niemczech?<\/h5><\/div><ul class=\"basic-answers\"><li class=\"basic-answer\" style=\"padding:0px 0px;\" data-id=\"1\" data-type=\"text\" data-vn=\"10\" data-color=\"#000000\" data-make-link=\"no\" data-link=\"\"><div class=\"basic-answer-content basic-text-vertical\"><label for=\"answer[1]\" class=\"basic-answer-label\"><input type=\"radio\" id=\"answer[1]\" name=\"answer[1]\" value=\"1\"><span class=\"basic-text\" style=\"color: #000000; font-size: 14px; font-weight: normal;\">Bardzo wysoki - w pe\u0142ni ufam oficjalnym organom<\/span><\/label><\/div><\/li><li class=\"basic-answer\" style=\"padding:0px 0px;\" data-id=\"2\" data-type=\"text\" data-vn=\"22\" data-color=\"#000000\" data-make-link=\"no\" data-link=\"\"><div class=\"basic-answer-content basic-text-vertical\"><label for=\"answer[2]\" class=\"basic-answer-label\"><input type=\"radio\" id=\"answer[2]\" name=\"answer[1]\" value=\"2\"><span class=\"basic-text\" style=\"color: #000000; font-size: 14px; font-weight: normal;\">\u015aredni - jestem ostro\u017cny, ale nie podejrzliwy.<\/span><\/label><\/div><\/li><li class=\"basic-answer\" style=\"padding:0px 0px;\" data-id=\"3\" data-type=\"text\" data-vn=\"53\" data-color=\"#000000\" data-make-link=\"no\" data-link=\"\"><div class=\"basic-answer-content basic-text-vertical\"><label for=\"answer[3]\" class=\"basic-answer-label\"><input type=\"radio\" id=\"answer[3]\" name=\"answer[1]\" value=\"3\"><span class=\"basic-text\" style=\"color: #000000; font-size: 14px; font-weight: normal;\">Niski - sam sprawdzam wiele rzeczy<\/span><\/label><\/div><\/li><li class=\"basic-answer\" style=\"padding:0px 0px;\" data-id=\"4\" data-type=\"text\" data-vn=\"251\" data-color=\"#000000\" data-make-link=\"no\" data-link=\"\"><div class=\"basic-answer-content basic-text-vertical\"><label for=\"answer[4]\" class=\"basic-answer-label\"><input type=\"radio\" id=\"answer[4]\" name=\"answer[1]\" value=\"4\"><span class=\"basic-text\" style=\"color: #000000; font-size: 14px; font-weight: normal;\">Prawie nie istnieje - uwa\u017cam, \u017ce wiele jest zawoalowanych lub zainscenizowanych.<\/span><\/label><\/div><\/li><\/ul><\/div><div class=\"clearfix\"><\/div><\/div><div class=\"basic-vote\"><a href=\"#\" class=\"button basic-vote-button\" role=\"button\" style=\"background:#027bb8; border:0px; border-style: solid; border-color:#1636f0; border-radius:5px; padding:10px 10px; color:#ffffff; font-size:14px; font-weight:normal;\">G\u0142osowanie<\/a><\/div><input type=\"hidden\" name=\"trp-form-language\" value=\"pl\"\/><\/form><\/div><\/div><\/div><\/div>\n\t\t\t\t\t\t<\/div>\n<hr \/>\n<h3>Europa stoi przed decyzj\u0105: wsp\u00f3\u0142praca czy nieufno\u015b\u0107<\/h3>\n<p>Z perspektywy teorii gier, w 2001 r. Europa znajdowa\u0142a si\u0119 w klasycznej \u201epozycji w\u0119z\u0142owej\u201c drzewa strategicznego. Dwie ga\u0142\u0119zie by\u0142y otwarte:<\/p>\n<ol>\n<li><strong>\u015acie\u017cka A: Wsp\u00f3\u0142praca<\/strong><br \/>\n- Rosja jako partner energetyczny<br \/>\n- Wsp\u00f3lna przestrze\u0144 gospodarcza<br \/>\n- wsp\u00f3lna polityka bezpiecze\u0144stwa<br \/>\n- Relaks i budowanie pewno\u015bci siebie<\/li>\n<li><strong>\u015acie\u017cka B: Nieufno\u015b\u0107<\/strong><br \/>\n- dystans geopolityczny<br \/>\n- Rozszerzenie NATO jako sygna\u0142 ostro\u017cno\u015bci<br \/>\n- Niepewno\u015b\u0107 strukturalna<br \/>\n- Potencjalne linie eskalacji<\/li>\n<\/ol>\n<p>Obie decyzje mo\u017cna by\u0142o w\u00f3wczas racjonalnie uzasadni\u0107. Doprowadzi\u0142y one jednak do zupe\u0142nie innych przysz\u0142o\u015bci. Teoria gier zmusza nas do u\u015bwiadomienia sobie niewygodnej rzeczy: to nie \u201eintencja\u201c determinuje bieg historii, ale wyb\u00f3r \u015bcie\u017cki.<\/p>\n<ul>\n<li>Je\u015bli decyzja zostanie podj\u0119ta na korzy\u015b\u0107 wsp\u00f3\u0142pracy <strong>Spirale wsp\u00f3\u0142pracy<\/strong>.<\/li>\n<li>Je\u015bli zdecydujesz si\u0119 na nieufno\u015b\u0107, rezultatem b\u0119dzie <strong>Spirale nieufno\u015bci<\/strong>.<\/li>\n<\/ul>\n<p>W 2001 roku wys\u0142ano pierwsze ma\u0142e sygna\u0142y, kt\u00f3re p\u00f3\u017aniej sta\u0142y si\u0119 dominuj\u0105cymi wzorcami.<\/p>\n<h3>Dlaczego ten rok jest w\u0142a\u015bciwym punktem wyj\u015bcia dla naszej analizy?<\/h3>\n<p>2001 to idealny punkt startowy, poniewa\u017c warunki by\u0142y wyj\u0105tkowo czyste:<\/p>\n<ul>\n<li>Rosja by\u0142a stabilna, ale otwarta na integracj\u0119.<\/li>\n<li>Europa by\u0142a silna gospodarczo i suwerenna politycznie.<\/li>\n<li>Symbioza polityki energetycznej by\u0142a oczywista.<\/li>\n<li>Sytuacja w zakresie bezpiecze\u0144stwa by\u0142a spokojniejsza ni\u017c kiedykolwiek wcze\u015bniej.<\/li>\n<\/ul>\n<p>Innymi s\u0142owy, pocz\u0105tkowa sytuacja by\u0142a idealna do wsp\u00f3\u0142pracy - ale na tyle otwarta, \u017ce mo\u017cliwa by\u0142a r\u00f3wnie\u017c nieufno\u015b\u0107. W teorii gier takie momenty nazywane s\u0105 \u201ebardzo wra\u017cliwymi punktami \u015bcie\u017cki\u201c: ma\u0142e decyzje powoduj\u0105 du\u017ce p\u00f3\u017aniejsze r\u00f3\u017cnice. I w\u0142a\u015bnie dlatego w nast\u0119pnym rozdziale przyjrzymy si\u0119 dw\u00f3m mo\u017cliwym do rozstrzygni\u0119cia \u015bcie\u017ckom:<\/p>\n<ul>\n<li>\u015bcie\u017cka wsp\u00f3\u0142pracy, kt\u00f3ra nigdy nie zosta\u0142a podj\u0119ta,<\/li>\n<li>i podejrzana \u015bcie\u017cka, kt\u00f3ra sta\u0142a si\u0119 rzeczywisto\u015bci\u0105.<\/li>\n<\/ul>\n<p><img loading=\"lazy\" decoding=\"async\" class=\"alignnone wp-image-3938 size-large\" src=\"https:\/\/www.markus-schall.de\/wp-content\/uploads\/europa-russland-spieltheorie-zeitlinie.jpg\" alt=\"O\u015b czasu od 2001 r.\" width=\"1024\" height=\"683\" srcset=\"https:\/\/www.markus-schall.de\/wp-content\/uploads\/europa-russland-spieltheorie-zeitlinie.jpg 1024w, https:\/\/www.markus-schall.de\/wp-content\/uploads\/europa-russland-spieltheorie-zeitlinie-300x200.jpg 300w, https:\/\/www.markus-schall.de\/wp-content\/uploads\/europa-russland-spieltheorie-zeitlinie-768x512.jpg 768w, https:\/\/www.markus-schall.de\/wp-content\/uploads\/europa-russland-spieltheorie-zeitlinie-18x12.jpg 18w\" sizes=\"auto, (max-width: 1024px) 100vw, 1024px\" \/><\/p>\n<h2>Drzewo decyzyjne A: Co oznacza\u0142aby wsp\u00f3\u0142praca<\/h2>\n<p>Pracuj\u0105c z teori\u0105 gier, zawsze zaczynasz od rozwa\u017cenia alternatyw jako pe\u0142noprawnych \u015bcie\u017cek decyzyjnych - nie jako my\u015blenia \u017cyczeniowego, ale jako uzasadnionych mo\u017cliwo\u015bci w ramach tego samego stanu pocz\u0105tkowego.<\/p>\n<p>Pomys\u0142, \u017ce Europa i Rosja wesz\u0142y na stabiln\u0105 \u015bcie\u017ck\u0119 wsp\u00f3\u0142pracy w 2001 roku, nie jest romantyczn\u0105 fantazj\u0105, ale jedn\u0105 z realistycznych opcji, kt\u00f3re by\u0142y w\u00f3wczas powa\u017cnie dyskutowane. Wielu strateg\u00f3w, ekonomist\u00f3w i dyplomat\u00f3w postrzega\u0142o bliskie partnerstwo jako racjonalne uzupe\u0142nienie dw\u00f3ch uzupe\u0142niaj\u0105cych si\u0119 obszar\u00f3w: europejskiego przemys\u0142u i rosyjskich zasob\u00f3w.<\/p>\n<p>Co z tego wynika? Nie fantazja, ale trze\u017awa logika. Dlatego opisuj\u0119 t\u0119 \u015bcie\u017ck\u0119 tak, jak przeanalizowa\u0142by j\u0105 strateg: jako \u0142a\u0144cuch konsekwencji, kt\u00f3ry wynika ze znanych przyczyn.<\/p>\n<h3>Energia jako podstawa wsp\u00f3lnego obszaru dobrobytu<\/h3>\n<p>Na \u015bcie\u017cce wsp\u00f3\u0142pracy Nord Stream 1 i 2 nie sta\u0142yby si\u0119 politycznymi liniami podzia\u0142u, ale raczej infrastrukturalnymi filarami partnerstwa energetycznego, kt\u00f3re trwa\u0142oby przez dziesi\u0119ciolecia. Europa zyska\u0142aby w ten spos\u00f3b:<\/p>\n<ul>\n<li>stabilne, przewidywalne ceny energii,<\/li>\n<li>niezawodn\u0105 d\u0142ugoterminow\u0105 podstaw\u0119 dla bran\u017cy,<\/li>\n<li>oraz geopolityczn\u0105 przewag\u0119 wynikaj\u0105c\u0105 z niezale\u017cno\u015bci od globalnych rynk\u00f3w spot.<\/li>\n<\/ul>\n<p>Energia nigdy nie jest tylko surowcem. Energia nadaje tempo cyklom przemys\u0142owym. Gdyby Europa wybra\u0142a t\u0119 drog\u0119, nast\u0119pne 20 lat by\u0142oby znacznie spokojniejsze pod wzgl\u0119dem gospodarczym. Tradycyjny przemys\u0142 europejski utrzyma\u0142by swoje tempo.<\/p>\n<p>Przy niskich, przewidywalnych cenach energii energoch\u0142onne ga\u0142\u0119zie przemys\u0142u - chemiczny, stalowy, maszynowy, aluminiowy, szklany, ceramiczny - pozosta\u0142yby w Europie. Nie przenios\u0142yby si\u0119 do USA czy Azji pod presj\u0105 koszt\u00f3w. Rezultatem by\u0142aby stabilno\u015b\u0107, kt\u00f3rej dzi\u015b bardzo brakuje europejskim ekonomistom: ci\u0105g\u0142o\u015b\u0107 tworzenia warto\u015bci przemys\u0142owej.<\/p>\n<h3>Europa jako gospodarcza przeciwwaga dla USA i Chin<\/h3>\n<p>W tym scenariuszu Europa nie by\u0142aby automatycznie cz\u0119\u015bci\u0105 strategii USA, ale przyj\u0119\u0142aby niezale\u017cn\u0105 rol\u0119: jako biegun gospodarczy mi\u0119dzy USA a Chinami, wspierany przez \u015bcis\u0142\u0105 wsp\u00f3\u0142prac\u0119 z Rosj\u0105.<\/p>\n<ul>\n<li>Europa nadal korzysta\u0142aby z ameryka\u0144skiej technologii,<\/li>\n<li>Jednocze\u015bnie wykorzystywana jest tania energia z Rosji,<\/li>\n<li>i swobodniej porusza\u0107 si\u0119 w globalnej konkurencji.<\/li>\n<\/ul>\n<p>Ten strategiczny tr\u00f3jk\u0105t da\u0142by Europie solidno\u015b\u0107, kt\u00f3ra jest dzi\u015b prawie niewyobra\u017calna.<\/p>\n<h3>Geopolityczna autonomia dzi\u0119ki sile gospodarczej<\/h3>\n<p>Si\u0142a gospodarcza generuje swobod\u0119 dzia\u0142ania w polityce zagranicznej. Europa, kt\u00f3ra nie znajduje si\u0119 pod sta\u0142\u0105 presj\u0105 energetyczn\u0105 i produkcyjn\u0105, musi podejmowa\u0107 decyzje nie ze strachu, ale z pozycji suwerenno\u015bci.<\/p>\n<p>Wsp\u00f3\u0142praca z Rosj\u0105 nie oznacza\u0142aby zatem uzale\u017cnienia si\u0119 od Rosji - wr\u0119cz przeciwnie, oznacza\u0142aby pozostanie wystarczaj\u0105co silnym gospodarczo, aby zapobiec powstaniu zale\u017cno\u015bci.<\/p>\n<h3>Ukraina jako neutralne pa\u0144stwo buforowe<\/h3>\n<p>W ramach wsp\u00f3\u0142pracy mi\u0119dzy Europ\u0105 a Rosj\u0105 Ukraina najprawdopodobniej pozosta\u0142aby na neutralnym kursie - podobnie jak Finlandia podczas zimnej wojny:<\/p>\n<ul>\n<li>brak cz\u0142onkostwa w NATO,<\/li>\n<li>brak rosyjskiej polityki wp\u0142yw\u00f3w za pomoc\u0105 \u015brodk\u00f3w militarnych,<\/li>\n<li>stabilne stosunki gospodarcze zar\u00f3wno z Zachodem, jak i Wschodem.<\/li>\n<\/ul>\n<p>W teorii gier neutralno\u015b\u0107 jest cz\u0119sto najbardziej stabiln\u0105 form\u0105 istnienia pa\u0144stwa mi\u0119dzy dwoma blokami w\u0142adzy.<\/p>\n<h3>Brak spirali eskalacji<\/h3>\n<p>Bez konfrontacji w tle ani Rosja nie widzia\u0142aby zagro\u017cenia dla bezpiecze\u0144stwa, ani Zach\u00f3d nie postrzega\u0142by Ukrainy jako geopolitycznego \u201epa\u0144stwa frontowego\u201c, a ponadto potencja\u0142 konfliktu pozosta\u0142by strukturalnie niewielki.<\/p>\n<p>Bez wojny, bez sankcji, bez wstrz\u0105s\u00f3w: Europa w ci\u0105g\u0142o\u015bci.<\/p>\n<p>Najwa\u017cniejszy punkt: \u015bcie\u017cka eskalacji w og\u00f3le by nie powsta\u0142a. W przypadku stabilnej \u015bcie\u017cki wsp\u00f3\u0142pracy wojnie nie trzeba by\u0142oby \u201ezapobiega\u0107\u201c - po prostu nie powsta\u0142aby ona w spos\u00f3b racjonalny, poniewa\u017c struktury motywacyjne do eskalacji by\u0142yby nieobecne.<\/p>\n<p>Tak w\u0142a\u015bnie wygl\u0105da my\u015blenie oparte na teorii gier: To nie moralno\u015b\u0107 zapobiega konfliktom, ale w\u0142a\u015bciwa motywacja.<\/p>\n<h3>Konsekwencje dla Europy<\/h3>\n<p>Gdyby nie wojna i sankcje, ostatnie lata w Europie charakteryzowa\u0142yby si\u0119 spokojem:<\/p>\n<ul>\n<li>brak eksplozji cen energii,<\/li>\n<li>brak dezindustrializacji,<\/li>\n<li>Brak wymuszonych zmian strukturalnych,<\/li>\n<li>mniejszy odp\u0142yw bogactwa do innych region\u00f3w \u015bwiata,<\/li>\n<li>mniej uzbrojenia wojskowego,<\/li>\n<li>Brak fali d\u0142ugu publicznego.<\/li>\n<\/ul>\n<p>Od razu wida\u0107, jak silnie jedna strategiczna \u015bcie\u017cka wp\u0142ywa na rzeczywisto\u015b\u0107 gospodarcz\u0105 i polityczn\u0105 ca\u0142ego kontynentu.<\/p>\n<h3>Czynnik ludzki<\/h3>\n<p>W tym alternatywnym scenariuszu Europa mia\u0142aby dzi\u015b:<\/p>\n<ul>\n<li>nie ma setek tysi\u0119cy ofiar wojny na swoich granicach,<\/li>\n<li>brak masowego nap\u0142ywu uchod\u017ac\u00f3w,<\/li>\n<li>\u017badnych rozbitych rodzin na linii frontu.<\/li>\n<\/ul>\n<p>Nie s\u0105 to os\u0105dy, ale logiczne konsekwencje \u015bcie\u017cki eskalacji, kt\u00f3ra nie zosta\u0142aby podj\u0119ta w scenariuszu wsp\u00f3\u0142pracy.<\/p>\n<h3>Europa w 2025 r. na \u015bcie\u017cce wsp\u00f3\u0142pracy<\/h3>\n<p>W 2025 r. Europa by\u0142aby sp\u00f3jnym gospodarczo kontynentem, kt\u00f3ry m\u00f3g\u0142by zachowa\u0107 sw\u00f3j przemys\u0142owy rdze\u0144 i utrzyma\u0107 stabilne systemy zabezpieczenia spo\u0142ecznego. Krajobraz polityczny by\u0142by mniej spolaryzowany, a nastroje spo\u0142eczne mniej napi\u0119te.<\/p>\n<blockquote><p>Kr\u00f3tko m\u00f3wi\u0105c, by\u0142aby to Europa, kt\u00f3ra pozosta\u0142a wierna samej sobie.<\/p><\/blockquote>\n<p>Maj\u0105c za sob\u0105 baz\u0119 energetyczn\u0105 i przemys\u0142ow\u0105, Europa mog\u0142aby swobodnie planowa\u0107 najwa\u017cniejsze przysz\u0142e kwestie - cyfryzacj\u0119, edukacj\u0119, infrastruktur\u0119, badania - bez kryzysowej stra\u017cy po\u017carnej. Jest to by\u0107 mo\u017ce najwa\u017cniejszy punkt ca\u0142ego tego rozdzia\u0142u:<\/p>\n<p>Wsp\u00f3\u0142praca tworzy strategiczny spok\u00f3j. A strategiczny spok\u00f3j jest najcenniejszym zasobem kontynentu, kt\u00f3ry rozwija si\u0119 dzi\u0119ki stabilno\u015bci przemys\u0142owej.<\/p>\n<h3>Dlaczego ten scenariusz nie jest wyidealizowany - ale logiczny<\/h3>\n<p>\u0141atwo jest b\u0142\u0119dnie zrozumie\u0107 ten rozdzia\u0142 jako nostalgiczn\u0105 retrospekcj\u0119. W rzeczywisto\u015bci jest wr\u0119cz przeciwnie: to czysta logika. Je\u015bli wybra\u0142e\u015b \u015bcie\u017ck\u0119 wsp\u00f3\u0142pracy w 2001 roku, wynika z tego:<\/p>\n<ul>\n<li>stabilne ceny,<\/li>\n<li>stabilne struktury,<\/li>\n<li>stabilna polityka,<\/li>\n<li>stabilne spo\u0142ecze\u0144stwa.<\/li>\n<\/ul>\n<p>To nie jest my\u015blenie \u017cyczeniowe, ale dok\u0142adnie to, czego uczy teoria gier:<\/p>\n<ul>\n<li>Wsp\u00f3\u0142praca sama si\u0119 nagradza.<\/li>\n<li>Nieufno\u015b\u0107 karze si\u0119 sama.<\/li>\n<\/ul>\n<p>Niniejszy rozdzia\u0142 nie pokazuje zatem, co by\u0142oby \u201e\u0142adniejsze\u201c, ale co by\u0142oby realistycznie mo\u017cliwe na tej samej podstawie decyzyjnej. Innym przyk\u0142adem podobnej dynamiki jest konflikt mi\u0119dzy Chinami, Tajwanem i USA, kt\u00f3ry prof. dr Rieck pokazuje w poni\u017cszym filmie z perspektywy teorii gier:<\/p>\n<div class=\"lyte-wrapper\" style=\"width:640px;max-width:100%;margin:5px;\"><div class=\"lyMe\" id=\"WYL_ZFuMmGH3NtM\"><div id=\"lyte_ZFuMmGH3NtM\" data-src=\"https:\/\/www.markus-schall.de\/wp-content\/plugins\/wp-youtube-lyte\/lyteCache.php?origThumbUrl=%2F%2Fi.ytimg.com%2Fvi%2FZFuMmGH3NtM%2Fhqdefault.jpg\" class=\"pL\"><div class=\"tC\"><div class=\"tT\"><\/div><\/div><div class=\"play\"><\/div><div class=\"ctrl\"><div class=\"Lctrl\"><\/div><div class=\"Rctrl\"><\/div><\/div><\/div><noscript><a href=\"https:\/\/youtu.be\/ZFuMmGH3NtM\" rel=\"nofollow noopener\" target=\"_blank\"><img loading=\"lazy\" decoding=\"async\" src=\"https:\/\/www.markus-schall.de\/wp-content\/plugins\/wp-youtube-lyte\/lyteCache.php?origThumbUrl=https%3A%2F%2Fi.ytimg.com%2Fvi%2FZFuMmGH3NtM%2F0.jpg\" alt=\"Miniatura wideo YouTube\" width=\"640\" height=\"340\" \/><br \/>Obejrzyj ten film na YouTube<\/a><\/noscript><\/div><\/div><div class=\"lL\" style=\"max-width:100%;width:640px;margin:5px;\"><\/div><br \/>\nNa drodze do wojny? Strategie konfliktu tajwa\u0144skiego | <a href=\"https:\/\/www.youtube.com\/@ProfRieck\" target=\"_blank\" rel=\"noopener\">Prof. dr Christian Rieck<\/a><\/p>\n<h2>Drzewo decyzyjne B: Prawdziwa \u015bcie\u017cka nieufno\u015bci<\/h2>\n<p>Rzeczywisty przebieg wydarze\u0144 od 2001 roku nie charakteryzowa\u0142 si\u0119 agresywnymi ambicjami czy celowym d\u0105\u017ceniem do eskalacji, ale czym\u015b znacznie mniej spektakularnym: instytucjonaln\u0105 ostro\u017cno\u015bci\u0105. Wielu decydent\u00f3w politycznych w Europie i USA interpretowa\u0142o Rosj\u0119 pod koniec lat 90. nie jako wiarygodnego partnera, ale jako potencjalne \u017ar\u00f3d\u0142o niepewno\u015bci.<\/p>\n<p>Ta postawa nie by\u0142a wo\u0142aniem o konfrontacj\u0119, ale raczej cichym, niezdecydowanym \u201eNie wiemy dok\u0142adnie, dok\u0105d to zmierza\u201c.\u201c<br \/>\nZ perspektywy teorii gier jest to klasyczny pocz\u0105tek spirali nieufno\u015bci:<\/p>\n<p>Pierwszy krok nie jest agresywny - jest defensywny. I w tym tkwi problem.<\/p>\n<h3>Rozszerzenia NATO na wsch\u00f3d: R\u00f3\u017cne odczyty tego samego sygna\u0142u<\/h3>\n<p><strong>Z perspektywy Zachodu: stabilizacja i gwarancja bezpiecze\u0144stwa<\/strong><\/p>\n<p>Dla wielu pa\u0144stw europejskich rozszerzenie NATO na wsch\u00f3d wydawa\u0142o si\u0119 logicznym krokiem: zabezpiecza\u0142o m\u0142ode demokracje. Mia\u0142o uspokoi\u0107 historyczne linie konflikt\u00f3w. By\u0142o te\u017c postrzegane wy\u0142\u0105cznie jako \u015brodek obronny. Zach\u00f3d odczytywa\u0142 rozszerzenie jako obietnic\u0119 bezpiecze\u0144stwa, a nie jako zagro\u017cenie.<\/p>\n<p><strong>Z rosyjskiej perspektywy: zaw\u0119\u017caj\u0105ca si\u0119 przestrze\u0144<\/strong><\/p>\n<p>Z drugiej strony, Rosja odczyta\u0142a dok\u0142adnie to samo wydarzenie inaczej - schemat, kt\u00f3ry jest cz\u0119\u015bci\u0105 codziennego \u017cycia w teorii gier. Podczas gdy Zach\u00f3d m\u00f3wi\u0142 o stabilizacji, Rosja widzia\u0142a:<\/p>\n<ul>\n<li>utrata strategicznych stref buforowych,<\/li>\n<li>przesuni\u0119cie infrastruktury wojskowej w kierunku w\u0142asnych granic,<\/li>\n<li>i os\u0142abienie w\u0142asnej polityki bezpiecze\u0144stwa.<\/li>\n<\/ul>\n<p>Oba by\u0142y racjonalne - ale nie kompatybilne. Dok\u0142adnie w tym miejscu zaczyna si\u0119 dylemat bezpiecze\u0144stwa.<\/p>\n<h3>Lata 2004-2014: rosn\u0105ce napi\u0119cia i nasilaj\u0105ca si\u0119 nieufno\u015b\u0107<\/h3>\n<p>W tych latach pojawi\u0142y si\u0119 pierwsze otwarte p\u0119kni\u0119cia:<\/p>\n<ul>\n<li>pomara\u0144czowej rewolucji w Ukrainie,<\/li>\n<li>Wzajemne oskar\u017cenia o zale\u017cno\u015bci energetyczne,<\/li>\n<li>polaryzacja polityczna w krajach Europy Wschodniej,<\/li>\n<li>rosn\u0105cej obecno\u015bci USA w regionie.<\/li>\n<\/ul>\n<p>Wydarzenia te cz\u0119sto nie by\u0142y z\u0142o\u015bliwe, ale podsyca\u0142y interpretacje. Ka\u017cda ze stron w coraz wi\u0119kszym stopniu interpretowa\u0142a dzia\u0142ania drugiej strony jako strategiczne komunikaty - ju\u017c nie jako wewn\u0119trzne wydarzenia.<\/p>\n<h3>Krym 2014: punkt zwrotny<\/h3>\n<p>Konflikt o Krym nie by\u0142 pocz\u0105tkiem napi\u0119\u0107, ale pierwszym wyra\u017anym symptomem ju\u017c rosn\u0105cej nieufno\u015bci.<br \/>\nEuropa zareagowa\u0142a sankcjami, a Rosja defensywn\u0105 polityk\u0105 bezpiecze\u0144stwa. Spirala wsp\u00f3\u0142pracy, kt\u00f3ra by\u0142aby mo\u017cliwa w 2001 roku, zosta\u0142a ostatecznie zast\u0105piona spiral\u0105 nieufno\u015bci.<\/p>\n<h3>Po 2014 roku: samonap\u0119dzaj\u0105ca si\u0119 spirala<\/h3>\n<p>Sankcje s\u0105 klasycznym instrumentem w stosunkach mi\u0119dzynarodowych. Jednak z punktu widzenia teorii gier s\u0105 one obosieczne: maj\u0105 na celu os\u0142abienie przeciwnika, ale jednocze\u015bnie wzmacniaj\u0105 jego nieufno\u015b\u0107. Lata po 2014 r. charakteryzowa\u0142y si\u0119:<\/p>\n<ul>\n<li>rosn\u0105ca rozbie\u017cno\u015b\u0107 gospodarcza,<\/li>\n<li>Polityczne oddzielenie Rosji od Europy,<\/li>\n<li>strategicznego zbli\u017cenia mi\u0119dzy Rosj\u0105 a Chinami,<\/li>\n<li>i utrata dawniej wsp\u00f3lnych linii ekonomicznych.<\/li>\n<\/ul>\n<p>W ten spos\u00f3b Europa straci\u0142a d\u017awignie, kt\u00f3re umo\u017cliwi\u0142yby wsp\u00f3\u0142prac\u0119 w przysz\u0142o\u015bci.<\/p>\n<h3>Militaryzacja j\u0119zyka i symboliki<\/h3>\n<p>Jednocze\u015bnie po obu stronach narasta\u0142a retoryka militarna. Niekoniecznie celowo, ale w wyniku strukturalnej nieufno\u015bci.<\/p>\n<p>Gdy tylko jedna strona broni si\u0119 defensywnie, druga interpretuje to jako przygotowanie do ataku - klasyczny schemat.<\/p>\n<h3>Eskalacja od 2022 r.: moment, w kt\u00f3rym nieufno\u015b\u0107 nabra\u0142a tempa<\/h3>\n<p>Inwazja Rosji na Ukrain\u0119 w 2022 roku nie by\u0142a odosobnionym wydarzeniem, ale punktem ko\u0144cowym d\u0142ugiego, katastrofalnego rozwoju strukturalnego. To nie jest uzasadnienie - to obserwacja teoretyczna:<\/p>\n<p>Konflikty cz\u0119sto powstaj\u0105, gdy nikt do nich nie d\u0105\u017cy. S\u0105 one logiczn\u0105 konsekwencj\u0105 niekontrolowanej eskalacji.<\/p>\n<h3>Odpowied\u017a Zachodu: sankcje, bro\u0144, izolacja<\/h3>\n<p>Europa i USA zareagowa\u0142y tym samym:<\/p>\n<ul>\n<li>masowe sankcje gospodarcze,<\/li>\n<li>Dostawy broni,<\/li>\n<li>polityczne oddzielenie,<\/li>\n<li>odwr\u00f3t dyplomatyczny.<\/li>\n<\/ul>\n<p>To sprawi\u0142o, \u017ce \u015bcie\u017cka nieufno\u015bci sta\u0142a si\u0119 nieodwracalna.<\/p>\n<h3>Konsekwencje dla Europy: energia, przemys\u0142, zak\u0142\u00f3cenia strukturalne<\/h3>\n<p>Kiedy rosyjskie dostawy energii zosta\u0142y odci\u0119te, Europa straci\u0142a fundament, kt\u00f3ry podtrzymywa\u0142 jej si\u0142\u0119 przemys\u0142ow\u0105 przez dziesi\u0119ciolecia.<br \/>\nKonsekwencje by\u0142y nieuniknione:<\/p>\n<ul>\n<li>gwa\u0142townie rosn\u0105ce ceny energii,<\/li>\n<li>Presja na energoch\u0142onne ga\u0142\u0119zie przemys\u0142u,<\/li>\n<li>Przeniesienie produkcji do kraj\u00f3w o ni\u017cszych kosztach,<\/li>\n<li>przyspieszona dezindustrializacja w poszczeg\u00f3lnych sektorach.<\/li>\n<\/ul>\n<p>Nie w wyniku b\u0142\u0119dnej decyzji politycznej - ale jako systemowa konsekwencja \u015bcie\u017cki nieufno\u015bci, kt\u00f3rej teraz nie da si\u0119 przeoczy\u0107.<\/p>\n<h3>Utrata dobrobytu jako efekt strukturalny<\/h3>\n<p>Od tego czasu Europa znajduje si\u0119 pod ci\u0105g\u0142\u0105 presj\u0105, by si\u0119 dostosowa\u0107:<\/p>\n<ul>\n<li>malej\u0105ca konkurencyjno\u015b\u0107,<\/li>\n<li>rosn\u0105cy d\u0142ug publiczny,<\/li>\n<li>niska aktywno\u015b\u0107 inwestycyjna w sektorze produkcyjnym,<\/li>\n<li>Migracja firm.<\/li>\n<\/ul>\n<p>Efekty te nie s\u0105 kr\u00f3tkoterminowymi skokami - s\u0105 to d\u0142ugoterminowe wyniki utraconej \u015bcie\u017cki wsp\u00f3\u0142pracy.<\/p>\n<h3>Konsekwencje spo\u0142eczne: Polaryzacja i permanentne kryzysy<\/h3>\n<p>Nieufno\u015b\u0107 ma wp\u0142yw nie tylko na arenie mi\u0119dzynarodowej, ale tak\u017ce wkracza do wewn\u0105trz. Europa do\u015bwiadcza tego od lat:<\/p>\n<ul>\n<li>wzrost polaryzacji spo\u0142ecznej,<\/li>\n<li>fragmentacja polityczna,<\/li>\n<li>og\u00f3lne zm\u0119czenie w obliczu ci\u0105g\u0142ych kryzys\u00f3w,<\/li>\n<li>przegrzanie medi\u00f3w, kt\u00f3re nieustannie produkuj\u0105 nowe alarmuj\u0105ce tematy.<\/li>\n<\/ul>\n<p>Utrata drogi sp\u00f3\u0142dzielczej oznacza zatem r\u00f3wnie\u017c utrat\u0119 spokoju politycznego i spo\u0142ecznego.<\/p>\n<h3>Teoretyczny rdze\u0144 gry: Dlaczego ta \u015bcie\u017cka sta\u0142a si\u0119 tak stabilna?<\/h3>\n<p>Prawdziwa \u015bcie\u017cka zosta\u0142a obrana nie dlatego, \u017ce by\u0142a \u201enajlepsza\u201c, ale dlatego, \u017ce sta\u0142a si\u0119 samowystarczaln\u0105 struktur\u0105 po pierwszych podejrzanych sygna\u0142ach. W teorii gier nazywa si\u0119 to blokad\u0105 poprzez stabilizacj\u0119 oczekiwa\u0144:<\/p>\n<p>Gdy tylko obie strony sklasyfikuj\u0105 zachowanie drugiej strony jako trwale nieufne, zmienia si\u0119 ca\u0142a logika dzia\u0142a\u0144. Wsp\u00f3\u0142praca staje si\u0119 ryzykowna, nieufno\u015b\u0107 staje si\u0119 racjonalna. I w\u0142a\u015bnie ten mechanizm charakteryzuje stosunki europejsko-rosyjskie od ponad dw\u00f3ch dekad.<\/p>\n<h3>Por\u00f3wnanie obu drzew decyzyjnych<\/h3>\n<div style=\"overflow-x: auto;\">\n<table>\n<thead style=\"background-color: #f2f2f2;\">\n<tr>\n<th>Cecha<\/th>\n<th>A - Wsp\u00f3\u0142praca<\/th>\n<th>B - Nieufno\u015b\u0107 (prawdziwa \u015bcie\u017cka)<\/th>\n<\/tr>\n<\/thead>\n<tbody>\n<tr>\n<td><strong>Dostawa energii<\/strong><\/td>\n<td>Stabilna, d\u0142ugoterminowa wsp\u00f3\u0142praca z Rosj\u0105; Nord Stream 1 i 2 jako niezawodna infrastruktura; niskie i przewidywalne ceny energii.<\/td>\n<td>Anulowanie wsp\u00f3\u0142pracy energetycznej; ogromna niepewno\u015b\u0107 na rynkach energii; gwa\u0142townie rosn\u0105ce i niestabilne ceny energii.<\/td>\n<\/tr>\n<tr>\n<td><strong>Europejska baza przemys\u0142owa<\/strong><\/td>\n<td>Zachowanie energoch\u0142onnego przemys\u0142u w Europie; stabilne \u0142a\u0144cuchy produkcyjne; wysoka konkurencyjno\u015b\u0107 w sektorze produkcyjnym.<\/td>\n<td>Presja na energoch\u0142onne ga\u0142\u0119zie przemys\u0142u; przenoszenie produkcji do innych region\u00f3w \u015bwiata; pocz\u0105tkowa dezindustrializacja w poszczeg\u00f3lnych sektorach.<\/td>\n<\/tr>\n<tr>\n<td><strong>Rozw\u00f3j makroekonomiczny<\/strong><\/td>\n<td>Ci\u0105g\u0142y wzrost, przewidywalne cykle inwestycyjne, solidne bud\u017cety krajowe; mniej interwencji kryzysowych.<\/td>\n<td>Okresy recesji, zwi\u0119kszony d\u0142ug publiczny, sta\u0142e programy kryzysowe; niech\u0119\u0107 do inwestowania w kluczowych sektorach.<\/td>\n<\/tr>\n<tr>\n<td><strong>Geopolityczna rola Europy<\/strong><\/td>\n<td>Niezale\u017cny biegun gospodarczy mi\u0119dzy USA i Chinami; wi\u0119ksza autonomia strategiczna dzi\u0119ki silnemu przemys\u0142owi i bezpiecznej energii.<\/td>\n<td>Rosn\u0105ca zale\u017cno\u015b\u0107 od zewn\u0119trznych gwarant\u00f3w energii i bezpiecze\u0144stwa; ograniczone pole manewru w polityce zagranicznej.<\/td>\n<\/tr>\n<tr>\n<td><strong>Ukraina<\/strong><\/td>\n<td>Neutralne pa\u0144stwo buforowe oparte na \u201emodelu fi\u0144skim\u201c; powi\u0105zania gospodarcze ze Wschodem i Zachodem; niski potencja\u0142 eskalacji.<\/td>\n<td>Pa\u0144stwo frontowe konfliktu blokowego; wojskowy \u015brodek ci\u0119\u017cko\u015bci; ogromne zniszczenia wojenne i zniszczenia we w\u0142asnym kraju.<\/td>\n<\/tr>\n<tr>\n<td><strong>Polityka bezpiecze\u0144stwa<\/strong><\/td>\n<td>Architektura bezpiecze\u0144stwa oparta na wsp\u00f3\u0142pracy z Rosj\u0105; ograniczenie postrzegania zagro\u017cenia; ograniczona militaryzacja.<\/td>\n<td>Rozszerzenie obecno\u015bci NATO na wschodzie; rosn\u0105ce uzbrojenie po obu stronach; wzajemne postrzeganie si\u0119 jako potencjalne zagro\u017cenie.<\/td>\n<\/tr>\n<tr>\n<td><strong>Stosunki mi\u0119dzy Rosj\u0105 a Europ\u0105<\/strong><\/td>\n<td>D\u0142ugoterminowe partnerstwo oparte na energii, handlu i bezpiecze\u0144stwie; budowanie zaufania przez dziesi\u0119ciolecia.<\/td>\n<td>Rosn\u0105ca alienacja; oddzielenie gospodarcze, polityczne i wojskowe; konsolidacja stereotyp\u00f3w wroga.<\/td>\n<\/tr>\n<tr>\n<td><strong>Sankcje i \u015brodki zaradcze<\/strong><\/td>\n<td>Brak konieczno\u015bci stosowania sankcji strukturalnych; konflikty rozwi\u0105zywane g\u0142\u00f3wnie na drodze dyplomatycznej; wsp\u00f3\u0142zale\u017cno\u015b\u0107 jako czynnik stabilizuj\u0105cy.<\/td>\n<td>Rozleg\u0142e pakiety sankcji przeciwko Rosji; kontrsankcje i przekierowanie przep\u0142yw\u00f3w handlowych; d\u0142ugoterminowa utrata zaufania.<\/td>\n<\/tr>\n<tr>\n<td><strong>Nastroje spo\u0142eczne w Europie<\/strong><\/td>\n<td>Wi\u0119cej spokoju i przewidywalno\u015bci; mniej ci\u0105g\u0142ej komunikacji kryzysowej; mniej polaryzacji w polityce wewn\u0119trznej.<\/td>\n<td>Rosn\u0105ce zm\u0119czenie spowodowane trybem kryzysowym; rosn\u0105cy podzia\u0142 polityczny; wi\u0119ksza polaryzacja mi\u0119dzy \u201eobozem my\u015blenia\u201c.<\/td>\n<\/tr>\n<tr>\n<td><strong>Struktura medi\u00f3w<\/strong><\/td>\n<td>Polityka zagraniczna zg\u0142aszana bardziej jako strategia d\u0142ugoterminowa; miejsce na zr\u00f3\u017cnicowane analizy i scenariusze.<\/td>\n<td>Raportowanie zorientowane na konflikt; silna emocjonalizacja; uproszczenie z\u0142o\u017conych kontekst\u00f3w do narracji o przyjacio\u0142ach\/znajomych.<\/td>\n<\/tr>\n<tr>\n<td><strong>Wymiar militarny<\/strong><\/td>\n<td>Ograniczone zbrojenia; skupienie si\u0119 na dyplomacji, stosunkach handlowych i wsp\u00f3lnej polityce bezpiecze\u0144stwa.<\/td>\n<td>Uzbrojenie i militaryzacja wielu debat; rosn\u0105ce wydatki na obron\u0119; przesuni\u0119cie zasob\u00f3w politycznych do sektora bezpiecze\u0144stwa.<\/td>\n<\/tr>\n<tr>\n<td><strong>Strategiczna perspektywa d\u0142ugoterminowa<\/strong><\/td>\n<td>Spirala wsp\u00f3\u0142pracy: Zaufanie generuje dalsz\u0105 wsp\u00f3\u0142prac\u0119; d\u0142ugoterminowa stabilno\u015b\u0107 jako normalny stan.<\/td>\n<td>Spirala nieufno\u015bci: ka\u017cda ze stron oczekuje od drugiej najgorszego; konflikt i zabezpieczanie si\u0119 staj\u0105 si\u0119 norm\u0105.<\/td>\n<\/tr>\n<tr>\n<td><strong>Ludzie i realia \u017cycia<\/strong><\/td>\n<td>Brak dzia\u0142a\u0144 wojennych w Europie mi\u0119dzy Rosj\u0105 a Ukrain\u0105; brak masowych przesiedle\u0144; mniej traumatyzacji.<\/td>\n<td>Setki tysi\u0119cy zabitych i rannych, strumienie przesiedle\u0144c\u00f3w, zniszczone miasta; d\u0142ugotrwa\u0142a trauma dla obu spo\u0142ecze\u0144stw.<\/td>\n<\/tr>\n<\/tbody>\n<\/table>\n<\/div>\n<h2>Istota teorii gier: Jak brak zaufania niszczy systemy<\/h2>\n<p>Nieufno\u015b\u0107 nie jest uczuciem - jest zasad\u0105 strukturaln\u0105. W j\u0119zyku potocznym nieufno\u015b\u0107 wydaje si\u0119 by\u0107 zjawiskiem emocjonalnym. Jednak w teorii gier nieufno\u015b\u0107 jest racjonalnym stanem, kt\u00f3ry pojawia si\u0119, gdy dw\u00f3ch graczy nie mo\u017ce ju\u017c ufa\u0107, \u017ce wsp\u00f3\u0142praca zostanie odwzajemniona. Nie jest to kwestia moralno\u015bci, ale kwestia oczekiwa\u0144. Dynamika jest prosta i jednocze\u015bnie niszczycielska:<\/p>\n<ul>\n<li>Ci, kt\u00f3rzy oczekuj\u0105 zaufania, dzia\u0142aj\u0105 wsp\u00f3lnie.<\/li>\n<li>Ci, kt\u00f3rzy spodziewaj\u0105 si\u0119 braku zaufania, dzia\u0142aj\u0105 defensywnie.<\/li>\n<li>Ci, kt\u00f3rzy zachowuj\u0105 si\u0119 defensywnie, s\u0105 r\u00f3wnie\u017c postrzegani jako podejrzani przez swoich odpowiednik\u00f3w.<\/li>\n<\/ul>\n<p>Tworzy to cykl, kt\u00f3ry sam si\u0119 nap\u0119dza. Nie dlatego, \u017ce jedna ze stron dzia\u0142a \u201eniew\u0142a\u015bciwie\u201c, ale dlatego, \u017ce struktura zmusza zaanga\u017cowane osoby do podejmowania w\u0142a\u015bnie takich krok\u00f3w.<\/p>\n<h3>Dylemat bezpiecze\u0144stwa: kiedy obrona wygl\u0105da jak atak<\/h3>\n<p>Najbardziej znanym modelem wyja\u015bniaj\u0105cym t\u0119 dynamik\u0119 jest dylemat bezpiecze\u0144stwa. Opisuje on, w jaki spos\u00f3b pa\u0144stwa, kt\u00f3re w rzeczywisto\u015bci chc\u0105 tylko chroni\u0107 siebie, nieuchronnie popadaj\u0105 w postrzeganie zagro\u017cenia. Logika jest otrze\u017awiaj\u0105ca:<\/p>\n<ul>\n<li>Pa\u0144stwo wzmacnia swoj\u0105 obron\u0119.<\/li>\n<li>S\u0105siad interpretuje to jako mo\u017cliwy sygna\u0142 ataku.<\/li>\n<li>Uzbraja si\u0119 r\u00f3wnie\u017c - nie po to, by grozi\u0107, ale by unikn\u0105\u0107 zagro\u017cenia.<\/li>\n<li>Ta reakcja z kolei wydaje si\u0119 by\u0107 dla pierwszego pa\u0144stwa potwierdzeniem jego w\u0142asnej nieufno\u015bci.<\/li>\n<\/ul>\n<p>Konflikty powstaj\u0105 niemal automatycznie - nie poprzez agresj\u0119, ale poprzez wzajemn\u0105 b\u0142\u0119dn\u0105 interpretacj\u0119 \u015brodk\u00f3w obronnych. W\u0142a\u015bnie taka dynamika charakteryzowa\u0142a stosunki rosyjsko-europejskie po 2001 roku. Wsp\u00f3\u0142praca by\u0142aby mo\u017cliwa, ale pierwsze drobne oznaki ostro\u017cno\u015bci wprawi\u0142y w ruch struktur\u0119, kt\u00f3r\u0105 trudno by\u0142o p\u00f3\u017aniej skorygowa\u0107.<\/p>\n<h3>Spirale nieufno\u015bci: Dlaczego s\u0105 silniejsze ni\u017c spirale wsp\u00f3\u0142pracy?<\/h3>\n<p>Wsp\u00f3\u0142praca jest delikatna. Wymaga:<\/p>\n<ul>\n<li>stabilne warunki ramowe,<\/li>\n<li>planowanie d\u0142ugoterminowe,<\/li>\n<li>wzajemne sygna\u0142y dobrej woli.<\/li>\n<\/ul>\n<p>Nieufno\u015b\u0107, z drugiej strony, nie potrzebuje niczego wi\u0119cej ni\u017c pojedynczego negatywnego sygna\u0142u, kt\u00f3ry mo\u017ce by\u0107 interpretowany poprawnie lub niepoprawnie. Dlatego w\u0142a\u015bnie nieufno\u015b\u0107 jest strukturalnie silniejsza:<\/p>\n<ul>\n<li>Wystarczy jeden b\u0142\u0105d, by zniszczy\u0107 zaufanie.<\/li>\n<li>Aby go odbudowa\u0107, konieczne jest wykonanie wielu prawid\u0142owych krok\u00f3w.<\/li>\n<li>Ka\u017cda ze stron ocenia b\u0142\u0119dy drugiej strony surowiej ni\u017c w\u0142asne.<\/li>\n<\/ul>\n<p>Im d\u0142u\u017cej trwa spirala nieufno\u015bci, tym trudniej jest do niej powr\u00f3ci\u0107. Dok\u0142adnie to wydarzy\u0142o si\u0119 w stosunkach mi\u0119dzy Europ\u0105 a Rosj\u0105. Nie by\u0142o to zaplanowane zerwanie. By\u0142o to samowzmocnienie, kt\u00f3re rozpocz\u0119\u0142o si\u0119 wiele lat przed 2014 rokiem i osi\u0105gn\u0119\u0142o szczyt w 2022 roku.<\/p>\n<h3>Cena braku zaufania: kiedy systemy niszcz\u0105 swoje w\u0142asne fundamenty<\/h3>\n<p>W polityce mi\u0119dzynarodowej nieufno\u015b\u0107 jest nie tylko nieprzyjemna. Niszczy ona prawdziwe struktury:<\/p>\n<ul>\n<li>Wsp\u00f3\u0142zale\u017cno\u015b\u0107 gospodarcza<\/li>\n<li>Kana\u0142y dialogu politycznego<\/li>\n<li>Wsp\u00f3\u0142praca technologiczna<\/li>\n<li>Stabilno\u015b\u0107 polityki bezpiecze\u0144stwa<\/li>\n<\/ul>\n<p>Je\u015bli system stale charakteryzuje si\u0119 brakiem zaufania, zaczyna rozpada\u0107 si\u0119 na kraw\u0119dziach. Dok\u0142adnie to obserwujemy w Europie od kilku lat: Struktury, kt\u00f3re funkcjonowa\u0142y przez dziesi\u0119ciolecia, trac\u0105 stabilno\u015b\u0107 - nie z powodu zewn\u0119trznych atak\u00f3w, ale z powodu wewn\u0119trznej logiki eskaluj\u0105cej \u015bcie\u017cki nieufno\u015bci.<\/p>\n<hr \/>\n<h3>Aktualne badanie dotycz\u0105ce mo\u017cliwego przypadku napi\u0119cia<\/h3>\n<div class='bootstrap-yop yop-poll-mc'>\n\t\t\t\t\t\t\t<div class=\"basic-yop-poll-container\" style=\"background-color:#ffffff; border:0px; border-style:solid; border-color:#000000; border-radius:5px; padding:0px 5px;\" data-id=\"6\" data-temp=\"basic-pretty\" data-skin=\"square\" data-cscheme=\"blue\" data-cap=\"0\" data-access=\"guest\" data-tid=\"\" data-uid=\"acd67bf8df268cdc9e9a698f0b849369\" data-pid=\"4521\" data-resdet=\"votes-number,percentages\" data-show-results-to=\"guest\" data-show-results-moment=\"after-vote\" data-show-results-only=\"false\" data-show-message=\"true\" data-show-results-as=\"bar\" data-sort-results-by=\"as-defined\" data-sort-results-rule=\"asc\"data-is-ended=\"0\" data-percentages-decimals=\"2\" data-gdpr=\"no\" data-gdpr-sol=\"consent\" data-css=\".basic-yop-poll-container[data-uid] .basic-vote {\t\t\t\t\t\t\t\t\ttext-align: center;\t\t\t\t\t\t\t\t}\" data-counter=\"0\" data-load-with=\"1\" data-notification-section=\"top\"><div class=\"row\"><div class=\"col-md-12\"><div class=\"basic-inner\"><div class=\"basic-message hide\" style=\"border-left: 10px solid #008000; padding: 0px 10px;\" data-error=\"#ff0000\" data-success=\"#008000\"><p class=\"basic-message-text\" style=\"color:#000000; font-size:14px; font-weight:normal;\"><\/p><\/div><div class=\"basic-overlay hide\"><div class=\"basic-vote-options\"><\/div><div class=\"basic-preloader\"><div class=\"basic-windows8\"><div class=\"basic-wBall basic-wBall_1\"><div class=\"basic-wInnerBall\"><\/div><\/div><div class=\"basic-wBall basic-wBall_2\"><div class=\"basic-wInnerBall\"><\/div><\/div><div class=\"basic-wBall basic-wBall_3\"><div class=\"basic-wInnerBall\"><\/div><\/div><div class=\"basic-wBall basic-wBall_4\"><div class=\"basic-wInnerBall\"><\/div><\/div><div class=\"basic-wBall basic-wBall_5\"><div class=\"basic-wInnerBall\"><\/div><\/div><\/div><\/div><\/div><form class=\"basic-form\" action=\"\"><input type=\"hidden\" name=\"_token\" value=\"add2292e6a\" autocomplete=\"off\"><div class=\"basic-elements\"><div class=\"basic-element basic-question basic-question-text-vertical\" data-id=\"6\" data-uid=\"ce7c374afd1a94780f14e77c2a8dc565\" data-type=\"question\" data-question-type=\"text\" data-required=\"yes\" data-allow-multiple=\"no\" data-min=\"1\" data-max=\"7\" data-display=\"vertical\" data-colnum=\"\" data-display-others=\"no\" data-others-color=\"\" data-others=\"\" data-others-max-chars=\"0\"><div class=\"basic-question-title\"><h5 style=\"color:#000000; font-size:16px; font-weight:normal; text-align:left;\">Jak dobrze osobi\u015bcie czujesz si\u0119 przygotowany na ewentualny przypadek napi\u0119cia (np. kryzys lub wojn\u0119)?<\/h5><\/div><ul class=\"basic-answers\"><li class=\"basic-answer\" style=\"padding:0px 0px;\" data-id=\"24\" data-type=\"text\" data-vn=\"19\" data-color=\"#000000\" data-make-link=\"no\" data-link=\"\"><div class=\"basic-answer-content basic-text-vertical\"><label for=\"answer[24]\" class=\"basic-answer-label\"><input type=\"radio\" id=\"answer[24]\" name=\"answer[6]\" value=\"24\"><span class=\"basic-text\" style=\"color: #000000; font-size: 14px; font-weight: normal;\">Bardzo dobrze - mam zapasy, wiedz\u0119 i plan<\/span><\/label><\/div><\/li><li class=\"basic-answer\" style=\"padding:0px 0px;\" data-id=\"25\" data-type=\"text\" data-vn=\"36\" data-color=\"#000000\" data-make-link=\"no\" data-link=\"\"><div class=\"basic-answer-content basic-text-vertical\"><label for=\"answer[25]\" class=\"basic-answer-label\"><input type=\"radio\" id=\"answer[25]\" name=\"answer[6]\" value=\"25\"><span class=\"basic-text\" style=\"color: #000000; font-size: 14px; font-weight: normal;\">Raczej dobre - przemy\u015bla\u0142em to troch\u0119<\/span><\/label><\/div><\/li><li class=\"basic-answer\" style=\"padding:0px 0px;\" data-id=\"26\" data-type=\"text\" data-vn=\"59\" data-color=\"#000000\" data-make-link=\"no\" data-link=\"\"><div class=\"basic-answer-content basic-text-vertical\"><label for=\"answer[26]\" class=\"basic-answer-label\"><input type=\"radio\" id=\"answer[26]\" name=\"answer[6]\" value=\"26\"><span class=\"basic-text\" style=\"color: #000000; font-size: 14px; font-weight: normal;\">Raczej nie - mam tylko nadziej\u0119, \u017ce nic si\u0119 nie stanie<\/span><\/label><\/div><\/li><li class=\"basic-answer\" style=\"padding:0px 0px;\" data-id=\"27\" data-type=\"text\" data-vn=\"13\" data-color=\"#000000\" data-make-link=\"no\" data-link=\"\"><div class=\"basic-answer-content basic-text-vertical\"><label for=\"answer[27]\" class=\"basic-answer-label\"><input type=\"radio\" id=\"answer[27]\" name=\"answer[6]\" value=\"27\"><span class=\"basic-text\" style=\"color: #000000; font-size: 14px; font-weight: normal;\">Wcale nie - celowo nie poruszam tego tematu<\/span><\/label><\/div><\/li><li class=\"basic-answer\" style=\"padding:0px 0px;\" data-id=\"28\" data-type=\"text\" data-vn=\"17\" data-color=\"#000000\" data-make-link=\"no\" data-link=\"\"><div class=\"basic-answer-content basic-text-vertical\"><label for=\"answer[28]\" class=\"basic-answer-label\"><input type=\"radio\" id=\"answer[28]\" name=\"answer[6]\" value=\"28\"><span class=\"basic-text\" style=\"color: #000000; font-size: 14px; font-weight: normal;\">Czym w og\u00f3le jest \u201espadek napi\u0119cia\u201c?<\/span><\/label><\/div><\/li><\/ul><\/div><div class=\"clearfix\"><\/div><\/div><div class=\"basic-vote\"><a href=\"#\" class=\"button basic-vote-button\" role=\"button\" style=\"background:#027bb8; border:0px; border-style: solid; border-color:#000000; border-radius:5px; padding:10px 10px; color:#ffffff; font-size:14px; font-weight:normal;\">G\u0142osowanie<\/a><\/div><input type=\"hidden\" name=\"trp-form-language\" value=\"pl\"\/><\/form><\/div><\/div><\/div><\/div>\n\t\t\t\t\t\t<\/div>\n<hr \/>\n<h3>Europa zmarnowa\u0142a swoj\u0105 historyczn\u0105 szans\u0119 na stanie si\u0119 niezale\u017cnym biegunem w\u0142adzy<\/h3>\n<p>To by\u0107 mo\u017ce najwa\u017cniejszy punkt ca\u0142ego artyku\u0142u. Jest wolny od emocji, ale analitycznie istotny: Europa mia\u0142a wyj\u0105tkow\u0105 okazj\u0119, by sta\u0107 si\u0119 trzecim globalnym biegunem w\u0142adzy. Warunki by\u0142y idealne:<\/p>\n<ul>\n<li>si\u0142a ekonomiczna,<\/li>\n<li>waga polityczna,<\/li>\n<li>po\u0142o\u017cenie geograficzne,<\/li>\n<li>Dost\u0119p do stabilnych \u017ar\u00f3de\u0142 energii,<\/li>\n<li>potencjalna wsp\u00f3\u0142praca z Rosj\u0105 jako wschodni fundament.<\/li>\n<\/ul>\n<p>Jednak Europa ze stale wysokimi cenami energii - a tym samym strukturalnie os\u0142abionym przemys\u0142em - nie mo\u017ce ju\u017c pe\u0142ni\u0107 tej roli. Nie jest to os\u0105d polityczny, ale konsekwencja teorii gier:<\/p>\n<p>Je\u015bli gracz traci sw\u00f3j najwa\u017cniejszy zas\u00f3b (w tym przypadku: tani\u0105 i stabiln\u0105 energi\u0119), traci zdolno\u015b\u0107 do strategicznego i niezale\u017cnego dzia\u0142ania. Przez dziesi\u0119ciolecia Europa chcia\u0142a by\u0107 przeciwwag\u0105 dla USA i Chin.<\/p>\n<ul>\n<li>Ale bez si\u0142y przemys\u0142owej nie ma przeciwwagi.<\/li>\n<li>A bez bezpiecze\u0144stwa energetycznego nie ma si\u0142y przemys\u0142owej.<\/li>\n<\/ul>\n<p>Oznacza to, \u017ce prawdziwa \u015bcie\u017cka B to nie tylko kurs polityczny - to strukturalna samo-redukcja Europy w systemie mi\u0119dzynarodowym. W j\u0119zyku teorii gier oznacza to<\/p>\n<p>Kontynent przestawi\u0142 si\u0119 z roli niezale\u017cnego gracza na rol\u0119 gracza reaguj\u0105cego. Nie ze z\u0142ej woli. Nie z powodu b\u0142\u0119d\u00f3w jednostek. Ale przez logiczn\u0105 konsekwencj\u0119 \u015bcie\u017cki nieufno\u015bci, kt\u00f3ra niszczy w\u0142asne fundamenty.<\/p>\n<h3>Dlaczego systemy rozpadaj\u0105 si\u0119 pod wp\u0142ywem braku zaufania - i prawie nigdy nie powracaj\u0105<\/h3>\n<p>Nieufno\u015b\u0107 prowadzi nie tylko do konflikt\u00f3w, ale tak\u017ce do erozji strukturalnej:<\/p>\n<ul>\n<li>Przerwanie \u0142a\u0144cuch\u00f3w dostaw,<\/li>\n<li>Rozdzielenie obszar\u00f3w handlowych,<\/li>\n<li>Inwestycje migruj\u0105,<\/li>\n<li>stabilno\u015b\u0107 polityczna spada,<\/li>\n<li>a polaryzacja spo\u0142eczna ro\u015bnie.<\/li>\n<\/ul>\n<p>Czynnik decyduj\u0105cy: Im d\u0142u\u017cej trwa takie \u015brodowisko, tym bardziej instytucje i gracze dostosowuj\u0105 si\u0119 do nowej sytuacji. Nieufno\u015b\u0107 staje si\u0119 norm\u0105. Z perspektywy teorii gier oznacza to, \u017ce<\/p>\n<p>System osi\u0105gn\u0105\u0142 stabilny, ale s\u0142aby stan r\u00f3wnowagi - tzw. <strong>\u201eR\u00f3wnowaga Nasha oddzielenia\u201c<\/strong>. Takie r\u00f3wnowagi nie mog\u0105 by\u0107 po prostu renegocjowane. Utrzymuj\u0105 si\u0119 one, poniewa\u017c ka\u017cda ze stron wierzy, \u017ce druga nie mo\u017ce lub nie chce powr\u00f3ci\u0107 do poprzedniego stanu.<\/p>\n<h3>Lekcja 25 lat: Zaufanie jest najta\u0144szym surowcem - i najcenniejszym<\/h3>\n<p>Je\u015bli por\u00f3wnamy te dwa drzewa decyzyjne, jedna rzecz stanie si\u0119 jasna:<\/p>\n<ul>\n<li><strong>Wsp\u00f3\u0142praca<\/strong> generuje dobrobyt, stabilno\u015b\u0107 i strategiczn\u0105 autonomi\u0119.<\/li>\n<li><strong>Nieufno\u015b\u0107<\/strong> powoduje niepewno\u015b\u0107, koszty i zale\u017cno\u015b\u0107 strukturaln\u0105.<\/li>\n<\/ul>\n<p>Europa nie upad\u0142a z powodu przeciwnika. Zawiod\u0142a z powodu \u017ale dopasowanej struktury oczekiwa\u0144, kt\u00f3ra podkopa\u0142a jej w\u0142asne fundamenty. Ostatecznie jest to najwa\u017cniejszy wniosek p\u0142yn\u0105cy z teorii gier:<\/p>\n<p>Nieufno\u015b\u0107 nie niszczy system\u00f3w spektakularnie - niszczy je podst\u0119pnie. Z\u017cera podstawy, a\u017c podmiot ledwo jest w stanie swobodnie dzia\u0142a\u0107. I w\u0142a\u015bnie w takiej sytuacji znajduje si\u0119 dzi\u015b Europa.<\/p>\n<div class=\"lyte-wrapper\" style=\"width:640px;max-width:100%;margin:5px;\"><div class=\"lyMe\" id=\"WYL_nGc9xdwXB6I\"><div id=\"lyte_nGc9xdwXB6I\" data-src=\"https:\/\/www.markus-schall.de\/wp-content\/plugins\/wp-youtube-lyte\/lyteCache.php?origThumbUrl=%2F%2Fi.ytimg.com%2Fvi%2FnGc9xdwXB6I%2Fhqdefault.jpg\" class=\"pL\"><div class=\"tC\"><div class=\"tT\"><\/div><\/div><div class=\"play\"><\/div><div class=\"ctrl\"><div class=\"Lctrl\"><\/div><div class=\"Rctrl\"><\/div><\/div><\/div><noscript><a href=\"https:\/\/youtu.be\/nGc9xdwXB6I\" rel=\"nofollow noopener\" target=\"_blank\"><img loading=\"lazy\" decoding=\"async\" src=\"https:\/\/www.markus-schall.de\/wp-content\/plugins\/wp-youtube-lyte\/lyteCache.php?origThumbUrl=https%3A%2F%2Fi.ytimg.com%2Fvi%2FnGc9xdwXB6I%2F0.jpg\" alt=\"Miniatura wideo YouTube\" width=\"640\" height=\"340\" \/><br \/>Obejrzyj ten film na YouTube<\/a><\/noscript><\/div><\/div><div class=\"lL\" style=\"max-width:100%;width:640px;margin:5px;\"><\/div><br \/>\nWojska l\u0105dowe Macrona: strategia werbalnej prowokacji | <a href=\"https:\/\/www.youtube.com\/@ProfRieck\" target=\"_blank\" rel=\"noopener\">Prof. dr Christian Rieck<\/a><\/p>\n<h2>Efekt uczenia si\u0119: my\u015blenie jak strateg w ha\u0142a\u015bliwym \u015bwiecie<\/h2>\n<p>Prawdziwa lekcja z tych 25 lat ma mniej wsp\u00f3lnego z geopolityk\u0105 ni\u017c z nawykami my\u015blowymi. Kiedy\u015b rozwa\u017canie alternatyw by\u0142o czym\u015b oczywistym:<\/p>\n<ul>\n<li>A gdyby\u015bmy zdecydowali inaczej?<\/li>\n<li>Jaki wp\u0142yw maj\u0105 nasze kroki na innych?<\/li>\n<li>Jak postrzega\u0142by t\u0119 sytuacj\u0119 neutralny obserwator?<\/li>\n<\/ul>\n<p>To my\u015blenie nie jest nowe. Jest stare - niemal klasyczne. Genera\u0142owie, dyplomaci i m\u0119\u017cowie stanu wcze\u015bniejszych pokole\u0144 my\u015bleli w ten spos\u00f3b, poniewa\u017c wiedzieli, \u017ce je\u015bli znasz tylko w\u0142asn\u0105 perspektyw\u0119, nie zrozumiesz gry. Dzi\u015b ta technika kulturowa sta\u0142a si\u0119 rzadsza. Nie dlatego, \u017ce ludzie stali si\u0119 g\u0142upsi, ale dlatego, \u017ce \u015brodowisko informacyjne sta\u0142o si\u0119 bardziej gor\u0105czkowe. Wiele os\u00f3b daje si\u0119 ponie\u015b\u0107 modnym has\u0142om i codziennym falom oburzenia, nie patrz\u0105c na poziom strukturalny, na kt\u00f3rym faktycznie podejmowane s\u0105 decyzje polityczne. Teoria gier prowadzi nas w\u0142a\u015bnie do tego:<\/p>\n<ul>\n<li>Widok na <strong>Alternatywy<\/strong>.<\/li>\n<li>Widok na <strong>Konsekwencje<\/strong>.<\/li>\n<li>Widok na <strong>Przyczyna i skutek<\/strong>.<\/li>\n<\/ul>\n<h3>Dlaczego przedwczesne my\u015blenie obozowe parali\u017cuje my\u015blenie<\/h3>\n<p>Drugi efekt uczenia si\u0119 jest r\u00f3wnie wa\u017cny: nic nie blokuje my\u015blenia strategicznego bardziej ni\u017c potrzeba natychmiastowego opowiedzenia si\u0119 po jednej ze stron. My\u015blenie w kategoriach oboz\u00f3w wymusza proste odpowiedzi:<\/p>\n<ul>\n<li><em>\u201eNiekt\u00f3rzy ludzie s\u0105 winni\u201c.\u201c<\/em><\/li>\n<li><em>\u201eInni maj\u0105 racj\u0119\u201c.\u201c<\/em><\/li>\n<li><em>\u201eMusimy tylko odpowiednio si\u0119 ustawi\u0107\u201c.\u201c<\/em><\/li>\n<\/ul>\n<p>Ale ci, kt\u00f3rzy my\u015bl\u0105 w kategoriach oboz\u00f3w, nie my\u015bl\u0105 ju\u017c w kategoriach alternatyw. My\u015bl\u0105 w kategoriach to\u017csamo\u015bci. A to\u017csamo\u015b\u0107 po\u017cera analiz\u0119. Stajesz si\u0119 strategiem tylko wtedy, gdy akceptujesz, \u017ce kilka prawd mo\u017ce istnie\u0107 w tym samym czasie - poniewa\u017c kilka perspektyw mo\u017ce by\u0107 racjonalnych w tym samym czasie. Dok\u0142adnie to pokazuje teoria gier.<\/p>\n<h3>Czujno\u015b\u0107 nie oznacza nieufno\u015bci - ale przejrzysto\u015b\u0107<\/h3>\n<p>Czujno\u015b\u0107 nie oznacza dostrzegania wsz\u0119dzie wrog\u00f3w. Nie oznacza te\u017c schronienia si\u0119 w cynicznych \u015bwiatopogl\u0105dach. Czujno\u015b\u0107 oznacza co\u015b znacznie bardziej przyziemnego:<\/p>\n<ul>\n<li>kategoryzowa\u0107 informacje.<\/li>\n<li>do rozpoznawania struktur.<\/li>\n<li>kwestionowanie narracji.<\/li>\n<li>Nie nale\u017cy zbyt szybko dostosowywa\u0107 w\u0142asnego punktu widzenia do nastroju.<\/li>\n<\/ul>\n<p>Ci, kt\u00f3rzy s\u0105 czujni, nie pozwalaj\u0105 sobie na kierowanie si\u0119 emocjami - przynajmniej nie na sta\u0142e. Przyjmuj\u0105 informacje, analizuj\u0105 je, a nast\u0119pnie zadaj\u0105 sobie kluczowe pytanie:<\/p>\n<blockquote><p><em>\u201eCo z tego wynika?\u201c<\/em><\/p><\/blockquote>\n<p>Na tym polega r\u00f3\u017cnica mi\u0119dzy opini\u0105 a analiz\u0105.<\/p>\n<h3>Praktyczne podej\u015bcie: trze\u017awy, otwarty, cierpliwy<\/h3>\n<p>Teoria gier uczy nas czego\u015b, co dzi\u015b wydaje si\u0119 niemal staro\u015bwieckie: cierpliwo\u015bci. Wsp\u00f3\u0142praca nie powstaje w po\u015bpiechu, ale poprzez ci\u0105g\u0142e sygnalizowanie. Zaufania nie buduje si\u0119 poprzez nag\u0142\u00f3wki, ale poprzez spokojne, konsekwentne decyzje.<\/p>\n<p>A dobra polityka nie jest wynikiem kr\u00f3tkoterminowych emocji, ale d\u0142ugoterminowych rozwa\u017ca\u0144. Taka postawa nie jest spektakularna - ale jest skuteczna. Nie stajesz si\u0119 lepszym obywatelem, poniewa\u017c wierzysz we wszystko. Ale dlatego, \u017ce wszystko analizujesz.<\/p>\n<h3>Osobisty kompas: pytanie o alternatywy<\/h3>\n<p>Gdyby sprowadzi\u0107 ten artyku\u0142 do jednego zdania, brzmia\u0142oby ono nast\u0119puj\u0105co:<\/p>\n<blockquote><p><em>\u201eCo by si\u0119 sta\u0142o, gdyby\u015bmy podj\u0119li inn\u0105 decyzj\u0119?\u201c.\u201c<\/em><\/p><\/blockquote>\n<p>To pytanie jest cich\u0105, ale pot\u0119\u017cn\u0105 form\u0105 samoobrony przed wszelkimi formami zaw\u0142aszczania umys\u0142u. Zmusza ci\u0119 do dostrze\u017cenia swojego pola manewru, zamiast da\u0107 si\u0119 porwa\u0107 nastrojowi dnia.<\/p>\n<ul>\n<li>To czyni ci\u0119 niezale\u017cnym.<\/li>\n<li>Wyra\u017ca si\u0119 jasno.<\/li>\n<li>To sprawia, \u017ce jeste\u015b odporny.<\/li>\n<\/ul>\n<p>Poniewa\u017c ci, kt\u00f3rzy potrafi\u0105 my\u015ble\u0107 alternatywnie, nie mog\u0105 by\u0107 manipulowani.<\/p>\n<h3>My\u015blenie strategiczne jako osobista bezpieczna przestrze\u0144<\/h3>\n<p>Nawet je\u015bli faktyczny przebieg wydarze\u0144 od 2001 roku oznacza\u0142, \u017ce wiele szans zosta\u0142o zaprzepaszczonych, nie ma potrzeby wyci\u0105gania z tego pesymistycznych wniosk\u00f3w. Wr\u0119cz przeciwnie: umiej\u0119tno\u015b\u0107 rozpoznawania tych struktur to korzy\u015b\u0107 dla ka\u017cdego cz\u0142owieka. Ka\u017cdy, kto rozumie, jak dzia\u0142a nieufno\u015b\u0107, nie wpadnie tak \u0142atwo w panik\u0119. Ci, kt\u00f3rzy rozumiej\u0105, jak dzia\u0142a wsp\u00f3\u0142praca, dostrzegaj\u0105 mo\u017cliwo\u015bci tam, gdzie inni widz\u0105 tylko linie frontu. A ci, kt\u00f3rzy nauczyli si\u0119 my\u015ble\u0107 o alternatywach, zachowuj\u0105 co\u015b, co dzi\u015b sta\u0142o si\u0119 rzadko\u015bci\u0105:<\/p>\n<blockquote><p>wewn\u0119trzna suwerenno\u015b\u0107.<\/p><\/blockquote>\n<p>To nie tylko sprawia, \u017ce jeste\u015b bardziej przejrzysty politycznie, ale tak\u017ce spokojniejszy na poziomie osobistym. Zdajemy sobie bowiem spraw\u0119, \u017ce to nie nag\u0142\u00f3wki gazet determinuj\u0105 nasz spos\u00f3b my\u015blenia, ale nasza w\u0142asna zdolno\u015b\u0107 do dostrzegania powi\u0105za\u0144. I by\u0107 mo\u017ce jest to najwa\u017cniejsza nauka p\u0142yn\u0105ca z tego artyku\u0142u:<\/p>\n<p>\u015awiat jest z\u0142o\u017cony, ale nie jest niezrozumia\u0142y. Mo\u017cna go przenikn\u0105\u0107, je\u015bli po\u015bwi\u0119ci si\u0119 czas na my\u015blenie w uporz\u0105dkowany spos\u00f3b. Pierwszy krok jest zawsze taki sam:<\/p>\n<p>Zadawaj pytania. Sprawdzaj alternatywne rozwi\u0105zania. I nigdy nie przestawaj my\u015ble\u0107 samodzielnie.<\/p>\n<h2>\u0179r\u00f3d\u0142a dotycz\u0105ce teorii gier i rozwoju geopolitycznego<\/h2>\n<ul>\n<li><a href=\"https:\/\/amzn.eu\/d\/6JLTgFj\" target=\"_blank\" rel=\"noopener\"><b>Teoria gier: wprowadzenie (Christian Rieck)<\/b><\/a><\/li>\n<li><a href=\"https:\/\/amzn.eu\/d\/9KF4yRK\" target=\"_blank\" rel=\"noopener\"><strong>36 strategii kryzysowych - odnoszenie sukcesu, gdy inni zawodz\u0105<\/strong><\/a><\/li>\n<li><a href=\"https:\/\/amzn.eu\/d\/50m7Zo5\" target=\"_blank\" rel=\"noopener\"><strong>Jak przechytrzy\u0107 samego siebie: Zmie\u0144 swoje \u017cycie w gr\u0119, w kt\u00f3rej zawsze wygrywasz.<\/strong><\/a><\/li>\n<li><a href=\"https:\/\/www.nato.int\/fr\/what-we-do\/partnerships-and-cooperation\/enlargement-and-article-10\" target=\"_blank\" rel=\"noopener\"><strong>Oficjalna strona archiwum NATO-NATO: Rozszerzenia od 1999 r.<\/strong><\/a><\/li>\n<li><a href=\"https:\/\/www.nato.int\/cps\/en\/natohq\/official_texts_25468.htm\" target=\"_blank\" rel=\"noopener\"><strong>Akt za\u0142o\u017cycielski NATO-Rosja (1997)<\/strong><\/a><\/li>\n<li><a href=\"https:\/\/www.osce.org\/special-monitoring-mission-to-ukraine-closed\" target=\"_blank\" rel=\"noopener\"><strong>Raporty Specjalnej Misji Obserwacyjnej OBWE (2014-2022)<\/strong><\/a><\/li>\n<li><a href=\"https:\/\/www.rand.org\/pubs\/research_reports\/RR3063.html\" target=\"_blank\" rel=\"noopener\"><strong>RAND Corporation - \u201eOverextending Russia\u201c (2019)<\/strong><\/a><\/li>\n<li><strong><a href=\"https:\/\/www.crisisgroup.org\/europe-central-asia\" target=\"_blank\" rel=\"noopener\">Mi\u0119dzynarodowa Grupa Kryzysowa - Raporty dotycz\u0105ce Europy Wschodniej<\/a><\/strong><\/li>\n<li><a href=\"https:\/\/economy-finance.ec.europa.eu\/economic-forecasts_en\" target=\"_blank\" rel=\"noopener\"><strong>\u201eEuropejskie perspektywy gospodarcze\u201d - Komisja Europejska<\/strong><\/a><\/li>\n<li><a href=\"https:\/\/www.frankfurt-university.de\/de\/hochschule\/fachbereich-3-wirtschaft-und-recht\/kontakt\/professor-innen\/christian-rieck\/\" target=\"_blank\" rel=\"noopener\"><strong>Prof. dr Christian Rieck na Uniwersytecie we Frankfurcie<\/strong><\/a><\/li>\n<\/ul>\n<hr \/>\n\n\t\t\t<div class=\"display-post-types\">\n\n\t\t\t\t\t\t\t<style type=\"text\/css\">\n\t\t\t#dpt-wrapper-203 { --dpt-text-align: left;--dpt-image-crop: center;--dpt-border-radius: 5px;--dpt-small-grid-column: 33.33%;--dpt-large-grid-column: 33.3333333333%;--dpt-h-gutter: 10px;--dpt-v-gutter: 10px; }\t\t\t<\/style>\n\t\t\t<style type=\"text\/css\">#dpt-wrapper-203 { --dpt-title-font-style:normal;--dpt-title-font-weight:600;--dpt-title-line-height:1.5;--dpt-title-text-decoration:none;--dpt-title-text-transform:none;--dpt-excerpt-font-style:normal;--dpt-excerpt-font-weight:400;--dpt-excerpt-line-height:1.5;--dpt-excerpt-text-decoration:none;--dpt-excerpt-text-transform:none;--dpt-meta1-font-style:normal;--dpt-meta1-font-weight:400;--dpt-meta1-line-height:1.9;--dpt-meta1-text-decoration:none;--dpt-meta1-text-transform:none;--dpt-meta2-font-style:normal;--dpt-meta2-font-weight:400;--dpt-meta2-line-height:1.9;--dpt-meta2-text-decoration:none;--dpt-meta2-text-transform:none; }<\/style><div class=\"dpt-main-header\">\n\t\t\t\t\t\t<div class=\"dpt-main-title\">\n\t\t\t\t\t\t\t<span class=\"dpt-main-title-text\">Aktualne artyku\u0142y na temat prawa UE<\/span>\n\t\t\t\t\t\t<\/div>\n\t\t\t\t\t\t\n\t\t\t\t\t\t\n\t\t\t\t\t\t\n\t\t\t\t\t\t<\/div>\t\t\t\n\t\t\t\t<div id=\"dpt-wrapper-203\" class=\"dpt-wrapper dpt-grid1 multi-col dpt-mason-wrap\" >\n\n\t\t\t\t\t\t\t\t\t\t\t<div class=\"dpt-entry has-thumbnail\" data-title=\"das 28. regime der eu: der stille umbau des europ\u00e4ischen wirtschaftsraums?\" data-id=\"3747\"  data-category=\"allgemein gesellschaft\" data-post_tag=\"auswandern eu-gesetze europa geopolitik\">\n\t\t\t\t\t\t\t<div class=\"dpt-entry-wrapper\"><div class=\"dpt-featured-content\"><div class=\"dpt-permalink\"><a href=\"https:\/\/www.markus-schall.de\/pl\/2025\/12\/28-system-ue-cicha-reorganizacja-europejskiego-obszaru-gospodarczego\/\" class=\"dpt-permalink\"><span class=\"screen-reader-text\">28. re\u017cim UE: cicha reorganizacja Europejskiego Obszaru Gospodarczego?<\/span><\/a><\/div><div class=\"dpt-thumbnail\"><div class=\"dpt-thumbnail-inner\"><img width=\"1024\" height=\"683\" class=\"attachment-full size-full\" alt=\"28. system UE\" context=\"dpt\" data-dpt-src=\"https:\/\/www.markus-schall.de\/wp-content\/uploads\/EU-28-Regime.jpg\" data-dpt-sizes=\"(max-width: 1024px) 100vw, 1024px\" data-dpt-srcset=\"https:\/\/www.markus-schall.de\/wp-content\/uploads\/EU-28-Regime.jpg 1024w, https:\/\/www.markus-schall.de\/wp-content\/uploads\/EU-28-Regime-300x200.jpg 300w, https:\/\/www.markus-schall.de\/wp-content\/uploads\/EU-28-Regime-768x512.jpg 768w, https:\/\/www.markus-schall.de\/wp-content\/uploads\/EU-28-Regime-18x12.jpg 18w\" \/><\/div><span class=\"dpt-thumbnail-aspect-ratio\" style=\"padding-top: 67%\"><\/span><\/div><\/div><div class=\"sub-entry\"><h3 class=\"dpt-title\"><a class=\"dpt-title-link\" href=\"https:\/\/www.markus-schall.de\/pl\/2025\/12\/28-system-ue-cicha-reorganizacja-europejskiego-obszaru-gospodarczego\/\" rel=\"bookmark\">28. re\u017cim UE: cicha reorganizacja Europejskiego Obszaru Gospodarczego?<\/a><\/h3><\/div><\/div>\n\t\t\t\t\t\t<\/div><!-- .dpt-entry -->\n\t\t\t\t\t\t\t\t\t\t\t\t<div class=\"dpt-entry has-thumbnail\" data-title=\"die elektronische patientenakte (epa) im faktencheck: risiken, rechte und widerspruch\" data-id=\"3412\"  data-category=\"gesellschaft gesundheit tipps &amp; anleitungen\" data-post_tag=\"datenschutz eu-gesetze gesundheit prozesse ratgeber\">\n\t\t\t\t\t\t\t<div class=\"dpt-entry-wrapper\"><div class=\"dpt-featured-content\"><div class=\"dpt-permalink\"><a href=\"https:\/\/www.markus-schall.de\/pl\/2025\/11\/elektroniczny-rekord-pacjenta-epa-fact-check-ryzyko-prawa-i-zastrzezenia\/\" class=\"dpt-permalink\"><span class=\"screen-reader-text\">Weryfikacja elektronicznych akt pacjent\u00f3w (EPR): ryzyko, prawa i zastrze\u017cenia<\/span><\/a><\/div><div class=\"dpt-thumbnail\"><div class=\"dpt-thumbnail-inner\"><img width=\"1024\" height=\"683\" class=\"attachment-full size-full\" alt=\"Wszystkie fakty dotycz\u0105ce elektronicznych akt pacjent\u00f3w\" context=\"dpt\" data-dpt-src=\"https:\/\/www.markus-schall.de\/wp-content\/uploads\/Elektronische-Patientenakte.jpg\" data-dpt-sizes=\"(max-width: 1024px) 100vw, 1024px\" data-dpt-srcset=\"https:\/\/www.markus-schall.de\/wp-content\/uploads\/Elektronische-Patientenakte.jpg 1024w, https:\/\/www.markus-schall.de\/wp-content\/uploads\/Elektronische-Patientenakte-300x200.jpg 300w, https:\/\/www.markus-schall.de\/wp-content\/uploads\/Elektronische-Patientenakte-768x512.jpg 768w, https:\/\/www.markus-schall.de\/wp-content\/uploads\/Elektronische-Patientenakte-18x12.jpg 18w\" \/><\/div><span class=\"dpt-thumbnail-aspect-ratio\" style=\"padding-top: 67%\"><\/span><\/div><\/div><div class=\"sub-entry\"><h3 class=\"dpt-title\"><a class=\"dpt-title-link\" href=\"https:\/\/www.markus-schall.de\/pl\/2025\/11\/elektroniczny-rekord-pacjenta-epa-fact-check-ryzyko-prawa-i-zastrzezenia\/\" rel=\"bookmark\">Weryfikacja elektronicznych akt pacjent\u00f3w (EPR): ryzyko, prawa i zastrze\u017cenia<\/a><\/h3><\/div><\/div>\n\t\t\t\t\t\t<\/div><!-- .dpt-entry -->\n\t\t\t\t\t\t\t\t\t\t\t\t<div class=\"dpt-entry has-thumbnail\" data-title=\"russland, nato und die angst vor dem krieg: was sich belegen l\u00e4sst \u2013 und was nicht\" data-id=\"4801\"  data-category=\"allgemein gesellschaft\" data-post_tag=\"deutschland energiepolitik eu-gesetze europa geopolitik krisen meinungsfreiheit sicherheitspolitik\">\n\t\t\t\t\t\t\t<div class=\"dpt-entry-wrapper\"><div class=\"dpt-featured-content\"><div class=\"dpt-permalink\"><a href=\"https:\/\/www.markus-schall.de\/pl\/2026\/02\/rosja-nato-i-strach-przed-wojna-co-mozna-a-czego-nie-mozna-udowodnic\/\" class=\"dpt-permalink\"><span class=\"screen-reader-text\">Rosja, NATO i strach przed wojn\u0105: co mo\u017cna udowodni\u0107, a czego nie<\/span><\/a><\/div><div class=\"dpt-thumbnail\"><div class=\"dpt-thumbnail-inner\"><img width=\"1024\" height=\"683\" class=\"attachment-full size-full\" alt=\"NATO, Rosja i strach przed wojn\u0105\" context=\"dpt\" data-dpt-src=\"https:\/\/www.markus-schall.de\/wp-content\/uploads\/NATO-Russland.jpg\" data-dpt-sizes=\"(max-width: 1024px) 100vw, 1024px\" data-dpt-srcset=\"https:\/\/www.markus-schall.de\/wp-content\/uploads\/NATO-Russland.jpg 1024w, https:\/\/www.markus-schall.de\/wp-content\/uploads\/NATO-Russland-300x200.jpg 300w, https:\/\/www.markus-schall.de\/wp-content\/uploads\/NATO-Russland-768x512.jpg 768w, https:\/\/www.markus-schall.de\/wp-content\/uploads\/NATO-Russland-18x12.jpg 18w\" \/><\/div><span class=\"dpt-thumbnail-aspect-ratio\" style=\"padding-top: 67%\"><\/span><\/div><\/div><div class=\"sub-entry\"><h3 class=\"dpt-title\"><a class=\"dpt-title-link\" href=\"https:\/\/www.markus-schall.de\/pl\/2026\/02\/rosja-nato-i-strach-przed-wojna-co-mozna-a-czego-nie-mozna-udowodnic\/\" rel=\"bookmark\">Rosja, NATO i strach przed wojn\u0105: co mo\u017cna udowodni\u0107, a czego nie<\/a><\/h3><\/div><\/div>\n\t\t\t\t\t\t<\/div><!-- .dpt-entry -->\n\t\t\t\t\t\t\t\t\t\t\t\t<div class=\"dpt-entry has-thumbnail\" data-title=\"europa zwischen meinungsfreiheit und regulierung: neues us-infoportal wirft fragen auf\" data-id=\"5102\"  data-category=\"allgemein gesellschaft\" data-post_tag=\"denkmodelle deutschland eu-gesetze europa geopolitik krisen meinungsfreiheit spieltheorie\">\n\t\t\t\t\t\t\t<div class=\"dpt-entry-wrapper\"><div class=\"dpt-featured-content\"><div class=\"dpt-permalink\"><a href=\"https:\/\/www.markus-schall.de\/pl\/2026\/03\/europa-miedzy-wolnoscia-slowa-a-regulacjami-nowy-amerykanski-portal-informacyjny-budzi-watpliwosci\/\" class=\"dpt-permalink\"><span class=\"screen-reader-text\">Europa mi\u0119dzy wolno\u015bci\u0105 s\u0142owa a regulacjami: Nowy ameryka\u0144ski portal informacyjny rodzi pytania<\/span><\/a><\/div><div class=\"dpt-thumbnail\"><div class=\"dpt-thumbnail-inner\"><img width=\"1024\" height=\"683\" class=\"attachment-full size-full\" alt=\"Cenzura w UE, mowa nienawi\u015bci i nowy portal w USA\" context=\"dpt\" data-dpt-src=\"https:\/\/www.markus-schall.de\/wp-content\/uploads\/EU-Hatespeech-US-Portal.jpg\" data-dpt-sizes=\"(max-width: 1024px) 100vw, 1024px\" data-dpt-srcset=\"https:\/\/www.markus-schall.de\/wp-content\/uploads\/EU-Hatespeech-US-Portal.jpg 1024w, https:\/\/www.markus-schall.de\/wp-content\/uploads\/EU-Hatespeech-US-Portal-300x200.jpg 300w, https:\/\/www.markus-schall.de\/wp-content\/uploads\/EU-Hatespeech-US-Portal-768x512.jpg 768w, https:\/\/www.markus-schall.de\/wp-content\/uploads\/EU-Hatespeech-US-Portal-18x12.jpg 18w\" \/><\/div><span class=\"dpt-thumbnail-aspect-ratio\" style=\"padding-top: 67%\"><\/span><\/div><\/div><div class=\"sub-entry\"><h3 class=\"dpt-title\"><a class=\"dpt-title-link\" href=\"https:\/\/www.markus-schall.de\/pl\/2026\/03\/europa-miedzy-wolnoscia-slowa-a-regulacjami-nowy-amerykanski-portal-informacyjny-budzi-watpliwosci\/\" rel=\"bookmark\">Europa mi\u0119dzy wolno\u015bci\u0105 s\u0142owa a regulacjami: Nowy ameryka\u0144ski portal informacyjny rodzi pytania<\/a><\/h3><\/div><\/div>\n\t\t\t\t\t\t<\/div><!-- .dpt-entry -->\n\t\t\t\t\t\t\t\t\t\t\t\t<div class=\"dpt-entry has-thumbnail\" data-title=\"jeffrey sachs warnt deutschland: warum europas sicherheit neu gedacht werden muss\" data-id=\"4079\"  data-category=\"allgemein gesellschaft\" data-post_tag=\"deutschland energiepolitik eu-gesetze europa geopolitik krisen meinungsfreiheit portrait sicherheitspolitik\">\n\t\t\t\t\t\t\t<div class=\"dpt-entry-wrapper\"><div class=\"dpt-featured-content\"><div class=\"dpt-permalink\"><a href=\"https:\/\/www.markus-schall.de\/pl\/2025\/12\/jeffrey-sachs-ostrzega-niemcy-dlaczego-nalezy-przemyslec-bezpieczenstwo-europy\/\" class=\"dpt-permalink\"><span class=\"screen-reader-text\">Jeffrey Sachs ostrzega Niemcy: Dlaczego nale\u017cy przemy\u015ble\u0107 bezpiecze\u0144stwo Europy?<\/span><\/a><\/div><div class=\"dpt-thumbnail\"><div class=\"dpt-thumbnail-inner\"><img width=\"1024\" height=\"683\" class=\"attachment-full size-full\" alt=\"Jeffrey Sachs pisze list otwarty do kanclerza Merza\" context=\"dpt\" data-dpt-src=\"https:\/\/www.markus-schall.de\/wp-content\/uploads\/jeffrey-sachs-bundeskanzler-eu.jpg\" data-dpt-sizes=\"(max-width: 1024px) 100vw, 1024px\" data-dpt-srcset=\"https:\/\/www.markus-schall.de\/wp-content\/uploads\/jeffrey-sachs-bundeskanzler-eu.jpg 1024w, https:\/\/www.markus-schall.de\/wp-content\/uploads\/jeffrey-sachs-bundeskanzler-eu-300x200.jpg 300w, https:\/\/www.markus-schall.de\/wp-content\/uploads\/jeffrey-sachs-bundeskanzler-eu-768x512.jpg 768w, https:\/\/www.markus-schall.de\/wp-content\/uploads\/jeffrey-sachs-bundeskanzler-eu-18x12.jpg 18w\" \/><\/div><span class=\"dpt-thumbnail-aspect-ratio\" style=\"padding-top: 67%\"><\/span><\/div><\/div><div class=\"sub-entry\"><h3 class=\"dpt-title\"><a class=\"dpt-title-link\" href=\"https:\/\/www.markus-schall.de\/pl\/2025\/12\/jeffrey-sachs-ostrzega-niemcy-dlaczego-nalezy-przemyslec-bezpieczenstwo-europy\/\" rel=\"bookmark\">Jeffrey Sachs ostrzega Niemcy: Dlaczego nale\u017cy przemy\u015ble\u0107 bezpiecze\u0144stwo Europy?<\/a><\/h3><\/div><\/div>\n\t\t\t\t\t\t<\/div><!-- .dpt-entry -->\n\t\t\t\t\t\t\t\t\t\t\t\t<div class=\"dpt-entry has-thumbnail\" data-title=\"regelbasierte weltordnung und v\u00f6lkerrecht: zwischen anspruch, realit\u00e4t und rechtsbruch\" data-id=\"4275\"  data-category=\"allgemein gesellschaft\" data-post_tag=\"denkmodelle eu-gesetze europa geopolitik krisen sicherheitspolitik\">\n\t\t\t\t\t\t\t<div class=\"dpt-entry-wrapper\"><div class=\"dpt-featured-content\"><div class=\"dpt-permalink\"><a href=\"https:\/\/www.markus-schall.de\/pl\/2026\/01\/porzadek-swiata-oparty-na-zasadach-i-prawo-miedzynarodowe-miedzy-rzeczywistoscia-a-naruszeniem-prawa\/\" class=\"dpt-permalink\"><span class=\"screen-reader-text\">Porz\u0105dek \u015bwiata oparty na zasadach i prawo mi\u0119dzynarodowe: mi\u0119dzy roszczeniem, rzeczywisto\u015bci\u0105 a naruszeniem prawa<\/span><\/a><\/div><div class=\"dpt-thumbnail\"><div class=\"dpt-thumbnail-inner\"><img width=\"1024\" height=\"683\" class=\"attachment-full size-full\" alt=\"Prawo mi\u0119dzynarodowe i porz\u0105dek \u015bwiatowy oparty na zasadach\" context=\"dpt\" data-dpt-src=\"https:\/\/www.markus-schall.de\/wp-content\/uploads\/voelkerrecht-weltordnung-titel.jpg\" data-dpt-sizes=\"(max-width: 1024px) 100vw, 1024px\" data-dpt-srcset=\"https:\/\/www.markus-schall.de\/wp-content\/uploads\/voelkerrecht-weltordnung-titel.jpg 1024w, https:\/\/www.markus-schall.de\/wp-content\/uploads\/voelkerrecht-weltordnung-titel-300x200.jpg 300w, https:\/\/www.markus-schall.de\/wp-content\/uploads\/voelkerrecht-weltordnung-titel-768x512.jpg 768w, https:\/\/www.markus-schall.de\/wp-content\/uploads\/voelkerrecht-weltordnung-titel-18x12.jpg 18w\" \/><\/div><span class=\"dpt-thumbnail-aspect-ratio\" style=\"padding-top: 67%\"><\/span><\/div><\/div><div class=\"sub-entry\"><h3 class=\"dpt-title\"><a class=\"dpt-title-link\" href=\"https:\/\/www.markus-schall.de\/pl\/2026\/01\/porzadek-swiata-oparty-na-zasadach-i-prawo-miedzynarodowe-miedzy-rzeczywistoscia-a-naruszeniem-prawa\/\" rel=\"bookmark\">Porz\u0105dek \u015bwiata oparty na zasadach i prawo mi\u0119dzynarodowe: mi\u0119dzy roszczeniem, rzeczywisto\u015bci\u0105 a naruszeniem prawa<\/a><\/h3><\/div><\/div>\n\t\t\t\t\t\t<\/div><!-- .dpt-entry -->\n\t\t\t\t\t\t\n\t\t\t\t<\/div>\n\t\t\t\t\t\t<\/div>\n\t\t\t\n<hr \/>\n<h2>Cz\u0119sto zadawane pytania<\/h2>\n<ol>\n<li><strong>Dlaczego artyku\u0142 analizuje lata od 2001 roku z perspektywy teorii gier?<\/strong><br \/>\nPoniewa\u017c teoria gier jest narz\u0119dziem, kt\u00f3re wyja\u015bnia stosunki mi\u0119dzynarodowe w kategoriach strukturalnych - bez moralno\u015bci i bez partykularnych interes\u00f3w. Pokazuje, dlaczego nawet dzia\u0142ania podejmowane w dobrych intencjach mog\u0105 mie\u0107 niezamierzone konsekwencje i jak brak zaufania mo\u017ce popchn\u0105\u0107 nawet stabilne systemy na \u015bcie\u017cki eskalacji. Okres od 2001 roku jest idealny, poniewa\u017c by\u0142a to historyczna szansa, kt\u00f3ra zosta\u0142a nast\u0119pnie stopniowo utracona.<\/li>\n<li><strong>Czy w tym artykule chodzi o przypisanie winy?<\/strong><br \/>\nNie. Istot\u0105 artyku\u0142u jest w\u0142a\u015bnie to, by nie przypisywa\u0107 winy. Teoria gier analizuje bod\u017ace i struktury, a nie dobro i z\u0142o. Artyku\u0142 pokazuje, jak r\u00f3\u017cni aktorzy byli w stanie dzia\u0142a\u0107 racjonalnie - i jak ich racjonalne decyzje doprowadzi\u0142y jednak do negatywnych rezultat\u00f3w.<\/li>\n<li><strong>Dlaczego przem\u00f3wienie Putina w Bundestagu w 2001 roku jest przedstawiane jako wa\u017cny sygna\u0142?<\/strong><br \/>\nPoniewa\u017c by\u0142a to obiektywnie jedna z rzadkich okazji, kiedy Rosja wyra\u017anie zaoferowa\u0142a \u015bci\u015blejsz\u0105 wsp\u00f3\u0142prac\u0119 z Europ\u0105. Z punktu widzenia teorii gier by\u0142 to sygna\u0142 wsp\u00f3\u0142pracy, kt\u00f3ry umo\u017cliwi\u0142by alternatywny rozw\u00f3j sytuacji. Fakt, \u017ce sygna\u0142 ten nie zosta\u0142 prze\u0142o\u017cony na d\u0142ugoterminow\u0105 strategi\u0119, nie jest kwesti\u0105 winy, ale wyznaczenia kursu.<\/li>\n<li><strong>Czy scenariusz \u201ewsp\u00f3\u0142pracy z Rosj\u0105\u201c jest realistyczny, czy to tylko my\u015blenie \u017cyczeniowe?<\/strong><br \/>\nJest realistyczna. By\u0142a to zorganizowana alternatywa oparta na istniej\u0105cych w\u00f3wczas ofertach polityki politycznej, gospodarczej i bezpiecze\u0144stwa. Wielu dyplomat\u00f3w i ekonomist\u00f3w uwa\u017ca\u0142o t\u0119 \u015bcie\u017ck\u0119 za prawdopodobn\u0105. Fakt, \u017ce nie zosta\u0142a wybrana, nie czyni jej nierealistyczn\u0105 - jest po prostu nierealistyczna.<\/li>\n<li><strong>Dlaczego Europa nie wykorzysta\u0142a okna wsp\u00f3\u0142pracy?<\/strong><br \/>\nPoniewa\u017c ostro\u017cno\u015b\u0107 i wcze\u015bniejsze do\u015bwiadczenia historyczne by\u0142y silniejsze ni\u017c zaufanie. Kilka pa\u0144stw UE postrzega\u0142o Rosj\u0119 sceptycznie z zasady. Jednocze\u015bnie Rosja r\u00f3wnie\u017c interpretowa\u0142a kroki Zachodu w spos\u00f3b defensywny. Te wzajemne b\u0142\u0119dne interpretacje stworzy\u0142y klasyczny dylemat bezpiecze\u0144stwa.<\/li>\n<li><strong>Dlaczego rozszerzenie NATO na wsch\u00f3d odgrywa tak wa\u017cn\u0105 rol\u0119 w tym kontek\u015bcie?<\/strong><br \/>\nPoniewa\u017c zosta\u0142a ona zinterpretowana zupe\u0142nie inaczej przez obie strony. Na Zachodzie: jako gwarancja bezpiecze\u0144stwa. W Rosji: jako strategiczne okr\u0105\u017cenie. Ten dysonans jest doskona\u0142ym przyk\u0142adem tego, jak powstaj\u0105 konflikty, nawet je\u015bli obie strony uwa\u017caj\u0105, \u017ce dzia\u0142aj\u0105 defensywnie.<\/li>\n<li><strong>Czy wojna 2022 roku jest w tym modelu \u201enieunikniona\u201c?<\/strong><br \/>\nNie - nie jest to nieuniknione, ale mo\u017cna to wyja\u015bni\u0107 strukturalnie. Pokazuje to teoria gier: Je\u015bli \u015bcie\u017cka nieufno\u015bci trwa wystarczaj\u0105co d\u0142ugo, a nowe sygna\u0142y wci\u0105\u017c j\u0105 potwierdzaj\u0105, prawdopodobie\u0144stwo konfliktu dramatycznie wzrasta. Wojna nie jest zatem \u201enag\u0142ym wydarzeniem\u201c, ale punktem ko\u0144cowym wadliwej struktury, kt\u00f3ra rozwija\u0142a si\u0119 przez dziesi\u0119ciolecia.<\/li>\n<li><strong>Dlaczego wsp\u00f3\u0142praca tak bardzo zmieni\u0142a si\u0119 pod wzgl\u0119dem ekonomicznym?<\/strong><br \/>\nPoniewa\u017c energia jest g\u0142\u00f3wnym czynnikiem tworzenia warto\u015bci w przemy\u015ble. Stabilne, korzystne ceny energii zapewni\u0142yby miejsca pracy w przemy\u015ble,<br \/>\n\u0141a\u0144cuchy dostaw ustabilizowa\u0142y si\u0119, a europejskie firmy wzmocni\u0142y si\u0119 w globalnej konkurencji. Z drugiej strony wysokie ceny energii automatycznie os\u0142abiaj\u0105 ka\u017cdy region zale\u017cny od przemys\u0142u.<\/li>\n<li><strong>Czy Europa naprawd\u0119 straci\u0142a szans\u0119 na stanie si\u0119 trzecim biegunem w\u0142adzy?<\/strong><br \/>\nTak - strukturalnie. W latach 2001-2010 Europa dysponowa\u0142a unikaln\u0105 kombinacj\u0105 silnego przemys\u0142u, stabilnych spo\u0142ecze\u0144stw, bezpiecznych dostaw energii i geopolitycznego spokoju. Wraz z utrat\u0105 taniej energii i utrat\u0105 przemys\u0142owej energii j\u0105drowej, Europa jest teraz bardziej reaktorem ni\u017c tw\u00f3rc\u0105. Nie jest to opinia polityczna, ale obserwacja oparta na teorii gier.<\/li>\n<li><strong>Czy to oznacza, \u017ce wsp\u00f3\u0142praca z Rosj\u0105 by\u0142aby lepsza?<\/strong><br \/>\nNiekoniecznie \u201elepsza\u201c, ale strategicznie bardziej stabilna. Wsp\u00f3\u0142praca mia\u0142aby mniejszy potencja\u0142 eskalacji i generowa\u0142aby efekty wzmacniaj\u0105ce struktur\u0119. Nie oznacza to, \u017ce wszystko posz\u0142oby g\u0142adko - ale drzewo decyzyjne wyra\u017anie pokazuje, \u017ce ryzyko by\u0142oby mniejsze, a mo\u017cliwo\u015bci wi\u0119ksze.<\/li>\n<li><strong>Dlaczego artyku\u0142 nie por\u00f3wnuje aspekt\u00f3w moralnych?<\/strong><br \/>\nPoniewa\u017c chocia\u017c moralno\u015b\u0107 ma znaczenie polityczne, jest ma\u0142o przydatna dla zrozumienia strukturalnego. Teoria gier opiera si\u0119 na pytaniu: <em>\u201eJak aktorzy reaguj\u0105 na decyzje innych?\u201c.\u201c<\/em> Moralno\u015b\u0107 jest drugorz\u0119dna. Motywacje, oczekiwania i interpretacje s\u0105 najwa\u017cniejsze.<\/li>\n<li><strong>Co w tym kontek\u015bcie oznacza \u201espirala nieufno\u015bci\u201c?<\/strong><br \/>\nSpirala nieufno\u015bci powstaje, gdy dwie strony dzia\u0142aj\u0105 defensywnie, a ta obrona jest postrzegana przez drug\u0105 stron\u0119 jako agresja. Prowadzi to do dzia\u0142a\u0144 zaradczych, kt\u00f3re z kolei stanowi\u0105 zagro\u017cenie. Spirala sama si\u0119 nakr\u0119ca, nawet bez wrogich zamiar\u00f3w.<\/li>\n<li><strong>Czy system mo\u017ce wyj\u015b\u0107 ze spirali nieufno\u015bci?<\/strong><br \/>\nTak, w teorii - ale w praktyce jest to niezwykle trudne. Gdy tylko obie strony uwierz\u0105, \u017ce druga nie b\u0119dzie wsp\u00f3\u0142pracowa\u0107, powstaje stabilna, ale s\u0142aba r\u00f3wnowaga. Wyrwanie si\u0119 z tego stanu zazwyczaj wymaga nadzwyczajnych sygna\u0142\u00f3w lub wstrz\u0105s\u00f3w politycznych.<\/li>\n<li><strong>Dlaczego polityka energetyczna odgrywa tak kluczow\u0105 rol\u0119 w tym modelu?<\/strong><br \/>\nPoniewa\u017c energia nie jest tylko czynnikiem ekonomicznym, ale czynnikiem w\u0142adzy. Decyduje o tym, czy kontynent mo\u017ce dzia\u0142a\u0107 niezale\u017cnie, czy te\u017c jest zale\u017cny od dostaw zewn\u0119trznych. Ci, kt\u00f3rzy podnosz\u0105 ceny energii, automatycznie os\u0142abiaj\u0105 si\u0119 na wszystkich poziomach.<\/li>\n<li><strong>Czy artyku\u0142 ma co\u015b przeciwko USA, Rosji lub Chinom?<\/strong><br \/>\nNie - wcale nie. Artyku\u0142 nie ocenia pa\u0144stw, ale opisuje struktur\u0119 gry. Europa mia\u0142aby silniejsz\u0105, bardziej niezale\u017cn\u0105 pozycj\u0119 wobec obu supermocarstw dzi\u0119ki wsp\u00f3\u0142pracy z Rosj\u0105. Jest to stwierdzenie analityczne, a nie krytyka innych kraj\u00f3w.<\/li>\n<li><strong>Co oznacza \u201er\u00f3wnowaga Nasha oddzielenia\u201c?<\/strong><br \/>\nR\u00f3wnowaga Nasha to stan, w kt\u00f3rym \u017caden z graczy nie znajduje si\u0119 w lepszej sytuacji w wyniku jednostronnej zmiany swojego zachowania. W obecnych stosunkach mi\u0119dzy Europ\u0105 a Rosj\u0105 oznacza to, \u017ce obie strony nie oczekuj\u0105 ju\u017c wsp\u00f3\u0142pracy. Obie strony dzia\u0142aj\u0105 odpowiednio. \u017baden z graczy nie poprawia swojej sytuacji poprzez zmian\u0119 swojego zachowania. Oznacza to, \u017ce system pozostaje stabilny - ale na niskim poziomie.<\/li>\n<li><strong>Dlaczego zachowanie medi\u00f3w odgrywa drugorz\u0119dn\u0105 rol\u0119 w analizie?<\/strong><br \/>\nPoniewa\u017c media nie s\u0105 przyczyn\u0105, ale wzmacniaczem. Kszta\u0142tuj\u0105 postrzeganie i ustalaj\u0105 priorytety. Klimat ci\u0105g\u0142ego oburzenia zmniejsza zakres d\u0142ugoterminowych analiz. Artyku\u0142 porusza t\u0119 kwesti\u0119 jako czynnik drugoplanowy - nie czyni\u0105c z niej g\u0142\u00f3wnego tematu.<\/li>\n<li><strong>Czego dana osoba mo\u017ce si\u0119 nauczy\u0107 z tej analizy?<\/strong><br \/>\nPrzede wszystkim oznacza to nie zajmowanie pochopnego stanowiska, przemy\u015blenie alternatywnych scenariuszy, rozpoznanie powi\u0105za\u0144 strukturalnych i zadawanie pyta\u0144 nie tylko moralnych, ale i strategicznych. Ci, kt\u00f3rzy my\u015bl\u0105 w ten spos\u00f3b, rozumiej\u0105 polityk\u0119 na g\u0142\u0119bszym poziomie.<\/li>\n<li><strong>Czy my\u015blenie strategiczne automatycznie oznacza blisko\u015b\u0107 z rz\u0105dem lub militaryzm?<\/strong><br \/>\nNie. Strategia to nie militaryzm, ale podej\u015bcie d\u0142ugoterminowe. Pyta: <em>\u201eJakie konsekwencje b\u0119dzie mia\u0142a ta decyzja za dziesi\u0119\u0107 lat?\u201c.\u201c<\/em> Kwestia ta jest szczeg\u00f3lnie istotna w spo\u0142ecze\u0144stwach obywatelskich - a dzi\u015b zosta\u0142a prawie utracona.<\/li>\n<li><strong>Dlaczego artyku\u0142 ko\u0144czy si\u0119 pozytywnym przes\u0142aniem?<\/strong><br \/>\nPoniewa\u017c jasno\u015b\u0107 nigdy nie powinna ci\u0119 parali\u017cowa\u0107. Ci, kt\u00f3rzy rozpoznaj\u0105 alternatywy i rozumiej\u0105 powi\u0105zania, zyskuj\u0105 wewn\u0119trzn\u0105 suwerenno\u015b\u0107. Nie musisz s\u0142odzi\u0107 \u015bwiatu, ale mo\u017cesz go przemy\u015ble\u0107. I w\u0142a\u015bnie w tym tkwi szansa na spokojniejsze i bardziej dalekowzroczne dzia\u0142anie, zar\u00f3wno w wymiarze osobistym, jak i spo\u0142ecznym.<\/li>\n<\/ol>\n<hr \/>\n\n\t\t\t<div class=\"display-post-types\">\n\n\t\t\t\t\t\t\t<style type=\"text\/css\">\n\t\t\t#dpt-wrapper-204 { --dpt-text-align: left;--dpt-image-crop: center;--dpt-border-radius: 5px;--dpt-h-gutter: 10px;--dpt-v-gutter: 9px; }\t\t\t<\/style>\n\t\t\t<style type=\"text\/css\">#dpt-wrapper-204 { --dpt-title-font-style:normal;--dpt-title-font-weight:600;--dpt-title-line-height:1.5;--dpt-title-text-decoration:none;--dpt-title-text-transform:none;--dpt-excerpt-font-style:normal;--dpt-excerpt-font-weight:400;--dpt-excerpt-line-height:1.5;--dpt-excerpt-text-decoration:none;--dpt-excerpt-text-transform:none;--dpt-meta1-font-style:normal;--dpt-meta1-font-weight:400;--dpt-meta1-line-height:1.9;--dpt-meta1-text-decoration:none;--dpt-meta1-text-transform:none;--dpt-meta2-font-style:normal;--dpt-meta2-font-weight:400;--dpt-meta2-line-height:1.9;--dpt-meta2-text-decoration:none;--dpt-meta2-text-transform:none; }<\/style><div class=\"dpt-main-header\">\n\t\t\t\t\t\t<div class=\"dpt-main-title\">\n\t\t\t\t\t\t\t<span class=\"dpt-main-title-text\">Aktualne artyku\u0142y na temat sztuki i kultury<\/span>\n\t\t\t\t\t\t<\/div>\n\t\t\t\t\t\t\n\t\t\t\t\t\t\n\t\t\t\t\t\t\n\t\t\t\t\t\t<\/div>\t\t\t\n\t\t\t\t<div id=\"dpt-wrapper-204\" class=\"dpt-wrapper dpt-mag1 land1 dpt-cropped dpt-flex-wrap\" >\n\n\t\t\t\t\t\t\t\t\t\t\t<div class=\"dpt-entry has-thumbnail\" data-title=\"jan-josef liefers: ein portr\u00e4t \u00fcber haltung, herkunft und k\u00fcnstlerische freiheit\" data-id=\"3854\"  data-category=\"allgemein gesellschaft kunst &amp; kultur\" data-post_tag=\"deutschland erfahrungen krisen lernen meinungsfreiheit musik pers\u00f6nlichkeitsentwicklung portrait\">\n\t\t\t\t\t\t\t<div class=\"dpt-entry-wrapper\"><div class=\"dpt-featured-content\"><div class=\"dpt-permalink\"><a href=\"https:\/\/www.markus-schall.de\/pl\/2025\/12\/jan-josef-liefers-portret-postawy-pochodzenia-i-wolnosci-artystycznej\/\" class=\"dpt-permalink\"><span class=\"screen-reader-text\">Jan-Josef Liefers: Portret postawy, pochodzenia i wolno\u015bci artystycznej<\/span><\/a><\/div><div class=\"dpt-thumbnail\"><div class=\"dpt-thumbnail-inner\"><img width=\"1024\" height=\"683\" class=\"attachment-full size-full\" alt=\"Jan-Josef Liefers\" context=\"dpt\" data-dpt-src=\"https:\/\/www.markus-schall.de\/wp-content\/uploads\/jan-josef-liefers-silhouette.jpg\" data-dpt-sizes=\"(max-width: 1024px) 100vw, 1024px\" data-dpt-srcset=\"https:\/\/www.markus-schall.de\/wp-content\/uploads\/jan-josef-liefers-silhouette.jpg 1024w, https:\/\/www.markus-schall.de\/wp-content\/uploads\/jan-josef-liefers-silhouette-300x200.jpg 300w, https:\/\/www.markus-schall.de\/wp-content\/uploads\/jan-josef-liefers-silhouette-768x512.jpg 768w, https:\/\/www.markus-schall.de\/wp-content\/uploads\/jan-josef-liefers-silhouette-18x12.jpg 18w\" \/><\/div><span class=\"dpt-thumbnail-aspect-ratio\" style=\"padding-top: 75%\"><\/span><\/div><\/div><div class=\"sub-entry\"><h3 class=\"dpt-title\"><a class=\"dpt-title-link\" href=\"https:\/\/www.markus-schall.de\/pl\/2025\/12\/jan-josef-liefers-portret-postawy-pochodzenia-i-wolnosci-artystycznej\/\" rel=\"bookmark\">Jan-Josef Liefers: Portret postawy, pochodzenia i wolno\u015bci artystycznej<\/a><\/h3><\/div><\/div>\n\t\t\t\t\t\t<\/div><!-- .dpt-entry -->\n\t\t\t\t\t\t\t\t\t\t\t\t<div class=\"dpt-entry has-thumbnail\" data-title=\"zukunft mit ladeger\u00e4t \u2013 herr von l&#8217;oreot kauft einen e-scooter\" data-id=\"3229\"  data-category=\"allgemein gesellschaft kunst &amp; kultur stories &amp; humor\" data-post_tag=\"erfahrungen\">\n\t\t\t\t\t\t\t<div class=\"dpt-entry-wrapper\"><div class=\"dpt-featured-content\"><div class=\"dpt-permalink\"><a href=\"https:\/\/www.markus-schall.de\/pl\/2025\/10\/przyszlosc-z-ladowarka-pan-von-loreot-kupuje-hulajnoge-elektryczna\/\" class=\"dpt-permalink\"><span class=\"screen-reader-text\">Przysz\u0142o\u015b\u0107 z \u0142adowark\u0105 - pan von L'oreot kupuje hulajnog\u0119 elektryczn\u0105<\/span><\/a><\/div><div class=\"dpt-thumbnail\"><div class=\"dpt-thumbnail-inner\"><img width=\"1024\" height=\"747\" class=\"attachment-full size-full\" alt=\"\" context=\"dpt\" data-dpt-src=\"https:\/\/www.markus-schall.de\/wp-content\/uploads\/loereot-e-scooter-1.jpg\" data-dpt-sizes=\"(max-width: 1024px) 100vw, 1024px\" data-dpt-srcset=\"https:\/\/www.markus-schall.de\/wp-content\/uploads\/loereot-e-scooter-1.jpg 1024w, https:\/\/www.markus-schall.de\/wp-content\/uploads\/loereot-e-scooter-1-300x219.jpg 300w, https:\/\/www.markus-schall.de\/wp-content\/uploads\/loereot-e-scooter-1-768x560.jpg 768w, https:\/\/www.markus-schall.de\/wp-content\/uploads\/loereot-e-scooter-1-16x12.jpg 16w\" \/><\/div><span class=\"dpt-thumbnail-aspect-ratio\" style=\"padding-top: 75%\"><\/span><\/div><\/div><div class=\"sub-entry\"><h3 class=\"dpt-title\"><a class=\"dpt-title-link\" href=\"https:\/\/www.markus-schall.de\/pl\/2025\/10\/przyszlosc-z-ladowarka-pan-von-loreot-kupuje-hulajnoge-elektryczna\/\" rel=\"bookmark\">Przysz\u0142o\u015b\u0107 z \u0142adowark\u0105 - pan von L'oreot kupuje hulajnog\u0119 elektryczn\u0105<\/a><\/h3><\/div><\/div>\n\t\t\t\t\t\t<\/div><!-- .dpt-entry -->\n\t\t\t\t\t\t\t\t\t\t\t\t<div class=\"dpt-entry has-thumbnail\" data-title=\"beruf, weltbild, zukunft: entscheidungen im schatten des umbruchs\" data-id=\"3197\"  data-category=\"allgemein gesellschaft kunst &amp; kultur tipps &amp; anleitungen\" data-post_tag=\"erfahrungen krisen pers\u00f6nlichkeitsentwicklung ratgeber\">\n\t\t\t\t\t\t\t<div class=\"dpt-entry-wrapper\"><div class=\"dpt-featured-content\"><div class=\"dpt-permalink\"><a href=\"https:\/\/www.markus-schall.de\/pl\/2025\/10\/swiat-kariery-przyszle-decyzje-w-cieniu-wstrzasow\/\" class=\"dpt-permalink\"><span class=\"screen-reader-text\">Kariera, \u015bwiatopogl\u0105d, przysz\u0142o\u015b\u0107: decyzje w cieniu wstrz\u0105s\u00f3w<\/span><\/a><\/div><div class=\"dpt-thumbnail\"><div class=\"dpt-thumbnail-inner\"><img width=\"1024\" height=\"683\" class=\"attachment-full size-full\" alt=\"Decyzje w cieniu wstrz\u0105s\u00f3w\" context=\"dpt\" data-dpt-src=\"https:\/\/www.markus-schall.de\/wp-content\/uploads\/Entscheidungen-im-Schatten-Umbruch.jpg\" data-dpt-sizes=\"(max-width: 1024px) 100vw, 1024px\" data-dpt-srcset=\"https:\/\/www.markus-schall.de\/wp-content\/uploads\/Entscheidungen-im-Schatten-Umbruch.jpg 1024w, https:\/\/www.markus-schall.de\/wp-content\/uploads\/Entscheidungen-im-Schatten-Umbruch-300x200.jpg 300w, https:\/\/www.markus-schall.de\/wp-content\/uploads\/Entscheidungen-im-Schatten-Umbruch-768x512.jpg 768w, https:\/\/www.markus-schall.de\/wp-content\/uploads\/Entscheidungen-im-Schatten-Umbruch-18x12.jpg 18w\" \/><\/div><span class=\"dpt-thumbnail-aspect-ratio\" style=\"padding-top: 75%\"><\/span><\/div><\/div><div class=\"sub-entry\"><h3 class=\"dpt-title\"><a class=\"dpt-title-link\" href=\"https:\/\/www.markus-schall.de\/pl\/2025\/10\/swiat-kariery-przyszle-decyzje-w-cieniu-wstrzasow\/\" rel=\"bookmark\">Kariera, \u015bwiatopogl\u0105d, przysz\u0142o\u015b\u0107: decyzje w cieniu wstrz\u0105s\u00f3w<\/a><\/h3><\/div><\/div>\n\t\t\t\t\t\t<\/div><!-- .dpt-entry -->\n\t\t\t\t\t\t\t\t\t\t\t\t<div class=\"dpt-entry has-thumbnail\" data-title=\"die krimtataren \u2013 geschichte, herkunft und gegenwart eines vergessenen volkes\" data-id=\"4154\"  data-category=\"allgemein gesellschaft kunst &amp; kultur\" data-post_tag=\"europa geopolitik krisen meinungsfreiheit\">\n\t\t\t\t\t\t\t<div class=\"dpt-entry-wrapper\"><div class=\"dpt-featured-content\"><div class=\"dpt-permalink\"><a href=\"https:\/\/www.markus-schall.de\/pl\/2025\/12\/tatarzy-krymscy-historia-pochodzenie-i-terazniejszosc-zapomnianego-ludu\/\" class=\"dpt-permalink\"><span class=\"screen-reader-text\">Tatarzy Krymscy - historia, pochodzenie i tera\u017aniejszo\u015b\u0107 zapomnianego ludu<\/span><\/a><\/div><div class=\"dpt-thumbnail\"><div class=\"dpt-thumbnail-inner\"><img width=\"1024\" height=\"683\" class=\"attachment-full size-full\" alt=\"Step krymsko-tatarski\" context=\"dpt\" data-dpt-src=\"https:\/\/www.markus-schall.de\/wp-content\/uploads\/Krimtartaren-Steppe.jpg\" data-dpt-sizes=\"(max-width: 1024px) 100vw, 1024px\" data-dpt-srcset=\"https:\/\/www.markus-schall.de\/wp-content\/uploads\/Krimtartaren-Steppe.jpg 1024w, https:\/\/www.markus-schall.de\/wp-content\/uploads\/Krimtartaren-Steppe-300x200.jpg 300w, https:\/\/www.markus-schall.de\/wp-content\/uploads\/Krimtartaren-Steppe-768x512.jpg 768w, https:\/\/www.markus-schall.de\/wp-content\/uploads\/Krimtartaren-Steppe-18x12.jpg 18w\" \/><\/div><span class=\"dpt-thumbnail-aspect-ratio\" style=\"padding-top: 75%\"><\/span><\/div><\/div><div class=\"sub-entry\"><h3 class=\"dpt-title\"><a class=\"dpt-title-link\" href=\"https:\/\/www.markus-schall.de\/pl\/2025\/12\/tatarzy-krymscy-historia-pochodzenie-i-terazniejszosc-zapomnianego-ludu\/\" rel=\"bookmark\">Tatarzy Krymscy - historia, pochodzenie i tera\u017aniejszo\u015b\u0107 zapomnianego ludu<\/a><\/h3><\/div><\/div>\n\t\t\t\t\t\t<\/div><!-- .dpt-entry -->\n\t\t\t\t\t\t\n\t\t\t\t<\/div>\n\t\t\t\t\t\t<\/div>\n\t\t\t\n<hr \/>","protected":false},"excerpt":{"rendered":"<p>Dla wielu teoria gier brzmi jak sucha matematyka, jak formu\u0142y, jak co\u015b, co odgrywa rol\u0119 tylko w wyk\u0142adach lub grach biznesowych. W rzeczywisto\u015bci jednak jest to staro\u017cytne narz\u0119dzie my\u015blenia, kt\u00f3re istnia\u0142o na d\u0142ugo przed jego akademick\u0105 formalizacj\u0105. Korzystali z niego dyplomaci, dow\u00f3dcy, kapitanowie przemys\u0142u - na d\u0142ugo przed tym, zanim w og\u00f3le zosta\u0142o tak nazwane. Jest na ... <a title=\"Tatarzy Krymscy - historia, pochodzenie i tera\u017aniejszo\u015b\u0107 zapomnianego ludu\" class=\"read-more\" href=\"https:\/\/www.markus-schall.de\/pl\/2025\/12\/tatarzy-krymscy-historia-pochodzenie-i-terazniejszosc-zapomnianego-ludu\/\" aria-label=\"Dowiedz si\u0119 wi\u0119cej o Tatarzy Krymscy - historia, pochodzenie i tera\u017aniejszo\u015b\u0107 zapomnianego ludu\">Dowiedz si\u0119 wi\u0119cej<\/a><\/p>","protected":false},"author":1,"featured_media":3937,"comment_status":"open","ping_status":"open","sticky":false,"template":"","format":"standard","meta":{"iawp_total_views":344,"footnotes":""},"categories":[1,466,472],"tags":[444,480,481,470,475,482,426,484,478],"class_list":["post-3850","post","type-post","status-publish","format-standard","has-post-thumbnail","hentry","category-allgemein","category-gesellschaft","category-kunst-kultur","tag-denkmodelle","tag-deutschland","tag-energiepolitik","tag-eu-gesetze","tag-europa","tag-geopolitik","tag-krisen","tag-sicherheitspolitik","tag-spieltheorie"],"_links":{"self":[{"href":"https:\/\/www.markus-schall.de\/pl\/wp-json\/wp\/v2\/posts\/3850","targetHints":{"allow":["GET"]}}],"collection":[{"href":"https:\/\/www.markus-schall.de\/pl\/wp-json\/wp\/v2\/posts"}],"about":[{"href":"https:\/\/www.markus-schall.de\/pl\/wp-json\/wp\/v2\/types\/post"}],"author":[{"embeddable":true,"href":"https:\/\/www.markus-schall.de\/pl\/wp-json\/wp\/v2\/users\/1"}],"replies":[{"embeddable":true,"href":"https:\/\/www.markus-schall.de\/pl\/wp-json\/wp\/v2\/comments?post=3850"}],"version-history":[{"count":26,"href":"https:\/\/www.markus-schall.de\/pl\/wp-json\/wp\/v2\/posts\/3850\/revisions"}],"predecessor-version":[{"id":5966,"href":"https:\/\/www.markus-schall.de\/pl\/wp-json\/wp\/v2\/posts\/3850\/revisions\/5966"}],"wp:featuredmedia":[{"embeddable":true,"href":"https:\/\/www.markus-schall.de\/pl\/wp-json\/wp\/v2\/media\/3937"}],"wp:attachment":[{"href":"https:\/\/www.markus-schall.de\/pl\/wp-json\/wp\/v2\/media?parent=3850"}],"wp:term":[{"taxonomy":"category","embeddable":true,"href":"https:\/\/www.markus-schall.de\/pl\/wp-json\/wp\/v2\/categories?post=3850"},{"taxonomy":"post_tag","embeddable":true,"href":"https:\/\/www.markus-schall.de\/pl\/wp-json\/wp\/v2\/tags?post=3850"}],"curies":[{"name":"wp","href":"https:\/\/api.w.org\/{rel}","templated":true}]}}