{"id":3994,"date":"2025-12-13T14:47:28","date_gmt":"2025-12-13T14:47:28","guid":{"rendered":"https:\/\/www.markus-schall.de\/?p=3994"},"modified":"2026-04-27T08:47:39","modified_gmt":"2026-04-27T08:47:39","slug":"zasieg-nie-jest-wlasnoscia-dlatego-widocznosc-juz-dzis-nie-wystarcza","status":"publish","type":"post","link":"https:\/\/www.markus-schall.de\/pl\/2025\/12\/zasieg-nie-jest-wlasnoscia-dlatego-widocznosc-juz-dzis-nie-wystarcza\/","title":{"rendered":"Zasi\u0119g to nie w\u0142asno\u015b\u0107 - dlaczego widoczno\u015b\u0107 ju\u017c dzi\u015b nie wystarcza?"},"content":{"rendered":"<p>Dobre dziesi\u0119\u0107 lat temu zdarzy\u0142o mi si\u0119 obejrze\u0107 wyk\u0142ad na temat przej\u015bcia od spo\u0142ecze\u0144stwa informacyjnego do spo\u0142ecze\u0144stwa wiedzy. W tamtym czasie wiele z tego brzmia\u0142o jeszcze teoretycznie, niemal akademicko. Chodzi\u0142o o takie poj\u0119cia jak suwerenno\u015b\u0107 danych, w\u0142asno\u015b\u0107 informacji i pytanie, kto w przysz\u0142o\u015bci b\u0119dzie decydowa\u0142 o tym, co jest dost\u0119pne, a co nie. Dzi\u015b, z odrobin\u0105 dystansu, wyk\u0142ad ten wydaje si\u0119 zaskakuj\u0105co precyzyjny. W ko\u0144cu wiele z tego, co wtedy opisywano jako rozw\u00f3j, teraz sta\u0142o si\u0119 rzeczywisto\u015bci\u0105. Coraz wi\u0119cej danych migruje do chmury. Coraz wi\u0119cej informacji nie jest ju\u017c przechowywanych w systemach wewn\u0119trznych, ale w infrastrukturze zewn\u0119trznej. I coraz cz\u0119\u015bciej to ju\u017c nie u\u017cytkownik, ale dostawca, platforma lub zestaw regu\u0142 decyduje o tym, co jest mo\u017cliwe.<\/p>\n<p>Aby zrozumie\u0107 ten rozw\u00f3j, warto cofn\u0105\u0107 si\u0119 o krok. Spo\u0142ecze\u0144stwo informacyjne, w kt\u00f3rym wielu z nas dorasta\u0142o, nie by\u0142o stanem normalnym. By\u0142 to historyczny wyj\u0105tek.<!--more--><\/p>\n<hr \/>\n\n\t\t\t<div class=\"display-post-types\">\n\n\t\t\t\t\t\t\t<style type=\"text\/css\">\n\t\t\t#dpt-wrapper-560 { --dpt-text-align: left;--dpt-image-crop: center;--dpt-border-radius: 5px;--dpt-h-gutter: 10px;--dpt-v-gutter: 9px; }\t\t\t<\/style>\n\t\t\t<style type=\"text\/css\">#dpt-wrapper-560 { --dpt-title-font-style:normal;--dpt-title-font-weight:600;--dpt-title-line-height:1.5;--dpt-title-text-decoration:none;--dpt-title-text-transform:none;--dpt-excerpt-font-style:normal;--dpt-excerpt-font-weight:400;--dpt-excerpt-line-height:1.5;--dpt-excerpt-text-decoration:none;--dpt-excerpt-text-transform:none;--dpt-meta1-font-style:normal;--dpt-meta1-font-weight:400;--dpt-meta1-line-height:1.9;--dpt-meta1-text-decoration:none;--dpt-meta1-text-transform:none;--dpt-meta2-font-style:normal;--dpt-meta2-font-weight:400;--dpt-meta2-line-height:1.9;--dpt-meta2-text-decoration:none;--dpt-meta2-text-transform:none; }<\/style><div class=\"dpt-main-header\">\n\t\t\t\t\t\t<div class=\"dpt-main-title\">\n\t\t\t\t\t\t\t<span class=\"dpt-main-title-text\">Kwestie spo\u0142eczne tera\u017aniejszo\u015bci<\/span>\n\t\t\t\t\t\t<\/div>\n\t\t\t\t\t\t\n\t\t\t\t\t\t\n\t\t\t\t\t\t\n\t\t\t\t\t\t<\/div>\t\t\t\n\t\t\t\t<div id=\"dpt-wrapper-560\" class=\"dpt-wrapper dpt-mag1 land1 dpt-cropped dpt-flex-wrap\" >\n\n\t\t\t\t\t\t\t\t\t\t\t<div class=\"dpt-entry has-thumbnail\" data-title=\"kriegst\u00fcchtigkeit, wehrpflicht &#038; verweigerung: was im ernstfall zu tun ist\" data-id=\"2966\"  data-category=\"allgemein b\u00fccher gesellschaft tipps &amp; anleitungen\" data-post_tag=\"buch deutschland geopolitik gesundheit krisen pers\u00f6nlichkeitsentwicklung ratgeber sicherheitspolitik\">\n\t\t\t\t\t\t\t<div class=\"dpt-entry-wrapper\"><div class=\"dpt-featured-content\"><div class=\"dpt-permalink\"><a href=\"https:\/\/www.markus-schall.de\/pl\/2025\/09\/sprzeciw-sumienia-wobec-sluzby-wojskowej-co-robic-w-naglych-wypadkach\/\" class=\"dpt-permalink\"><span class=\"screen-reader-text\">Przydatno\u015b\u0107 do wojny, pob\u00f3r i odmowa: co robi\u0107 w nag\u0142ych wypadkach?<\/span><\/a><\/div><div class=\"dpt-thumbnail\"><div class=\"dpt-thumbnail-inner\"><img width=\"1536\" height=\"1024\" class=\"attachment-full size-full\" alt=\"Pob\u00f3r: odmowa s\u0142u\u017cby wojskowej\" context=\"dpt\" data-dpt-src=\"https:\/\/www.markus-schall.de\/wp-content\/uploads\/wehrpflicht-kriegsdienst-verweigern.jpg\" data-dpt-sizes=\"(max-width: 1536px) 100vw, 1536px\" data-dpt-srcset=\"https:\/\/www.markus-schall.de\/wp-content\/uploads\/wehrpflicht-kriegsdienst-verweigern.jpg 1536w, https:\/\/www.markus-schall.de\/wp-content\/uploads\/wehrpflicht-kriegsdienst-verweigern-300x200.jpg 300w, https:\/\/www.markus-schall.de\/wp-content\/uploads\/wehrpflicht-kriegsdienst-verweigern-1024x683.jpg 1024w, https:\/\/www.markus-schall.de\/wp-content\/uploads\/wehrpflicht-kriegsdienst-verweigern-768x512.jpg 768w, https:\/\/www.markus-schall.de\/wp-content\/uploads\/wehrpflicht-kriegsdienst-verweigern-18x12.jpg 18w\" \/><\/div><span class=\"dpt-thumbnail-aspect-ratio\" style=\"padding-top: 75%\"><\/span><\/div><\/div><div class=\"sub-entry\"><h3 class=\"dpt-title\"><a class=\"dpt-title-link\" href=\"https:\/\/www.markus-schall.de\/pl\/2025\/09\/sprzeciw-sumienia-wobec-sluzby-wojskowej-co-robic-w-naglych-wypadkach\/\" rel=\"bookmark\">Przydatno\u015b\u0107 do wojny, pob\u00f3r i odmowa: co robi\u0107 w nag\u0142ych wypadkach?<\/a><\/h3><\/div><\/div>\n\t\t\t\t\t\t<\/div><!-- .dpt-entry -->\n\t\t\t\t\t\t\t\t\t\t\t\t<div class=\"dpt-entry has-thumbnail\" data-title=\"mehr als punk: nina hagen, cosma shiva und die kunst, sich nicht vereinnahmen zu lassen\" data-id=\"4521\"  data-category=\"allgemein gesellschaft kunst &amp; kultur\" data-post_tag=\"auswandern deutschland erfahrungen europa krisen meinungsfreiheit musik portrait\">\n\t\t\t\t\t\t\t<div class=\"dpt-entry-wrapper\"><div class=\"dpt-featured-content\"><div class=\"dpt-permalink\"><a href=\"https:\/\/www.markus-schall.de\/pl\/2026\/01\/wiecej-niz-punk-nina-hagen-cosma-shiva-i-sztuka-bycia-niezauwazonym\/\" class=\"dpt-permalink\"><span class=\"screen-reader-text\">Wi\u0119cej ni\u017c punk: Nina Hagen, Cosma Shiva i sztuka nie da\u0107 si\u0119 wci\u0105gn\u0105\u0107<\/span><\/a><\/div><div class=\"dpt-thumbnail\"><div class=\"dpt-thumbnail-inner\"><img width=\"1024\" height=\"683\" class=\"attachment-full size-full\" alt=\"Portret Niny i Cosmy Shiva Hagen\u00f3w\" context=\"dpt\" data-dpt-src=\"https:\/\/www.markus-schall.de\/wp-content\/uploads\/Nina-Cosma-Shiva-Hagen-Titel.jpg\" data-dpt-sizes=\"(max-width: 1024px) 100vw, 1024px\" data-dpt-srcset=\"https:\/\/www.markus-schall.de\/wp-content\/uploads\/Nina-Cosma-Shiva-Hagen-Titel.jpg 1024w, https:\/\/www.markus-schall.de\/wp-content\/uploads\/Nina-Cosma-Shiva-Hagen-Titel-300x200.jpg 300w, https:\/\/www.markus-schall.de\/wp-content\/uploads\/Nina-Cosma-Shiva-Hagen-Titel-768x512.jpg 768w, https:\/\/www.markus-schall.de\/wp-content\/uploads\/Nina-Cosma-Shiva-Hagen-Titel-18x12.jpg 18w\" \/><\/div><span class=\"dpt-thumbnail-aspect-ratio\" style=\"padding-top: 75%\"><\/span><\/div><\/div><div class=\"sub-entry\"><h3 class=\"dpt-title\"><a class=\"dpt-title-link\" href=\"https:\/\/www.markus-schall.de\/pl\/2026\/01\/wiecej-niz-punk-nina-hagen-cosma-shiva-i-sztuka-bycia-niezauwazonym\/\" rel=\"bookmark\">Wi\u0119cej ni\u017c punk: Nina Hagen, Cosma Shiva i sztuka nie da\u0107 si\u0119 wci\u0105gn\u0105\u0107<\/a><\/h3><\/div><\/div>\n\t\t\t\t\t\t<\/div><!-- .dpt-entry -->\n\t\t\t\t\t\t\t\t\t\t\t\t<div class=\"dpt-entry has-thumbnail\" data-title=\"dauerkrise als normalzustand: wie narrative unsere wahrnehmung verzerren\" data-id=\"3840\"  data-category=\"allgemein b\u00fccher gesellschaft\" data-post_tag=\"buch deutschland energiepolitik erfahrungen europa krisen meinungsfreiheit pers\u00f6nlichkeitsentwicklung\">\n\t\t\t\t\t\t\t<div class=\"dpt-entry-wrapper\"><div class=\"dpt-featured-content\"><div class=\"dpt-permalink\"><a href=\"https:\/\/www.markus-schall.de\/pl\/2025\/12\/permanentny-kryzys-jako-stan-normalny-jak-narracje-znieksztalcaja-nasza-percepcje\/\" class=\"dpt-permalink\"><span class=\"screen-reader-text\">Permanentny kryzys jako stan normalny: jak narracje zniekszta\u0142caj\u0105 nasz\u0105 percepcj\u0119<\/span><\/a><\/div><div class=\"dpt-thumbnail\"><div class=\"dpt-thumbnail-inner\"><img width=\"1024\" height=\"683\" class=\"attachment-full size-full\" alt=\"Permanentny kryzys, narracje\" context=\"dpt\" data-dpt-src=\"https:\/\/www.markus-schall.de\/wp-content\/uploads\/dauerkrise-narrative.jpg\" data-dpt-sizes=\"(max-width: 1024px) 100vw, 1024px\" data-dpt-srcset=\"https:\/\/www.markus-schall.de\/wp-content\/uploads\/dauerkrise-narrative.jpg 1024w, https:\/\/www.markus-schall.de\/wp-content\/uploads\/dauerkrise-narrative-300x200.jpg 300w, https:\/\/www.markus-schall.de\/wp-content\/uploads\/dauerkrise-narrative-768x512.jpg 768w, https:\/\/www.markus-schall.de\/wp-content\/uploads\/dauerkrise-narrative-18x12.jpg 18w\" \/><\/div><span class=\"dpt-thumbnail-aspect-ratio\" style=\"padding-top: 75%\"><\/span><\/div><\/div><div class=\"sub-entry\"><h3 class=\"dpt-title\"><a class=\"dpt-title-link\" href=\"https:\/\/www.markus-schall.de\/pl\/2025\/12\/permanentny-kryzys-jako-stan-normalny-jak-narracje-znieksztalcaja-nasza-percepcje\/\" rel=\"bookmark\">Permanentny kryzys jako stan normalny: jak narracje zniekszta\u0142caj\u0105 nasz\u0105 percepcj\u0119<\/a><\/h3><\/div><\/div>\n\t\t\t\t\t\t<\/div><!-- .dpt-entry -->\n\t\t\t\t\t\t\t\t\t\t\t\t<div class=\"dpt-entry has-thumbnail\" data-title=\"auswandern nach tschechien: mein weg, meine gr\u00fcnde, meine pl\u00e4ne\" data-id=\"3069\"  data-category=\"allgemein gesellschaft\" data-post_tag=\"auswandern erfahrungen krisen pers\u00f6nlichkeitsentwicklung ratgeber\">\n\t\t\t\t\t\t\t<div class=\"dpt-entry-wrapper\"><div class=\"dpt-featured-content\"><div class=\"dpt-permalink\"><a href=\"https:\/\/www.markus-schall.de\/pl\/2025\/10\/emigracja-do-czech-moja-droga-moje-powody-moje-plany\/\" class=\"dpt-permalink\"><span class=\"screen-reader-text\">Emigracja do Czech: moja droga, moje powody, moje plany<\/span><\/a><\/div><div class=\"dpt-thumbnail\"><div class=\"dpt-thumbnail-inner\"><img width=\"2560\" height=\"1558\" class=\"attachment-full size-full\" alt=\"Emigracja do Republiki Czeskiej\" context=\"dpt\" data-dpt-src=\"https:\/\/www.markus-schall.de\/wp-content\/uploads\/auswandern-tschechien-titel-scaled.jpg\" data-dpt-sizes=\"(max-width: 2560px) 100vw, 2560px\" data-dpt-srcset=\"https:\/\/www.markus-schall.de\/wp-content\/uploads\/auswandern-tschechien-titel-scaled.jpg 2560w, https:\/\/www.markus-schall.de\/wp-content\/uploads\/auswandern-tschechien-titel-300x183.jpg 300w, https:\/\/www.markus-schall.de\/wp-content\/uploads\/auswandern-tschechien-titel-1024x623.jpg 1024w, https:\/\/www.markus-schall.de\/wp-content\/uploads\/auswandern-tschechien-titel-768x467.jpg 768w, https:\/\/www.markus-schall.de\/wp-content\/uploads\/auswandern-tschechien-titel-1536x935.jpg 1536w, https:\/\/www.markus-schall.de\/wp-content\/uploads\/auswandern-tschechien-titel-2048x1246.jpg 2048w, https:\/\/www.markus-schall.de\/wp-content\/uploads\/auswandern-tschechien-titel-18x12.jpg 18w\" \/><\/div><span class=\"dpt-thumbnail-aspect-ratio\" style=\"padding-top: 75%\"><\/span><\/div><\/div><div class=\"sub-entry\"><h3 class=\"dpt-title\"><a class=\"dpt-title-link\" href=\"https:\/\/www.markus-schall.de\/pl\/2025\/10\/emigracja-do-czech-moja-droga-moje-powody-moje-plany\/\" rel=\"bookmark\">Emigracja do Czech: moja droga, moje powody, moje plany<\/a><\/h3><\/div><\/div>\n\t\t\t\t\t\t<\/div><!-- .dpt-entry -->\n\t\t\t\t\t\t\n\t\t\t\t<\/div>\n\t\t\t\t\t\t<\/div>\n\t\t\t\n<hr \/>\n<h2>Najnowsze wiadomo\u015bci na ten temat<\/h2>\n<p><strong>14.04.2026<\/strong>Obecna debata na temat mo\u017cliwego <a href=\"https:\/\/www.deutschlandfunk.de\/social-media-verbot-kinder-jugendliche-bundesregierung-tiktok-instagram-100.html\" target=\"_blank\" rel=\"noopener\"><strong>Zakaz korzystania z medi\u00f3w spo\u0142eczno\u015bciowych przez dzieci i m\u0142odzie\u017c<\/strong><\/a> pokazuje, w jakim stopniu zasi\u0119g cyfrowy zale\u017cy obecnie od decyzji politycznych i regulacyjnych. W Niemczech trwaj\u0105 obecnie dyskusje na temat ograniczenia lub ca\u0142kowitego zakazu platform takich jak TikTok czy Instagram dla os\u00f3b poni\u017cej 14 roku \u017cycia, a ostateczna decyzja ma zosta\u0107 podj\u0119ta po wakacjach. Jednocze\u015bnie istniej\u0105 r\u00f3\u017cne stanowiska zar\u00f3wno w polityce, jak i w spo\u0142ecze\u0144stwie: Podczas gdy niekt\u00f3rzy wzywaj\u0105 do zaostrzenia przepis\u00f3w w celu ochrony przed uzale\u017cnieniem, stresem psychicznym i problematycznymi tre\u015bciami, krytycy wskazuj\u0105, \u017ce zakazy jedynie odsuwaj\u0105 problemy w czasie i \u017ce wa\u017cniejsza by\u0142aby umiej\u0119tno\u015b\u0107 korzystania z medi\u00f3w.<\/p>\n<div class=\"lyte-wrapper\" style=\"width:640px;max-width:100%;margin:5px;\"><div class=\"lyMe\" id=\"WYL_cFF_m-0ewVo\"><div id=\"lyte_cFF_m-0ewVo\" data-src=\"https:\/\/www.markus-schall.de\/wp-content\/plugins\/wp-youtube-lyte\/lyteCache.php?origThumbUrl=%2F%2Fi.ytimg.com%2Fvi%2FcFF_m-0ewVo%2Fhqdefault.jpg\" class=\"pL\"><div class=\"tC\"><div class=\"tT\"><\/div><\/div><div class=\"play\"><\/div><div class=\"ctrl\"><div class=\"Lctrl\"><\/div><div class=\"Rctrl\"><\/div><\/div><\/div><noscript><a href=\"https:\/\/youtu.be\/cFF_m-0ewVo\" rel=\"nofollow noopener\" target=\"_blank\"><img loading=\"lazy\" decoding=\"async\" src=\"https:\/\/www.markus-schall.de\/wp-content\/plugins\/wp-youtube-lyte\/lyteCache.php?origThumbUrl=https%3A%2F%2Fi.ytimg.com%2Fvi%2FcFF_m-0ewVo%2F0.jpg\" alt=\"Miniatura wideo YouTube\" width=\"640\" height=\"340\" \/><br \/>Obejrzyj ten film na YouTube<\/a><\/noscript><\/div><\/div><div class=\"lL\" style=\"max-width:100%;width:640px;margin:5px;\"><\/div><br \/>\nZakaz medi\u00f3w spo\u0142eczno\u015bciowych dla m\u0142odych ludzi? Lang, Witwer, M\u00fcller i Lobo w rozmowach na najwy\u017cszym szczeblu | <a href=\"https:\/\/www.youtube.com\/@derspiegel\" target=\"_blank\" rel=\"nofollow noopener\">LUSTRO<\/a><\/p>\n<p>Rozw\u00f3j ten jest cz\u0119\u015bci\u0105 wi\u0119kszego trendu w Europie, w kt\u00f3rym platformy cyfrowe staj\u0105 si\u0119 coraz bardziej regulowane. Wyja\u015bnia to, \u017ce zasi\u0119g w systemach zewn\u0119trznych nigdy nie jest ca\u0142kowicie pod w\u0142asn\u0105 kontrol\u0105 - mo\u017ce zosta\u0107 ograniczony w dowolnym momencie przez nowe zasady, specyfikacje techniczne lub decyzje polityczne. Na tym w\u0142a\u015bnie polega zasadnicza r\u00f3\u017cnica w por\u00f3wnaniu z w\u0142asnymi platformami.<\/p>\n<hr \/>\n<h2>Spo\u0142ecze\u0144stwo informacyjne - szczeg\u00f3lny przypadek historyczny<\/h2>\n<p>Spo\u0142ecze\u0144stwo informacyjne charakteryzowa\u0142o si\u0119 prost\u0105, ale skuteczn\u0105 zasad\u0105: informacje by\u0142y \u0142atwo dost\u0119pne. Je\u015bli chcia\u0142e\u015b si\u0119 czego\u015b dowiedzie\u0107, mog\u0142e\u015b to wyszuka\u0107. Strony internetowe, fora, blogi, archiwa online, a p\u00f3\u017aniej wyszukiwarki zapewni\u0142y, \u017ce wiedza by\u0142a dost\u0119pna pozornie bez ogranicze\u0144.<\/p>\n<p>Decyduj\u0105cym czynnikiem nie by\u0142a jako\u015b\u0107 poszczeg\u00f3lnych informacji, ale fakt, \u017ce dost\u0119p do nich by\u0142 w zasadzie otwarty. Nie trzeba by\u0142o prosi\u0107, nie trzeba by\u0142o aplikowa\u0107, nie trzeba by\u0142o by\u0107 aktywowanym. Mo\u017cna by\u0142o przeczyta\u0107, por\u00f3wna\u0107 i wyrobi\u0107 sobie w\u0142asn\u0105 opini\u0119.<\/p>\n<p>Kr\u00f3tko m\u00f3wi\u0105c: dost\u0119p oznacza\u0142 w\u0142adz\u0119.<\/p>\n<h3>Dlaczego ta faza by\u0142a tak normalna?<\/h3>\n<p>Wiele os\u00f3b do dzi\u015b uwa\u017ca ten okres za co\u015b oczywistego. Wynika to z faktu, \u017ce ca\u0142e pokolenie zosta\u0142o uspo\u0142ecznione podczas tej fazy. Informacje \u201epo prostu tam by\u0142y\u201c. Je\u015bli czego\u015b brakowa\u0142o, to zwykle dlatego, \u017ce ludzie nie szukali tego w\u0142a\u015bciwie. Cz\u0119sto pomija si\u0119 fakt, \u017ce ta otwarto\u015b\u0107 by\u0142a wynikiem pewnych warunk\u00f3w technicznych, ekonomicznych i kulturowych:<\/p>\n<ul>\n<li>Zdecentralizowane strony internetowe zamiast centralnych platform<\/li>\n<li>W\u0142asne serwery zamiast zewn\u0119trznych chmur<\/li>\n<li>Tre\u015bci, kt\u00f3re by\u0142y dystrybuowane zamiast kontrolowane<\/li>\n<\/ul>\n<p>Ta konstelacja by\u0142a korzystna - ale nie by\u0142a zagwarantowana na sta\u0142e.<\/p>\n<h3>Rola Internetu jako otwartej sieci<\/h3>\n<p>Wczesny Internet nie by\u0142 rynkiem ani scen\u0105, ale przede wszystkim sieci\u0105. Tre\u015bci znajdowa\u0142y si\u0119 w wielu miejscach, by\u0142y linkowane, kopiowane i powielane. Nie by\u0142o centralnego organu, kt\u00f3ry decydowa\u0142by o tym, jakie informacje mog\u0105 by\u0107 widoczne. Mia\u0142o to dwie konsekwencje:<\/p>\n<ol>\n<li>Wiedza mo\u017ce si\u0119 rozwija\u0107 i rozga\u0142\u0119zia\u0107<\/li>\n<li>Zale\u017cno\u015bci pozosta\u0142y na stosunkowo niskim poziomie<\/li>\n<\/ol>\n<p>Je\u015bli prowadzi\u0142e\u015b w\u0142asn\u0105 stron\u0119 internetow\u0105, by\u0142e\u015b w\u0142a\u015bcicielem jej zawarto\u015bci. Je\u015bli obs\u0142ugiwa\u0142e\u015b serwer, kontrolowa\u0142e\u015b swoje dane. By\u0142o to technicznie bardziej wymagaj\u0105ce ni\u017c dzisiaj - ale strukturalnie jasne.<\/p>\n<h3>Dlaczego spo\u0142ecze\u0144stwo informacyjne nie by\u0142o stanem permanentnym<\/h3>\n<p>Wraz z rosn\u0105c\u0105 wygod\u0105 zmieni\u0142o si\u0119 zachowanie. W\u0142asne serwery zosta\u0142y zast\u0105pione wynajmowanymi. Systemy lokalne ust\u0105pi\u0142y miejsca us\u0142ugom w chmurze. Platformy przej\u0119\u0142y funkcje, kt\u00f3re wcze\u015bniej by\u0142y rozproszone. Nie by\u0142o w tym nic z\u0142ego, ani obra\u017aliwego. By\u0142o to wydajne, tanie i wygodne. Ale mia\u0142o to efekt uboczny:<\/p>\n<p>Kontrola uleg\u0142a zmianie. Informacje by\u0142y nadal dost\u0119pne, ale coraz cz\u0119\u015bciej znajdowa\u0142y si\u0119 w r\u0119kach innych. W ten spos\u00f3b r\u00f3wnowaga si\u0142 powoli zacz\u0119\u0142a si\u0119 zmienia\u0107.<\/p>\n<p>Patrz\u0105c wstecz, mo\u017cemy powiedzie\u0107, \u017ce spo\u0142ecze\u0144stwo informacyjne by\u0142o etapem przej\u015bciowym, w kt\u00f3rym dost\u0119p by\u0142 wa\u017cniejszy ni\u017c w\u0142asno\u015b\u0107. To w\u0142a\u015bnie ten punkt jest dzi\u015b coraz cz\u0119\u015bciej kwestionowany. Im wi\u0119cej informacji jest przechowywanych, analizowanych i filtrowanych centralnie, tym wa\u017cniejsza staje si\u0119 kwestia dost\u0119pu:<\/p>\n<p><em><strong>Kto jest w\u0142a\u015bcicielem danych?<\/strong><\/em><\/p>\n<p>Wkraczamy zatem w obszar spo\u0142ecze\u0144stwa wiedzy - a tam obowi\u0105zuj\u0105 inne zasady.<\/p>\n<h3>Obserwacje z praktyki<\/h3>\n<p>My\u015bli te nie pojawi\u0142y si\u0119 teoretycznie, ale ca\u0142kiem praktycznie podczas bada\u0144 nad kilkoma artyku\u0142ami. Kiedy bardziej intensywnie zaanga\u017cowa\u0142em si\u0119 w osobowo\u015bci takie jak <a href=\"https:\/\/www.markus-schall.de\/pl\/2025\/12\/dlaczego-dieter-bohlen-mowi-gdy-inni-milcza-portret-pracowitosci-i-przejrzystosci\/\"><strong>Dieter Bohlen<\/strong><\/a>, <a href=\"https:\/\/www.markus-schall.de\/pl\/2025\/12\/jan-josef-liefers-portret-postawy-pochodzenia-i-wolnosci-artystycznej\/\"><strong>Jan-Josef Liefers<\/strong><\/a> a tak\u017ce <a href=\"https:\/\/www.markus-schall.de\/pl\/2025\/12\/teoria-gier-wyjasnia-25-lat-geopolityki-jak-europa-stracila-swoja-strategiczna-role\/\"><strong>Prof. dr Christian Rieck<\/strong><\/a> Zauwa\u017cy\u0142em co\u015b, co na pocz\u0105tku wydaje si\u0119 banalne, ale po bli\u017cszym przyjrzeniu si\u0119 m\u00f3wi wiele o naszych czasach: \u017caden z nich tak naprawd\u0119 nie ma w\u0142asnej, dobrze utrzymanej strony internetowej jako centrum tre\u015bci. Zamiast tego mo\u017cna je znale\u017a\u0107 prawie wy\u0142\u0105cznie na platformach takich jak YouTube, Instagram lub w mediach innych firm.<\/p>\n<p>Wszystkie trzy bez w\u0105tpienia maj\u0105 zasi\u0119g. Ale ten zasi\u0119g nie nale\u017cy do nich. Nale\u017cy on do platform, na kt\u00f3rych si\u0119 one odbywaj\u0105. To, co wygl\u0105da na widoczno\u015b\u0107, jest w rzeczywisto\u015bci zale\u017cno\u015bci\u0105. Ta obserwacja by\u0142a wa\u017cnym bod\u017acem do zakwestionowania relacji mi\u0119dzy zasi\u0119giem, w\u0142asno\u015bci\u0105 i tworzeniem wiedzy w bardziej fundamentalny spos\u00f3b.<\/p>\n<p><img loading=\"lazy\" decoding=\"async\" class=\"alignnone wp-image-4002 size-large\" src=\"https:\/\/www.markus-schall.de\/wp-content\/uploads\/reichweite-informationsgesellschaft.jpg\" alt=\"Spo\u0142ecze\u0144stwo informacyjne - biblioteka otwarta\" width=\"1024\" height=\"683\" srcset=\"https:\/\/www.markus-schall.de\/wp-content\/uploads\/reichweite-informationsgesellschaft.jpg 1024w, https:\/\/www.markus-schall.de\/wp-content\/uploads\/reichweite-informationsgesellschaft-300x200.jpg 300w, https:\/\/www.markus-schall.de\/wp-content\/uploads\/reichweite-informationsgesellschaft-768x512.jpg 768w, https:\/\/www.markus-schall.de\/wp-content\/uploads\/reichweite-informationsgesellschaft-18x12.jpg 18w\" sizes=\"auto, (max-width: 1024px) 100vw, 1024px\" \/><\/p>\n<h2>Pe\u0142zaj\u0105cy koniec darmowych informacji<\/h2>\n<p>Stwierdzenie, \u017ce informacje staj\u0105 si\u0119 dzi\u015b \u201erzadsze\u201c brzmi na pocz\u0105tku paradoksalnie. Poniewa\u017c oczywi\u015bcie w Internecie wci\u0105\u017c istnieje niesko\u0144czona ilo\u015b\u0107 informacji. Ka\u017cdego dnia publikowane s\u0105 miliony nowych tre\u015bci, przesy\u0142anych film\u00f3w i pisanych artyku\u0142\u00f3w. A jednak dla wielu os\u00f3b wydaje si\u0119, \u017ce znajduj\u0105 mniej w tym samym czasie - lub przynajmniej mniej tego, co naprawd\u0119 wa\u017cne.<\/p>\n<p>Pow\u00f3d jest prosty: nie chodzi o ilo\u015b\u0107, ale o dost\u0119pno\u015b\u0107. A dost\u0119pno\u015b\u0107 r\u00f3\u017cni si\u0119 od \u201egdzie\u015b istnieje\u201c. W przesz\u0142o\u015bci informacje by\u0142y cz\u0119sto publicznie dost\u0119pne, swobodnie dost\u0119pne i stosunkowo \u0142atwe do wyszukania. Dzi\u015b informacje zn\u00f3w staj\u0105 si\u0119 rzadkie w kilku etapach - nie poprzez jeden du\u017cy, widoczny \u015brodek, ale poprzez wiele ma\u0142ych zmian, kt\u00f3re sumuj\u0105 si\u0119 na przestrzeni lat.<\/p>\n<h3>Paywalle, zamkni\u0119te platformy i algorytmizacja<\/h3>\n<p>Wa\u017cnym czynnikiem s\u0105 <strong>Paywalle<\/strong>. Gazety, magazyny i specjalistyczne portale zda\u0142y sobie spraw\u0119, \u017ce cho\u0107 darmowe tre\u015bci przynosz\u0105 zasi\u0119g, nie zapewniaj\u0105 stabilnej egzystencji. Artyku\u0142y s\u0105 wi\u0119c przenoszone za paywalle. Jest to zrozumia\u0142e z punktu widzenia dostawc\u00f3w - i cz\u0119sto uczciwe. Niemniej jednak oznacza to, \u017ce cz\u0119\u015b\u0107 publicznej przestrzeni wiedzy przenosi si\u0119 z powrotem do przestrzeni prywatnej. Ci, kt\u00f3rzy p\u0142ac\u0105, mog\u0105 czyta\u0107. Ci, kt\u00f3rzy nie p\u0142ac\u0105, pozostaj\u0105 poza ni\u0105.<\/p>\n<p>Ponadto <strong>Zamkni\u0119te platformy<\/strong>. W przesz\u0142o\u015bci tre\u015bci by\u0142y dost\u0119pne jako strony internetowe, do kt\u00f3rych mo\u017cna by\u0142o uzyska\u0107 bezpo\u015bredni dost\u0119p lub znale\u017a\u0107 je za pomoc\u0105 wyszukiwarek. Obecnie wiele tre\u015bci jest przechowywanych w systemach, kt\u00f3re s\u0105 \u201eonline\u201c, ale nie s\u0105 ju\u017c tak naprawd\u0119 otwarte: posty w mediach spo\u0142eczno\u015bciowych, grupy, obszary komentarzy, platformy wideo, spo\u0142eczno\u015bci czatu. Tre\u015bci tam s\u0105 - ale nie mo\u017cna ich swobodnie przeszukiwa\u0107, nie mo\u017cna ich znale\u017a\u0107 na sta\u0142e i cz\u0119sto s\u0105 przydatne tylko w aplikacji. Mo\u017cna powiedzie\u0107, \u017ce jest tam, ale nie nale\u017cy ju\u017c do przestrzeni publicznej, ale do operatora.<\/p>\n<p>Efekt ten jest jeszcze silniejszy dzi\u0119ki <strong>Algorytmizacja<\/strong>. W przesz\u0142o\u015bci kolejno\u015b\u0107 wynik\u00f3w te\u017c nie by\u0142a neutralna, ale dla wielu os\u00f3b by\u0142a zrozumia\u0142a: Szukasz czego\u015b, otrzymujesz trafienia, klikasz. Obecnie systemy algorytmiczne coraz cz\u0119\u015bciej decyduj\u0105 o tym, co \u201epowiniene\u015b\u201c zobaczy\u0107. Dwie osoby wyszukuj\u0105 ten sam termin - i otrzymuj\u0105 r\u00f3\u017cne wyniki w zale\u017cno\u015bci od ich profilu, lokalizacji, j\u0119zyka, urz\u0105dzenia lub oczekiwanych zainteresowa\u0144. Oznacza to, \u017ce informacje s\u0105 nie tylko filtrowane, ale tak\u017ce personalizowane. I cho\u0107 spersonalizowana wiedza jest wygodna, ma swoj\u0105 cen\u0119: nie widzisz ju\u017c ca\u0142ej sieci, ale jej wycinek.<\/p>\n<p>Kolejny punkt jest subtelny, ale bardzo skuteczny: <strong>Podsumowania<\/strong> zamiast \u017ar\u00f3de\u0142. Coraz cz\u0119\u015bciej nie otrzymujesz ju\u017c oryginalnego tekstu, ale jego skr\u00f3con\u0105 wersj\u0119, fragment, przegl\u0105d AI, \u201eodpowied\u017a\u201c. To oczywi\u015bcie oszcz\u0119dza czas. Ale zmienia to spos\u00f3b, w jaki radzimy sobie z informacjami. Poniewa\u017c je\u015bli konsumujesz tylko streszczenia, zapominasz o sprawdzaniu \u017ar\u00f3de\u0142, por\u00f3wnywaniu kontekst\u00f3w i kategoryzowaniu rzeczy niezale\u017cnie. W ten spos\u00f3b informacje staj\u0105 si\u0119 wst\u0119pnie przefiltrowanym produktem.<\/p>\n<p>I jest jeszcze jeden bardzo praktyczny, mniej spektakularny pow\u00f3d: wiele tre\u015bci po prostu znika. Strony internetowe s\u0105 zamykane, fora umieraj\u0105, blogi nie s\u0105 ju\u017c prowadzone, linki do nich przestaj\u0105 istnie\u0107. Nie dzieje si\u0119 tak ze z\u0142o\u015bliwo\u015bci, ale dlatego, \u017ce projekty si\u0119 ko\u0144cz\u0105, serwery s\u0105 anulowane, ludzie porzucaj\u0105 swoje hobby lub platformy zmieniaj\u0105 swoj\u0105 polityk\u0119. Sie\u0107 nie jest automatycznie archiwum. To raczej przep\u0142yw. Je\u015bli nie archiwizujesz aktywnie, przegrywasz.<\/p>\n<p>Wszystkie te zmiany prowadz\u0105 do rezultatu, kt\u00f3ry mo\u017cna odczu\u0107 w codziennym \u017cyciu: informacje nie znikn\u0119\u0142y - ale nie s\u0105 ju\u017c oczywi\u015bcie bezp\u0142atne. Musisz p\u0142aci\u0107 wi\u0119cej, rejestrowa\u0107 si\u0119 wi\u0119cej, by\u0107 prowadzonym wi\u0119cej lub porusza\u0107 si\u0119 wi\u0119cej na platformach, kt\u00f3re maj\u0105 swoje w\u0142asne zasady.<\/p>\n<p>Oznacza to, \u017ce jeste\u015bmy ju\u017c w trakcie transformacji: odchodzimy od otwartego dost\u0119pu - w kierunku pytania o to, kto sprawuje kontrol\u0119.<\/p>\n<h3>Przej\u015bcie od dost\u0119pu do kontroli<\/h3>\n<p>W spo\u0142ecze\u0144stwie informacyjnym g\u0142\u00f3wnym pytaniem by\u0142o:<\/p>\n<blockquote><p><em>Jak uzyska\u0107 dost\u0119p do wiedzy?<\/em><\/p><\/blockquote>\n<p>W wy\u0142aniaj\u0105cym si\u0119 spo\u0142ecze\u0144stwie wiedzy coraz cz\u0119\u015bciej zadawane jest pytanie:<\/p>\n<blockquote><p><em>Kto decyduje o tym, czy mog\u0119 si\u0119 tu dosta\u0107?<\/em><\/p><\/blockquote>\n<p>To fundamentalna zmiana. I nie dzieje si\u0119 to z wielkim hukiem, ale jako stopniowa zmiana obowi\u0105zk\u00f3w. W przesz\u0142o\u015bci u\u017cytkownik by\u0142 cz\u0119sto tym, kt\u00f3ry organizowa\u0142 dost\u0119p. Je\u015bli co\u015b publikowa\u0142e\u015b, umieszcza\u0142e\u015b to na swojej stronie internetowej. Ka\u017cdy, kto chcia\u0142 co\u015b przeczyta\u0107, wywo\u0142ywa\u0142 stron\u0119. Wyszukiwarki by\u0142y po\u015brednikami, ale tre\u015b\u0107 by\u0142a zdecentralizowana. Dost\u0119p by\u0142 zasadniczo techniczny: adres URL, przegl\u0105darka, po\u0142\u0105czenie internetowe - gotowe. Obecnie dost\u0119p coraz cz\u0119\u015bciej staje si\u0119 kwesti\u0105 zasad. Nie chodzi tylko o technologi\u0119, ale tak\u017ce o prawa, wytyczne, konta, ograniczenia i warunki. Dost\u0119p jest zarz\u0105dzany. A ci, kt\u00f3rzy zarz\u0105dzaj\u0105, kontroluj\u0105.<\/p>\n<p>Zaczyna si\u0119 od prostych rzeczy: Operator platformy mo\u017ce ograniczy\u0107 zasi\u0119g. Algorytm mo\u017ce wypchn\u0105\u0107 tematy z pola widzenia. Konto mo\u017ce zosta\u0107 zablokowane. Tre\u015bci mog\u0105 by\u0107 \u201e<strong>obni\u017cony<\/strong>\u201c. Post mo\u017ce nadal istnie\u0107, ale mo\u017ce praktycznie sta\u0107 si\u0119 niewidoczny. Nie jest to klasyczne usuni\u0119cie, ale jest to forma kontroli nad widoczno\u015bci\u0105.<\/p>\n<p>Potem nast\u0119puje kolejny krok: <strong>Centralizacja<\/strong> infrastruktury. Je\u015bli dane i aplikacje nie s\u0105 ju\u017c przechowywane lokalnie, ale w zewn\u0119trznych centrach danych, w\u0142adza nad tymi danymi r\u00f3wnie\u017c ulega zmianie. Ten, kto obs\u0142uguje infrastruktur\u0119, mo\u017ce ustala\u0107 warunki. Ten, kto okre\u015bla warunki, definiuje ograniczenia.<\/p>\n<p>I tu robi si\u0119 ekscytuj\u0105co: wielu u\u017cytkownik\u00f3w uwa\u017ca, \u017ce ma kontrol\u0119, poniewa\u017c przes\u0142ali gdzie\u015b \u201eswoje dane\u201c. Ale w\u0142asno\u015b\u0107 to nie to samo, co u\u017cytkowanie. Je\u015bli Twoje dane s\u0105 przechowywane w systemie, kt\u00f3rego nie kontrolujesz, to zasadniczo masz tylko prawo do korzystania z nich - a cz\u0119sto nawet nie w pe\u0142ni. Mo\u017cesz ich u\u017cywa\u0107 tak d\u0142ugo, jak akceptujesz zasady. A zasady te mog\u0105 si\u0119 zmienia\u0107.<\/p>\n<p>Coraz cz\u0119\u015bciej do\u015bwiadczaj\u0105 tego r\u00f3wnie\u017c firmy. W przesz\u0142o\u015bci normalne by\u0142o, \u017ce firma <strong>sam<\/strong> dzia\u0142anie: serwery w piwnicy lub w centrum danych, jasno okre\u015blone obowi\u0105zki, fizyczny dost\u0119p. Obecnie wiele proces\u00f3w <strong>outsourcing<\/strong>CRM, ksi\u0119gowo\u015b\u0107, dokumenty, komunikacja, bazy danych. Wygl\u0105da to nowocze\u015bnie. Ale oznacza to r\u00f3wnie\u017c, \u017ce firma jest bardziej zale\u017cna od um\u00f3w, platform i zewn\u0119trznych warunk\u00f3w ramowych. Awaria systemu, zmiana ceny, problem regulacyjny lub konflikt z dostawc\u0105 mog\u0105 nagle sta\u0107 si\u0119 egzystencjalne.<\/p>\n<p>I to prowadzi nas do kluczowego punktu, kt\u00f3ry jest cz\u0119sto niedoceniany: Kontrola jest nie tylko techniczna, ale tak\u017ce polityczna i ekonomiczna. Ktokolwiek obs\u0142uguje platform\u0119, mo\u017ce zdecydowa\u0107, jakie tre\u015bci s\u0105 dozwolone. Ktokolwiek obs\u0142uguje centrum danych, mo\u017ce okre\u015bli\u0107, kt\u00f3re kraje otrzymaj\u0105 dost\u0119p, kt\u00f3re organy mog\u0105 sk\u0142ada\u0107 wnioski oraz kt\u00f3re dane s\u0105 przetwarzane i w jaki spos\u00f3b. Ktokolwiek gromadzi dane, mo\u017ce wykorzystywa\u0107 je do tworzenia profili, automatyzacji decyzji, kontrolowania reklam lub wp\u0142ywania na rynki. Przej\u015bcie od dost\u0119pu do kontroli znajduje zatem odzwierciedlenie nie tylko w pytaniu, czy co\u015b jest online. Mo\u017cna to dostrzec w stoj\u0105cych za tym relacjach w\u0142adzy.<\/p>\n<p>I tu wracamy do mojej pierwotnej obserwacji z pierwszej cz\u0119\u015bci: wiele os\u00f3b uwa\u017ca, \u017ce zasi\u0119g jest w\u0142asno\u015bci\u0105. W rzeczywisto\u015bci zasi\u0119g na platformach jest jedynie wynikiem, kt\u00f3ry mo\u017cna zmieni\u0107 w dowolnym momencie. Ktokolwiek kontroluje platform\u0119, kontroluje zasi\u0119g. Ktokolwiek kontroluje infrastruktur\u0119, kontroluje dane. A ktokolwiek kontroluje dane, kontroluje wiedz\u0119, kt\u00f3ra z nich wynika w d\u0142u\u017cszej perspektywie.<\/p>\n<p>Spo\u0142ecze\u0144stwo informacyjne przyzwyczai\u0142o nas do poczucia, \u017ce dost\u0119p jest czym\u015b oczywistym. Spo\u0142ecze\u0144stwo wiedzy przypomina nam, \u017ce dost\u0119p zawsze zale\u017cy od w\u0142asno\u015bci i kontroli - nawet je\u015bli mamy tendencj\u0119 do zapominania o tym w \u017cyciu codziennym. To przygotowuje grunt pod nast\u0119pny rozdzia\u0142: Co dok\u0142adnie odr\u00f3\u017cnia informacje od wiedzy - i dlaczego suwerenno\u015b\u0107 danych staje si\u0119 now\u0105 kwesti\u0105 w\u0142adzy?<\/p>\n<hr \/>\n<h3>Aktualna ankieta na temat cyfryzacji w \u017cyciu codziennym<\/h3>\n<div class='bootstrap-yop yop-poll-mc'>\n\t\t\t\t\t\t\t<div class=\"basic-yop-poll-container\" style=\"background-color:#ffffff; border:0px; border-style:solid; border-color:#000000; border-radius:5px; padding:0px 5px;\" data-id=\"2\" data-temp=\"basic-pretty\" data-skin=\"square\" data-cscheme=\"blue\" data-cap=\"0\" data-access=\"guest\" data-tid=\"\" data-uid=\"a585800c0ab64988d98fff7cda1ee7fe\" data-pid=\"3069\" data-resdet=\"votes-number,percentages\" data-show-results-to=\"guest\" data-show-results-moment=\"after-vote\" data-show-results-only=\"false\" data-show-message=\"true\" data-show-results-as=\"bar\" data-sort-results-by=\"as-defined\" data-sort-results-rule=\"asc\"data-is-ended=\"0\" data-percentages-decimals=\"2\" data-gdpr=\"no\" data-gdpr-sol=\"consent\" data-css=\"\" data-counter=\"0\" data-load-with=\"1\" data-notification-section=\"top\"><div class=\"row\"><div class=\"col-md-12\"><div class=\"basic-inner\"><div class=\"basic-message hide\" style=\"border-left: 10px solid #008000; padding: 0px 10px;\" data-error=\"#ff0000\" data-success=\"#008000\"><p class=\"basic-message-text\" style=\"color:#000000; font-size:14px; font-weight:normal;\"><\/p><\/div><div class=\"basic-overlay hide\"><div class=\"basic-vote-options\"><\/div><div class=\"basic-preloader\"><div class=\"basic-windows8\"><div class=\"basic-wBall basic-wBall_1\"><div class=\"basic-wInnerBall\"><\/div><\/div><div class=\"basic-wBall basic-wBall_2\"><div class=\"basic-wInnerBall\"><\/div><\/div><div class=\"basic-wBall basic-wBall_3\"><div class=\"basic-wInnerBall\"><\/div><\/div><div class=\"basic-wBall basic-wBall_4\"><div class=\"basic-wInnerBall\"><\/div><\/div><div class=\"basic-wBall basic-wBall_5\"><div class=\"basic-wInnerBall\"><\/div><\/div><\/div><\/div><\/div><form class=\"basic-form\" action=\"\"><input type=\"hidden\" name=\"_token\" value=\"aacd5f9ee1\" autocomplete=\"off\"><div class=\"basic-elements\"><div class=\"basic-element basic-question basic-question-text-vertical\" data-id=\"2\" data-uid=\"f33eeb6702560a404cc7a1da73bf53a0\" data-type=\"question\" data-question-type=\"text\" data-required=\"yes\" data-allow-multiple=\"no\" data-min=\"1\" data-max=\"1\" data-display=\"vertical\" data-colnum=\"\" data-display-others=\"no\" data-others-color=\"\" data-others=\"\" data-others-max-chars=\"0\"><div class=\"basic-question-title\"><h5 style=\"color:#000000; font-size:16px; font-weight:normal; text-align:left;\">Jak oceniasz wp\u0142yw cyfryzacji na swoje codzienne \u017cycie?<\/h5><\/div><ul class=\"basic-answers\"><li class=\"basic-answer\" style=\"padding:0px 0px;\" data-id=\"5\" data-type=\"text\" data-vn=\"14\" data-color=\"#000000\" data-make-link=\"no\" data-link=\"\"><div class=\"basic-answer-content basic-text-vertical\"><label for=\"answer[5]\" class=\"basic-answer-label\"><input type=\"radio\" id=\"answer[5]\" name=\"answer[2]\" value=\"5\"><span class=\"basic-text\" style=\"color: #000000; font-size: 14px; font-weight: normal;\">Bardzo pozytywny - korzystam z niego ka\u017cdego dnia<\/span><\/label><\/div><\/li><li class=\"basic-answer\" style=\"padding:0px 0px;\" data-id=\"6\" data-type=\"text\" data-vn=\"13\" data-color=\"#000000\" data-make-link=\"no\" data-link=\"\"><div class=\"basic-answer-content basic-text-vertical\"><label for=\"answer[6]\" class=\"basic-answer-label\"><input type=\"radio\" id=\"answer[6]\" name=\"answer[2]\" value=\"6\"><span class=\"basic-text\" style=\"color: #000000; font-size: 14px; font-weight: normal;\">Raczej pozytywnie - niekt\u00f3re rzeczy sta\u0142y si\u0119 \u0142atwiejsze<\/span><\/label><\/div><\/li><li class=\"basic-answer\" style=\"padding:0px 0px;\" data-id=\"7\" data-type=\"text\" data-vn=\"29\" data-color=\"#000000\" data-make-link=\"no\" data-link=\"\"><div class=\"basic-answer-content basic-text-vertical\"><label for=\"answer[7]\" class=\"basic-answer-label\"><input type=\"radio\" id=\"answer[7]\" name=\"answer[2]\" value=\"7\"><span class=\"basic-text\" style=\"color: #000000; font-size: 14px; font-weight: normal;\">Mieszane - przynosi korzy\u015bci, ale tak\u017ce utrat\u0119 kontroli<\/span><\/label><\/div><\/li><li class=\"basic-answer\" style=\"padding:0px 0px;\" data-id=\"8\" data-type=\"text\" data-vn=\"5\" data-color=\"#000000\" data-make-link=\"no\" data-link=\"\"><div class=\"basic-answer-content basic-text-vertical\"><label for=\"answer[8]\" class=\"basic-answer-label\"><input type=\"radio\" id=\"answer[8]\" name=\"answer[2]\" value=\"8\"><span class=\"basic-text\" style=\"color: #000000; font-size: 14px; font-weight: normal;\">Raczej negatywne - cz\u0119sto czuj\u0119 si\u0119 przyt\u0142oczony lub obserwowany.<\/span><\/label><\/div><\/li><li class=\"basic-answer\" style=\"padding:0px 0px;\" data-id=\"9\" data-type=\"text\" data-vn=\"9\" data-color=\"#000000\" data-make-link=\"no\" data-link=\"\"><div class=\"basic-answer-content basic-text-vertical\"><label for=\"answer[9]\" class=\"basic-answer-label\"><input type=\"radio\" id=\"answer[9]\" name=\"answer[2]\" value=\"9\"><span class=\"basic-text\" style=\"color: #000000; font-size: 14px; font-weight: normal;\">Bardzo negatywne - w du\u017cej mierze odrzucam systemy cyfrowe<\/span><\/label><\/div><\/li><\/ul><\/div><div class=\"clearfix\"><\/div><\/div><div class=\"basic-vote\"><a href=\"#\" class=\"button basic-vote-button\" role=\"button\" style=\"background:#027bb8; border:0px; border-style: solid; border-color:#000000; border-radius:5px; padding:10px 10px; color:#ffffff; font-size:14px; font-weight:normal;\">G\u0142osowanie<\/a><\/div><input type=\"hidden\" name=\"trp-form-language\" value=\"pl\"\/><\/form><\/div><\/div><\/div><\/div>\n\t\t\t\t\t\t<\/div>\n<hr \/>\n<h2>Spo\u0142ecze\u0144stwo wiedzy - kiedy posiadanie staje si\u0119 wa\u017cniejsze ni\u017c zasi\u0119g<\/h2>\n<p>W spo\u0142ecze\u0144stwie informacyjnym cz\u0119sto wystarczy\u0142o co\u015b znale\u017a\u0107. Ci, kt\u00f3rzy potrafili szybko wyszukiwa\u0107, mieli przewag\u0119. Ci, kt\u00f3rzy znali w\u0142a\u015bciwe \u017ar\u00f3d\u0142a, mieli przewag\u0119. Ale teraz, gdy informacje nie s\u0105 ju\u017c swobodnie dost\u0119pne jako co\u015b oczywistego i s\u0105 stale filtrowane, podsumowywane lub w\u0142\u0105czane do platform, gra si\u0119 zmienia.<\/p>\n<p>Wtedy nie wystarczy ju\u017c mie\u0107 gdzie\u015b dost\u0119p. Liczy si\u0119 to, czy potrafisz przekszta\u0142ci\u0107 zalew informacji w wiedz\u0119. R\u00f3\u017cnic\u0119 mo\u017cna wyja\u015bni\u0107 w bardzo prosty spos\u00f3b: Informacja jest surowcem. Mo\u017ce by\u0107 poprawna lub niepoprawna, wa\u017cna lub niewa\u017cna, kompletna lub fragmentaryczna. Informacja jest pocz\u0105tkowo tylko kawa\u0142kiem tre\u015bci. Wiedza jest tworzona, gdy informacje s\u0105 umieszczane w kontek\u015bcie:<\/p>\n<ul>\n<li>poprzez do\u015bwiadczenie<\/li>\n<li>poprzez kategoryzacj\u0119<\/li>\n<li>przez por\u00f3wnanie<\/li>\n<li>poprzez powtarzanie<\/li>\n<li>poprzez struktur\u0119<\/li>\n<\/ul>\n<p>Ci, kt\u00f3rzy posiadaj\u0105 wiedz\u0119, maj\u0105 nie tylko pojedyncze fakty. Maj\u0105 wewn\u0119trzny model \u015bwiata, rodzaj mentalnej mapy. I to w\u0142a\u015bnie ta mapa jest wa\u017cniejsza w nast\u0119pnej fazie ni\u017c kwestia tego, kto jest najg\u0142o\u015bniejszy lub ma najwi\u0119cej klikni\u0119\u0107.<\/p>\n<p>Poniewa\u017c zasi\u0119g mo\u017ce generowa\u0107 uwag\u0119. Ale uwaga jest ulotna. Wiedza, z drugiej strony, jest trwa\u0142a. Wida\u0107 to bardzo wyra\u017anie, gdy spojrzy si\u0119 na spos\u00f3b, w jaki ludzie konsumuj\u0105 dzi\u015b tre\u015bci. Wiele os\u00f3b przeskakuje od nag\u0142\u00f3wka do nag\u0142\u00f3wka, od klipu do klipu, od \u201egor\u0105cego uj\u0119cia\u201c do \u201egor\u0105cego uj\u0119cia\u201c. Stwarza to poczucie bycia poinformowanym. Ale cz\u0119sto jest to tylko wra\u017cenie. Brakuje podsumowania, porz\u0105dku i sp\u00f3jno\u015bci. Spo\u0142ecze\u0144stwo wiedzy nie nagradza tych, kt\u00f3rzy s\u0105 najcz\u0119\u015bciej ogl\u0105dani, ale tych, kt\u00f3rzy najlepiej rozumiej\u0105 to, co widz\u0105.<\/p>\n<p><img loading=\"lazy\" decoding=\"async\" class=\"alignnone wp-image-4003 size-large\" src=\"https:\/\/www.markus-schall.de\/wp-content\/uploads\/reichweite-wissensgesellschaft.jpg\" alt=\"Spo\u0142ecze\u0144stwo wiedzy - zamkni\u0119ta biblioteka\" width=\"1024\" height=\"683\" srcset=\"https:\/\/www.markus-schall.de\/wp-content\/uploads\/reichweite-wissensgesellschaft.jpg 1024w, https:\/\/www.markus-schall.de\/wp-content\/uploads\/reichweite-wissensgesellschaft-300x200.jpg 300w, https:\/\/www.markus-schall.de\/wp-content\/uploads\/reichweite-wissensgesellschaft-768x512.jpg 768w, https:\/\/www.markus-schall.de\/wp-content\/uploads\/reichweite-wissensgesellschaft-18x12.jpg 18w\" sizes=\"auto, (max-width: 1024px) 100vw, 1024px\" \/><\/p>\n<h3>Dlaczego suwerenno\u015b\u0107 danych staje si\u0119 now\u0105 kwesti\u0105 w\u0142adzy?<\/h3>\n<p>W spo\u0142ecze\u0144stwie wiedzy \u015brodek ci\u0119\u017cko\u015bci ponownie si\u0119 przesuwa. Liczy si\u0119 nie tylko to, kto mo\u017ce budowa\u0107 wiedz\u0119, ale tak\u017ce to, kto kontroluje jej surowce: Dane. Dzieje si\u0119 tak, poniewa\u017c wiedza jest coraz cz\u0119\u015bciej tworzona nie tylko w umys\u0142ach poszczeg\u00f3lnych ludzi, ale tak\u017ce w systemach. W bazach danych, w narz\u0119dziach analitycznych, w modelach AI, w potokach ewaluacyjnych. Do tego wszystkiego ma zastosowanie stara, niemal komercyjna zasada: kto posiada surowce, ten okre\u015bla rynek. Dane s\u0105 surowcem, z kt\u00f3rego systemy mog\u0105 wyprowadza\u0107 prognozy, automatyzowa\u0107 decyzje i kontrolowa\u0107 zachowanie. Kto ma suwerenno\u015b\u0107 danych, ten mo\u017ce:<\/p>\n<ul>\n<li>Rozpoznawanie wzorc\u00f3w<\/li>\n<li>Optymalizacja proces\u00f3w<\/li>\n<li>Ocena ryzyka<\/li>\n<li>Czytaj rynki<\/li>\n<li>Precyzyjne zwracanie si\u0119 do grup docelowych<\/li>\n<li>Podejmowa\u0107 decyzje szybciej ni\u017c inni<\/li>\n<\/ul>\n<p>Ka\u017cdy, kto nie posiada suwerenno\u015bci danych, staje si\u0119 ich u\u017cytkownikiem, a nie w\u0142a\u015bcicielem. Korzysta ze spostrze\u017ce\u0144, kt\u00f3re inni uzyskuj\u0105 z ich danych. Nie jest to automatycznie z\u0142o\u015bliwe. Jest to po prostu nier\u00f3wnowaga si\u0142 wynikaj\u0105ca z w\u0142asno\u015bci. Suwerenno\u015b\u0107 danych nie oznacza po prostu \u201emam gdzie\u015b kopi\u0119\u201c. Suwerenno\u015b\u0107 danych oznacza:<\/p>\n<ul>\n<li>Decyduj\u0119 si\u0119, <strong>gdzie<\/strong> dane s\u0105 zlokalizowane.<\/li>\n<li>Decyduj\u0119 si\u0119, <strong>kto<\/strong> jest upowa\u017cniony do dost\u0119pu do niego.<\/li>\n<li>Decyduj\u0119 si\u0119, <strong>jak<\/strong> jak d\u0142ugo s\u0105 przechowywane.<\/li>\n<li>Decyduj\u0119 si\u0119, <strong>za co<\/strong> s\u0105 u\u017cywane.<\/li>\n<li>Mog\u0119 je eksportowa\u0107, zapisywa\u0107, archiwizowa\u0107 i migrowa\u0107.<\/li>\n<\/ul>\n<p>W momencie, gdy decyzje te s\u0105 podejmowane przez zewn\u0119trznego dostawc\u0119, suwerenno\u015b\u0107 znika. Wtedy - ponownie - masz tylko prawo do u\u017cytkowania.<\/p>\n<p>I w\u0142a\u015bnie dlatego spo\u0142ecze\u0144stwo wiedzy jest tak \u015bci\u015ble powi\u0105zane z tematem w\u0142asno\u015bci. Nie w sensie emocjonalnym, ale strukturalnym. Ka\u017cdy, kto jest w\u0142a\u015bcicielem danych i infrastruktury, ma warunki wst\u0119pne do niezale\u017cnego budowania i zachowywania wiedzy. Dotyczy to zar\u00f3wno firm, jak i os\u00f3b prywatnych. Na ma\u0142\u0105 skal\u0119 oznacza to posiadanie w\u0142asnych tre\u015bci, w\u0142asnych archiw\u00f3w, w\u0142asnych system\u00f3w. Na du\u017c\u0105 skal\u0119 oznacza to suwerenno\u015b\u0107 cyfrow\u0105, przejrzysto\u015b\u0107 prawn\u0105 i kontrol\u0119 nad scentralizowan\u0105 infrastruktur\u0105.<\/p>\n<p>To bardzo zbli\u017ca nas do tematu zasi\u0119gu. Poniewa\u017c zasi\u0119g bez suwerenno\u015bci danych jest ostatecznie tylko warto\u015bci\u0105 mierzon\u0105 w systemie strony trzeciej.<\/p>\n<div style=\"overflow-x: auto; -webkit-overflow-scrolling: touch; width: 100%;\">\n<table style=\"border-collapse: collapse; width: 100%;\">\n<thead>\n<tr style=\"background: #f2f2f2;\">\n<th style=\"text-align: left; padding: 10px; border: 1px solid #ddd; width: 28%;\">Aspekt<\/th>\n<th style=\"text-align: left; padding: 10px; border: 1px solid #ddd; width: 36%;\">Spo\u0142ecze\u0144stwo informacyjne<\/th>\n<th style=\"text-align: left; padding: 10px; border: 1px solid #ddd; width: 36%;\">Spo\u0142ecze\u0144stwo wiedzy<\/th>\n<\/tr>\n<\/thead>\n<tbody>\n<tr>\n<td style=\"padding: 10px; border: 1px solid #ddd;\"><strong>Kluczowe pytanie<\/strong><\/td>\n<td style=\"padding: 10px; border: 1px solid #ddd;\">Jak mog\u0119 znale\u017a\u0107 informacje tak szybko, jak to mo\u017cliwe?<\/td>\n<td style=\"padding: 10px; border: 1px solid #ddd;\">Kto kontroluje dane, kontekst i wykorzystanie wiedzy?<\/td>\n<\/tr>\n<tr>\n<td style=\"padding: 10px; border: 1px solid #ddd;\"><strong>Wsp\u00f3\u0142czynnik mocy<\/strong><\/td>\n<td style=\"padding: 10px; border: 1px solid #ddd;\">Dost\u0119p (mo\u017cliwo\u015b\u0107 wyszukiwania, otwarte \u017ar\u00f3d\u0142a, zdecentralizowane strony internetowe).<\/td>\n<td style=\"padding: 10px; border: 1px solid #ddd;\">W\u0142asno\u015b\u0107 i suwerenno\u015b\u0107 danych (infrastruktura, zasady, modele, ocena).<\/td>\n<\/tr>\n<tr>\n<td style=\"padding: 10px; border: 1px solid #ddd;\"><strong>Dost\u0119pno\u015b\u0107<\/strong><\/td>\n<td style=\"padding: 10px; border: 1px solid #ddd;\">Wiele darmowych i \u0142atwych do znalezienia tre\u015bci.<\/td>\n<td style=\"padding: 10px; border: 1px solid #ddd;\">Wi\u0119cej paywalli, silos\u00f3w platform, wst\u0119pnego filtrowania, podsumowa\u0144.<\/td>\n<\/tr>\n<tr>\n<td style=\"padding: 10px; border: 1px solid #ddd;\"><strong>Rola platform<\/strong><\/td>\n<td style=\"padding: 10px; border: 1px solid #ddd;\">Ponadto: wiele niezale\u017cnych stron, for\u00f3w i blog\u00f3w.<\/td>\n<td style=\"padding: 10px; border: 1px solid #ddd;\">Centralny: Platformy kontroluj\u0105 widoczno\u015b\u0107, regu\u0142y i przep\u0142ywy danych.<\/td>\n<\/tr>\n<tr>\n<td style=\"padding: 10px; border: 1px solid #ddd;\"><strong>Widoczno\u015b\u0107<\/strong><\/td>\n<td style=\"padding: 10px; border: 1px solid #ddd;\">Wzgl\u0119dnie zrozumia\u0142e dzi\u0119ki linkom i wynikom wyszukiwania.<\/td>\n<td style=\"padding: 10px; border: 1px solid #ddd;\">Rozproszone algorytmicznie, spersonalizowane, bardziej oparte na regu\u0142ach.<\/td>\n<\/tr>\n<tr>\n<td style=\"padding: 10px; border: 1px solid #ddd;\"><strong>Problem z jako\u015bci\u0105<\/strong><\/td>\n<td style=\"padding: 10px; border: 1px solid #ddd;\">Prze\u0142adowanie informacjami: dost\u0119pnych jest wiele informacji, ale nie wszystko jest istotne.<\/td>\n<td style=\"padding: 10px; border: 1px solid #ddd;\">Luka w wiedzy: Streszczenia zast\u0119puj\u0105 \u017ar\u00f3d\u0142a, kontekst staje si\u0119 rzadszy.<\/td>\n<\/tr>\n<tr>\n<td style=\"padding: 10px; border: 1px solid #ddd;\"><strong>Umiej\u0119tno\u015b\u0107 centralna<\/strong><\/td>\n<td style=\"padding: 10px; border: 1px solid #ddd;\">Wyszukiwanie, filtrowanie, znajdowanie \u017ar\u00f3de\u0142, por\u00f3wnywanie.<\/td>\n<td style=\"padding: 10px; border: 1px solid #ddd;\">Strukturyzacja, ocena, archiwizacja, budowanie i zabezpieczanie wiedzy.<\/td>\n<\/tr>\n<tr>\n<td style=\"padding: 10px; border: 1px solid #ddd;\"><strong>Gospodarka<\/strong><\/td>\n<td style=\"padding: 10px; border: 1px solid #ddd;\">Tre\u015b\u0107 cz\u0119sto bezp\u0142atna, finansowanie poprzez reklamy\/ruch.<\/td>\n<td style=\"padding: 10px; border: 1px solid #ddd;\">Wi\u0119cej system\u00f3w p\u0142atno\u015bci, wykorzystanie danych, ekosystemy platform, subskrypcje.<\/td>\n<\/tr>\n<tr>\n<td style=\"padding: 10px; border: 1px solid #ddd;\"><strong>Ryzyko<\/strong><\/td>\n<td style=\"padding: 10px; border: 1px solid #ddd;\">Dezinformacja, nadmierne wymagania ze wzgl\u0119du na ilo\u015b\u0107.<\/td>\n<td style=\"padding: 10px; border: 1px solid #ddd;\">Zale\u017cno\u015b\u0107, utrata kontroli, niewidzialne filtry, przestrzenie prawne.<\/td>\n<\/tr>\n<tr>\n<td style=\"padding: 10px; border: 1px solid #ddd;\"><strong>Konsekwencje strategiczne<\/strong><\/td>\n<td style=\"padding: 10px; border: 1px solid #ddd;\">Osi\u0105gnij zasi\u0119g, b\u0105d\u017a osi\u0105galny, sta\u0144 si\u0119 widoczny.<\/td>\n<td style=\"padding: 10px; border: 1px solid #ddd;\">Tworzenie w\u0142asnych przestrzeni wiedzy: W\u0142asno\u015b\u0107, suwerenno\u015b\u0107 danych, lokalne alternatywy.<\/td>\n<\/tr>\n<\/tbody>\n<\/table>\n<\/div>\n<h2>\u201eW\u0142asny\u201c zasi\u0119g - wielkie nieporozumienie<\/h2>\n<p>Zasi\u0119g jest uwodzicielski. Jest widoczny, mierzalny i szybki. Mo\u017cna zobaczy\u0107 liczby: Wy\u015bwietlenia, polubienia, komentarze, udost\u0119pnienia, obserwuj\u0105cych. A ka\u017cda osoba, kt\u00f3ra co\u015b publikuje, instynktownie wyczuwa, \u017ce je\u015bli wiele os\u00f3b reaguje, oznacza to, \u017ce jest to istotne. To te\u017c nie jest z\u0142e. Zasi\u0119g jest prawdziwym sygna\u0142em. Ale nie jest stanem posiadania. I tu w\u0142a\u015bnie zaczyna si\u0119 nieporozumienie.<\/p>\n<p>Zasi\u0119g cz\u0119sto sprawia wra\u017cenie, \u017ce co\u015b zbudowa\u0142e\u015b. Masz \u201espo\u0142eczno\u015b\u0107\u201c, masz \u201epubliczno\u015b\u0107\u201c, masz \u201ewp\u0142yw\u201c. I do pewnego stopnia jest to prawda - ale tylko pod jednym warunkiem:<\/p>\n<p><em><strong>O ile platforma na to pozwala.<\/strong><\/em><\/p>\n<p>Stan ten jest cz\u0119sto ignorowany, poniewa\u017c jest niewygodny. Ci, kt\u00f3rzy maj\u0105 zasi\u0119g, chc\u0105 wierzy\u0107, \u017ce nale\u017cy on do nich. \u017be jest wynikiem ich pracy. \u017be pozostaje stale dost\u0119pny. Ale w wi\u0119kszo\u015bci przypadk\u00f3w zasi\u0119g jest tylko bie\u017c\u0105cym wynikiem algorytmu. Nie jest to sama publiczno\u015b\u0107. To chwilowa widoczno\u015b\u0107, kt\u00f3ra jest przypisana do ciebie.<\/p>\n<p>To tak, jakby powiedzie\u0107: <em>\u201eJestem w\u0142a\u015bcicielem tego centrum handlowego, poniewa\u017c mam tam sklep i wiele os\u00f3b przechodzi obok\u201c.\u201c<\/em><br \/>\nW rzeczywisto\u015bci nie jeste\u015b w\u0142a\u015bcicielem centrum handlowego. Posiadasz jedynie powierzchni\u0119 handlow\u0105 - a operator decyduje o tym, jak dobrze jest ona zlokalizowana, jak wysoki b\u0119dzie czynsz i czy sklep b\u0119dzie m\u00f3g\u0142 zosta\u0107 otwarty jutro.<\/p>\n<h3>Kto naprawd\u0119 posiada zasi\u0119g?<\/h3>\n<p>M\u00f3wi\u0105c brutalnie, ale obiektywnie, ta sama zasada dotyczy prawie wszystkich platform. Platforma jest w\u0142a\u015bcicielem:<\/p>\n<ul>\n<li>infrastruktura<\/li>\n<li>relacje mi\u0119dzy u\u017cytkownikami<\/li>\n<li>dane<\/li>\n<li>zasady<\/li>\n<li>widoczno\u015b\u0107<\/li>\n<\/ul>\n<p>Tw\u00f3rca jest w\u0142a\u015bcicielem:<\/p>\n<ul>\n<li>Zawarto\u015b\u0107 (cz\u0119\u015bciowa)<\/li>\n<li>Uwaga (w tej chwili)<\/li>\n<\/ul>\n<p>a cz\u0119sto nawet brak mo\u017cliwo\u015bci bezpo\u015bredniego kontaktu z publiczno\u015bci\u0105. To jest w\u0142a\u015bnie sedno. Mo\u017cesz mie\u0107 milion subskrybent\u00f3w na YouTube - ale nie mo\u017cesz po prostu do nich napisa\u0107, je\u015bli chcesz. Mo\u017cesz mie\u0107 setki tysi\u0119cy obserwuj\u0105cych na Instagramie - ale je\u015bli twoje konto zostanie ograniczone lub zablokowane, znikn\u0105. Mo\u017cesz mie\u0107 zasi\u0119g na platformie X - ale je\u015bli zmieni si\u0119 algorytm, spadnie on bez zrobienia niczego z\u0142ego.<\/p>\n<p>Oznacza to, \u017ce zasi\u0119g nie jest w\u0142asno\u015bci\u0105, ale rodzajem po\u017cyczki. A po\u017cyczki mo\u017cna wycofa\u0107. Staje si\u0119 to jeszcze ja\u015bniejsze, gdy spojrzymy na stron\u0119 ekonomiczn\u0105. Platformy rozwijaj\u0105 si\u0119, przyci\u0105gaj\u0105c tre\u015bci stron trzecich do swoich w\u0142asnych system\u00f3w. Tworz\u0105 \u015brodowisko, w kt\u00f3rym u\u017cytkownicy sp\u0119dzaj\u0105 czas. Im wi\u0119cej czasu, tym wi\u0119cej reklam, tym wi\u0119cej danych, tym wi\u0119cej przychod\u00f3w. Tre\u015b\u0107 jest paliwem.<\/p>\n<p>Nie oznacza to, \u017ce platformy s\u0105 \u201etymi z\u0142ymi\u201c. Mo\u017cesz korzysta\u0107 z platform, a nawet powiniene\u015b z nich korzysta\u0107, je\u015bli pasuje to strategicznie. Ale powiniene\u015b u\u017cywa\u0107 ich tak, jak wydawca u\u017cywa\u0142by kiosku w przesz\u0142o\u015bci: jako dystrybutor, a nie jako w\u0142asno\u015b\u0107. Je\u015bli bowiem mylisz zasi\u0119g z w\u0142asno\u015bci\u0105, budujesz sw\u00f3j dom na cudzym gruncie. A potem nie powiniene\u015b by\u0107 zaskoczony, je\u015bli w\u0142a\u015bciciel pewnego dnia zmieni warunki.<\/p>\n<p>Spo\u0142ecze\u0144stwo wiedzy jeszcze bardziej zaostrza ten problem. Poniewa\u017c je\u015bli wiedza jest tworzona z danych, a suwerenno\u015b\u0107 danych to w\u0142adza, to zasi\u0119g bez w\u0142asno\u015bci jest w zasadzie publiczn\u0105 scen\u0105, na kt\u00f3rej kto\u015b przemawia - podczas gdy inni kontroluj\u0105 mikrofony, kamer\u0119, edycj\u0119 i archiwum w tle. I w\u0142a\u015bnie dlatego stabilna strategia zawsze wymaga fundamentu w\u0142asno\u015bci:<\/p>\n<ul>\n<li>w\u0142asna strona internetowa<\/li>\n<li>w\u0142asna domena<\/li>\n<li>W\u0142asna warto\u015b\u0107 archiwum tre\u015bci<\/li>\n<li>W\u0142asny newsletter lub lista mailingowa w razie potrzeby<\/li>\n<li>W\u0142asny magazyn danych<\/li>\n<li>Struktura w\u0142asna<\/li>\n<\/ul>\n<p>Zasi\u0119g mo\u017ce wtedy nadej\u015b\u0107 - i mo\u017ce te\u017c dorosn\u0105\u0107. Pozostanie jednak narz\u0119dziem, a nie domem.<\/p>\n<h2>W\u0142asno\u015b\u0107 - ma\u0142o spektakularny fundament<\/h2>\n<p>W\u0142asno\u015b\u0107 ma problem z wizerunkiem. Jest postrzegana jako staromodna, powolna i uci\u0105\u017cliwa. W \u015bwiecie, w kt\u00f3rym wszystko ma by\u0107 elastyczne, skalowalne i \u201ena \u017c\u0105danie\u201c, w\u0142asno\u015b\u0107 wydaje si\u0119 reliktem z innej epoki. A jednak to w\u0142a\u015bnie ten relikt odzyskuje na znaczeniu w spo\u0142ecze\u0144stwie wiedzy. Poniewa\u017c w\u0142asno\u015b\u0107 nie oznacza stagnacji. W\u0142asno\u015b\u0107 oznacza w\u0142adz\u0119 dysponowania. W przestrzeni cyfrowej oznacza to bardzo konkretnie:<\/p>\n<ul>\n<li>jeden <strong>w\u0142asna strona internetowa<\/strong>, kt\u00f3rych nikt nie mo\u017ce wy\u0142\u0105czy\u0107<\/li>\n<li>jeden <strong>w\u0142asna domena<\/strong>, kt\u00f3ra nie zale\u017cy od platformy<\/li>\n<li><strong>zawarto\u015b\u0107 w\u0142asna<\/strong>, kt\u00f3re nie s\u0105 algorytmicznie ukryte<\/li>\n<li><strong>dane w\u0142asne<\/strong>, kt\u00f3re mo\u017cna eksportowa\u0107, zapisywa\u0107 i archiwizowa\u0107<\/li>\n<\/ul>\n<p>Wszystko to brzmi ma\u0142o spektakularnie. I w\u0142a\u015bnie w tym tkwi si\u0142a. Nieruchomo\u015bci nie musz\u0105 b\u0142yszcze\u0107. Musz\u0105 trwa\u0107. Kiedy\u015b by\u0142o to oczywiste. Wydawnictwo posiada\u0142o swoje prasy drukarskie, archiwa, prawa. Firma posiada\u0142a swoje pliki, dane klient\u00f3w, systemy. Maj\u0105c w\u0142asno\u015b\u0107, mo\u017cna by\u0142o planowa\u0107, podejmowa\u0107 decyzje i przetrwa\u0107 kryzysy. Dzi\u015b ta logika jest cz\u0119sto odwrotna: ludzie korzystaj\u0105 z cudzych system\u00f3w, poniewa\u017c s\u0105 one wygodne i maj\u0105 nadziej\u0119, \u017ce wszystko p\u00f3jdzie dobrze. Zwykle dzia\u0142a to przez jaki\u015b czas. Ale nadzieja nie jest strategi\u0105.<\/p>\n<h3>Dlaczego nieruchomo\u015bci zn\u00f3w staj\u0105 si\u0119 atrakcyjne<\/h3>\n<p>Im bardziej wzrasta kontrola, filtrowanie i zale\u017cno\u015b\u0107, tym bardziej atrakcyjne staje si\u0119 to, co sam kontrolujesz. Nie z powod\u00f3w ideologicznych, ale praktycznych. W\u0142asno\u015b\u0107 oferuje trzy decyduj\u0105ce zalety:<\/p>\n<ol>\n<li><strong>Sp\u00f3jno\u015b\u0107.<\/strong> Tw\u00f3j w\u0142asny artyku\u0142 nie znika tylko dlatego, \u017ce zmienia si\u0119 algorytm. Twoja w\u0142asna strona nie traci racji bytu z dnia na dzie\u0144.<\/li>\n<li><strong>Kontekst.<\/strong> Twoje w\u0142asne tre\u015bci nie s\u0105 odizolowane, ale raczej w kontek\u015bcie. Odnosz\u0105 si\u0119 do siebie nawzajem, opieraj\u0105 si\u0119 na sobie i z czasem tworz\u0105 archiwum. To w\u0142a\u015bnie st\u0105d bierze si\u0119 wiedza.<\/li>\n<li><strong>Suwerenno\u015b\u0107.<\/strong> Ci, kt\u00f3rzy s\u0105 w\u0142a\u015bcicielami nieruchomo\u015bci, mog\u0105 korzysta\u0107 z zasi\u0119gu, nie b\u0119d\u0105c od niego zale\u017cnymi. Platformy staj\u0105 si\u0119 narz\u0119dziami, a nie linami ratunkowymi.<\/li>\n<\/ol>\n<p>T\u0119 r\u00f3\u017cnic\u0119 wida\u0107 bardzo wyra\u017anie u ludzi i organizacji, kt\u00f3re my\u015bl\u0105 d\u0142ugoterminowo. Nie inwestuj\u0105 one przede wszystkim w widoczno\u015b\u0107, ale w struktur\u0119. Widoczno\u015b\u0107 pojawia si\u0119 wtedy - czasem szybciej, czasem wolniej - ale nie ma charakteru egzystencjalnego. W tym sensie w\u0142asno\u015b\u0107 nie jest kontr-modelem dla nowoczesno\u015bci, ale warunkiem wst\u0119pnym, aby nie straci\u0107 w niej kontroli.<\/p>\n<div style=\"overflow-x: auto; -webkit-overflow-scrolling: touch; width: 100%;\">\n<table style=\"border-collapse: collapse; width: 100%;\">\n<thead>\n<tr style=\"background: #f2f2f2;\">\n<th style=\"text-align: left; padding: 10px; border: 1px solid #ddd; width: 28%;\">Kryterium<\/th>\n<th style=\"text-align: left; padding: 10px; border: 1px solid #ddd; width: 36%;\">W\u0142asno\u015b\u0107 (struktury w\u0142asne)<\/th>\n<th style=\"text-align: left; padding: 10px; border: 1px solid #ddd; width: 36%;\">Zasi\u0119g (struktury platformy)<\/th>\n<\/tr>\n<\/thead>\n<tbody>\n<tr>\n<td style=\"padding: 10px; border: 1px solid #ddd;\"><strong>Kontrola<\/strong><\/td>\n<td style=\"padding: 10px; border: 1px solid #ddd;\">Ty okre\u015blasz zasady, spos\u00f3b prezentacji, dost\u0119p i dost\u0119pno\u015b\u0107.<\/td>\n<td style=\"padding: 10px; border: 1px solid #ddd;\">Platforma okre\u015bla zasady, widoczno\u015b\u0107 i dystrybucj\u0119 zasi\u0119gu.<\/td>\n<\/tr>\n<tr>\n<td style=\"padding: 10px; border: 1px solid #ddd;\"><strong>Sp\u00f3jno\u015b\u0107<\/strong><\/td>\n<td style=\"padding: 10px; border: 1px solid #ddd;\">Tre\u015b\u0107 pozostaje dost\u0119pna tak d\u0142ugo, jak d\u0142ugo jest utrzymywana i hostowana.<\/td>\n<td style=\"padding: 10px; border: 1px solid #ddd;\">Widoczno\u015b\u0107 mo\u017ce si\u0119 zmienia\u0107; zmieniaj\u0105 si\u0119 konta, formaty i zasady.<\/td>\n<\/tr>\n<tr>\n<td style=\"padding: 10px; border: 1px solid #ddd;\"><strong>Uzale\u017cnienie<\/strong><\/td>\n<td style=\"padding: 10px; border: 1px solid #ddd;\">Niski: Mo\u017cna zmienia\u0107 dostawc\u00f3w, migrowa\u0107 i archiwizowa\u0107 zawarto\u015b\u0107.<\/td>\n<td style=\"padding: 10px; border: 1px solid #ddd;\">Wysoki: jeste\u015b zale\u017cny od algorytmu, polityki platformy i dost\u0119pu.<\/td>\n<\/tr>\n<tr>\n<td style=\"padding: 10px; border: 1px solid #ddd;\"><strong>Suwerenno\u015b\u0107 danych<\/strong><\/td>\n<td style=\"padding: 10px; border: 1px solid #ddd;\">Masz dane, dzienniki, relacje u\u017cytkownik\u00f3w i mo\u017cesz eksportowa\u0107.<\/td>\n<td style=\"padding: 10px; border: 1px solid #ddd;\">Dane u\u017cytkownik\u00f3w i kontakty s\u0105 przechowywane g\u0142\u00f3wnie przez platform\u0119.<\/td>\n<\/tr>\n<tr>\n<td style=\"padding: 10px; border: 1px solid #ddd;\"><strong>Kontakt z opini\u0105 publiczn\u0105<\/strong><\/td>\n<td style=\"padding: 10px; border: 1px solid #ddd;\">Bezpo\u015brednie (np. newsletter, w\u0142asne konta, w\u0142asne narz\u0119dzia spo\u0142eczno\u015bciowe).<\/td>\n<td style=\"padding: 10px; border: 1px solid #ddd;\">Po\u015brednio (obserwuj\u0105cy formalnie nale\u017c\u0105 do platformy, a nie do Ciebie).<\/td>\n<\/tr>\n<tr>\n<td style=\"padding: 10px; border: 1px solid #ddd;\"><strong>Monetyzacja<\/strong><\/td>\n<td style=\"padding: 10px; border: 1px solid #ddd;\">Ty decydujesz o modelach: ksi\u0105\u017cka, kurs, doradztwo, subskrypcja, sponsoring.<\/td>\n<td style=\"padding: 10px; border: 1px solid #ddd;\">Platforma okre\u015bla ramy: Akcje reklamowe, zasady, blokowanie, limity.<\/td>\n<\/tr>\n<tr>\n<td style=\"padding: 10px; border: 1px solid #ddd;\"><strong>Ryzyko<\/strong><\/td>\n<td style=\"padding: 10px; border: 1px solid #ddd;\">Techniczne\/organizacyjne (hosting, utrzymanie, bezpiecze\u0144stwo) - ale mo\u017cliwe do kontrolowania.<\/td>\n<td style=\"padding: 10px; border: 1px solid #ddd;\">Ryzyko kontroli i widoczno\u015bci - cz\u0119sto nag\u0142e i trudne do kontrolowania.<\/td>\n<\/tr>\n<tr>\n<td style=\"padding: 10px; border: 1px solid #ddd;\"><strong>Warto\u015b\u0107 d\u0142ugoterminowa<\/strong><\/td>\n<td style=\"padding: 10px; border: 1px solid #ddd;\">Wysoki: Tre\u015bci tworz\u0105 archiwum, kt\u00f3re ro\u015bnie i utrzymuje si\u0119 przez lata.<\/td>\n<td style=\"padding: 10px; border: 1px solid #ddd;\">Zmienny: Zasi\u0119g zale\u017cy od chwili i nie podlega automatycznej archiwizacji.<\/td>\n<\/tr>\n<tr>\n<td style=\"padding: 10px; border: 1px solid #ddd;\"><strong>SEO i wyszukiwalno\u015b\u0107<\/strong><\/td>\n<td style=\"padding: 10px; border: 1px solid #ddd;\">\u0141atwa kontrola: linkowanie wewn\u0119trzne, struktura, wieloj\u0119zyczno\u015b\u0107, schemat.<\/td>\n<td style=\"padding: 10px; border: 1px solid #ddd;\">Ograniczone: Mo\u017cliwo\u015b\u0107 wyszukiwania zale\u017cy od platformy i jej indeksowania.<\/td>\n<\/tr>\n<tr>\n<td style=\"padding: 10px; border: 1px solid #ddd;\"><strong>Rola strategiczna<\/strong><\/td>\n<td style=\"padding: 10px; border: 1px solid #ddd;\">Fundacja: W\u0142asna przestrze\u0144 wiedzy i w\u0142asna marka.<\/td>\n<td style=\"padding: 10px; border: 1px solid #ddd;\">Dystrybutor: Przyci\u0105gaj uwag\u0119 i prowad\u017a z powrotem do swojego obiektu.<\/td>\n<\/tr>\n<\/tbody>\n<\/table>\n<\/div>\n<h2>Od wynaj\u0119tej widowni do w\u0142asnego magazynu<\/h2>\n<p>Je\u015bli zasi\u0119g nie jest w\u0142asno\u015bci\u0105, nieuchronnie pojawia si\u0119 kolejne pytanie:<\/p>\n<blockquote><p>Jak w og\u00f3le mo\u017cna stworzy\u0107 w\u0142asno\u015b\u0107 cyfrow\u0105?<\/p><\/blockquote>\n<p>Jedn\u0105 z najbardziej stabilnych odpowiedzi na to pytanie jest posiadanie w\u0142asnego magazynu online. Nie jako chwyt marketingowy, ale jako zorganizowana platforma skupiona wok\u00f3\u0142 w\u0142asnego g\u0142\u00f3wnego tematu. Tre\u015bci, kt\u00f3re s\u0105 tam tworzone, pozostaj\u0105 \u0142atwe do znalezienia, \u0142\u0105cz\u0105 si\u0119 ze sob\u0105 i maj\u0105 wp\u0142yw na lata - niezale\u017cnie od tego, czy reklamy s\u0105 obecnie umieszczane, czy nie.<\/p>\n<p>Magazyn taki jak ten nale\u017cy do u\u017cytkownika. Nie jest to kana\u0142, kt\u00f3ry algorytm mo\u017ce w ka\u017cdej chwili zd\u0142awi\u0107, ale w\u0142asna infrastruktura. Ka\u017cdy opublikowany artyku\u0142, ka\u017cda my\u015bl, ka\u017cda kategoryzacja trafia bezpo\u015brednio do tej cyfrowej w\u0142asno\u015bci.<\/p>\n<h3>Cyfrowa tre\u015b\u0107 zamiast kr\u00f3tkoterminowych kampanii<\/h3>\n<p>Posiadanie w\u0142asnego magazynu nie zast\u0119puje reklamy - zmienia perspektyw\u0119. Zamiast wynajmowa\u0107 uwag\u0119, tworzy tre\u015b\u0107. Zamiast kr\u00f3tkoterminowych szczyt\u00f3w zasi\u0119gu, ro\u015bnie d\u0142ugoterminowa widoczno\u015b\u0107. Zw\u0142aszcza w po\u0142\u0105czeniu z wieloj\u0119zyczno\u015bci\u0105, wewn\u0119trznym linkowaniem i zautomatyzowanymi strumieniami tre\u015bci, wp\u0142yw ka\u017cdego pojedynczego artyku\u0142u mo\u017cna zwielokrotni\u0107.<\/p>\n<p>Kluczowa r\u00f3\u017cnica polega na tym, \u017ce wysi\u0142ek nie idzie w co\u015b efemerycznego, ale w struktur\u0119, kt\u00f3ra trwa. Je\u015bli zaczniesz dzi\u015b, krok po kroku zbudujesz cyfrowy fundament, kt\u00f3ry przetrwa jutro.<\/p>\n<h3>W\u0142asny magazyn jako strategiczny punkt wyj\u015bcia<\/h3>\n<p><a href=\"https:\/\/www.markus-schall.de\/pl\/twoj-miedzynarodowy-magazyn\/\"><img loading=\"lazy\" decoding=\"async\" class=\"alignright wp-image-3823 size-medium\" src=\"https:\/\/www.markus-schall.de\/wp-content\/uploads\/magazin-gastbeitraege-300x200.jpg\" alt=\"Magazyn jako w\u0142asno\u015b\u0107\" width=\"300\" height=\"200\" srcset=\"https:\/\/www.markus-schall.de\/wp-content\/uploads\/magazin-gastbeitraege-300x200.jpg 300w, https:\/\/www.markus-schall.de\/wp-content\/uploads\/magazin-gastbeitraege-768x512.jpg 768w, https:\/\/www.markus-schall.de\/wp-content\/uploads\/magazin-gastbeitraege-18x12.jpg 18w, https:\/\/www.markus-schall.de\/wp-content\/uploads\/magazin-gastbeitraege.jpg 1024w\" sizes=\"auto, (max-width: 300px) 100vw, 300px\" \/><\/a>Je\u015bli nie chcesz ju\u017c by\u0107 zale\u017cny wy\u0142\u0105cznie od zewn\u0119trznego zasi\u0119gu, ale chcesz zbudowa\u0107 w\u0142asn\u0105 w\u0142asno\u015b\u0107 cyfrow\u0105, w\u0142asny magazyn mo\u017ce by\u0107 w\u0142a\u015bciwym kolejnym krokiem. Nie jako dodatkowy projekt, ale jako d\u0142ugoterminowy punkt wyj\u015bcia dla widoczno\u015bci, kategoryzacji i zaufania. Je\u015bli jeste\u015b zainteresowany za\u0142o\u017ceniem w\u0142asnego magazynu i rozwijaniem swojej cyfrowej w\u0142asno\u015bci krok po kroku, oferuj\u0119 r\u00f3wnie\u017c odpowiedni system magazynowy. Jest on skierowany do firm i freelancer\u00f3w, kt\u00f3rzy nie tylko chc\u0105 publikowa\u0107 tre\u015bci, ale tak\u017ce ustrukturyzowa\u0107 je na d\u0142u\u017csz\u0105 met\u0119 i uczyni\u0107 je widocznymi niezale\u017cnie od platform.<\/p>\n<p>Przegl\u0105d struktury, podstaw technicznych i mo\u017cliwych scenariuszy zastosowa\u0144 mo\u017cna znale\u017a\u0107 tutaj: <a href=\"https:\/\/www.markus-schall.de\/pl\/twoj-miedzynarodowy-magazyn\/\"><strong>W\u0142asny magazyn<\/strong><\/a><\/p>\n<h2>Prawid\u0142owo kategoryzuj zakres - narz\u0119dzie zamiast celu<\/h2>\n<p>Zasi\u0119g nie jest z\u0142\u0105 rzecz\u0105. Wr\u0119cz przeciwnie: mo\u017ce by\u0107 bardzo cenny. Ale swoj\u0105 warto\u015b\u0107 osi\u0105ga tylko wtedy, gdy jest prawid\u0142owo sklasyfikowany. W stabilnej strategii zasi\u0119g to zasi\u0119g:<\/p>\n<ul>\n<li>sygnalista<\/li>\n<li>wzmacniacz<\/li>\n<li>nap\u0142yw<\/li>\n<\/ul>\n<p>Pokazuje, kt\u00f3re tematy generuj\u0105 rezonans. Przyci\u0105ga ludzi do tre\u015bci, kt\u00f3rych inaczej by nie znale\u017ali. Mo\u017ce inicjowa\u0107 dyskusje i uruchamia\u0107 procesy my\u015blowe. Ale zasi\u0119g nie mo\u017ce by\u0107 fundamentem. Jest wiatrem w \u017caglach, a nie kad\u0142ubem statku. Je\u015bli opierasz si\u0119 tylko na zasi\u0119gu, b\u0119dziesz dryfowa\u0107 - czasem szybko, ale bez kierunku. U\u017cywany rozs\u0105dnie, zasi\u0119g zawsze prowadzi z powrotem do w\u0142asno\u015bci:<\/p>\n<ul>\n<li>Od platformy do w\u0142asnej strony internetowej<\/li>\n<li>Od kr\u00f3tkiego impulsu do d\u0142u\u017cszego tekstu<\/li>\n<li>Od chwili do tre\u015bci<\/li>\n<\/ul>\n<p>Zasi\u0119g zawsze by\u0142 wykorzystywany w ten spos\u00f3b. W przesz\u0142o\u015bci by\u0142y to artyku\u0142y prasowe, wywiady lub wyst\u0105pienia telewizyjne, kt\u00f3re odnosi\u0142y si\u0119 do ksi\u0105\u017cek, wyk\u0142ad\u00f3w lub firm. Dzi\u015b s\u0105 to platformy, kana\u0142y i wyszukiwarki. Logika jest identyczna.<\/p>\n<h3>Wracaj\u0105c do przyk\u0142ad\u00f3w<\/h3>\n<p>Je\u015bli spojrze\u0107 na przyk\u0142ady wspomniane na pocz\u0105tku, r\u00f3\u017cnica staje si\u0119 bardzo wyra\u017ana. W przypadku osobowo\u015bci takich jak Dieter Bohlen czy profesor Rieck wida\u0107, jak pot\u0119\u017cny mo\u017ce by\u0107 zasi\u0119g - ale tak\u017ce jak ulotny jest, je\u015bli nie jest osadzony na trwa\u0142ych podstawach. Zasi\u0119g generuje uwag\u0119, ale nie wyja\u015bnia automatycznie powi\u0105za\u0144.<\/p>\n<p>To w\u0142a\u015bnie tutaj powstaje przestrze\u0144 dla kategoryzacji, dla g\u0142\u0119bi, dla tekst\u00f3w, kt\u00f3re trwaj\u0105 d\u0142u\u017cej ni\u017c performance czy wideo. Widok <a href=\"https:\/\/www.markus-schall.de\/pl\/2025\/11\/ustawa-o-chmurze-suwerennosc-danych-i-szwajcaria-punktem-zwrotnym-dla-europejskich-strategii-informatycznych\/\"><strong>Cloud Act<\/strong><\/a> A kwestia suwerenno\u015bci danych pokazuje strukturaln\u0105 stron\u0119 tego problemu. Ci, kt\u00f3rzy przekazuj\u0105 dane i infrastruktur\u0119, zrzekaj\u0105 si\u0119 kontroli - cz\u0119sto nie zdaj\u0105c sobie z tego sprawy. Zasi\u0119g tu nie pomaga. W\u0142asno\u015b\u0107 system\u00f3w, danych i kana\u0142\u00f3w decyzyjnych jest kluczowa.<\/p>\n<p>I wreszcie <a href=\"https:\/\/www.markus-schall.de\/pl\/2025\/12\/cloud-ki-jako-najlepszy-nauczyciel-dlaczego-przyszlosc-pracy-lezy-w-lokalnych-ki\/\"><strong>lokalna sztuczna inteligencja<\/strong><\/a>Jest to bardzo namacalny przyk\u0142ad tego, jak w\u0142asno\u015b\u0107 i suwerenno\u015b\u0107 mog\u0105 wygl\u0105da\u0107 w praktyce. Ka\u017cdy, kto obs\u0142uguje modele lokalnie, kto niekoniecznie przenosi dane do zewn\u0119trznych chmur, kto rozumie narz\u0119dzia, a nie tylko je konsumuje, buduje wiedz\u0119 - nie tylko wiedz\u0119 u\u017cytkownika. Wszystkie te przyk\u0142ady dzia\u0142aj\u0105 wed\u0142ug tego samego schematu:<\/p>\n<ul>\n<li>Zasi\u0119g mo\u017ce przyci\u0105ga\u0107 uwag\u0119.<\/li>\n<li>W\u0142asno\u015b\u0107 tworzy tre\u015b\u0107.<\/li>\n<li>Wiedza jest tworzona tam, gdzie substancja jest kultywowana w czasie.<\/li>\n<\/ul>\n<h3>Od tre\u015bci do tre\u015bci: kolejny krok po osi\u0105gni\u0119ciu zasi\u0119gu<\/h3>\n<p><a href=\"https:\/\/www.markus-schall.de\/pl\/2026\/04\/od-tresci-do-substancji-jak-powstaja-systemy-cyfrowe-ktorych-nie-mozna-skopiowac\/\"><img loading=\"lazy\" decoding=\"async\" class=\"alignright size-medium wp-image-5904\" src=\"https:\/\/www.markus-schall.de\/wp-content\/uploads\/Organische-Reichweite-300x200.jpg\" alt=\"System zamiast indywidualnej zawarto\u015bci\" width=\"300\" height=\"200\" srcset=\"https:\/\/www.markus-schall.de\/wp-content\/uploads\/Organische-Reichweite-300x200.jpg 300w, https:\/\/www.markus-schall.de\/wp-content\/uploads\/Organische-Reichweite-768x512.jpg 768w, https:\/\/www.markus-schall.de\/wp-content\/uploads\/Organische-Reichweite-18x12.jpg 18w, https:\/\/www.markus-schall.de\/wp-content\/uploads\/Organische-Reichweite.jpg 1024w\" sizes=\"auto, (max-width: 300px) 100vw, 300px\" \/><\/a>Pomys\u0142, \u017ce sam zasi\u0119g nie jest w\u0142asno\u015bci\u0105, stanowi podstaw\u0119 tego artyku\u0142u. Rodzi to jednak kolejne pytanie: co tak naprawd\u0119 dzieje si\u0119 p\u00f3\u017aniej? W jaki spos\u00f3b widoczno\u015b\u0107 staje si\u0119 systemem, kt\u00f3ry pozostaje? To jest w\u0142a\u015bnie pytanie poruszone w artykule <a href=\"https:\/\/www.markus-schall.de\/pl\/2026\/04\/od-tresci-do-substancji-jak-powstaja-systemy-cyfrowe-ktorych-nie-mozna-skopiowac\/\"><em><strong>Od tre\u015bci do tre\u015bci: jak powstaj\u0105 systemy cyfrowe, kt\u00f3rych nie mo\u017cna skopiowa\u0107<\/strong><\/em><\/a>, kt\u00f3ry konsekwentnie my\u015bli o kolejnym kroku do ko\u0144ca. Pokazuje, dlaczego tre\u015bci staj\u0105 si\u0119 prawdziwym kapita\u0142em cyfrowym tylko dzi\u0119ki strukturze, \u0142\u0105czeniu i ci\u0105g\u0142emu rozwojowi - i dlaczego organicznie rozwijane systemy nie mog\u0105 by\u0107 kopiowane w d\u0142u\u017cszej perspektywie. Podczas gdy ten tekst podkre\u015bla r\u00f3\u017cnic\u0119 mi\u0119dzy zasi\u0119giem a w\u0142asno\u015bci\u0105, nowy artyku\u0142 idzie o krok dalej: opisuje, w jaki spos\u00f3b mo\u017cna zbudowa\u0107 t\u0119 w\u0142asno\u015b\u0107 w konkretnych warunkach i dlaczego decyduj\u0105ca jest nie szybko\u015b\u0107, ale ci\u0105g\u0142o\u015b\u0107. Je\u015bli wi\u0119c nie chcesz by\u0107 po prostu widoczny, ale chcesz stworzy\u0107 co\u015b, co b\u0119dzie ros\u0142o przez lata, znajdziesz tam praktyczn\u0105 kontynuacj\u0119 tej idei.<\/p>\n<h3>Zr\u00f3wnowa\u017cona kontrola zamiast wynajmowanej widoczno\u015bci<\/h3>\n<p><a href=\"https:\/\/www.markus-schall.de\/pl\/oprogramowanie-erp\/\"><img loading=\"lazy\" decoding=\"async\" class=\"alignleft wp-image-3182 size-medium\" src=\"https:\/\/www.markus-schall.de\/wp-content\/uploads\/ERP-Software-300x200.jpg\" alt=\"Oprogramowanie ERP\" width=\"300\" height=\"200\" srcset=\"https:\/\/www.markus-schall.de\/wp-content\/uploads\/ERP-Software-300x200.jpg 300w, https:\/\/www.markus-schall.de\/wp-content\/uploads\/ERP-Software-768x512.jpg 768w, https:\/\/www.markus-schall.de\/wp-content\/uploads\/ERP-Software-18x12.jpg 18w, https:\/\/www.markus-schall.de\/wp-content\/uploads\/ERP-Software.jpg 1024w\" sizes=\"auto, (max-width: 300px) 100vw, 300px\" \/><\/a>Ci, kt\u00f3rzy polegaj\u0105 wy\u0142\u0105cznie na zasi\u0119gu, cz\u0119sto buduj\u0105 swoje fundamenty na nieznanym gruncie. Widoczno\u015b\u0107 za po\u015brednictwem platform, reklam lub sieci spo\u0142eczno\u015bciowych mo\u017ce dzia\u0142a\u0107 w kr\u00f3tkim okresie - ale pozostaje zale\u017cna, ulotna, a przede wszystkim kosztowna. Ka\u017cdy kontakt, ka\u017cde zapytanie i ka\u017cdy proces zaczyna si\u0119 od nowa. Powoduje to nie tylko zale\u017cno\u015b\u0107 finansow\u0105, ale tak\u017ce stres strukturalny w firmie. Sprawdzonym rozwi\u0105zaniem jest konsekwentne przejmowanie kontroli nad w\u0142asnymi procesami i danymi. W\u0142a\u015bnie w tym miejscu pojawia si\u0119 scentralizowane rozwi\u0105zanie, takie jak gFM Business ERP: Zamiast odizolowanych narz\u0119dzi i zewn\u0119trznych platform <a href=\"https:\/\/www.markus-schall.de\/pl\/oprogramowanie-erp\/\"><strong>Lokalny po\u0142\u0105czony system ERP<\/strong><\/a>, kt\u00f3ra trwale mapuje relacje z klientami, oferty i procesy. Przekszta\u0142ca to kr\u00f3tkoterminowy zasi\u0119g w d\u0142ugoterminow\u0105 warto\u015b\u0107, kt\u00f3ra pozostaje w firmie. Rezultatem jest wi\u0119ksza niezale\u017cno\u015b\u0107, bardziej przejrzyste procesy i solidny fundament, na kt\u00f3rym wzrost nie musi by\u0107 kupowany za ka\u017cdym razem od nowa.<\/p>\n<h3>Cicha zmiana standard\u00f3w<\/h3>\n<p>Nie jeste\u015bmy na pocz\u0105tku g\u0142o\u015bnej rewolucji, ale w \u015brodku cichej zmiany. Spo\u0142ecze\u0144stwo informacyjne, w kt\u00f3rym dost\u0119p by\u0142 wszystkim, ust\u0119puje miejsca spo\u0142ecze\u0144stwu wiedzy, w kt\u00f3rym ponownie liczy si\u0119 w\u0142asno\u015b\u0107, struktura i suwerenno\u015b\u0107 danych.<\/p>\n<p>Ci, kt\u00f3rzy zrozumiej\u0105 t\u0119 r\u00f3\u017cnic\u0119, nie odrzuc\u0105 zasi\u0119gu - ale nie b\u0119d\u0105 go ju\u017c myli\u0107. A ci, kt\u00f3rzy buduj\u0105 w\u0142asno\u015b\u0107, nie zostan\u0105 nagrodzeni natychmiast, ale b\u0119d\u0105 niezale\u017cni w d\u0142u\u017cszej perspektywie. Pytanie nie brzmi zatem, czy masz zasi\u0119g.<\/p>\n<p>Pytanie brzmi, dok\u0105d to doprowadzi - i co pozostanie, je\u015bli jutro b\u0119dzie mniej.<\/p>\n<hr \/>\n\n\t\t\t<div class=\"display-post-types\">\n\n\t\t\t\t\t\t\t<style type=\"text\/css\">\n\t\t\t#dpt-wrapper-561 { --dpt-text-align: left;--dpt-image-crop: center;--dpt-border-radius: 5px;--dpt-h-gutter: 10px;--dpt-v-gutter: 9px; }\t\t\t<\/style>\n\t\t\t<style type=\"text\/css\">#dpt-wrapper-561 { --dpt-title-font-style:normal;--dpt-title-font-weight:600;--dpt-title-line-height:1.5;--dpt-title-text-decoration:none;--dpt-title-text-transform:none;--dpt-excerpt-font-style:normal;--dpt-excerpt-font-weight:400;--dpt-excerpt-line-height:1.5;--dpt-excerpt-text-decoration:none;--dpt-excerpt-text-transform:none;--dpt-meta1-font-style:normal;--dpt-meta1-font-weight:400;--dpt-meta1-line-height:1.9;--dpt-meta1-text-decoration:none;--dpt-meta1-text-transform:none;--dpt-meta2-font-style:normal;--dpt-meta2-font-weight:400;--dpt-meta2-line-height:1.9;--dpt-meta2-text-decoration:none;--dpt-meta2-text-transform:none; }<\/style><div class=\"dpt-main-header\">\n\t\t\t\t\t\t<div class=\"dpt-main-title\">\n\t\t\t\t\t\t\t<span class=\"dpt-main-title-text\">Aktualne artyku\u0142y na temat sztuki i kultury<\/span>\n\t\t\t\t\t\t<\/div>\n\t\t\t\t\t\t\n\t\t\t\t\t\t\n\t\t\t\t\t\t\n\t\t\t\t\t\t<\/div>\t\t\t\n\t\t\t\t<div id=\"dpt-wrapper-561\" class=\"dpt-wrapper dpt-mag1 land1 dpt-cropped dpt-flex-wrap\" >\n\n\t\t\t\t\t\t\t\t\t\t\t<div class=\"dpt-entry has-thumbnail\" data-title=\"zukunft mit ladeger\u00e4t \u2013 herr von l&#8217;oreot kauft einen e-scooter\" data-id=\"3229\"  data-category=\"allgemein gesellschaft kunst &amp; kultur stories &amp; humor\" data-post_tag=\"erfahrungen\">\n\t\t\t\t\t\t\t<div class=\"dpt-entry-wrapper\"><div class=\"dpt-featured-content\"><div class=\"dpt-permalink\"><a href=\"https:\/\/www.markus-schall.de\/pl\/2025\/10\/przyszlosc-z-ladowarka-pan-von-loreot-kupuje-hulajnoge-elektryczna\/\" class=\"dpt-permalink\"><span class=\"screen-reader-text\">Przysz\u0142o\u015b\u0107 z \u0142adowark\u0105 - pan von L'oreot kupuje hulajnog\u0119 elektryczn\u0105<\/span><\/a><\/div><div class=\"dpt-thumbnail\"><div class=\"dpt-thumbnail-inner\"><img width=\"1024\" height=\"747\" class=\"attachment-full size-full\" alt=\"\" context=\"dpt\" data-dpt-src=\"https:\/\/www.markus-schall.de\/wp-content\/uploads\/loereot-e-scooter-1.jpg\" data-dpt-sizes=\"(max-width: 1024px) 100vw, 1024px\" data-dpt-srcset=\"https:\/\/www.markus-schall.de\/wp-content\/uploads\/loereot-e-scooter-1.jpg 1024w, https:\/\/www.markus-schall.de\/wp-content\/uploads\/loereot-e-scooter-1-300x219.jpg 300w, https:\/\/www.markus-schall.de\/wp-content\/uploads\/loereot-e-scooter-1-768x560.jpg 768w, https:\/\/www.markus-schall.de\/wp-content\/uploads\/loereot-e-scooter-1-16x12.jpg 16w\" \/><\/div><span class=\"dpt-thumbnail-aspect-ratio\" style=\"padding-top: 75%\"><\/span><\/div><\/div><div class=\"sub-entry\"><h3 class=\"dpt-title\"><a class=\"dpt-title-link\" href=\"https:\/\/www.markus-schall.de\/pl\/2025\/10\/przyszlosc-z-ladowarka-pan-von-loreot-kupuje-hulajnoge-elektryczna\/\" rel=\"bookmark\">Przysz\u0142o\u015b\u0107 z \u0142adowark\u0105 - pan von L'oreot kupuje hulajnog\u0119 elektryczn\u0105<\/a><\/h3><\/div><\/div>\n\t\t\t\t\t\t<\/div><!-- .dpt-entry -->\n\t\t\t\t\t\t\t\t\t\t\t\t<div class=\"dpt-entry has-thumbnail\" data-title=\"johann sebastian bach \u2013 ordnung, haltung und das fundament unserer musik\" data-id=\"5033\"  data-category=\"allgemein gesellschaft kunst &amp; kultur\" data-post_tag=\"deutschland musik portrait\">\n\t\t\t\t\t\t\t<div class=\"dpt-entry-wrapper\"><div class=\"dpt-featured-content\"><div class=\"dpt-permalink\"><a href=\"https:\/\/www.markus-schall.de\/pl\/2026\/02\/johann-sebastian-bach-porzadek-postawa-i-fundament-naszej-muzyki\/\" class=\"dpt-permalink\"><span class=\"screen-reader-text\">Johann Sebastian Bach - porz\u0105dek, postawa i fundament naszej muzyki<\/span><\/a><\/div><div class=\"dpt-thumbnail\"><div class=\"dpt-thumbnail-inner\"><img width=\"1024\" height=\"683\" class=\"attachment-full size-full\" alt=\"Portret Johanna Sebastiana Bacha\" context=\"dpt\" data-dpt-src=\"https:\/\/www.markus-schall.de\/wp-content\/uploads\/Johann-Sebastian-Bach-Portrait.jpg\" data-dpt-sizes=\"(max-width: 1024px) 100vw, 1024px\" data-dpt-srcset=\"https:\/\/www.markus-schall.de\/wp-content\/uploads\/Johann-Sebastian-Bach-Portrait.jpg 1024w, https:\/\/www.markus-schall.de\/wp-content\/uploads\/Johann-Sebastian-Bach-Portrait-300x200.jpg 300w, https:\/\/www.markus-schall.de\/wp-content\/uploads\/Johann-Sebastian-Bach-Portrait-768x512.jpg 768w, https:\/\/www.markus-schall.de\/wp-content\/uploads\/Johann-Sebastian-Bach-Portrait-18x12.jpg 18w\" \/><\/div><span class=\"dpt-thumbnail-aspect-ratio\" style=\"padding-top: 75%\"><\/span><\/div><\/div><div class=\"sub-entry\"><h3 class=\"dpt-title\"><a class=\"dpt-title-link\" href=\"https:\/\/www.markus-schall.de\/pl\/2026\/02\/johann-sebastian-bach-porzadek-postawa-i-fundament-naszej-muzyki\/\" rel=\"bookmark\">Johann Sebastian Bach - porz\u0105dek, postawa i fundament naszej muzyki<\/a><\/h3><\/div><\/div>\n\t\t\t\t\t\t<\/div><!-- .dpt-entry -->\n\t\t\t\t\t\t\t\t\t\t\t\t<div class=\"dpt-entry has-thumbnail\" data-title=\"propaganda: geschichte, methoden, moderne formen und wie man sie erkennt\" data-id=\"4229\"  data-category=\"allgemein gesellschaft kunst &amp; kultur\" data-post_tag=\"denkmodelle energiepolitik europa geopolitik krisen meinungsfreiheit pers\u00f6nlichkeitsentwicklung sicherheitspolitik spieltheorie\">\n\t\t\t\t\t\t\t<div class=\"dpt-entry-wrapper\"><div class=\"dpt-featured-content\"><div class=\"dpt-permalink\"><a href=\"https:\/\/www.markus-schall.de\/pl\/2026\/01\/historia-propagandy-metody-wspolczesne-formy-i-jak-je-rozpoznac\/\" class=\"dpt-permalink\"><span class=\"screen-reader-text\">Propaganda: historia, metody, wsp\u00f3\u0142czesne formy i jak je rozpozna\u0107<\/span><\/a><\/div><div class=\"dpt-thumbnail\"><div class=\"dpt-thumbnail-inner\"><img width=\"1024\" height=\"683\" class=\"attachment-full size-full\" alt=\"Czym jest propaganda?\" context=\"dpt\" data-dpt-src=\"https:\/\/www.markus-schall.de\/wp-content\/uploads\/Propaganda-titel.jpg\" data-dpt-sizes=\"(max-width: 1024px) 100vw, 1024px\" data-dpt-srcset=\"https:\/\/www.markus-schall.de\/wp-content\/uploads\/Propaganda-titel.jpg 1024w, https:\/\/www.markus-schall.de\/wp-content\/uploads\/Propaganda-titel-300x200.jpg 300w, https:\/\/www.markus-schall.de\/wp-content\/uploads\/Propaganda-titel-768x512.jpg 768w, https:\/\/www.markus-schall.de\/wp-content\/uploads\/Propaganda-titel-18x12.jpg 18w\" \/><\/div><span class=\"dpt-thumbnail-aspect-ratio\" style=\"padding-top: 75%\"><\/span><\/div><\/div><div class=\"sub-entry\"><h3 class=\"dpt-title\"><a class=\"dpt-title-link\" href=\"https:\/\/www.markus-schall.de\/pl\/2026\/01\/historia-propagandy-metody-wspolczesne-formy-i-jak-je-rozpoznac\/\" rel=\"bookmark\">Propaganda: historia, metody, wsp\u00f3\u0142czesne formy i jak je rozpozna\u0107<\/a><\/h3><\/div><\/div>\n\t\t\t\t\t\t<\/div><!-- .dpt-entry -->\n\t\t\t\t\t\t\t\t\t\t\t\t<div class=\"dpt-entry has-thumbnail\" data-title=\"die affinity grafik-suite wird kostenlos: was profi-anwender jetzt wissen m\u00fcssen\" data-id=\"3675\"  data-category=\"apple macos b\u00fccher kunst &amp; kultur tipps &amp; anleitungen\" data-post_tag=\"buch mac prozesse publishing verlag\">\n\t\t\t\t\t\t\t<div class=\"dpt-entry-wrapper\"><div class=\"dpt-featured-content\"><div class=\"dpt-permalink\"><a href=\"https:\/\/www.markus-schall.de\/pl\/2025\/11\/pakiet-graficzny-affinity-staje-sie-darmowy-co-profesjonalni-uzytkownicy-powinni-wiedziec-juz-teraz\/\" class=\"dpt-permalink\"><span class=\"screen-reader-text\">Pakiet graficzny Affinity staje si\u0119 darmowy: Co profesjonalni u\u017cytkownicy powinni wiedzie\u0107 ju\u017c teraz<\/span><\/a><\/div><div class=\"dpt-thumbnail\"><div class=\"dpt-thumbnail-inner\"><img width=\"1024\" height=\"683\" class=\"attachment-full size-full\" alt=\"Bezp\u0142atny pakiet graficzny Affinity\" context=\"dpt\" data-dpt-src=\"https:\/\/www.markus-schall.de\/wp-content\/uploads\/affinity-grafiksuite-kostenlos.jpg\" data-dpt-sizes=\"(max-width: 1024px) 100vw, 1024px\" data-dpt-srcset=\"https:\/\/www.markus-schall.de\/wp-content\/uploads\/affinity-grafiksuite-kostenlos.jpg 1024w, https:\/\/www.markus-schall.de\/wp-content\/uploads\/affinity-grafiksuite-kostenlos-300x200.jpg 300w, https:\/\/www.markus-schall.de\/wp-content\/uploads\/affinity-grafiksuite-kostenlos-768x512.jpg 768w, https:\/\/www.markus-schall.de\/wp-content\/uploads\/affinity-grafiksuite-kostenlos-18x12.jpg 18w\" \/><\/div><span class=\"dpt-thumbnail-aspect-ratio\" style=\"padding-top: 75%\"><\/span><\/div><\/div><div class=\"sub-entry\"><h3 class=\"dpt-title\"><a class=\"dpt-title-link\" href=\"https:\/\/www.markus-schall.de\/pl\/2025\/11\/pakiet-graficzny-affinity-staje-sie-darmowy-co-profesjonalni-uzytkownicy-powinni-wiedziec-juz-teraz\/\" rel=\"bookmark\">Pakiet graficzny Affinity staje si\u0119 darmowy: Co profesjonalni u\u017cytkownicy powinni wiedzie\u0107 ju\u017c teraz<\/a><\/h3><\/div><\/div>\n\t\t\t\t\t\t<\/div><!-- .dpt-entry -->\n\t\t\t\t\t\t\n\t\t\t\t<\/div>\n\t\t\t\t\t\t<\/div>\n\t\t\t\n<hr \/>\n<h2>Cz\u0119sto zadawane pytania<\/h2>\n<ol>\n<li><strong>O czym w\u0142a\u015bciwie jest ten artyku\u0142?<\/strong><br \/>\nArtyku\u0142 opisuje fundamentaln\u0105 zmian\u0119 spo\u0142eczn\u0105: przej\u015bcie od spo\u0142ecze\u0144stwa informacyjnego do spo\u0142ecze\u0144stwa wiedzy. Pokazuje, dlaczego zwyk\u0142y dost\u0119p do informacji by\u0142 kiedy\u015b kluczowy, ale dlaczego w\u0142asno\u015b\u0107, suwerenno\u015b\u0107 danych i kontrola strukturalna staj\u0105 si\u0119 dzi\u015b coraz wa\u017cniejsze. Wyja\u015bnia, dlaczego zasi\u0119g jest cz\u0119sto przeceniany i dlaczego nie zast\u0119puje w\u0142asno\u015bci.<\/li>\n<li><strong>Co dok\u0142adnie oznacza \u201espo\u0142ecze\u0144stwo informacyjne\u201c?<\/strong><br \/>\nSpo\u0142ecze\u0144stwo informacyjne odnosi si\u0119 do etapu, w kt\u00f3rym informacje by\u0142y w du\u017cej mierze swobodnie dost\u0119pne. Strony internetowe, wyszukiwarki, fora i blogi sprawi\u0142y, \u017ce stosunkowo \u0142atwo by\u0142o znale\u017a\u0107 wiedz\u0119. Ci, kt\u00f3rzy potrafili wyszukiwa\u0107, mieli przewag\u0119. Kontrola odgrywa\u0142a podrz\u0119dn\u0105 rol\u0119, dost\u0119p by\u0142 g\u0142\u00f3wnym czynnikiem.<\/li>\n<li><strong>Dlaczego spo\u0142ecze\u0144stwo informacyjne jest opisywane jako szczeg\u00f3lny przypadek historyczny?<\/strong><br \/>\nPoniewa\u017c ta otwarto\u015b\u0107 nie by\u0142a oczywista i nie jest trwa\u0142a. By\u0142a ona wynikiem rozwoju technicznego, niskiego poziomu regulacji i zdecentralizowanej struktury sieci. Warunki te stopniowo zmienia\u0142y si\u0119 w ostatnich latach.<\/li>\n<li><strong>Dlaczego artyku\u0142 m\u00f3wi, \u017ce informacje staj\u0105 si\u0119 coraz rzadsze?<\/strong><br \/>\nNie dlatego, \u017ce jest mniej tre\u015bci, ale dlatego, \u017ce s\u0105 one mniej swobodnie dost\u0119pne. Paywalle, zamkni\u0119te platformy, filtry algorytmiczne i systemy podsumowuj\u0105ce zapewniaj\u0105, \u017ce chocia\u017c ludzie konsumuj\u0105 wiele informacji, maj\u0105 coraz mniejszy bezpo\u015bredni dost\u0119p do oryginalnych \u017ar\u00f3de\u0142.<\/li>\n<li><strong>Co konkretnie oznacza przej\u015bcie od dost\u0119pu do kontroli?<\/strong><br \/>\nW przesz\u0142o\u015bci tre\u015bci by\u0142y po prostu dost\u0119pne. Dzi\u015b platformy, algorytmy, warunki u\u017cytkowania i ramy prawne decyduj\u0105 o tym, czy i w jaki spos\u00f3b tre\u015bci s\u0105 widoczne. Dost\u0119p nie jest ju\u017c przyznawany technicznie, ale w oparciu o zasady - i mo\u017ce zosta\u0107 zmieniony w dowolnym momencie.<\/li>\n<li><strong>Jaka jest r\u00f3\u017cnica mi\u0119dzy informacj\u0105 a wiedz\u0105?<\/strong><br \/>\nInformacja to pojedyncza data, stwierdzenie lub fakt. Wiedza jest tworzona tylko wtedy, gdy informacje s\u0105 kategoryzowane, por\u00f3wnywane, powtarzane i \u0142\u0105czone z do\u015bwiadczeniem. Wiedza to ustrukturyzowane informacje z kontekstem i znaczeniem.<\/li>\n<li><strong>Dlaczego wiedza jest wa\u017cniejsza ni\u017c zasi\u0119g w nowej fazie?<\/strong><br \/>\nPoniewa\u017c zasi\u0119g tylko generuje uwag\u0119, ale wiedza zapewnia orientacj\u0119. Uwaga jest ulotna, wiedza ma d\u0142ugotrwa\u0142y efekt. W z\u0142o\u017conym \u015bwiecie nie liczy si\u0119 ten, kto jest najg\u0142o\u015bniejszy, ale ten, kto rozumie kontekst.<\/li>\n<li><strong>Dlaczego suwerenno\u015b\u0107 danych jest opisywana jako nowa kwestia w\u0142adzy?<\/strong><br \/>\nPoniewa\u017c dane s\u0105 surowcem, z kt\u00f3rego powstaje wiedza, prognozy i decyzje. Ci, kt\u00f3rzy maj\u0105 dost\u0119p do danych i kontroluj\u0105 je, mog\u0105 zarz\u0105dza\u0107 procesami, rozumie\u0107 rynki i budowa\u0107 systemy. Ci, kt\u00f3rzy nie maj\u0105 suwerenno\u015bci danych, pozostaj\u0105 u\u017cytkownikami wiedzy zewn\u0119trznej.<\/li>\n<li><strong>Co suwerenno\u015b\u0107 danych oznacza w praktyce?<\/strong><br \/>\nSuwerenno\u015b\u0107 danych oznacza mo\u017cliwo\u015b\u0107 okre\u015blenia, gdzie dane s\u0105 przechowywane, kto ma do nich dost\u0119p, w jaki spos\u00f3b mog\u0105 by\u0107 wykorzystywane i czy mog\u0105 by\u0107 eksportowane. Oznacza to bycie nie tylko u\u017cytkownikiem, ale i w\u0142a\u015bcicielem w\u0142asnych danych.<\/li>\n<li><strong>Dlaczego zasi\u0119g nie jest w\u0142asno\u015bci\u0105?<\/strong><br \/>\nPoniewa\u017c zasi\u0119g na platformach jest zawsze po\u017cyczony. Zale\u017cy od algorytm\u00f3w, zasad i decyzji podejmowanych przez innych. Widoczno\u015b\u0107 mo\u017ce wzrosn\u0105\u0107 lub znikn\u0105\u0107, a tw\u00f3rca nie zrobi\u0142 nic z\u0142ego.<\/li>\n<li><strong>Kto jest w\u0142a\u015bcicielem zasi\u0119gu na platformach takich jak YouTube czy Instagram?<\/strong><br \/>\nOperator platformy kontroluje infrastruktur\u0119, relacje z u\u017cytkownikami, dane i widoczno\u015b\u0107. Tw\u00f3rcy dostarczaj\u0105 tre\u015bci, ale zazwyczaj nie maj\u0105 bezpo\u015bredniego kontaktu z odbiorcami ani warunk\u00f3w ramowych.<\/li>\n<li><strong>Dlaczego wiele os\u00f3b nadal czuje si\u0119 bezpiecznie, gdy maj\u0105 zasi\u0119g?<\/strong><br \/>\nPoniewa\u017c zasi\u0119g jest mierzalny i sygnalizuje kr\u00f3tkoterminowy sukces. Liczby zapewniaj\u0105 stabilno\u015b\u0107, nawet je\u015bli s\u0105 strukturalnie kruche. To bezpiecze\u0144stwo jest cz\u0119sto psychologiczne, a nie strategiczne.<\/li>\n<li><strong>Jak\u0105 rol\u0119 odgrywaj\u0105 platformy w spo\u0142ecze\u0144stwie wiedzy?<\/strong><br \/>\nPlatformy s\u0105 narz\u0119dziami do dystrybucji tre\u015bci. Staje si\u0119 to problematyczne tylko wtedy, gdy staj\u0105 si\u0119 one jedynym fundamentem. Je\u015bli nie masz w\u0142asnych struktur, jeste\u015b zale\u017cny od platform.<\/li>\n<li><strong>Co artyku\u0142 rozumie przez w\u0142asno\u015b\u0107 cyfrow\u0105?<\/strong><br \/>\nW\u0142asno\u015b\u0107 cyfrowa oznacza w\u0142asne strony internetowe, domeny, tre\u015bci, archiwa i przechowywanie danych. Chodzi o mo\u017cliwo\u015b\u0107 trwa\u0142ego zabezpieczenia, kontrolowania i niezale\u017cnego zarz\u0105dzania tre\u015bci\u0105.<\/li>\n<li><strong>Dlaczego nieruchomo\u015bci cz\u0119sto wydaj\u0105 si\u0119 dzi\u015b nieatrakcyjne?<\/strong><br \/>\nPoniewa\u017c wymaga czasu, troski i odpowiedzialno\u015bci. W\u0142asno\u015b\u0107 ro\u015bnie powoli i nie zapewnia natychmiastowego poklasku. W kulturze skoncentrowanej na szybko\u015bci wydaje si\u0119 to staromodne, ale jest stabilne.<\/li>\n<li><strong>Jakie s\u0105 zalety w\u0142asno\u015bci w por\u00f3wnaniu z zasi\u0119giem?<\/strong><br \/>\nW\u0142asno\u015b\u0107 jest trwa\u0142a, niezale\u017cna i zale\u017cna od kontekstu. Tre\u015bci s\u0105 ze sob\u0105 powi\u0105zane, tworz\u0105 archiwum i pozostaj\u0105 dost\u0119pne nawet wtedy, gdy ich uwaga s\u0142abnie.<\/li>\n<li><strong>Jak osobowo\u015bci takie jak Dieter Bohlen wpisuj\u0105 si\u0119 w ten temat?<\/strong><br \/>\nMaj\u0105 szeroki zasi\u0119g, ale nie posiadaj\u0105 prawie \u017cadnej w\u0142asnej w\u0142asno\u015bci cyfrowej. Ich widoczno\u015b\u0107 jest wysoka, ale ich tre\u015bci znajduj\u0105 si\u0119 g\u0142\u00f3wnie na platformach innych firm. Pokazuje to r\u00f3\u017cnic\u0119 mi\u0119dzy uwag\u0105 a kontrol\u0105.<\/li>\n<li><strong>Dlaczego Cloud Act odgrywa rol\u0119 w tym kontek\u015bcie?<\/strong><br \/>\nPoniewa\u017c jasno pokazuje, \u017ce suwerenno\u015b\u0107 danych ma znaczenie nie tylko techniczne, ale tak\u017ce prawne. Ka\u017cdy, kto korzysta z infrastruktury chmury, podlega zewn\u0119trznym przepisom i opcjom dost\u0119pu.<\/li>\n<li><strong>Jakie jest znaczenie lokalnej sztucznej inteligencji w kontek\u015bcie artyku\u0142u?<\/strong><br \/>\nLokalna sztuczna inteligencja jest przyk\u0142adem cyfrowej suwerenno\u015bci. Dane pozostaj\u0105 u u\u017cytkownika, modele s\u0105 obs\u0142ugiwane przez u\u017cytkownika, wiedza jest tworzona niezale\u017cnie od infrastruktury zewn\u0119trznej.<\/li>\n<li><strong>Czy nale\u017cy ca\u0142kowicie unika\u0107 platform?<\/strong><br \/>\nPlatformy s\u0105 przydatne jako dystrybutorzy i wzmacniacze. Wa\u017cne jest, aby nie by\u0142y fundamentem, ale odnosi\u0142y si\u0119 do w\u0142asnych struktur.<\/li>\n<li><strong>Jakie jest g\u0142\u00f3wne przes\u0142anie artyku\u0142u?<\/strong><br \/>\nZasi\u0119g jest narz\u0119dziem, a nie w\u0142asno\u015bci\u0105. W\u0142asno\u015b\u0107 tworzy tre\u015b\u0107. Wiedza jest tworzona tam, gdzie tre\u015b\u0107, dane i struktury s\u0105 pod d\u0142ugoterminow\u0105 kontrol\u0105.<\/li>\n<\/ol>\n<hr \/>\n\n\t\t\t<div class=\"display-post-types\">\n\n\t\t\t\t\t\t\t<style type=\"text\/css\">\n\t\t\t#dpt-wrapper-562 { --dpt-text-align: left;--dpt-image-crop: center;--dpt-border-radius: 5px;--dpt-h-gutter: 10px;--dpt-v-gutter: 9px; }\t\t\t<\/style>\n\t\t\t<style type=\"text\/css\">#dpt-wrapper-562 { --dpt-title-font-style:normal;--dpt-title-font-weight:600;--dpt-title-line-height:1.5;--dpt-title-text-decoration:none;--dpt-title-text-transform:none;--dpt-excerpt-font-style:normal;--dpt-excerpt-font-weight:400;--dpt-excerpt-line-height:1.5;--dpt-excerpt-text-decoration:none;--dpt-excerpt-text-transform:none;--dpt-meta1-font-style:normal;--dpt-meta1-font-weight:400;--dpt-meta1-line-height:1.9;--dpt-meta1-text-decoration:none;--dpt-meta1-text-transform:none;--dpt-meta2-font-style:normal;--dpt-meta2-font-weight:400;--dpt-meta2-line-height:1.9;--dpt-meta2-text-decoration:none;--dpt-meta2-text-transform:none; }<\/style><div class=\"dpt-main-header\">\n\t\t\t\t\t\t<div class=\"dpt-main-title\">\n\t\t\t\t\t\t\t<span class=\"dpt-main-title-text\">Aktualne artyku\u0142y na temat sztucznej inteligencji<\/span>\n\t\t\t\t\t\t<\/div>\n\t\t\t\t\t\t\n\t\t\t\t\t\t\n\t\t\t\t\t\t\n\t\t\t\t\t\t<\/div>\t\t\t\n\t\t\t\t<div id=\"dpt-wrapper-562\" class=\"dpt-wrapper dpt-mag1 land1 dpt-cropped dpt-flex-wrap\" >\n\n\t\t\t\t\t\t\t\t\t\t\t<div class=\"dpt-entry has-thumbnail\" data-title=\"mlx auf apple silicon als lokale ki im vergleich mit ollama &#038; co.\" data-id=\"2857\"  data-category=\"apple macos ki-systeme\" data-post_tag=\"datenschutz k\u00fcnstliche intelligenz llama llm mistral mlx ollama sprachmodell\">\n\t\t\t\t\t\t\t<div class=\"dpt-entry-wrapper\"><div class=\"dpt-featured-content\"><div class=\"dpt-permalink\"><a href=\"https:\/\/www.markus-schall.de\/pl\/2025\/09\/mlx-na-apple-silicon-jako-lokalny-ki-w-porownaniu-z-ollama-co\/\" class=\"dpt-permalink\"><span class=\"screen-reader-text\">MLX na Apple Silicon jako lokalna sztuczna inteligencja w por\u00f3wnaniu z Ollama &amp; Co.<\/span><\/a><\/div><div class=\"dpt-thumbnail\"><div class=\"dpt-thumbnail-inner\"><img width=\"1024\" height=\"576\" class=\"attachment-full size-full\" alt=\"Lokalna sztuczna inteligencja na komputerach Mac z MLX\" context=\"dpt\" data-dpt-src=\"https:\/\/www.markus-schall.de\/wp-content\/uploads\/mlx-lokale-ki-apple-silicon.jpg\" data-dpt-sizes=\"(max-width: 1024px) 100vw, 1024px\" data-dpt-srcset=\"https:\/\/www.markus-schall.de\/wp-content\/uploads\/mlx-lokale-ki-apple-silicon.jpg 1024w, https:\/\/www.markus-schall.de\/wp-content\/uploads\/mlx-lokale-ki-apple-silicon-300x169.jpg 300w, https:\/\/www.markus-schall.de\/wp-content\/uploads\/mlx-lokale-ki-apple-silicon-768x432.jpg 768w, https:\/\/www.markus-schall.de\/wp-content\/uploads\/mlx-lokale-ki-apple-silicon-18x10.jpg 18w\" \/><\/div><span class=\"dpt-thumbnail-aspect-ratio\" style=\"padding-top: 75%\"><\/span><\/div><\/div><div class=\"sub-entry\"><h3 class=\"dpt-title\"><a class=\"dpt-title-link\" href=\"https:\/\/www.markus-schall.de\/pl\/2025\/09\/mlx-na-apple-silicon-jako-lokalny-ki-w-porownaniu-z-ollama-co\/\" rel=\"bookmark\">MLX na Apple Silicon jako lokalna sztuczna inteligencja w por\u00f3wnaniu z Ollama &amp; Co.<\/a><\/h3><\/div><\/div>\n\t\t\t\t\t\t<\/div><!-- .dpt-entry -->\n\t\t\t\t\t\t\t\t\t\t\t\t<div class=\"dpt-entry has-thumbnail\" data-title=\"k\u00fcnstliche intelligenz: welche jobs in gefahr sind, und wie wir uns jetzt wappnen k\u00f6nnen\" data-id=\"2940\"  data-category=\"allgemein b\u00fccher gesellschaft ki-systeme\" data-post_tag=\"buch k\u00fcnstliche intelligenz llama llm mistral mlx ollama ratgeber sprachmodell\">\n\t\t\t\t\t\t\t<div class=\"dpt-entry-wrapper\"><div class=\"dpt-featured-content\"><div class=\"dpt-permalink\"><a href=\"https:\/\/www.markus-schall.de\/pl\/2025\/09\/sztucznej-inteligencji-ktore-miejsca-pracy-sa-zagrozone-i-jak-mozemy-sie-teraz-uzbroic\/\" class=\"dpt-permalink\"><span class=\"screen-reader-text\">Sztuczna inteligencja: kt\u00f3re miejsca pracy s\u0105 zagro\u017cone i jak mo\u017cemy si\u0119 teraz uzbroi\u0107?<\/span><\/a><\/div><div class=\"dpt-thumbnail\"><div class=\"dpt-thumbnail-inner\"><img width=\"1024\" height=\"683\" class=\"attachment-full size-full\" alt=\"Kt\u00f3re zawody zostan\u0105 w przysz\u0142o\u015bci wyeliminowane przez sztuczn\u0105 inteligencj\u0119?\" context=\"dpt\" data-dpt-src=\"https:\/\/www.markus-schall.de\/wp-content\/uploads\/welche-jobs-fallen-durch-ki-weg.jpg\" data-dpt-sizes=\"(max-width: 1024px) 100vw, 1024px\" data-dpt-srcset=\"https:\/\/www.markus-schall.de\/wp-content\/uploads\/welche-jobs-fallen-durch-ki-weg.jpg 1024w, https:\/\/www.markus-schall.de\/wp-content\/uploads\/welche-jobs-fallen-durch-ki-weg-300x200.jpg 300w, https:\/\/www.markus-schall.de\/wp-content\/uploads\/welche-jobs-fallen-durch-ki-weg-768x512.jpg 768w, https:\/\/www.markus-schall.de\/wp-content\/uploads\/welche-jobs-fallen-durch-ki-weg-18x12.jpg 18w\" \/><\/div><span class=\"dpt-thumbnail-aspect-ratio\" style=\"padding-top: 75%\"><\/span><\/div><\/div><div class=\"sub-entry\"><h3 class=\"dpt-title\"><a class=\"dpt-title-link\" href=\"https:\/\/www.markus-schall.de\/pl\/2025\/09\/sztucznej-inteligencji-ktore-miejsca-pracy-sa-zagrozone-i-jak-mozemy-sie-teraz-uzbroic\/\" rel=\"bookmark\">Sztuczna inteligencja: kt\u00f3re miejsca pracy s\u0105 zagro\u017cone i jak mo\u017cemy si\u0119 teraz uzbroi\u0107?<\/a><\/h3><\/div><\/div>\n\t\t\t\t\t\t<\/div><!-- .dpt-entry -->\n\t\t\t\t\t\t\t\t\t\t\t\t<div class=\"dpt-entry has-thumbnail\" data-title=\"cloud-ki als oberlehrer: warum die zukunft des arbeitens bei lokaler ki liegt\" data-id=\"3887\"  data-category=\"apple macos hardware ki-systeme\" data-post_tag=\"datenschutz digitales eigentum k\u00fcnstliche intelligenz llama llm meinungsfreiheit mistral mlx neo4j ollama sprachmodell\">\n\t\t\t\t\t\t\t<div class=\"dpt-entry-wrapper\"><div class=\"dpt-featured-content\"><div class=\"dpt-permalink\"><a href=\"https:\/\/www.markus-schall.de\/pl\/2025\/12\/cloud-ki-jako-najlepszy-nauczyciel-dlaczego-przyszlosc-pracy-lezy-w-lokalnych-ki\/\" class=\"dpt-permalink\"><span class=\"screen-reader-text\">Sztuczna inteligencja w chmurze jako dyrektor szko\u0142y: dlaczego przysz\u0142o\u015b\u0107 pracy le\u017cy w lokalnej sztucznej inteligencji?<\/span><\/a><\/div><div class=\"dpt-thumbnail\"><div class=\"dpt-thumbnail-inner\"><img width=\"1024\" height=\"683\" class=\"attachment-full size-full\" alt=\"Sztuczna inteligencja w chmurze zostaje dyrektorem szko\u0142y\" context=\"dpt\" data-dpt-src=\"https:\/\/www.markus-schall.de\/wp-content\/uploads\/cloud-ki-oberlehrer.jpg\" data-dpt-sizes=\"(max-width: 1024px) 100vw, 1024px\" data-dpt-srcset=\"https:\/\/www.markus-schall.de\/wp-content\/uploads\/cloud-ki-oberlehrer.jpg 1024w, https:\/\/www.markus-schall.de\/wp-content\/uploads\/cloud-ki-oberlehrer-300x200.jpg 300w, https:\/\/www.markus-schall.de\/wp-content\/uploads\/cloud-ki-oberlehrer-768x512.jpg 768w, https:\/\/www.markus-schall.de\/wp-content\/uploads\/cloud-ki-oberlehrer-18x12.jpg 18w\" \/><\/div><span class=\"dpt-thumbnail-aspect-ratio\" style=\"padding-top: 75%\"><\/span><\/div><\/div><div class=\"sub-entry\"><h3 class=\"dpt-title\"><a class=\"dpt-title-link\" href=\"https:\/\/www.markus-schall.de\/pl\/2025\/12\/cloud-ki-jako-najlepszy-nauczyciel-dlaczego-przyszlosc-pracy-lezy-w-lokalnych-ki\/\" rel=\"bookmark\">Sztuczna inteligencja w chmurze jako dyrektor szko\u0142y: dlaczego przysz\u0142o\u015b\u0107 pracy le\u017cy w lokalnej sztucznej inteligencji?<\/a><\/h3><\/div><\/div>\n\t\t\t\t\t\t<\/div><!-- .dpt-entry -->\n\t\t\t\t\t\t\t\t\t\t\t\t<div class=\"dpt-entry has-thumbnail\" data-title=\"ki-studio 2025: welche hardware wirklich lohnt \u2013 vom mac studio bis zur rtx 3090\" data-id=\"3704\"  data-category=\"apple macos featured hardware ki-systeme\" data-post_tag=\"apple digitales eigentum k\u00fcnstliche intelligenz llm mlx neo4j sprachmodell\">\n\t\t\t\t\t\t\t<div class=\"dpt-entry-wrapper\"><div class=\"dpt-featured-content\"><div class=\"dpt-permalink\"><a href=\"https:\/\/www.markus-schall.de\/pl\/2025\/11\/ki-studio-2025-ktory-sprzet-jest-naprawde-tego-wart-od-mac-studio-do-rtx-3090\/\" class=\"dpt-permalink\"><span class=\"screen-reader-text\">AI Studio 2025: Kt\u00f3ry sprz\u0119t naprawd\u0119 si\u0119 op\u0142aca - od Mac Studio do RTX 3090<\/span><\/a><\/div><div class=\"dpt-thumbnail\"><div class=\"dpt-thumbnail-inner\"><img width=\"1024\" height=\"683\" class=\"attachment-full size-full\" alt=\"Sprz\u0119t 2025 dla studia AI\" context=\"dpt\" data-dpt-src=\"https:\/\/www.markus-schall.de\/wp-content\/uploads\/KI-Studio-Hardware-2025.jpg\" data-dpt-sizes=\"(max-width: 1024px) 100vw, 1024px\" data-dpt-srcset=\"https:\/\/www.markus-schall.de\/wp-content\/uploads\/KI-Studio-Hardware-2025.jpg 1024w, https:\/\/www.markus-schall.de\/wp-content\/uploads\/KI-Studio-Hardware-2025-300x200.jpg 300w, https:\/\/www.markus-schall.de\/wp-content\/uploads\/KI-Studio-Hardware-2025-768x512.jpg 768w, https:\/\/www.markus-schall.de\/wp-content\/uploads\/KI-Studio-Hardware-2025-18x12.jpg 18w\" \/><\/div><span class=\"dpt-thumbnail-aspect-ratio\" style=\"padding-top: 75%\"><\/span><\/div><\/div><div class=\"sub-entry\"><h3 class=\"dpt-title\"><a class=\"dpt-title-link\" href=\"https:\/\/www.markus-schall.de\/pl\/2025\/11\/ki-studio-2025-ktory-sprzet-jest-naprawde-tego-wart-od-mac-studio-do-rtx-3090\/\" rel=\"bookmark\">AI Studio 2025: Kt\u00f3ry sprz\u0119t naprawd\u0119 si\u0119 op\u0142aca - od Mac Studio do RTX 3090<\/a><\/h3><\/div><\/div>\n\t\t\t\t\t\t<\/div><!-- .dpt-entry -->\n\t\t\t\t\t\t\n\t\t\t\t<\/div>\n\t\t\t\t\t\t<\/div>\n\t\t\t\n<hr \/>","protected":false},"excerpt":{"rendered":"<p>Dobre dziesi\u0119\u0107 lat temu zdarzy\u0142o mi si\u0119 obejrze\u0107 wyk\u0142ad na temat przej\u015bcia od spo\u0142ecze\u0144stwa informacyjnego do spo\u0142ecze\u0144stwa wiedzy. W tamtym czasie wiele z tego brzmia\u0142o jeszcze teoretycznie, niemal akademicko. Chodzi\u0142o o koncepcje takie jak suwerenno\u015b\u0107 danych, w\u0142asno\u015b\u0107 informacji i pytanie, kto faktycznie okre\u015bli, co b\u0119dzie dost\u0119pne w przysz\u0142o\u015bci - i co ... <a title=\"AI Studio 2025: Kt\u00f3ry sprz\u0119t naprawd\u0119 si\u0119 op\u0142aca - od Mac Studio do RTX 3090\" class=\"read-more\" href=\"https:\/\/www.markus-schall.de\/pl\/2025\/11\/ki-studio-2025-ktory-sprzet-jest-naprawde-tego-wart-od-mac-studio-do-rtx-3090\/\" aria-label=\"Dowiedz si\u0119 wi\u0119cej o KI-Studio 2025: Kt\u00f3ry sprz\u0119t naprawd\u0119 si\u0119 op\u0142aca - od Mac Studio do RTX 3090\">Dowiedz si\u0119 wi\u0119cej<\/a><\/p>","protected":false},"author":1,"featured_media":4001,"comment_status":"open","ping_status":"open","sticky":false,"template":"","format":"standard","meta":{"iawp_total_views":172,"footnotes":""},"categories":[1,461,3,466,472],"tags":[443,469,444,473,398],"class_list":["post-3994","post","type-post","status-publish","format-standard","has-post-thumbnail","hentry","category-allgemein","category-featured","category-filemaker","category-gesellschaft","category-kunst-kultur","tag-datenlogik","tag-datenschutz","tag-denkmodelle","tag-digitales-eigentum","tag-erp-software"],"_links":{"self":[{"href":"https:\/\/www.markus-schall.de\/pl\/wp-json\/wp\/v2\/posts\/3994","targetHints":{"allow":["GET"]}}],"collection":[{"href":"https:\/\/www.markus-schall.de\/pl\/wp-json\/wp\/v2\/posts"}],"about":[{"href":"https:\/\/www.markus-schall.de\/pl\/wp-json\/wp\/v2\/types\/post"}],"author":[{"embeddable":true,"href":"https:\/\/www.markus-schall.de\/pl\/wp-json\/wp\/v2\/users\/1"}],"replies":[{"embeddable":true,"href":"https:\/\/www.markus-schall.de\/pl\/wp-json\/wp\/v2\/comments?post=3994"}],"version-history":[{"count":16,"href":"https:\/\/www.markus-schall.de\/pl\/wp-json\/wp\/v2\/posts\/3994\/revisions"}],"predecessor-version":[{"id":5921,"href":"https:\/\/www.markus-schall.de\/pl\/wp-json\/wp\/v2\/posts\/3994\/revisions\/5921"}],"wp:featuredmedia":[{"embeddable":true,"href":"https:\/\/www.markus-schall.de\/pl\/wp-json\/wp\/v2\/media\/4001"}],"wp:attachment":[{"href":"https:\/\/www.markus-schall.de\/pl\/wp-json\/wp\/v2\/media?parent=3994"}],"wp:term":[{"taxonomy":"category","embeddable":true,"href":"https:\/\/www.markus-schall.de\/pl\/wp-json\/wp\/v2\/categories?post=3994"},{"taxonomy":"post_tag","embeddable":true,"href":"https:\/\/www.markus-schall.de\/pl\/wp-json\/wp\/v2\/tags?post=3994"}],"curies":[{"name":"wp","href":"https:\/\/api.w.org\/{rel}","templated":true}]}}