{"id":4079,"date":"2025-12-17T18:21:45","date_gmt":"2025-12-17T18:21:45","guid":{"rendered":"https:\/\/www.markus-schall.de\/?p=4079"},"modified":"2026-03-24T13:47:26","modified_gmt":"2026-03-24T13:47:26","slug":"jeffrey-sachs-ostrzega-niemcy-dlaczego-nalezy-przemyslec-bezpieczenstwo-europy","status":"publish","type":"post","link":"https:\/\/www.markus-schall.de\/pl\/2025\/12\/jeffrey-sachs-ostrzega-niemcy-dlaczego-nalezy-przemyslec-bezpieczenstwo-europy\/","title":{"rendered":"Jeffrey Sachs ostrzega Niemcy: Dlaczego nale\u017cy przemy\u015ble\u0107 bezpiecze\u0144stwo Europy?"},"content":{"rendered":"<p>W swoim li\u015bcie otwartym do kanclerza Niemiec Friedricha Merza, opublikowanym w Berliner Zeitung 17 grudnia 2025 r., znany ekonomista i profesor Jeffrey D. Sachs wypowiada si\u0119 z jasno\u015bci\u0105, kt\u00f3ra sta\u0142a si\u0119 rzadko\u015bci\u0105 w obecnej debacie europejskiej. Sachs wypowiada si\u0119 nie jako aktywista, nie jako partyzant i nie jako komentator z dystansu, ale jako ekonomista i doradca polityczny, kt\u00f3ry przez dziesi\u0119ciolecia pracowa\u0142 w centralnych punktach mi\u0119dzynarodowych kryzys\u00f3w, architektur bezpiecze\u0144stwa i wstrz\u0105s\u00f3w gospodarczych. List otwarty zawiera niezwykle ostry cytat:<\/p>\n<blockquote><p><em>\u201eNiech si\u0119 pan uczy historii, panie kanclerzu\u201c.\u201c<\/em><\/p><\/blockquote>\n<p><!--more-->List ten jest mniej polityczn\u0105 interwencj\u0105 dnia, a bardziej dokumentem, kt\u00f3ry argumentuje historycznie. Sachs nie wzywa w nim do szybkich rozwi\u0105za\u0144, ale raczej do powrotu do sposobu my\u015blenia, kt\u00f3ry przez d\u0142ugi czas by\u0142 uwa\u017cany za oczywisty w Europie: bezpiecze\u0144stwo jako wzajemna relacja, dyplomacja jako instrument stabilizacji i historyczna uczciwo\u015b\u0107 jako warunek wst\u0119pny zaufania. Fakt, \u017ce zwraca si\u0119 bezpo\u015brednio do kanclerz Niemiec, podkre\u015bla szczeg\u00f3ln\u0105 rol\u0119, jak\u0105 Niemcy odgrywaj\u0105 w Europie - nie jako pionier wojskowy, ale jako si\u0142a organizuj\u0105ca i r\u00f3wnowa\u017c\u0105ca.<\/p>\n<hr \/>\n\n\t\t\t<div class=\"display-post-types\">\n\n\t\t\t\t\t\t\t<style type=\"text\/css\">\n\t\t\t#dpt-wrapper-733 { --dpt-text-align: left;--dpt-image-crop: center;--dpt-border-radius: 5px;--dpt-h-gutter: 10px;--dpt-v-gutter: 9px; }\t\t\t<\/style>\n\t\t\t<style type=\"text\/css\">#dpt-wrapper-733 { --dpt-title-font-style:normal;--dpt-title-font-weight:600;--dpt-title-line-height:1.5;--dpt-title-text-decoration:none;--dpt-title-text-transform:none;--dpt-excerpt-font-style:normal;--dpt-excerpt-font-weight:400;--dpt-excerpt-line-height:1.5;--dpt-excerpt-text-decoration:none;--dpt-excerpt-text-transform:none;--dpt-meta1-font-style:normal;--dpt-meta1-font-weight:400;--dpt-meta1-line-height:1.9;--dpt-meta1-text-decoration:none;--dpt-meta1-text-transform:none;--dpt-meta2-font-style:normal;--dpt-meta2-font-weight:400;--dpt-meta2-line-height:1.9;--dpt-meta2-text-decoration:none;--dpt-meta2-text-transform:none; }<\/style><div class=\"dpt-main-header\">\n\t\t\t\t\t\t<div class=\"dpt-main-title\">\n\t\t\t\t\t\t\t<span class=\"dpt-main-title-text\">Kwestie spo\u0142eczne tera\u017aniejszo\u015bci<\/span>\n\t\t\t\t\t\t<\/div>\n\t\t\t\t\t\t\n\t\t\t\t\t\t\n\t\t\t\t\t\t\n\t\t\t\t\t\t<\/div>\t\t\t\n\t\t\t\t<div id=\"dpt-wrapper-733\" class=\"dpt-wrapper dpt-mag1 land1 dpt-cropped dpt-flex-wrap\" >\n\n\t\t\t\t\t\t\t\t\t\t\t<div class=\"dpt-entry has-thumbnail\" data-title=\"helge schneider: haltung, humor und die freiheit, sich nicht erkl\u00e4ren zu m\u00fcssen\" data-id=\"4756\"  data-category=\"allgemein gesellschaft kunst &amp; kultur\" data-post_tag=\"deutschland erfahrungen meinungsfreiheit musik portrait\">\n\t\t\t\t\t\t\t<div class=\"dpt-entry-wrapper\"><div class=\"dpt-featured-content\"><div class=\"dpt-permalink\"><a href=\"https:\/\/www.markus-schall.de\/pl\/2026\/02\/postawa-helge-schneider-humor-i-wolnosc-by-nie-musiec-sie-tlumaczyc\/\" class=\"dpt-permalink\"><span class=\"screen-reader-text\">Helge Schneider: Postawa, humor i wolno\u015b\u0107 od konieczno\u015bci t\u0142umaczenia si\u0119<\/span><\/a><\/div><div class=\"dpt-thumbnail\"><div class=\"dpt-thumbnail-inner\"><img width=\"1024\" height=\"683\" class=\"attachment-full size-full\" alt=\"Helge Schneider Portret\" context=\"dpt\" data-dpt-src=\"https:\/\/www.markus-schall.de\/wp-content\/uploads\/Helge-Schneider.jpg\" data-dpt-sizes=\"(max-width: 1024px) 100vw, 1024px\" data-dpt-srcset=\"https:\/\/www.markus-schall.de\/wp-content\/uploads\/Helge-Schneider.jpg 1024w, https:\/\/www.markus-schall.de\/wp-content\/uploads\/Helge-Schneider-300x200.jpg 300w, https:\/\/www.markus-schall.de\/wp-content\/uploads\/Helge-Schneider-768x512.jpg 768w, https:\/\/www.markus-schall.de\/wp-content\/uploads\/Helge-Schneider-18x12.jpg 18w\" \/><\/div><span class=\"dpt-thumbnail-aspect-ratio\" style=\"padding-top: 75%\"><\/span><\/div><\/div><div class=\"sub-entry\"><h3 class=\"dpt-title\"><a class=\"dpt-title-link\" href=\"https:\/\/www.markus-schall.de\/pl\/2026\/02\/postawa-helge-schneider-humor-i-wolnosc-by-nie-musiec-sie-tlumaczyc\/\" rel=\"bookmark\">Helge Schneider: Postawa, humor i wolno\u015b\u0107 od konieczno\u015bci t\u0142umaczenia si\u0119<\/a><\/h3><\/div><\/div>\n\t\t\t\t\t\t<\/div><!-- .dpt-entry -->\n\t\t\t\t\t\t\t\t\t\t\t\t<div class=\"dpt-entry has-thumbnail\" data-title=\"propaganda: geschichte, methoden, moderne formen und wie man sie erkennt\" data-id=\"4229\"  data-category=\"allgemein gesellschaft kunst &amp; kultur\" data-post_tag=\"denkmodelle energiepolitik europa geopolitik krisen meinungsfreiheit pers\u00f6nlichkeitsentwicklung sicherheitspolitik spieltheorie\">\n\t\t\t\t\t\t\t<div class=\"dpt-entry-wrapper\"><div class=\"dpt-featured-content\"><div class=\"dpt-permalink\"><a href=\"https:\/\/www.markus-schall.de\/pl\/2026\/01\/historia-propagandy-metody-wspolczesne-formy-i-jak-je-rozpoznac\/\" class=\"dpt-permalink\"><span class=\"screen-reader-text\">Propaganda: historia, metody, wsp\u00f3\u0142czesne formy i jak je rozpozna\u0107<\/span><\/a><\/div><div class=\"dpt-thumbnail\"><div class=\"dpt-thumbnail-inner\"><img width=\"1024\" height=\"683\" class=\"attachment-full size-full\" alt=\"Czym jest propaganda?\" context=\"dpt\" data-dpt-src=\"https:\/\/www.markus-schall.de\/wp-content\/uploads\/Propaganda-titel.jpg\" data-dpt-sizes=\"(max-width: 1024px) 100vw, 1024px\" data-dpt-srcset=\"https:\/\/www.markus-schall.de\/wp-content\/uploads\/Propaganda-titel.jpg 1024w, https:\/\/www.markus-schall.de\/wp-content\/uploads\/Propaganda-titel-300x200.jpg 300w, https:\/\/www.markus-schall.de\/wp-content\/uploads\/Propaganda-titel-768x512.jpg 768w, https:\/\/www.markus-schall.de\/wp-content\/uploads\/Propaganda-titel-18x12.jpg 18w\" \/><\/div><span class=\"dpt-thumbnail-aspect-ratio\" style=\"padding-top: 75%\"><\/span><\/div><\/div><div class=\"sub-entry\"><h3 class=\"dpt-title\"><a class=\"dpt-title-link\" href=\"https:\/\/www.markus-schall.de\/pl\/2026\/01\/historia-propagandy-metody-wspolczesne-formy-i-jak-je-rozpoznac\/\" rel=\"bookmark\">Propaganda: historia, metody, wsp\u00f3\u0142czesne formy i jak je rozpozna\u0107<\/a><\/h3><\/div><\/div>\n\t\t\t\t\t\t<\/div><!-- .dpt-entry -->\n\t\t\t\t\t\t\t\t\t\t\t\t<div class=\"dpt-entry has-thumbnail\" data-title=\"ist t\u00f6ten w\u00fcrdelos? eine n\u00fcchterne frage zu mord, terror und krieg\" data-id=\"4550\"  data-category=\"allgemein gesellschaft gesundheit\" data-post_tag=\"denkmodelle erfahrungen europa geopolitik gesundheit krisen meinungsfreiheit sicherheitspolitik\">\n\t\t\t\t\t\t\t<div class=\"dpt-entry-wrapper\"><div class=\"dpt-featured-content\"><div class=\"dpt-permalink\"><a href=\"https:\/\/www.markus-schall.de\/pl\/2026\/01\/czy-zabijanie-bez-godnosci-jest-trzezwym-pytaniem-o-morderstwo-terror-i-wojne\/\" class=\"dpt-permalink\"><span class=\"screen-reader-text\">Czy zabijanie jest niegodne? Trze\u017awe pytanie o morderstwo, terror i wojn\u0119<\/span><\/a><\/div><div class=\"dpt-thumbnail\"><div class=\"dpt-thumbnail-inner\"><img width=\"1024\" height=\"683\" class=\"attachment-full size-full\" alt=\"Czy zabijanie jest niegodne?\" context=\"dpt\" data-dpt-src=\"https:\/\/www.markus-schall.de\/wp-content\/uploads\/toeten-wuerdelos-Titel.jpg\" data-dpt-sizes=\"(max-width: 1024px) 100vw, 1024px\" data-dpt-srcset=\"https:\/\/www.markus-schall.de\/wp-content\/uploads\/toeten-wuerdelos-Titel.jpg 1024w, https:\/\/www.markus-schall.de\/wp-content\/uploads\/toeten-wuerdelos-Titel-300x200.jpg 300w, https:\/\/www.markus-schall.de\/wp-content\/uploads\/toeten-wuerdelos-Titel-768x512.jpg 768w, https:\/\/www.markus-schall.de\/wp-content\/uploads\/toeten-wuerdelos-Titel-18x12.jpg 18w\" \/><\/div><span class=\"dpt-thumbnail-aspect-ratio\" style=\"padding-top: 75%\"><\/span><\/div><\/div><div class=\"sub-entry\"><h3 class=\"dpt-title\"><a class=\"dpt-title-link\" href=\"https:\/\/www.markus-schall.de\/pl\/2026\/01\/czy-zabijanie-bez-godnosci-jest-trzezwym-pytaniem-o-morderstwo-terror-i-wojne\/\" rel=\"bookmark\">Czy zabijanie jest niegodne? Trze\u017awe pytanie o morderstwo, terror i wojn\u0119<\/a><\/h3><\/div><\/div>\n\t\t\t\t\t\t<\/div><!-- .dpt-entry -->\n\t\t\t\t\t\t\t\t\t\t\t\t<div class=\"dpt-entry has-thumbnail\" data-title=\"k\u00fcnstliche intelligenz: welche jobs in gefahr sind, und wie wir uns jetzt wappnen k\u00f6nnen\" data-id=\"2940\"  data-category=\"allgemein b\u00fccher gesellschaft ki-systeme\" data-post_tag=\"buch k\u00fcnstliche intelligenz llama llm mistral mlx ollama ratgeber sprachmodell\">\n\t\t\t\t\t\t\t<div class=\"dpt-entry-wrapper\"><div class=\"dpt-featured-content\"><div class=\"dpt-permalink\"><a href=\"https:\/\/www.markus-schall.de\/pl\/2025\/09\/sztucznej-inteligencji-ktore-miejsca-pracy-sa-zagrozone-i-jak-mozemy-sie-teraz-uzbroic\/\" class=\"dpt-permalink\"><span class=\"screen-reader-text\">Sztuczna inteligencja: kt\u00f3re miejsca pracy s\u0105 zagro\u017cone i jak mo\u017cemy si\u0119 teraz uzbroi\u0107?<\/span><\/a><\/div><div class=\"dpt-thumbnail\"><div class=\"dpt-thumbnail-inner\"><img width=\"1024\" height=\"683\" class=\"attachment-full size-full\" alt=\"Kt\u00f3re zawody zostan\u0105 w przysz\u0142o\u015bci wyeliminowane przez sztuczn\u0105 inteligencj\u0119?\" context=\"dpt\" data-dpt-src=\"https:\/\/www.markus-schall.de\/wp-content\/uploads\/welche-jobs-fallen-durch-ki-weg.jpg\" data-dpt-sizes=\"(max-width: 1024px) 100vw, 1024px\" data-dpt-srcset=\"https:\/\/www.markus-schall.de\/wp-content\/uploads\/welche-jobs-fallen-durch-ki-weg.jpg 1024w, https:\/\/www.markus-schall.de\/wp-content\/uploads\/welche-jobs-fallen-durch-ki-weg-300x200.jpg 300w, https:\/\/www.markus-schall.de\/wp-content\/uploads\/welche-jobs-fallen-durch-ki-weg-768x512.jpg 768w, https:\/\/www.markus-schall.de\/wp-content\/uploads\/welche-jobs-fallen-durch-ki-weg-18x12.jpg 18w\" \/><\/div><span class=\"dpt-thumbnail-aspect-ratio\" style=\"padding-top: 75%\"><\/span><\/div><\/div><div class=\"sub-entry\"><h3 class=\"dpt-title\"><a class=\"dpt-title-link\" href=\"https:\/\/www.markus-schall.de\/pl\/2025\/09\/sztucznej-inteligencji-ktore-miejsca-pracy-sa-zagrozone-i-jak-mozemy-sie-teraz-uzbroic\/\" rel=\"bookmark\">Sztuczna inteligencja: kt\u00f3re miejsca pracy s\u0105 zagro\u017cone i jak mo\u017cemy si\u0119 teraz uzbroi\u0107?<\/a><\/h3><\/div><\/div>\n\t\t\t\t\t\t<\/div><!-- .dpt-entry -->\n\t\t\t\t\t\t\n\t\t\t\t<\/div>\n\t\t\t\t\t\t<\/div>\n\t\t\t\n<hr \/>\n<h2>Najnowsze wiadomo\u015bci na temat Jeffreya Sachsa<\/h2>\n<p><strong>15.03.2026<\/strong>Ekonomista Jeffrey Sachs napisa\u0142 w artykule <a href=\"https:\/\/www.democracynow.org\/2026\/3\/13\/jeffrey_sachs\" target=\"_blank\" rel=\"noopener\"><strong>Wywiad w Democracy Now!<\/strong><\/a> na temat obecnego konfliktu mi\u0119dzy USA, Izraelem i Iranem. Sachs jest bardzo krytyczny wobec eskalacji militarnej i opisuje j\u0105 jako \u201ewojn\u0119 z wyboru\u201c, tj. konflikt, kt\u00f3ry nie powsta\u0142 z bezpo\u015bredniej konieczno\u015bci, ale zosta\u0142 celowo wywo\u0142any politycznie. Jego zdaniem jest to niebezpieczne naruszenie podstawowych zasad porz\u0105dku mi\u0119dzynarodowego. Sachs argumentuje, \u017ce atak bez wyra\u017anej samoobrony lub mandatu ze strony instytucji mi\u0119dzynarodowych mo\u017ce stanowi\u0107 bezpo\u015bredni konflikt z prawem mi\u0119dzynarodowym, a w szczeg\u00f3lno\u015bci z Kart\u0105 Narod\u00f3w Zjednoczonych. Taki krok, ostrzega, m\u00f3g\u0142by mie\u0107 daleko id\u0105ce konsekwencje i jeszcze bardziej zdestabilizowa\u0107 globaln\u0105 architektur\u0119 bezpiecze\u0144stwa.<\/p>\n<div class=\"lyte-wrapper\" style=\"width:640px;max-width:100%;margin:5px;\"><div class=\"lyMe\" id=\"WYL_167h58WfQhI\"><div id=\"lyte_167h58WfQhI\" data-src=\"https:\/\/www.markus-schall.de\/wp-content\/plugins\/wp-youtube-lyte\/lyteCache.php?origThumbUrl=%2F%2Fi.ytimg.com%2Fvi%2F167h58WfQhI%2Fhqdefault.jpg\" class=\"pL\"><div class=\"tC\"><div class=\"tT\"><\/div><\/div><div class=\"play\"><\/div><div class=\"ctrl\"><div class=\"Lctrl\"><\/div><div class=\"Rctrl\"><\/div><\/div><\/div><noscript><a href=\"https:\/\/youtu.be\/167h58WfQhI\" rel=\"nofollow noopener\" target=\"_blank\"><img loading=\"lazy\" decoding=\"async\" src=\"https:\/\/www.markus-schall.de\/wp-content\/plugins\/wp-youtube-lyte\/lyteCache.php?origThumbUrl=https%3A%2F%2Fi.ytimg.com%2Fvi%2F167h58WfQhI%2F0.jpg\" alt=\"Miniatura wideo YouTube\" width=\"640\" height=\"340\" \/><br \/>Obejrzyj ten film na YouTube<\/a><\/noscript><\/div><\/div><div class=\"lL\" style=\"max-width:100%;width:640px;margin:5px;\"><\/div><br \/>\nEkonomista Jeffrey Sachs: ameryka\u0144sko-izraelska \u201ewojna z wyboru\u201c, atak na Kart\u0119 Narod\u00f3w Zjednoczonych mo\u017ce doprowadzi\u0107 do III wojny \u015bwiatowej. <a href=\"https:\/\/www.youtube.com\/@DemocracyNow\" target=\"_blank\" rel=\"nofollow noopener\">Democracy Now!<\/a><\/p>\n<p>W wywiadzie Sachs podkre\u015bla r\u00f3wnie\u017c, \u017ce konflikt zbrojny z Iranem niesie ze sob\u0105 znaczne ryzyko geopolityczne. Dostrzega on niebezpiecze\u0144stwo, \u017ce wojna mo\u017ce rozprzestrzeni\u0107 si\u0119 regionalnie i zaanga\u017cowa\u0107 inne mocarstwa. W szczeg\u00f3lno\u015bci na Bliskim Wschodzie wiele pa\u0144stw jest po\u015brednio zaanga\u017cowanych lub dotkni\u0119tych, na przyk\u0142ad poprzez sojusze wojskowe, interesy energetyczne lub sojusze strategiczne. Sachs ostrzega zatem, \u017ce eskalacja mo\u017ce ostatecznie doprowadzi\u0107 do znacznie wi\u0119kszego konfliktu mi\u0119dzynarodowego. W tym kontek\u015bcie m\u00f3wi nawet o mo\u017cliwo\u015bci, \u017ce taka wojna mog\u0142aby wywo\u0142a\u0107 reakcj\u0119 \u0142a\u0144cuchow\u0105, kt\u00f3ra mia\u0142aby wp\u0142yw na globaln\u0105 polityk\u0119 poza regionem. Jego zdaniem rozwi\u0105zanie dyplomatyczne by\u0142oby zatem pilnie potrzebne, aby zapobiec dalszej eskalacji militarnej.<\/p>\n<p>Sachs krytykuje r\u00f3wnie\u017c fakt, \u017ce strategie wojskowe w polityce mi\u0119dzynarodowej cz\u0119sto d\u0105\u017c\u0105 do osi\u0105gni\u0119cia kr\u00f3tkoterminowych cel\u00f3w bez wystarczaj\u0105cego uwzgl\u0119dnienia d\u0142ugoterminowych konsekwencji. Argumentuje, \u017ce konflikty na Bliskim Wschodzie w ostatnich dziesi\u0119cioleciach wielokrotnie pokaza\u0142y, jak trudno jest osi\u0105gn\u0105\u0107 stabilne rozwi\u0105zania polityczne poprzez interwencje wojskowe. Zamiast tego opowiada si\u0119 za wi\u0119kszym poleganiem na dyplomacji, wsp\u00f3\u0142pracy mi\u0119dzynarodowej i negocjacjach politycznych. Tylko dzi\u0119ki takiemu podej\u015bciu mo\u017cna osi\u0105gn\u0105\u0107 trwa\u0142\u0105 stabilizacj\u0119 regionu. Sachs postrzega zatem obecn\u0105 sytuacj\u0119 jako decyduj\u0105ce rozwidlenie dr\u00f3g: albo konflikt b\u0119dzie dalej eskalowa\u0142 militarnie - albo zaanga\u017cowane pa\u0144stwa b\u0119d\u0105 pr\u00f3bowa\u0142y znale\u017a\u0107 rozwi\u0105zanie polityczne poprzez negocjacje i instytucje mi\u0119dzynarodowe.<\/p>\n<p><a href=\"https:\/\/www.markus-schall.de\/pl\/2026\/03\/konflikt-iran-izrael-dlaczego-ta-eskalacja-jest-strategicznym-koszmarem-zachodu\/\"><img loading=\"lazy\" decoding=\"async\" class=\"alignright size-medium wp-image-5217\" src=\"https:\/\/www.markus-schall.de\/wp-content\/uploads\/Israel-Iran-Strategischer-Albtraum-300x200.jpg\" alt=\"Izrael-Iran - strategiczny koszmar\" width=\"300\" height=\"200\" srcset=\"https:\/\/www.markus-schall.de\/wp-content\/uploads\/Israel-Iran-Strategischer-Albtraum-300x200.jpg 300w, https:\/\/www.markus-schall.de\/wp-content\/uploads\/Israel-Iran-Strategischer-Albtraum-768x512.jpg 768w, https:\/\/www.markus-schall.de\/wp-content\/uploads\/Israel-Iran-Strategischer-Albtraum-18x12.jpg 18w, https:\/\/www.markus-schall.de\/wp-content\/uploads\/Israel-Iran-Strategischer-Albtraum.jpg 1024w\" sizes=\"auto, (max-width: 300px) 100vw, 300px\" \/><\/a>Eskalacja konfliktu mi\u0119dzy Iranem a Izraelem pokazuje, jak szybko konflikty regionalne mog\u0105 sta\u0107 si\u0119 strategicznym problemem dla ca\u0142ego Zachodu. W moim <a href=\"https:\/\/www.markus-schall.de\/pl\/2026\/03\/konflikt-iran-izrael-dlaczego-ta-eskalacja-jest-strategicznym-koszmarem-zachodu\/\"><strong>Artyku\u0142 o konflikcie ira\u0144sko-izraelskim<\/strong><\/a> staje si\u0119 jasne, \u017ce nie chodzi tylko o dwa pa\u0144stwa, ale o z\u0142o\u017con\u0105 sie\u0107 interes\u00f3w bezpiecze\u0144stwa, sojuszy i projekcji si\u0142y na Bliskim Wschodzie. Bezpo\u015brednie starcie militarne mog\u0142oby potencjalnie zdestabilizowa\u0107 ca\u0142y region i wstrz\u0105sn\u0105\u0107 globalnymi strukturami energetycznymi i handlowymi. W\u0142a\u015bnie dlatego niekt\u00f3rzy stratedzy m\u00f3wi\u0105 o \u201ekoszmarnym scenariuszu\u201c dla pa\u0144stw zachodnich: Konflikt, kt\u00f3ry trudno kontrolowa\u0107, a jednocze\u015bnie otwiera kilka front\u00f3w geopolitycznych jednocze\u015bnie.<\/p>\n<p><strong>23.01.2026<\/strong>W najnowszym wywiadzie Jeffrey Sachs i Glenn Diesen analizuj\u0105 sygna\u0142y polityczne p\u0142yn\u0105ce ze \u015awiatowego Forum Ekonomicznego (WEF 2026) w Davos. Skupiaj\u0105 si\u0119 na przem\u00f3wieniu Donalda Trumpa i reakcjach zachodnich polityk\u00f3w. Sachs przedstawia krytyczny obraz Europy: zamiast kszta\u0142towa\u0107 w\u0142asn\u0105 polityk\u0119 zagraniczn\u0105, UE przez lata ogranicza\u0142a si\u0119 do obserwacji i adaptacji. Podczas gdy inne regiony coraz cz\u0119\u015bciej formu\u0142uj\u0105 w\u0142asne interesy, Europa wydaje si\u0119 zdezorientowana i podporz\u0105dkowana.<\/p>\n<div class=\"lyte-wrapper\" style=\"width:640px;max-width:100%;margin:5px;\"><div class=\"lyMe\" id=\"WYL_0kYtS35HdVg\"><div id=\"lyte_0kYtS35HdVg\" data-src=\"https:\/\/www.markus-schall.de\/wp-content\/plugins\/wp-youtube-lyte\/lyteCache.php?origThumbUrl=%2F%2Fi.ytimg.com%2Fvi%2F0kYtS35HdVg%2Fhqdefault.jpg\" class=\"pL\"><div class=\"tC\"><div class=\"tT\"><\/div><\/div><div class=\"play\"><\/div><div class=\"ctrl\"><div class=\"Lctrl\"><\/div><div class=\"Rctrl\"><\/div><\/div><\/div><noscript><a href=\"https:\/\/youtu.be\/0kYtS35HdVg\" rel=\"nofollow noopener\" target=\"_blank\"><img loading=\"lazy\" decoding=\"async\" src=\"https:\/\/www.markus-schall.de\/wp-content\/plugins\/wp-youtube-lyte\/lyteCache.php?origThumbUrl=https%3A%2F%2Fi.ytimg.com%2Fvi%2F0kYtS35HdVg%2F0.jpg\" alt=\"Miniatura wideo YouTube\" width=\"640\" height=\"340\" \/><br \/>Obejrzyj ten film na YouTube<\/a><\/noscript><\/div><\/div><div class=\"lL\" style=\"max-width:100%;width:640px;margin:5px;\"><\/div><br \/>\nJeffrey Sachs: Davos - Imperium USA poza kontrol\u0105 i podporz\u0105dkowanie Europy | <a href=\"https:\/\/www.youtube.com\/@GDiesenDE\" target=\"_blank\" rel=\"nofollow noopener\">Glenn Diesen<\/a><\/p>\n<p>Wywiad trze\u017awo kategoryzuje ten rozw\u00f3j i dostarcza fundamentalnej analizy obecnej sytuacji geopolitycznej.<\/p>\n<hr \/>\n<h2>Odpowiedzialno\u015b\u0107 historyczna i koncepcja bezpiecze\u0144stwa<\/h2>\n<p>Jeffrey D. Sachs rozpoczyna swoje <a href=\"https:\/\/www.berliner-zeitung.de\/politik-gesellschaft\/offener-brief-von-jeffrey-sachs-lernen-sie-geschichte-herr-bundeskanzler-li.10010628\" target=\"_blank\" rel=\"noopener\"><strong>list otwarty<\/strong><\/a> z fundamentaln\u0105 krytyk\u0105 retoryki niemieckiego rz\u0105du w zakresie polityki bezpiecze\u0144stwa. Wed\u0142ug Sachsa, odpowiedzialno\u015b\u0107 za europejskie bezpiecze\u0144stwo nie mo\u017ce by\u0107 realizowana poprzez u\u017cywanie slogan\u00f3w, moralizowanie czy normalizowanie wojennej retoryki. Bezpiecze\u0144stwo nie jest poj\u0119ciem jednostronnym, ale opiera si\u0119 na wzajemno\u015bci.<\/p>\n<p>Zasada ta nie jest rosyjsk\u0105 ani ameryka\u0144sk\u0105 narracj\u0105, ale g\u0142\u00f3wnym fundamentem powojennego porz\u0105dku europejskiego, ustanowionym w Akcie Ko\u0144cowym z Helsinek, strukturach OBWE i dziesi\u0119cioleciach dyplomacji.<\/p>\n<p>Wed\u0142ug Sachsa Niemcy musz\u0105 stawi\u0107 czo\u0142a tej odpowiedzialno\u015bci z historyczn\u0105 uczciwo\u015bci\u0105 - wym\u00f3g, kt\u00f3rego jego zdaniem nie spe\u0142nia obecny j\u0119zyk polityczny.<\/p>\n<h3>Interesy bezpiecze\u0144stwa Rosji ignorowane od 1990 r.<\/h3>\n<p>G\u0142\u00f3wnym argumentem listu jest teza, \u017ce kluczowe rosyjskie obawy o bezpiecze\u0144stwo by\u0142y systematycznie ignorowane, relatywizowane lub naruszane od zako\u0144czenia zimnej wojny - cz\u0119sto przy aktywnym zaanga\u017cowaniu lub milcz\u0105cej akceptacji Niemiec. Historia ta nie powinna by\u0107 ignorowana ani relatywizowana, je\u015bli chcemy zako\u0144czy\u0107 wojn\u0119 w Ukrainie lub unikn\u0105\u0107 trwa\u0142ego stanu konfrontacji w Europie. Sachs podkre\u015bla, \u017ce trwa\u0142y pok\u00f3j jest mo\u017cliwy tylko wtedy, gdy rzeczywiste przyczyny konfliktu zostan\u0105 nazwane i zrozumiane.<\/p>\n<p>Sachs szczeg\u00f3\u0142owo wspomina faz\u0119 zjednoczenia Niemiec. W tym kontek\u015bcie sowieckiemu, a p\u00f3\u017aniej rosyjskiemu przyw\u00f3dztwu wielokrotnie udzielano jasnych zapewnie\u0144, \u017ce nie dojdzie do ekspansji NATO na wsch\u00f3d. Zapewnienia te nie by\u0142y przypadkowymi uwagami, ale cz\u0119\u015bci\u0105 ram politycznych, kt\u00f3re w pierwszej kolejno\u015bci umo\u017cliwi\u0142y zatwierdzenie zjednoczenia Niemiec w ramach NATO. Niemcy odnios\u0142y znaczne korzy\u015bci z tych zapewnie\u0144.<\/p>\n<p>Sachs opisuje ich p\u00f3\u017aniejsz\u0105 relatywizacj\u0119 lub zaprzeczanie jako rewizjonizm historyczny i naruszenie zaufania politycznego.<\/p>\n<h3>Interwencje NATO i transformacja porz\u0105dku bezpiecze\u0144stwa<\/h3>\n<p>List odnosi si\u0119 do nalot\u00f3w NATO na Serbi\u0119 w 1999 roku, w kt\u00f3rych uczestniczy\u0142y Niemcy. Interwencja ta zosta\u0142a przeprowadzona bez mandatu Rady Bezpiecze\u0144stwa ONZ i stanowi\u0142a fundamentalne naruszenie poprzedniego porz\u0105dku bezpiecze\u0144stwa.<\/p>\n<p>Dla Rosji by\u0142 to wyra\u017any sygna\u0142, \u017ce NATO jest gotowe do u\u017cycia si\u0142y wojskowej poza terytorium sojuszu - niezale\u017cnie od rosyjskiego sprzeciwu. To trwale nadszarpn\u0119\u0142o strategiczne zaufanie.<\/p>\n<p>Sachs skrytykowa\u0142 r\u00f3wnie\u017c jednostronne wycofanie si\u0119 USA z traktatu ABM w 2002 r., b\u0119d\u0105cego g\u0142\u00f3wnym filarem strategicznej stabilno\u015bci. Niemcy raczej nie skrytykowa\u0142y tego kroku. Rozmieszczenie system\u00f3w obrony przeciwrakietowej w pobli\u017cu rosyjskiej granicy by\u0142o nieuchronnie postrzegane jako destabilizuj\u0105ce z rosyjskiej perspektywy. Odrzucenie tych obaw o bezpiecze\u0144stwo jako irracjonalnych lub paranoicznych by\u0142o polityczn\u0105 propagand\u0105 i nie mia\u0142o nic wsp\u00f3lnego z odpowiedzialn\u0105 dyplomacj\u0105.<\/p>\n<p>Uznanie niepodleg\u0142o\u015bci Kosowa przez Niemcy w 2008 r. ustanowi\u0142o kolejny precedens, kt\u00f3ry podwa\u017cy\u0142 zasad\u0119 integralno\u015bci terytorialnej. Ostrze\u017cenia o d\u0142ugoterminowych konsekwencjach zosta\u0142y zignorowane. R\u00f3wnie\u017c w tym przypadku rosyjskie zastrze\u017cenia nie zosta\u0142y powa\u017cnie przeanalizowane, ale moralnie delegitymizowane - z konsekwencjami dla stabilno\u015bci porz\u0105dku europejskiego.<\/p>\n<hr \/>\n<h3>Aktualne badanie dotycz\u0105ce zaufania do polityki<\/h3>\n<div class='bootstrap-yop yop-poll-mc'>\n\t\t\t\t\t\t\t<div class=\"basic-yop-poll-container\" style=\"background-color:#ffffff; border:0px; border-style:solid; border-color:#000000; border-radius:5px; padding:0px 5px;\" data-id=\"1\" data-temp=\"basic-pretty\" data-skin=\"square\" data-cscheme=\"blue\" data-cap=\"0\" data-access=\"guest\" data-tid=\"\" data-uid=\"a7ed4626074e3e1ea0414a5e0109f9ce\" data-pid=\"2940\" data-resdet=\"votes-number,percentages\" data-show-results-to=\"guest\" data-show-results-moment=\"after-vote\" data-show-results-only=\"false\" data-show-message=\"true\" data-show-results-as=\"bar\" data-sort-results-by=\"as-defined\" data-sort-results-rule=\"asc\"data-is-ended=\"0\" data-percentages-decimals=\"2\" data-gdpr=\"no\" data-gdpr-sol=\"consent\" data-css=\"\" data-counter=\"0\" data-load-with=\"1\" data-notification-section=\"top\"><div class=\"row\"><div class=\"col-md-12\"><div class=\"basic-inner\"><div class=\"basic-message hide\" style=\"border-left: 10px solid #008000; padding: 0px 10px;\" data-error=\"#ff0000\" data-success=\"#008000\"><p class=\"basic-message-text\" style=\"color:#000000; font-size:14px; font-weight:normal;\"><\/p><\/div><div class=\"basic-overlay hide\"><div class=\"basic-vote-options\"><\/div><div class=\"basic-preloader\"><div class=\"basic-windows8\"><div class=\"basic-wBall basic-wBall_1\"><div class=\"basic-wInnerBall\"><\/div><\/div><div class=\"basic-wBall basic-wBall_2\"><div class=\"basic-wInnerBall\"><\/div><\/div><div class=\"basic-wBall basic-wBall_3\"><div class=\"basic-wInnerBall\"><\/div><\/div><div class=\"basic-wBall basic-wBall_4\"><div class=\"basic-wInnerBall\"><\/div><\/div><div class=\"basic-wBall basic-wBall_5\"><div class=\"basic-wInnerBall\"><\/div><\/div><\/div><\/div><\/div><form class=\"basic-form\" action=\"\"><input type=\"hidden\" name=\"_token\" value=\"08a892bd45\" autocomplete=\"off\"><div class=\"basic-elements\"><div class=\"basic-element basic-question basic-question-text-vertical\" data-id=\"1\" data-uid=\"f7ead5c8276ff76423aecffb778bec68\" data-type=\"question\" data-question-type=\"text\" data-required=\"yes\" data-allow-multiple=\"no\" data-min=\"1\" data-max=\"1\" data-display=\"vertical\" data-colnum=\"\" data-display-others=\"no\" data-others-color=\"\" data-others=\"\" data-others-max-chars=\"0\"><div class=\"basic-question-title\"><h5 style=\"color:#000000; font-size:16px; font-weight:normal; text-align:left;\">Jak du\u017cym zaufaniem darzysz polityk\u0119 i media w Niemczech?<\/h5><\/div><ul class=\"basic-answers\"><li class=\"basic-answer\" style=\"padding:0px 0px;\" data-id=\"1\" data-type=\"text\" data-vn=\"10\" data-color=\"#000000\" data-make-link=\"no\" data-link=\"\"><div class=\"basic-answer-content basic-text-vertical\"><label for=\"answer[1]\" class=\"basic-answer-label\"><input type=\"radio\" id=\"answer[1]\" name=\"answer[1]\" value=\"1\"><span class=\"basic-text\" style=\"color: #000000; font-size: 14px; font-weight: normal;\">Bardzo wysoki - w pe\u0142ni ufam oficjalnym organom<\/span><\/label><\/div><\/li><li class=\"basic-answer\" style=\"padding:0px 0px;\" data-id=\"2\" data-type=\"text\" data-vn=\"24\" data-color=\"#000000\" data-make-link=\"no\" data-link=\"\"><div class=\"basic-answer-content basic-text-vertical\"><label for=\"answer[2]\" class=\"basic-answer-label\"><input type=\"radio\" id=\"answer[2]\" name=\"answer[1]\" value=\"2\"><span class=\"basic-text\" style=\"color: #000000; font-size: 14px; font-weight: normal;\">\u015aredni - jestem ostro\u017cny, ale nie podejrzliwy.<\/span><\/label><\/div><\/li><li class=\"basic-answer\" style=\"padding:0px 0px;\" data-id=\"3\" data-type=\"text\" data-vn=\"54\" data-color=\"#000000\" data-make-link=\"no\" data-link=\"\"><div class=\"basic-answer-content basic-text-vertical\"><label for=\"answer[3]\" class=\"basic-answer-label\"><input type=\"radio\" id=\"answer[3]\" name=\"answer[1]\" value=\"3\"><span class=\"basic-text\" style=\"color: #000000; font-size: 14px; font-weight: normal;\">Niski - sam sprawdzam wiele rzeczy<\/span><\/label><\/div><\/li><li class=\"basic-answer\" style=\"padding:0px 0px;\" data-id=\"4\" data-type=\"text\" data-vn=\"252\" data-color=\"#000000\" data-make-link=\"no\" data-link=\"\"><div class=\"basic-answer-content basic-text-vertical\"><label for=\"answer[4]\" class=\"basic-answer-label\"><input type=\"radio\" id=\"answer[4]\" name=\"answer[1]\" value=\"4\"><span class=\"basic-text\" style=\"color: #000000; font-size: 14px; font-weight: normal;\">Prawie nie istnieje - uwa\u017cam, \u017ce wiele jest zawoalowanych lub zainscenizowanych.<\/span><\/label><\/div><\/li><\/ul><\/div><div class=\"clearfix\"><\/div><\/div><div class=\"basic-vote\"><a href=\"#\" class=\"button basic-vote-button\" role=\"button\" style=\"background:#027bb8; border:0px; border-style: solid; border-color:#1636f0; border-radius:5px; padding:10px 10px; color:#ffffff; font-size:14px; font-weight:normal;\">G\u0142osowanie<\/a><\/div><input type=\"hidden\" name=\"trp-form-language\" value=\"pl\"\/><\/form><\/div><\/div><\/div><\/div>\n\t\t\t\t\t\t<\/div>\n<hr \/>\n<h3>Perspektywy przyst\u0105pienia Ukrainy i Gruzji do NATO<\/h3>\n<p>Sachs jest szczeg\u00f3lnie krytyczny wobec nacisku na perspektyw\u0119 cz\u0142onkostwa Ukrainy i Gruzji w NATO, sformu\u0142owan\u0105 w Bukareszcie w 2008 roku. Polityka ta przekroczy\u0142a jasno zdefiniowane czerwone linie.<\/p>\n<p>Je\u015bli g\u0142\u00f3wne mocarstwo jasno i konsekwentnie artyku\u0142uje kluczowe interesy bezpiecze\u0144stwa przez dziesi\u0119ciolecia, to celowe ignorowanie ich nie jest dyplomacj\u0105, ale strategi\u0105 eskalacji z przewidywalnymi konsekwencjami.<\/p>\n<h3>Rola Niemiec w Ukrainie od 2014 r.<\/h3>\n<p>Sachs po\u015bwi\u0119ca osobny rozdzia\u0142 roli Niemiec od czasu przewrotu na Ukrainie w 2014 r., m\u00f3wi\u0105c, \u017ce Berlin, wraz z Pary\u017cem i Warszaw\u0105, po\u015bredniczy\u0142 w zawarciu porozumienia z 21 lutego 2014 r., kt\u00f3re mia\u0142o po\u0142o\u017cy\u0107 kres przemocy i zapewni\u0107 porz\u0105dek konstytucyjny. Porozumienie to upad\u0142o w ci\u0105gu kilku godzin, po czym nast\u0105pi\u0142a gwa\u0142towna zmiana w\u0142adzy. Niemcy natychmiast uzna\u0142y nowy re\u017cim polityczny, tym samym skutecznie porzucaj\u0105c wcze\u015bniej zagwarantowane porozumienie.<\/p>\n<p>Porozumienie mi\u0144skie II z 2015 r. mia\u0142o na celu naprawienie tego naruszenia i zako\u0144czenie wojny we wschodniej Ukrainie. Niemcy po raz kolejny wyst\u0105pi\u0142y w roli gwaranta. Jednak porozumienie nie zosta\u0142o wdro\u017cone przez lata, a jego polityczne elementy zosta\u0142y otwarcie odrzucone przez Kij\u00f3w. Niemcy to zaakceptowa\u0142y. Sachs postrzega p\u00f3\u017aniejsze publiczne przyznanie przez zachodnich polityk\u00f3w, \u017ce Mi\u0144sk zapewni\u0142 przede wszystkim czas na przygotowania wojskowe, jako powa\u017cne przyznanie si\u0119, kt\u00f3re wymaga uczciwej ponownej oceny.<\/p>\n<h3>Krytyka dostaw broni, retoryka i publiczne manipulacje<\/h3>\n<p>W tym kontek\u015bcie \u017c\u0105dania coraz wi\u0119kszej ilo\u015bci broni, ostrzejszej retoryki i demonstracyjnej determinacji wydaj\u0105 si\u0119 Sachsowi puste. Krytykuje on komunikacj\u0119 polityczn\u0105, kt\u00f3ra ignoruje najnowsz\u0105 histori\u0119 i stara si\u0119 moralnie infantylizowa\u0107 opini\u0119 publiczn\u0105.<\/p>\n<p>Spo\u0142ecze\u0144stwa europejskie s\u0105 w stanie zrozumie\u0107, \u017ce dylematy bezpiecze\u0144stwa s\u0105 realne, a decyzje wojskowe maj\u0105 swoje konsekwencje.<\/p>\n<p>Sachs wspomina niemieck\u0105 Ostpolitik jako wyraz strategicznej dojrza\u0142o\u015bci. Dialog, kontrola zbroje\u0144, integracja gospodarcza i uznanie uzasadnionych interes\u00f3w bezpiecze\u0144stwa przyczyni\u0142y si\u0119 kiedy\u015b do stabilno\u015bci Europy. Taka postawa nie by\u0142a s\u0142abo\u015bci\u0105, ale warunkiem wst\u0119pnym pokoju. Niemcy musz\u0105 powr\u00f3ci\u0107 do tej dojrza\u0142o\u015bci i nie przedstawia\u0107 ju\u017c wojny jako nieuniknionej lub moralnie koniecznej.<\/p>\n<h3>Propozycje dotycz\u0105ce nowej europejskiej architektury bezpiecze\u0144stwa<\/h3>\n<p>List formu\u0142uje konkretne propozycje:<\/p>\n<ul>\n<li>zako\u0144czenie ekspansji NATO na wsch\u00f3d, szczeg\u00f3lnie w kierunku Ukrainy i Gruzji<\/li>\n<li>Neutralno\u015b\u0107 Ukrainy z mi\u0119dzynarodowymi gwarancjami bezpiecze\u0144stwa<\/li>\n<li>Wzajemna demilitaryzacja region\u00f3w przygranicznych<\/li>\n<li>Zniesienie sankcji w ramach wynegocjowanego rozwi\u0105zania<\/li>\n<li>Odrzucenie konfiskaty rosyjskich aktyw\u00f3w pa\u0144stwowych<\/li>\n<li>Powr\u00f3t do traktat\u00f3w o kontroli zbroje\u0144, takich jak traktat INF<\/li>\n<li>Wzmocnienie OBWE jako centralnego forum bezpiecze\u0144stwa w Europie<\/li>\n<\/ul>\n<h3>Racjonalno\u015b\u0107 ekonomiczna i europejska autonomia strategiczna<\/h3>\n<p>Sachs ostrzega przed d\u0142ugoterminowymi szkodami dla europejskiej gospodarki spowodowanymi polityk\u0105 sankcji i \u015brodkami podobnymi do wyw\u0142aszczenia. Zgodny z prawem handel i wsp\u00f3\u0142praca gospodarcza nie s\u0105 moraln\u0105 pora\u017ck\u0105, ale wyrazem realizmu. Strategiczna autonomia oznacza kszta\u0142towanie europejskiego porz\u0105dku bezpiecze\u0144stwa we w\u0142asnym interesie, a nie sta\u0142e podporz\u0105dkowanie ekspansywnej logice NATO.<\/p>\n<h3>Apel ko\u0144cowy: Uczciwo\u015b\u0107 warunkiem pokoju<\/h3>\n<p>Na zako\u0144czenie Sachs zaapelowa\u0142 do kanclerz federalnej o uczciwe spojrzenie na histori\u0119. Bez uczciwo\u015bci nie mo\u017ce by\u0107 zaufania, bez zaufania nie mo\u017ce by\u0107 bezpiecze\u0144stwa, a bez dyplomacji Europie grozi powt\u00f3rzenie katastrof z przesz\u0142o\u015bci. Historia oceni, co Niemcy pami\u0119taj\u0105, a o czym zapominaj\u0105. Tym razem Niemcy powinny podj\u0105\u0107 \u015bwiadom\u0105 decyzj\u0119 na rzecz dyplomacji i pokoju.<\/p>\n<div class=\"lyte-wrapper\" style=\"width:640px;max-width:100%;margin:5px;\"><div class=\"lyMe\" id=\"WYL_VxI7m9rmFto\"><div id=\"lyte_VxI7m9rmFto\" data-src=\"https:\/\/www.markus-schall.de\/wp-content\/plugins\/wp-youtube-lyte\/lyteCache.php?origThumbUrl=%2F%2Fi.ytimg.com%2Fvi%2FVxI7m9rmFto%2Fhqdefault.jpg\" class=\"pL\"><div class=\"tC\"><div class=\"tT\"><\/div><\/div><div class=\"play\"><\/div><div class=\"ctrl\"><div class=\"Lctrl\"><\/div><div class=\"Rctrl\"><\/div><\/div><\/div><noscript><a href=\"https:\/\/youtu.be\/VxI7m9rmFto\" rel=\"nofollow noopener\" target=\"_blank\"><img loading=\"lazy\" decoding=\"async\" src=\"https:\/\/www.markus-schall.de\/wp-content\/plugins\/wp-youtube-lyte\/lyteCache.php?origThumbUrl=https%3A%2F%2Fi.ytimg.com%2Fvi%2FVxI7m9rmFto%2F0.jpg\" alt=\"Miniatura wideo YouTube\" width=\"640\" height=\"340\" \/><br \/>Obejrzyj ten film na YouTube<\/a><\/noscript><\/div><\/div><div class=\"lL\" style=\"max-width:100%;width:640px;margin:5px;\"><\/div><br \/>\nGeopolityka pokoju - profesor Jeffrey Sachs w Parlamencie Europejskim | <a href=\"https:\/\/www.youtube.com\/@MartinSonneborn\" target=\"_blank\" rel=\"noopener\">Martin Sonneborn<\/a><\/p>\n<h3>Zmiany w polityce bezpiecze\u0144stwa w Niemczech<\/h3>\n<p>R\u00f3wnolegle do debat na temat mi\u0119dzynarodowej polityki bezpiecze\u0144stwa, do kt\u00f3rych Jeffrey Sachs odnosi si\u0119 w swoim li\u015bcie otwartym, w ostatnich latach w Niemczech r\u00f3wnie\u017c zasz\u0142y znacz\u0105ce zmiany. Po raz pierwszy od dziesi\u0119cioleci tzw. <a href=\"https:\/\/www.markus-schall.de\/pl\/2025\/10\/co-oznacza-spadek-napiecia-w-niemczech-i-jakie-konkretne-konsekwencje-moze-miec\/\"><strong>Spadek napi\u0119cia<\/strong><\/a> termin z Ustawy Zasadniczej, kt\u00f3ry na d\u0142ugi czas niemal ca\u0142kowicie znikn\u0105\u0142 z codziennego \u017cycia politycznego. Wi\u0105\u017ce si\u0119 on z kwestiami bezpiecze\u0144stwa wewn\u0119trznego i zewn\u0119trznego, rol\u0105 Bundeswehry i odporno\u015bci\u0105 struktur pa\u0144stwowych w przypadku kryzysu. W tym kontek\u015bcie coraz cz\u0119\u015bciej kwestionowano r\u00f3wnie\u017c zawieszenie obowi\u0105zkowej s\u0142u\u017cby wojskowej.<\/p>\n<p>R\u00f3\u017cne podmioty polityczne opracowa\u0142y modele ponownego wprowadzenia, cz\u0119\u015bciowego lub rozszerzonego obowi\u0105zku. <a href=\"https:\/\/www.markus-schall.de\/pl\/2025\/09\/sprzeciw-sumienia-wobec-sluzby-wojskowej-co-robic-w-naglych-wypadkach\/\"><strong>Obowi\u0105zkowa s\u0142u\u017cba wojskowa<\/strong><\/a> Debata nad przysz\u0142o\u015bci\u0105 gotowo\u015bci wojskowej zosta\u0142a zainicjowana, cz\u0119\u015bciowo otwarcie, cz\u0119\u015bciowo stopniowo, poprzez dostosowania prawne i przygotowania organizacyjne. Debaty te oznaczaj\u0105 g\u0142\u0119bok\u0105 zmian\u0119 mentaln\u0105: odej\u015bcie od trwaj\u0105cego od dziesi\u0119cioleci za\u0142o\u017cenia o trwa\u0142ym porz\u0105dku pokojowym i przej\u015bcie do polityki, kt\u00f3ra ponownie uznaje gotowo\u015b\u0107 wojskow\u0105 za norm\u0119. To w\u0142a\u015bnie w tym miejscu wewn\u0119trzny rozw\u00f3j polityczny Niemiec przecina si\u0119 z fundamentaln\u0105 krytyk\u0105 Sachsa: kiedy kwestie bezpiecze\u0144stwa s\u0105 ujmowane przede wszystkim w kategoriach militarnych, horyzont polityczny ulega zaw\u0119\u017ceniu. Do\u015bwiadczenia historyczne, alternatywy dyplomatyczne i koszty spo\u0142eczne schodz\u0105 na dalszy plan - z daleko id\u0105cymi konsekwencjami dla demokracji, gospodarki i stabilno\u015bci spo\u0142ecznej.<\/p>\n<hr \/>\n<h3>Aktualne badanie dotycz\u0105ce mo\u017cliwego przypadku napi\u0119cia<\/h3>\n<div class='bootstrap-yop yop-poll-mc'>\n\t\t\t\t\t\t\t<div class=\"basic-yop-poll-container\" style=\"background-color:#ffffff; border:0px; border-style:solid; border-color:#000000; border-radius:5px; padding:0px 5px;\" data-id=\"6\" data-temp=\"basic-pretty\" data-skin=\"square\" data-cscheme=\"blue\" data-cap=\"0\" data-access=\"guest\" data-tid=\"\" data-uid=\"61ce383767db36a05df8eba37f7bced9\" data-pid=\"2940\" data-resdet=\"votes-number,percentages\" data-show-results-to=\"guest\" data-show-results-moment=\"after-vote\" data-show-results-only=\"false\" data-show-message=\"true\" data-show-results-as=\"bar\" data-sort-results-by=\"as-defined\" data-sort-results-rule=\"asc\"data-is-ended=\"0\" data-percentages-decimals=\"2\" data-gdpr=\"no\" data-gdpr-sol=\"consent\" data-css=\".basic-yop-poll-container[data-uid] .basic-vote {\t\t\t\t\t\t\t\t\ttext-align: center;\t\t\t\t\t\t\t\t}\" data-counter=\"0\" data-load-with=\"1\" data-notification-section=\"top\"><div class=\"row\"><div class=\"col-md-12\"><div class=\"basic-inner\"><div class=\"basic-message hide\" style=\"border-left: 10px solid #008000; padding: 0px 10px;\" data-error=\"#ff0000\" data-success=\"#008000\"><p class=\"basic-message-text\" style=\"color:#000000; font-size:14px; font-weight:normal;\"><\/p><\/div><div class=\"basic-overlay hide\"><div class=\"basic-vote-options\"><\/div><div class=\"basic-preloader\"><div class=\"basic-windows8\"><div class=\"basic-wBall basic-wBall_1\"><div class=\"basic-wInnerBall\"><\/div><\/div><div class=\"basic-wBall basic-wBall_2\"><div class=\"basic-wInnerBall\"><\/div><\/div><div class=\"basic-wBall basic-wBall_3\"><div class=\"basic-wInnerBall\"><\/div><\/div><div class=\"basic-wBall basic-wBall_4\"><div class=\"basic-wInnerBall\"><\/div><\/div><div class=\"basic-wBall basic-wBall_5\"><div class=\"basic-wInnerBall\"><\/div><\/div><\/div><\/div><\/div><form class=\"basic-form\" action=\"\"><input type=\"hidden\" name=\"_token\" value=\"fc300e5d8f\" autocomplete=\"off\"><div class=\"basic-elements\"><div class=\"basic-element basic-question basic-question-text-vertical\" data-id=\"6\" data-uid=\"e7fa60faee664f2c70787d0b28570a53\" data-type=\"question\" data-question-type=\"text\" data-required=\"yes\" data-allow-multiple=\"no\" data-min=\"1\" data-max=\"7\" data-display=\"vertical\" data-colnum=\"\" data-display-others=\"no\" data-others-color=\"\" data-others=\"\" data-others-max-chars=\"0\"><div class=\"basic-question-title\"><h5 style=\"color:#000000; font-size:16px; font-weight:normal; text-align:left;\">Jak dobrze osobi\u015bcie czujesz si\u0119 przygotowany na ewentualny przypadek napi\u0119cia (np. kryzys lub wojn\u0119)?<\/h5><\/div><ul class=\"basic-answers\"><li class=\"basic-answer\" style=\"padding:0px 0px;\" data-id=\"24\" data-type=\"text\" data-vn=\"19\" data-color=\"#000000\" data-make-link=\"no\" data-link=\"\"><div class=\"basic-answer-content basic-text-vertical\"><label for=\"answer[24]\" class=\"basic-answer-label\"><input type=\"radio\" id=\"answer[24]\" name=\"answer[6]\" value=\"24\"><span class=\"basic-text\" style=\"color: #000000; font-size: 14px; font-weight: normal;\">Bardzo dobrze - mam zapasy, wiedz\u0119 i plan<\/span><\/label><\/div><\/li><li class=\"basic-answer\" style=\"padding:0px 0px;\" data-id=\"25\" data-type=\"text\" data-vn=\"36\" data-color=\"#000000\" data-make-link=\"no\" data-link=\"\"><div class=\"basic-answer-content basic-text-vertical\"><label for=\"answer[25]\" class=\"basic-answer-label\"><input type=\"radio\" id=\"answer[25]\" name=\"answer[6]\" value=\"25\"><span class=\"basic-text\" style=\"color: #000000; font-size: 14px; font-weight: normal;\">Raczej dobre - przemy\u015bla\u0142em to troch\u0119<\/span><\/label><\/div><\/li><li class=\"basic-answer\" style=\"padding:0px 0px;\" data-id=\"26\" data-type=\"text\" data-vn=\"60\" data-color=\"#000000\" data-make-link=\"no\" data-link=\"\"><div class=\"basic-answer-content basic-text-vertical\"><label for=\"answer[26]\" class=\"basic-answer-label\"><input type=\"radio\" id=\"answer[26]\" name=\"answer[6]\" value=\"26\"><span class=\"basic-text\" style=\"color: #000000; font-size: 14px; font-weight: normal;\">Raczej nie - mam tylko nadziej\u0119, \u017ce nic si\u0119 nie stanie<\/span><\/label><\/div><\/li><li class=\"basic-answer\" style=\"padding:0px 0px;\" data-id=\"27\" data-type=\"text\" data-vn=\"13\" data-color=\"#000000\" data-make-link=\"no\" data-link=\"\"><div class=\"basic-answer-content basic-text-vertical\"><label for=\"answer[27]\" class=\"basic-answer-label\"><input type=\"radio\" id=\"answer[27]\" name=\"answer[6]\" value=\"27\"><span class=\"basic-text\" style=\"color: #000000; font-size: 14px; font-weight: normal;\">Wcale nie - celowo nie poruszam tego tematu<\/span><\/label><\/div><\/li><li class=\"basic-answer\" style=\"padding:0px 0px;\" data-id=\"28\" data-type=\"text\" data-vn=\"17\" data-color=\"#000000\" data-make-link=\"no\" data-link=\"\"><div class=\"basic-answer-content basic-text-vertical\"><label for=\"answer[28]\" class=\"basic-answer-label\"><input type=\"radio\" id=\"answer[28]\" name=\"answer[6]\" value=\"28\"><span class=\"basic-text\" style=\"color: #000000; font-size: 14px; font-weight: normal;\">Czym w og\u00f3le jest \u201espadek napi\u0119cia\u201c?<\/span><\/label><\/div><\/li><\/ul><\/div><div class=\"clearfix\"><\/div><\/div><div class=\"basic-vote\"><a href=\"#\" class=\"button basic-vote-button\" role=\"button\" style=\"background:#027bb8; border:0px; border-style: solid; border-color:#000000; border-radius:5px; padding:10px 10px; color:#ffffff; font-size:14px; font-weight:normal;\">G\u0142osowanie<\/a><\/div><input type=\"hidden\" name=\"trp-form-language\" value=\"pl\"\/><\/form><\/div><\/div><\/div><\/div>\n\t\t\t\t\t\t<\/div>\n<hr \/>\n<h2>Kr\u00f3tki profil: Kim jest profesor Jeffrey D. Sachs?<\/h2>\n<p>Jeffrey D. Sachs jest ameryka\u0144skim ekonomist\u0105 i jednym z najbardziej znanych intelektualist\u00f3w publicznych w dziedzinie ekonomii rozwoju i doradztwa w zakresie polityki mi\u0119dzynarodowej. Obecnie jest <a href=\"https:\/\/csd.columbia.edu\/sachs\" target=\"_blank\" rel=\"noopener\"><strong>Profesor uniwersytecki<\/strong><\/a> (najwy\u017csza ranga akademicka na Uniwersytecie Columbia) i dyrektor Centrum Zr\u00f3wnowa\u017conego Rozwoju na Uniwersytecie Columbia w Nowym Jorku.<\/p>\n<p>Jest tak\u017ce prezesem Sieci Rozwi\u0105za\u0144 na rzecz Zr\u00f3wnowa\u017conego Rozwoju ONZ (SDSN) i zasiada w komitetach zwi\u0105zanych z ONZ, w tym jako rzecznik SDG przy Sekretarzu Generalnym ONZ Ant\u00f3nio Guterresie. W latach 2002-2016 kierowa\u0142 r\u00f3wnie\u017c Instytutem Ziemi na Uniwersytecie Columbia.<\/p>\n<h3>Pochodzenie i wczesne formowanie<\/h3>\n<p>Sachs urodzi\u0142 si\u0119 w Detroit (Michigan) w 1954 roku i dorasta\u0142 na przedmie\u015bciach Oak Park. W <a href=\"https:\/\/en.wikipedia.org\/wiki\/Jeffrey_Sachs\" target=\"_blank\" rel=\"noopener\"><strong>Biografie<\/strong><\/a> Cz\u0119sto podkre\u015bla si\u0119, \u017ce napi\u0119cia spo\u0142eczne i nier\u00f3wno\u015bci w regionie (w tym zamieszki w Detroit) u\u015bwiadomi\u0142y mu przepa\u015b\u0107 mi\u0119dzy ub\u00f3stwem a dobrobytem na wczesnym etapie.<\/p>\n<p>Jest synem Joan (z domu Abrams) i Theodore'a Sachsa, kt\u00f3ry jest opisywany jako prawnik pracy; Sachs jest r\u00f3wnie\u017c cz\u0119sto przedstawiany jako dorastaj\u0105cy w \u017cydowskiej rodzinie.<\/p>\n<h3>Edukacja: Harvard, i to w rekordowym tempie<\/h3>\n<p>Jego kariera akademicka jest niezwykle prosta: Sachs studiowa\u0142 na Uniwersytecie Harvarda, uzyskuj\u0105c tytu\u0142 licencjata (1976, summa cum laude), magistra (1978) i doktora (1980) - wszystkie w dziedzinie ekonomii.<\/p>\n<p>Zosta\u0142 przyj\u0119ty do Harvard Society of Fellows, gdy by\u0142 jeszcze studentem, co by\u0142o wczesn\u0105 oznak\u0105 jego reputacji jako wyj\u0105tkowego talentu.<\/p>\n<h3>Lata na Harvardzie: awans do statusu \u201eekonomisty-gwiazdy\u201c<\/h3>\n<p>Sachs przyby\u0142 na Harvard jako wyk\u0142adowca w 1980 roku, bardzo szybko awansowa\u0142 i w m\u0142odym wieku otrzyma\u0142 tytu\u0142 profesora. P\u00f3\u017aniej zosta\u0142 profesorem handlu mi\u0119dzynarodowego Galen L. Stone i kierowa\u0142 programami i instytutami \u015bci\u015ble zwi\u0105zanymi z mi\u0119dzynarodowym doradztwem politycznym.<\/p>\n<p>W tej fazie jego reputacja wzros\u0142a jako ekonomisty, kt\u00f3ry nie tylko pracuje teoretycznie, ale tak\u017ce doradza rz\u0105dom bezpo\u015brednio w sytuacjach kryzysowych - z jasnymi, cz\u0119sto bezkompromisowymi propozycjami reform.<\/p>\n<h3>Lata 1980\/1990: \u201eTerapia szokowa\u201c i zwi\u0105zane z ni\u0105 debaty<\/h3>\n<p>Sachs zyska\u0142 mi\u0119dzynarodow\u0105 s\u0142aw\u0119 jako doradca podczas wstrz\u0105s\u00f3w gospodarczych - na przyk\u0142ad w krajach z hiperinflacj\u0105 lub podczas przej\u015bcia z gospodarki planowej do rynkowej. W wielu relacjach opisywany jest jako jeden z wybitnych przedstawicieli polityki szybkiej stabilizacji, kt\u00f3r\u0105 cz\u0119sto podsumowuje si\u0119 terminem \u201eterapia szokowa\u201c (szybkie reformy cenowe\/walutowe, twarda dyscyplina fiskalna, szybka zmiana systemu).<\/p>\n<p>Co wa\u017cne, etap ten do dzi\u015b budzi kontrowersje. Zwolennicy wskazuj\u0105 na sukcesy stabilizacyjne poszczeg\u00f3lnych kraj\u00f3w, podczas gdy krytycy podkre\u015blaj\u0105 trudno\u015bci spo\u0142eczne, polityczne skutki uboczne i fa\u0142szywe zach\u0119ty - szczeg\u00f3lnie we wczesnych latach transformacji w by\u0142ym Zwi\u0105zku Radzieckim. Nazwisko Sachsa regularnie pojawia si\u0119 jako symboliczna posta\u0107 w tej debacie, zar\u00f3wno w dyskusjach akademickich, jak i politycznych.<\/p>\n<h3>Przeprowadzka do Kolumbii: Zr\u00f3wnowa\u017cony rozw\u00f3j jako praca na ca\u0142e \u017cycie<\/h3>\n<p>W 2002 roku Sachs przeni\u00f3s\u0142 si\u0119 na Uniwersytet Columbia. Tam kierowa\u0142 Instytutem Ziemi (2002-2016), a obecnie kieruje Centrum Zr\u00f3wnowa\u017conego Rozwoju.<\/p>\n<p>Od tego czasu skupia si\u0119 mniej na \u201eczystej makroekonomii\u201c, a bardziej na zr\u00f3wnowa\u017conym rozwoju, ograniczaniu ub\u00f3stwa, zdrowiu, klimacie, infrastrukturze i wsp\u00f3\u0142pracy mi\u0119dzynarodowej. Pasuje to do jego roli jako autora i organizatora du\u017cych program\u00f3w, w kt\u00f3rych badania, doradztwo polityczne i komunikacja publiczna s\u0105 ze sob\u0105 powi\u0105zane.<\/p>\n<h3>Rola w Organizacji Narod\u00f3w Zjednoczonych: MCR, SDG i wp\u0142yw polityczny<\/h3>\n<p>Sachs by\u0142 aktywny w kontek\u015bcie ONZ przez wiele lat: mi\u0119dzy innymi zosta\u0142 opisany jako doradca kilku sekretarzy generalnych ONZ i by\u0142 g\u0142osem formacyjnym w kontek\u015bcie Milenijnych Cel\u00f3w Rozwoju (MDG), a p\u00f3\u017aniej Cel\u00f3w Zr\u00f3wnowa\u017conego Rozwoju (SDG).<\/p>\n<p>Sie\u0107 SDSN (UN Sustainable Development Solutions Network), kt\u00f3rej jest przewodnicz\u0105cym, jest swego rodzaju pomostem: Celem jest wsp\u00f3\u0142praca nauki, spo\u0142ecze\u0144stwa obywatelskiego, biznesu i polityki w celu promowania praktycznych rozwi\u0105za\u0144 dla cel\u00f3w SDG.<\/p>\n<h3>Dzisiejszy wp\u0142yw publiczny: autor, komentator, polaryzacja<\/h3>\n<p>W ostatnich latach Sachs zyska\u0142 s\u0142aw\u0119 nie tylko jako ekonomista ds. rozwoju, ale tak\u017ce jako komentator polityczny na temat geopolityki, wojny i porz\u0105dku mi\u0119dzynarodowego. W zale\u017cno\u015bci od publiczno\u015bci spotyka si\u0119 to z aprobat\u0105 lub ostr\u0105 krytyk\u0105 - w\u0142a\u015bnie dlatego, \u017ce cz\u0119sto podkre\u015bla, \u017ce konflikty mi\u0119dzynarodowe mo\u017cna rozwi\u0105za\u0107 jedynie poprzez architektur\u0119 bezpiecze\u0144stwa, dyplomacj\u0119 i r\u00f3wnowa\u017cenie interes\u00f3w. Nie jest zaskoczeniem, \u017ce wywo\u0142uje tym obraz\u0119: Sachs rzadko argumentuje w trybie nag\u0142\u00f3wkowym, ale raczej o d\u0142ugich liniach, logice w\u0142adzy i historycznych zale\u017cno\u015bciach.<\/p>\n<p>Je\u015bli podsumowa\u0107 \u015bcie\u017ck\u0119 Sachsa, wy\u0142ania si\u0119 wyra\u017any wz\u00f3r:<\/p>\n<p>Nie jest \u201eczystym ekonomist\u0105 uniwersyteckim\u201c, ale ekonomist\u0105 w maszynowni historii - najpierw w kryzysach monetarnych i systemowych, p\u00f3\u017aniej w globalnym ub\u00f3stwie i programach rozwojowych, a dzi\u015b coraz cz\u0119\u015bciej w fundamentalnych kwestiach porz\u0105dku bezpiecze\u0144stwa i dyplomacji. Jego mocn\u0105 stron\u0105 jest szeroka perspektywa; jego ryzyko polega na tym, \u017ce w gor\u0105cych debatach kwestie dotycz\u0105ce szerszej perspektywy s\u0105 szybko b\u0142\u0119dnie rozumiane jako \u201epartyjniactwo\u201c.<\/p>\n<hr \/>\n\n\t\t\t<div class=\"display-post-types\">\n\n\t\t\t\t\t\t\t<style type=\"text\/css\">\n\t\t\t#dpt-wrapper-734 { --dpt-text-align: left;--dpt-image-crop: center;--dpt-border-radius: 5px;--dpt-h-gutter: 10px;--dpt-v-gutter: 10px; }\t\t\t<\/style>\n\t\t\t<style type=\"text\/css\">#dpt-wrapper-734 { --dpt-title-font-style:normal;--dpt-title-font-weight:600;--dpt-title-line-height:1.5;--dpt-title-text-decoration:none;--dpt-title-text-transform:none;--dpt-excerpt-font-style:normal;--dpt-excerpt-font-weight:400;--dpt-excerpt-line-height:1.5;--dpt-excerpt-text-decoration:none;--dpt-excerpt-text-transform:none;--dpt-meta1-font-style:normal;--dpt-meta1-font-weight:400;--dpt-meta1-line-height:1.9;--dpt-meta1-text-decoration:none;--dpt-meta1-text-transform:none;--dpt-meta2-font-style:normal;--dpt-meta2-font-weight:400;--dpt-meta2-line-height:1.9;--dpt-meta2-text-decoration:none;--dpt-meta2-text-transform:none; }<\/style><div class=\"dpt-main-header\">\n\t\t\t\t\t\t<div class=\"dpt-main-title\">\n\t\t\t\t\t\t\t<span class=\"dpt-main-title-text\">Portrety ludzi z nastawieniem<\/span>\n\t\t\t\t\t\t<\/div>\n\t\t\t\t\t\t\n\t\t\t\t\t\t\n\t\t\t\t\t\t\n\t\t\t\t\t\t<\/div>\t\t\t\n\t\t\t\t<div id=\"dpt-wrapper-734\" class=\"dpt-wrapper dpt-mag1 land1 dpt-cropped dpt-flex-wrap\" >\n\n\t\t\t\t\t\t\t\t\t\t\t<div class=\"dpt-entry has-thumbnail\" data-title=\"wer ist eigentlich j. d. vance? ein portrait zu herkunft, karriere, widerspr\u00fcchen und zukunft\" data-id=\"5395\"  data-category=\"allgemein gesellschaft\" data-post_tag=\"energiepolitik erfahrungen europa geopolitik krisen meinungsfreiheit portrait sicherheitspolitik\">\n\t\t\t\t\t\t\t<div class=\"dpt-entry-wrapper\"><div class=\"dpt-featured-content\"><div class=\"dpt-permalink\"><a href=\"https:\/\/www.markus-schall.de\/pl\/2026\/03\/kim-jest-j-d-vance-portret-jego-poczatkow-kariery-sprzecznosci-i-przyszlosci\/\" class=\"dpt-permalink\"><span class=\"screen-reader-text\">Kim w\u0142a\u015bciwie jest J. D. Vance? Portret jego pochodzenia, kariery, sprzeczno\u015bci i przysz\u0142o\u015bci<\/span><\/a><\/div><div class=\"dpt-thumbnail\"><div class=\"dpt-thumbnail-inner\"><img width=\"1024\" height=\"683\" class=\"attachment-full size-full\" alt=\"Kim jest J. D. Vance?\" context=\"dpt\" data-dpt-src=\"https:\/\/www.markus-schall.de\/wp-content\/uploads\/JD-Vance-Portrait.jpg\" data-dpt-sizes=\"(max-width: 1024px) 100vw, 1024px\" data-dpt-srcset=\"https:\/\/www.markus-schall.de\/wp-content\/uploads\/JD-Vance-Portrait.jpg 1024w, https:\/\/www.markus-schall.de\/wp-content\/uploads\/JD-Vance-Portrait-300x200.jpg 300w, https:\/\/www.markus-schall.de\/wp-content\/uploads\/JD-Vance-Portrait-768x512.jpg 768w, https:\/\/www.markus-schall.de\/wp-content\/uploads\/JD-Vance-Portrait-18x12.jpg 18w\" \/><\/div><span class=\"dpt-thumbnail-aspect-ratio\" style=\"padding-top: 75%\"><\/span><\/div><\/div><div class=\"sub-entry\"><h3 class=\"dpt-title\"><a class=\"dpt-title-link\" href=\"https:\/\/www.markus-schall.de\/pl\/2026\/03\/kim-jest-j-d-vance-portret-jego-poczatkow-kariery-sprzecznosci-i-przyszlosci\/\" rel=\"bookmark\">Kim w\u0142a\u015bciwie jest J. D. Vance? Portret jego pochodzenia, kariery, sprzeczno\u015bci i przysz\u0142o\u015bci<\/a><\/h3><\/div><\/div>\n\t\t\t\t\t\t<\/div><!-- .dpt-entry -->\n\t\t\t\t\t\t\t\t\t\t\t\t<div class=\"dpt-entry has-thumbnail\" data-title=\"helge schneider: haltung, humor und die freiheit, sich nicht erkl\u00e4ren zu m\u00fcssen\" data-id=\"4756\"  data-category=\"allgemein gesellschaft kunst &amp; kultur\" data-post_tag=\"deutschland erfahrungen meinungsfreiheit musik portrait\">\n\t\t\t\t\t\t\t<div class=\"dpt-entry-wrapper\"><div class=\"dpt-featured-content\"><div class=\"dpt-permalink\"><a href=\"https:\/\/www.markus-schall.de\/pl\/2026\/02\/postawa-helge-schneider-humor-i-wolnosc-by-nie-musiec-sie-tlumaczyc\/\" class=\"dpt-permalink\"><span class=\"screen-reader-text\">Helge Schneider: Postawa, humor i wolno\u015b\u0107 od konieczno\u015bci t\u0142umaczenia si\u0119<\/span><\/a><\/div><div class=\"dpt-thumbnail\"><div class=\"dpt-thumbnail-inner\"><img width=\"1024\" height=\"683\" class=\"attachment-full size-full\" alt=\"Helge Schneider Portret\" context=\"dpt\" data-dpt-src=\"https:\/\/www.markus-schall.de\/wp-content\/uploads\/Helge-Schneider.jpg\" data-dpt-sizes=\"(max-width: 1024px) 100vw, 1024px\" data-dpt-srcset=\"https:\/\/www.markus-schall.de\/wp-content\/uploads\/Helge-Schneider.jpg 1024w, https:\/\/www.markus-schall.de\/wp-content\/uploads\/Helge-Schneider-300x200.jpg 300w, https:\/\/www.markus-schall.de\/wp-content\/uploads\/Helge-Schneider-768x512.jpg 768w, https:\/\/www.markus-schall.de\/wp-content\/uploads\/Helge-Schneider-18x12.jpg 18w\" \/><\/div><span class=\"dpt-thumbnail-aspect-ratio\" style=\"padding-top: 75%\"><\/span><\/div><\/div><div class=\"sub-entry\"><h3 class=\"dpt-title\"><a class=\"dpt-title-link\" href=\"https:\/\/www.markus-schall.de\/pl\/2026\/02\/postawa-helge-schneider-humor-i-wolnosc-by-nie-musiec-sie-tlumaczyc\/\" rel=\"bookmark\">Helge Schneider: Postawa, humor i wolno\u015b\u0107 od konieczno\u015bci t\u0142umaczenia si\u0119<\/a><\/h3><\/div><\/div>\n\t\t\t\t\t\t<\/div><!-- .dpt-entry -->\n\t\t\t\t\t\t\t\t\t\t\t\t<div class=\"dpt-entry has-thumbnail\" data-title=\"vicco von b\u00fclow alias loriot \u2013 ordnung, form und der leise widerstand des humors\" data-id=\"4169\"  data-category=\"allgemein gesellschaft kunst &amp; kultur stories &amp; humor\" data-post_tag=\"deutschland erfahrungen pers\u00f6nlichkeitsentwicklung portrait\">\n\t\t\t\t\t\t\t<div class=\"dpt-entry-wrapper\"><div class=\"dpt-featured-content\"><div class=\"dpt-permalink\"><a href=\"https:\/\/www.markus-schall.de\/pl\/2025\/12\/formularz-zamowienia-vicco-von-buelow-alias-loriot-i-cichy-opor-humoru\/\" class=\"dpt-permalink\"><span class=\"screen-reader-text\">Vicco von B\u00fclow alias Loriot - porz\u0105dek, forma i cichy op\u00f3r humoru<\/span><\/a><\/div><div class=\"dpt-thumbnail\"><div class=\"dpt-thumbnail-inner\"><img width=\"1024\" height=\"747\" class=\"attachment-full size-full\" alt=\"\" context=\"dpt\" data-dpt-src=\"https:\/\/www.markus-schall.de\/wp-content\/uploads\/Loriot-Titel.jpg\" data-dpt-sizes=\"(max-width: 1024px) 100vw, 1024px\" data-dpt-srcset=\"https:\/\/www.markus-schall.de\/wp-content\/uploads\/Loriot-Titel.jpg 1024w, https:\/\/www.markus-schall.de\/wp-content\/uploads\/Loriot-Titel-300x219.jpg 300w, https:\/\/www.markus-schall.de\/wp-content\/uploads\/Loriot-Titel-768x560.jpg 768w, https:\/\/www.markus-schall.de\/wp-content\/uploads\/Loriot-Titel-16x12.jpg 16w\" \/><\/div><span class=\"dpt-thumbnail-aspect-ratio\" style=\"padding-top: 75%\"><\/span><\/div><\/div><div class=\"sub-entry\"><h3 class=\"dpt-title\"><a class=\"dpt-title-link\" href=\"https:\/\/www.markus-schall.de\/pl\/2025\/12\/formularz-zamowienia-vicco-von-buelow-alias-loriot-i-cichy-opor-humoru\/\" rel=\"bookmark\">Vicco von B\u00fclow alias Loriot - porz\u0105dek, forma i cichy op\u00f3r humoru<\/a><\/h3><\/div><\/div>\n\t\t\t\t\t\t<\/div><!-- .dpt-entry -->\n\t\t\t\t\t\t\t\t\t\t\t\t<div class=\"dpt-entry has-thumbnail\" data-title=\"ulrike gu\u00e9rot: eine europ\u00e4erin zwischen idee, universit\u00e4t und \u00f6ffentlichem diskurs\" data-id=\"4039\"  data-category=\"allgemein gesellschaft kunst &amp; kultur\" data-post_tag=\"denkmodelle deutschland europa geopolitik krisen meinungsfreiheit portrait sicherheitspolitik spieltheorie\">\n\t\t\t\t\t\t\t<div class=\"dpt-entry-wrapper\"><div class=\"dpt-featured-content\"><div class=\"dpt-permalink\"><a href=\"https:\/\/www.markus-schall.de\/pl\/2025\/12\/ulrike-guerot-europejka-miedzy-idea-uniwersytetu-a-dyskursem-publicznym\/\" class=\"dpt-permalink\"><span class=\"screen-reader-text\">Ulrike Gu\u00e9rot: Europejka mi\u0119dzy ide\u0105, uniwersytetem i dyskursem publicznym<\/span><\/a><\/div><div class=\"dpt-thumbnail\"><div class=\"dpt-thumbnail-inner\"><img width=\"1024\" height=\"683\" class=\"attachment-full size-full\" alt=\"Ulrike Gu\u00e9rot i Europa\" context=\"dpt\" data-dpt-src=\"https:\/\/www.markus-schall.de\/wp-content\/uploads\/ulrike-guerot-portrait.jpg\" data-dpt-sizes=\"(max-width: 1024px) 100vw, 1024px\" data-dpt-srcset=\"https:\/\/www.markus-schall.de\/wp-content\/uploads\/ulrike-guerot-portrait.jpg 1024w, https:\/\/www.markus-schall.de\/wp-content\/uploads\/ulrike-guerot-portrait-300x200.jpg 300w, https:\/\/www.markus-schall.de\/wp-content\/uploads\/ulrike-guerot-portrait-768x512.jpg 768w, https:\/\/www.markus-schall.de\/wp-content\/uploads\/ulrike-guerot-portrait-18x12.jpg 18w\" \/><\/div><span class=\"dpt-thumbnail-aspect-ratio\" style=\"padding-top: 75%\"><\/span><\/div><\/div><div class=\"sub-entry\"><h3 class=\"dpt-title\"><a class=\"dpt-title-link\" href=\"https:\/\/www.markus-schall.de\/pl\/2025\/12\/ulrike-guerot-europejka-miedzy-idea-uniwersytetu-a-dyskursem-publicznym\/\" rel=\"bookmark\">Ulrike Gu\u00e9rot: Europejka mi\u0119dzy ide\u0105, uniwersytetem i dyskursem publicznym<\/a><\/h3><\/div><\/div>\n\t\t\t\t\t\t<\/div><!-- .dpt-entry -->\n\t\t\t\t\t\t\n\t\t\t\t<\/div>\n\t\t\t\t\t\t<\/div>\n\t\t\t\n<hr \/>\n<h2>Wszystkie punkty listu otwartego w skr\u00f3cie<\/h2>\n<div style=\"overflow: auto;\">\n<table>\n<thead>\n<tr style=\"background: #f2f2f2;\">\n<th>Czas \/ Faza<\/th>\n<th>Co krytykuje Sachs<\/th>\n<th>Czego \u017c\u0105da Sachs<\/th>\n<\/tr>\n<\/thead>\n<tbody>\n<tr>\n<td><strong>1990 (zjednoczenie \/ koniec zimnej wojny)<\/strong><\/td>\n<td>Zapewnienia, \u017ce NATO nie rozszerzy si\u0119 na wsch\u00f3d, zosta\u0142y p\u00f3\u017aniej zrelatywizowane lub przedstawione jako \u201eniewi\u0105\u017c\u0105ce\u201c.<br \/>\nTo nadwyr\u0119\u017cy\u0142o zaufanie.<\/td>\n<td>Historyczna uczciwo\u015b\u0107 w kwestii zobowi\u0105za\u0144 i ich politycznego znaczenia; uznanie gwarancji bezpiecze\u0144stwa za zasad\u0119 wzajemno\u015bci.<br \/>\n(Bezpiecze\u0144stwo jest \u201eniepodzielne\u201c).<\/td>\n<\/tr>\n<tr>\n<td><strong>1999 (wojna powietrzna NATO przeciwko Serbii)<\/strong><\/td>\n<td>Udzia\u0142 Niemiec w bombardowaniach NATO bez mandatu Rady Bezpiecze\u0144stwa ONZ; sygna\u0142, \u017ce NATO mo\u017ce r\u00f3wnie\u017c u\u017cy\u0107 si\u0142y poza swoim terytorium<br \/>\nwbrew sprzeciwom Rosji.<\/td>\n<td>Powr\u00f3t do \u0142adu bezpiecze\u0144stwa opartego na zasadach (logika ONZ\/OBWE); nie ustanawia\u0107 przemocy jako normalnego instrumentu; budowanie zaufania zamiast<br \/>\nTworzenie precedens\u00f3w.<\/td>\n<\/tr>\n<tr>\n<td><strong>2002 (traktat ABM \/ obrona przeciwrakietowa)<\/strong><\/td>\n<td>USA wycofuj\u0105 si\u0119 z traktatu ABM; Niemcy nie zg\u0142aszaj\u0105 powa\u017cnych zastrze\u017ce\u0144. Rozmieszczenie\/planowanie obrony przeciwrakietowej w pobli\u017cu Rosji<br \/>\nGranice s\u0105 odrzucane jako destabilizuj\u0105ce.<\/td>\n<td>Odbudowa odpornej architektury kontroli zbroje\u0144; nie dewaluuj obaw o bezpiecze\u0144stwo jako \u201eparanoi\u201c; stabilno\u015b\u0107 strategiczna jako<br \/>\nTraktuj g\u0142\u00f3wny cel.<\/td>\n<\/tr>\n<tr>\n<td><strong>2008 (uznanie Kosowa)<\/strong><\/td>\n<td>Uznanie niepodleg\u0142o\u015bci Kosowa pomimo ostrze\u017ce\u0144 o precedensie i podwa\u017ceniu integralno\u015bci terytorialnej.<\/td>\n<td>Uczciwe uznanie zachodnich precedens\u00f3w; sp\u00f3jna polityka regulacyjna, kt\u00f3ra jest zrozumia\u0142a w \u015bwietle prawa mi\u0119dzynarodowego, zamiast wybi\u00f3rczych zasad.<\/td>\n<\/tr>\n<tr>\n<td><strong>2008 (Szczyt NATO w Bukareszcie: perspektywa Ukrainy\/Gruzji)<\/strong><\/td>\n<td>Polityczne zaanga\u017cowanie w perspektywy cz\u0142onkostwa Ukrainy i Gruzji w NATO pomimo powtarzaj\u0105cych si\u0119, d\u0142ugoterminowych rosyjskich ostrze\u017ce\u0144 (czerwone linie).<\/td>\n<td>Jednoznaczne zako\u0144czenie ekspansji NATO na wsch\u00f3d (Ukraina, Gruzja i inne pa\u0144stwa graniczne); deeskalacja poprzez przejrzysto\u015b\u0107 strukturaln\u0105.<\/td>\n<\/tr>\n<tr>\n<td><strong>Luty 2014 (Kij\u00f3w: Porozumienie z dnia 21 lutego)<\/strong><\/td>\n<td>Niemcy mediuj\u0105\/gwarantuj\u0105 porozumienie w sprawie deeskalacji i utrzymania porz\u0105dku konstytucyjnego; porozumienie upada w ci\u0105gu kilku godzin,<br \/>\nNast\u0119puje zmiana w\u0142adzy; Niemcy natychmiast uznaj\u0105 nowy rz\u0105d.<\/td>\n<td>Konsekwentna dyplomacja z zaanga\u017cowaniem; gwarancje nie mog\u0105 pozosta\u0107 bez konsekwencji; powa\u017cne traktowanie politycznych kwestii porz\u0105dku zamiast tylko \u201ewi\u0119cej<br \/>\ndo nast\u0119pnego kroku\u201c.<\/td>\n<\/tr>\n<tr>\n<td><strong>2015-2022 (Mi\u0144sk II jako model gwarancji)<\/strong><\/td>\n<td>Mi\u0144sk II nie zosta\u0142by wdro\u017cony przez lata; elementy polityczne zosta\u0142yby odrzucone; Niemcy nie egzekwowa\u0142yby jego wdro\u017cenia. P\u00f3\u017aniej<br \/>\nStwierdzenia, \u017ce Mi\u0144sk by\u0142 bardziej \u201ezyskiem czasu\u201c s\u0105 powa\u017cnym naruszeniem zaufania.<\/td>\n<td>Uczciwa ponowna ocena Mi\u0144ska; dyplomacja jako instrument pokojowy zamiast taktycznych manewr\u00f3w; przysz\u0142e ramy negocjacyjne z rzeczywistym wdro\u017ceniem<br \/>\ni weryfikowalne mechanizmy.<\/td>\n<\/tr>\n<tr>\n<td><strong>Od 2022 r. (wojna na Ukrainie \/ dynamika eskalacji)<\/strong><\/td>\n<td>Skupienie si\u0119 na coraz wi\u0119kszej ilo\u015bci broni, ostrzejszej retoryce i \u201edeterminacji\u201c; ignorowanie wcze\u015bniejszej historii; moralne uproszczenia (\u201einfantylizacja\u201c).<br \/>\nzamiast o\u015bwiecenia.<\/td>\n<td>Powr\u00f3t do prawdziwej dyplomacji (nie PR); uznanie dylemat\u00f3w bezpiecze\u0144stwa; deeskalacja poprzez architektur\u0119 polityczn\u0105 zamiast polityki symbolicznej.<\/td>\n<\/tr>\n<tr>\n<td><strong>Porz\u0105dek bezpiecze\u0144stwa w Europie<\/strong><\/td>\n<td>O bezpiecze\u0144stwie my\u015bli si\u0119 zbyt mocno w kategoriach logiki NATO; OBWE jest marginalizowana; strategia europejska jest w zbyt du\u017cym stopniu kszta\u0142towana przez slogany sojuszu\/logik\u0119 ekspansji.<\/td>\n<td>Wzmocnienie OBWE jako centralnego forum; zbudowanie europejskiego porz\u0105dku bezpiecze\u0144stwa \u201ew oparciu o europejskie interesy\u201c (autonomia strategiczna) oraz<br \/>\nW\u0142\u0105cz Rosj\u0119 zamiast j\u0105 wyklucza\u0107.<\/td>\n<\/tr>\n<tr>\n<td><strong>Neutralno\u015b\u0107 a rozmieszczenie wojsk<\/strong><\/td>\n<td>Dyskusja na temat rozmieszczenia europejskich wojsk na Ukrainie lub w jej pobli\u017cu; zdaniem Sachsa pog\u0142\u0119bi\u0142oby to podzia\u0142y i przed\u0142u\u017cy\u0142oby wojn\u0119.<\/td>\n<td>Neutralno\u015b\u0107 Ukrainy z wiarygodnymi gwarancjami mi\u0119dzynarodowymi; stabilno\u015b\u0107 poprzez przyj\u0119te ustalenia dotycz\u0105ce bezpiecze\u0144stwa zamiast stacjonowania naprz\u00f3d.<\/td>\n<\/tr>\n<tr>\n<td><strong>Wzajemno\u015b\u0107 wojskowa \/ obszary przygraniczne<\/strong><\/td>\n<td>Uzbrojenie i rozmieszczenie (w tym systemy rakietowe) w pobli\u017cu granic; jednostronne my\u015blenie o bezpiecze\u0144stwie.<\/td>\n<td>Wzajemna demilitaryzacja region\u00f3w przygranicznych poprzez weryfikowalne porozumienia: si\u0142y rosyjskie z dala od granic NATO, a systemy NATO z dala od granic NATO.<br \/>\nRosyjskie granice (wzajemno\u015b\u0107).<\/td>\n<\/tr>\n<tr>\n<td><strong>Sankcje<\/strong><\/td>\n<td>Sankcje nie przynios\u0142yby pokoju i znacznie zaszkodzi\u0142yby europejskiej gospodarce; zamiast rozwi\u0105zania - utwardzenie.<\/td>\n<td>Stopniowe znoszenie sankcji w ramach wynegocjowanego rozwi\u0105zania; przywr\u00f3cenie realizmu gospodarczego i handlu kontraktowego.<\/td>\n<\/tr>\n<tr>\n<td><strong>Konfiskata rosyjskich aktyw\u00f3w pa\u0144stwowych<\/strong><\/td>\n<td>\u201eLekkomy\u015blna\u201c konfiskata rosyjskich aktyw\u00f3w pa\u0144stwowych; z punktu widzenia Sachsa jest to ra\u017c\u0105ce naruszenie prawa mi\u0119dzynarodowego i zaufania na \u015bwiecie.<br \/>\nsystem finansowy.<\/td>\n<td>Niemcy powinny odrzuci\u0107 takie \u015brodki; zachowa\u0107 pewno\u015b\u0107 prawn\u0105; o\u017cywienie gospodarcze poprzez legalny, oparty na umowach handel zamiast<br \/>\nLogika wyw\u0142aszczenia.<\/td>\n<\/tr>\n<tr>\n<td><strong>Kontrola zbroje\u0144 (INF i stabilno\u015b\u0107 nuklearna)<\/strong><\/td>\n<td>Erozja centralnych ram kontroli zbroje\u0144; zbyt ma\u0142a presja na powr\u00f3t do stabilizuj\u0105cych traktat\u00f3w; rosn\u0105ce ryzyko eskalacji.<\/td>\n<td>D\u0105\u017cenie do powrotu do ram podobnych do INF i kompleksowych negocjacji strategicznych w sprawie kontroli zbroje\u0144 nuklearnych (USA\/Rosja, p\u00f3\u017aniej<br \/>\nChiny, je\u015bli dotyczy).<\/td>\n<\/tr>\n<tr>\n<td><strong>Europejskie odstraszanie \/ Francja<\/strong><\/td>\n<td>Debaty na temat odstraszania bez wyra\u017anego powstrzymywania obronnego; niebezpiecze\u0144stwo zwi\u0105zane z zaawansowanymi systemami stanowi\u0105cymi zagro\u017cenie.<\/td>\n<td>Francja mog\u0142aby rozszerzy\u0107 swoje odstraszanie nuklearne jako europejski parasol - ale w spos\u00f3b \u015bci\u015ble defensywny, bez system\u00f3w wysuni\u0119tych do przodu, kt\u00f3re Rosja mog\u0142aby wykorzysta\u0107 do obrony przed Rosj\u0105.<br \/>\ngrozi\u0107.<\/td>\n<\/tr>\n<tr>\n<td><strong>Analogia kosowsko-ukrai\u0144ska \/ granice<\/strong><\/td>\n<td>Zachodnia polityka sama przyczyni\u0142a si\u0119 do przesuni\u0119cia granic; niemniej jednak cz\u0119sto argumentuje si\u0119, \u017ce jest to jednostronnie \u201enie do pomy\u015blenia\u201c.<\/td>\n<td>Uczciwe uznanie precedens\u00f3w i analogii; pok\u00f3j jako nadrz\u0119dny cel; stosowanie zasad konsekwentnie, a nie wybi\u00f3rczo moralnie.<br \/>\nuzasadni\u0107.<\/td>\n<\/tr>\n<\/tbody>\n<\/table>\n<\/div>\n<h2>Dlaczego ten list jest czym\u015b wi\u0119cej ni\u017c tylko komentarzem do polityki zagranicznej?<\/h2>\n<p>List otwarty Jeffreya Sachsa do kanclerza Merza nie jest odosobnionym stwierdzeniem, ale cz\u0119\u015bci\u0105 wi\u0119kszej debaty na temat prawa mi\u0119dzynarodowego, logiki bezpiecze\u0144stwa i wiarygodno\u015bci politycznej. Je\u015bli chcesz zag\u0142\u0119bi\u0107 si\u0119 w te pytania, mo\u017cesz znale\u017a\u0107 wi\u0119cej informacji w artykule uzupe\u0142niaj\u0105cym <a href=\"https:\/\/www.markus-schall.de\/pl\/2026\/01\/porzadek-swiata-oparty-na-zasadach-i-prawo-miedzynarodowe-miedzy-rzeczywistoscia-a-naruszeniem-prawa\/\"><em><strong>\u201ePorz\u0105dek \u015bwiata oparty na zasadach i prawo mi\u0119dzynarodowe: mi\u0119dzy roszczeniem, rzeczywisto\u015bci\u0105 a naruszeniem prawa\u201c<\/strong> <\/em><\/a>systematyczn\u0105 kategoryzacj\u0119 podstawowych struktur. Zawiera r\u00f3wnie\u017c szczeg\u00f3\u0142owe wyst\u0105pienie wideo Jeffreya Sachsa, w kt\u00f3rym wyja\u015bnia on swoje stanowisko - spokojnie, analitycznie i bez politycznych hase\u0142. Artyku\u0142 pokazuje, jak szybko s\u0142ownictwo normatywne staje si\u0119 pust\u0105 formu\u0142\u0105, gdy naruszenia prawa s\u0105 uznawane za akceptowan\u0105 praktyk\u0119.<\/p>\n<p>To, co Jeffrey Sachs formu\u0142uje w tym li\u015bcie, uderzaj\u0105co sp\u00f3jnie wpisuje si\u0119 w szerszy rozw\u00f3j, kt\u00f3ry mo\u017cna zaobserwowa\u0107 r\u00f3wnie\u017c w innych obszarach. W opublikowanym wcze\u015bniej artykule na temat teorii gier <a href=\"https:\/\/www.markus-schall.de\/pl\/2025\/12\/teoria-gier-wyjasnia-25-lat-geopolityki-jak-europa-stracila-swoja-strategiczna-role\/\"><strong>Uwzgl\u0119dnienie decyzji europejskich<\/strong><\/a> pokaza\u0142, jak Europa w coraz wi\u0119kszym stopniu porzuca swoj\u0105 dawn\u0105 rol\u0119 podmiotu kszta\u0142tuj\u0105cego na rzecz kr\u00f3tkoterminowej logiki sojuszy, symbolicznej determinacji i binarnych narracji przyjaciel-wr\u00f3g. Sachs zasadniczo opisuje dok\u0142adnie ten mechanizm, tylko z perspektywy architektury bezpiecze\u0144stwa: decyzje nie s\u0105 ju\u017c podejmowane na podstawie d\u0142ugoterminowej stabilno\u015bci, ale na podstawie oczekiwa\u0144 politycznych i uproszcze\u0144 moralnych.<\/p>\n<p>Spojrzenie na <a href=\"https:\/\/www.markus-schall.de\/pl\/2025\/12\/stan-niemieckiej-gospodarki-2025-piec-lat-kryzysu-dane-liczbowe-trendy-i-perspektywy\/\"><strong>Niemiecka gospodarka w 2025 r.<\/strong><\/a> wpisuje si\u0119 w ten obraz. Istota gospodarcza, odporno\u015b\u0107 przemys\u0142u i niezawodne warunki ramowe nie mog\u0105 by\u0107 trwale oddzielone od decyzji geopolitycznych. Ka\u017cdy, kto my\u015bli o bezpiecze\u0144stwie wy\u0142\u0105cznie w kategoriach militarnych, ryzykuje samookaleczenie gospodarcze. Sachs otwarcie wyra\u017ca ten zwi\u0105zek, gdy ostrzega przed konfiskat\u0105 maj\u0105tku pa\u0144stwowego, opisuje sankcje jako przynosz\u0105ce skutki odwrotne do zamierzonych i wskazuje na erozj\u0119 zaufania do zasad mi\u0119dzynarodowych. Nie jest to apel o zgodno\u015b\u0107, ale o przewidywalno\u015b\u0107 - cech\u0119, na kt\u00f3rej opiera si\u0119 zar\u00f3wno dyplomacja, jak i biznes.<\/p>\n<p>Uderzaj\u0105ce jest r\u00f3wnie\u017c to, \u017ce Sachs nie wzywa do czego\u015b fundamentalnie nowego. Wr\u0119cz przeciwnie: jego list jest przypomnieniem zasad, kt\u00f3re od dziesi\u0119cioleci podtrzymuj\u0105 Europ\u0119. Ostpolitik, kontrola zbroje\u0144, neutralno\u015b\u0107 jako instrument stabilno\u015bci, wielostronne fora, takie jak OBWE - to nie s\u0105 egzotyczne idee, ale sprawdzone elementy powojennej historii Europy. Fakt, \u017ce s\u0105 one dzi\u015b cz\u0119sto przedstawiane jako naiwne lub przestarza\u0142e, m\u00f3wi mniej o ich skuteczno\u015bci ni\u017c o stanie debaty politycznej.<\/p>\n<p>W\u0142a\u015bnie dlatego list jest tak irytuj\u0105cy - a jednocze\u015bnie tak potrzebny. Zrywa on z obecn\u0105 tendencj\u0105 do redukowania z\u0142o\u017conych zale\u017cno\u015bci do kr\u00f3tkich formu\u0142 moralnych. Sachs nie zak\u0142ada, \u017ce europejska opinia publiczna jest niedojrza\u0142a, ale ufa, \u017ce zrozumie dylematy bezpiecze\u0144stwa. Takie podej\u015bcie kontrastuje z komunikacj\u0105 polityczn\u0105, kt\u00f3ra w coraz wi\u0119kszym stopniu opiera si\u0119 na uproszczeniach, emocjonalizacji i braku alternatyw.<\/p>\n<p>W tym sensie list otwarty jest nie tylko krytyk\u0105 konkretnych decyzji politycznych, ale tak\u017ce po\u015brednim komentarzem do stanu europejskiego my\u015blenia. Stawia pytanie, czy Europa jest ponownie gotowa do przyj\u0119cia odpowiedzialno\u015bci w pierwotnym sensie: nie poprzez g\u0142o\u015bno\u015b\u0107, ale poprzez strategiczn\u0105 trze\u017awo\u015b\u0107; nie poprzez eskalacj\u0119, ale poprzez porz\u0105dek; nie poprzez zapominanie o historii, ale poprzez pami\u0119\u0107.<\/p>\n<p>Czas poka\u017ce, czy te pytania zostan\u0105 wys\u0142uchane. Ale zadanie ich jest niezb\u0119dnym pierwszym krokiem - nie tylko dla europejskiego porz\u0105dku bezpiecze\u0144stwa, ale tak\u017ce dla stabilno\u015bci gospodarczej, politycznej i spo\u0142ecznej, na kt\u00f3rej Europa od dawna si\u0119 rozwija.<\/p>\n<h3>Prawo mi\u0119dzynarodowe i \u201eporz\u0105dek oparty na zasadach\u201c - roszczenia i rzeczywisto\u015b\u0107<\/h3>\n<p><a href=\"https:\/\/www.markus-schall.de\/pl\/2026\/01\/porzadek-swiata-oparty-na-zasadach-i-prawo-miedzynarodowe-miedzy-rzeczywistoscia-a-naruszeniem-prawa\/\"><img loading=\"lazy\" decoding=\"async\" class=\"alignright size-medium wp-image-4281\" src=\"https:\/\/www.markus-schall.de\/wp-content\/uploads\/voelkerrecht-weltordnung-titel-300x200.jpg\" alt=\"Prawo mi\u0119dzynarodowe i porz\u0105dek \u015bwiatowy oparty na zasadach\" width=\"300\" height=\"200\" srcset=\"https:\/\/www.markus-schall.de\/wp-content\/uploads\/voelkerrecht-weltordnung-titel-300x200.jpg 300w, https:\/\/www.markus-schall.de\/wp-content\/uploads\/voelkerrecht-weltordnung-titel-768x512.jpg 768w, https:\/\/www.markus-schall.de\/wp-content\/uploads\/voelkerrecht-weltordnung-titel-18x12.jpg 18w, https:\/\/www.markus-schall.de\/wp-content\/uploads\/voelkerrecht-weltordnung-titel.jpg 1024w\" sizes=\"auto, (max-width: 300px) 100vw, 300px\" \/><\/a>Obecny konflikt rodzi r\u00f3wnie\u017c fundamentalne pytanie: Jak\u0105 rol\u0119 nadal odgrywa prawo mi\u0119dzynarodowe w coraz bardziej spolaryzowanym porz\u0105dku \u015bwiatowym? W moim <a href=\"https:\/\/www.markus-schall.de\/pl\/2026\/01\/porzadek-swiata-oparty-na-zasadach-i-prawo-miedzynarodowe-miedzy-rzeczywistoscia-a-naruszeniem-prawa\/\"><strong>Artyku\u0142<\/strong><\/a> na temat \u201eporz\u0105dku \u015bwiatowego opartego na zasadach\u201c bada w\u0142a\u015bnie t\u0119 sprzeczno\u015b\u0107. Termin ten brzmi jasno i moralnie jednoznacznie, ale cz\u0119sto pozostaje rozmyty w praktyce politycznej. Raz po raz okazuje si\u0119, \u017ce ci sami aktorzy, kt\u00f3rzy publicznie odwo\u0142uj\u0105 si\u0119 do zasad mi\u0119dzynarodowych, interpretuj\u0105 je lub obchodz\u0105 w r\u00f3\u017cny spos\u00f3b w sytuacjach kryzysowych. Tworzy to napi\u0119cie mi\u0119dzy aspiracjami politycznymi a rzeczywist\u0105 polityk\u0105 w\u0142adzy - napi\u0119cie, kt\u00f3re charakteryzuje wiele dzisiejszych konflikt\u00f3w mi\u0119dzynarodowych i stawia wiarygodno\u015b\u0107 globalnych instytucji pod coraz wi\u0119ksz\u0105 presj\u0105.<\/p>\n<hr \/>\n\n\t\t\t<div class=\"display-post-types\">\n\n\t\t\t\t\t\t\t<style type=\"text\/css\">\n\t\t\t#dpt-wrapper-735 { --dpt-text-align: left;--dpt-image-crop: center;--dpt-border-radius: 5px;--dpt-h-gutter: 10px;--dpt-v-gutter: 9px; }\t\t\t<\/style>\n\t\t\t<style type=\"text\/css\">#dpt-wrapper-735 { --dpt-title-font-style:normal;--dpt-title-font-weight:600;--dpt-title-line-height:1.5;--dpt-title-text-decoration:none;--dpt-title-text-transform:none;--dpt-excerpt-font-style:normal;--dpt-excerpt-font-weight:400;--dpt-excerpt-line-height:1.5;--dpt-excerpt-text-decoration:none;--dpt-excerpt-text-transform:none;--dpt-meta1-font-style:normal;--dpt-meta1-font-weight:400;--dpt-meta1-line-height:1.9;--dpt-meta1-text-decoration:none;--dpt-meta1-text-transform:none;--dpt-meta2-font-style:normal;--dpt-meta2-font-weight:400;--dpt-meta2-line-height:1.9;--dpt-meta2-text-decoration:none;--dpt-meta2-text-transform:none; }<\/style><div class=\"dpt-main-header\">\n\t\t\t\t\t\t<div class=\"dpt-main-title\">\n\t\t\t\t\t\t\t<span class=\"dpt-main-title-text\">Aktualne artyku\u0142y na temat sztuki i kultury<\/span>\n\t\t\t\t\t\t<\/div>\n\t\t\t\t\t\t\n\t\t\t\t\t\t\n\t\t\t\t\t\t\n\t\t\t\t\t\t<\/div>\t\t\t\n\t\t\t\t<div id=\"dpt-wrapper-735\" class=\"dpt-wrapper dpt-mag1 land1 dpt-cropped dpt-flex-wrap\" >\n\n\t\t\t\t\t\t\t\t\t\t\t<div class=\"dpt-entry has-thumbnail\" data-title=\"jan-josef liefers: ein portr\u00e4t \u00fcber haltung, herkunft und k\u00fcnstlerische freiheit\" data-id=\"3854\"  data-category=\"allgemein gesellschaft kunst &amp; kultur\" data-post_tag=\"deutschland erfahrungen krisen lernen meinungsfreiheit musik pers\u00f6nlichkeitsentwicklung portrait\">\n\t\t\t\t\t\t\t<div class=\"dpt-entry-wrapper\"><div class=\"dpt-featured-content\"><div class=\"dpt-permalink\"><a href=\"https:\/\/www.markus-schall.de\/pl\/2025\/12\/jan-josef-liefers-portret-postawy-pochodzenia-i-wolnosci-artystycznej\/\" class=\"dpt-permalink\"><span class=\"screen-reader-text\">Jan-Josef Liefers: Portret postawy, pochodzenia i wolno\u015bci artystycznej<\/span><\/a><\/div><div class=\"dpt-thumbnail\"><div class=\"dpt-thumbnail-inner\"><img width=\"1024\" height=\"683\" class=\"attachment-full size-full\" alt=\"Jan-Josef Liefers\" context=\"dpt\" data-dpt-src=\"https:\/\/www.markus-schall.de\/wp-content\/uploads\/jan-josef-liefers-silhouette.jpg\" data-dpt-sizes=\"(max-width: 1024px) 100vw, 1024px\" data-dpt-srcset=\"https:\/\/www.markus-schall.de\/wp-content\/uploads\/jan-josef-liefers-silhouette.jpg 1024w, https:\/\/www.markus-schall.de\/wp-content\/uploads\/jan-josef-liefers-silhouette-300x200.jpg 300w, https:\/\/www.markus-schall.de\/wp-content\/uploads\/jan-josef-liefers-silhouette-768x512.jpg 768w, https:\/\/www.markus-schall.de\/wp-content\/uploads\/jan-josef-liefers-silhouette-18x12.jpg 18w\" \/><\/div><span class=\"dpt-thumbnail-aspect-ratio\" style=\"padding-top: 75%\"><\/span><\/div><\/div><div class=\"sub-entry\"><h3 class=\"dpt-title\"><a class=\"dpt-title-link\" href=\"https:\/\/www.markus-schall.de\/pl\/2025\/12\/jan-josef-liefers-portret-postawy-pochodzenia-i-wolnosci-artystycznej\/\" rel=\"bookmark\">Jan-Josef Liefers: Portret postawy, pochodzenia i wolno\u015bci artystycznej<\/a><\/h3><\/div><\/div>\n\t\t\t\t\t\t<\/div><!-- .dpt-entry -->\n\t\t\t\t\t\t\t\t\t\t\t\t<div class=\"dpt-entry has-thumbnail\" data-title=\"reichweite ist kein eigentum \u2013 warum sichtbarkeit heute nicht mehr ausreicht\" data-id=\"3994\"  data-category=\"allgemein featured filemaker &amp; erp gesellschaft kunst &amp; kultur\" data-post_tag=\"datenlogik datenschutz denkmodelle digitales eigentum erp-software\">\n\t\t\t\t\t\t\t<div class=\"dpt-entry-wrapper\"><div class=\"dpt-featured-content\"><div class=\"dpt-permalink\"><a href=\"https:\/\/www.markus-schall.de\/pl\/2025\/12\/zasieg-nie-jest-wlasnoscia-dlatego-widocznosc-juz-dzis-nie-wystarcza\/\" class=\"dpt-permalink\"><span class=\"screen-reader-text\">Zasi\u0119g to nie w\u0142asno\u015b\u0107 - dlaczego widoczno\u015b\u0107 ju\u017c dzi\u015b nie wystarcza?<\/span><\/a><\/div><div class=\"dpt-thumbnail\"><div class=\"dpt-thumbnail-inner\"><img width=\"1024\" height=\"683\" class=\"attachment-full size-full\" alt=\"Zasi\u0119g a w\u0142asno\u015b\u0107\" context=\"dpt\" data-dpt-src=\"https:\/\/www.markus-schall.de\/wp-content\/uploads\/reichweite-vs-eigentum.jpg\" data-dpt-sizes=\"(max-width: 1024px) 100vw, 1024px\" data-dpt-srcset=\"https:\/\/www.markus-schall.de\/wp-content\/uploads\/reichweite-vs-eigentum.jpg 1024w, https:\/\/www.markus-schall.de\/wp-content\/uploads\/reichweite-vs-eigentum-300x200.jpg 300w, https:\/\/www.markus-schall.de\/wp-content\/uploads\/reichweite-vs-eigentum-768x512.jpg 768w, https:\/\/www.markus-schall.de\/wp-content\/uploads\/reichweite-vs-eigentum-18x12.jpg 18w\" \/><\/div><span class=\"dpt-thumbnail-aspect-ratio\" style=\"padding-top: 75%\"><\/span><\/div><\/div><div class=\"sub-entry\"><h3 class=\"dpt-title\"><a class=\"dpt-title-link\" href=\"https:\/\/www.markus-schall.de\/pl\/2025\/12\/zasieg-nie-jest-wlasnoscia-dlatego-widocznosc-juz-dzis-nie-wystarcza\/\" rel=\"bookmark\">Zasi\u0119g to nie w\u0142asno\u015b\u0107 - dlaczego widoczno\u015b\u0107 ju\u017c dzi\u015b nie wystarcza?<\/a><\/h3><\/div><\/div>\n\t\t\t\t\t\t<\/div><!-- .dpt-entry -->\n\t\t\t\t\t\t\t\t\t\t\t\t<div class=\"dpt-entry has-thumbnail\" data-title=\"spieltheorie erkl\u00e4rt 25 jahre geopolitik: wie europa seine strategische rolle verlor\" data-id=\"3850\"  data-category=\"allgemein gesellschaft kunst &amp; kultur\" data-post_tag=\"denkmodelle deutschland energiepolitik eu-gesetze europa geopolitik krisen sicherheitspolitik spieltheorie\">\n\t\t\t\t\t\t\t<div class=\"dpt-entry-wrapper\"><div class=\"dpt-featured-content\"><div class=\"dpt-permalink\"><a href=\"https:\/\/www.markus-schall.de\/pl\/2025\/12\/teoria-gier-wyjasnia-25-lat-geopolityki-jak-europa-stracila-swoja-strategiczna-role\/\" class=\"dpt-permalink\"><span class=\"screen-reader-text\">Teoria gier wyja\u015bnia 25 lat geopolityki: jak Europa straci\u0142a swoj\u0105 strategiczn\u0105 rol\u0119<\/span><\/a><\/div><div class=\"dpt-thumbnail\"><div class=\"dpt-thumbnail-inner\"><img width=\"1024\" height=\"765\" class=\"attachment-full size-full\" alt=\"Teoria gier wyja\u015bnia 25 lat geopolityki\" context=\"dpt\" data-dpt-src=\"https:\/\/www.markus-schall.de\/wp-content\/uploads\/europa-russland-spieltheorie.jpg\" data-dpt-sizes=\"(max-width: 1024px) 100vw, 1024px\" data-dpt-srcset=\"https:\/\/www.markus-schall.de\/wp-content\/uploads\/europa-russland-spieltheorie.jpg 1024w, https:\/\/www.markus-schall.de\/wp-content\/uploads\/europa-russland-spieltheorie-300x224.jpg 300w, https:\/\/www.markus-schall.de\/wp-content\/uploads\/europa-russland-spieltheorie-768x574.jpg 768w, https:\/\/www.markus-schall.de\/wp-content\/uploads\/europa-russland-spieltheorie-16x12.jpg 16w\" \/><\/div><span class=\"dpt-thumbnail-aspect-ratio\" style=\"padding-top: 75%\"><\/span><\/div><\/div><div class=\"sub-entry\"><h3 class=\"dpt-title\"><a class=\"dpt-title-link\" href=\"https:\/\/www.markus-schall.de\/pl\/2025\/12\/teoria-gier-wyjasnia-25-lat-geopolityki-jak-europa-stracila-swoja-strategiczna-role\/\" rel=\"bookmark\">Teoria gier wyja\u015bnia 25 lat geopolityki: jak Europa straci\u0142a swoj\u0105 strategiczn\u0105 rol\u0119<\/a><\/h3><\/div><\/div>\n\t\t\t\t\t\t<\/div><!-- .dpt-entry -->\n\t\t\t\t\t\t\t\t\t\t\t\t<div class=\"dpt-entry has-thumbnail\" data-title=\"helge schneider: haltung, humor und die freiheit, sich nicht erkl\u00e4ren zu m\u00fcssen\" data-id=\"4756\"  data-category=\"allgemein gesellschaft kunst &amp; kultur\" data-post_tag=\"deutschland erfahrungen meinungsfreiheit musik portrait\">\n\t\t\t\t\t\t\t<div class=\"dpt-entry-wrapper\"><div class=\"dpt-featured-content\"><div class=\"dpt-permalink\"><a href=\"https:\/\/www.markus-schall.de\/pl\/2026\/02\/postawa-helge-schneider-humor-i-wolnosc-by-nie-musiec-sie-tlumaczyc\/\" class=\"dpt-permalink\"><span class=\"screen-reader-text\">Helge Schneider: Postawa, humor i wolno\u015b\u0107 od konieczno\u015bci t\u0142umaczenia si\u0119<\/span><\/a><\/div><div class=\"dpt-thumbnail\"><div class=\"dpt-thumbnail-inner\"><img width=\"1024\" height=\"683\" class=\"attachment-full size-full\" alt=\"Helge Schneider Portret\" context=\"dpt\" data-dpt-src=\"https:\/\/www.markus-schall.de\/wp-content\/uploads\/Helge-Schneider.jpg\" data-dpt-sizes=\"(max-width: 1024px) 100vw, 1024px\" data-dpt-srcset=\"https:\/\/www.markus-schall.de\/wp-content\/uploads\/Helge-Schneider.jpg 1024w, https:\/\/www.markus-schall.de\/wp-content\/uploads\/Helge-Schneider-300x200.jpg 300w, https:\/\/www.markus-schall.de\/wp-content\/uploads\/Helge-Schneider-768x512.jpg 768w, https:\/\/www.markus-schall.de\/wp-content\/uploads\/Helge-Schneider-18x12.jpg 18w\" \/><\/div><span class=\"dpt-thumbnail-aspect-ratio\" style=\"padding-top: 75%\"><\/span><\/div><\/div><div class=\"sub-entry\"><h3 class=\"dpt-title\"><a class=\"dpt-title-link\" href=\"https:\/\/www.markus-schall.de\/pl\/2026\/02\/postawa-helge-schneider-humor-i-wolnosc-by-nie-musiec-sie-tlumaczyc\/\" rel=\"bookmark\">Helge Schneider: Postawa, humor i wolno\u015b\u0107 od konieczno\u015bci t\u0142umaczenia si\u0119<\/a><\/h3><\/div><\/div>\n\t\t\t\t\t\t<\/div><!-- .dpt-entry -->\n\t\t\t\t\t\t\n\t\t\t\t<\/div>\n\t\t\t\t\t\t<\/div>\n\t\t\t\n<hr \/>\n<h2>Cz\u0119sto zadawane pytania<\/h2>\n<ol>\n<li><strong>Kim jest Jeffrey Sachs i dlaczego jego g\u0142os jest istotny?<\/strong><br \/>\nJeffrey D. Sachs jest znanym na ca\u0142ym \u015bwiecie ekonomist\u0105, profesorem Uniwersytetu Columbia i wieloletnim doradc\u0105 rz\u0105d\u00f3w i Organizacji Narod\u00f3w Zjednoczonych. Jego znaczenie nie wynika z codziennych komentarzy politycznych, ale z dziesi\u0119cioleci pracy nad mi\u0119dzynarodowymi kryzysami, procesami transformacji i kwestiami bezpiecze\u0144stwa. Jego argumenty s\u0105 g\u0142\u00f3wnie historyczne, systemowe i d\u0142ugoterminowe - niezale\u017cne od linii politycznych partii.<\/li>\n<li><strong>Dlaczego Sachs kieruje sw\u00f3j list otwarty bezpo\u015brednio do kanclerz Niemiec?<\/strong><br \/>\nSachs tradycyjnie postrzega Niemcy jako kluczow\u0105 si\u0142\u0119 w Europie - nie przede wszystkim militarnie, ale politycznie, gospodarczo i dyplomatycznie. Jego zdaniem Niemcy ponosz\u0105 szczeg\u00f3ln\u0105 odpowiedzialno\u015b\u0107 za stabilno\u015b\u0107, r\u00f3wnowag\u0119 i mediacj\u0119 w Europie. List ten nale\u017cy zatem rozumie\u0107 nie tyle jako osobist\u0105 krytyk\u0119, ile jako odwo\u0142anie si\u0119 do tej historycznej roli.<\/li>\n<li><strong>Jakie jest g\u0142\u00f3wne przes\u0142anie listu otwartego?<\/strong><br \/>\nG\u0142\u00f3wne przes\u0142anie brzmi: bezpiecze\u0144stwo europejskie jest niepodzielne i nie mo\u017ce by\u0107 stale organizowane wbrew interesom bezpiecze\u0144stwa Rosji. Sachs wzywa do historycznej uczciwo\u015bci, powa\u017cnej dyplomacji i odej\u015bcia od czysto wojskowej logiki eskalacji na rzecz stabilnej, integracyjnej architektury bezpiecze\u0144stwa.<\/li>\n<li><strong>Czy stanowisko Sachsa usprawiedliwia rosyjsk\u0105 polityk\u0119?<\/strong><br \/>\nNie. Sachs nie usprawiedliwia dzia\u0142a\u0144 militarnych, ale analizuje warunki polityki bezpiecze\u0144stwa, kt\u00f3re doprowadzi\u0142y do eskalacji. Jego podej\u015bcie jest zgodne z klasyczn\u0105 teori\u0105 dylematu bezpiecze\u0144stwa: brak uwzgl\u0119dnienia centralnych interes\u00f3w g\u0142\u00f3wnego mocarstwa zwi\u0119ksza prawdopodobie\u0144stwo konfliktu w d\u0142u\u017cszej perspektywie - niezale\u017cnie od ocen moralnych.<\/li>\n<li><strong>Dlaczego rozszerzenie NATO na wsch\u00f3d odgrywa tak wa\u017cn\u0105 rol\u0119 w li\u015bcie?<\/strong><br \/>\nSachs postrzega ekspansj\u0119 NATO na wsch\u00f3d jako decyzj\u0119 polityczn\u0105 o przewidywalnych konsekwencjach dla polityki bezpiecze\u0144stwa. Odnosi si\u0119 do wcze\u015bniejszych zapewnie\u0144, czerwonych linii i powtarzaj\u0105cych si\u0119 ostrze\u017ce\u0144 ze strony Rosji. Jego zdaniem, ignorowanie takich sygna\u0142\u00f3w nie jest dyplomacj\u0105, ale celow\u0105 strategi\u0105 eskalacji.<\/li>\n<li><strong>Jakie znaczenie przywi\u0105zuje Sachs do zjednoczenia Niemiec?<\/strong><br \/>\nZjednoczenie Niemiec s\u0142u\u017cy Sachsowi jako historyczny przyk\u0142ad udanej dyplomacji: by\u0142o to mo\u017cliwe tylko dlatego, \u017ce obietnice bezpiecze\u0144stwa zosta\u0142y potraktowane powa\u017cnie. Z tego wynika obowi\u0105zek Niemiec, aby nie t\u0142umi\u0107 tego historycznego do\u015bwiadczenia, ale wykorzysta\u0107 je jako punkt odniesienia dla dzisiejszej polityki.<\/li>\n<li><strong>Dlaczego Sachs krytykuje interwencj\u0119 NATO w Serbii w 1999 roku?<\/strong><br \/>\nUwa\u017ca to za naruszenie powojennego porz\u0105dku, poniewa\u017c po raz pierwszy interwencja wojskowa mia\u0142a miejsce bez mandatu ONZ. Dla Rosji oznacza\u0142o to, \u017ce mi\u0119dzynarodowe zasady by\u0142y stosowane wybi\u00f3rczo, co oznacza\u0142o utrat\u0119 zaufania do europejskiej architektury bezpiecze\u0144stwa.<\/li>\n<li><strong>Jak\u0105 rol\u0119 w jego argumentacji odgrywaj\u0105 porozumienia mi\u0144skie?<\/strong><br \/>\nDla Sachsa porozumienia mi\u0144skie s\u0105 przyk\u0142adem nieudanej dyplomacji. Niemcy dzia\u0142a\u0142y jako gwarant, ale nie egzekwowa\u0142y realizacji porozumie\u0144. Sachs uwa\u017ca p\u00f3\u017aniejsze przyznanie przez zachodnich polityk\u00f3w, \u017ce Mi\u0144sk mia\u0142 na celu przede wszystkim kupienie czasu, za powa\u017cne naruszenie zaufania.<\/li>\n<li><strong>Dlaczego Sachs tak wyra\u017anie sprzeciwia si\u0119 dalszym dostawom broni?<\/strong><br \/>\nArgumentuje, \u017ce dostawy broni przed\u0142u\u017caj\u0105 objawy, ale nie rozwi\u0105zuj\u0105 przyczyn. Bez rozwi\u0105zania politycznego, przed\u0142u\u017cy\u0142yby one wojn\u0119, pog\u0142\u0119bi\u0142y podzia\u0142y i jeszcze bardziej nap\u0119dzi\u0142y spiral\u0119 eskalacji - z rosn\u0105cymi kosztami dla samej Europy.<\/li>\n<li><strong>Co Sachs rozumie przez \u201emoraln\u0105 infantylizacj\u0119\u201c spo\u0142ecze\u0144stwa?<\/strong><br \/>\nKrytykuje on komunikacj\u0119 polityczn\u0105, kt\u00f3ra redukuje z\u0142o\u017cone kwestie bezpiecze\u0144stwa do moralizatorskich hase\u0142. Sachs zak\u0142ada, \u017ce spo\u0142ecze\u0144stwa europejskie s\u0105 doskonale zdolne do zrozumienia sprzecznych interes\u00f3w, dylemat\u00f3w i kontekst\u00f3w historycznych - je\u015bli otrzymaj\u0105 uczciwe informacje.<\/li>\n<li><strong>Jak\u0105 rol\u0119 powinna odgrywa\u0107 neutralno\u015b\u0107 wed\u0142ug Sachsa?<\/strong><br \/>\nSachs nie postrzega neutralno\u015bci jako s\u0142abo\u015bci, ale jako sprawdzony instrument stabilno\u015bci. Jego zdaniem historyczne przyk\u0142ady, takie jak Finlandia, Austria i Szwajcaria, pokazuj\u0105, \u017ce neutralno\u015b\u0107 mo\u017ce uwzgl\u0119dnia\u0107 uzasadnione interesy bezpiecze\u0144stwa wszystkich stron i roz\u0142adowywa\u0107 konflikty - tak\u017ce na Ukrainie.<\/li>\n<li><strong>Dlaczego Sachs wzywa do zako\u0144czenia ekspansji NATO na wsch\u00f3d?<\/strong><br \/>\nNie postrzega on rozszerzenia jako nieuniknionej konsekwencji powojennego porz\u0105dku, ale jako decyzj\u0119 polityczn\u0105 o destabilizuj\u0105cych konsekwencjach. Jego zdaniem zatrzymanie jest warunkiem wst\u0119pnym zaufania, deeskalacji i ustanowienia nowego porz\u0105dku bezpiecze\u0144stwa.<\/li>\n<li><strong>Na jakie aspekty ekonomiczne Sachs k\u0142adzie szczeg\u00f3lny nacisk?<\/strong><br \/>\nSachs ostrzega przed d\u0142ugoterminowymi szkodami spowodowanymi przez sankcje, wyw\u0142aszczenia i zak\u0142\u00f3cenia w handlu. Argumentuje, \u017ce stabilno\u015b\u0107 gospodarcza, wyniki przemys\u0142owe i sp\u00f3jno\u015b\u0107 spo\u0142eczna s\u0105 \u015bci\u015ble powi\u0105zane z decyzjami dotycz\u0105cymi polityki bezpiecze\u0144stwa - zw\u0142aszcza w przypadku Niemiec.<\/li>\n<li><strong>Dlaczego Sachs odrzuca konfiskat\u0119 rosyjskich aktyw\u00f3w pa\u0144stwowych?<\/strong><br \/>\nUwa\u017ca to za naruszenie prawa mi\u0119dzynarodowego i zagro\u017cenie dla globalnego systemu finansowego. Je\u015bli aktywa pa\u0144stwowe zostan\u0105 skonfiskowane z powod\u00f3w politycznych, podwa\u017cy to zaufanie, bezpiecze\u0144stwo um\u00f3w i, w d\u0142u\u017cszej perspektywie, europejskie interesy gospodarcze.<\/li>\n<li><strong>Jak\u0105 rol\u0119 powinna odgrywa\u0107 OBWE w przysz\u0142o\u015bci?<\/strong><br \/>\nSachs wzywa do powrotu do OBWE jako centralnego forum bezpiecze\u0144stwa europejskiego. W przeciwie\u0144stwie do NATO, zosta\u0142o ono zaprojektowane z my\u015bl\u0105 o dialogu, budowaniu zaufania i kontroli zbroje\u0144 i mog\u0142oby umo\u017cliwi\u0107 stworzenie bardziej inkluzywnej architektury bezpiecze\u0144stwa.<\/li>\n<li><strong>Jak analiza Sachsa wpisuje si\u0119 w rozwa\u017cania europejskiej teorii gier?<\/strong><br \/>\nJego list mo\u017cna \u0142atwo odczyta\u0107 jako analiz\u0119 teorii gier: Europa wielokrotnie podejmowa\u0142a decyzje, kt\u00f3re wydawa\u0142y si\u0119 sp\u00f3jne w perspektywie kr\u00f3tkoterminowej, ale w d\u0142u\u017cszej perspektywie powodowa\u0142y strategiczne niedogodno\u015bci. Eskalacja nie jest stabilnym stanem r\u00f3wnowagi, ale prowadzi do ci\u0105g\u0142ej niepewno\u015bci.<\/li>\n<li><strong>Czy podej\u015bcie Sachsa jest realistyczne czy nostalgiczne?<\/strong><br \/>\nPodej\u015bcie Sachsa jest mniej nostalgiczne ni\u017c historycznie ugruntowane. Odnosi si\u0119 do funkcjonuj\u0105cych modeli z przesz\u0142o\u015bci i argumentuje, \u017ce ich podstawowe zasady - dialog, wzajemno\u015b\u0107, przewidywalno\u015b\u0107 - s\u0105 nadal aktualne, niezale\u017cnie od zmienionych warunk\u00f3w ramowych.<\/li>\n<li><strong>Dlaczego ten list otwarty jest teraz wa\u017cny?<\/strong><br \/>\nPoniewa\u017c Europa znajduje si\u0119 w punkcie, w kt\u00f3rym polityka bezpiecze\u0144stwa, decyzje gospodarcze i spo\u0142eczne s\u0105 ze sob\u0105 coraz bardziej powi\u0105zane. List Sachsa nie oferuje \u0142atwego wyj\u015bcia, ale rzadki moment jasno\u015bci - i przypomina nam, \u017ce pok\u00f3j nie pochodzi z obj\u0119to\u015bci, ale ze struktury.<\/li>\n<\/ol>\n<hr \/>\n\n\t\t\t<div class=\"display-post-types\">\n\n\t\t\t\t\t\t\t<style type=\"text\/css\">\n\t\t\t#dpt-wrapper-736 { --dpt-text-align: left;--dpt-image-crop: center;--dpt-border-radius: 5px;--dpt-h-gutter: 10px;--dpt-v-gutter: 9px; }\t\t\t<\/style>\n\t\t\t<style type=\"text\/css\">#dpt-wrapper-736 { --dpt-title-font-style:normal;--dpt-title-font-weight:600;--dpt-title-line-height:1.5;--dpt-title-text-decoration:none;--dpt-title-text-transform:none;--dpt-excerpt-font-style:normal;--dpt-excerpt-font-weight:400;--dpt-excerpt-line-height:1.5;--dpt-excerpt-text-decoration:none;--dpt-excerpt-text-transform:none;--dpt-meta1-font-style:normal;--dpt-meta1-font-weight:400;--dpt-meta1-line-height:1.9;--dpt-meta1-text-decoration:none;--dpt-meta1-text-transform:none;--dpt-meta2-font-style:normal;--dpt-meta2-font-weight:400;--dpt-meta2-line-height:1.9;--dpt-meta2-text-decoration:none;--dpt-meta2-text-transform:none; }<\/style><div class=\"dpt-main-header\">\n\t\t\t\t\t\t<div class=\"dpt-main-title\">\n\t\t\t\t\t\t\t<span class=\"dpt-main-title-text\">Aktualne artyku\u0142y na temat sztucznej inteligencji<\/span>\n\t\t\t\t\t\t<\/div>\n\t\t\t\t\t\t\n\t\t\t\t\t\t\n\t\t\t\t\t\t\n\t\t\t\t\t\t<\/div>\t\t\t\n\t\t\t\t<div id=\"dpt-wrapper-736\" class=\"dpt-wrapper dpt-mag1 land1 dpt-cropped dpt-flex-wrap\" >\n\n\t\t\t\t\t\t\t\t\t\t\t<div class=\"dpt-entry has-thumbnail\" data-title=\"warum ein eigenes magazin f\u00fcr unternehmen heute wichtiger ist als werbung\" data-id=\"4476\"  data-category=\"gesellschaft ki-systeme tipps &amp; anleitungen\" data-post_tag=\"datenlogik datenschutz digitales eigentum k\u00fcnstliche intelligenz ratgeber\">\n\t\t\t\t\t\t\t<div class=\"dpt-entry-wrapper\"><div class=\"dpt-featured-content\"><div class=\"dpt-permalink\"><a href=\"https:\/\/www.markus-schall.de\/pl\/2026\/01\/dlaczego-magazyn-firmowy-jest-dzis-wazniejszy-niz-reklama\/\" class=\"dpt-permalink\"><span class=\"screen-reader-text\">Dlaczego posiadanie w\u0142asnego magazynu jest dzi\u015b dla firm wa\u017cniejsze ni\u017c reklama?<\/span><\/a><\/div><div class=\"dpt-thumbnail\"><div class=\"dpt-thumbnail-inner\"><img width=\"1024\" height=\"683\" class=\"attachment-full size-full\" alt=\"Magazyn jako w\u0142asno\u015b\u0107\" context=\"dpt\" data-dpt-src=\"https:\/\/www.markus-schall.de\/wp-content\/uploads\/magazin-gastbeitraege.jpg\" data-dpt-sizes=\"(max-width: 1024px) 100vw, 1024px\" data-dpt-srcset=\"https:\/\/www.markus-schall.de\/wp-content\/uploads\/magazin-gastbeitraege.jpg 1024w, https:\/\/www.markus-schall.de\/wp-content\/uploads\/magazin-gastbeitraege-300x200.jpg 300w, https:\/\/www.markus-schall.de\/wp-content\/uploads\/magazin-gastbeitraege-768x512.jpg 768w, https:\/\/www.markus-schall.de\/wp-content\/uploads\/magazin-gastbeitraege-18x12.jpg 18w\" \/><\/div><span class=\"dpt-thumbnail-aspect-ratio\" style=\"padding-top: 75%\"><\/span><\/div><\/div><div class=\"sub-entry\"><h3 class=\"dpt-title\"><a class=\"dpt-title-link\" href=\"https:\/\/www.markus-schall.de\/pl\/2026\/01\/dlaczego-magazyn-firmowy-jest-dzis-wazniejszy-niz-reklama\/\" rel=\"bookmark\">Dlaczego posiadanie w\u0142asnego magazynu jest dzi\u015b dla firm wa\u017cniejsze ni\u017c reklama?<\/a><\/h3><\/div><\/div>\n\t\t\t\t\t\t<\/div><!-- .dpt-entry -->\n\t\t\t\t\t\t\t\t\t\t\t\t<div class=\"dpt-entry has-thumbnail\" data-title=\"k\u00fcnstliche intelligenz ohne hype: warum weniger ki-tools oft bessere arbeit bedeuten\" data-id=\"4402\"  data-category=\"apple macos hardware ki-systeme tipps &amp; anleitungen\" data-post_tag=\"denkmodelle erfahrungen k\u00fcnstliche intelligenz llm mac mlx ollama prozesse sprachmodell\">\n\t\t\t\t\t\t\t<div class=\"dpt-entry-wrapper\"><div class=\"dpt-featured-content\"><div class=\"dpt-permalink\"><a href=\"https:\/\/www.markus-schall.de\/pl\/2026\/01\/sztuczna-inteligencja-bez-szumu-dlaczego-mniej-narzedzi-ki-czesto-oznacza-lepsza-prace\/\" class=\"dpt-permalink\"><span class=\"screen-reader-text\">Sztuczna inteligencja bez szumu: dlaczego mniej narz\u0119dzi AI cz\u0119sto oznacza lepsz\u0105 prac\u0119<\/span><\/a><\/div><div class=\"dpt-thumbnail\"><div class=\"dpt-thumbnail-inner\"><img width=\"1024\" height=\"683\" class=\"attachment-full size-full\" alt=\"Sztuczna inteligencja bez zb\u0119dnego szumu\" context=\"dpt\" data-dpt-src=\"https:\/\/www.markus-schall.de\/wp-content\/uploads\/KI-ohne-Hype-Titel.jpg\" data-dpt-sizes=\"(max-width: 1024px) 100vw, 1024px\" data-dpt-srcset=\"https:\/\/www.markus-schall.de\/wp-content\/uploads\/KI-ohne-Hype-Titel.jpg 1024w, https:\/\/www.markus-schall.de\/wp-content\/uploads\/KI-ohne-Hype-Titel-300x200.jpg 300w, https:\/\/www.markus-schall.de\/wp-content\/uploads\/KI-ohne-Hype-Titel-768x512.jpg 768w, https:\/\/www.markus-schall.de\/wp-content\/uploads\/KI-ohne-Hype-Titel-18x12.jpg 18w\" \/><\/div><span class=\"dpt-thumbnail-aspect-ratio\" style=\"padding-top: 75%\"><\/span><\/div><\/div><div class=\"sub-entry\"><h3 class=\"dpt-title\"><a class=\"dpt-title-link\" href=\"https:\/\/www.markus-schall.de\/pl\/2026\/01\/sztuczna-inteligencja-bez-szumu-dlaczego-mniej-narzedzi-ki-czesto-oznacza-lepsza-prace\/\" rel=\"bookmark\">Sztuczna inteligencja bez szumu: dlaczego mniej narz\u0119dzi AI cz\u0119sto oznacza lepsz\u0105 prac\u0119<\/a><\/h3><\/div><\/div>\n\t\t\t\t\t\t<\/div><!-- .dpt-entry -->\n\t\t\t\t\t\t\t\t\t\t\t\t<div class=\"dpt-entry has-thumbnail\" data-title=\"unsterblichkeit durch technik: wie weit forschung und ki wirklich sind\" data-id=\"3624\"  data-category=\"allgemein gesellschaft ki-systeme\" data-post_tag=\"denkmodelle k\u00fcnstliche intelligenz lernen llm prozesse sprachmodell\">\n\t\t\t\t\t\t\t<div class=\"dpt-entry-wrapper\"><div class=\"dpt-featured-content\"><div class=\"dpt-permalink\"><a href=\"https:\/\/www.markus-schall.de\/pl\/2025\/11\/niesmiertelnosc-dzieki-technologii-jak-daleko-naprawde-siegaja-badania-i-ki\/\" class=\"dpt-permalink\"><span class=\"screen-reader-text\">Nie\u015bmiertelno\u015b\u0107 dzi\u0119ki technologii: jak daleko zasz\u0142y badania i sztuczna inteligencja?<\/span><\/a><\/div><div class=\"dpt-thumbnail\"><div class=\"dpt-thumbnail-inner\"><img width=\"1024\" height=\"683\" class=\"attachment-full size-full\" alt=\"Cyfrowa nie\u015bmiertelno\u015b\u0107\" context=\"dpt\" data-dpt-src=\"https:\/\/www.markus-schall.de\/wp-content\/uploads\/digitale-unsterblichkeit.jpg\" data-dpt-sizes=\"(max-width: 1024px) 100vw, 1024px\" data-dpt-srcset=\"https:\/\/www.markus-schall.de\/wp-content\/uploads\/digitale-unsterblichkeit.jpg 1024w, https:\/\/www.markus-schall.de\/wp-content\/uploads\/digitale-unsterblichkeit-300x200.jpg 300w, https:\/\/www.markus-schall.de\/wp-content\/uploads\/digitale-unsterblichkeit-768x512.jpg 768w, https:\/\/www.markus-schall.de\/wp-content\/uploads\/digitale-unsterblichkeit-18x12.jpg 18w\" \/><\/div><span class=\"dpt-thumbnail-aspect-ratio\" style=\"padding-top: 75%\"><\/span><\/div><\/div><div class=\"sub-entry\"><h3 class=\"dpt-title\"><a class=\"dpt-title-link\" href=\"https:\/\/www.markus-schall.de\/pl\/2025\/11\/niesmiertelnosc-dzieki-technologii-jak-daleko-naprawde-siegaja-badania-i-ki\/\" rel=\"bookmark\">Nie\u015bmiertelno\u015b\u0107 dzi\u0119ki technologii: jak daleko zasz\u0142y badania i sztuczna inteligencja?<\/a><\/h3><\/div><\/div>\n\t\t\t\t\t\t<\/div><!-- .dpt-entry -->\n\t\t\t\t\t\t\t\t\t\t\t\t<div class=\"dpt-entry has-thumbnail\" data-title=\"cloud-ki als oberlehrer: warum die zukunft des arbeitens bei lokaler ki liegt\" data-id=\"3887\"  data-category=\"apple macos hardware ki-systeme\" data-post_tag=\"datenschutz digitales eigentum k\u00fcnstliche intelligenz llama llm meinungsfreiheit mistral mlx neo4j ollama sprachmodell\">\n\t\t\t\t\t\t\t<div class=\"dpt-entry-wrapper\"><div class=\"dpt-featured-content\"><div class=\"dpt-permalink\"><a href=\"https:\/\/www.markus-schall.de\/pl\/2025\/12\/cloud-ki-jako-najlepszy-nauczyciel-dlaczego-przyszlosc-pracy-lezy-w-lokalnych-ki\/\" class=\"dpt-permalink\"><span class=\"screen-reader-text\">Sztuczna inteligencja w chmurze jako dyrektor szko\u0142y: dlaczego przysz\u0142o\u015b\u0107 pracy le\u017cy w lokalnej sztucznej inteligencji?<\/span><\/a><\/div><div class=\"dpt-thumbnail\"><div class=\"dpt-thumbnail-inner\"><img width=\"1024\" height=\"683\" class=\"attachment-full size-full\" alt=\"Sztuczna inteligencja w chmurze zostaje dyrektorem szko\u0142y\" context=\"dpt\" data-dpt-src=\"https:\/\/www.markus-schall.de\/wp-content\/uploads\/cloud-ki-oberlehrer.jpg\" data-dpt-sizes=\"(max-width: 1024px) 100vw, 1024px\" data-dpt-srcset=\"https:\/\/www.markus-schall.de\/wp-content\/uploads\/cloud-ki-oberlehrer.jpg 1024w, https:\/\/www.markus-schall.de\/wp-content\/uploads\/cloud-ki-oberlehrer-300x200.jpg 300w, https:\/\/www.markus-schall.de\/wp-content\/uploads\/cloud-ki-oberlehrer-768x512.jpg 768w, https:\/\/www.markus-schall.de\/wp-content\/uploads\/cloud-ki-oberlehrer-18x12.jpg 18w\" \/><\/div><span class=\"dpt-thumbnail-aspect-ratio\" style=\"padding-top: 75%\"><\/span><\/div><\/div><div class=\"sub-entry\"><h3 class=\"dpt-title\"><a class=\"dpt-title-link\" href=\"https:\/\/www.markus-schall.de\/pl\/2025\/12\/cloud-ki-jako-najlepszy-nauczyciel-dlaczego-przyszlosc-pracy-lezy-w-lokalnych-ki\/\" rel=\"bookmark\">Sztuczna inteligencja w chmurze jako dyrektor szko\u0142y: dlaczego przysz\u0142o\u015b\u0107 pracy le\u017cy w lokalnej sztucznej inteligencji?<\/a><\/h3><\/div><\/div>\n\t\t\t\t\t\t<\/div><!-- .dpt-entry -->\n\t\t\t\t\t\t\n\t\t\t\t<\/div>\n\t\t\t\t\t\t<\/div>\n\t\t\t\n<hr \/>","protected":false},"excerpt":{"rendered":"<p>W swoim li\u015bcie otwartym do kanclerza Niemiec Friedricha Merza, opublikowanym w Berliner Zeitung 17 grudnia 2025 r., znany ekonomista i profesor Jeffrey D. Sachs wypowiada si\u0119 z jasno\u015bci\u0105, kt\u00f3ra sta\u0142a si\u0119 rzadko\u015bci\u0105 w obecnej debacie europejskiej. Sachs wypowiada si\u0119 nie jako aktywista, nie jako partyzant i nie jako komentator z dystansu, ... <a title=\"Sztuczna inteligencja w chmurze jako dyrektor szko\u0142y: dlaczego przysz\u0142o\u015b\u0107 pracy le\u017cy w lokalnej sztucznej inteligencji?\" class=\"read-more\" href=\"https:\/\/www.markus-schall.de\/pl\/2025\/12\/cloud-ki-jako-najlepszy-nauczyciel-dlaczego-przyszlosc-pracy-lezy-w-lokalnych-ki\/\" aria-label=\"Dowiedz si\u0119 wi\u0119cej o Cloud AI jako dyrektor szko\u0142y: dlaczego przysz\u0142o\u015b\u0107 pracy le\u017cy w lokalnej sztucznej inteligencji\">Dowiedz si\u0119 wi\u0119cej<\/a><\/p>","protected":false},"author":1,"featured_media":4082,"comment_status":"open","ping_status":"open","sticky":false,"template":"","format":"standard","meta":{"iawp_total_views":1351,"footnotes":""},"categories":[1,466],"tags":[480,481,470,475,482,426,476,477,484],"class_list":["post-4079","post","type-post","status-publish","format-standard","has-post-thumbnail","hentry","category-allgemein","category-gesellschaft","tag-deutschland","tag-energiepolitik","tag-eu-gesetze","tag-europa","tag-geopolitik","tag-krisen","tag-meinungsfreiheit","tag-portrait","tag-sicherheitspolitik"],"_links":{"self":[{"href":"https:\/\/www.markus-schall.de\/pl\/wp-json\/wp\/v2\/posts\/4079","targetHints":{"allow":["GET"]}}],"collection":[{"href":"https:\/\/www.markus-schall.de\/pl\/wp-json\/wp\/v2\/posts"}],"about":[{"href":"https:\/\/www.markus-schall.de\/pl\/wp-json\/wp\/v2\/types\/post"}],"author":[{"embeddable":true,"href":"https:\/\/www.markus-schall.de\/pl\/wp-json\/wp\/v2\/users\/1"}],"replies":[{"embeddable":true,"href":"https:\/\/www.markus-schall.de\/pl\/wp-json\/wp\/v2\/comments?post=4079"}],"version-history":[{"count":22,"href":"https:\/\/www.markus-schall.de\/pl\/wp-json\/wp\/v2\/posts\/4079\/revisions"}],"predecessor-version":[{"id":5415,"href":"https:\/\/www.markus-schall.de\/pl\/wp-json\/wp\/v2\/posts\/4079\/revisions\/5415"}],"wp:featuredmedia":[{"embeddable":true,"href":"https:\/\/www.markus-schall.de\/pl\/wp-json\/wp\/v2\/media\/4082"}],"wp:attachment":[{"href":"https:\/\/www.markus-schall.de\/pl\/wp-json\/wp\/v2\/media?parent=4079"}],"wp:term":[{"taxonomy":"category","embeddable":true,"href":"https:\/\/www.markus-schall.de\/pl\/wp-json\/wp\/v2\/categories?post=4079"},{"taxonomy":"post_tag","embeddable":true,"href":"https:\/\/www.markus-schall.de\/pl\/wp-json\/wp\/v2\/tags?post=4079"}],"curies":[{"name":"wp","href":"https:\/\/api.w.org\/{rel}","templated":true}]}}