{"id":4521,"date":"2026-01-22T19:23:43","date_gmt":"2026-01-22T19:23:43","guid":{"rendered":"https:\/\/www.markus-schall.de\/?p=4521"},"modified":"2026-04-22T15:41:35","modified_gmt":"2026-04-22T15:41:35","slug":"wiecej-niz-punk-nina-hagen-cosma-shiva-i-sztuka-bycia-niezauwazonym","status":"publish","type":"post","link":"https:\/\/www.markus-schall.de\/pl\/2026\/01\/wiecej-niz-punk-nina-hagen-cosma-shiva-i-sztuka-bycia-niezauwazonym\/","title":{"rendered":"Wi\u0119cej ni\u017c punk: Nina Hagen, Cosma Shiva i sztuka nie da\u0107 si\u0119 wci\u0105gn\u0105\u0107"},"content":{"rendered":"<p>Kiedy podchodzi si\u0119 do portretu Niny Hagen, kusz\u0105ce jest, aby najpierw porozmawia\u0107 o muzyce. O punku, prowokacji, przenikliwych wyst\u0119pach. O wszystkim, co g\u0142o\u015bne i widoczne. Ten portret celowo zaczyna si\u0119 inaczej. Nie od piosenek, nie od styl\u00f3w, nie od obraz\u00f3w. Ale od czego\u015b cichszego - i wa\u017cniejszego: postawy.<\/p>\n<p>Postawa nie jest etykiet\u0105. Nie mo\u017cna jej za\u0142o\u017cy\u0107 jak kostiumu, przyklei\u0107 p\u00f3\u017aniej lub wyt\u0142umaczy\u0107 marketingiem. Postawa jest widoczna we wczesnym zachowaniu, na d\u0142ugo zanim kto\u015b stanie si\u0119 s\u0142awny. Wida\u0107 j\u0105 w tym, jak kto\u015b reaguje na ograniczenia, na sprzeczno\u015bci, na w\u0142adz\u0119. I w tym miejscu Nina Hagen staje si\u0119 interesuj\u0105ca - nie jako ikona, ale jako osobowo\u015b\u0107.<!--more--><\/p>\n<hr \/>\n\n\t\t\t<div class=\"display-post-types\">\n\n\t\t\t\t\t\t\t<style type=\"text\/css\">\n\t\t\t#dpt-wrapper-640 { --dpt-text-align: left;--dpt-image-crop: center;--dpt-border-radius: 5px;--dpt-h-gutter: 10px;--dpt-v-gutter: 9px; }\t\t\t<\/style>\n\t\t\t<style type=\"text\/css\">#dpt-wrapper-640 { --dpt-title-font-style:normal;--dpt-title-font-weight:600;--dpt-title-line-height:1.5;--dpt-title-text-decoration:none;--dpt-title-text-transform:none;--dpt-excerpt-font-style:normal;--dpt-excerpt-font-weight:400;--dpt-excerpt-line-height:1.5;--dpt-excerpt-text-decoration:none;--dpt-excerpt-text-transform:none;--dpt-meta1-font-style:normal;--dpt-meta1-font-weight:400;--dpt-meta1-line-height:1.9;--dpt-meta1-text-decoration:none;--dpt-meta1-text-transform:none;--dpt-meta2-font-style:normal;--dpt-meta2-font-weight:400;--dpt-meta2-line-height:1.9;--dpt-meta2-text-decoration:none;--dpt-meta2-text-transform:none; }<\/style><div class=\"dpt-main-header\">\n\t\t\t\t\t\t<div class=\"dpt-main-title\">\n\t\t\t\t\t\t\t<span class=\"dpt-main-title-text\">Aktualne artyku\u0142y na temat sztuki i kultury<\/span>\n\t\t\t\t\t\t<\/div>\n\t\t\t\t\t\t\n\t\t\t\t\t\t\n\t\t\t\t\t\t\n\t\t\t\t\t\t<\/div>\t\t\t\n\t\t\t\t<div id=\"dpt-wrapper-640\" class=\"dpt-wrapper dpt-mag1 land1 dpt-cropped dpt-flex-wrap\" >\n\n\t\t\t\t\t\t\t\t\t\t\t<div class=\"dpt-entry has-thumbnail\" data-title=\"beruf, weltbild, zukunft: entscheidungen im schatten des umbruchs\" data-id=\"3197\"  data-category=\"allgemein gesellschaft kunst &amp; kultur tipps &amp; anleitungen\" data-post_tag=\"erfahrungen krisen pers\u00f6nlichkeitsentwicklung ratgeber\">\n\t\t\t\t\t\t\t<div class=\"dpt-entry-wrapper\"><div class=\"dpt-featured-content\"><div class=\"dpt-permalink\"><a href=\"https:\/\/www.markus-schall.de\/pl\/2025\/10\/swiat-kariery-przyszle-decyzje-w-cieniu-wstrzasow\/\" class=\"dpt-permalink\"><span class=\"screen-reader-text\">Kariera, \u015bwiatopogl\u0105d, przysz\u0142o\u015b\u0107: decyzje w cieniu wstrz\u0105s\u00f3w<\/span><\/a><\/div><div class=\"dpt-thumbnail\"><div class=\"dpt-thumbnail-inner\"><img width=\"1024\" height=\"683\" class=\"attachment-full size-full\" alt=\"Decyzje w cieniu wstrz\u0105s\u00f3w\" context=\"dpt\" data-dpt-src=\"https:\/\/www.markus-schall.de\/wp-content\/uploads\/Entscheidungen-im-Schatten-Umbruch.jpg\" data-dpt-sizes=\"(max-width: 1024px) 100vw, 1024px\" data-dpt-srcset=\"https:\/\/www.markus-schall.de\/wp-content\/uploads\/Entscheidungen-im-Schatten-Umbruch.jpg 1024w, https:\/\/www.markus-schall.de\/wp-content\/uploads\/Entscheidungen-im-Schatten-Umbruch-300x200.jpg 300w, https:\/\/www.markus-schall.de\/wp-content\/uploads\/Entscheidungen-im-Schatten-Umbruch-768x512.jpg 768w, https:\/\/www.markus-schall.de\/wp-content\/uploads\/Entscheidungen-im-Schatten-Umbruch-18x12.jpg 18w\" \/><\/div><span class=\"dpt-thumbnail-aspect-ratio\" style=\"padding-top: 75%\"><\/span><\/div><\/div><div class=\"sub-entry\"><h3 class=\"dpt-title\"><a class=\"dpt-title-link\" href=\"https:\/\/www.markus-schall.de\/pl\/2025\/10\/swiat-kariery-przyszle-decyzje-w-cieniu-wstrzasow\/\" rel=\"bookmark\">Kariera, \u015bwiatopogl\u0105d, przysz\u0142o\u015b\u0107: decyzje w cieniu wstrz\u0105s\u00f3w<\/a><\/h3><\/div><\/div>\n\t\t\t\t\t\t<\/div><!-- .dpt-entry -->\n\t\t\t\t\t\t\t\t\t\t\t\t<div class=\"dpt-entry has-thumbnail\" data-title=\"helge schneider: haltung, humor und die freiheit, sich nicht erkl\u00e4ren zu m\u00fcssen\" data-id=\"4756\"  data-category=\"allgemein gesellschaft kunst &amp; kultur\" data-post_tag=\"deutschland erfahrungen meinungsfreiheit musik portrait\">\n\t\t\t\t\t\t\t<div class=\"dpt-entry-wrapper\"><div class=\"dpt-featured-content\"><div class=\"dpt-permalink\"><a href=\"https:\/\/www.markus-schall.de\/pl\/2026\/02\/postawa-helge-schneider-humor-i-wolnosc-by-nie-musiec-sie-tlumaczyc\/\" class=\"dpt-permalink\"><span class=\"screen-reader-text\">Helge Schneider: Postawa, humor i wolno\u015b\u0107 od konieczno\u015bci t\u0142umaczenia si\u0119<\/span><\/a><\/div><div class=\"dpt-thumbnail\"><div class=\"dpt-thumbnail-inner\"><img width=\"1024\" height=\"683\" class=\"attachment-full size-full\" alt=\"Helge Schneider Portret\" context=\"dpt\" data-dpt-src=\"https:\/\/www.markus-schall.de\/wp-content\/uploads\/Helge-Schneider.jpg\" data-dpt-sizes=\"(max-width: 1024px) 100vw, 1024px\" data-dpt-srcset=\"https:\/\/www.markus-schall.de\/wp-content\/uploads\/Helge-Schneider.jpg 1024w, https:\/\/www.markus-schall.de\/wp-content\/uploads\/Helge-Schneider-300x200.jpg 300w, https:\/\/www.markus-schall.de\/wp-content\/uploads\/Helge-Schneider-768x512.jpg 768w, https:\/\/www.markus-schall.de\/wp-content\/uploads\/Helge-Schneider-18x12.jpg 18w\" \/><\/div><span class=\"dpt-thumbnail-aspect-ratio\" style=\"padding-top: 75%\"><\/span><\/div><\/div><div class=\"sub-entry\"><h3 class=\"dpt-title\"><a class=\"dpt-title-link\" href=\"https:\/\/www.markus-schall.de\/pl\/2026\/02\/postawa-helge-schneider-humor-i-wolnosc-by-nie-musiec-sie-tlumaczyc\/\" rel=\"bookmark\">Helge Schneider: Postawa, humor i wolno\u015b\u0107 od konieczno\u015bci t\u0142umaczenia si\u0119<\/a><\/h3><\/div><\/div>\n\t\t\t\t\t\t<\/div><!-- .dpt-entry -->\n\t\t\t\t\t\t\t\t\t\t\t\t<div class=\"dpt-entry has-thumbnail\" data-title=\"cancel culture im westen: sport, universit\u00e4ten, milit\u00e4r und eu-sanktionen analysiert\" data-id=\"5009\"  data-category=\"allgemein gesellschaft kunst &amp; kultur\" data-post_tag=\"denkmodelle deutschland europa geopolitik krisen meinungsfreiheit sicherheitspolitik spieltheorie\">\n\t\t\t\t\t\t\t<div class=\"dpt-entry-wrapper\"><div class=\"dpt-featured-content\"><div class=\"dpt-permalink\"><a href=\"https:\/\/www.markus-schall.de\/pl\/2026\/02\/analiza-anulowania-kultury-na-zachodzie-uniwersytety-sportowe-wojsko-i-sankcje-ue\/\" class=\"dpt-permalink\"><span class=\"screen-reader-text\">Anuluj kultur\u0119 na Zachodzie: analiza sportu, uniwersytet\u00f3w, wojska i sankcji UE<\/span><\/a><\/div><div class=\"dpt-thumbnail\"><div class=\"dpt-thumbnail-inner\"><img width=\"1024\" height=\"683\" class=\"attachment-full size-full\" alt=\"Anuluj kultur\u0119 na Zachodzie\" context=\"dpt\" data-dpt-src=\"https:\/\/www.markus-schall.de\/wp-content\/uploads\/Cancel-Culture-Westen.jpg\" data-dpt-sizes=\"(max-width: 1024px) 100vw, 1024px\" data-dpt-srcset=\"https:\/\/www.markus-schall.de\/wp-content\/uploads\/Cancel-Culture-Westen.jpg 1024w, https:\/\/www.markus-schall.de\/wp-content\/uploads\/Cancel-Culture-Westen-300x200.jpg 300w, https:\/\/www.markus-schall.de\/wp-content\/uploads\/Cancel-Culture-Westen-768x512.jpg 768w, https:\/\/www.markus-schall.de\/wp-content\/uploads\/Cancel-Culture-Westen-18x12.jpg 18w\" \/><\/div><span class=\"dpt-thumbnail-aspect-ratio\" style=\"padding-top: 75%\"><\/span><\/div><\/div><div class=\"sub-entry\"><h3 class=\"dpt-title\"><a class=\"dpt-title-link\" href=\"https:\/\/www.markus-schall.de\/pl\/2026\/02\/analiza-anulowania-kultury-na-zachodzie-uniwersytety-sportowe-wojsko-i-sankcje-ue\/\" rel=\"bookmark\">Anuluj kultur\u0119 na Zachodzie: analiza sportu, uniwersytet\u00f3w, wojska i sankcji UE<\/a><\/h3><\/div><\/div>\n\t\t\t\t\t\t<\/div><!-- .dpt-entry -->\n\t\t\t\t\t\t\t\t\t\t\t\t<div class=\"dpt-entry has-thumbnail\" data-title=\"gr\u00f6nland, trump und die frage der zugeh\u00f6rigkeit: geschichte, recht und realit\u00e4t\" data-id=\"4325\"  data-category=\"allgemein gesellschaft kunst &amp; kultur\" data-post_tag=\"europa geopolitik krisen meinungsfreiheit sicherheitspolitik spieltheorie\">\n\t\t\t\t\t\t\t<div class=\"dpt-entry-wrapper\"><div class=\"dpt-featured-content\"><div class=\"dpt-permalink\"><a href=\"https:\/\/www.markus-schall.de\/pl\/2026\/01\/groenland-trump-i-kwestia-przynaleznosci-historia-prawo-i-rzeczywistosc\/\" class=\"dpt-permalink\"><span class=\"screen-reader-text\">Grenlandia, Trump i kwestia przynale\u017cno\u015bci: historia, prawo i rzeczywisto\u015b\u0107<\/span><\/a><\/div><div class=\"dpt-thumbnail\"><div class=\"dpt-thumbnail-inner\"><img width=\"1024\" height=\"683\" class=\"attachment-full size-full\" alt=\"Grenlandia na celowniku: USA i Trump\" context=\"dpt\" data-dpt-src=\"https:\/\/www.markus-schall.de\/wp-content\/uploads\/Groenland-USA-Trump-Titel.jpg\" data-dpt-sizes=\"(max-width: 1024px) 100vw, 1024px\" data-dpt-srcset=\"https:\/\/www.markus-schall.de\/wp-content\/uploads\/Groenland-USA-Trump-Titel.jpg 1024w, https:\/\/www.markus-schall.de\/wp-content\/uploads\/Groenland-USA-Trump-Titel-300x200.jpg 300w, https:\/\/www.markus-schall.de\/wp-content\/uploads\/Groenland-USA-Trump-Titel-768x512.jpg 768w, https:\/\/www.markus-schall.de\/wp-content\/uploads\/Groenland-USA-Trump-Titel-18x12.jpg 18w\" \/><\/div><span class=\"dpt-thumbnail-aspect-ratio\" style=\"padding-top: 75%\"><\/span><\/div><\/div><div class=\"sub-entry\"><h3 class=\"dpt-title\"><a class=\"dpt-title-link\" href=\"https:\/\/www.markus-schall.de\/pl\/2026\/01\/groenland-trump-i-kwestia-przynaleznosci-historia-prawo-i-rzeczywistosc\/\" rel=\"bookmark\">Grenlandia, Trump i kwestia przynale\u017cno\u015bci: historia, prawo i rzeczywisto\u015b\u0107<\/a><\/h3><\/div><\/div>\n\t\t\t\t\t\t<\/div><!-- .dpt-entry -->\n\t\t\t\t\t\t\n\t\t\t\t<\/div>\n\t\t\t\t\t\t<\/div>\n\t\t\t\n<hr \/>\n<h2>Tylko to, co zosta\u0142o wcze\u015bniej po cichu ustalone, ma g\u0142o\u015bny efekt<\/h2>\n<p>To, co wielu postrzega jako \u201eszale\u0144stwo\u201c, po bli\u017cszym przyjrzeniu si\u0119 jest zwykle przeciwie\u0144stwem przypadkowo\u015bci. Prowokacja rzadko wynika z chaosu. Powstaje z jasno\u015bci. Ci, kt\u00f3rzy celowo przesadzaj\u0105, wiedz\u0105, co robi\u0105. Je\u015bli nie chcesz si\u0119 t\u0142umaczy\u0107, to znaczy, \u017ce ju\u017c wszystko zrozumia\u0142e\u015b. Ten portret wynika zatem z prostego za\u0142o\u017cenia:<\/p>\n<p><a href=\"https:\/\/de.wikipedia.org\/wiki\/Nina_Hagen\" target=\"_blank\" rel=\"noopener\">Nina Hagen<\/a> nie by\u0142a ekscentryczna - by\u0142a uwa\u017cna. Obserwowa\u0142a, wyczuwa\u0142a napi\u0119cia, rejestrowa\u0142a niesprawiedliwo\u015bci. Dopiero p\u00f3\u017aniej znalaz\u0142a formy ekspresji, kt\u00f3re sta\u0142y si\u0119 widoczne. Postawa przysz\u0142a przed stylem.<\/p>\n<p>Zw\u0142aszcza w czasach, gdy wiele os\u00f3b myli g\u0142o\u015bno\u015b\u0107 z odwag\u0105, warto powa\u017cnie potraktowa\u0107 t\u0119 r\u00f3\u017cnic\u0119. Postawa to nie ha\u0142as. Postawa to konsekwencja.<\/p>\n<h3>Dlaczego powsta\u0142 ten portret<\/h3>\n<p>Ten portret nie jest tekstem fanowskim. Nie ma na celu zadowolenia, uchwycenia czy gloryfikacji. Nie jest te\u017c wyliczeniem. Jest przybli\u017ceniem. Napisany z zainteresowania osob\u0105, kt\u00f3ra wielokrotnie odmawia\u0142a prostoty - chocia\u017c uproszczenie cz\u0119sto by\u0142oby wygodniejszym sposobem.<\/p>\n<p>Nie znajdziemy tu chronologicznego ci\u0105gu sukces\u00f3w, pe\u0142nej dyskografii czy listy medialnych skandali. To wszystko jest dost\u0119pne wsz\u0119dzie. Rzadsza jest spokojna refleksja nad tym, co nosz\u0105 ludzie, kt\u00f3rzy nie chc\u0105 si\u0119 dostosowa\u0107.<\/p>\n<p>Nina Hagen szczeg\u00f3lnie dobrze si\u0119 do tego nadaje, poniewa\u017c spolaryzowa\u0142a si\u0119, nigdy nie pozwalaj\u0105c si\u0119 ca\u0142kowicie przej\u0105\u0107. Ani przez system, ani przez rynek, ani przez swoich fan\u00f3w.<\/p>\n<h3>Postawa jako wczesna decyzja<\/h3>\n<p>Postawa nie jest tworzona w \u015bwietle reflektor\u00f3w. Jest tworzona w przestrzeniach, w kt\u00f3rych jeste\u015b obserwowany. W systemach, kt\u00f3re formu\u0142uj\u0105 oczekiwania. W rodzinach, szko\u0142ach, strukturach. Powstaje tam, gdzie zdajesz sobie spraw\u0119, \u017ce co\u015b jest nie tak - i decydujesz, jak sobie z tym poradzi\u0107.<\/p>\n<p>Ten wczesny \u015blad jest kluczowy dla Niny Hagen. Nie dlatego, \u017ce musia\u0142a wyj\u0105tkowo cierpie\u0107, ale dlatego, \u017ce wcze\u015bnie nauczy\u0142a si\u0119 rozr\u00f3\u017cnia\u0107 mi\u0119dzy powierzchowno\u015bci\u0105 a rzeczywisto\u015bci\u0105. Mi\u0119dzy tym, co si\u0119 m\u00f3wi, a tym, co si\u0119 ma na my\u015bli. Mi\u0119dzy oficjaln\u0105 narracj\u0105 a codziennym \u017cyciem.<\/p>\n<p>Zdolno\u015b\u0107 ta nie jest spektakularna - a jednak rzadka. Stanowi podstaw\u0119 wszystkiego, co p\u00f3\u017aniej sta\u0142o si\u0119 widoczne.<\/p>\n<p>Wiele os\u00f3b publicznych opracowuje program w trakcie swojej kariery: rol\u0119, oczekiwania, ustalony zestaw o\u015bwiadcze\u0144. Nina Hagen wielokrotnie wymyka\u0142a si\u0119 temu schematowi. To sprawia, \u017ce czuje si\u0119 niekomfortowo. Ale w\u0142a\u015bnie w tym tkwi jej konsekwencja.<\/p>\n<p>Postawa nie oznacza, \u017ce zawsze mamy racj\u0119. Nie oznacza te\u017c, \u017ce zawsze trzeba by\u0107 konsekwentnym. Postawa nie oznacza celowego naginania siebie tylko po to, by spe\u0142ni\u0107 oczekiwania. Ci, kt\u00f3rzy si\u0119 rozwijaj\u0105, nieuchronnie zaprzeczaj\u0105 samym sobie. Ci, kt\u00f3rzy szukaj\u0105 uczciwie, nie stoj\u0105 w miejscu.<\/p>\n<p>W tym sensie Nina Hagen jest mniej sko\u0144czon\u0105 postaci\u0105 ni\u017c procesem. I dok\u0142adnie tak jest traktowana w tym tek\u015bcie.<\/p>\n<h3>Portret na wysoko\u015bci oczu<\/h3>\n<p>Ten portret jest skierowany do czytelnik\u00f3w, kt\u00f3rzy nie szukaj\u0105 instrukcji ani kultu bohater\u00f3w. Jest skierowany do ludzi, kt\u00f3rzy interesuj\u0105 si\u0119 osobowo\u015bciami - nie mitami. W decyzjach - nie w etykietach.<\/p>\n<p>Nie trzeba lubi\u0107 muzyki Niny Hagen, by uzna\u0107 j\u0105 za interesuj\u0105c\u0105. Nie trzeba podziwia\u0107 jej wyst\u0119p\u00f3w, by szanowa\u0107 jej postaw\u0119. W\u0142a\u015bnie to oddzielenie jest kluczowe. Praca, efekt i osoba nie s\u0105 identyczne - i nie powinny by\u0107.<\/p>\n<p>Ten portret jest pr\u00f3b\u0105 wizualizacji w\u0142a\u015bnie tego podzia\u0142u.<\/p>\n<p>Kolejne rozdzia\u0142y b\u0119d\u0105 po\u015bwi\u0119cone jej pochodzeniu, dzieci\u0144stwu, dorastaniu w systemie NRD, przerwom i przej\u015bciom. Poka\u017c\u0105, jak wczesne do\u015bwiadczenia da\u0142y pocz\u0105tek wewn\u0119trznej niezale\u017cno\u015bci. I jak ta niezale\u017cno\u015b\u0107 sta\u0142a si\u0119 p\u00f3\u017aniej widoczna dla \u015bwiata zewn\u0119trznego - czasem g\u0142o\u015bno, czasem irytuj\u0105co, cz\u0119sto niezrozumiana. Wsp\u00f3lny w\u0105tek pozostaje niezmienny:<\/p>\n<ul>\n<li>Postawa przed s\u0142aw\u0105.<\/li>\n<li>Decyzja przed poz\u0105.<\/li>\n<li>Klarowno\u015b\u0107 przed g\u0142o\u015bno\u015bci\u0105.<\/li>\n<\/ul>\n<p>Je\u015bli kontynuujesz czytanie tego tekstu, to nie po to, aby potwierdzi\u0107 ikon\u0119 - ale aby zbli\u017cy\u0107 si\u0119 do osoby, kt\u00f3ra wcze\u015bnie zdecydowa\u0142a si\u0119 nie by\u0107 prost\u0105. I kt\u00f3ry podj\u0105\u0142 t\u0119 decyzj\u0119. A\u017c do dzi\u015b.<\/p>\n<h2>Pochodzenie jako odcisk - dzieci\u0144stwo, rodzina i wczesna wra\u017cliwo\u015b\u0107<\/h2>\n<p>Pochodzenie danej osoby nie wyja\u015bnia wszystkiego - ale wyja\u015bnia wiele. W przypadku Niny Hagen nie jest to t\u0142o dekoracyjne, ale fundament wspieraj\u0105cy. Urodzona w Berlinie Wschodnim w po\u0142owie lat pi\u0119\u0107dziesi\u0105tych, dorasta\u0142a w \u015bwiecie charakteryzuj\u0105cym si\u0119 kontrastami: artystyczn\u0105 otwarto\u015bci\u0105 w sferze prywatnej, ideologicznym zaw\u0119\u017ceniem w sferze publicznej. To w\u0142a\u015bnie w tym polu napi\u0119\u0107 wcze\u015bnie ukszta\u0142towa\u0142a si\u0119 jej szczeg\u00f3lna wra\u017cliwo\u015b\u0107.<\/p>\n<p>Dom rodzinny charakteryzuje sztuka, j\u0119zyk, muzyka i scena s\u0105 naturaln\u0105 cz\u0119\u015bci\u0105 codziennego \u017cycia. Jednocze\u015bnie istnieje pa\u0144stwo, kt\u00f3re dyktuje, co mo\u017cna powiedzie\u0107, pomy\u015ble\u0107 i pokaza\u0107. Dla dziecka oznacza to dwie rzeczywisto\u015bci. Jedn\u0105, kt\u00f3ra wydaje si\u0119 prawdziwa. I tak\u0105, kt\u00f3ra jest oficjalna. Ka\u017cdy, kto dorasta w takim \u015brodowisku, uczy si\u0119 rozr\u00f3\u017cnia\u0107 w m\u0142odym wieku - nie w teorii, ale w praktyce.<\/p>\n<p>Rola matki jest tu kluczowa. Nie jest ona postaci\u0105 marginaln\u0105, ale punktem orientacyjnym. Artystycznie aktywna, obecna, niezale\u017cna. Brak konformistycznego funkcjonowania, ale \u017cycie z ekspresj\u0105. Jest to kszta\u0142tuj\u0105ce dla dziecka bez konieczno\u015bci wyja\u015bniania. Postawa nie jest tutaj g\u0142oszona, ale jest przyk\u0142adem.<\/p>\n<p>W takich konstelacjach nie ma \u015blepego pos\u0142usze\u0144stwa, ale uwa\u017cno\u015b\u0107. Dzieci uwa\u017cnie obserwuj\u0105. Rejestruj\u0105, kiedy doro\u015bli m\u00f3wi\u0105 co\u015b, w co nie wierz\u0105. Wyczuwaj\u0105, gdzie zaczyna si\u0119 konformizm, a gdzie ko\u0144czy przekonanie. Ci, kt\u00f3rzy dorastaj\u0105 w ten spos\u00f3b, wcze\u015bnie rozwijaj\u0105 poczucie autentyczno\u015bci - i jej braku.<\/p>\n<p>To wczesne kszta\u0142towanie jest kluczowe: postawa nie rozwija si\u0119 jako bunt przeciwko rodzicom, ale jako kontynuacja wewn\u0119trznej pewno\u015bci siebie. Nie g\u0142o\u015bna, nie wojownicza - ale przebudzona.<\/p>\n<p><img loading=\"lazy\" decoding=\"async\" class=\"alignnone wp-image-4531 size-large\" src=\"https:\/\/www.markus-schall.de\/wp-content\/uploads\/Nina-Hagen-DDR-Kindheit.jpg\" alt=\"Dzieci\u0144stwo Niny Hagen w NRD\" width=\"1024\" height=\"683\" srcset=\"https:\/\/www.markus-schall.de\/wp-content\/uploads\/Nina-Hagen-DDR-Kindheit.jpg 1024w, https:\/\/www.markus-schall.de\/wp-content\/uploads\/Nina-Hagen-DDR-Kindheit-300x200.jpg 300w, https:\/\/www.markus-schall.de\/wp-content\/uploads\/Nina-Hagen-DDR-Kindheit-768x512.jpg 768w, https:\/\/www.markus-schall.de\/wp-content\/uploads\/Nina-Hagen-DDR-Kindheit-18x12.jpg 18w\" sizes=\"auto, (max-width: 1024px) 100vw, 1024px\" \/><\/p>\n<h3>Wczesne spotkania ze sztuk\u0105 - bez romantyzmu<\/h3>\n<p>Muzyka, \u015bpiew, taniec: wszystko to jest cz\u0119\u015bci\u0105 codziennego \u017cycia Niny Hagen od najm\u0142odszych lat. Talent jest rozpoznawany, wspierany i kwestionowany. Ale nie jest to gloryfikowane. Sztuka nie jest luksusem, ale prac\u0105. Praktyka. Dyscyplina. Jest to r\u00f3wnie\u017c forma postawy: nie traktowa\u0107 kreatywno\u015bci jako stanu wyj\u0105tkowego, ale jako powa\u017cn\u0105 dzia\u0142alno\u015b\u0107.<\/p>\n<p>Jednocze\u015bnie ju\u017c na wczesnym etapie staje si\u0119 jasne, \u017ce sam talent nie wystarczy. W kontrolowanym przez pa\u0144stwo sektorze kultury talent jest oceniany, kategoryzowany i kontrolowany. Wsparcie nigdy nie jest neutralne. Zawsze wi\u0105\u017ce si\u0119 z oczekiwaniami. Je\u015bli nale\u017cysz, musisz si\u0119 dopasowa\u0107. Ci, kt\u00f3rzy si\u0119 wyr\u00f3\u017cniaj\u0105, s\u0105 obserwowani.<\/p>\n<p>Dla wra\u017cliwego dziecka nie skutkuje to buntem, ale ostro\u017cno\u015bci\u0105. Uczy si\u0119 porusza\u0107 bez ujawniania siebie. Umiej\u0119tno\u015b\u0107, kt\u00f3ra p\u00f3\u017aniej jest cz\u0119sto \u017ale rozumiana - jako kalkulacja lub inscenizacja - ale kt\u00f3ra pocz\u0105tkowo jest niczym wi\u0119cej ni\u017c samoobron\u0105.<\/p>\n<h3>Dzieci\u0119ca czujno\u015b\u0107 zamiast dzieci\u0119cej naiwno\u015bci<\/h3>\n<p>Czego wielu nie docenia: Dzieci w systemach autorytarnych nie s\u0105 automatycznie konformistyczne. Cz\u0119sto s\u0105 szczeg\u00f3lnie uwa\u017cne. S\u0142uchaj\u0105 uwa\u017cnie. Zdaj\u0105 sobie spraw\u0119, kiedy co\u015b jest nie tak. Ta czujno\u015b\u0107 nie jest oznak\u0105 przedwczesnej dojrza\u0142o\u015bci w romantycznym sensie, ale konieczno\u015bci\u0105.<\/p>\n<p>Nina Hagen r\u00f3wnie\u017c nie dorasta w pr\u00f3\u017cni. Rozmowy, nastroje, niewypowiedziane napi\u0119cia - wszystko to jest postrzegane. Postawa nie jest tu tworzona jako sprzeciw, ale jako wewn\u0119trzny dystans. Nie trzeba si\u0119 g\u0142o\u015bno nie zgadza\u0107, by nie zosta\u0107 przyj\u0119tym.<\/p>\n<p>Ta umiej\u0119tno\u015b\u0107 zachowania dystansu bez odwracania si\u0119 jest powracaj\u0105cym motywem w jej p\u00f3\u017aniejszym \u017cyciu. Wyja\u015bnia, dlaczego nigdy nie pozwoli\u0142a si\u0119 ca\u0142kowicie poch\u0142on\u0105\u0107 - ani przez pa\u0144stwo, ani przez rynek, ani przez sceny.<\/p>\n<h3>Szko\u0142a jako miejsce adaptacji<\/h3>\n<p>W NRD szko\u0142a jest czym\u015b wi\u0119cej ni\u017c tylko miejscem edukacji. Jest instrumentem. Oceniane s\u0105 wyniki, ale tak\u017ce postawa. Je\u015bli si\u0119 wyr\u00f3\u017cniasz, wyr\u00f3\u017cniasz si\u0119. Je\u015bli zadajesz pytania, jeste\u015b rejestrowany. Dla dzieci z artystycznych rodzin jest to balansowanie: przynale\u017cno\u015b\u0107 bez zaprzeczania samemu sobie.<\/p>\n<p>Nina Hagen r\u00f3wnie\u017c porusza si\u0119 mi\u0119dzy wierszami. Nie jako otwarta buntowniczka, ale jako kto\u015b, kto zdaje sobie spraw\u0119, \u017ce istniej\u0105 zasady, kt\u00f3re nie podlegaj\u0105 negocjacjom - i inne, kt\u00f3re mo\u017cna obej\u015b\u0107. Postawa nie przejawia si\u0119 tu w oporze, ale w wewn\u0119trznym kompasie.<\/p>\n<p>To do\u015bwiadczenie jest wa\u017cne dla jej p\u00f3\u017aniejszego zrozumienia samej siebie. Wyja\u015bnia, dlaczego prowokacja nigdy nie dzia\u0142a na ni\u0105 bezrefleksyjnie. Ci, kt\u00f3rzy nauczyli si\u0119 kontrolowa\u0107 siebie w m\u0142odym wieku, dok\u0142adnie wiedz\u0105, kiedy \u015bwiadomie zrezygnowa\u0107 z kontroli.<\/p>\n<h3>Rodzina, polityka i niewypowiedziane konflikty<\/h3>\n<p>Do tego dochodzi \u015brodowisko polityczne rodziny. Krytyczne g\u0142osy, napi\u0119cia z systemem, konsekwencje, kt\u00f3re nie pozostaj\u0105 teoretyczne. Dla dziecka oznacza to, \u017ce polityka nie jest czym\u015b abstrakcyjnym. Wp\u0142ywa na ich w\u0142asne \u017cycie. Ma konsekwencje.<\/p>\n<p>To do\u015bwiadczenie zwi\u0119ksza \u015bwiadomo\u015b\u0107 struktur w\u0142adzy. Nie ideologicznie, ale egzystencjalnie. Postawy nie wynikaj\u0105 z hase\u0142, ale z obserwacji. Ka\u017cdy, kto do\u015bwiadcza, jak szybko okoliczno\u015bci \u017cyciowe mog\u0105 si\u0119 zmieni\u0107, rozwija poczucie zale\u017cno\u015bci - i ich niebezpiecze\u0144stw.<\/p>\n<p>Nina Hagen dorasta w tym klimacie, nie zamieniaj\u0105c go w narracj\u0119 ofiary. Nie ma tu samostygmatyzacji. Raczej wczesne zrozumienie, \u017ce wolno\u015bci nigdy nie mo\u017cna bra\u0107 za pewnik - i \u017ce nie dostaje si\u0119 jej za darmo.<\/p>\n<p>To, co cz\u0119sto odrzuca si\u0119 jako nadwra\u017cliwo\u015b\u0107, jest w rzeczywisto\u015bci mocn\u0105 stron\u0105: wra\u017cliwo\u015bci\u0105. Umo\u017cliwia ona percepcj\u0119. Pozwala na r\u00f3\u017cnicowanie. W \u015brodowisku, kt\u00f3re wymaga uproszcze\u0144, jest to ryzyko - a jednocze\u015bnie zas\u00f3b. Ta wra\u017cliwo\u015b\u0107 wyja\u015bnia, dlaczego Nina Hagen nie sta\u0142a si\u0119 p\u00f3\u017aniej g\u0142adka. Dlaczego nie wpasowa\u0142a si\u0119 \u0142atwo w role. Ci, kt\u00f3rzy nauczyli si\u0119 s\u0142ysze\u0107 niuanse w m\u0142odym wieku, nie mog\u0105 p\u00f3\u017aniej zaakceptowa\u0107 jednowymiarowych odpowiedzi.<\/p>\n<p>Postawa nie wynika tu z buntu, ale z g\u0142\u0119bokiej potrzeby sp\u00f3jno\u015bci. Wn\u0119trze i zewn\u0119trze powinny do siebie pasowa\u0107. Je\u015bli to si\u0119 nie udaje, staje si\u0119 g\u0142o\u015bne - nie z ch\u0119ci prowokacji, ale z powodu niezgodno\u015bci.<\/p>\n<h3>Pochodzenie jako punkt wyj\u015bcia, a nie jako wyja\u015bnienie<\/h3>\n<p>Zbyt \u0142atwo by\u0142oby zrzuci\u0107 ca\u0142\u0105 win\u0119 na pochodzenie. Nie wyja\u015bnia to p\u00f3\u017aniejszej \u015bcie\u017cki, ale czyni j\u0105 zrozumia\u0142\u0105. Pokazuje, dlaczego pewne decyzje by\u0142y oczywiste - a inne niemo\u017cliwe.<\/p>\n<p>Dzieci\u0144stwo Niny Hagen nie jest histori\u0105 heroizmu czy cierpienia. To przyk\u0142ad tego, jak postawa rozwija si\u0119 po cichu: poprzez obserwacj\u0119, poprzez sprzeczno\u015bci, poprzez wczesne do\u015bwiadczenia ogranicze\u0144 i wolno\u015bci.<\/p>\n<p>To pochodzenie nie jest przeznaczeniem. To punkt wyj\u015bcia. To, czym si\u0119 sta\u0142, jest wynikiem wielu decyzji. Ale bez tego pocz\u0105tku wielu rzeczy nie da\u0142oby si\u0119 wyja\u015bni\u0107.<\/p>\n<p>Zanim postawa stanie si\u0119 widoczna, musi si\u0119 rozwin\u0105\u0107. Zanim sprowokuje, musi si\u0119 skonsolidowa\u0107. Nast\u0119pne kilka lat poka\u017ce, jak ta wczesna wra\u017cliwo\u015b\u0107 rozwija si\u0119 w niezale\u017cn\u0105 osobowo\u015b\u0107 - w systemie, kt\u00f3ry nie pozostawia dla niej wiele miejsca. Nast\u0119pny rozdzia\u0142 po\u015bwi\u0119cony jest w\u0142a\u015bnie tej fazie: dorastaniu w codziennym \u017cyciu w NRD, pierwszym sukcesom, pierwszym ograniczeniom - i cichym decyzjom, kt\u00f3re przygotowuj\u0105 drog\u0119 naprz\u00f3d.<\/p>\n<hr \/>\n\n\t\t\t<div class=\"display-post-types\">\n\n\t\t\t\t\t\t\t<style type=\"text\/css\">\n\t\t\t#dpt-wrapper-641 { --dpt-text-align: left;--dpt-image-crop: center;--dpt-border-radius: 5px;--dpt-h-gutter: 10px;--dpt-v-gutter: 10px; }\t\t\t<\/style>\n\t\t\t<style type=\"text\/css\">#dpt-wrapper-641 { --dpt-title-font-style:normal;--dpt-title-font-weight:600;--dpt-title-line-height:1.5;--dpt-title-text-decoration:none;--dpt-title-text-transform:none;--dpt-excerpt-font-style:normal;--dpt-excerpt-font-weight:400;--dpt-excerpt-line-height:1.5;--dpt-excerpt-text-decoration:none;--dpt-excerpt-text-transform:none;--dpt-meta1-font-style:normal;--dpt-meta1-font-weight:400;--dpt-meta1-line-height:1.9;--dpt-meta1-text-decoration:none;--dpt-meta1-text-transform:none;--dpt-meta2-font-style:normal;--dpt-meta2-font-weight:400;--dpt-meta2-line-height:1.9;--dpt-meta2-text-decoration:none;--dpt-meta2-text-transform:none; }<\/style><div class=\"dpt-main-header\">\n\t\t\t\t\t\t<div class=\"dpt-main-title\">\n\t\t\t\t\t\t\t<span class=\"dpt-main-title-text\">Portrety ludzi z nastawieniem<\/span>\n\t\t\t\t\t\t<\/div>\n\t\t\t\t\t\t\n\t\t\t\t\t\t\n\t\t\t\t\t\t\n\t\t\t\t\t\t<\/div>\t\t\t\n\t\t\t\t<div id=\"dpt-wrapper-641\" class=\"dpt-wrapper dpt-mag1 land1 dpt-cropped dpt-flex-wrap\" >\n\n\t\t\t\t\t\t\t\t\t\t\t<div class=\"dpt-entry has-thumbnail\" data-title=\"ulrike gu\u00e9rot: eine europ\u00e4erin zwischen idee, universit\u00e4t und \u00f6ffentlichem diskurs\" data-id=\"4039\"  data-category=\"allgemein gesellschaft kunst &amp; kultur\" data-post_tag=\"denkmodelle deutschland europa geopolitik krisen meinungsfreiheit portrait sicherheitspolitik spieltheorie\">\n\t\t\t\t\t\t\t<div class=\"dpt-entry-wrapper\"><div class=\"dpt-featured-content\"><div class=\"dpt-permalink\"><a href=\"https:\/\/www.markus-schall.de\/pl\/2025\/12\/ulrike-guerot-europejka-miedzy-idea-uniwersytetu-a-dyskursem-publicznym\/\" class=\"dpt-permalink\"><span class=\"screen-reader-text\">Ulrike Gu\u00e9rot: Europejka mi\u0119dzy ide\u0105, uniwersytetem i dyskursem publicznym<\/span><\/a><\/div><div class=\"dpt-thumbnail\"><div class=\"dpt-thumbnail-inner\"><img width=\"1024\" height=\"683\" class=\"attachment-full size-full\" alt=\"Ulrike Gu\u00e9rot i Europa\" context=\"dpt\" data-dpt-src=\"https:\/\/www.markus-schall.de\/wp-content\/uploads\/ulrike-guerot-portrait.jpg\" data-dpt-sizes=\"(max-width: 1024px) 100vw, 1024px\" data-dpt-srcset=\"https:\/\/www.markus-schall.de\/wp-content\/uploads\/ulrike-guerot-portrait.jpg 1024w, https:\/\/www.markus-schall.de\/wp-content\/uploads\/ulrike-guerot-portrait-300x200.jpg 300w, https:\/\/www.markus-schall.de\/wp-content\/uploads\/ulrike-guerot-portrait-768x512.jpg 768w, https:\/\/www.markus-schall.de\/wp-content\/uploads\/ulrike-guerot-portrait-18x12.jpg 18w\" \/><\/div><span class=\"dpt-thumbnail-aspect-ratio\" style=\"padding-top: 75%\"><\/span><\/div><\/div><div class=\"sub-entry\"><h3 class=\"dpt-title\"><a class=\"dpt-title-link\" href=\"https:\/\/www.markus-schall.de\/pl\/2025\/12\/ulrike-guerot-europejka-miedzy-idea-uniwersytetu-a-dyskursem-publicznym\/\" rel=\"bookmark\">Ulrike Gu\u00e9rot: Europejka mi\u0119dzy ide\u0105, uniwersytetem i dyskursem publicznym<\/a><\/h3><\/div><\/div>\n\t\t\t\t\t\t<\/div><!-- .dpt-entry -->\n\t\t\t\t\t\t\t\t\t\t\t\t<div class=\"dpt-entry has-thumbnail\" data-title=\"wer ist eigentlich j. d. vance? ein portrait zu herkunft, karriere, widerspr\u00fcchen und zukunft\" data-id=\"5395\"  data-category=\"allgemein gesellschaft\" data-post_tag=\"energiepolitik erfahrungen europa geopolitik krisen meinungsfreiheit portrait sicherheitspolitik\">\n\t\t\t\t\t\t\t<div class=\"dpt-entry-wrapper\"><div class=\"dpt-featured-content\"><div class=\"dpt-permalink\"><a href=\"https:\/\/www.markus-schall.de\/pl\/2026\/03\/kim-jest-j-d-vance-portret-jego-poczatkow-kariery-sprzecznosci-i-przyszlosci\/\" class=\"dpt-permalink\"><span class=\"screen-reader-text\">Kim w\u0142a\u015bciwie jest J. D. Vance? Portret jego pochodzenia, kariery, sprzeczno\u015bci i przysz\u0142o\u015bci<\/span><\/a><\/div><div class=\"dpt-thumbnail\"><div class=\"dpt-thumbnail-inner\"><img width=\"1024\" height=\"683\" class=\"attachment-full size-full\" alt=\"Kim jest J. D. Vance?\" context=\"dpt\" data-dpt-src=\"https:\/\/www.markus-schall.de\/wp-content\/uploads\/JD-Vance-Portrait.jpg\" data-dpt-sizes=\"(max-width: 1024px) 100vw, 1024px\" data-dpt-srcset=\"https:\/\/www.markus-schall.de\/wp-content\/uploads\/JD-Vance-Portrait.jpg 1024w, https:\/\/www.markus-schall.de\/wp-content\/uploads\/JD-Vance-Portrait-300x200.jpg 300w, https:\/\/www.markus-schall.de\/wp-content\/uploads\/JD-Vance-Portrait-768x512.jpg 768w, https:\/\/www.markus-schall.de\/wp-content\/uploads\/JD-Vance-Portrait-18x12.jpg 18w\" \/><\/div><span class=\"dpt-thumbnail-aspect-ratio\" style=\"padding-top: 75%\"><\/span><\/div><\/div><div class=\"sub-entry\"><h3 class=\"dpt-title\"><a class=\"dpt-title-link\" href=\"https:\/\/www.markus-schall.de\/pl\/2026\/03\/kim-jest-j-d-vance-portret-jego-poczatkow-kariery-sprzecznosci-i-przyszlosci\/\" rel=\"bookmark\">Kim w\u0142a\u015bciwie jest J. D. Vance? Portret jego pochodzenia, kariery, sprzeczno\u015bci i przysz\u0142o\u015bci<\/a><\/h3><\/div><\/div>\n\t\t\t\t\t\t<\/div><!-- .dpt-entry -->\n\t\t\t\t\t\t\t\t\t\t\t\t<div class=\"dpt-entry has-thumbnail\" data-title=\"jeffrey sachs warnt deutschland: warum europas sicherheit neu gedacht werden muss\" data-id=\"4079\"  data-category=\"allgemein gesellschaft\" data-post_tag=\"deutschland energiepolitik eu-gesetze europa geopolitik krisen meinungsfreiheit portrait sicherheitspolitik\">\n\t\t\t\t\t\t\t<div class=\"dpt-entry-wrapper\"><div class=\"dpt-featured-content\"><div class=\"dpt-permalink\"><a href=\"https:\/\/www.markus-schall.de\/pl\/2025\/12\/jeffrey-sachs-ostrzega-niemcy-dlaczego-nalezy-przemyslec-bezpieczenstwo-europy\/\" class=\"dpt-permalink\"><span class=\"screen-reader-text\">Jeffrey Sachs ostrzega Niemcy: Dlaczego nale\u017cy przemy\u015ble\u0107 bezpiecze\u0144stwo Europy?<\/span><\/a><\/div><div class=\"dpt-thumbnail\"><div class=\"dpt-thumbnail-inner\"><img width=\"1024\" height=\"683\" class=\"attachment-full size-full\" alt=\"Jeffrey Sachs pisze list otwarty do kanclerza Merza\" context=\"dpt\" data-dpt-src=\"https:\/\/www.markus-schall.de\/wp-content\/uploads\/jeffrey-sachs-bundeskanzler-eu.jpg\" data-dpt-sizes=\"(max-width: 1024px) 100vw, 1024px\" data-dpt-srcset=\"https:\/\/www.markus-schall.de\/wp-content\/uploads\/jeffrey-sachs-bundeskanzler-eu.jpg 1024w, https:\/\/www.markus-schall.de\/wp-content\/uploads\/jeffrey-sachs-bundeskanzler-eu-300x200.jpg 300w, https:\/\/www.markus-schall.de\/wp-content\/uploads\/jeffrey-sachs-bundeskanzler-eu-768x512.jpg 768w, https:\/\/www.markus-schall.de\/wp-content\/uploads\/jeffrey-sachs-bundeskanzler-eu-18x12.jpg 18w\" \/><\/div><span class=\"dpt-thumbnail-aspect-ratio\" style=\"padding-top: 75%\"><\/span><\/div><\/div><div class=\"sub-entry\"><h3 class=\"dpt-title\"><a class=\"dpt-title-link\" href=\"https:\/\/www.markus-schall.de\/pl\/2025\/12\/jeffrey-sachs-ostrzega-niemcy-dlaczego-nalezy-przemyslec-bezpieczenstwo-europy\/\" rel=\"bookmark\">Jeffrey Sachs ostrzega Niemcy: Dlaczego nale\u017cy przemy\u015ble\u0107 bezpiecze\u0144stwo Europy?<\/a><\/h3><\/div><\/div>\n\t\t\t\t\t\t<\/div><!-- .dpt-entry -->\n\t\t\t\t\t\t\t\t\t\t\t\t<div class=\"dpt-entry has-thumbnail\" data-title=\"vicco von b\u00fclow alias loriot \u2013 ordnung, form und der leise widerstand des humors\" data-id=\"4169\"  data-category=\"allgemein gesellschaft kunst &amp; kultur stories &amp; humor\" data-post_tag=\"deutschland erfahrungen pers\u00f6nlichkeitsentwicklung portrait\">\n\t\t\t\t\t\t\t<div class=\"dpt-entry-wrapper\"><div class=\"dpt-featured-content\"><div class=\"dpt-permalink\"><a href=\"https:\/\/www.markus-schall.de\/pl\/2025\/12\/formularz-zamowienia-vicco-von-buelow-alias-loriot-i-cichy-opor-humoru\/\" class=\"dpt-permalink\"><span class=\"screen-reader-text\">Vicco von B\u00fclow alias Loriot - porz\u0105dek, forma i cichy op\u00f3r humoru<\/span><\/a><\/div><div class=\"dpt-thumbnail\"><div class=\"dpt-thumbnail-inner\"><img width=\"1024\" height=\"747\" class=\"attachment-full size-full\" alt=\"\" context=\"dpt\" data-dpt-src=\"https:\/\/www.markus-schall.de\/wp-content\/uploads\/Loriot-Titel.jpg\" data-dpt-sizes=\"(max-width: 1024px) 100vw, 1024px\" data-dpt-srcset=\"https:\/\/www.markus-schall.de\/wp-content\/uploads\/Loriot-Titel.jpg 1024w, https:\/\/www.markus-schall.de\/wp-content\/uploads\/Loriot-Titel-300x219.jpg 300w, https:\/\/www.markus-schall.de\/wp-content\/uploads\/Loriot-Titel-768x560.jpg 768w, https:\/\/www.markus-schall.de\/wp-content\/uploads\/Loriot-Titel-16x12.jpg 16w\" \/><\/div><span class=\"dpt-thumbnail-aspect-ratio\" style=\"padding-top: 75%\"><\/span><\/div><\/div><div class=\"sub-entry\"><h3 class=\"dpt-title\"><a class=\"dpt-title-link\" href=\"https:\/\/www.markus-schall.de\/pl\/2025\/12\/formularz-zamowienia-vicco-von-buelow-alias-loriot-i-cichy-opor-humoru\/\" rel=\"bookmark\">Vicco von B\u00fclow alias Loriot - porz\u0105dek, forma i cichy op\u00f3r humoru<\/a><\/h3><\/div><\/div>\n\t\t\t\t\t\t<\/div><!-- .dpt-entry -->\n\t\t\t\t\t\t\n\t\t\t\t<\/div>\n\t\t\t\t\t\t<\/div>\n\t\t\t\n<hr \/>\n<h2>Dorastanie w systemie - NRD, szko\u0142a, pocz\u0105tki kariery i pierwsze granice<\/h2>\n<p>Dorastanie w NRD nie oznacza\u0142o permanentnego stanu wyj\u0105tkowego. To by\u0142a codzienno\u015b\u0107. Szko\u0142a, pr\u00f3by, egzaminy, wyst\u0119py. To w\u0142a\u015bnie ta normalno\u015b\u0107 jest wa\u017cna, by zrozumie\u0107, jak w takich warunkach kszta\u0142tuje si\u0119 postawa. System by\u0142 wszechobecny, ale rzadko spektakularny. Dzia\u0142a\u0142 poprzez zasady, oczekiwania, niewypowiedziane granice.<\/p>\n<p>Dla Niny Hagen oznacza\u0142o to, \u017ce sam talent nie wystarczy\u0142. Ka\u017cdy, kto awansowa\u0142, by\u0142 obserwowany. Ka\u017cdy, kto si\u0119 wyr\u00f3\u017cnia\u0142, musia\u0142 si\u0119 t\u0142umaczy\u0107. A ci, kt\u00f3rzy si\u0119 nie t\u0142umaczyli, uczyli si\u0119 milcze\u0107 - przynajmniej na zewn\u0105trz.<\/p>\n<p>W takich \u015brodowiskach postawa nie pojawia si\u0119 jako jawny op\u00f3r, ale jako wewn\u0119trzna nawigacja. Uczysz si\u0119 czyta\u0107 mi\u0119dzy wierszami. Wiesz, kiedy m\u00f3wi\u0107, a kiedy milcze\u0107. Ta umiej\u0119tno\u015b\u0107 jest p\u00f3\u017aniej cz\u0119sto \u017ale rozumiana. Nie jest to oportunizm, ale umiej\u0119tno\u015b\u0107 przetrwania.<\/p>\n<h3>Szko\u0142a w NRD jako filtr<\/h3>\n<p>Szko\u0142a w NRD nie by\u0142a neutraln\u0105 przestrzeni\u0105. By\u0142a sortowana. Nie tylko na podstawie wynik\u00f3w, ale tak\u017ce zdolno\u015bci adaptacyjnych. Pytania by\u0142y dozwolone - o ile nie by\u0142y niew\u0142a\u015bciwe. Kreatywno\u015b\u0107 by\u0142a mile widziana - o ile pasowa\u0142a.<\/p>\n<p>Dla dziecka o sk\u0142onno\u015bciach artystycznych oznacza\u0142o to ci\u0105g\u0142e balansowanie. Z jednej strony zach\u0119ta, z drugiej kontrola. Z jednej strony uznanie, z drugiej oczekiwania. Je\u015bli chcia\u0142e\u015b tu przetrwa\u0107, musia\u0142e\u015b nauczy\u0107 si\u0119 porusza\u0107 bez obra\u017cania. Nie ze strachu, ale z jasno\u015bci co do zasad gry.<\/p>\n<p>Ten etap jest kluczowy, poniewa\u017c kszta\u0142tuje postaw\u0119, kt\u00f3ra p\u00f3\u017aniej jest cz\u0119sto b\u0142\u0119dnie interpretowana jako \u201ekalkulacja\u201c. W rzeczywisto\u015bci jest to wczesne zrozumienie relacji w\u0142adzy. Ci, kt\u00f3rzy wiedz\u0105, jak dzia\u0142aj\u0105 systemy, mog\u0105 p\u00f3\u017aniej \u015bwiadomie decydowa\u0107 przeciwko nim - lub \u015bwiadomie z nimi gra\u0107.<\/p>\n<p><img loading=\"lazy\" decoding=\"async\" class=\"alignnone wp-image-4532 size-large\" src=\"https:\/\/www.markus-schall.de\/wp-content\/uploads\/Nina-Hagen-DDR-Schule.jpg\" alt=\"Nina Hagen w szkole w NRD\" width=\"1024\" height=\"683\" srcset=\"https:\/\/www.markus-schall.de\/wp-content\/uploads\/Nina-Hagen-DDR-Schule.jpg 1024w, https:\/\/www.markus-schall.de\/wp-content\/uploads\/Nina-Hagen-DDR-Schule-300x200.jpg 300w, https:\/\/www.markus-schall.de\/wp-content\/uploads\/Nina-Hagen-DDR-Schule-768x512.jpg 768w, https:\/\/www.markus-schall.de\/wp-content\/uploads\/Nina-Hagen-DDR-Schule-18x12.jpg 18w\" sizes=\"auto, (max-width: 1024px) 100vw, 1024px\" \/><\/p>\n<h3>Wczesna edukacja i promocja muzyki<\/h3>\n<p>Trening muzyczny Niny Hagen by\u0142 powa\u017cny i wymagaj\u0105cy. \u015apiew, technika, dyscyplina. \u017badnych romantycznych idea\u0142\u00f3w artystycznych, ale solidne rzemios\u0142o. Ten wczesny profesjonalizm charakteryzowa\u0142 jej p\u00f3\u017aniejszy wygl\u0105d silniej ni\u017c sugerowa\u0142aby to zewn\u0119trzna prowokacja.<\/p>\n<p>Rzemios\u0142o tworzy niezale\u017cno\u015b\u0107. Ci, kt\u00f3rzy opanowali sw\u00f3j instrument, s\u0105 mniej podatni na szanta\u017c. Ta \u015bwiadomo\u015b\u0107 jest stara, ale ponadczasowa. Wyja\u015bnia, dlaczego postawa Niny Hagen nigdy nie by\u0142a tylko zapewnieniem. Potrafi\u0142a wyst\u0119powa\u0107. I w\u0142a\u015bnie dlatego nie musia\u0142a si\u0119 afiszowa\u0107. Jednocze\u015bnie by\u0142o jasne, \u017ce promocja oznacza r\u00f3wnie\u017c zaanga\u017cowanie. Ci, kt\u00f3rzy stali na scenie, reprezentowali. Ci, kt\u00f3rzy reprezentowali, byli kontrolowani. To r\u00f3wnanie by\u0142o nieuniknione.<\/p>\n<h3>Pierwsze publiczne sukcesy<\/h3>\n<p>Widoczno\u015b\u0107 przychodzi wraz z pierwszymi wyst\u0119pami i sukcesami. Widoczno\u015b\u0107 przyci\u0105ga uwag\u0119 - i to nie tylko pozytywn\u0105. Piosenki, kt\u00f3re wydaj\u0105 si\u0119 nieszkodliwe, s\u0105 interpretowane. Teksty, kt\u00f3re s\u0105 dwuznaczne, s\u0105 analizowane. Ironia jest dozwolona, o ile nie jest jednoznaczna.<\/p>\n<p>Sukces <em>\u201eZapomnia\u0142e\u015b o kolorowym filmie\u201c<\/em> jest przyk\u0142adem tej fazy. Piosenka, kt\u00f3ra na pierwszy rzut oka wydaje si\u0119 banalna, rozwija sw\u00f3j efekt w kontek\u015bcie. To w\u0142a\u015bnie ten rodzaj dwuznaczno\u015bci by\u0142 mo\u017cliwy w NRD - i jednocze\u015bnie ryzykowny.<\/p>\n<p>Tutaj po raz pierwszy wyra\u017anie wy\u0142ania si\u0119 postawa, kt\u00f3ra pozostanie wp\u0142ywowa w p\u00f3\u017aniejszym czasie: nie atakowanie niczego g\u0142ow\u0105 w twarz, ale tak\u017ce nie\u015bwiadome powielanie czegokolwiek. Istnieje cienka granica mi\u0119dzy adaptacj\u0105 a wewn\u0119trznym dystansem. Ci, kt\u00f3rzy potrafi\u0105 j\u0105 przekroczy\u0107, pozostaj\u0105 zdolni do dzia\u0142ania.<\/p>\n<h3>Granice staj\u0105 si\u0119 widoczne<\/h3>\n<p>Wraz ze wzrostem \u015bwiadomo\u015bci granice staj\u0105 si\u0119 wyra\u017aniejsze. Nie zawsze wyra\u017cane otwarcie, cz\u0119sto po\u015brednio. Wskaz\u00f3wki, rozmowy, oczekiwania. Przes\u0142anie jest jasne: istnieje pole manewru - ale jest ono ograniczone.  Dla wielu ten punkt jest kluczowy. Niekt\u00f3rzy nadal si\u0119 dostosowuj\u0105. Inni si\u0119 wycofuj\u0105. Jeszcze inni eskaluj\u0105. Nina Hagen pocz\u0105tkowo wybiera czwarte podej\u015bcie: obserwuje. Rejestruje. Zbiera.<\/p>\n<p>Ten etap jest wa\u017cny, poniewa\u017c pokazuje, \u017ce postawa nie zawsze jest natychmiast widoczna. Czasami dojrzewa w ciszy. Je\u015bli buntujesz si\u0119 zbyt szybko, wypalasz si\u0119. Je\u015bli czekasz zbyt d\u0142ugo, zatracasz si\u0119. Sztuka tkwi we w\u0142a\u015bciwym momencie.<\/p>\n<h3>Kiedy system staje si\u0119 osobisty<\/h3>\n<p>Jednocze\u015bnie nasila si\u0119 \u015brodowisko polityczne. Konflikty nie pozostaj\u0105 abstrakcyjne. Decyzje podejmowane przez pa\u0144stwo wp\u0142ywaj\u0105 na sfer\u0119 prywatn\u0105. Lojalno\u015b\u0107 jest wymagana tam, gdzie sztuka powinna by\u0107 tworzona. Najp\u00f3\u017aniej tutaj staje si\u0119 jasne, \u017ce neutralno\u015b\u0107 nie wchodzi w gr\u0119. Nie dlatego, \u017ce chcesz by\u0107 aktywny politycznie, ale dlatego, \u017ce nie mo\u017cesz ju\u017c tego unikn\u0105\u0107. Postawa staje si\u0119 konieczno\u015bci\u0105.<\/p>\n<p>To do\u015bwiadczenie pozostawi\u0142o trwa\u0142y \u015blad. Wyja\u015bnia ono, dlaczego Nina Hagen wykazywa\u0142a p\u00f3\u017aniej tak ma\u0142o cierpliwo\u015bci do bycia przyjmowan\u0105 - niezale\u017cnie od strony. Ka\u017cdy, kto do\u015bwiadczy\u0142, jak szybko przypisywane s\u0105 role, nie ufa prostym atrybucjom.<\/p>\n<h3>Adaptacja jako \u015bwiadoma strategia<\/h3>\n<p>B\u0142\u0119dem by\u0142oby opisywanie tej fazy jako czystego procesu adaptacji. Adaptacja nie jest tutaj utrat\u0105 siebie, ale \u015bwiadom\u0105 strategi\u0105. Spe\u0142niasz wymagania, nie identyfikuj\u0105c si\u0119 wewn\u0119trznie. Bawisz si\u0119, nie rezygnuj\u0105c z siebie.<\/p>\n<p>Zdolno\u015b\u0107 ta jest ambiwalentna. Mo\u017ce by\u0107 demoralizuj\u0105ca. Ale mo\u017ce te\u017c da\u0107 ci si\u0142\u0119. Decyduj\u0105cym czynnikiem jest to, czy zachowasz sw\u00f3j w\u0142asny rdze\u0144. Dok\u0142adnie tak jest w przypadku Niny Hagen.<\/p>\n<p>P\u00f3\u017aniej cz\u0119sto oskar\u017ca si\u0119 j\u0105 o sprzeczno\u015b\u0107. W rzeczywisto\u015bci jest konsekwentna w czym\u015b innym: w ochronie swojej wewn\u0119trznej niezale\u017cno\u015bci.<br \/>\nPunkt, w kt\u00f3rym co\u015b si\u0119 przewraca Ka\u017cdy system w pewnym momencie generuje tarcie. W przypadku Niny Hagen ten punkt nie pojawia si\u0119 nagle, ale stopniowo. Oczekiwania staj\u0105 si\u0119 coraz wi\u0119ksze. Pole manewru si\u0119 zaw\u0119\u017ca. Ro\u015bnie poczucie, \u017ce musi si\u0119 t\u0142umaczy\u0107.<\/p>\n<p>Ujawnia to g\u0142\u00f3wn\u0105 cech\u0119: nie szuka otwartego konfliktu za wszelk\u0105 cen\u0119. Ale nie akceptuje te\u017c permanentnego samozaparcia. Postawa oznacza tutaj rozpoznanie, kiedy system wymaga wi\u0119cej, ni\u017c jeste\u015b got\u00f3w da\u0107. Ta \u015bwiadomo\u015b\u0107 jest niewygodna. Nie prowadzi do natychmiastowych rozwi\u0105za\u0144. Oznacza jednak wewn\u0119trzny punkt zwrotny.<\/p>\n<h3>Pierwsza odleg\u0142o\u015b\u0107 wewn\u0119trzna<\/h3>\n<p>Jeszcze przed podj\u0119ciem zewn\u0119trznych decyzji powstaje wewn\u0119trzny dystans. Nadal nale\u017cysz, ale ju\u017c nie do ko\u0144ca. Spe\u0142niasz oczekiwania - ale bez wewn\u0119trznej akceptacji. Ten dystans jest zar\u00f3wno niebezpieczny, jak i wyzwalaj\u0105cy. Sprawia, \u017ce jeste\u015b podatny na zranienie, ale tak\u017ce przejrzysty. Ka\u017cdy, kto jest zaznajomiony z tym stanem, wie, \u017ce nie jest on trwa\u0142y w d\u0142u\u017cszej perspektywie. W pewnym momencie co\u015b musi si\u0119 wydarzy\u0107.<\/p>\n<p>W przypadku Niny Hagen faza ta charakteryzuje si\u0119 obserwacj\u0105 i kolekcjonowaniem. \u017badnego g\u0142o\u015bnego buntu, \u017cadnej demonstracyjnej przerwy. Ale raczej ciche przygotowanie.<\/p>\n<p>Dorastanie w systemie NRD nie ko\u0144czy si\u0119 z hukiem, ale z u\u015bwiadomieniem sobie, \u017ce pewne \u015bcie\u017cki s\u0105 mo\u017cliwe, ale nietrwa\u0142e. \u017be sukces ma swoj\u0105 cen\u0119 - i \u017ce nie zawsze chce si\u0119 j\u0105 p\u0142aci\u0107. Nast\u0119pny rozdzia\u0142 b\u0119dzie po\u015bwi\u0119cony w\u0142a\u015bnie temu momentowi: przerwie, decyzji, odej\u015bciu. Nie jako heroiczna historia, ale jako konsekwencja. Postawa nie przejawia si\u0119 tutaj w sloganach, ale w gotowo\u015bci do zaakceptowania niepewno\u015bci, aby pozosta\u0107 wiernym sobie.<\/p>\n<h2>Linie zerwania i decyzje - odej\u015bcie, strata i nowe pocz\u0105tki<\/h2>\n<p>S\u0105 momenty, w kt\u00f3rych warunki polityczne przestaj\u0105 by\u0107 abstrakcyjne. Nie wp\u0142ywaj\u0105 ju\u017c wtedy na \u201espo\u0142ecze\u0144stwo\u201c, ale na nasze w\u0142asne codzienne \u017cycie, nasze w\u0142asne \u015brodowisko, nasz\u0105 w\u0142asn\u0105 przysz\u0142o\u015b\u0107. Dla Niny Hagen ten moment nie jest pojedynczym wydarzeniem, ale kondensacj\u0105. Rozmowy zmieniaj\u0105 sw\u00f3j ton. Pole manewru staje si\u0119 w\u0119\u017csze. Rzeczy uznawane za oczywiste znikaj\u0105.<\/p>\n<p>Do tej pory adaptacja by\u0142a strategi\u0105, a wewn\u0119trzny dystans ochron\u0105. Ale teraz jest jasne, \u017ce system wymaga wi\u0119cej ni\u017c wcze\u015bniej. Nie tylko zgodno\u015bci na zewn\u0105trz, ale tak\u017ce lojalno\u015bci wewn\u0105trz. To w\u0142a\u015bnie tutaj przebiega linia podzia\u0142u, kt\u00f3rej nie mo\u017cna d\u0142u\u017cej ignorowa\u0107.<\/p>\n<p>W takich momentach postawa nie przejawia si\u0119 w wielkich gestach. Przejawia si\u0119 w rozpoznaniu, kiedy kompromis przestaje by\u0107 kompromisem.<\/p>\n<h3>Odej\u015bcie jako konsekwencja, a nie ucieczka<\/h3>\n<p>Decyzja o opuszczeniu NRD nie jest przygod\u0105, nie jest odej\u015bciem w romantycznym sensie. To ci\u0119cie. Ze wszystkim, co si\u0119 z tym wi\u0105\u017ce: strat\u0105, niepewno\u015bci\u0105, pozostawieniem za sob\u0105 tego, co znane. Ci, kt\u00f3rzy podejmuj\u0105 ten krok, nie robi\u0105 tego lekko.<\/p>\n<p>Dla Niny Hagen opuszczenie kraju nie jest aktem prowokacji. To logiczna konsekwencja wewn\u0119trznego rozwoju. Ka\u017cdy, kto zda\u0142 sobie spraw\u0119, \u017ce jego w\u0142asna integralno\u015b\u0107 jest stale kwestionowana, staje w pewnym momencie przed jasnym wyborem: pozosta\u0107 i zgina\u0107 - lub odej\u015b\u0107 i zacz\u0105\u0107 od nowa. Ta decyzja nie jest moraln\u0105 przesad\u0105. Jest po prostu konsekwentna.<\/p>\n<h3>Cena decyzji<\/h3>\n<p>Ka\u017cda postawa ma swoj\u0105 cen\u0119. Jest to cz\u0119sto pomijane, gdy m\u00f3wi si\u0119 o odwadze lub oporze. Dla Niny Hagen opuszczenie kraju oznacza\u0142o nie tylko wolno\u015b\u0107, ale tak\u017ce utrat\u0119 bezpiecze\u0144stwa, struktur, znajomo\u015bci w znajomym otoczeniu.<\/p>\n<p>Pozostaje niepewno\u015b\u0107. Zach\u00f3d nie jest obietnic\u0105, ale przestrzeni\u0105. A przestrze\u0144 trzeba wype\u0142ni\u0107. Ci, kt\u00f3rzy przybywaj\u0105, pocz\u0105tkowo s\u0105 nikim. Nawet talent przed tym nie chroni.<\/p>\n<p>Ten etap jest wa\u017cny, poniewa\u017c pokazuje, \u017ce postawa nie jest nagradzana - przynajmniej nie od razu. Jest ono testowane.<\/p>\n<p><img loading=\"lazy\" decoding=\"async\" class=\"alignnone wp-image-4533 size-large\" src=\"https:\/\/www.markus-schall.de\/wp-content\/uploads\/Nina-Hagen-West-Berlin.jpg\" alt=\"Wyjazd Niny Hagen do Berlina Zachodniego\" width=\"1024\" height=\"683\" srcset=\"https:\/\/www.markus-schall.de\/wp-content\/uploads\/Nina-Hagen-West-Berlin.jpg 1024w, https:\/\/www.markus-schall.de\/wp-content\/uploads\/Nina-Hagen-West-Berlin-300x200.jpg 300w, https:\/\/www.markus-schall.de\/wp-content\/uploads\/Nina-Hagen-West-Berlin-768x512.jpg 768w, https:\/\/www.markus-schall.de\/wp-content\/uploads\/Nina-Hagen-West-Berlin-18x12.jpg 18w\" sizes=\"auto, (max-width: 1024px) 100vw, 1024px\" \/><\/p>\n<h3>Berlin Zachodni: wolno\u015b\u0107 bez instrukcji<\/h3>\n<p>Berlin Zachodni pod koniec lat siedemdziesi\u0105tych to program kontrast\u00f3w. Tam, gdzie kiedy\u015b dominowa\u0142y zasady, teraz panuje otwarto\u015b\u0107. Tam, gdzie by\u0142a kontrola, panuje chaos. Dla wielu jest to wyzwalaj\u0105ce. Dla innych jest to przyt\u0142aczaj\u0105ce.<\/p>\n<p>Dla Niny Hagen ten nowy kontekst pocz\u0105tkowo oznacza dezorientacj\u0119. Wolno\u015b\u0107 nie oznacza automatycznie jasno\u015bci. Wymaga podejmowania decyzji tam, gdzie wcze\u015bniej obowi\u0105zywa\u0142y wytyczne. Staje w obliczu oczekiwa\u0144 innego rodzaju: rynku, sceny, publiczno\u015bci.<\/p>\n<p>Postawa jest tutaj na nowo zdefiniowana. Ju\u017c nie jako wewn\u0119trzny op\u00f3r przed kontrol\u0105, ale jako zdolno\u015b\u0107 do nierozpuszczania si\u0119 w przestrzeni mo\u017cliwo\u015bci.<\/p>\n<p>W tej fazie co\u015b si\u0119 zmienia. Wewn\u0119trzny dystans, kt\u00f3ry wcze\u015bniej by\u0142 ochron\u0105, teraz staje si\u0119 motorem. Sama obserwacja ju\u017c nie wystarcza. Pojawia si\u0119 pragnienie ekspresji - niedostosowanej, nieprzefiltrowanej. Przej\u015bcie jest p\u0142ynne. Nie ma nag\u0142ego wymy\u015blania roli, ale stopniowe dopuszczanie tego, co wcze\u015bniej by\u0142o powstrzymywane. G\u0142os, mowa cia\u0142a, obecno\u015b\u0107 staj\u0105 si\u0119 bardziej bezpo\u015brednie. Nie po to, by szokowa\u0107, ale by przesta\u0107 si\u0119 ogranicza\u0107.<\/p>\n<p>Postawa staje si\u0119 widoczna.<\/p>\n<h3>Utrata domu - zyskanie autonomii<\/h3>\n<p>Dom to co\u015b wi\u0119cej ni\u017c tylko miejsce. To nawyk, j\u0119zyk, ukryte zrozumienie. Wszystko to traci si\u0119 wraz z opuszczeniem kraju. Pozostaje autonomia - abstrakcyjny zysk, kt\u00f3ry najpierw musi si\u0119 udowodni\u0107. To napi\u0119cie charakteryzuje dalszy rozw\u00f3j Niny Hagen. Cz\u0119sto jest postrzegana jako radykalna, ale jej droga jest przede wszystkim jedna: samostanowienie. Decyzje nie s\u0105 ju\u017c oparte na oczekiwaniach, ale na wewn\u0119trznej sp\u00f3jno\u015bci.<\/p>\n<p>To nie oznacza bezpiecze\u0144stwa. Oznacza odpowiedzialno\u015b\u0107.<\/p>\n<p>Niepewno\u015b\u0107 jest niewygodna. Cz\u0119sto si\u0119 jej unika, ukrywa, wyolbrzymia. Dla Niny Hagen staje si\u0119 towarzyszem. Nie jest poszukiwana, ale akceptowana. Ka\u017cdy, kto powa\u017cnie podchodzi do swojej postawy, nie mo\u017ce ca\u0142kowicie unikn\u0105\u0107 niepewno\u015bci. To cena za to, by nie zosta\u0107 wch\u0142oni\u0119tym przez struktury innych ludzi.<\/p>\n<p>Ta akceptacja odr\u00f3\u017cnia postaw\u0119 od niepos\u0142usze\u0144stwa. Defiance chce bezpiecze\u0144stwa poprzez rozgraniczenie. Postawa akceptuje niepewno\u015b\u0107 jako cz\u0119\u015b\u0107 podr\u00f3\u017cy.<\/p>\n<h3>Z\u0142amanie jako si\u0142a produkcyjna<\/h3>\n<p>Przerwy s\u0105 cz\u0119sto odczytywane jako pora\u017cki. W rzeczywisto\u015bci s\u0105 to przej\u015bcia. Oznaczaj\u0105 koniec trwa\u0142ego stanu i pocz\u0105tek stanu otwartego. Dla Niny Hagen zerwanie z NRD nie jest ostatecznym po\u017cegnaniem z jej pochodzeniem, ale ponown\u0105 lokalizacj\u0105. Przesz\u0142o\u015bci si\u0119 nie wypiera, ale te\u017c si\u0119 jej nie romantyzuje. Pozostaje cz\u0119\u015bci\u0105 w\u0142asnej historii - bez roszcze\u0144 do kontroli nad przysz\u0142o\u015bci\u0105.<\/p>\n<p>Ta zdolno\u015b\u0107 do integrowania p\u0119kni\u0119\u0107 jest kluczowa. Umo\u017cliwia rozw\u00f3j bez utraty to\u017csamo\u015bci.<\/p>\n<p>To, czego wyra\u017anie brakuje, to narracja ofiary. Pomimo rzeczywistych ogranicze\u0144, pomimo strat, pomimo nacisk\u00f3w politycznych, nie ma narracji o niekorzystnej sytuacji. Zamiast tego jest trze\u017awa postawa: taka by\u0142a sytuacja. Takie by\u0142y mo\u017cliwo\u015bci. Taka by\u0142a decyzja.<\/p>\n<p>Ta trze\u017awo\u015b\u0107 jest cz\u0119\u015bci\u0105 jej si\u0142y. Pozwala im i\u015b\u0107 naprz\u00f3d bez kurczowego trzymania si\u0119 przesz\u0142o\u015bci.<\/p>\n<h3>Przygotowanie do widoczno\u015bci<\/h3>\n<p>To, co dzieje si\u0119 w tej fazie, to co\u015b wi\u0119cej ni\u017c tylko zmiana lokalizacji. Jest to wewn\u0119trzne dostosowanie. Ch\u0119\u0107 stania si\u0119 widocznym - nie w sensie adaptacji, ale w sensie obecno\u015bci.<\/p>\n<p>Nast\u0119pne kroki b\u0119d\u0105 g\u0142o\u015bniejsze. Bardziej rzucaj\u0105ce si\u0119 w oczy. Bardziej niezrozumiane. Ale nie by\u0142yby one mo\u017cliwe bez tego etapu. Postawa potrzebuje fundamentu. A ten fundament tworzy si\u0119 tutaj: w znoszeniu niepewno\u015bci, w podejmowaniu decyzji, w rezygnacji z prostych wyja\u015bnie\u0144.<\/p>\n<p>Przerwa zosta\u0142a zako\u0144czona. Decyzja zosta\u0142a podj\u0119ta. To, co nast\u0119puje, nie jest powrotem, ale ruchem naprz\u00f3d bez por\u0119czy. Nast\u0119pny rozdzia\u0142 poka\u017ce, jak ta nowo zdobyta autonomia staje si\u0119 ekspresj\u0105 - jak prowokacja staje si\u0119 j\u0119zykiem, nie jako cel sam w sobie, ale jako forma konsekwencji. Bo dopiero teraz zaczyna si\u0119 to, co wielu kojarzy z Nin\u0105 Hagen. Ale zaczyna si\u0119 na fundamencie, kt\u00f3ry jest cichszy, ni\u017c sugeruje jej reputacja.<\/p>\n<h3>Mi\u0119dzy obrazem a wyznaniem: Nina Hagen w rozmowie<\/h3>\n<p>W tym reporta\u017cu Bibel TV z 2010 roku poznajemy Nin\u0119 Hagen poza znanymi kategoryzacjami. W centrum uwagi nie znajduje si\u0119 ikona punka czy prowokatorka, ale kobieta, kt\u00f3ra jest gotowa m\u00f3wi\u0107 o roz\u0142amach, aberracjach i swojej wierze chrze\u015bcija\u0144skiej. Na Kongresie Ko\u015bcio\u0142a Ekumenicznego w Monachium i podczas odczytu w Bawarii spotyka Ann\u0119 Dressel i kategoryzuje swoje \u017cycie - spokojnie, osobi\u015bcie i bez pozerstwa.<\/p>\n<p>Raport pokazuje, jak bardzo publiczne wyobra\u017cenia i wewn\u0119trzna rzeczywisto\u015b\u0107 mog\u0105 si\u0119 r\u00f3\u017cni\u0107 - i dlaczego postawa cz\u0119sto zaczyna si\u0119 tam, gdzie ludzie s\u0105 gotowi si\u0119 wyt\u0142umaczy\u0107.<\/p>\n<div class=\"lyte-wrapper\" style=\"width:640px;max-width:100%;margin:5px;\"><div class=\"lyMe\" id=\"WYL_MK-53r1jwgg\"><div id=\"lyte_MK-53r1jwgg\" data-src=\"https:\/\/www.markus-schall.de\/wp-content\/plugins\/wp-youtube-lyte\/lyteCache.php?origThumbUrl=%2F%2Fi.ytimg.com%2Fvi%2FMK-53r1jwgg%2Fhqdefault.jpg\" class=\"pL\"><div class=\"tC\"><div class=\"tT\"><\/div><\/div><div class=\"play\"><\/div><div class=\"ctrl\"><div class=\"Lctrl\"><\/div><div class=\"Rctrl\"><\/div><\/div><\/div><noscript><a href=\"https:\/\/youtu.be\/MK-53r1jwgg\" rel=\"nofollow noopener\" target=\"_blank\"><img loading=\"lazy\" decoding=\"async\" src=\"https:\/\/www.markus-schall.de\/wp-content\/plugins\/wp-youtube-lyte\/lyteCache.php?origThumbUrl=https%3A%2F%2Fi.ytimg.com%2Fvi%2FMK-53r1jwgg%2F0.jpg\" alt=\"Miniatura wideo YouTube\" width=\"640\" height=\"340\" \/><br \/>Obejrzyj ten film na YouTube<\/a><\/noscript><\/div><\/div><div class=\"lL\" style=\"max-width:100%;width:640px;margin:5px;\"><\/div><br \/>\nNina Hagen - Wyznania, biografia ikony punka | <a href=\"https:\/\/www.youtube.com\/@bibeltv\" target=\"_blank\" rel=\"nofollow noopener\">Telewizja biblijna<\/a><\/p>\n<h2>Ekspresja zamiast konformizmu - punk, prowokacja i przesada<\/h2>\n<p>Sama wolno\u015b\u0107 nie wystarczy. To przestrze\u0144, a nie tre\u015b\u0107. Po odej\u015bciu, po przerwie, po fazie dezorientacji, pojawia si\u0119 nowe pytanie dla Niny Hagen: Jak to, co ju\u017c dawno zosta\u0142o ustalone wewn\u0119trznie, mo\u017ce zosta\u0107 uzewn\u0119trznione - bez ponownego zginania?<\/p>\n<p>Ekspresja staje si\u0119 teraz g\u0142\u00f3wn\u0105 kategori\u0105. Nie dostosowywanie si\u0119 do nowych oczekiwa\u0144, ale \u015bwiadome kszta\u0142towanie w\u0142asnej obecno\u015bci. Postawa wymaga formy, inaczej pozostaje niewidoczna. A ta forma mo\u017ce si\u0119 wyr\u00f3\u017cnia\u0107, mo\u017ce dra\u017cni\u0107, mo\u017ce przesadza\u0107 - o ile nie jest zdeterminowana zewn\u0119trznie.<\/p>\n<h3>Punk jako j\u0119zyk, nie etykieta<\/h3>\n<p>Dla Niny Hagen punk nie jest kostiumem scenicznym. To j\u0119zyk. Sposobem na uwidocznienie tego, co niekompatybilne. G\u0142o\u015bny, sprzeczny, fizyczny. Nie dlatego, \u017ce g\u0142o\u015bno\u015b\u0107 jest celem samym w sobie, ale dlatego, \u017ce subtelne niuanse s\u0105 cz\u0119sto ignorowane.<\/p>\n<p>Podczas gdy wielu postrzega punk jako odmow\u0119, ona u\u017cywa go jako narz\u0119dzia. Nie przeciwko wszystkiemu, ale przeciwko uproszczeniom. Przeciw g\u0142adko\u015bci. Przeciwko oczekiwaniom, kt\u00f3re ju\u017c ponownie krzepn\u0105.<\/p>\n<p>To rozr\u00f3\u017cnienie jest wa\u017cne. Wyja\u015bnia, dlaczego nigdy nie zosta\u0142a ca\u0142kowicie wch\u0142oni\u0119ta przez scen\u0119. Sceny szybko tworz\u0105 nowe normy. Postawa wymaga dystansu - tak\u017ce do w\u0142asnej roli.<\/p>\n<h3>Celowa przesada<\/h3>\n<p>To, co wielu postrzega jako nadmiar, jest, po bli\u017cszym przyjrzeniu si\u0119, wykalkulowane. G\u0142os, gesty, postawa - wszystko wydaje si\u0119 przesadzone. Jednak przesada nie jest ucieczk\u0105 od rzeczywisto\u015bci, ale metod\u0105 jej uwidocznienia.<\/p>\n<p>Spe\u0142niaj\u0105c oczekiwania, obna\u017ca je. Wyolbrzymiaj\u0105c role, pokazuje ich sztuczno\u015b\u0107. Ta strategia jest stara, teatralna, niemal klasyczna. Wymaga publiczno\u015bci, kt\u00f3ra jest gotowa patrze\u0107 - lub przynajmniej reagowa\u0107 irytacj\u0105.<\/p>\n<p>Postawa nie przejawia si\u0119 tutaj w pow\u015bci\u0105gliwo\u015bci, ale w \u015bwiadomej decyzji, by nie chcie\u0107 by\u0107 niezrozumianym, ale zaakceptowa\u0107 bycie niezrozumianym.<\/p>\n<h3>Kobieco\u015b\u0107 bez autoryzacji<\/h3>\n<p>G\u0142\u00f3wnym aspektem tej fazy jest radzenie sobie z kobieco\u015bci\u0105. Nie dostosowywanie si\u0119, nie podobanie si\u0119, nie wyja\u015bnianie. Cia\u0142o, g\u0142os i seksualno\u015b\u0107 nie s\u0105 ukryte, ale te\u017c nie s\u0105 oferowane. S\u0105 cz\u0119\u015bci\u0105 ekspresji, a nie jej celem.<\/p>\n<p>W czasach, gdy kobiece wzorce s\u0105 albo adaptowane, albo skandalizowane, pojawia si\u0119 co\u015b trzeciego: samostanowienie bez przeprosin. Nie jest to feministyczny program, ale konsekwencja \u017cycia.<\/p>\n<p>To jest prowokuj\u0105ce. Nie dlatego, \u017ce jest g\u0142o\u015bny, ale dlatego, \u017ce nie mo\u017cna go skategoryzowa\u0107.<\/p>\n<h3>Nieporozumienia jako efekt uboczny<\/h3>\n<p>Nieporozumienia rosn\u0105 wraz ze wzrostem widoczno\u015bci. Redukcja do zewn\u0119trznych pozor\u00f3w. Atrybucje. Uproszczenia. To nie jest przypadek. Ci, kt\u00f3rzy pozostaj\u0105 skomplikowani, s\u0105 upraszczani.<\/p>\n<p>Nina Hagen staje si\u0119 powierzchni\u0105 projekcyjn\u0105. Zar\u00f3wno dla podziwu, jak i odrzucenia. Niezwyk\u0142e jest jednak to, jak niewiele pr\u00f3buje ona skorygowa\u0107 te projekcje. \u017badnych d\u0142ugich wyja\u015bnie\u0144. \u017badnego dostosowywania wyst\u0119pu tak, by zosta\u0142 zrozumiany.<\/p>\n<p>Postawa oznacza tutaj: brak konieczno\u015bci walki o suwerenno\u015b\u0107 interpretacji.<\/p>\n<h3>Rzemios\u0142o pod powierzchni\u0105<\/h3>\n<p>Pomimo wszystkich prowokacji, co\u015b pozostaje niezmienne: Rzemios\u0142o. G\u0142os, technika, prezencja. Je\u015bli przyjrzysz si\u0119 uwa\u017cnie, rozpoznasz dyscyplin\u0119 pod powierzchni\u0105. Umiej\u0119tno\u015b\u0107 wype\u0142nienia przestrzeni bez utraty siebie.<\/p>\n<p>To odr\u00f3\u017cnia ekspresj\u0119 od zwyk\u0142ej g\u0142o\u015bno\u015bci. Wiele os\u00f3b krzyczy, poniewa\u017c nie maj\u0105 nic do powiedzenia. Inni krzycz\u0105, poniewa\u017c nie mog\u0105 wyrazi\u0107 czego\u015b w inny spos\u00f3b. Nina Hagen rzadko krzyczy z bezsilno\u015bci. Zazwyczaj jest to \u015bwiadomy wyb\u00f3r.<\/p>\n<p>Ten profesjonalizm jest ochron\u0105. Zapobiega przeradzaniu si\u0119 prowokacji w samowol\u0119.<\/p>\n<h3>Brak dostosowania do rynku<\/h3>\n<p>Wraz z rosn\u0105cym sukcesem ro\u015bnie presja na spe\u0142nianie oczekiwa\u0144. Zbywalno\u015b\u0107, rozpoznawalno\u015b\u0107, powtarzalno\u015b\u0107. Wiele karier ko\u0144czy si\u0119 tutaj niepowodzeniem - nie z powodu braku talentu, ale z powodu ch\u0119ci zaanga\u017cowania.<\/p>\n<p>Nina Hagen odmawia podj\u0119cia tego zobowi\u0105zania. Nie demonstracyjnie, ale konsekwentnie. Zmiany stylu, przerwy, irytacje s\u0105 akceptowane. Sukces nie jest optymalizowany, ale relatywizowany.<\/p>\n<p>Postawa mo\u017ce by\u0107 tutaj postrzegana jako odmowa bycia zredukowanym do funkcjonuj\u0105cej formu\u0142y.<\/p>\n<h3>Prowokacja jako lustro<\/h3>\n<p>Prowokacja nie jest atakiem. Jest lustrem. Pokazuje, gdzie s\u0105 granice i kto je wyznaczy\u0142. Reakcje cz\u0119sto m\u00f3wi\u0105 wi\u0119cej o otoczeniu ni\u017c o prowokatorze.<\/p>\n<p>Wydaje si\u0119, \u017ce Nina Hagen wcze\u015bnie przyswoi\u0142a sobie t\u0119 wiedz\u0119. Rzadko reaguje defensywnie. Nie t\u0142umaczy, dlaczego co\u015b powinno by\u0107 dozwolone. Po prostu to robi.<\/p>\n<p>To niewygodne. Ale to jest w\u0142a\u015bnie konsekwencja.<\/p>\n<h3>Ekspresja zamiast to\u017csamo\u015bci<\/h3>\n<p>Wa\u017cne jest rozr\u00f3\u017cnienie mi\u0119dzy ekspresj\u0105 a to\u017csamo\u015bci\u0105. Ekspresja mo\u017ce si\u0119 zmienia\u0107. To\u017csamo\u015b\u0107 pozostaje. Nina Hagen u\u017cywa form ekspresji, nie myl\u0105c si\u0119 z nimi. Punk to faza, j\u0119zyk, narz\u0119dzie - nie ca\u0142o\u015b\u0107.<\/p>\n<p>Ta elastyczno\u015b\u0107 zapobiega usztywnieniu. Umo\u017cliwia dalszy rozw\u00f3j. I chroni przed wi\u0119zieniem w\u0142asnej ikony.<br \/>\nWielu mierzy si\u0119 tym, czym byli kiedy\u015b. Postawa oznacza tutaj, \u017ce nie mo\u017cna da\u0107 si\u0119 zaszufladkowa\u0107.<\/p>\n<p>Im bardziej kto\u015b staje si\u0119 widoczny, tym wi\u0119ksze ryzyko przyw\u0142aszczenia. Fani, media, rynki - wszyscy chc\u0105 jasnego wizerunku. Nina Hagen go nie zapewnia. Przynajmniej nie trwa\u0142ego.<\/p>\n<p>To powoduje tarcia. Ale pozwala zachowa\u0107 autonomi\u0119. Widoczno\u015b\u0107 nie jest poszukiwana, ale wykorzystywana. Jako scena, nie jako dom.<br \/>\nTen dystans jest kluczowy. Dzi\u0119ki niemu ekspresja nie staje si\u0119 obowi\u0105zkiem.<\/p>\n<p>Po tej fazie nic ju\u017c nie jest niewinne. Ekspresja jest ustalona. Postawa jest widoczna. Role zosta\u0142y przypisane - przynajmniej z zewn\u0105trz. Ale w\u0142a\u015bnie w tym momencie zaczyna si\u0119 nowe wyzwanie: jak pozosta\u0107 elastycznym, gdy ju\u017c dawno sta\u0142o si\u0119 postaci\u0105?<\/p>\n<p>Nast\u0119pny rozdzia\u0142 b\u0119dzie po\u015bwi\u0119cony temu pytaniu. Chodzi o zmian\u0119, sprzeczno\u015bci i ci\u0105g\u0142o\u015b\u0107. Chodzi o zdolno\u015b\u0107 nie do zachowania postawy, ale do jej dalszego rozwijania - nawet przy ryzyku zawiedzenia oczekiwa\u0144.<\/p>\n<p><img loading=\"lazy\" decoding=\"async\" class=\"alignnone wp-image-4534 size-large\" src=\"https:\/\/www.markus-schall.de\/wp-content\/uploads\/Nina-Hagen-USA-Los-Angeles.jpg\" alt=\"Nina Hagen w Los Angeles\" width=\"1024\" height=\"683\" srcset=\"https:\/\/www.markus-schall.de\/wp-content\/uploads\/Nina-Hagen-USA-Los-Angeles.jpg 1024w, https:\/\/www.markus-schall.de\/wp-content\/uploads\/Nina-Hagen-USA-Los-Angeles-300x200.jpg 300w, https:\/\/www.markus-schall.de\/wp-content\/uploads\/Nina-Hagen-USA-Los-Angeles-768x512.jpg 768w, https:\/\/www.markus-schall.de\/wp-content\/uploads\/Nina-Hagen-USA-Los-Angeles-18x12.jpg 18w\" sizes=\"auto, (max-width: 1024px) 100vw, 1024px\" \/><\/p>\n<h3>Mi\u0119dzy punkiem a Hollywood - lata Niny Hagen w USA<\/h3>\n<p>Kiedy Nina Hagen przenios\u0142a si\u0119 do USA na pocz\u0105tku lat 80-tych, nie by\u0142 to eskapizm, ale \u015bwiadoma przerwa. Po jej wczesnym mi\u0119dzynarodowym sukcesie z Nina Hagen Band i przej\u015bciu z NRD-owskiego wygnania do zachodnioniemieckiej prowokatorki popu, szuka\u0142a wi\u0119kszej przestrzeni rezonansowej - zar\u00f3wno artystycznie, jak i osobi\u015bcie. Los Angeles sta\u0142o si\u0119 centrum jej \u017cycia na kilka lat, miejscem, kt\u00f3re obieca\u0142o wolno\u015b\u0107, ale tak\u017ce przynios\u0142o ze sob\u0105 nowe tarcia.<\/p>\n<h3>Los Angeles, praca w studiu i radykalne eksperymenty<\/h3>\n<p>W USA Nina Hagen wsp\u00f3\u0142pracowa\u0142a z mi\u0119dzynarodowymi producentami i muzykami i jeszcze bardziej oddali\u0142a si\u0119 od klasycznego punkowego formatu. Albumy takie jak NunSexMonkRock (1982) i Fearless (1983) powsta\u0142y w tej fazie i do dzi\u015b s\u0105 uwa\u017cane za bezkompromisowe dokumenty artystycznego przewrotu. Po\u0142\u0105czy\u0142a tu punkow\u0105 energi\u0119 z cytatami operowymi, motywami religijnymi, aluzjami science fiction i radykalnie osobistymi tekstami - muzycznie i tematycznie wykraczaj\u0105c poza to, czego oczekiwa\u0142 g\u0142\u00f3wny nurt.<\/p>\n<h3>Mi\u0119dzy wolno\u015bci\u0105 a nadmiernymi wymaganiami<\/h3>\n<p>Lata sp\u0119dzone w USA by\u0142y dla Niny Hagen zar\u00f3wno inspiruj\u0105ce, jak i stresuj\u0105ce. Ameryka\u0144ski przemys\u0142 muzyczny oferowa\u0142 mo\u017cliwo\u015bci, ale wymaga\u0142 adaptacji, a \u017cycie mi\u0119dzy studiami, trasami koncertowymi i publiczn\u0105 uwag\u0105 pozostawia\u0142o niewiele miejsca na stabilno\u015b\u0107.<\/p>\n<p>Okres ten by\u0142 r\u00f3wnie\u017c \u015bwiadkiem wczesnego dzieci\u0144stwa jej c\u00f3rki Cosmy Shivy Hagen, kt\u00f3ra dos\u0142ownie dorasta\u0142a mi\u0119dzy kontynentami, kulturami i artystycznymi skrajno\u015bciami. Patrz\u0105c wstecz, lata sp\u0119dzone w USA oznaczaj\u0105 faz\u0119 maksymalnej otwarto\u015bci - tw\u00f3rczo owocn\u0105, osobi\u015bcie wymagaj\u0105c\u0105 i kszta\u0142tuj\u0105c\u0105 wszystko, co nast\u0105pi\u0142o p\u00f3\u017aniej.<\/p>\n<h2>Cosma Shiva Hagen - Mi\u0119dzy kosmosem a kamer\u0105<\/h2>\n<p>Historia <a href=\"https:\/\/de.wikipedia.org\/wiki\/Cosma_Shiva_Hagen\" target=\"_blank\" rel=\"noopener\">Cosma Shiva Hagen<\/a> nie mo\u017cna opowiedzie\u0107 bez wcze\u015bniejszego umieszczenia jej w kontek\u015bcie niesamowitej rodziny artyst\u00f3w. C\u00f3rka ikony punka i wnuczka znanej aktorki, dorasta\u0142a w \u015brodowisku, kt\u00f3re dla wielu mo\u017ce wydawa\u0107 si\u0119 nieznanym kosmosem - \u015bwiatem mi\u0119dzy autobusami wycieczkowymi, scenami i granicami sztuki.<\/p>\n<h3>Dzieci\u0144stwo mi\u0119dzy autobusem turystycznym a punk rockiem<\/h3>\n<p>Cosma Shiva urodzi\u0142a si\u0119 17 maja 1981 roku w Los Angeles, w czasie, gdy jej matka Nina Hagen koncertowa\u0142a ju\u017c na arenie mi\u0119dzynarodowej jako niepohamowana artystka punkowa i nowofalowa. Nawet jej imi\u0119 - Cosma Shiva - w pewien spos\u00f3b opowiada histori\u0119 tych wczesnych lat: jest to ho\u0142d dla kosmosu i hinduskiego boga Shivy, wyb\u00f3r, kt\u00f3ry jej matka podobno powi\u0105za\u0142a z osobistym do\u015bwiadczeniem, w kt\u00f3rym widzia\u0142a UFO, gdy by\u0142a w ci\u0105\u017cy.<\/p>\n<p>Ten kosmiczny wyb\u00f3r imienia nie by\u0142 zwyk\u0142ym stwierdzeniem w pr\u00f3\u017cni, ale wczesnym znakiem rodziny, kt\u00f3ra unika konwencjonalnych \u015bcie\u017cek. W jednej z piosenek jej matki z 1982 roku, g\u0142os Cosmy przyczynia si\u0119 do muzycznego kola\u017cu, gdy jest jeszcze dzieckiem - kapry\u015bny, pe\u0142en mi\u0142o\u015bci szczeg\u00f3\u0142 w albumie, kt\u00f3ry jest obecnie uwa\u017cany za klasyk\u0119 eksperymentalizmu.<\/p>\n<p>Dzieci\u0144stwo Cosmy charakteryzowa\u0142o si\u0119 ci\u0105g\u0142ym ruchem. Autobus wycieczkowy jej matki sta\u0142 si\u0119 rodzajem podr\u00f3\u017cuj\u0105cego domu, w kt\u00f3rym w m\u0142odym wieku zetkn\u0119\u0142a si\u0119 z muzyk\u0105, j\u0119zykiem i spotkaniami z wieloma r\u00f3\u017cnymi lud\u017ami. Pary\u017c, Hamburg, Berlin, Ibiza - to wszystko by\u0142y przystanki, zanim jako nastolatka osiedli\u0142a si\u0119 w szkole z internatem w Hamburgu. Te lata niestabilno\u015bci ukszta\u0142towa\u0142y nie tylko jej \u015bwiat: da\u0142y jej wczesn\u0105 niezale\u017cno\u015b\u0107 i pewno\u015b\u0107, \u017ce \u017cycie jest cz\u0119sto czym\u015b wi\u0119cej ni\u017c tylko jednym miejscem.<\/p>\n<h3>Od autobusu zespo\u0142u do kamery<\/h3>\n<p>W\u0105sk\u0105 \u015bcie\u017ck\u0105 by\u0142oby po prostu bycie \u201ec\u00f3rk\u0105...\u201c. Cosma Shiva szuka\u0142a jednak w\u0142asnej ekspresji - i znalaz\u0142a j\u0105 w aktorstwie. Ju\u017c jako nastolatka kr\u0119ci\u0142a role, kt\u00f3re wykracza\u0142y daleko poza role drugoplanowe. W wieku 15 lat zadebiutowa\u0142a w filmie telewizyjnym, w kt\u00f3rym zagra\u0142a nastolatk\u0119 w trudnej sytuacji \u017cyciowej - niezwyk\u0142y start, kt\u00f3ry wymaga\u0142 od niej zar\u00f3wno talentu, jak i odwagi.<\/p>\n<p>Jej prze\u0142om nast\u0105pi\u0142 w 1998 roku wraz z filmem fabularnym \u201eDas merkw\u00fcrdige Verhalten geschlechtsreifer Gro\u00dfst\u00e4dter zur Paarzeit\u201c, komedi\u0105, kt\u00f3ra by\u0142a r\u00f3wnie\u017c odzwierciedleniem reali\u00f3w miejskiego \u017cycia w Niemczech. W kolejnych latach wciela\u0142a si\u0119 w role w telewizyjnych thrillerach, klasycznych serialach i popularnych produkcjach kinowych, takich jak odnosz\u0105ca sukcesy komedia \u201e7 krasnoludk\u00f3w - samotni w lesie\u201c, w kt\u00f3rej wyst\u0105pi\u0142a jako Kr\u00f3lewna \u015anie\u017cka.<\/p>\n<p>Cosma Shiva nigdy nie po\u015bwi\u0119ci\u0142a si\u0119 tylko jednemu stylowi. Gra\u0142a zar\u00f3wno w powa\u017cnych dramatach, jak i lekkich, mi\u0119dzygatunkowych produkcjach, zawsze z naturaln\u0105 prezencj\u0105, kt\u00f3ra charakteryzuje j\u0105 od samego pocz\u0105tku. W brytyjsko-niemieckiej koprodukcji Short Order zamieni\u0142a j\u0119zyk niemiecki na mi\u0119dzynarodowe powietrze ekranowe i stan\u0119\u0142a przed kamer\u0105 u boku mi\u0119dzy innymi Vanessy Redgrave. Ta mieszanka niemieckiego kina i mi\u0119dzynarodowych projekt\u00f3w pokazuje aktork\u0119, kt\u00f3ra nie stroni od polifonii swojego \u017cycia.<\/p>\n<p><img loading=\"lazy\" decoding=\"async\" class=\"alignnone wp-image-4535 size-large\" src=\"https:\/\/www.markus-schall.de\/wp-content\/uploads\/Cosma-Shiva-Hagen.jpg\" alt=\"Cosma Shiva Hagen na scenie\" width=\"1024\" height=\"683\" srcset=\"https:\/\/www.markus-schall.de\/wp-content\/uploads\/Cosma-Shiva-Hagen.jpg 1024w, https:\/\/www.markus-schall.de\/wp-content\/uploads\/Cosma-Shiva-Hagen-300x200.jpg 300w, https:\/\/www.markus-schall.de\/wp-content\/uploads\/Cosma-Shiva-Hagen-768x512.jpg 768w, https:\/\/www.markus-schall.de\/wp-content\/uploads\/Cosma-Shiva-Hagen-18x12.jpg 18w\" sizes=\"auto, (max-width: 1024px) 100vw, 1024px\" \/><\/p>\n<h3>Ciemna strona niezwyk\u0142ego imienia<\/h3>\n<p>Niezwyk\u0142e imi\u0119 Cosmy nie by\u0142o pozbawione anegdot. 13 lat po jej narodzinach niemiecki s\u0105d rozwa\u017ca\u0142 nawet, czy imi\u0119 \u201eCosma Shiva\u201c mo\u017ce by\u0107 w og\u00f3le zarejestrowane - sprawa, kt\u00f3ra pokazuje, jak bardzo jej \u017cycie waha\u0142o si\u0119 mi\u0119dzy geniuszem a zachowaniem granicznym od najm\u0142odszych lat.<\/p>\n<p>Jej \u017cycie prywatne r\u00f3wnie\u017c mia\u0142o swoje wzloty i upadki. Jej ojciec, holenderski gitarzysta Ferdinand Karmelk, zmar\u0142 z powodu uzale\u017cnienia od narkotyk\u00f3w w 1988 roku, na d\u0142ugo zanim Cosma w pe\u0142ni rozwin\u0119\u0142a swoj\u0105 artystyczn\u0105 to\u017csamo\u015b\u0107. Takie do\u015bwiadczenia nie pozostaj\u0105 bez wp\u0142ywu, zw\u0142aszcza w rodzinie, kt\u00f3ra ju\u017c wcze\u015bniej zajmowa\u0142a skrajne pozycje w sztuce i \u017cyciu.<\/p>\n<h3>Niezale\u017cne \u015bcie\u017cki poza scen\u0105<\/h3>\n<p>Cosma Shiva Hagen jest nie tylko aktork\u0105. Przez lata wielokrotnie pr\u00f3bowa\u0142a swoich si\u0142 w innych dziedzinach, na przyk\u0142ad jako artystka dubbingowa w odnosz\u0105cych mi\u0119dzynarodowe sukcesy filmach animowanych: u\u017cyczy\u0142a swojego g\u0142osu postaciom w produkcjach takich jak Mulan i Pszcz\u00f3\u0142ka Maja - role, kt\u00f3re podkre\u015blaj\u0105 jej wszechstronno\u015b\u0107 i zdolno\u015b\u0107 adaptacji.<\/p>\n<p>W mi\u0119dzyczasie zosta\u0142a nawet modelk\u0105 i pozowa\u0142a dla renomowanych magazyn\u00f3w, takich jak niemieckoj\u0119zyczny Playboy, co da\u0142o jej w\u0142asny profil medialny. Przez kilka lat prowadzi\u0142a r\u00f3wnie\u017c bar w Hamburgu pod nazw\u0105 \u201eSichtbar\u201c, kt\u00f3ry by\u0142 nie tylko gastronomicznym, ale tak\u017ce kulturalnym miejscem spotka\u0144; jednak ta \u015bcie\u017cka ostatecznie si\u0119 sko\u0144czy\u0142a, poniewa\u017c stres zwi\u0105zany z przedsi\u0119biorczo\u015bci\u0105 wymaga\u0142 od niej wi\u0119cej ni\u017c oczekiwano.<\/p>\n<p>W 2020 roku wycofa\u0142a si\u0119 do prostszego \u017cycia w ma\u0142ym domku w p\u00f3\u0142nocnych Niemczech, symbolizuj\u0105c, \u017ce nie chce definiowa\u0107 siebie wy\u0142\u0105cznie poprzez rozg\u0142os i rozg\u0142os.<\/p>\n<h3>Buntowniczy duch, niezale\u017cny i samodzielny<\/h3>\n<p>Opisuj\u0105c Cosm\u0119 Shiv\u0119 Hagen, nie trzeba szuka\u0107 wielkich prowokacyjnych gest\u00f3w. Jej bunt nie jest g\u0142o\u015bny, ale wewn\u0119trznie motywowany: bunt kogo\u015b, kto dorasta\u0142 z niezwyk\u0142ym dziedzictwem i nauczy\u0142 si\u0119 i\u015b\u0107 w\u0142asn\u0105 drog\u0105 - czasem przed kamer\u0105, czasem z dala od reflektor\u00f3w, czasem w dyskursie publicznym, a czasem w cichym, male\u0144kim domu.<\/p>\n<p>By\u0107 mo\u017ce to jest prawdziwe podobie\u0144stwo do jej matki: obie pokazuj\u0105, \u017ce sztuka i postawa nie s\u0105 zwi\u0105zane z jedn\u0105 form\u0105, ale z pytaniem, w jaki spos\u00f3b wyra\u017camy swoje najg\u0142\u0119bsze jestestwo - czy to krzycz\u0105cym g\u0142osem, czy spokojnym spojrzeniem w dal.<\/p>\n<hr \/>\n<h3>Aktualne badanie dotycz\u0105ce zaufania do polityki i medi\u00f3w<\/h3>\n<div class='bootstrap-yop yop-poll-mc'>\n\t\t\t\t\t\t\t<div class=\"basic-yop-poll-container\" style=\"background-color:#ffffff; border:0px; border-style:solid; border-color:#000000; border-radius:5px; padding:0px 5px;\" data-id=\"1\" data-temp=\"basic-pretty\" data-skin=\"square\" data-cscheme=\"blue\" data-cap=\"0\" data-access=\"guest\" data-tid=\"\" data-uid=\"a7f212b510423e9cc67de5e7799e49d5\" data-pid=\"4169\" data-resdet=\"votes-number,percentages\" data-show-results-to=\"guest\" data-show-results-moment=\"after-vote\" data-show-results-only=\"false\" data-show-message=\"true\" data-show-results-as=\"bar\" data-sort-results-by=\"as-defined\" data-sort-results-rule=\"asc\"data-is-ended=\"0\" data-percentages-decimals=\"2\" data-gdpr=\"no\" data-gdpr-sol=\"consent\" data-css=\"\" data-counter=\"0\" data-load-with=\"1\" data-notification-section=\"top\"><div class=\"row\"><div class=\"col-md-12\"><div class=\"basic-inner\"><div class=\"basic-message hide\" style=\"border-left: 10px solid #008000; padding: 0px 10px;\" data-error=\"#ff0000\" data-success=\"#008000\"><p class=\"basic-message-text\" style=\"color:#000000; font-size:14px; font-weight:normal;\"><\/p><\/div><div class=\"basic-overlay hide\"><div class=\"basic-vote-options\"><\/div><div class=\"basic-preloader\"><div class=\"basic-windows8\"><div class=\"basic-wBall basic-wBall_1\"><div class=\"basic-wInnerBall\"><\/div><\/div><div class=\"basic-wBall basic-wBall_2\"><div class=\"basic-wInnerBall\"><\/div><\/div><div class=\"basic-wBall basic-wBall_3\"><div class=\"basic-wInnerBall\"><\/div><\/div><div class=\"basic-wBall basic-wBall_4\"><div class=\"basic-wInnerBall\"><\/div><\/div><div class=\"basic-wBall basic-wBall_5\"><div class=\"basic-wInnerBall\"><\/div><\/div><\/div><\/div><\/div><form class=\"basic-form\" action=\"\"><input type=\"hidden\" name=\"_token\" value=\"aefa1c200b\" autocomplete=\"off\"><div class=\"basic-elements\"><div class=\"basic-element basic-question basic-question-text-vertical\" data-id=\"1\" data-uid=\"0e77a81ce731488f57755a0e869c8bbc\" data-type=\"question\" data-question-type=\"text\" data-required=\"yes\" data-allow-multiple=\"no\" data-min=\"1\" data-max=\"1\" data-display=\"vertical\" data-colnum=\"\" data-display-others=\"no\" data-others-color=\"\" data-others=\"\" data-others-max-chars=\"0\"><div class=\"basic-question-title\"><h5 style=\"color:#000000; font-size:16px; font-weight:normal; text-align:left;\">Jak du\u017cym zaufaniem darzysz polityk\u0119 i media w Niemczech?<\/h5><\/div><ul class=\"basic-answers\"><li class=\"basic-answer\" style=\"padding:0px 0px;\" data-id=\"1\" data-type=\"text\" data-vn=\"10\" data-color=\"#000000\" data-make-link=\"no\" data-link=\"\"><div class=\"basic-answer-content basic-text-vertical\"><label for=\"answer[1]\" class=\"basic-answer-label\"><input type=\"radio\" id=\"answer[1]\" name=\"answer[1]\" value=\"1\"><span class=\"basic-text\" style=\"color: #000000; font-size: 14px; font-weight: normal;\">Bardzo wysoki - w pe\u0142ni ufam oficjalnym organom<\/span><\/label><\/div><\/li><li class=\"basic-answer\" style=\"padding:0px 0px;\" data-id=\"2\" data-type=\"text\" data-vn=\"22\" data-color=\"#000000\" data-make-link=\"no\" data-link=\"\"><div class=\"basic-answer-content basic-text-vertical\"><label for=\"answer[2]\" class=\"basic-answer-label\"><input type=\"radio\" id=\"answer[2]\" name=\"answer[1]\" value=\"2\"><span class=\"basic-text\" style=\"color: #000000; font-size: 14px; font-weight: normal;\">\u015aredni - jestem ostro\u017cny, ale nie podejrzliwy.<\/span><\/label><\/div><\/li><li class=\"basic-answer\" style=\"padding:0px 0px;\" data-id=\"3\" data-type=\"text\" data-vn=\"53\" data-color=\"#000000\" data-make-link=\"no\" data-link=\"\"><div class=\"basic-answer-content basic-text-vertical\"><label for=\"answer[3]\" class=\"basic-answer-label\"><input type=\"radio\" id=\"answer[3]\" name=\"answer[1]\" value=\"3\"><span class=\"basic-text\" style=\"color: #000000; font-size: 14px; font-weight: normal;\">Niski - sam sprawdzam wiele rzeczy<\/span><\/label><\/div><\/li><li class=\"basic-answer\" style=\"padding:0px 0px;\" data-id=\"4\" data-type=\"text\" data-vn=\"250\" data-color=\"#000000\" data-make-link=\"no\" data-link=\"\"><div class=\"basic-answer-content basic-text-vertical\"><label for=\"answer[4]\" class=\"basic-answer-label\"><input type=\"radio\" id=\"answer[4]\" name=\"answer[1]\" value=\"4\"><span class=\"basic-text\" style=\"color: #000000; font-size: 14px; font-weight: normal;\">Prawie nie istnieje - uwa\u017cam, \u017ce wiele jest zawoalowanych lub zainscenizowanych.<\/span><\/label><\/div><\/li><\/ul><\/div><div class=\"clearfix\"><\/div><\/div><div class=\"basic-vote\"><a href=\"#\" class=\"button basic-vote-button\" role=\"button\" style=\"background:#027bb8; border:0px; border-style: solid; border-color:#1636f0; border-radius:5px; padding:10px 10px; color:#ffffff; font-size:14px; font-weight:normal;\">G\u0142osowanie<\/a><\/div><input type=\"hidden\" name=\"trp-form-language\" value=\"pl\"\/><\/form><\/div><\/div><\/div><\/div>\n\t\t\t\t\t\t<\/div>\n<hr \/>\n<h2>Zmiana, sprzeczno\u015bci i ci\u0105g\u0142o\u015b\u0107 - postawa jako ruch<\/h2>\n<p>Ka\u017cdy, kto traktuje postaw\u0119 powa\u017cnie, nie mo\u017ce jej zachowa\u0107. Nie jest to stan posiadania, nie jest to status, nie jest to zamkni\u0119ty rozdzia\u0142. Postawa musi si\u0119 sprawdza\u0107 - wci\u0105\u017c na nowo, w nowych warunkach, w nowych czasach. Dla Niny Hagen oznacza to rozumienie zmiany nie jako zerwania z samym sob\u0105, ale jako koniecznej kontynuacji.<\/p>\n<p>Wielu osobom publicznym zale\u017cy na tym, by znale\u017a\u0107 si\u0119 raz. Styl, rola, wizerunek - a nast\u0119pnie pozostanie w nim tak d\u0142ugo, jak to mo\u017cliwe. Nina Hagen nigdy nie wybra\u0142a tej drogi. Nie z niepokoju, ale z konsekwencji. Ci, kt\u00f3rzy nie \u015bpi\u0105, zmieniaj\u0105 si\u0119. Ci, kt\u00f3rzy si\u0119 zmieniaj\u0105, wydaj\u0105 si\u0119 sprzeczni. A ci, kt\u00f3rzy wydaj\u0105 si\u0119 sprzeczni, s\u0105 irytuj\u0105cy.<\/p>\n<h3>Narzucenie rozwoju<\/h3>\n<p>Sprzeczno\u015bci s\u0105 niewygodne - zw\u0142aszcza dla publiczno\u015bci, kt\u00f3ra szuka jasnych kategoryzacji. Ale sprzeczno\u015b\u0107 to cz\u0119sto nic innego jak \u015blad rozwoju. Nina Hagen nigdy nie da\u0142a si\u0119 zredukowa\u0107 do jednej narracji: ani politycznie, ani duchowo, ani artystycznie.<\/p>\n<p>Ta otwarto\u015b\u0107 by\u0142a cz\u0119sto interpretowana jako niekonsekwencja. W rzeczywisto\u015bci jest to wyraz postawy, kt\u00f3ra nie jest zwi\u0105zana z \u017cadnym konkretnym obozem. Nie szuka \u0142\u0105czno\u015bci, ale sp\u00f3jno\u015bci. To sprawia, \u017ce trudno j\u0105 sklasyfikowa\u0107 - i w\u0142a\u015bnie na tym polega jej niezale\u017cno\u015b\u0107.<\/p>\n<p>Postawa nie oznacza tutaj zawsze utrzymywania tej samej opinii, ale zachowanie wolno\u015bci do zmiany pozycji.<\/p>\n<h3>Duchowe poszukiwania bez etykiety<\/h3>\n<p>Cz\u0119sto niezrozumian\u0105 cz\u0119\u015bci\u0105 ich \u015bcie\u017cki jest wymiar duchowy. Dla wielu jest to irytuj\u0105ce, poniewa\u017c nie pasuje do zwyk\u0142ego obrazu. Ale tutaj r\u00f3wnie\u017c nie chodzi o przynale\u017cno\u015b\u0107, ale o poszukiwanie.<\/p>\n<p>Nina Hagen nigdy nie wykorzystywa\u0142a swoich duchowych pyta\u0144 jako narz\u0119dzia marketingowego. Upubliczni\u0142a je, poniewa\u017c s\u0105 one cz\u0119\u015bci\u0105 jej \u017cycia. Jest to prowokuj\u0105ce - nie tylko w \u015brodowisku kulturowym, kt\u00f3re albo prywatyzuje, albo ironizuje duchowo\u015b\u0107.<\/p>\n<p>Postawa przejawia si\u0119 tutaj jako gotowo\u015b\u0107 do zadawania pyta\u0144 bez konieczno\u015bci udzielania na nie ostatecznej odpowiedzi. To tak\u017ce jest konsekwencja.<\/p>\n<h3>Opinia publiczna jako kamie\u0144 milowy<\/h3>\n<p>Sfera publiczna zmienia si\u0119 na przestrzeni lat. Logika medi\u00f3w przyspiesza, debaty polaryzuj\u0105 si\u0119. Znikaj\u0105 odcienie szaro\u015bci. Ka\u017cdy, kogo nie mo\u017cna jednoznacznie sklasyfikowa\u0107, szybko staje si\u0119 podejrzany.<\/p>\n<p>Nina Hagen wcze\u015bnie wyczu\u0142a ten rozw\u00f3j. I nie dostosowa\u0142a si\u0119 do niego. Bez upraszczania, bez wyg\u0142adzania, bez strategicznego milczenia. Zamiast tego przyj\u0119\u0142a postaw\u0119 \u015bwiadomie akceptuj\u0105c\u0105 bycie niezrozumian\u0105.<\/p>\n<p>Ta decyzja jest ryzykowna. Pozwala jednak zachowa\u0107 integralno\u015b\u0107.<\/p>\n<h3>Postawa wykraczaj\u0105ca poza wi\u0119kszo\u015b\u0107<\/h3>\n<p>Centralnym punktem tego rozdzia\u0142u jest kwestia wi\u0119kszo\u015bci. Wiele os\u00f3b myli postaw\u0119 z aprobat\u0105. Ale postawy nie mierzy si\u0119 aplauzem. Przejawia si\u0119 ona dok\u0142adnie tam, gdzie nie ma aplauzu.<\/p>\n<p>Nina Hagen nigdy nie pr\u00f3bowa\u0142a organizowa\u0107 wi\u0119kszo\u015bci. Nigdy te\u017c nie twierdzi\u0142a, \u017ce ma racj\u0119. Jej roszczenie jest inne: pozosta\u0107 wiern\u0105 sobie.<\/p>\n<p>Ta niezale\u017cno\u015b\u0107 czyni ich wra\u017cliwymi - i wiarygodnymi.<\/p>\n<p>Pomimo wszystkich zmian, jedna rzecz pozostaje niezmienna: odmowa bycia przyj\u0119tym. Ani przez obozy polityczne, ani przez sceny, ani przez oczekiwania medi\u00f3w. Ta ci\u0105g\u0142o\u015b\u0107 jest prawdziwym wsp\u00f3lnym w\u0105tkiem jej \u017cycia.<\/p>\n<p>Postawa nie jest tutaj przedstawiona jako sztywna pozycja, ale jako wewn\u0119trzny standard. Pozwala na zmian\u0119 bez arbitralno\u015bci. Pozwala na sprzeczno\u015b\u0107 bez utraty siebie.<\/p>\n<p>Percepcja zmienia si\u0119 wraz z wiekiem. Prowokacja jest szybciej odczytywana jako zak\u0142\u00f3cenie. Odchylenie jako anachronizm. Ale i tutaj Nina Hagen pozostaje konsekwentna. Nie pasuje do wizerunku, jaki maj\u0105 o niej inni - ani do ikony, ani do \u201eekscentrycznej staruszki\u201c.<\/p>\n<p>Postawa oznacza tutaj: nie stawanie si\u0119 cichszym, aby pozosta\u0107 akceptowanym. Zamiast tego nale\u017cy zachowa\u0107 jasno\u015b\u0107, nawet je\u015bli to irytuje.<\/p>\n<div class=\"lyte-wrapper\" style=\"width:640px;max-width:100%;margin:5px;\"><div class=\"lyMe\" id=\"WYL__vKDiyo178E\"><div id=\"lyte__vKDiyo178E\" data-src=\"https:\/\/www.markus-schall.de\/wp-content\/plugins\/wp-youtube-lyte\/lyteCache.php?origThumbUrl=%2F%2Fi.ytimg.com%2Fvi%2F_vKDiyo178E%2Fhqdefault.jpg\" class=\"pL\"><div class=\"tC\"><div class=\"tT\"><\/div><\/div><div class=\"play\"><\/div><div class=\"ctrl\"><div class=\"Lctrl\"><\/div><div class=\"Rctrl\"><\/div><\/div><\/div><noscript><a href=\"https:\/\/youtu.be\/_vKDiyo178E\" rel=\"nofollow noopener\" target=\"_blank\"><img loading=\"lazy\" decoding=\"async\" src=\"https:\/\/www.markus-schall.de\/wp-content\/plugins\/wp-youtube-lyte\/lyteCache.php?origThumbUrl=https%3A%2F%2Fi.ytimg.com%2Fvi%2F_vKDiyo178E%2F0.jpg\" alt=\"Miniatura wideo YouTube\" width=\"640\" height=\"340\" \/><br \/>Obejrzyj ten film na YouTube<\/a><\/noscript><\/div><\/div><div class=\"lL\" style=\"max-width:100%;width:640px;margin:5px;\"><\/div><br \/>\nNina Hagen - 16 Tons (oficjalny teledysk) | <a href=\"https:\/\/www.youtube.com\/channel\/UCThoqZ4S7b_jJP89TP3SVmw\" target=\"_blank\" rel=\"noopener\">Nina Hagen<\/a><\/p>\n<h3>Co pozosta\u0142o<\/h3>\n<p>Na ko\u0144cu tego portretu nie ma ostatecznego os\u0105du. Nie ma podzia\u0142u na dobrych i z\u0142ych, s\u0142usznych i nies\u0142usznych. Pozostaje obraz osoby, kt\u00f3ra przez dziesi\u0119ciolecia odmawia\u0142a bycia prost\u0105.<\/p>\n<p>Nina Hagen nie jest pozbawiona sprzeczno\u015bci. Ale jest konsekwentna. Nie zawsze wygodna, nie zawsze zrozumia\u0142a - ale uczciwa w tym, co robi.<\/p>\n<p>Jej postawa nie charakteryzuje si\u0119 brakiem z\u0142ych \u015bcie\u017cek, ale ch\u0119ci\u0105 pod\u0105\u017cania nimi bez zaprzeczania sobie.<\/p>\n<h3>Ko\u0144cowa my\u015bl<\/h3>\n<p>W czasach, gdy wielu m\u00f3wi g\u0142o\u015bno, a niewielu jasno, taka postawa wydaje si\u0119 niemal staro\u015bwiecka. I by\u0107 mo\u017ce w\u0142a\u015bnie dlatego jest tak cenna. Przypomina nam, \u017ce wolno\u015b\u0107 nie polega na tym, \u017ce mo\u017cna powiedzie\u0107 wszystko - ale na tym, \u017ce mo\u017cna powiedzie\u0107 to, co si\u0119 naprawd\u0119 my\u015bli.<\/p>\n<p>Nie zaadaptowany, nie przefiltrowany, ale niesiony przez wewn\u0119trzn\u0105 sp\u00f3jno\u015b\u0107, kt\u00f3ra jest cichsza ni\u017c jego reputacja - i silniejsza ni\u017c jakakolwiek poza.<\/p>\n<hr \/>\n\n\t\t\t<div class=\"display-post-types\">\n\n\t\t\t\t\t\t\t<style type=\"text\/css\">\n\t\t\t#dpt-wrapper-642 { --dpt-text-align: left;--dpt-image-crop: center;--dpt-border-radius: 5px;--dpt-h-gutter: 10px;--dpt-v-gutter: 9px; }\t\t\t<\/style>\n\t\t\t<style type=\"text\/css\">#dpt-wrapper-642 { --dpt-title-font-style:normal;--dpt-title-font-weight:600;--dpt-title-line-height:1.5;--dpt-title-text-decoration:none;--dpt-title-text-transform:none;--dpt-excerpt-font-style:normal;--dpt-excerpt-font-weight:400;--dpt-excerpt-line-height:1.5;--dpt-excerpt-text-decoration:none;--dpt-excerpt-text-transform:none;--dpt-meta1-font-style:normal;--dpt-meta1-font-weight:400;--dpt-meta1-line-height:1.9;--dpt-meta1-text-decoration:none;--dpt-meta1-text-transform:none;--dpt-meta2-font-style:normal;--dpt-meta2-font-weight:400;--dpt-meta2-line-height:1.9;--dpt-meta2-text-decoration:none;--dpt-meta2-text-transform:none; }<\/style><div class=\"dpt-main-header\">\n\t\t\t\t\t\t<div class=\"dpt-main-title\">\n\t\t\t\t\t\t\t<span class=\"dpt-main-title-text\">Kwestie spo\u0142eczne tera\u017aniejszo\u015bci<\/span>\n\t\t\t\t\t\t<\/div>\n\t\t\t\t\t\t\n\t\t\t\t\t\t\n\t\t\t\t\t\t\n\t\t\t\t\t\t<\/div>\t\t\t\n\t\t\t\t<div id=\"dpt-wrapper-642\" class=\"dpt-wrapper dpt-mag1 land1 dpt-cropped dpt-flex-wrap\" >\n\n\t\t\t\t\t\t\t\t\t\t\t<div class=\"dpt-entry has-thumbnail\" data-title=\"warum abstand kein r\u00fcckzug ist \u2013 und wie ein freeze-out orientierung schafft\" data-id=\"4435\"  data-category=\"allgemein b\u00fccher gesellschaft gesundheit tipps &amp; anleitungen\" data-post_tag=\"buch denkmodelle erfahrungen gesundheit krisen lernen pers\u00f6nlichkeitsentwicklung ratgeber\">\n\t\t\t\t\t\t\t<div class=\"dpt-entry-wrapper\"><div class=\"dpt-featured-content\"><div class=\"dpt-permalink\"><a href=\"https:\/\/www.markus-schall.de\/pl\/2026\/01\/dlaczego-odleglosc-nie-jest-odosobnieniem-i-jak-zamrozenie-tworzy-orientacje\/\" class=\"dpt-permalink\"><span class=\"screen-reader-text\">Dlaczego dystans nie jest odosobnieniem - i jak zamro\u017cenie tworzy orientacj\u0119<\/span><\/a><\/div><div class=\"dpt-thumbnail\"><div class=\"dpt-thumbnail-inner\"><img width=\"1024\" height=\"683\" class=\"attachment-full size-full\" alt=\"Freezeout - dystans w sytuacjach kryzysowych\" context=\"dpt\" data-dpt-src=\"https:\/\/www.markus-schall.de\/wp-content\/uploads\/Freezeout-Titel.jpg\" data-dpt-sizes=\"(max-width: 1024px) 100vw, 1024px\" data-dpt-srcset=\"https:\/\/www.markus-schall.de\/wp-content\/uploads\/Freezeout-Titel.jpg 1024w, https:\/\/www.markus-schall.de\/wp-content\/uploads\/Freezeout-Titel-300x200.jpg 300w, https:\/\/www.markus-schall.de\/wp-content\/uploads\/Freezeout-Titel-768x512.jpg 768w, https:\/\/www.markus-schall.de\/wp-content\/uploads\/Freezeout-Titel-18x12.jpg 18w\" \/><\/div><span class=\"dpt-thumbnail-aspect-ratio\" style=\"padding-top: 75%\"><\/span><\/div><\/div><div class=\"sub-entry\"><h3 class=\"dpt-title\"><a class=\"dpt-title-link\" href=\"https:\/\/www.markus-schall.de\/pl\/2026\/01\/dlaczego-odleglosc-nie-jest-odosobnieniem-i-jak-zamrozenie-tworzy-orientacje\/\" rel=\"bookmark\">Dlaczego dystans nie jest odosobnieniem - i jak zamro\u017cenie tworzy orientacj\u0119<\/a><\/h3><\/div><\/div>\n\t\t\t\t\t\t<\/div><!-- .dpt-entry -->\n\t\t\t\t\t\t\t\t\t\t\t\t<div class=\"dpt-entry has-thumbnail\" data-title=\"deine meinung z\u00e4hlt \u2013 neue umfragen zu aktuellen themen\" data-id=\"3383\"  data-category=\"allgemein b\u00fccher gesellschaft\" data-post_tag=\"buch cmd erfahrungen gesundheit krisen meinungsfreiheit\">\n\t\t\t\t\t\t\t<div class=\"dpt-entry-wrapper\"><div class=\"dpt-featured-content\"><div class=\"dpt-permalink\"><a href=\"https:\/\/www.markus-schall.de\/pl\/2025\/11\/twoja-opinia-liczy-sie-w-nowych-ankietach-na-aktualne-tematy\/\" class=\"dpt-permalink\"><span class=\"screen-reader-text\">Twoja opinia si\u0119 liczy - Nowe ankiety na aktualne tematy<\/span><\/a><\/div><div class=\"dpt-thumbnail\"><div class=\"dpt-thumbnail-inner\"><img width=\"1024\" height=\"683\" class=\"attachment-full size-full\" alt=\"Ankiety dotycz\u0105ce bie\u017c\u0105cych temat\u00f3w\" context=\"dpt\" data-dpt-src=\"https:\/\/www.markus-schall.de\/wp-content\/uploads\/umfragen-aktuell.jpg\" data-dpt-sizes=\"(max-width: 1024px) 100vw, 1024px\" data-dpt-srcset=\"https:\/\/www.markus-schall.de\/wp-content\/uploads\/umfragen-aktuell.jpg 1024w, https:\/\/www.markus-schall.de\/wp-content\/uploads\/umfragen-aktuell-300x200.jpg 300w, https:\/\/www.markus-schall.de\/wp-content\/uploads\/umfragen-aktuell-768x512.jpg 768w, https:\/\/www.markus-schall.de\/wp-content\/uploads\/umfragen-aktuell-18x12.jpg 18w\" \/><\/div><span class=\"dpt-thumbnail-aspect-ratio\" style=\"padding-top: 75%\"><\/span><\/div><\/div><div class=\"sub-entry\"><h3 class=\"dpt-title\"><a class=\"dpt-title-link\" href=\"https:\/\/www.markus-schall.de\/pl\/2025\/11\/twoja-opinia-liczy-sie-w-nowych-ankietach-na-aktualne-tematy\/\" rel=\"bookmark\">Twoja opinia si\u0119 liczy - Nowe ankiety na aktualne tematy<\/a><\/h3><\/div><\/div>\n\t\t\t\t\t\t<\/div><!-- .dpt-entry -->\n\t\t\t\t\t\t\t\t\t\t\t\t<div class=\"dpt-entry has-thumbnail\" data-title=\"der digitale euro kommt \u2013 was er bedeutet, was er nicht darf, und was er k\u00f6nnte\" data-id=\"3345\"  data-category=\"allgemein apple iphone &amp; ipad gesellschaft\" data-post_tag=\"datenschutz eu-gesetze europa ratgeber\">\n\t\t\t\t\t\t\t<div class=\"dpt-entry-wrapper\"><div class=\"dpt-featured-content\"><div class=\"dpt-permalink\"><a href=\"https:\/\/www.markus-schall.de\/pl\/2025\/11\/cyfrowe-euro-nadchodzi-co-to-oznacza-czego-nie-moze-robic-i-co-moze-zrobic\/\" class=\"dpt-permalink\"><span class=\"screen-reader-text\">Nadchodzi cyfrowe euro - co to oznacza, czego nie wolno robi\u0107 i co mo\u017ce zrobi\u0107<\/span><\/a><\/div><div class=\"dpt-thumbnail\"><div class=\"dpt-thumbnail-inner\"><img width=\"1024\" height=\"683\" class=\"attachment-full size-full\" alt=\"Nadchodzi cyfrowe euro\" context=\"dpt\" data-dpt-src=\"https:\/\/www.markus-schall.de\/wp-content\/uploads\/Digitaler-Euro.jpg\" data-dpt-sizes=\"(max-width: 1024px) 100vw, 1024px\" data-dpt-srcset=\"https:\/\/www.markus-schall.de\/wp-content\/uploads\/Digitaler-Euro.jpg 1024w, https:\/\/www.markus-schall.de\/wp-content\/uploads\/Digitaler-Euro-300x200.jpg 300w, https:\/\/www.markus-schall.de\/wp-content\/uploads\/Digitaler-Euro-768x512.jpg 768w, https:\/\/www.markus-schall.de\/wp-content\/uploads\/Digitaler-Euro-18x12.jpg 18w\" \/><\/div><span class=\"dpt-thumbnail-aspect-ratio\" style=\"padding-top: 75%\"><\/span><\/div><\/div><div class=\"sub-entry\"><h3 class=\"dpt-title\"><a class=\"dpt-title-link\" href=\"https:\/\/www.markus-schall.de\/pl\/2025\/11\/cyfrowe-euro-nadchodzi-co-to-oznacza-czego-nie-moze-robic-i-co-moze-zrobic\/\" rel=\"bookmark\">Nadchodzi cyfrowe euro - co to oznacza, czego nie wolno robi\u0107 i co mo\u017ce zrobi\u0107<\/a><\/h3><\/div><\/div>\n\t\t\t\t\t\t<\/div><!-- .dpt-entry -->\n\t\t\t\t\t\t\t\t\t\t\t\t<div class=\"dpt-entry has-thumbnail\" data-title=\"digitales geld verstehen: bitcoin, stablecoins und cbdcs einfach erkl\u00e4rt\" data-id=\"4211\"  data-category=\"allgemein gesellschaft\" data-post_tag=\"datenschutz digitales eigentum eu-gesetze europa geopolitik spieltheorie\">\n\t\t\t\t\t\t\t<div class=\"dpt-entry-wrapper\"><div class=\"dpt-featured-content\"><div class=\"dpt-permalink\"><a href=\"https:\/\/www.markus-schall.de\/pl\/2026\/01\/zrozumienie-cyfrowego-pieniadza-bitcoin-stablecoin-i-cbdcs-wyjasnione-w-prosty-sposob\/\" class=\"dpt-permalink\"><span class=\"screen-reader-text\">Zrozumie\u0107 cyfrowe pieni\u0105dze: Bitcoin, stablecoiny i CBDC wyja\u015bnione w prosty spos\u00f3b<\/span><\/a><\/div><div class=\"dpt-thumbnail\"><div class=\"dpt-thumbnail-inner\"><img width=\"1024\" height=\"558\" class=\"attachment-full size-full\" alt=\"CBDC, kryptowaluty i stablecoiny\" context=\"dpt\" data-dpt-src=\"https:\/\/www.markus-schall.de\/wp-content\/uploads\/cbcd-kryptos-coins-tokens.jpg\" data-dpt-sizes=\"(max-width: 1024px) 100vw, 1024px\" data-dpt-srcset=\"https:\/\/www.markus-schall.de\/wp-content\/uploads\/cbcd-kryptos-coins-tokens.jpg 1024w, https:\/\/www.markus-schall.de\/wp-content\/uploads\/cbcd-kryptos-coins-tokens-300x163.jpg 300w, https:\/\/www.markus-schall.de\/wp-content\/uploads\/cbcd-kryptos-coins-tokens-768x419.jpg 768w, https:\/\/www.markus-schall.de\/wp-content\/uploads\/cbcd-kryptos-coins-tokens-18x10.jpg 18w\" \/><\/div><span class=\"dpt-thumbnail-aspect-ratio\" style=\"padding-top: 75%\"><\/span><\/div><\/div><div class=\"sub-entry\"><h3 class=\"dpt-title\"><a class=\"dpt-title-link\" href=\"https:\/\/www.markus-schall.de\/pl\/2026\/01\/zrozumienie-cyfrowego-pieniadza-bitcoin-stablecoin-i-cbdcs-wyjasnione-w-prosty-sposob\/\" rel=\"bookmark\">Zrozumie\u0107 cyfrowe pieni\u0105dze: Bitcoin, stablecoiny i CBDC wyja\u015bnione w prosty spos\u00f3b<\/a><\/h3><\/div><\/div>\n\t\t\t\t\t\t<\/div><!-- .dpt-entry -->\n\t\t\t\t\t\t\n\t\t\t\t<\/div>\n\t\t\t\t\t\t<\/div>\n\t\t\t\n<hr \/>\n<h2>Cz\u0119sto zadawane pytania<\/h2>\n<ol>\n<li><strong>Dlaczego wcielasz si\u0119 w posta\u0107 Niny Hagen, mimo \u017ce nie jeste\u015b szczeg\u00f3ln\u0105 fank\u0105 jej muzyki?<\/strong><br \/>\nPoniewa\u017c ten portret nie jest stworzony z entuzjazmu dla dzie\u0142a, ale z zainteresowania osobowo\u015bci\u0105. Gust muzyczny jest subiektywny i ma drugorz\u0119dne znaczenie dla tego portretu. Decyduj\u0105cym czynnikiem jest to, jak kto\u015b zachowuje swoj\u0105 postaw\u0119 przez dziesi\u0119ciolecia - niezale\u017cnie od tego, czy efekt artystyczny przemawia do ciebie osobi\u015bcie. To w\u0142a\u015bnie ten dystans pozwala na spokojniejsze, bardziej szczere spojrzenie.<\/li>\n<li><strong>Co dok\u0142adnie masz na my\u015bli m\u00f3wi\u0105c \u201epostawa\u201c w odniesieniu do Niny Hagen?<\/strong><br \/>\nPostawa nie oznacza tu politycznych slogan\u00f3w czy moralnej wy\u017cszo\u015bci. Chodzi o to, by nie da\u0107 si\u0119 wci\u0105gn\u0105\u0107 - ani przez pa\u0144stwo, ani przez rynek, ani przez zeitgeist. Chodzi o konsekwencj\u0119 w my\u015bleniu i dzia\u0142aniu, nawet je\u015bli staje si\u0119 to niewygodne lub poci\u0105ga za sob\u0105 niedogodno\u015bci.<\/li>\n<li><strong>Dlaczego nie zaczniesz portretu od ich muzyki lub sukces\u00f3w?<\/strong><br \/>\nPoniewa\u017c s\u0142awa jest wynikiem, a nie \u017ar\u00f3d\u0142em. Je\u015bli skupisz si\u0119 tylko na sukcesach, przegapisz decyduj\u0105cy czynnik: wewn\u0119trzne warunki, kt\u00f3re doprowadzi\u0142y do tych sukces\u00f3w - i zak\u0142\u00f3cenia, kt\u00f3re sz\u0142y z nimi w parze. Pochodzenie, charakter i wczesne decyzje cz\u0119sto m\u00f3wi\u0105 wi\u0119cej o danej osobie ni\u017c jakakolwiek pozycja na li\u015bcie przeboj\u00f3w.<\/li>\n<li><strong>Jak\u0105 rol\u0119 odegra\u0142o jej dzieci\u0144stwo w NRD w jej p\u00f3\u017aniejszej postawie?<\/strong><br \/>\nBardzo wa\u017cne. Dorastanie w kontrolowanym systemie wyostrza percepcj\u0119 i zdolno\u015b\u0107 rozr\u00f3\u017cniania. Ci, kt\u00f3rzy w m\u0142odym wieku ucz\u0105 si\u0119 rozr\u00f3\u017cnia\u0107 mi\u0119dzy oficjaln\u0105 narracj\u0105 a do\u015bwiadczan\u0105 rzeczywisto\u015bci\u0105, cz\u0119sto rozwijaj\u0105 wewn\u0119trzny dystans - i w\u0142a\u015bnie to mo\u017ce prowadzi\u0107 do powstania postawy.<\/li>\n<li><strong>Dlaczego nie opiszesz jej pobytu w NRD jako historii czystego ucisku?<\/strong><br \/>\nBo to by\u0142oby zbyt proste. NRD nie by\u0142a permanentnym stanem wyj\u0105tkowym, ale codziennym \u017cyciem z zasadami, oczekiwaniami i ograniczonym polem manewru. To w\u0142a\u015bnie ta normalno\u015b\u0107 wyja\u015bnia, dlaczego adaptacja by\u0142a cz\u0119sto strategiczna - i dlaczego postawy pojawia\u0142y si\u0119 tam po cichu, a nie spektakularnie.<\/li>\n<li><strong>Co odr\u00f3\u017cnia adaptacj\u0119 od oportunizmu w tym portrecie?<\/strong><br \/>\nAdaptacja mo\u017ce by\u0107 \u015bwiadom\u0105 strategi\u0105 maj\u0105c\u0105 na celu zachowanie zdolno\u015bci do dzia\u0142ania bez wewn\u0119trznej rezygnacji. Oportunizm zaczyna si\u0119 tam, gdzie traci si\u0119 wewn\u0119trzny kompas. Portret pokazuje, \u017ce Nina Hagen przez d\u0142ugi czas przystosowywa\u0142a si\u0119, nie identyfikuj\u0105c si\u0119 - i w\u0142a\u015bnie w tym tkwi\u0142a jej p\u00f3\u017aniejsza wolno\u015b\u0107 wyboru.<\/li>\n<li><strong>Dlaczego opuszczenie NRD jest opisywane jako konsekwencja, a nie ucieczka?<\/strong><br \/>\nPoniewa\u017c by\u0142o to wynikiem wewn\u0119trznego procesu, a nie spontanicznej eskalacji. Ucieczka oznacza panik\u0119 lub pragnienie przygody. Konsekwencja oznacza przemy\u015blenie rozwoju sytuacji do ko\u0144ca - nawet je\u015bli cena jest wysoka.<\/li>\n<li><strong>Co zmieni\u0142 dla nich Berlin Zachodni?<\/strong><br \/>\nBerlin Zachodni oferowa\u0142 wolno\u015b\u0107, ale nie wskaz\u00f3wki. Kontrola znikn\u0119\u0142a, ale jej miejsce zaj\u0119\u0142y nowe oczekiwania: Rynek, scena, publiczno\u015b\u0107. Dzi\u0119ki temu sta\u0142o si\u0119 jasne, \u017ce postawa powstaje nie tylko w oporze wobec kontroli, ale tak\u017ce w radzeniu sobie z nieograniczonymi mo\u017cliwo\u015bciami.<\/li>\n<li><strong>Dlaczego punk jest tu opisywany jako j\u0119zyk, a nie scena?<\/strong><br \/>\nPoniewa\u017c dla Niny Hagen punk nie by\u0142 oznak\u0105 przynale\u017cno\u015bci, ale \u015brodkiem wyrazu. Sceny szybko tworz\u0105 nowe normy. Jako j\u0119zyk, punk pozwala na przesad\u0119, sprzeczno\u015b\u0107 i irytacj\u0119 - bez sta\u0142ego zaanga\u017cowania.<\/li>\n<li><strong>Czy ich prowokacja nie by\u0142a cz\u0119sto celem samym w sobie?<\/strong><br \/>\nNa pierwszy rzut oka mo\u017ce si\u0119 tak wydawa\u0107. Jednak bli\u017csze spojrzenie ujawnia kalkulacj\u0119 i kunszt. Przesada s\u0142u\u017cy tutaj jako zwierciad\u0142o oczekiwa\u0144 spo\u0142ecznych, a nie jako zwyk\u0142e poszukiwanie uwagi.<\/li>\n<li><strong>Jakie znaczenie w Twoim wygl\u0105dzie ma rzemios\u0142o?<\/strong><br \/>\nWspania\u0142y. G\u0142os, technika i prezencja sceniczna to nie przypadek. Kunszt tworzy niezale\u017cno\u015b\u0107. Ci, kt\u00f3rzy opanowali sw\u00f3j instrument, maj\u0105 mniej do zadowolenia i mog\u0105 pozwoli\u0107 sobie na wi\u0119cej.<\/li>\n<li><strong>Dlaczego wci\u0105\u017c podkre\u015blasz oddzielenie pracy, efektu i osoby?<\/strong><br \/>\nPoniewa\u017c ta separacja jest dzi\u015b cz\u0119sto tracona. Mo\u017cesz odrzuci\u0107 prac\u0119 i nadal uwa\u017ca\u0107 osob\u0119 za interesuj\u0105c\u0105. Odwrotna sytuacja jest r\u00f3wnie\u017c prawdziwa. To rozr\u00f3\u017cnienie jest warunkiem wst\u0119pnym dla portretu na poziomie oczu.<\/li>\n<li><strong>Jak sklasyfikowa\u0107 ich duchowe zwroty akcji?<\/strong><br \/>\nNie jako przerwa, ale jako cz\u0119\u015b\u0107 konsekwentnych poszukiwa\u0144. Zaj\u0119cie stanowiska nie oznacza znalezienia pozycji raz i bronienia jej. Oznacza to powa\u017cne traktowanie pyta\u0144 - nawet je\u015bli nie pasuj\u0105 one do obrazu.<\/li>\n<li><strong>Dlaczego celowo powstrzymujesz si\u0119 od ostatecznej oceny?<\/strong><br \/>\nPoniewa\u017c postawa nie jest systemem punktowym. Ludzie s\u0105 sprzeczni, rozw\u00f3j nie jest liniowy. Rozstrzygaj\u0105ca ocena nie odda\u0142aby sprawiedliwo\u015bci tematowi.<\/li>\n<li><strong>Co odr\u00f3\u017cnia ten portret od klasycznych biografii artyst\u00f3w?<\/strong><br \/>\nNie skupiamy si\u0119 na karierze, ale na wewn\u0119trznych decyzjach. Nie na sukcesach, ale na konsekwencjach. Mniej chodzi o to, co, a bardziej o to, dlaczego.<\/li>\n<li><strong>Dla kogo przeznaczony jest ten artyku\u0142?<\/strong><br \/>\nDla czytelnik\u00f3w, kt\u00f3rych interesuj\u0105 osobowo\u015bci, a nie bohaterskie wizerunki. Dla os\u00f3b ceni\u0105cych r\u00f3\u017cnorodno\u015b\u0107 i gotowych znosi\u0107 sprzeczno\u015bci.<\/li>\n<li><strong>Co czytelnik powinien wynie\u015b\u0107 z tego portretu?<\/strong><br \/>\nMo\u017ce nie opinia o Ninie Hagen - ale poczucie, \u017ce postawa zaczyna si\u0119 cicho, mo\u017ce by\u0107 kosztowna i nigdy nie jest kompletna. I \u017ce mo\u017cna pozosta\u0107 wiernym sobie, nie b\u0119d\u0105c prostym.<\/li>\n<\/ol>\n<hr \/>\n\n\t\t\t<div class=\"display-post-types\">\n\n\t\t\t\t\t\t\t<style type=\"text\/css\">\n\t\t\t#dpt-wrapper-643 { --dpt-text-align: left;--dpt-image-crop: center;--dpt-border-radius: 5px;--dpt-h-gutter: 10px;--dpt-v-gutter: 9px; }\t\t\t<\/style>\n\t\t\t<style type=\"text\/css\">#dpt-wrapper-643 { --dpt-title-font-style:normal;--dpt-title-font-weight:600;--dpt-title-line-height:1.5;--dpt-title-text-decoration:none;--dpt-title-text-transform:none;--dpt-excerpt-font-style:normal;--dpt-excerpt-font-weight:400;--dpt-excerpt-line-height:1.5;--dpt-excerpt-text-decoration:none;--dpt-excerpt-text-transform:none;--dpt-meta1-font-style:normal;--dpt-meta1-font-weight:400;--dpt-meta1-line-height:1.9;--dpt-meta1-text-decoration:none;--dpt-meta1-text-transform:none;--dpt-meta2-font-style:normal;--dpt-meta2-font-weight:400;--dpt-meta2-line-height:1.9;--dpt-meta2-text-decoration:none;--dpt-meta2-text-transform:none; }<\/style><div class=\"dpt-main-header\">\n\t\t\t\t\t\t<div class=\"dpt-main-title\">\n\t\t\t\t\t\t\t<span class=\"dpt-main-title-text\">Aktualne artyku\u0142y na temat sztucznej inteligencji<\/span>\n\t\t\t\t\t\t<\/div>\n\t\t\t\t\t\t\n\t\t\t\t\t\t\n\t\t\t\t\t\t\n\t\t\t\t\t\t<\/div>\t\t\t\n\t\t\t\t<div id=\"dpt-wrapper-643\" class=\"dpt-wrapper dpt-mag1 land1 dpt-cropped dpt-flex-wrap\" >\n\n\t\t\t\t\t\t\t\t\t\t\t<div class=\"dpt-entry has-thumbnail\" data-title=\"rag mit ollama und qdrant als universelle suchmaschine f\u00fcr eigene daten\" data-id=\"2764\"  data-category=\"filemaker &amp; erp ki-systeme\" data-post_tag=\"datenbanken docker k\u00fcnstliche intelligenz llama llm mistral ollama qdrant vektordatenbank\">\n\t\t\t\t\t\t\t<div class=\"dpt-entry-wrapper\"><div class=\"dpt-featured-content\"><div class=\"dpt-permalink\"><a href=\"https:\/\/www.markus-schall.de\/pl\/2025\/08\/rag-z-ollama-i-qdrant-jako-uniwersalna-wyszukiwarka-wlasnych-danych\/\" class=\"dpt-permalink\"><span class=\"screen-reader-text\">RAG z Ollama i Qdrant jako uniwersalna wyszukiwarka w\u0142asnych danych<\/span><\/a><\/div><div class=\"dpt-thumbnail\"><div class=\"dpt-thumbnail-inner\"><img width=\"1920\" height=\"640\" class=\"attachment-full size-full\" alt=\"Rozszerzenie lokalnej sztucznej inteligencji o bazy danych przy u\u017cyciu RAG, Ollama i Qdrant\" context=\"dpt\" data-dpt-src=\"https:\/\/www.markus-schall.de\/wp-content\/uploads\/lokale-ki-rag-ollama-qdrant.jpg\" data-dpt-sizes=\"(max-width: 1920px) 100vw, 1920px\" data-dpt-srcset=\"https:\/\/www.markus-schall.de\/wp-content\/uploads\/lokale-ki-rag-ollama-qdrant.jpg 1920w, https:\/\/www.markus-schall.de\/wp-content\/uploads\/lokale-ki-rag-ollama-qdrant-300x100.jpg 300w, https:\/\/www.markus-schall.de\/wp-content\/uploads\/lokale-ki-rag-ollama-qdrant-1024x341.jpg 1024w, https:\/\/www.markus-schall.de\/wp-content\/uploads\/lokale-ki-rag-ollama-qdrant-768x256.jpg 768w, https:\/\/www.markus-schall.de\/wp-content\/uploads\/lokale-ki-rag-ollama-qdrant-1536x512.jpg 1536w, https:\/\/www.markus-schall.de\/wp-content\/uploads\/lokale-ki-rag-ollama-qdrant-18x6.jpg 18w\" \/><\/div><span class=\"dpt-thumbnail-aspect-ratio\" style=\"padding-top: 75%\"><\/span><\/div><\/div><div class=\"sub-entry\"><h3 class=\"dpt-title\"><a class=\"dpt-title-link\" href=\"https:\/\/www.markus-schall.de\/pl\/2025\/08\/rag-z-ollama-i-qdrant-jako-uniwersalna-wyszukiwarka-wlasnych-danych\/\" rel=\"bookmark\">RAG z Ollama i Qdrant jako uniwersalna wyszukiwarka w\u0142asnych danych<\/a><\/h3><\/div><\/div>\n\t\t\t\t\t\t<\/div><!-- .dpt-entry -->\n\t\t\t\t\t\t\t\t\t\t\t\t<div class=\"dpt-entry has-thumbnail\" data-title=\"wenn der mac zuh\u00f6rt: was apples integrierte ki mit gemini und siri k\u00fcnftig f\u00fcr nutzer bedeutet\" data-id=\"4813\"  data-category=\"apple iphone &amp; ipad apple macos ki-systeme\" data-post_tag=\"apple datenlogik datenschutz k\u00fcnstliche intelligenz llm mac prozesse sprachmodell\">\n\t\t\t\t\t\t\t<div class=\"dpt-entry-wrapper\"><div class=\"dpt-featured-content\"><div class=\"dpt-permalink\"><a href=\"https:\/\/www.markus-schall.de\/pl\/2026\/02\/jesli-mac-poslucha-tego-co-jablka-zintegrowane-ki-z-gemini-i-siri-beda-oznaczac-dla-uzytkownikow-w-przyszlosci\/\" class=\"dpt-permalink\"><span class=\"screen-reader-text\">Gdy Mac s\u0142ucha: Co zintegrowana sztuczna inteligencja Apple z Gemini i Siri b\u0119dzie oznacza\u0107 dla u\u017cytkownik\u00f3w w przysz\u0142o\u015bci?<\/span><\/a><\/div><div class=\"dpt-thumbnail\"><div class=\"dpt-thumbnail-inner\"><img width=\"1024\" height=\"683\" class=\"attachment-full size-full\" alt=\"Apple, Siri i Gemini\" context=\"dpt\" data-dpt-src=\"https:\/\/www.markus-schall.de\/wp-content\/uploads\/Apple-Siri-Gemini.jpg\" data-dpt-sizes=\"(max-width: 1024px) 100vw, 1024px\" data-dpt-srcset=\"https:\/\/www.markus-schall.de\/wp-content\/uploads\/Apple-Siri-Gemini.jpg 1024w, https:\/\/www.markus-schall.de\/wp-content\/uploads\/Apple-Siri-Gemini-300x200.jpg 300w, https:\/\/www.markus-schall.de\/wp-content\/uploads\/Apple-Siri-Gemini-768x512.jpg 768w, https:\/\/www.markus-schall.de\/wp-content\/uploads\/Apple-Siri-Gemini-18x12.jpg 18w\" \/><\/div><span class=\"dpt-thumbnail-aspect-ratio\" style=\"padding-top: 75%\"><\/span><\/div><\/div><div class=\"sub-entry\"><h3 class=\"dpt-title\"><a class=\"dpt-title-link\" href=\"https:\/\/www.markus-schall.de\/pl\/2026\/02\/jesli-mac-poslucha-tego-co-jablka-zintegrowane-ki-z-gemini-i-siri-beda-oznaczac-dla-uzytkownikow-w-przyszlosci\/\" rel=\"bookmark\">Gdy Mac s\u0142ucha: Co zintegrowana sztuczna inteligencja Apple z Gemini i Siri b\u0119dzie oznacza\u0107 dla u\u017cytkownik\u00f3w w przysz\u0142o\u015bci?<\/a><\/h3><\/div><\/div>\n\t\t\t\t\t\t<\/div><!-- .dpt-entry -->\n\t\t\t\t\t\t\t\t\t\t\t\t<div class=\"dpt-entry has-thumbnail\" data-title=\"wie tiere zeit wahrnehmen \u2013 und was das f\u00fcr die zukunft der ki bedeutet\" data-id=\"4918\"  data-category=\"allgemein gesellschaft ki-systeme\" data-post_tag=\"denkmodelle erfahrungen k\u00fcnstliche intelligenz llm portrait prozesse sprachmodell\">\n\t\t\t\t\t\t\t<div class=\"dpt-entry-wrapper\"><div class=\"dpt-featured-content\"><div class=\"dpt-permalink\"><a href=\"https:\/\/www.markus-schall.de\/pl\/2026\/02\/jak-zwierzeta-postrzegaja-czas-i-co-to-oznacza-dla-przyszlosci-ki\/\" class=\"dpt-permalink\"><span class=\"screen-reader-text\">Jak zwierz\u0119ta postrzegaj\u0105 czas - i co to oznacza dla przysz\u0142o\u015bci sztucznej inteligencji?<\/span><\/a><\/div><div class=\"dpt-thumbnail\"><div class=\"dpt-thumbnail-inner\"><img width=\"1024\" height=\"683\" class=\"attachment-full size-full\" alt=\"Zwierz\u0119ta, sztuczna inteligencja i postrzeganie czasu\" context=\"dpt\" data-dpt-src=\"https:\/\/www.markus-schall.de\/wp-content\/uploads\/Tiere-KI-Zeitwahrnehmung.jpg\" data-dpt-sizes=\"(max-width: 1024px) 100vw, 1024px\" data-dpt-srcset=\"https:\/\/www.markus-schall.de\/wp-content\/uploads\/Tiere-KI-Zeitwahrnehmung.jpg 1024w, https:\/\/www.markus-schall.de\/wp-content\/uploads\/Tiere-KI-Zeitwahrnehmung-300x200.jpg 300w, https:\/\/www.markus-schall.de\/wp-content\/uploads\/Tiere-KI-Zeitwahrnehmung-768x512.jpg 768w, https:\/\/www.markus-schall.de\/wp-content\/uploads\/Tiere-KI-Zeitwahrnehmung-18x12.jpg 18w\" \/><\/div><span class=\"dpt-thumbnail-aspect-ratio\" style=\"padding-top: 75%\"><\/span><\/div><\/div><div class=\"sub-entry\"><h3 class=\"dpt-title\"><a class=\"dpt-title-link\" href=\"https:\/\/www.markus-schall.de\/pl\/2026\/02\/jak-zwierzeta-postrzegaja-czas-i-co-to-oznacza-dla-przyszlosci-ki\/\" rel=\"bookmark\">Jak zwierz\u0119ta postrzegaj\u0105 czas - i co to oznacza dla przysz\u0142o\u015bci sztucznej inteligencji?<\/a><\/h3><\/div><\/div>\n\t\t\t\t\t\t<\/div><!-- .dpt-entry -->\n\t\t\t\t\t\t\t\t\t\t\t\t<div class=\"dpt-entry has-thumbnail\" data-title=\"gfm-business und die zukunft des erp: lokale intelligenz statt cloud-abh\u00e4ngigkeit\" data-id=\"2956\"  data-category=\"apple iphone &amp; ipad apple macos filemaker &amp; erp ki-systeme\" data-post_tag=\"datenschutz digitales eigentum erp-software filemaker gfm-business k\u00fcnstliche intelligenz llm neo4j qdrant sprachmodell\">\n\t\t\t\t\t\t\t<div class=\"dpt-entry-wrapper\"><div class=\"dpt-featured-content\"><div class=\"dpt-permalink\"><a href=\"https:\/\/www.markus-schall.de\/pl\/2025\/09\/gfm-business-i-przyszlosc-erp-lokalna-inteligencja-zamiast-zaleznosci-od-chmury\/\" class=\"dpt-permalink\"><span class=\"screen-reader-text\">gFM-Business i przysz\u0142o\u015b\u0107 ERP: lokalna inteligencja zamiast zale\u017cno\u015bci od chmury<\/span><\/a><\/div><div class=\"dpt-thumbnail\"><div class=\"dpt-thumbnail-inner\"><img width=\"1024\" height=\"683\" class=\"attachment-full size-full\" alt=\"gFM-Business i sztuczna inteligencja + graf wiedzy\" context=\"dpt\" data-dpt-src=\"https:\/\/www.markus-schall.de\/wp-content\/uploads\/gfm-ERP-KI-Wissensgraf.jpg\" data-dpt-sizes=\"(max-width: 1024px) 100vw, 1024px\" data-dpt-srcset=\"https:\/\/www.markus-schall.de\/wp-content\/uploads\/gfm-ERP-KI-Wissensgraf.jpg 1024w, https:\/\/www.markus-schall.de\/wp-content\/uploads\/gfm-ERP-KI-Wissensgraf-300x200.jpg 300w, https:\/\/www.markus-schall.de\/wp-content\/uploads\/gfm-ERP-KI-Wissensgraf-768x512.jpg 768w, https:\/\/www.markus-schall.de\/wp-content\/uploads\/gfm-ERP-KI-Wissensgraf-18x12.jpg 18w\" \/><\/div><span class=\"dpt-thumbnail-aspect-ratio\" style=\"padding-top: 75%\"><\/span><\/div><\/div><div class=\"sub-entry\"><h3 class=\"dpt-title\"><a class=\"dpt-title-link\" href=\"https:\/\/www.markus-schall.de\/pl\/2025\/09\/gfm-business-i-przyszlosc-erp-lokalna-inteligencja-zamiast-zaleznosci-od-chmury\/\" rel=\"bookmark\">gFM-Business i przysz\u0142o\u015b\u0107 ERP: lokalna inteligencja zamiast zale\u017cno\u015bci od chmury<\/a><\/h3><\/div><\/div>\n\t\t\t\t\t\t<\/div><!-- .dpt-entry -->\n\t\t\t\t\t\t\n\t\t\t\t<\/div>\n\t\t\t\t\t\t<\/div>\n\t\t\t\n<hr \/>","protected":false},"excerpt":{"rendered":"<p>Kiedy podchodzi si\u0119 do portretu Niny Hagen, kusz\u0105ce jest, aby najpierw porozmawia\u0107 o muzyce. O punku, prowokacji, przenikliwych wyst\u0119pach. O wszystkim, co g\u0142o\u015bne i widoczne. Ten portret celowo zaczyna si\u0119 inaczej. Nie od piosenek, nie od styl\u00f3w, nie od obraz\u00f3w. Ale od czego\u015b cichszego - i wa\u017cniejszego: postawy. ... <a title=\"gFM-Business i przysz\u0142o\u015b\u0107 ERP: lokalna inteligencja zamiast zale\u017cno\u015bci od chmury\" class=\"read-more\" href=\"https:\/\/www.markus-schall.de\/pl\/2025\/09\/gfm-business-i-przyszlosc-erp-lokalna-inteligencja-zamiast-zaleznosci-od-chmury\/\" aria-label=\"Dowiedz si\u0119 wi\u0119cej o gFM-Business i przysz\u0142o\u015bci ERP: lokalna inteligencja zamiast zale\u017cno\u015bci od chmury\">Dowiedz si\u0119 wi\u0119cej<\/a><\/p>","protected":false},"author":1,"featured_media":4530,"comment_status":"open","ping_status":"open","sticky":false,"template":"","format":"standard","meta":{"iawp_total_views":302,"footnotes":""},"categories":[1,466,472],"tags":[467,480,458,475,426,476,483,477],"class_list":["post-4521","post","type-post","status-publish","format-standard","has-post-thumbnail","hentry","category-allgemein","category-gesellschaft","category-kunst-kultur","tag-auswandern","tag-deutschland","tag-erfahrungen","tag-europa","tag-krisen","tag-meinungsfreiheit","tag-musik","tag-portrait"],"_links":{"self":[{"href":"https:\/\/www.markus-schall.de\/pl\/wp-json\/wp\/v2\/posts\/4521","targetHints":{"allow":["GET"]}}],"collection":[{"href":"https:\/\/www.markus-schall.de\/pl\/wp-json\/wp\/v2\/posts"}],"about":[{"href":"https:\/\/www.markus-schall.de\/pl\/wp-json\/wp\/v2\/types\/post"}],"author":[{"embeddable":true,"href":"https:\/\/www.markus-schall.de\/pl\/wp-json\/wp\/v2\/users\/1"}],"replies":[{"embeddable":true,"href":"https:\/\/www.markus-schall.de\/pl\/wp-json\/wp\/v2\/comments?post=4521"}],"version-history":[{"count":20,"href":"https:\/\/www.markus-schall.de\/pl\/wp-json\/wp\/v2\/posts\/4521\/revisions"}],"predecessor-version":[{"id":5827,"href":"https:\/\/www.markus-schall.de\/pl\/wp-json\/wp\/v2\/posts\/4521\/revisions\/5827"}],"wp:featuredmedia":[{"embeddable":true,"href":"https:\/\/www.markus-schall.de\/pl\/wp-json\/wp\/v2\/media\/4530"}],"wp:attachment":[{"href":"https:\/\/www.markus-schall.de\/pl\/wp-json\/wp\/v2\/media?parent=4521"}],"wp:term":[{"taxonomy":"category","embeddable":true,"href":"https:\/\/www.markus-schall.de\/pl\/wp-json\/wp\/v2\/categories?post=4521"},{"taxonomy":"post_tag","embeddable":true,"href":"https:\/\/www.markus-schall.de\/pl\/wp-json\/wp\/v2\/tags?post=4521"}],"curies":[{"name":"wp","href":"https:\/\/api.w.org\/{rel}","templated":true}]}}