{"id":5212,"date":"2026-03-12T05:25:40","date_gmt":"2026-03-12T05:25:40","guid":{"rendered":"https:\/\/www.markus-schall.de\/?p=5212"},"modified":"2026-04-27T07:15:41","modified_gmt":"2026-04-27T07:15:41","slug":"konflikt-iran-izrael-dlaczego-ta-eskalacja-jest-strategicznym-koszmarem-zachodu","status":"publish","type":"post","link":"https:\/\/www.markus-schall.de\/pl\/2026\/03\/konflikt-iran-izrael-dlaczego-ta-eskalacja-jest-strategicznym-koszmarem-zachodu\/","title":{"rendered":"Konflikt ira\u0144sko-izraelski: dlaczego jego eskalacja jest strategicznym koszmarem Zachodu?"},"content":{"rendered":"<p>S\u0105 w tej historii momenty, w kt\u00f3rych czu\u0107, \u017ce co\u015b si\u0119 zmienia. Nie gwa\u0142townie, nie jedn\u0105 decyzj\u0105, ale jak linia, kt\u00f3ra powoli, ale nieub\u0142aganie biegnie przez kurz starych pewnik\u00f3w. Ostatnie kilka dni to w\u0142a\u015bnie takie momenty. Przez d\u0142ugi czas zastanawia\u0142em si\u0119, czy naprawd\u0119 powinienem pisa\u0107 ten artyku\u0142 - w ko\u0144cu ju\u017c raz szczeg\u00f3\u0142owo zajmowa\u0142em si\u0119 Iranem i wyja\u015bni\u0142em, \u017ce mo\u017cna zrozumie\u0107 ten kraj i jego struktury w\u0142adzy tylko wtedy, gdy spojrzy si\u0119 na dziesi\u0119ciolecia. Ale to w\u0142a\u015bnie te linie sta\u0142y si\u0119 teraz ponownie widoczne, wyra\u017aniej ni\u017c kiedykolwiek.<\/p>\n<p>To, co sprawia, \u017ce siedz\u0119 i zwracam uwag\u0119, to nie tylko twarde fakty: nocne ataki, przeci\u0105\u017cenie izraelskiej obrony przeciwrakietowej, retoryka przyw\u00f3dc\u00f3w politycznych, rosn\u0105ca zmiana w\u0142adzy w tle. Chodzi o podstawowy wzorzec - poczucie, \u017ce oto konflikt wkracza w faz\u0119, kt\u00f3ra b\u0119dzie koszmarem dla ka\u017cdego stratega. I w\u0142a\u015bnie dlatego pisz\u0119 ten artyku\u0142: poniewa\u017c wielu widzi powierzchni\u0119, ale ma\u0142o kto rozumie, co dzieje si\u0119 pod spodem.<!--more--><\/p>\n<p>I poniewa\u017c wierz\u0119, \u017ce \u017cyjemy w czasach, w kt\u00f3rych obywatele musz\u0105 ponownie nauczy\u0107 si\u0119 my\u015ble\u0107 z otwartymi oczami. Nie spanikowanymi czy uleg\u0142ymi, ale trze\u017awymi. Dok\u0142adnie to staram si\u0119 zrobi\u0107 w tym artykule: Zapewni\u0107 orientacj\u0119, bez wybielania, i pokaza\u0107, dlaczego ten konflikt osi\u0105gn\u0105\u0142 now\u0105 jako\u015b\u0107, kt\u00f3rej Zach\u00f3d nie do\u015bwiadczy\u0142 w takiej formie od dawna.<\/p>\n<hr \/>\n\n\t\t\t<div class=\"display-post-types\">\n\n\t\t\t\t\t\t\t<style type=\"text\/css\">\n\t\t\t#dpt-wrapper-994 { --dpt-text-align: left;--dpt-image-crop: center;--dpt-border-radius: 5px;--dpt-h-gutter: 10px;--dpt-v-gutter: 9px; }\t\t\t<\/style>\n\t\t\t<style type=\"text\/css\">#dpt-wrapper-994 { --dpt-title-font-style:normal;--dpt-title-font-weight:600;--dpt-title-line-height:1.5;--dpt-title-text-decoration:none;--dpt-title-text-transform:none;--dpt-excerpt-font-style:normal;--dpt-excerpt-font-weight:400;--dpt-excerpt-line-height:1.5;--dpt-excerpt-text-decoration:none;--dpt-excerpt-text-transform:none;--dpt-meta1-font-style:normal;--dpt-meta1-font-weight:400;--dpt-meta1-line-height:1.9;--dpt-meta1-text-decoration:none;--dpt-meta1-text-transform:none;--dpt-meta2-font-style:normal;--dpt-meta2-font-weight:400;--dpt-meta2-line-height:1.9;--dpt-meta2-text-decoration:none;--dpt-meta2-text-transform:none; }<\/style><div class=\"dpt-main-header\">\n\t\t\t\t\t\t<div class=\"dpt-main-title\">\n\t\t\t\t\t\t\t<span class=\"dpt-main-title-text\">Aktualne artyku\u0142y na temat sztuki i kultury<\/span>\n\t\t\t\t\t\t<\/div>\n\t\t\t\t\t\t\n\t\t\t\t\t\t\n\t\t\t\t\t\t\n\t\t\t\t\t\t<\/div>\t\t\t\n\t\t\t\t<div id=\"dpt-wrapper-994\" class=\"dpt-wrapper dpt-mag1 land1 dpt-cropped dpt-flex-wrap\" >\n\n\t\t\t\t\t\t\t\t\t\t\t<div class=\"dpt-entry has-thumbnail\" data-title=\"dieter bohlen im klartext: warum deutschland an der eigenen b\u00fcrokratie scheitert\" data-id=\"3546\"  data-category=\"allgemein b\u00fccher gesellschaft kunst &amp; kultur\" data-post_tag=\"buch deutschland erfahrungen krisen meinungsfreiheit musik\">\n\t\t\t\t\t\t\t<div class=\"dpt-entry-wrapper\"><div class=\"dpt-featured-content\"><div class=\"dpt-permalink\"><a href=\"https:\/\/www.markus-schall.de\/pl\/2025\/11\/dieter-bohlen-prostym-jezykiem-dlaczego-niemcy-upadaja-z-powodu-wlasnej-biurokracji\/\" class=\"dpt-permalink\"><span class=\"screen-reader-text\">Dieter Bohlen prostym j\u0119zykiem: Dlaczego Niemcy upadaj\u0105 z powodu w\u0142asnej biurokracji?<\/span><\/a><\/div><div class=\"dpt-thumbnail\"><div class=\"dpt-thumbnail-inner\"><img width=\"1536\" height=\"1024\" class=\"attachment-full size-full\" alt=\"Dieter Bohlen w rozmowie z Dominikiem Kettnerem\" context=\"dpt\" data-dpt-src=\"https:\/\/www.markus-schall.de\/wp-content\/uploads\/bohlen-kettner-germany.jpg\" data-dpt-sizes=\"(max-width: 1536px) 100vw, 1536px\" data-dpt-srcset=\"https:\/\/www.markus-schall.de\/wp-content\/uploads\/bohlen-kettner-germany.jpg 1536w, https:\/\/www.markus-schall.de\/wp-content\/uploads\/bohlen-kettner-germany-300x200.jpg 300w, https:\/\/www.markus-schall.de\/wp-content\/uploads\/bohlen-kettner-germany-1024x683.jpg 1024w, https:\/\/www.markus-schall.de\/wp-content\/uploads\/bohlen-kettner-germany-768x512.jpg 768w, https:\/\/www.markus-schall.de\/wp-content\/uploads\/bohlen-kettner-germany-18x12.jpg 18w\" \/><\/div><span class=\"dpt-thumbnail-aspect-ratio\" style=\"padding-top: 75%\"><\/span><\/div><\/div><div class=\"sub-entry\"><h3 class=\"dpt-title\"><a class=\"dpt-title-link\" href=\"https:\/\/www.markus-schall.de\/pl\/2025\/11\/dieter-bohlen-prostym-jezykiem-dlaczego-niemcy-upadaja-z-powodu-wlasnej-biurokracji\/\" rel=\"bookmark\">Dieter Bohlen prostym j\u0119zykiem: Dlaczego Niemcy upadaj\u0105 z powodu w\u0142asnej biurokracji?<\/a><\/h3><\/div><\/div>\n\t\t\t\t\t\t<\/div><!-- .dpt-entry -->\n\t\t\t\t\t\t\t\t\t\t\t\t<div class=\"dpt-entry has-thumbnail\" data-title=\"die krimtataren \u2013 geschichte, herkunft und gegenwart eines vergessenen volkes\" data-id=\"4154\"  data-category=\"allgemein gesellschaft kunst &amp; kultur\" data-post_tag=\"europa geopolitik krisen meinungsfreiheit\">\n\t\t\t\t\t\t\t<div class=\"dpt-entry-wrapper\"><div class=\"dpt-featured-content\"><div class=\"dpt-permalink\"><a href=\"https:\/\/www.markus-schall.de\/pl\/2025\/12\/tatarzy-krymscy-historia-pochodzenie-i-terazniejszosc-zapomnianego-ludu\/\" class=\"dpt-permalink\"><span class=\"screen-reader-text\">Tatarzy Krymscy - historia, pochodzenie i tera\u017aniejszo\u015b\u0107 zapomnianego ludu<\/span><\/a><\/div><div class=\"dpt-thumbnail\"><div class=\"dpt-thumbnail-inner\"><img width=\"1024\" height=\"683\" class=\"attachment-full size-full\" alt=\"Step krymsko-tatarski\" context=\"dpt\" data-dpt-src=\"https:\/\/www.markus-schall.de\/wp-content\/uploads\/Krimtartaren-Steppe.jpg\" data-dpt-sizes=\"(max-width: 1024px) 100vw, 1024px\" data-dpt-srcset=\"https:\/\/www.markus-schall.de\/wp-content\/uploads\/Krimtartaren-Steppe.jpg 1024w, https:\/\/www.markus-schall.de\/wp-content\/uploads\/Krimtartaren-Steppe-300x200.jpg 300w, https:\/\/www.markus-schall.de\/wp-content\/uploads\/Krimtartaren-Steppe-768x512.jpg 768w, https:\/\/www.markus-schall.de\/wp-content\/uploads\/Krimtartaren-Steppe-18x12.jpg 18w\" \/><\/div><span class=\"dpt-thumbnail-aspect-ratio\" style=\"padding-top: 75%\"><\/span><\/div><\/div><div class=\"sub-entry\"><h3 class=\"dpt-title\"><a class=\"dpt-title-link\" href=\"https:\/\/www.markus-schall.de\/pl\/2025\/12\/tatarzy-krymscy-historia-pochodzenie-i-terazniejszosc-zapomnianego-ludu\/\" rel=\"bookmark\">Tatarzy Krymscy - historia, pochodzenie i tera\u017aniejszo\u015b\u0107 zapomnianego ludu<\/a><\/h3><\/div><\/div>\n\t\t\t\t\t\t<\/div><!-- .dpt-entry -->\n\t\t\t\t\t\t\t\t\t\t\t\t<div class=\"dpt-entry has-thumbnail\" data-title=\"zukunft mit ladeger\u00e4t \u2013 herr von l&#8217;oreot kauft einen e-scooter\" data-id=\"3229\"  data-category=\"allgemein gesellschaft kunst &amp; kultur stories &amp; humor\" data-post_tag=\"erfahrungen\">\n\t\t\t\t\t\t\t<div class=\"dpt-entry-wrapper\"><div class=\"dpt-featured-content\"><div class=\"dpt-permalink\"><a href=\"https:\/\/www.markus-schall.de\/pl\/2025\/10\/przyszlosc-z-ladowarka-pan-von-loreot-kupuje-hulajnoge-elektryczna\/\" class=\"dpt-permalink\"><span class=\"screen-reader-text\">Przysz\u0142o\u015b\u0107 z \u0142adowark\u0105 - pan von L'oreot kupuje hulajnog\u0119 elektryczn\u0105<\/span><\/a><\/div><div class=\"dpt-thumbnail\"><div class=\"dpt-thumbnail-inner\"><img width=\"1024\" height=\"747\" class=\"attachment-full size-full\" alt=\"\" context=\"dpt\" data-dpt-src=\"https:\/\/www.markus-schall.de\/wp-content\/uploads\/loereot-e-scooter-1.jpg\" data-dpt-sizes=\"(max-width: 1024px) 100vw, 1024px\" data-dpt-srcset=\"https:\/\/www.markus-schall.de\/wp-content\/uploads\/loereot-e-scooter-1.jpg 1024w, https:\/\/www.markus-schall.de\/wp-content\/uploads\/loereot-e-scooter-1-300x219.jpg 300w, https:\/\/www.markus-schall.de\/wp-content\/uploads\/loereot-e-scooter-1-768x560.jpg 768w, https:\/\/www.markus-schall.de\/wp-content\/uploads\/loereot-e-scooter-1-16x12.jpg 16w\" \/><\/div><span class=\"dpt-thumbnail-aspect-ratio\" style=\"padding-top: 75%\"><\/span><\/div><\/div><div class=\"sub-entry\"><h3 class=\"dpt-title\"><a class=\"dpt-title-link\" href=\"https:\/\/www.markus-schall.de\/pl\/2025\/10\/przyszlosc-z-ladowarka-pan-von-loreot-kupuje-hulajnoge-elektryczna\/\" rel=\"bookmark\">Przysz\u0142o\u015b\u0107 z \u0142adowark\u0105 - pan von L'oreot kupuje hulajnog\u0119 elektryczn\u0105<\/a><\/h3><\/div><\/div>\n\t\t\t\t\t\t<\/div><!-- .dpt-entry -->\n\t\t\t\t\t\t\t\t\t\t\t\t<div class=\"dpt-entry has-thumbnail\" data-title=\"vicco von b\u00fclow alias loriot \u2013 ordnung, form und der leise widerstand des humors\" data-id=\"4169\"  data-category=\"allgemein gesellschaft kunst &amp; kultur stories &amp; humor\" data-post_tag=\"deutschland erfahrungen pers\u00f6nlichkeitsentwicklung portrait\">\n\t\t\t\t\t\t\t<div class=\"dpt-entry-wrapper\"><div class=\"dpt-featured-content\"><div class=\"dpt-permalink\"><a href=\"https:\/\/www.markus-schall.de\/pl\/2025\/12\/formularz-zamowienia-vicco-von-buelow-alias-loriot-i-cichy-opor-humoru\/\" class=\"dpt-permalink\"><span class=\"screen-reader-text\">Vicco von B\u00fclow alias Loriot - porz\u0105dek, forma i cichy op\u00f3r humoru<\/span><\/a><\/div><div class=\"dpt-thumbnail\"><div class=\"dpt-thumbnail-inner\"><img width=\"1024\" height=\"747\" class=\"attachment-full size-full\" alt=\"\" context=\"dpt\" data-dpt-src=\"https:\/\/www.markus-schall.de\/wp-content\/uploads\/Loriot-Titel.jpg\" data-dpt-sizes=\"(max-width: 1024px) 100vw, 1024px\" data-dpt-srcset=\"https:\/\/www.markus-schall.de\/wp-content\/uploads\/Loriot-Titel.jpg 1024w, https:\/\/www.markus-schall.de\/wp-content\/uploads\/Loriot-Titel-300x219.jpg 300w, https:\/\/www.markus-schall.de\/wp-content\/uploads\/Loriot-Titel-768x560.jpg 768w, https:\/\/www.markus-schall.de\/wp-content\/uploads\/Loriot-Titel-16x12.jpg 16w\" \/><\/div><span class=\"dpt-thumbnail-aspect-ratio\" style=\"padding-top: 75%\"><\/span><\/div><\/div><div class=\"sub-entry\"><h3 class=\"dpt-title\"><a class=\"dpt-title-link\" href=\"https:\/\/www.markus-schall.de\/pl\/2025\/12\/formularz-zamowienia-vicco-von-buelow-alias-loriot-i-cichy-opor-humoru\/\" rel=\"bookmark\">Vicco von B\u00fclow alias Loriot - porz\u0105dek, forma i cichy op\u00f3r humoru<\/a><\/h3><\/div><\/div>\n\t\t\t\t\t\t<\/div><!-- .dpt-entry -->\n\t\t\t\t\t\t\n\t\t\t\t<\/div>\n\t\t\t\t\t\t<\/div>\n\t\t\t\n<hr \/>\n<h2>Najnowsze wiadomo\u015bci na temat konfliktu izraelsko-ira\u0144skiego<\/h2>\n<p><strong>13.04.2026<\/strong>Po fiasku negocjacji mi\u0119dzy USA a Iranem, prezydent USA Donald Trump zarz\u0105dzi\u0142 blokad\u0119 morsk\u0105 w cie\u015bninie Ormuz. Celem tego \u015brodka jest w szczeg\u00f3lno\u015bci uniemo\u017cliwienie eksportu ira\u0144skiej ropy naftowej, a tym samym znaczne zwi\u0119kszenie presji gospodarczej na Teheran. Szczeg\u00f3lnie dotkni\u0119te zostan\u0105 statki podr\u00f3\u017cuj\u0105ce do lub z ira\u0144skich port\u00f3w, podczas gdy dostawy z innych kraj\u00f3w Zatoki Perskiej nie zostan\u0105 oficjalnie wstrzymane. Jednocze\u015bnie Stany Zjednoczone zapowiedzia\u0142y, \u017ce usun\u0105 ira\u0144skie miny morskie i w razie potrzeby podejm\u0105 dzia\u0142ania militarne przeciwko zagro\u017ceniom. The <a href=\"https:\/\/www.tagesschau.de\/ausland\/asien\/seeblockade-persischer-golf-strasse-hormus-usa-iran-100.html\" target=\"_blank\" rel=\"noopener\"><strong>Codzienne wiadomo\u015bci<\/strong><\/a> rzuca \u015bwiat\u0142o na to, dlaczego blokada morska nie jest pozbawiona ryzyka.<\/p>\n<div class=\"lyte-wrapper\" style=\"width:640px;max-width:100%;margin:5px;\"><div class=\"lyMe\" id=\"WYL_J65_3WCdiGg\"><div id=\"lyte_J65_3WCdiGg\" data-src=\"https:\/\/www.markus-schall.de\/wp-content\/plugins\/wp-youtube-lyte\/lyteCache.php?origThumbUrl=%2F%2Fi.ytimg.com%2Fvi%2FJ65_3WCdiGg%2Fhqdefault.jpg\" class=\"pL\"><div class=\"tC\"><div class=\"tT\"><\/div><\/div><div class=\"play\"><\/div><div class=\"ctrl\"><div class=\"Lctrl\"><\/div><div class=\"Rctrl\"><\/div><\/div><\/div><noscript><a href=\"https:\/\/youtu.be\/J65_3WCdiGg\" rel=\"nofollow noopener\" target=\"_blank\"><img loading=\"lazy\" decoding=\"async\" src=\"https:\/\/www.markus-schall.de\/wp-content\/plugins\/wp-youtube-lyte\/lyteCache.php?origThumbUrl=https%3A%2F%2Fi.ytimg.com%2Fvi%2FJ65_3WCdiGg%2F0.jpg\" alt=\"Miniatura wideo YouTube\" width=\"640\" height=\"340\" \/><br \/>Obejrzyj ten film na YouTube<\/a><\/noscript><\/div><\/div><div class=\"lL\" style=\"max-width:100%;width:640px;margin:5px;\"><\/div><br \/>\nCie\u015bnina Ormuz: Dlaczego Trump blokuje cie\u015bnin\u0119? <a href=\"https:\/\/www.youtube.com\/@ZDFheute\" target=\"_blank\" rel=\"nofollow noopener\">Wiadomo\u015bci ZDFtoday<\/a><\/p>\n<p>Cie\u015bnina Ormuz jest jednym z najwa\u017cniejszych szlak\u00f3w energetycznych na \u015bwiecie, transportuj\u0105cym oko\u0142o jednej pi\u0105tej \u015bwiatowego handlu rop\u0105 naftow\u0105. Potencjalny wp\u0142yw jest odpowiednio wysoki: Wkr\u00f3tce po og\u0142oszeniu, ceny ropy znacznie wzros\u0142y, a liczne statki handlowe utkn\u0119\u0142y w Zatoce Perskiej. Obserwatorzy ostrzegaj\u0105 przed dalsz\u0105 eskalacj\u0105, poniewa\u017c Iran zapowiedzia\u0142 \u015brodki zaradcze, a sytuacja staje si\u0119 coraz bardziej napi\u0119ta zar\u00f3wno pod wzgl\u0119dem militarnym, jak i gospodarczym.<\/p>\n<p><strong>12.04.2026<\/strong>Rozmowy pokojowe mi\u0119dzy USA a Iranem zako\u0144czy\u0142y si\u0119 bez rezultatu po oko\u0142o 21 godzinach negocjacji w Pakistanie. Wiceprezydent USA J. D. Vance wyja\u015bni\u0142, \u017ce odmowa Teheranu dokonania wi\u0105\u017c\u0105cej rezygnacji z programu broni nuklearnej w szczeg\u00f3lno\u015bci uniemo\u017cliwi\u0142a prze\u0142om. Jednocze\u015bnie strona ira\u0144ska da\u0142a jasno do zrozumienia, \u017ce \u017c\u0105dania USA zosta\u0142y uznane za zbyt daleko id\u0105ce i \u017ce nadal istniej\u0105 fundamentalne r\u00f3\u017cnice. Poni\u017cej znajduje si\u0119 podsumowanie na \u017cywo z ZDFheute:<\/p>\n<div class=\"lyte-wrapper\" style=\"width:640px;max-width:100%;margin:5px;\"><div class=\"lyMe\" id=\"WYL_rcQiDYNZR78\"><div id=\"lyte_rcQiDYNZR78\" data-src=\"https:\/\/www.markus-schall.de\/wp-content\/plugins\/wp-youtube-lyte\/lyteCache.php?origThumbUrl=%2F%2Fi.ytimg.com%2Fvi%2FrcQiDYNZR78%2Fhqdefault.jpg\" class=\"pL\"><div class=\"tC\"><div class=\"tT\"><\/div><\/div><div class=\"play\"><\/div><div class=\"ctrl\"><div class=\"Lctrl\"><\/div><div class=\"Rctrl\"><\/div><\/div><\/div><noscript><a href=\"https:\/\/youtu.be\/rcQiDYNZR78\" rel=\"nofollow noopener\" target=\"_blank\"><img loading=\"lazy\" decoding=\"async\" src=\"https:\/\/www.markus-schall.de\/wp-content\/plugins\/wp-youtube-lyte\/lyteCache.php?origThumbUrl=https%3A%2F%2Fi.ytimg.com%2Fvi%2FrcQiDYNZR78%2F0.jpg\" alt=\"Miniatura wideo YouTube\" width=\"640\" height=\"340\" \/><br \/>Obejrzyj ten film na YouTube<\/a><\/noscript><\/div><\/div><div class=\"lL\" style=\"max-width:100%;width:640px;margin:5px;\"><\/div><br \/>\nVance: Brak porozumienia, Iran krytykuje USA, cie\u015bnina Ormuz nadal zablokowana | <a href=\"https:\/\/www.youtube.com\/@ZDFheute\" target=\"_blank\" rel=\"nofollow noopener\">ZDFtoday na \u017cywo<\/a><\/p>\n<p>Rozmowy by\u0142y uwa\u017cane za pierwsz\u0105 bezpo\u015bredni\u0105 wymian\u0119 na tym poziomie od lat i odby\u0142y si\u0119 w kontek\u015bcie kruchego zawieszenia broni. Wraz ze wst\u0119pnym niepowodzeniem, pytanie, czy dyplomacja jest w og\u00f3le op\u0142acalna w tych warunkach - lub czy konflikt b\u0119dzie dalej eskalowa\u0142 - ponownie znalaz\u0142o si\u0119 w centrum uwagi. W <a href=\"https:\/\/www.markus-schall.de\/pl\/2026\/03\/kim-jest-j-d-vance-portret-jego-poczatkow-kariery-sprzecznosci-i-przyszlosci\/\"><strong>Artyku\u0142 portretowy na temat J. D. Vance'a<\/strong><\/a> om\u00f3wiono jego przyjazd do Pakistanu na te rozmowy.<\/p>\n<p><strong>10.04.2026<\/strong>Wywiad z by\u0142ym genera\u0142em Rolandem Katherem stawia kluczowe pytanie dotycz\u0105ce obecnego konfliktu w Iranie:<\/p>\n<blockquote><p><em>Co tak naprawd\u0119 jest lepsze po tej wojnie ni\u017c przed ni\u0105?<\/em><\/p><\/blockquote>\n<p>Kather dochodzi do otrze\u017awiaj\u0105cej oceny. \u017badne cele strategiczne nie zosta\u0142y osi\u0105gni\u0119te, a sytuacja nie ustabilizowa\u0142a si\u0119 w d\u0142u\u017cszej perspektywie. Wr\u0119cz przeciwnie: Iran pozostaje zdolny do dzia\u0142a\u0144 militarnych, nadal produkuje drony i dysponuje pociskami rakietowymi, podczas gdy cie\u015bnina Ormuz jest zablokowana, a zawieszenie broni jest uwa\u017cane za kruche. Kather nie dostrzega r\u00f3wnie\u017c \u017cadnych post\u0119p\u00f3w geopolitycznych - zamiast tego inni gracze, tacy jak Rosja, mogliby odnie\u015b\u0107 po\u015brednie korzy\u015bci.<\/p>\n<div class=\"lyte-wrapper\" style=\"width:640px;max-width:100%;margin:5px;\"><div class=\"lyMe\" id=\"WYL_Izh-_xFQJ5E\"><div id=\"lyte_Izh-_xFQJ5E\" data-src=\"https:\/\/www.markus-schall.de\/wp-content\/plugins\/wp-youtube-lyte\/lyteCache.php?origThumbUrl=%2F%2Fi.ytimg.com%2Fvi%2FIzh-_xFQJ5E%2Fhqdefault.jpg\" class=\"pL\"><div class=\"tC\"><div class=\"tT\"><\/div><\/div><div class=\"play\"><\/div><div class=\"ctrl\"><div class=\"Lctrl\"><\/div><div class=\"Rctrl\"><\/div><\/div><\/div><noscript><a href=\"https:\/\/youtu.be\/Izh-_xFQJ5E\" rel=\"nofollow noopener\" target=\"_blank\"><img loading=\"lazy\" decoding=\"async\" src=\"https:\/\/www.markus-schall.de\/wp-content\/plugins\/wp-youtube-lyte\/lyteCache.php?origThumbUrl=https%3A%2F%2Fi.ytimg.com%2Fvi%2FIzh-_xFQJ5E%2F0.jpg\" alt=\"Miniatura wideo YouTube\" width=\"640\" height=\"340\" \/><br \/>Obejrzyj ten film na YouTube<\/a><\/noscript><\/div><\/div><div class=\"lL\" style=\"max-width:100%;width:640px;margin:5px;\"><\/div><br \/>\nWOJNA W IRANIE: \u201eTo jeden z klasycznych b\u0142\u0119d\u00f3w pope\u0142nionych przez USA!\u201c Kather's reckoning | <a href=\"https:\/\/www.youtube.com\/@WELTVideoTV\" target=\"_blank\" rel=\"nofollow noopener\">Kana\u0142 informacyjny WELT<\/a><\/p>\n<p>Jego analiza stawia zatem fundamentalne pytanie, kt\u00f3re ma znaczenie wykraczaj\u0105ce poza ten konflikt: Czy interwencja militarna faktycznie prowadzi do poprawy sytuacji wyj\u015bciowej - czy te\u017c jedynie pog\u0142\u0119bia istniej\u0105ce problemy? To w\u0142a\u015bnie ta kwestia ponownie zyskuje na znaczeniu w \u015bwietle obecnych wydarze\u0144.<\/p>\n<p><strong>09.04.2026<\/strong>Mi\u0119dzynarodowa krytyka ostatnich<a href=\"https:\/\/www.reuters.com\/world\/middle-east\/un-condemns-israeli-strikes-lebanon-calls-casualty-reports-appalling-2026-04-08\/\" target=\"_blank\" rel=\"noopener\"><strong> Izraelskie ataki w Libanie pomimo uzgodnionego zawieszenia broni<\/strong><\/a> znacz\u0105co ro\u015bnie. Wed\u0142ug Organizacji Narod\u00f3w Zjednoczonych naloty zosta\u0142y okre\u015blone jako \u201eszokuj\u0105ce\u201c, a wysoka liczba ofiar cywilnych jako \u201eniedopuszczalna\u201c, podczas gdy wzywa si\u0119 do przeprowadzenia niezale\u017cnych dochodze\u0144 w sprawie mo\u017cliwych narusze\u0144 prawa mi\u0119dzynarodowego.<\/p>\n<p>Jednocze\u015bnie ton w Europie r\u00f3wnie\u017c staje si\u0119 ostrzejszy: hiszpa\u0144ski premier <a href=\"https:\/\/x.com\/sanchezcastejon\/status\/2041934569503346697\" target=\"_blank\" rel=\"nofollow noopener\"><strong>Pedro S\u00e1nchez pot\u0119piony<\/strong><\/a> UE zdecydowanie pot\u0119pi\u0142a ataki i m\u00f3wi\u0142a o \u201eniedopuszczalnym\u201c traktowaniu \u017cycia ludzkiego i prawa mi\u0119dzynarodowego. W publicznym o\u015bwiadczeniu wezwa\u0142 do wyra\u017anego w\u0142\u0105czenia Libanu do zawieszenia broni, pot\u0119pienia atak\u00f3w na arenie mi\u0119dzynarodowej i zawieszenia umowy stowarzyszeniowej UE z Izraelem. Og\u00f3lnie rzecz bior\u0105c, pokazuje to rosn\u0105cy front dyplomatyczny przeciwko rozszerzaniu si\u0119 konfliktu, szczeg\u00f3lnie w odniesieniu do konsekwencji humanitarnych i ryzyka dalszej eskalacji w regionie.<\/p>\n<p><strong>08.04.2026<\/strong>Sytuacja w konflikcie ira\u0144skim zosta\u0142a zaskakuj\u0105co za\u017cegnana w ostatniej chwili: zaledwie oko\u0142o 90 minut przed wyga\u015bni\u0119ciem ultimatum postawionego przez prezydenta USA Donalda Trumpa, Stany Zjednoczone i Iran zgodzi\u0142y si\u0119 na <a href=\"https:\/\/www.sueddeutsche.de\/politik\/die-lage-im-ueberblick-usa-und-iran-einigen-sich-auf-eine-waffenruhe-dpa.urn-newsml-dpa-com-20090101-260407-930-916831\" target=\"_blank\" rel=\"noopener\"><strong>wst\u0119pne dwutygodniowe zawieszenie broni<\/strong><\/a>. Pozwoli\u0142o to na razie unikn\u0105\u0107 zbli\u017caj\u0105cych si\u0119 dzia\u0142a\u0144 militarnych na du\u017c\u0105 skal\u0119, po tym jak wcze\u015bniej pojawi\u0142y si\u0119 drastyczne gro\u017aby. Zwrot w sytuacji by\u0142 najwyra\u017aniej spowodowany dyplomatyczn\u0105 inicjatyw\u0105 mediacyjn\u0105, w tym ze strony Pakistanu, kt\u00f3ra przekona\u0142a obie strony do podj\u0119cia rozm\u00f3w. Cz\u0119\u015bci\u0105 porozumienia jest tymczasowe otwarcie strategicznie wa\u017cnej cie\u015bniny Ormuz, co mia\u0142o natychmiastowy pozytywny wp\u0142yw na ceny ropy naftowej i rynki finansowe. Niemniej jednak sytuacja pozostaje niestabilna: zawieszenie broni jest uwa\u017cane za tymczasowe i podlega warunkom, podczas gdy dalsze negocjacje w sprawie trwa\u0142ego rozwi\u0105zania jeszcze si\u0119 nie rozpocz\u0119\u0142y.<\/p>\n<p><strong>07.04.2026<\/strong>Eskalacja konfliktu w Iranie osi\u0105gn\u0119\u0142a nowy poziom retoryczny: zgodnie z niedawnym blogiem na \u017cywo prowadzonym przez S\u00fcddeutsche Zeitung, prezydent USA Donald Trump otwarcie grozi przyw\u00f3dcom Iranu ca\u0142kowitym zniszczeniem kraju, je\u015bli nie zareaguj\u0105 na jego \u017c\u0105dania. Trump dos\u0142ownie og\u0142osi\u0142, \u017ce <a href=\"https:\/\/www.sueddeutsche.de\/politik\/iran-krieg-liveblog-news-oelkrise-iea-birol-li.3458356\" target=\"_blank\" rel=\"noopener\"><em><strong>\u201eCa\u0142a cywilizacja umrze dzisiejszej nocy\u201c<\/strong><\/em><\/a> je\u015bli porozumienie nie zostanie osi\u0105gni\u0119te. Jednocze\u015bnie stawia Teheran pod presj\u0105 czasu, szczeg\u00f3lnie w zwi\u0105zku z blokad\u0105 cie\u015bniny Ormuz. Jednocze\u015bnie konkretyzowane s\u0105 gro\u017aby militarne: Kluczowa infrastruktura, taka jak elektrownie i mosty, mo\u017ce zosta\u0107 ca\u0142kowicie zniszczona w ci\u0105gu kilku godzin.<\/p>\n<p><a href=\"https:\/\/truthsocial.com\/@realDonaldTrump\/posts\/116363336033995961\" target=\"_blank\" rel=\"noopener\"><img loading=\"lazy\" decoding=\"async\" class=\"alignnone wp-image-5645\" src=\"https:\/\/www.markus-schall.de\/wp-content\/uploads\/Donald-Trump-Iran-Civilization.jpg\" alt=\"\" width=\"528\" height=\"307\" srcset=\"https:\/\/www.markus-schall.de\/wp-content\/uploads\/Donald-Trump-Iran-Civilization.jpg 1056w, https:\/\/www.markus-schall.de\/wp-content\/uploads\/Donald-Trump-Iran-Civilization-300x174.jpg 300w, https:\/\/www.markus-schall.de\/wp-content\/uploads\/Donald-Trump-Iran-Civilization-1024x595.jpg 1024w, https:\/\/www.markus-schall.de\/wp-content\/uploads\/Donald-Trump-Iran-Civilization-768x447.jpg 768w, https:\/\/www.markus-schall.de\/wp-content\/uploads\/Donald-Trump-Iran-Civilization-18x10.jpg 18w\" sizes=\"auto, (max-width: 528px) 100vw, 528px\" \/><\/a><\/p>\n<p>Mi\u0119dzynarodowi obserwatorzy reaguj\u0105 z niepokojem i ostrzegaj\u0105 przed dalsz\u0105 eskalacj\u0105, kt\u00f3ra mo\u017ce wykroczy\u0107 daleko poza Bliski Wsch\u00f3d. Kryzys energetyczny r\u00f3wnie\u017c uleg\u0142 ju\u017c znacznemu nasileniu. Og\u00f3lnie rzecz bior\u0105c, mamy do czynienia z dynamik\u0105 wysokiego ryzyka, w kt\u00f3rej polityczne ultimatum i opcje militarne s\u0105 ze sob\u0105 \u015bci\u015ble powi\u0105zane.<\/p>\n<div class=\"lyte-wrapper\" style=\"width:640px;max-width:100%;margin:5px;\"><div class=\"lyMe\" id=\"WYL_guEVPUmLHro\"><div id=\"lyte_guEVPUmLHro\" data-src=\"https:\/\/www.markus-schall.de\/wp-content\/plugins\/wp-youtube-lyte\/lyteCache.php?origThumbUrl=%2F%2Fi.ytimg.com%2Fvi%2FguEVPUmLHro%2Fhqdefault.jpg\" class=\"pL\"><div class=\"tC\"><div class=\"tT\"><\/div><\/div><div class=\"play\"><\/div><div class=\"ctrl\"><div class=\"Lctrl\"><\/div><div class=\"Rctrl\"><\/div><\/div><\/div><noscript><a href=\"https:\/\/youtu.be\/guEVPUmLHro\" rel=\"nofollow noopener\" target=\"_blank\"><img loading=\"lazy\" decoding=\"async\" src=\"https:\/\/www.markus-schall.de\/wp-content\/plugins\/wp-youtube-lyte\/lyteCache.php?origThumbUrl=https%3A%2F%2Fi.ytimg.com%2Fvi%2FguEVPUmLHro%2F0.jpg\" alt=\"Miniatura wideo YouTube\" width=\"640\" height=\"340\" \/><br \/>Obejrzyj ten film na YouTube<\/a><\/noscript><\/div><\/div><div class=\"lL\" style=\"max-width:100%;width:640px;margin:5px;\"><\/div><br \/>\nTrump ponawia ultimatum dla Iranu i grozi zniszczeniem <a href=\"https:\/\/www.youtube.com\/@faz\" target=\"_blank\" rel=\"nofollow noopener\">faz<\/a><\/p>\n<p><strong>04.04.2026<\/strong>Niemcy mog\u0105 odegra\u0107 znacznie wa\u017cniejsz\u0105 rol\u0119 w obecnym konflikcie w Iranie, ni\u017c wydaje si\u0119 na pierwszy rzut oka. <a href=\"https:\/\/www.t-online.de\/nachrichten\/deutschland\/militaer-verteidigung\/id_101196894\/iran-krieg-deutschland-koennte-trumps-krieg-empfindlich-stoeren.html\" target=\"_blank\" rel=\"noopener\"><strong>Raport pokazuje<\/strong><\/a>, \u017ce centralna infrastruktura wojskowa na niemieckiej ziemi - w tym wa\u017cne bazy USA, takie jak Ramstein - pe\u0142ni\u0105 kluczow\u0105 funkcj\u0119 dla ameryka\u0144skich operacji na Bliskim Wschodzie. Bez wsparcia logistycznego, przetwarzania danych i koordynacji za po\u015brednictwem tych obiekt\u00f3w, wiele operacji by\u0142oby znacznie trudniejszych do zrealizowania. Jednocze\u015bnie tworzy to obszar napi\u0119cia politycznego: je\u015bli rz\u0105d niemiecki ograniczy\u0142by korzystanie z tej infrastruktury, mog\u0142oby to mie\u0107 znacz\u0105cy wp\u0142yw na pole manewru USA. Do tej pory Niemcy oficjalnie powstrzymywa\u0142y si\u0119 od tego, powo\u0142uj\u0105c si\u0119 na zobowi\u0105zania sojusznicze, ale z prawnego i politycznego punktu widzenia interwencja by\u0142aby co najmniej mo\u017cliwa. Stawia to Niemcy w centrum geopolitycznej dynamiki bardziej, ni\u017c sugerowa\u0142a to dotychczasowa debata publiczna. Konflikt po raz kolejny pokazuje zatem, jak \u015bci\u015ble powi\u0105zana jest infrastruktura wojskowa, decyzje polityczne i mi\u0119dzynarodowe zale\u017cno\u015bci.<\/p>\n<div class=\"lyte-wrapper\" style=\"width:640px;max-width:100%;margin:5px;\"><div class=\"lyMe\" id=\"WYL_dAIHCKGsolw\"><div id=\"lyte_dAIHCKGsolw\" data-src=\"https:\/\/www.markus-schall.de\/wp-content\/plugins\/wp-youtube-lyte\/lyteCache.php?origThumbUrl=%2F%2Fi.ytimg.com%2Fvi%2FdAIHCKGsolw%2Fhqdefault.jpg\" class=\"pL\"><div class=\"tC\"><div class=\"tT\"><\/div><\/div><div class=\"play\"><\/div><div class=\"ctrl\"><div class=\"Lctrl\"><\/div><div class=\"Rctrl\"><\/div><\/div><\/div><noscript><a href=\"https:\/\/youtu.be\/dAIHCKGsolw\" rel=\"nofollow noopener\" target=\"_blank\"><img loading=\"lazy\" decoding=\"async\" src=\"https:\/\/www.markus-schall.de\/wp-content\/plugins\/wp-youtube-lyte\/lyteCache.php?origThumbUrl=https%3A%2F%2Fi.ytimg.com%2Fvi%2FdAIHCKGsolw%2F0.jpg\" alt=\"Miniatura wideo YouTube\" width=\"640\" height=\"340\" \/><br \/>Obejrzyj ten film na YouTube<\/a><\/noscript><\/div><\/div><div class=\"lL\" style=\"max-width:100%;width:640px;margin:5px;\"><\/div><br \/>\nBaza lotnicza Ramstein: Jaka jest rola Niemiec w wojnie USA z Iranem? | <a href=\"https:\/\/www.youtube.com\/@dwnews\" target=\"_blank\" rel=\"nofollow noopener\">DW News<\/a><\/p>\n<p>Ten film rzuca \u015bwiat\u0142o na rol\u0119 bazy lotniczej Ramstein w obecnym konflikcie w Iranie i pokazuje, jak wa\u017cne s\u0105 Niemcy dla ameryka\u0144skich operacji wojskowych na Bliskim Wschodzie. Operacje s\u0105 koordynowane, dane przetwarzane, a procesy logistyczne kontrolowane z Ramstein. Jednocze\u015bnie staje si\u0119 jasne, \u017ce obecno\u015b\u0107 ameryka\u0144skich si\u0142 zbrojnych jest ekonomicznie wa\u017cna dla regionu, podczas gdy politycznie pozostaje coraz bardziej kontrowersyjna. Eksperci analizuj\u0105 strategiczne znaczenie bazy dla NATO i USA - oraz pytania, jakie rodzi to dla Niemiec.<\/p>\n<hr \/>\n<h2>Noc uderze\u0144 w marcu 2026 r.<\/h2>\n<p>Je\u015bli spojrzymy na to, co spotka\u0142o Izrael w ci\u0105gu ostatnich kilku nocy, od razu zdamy sobie spraw\u0119, \u017ce konflikt przekroczy\u0142 granic\u0119 zwyk\u0142ej rutyny. Bliski Wsch\u00f3d jest beczk\u0105 prochu od dziesi\u0119cioleci, tak - ale ta intensywno\u015b\u0107, ta masa pocisk\u00f3w spadaj\u0105cych na terytorium Izraela w kr\u00f3tkich odst\u0119pach czasu, to co\u015b innego. To tak, jakby ca\u0142y system architektury bezpiecze\u0144stwa nagle zacz\u0105\u0142 si\u0119 zacina\u0107.<\/p>\n<p>Szczeg\u00f3lnie niezwyk\u0142e jest to, \u017ce s\u0142ynna \u017belazna Kopu\u0142a, kt\u00f3ra jest niemal mitycznie romantyczna w zachodnich doniesieniach prasowych, by\u0142a ledwo widoczna w tych godzinach. Niewiele pocisk\u00f3w przechwytuj\u0105cych, prawie \u017cadnych znacznik\u00f3w, ale tym wi\u0119cej uderze\u0144. Kiedy system obronny, kt\u00f3ry przez lata by\u0142 uwa\u017cany za niemal nieomylny, nagle wygl\u0105da na przyt\u0142oczony, nie jest to tylko szczeg\u00f3\u0142 wojskowy - jest to sygna\u0142 geopolityczny.<\/p>\n<p>Takich obraz\u00f3w - nieupi\u0119kszonych, nieedytowanych, surowych - nie ogl\u0105da si\u0119 w wiadomo\u015bciach. Ale to one kszta\u0142tuj\u0105 poczucie w\u0142adzy danego kraju. Kszta\u0142tuj\u0105 te\u017c uczucia tych, kt\u00f3rzy je ogl\u0105daj\u0105. Jest to rodzaj materia\u0142u wizualnego, kt\u00f3ry niepokoi ca\u0142e spo\u0142ecze\u0144stwa. Nie dlatego, \u017ce jest nowy, ale dlatego, \u017ce by\u0142 t\u0142umiony przez d\u0142ugi czas.<\/p>\n<h3>Co sprawia, \u017ce ta eskalacja jest tak niebezpieczna<\/h3>\n<p>Oczywi\u015bcie w przesz\u0142o\u015bci dochodzi\u0142o r\u00f3wnie\u017c do akt\u00f3w przemocy mi\u0119dzy Izraelem a Iranem lub grupami kontrolowanymi przez Iran. To nic nowego. Ale to, co teraz jest inne, to po\u0142\u0105czenie trzech czynnik\u00f3w:<\/p>\n<ol>\n<li><strong>Iran celowo testuje granice odporno\u015bci Izraela<\/strong>. Nie wybi\u00f3rczo, ale strategicznie, przez tygodnie i miesi\u0105ce.<\/li>\n<li><strong>Izrael prze\u017cywa wewn\u0119trzny kryzys polityczny<\/strong>. Podzielone spo\u0142ecze\u0144stwo reaguje coraz bardziej nieprzewidywalnie na zagro\u017cenia zewn\u0119trzne.<\/li>\n<li><strong>Mi\u0119dzynarodowe mechanizmy ochrony s\u0105 s\u0142absze ni\u017c kiedykolwiek<\/strong>. USA mog\u0105 by\u0107 obecne militarnie, ale s\u0105 politycznie sparali\u017cowane. Europa i tak jest rozproszona i bezsilna. Chiny i Rosja realizuj\u0105 swoje w\u0142asne plany.<\/li>\n<\/ol>\n<p>Je\u015bli zbierzemy te trzy punkty razem, zdamy sobie spraw\u0119 z g\u0142\u0119bi problemu: ten konflikt nie jest po prostu sporem mi\u0119dzy dwoma pa\u0144stwami. Jest to powi\u0105zanie globalnych zmian w\u0142adzy.<\/p>\n<h3>Dlaczego zwyk\u0142e raportowanie zawodzi<\/h3>\n<p>W naszych mediach konflikt ten cz\u0119sto wydaje si\u0119 odleg\u0142y, by\u0107 mo\u017ce tragiczny, ale w jaki\u015b spos\u00f3b \u201ekontrolowany\u201c. Kawa\u0142ek wieczornych wiadomo\u015bci, osadzony mi\u0119dzy raportami ekonomicznymi i mapami pogody. Drastyczne obrazy kr\u0105\u017c\u0105ce w sieciach spo\u0142eczno\u015bciowych nie pojawiaj\u0105 si\u0119 tam. Uderzenia w nocy, wstrz\u0105sy, widoczna pora\u017cka obrony - wszystko to jest z\u0142agodzone.<\/p>\n<ul>\n<li>By\u0107 mo\u017ce dlatego, \u017ce nie chc\u0105 wzbudza\u0107 paniki.<\/li>\n<li>By\u0107 mo\u017ce dlatego, \u017ce uwa\u017ca si\u0119, \u017ce populacja nie jest wystarczaj\u0105co odporna.<\/li>\n<li>Ale by\u0107 mo\u017ce dzieje si\u0119 tak r\u00f3wnie\u017c dlatego, \u017ce sam nie doceniasz powagi sytuacji.<\/li>\n<\/ul>\n<p>Brak informacji to nie przypadek. To ryzyko. Spo\u0142ecze\u0144stwa, kt\u00f3re s\u0105 informowane bez realistycznej podstawy, instynktownie podejmuj\u0105 b\u0142\u0119dne decyzje polityczne. I to jest dok\u0142adnie to, czego obecnie do\u015bwiadczamy: rosn\u0105cy niepok\u00f3j bez narz\u0119dzi do jego zrozumienia.<\/p>\n<h3>Nocny atak, kt\u00f3ry uwidacznia podatno\u015b\u0107 na ataki<\/h3>\n<p>Ten film w imponuj\u0105cy spos\u00f3b pokazuje, jak gwa\u0142townie mo\u017ce doj\u015b\u0107 do eskalacji sytuacji na Bliskim Wschodzie. Ogromny ostrza\u0142 rakietowy Tel Awiwu, kt\u00f3remu towarzysz\u0105 zawodz\u0105ce syreny i eksplozje na niebie, sprawia, \u017ce strategiczna wra\u017cliwo\u015b\u0107 regionu jest oczywista. Podczas gdy niekt\u00f3re ataki zosta\u0142y przechwycone, wystarczaj\u0105ca liczba pocisk\u00f3w dotar\u0142a do obszaru miejskiego, powoduj\u0105c ofiary i znaczne szkody.<\/p>\n<div class=\"lyte-wrapper\" style=\"width:640px;max-width:100%;margin:5px;\"><div class=\"lyMe\" id=\"WYL_rIeSkaYaPzA\"><div id=\"lyte_rIeSkaYaPzA\" data-src=\"https:\/\/www.markus-schall.de\/wp-content\/plugins\/wp-youtube-lyte\/lyteCache.php?origThumbUrl=%2F%2Fi.ytimg.com%2Fvi%2FrIeSkaYaPzA%2Fhqdefault.jpg\" class=\"pL\"><div class=\"tC\"><div class=\"tT\"><\/div><\/div><div class=\"play\"><\/div><div class=\"ctrl\"><div class=\"Lctrl\"><\/div><div class=\"Rctrl\"><\/div><\/div><\/div><noscript><a href=\"https:\/\/youtu.be\/rIeSkaYaPzA\" rel=\"nofollow noopener\" target=\"_blank\"><img loading=\"lazy\" decoding=\"async\" src=\"https:\/\/www.markus-schall.de\/wp-content\/plugins\/wp-youtube-lyte\/lyteCache.php?origThumbUrl=https%3A%2F%2Fi.ytimg.com%2Fvi%2FrIeSkaYaPzA%2F0.jpg\" alt=\"Miniatura wideo YouTube\" width=\"640\" height=\"340\" \/><br \/>Obejrzyj ten film na YouTube<\/a><\/noscript><\/div><\/div><div class=\"lL\" style=\"max-width:100%;width:640px;margin:5px;\"><\/div><br \/>\nGrad ira\u0144skich pocisk\u00f3w wstrz\u0105sa Tel Awiwem, s\u0142ycha\u0107 syreny i eksplozje. <a href=\"https:\/\/www.youtube.com\/@tribuntimur\" target=\"_blank\" rel=\"nofollow noopener\">Tribune Timur<\/a><\/p>\n<p>Te same sceny powtarzaj\u0105 si\u0119 w filmie kilka razy. Pod tym wzgl\u0119dem niekoniecznie warto ogl\u0105da\u0107 ca\u0142y film, ale nawet jego cz\u0119\u015b\u0107 daje wyobra\u017cenie o sytuacji na miejscu. W ci\u0105gu kilku minut miliony ludzi zda\u0142y sobie spraw\u0119, jak cienka sta\u0142a si\u0119 linia bezpiecze\u0144stwa. To w\u0142a\u015bnie ta mieszanka technicznego przeci\u0105\u017cenia i politycznej presji opisuje logik\u0119 eskalacji naszych czas\u00f3w.<\/p>\n<h3>Powr\u00f3t historii<\/h3>\n<p>Co mnie szczeg\u00f3lnie niepokoi: Obecnie do\u015bwiadczamy powrotu konfliktu, kt\u00f3ry, jak s\u0105dzili\u015bmy w Europie, zosta\u0142 przezwyci\u0119\u017cony. Pa\u0144stwa, kt\u00f3re otwarcie sobie gro\u017c\u0105. Pot\u0119gi nuklearne testuj\u0105 si\u0119 nawzajem. Regionalne pot\u0119gi rzucaj\u0105ce wyzwanie Zachodowi w jego najbardziej wra\u017cliwych punktach. To, co obserwujemy, nie jest przypadkowym wybuchem przemocy - jest to cz\u0119\u015b\u0107 d\u0142ugoterminowej strategii, kt\u00f3ra nie jest ju\u017c zgodna z zasadami Zachodu.<\/p>\n<p>Historia powraca. I robi to z rygorem, kt\u00f3rego wielu si\u0119 nie spodziewa\u0142o.<\/p>\n<p>W kilku nast\u0119pnych rozdzia\u0142ach chcia\u0142bym pokaza\u0107, co tak naprawd\u0119 jest nowego w tej eskalacji. Dlaczego Zach\u00f3d ledwo jest w stanie sterowa\u0107 tym konfliktem. Dlaczego Izrael i Iran znalaz\u0142y si\u0119 w strategicznym potrzasku, z kt\u00f3rego trudno b\u0119dzie im si\u0119 wydosta\u0107. I dlaczego postrzeganie sytuacji przez media nie odzwierciedla tego, co naprawd\u0119 si\u0119 dzieje.<\/p>\n<p>Je\u015bli chcesz zrozumie\u0107, dlaczego ten kryzys mo\u017ce by\u0107 punktem zwrotnym - geopolitycznie, pod wzgl\u0119dem polityki bezpiecze\u0144stwa, a tak\u017ce pod wzgl\u0119dem medi\u00f3w - b\u0119dziesz m\u00f3g\u0142 przeczyta\u0107 kolejne rozdzia\u0142y jako zestaw narz\u0119dzi. Nie dlatego, \u017ce dostarczaj\u0105 prostych odpowiedzi, ale dlatego, \u017ce umieszczaj\u0105 rzeczy w kontek\u015bcie historycznym. Zag\u0142\u0119bimy si\u0119 teraz w struktury le\u017c\u0105ce u podstaw tego konfliktu. I zobaczymy, dlaczego s\u0105 one tak niebezpieczne.<\/p>\n<h2>80 lat zachodniej polityki bezpiecze\u0144stwa i jej erozja<\/h2>\n<p>Je\u015bli chcesz zrozumie\u0107, dlaczego obecny konflikt mi\u0119dzy Izraelem a Iranem jest tak wybuchowy ze strategicznego punktu widzenia, musisz zaakceptowa\u0107 jedn\u0105 rzecz: Nie powsta\u0142 on nagle. Jest on produktem zachodniej polityki bezpiecze\u0144stwa, kt\u00f3ra od 1945 roku coraz bardziej oddala\u0142a si\u0119 od rzeczywisto\u015bci. I w\u0142a\u015bnie dlatego, \u017ce podstawowe za\u0142o\u017cenia Zachodu s\u0105 teraz otwarcie kwestionowane po raz pierwszy od dziesi\u0119cioleci, warto wyra\u017anie spojrze\u0107 w przesz\u0142o\u015b\u0107 - nie nostalgicznie, ale w spos\u00f3b wyja\u015bniaj\u0105cy.<\/p>\n<p>Wiele z dzisiejszych b\u0142\u0119dnych decyzji mo\u017cna zrozumie\u0107 tylko wtedy, gdy zdamy sobie spraw\u0119 z tego, jak przez dziesi\u0119ciolecia budowano ramy iluzji. A ramy te zacz\u0119\u0142y si\u0119 po II wojnie \u015bwiatowej, w \u015bwiecie, kt\u00f3ry by\u0142 strukturalnie inny, ale kt\u00f3ry wci\u0105\u017c ma zadziwiaj\u0105c\u0105 liczb\u0119 intelektualnych podobie\u0144stw do dnia dzisiejszego.<\/p>\n<h3>Iluzja stabilnego powojennego porz\u0105dku<\/h3>\n<p>Po 1945 r. na Zachodzie pojawi\u0142o si\u0119 przekonanie, \u017ce stabilny, przewidywalny \u015bwiat mo\u017cna stworzy\u0107 dzi\u0119ki po\u0142\u0105czeniu si\u0142y gospodarczej, odstraszania militarnego i standard\u00f3w moralnych. Stany Zjednoczone - w\u00f3wczas jeszcze jako niekwestionowane supermocarstwo - przyj\u0119\u0142y rol\u0119 globalnego arbitra. Europa podporz\u0105dkowa\u0142a si\u0119 temu, ciesz\u0105c si\u0119, \u017ce kto\u015b inny wykonuje \u201ebrudn\u0105 robot\u0119\u201c zwi\u0105zan\u0105 z bezpiecze\u0144stwem.<\/p>\n<p>Model ten dzia\u0142a\u0142 zadziwiaj\u0105co dobrze przez dziesi\u0119ciolecia:<\/p>\n<ul>\n<li>Zwi\u0105zek Radziecki by\u0142 trzymany w ryzach przez odstraszanie.<\/li>\n<li>\u015awiat arabski pozosta\u0142 podzielony.<\/li>\n<li>Do 1979 r. Iran znajdowa\u0142 si\u0119 w obozie zachodnim.<\/li>\n<\/ul>\n<p>Plan by\u0142 prosty: je\u015bli b\u0119dziemy wystarczaj\u0105co silni, inni pozostan\u0105 przewidywalni. Ale zadzia\u0142a\u0142 tylko dlatego, \u017ce \u015bwiat nie by\u0142 wtedy tak po\u0142\u0105czony jak dzi\u015b. I dlatego, \u017ce Zach\u00f3d nie docenia\u0142 swoich przeciwnik\u00f3w - tradycja, kt\u00f3ra trwa do dzi\u015b.<\/p>\n<h3>Punkty zwrotne: Iran 1979 i nowa rzeczywisto\u015b\u0107<\/h3>\n<p>Wszystko zmieni\u0142o si\u0119 wraz z rewolucj\u0105 islamsk\u0105. Iran oderwa\u0142 si\u0119 od wp\u0142yw\u00f3w Zachodu i zacz\u0105\u0142 budowa\u0107 w\u0142asny porz\u0105dek - religijny, ideologiczny i strategiczny. Podczas gdy Europa i USA mia\u0142y nadziej\u0119, \u017ce to tylko faza, Iran rozpocz\u0105\u0142 trwaj\u0105c\u0105 dekady polityk\u0119 \u201estrategicznej cierpliwo\u015bci\u201c, kt\u00f3r\u0105 dzi\u015b mo\u017cna odczu\u0107 na ka\u017cdym kroku. Dopiero tutaj staje si\u0119 jasne, dlaczego zachodnia perspektywa tak cz\u0119sto zawodzi:<\/p>\n<ul>\n<li>Zach\u00f3d planuje w okresach legislacyjnych.<\/li>\n<li>Iran planuje od pokole\u0144.<\/li>\n<\/ul>\n<p>Stworzy\u0142o to pierwsz\u0105 nier\u00f3wnowag\u0119 strukturaln\u0105, kt\u00f3ra odgrywa kluczow\u0105 rol\u0119 w dzisiejszym konflikcie.<\/p>\n<h3>Dekady nadmiernej ekspansji: Irak, Afganistan, Libia, Syria<\/h3>\n<p>Kolejnym wielkim b\u0142\u0119dem by\u0142o przekonanie, \u017ce systemy geopolityczne mo\u017cna ustabilizowa\u0107 poprzez interwencj\u0119. Wystarczy spojrze\u0107 na ostatnie 30 lat zachodniej polityki zagranicznej, by dostrzec pewien schemat:<\/p>\n<ul>\n<li><strong>Afganistan<\/strong>20 lat dzia\u0142alno\u015bci i talibowie przejmuj\u0105 kraj w ci\u0105gu kilku dni.<\/li>\n<li><strong>Irak<\/strong>Re\u017cim obalony, ale ca\u0142y kraj pogr\u0105\u017cony w chaosie.<\/li>\n<li><strong>Libia<\/strong>\u201eInterwencja humanitarna\u201c, kt\u00f3ra zdestabilizowa\u0142a Afryk\u0119 P\u00f3\u0142nocn\u0105.<\/li>\n<li><strong>Syria<\/strong>Wojna zast\u0119pcza bez zwyci\u0119zc\u00f3w - z wyj\u0105tkiem tych, kt\u00f3rzy chc\u0105 os\u0142abi\u0107 Zach\u00f3d.<\/li>\n<\/ul>\n<p>W ka\u017cdym z tych przypadk\u00f3w Zach\u00f3d my\u015bla\u0142: \u201eWiemy, jak stworzy\u0107 stabilno\u015b\u0107\u201c. I za ka\u017cdym razem okazywa\u0142o si\u0119, \u017ce jest odwrotnie. Dzisiejsze nieszcz\u0119\u015bcie zwi\u0105zane z Iranem i Izraelem nie jest od tego oderwane. Jest to suma tych b\u0142\u0119d\u00f3w, kt\u00f3re teraz przynosz\u0105 owoce.<\/p>\n<h3>Dlaczego Zach\u00f3d si\u0119 przeceni\u0142<\/h3>\n<p>Jest to wa\u017cny punkt, kt\u00f3ry prawie nigdy nie pojawia si\u0119 w klasycznych analizach politycznych: Zach\u00f3d d\u0142ugo uwa\u017ca\u0142 swoje w\u0142asne warto\u015bci za uniwersalne. Demokracja, liberalizm, sekularyzm - zak\u0142adano, \u017ce te poj\u0119cia powinny by\u0107 oczywiste na ca\u0142ym \u015bwiecie. I tylko nieliczne g\u0142osy ostrzega\u0142y, \u017ce inne kultury maj\u0105 zupe\u0142nie inne spojrzenie na w\u0142adz\u0119, religi\u0119 i pa\u0144stwo.<\/p>\n<p>Iran jest jednym z kraj\u00f3w, kt\u00f3re pokazuj\u0105 to najwyra\u017aniej. Tamtejszy re\u017cim nie jest irracjonalny - jest racjonalny w ramach w\u0142asnej logiki historycznej i religijnej. I w\u0142a\u015bnie tej racjonalno\u015bci Zach\u00f3d nigdy tak naprawd\u0119 nie zrozumia\u0142, poniewa\u017c nie pasowa\u0142a ona do jego \u015bwiatopogl\u0105du.<\/p>\n<p>Do tego dochodzi\u0142a wiara w przewag\u0119 technologiczn\u0105: drony, obrona przeciwrakietowa, cyberwojna, systemy nadzoru. Wszystko wydawa\u0142o si\u0119 pod kontrol\u0105 - dop\u00f3ki wr\u00f3g nie nauczy\u0142 si\u0119 przeci\u0105\u017ca\u0107 lub omija\u0107 system\u00f3w. Nocne ataki, kt\u00f3re obserwujemy dzisiaj, to nie tylko wydarzenia militarne. Symbolizuj\u0105 one fakt, \u017ce zachodnia logika wy\u017cszo\u015bci rozpada si\u0119.<\/p>\n<h3>Konsekwencje: Porz\u0105dek, kt\u00f3ry istnieje tylko na papierze<\/h3>\n<p>Obecny konflikt ujawnia trzy fundamentalne s\u0142abo\u015bci zachodniej architektury bezpiecze\u0144stwa:<\/p>\n<ul>\n<li><strong>Zach\u00f3d nie mo\u017ce d\u0142u\u017cej powstrzymywa\u0107 konflikt\u00f3w<\/strong>. Nawet Stany Zjednoczone staraj\u0105 si\u0119 powstrzyma\u0107 eskalacj\u0119, nie daj\u0105c si\u0119 w ni\u0105 wci\u0105gn\u0105\u0107.<\/li>\n<li><strong>Europa zosta\u0142a wyrejestrowana pod wzgl\u0119dem polityki bezpiecze\u0144stwa<\/strong>. Nic nie przychodzi poza apelacjami. I wszyscy gracze o tym wiedz\u0105.<\/li>\n<li><strong>Nowe moce pojawiaj\u0105 si\u0119 z pewno\u015bci\u0105 siebie<\/strong> - i nie przejmuj\u0105 si\u0119 ju\u017c oczekiwaniami Zachodu. Dotyczy to nie tylko Chin i Rosji, ale tak\u017ce regionalnych graczy, kt\u00f3rzy wcze\u015bniej nie odwa\u017cyliby si\u0119 na otwart\u0105 prowokacj\u0119.<\/li>\n<\/ul>\n<p>Kr\u00f3tko m\u00f3wi\u0105c: stary porz\u0105dek istnieje tylko w retoryce. W rzeczywisto\u015bci nie ma on \u017cadnego znaczenia.<\/p>\n<h3>Dlaczego to t\u0142o historyczne jest kluczowe<\/h3>\n<p>Je\u015bli chcesz zrozumie\u0107 dramat obecnego konfliktu, musisz zda\u0107 sobie spraw\u0119, jak g\u0142\u0119boko si\u0119ga erozja zachodniej polityki bezpiecze\u0144stwa. Bez tego pogl\u0105du wszystko wygl\u0105da jak spontaniczna eskalacja, niefortunny zbieg zaskakuj\u0105cych wydarze\u0144. W rzeczywisto\u015bci jest to logiczna konsekwencja dziesi\u0119cioleci b\u0142\u0119dnych decyzji.<\/p>\n<p>Konflikt mi\u0119dzy Izraelem a Iranem jest tak niebezpieczny, poniewa\u017c jest zbudowany na fundamencie, kt\u00f3ry ju\u017c jest p\u0119kni\u0119ty. A tak\u017ce dlatego, \u017ce mechanizmy, kt\u00f3re kiedy\u015b zapobiega\u0142y eskalacji, dzi\u015b prawie nie dzia\u0142aj\u0105.<\/p>\n<p>To w\u0142a\u015bnie te mechanizmy b\u0119dziemy nadal rozk\u0142ada\u0107 na czynniki pierwsze w kolejnych rozdzia\u0142ach - krok po kroku, aby\u015b m\u00f3g\u0142 wyra\u017anie zobaczy\u0107, dlaczego ten kryzys jest czym\u015b wi\u0119cej ni\u017c tylko regionalnym sporem. To test na to, czy Zach\u00f3d mo\u017ce utrzyma\u0107 swoj\u0105 rol\u0119 na \u015bwiecie, czy te\u017c wkroczyli\u015bmy ju\u017c w now\u0105 er\u0119.<\/p>\n<p><img loading=\"lazy\" decoding=\"async\" class=\"alignnone wp-image-5218 size-large\" src=\"https:\/\/www.markus-schall.de\/wp-content\/uploads\/Israel-Iran-Strategischer-Albtraum-Erosion.jpg\" alt=\"Strategiczna erozja Zachodu\" width=\"1024\" height=\"683\" srcset=\"https:\/\/www.markus-schall.de\/wp-content\/uploads\/Israel-Iran-Strategischer-Albtraum-Erosion.jpg 1024w, https:\/\/www.markus-schall.de\/wp-content\/uploads\/Israel-Iran-Strategischer-Albtraum-Erosion-300x200.jpg 300w, https:\/\/www.markus-schall.de\/wp-content\/uploads\/Israel-Iran-Strategischer-Albtraum-Erosion-768x512.jpg 768w, https:\/\/www.markus-schall.de\/wp-content\/uploads\/Israel-Iran-Strategischer-Albtraum-Erosion-18x12.jpg 18w\" sizes=\"auto, (max-width: 1024px) 100vw, 1024px\" \/><\/p>\n<h2>Ira\u0144ska logika w\u0142adzy: racjonalno\u015b\u0107 bez zachodniej racjonalno\u015bci<\/h2>\n<p>Je\u015bli chcesz zrozumie\u0107 dzisiejszy konflikt, musisz najpierw zda\u0107 sobie spraw\u0119 z jednej rzeczy: Przyw\u00f3dztwo w Iranie nie jest irracjonalne. Po prostu dzia\u0142a zgodnie z logik\u0105, kt\u00f3rej prawie nikt na Zachodzie nie opanowa\u0142, a nawet nie jest w stanie rozpozna\u0107. Re\u017cim nie my\u015bli w kategoriach cykli wyborczych, strategii PR czy kr\u00f3tkoterminowych sukces\u00f3w. Re\u017cim my\u015bli w d\u0142ugich kategoriach. Dekadami, a czasem nawet pokoleniami.<\/p>\n<p>Ta d\u0142ugoterminowa perspektywa jest powodem, dla kt\u00f3rego system pozostaje stabilny od 1979 roku - pomimo sankcji, pomimo mi\u0119dzynarodowej izolacji, pomimo okresowych protest\u00f3w. Zach\u00f3d cz\u0119sto interpretuje stabilno\u015b\u0107 jako up\u00f3r lub zacofanie. W rzeczywisto\u015bci jest to strategiczna cierpliwo\u015b\u0107. Wypr\u00f3bowana i przetestowana zasada rz\u0105dzenia, kt\u00f3ra jest g\u0142\u0119boko zakorzeniona w historycznym wizerunku ira\u0144skich elit.<\/p>\n<p>Ira\u0144scy przyw\u00f3dcy nie wykorzystuj\u0105 zmian geopolitycznych impulsywnie, lecz stopniowo. Ka\u017cda prowokacja jest wpisana w szersze spektrum cel\u00f3w: dominacj\u0119 w regionie, stabilno\u015b\u0107 ideologiczn\u0105, odstraszanie wrog\u00f3w zewn\u0119trznych i jasny przekaz dla w\u0142asnej populacji. To w\u0142a\u015bnie ta mieszanka sprawia, \u017ce re\u017cim jest trudny do oszacowania dla zachodnich analityk\u00f3w, ale zaskakuj\u0105co stabilny z w\u0142asnej perspektywy.<\/p>\n<h3>Re\u017cim i jego obywatele: dlaczego niepokoje nie prowadz\u0105 do tego, czego oczekuje Zach\u00f3d<\/h3>\n<p>Jednym z najwi\u0119kszych b\u0142\u0119d\u00f3w w zachodnim my\u015bleniu jest za\u0142o\u017cenie, \u017ce ka\u017cde widoczne niezadowolenie w Iranie musi nieuchronnie zako\u0144czy\u0107 si\u0119 zmian\u0105 re\u017cimu. Protesty nie oznaczaj\u0105 jednak automatycznie rewolucji. A nawet rewolucje - jak pokazuje historia - cz\u0119sto nie ko\u0144cz\u0105 si\u0119 tam, gdzie Zach\u00f3d by sobie tego \u017cyczy\u0142.<\/p>\n<p>Iran to kraj z tysi\u0105cami lat do\u015bwiadcze\u0144 kulturowych, religijnych i narodowych. Istnieje tam g\u0142\u0119boka narracja heteronomii, dumy i wiary w siebie. Wielu Ira\u0144czyk\u00f3w mo\u017ce by\u0107 niezadowolonych z przyw\u00f3dztwa, ale akceptuj\u0105 rzeczywisto\u015b\u0107, w kt\u00f3rej \u017cyj\u0105 - cz\u0119\u015bciowo dlatego, \u017ce alternatywa jest postrzegana jako mniej bezpieczna, bardziej chaotyczna lub bardziej niebezpieczna.<\/p>\n<p>W\u0142a\u015bnie tego nie docenia wielu zachodnich polityk\u00f3w i medi\u00f3w. Iran nie jest spo\u0142ecze\u0144stwem czekaj\u0105cym na \u201ewyzwolenie\u201c z zewn\u0105trz. To spo\u0142ecze\u0144stwo, kt\u00f3re prowadzi swoje konflikty zgodnie z w\u0142asn\u0105 logik\u0105 - czasami wybuchowo, cz\u0119sto represyjnie, ale prawie zawsze bez ch\u0119ci zorientowania si\u0119 na zachodnie modele.<\/p>\n<p>Je\u015bli Zach\u00f3d pr\u00f3buje nast\u0119pnie os\u0142abi\u0107 re\u017cim pomimo braku organicznych ruch\u00f3w, cz\u0119sto osi\u0105ga odwrotny skutek: system zwiera szeregi, odwo\u0142uje si\u0119 do godno\u015bci narodowej i mo\u017ce wykorzystywa\u0107 zewn\u0119trzne zagro\u017cenia jako \u017ar\u00f3d\u0142o legitymizacji. Mechanizm ten dzia\u0142a niezawodnie od 1979 roku. I w\u0142a\u015bnie dlatego bezpo\u015brednia interwencja zewn\u0119trzna przynosi efekt przeciwny do zamierzonego.<\/p>\n<h3>Iran jako regionalne mocarstwo z d\u0142ug\u0105 tradycj\u0105<\/h3>\n<p>Aby zinterpretowa\u0107 dzisiejszy konflikt, trzeba zrozumie\u0107, \u017ce Iran nie jest ju\u017c tylko jednym z wielu pa\u0144stw. Jest regionaln\u0105 pot\u0119g\u0105 - polityczn\u0105, militarn\u0105 i ideologiczn\u0105. Nie osi\u0105gn\u0105\u0142 tej roli dzi\u0119ki sile ekonomicznej, ale dzi\u0119ki d\u0142ugoterminowej sieci pe\u0142nomocnik\u00f3w i stref wp\u0142yw\u00f3w.<\/p>\n<p>W Iraku, Syrii, Libanie, Jemenie i innych krajach Iran dzia\u0142a za po\u015brednictwem milicji, partii politycznych, instytucji religijnych i sieci gospodarczych. Struktury te pe\u0142ni\u0105 kilka funkcji:<\/p>\n<ul>\n<li><strong>Odstraszanie<\/strong>Izrael i USA wiedz\u0105, \u017ce atak na Iran mo\u017ce wywo\u0142a\u0107 kontrataki w kilku krajach.<\/li>\n<li><strong>Projekcja wp\u0142ywu<\/strong>Iran mo\u017ce zwi\u0119kszy\u0107 swoj\u0105 pot\u0119g\u0119 bez konieczno\u015bci prowadzenia otwartej wojny.<\/li>\n<li><strong>Minimalizacja koszt\u00f3w<\/strong>Walki proxy s\u0105 ta\u0144sze i politycznie mniej ryzykowne ni\u017c bezpo\u015brednie konflikty.<\/li>\n<\/ul>\n<p>Sie\u0107 ta zapewnia, \u017ce Iran pozostaje graczem, kt\u00f3rego nale\u017cy traktowa\u0107 powa\u017cnie, niezale\u017cnie od jego w\u0142asnej sytuacji gospodarczej. Zachodni obserwatorzy mog\u0105 postrzega\u0107 to jako \u201edestabilizuj\u0105ce\u201c - dla Teheranu jest to po prostu strategia przetrwania.<\/p>\n<p>I w\u0142a\u015bnie w tym tkwi nieporozumienie zachodniej analizy: oczekuje si\u0119, \u017ce kraj znajduj\u0105cy si\u0119 w trudnej sytuacji gospodarczej jest automatycznie s\u0142aby militarnie. Jednak regionalna pot\u0119ga nie definiuje swojej si\u0142y poprzez dobrobyt, ale poprzez geopolityczn\u0105 d\u017awigni\u0119. A Iran udoskonali\u0142 te d\u017awignie.<\/p>\n<h3>Iran poza nag\u0142\u00f3wkami gazet - spojrzenie na codzienne \u017cycie i spo\u0142ecze\u0144stwo<\/h3>\n<p><a href=\"https:\/\/www.markus-schall.de\/pl\/2026\/01\/zrozumienie-iranu-zycie-codzienne-protesty-i-interesy-poza-naglowkami-gazet\/\"><img loading=\"lazy\" decoding=\"async\" class=\"alignright size-medium wp-image-4498\" src=\"https:\/\/www.markus-schall.de\/wp-content\/uploads\/Iran-Titel-300x200.jpg\" alt=\"Zrozumie\u0107 Iran\" width=\"300\" height=\"200\" srcset=\"https:\/\/www.markus-schall.de\/wp-content\/uploads\/Iran-Titel-300x200.jpg 300w, https:\/\/www.markus-schall.de\/wp-content\/uploads\/Iran-Titel-768x512.jpg 768w, https:\/\/www.markus-schall.de\/wp-content\/uploads\/Iran-Titel-18x12.jpg 18w, https:\/\/www.markus-schall.de\/wp-content\/uploads\/Iran-Titel.jpg 1024w\" sizes=\"auto, (max-width: 300px) 100vw, 300px\" \/><\/a>Je\u015bli chcesz zrozumie\u0107, dlaczego konflikt wok\u00f3\u0142 Iranu jest tak z\u0142o\u017cony, powiniene\u015b najpierw cofn\u0105\u0107 si\u0119 o krok i przyjrze\u0107 si\u0119 bli\u017cej samemu krajowi. W moim szczeg\u00f3\u0142owym artykule <a href=\"https:\/\/www.markus-schall.de\/pl\/2026\/01\/zrozumienie-iranu-zycie-codzienne-protesty-i-interesy-poza-naglowkami-gazet\/\"><em><strong>\u201eZrozumie\u0107 Iran: \u017bycie codzienne, protesty i interesy poza nag\u0142\u00f3wkami gazet\u201c<\/strong><\/em><\/a> jest w\u0142a\u015bnie o tym: nie o rakietach, programach nuklearnych czy strategiach geopolitycznych, ale o Iranie jako spo\u0142ecze\u0144stwie. Prawie \u017caden inny kraj nie jest tak silnie charakteryzowany przez utrwalone obrazy - obrazy rz\u0105d\u00f3w religijnych, protest\u00f3w i konflikt\u00f3w - mimo \u017ce wiele os\u00f3b nigdy nie do\u015bwiadczy\u0142o tego kraju na w\u0142asnej sk\u00f3rze. Artyku\u0142 pokazuje, jak silnie postrzeganie Iranu charakteryzuje si\u0119 narracjami i dlaczego \u017cycie codzienne, napi\u0119cia polityczne i mi\u0119dzynarodowe interesy w Iranie s\u0105 cz\u0119sto znacznie bardziej sprzeczne, ni\u017c sugerowa\u0142yby to zwyk\u0142e nag\u0142\u00f3wki.<\/p>\n<h3>Zach\u00f3d nigdy tak naprawd\u0119 nie zrozumia\u0142 ira\u0144skiej strategii<\/h3>\n<p>G\u0142\u00f3wnym b\u0142\u0119dem zachodniej polityki zawsze by\u0142o interpretowanie ira\u0144skich decyzji z zachodni\u0105 racjonalno\u015bci\u0105. Jednak przyw\u00f3dcy w Teheranie kieruj\u0105 si\u0119 zupe\u0142nie innymi priorytetami:<\/p>\n<ul>\n<li><strong>Zachowanie re\u017cimu ponad wszystko<\/strong>Wszystko - naprawd\u0119 wszystko - jest mierzone tym, czy wzmacnia, czy os\u0142abia stabilno\u015b\u0107 systemu.<\/li>\n<li><strong>Sp\u00f3jno\u015b\u0107 ideologiczna<\/strong>Iran nie mo\u017ce ust\u0105pi\u0107 w polityce wewn\u0119trznej bez szkody dla swojego religijnego i politycznego wizerunku.<\/li>\n<li><strong>D\u0142ugoterminowe odstraszanie<\/strong>Re\u017cim, kt\u00f3ry uwa\u017ca si\u0119 za zagro\u017cony przez Zach\u00f3d, musi zwi\u0119kszy\u0107 swoj\u0105 niepodwa\u017calno\u015b\u0107, a nie negocjowa\u0107.<br \/>\nStrategiczna cierpliwo\u015b\u0107<\/li>\n<\/ul>\n<p>Podczas gdy zachodni politycy my\u015bl\u0105 w czteroletnich cyklach, Iran pracuje nad tymi samymi celami przez dziesi\u0119ciolecia. Ta struktura jest przeciwie\u0144stwem tego, co robi\u0105 Europa czy USA. I w\u0142a\u015bnie dlatego systemy te regularnie si\u0119 zderzaj\u0105, tak naprawd\u0119 nie rozumiej\u0105c si\u0119 nawzajem.<\/p>\n<p>Obecna eskalacja konfliktu mi\u0119dzy Iranem a Izraelem nie jest wynikiem impulsywnych dzia\u0142a\u0144 rz\u0105du. Jest osadzona w strategicznej linii, kt\u00f3r\u0105 Iran realizuje od dziesi\u0119cioleci: rozszerzanie wp\u0142yw\u00f3w w regionie, zwi\u0119kszanie odstraszania, wywieranie presji na Izrael i wypychanie USA z regionu.<\/p>\n<p>W takiej logice nie ma prawie miejsca na regres. Je\u015bli Iran obecnie masowo rozmieszcza pociski rakietowe, to nie dlatego, \u017ce \u201etraci nerwy\u201c, ale dlatego, \u017ce chce skonsolidowa\u0107 swoj\u0105 pozycj\u0119 - w regionie, wobec Zachodu i wobec w\u0142asnej ludno\u015bci. To w\u0142a\u015bnie czyni ten konflikt tak niebezpiecznym: nie jest on improwizowany. Jest on cz\u0119\u015bci\u0105 strategicznego planu, kt\u00f3ry jest realizowany od lat. I w\u0142a\u015bnie dlatego nie mo\u017cna go po prostu \u201ewynegocjowa\u0107\u201c, \u201ezamrozi\u0107\u201c czy \u201ezako\u0144czy\u0107\u201c, jak chcia\u0142yby tego zachodnie stolice.<\/p>\n<p><img loading=\"lazy\" decoding=\"async\" class=\"alignnone size-large wp-image-5220\" src=\"https:\/\/www.markus-schall.de\/wp-content\/uploads\/Israel-Iran-Strategischer-Albtraum-Tel-Aviv.jpg\" alt=\"30 lat alarmowania\" width=\"1024\" height=\"683\" srcset=\"https:\/\/www.markus-schall.de\/wp-content\/uploads\/Israel-Iran-Strategischer-Albtraum-Tel-Aviv.jpg 1024w, https:\/\/www.markus-schall.de\/wp-content\/uploads\/Israel-Iran-Strategischer-Albtraum-Tel-Aviv-300x200.jpg 300w, https:\/\/www.markus-schall.de\/wp-content\/uploads\/Israel-Iran-Strategischer-Albtraum-Tel-Aviv-768x512.jpg 768w, https:\/\/www.markus-schall.de\/wp-content\/uploads\/Israel-Iran-Strategischer-Albtraum-Tel-Aviv-18x12.jpg 18w\" sizes=\"auto, (max-width: 1024px) 100vw, 1024px\" \/><\/p>\n<h2>Netanjahu i 30 lat alarmu - Historia sta\u0142ego ostrze\u017cenia<\/h2>\n<p>Patrz\u0105c dzi\u015b wstecz, wydaje si\u0119 to niemal surrealistyczne: od pocz\u0105tku lat 90. Benjamin Netanjahu wielokrotnie ostrzega\u0142 przed tym samym niebezpiecze\u0144stwem - \u017ce Iran jest \u201ena skraju\u201c zbudowania bomby atomowej. Za ka\u017cdym razem w dramatycznym tonie, z wykresami, diagramami, zawsze z tym samym przes\u0142aniem:<\/p>\n<blockquote><p><em>\u201eJu\u017c prawie czas, musimy dzia\u0142a\u0107\u201c.\u201c<\/em><\/p><\/blockquote>\n<p>Ostrze\u017cenia te ukszta\u0142towa\u0142y ca\u0142\u0105 izraelsk\u0105 doktryn\u0119 bezpiecze\u0144stwa. Wp\u0142yn\u0119\u0142y na polityk\u0119 Stan\u00f3w Zjednoczonych, europejsk\u0105 dyplomacj\u0119 i mi\u0119dzynarodowe postrzeganie Iranu. Niezwyk\u0142e jest jednak to, \u017ce ostrze\u017cenia te by\u0142y powtarzane przez dziesi\u0119ciolecia - a decyduj\u0105cy moment nigdy nie nast\u0105pi\u0142.<\/p>\n<p>Nie oznacza to, \u017ce Iran jest nieszkodliwy lub ma\u0142o ambitny. Ale fakt, \u017ce ta sama retoryka jest u\u017cywana od 30 lat, ma strategiczny efekt uboczny: zu\u017cywa si\u0119. Zbyt cz\u0119sto og\u0142aszany alarm traci swoj\u0105 moc. I to jest w\u0142a\u015bnie jeden z powod\u00f3w, dla kt\u00f3rych obecna sytuacja jest tak delikatna. Poniewa\u017c w momencie, w kt\u00f3rym sytuacja po raz pierwszy wymkn\u0119\u0142a si\u0119 spod kontroli, wiarygodno\u015b\u0107 starych sygna\u0142\u00f3w alarmowych zosta\u0142a nadszarpni\u0119ta.<\/p>\n<p>Co wi\u0119cej, ta trwaj\u0105ca dziesi\u0119ciolecia polityka ostrzegania doprowadzi\u0142a do tego, \u017ce Izrael coraz bardziej pogr\u0105\u017ca si\u0119 w logice, z kt\u00f3rej nie mo\u017ce ju\u017c zawr\u00f3ci\u0107 bez utraty strategicznej twarzy. Ka\u017cdy, kto od dziesi\u0119cioleci m\u00f3wi: \u201eWr\u00f3g jest na skraju stania si\u0119 egzystencjalnie niebezpiecznym\u201c, nie mo\u017ce p\u00f3\u017aniej po prostu przyj\u0105\u0107 mniej konfrontacyjnej postawy bez kwestionowania w\u0142asnej polityki.<\/p>\n<div class=\"lyte-wrapper\" style=\"width:640px;max-width:100%;margin:5px;\"><div class=\"lyMe\" id=\"WYL_Mzmtdwsef8s\"><div id=\"lyte_Mzmtdwsef8s\" data-src=\"https:\/\/www.markus-schall.de\/wp-content\/plugins\/wp-youtube-lyte\/lyteCache.php?origThumbUrl=%2F%2Fi.ytimg.com%2Fvi%2FMzmtdwsef8s%2Fhqdefault.jpg\" class=\"pL\"><div class=\"tC\"><div class=\"tT\"><\/div><\/div><div class=\"play\"><\/div><div class=\"ctrl\"><div class=\"Lctrl\"><\/div><div class=\"Rctrl\"><\/div><\/div><\/div><noscript><a href=\"https:\/\/youtu.be\/Mzmtdwsef8s\" rel=\"nofollow noopener\" target=\"_blank\"><img loading=\"lazy\" decoding=\"async\" src=\"https:\/\/www.markus-schall.de\/wp-content\/plugins\/wp-youtube-lyte\/lyteCache.php?origThumbUrl=https%3A%2F%2Fi.ytimg.com%2Fvi%2FMzmtdwsef8s%2F0.jpg\" alt=\"Miniatura wideo YouTube\" width=\"640\" height=\"340\" \/><br \/>Obejrzyj ten film na YouTube<\/a><\/noscript><\/div><\/div><div class=\"lL\" style=\"max-width:100%;width:640px;margin:5px;\"><\/div><br \/>\n33 lata ostrze\u017ce\u0144 nuklearnych Benjamina Netanjahu wobec Iranu | <a href=\"https:\/\/www.youtube.com\/@aljazeeraenglish\" target=\"_blank\" rel=\"nofollow noopener\">Al Jazeera English<\/a><\/p>\n<h3>Dlaczego ten alarmizm odni\u00f3s\u0142 strategiczny skutek<\/h3>\n<p>Alarmizm mo\u017ce przynie\u015b\u0107 korzy\u015bci polityczne w kr\u00f3tkim okresie. Tworzy wewn\u0119trzn\u0105 presj\u0119 polityczn\u0105, gromadzi poparcie i usprawiedliwia trudne \u015brodki. Jednak w d\u0142u\u017cszej perspektywie pojawia si\u0119 inny problem: w pewnym momencie \u015bwiat przestaje s\u0142ucha\u0107. W samym Izraelu alarmizm sta\u0142 si\u0119 wr\u0119cz zinstytucjonalizowany. Jednak poza granicami kraju jego wp\u0142yw jest coraz mniejszy.<\/p>\n<p>Dwa wydarzenia odegra\u0142y w tym kluczow\u0105 rol\u0119:<\/p>\n<ol>\n<li><strong>Zach\u00f3d si\u0119 zm\u0119czy\u0142<\/strong>Z biegiem lat spo\u0142eczno\u015b\u0107 mi\u0119dzynarodowa - przede wszystkim USA i Europa - reagowa\u0142a na ostrze\u017cenia w coraz bardziej rutynowy spos\u00f3b: \u201eIran jest o krok od bomby\u201c sta\u0142o si\u0119 stwierdzeniem, kt\u00f3re traktowano powa\u017cnie, ale nie by\u0142o ju\u017c klasyfikowane jako nag\u0142y wypadek. Stworzy\u0142o to sytuacj\u0119, w kt\u00f3rej Izrael oczekiwa\u0142 presji, ale Zach\u00f3d preferowa\u0142 dyplomatyczne odpr\u0119\u017cenie.<\/li>\n<li><strong>Iran nauczy\u0142 si\u0119 \u017cy\u0107 z panik\u0105<\/strong>Zamiast da\u0107 si\u0119 zastraszy\u0107, ira\u0144ski re\u017cim zacz\u0105\u0142 nawet wykorzystywa\u0107 ostrze\u017cenia. Pomog\u0142y one Iranowi zaprezentowa\u0107 si\u0119 jako ofiara zachodniej ingerencji. I zmotywowa\u0142y re\u017cim do rozszerzenia swoich regionalnych sieci - w\u0142a\u015bnie po to, aby uniemo\u017cliwi\u0107 Izraelowi lub USA faktyczne uderzenie militarne w pewnym momencie.<\/li>\n<\/ol>\n<p>Alarmizm mia\u0142 zatem paradoksalny skutek: ostatecznie wzmocni\u0142 tych, kt\u00f3rych mia\u0142 os\u0142abi\u0107. Jednak co\u015b innego jest jeszcze powa\u017cniejsze: poprzez ci\u0105g\u0142e powtarzanie, Zach\u00f3d straci\u0142 poczucie prawdziwych sygna\u0142\u00f3w eskalacji. I w\u0142a\u015bnie to m\u015bci si\u0119 teraz, gdy po raz pierwszy od bardzo dawna pojawi\u0142a si\u0119 sytuacja, w kt\u00f3rej zagro\u017cenie jest rzeczywi\u015bcie realne, dynamiczne i dotkliwe.<\/p>\n<h3>Cena 30 lat polityki \u201ebomba nadejdzie wkr\u00f3tce\u201c<\/h3>\n<p>Dekady retoryki spowodowa\u0142y dalsze szkody strategiczne: Przywi\u0105za\u0142a ona izraelsk\u0105 polityk\u0119 do linii, kt\u00f3ra pozostawia\u0142a coraz mniejsze pole manewru. Je\u015bli przez dziesi\u0119ciolecia zapewniasz ludzi, \u017ce uniemo\u017cliwisz Iranowi uzyskanie zdolno\u015bci nuklearnej, to w pewnym momencie istniej\u0105 tylko dwie opcje:<\/p>\n<ol>\n<li>Dotar\u0142e\u015b do celu.<\/li>\n<li>W przeciwnym razie stracisz kompetencje odstraszania.<\/li>\n<\/ol>\n<p>To w\u0142a\u015bnie ta trudna sytuacja charakteryzuje dzisiejsz\u0105 eskalacj\u0119.<\/p>\n<h3>Zaostrzenie polityki wewn\u0119trznej<\/h3>\n<p>Przez lata Netanjahu zbudowa\u0142 kultur\u0119 polityczn\u0105, w kt\u00f3rej wszelkie oznaki odpr\u0119\u017cenia by\u0142y interpretowane jako s\u0142abo\u015b\u0107. Stworzy\u0142o to wewn\u0119trzn\u0105 polityczn\u0105 presj\u0119 oczekiwa\u0144 w Izraelu, kt\u00f3ra pozostawia niewiele miejsca na rozwi\u0105zania dyplomatyczne. Spo\u0142ecze\u0144stwo zosta\u0142o stopniowo przyzwyczajone do postawy, w kt\u00f3rej bezkompromisowa si\u0142a jest postrzegana jako jedyne wyj\u015bcie.<\/p>\n<p>Ze wzgl\u0119du na ci\u0105g\u0142e ostrze\u017cenia, Izrael znajduje si\u0119 obecnie w sytuacji, w kt\u00f3rej prawdziwy ira\u0144ski atak - jak to ma miejsce obecnie - jest automatycznie postrzegany jako potwierdzenie narracji sprzed dziesi\u0119cioleci. Wycofanie si\u0119 wydaje si\u0119 praktycznie niemo\u017cliwe, poniewa\u017c podwa\u017cy\u0142oby ca\u0142y historyczny argument. To sprawia, \u017ce Izrael stoi dzi\u015b przed dylematem:<\/p>\n<ul>\n<li>Je\u015bli dzia\u0142a zbyt pochopnie, traci zdolno\u015b\u0107 odstraszania.<\/li>\n<li>Je\u015bli dzia\u0142a zbyt ostro, sytuacja wymyka si\u0119 spod kontroli.<\/li>\n<\/ul>\n<p>To w\u0142a\u015bnie sprawia, \u017ce obecny konflikt jest tak niebezpieczny: nie jest ju\u017c tylko reakcj\u0105 na zachowanie Iranu. Jest wynikiem dziesi\u0119cioleci samozobowi\u0105zania.<\/p>\n<h3>Mi\u0119dzynarodowe zm\u0119czenie<\/h3>\n<p>A potem jest Zach\u00f3d. USA s\u0105 politycznie wyczerpane, Europa jest sparali\u017cowana pod wzgl\u0119dem polityki bezpiecze\u0144stwa. Chocia\u017c ostrze\u017cenia Izraela s\u0105 s\u0142yszane, jego zdolno\u015b\u0107 do ich wys\u0142uchania jest ograniczona. Oznacza to, \u017ce nawet je\u015bli Izrael chce eskalowa\u0107, nie mo\u017ce ju\u017c by\u0107 pewien, \u017ce Zach\u00f3d zaakceptuje konsekwencje.<\/p>\n<p>Prowadzi to do sytuacji, w kt\u00f3rej Izrael prawdopodobnie zareaguje ostrzej, ni\u017c chcia\u0142by Zach\u00f3d, a jednocze\u015bnie otrzyma mniejsze wsparcie, ni\u017c Izrael oczekuje. Strategiczny koszmar dla obu stron.<\/p>\n<p>Analiza 30 lat panikarstwa Netanjahu to nie tylko historyczna dygresja. Ma ona kluczowe znaczenie dla zrozumienia dzisiejszej dynamiki. Izrael znajduje si\u0119 w sytuacji, w kt\u00f3rej dzia\u0142a nie tylko reaktywnie, ale tak\u017ce reaktywnie w warunkach, kt\u00f3re sam stworzy\u0142 przez dziesi\u0119ciolecia. Iran z kolei o tym wie - i wykorzystuje to.<\/p>\n<p>Rozdzia\u0142 ten stanowi zatem pomost do kolejnych cz\u0119\u015bci artyku\u0142u: ryzyka nuklearnego, impasu strategicznego i pytania, w jaki spos\u00f3b konflikt mo\u017ce wej\u015b\u0107 w faz\u0119, w kt\u00f3rej nawet jasne decyzje nie gwarantuj\u0105 ju\u017c jasnego wyniku.<\/p>\n<p><img loading=\"lazy\" decoding=\"async\" class=\"alignnone wp-image-5219 size-full\" src=\"https:\/\/www.markus-schall.de\/wp-content\/uploads\/Israel-Iran-Strategischer-Albtraum-Schach.jpg\" alt=\"Konflikt to koszmar ka\u017cdego stratega\" width=\"1024\" height=\"683\" srcset=\"https:\/\/www.markus-schall.de\/wp-content\/uploads\/Israel-Iran-Strategischer-Albtraum-Schach.jpg 1024w, https:\/\/www.markus-schall.de\/wp-content\/uploads\/Israel-Iran-Strategischer-Albtraum-Schach-300x200.jpg 300w, https:\/\/www.markus-schall.de\/wp-content\/uploads\/Israel-Iran-Strategischer-Albtraum-Schach-768x512.jpg 768w, https:\/\/www.markus-schall.de\/wp-content\/uploads\/Israel-Iran-Strategischer-Albtraum-Schach-18x12.jpg 18w\" sizes=\"auto, (max-width: 1024px) 100vw, 1024px\" \/><\/p>\n<h2>Dlaczego ten konflikt jest koszmarem ka\u017cdego stratega?<\/h2>\n<p>Je\u015bli trze\u017awo spojrzymy na obecn\u0105 sytuacj\u0119, szybko zdamy sobie spraw\u0119, \u017ce Izrael znalaz\u0142 si\u0119 w pu\u0142apce polityki bezpiecze\u0144stwa, kt\u00f3ra prawie nie powt\u00f3rzy\u0142a si\u0119 we wsp\u00f3\u0142czesnej historii. Nie dlatego, \u017ce kraj ten jest s\u0142aby militarnie - wr\u0119cz przeciwnie. Izrael ma jedn\u0105 z najnowocze\u015bniejszych armii na \u015bwiecie, rozpoznanie, precyzyjne systemy uzbrojenia i doktryn\u0119 obronn\u0105 praktykowan\u0105 od dziesi\u0119cioleci. Ale paradoksalnie, to w\u0142a\u015bnie ta si\u0142a jest dzi\u015b cz\u0119\u015bci\u0105 problemu.<\/p>\n<p>Istnienie Izraela jest zagro\u017cone, nie abstrakcyjnie, ale w rzeczywisto\u015bci. Ostrza\u0142 rakietowy z ostatnich kilku dni i tygodni pokaza\u0142, jak szybko sytuacja mo\u017ce si\u0119 zmieni\u0107, gdy przeciwnik celowo przeci\u0105\u017ca system. \u017belazna Kopu\u0142a to imponuj\u0105ca technologia, ale nie jest niesko\u0144czenie odporna. A ka\u017cde uderzenie, kt\u00f3re si\u0119 przedostanie, jest nie tylko wydarzeniem militarnym, ale tak\u017ce szokiem psychologicznym dla kraju, kt\u00f3ry przez dziesi\u0119ciolecia by\u0142 w stanie polega\u0107 na swojej przewadze. Stwarza to podw\u00f3jny dylemat:<\/p>\n<ul>\n<li>Je\u015bli Izrael zareaguje zbyt s\u0142abo, straci zdolno\u015b\u0107 odstraszania - zar\u00f3wno wewn\u0119trznie, jak i zewn\u0119trznie.<\/li>\n<li>Zbyt ostra reakcja grozi regionaln\u0105 eskalacj\u0105, a nawet scenariuszami, kt\u00f3re jeszcze niedawno by\u0142y nie do pomy\u015blenia.<\/li>\n<\/ul>\n<p>W klasycznej polityce bezpiecze\u0144stwa jest to znane jako \u201earchitektura przegrana-przegrana\u201c: ka\u017cda \u015bcie\u017cka prowadzi do niedogodno\u015bci, ka\u017cdy krok jest przewidywany przez wroga, a ka\u017cda rezygnacja wygl\u0105da jak s\u0142abo\u015b\u0107. Dok\u0142adnie takiej sytuacji obawiaj\u0105 si\u0119 stratedzy, poniewa\u017c nie pozwala ona na wytyczenie jasnej \u015bcie\u017cki dzia\u0142ania.<\/p>\n<h3>Dylemat USA<\/h3>\n<p>Drugim g\u0142\u00f3wnym graczem w tym konflikcie s\u0105 Stany Zjednoczone. I tutaj r\u00f3wnie\u017c widoczne jest strategiczne uwik\u0142anie o niezwyk\u0142ej g\u0142\u0119bi. Przez dziesi\u0119ciolecia Stany Zjednoczone wmanewrowa\u0142y si\u0119 w rol\u0119 gwaranta bezpiecze\u0144stwa Izraela. Politycznie, militarnie, retorycznie. Niemo\u017cliwe jest cofni\u0119cie si\u0119 bez nara\u017cenia na szwank ca\u0142ej r\u00f3wnowagi bezpiecze\u0144stwa na Bliskim Wschodzie - a jednocze\u015bnie podwa\u017cenia wiarygodno\u015bci USA na ca\u0142ym \u015bwiecie. Ale dzi\u015b USA s\u0105 w tym samym momencie:<\/p>\n<ul>\n<li>podzielony politycznie,<\/li>\n<li>na arenie mi\u0119dzynarodowej,<\/li>\n<li>ekonomicznie chory,<\/li>\n<li>i polityki bezpiecze\u0144stwa w kilku regionach jednocze\u015bnie (Europa, Indo-Pacyfik, Bliski Wsch\u00f3d).<\/li>\n<\/ul>\n<p>To przeci\u0105\u017cenie oznacza, \u017ce Waszyngton musi wyra\u017anie sygnalizowa\u0107, \u017ce stoi po stronie Izraela - ale jednocze\u015bnie desperacko stara si\u0119 unikn\u0105\u0107 wci\u0105gni\u0119cia w wojn\u0119. Rezultatem jest polityka, kt\u00f3ra nie wydaje si\u0119 ani sp\u00f3jna, ani jednoznaczna. I w\u0142a\u015bnie ten brak jasno\u015bci jest bardzo niebezpieczny w geopolitycznych eskalacjach. Je\u015bli bowiem g\u0142\u00f3wny gracz si\u0119 waha, mniejszy gracz musi zareagowa\u0107 jeszcze ostrzej, aby utrzyma\u0107 wiarygodno\u015b\u0107 w\u0142asnej czerwonej linii. Jest to dynamika, kt\u00f3r\u0105 odczuwa obecnie Izrael i kt\u00f3ra jeszcze bardziej ogranicza jego pole manewru.<\/p>\n<p>Dla strateg\u00f3w tworzy to scenariusz, w kt\u00f3rym \u017caden centralny gracz nie mo\u017ce dzia\u0142a\u0107 swobodnie. I to w\u0142a\u015bnie zwi\u0119ksza ryzyko niekontrolowanego rozwoju sytuacji.<\/p>\n<h3>Najbardziej niebezpieczny moment: gdy jedna strona uwa\u017ca, \u017ce nie ma ju\u017c \u201ewyboru\u201c<\/h3>\n<p>W historii du\u017cych konflikt\u00f3w istnieje jedna faza, kt\u00f3ra jest szczeg\u00f3lnie niebezpieczna: faza, w kt\u00f3rej aktorzy s\u0105 przekonani, \u017ce ich opcje zosta\u0142y wyczerpane. Je\u015bli Izrael wierzy, \u017ce jego w\u0142asne istnienie jest zagro\u017cone, a kana\u0142y dyplomatyczne nie zapewniaj\u0105 ju\u017c \u017cadnego bezpiecze\u0144stwa, w\u00f3wczas \u015brodki, kt\u00f3re wcze\u015bniej by\u0142y nie do pomy\u015blenia, staj\u0105 si\u0119 mo\u017cliwe.<\/p>\n<p>To samo dotyczy Iranu. I w\u0142a\u015bnie to sprawia, \u017ce sytuacja jest tak wybuchowa.<\/p>\n<p>Kolejne etapy eskalacji s\u0105 mo\u017cliwe nie dlatego, \u017ce aktorzy s\u0105 irracjonalni, ale dlatego, \u017ce czuj\u0105 si\u0119 racjonalnie zap\u0119dzeni w kozi r\u00f3g. Kiedy uderzaj\u0105 pociski, kiedy zmienia si\u0119 nastr\u00f3j spo\u0142eczny, kiedy pojawia si\u0119 poczucie, \u017ce czas dzia\u0142a na twoj\u0105 niekorzy\u015b\u0107, wtedy logika polityki zostaje zast\u0105piona logik\u0105 nagiego bezpiecze\u0144stwa.<\/p>\n<p>Jest to moment, w kt\u00f3rym konflikty staj\u0105 si\u0119 nieprzewidywalne. I to w\u0142a\u015bnie tutaj wkracza dynamika teorii gier, denerwuj\u0105c ka\u017cdego stratega:<\/p>\n<ul>\n<li>Ka\u017cdy czeka, a\u017c drugi si\u0119 podda.<\/li>\n<li>Nikt nie mo\u017ce si\u0119 podda\u0107 bez utraty twarzy.<\/li>\n<li>Ka\u017cde op\u00f3\u017anienie wywo\u0142uje wewn\u0119trzn\u0105 presj\u0119 polityczn\u0105.<\/li>\n<li>Ka\u017cda reakcja jest interpretowana przez przeciwnika jako wst\u0119p do ataku.<\/li>\n<\/ul>\n<p>Tworzy to spiral\u0119 eskalacji, kt\u00f3rej nikt nie mo\u017ce zatrzyma\u0107, poniewa\u017c ka\u017cdy krok podj\u0119ty przez przeciwnika jest odczytywany jako potwierdzenie jego w\u0142asnych obaw.<\/p>\n<h3>Kiedy odstraszanie si\u0119 za\u0142amuje - i dlaczego jest to tak niebezpieczne<\/h3>\n<p>Odstraszanie dzia\u0142a tylko wtedy, gdy obie strony wierz\u0105, \u017ce druga strona reaguje racjonalnie i chce unikn\u0105\u0107 eskalacji. Ale w tym konflikcie to w\u0142a\u015bnie ten warunek jest zagro\u017cony.<\/p>\n<p>Izrael musi zademonstrowa\u0107 swoj\u0105 zdolno\u015b\u0107 do dzia\u0142ania w celu ochrony w\u0142asnej ludno\u015bci. Iran musi pokaza\u0107 si\u0142\u0119, aby zabezpieczy\u0107 swoj\u0105 regionaln\u0105 pot\u0119g\u0119. \u017baden z tych podmiot\u00f3w nie mo\u017ce sobie pozwoli\u0107 na s\u0142abo\u015b\u0107. I to w\u0142a\u015bnie ta wzajemna niezgodno\u015b\u0107 prowadzi do sytuacji, w kt\u00f3rej ka\u017cdy krok - nawet defensywny - mo\u017ce wygl\u0105da\u0107 jak dzia\u0142anie ofensywne. Kiedy odstraszanie s\u0142abnie, powstaje pole do b\u0142\u0119dnej interpretacji:<\/p>\n<ul>\n<li>B\u0142\u0119dnie zinterpretowany obraz radarowy.<\/li>\n<li>Przesadzone przem\u00f3wienie polityczne.<\/li>\n<li>Operacja prowadzona przez milicj\u0119, kt\u00f3ra tak naprawd\u0119 nie odpowiada \u017cadnej ze stron.<\/li>\n<li>B\u0142\u0105d techniczny w komunikacji.<\/li>\n<\/ul>\n<p>Historycznie rzecz bior\u0105c, to w\u0142a\u015bnie takie momenty wywo\u0142ywa\u0142y wielkie wojny.<\/p>\n<h3>Obecny scenariusz to klasyczny koszmar<\/h3>\n<p>Pow\u00f3d, dla kt\u00f3rego stratedzy postrzegaj\u0105 dzisiejszy rozw\u00f3j jako koszmar, jest zaskakuj\u0105co prosty: wszystkie mechanizmy stabilno\u015bci, na kt\u00f3rych polegano przez ostatnie 40 lat, zosta\u0142y os\u0142abione.<\/p>\n<ul>\n<li>Stany Zjednoczone nie s\u0105 wystarczaj\u0105co jasne.<\/li>\n<li>Europa jest bezsilna.<\/li>\n<li>Izrael jest przeci\u0105\u017cony, zar\u00f3wno wewn\u0119trznie, jak i zewn\u0119trznie.<\/li>\n<li>Iran jest bardziej pewny siebie ni\u017c kiedykolwiek wcze\u015bniej.<\/li>\n<li>Rosja i Chiny s\u0105 na uboczu - wp\u0142ywowe, ale nie kontroluj\u0105ce.<\/li>\n<\/ul>\n<p>Oznacza to, \u017ce klasyczne hamulce ju\u017c nie dzia\u0142aj\u0105. W takiej sytuacji nawet ma\u0142e dzia\u0142anie mo\u017ce wywo\u0142a\u0107 powa\u017cny ruch: atak, dyplomatyczn\u0105 gaf\u0119, przesadn\u0105 reakcj\u0119 lub po prostu nieporozumienie.<\/p>\n<p>Region znajduje si\u0119 zatem w punkcie, w kt\u00f3rym ka\u017cdy krok w kierunku eskalacji wydaje si\u0119 bardziej realistyczny ni\u017c jakikolwiek krok w kierunku odpr\u0119\u017cenia. I to jest w\u0142a\u015bnie strukturalny koszmar, przed kt\u00f3rym eksperci ostrzegaj\u0105 od miesi\u0119cy.<\/p>\n<h3>Mi\u0119dzy nadziej\u0105 a niebezpiecze\u0144stwem: kraj w stanie zagro\u017cenia wewn\u0119trznego<\/h3>\n<p>Wra\u017cenia z tego filmu pokazuj\u0105 Iran, kt\u00f3ry jest wewn\u0119trznie rozdarty: na ulicach ostro\u017cna rado\u015b\u0107 z mo\u017cliwych zmian politycznych miesza si\u0119 z g\u0142\u0119boko zakorzenionym strachem przed wszechobecnymi si\u0142ami bezpiecze\u0144stwa. Wielu ludzi ma nadziej\u0119 na zako\u0144czenie dziesi\u0119cioleci ucisku, ale re\u017cim trzyma kraj w ryzach za pomoc\u0105 \u017celaznej kontroli - teraz dodatkowo na\u0142o\u017conej przez bombardowania.<\/p>\n<div class=\"lyte-wrapper\" style=\"width:640px;max-width:100%;margin:5px;\"><div class=\"lyMe\" id=\"WYL_9B7ONOR_jSM\"><div id=\"lyte_9B7ONOR_jSM\" data-src=\"https:\/\/www.markus-schall.de\/wp-content\/plugins\/wp-youtube-lyte\/lyteCache.php?origThumbUrl=%2F%2Fi.ytimg.com%2Fvi%2F9B7ONOR_jSM%2Fhqdefault.jpg\" class=\"pL\"><div class=\"tC\"><div class=\"tT\"><\/div><\/div><div class=\"play\"><\/div><div class=\"ctrl\"><div class=\"Lctrl\"><\/div><div class=\"Rctrl\"><\/div><\/div><\/div><noscript><a href=\"https:\/\/youtu.be\/9B7ONOR_jSM\" rel=\"nofollow noopener\" target=\"_blank\"><img loading=\"lazy\" decoding=\"async\" src=\"https:\/\/www.markus-schall.de\/wp-content\/plugins\/wp-youtube-lyte\/lyteCache.php?origThumbUrl=https%3A%2F%2Fi.ytimg.com%2Fvi%2F9B7ONOR_jSM%2F0.jpg\" alt=\"Miniatura wideo YouTube\" width=\"640\" height=\"340\" \/><br \/>Obejrzyj ten film na YouTube<\/a><\/noscript><\/div><\/div><div class=\"lL\" style=\"max-width:100%;width:640px;margin:5px;\"><\/div><br \/>\nIran: Pierwsze dni tej wojny <a href=\"https:\/\/www.youtube.com\/@ARTEde\" target=\"_blank\" rel=\"nofollow noopener\">Reporta\u017c ARTE<\/a><\/p>\n<p>W tym samym czasie dziesi\u0105tki tysi\u0119cy ira\u0144skich wygna\u0144c\u00f3w w irackim Kurdystanie z niecierpliwo\u015bci\u0105 czekaj\u0105 na sw\u00f3j powr\u00f3t, podczas gdy re\u017cim piel\u0119gnuje w\u0142asn\u0105 narracj\u0119. Nadzieja i represje s\u0105 bli\u017cej siebie ni\u017c kiedykolwiek wcze\u015bniej.<\/p>\n<h2>Scenariusze nuklearne, kt\u00f3re wcze\u015bniej by\u0142y nie do pomy\u015blenia<\/h2>\n<p>Jeszcze kilka lat temu ma\u0142o kto powa\u017cnie rozwa\u017ca\u0142by mo\u017cliwo\u015b\u0107 u\u017cycia taktycznej broni j\u0105drowej na Bliskim Wschodzie. Wi\u0119kszo\u015b\u0107 ekspert\u00f3w uzna\u0142aby to za straszenie, teoretyczny eksperyment my\u015blowy bez praktycznego znaczenia. Dzi\u015b jednak znajdujemy si\u0119 w sytuacji, w kt\u00f3rej temat ten jest nie tylko omawiany analitycznie, ale sta\u0142 si\u0119 rzeczywisto\u015bci\u0105 wojskowo-strategiczn\u0105.<\/p>\n<p>Jest ku temu wiele powod\u00f3w. Po pierwsze, wynika to ze szczeg\u00f3lnej sytuacji Izraela: ma\u0142ego kraju, g\u0119sto zaludnionego, otoczonego przez wrog\u00f3w dysponuj\u0105cych coraz bardziej zaawansowan\u0105 technologi\u0105 rakietow\u0105 i dronow\u0105. Kiedy pa\u0144stwo czuje, \u017ce jego istnienie jest fizycznie zagro\u017cone, a konwencjonalne \u015brodki osi\u0105gaj\u0105 swoje granice, w\u00f3wczas \u015brodki, kt\u00f3re wcze\u015bniej by\u0142y tabu, przechodz\u0105 do sfery wyobra\u017calnej.<\/p>\n<p>No i jest jeszcze Iran. Kraj, kt\u00f3ry ma zupe\u0142nie inn\u0105 kultur\u0119 bezpiecze\u0144stwa i kt\u00f3rego regionalne d\u0105\u017cenie do w\u0142adzy jest otwarcie ukierunkowane na os\u0142abienie Izraela politycznie, psychologicznie i militarnie. W ostatnich latach Iran nie tylko znacznie rozbudowa\u0142 swoje systemy balistyczne, ale tak\u017ce wzmocni\u0142 swoj\u0105 sie\u0107 grup proxy w takim stopniu, \u017ce konwencjonalne odstraszanie staje si\u0119 coraz mniej skuteczne.<\/p>\n<p>To po\u0142\u0105czenie prowadzi do geopolitycznego klimatu, w kt\u00f3rym pr\u00f3g niewyobra\u017calnego obni\u017ca si\u0119. Nie oznacza to, \u017ce u\u017cycie broni j\u0105drowej jest prawdopodobne, ale nie jest ju\u017c nie do pomy\u015blenia. Ju\u017c sam ten fakt zmienia ca\u0142\u0105 dynamik\u0119.<\/p>\n<h3>Efekty domina: Kiedy spada bomba<\/h3>\n<p>M\u00f3wi\u0105c o scenariuszach nuklearnych, nie mo\u017cemy by\u0107 naiwni. U\u017cycie taktycznej broni j\u0105drowej - niezale\u017cnie od strony - wstrz\u0105sn\u0119\u0142oby ca\u0142\u0105 architektur\u0105 bezpiecze\u0144stwa mi\u0119dzynarodowego.<\/p>\n<p>Dotyczy to nie tylko Izraela i Iranu. Wp\u0142ywa na ca\u0142y region, a poza tym na ka\u017cde pa\u0144stwo, kt\u00f3re jest w jakikolwiek spos\u00f3b zwi\u0105zane z konfliktem.<\/p>\n<h3>Natychmiastowa reakcja Iranu<\/h3>\n<p>Atak nuklearny na terytorium Iranu by\u0142by wydarzeniem, kt\u00f3re ustabilizowa\u0142oby re\u017cim w Teheranie w kraju - a nie os\u0142abi\u0142o go. Wszelka opozycja nagle by zamilk\u0142a. Przyw\u00f3dcy mogliby legitymizowa\u0107 wszystkie \u015brodki wojskowe, bez wzgl\u0119du na to, jak daleko id\u0105ce, jako \u201eobron\u0119 ojczyzny\u201c. Prawdopodobnie mia\u0142oby to silne poparcie polityczne w kraju.<\/p>\n<p>Iran podj\u0105\u0142by pr\u00f3b\u0119 natychmiastowego i zmasowanego ataku. Mo\u017cna to zrobi\u0107 za pomoc\u0105 pocisk\u00f3w rakietowych, dron\u00f3w lub milicji - w zale\u017cno\u015bci od tego, kt\u00f3re \u015brodki b\u0119d\u0105 nadal funkcjonowa\u0107 po takim uderzeniu. Nie mo\u017cna wykluczy\u0107 drugiego, trzeciego i czwartego ataku, poniewa\u017c Teheran nie mo\u017ce sobie pozwoli\u0107 na wygl\u0105danie na pokonanego lub zastraszonego.<\/p>\n<h3>Rola Pakistanu<\/h3>\n<p>W tym miejscu scenariusz staje si\u0119 globalny. Pakistan jest pot\u0119g\u0105 nuklearn\u0105 o bliskich wi\u0119zach religijnych i kulturowych ze \u015bwiatem islamu. Atak na kraj muzu\u0142ma\u0144ski z u\u017cyciem broni nuklearnej - nawet je\u015bli by\u0142by ograniczony militarnie - wywar\u0142by ogromn\u0105 presj\u0119 na pakista\u0144ski rz\u0105d.<\/p>\n<p>Czy Pakistan rzeczywi\u015bcie zareagowa\u0142by broni\u0105 j\u0105drow\u0105? Bardzo ma\u0142o prawdopodobne - poniewa\u017c by\u0142by to akt samob\u00f3jstwa dla tego kraju. Ale: retoryczna eskalacja by\u0142aby gigantyczna. Armia mog\u0142aby zosta\u0107 zmobilizowana. Sama gro\u017aba dramatycznie pogorszy\u0142aby sytuacj\u0119.<\/p>\n<h3>Pa\u0144stwa arabskie<\/h3>\n<p>Arabia Saudyjska, Zjednoczone Emiraty Arabskie, Katar - wszystkie te kraje znalaz\u0142yby si\u0119 w trudnej sytuacji. Wiele z nich wsp\u00f3\u0142pracuje potajemnie lub otwarcie z Izraelem, ale atak nuklearny na kraj muzu\u0142ma\u0144ski wywo\u0142a\u0142by fal\u0119 emocji, kt\u00f3ra wywar\u0142aby ogromn\u0105 presj\u0119 na ich rz\u0105dy. Zosta\u0142yby one zmuszone do publicznego zaj\u0119cia stanowiska, nawet je\u015bli strategicznie wola\u0142yby tego unikn\u0105\u0107.<\/p>\n<h3>Zach\u00f3d<\/h3>\n<p>U\u017cycie broni j\u0105drowej przez Izrael pogr\u0105\u017cy\u0142oby USA i Europ\u0119 w g\u0142\u0119bokim dylemacie. Nie mog\u0142yby otwarcie poprze\u0107 tego dzia\u0142ania bez utraty ca\u0142ej swojej moralnej podstawy - ale nie mog\u0142yby te\u017c wyra\u017anie go pot\u0119pi\u0107 bez zniszczenia swojej linii polityki bezpiecze\u0144stwa. Zach\u00f3d by\u0142by sparali\u017cowany.<\/p>\n<p>I to jest w\u0142a\u015bnie najbardziej niebezpieczna pozycja w kryzysie nuklearnym.<\/p>\n<h3>Co wielkie mocarstwa mog\u0105 dzi\u015b naprawd\u0119 kontrolowa\u0107 - a czego nie mog\u0105<\/h3>\n<p>Przez d\u0142ugi czas panowa\u0142o przekonanie, \u017ce najwi\u0119ksze mocarstwa - USA, Rosja i Chiny - s\u0105 w stanie ustabilizowa\u0107 lub przynajmniej ograniczy\u0107 regionalne konflikty. Jednak obecna sytuacja wyra\u017anie pokazuje, \u017ce wp\u0142yw ten nie jest ju\u017c taki, jak kiedy\u015b.<\/p>\n<ul>\n<li><strong>USA<\/strong>Stany Zjednoczone znajduj\u0105 si\u0119 w stanie geopolitycznego przeci\u0105\u017cenia. Musz\u0105 jednocze\u015bnie stabilizowa\u0107 Europ\u0119, powstrzymywa\u0107 Chiny i mie\u0107 oko na Bliski Wsch\u00f3d. Ich zdolno\u015b\u0107 do powstrzymania Izraela lub ograniczenia Iranu jest ograniczona. Mog\u0105 doradza\u0107, ostrzega\u0107 i grozi\u0107 - ale nie mog\u0105 dyktowa\u0107 decyzji regionalnym graczom.<\/li>\n<li><strong>Rosja<\/strong>Moskwa historycznie wywiera\u0142a wp\u0142yw na Iran, ale obecnie zale\u017cno\u015bci biegn\u0105 w obu kierunkach. Rosja potrzebuje ira\u0144skiej technologii dron\u00f3w i wsparcia politycznego. Mo\u017ce przekazywa\u0107 Iranowi zalecenia, ale nie rozkazy. Atak nuklearny wywo\u0142a\u0142by alarm w Moskwie, ale Rosja nie mog\u0142aby mu zapobiec ani skutecznie zareagowa\u0107.<\/li>\n<li><strong>Chiny<\/strong>Chiny maj\u0105 inne priorytety: stabilno\u015b\u0107 gospodarcz\u0105, korytarze Jedwabnego Szlaku, dostawy energii. Pekin nie chce eskalacji, ale nie zaryzykuje otwartego przeciwstawienia si\u0119 Iranowi. Wp\u0142yw Chin polega przede wszystkim na dyplomatycznej pow\u015bci\u0105gliwo\u015bci, a nie na strategicznej kontroli.<\/li>\n<\/ul>\n<p>Rezultat: po raz pierwszy od dziesi\u0119cioleci znajdujemy si\u0119 w \u015bwiecie, w kt\u00f3rym \u017cadne z g\u0142\u00f3wnych mocarstw nie ma wystarczaj\u0105cej si\u0142y nacisku, aby bezpiecznie zapobiec eskalacji nuklearnej. Nie oznacza to, \u017ce eskalacja jest prawdopodobna - ale jest mo\u017cliwa. A to wystarczy, by ca\u0142a struktura geopolityczna sta\u0142a si\u0119 niestabilna.<\/p>\n<p><img loading=\"lazy\" decoding=\"async\" class=\"alignnone wp-image-5221 size-full\" src=\"https:\/\/www.markus-schall.de\/wp-content\/uploads\/Israel-Iran-Strategischer-Albtraum-Medien.jpg\" alt=\"Rola medi\u00f3w\" width=\"1024\" height=\"683\" srcset=\"https:\/\/www.markus-schall.de\/wp-content\/uploads\/Israel-Iran-Strategischer-Albtraum-Medien.jpg 1024w, https:\/\/www.markus-schall.de\/wp-content\/uploads\/Israel-Iran-Strategischer-Albtraum-Medien-300x200.jpg 300w, https:\/\/www.markus-schall.de\/wp-content\/uploads\/Israel-Iran-Strategischer-Albtraum-Medien-768x512.jpg 768w, https:\/\/www.markus-schall.de\/wp-content\/uploads\/Israel-Iran-Strategischer-Albtraum-Medien-18x12.jpg 18w\" sizes=\"auto, (max-width: 1024px) 100vw, 1024px\" \/><\/p>\n<h2>Rola medi\u00f3w: brak informacji jako zagro\u017cenie dla bezpiecze\u0144stwa<\/h2>\n<p>Je\u015bli chcesz zrozumie\u0107, dlaczego tak wielu ludzi w Europie, a zw\u0142aszcza w Niemczech, nie mo\u017ce poj\u0105\u0107 powagi obecnej sytuacji, musisz spojrze\u0107 na spos\u00f3b, w jaki dzia\u0142aj\u0105 zachodnie media. Nie w sensie konspiracyjnej krytyki, ale trze\u017awo: nasze media tradycyjnie dzia\u0142aj\u0105 z filtrem, kt\u00f3ry ma na celu uspokojenie ludno\u015bci, zamiast konfrontowa\u0107 j\u0105 z pe\u0142n\u0105 si\u0142\u0105 rzeczywisto\u015bci.<\/p>\n<p>Zasada ta ma korzenie historyczne. Przez dziesi\u0119ciolecia pa\u0144stwowe i du\u017ce prywatne firmy medialne stara\u0142y si\u0119 przedstawia\u0107 konflikty w uporz\u0105dkowany, uporz\u0105dkowany spos\u00f3b i w spos\u00f3b, kt\u00f3ry wywo\u0142uje jak najmniej obaw przed eskalacj\u0105. Wiadomo\u015bci powinny informowa\u0107, ale nie przyt\u0142acza\u0107. Powinny wyja\u015bnia\u0107, ale nie traumatyzowa\u0107. I zawsze powinny sprawia\u0107 wra\u017cenie, \u017ce instytucje polityczne maj\u0105 \u201ewszystko pod kontrol\u0105\u201c.<\/p>\n<p>Problem w tym, \u017ce: W sytuacji takiej jak obecna, to w\u0142a\u015bnie takie podej\u015bcie daje ludziom fa\u0142szywy obraz rzeczywisto\u015bci. Kiedy nocne ataki rakietowe, zmasowane uderzenia, przeci\u0105\u017cenie system\u00f3w obronnych i geopolityczne sygna\u0142y eskalacji s\u0105 podsumowywane w trzyminutowym raporcie, powstaje niebezpieczna pr\u00f3\u017cnia mi\u0119dzy prawdziw\u0105 sytuacj\u0105 a \u015bwiadomo\u015bci\u0105 spo\u0142eczn\u0105.<\/p>\n<p>Ta pr\u00f3\u017cnia nie jest nieszkodliwa. Wp\u0142ywa na decyzje polityczne, demokratyczne debaty, priorytety spo\u0142eczne - a ostatecznie tak\u017ce na zdolno\u015b\u0107 kraju do powa\u017cnego traktowania kryzys\u00f3w, zanim do niego dotr\u0105.<\/p>\n<h3>Prawdziwe zdj\u0119cia, kt\u00f3re nie zosta\u0142y pokazane<\/h3>\n<p>Istnieje wyra\u017ana rozbie\u017cno\u015b\u0107 mi\u0119dzy tym, co ludzie widz\u0105 w sieciach spo\u0142eczno\u015bciowych, a tym, co pokazuj\u0105 tradycyjne media. Podczas gdy niefiltrowane filmy z atak\u00f3w, ostrza\u0142u rakietowego i zniszcze\u0144 kr\u0105\u017c\u0105 w Internecie, obrazy w tradycyjnych programach informacyjnych cz\u0119sto wygl\u0105daj\u0105 jak abstrakcyjne ilustracje rzekomo kontrolowanej sytuacji. Istnieje wiele powod\u00f3w takiego stanu rzeczy:<\/p>\n<ul>\n<li><strong>Uwaga redakcyjna<\/strong>Obrazy o silnym wp\u0142ywie emocjonalnym nie powinny by\u0107 odtwarzane w niekontrolowany spos\u00f3b, aby nie szokowa\u0107 ani nie radykalizowa\u0107 ludno\u015bci.<\/li>\n<li><strong>Odpowiedzialno\u015b\u0107 polityczna<\/strong>Wiele redakcji uwa\u017ca, \u017ce ich obowi\u0105zkiem jest nie nara\u017ca\u0107 niepotrzebnie stabilno\u015bci pa\u0144stwa - zw\u0142aszcza w przypadku kryzys\u00f3w mi\u0119dzynarodowych.<\/li>\n<li><strong>Wizerunek medi\u00f3w publicznych<\/strong>Powinny zapewnia\u0107 orientacj\u0119, a nie przyt\u0142acza\u0107. Cz\u0119sto prowadzi to do tego, \u017ce to, co naprawd\u0119 si\u0119 dzieje, jest upychane w formie, kt\u00f3ra jest bardziej edukacyjna ni\u017c dziennikarska.<\/li>\n<\/ul>\n<p>Jednak efekt tego filtrowania jest fatalny: ludzie czuj\u0105, \u017ce co\u015b jest nie tak, ale nie otrzymuj\u0105 wystarczaj\u0105cych informacji, aby sklasyfikowa\u0107 to uczucie. W rezultacie ro\u015bnie nieufno\u015b\u0107 - a jednocze\u015bnie wi\u0119kszo\u015b\u0107 pozostaje bierna, poniewa\u017c oficjalna narracja nie przekazuje powagi sytuacji.<\/p>\n<p>Mo\u017cna powiedzie\u0107, \u017ce ludzie widz\u0105 \u015bwiat przez szyb\u0119 z matowego szk\u0142a. Widz\u0105 kontury niebezpiecze\u0144stwa, ale nie jego kszta\u0142t.<\/p>\n<h3>Konsekwencje zniekszta\u0142cenia informacji: populacja, kt\u00f3ra \u017cyje bez \u015bwiadomo\u015bci sytuacyjnej<\/h3>\n<p>Spo\u0142ecze\u0144stwa mog\u0105 przezwyci\u0119\u017cy\u0107 kryzysy tylko wtedy, gdy znaj\u0105 rzeczywisto\u015b\u0107. Bycie poinformowanym jest czynnikiem polityki bezpiecze\u0144stwa, a nie luksusem. W obecnej sytuacji pojawia si\u0119 jednak problem strukturalny.<\/p>\n<ol>\n<li><strong>Demokratyczne podejmowanie decyzji jest utrudnione<\/strong><br \/>\nJe\u015bli spo\u0142ecze\u0144stwo nie rozumie, jak niebezpieczna jest sytuacja geopolityczna, podejmuje decyzje w oparciu o zniekszta\u0142cony obraz \u015bwiata. Ufa, \u017ce instytucje pa\u0144stwowe maj\u0105 wszystko pod kontrol\u0105, nawet je\u015bli same te instytucje cz\u0119sto nie maj\u0105 jasnej strategii.<br \/>\nDemokracja potrzebuje odpowiedzialnych obywateli - ale odpowiedzialno\u015b\u0107 wymaga wiedzy.<\/li>\n<li><strong>Presja polityczna zawodzi<\/strong><br \/>\nRz\u0105dy zazwyczaj reaguj\u0105 na kryzysy mi\u0119dzynarodowe tylko wtedy, gdy wzrasta presja ze strony ludno\u015bci. Je\u015bli jednak ludzie widz\u0105 tylko rozwodnione wersje rzeczywisto\u015bci, presja polityczna r\u00f3wnie\u017c ulega os\u0142abieniu. Rezultatem jest bezw\u0142adno\u015b\u0107, kt\u00f3ra mo\u017ce by\u0107 niebezpieczna w eskaluj\u0105cych sytuacjach.<\/li>\n<li><strong>Brak odporno\u015bci w spo\u0142ecze\u0144stwie<\/strong><br \/>\nOdporno\u015b\u0107 - zdolno\u015b\u0107 do radzenia sobie z kryzysami - nie wynika z zapewnienia, ale z realistycznej oceny. Spo\u0142ecze\u0144stwo, kt\u00f3re postrzega kryzysy jedynie w abstrakcyjnej formie, b\u0119dzie zaskoczone i przyt\u0142oczone w sytuacji kryzysowej.<br \/>\nPsychologiczne przej\u015bcie od \u201eTo jest daleko\u201c do \u201eTo dotyczy nas bezpo\u015brednio\u201c mo\u017ce nast\u0105pi\u0107 w ci\u0105gu kilku godzin - i w\u0142a\u015bnie wtedy kraj potrzebuje poinformowanej ludno\u015bci, kt\u00f3ra nie reaguje panik\u0105, ale rozumie, co si\u0119 dzieje.<\/li>\n<li><strong>Miejsce na propagand\u0119, spekulacje i strach<\/strong><br \/>\nJe\u015bli oficjalne informacje nie s\u0105 wystarczaj\u0105ce, ludzie szukaj\u0105 innych \u017ar\u00f3de\u0142. Takie jest ludzkie zachowanie. Otwiera to jednak drzwi do dezinformacji, dramatyzacji, narracji spiskowych lub nadinterpretacji poszczeg\u00f3lnych wydarze\u0144.<\/li>\n<\/ol>\n<p>I to jest dok\u0142adnie to, czego obecnie do\u015bwiadczamy na wielk\u0105 skal\u0119. Luki informacyjne nie s\u0105 wype\u0142niane dobrymi alternatywami, ale skrajnymi interpretacjami - podczas gdy oficjalne media nadal si\u0119 uspokajaj\u0105.<\/p>\n<p>Jest to najbardziej niebezpieczna kombinacja ze wszystkich: populacja, kt\u00f3ra instynktownie wyczuwa, \u017ce sytuacja jest powa\u017cna - ale jej w\u0142asne media nie daj\u0105 jej narz\u0119dzi do skategoryzowania tego uczucia.<\/p>\n<h3>Dlaczego ta pora\u017cka medi\u00f3w zaostrza konflikt?<\/h3>\n<p>Zbyt kr\u00f3tkowzroczne by\u0142oby przekonanie, \u017ce media odgrywaj\u0105 jedynie biern\u0105 rol\u0119 w tym kryzysie. W rzeczywisto\u015bci wp\u0142ywaj\u0105 one na jego dynamik\u0119:<br \/>\nRz\u0105dy cz\u0119sto dzia\u0142aj\u0105 w oparciu o to, jak ich obywatele postrzegaj\u0105 sytuacj\u0119.<\/p>\n<p>Pa\u0144stwa sojusznicze z kolei monitoruj\u0105 nastroje spo\u0142eczne, aby odpowiednio dostosowa\u0107 swoje decyzje strategiczne.<br \/>\nPrzeciwnicy wykorzystuj\u0105 ka\u017cd\u0105 widoczn\u0105 s\u0142abo\u015b\u0107 w informacjach Zachodu, aby wzmocni\u0107 swoj\u0105 pozycj\u0119.<\/p>\n<p>Pa\u0144stwo, kt\u00f3rego ludno\u015b\u0107 nie dostrzega rzeczywisto\u015bci, traci pole manewru. Reaguje zbyt p\u00f3\u017ano, zbyt niezdecydowanie lub zbyt impulsywnie. A w fazie eskalacji, takiej jak ta, w\u0142a\u015bnie to jest tak niebezpieczne.<\/p>\n<p>Zniekszta\u0142cenia w mediach powoduj\u0105 nie tylko brak informacji, ale tak\u017ce strategiczn\u0105 \u015blepot\u0119. A strategiczna \u015blepota jest ostatni\u0105 rzecz\u0105, na jak\u0105 Zach\u00f3d mo\u017ce sobie pozwoli\u0107 w tej sytuacji.<\/p>\n<h3>Jak obrazy medialne kszta\u0142tuj\u0105 nasze postrzeganie konflikt\u00f3w<\/h3>\n<p><a href=\"https:\/\/www.markus-schall.de\/pl\/2026\/01\/historia-propagandy-metody-wspolczesne-formy-i-jak-je-rozpoznac\/\"><img loading=\"lazy\" decoding=\"async\" class=\"alignright size-medium wp-image-4233\" src=\"https:\/\/www.markus-schall.de\/wp-content\/uploads\/Propaganda-titel-300x200.jpg\" alt=\"Czym jest propaganda?\" width=\"300\" height=\"200\" srcset=\"https:\/\/www.markus-schall.de\/wp-content\/uploads\/Propaganda-titel-300x200.jpg 300w, https:\/\/www.markus-schall.de\/wp-content\/uploads\/Propaganda-titel-768x512.jpg 768w, https:\/\/www.markus-schall.de\/wp-content\/uploads\/Propaganda-titel-18x12.jpg 18w, https:\/\/www.markus-schall.de\/wp-content\/uploads\/Propaganda-titel.jpg 1024w\" sizes=\"auto, (max-width: 300px) 100vw, 300px\" \/><\/a>Je\u015bli chcesz zrozumie\u0107 obecn\u0105 eskalacj\u0119 mi\u0119dzy Iranem a Izraelem, musisz r\u00f3wnie\u017c zrozumie\u0107, jak dzia\u0142aj\u0105 wsp\u00f3\u0142czesne wojny informacyjne. Dzisiejsze wojny tocz\u0105 si\u0119 nie tylko za pomoc\u0105 pocisk\u00f3w, ale tak\u017ce obraz\u00f3w, narracji i emocjonalnie na\u0142adowanych nag\u0142\u00f3wk\u00f3w. Propaganda niekoniecznie oznacza jawne k\u0142amstwa, ale cz\u0119sto ukierunkowany wyb\u00f3r informacji maj\u0105cych na celu stworzenie okre\u015blonej percepcji. Fakty, p\u00f3\u0142prawdy i mocne obrazy s\u0105 cz\u0119sto \u0142\u0105czone w taki spos\u00f3b, aby wywo\u0142ywa\u0107 emocje i wp\u0142ywa\u0107 na interpretacje polityczne. Dok\u0142adnie analizuj\u0119 te mechanizmy - od emocjonalnych obraz\u00f3w symbolicznych po selektywne raportowanie - szczeg\u00f3\u0142owo w artykule \u017ar\u00f3d\u0142owym <a href=\"https:\/\/www.markus-schall.de\/pl\/2026\/01\/historia-propagandy-metody-wspolczesne-formy-i-jak-je-rozpoznac\/\"><em><strong>\u201ePropaganda: historia, metody, wsp\u00f3\u0142czesne formy i jak je rozpozna\u0107\u201c<\/strong><\/em><\/a>, kt\u00f3ry pokazuje, w jaki spos\u00f3b tworzone s\u0105 narracje medialne i dlaczego s\u0105 one szczeg\u00f3lnie skuteczne w czasach kryzysu.<\/p>\n<hr \/>\n<h3>Aktualne badanie dotycz\u0105ce zaufania do polityki i medi\u00f3w<\/h3>\n<div class='bootstrap-yop yop-poll-mc'>\n\t\t\t\t\t\t\t<div class=\"basic-yop-poll-container\" style=\"background-color:#ffffff; border:0px; border-style:solid; border-color:#000000; border-radius:5px; padding:0px 5px;\" data-id=\"1\" data-temp=\"basic-pretty\" data-skin=\"square\" data-cscheme=\"blue\" data-cap=\"0\" data-access=\"guest\" data-tid=\"\" data-uid=\"aba833e8dc65abcd9de63dfa0b7d56fa\" data-pid=\"4169\" data-resdet=\"votes-number,percentages\" data-show-results-to=\"guest\" data-show-results-moment=\"after-vote\" data-show-results-only=\"false\" data-show-message=\"true\" data-show-results-as=\"bar\" data-sort-results-by=\"as-defined\" data-sort-results-rule=\"asc\"data-is-ended=\"0\" data-percentages-decimals=\"2\" data-gdpr=\"no\" data-gdpr-sol=\"consent\" data-css=\"\" data-counter=\"0\" data-load-with=\"1\" data-notification-section=\"top\"><div class=\"row\"><div class=\"col-md-12\"><div class=\"basic-inner\"><div class=\"basic-message hide\" style=\"border-left: 10px solid #008000; padding: 0px 10px;\" data-error=\"#ff0000\" data-success=\"#008000\"><p class=\"basic-message-text\" style=\"color:#000000; font-size:14px; font-weight:normal;\"><\/p><\/div><div class=\"basic-overlay hide\"><div class=\"basic-vote-options\"><\/div><div class=\"basic-preloader\"><div class=\"basic-windows8\"><div class=\"basic-wBall basic-wBall_1\"><div class=\"basic-wInnerBall\"><\/div><\/div><div class=\"basic-wBall basic-wBall_2\"><div class=\"basic-wInnerBall\"><\/div><\/div><div class=\"basic-wBall basic-wBall_3\"><div class=\"basic-wInnerBall\"><\/div><\/div><div class=\"basic-wBall basic-wBall_4\"><div class=\"basic-wInnerBall\"><\/div><\/div><div class=\"basic-wBall basic-wBall_5\"><div class=\"basic-wInnerBall\"><\/div><\/div><\/div><\/div><\/div><form class=\"basic-form\" action=\"\"><input type=\"hidden\" name=\"_token\" value=\"f25084482d\" autocomplete=\"off\"><div class=\"basic-elements\"><div class=\"basic-element basic-question basic-question-text-vertical\" data-id=\"1\" data-uid=\"367a1a6441789fee804ccc0372b38ce3\" data-type=\"question\" data-question-type=\"text\" data-required=\"yes\" data-allow-multiple=\"no\" data-min=\"1\" data-max=\"1\" data-display=\"vertical\" data-colnum=\"\" data-display-others=\"no\" data-others-color=\"\" data-others=\"\" data-others-max-chars=\"0\"><div class=\"basic-question-title\"><h5 style=\"color:#000000; font-size:16px; font-weight:normal; text-align:left;\">Jak du\u017cym zaufaniem darzysz polityk\u0119 i media w Niemczech?<\/h5><\/div><ul class=\"basic-answers\"><li class=\"basic-answer\" style=\"padding:0px 0px;\" data-id=\"1\" data-type=\"text\" data-vn=\"10\" data-color=\"#000000\" data-make-link=\"no\" data-link=\"\"><div class=\"basic-answer-content basic-text-vertical\"><label for=\"answer[1]\" class=\"basic-answer-label\"><input type=\"radio\" id=\"answer[1]\" name=\"answer[1]\" value=\"1\"><span class=\"basic-text\" style=\"color: #000000; font-size: 14px; font-weight: normal;\">Bardzo wysoki - w pe\u0142ni ufam oficjalnym organom<\/span><\/label><\/div><\/li><li class=\"basic-answer\" style=\"padding:0px 0px;\" data-id=\"2\" data-type=\"text\" data-vn=\"22\" data-color=\"#000000\" data-make-link=\"no\" data-link=\"\"><div class=\"basic-answer-content basic-text-vertical\"><label for=\"answer[2]\" class=\"basic-answer-label\"><input type=\"radio\" id=\"answer[2]\" name=\"answer[1]\" value=\"2\"><span class=\"basic-text\" style=\"color: #000000; font-size: 14px; font-weight: normal;\">\u015aredni - jestem ostro\u017cny, ale nie podejrzliwy.<\/span><\/label><\/div><\/li><li class=\"basic-answer\" style=\"padding:0px 0px;\" data-id=\"3\" data-type=\"text\" data-vn=\"53\" data-color=\"#000000\" data-make-link=\"no\" data-link=\"\"><div class=\"basic-answer-content basic-text-vertical\"><label for=\"answer[3]\" class=\"basic-answer-label\"><input type=\"radio\" id=\"answer[3]\" name=\"answer[1]\" value=\"3\"><span class=\"basic-text\" style=\"color: #000000; font-size: 14px; font-weight: normal;\">Niski - sam sprawdzam wiele rzeczy<\/span><\/label><\/div><\/li><li class=\"basic-answer\" style=\"padding:0px 0px;\" data-id=\"4\" data-type=\"text\" data-vn=\"251\" data-color=\"#000000\" data-make-link=\"no\" data-link=\"\"><div class=\"basic-answer-content basic-text-vertical\"><label for=\"answer[4]\" class=\"basic-answer-label\"><input type=\"radio\" id=\"answer[4]\" name=\"answer[1]\" value=\"4\"><span class=\"basic-text\" style=\"color: #000000; font-size: 14px; font-weight: normal;\">Prawie nie istnieje - uwa\u017cam, \u017ce wiele jest zawoalowanych lub zainscenizowanych.<\/span><\/label><\/div><\/li><\/ul><\/div><div class=\"clearfix\"><\/div><\/div><div class=\"basic-vote\"><a href=\"#\" class=\"button basic-vote-button\" role=\"button\" style=\"background:#027bb8; border:0px; border-style: solid; border-color:#1636f0; border-radius:5px; padding:10px 10px; color:#ffffff; font-size:14px; font-weight:normal;\">G\u0142osowanie<\/a><\/div><input type=\"hidden\" name=\"trp-form-language\" value=\"pl\"\/><\/form><\/div><\/div><\/div><\/div>\n\t\t\t\t\t\t<\/div>\n<hr \/>\n<h2>Wstrz\u0105sy gospodarcze: Dlaczego firmy cichn\u0105<\/h2>\n<p>Kiedy konflikt, taki jak ten mi\u0119dzy Izraelem a Iranem, eskaluje, jest to zauwa\u017calne nie tylko w reakcjach politycznych, o\u015bwiadczeniach dyplomatycznych czy ruchach wojskowych. Jest to odczuwalne przede wszystkim w zjawisku, kt\u00f3re zaczyna si\u0119 cicho, ale jest bardzo wa\u017cne: Gospodarka staje si\u0119 nerwowa. A w kontek\u015bcie gospodarczym nerwowo\u015b\u0107 jest sygna\u0142em o ogromnym wp\u0142ywie.<\/p>\n<p>To nie przypadek, \u017ce w wielu firmach milkn\u0105 telefony, inwestycje s\u0105 odk\u0142adane, a procesy decyzyjne przeci\u0105gaj\u0105 si\u0119. Ludzie instynktownie reaguj\u0105 na niepewno\u015b\u0107. A firmy to ostatecznie nic innego jak zorganizowane grupy ludzi pr\u00f3buj\u0105ce zminimalizowa\u0107 ryzyko. W takich czasach zmienia si\u0119 perspektywa:<\/p>\n<ul>\n<li>Ludzie nie my\u015bl\u0105 ju\u017c ekspansywnie, ale defensywnie.<\/li>\n<li>Nie skupiamy si\u0119 ju\u017c na wzro\u015bcie, ale na stabilno\u015bci.<\/li>\n<li>Pozwala to unikn\u0105\u0107 d\u0142ugoterminowych zobowi\u0105za\u0144 i zachowa\u0107 p\u0142ynno\u015b\u0107 finansow\u0105.<\/li>\n<\/ul>\n<p>Konflikty geopolityczne prowadz\u0105 do pewnego rodzaju parali\u017cu gospodarczego. I to w\u0142a\u015bnie ten stan szoku jest odczuwalny na ca\u0142ym \u015bwiecie od miesi\u0119cy - szczeg\u00f3lnie w Europie, a szczeg\u00f3lnie w Niemczech, gdzie podstawowa struktura gospodarcza i tak od lat znajduje si\u0119 pod presj\u0105.<\/p>\n<p>Pow\u00f3d jest prosty: gospodarka potrzebuje przewidywalno\u015bci. Jednak ta przewidywalno\u015b\u0107 obecnie znikn\u0119\u0142a, na ca\u0142ym \u015bwiecie i w stopniu, kt\u00f3ry przypomina kryzys energetyczny, kryzys finansowy, a nawet historyczne punkty zwrotne.<\/p>\n<h3>Ceny energii, trasy transportowe, premie za ryzyko<\/h3>\n<p>Bliski Wsch\u00f3d to nie byle jaki region - to centrum globalnych dostaw energii, szlak\u00f3w handlowych i stabilno\u015bci geopolitycznej. Gdy tylko region ten zaczyna si\u0119 chwia\u0107, systemy gospodarcze, kt\u00f3re wydaj\u0105 si\u0119 odleg\u0142e, s\u0105 automatycznie wstrz\u0105sane.<\/p>\n<ul>\n<li><strong>Kwestia energii<\/strong><br \/>\nPojedyncza iskra w Zatoce Perskiej wystarczy, by spowodowa\u0107 skok cen ropy. I to nie powoli, ale w ci\u0105gu kilku godzin. Firmy musz\u0105 na to zareagowa\u0107. Bran\u017ce energoch\u0142onne ucierpi\u0105 nie w przysz\u0142ym roku, ale natychmiast. Ka\u017cde zak\u0142\u00f3cenie w cie\u015bninie Ormuz, ka\u017cde zagro\u017cenie dla tankowc\u00f3w, ka\u017cda wzmianka o blokadzie morskiej dzia\u0142a jak sygna\u0142 cenowy w czasie rzeczywistym. Dla Europy - ju\u017c teraz zale\u017cnej od zewn\u0119trznych \u017ar\u00f3de\u0142 energii - oznacza to, \u017ce ryzyko staje si\u0119 czynnikiem kosztowym, kt\u00f3ry przenika wszystkie \u0142a\u0144cuchy dostaw.<\/li>\n<li><strong>Szlaki transportowe jako pi\u0119ta achillesowa<\/strong><br \/>\nNowoczesne gospodarki s\u0105 globalnie powi\u0105zane, a szlaki handlowe s\u0105 \u015bci\u015blej po\u0142\u0105czone ni\u017c kiedykolwiek wcze\u015bniej. Gdy tylko pojawia si\u0119 niepewno\u015b\u0107 na Morzu Czerwonym, w Zatoce Oma\u0144skiej lub we wschodniej cz\u0119\u015bci Morza \u015ar\u00f3dziemnego, rosn\u0105 koszty transportu, sk\u0142adki ubezpieczeniowe i czas dostawy.<br \/>\nGospodarka mo\u017ce wydawa\u0107 si\u0119 abstrakcyjna - ale jest tak wra\u017cliwa jak uk\u0142ad nerwowy. Kiedy du\u017cy nerw jest podra\u017cniony, ca\u0142y system wibruje.<\/li>\n<li><strong>Ubezpieczenie i sk\u0142adki na ryzyko<\/strong><br \/>\nW czasach kryzysu geopolitycznego firmy ubezpieczeniowe staj\u0105 si\u0119 nerwowe - a kiedy firmy ubezpieczeniowe staj\u0105 si\u0119 nerwowe, gospodarka staje si\u0119 kosztowna. Sk\u0142adki na ryzyko rosn\u0105, po\u017cyczki staj\u0105 si\u0119 dro\u017csze, a niskomar\u017cowe projekty nagle staj\u0105 si\u0119 nieop\u0142acalne.<\/li>\n<\/ul>\n<p>\u017byjemy w \u015bwiecie, w kt\u00f3rym ryzyko polityczne przek\u0142ada si\u0119 bezpo\u015brednio na wska\u017aniki ekonomiczne. Dzieje si\u0119 to w tempie, kt\u00f3re wielu zaskakuje.<\/p>\n<h3>Firmy instynktownie przechodz\u0105 na tryb \u201epoczekamy, zobaczymy\u201c<\/h3>\n<p>Zachowanie ekonomiczne nie opiera si\u0119 wy\u0142\u0105cznie na racjonalnych analizach. Pod\u0105\u017ca za wzorcami psychologicznymi. Wzorce te maj\u0105 wielowiekow\u0105 tradycj\u0119.<br \/>\nW czasach wielkiej niepewno\u015bci ludzie robi\u0105 to, co intuicyjnie uwa\u017caj\u0105 za s\u0142uszne:<\/p>\n<ul>\n<li>Zapasy materia\u0142\u00f3w eksploatacyjnych<\/li>\n<li>Odroczenie inwestycji<\/li>\n<li>Minimalizacja zobowi\u0105za\u0144<\/li>\n<li>Unikanie ryzyka<\/li>\n<\/ul>\n<p>Nie inaczej zachowuj\u0105 si\u0119 firmy. Gdy sytuacja geopolityczna staje na g\u0142owie, istniej\u0105 trzy typowe reakcje:<\/p>\n<ul>\n<li><strong>Odroczenie decyzji<\/strong>Nowe projekty, zakupy, rekrutacja - wszystko jest odk\u0142adane na dalszy plan.<\/li>\n<li><strong>Koncentracja na kluczowych obszarach<\/strong>Firmy koncentruj\u0105 si\u0119 na tym, co bezpieczne i unikaj\u0105 eksperyment\u00f3w.<\/li>\n<li><strong>Dyscyplina kosztowa i zabezpieczenie p\u0142ynno\u015bci<\/strong>Nie chcesz pozwoli\u0107 sobie na niespodzianki.<\/li>\n<\/ul>\n<p>Wzorce te nie s\u0105 irracjonalne. S\u0105 one niezb\u0119dne do przetrwania - ale prowadz\u0105 do spowolnienia gospodarki jako ca\u0142o\u015bci, co staje si\u0119 szczeg\u00f3lnie widoczne w czasach kryzysu.<\/p>\n<p>Wyja\u015bnia to, dlaczego wiele sektor\u00f3w wydaje si\u0119 mniej dynamicznych pomimo pe\u0142nych portfeli zam\u00f3wie\u0144. Podbudowa zosta\u0142a zachwiana i nikt nie chce by\u0107 tym, kt\u00f3ry dokonuje odwa\u017cnych inwestycji w niew\u0142a\u015bciwym czasie, gdy sytuacja wygl\u0105da jeszcze gorzej jutro.<\/p>\n<h3>Ludzie wyczuwaj\u0105, \u017ce \u201eco\u015b jest nie tak\u201c<\/h3>\n<p>Warto zauwa\u017cy\u0107, \u017ce niepewno\u015b\u0107 ekonomiczna mo\u017ce by\u0107 cz\u0119sto odczuwalna nawet zanim stanie si\u0119 mierzalna. Ludzie intuicyjnie dostrzegaj\u0105 ryzyko geopolityczne - nawet je\u015bli nie czytaj\u0105 szczeg\u00f3\u0142owych analiz. Widz\u0105 obrazy, s\u0142ysz\u0105 wiadomo\u015bci, czuj\u0105 nastr\u00f3j. I nawet je\u015bli media \u0142agodz\u0105 wiele rzeczy, podstawowy ton cz\u0119sto wystarcza, aby wywo\u0142a\u0107 rozproszone uczucie. To uczucie - \u017ce \u201eco\u015b wisi w powietrzu\u201c - ma ogromny wp\u0142yw:<\/p>\n<ol>\n<li><strong>Zmieniaj\u0105ce si\u0119 zachowania konsument\u00f3w<\/strong><br \/>\nLudzie kupuj\u0105 mniej, odk\u0142adaj\u0105 zakupy na p\u00f3\u017aniej i planuj\u0105 ostro\u017cniej. Konsumpcja to nie tylko kwestia pieni\u0119dzy, ale tak\u017ce zaufania do przysz\u0142o\u015bci.<\/li>\n<li><strong>Firmy wyczuwaj\u0105 ostro\u017cnych klient\u00f3w<\/strong><br \/>\nKiedy klienci staj\u0105 si\u0119 bardziej ostro\u017cni, firmy automatycznie r\u00f3wnie\u017c staj\u0105 si\u0119 bardziej ostro\u017cne. Pow\u015bci\u0105gliwo\u015b\u0107 wzajemnie si\u0119 wzmacnia.<\/li>\n<li><strong>Nastroje spo\u0142eczne zmierzaj\u0105 w kierunku alarmu<\/strong><br \/>\nAtmosfera kryzysu prowadzi do polaryzacji politycznej, nieufno\u015bci i zbiorowego napi\u0119cia. Zmniejsza to gotowo\u015b\u0107 do podejmowania ryzyka - a dzia\u0142alno\u015b\u0107 gospodarcza opiera si\u0119 na ryzyku.<\/li>\n<li><strong>Media wzmocni\u0142y lub zaciemni\u0142y percepcj\u0119<\/strong><br \/>\nKiedy obrazy maj\u0105 wi\u0119ksz\u0105 moc ni\u017c s\u0142owa, ale s\u0105 pokazywane tylko w przefiltrowanej formie, powstaje paradoksalna sytuacja: ludzie widz\u0105 mniej, ale czuj\u0105 wi\u0119cej.<\/li>\n<\/ol>\n<p>Ten brak r\u00f3wnowagi sprawia, \u017ce niepewno\u015b\u0107 ro\u015bnie w niekontrolowany spos\u00f3b. Nie dlatego, \u017ce jest uzasadniona, ale dlatego, \u017ce pozostaje bez komentarza.<\/p>\n<h3>Dlaczego parali\u017c gospodarczy jest sygna\u0142em ostrzegawczym<\/h3>\n<p>W konfliktach geopolitycznych parali\u017c gospodarczy nie jest efektem ubocznym - jest wczesnym wska\u017anikiem. Wskazuje, \u017ce system wchodzi w faz\u0119, w kt\u00f3rej ryzyko jest wi\u0119ksze ni\u017c mo\u017cliwo\u015bci. I to jest w\u0142a\u015bnie strukturalne zagro\u017cenie, kt\u00f3re obecnie obserwujemy: Gospodarka nie reaguje przesadnie - reaguje prawid\u0142owo.<\/p>\n<p>W ko\u0144cu eskalacja konfliktu wp\u0142ywa na ceny energii, migracj\u0119, bezpiecze\u0144stwo, handel, rynki finansowe, \u0142a\u0144cuchy dostaw i stabilno\u015b\u0107 polityczn\u0105. Wszystkie te czynniki s\u0105 ze sob\u0105 powi\u0105zane. A je\u015bli znajd\u0105 si\u0119 pod presj\u0105 w tym samym czasie, tworzy to powa\u017cn\u0105 sytuacj\u0119 gospodarcz\u0105, kt\u00f3r\u0105 trudno uniewa\u017cni\u0107.<\/p>\n<p>Mo\u017cna powiedzie\u0107, \u017ce zanim geopolityczna burza stanie si\u0119 widoczna, pierwsz\u0105 rzecz\u0105, kt\u00f3r\u0105 s\u0142yszymy, jest wstrzymanie oddechu przez gospodark\u0119. I w\u0142a\u015bnie tego momentu obecnie do\u015bwiadczamy.<\/p>\n<h3>Kiedy konflikty geopolityczne i decyzje AI zbiegaj\u0105 si\u0119 w czasie<\/h3>\n<p>Ten film w imponuj\u0105cy spos\u00f3b pokazuje, jak \u015bci\u015ble decyzje dotycz\u0105ce polityki bezpiecze\u0144stwa s\u0105 obecnie powi\u0105zane ze zwrotem technologicznym. Podczas gdy USA i Iran wci\u0105\u017c negocjowa\u0142y ze sob\u0105 w Genewie, Waszyngton odrzuci\u0142 wa\u017cn\u0105 umow\u0119 z Anthropic, kt\u00f3ra zosta\u0142a ju\u017c przygotowana zaledwie dzie\u0144 p\u00f3\u017aniej - i zamiast tego podpisa\u0142 kontrakt z OpenAI. Moment ten nie wydaje si\u0119 przypadkowy, poniewa\u017c wsp\u00f3\u0142czesne konflikty tocz\u0105 si\u0119 ju\u017c nie tylko za pomoc\u0105 pocisk\u00f3w i sankcji, ale tak\u017ce za pomoc\u0105 mocy danych, dominacji informacyjnej i infrastruktury sztucznej inteligencji.<\/p>\n<div class=\"lyte-wrapper\" style=\"width:640px;max-width:100%;margin:5px;\"><div class=\"lyMe\" id=\"WYL_LYp3IkUBc20\"><div id=\"lyte_LYp3IkUBc20\" data-src=\"https:\/\/www.markus-schall.de\/wp-content\/plugins\/wp-youtube-lyte\/lyteCache.php?origThumbUrl=%2F%2Fi.ytimg.com%2Fvi%2FLYp3IkUBc20%2Fhqdefault.jpg\" class=\"pL\"><div class=\"tC\"><div class=\"tT\"><\/div><\/div><div class=\"play\"><\/div><div class=\"ctrl\"><div class=\"Lctrl\"><\/div><div class=\"Rctrl\"><\/div><\/div><\/div><noscript><a href=\"https:\/\/youtu.be\/LYp3IkUBc20\" rel=\"nofollow noopener\" target=\"_blank\"><img loading=\"lazy\" decoding=\"async\" src=\"https:\/\/www.markus-schall.de\/wp-content\/plugins\/wp-youtube-lyte\/lyteCache.php?origThumbUrl=https%3A%2F%2Fi.ytimg.com%2Fvi%2FLYp3IkUBc20%2F0.jpg\" alt=\"Miniatura wideo YouTube\" width=\"640\" height=\"340\" \/><br \/>Obejrzyj ten film na YouTube<\/a><\/noscript><\/div><\/div><div class=\"lL\" style=\"max-width:100%;width:640px;margin:5px;\"><\/div><br \/>\nWojna w Iranie: A je\u015bli to nie to, na co wygl\u0105da? |\u00a0<a href=\"https:\/\/www.youtube.com\/@salvatoreprinci\" target=\"_blank\" rel=\"nofollow noopener\">Salvatore Princi<\/a><\/p>\n<p>Autor wideo \u0142\u0105czy te wydarzenia w szerszy obraz: wojna w Iranie nie powinna by\u0107 postrzegana w izolacji, ale jako cz\u0119\u015b\u0107 globalnej zmiany, w kt\u00f3rej interesy geopolityczne, gospodarcze i technologiczne s\u0105 ze sob\u0105 powi\u0105zane. Nie chodzi tylko o Iran i zaanga\u017cowane strony, ale przede wszystkim o wzajemnie powi\u0105zan\u0105 dynamik\u0119 i infrastruktur\u0119 sztucznej inteligencji, <a href=\"https:\/\/www.markus-schall.de\/pl\/2026\/01\/zrozumienie-cyfrowego-pieniadza-bitcoin-stablecoin-i-cbdcs-wyjasnione-w-prosty-sposob\/\"><strong>Kryptowaluty, stabilne monety<\/strong><\/a> i US Genius Act.<\/p>\n<h2>Globalna reorganizacja: Zach\u00f3d traci swoj\u0105 pozycj\u0119<\/h2>\n<p>Je\u015bli trze\u017awo spojrze\u0107 na rozw\u00f3j wydarze\u0144 w ostatnich latach, mo\u017cna rozpozna\u0107 wzorzec, kt\u00f3rego nie mo\u017cna d\u0142u\u017cej przeoczy\u0107: Trwaj\u0105ca od dziesi\u0119cioleci dominacja Zachodu rozpada si\u0119. Nie nagle, nie w jednym dramatycznym wydarzeniu, ale w stopniowej, ale tym bardziej g\u0142\u0119bokiej erozji. Przez dziesi\u0119ciolecia \u015bwiat zachodni polega\u0142 na swoich modelach politycznych, pot\u0119dze gospodarczej i strukturach bezpiecze\u0144stwa, pozostaj\u0105c autorytatywnym w skali globalnej. Ale podczas gdy Zach\u00f3d trwa\u0142 w tej pewno\u015bci siebie, pojawi\u0142y si\u0119 nowe o\u015brodki w\u0142adzy - dynamiczne, zdeterminowane i znacznie mniej zale\u017cne.<\/p>\n<p>Zmiana ta ma tak silny wp\u0142yw w\u0142a\u015bnie dlatego, \u017ce nie wynika ze s\u0142abo\u015bci poszczeg\u00f3lnych pa\u0144stw, ale ze zmiany zbiorowej. Spo\u0142ecze\u0144stwa, kt\u00f3re wcze\u015bniej by\u0142y postrzegane jako odbiorcy zachodniego porz\u0105dku, teraz dochodz\u0105 do g\u0142osu i definiuj\u0105 w\u0142asne interesy. A im silniejsze staj\u0105 si\u0119 te pa\u0144stwa, tym wyra\u017aniej wida\u0107, \u017ce stare hierarchie ju\u017c nie obowi\u0105zuj\u0105.<\/p>\n<p>Nie oznacza to, \u017ce Zach\u00f3d znika. Ale jego monopol na porz\u0105dek, interpretacj\u0119 i organizacj\u0119 geopolityczn\u0105 dobiega ko\u0144ca. I to w\u0142a\u015bnie ta zmiana zbiega si\u0119 z obecn\u0105 eskalacj\u0105 - dlatego konflikt jest tak niebezpieczny, a jednocze\u015bnie tak symptomatyczny.<\/p>\n<h3>Wzrost Po\u0142udnia: Iran, Turcja, Indie, \u015bwiat arabski i BRICS<\/h3>\n<p>Podczas gdy Zach\u00f3d stara\u0142 si\u0119 zachowa\u0107 istniej\u0105cy porz\u0105dek, inne regiony pracowa\u0142y nad zwi\u0119kszeniem swojej roli. Jest to szczeg\u00f3lnie widoczne w krajach takich jak Turcja, Indie i Arabia Saudyjska - pa\u0144stwach, kt\u00f3re dzi\u015b nie s\u0105 jedynie regionalnymi pot\u0119gami.<\/p>\n<ol>\n<li><strong>Turcja<\/strong><br \/>\nOd lat dzia\u0142a jako niezale\u017cny czynnik w\u0142adzy mi\u0119dzy Wschodem a Zachodem. Kupuje bro\u0144 wsz\u0119dzie tam, gdzie jest to korzystne, zawiera sojusze w zale\u017cno\u015bci od potrzeb i realizuje jasne interesy geopolityczne. Turcja pokazuje, jak elastycznie mog\u0105 dzia\u0142a\u0107 nowoczesne pa\u0144stwa, gdy nie czuj\u0105 si\u0119 ju\u017c zwi\u0105zane strukturami starych sojuszy.<\/li>\n<li><strong>Indie<\/strong><br \/>\nIndie nie s\u0105 ju\u017c postronnym obserwatorem, ale jedn\u0105 z centralnych si\u0142 w globalnym uk\u0142adzie si\u0142. Silne gospodarczo, demograficznie m\u0142ode, geopolitycznie pewne siebie - i coraz bardziej niezale\u017cne. Indie pokazuj\u0105 \u015bwiatu zachodniemu, \u017ce stabilno\u015b\u0107 i wzrost niekoniecznie s\u0105 zwi\u0105zane z zachodnimi modelami. Indie dzia\u0142aj\u0105 tam, gdzie jest to korzystne - a nie tam, gdzie oczekuje si\u0119 lojalno\u015bci.<\/li>\n<li><strong>Arabia Saudyjska i \u015bwiat arabski<\/strong><br \/>\nRegion arabski wyemancypowa\u0142 si\u0119 z roli dostawcy surowc\u00f3w. Arabia Saudyjska inwestuje w technologie, infrastruktur\u0119, mi\u0119dzynarodowe sojusze i niezale\u017cno\u015b\u0107 energetyczn\u0105. Pa\u0144stwo to jest teraz mediatorem, inwestorem, regionalnym czynnikiem w\u0142adzy - i jest coraz bardziej niezale\u017cne od Zachodu.<\/li>\n<li><strong>BRICS i nowa wielobiegunowo\u015b\u0107<\/strong><br \/>\nJednocze\u015bnie rozwija si\u0119 sie\u0107, kt\u00f3ra otwarcie rzuca wyzwanie Zachodowi: <a href=\"https:\/\/www.markus-schall.de\/pl\/2026\/02\/czym-jest-brics-a-czym-nie-jest-historia-gospodarka-i-klasyfikacja-geopolityczna\/\"><strong>BRICS<\/strong><\/a>. Unia, kt\u00f3ra nie sk\u0142ada si\u0119 ju\u017c z pojedynczych pa\u0144stw, ale z rosn\u0105cej listy kraj\u00f3w, kt\u00f3re \u015bwiadomie poszukuj\u0105 alternatywy dla systemu zdominowanego przez Zach\u00f3d - ekonomicznie, politycznie i coraz cz\u0119\u015bciej tak\u017ce finansowo.<\/li>\n<\/ol>\n<p>Struktura ta nie jest stabilna, ale jest atrakcyjna dla tych, kt\u00f3rzy maj\u0105 do\u015b\u0107 dominacji Zachodu. Coraz wi\u0119cej kraj\u00f3w postrzega \u015brodowisko BRICS nie tylko jako alternatyw\u0119, ale jako okazj\u0119 do wywierania wp\u0142ywu.<\/p>\n<h3>Nowa rzeczywisto\u015b\u0107: Zach\u00f3d jest tylko jednym z wielu graczy<\/h3>\n<p>Decyduj\u0105ca zmiana jest nast\u0119puj\u0105ca: Zach\u00f3d nie nadaje ju\u017c tempa \u015bwiatowej polityce. Jest jednym z wielu graczy - z mocnymi stronami, ale tak\u017ce z rosn\u0105cymi s\u0142abo\u015bciami. Podczas gdy Zach\u00f3d pr\u00f3buje broni\u0107 dawnych struktur, inni buduj\u0105 nowe.<\/p>\n<ul>\n<li><strong>Utrata autorytetu moralnego<\/strong><br \/>\nPrzez dziesi\u0119ciolecia Zach\u00f3d wierzy\u0142, \u017ce mo\u017ce podejmowa\u0107 globalne decyzje nie tylko w zakresie system\u00f3w politycznych, ale tak\u017ce w kwestiach moralnych. Dzi\u015b jednak zachodnie standardy s\u0105 coraz cz\u0119\u015bciej postrzegane jako wybi\u00f3rcze, oparte na interesach lub przestarza\u0142e. Kraje takie jak Indie czy Turcja nie s\u0105 ju\u017c pod wra\u017ceniem moralnej retoryki - domagaj\u0105 si\u0119 pragmatycznych rozwi\u0105za\u0144.<\/li>\n<li><strong>Zale\u017cno\u015bci gospodarcze uleg\u0142y zmianie<\/strong><br \/>\nGlobalna gospodarka by\u0142a kiedy\u015b zale\u017cna od Zachodu. Dzi\u015b Zach\u00f3d jest zale\u017cny od globalnych \u0142a\u0144cuch\u00f3w dostaw, kt\u00f3rych ju\u017c nie kontroluje. Energia, surowce, produkcja - wszystko przenios\u0142o si\u0119 na Wsch\u00f3d lub Po\u0142udnie. I to w\u0142a\u015bnie sprawia, \u017ce zachodnie sankcje lub \u015brodki nacisku s\u0105 mniej skuteczne.<\/li>\n<li><strong>Dominacja militarna nie mo\u017ce by\u0107 ju\u017c traktowana jako co\u015b oczywistego<\/strong><br \/>\nZach\u00f3d straci\u0142 r\u00f3wnie\u017c swoj\u0105 przewag\u0119 w zakresie polityki bezpiecze\u0144stwa. Podczas gdy USA pozostaj\u0105 silne, pa\u0144stwa europejskie trac\u0105 strategiczne znaczenie. Nowi gracze nauczyli si\u0119 wykorzystywa\u0107 \u015brodki asymetryczne: Dron\u00f3w, rakiet, operacji cybernetycznych, struktur proxy. To w\u0142a\u015bnie te \u015brodki mo\u017cna wyra\u017anie dostrzec w konflikcie w Iranie - i podwa\u017caj\u0105 one tradycyjne zachodnie dzia\u0142ania wojenne.<\/li>\n<li><strong>Wielobiegunowo\u015b\u0107 zamiast my\u015blenia blokowego<\/strong><br \/>\nNie \u017cyjemy ju\u017c w \u015bwiecie dwubiegunowym lub jednobiegunowym. Nowy porz\u0105dek \u015bwiata jest wielobiegunowy - a systemy wielobiegunowe s\u0105 bardziej niestabilne, poniewa\u017c nie ma centralnej w\u0142adzy, kt\u00f3ra mog\u0142aby powstrzyma\u0107 kryzysy. Ka\u017cdy gracz ma swoje w\u0142asne interesy, a sojusze zmieniaj\u0105 si\u0119 szybciej ni\u017c wcze\u015bniej.<\/li>\n<\/ul>\n<p>W przypadku obecnego kryzysu oznacza to, \u017ce nie ma ju\u017c nikogo, kto m\u00f3g\u0142by niezawodnie powstrzyma\u0107 eskalacj\u0119.<\/p>\n<h3>Strategiczne nieporozumienia Zachodu w konflikcie na Bliskim Wschodzie<\/h3>\n<div style=\"overflow-x: auto;\">\n<table style=\"width: 100%;\">\n<tbody>\n<tr style=\"background: #f2f2f2;\">\n<td><strong>B\u0142\u0119dne przekonanie<\/strong><\/td>\n<td><strong>Dlaczego nie ma ju\u017c zastosowania<\/strong><\/td>\n<td><strong>Konsekwencje dla obecnej sytuacji<\/strong><\/td>\n<\/tr>\n<tr>\n<td>Zach\u00f3d mo\u017ce stabilizowa\u0107 konflikty w dowolnym momencie.<\/td>\n<td>Wielobiegunowe relacje w\u0142adzy os\u0142abi\u0142y dawn\u0105 dominacj\u0119.<\/td>\n<td>Nie ma ju\u017c niezawodnego zewn\u0119trznego hamulca dla eskalacji.<\/td>\n<\/tr>\n<tr>\n<td>Dyplomacja wystarczy, by roz\u0142adowa\u0107 egzystencjalne konflikty.<\/td>\n<td>Obaj gracze utkn\u0119li w \u015blepych zau\u0142kach polityki bezpiecze\u0144stwa.<\/td>\n<td>Negocjacje maj\u0105 ograniczony efekt, cz\u0119sto czysto symboliczny.<\/td>\n<\/tr>\n<tr>\n<td>Regionalni gracze automatycznie dostosowuj\u0105 si\u0119 do zachodnich oczekiwa\u0144.<\/td>\n<td>Iran, Turcja, Indie i Arabia Saudyjska w coraz wi\u0119kszym stopniu realizuj\u0105 w\u0142asne interesy.<\/td>\n<td>Zach\u00f3d traci wp\u0142ywy i strategiczn\u0105 kontrol\u0119.<\/td>\n<\/tr>\n<\/tbody>\n<\/table>\n<\/div>\n<h3>Dlaczego ta globalna reorganizacja sprawia, \u017ce obecny konflikt jest wybuchowy?<\/h3>\n<p>Eskalacja konfliktu mi\u0119dzy Izraelem a Iranem by\u0142aby niebezpieczna sama w sobie. Jednak staje si\u0119 ona w pe\u0142ni wybuchowa dopiero na tle nowego globalnego porz\u0105dku. W \u015bwiecie, w kt\u00f3rym Zach\u00f3d przesta\u0142 wyra\u017anie dominowa\u0107, apele, sankcje i naciski dyplomatyczne trac\u0105 na sile. Jednocze\u015bnie nowi gracze wykorzystuj\u0105 sytuacj\u0119 do definiowania w\u0142asnych interes\u00f3w - niezale\u017cnie od starych struktur.<\/p>\n<p>Iran testuje granice nie tylko z Izraelem, ale tak\u017ce z Zachodem, kt\u00f3ry nie jest ju\u017c tak asertywny jak w poprzednich dekadach. I robi to wiedz\u0105c, \u017ce pa\u0144stwa takie jak Turcja, Indie i Arabia Saudyjska pod\u0105\u017caj\u0105 w\u0142asn\u0105 drog\u0105, zamiast automatycznie popiera\u0107 stanowiska Zachodu.<\/p>\n<p>Zach\u00f3d stoi zatem przed podw\u00f3jnym wyzwaniem: musi przezwyci\u0119\u017cy\u0107 kryzys, kt\u00f3rego nie kontroluje. Jednocze\u015bnie musi zaakceptowa\u0107 fakt, \u017ce nie jest ju\u017c centraln\u0105 si\u0142\u0105, kt\u00f3ra mo\u017ce definiowa\u0107 takie konflikty. To w\u0142a\u015bnie ta kombinacja sprawia, \u017ce sytuacja jest tak niebezpieczna - i tak charakterystyczna dla naszych czas\u00f3w.<\/p>\n<p><img loading=\"lazy\" decoding=\"async\" class=\"alignnone wp-image-5222 size-full\" src=\"https:\/\/www.markus-schall.de\/wp-content\/uploads\/Israel-Iran-Strategischer-Albtraum-Domino.jpg\" alt=\"Dlaczego trudno jest zatrzyma\u0107 spiral\u0119 eskalacji?\" width=\"1024\" height=\"683\" srcset=\"https:\/\/www.markus-schall.de\/wp-content\/uploads\/Israel-Iran-Strategischer-Albtraum-Domino.jpg 1024w, https:\/\/www.markus-schall.de\/wp-content\/uploads\/Israel-Iran-Strategischer-Albtraum-Domino-300x200.jpg 300w, https:\/\/www.markus-schall.de\/wp-content\/uploads\/Israel-Iran-Strategischer-Albtraum-Domino-768x512.jpg 768w, https:\/\/www.markus-schall.de\/wp-content\/uploads\/Israel-Iran-Strategischer-Albtraum-Domino-18x12.jpg 18w\" sizes=\"auto, (max-width: 1024px) 100vw, 1024px\" \/><\/p>\n<h2>Spirala eskalacji: dlaczego tak trudno j\u0105 zatrzyma\u0107<\/h2>\n<p>Aby zrozumie\u0107, dlaczego konflikt mi\u0119dzy Izraelem a Iranem sta\u0142 si\u0119 tak niebezpieczny, nale\u017cy najpierw zda\u0107 sobie spraw\u0119, \u017ce obaj aktorzy znajduj\u0105 si\u0119 w strukturalnym dylemacie. Nie dlatego, \u017ce s\u0105 irracjonalni. Ale dlatego, \u017ce ich polityczne, historyczne i psychologiczne linie doprowadzi\u0142y ich do pozycji, z kt\u00f3rych odwr\u00f3t jest prawie niemo\u017cliwy.<\/p>\n<p>Izrael znajduje si\u0119 pod ogromn\u0105 wewn\u0119trzn\u0105 presj\u0105 polityczn\u0105. Kraj ten od dziesi\u0119cioleci \u017cyje w rzeczywisto\u015bci egzystencjalnego zagro\u017cenia. Ka\u017cda postrzegana s\u0142abo\u015b\u0107 jest natychmiast wykorzystywana politycznie. Jakakolwiek pow\u015bci\u0105gliwo\u015b\u0107 wobec w\u0142asnej ludno\u015bci jest postrzegana jako zdrada bezpiecze\u0144stwa. A kiedy pociski rakietowe uderzaj\u0105, a systemy obronne osi\u0105gaj\u0105 swoje limity w tym samym czasie, tworzy si\u0119 nastr\u00f3j, w kt\u00f3rym si\u0142a militarna wydaje si\u0119 by\u0107 jedyn\u0105 opcj\u0105.<\/p>\n<p>Z drugiej strony, Iran postrzega ka\u017cdy odwr\u00f3t jako oznak\u0119 s\u0142abo\u015bci. Re\u017cim opiera swoj\u0105 legitymizacj\u0119 na oporze, niez\u0142omno\u015bci i regionalnej projekcji si\u0142y. Poddanie si\u0119 Izraelowi lub USA by\u0142oby trudne do przetrwania w kraju. Zewn\u0119trznie pokaza\u0142oby to, \u017ce Iran traci czynnik odstraszaj\u0105cy, kt\u00f3ry budowa\u0142 przez dziesi\u0119ciolecia.<\/p>\n<p>Oznacza to, \u017ce obie strony utkn\u0119\u0142y w sytuacji, w kt\u00f3rej ust\u0119pstwo wydaje si\u0119 bardziej niebezpieczne ni\u017c eskalacja. To klasyczna pu\u0142apka w polityce mi\u0119dzynarodowej - i dok\u0142adnie punkt, w kt\u00f3rym zaczyna si\u0119 spirala.<\/p>\n<h3>W\u0119ze\u0142 psychologiczny<\/h3>\n<p>Je\u015bli dwa kraje wierz\u0105, \u017ce ich bezpiecze\u0144stwo mo\u017cna zagwarantowa\u0107 jedynie poprzez tward\u0105 polityk\u0119, trac\u0105 zdolno\u015b\u0107 dostrzegania realnych alternatyw. Nie jest to wina zaanga\u017cowanych os\u00f3b, ale problem strukturalny: polityka bezpiecze\u0144stwa, kt\u00f3ra utrwali\u0142a si\u0119 przez dziesi\u0119ciolecia, nie mo\u017ce by\u0107 po prostu zmieniona decyzj\u0105 woli.<\/p>\n<p>I to w\u0142a\u015bnie sprawia, \u017ce obecna sytuacja jest tak niestabilna.<\/p>\n<h3>Podmioty zewn\u0119trzne, kt\u00f3re mog\u0105 interweniowa\u0107 tylko w ograniczonym zakresie<\/h3>\n<p>We wcze\u015bniejszych konfliktach cz\u0119sto istnia\u0142y zewn\u0119trzne pot\u0119gi, kt\u00f3re by\u0142y w stanie powstrzyma\u0107 eskalacj\u0119 - poprzez dyplomacj\u0119, naciski, gwarancje lub po prostu dzi\u0119ki swojej przewadze si\u0142owej. Ale dzi\u015b \u015bwiat si\u0119 zmieni\u0142.<\/p>\n<ul>\n<li><strong>USA: niezdecydowani z powodu przeci\u0105\u017cenia<\/strong><br \/>\nStany Zjednoczone mog\u0105 by\u0107 silne militarnie, ale s\u0105 os\u0142abione politycznie. Wewn\u0119trzne podzia\u0142y polityczne, presja gospodarcza i globalne zobowi\u0105zania ograniczaj\u0105 ich zdolno\u015b\u0107 do wyznaczania jasnych granic na Bliskim Wschodzie. Mog\u0105 m\u00f3wi\u0107, ostrzega\u0107, wspiera\u0107 - ale nie mog\u0105 ju\u017c dzia\u0142a\u0107 z dawn\u0105 suwerenno\u015bci\u0105, kt\u00f3ra od dawna by\u0142a ich znakiem rozpoznawczym. Jest to druzgoc\u0105ce dla Izraela. Dla Iranu jest to zaproszenie.<\/li>\n<li><strong>Europa: pot\u0119ga bez w\u0142adzy<\/strong><br \/>\nEuropa jest w tym konflikcie nieistotna. Chocia\u017c pojawiaj\u0105 si\u0119 apele, \u017c\u0105dania i propozycje dyplomatyczne, wydaj\u0105 si\u0119 one szumem w tle. \u017baden z dw\u00f3ch graczy nie koncentruje swojej strategii na Europie. Obie strony doskonale zdaj\u0105 sobie z tego spraw\u0119.<\/li>\n<li><strong>Rosja i Chiny: wp\u0142yw, ale brak kontroli<\/strong><br \/>\nRosja i Chiny utrzymuj\u0105 stosunki z Iranem, ale nie maj\u0105 nad nim kontroli. Obie strony czerpi\u0105 korzy\u015bci geopolityczne z os\u0142abionego Zachodu, ale nie s\u0105 zainteresowane po\u017cog\u0105 na Bliskim Wschodzie. Brakuje im jednak zdolno\u015bci - i woli - by zmusi\u0107 ira\u0144skich przyw\u00f3dc\u00f3w do obrania okre\u015blonego kierunku.<\/li>\n<li><strong>Pa\u0144stwa arabskie: Rozdarte interesy<\/strong><br \/>\nWiele pa\u0144stw arabskich znajduje si\u0119 pomi\u0119dzy dwoma \u015bwiatami: Z jednej strony solidarno\u015b\u0107 religijna i kulturowa z krajami muzu\u0142ma\u0144skimi. Z drugiej strony, partnerstwo w zakresie polityki gospodarczej i bezpiecze\u0144stwa z Zachodem, a w niekt\u00f3rych przypadkach nawet z Izraelem. Ta ambiwalencja prowadzi do biernej postawy: obserwujemy i czekamy.<\/li>\n<\/ul>\n<p>Rezultat: spirala bez hamulc\u00f3w. Kluczow\u0105 kwesti\u0105 jest to, \u017ce nie ma ju\u017c zewn\u0119trznego aktora, kt\u00f3ry by\u0142by wystarczaj\u0105co wiarygodny, silny i zdeterminowany, aby bezpiecznie zatrzyma\u0107 eskalacj\u0119. I tak spirala toczy si\u0119 dalej.<\/p>\n<hr \/>\n<h3>Aktualne badanie dotycz\u0105ce mo\u017cliwego przypadku napi\u0119cia w Niemczech<\/h3>\n<div class='bootstrap-yop yop-poll-mc'>\n\t\t\t\t\t\t\t<div class=\"basic-yop-poll-container\" style=\"background-color:#ffffff; border:0px; border-style:solid; border-color:#000000; border-radius:5px; padding:0px 5px;\" data-id=\"6\" data-temp=\"basic-pretty\" data-skin=\"square\" data-cscheme=\"blue\" data-cap=\"0\" data-access=\"guest\" data-tid=\"\" data-uid=\"b65d1565df8e8459d6b5598b56b3263d\" data-pid=\"4169\" data-resdet=\"votes-number,percentages\" data-show-results-to=\"guest\" data-show-results-moment=\"after-vote\" data-show-results-only=\"false\" data-show-message=\"true\" data-show-results-as=\"bar\" data-sort-results-by=\"as-defined\" data-sort-results-rule=\"asc\"data-is-ended=\"0\" data-percentages-decimals=\"2\" data-gdpr=\"no\" data-gdpr-sol=\"consent\" data-css=\".basic-yop-poll-container[data-uid] .basic-vote {\t\t\t\t\t\t\t\t\ttext-align: center;\t\t\t\t\t\t\t\t}\" data-counter=\"0\" data-load-with=\"1\" data-notification-section=\"top\"><div class=\"row\"><div class=\"col-md-12\"><div class=\"basic-inner\"><div class=\"basic-message hide\" style=\"border-left: 10px solid #008000; padding: 0px 10px;\" data-error=\"#ff0000\" data-success=\"#008000\"><p class=\"basic-message-text\" style=\"color:#000000; font-size:14px; font-weight:normal;\"><\/p><\/div><div class=\"basic-overlay hide\"><div class=\"basic-vote-options\"><\/div><div class=\"basic-preloader\"><div class=\"basic-windows8\"><div class=\"basic-wBall basic-wBall_1\"><div class=\"basic-wInnerBall\"><\/div><\/div><div class=\"basic-wBall basic-wBall_2\"><div class=\"basic-wInnerBall\"><\/div><\/div><div class=\"basic-wBall basic-wBall_3\"><div class=\"basic-wInnerBall\"><\/div><\/div><div class=\"basic-wBall basic-wBall_4\"><div class=\"basic-wInnerBall\"><\/div><\/div><div class=\"basic-wBall basic-wBall_5\"><div class=\"basic-wInnerBall\"><\/div><\/div><\/div><\/div><\/div><form class=\"basic-form\" action=\"\"><input type=\"hidden\" name=\"_token\" value=\"b03e884d24\" autocomplete=\"off\"><div class=\"basic-elements\"><div class=\"basic-element basic-question basic-question-text-vertical\" data-id=\"6\" data-uid=\"cf117dd70111363bf8c16ec22c45bd06\" data-type=\"question\" data-question-type=\"text\" data-required=\"yes\" data-allow-multiple=\"no\" data-min=\"1\" data-max=\"7\" data-display=\"vertical\" data-colnum=\"\" data-display-others=\"no\" data-others-color=\"\" data-others=\"\" data-others-max-chars=\"0\"><div class=\"basic-question-title\"><h5 style=\"color:#000000; font-size:16px; font-weight:normal; text-align:left;\">Jak dobrze osobi\u015bcie czujesz si\u0119 przygotowany na ewentualny przypadek napi\u0119cia (np. kryzys lub wojn\u0119)?<\/h5><\/div><ul class=\"basic-answers\"><li class=\"basic-answer\" style=\"padding:0px 0px;\" data-id=\"24\" data-type=\"text\" data-vn=\"19\" data-color=\"#000000\" data-make-link=\"no\" data-link=\"\"><div class=\"basic-answer-content basic-text-vertical\"><label for=\"answer[24]\" class=\"basic-answer-label\"><input type=\"radio\" id=\"answer[24]\" name=\"answer[6]\" value=\"24\"><span class=\"basic-text\" style=\"color: #000000; font-size: 14px; font-weight: normal;\">Bardzo dobrze - mam zapasy, wiedz\u0119 i plan<\/span><\/label><\/div><\/li><li class=\"basic-answer\" style=\"padding:0px 0px;\" data-id=\"25\" data-type=\"text\" data-vn=\"36\" data-color=\"#000000\" data-make-link=\"no\" data-link=\"\"><div class=\"basic-answer-content basic-text-vertical\"><label for=\"answer[25]\" class=\"basic-answer-label\"><input type=\"radio\" id=\"answer[25]\" name=\"answer[6]\" value=\"25\"><span class=\"basic-text\" style=\"color: #000000; font-size: 14px; font-weight: normal;\">Raczej dobre - przemy\u015bla\u0142em to troch\u0119<\/span><\/label><\/div><\/li><li class=\"basic-answer\" style=\"padding:0px 0px;\" data-id=\"26\" data-type=\"text\" data-vn=\"59\" data-color=\"#000000\" data-make-link=\"no\" data-link=\"\"><div class=\"basic-answer-content basic-text-vertical\"><label for=\"answer[26]\" class=\"basic-answer-label\"><input type=\"radio\" id=\"answer[26]\" name=\"answer[6]\" value=\"26\"><span class=\"basic-text\" style=\"color: #000000; font-size: 14px; font-weight: normal;\">Raczej nie - mam tylko nadziej\u0119, \u017ce nic si\u0119 nie stanie<\/span><\/label><\/div><\/li><li class=\"basic-answer\" style=\"padding:0px 0px;\" data-id=\"27\" data-type=\"text\" data-vn=\"13\" data-color=\"#000000\" data-make-link=\"no\" data-link=\"\"><div class=\"basic-answer-content basic-text-vertical\"><label for=\"answer[27]\" class=\"basic-answer-label\"><input type=\"radio\" id=\"answer[27]\" name=\"answer[6]\" value=\"27\"><span class=\"basic-text\" style=\"color: #000000; font-size: 14px; font-weight: normal;\">Wcale nie - celowo nie poruszam tego tematu<\/span><\/label><\/div><\/li><li class=\"basic-answer\" style=\"padding:0px 0px;\" data-id=\"28\" data-type=\"text\" data-vn=\"17\" data-color=\"#000000\" data-make-link=\"no\" data-link=\"\"><div class=\"basic-answer-content basic-text-vertical\"><label for=\"answer[28]\" class=\"basic-answer-label\"><input type=\"radio\" id=\"answer[28]\" name=\"answer[6]\" value=\"28\"><span class=\"basic-text\" style=\"color: #000000; font-size: 14px; font-weight: normal;\">Czym w og\u00f3le jest \u201espadek napi\u0119cia\u201c?<\/span><\/label><\/div><\/li><\/ul><\/div><div class=\"clearfix\"><\/div><\/div><div class=\"basic-vote\"><a href=\"#\" class=\"button basic-vote-button\" role=\"button\" style=\"background:#027bb8; border:0px; border-style: solid; border-color:#000000; border-radius:5px; padding:10px 10px; color:#ffffff; font-size:14px; font-weight:normal;\">G\u0142osowanie<\/a><\/div><input type=\"hidden\" name=\"trp-form-language\" value=\"pl\"\/><\/form><\/div><\/div><\/div><\/div>\n\t\t\t\t\t\t<\/div>\n<hr \/>\n<h3>Najbardziej niebezpieczny moment: faza na kr\u00f3tko przed utrat\u0105 kontroli<\/h3>\n<p>W historii najwi\u0119kszych konflikt\u00f3w zawsze istnia\u0142 jeden moment, kt\u00f3ry by\u0142 szczeg\u00f3lnie niebezpieczny: nie sam moment wojny, ale faza do niej prowadz\u0105ca. Faza, w kt\u00f3rej wszyscy zaanga\u017cowani wierz\u0105, \u017ce nadal maj\u0105 kontrol\u0119 - nawet je\u015bli zosta\u0142a ona ju\u017c skutecznie utracona. Faza ta charakteryzuje si\u0119 czterema mechanizmami:<\/p>\n<ol>\n<li><strong>B\u0142\u0119dne interpretacje<\/strong><br \/>\nW napi\u0119tej sytuacji ka\u017cdy sygna\u0142 jest nadinterpretowany:<br \/>\n- \u0106wiczenia wojskowe wygl\u0105daj\u0105 jak przygotowania do ataku.<br \/>\n- O\u015bwiadczenie polityczne jak gro\u017aba.<br \/>\n- Samolot w niew\u0142a\u015bciwej strefie jak atak.<br \/>\nIm wi\u0119kszy strach, tym mniejsza zdolno\u015b\u0107 do trze\u017awej analizy sytuacji.<\/li>\n<li><strong>Krajowa presja polityczna<\/strong><br \/>\nKiedy rz\u0105dy obawiaj\u0105 si\u0119 o swoj\u0105 wiarygodno\u015b\u0107, reaguj\u0105 szybciej, mocniej i bardziej impulsywnie. Nie dlatego, \u017ce chc\u0105, ale dlatego, \u017ce wierz\u0105, \u017ce musz\u0105. Dok\u0142adnie to obserwujemy obecnie w przypadku Izraela i Iranu.<\/li>\n<li><strong>Automatyczna eskalacja<\/strong><br \/>\nSystemy wojskowe realizuj\u0105 zautomatyzowane procesy:<br \/>\n- Pociski s\u0105 przechwytywane.<br \/>\n- Cele s\u0105 oznaczone.<br \/>\n- \u015arodki zaradcze aktywowane.<br \/>\nW takich systemach wystarcz\u0105 sekundy, by podj\u0105\u0107 b\u0142\u0119dne decyzje.<\/li>\n<li><strong>Dynamika proxy<\/strong><br \/>\nMilicje, grupy, autonomiczni aktorzy - mog\u0105 wywo\u0142a\u0107 dzia\u0142ania, kt\u00f3rych ani Izrael, ani Iran nie zaplanowa\u0142y. Ka\u017cde z tych dzia\u0142a\u0144 mo\u017ce zosta\u0107 zinterpretowane przez drug\u0105 stron\u0119 jako bezpo\u015brednie dzia\u0142anie pa\u0144stwa.<\/li>\n<\/ol>\n<h3>Dlaczego w\u0142a\u015bnie ten moment jest najbardziej niebezpieczny<\/h3>\n<p>Poniewa\u017c tworzy iluzj\u0119 kontroli. Poniewa\u017c sprawia, \u017ce politycy wierz\u0105, \u017ce wci\u0105\u017c mog\u0105 interweniowa\u0107 na czas. Poniewa\u017c sprawia, \u017ce wojskowi wierz\u0105, \u017ce ich planowanie jest solidne. I poniewa\u017c jednocze\u015bnie spe\u0142nia wszystkie warunki niezamierzonego piek\u0142a.<\/p>\n<p>Kr\u00f3tko m\u00f3wi\u0105c, znajdujemy si\u0119 w fazie, w kt\u00f3rej ka\u017cde dzia\u0142anie - nawet defensywne - mo\u017ce by\u0107 postrzegane jako ruch ofensywny.<br \/>\nJest to rodzaj logiki eskalacji, kt\u00f3ra wielokrotnie prowadzi\u0142a do katastrof na przestrzeni dziej\u00f3w.<\/p>\n<h3>Czynniki prowadz\u0105ce do eskalacji konfliktu izraelsko-ira\u0144skiego<\/h3>\n<div style=\"overflow-x: auto;\">\n<table style=\"border-collapse: collapse; width: 100%;\">\n<tbody>\n<tr style=\"background: #f2f2f2;\">\n<td><strong>Sterownik eskalacji<\/strong><\/td>\n<td><strong>Opis<\/strong><\/td>\n<td><strong>Wp\u0142yw strategiczny<\/strong><\/td>\n<\/tr>\n<tr>\n<td><strong>Krajowa presja polityczna<\/strong><\/td>\n<td>Oba kraje musz\u0105 wykaza\u0107 si\u0119 twardo\u015bci\u0105, je\u015bli nie chc\u0105 by\u0107 postrzegane jako s\u0142abe.<\/td>\n<td>Zmniejsza pole do kompromisu.<\/td>\n<\/tr>\n<tr>\n<td><strong>Asymetryczne technologie wojenne<\/strong><\/td>\n<td>Masowe wykorzystanie dron\u00f3w, pocisk\u00f3w rakietowych, proxy i cyberatak\u00f3w.<\/td>\n<td>Przeci\u0105\u017ca systemy obronne, zwi\u0119ksza ryzyko b\u0142\u0119d\u00f3w.<\/td>\n<\/tr>\n<tr>\n<td><strong>Brak mo\u017cliwo\u015bci zewn\u0119trznej mediacji<\/strong><\/td>\n<td>USA os\u0142abione, Europa bardziej nieistotna, Chiny i Rosja ograniczone.<\/td>\n<td>Spirala eskalacji trwa nieprzerwanie.<\/td>\n<\/tr>\n<\/tbody>\n<\/table>\n<\/div>\n<hr \/>\n\n\t\t\t<div class=\"display-post-types\">\n\n\t\t\t\t\t\t\t<style type=\"text\/css\">\n\t\t\t#dpt-wrapper-995 { --dpt-text-align: left;--dpt-image-crop: center;--dpt-border-radius: 5px;--dpt-h-gutter: 10px;--dpt-v-gutter: 10px; }\t\t\t<\/style>\n\t\t\t<style type=\"text\/css\">#dpt-wrapper-995 { --dpt-title-font-style:normal;--dpt-title-font-weight:600;--dpt-title-line-height:1.5;--dpt-title-text-decoration:none;--dpt-title-text-transform:none;--dpt-excerpt-font-style:normal;--dpt-excerpt-font-weight:400;--dpt-excerpt-line-height:1.5;--dpt-excerpt-text-decoration:none;--dpt-excerpt-text-transform:none;--dpt-meta1-font-style:normal;--dpt-meta1-font-weight:400;--dpt-meta1-line-height:1.9;--dpt-meta1-text-decoration:none;--dpt-meta1-text-transform:none;--dpt-meta2-font-style:normal;--dpt-meta2-font-weight:400;--dpt-meta2-line-height:1.9;--dpt-meta2-text-decoration:none;--dpt-meta2-text-transform:none; }<\/style><div class=\"dpt-main-header\">\n\t\t\t\t\t\t<div class=\"dpt-main-title\">\n\t\t\t\t\t\t\t<span class=\"dpt-main-title-text\">Aktualne artyku\u0142y na temat Niemiec<\/span>\n\t\t\t\t\t\t<\/div>\n\t\t\t\t\t\t\n\t\t\t\t\t\t\n\t\t\t\t\t\t\n\t\t\t\t\t\t<\/div>\t\t\t\n\t\t\t\t<div id=\"dpt-wrapper-995\" class=\"dpt-wrapper dpt-list2 land1 dpt-cropped dpt-flex-wrap\" >\n\n\t\t\t\t\t\t\t\t\t\t\t<div class=\"dpt-entry has-thumbnail\" data-title=\"ulrike gu\u00e9rot: eine europ\u00e4erin zwischen idee, universit\u00e4t und \u00f6ffentlichem diskurs\" data-id=\"4039\"  data-category=\"allgemein gesellschaft kunst &amp; kultur\" data-post_tag=\"denkmodelle deutschland europa geopolitik krisen meinungsfreiheit portrait sicherheitspolitik spieltheorie\">\n\t\t\t\t\t\t\t<div class=\"dpt-entry-wrapper\"><div class=\"dpt-featured-content\"><div class=\"dpt-permalink\"><a href=\"https:\/\/www.markus-schall.de\/pl\/2025\/12\/ulrike-guerot-europejka-miedzy-idea-uniwersytetu-a-dyskursem-publicznym\/\" class=\"dpt-permalink\"><span class=\"screen-reader-text\">Ulrike Gu\u00e9rot: Europejka mi\u0119dzy ide\u0105, uniwersytetem i dyskursem publicznym<\/span><\/a><\/div><div class=\"dpt-thumbnail\"><div class=\"dpt-thumbnail-inner\"><img width=\"1024\" height=\"683\" class=\"attachment-full size-full\" alt=\"Ulrike Gu\u00e9rot i Europa\" context=\"dpt\" data-dpt-src=\"https:\/\/www.markus-schall.de\/wp-content\/uploads\/ulrike-guerot-portrait.jpg\" data-dpt-sizes=\"(max-width: 1024px) 100vw, 1024px\" data-dpt-srcset=\"https:\/\/www.markus-schall.de\/wp-content\/uploads\/ulrike-guerot-portrait.jpg 1024w, https:\/\/www.markus-schall.de\/wp-content\/uploads\/ulrike-guerot-portrait-300x200.jpg 300w, https:\/\/www.markus-schall.de\/wp-content\/uploads\/ulrike-guerot-portrait-768x512.jpg 768w, https:\/\/www.markus-schall.de\/wp-content\/uploads\/ulrike-guerot-portrait-18x12.jpg 18w\" \/><\/div><span class=\"dpt-thumbnail-aspect-ratio\" style=\"padding-top: 75%\"><\/span><\/div><\/div><div class=\"sub-entry\"><h3 class=\"dpt-title\"><a class=\"dpt-title-link\" href=\"https:\/\/www.markus-schall.de\/pl\/2025\/12\/ulrike-guerot-europejka-miedzy-idea-uniwersytetu-a-dyskursem-publicznym\/\" rel=\"bookmark\">Ulrike Gu\u00e9rot: Europejka mi\u0119dzy ide\u0105, uniwersytetem i dyskursem publicznym<\/a><\/h3><\/div><\/div>\n\t\t\t\t\t\t<\/div><!-- .dpt-entry -->\n\t\t\t\t\t\t\t\t\t\t\t\t<div class=\"dpt-entry has-thumbnail\" data-title=\"wie war syrien vor dem krieg? wer regiert heute? was bedeutet das f\u00fcr gefl\u00fcchtete in deutschland?\" data-id=\"4628\"  data-category=\"allgemein gesellschaft kunst &amp; kultur\" data-post_tag=\"deutschland europa geopolitik krisen meinungsfreiheit sicherheitspolitik\">\n\t\t\t\t\t\t\t<div class=\"dpt-entry-wrapper\"><div class=\"dpt-featured-content\"><div class=\"dpt-permalink\"><a href=\"https:\/\/www.markus-schall.de\/pl\/2026\/01\/jak-wygladala-syria-przed-wojna-kto-dzis-rzadzi-co-to-oznacza-dla-uchodzcow-w-niemczech\/\" class=\"dpt-permalink\"><span class=\"screen-reader-text\">Jak wygl\u0105da\u0142a Syria przed wojn\u0105? Kto rz\u0105dzi dzisiaj? Co to oznacza dla uchod\u017ac\u00f3w w Niemczech?<\/span><\/a><\/div><div class=\"dpt-thumbnail\"><div class=\"dpt-thumbnail-inner\"><img width=\"1024\" height=\"683\" class=\"attachment-full size-full\" alt=\"Syria i Damaszek\" context=\"dpt\" data-dpt-src=\"https:\/\/www.markus-schall.de\/wp-content\/uploads\/Syrien-Damaskus.jpg\" data-dpt-sizes=\"(max-width: 1024px) 100vw, 1024px\" data-dpt-srcset=\"https:\/\/www.markus-schall.de\/wp-content\/uploads\/Syrien-Damaskus.jpg 1024w, https:\/\/www.markus-schall.de\/wp-content\/uploads\/Syrien-Damaskus-300x200.jpg 300w, https:\/\/www.markus-schall.de\/wp-content\/uploads\/Syrien-Damaskus-768x512.jpg 768w, https:\/\/www.markus-schall.de\/wp-content\/uploads\/Syrien-Damaskus-18x12.jpg 18w\" \/><\/div><span class=\"dpt-thumbnail-aspect-ratio\" style=\"padding-top: 75%\"><\/span><\/div><\/div><div class=\"sub-entry\"><h3 class=\"dpt-title\"><a class=\"dpt-title-link\" href=\"https:\/\/www.markus-schall.de\/pl\/2026\/01\/jak-wygladala-syria-przed-wojna-kto-dzis-rzadzi-co-to-oznacza-dla-uchodzcow-w-niemczech\/\" rel=\"bookmark\">Jak wygl\u0105da\u0142a Syria przed wojn\u0105? Kto rz\u0105dzi dzisiaj? Co to oznacza dla uchod\u017ac\u00f3w w Niemczech?<\/a><\/h3><\/div><\/div>\n\t\t\t\t\t\t<\/div><!-- .dpt-entry -->\n\t\t\t\t\t\t\t\t\t\t\t\t<div class=\"dpt-entry has-thumbnail\" data-title=\"helge schneider: haltung, humor und die freiheit, sich nicht erkl\u00e4ren zu m\u00fcssen\" data-id=\"4756\"  data-category=\"allgemein gesellschaft kunst &amp; kultur\" data-post_tag=\"deutschland erfahrungen meinungsfreiheit musik portrait\">\n\t\t\t\t\t\t\t<div class=\"dpt-entry-wrapper\"><div class=\"dpt-featured-content\"><div class=\"dpt-permalink\"><a href=\"https:\/\/www.markus-schall.de\/pl\/2026\/02\/postawa-helge-schneider-humor-i-wolnosc-by-nie-musiec-sie-tlumaczyc\/\" class=\"dpt-permalink\"><span class=\"screen-reader-text\">Helge Schneider: Postawa, humor i wolno\u015b\u0107 od konieczno\u015bci t\u0142umaczenia si\u0119<\/span><\/a><\/div><div class=\"dpt-thumbnail\"><div class=\"dpt-thumbnail-inner\"><img width=\"1024\" height=\"683\" class=\"attachment-full size-full\" alt=\"Helge Schneider Portret\" context=\"dpt\" data-dpt-src=\"https:\/\/www.markus-schall.de\/wp-content\/uploads\/Helge-Schneider.jpg\" data-dpt-sizes=\"(max-width: 1024px) 100vw, 1024px\" data-dpt-srcset=\"https:\/\/www.markus-schall.de\/wp-content\/uploads\/Helge-Schneider.jpg 1024w, https:\/\/www.markus-schall.de\/wp-content\/uploads\/Helge-Schneider-300x200.jpg 300w, https:\/\/www.markus-schall.de\/wp-content\/uploads\/Helge-Schneider-768x512.jpg 768w, https:\/\/www.markus-schall.de\/wp-content\/uploads\/Helge-Schneider-18x12.jpg 18w\" \/><\/div><span class=\"dpt-thumbnail-aspect-ratio\" style=\"padding-top: 75%\"><\/span><\/div><\/div><div class=\"sub-entry\"><h3 class=\"dpt-title\"><a class=\"dpt-title-link\" href=\"https:\/\/www.markus-schall.de\/pl\/2026\/02\/postawa-helge-schneider-humor-i-wolnosc-by-nie-musiec-sie-tlumaczyc\/\" rel=\"bookmark\">Helge Schneider: Postawa, humor i wolno\u015b\u0107 od konieczno\u015bci t\u0142umaczenia si\u0119<\/a><\/h3><\/div><\/div>\n\t\t\t\t\t\t<\/div><!-- .dpt-entry -->\n\t\t\t\t\t\t\t\t\t\t\t\t<div class=\"dpt-entry has-thumbnail\" data-title=\"nord stream sprengung: sabotage, machtpolitik und die unbequemen offenen fragen\" data-id=\"4441\"  data-category=\"allgemein gesellschaft\" data-post_tag=\"deutschland energiepolitik europa geopolitik krisen meinungsfreiheit sicherheitspolitik spieltheorie\">\n\t\t\t\t\t\t\t<div class=\"dpt-entry-wrapper\"><div class=\"dpt-featured-content\"><div class=\"dpt-permalink\"><a href=\"https:\/\/www.markus-schall.de\/pl\/2026\/01\/polnocny-strumien-sabotaz-polityka-wladzy-i-niewygodne-otwarte-pytania\/\" class=\"dpt-permalink\"><span class=\"screen-reader-text\">Zburzenie Nord Stream: sabota\u017c, polityka w\u0142adzy i niewygodne pytania bez odpowiedzi<\/span><\/a><\/div><div class=\"dpt-thumbnail\"><div class=\"dpt-thumbnail-inner\"><img width=\"1024\" height=\"683\" class=\"attachment-full size-full\" alt=\"Wysadzanie Nord Stream\" context=\"dpt\" data-dpt-src=\"https:\/\/www.markus-schall.de\/wp-content\/uploads\/nordstream-sprengung.jpg\" data-dpt-sizes=\"(max-width: 1024px) 100vw, 1024px\" data-dpt-srcset=\"https:\/\/www.markus-schall.de\/wp-content\/uploads\/nordstream-sprengung.jpg 1024w, https:\/\/www.markus-schall.de\/wp-content\/uploads\/nordstream-sprengung-300x200.jpg 300w, https:\/\/www.markus-schall.de\/wp-content\/uploads\/nordstream-sprengung-768x512.jpg 768w, https:\/\/www.markus-schall.de\/wp-content\/uploads\/nordstream-sprengung-18x12.jpg 18w\" \/><\/div><span class=\"dpt-thumbnail-aspect-ratio\" style=\"padding-top: 75%\"><\/span><\/div><\/div><div class=\"sub-entry\"><h3 class=\"dpt-title\"><a class=\"dpt-title-link\" href=\"https:\/\/www.markus-schall.de\/pl\/2026\/01\/polnocny-strumien-sabotaz-polityka-wladzy-i-niewygodne-otwarte-pytania\/\" rel=\"bookmark\">Zburzenie Nord Stream: sabota\u017c, polityka w\u0142adzy i niewygodne pytania bez odpowiedzi<\/a><\/h3><\/div><\/div>\n\t\t\t\t\t\t<\/div><!-- .dpt-entry -->\n\t\t\t\t\t\t\n\t\t\t\t<\/div>\n\t\t\t\t\t\t<\/div>\n\t\t\t\n<hr \/>\n<h2>Co nale\u017cy teraz zrobi\u0107, aby ustabilizowa\u0107 sytuacj\u0119?<\/h2>\n<p>Szczerze m\u00f3wi\u0105c, wiele os\u00f3b m\u00f3wi obecnie o deeskalacji, ale prawie nikt nie okre\u015bla, co by\u0142oby do tego konieczne. Polityczne apele, kt\u00f3re s\u0142yszymy na co dzie\u0144, s\u0105 zwykle niczym wi\u0119cej ni\u017c retorycznymi \u0107wiczeniami z obowi\u0105zku - sformu\u0142owanymi w przyjazny spos\u00f3b, ale w rzeczywisto\u015bci nieskutecznymi. W takiej sytuacji nie potrzeba wi\u0119cej s\u0142\u00f3w, ale struktur, kt\u00f3re faktycznie zapobiegn\u0105 dalszej eskalacji konfliktu.<\/p>\n<p>Pierwszym krokiem jest zaakceptowanie faktu, \u017ce ani apele, ani \u017c\u0105dania moralne nie zmieni\u0105 sytuacji. Konflikty tej skali stabilizuj\u0105 si\u0119 tylko wtedy, gdy spe\u0142nione s\u0105 trzy warunki:<\/p>\n<ol>\n<li><strong>Obie strony musz\u0105 uzyska\u0107 minimalny poziom bezpiecze\u0144stwa<\/strong><br \/>\nBez bezpiecze\u0144stwa nie mo\u017ce by\u0107 mowy o ograniczeniu eskalacji. Dla Izraela oznacza to, \u017ce bezpo\u015brednie zagro\u017cenie ze strony rakiet, dron\u00f3w i atak\u00f3w musi zosta\u0107 zmniejszone - nie ca\u0142kowicie, ale zauwa\u017calnie. Dla Iranu oznacza to, \u017ce strach przed uderzeniem odwetowym na du\u017c\u0105 skal\u0119 nie mo\u017ce sta\u0107 si\u0119 przyt\u0142aczaj\u0105cy. Deeskalacja nie zaczyna si\u0119 zatem od zaufania, ale od obliczonego bezpiecze\u0144stwa.<\/li>\n<li><strong>Obie strony musz\u0105 uzna\u0107 strategi\u0119 wyj\u015bcia<\/strong><br \/>\nObaj gracze znajduj\u0105 si\u0119 obecnie pod \u015bcian\u0105, za kt\u00f3r\u0105 nie mog\u0105 si\u0119 ju\u017c wycofa\u0107. Jednak deeskalacja jest mo\u017cliwa tylko wtedy, gdy istnieje droga powrotna do normalno\u015bci bez politycznego niszczenia si\u0119 nawzajem. Ka\u017cda ze stron potrzebuje symbolicznych sukces\u00f3w, kt\u00f3re pozwol\u0105 jej wykaza\u0107 si\u0119 twardo\u015bci\u0105 i jednocze\u015bnie ust\u0105pi\u0107. Mog\u0105 to by\u0107: ograniczone zawieszenia broni, wycofanie niekt\u00f3rych boj\u00f3wek, mediacje dyplomatyczne, kt\u00f3re mo\u017cna sprzeda\u0107 jako \u201esukces\u201c lub gwarancje bezpiecze\u0144stwa od zewn\u0119trznych mediator\u00f3w.<\/li>\n<li><strong>Zewn\u0119trzni gracze musz\u0105 by\u0107 w stanie ponownie odegra\u0107 swoj\u0105 rol\u0119<\/strong><br \/>\nTak d\u0142ugo, jak g\u0142\u00f3wne mocarstwa b\u0119d\u0105 przeci\u0105\u017cone, niezainteresowane lub wewn\u0119trznie podzielone, nie b\u0119dzie ram dla prawdziwej deeskalacji. Potrzebny jest strukturalny odpowiednik, kt\u00f3ry stworzy zaufanie - lub przynajmniej zmniejszy strach przed najgorszym.<\/li>\n<\/ol>\n<p>Bez takiej struktury sytuacja pozostanie niestabilna, niezale\u017cnie od tego, ile negocjacji zostanie og\u0142oszonych.<\/p>\n<h3>Czego Zach\u00f3d nie powinien ju\u017c robi\u0107<\/h3>\n<p>Wiele b\u0142\u0119d\u00f3w ostatnich dziesi\u0119cioleci jest wynikiem zachodnich odruch\u00f3w z czas\u00f3w, gdy porz\u0105dek \u015bwiata by\u0142 jeszcze jasny. Ale dzi\u015b te odruchy s\u0105 nieskuteczne, a nawet niebezpieczne. Ka\u017cdy, kto chce ustabilizowa\u0107 sytuacj\u0119, musi najpierw przesta\u0107 powtarza\u0107 stare b\u0142\u0119dy.<\/p>\n<ol>\n<li><strong>Brak moralnej arogancji<\/strong><br \/>\nZach\u00f3d ma tendencj\u0119 do moralnej oceny konflikt\u00f3w przed ich strategiczn\u0105 analiz\u0105. Moralno\u015b\u0107 ma jednak niewielki wp\u0142yw na konflikty egzystencjalne. Pa\u0144stwa nie dzia\u0142aj\u0105 w oparciu o kategorie moralne, ale w oparciu o logik\u0119 polityki bezpiecze\u0144stwa. Je\u015bli Europa lub Stany Zjednoczone nadal b\u0119d\u0105 dzia\u0142a\u0107 tak, jakby wysoce z\u0142o\u017cony konflikt mo\u017cna by\u0142o rozwi\u0105za\u0107 za pomoc\u0105 apeli lub sankcji, nie tylko strac\u0105 wiarygodno\u015b\u0107, ale tak\u017ce same oka\u017c\u0105 si\u0119 naiwne.<\/li>\n<li><strong>Brak ingerencji bez zrozumienia<\/strong><br \/>\nKluczowym b\u0142\u0119dem w przesz\u0142o\u015bci by\u0142o za\u0142o\u017cenie, \u017ce systemy polityczne w obcych regionach mo\u017cna \u201ezreformowa\u0107\u201c, \u201eustabilizowa\u0107\u201c lub nawet \u201ezmodernizowa\u0107\u201c bez zrozumienia ich kultury, historii i struktury wewn\u0119trznej. To w\u0142a\u015bnie doprowadzi\u0142o do katastrof w Iraku, Afganistanie, Libii i Syrii. Konflikt w Iranie po raz kolejny pokazuje, \u017ce ingerencja bez zrozumienia lokalnej logiki zaostrza eskalacj\u0119.<\/li>\n<li><strong>Brak nierealistycznych oczekiwa\u0144 w negocjacjach<\/strong><br \/>\nNegocjacje nie s\u0105 panaceum. Dzia\u0142aj\u0105 tylko wtedy, gdy obie strony maj\u0105 co\u015b do zyskania i co\u015b do stracenia. W obecnej sytuacji negocjacje s\u0105 cz\u0119sto jedynie symbolicznymi dzia\u0142aniami. Prawdziwa dyplomacja musi zaakceptowa\u0107 fakt, \u017ce nie ma szybkich rozwi\u0105za\u0144 - i \u017ce niekt\u00f3re konflikty mo\u017cna ustabilizowa\u0107 jedynie poprzez d\u0142ugoterminowe ustalenia.<\/li>\n<li><strong>Brak iluzji globalnej kontroli<\/strong><br \/>\nPomys\u0142, \u017ce Zach\u00f3d mo\u017ce interweniowa\u0107 w dowolnym momencie i \u201ezarz\u0105dza\u0107\u201c kryzysami, jest przestarza\u0142y. W wielobiegunowym \u015bwiecie interwencje nie maj\u0105 efektu stabilizuj\u0105cego, ale destabilizuj\u0105cy. Dzi\u015b deeskalacji nie osi\u0105ga si\u0119 poprzez dominacj\u0119, ale poprzez ograniczanie.<\/li>\n<\/ol>\n<h3>Niemcy w cieniu konfliktu<\/h3>\n<p>W swoim wyk\u0142adzie dziennikarz i obserwator geopolityczny Patrik Baab analizuje obecn\u0105 wojn\u0119 mi\u0119dzy USA, Izraelem i Iranem i umieszcza j\u0105 w szerszym kontek\u015bcie globalnym. Baab argumentuje, \u017ce konflikt ju\u017c dawno wykroczy\u0142 poza Bliski Wsch\u00f3d i jest cz\u0119\u015bci\u0105 szerszej walki o w\u0142adz\u0119 mi\u0119dzy Zachodem a wschodz\u0105cymi pa\u0144stwami BRICS.<\/p>\n<div class=\"lyte-wrapper\" style=\"width:640px;max-width:100%;margin:5px;\"><div class=\"lyMe\" id=\"WYL_GsgC7BF-kZA\"><div id=\"lyte_GsgC7BF-kZA\" data-src=\"https:\/\/www.markus-schall.de\/wp-content\/plugins\/wp-youtube-lyte\/lyteCache.php?origThumbUrl=%2F%2Fi.ytimg.com%2Fvi%2FGsgC7BF-kZA%2Fhqdefault.jpg\" class=\"pL\"><div class=\"tC\"><div class=\"tT\"><\/div><\/div><div class=\"play\"><\/div><div class=\"ctrl\"><div class=\"Lctrl\"><\/div><div class=\"Rctrl\"><\/div><\/div><\/div><noscript><a href=\"https:\/\/youtu.be\/GsgC7BF-kZA\" rel=\"nofollow noopener\" target=\"_blank\"><img loading=\"lazy\" decoding=\"async\" src=\"https:\/\/www.markus-schall.de\/wp-content\/plugins\/wp-youtube-lyte\/lyteCache.php?origThumbUrl=https%3A%2F%2Fi.ytimg.com%2Fvi%2FGsgC7BF-kZA%2F0.jpg\" alt=\"Miniatura wideo YouTube\" width=\"640\" height=\"340\" \/><br \/>Obejrzyj ten film na YouTube<\/a><\/noscript><\/div><\/div><div class=\"lL\" style=\"max-width:100%;width:640px;margin:5px;\"><\/div><br \/>\nInwazja na Iran lub: niemiecka wojna zbyt | <a href=\"https:\/\/www.youtube.com\/@PatrikBaab-Official\" target=\"_blank\" rel=\"nofollow noopener\">Patrik Baab<\/a><\/p>\n<p>Szczeg\u00f3lnie kontrowersyjna jest jego teza, \u017ce Niemcy s\u0105 r\u00f3wnie\u017c po\u015brednio zaanga\u017cowane w ten konflikt - politycznie, militarnie i logistycznie, na przyk\u0142ad poprzez infrastruktur\u0119, struktury NATO i wsp\u00f3\u0142prac\u0119 wojskow\u0105. W swoim wyk\u0142adzie Baab rzuca r\u00f3wnie\u017c \u015bwiat\u0142o na strategiczne znaczenie cie\u015bniny Ormuz, mo\u017cliwe konsekwencje gospodarcze dla Europy oraz rol\u0119 Rosji i Chin w tle tego konfliktu.<\/p>\n<h3>Nowa europejska kultura bezpiecze\u0144stwa<\/h3>\n<p>Europa stoi w obliczu fundamentalnego przewrotu. Nie tylko z powodu konfliktu na Bliskim Wschodzie, ale dlatego, \u017ce konflikt ten pokazuje, jak pilnie Europa potrzebuje nowych sposob\u00f3w my\u015blenia - w zakresie polityki bezpiecze\u0144stwa, ekonomii, medi\u00f3w i dyplomacji.<\/p>\n<ol>\n<li><strong>Europa musi nauczy\u0107 si\u0119 patrze\u0107 na \u015bwiat realistycznie<\/strong><br \/>\nCzasy, w kt\u00f3rych Europa \u017cy\u0142a w stworzonej przez siebie strefie komfortu i patrzy\u0142a na kryzysy z dystansu, min\u0119\u0142y. Kultura bezpiecze\u0144stwa nie oznacza panikarstwa, ale poczucie rzeczywisto\u015bci. Europa musi identyfikowa\u0107 zagro\u017cenia, podejmowa\u0107 decyzje i bra\u0107 odpowiedzialno\u015b\u0107 - a nie tylko anga\u017cowa\u0107 si\u0119 w symboliczn\u0105 polityk\u0119.<\/li>\n<li><strong>Reindustrializacja i autonomia energetyczna<\/strong><br \/>\nStabilna polityka zagraniczna zawsze opiera si\u0119 na sile gospodarczej. Przez dziesi\u0119ciolecia Europa os\u0142abi\u0142a swoj\u0105 baz\u0119 przemys\u0142ow\u0105 i uzale\u017cni\u0142a si\u0119 od energii. To si\u0119 teraz m\u015bci. Je\u015bli chcesz by\u0107 w stanie dzia\u0142a\u0107 geopolitycznie, potrzebujesz niezale\u017cno\u015bci gospodarczej - lub przynajmniej solidnych struktur.<\/li>\n<li><strong>Przezwyci\u0119\u017canie samoobezw\u0142adnienia medialnego<\/strong><br \/>\nJedna kluczowa kwestia: gdy media \u0142agodz\u0105 kryzysy, uniemo\u017cliwia to spo\u0142ecze\u0144stwu uodpornienie si\u0119. Nowa kultura bezpiecze\u0144stwa potrzebuje medi\u00f3w, kt\u00f3re nie uspokajaj\u0105, ale wyja\u015bniaj\u0105 - szczerze, bez upi\u0119ksze\u0144, ale odpowiedzialnie.<\/li>\n<li><strong>Dyplomacja bez moralizatorstwa<\/strong><br \/>\nDyplomacja nie polega na dokonywaniu ocen moralnych. Polega na r\u00f3wnowa\u017ceniu interes\u00f3w. Europa potrzebuje polityki zagranicznej, kt\u00f3ra zaakceptuje t\u0119 rzeczywisto\u015b\u0107. Polityki zagranicznej, kt\u00f3ra rozumie, \u017ce trzeba rozmawia\u0107 z trudnymi aktorami - nie dlatego, \u017ce si\u0119 ich lubi, ale dlatego, \u017ce istniej\u0105.<\/li>\n<li><strong>Realistyczne priorytety<\/strong><br \/>\nEuropa musi przesta\u0107 grz\u0119zn\u0105\u0107 w kwestiach pobocznych. Bezpiecze\u0144stwo, energia, przemys\u0142, infrastruktura i suwerenno\u015b\u0107 informacyjna to kwestie fundamentalne. Wszystko inne przychodzi p\u00f3\u017aniej.<\/li>\n<\/ol>\n<h3>Bezpiecze\u0144stwo Europy mi\u0119dzy eskalacj\u0105 a reorientacj\u0105 strategiczn\u0105<\/h3>\n<p><a href=\"https:\/\/www.markus-schall.de\/pl\/2025\/12\/jeffrey-sachs-ostrzega-niemcy-dlaczego-nalezy-przemyslec-bezpieczenstwo-europy\/\"><img loading=\"lazy\" decoding=\"async\" class=\"alignright size-medium wp-image-4082\" src=\"https:\/\/www.markus-schall.de\/wp-content\/uploads\/jeffrey-sachs-bundeskanzler-eu-300x200.jpg\" alt=\"Jeffrey Sachs pisze list otwarty do kanclerza Merza\" width=\"300\" height=\"200\" srcset=\"https:\/\/www.markus-schall.de\/wp-content\/uploads\/jeffrey-sachs-bundeskanzler-eu-300x200.jpg 300w, https:\/\/www.markus-schall.de\/wp-content\/uploads\/jeffrey-sachs-bundeskanzler-eu-768x512.jpg 768w, https:\/\/www.markus-schall.de\/wp-content\/uploads\/jeffrey-sachs-bundeskanzler-eu-18x12.jpg 18w, https:\/\/www.markus-schall.de\/wp-content\/uploads\/jeffrey-sachs-bundeskanzler-eu.jpg 1024w\" sizes=\"auto, (max-width: 300px) 100vw, 300px\" \/><\/a>Obecna eskalacja na Bliskim Wschodzie rodzi r\u00f3wnie\u017c fundamentalne pytanie: Jak\u0105 rol\u0119 odgrywa Europa w globalnej architekturze bezpiecze\u0144stwa? Dok\u0142adnie takie pytanie postawi\u0142 ekonomista i analityk geopolityczny Jeffrey Sachs w swoim szeroko dyskutowanym li\u015bcie otwartym do niemieckiego rz\u0105du. Sachs argumentuje, \u017ce bezpiecze\u0144stwo w Europie nie mo\u017ce by\u0107 konceptualizowane jednostronnie, ale opiera si\u0119 na zasadzie \u201eniepodzielnego bezpiecze\u0144stwa\u201c - innymi s\u0142owy, \u017ce stabilno\u015b\u0107 dzia\u0142a w d\u0142u\u017cszej perspektywie tylko wtedy, gdy brane s\u0105 pod uwag\u0119 interesy wszystkich g\u0142\u00f3wnych graczy. W moim artykule <a href=\"https:\/\/www.markus-schall.de\/pl\/2025\/12\/jeffrey-sachs-ostrzega-niemcy-dlaczego-nalezy-przemyslec-bezpieczenstwo-europy\/\"><em><strong>\u201eJeffrey Sachs ostrzega Niemcy: Dlaczego nale\u017cy przemy\u015ble\u0107 bezpiecze\u0144stwo Europy\u201c<\/strong><\/em><\/a> ta perspektywa jest analizowana bardziej szczeg\u00f3\u0142owo. Tekst pokazuje, dlaczego Sachs uwa\u017ca, \u017ce konieczny jest powr\u00f3t do dyplomacji, realizmu strategicznego i d\u0142ugoterminowej stabilno\u015bci.<\/p>\n<h3>Mo\u017cliwe scenariusze przysz\u0142o\u015bci i ich strategiczne znaczenie<\/h3>\n<div style=\"overflow-x: auto;\">\n<table style=\"border-collapse: collapse; width: 100%;\">\n<tbody>\n<tr style=\"background: #f2f2f2;\">\n<td><strong>Scenariusz<\/strong><\/td>\n<td><strong>Kr\u00f3tki opis<\/strong><\/td>\n<td><strong>Strategiczne konsekwencje<\/strong><\/td>\n<\/tr>\n<tr>\n<td><strong>Ograniczona deeskalacja<\/strong><\/td>\n<td>Kr\u00f3tkoterminowe zawieszenia broni, po\u015brednia mediacja, cz\u0119\u015bciowe wycofanie.<\/td>\n<td>Tymczasowo stabilizuje, ale nie rozwi\u0105zuje podstawowych problem\u00f3w.<\/td>\n<\/tr>\n<tr>\n<td><strong>Ci\u0105g\u0142a eskalacja<\/strong><\/td>\n<td>Wi\u0119cej atak\u00f3w rakietowych, ekspansja regionalna, wojny zast\u0119pcze.<\/td>\n<td>Wysokie ryzyko strategicznej utraty kontroli.<\/td>\n<\/tr>\n<tr>\n<td><strong>Zdarzenie wstrz\u0105sowe<\/strong> (np. taktyczna bro\u0144 j\u0105drowa)<\/td>\n<td>Prze\u0142amanie tabu, globalna fala uderzeniowa, ogromna reorganizacja geopolityczna.<\/td>\n<td>Globalna destabilizacja, ponowna ocena wszystkich architektur bezpiecze\u0144stwa.<\/td>\n<\/tr>\n<\/tbody>\n<\/table>\n<\/div>\n<h2>Dlaczego ten kryzys jest punktem zwrotnym - Zach\u00f3d na rozdro\u017cu<\/h2>\n<p>Je\u015bli trze\u017awo przeanalizowa\u0107 obecn\u0105 eskalacj\u0119, mo\u017cna dostrzec nie tylko konflikt regionalny, ale tektoniczn\u0105 zmian\u0119 w porz\u0105dku \u015bwiatowym. Jest to moment, kt\u00f3ry pokazuje, jak bardzo Zach\u00f3d straci\u0142 na znaczeniu strategicznym - nie gwa\u0142townie, ale w rodzaju pe\u0142zaj\u0105cej erozji, kt\u00f3ra teraz po raz pierwszy wyra\u017anie przebija si\u0119 na powierzchni\u0119.<\/p>\n<p>Kryzys na Bliskim Wschodzie jest punktem zwrotnym, poniewa\u017c obna\u017ca wszystkie s\u0142abo\u015bci jednocze\u015bnie:<\/p>\n<ul>\n<li>brak kontroli geopolitycznej,<\/li>\n<li>naiwn\u0105 nadziej\u0119 na moralny porz\u0105dek,<\/li>\n<li>media samouspokajaj\u0105ce,<\/li>\n<li>wra\u017cliwo\u015b\u0107 ekonomiczna,<\/li>\n<li>i strategicznej fragmentacji \u015bwiata zachodniego.<\/li>\n<\/ul>\n<p>Po raz pierwszy od dziesi\u0119cioleci pa\u0144stwa zachodnie stoj\u0105 w obliczu sytuacji, w kt\u00f3rej nie maj\u0105 ani pola manewru, ani przewagi strategicznej. Mog\u0105 apelowa\u0107, ostrzega\u0107 i upomina\u0107 - ale nie mog\u0105 ju\u017c kszta\u0142towa\u0107 sytuacji. I to w\u0142a\u015bnie sprawia, \u017ce sytuacja jest tak niestabilna. System, kt\u00f3ry przez dziesi\u0119ciolecia by\u0142 uwa\u017cany za si\u0142\u0119 organizuj\u0105c\u0105, straci\u0142 swoje strukturalne centrum.<\/p>\n<p>Ale w\u0142a\u015bnie dlatego, \u017ce tak jest, ten moment ma szczeg\u00f3lne znaczenie: zmusza nas do ponownego zaanga\u017cowania si\u0119 w rzeczywisto\u015b\u0107. Nie ze s\u0142abo\u015bci, ale z konieczno\u015bci.<\/p>\n<h3>Szansa w kryzysie: powr\u00f3t do rzeczywisto\u015bci<\/h3>\n<p>Paradoksalnie, takie kryzysy stwarzaj\u0105 r\u00f3wnie\u017c okazj\u0119 do czego\u015b, o czym zachodnia polityka zapomnia\u0142a przez lata: powrotu do \u015bwiata, w kt\u00f3rym strategiczne decyzje nie opieraj\u0105 si\u0119 ju\u017c na my\u015bleniu \u017cyczeniowym, polityce symbolicznej czy roszczeniach moralnych, ale na trze\u017awym rozwa\u017ceniu r\u00f3wnowagi si\u0142.<\/p>\n<p>Przez dziesi\u0119ciolecia ludzie wierzyli, \u017ce \u015bwiat jest plastyczny, je\u015bli tylko wystarczaj\u0105co du\u017co wyja\u015bnisz, usankcjonujesz lub zaapelujesz. Ale obecna eskalacja pokazuje: Globalna polityka nie jest pos\u0142uszna moralnej woli poszczeg\u00f3lnych pa\u0144stw. Pod\u0105\u017ca za strukturami, interesami, liniami historycznymi i relacjami w\u0142adzy.<\/p>\n<p>Ta \u015bwiadomo\u015b\u0107 jest niewygodna - ale zbawienna. Poniewa\u017c tylko \u015bwiat postrzegany w kategoriach realnych mo\u017ce by\u0107 kszta\u0142towany w kategoriach realnych. I tylko polityka, kt\u00f3ra uznaje, \u017ce inni gracze maj\u0105 w\u0142asne interesy, w\u0142asn\u0105 racjonalno\u015b\u0107 i w\u0142asne \u015brodki w\u0142adzy, mo\u017ce odnie\u015b\u0107 sukces w d\u0142u\u017cszej perspektywie.<\/p>\n<h3>Nowy realizm strategiczny<\/h3>\n<p>Zach\u00f3d stoi teraz przed wyborem:<\/p>\n<ul>\n<li>Albo trzyma si\u0119 swojego starego wizerunku i ma nadziej\u0119, \u017ce \u015bwiat zn\u00f3w si\u0119 dostosuje.<\/li>\n<li>Albo akceptuje, \u017ce \u015bwiat si\u0119 zmieni\u0142 - i \u017ce on musi si\u0119 zmieni\u0107 wraz z nim.<\/li>\n<\/ul>\n<p>Strategiczny realizm nie oznacza cynizmu, ale klarowno\u015b\u0107. Nie rezygnacj\u0119, ale nowy fundament. \u015awiat, w kt\u00f3rym pa\u0144stwa takie jak Iran, Turcja, Indie i Arabia Saudyjska, a tak\u017ce wielu mniejszych graczy, s\u0105 bardziej pewne siebie, wymaga od Europy i USA polityki zagranicznej, kt\u00f3ra mniej poucza, a wi\u0119cej rozumie. Polityka bezpiecze\u0144stwa, kt\u00f3ra mniej reaguje, a wi\u0119cej przewiduje. A tak\u017ce polityki gospodarczej i energetycznej, kt\u00f3ra jest mniej zale\u017cna i bardziej odporna.<\/p>\n<p>Je\u015bli ten konflikt pokazuje cokolwiek, to to, \u017ce porz\u0105dek \u015bwiata, kt\u00f3ry opiera\u0142 si\u0119 na pewno\u015bci siebie, wymaga ponownego przemy\u015blenia.<\/p>\n<h3>Patrz\u0105c w przysz\u0142o\u015b\u0107 - i dlaczego przysz\u0142o\u015b\u0107 nie jest pewna<\/h3>\n<p>By\u0142oby arogancj\u0105 twierdzi\u0107, \u017ce mo\u017cemy dzi\u015b powiedzie\u0107, jak zako\u0144czy si\u0119 obecny konflikt. Jest zbyt wiele zmiennych, zbyt wiele mo\u017cliwych zwrot\u00f3w akcji, zbyt wiele strategicznych niewiadomych. Ale w\u0142a\u015bnie to sprawia, \u017ce ten ostatni rozdzia\u0142 jest wa\u017cny: jego celem nie jest wydawanie os\u0105d\u00f3w, ale dostarczanie wskaz\u00f3wek.<\/p>\n<ul>\n<li>Wiemy, \u017ce podstawowe wzorce polityczne uleg\u0142y zmianie.<\/li>\n<li>Wiemy, \u017ce odstraszanie nie dzia\u0142a ju\u017c automatycznie.<\/li>\n<li>Wiemy, \u017ce eskalacja nast\u0119puje dzi\u015b szybciej i trudniej j\u0105 powstrzyma\u0107.<\/li>\n<li>Wiemy, \u017ce kraje zachodnie nie maj\u0105 ju\u017c \u015brodk\u00f3w, by samodzielnie zarz\u0105dza\u0107 globalnymi kryzysami.<\/li>\n<\/ul>\n<p>Wiemy te\u017c, \u017ce ten konflikt - podobnie jak wojna na Ukrainie - jest cz\u0119\u015bci\u0105 wi\u0119kszej zmiany: zmiany w kierunku wielobiegunowego \u015bwiata, w kt\u00f3rym w\u0142adza, wp\u0142ywy i ryzyko rozk\u0142adaj\u0105 si\u0119 inaczej ni\u017c wcze\u015bniej.<\/p>\n<ul>\n<li>Nie wiemy, czy konflikt si\u0119 uspokoi, czy b\u0119dzie dalej eskalowa\u0142.<\/li>\n<li>Nie wiemy, jak\u0105 rol\u0119 odegraj\u0105 zewn\u0119trzni gracze.<\/li>\n<li>Nie wiemy, jak d\u0142ugo Izrael i Iran b\u0119d\u0105 w stanie utrzyma\u0107 swoje obecne pozycje.<\/li>\n<li>Nie wiemy te\u017c, czy najbli\u017csze miesi\u0105ce doprowadz\u0105 do stabilizacji w regionie, czy te\u017c do strategicznej reakcji \u0142a\u0144cuchowej.<\/li>\n<\/ul>\n<p>To jest w\u0142a\u015bnie istota strategicznej niepewno\u015bci: nie wiesz, co nadejdzie, ale znasz mechanizmy, kt\u00f3re mog\u0105 do tego doprowadzi\u0107.<\/p>\n<h3>Otwarty koniec - poniewa\u017c nie ma innego sposobu<\/h3>\n<p>Ten kryzys nie ma z g\u00f3ry okre\u015blonego ko\u0144ca. Nie jest to rozdzia\u0142 zamkni\u0119ty, ale proces, kt\u00f3ry wci\u0105\u017c ewoluuje. Proces, kt\u00f3ry mo\u017ce charakteryzowa\u0107 nadchodz\u0105ce lata na arenie mi\u0119dzynarodowej. I zmusza nas do porzucenia iluzji, \u017ce mo\u017cemy przewidzie\u0107 lub kontrolowa\u0107 rozw\u00f3j sytuacji geopolitycznej.<\/p>\n<p>By\u0107 mo\u017ce ten konflikt doprowadzi do nowego porz\u0105dku regionalnego.<\/p>\n<p>By\u0107 mo\u017ce zako\u0144czy si\u0119 to faz\u0105 niestabilnego zawieszenia broni.<\/p>\n<p>By\u0107 mo\u017ce dojdzie do eskalacji, zanim ponownie zostanie znaleziona r\u00f3wnowaga.<\/p>\n<p>By\u0107 mo\u017ce doprowadzi to nawet do d\u0142ugoterminowej reorientacji politycznej Zachodu - takiej, kt\u00f3ra uczyni go bardziej zdolnym do ponownego dzia\u0142ania.<\/p>\n<p>Ale jedno jest pewne: ten konflikt jest punktem zwrotnym. A punkty zwrotne charakteryzuj\u0105 si\u0119 tym, \u017ce zmieniaj\u0105 kierunek, nie m\u00f3wi\u0105c od razu, dok\u0105d zmierza podr\u00f3\u017c. Ze strategicznego punktu widzenia jest to jedyny uczciwy spos\u00f3b patrzenia na sprawy. Poniewa\u017c ka\u017cdy, kto twierdzi, \u017ce w tej sytuacji co\u015b jest pewne, nie rozumie sytuacji.<\/p>\n<h3>Prawo mi\u0119dzynarodowe mi\u0119dzy aspiracjami a rzeczywisto\u015bci\u0105 geopolityczn\u0105<\/h3>\n<p><a href=\"https:\/\/www.markus-schall.de\/pl\/2026\/01\/porzadek-swiata-oparty-na-zasadach-i-prawo-miedzynarodowe-miedzy-rzeczywistoscia-a-naruszeniem-prawa\/\"><img loading=\"lazy\" decoding=\"async\" class=\"alignright size-medium wp-image-4281\" src=\"https:\/\/www.markus-schall.de\/wp-content\/uploads\/voelkerrecht-weltordnung-titel-300x200.jpg\" alt=\"Prawo mi\u0119dzynarodowe i porz\u0105dek \u015bwiatowy oparty na zasadach\" width=\"300\" height=\"200\" srcset=\"https:\/\/www.markus-schall.de\/wp-content\/uploads\/voelkerrecht-weltordnung-titel-300x200.jpg 300w, https:\/\/www.markus-schall.de\/wp-content\/uploads\/voelkerrecht-weltordnung-titel-768x512.jpg 768w, https:\/\/www.markus-schall.de\/wp-content\/uploads\/voelkerrecht-weltordnung-titel-18x12.jpg 18w, https:\/\/www.markus-schall.de\/wp-content\/uploads\/voelkerrecht-weltordnung-titel.jpg 1024w\" sizes=\"auto, (max-width: 300px) 100vw, 300px\" \/><\/a>Obecna eskalacja konfliktu mi\u0119dzy Izraelem, USA i Iranem nieuchronnie rodzi fundamentalne pytanie: Jak\u0105 rol\u0119 faktycznie wci\u0105\u017c odgrywa prawo mi\u0119dzynarodowe w \u015bwiecie polityki rosn\u0105cej pot\u0119gi? W przem\u00f3wieniach politycznych cz\u0119sto m\u00f3wi si\u0119 o \u201eporz\u0105dku mi\u0119dzynarodowym opartym na zasadach\u201c, ale w chwilach kryzysu raz po raz staje si\u0119 jasne, jak silnie strategiczne interesy, logika wojskowa i rywalizacja geopolityczna mog\u0105 zast\u0105pi\u0107 te zasady. Dok\u0142adnie ten obszar napi\u0119\u0107 analizuj\u0119 bardziej szczeg\u00f3\u0142owo w artykule \u017ar\u00f3d\u0142owym <a href=\"https:\/\/www.markus-schall.de\/pl\/2026\/01\/porzadek-swiata-oparty-na-zasadach-i-prawo-miedzynarodowe-miedzy-rzeczywistoscia-a-naruszeniem-prawa\/\"><em><strong>\u201ePorz\u0105dek \u015bwiata oparty na zasadach i prawo mi\u0119dzynarodowe: mi\u0119dzy roszczeniem, rzeczywisto\u015bci\u0105 a naruszeniem prawa\u201c<\/strong><\/em><\/a>. Zajmuje si\u0119 zasadami, kt\u00f3re maj\u0105 spaja\u0107 system mi\u0119dzynarodowy, dlaczego s\u0105 one wielokrotnie naruszane - i dlaczego prawo mi\u0119dzynarodowe odgrywa jednak kluczow\u0105 rol\u0119 w stabilno\u015bci i ograniczaniu konflikt\u00f3w.<\/p>\n<hr \/>\n<h2>Szczeg\u00f3\u0142owe \u017ar\u00f3d\u0142a na ten temat<\/h2>\n<ol>\n<li style=\"list-style-type: none;\">\n<ol>\n<li><b><a href=\"https:\/\/www.aljazeera.com\/gallery\/2025\/6\/18\/the-history-of-netanyahus-rhetoric-on-irans-nuclear-ambitions\" target=\"_blank\" rel=\"noopener\">Historia retoryki Netanjahu na temat ira\u0144skich ambicji nuklearnych<\/a><\/b>Al Jazeera przedstawia przegl\u0105d ponad trzech dekad politycznych ostrze\u017ce\u0144 Benjamina Netanjahu o rzekomo zbli\u017caj\u0105cym si\u0119 ira\u0144skim programie zbroje\u0144 nuklearnych. Analiza pokazuje, w jaki spos\u00f3b ostrze\u017cenia te by\u0142y powtarzane publicznie od pocz\u0105tku lat 90-tych.<\/li>\n<li><b><a href=\"https:\/\/www.theweek.com\/speedreads\/542019\/netanyahu-been-warning-iran-isclose-nuke-since-1992\" target=\"_blank\" rel=\"noopener\">Netanjahu ostrzega, \u017ce Iran jest bliski posiadania broni j\u0105drowej od 1992 roku<\/a><\/b>Przegl\u0105d najwa\u017cniejszych wypowiedzi Netanjahu od pocz\u0105tku lat 90-tych, w tym jego przepowiednia z 1992 r., \u017ce Iran mo\u017ce zbudowa\u0107 bomb\u0119 atomow\u0105 w ci\u0105gu trzech do pi\u0119ciu lat. Artyku\u0142 podsumowuje powtarzaj\u0105ce si\u0119 ostrze\u017cenia w porz\u0105dku chronologicznym.<\/li>\n<li><b><a href=\"https:\/\/www.csmonitor.com\/World\/Middle-East\/2011\/1108\/Imminent-Iran-nuclear-threat-A-timeline-of-warnings-since-1979\" target=\"_blank\" rel=\"noopener\">Zagro\u017cenie nuklearne ze strony Iranu? Kalendarium ostrze\u017ce\u0144 od 1979 roku<\/a><\/b>Christian Science Monitor prze\u015bledzi\u0142 histori\u0119 zachodnich ostrze\u017ce\u0144 dotycz\u0105cych ira\u0144skiego programu nuklearnego i pokaza\u0142, jak oceny te ewoluowa\u0142y na przestrzeni kilku dekad. O\u015b czasu zapewnia wa\u017cny kontekst historyczny dla debat politycznych wok\u00f3\u0142 ira\u0144skiego programu nuklearnego.<\/li>\n<li><b><a href=\"https:\/\/www.gov.il\/en\/pages\/speechun270912\" target=\"_blank\" rel=\"noopener\">Przem\u00f3wienie premiera Netanjahu przed Zgromadzeniem Og\u00f3lnym ONZ (2012)<\/a><\/b>Oficjalna dokumentacja s\u0142ynnego przem\u00f3wienia Netanjahu przed Zgromadzeniem Og\u00f3lnym ONZ, w kt\u00f3rym u\u017cy\u0142 on graficznej reprezentacji (\u201eczerwonej linii\u201c), aby ostrzec przed zbli\u017caj\u0105cym si\u0119 ira\u0144skim programem broni j\u0105drowej. Przem\u00f3wienie to sta\u0142o si\u0119 jednym z najs\u0142ynniejszych moment\u00f3w w mi\u0119dzynarodowej debacie na temat Iranu.<\/li>\n<li><b><a href=\"https:\/\/www.csmonitor.com\/World\/Middle-East\/2012\/0928\/Netanyahu-s-simple-bomb-graphic-confuses-the-nuclear-experts\" target=\"_blank\" rel=\"noopener\">Prosta grafika bomby Netanjahu dezorientuje ekspert\u00f3w nuklearnych<\/a><\/b>Analiza wysoce symbolicznej \u201ekresk\u00f3wkowej bomby\u201c, kt\u00f3r\u0105 Netanjahu zaprezentowa\u0142 na forum ONZ w 2012 roku. Eksperci skrytykowali fakt, \u017ce ilustracja znacznie upro\u015bci\u0142a z\u0142o\u017cone kwestie techniczne ira\u0144skiego programu nuklearnego.<\/li>\n<li><b><a href=\"https:\/\/www.theguardian.com\/world\/2012\/sep\/27\/binyamin-netanyahu-cartoon-bomb-un\" target=\"_blank\" rel=\"noopener\">Schemat bomby Netanjahu odni\u00f3s\u0142 sukces - ale nie w spos\u00f3b, w jaki chcia\u0142 tego premier<\/a><\/b>The Guardian donosi o mi\u0119dzynarodowej reakcji na s\u0142ynne przem\u00f3wienie Netanjahu w ONZ i symboliczny \u201erysunek bomby\u201c, kt\u00f3ry przyci\u0105gn\u0105\u0142 uwag\u0119 ca\u0142ego \u015bwiata i ukszta\u0142towa\u0142 debat\u0119 na temat ira\u0144skiego programu nuklearnego.<\/li>\n<li><b><a href=\"https:\/\/www.bloomberg.com\/news\/articles\/2025-06-13\/after-30-years-of-hesitation-netanyahu-pulled-the-trigger\" target=\"_blank\" rel=\"noopener\">Po 30 latach ostrze\u017ce\u0144 Netanjahu poci\u0105gn\u0105\u0142 za spust<\/a><\/b>Bloomberg analizuje, w jaki spos\u00f3b Netanjahu przez dziesi\u0119ciolecia przedstawia\u0142 Iran jako g\u0142\u00f3wne zagro\u017cenie egzystencjalne dla Izraela i ostatecznie popar\u0142 dzia\u0142ania wojskowe przeciwko ira\u0144skiemu programowi nuklearnemu.<\/li>\n<li><b><a href=\"https:\/\/www.reuters.com\/article\/world\/us\/iran-on-brink-of-nuclear-bomb-in-6-7-months-netanyahu-idUSBRE88F06Q\/\" target=\"_blank\" rel=\"noopener\">Iran na kraw\u0119dzi bomby atomowej w ci\u0105gu 6-7 miesi\u0119cy: Netanjahu<\/a><\/b>Reuters donosi o ostrze\u017ceniu Netanjahu z 2012 roku, \u017ce Iran mo\u017ce osi\u0105gn\u0105\u0107 zdolno\u015b\u0107 do zbudowania bomby atomowej w ci\u0105gu kilku miesi\u0119cy. Artyku\u0142 jest przyk\u0142adem powtarzaj\u0105cych si\u0119 alarmuj\u0105cych komunikat\u00f3w izraelskiego rz\u0105du.<\/li>\n<li><b><a href=\"https:\/\/en.wikipedia.org\/wiki\/Nuclear_program_of_Iran\" target=\"_blank\" rel=\"noopener\">Ira\u0144ski program j\u0105drowy<\/a><\/b>Przegl\u0105d historii, rozwoju i kontrowersji politycznych zwi\u0105zanych z ira\u0144skim programem nuklearnym - od jego pocz\u0105tk\u00f3w w latach 50. do rewolucji w 1979 r. i obecnych konflikt\u00f3w mi\u0119dzynarodowych.<\/li>\n<li><b><a href=\"https:\/\/en.wikipedia.org\/wiki\/Timeline_of_the_nuclear_program_of_Iran\" target=\"_blank\" rel=\"noopener\">Kalendarium programu nuklearnego Iranu<\/a><\/b>Szczeg\u00f3\u0142owa chronologia najwa\u017cniejszych wydarze\u0144 zwi\u0105zanych z ira\u0144skim programem nuklearnym, w tym mi\u0119dzynarodowych negocjacji, sankcji i porozumienia nuklearnego z 2015 r. (JCPOA).<\/li>\n<li><b><a href=\"https:\/\/thebulletin.org\/2025\/06\/a-simple-timeline-of-irans-nuclear-program\/\" target=\"_blank\" rel=\"noopener\">Prosta o\u015b czasu ira\u0144skiego programu nuklearnego<\/a><\/b>Bulletin of the Atomic Scientists wyja\u015bnia rozw\u00f3j ira\u0144skiego programu nuklearnego i polityczne konsekwencje porozumie\u0144 mi\u0119dzynarodowych, takich jak JCPOA. Analiza kategoryzuje post\u0119p techniczny i konflikty dyplomatyczne.<\/li>\n<li><b><a href=\"https:\/\/iramcenter.org\/en\/netanyahus-nuclear-gamble-the-risks-of-escalation-with-iran_en-2607\" target=\"_blank\" rel=\"noopener\">Nuklearny hazard Netanjahu: ryzyko eskalacji konfliktu z Iranem<\/a><\/b>Analiza przeprowadzona przez Iram Centre na temat strategicznego ryzyka eskalacji militarnej mi\u0119dzy Izraelem a Iranem, a tak\u017ce d\u0142ugoterminowej argumentacji politycznej Netanjahu w kwestii ira\u0144skiego programu nuklearnego.<\/li>\n<li><b><a href=\"https:\/\/www.abc.net.au\/news\/2012-09-28\/netanyahu-draws-red-line-on-irans-nuke-program\/4285214\" target=\"_blank\" rel=\"noopener\">Netanjahu wyznacza \u2018czerwon\u0105 lini\u0119\u2019 w sprawie ira\u0144skiego programu nuklearnego<\/a><\/b>Raport na temat przem\u00f3wienia Netanjahu w ONZ i jego apelu o wyra\u017an\u0105 mi\u0119dzynarodow\u0105 \u201eczerwon\u0105 lini\u0119\u201c, aby uniemo\u017cliwi\u0107 Iranowi zbudowanie bomby atomowej.<\/li>\n<li><b><a href=\"https:\/\/apnews.com\/article\/13d04138deb51e3f6315fa4ab5973cc0\" target=\"_blank\" rel=\"noopener\">Izraelski atak na Iran oznacza moment prawdy dla Netanjahu<\/a><\/b>Analiza agencji prasowej AP dotycz\u0105ca wieloletnich ostrze\u017ce\u0144 Netanjahu o ira\u0144skim zagro\u017ceniu nuklearnym i jego wp\u0142ywie na polityk\u0119 bezpiecze\u0144stwa i decyzje wojskowe Izraela.<\/li>\n<li><strong><a href=\"https:\/\/www.cfr.org\/global-conflict-tracker\/conflict\/confrontation-between-united-states-and-iran\" target=\"_blank\" rel=\"noopener\">Konfrontacja mi\u0119dzy Stanami Zjednoczonymi a Iranem<\/a><\/strong>Global Conflict Tracker Rady Stosunk\u00f3w Zagranicznych zapewnia stale aktualizowan\u0105 analiz\u0119 strategicznej konfrontacji mi\u0119dzy Iranem, Stanami Zjednoczonymi i ich regionalnymi sojusznikami. Strona wyja\u015bnia historyczne przyczyny konfliktu, rol\u0119 ira\u0144skiego programu nuklearnego, regionalne wojny zast\u0119pcze oraz dynamik\u0119 militarn\u0105 mi\u0119dzy Waszyngtonem, Teheranem i Izraelem.<\/li>\n<li><b><a href=\"https:\/\/www.cfr.org\/global-conflict-tracker\/conflict\/confrontation-between-united-states-and-iran\" target=\"_blank\" rel=\"noopener\">Konfrontacja mi\u0119dzy Stanami Zjednoczonymi a Iranem<\/a><\/b>Global Conflict Tracker Rady Stosunk\u00f3w Zagranicznych zapewnia stale aktualizowan\u0105 analiz\u0119 strategicznej konfrontacji mi\u0119dzy Iranem, Stanami Zjednoczonymi i ich regionalnymi sojusznikami. Strona wyja\u015bnia historyczne przyczyny konfliktu, rol\u0119 ira\u0144skiego programu nuklearnego, regionalne wojny zast\u0119pcze oraz dynamik\u0119 militarn\u0105 mi\u0119dzy Waszyngtonem, Teheranem i Izraelem.<\/li>\n<li><b><a href=\"https:\/\/www.atlanticcouncil.org\/dispatches\/experts-react-the-us-and-israel-just-unleashed-a-major-attack-on-iran-whats-next\/\" target=\"_blank\" rel=\"noopener\">Reakcja ekspert\u00f3w: Co nast\u0105pi po uderzeniu USA i Izraela na Iran?<\/a><\/b>Analiza kilku ekspert\u00f3w ds. bezpiecze\u0144stwa Rady Atlantyckiej na temat strategicznego znaczenia wsp\u00f3lnych uderze\u0144 wojskowych przeciwko Iranowi. Artyku\u0142 analizuje mo\u017cliwe reakcje Iranu, ryzyko regionalnej eskalacji i d\u0142ugoterminowe konsekwencje geopolityczne dla Bliskiego Wschodu i mi\u0119dzynarodowej r\u00f3wnowagi si\u0142.<b><\/b><\/li>\n<li><b><a href=\"https:\/\/www.chathamhouse.org\/2026\/02\/us-and-israel-attack-iran-early-analysis-chatham-house-experts\" target=\"_blank\" rel=\"noopener\">USA i Izrael atakuj\u0105 Iran - wczesna analiza strategiczna<\/a><\/b>Ekspercka analiza brytyjskiego think tanku Chatham House na temat przyczyn i konsekwencji akcji militarnej przeciwko Iranowi. Raport ocenia arsena\u0142 rakietowy Iranu, jego regionalne milicje i d\u0142ugoterminow\u0105 rol\u0119 tego kraju w strukturze w\u0142adzy na Bliskim Wschodzie.<b><\/b><\/li>\n<li><b><a href=\"https:\/\/www.chathamhouse.org\/2026\/03\/iran-war-exposes-limits-russias-leverage-fragmenting-regional-order\" target=\"_blank\" rel=\"noopener\">Wojna w Iranie ujawnia granice wp\u0142yw\u00f3w Rosji<\/a><\/b>Strategiczna analiza tego, w jaki spos\u00f3b konflikt w Iranie ogranicza wp\u0142ywy Rosji na Bliskim Wschodzie, a jednocze\u015bnie ujawnia fragmentaryczny porz\u0105dek regionalny. Artyku\u0142 rzuca \u015bwiat\u0142o na rol\u0119 Moskwy, jej relacje z Teheranem i wp\u0142yw na globaln\u0105 r\u00f3wnowag\u0119 si\u0142.<b><\/b><\/li>\n<li><b><a href=\"https:\/\/www.specialeurasia.com\/2026\/03\/01\/russia-china-iran-tech-military\/\" target=\"_blank\" rel=\"noopener\">Jak rosyjska i chi\u0144ska technologia stanowi podstaw\u0119 strategicznej g\u0142\u0119bi Iranu?<\/a><\/b>Analiza wsp\u00f3\u0142pracy wojskowej i technologicznej mi\u0119dzy Iranem, Rosj\u0105 i Chinami. Artyku\u0142 pokazuje, w jaki spos\u00f3b transfery technologii, wsp\u00f3\u0142praca wojskowa i sieci gospodarcze wzmacniaj\u0105 strategiczn\u0105 pozycj\u0119 Iranu w konflikcie z Zachodem.<b><\/b><\/li>\n<li><b><a href=\"https:\/\/www.oxfordeconomics.com\/iran-conflict-us-israel-iran-war-2026\/\" target=\"_blank\" rel=\"noopener\">Konflikt ira\u0144ski - skutki dla gospodarki i rynk\u00f3w \u015bwiatowych<\/a><\/b>Badanie przeprowadzone przez Oxford Economics na temat ekonomicznych skutk\u00f3w konfliktu z Iranem. Analiza dotyczy w szczeg\u00f3lno\u015bci cen energii, globalnych \u0142a\u0144cuch\u00f3w dostaw, rynk\u00f3w finansowych i mo\u017cliwych scenariuszy dla \u015bwiatowej gospodarki w przypadku przed\u0142u\u017caj\u0105cej si\u0119 eskalacji konfliktu na Bliskim Wschodzie.<\/li>\n<\/ol>\n<\/li>\n<\/ol>\n<hr \/>\n<h2>Cz\u0119sto zadawane pytania<\/h2>\n<ol>\n<li><strong>Dlaczego konflikt mi\u0119dzy Izraelem a Iranem jest uwa\u017cany za tak strategicznie niebezpieczny?<\/strong><br \/>\nPoniewa\u017c kilka poziom\u00f3w \u0142\u0105czy si\u0119 tutaj w tym samym czasie: egzystencjalnie zagro\u017cony Izrael, d\u0142ugoterminowy Iran, os\u0142abione zachodnie struktury wp\u0142yw\u00f3w, rozdrobnione sojusze regionalne i globalna struktura w\u0142adzy w okresie przej\u015bciowym. Ta kombinacja tworzy sytuacj\u0119, w kt\u00f3rej tradycyjne mechanizmy stabilno\u015bci nie s\u0105 ju\u017c skuteczne. Strategowie obawiaj\u0105 si\u0119 takich sytuacji, poniewa\u017c nie s\u0105 one ju\u017c przewidywalne, a ma\u0142e b\u0142\u0119dy mog\u0105 mie\u0107 ogromne konsekwencje.<\/li>\n<li><strong>Dlaczego Izrael nie mo\u017ce po prostu zareagowa\u0107 \u0142agodniej, aby uspokoi\u0107 sytuacj\u0119?<\/strong><br \/>\nDla Izraela pow\u015bci\u0105gliwo\u015b\u0107 nie jest neutralnym krokiem. Jakakolwiek widoczna s\u0142abo\u015b\u0107 mo\u017ce os\u0142abi\u0107 odstraszanie i zaniepokoi\u0107 ludno\u015b\u0107. Kraj czuje si\u0119 egzystencjalnie zagro\u017cony - a w takich sytuacjach twardo\u015b\u0107 jest cz\u0119sto postrzegana jako konieczna obrona. Jednocze\u015bnie w kraju istnieje presja polityczna, kt\u00f3ra blokuje bardziej umiarkowane podej\u015bcie. Izrael znajduje si\u0119 zatem w sytuacji, w kt\u00f3rej pow\u015bci\u0105gliwo\u015b\u0107 wydaje si\u0119 by\u0107 ryzykiem, a nie rozwi\u0105zaniem.<\/li>\n<li><strong>Dlaczego Iran nie mo\u017ce po prostu si\u0119 wycofa\u0107?<\/strong><br \/>\nIran definiuje swoj\u0105 legitymacj\u0119 poprzez op\u00f3r, niez\u0142omno\u015b\u0107 i regionaln\u0105 projekcj\u0119 si\u0142y. Odwr\u00f3t by\u0142by interpretowany w kraju jako s\u0142abo\u015b\u0107 i m\u00f3g\u0142by zdestabilizowa\u0107 re\u017cim. Je\u015bli chodzi o polityk\u0119 zagraniczn\u0105, ust\u0119pstwo by\u0142oby postrzegane jako utrata zdolno\u015bci odstraszania. Dla Teheranu wycofanie si\u0119 jest zatem nie tylko problemem politycznym, ale tak\u017ce strukturalnym. Oznacza to, \u017ce Iran - podobnie jak Izrael - jest uwi\u0119ziony w logice, kt\u00f3ra sprzyja eskalacji.<\/li>\n<li><strong>Jak\u0105 rol\u0119 w obecnej sytuacji odgrywa trwaj\u0105ca od dziesi\u0119cioleci polityka ostrzegawcza Netanjahu?<\/strong><br \/>\nPowtarzaj\u0105ce si\u0119 od lat 90. ostrze\u017cenia przed \u201ewkr\u00f3tce zdolnym do broni j\u0105drowej\u201c ira\u0144skim przyw\u00f3dztwem ukszta\u0142towa\u0142y kultur\u0119 polityczn\u0105 w Izraelu i ukszta\u0142towa\u0142y mi\u0119dzynarodowe oczekiwania. Jednak ci\u0105g\u0142e powtarzanie tych ostrze\u017ce\u0144 sprawi\u0142o, \u017ce sta\u0142y si\u0119 one mniej skuteczne. Teraz, gdy sytuacja jest naprawd\u0119 powa\u017cna, wiarygodno\u015b\u0107 tych ostrze\u017ce\u0144 zosta\u0142a os\u0142abiona. Jednocze\u015bnie Izrael wmanewrowa\u0142 si\u0119 w lini\u0119, z kt\u00f3rej wycofanie si\u0119 jest politycznie prawie niemo\u017cliwe.<\/li>\n<li><strong>Dlaczego eksperci nagle m\u00f3wi\u0105 o ponownym u\u017cyciu taktycznej broni j\u0105drowej?<\/strong><br \/>\nPoniewa\u017c kilka czynnik\u00f3w ryzyka wyst\u0119puje jednocze\u015bnie: przeci\u0105\u017cony izraelski system obronny, ogromny ira\u0144ski potencja\u0142 rakietowy i dronowy, strategiczny impas, w kt\u00f3rym obie strony nie mog\u0105 si\u0119 podda\u0107, a tak\u017ce \u015brodowisko geopolityczne, w kt\u00f3rym Zach\u00f3d straci\u0142 swoj\u0105 dawn\u0105 rol\u0119 kotwicy stabilno\u015bci. Taktyczna bro\u0144 j\u0105drowa jest uwa\u017cana za \u201eultima ratio\u201c w sytuacjach zagro\u017cenia egzystencjalnego - a wiele obecnych wydarze\u0144 wskazuje, \u017ce przestrze\u0144 decyzyjna si\u0119 zaw\u0119\u017ca.<\/li>\n<li><strong>Jakie by\u0142yby konsekwencje ograniczonego uderzenia nuklearnego na Bliskim Wschodzie?<\/strong><br \/>\nNawet taktyczne, niestrategiczne rozmieszczenie mia\u0142oby globalne konsekwencje. Wstrz\u0105sn\u0119\u0142oby mi\u0119dzynarodow\u0105 architektur\u0105 bezpiecze\u0144stwa, zdestabilizowa\u0142oby regionalne sojusze, zachwia\u0142oby r\u00f3wnowag\u0119 na rynkach i podwa\u017cy\u0142oby zasadno\u015b\u0107 traktat\u00f3w mi\u0119dzynarodowych. Efekt psychologiczny by\u0142by szczeg\u00f3lnie wybuchowy: jednorazowe rozmieszczenie prze\u0142ama\u0142oby trwaj\u0105ce od dziesi\u0119cioleci tabu - i zwi\u0119kszy\u0142oby prawdopodobie\u0144stwo na\u015bladowc\u00f3w.<\/li>\n<li><strong>Jak prawdopodobne jest, \u017ce Pakistan odpowie na atak nuklearny na Iran?<\/strong><br \/>\nBezpo\u015bredni kontratak nuklearny ze strony Pakistanu by\u0142by bardzo ma\u0142o prawdopodobny, poniewa\u017c pogr\u0105\u017cy\u0142by kraj w samob\u00f3jczym konflikcie. Bardziej prawdopodobne by\u0142oby masowe retoryczne pot\u0119pienie, mobilizacja wojskowa, presja dyplomatyczna i wzmocnienie antyzachodnich sojuszy. Jednak sam fakt, \u017ce Pakistan jest pot\u0119g\u0105 nuklearn\u0105 i postrzega siebie jako si\u0142\u0119 ochronn\u0105 \u015bwiata muzu\u0142ma\u0144skiego, znacznie zwi\u0119ksza z\u0142o\u017cono\u015b\u0107 konfliktu.<\/li>\n<li><strong>Czy pozosta\u0142y dzi\u015b jakie\u015b wielkie mocarstwa, kt\u00f3re mog\u0105 bezpiecznie powstrzyma\u0107 eskalacj\u0119?<\/strong><br \/>\n\u015awiat sta\u0142 si\u0119 wielobiegunowy. USA s\u0105 nadmiernie rozci\u0105gni\u0119te, Europa jest politycznie s\u0142aba, Rosja i Chiny realizuj\u0105 w\u0142asne interesy i maj\u0105 ograniczony wp\u0142yw na Iran. Nie ma ju\u017c jednego aktora, kt\u00f3ry m\u00f3g\u0142by dzia\u0142a\u0107 jako niezawodny \u201eamortyzator eskalacji\u201c. To w\u0142a\u015bnie odr\u00f3\u017cnia obecny kryzys od poprzednich konflikt\u00f3w.<\/li>\n<li><strong>Dlaczego wiele os\u00f3b w Europie bagatelizuje zagro\u017cenie?<\/strong><br \/>\nPoniewa\u017c sytuacja medialna jest mocno filtrowana. Wiele zachodnich program\u00f3w informacyjnych pokazuje jedynie wyabstrahowane lub rozbrojone obrazy. Jednocze\u015bnie rzadko dostarczaj\u0105 informacji o g\u0142\u0119bokich powi\u0105zaniach strukturalnych. Stwarza to zwodnicze poczucie dystansu. Chocia\u017c ludzie intuicyjnie wyczuwaj\u0105, \u017ce \u201eco\u015b jest nie tak\u201c, nie widz\u0105 pe\u0142nej rzeczywisto\u015bci. A brak widoczno\u015bci prowadzi do braku pilno\u015bci.<\/li>\n<li><strong>Dlaczego zachodnie media nie pokazuj\u0105 prawdziwych obraz\u00f3w wojny lub pokazuj\u0105 je w stonowanej formie?<\/strong><br \/>\nZ kilku powod\u00f3w: aby unikn\u0105\u0107 szokowania ludno\u015bci, aby chroni\u0107 stabilno\u015b\u0107 spo\u0142eczn\u0105, z ostro\u017cno\u015bci redakcyjnej i z tradycyjnego wizerunku, kt\u00f3ry przedstawia konflikty w spos\u00f3b edukacyjny, a nie dokumentalny. Ale ta pow\u015bci\u0105gliwo\u015b\u0107 tworzy luki informacyjne. A luki informacyjne staj\u0105 si\u0119 niebezpieczne w czasach kryzysu, poniewa\u017c prowadz\u0105 do b\u0142\u0119dnego postrzegania i niew\u0142a\u015bciwych decyzji politycznych.<\/li>\n<li><strong>Dlaczego firmy tak ostro\u017cnie reaguj\u0105 na konflikt?<\/strong><br \/>\nFirmy s\u0105 systemami ryzyka. Gdy tylko niepewno\u015b\u0107 geopolityczna wzrasta, reaguj\u0105 instynktownie: odk\u0142adaj\u0105 inwestycje, zmniejszaj\u0105 zobowi\u0105zania, wstrzymuj\u0105 p\u0142ynno\u015b\u0107 i planuj\u0105 bardziej konserwatywnie. \u0141a\u0144cuchy dostaw, ceny energii, sk\u0142adki ubezpieczeniowe i warunki kredytowe s\u0105 w du\u017cym stopniu zale\u017cne od rozwoju sytuacji geopolitycznej. Gdy \u015bwiat staje si\u0119 niestabilny, dzia\u0142alno\u015b\u0107 gospodarcza cz\u0119sto ulega zamro\u017ceniu - na d\u0142ugo zanim kryzys faktycznie do nas dotrze.<\/li>\n<li><strong>Jak\u0105 rol\u0119 w tym rozwoju odgrywaj\u0105 ceny energii?<\/strong><br \/>\nCentralna rola. Bliski Wsch\u00f3d jest kluczowym o\u015brodkiem dostaw energii. Jakakolwiek niepewno\u015b\u0107 w regionie ma natychmiastowy wp\u0142yw na ceny ropy i gazu. Te ruchy cenowe nie s\u0105 postrzegane przez firmy jako \u201eprzera\u017caj\u0105ce wiadomo\u015bci\u201c, ale jako rzeczywisty czynnik kosztowy, kt\u00f3ry wp\u0142ywa na ca\u0142y \u0142a\u0144cuch warto\u015bci. Energia jest niewidzialnym pulsem globalnej gospodarki - a puls ten reaguje niezwykle wra\u017cliwie.<\/li>\n<li><strong>Dlaczego presja Zachodu na Iran jest ju\u017c ma\u0142o skuteczna?<\/strong><br \/>\nPoniewa\u017c Iran dzia\u0142a obecnie w du\u017cej mierze niezale\u017cnie od system\u00f3w zachodnich, a zamiast tego polega na rynkach azjatyckich, sieciach regionalnych i nowych sojuszach geopolitycznych. Sankcje, kt\u00f3re kiedy\u015b by\u0142y skuteczne, teraz trac\u0105 swoj\u0105 skuteczno\u015b\u0107. Jednocze\u015bnie Iran zdaje sobie spraw\u0119, \u017ce globalne struktury w\u0142adzy s\u0105 podzielone. Stwarza to pole manewru, kt\u00f3re nie istnia\u0142o w przesz\u0142o\u015bci.<\/li>\n<li><strong>Czy dyplomacja mo\u017ce jeszcze rozwi\u0105za\u0107 konflikt?<\/strong><br \/>\nDyplomacja mo\u017ce je st\u0142umi\u0107, ale nie rozwi\u0105za\u0107. Konflikty na tak\u0105 skal\u0119 maj\u0105 g\u0142\u0119bokie przyczyny strukturalne. Rozmowy dyplomatyczne s\u0105 wa\u017cne, ale dzia\u0142aj\u0105 tylko wtedy, gdy obie strony widz\u0105 wyj\u015bcie z sytuacji. Obecnie ani Izrael, ani Iran nie widz\u0105 takiej drogi bez nara\u017cania na szwank swoich fundament\u00f3w polityki bezpiecze\u0144stwa. Dyplomacja mo\u017ce zatem obecnie jedynie ogranicza\u0107 szkody.<\/li>\n<li><strong>Jakie wnioski powinna wyci\u0105gn\u0105\u0107 Europa z tej eskalacji?<\/strong><br \/>\nEuropa musia\u0142aby rozwin\u0105\u0107 zupe\u0142nie now\u0105 kultur\u0119 polityki bezpiecze\u0144stwa - bardziej realistyczn\u0105, solidn\u0105 i niezale\u017cn\u0105. Obejmuje to: silniejszy przemys\u0142, niezawodne dostawy energii, strategiczn\u0105 polityk\u0119 zagraniczn\u0105 bez moralnej arogancji i krajobraz medialny, kt\u00f3ry nie pomija kryzys\u00f3w. Dzi\u015b Europa jest zbyt zale\u017cna, zbyt powolna i zbyt naiwna, by sprosta\u0107 geopolitycznej rzeczywisto\u015bci.<\/li>\n<li><strong>Dlaczego ten konflikt jest punktem zwrotnym dla porz\u0105dku \u015bwiatowego?<\/strong><br \/>\nPoniewa\u017c jasno pokazuje, \u017ce stary zachodni porz\u0105dek ju\u017c nie dzia\u0142a. W\u0142adza ulega redystrybucji. Pa\u0144stwa, kt\u00f3re wcze\u015bniej mia\u0142y znaczenie jedynie regionalne, teraz dzia\u0142aj\u0105 globalnie. Zach\u00f3d nie mo\u017ce ju\u017c jednostronnie okre\u015bla\u0107 sposobu prowadzenia konflikt\u00f3w. \u015awiat staje si\u0119 wielobiegunowy - a systemy wielobiegunowe s\u0105 bardziej chaotyczne, dynamiczne i trudniejsze do kontrolowania.<\/li>\n<li><strong>Czy musimy przygotowa\u0107 si\u0119 na bezpo\u015brednie konsekwencje w Europie?<\/strong><br \/>\nTak - niekoniecznie militarnie, ale politycznie, ekonomicznie i spo\u0142ecznie. Ceny energii, inflacja, \u0142a\u0144cuchy dostaw, migracja, kwestie bezpiecze\u0144stwa i nastroje polityczne maj\u0105 na to wp\u0142yw. Geopolityka nigdy nie jest daleko. Zawsze ma wp\u0142yw na nasze codzienne \u017cycie poprzez kana\u0142y gospodarcze i spo\u0142eczne, nawet je\u015bli wiele os\u00f3b zdaje sobie z tego spraw\u0119 dopiero z op\u00f3\u017anieniem.<\/li>\n<li><strong>Dlaczego artyku\u0142 celowo ko\u0144czy si\u0119 otwarcie?<\/strong><br \/>\nPoniewa\u017c w tym konflikcie nie ma jasnych \u015bcie\u017cek. Zbyt wiele zmiennych, zbyt wielu graczy, zbyt wiele historycznych linii si\u0119 przeplata. Otwarte zako\u0144czenie lepiej odzwierciedla rzeczywisto\u015b\u0107 ni\u017c sztuczna konkluzja. Kryzysy takie jak ten to procesy, a nie zamkni\u0119te wydarzenia. A ich rozw\u00f3j zale\u017cy od decyzji, kt\u00f3re zostan\u0105 podj\u0119te w nadchodz\u0105cych dniach, tygodniach i miesi\u0105cach - przez aktor\u00f3w, kt\u00f3rzy sami znajduj\u0105 si\u0119 pod ogromn\u0105 presj\u0105.<\/li>\n<\/ol>\n<hr \/>\n\n\t\t\t<div class=\"display-post-types\">\n\n\t\t\t\t\t\t\t<style type=\"text\/css\">\n\t\t\t#dpt-wrapper-996 { --dpt-text-align: left;--dpt-image-crop: center;--dpt-border-radius: 5px;--dpt-h-gutter: 10px;--dpt-v-gutter: 9px; }\t\t\t<\/style>\n\t\t\t<style type=\"text\/css\">#dpt-wrapper-996 { --dpt-title-font-style:normal;--dpt-title-font-weight:600;--dpt-title-line-height:1.5;--dpt-title-text-decoration:none;--dpt-title-text-transform:none;--dpt-excerpt-font-style:normal;--dpt-excerpt-font-weight:400;--dpt-excerpt-line-height:1.5;--dpt-excerpt-text-decoration:none;--dpt-excerpt-text-transform:none;--dpt-meta1-font-style:normal;--dpt-meta1-font-weight:400;--dpt-meta1-line-height:1.9;--dpt-meta1-text-decoration:none;--dpt-meta1-text-transform:none;--dpt-meta2-font-style:normal;--dpt-meta2-font-weight:400;--dpt-meta2-line-height:1.9;--dpt-meta2-text-decoration:none;--dpt-meta2-text-transform:none; }<\/style><div class=\"dpt-main-header\">\n\t\t\t\t\t\t<div class=\"dpt-main-title\">\n\t\t\t\t\t\t\t<span class=\"dpt-main-title-text\">Kwestie spo\u0142eczne tera\u017aniejszo\u015bci<\/span>\n\t\t\t\t\t\t<\/div>\n\t\t\t\t\t\t\n\t\t\t\t\t\t\n\t\t\t\t\t\t\n\t\t\t\t\t\t<\/div>\t\t\t\n\t\t\t\t<div id=\"dpt-wrapper-996\" class=\"dpt-wrapper dpt-mag1 land1 dpt-cropped dpt-flex-wrap\" >\n\n\t\t\t\t\t\t\t\t\t\t\t<div class=\"dpt-entry has-thumbnail\" data-title=\"digitales geld verstehen: bitcoin, stablecoins und cbdcs einfach erkl\u00e4rt\" data-id=\"4211\"  data-category=\"allgemein gesellschaft\" data-post_tag=\"datenschutz digitales eigentum eu-gesetze europa geopolitik spieltheorie\">\n\t\t\t\t\t\t\t<div class=\"dpt-entry-wrapper\"><div class=\"dpt-featured-content\"><div class=\"dpt-permalink\"><a href=\"https:\/\/www.markus-schall.de\/pl\/2026\/01\/zrozumienie-cyfrowego-pieniadza-bitcoin-stablecoin-i-cbdcs-wyjasnione-w-prosty-sposob\/\" class=\"dpt-permalink\"><span class=\"screen-reader-text\">Zrozumie\u0107 cyfrowe pieni\u0105dze: Bitcoin, stablecoiny i CBDC wyja\u015bnione w prosty spos\u00f3b<\/span><\/a><\/div><div class=\"dpt-thumbnail\"><div class=\"dpt-thumbnail-inner\"><img width=\"1024\" height=\"558\" class=\"attachment-full size-full\" alt=\"CBDC, kryptowaluty i stablecoiny\" context=\"dpt\" data-dpt-src=\"https:\/\/www.markus-schall.de\/wp-content\/uploads\/cbcd-kryptos-coins-tokens.jpg\" data-dpt-sizes=\"(max-width: 1024px) 100vw, 1024px\" data-dpt-srcset=\"https:\/\/www.markus-schall.de\/wp-content\/uploads\/cbcd-kryptos-coins-tokens.jpg 1024w, https:\/\/www.markus-schall.de\/wp-content\/uploads\/cbcd-kryptos-coins-tokens-300x163.jpg 300w, https:\/\/www.markus-schall.de\/wp-content\/uploads\/cbcd-kryptos-coins-tokens-768x419.jpg 768w, https:\/\/www.markus-schall.de\/wp-content\/uploads\/cbcd-kryptos-coins-tokens-18x10.jpg 18w\" \/><\/div><span class=\"dpt-thumbnail-aspect-ratio\" style=\"padding-top: 75%\"><\/span><\/div><\/div><div class=\"sub-entry\"><h3 class=\"dpt-title\"><a class=\"dpt-title-link\" href=\"https:\/\/www.markus-schall.de\/pl\/2026\/01\/zrozumienie-cyfrowego-pieniadza-bitcoin-stablecoin-i-cbdcs-wyjasnione-w-prosty-sposob\/\" rel=\"bookmark\">Zrozumie\u0107 cyfrowe pieni\u0105dze: Bitcoin, stablecoiny i CBDC wyja\u015bnione w prosty spos\u00f3b<\/a><\/h3><\/div><\/div>\n\t\t\t\t\t\t<\/div><!-- .dpt-entry -->\n\t\t\t\t\t\t\t\t\t\t\t\t<div class=\"dpt-entry has-thumbnail\" data-title=\"b\u00fccher mit tiefgang zu medizin, pers\u00f6nlichkeit und technik beim m. schall verlag\" data-id=\"2401\"  data-category=\"allgemein b\u00fccher gesellschaft gesundheit\" data-post_tag=\"buch cmd datenbanken krisen pers\u00f6nlichkeitsentwicklung verlag\">\n\t\t\t\t\t\t\t<div class=\"dpt-entry-wrapper\"><div class=\"dpt-featured-content\"><div class=\"dpt-permalink\"><a href=\"https:\/\/www.markus-schall.de\/pl\/2025\/07\/ksiazki-o-osobowosci-i-technologii-medycznej-w-m-schall-verlag\/\" class=\"dpt-permalink\"><span class=\"screen-reader-text\">Szczeg\u00f3\u0142owe ksi\u0105\u017cki na temat medycyny, osobowo\u015bci i technologii od M. Schall Verlag<\/span><\/a><\/div><div class=\"dpt-thumbnail\"><div class=\"dpt-thumbnail-inner\"><img width=\"2400\" height=\"1260\" class=\"attachment-full size-full\" alt=\"Schall Verlag - Ksi\u0105\u017cki z tre\u015bci\u0105\" context=\"dpt\" data-dpt-src=\"https:\/\/www.markus-schall.de\/wp-content\/uploads\/image-sv.jpg\" data-dpt-sizes=\"(max-width: 2400px) 100vw, 2400px\" data-dpt-srcset=\"https:\/\/www.markus-schall.de\/wp-content\/uploads\/image-sv.jpg 2400w, https:\/\/www.markus-schall.de\/wp-content\/uploads\/image-sv-300x158.jpg 300w, https:\/\/www.markus-schall.de\/wp-content\/uploads\/image-sv-1024x538.jpg 1024w, https:\/\/www.markus-schall.de\/wp-content\/uploads\/image-sv-768x403.jpg 768w, https:\/\/www.markus-schall.de\/wp-content\/uploads\/image-sv-1536x806.jpg 1536w, https:\/\/www.markus-schall.de\/wp-content\/uploads\/image-sv-2048x1075.jpg 2048w, https:\/\/www.markus-schall.de\/wp-content\/uploads\/image-sv-18x9.jpg 18w\" \/><\/div><span class=\"dpt-thumbnail-aspect-ratio\" style=\"padding-top: 75%\"><\/span><\/div><\/div><div class=\"sub-entry\"><h3 class=\"dpt-title\"><a class=\"dpt-title-link\" href=\"https:\/\/www.markus-schall.de\/pl\/2025\/07\/ksiazki-o-osobowosci-i-technologii-medycznej-w-m-schall-verlag\/\" rel=\"bookmark\">Szczeg\u00f3\u0142owe ksi\u0105\u017cki na temat medycyny, osobowo\u015bci i technologii od M. Schall Verlag<\/a><\/h3><\/div><\/div>\n\t\t\t\t\t\t<\/div><!-- .dpt-entry -->\n\t\t\t\t\t\t\t\t\t\t\t\t<div class=\"dpt-entry has-thumbnail\" data-title=\"vom content zur substanz: wie digitale systeme entstehen, die nicht kopierbar sind\" data-id=\"5899\"  data-category=\"allgemein b\u00fccher gesellschaft tipps &amp; anleitungen\" data-post_tag=\"buch datenlogik denkmodelle digitales eigentum erfahrungen k\u00fcnstliche intelligenz prozesse publishing ratgeber\">\n\t\t\t\t\t\t\t<div class=\"dpt-entry-wrapper\"><div class=\"dpt-featured-content\"><div class=\"dpt-permalink\"><a href=\"https:\/\/www.markus-schall.de\/pl\/2026\/04\/od-tresci-do-substancji-jak-powstaja-systemy-cyfrowe-ktorych-nie-mozna-skopiowac\/\" class=\"dpt-permalink\"><span class=\"screen-reader-text\">Od tre\u015bci do tre\u015bci: jak powstaj\u0105 systemy cyfrowe, kt\u00f3rych nie mo\u017cna skopiowa\u0107<\/span><\/a><\/div><div class=\"dpt-thumbnail\"><div class=\"dpt-thumbnail-inner\"><img width=\"1024\" height=\"682\" class=\"attachment-full size-full\" alt=\"System zamiast indywidualnej zawarto\u015bci\" context=\"dpt\" data-dpt-src=\"https:\/\/www.markus-schall.de\/wp-content\/uploads\/Organische-Reichweite.jpg\" data-dpt-sizes=\"(max-width: 1024px) 100vw, 1024px\" data-dpt-srcset=\"https:\/\/www.markus-schall.de\/wp-content\/uploads\/Organische-Reichweite.jpg 1024w, https:\/\/www.markus-schall.de\/wp-content\/uploads\/Organische-Reichweite-300x200.jpg 300w, https:\/\/www.markus-schall.de\/wp-content\/uploads\/Organische-Reichweite-768x512.jpg 768w, https:\/\/www.markus-schall.de\/wp-content\/uploads\/Organische-Reichweite-18x12.jpg 18w\" \/><\/div><span class=\"dpt-thumbnail-aspect-ratio\" style=\"padding-top: 75%\"><\/span><\/div><\/div><div class=\"sub-entry\"><h3 class=\"dpt-title\"><a class=\"dpt-title-link\" href=\"https:\/\/www.markus-schall.de\/pl\/2026\/04\/od-tresci-do-substancji-jak-powstaja-systemy-cyfrowe-ktorych-nie-mozna-skopiowac\/\" rel=\"bookmark\">Od tre\u015bci do tre\u015bci: jak powstaj\u0105 systemy cyfrowe, kt\u00f3rych nie mo\u017cna skopiowa\u0107<\/a><\/h3><\/div><\/div>\n\t\t\t\t\t\t<\/div><!-- .dpt-entry -->\n\t\t\t\t\t\t\t\t\t\t\t\t<div class=\"dpt-entry has-thumbnail\" data-title=\"spieltheorie erkl\u00e4rt 25 jahre geopolitik: wie europa seine strategische rolle verlor\" data-id=\"3850\"  data-category=\"allgemein gesellschaft kunst &amp; kultur\" data-post_tag=\"denkmodelle deutschland energiepolitik eu-gesetze europa geopolitik krisen sicherheitspolitik spieltheorie\">\n\t\t\t\t\t\t\t<div class=\"dpt-entry-wrapper\"><div class=\"dpt-featured-content\"><div class=\"dpt-permalink\"><a href=\"https:\/\/www.markus-schall.de\/pl\/2025\/12\/teoria-gier-wyjasnia-25-lat-geopolityki-jak-europa-stracila-swoja-strategiczna-role\/\" class=\"dpt-permalink\"><span class=\"screen-reader-text\">Teoria gier wyja\u015bnia 25 lat geopolityki: jak Europa straci\u0142a swoj\u0105 strategiczn\u0105 rol\u0119<\/span><\/a><\/div><div class=\"dpt-thumbnail\"><div class=\"dpt-thumbnail-inner\"><img width=\"1024\" height=\"765\" class=\"attachment-full size-full\" alt=\"Teoria gier wyja\u015bnia 25 lat geopolityki\" context=\"dpt\" data-dpt-src=\"https:\/\/www.markus-schall.de\/wp-content\/uploads\/europa-russland-spieltheorie.jpg\" data-dpt-sizes=\"(max-width: 1024px) 100vw, 1024px\" data-dpt-srcset=\"https:\/\/www.markus-schall.de\/wp-content\/uploads\/europa-russland-spieltheorie.jpg 1024w, https:\/\/www.markus-schall.de\/wp-content\/uploads\/europa-russland-spieltheorie-300x224.jpg 300w, https:\/\/www.markus-schall.de\/wp-content\/uploads\/europa-russland-spieltheorie-768x574.jpg 768w, https:\/\/www.markus-schall.de\/wp-content\/uploads\/europa-russland-spieltheorie-16x12.jpg 16w\" \/><\/div><span class=\"dpt-thumbnail-aspect-ratio\" style=\"padding-top: 75%\"><\/span><\/div><\/div><div class=\"sub-entry\"><h3 class=\"dpt-title\"><a class=\"dpt-title-link\" href=\"https:\/\/www.markus-schall.de\/pl\/2025\/12\/teoria-gier-wyjasnia-25-lat-geopolityki-jak-europa-stracila-swoja-strategiczna-role\/\" rel=\"bookmark\">Teoria gier wyja\u015bnia 25 lat geopolityki: jak Europa straci\u0142a swoj\u0105 strategiczn\u0105 rol\u0119<\/a><\/h3><\/div><\/div>\n\t\t\t\t\t\t<\/div><!-- .dpt-entry -->\n\t\t\t\t\t\t\n\t\t\t\t<\/div>\n\t\t\t\t\t\t<\/div>\n\t\t\t\n<hr \/>\n<h2>Starsze wiadomo\u015bci na ten temat<\/h2>\n<p><strong>31.03.2026<\/strong>Napi\u0119cia zwi\u0105zane z konfliktem w Iranie coraz cz\u0119\u015bciej prowadz\u0105 do otwartych r\u00f3\u017cnic wewn\u0105trz zachodniego sojuszu. Wed\u0142ug ostatnich doniesie\u0144 <a href=\"https:\/\/orf.at\/stories\/3425530\/\" target=\"_blank\" rel=\"noopener\"><strong>W\u0142ochy zezwoli\u0142y USA na korzystanie z bazy wojskowej<\/strong><\/a> na Sycylii do operacji w wojnie w Iranie, poniewa\u017c nie by\u0142o na to zgody parlamentu w odpowiednim czasie. Jednocze\u015bnie Rzym podkre\u015bla, \u017ce by\u0142a to decyzja prawna, a nie polityczna.<\/p>\n<p>Ju\u017c wcze\u015bniej <a href=\"https:\/\/www.tagesschau.de\/ausland\/europa\/spanien-uberflugverbot-irankrieg-100.html\" target=\"_blank\" rel=\"noopener\"><strong>Hiszpania zajmuje jasne stanowisko<\/strong><\/a>Rz\u0105d w Madrycie zakaza\u0142 Stanom Zjednoczonym korzystania z wa\u017cnych baz wojskowych, takich jak Rota i Mor\u00f3n, a tak\u017ce przelot\u00f3w nad hiszpa\u0144sk\u0105 przestrzeni\u0105 powietrzn\u0105 na potrzeby misji zwi\u0105zanych z konfliktem w Iranie. Wynika to z wyra\u017anej linii politycznej Hiszpanii, kt\u00f3ra nie popiera wojny i uznaje j\u0105 za problematyczn\u0105 w \u015bwietle prawa mi\u0119dzynarodowego. Og\u00f3lnie rzecz bior\u0105c, tworzy to coraz bardziej widoczny roz\u0142am w NATO, poniewa\u017c kraje europejskie wyra\u017anie ograniczaj\u0105 swoje zaanga\u017cowanie w eskalacj\u0119 militarn\u0105.<\/p>\n<div class=\"lyte-wrapper\" style=\"width:640px;max-width:100%;margin:5px;\"><div class=\"lyMe\" id=\"WYL_opbLEN67oK8\"><div id=\"lyte_opbLEN67oK8\" data-src=\"https:\/\/www.markus-schall.de\/wp-content\/plugins\/wp-youtube-lyte\/lyteCache.php?origThumbUrl=%2F%2Fi.ytimg.com%2Fvi%2FopbLEN67oK8%2Fhqdefault.jpg\" class=\"pL\"><div class=\"tC\"><div class=\"tT\"><\/div><\/div><div class=\"play\"><\/div><div class=\"ctrl\"><div class=\"Lctrl\"><\/div><div class=\"Rctrl\"><\/div><\/div><\/div><noscript><a href=\"https:\/\/youtu.be\/opbLEN67oK8\" rel=\"nofollow noopener\" target=\"_blank\"><img loading=\"lazy\" decoding=\"async\" src=\"https:\/\/www.markus-schall.de\/wp-content\/plugins\/wp-youtube-lyte\/lyteCache.php?origThumbUrl=https%3A%2F%2Fi.ytimg.com%2Fvi%2FopbLEN67oK8%2F0.jpg\" alt=\"Miniatura wideo YouTube\" width=\"640\" height=\"340\" \/><br \/>Obejrzyj ten film na YouTube<\/a><\/noscript><\/div><\/div><div class=\"lL\" style=\"max-width:100%;width:640px;margin:5px;\"><\/div><br \/>\nAmeryka\u0144ski ekspert gie\u0142dowy Koch: \u201eDzia\u0142ania Trumpa destabilizuj\u0105 globaln\u0105 gospodark\u0119\u201c | <a href=\"https:\/\/www.youtube.com\/@handelsblattvideo\" target=\"_blank\" rel=\"nofollow noopener\">Handelsblatt<\/a><\/p>\n<p><strong>25.03.2026<\/strong>Ostra krytyka ameryka\u0144skiej i izraelskiej wojny z Iranem ze strony prezydenta Niemiec Steinmeiera wywo\u0142uje niezwyk\u0142e poruszenie. <a href=\"https:\/\/www.spiegel.de\/politik\/frank-walter-steinmeier-bekommt-fuer-iran-krieg-aeusserung-lob-aus-teheran-und-von-der-afd-a-67d5ce17-25c1-4dac-9105-2a0376e9a9ae\" target=\"_blank\" rel=\"noopener\"><strong>Reakcje polityczne w kraju i za granic\u0105<\/strong><\/a>. Podczas gdy Steinmeier sklasyfikowa\u0142 konflikt jako \u201esprzeczny z prawem mi\u0119dzynarodowym\u201c, otrzyma\u0142 poparcie zar\u00f3wno ze strony Teheranu, jak i AfD - rzadka i politycznie niezwyk\u0142a konstelacja. Jednocze\u015bnie jego stanowisko spotka\u0142o si\u0119 z krytyk\u0105 w niemieckiej polityce, zw\u0142aszcza ze strony CDU\/CSU, kt\u00f3ra oskar\u017ca go o przekroczenie swojej roli. Debata koncentruje si\u0119 mniej na ocenie samego konfliktu, a bardziej na pytaniu, jak otwarcie prezydent federalny powinien formu\u0142owa\u0107 stanowiska w polityce zagranicznej. Wypowiedzi Steinmeiera pokazuj\u0105, jak silnie konflikt ira\u0144ski charakteryzuje r\u00f3wnie\u017c wewn\u0119trzn\u0105 debat\u0119 polityczn\u0105 w Niemczech.<\/p>\n<p><strong>24.03.2026<\/strong>Prezydent federalny Frank-Walter Steinmeier skrytykowa\u0142 wojn\u0119 USA i Izraela przeciwko Iranowi w niezwykle jasnych s\u0142owach, okre\u015blaj\u0105c j\u0105 jako \u201esprzeczn\u0105 z prawem mi\u0119dzynarodowym\u201c. W przem\u00f3wieniu z okazji 75. rocznicy powstania Federalnego Ministerstwa Spraw Zagranicznych podkre\u015bli\u0142, \u017ce \u201enie ma w\u0105tpliwo\u015bci\u201c co do tej oceny. Steinmeier uderzy\u0142 tym samym w znacznie ostrzejszy ton ni\u017c niemiecki rz\u0105d, kt\u00f3ry do tej pory unika\u0142 takiej kategoryzacji. Jednocze\u015bnie okre\u015bli\u0142 konflikt jako \u201epolitycznie fatalny b\u0142\u0105d\u201c i zakwestionowa\u0142 mo\u017cliwo\u015b\u0107 osi\u0105gni\u0119cia cel\u00f3w wojskowych, takich jak zapobie\u017cenie ira\u0144skiej bombie atomowej.<\/p>\n<div class=\"lyte-wrapper\" style=\"width:640px;max-width:100%;margin:5px;\"><div class=\"lyMe\" id=\"WYL_ODRJmAMeFNM\"><div id=\"lyte_ODRJmAMeFNM\" data-src=\"https:\/\/www.markus-schall.de\/wp-content\/plugins\/wp-youtube-lyte\/lyteCache.php?origThumbUrl=%2F%2Fi.ytimg.com%2Fvi%2FODRJmAMeFNM%2Fhqdefault.jpg\" class=\"pL\"><div class=\"tC\"><div class=\"tT\"><\/div><\/div><div class=\"play\"><\/div><div class=\"ctrl\"><div class=\"Lctrl\"><\/div><div class=\"Rctrl\"><\/div><\/div><\/div><noscript><a href=\"https:\/\/youtu.be\/ODRJmAMeFNM\" rel=\"nofollow noopener\" target=\"_blank\"><img loading=\"lazy\" decoding=\"async\" src=\"https:\/\/www.markus-schall.de\/wp-content\/plugins\/wp-youtube-lyte\/lyteCache.php?origThumbUrl=https%3A%2F%2Fi.ytimg.com%2Fvi%2FODRJmAMeFNM%2F0.jpg\" alt=\"Miniatura wideo YouTube\" width=\"640\" height=\"340\" \/><br \/>Obejrzyj ten film na YouTube<\/a><\/noscript><\/div><\/div><div class=\"lL\" style=\"max-width:100%;width:640px;margin:5px;\"><\/div><br \/>\nPrezydent Niemiec Steinmeier nazywa wojn\u0119 USA i Izraela z Iranem \u201esprzeczn\u0105 z prawem mi\u0119dzynarodowym\u201c. <a href=\"https:\/\/www.youtube.com\/@zeit\" target=\"_blank\" rel=\"nofollow noopener\">CZAS<\/a><\/p>\n<p>Steinmeier odni\u00f3s\u0142 si\u0119 r\u00f3wnie\u017c do nieudanego porozumienia nuklearnego z 2015 r., kt\u00f3re jego zdaniem zapewni\u0142o bardziej stabiln\u0105 podstaw\u0119 dla dyplomacji. Jego wypowiedzi oznaczaj\u0105 znacz\u0105c\u0105 zmian\u0119 w dyskursie politycznym i podkre\u015blaj\u0105 rosn\u0105ce napi\u0119cia w zachodniej polityce zagranicznej.<\/p>\n<p><strong>23.03.2026<\/strong>Pr\u0105d <a href=\"https:\/\/www.handelsblatt.com\/politik\/international\/iran-krieg-iran-kontert-trumps-ultimatum-maerkte-reagieren-nervoes\/100210758.html\" target=\"_blank\" rel=\"noopener\"><strong>Raport Handelsblatt<\/strong><\/a> pokazuje, w jakim stopniu napi\u0119cia w konflikcie ira\u0144skim nadal eskaluj\u0105 i coraz bardziej niepokoj\u0105 rynki finansowe. G\u0142\u00f3wnym bod\u017acem jest ultimatum ze strony prezydenta USA Donalda Trumpa, kt\u00f3ry wezwa\u0142 Teheran do otwarcia strategicznie wa\u017cnej cie\u015bniny Ormuz i jednocze\u015bnie zagrozi\u0142 atakiem na ira\u0144skie obiekty energetyczne. Iran odpowiedzia\u0142 kontr-gro\u017abami i utrzymuje perspektyw\u0119 mo\u017cliwej ca\u0142kowitej blokady cie\u015bniny. By\u0142by to ogromny cios dla \u015bwiatowej gospodarki, poniewa\u017c du\u017ca cz\u0119\u015b\u0107 \u015bwiatowego handlu rop\u0105 naftow\u0105 przechodzi przez ten szlak. Rynki reaguj\u0105 odpowiednio nerwowo: ceny energii rosn\u0105, rynki akcji znajduj\u0105 si\u0119 pod presj\u0105, a inwestorzy obawiaj\u0105 si\u0119 dalszej eskalacji. Og\u00f3lnie rzecz bior\u0105c, mamy do czynienia z bardzo dynamiczn\u0105 sytuacj\u0105, w kt\u00f3rej decyzje polityczne maj\u0105 natychmiastowe konsekwencje gospodarcze.<\/p>\n<p>Napi\u0119cia zwi\u0105zane z konfliktem w Iranie maj\u0105 coraz wi\u0119kszy wp\u0142yw na Europ\u0119, a w szczeg\u00f3lno\u015bci na szwajcarsk\u0105 polityk\u0119 obronn\u0105. Rz\u0105d w Bernie zdecydowa\u0142, \u017ce na razie <a href=\"https:\/\/de.euronews.com\/2026\/03\/21\/iran-schweiz-waffenlieferung-usa\" target=\"_blank\" rel=\"noopener\"><strong>zaprzestanie dostarczania broni do USA<\/strong><\/a>, poniewa\u017c s\u0105 one bezpo\u015brednio zaanga\u017cowane w konflikt z Iranem. T\u0142em tego jest \u015bcis\u0142y wym\u00f3g neutralno\u015bci Szwajcarii, kt\u00f3ry zabrania eksportu materia\u0142\u00f3w wojennych do pa\u0144stw prowadz\u0105cych wojn\u0119. Jednocze\u015bnie minister spraw zagranicznych Ignazio Cassis podkre\u015bla, \u017ce decyzja ta nie jest os\u0105dem politycznym, ale obowi\u0105zkiem prawnym. Posuni\u0119cie to ma jednak wymierne konsekwencje dla szwajcarskiego przemys\u0142u obronnego, poniewa\u017c USA by\u0142y wcze\u015bniej jednym z jego najwa\u017cniejszych klient\u00f3w. Firmy ju\u017c ostrzegaj\u0105 przed stratami ekonomicznymi i mo\u017cliwym przeniesieniem produkcji. Og\u00f3lnie rzecz bior\u0105c, decyzja ta pokazuje, w jakim stopniu konflikt wp\u0142ywa obecnie po\u015brednio r\u00f3wnie\u017c na kraje europejskie.<\/p>\n<p><strong>20.03.2026<\/strong>Trwaj\u0105cy konflikt na Bliskim Wschodzie coraz bardziej zaczyna wp\u0142ywa\u0107 na <a href=\"https:\/\/www.heise.de\/news\/Bericht-Iran-Krieg-gefaehrdet-allmaehlich-auch-Halbleiterproduktion-11214548.html\" target=\"_blank\" rel=\"noopener\"><strong>globalny przemys\u0142 p\u00f3\u0142przewodnik\u00f3w<\/strong><\/a>. G\u0142\u00f3wnymi czynnikami wyzwalaj\u0105cymi s\u0105 zak\u0142\u00f3cenia w wa\u017cnych \u0142a\u0144cuchach dostaw, takie jak blokada cie\u015bniny Ormuz, kt\u00f3ra s\u0142u\u017cy do transportu kluczowych surowc\u00f3w. Szczeg\u00f3lnie krytyczne s\u0105 dostawy skroplonego gazu ziemnego i helu, kt\u00f3re s\u0105 niezb\u0119dne do produkcji chip\u00f3w. W rezultacie kraje takie jak Tajwan znajduj\u0105 si\u0119 pod presj\u0105, poniewa\u017c s\u0105 silnie uzale\u017cnione od importu energii z regionu. Jednocze\u015bnie dotkni\u0119te s\u0105 r\u00f3wnie\u017c w\u0119z\u0142y logistyczne, takie jak Dubaj, kt\u00f3re odgrywaj\u0105 wa\u017cn\u0105 rol\u0119 w globalnym transporcie wafli. Eksperci ostrzegaj\u0105, \u017ce i tak ju\u017c napi\u0119ta sytuacja na rynku chip\u00f3w mo\u017ce si\u0119 pogorszy\u0107, szczeg\u00f3lnie ze wzgl\u0119du na wysoki popyt w dziedzinie sztucznej inteligencji.<\/p>\n<p><strong>19.03.2026<\/strong>W szczeg\u00f3\u0142owym wywiadzie dla austriackiej gazety Kronen Zeitung ira\u0144ski ambasador przedstawia jasny i zdecydowany obraz obecnej sytuacji. Z punktu widzenia Teheranu nie jest to kr\u00f3tkoterminowa eskalacja, ale d\u0142ugoterminowy konflikt, na kt\u00f3ry jest przygotowany politycznie i militarnie. Ambasador m\u00f3wi o powtarzaj\u0105cych si\u0119 atakach, kt\u00f3re jego zdaniem s\u0105 nieuzasadnione i podkre\u015bla, \u017ce Iran postrzega swoje reakcje w ramach prawa mi\u0119dzynarodowego.<\/p>\n<div class=\"lyte-wrapper\" style=\"width:640px;max-width:100%;margin:5px;\"><div class=\"lyMe\" id=\"WYL_FHXUMClAS2o\"><div id=\"lyte_FHXUMClAS2o\" data-src=\"https:\/\/www.markus-schall.de\/wp-content\/plugins\/wp-youtube-lyte\/lyteCache.php?origThumbUrl=%2F%2Fi.ytimg.com%2Fvi%2FFHXUMClAS2o%2Fhqdefault.jpg\" class=\"pL\"><div class=\"tC\"><div class=\"tT\"><\/div><\/div><div class=\"play\"><\/div><div class=\"ctrl\"><div class=\"Lctrl\"><\/div><div class=\"Rctrl\"><\/div><\/div><\/div><noscript><a href=\"https:\/\/youtu.be\/FHXUMClAS2o\" rel=\"nofollow noopener\" target=\"_blank\"><img loading=\"lazy\" decoding=\"async\" src=\"https:\/\/www.markus-schall.de\/wp-content\/plugins\/wp-youtube-lyte\/lyteCache.php?origThumbUrl=https%3A%2F%2Fi.ytimg.com%2Fvi%2FFHXUMClAS2o%2F0.jpg\" alt=\"Miniatura wideo YouTube\" width=\"640\" height=\"340\" \/><br \/>Obejrzyj ten film na YouTube<\/a><\/noscript><\/div><\/div><div class=\"lL\" style=\"max-width:100%;width:640px;margin:5px;\"><\/div><br \/>\nAmbasador Iranu: \u201eIran jest gotowy na d\u0142ug\u0105 wojn\u0119\u201c | <a href=\"https:\/\/www.youtube.com\/@kronetv\" target=\"_blank\" rel=\"nofollow noopener\">Kronen Zeitung<\/a><\/p>\n<p>Jednocze\u015bnie staje si\u0119 jasne, \u017ce przyw\u00f3dcy w Teheranie nie oczekuj\u0105 szybkiego zako\u0144czenia, ale strategicznie przygotowuj\u0105 si\u0119 do d\u0142u\u017cszego konfliktu. Wywiad zapewnia zatem rzadko bezpo\u015bredni wgl\u0105d w oficjalny pogl\u0105d Iranu i dodaje centraln\u0105 perspektyw\u0119 do poprzednich raport\u00f3w.<\/p>\n<p><strong>15.03.2026<\/strong>W niedawnym wywiadzie dla <a href=\"https:\/\/www.youtube.com\/@WELTVideoTV\" target=\"_blank\" rel=\"nofollow noopener\">Kana\u0142 informacyjny WELT<\/a> By\u0142y genera\u0142 porucznik (w stanie spoczynku) niemieckich si\u0142 zbrojnych Roland Kather przedstawia znacznie bardziej sceptyczny obraz sytuacji na Bliskim Wschodzie, ni\u017c mo\u017cna obecnie us\u0142ysze\u0107 w wielu wypowiedziach politycznych. Podczas gdy prezydent USA Donald Trump ju\u017c m\u00f3wi o sukcesach, Kather ostrzega przed niebezpieczn\u0105 dynamik\u0105 eskalacji i strategicznie niejasn\u0105 lini\u0105 zachodniej polityki. W szczeg\u00f3lno\u015bci gro\u017aba ewentualnej blokady cie\u015bniny Ormuz mo\u017ce mie\u0107 ogromny wp\u0142yw na \u015bwiatowy handel.<\/p>\n<div class=\"lyte-wrapper\" style=\"width:640px;max-width:100%;margin:5px;\"><div class=\"lyMe\" id=\"WYL_95NbeSC6dOE\"><div id=\"lyte_95NbeSC6dOE\" data-src=\"https:\/\/www.markus-schall.de\/wp-content\/plugins\/wp-youtube-lyte\/lyteCache.php?origThumbUrl=%2F%2Fi.ytimg.com%2Fvi%2F95NbeSC6dOE%2Fhqdefault.jpg\" class=\"pL\"><div class=\"tC\"><div class=\"tT\"><\/div><\/div><div class=\"play\"><\/div><div class=\"ctrl\"><div class=\"Lctrl\"><\/div><div class=\"Rctrl\"><\/div><\/div><\/div><noscript><a href=\"https:\/\/youtu.be\/95NbeSC6dOE\" rel=\"nofollow noopener\" target=\"_blank\"><img loading=\"lazy\" decoding=\"async\" src=\"https:\/\/www.markus-schall.de\/wp-content\/plugins\/wp-youtube-lyte\/lyteCache.php?origThumbUrl=https%3A%2F%2Fi.ytimg.com%2Fvi%2F95NbeSC6dOE%2F0.jpg\" alt=\"Miniatura wideo YouTube\" width=\"640\" height=\"340\" \/><br \/>Obejrzyj ten film na YouTube<\/a><\/noscript><\/div><\/div><div class=\"lL\" style=\"max-width:100%;width:640px;margin:5px;\"><\/div><\/p>\n<p>Jednocze\u015bnie genera\u0142 wskazuje na s\u0142abo\u015bci wojskowe Europy, na przyk\u0142ad w niemieckiej marynarce wojennej, a tak\u017ce na now\u0105 dynamik\u0119 w dziedzinie konflikt\u00f3w, tak\u0105 jak ukrai\u0144ska wiedza specjalistyczna w zakresie wojny dronowej. Og\u00f3lnie rzecz bior\u0105c, mo\u017cna odnie\u015b\u0107 wra\u017cenie, \u017ce strategia bezpiecze\u0144stwa Zachodu staje si\u0119 coraz bardziej chaotyczna - podczas gdy Iran i jego partnerzy wydaj\u0105 si\u0119 by\u0107 bardziej odporni militarnie ni\u017c oczekiwano.<\/p>\n<p><strong>12.03.2026<\/strong>Nowy ira\u0144ski przyw\u00f3dca religijny i g\u0142owa pa\u0144stwa, Modshaba Chamenei, po raz pierwszy od rozpocz\u0119cia wojny wypowiedzia\u0142 si\u0119 publicznie i wezwa\u0142 do <a href=\"https:\/\/www.youtube.com\/watch?v=7ngCtMmfU70\" target=\"_blank\" rel=\"nofollow noopener\"><strong>Zapowiedziano twarde stanowisko wobec USA i Izraela<\/strong><\/a>. W przes\u0142aniu transmitowanym przez pa\u0144stwow\u0105 telewizj\u0119 56-letni duchowny wezwa\u0142 do zemsty za ofiary nalot\u00f3w i m\u00f3wi\u0142 o potrzebie zdecydowanej odpowiedzi. W szczeg\u00f3lno\u015bci odni\u00f3s\u0142 si\u0119 do ataku, w kt\u00f3rym wed\u0142ug ira\u0144skich \u017ar\u00f3de\u0142 zgin\u0119\u0142o wiele uczennic.<\/p>\n<p>Jednocze\u015bnie ira\u0144scy przyw\u00f3dcy zapowiedzieli, \u017ce b\u0119d\u0105 nadal wywiera\u0107 presj\u0119 na ameryka\u0144skie bazy wojskowe w regionie i wykorzystywa\u0107 strategiczne d\u017awignie, takie jak cie\u015bnina Ormuz. Pierwsze o\u015bwiadczenie nowego ajatollaha jest postrzegane jako sygna\u0142, \u017ce Teheran zamierza trzyma\u0107 si\u0119 swojej konfrontacyjnej strategii pomimo powa\u017cnych atak\u00f3w.<\/p>\n<p><strong>09.03.2026<\/strong>W zaostrzaj\u0105cym si\u0119 konflikcie mi\u0119dzy Iranem a Izraelem sytuacja ponownie si\u0119 zaostrzy\u0142a. <a href=\"https:\/\/www.zeit.de\/politik\/ausland\/2026-03\/iran-krieg-usa-israel-bahrain-katar-ueberblick-gxe\" target=\"_blank\" rel=\"noopener\"><strong>dramatycznie zaostrzone<\/strong><\/a>. Wed\u0142ug r\u00f3\u017cnych doniesie\u0144 medialnych, po \u015bmierci poprzedniego przyw\u00f3dcy Iranu w ataku rakietowym, jego syn Modsztaba Chamenei zosta\u0142 wybrany na now\u0105 g\u0142ow\u0119 kraju. Jest on uwa\u017cany za surowego twardog\u0142owego z kr\u0119g\u00f3w ira\u0144skiej Gwardii Rewolucyjnej. Opr\u00f3cz ojca, w ataku na jego rodzin\u0119 zgin\u0119\u0142a jego \u017cona i inni cz\u0142onkowie rodziny. Wkr\u00f3tce po obj\u0119ciu przez niego w\u0142adzy dosz\u0142o do kolejnej masowej eskalacji: Iran przeprowadzi\u0142 najwi\u0119kszy atak rakietowy na Izrael od pocz\u0105tku obecnego konfliktu. Izrael odpowiedzia\u0142 kontratakami na ira\u0144skie cele w regionie.<\/p>\n<p>R\u00f3wnoleg\u0142y wzrost <a href=\"https:\/\/www.wallstreet-online.de\/nachricht\/20560170-strasse-hormus-dicht-sorgt-iran-krieg-globale-rezession\" target=\"_blank\" rel=\"noopener\"><strong>wed\u0142ug Wallstreet Online<\/strong><\/a> Na ca\u0142ym \u015bwiecie istniej\u0105 obawy dotycz\u0105ce konsekwencji gospodarczych. Obserwatorzy ostrzegaj\u0105, \u017ce eskalacja konfliktu mo\u017ce zagrozi\u0107 ruchowi \u017ceglugowemu przez strategicznie wa\u017cn\u0105 cie\u015bnin\u0119 Ormuz. Przez t\u0119 cie\u015bnin\u0119 transportowana jest znaczna cz\u0119\u015b\u0107 \u015bwiatowego handlu rop\u0105 naftow\u0105. Je\u015bli szlak morski zostanie zablokowany, wzrost cen energii i zak\u0142\u00f3cenia w handlu mog\u0105 wywo\u0142a\u0107 globalne spowolnienie gospodarcze, a nawet recesj\u0119.<\/p>\n<p><strong>06.03.2026<\/strong>: W eskalacji konfliktu mi\u0119dzy USA a Iranem prezydent USA Donald Trump wysun\u0105\u0142 drastyczne \u017c\u0105danie. Jak donosi portal <a href=\"https:\/\/www.sueddeutsche.de\/politik\/iran-krieg-liveblog-us-militaer-iranische-flotte-persischer-golf-li.3395676\" target=\"_blank\" rel=\"noopener\"><strong>Relacja na \u017cywo z S\u00fcddeutsche Zeitung<\/strong><\/a> Trump stwierdzi\u0142 na swojej platformie Truth Social, \u017ce porozumienie z Teheranem nie wchodzi obecnie w gr\u0119. Zamiast tego uwa\u017ca, \u017ce konflikt musi zosta\u0107 przekszta\u0142cony w <strong>\u201eBezwarunkowa kapitulacja\u201c Iranu<\/strong> doprowadzi\u0107 do ko\u0144ca. Tym samym Waszyngton wyra\u017anie zaostrza swoj\u0105 retoryk\u0119 i sygnalizuje twarde stanowisko w trwaj\u0105cym konflikcie zbrojnym. Jednocze\u015bnie mi\u0119dzynarodowe media donosz\u0105 o kolejnych operacjach wojskowych i rosn\u0105cym napi\u0119ciu w regionie. Obserwatorzy postrzegaj\u0105 to jako mo\u017cliw\u0105 dalsz\u0105 eskalacj\u0119, podczas gdy inicjatywy dyplomatyczne jak dot\u0105d przynios\u0142y niewielki post\u0119p.<\/p>\n<p><strong>04.03.2026<\/strong>Jak podaje S\u00fcddeutsche Zeitung <a href=\"https:\/\/www.sueddeutsche.de\/politik\/iran-krieg-liveblog-us-militaer-iranische-flotte-persischer-golf-li.3395676\" target=\"_blank\" rel=\"noopener\"><strong>zg\u0142oszone w blogu na \u017cywo<\/strong><\/a>, Ameryka\u0144skie wojsko poinformowa\u0142o, \u017ce zniszczy\u0142o du\u017c\u0105 cz\u0119\u015b\u0107 ira\u0144skiej floty wojennej w Zatoce Perskiej. Centralne Dow\u00f3dztwo USA (CENTCOM) o\u015bwiadczy\u0142o, \u017ce si\u0142y ameryka\u0144skie zniszczy\u0142y 17 ira\u0144skich okr\u0119t\u00f3w wojennych, w tym okr\u0119t podwodny, i jednocze\u015bnie zaatakowa\u0142y prawie 2000 cel\u00f3w w Iranie. Wed\u0142ug dow\u00f3dztwa wojskowego, celem operacji by\u0142o zneutralizowanie zdolno\u015bci Iranu do blokowania strategicznie wa\u017cnej cie\u015bniny Ormuz. Dow\u00f3dca Centralnego Dow\u00f3dztwa USA stwierdzi\u0142, \u017ce obecnie w Zatoce Perskiej, cie\u015bninie Ormuz i Zatoce Oma\u0144skiej nie ma \u017cadnych ira\u0144skich statk\u00f3w. Informacje te pochodz\u0105 z ameryka\u0144skich \u017ar\u00f3de\u0142 wojskowych i nie mog\u0105 by\u0107 obecnie niezale\u017cnie zweryfikowane. Cie\u015bnina Ormuz jest uwa\u017cana za jeden z najwa\u017cniejszych szlak\u00f3w transportu energii na \u015bwiecie: oko\u0142o jedna pi\u0105ta \u015bwiatowego handlu rop\u0105 naftow\u0105 i LNG przechodzi przez tras\u0119 mi\u0119dzy Iranem a Omanem.<\/p>\n<p><strong>01.03.2026<\/strong>Duchowy przyw\u00f3dca Iranu <a href=\"https:\/\/www.n-tv.de\/politik\/Ali-Chamenei-ist-tot-auch-enge-Verwandte-nicht-mehr-am-Leben-id30417273.html\" target=\"_blank\" rel=\"noopener\"><strong>Ajatollah Ali Chamenei nie \u017cyje<\/strong><\/a> - Zosta\u0142o to potwierdzone przez ira\u0144skie media pa\u0144stwowe kilka godzin po wcze\u015bniejszym o\u015bwiadczeniu prezydenta USA Donalda Trumpa. Wed\u0142ug doniesie\u0144 z Iranu, 86-latek zgin\u0105\u0142 w ci\u0119\u017ckich nalotach USA i Izraela, a 40-dniowy okres \u017ca\u0142oby narodowej zosta\u0142 og\u0142oszony. Wed\u0142ug doniesie\u0144 medialnych, w atakach zgin\u0119li r\u00f3wnie\u017c bliscy cz\u0142onkowie rodziny, w tym jego c\u00f3rka i wnuczka. Ira\u0144scy Stra\u017cnicy Rewolucji zapowiedzieli odwet, a Trump okre\u015bli\u0142 \u015bmier\u0107 Chameneiego jako szans\u0119 dla narodu ira\u0144skiego.<\/p>\n<p><strong>28.02.2026<\/strong>28 lutego 2026 r. Izrael wraz z USA przeprowadzi\u0142 ataki wojskowe na cele w Iranie, wprowadzaj\u0105c d\u0142ugotrwa\u0142y konflikt na Bliskim Wschodzie w now\u0105, niebezpieczn\u0105 faz\u0119. <a href=\"https:\/\/www.wiwo.de\/politik\/ausland\/nahostkonflikt-israel-startet-angriff-auf-iran-mit-unterstuetzung-der-usa\/100204271.html\" target=\"_blank\" rel=\"noopener\"><strong>Wed\u0142ug raportu opublikowanego w Wirtschaftswoche <\/strong><\/a>Celem atak\u00f3w by\u0142y ira\u0144skie obiekty, a nad miastem unosi\u0142y si\u0119 k\u0142\u0119by dymu, za\u015b w Teheranie odnotowano eksplozje. Ofensywa oznacza znacz\u0105c\u0105 eskalacj\u0119 sporu o ira\u0144ski program nuklearny i jest nast\u0119pstwem miesi\u0119cy napi\u0119\u0107 mi\u0119dzy Izraelem, Stanami Zjednoczonymi i Teheranem. Ira\u0144scy przyw\u00f3dcy gro\u017c\u0105 odwetem, dlatego mi\u0119dzynarodowi obserwatorzy obawiaj\u0105 si\u0119 dalszego pogorszenia sytuacji.<\/p>\n<hr \/>\n\n\t\t\t<div class=\"display-post-types\">\n\n\t\t\t\t\t\t\t<style type=\"text\/css\">\n\t\t\t#dpt-wrapper-997 { --dpt-text-align: left;--dpt-image-crop: center;--dpt-border-radius: 5px;--dpt-h-gutter: 10px;--dpt-v-gutter: 9px; }\t\t\t<\/style>\n\t\t\t<style type=\"text\/css\">#dpt-wrapper-997 { --dpt-title-font-style:normal;--dpt-title-font-weight:600;--dpt-title-line-height:1.5;--dpt-title-text-decoration:none;--dpt-title-text-transform:none;--dpt-excerpt-font-style:normal;--dpt-excerpt-font-weight:400;--dpt-excerpt-line-height:1.5;--dpt-excerpt-text-decoration:none;--dpt-excerpt-text-transform:none;--dpt-meta1-font-style:normal;--dpt-meta1-font-weight:400;--dpt-meta1-line-height:1.9;--dpt-meta1-text-decoration:none;--dpt-meta1-text-transform:none;--dpt-meta2-font-style:normal;--dpt-meta2-font-weight:400;--dpt-meta2-line-height:1.9;--dpt-meta2-text-decoration:none;--dpt-meta2-text-transform:none; }<\/style><div class=\"dpt-main-header\">\n\t\t\t\t\t\t<div class=\"dpt-main-title\">\n\t\t\t\t\t\t\t<span class=\"dpt-main-title-text\">Aktualne artyku\u0142y na temat sztucznej inteligencji<\/span>\n\t\t\t\t\t\t<\/div>\n\t\t\t\t\t\t\n\t\t\t\t\t\t\n\t\t\t\t\t\t\n\t\t\t\t\t\t<\/div>\t\t\t\n\t\t\t\t<div id=\"dpt-wrapper-997\" class=\"dpt-wrapper dpt-mag1 land1 dpt-cropped dpt-flex-wrap\" >\n\n\t\t\t\t\t\t\t\t\t\t\t<div class=\"dpt-entry has-thumbnail\" data-title=\"vom chatgpt-datenexport zur eigenen wissens-ki: schritt-f\u00fcr-schritt mit ollama und qdrant\" data-id=\"5306\"  data-category=\"apple macos ki-systeme tipps &amp; anleitungen\" data-post_tag=\"datenbanken denkmodelle digitales eigentum docker k\u00fcnstliche intelligenz llama llm mlx ollama prozesse sprachmodell\">\n\t\t\t\t\t\t\t<div class=\"dpt-entry-wrapper\"><div class=\"dpt-featured-content\"><div class=\"dpt-permalink\"><a href=\"https:\/\/www.markus-schall.de\/pl\/2026\/03\/od-eksportu-danych-chatgpt-do-wlasnego-knowledge-ki-krok-po-kroku-z-ollama-i-qdrant\/\" class=\"dpt-permalink\"><span class=\"screen-reader-text\">Od eksportu danych ChatGPT do w\u0142asnej wiedzy AI: krok po kroku z Ollama i Qdrant<\/span><\/a><\/div><div class=\"dpt-thumbnail\"><div class=\"dpt-thumbnail-inner\"><img width=\"1024\" height=\"683\" class=\"attachment-full size-full\" alt=\"Droga do w\u0142asnej pami\u0119ci AI\" context=\"dpt\" data-dpt-src=\"https:\/\/www.markus-schall.de\/wp-content\/uploads\/ChatGPT-Datenexport-Computerhirn.jpg\" data-dpt-sizes=\"(max-width: 1024px) 100vw, 1024px\" data-dpt-srcset=\"https:\/\/www.markus-schall.de\/wp-content\/uploads\/ChatGPT-Datenexport-Computerhirn.jpg 1024w, https:\/\/www.markus-schall.de\/wp-content\/uploads\/ChatGPT-Datenexport-Computerhirn-300x200.jpg 300w, https:\/\/www.markus-schall.de\/wp-content\/uploads\/ChatGPT-Datenexport-Computerhirn-768x512.jpg 768w, https:\/\/www.markus-schall.de\/wp-content\/uploads\/ChatGPT-Datenexport-Computerhirn-18x12.jpg 18w\" \/><\/div><span class=\"dpt-thumbnail-aspect-ratio\" style=\"padding-top: 75%\"><\/span><\/div><\/div><div class=\"sub-entry\"><h3 class=\"dpt-title\"><a class=\"dpt-title-link\" href=\"https:\/\/www.markus-schall.de\/pl\/2026\/03\/od-eksportu-danych-chatgpt-do-wlasnego-knowledge-ki-krok-po-kroku-z-ollama-i-qdrant\/\" rel=\"bookmark\">Od eksportu danych ChatGPT do w\u0142asnej wiedzy AI: krok po kroku z Ollama i Qdrant<\/a><\/h3><\/div><\/div>\n\t\t\t\t\t\t<\/div><!-- .dpt-entry -->\n\t\t\t\t\t\t\t\t\t\t\t\t<div class=\"dpt-entry has-thumbnail\" data-title=\"unsterblichkeit durch technik: wie weit forschung und ki wirklich sind\" data-id=\"3624\"  data-category=\"allgemein gesellschaft ki-systeme\" data-post_tag=\"denkmodelle k\u00fcnstliche intelligenz lernen llm prozesse sprachmodell\">\n\t\t\t\t\t\t\t<div class=\"dpt-entry-wrapper\"><div class=\"dpt-featured-content\"><div class=\"dpt-permalink\"><a href=\"https:\/\/www.markus-schall.de\/pl\/2025\/11\/niesmiertelnosc-dzieki-technologii-jak-daleko-naprawde-siegaja-badania-i-ki\/\" class=\"dpt-permalink\"><span class=\"screen-reader-text\">Nie\u015bmiertelno\u015b\u0107 dzi\u0119ki technologii: jak daleko zasz\u0142y badania i sztuczna inteligencja?<\/span><\/a><\/div><div class=\"dpt-thumbnail\"><div class=\"dpt-thumbnail-inner\"><img width=\"1024\" height=\"683\" class=\"attachment-full size-full\" alt=\"Cyfrowa nie\u015bmiertelno\u015b\u0107\" context=\"dpt\" data-dpt-src=\"https:\/\/www.markus-schall.de\/wp-content\/uploads\/digitale-unsterblichkeit.jpg\" data-dpt-sizes=\"(max-width: 1024px) 100vw, 1024px\" data-dpt-srcset=\"https:\/\/www.markus-schall.de\/wp-content\/uploads\/digitale-unsterblichkeit.jpg 1024w, https:\/\/www.markus-schall.de\/wp-content\/uploads\/digitale-unsterblichkeit-300x200.jpg 300w, https:\/\/www.markus-schall.de\/wp-content\/uploads\/digitale-unsterblichkeit-768x512.jpg 768w, https:\/\/www.markus-schall.de\/wp-content\/uploads\/digitale-unsterblichkeit-18x12.jpg 18w\" \/><\/div><span class=\"dpt-thumbnail-aspect-ratio\" style=\"padding-top: 75%\"><\/span><\/div><\/div><div class=\"sub-entry\"><h3 class=\"dpt-title\"><a class=\"dpt-title-link\" href=\"https:\/\/www.markus-schall.de\/pl\/2025\/11\/niesmiertelnosc-dzieki-technologii-jak-daleko-naprawde-siegaja-badania-i-ki\/\" rel=\"bookmark\">Nie\u015bmiertelno\u015b\u0107 dzi\u0119ki technologii: jak daleko zasz\u0142y badania i sztuczna inteligencja?<\/a><\/h3><\/div><\/div>\n\t\t\t\t\t\t<\/div><!-- .dpt-entry -->\n\t\t\t\t\t\t\t\t\t\t\t\t<div class=\"dpt-entry has-thumbnail\" data-title=\"rag mit ollama und qdrant als universelle suchmaschine f\u00fcr eigene daten\" data-id=\"2764\"  data-category=\"filemaker &amp; erp ki-systeme\" data-post_tag=\"datenbanken docker k\u00fcnstliche intelligenz llama llm mistral ollama qdrant vektordatenbank\">\n\t\t\t\t\t\t\t<div class=\"dpt-entry-wrapper\"><div class=\"dpt-featured-content\"><div class=\"dpt-permalink\"><a href=\"https:\/\/www.markus-schall.de\/pl\/2025\/08\/rag-z-ollama-i-qdrant-jako-uniwersalna-wyszukiwarka-wlasnych-danych\/\" class=\"dpt-permalink\"><span class=\"screen-reader-text\">RAG z Ollama i Qdrant jako uniwersalna wyszukiwarka w\u0142asnych danych<\/span><\/a><\/div><div class=\"dpt-thumbnail\"><div class=\"dpt-thumbnail-inner\"><img width=\"1920\" height=\"640\" class=\"attachment-full size-full\" alt=\"Rozszerzenie lokalnej sztucznej inteligencji o bazy danych przy u\u017cyciu RAG, Ollama i Qdrant\" context=\"dpt\" data-dpt-src=\"https:\/\/www.markus-schall.de\/wp-content\/uploads\/lokale-ki-rag-ollama-qdrant.jpg\" data-dpt-sizes=\"(max-width: 1920px) 100vw, 1920px\" data-dpt-srcset=\"https:\/\/www.markus-schall.de\/wp-content\/uploads\/lokale-ki-rag-ollama-qdrant.jpg 1920w, https:\/\/www.markus-schall.de\/wp-content\/uploads\/lokale-ki-rag-ollama-qdrant-300x100.jpg 300w, https:\/\/www.markus-schall.de\/wp-content\/uploads\/lokale-ki-rag-ollama-qdrant-1024x341.jpg 1024w, https:\/\/www.markus-schall.de\/wp-content\/uploads\/lokale-ki-rag-ollama-qdrant-768x256.jpg 768w, https:\/\/www.markus-schall.de\/wp-content\/uploads\/lokale-ki-rag-ollama-qdrant-1536x512.jpg 1536w, https:\/\/www.markus-schall.de\/wp-content\/uploads\/lokale-ki-rag-ollama-qdrant-18x6.jpg 18w\" \/><\/div><span class=\"dpt-thumbnail-aspect-ratio\" style=\"padding-top: 75%\"><\/span><\/div><\/div><div class=\"sub-entry\"><h3 class=\"dpt-title\"><a class=\"dpt-title-link\" href=\"https:\/\/www.markus-schall.de\/pl\/2025\/08\/rag-z-ollama-i-qdrant-jako-uniwersalna-wyszukiwarka-wlasnych-danych\/\" rel=\"bookmark\">RAG z Ollama i Qdrant jako uniwersalna wyszukiwarka w\u0142asnych danych<\/a><\/h3><\/div><\/div>\n\t\t\t\t\t\t<\/div><!-- .dpt-entry -->\n\t\t\t\t\t\t\t\t\t\t\t\t<div class=\"dpt-entry has-thumbnail\" data-title=\"mit ki dialogisch denken lernen: warum gute fragen wichtiger sind als gute modelle\" data-id=\"4700\"  data-category=\"allgemein ki-systeme tipps &amp; anleitungen\" data-post_tag=\"denkmodelle k\u00fcnstliche intelligenz lernen llm prozesse ratgeber sprachmodell\">\n\t\t\t\t\t\t\t<div class=\"dpt-entry-wrapper\"><div class=\"dpt-featured-content\"><div class=\"dpt-permalink\"><a href=\"https:\/\/www.markus-schall.de\/pl\/2026\/02\/nauka-myslenia-w-dialogu-z-ki-dlaczego-dobre-pytania-sa-wazniejsze-niz-dobre-modele\/\" class=\"dpt-permalink\"><span class=\"screen-reader-text\">Nauka my\u015blenia w dialogu ze sztuczn\u0105 inteligencj\u0105: dlaczego dobre pytania s\u0105 wa\u017cniejsze ni\u017c dobre modele<\/span><\/a><\/div><div class=\"dpt-thumbnail\"><div class=\"dpt-thumbnail-inner\"><img width=\"1024\" height=\"683\" class=\"attachment-full size-full\" alt=\"Nauka my\u015blenia w dialogu ze sztuczn\u0105 inteligencj\u0105\" context=\"dpt\" data-dpt-src=\"https:\/\/www.markus-schall.de\/wp-content\/uploads\/Denken-lernen-mit-KI.jpg\" data-dpt-sizes=\"(max-width: 1024px) 100vw, 1024px\" data-dpt-srcset=\"https:\/\/www.markus-schall.de\/wp-content\/uploads\/Denken-lernen-mit-KI.jpg 1024w, https:\/\/www.markus-schall.de\/wp-content\/uploads\/Denken-lernen-mit-KI-300x200.jpg 300w, https:\/\/www.markus-schall.de\/wp-content\/uploads\/Denken-lernen-mit-KI-768x512.jpg 768w, https:\/\/www.markus-schall.de\/wp-content\/uploads\/Denken-lernen-mit-KI-18x12.jpg 18w\" \/><\/div><span class=\"dpt-thumbnail-aspect-ratio\" style=\"padding-top: 75%\"><\/span><\/div><\/div><div class=\"sub-entry\"><h3 class=\"dpt-title\"><a class=\"dpt-title-link\" href=\"https:\/\/www.markus-schall.de\/pl\/2026\/02\/nauka-myslenia-w-dialogu-z-ki-dlaczego-dobre-pytania-sa-wazniejsze-niz-dobre-modele\/\" rel=\"bookmark\">Nauka my\u015blenia w dialogu ze sztuczn\u0105 inteligencj\u0105: dlaczego dobre pytania s\u0105 wa\u017cniejsze ni\u017c dobre modele<\/a><\/h3><\/div><\/div>\n\t\t\t\t\t\t<\/div><!-- .dpt-entry -->\n\t\t\t\t\t\t\n\t\t\t\t<\/div>\n\t\t\t\t\t\t<\/div>\n\t\t\t\n<hr \/>","protected":false},"excerpt":{"rendered":"<p>S\u0105 w tej historii momenty, w kt\u00f3rych czu\u0107, \u017ce co\u015b si\u0119 zmienia. Nie gwa\u0142townie, nie jedn\u0105 decyzj\u0105, ale jak linia, kt\u00f3ra powoli, ale nieub\u0142aganie biegnie przez kurz starych pewnik\u00f3w. Ostatnie kilka dni to w\u0142a\u015bnie takie momenty. Przez d\u0142ugi czas zastanawia\u0142em si\u0119, czy naprawd\u0119 powinienem napisa\u0107 ten artyku\u0142 - ... <a title=\"Nauka my\u015blenia w dialogu ze sztuczn\u0105 inteligencj\u0105: dlaczego dobre pytania s\u0105 wa\u017cniejsze ni\u017c dobre modele\" class=\"read-more\" href=\"https:\/\/www.markus-schall.de\/pl\/2026\/02\/nauka-myslenia-w-dialogu-z-ki-dlaczego-dobre-pytania-sa-wazniejsze-niz-dobre-modele\/\" aria-label=\"Dowiedz si\u0119 wi\u0119cej o Nauka my\u015blenia w dialogu z AI: Dlaczego dobre pytania s\u0105 wa\u017cniejsze ni\u017c dobre modele\">Dowiedz si\u0119 wi\u0119cej<\/a><\/p>","protected":false},"author":1,"featured_media":5217,"comment_status":"open","ping_status":"open","sticky":false,"template":"","format":"standard","meta":{"iawp_total_views":381,"footnotes":""},"categories":[1,466],"tags":[444,481,475,482,426,471,476,484,478],"class_list":["post-5212","post","type-post","status-publish","format-standard","has-post-thumbnail","hentry","category-allgemein","category-gesellschaft","tag-denkmodelle","tag-energiepolitik","tag-europa","tag-geopolitik","tag-krisen","tag-kuenstliche-intelligenz","tag-meinungsfreiheit","tag-sicherheitspolitik","tag-spieltheorie"],"_links":{"self":[{"href":"https:\/\/www.markus-schall.de\/pl\/wp-json\/wp\/v2\/posts\/5212","targetHints":{"allow":["GET"]}}],"collection":[{"href":"https:\/\/www.markus-schall.de\/pl\/wp-json\/wp\/v2\/posts"}],"about":[{"href":"https:\/\/www.markus-schall.de\/pl\/wp-json\/wp\/v2\/types\/post"}],"author":[{"embeddable":true,"href":"https:\/\/www.markus-schall.de\/pl\/wp-json\/wp\/v2\/users\/1"}],"replies":[{"embeddable":true,"href":"https:\/\/www.markus-schall.de\/pl\/wp-json\/wp\/v2\/comments?post=5212"}],"version-history":[{"count":65,"href":"https:\/\/www.markus-schall.de\/pl\/wp-json\/wp\/v2\/posts\/5212\/revisions"}],"predecessor-version":[{"id":5862,"href":"https:\/\/www.markus-schall.de\/pl\/wp-json\/wp\/v2\/posts\/5212\/revisions\/5862"}],"wp:featuredmedia":[{"embeddable":true,"href":"https:\/\/www.markus-schall.de\/pl\/wp-json\/wp\/v2\/media\/5217"}],"wp:attachment":[{"href":"https:\/\/www.markus-schall.de\/pl\/wp-json\/wp\/v2\/media?parent=5212"}],"wp:term":[{"taxonomy":"category","embeddable":true,"href":"https:\/\/www.markus-schall.de\/pl\/wp-json\/wp\/v2\/categories?post=5212"},{"taxonomy":"post_tag","embeddable":true,"href":"https:\/\/www.markus-schall.de\/pl\/wp-json\/wp\/v2\/tags?post=5212"}],"curies":[{"name":"wp","href":"https:\/\/api.w.org\/{rel}","templated":true}]}}