{"id":5480,"date":"2026-03-25T16:02:50","date_gmt":"2026-03-25T16:02:50","guid":{"rendered":"https:\/\/www.markus-schall.de\/?p=5480"},"modified":"2026-04-23T08:47:08","modified_gmt":"2026-04-23T08:47:08","slug":"apple-in-transition-wczesne-urzadzenia-wlasne-doswiadczenia-i-wystawa-w-ocm","status":"publish","type":"post","link":"https:\/\/www.markus-schall.de\/pl\/2026\/03\/apple-in-transition-wczesne-urzadzenia-wlasne-doswiadczenia-i-wystawa-w-ocm\/","title":{"rendered":"Apple w okresie przej\u015bciowym: wczesne urz\u0105dzenia, osobiste do\u015bwiadczenia i wystawa w OCM"},"content":{"rendered":"<p>Je\u015bli interesujesz si\u0119 histori\u0105 komputer\u00f3w, wizyta w Muzeum Komputer\u00f3w w Oldenburgu jest szczeg\u00f3lnie warta uwagi. Muzeum jest jednym z tych miejsc, kt\u00f3re nie musz\u0105 by\u0107 g\u0142o\u015bne, aby zrobi\u0107 wra\u017cenie, a od kwietnia b\u0119dzie go\u015bci\u0107 specjaln\u0105 wystaw\u0119 pod has\u0142em <em>\u201e50 lat komputera Apple\u201c<\/em>. Od wielu lat technologia jest tam nie tylko wystawiana, ale tak\u017ce utrzymywana przy \u017cyciu. Urz\u0105dzenia nie znajduj\u0105 si\u0119 za szk\u0142em, ale cz\u0119sto s\u0105 gotowe do u\u017cycia na sto\u0142ach - tak jak by\u0142y u\u017cywane w przesz\u0142o\u015bci.<\/p>\n<p>To w\u0142a\u015bnie robi r\u00f3\u017cnic\u0119. Na wystawie mo\u017cna nie tylko zobaczy\u0107 stare komputery, ale tak\u017ce poczu\u0107, jak to by\u0142o pracowa\u0107, bawi\u0107 si\u0119 i my\u015ble\u0107 za pomoc\u0105 tych maszyn. Od wczesnych komputer\u00f3w domowych po klasyczne komputery biurowe i specjalne jednorazowe, wszystko jest reprezentowane - starannie zebrane, utrzymane, a przede wszystkim jasno skategoryzowane.<!--more--><\/p>\n<hr \/>\n\n\t\t\t<div class=\"display-post-types\">\n\n\t\t\t\t\t\t\t<style type=\"text\/css\">\n\t\t\t#dpt-wrapper-841 { --dpt-text-align: left;--dpt-image-crop: center;--dpt-border-radius: 5px;--dpt-h-gutter: 10px;--dpt-v-gutter: 9px; }\t\t\t<\/style>\n\t\t\t<style type=\"text\/css\">#dpt-wrapper-841 { --dpt-title-font-style:normal;--dpt-title-font-weight:600;--dpt-title-line-height:1.5;--dpt-title-text-decoration:none;--dpt-title-text-transform:none;--dpt-excerpt-font-style:normal;--dpt-excerpt-font-weight:400;--dpt-excerpt-line-height:1.5;--dpt-excerpt-text-decoration:none;--dpt-excerpt-text-transform:none;--dpt-meta1-font-style:normal;--dpt-meta1-font-weight:400;--dpt-meta1-line-height:1.9;--dpt-meta1-text-decoration:none;--dpt-meta1-text-transform:none;--dpt-meta2-font-style:normal;--dpt-meta2-font-weight:400;--dpt-meta2-line-height:1.9;--dpt-meta2-text-decoration:none;--dpt-meta2-text-transform:none; }<\/style><div class=\"dpt-main-header\">\n\t\t\t\t\t\t<div class=\"dpt-main-title\">\n\t\t\t\t\t\t\t<span class=\"dpt-main-title-text\">Kwestie spo\u0142eczne tera\u017aniejszo\u015bci<\/span>\n\t\t\t\t\t\t<\/div>\n\t\t\t\t\t\t\n\t\t\t\t\t\t\n\t\t\t\t\t\t\n\t\t\t\t\t\t<\/div>\t\t\t\n\t\t\t\t<div id=\"dpt-wrapper-841\" class=\"dpt-wrapper dpt-mag1 land1 dpt-cropped dpt-flex-wrap\" >\n\n\t\t\t\t\t\t\t\t\t\t\t<div class=\"dpt-entry has-thumbnail\" data-title=\"die krimtataren \u2013 geschichte, herkunft und gegenwart eines vergessenen volkes\" data-id=\"4154\"  data-category=\"allgemein gesellschaft kunst &amp; kultur\" data-post_tag=\"europa geopolitik krisen meinungsfreiheit\">\n\t\t\t\t\t\t\t<div class=\"dpt-entry-wrapper\"><div class=\"dpt-featured-content\"><div class=\"dpt-permalink\"><a href=\"https:\/\/www.markus-schall.de\/pl\/2025\/12\/tatarzy-krymscy-historia-pochodzenie-i-terazniejszosc-zapomnianego-ludu\/\" class=\"dpt-permalink\"><span class=\"screen-reader-text\">Tatarzy Krymscy - historia, pochodzenie i tera\u017aniejszo\u015b\u0107 zapomnianego ludu<\/span><\/a><\/div><div class=\"dpt-thumbnail\"><div class=\"dpt-thumbnail-inner\"><img width=\"1024\" height=\"683\" class=\"attachment-full size-full\" alt=\"Step krymsko-tatarski\" context=\"dpt\" data-dpt-src=\"https:\/\/www.markus-schall.de\/wp-content\/uploads\/Krimtartaren-Steppe.jpg\" data-dpt-sizes=\"(max-width: 1024px) 100vw, 1024px\" data-dpt-srcset=\"https:\/\/www.markus-schall.de\/wp-content\/uploads\/Krimtartaren-Steppe.jpg 1024w, https:\/\/www.markus-schall.de\/wp-content\/uploads\/Krimtartaren-Steppe-300x200.jpg 300w, https:\/\/www.markus-schall.de\/wp-content\/uploads\/Krimtartaren-Steppe-768x512.jpg 768w, https:\/\/www.markus-schall.de\/wp-content\/uploads\/Krimtartaren-Steppe-18x12.jpg 18w\" \/><\/div><span class=\"dpt-thumbnail-aspect-ratio\" style=\"padding-top: 75%\"><\/span><\/div><\/div><div class=\"sub-entry\"><h3 class=\"dpt-title\"><a class=\"dpt-title-link\" href=\"https:\/\/www.markus-schall.de\/pl\/2025\/12\/tatarzy-krymscy-historia-pochodzenie-i-terazniejszosc-zapomnianego-ludu\/\" rel=\"bookmark\">Tatarzy Krymscy - historia, pochodzenie i tera\u017aniejszo\u015b\u0107 zapomnianego ludu<\/a><\/h3><\/div><\/div>\n\t\t\t\t\t\t<\/div><!-- .dpt-entry -->\n\t\t\t\t\t\t\t\t\t\t\t\t<div class=\"dpt-entry has-thumbnail\" data-title=\"jan-josef liefers: ein portr\u00e4t \u00fcber haltung, herkunft und k\u00fcnstlerische freiheit\" data-id=\"3854\"  data-category=\"allgemein gesellschaft kunst &amp; kultur\" data-post_tag=\"deutschland erfahrungen krisen lernen meinungsfreiheit musik pers\u00f6nlichkeitsentwicklung portrait\">\n\t\t\t\t\t\t\t<div class=\"dpt-entry-wrapper\"><div class=\"dpt-featured-content\"><div class=\"dpt-permalink\"><a href=\"https:\/\/www.markus-schall.de\/pl\/2025\/12\/jan-josef-liefers-portret-postawy-pochodzenia-i-wolnosci-artystycznej\/\" class=\"dpt-permalink\"><span class=\"screen-reader-text\">Jan-Josef Liefers: Portret postawy, pochodzenia i wolno\u015bci artystycznej<\/span><\/a><\/div><div class=\"dpt-thumbnail\"><div class=\"dpt-thumbnail-inner\"><img width=\"1024\" height=\"683\" class=\"attachment-full size-full\" alt=\"Jan-Josef Liefers\" context=\"dpt\" data-dpt-src=\"https:\/\/www.markus-schall.de\/wp-content\/uploads\/jan-josef-liefers-silhouette.jpg\" data-dpt-sizes=\"(max-width: 1024px) 100vw, 1024px\" data-dpt-srcset=\"https:\/\/www.markus-schall.de\/wp-content\/uploads\/jan-josef-liefers-silhouette.jpg 1024w, https:\/\/www.markus-schall.de\/wp-content\/uploads\/jan-josef-liefers-silhouette-300x200.jpg 300w, https:\/\/www.markus-schall.de\/wp-content\/uploads\/jan-josef-liefers-silhouette-768x512.jpg 768w, https:\/\/www.markus-schall.de\/wp-content\/uploads\/jan-josef-liefers-silhouette-18x12.jpg 18w\" \/><\/div><span class=\"dpt-thumbnail-aspect-ratio\" style=\"padding-top: 75%\"><\/span><\/div><\/div><div class=\"sub-entry\"><h3 class=\"dpt-title\"><a class=\"dpt-title-link\" href=\"https:\/\/www.markus-schall.de\/pl\/2025\/12\/jan-josef-liefers-portret-postawy-pochodzenia-i-wolnosci-artystycznej\/\" rel=\"bookmark\">Jan-Josef Liefers: Portret postawy, pochodzenia i wolno\u015bci artystycznej<\/a><\/h3><\/div><\/div>\n\t\t\t\t\t\t<\/div><!-- .dpt-entry -->\n\t\t\t\t\t\t\t\t\t\t\t\t<div class=\"dpt-entry has-thumbnail\" data-title=\"der zwei-plus-vier-vertrag, die nato und die bundeswehr: was gilt heute noch?\" data-id=\"4740\"  data-category=\"allgemein gesellschaft\" data-post_tag=\"deutschland europa geopolitik krisen sicherheitspolitik spieltheorie\">\n\t\t\t\t\t\t\t<div class=\"dpt-entry-wrapper\"><div class=\"dpt-featured-content\"><div class=\"dpt-permalink\"><a href=\"https:\/\/www.markus-schall.de\/pl\/2026\/02\/traktat-dwa-plus-cztery-nato-i-bundeswehra-co-obowiazuje-do-dzis\/\" class=\"dpt-permalink\"><span class=\"screen-reader-text\">Traktat Dwa Plus Cztery, NATO i Bundeswehra: co obowi\u0105zuje do dzi\u015b?<\/span><\/a><\/div><div class=\"dpt-thumbnail\"><div class=\"dpt-thumbnail-inner\"><img width=\"1024\" height=\"683\" class=\"attachment-full size-full\" alt=\"\" context=\"dpt\" data-dpt-src=\"https:\/\/www.markus-schall.de\/wp-content\/uploads\/Zwei-Plus-Vier-Vertrag.jpg\" data-dpt-sizes=\"(max-width: 1024px) 100vw, 1024px\" data-dpt-srcset=\"https:\/\/www.markus-schall.de\/wp-content\/uploads\/Zwei-Plus-Vier-Vertrag.jpg 1024w, https:\/\/www.markus-schall.de\/wp-content\/uploads\/Zwei-Plus-Vier-Vertrag-300x200.jpg 300w, https:\/\/www.markus-schall.de\/wp-content\/uploads\/Zwei-Plus-Vier-Vertrag-768x512.jpg 768w, https:\/\/www.markus-schall.de\/wp-content\/uploads\/Zwei-Plus-Vier-Vertrag-18x12.jpg 18w\" \/><\/div><span class=\"dpt-thumbnail-aspect-ratio\" style=\"padding-top: 75%\"><\/span><\/div><\/div><div class=\"sub-entry\"><h3 class=\"dpt-title\"><a class=\"dpt-title-link\" href=\"https:\/\/www.markus-schall.de\/pl\/2026\/02\/traktat-dwa-plus-cztery-nato-i-bundeswehra-co-obowiazuje-do-dzis\/\" rel=\"bookmark\">Traktat Dwa Plus Cztery, NATO i Bundeswehra: co obowi\u0105zuje do dzi\u015b?<\/a><\/h3><\/div><\/div>\n\t\t\t\t\t\t<\/div><!-- .dpt-entry -->\n\t\t\t\t\t\t\t\t\t\t\t\t<div class=\"dpt-entry has-thumbnail\" data-title=\"sinkende gasspeicher in deutschland: technik, grenzen und politische konsequenzen\" data-id=\"4581\"  data-category=\"allgemein gesellschaft\" data-post_tag=\"deutschland energiepolitik europa krisen ratgeber\">\n\t\t\t\t\t\t\t<div class=\"dpt-entry-wrapper\"><div class=\"dpt-featured-content\"><div class=\"dpt-permalink\"><a href=\"https:\/\/www.markus-schall.de\/pl\/2026\/01\/malejace-magazyny-gazu-w-niemczech-ograniczenia-techniczne-i-konsekwencje-polityczne\/\" class=\"dpt-permalink\"><span class=\"screen-reader-text\">Zatapianie magazyn\u00f3w gazu w Niemczech: technologia, ograniczenia i konsekwencje polityczne<\/span><\/a><\/div><div class=\"dpt-thumbnail\"><div class=\"dpt-thumbnail-inner\"><img width=\"1024\" height=\"683\" class=\"attachment-full size-full\" alt=\"Magazynowanie gazu w Niemczech\" context=\"dpt\" data-dpt-src=\"https:\/\/www.markus-schall.de\/wp-content\/uploads\/Gasspeicher-Deutschland.jpg\" data-dpt-sizes=\"(max-width: 1024px) 100vw, 1024px\" data-dpt-srcset=\"https:\/\/www.markus-schall.de\/wp-content\/uploads\/Gasspeicher-Deutschland.jpg 1024w, https:\/\/www.markus-schall.de\/wp-content\/uploads\/Gasspeicher-Deutschland-300x200.jpg 300w, https:\/\/www.markus-schall.de\/wp-content\/uploads\/Gasspeicher-Deutschland-768x512.jpg 768w, https:\/\/www.markus-schall.de\/wp-content\/uploads\/Gasspeicher-Deutschland-18x12.jpg 18w\" \/><\/div><span class=\"dpt-thumbnail-aspect-ratio\" style=\"padding-top: 75%\"><\/span><\/div><\/div><div class=\"sub-entry\"><h3 class=\"dpt-title\"><a class=\"dpt-title-link\" href=\"https:\/\/www.markus-schall.de\/pl\/2026\/01\/malejace-magazyny-gazu-w-niemczech-ograniczenia-techniczne-i-konsekwencje-polityczne\/\" rel=\"bookmark\">Zatapianie magazyn\u00f3w gazu w Niemczech: technologia, ograniczenia i konsekwencje polityczne<\/a><\/h3><\/div><\/div>\n\t\t\t\t\t\t<\/div><!-- .dpt-entry -->\n\t\t\t\t\t\t\n\t\t\t\t<\/div>\n\t\t\t\t\t\t<\/div>\n\t\t\t\n<hr \/>\n<p><a href=\"https:\/\/computermuseum-oldenburg.de\/das-museum\/sonderausstellung-50-jahre-apple\/\" target=\"_blank\" rel=\"noopener\"><img loading=\"lazy\" decoding=\"async\" class=\"alignleft wp-image-5487\" src=\"https:\/\/www.markus-schall.de\/wp-content\/uploads\/OCM_Aussenwerbung_Banner_50_Jahre_Apple_Computer_2k-1892x2048-1.png\" alt=\"OCM: Wystawa 50 lat komputera Apple\" width=\"160\" height=\"173\" srcset=\"https:\/\/www.markus-schall.de\/wp-content\/uploads\/OCM_Aussenwerbung_Banner_50_Jahre_Apple_Computer_2k-1892x2048-1.png 1892w, https:\/\/www.markus-schall.de\/wp-content\/uploads\/OCM_Aussenwerbung_Banner_50_Jahre_Apple_Computer_2k-1892x2048-1-277x300.png 277w, https:\/\/www.markus-schall.de\/wp-content\/uploads\/OCM_Aussenwerbung_Banner_50_Jahre_Apple_Computer_2k-1892x2048-1-946x1024.png 946w, https:\/\/www.markus-schall.de\/wp-content\/uploads\/OCM_Aussenwerbung_Banner_50_Jahre_Apple_Computer_2k-1892x2048-1-768x831.png 768w, https:\/\/www.markus-schall.de\/wp-content\/uploads\/OCM_Aussenwerbung_Banner_50_Jahre_Apple_Computer_2k-1892x2048-1-1419x1536.png 1419w, https:\/\/www.markus-schall.de\/wp-content\/uploads\/OCM_Aussenwerbung_Banner_50_Jahre_Apple_Computer_2k-1892x2048-1-11x12.png 11w\" sizes=\"auto, (max-width: 160px) 100vw, 160px\" \/><\/a>Od kwietnia prowadzona jest szeroko zakrojona <a href=\"https:\/\/computermuseum-oldenburg.de\/das-museum\/sonderausstellung-50-jahre-apple\/\" target=\"_blank\" rel=\"noopener\"><strong>Apple Wystawa<\/strong><\/a> na. Jest to trafne, poniewa\u017c prawie \u017cadna inna firma nie mia\u0142a tak silnego wp\u0142ywu na rozw\u00f3j komputer\u00f3w jak Apple - zar\u00f3wno pod wzgl\u0119dem technicznym, jak i projektowym. I w\u0142a\u015bnie w tym miejscu robi si\u0119 ciekawie: kiedy patrzysz na wystawy takie jak ta, szybko zdajesz sobie spraw\u0119, \u017ce wiele pomys\u0142\u00f3w, kt\u00f3re dzi\u015b wydaj\u0105 si\u0119 oczywiste, powsta\u0142o ju\u017c dziesi\u0105tki lat temu.<\/p>\n<p>Dla mnie jest to dobra okazja nie tylko do przyjrzenia si\u0119 wystawie, ale tak\u017ce mojej w\u0142asnej ma\u0142ej kolekcji. Przez lata nagromadzi\u0142o si\u0119 tu wiele - urz\u0105dzenia, kt\u00f3rych u\u017cywa\u0142em, urz\u0105dzenia, kt\u00f3re celowo zachowa\u0142em i kilka element\u00f3w, kt\u00f3re nie s\u0105 dzi\u015b \u0142atwe do znalezienia. To nie jest muzeum w tradycyjnym sensie. Jest to jednak kawa\u0142ek \u017cywej historii techniki.<\/p>\n<p>I o tym w\u0142a\u015bnie jest ten artyku\u0142: nie jest to pe\u0142na chronologia, ale spojrzenie wstecz - z praktycznej perspektywy, z urz\u0105dzeniami, kt\u00f3re by\u0142y faktycznie u\u017cywane.<\/p>\n<h2>Data w 1993 r.<\/h2>\n<p>Kiedy dzi\u015b my\u015blimy o komputerach przeno\u015bnych, prawdopodobnie od razu przychodz\u0105 nam na my\u015bl smartfony lub smuk\u0142e notebooki. Na pocz\u0105tku lat 90. sprawy wygl\u0105da\u0142y nieco inaczej. W 1993 roku mia\u0142em spotkanie z <a href=\"https:\/\/www.creditreform.de\/oldenburg\" target=\"_blank\" rel=\"noopener\">Creditreform<\/a>. Chodzi\u0142o o trening. W tamtych czasach przygotowania by\u0142y nadal bardzo tradycyjne. Bez internetu, bez szybkiego wyszukiwania. Po prostu pojecha\u0142em tam wcze\u015bniej, wzi\u0105\u0142em kilka dokument\u00f3w i sprawdzi\u0142em, czym w\u0142a\u015bciwie zajmuje si\u0119 sklep. Nie by\u0142o to nic specjalnego - ale najwyra\u017aniej niewiele os\u00f3b tak robi\u0142o.<\/p>\n<p>Pod koniec rozmowy chodzi\u0142o o zaplanowanie spotkania. Zrobi\u0142em co\u015b, co przysz\u0142o mi naturalnie: wyj\u0105\u0142em m\u00f3j ma\u0142y komputer i wprowadzi\u0142em termin spotkania.<\/p>\n<p>To by\u0142o Atari Portfolio. Niepozorne urz\u0105dzenie, niewiele wi\u0119ksze od ksi\u0105\u017cki w mi\u0119kkiej oprawie, z ma\u0142\u0105 klawiatur\u0105 i prostym wy\u015bwietlaczem. Technicznie rzecz bior\u0105c, nie by\u0142o to nic spektakularnego. Ale na tamte czasy by\u0142o to prawdziwe o\u015bwiadczenie: mobilne, autonomiczne, niezale\u017cne od biurka.<\/p>\n<p>Wiele lat p\u00f3\u017aniej, na Oldenburskim Kramermarkt, autoryzowany sygnatariusz powiedzia\u0142 mi po kilku piwach, \u017ce to w\u0142a\u015bnie ten moment utkwi\u0142 mi w pami\u0119ci. Nie dlatego, \u017ce urz\u0105dzenie by\u0142o tak imponuj\u0105ce - ale dlatego, \u017ce pokaza\u0142o, \u017ce jestem przygotowany i mam wszystko pod kontrol\u0105.<\/p>\n<p>Patrz\u0105c wstecz, ca\u0142kiem mi to odpowiada. Rzadko czeka\u0142em, a\u017c co\u015b b\u0119dzie \u201ezwyczajne\u201c. Je\u015bli co\u015b wydawa\u0142o si\u0119 sensowne, po prostu to robi\u0142em. I dok\u0142adnie tak by\u0142o z tym ma\u0142ym komputerem.<\/p>\n<p><img loading=\"lazy\" decoding=\"async\" class=\"alignnone wp-image-5496 size-full\" src=\"https:\/\/www.markus-schall.de\/wp-content\/uploads\/Apple-OCM-Atari-Portfolio.jpg\" alt=\"Portfolio Atari\" width=\"1024\" height=\"683\" srcset=\"https:\/\/www.markus-schall.de\/wp-content\/uploads\/Apple-OCM-Atari-Portfolio.jpg 1024w, https:\/\/www.markus-schall.de\/wp-content\/uploads\/Apple-OCM-Atari-Portfolio-300x200.jpg 300w, https:\/\/www.markus-schall.de\/wp-content\/uploads\/Apple-OCM-Atari-Portfolio-768x512.jpg 768w, https:\/\/www.markus-schall.de\/wp-content\/uploads\/Apple-OCM-Atari-Portfolio-18x12.jpg 18w\" sizes=\"auto, (max-width: 1024px) 100vw, 1024px\" \/><\/p>\n<h3>Wczesne komputery mobilne - wi\u0119cej pomys\u0142u ni\u017c wygody<\/h3>\n<p>Je\u015bli spojrze\u0107 dzi\u015b na urz\u0105dzenie takie jak Atari Portfolio, wygl\u0105da ono niemal jak zabawka. Wy\u015bwietlacz jest ma\u0142y, prezentacja prosta, a obs\u0142uga ma\u0142o wygodna. A jednak to urz\u0105dzenie kryje w sobie ide\u0119, kt\u00f3ra jest wci\u0105\u017c aktualna.<\/p>\n<p>Atari Portfolio by\u0142 jednym z pierwszych prawdziwie przeno\u015bnych komputer\u00f3w godnych tej nazwy. Bez akcesori\u00f3w, bez zewn\u0119trznego dysku, bez monitora - wszystko w jednym kompaktowym urz\u0105dzeniu. W\u0142\u0105cz, pracuj, pod\u0142\u0105cz ponownie. Oczywi\u015bcie mia\u0142o to swoje ograniczenia. Pami\u0119ci by\u0142o ma\u0142o, programy by\u0142y proste i wiele rzeczy trzeba by\u0142o rozwi\u0105zywa\u0107 okr\u0119\u017cn\u0105 drog\u0105. Ale by\u0142a w tym te\u017c pewna jasno\u015b\u0107. Mia\u0142e\u015b narz\u0119dzie, a nie system, kt\u00f3ry przeci\u0105\u017ca\u0142 ci\u0119 funkcjami.<\/p>\n<p>Je\u015bli spojrzysz na to dzisiaj, szybko zdasz sobie spraw\u0119, \u017ce ten pomys\u0142 ju\u017c istnia\u0142. Mobilno\u015b\u0107, dane osobowe, zarz\u0105dzanie spotkaniami - wszystko, co dzi\u015b uwa\u017camy za oczywiste, istnia\u0142o ju\u017c wtedy. Tyle tylko, \u017ce nie do ko\u0144ca zdawali\u015bmy sobie z tego spraw\u0119.<\/p>\n<p>I w\u0142a\u015bnie w tym miejscu spojrzenie na Apple staje si\u0119 interesuj\u0105ce. Poniewa\u017c podczas gdy urz\u0105dzenia takie jak Portfolio by\u0142y mocno funkcjonalne, Apple zacz\u0105\u0142 pod\u0105\u017ca\u0107 inn\u0105 \u015bcie\u017ck\u0105 nieco p\u00f3\u017aniej - tak\u0105, kt\u00f3ra koncentrowa\u0142a si\u0119 bardziej na u\u017cyteczno\u015bci, designie i sp\u00f3jnym do\u015bwiadczeniu u\u017cytkownika. Ale o tym za chwil\u0119.<\/p>\n<h2>Kompaktowa i zamkni\u0119ta - wczesna faza desktopowa Apple<\/h2>\n<p>Kiedy Apple dalej rozwija\u0142 swoje kompaktowe komputery na pocz\u0105tku lat 90-tych, celem nie by\u0142o uwidocznienie jak najwi\u0119kszej ilo\u015bci technologii. Wr\u0119cz przeciwnie: celem by\u0142o zredukowanie wszystkiego do takiego stopnia, aby komputer jako narz\u0119dzie znikn\u0105\u0142 w tle.<\/p>\n<p>Macintosh Classic jest tego dobrym przyk\u0142adem. Urz\u0105dzenie, kt\u00f3re na pierwszy rzut oka wydaje si\u0119 niepozorne. Czarno-bia\u0142y ekran, kompaktowa konstrukcja, brak zb\u0119dnych element\u00f3w. A jednak stoi za nim jasna idea: w\u0142\u0105cz, pracuj, gotowe. Bez sk\u0142adania, bez zastanawiania si\u0119 nad podzespo\u0142ami. System zosta\u0142 zamkni\u0119ty - w pozytywnym tego s\u0142owa znaczeniu.<\/p>\n<p><img loading=\"lazy\" decoding=\"async\" class=\"alignnone wp-image-5498 size-large\" src=\"https:\/\/www.markus-schall.de\/wp-content\/uploads\/Apple-OCM-Classic.jpg\" alt=\"\" width=\"1024\" height=\"683\" srcset=\"https:\/\/www.markus-schall.de\/wp-content\/uploads\/Apple-OCM-Classic.jpg 1024w, https:\/\/www.markus-schall.de\/wp-content\/uploads\/Apple-OCM-Classic-300x200.jpg 300w, https:\/\/www.markus-schall.de\/wp-content\/uploads\/Apple-OCM-Classic-768x512.jpg 768w, https:\/\/www.markus-schall.de\/wp-content\/uploads\/Apple-OCM-Classic-18x12.jpg 18w\" sizes=\"auto, (max-width: 1024px) 100vw, 1024px\" \/><\/p>\n<h3>Ekran 9\u2033 najpierw czarno-bia\u0142y, p\u00f3\u017aniej kolorowy<\/h3>\n<p>Model Apple Colour Classic pojawi\u0142 si\u0119 nieco p\u00f3\u017aniej. Zewn\u0119trznie podobny, ale z jedn\u0105 decyduj\u0105c\u0105 r\u00f3\u017cnic\u0105: kolorem. Dzi\u015b wydaje si\u0119 to oczywiste, ale wtedy by\u0142 to krok, kt\u00f3ry wyra\u017anie zmieni\u0142 spos\u00f3b, w jaki korzystali\u015bmy z produktu. Nagle nie chodzi\u0142o ju\u017c tylko o funkcjonalno\u015b\u0107, ale tak\u017ce o prezentacj\u0119, orientacj\u0119 wizualn\u0105 i przyjemniejszy spos\u00f3b pracy.<\/p>\n<p>Je\u015bli umie\u015bcisz oba urz\u0105dzenia obok siebie, zobaczysz dok\u0142adnie to przej\u015bcie. Nie jako przerw\u0119, ale jako dalszy rozw\u00f3j. Apple rzadko obala\u0142 wszystko na raz. Zamiast tego by\u0142 udoskonalany krok po kroku.<\/p>\n<p>Z dzisiejszej perspektywy to, co czyni te urz\u0105dzenia wyj\u0105tkowymi, to nie tyle ich wydajno\u015b\u0107, co nastawienie. Zosta\u0142y one zaprojektowane z my\u015bl\u0105 o ich u\u017cytkowaniu, a nie ci\u0105g\u0142ym majstrowaniu przy nich. To wyra\u017anie odr\u00f3\u017cnia je od wielu \u00f3wczesnych system\u00f3w PC, w kt\u00f3rych sam monta\u017c by\u0142 cz\u0119sto cz\u0119\u015bci\u0105 pracy.<\/p>\n<p>I w\u0142a\u015bnie tutaj zaczyna si\u0119 co\u015b, co przewija si\u0119 przez histori\u0119 Apple: pr\u00f3ba uproszczenia technologii do takiego stopnia, aby pasowa\u0142a do codziennego \u017cycia. Czasami dzia\u0142a to lepiej, czasami gorzej. Ale kierunek by\u0142 wyra\u017anie rozpoznawalny na wczesnym etapie.<\/p>\n<h2>Moje wej\u015bcie do Apple - i pierwsze rozczarowanie<\/h2>\n<p>Moje w\u0142asne wej\u015bcie w \u015bwiat Apple by\u0142o mniej entuzjastyczne, ni\u017c mo\u017cna by si\u0119 spodziewa\u0107. By\u0142 to bardziej pragmatyczny krok, kt\u00f3ry nie od razu mnie przekona\u0142. Moim pierwszym Apple by\u0142a Performa 5200, ju\u017c wtedy wyposa\u017cona w procesor PowerPC, wi\u0119c na papierze by\u0142a bardziej nowoczesna ni\u017c wiele poprzednich system\u00f3w.<\/p>\n<p>Oczekiwania by\u0142y odpowiednio wysokie. Nowa architektura, nowe mo\u017cliwo\u015bci - to brzmia\u0142o jak post\u0119p. Ale w praktyce by\u0142o inaczej. Komputer nie by\u0142 z\u0142y. Nie wydawa\u0142 si\u0119 jednak szybszy, a wr\u0119cz przeciwnie. Zw\u0142aszcza w bezpo\u015brednim por\u00f3wnaniu ze starszymi systemami mia\u0142em wra\u017cenie, \u017ce wiele rzeczy dzia\u0142a wolniej ni\u017c powinno. Trudno powiedzie\u0107, czy by\u0142o to spowodowane oprogramowaniem, czy wci\u0105\u017c niedojrza\u0142\u0105 platform\u0105. Ale wra\u017cenie pozosta\u0142o.<\/p>\n<h3>Quadra bije Perform\u0119<\/h3>\n<p>Pozby\u0142em si\u0119 go wi\u0119c stosunkowo szybko i przesiad\u0142em si\u0119 na Quadr\u0119 840AV. System z poprzedniej generacji, wci\u0105\u017c oparty na architekturze 68k. I nagle odczucia by\u0142y zupe\u0142nie inne. Komputer reagowa\u0142 bardziej bezpo\u015brednio, by\u0142 stabilniejszy i og\u00f3lnie p\u0142ynniejszy. Aby by\u0107 uczciwym, trzeba powiedzie\u0107, \u017ce Quadra mia\u0142a szybsze interfejsy SCSI dla dysk\u00f3w twardych ni\u017c nowsza (konsumencka) Performa.<\/p>\n<p>To by\u0142o do\u015bwiadczenie, kt\u00f3re mia\u0142em kilka razy p\u00f3\u017aniej: Nowe nie oznacza automatycznie lepsze. A tylko dlatego, \u017ce co\u015b jest bardziej nowoczesne na papierze, nie oznacza, \u017ce jest takie samo w codziennym \u017cyciu.<\/p>\n<p>Patrz\u0105c wstecz, to by\u0142 wa\u017cny moment. Ukszta\u0142towa\u0142 m\u00f3j pogl\u0105d na technologi\u0119. Nauczy\u0142em si\u0119 nie ufa\u0107 automatycznie ka\u017cdemu post\u0119powi, ale przyjrze\u0107 mu si\u0119 bli\u017cej. Co to w\u0142a\u015bciwie dla mnie robi? Czy czuj\u0119 si\u0119 lepiej? Czy u\u0142atwia mi prac\u0119? Te pytania towarzysz\u0105 mi do dzi\u015b.<\/p>\n<p>I mo\u017ce to jest r\u00f3wnie\u017c pow\u00f3d, dla kt\u00f3rego p\u00f3\u017aniej prze\u0142\u0105cza\u0142em si\u0119 mi\u0119dzy systemami - i nigdy w pe\u0142ni nie przywi\u0105za\u0142em si\u0119 do jednej strony.<\/p>\n<h2>Mobilna ewolucja - generacja PowerBook\u00f3w<\/h2>\n<p>Kiedy Apple zacz\u0105\u0142 konsekwentnie rozwija\u0107 swoje komputery przeno\u015bne, nie odbywa\u0142o si\u0119 to wielkimi skokami, ale ma\u0142ymi, zrozumia\u0142ymi krokami. To w\u0142a\u015bnie sprawia, \u017ce seria PowerBook jest tak interesuj\u0105ca do dzi\u015b. Pokazuje ona bardzo wyra\u017anie, jak koncepcja mo\u017ce by\u0107 udoskonalana przez lata.<\/p>\n<p><img loading=\"lazy\" decoding=\"async\" class=\"alignnone wp-image-5499 size-full\" src=\"https:\/\/www.markus-schall.de\/wp-content\/uploads\/Apple-OCM-PowerBook.jpg\" alt=\"Apple PowerBook G3\" width=\"1024\" height=\"683\" srcset=\"https:\/\/www.markus-schall.de\/wp-content\/uploads\/Apple-OCM-PowerBook.jpg 1024w, https:\/\/www.markus-schall.de\/wp-content\/uploads\/Apple-OCM-PowerBook-300x200.jpg 300w, https:\/\/www.markus-schall.de\/wp-content\/uploads\/Apple-OCM-PowerBook-768x512.jpg 768w, https:\/\/www.markus-schall.de\/wp-content\/uploads\/Apple-OCM-PowerBook-18x12.jpg 18w\" sizes=\"auto, (max-width: 1024px) 100vw, 1024px\" \/><\/p>\n<h3>Od eksperymentu do dzia\u0142aj\u0105cej maszyny<\/h3>\n<p>Wczesne PowerBooki by\u0142y nadal wyra\u017anie rozpoznawalne jako mobilne rozszerzenie koncepcji komputera stacjonarnego. Ich celem by\u0142o umo\u017cliwienie robienia w ruchu tego, co zwykle robi si\u0119 przy biurku. W zwi\u0105zku z tym cz\u0119sto by\u0142y nadal ci\u0119\u017ckie, niezbyt kompaktowe i technicznie bardziej kompromisowe.<\/p>\n<p>Powoli zacz\u0119\u0142o si\u0119 to zmienia\u0107 wraz z urz\u0105dzeniami takimi jak Wallstreet. Maszyny sta\u0142y si\u0119 bardziej wytrzyma\u0142e, lepiej zorganizowane i og\u00f3lnie bli\u017csze temu, co dzi\u015b nazwaliby\u015bmy \u201eprawdziw\u0105 prac\u0105 mobiln\u0105\u201c. Nie chodzi\u0142o ju\u017c tylko o bycie mobilnym, ale o prac\u0119 w znacz\u0105cy mobilny spos\u00f3b.<\/p>\n<h3>Ma\u0142e kroki, du\u017cy wp\u0142yw<\/h3>\n<p>Je\u015bli spojrzysz na rozw\u00f3j od Wallstreet przez Lombard po Pismo, zauwa\u017cysz, \u017ce na zewn\u0105trz niewiele si\u0119 zmieni\u0142o. I w\u0142a\u015bnie w tym tkwi si\u0142a. Apple nie wymy\u015bli\u0142 tutaj wszystkiego na nowo, ale konsekwentnie ulepsza\u0142 istniej\u0105ce koncepcje:<\/p>\n<ul>\n<li>Obudowa sta\u0142a si\u0119 bardziej stabilna i jednocze\u015bnie l\u017cejsza<\/li>\n<li>Po\u0142\u0105czenia zosta\u0142y rozmieszczone w bardziej rozs\u0105dny spos\u00f3b<\/li>\n<li>Obs\u0142uga sta\u0142a si\u0119 bardziej przejrzysta i intuicyjna<\/li>\n<\/ul>\n<p>Nie s\u0105 to spektakularne innowacje. Ale w codziennym \u017cyciu to w\u0142a\u015bnie te szczeg\u00f3\u0142y robi\u0105 r\u00f3\u017cnic\u0119. Lombard, kt\u00f3ry cz\u0119sto pozostaje nieco w cieniu innych modeli, nale\u017cy w\u0142a\u015bnie do tej fazy udoskonalania. Wydaje si\u0119 ma\u0142o spektakularny, ale jest wa\u017cnym krokiem po\u015brednim. Wreszcie, w przypadku Pismo, mo\u017cna odnie\u015b\u0107 wra\u017cenie, \u017ce wiele z tych zmian si\u0119 po\u0142\u0105czy\u0142o. Urz\u0105dzenie, kt\u00f3re wygl\u0105da na zaokr\u0105glone. Nie idealne, ale sp\u00f3jne.<\/p>\n<h3>Ewolucja zamiast rewolucji<\/h3>\n<p>Co \u0142atwo przeoczy\u0107 z dzisiejszej perspektywy: Te urz\u0105dzenia nie mia\u0142y by\u0107 kamieniami milowymi. By\u0142y narz\u0119dziami. I w\u0142a\u015bnie dlatego s\u0105 tak interesuj\u0105ce. Apple nie stara\u0142 si\u0119 co roku prezentowa\u0107 czego\u015b zupe\u0142nie nowego. Zamiast tego poprawia\u0142, dostosowywa\u0142 i optymalizowa\u0142. Podej\u015bcie, kt\u00f3re dzi\u015b jest znacznie rzadziej spotykane.<\/p>\n<p>Podczas pracy z tymi urz\u0105dzeniami szybko zdajesz sobie spraw\u0119, \u017ce zosta\u0142y one zaprojektowane z my\u015bl\u0105 o ci\u0105g\u0142o\u015bci. Nie trzeba by\u0142o za ka\u017cdym razem ca\u0142kowicie zmienia\u0107 orientacji. Rzeczy by\u0142y tam, gdzie si\u0119 ich spodziewa\u0142e\u015b. I to w\u0142a\u015bnie buduje zaufanie.<\/p>\n<h2>W drug\u0105 stron\u0119 - Newton, eMate i wczesni asystenci cyfrowi<\/h2>\n<p>R\u00f3wnolegle do tego do\u015b\u0107 klasycznego rozwoju w dziedzinie komputer\u00f3w mobilnych, Apple wypr\u00f3bowa\u0142 zupe\u0142nie inne podej\u015bcie w latach 90-tych. Takie, kt\u00f3re pod wieloma wzgl\u0119dami wyprzedza\u0142o swoje czasy - a jednocze\u015bnie nie pasowa\u0142o do \u00f3wczesnego \u015bwiata.<\/p>\n<p><img loading=\"lazy\" decoding=\"async\" class=\"alignnone wp-image-5500 size-full\" src=\"https:\/\/www.markus-schall.de\/wp-content\/uploads\/Apple-OCM-Newton-eMate.jpg\" alt=\"Apple Newton i eMate\" width=\"1024\" height=\"683\" srcset=\"https:\/\/www.markus-schall.de\/wp-content\/uploads\/Apple-OCM-Newton-eMate.jpg 1024w, https:\/\/www.markus-schall.de\/wp-content\/uploads\/Apple-OCM-Newton-eMate-300x200.jpg 300w, https:\/\/www.markus-schall.de\/wp-content\/uploads\/Apple-OCM-Newton-eMate-768x512.jpg 768w, https:\/\/www.markus-schall.de\/wp-content\/uploads\/Apple-OCM-Newton-eMate-18x12.jpg 18w\" sizes=\"auto, (max-width: 1024px) 100vw, 1024px\" \/><\/p>\n<h3>Idea stoj\u0105ca za Newtonem<\/h3>\n<p>Wraz z Apple Newton, firma Apple realizowa\u0142a wizj\u0119, kt\u00f3ra dzi\u015b wydaje si\u0119 niemal oczywista: osobistego asystenta cyfrowego. Urz\u0105dzenie, kt\u00f3re:<\/p>\n<ul>\n<li>Zarz\u0105dzane notatki<\/li>\n<li>Organizowane terminy<\/li>\n<li>rozpoznaje wpisy odr\u0119czne<\/li>\n<\/ul>\n<p>Wszystko sterowane za pomoc\u0105 rysika, bezpo\u015brednio na wy\u015bwietlaczu. Z dzisiejszej perspektywy wygl\u0105da to znajomo. Wtedy by\u0142o to co\u015b zupe\u0142nie innego. Nie by\u0142o utartych schemat\u00f3w, znanej logiki dzia\u0142ania. Trzeba by\u0142o si\u0119 zaanga\u017cowa\u0107.<\/p>\n<h3>Mi\u0119dzy aspiracjami a rzeczywisto\u015bci\u0105<\/h3>\n<p>Pomys\u0142 by\u0142 silny. Realizacja mia\u0142a swoje ograniczenia. Rozpoznawanie pisma odr\u0119cznego dzia\u0142a\u0142o - ale nie zawsze niezawodnie. Urz\u0105dzenia by\u0142y ograniczone technicznie, a oprogramowanie nie by\u0142o jeszcze w pe\u0142ni rozwini\u0119te. Wielu u\u017cytkownik\u00f3w po prostu nie wiedzia\u0142o, co z tym zrobi\u0107.<\/p>\n<p>I w\u0142a\u015bnie tutaj uwidacznia si\u0119 powtarzaj\u0105cy si\u0119 wzorzec w historii technologii: dobry pomys\u0142 nie wystarczy. Musi on r\u00f3wnie\u017c pasowa\u0107 do kontekstu swoich czas\u00f3w. W pewnym sensie Newton by\u0142 zbyt wczesny. Przewidywa\u0142 rzeczy, kt\u00f3re naprawd\u0119 nadawa\u0142y si\u0119 do codziennego u\u017cytku dopiero wiele lat p\u00f3\u017aniej.<\/p>\n<h3>eMate - specjalny przypadek dla szk\u00f3\u0142<\/h3>\n<p>Szczeg\u00f3lnie interesuj\u0105cym urz\u0105dzeniem w tym kontek\u015bcie jest Apple eMate 300, p\u00f3\u0142przezroczysty, zielony kalkulator, kt\u00f3ry zosta\u0142 specjalnie zaprojektowany do u\u017cytku w sektorze edukacyjnym. Solidny, niezale\u017cny, z wyra\u017anym naciskiem na praktyczne zastosowanie.<\/p>\n<p>Kiedy bierze si\u0119 go dzi\u015b do r\u0119ki, wydaje si\u0119 niemal prekursorem nowoczesnych urz\u0105dze\u0144. Nie ze wzgl\u0119du na jego wydajno\u015b\u0107, ale ze wzgl\u0119du na jego koncepcj\u0119. Kompaktowy, skoncentrowany, zredukowany. A jednocze\u015bnie mo\u017cna poczu\u0107, \u017ce pochodzi z czas\u00f3w, gdy wiele rzeczy by\u0142o jeszcze wypr\u00f3bowywanych.<\/p>\n<h3>Widok z dzisiejszej perspektywy<\/h3>\n<p>Patrz\u0105c wstecz, Newton to nie tyle nieudany produkt, co wczesna pr\u00f3ba stworzenia nowego rodzaju interakcji. Wiele z tych pomys\u0142\u00f3w powraca do dzi\u015b:<\/p>\n<ul>\n<li>Obs\u0142uga pi\u00f3ra<\/li>\n<li>Pismo odr\u0119czne<\/li>\n<li>Osobiste systemy wspomagaj\u0105ce<\/li>\n<\/ul>\n<p>R\u00f3\u017cnica polega na tym, \u017ce technologia jest obecnie tak zaawansowana, \u017ce pomys\u0142y te mo\u017cna niezawodnie zrealizowa\u0107.<br \/>\nI w\u0142a\u015bnie dlatego warto spojrze\u0107 wstecz. Nie po to, by twierdzi\u0107, \u017ce w przesz\u0142o\u015bci wszystko by\u0142o lepsze. Ale po to, by zda\u0107 sobie spraw\u0119, \u017ce wiele z tego, co dzi\u015b uwa\u017camy za oczywiste, by\u0142o kiedy\u015b eksperymentem.<\/p>\n<h2>Rzadki szczeg\u00f3\u0142 - telefon Siemens Notephone<\/h2>\n<p>Opr\u00f3cz wszystkich urz\u0105dze\u0144, kt\u00f3re znasz lub przynajmniej widzia\u0142e\u015b wcze\u015bniej, zawsze s\u0105 elementy, kt\u00f3re si\u0119 wyr\u00f3\u017cniaj\u0105. Urz\u0105dzenia, kt\u00f3re nie by\u0142y przeznaczone na rynek masowy lub istniej\u0105 tylko w niewielkiej liczbie. I m\u00f3j Siemens Notephone jest w\u0142a\u015bnie takim urz\u0105dzeniem.<\/p>\n<p><img loading=\"lazy\" decoding=\"async\" class=\"alignnone wp-image-5501 size-full\" src=\"https:\/\/www.markus-schall.de\/wp-content\/uploads\/Apple-OCM-Siemens-Notephone.jpg\" alt=\"Siemens Notephone\" width=\"1024\" height=\"683\" srcset=\"https:\/\/www.markus-schall.de\/wp-content\/uploads\/Apple-OCM-Siemens-Notephone.jpg 1024w, https:\/\/www.markus-schall.de\/wp-content\/uploads\/Apple-OCM-Siemens-Notephone-300x200.jpg 300w, https:\/\/www.markus-schall.de\/wp-content\/uploads\/Apple-OCM-Siemens-Notephone-768x512.jpg 768w, https:\/\/www.markus-schall.de\/wp-content\/uploads\/Apple-OCM-Siemens-Notephone-18x12.jpg 18w\" sizes=\"auto, (max-width: 1024px) 100vw, 1024px\" \/><\/p>\n<h3>Nietypowe podej\u015bcie<\/h3>\n<p>Na pierwszy rzut oka urz\u0105dzenie wydaje si\u0119 niepozorne. Brak typowej konstrukcji Apple, brak logo, kt\u00f3re natychmiast przyci\u0105ga wzrok. Zamiast tego jest napis Siemens. I w\u0142a\u015bnie to czyni go interesuj\u0105cym. Wewn\u0105trz znajduje si\u0119 technologia, kt\u00f3ra jest \u015bci\u015ble zwi\u0105zana z Apple Newton. Po\u0142\u0105czenie, kt\u00f3re nie jest cz\u0119sto spotykane. Technologia Apple w innej obudowie, zaprojektowana dla specjalnego obszaru zastosowa\u0144.<\/p>\n<p>Notatnik nie jest wi\u0119c klasycznym urz\u0105dzeniem Apple - a jednocze\u015bnie nim jest. Stoi gdzie\u015b pomi\u0119dzy tymi dwoma \u015bwiatami. I w\u0142a\u015bnie dlatego tak dobrze pasuje do tego artyku\u0142u.<\/p>\n<p>Kiedy bierzesz urz\u0105dzenie do r\u0119ki, od razu zdajesz sobie spraw\u0119, \u017ce pochodzi ono z innej epoki. Materia\u0142y, wykonanie, a nawet waga - wszystko jest inne ni\u017c w dzisiejszych urz\u0105dzeniach.<\/p>\n<p>Podobnie jak w przypadku Newtona, jest on obs\u0142ugiwany za pomoc\u0105 rysika. Pisanie, pisanie na klawiaturze, nawigacja - wszystko odbywa si\u0119 bezpo\u015brednio na powierzchni. Dzi\u015b wydaje si\u0119 to znajome, ale w tamtych czasach nie by\u0142o to niczym oczywistym.<\/p>\n<p>I tu w\u0142a\u015bnie staje si\u0119 jasne co\u015b interesuj\u0105cego: wiele rzeczy, kt\u00f3re dzi\u015b postrzegamy jako post\u0119p, istnia\u0142o ju\u017c w swojej podstawowej formie dziesi\u0105tki lat temu. Po prostu nie tak wyrafinowane, nie tak szybkie i nie tak niezawodne. Niemniej jednak zasada dzia\u0142a. Mo\u017cna z ni\u0105 pracowa\u0107. Rozumiesz, jaka idea za tym stoi. A to jest cz\u0119sto warte wi\u0119cej ni\u017c doskona\u0142a technologia.<\/p>\n<h3>Kawa\u0142ek, kt\u00f3ry zostaje<\/h3>\n<p>To, co sprawia, \u017ce to urz\u0105dzenie jest dla mnie wyj\u0105tkowe, to nie tylko jego rzadko\u015b\u0107. Jest to po\u0142\u0105czenie historii technicznej i osobistej wi\u0119zi. To nie jest urz\u0105dzenie, kt\u00f3re po prostu si\u0119 wymienia. To takie, kt\u00f3re si\u0119 zatrzymuje. By\u0107 mo\u017ce dlatego, \u017ce pokazuje, jak wiele by\u0142o \u015bcie\u017cek rozwoju. I jak wiele z nich jest dzi\u015b prawie zapomnianych.<\/p>\n<h2>Apple odkryty projekt<\/h2>\n<p>Wraz z przej\u015bciem do p\u00f3\u017anych lat 90-tych i wczesnych 2000, co\u015b fundamentalnego zmieni\u0142o si\u0119 w Apple. Technologia pozostaje wa\u017cna, ale coraz bardziej schodzi na dalszy plan. Zamiast tego, co\u015b innego zajmuje centralne miejsce:<\/p>\n<p>Projekt.<\/p>\n<p><img loading=\"lazy\" decoding=\"async\" class=\"alignnone size-large wp-image-5502\" src=\"https:\/\/www.markus-schall.de\/wp-content\/uploads\/Apple-OCM-Cube-G4.jpg\" alt=\"\" width=\"1024\" height=\"683\" srcset=\"https:\/\/www.markus-schall.de\/wp-content\/uploads\/Apple-OCM-Cube-G4.jpg 1024w, https:\/\/www.markus-schall.de\/wp-content\/uploads\/Apple-OCM-Cube-G4-300x200.jpg 300w, https:\/\/www.markus-schall.de\/wp-content\/uploads\/Apple-OCM-Cube-G4-768x512.jpg 768w, https:\/\/www.markus-schall.de\/wp-content\/uploads\/Apple-OCM-Cube-G4-18x12.jpg 18w\" sizes=\"auto, (max-width: 1024px) 100vw, 1024px\" \/><\/p>\n<h3>Moment, w kt\u00f3rym technologia staje si\u0119 widoczna<\/h3>\n<p>Dobrym tego przyk\u0142adem jest Power Mac G4 Cube. Komputer, kt\u00f3ry wygl\u0105da mniej jak narz\u0119dzie pracy, a bardziej jak przedmiot. Wyra\u017ane linie, przezroczyste elementy, kszta\u0142t, kt\u00f3ry jest nie tylko funkcjonalny, ale celowo zaprojektowany. Kiedy na niego spojrzysz, od razu zdasz sobie spraw\u0119, \u017ce nie chodzi tylko o to, co urz\u0105dzenie mo\u017ce zrobi\u0107. Chodzi r\u00f3wnie\u017c o to, jak wygl\u0105da.<\/p>\n<p>W tamtych czasach nie by\u0142o to oczywiste. Wiele komputer\u00f3w by\u0142o funkcjonalnych, ale mia\u0142o drugorz\u0119dne znaczenie pod wzgl\u0119dem wzornictwa. Firma Apple przyj\u0119\u0142a tutaj inne podej\u015bcie. Cube G4 jest nawet wystawiony w nowojorskim centrum handlowym <a href=\"https:\/\/www.moma.org\" target=\"_blank\" rel=\"noopener\">Muzeum Sztuki Nowoczesnej<\/a> wydane.<\/p>\n<h3>Forma nie pod\u0105\u017ca tylko za funkcj\u0105<\/h3>\n<p>Oczywi\u015bcie Cube spe\u0142nia swoje zadanie. Ale robi to w spos\u00f3b, kt\u00f3ry wykracza poza kwestie czysto techniczne. Obudowa, materia\u0142y, spos\u00f3b wykonania urz\u0105dzenia - wszystko wygl\u0105da na dobrze przemy\u015blane. Niemal minimalistycznie. A jednocze\u015bnie przyci\u0105ga wzrok.<\/p>\n<p>To dyskusyjne, czy takie podej\u015bcie zawsze ma sens. Cube nie by\u0142 produktem masowym. To by\u0142o bardziej o\u015bwiadczenie. I w\u0142a\u015bnie to czyni go dzi\u015b interesuj\u0105cym.<\/p>\n<h3>Nowy kierunek<\/h3>\n<p>Dzi\u0119ki urz\u0105dzeniom takim jak Cube i systemy Power Mac G4 jasne jest, \u017ce Apple zaczyna inaczej my\u015ble\u0107 o technologii. Ju\u017c nie tylko jako narz\u0119dzie, ale jako cz\u0119\u015b\u0107 \u015brodowiska. Jako co\u015b, co mo\u017ce by\u0107 widoczne. Jest to podej\u015bcie, kt\u00f3re trwa do dzi\u015b. Czasem mocniej, czasem s\u0142abiej. Ale kierunek zosta\u0142 wyra\u017anie wyznaczony w tym czasie.<\/p>\n<p>A kiedy spojrzymy na urz\u0105dzenia z tej fazy, zdajemy sobie spraw\u0119, \u017ce pojawi\u0142o si\u0119 tu co\u015b, co wykracza poza pojedyncze produkty. Postawa, kt\u00f3ra nie ukrywa technologii, ale \u015bwiadomie j\u0105 kszta\u0142tuje.<\/p>\n<h2>Przej\u015bcie do nowoczesnego \u015bwiata Apple<\/h2>\n<p>Na pocz\u0105tku XXI wieku rozpocz\u0105\u0142 si\u0119 etap, w kt\u00f3rym Apple nie tylko dalej rozwija\u0142 swoje urz\u0105dzenia pod wzgl\u0119dem technicznym, ale tak\u017ce uczyni\u0142 je znacznie bardziej dost\u0119pnymi. Wiele rzeczy wydaje si\u0119 bardziej zaokr\u0105glonych, bardziej przyjaznych i mniej technicznych w klasycznym tego s\u0142owa znaczeniu. Dobrym tego przyk\u0142adem jest iBook G4.<\/p>\n<p><img loading=\"lazy\" decoding=\"async\" class=\"alignnone wp-image-5503 size-full\" src=\"https:\/\/www.markus-schall.de\/wp-content\/uploads\/Apple-OCM-iBook.jpg\" alt=\"Apple iBook G4\" width=\"1024\" height=\"683\" srcset=\"https:\/\/www.markus-schall.de\/wp-content\/uploads\/Apple-OCM-iBook.jpg 1024w, https:\/\/www.markus-schall.de\/wp-content\/uploads\/Apple-OCM-iBook-300x200.jpg 300w, https:\/\/www.markus-schall.de\/wp-content\/uploads\/Apple-OCM-iBook-768x512.jpg 768w, https:\/\/www.markus-schall.de\/wp-content\/uploads\/Apple-OCM-iBook-18x12.jpg 18w\" sizes=\"auto, (max-width: 1024px) 100vw, 1024px\" \/><\/p>\n<p>Podczas gdy wcze\u015bniejsze PowerBooki by\u0142y wyra\u017anie przeznaczone jako narz\u0119dzia dla okre\u015blonych grup docelowych, iBook jest skierowany bardziej do codziennego u\u017cytku. Jest mniej \u201eprofesjonalny\u201c w klasycznym tego s\u0142owa znaczeniu, ale bli\u017cszy temu, czego wiele os\u00f3b faktycznie potrzebuje.<\/p>\n<p>Kszta\u0142t jest bardziej mi\u0119kki, materia\u0142y bardziej dost\u0119pne, a og\u00f3lny wygl\u0105d mniej techniczny. Urz\u0105dzenie nie sprawia ju\u017c wra\u017cenia czego\u015b, na co trzeba ci\u0119\u017cko pracowa\u0107, ale czego\u015b, czego po prostu si\u0119 u\u017cywa.<\/p>\n<p>To wa\u017cny krok. Na tym etapie komputery coraz cz\u0119\u015bciej staj\u0105 si\u0119 cz\u0119\u015bci\u0105 codziennego \u017cycia - nie tylko dla specjalist\u00f3w, ale dla szerokiego grona u\u017cytkownik\u00f3w.<\/p>\n<h3>Ci\u0105g\u0142o\u015b\u0107 w zmianie<\/h3>\n<p>Pomimo tego nowego kierunku, wiele z tego, co Apple zbudowa\u0142 wcze\u015bniej, pozosta\u0142o. Przejrzysta struktura, prosta obs\u0142uga, idea zamkni\u0119tego systemu - wszystko to nadal istnieje. Zmieni\u0142o si\u0119 tylko opakowanie.<\/p>\n<p>iBook G4 stoi wi\u0119c nieco pomi\u0119dzy dwoma \u015bwiatami. Wci\u0105\u017c jest wyra\u017anie rozpoznawalny jako produkt swoich czas\u00f3w, ale zawiera ju\u017c wiele element\u00f3w, kt\u00f3re p\u00f3\u017aniej stan\u0105 si\u0119 oczywisto\u015bci\u0105.<\/p>\n<p>Kiedy z nim pracujesz, zdajesz sobie spraw\u0119, \u017ce co\u015b si\u0119 tutaj \u0142\u0105czy. Nie idealne, nie ostateczne, ale sp\u00f3jne. I w\u0142a\u015bnie to sprawia, \u017ce to przej\u015bcie jest tak interesuj\u0105ce.<\/p>\n<hr \/>\n<h3>Aktualne badanie dotycz\u0105ce korzystania z lokalnych system\u00f3w AI<\/h3>\n<div class='bootstrap-yop yop-poll-mc'>\n\t\t\t\t\t\t\t<div class=\"basic-yop-poll-container\" style=\"background-color:#ffffff; border:0px; border-style:solid; border-color:#000000; border-radius:5px; padding:0px 5px;\" data-id=\"9\" data-temp=\"basic-pretty\" data-skin=\"square\" data-cscheme=\"blue\" data-cap=\"0\" data-access=\"guest\" data-tid=\"\" data-uid=\"ec501e1febd676e8fb8d230a0e8ab923\" data-pid=\"4581\" data-resdet=\"votes-number,percentages\" data-show-results-to=\"guest\" data-show-results-moment=\"after-vote\" data-show-results-only=\"false\" data-show-message=\"true\" data-show-results-as=\"bar\" data-sort-results-by=\"as-defined\" data-sort-results-rule=\"asc\"data-is-ended=\"0\" data-percentages-decimals=\"2\" data-gdpr=\"no\" data-gdpr-sol=\"consent\" data-css=\".basic-yop-poll-container[data-uid] .basic-vote {\t\t\t\t\t\t\t\t\ttext-align: center;\t\t\t\t\t\t\t\t}\" data-counter=\"0\" data-load-with=\"1\" data-notification-section=\"top\"><div class=\"row\"><div class=\"col-md-12\"><div class=\"basic-inner\"><div class=\"basic-message hide\" style=\"border-left: 10px solid #008000; padding: 0px 10px;\" data-error=\"#ff0000\" data-success=\"#008000\"><p class=\"basic-message-text\" style=\"color:#000000; font-size:14px; font-weight:normal;\"><\/p><\/div><div class=\"basic-overlay hide\"><div class=\"basic-vote-options\"><\/div><div class=\"basic-preloader\"><div class=\"basic-windows8\"><div class=\"basic-wBall basic-wBall_1\"><div class=\"basic-wInnerBall\"><\/div><\/div><div class=\"basic-wBall basic-wBall_2\"><div class=\"basic-wInnerBall\"><\/div><\/div><div class=\"basic-wBall basic-wBall_3\"><div class=\"basic-wInnerBall\"><\/div><\/div><div class=\"basic-wBall basic-wBall_4\"><div class=\"basic-wInnerBall\"><\/div><\/div><div class=\"basic-wBall basic-wBall_5\"><div class=\"basic-wInnerBall\"><\/div><\/div><\/div><\/div><\/div><form class=\"basic-form\" action=\"\"><input type=\"hidden\" name=\"_token\" value=\"f124068419\" autocomplete=\"off\"><div class=\"basic-elements\"><div class=\"basic-element basic-question basic-question-text-vertical\" data-id=\"9\" data-uid=\"8563fdad4aa31c9cff022afb2b51bf1d\" data-type=\"question\" data-question-type=\"text\" data-required=\"yes\" data-allow-multiple=\"no\" data-min=\"1\" data-max=\"7\" data-display=\"vertical\" data-colnum=\"\" data-display-others=\"no\" data-others-color=\"\" data-others=\"\" data-others-max-chars=\"0\"><div class=\"basic-question-title\"><h5 style=\"color:#000000; font-size:16px; font-weight:normal; text-align:left;\">Co s\u0105dzisz o lokalnie uruchamianym oprogramowaniu AI, takim jak MLX lub Ollama?<\/h5><\/div><ul class=\"basic-answers\"><li class=\"basic-answer\" style=\"padding:0px 0px;\" data-id=\"45\" data-type=\"text\" data-vn=\"138\" data-color=\"#000000\" data-make-link=\"no\" data-link=\"\"><div class=\"basic-answer-content basic-text-vertical\"><label for=\"answer[45]\" class=\"basic-answer-label\"><input type=\"radio\" id=\"answer[45]\" name=\"answer[9]\" value=\"45\"><span class=\"basic-text\" style=\"color: #000000; font-size: 14px; font-weight: normal;\">Ingenious - w ko\u0144cu niezale\u017cny od chmury<\/span><\/label><\/div><\/li><li class=\"basic-answer\" style=\"padding:0px 0px;\" data-id=\"46\" data-type=\"text\" data-vn=\"25\" data-color=\"#000000\" data-make-link=\"no\" data-link=\"\"><div class=\"basic-answer-content basic-text-vertical\"><label for=\"answer[46]\" class=\"basic-answer-label\"><input type=\"radio\" id=\"answer[46]\" name=\"answer[9]\" value=\"46\"><span class=\"basic-text\" style=\"color: #000000; font-size: 14px; font-weight: normal;\">Interesuj\u0105ce, ale (wci\u0105\u017c) zbyt skomplikowane<\/span><\/label><\/div><\/li><li class=\"basic-answer\" style=\"padding:0px 0px;\" data-id=\"47\" data-type=\"text\" data-vn=\"28\" data-color=\"#000000\" data-make-link=\"no\" data-link=\"\"><div class=\"basic-answer-content basic-text-vertical\"><label for=\"answer[47]\" class=\"basic-answer-label\"><input type=\"radio\" id=\"answer[47]\" name=\"answer[9]\" value=\"47\"><span class=\"basic-text\" style=\"color: #000000; font-size: 14px; font-weight: normal;\">Wypr\u00f3buj\u0119 to wkr\u00f3tce<\/span><\/label><\/div><\/li><li class=\"basic-answer\" style=\"padding:0px 0px;\" data-id=\"48\" data-type=\"text\" data-vn=\"5\" data-color=\"#000000\" data-make-link=\"no\" data-link=\"\"><div class=\"basic-answer-content basic-text-vertical\"><label for=\"answer[48]\" class=\"basic-answer-label\"><input type=\"radio\" id=\"answer[48]\" name=\"answer[9]\" value=\"48\"><span class=\"basic-text\" style=\"color: #000000; font-size: 14px; font-weight: normal;\">Nie potrzebuj\u0119 tego - chmura mi wystarczy<\/span><\/label><\/div><\/li><li class=\"basic-answer\" style=\"padding:0px 0px;\" data-id=\"49\" data-type=\"text\" data-vn=\"4\" data-color=\"#000000\" data-make-link=\"no\" data-link=\"\"><div class=\"basic-answer-content basic-text-vertical\"><label for=\"answer[49]\" class=\"basic-answer-label\"><input type=\"radio\" id=\"answer[49]\" name=\"answer[9]\" value=\"49\"><span class=\"basic-text\" style=\"color: #000000; font-size: 14px; font-weight: normal;\">Nie wiem dok\u0142adnie o co chodzi<\/span><\/label><\/div><\/li><\/ul><\/div><div class=\"clearfix\"><\/div><\/div><div class=\"basic-vote\"><a href=\"#\" class=\"button basic-vote-button\" role=\"button\" style=\"background:#027bb8; border:0px; border-style: solid; border-color:#000000; border-radius:5px; padding:10px 10px; color:#ffffff; font-size:14px; font-weight:normal;\">G\u0142osowanie<\/a><\/div><input type=\"hidden\" name=\"trp-form-language\" value=\"pl\"\/><\/form><\/div><\/div><\/div><\/div>\n\t\t\t\t\t\t<\/div>\n<hr \/>\n<h2>Moja \u015bcie\u017cka - mi\u0119dzy Apple a Windowsem<\/h2>\n<p>Patrz\u0105c wstecz na ten rozw\u00f3j, \u0142atwo by\u0142oby pomy\u015ble\u0107, \u017ce \u015bcie\u017cka by\u0142a prosta. \u017be gdy raz zdecydujesz si\u0119 na system, b\u0119dziesz si\u0119 go trzyma\u0107. W praktyce sprawy cz\u0119sto wygl\u0105daj\u0105 inaczej. Przez lata wielokrotnie prze\u0142\u0105cza\u0142em si\u0119 mi\u0119dzy Apple a Windows. Nie z przekonania za jednym lub przeciw drugiemu, ale ze wzgl\u0119d\u00f3w praktycznych.<\/p>\n<p>Przez d\u0142ugi czas Windows by\u0142 standardem w wielu obszarach. Ka\u017cdy, kto pracowa\u0142 w pewnych \u015brodowiskach, nie m\u00f3g\u0142 go unikn\u0105\u0107. Zapozna\u0142em si\u0119 z nim intensywnie, w tym z zadaniami administracyjnymi i odpowiednimi certyfikatami. Nie by\u0142 to etap przej\u015bciowy, ale integralna cz\u0119\u015b\u0107 mojej pracy.<\/p>\n<h3>Do\u015bwiadczenie zamiast standardowego my\u015blenia<\/h3>\n<p>To w\u0142a\u015bnie ta zmiana mi\u0119dzy systemami tworzy inn\u0105 perspektyw\u0119. Dostrzegasz mocne i s\u0142abe strony obu stron. I do pewnego stopnia tracisz tendencj\u0119 do oceniania rzeczy w spos\u00f3b fundamentalny.<\/p>\n<p>Nie ma jednego \u201ew\u0142a\u015bciwego\u201c systemu. Istniej\u0105 narz\u0119dzia, kt\u00f3re lepiej lub gorzej nadaj\u0105 si\u0119 do okre\u015blonych zada\u0144. Ta \u015bwiadomo\u015b\u0107 nie wynika z teorii, ale z u\u017cytkowania.<\/p>\n<div class=\"lyte-wrapper\" style=\"width:640px;max-width:100%;margin:5px;\"><div class=\"lyMe\" id=\"WYL_--MrJc3Fxzk\"><div id=\"lyte_--MrJc3Fxzk\" data-src=\"https:\/\/www.markus-schall.de\/wp-content\/plugins\/wp-youtube-lyte\/lyteCache.php?origThumbUrl=%2F%2Fi.ytimg.com%2Fvi%2F--MrJc3Fxzk%2Fhqdefault.jpg\" class=\"pL\"><div class=\"tC\"><div class=\"tT\"><\/div><\/div><div class=\"play\"><\/div><div class=\"ctrl\"><div class=\"Lctrl\"><\/div><div class=\"Rctrl\"><\/div><\/div><\/div><noscript><a href=\"https:\/\/youtu.be\/--MrJc3Fxzk\" rel=\"nofollow noopener\" target=\"_blank\"><img loading=\"lazy\" decoding=\"async\" src=\"https:\/\/www.markus-schall.de\/wp-content\/plugins\/wp-youtube-lyte\/lyteCache.php?origThumbUrl=https%3A%2F%2Fi.ytimg.com%2Fvi%2F--MrJc3Fxzk%2F0.jpg\" alt=\"Miniatura wideo YouTube\" width=\"640\" height=\"340\" \/><br \/>Obejrzyj ten film na YouTube<\/a><\/noscript><\/div><\/div><div class=\"lL\" style=\"max-width:100%;width:640px;margin:5px;\"><\/div><br \/>\nZapieraj\u0105ca dech w piersiach historia Steve'a Jobsa (Apple, Pixar, NeXT) | <a href=\"https:\/\/www.youtube.com\/@BiographerDE\" target=\"_blank\" rel=\"nofollow noopener\">Biographer_PL<\/a><\/p>\n<h3>Powr\u00f3t do Apple - i zosta\u0142<\/h3>\n<p>Pomimo tych zmian, z biegiem czasu nast\u0105pi\u0142 wyra\u017any rozw\u00f3j. Z systemami Apple pracuj\u0119 nieprzerwanie od oko\u0142o dwudziestu lat. Nie dlatego, \u017ce wszystko jest idealne. Ale dlatego, \u017ce dzia\u0142a najlepiej dla mnie w og\u00f3lnym rozrachunku.<\/p>\n<p>Po\u0142\u0105czenie sprz\u0119tu i oprogramowania, stabilno\u015b\u0107 w codziennym u\u017cytkowaniu, spos\u00f3b, w jaki urz\u0105dzenia pasuj\u0105 do przep\u0142ywu pracy - to rzeczy, kt\u00f3re sprawdzi\u0142y si\u0119 przez lata. Jednocze\u015bnie do\u015bwiadczenie ze \u015bwiata Windows pozostaje w tle. Zapewnia to, \u017ce nie bierzesz wszystkiego za pewnik.<\/p>\n<p>I by\u0107 mo\u017ce w\u0142a\u015bnie o to chodzi: to nie decyzja na korzy\u015b\u0107 jednego systemu jest decyduj\u0105ca, ale do\u015bwiadczenie wynikaj\u0105ce z poznania obu stron.<\/p>\n<h2>Wa\u017cne kamienie milowe Apple na przestrzeni czasu od 1985 r.<\/h2>\n<div style=\"overflow-x: auto;\">\n<table style=\"border-collapse: collapse; width: 100%;\">\n<tbody>\n<tr style=\"background-color: #f2f2f2;\">\n<th style=\"padding: 8px; text-align: left;\">Rok<\/th>\n<th style=\"padding: 8px; text-align: left;\">Urz\u0105dzenie<\/th>\n<th style=\"padding: 8px; text-align: left;\">Znaczenie \/ kategoryzacja<\/th>\n<\/tr>\n<tr>\n<td style=\"padding: 8px;\"><strong>1985<\/strong><\/td>\n<td style=\"padding: 8px;\">Macintosh 512K<\/td>\n<td style=\"padding: 8px;\">Wczesne rozwini\u0119cie koncepcji pierwszego Macintosha, podstawa graficznych interfejs\u00f3w u\u017cytkownika w codziennym \u017cyciu.<\/td>\n<\/tr>\n<tr>\n<td style=\"padding: 8px;\"><strong>1990<\/strong><\/td>\n<td style=\"padding: 8px;\">Macintosh Classic<\/td>\n<td style=\"padding: 8px;\">Kompaktowe, przyst\u0119pne wej\u015bcie w \u015bwiat komputer\u00f3w Macintosh, kompleksowe podej\u015bcie dla szerokich grup u\u017cytkownik\u00f3w.<\/td>\n<\/tr>\n<tr>\n<td style=\"padding: 8px;\"><strong>1991<\/strong><\/td>\n<td style=\"padding: 8px;\">PowerBook 100<\/td>\n<td style=\"padding: 8px;\">Nowoczesny kszta\u0142t laptopa z centralnym trackballem i kompaktow\u0105 konstrukcj\u0105.<\/td>\n<\/tr>\n<tr>\n<td style=\"padding: 8px;\"><strong>1993<\/strong><\/td>\n<td style=\"padding: 8px;\">Apple Newton<\/td>\n<td style=\"padding: 8px;\">Wczesna pr\u00f3ba stworzenia cyfrowego asystenta z obs\u0142ug\u0105 pi\u00f3ra i rozpoznawaniem pisma odr\u0119cznego.<\/td>\n<\/tr>\n<tr>\n<td style=\"padding: 8px;\"><strong>1998<\/strong><\/td>\n<td style=\"padding: 8px;\">iMac G3<\/td>\n<td style=\"padding: 8px;\">Ponowne wprowadzenie na rynek Apple z naciskiem na design i \u0142atwo\u015b\u0107 u\u017cytkowania, charakteryzuje mark\u0119 w d\u0142u\u017cszej perspektywie.<\/td>\n<\/tr>\n<tr>\n<td style=\"padding: 8px;\"><strong>2000<\/strong><\/td>\n<td style=\"padding: 8px;\">Power Mac G4 Cube<\/td>\n<td style=\"padding: 8px;\">Zorientowany na wzornictwo komputer stacjonarny Apple demonstruje roszczenie do projektowania technologii jako obiektu.<\/td>\n<\/tr>\n<tr>\n<td style=\"padding: 8px;\"><strong>2001<\/strong><\/td>\n<td style=\"padding: 8px;\">iPod<\/td>\n<td style=\"padding: 8px;\">Pocz\u0105tek ekspansji Apple poza komputer charakteryzuje \u015bwiat muzyki cyfrowej.<\/td>\n<\/tr>\n<tr>\n<td style=\"padding: 8px;\"><strong>2006<\/strong><\/td>\n<td style=\"padding: 8px;\">MacBook Pro (Intel)<\/td>\n<td style=\"padding: 8px;\">Przej\u015bcie z PowerPC na Intela, wa\u017cny krok dla wydajno\u015bci i kompatybilno\u015bci.<\/td>\n<\/tr>\n<tr>\n<td style=\"padding: 8px;\"><strong>2007<\/strong><\/td>\n<td style=\"padding: 8px;\">iPhone<\/td>\n<td style=\"padding: 8px;\">Rewolucjonizuje korzystanie z urz\u0105dze\u0144 mobilnych, \u0142\u0105cz\u0105c telefon, Internet i aplikacje w jednym urz\u0105dzeniu.<\/td>\n<\/tr>\n<tr>\n<td style=\"padding: 8px;\"><strong>2010<\/strong><\/td>\n<td style=\"padding: 8px;\">iPad<\/td>\n<td style=\"padding: 8px;\">Ustanawia tablety jako oddzieln\u0105 kategori\u0119 urz\u0105dze\u0144 pomi\u0119dzy smartfonami i laptopami.<\/td>\n<\/tr>\n<tr>\n<td style=\"padding: 8px;\"><strong>2020<\/strong><\/td>\n<td style=\"padding: 8px;\">MacBook z M1<\/td>\n<td style=\"padding: 8px;\">Premiera Apple Silicon, wysoka wydajno\u015b\u0107 i osi\u0105gi dzi\u0119ki autorskiej architekturze procesora.<\/td>\n<\/tr>\n<tr>\n<td style=\"padding: 8px;\"><strong>2023<\/strong><\/td>\n<td style=\"padding: 8px;\">Mac z M3<\/td>\n<td style=\"padding: 8px;\">Dalszy rozw\u00f3j chip\u00f3w Apple, zwi\u0119kszenie wydajno\u015bci i skupienie si\u0119 na lokalnym przetwarzaniu AI.<\/td>\n<\/tr>\n<\/tbody>\n<\/table>\n<\/div>\n<h2>Apple dzisiaj - mi\u0119dzy entuzjazmem a dystansem<\/h2>\n<p>Kiedy jeste\u015b zaanga\u017cowany w platform\u0119 od wielu lat, zmienia si\u0119 twoje spojrzenie na ni\u0105. To, co na pocz\u0105tku mog\u0142o charakteryzowa\u0107 si\u0119 ciekawo\u015bci\u0105 lub entuzjazmem, z czasem staje si\u0119 spokojniejsze. Bardziej trze\u017awe. I cz\u0119sto bardziej zr\u00f3\u017cnicowane.<\/p>\n<p>Pracuj\u0119 z systemami Apple od wielu lat. U\u017cywane przeze mnie urz\u0105dzenia s\u0105 nowoczesne technicznie, wydajne i niezawodne w codziennym u\u017cytkowaniu. To jedno.<\/p>\n<p>Po drugie, m\u00f3j stosunek do Apple zmieni\u0142 si\u0119 z biegiem czasu. Nie jest to ju\u017c bezkrytyczny entuzjazm. To raczej relacja mi\u0142o\u015bci i nienawi\u015bci. Apple nadal tworzy bardzo dobre produkty. Nie ma co do tego w\u0105tpliwo\u015bci. Ale jednocze\u015bnie firma sta\u0142a si\u0119 znacznie bardziej komercyjna. Procesy s\u0105 bardziej ustandaryzowane, decyzje wydaj\u0105 si\u0119 mniej zabawne, mniej eksperymentalne ni\u017c wcze\u015bniej.<\/p>\n<p>To nie jest oskar\u017cenie. Jest to rozw\u00f3j, kt\u00f3ry mo\u017cna zaobserwowa\u0107 w wielu du\u017cych firmach. Ale jest to zauwa\u017calne.<\/p>\n<h3>\u201eNigdy nie zmieniaj dzia\u0142aj\u0105cego systemu\u201c<\/h3>\n<p>Jedn\u0105 z kwestii, kt\u00f3ra staje si\u0119 dla mnie coraz wa\u017cniejsza w codziennym \u017cyciu, jest \u015bwiadome korzystanie z aktualizacji. Stara zasada <em>\u201eNigdy nie zmieniaj dzia\u0142aj\u0105cego systemu\u201c<\/em> pochodzi z czas\u00f3w, gdy wydawa\u0142o si\u0119, \u017ce Windows 95 zosta\u0142 installised po raz setny. Ale zasadniczo jest to nadal aktualne.<\/p>\n<p>Nie mam wielkiej ochoty na 1TP12 ka\u017cdego nowego systemu operacyjnego od razu. Je\u015bli system dzia\u0142a stabilnie, to pozwalam mu dzia\u0142a\u0107. I tak d\u0142ugo, jak ma to sens. Ta kultura ci\u0105g\u0142ych aktualizacji - to ci\u0105g\u0142e \u201eznowu co\u015b nowego\u201c - nie pasuje do mojego sposobu pracy. Potrzebuj\u0119 system\u00f3w, na kt\u00f3rych mog\u0119 polega\u0107, a nie takich, kt\u00f3re ci\u0105gle si\u0119 zmieniaj\u0105.<\/p>\n<p>Dlatego cz\u0119sto celowo pozostaj\u0119 w tyle, je\u015bli chodzi o systemy operacyjne. Nie z ignorancji, ale z do\u015bwiadczenia.<\/p>\n<h3>\u201eApple nie jest twoim przyjacielem\u201c<\/h3>\n<p>W czasie, gdy by\u0142em dealerem Apple, ci\u0105gle pojawia\u0142o si\u0119 jedno zdanie: <em>\u201eApple nie jest twoim przyjacielem\u201c.\u201c<\/em><\/p>\n<p>Na pocz\u0105tku brzmi to szorstko, ale w rzeczywisto\u015bci jest to bardzo trze\u017awa \u015bwiadomo\u015b\u0107. Du\u017ce korporacje nie dzia\u0142aj\u0105 z powodu osobistej blisko\u015bci, ale z powodu interes\u00f3w gospodarczych. Nie jest to ani dobre, ani z\u0142e - to po prostu rzeczywisto\u015b\u0107.<\/p>\n<p>Je\u015bli to zrozumiesz, \u0142atwiej b\u0119dzie ci kategoryzowa\u0107 rzeczy. Oczekujesz mniej i jeste\u015b bardziej \u015bwiadomy swoich mocnych stron.<\/p>\n<h3>Zmiana zamiast straty<\/h3>\n<p>Mo\u017cna powiedzie\u0107, \u017ce kiedy\u015b w wielu produktach przywi\u0105zywano wi\u0119ksz\u0105 wag\u0119 do szczeg\u00f3\u0142\u00f3w. Mo\u017ce to nawet prawda. Ale mo\u017ce wydaje si\u0119 tak tylko dlatego, \u017ce wiele rzeczy by\u0142o wtedy nowych.<\/p>\n<p>Obecnie wiele rzeczy jest bardziej ustandaryzowanych. Procesy s\u0105 bardziej przejrzyste, a produkty bardziej ustrukturyzowane. Mo\u017cna to krytykowa\u0107, ale ma to te\u017c swoje zalety. Urz\u0105dzenia s\u0105 wydajne, niezawodne i zaskakuj\u0105co dobrze przemy\u015blane w wielu obszarach.<\/p>\n<p>To, za co obecnie doceniam Apple, to jego strategiczna orientacja. Dzi\u0119ki w\u0142asnym procesorom Silicon, Apple obra\u0142 \u015bcie\u017ck\u0119, kt\u00f3ra wyra\u017anie r\u00f3\u017cni si\u0119 od wielu innych. Wydajno\u015b\u0107 jest wysoka, integracja \u015bcis\u0142a, a zw\u0142aszcza w obszarze <a href=\"https:\/\/www.markus-schall.de\/pl\/2025\/08\/lokalny-ki-na-macu-w-nastepujacy-sposob-1tp12aby-utworzyc-model-jezykowy-za-pomoca-ollama\/\"><strong>lokalna sztuczna inteligencja<\/strong><\/a> Pojawia si\u0119 tutaj co\u015b, co prawdopodobnie stanie si\u0119 bardzo istotne w d\u0142u\u017cszej perspektywie.<\/p>\n<p>Wierz\u0119, \u017ce Apple odegra siln\u0105 rol\u0119 w tym obszarze w nadchodz\u0105cych latach. Niekoniecznie poprzez spektakularne pojedyncze produkty, ale poprzez konsekwentny dalszy rozw\u00f3j.<\/p>\n<p>I by\u0107 mo\u017ce pasuje to ca\u0142kiem dobrze do tego, co przewija si\u0119 w tym artykule: mniej du\u017cych skok\u00f3w, wi\u0119cej ci\u0105g\u0142ego rozwoju.<\/p>\n<h3>Dokument SWR: 50 lat Apple mi\u0119dzy wizj\u0105 a sterowaniem<\/h3>\n<p>Nowy film dokumentalny SWR \u015bledzi drog\u0119 Apple od jego pocz\u0105tk\u00f3w w latach 70. do globalnej korporacji, kt\u00f3r\u0105 jest dzisiaj, dodaj\u0105c spo\u0142eczny wymiar do historii technologii. Skupia si\u0119 na rozwoju od buntowniczego kontrprojektu do uznanego giganta technologicznego. Dokument rzuca \u015bwiat\u0142o na powstanie Steve'a Jobsa, jego bezkompromisow\u0105 wizj\u0119 i wewn\u0119trzne napi\u0119cia, kt\u00f3re charakteryzowa\u0142y Apple.<\/p>\n<div class=\"lyte-wrapper\" style=\"width:640px;max-width:100%;margin:5px;\"><div class=\"lyMe\" id=\"WYL_2RHDPABWqL0\"><div id=\"lyte_2RHDPABWqL0\" data-src=\"https:\/\/www.markus-schall.de\/wp-content\/plugins\/wp-youtube-lyte\/lyteCache.php?origThumbUrl=%2F%2Fi.ytimg.com%2Fvi%2F2RHDPABWqL0%2Fhqdefault.jpg\" class=\"pL\"><div class=\"tC\"><div class=\"tT\"><\/div><\/div><div class=\"play\"><\/div><div class=\"ctrl\"><div class=\"Lctrl\"><\/div><div class=\"Rctrl\"><\/div><\/div><\/div><noscript><a href=\"https:\/\/youtu.be\/2RHDPABWqL0\" rel=\"nofollow noopener\" target=\"_blank\"><img loading=\"lazy\" decoding=\"async\" src=\"https:\/\/www.markus-schall.de\/wp-content\/plugins\/wp-youtube-lyte\/lyteCache.php?origThumbUrl=https%3A%2F%2Fi.ytimg.com%2Fvi%2F2RHDPABWqL0%2F0.jpg\" alt=\"Miniatura wideo YouTube\" width=\"640\" height=\"340\" \/><br \/>Obejrzyj ten film na YouTube<\/a><\/noscript><\/div><\/div><div class=\"lL\" style=\"max-width:100%;width:640px;margin:5px;\"><\/div><br \/>\n50 lat Apple: Jak firma iPhone zmieni\u0142a \u015bwiat | <a href=\"https:\/\/www.youtube.com\/channel\/UCK6jlnWA8t-XgUxwZJJHkQA\" target=\"_blank\" rel=\"nofollow noopener\">Dokument SWR<\/a><\/p>\n<p>Jednocze\u015bnie staje si\u0119 jasne, jak silne wp\u0142ywy europejskie - na przyk\u0142ad w projektowaniu i typografii - przyczyni\u0142y si\u0119 do to\u017csamo\u015bci firmy. Wsp\u00f3\u0142cze\u015bni \u015bwiadkowie opowiadaj\u0105 z pierwszej r\u0119ki o wczesnych latach i dynamice w zespo\u0142ach. Szczeg\u00f3lnie interesuj\u0105ce jest krytyczne pytanie, czy technologia, kt\u00f3ra kiedy\u015b by\u0142a postrzegana jako wyzwalaj\u0105ca, obecnie w coraz wi\u0119kszym stopniu przyczynia si\u0119 do kontroli. Dokument rozszerza zatem perspektyw\u0119 historyczn\u0105 o aktualn\u0105 kategoryzacj\u0119 spo\u0142eczn\u0105.<\/p>\n<h2>Muzeum i spojrzenie wstecz<\/h2>\n<p><a href=\"https:\/\/computermuseum-oldenburg.de\" target=\"_blank\" rel=\"noopener\"><img loading=\"lazy\" decoding=\"async\" class=\"alignleft wp-image-5483\" src=\"https:\/\/www.markus-schall.de\/wp-content\/uploads\/OCM-Logo_2014_CS5_ohne_gruen-205x300.png\" alt=\"Muzeum komputer\u00f3w w Oldenburgu\" width=\"136\" height=\"200\" srcset=\"https:\/\/www.markus-schall.de\/wp-content\/uploads\/OCM-Logo_2014_CS5_ohne_gruen-205x300.png 205w, https:\/\/www.markus-schall.de\/wp-content\/uploads\/OCM-Logo_2014_CS5_ohne_gruen-8x12.png 8w, https:\/\/www.markus-schall.de\/wp-content\/uploads\/OCM-Logo_2014_CS5_ohne_gruen.png 409w\" sizes=\"auto, (max-width: 136px) 100vw, 136px\" \/><\/a>Widok tych urz\u0105dze\u0144 nie jest tylko teoretyczny. Mo\u017cna go do\u015bwiadczy\u0107 z pierwszej r\u0119ki - w Muzeum Komputer\u00f3w w Oldenburgu. Wystawa Apple w muzeum zostanie otwarta w dniu <strong>04 kwietnia 2026 r. otwarcie o godz. 16:00<\/strong> i b\u0119dzie obowi\u0105zywa\u0107 do wrze\u015bnia 2026 roku.<\/p>\n<p>Daje to du\u017co czasu na przyjrzenie si\u0119 rozwojowi na miejscu - w spokoju i bez po\u015bpiechu. Warto si\u0119 nie spieszy\u0107, zw\u0142aszcza na takich wystawach. Nie chcie\u0107 od razu wszystkiego ogarn\u0105\u0107, ale pozwoli\u0107 poszczeg\u00f3lnym urz\u0105dzeniom na wywarcie na nas wp\u0142ywu.<\/p>\n<h3>Wi\u0119cej ni\u017c tylko wygl\u0105d<\/h3>\n<p>Opr\u00f3cz wystawy dost\u0119pne s\u0105 regularne oferty:<\/p>\n<ul>\n<li><strong>Publiczne wycieczki z przewodnikiem<\/strong> w ka\u017cdy pi\u0105tek od 17 do 19:00, od 17 kwietnia 2026 r.<\/li>\n<li><strong>Apple-Talks<\/strong> co drug\u0105 \u015brod\u0119 od 18:00 do 20:00, od 15 kwietnia 2026 r.<\/li>\n<\/ul>\n<p>S\u0105 to okazje, w kt\u00f3rych nie tylko widzisz, ale tak\u017ce rozumiesz. W takich rozmowach cz\u0119sto pojawiaj\u0105 si\u0119 interesuj\u0105ce kategoryzacje.<\/p>\n<h3>Praktyczna historia technologii - Muzeum Komputerowe w Oldenburgu<\/h3>\n<p><img loading=\"lazy\" decoding=\"async\" class=\"alignnone size-full wp-image-5485\" src=\"https:\/\/www.markus-schall.de\/wp-content\/uploads\/OCM-Ausstellung-Panorama.jpg\" alt=\"\" width=\"1600\" height=\"435\" srcset=\"https:\/\/www.markus-schall.de\/wp-content\/uploads\/OCM-Ausstellung-Panorama.jpg 1024w, https:\/\/www.markus-schall.de\/wp-content\/uploads\/OCM-Ausstellung-Panorama-300x81.jpg 300w, https:\/\/www.markus-schall.de\/wp-content\/uploads\/OCM-Ausstellung-Panorama-768x209.jpg 768w, https:\/\/www.markus-schall.de\/wp-content\/uploads\/OCM-Ausstellung-Panorama-18x5.jpg 18w\" sizes=\"auto, (max-width: 1600px) 100vw, 1600px\" \/><\/p>\n<p>Muzeum komputer\u00f3w w Oldenburgu nie postrzega siebie jako tradycyjnego muzeum, ale jako t\u0119tni\u0105ce \u017cyciem miejsce do nauki i poznawania historii komputer\u00f3w domowych. Za\u0142o\u017cone w 2008 roku, jego celem jest nie tylko eksponowanie technologii, ale tak\u017ce uczynienie jej namacaln\u0105.<\/p>\n<p>Skupiono si\u0119 na komputerach, konsolach do gier i automatach do gier z lat 70. i 90. ubieg\u0142ego wieku - innymi s\u0142owy, z czas\u00f3w, w kt\u00f3rych po\u0142o\u017cono wiele fundament\u00f3w dzisiejszego cyfrowego \u015bwiata. Cecha szczeg\u00f3lna: Urz\u0105dzenia s\u0105 gotowe do u\u017cycia i mo\u017cna z nich korzysta\u0107 w spos\u00f3b jawny. Odwiedzaj\u0105cy mog\u0105 wypr\u00f3bowa\u0107 programy, uruchomi\u0107 gry i do\u015bwiadczy\u0107 z pierwszej r\u0119ki, jak kiedy\u015b wygl\u0105da\u0142o korzystanie z komputera.<\/p>\n<p><img loading=\"lazy\" decoding=\"async\" class=\"alignnone size-full wp-image-5492\" src=\"https:\/\/www.markus-schall.de\/wp-content\/uploads\/OCM-Arcade-Panorama.jpg\" alt=\"OCM: Arcade\" width=\"2048\" height=\"636\" srcset=\"https:\/\/www.markus-schall.de\/wp-content\/uploads\/OCM-Arcade-Panorama.jpg 1024w, https:\/\/www.markus-schall.de\/wp-content\/uploads\/OCM-Arcade-Panorama-300x93.jpg 300w, https:\/\/www.markus-schall.de\/wp-content\/uploads\/OCM-Arcade-Panorama-768x239.jpg 768w, https:\/\/www.markus-schall.de\/wp-content\/uploads\/OCM-Arcade-Panorama-18x6.jpg 18w\" sizes=\"auto, (max-width: 2048px) 100vw, 2048px\" \/><\/p>\n<p>W ten spos\u00f3b muzeum buduje pomost mi\u0119dzy przesz\u0142o\u015bci\u0105 a tera\u017aniejszo\u015bci\u0105. Nie chodzi tylko o nostalgiczne ogl\u0105danie, ale o zrozumienie rozwoju technicznego - od grafiki i pami\u0119ci po dzia\u0142anie. To w\u0142a\u015bnie to interaktywne podej\u015bcie stanowi r\u00f3\u017cnic\u0119: histori\u0119 mo\u017cna zrozumie\u0107 nie teoretycznie, ale praktycznie.<\/p>\n<p>Dzi\u0119ki temu historia technologii staje si\u0119 bezpo\u015brednim do\u015bwiadczeniem, a stare urz\u0105dzenia staj\u0105 si\u0119 zrozumia\u0142\u0105 cz\u0119\u015bci\u0105 naszej cyfrowej tera\u017aniejszo\u015bci.<\/p>\n<h2>Podsumowanie - co pozosta\u0142o<\/h2>\n<p>Je\u015bli po\u015bwi\u0119cisz troch\u0119 czasu na przyjrzenie si\u0119 temu rozwojowi, zauwa\u017cysz jedn\u0105 rzecz: Wiele z tego, co dzi\u015b wydaje si\u0119 oczywiste, nie pojawi\u0142o si\u0119 nagle. To si\u0119 rozwija\u0142o. Ma\u0142ymi krokami, przez wiele lat.<\/p>\n<p>Urz\u0105dzenia takie jak Atari Portfolio, wczesne komputery Mac, PowerBooki czy nawet Newton nie oznaczaj\u0105 doskona\u0142o\u015bci. S\u0105 symbolem eksperyment\u00f3w. Pomys\u0142y, kt\u00f3re czasem dzia\u0142a\u0142y, a czasem nie. Ale to w\u0142a\u015bnie doprowadzi\u0142o do tego, czego u\u017cywamy dzisiaj.<\/p>\n<p>Dla mnie osobi\u015bcie moje spojrzenie na t\u0119 technologi\u0119 uleg\u0142o zmianie. Kiedy\u015b chodzi\u0142o bardziej o to, co nowe, szybsze, pot\u0119\u017cniejsze. Dzi\u015b wa\u017cniejsze jest dla mnie, by wszystko dzia\u0142a\u0142o. \u017be s\u0105 niezawodne. \u017be mog\u0119 na nich polega\u0107.<\/p>\n<p>By\u0107 mo\u017ce jest to r\u00f3wnie\u017c pow\u00f3d, dla kt\u00f3rego zachowa\u0142em pewne urz\u0105dzenia. Nie dlatego, \u017ce by\u0142y obiektywnie najlepsze, ale dlatego, \u017ce symbolizuj\u0105 pewien moment. Faz\u0119, w kt\u00f3rej co\u015b si\u0119 zmieni\u0142o. To w\u0142a\u015bnie sprawia, \u017ce takie kolekcje - czy to w muzeum, czy w domu - s\u0105 interesuj\u0105ce. Nie pokazuj\u0105 tylko urz\u0105dze\u0144. Pokazuj\u0105 rozw\u00f3j. Nawiasem m\u00f3wi\u0105c, 15 lat temu mia\u0142em ju\u017c <a href=\"https:\/\/www.markus-schall.de\/pl\/2011\/05\/wystawa-35-lat-komputerow-apple-w-muzeum-komputerow-oldenburg\/\"><strong>Artyku\u0142 o Muzeum Komputerowym w Oldenburgu<\/strong><\/a> napisano.<\/p>\n<p>Na koniec pozostaje by\u0107 mo\u017ce prosta my\u015bl: nie ka\u017cda innowacja to automatycznie post\u0119p. I nie wszystko, co jest starsze, jest tym samym przestarza\u0142e.<\/p>\n<p>Czasami warto cofn\u0105\u0107 si\u0119 o krok, aby lepiej zrozumie\u0107, na czym obecnie stoimy.<\/p>\n<hr \/>\n\n\t\t\t<div class=\"display-post-types\">\n\n\t\t\t\t\t\t\t<style type=\"text\/css\">\n\t\t\t#dpt-wrapper-842 { --dpt-text-align: left;--dpt-image-crop: center;--dpt-border-radius: 5px;--dpt-h-gutter: 10px;--dpt-v-gutter: 9px; }\t\t\t<\/style>\n\t\t\t<style type=\"text\/css\">#dpt-wrapper-842 { --dpt-title-font-style:normal;--dpt-title-font-weight:600;--dpt-title-line-height:1.5;--dpt-title-text-decoration:none;--dpt-title-text-transform:none;--dpt-excerpt-font-style:normal;--dpt-excerpt-font-weight:400;--dpt-excerpt-line-height:1.5;--dpt-excerpt-text-decoration:none;--dpt-excerpt-text-transform:none;--dpt-meta1-font-style:normal;--dpt-meta1-font-weight:400;--dpt-meta1-line-height:1.9;--dpt-meta1-text-decoration:none;--dpt-meta1-text-transform:none;--dpt-meta2-font-style:normal;--dpt-meta2-font-weight:400;--dpt-meta2-line-height:1.9;--dpt-meta2-text-decoration:none;--dpt-meta2-text-transform:none; }<\/style><div class=\"dpt-main-header\">\n\t\t\t\t\t\t<div class=\"dpt-main-title\">\n\t\t\t\t\t\t\t<span class=\"dpt-main-title-text\">Aktualne artyku\u0142y na temat sztucznej inteligencji<\/span>\n\t\t\t\t\t\t<\/div>\n\t\t\t\t\t\t\n\t\t\t\t\t\t\n\t\t\t\t\t\t\n\t\t\t\t\t\t<\/div>\t\t\t\n\t\t\t\t<div id=\"dpt-wrapper-842\" class=\"dpt-wrapper dpt-mag1 land1 dpt-cropped dpt-flex-wrap\" >\n\n\t\t\t\t\t\t\t\t\t\t\t<div class=\"dpt-entry has-thumbnail\" data-title=\"vom content zur substanz: wie digitale systeme entstehen, die nicht kopierbar sind\" data-id=\"5899\"  data-category=\"allgemein b\u00fccher gesellschaft tipps &amp; anleitungen\" data-post_tag=\"buch datenlogik denkmodelle digitales eigentum erfahrungen k\u00fcnstliche intelligenz prozesse publishing ratgeber\">\n\t\t\t\t\t\t\t<div class=\"dpt-entry-wrapper\"><div class=\"dpt-featured-content\"><div class=\"dpt-permalink\"><a href=\"https:\/\/www.markus-schall.de\/pl\/2026\/04\/od-tresci-do-substancji-jak-powstaja-systemy-cyfrowe-ktorych-nie-mozna-skopiowac\/\" class=\"dpt-permalink\"><span class=\"screen-reader-text\">Od tre\u015bci do tre\u015bci: jak powstaj\u0105 systemy cyfrowe, kt\u00f3rych nie mo\u017cna skopiowa\u0107<\/span><\/a><\/div><div class=\"dpt-thumbnail\"><div class=\"dpt-thumbnail-inner\"><img width=\"1024\" height=\"682\" class=\"attachment-full size-full\" alt=\"System zamiast indywidualnej zawarto\u015bci\" context=\"dpt\" data-dpt-src=\"https:\/\/www.markus-schall.de\/wp-content\/uploads\/Organische-Reichweite.jpg\" data-dpt-sizes=\"(max-width: 1024px) 100vw, 1024px\" data-dpt-srcset=\"https:\/\/www.markus-schall.de\/wp-content\/uploads\/Organische-Reichweite.jpg 1024w, https:\/\/www.markus-schall.de\/wp-content\/uploads\/Organische-Reichweite-300x200.jpg 300w, https:\/\/www.markus-schall.de\/wp-content\/uploads\/Organische-Reichweite-768x512.jpg 768w, https:\/\/www.markus-schall.de\/wp-content\/uploads\/Organische-Reichweite-18x12.jpg 18w\" \/><\/div><span class=\"dpt-thumbnail-aspect-ratio\" style=\"padding-top: 75%\"><\/span><\/div><\/div><div class=\"sub-entry\"><h3 class=\"dpt-title\"><a class=\"dpt-title-link\" href=\"https:\/\/www.markus-schall.de\/pl\/2026\/04\/od-tresci-do-substancji-jak-powstaja-systemy-cyfrowe-ktorych-nie-mozna-skopiowac\/\" rel=\"bookmark\">Od tre\u015bci do tre\u015bci: jak powstaj\u0105 systemy cyfrowe, kt\u00f3rych nie mo\u017cna skopiowa\u0107<\/a><\/h3><\/div><\/div>\n\t\t\t\t\t\t<\/div><!-- .dpt-entry -->\n\t\t\t\t\t\t\t\t\t\t\t\t<div class=\"dpt-entry has-thumbnail\" data-title=\"mit klarheit durch die krise: wie ki neue perspektiven er\u00f6ffnet\" data-id=\"2436\"  data-category=\"b\u00fccher\" data-post_tag=\"buch krisen k\u00fcnstliche intelligenz lernen pers\u00f6nlichkeitsentwicklung ratgeber\">\n\t\t\t\t\t\t\t<div class=\"dpt-entry-wrapper\"><div class=\"dpt-featured-content\"><div class=\"dpt-permalink\"><a href=\"https:\/\/www.markus-schall.de\/pl\/2025\/08\/z-jasnoscia-przez-kryzys-jak-ki-otwiera-nowe-perspektywy\/\" class=\"dpt-permalink\"><span class=\"screen-reader-text\">Przejrzysto\u015b\u0107 w kryzysie: jak sztuczna inteligencja otwiera nowe perspektywy<\/span><\/a><\/div><div class=\"dpt-thumbnail\"><div class=\"dpt-thumbnail-inner\"><img width=\"838\" height=\"1200\" class=\"attachment-full size-full\" alt=\"Ksi\u0105\u017cka &#039;Kryzysy jako punkty zwrotne - ucz si\u0119, rozwijaj, kszta\u0142tuj&#039;\" context=\"dpt\" data-dpt-src=\"https:\/\/www.markus-schall.de\/wp-content\/uploads\/Krisen-Cover-Front-DEjpg.jpg\" data-dpt-sizes=\"(max-width: 838px) 100vw, 838px\" data-dpt-srcset=\"https:\/\/www.markus-schall.de\/wp-content\/uploads\/Krisen-Cover-Front-DEjpg.jpg 838w, https:\/\/www.markus-schall.de\/wp-content\/uploads\/Krisen-Cover-Front-DEjpg-210x300.jpg 210w, https:\/\/www.markus-schall.de\/wp-content\/uploads\/Krisen-Cover-Front-DEjpg-715x1024.jpg 715w, https:\/\/www.markus-schall.de\/wp-content\/uploads\/Krisen-Cover-Front-DEjpg-768x1100.jpg 768w, https:\/\/www.markus-schall.de\/wp-content\/uploads\/Krisen-Cover-Front-DEjpg-8x12.jpg 8w\" \/><\/div><span class=\"dpt-thumbnail-aspect-ratio\" style=\"padding-top: 75%\"><\/span><\/div><\/div><div class=\"sub-entry\"><h3 class=\"dpt-title\"><a class=\"dpt-title-link\" href=\"https:\/\/www.markus-schall.de\/pl\/2025\/08\/z-jasnoscia-przez-kryzys-jak-ki-otwiera-nowe-perspektywy\/\" rel=\"bookmark\">Przejrzysto\u015b\u0107 w kryzysie: jak sztuczna inteligencja otwiera nowe perspektywy<\/a><\/h3><\/div><\/div>\n\t\t\t\t\t\t<\/div><!-- .dpt-entry -->\n\t\t\t\t\t\t\t\t\t\t\t\t<div class=\"dpt-entry has-thumbnail\" data-title=\"mlx auf apple silicon als lokale ki im vergleich mit ollama &#038; co.\" data-id=\"2857\"  data-category=\"apple macos ki-systeme\" data-post_tag=\"datenschutz k\u00fcnstliche intelligenz llama llm mistral mlx ollama sprachmodell\">\n\t\t\t\t\t\t\t<div class=\"dpt-entry-wrapper\"><div class=\"dpt-featured-content\"><div class=\"dpt-permalink\"><a href=\"https:\/\/www.markus-schall.de\/pl\/2025\/09\/mlx-na-apple-silicon-jako-lokalny-ki-w-porownaniu-z-ollama-co\/\" class=\"dpt-permalink\"><span class=\"screen-reader-text\">MLX na Apple Silicon jako lokalna sztuczna inteligencja w por\u00f3wnaniu z Ollama &amp; Co.<\/span><\/a><\/div><div class=\"dpt-thumbnail\"><div class=\"dpt-thumbnail-inner\"><img width=\"1024\" height=\"576\" class=\"attachment-full size-full\" alt=\"Lokalna sztuczna inteligencja na komputerach Mac z MLX\" context=\"dpt\" data-dpt-src=\"https:\/\/www.markus-schall.de\/wp-content\/uploads\/mlx-lokale-ki-apple-silicon.jpg\" data-dpt-sizes=\"(max-width: 1024px) 100vw, 1024px\" data-dpt-srcset=\"https:\/\/www.markus-schall.de\/wp-content\/uploads\/mlx-lokale-ki-apple-silicon.jpg 1024w, https:\/\/www.markus-schall.de\/wp-content\/uploads\/mlx-lokale-ki-apple-silicon-300x169.jpg 300w, https:\/\/www.markus-schall.de\/wp-content\/uploads\/mlx-lokale-ki-apple-silicon-768x432.jpg 768w, https:\/\/www.markus-schall.de\/wp-content\/uploads\/mlx-lokale-ki-apple-silicon-18x10.jpg 18w\" \/><\/div><span class=\"dpt-thumbnail-aspect-ratio\" style=\"padding-top: 75%\"><\/span><\/div><\/div><div class=\"sub-entry\"><h3 class=\"dpt-title\"><a class=\"dpt-title-link\" href=\"https:\/\/www.markus-schall.de\/pl\/2025\/09\/mlx-na-apple-silicon-jako-lokalny-ki-w-porownaniu-z-ollama-co\/\" rel=\"bookmark\">MLX na Apple Silicon jako lokalna sztuczna inteligencja w por\u00f3wnaniu z Ollama &amp; Co.<\/a><\/h3><\/div><\/div>\n\t\t\t\t\t\t<\/div><!-- .dpt-entry -->\n\t\t\t\t\t\t\t\t\t\t\t\t<div class=\"dpt-entry has-thumbnail\" data-title=\"wie tiere zeit wahrnehmen \u2013 und was das f\u00fcr die zukunft der ki bedeutet\" data-id=\"4918\"  data-category=\"allgemein gesellschaft ki-systeme\" data-post_tag=\"denkmodelle erfahrungen k\u00fcnstliche intelligenz llm portrait prozesse sprachmodell\">\n\t\t\t\t\t\t\t<div class=\"dpt-entry-wrapper\"><div class=\"dpt-featured-content\"><div class=\"dpt-permalink\"><a href=\"https:\/\/www.markus-schall.de\/pl\/2026\/02\/jak-zwierzeta-postrzegaja-czas-i-co-to-oznacza-dla-przyszlosci-ki\/\" class=\"dpt-permalink\"><span class=\"screen-reader-text\">Jak zwierz\u0119ta postrzegaj\u0105 czas - i co to oznacza dla przysz\u0142o\u015bci sztucznej inteligencji?<\/span><\/a><\/div><div class=\"dpt-thumbnail\"><div class=\"dpt-thumbnail-inner\"><img width=\"1024\" height=\"683\" class=\"attachment-full size-full\" alt=\"Zwierz\u0119ta, sztuczna inteligencja i postrzeganie czasu\" context=\"dpt\" data-dpt-src=\"https:\/\/www.markus-schall.de\/wp-content\/uploads\/Tiere-KI-Zeitwahrnehmung.jpg\" data-dpt-sizes=\"(max-width: 1024px) 100vw, 1024px\" data-dpt-srcset=\"https:\/\/www.markus-schall.de\/wp-content\/uploads\/Tiere-KI-Zeitwahrnehmung.jpg 1024w, https:\/\/www.markus-schall.de\/wp-content\/uploads\/Tiere-KI-Zeitwahrnehmung-300x200.jpg 300w, https:\/\/www.markus-schall.de\/wp-content\/uploads\/Tiere-KI-Zeitwahrnehmung-768x512.jpg 768w, https:\/\/www.markus-schall.de\/wp-content\/uploads\/Tiere-KI-Zeitwahrnehmung-18x12.jpg 18w\" \/><\/div><span class=\"dpt-thumbnail-aspect-ratio\" style=\"padding-top: 75%\"><\/span><\/div><\/div><div class=\"sub-entry\"><h3 class=\"dpt-title\"><a class=\"dpt-title-link\" href=\"https:\/\/www.markus-schall.de\/pl\/2026\/02\/jak-zwierzeta-postrzegaja-czas-i-co-to-oznacza-dla-przyszlosci-ki\/\" rel=\"bookmark\">Jak zwierz\u0119ta postrzegaj\u0105 czas - i co to oznacza dla przysz\u0142o\u015bci sztucznej inteligencji?<\/a><\/h3><\/div><\/div>\n\t\t\t\t\t\t<\/div><!-- .dpt-entry -->\n\t\t\t\t\t\t\n\t\t\t\t<\/div>\n\t\t\t\t\t\t<\/div>\n\t\t\t\n<hr \/>\n<h2>Cz\u0119sto zadawane pytania<\/h2>\n<ol>\n<li><strong>Jak w og\u00f3le powsta\u0142a twoja kolekcja starych urz\u0105dze\u0144 komputerowych?<\/strong><br \/>\nKolekcja nie zosta\u0142a stworzona specjalnie jako \u201emuzeum\u201c, ale rozwija\u0142a si\u0119 przez wiele lat. Wiele urz\u0105dze\u0144 pochodzi z etap\u00f3w, w kt\u00f3rych by\u0142y aktywnie wykorzystywane - zar\u00f3wno zawodowo, jak i prywatnie. Inne zosta\u0142y dodane p\u00f3\u017aniej, poniewa\u017c by\u0142y interesuj\u0105ce technicznie lub mia\u0142y szczeg\u00f3ln\u0105 histori\u0119. Z czasem zdajesz sobie spraw\u0119, \u017ce nie chcesz ju\u017c oddawa\u0107 niekt\u00f3rych urz\u0105dze\u0144, ale \u015bwiadomie je zatrzymujesz. Nie z pasji do kolekcjonowania w tradycyjnym sensie, ale dlatego, \u017ce symbolizuj\u0105 one pewien rozw\u00f3j. W pewnym momencie powstaje kolekcja, kt\u00f3ra jest czym\u015b wi\u0119cej ni\u017c tylko zbiorem starego sprz\u0119tu.<\/li>\n<li><strong>Dlaczego artyku\u0142 zaczyna si\u0119 od portfolio Atari, a nie bezpo\u015brednio od Apple?<\/strong><br \/>\nAtari Portfolio jest celowo wybranym punktem wej\u015bcia, poniewa\u017c stanowi wa\u017cny kontrast. Pokazuje, \u017ce idea komputer\u00f3w przeno\u015bnych istnia\u0142a ju\u017c w szcz\u0105tkowej formie przed Apple - cho\u0107 w bardzo funkcjonalny, ograniczony spos\u00f3b. Dopiero dzi\u0119ki temu por\u00f3wnaniu staje si\u0119 jasne, jak\u0105 inn\u0105 \u015bcie\u017ck\u0119 obra\u0142 p\u00f3\u017aniej Apple. Wprowadzenie poprzez portfolio sprawia, \u017ce rozw\u00f3j jest bardziej zrozumia\u0142y i zapobiega sytuacji, w kt\u00f3rej artyku\u0142 staje si\u0119 czyst\u0105 recenzj\u0105 Apple.<\/li>\n<li><strong>Co by\u0142o takiego wyj\u0105tkowego w portfolio Atari w tamtych czasach?<\/strong><br \/>\nAtari Portfolio by\u0142 jednym z pierwszych prawdziwie przeno\u015bnych komputer\u00f3w, kt\u00f3ry m\u00f3g\u0142 by\u0107 u\u017cywany bez \u017cadnych dodatkowych akcesori\u00f3w. Mie\u015bci\u0142 si\u0119 w kieszeni kurtki, dzia\u0142a\u0142 niezale\u017cnie i umo\u017cliwia\u0142 korzystanie z prostych aplikacji biurowych, takich jak edytory tekstu czy terminarze. Wydaje si\u0119 to ma\u0142o spektakularne w dzisiejszych standardach, ale w tamtych czasach by\u0142 to du\u017cy krok w kierunku mobilnego u\u017cytkowania. Przede wszystkim niezale\u017cno\u015b\u0107 od stacjonarnej stacji roboczej by\u0142a nowo\u015bci\u0105 i na dobre zmieni\u0142a spos\u00f3b, w jaki patrzyli\u015bmy na komputery.<\/li>\n<li><strong>Dlaczego pocz\u0105tkowo mia\u0142e\u015b negatywne do\u015bwiadczenia z pierwszym kalkulatorem Apple?<\/strong><br \/>\nNa papierze Performa 5200 by\u0142a nowoczesnym komputerem z procesorem PowerPC. W praktyce jednak nie by\u0142 tak szybki, jak mo\u017cna by si\u0119 spodziewa\u0107. Szczeg\u00f3lnie w por\u00f3wnaniu do starszych system\u00f3w, wiele rzeczy wydawa\u0142o si\u0119 wolniejszych. Ta rozbie\u017cno\u015b\u0107 mi\u0119dzy innowacjami technicznymi a rzeczywistymi do\u015bwiadczeniami u\u017cytkownik\u00f3w by\u0142a kszta\u0142tuj\u0105ca. Oznacza\u0142o to, \u017ce nowe technologie nie by\u0142y automatycznie postrzegane jako post\u0119p, ale zawsze musia\u0142y by\u0107 testowane w codziennym u\u017cytkowaniu.<\/li>\n<li><strong>Co sprawi\u0142o, \u017ce Quadra 840AV by\u0142a dla Ciebie lepsza ni\u017c Performa?<\/strong><br \/>\nChocia\u017c Quadra 840AV by\u0142a technicznie starsza, by\u0142a znacznie bardziej bezpo\u015brednia i stabilna w codziennym u\u017cytkowaniu. Szybko\u015b\u0107 reakcji, og\u00f3lne odczucia podczas u\u017cytkowania - wszystko to by\u0142o bardziej przekonuj\u0105ce. Mniej chodzi\u0142o o czyste dane dotycz\u0105ce wydajno\u015bci, a bardziej o interakcj\u0119 mi\u0119dzy sprz\u0119tem a oprogramowaniem. To w\u0142a\u015bnie ta interakcja jest cz\u0119sto bardziej decyduj\u0105ca ni\u017c poszczeg\u00f3lne innowacje techniczne.<\/li>\n<li><strong>Dlaczego PowerBooki s\u0105 tak wa\u017cne dla deweloper\u00f3w?<\/strong><br \/>\nPowerBooki bardzo dobrze pokazuj\u0105, jak technologia poprawia si\u0119 na przestrzeni kilku generacji, a ka\u017cdy model jest zupe\u0142nie nowym pocz\u0105tkiem. Drobne poprawki w obudowie, dzia\u0142aniu i strukturze doprowadzi\u0142y do tego, \u017ce urz\u0105dzenia staj\u0105 si\u0119 coraz lepsze w codziennym u\u017cytkowaniu. Ten rodzaj ewolucji jest mniej spektakularny ni\u017c du\u017ce skoki, ale cz\u0119sto jest bardziej zr\u00f3wnowa\u017cony w d\u0142u\u017cszej perspektywie.<\/li>\n<li><strong>Jaki pomys\u0142 sta\u0142 za Newtonem i dlaczego si\u0119 nie powi\u00f3d\u0142?<\/strong><br \/>\nNewton mia\u0142 by\u0107 osobistym asystentem cyfrowym - z rozpoznawaniem pisma odr\u0119cznego, zarz\u0105dzaniem spotkaniami i obs\u0142ug\u0105 mobiln\u0105. Pomys\u0142 wyprzedza\u0142 swoje czasy. Problem le\u017ca\u0142 nie tyle w koncepcji, co w jej realizacji. Technologia nie by\u0142a jeszcze wystarczaj\u0105co dojrza\u0142a, obs\u0142uga by\u0142a dla wielu nieznana, a oczekiwania nie zawsze by\u0142y spe\u0142niane. Z perspektywy czasu Newton nie by\u0142 pora\u017ck\u0105, ale przedwczesn\u0105 pr\u00f3b\u0105.<\/li>\n<li><strong>Co sprawia, \u017ce telefon Siemens Notephone jest tak wyj\u0105tkowy?<\/strong><br \/>\nSiemens Notephone jest wyj\u0105tkowy, poniewa\u017c jest po\u0142\u0105czeniem technologii Apple i innego producenta. Opiera si\u0119 na technologii Newton, ale nie wygl\u0105da jak klasyczne urz\u0105dzenie Apple. Takie hybrydowe rozwi\u0105zania s\u0105 rzadkie i pokazuj\u0105, jak otwarty by\u0142 krajobraz technologiczny w tamtym czasie. Ponadto urz\u0105dzenie to nie jest powszechnie u\u017cywane, co czyni je dzi\u015b naprawd\u0119 wyj\u0105tkowym.<\/li>\n<li><strong>Dlaczego przywi\u0105zujesz tak du\u017c\u0105 wag\u0119 do dotyku urz\u0105dze\u0144?<\/strong><br \/>\nHaptyka jest cz\u0119sto niedocenianym aspektem. Decyduje o tym, jak urz\u0105dzenie czuje si\u0119 w codziennym u\u017cytkowaniu. Waga, materia\u0142y, przyciski - wszystko to ma wi\u0119kszy wp\u0142yw na u\u017cytkowanie, ni\u017c mog\u0142oby si\u0119 pocz\u0105tkowo wydawa\u0107. Zw\u0142aszcza w przypadku starszych urz\u0105dze\u0144 mo\u017cna zauwa\u017cy\u0107, \u017ce zosta\u0142y one zbudowane inaczej. Niekoniecznie lepiej lub gorzej, ale z innym celem.<\/li>\n<li><strong>Co zmieni\u0142o si\u0119 w Apple wraz z G4 Cube?<\/strong><br \/>\nWraz z G4 Cube sta\u0142o si\u0119 jasne, \u017ce Apple zacz\u0105\u0142 postrzega\u0107 design jako czynnik sam w sobie. Komputer nie by\u0142 tylko narz\u0119dziem, ale tak\u017ce obiektem. Forma, materia\u0142y i prezentacja zaj\u0119\u0142y centralne miejsce. By\u0142 to krok od czystej funkcji w kierunku \u015bwiadomego projektowania technologii.<\/li>\n<li><strong>Dlaczego iBook G4 by\u0142 wa\u017cn\u0105 zmian\u0105?<\/strong><br \/>\niBook G4 symbolizuje moment, w kt\u00f3rym komputery w ko\u0144cu pojawi\u0142y si\u0119 w codziennym \u017cyciu. By\u0142 bardziej dost\u0119pny, mniej techniczny w wygl\u0105dzie, a zatem odpowiedni dla szerszej grupy docelowej. Jednocze\u015bnie zapowiada\u0142 wiele element\u00f3w nowoczesnych urz\u0105dze\u0144. \u0141\u0105czy\u0142 starszy \u015bwiat Apple z tym, co p\u00f3\u017aniej sta\u0142o si\u0119 oczywisto\u015bci\u0105.<\/li>\n<li><strong>Dlaczego prze\u0142\u0105cza\u0142e\u015b si\u0119 mi\u0119dzy Apple i Windows?<\/strong><br \/>\nZmiana by\u0142a g\u0142\u00f3wnie pragmatyczna. W zale\u017cno\u015bci od \u015brodowiska i wymaga\u0144, jeden lub drugi system mia\u0142 wi\u0119cej sensu. Takie zmiany daj\u0105 szersze spojrzenie na oba \u015bwiaty. Uczysz si\u0119 rozpoznawa\u0107 mocne i s\u0142abe strony, nie opowiadaj\u0105c si\u0119 po \u017cadnej ze stron. To do\u015bwiadczenie jest cz\u0119sto cenniejsze ni\u017c wyra\u017ana przynale\u017cno\u015b\u0107.<\/li>\n<li><strong>Czego nauczy\u0142e\u015b si\u0119 b\u0119d\u0105c administratorem systemu Windows?<\/strong><br \/>\nPraca jako administrator pozwoli\u0142a mi zdoby\u0107 podstawow\u0105 wiedz\u0119 techniczn\u0105, kt\u00f3ra jest przydatna do dzi\u015b. Uczysz si\u0119 nie tylko korzysta\u0107 z system\u00f3w, ale tak\u017ce je rozumie\u0107. Analizowa\u0107 problemy, rozpoznawa\u0107 zale\u017cno\u015bci i opracowywa\u0107 rozwi\u0105zania. Wiedza ta pomaga r\u00f3wnie\u017c w pracy z innymi platformami.<\/li>\n<li><strong>Dlaczego nadal pracujesz g\u0142\u00f3wnie z Apple?<\/strong><br \/>\nZ biegiem lat sta\u0142o si\u0119 jasne, \u017ce po\u0142\u0105czenie sprz\u0119tu i oprogramowania w Apple najlepiej sprawdza si\u0119 w mojej codziennej pracy. Systemy s\u0105 stabilne, dobrze zintegrowane i mo\u017cna z nich efektywnie korzysta\u0107. Nie oznacza to, \u017ce s\u0105 idealne, ale og\u00f3lnie najlepiej spe\u0142niaj\u0105 moje wymagania.<\/li>\n<li><strong>Co masz na my\u015bli m\u00f3wi\u0105c o \u201ezwi\u0105zku mi\u0142o\u015bci i nienawi\u015bci\u201c z Apple?<\/strong><br \/>\nRelacja \u201emi\u0142o\u015b\u0107-nienawi\u015b\u0107\u201c opisuje napi\u0119cie mi\u0119dzy uznaniem a krytyk\u0105. Z jednej strony, produkty s\u0105 technicznie przekonuj\u0105ce, z drugiej strony, firma znacznie si\u0119 zmieni\u0142a. Procesy s\u0105 bardziej ustandaryzowane, decyzje cz\u0119sto bardziej komercyjne. Ludzie lubi\u0105 pracowa\u0107 z urz\u0105dzeniami, ale jednocze\u015bnie krytycznie patrz\u0105 na ich rozw\u00f3j.<\/li>\n<li><strong>Dlaczego nie chcesz zaktualizowa\u0107 swojego systemu operacyjnego?<\/strong><br \/>\nStabilno\u015b\u0107 jest dla mnie wa\u017cniejsza ni\u017c ci\u0105g\u0142e innowacje. Je\u015bli system dzia\u0142a niezawodnie, nie widz\u0119 powodu, by natychmiast go zmienia\u0107. Aktualizacje przynosz\u0105 nie tylko ulepszenia, ale tak\u017ce nowe b\u0142\u0119dy lub zmiany. Dlatego celowo czekam i korzystam z nowych wersji dopiero wtedy, gdy si\u0119 sprawdz\u0105.<\/li>\n<li><strong>Co oznacza zdanie \u201eApple nie jest twoim przyjacielem\u201c?<\/strong><br \/>\nZdanie to wynika z praktyki i opisuje trze\u017aw\u0105 rzeczywisto\u015b\u0107. Apple to firma z interesami handlowymi, a nie osobisty partner. Ci, kt\u00f3rzy to rozumiej\u0105, mog\u0105 lepiej kategoryzowa\u0107 decyzje i rozwija\u0107 bardziej realistyczne oczekiwania. Pomaga to unikn\u0105\u0107 rozczarowa\u0144.<\/li>\n<li><strong>Jak widzisz przysz\u0142o\u015b\u0107 Apple, szczeg\u00f3lnie w sektorze AI?<\/strong><br \/>\nApple stworzy\u0142 bardzo dobr\u0105 podstaw\u0119 z w\u0142asnymi procesorami. Integracja sprz\u0119tu i oprogramowania umo\u017cliwia tworzenie pot\u0119\u017cnych system\u00f3w, kt\u00f3re s\u0105 szczeg\u00f3lnie interesuj\u0105ce dla lokalnych aplikacji AI. Widz\u0119 tutaj du\u017cy potencja\u0142, w\u0142a\u015bnie dlatego, \u017ce Apple przyjmuje inne podej\u015bcie ni\u017c wielu jego konkurent\u00f3w.<\/li>\n<li><strong>Dlaczego warto odwiedzi\u0107 Muzeum Komputer\u00f3w w Oldenburgu?<\/strong><br \/>\nMuzeum oferuje mo\u017cliwo\u015b\u0107 nie tylko zobaczenia technologii, ale tak\u017ce jej do\u015bwiadczenia. Wiele urz\u0105dze\u0144 jest funkcjonalnych i mo\u017cna je bezpo\u015brednio wypr\u00f3bowa\u0107. Pozwala to zupe\u0142nie inaczej zrozumie\u0107 rozw\u00f3j technologii komputerowej. Wystawa Apple jest dodatkowym powodem, aby przyjrze\u0107 si\u0119 bli\u017cej temu tematowi.<\/li>\n<li><strong>Czego mo\u017cemy si\u0119 dzi\u015b nauczy\u0107 z historii komputer\u00f3w?<\/strong><br \/>\nBy\u0107 mo\u017ce najwa\u017cniejszym u\u015bwiadomieniem jest to, \u017ce post\u0119p rzadko jest prosty. Wiele pomys\u0142\u00f3w pojawia si\u0119 na pocz\u0105tku, znika i powraca p\u00f3\u017aniej w ulepszonej formie. Spojrzenie w przesz\u0142o\u015b\u0107 pomaga nam lepiej kategoryzowa\u0107 obecny rozw\u00f3j i nie przecenia\u0107 od razu ka\u017cdej innowacji.<\/li>\n<\/ol>\n<hr \/>\n\n\t\t\t<div class=\"display-post-types\">\n\n\t\t\t\t\t\t\t<style type=\"text\/css\">\n\t\t\t#dpt-wrapper-843 { --dpt-text-align: left;--dpt-image-crop: center;--dpt-border-radius: 5px;--dpt-h-gutter: 10px;--dpt-v-gutter: 9px; }\t\t\t<\/style>\n\t\t\t<style type=\"text\/css\">#dpt-wrapper-843 { --dpt-title-font-style:normal;--dpt-title-font-weight:600;--dpt-title-line-height:1.5;--dpt-title-text-decoration:none;--dpt-title-text-transform:none;--dpt-excerpt-font-style:normal;--dpt-excerpt-font-weight:400;--dpt-excerpt-line-height:1.5;--dpt-excerpt-text-decoration:none;--dpt-excerpt-text-transform:none;--dpt-meta1-font-style:normal;--dpt-meta1-font-weight:400;--dpt-meta1-line-height:1.9;--dpt-meta1-text-decoration:none;--dpt-meta1-text-transform:none;--dpt-meta2-font-style:normal;--dpt-meta2-font-weight:400;--dpt-meta2-line-height:1.9;--dpt-meta2-text-decoration:none;--dpt-meta2-text-transform:none; }<\/style><div class=\"dpt-main-header\">\n\t\t\t\t\t\t<div class=\"dpt-main-title\">\n\t\t\t\t\t\t\t<span class=\"dpt-main-title-text\">Aktualne artyku\u0142y na temat sztuki i kultury<\/span>\n\t\t\t\t\t\t<\/div>\n\t\t\t\t\t\t\n\t\t\t\t\t\t\n\t\t\t\t\t\t\n\t\t\t\t\t\t<\/div>\t\t\t\n\t\t\t\t<div id=\"dpt-wrapper-843\" class=\"dpt-wrapper dpt-mag1 land1 dpt-cropped dpt-flex-wrap\" >\n\n\t\t\t\t\t\t\t\t\t\t\t<div class=\"dpt-entry has-thumbnail\" data-title=\"spieltheorie erkl\u00e4rt 25 jahre geopolitik: wie europa seine strategische rolle verlor\" data-id=\"3850\"  data-category=\"allgemein gesellschaft kunst &amp; kultur\" data-post_tag=\"denkmodelle deutschland energiepolitik eu-gesetze europa geopolitik krisen sicherheitspolitik spieltheorie\">\n\t\t\t\t\t\t\t<div class=\"dpt-entry-wrapper\"><div class=\"dpt-featured-content\"><div class=\"dpt-permalink\"><a href=\"https:\/\/www.markus-schall.de\/pl\/2025\/12\/teoria-gier-wyjasnia-25-lat-geopolityki-jak-europa-stracila-swoja-strategiczna-role\/\" class=\"dpt-permalink\"><span class=\"screen-reader-text\">Teoria gier wyja\u015bnia 25 lat geopolityki: jak Europa straci\u0142a swoj\u0105 strategiczn\u0105 rol\u0119<\/span><\/a><\/div><div class=\"dpt-thumbnail\"><div class=\"dpt-thumbnail-inner\"><img width=\"1024\" height=\"765\" class=\"attachment-full size-full\" alt=\"Teoria gier wyja\u015bnia 25 lat geopolityki\" context=\"dpt\" data-dpt-src=\"https:\/\/www.markus-schall.de\/wp-content\/uploads\/europa-russland-spieltheorie.jpg\" data-dpt-sizes=\"(max-width: 1024px) 100vw, 1024px\" data-dpt-srcset=\"https:\/\/www.markus-schall.de\/wp-content\/uploads\/europa-russland-spieltheorie.jpg 1024w, https:\/\/www.markus-schall.de\/wp-content\/uploads\/europa-russland-spieltheorie-300x224.jpg 300w, https:\/\/www.markus-schall.de\/wp-content\/uploads\/europa-russland-spieltheorie-768x574.jpg 768w, https:\/\/www.markus-schall.de\/wp-content\/uploads\/europa-russland-spieltheorie-16x12.jpg 16w\" \/><\/div><span class=\"dpt-thumbnail-aspect-ratio\" style=\"padding-top: 75%\"><\/span><\/div><\/div><div class=\"sub-entry\"><h3 class=\"dpt-title\"><a class=\"dpt-title-link\" href=\"https:\/\/www.markus-schall.de\/pl\/2025\/12\/teoria-gier-wyjasnia-25-lat-geopolityki-jak-europa-stracila-swoja-strategiczna-role\/\" rel=\"bookmark\">Teoria gier wyja\u015bnia 25 lat geopolityki: jak Europa straci\u0142a swoj\u0105 strategiczn\u0105 rol\u0119<\/a><\/h3><\/div><\/div>\n\t\t\t\t\t\t<\/div><!-- .dpt-entry -->\n\t\t\t\t\t\t\t\t\t\t\t\t<div class=\"dpt-entry has-thumbnail\" data-title=\"ulrike gu\u00e9rot: eine europ\u00e4erin zwischen idee, universit\u00e4t und \u00f6ffentlichem diskurs\" data-id=\"4039\"  data-category=\"allgemein gesellschaft kunst &amp; kultur\" data-post_tag=\"denkmodelle deutschland europa geopolitik krisen meinungsfreiheit portrait sicherheitspolitik spieltheorie\">\n\t\t\t\t\t\t\t<div class=\"dpt-entry-wrapper\"><div class=\"dpt-featured-content\"><div class=\"dpt-permalink\"><a href=\"https:\/\/www.markus-schall.de\/pl\/2025\/12\/ulrike-guerot-europejka-miedzy-idea-uniwersytetu-a-dyskursem-publicznym\/\" class=\"dpt-permalink\"><span class=\"screen-reader-text\">Ulrike Gu\u00e9rot: Europejka mi\u0119dzy ide\u0105, uniwersytetem i dyskursem publicznym<\/span><\/a><\/div><div class=\"dpt-thumbnail\"><div class=\"dpt-thumbnail-inner\"><img width=\"1024\" height=\"683\" class=\"attachment-full size-full\" alt=\"Ulrike Gu\u00e9rot i Europa\" context=\"dpt\" data-dpt-src=\"https:\/\/www.markus-schall.de\/wp-content\/uploads\/ulrike-guerot-portrait.jpg\" data-dpt-sizes=\"(max-width: 1024px) 100vw, 1024px\" data-dpt-srcset=\"https:\/\/www.markus-schall.de\/wp-content\/uploads\/ulrike-guerot-portrait.jpg 1024w, https:\/\/www.markus-schall.de\/wp-content\/uploads\/ulrike-guerot-portrait-300x200.jpg 300w, https:\/\/www.markus-schall.de\/wp-content\/uploads\/ulrike-guerot-portrait-768x512.jpg 768w, https:\/\/www.markus-schall.de\/wp-content\/uploads\/ulrike-guerot-portrait-18x12.jpg 18w\" \/><\/div><span class=\"dpt-thumbnail-aspect-ratio\" style=\"padding-top: 75%\"><\/span><\/div><\/div><div class=\"sub-entry\"><h3 class=\"dpt-title\"><a class=\"dpt-title-link\" href=\"https:\/\/www.markus-schall.de\/pl\/2025\/12\/ulrike-guerot-europejka-miedzy-idea-uniwersytetu-a-dyskursem-publicznym\/\" rel=\"bookmark\">Ulrike Gu\u00e9rot: Europejka mi\u0119dzy ide\u0105, uniwersytetem i dyskursem publicznym<\/a><\/h3><\/div><\/div>\n\t\t\t\t\t\t<\/div><!-- .dpt-entry -->\n\t\t\t\t\t\t\t\t\t\t\t\t<div class=\"dpt-entry has-thumbnail\" data-title=\"wenn pflicht wieder pflicht wird. eine art essay von herrn von l&#8217;oreot.\" data-id=\"3010\"  data-category=\"allgemein gesellschaft kunst &amp; kultur stories &amp; humor\" data-post_tag=\"deutschland erfahrungen geopolitik krisen pers\u00f6nlichkeitsentwicklung sicherheitspolitik\">\n\t\t\t\t\t\t\t<div class=\"dpt-entry-wrapper\"><div class=\"dpt-featured-content\"><div class=\"dpt-permalink\"><a href=\"https:\/\/www.markus-schall.de\/pl\/2025\/10\/kiedy-obowiazek-znow-staje-sie-obowiazkiem-rodzaj-eseju-pana-von-loreota\/\" class=\"dpt-permalink\"><span class=\"screen-reader-text\">Kiedy obowi\u0105zek zn\u00f3w staje si\u0119 obowi\u0105zkiem. Rodzaj eseju autorstwa pana von L'oreot.<\/span><\/a><\/div><div class=\"dpt-thumbnail\"><div class=\"dpt-thumbnail-inner\"><img width=\"1024\" height=\"683\" class=\"attachment-full size-full\" alt=\"Niespodziewany telefon\" context=\"dpt\" data-dpt-src=\"https:\/\/www.markus-schall.de\/wp-content\/uploads\/loreot-pflicht-anruf.jpg\" data-dpt-sizes=\"(max-width: 1024px) 100vw, 1024px\" data-dpt-srcset=\"https:\/\/www.markus-schall.de\/wp-content\/uploads\/loreot-pflicht-anruf.jpg 1024w, https:\/\/www.markus-schall.de\/wp-content\/uploads\/loreot-pflicht-anruf-300x200.jpg 300w, https:\/\/www.markus-schall.de\/wp-content\/uploads\/loreot-pflicht-anruf-768x512.jpg 768w, https:\/\/www.markus-schall.de\/wp-content\/uploads\/loreot-pflicht-anruf-18x12.jpg 18w\" \/><\/div><span class=\"dpt-thumbnail-aspect-ratio\" style=\"padding-top: 75%\"><\/span><\/div><\/div><div class=\"sub-entry\"><h3 class=\"dpt-title\"><a class=\"dpt-title-link\" href=\"https:\/\/www.markus-schall.de\/pl\/2025\/10\/kiedy-obowiazek-znow-staje-sie-obowiazkiem-rodzaj-eseju-pana-von-loreota\/\" rel=\"bookmark\">Kiedy obowi\u0105zek zn\u00f3w staje si\u0119 obowi\u0105zkiem. Rodzaj eseju autorstwa pana von L'oreot.<\/a><\/h3><\/div><\/div>\n\t\t\t\t\t\t<\/div><!-- .dpt-entry -->\n\t\t\t\t\t\t\t\t\t\t\t\t<div class=\"dpt-entry has-thumbnail\" data-title=\"reichweite ist kein eigentum \u2013 warum sichtbarkeit heute nicht mehr ausreicht\" data-id=\"3994\"  data-category=\"allgemein featured filemaker &amp; erp gesellschaft kunst &amp; kultur\" data-post_tag=\"datenlogik datenschutz denkmodelle digitales eigentum erp-software\">\n\t\t\t\t\t\t\t<div class=\"dpt-entry-wrapper\"><div class=\"dpt-featured-content\"><div class=\"dpt-permalink\"><a href=\"https:\/\/www.markus-schall.de\/pl\/2025\/12\/zasieg-nie-jest-wlasnoscia-dlatego-widocznosc-juz-dzis-nie-wystarcza\/\" class=\"dpt-permalink\"><span class=\"screen-reader-text\">Zasi\u0119g to nie w\u0142asno\u015b\u0107 - dlaczego widoczno\u015b\u0107 ju\u017c dzi\u015b nie wystarcza?<\/span><\/a><\/div><div class=\"dpt-thumbnail\"><div class=\"dpt-thumbnail-inner\"><img width=\"1024\" height=\"683\" class=\"attachment-full size-full\" alt=\"Zasi\u0119g a w\u0142asno\u015b\u0107\" context=\"dpt\" data-dpt-src=\"https:\/\/www.markus-schall.de\/wp-content\/uploads\/reichweite-vs-eigentum.jpg\" data-dpt-sizes=\"(max-width: 1024px) 100vw, 1024px\" data-dpt-srcset=\"https:\/\/www.markus-schall.de\/wp-content\/uploads\/reichweite-vs-eigentum.jpg 1024w, https:\/\/www.markus-schall.de\/wp-content\/uploads\/reichweite-vs-eigentum-300x200.jpg 300w, https:\/\/www.markus-schall.de\/wp-content\/uploads\/reichweite-vs-eigentum-768x512.jpg 768w, https:\/\/www.markus-schall.de\/wp-content\/uploads\/reichweite-vs-eigentum-18x12.jpg 18w\" \/><\/div><span class=\"dpt-thumbnail-aspect-ratio\" style=\"padding-top: 75%\"><\/span><\/div><\/div><div class=\"sub-entry\"><h3 class=\"dpt-title\"><a class=\"dpt-title-link\" href=\"https:\/\/www.markus-schall.de\/pl\/2025\/12\/zasieg-nie-jest-wlasnoscia-dlatego-widocznosc-juz-dzis-nie-wystarcza\/\" rel=\"bookmark\">Zasi\u0119g to nie w\u0142asno\u015b\u0107 - dlaczego widoczno\u015b\u0107 ju\u017c dzi\u015b nie wystarcza?<\/a><\/h3><\/div><\/div>\n\t\t\t\t\t\t<\/div><!-- .dpt-entry -->\n\t\t\t\t\t\t\n\t\t\t\t<\/div>\n\t\t\t\t\t\t<\/div>\n\t\t\t\n<hr \/>","protected":false},"excerpt":{"rendered":"<p>Je\u015bli interesujesz si\u0119 histori\u0105 komputer\u00f3w, wizyta w Muzeum Komputer\u00f3w w Oldenburgu jest szczeg\u00f3lnie warta uwagi. Muzeum jest jednym z tych miejsc, kt\u00f3re nie musz\u0105 by\u0107 g\u0142o\u015bne, aby zrobi\u0107 wra\u017cenie, a od kwietnia b\u0119dzie go\u015bci\u0107 specjaln\u0105 wystaw\u0119 zatytu\u0142owan\u0105 \u201e50 lat komputer\u00f3w Apple\u201c. Przez wiele lat technologia by\u0142a tam nie tylko wystawiana, ale tak\u017ce utrzymywana przy \u017cyciu. ... <a title=\"Zasi\u0119g to nie w\u0142asno\u015b\u0107 - dlaczego widoczno\u015b\u0107 ju\u017c dzi\u015b nie wystarcza?\" class=\"read-more\" href=\"https:\/\/www.markus-schall.de\/pl\/2025\/12\/zasieg-nie-jest-wlasnoscia-dlatego-widocznosc-juz-dzis-nie-wystarcza\/\" aria-label=\"Dowiedz si\u0119 wi\u0119cej o Zasi\u0119g to nie w\u0142asno\u015b\u0107 - Dlaczego widoczno\u015b\u0107 ju\u017c dzi\u015b nie wystarcza\">Dowiedz si\u0119 wi\u0119cej<\/a><\/p>","protected":false},"author":1,"featured_media":5497,"comment_status":"open","ping_status":"open","sticky":false,"template":"","format":"standard","meta":{"iawp_total_views":89,"footnotes":""},"categories":[1,40,15,147,472,235],"tags":[10,458,410,11,442,460],"class_list":["post-5480","post","type-post","status-publish","format-standard","has-post-thumbnail","hentry","category-allgemein","category-apple-iphone-ipad","category-apple-macos","category-hardware","category-kunst-kultur","category-stories-humor","tag-apple","tag-erfahrungen","tag-filemaker","tag-mac","tag-prozesse","tag-publishing"],"_links":{"self":[{"href":"https:\/\/www.markus-schall.de\/pl\/wp-json\/wp\/v2\/posts\/5480","targetHints":{"allow":["GET"]}}],"collection":[{"href":"https:\/\/www.markus-schall.de\/pl\/wp-json\/wp\/v2\/posts"}],"about":[{"href":"https:\/\/www.markus-schall.de\/pl\/wp-json\/wp\/v2\/types\/post"}],"author":[{"embeddable":true,"href":"https:\/\/www.markus-schall.de\/pl\/wp-json\/wp\/v2\/users\/1"}],"replies":[{"embeddable":true,"href":"https:\/\/www.markus-schall.de\/pl\/wp-json\/wp\/v2\/comments?post=5480"}],"version-history":[{"count":21,"href":"https:\/\/www.markus-schall.de\/pl\/wp-json\/wp\/v2\/posts\/5480\/revisions"}],"predecessor-version":[{"id":5865,"href":"https:\/\/www.markus-schall.de\/pl\/wp-json\/wp\/v2\/posts\/5480\/revisions\/5865"}],"wp:featuredmedia":[{"embeddable":true,"href":"https:\/\/www.markus-schall.de\/pl\/wp-json\/wp\/v2\/media\/5497"}],"wp:attachment":[{"href":"https:\/\/www.markus-schall.de\/pl\/wp-json\/wp\/v2\/media?parent=5480"}],"wp:term":[{"taxonomy":"category","embeddable":true,"href":"https:\/\/www.markus-schall.de\/pl\/wp-json\/wp\/v2\/categories?post=5480"},{"taxonomy":"post_tag","embeddable":true,"href":"https:\/\/www.markus-schall.de\/pl\/wp-json\/wp\/v2\/tags?post=5480"}],"curies":[{"name":"wp","href":"https:\/\/api.w.org\/{rel}","templated":true}]}}