{"id":5882,"date":"2026-05-01T04:23:58","date_gmt":"2026-05-01T04:23:58","guid":{"rendered":"https:\/\/www.markus-schall.de\/?p=5882"},"modified":"2026-05-01T06:44:25","modified_gmt":"2026-05-01T06:44:25","slug":"jak-pandemia-udowodnila-ze-ekonomisci-mylili-sie-co-do-wzrostu-inflacji-i-ozywienia-gospodarczego","status":"publish","type":"post","link":"https:\/\/www.markus-schall.de\/pl\/2026\/05\/jak-pandemia-udowodnila-ze-ekonomisci-mylili-sie-co-do-wzrostu-inflacji-i-ozywienia-gospodarczego\/","title":{"rendered":"Jak pandemia udowodni\u0142a, \u017ce ekonomi\u015bci mylili si\u0119 co do inflacji, wzrostu i o\u017cywienia gospodarczego"},"content":{"rendered":"<p>Nawet podczas pandemii koronawirusa wielu ekonomist\u00f3w by\u0142o zaskakuj\u0105co zgodnych: wielkim zagro\u017ceniem by\u0142a faza niskiej inflacji, a mo\u017ce nawet deflacji. Kilka lat p\u00f3\u017aniej wy\u0142oni\u0142 si\u0119 inny obraz. Inflacja osi\u0105gn\u0119\u0142a historyczne maksima w wielu krajach, \u0142a\u0144cuchy dostaw za\u0142ama\u0142y si\u0119, a rozw\u00f3j gospodarczy okaza\u0142 si\u0119 inny ni\u017c oczekiwano.<\/p>\n<p>Pandemia by\u0142a nie tylko kryzysem zdrowotnym, ale tak\u017ce testem warunk\u00f3w skrajnych dla prognoz ekonomicznych. Ten artyku\u0142 pokazuje, gdzie eksperci si\u0119 mylili, dlaczego tak si\u0119 sta\u0142o i jakie wnioski mo\u017cna wyci\u0105gn\u0105\u0107 z przysz\u0142ych ocen.<!--more--><\/p>\n<p>Ponad trzy lata po tym, jak pandemia COVID wstrz\u0105sn\u0119\u0142a \u015bwiatow\u0105 gospodark\u0105, eksperci wci\u0105\u017c zastanawiaj\u0105 si\u0119, dlaczego tak wiele prognoz okaza\u0142o si\u0119 b\u0142\u0119dnych. Pandemia doprowadzi\u0142a do spadku sprzeda\u017cy w wi\u0119kszo\u015bci bran\u017c, a ca\u0142e narody wci\u0105\u017c walcz\u0105 o odzyskanie dawnej pozycji. W tych niepewnych czasach ekonomi\u015bci pr\u00f3bowali przewidzie\u0107 inflacj\u0119, produktywno\u015b\u0107 i wzrost. Dzi\u015b wielu ekspert\u00f3w zdaje sobie spraw\u0119, \u017ce uderzaj\u0105co wysoki odsetek prognoz by\u0142 niedok\u0142adny. Poniewa\u017c 55 % populacji <strong><a href=\"https:\/\/economicsnetwork.ac.uk\/research\/understandingecon#:~:text=There%20is%20a%20big%20problem,and%2033%25%20on%20industry%20regulation\" target=\"_blank\" rel=\"noopener\">Nieufno\u015b\u0107 wobec prognoz ekonomist\u00f3w<\/a><\/strong>, Pojawiaj\u0105 si\u0119 powa\u017cne obawy dotycz\u0105ce ich metodologii i zastosowania, ujawniaj\u0105c ograniczenia prognozowania gospodarczego w czasach ekstremalnych zmian. W tym kontek\u015bcie poni\u017cej przeanalizuj\u0119 i podsumuj\u0119 dok\u0142adno\u015b\u0107 prognoz historycznych.<\/p>\n<hr \/>\n\n\t\t\t<div class=\"display-post-types\">\n\n\t\t\t\t\t\t\t<style type=\"text\/css\">\n\t\t\t#dpt-wrapper-483 { --dpt-text-align: left;--dpt-image-crop: center;--dpt-border-radius: 5px;--dpt-h-gutter: 10px;--dpt-v-gutter: 9px; }\t\t\t<\/style>\n\t\t\t<style type=\"text\/css\">#dpt-wrapper-483 { --dpt-title-font-style:normal;--dpt-title-font-weight:600;--dpt-title-line-height:1.5;--dpt-title-text-decoration:none;--dpt-title-text-transform:none;--dpt-excerpt-font-style:normal;--dpt-excerpt-font-weight:400;--dpt-excerpt-line-height:1.5;--dpt-excerpt-text-decoration:none;--dpt-excerpt-text-transform:none;--dpt-meta1-font-style:normal;--dpt-meta1-font-weight:400;--dpt-meta1-line-height:1.9;--dpt-meta1-text-decoration:none;--dpt-meta1-text-transform:none;--dpt-meta2-font-style:normal;--dpt-meta2-font-weight:400;--dpt-meta2-line-height:1.9;--dpt-meta2-text-decoration:none;--dpt-meta2-text-transform:none; }<\/style><div class=\"dpt-main-header\">\n\t\t\t\t\t\t<div class=\"dpt-main-title\">\n\t\t\t\t\t\t\t<span class=\"dpt-main-title-text\">Aktualne artyku\u0142y na temat sztuki i kultury<\/span>\n\t\t\t\t\t\t<\/div>\n\t\t\t\t\t\t\n\t\t\t\t\t\t\n\t\t\t\t\t\t\n\t\t\t\t\t\t<\/div>\t\t\t\n\t\t\t\t<div id=\"dpt-wrapper-483\" class=\"dpt-wrapper dpt-mag1 land1 dpt-cropped dpt-flex-wrap\" >\n\n\t\t\t\t\t\t\t\t\t\t\t<div class=\"dpt-entry has-thumbnail\" data-title=\"iran verstehen: alltag, proteste und interessen jenseits der schlagzeilen\" data-id=\"4462\"  data-category=\"allgemein gesellschaft kunst &amp; kultur\" data-post_tag=\"erfahrungen europa geopolitik krisen meinungsfreiheit sicherheitspolitik spieltheorie\">\n\t\t\t\t\t\t\t<div class=\"dpt-entry-wrapper\"><div class=\"dpt-featured-content\"><div class=\"dpt-permalink\"><a href=\"https:\/\/www.markus-schall.de\/pl\/2026\/01\/zrozumienie-iranu-zycie-codzienne-protesty-i-interesy-poza-naglowkami-gazet\/\" class=\"dpt-permalink\"><span class=\"screen-reader-text\">Zrozumie\u0107 Iran: \u017bycie codzienne, protesty i interesy poza nag\u0142\u00f3wkami gazet<\/span><\/a><\/div><div class=\"dpt-thumbnail\"><div class=\"dpt-thumbnail-inner\"><img width=\"1024\" height=\"683\" class=\"attachment-full size-full\" alt=\"Zrozumie\u0107 Iran\" context=\"dpt\" data-dpt-src=\"https:\/\/www.markus-schall.de\/wp-content\/uploads\/Iran-Titel.jpg\" data-dpt-sizes=\"(max-width: 1024px) 100vw, 1024px\" data-dpt-srcset=\"https:\/\/www.markus-schall.de\/wp-content\/uploads\/Iran-Titel.jpg 1024w, https:\/\/www.markus-schall.de\/wp-content\/uploads\/Iran-Titel-300x200.jpg 300w, https:\/\/www.markus-schall.de\/wp-content\/uploads\/Iran-Titel-768x512.jpg 768w, https:\/\/www.markus-schall.de\/wp-content\/uploads\/Iran-Titel-18x12.jpg 18w\" \/><\/div><span class=\"dpt-thumbnail-aspect-ratio\" style=\"padding-top: 75%\"><\/span><\/div><\/div><div class=\"sub-entry\"><h3 class=\"dpt-title\"><a class=\"dpt-title-link\" href=\"https:\/\/www.markus-schall.de\/pl\/2026\/01\/zrozumienie-iranu-zycie-codzienne-protesty-i-interesy-poza-naglowkami-gazet\/\" rel=\"bookmark\">Zrozumie\u0107 Iran: \u017bycie codzienne, protesty i interesy poza nag\u0142\u00f3wkami gazet<\/a><\/h3><\/div><\/div>\n\t\t\t\t\t\t<\/div><!-- .dpt-entry -->\n\t\t\t\t\t\t\t\t\t\t\t\t<div class=\"dpt-entry has-thumbnail\" data-title=\"beruf, weltbild, zukunft: entscheidungen im schatten des umbruchs\" data-id=\"3197\"  data-category=\"allgemein gesellschaft kunst &amp; kultur tipps &amp; anleitungen\" data-post_tag=\"erfahrungen krisen pers\u00f6nlichkeitsentwicklung ratgeber\">\n\t\t\t\t\t\t\t<div class=\"dpt-entry-wrapper\"><div class=\"dpt-featured-content\"><div class=\"dpt-permalink\"><a href=\"https:\/\/www.markus-schall.de\/pl\/2025\/10\/swiat-kariery-przyszle-decyzje-w-cieniu-wstrzasow\/\" class=\"dpt-permalink\"><span class=\"screen-reader-text\">Kariera, \u015bwiatopogl\u0105d, przysz\u0142o\u015b\u0107: decyzje w cieniu wstrz\u0105s\u00f3w<\/span><\/a><\/div><div class=\"dpt-thumbnail\"><div class=\"dpt-thumbnail-inner\"><img width=\"1024\" height=\"683\" class=\"attachment-full size-full\" alt=\"Decyzje w cieniu wstrz\u0105s\u00f3w\" context=\"dpt\" data-dpt-src=\"https:\/\/www.markus-schall.de\/wp-content\/uploads\/Entscheidungen-im-Schatten-Umbruch.jpg\" data-dpt-sizes=\"(max-width: 1024px) 100vw, 1024px\" data-dpt-srcset=\"https:\/\/www.markus-schall.de\/wp-content\/uploads\/Entscheidungen-im-Schatten-Umbruch.jpg 1024w, https:\/\/www.markus-schall.de\/wp-content\/uploads\/Entscheidungen-im-Schatten-Umbruch-300x200.jpg 300w, https:\/\/www.markus-schall.de\/wp-content\/uploads\/Entscheidungen-im-Schatten-Umbruch-768x512.jpg 768w, https:\/\/www.markus-schall.de\/wp-content\/uploads\/Entscheidungen-im-Schatten-Umbruch-18x12.jpg 18w\" \/><\/div><span class=\"dpt-thumbnail-aspect-ratio\" style=\"padding-top: 75%\"><\/span><\/div><\/div><div class=\"sub-entry\"><h3 class=\"dpt-title\"><a class=\"dpt-title-link\" href=\"https:\/\/www.markus-schall.de\/pl\/2025\/10\/swiat-kariery-przyszle-decyzje-w-cieniu-wstrzasow\/\" rel=\"bookmark\">Kariera, \u015bwiatopogl\u0105d, przysz\u0142o\u015b\u0107: decyzje w cieniu wstrz\u0105s\u00f3w<\/a><\/h3><\/div><\/div>\n\t\t\t\t\t\t<\/div><!-- .dpt-entry -->\n\t\t\t\t\t\t\t\t\t\t\t\t<div class=\"dpt-entry has-thumbnail\" data-title=\"apple im wandel: fr\u00fche ger\u00e4te, eigene erfahrungen und eine ausstellung im ocm\" data-id=\"5480\"  data-category=\"allgemein apple iphone &amp; ipad apple macos hardware kunst &amp; kultur stories &amp; humor\" data-post_tag=\"apple erfahrungen filemaker mac prozesse publishing\">\n\t\t\t\t\t\t\t<div class=\"dpt-entry-wrapper\"><div class=\"dpt-featured-content\"><div class=\"dpt-permalink\"><a href=\"https:\/\/www.markus-schall.de\/pl\/2026\/03\/apple-in-transition-wczesne-urzadzenia-wlasne-doswiadczenia-i-wystawa-w-ocm\/\" class=\"dpt-permalink\"><span class=\"screen-reader-text\">Apple w okresie przej\u015bciowym: wczesne urz\u0105dzenia, osobiste do\u015bwiadczenia i wystawa w OCM<\/span><\/a><\/div><div class=\"dpt-thumbnail\"><div class=\"dpt-thumbnail-inner\"><img width=\"1024\" height=\"683\" class=\"attachment-full size-full\" alt=\"Apple Macintosh Classic i Colour Classic\" context=\"dpt\" data-dpt-src=\"https:\/\/www.markus-schall.de\/wp-content\/uploads\/Apple-OCM-Titel.jpg\" data-dpt-sizes=\"(max-width: 1024px) 100vw, 1024px\" data-dpt-srcset=\"https:\/\/www.markus-schall.de\/wp-content\/uploads\/Apple-OCM-Titel.jpg 1024w, https:\/\/www.markus-schall.de\/wp-content\/uploads\/Apple-OCM-Titel-300x200.jpg 300w, https:\/\/www.markus-schall.de\/wp-content\/uploads\/Apple-OCM-Titel-768x512.jpg 768w, https:\/\/www.markus-schall.de\/wp-content\/uploads\/Apple-OCM-Titel-18x12.jpg 18w\" \/><\/div><span class=\"dpt-thumbnail-aspect-ratio\" style=\"padding-top: 75%\"><\/span><\/div><\/div><div class=\"sub-entry\"><h3 class=\"dpt-title\"><a class=\"dpt-title-link\" href=\"https:\/\/www.markus-schall.de\/pl\/2026\/03\/apple-in-transition-wczesne-urzadzenia-wlasne-doswiadczenia-i-wystawa-w-ocm\/\" rel=\"bookmark\">Apple w okresie przej\u015bciowym: wczesne urz\u0105dzenia, osobiste do\u015bwiadczenia i wystawa w OCM<\/a><\/h3><\/div><\/div>\n\t\t\t\t\t\t<\/div><!-- .dpt-entry -->\n\t\t\t\t\t\t\t\t\t\t\t\t<div class=\"dpt-entry has-thumbnail\" data-title=\"dieter hallervorden \u2013 mehr als didi: portr\u00e4t eines unbequemen freigeists\" data-id=\"4347\"  data-category=\"gesellschaft kunst &amp; kultur stories &amp; humor\" data-post_tag=\"erfahrungen meinungsfreiheit musik portrait\">\n\t\t\t\t\t\t\t<div class=\"dpt-entry-wrapper\"><div class=\"dpt-featured-content\"><div class=\"dpt-permalink\"><a href=\"https:\/\/www.markus-schall.de\/pl\/2026\/01\/dieter-hallervorden-wiecej-niz-didi-portret-niewygodnego-wolnego-ducha\/\" class=\"dpt-permalink\"><span class=\"screen-reader-text\">Dieter Hallervorden - Wi\u0119cej ni\u017c Didi: Portret niewygodnego wolnego ducha<\/span><\/a><\/div><div class=\"dpt-thumbnail\"><div class=\"dpt-thumbnail-inner\"><img width=\"1024\" height=\"683\" class=\"attachment-full size-full\" alt=\"Dieter Hallervorden i W\u00fchlm\u00e4use w Berlinie\" context=\"dpt\" data-dpt-src=\"https:\/\/www.markus-schall.de\/wp-content\/uploads\/Dieter-Hallvervorden-Wuehlmaeuse.jpg\" data-dpt-sizes=\"(max-width: 1024px) 100vw, 1024px\" data-dpt-srcset=\"https:\/\/www.markus-schall.de\/wp-content\/uploads\/Dieter-Hallvervorden-Wuehlmaeuse.jpg 1024w, https:\/\/www.markus-schall.de\/wp-content\/uploads\/Dieter-Hallvervorden-Wuehlmaeuse-300x200.jpg 300w, https:\/\/www.markus-schall.de\/wp-content\/uploads\/Dieter-Hallvervorden-Wuehlmaeuse-768x512.jpg 768w, https:\/\/www.markus-schall.de\/wp-content\/uploads\/Dieter-Hallvervorden-Wuehlmaeuse-18x12.jpg 18w\" \/><\/div><span class=\"dpt-thumbnail-aspect-ratio\" style=\"padding-top: 75%\"><\/span><\/div><\/div><div class=\"sub-entry\"><h3 class=\"dpt-title\"><a class=\"dpt-title-link\" href=\"https:\/\/www.markus-schall.de\/pl\/2026\/01\/dieter-hallervorden-wiecej-niz-didi-portret-niewygodnego-wolnego-ducha\/\" rel=\"bookmark\">Dieter Hallervorden - Wi\u0119cej ni\u017c Didi: Portret niewygodnego wolnego ducha<\/a><\/h3><\/div><\/div>\n\t\t\t\t\t\t<\/div><!-- .dpt-entry -->\n\t\t\t\t\t\t\n\t\t\t\t<\/div>\n\t\t\t\t\t\t<\/div>\n\t\t\t\n<hr \/>\n<h2>Trendy inflacyjne<\/h2>\n<p>Kszta\u0142towanie si\u0119 inflacji jest jednym z obszar\u00f3w, w kt\u00f3rych niepewno\u015b\u0107 prognoz gospodarczych sta\u0142a si\u0119 szczeg\u00f3lnie widoczna. Prawie \u017caden inny temat nie by\u0142 tak intensywnie dyskutowany podczas pandemii - a jednocze\u015bnie tak r\u00f3\u017cnie oceniany.<\/p>\n<p>Jednym z kluczowych aspekt\u00f3w, na kt\u00f3rym skupi\u0142o si\u0119 wielu ekspert\u00f3w, by\u0142a inflacja. Chocia\u017c debatowano, czy pandemia doprowadzi do wy\u017cszej, ni\u017cszej lub nawet deflacji, wi\u0119kszo\u015b\u0107 ekspert\u00f3w zgodzi\u0142a si\u0119, \u017ce ta ostatnia wyst\u0105pi. Wielu ekonomist\u00f3w t\u0142umaczy\u0142o to wy\u017cszym bezrobociem, kt\u00f3re ograniczy\u0142oby wzrost p\u0142ac i doprowadzi\u0142o do wzrostu oszcz\u0119dno\u015bci.<\/p>\n<p>Mniejszo\u015b\u0107 ekonomist\u00f3w przyj\u0119\u0142a bardziej krytyczne stanowisko i ostrzeg\u0142a przed niedocenianiem ryzyka inflacyjnego. Wed\u0142ug Oliviera Blancharda <a href=\"https:\/\/www.piie.com\/blogs\/realtime-economic-issues-watch\/high-inflation-unlikely-not-impossible-advanced-economies\" target=\"_blank\" rel=\"noopener\"><strong>Artyku\u0142 PIIE z roku 2020<\/strong><\/a> Wysoka inflacja by\u0142a ma\u0142o prawdopodobna i wyst\u0105pi\u0142aby tylko w rzadkich przypadkach, w kt\u00f3rych jednocze\u015bnie wyst\u0105pi\u0142yby trzy konkretne czynniki: sta\u0142y d\u0142ug publiczny, inwestorzy domagaj\u0105cy si\u0119 wy\u017cszych st\u00f3p procentowych oraz presja rz\u0105du na banki centralne, aby utrzymywa\u0142y stopy procentowe na niskim poziomie. Chocia\u017c Blanchard oceni\u0142 prawdopodobie\u0144stwo na mniej ni\u017c 3 %, nieprawdopodobne sta\u0142o si\u0119 rzeczywisto\u015bci\u0105 w wielu krajach.<\/p>\n<hr \/>\n<h3>Aktualne badanie dotycz\u0105ce zaufania do polityki i medi\u00f3w<\/h3>\n<div class='bootstrap-yop yop-poll-mc'>\n\t\t\t\t\t\t\t<div class=\"basic-yop-poll-container\" style=\"background-color:#ffffff; border:0px; border-style:solid; border-color:#000000; border-radius:5px; padding:0px 5px;\" data-id=\"1\" data-temp=\"basic-pretty\" data-skin=\"square\" data-cscheme=\"blue\" data-cap=\"0\" data-access=\"guest\" data-tid=\"\" data-uid=\"979eb54e64601bc9735c746f3098560a\" data-pid=\"4347\" data-resdet=\"votes-number,percentages\" data-show-results-to=\"guest\" data-show-results-moment=\"after-vote\" data-show-results-only=\"false\" data-show-message=\"true\" data-show-results-as=\"bar\" data-sort-results-by=\"as-defined\" data-sort-results-rule=\"asc\"data-is-ended=\"0\" data-percentages-decimals=\"2\" data-gdpr=\"no\" data-gdpr-sol=\"consent\" data-css=\"\" data-counter=\"0\" data-load-with=\"1\" data-notification-section=\"top\"><div class=\"row\"><div class=\"col-md-12\"><div class=\"basic-inner\"><div class=\"basic-message hide\" style=\"border-left: 10px solid #008000; padding: 0px 10px;\" data-error=\"#ff0000\" data-success=\"#008000\"><p class=\"basic-message-text\" style=\"color:#000000; font-size:14px; font-weight:normal;\"><\/p><\/div><div class=\"basic-overlay hide\"><div class=\"basic-vote-options\"><\/div><div class=\"basic-preloader\"><div class=\"basic-windows8\"><div class=\"basic-wBall basic-wBall_1\"><div class=\"basic-wInnerBall\"><\/div><\/div><div class=\"basic-wBall basic-wBall_2\"><div class=\"basic-wInnerBall\"><\/div><\/div><div class=\"basic-wBall basic-wBall_3\"><div class=\"basic-wInnerBall\"><\/div><\/div><div class=\"basic-wBall basic-wBall_4\"><div class=\"basic-wInnerBall\"><\/div><\/div><div class=\"basic-wBall basic-wBall_5\"><div class=\"basic-wInnerBall\"><\/div><\/div><\/div><\/div><\/div><form class=\"basic-form\" action=\"\"><input type=\"hidden\" name=\"_token\" value=\"a4e938ed59\" autocomplete=\"off\"><div class=\"basic-elements\"><div class=\"basic-element basic-question basic-question-text-vertical\" data-id=\"1\" data-uid=\"557240551802e6937101b6b3c5da1738\" data-type=\"question\" data-question-type=\"text\" data-required=\"yes\" data-allow-multiple=\"no\" data-min=\"1\" data-max=\"1\" data-display=\"vertical\" data-colnum=\"\" data-display-others=\"no\" data-others-color=\"\" data-others=\"\" data-others-max-chars=\"0\"><div class=\"basic-question-title\"><h5 style=\"color:#000000; font-size:16px; font-weight:normal; text-align:left;\">Jak du\u017cym zaufaniem darzysz polityk\u0119 i media w Niemczech?<\/h5><\/div><ul class=\"basic-answers\"><li class=\"basic-answer\" style=\"padding:0px 0px;\" data-id=\"1\" data-type=\"text\" data-vn=\"10\" data-color=\"#000000\" data-make-link=\"no\" data-link=\"\"><div class=\"basic-answer-content basic-text-vertical\"><label for=\"answer[1]\" class=\"basic-answer-label\"><input type=\"radio\" id=\"answer[1]\" name=\"answer[1]\" value=\"1\"><span class=\"basic-text\" style=\"color: #000000; font-size: 14px; font-weight: normal;\">Bardzo wysoki - w pe\u0142ni ufam oficjalnym organom<\/span><\/label><\/div><\/li><li class=\"basic-answer\" style=\"padding:0px 0px;\" data-id=\"2\" data-type=\"text\" data-vn=\"22\" data-color=\"#000000\" data-make-link=\"no\" data-link=\"\"><div class=\"basic-answer-content basic-text-vertical\"><label for=\"answer[2]\" class=\"basic-answer-label\"><input type=\"radio\" id=\"answer[2]\" name=\"answer[1]\" value=\"2\"><span class=\"basic-text\" style=\"color: #000000; font-size: 14px; font-weight: normal;\">\u015aredni - jestem ostro\u017cny, ale nie podejrzliwy.<\/span><\/label><\/div><\/li><li class=\"basic-answer\" style=\"padding:0px 0px;\" data-id=\"3\" data-type=\"text\" data-vn=\"53\" data-color=\"#000000\" data-make-link=\"no\" data-link=\"\"><div class=\"basic-answer-content basic-text-vertical\"><label for=\"answer[3]\" class=\"basic-answer-label\"><input type=\"radio\" id=\"answer[3]\" name=\"answer[1]\" value=\"3\"><span class=\"basic-text\" style=\"color: #000000; font-size: 14px; font-weight: normal;\">Niski - sam sprawdzam wiele rzeczy<\/span><\/label><\/div><\/li><li class=\"basic-answer\" style=\"padding:0px 0px;\" data-id=\"4\" data-type=\"text\" data-vn=\"251\" data-color=\"#000000\" data-make-link=\"no\" data-link=\"\"><div class=\"basic-answer-content basic-text-vertical\"><label for=\"answer[4]\" class=\"basic-answer-label\"><input type=\"radio\" id=\"answer[4]\" name=\"answer[1]\" value=\"4\"><span class=\"basic-text\" style=\"color: #000000; font-size: 14px; font-weight: normal;\">Prawie nie istnieje - uwa\u017cam, \u017ce wiele jest zawoalowanych lub zainscenizowanych.<\/span><\/label><\/div><\/li><\/ul><\/div><div class=\"clearfix\"><\/div><\/div><div class=\"basic-vote\"><a href=\"#\" class=\"button basic-vote-button\" role=\"button\" style=\"background:#027bb8; border:0px; border-style: solid; border-color:#1636f0; border-radius:5px; padding:10px 10px; color:#ffffff; font-size:14px; font-weight:normal;\">G\u0142osowanie<\/a><\/div><input type=\"hidden\" name=\"trp-form-language\" value=\"pl\"\/><\/form><\/div><\/div><\/div><\/div>\n\t\t\t\t\t\t<\/div>\n<hr \/>\n<p>Przy \u015bredniej stopie inflacji wynosz\u0105cej 8 %, USA osi\u0105gn\u0119\u0142y najwy\u017cszy poziom od pocz\u0105tku lat 80-tych. By\u0142o to spowodowane g\u0142\u00f3wnie zak\u0142\u00f3ceniami w \u0142a\u0144cuchach dostaw. W szczeg\u00f3lno\u015bci lockdowny zmusi\u0142y wiele fabryk do zamkni\u0119cia, co doprowadzi\u0142o do niepewno\u015bci w dzia\u0142alno\u015bci gospodarczej i spowodowa\u0142o straty w produkcji r\u00f3\u017cnych towar\u00f3w przemys\u0142owych.<\/p>\n<p>Kolejnym czynnikiem przyczyniaj\u0105cym si\u0119 do wy\u017cszej inflacji by\u0142y nag\u0142e zmiany w preferencjach konsument\u00f3w. W czasie pandemii wiele gospodarstw domowych ograniczy\u0142o wydatki na dobra inne ni\u017c pierwszej potrzeby. Szacuje si\u0119, \u017ce pandemia by\u0142a odpowiedzialna za spadek normalnych wydatk\u00f3w gospodarstw domowych o <a href=\"https:\/\/www.ons.gov.uk\/peoplepopulationandcommunity\/personalandhouseholdfinances\/expenditure\/articles\/morethanonefifthofusualhouseholdspendinghasbeenlargelypreventedduringlockdown\/2020-06-11\" target=\"_blank\" rel=\"noopener\"><strong>oko\u0142o jedna pi\u0105ta odpowiedzialnych<\/strong><\/a>. Po zako\u0144czeniu lockdownu nast\u0105pi\u0142 ogromny wzrost popytu na wiele nowych, typowo przemys\u0142owych produkt\u00f3w.<\/p>\n<p>Patrz\u0105c wstecz, jasne jest, \u017ce kilka wydarze\u0144 mia\u0142o wp\u0142yw w tym samym czasie: zak\u0142\u00f3cone \u0142a\u0144cuchy dostaw, interwencje rz\u0105dowe, zmiany w zachowaniu konsument\u00f3w i og\u00f3lny wysoki poziom niepewno\u015bci. To w\u0142a\u015bnie ta kombinacja by\u0142a niedoszacowana w wielu prognozach. Rozw\u00f3j inflacji w trakcie i po pandemii ilustruje zatem, jak trudno jest wiarygodnie przewidzie\u0107 dynamik\u0119 gospodarcz\u0105 w wyj\u0105tkowych warunkach.<\/p>\n<p><img loading=\"lazy\" decoding=\"async\" class=\"alignnone size-full wp-image-5884\" src=\"https:\/\/www.markus-schall.de\/wp-content\/uploads\/Pandemie-Oekonomen-Wirtschaft-Gleichgewicht.jpg\" alt=\"R\u00f3wnowaga ekonomiczna\" width=\"1024\" height=\"682\" srcset=\"https:\/\/www.markus-schall.de\/wp-content\/uploads\/Pandemie-Oekonomen-Wirtschaft-Gleichgewicht.jpg 1024w, https:\/\/www.markus-schall.de\/wp-content\/uploads\/Pandemie-Oekonomen-Wirtschaft-Gleichgewicht-300x200.jpg 300w, https:\/\/www.markus-schall.de\/wp-content\/uploads\/Pandemie-Oekonomen-Wirtschaft-Gleichgewicht-768x512.jpg 768w, https:\/\/www.markus-schall.de\/wp-content\/uploads\/Pandemie-Oekonomen-Wirtschaft-Gleichgewicht-18x12.jpg 18w\" sizes=\"auto, (max-width: 1024px) 100vw, 1024px\" \/><\/p>\n<h2>Wzrost gospodarczy<\/h2>\n<p>Je\u015bli chodzi o wzrost gospodarczy, wcze\u015bnie sta\u0142o si\u0119 jasne, jak trudno jest sporz\u0105dzi\u0107 wiarygodne prognozy w wyj\u0105tkowych warunkach. Wiele za\u0142o\u017ce\u0144 pocz\u0105tkowo wydawa\u0142o si\u0119 wiarygodnych - ale tylko cz\u0119\u015bciowo wytrzyma\u0142y one rzeczywisty rozw\u00f3j sytuacji. Chocia\u017c nie zak\u0142adano, \u017ce wzrost PKB pozostanie sta\u0142y, wielu ekonomist\u00f3w spekulowa\u0142o na temat ni\u017cszego d\u0142ugoterminowego trendu, a niekt\u00f3rzy kontrowersyjnie prognozowali gwa\u0142towny spadek, po kt\u00f3rym nast\u0105pi\u0142o szybkie o\u017cywienie.<\/p>\n<p>Obecnie wi\u0119kszo\u015b\u0107 kraj\u00f3w europejskich nadal znajduje si\u0119 poni\u017cej trend\u00f3w sprzed pandemii koronawirusa i odnotowuje wolniejszy wzrost ni\u017c przed pandemi\u0105. Jednym z nielicznych wyj\u0105tk\u00f3w pod tym wzgl\u0119dem s\u0105 Stany Zjednoczone, kt\u00f3re w przeciwie\u0144stwie do Niemiec i Kanady od pewnego czasu powr\u00f3ci\u0142y na kurs sprzed pandemii.<\/p>\n<p>W Stanach Zjednoczonych bardziej elastyczny rynek pracy znacznie u\u0142atwi\u0142 pracownikom zmian\u0119 bran\u017cy. Wy\u017csze wydatki i <a href=\"https:\/\/www.piie.com\/research\/piie-charts\/pandemic-led-consumers-spend-more-goods-less-services#:~:text=The%20pandemic%20has%20forced%20countless,data%20tell%20us%20about%202020\" target=\"_blank\" rel=\"noopener\"><strong>Inwestycje ludno\u015bci i przedsi\u0119biorstw<\/strong><\/a> wspiera\u0142y o\u017cywienie gospodarcze kraju. Ponadto Stany Zjednoczone by\u0142y mniej nara\u017cone na wstrz\u0105sy zewn\u0119trzne ni\u017c wi\u0119kszo\u015b\u0107 kraj\u00f3w europejskich. Na przyk\u0142ad Europa mocno ucierpia\u0142a w wyniku ataku na Ukrain\u0119 i zwi\u0105zanego z nim kryzysu energetycznego.<\/p>\n<p>W Stanach Zjednoczonych \u015brodki rz\u0105dowe, takie jak szerokie wsparcie finansowe w postaci zasi\u0142k\u00f3w dla bezrobotnych i pomocy dla przedsi\u0119biorstw, zapewni\u0142y znacznie szybsze o\u017cywienie gospodarcze, podczas gdy firmy w innych krajach otrzyma\u0142y znacznie mniejsze wsparcie tego rodzaju. Programy takie jak ustawa o redukcji inflacji i ustawa CHIPS, obie uchwalone w 2022 r., zapewni\u0142y wzrost w kluczowych sektorach, takich jak produkcja krajowa i zielona energia, poprzez zwi\u0119kszenie inwestycji.<\/p>\n<p>Og\u00f3lnie rzecz bior\u0105c, oczywiste jest, \u017ce o\u017cywienie gospodarcze w du\u017cym stopniu zale\u017cy od warunk\u00f3w strukturalnych: Elastyczno\u015b\u0107 rynku pracy, interwencje rz\u0105dowe i naciski zewn\u0119trzne oddzia\u0142uj\u0105 na siebie w r\u00f3\u017cny spos\u00f3b i prowadz\u0105 do znacznych rozbie\u017cno\u015bci mi\u0119dzy poszczeg\u00f3lnymi regionami. Prognozy, kt\u00f3re nie uwzgl\u0119dniaj\u0105 w wystarczaj\u0105cym stopniu tych r\u00f3\u017cnic, szybko osi\u0105gaj\u0105 swoje granice w praktyce.<\/p>\n<p>Ein kurzer Beitrag aus dem Jahr 2021 zeigt, wie die wirtschaftlichen Auswirkungen der Pandemie bereits fr\u00fch anders eingesch\u00e4tzt wurden als zun\u00e4chst angenommen.<\/p>\n<div class=\"lyte-wrapper\" style=\"width:640px;max-width:100%;margin:5px;\"><div class=\"lyMe\" id=\"WYL_za7AsS4z2Fc\"><div id=\"lyte_za7AsS4z2Fc\" data-src=\"https:\/\/www.markus-schall.de\/wp-content\/plugins\/wp-youtube-lyte\/lyteCache.php?origThumbUrl=%2F%2Fi.ytimg.com%2Fvi%2Fza7AsS4z2Fc%2Fhqdefault.jpg\" class=\"pL\"><div class=\"tC\"><div class=\"tT\"><\/div><\/div><div class=\"play\"><\/div><div class=\"ctrl\"><div class=\"Lctrl\"><\/div><div class=\"Rctrl\"><\/div><\/div><\/div><noscript><a href=\"https:\/\/youtu.be\/za7AsS4z2Fc\" rel=\"nofollow noopener\" target=\"_blank\"><img loading=\"lazy\" decoding=\"async\" src=\"https:\/\/www.markus-schall.de\/wp-content\/plugins\/wp-youtube-lyte\/lyteCache.php?origThumbUrl=https%3A%2F%2Fi.ytimg.com%2Fvi%2Fza7AsS4z2Fc%2F0.jpg\" alt=\"Miniatura wideo YouTube\" width=\"640\" height=\"340\" \/><br \/>Obejrzyj ten film na YouTube<\/a><\/noscript><\/div><\/div><div class=\"lL\" style=\"max-width:100%;width:640px;margin:5px;\"><\/div><br \/>\nCorona-Pandemie: Deutsche Wirtschaft st\u00e4rker betroffen als angenommen | <a href=\"https:\/\/www.youtube.com\/@faz\" target=\"_blank\" rel=\"nofollow noopener\">faz<\/a><\/p>\n<h2>Zmiany w produktywno\u015bci<\/h2>\n<p>Rozw\u00f3j produktywno\u015bci by\u0142 r\u00f3wnie\u017c intensywnie dyskutowany podczas pandemii. Wielu obserwator\u00f3w postrzega\u0142o kryzys nie tylko jako obci\u0105\u017cenie, ale tak\u017ce jako szans\u0119 na popraw\u0119 strukturaln\u0105 - szczeg\u00f3lnie poprzez przyspieszon\u0105 cyfryzacj\u0119.<\/p>\n<p>Ponadto wielu ekspert\u00f3w uwa\u017ca\u0142o, \u017ce pandemia COVID-19 doprowadzi do wzrostu produktywno\u015bci w firmach, poniewa\u017c zosta\u0142y one zmuszone do szybszego inwestowania w cyfryzacj\u0119. W rzeczywisto\u015bci produktywno\u015b\u0107 w drugim kwartale 2020 r. by\u0142a o 11,1 % wy\u017csza ni\u017c w czwartym kwartale 2019 r., ale by\u0142o to cz\u0119\u015bciowo spowodowane zamkni\u0119ciem sektor\u00f3w o ni\u017cszej produktywno\u015bci, takich jak handel detaliczny, co znacznie zwi\u0119kszy\u0142o udzia\u0142 sektor\u00f3w o wysokiej produktywno\u015bci, takich jak finanse i produkcja.<\/p>\n<p>Jednocze\u015bnie wzrost ten by\u0142 r\u00f3wnie\u017c nap\u0119dzany przez fakt, \u017ce pracownicy z sektor\u00f3w o niskiej produktywno\u015bci przenosili si\u0119 do sektor\u00f3w o wy\u017cszej produktywno\u015bci. Kiedy po pandemii sektor us\u0142ug zosta\u0142 ponownie otwarty, efekt ten ponownie si\u0119 zmniejszy\u0142. Wed\u0142ug analizy EBC pozytywny efekt realokacji si\u0142y roboczej w 2020 r. odpowiada\u0142 za oko\u0142o po\u0142ow\u0119 ca\u0142kowitego wzrostu produktywno\u015bci w latach 2020-2023.<\/p>\n<p>Pokazuje to, \u017ce kr\u00f3tkoterminowe wzrosty produktywno\u015bci cz\u0119sto wynikaj\u0105 z efekt\u00f3w kompozycji, a nie z rzeczywistego wzrostu wydajno\u015bci, czego wiele prognoz nie uwzgl\u0119dnia w wystarczaj\u0105cym stopniu.<\/p>\n<p>Z perspektywy czasu pokazuje to, \u017ce nie ka\u017cdy zmierzony wzrost produktywno\u015bci automatycznie wskazuje na trwa\u0142\u0105 popraw\u0119. Szczeg\u00f3lnie w wyj\u0105tkowych sytuacjach efekty statystyczne mog\u0105 dawa\u0107 zniekszta\u0142cony obraz, je\u015bli zmiany strukturalne maj\u0105 charakter tymczasowy.<\/p>\n<p><img loading=\"lazy\" decoding=\"async\" class=\"alignnone size-full wp-image-5885\" src=\"https:\/\/www.markus-schall.de\/wp-content\/uploads\/Pandemie-Oekonomen-Produktivitaet-Wachstum.jpg\" alt=\"Produktywno\u015b\u0107, wzrost i poziomy zad\u0142u\u017cenia\" width=\"1024\" height=\"682\" srcset=\"https:\/\/www.markus-schall.de\/wp-content\/uploads\/Pandemie-Oekonomen-Produktivitaet-Wachstum.jpg 1024w, https:\/\/www.markus-schall.de\/wp-content\/uploads\/Pandemie-Oekonomen-Produktivitaet-Wachstum-300x200.jpg 300w, https:\/\/www.markus-schall.de\/wp-content\/uploads\/Pandemie-Oekonomen-Produktivitaet-Wachstum-768x512.jpg 768w, https:\/\/www.markus-schall.de\/wp-content\/uploads\/Pandemie-Oekonomen-Produktivitaet-Wachstum-18x12.jpg 18w\" sizes=\"auto, (max-width: 1024px) 100vw, 1024px\" \/><\/p>\n<h2>Poziom zad\u0142u\u017cenia<\/h2>\n<p>Innym kluczowym aspektem rozwoju gospodarczego podczas pandemii by\u0142 gwa\u0142towny wzrost zad\u0142u\u017cenia w wielu krajach. Prawie \u017caden inny obszar nie by\u0142 tak intensywnie omawiany, poniewa\u017c kr\u00f3tkoterminowa stabilizacja i d\u0142ugoterminowe ryzyko znalaz\u0142y si\u0119 w bezpo\u015brednim konflikcie.<\/p>\n<p>Odby\u0142o si\u0119 wiele debat na temat rosn\u0105cego zad\u0142u\u017cenia, a przewa\u017caj\u0105ca opinia okaza\u0142a si\u0119 w du\u017cej mierze s\u0142uszna. Wiele rz\u0105d\u00f3w zaci\u0105gn\u0119\u0142o ogromne d\u0142ugi podczas pandemii, aby sfinansowa\u0107 \u015brodki finansowe maj\u0105ce na celu wsparcie gospodarki i zapobieganie dalszym za\u0142amaniom. Szacuje si\u0119, \u017ce stosunek d\u0142ugu publicznego do PKB wzr\u00f3s\u0142 z 88 % w 2019 r. do 105 % w 2020 r.<\/p>\n<p>Chocia\u017c wielu ekonomist\u00f3w tradycyjnie postrzega\u0142o wy\u017csze zad\u0142u\u017cenie jako zagro\u017cenie dla gospodarki, popularno\u015b\u0107 zyska\u0142 pogl\u0105d, \u017ce wy\u017csze zad\u0142u\u017cenie mo\u017ce by\u0107 skutecznym \u015brodkiem stabilizacji ca\u0142ych gospodarek. Kraje Azji Wschodniej i Pacyfiku zosta\u0142y szczeg\u00f3lnie dotkni\u0119te z powodu wcze\u015bniejszych wysokich poziom\u00f3w zad\u0142u\u017cenia, ze wzrostem o 26 punkt\u00f3w procentowych PKB. Inne regiony zosta\u0142y dodatkowo dotkni\u0119te przez ograniczony dost\u0119p do rynk\u00f3w krajowych, co zmusi\u0142o rz\u0105dy do zaci\u0105gania po\u017cyczek za granic\u0105, a tak\u017ce przez spadki produkcji i przychod\u00f3w, w szczeg\u00f3lno\u015bci w wi\u0119kszo\u015bci gospodarek rozwini\u0119tych i na Bliskim Wschodzie.<\/p>\n<p>Niekt\u00f3re kraje w Afryce odnotowa\u0142y znaczny wzrost zad\u0142u\u017cenia, g\u0142\u00f3wnie ze wzgl\u0119du na ich du\u017c\u0105 zale\u017cno\u015b\u0107 od pomocy mi\u0119dzynarodowej i ograniczon\u0105 przestrze\u0144 fiskaln\u0105. Na przyk\u0142ad wysoki poziom zad\u0142u\u017cenia Sierra Leone, kt\u00f3ry pierwotnie by\u0142 spowodowany kryzysem zwi\u0105zanym z wirusem Ebola w 2014 i 2015 r., nadal znacznie wzrasta\u0142 z powodu zaci\u0105gania po\u017cyczek podczas pandemii COVID, co doprowadzi\u0142o do znacznych ci\u0119\u0107 w wydatkach publicznych.<\/p>\n<p>Chocia\u017c Europa nie ucierpia\u0142a tak bardzo jak wiele innych region\u00f3w, pandemia spowodowa\u0142a jednak znaczne szkody gospodarcze i wysoki poziom zad\u0142u\u017cenia i prawdopodobnie nadal b\u0119dzie ogranicza\u0107 wydatki socjalne i inwestycje sektora prywatnego.<\/p>\n<p>Og\u00f3lnie rzecz bior\u0105c, jasne jest, \u017ce d\u0142ug publiczny mo\u017ce by\u0107 niezb\u0119dnym instrumentem zapewniaj\u0105cym stabilno\u015b\u0107 gospodarcz\u0105 w czasach kryzysu. Jednocze\u015bnie d\u0142ugoterminowe konsekwencje tego rozwoju pozostaj\u0105 trudne do oszacowania i b\u0119d\u0105 charakteryzowa\u0107 zakres polityki fiskalnej wielu kraj\u00f3w w nadchodz\u0105cych latach.<\/p>\n<div style=\"overflow-x: auto;\">\n<table style=\"width: 100%; border-collapse: collapse;\">\n<tbody>\n<tr style=\"background-color: #f2f2f2;\">\n<th style=\"border: 1px solid #ccc; padding: 8px; text-align: left;\">Zasi\u0119g<\/th>\n<th style=\"border: 1px solid #ccc; padding: 8px; text-align: left;\">Oczekiwania wielu ekonomist\u00f3w<\/th>\n<th style=\"border: 1px solid #ccc; padding: 8px; text-align: left;\">Rzeczywisty rozw\u00f3j i nauczanie<\/th>\n<\/tr>\n<tr>\n<td style=\"border: 1px solid #ccc; padding: 8px;\"><strong>Inflacja<\/strong><\/td>\n<td style=\"border: 1px solid #ccc; padding: 8px;\">Wielu ekspert\u00f3w spodziewa\u0142o si\u0119 niskiej inflacji lub nawet deflacji, poniewa\u017c bezrobocie i niepewno\u015b\u0107 powinny t\u0142umi\u0107 popyt.<\/td>\n<td style=\"border: 1px solid #ccc; padding: 8px;\">Zak\u0142\u00f3cenia w \u0142a\u0144cuchach dostaw, zmiany w zachowaniach konsument\u00f3w i \u015brodki rz\u0105dowe doprowadzi\u0142y do gwa\u0142townych podwy\u017cek cen. Wniosek: w\u0105skie gard\u0142a w dostawach mog\u0105 szybko obali\u0107 prognozy.<\/td>\n<\/tr>\n<tr>\n<td style=\"border: 1px solid #ccc; padding: 8px;\"><strong>Wzrost gospodarczy<\/strong><\/td>\n<td style=\"border: 1px solid #ccc; padding: 8px;\">Wiele prognoz przewidywa\u0142o znaczny spadek i niepewne, w niekt\u00f3rych przypadkach s\u0142absze o\u017cywienie w d\u0142u\u017cszej perspektywie.<\/td>\n<td style=\"border: 1px solid #ccc; padding: 8px;\">O\u017cywienie r\u00f3\u017cni\u0142o si\u0119 znacznie w zale\u017cno\u015bci od regionu. USA powr\u00f3ci\u0142y szybciej ni\u017c wiele kraj\u00f3w europejskich. Wniosek: rynek pracy, zale\u017cno\u015b\u0107 energetyczna i wsparcie rz\u0105dowe maj\u0105 kluczowe znaczenie.<\/td>\n<\/tr>\n<tr>\n<td style=\"border: 1px solid #ccc; padding: 8px;\"><strong>Wydajno\u015b\u0107<\/strong><\/td>\n<td style=\"border: 1px solid #ccc; padding: 8px;\">Niekt\u00f3rzy eksperci oczekiwali, \u017ce cyfryzacja i nowe formy pracy doprowadz\u0105 do trwa\u0142ego wzrostu produktywno\u015bci.<\/td>\n<td style=\"border: 1px solid #ccc; padding: 8px;\">Cz\u0119\u015b\u0107 wzrostu by\u0142a spowodowana efektem kompozycji, na przyk\u0142ad z powodu zamkni\u0119tych sektor\u00f3w o ni\u017cszej produktywno\u015bci. Wniosek: nie ka\u017cdy zmierzony wzrost jest prawdziwym post\u0119pem.<\/td>\n<\/tr>\n<tr>\n<td style=\"border: 1px solid #ccc; padding: 8px;\"><strong>D\u0142ug publiczny<\/strong><\/td>\n<td style=\"border: 1px solid #ccc; padding: 8px;\">Wielu ekonomist\u00f3w spodziewa\u0142o si\u0119 znacznego wzrostu zad\u0142u\u017cenia w wyniku szeroko zakrojonych program\u00f3w pomocowych.<\/td>\n<td style=\"border: 1px solid #ccc; padding: 8px;\">Ocena ta zosta\u0142a w du\u017cej mierze potwierdzona. Lekcja: zad\u0142u\u017cenie mo\u017ce ustabilizowa\u0107 si\u0119 w czasie kryzysu, ale ogranicza zakres polityki fiskalnej w d\u0142u\u017cszej perspektywie.<\/td>\n<\/tr>\n<\/tbody>\n<\/table>\n<\/div>\n<h2>Wa\u017cne ustalenia<\/h2>\n<p>Podsumowuj\u0105c, mo\u017cna powiedzie\u0107, \u017ce wiele prognoz ekonomicznych podczas pandemii by\u0142o tylko cz\u0119\u015bciowo trafnych. Chocia\u017c poszczeg\u00f3lne za\u0142o\u017cenia nie by\u0142y zasadniczo b\u0142\u0119dne, jednoczesny wp\u0142yw kilku czynnik\u00f3w by\u0142 cz\u0119sto niedoceniany. Jest to w\u0142a\u015bnie jedna z kluczowych lekcji tego okresu.<\/p>\n<p>Zar\u00f3wno inflacja, wzrost gospodarczy, jak i produktywno\u015b\u0107 pokaza\u0142y, \u017ce zmiany gospodarcze rzadko wyst\u0119puj\u0105 w izolacji. Problemy z \u0142a\u0144cuchem dostaw, interwencje rz\u0105dowe, zmiany w zachowaniach konsument\u00f3w i r\u00f3\u017cnice strukturalne mi\u0119dzy gospodarkami krajowymi oddzia\u0142ywa\u0142y na siebie i prowadzi\u0142y do wynik\u00f3w, kt\u00f3re trudno by\u0142o przewidzie\u0107 w tej formie. Sta\u0142o si\u0119 to szczeg\u00f3lnie wyra\u017ane w przypadku inflacji, kt\u00f3rej dynamiki wiele modeli nie by\u0142o w stanie zobrazowa\u0107.<\/p>\n<p>Widoczny sta\u0142 si\u0119 r\u00f3wnie\u017c zakres, w jakim instytucjonalne warunki ramowe odgrywaj\u0105 rol\u0119 we wzro\u015bcie gospodarczym. Kraje o bardziej elastycznych rynkach pracy i szeroko zakrojonych \u015brodkach wsparcia ze strony pa\u0144stwa by\u0142y w stanie odzyska\u0107 r\u00f3wnowag\u0119 szybciej ni\u017c inne. Jednocze\u015bnie rozw\u00f3j produktywno\u015bci pokaza\u0142, \u017ce kr\u00f3tkoterminowe efekty s\u0105 cz\u0119sto przeceniane, je\u015bli opieraj\u0105 si\u0119 na zmianach statystycznych, a nie na trwa\u0142ej poprawie.<\/p>\n<p>Rosn\u0105cy d\u0142ug publiczny z kolei podkre\u015bla napi\u0119cie mi\u0119dzy kr\u00f3tkoterminow\u0105 stabilizacj\u0105 a d\u0142ugoterminow\u0105 stabilno\u015bci\u0105. Chocia\u017c by\u0142 to wa\u017cny instrument podczas kryzysu, jego przysz\u0142y wp\u0142yw pozostaje niepewny i b\u0119dzie towarzyszy\u0142 wielu gospodarkom przez wiele lat.<br \/>\nOg\u00f3lnie rzecz bior\u0105c, pandemia jasno pokazuje, \u017ce prognozy ekonomiczne osi\u0105gaj\u0105 swoje granice w czasach g\u0142\u0119bokich wstrz\u0105s\u00f3w. Podkre\u015bla znaczenie uwzgl\u0119dniania r\u00f3\u017cnych scenariuszy i rozumienia niepewno\u015bci nie jako wyj\u0105tku, ale jako integralnej cz\u0119\u015bci rzeczywisto\u015bci gospodarczej.<\/p>\n<h3>Spojrzenie wstecz: od czego wszystko si\u0119 zacz\u0119\u0142o<\/h3>\n<p><a href=\"https:\/\/www.markus-schall.de\/pl\/2025\/11\/skad-pochodzi-sars-cov-2-rzeczowy-przeglad-wszystkich-teorii-koronawirusa\/\"><img loading=\"lazy\" decoding=\"async\" class=\"alignright wp-image-3527 size-medium\" src=\"https:\/\/www.markus-schall.de\/wp-content\/uploads\/sars-covii-corona-300x213.jpg\" alt=\"SARS-CoV-2 - Corona\" width=\"300\" height=\"213\" srcset=\"https:\/\/www.markus-schall.de\/wp-content\/uploads\/sars-covii-corona-300x213.jpg 300w, https:\/\/www.markus-schall.de\/wp-content\/uploads\/sars-covii-corona-768x546.jpg 768w, https:\/\/www.markus-schall.de\/wp-content\/uploads\/sars-covii-corona-18x12.jpg 18w, https:\/\/www.markus-schall.de\/wp-content\/uploads\/sars-covii-corona.jpg 1024w\" sizes=\"auto, (max-width: 300px) 100vw, 300px\" \/><\/a>Je\u015bli chcesz zrozumie\u0107 ekonomiczne konsekwencje pandemii, nie da si\u0119 obej\u015b\u0107 jednego fundamentalnego pytania: <a href=\"https:\/\/www.markus-schall.de\/pl\/2025\/11\/skad-pochodzi-sars-cov-2-rzeczowy-przeglad-wszystkich-teorii-koronawirusa\/\"><strong>Jak to wszystko si\u0119 zacz\u0119\u0142o?<\/strong><\/a> Podczas gdy niniejszy artyku\u0142 dotyczy wp\u0142ywu na inflacj\u0119, wzrost i prognozy gospodarcze, warto przyjrze\u0107 si\u0119 \u017ar\u00f3d\u0142om samego wirusa. Osobny artyku\u0142 dotyczy w\u0142a\u015bnie tej kwestii - obiektywnie, spokojnie i bez wyci\u0105gania pochopnych wniosk\u00f3w. Por\u00f3wnuje on r\u00f3\u017cne teorie na temat pochodzenia SARS-CoV-2, od pochodzenia naturalnego po hipotezy laboratoryjne, bez uprzedze\u0144 do \u017cadnej z nich. Celem jest zapewnienie orientacji i podstawy do dokonania w\u0142asnej oceny. W\u0142a\u015bnie dlatego, \u017ce pierwsze miesi\u0105ce pandemii mia\u0142y tak du\u017cy wp\u0142yw na rozw\u00f3j sytuacji gospodarczej, niniejszy przegl\u0105d pomaga lepiej zrozumie\u0107 og\u00f3lny obraz sytuacji. Ka\u017cdy, kto zastanawia si\u0119, w jaki spos\u00f3b lokalny raport zdrowotny przekszta\u0142ci\u0142 si\u0119 w globalny kryzys, znajdzie tu dobrze uzasadnion\u0105 kategoryzacj\u0119.<\/p>\n<h2>\u0179r\u00f3d\u0142a wykorzystane w artykule<\/h2>\n<div class=\"quellenblock\">\n<ul>\n<li><strong><a href=\"https:\/\/economicsnetwork.ac.uk\/research\/understandingecon\" target=\"_blank\" rel=\"noopener noreferrer\">Sie\u0107 ekonomiczna<\/a><\/strong>Wk\u0142ad w publiczne postrzeganie o\u015bwiadcze\u0144 gospodarczych i zaufanie do prognoz gospodarczych.<\/li>\n<li><strong><a href=\"https:\/\/www.piie.com\/blogs\/realtime-economic-issues-watch\/high-inflation-unlikely-not-impossible-advanced-economies\" target=\"_blank\" rel=\"noopener noreferrer\">Peterson Institute for International Economics - Olivier Blanchard<\/a><\/strong>Analiza z 2020 r. dotycz\u0105ca tego, dlaczego wysoka inflacja w gospodarkach rozwini\u0119tych zosta\u0142a uznana za ma\u0142o prawdopodobn\u0105, ale nie niemo\u017cliw\u0105.<\/li>\n<li><strong><a href=\"https:\/\/www.ons.gov.uk\/peoplepopulationandcommunity\/personalandhouseholdfinances\/expenditure\/articles\/morethanonefifthofusualhouseholdspendinghasbeenlargelypreventedduringlockdown\/2020-06-11\" target=\"_blank\" rel=\"noopener noreferrer\">Urz\u0105d Statystyczny<\/a><\/strong>Badanie wp\u0142ywu lockdownu na wydatki gospodarstw domowych i zachowania konsument\u00f3w podczas pandemii.<\/li>\n<li><strong><a href=\"https:\/\/www.piie.com\/research\/piie-charts\/pandemic-led-consumers-spend-more-goods-less-services\" target=\"_blank\" rel=\"noopener noreferrer\">Peterson Institute for International Economics<\/a><\/strong>Ilustracja tego, jak pandemia przesun\u0119\u0142a wydatki konsument\u00f3w z us\u0142ug na towary.<\/li>\n<\/ul>\n<\/div>\n<hr \/>\n\n\t\t\t<div class=\"display-post-types\">\n\n\t\t\t\t\t\t\t<style type=\"text\/css\">\n\t\t\t#dpt-wrapper-484 { --dpt-text-align: left;--dpt-image-crop: center;--dpt-border-radius: 5px;--dpt-h-gutter: 10px;--dpt-v-gutter: 9px; }\t\t\t<\/style>\n\t\t\t<style type=\"text\/css\">#dpt-wrapper-484 { --dpt-title-font-style:normal;--dpt-title-font-weight:600;--dpt-title-line-height:1.5;--dpt-title-text-decoration:none;--dpt-title-text-transform:none;--dpt-excerpt-font-style:normal;--dpt-excerpt-font-weight:400;--dpt-excerpt-line-height:1.5;--dpt-excerpt-text-decoration:none;--dpt-excerpt-text-transform:none;--dpt-meta1-font-style:normal;--dpt-meta1-font-weight:400;--dpt-meta1-line-height:1.9;--dpt-meta1-text-decoration:none;--dpt-meta1-text-transform:none;--dpt-meta2-font-style:normal;--dpt-meta2-font-weight:400;--dpt-meta2-line-height:1.9;--dpt-meta2-text-decoration:none;--dpt-meta2-text-transform:none; }<\/style><div class=\"dpt-main-header\">\n\t\t\t\t\t\t<div class=\"dpt-main-title\">\n\t\t\t\t\t\t\t<span class=\"dpt-main-title-text\">Kwestie spo\u0142eczne tera\u017aniejszo\u015bci<\/span>\n\t\t\t\t\t\t<\/div>\n\t\t\t\t\t\t\n\t\t\t\t\t\t\n\t\t\t\t\t\t\n\t\t\t\t\t\t<\/div>\t\t\t\n\t\t\t\t<div id=\"dpt-wrapper-484\" class=\"dpt-wrapper dpt-mag1 land1 dpt-cropped dpt-flex-wrap\" >\n\n\t\t\t\t\t\t\t\t\t\t\t<div class=\"dpt-entry has-thumbnail\" data-title=\"warum ein eigenes magazin f\u00fcr unternehmen heute wichtiger ist als werbung\" data-id=\"4476\"  data-category=\"gesellschaft ki-systeme tipps &amp; anleitungen\" data-post_tag=\"datenlogik datenschutz digitales eigentum k\u00fcnstliche intelligenz ratgeber\">\n\t\t\t\t\t\t\t<div class=\"dpt-entry-wrapper\"><div class=\"dpt-featured-content\"><div class=\"dpt-permalink\"><a href=\"https:\/\/www.markus-schall.de\/pl\/2026\/01\/dlaczego-magazyn-firmowy-jest-dzis-wazniejszy-niz-reklama\/\" class=\"dpt-permalink\"><span class=\"screen-reader-text\">Dlaczego posiadanie w\u0142asnego magazynu jest dzi\u015b dla firm wa\u017cniejsze ni\u017c reklama?<\/span><\/a><\/div><div class=\"dpt-thumbnail\"><div class=\"dpt-thumbnail-inner\"><img width=\"1024\" height=\"683\" class=\"attachment-full size-full\" alt=\"Magazyn jako w\u0142asno\u015b\u0107\" context=\"dpt\" data-dpt-src=\"https:\/\/www.markus-schall.de\/wp-content\/uploads\/magazin-gastbeitraege.jpg\" data-dpt-sizes=\"(max-width: 1024px) 100vw, 1024px\" data-dpt-srcset=\"https:\/\/www.markus-schall.de\/wp-content\/uploads\/magazin-gastbeitraege.jpg 1024w, https:\/\/www.markus-schall.de\/wp-content\/uploads\/magazin-gastbeitraege-300x200.jpg 300w, https:\/\/www.markus-schall.de\/wp-content\/uploads\/magazin-gastbeitraege-768x512.jpg 768w, https:\/\/www.markus-schall.de\/wp-content\/uploads\/magazin-gastbeitraege-18x12.jpg 18w\" \/><\/div><span class=\"dpt-thumbnail-aspect-ratio\" style=\"padding-top: 75%\"><\/span><\/div><\/div><div class=\"sub-entry\"><h3 class=\"dpt-title\"><a class=\"dpt-title-link\" href=\"https:\/\/www.markus-schall.de\/pl\/2026\/01\/dlaczego-magazyn-firmowy-jest-dzis-wazniejszy-niz-reklama\/\" rel=\"bookmark\">Dlaczego posiadanie w\u0142asnego magazynu jest dzi\u015b dla firm wa\u017cniejsze ni\u017c reklama?<\/a><\/h3><\/div><\/div>\n\t\t\t\t\t\t<\/div><!-- .dpt-entry -->\n\t\t\t\t\t\t\t\t\t\t\t\t<div class=\"dpt-entry has-thumbnail\" data-title=\"die neuen eu-zensurgesetze: was chatcontrol, dsa, emfa und der ai act bedeuten\" data-id=\"3586\"  data-category=\"allgemein gesellschaft ki-systeme\" data-post_tag=\"datenschutz digitales eigentum eu-gesetze europa k\u00fcnstliche intelligenz llm meinungsfreiheit spieltheorie sprachmodell\">\n\t\t\t\t\t\t\t<div class=\"dpt-entry-wrapper\"><div class=\"dpt-featured-content\"><div class=\"dpt-permalink\"><a href=\"https:\/\/www.markus-schall.de\/pl\/2025\/11\/nowe-przepisy-ue-dotyczace-cenzury-co-oznaczaja-chatcontrol-dsa-emfa-i-ustawa-o-ai\/\" class=\"dpt-permalink\"><span class=\"screen-reader-text\">Nowe unijne przepisy dotycz\u0105ce cenzury: Co oznaczaj\u0105 Chatcontrol, DSA, EMFA i ustawa o sztucznej inteligencji?<\/span><\/a><\/div><div class=\"dpt-thumbnail\"><div class=\"dpt-thumbnail-inner\"><img width=\"1024\" height=\"683\" class=\"attachment-full size-full\" alt=\"Unijne przepisy dotycz\u0105ce cenzury\" context=\"dpt\" data-dpt-src=\"https:\/\/www.markus-schall.de\/wp-content\/uploads\/eu-zensurgesetze.jpg\" data-dpt-sizes=\"(max-width: 1024px) 100vw, 1024px\" data-dpt-srcset=\"https:\/\/www.markus-schall.de\/wp-content\/uploads\/eu-zensurgesetze.jpg 1024w, https:\/\/www.markus-schall.de\/wp-content\/uploads\/eu-zensurgesetze-300x200.jpg 300w, https:\/\/www.markus-schall.de\/wp-content\/uploads\/eu-zensurgesetze-768x512.jpg 768w, https:\/\/www.markus-schall.de\/wp-content\/uploads\/eu-zensurgesetze-18x12.jpg 18w\" \/><\/div><span class=\"dpt-thumbnail-aspect-ratio\" style=\"padding-top: 75%\"><\/span><\/div><\/div><div class=\"sub-entry\"><h3 class=\"dpt-title\"><a class=\"dpt-title-link\" href=\"https:\/\/www.markus-schall.de\/pl\/2025\/11\/nowe-przepisy-ue-dotyczace-cenzury-co-oznaczaja-chatcontrol-dsa-emfa-i-ustawa-o-ai\/\" rel=\"bookmark\">Nowe unijne przepisy dotycz\u0105ce cenzury: Co oznaczaj\u0105 Chatcontrol, DSA, EMFA i ustawa o sztucznej inteligencji?<\/a><\/h3><\/div><\/div>\n\t\t\t\t\t\t<\/div><!-- .dpt-entry -->\n\t\t\t\t\t\t\t\t\t\t\t\t<div class=\"dpt-entry has-thumbnail\" data-title=\"wie tiere zeit wahrnehmen \u2013 und was das f\u00fcr die zukunft der ki bedeutet\" data-id=\"4918\"  data-category=\"allgemein gesellschaft ki-systeme\" data-post_tag=\"denkmodelle erfahrungen k\u00fcnstliche intelligenz llm portrait prozesse sprachmodell\">\n\t\t\t\t\t\t\t<div class=\"dpt-entry-wrapper\"><div class=\"dpt-featured-content\"><div class=\"dpt-permalink\"><a href=\"https:\/\/www.markus-schall.de\/pl\/2026\/02\/jak-zwierzeta-postrzegaja-czas-i-co-to-oznacza-dla-przyszlosci-ki\/\" class=\"dpt-permalink\"><span class=\"screen-reader-text\">Jak zwierz\u0119ta postrzegaj\u0105 czas - i co to oznacza dla przysz\u0142o\u015bci sztucznej inteligencji?<\/span><\/a><\/div><div class=\"dpt-thumbnail\"><div class=\"dpt-thumbnail-inner\"><img width=\"1024\" height=\"683\" class=\"attachment-full size-full\" alt=\"Zwierz\u0119ta, sztuczna inteligencja i postrzeganie czasu\" context=\"dpt\" data-dpt-src=\"https:\/\/www.markus-schall.de\/wp-content\/uploads\/Tiere-KI-Zeitwahrnehmung.jpg\" data-dpt-sizes=\"(max-width: 1024px) 100vw, 1024px\" data-dpt-srcset=\"https:\/\/www.markus-schall.de\/wp-content\/uploads\/Tiere-KI-Zeitwahrnehmung.jpg 1024w, https:\/\/www.markus-schall.de\/wp-content\/uploads\/Tiere-KI-Zeitwahrnehmung-300x200.jpg 300w, https:\/\/www.markus-schall.de\/wp-content\/uploads\/Tiere-KI-Zeitwahrnehmung-768x512.jpg 768w, https:\/\/www.markus-schall.de\/wp-content\/uploads\/Tiere-KI-Zeitwahrnehmung-18x12.jpg 18w\" \/><\/div><span class=\"dpt-thumbnail-aspect-ratio\" style=\"padding-top: 75%\"><\/span><\/div><\/div><div class=\"sub-entry\"><h3 class=\"dpt-title\"><a class=\"dpt-title-link\" href=\"https:\/\/www.markus-schall.de\/pl\/2026\/02\/jak-zwierzeta-postrzegaja-czas-i-co-to-oznacza-dla-przyszlosci-ki\/\" rel=\"bookmark\">Jak zwierz\u0119ta postrzegaj\u0105 czas - i co to oznacza dla przysz\u0142o\u015bci sztucznej inteligencji?<\/a><\/h3><\/div><\/div>\n\t\t\t\t\t\t<\/div><!-- .dpt-entry -->\n\t\t\t\t\t\t\t\t\t\t\t\t<div class=\"dpt-entry has-thumbnail\" data-title=\"die digitale id der eu: verkn\u00fcpfung, kontrolle und risiken im alltag\" data-id=\"3486\"  data-category=\"allgemein gesellschaft tipps &amp; anleitungen\" data-post_tag=\"datenschutz eu-gesetze europa prozesse ratgeber\">\n\t\t\t\t\t\t\t<div class=\"dpt-entry-wrapper\"><div class=\"dpt-featured-content\"><div class=\"dpt-permalink\"><a href=\"https:\/\/www.markus-schall.de\/pl\/2025\/11\/cyfrowy-identyfikator-ue-laczacy-kontrole-i-ryzyko-w-zyciu-codziennym\/\" class=\"dpt-permalink\"><span class=\"screen-reader-text\">Cyfrowy identyfikator UE: \u0142\u0105czenie, kontrola i ryzyko w \u017cyciu codziennym<\/span><\/a><\/div><div class=\"dpt-thumbnail\"><div class=\"dpt-thumbnail-inner\"><img width=\"1024\" height=\"683\" class=\"attachment-full size-full\" alt=\"Cyfrowy identyfikator UE\" context=\"dpt\" data-dpt-src=\"https:\/\/www.markus-schall.de\/wp-content\/uploads\/Digitale-ID-der-EU.jpg\" data-dpt-sizes=\"(max-width: 1024px) 100vw, 1024px\" data-dpt-srcset=\"https:\/\/www.markus-schall.de\/wp-content\/uploads\/Digitale-ID-der-EU.jpg 1024w, https:\/\/www.markus-schall.de\/wp-content\/uploads\/Digitale-ID-der-EU-300x200.jpg 300w, https:\/\/www.markus-schall.de\/wp-content\/uploads\/Digitale-ID-der-EU-768x512.jpg 768w, https:\/\/www.markus-schall.de\/wp-content\/uploads\/Digitale-ID-der-EU-18x12.jpg 18w\" \/><\/div><span class=\"dpt-thumbnail-aspect-ratio\" style=\"padding-top: 75%\"><\/span><\/div><\/div><div class=\"sub-entry\"><h3 class=\"dpt-title\"><a class=\"dpt-title-link\" href=\"https:\/\/www.markus-schall.de\/pl\/2025\/11\/cyfrowy-identyfikator-ue-laczacy-kontrole-i-ryzyko-w-zyciu-codziennym\/\" rel=\"bookmark\">Cyfrowy identyfikator UE: \u0142\u0105czenie, kontrola i ryzyko w \u017cyciu codziennym<\/a><\/h3><\/div><\/div>\n\t\t\t\t\t\t<\/div><!-- .dpt-entry -->\n\t\t\t\t\t\t\n\t\t\t\t<\/div>\n\t\t\t\t\t\t<\/div>\n\t\t\t\n<hr \/>\n<h2>Cz\u0119sto zadawane pytania<\/h2>\n<ol>\n<li><strong>Co sprawi\u0142o, \u017ce pandemia sta\u0142a si\u0119 tak niewiarygodna dla prognoz ekonomicznych?<\/strong><br \/>\nPandemia po\u0142\u0105czy\u0142a kilka niezwyk\u0142ych czynnik\u00f3w jednocze\u015bnie - od zak\u0142\u00f3ce\u0144 w globalnym \u0142a\u0144cuchu dostaw po interwencje rz\u0105dowe i zmiany w zachowaniach konsument\u00f3w. Ta kombinacja nie zosta\u0142a w wystarczaj\u0105cym stopniu uwzgl\u0119dniona w wielu modelach.<\/li>\n<li><strong>Dlaczego wielu ekonomist\u00f3w myli\u0142o si\u0119 co do inflacji?<\/strong><br \/>\nWiele os\u00f3b zak\u0142ada\u0142o, \u017ce wysokie bezrobocie i ostro\u017cne zachowania konsument\u00f3w utrzymaj\u0105 ceny na stabilnym poziomie. Jednak rzeczywiste w\u0105skie gard\u0142a w produkcji i logistyce doprowadzi\u0142y do gwa\u0142townego wzrostu cen.<\/li>\n<li><strong>Jak\u0105 rol\u0119 w inflacji odegra\u0142y \u0142a\u0144cuchy dostaw?<\/strong><br \/>\nBy\u0142y one decyduj\u0105cym czynnikiem. Przestoje w produkcji i problemy z transportem doprowadzi\u0142y do w\u0105skich garde\u0142 w dostawach, co spowodowa\u0142o znaczny wzrost cen w wielu obszarach.<\/li>\n<li><strong>Dlaczego inflacja rozwin\u0119\u0142a si\u0119 tak odmiennie od oczekiwa\u0144?<\/strong><br \/>\nPoniewa\u017c kilka czynnik\u00f3w dzia\u0142a\u0142o jednocze\u015bnie, w tym rz\u0105dowe programy pomocowe, efekty nadrabiania zaleg\u0142o\u015bci w konsumpcji i globalne zak\u0142\u00f3cenia - po\u0142\u0105czenie, kt\u00f3re rzadko wyst\u0119puje w tej formie.<\/li>\n<li><strong>Dlaczego USA by\u0142y w stanie odbudowa\u0107 si\u0119 szybciej ni\u017c wiele kraj\u00f3w europejskich?<\/strong><br \/>\nStany Zjednoczone skorzysta\u0142y z bardziej elastycznego rynku pracy, szeroko zakrojonych rz\u0105dowych \u015brodk\u00f3w wsparcia i mniejszej zale\u017cno\u015bci od zewn\u0119trznych wstrz\u0105s\u00f3w, takich jak kryzys energetyczny w Europie.<\/li>\n<li><strong>Jak wa\u017cny jest rynek pracy dla wzrostu gospodarczego?<\/strong><br \/>\nElastyczny rynek pracy umo\u017cliwia szybsze reagowanie na zmiany. Pracownicy mog\u0105 \u0142atwiej przechodzi\u0107 do rozwijaj\u0105cych si\u0119 sektor\u00f3w, co przyspiesza o\u017cywienie gospodarcze.<\/li>\n<li><strong>Dlaczego produktywno\u015b\u0107 zosta\u0142a cz\u0119\u015bciowo przeszacowana podczas pandemii?<\/strong><br \/>\nCz\u0119\u015b\u0107 wzrostu wynika\u0142a z efekt\u00f3w statystycznych, takich jak zamkni\u0119cie mniej produktywnych sektor\u00f3w. Sprawi\u0142o to, \u017ce og\u00f3lna produktywno\u015b\u0107 wydawa\u0142a si\u0119 wy\u017csza ni\u017c w rzeczywisto\u015bci.<\/li>\n<li><strong>Czym s\u0105 tak zwane efekty kompozycji w produktywno\u015bci?<\/strong><br \/>\nZmienia to struktur\u0119 gospodarki tak, \u017ce bardziej produktywne sektory staj\u0105 si\u0119 wa\u017cniejsze. Zwi\u0119ksza to mierzon\u0105 produktywno\u015b\u0107 bez rzeczywistego wzrostu wydajno\u015bci.<\/li>\n<li><strong>Czy cyfryzacja trwale poprawi\u0142a produktywno\u015b\u0107?<\/strong><br \/>\nCz\u0119\u015bciowo tak, ale wiele efekt\u00f3w by\u0142o kr\u00f3tkoterminowych. D\u0142ugoterminowa poprawa zale\u017cy od tego, jak trwale zintegrowane zostan\u0105 nowe metody pracy i technologie.<\/li>\n<li><strong>Dlaczego d\u0142ug publiczny wzr\u00f3s\u0142 tak gwa\u0142townie?<\/strong><br \/>\nRz\u0105dy musia\u0142y sfinansowa\u0107 szeroko zakrojone programy pomocowe, aby wesprze\u0107 firmy, zapewni\u0107 miejsca pracy i z\u0142agodzi\u0107 za\u0142amania gospodarcze.<\/li>\n<li><strong>Czy wysoki poziom d\u0142ugu publicznego jest zasadniczo problematyczny?<\/strong><br \/>\nMo\u017ce to wi\u0105za\u0107 si\u0119 z ryzykiem w d\u0142u\u017cszej perspektywie, ale cz\u0119sto jest konieczne w czasach kryzysu, aby unikn\u0105\u0107 powa\u017cnych szk\u00f3d gospodarczych.<\/li>\n<li><strong>Kt\u00f3re kraje szczeg\u00f3lnie ucierpia\u0142y z powodu rosn\u0105cego zad\u0142u\u017cenia?<\/strong><br \/>\nW szczeg\u00f3lno\u015bci kraje o ju\u017c wysokim poziomie zad\u0142u\u017cenia lub ograniczonym dost\u0119pie do rynk\u00f3w kapita\u0142owych, takie jak cz\u0119\u015bci Afryki lub Azji Wschodniej.<\/li>\n<li><strong>Jakie d\u0142ugoterminowe konsekwencje mo\u017ce mie\u0107 zad\u0142u\u017cenie?<\/strong><br \/>\nMo\u017ce to ograniczy\u0107 przysz\u0142e inwestycje, doprowadzi\u0107 do wprowadzenia \u015brodk\u00f3w oszcz\u0119dno\u015bciowych lub zmniejszy\u0107 pole manewru rz\u0105d\u00f3w.<\/li>\n<li><strong>Jaka jest najwa\u017cniejsza lekcja, kt\u00f3r\u0105 nale\u017cy wyci\u0105gn\u0105\u0107 z b\u0142\u0119dnych ocen pandemii?<\/strong><br \/>\nRozw\u00f3j gospodarczy jest bardziej z\u0142o\u017cony, ni\u017c wiele modeli jest w stanie przedstawi\u0107, zw\u0142aszcza w czasach kryzysu, gdy kilka czynnik\u00f3w dzia\u0142a jednocze\u015bnie.<\/li>\n<li><strong>Jak nale\u017cy poprawi\u0107 prognozy gospodarcze w przysz\u0142o\u015bci?<\/strong><br \/>\nWi\u0119ksze uwzgl\u0119dnienie niepewno\u015bci, alternatywnych scenariuszy i wi\u0119ksza otwarto\u015b\u0107 na r\u00f3\u017cne zmiany zamiast zbyt sztywnych za\u0142o\u017ce\u0144.<\/li>\n<\/ol>\n<hr \/>\n\n\t\t\t<div class=\"display-post-types\">\n\n\t\t\t\t\t\t\t<style type=\"text\/css\">\n\t\t\t#dpt-wrapper-485 { --dpt-text-align: left;--dpt-image-crop: center;--dpt-border-radius: 5px;--dpt-h-gutter: 10px;--dpt-v-gutter: 9px; }\t\t\t<\/style>\n\t\t\t<style type=\"text\/css\">#dpt-wrapper-485 { --dpt-title-font-style:normal;--dpt-title-font-weight:600;--dpt-title-line-height:1.5;--dpt-title-text-decoration:none;--dpt-title-text-transform:none;--dpt-excerpt-font-style:normal;--dpt-excerpt-font-weight:400;--dpt-excerpt-line-height:1.5;--dpt-excerpt-text-decoration:none;--dpt-excerpt-text-transform:none;--dpt-meta1-font-style:normal;--dpt-meta1-font-weight:400;--dpt-meta1-line-height:1.9;--dpt-meta1-text-decoration:none;--dpt-meta1-text-transform:none;--dpt-meta2-font-style:normal;--dpt-meta2-font-weight:400;--dpt-meta2-line-height:1.9;--dpt-meta2-text-decoration:none;--dpt-meta2-text-transform:none; }<\/style><div class=\"dpt-main-header\">\n\t\t\t\t\t\t<div class=\"dpt-main-title\">\n\t\t\t\t\t\t\t<span class=\"dpt-main-title-text\">Aktualne artyku\u0142y na temat sztucznej inteligencji<\/span>\n\t\t\t\t\t\t<\/div>\n\t\t\t\t\t\t\n\t\t\t\t\t\t\n\t\t\t\t\t\t\n\t\t\t\t\t\t<\/div>\t\t\t\n\t\t\t\t<div id=\"dpt-wrapper-485\" class=\"dpt-wrapper dpt-mag1 land1 dpt-cropped dpt-flex-wrap\" >\n\n\t\t\t\t\t\t\t\t\t\t\t<div class=\"dpt-entry has-thumbnail\" data-title=\"als ich mit einem roboter telefonierte \u2013 wie ki das telefon erobert und wie man sie erkennt\" data-id=\"5130\"  data-category=\"allgemein gesellschaft ki-systeme stories &amp; humor\" data-post_tag=\"datenschutz erfahrungen k\u00fcnstliche intelligenz prozesse\">\n\t\t\t\t\t\t\t<div class=\"dpt-entry-wrapper\"><div class=\"dpt-featured-content\"><div class=\"dpt-permalink\"><a href=\"https:\/\/www.markus-schall.de\/pl\/2026\/03\/kiedy-rozmawialem-przez-telefon-z-robotem-jak-ki-podbija-telefon-i-jak-go-rozpoznac\/\" class=\"dpt-permalink\"><span class=\"screen-reader-text\">Kiedy rozmawia\u0142em przez telefon z robotem - jak sztuczna inteligencja podbija telefony i jak j\u0105 rozpozna\u0107<\/span><\/a><\/div><div class=\"dpt-thumbnail\"><div class=\"dpt-thumbnail-inner\"><img width=\"1024\" height=\"683\" class=\"attachment-full size-full\" alt=\"Rozmowa telefoniczna z robotem AI\" context=\"dpt\" data-dpt-src=\"https:\/\/www.markus-schall.de\/wp-content\/uploads\/Telefonanrufe-KI-Werbung.jpg\" data-dpt-sizes=\"(max-width: 1024px) 100vw, 1024px\" data-dpt-srcset=\"https:\/\/www.markus-schall.de\/wp-content\/uploads\/Telefonanrufe-KI-Werbung.jpg 1024w, https:\/\/www.markus-schall.de\/wp-content\/uploads\/Telefonanrufe-KI-Werbung-300x200.jpg 300w, https:\/\/www.markus-schall.de\/wp-content\/uploads\/Telefonanrufe-KI-Werbung-768x512.jpg 768w, https:\/\/www.markus-schall.de\/wp-content\/uploads\/Telefonanrufe-KI-Werbung-18x12.jpg 18w\" \/><\/div><span class=\"dpt-thumbnail-aspect-ratio\" style=\"padding-top: 75%\"><\/span><\/div><\/div><div class=\"sub-entry\"><h3 class=\"dpt-title\"><a class=\"dpt-title-link\" href=\"https:\/\/www.markus-schall.de\/pl\/2026\/03\/kiedy-rozmawialem-przez-telefon-z-robotem-jak-ki-podbija-telefon-i-jak-go-rozpoznac\/\" rel=\"bookmark\">Kiedy rozmawia\u0142em przez telefon z robotem - jak sztuczna inteligencja podbija telefony i jak j\u0105 rozpozna\u0107<\/a><\/h3><\/div><\/div>\n\t\t\t\t\t\t<\/div><!-- .dpt-entry -->\n\t\t\t\t\t\t\t\t\t\t\t\t<div class=\"dpt-entry has-thumbnail\" data-title=\"cloud-ki als oberlehrer: warum die zukunft des arbeitens bei lokaler ki liegt\" data-id=\"3887\"  data-category=\"apple macos hardware ki-systeme\" data-post_tag=\"datenschutz digitales eigentum k\u00fcnstliche intelligenz llama llm meinungsfreiheit mistral mlx neo4j ollama sprachmodell\">\n\t\t\t\t\t\t\t<div class=\"dpt-entry-wrapper\"><div class=\"dpt-featured-content\"><div class=\"dpt-permalink\"><a href=\"https:\/\/www.markus-schall.de\/pl\/2025\/12\/cloud-ki-jako-najlepszy-nauczyciel-dlaczego-przyszlosc-pracy-lezy-w-lokalnych-ki\/\" class=\"dpt-permalink\"><span class=\"screen-reader-text\">Sztuczna inteligencja w chmurze jako dyrektor szko\u0142y: dlaczego przysz\u0142o\u015b\u0107 pracy le\u017cy w lokalnej sztucznej inteligencji?<\/span><\/a><\/div><div class=\"dpt-thumbnail\"><div class=\"dpt-thumbnail-inner\"><img width=\"1024\" height=\"683\" class=\"attachment-full size-full\" alt=\"Sztuczna inteligencja w chmurze zostaje dyrektorem szko\u0142y\" context=\"dpt\" data-dpt-src=\"https:\/\/www.markus-schall.de\/wp-content\/uploads\/cloud-ki-oberlehrer.jpg\" data-dpt-sizes=\"(max-width: 1024px) 100vw, 1024px\" data-dpt-srcset=\"https:\/\/www.markus-schall.de\/wp-content\/uploads\/cloud-ki-oberlehrer.jpg 1024w, https:\/\/www.markus-schall.de\/wp-content\/uploads\/cloud-ki-oberlehrer-300x200.jpg 300w, https:\/\/www.markus-schall.de\/wp-content\/uploads\/cloud-ki-oberlehrer-768x512.jpg 768w, https:\/\/www.markus-schall.de\/wp-content\/uploads\/cloud-ki-oberlehrer-18x12.jpg 18w\" \/><\/div><span class=\"dpt-thumbnail-aspect-ratio\" style=\"padding-top: 75%\"><\/span><\/div><\/div><div class=\"sub-entry\"><h3 class=\"dpt-title\"><a class=\"dpt-title-link\" href=\"https:\/\/www.markus-schall.de\/pl\/2025\/12\/cloud-ki-jako-najlepszy-nauczyciel-dlaczego-przyszlosc-pracy-lezy-w-lokalnych-ki\/\" rel=\"bookmark\">Sztuczna inteligencja w chmurze jako dyrektor szko\u0142y: dlaczego przysz\u0142o\u015b\u0107 pracy le\u017cy w lokalnej sztucznej inteligencji?<\/a><\/h3><\/div><\/div>\n\t\t\t\t\t\t<\/div><!-- .dpt-entry -->\n\t\t\t\t\t\t\t\t\t\t\t\t<div class=\"dpt-entry has-thumbnail\" data-title=\"der iran\u2013israel-konflikt: warum diese eskalation der strategische albtraum des westens ist\" data-id=\"5212\"  data-category=\"allgemein gesellschaft\" data-post_tag=\"denkmodelle energiepolitik europa geopolitik krisen k\u00fcnstliche intelligenz meinungsfreiheit sicherheitspolitik spieltheorie\">\n\t\t\t\t\t\t\t<div class=\"dpt-entry-wrapper\"><div class=\"dpt-featured-content\"><div class=\"dpt-permalink\"><a href=\"https:\/\/www.markus-schall.de\/pl\/2026\/03\/konflikt-iran-izrael-dlaczego-ta-eskalacja-jest-strategicznym-koszmarem-zachodu\/\" class=\"dpt-permalink\"><span class=\"screen-reader-text\">Konflikt ira\u0144sko-izraelski: dlaczego jego eskalacja jest strategicznym koszmarem Zachodu?<\/span><\/a><\/div><div class=\"dpt-thumbnail\"><div class=\"dpt-thumbnail-inner\"><img width=\"1024\" height=\"683\" class=\"attachment-full size-full\" alt=\"Izrael-Iran - strategiczny koszmar\" context=\"dpt\" data-dpt-src=\"https:\/\/www.markus-schall.de\/wp-content\/uploads\/Israel-Iran-Strategischer-Albtraum.jpg\" data-dpt-sizes=\"(max-width: 1024px) 100vw, 1024px\" data-dpt-srcset=\"https:\/\/www.markus-schall.de\/wp-content\/uploads\/Israel-Iran-Strategischer-Albtraum.jpg 1024w, https:\/\/www.markus-schall.de\/wp-content\/uploads\/Israel-Iran-Strategischer-Albtraum-300x200.jpg 300w, https:\/\/www.markus-schall.de\/wp-content\/uploads\/Israel-Iran-Strategischer-Albtraum-768x512.jpg 768w, https:\/\/www.markus-schall.de\/wp-content\/uploads\/Israel-Iran-Strategischer-Albtraum-18x12.jpg 18w\" \/><\/div><span class=\"dpt-thumbnail-aspect-ratio\" style=\"padding-top: 75%\"><\/span><\/div><\/div><div class=\"sub-entry\"><h3 class=\"dpt-title\"><a class=\"dpt-title-link\" href=\"https:\/\/www.markus-schall.de\/pl\/2026\/03\/konflikt-iran-izrael-dlaczego-ta-eskalacja-jest-strategicznym-koszmarem-zachodu\/\" rel=\"bookmark\">Konflikt ira\u0144sko-izraelski: dlaczego jego eskalacja jest strategicznym koszmarem Zachodu?<\/a><\/h3><\/div><\/div>\n\t\t\t\t\t\t<\/div><!-- .dpt-entry -->\n\t\t\t\t\t\t\t\t\t\t\t\t<div class=\"dpt-entry has-thumbnail\" data-title=\"vom content zur substanz: wie digitale systeme entstehen, die nicht kopierbar sind\" data-id=\"5899\"  data-category=\"allgemein b\u00fccher gesellschaft tipps &amp; anleitungen\" data-post_tag=\"buch datenlogik denkmodelle digitales eigentum erfahrungen k\u00fcnstliche intelligenz prozesse publishing ratgeber\">\n\t\t\t\t\t\t\t<div class=\"dpt-entry-wrapper\"><div class=\"dpt-featured-content\"><div class=\"dpt-permalink\"><a href=\"https:\/\/www.markus-schall.de\/pl\/2026\/04\/od-tresci-do-substancji-jak-powstaja-systemy-cyfrowe-ktorych-nie-mozna-skopiowac\/\" class=\"dpt-permalink\"><span class=\"screen-reader-text\">Od tre\u015bci do tre\u015bci: jak powstaj\u0105 systemy cyfrowe, kt\u00f3rych nie mo\u017cna skopiowa\u0107<\/span><\/a><\/div><div class=\"dpt-thumbnail\"><div class=\"dpt-thumbnail-inner\"><img width=\"1024\" height=\"682\" class=\"attachment-full size-full\" alt=\"System zamiast indywidualnej zawarto\u015bci\" context=\"dpt\" data-dpt-src=\"https:\/\/www.markus-schall.de\/wp-content\/uploads\/Organische-Reichweite.jpg\" data-dpt-sizes=\"(max-width: 1024px) 100vw, 1024px\" data-dpt-srcset=\"https:\/\/www.markus-schall.de\/wp-content\/uploads\/Organische-Reichweite.jpg 1024w, https:\/\/www.markus-schall.de\/wp-content\/uploads\/Organische-Reichweite-300x200.jpg 300w, https:\/\/www.markus-schall.de\/wp-content\/uploads\/Organische-Reichweite-768x512.jpg 768w, https:\/\/www.markus-schall.de\/wp-content\/uploads\/Organische-Reichweite-18x12.jpg 18w\" \/><\/div><span class=\"dpt-thumbnail-aspect-ratio\" style=\"padding-top: 75%\"><\/span><\/div><\/div><div class=\"sub-entry\"><h3 class=\"dpt-title\"><a class=\"dpt-title-link\" href=\"https:\/\/www.markus-schall.de\/pl\/2026\/04\/od-tresci-do-substancji-jak-powstaja-systemy-cyfrowe-ktorych-nie-mozna-skopiowac\/\" rel=\"bookmark\">Od tre\u015bci do tre\u015bci: jak powstaj\u0105 systemy cyfrowe, kt\u00f3rych nie mo\u017cna skopiowa\u0107<\/a><\/h3><\/div><\/div>\n\t\t\t\t\t\t<\/div><!-- .dpt-entry -->\n\t\t\t\t\t\t\n\t\t\t\t<\/div>\n\t\t\t\t\t\t<\/div>\n\t\t\t\n<hr \/>","protected":false},"excerpt":{"rendered":"<p>Noch w\u00e4hrend der Corona-Pandemie waren sich viele \u00d6konomen erstaunlich einig: Die gro\u00dfe Gefahr sei eine Phase niedriger Inflation, vielleicht sogar Deflation. Wenige Jahre sp\u00e4ter zeigt sich ein anderes Bild. Die Inflation erreichte in vielen L\u00e4ndern historische H\u00f6hen, Lieferketten brachen zusammen, und wirtschaftliche Entwicklungen verliefen anders als erwartet. Die Pandemie war nicht nur eine gesundheitliche Krise &#8230; <a title=\"Od tre\u015bci do tre\u015bci: jak powstaj\u0105 systemy cyfrowe, kt\u00f3rych nie mo\u017cna skopiowa\u0107\" class=\"read-more\" href=\"https:\/\/www.markus-schall.de\/pl\/2026\/04\/od-tresci-do-substancji-jak-powstaja-systemy-cyfrowe-ktorych-nie-mozna-skopiowac\/\" aria-label=\"Dowiedz si\u0119 wi\u0119cej o Od tre\u015bci do tre\u015bci: Jak powstaj\u0105 systemy cyfrowe, kt\u00f3rych nie mo\u017cna skopiowa\u0107\">Dowiedz si\u0119 wi\u0119cej<\/a><\/p>","protected":false},"author":3,"featured_media":5883,"comment_status":"open","ping_status":"open","sticky":false,"template":"","format":"standard","meta":{"iawp_total_views":9,"footnotes":""},"categories":[1,466],"tags":[444,480,481,475,482,426],"class_list":["post-5882","post","type-post","status-publish","format-standard","has-post-thumbnail","hentry","category-allgemein","category-gesellschaft","tag-denkmodelle","tag-deutschland","tag-energiepolitik","tag-europa","tag-geopolitik","tag-krisen"],"_links":{"self":[{"href":"https:\/\/www.markus-schall.de\/pl\/wp-json\/wp\/v2\/posts\/5882","targetHints":{"allow":["GET"]}}],"collection":[{"href":"https:\/\/www.markus-schall.de\/pl\/wp-json\/wp\/v2\/posts"}],"about":[{"href":"https:\/\/www.markus-schall.de\/pl\/wp-json\/wp\/v2\/types\/post"}],"author":[{"embeddable":true,"href":"https:\/\/www.markus-schall.de\/pl\/wp-json\/wp\/v2\/users\/3"}],"replies":[{"embeddable":true,"href":"https:\/\/www.markus-schall.de\/pl\/wp-json\/wp\/v2\/comments?post=5882"}],"version-history":[{"count":10,"href":"https:\/\/www.markus-schall.de\/pl\/wp-json\/wp\/v2\/posts\/5882\/revisions"}],"predecessor-version":[{"id":5971,"href":"https:\/\/www.markus-schall.de\/pl\/wp-json\/wp\/v2\/posts\/5882\/revisions\/5971"}],"wp:featuredmedia":[{"embeddable":true,"href":"https:\/\/www.markus-schall.de\/pl\/wp-json\/wp\/v2\/media\/5883"}],"wp:attachment":[{"href":"https:\/\/www.markus-schall.de\/pl\/wp-json\/wp\/v2\/media?parent=5882"}],"wp:term":[{"taxonomy":"category","embeddable":true,"href":"https:\/\/www.markus-schall.de\/pl\/wp-json\/wp\/v2\/categories?post=5882"},{"taxonomy":"post_tag","embeddable":true,"href":"https:\/\/www.markus-schall.de\/pl\/wp-json\/wp\/v2\/tags?post=5882"}],"curies":[{"name":"wp","href":"https:\/\/api.w.org\/{rel}","templated":true}]}}