{"id":973,"date":"2011-10-31T14:59:39","date_gmt":"2011-10-31T14:59:39","guid":{"rendered":"https:\/\/markus-schall.de\/?p=973"},"modified":"2025-12-08T17:32:11","modified_gmt":"2025-12-08T17:32:11","slug":"zawsze-ci-japonczycy","status":"publish","type":"post","link":"https:\/\/www.markus-schall.de\/pl\/2011\/10\/zawsze-ci-japonczycy\/","title":{"rendered":"Zawsze ci Japo\u0144czycy!"},"content":{"rendered":"<p>Seminarium dla mened\u017cer\u00f3w z udzia\u0142em 30 os\u00f3b ze \u015bredniego szczebla zarz\u0105dzania. Spotkanie w hotelu konferencyjnym ostatniego dnia. Przemawia prowadz\u0105cy seminarium:<\/p>\n<blockquote><p><em>\u201ePanowie, doko\u0144czmy troch\u0119 edukacji og\u00f3lnej. Zobaczmy, co potraficie. Podam wam klasyczny cytat, a wy mi powiecie, kto go powiedzia\u0142, gdzie i kiedy\u201c.\u201c<\/em>.<\/p><\/blockquote>\n<p><!--more--><\/p>\n<hr \/>\n\n\t\t\t<div class=\"display-post-types\">\n\n\t\t\t\t\t\t\t<style type=\"text\/css\">\n\t\t\t#dpt-wrapper-869 { --dpt-text-align: left;--dpt-image-crop: center;--dpt-border-radius: 5px;--dpt-h-gutter: 10px;--dpt-v-gutter: 9px; }\t\t\t<\/style>\n\t\t\t<style type=\"text\/css\">#dpt-wrapper-869 { --dpt-title-font-style:normal;--dpt-title-font-weight:600;--dpt-title-line-height:1.5;--dpt-title-text-decoration:none;--dpt-title-text-transform:none;--dpt-excerpt-font-style:normal;--dpt-excerpt-font-weight:400;--dpt-excerpt-line-height:1.5;--dpt-excerpt-text-decoration:none;--dpt-excerpt-text-transform:none;--dpt-meta1-font-style:normal;--dpt-meta1-font-weight:400;--dpt-meta1-line-height:1.9;--dpt-meta1-text-decoration:none;--dpt-meta1-text-transform:none;--dpt-meta2-font-style:normal;--dpt-meta2-font-weight:400;--dpt-meta2-line-height:1.9;--dpt-meta2-text-decoration:none;--dpt-meta2-text-transform:none; }<\/style><div class=\"dpt-main-header\">\n\t\t\t\t\t\t<div class=\"dpt-main-title\">\n\t\t\t\t\t\t\t<span class=\"dpt-main-title-text\">Kwestie spo\u0142eczne tera\u017aniejszo\u015bci<\/span>\n\t\t\t\t\t\t<\/div>\n\t\t\t\t\t\t\n\t\t\t\t\t\t\n\t\t\t\t\t\t\n\t\t\t\t\t\t<\/div>\t\t\t\n\t\t\t\t<div id=\"dpt-wrapper-869\" class=\"dpt-wrapper dpt-mag1 land1 dpt-cropped dpt-flex-wrap\" >\n\n\t\t\t\t\t\t\t\t\t\t\t<div class=\"dpt-entry has-thumbnail\" data-title=\"unternehmerische insolvenz: eine pers\u00f6nliche erfahrung mit leitfaden f\u00fcr krisenzeiten\" data-id=\"4062\"  data-category=\"allgemein b\u00fccher gesellschaft\" data-post_tag=\"buch erfahrungen krisen pers\u00f6nlichkeitsentwicklung ratgeber\">\n\t\t\t\t\t\t\t<div class=\"dpt-entry-wrapper\"><div class=\"dpt-featured-content\"><div class=\"dpt-permalink\"><a href=\"https:\/\/www.markus-schall.de\/pl\/2025\/12\/niewyplacalnosc-przedsiebiorstw-osobiste-doswiadczenia-z-przewodnikiem-na-czas-kryzysu\/\" class=\"dpt-permalink\"><span class=\"screen-reader-text\">Niewyp\u0142acalno\u015b\u0107 przedsi\u0119biorstw: osobiste do\u015bwiadczenia z przewodnikiem na czas kryzysu<\/span><\/a><\/div><div class=\"dpt-thumbnail\"><div class=\"dpt-thumbnail-inner\"><img width=\"1024\" height=\"683\" class=\"attachment-full size-full\" alt=\"Przewodnik po niewyp\u0142acalno\u015bci przedsi\u0119biorstw\" context=\"dpt\" data-dpt-src=\"https:\/\/www.markus-schall.de\/wp-content\/uploads\/insolvenz-krise-leitfaden.jpg\" data-dpt-sizes=\"(max-width: 1024px) 100vw, 1024px\" data-dpt-srcset=\"https:\/\/www.markus-schall.de\/wp-content\/uploads\/insolvenz-krise-leitfaden.jpg 1024w, https:\/\/www.markus-schall.de\/wp-content\/uploads\/insolvenz-krise-leitfaden-300x200.jpg 300w, https:\/\/www.markus-schall.de\/wp-content\/uploads\/insolvenz-krise-leitfaden-768x512.jpg 768w, https:\/\/www.markus-schall.de\/wp-content\/uploads\/insolvenz-krise-leitfaden-18x12.jpg 18w\" \/><\/div><span class=\"dpt-thumbnail-aspect-ratio\" style=\"padding-top: 75%\"><\/span><\/div><\/div><div class=\"sub-entry\"><h3 class=\"dpt-title\"><a class=\"dpt-title-link\" href=\"https:\/\/www.markus-schall.de\/pl\/2025\/12\/niewyplacalnosc-przedsiebiorstw-osobiste-doswiadczenia-z-przewodnikiem-na-czas-kryzysu\/\" rel=\"bookmark\">Niewyp\u0142acalno\u015b\u0107 przedsi\u0119biorstw: osobiste do\u015bwiadczenia z przewodnikiem na czas kryzysu<\/a><\/h3><\/div><\/div>\n\t\t\t\t\t\t<\/div><!-- .dpt-entry -->\n\t\t\t\t\t\t\t\t\t\t\t\t<div class=\"dpt-entry has-thumbnail\" data-title=\"deine meinung z\u00e4hlt \u2013 neue umfragen zu aktuellen themen\" data-id=\"3383\"  data-category=\"allgemein b\u00fccher gesellschaft\" data-post_tag=\"buch cmd erfahrungen gesundheit krisen meinungsfreiheit\">\n\t\t\t\t\t\t\t<div class=\"dpt-entry-wrapper\"><div class=\"dpt-featured-content\"><div class=\"dpt-permalink\"><a href=\"https:\/\/www.markus-schall.de\/pl\/2025\/11\/twoja-opinia-liczy-sie-w-nowych-ankietach-na-aktualne-tematy\/\" class=\"dpt-permalink\"><span class=\"screen-reader-text\">Twoja opinia si\u0119 liczy - Nowe ankiety na aktualne tematy<\/span><\/a><\/div><div class=\"dpt-thumbnail\"><div class=\"dpt-thumbnail-inner\"><img width=\"1024\" height=\"683\" class=\"attachment-full size-full\" alt=\"Ankiety dotycz\u0105ce bie\u017c\u0105cych temat\u00f3w\" context=\"dpt\" data-dpt-src=\"https:\/\/www.markus-schall.de\/wp-content\/uploads\/umfragen-aktuell.jpg\" data-dpt-sizes=\"(max-width: 1024px) 100vw, 1024px\" data-dpt-srcset=\"https:\/\/www.markus-schall.de\/wp-content\/uploads\/umfragen-aktuell.jpg 1024w, https:\/\/www.markus-schall.de\/wp-content\/uploads\/umfragen-aktuell-300x200.jpg 300w, https:\/\/www.markus-schall.de\/wp-content\/uploads\/umfragen-aktuell-768x512.jpg 768w, https:\/\/www.markus-schall.de\/wp-content\/uploads\/umfragen-aktuell-18x12.jpg 18w\" \/><\/div><span class=\"dpt-thumbnail-aspect-ratio\" style=\"padding-top: 75%\"><\/span><\/div><\/div><div class=\"sub-entry\"><h3 class=\"dpt-title\"><a class=\"dpt-title-link\" href=\"https:\/\/www.markus-schall.de\/pl\/2025\/11\/twoja-opinia-liczy-sie-w-nowych-ankietach-na-aktualne-tematy\/\" rel=\"bookmark\">Twoja opinia si\u0119 liczy - Nowe ankiety na aktualne tematy<\/a><\/h3><\/div><\/div>\n\t\t\t\t\t\t<\/div><!-- .dpt-entry -->\n\t\t\t\t\t\t\t\t\t\t\t\t<div class=\"dpt-entry has-thumbnail\" data-title=\"der iran\u2013israel-konflikt: warum diese eskalation der strategische albtraum des westens ist\" data-id=\"5212\"  data-category=\"allgemein gesellschaft\" data-post_tag=\"denkmodelle energiepolitik europa geopolitik krisen k\u00fcnstliche intelligenz meinungsfreiheit sicherheitspolitik spieltheorie\">\n\t\t\t\t\t\t\t<div class=\"dpt-entry-wrapper\"><div class=\"dpt-featured-content\"><div class=\"dpt-permalink\"><a href=\"https:\/\/www.markus-schall.de\/pl\/2026\/03\/konflikt-iran-izrael-dlaczego-ta-eskalacja-jest-strategicznym-koszmarem-zachodu\/\" class=\"dpt-permalink\"><span class=\"screen-reader-text\">Konflikt ira\u0144sko-izraelski: dlaczego jego eskalacja jest strategicznym koszmarem Zachodu?<\/span><\/a><\/div><div class=\"dpt-thumbnail\"><div class=\"dpt-thumbnail-inner\"><img width=\"1024\" height=\"683\" class=\"attachment-full size-full\" alt=\"Izrael-Iran - strategiczny koszmar\" context=\"dpt\" data-dpt-src=\"https:\/\/www.markus-schall.de\/wp-content\/uploads\/Israel-Iran-Strategischer-Albtraum.jpg\" data-dpt-sizes=\"(max-width: 1024px) 100vw, 1024px\" data-dpt-srcset=\"https:\/\/www.markus-schall.de\/wp-content\/uploads\/Israel-Iran-Strategischer-Albtraum.jpg 1024w, https:\/\/www.markus-schall.de\/wp-content\/uploads\/Israel-Iran-Strategischer-Albtraum-300x200.jpg 300w, https:\/\/www.markus-schall.de\/wp-content\/uploads\/Israel-Iran-Strategischer-Albtraum-768x512.jpg 768w, https:\/\/www.markus-schall.de\/wp-content\/uploads\/Israel-Iran-Strategischer-Albtraum-18x12.jpg 18w\" \/><\/div><span class=\"dpt-thumbnail-aspect-ratio\" style=\"padding-top: 75%\"><\/span><\/div><\/div><div class=\"sub-entry\"><h3 class=\"dpt-title\"><a class=\"dpt-title-link\" href=\"https:\/\/www.markus-schall.de\/pl\/2026\/03\/konflikt-iran-izrael-dlaczego-ta-eskalacja-jest-strategicznym-koszmarem-zachodu\/\" rel=\"bookmark\">Konflikt ira\u0144sko-izraelski: dlaczego jego eskalacja jest strategicznym koszmarem Zachodu?<\/a><\/h3><\/div><\/div>\n\t\t\t\t\t\t<\/div><!-- .dpt-entry -->\n\t\t\t\t\t\t\t\t\t\t\t\t<div class=\"dpt-entry has-thumbnail\" data-title=\"zustand der deutschen wirtschaft 2025: f\u00fcnf jahre krise, zahlen, trends und ausblick\" data-id=\"3773\"  data-category=\"allgemein gesellschaft\" data-post_tag=\"auswandern deutschland energiepolitik erfahrungen geopolitik krisen ratgeber\">\n\t\t\t\t\t\t\t<div class=\"dpt-entry-wrapper\"><div class=\"dpt-featured-content\"><div class=\"dpt-permalink\"><a href=\"https:\/\/www.markus-schall.de\/pl\/2025\/12\/stan-niemieckiej-gospodarki-2025-piec-lat-kryzysu-dane-liczbowe-trendy-i-perspektywy\/\" class=\"dpt-permalink\"><span class=\"screen-reader-text\">Stan niemieckiej gospodarki w 2025 r.: Pi\u0119\u0107 lat kryzysu, dane liczbowe, trendy i perspektywy<\/span><\/a><\/div><div class=\"dpt-thumbnail\"><div class=\"dpt-thumbnail-inner\"><img width=\"1024\" height=\"683\" class=\"attachment-full size-full\" alt=\"Stan niemieckiej gospodarki w 2025 r.\" context=\"dpt\" data-dpt-src=\"https:\/\/www.markus-schall.de\/wp-content\/uploads\/zustand-deutschland-2025.jpg\" data-dpt-sizes=\"(max-width: 1024px) 100vw, 1024px\" data-dpt-srcset=\"https:\/\/www.markus-schall.de\/wp-content\/uploads\/zustand-deutschland-2025.jpg 1024w, https:\/\/www.markus-schall.de\/wp-content\/uploads\/zustand-deutschland-2025-300x200.jpg 300w, https:\/\/www.markus-schall.de\/wp-content\/uploads\/zustand-deutschland-2025-768x512.jpg 768w, https:\/\/www.markus-schall.de\/wp-content\/uploads\/zustand-deutschland-2025-18x12.jpg 18w\" \/><\/div><span class=\"dpt-thumbnail-aspect-ratio\" style=\"padding-top: 75%\"><\/span><\/div><\/div><div class=\"sub-entry\"><h3 class=\"dpt-title\"><a class=\"dpt-title-link\" href=\"https:\/\/www.markus-schall.de\/pl\/2025\/12\/stan-niemieckiej-gospodarki-2025-piec-lat-kryzysu-dane-liczbowe-trendy-i-perspektywy\/\" rel=\"bookmark\">Stan niemieckiej gospodarki w 2025 r.: Pi\u0119\u0107 lat kryzysu, dane liczbowe, trendy i perspektywy<\/a><\/h3><\/div><\/div>\n\t\t\t\t\t\t<\/div><!-- .dpt-entry -->\n\t\t\t\t\t\t\n\t\t\t\t<\/div>\n\t\t\t\t\t\t<\/div>\n\t\t\t\n<hr \/>\n<p>Zaczyna:<\/p>\n<p><em>\u201eRzeki i strumienie zosta\u0142y uwolnione od lodu...\u201c<\/em><\/p>\n<p>Nikt nie wie. Z ty\u0142u podchodzi ma\u0142y Japo\u0144czyk:<\/p>\n<p><em>\u201eJohann Wolfgang von Goethe, Faust, spacer wielkanocny 1806!\u201c.\u201c\u00a0<\/em><\/p>\n<p>Uczestnicy mrucz\u0105 z uznaniem. Nast\u0119pne pytanie:<\/p>\n<p><em>\u201eKsi\u0119\u017cyc wzeszed\u0142, z\u0142ote gwiazdy \u015bwiec\u0105...\u201c.\u201c<\/em><\/p>\n<p>I znowu, jak strza\u0142 z pistoletu, Japo\u0144czycy:<\/p>\n<p><em>\u201eMatthias Claudius, Abendlied, 1779!\u201c<\/em><\/p>\n<p>Mened\u017cerowie patrz\u0105 w d\u00f3\u0142 na pod\u0142og\u0119, zawstydzeni. Prowadz\u0105cy seminarium:<\/p>\n<p><em>\u201eMocno zamurowany w ziemi ...\u201c.\u201c<\/em><\/p>\n<p><em>\u201eSchiller\u201c<\/em>, bije Japo\u0144czyk\u00f3w, <em>\u201ePie\u015b\u0144 dzwonu, 1799!\u201c<\/em><\/p>\n<p>Teraz mened\u017cerowie zaczynaj\u0105 uwa\u017ca\u0107 to za irytuj\u0105ce. Mamrocze jeden w pierwszym rz\u0119dzie:<\/p>\n<p><em>\u201ePieprzeni Japo\u0144czycy!\u201c<\/em><\/p>\n<p>G\u0142os ponownie rozbrzmiewa z ty\u0142u:<\/p>\n<p><em>\u201eMax Grundig, CeBIT, 1982!\u201c<\/em><\/p>\n<p>Obraz z <a href=\"https:\/\/pixabay.com\/users\/djedj-59194\/?utm_source=link-attribution&amp;utm_medium=referral&amp;utm_campaign=image&amp;utm_content=5568727\" target=\"_blank\" rel=\"noopener\">djedj<\/a> na Pixabay<\/p>\n<hr \/>\n\n\t\t\t<div class=\"display-post-types\">\n\n\t\t\t\t\t\t\t<style type=\"text\/css\">\n\t\t\t#dpt-wrapper-870 { --dpt-text-align: left;--dpt-image-crop: center;--dpt-border-radius: 5px;--dpt-h-gutter: 10px;--dpt-v-gutter: 9px; }\t\t\t<\/style>\n\t\t\t<style type=\"text\/css\">#dpt-wrapper-870 { --dpt-title-font-style:normal;--dpt-title-font-weight:600;--dpt-title-line-height:1.5;--dpt-title-text-decoration:none;--dpt-title-text-transform:none;--dpt-excerpt-font-style:normal;--dpt-excerpt-font-weight:400;--dpt-excerpt-line-height:1.5;--dpt-excerpt-text-decoration:none;--dpt-excerpt-text-transform:none;--dpt-meta1-font-style:normal;--dpt-meta1-font-weight:400;--dpt-meta1-line-height:1.9;--dpt-meta1-text-decoration:none;--dpt-meta1-text-transform:none;--dpt-meta2-font-style:normal;--dpt-meta2-font-weight:400;--dpt-meta2-line-height:1.9;--dpt-meta2-text-decoration:none;--dpt-meta2-text-transform:none; }<\/style><div class=\"dpt-main-header\">\n\t\t\t\t\t\t<div class=\"dpt-main-title\">\n\t\t\t\t\t\t\t<span class=\"dpt-main-title-text\">Aktualne artyku\u0142y na temat sztuki i kultury<\/span>\n\t\t\t\t\t\t<\/div>\n\t\t\t\t\t\t\n\t\t\t\t\t\t\n\t\t\t\t\t\t\n\t\t\t\t\t\t<\/div>\t\t\t\n\t\t\t\t<div id=\"dpt-wrapper-870\" class=\"dpt-wrapper dpt-mag1 land1 dpt-cropped dpt-flex-wrap\" >\n\n\t\t\t\t\t\t\t\t\t\t\t<div class=\"dpt-entry has-thumbnail\" data-title=\"wenn pflicht wieder pflicht wird. eine art essay von herrn von l&#8217;oreot.\" data-id=\"3010\"  data-category=\"allgemein gesellschaft kunst &amp; kultur stories &amp; humor\" data-post_tag=\"deutschland erfahrungen geopolitik krisen pers\u00f6nlichkeitsentwicklung sicherheitspolitik\">\n\t\t\t\t\t\t\t<div class=\"dpt-entry-wrapper\"><div class=\"dpt-featured-content\"><div class=\"dpt-permalink\"><a href=\"https:\/\/www.markus-schall.de\/pl\/2025\/10\/kiedy-obowiazek-znow-staje-sie-obowiazkiem-rodzaj-eseju-pana-von-loreota\/\" class=\"dpt-permalink\"><span class=\"screen-reader-text\">Kiedy obowi\u0105zek zn\u00f3w staje si\u0119 obowi\u0105zkiem. Rodzaj eseju autorstwa pana von L'oreot.<\/span><\/a><\/div><div class=\"dpt-thumbnail\"><div class=\"dpt-thumbnail-inner\"><img width=\"1024\" height=\"683\" class=\"attachment-full size-full\" alt=\"Niespodziewany telefon\" context=\"dpt\" data-dpt-src=\"https:\/\/www.markus-schall.de\/wp-content\/uploads\/loreot-pflicht-anruf.jpg\" data-dpt-sizes=\"(max-width: 1024px) 100vw, 1024px\" data-dpt-srcset=\"https:\/\/www.markus-schall.de\/wp-content\/uploads\/loreot-pflicht-anruf.jpg 1024w, https:\/\/www.markus-schall.de\/wp-content\/uploads\/loreot-pflicht-anruf-300x200.jpg 300w, https:\/\/www.markus-schall.de\/wp-content\/uploads\/loreot-pflicht-anruf-768x512.jpg 768w, https:\/\/www.markus-schall.de\/wp-content\/uploads\/loreot-pflicht-anruf-18x12.jpg 18w\" \/><\/div><span class=\"dpt-thumbnail-aspect-ratio\" style=\"padding-top: 75%\"><\/span><\/div><\/div><div class=\"sub-entry\"><h3 class=\"dpt-title\"><a class=\"dpt-title-link\" href=\"https:\/\/www.markus-schall.de\/pl\/2025\/10\/kiedy-obowiazek-znow-staje-sie-obowiazkiem-rodzaj-eseju-pana-von-loreota\/\" rel=\"bookmark\">Kiedy obowi\u0105zek zn\u00f3w staje si\u0119 obowi\u0105zkiem. Rodzaj eseju autorstwa pana von L'oreot.<\/a><\/h3><\/div><\/div>\n\t\t\t\t\t\t<\/div><!-- .dpt-entry -->\n\t\t\t\t\t\t\t\t\t\t\t\t<div class=\"dpt-entry has-thumbnail\" data-title=\"ulrike gu\u00e9rot: eine europ\u00e4erin zwischen idee, universit\u00e4t und \u00f6ffentlichem diskurs\" data-id=\"4039\"  data-category=\"allgemein gesellschaft kunst &amp; kultur\" data-post_tag=\"denkmodelle deutschland europa geopolitik krisen meinungsfreiheit portrait sicherheitspolitik spieltheorie\">\n\t\t\t\t\t\t\t<div class=\"dpt-entry-wrapper\"><div class=\"dpt-featured-content\"><div class=\"dpt-permalink\"><a href=\"https:\/\/www.markus-schall.de\/pl\/2025\/12\/ulrike-guerot-europejka-miedzy-idea-uniwersytetu-a-dyskursem-publicznym\/\" class=\"dpt-permalink\"><span class=\"screen-reader-text\">Ulrike Gu\u00e9rot: Europejka mi\u0119dzy ide\u0105, uniwersytetem i dyskursem publicznym<\/span><\/a><\/div><div class=\"dpt-thumbnail\"><div class=\"dpt-thumbnail-inner\"><img width=\"1024\" height=\"683\" class=\"attachment-full size-full\" alt=\"Ulrike Gu\u00e9rot i Europa\" context=\"dpt\" data-dpt-src=\"https:\/\/www.markus-schall.de\/wp-content\/uploads\/ulrike-guerot-portrait.jpg\" data-dpt-sizes=\"(max-width: 1024px) 100vw, 1024px\" data-dpt-srcset=\"https:\/\/www.markus-schall.de\/wp-content\/uploads\/ulrike-guerot-portrait.jpg 1024w, https:\/\/www.markus-schall.de\/wp-content\/uploads\/ulrike-guerot-portrait-300x200.jpg 300w, https:\/\/www.markus-schall.de\/wp-content\/uploads\/ulrike-guerot-portrait-768x512.jpg 768w, https:\/\/www.markus-schall.de\/wp-content\/uploads\/ulrike-guerot-portrait-18x12.jpg 18w\" \/><\/div><span class=\"dpt-thumbnail-aspect-ratio\" style=\"padding-top: 75%\"><\/span><\/div><\/div><div class=\"sub-entry\"><h3 class=\"dpt-title\"><a class=\"dpt-title-link\" href=\"https:\/\/www.markus-schall.de\/pl\/2025\/12\/ulrike-guerot-europejka-miedzy-idea-uniwersytetu-a-dyskursem-publicznym\/\" rel=\"bookmark\">Ulrike Gu\u00e9rot: Europejka mi\u0119dzy ide\u0105, uniwersytetem i dyskursem publicznym<\/a><\/h3><\/div><\/div>\n\t\t\t\t\t\t<\/div><!-- .dpt-entry -->\n\t\t\t\t\t\t\t\t\t\t\t\t<div class=\"dpt-entry has-thumbnail\" data-title=\"wie war syrien vor dem krieg? wer regiert heute? was bedeutet das f\u00fcr gefl\u00fcchtete in deutschland?\" data-id=\"4628\"  data-category=\"allgemein gesellschaft kunst &amp; kultur\" data-post_tag=\"deutschland europa geopolitik krisen meinungsfreiheit sicherheitspolitik\">\n\t\t\t\t\t\t\t<div class=\"dpt-entry-wrapper\"><div class=\"dpt-featured-content\"><div class=\"dpt-permalink\"><a href=\"https:\/\/www.markus-schall.de\/pl\/2026\/01\/jak-wygladala-syria-przed-wojna-kto-dzis-rzadzi-co-to-oznacza-dla-uchodzcow-w-niemczech\/\" class=\"dpt-permalink\"><span class=\"screen-reader-text\">Jak wygl\u0105da\u0142a Syria przed wojn\u0105? Kto rz\u0105dzi dzisiaj? Co to oznacza dla uchod\u017ac\u00f3w w Niemczech?<\/span><\/a><\/div><div class=\"dpt-thumbnail\"><div class=\"dpt-thumbnail-inner\"><img width=\"1024\" height=\"683\" class=\"attachment-full size-full\" alt=\"Syria i Damaszek\" context=\"dpt\" data-dpt-src=\"https:\/\/www.markus-schall.de\/wp-content\/uploads\/Syrien-Damaskus.jpg\" data-dpt-sizes=\"(max-width: 1024px) 100vw, 1024px\" data-dpt-srcset=\"https:\/\/www.markus-schall.de\/wp-content\/uploads\/Syrien-Damaskus.jpg 1024w, https:\/\/www.markus-schall.de\/wp-content\/uploads\/Syrien-Damaskus-300x200.jpg 300w, https:\/\/www.markus-schall.de\/wp-content\/uploads\/Syrien-Damaskus-768x512.jpg 768w, https:\/\/www.markus-schall.de\/wp-content\/uploads\/Syrien-Damaskus-18x12.jpg 18w\" \/><\/div><span class=\"dpt-thumbnail-aspect-ratio\" style=\"padding-top: 75%\"><\/span><\/div><\/div><div class=\"sub-entry\"><h3 class=\"dpt-title\"><a class=\"dpt-title-link\" href=\"https:\/\/www.markus-schall.de\/pl\/2026\/01\/jak-wygladala-syria-przed-wojna-kto-dzis-rzadzi-co-to-oznacza-dla-uchodzcow-w-niemczech\/\" rel=\"bookmark\">Jak wygl\u0105da\u0142a Syria przed wojn\u0105? Kto rz\u0105dzi dzisiaj? Co to oznacza dla uchod\u017ac\u00f3w w Niemczech?<\/a><\/h3><\/div><\/div>\n\t\t\t\t\t\t<\/div><!-- .dpt-entry -->\n\t\t\t\t\t\t\t\t\t\t\t\t<div class=\"dpt-entry has-thumbnail\" data-title=\"warum dieter bohlen spricht, wenn andere schweigen: ein portr\u00e4t \u00fcber flei\u00df und klarheit\" data-id=\"3744\"  data-category=\"allgemein gesellschaft kunst &amp; kultur\" data-post_tag=\"auswandern deutschland erfahrungen krisen meinungsfreiheit musik portrait\">\n\t\t\t\t\t\t\t<div class=\"dpt-entry-wrapper\"><div class=\"dpt-featured-content\"><div class=\"dpt-permalink\"><a href=\"https:\/\/www.markus-schall.de\/pl\/2025\/12\/dlaczego-dieter-bohlen-mowi-gdy-inni-milcza-portret-pracowitosci-i-przejrzystosci\/\" class=\"dpt-permalink\"><span class=\"screen-reader-text\">Dlaczego Dieter Bohlen m\u00f3wi, gdy inni milcz\u0105: Portret pracowito\u015bci i jasno\u015bci<\/span><\/a><\/div><div class=\"dpt-thumbnail\"><div class=\"dpt-thumbnail-inner\"><img width=\"1024\" height=\"683\" class=\"attachment-full size-full\" alt=\"\" context=\"dpt\" data-dpt-src=\"https:\/\/www.markus-schall.de\/wp-content\/uploads\/Dieter-Bohlen-Portrait.jpg\" data-dpt-sizes=\"(max-width: 1024px) 100vw, 1024px\" data-dpt-srcset=\"https:\/\/www.markus-schall.de\/wp-content\/uploads\/Dieter-Bohlen-Portrait.jpg 1024w, https:\/\/www.markus-schall.de\/wp-content\/uploads\/Dieter-Bohlen-Portrait-300x200.jpg 300w, https:\/\/www.markus-schall.de\/wp-content\/uploads\/Dieter-Bohlen-Portrait-768x512.jpg 768w, https:\/\/www.markus-schall.de\/wp-content\/uploads\/Dieter-Bohlen-Portrait-18x12.jpg 18w\" \/><\/div><span class=\"dpt-thumbnail-aspect-ratio\" style=\"padding-top: 75%\"><\/span><\/div><\/div><div class=\"sub-entry\"><h3 class=\"dpt-title\"><a class=\"dpt-title-link\" href=\"https:\/\/www.markus-schall.de\/pl\/2025\/12\/dlaczego-dieter-bohlen-mowi-gdy-inni-milcza-portret-pracowitosci-i-przejrzystosci\/\" rel=\"bookmark\">Dlaczego Dieter Bohlen m\u00f3wi, gdy inni milcz\u0105: Portret pracowito\u015bci i jasno\u015bci<\/a><\/h3><\/div><\/div>\n\t\t\t\t\t\t<\/div><!-- .dpt-entry -->\n\t\t\t\t\t\t\n\t\t\t\t<\/div>\n\t\t\t\t\t\t<\/div>\n\t\t\t\n<hr \/>\n<p>&nbsp;<\/p>","protected":false},"excerpt":{"rendered":"<p>Seminarium dla mened\u017cer\u00f3w z udzia\u0142em 30 os\u00f3b ze \u015bredniego szczebla zarz\u0105dzania. Spotkanie w hotelu konferencyjnym ostatniego dnia. Prowadz\u0105cy seminarium m\u00f3wi: \u201ePanowie, na koniec troch\u0119 wiedzy og\u00f3lnej. Zobaczmy, co potraficie zrobi\u0107. Podam wam klasyczny cytat, a wy powiecie mi, kto go powiedzia\u0142, gdzie i kiedy\u201c.<\/p>","protected":false},"author":1,"featured_media":2875,"comment_status":"open","ping_status":"open","sticky":false,"template":"","format":"standard","meta":{"iawp_total_views":6,"footnotes":""},"categories":[235],"tags":[],"class_list":["post-973","post","type-post","status-publish","format-standard","has-post-thumbnail","hentry","category-stories-humor"],"_links":{"self":[{"href":"https:\/\/www.markus-schall.de\/pl\/wp-json\/wp\/v2\/posts\/973","targetHints":{"allow":["GET"]}}],"collection":[{"href":"https:\/\/www.markus-schall.de\/pl\/wp-json\/wp\/v2\/posts"}],"about":[{"href":"https:\/\/www.markus-schall.de\/pl\/wp-json\/wp\/v2\/types\/post"}],"author":[{"embeddable":true,"href":"https:\/\/www.markus-schall.de\/pl\/wp-json\/wp\/v2\/users\/1"}],"replies":[{"embeddable":true,"href":"https:\/\/www.markus-schall.de\/pl\/wp-json\/wp\/v2\/comments?post=973"}],"version-history":[{"count":6,"href":"https:\/\/www.markus-schall.de\/pl\/wp-json\/wp\/v2\/posts\/973\/revisions"}],"predecessor-version":[{"id":3914,"href":"https:\/\/www.markus-schall.de\/pl\/wp-json\/wp\/v2\/posts\/973\/revisions\/3914"}],"wp:featuredmedia":[{"embeddable":true,"href":"https:\/\/www.markus-schall.de\/pl\/wp-json\/wp\/v2\/media\/2875"}],"wp:attachment":[{"href":"https:\/\/www.markus-schall.de\/pl\/wp-json\/wp\/v2\/media?parent=973"}],"wp:term":[{"taxonomy":"category","embeddable":true,"href":"https:\/\/www.markus-schall.de\/pl\/wp-json\/wp\/v2\/categories?post=973"},{"taxonomy":"post_tag","embeddable":true,"href":"https:\/\/www.markus-schall.de\/pl\/wp-json\/wp\/v2\/tags?post=973"}],"curies":[{"name":"wp","href":"https:\/\/api.w.org\/{rel}","templated":true}]}}