{"id":466,"count":68,"description":"Esta sec\u00e7\u00e3o cont\u00e9m <strong>evolu\u00e7\u00e3o social, observa\u00e7\u00f5es e tens\u00f5es<\/strong> A t\u00f3nica \u00e9 colocada em temas que afectam a nossa conviv\u00eancia, os nossos valores e a nossa orienta\u00e7\u00e3o cultural. Alguns destes artigos abordam debates actuais, outros analisam estruturas estabelecidas h\u00e1 muito tempo ou olham para tr\u00e1s, para contextos hist\u00f3ricos. Muitas vezes, n\u00e3o se trata de fazer ju\u00edzos r\u00e1pidos, mas sim de parar, olhar mais de perto - e colocar a quest\u00e3o: para onde queremos realmente ir como sociedade?\r\n\r\nQuem ler este livro n\u00e3o encontrar\u00e1 um teatro de opini\u00e3o ruidoso, mas sim an\u00e1lises calmas, palavras claras e um olhar atento ao que muitas vezes est\u00e1 nas entrelinhas. Especialmente numa \u00e9poca de crescente polariza\u00e7\u00e3o, uma vis\u00e3o diferenciada das quest\u00f5es sociais pode ajud\u00e1-lo a escolher o seu pr\u00f3prio ponto de vista de forma mais consciente - e a question\u00e1-lo, se necess\u00e1rio.","link":"https:\/\/www.markus-schall.de\/pt\/categoria\/sociedade\/","name":"Sociedade","slug":"sociedade","taxonomy":"category","parent":0,"meta":[],"_links":{"self":[{"href":"https:\/\/www.markus-schall.de\/pt\/wp-json\/wp\/v2\/categories\/466","targetHints":{"allow":["GET"]}}],"collection":[{"href":"https:\/\/www.markus-schall.de\/pt\/wp-json\/wp\/v2\/categories"}],"about":[{"href":"https:\/\/www.markus-schall.de\/pt\/wp-json\/wp\/v2\/taxonomies\/category"}],"wp:post_type":[{"href":"https:\/\/www.markus-schall.de\/pt\/wp-json\/wp\/v2\/posts?categories=466"}],"curies":[{"name":"wp","href":"https:\/\/api.w.org\/{rel}","templated":true}]}}