{"id":2375,"date":"2023-02-28T14:25:50","date_gmt":"2023-02-28T14:25:50","guid":{"rendered":"https:\/\/www.markus-schall.de\/?p=2375"},"modified":"2025-11-03T18:18:48","modified_gmt":"2025-11-03T18:18:48","slug":"as-vantagens-de-um-software-erp-personalizavel","status":"publish","type":"post","link":"https:\/\/www.markus-schall.de\/pt\/2023\/02\/as-vantagens-de-um-software-erp-personalizavel\/","title":{"rendered":"As vantagens de um software ERP personaliz\u00e1vel"},"content":{"rendered":"<p><strong>Software ERP<\/strong> (<a href=\"https:\/\/de.wikipedia.org\/wiki\/Enterprise-Resource-Planning\" target=\"_blank\" rel=\"noopener\">Planeamento de recursos empresariais<\/a>) \u00e9 um tipo de software empresarial que integra v\u00e1rios processos empresariais, tais como finan\u00e7as, compras, produ\u00e7\u00e3o, armazenamento, vendas e recursos humanos. O software ERP personaliz\u00e1vel oferece uma s\u00e9rie de vantagens \u00e0s empresas que o utilizam.<!--more--><\/p>\n<hr \/>\n\n\t\t\t<div class=\"display-post-types\">\n\n\t\t\t\t\t\t\t<style type=\"text\/css\">\n\t\t\t#dpt-wrapper-928 { --dpt-text-align: left;--dpt-image-crop: center;--dpt-border-radius: 5px;--dpt-small-grid-column: 33.33%;--dpt-large-grid-column: 33.3333333333%;--dpt-h-gutter: 10px;--dpt-v-gutter: 10px; }\t\t\t<\/style>\n\t\t\t<style type=\"text\/css\">#dpt-wrapper-928 { --dpt-title-font-style:normal;--dpt-title-font-weight:600;--dpt-title-line-height:1.5;--dpt-title-text-decoration:none;--dpt-title-text-transform:none;--dpt-excerpt-font-style:normal;--dpt-excerpt-font-weight:400;--dpt-excerpt-line-height:1.5;--dpt-excerpt-text-decoration:none;--dpt-excerpt-text-transform:none;--dpt-meta1-font-style:normal;--dpt-meta1-font-weight:400;--dpt-meta1-line-height:1.9;--dpt-meta1-text-decoration:none;--dpt-meta1-text-transform:none;--dpt-meta2-font-style:normal;--dpt-meta2-font-weight:400;--dpt-meta2-line-height:1.9;--dpt-meta2-text-decoration:none;--dpt-meta2-text-transform:none; }<\/style><div class=\"dpt-main-header\">\n\t\t\t\t\t\t<div class=\"dpt-main-title\">\n\t\t\t\t\t\t\t<span class=\"dpt-main-title-text\">T\u00f3picos actuais sobre software ERP<\/span>\n\t\t\t\t\t\t<\/div>\n\t\t\t\t\t\t\n\t\t\t\t\t\t\n\t\t\t\t\t\t\n\t\t\t\t\t\t<\/div>\t\t\t\n\t\t\t\t<div id=\"dpt-wrapper-928\" class=\"dpt-wrapper dpt-grid1 multi-col dpt-mason-wrap\" >\n\n\t\t\t\t\t\t\t\t\t\t\t<div class=\"dpt-entry has-thumbnail\" data-title=\"filemaker-konferenz 2025: ki, community und ein unerwarteter vorfall\" data-id=\"2898\"  data-category=\"allgemein filemaker &amp; erp ki-systeme stories &amp; humor\" data-post_tag=\"datenbanken erp-software filemaker gfm-business k\u00fcnstliche intelligenz\">\n\t\t\t\t\t\t\t<div class=\"dpt-entry-wrapper\"><div class=\"dpt-featured-content\"><div class=\"dpt-permalink\"><a href=\"https:\/\/www.markus-schall.de\/pt\/2025\/09\/conferencia-filemaker-2025-ki-comunidade-e-um-incidente-inesperado\/\" class=\"dpt-permalink\"><span class=\"screen-reader-text\">Confer\u00eancia FileMaker 2025: IA, comunidade e um incidente inesperado<\/span><\/a><\/div><div class=\"dpt-thumbnail\"><div class=\"dpt-thumbnail-inner\"><img width=\"1024\" height=\"512\" class=\"attachment-full size-full\" alt=\"FileMaker Confer\u00eancia 2025: Alarme de inc\u00eandio com bombeiros\" context=\"dpt\" data-dpt-src=\"https:\/\/www.markus-schall.de\/wp-content\/uploads\/FMK2025-Feueralarm-1.jpg\" data-dpt-sizes=\"(max-width: 1024px) 100vw, 1024px\" data-dpt-srcset=\"https:\/\/www.markus-schall.de\/wp-content\/uploads\/FMK2025-Feueralarm-1.jpg 1024w, https:\/\/www.markus-schall.de\/wp-content\/uploads\/FMK2025-Feueralarm-1-300x150.jpg 300w, https:\/\/www.markus-schall.de\/wp-content\/uploads\/FMK2025-Feueralarm-1-768x384.jpg 768w, https:\/\/www.markus-schall.de\/wp-content\/uploads\/FMK2025-Feueralarm-1-18x9.jpg 18w\" \/><\/div><span class=\"dpt-thumbnail-aspect-ratio\" style=\"padding-top: 50%\"><\/span><\/div><\/div><div class=\"sub-entry\"><h3 class=\"dpt-title\"><a class=\"dpt-title-link\" href=\"https:\/\/www.markus-schall.de\/pt\/2025\/09\/conferencia-filemaker-2025-ki-comunidade-e-um-incidente-inesperado\/\" rel=\"bookmark\">Confer\u00eancia FileMaker 2025: IA, comunidade e um incidente inesperado<\/a><\/h3><\/div><\/div>\n\t\t\t\t\t\t<\/div><!-- .dpt-entry -->\n\t\t\t\t\t\t\t\t\t\t\t\t<div class=\"dpt-entry has-thumbnail\" data-title=\"sehen wir uns auf der filemaker-konferenz fmk 2025 in hamburg?\" data-id=\"2670\"  data-category=\"filemaker &amp; erp\" data-post_tag=\"erp-software filemaker gfm-business\">\n\t\t\t\t\t\t\t<div class=\"dpt-entry-wrapper\"><div class=\"dpt-featured-content\"><div class=\"dpt-permalink\"><a href=\"https:\/\/www.markus-schall.de\/pt\/2025\/08\/vemo-nos-na-conferencia-filemaker-fmk-2025-em-hamburgo\/\" class=\"dpt-permalink\"><span class=\"screen-reader-text\">Vemo-nos na confer\u00eancia FileMaker FMK 2025 em Hamburgo?<\/span><\/a><\/div><div class=\"dpt-thumbnail\"><div class=\"dpt-thumbnail-inner\"><img width=\"2560\" height=\"491\" class=\"attachment-full size-full\" alt=\"FileMaker Confer\u00eancia FMK2025\" context=\"dpt\" data-dpt-src=\"https:\/\/www.markus-schall.de\/wp-content\/uploads\/filemaker-konferenz-fmk2025-scaled.jpg\" data-dpt-sizes=\"(max-width: 2560px) 100vw, 2560px\" data-dpt-srcset=\"https:\/\/www.markus-schall.de\/wp-content\/uploads\/filemaker-konferenz-fmk2025-scaled.jpg 2560w, https:\/\/www.markus-schall.de\/wp-content\/uploads\/filemaker-konferenz-fmk2025-300x58.jpg 300w, https:\/\/www.markus-schall.de\/wp-content\/uploads\/filemaker-konferenz-fmk2025-1024x196.jpg 1024w, https:\/\/www.markus-schall.de\/wp-content\/uploads\/filemaker-konferenz-fmk2025-768x147.jpg 768w, https:\/\/www.markus-schall.de\/wp-content\/uploads\/filemaker-konferenz-fmk2025-1536x295.jpg 1536w, https:\/\/www.markus-schall.de\/wp-content\/uploads\/filemaker-konferenz-fmk2025-2048x393.jpg 2048w, https:\/\/www.markus-schall.de\/wp-content\/uploads\/filemaker-konferenz-fmk2025-18x3.jpg 18w\" \/><\/div><span class=\"dpt-thumbnail-aspect-ratio\" style=\"padding-top: 19%\"><\/span><\/div><\/div><div class=\"sub-entry\"><h3 class=\"dpt-title\"><a class=\"dpt-title-link\" href=\"https:\/\/www.markus-schall.de\/pt\/2025\/08\/vemo-nos-na-conferencia-filemaker-fmk-2025-em-hamburgo\/\" rel=\"bookmark\">Vemo-nos na confer\u00eancia FileMaker FMK 2025 em Hamburgo?<\/a><\/h3><\/div><\/div>\n\t\t\t\t\t\t<\/div><!-- .dpt-entry -->\n\t\t\t\t\t\t\t\t\t\t\t\t<div class=\"dpt-entry has-thumbnail\" data-title=\"forum zur gfm-business erp-software und claris filemaker\" data-id=\"2393\"  data-category=\"filemaker &amp; erp\" data-post_tag=\"erp-software filemaker gfm-business\">\n\t\t\t\t\t\t\t<div class=\"dpt-entry-wrapper\"><div class=\"dpt-featured-content\"><div class=\"dpt-permalink\"><a href=\"https:\/\/www.markus-schall.de\/pt\/2023\/10\/forum-sobre-o-software-gfm-business-erp-e-claris-filemaker\/\" class=\"dpt-permalink\"><span class=\"screen-reader-text\">F\u00f3rum para o software ERP gFM-Business e Claris FileMaker<\/span><\/a><\/div><div class=\"dpt-thumbnail\"><div class=\"dpt-thumbnail-inner\"><img width=\"1024\" height=\"808\" class=\"attachment-full size-full\" alt=\"Software ERP e F\u00f3rum FileMaker\" context=\"dpt\" data-dpt-src=\"https:\/\/www.markus-schall.de\/wp-content\/uploads\/erp-software-filemaker-forum.jpg\" data-dpt-sizes=\"(max-width: 1024px) 100vw, 1024px\" data-dpt-srcset=\"https:\/\/www.markus-schall.de\/wp-content\/uploads\/erp-software-filemaker-forum.jpg 1024w, https:\/\/www.markus-schall.de\/wp-content\/uploads\/erp-software-filemaker-forum-300x237.jpg 300w, https:\/\/www.markus-schall.de\/wp-content\/uploads\/erp-software-filemaker-forum-768x606.jpg 768w, https:\/\/www.markus-schall.de\/wp-content\/uploads\/erp-software-filemaker-forum-15x12.jpg 15w\" \/><\/div><span class=\"dpt-thumbnail-aspect-ratio\" style=\"padding-top: 79%\"><\/span><\/div><\/div><div class=\"sub-entry\"><h3 class=\"dpt-title\"><a class=\"dpt-title-link\" href=\"https:\/\/www.markus-schall.de\/pt\/2023\/10\/forum-sobre-o-software-gfm-business-erp-e-claris-filemaker\/\" rel=\"bookmark\">F\u00f3rum para o software ERP gFM-Business e Claris FileMaker<\/a><\/h3><\/div><\/div>\n\t\t\t\t\t\t<\/div><!-- .dpt-entry -->\n\t\t\t\t\t\t\n\t\t\t\t<\/div>\n\t\t\t\t\t\t<\/div>\n\t\t\t\n<hr \/>\n<h2>Eis algumas das principais vantagens do software ERP personaliz\u00e1vel:<\/h2>\n<ol>\n<li><strong>Flexibilidade<\/strong>O software ERP personaliz\u00e1vel pode ser adaptado \u00e0s necessidades espec\u00edficas de uma empresa, incluindo a personaliza\u00e7\u00e3o dos processos empresariais, dos relat\u00f3rios, da interface do utilizador e muito mais. Isto permite \u00e0s empresas gerir melhor os seus processos empresariais e adaptar o software \u00e0s suas necessidades.<\/li>\n<li><strong>Escalabilidade<\/strong>O software ERP personaliz\u00e1vel pode ser escal\u00e1vel e adaptado ao crescimento da empresa. As empresas podem adicionar ou remover m\u00f3dulos para garantir que o software satisfaz as necessidades da organiza\u00e7\u00e3o.<\/li>\n<li><strong>Efici\u00eancia<\/strong>O software ERP personaliz\u00e1vel pode aumentar a efici\u00eancia dos processos empresariais, reduzindo as actividades redundantes, automatizando os fluxos de trabalho e fornecendo dados em tempo real. Isto leva a um aumento da produtividade e da rentabilidade da empresa.<\/li>\n<li><strong>Vantagem competitiva<\/strong>As empresas que utilizam software ERP personaliz\u00e1vel podem obter uma vantagem competitiva ao optimizarem os seus processos empresariais e reagirem mais rapidamente \u00e0s mudan\u00e7as do mercado.<\/li>\n<li><strong>Dados normalizados<\/strong>Ao utilizar um software ERP personaliz\u00e1vel, as empresas podem garantir que todos os departamentos utilizam os mesmos dados. Isto ajuda a melhorar a precis\u00e3o e a fiabilidade das decis\u00f5es empresariais.<\/li>\n<li><strong>Integra\u00e7\u00e3o<\/strong>O software ERP personaliz\u00e1vel pode ser integrado com outras aplica\u00e7\u00f5es empresariais, tais como software CRM, sistemas de com\u00e9rcio eletr\u00f3nico, sistemas de gest\u00e3o da cadeia de abastecimento e outros. Isto permite que as organiza\u00e7\u00f5es trabalhem sem problemas e partilhem informa\u00e7\u00f5es de forma eficaz.<\/li>\n<\/ol>\n<h2>Software ERP personaliz\u00e1vel para m\u00e1xima flexibilidade<\/h2>\n<p>Em geral, o software ERP personaliz\u00e1vel oferece uma variedade de benef\u00edcios para as empresas que procuram um software que integre e adapte os seus processos empresariais. As empresas podem tornar-se mais eficientes, produtivas e competitivas atrav\u00e9s da utiliza\u00e7\u00e3o de software ERP personaliz\u00e1vel.<\/p>\n<div class=\"lyte-wrapper\" style=\"width:640px;max-width:100%;margin:5px;\"><div class=\"lyMe\" id=\"WYL_W3ZsRB2aR_o\"><div id=\"lyte_W3ZsRB2aR_o\" data-src=\"https:\/\/www.markus-schall.de\/wp-content\/plugins\/wp-youtube-lyte\/lyteCache.php?origThumbUrl=%2F%2Fi.ytimg.com%2Fvi%2FW3ZsRB2aR_o%2Fhqdefault.jpg\" class=\"pL\"><div class=\"tC\"><div class=\"tT\"><\/div><\/div><div class=\"play\"><\/div><div class=\"ctrl\"><div class=\"Lctrl\"><\/div><div class=\"Rctrl\"><\/div><\/div><\/div><noscript><a href=\"https:\/\/youtu.be\/W3ZsRB2aR_o\" rel=\"nofollow noopener\" target=\"_blank\"><img loading=\"lazy\" decoding=\"async\" src=\"https:\/\/www.markus-schall.de\/wp-content\/plugins\/wp-youtube-lyte\/lyteCache.php?origThumbUrl=https%3A%2F%2Fi.ytimg.com%2Fvi%2FW3ZsRB2aR_o%2F0.jpg\" alt=\"Miniatura de v\u00eddeo do YouTube\" width=\"640\" height=\"340\" \/><br \/>Ver este v\u00eddeo no YouTube<\/a><\/noscript><\/div><\/div><div class=\"lL\" style=\"max-width:100%;width:640px;margin:5px;\"><\/div><\/p>\n<h2>gFM-Business Software ERP para Apple Mac, Windows e iOS<\/h2>\n<p>O <a href=\"https:\/\/gofilemaker.de\/pt\/gfm-gestao-comercial-de-mercadorias\/\" target=\"_blank\" rel=\"noopener\"><strong>gFM-Business Software ERP<\/strong><\/a> \u00e9 uma solu\u00e7\u00e3o comercial personaliz\u00e1vel para empresas. O software oferece uma variedade de fun\u00e7\u00f5es, incluindo a gest\u00e3o de clientes, fornecedores, bens e servi\u00e7os, bem como o processamento de encomendas, facturas e pagamentos. O software tamb\u00e9m pode ser utilizado para a contabilidade e a cria\u00e7\u00e3o de relat\u00f3rios.<\/p>\n<p>Uma vantagem particular do software ERP gFM-Business \u00e9 a sua capacidade de personaliza\u00e7\u00e3o. As empresas podem adaptar o software \u00e0s suas necessidades individuais, acrescentando ou alterando campos, formul\u00e1rios e relat\u00f3rios. O software tamb\u00e9m pode ser integrado em sistemas de TI existentes para garantir uma transfer\u00eancia de dados sem problemas.<\/p>\n<p>O software ERP gFM-Business \u00e9 adequado para pequenas e m\u00e9dias empresas e oferece uma interface de f\u00e1cil utiliza\u00e7\u00e3o, bem como op\u00e7\u00f5es de forma\u00e7\u00e3o e apoio extensivas. O software tamb\u00e9m est\u00e1 dispon\u00edvel em diferentes vers\u00f5es para atender \u00e0s necessidades e ao or\u00e7amento da empresa.<\/p>","protected":false},"excerpt":{"rendered":"<p>O software ERP (Enterprise Resource Planning) \u00e9 um tipo de software empresarial que integra v\u00e1rios processos empresariais, tais como finan\u00e7as, compras, produ\u00e7\u00e3o, armazenamento, vendas e recursos humanos. O software ERP personaliz\u00e1vel oferece uma s\u00e9rie de vantagens \u00e0s empresas que o utilizam.<\/p>","protected":false},"author":1,"featured_media":2376,"comment_status":"open","ping_status":"open","sticky":false,"template":"","format":"standard","meta":{"iawp_total_views":4,"footnotes":""},"categories":[3],"tags":[398,410,414],"class_list":["post-2375","post","type-post","status-publish","format-standard","has-post-thumbnail","hentry","category-filemaker","tag-erp-software","tag-filemaker","tag-gfm-business"],"_links":{"self":[{"href":"https:\/\/www.markus-schall.de\/pt\/wp-json\/wp\/v2\/posts\/2375","targetHints":{"allow":["GET"]}}],"collection":[{"href":"https:\/\/www.markus-schall.de\/pt\/wp-json\/wp\/v2\/posts"}],"about":[{"href":"https:\/\/www.markus-schall.de\/pt\/wp-json\/wp\/v2\/types\/post"}],"author":[{"embeddable":true,"href":"https:\/\/www.markus-schall.de\/pt\/wp-json\/wp\/v2\/users\/1"}],"replies":[{"embeddable":true,"href":"https:\/\/www.markus-schall.de\/pt\/wp-json\/wp\/v2\/comments?post=2375"}],"version-history":[{"count":2,"href":"https:\/\/www.markus-schall.de\/pt\/wp-json\/wp\/v2\/posts\/2375\/revisions"}],"predecessor-version":[{"id":3343,"href":"https:\/\/www.markus-schall.de\/pt\/wp-json\/wp\/v2\/posts\/2375\/revisions\/3343"}],"wp:featuredmedia":[{"embeddable":true,"href":"https:\/\/www.markus-schall.de\/pt\/wp-json\/wp\/v2\/media\/2376"}],"wp:attachment":[{"href":"https:\/\/www.markus-schall.de\/pt\/wp-json\/wp\/v2\/media?parent=2375"}],"wp:term":[{"taxonomy":"category","embeddable":true,"href":"https:\/\/www.markus-schall.de\/pt\/wp-json\/wp\/v2\/categories?post=2375"},{"taxonomy":"post_tag","embeddable":true,"href":"https:\/\/www.markus-schall.de\/pt\/wp-json\/wp\/v2\/tags?post=2375"}],"curies":[{"name":"wp","href":"https:\/\/api.w.org\/{rel}","templated":true}]}}