{"id":3383,"date":"2025-11-07T09:55:49","date_gmt":"2025-11-07T09:55:49","guid":{"rendered":"https:\/\/www.markus-schall.de\/?p=3383"},"modified":"2025-12-16T13:53:45","modified_gmt":"2025-12-16T13:53:45","slug":"a-sua-opiniao-conta-novos-inqueritos-sobre-temas-actuais","status":"publish","type":"post","link":"https:\/\/www.markus-schall.de\/pt\/2025\/11\/a-sua-opiniao-conta-novos-inqueritos-sobre-temas-actuais\/","title":{"rendered":"A sua opini\u00e3o conta - Novos inqu\u00e9ritos sobre temas actuais"},"content":{"rendered":"<p>Uma revista vive da troca - agora tamb\u00e9m de forma interactiva. Quem me conhece sabe que n\u00e3o escrevo para pregar - mas para iniciar processos de pensamento. Os artigos no meu s\u00edtio Web nunca foram uma via de sentido \u00fanico, mas sim um convite \u00e0 reflex\u00e3o. No entanto, o que faltava at\u00e9 agora era a oportunidade de os leitores tomarem uma posi\u00e7\u00e3o muito espec\u00edfica - de forma an\u00f3nima, honesta e direta. \u00c9 exatamente isso que est\u00e1 a mudar agora.<\/p>\n<p>A partir de agora, pode encontrar no meu s\u00edtio sondagens interactivas integradas diretamente nos artigos sobre temas espec\u00edficos - e que aparecem tamb\u00e9m rotativamente na barra lateral. \u00c9 um passo que j\u00e1 devia ter sido dado h\u00e1 muito tempo: porque num mundo em que cada vez mais opini\u00f5es s\u00e3o impostas de cima para baixo, cada opini\u00e3o livremente expressa de baixo para cima \u00e9 um peda\u00e7o de soberania digital.<!--more--><\/p>\n<hr \/>\n\n\t\t\t<div class=\"display-post-types\">\n\n\t\t\t\t\t\t\t<style type=\"text\/css\">\n\t\t\t#dpt-wrapper-368 { --dpt-text-align: left;--dpt-image-crop: center;--dpt-border-radius: 5px;--dpt-small-grid-column: 33.33%;--dpt-large-grid-column: 33.3333333333%;--dpt-h-gutter: 12.5px;--dpt-v-gutter: 10px; }\t\t\t<\/style>\n\t\t\t<style type=\"text\/css\">#dpt-wrapper-368 { --dpt-title-font-style:normal;--dpt-title-font-weight:600;--dpt-title-line-height:1.5;--dpt-title-text-decoration:none;--dpt-title-text-transform:none;--dpt-excerpt-font-style:normal;--dpt-excerpt-font-weight:400;--dpt-excerpt-line-height:1.5;--dpt-excerpt-text-decoration:none;--dpt-excerpt-text-transform:none;--dpt-meta1-font-style:normal;--dpt-meta1-font-weight:400;--dpt-meta1-line-height:1.9;--dpt-meta1-text-decoration:none;--dpt-meta1-text-transform:none;--dpt-meta2-font-style:normal;--dpt-meta2-font-weight:400;--dpt-meta2-line-height:1.9;--dpt-meta2-text-decoration:none;--dpt-meta2-text-transform:none; }<\/style><div class=\"dpt-main-header\">\n\t\t\t\t\t\t<div class=\"dpt-main-title\">\n\t\t\t\t\t\t\t<span class=\"dpt-main-title-text\">Quest\u00f5es sociais actuais<\/span>\n\t\t\t\t\t\t<\/div>\n\t\t\t\t\t\t\n\t\t\t\t\t\t\n\t\t\t\t\t\t\n\t\t\t\t\t\t<\/div>\t\t\t\n\t\t\t\t<div id=\"dpt-wrapper-368\" class=\"dpt-wrapper dpt-grid1 multi-col dpt-mason-wrap\" >\n\n\t\t\t\t\t\t\t\t\t\t\t<div class=\"dpt-entry has-thumbnail\" data-title=\"der digitale euro kommt \u2013 was er bedeutet, was er nicht darf, und was er k\u00f6nnte\" data-id=\"3345\"  data-category=\"allgemein apple iphone &amp; ipad gesellschaft\" data-post_tag=\"datenschutz eu-gesetze europa ratgeber\">\n\t\t\t\t\t\t\t<div class=\"dpt-entry-wrapper\"><div class=\"dpt-featured-content\"><div class=\"dpt-permalink\"><a href=\"https:\/\/www.markus-schall.de\/pt\/2025\/11\/o-euro-digital-esta-a-chegar-o-que-significa-o-que-nao-deve-fazer-e-o-que-pode-fazer\/\" class=\"dpt-permalink\"><span class=\"screen-reader-text\">O euro digital est\u00e1 a chegar - o que significa, o que n\u00e3o deve fazer e o que pode fazer<\/span><\/a><\/div><div class=\"dpt-thumbnail\"><div class=\"dpt-thumbnail-inner\"><img width=\"1024\" height=\"683\" class=\"attachment-full size-full\" alt=\"O euro digital est\u00e1 a chegar\" context=\"dpt\" data-dpt-src=\"https:\/\/www.markus-schall.de\/wp-content\/uploads\/Digitaler-Euro.jpg\" data-dpt-sizes=\"(max-width: 1024px) 100vw, 1024px\" data-dpt-srcset=\"https:\/\/www.markus-schall.de\/wp-content\/uploads\/Digitaler-Euro.jpg 1024w, https:\/\/www.markus-schall.de\/wp-content\/uploads\/Digitaler-Euro-300x200.jpg 300w, https:\/\/www.markus-schall.de\/wp-content\/uploads\/Digitaler-Euro-768x512.jpg 768w, https:\/\/www.markus-schall.de\/wp-content\/uploads\/Digitaler-Euro-18x12.jpg 18w\" \/><\/div><span class=\"dpt-thumbnail-aspect-ratio\" style=\"padding-top: 67%\"><\/span><\/div><\/div><div class=\"sub-entry\"><h3 class=\"dpt-title\"><a class=\"dpt-title-link\" href=\"https:\/\/www.markus-schall.de\/pt\/2025\/11\/o-euro-digital-esta-a-chegar-o-que-significa-o-que-nao-deve-fazer-e-o-que-pode-fazer\/\" rel=\"bookmark\">O euro digital est\u00e1 a chegar - o que significa, o que n\u00e3o deve fazer e o que pode fazer<\/a><\/h3><\/div><\/div>\n\t\t\t\t\t\t<\/div><!-- .dpt-entry -->\n\t\t\t\t\t\t\t\t\t\t\t\t<div class=\"dpt-entry has-thumbnail\" data-title=\"europa zwischen meinungsfreiheit und regulierung: neues us-infoportal wirft fragen auf\" data-id=\"5102\"  data-category=\"allgemein gesellschaft\" data-post_tag=\"denkmodelle deutschland eu-gesetze europa geopolitik krisen meinungsfreiheit spieltheorie\">\n\t\t\t\t\t\t\t<div class=\"dpt-entry-wrapper\"><div class=\"dpt-featured-content\"><div class=\"dpt-permalink\"><a href=\"https:\/\/www.markus-schall.de\/pt\/2026\/03\/a-europa-entre-a-liberdade-de-expressao-e-a-regulamentacao-novo-portal-de-informacao-dos-eua-levanta-questoes\/\" class=\"dpt-permalink\"><span class=\"screen-reader-text\">A Europa entre a liberdade de express\u00e3o e a regulamenta\u00e7\u00e3o: o novo portal de informa\u00e7\u00e3o dos EUA levanta quest\u00f5es<\/span><\/a><\/div><div class=\"dpt-thumbnail\"><div class=\"dpt-thumbnail-inner\"><img width=\"1024\" height=\"683\" class=\"attachment-full size-full\" alt=\"Censura na UE, discurso de \u00f3dio e o novo portal dos EUA\" context=\"dpt\" data-dpt-src=\"https:\/\/www.markus-schall.de\/wp-content\/uploads\/EU-Hatespeech-US-Portal.jpg\" data-dpt-sizes=\"(max-width: 1024px) 100vw, 1024px\" data-dpt-srcset=\"https:\/\/www.markus-schall.de\/wp-content\/uploads\/EU-Hatespeech-US-Portal.jpg 1024w, https:\/\/www.markus-schall.de\/wp-content\/uploads\/EU-Hatespeech-US-Portal-300x200.jpg 300w, https:\/\/www.markus-schall.de\/wp-content\/uploads\/EU-Hatespeech-US-Portal-768x512.jpg 768w, https:\/\/www.markus-schall.de\/wp-content\/uploads\/EU-Hatespeech-US-Portal-18x12.jpg 18w\" \/><\/div><span class=\"dpt-thumbnail-aspect-ratio\" style=\"padding-top: 67%\"><\/span><\/div><\/div><div class=\"sub-entry\"><h3 class=\"dpt-title\"><a class=\"dpt-title-link\" href=\"https:\/\/www.markus-schall.de\/pt\/2026\/03\/a-europa-entre-a-liberdade-de-expressao-e-a-regulamentacao-novo-portal-de-informacao-dos-eua-levanta-questoes\/\" rel=\"bookmark\">A Europa entre a liberdade de express\u00e3o e a regulamenta\u00e7\u00e3o: o novo portal de informa\u00e7\u00e3o dos EUA levanta quest\u00f5es<\/a><\/h3><\/div><\/div>\n\t\t\t\t\t\t<\/div><!-- .dpt-entry -->\n\t\t\t\t\t\t\t\t\t\t\t\t<div class=\"dpt-entry has-thumbnail\" data-title=\"auswandern nach tschechien: mein weg, meine gr\u00fcnde, meine pl\u00e4ne\" data-id=\"3069\"  data-category=\"allgemein gesellschaft\" data-post_tag=\"auswandern erfahrungen krisen pers\u00f6nlichkeitsentwicklung ratgeber\">\n\t\t\t\t\t\t\t<div class=\"dpt-entry-wrapper\"><div class=\"dpt-featured-content\"><div class=\"dpt-permalink\"><a href=\"https:\/\/www.markus-schall.de\/pt\/2025\/10\/emigrar-para-a-republica-checa-a-minha-maneira-as-minhas-razoes-os-meus-planos\/\" class=\"dpt-permalink\"><span class=\"screen-reader-text\">Emigrar para a Rep\u00fablica Checa: o meu percurso, as minhas raz\u00f5es, os meus planos<\/span><\/a><\/div><div class=\"dpt-thumbnail\"><div class=\"dpt-thumbnail-inner\"><img width=\"2560\" height=\"1558\" class=\"attachment-full size-full\" alt=\"Emigrar para a Rep\u00fablica Checa\" context=\"dpt\" data-dpt-src=\"https:\/\/www.markus-schall.de\/wp-content\/uploads\/auswandern-tschechien-titel-scaled.jpg\" data-dpt-sizes=\"(max-width: 2560px) 100vw, 2560px\" data-dpt-srcset=\"https:\/\/www.markus-schall.de\/wp-content\/uploads\/auswandern-tschechien-titel-scaled.jpg 2560w, https:\/\/www.markus-schall.de\/wp-content\/uploads\/auswandern-tschechien-titel-300x183.jpg 300w, https:\/\/www.markus-schall.de\/wp-content\/uploads\/auswandern-tschechien-titel-1024x623.jpg 1024w, https:\/\/www.markus-schall.de\/wp-content\/uploads\/auswandern-tschechien-titel-768x467.jpg 768w, https:\/\/www.markus-schall.de\/wp-content\/uploads\/auswandern-tschechien-titel-1536x935.jpg 1536w, https:\/\/www.markus-schall.de\/wp-content\/uploads\/auswandern-tschechien-titel-2048x1246.jpg 2048w, https:\/\/www.markus-schall.de\/wp-content\/uploads\/auswandern-tschechien-titel-18x12.jpg 18w\" \/><\/div><span class=\"dpt-thumbnail-aspect-ratio\" style=\"padding-top: 61%\"><\/span><\/div><\/div><div class=\"sub-entry\"><h3 class=\"dpt-title\"><a class=\"dpt-title-link\" href=\"https:\/\/www.markus-schall.de\/pt\/2025\/10\/emigrar-para-a-republica-checa-a-minha-maneira-as-minhas-razoes-os-meus-planos\/\" rel=\"bookmark\">Emigrar para a Rep\u00fablica Checa: o meu percurso, as minhas raz\u00f5es, os meus planos<\/a><\/h3><\/div><\/div>\n\t\t\t\t\t\t<\/div><!-- .dpt-entry -->\n\t\t\t\t\t\t\n\t\t\t\t<\/div>\n\t\t\t\t\t\t<\/div>\n\t\t\t\n<hr \/>\n<h2>Qual \u00e9 o objetivo destes inqu\u00e9ritos?<\/h2>\n<p>A ideia \u00e9 muito simples: n\u00e3o sou s\u00f3 eu que dou a minha opini\u00e3o - voc\u00eas tamb\u00e9m d\u00e3o. Afinal, de que servem as an\u00e1lises aprofundadas se ningu\u00e9m sabe o que os outros leitores pensam sobre elas?<\/p>\n<p>Com os novos inqu\u00e9ritos, estou a criar uma pe\u00e7a de interatividade que n\u00e3o polariza, mas permite nuances. Sem cookies de rastreio, sem defini\u00e7\u00e3o do perfil do utilizador -<\/p>\n<blockquote><p>Em vez disso, feedback an\u00f3nimo em forma de percentagem.<\/p><\/blockquote>\n<p>Quer saber o que os outros pensam sobre temas como o servi\u00e7o militar obrigat\u00f3rio, a IA, a CMD ou o euro digital? Ent\u00e3o clique aqui - e fa\u00e7a parte de um espa\u00e7o de pensamento descentralizado que n\u00e3o depende de gostos e partilhas, mas de um posicionamento honesto.<\/p>\n<h3>A sua opini\u00e3o conta - tamb\u00e9m na sec\u00e7\u00e3o de coment\u00e1rios<\/h3>\n<p>Quem quiser partilhar algo para al\u00e9m dos inqu\u00e9ritos ou dar a sua opini\u00e3o pessoal sobre um tema espec\u00edfico pode, naturalmente, utilizar a fun\u00e7\u00e3o de coment\u00e1rios em cada artigo, como habitualmente. H\u00e1 espa\u00e7o para pensamentos, perguntas, adi\u00e7\u00f5es ou para as suas pr\u00f3prias experi\u00eancias.<\/p>\n<p>Os coment\u00e1rios s\u00e3o expressamente bem-vindos - quer sejam cr\u00edticos, concordantes ou simplesmente atenciosos. Todos os coment\u00e1rios ajudam-nos a olhar para os temas de diferentes perspectivas e a manter o di\u00e1logo vivo. Porque \u00e9 disso que se trata: um di\u00e1logo respeitoso e aberto que vai para al\u00e9m dos meros t\u00edtulos. Devido a alguns coment\u00e1rios de spam, esta fun\u00e7\u00e3o \u00e9 moderada. Os coment\u00e1rios s\u00e3o activados manualmente e, por isso, s\u00f3 podem ser vistos em linha um pouco mais tarde.<\/p>\n<h2>Os dez primeiros inqu\u00e9ritos actuais<\/h2>\n<p>Abaixo encontrar\u00e1 dez inqu\u00e9ritos actuais, alguns dos quais est\u00e3o integrados em artigos, outros apenas acess\u00edveis atrav\u00e9s da barra lateral - e agora tamb\u00e9m aqui, num \u00fanico local. Pode simplesmente passar por todos eles, mas \u00e9 claro que n\u00e3o precisa de o fazer. Mas se quiser promover um pouco de diversidade de opini\u00f5es com os seus cliques - ent\u00e3o veio ao s\u00edtio certo.<\/p>\n<hr \/>\n<h3>Confian\u00e7a na pol\u00edtica e nos media - o que \u00e9 que se passa?<\/h3>\n<p>A confian\u00e7a \u00e9 a moeda de qualquer sociedade est\u00e1vel - mas, nos \u00faltimos anos, essa confian\u00e7a tem sido abalada em muitos s\u00edtios. Esc\u00e2ndalos, contradi\u00e7\u00f5es, ret\u00f3rica question\u00e1vel e decis\u00f5es pol\u00edticas que muitas vezes levantam mais quest\u00f5es do que respondem mudaram permanentemente a forma como muitas pessoas v\u00eaem a pol\u00edtica e os media. Como \u00e9 que se sente em rela\u00e7\u00e3o a isto? Continua a confiar nas autoridades oficiais e nos meios de comunica\u00e7\u00e3o social tradicionais ou j\u00e1 come\u00e7ou a formar a sua pr\u00f3pria opini\u00e3o h\u00e1 muito tempo?<\/p>\n<p><strong>Vote agora e mostre-nos qual \u00e9 a sua posi\u00e7\u00e3o.<\/strong><\/p>\n<div class='bootstrap-yop yop-poll-mc'>\n\t\t\t\t\t\t\t<div class=\"basic-yop-poll-container\" style=\"background-color:#ffffff; border:0px; border-style:solid; border-color:#000000; border-radius:5px; padding:0px 5px;\" data-id=\"1\" data-temp=\"basic-pretty\" data-skin=\"square\" data-cscheme=\"blue\" data-cap=\"0\" data-access=\"guest\" data-tid=\"\" data-uid=\"1295c3d649e40fbc248cb2197416bb91\" data-pid=\"3069\" data-resdet=\"votes-number,percentages\" data-show-results-to=\"guest\" data-show-results-moment=\"after-vote\" data-show-results-only=\"false\" data-show-message=\"true\" data-show-results-as=\"bar\" data-sort-results-by=\"as-defined\" data-sort-results-rule=\"asc\"data-is-ended=\"0\" data-percentages-decimals=\"2\" data-gdpr=\"no\" data-gdpr-sol=\"consent\" data-css=\"\" data-counter=\"0\" data-load-with=\"1\" data-notification-section=\"top\"><div class=\"row\"><div class=\"col-md-12\"><div class=\"basic-inner\"><div class=\"basic-message hide\" style=\"border-left: 10px solid #008000; padding: 0px 10px;\" data-error=\"#ff0000\" data-success=\"#008000\"><p class=\"basic-message-text\" style=\"color:#000000; font-size:14px; font-weight:normal;\"><\/p><\/div><div class=\"basic-overlay hide\"><div class=\"basic-vote-options\"><\/div><div class=\"basic-preloader\"><div class=\"basic-windows8\"><div class=\"basic-wBall basic-wBall_1\"><div class=\"basic-wInnerBall\"><\/div><\/div><div class=\"basic-wBall basic-wBall_2\"><div class=\"basic-wInnerBall\"><\/div><\/div><div class=\"basic-wBall basic-wBall_3\"><div class=\"basic-wInnerBall\"><\/div><\/div><div class=\"basic-wBall basic-wBall_4\"><div class=\"basic-wInnerBall\"><\/div><\/div><div class=\"basic-wBall basic-wBall_5\"><div class=\"basic-wInnerBall\"><\/div><\/div><\/div><\/div><\/div><form class=\"basic-form\" action=\"\"><input type=\"hidden\" name=\"_token\" value=\"f25084482d\" autocomplete=\"off\"><div class=\"basic-elements\"><div class=\"basic-element basic-question basic-question-text-vertical\" data-id=\"1\" data-uid=\"6d6142d2aca7cac628d5cb2d1e1efc2e\" data-type=\"question\" data-question-type=\"text\" data-required=\"yes\" data-allow-multiple=\"no\" data-min=\"1\" data-max=\"1\" data-display=\"vertical\" data-colnum=\"\" data-display-others=\"no\" data-others-color=\"\" data-others=\"\" data-others-max-chars=\"0\"><div class=\"basic-question-title\"><h5 style=\"color:#000000; font-size:16px; font-weight:normal; text-align:left;\">Qual \u00e9 a sua confian\u00e7a na pol\u00edtica e nos meios de comunica\u00e7\u00e3o social na Alemanha?<\/h5><\/div><ul class=\"basic-answers\"><li class=\"basic-answer\" style=\"padding:0px 0px;\" data-id=\"1\" data-type=\"text\" data-vn=\"10\" data-color=\"#000000\" data-make-link=\"no\" data-link=\"\"><div class=\"basic-answer-content basic-text-vertical\"><label for=\"answer[1]\" class=\"basic-answer-label\"><input type=\"radio\" id=\"answer[1]\" name=\"answer[1]\" value=\"1\"><span class=\"basic-text\" style=\"color: #000000; font-size: 14px; font-weight: normal;\">Muito elevado - Confio plenamente nos organismos oficiais<\/span><\/label><\/div><\/li><li class=\"basic-answer\" style=\"padding:0px 0px;\" data-id=\"2\" data-type=\"text\" data-vn=\"22\" data-color=\"#000000\" data-make-link=\"no\" data-link=\"\"><div class=\"basic-answer-content basic-text-vertical\"><label for=\"answer[2]\" class=\"basic-answer-label\"><input type=\"radio\" id=\"answer[2]\" name=\"answer[1]\" value=\"2\"><span class=\"basic-text\" style=\"color: #000000; font-size: 14px; font-weight: normal;\">M\u00e9dio - Estou cauteloso, mas n\u00e3o fundamentalmente desconfiado<\/span><\/label><\/div><\/li><li class=\"basic-answer\" style=\"padding:0px 0px;\" data-id=\"3\" data-type=\"text\" data-vn=\"53\" data-color=\"#000000\" data-make-link=\"no\" data-link=\"\"><div class=\"basic-answer-content basic-text-vertical\"><label for=\"answer[3]\" class=\"basic-answer-label\"><input type=\"radio\" id=\"answer[3]\" name=\"answer[1]\" value=\"3\"><span class=\"basic-text\" style=\"color: #000000; font-size: 14px; font-weight: normal;\">Baixo - Eu pr\u00f3prio controlo muitas coisas<\/span><\/label><\/div><\/li><li class=\"basic-answer\" style=\"padding:0px 0px;\" data-id=\"4\" data-type=\"text\" data-vn=\"251\" data-color=\"#000000\" data-make-link=\"no\" data-link=\"\"><div class=\"basic-answer-content basic-text-vertical\"><label for=\"answer[4]\" class=\"basic-answer-label\"><input type=\"radio\" id=\"answer[4]\" name=\"answer[1]\" value=\"4\"><span class=\"basic-text\" style=\"color: #000000; font-size: 14px; font-weight: normal;\">Quase n\u00e3o existe - creio que muita coisa \u00e9 velada ou encenada<\/span><\/label><\/div><\/li><\/ul><\/div><div class=\"clearfix\"><\/div><\/div><div class=\"basic-vote\"><a href=\"#\" class=\"button basic-vote-button\" role=\"button\" style=\"background:#027bb8; border:0px; border-style: solid; border-color:#1636f0; border-radius:5px; padding:10px 10px; color:#ffffff; font-size:14px; font-weight:normal;\">Vota\u00e7\u00e3o<\/a><\/div><input type=\"hidden\" name=\"trp-form-language\" value=\"pt\"\/><\/form><\/div><\/div><\/div><\/div>\n\t\t\t\t\t\t<\/div>\n<hr \/>\n<h3>A digitaliza\u00e7\u00e3o na vida quotidiana - b\u00ean\u00e7\u00e3o, maldi\u00e7\u00e3o ou algo interm\u00e9dio?<\/h3>\n<p>Quase nenhuma outra \u00e1rea mudou tanto a nossa vida quotidiana como a digitaliza\u00e7\u00e3o. Seja no trabalho, nos cuidados de sa\u00fade, no comportamento dos consumidores ou na nossa vida privada - as tecnologias digitais s\u00e3o omnipresentes. Alguns v\u00eaem isto como um verdadeiro progresso, outros sentem-se sobrecarregados ou mesmo sem poder. Como \u00e9 que encara esta mudan\u00e7a? Enriquecedora, opressiva ou simplesmente ambivalente?<\/p>\n<p><strong>Participe no inqu\u00e9rito - a sua perspetiva conta.<\/strong><\/p>\n<div class='bootstrap-yop yop-poll-mc'>\n\t\t\t\t\t\t\t<div class=\"basic-yop-poll-container\" style=\"background-color:#ffffff; border:0px; border-style:solid; border-color:#000000; border-radius:5px; padding:0px 5px;\" data-id=\"2\" data-temp=\"basic-pretty\" data-skin=\"square\" data-cscheme=\"blue\" data-cap=\"0\" data-access=\"guest\" data-tid=\"\" data-uid=\"00a15005af7a6bb638a9e269cd40b536\" data-pid=\"3069\" data-resdet=\"votes-number,percentages\" data-show-results-to=\"guest\" data-show-results-moment=\"after-vote\" data-show-results-only=\"false\" data-show-message=\"true\" data-show-results-as=\"bar\" data-sort-results-by=\"as-defined\" data-sort-results-rule=\"asc\"data-is-ended=\"0\" data-percentages-decimals=\"2\" data-gdpr=\"no\" data-gdpr-sol=\"consent\" data-css=\"\" data-counter=\"0\" data-load-with=\"1\" data-notification-section=\"top\"><div class=\"row\"><div class=\"col-md-12\"><div class=\"basic-inner\"><div class=\"basic-message hide\" style=\"border-left: 10px solid #008000; padding: 0px 10px;\" data-error=\"#ff0000\" data-success=\"#008000\"><p class=\"basic-message-text\" style=\"color:#000000; font-size:14px; font-weight:normal;\"><\/p><\/div><div class=\"basic-overlay hide\"><div class=\"basic-vote-options\"><\/div><div class=\"basic-preloader\"><div class=\"basic-windows8\"><div class=\"basic-wBall basic-wBall_1\"><div class=\"basic-wInnerBall\"><\/div><\/div><div class=\"basic-wBall basic-wBall_2\"><div class=\"basic-wInnerBall\"><\/div><\/div><div class=\"basic-wBall basic-wBall_3\"><div class=\"basic-wInnerBall\"><\/div><\/div><div class=\"basic-wBall basic-wBall_4\"><div class=\"basic-wInnerBall\"><\/div><\/div><div class=\"basic-wBall basic-wBall_5\"><div class=\"basic-wInnerBall\"><\/div><\/div><\/div><\/div><\/div><form class=\"basic-form\" action=\"\"><input type=\"hidden\" name=\"_token\" value=\"3727dc5984\" autocomplete=\"off\"><div class=\"basic-elements\"><div class=\"basic-element basic-question basic-question-text-vertical\" data-id=\"2\" data-uid=\"fb3b4e221f6fa0fa7c705dfcac7a9373\" data-type=\"question\" data-question-type=\"text\" data-required=\"yes\" data-allow-multiple=\"no\" data-min=\"1\" data-max=\"1\" data-display=\"vertical\" data-colnum=\"\" data-display-others=\"no\" data-others-color=\"\" data-others=\"\" data-others-max-chars=\"0\"><div class=\"basic-question-title\"><h5 style=\"color:#000000; font-size:16px; font-weight:normal; text-align:left;\">Como avalia a influ\u00eancia da digitaliza\u00e7\u00e3o na sua vida quotidiana?<\/h5><\/div><ul class=\"basic-answers\"><li class=\"basic-answer\" style=\"padding:0px 0px;\" data-id=\"5\" data-type=\"text\" data-vn=\"15\" data-color=\"#000000\" data-make-link=\"no\" data-link=\"\"><div class=\"basic-answer-content basic-text-vertical\"><label for=\"answer[5]\" class=\"basic-answer-label\"><input type=\"radio\" id=\"answer[5]\" name=\"answer[2]\" value=\"5\"><span class=\"basic-text\" style=\"color: #000000; font-size: 14px; font-weight: normal;\">Muito positivo - beneficio dele todos os dias<\/span><\/label><\/div><\/li><li class=\"basic-answer\" style=\"padding:0px 0px;\" data-id=\"6\" data-type=\"text\" data-vn=\"13\" data-color=\"#000000\" data-make-link=\"no\" data-link=\"\"><div class=\"basic-answer-content basic-text-vertical\"><label for=\"answer[6]\" class=\"basic-answer-label\"><input type=\"radio\" id=\"answer[6]\" name=\"answer[2]\" value=\"6\"><span class=\"basic-text\" style=\"color: #000000; font-size: 14px; font-weight: normal;\">Bastante positivo - algumas coisas tornaram-se mais f\u00e1ceis<\/span><\/label><\/div><\/li><li class=\"basic-answer\" style=\"padding:0px 0px;\" data-id=\"7\" data-type=\"text\" data-vn=\"29\" data-color=\"#000000\" data-make-link=\"no\" data-link=\"\"><div class=\"basic-answer-content basic-text-vertical\"><label for=\"answer[7]\" class=\"basic-answer-label\"><input type=\"radio\" id=\"answer[7]\" name=\"answer[2]\" value=\"7\"><span class=\"basic-text\" style=\"color: #000000; font-size: 14px; font-weight: normal;\">Misto - Traz vantagens, mas tamb\u00e9m perda de controlo<\/span><\/label><\/div><\/li><li class=\"basic-answer\" style=\"padding:0px 0px;\" data-id=\"8\" data-type=\"text\" data-vn=\"5\" data-color=\"#000000\" data-make-link=\"no\" data-link=\"\"><div class=\"basic-answer-content basic-text-vertical\"><label for=\"answer[8]\" class=\"basic-answer-label\"><input type=\"radio\" id=\"answer[8]\" name=\"answer[2]\" value=\"8\"><span class=\"basic-text\" style=\"color: #000000; font-size: 14px; font-weight: normal;\">Bastante negativo - sinto-me frequentemente sobrecarregado ou observado<\/span><\/label><\/div><\/li><li class=\"basic-answer\" style=\"padding:0px 0px;\" data-id=\"9\" data-type=\"text\" data-vn=\"9\" data-color=\"#000000\" data-make-link=\"no\" data-link=\"\"><div class=\"basic-answer-content basic-text-vertical\"><label for=\"answer[9]\" class=\"basic-answer-label\"><input type=\"radio\" id=\"answer[9]\" name=\"answer[2]\" value=\"9\"><span class=\"basic-text\" style=\"color: #000000; font-size: 14px; font-weight: normal;\">Muito negativo - rejeito em grande medida os sistemas digitais<\/span><\/label><\/div><\/li><\/ul><\/div><div class=\"clearfix\"><\/div><\/div><div class=\"basic-vote\"><a href=\"#\" class=\"button basic-vote-button\" role=\"button\" style=\"background:#027bb8; border:0px; border-style: solid; border-color:#000000; border-radius:5px; padding:10px 10px; color:#ffffff; font-size:14px; font-weight:normal;\">Vota\u00e7\u00e3o<\/a><\/div><input type=\"hidden\" name=\"trp-form-language\" value=\"pt\"\/><\/form><\/div><\/div><\/div><\/div>\n\t\t\t\t\t\t<\/div>\n<hr \/>\n<h3>Servi\u00e7o civil e servi\u00e7o militar obrigat\u00f3rio - voltar ao servi\u00e7o obrigat\u00f3rio?<\/h3>\n<p>A coes\u00e3o social parece estar a desmoronar-se em muitos locais. Ao mesmo tempo, fala-se cada vez mais em reintroduzir o servi\u00e7o comunit\u00e1rio ou <a href=\"https:\/\/www.markus-schall.de\/pt\/2025\/09\/objecao-de-consciencia-ao-servico-militar-o-que-fazer-em-caso-de-emergencia\/\">Servi\u00e7o militar obrigat\u00f3rio<\/a> A quest\u00e3o do bem p\u00fablico est\u00e1 a ser discutida - entre outras coisas, para aproximar os jovens das estruturas estatais e sociais. Mas o que \u00e9 que prevalece: o bem comum ou a liberdade do indiv\u00edduo? Deve haver servi\u00e7o obrigat\u00f3rio - para todos, volunt\u00e1rio ou n\u00e3o?<\/p>\n<p><strong>D\u00ea a sua opini\u00e3o - de forma an\u00f3nima e clara.<\/strong><\/p>\n<div class='bootstrap-yop yop-poll-mc'>\n\t\t\t\t\t\t\t<div class=\"basic-yop-poll-container\" style=\"background-color:#ffffff; border:0px; border-style:solid; border-color:#000000; border-radius:5px; padding:0px 5px;\" data-id=\"3\" data-temp=\"basic-pretty\" data-skin=\"square\" data-cscheme=\"blue\" data-cap=\"0\" data-access=\"guest\" data-tid=\"\" data-uid=\"d77359fa5b744081c8cdb45a5f50ba76\" data-pid=\"3069\" data-resdet=\"votes-number,percentages\" data-show-results-to=\"guest\" data-show-results-moment=\"after-vote\" data-show-results-only=\"false\" data-show-message=\"true\" data-show-results-as=\"bar\" data-sort-results-by=\"as-defined\" data-sort-results-rule=\"asc\"data-is-ended=\"0\" data-percentages-decimals=\"2\" data-gdpr=\"no\" data-gdpr-sol=\"consent\" data-css=\"\" data-counter=\"0\" data-load-with=\"1\" data-notification-section=\"top\"><div class=\"row\"><div class=\"col-md-12\"><div class=\"basic-inner\"><div class=\"basic-message hide\" style=\"border-left: 10px solid #008000; padding: 0px 10px;\" data-error=\"#ff0000\" data-success=\"#008000\"><p class=\"basic-message-text\" style=\"color:#000000; font-size:14px; font-weight:normal;\"><\/p><\/div><div class=\"basic-overlay hide\"><div class=\"basic-vote-options\"><\/div><div class=\"basic-preloader\"><div class=\"basic-windows8\"><div class=\"basic-wBall basic-wBall_1\"><div class=\"basic-wInnerBall\"><\/div><\/div><div class=\"basic-wBall basic-wBall_2\"><div class=\"basic-wInnerBall\"><\/div><\/div><div class=\"basic-wBall basic-wBall_3\"><div class=\"basic-wInnerBall\"><\/div><\/div><div class=\"basic-wBall basic-wBall_4\"><div class=\"basic-wInnerBall\"><\/div><\/div><div class=\"basic-wBall basic-wBall_5\"><div class=\"basic-wInnerBall\"><\/div><\/div><\/div><\/div><\/div><form class=\"basic-form\" action=\"\"><input type=\"hidden\" name=\"_token\" value=\"7783557285\" autocomplete=\"off\"><div class=\"basic-elements\"><div class=\"basic-element basic-question basic-question-text-vertical\" data-id=\"3\" data-uid=\"29f6e1dbe6aee054ec2a1620d59c924e\" data-type=\"question\" data-question-type=\"text\" data-required=\"yes\" data-allow-multiple=\"no\" data-min=\"1\" data-max=\"1\" data-display=\"vertical\" data-colnum=\"\" data-display-others=\"no\" data-others-color=\"\" data-others=\"\" data-others-max-chars=\"0\"><div class=\"basic-question-title\"><h5 style=\"color:#000000; font-size:16px; font-weight:normal; text-align:left;\">Dever\u00e1 o servi\u00e7o obrigat\u00f3rio geral ser reintroduzido na Alemanha?<\/h5><\/div><ul class=\"basic-answers\"><li class=\"basic-answer\" style=\"padding:0px 0px;\" data-id=\"10\" data-type=\"text\" data-vn=\"5\" data-color=\"#000000\" data-make-link=\"no\" data-link=\"\"><div class=\"basic-answer-content basic-text-vertical\"><label for=\"answer[10]\" class=\"basic-answer-label\"><input type=\"radio\" id=\"answer[10]\" name=\"answer[3]\" value=\"10\"><span class=\"basic-text\" style=\"color: #000000; font-size: 14px; font-weight: normal;\">Sim, para todos - servi\u00e7o civil obrigat\u00f3rio ou servi\u00e7o militar<\/span><\/label><\/div><\/li><li class=\"basic-answer\" style=\"padding:0px 0px;\" data-id=\"11\" data-type=\"text\" data-vn=\"2\" data-color=\"#000000\" data-make-link=\"no\" data-link=\"\"><div class=\"basic-answer-content basic-text-vertical\"><label for=\"answer[11]\" class=\"basic-answer-label\"><input type=\"radio\" id=\"answer[11]\" name=\"answer[3]\" value=\"11\"><span class=\"basic-text\" style=\"color: #000000; font-size: 14px; font-weight: normal;\">Sim, mas apenas voluntariamente ou com um incentivo<\/span><\/label><\/div><\/li><li class=\"basic-answer\" style=\"padding:0px 0px;\" data-id=\"12\" data-type=\"text\" data-vn=\"58\" data-color=\"#000000\" data-make-link=\"no\" data-link=\"\"><div class=\"basic-answer-content basic-text-vertical\"><label for=\"answer[12]\" class=\"basic-answer-label\"><input type=\"radio\" id=\"answer[12]\" name=\"answer[3]\" value=\"12\"><span class=\"basic-text\" style=\"color: #000000; font-size: 14px; font-weight: normal;\">N\u00e3o - o servi\u00e7o obrigat\u00f3rio \u00e9 contr\u00e1rio \u00e0 liberdade<\/span><\/label><\/div><\/li><li class=\"basic-answer\" style=\"padding:0px 0px;\" data-id=\"13\" data-type=\"text\" data-vn=\"1\" data-color=\"#000000\" data-make-link=\"no\" data-link=\"\"><div class=\"basic-answer-content basic-text-vertical\"><label for=\"answer[13]\" class=\"basic-answer-label\"><input type=\"radio\" id=\"answer[13]\" name=\"answer[3]\" value=\"13\"><span class=\"basic-text\" style=\"color: #000000; font-size: 14px; font-weight: normal;\">Depende da situa\u00e7\u00e3o pol\u00edtica<\/span><\/label><\/div><\/li><\/ul><\/div><div class=\"clearfix\"><\/div><\/div><div class=\"basic-vote\"><a href=\"#\" class=\"button basic-vote-button\" role=\"button\" style=\"background:#027bb8; border:0px; border-style: solid; border-color:#000000; border-radius:5px; padding:10px 10px; color:#ffffff; font-size:14px; font-weight:normal;\">Vota\u00e7\u00e3o<\/a><\/div><input type=\"hidden\" name=\"trp-form-language\" value=\"pt\"\/><\/form><\/div><\/div><\/div><\/div>\n\t\t\t\t\t\t<\/div>\n<hr \/>\n<h3>BI digital da UE - chave para a efici\u00eancia ou risco para a liberdade?<\/h3>\n<p>A Uni\u00e3o Europeia est\u00e1 a planear a introdu\u00e7\u00e3o de uma identidade digital centralizada num futuro pr\u00f3ximo. Oficialmente, o objetivo \u00e9 facilitar o acesso aos servi\u00e7os p\u00fablicos, mas os cr\u00edticos alertam para a cria\u00e7\u00e3o de uma rede total e para a perda da autodetermina\u00e7\u00e3o informativa. Qual \u00e9 a sua opini\u00e3o? Um passo sensato para o futuro ou um perigoso instrumento de vigil\u00e2ncia?<\/p>\n<p><strong>Participe no inqu\u00e9rito - e d\u00ea o exemplo.<\/strong><\/p>\n<div class='bootstrap-yop yop-poll-mc'>\n\t\t\t\t\t\t\t<div class=\"basic-yop-poll-container\" style=\"background-color:#ffffff; border:0px; border-style:solid; border-color:#000000; border-radius:5px; padding:0px 5px;\" data-id=\"4\" data-temp=\"basic-pretty\" data-skin=\"square\" data-cscheme=\"blue\" data-cap=\"0\" data-access=\"guest\" data-tid=\"\" data-uid=\"8acdb5ed8209731a0ba3eac3bbbb961a\" data-pid=\"3069\" data-resdet=\"votes-number,percentages\" data-show-results-to=\"guest\" data-show-results-moment=\"after-vote\" data-show-results-only=\"false\" data-show-message=\"true\" data-show-results-as=\"bar\" data-sort-results-by=\"as-defined\" data-sort-results-rule=\"asc\"data-is-ended=\"0\" data-percentages-decimals=\"2\" data-gdpr=\"no\" data-gdpr-sol=\"consent\" data-css=\"\" data-counter=\"0\" data-load-with=\"1\" data-notification-section=\"top\"><div class=\"row\"><div class=\"col-md-12\"><div class=\"basic-inner\"><div class=\"basic-message hide\" style=\"border-left: 10px solid #008000; padding: 0px 10px;\" data-error=\"#ff0000\" data-success=\"#008000\"><p class=\"basic-message-text\" style=\"color:#000000; font-size:14px; font-weight:normal;\"><\/p><\/div><div class=\"basic-overlay hide\"><div class=\"basic-vote-options\"><\/div><div class=\"basic-preloader\"><div class=\"basic-windows8\"><div class=\"basic-wBall basic-wBall_1\"><div class=\"basic-wInnerBall\"><\/div><\/div><div class=\"basic-wBall basic-wBall_2\"><div class=\"basic-wInnerBall\"><\/div><\/div><div class=\"basic-wBall basic-wBall_3\"><div class=\"basic-wInnerBall\"><\/div><\/div><div class=\"basic-wBall basic-wBall_4\"><div class=\"basic-wInnerBall\"><\/div><\/div><div class=\"basic-wBall basic-wBall_5\"><div class=\"basic-wInnerBall\"><\/div><\/div><\/div><\/div><\/div><form class=\"basic-form\" action=\"\"><input type=\"hidden\" name=\"_token\" value=\"2809b54faf\" autocomplete=\"off\"><div class=\"basic-elements\"><div class=\"basic-element basic-question basic-question-text-vertical\" data-id=\"4\" data-uid=\"687a2be3a7721b0d0036b71066fcf3d4\" data-type=\"question\" data-question-type=\"text\" data-required=\"yes\" data-allow-multiple=\"no\" data-min=\"1\" data-max=\"1\" data-display=\"vertical\" data-colnum=\"\" data-display-others=\"no\" data-others-color=\"\" data-others=\"\" data-others-max-chars=\"0\"><div class=\"basic-question-title\"><h5 style=\"color:#000000; font-size:16px; font-weight:normal; text-align:left;\">Aceitaria uma identidade digital centralizada a n\u00edvel da UE?<\/h5><\/div><ul class=\"basic-answers\"><li class=\"basic-answer\" style=\"padding:0px 0px;\" data-id=\"14\" data-type=\"text\" data-vn=\"6\" data-color=\"#000000\" data-make-link=\"no\" data-link=\"\"><div class=\"basic-answer-content basic-text-vertical\"><label for=\"answer[14]\" class=\"basic-answer-label\"><input type=\"radio\" id=\"answer[14]\" name=\"answer[4]\" value=\"14\"><span class=\"basic-text\" style=\"color: #000000; font-size: 14px; font-weight: normal;\">Sim, se for seguro e volunt\u00e1rio<\/span><\/label><\/div><\/li><li class=\"basic-answer\" style=\"padding:0px 0px;\" data-id=\"15\" data-type=\"text\" data-vn=\"9\" data-color=\"#000000\" data-make-link=\"no\" data-link=\"\"><div class=\"basic-answer-content basic-text-vertical\"><label for=\"answer[15]\" class=\"basic-answer-label\"><input type=\"radio\" id=\"answer[15]\" name=\"answer[4]\" value=\"15\"><span class=\"basic-text\" style=\"color: #000000; font-size: 14px; font-weight: normal;\">Apenas se n\u00e3o estiver ligado a outros dados<\/span><\/label><\/div><\/li><li class=\"basic-answer\" style=\"padding:0px 0px;\" data-id=\"16\" data-type=\"text\" data-vn=\"119\" data-color=\"#000000\" data-make-link=\"no\" data-link=\"\"><div class=\"basic-answer-content basic-text-vertical\"><label for=\"answer[16]\" class=\"basic-answer-label\"><input type=\"radio\" id=\"answer[16]\" name=\"answer[4]\" value=\"16\"><span class=\"basic-text\" style=\"color: #000000; font-size: 14px; font-weight: normal;\">N\u00e3o, rejeito-o em princ\u00edpio<\/span><\/label><\/div><\/li><li class=\"basic-answer\" style=\"padding:0px 0px;\" data-id=\"59\" data-type=\"text\" data-vn=\"3\" data-color=\"#000000\" data-make-link=\"no\" data-link=\"\"><div class=\"basic-answer-content basic-text-vertical\"><label for=\"answer[59]\" class=\"basic-answer-label\"><input type=\"radio\" id=\"answer[59]\" name=\"answer[4]\" value=\"59\"><span class=\"basic-text\" style=\"color: #000000; font-size: 14px; font-weight: normal;\">O que \u00e9 uma \"identidade digital central\"?<\/span><\/label><\/div><\/li><\/ul><\/div><div class=\"clearfix\"><\/div><\/div><div class=\"basic-vote\"><a href=\"#\" class=\"button basic-vote-button\" role=\"button\" style=\"background:#027bb8; border:0px; border-style: solid; border-color:#000000; border-radius:5px; padding:10px 10px; color:#ffffff; font-size:14px; font-weight:normal;\">Vota\u00e7\u00e3o<\/a><\/div><input type=\"hidden\" name=\"trp-form-language\" value=\"pt\"\/><\/form><\/div><\/div><\/div><\/div>\n\t\t\t\t\t\t<\/div>\n<hr \/>\n<h3>Sintomas de TMC - O que \u00e9 que j\u00e1 sentiu?<\/h3>\n<p><a href=\"https:\/\/www.markus-schall.de\/pt\/2025\/08\/cmd-o-problema-esquecido-da-medicina-moderna\/\">DCM<\/a> - A disfun\u00e7\u00e3o craniomandibular - ainda \u00e9 um conceito estranho para muitas pessoas. No entanto, um n\u00famero surpreendente de pessoas sofre de sintomas t\u00edpicos sem reconhecer a rela\u00e7\u00e3o com a articula\u00e7\u00e3o temporomandibular. Quer se trate de ranger os dentes \u00e0 noite, de zumbidos, de dores no pesco\u00e7o ou de dores faciais - a DTM \u00e9 frequentemente a causa. J\u00e1 teve alguma experi\u00eancia com este problema? Que sintomas reconhece no seu quotidiano?<\/p>\n<p><strong>Partilhe as suas experi\u00eancias neste inqu\u00e9rito an\u00f3nimo.<\/strong><\/p>\n<div class='bootstrap-yop yop-poll-mc'>\n\t\t\t\t\t\t\t<div class=\"basic-yop-poll-container\" style=\"background-color:#ffffff; border:0px; border-style:solid; border-color:#000000; border-radius:5px; padding:0px 5px;\" data-id=\"5\" data-temp=\"basic-pretty\" data-skin=\"square\" data-cscheme=\"blue\" data-cap=\"0\" data-access=\"guest\" data-tid=\"\" data-uid=\"5bdcf55326c3712203204919656f348c\" data-pid=\"3069\" data-resdet=\"votes-number,percentages\" data-show-results-to=\"guest\" data-show-results-moment=\"after-vote\" data-show-results-only=\"false\" data-show-message=\"true\" data-show-results-as=\"bar\" data-sort-results-by=\"as-defined\" data-sort-results-rule=\"asc\"data-is-ended=\"0\" data-percentages-decimals=\"2\" data-gdpr=\"no\" data-gdpr-sol=\"consent\" data-css=\".basic-yop-poll-container[data-uid] .basic-vote {\t\t\t\t\t\t\t\t\ttext-align: center;\t\t\t\t\t\t\t\t}\" data-counter=\"0\" data-load-with=\"1\" data-notification-section=\"top\"><div class=\"row\"><div class=\"col-md-12\"><div class=\"basic-inner\"><div class=\"basic-message hide\" style=\"border-left: 10px solid #008000; padding: 0px 10px;\" data-error=\"#ff0000\" data-success=\"#008000\"><p class=\"basic-message-text\" style=\"color:#000000; font-size:14px; font-weight:normal;\"><\/p><\/div><div class=\"basic-overlay hide\"><div class=\"basic-vote-options\"><\/div><div class=\"basic-preloader\"><div class=\"basic-windows8\"><div class=\"basic-wBall basic-wBall_1\"><div class=\"basic-wInnerBall\"><\/div><\/div><div class=\"basic-wBall basic-wBall_2\"><div class=\"basic-wInnerBall\"><\/div><\/div><div class=\"basic-wBall basic-wBall_3\"><div class=\"basic-wInnerBall\"><\/div><\/div><div class=\"basic-wBall basic-wBall_4\"><div class=\"basic-wInnerBall\"><\/div><\/div><div class=\"basic-wBall basic-wBall_5\"><div class=\"basic-wInnerBall\"><\/div><\/div><\/div><\/div><\/div><form class=\"basic-form\" action=\"\"><input type=\"hidden\" name=\"_token\" value=\"7f29a46900\" autocomplete=\"off\"><div class=\"basic-elements\"><div class=\"basic-element basic-question basic-question-text-vertical\" data-id=\"5\" data-uid=\"5f494232365945db4509b0847e099338\" data-type=\"question\" data-question-type=\"text\" data-required=\"yes\" data-allow-multiple=\"yes\" data-min=\"1\" data-max=\"7\" data-display=\"vertical\" data-colnum=\"\" data-display-others=\"no\" data-others-color=\"\" data-others=\"\" data-others-max-chars=\"0\"><div class=\"basic-question-title\"><h5 style=\"color:#000000; font-size:16px; font-weight:normal; text-align:left;\">Se tem CMD, que sintomas notou?<\/h5><\/div><ul class=\"basic-answers\"><li class=\"basic-answer\" style=\"padding:0px 0px;\" data-id=\"17\" data-type=\"text\" data-vn=\"45\" data-color=\"#000000\" data-make-link=\"no\" data-link=\"\"><div class=\"basic-answer-content basic-text-vertical\"><label for=\"answer[17]\" class=\"basic-answer-label\"><input type=\"checkbox\" id=\"answer[17]\" name=\"answer[5]\" value=\"17\"><span class=\"basic-text\" style=\"color: #000000; font-size: 14px; font-weight: normal;\">Estalar o maxilar<\/span><\/label><\/div><\/li><li class=\"basic-answer\" style=\"padding:0px 0px;\" data-id=\"18\" data-type=\"text\" data-vn=\"51\" data-color=\"#000000\" data-make-link=\"no\" data-link=\"\"><div class=\"basic-answer-content basic-text-vertical\"><label for=\"answer[18]\" class=\"basic-answer-label\"><input type=\"checkbox\" id=\"answer[18]\" name=\"answer[5]\" value=\"18\"><span class=\"basic-text\" style=\"color: #000000; font-size: 14px; font-weight: normal;\">Ranger de dentes<\/span><\/label><\/div><\/li><li class=\"basic-answer\" style=\"padding:0px 0px;\" data-id=\"19\" data-type=\"text\" data-vn=\"81\" data-color=\"#000000\" data-make-link=\"no\" data-link=\"\"><div class=\"basic-answer-content basic-text-vertical\"><label for=\"answer[19]\" class=\"basic-answer-label\"><input type=\"checkbox\" id=\"answer[19]\" name=\"answer[5]\" value=\"19\"><span class=\"basic-text\" style=\"color: #000000; font-size: 14px; font-weight: normal;\">Tens\u00e3o muscular<\/span><\/label><\/div><\/li><li class=\"basic-answer\" style=\"padding:0px 0px;\" data-id=\"20\" data-type=\"text\" data-vn=\"62\" data-color=\"#000000\" data-make-link=\"no\" data-link=\"\"><div class=\"basic-answer-content basic-text-vertical\"><label for=\"answer[20]\" class=\"basic-answer-label\"><input type=\"checkbox\" id=\"answer[20]\" name=\"answer[5]\" value=\"20\"><span class=\"basic-text\" style=\"color: #000000; font-size: 14px; font-weight: normal;\">Zumbido, zumbido nos ouvidos<\/span><\/label><\/div><\/li><li class=\"basic-answer\" style=\"padding:0px 0px;\" data-id=\"21\" data-type=\"text\" data-vn=\"37\" data-color=\"#000000\" data-make-link=\"no\" data-link=\"\"><div class=\"basic-answer-content basic-text-vertical\"><label for=\"answer[21]\" class=\"basic-answer-label\"><input type=\"checkbox\" id=\"answer[21]\" name=\"answer[5]\" value=\"21\"><span class=\"basic-text\" style=\"color: #000000; font-size: 14px; font-weight: normal;\">Sensibilidade de fecho<\/span><\/label><\/div><\/li><li class=\"basic-answer\" style=\"padding:0px 0px;\" data-id=\"22\" data-type=\"text\" data-vn=\"46\" data-color=\"#000000\" data-make-link=\"no\" data-link=\"\"><div class=\"basic-answer-content basic-text-vertical\"><label for=\"answer[22]\" class=\"basic-answer-label\"><input type=\"checkbox\" id=\"answer[22]\" name=\"answer[5]\" value=\"22\"><span class=\"basic-text\" style=\"color: #000000; font-size: 14px; font-weight: normal;\">Dor facial<\/span><\/label><\/div><\/li><li class=\"basic-answer\" style=\"padding:0px 0px;\" data-id=\"23\" data-type=\"text\" data-vn=\"67\" data-color=\"#000000\" data-make-link=\"no\" data-link=\"\"><div class=\"basic-answer-content basic-text-vertical\"><label for=\"answer[23]\" class=\"basic-answer-label\"><input type=\"checkbox\" id=\"answer[23]\" name=\"answer[5]\" value=\"23\"><span class=\"basic-text\" style=\"color: #000000; font-size: 14px; font-weight: normal;\">M\u00e1 postura<\/span><\/label><\/div><\/li><\/ul><\/div><div class=\"clearfix\"><\/div><\/div><div class=\"basic-vote\"><a href=\"#\" class=\"button basic-vote-button\" role=\"button\" style=\"background:#027bb8; border:0px; border-style: solid; border-color:#000000; border-radius:5px; padding:10px 10px; color:#ffffff; font-size:14px; font-weight:normal;\">Vota\u00e7\u00e3o<\/a><\/div><input type=\"hidden\" name=\"trp-form-language\" value=\"pt\"\/><\/form><\/div><\/div><\/div><\/div>\n\t\t\t\t\t\t<\/div>\n<hr \/>\n<h3>O caso de stress - est\u00e1 preparado?<\/h3>\n<p>\"<a href=\"https:\/\/www.markus-schall.de\/pt\/2025\/10\/o-que-significa-a-queda-de-tensao-na-alemanha-e-que-consequencias-concretas-teria\/\">Queda de tens\u00e3o<\/a>\" - um termo que raramente aparece nos meios de comunica\u00e7\u00e3o social, embora tenha uma defini\u00e7\u00e3o jur\u00eddica clara: \u00e9 um estado de emerg\u00eancia entre a paz e o estado de defesa em que o Estado pode reagir a situa\u00e7\u00f5es de crise. O que antes era considerado um jogo de simula\u00e7\u00e3o te\u00f3rica tornou-se novamente um cen\u00e1rio conceb\u00edvel em tempos de incerteza global, tens\u00f5es geopol\u00edticas e instabilidade interna. Mas e a prepara\u00e7\u00e3o pessoal?<\/p>\n<p><strong>At\u00e9 que ponto estaria bem preparado para uma emerg\u00eancia deste tipo - ou prefere ignorar o assunto?<\/strong><\/p>\n<div class='bootstrap-yop yop-poll-mc'>\n\t\t\t\t\t\t\t<div class=\"basic-yop-poll-container\" style=\"background-color:#ffffff; border:0px; border-style:solid; border-color:#000000; border-radius:5px; padding:0px 5px;\" data-id=\"6\" data-temp=\"basic-pretty\" data-skin=\"square\" data-cscheme=\"blue\" data-cap=\"0\" data-access=\"guest\" data-tid=\"\" data-uid=\"09fba1eeebff0e305d8b3b5801668d13\" data-pid=\"3069\" data-resdet=\"votes-number,percentages\" data-show-results-to=\"guest\" data-show-results-moment=\"after-vote\" data-show-results-only=\"false\" data-show-message=\"true\" data-show-results-as=\"bar\" data-sort-results-by=\"as-defined\" data-sort-results-rule=\"asc\"data-is-ended=\"0\" data-percentages-decimals=\"2\" data-gdpr=\"no\" data-gdpr-sol=\"consent\" data-css=\".basic-yop-poll-container[data-uid] .basic-vote {\t\t\t\t\t\t\t\t\ttext-align: center;\t\t\t\t\t\t\t\t}\" data-counter=\"0\" data-load-with=\"1\" data-notification-section=\"top\"><div class=\"row\"><div class=\"col-md-12\"><div class=\"basic-inner\"><div class=\"basic-message hide\" style=\"border-left: 10px solid #008000; padding: 0px 10px;\" data-error=\"#ff0000\" data-success=\"#008000\"><p class=\"basic-message-text\" style=\"color:#000000; font-size:14px; font-weight:normal;\"><\/p><\/div><div class=\"basic-overlay hide\"><div class=\"basic-vote-options\"><\/div><div class=\"basic-preloader\"><div class=\"basic-windows8\"><div class=\"basic-wBall basic-wBall_1\"><div class=\"basic-wInnerBall\"><\/div><\/div><div class=\"basic-wBall basic-wBall_2\"><div class=\"basic-wInnerBall\"><\/div><\/div><div class=\"basic-wBall basic-wBall_3\"><div class=\"basic-wInnerBall\"><\/div><\/div><div class=\"basic-wBall basic-wBall_4\"><div class=\"basic-wInnerBall\"><\/div><\/div><div class=\"basic-wBall basic-wBall_5\"><div class=\"basic-wInnerBall\"><\/div><\/div><\/div><\/div><\/div><form class=\"basic-form\" action=\"\"><input type=\"hidden\" name=\"_token\" value=\"b03e884d24\" autocomplete=\"off\"><div class=\"basic-elements\"><div class=\"basic-element basic-question basic-question-text-vertical\" data-id=\"6\" data-uid=\"5095968aa3093235690f545f2e741c87\" data-type=\"question\" data-question-type=\"text\" data-required=\"yes\" data-allow-multiple=\"no\" data-min=\"1\" data-max=\"7\" data-display=\"vertical\" data-colnum=\"\" data-display-others=\"no\" data-others-color=\"\" data-others=\"\" data-others-max-chars=\"0\"><div class=\"basic-question-title\"><h5 style=\"color:#000000; font-size:16px; font-weight:normal; text-align:left;\">Em que medida se sente pessoalmente preparado para um eventual caso de tens\u00e3o (por exemplo, crise ou guerra)?<\/h5><\/div><ul class=\"basic-answers\"><li class=\"basic-answer\" style=\"padding:0px 0px;\" data-id=\"24\" data-type=\"text\" data-vn=\"19\" data-color=\"#000000\" data-make-link=\"no\" data-link=\"\"><div class=\"basic-answer-content basic-text-vertical\"><label for=\"answer[24]\" class=\"basic-answer-label\"><input type=\"radio\" id=\"answer[24]\" name=\"answer[6]\" value=\"24\"><span class=\"basic-text\" style=\"color: #000000; font-size: 14px; font-weight: normal;\">Muito bom - tenho material, conhecimentos e um plano<\/span><\/label><\/div><\/li><li class=\"basic-answer\" style=\"padding:0px 0px;\" data-id=\"25\" data-type=\"text\" data-vn=\"36\" data-color=\"#000000\" data-make-link=\"no\" data-link=\"\"><div class=\"basic-answer-content basic-text-vertical\"><label for=\"answer[25]\" class=\"basic-answer-label\"><input type=\"radio\" id=\"answer[25]\" name=\"answer[6]\" value=\"25\"><span class=\"basic-text\" style=\"color: #000000; font-size: 14px; font-weight: normal;\">Muito bom - pensei um pouco no assunto<\/span><\/label><\/div><\/li><li class=\"basic-answer\" style=\"padding:0px 0px;\" data-id=\"26\" data-type=\"text\" data-vn=\"59\" data-color=\"#000000\" data-make-link=\"no\" data-link=\"\"><div class=\"basic-answer-content basic-text-vertical\"><label for=\"answer[26]\" class=\"basic-answer-label\"><input type=\"radio\" id=\"answer[26]\" name=\"answer[6]\" value=\"26\"><span class=\"basic-text\" style=\"color: #000000; font-size: 14px; font-weight: normal;\">Dificilmente - s\u00f3 espero que n\u00e3o aconte\u00e7a nada<\/span><\/label><\/div><\/li><li class=\"basic-answer\" style=\"padding:0px 0px;\" data-id=\"27\" data-type=\"text\" data-vn=\"13\" data-color=\"#000000\" data-make-link=\"no\" data-link=\"\"><div class=\"basic-answer-content basic-text-vertical\"><label for=\"answer[27]\" class=\"basic-answer-label\"><input type=\"radio\" id=\"answer[27]\" name=\"answer[6]\" value=\"27\"><span class=\"basic-text\" style=\"color: #000000; font-size: 14px; font-weight: normal;\">De modo algum - eu suprimo deliberadamente o tema<\/span><\/label><\/div><\/li><li class=\"basic-answer\" style=\"padding:0px 0px;\" data-id=\"28\" data-type=\"text\" data-vn=\"17\" data-color=\"#000000\" data-make-link=\"no\" data-link=\"\"><div class=\"basic-answer-content basic-text-vertical\"><label for=\"answer[28]\" class=\"basic-answer-label\"><input type=\"radio\" id=\"answer[28]\" name=\"answer[6]\" value=\"28\"><span class=\"basic-text\" style=\"color: #000000; font-size: 14px; font-weight: normal;\">Afinal, o que \u00e9 uma \"queda de tens\u00e3o\"?<\/span><\/label><\/div><\/li><\/ul><\/div><div class=\"clearfix\"><\/div><\/div><div class=\"basic-vote\"><a href=\"#\" class=\"button basic-vote-button\" role=\"button\" style=\"background:#027bb8; border:0px; border-style: solid; border-color:#000000; border-radius:5px; padding:10px 10px; color:#ffffff; font-size:14px; font-weight:normal;\">Vota\u00e7\u00e3o<\/a><\/div><input type=\"hidden\" name=\"trp-form-language\" value=\"pt\"\/><\/form><\/div><\/div><\/div><\/div>\n\t\t\t\t\t\t<\/div>\n<hr \/>\n<h3>Euro digital - progresso ou perigo?<\/h3>\n<p>Com o <a href=\"https:\/\/www.markus-schall.de\/pt\/2025\/11\/o-euro-digital-esta-a-chegar-o-que-significa-o-que-nao-deve-fazer-e-o-que-pode-fazer\/\">Euro digital<\/a> o BCE est\u00e1 a planear uma nova componente da moeda para preparar o caminho para um futuro sem dinheiro. Mas, por detr\u00e1s da fachada s\u00f3bria da \"digitaliza\u00e7\u00e3o\", escondem-se quest\u00f5es fundamentais: o que restar\u00e1 do anonimato do dinheiro? Seremos completamente control\u00e1veis? Ou ser\u00e1 o euro digital apenas um complemento necess\u00e1rio num mundo que vive cada vez mais em linha?<\/p>\n<p><strong>O que pensa - o euro digital \u00e9 um passo em frente ou um passo atr\u00e1s?<\/strong><\/p>\n<div class='bootstrap-yop yop-poll-mc'>\n\t\t\t\t\t\t\t<div class=\"basic-yop-poll-container\" style=\"background-color:#ffffff; border:0px; border-style:solid; border-color:#000000; border-radius:5px; padding:0px 5px;\" data-id=\"7\" data-temp=\"basic-pretty\" data-skin=\"square\" data-cscheme=\"blue\" data-cap=\"0\" data-access=\"guest\" data-tid=\"\" data-uid=\"b7ce5ea87458a88c9b054d77b97f65cf\" data-pid=\"3069\" data-resdet=\"votes-number,percentages\" data-show-results-to=\"guest\" data-show-results-moment=\"after-vote\" data-show-results-only=\"false\" data-show-message=\"true\" data-show-results-as=\"bar\" data-sort-results-by=\"as-defined\" data-sort-results-rule=\"asc\"data-is-ended=\"0\" data-percentages-decimals=\"2\" data-gdpr=\"no\" data-gdpr-sol=\"consent\" data-css=\".basic-yop-poll-container[data-uid] .basic-vote {\t\t\t\t\t\t\t\t\ttext-align: center;\t\t\t\t\t\t\t\t}\" data-counter=\"0\" data-load-with=\"1\" data-notification-section=\"top\"><div class=\"row\"><div class=\"col-md-12\"><div class=\"basic-inner\"><div class=\"basic-message hide\" style=\"border-left: 10px solid #008000; padding: 0px 10px;\" data-error=\"#ff0000\" data-success=\"#008000\"><p class=\"basic-message-text\" style=\"color:#000000; font-size:14px; font-weight:normal;\"><\/p><\/div><div class=\"basic-overlay hide\"><div class=\"basic-vote-options\"><\/div><div class=\"basic-preloader\"><div class=\"basic-windows8\"><div class=\"basic-wBall basic-wBall_1\"><div class=\"basic-wInnerBall\"><\/div><\/div><div class=\"basic-wBall basic-wBall_2\"><div class=\"basic-wInnerBall\"><\/div><\/div><div class=\"basic-wBall basic-wBall_3\"><div class=\"basic-wInnerBall\"><\/div><\/div><div class=\"basic-wBall basic-wBall_4\"><div class=\"basic-wInnerBall\"><\/div><\/div><div class=\"basic-wBall basic-wBall_5\"><div class=\"basic-wInnerBall\"><\/div><\/div><\/div><\/div><\/div><form class=\"basic-form\" action=\"\"><input type=\"hidden\" name=\"_token\" value=\"9bbab30201\" autocomplete=\"off\"><div class=\"basic-elements\"><div class=\"basic-element basic-question basic-question-text-vertical\" data-id=\"7\" data-uid=\"f378ffb310bad7e18e1d3edd5cdd107e\" data-type=\"question\" data-question-type=\"text\" data-required=\"yes\" data-allow-multiple=\"no\" data-min=\"1\" data-max=\"7\" data-display=\"vertical\" data-colnum=\"\" data-display-others=\"no\" data-others-color=\"\" data-others=\"\" data-others-max-chars=\"0\"><div class=\"basic-question-title\"><h5 style=\"color:#000000; font-size:16px; font-weight:normal; text-align:left;\">Qual \u00e9 a sua opini\u00e3o sobre a planeada introdu\u00e7\u00e3o do euro digital?<\/h5><\/div><ul class=\"basic-answers\"><li class=\"basic-answer\" style=\"padding:0px 0px;\" data-id=\"31\" data-type=\"text\" data-vn=\"2\" data-color=\"#000000\" data-make-link=\"no\" data-link=\"\"><div class=\"basic-answer-content basic-text-vertical\"><label for=\"answer[31]\" class=\"basic-answer-label\"><input type=\"radio\" id=\"answer[31]\" name=\"answer[7]\" value=\"31\"><span class=\"basic-text\" style=\"color: #000000; font-size: 14px; font-weight: normal;\">\u00d3timo - trata-se de um passo l\u00f3gico na digitaliza\u00e7\u00e3o<\/span><\/label><\/div><\/li><li class=\"basic-answer\" style=\"padding:0px 0px;\" data-id=\"32\" data-type=\"text\" data-vn=\"5\" data-color=\"#000000\" data-make-link=\"no\" data-link=\"\"><div class=\"basic-answer-content basic-text-vertical\"><label for=\"answer[32]\" class=\"basic-answer-label\"><input type=\"radio\" id=\"answer[32]\" name=\"answer[7]\" value=\"32\"><span class=\"basic-text\" style=\"color: #000000; font-size: 14px; font-weight: normal;\">Neutro - desde que a liquidez seja preservada<\/span><\/label><\/div><\/li><li class=\"basic-answer\" style=\"padding:0px 0px;\" data-id=\"33\" data-type=\"text\" data-vn=\"15\" data-color=\"#000000\" data-make-link=\"no\" data-link=\"\"><div class=\"basic-answer-content basic-text-vertical\"><label for=\"answer[33]\" class=\"basic-answer-label\"><input type=\"radio\" id=\"answer[33]\" name=\"answer[7]\" value=\"33\"><span class=\"basic-text\" style=\"color: #000000; font-size: 14px; font-weight: normal;\">Cr\u00edtico - Vejo riscos para controlo e monitoriza\u00e7\u00e3o<\/span><\/label><\/div><\/li><li class=\"basic-answer\" style=\"padding:0px 0px;\" data-id=\"34\" data-type=\"text\" data-vn=\"70\" data-color=\"#000000\" data-make-link=\"no\" data-link=\"\"><div class=\"basic-answer-content basic-text-vertical\"><label for=\"answer[34]\" class=\"basic-answer-label\"><input type=\"radio\" id=\"answer[34]\" name=\"answer[7]\" value=\"34\"><span class=\"basic-text\" style=\"color: #000000; font-size: 14px; font-weight: normal;\">Rejeitar - Rejeito as moedas digitais dos bancos centrais<\/span><\/label><\/div><\/li><li class=\"basic-answer\" style=\"padding:0px 0px;\" data-id=\"35\" data-type=\"text\" data-vn=\"2\" data-color=\"#000000\" data-make-link=\"no\" data-link=\"\"><div class=\"basic-answer-content basic-text-vertical\"><label for=\"answer[35]\" class=\"basic-answer-label\"><input type=\"radio\" id=\"answer[35]\" name=\"answer[7]\" value=\"35\"><span class=\"basic-text\" style=\"color: #000000; font-size: 14px; font-weight: normal;\">Sei muito pouco sobre o assunto<\/span><\/label><\/div><\/li><\/ul><\/div><div class=\"clearfix\"><\/div><\/div><div class=\"basic-vote\"><a href=\"#\" class=\"button basic-vote-button\" role=\"button\" style=\"background:#027bb8; border:0px; border-style: solid; border-color:#000000; border-radius:5px; padding:10px 10px; color:#ffffff; font-size:14px; font-weight:normal;\">Vota\u00e7\u00e3o<\/a><\/div><input type=\"hidden\" name=\"trp-form-language\" value=\"pt\"\/><\/form><\/div><\/div><\/div><\/div>\n\t\t\t\t\t\t<\/div>\n<hr \/>\n<h3>Escrever livros - o que o motiva?<\/h3>\n<p>H\u00e1 uma hist\u00f3ria em cada pessoa - mas nem todas a p\u00f5em no papel. Quer se trate de um livro de n\u00e3o fic\u00e7\u00e3o, de um guia, de um romance ou de uma biografia: uma <a href=\"https:\/\/www.markus-schall.de\/pt\/2025\/09\/como-escrevi-cinco-livros-em-duas-linguas-em-quatro-meses\/\">Escrever um livro<\/a> \u00e9 um grande passo que come\u00e7a frequentemente com uma motiva\u00e7\u00e3o interior. Qual seria a raz\u00e3o decisiva para escrever o seu pr\u00f3prio livro? O desejo de express\u00e3o, a transmiss\u00e3o de conhecimentos - ou um impulso comercial?<\/p>\n<p><strong>O que mais o motivaria a escrever um livro?<\/strong><\/p>\n<div class='bootstrap-yop yop-poll-mc'>\n\t\t\t\t\t\t\t<div class=\"basic-yop-poll-container\" style=\"background-color:#ffffff; border:0px; border-style:solid; border-color:#000000; border-radius:5px; padding:0px 5px;\" data-id=\"8\" data-temp=\"basic-pretty\" data-skin=\"square\" data-cscheme=\"blue\" data-cap=\"0\" data-access=\"guest\" data-tid=\"\" data-uid=\"6dcdcd958d1342229cab64a27a04ce8c\" data-pid=\"3069\" data-resdet=\"votes-number,percentages\" data-show-results-to=\"guest\" data-show-results-moment=\"after-vote\" data-show-results-only=\"false\" data-show-message=\"true\" data-show-results-as=\"bar\" data-sort-results-by=\"as-defined\" data-sort-results-rule=\"asc\"data-is-ended=\"0\" data-percentages-decimals=\"2\" data-gdpr=\"no\" data-gdpr-sol=\"consent\" data-css=\".basic-yop-poll-container[data-uid] .basic-vote {\t\t\t\t\t\t\t\t\ttext-align: center;\t\t\t\t\t\t\t\t}\" data-counter=\"0\" data-load-with=\"1\" data-notification-section=\"top\"><div class=\"row\"><div class=\"col-md-12\"><div class=\"basic-inner\"><div class=\"basic-message hide\" style=\"border-left: 10px solid #008000; padding: 0px 10px;\" data-error=\"#ff0000\" data-success=\"#008000\"><p class=\"basic-message-text\" style=\"color:#000000; font-size:14px; font-weight:normal;\"><\/p><\/div><div class=\"basic-overlay hide\"><div class=\"basic-vote-options\"><\/div><div class=\"basic-preloader\"><div class=\"basic-windows8\"><div class=\"basic-wBall basic-wBall_1\"><div class=\"basic-wInnerBall\"><\/div><\/div><div class=\"basic-wBall basic-wBall_2\"><div class=\"basic-wInnerBall\"><\/div><\/div><div class=\"basic-wBall basic-wBall_3\"><div class=\"basic-wInnerBall\"><\/div><\/div><div class=\"basic-wBall basic-wBall_4\"><div class=\"basic-wInnerBall\"><\/div><\/div><div class=\"basic-wBall basic-wBall_5\"><div class=\"basic-wInnerBall\"><\/div><\/div><\/div><\/div><\/div><form class=\"basic-form\" action=\"\"><input type=\"hidden\" name=\"_token\" value=\"7eca4e4731\" autocomplete=\"off\"><div class=\"basic-elements\"><div class=\"basic-element basic-question basic-question-text-vertical\" data-id=\"8\" data-uid=\"574ff0c47b229c94e83bcbced2959a67\" data-type=\"question\" data-question-type=\"text\" data-required=\"yes\" data-allow-multiple=\"no\" data-min=\"1\" data-max=\"7\" data-display=\"vertical\" data-colnum=\"\" data-display-others=\"no\" data-others-color=\"\" data-others=\"\" data-others-max-chars=\"0\"><div class=\"basic-question-title\"><h5 style=\"color:#000000; font-size:16px; font-weight:normal; text-align:left;\">Qual seria a principal raz\u00e3o para escreveres o teu pr\u00f3prio livro?<\/h5><\/div><ul class=\"basic-answers\"><li class=\"basic-answer\" style=\"padding:0px 0px;\" data-id=\"38\" data-type=\"text\" data-vn=\"5\" data-color=\"#000000\" data-make-link=\"no\" data-link=\"\"><div class=\"basic-answer-content basic-text-vertical\"><label for=\"answer[38]\" class=\"basic-answer-label\"><input type=\"radio\" id=\"answer[38]\" name=\"answer[8]\" value=\"38\"><span class=\"basic-text\" style=\"color: #000000; font-size: 14px; font-weight: normal;\">Gostaria de transmitir a minha experi\u00eancia<\/span><\/label><\/div><\/li><li class=\"basic-answer\" style=\"padding:0px 0px;\" data-id=\"39\" data-type=\"text\" data-vn=\"0\" data-color=\"#000000\" data-make-link=\"no\" data-link=\"\"><div class=\"basic-answer-content basic-text-vertical\"><label for=\"answer[39]\" class=\"basic-answer-label\"><input type=\"radio\" id=\"answer[39]\" name=\"answer[8]\" value=\"39\"><span class=\"basic-text\" style=\"color: #000000; font-size: 14px; font-weight: normal;\">Quero documentar a minha experi\u00eancia<\/span><\/label><\/div><\/li><li class=\"basic-answer\" style=\"padding:0px 0px;\" data-id=\"40\" data-type=\"text\" data-vn=\"6\" data-color=\"#000000\" data-make-link=\"no\" data-link=\"\"><div class=\"basic-answer-content basic-text-vertical\"><label for=\"answer[40]\" class=\"basic-answer-label\"><input type=\"radio\" id=\"answer[40]\" name=\"answer[8]\" value=\"40\"><span class=\"basic-text\" style=\"color: #000000; font-size: 14px; font-weight: normal;\">Estou \u00e0 procura de um equil\u00edbrio criativo<\/span><\/label><\/div><\/li><li class=\"basic-answer\" style=\"padding:0px 0px;\" data-id=\"41\" data-type=\"text\" data-vn=\"2\" data-color=\"#000000\" data-make-link=\"no\" data-link=\"\"><div class=\"basic-answer-content basic-text-vertical\"><label for=\"answer[41]\" class=\"basic-answer-label\"><input type=\"radio\" id=\"answer[41]\" name=\"answer[8]\" value=\"41\"><span class=\"basic-text\" style=\"color: #000000; font-size: 14px; font-weight: normal;\">Espero obter um rendimento com ele<\/span><\/label><\/div><\/li><li class=\"basic-answer\" style=\"padding:0px 0px;\" data-id=\"42\" data-type=\"text\" data-vn=\"2\" data-color=\"#000000\" data-make-link=\"no\" data-link=\"\"><div class=\"basic-answer-content basic-text-vertical\"><label for=\"answer[42]\" class=\"basic-answer-label\"><input type=\"radio\" id=\"answer[42]\" name=\"answer[8]\" value=\"42\"><span class=\"basic-text\" style=\"color: #000000; font-size: 14px; font-weight: normal;\">J\u00e1 escrevi um livro<\/span><\/label><\/div><\/li><li class=\"basic-answer\" style=\"padding:0px 0px;\" data-id=\"44\" data-type=\"text\" data-vn=\"3\" data-color=\"#000000\" data-make-link=\"no\" data-link=\"\"><div class=\"basic-answer-content basic-text-vertical\"><label for=\"answer[44]\" class=\"basic-answer-label\"><input type=\"radio\" id=\"answer[44]\" name=\"answer[8]\" value=\"44\"><span class=\"basic-text\" style=\"color: #000000; font-size: 14px; font-weight: normal;\">N\u00e3o tenho qualquer interesse em escrever<\/span><\/label><\/div><\/li><\/ul><\/div><div class=\"clearfix\"><\/div><\/div><div class=\"basic-vote\"><a href=\"#\" class=\"button basic-vote-button\" role=\"button\" style=\"background:#027bb8; border:0px; border-style: solid; border-color:#000000; border-radius:5px; padding:10px 10px; color:#ffffff; font-size:14px; font-weight:normal;\">Vota\u00e7\u00e3o<\/a><\/div><input type=\"hidden\" name=\"trp-form-language\" value=\"pt\"\/><\/form><\/div><\/div><\/div><\/div>\n\t\t\t\t\t\t<\/div>\n<hr \/>\n<h3>IA local - independente e poderosa?<\/h3>\n<p>O desenvolvimento da IA est\u00e1 a progredir rapidamente - mas se quiser fazer parte da a\u00e7\u00e3o, n\u00e3o tem necessariamente de depender dos servi\u00e7os em nuvem das grandes empresas. Os sistemas locais de IA, tais como <a href=\"https:\/\/www.markus-schall.de\/pt\/2025\/09\/mlx-em-silicio-de-maca-como-ki-local-em-comparacao-com-ollama-co\/\">MLX<\/a> (Apple Silicon) ou Ollama (LLMs locais) permitem uma utiliza\u00e7\u00e3o aut\u00f3noma nos seus pr\u00f3prios computadores - sem qualquer transfer\u00eancia de dados. Mas ser\u00e1 que vale a pena o esfor\u00e7o? Ser\u00e1 que se trata apenas de algo para os fan\u00e1ticos da tecnologia - ou ser\u00e1 o futuro da auto-determina\u00e7\u00e3o digital?<\/p>\n<p><strong>O que pensa dos sistemas de IA que funcionam a n\u00edvel local?<\/strong><\/p>\n<div class='bootstrap-yop yop-poll-mc'>\n\t\t\t\t\t\t\t<div class=\"basic-yop-poll-container\" style=\"background-color:#ffffff; border:0px; border-style:solid; border-color:#000000; border-radius:5px; padding:0px 5px;\" data-id=\"9\" data-temp=\"basic-pretty\" data-skin=\"square\" data-cscheme=\"blue\" data-cap=\"0\" data-access=\"guest\" data-tid=\"\" data-uid=\"a3f46199dc10e21b743f9491f99487ff\" data-pid=\"3069\" data-resdet=\"votes-number,percentages\" data-show-results-to=\"guest\" data-show-results-moment=\"after-vote\" data-show-results-only=\"false\" data-show-message=\"true\" data-show-results-as=\"bar\" data-sort-results-by=\"as-defined\" data-sort-results-rule=\"asc\"data-is-ended=\"0\" data-percentages-decimals=\"2\" data-gdpr=\"no\" data-gdpr-sol=\"consent\" data-css=\".basic-yop-poll-container[data-uid] .basic-vote {\t\t\t\t\t\t\t\t\ttext-align: center;\t\t\t\t\t\t\t\t}\" data-counter=\"0\" data-load-with=\"1\" data-notification-section=\"top\"><div class=\"row\"><div class=\"col-md-12\"><div class=\"basic-inner\"><div class=\"basic-message hide\" style=\"border-left: 10px solid #008000; padding: 0px 10px;\" data-error=\"#ff0000\" data-success=\"#008000\"><p class=\"basic-message-text\" style=\"color:#000000; font-size:14px; font-weight:normal;\"><\/p><\/div><div class=\"basic-overlay hide\"><div class=\"basic-vote-options\"><\/div><div class=\"basic-preloader\"><div class=\"basic-windows8\"><div class=\"basic-wBall basic-wBall_1\"><div class=\"basic-wInnerBall\"><\/div><\/div><div class=\"basic-wBall basic-wBall_2\"><div class=\"basic-wInnerBall\"><\/div><\/div><div class=\"basic-wBall basic-wBall_3\"><div class=\"basic-wInnerBall\"><\/div><\/div><div class=\"basic-wBall basic-wBall_4\"><div class=\"basic-wInnerBall\"><\/div><\/div><div class=\"basic-wBall basic-wBall_5\"><div class=\"basic-wInnerBall\"><\/div><\/div><\/div><\/div><\/div><form class=\"basic-form\" action=\"\"><input type=\"hidden\" name=\"_token\" value=\"683cbd28ef\" autocomplete=\"off\"><div class=\"basic-elements\"><div class=\"basic-element basic-question basic-question-text-vertical\" data-id=\"9\" data-uid=\"8b34e630653ef967544fd2c8eed015b4\" data-type=\"question\" data-question-type=\"text\" data-required=\"yes\" data-allow-multiple=\"no\" data-min=\"1\" data-max=\"7\" data-display=\"vertical\" data-colnum=\"\" data-display-others=\"no\" data-others-color=\"\" data-others=\"\" data-others-max-chars=\"0\"><div class=\"basic-question-title\"><h5 style=\"color:#000000; font-size:16px; font-weight:normal; text-align:left;\">O que pensa de um software de IA de execu\u00e7\u00e3o local, como o MLX ou o Ollama?<\/h5><\/div><ul class=\"basic-answers\"><li class=\"basic-answer\" style=\"padding:0px 0px;\" data-id=\"45\" data-type=\"text\" data-vn=\"140\" data-color=\"#000000\" data-make-link=\"no\" data-link=\"\"><div class=\"basic-answer-content basic-text-vertical\"><label for=\"answer[45]\" class=\"basic-answer-label\"><input type=\"radio\" id=\"answer[45]\" name=\"answer[9]\" value=\"45\"><span class=\"basic-text\" style=\"color: #000000; font-size: 14px; font-weight: normal;\">Ingenious - finalmente independente da nuvem<\/span><\/label><\/div><\/li><li class=\"basic-answer\" style=\"padding:0px 0px;\" data-id=\"46\" data-type=\"text\" data-vn=\"25\" data-color=\"#000000\" data-make-link=\"no\" data-link=\"\"><div class=\"basic-answer-content basic-text-vertical\"><label for=\"answer[46]\" class=\"basic-answer-label\"><input type=\"radio\" id=\"answer[46]\" name=\"answer[9]\" value=\"46\"><span class=\"basic-text\" style=\"color: #000000; font-size: 14px; font-weight: normal;\">Interessante, mas (ainda) demasiado complicado<\/span><\/label><\/div><\/li><li class=\"basic-answer\" style=\"padding:0px 0px;\" data-id=\"47\" data-type=\"text\" data-vn=\"28\" data-color=\"#000000\" data-make-link=\"no\" data-link=\"\"><div class=\"basic-answer-content basic-text-vertical\"><label for=\"answer[47]\" class=\"basic-answer-label\"><input type=\"radio\" id=\"answer[47]\" name=\"answer[9]\" value=\"47\"><span class=\"basic-text\" style=\"color: #000000; font-size: 14px; font-weight: normal;\">Vou experiment\u00e1-lo em breve<\/span><\/label><\/div><\/li><li class=\"basic-answer\" style=\"padding:0px 0px;\" data-id=\"48\" data-type=\"text\" data-vn=\"5\" data-color=\"#000000\" data-make-link=\"no\" data-link=\"\"><div class=\"basic-answer-content basic-text-vertical\"><label for=\"answer[48]\" class=\"basic-answer-label\"><input type=\"radio\" id=\"answer[48]\" name=\"answer[9]\" value=\"48\"><span class=\"basic-text\" style=\"color: #000000; font-size: 14px; font-weight: normal;\">N\u00e3o preciso dela - a nuvem \u00e9 suficiente para mim<\/span><\/label><\/div><\/li><li class=\"basic-answer\" style=\"padding:0px 0px;\" data-id=\"49\" data-type=\"text\" data-vn=\"4\" data-color=\"#000000\" data-make-link=\"no\" data-link=\"\"><div class=\"basic-answer-content basic-text-vertical\"><label for=\"answer[49]\" class=\"basic-answer-label\"><input type=\"radio\" id=\"answer[49]\" name=\"answer[9]\" value=\"49\"><span class=\"basic-text\" style=\"color: #000000; font-size: 14px; font-weight: normal;\">N\u00e3o sei exatamente do que se trata<\/span><\/label><\/div><\/li><\/ul><\/div><div class=\"clearfix\"><\/div><\/div><div class=\"basic-vote\"><a href=\"#\" class=\"button basic-vote-button\" role=\"button\" style=\"background:#027bb8; border:0px; border-style: solid; border-color:#000000; border-radius:5px; padding:10px 10px; color:#ffffff; font-size:14px; font-weight:normal;\">Vota\u00e7\u00e3o<\/a><\/div><input type=\"hidden\" name=\"trp-form-language\" value=\"pt\"\/><\/form><\/div><\/div><\/div><\/div>\n\t\t\t\t\t\t<\/div>\n<hr \/>\n<h3>FileMaker e IA - o que \u00e9 que o futuro nos reserva?<\/h3>\n<p>O Claris FileMaker \u00e9 uma plataforma testada e comprovada para solu\u00e7\u00f5es de bases de dados personalizadas - mas a intelig\u00eancia artificial tamb\u00e9m est\u00e1 a bater \u00e0 porta. As abordagens iniciais com APIs JSON, transfer\u00eancia imediata e dados de forma\u00e7\u00e3o sugerem o que pode ser poss\u00edvel. <a href=\"https:\/\/www.markus-schall.de\/pt\/2025\/09\/integracao-do-mlx-no-filemaker-2025-local-ki-como-a-nova-norma\/\">A IA vai mudar FileMaker<\/a> - ou a plataforma manter\u00e1 a sua abordagem cl\u00e1ssica de baixo c\u00f3digo?<\/p>\n<p><strong>Como v\u00ea o futuro do FileMaker na era da IA?<\/strong><\/p>\n<div class='bootstrap-yop yop-poll-mc'>\n\t\t\t\t\t\t\t<div class=\"basic-yop-poll-container\" style=\"background-color:#ffffff; border:0px; border-style:solid; border-color:#000000; border-radius:5px; padding:0px 5px;\" data-id=\"10\" data-temp=\"basic-pretty\" data-skin=\"square\" data-cscheme=\"blue\" data-cap=\"0\" data-access=\"guest\" data-tid=\"\" data-uid=\"6aa6dcb089710d57a46173c7c2690d9a\" data-pid=\"3069\" data-resdet=\"votes-number,percentages\" data-show-results-to=\"guest\" data-show-results-moment=\"after-vote\" data-show-results-only=\"false\" data-show-message=\"true\" data-show-results-as=\"bar\" data-sort-results-by=\"as-defined\" data-sort-results-rule=\"asc\"data-is-ended=\"0\" data-percentages-decimals=\"2\" data-gdpr=\"yes\" data-gdpr-sol=\"nostore\" data-css=\".basic-yop-poll-container[data-uid] .basic-vote {\t\t\t\t\t\t\t\t\ttext-align: center;\t\t\t\t\t\t\t\t}\" data-counter=\"0\" data-load-with=\"1\" data-notification-section=\"top\"><div class=\"row\"><div class=\"col-md-12\"><div class=\"basic-inner\"><div class=\"basic-message hide\" style=\"border-left: 10px solid #008000; padding: 0px 10px;\" data-error=\"#ff0000\" data-success=\"#008000\"><p class=\"basic-message-text\" style=\"color:#000000; font-size:14px; font-weight:normal;\"><\/p><\/div><div class=\"basic-overlay hide\"><div class=\"basic-vote-options\"><\/div><div class=\"basic-preloader\"><div class=\"basic-windows8\"><div class=\"basic-wBall basic-wBall_1\"><div class=\"basic-wInnerBall\"><\/div><\/div><div class=\"basic-wBall basic-wBall_2\"><div class=\"basic-wInnerBall\"><\/div><\/div><div class=\"basic-wBall basic-wBall_3\"><div class=\"basic-wInnerBall\"><\/div><\/div><div class=\"basic-wBall basic-wBall_4\"><div class=\"basic-wInnerBall\"><\/div><\/div><div class=\"basic-wBall basic-wBall_5\"><div class=\"basic-wInnerBall\"><\/div><\/div><\/div><\/div><\/div><form class=\"basic-form\" action=\"\"><input type=\"hidden\" name=\"_token\" value=\"51056d9400\" autocomplete=\"off\"><div class=\"basic-elements\"><div class=\"basic-element basic-question basic-question-text-vertical\" data-id=\"10\" data-uid=\"7187fa3afa61df9cdcfc5535bec87b89\" data-type=\"question\" data-question-type=\"text\" data-required=\"yes\" data-allow-multiple=\"no\" data-min=\"1\" data-max=\"7\" data-display=\"vertical\" data-colnum=\"\" data-display-others=\"no\" data-others-color=\"\" data-others=\"\" data-others-max-chars=\"0\"><div class=\"basic-question-title\"><h5 style=\"color:#000000; font-size:16px; font-weight:normal; text-align:left;\">Pensa que o Claris FileMaker estar\u00e1 mais associado \u00e0 IA nos pr\u00f3ximos anos?<\/h5><\/div><ul class=\"basic-answers\"><li class=\"basic-answer\" style=\"padding:0px 0px;\" data-id=\"52\" data-type=\"text\" data-vn=\"5\" data-color=\"#000000\" data-make-link=\"no\" data-link=\"\"><div class=\"basic-answer-content basic-text-vertical\"><label for=\"answer[52]\" class=\"basic-answer-label\"><input type=\"radio\" id=\"answer[52]\" name=\"answer[10]\" value=\"52\"><span class=\"basic-text\" style=\"color: #000000; font-size: 14px; font-weight: normal;\">Sim, esta est\u00e1 a tornar-se uma quest\u00e3o fundamental em todo o lado<\/span><\/label><\/div><\/li><li class=\"basic-answer\" style=\"padding:0px 0px;\" data-id=\"53\" data-type=\"text\" data-vn=\"0\" data-color=\"#000000\" data-make-link=\"no\" data-link=\"\"><div class=\"basic-answer-content basic-text-vertical\"><label for=\"answer[53]\" class=\"basic-answer-label\"><input type=\"radio\" id=\"answer[53]\" name=\"answer[10]\" value=\"53\"><span class=\"basic-text\" style=\"color: #000000; font-size: 14px; font-weight: normal;\">Sim, especialmente para a forma\u00e7\u00e3o LoRA de LLMs<\/span><\/label><\/div><\/li><li class=\"basic-answer\" style=\"padding:0px 0px;\" data-id=\"54\" data-type=\"text\" data-vn=\"0\" data-color=\"#000000\" data-make-link=\"no\" data-link=\"\"><div class=\"basic-answer-content basic-text-vertical\"><label for=\"answer[54]\" class=\"basic-answer-label\"><input type=\"radio\" id=\"answer[54]\" name=\"answer[10]\" value=\"54\"><span class=\"basic-text\" style=\"color: #000000; font-size: 14px; font-weight: normal;\">Talvez no backend, mas n\u00e3o vis\u00edvel<\/span><\/label><\/div><\/li><li class=\"basic-answer\" style=\"padding:0px 0px;\" data-id=\"55\" data-type=\"text\" data-vn=\"1\" data-color=\"#000000\" data-make-link=\"no\" data-link=\"\"><div class=\"basic-answer-content basic-text-vertical\"><label for=\"answer[55]\" class=\"basic-answer-label\"><input type=\"radio\" id=\"answer[55]\" name=\"answer[10]\" value=\"55\"><span class=\"basic-text\" style=\"color: #000000; font-size: 14px; font-weight: normal;\">N\u00e3o, o FileMaker continua a ser uma base de dados cl\u00e1ssica<\/span><\/label><\/div><\/li><li class=\"basic-answer\" style=\"padding:0px 0px;\" data-id=\"56\" data-type=\"text\" data-vn=\"3\" data-color=\"#000000\" data-make-link=\"no\" data-link=\"\"><div class=\"basic-answer-content basic-text-vertical\"><label for=\"answer[56]\" class=\"basic-answer-label\"><input type=\"radio\" id=\"answer[56]\" name=\"answer[10]\" value=\"56\"><span class=\"basic-text\" style=\"color: #000000; font-size: 14px; font-weight: normal;\">N\u00e3o fa\u00e7o ideia, n\u00e3o utilizar FileMaker<\/span><\/label><\/div><\/li><\/ul><\/div><div class=\"clearfix\"><\/div><\/div><div class=\"basic-vote\"><a href=\"#\" class=\"button basic-vote-button\" role=\"button\" style=\"background:#027bb8; border:0px; border-style: solid; border-color:#000000; border-radius:5px; padding:10px 10px; color:#ffffff; font-size:14px; font-weight:normal;\">Vota\u00e7\u00e3o<\/a><\/div><input type=\"hidden\" name=\"trp-form-language\" value=\"pt\"\/><\/form><\/div><\/div><\/div><\/div>\n\t\t\t\t\t\t<\/div>\n<hr \/>\n\n\t\t\t<div class=\"display-post-types\">\n\n\t\t\t\t\t\t\t<style type=\"text\/css\">\n\t\t\t#dpt-wrapper-369 { --dpt-text-align: left;--dpt-image-crop: center;--dpt-border-radius: 5px;--dpt-h-gutter: 10px;--dpt-v-gutter: 10px; }\t\t\t<\/style>\n\t\t\t<style type=\"text\/css\">#dpt-wrapper-369 { --dpt-title-font-style:normal;--dpt-title-font-weight:600;--dpt-title-line-height:1.5;--dpt-title-text-decoration:none;--dpt-title-text-transform:none;--dpt-excerpt-font-style:normal;--dpt-excerpt-font-weight:400;--dpt-excerpt-line-height:1.5;--dpt-excerpt-text-decoration:none;--dpt-excerpt-text-transform:none;--dpt-meta1-font-style:normal;--dpt-meta1-font-weight:400;--dpt-meta1-line-height:1.9;--dpt-meta1-text-decoration:none;--dpt-meta1-text-transform:none;--dpt-meta2-font-style:normal;--dpt-meta2-font-weight:400;--dpt-meta2-line-height:1.9;--dpt-meta2-text-decoration:none;--dpt-meta2-text-transform:none; }<\/style><div class=\"dpt-main-header\">\n\t\t\t\t\t\t<div class=\"dpt-main-title\">\n\t\t\t\t\t\t\t<span class=\"dpt-main-title-text\">Artigos actuais sobre intelig\u00eancia artificial<\/span>\n\t\t\t\t\t\t<\/div>\n\t\t\t\t\t\t\n\t\t\t\t\t\t\n\t\t\t\t\t\t\n\t\t\t\t\t\t<\/div>\t\t\t\n\t\t\t\t<div id=\"dpt-wrapper-369\" class=\"dpt-wrapper dpt-mag1 land1 dpt-cropped dpt-flex-wrap\" >\n\n\t\t\t\t\t\t\t\t\t\t\t<div class=\"dpt-entry has-thumbnail\" data-title=\"vom content zur substanz: wie digitale systeme entstehen, die nicht kopierbar sind\" data-id=\"5899\"  data-category=\"allgemein b\u00fccher gesellschaft tipps &amp; anleitungen\" data-post_tag=\"buch datenlogik denkmodelle digitales eigentum erfahrungen k\u00fcnstliche intelligenz prozesse publishing ratgeber\">\n\t\t\t\t\t\t\t<div class=\"dpt-entry-wrapper\"><div class=\"dpt-featured-content\"><div class=\"dpt-permalink\"><a href=\"https:\/\/www.markus-schall.de\/pt\/2026\/04\/do-conteudo-a-substancia-como-sao-criados-sistemas-digitais-que-nao-podem-ser-copiados\/\" class=\"dpt-permalink\"><span class=\"screen-reader-text\">Do conte\u00fado \u00e0 subst\u00e2ncia: como se criam sistemas digitais que n\u00e3o podem ser copiados<\/span><\/a><\/div><div class=\"dpt-thumbnail\"><div class=\"dpt-thumbnail-inner\"><img width=\"1024\" height=\"682\" class=\"attachment-full size-full\" alt=\"Sistema em vez de conte\u00fado individual\" context=\"dpt\" data-dpt-src=\"https:\/\/www.markus-schall.de\/wp-content\/uploads\/Organische-Reichweite.jpg\" data-dpt-sizes=\"(max-width: 1024px) 100vw, 1024px\" data-dpt-srcset=\"https:\/\/www.markus-schall.de\/wp-content\/uploads\/Organische-Reichweite.jpg 1024w, https:\/\/www.markus-schall.de\/wp-content\/uploads\/Organische-Reichweite-300x200.jpg 300w, https:\/\/www.markus-schall.de\/wp-content\/uploads\/Organische-Reichweite-768x512.jpg 768w, https:\/\/www.markus-schall.de\/wp-content\/uploads\/Organische-Reichweite-18x12.jpg 18w\" \/><\/div><span class=\"dpt-thumbnail-aspect-ratio\" style=\"padding-top: 75%\"><\/span><\/div><\/div><div class=\"sub-entry\"><h3 class=\"dpt-title\"><a class=\"dpt-title-link\" href=\"https:\/\/www.markus-schall.de\/pt\/2026\/04\/do-conteudo-a-substancia-como-sao-criados-sistemas-digitais-que-nao-podem-ser-copiados\/\" rel=\"bookmark\">Do conte\u00fado \u00e0 subst\u00e2ncia: como se criam sistemas digitais que n\u00e3o podem ser copiados<\/a><\/h3><\/div><\/div>\n\t\t\t\t\t\t<\/div><!-- .dpt-entry -->\n\t\t\t\t\t\t\t\t\t\t\t\t<div class=\"dpt-entry has-thumbnail\" data-title=\"vom chatgpt-datenexport zur eigenen wissens-ki: schritt-f\u00fcr-schritt mit ollama und qdrant\" data-id=\"5306\"  data-category=\"apple macos ki-systeme tipps &amp; anleitungen\" data-post_tag=\"datenbanken denkmodelle digitales eigentum docker k\u00fcnstliche intelligenz llama llm mlx ollama prozesse sprachmodell\">\n\t\t\t\t\t\t\t<div class=\"dpt-entry-wrapper\"><div class=\"dpt-featured-content\"><div class=\"dpt-permalink\"><a href=\"https:\/\/www.markus-schall.de\/pt\/2026\/03\/da-exportacao-de-dados-do-chatgpt-para-o-seu-proprio-knowledge-ki-passo-a-passo-com-ollama-e-qdrant\/\" class=\"dpt-permalink\"><span class=\"screen-reader-text\">Da exporta\u00e7\u00e3o de dados ChatGPT para a sua pr\u00f3pria IA do conhecimento: passo a passo com Ollama e Qdrant<\/span><\/a><\/div><div class=\"dpt-thumbnail\"><div class=\"dpt-thumbnail-inner\"><img width=\"1024\" height=\"683\" class=\"attachment-full size-full\" alt=\"O caminho para a sua pr\u00f3pria mem\u00f3ria de IA\" context=\"dpt\" data-dpt-src=\"https:\/\/www.markus-schall.de\/wp-content\/uploads\/ChatGPT-Datenexport-Computerhirn.jpg\" data-dpt-sizes=\"(max-width: 1024px) 100vw, 1024px\" data-dpt-srcset=\"https:\/\/www.markus-schall.de\/wp-content\/uploads\/ChatGPT-Datenexport-Computerhirn.jpg 1024w, https:\/\/www.markus-schall.de\/wp-content\/uploads\/ChatGPT-Datenexport-Computerhirn-300x200.jpg 300w, https:\/\/www.markus-schall.de\/wp-content\/uploads\/ChatGPT-Datenexport-Computerhirn-768x512.jpg 768w, https:\/\/www.markus-schall.de\/wp-content\/uploads\/ChatGPT-Datenexport-Computerhirn-18x12.jpg 18w\" \/><\/div><span class=\"dpt-thumbnail-aspect-ratio\" style=\"padding-top: 75%\"><\/span><\/div><\/div><div class=\"sub-entry\"><h3 class=\"dpt-title\"><a class=\"dpt-title-link\" href=\"https:\/\/www.markus-schall.de\/pt\/2026\/03\/da-exportacao-de-dados-do-chatgpt-para-o-seu-proprio-knowledge-ki-passo-a-passo-com-ollama-e-qdrant\/\" rel=\"bookmark\">Da exporta\u00e7\u00e3o de dados ChatGPT para a sua pr\u00f3pria IA do conhecimento: passo a passo com Ollama e Qdrant<\/a><\/h3><\/div><\/div>\n\t\t\t\t\t\t<\/div><!-- .dpt-entry -->\n\t\t\t\t\t\t\t\t\t\t\t\t<div class=\"dpt-entry has-thumbnail\" data-title=\"chatgpt-datenexport erkl\u00e4rt: wie deine ki-chats zu einem pers\u00f6nlichen wissenssystem werden\" data-id=\"5259\"  data-category=\"featured ki-systeme tipps &amp; anleitungen\" data-post_tag=\"apple datenbanken datenschutz digitales eigentum k\u00fcnstliche intelligenz llama llm mac mlx ollama sprachmodell\">\n\t\t\t\t\t\t\t<div class=\"dpt-entry-wrapper\"><div class=\"dpt-featured-content\"><div class=\"dpt-permalink\"><a href=\"https:\/\/www.markus-schall.de\/pt\/2026\/03\/a-exportacao-de-dados-chatgpt-explica-como-as-suas-conversas-ki-se-tornam-um-sistema-de-conhecimento-pessoal\/\" class=\"dpt-permalink\"><span class=\"screen-reader-text\">Explica\u00e7\u00e3o da exporta\u00e7\u00e3o de dados ChatGPT: como as suas conversas de IA se tornam um sistema de conhecimento pessoal<\/span><\/a><\/div><div class=\"dpt-thumbnail\"><div class=\"dpt-thumbnail-inner\"><img width=\"1024\" height=\"683\" class=\"attachment-full size-full\" alt=\"Exporta\u00e7\u00e3o de dados ChatGPT\" context=\"dpt\" data-dpt-src=\"https:\/\/www.markus-schall.de\/wp-content\/uploads\/ChatGPT-Datenexport.jpg\" data-dpt-sizes=\"(max-width: 1024px) 100vw, 1024px\" data-dpt-srcset=\"https:\/\/www.markus-schall.de\/wp-content\/uploads\/ChatGPT-Datenexport.jpg 1024w, https:\/\/www.markus-schall.de\/wp-content\/uploads\/ChatGPT-Datenexport-300x200.jpg 300w, https:\/\/www.markus-schall.de\/wp-content\/uploads\/ChatGPT-Datenexport-768x512.jpg 768w, https:\/\/www.markus-schall.de\/wp-content\/uploads\/ChatGPT-Datenexport-18x12.jpg 18w\" \/><\/div><span class=\"dpt-thumbnail-aspect-ratio\" style=\"padding-top: 75%\"><\/span><\/div><\/div><div class=\"sub-entry\"><h3 class=\"dpt-title\"><a class=\"dpt-title-link\" href=\"https:\/\/www.markus-schall.de\/pt\/2026\/03\/a-exportacao-de-dados-chatgpt-explica-como-as-suas-conversas-ki-se-tornam-um-sistema-de-conhecimento-pessoal\/\" rel=\"bookmark\">Explica\u00e7\u00e3o da exporta\u00e7\u00e3o de dados ChatGPT: como as suas conversas de IA se tornam um sistema de conhecimento pessoal<\/a><\/h3><\/div><\/div>\n\t\t\t\t\t\t<\/div><!-- .dpt-entry -->\n\t\t\t\t\t\t\t\t\t\t\t\t<div class=\"dpt-entry has-thumbnail\" data-title=\"der iran\u2013israel-konflikt: warum diese eskalation der strategische albtraum des westens ist\" data-id=\"5212\"  data-category=\"allgemein gesellschaft\" data-post_tag=\"denkmodelle energiepolitik europa geopolitik krisen k\u00fcnstliche intelligenz meinungsfreiheit sicherheitspolitik spieltheorie\">\n\t\t\t\t\t\t\t<div class=\"dpt-entry-wrapper\"><div class=\"dpt-featured-content\"><div class=\"dpt-permalink\"><a href=\"https:\/\/www.markus-schall.de\/pt\/2026\/03\/o-conflito-israelo-iraniano-porque-e-que-esta-escalada-e-o-pesadelo-estrategico-do-ocidente\/\" class=\"dpt-permalink\"><span class=\"screen-reader-text\">O conflito Ir\u00e3o-Israel: porque \u00e9 que esta escalada \u00e9 o pesadelo estrat\u00e9gico do Ocidente<\/span><\/a><\/div><div class=\"dpt-thumbnail\"><div class=\"dpt-thumbnail-inner\"><img width=\"1024\" height=\"683\" class=\"attachment-full size-full\" alt=\"Israel-Ir\u00e3o - Pesadelo estrat\u00e9gico\" context=\"dpt\" data-dpt-src=\"https:\/\/www.markus-schall.de\/wp-content\/uploads\/Israel-Iran-Strategischer-Albtraum.jpg\" data-dpt-sizes=\"(max-width: 1024px) 100vw, 1024px\" data-dpt-srcset=\"https:\/\/www.markus-schall.de\/wp-content\/uploads\/Israel-Iran-Strategischer-Albtraum.jpg 1024w, https:\/\/www.markus-schall.de\/wp-content\/uploads\/Israel-Iran-Strategischer-Albtraum-300x200.jpg 300w, https:\/\/www.markus-schall.de\/wp-content\/uploads\/Israel-Iran-Strategischer-Albtraum-768x512.jpg 768w, https:\/\/www.markus-schall.de\/wp-content\/uploads\/Israel-Iran-Strategischer-Albtraum-18x12.jpg 18w\" \/><\/div><span class=\"dpt-thumbnail-aspect-ratio\" style=\"padding-top: 75%\"><\/span><\/div><\/div><div class=\"sub-entry\"><h3 class=\"dpt-title\"><a class=\"dpt-title-link\" href=\"https:\/\/www.markus-schall.de\/pt\/2026\/03\/o-conflito-israelo-iraniano-porque-e-que-esta-escalada-e-o-pesadelo-estrategico-do-ocidente\/\" rel=\"bookmark\">O conflito Ir\u00e3o-Israel: porque \u00e9 que esta escalada \u00e9 o pesadelo estrat\u00e9gico do Ocidente<\/a><\/h3><\/div><\/div>\n\t\t\t\t\t\t<\/div><!-- .dpt-entry -->\n\t\t\t\t\t\t\n\t\t\t\t<\/div>\n\t\t\t\t\t\t<\/div>\n\t\t\t\n<hr \/>\n<h2>Perguntas frequentes sobre os inqu\u00e9ritos<\/h2>\n<ol>\n<li><strong>O que \u00e9 que eu ganho pessoalmente ao participar nos inqu\u00e9ritos desta p\u00e1gina?<\/strong><br \/>\nAo participar nos inqu\u00e9ritos, pode contribuir com a sua opini\u00e3o - anonimamente, sem registo, diretamente. O objetivo n\u00e3o \u00e9 recolher dados ou criar perfis, mas sim reunir uma opini\u00e3o t\u00e3o ampla e genu\u00edna quanto poss\u00edvel sobre quest\u00f5es sociais actuais. Talvez isto at\u00e9 o ajude a classificar melhor - ou a questionar - a sua pr\u00f3pria posi\u00e7\u00e3o.<\/li>\n<li><strong>Porque \u00e9 que estes temas foram escolhidos para os inqu\u00e9ritos?<\/strong><br \/>\nAs sondagens s\u00e3o deliberadamente concebidas para se relacionarem com debates reais e actuais: tens\u00e3o, digitaliza\u00e7\u00e3o, confian\u00e7a nos meios de comunica\u00e7\u00e3o social, servi\u00e7o civil, IA, FileMaker - todos estes s\u00e3o temas abordados nos artigos deste s\u00edtio e que comovem os leitores. O objetivo \u00e9 promover o discurso e o envolvimento dos visitantes.<\/li>\n<li><strong>Como \u00e9 que algu\u00e9m pode ser impedido de votar mais do que uma vez?<\/strong><br \/>\nO sistema de inqu\u00e9rito reconhece normalmente os votos m\u00faltiplos atrav\u00e9s de uma parte dos endere\u00e7os IP ou dos cookies. No entanto, o objetivo n\u00e3o \u00e9 o controlo total, mas sim uma discuss\u00e3o aberta. Quem quiser pode votar deliberadamente mais do que uma vez - mas, em \u00faltima an\u00e1lise, a tend\u00eancia dos resultados mostra a posi\u00e7\u00e3o das opini\u00f5es, mesmo sem certeza absoluta de manipula\u00e7\u00e3o. No entanto, reservamo-nos o direito de eliminar automaticamente os votos m\u00faltiplos atrav\u00e9s de ferramentas de IA.<\/li>\n<li><strong>Quem pode participar nos inqu\u00e9ritos?<\/strong><br \/>\nTodos os visitantes do s\u00edtio Web - quer sejam da Alemanha, da Europa ou internacionais. N\u00e3o \u00e9 necess\u00e1rio qualquer registo e n\u00e3o s\u00e3o recolhidos quaisquer dados pessoais. A participa\u00e7\u00e3o \u00e9 volunt\u00e1ria, gratuita e an\u00f3nima.<\/li>\n<li><strong>At\u00e9 que ponto os inqu\u00e9ritos s\u00e3o realmente an\u00f3nimos?<\/strong><br \/>\nN\u00e3o s\u00e3o armazenados quaisquer dados pessoais. Parte do endere\u00e7o IP \u00e9 tecnicamente registada para permitir uma an\u00e1lise aproximada (por exemplo, por pa\u00eds), mas n\u00e3o \u00e9 permanentemente armazenada ou atribu\u00edda a utilizadores individuais. N\u00e3o s\u00e3o transmitidos quaisquer dados a terceiros. A participa\u00e7\u00e3o est\u00e1 em conformidade com a prote\u00e7\u00e3o de dados e limita-se a meras estat\u00edsticas.<\/li>\n<li><strong>Posso ver os resultados dos inqu\u00e9ritos em algum lado?<\/strong><br \/>\nSim - depois de votar, ver\u00e1 imediatamente a distribui\u00e7\u00e3o das respostas at\u00e9 ao momento. Atualmente, apenas os valores percentuais s\u00e3o vis\u00edveis, o n\u00famero de votos \u00e9 deliberadamente ocultado na fase inicial para evitar distor\u00e7\u00f5es. Posteriormente, os resultados de inqu\u00e9ritos selecionados ser\u00e3o tamb\u00e9m comentados e analisados em artigos.<\/li>\n<li><strong>Com que frequ\u00eancia aparecem novos inqu\u00e9ritos?<\/strong><br \/>\nEst\u00e1 prevista a publica\u00e7\u00e3o regular de novas sondagens - quer diretamente como parte de novos artigos, quer atrav\u00e9s da barra lateral e da p\u00e1gina inicial. Alguns inqu\u00e9ritos permanecer\u00e3o permanentemente activos, outros ser\u00e3o rotativos por tema. O objetivo \u00e9 criar uma cole\u00e7\u00e3o crescente de perguntas relevantes sobre os actuais pontos focais deste s\u00edtio.<\/li>\n<li><strong>Haver\u00e1 tamb\u00e9m an\u00e1lises espec\u00edficas por pa\u00eds?<\/strong><br \/>\nSim, isso est\u00e1 planeado para o m\u00e9dio prazo. Uma vez que os inqu\u00e9ritos est\u00e3o dispon\u00edveis em v\u00e1rias l\u00ednguas e apelam a visitantes internacionais, os resultados tamb\u00e9m ser\u00e3o analisados por regi\u00e3o ou l\u00edngua no futuro - sob a forma de artigos individuais ou visualiza\u00e7\u00f5es. Naturalmente, o anonimato dos participantes ser\u00e1 preservado.<\/li>\n<li><strong>Porque \u00e9 que nalguns s\u00edtios v\u00ea inqu\u00e9ritos diferentes dos de outros?<\/strong><br \/>\nAlgumas das sondagens est\u00e3o ligadas tematicamente a artigos espec\u00edficos e s\u00f3 aparecem a\u00ed. Al\u00e9m disso, h\u00e1 uma sele\u00e7\u00e3o aleat\u00f3ria na barra lateral que roda a partir de todo o conjunto de sondagens. Isto garante variedade e uma adequa\u00e7\u00e3o tem\u00e1tica - sem que se repita constantemente.<\/li>\n<li><strong>Posso tamb\u00e9m ligar os inqu\u00e9ritos ao meu blogue ou ao meu s\u00edtio Web?<\/strong><br \/>\nBasicamente sim - especialmente se quiser chamar a aten\u00e7\u00e3o para um artigo ou inqu\u00e9rito espec\u00edfico. Se estiver interessado numa integra\u00e7\u00e3o mais aprofundada (por exemplo, como um widget ou atrav\u00e9s de um iframe), pode contactar-nos atrav\u00e9s do formul\u00e1rio de contacto na p\u00e1gina. O objetivo \u00e9 promover o interc\u00e2mbio e n\u00e3o restringi-lo.<\/li>\n<\/ol>\n<hr \/>\n\n\t\t\t<div class=\"display-post-types\">\n\n\t\t\t\t\t\t\t<style type=\"text\/css\">\n\t\t\t#dpt-wrapper-370 { --dpt-text-align: left;--dpt-image-crop: center;--dpt-border-radius: 5px;--dpt-h-gutter: 10px;--dpt-v-gutter: 9px; }\t\t\t<\/style>\n\t\t\t<style type=\"text\/css\">#dpt-wrapper-370 { --dpt-title-font-style:normal;--dpt-title-font-weight:600;--dpt-title-line-height:1.5;--dpt-title-text-decoration:none;--dpt-title-text-transform:none;--dpt-excerpt-font-style:normal;--dpt-excerpt-font-weight:400;--dpt-excerpt-line-height:1.5;--dpt-excerpt-text-decoration:none;--dpt-excerpt-text-transform:none;--dpt-meta1-font-style:normal;--dpt-meta1-font-weight:400;--dpt-meta1-line-height:1.9;--dpt-meta1-text-decoration:none;--dpt-meta1-text-transform:none;--dpt-meta2-font-style:normal;--dpt-meta2-font-weight:400;--dpt-meta2-line-height:1.9;--dpt-meta2-text-decoration:none;--dpt-meta2-text-transform:none; }<\/style><div class=\"dpt-main-header\">\n\t\t\t\t\t\t<div class=\"dpt-main-title\">\n\t\t\t\t\t\t\t<span class=\"dpt-main-title-text\">Artigos actuais sobre arte e cultura<\/span>\n\t\t\t\t\t\t<\/div>\n\t\t\t\t\t\t\n\t\t\t\t\t\t\n\t\t\t\t\t\t\n\t\t\t\t\t\t<\/div>\t\t\t\n\t\t\t\t<div id=\"dpt-wrapper-370\" class=\"dpt-wrapper dpt-mag1 land1 dpt-cropped dpt-flex-wrap\" >\n\n\t\t\t\t\t\t\t\t\t\t\t<div class=\"dpt-entry has-thumbnail\" data-title=\"helge schneider: haltung, humor und die freiheit, sich nicht erkl\u00e4ren zu m\u00fcssen\" data-id=\"4756\"  data-category=\"allgemein gesellschaft kunst &amp; kultur\" data-post_tag=\"deutschland erfahrungen meinungsfreiheit musik portrait\">\n\t\t\t\t\t\t\t<div class=\"dpt-entry-wrapper\"><div class=\"dpt-featured-content\"><div class=\"dpt-permalink\"><a href=\"https:\/\/www.markus-schall.de\/pt\/2026\/02\/helge-schneider-atitude-o-humor-e-a-liberdade-de-nao-ter-de-se-explicar\/\" class=\"dpt-permalink\"><span class=\"screen-reader-text\">Helge Schneider: Atitude, humor e a liberdade de n\u00e3o ter de se explicar<\/span><\/a><\/div><div class=\"dpt-thumbnail\"><div class=\"dpt-thumbnail-inner\"><img width=\"1024\" height=\"683\" class=\"attachment-full size-full\" alt=\"Retrato de Helge Schneider\" context=\"dpt\" data-dpt-src=\"https:\/\/www.markus-schall.de\/wp-content\/uploads\/Helge-Schneider.jpg\" data-dpt-sizes=\"(max-width: 1024px) 100vw, 1024px\" data-dpt-srcset=\"https:\/\/www.markus-schall.de\/wp-content\/uploads\/Helge-Schneider.jpg 1024w, https:\/\/www.markus-schall.de\/wp-content\/uploads\/Helge-Schneider-300x200.jpg 300w, https:\/\/www.markus-schall.de\/wp-content\/uploads\/Helge-Schneider-768x512.jpg 768w, https:\/\/www.markus-schall.de\/wp-content\/uploads\/Helge-Schneider-18x12.jpg 18w\" \/><\/div><span class=\"dpt-thumbnail-aspect-ratio\" style=\"padding-top: 75%\"><\/span><\/div><\/div><div class=\"sub-entry\"><h3 class=\"dpt-title\"><a class=\"dpt-title-link\" href=\"https:\/\/www.markus-schall.de\/pt\/2026\/02\/helge-schneider-atitude-o-humor-e-a-liberdade-de-nao-ter-de-se-explicar\/\" rel=\"bookmark\">Helge Schneider: Atitude, humor e a liberdade de n\u00e3o ter de se explicar<\/a><\/h3><\/div><\/div>\n\t\t\t\t\t\t<\/div><!-- .dpt-entry -->\n\t\t\t\t\t\t\t\t\t\t\t\t<div class=\"dpt-entry has-thumbnail\" data-title=\"wie war syrien vor dem krieg? wer regiert heute? was bedeutet das f\u00fcr gefl\u00fcchtete in deutschland?\" data-id=\"4628\"  data-category=\"allgemein gesellschaft kunst &amp; kultur\" data-post_tag=\"deutschland europa geopolitik krisen meinungsfreiheit sicherheitspolitik\">\n\t\t\t\t\t\t\t<div class=\"dpt-entry-wrapper\"><div class=\"dpt-featured-content\"><div class=\"dpt-permalink\"><a href=\"https:\/\/www.markus-schall.de\/pt\/2026\/01\/como-era-a-siria-antes-da-guerra-quem-governa-atualmente-o-pais-o-que-significa-isto-para-os-refugiados-na-alemanha\/\" class=\"dpt-permalink\"><span class=\"screen-reader-text\">Como era a S\u00edria antes da guerra? Quem governa atualmente? O que \u00e9 que isto significa para os refugiados na Alemanha?<\/span><\/a><\/div><div class=\"dpt-thumbnail\"><div class=\"dpt-thumbnail-inner\"><img width=\"1024\" height=\"683\" class=\"attachment-full size-full\" alt=\"S\u00edria e Damasco\" context=\"dpt\" data-dpt-src=\"https:\/\/www.markus-schall.de\/wp-content\/uploads\/Syrien-Damaskus.jpg\" data-dpt-sizes=\"(max-width: 1024px) 100vw, 1024px\" data-dpt-srcset=\"https:\/\/www.markus-schall.de\/wp-content\/uploads\/Syrien-Damaskus.jpg 1024w, https:\/\/www.markus-schall.de\/wp-content\/uploads\/Syrien-Damaskus-300x200.jpg 300w, https:\/\/www.markus-schall.de\/wp-content\/uploads\/Syrien-Damaskus-768x512.jpg 768w, https:\/\/www.markus-schall.de\/wp-content\/uploads\/Syrien-Damaskus-18x12.jpg 18w\" \/><\/div><span class=\"dpt-thumbnail-aspect-ratio\" style=\"padding-top: 75%\"><\/span><\/div><\/div><div class=\"sub-entry\"><h3 class=\"dpt-title\"><a class=\"dpt-title-link\" href=\"https:\/\/www.markus-schall.de\/pt\/2026\/01\/como-era-a-siria-antes-da-guerra-quem-governa-atualmente-o-pais-o-que-significa-isto-para-os-refugiados-na-alemanha\/\" rel=\"bookmark\">Como era a S\u00edria antes da guerra? Quem governa atualmente? O que \u00e9 que isto significa para os refugiados na Alemanha?<\/a><\/h3><\/div><\/div>\n\t\t\t\t\t\t<\/div><!-- .dpt-entry -->\n\t\t\t\t\t\t\t\t\t\t\t\t<div class=\"dpt-entry has-thumbnail\" data-title=\"iran verstehen: alltag, proteste und interessen jenseits der schlagzeilen\" data-id=\"4462\"  data-category=\"allgemein gesellschaft kunst &amp; kultur\" data-post_tag=\"erfahrungen europa geopolitik krisen meinungsfreiheit sicherheitspolitik spieltheorie\">\n\t\t\t\t\t\t\t<div class=\"dpt-entry-wrapper\"><div class=\"dpt-featured-content\"><div class=\"dpt-permalink\"><a href=\"https:\/\/www.markus-schall.de\/pt\/2026\/01\/compreender-o-quotidiano-do-ira-protestos-e-interesses-para-alem-dos-titulos-dos-jornais\/\" class=\"dpt-permalink\"><span class=\"screen-reader-text\">Compreender o Ir\u00e3o: A vida quotidiana, os protestos e os interesses para al\u00e9m dos t\u00edtulos dos jornais<\/span><\/a><\/div><div class=\"dpt-thumbnail\"><div class=\"dpt-thumbnail-inner\"><img width=\"1024\" height=\"683\" class=\"attachment-full size-full\" alt=\"Compreender o Ir\u00e3o\" context=\"dpt\" data-dpt-src=\"https:\/\/www.markus-schall.de\/wp-content\/uploads\/Iran-Titel.jpg\" data-dpt-sizes=\"(max-width: 1024px) 100vw, 1024px\" data-dpt-srcset=\"https:\/\/www.markus-schall.de\/wp-content\/uploads\/Iran-Titel.jpg 1024w, https:\/\/www.markus-schall.de\/wp-content\/uploads\/Iran-Titel-300x200.jpg 300w, https:\/\/www.markus-schall.de\/wp-content\/uploads\/Iran-Titel-768x512.jpg 768w, https:\/\/www.markus-schall.de\/wp-content\/uploads\/Iran-Titel-18x12.jpg 18w\" \/><\/div><span class=\"dpt-thumbnail-aspect-ratio\" style=\"padding-top: 75%\"><\/span><\/div><\/div><div class=\"sub-entry\"><h3 class=\"dpt-title\"><a class=\"dpt-title-link\" href=\"https:\/\/www.markus-schall.de\/pt\/2026\/01\/compreender-o-quotidiano-do-ira-protestos-e-interesses-para-alem-dos-titulos-dos-jornais\/\" rel=\"bookmark\">Compreender o Ir\u00e3o: A vida quotidiana, os protestos e os interesses para al\u00e9m dos t\u00edtulos dos jornais<\/a><\/h3><\/div><\/div>\n\t\t\t\t\t\t<\/div><!-- .dpt-entry -->\n\t\t\t\t\t\t\t\t\t\t\t\t<div class=\"dpt-entry has-thumbnail\" data-title=\"beruf, weltbild, zukunft: entscheidungen im schatten des umbruchs\" data-id=\"3197\"  data-category=\"allgemein gesellschaft kunst &amp; kultur tipps &amp; anleitungen\" data-post_tag=\"erfahrungen krisen pers\u00f6nlichkeitsentwicklung ratgeber\">\n\t\t\t\t\t\t\t<div class=\"dpt-entry-wrapper\"><div class=\"dpt-featured-content\"><div class=\"dpt-permalink\"><a href=\"https:\/\/www.markus-schall.de\/pt\/2025\/10\/visao-do-mundo-da-carreira-decisoes-futuras-a-sombra-de-perturbacoes\/\" class=\"dpt-permalink\"><span class=\"screen-reader-text\">Carreira, vis\u00e3o do mundo, futuro: decis\u00f5es \u00e0 sombra da mudan\u00e7a<\/span><\/a><\/div><div class=\"dpt-thumbnail\"><div class=\"dpt-thumbnail-inner\"><img width=\"1024\" height=\"683\" class=\"attachment-full size-full\" alt=\"Decis\u00f5es \u00e0 sombra da agita\u00e7\u00e3o\" context=\"dpt\" data-dpt-src=\"https:\/\/www.markus-schall.de\/wp-content\/uploads\/Entscheidungen-im-Schatten-Umbruch.jpg\" data-dpt-sizes=\"(max-width: 1024px) 100vw, 1024px\" data-dpt-srcset=\"https:\/\/www.markus-schall.de\/wp-content\/uploads\/Entscheidungen-im-Schatten-Umbruch.jpg 1024w, https:\/\/www.markus-schall.de\/wp-content\/uploads\/Entscheidungen-im-Schatten-Umbruch-300x200.jpg 300w, https:\/\/www.markus-schall.de\/wp-content\/uploads\/Entscheidungen-im-Schatten-Umbruch-768x512.jpg 768w, https:\/\/www.markus-schall.de\/wp-content\/uploads\/Entscheidungen-im-Schatten-Umbruch-18x12.jpg 18w\" \/><\/div><span class=\"dpt-thumbnail-aspect-ratio\" style=\"padding-top: 75%\"><\/span><\/div><\/div><div class=\"sub-entry\"><h3 class=\"dpt-title\"><a class=\"dpt-title-link\" href=\"https:\/\/www.markus-schall.de\/pt\/2025\/10\/visao-do-mundo-da-carreira-decisoes-futuras-a-sombra-de-perturbacoes\/\" rel=\"bookmark\">Carreira, vis\u00e3o do mundo, futuro: decis\u00f5es \u00e0 sombra da mudan\u00e7a<\/a><\/h3><\/div><\/div>\n\t\t\t\t\t\t<\/div><!-- .dpt-entry -->\n\t\t\t\t\t\t\n\t\t\t\t<\/div>\n\t\t\t\t\t\t<\/div>\n\t\t\t\n<hr \/>","protected":false},"excerpt":{"rendered":"<p>Uma revista vive da troca - agora tamb\u00e9m de forma interactiva. Quem me conhece sabe que n\u00e3o escrevo para pregar - mas para iniciar processos de pensamento. Os artigos no meu s\u00edtio Web nunca foram uma via de sentido \u00fanico, mas sim um convite \u00e0 reflex\u00e3o. Mas o que tem faltado at\u00e9 agora \u00e9 a oportunidade para os leitores tomarem uma posi\u00e7\u00e3o muito espec\u00edfica - ... <a title=\"Carreira, vis\u00e3o do mundo, futuro: decis\u00f5es \u00e0 sombra da mudan\u00e7a\" class=\"read-more\" href=\"https:\/\/www.markus-schall.de\/pt\/2025\/10\/visao-do-mundo-da-carreira-decisoes-futuras-a-sombra-de-perturbacoes\/\" aria-label=\"Leia mais sobre Profiss\u00e3o, vis\u00e3o do mundo, futuro: Decis\u00f5es \u00e0 sombra de uma convuls\u00e3o\">Ler mais<\/a><\/p>","protected":false},"author":1,"featured_media":3384,"comment_status":"open","ping_status":"open","sticky":false,"template":"","format":"standard","meta":{"iawp_total_views":43,"footnotes":""},"categories":[1,424,466],"tags":[425,439,458,447,426,476],"class_list":["post-3383","post","type-post","status-publish","format-standard","has-post-thumbnail","hentry","category-allgemein","category-buecher","category-gesellschaft","tag-buch","tag-cmd","tag-erfahrungen","tag-gesundheit","tag-krisen","tag-meinungsfreiheit"],"_links":{"self":[{"href":"https:\/\/www.markus-schall.de\/pt\/wp-json\/wp\/v2\/posts\/3383","targetHints":{"allow":["GET"]}}],"collection":[{"href":"https:\/\/www.markus-schall.de\/pt\/wp-json\/wp\/v2\/posts"}],"about":[{"href":"https:\/\/www.markus-schall.de\/pt\/wp-json\/wp\/v2\/types\/post"}],"author":[{"embeddable":true,"href":"https:\/\/www.markus-schall.de\/pt\/wp-json\/wp\/v2\/users\/1"}],"replies":[{"embeddable":true,"href":"https:\/\/www.markus-schall.de\/pt\/wp-json\/wp\/v2\/comments?post=3383"}],"version-history":[{"count":12,"href":"https:\/\/www.markus-schall.de\/pt\/wp-json\/wp\/v2\/posts\/3383\/revisions"}],"predecessor-version":[{"id":3900,"href":"https:\/\/www.markus-schall.de\/pt\/wp-json\/wp\/v2\/posts\/3383\/revisions\/3900"}],"wp:featuredmedia":[{"embeddable":true,"href":"https:\/\/www.markus-schall.de\/pt\/wp-json\/wp\/v2\/media\/3384"}],"wp:attachment":[{"href":"https:\/\/www.markus-schall.de\/pt\/wp-json\/wp\/v2\/media?parent=3383"}],"wp:term":[{"taxonomy":"category","embeddable":true,"href":"https:\/\/www.markus-schall.de\/pt\/wp-json\/wp\/v2\/categories?post=3383"},{"taxonomy":"post_tag","embeddable":true,"href":"https:\/\/www.markus-schall.de\/pt\/wp-json\/wp\/v2\/tags?post=3383"}],"curies":[{"name":"wp","href":"https:\/\/api.w.org\/{rel}","templated":true}]}}