{"id":3419,"date":"2025-11-09T09:03:22","date_gmt":"2025-11-09T09:03:22","guid":{"rendered":"https:\/\/www.markus-schall.de\/?p=3419"},"modified":"2026-04-12T14:35:46","modified_gmt":"2026-04-12T14:35:46","slug":"cmd-compreender-porque-e-que-o-conhecimento-e-o-primeiro-passo-para-a-cura","status":"publish","type":"post","link":"https:\/\/www.markus-schall.de\/pt\/2025\/11\/cmd-compreender-porque-e-que-o-conhecimento-e-o-primeiro-passo-para-a-cura\/","title":{"rendered":"Compreender a DMC: Porque \u00e9 que o conhecimento \u00e9 o primeiro passo para a cura"},"content":{"rendered":"<p>H\u00e1 queixas que n\u00e3o se comportam como sintomas normais. Aparecem, desaparecem, mudam - e n\u00e3o se enquadram em nenhuma categoria especializada. \u00c9 exatamente aqui que come\u00e7a a hist\u00f3ria por detr\u00e1s da DMC, a disfun\u00e7\u00e3o craniomandibular: n\u00e3o \u00e9 uma doen\u00e7a ex\u00f3tica, mas uma perturba\u00e7\u00e3o funcional na intera\u00e7\u00e3o entre a articula\u00e7\u00e3o temporomandibular, os m\u00fasculos da mastiga\u00e7\u00e3o, os dentes, o pesco\u00e7o e o aparelho cervical. O que parece t\u00e3o t\u00e9cnico actua como um realizador silencioso no fundo da vida quotidiana: puxa aqui, pressiona ali, cansa, deixa-nos nervosos - e raramente o dedo aponta diretamente para o maxilar.<!--more--><\/p>\n<p>Se est\u00e1 a ler estas linhas e tem a sensa\u00e7\u00e3o, <em>\"Sim, eu sei disso\"<\/em>ent\u00e3o, provavelmente, j\u00e1 percorreu o caminho que muitas pessoas percorrem: de m\u00e9dico em m\u00e9dico, de suspeita em suspeita - e, no final, est\u00e1 mais confuso do que antes. A DMC \u00e9 invis\u00edvel porque deixa a sua marca n\u00e3o na mand\u00edbula, mas ao longo das al\u00e7as musculares e das cadeias fasciais de todo o corpo. E \u00e9 p\u00e9rfida porque produz sintomas que parecem n\u00e3o ter nada a ver uns com os outros.<\/p>\n<p>Posso diz\u00ea-lo com toda a clareza porque o experimentei no meu pr\u00f3prio corpo ao longo dos anos. Havia a virilha, por exemplo: Cicatrizes que pareciam nunca querer sarar corretamente. Havia hemorr\u00f3idas que eram operadas sem se olhar para a verdadeira causa na p\u00e9lvis e na est\u00e1tica. Depois, havia um n\u00f3 na garganta - uma sensa\u00e7\u00e3o de press\u00e3o que provoca ansiedade porque pensamos imediatamente em algo grave. Ci\u00e1tica? Tamb\u00e9m. Problemas de sono? Regularmente. E o mais louco: durante anos, pensei que eram todos acontecimentos independentes e isolados - apenas <em>\"\u00e9 assim que as coisas s\u00e3o\"<\/em>.<\/p>\n<hr \/>\n\n\t\t\t<div class=\"display-post-types\">\n\n\t\t\t\t\t\t\t<style type=\"text\/css\">\n\t\t\t#dpt-wrapper-944 { --dpt-text-align: left;--dpt-image-crop: center;--dpt-border-radius: 5px;--dpt-h-gutter: 10px;--dpt-v-gutter: 9px; }\t\t\t<\/style>\n\t\t\t<style type=\"text\/css\">#dpt-wrapper-944 { --dpt-title-font-style:normal;--dpt-title-font-weight:600;--dpt-title-line-height:1.5;--dpt-title-text-decoration:none;--dpt-title-text-transform:none;--dpt-excerpt-font-style:normal;--dpt-excerpt-font-weight:400;--dpt-excerpt-line-height:1.5;--dpt-excerpt-text-decoration:none;--dpt-excerpt-text-transform:none;--dpt-meta1-font-style:normal;--dpt-meta1-font-weight:400;--dpt-meta1-line-height:1.9;--dpt-meta1-text-decoration:none;--dpt-meta1-text-transform:none;--dpt-meta2-font-style:normal;--dpt-meta2-font-weight:400;--dpt-meta2-line-height:1.9;--dpt-meta2-text-decoration:none;--dpt-meta2-text-transform:none; }<\/style><div class=\"dpt-main-header\">\n\t\t\t\t\t\t<div class=\"dpt-main-title\">\n\t\t\t\t\t\t\t<span class=\"dpt-main-title-text\">Temas actuais de sa\u00fade<\/span>\n\t\t\t\t\t\t<\/div>\n\t\t\t\t\t\t\n\t\t\t\t\t\t\n\t\t\t\t\t\t\n\t\t\t\t\t\t<\/div>\t\t\t\n\t\t\t\t<div id=\"dpt-wrapper-944\" class=\"dpt-wrapper dpt-mag1 land1 dpt-cropped dpt-flex-wrap\" >\n\n\t\t\t\t\t\t\t\t\t\t\t<div class=\"dpt-entry has-thumbnail\" data-title=\"zahngesundheit und cmd \u2013 mehr als ein bisschen. was bringt die zukunft?\" data-id=\"2736\"  data-category=\"b\u00fccher gesellschaft gesundheit\" data-post_tag=\"cmd gesundheit ratgeber\">\n\t\t\t\t\t\t\t<div class=\"dpt-entry-wrapper\"><div class=\"dpt-featured-content\"><div class=\"dpt-permalink\"><a href=\"https:\/\/www.markus-schall.de\/pt\/2025\/08\/saude-dentaria-e-cmd-mais-do-que-um-pouco-o-que-o-futuro-nos-reserva\/\" class=\"dpt-permalink\"><span class=\"screen-reader-text\">Sa\u00fade dent\u00e1ria e CMD - mais do que apenas um bocadinho. O que \u00e9 que o futuro nos reserva?<\/span><\/a><\/div><div class=\"dpt-thumbnail\"><div class=\"dpt-thumbnail-inner\"><img width=\"1920\" height=\"1280\" class=\"attachment-full size-full\" alt=\"CMD, sa\u00fade dent\u00e1ria e tecnologias do futuro\" context=\"dpt\" data-dpt-src=\"https:\/\/www.markus-schall.de\/wp-content\/uploads\/cmd-zahngesundheit-zukunft-.jpg\" data-dpt-sizes=\"(max-width: 1920px) 100vw, 1920px\" data-dpt-srcset=\"https:\/\/www.markus-schall.de\/wp-content\/uploads\/cmd-zahngesundheit-zukunft-.jpg 1920w, https:\/\/www.markus-schall.de\/wp-content\/uploads\/cmd-zahngesundheit-zukunft--300x200.jpg 300w, https:\/\/www.markus-schall.de\/wp-content\/uploads\/cmd-zahngesundheit-zukunft--1024x683.jpg 1024w, https:\/\/www.markus-schall.de\/wp-content\/uploads\/cmd-zahngesundheit-zukunft--768x512.jpg 768w, https:\/\/www.markus-schall.de\/wp-content\/uploads\/cmd-zahngesundheit-zukunft--1536x1024.jpg 1536w, https:\/\/www.markus-schall.de\/wp-content\/uploads\/cmd-zahngesundheit-zukunft--18x12.jpg 18w\" \/><\/div><span class=\"dpt-thumbnail-aspect-ratio\" style=\"padding-top: 75%\"><\/span><\/div><\/div><div class=\"sub-entry\"><h3 class=\"dpt-title\"><a class=\"dpt-title-link\" href=\"https:\/\/www.markus-schall.de\/pt\/2025\/08\/saude-dentaria-e-cmd-mais-do-que-um-pouco-o-que-o-futuro-nos-reserva\/\" rel=\"bookmark\">Sa\u00fade dent\u00e1ria e CMD - mais do que apenas um bocadinho. O que \u00e9 que o futuro nos reserva?<\/a><\/h3><\/div><\/div>\n\t\t\t\t\t\t<\/div><!-- .dpt-entry -->\n\t\t\t\t\t\t\t\t\t\t\t\t<div class=\"dpt-entry has-thumbnail\" data-title=\"multiple chemikalien sensitivit\u00e4t neu gedacht \u2013 nervensystem, cmd und funktionelle ursachen\" data-id=\"4133\"  data-category=\"allgemein gesundheit\" data-post_tag=\"buch cmd erfahrungen gesundheit hypersensibilit\u00e4t mcs\">\n\t\t\t\t\t\t\t<div class=\"dpt-entry-wrapper\"><div class=\"dpt-featured-content\"><div class=\"dpt-permalink\"><a href=\"https:\/\/www.markus-schall.de\/pt\/2025\/12\/sensibilidade-quimica-multipla-repensada-cmd-do-sistema-nervoso-e-causas-funcionais\/\" class=\"dpt-permalink\"><span class=\"screen-reader-text\">Sensibilidade qu\u00edmica m\u00faltipla repensada - sistema nervoso, DMC e causas funcionais<\/span><\/a><\/div><div class=\"dpt-thumbnail\"><div class=\"dpt-thumbnail-inner\"><img width=\"1024\" height=\"683\" class=\"attachment-full size-full\" alt=\"Reflex\u00e3o sobre a EMC: rela\u00e7\u00e3o com a DMC e a m\u00e1 postura\" context=\"dpt\" data-dpt-src=\"https:\/\/www.markus-schall.de\/wp-content\/uploads\/MCS-CMD-Titel.jpg\" data-dpt-sizes=\"(max-width: 1024px) 100vw, 1024px\" data-dpt-srcset=\"https:\/\/www.markus-schall.de\/wp-content\/uploads\/MCS-CMD-Titel.jpg 1024w, https:\/\/www.markus-schall.de\/wp-content\/uploads\/MCS-CMD-Titel-300x200.jpg 300w, https:\/\/www.markus-schall.de\/wp-content\/uploads\/MCS-CMD-Titel-768x512.jpg 768w, https:\/\/www.markus-schall.de\/wp-content\/uploads\/MCS-CMD-Titel-18x12.jpg 18w\" \/><\/div><span class=\"dpt-thumbnail-aspect-ratio\" style=\"padding-top: 75%\"><\/span><\/div><\/div><div class=\"sub-entry\"><h3 class=\"dpt-title\"><a class=\"dpt-title-link\" href=\"https:\/\/www.markus-schall.de\/pt\/2025\/12\/sensibilidade-quimica-multipla-repensada-cmd-do-sistema-nervoso-e-causas-funcionais\/\" rel=\"bookmark\">Sensibilidade qu\u00edmica m\u00faltipla repensada - sistema nervoso, DMC e causas funcionais<\/a><\/h3><\/div><\/div>\n\t\t\t\t\t\t<\/div><!-- .dpt-entry -->\n\t\t\t\t\t\t\t\t\t\t\t\t<div class=\"dpt-entry has-thumbnail\" data-title=\"stress ist keine naturgewalt \u2013 wie man sich freir\u00e4ume zur\u00fcckholt, schritt f\u00fcr schritt\" data-id=\"3152\"  data-category=\"allgemein gesellschaft gesundheit tipps &amp; anleitungen\" data-post_tag=\"cmd erfahrungen gesundheit krisen pers\u00f6nlichkeitsentwicklung prozesse ratgeber\">\n\t\t\t\t\t\t\t<div class=\"dpt-entry-wrapper\"><div class=\"dpt-featured-content\"><div class=\"dpt-permalink\"><a href=\"https:\/\/www.markus-schall.de\/pt\/2025\/10\/o-stress-nao-e-uma-forca-da-natureza-como-recuperar-a-sua-liberdade-passo-a-passo\/\" class=\"dpt-permalink\"><span class=\"screen-reader-text\">O stress n\u00e3o \u00e9 uma for\u00e7a da natureza - Como recuperar a sua liberdade, passo a passo<\/span><\/a><\/div><div class=\"dpt-thumbnail\"><div class=\"dpt-thumbnail-inner\"><img width=\"1024\" height=\"683\" class=\"attachment-full size-full\" alt=\"O stress n\u00e3o \u00e9 uma for\u00e7a da natureza\" context=\"dpt\" data-dpt-src=\"https:\/\/www.markus-schall.de\/wp-content\/uploads\/stress-naturgewalt-titel.jpg\" data-dpt-sizes=\"(max-width: 1024px) 100vw, 1024px\" data-dpt-srcset=\"https:\/\/www.markus-schall.de\/wp-content\/uploads\/stress-naturgewalt-titel.jpg 1024w, https:\/\/www.markus-schall.de\/wp-content\/uploads\/stress-naturgewalt-titel-300x200.jpg 300w, https:\/\/www.markus-schall.de\/wp-content\/uploads\/stress-naturgewalt-titel-768x512.jpg 768w, https:\/\/www.markus-schall.de\/wp-content\/uploads\/stress-naturgewalt-titel-18x12.jpg 18w\" \/><\/div><span class=\"dpt-thumbnail-aspect-ratio\" style=\"padding-top: 75%\"><\/span><\/div><\/div><div class=\"sub-entry\"><h3 class=\"dpt-title\"><a class=\"dpt-title-link\" href=\"https:\/\/www.markus-schall.de\/pt\/2025\/10\/o-stress-nao-e-uma-forca-da-natureza-como-recuperar-a-sua-liberdade-passo-a-passo\/\" rel=\"bookmark\">O stress n\u00e3o \u00e9 uma for\u00e7a da natureza - Como recuperar a sua liberdade, passo a passo<\/a><\/h3><\/div><\/div>\n\t\t\t\t\t\t<\/div><!-- .dpt-entry -->\n\t\t\t\t\t\t\t\t\t\t\t\t<div class=\"dpt-entry has-thumbnail\" data-title=\"b\u00fccher mit tiefgang zu medizin, pers\u00f6nlichkeit und technik beim m. schall verlag\" data-id=\"2401\"  data-category=\"allgemein b\u00fccher gesellschaft gesundheit\" data-post_tag=\"buch cmd datenbanken krisen pers\u00f6nlichkeitsentwicklung verlag\">\n\t\t\t\t\t\t\t<div class=\"dpt-entry-wrapper\"><div class=\"dpt-featured-content\"><div class=\"dpt-permalink\"><a href=\"https:\/\/www.markus-schall.de\/pt\/2025\/07\/livros-com-profundidade-sobre-personalidade-medica-e-tecnologia-na-m-schall-verlag\/\" class=\"dpt-permalink\"><span class=\"screen-reader-text\">Livros aprofundados sobre medicina, personalidade e tecnologia da M. Schall Verlag<\/span><\/a><\/div><div class=\"dpt-thumbnail\"><div class=\"dpt-thumbnail-inner\"><img width=\"2400\" height=\"1260\" class=\"attachment-full size-full\" alt=\"Schall Verlag - Livros com subst\u00e2ncia\" context=\"dpt\" data-dpt-src=\"https:\/\/www.markus-schall.de\/wp-content\/uploads\/image-sv.jpg\" data-dpt-sizes=\"(max-width: 2400px) 100vw, 2400px\" data-dpt-srcset=\"https:\/\/www.markus-schall.de\/wp-content\/uploads\/image-sv.jpg 2400w, https:\/\/www.markus-schall.de\/wp-content\/uploads\/image-sv-300x158.jpg 300w, https:\/\/www.markus-schall.de\/wp-content\/uploads\/image-sv-1024x538.jpg 1024w, https:\/\/www.markus-schall.de\/wp-content\/uploads\/image-sv-768x403.jpg 768w, https:\/\/www.markus-schall.de\/wp-content\/uploads\/image-sv-1536x806.jpg 1536w, https:\/\/www.markus-schall.de\/wp-content\/uploads\/image-sv-2048x1075.jpg 2048w, https:\/\/www.markus-schall.de\/wp-content\/uploads\/image-sv-18x9.jpg 18w\" \/><\/div><span class=\"dpt-thumbnail-aspect-ratio\" style=\"padding-top: 75%\"><\/span><\/div><\/div><div class=\"sub-entry\"><h3 class=\"dpt-title\"><a class=\"dpt-title-link\" href=\"https:\/\/www.markus-schall.de\/pt\/2025\/07\/livros-com-profundidade-sobre-personalidade-medica-e-tecnologia-na-m-schall-verlag\/\" rel=\"bookmark\">Livros aprofundados sobre medicina, personalidade e tecnologia da M. Schall Verlag<\/a><\/h3><\/div><\/div>\n\t\t\t\t\t\t<\/div><!-- .dpt-entry -->\n\t\t\t\t\t\t\n\t\t\t\t<\/div>\n\t\t\t\t\t\t<\/div>\n\t\t\t\n<hr \/>\n<p>S\u00f3 muito mais tarde, quando compreendi o que o CMD realmente faz ao corpo, \u00e9 que a corrente fez sentido. Adquiri o h\u00e1bito de aplicar calor especificamente nas longas linhas musculares durante o duche - da parte de tr\u00e1s da cabe\u00e7a at\u00e9 ao pesco\u00e7o e ombros para baixo, e tamb\u00e9m nos m\u00fasculos da frente do pesco\u00e7o. Se deixarmos correr \u00e1gua muito quente ao longo destas linhas durante algum tempo, acontece frequentemente algo espantoso: os m\u00fasculos soltam-se, a press\u00e3o diminui e, no dia seguinte, muitas coisas est\u00e3o mais \"suaves\". \u00c9 precisamente esta mudan\u00e7a r\u00e1pida que indica que os m\u00fasculos est\u00e3o a trabalhar aqui - e n\u00e3o um defeito misterioso.<\/p>\n<p>Com o <a href=\"https:\/\/www.markus-schall.de\/pt\/2025\/08\/terapia-com-talas-para-cmd-o-meu-percurso-pessoal-na-ultima-fase\/\">Tratamento com talas<\/a> as coisas come\u00e7aram a organizar-se de forma sistem\u00e1tica. De repente, apercebi-me de como a posi\u00e7\u00e3o da mordida, os m\u00fasculos da mand\u00edbula e a est\u00e1tica do meu corpo estavam a falar uns com os outros. O que antes parecia ser um saco cheio de sintomas individuais, acabou por se revelar um sistema: a mand\u00edbula cria tens\u00e3o, o pesco\u00e7o assume o controlo, as costas compensam, a p\u00e9lvis sai do caminho - e algures o corpo \"denuncia\" a dor ou a disfun\u00e7\u00e3o. No meu caso, por exemplo, isto significava que um desalinhamento p\u00e9lvico estava a alimentar o problema das hemorr\u00f3idas - a cirurgia eliminou os sintomas, mas n\u00e3o o gerador do rel\u00f3gio.<\/p>\n<p>A confus\u00e3o que surge quando os sintomas n\u00e3o podem ser categorizados n\u00e3o \u00e9 uma falha pessoal. \u00c9 quase inevit\u00e1vel quando se pretende explicar uma perturba\u00e7\u00e3o funcional com um modelo de doen\u00e7a. E isso causa ansiedade. Se acordamos \u00e0 noite com um n\u00f3 na garganta, raramente pensamos em m\u00fasculos supra-hi\u00f3ideos tensos - pensamos em \"algo grave\". Se continuarmos a sentir dores nas costas ou ci\u00e1tica, acabamos no ortopedista. Se tem zumbidos, vai ao otorrinolaringologista. \u00c9 compreens\u00edvel que cada um consulte o seu pr\u00f3prio \u00f3rg\u00e3o - e a DMC desaparece por detr\u00e1s das fronteiras da especialidade.<\/p>\n<p>Tive um momento de aha quando levei a s\u00e9rio duas observa\u00e7\u00f5es:<\/p>\n<p>Em primeiro lugar, a rapidez com que alguns sintomas podem ser influenciados pelo calor e pelo relaxamento da garganta e do pesco\u00e7o. Em segundo lugar, como a situa\u00e7\u00e3o geral melhora de forma sustent\u00e1vel quando a posi\u00e7\u00e3o da mordida \u00e9 aliviada por uma tala. Em suma, foi a constata\u00e7\u00e3o de que, muitas vezes, a causa n\u00e3o est\u00e1 onde est\u00e1 a dor. E outra frase que \u00e9 importante para mim: o conhecimento \u00e9 tranquilizador. Quem compreende porque \u00e9 que o corpo reage desta forma, perde uma grande parte do seu medo - e ganha espa\u00e7o de manobra.<\/p>\n<p>Este artigo tem como objetivo construir precisamente esta ponte: do mundo difuso dos sintomas para uma ideia funcional clara. N\u00e3o se trata de banalizar nada, mas de pensar de uma forma direcionada. No primeiro cap\u00edtulo, analisamos como os m\u00fasculos dos maxilares funcionam como um rel\u00f3gio - atrav\u00e9s da f\u00e1scia, dos nervos e da postura - e porque \u00e9 que as queixas podem acabar em s\u00edtios completamente diferentes. Em seguida, analisamos os caminhos errados do diagn\u00f3stico e, finalmente, o caminho para o relaxamento: reconhecer, compreender, agir. Passo a passo, sem alarmismos - mas com a tenacidade necess\u00e1ria.<\/p>\n<hr \/>\n<h3>Inqu\u00e9rito atual sobre os sintomas de TMC<\/h3>\n<div class='bootstrap-yop yop-poll-mc'>\n\t\t\t\t\t\t\t<div class=\"basic-yop-poll-container\" style=\"background-color:#ffffff; border:0px; border-style:solid; border-color:#000000; border-radius:5px; padding:0px 5px;\" data-id=\"5\" data-temp=\"basic-pretty\" data-skin=\"square\" data-cscheme=\"blue\" data-cap=\"0\" data-access=\"guest\" data-tid=\"\" data-uid=\"f53cda1d0a20bc14bc5cf76c118386fc\" data-pid=\"2401\" data-resdet=\"votes-number,percentages\" data-show-results-to=\"guest\" data-show-results-moment=\"after-vote\" data-show-results-only=\"false\" data-show-message=\"true\" data-show-results-as=\"bar\" data-sort-results-by=\"as-defined\" data-sort-results-rule=\"asc\"data-is-ended=\"0\" data-percentages-decimals=\"2\" data-gdpr=\"no\" data-gdpr-sol=\"consent\" data-css=\".basic-yop-poll-container[data-uid] .basic-vote {\t\t\t\t\t\t\t\t\ttext-align: center;\t\t\t\t\t\t\t\t}\" data-counter=\"0\" data-load-with=\"1\" data-notification-section=\"top\"><div class=\"row\"><div class=\"col-md-12\"><div class=\"basic-inner\"><div class=\"basic-message hide\" style=\"border-left: 10px solid #008000; padding: 0px 10px;\" data-error=\"#ff0000\" data-success=\"#008000\"><p class=\"basic-message-text\" style=\"color:#000000; font-size:14px; font-weight:normal;\"><\/p><\/div><div class=\"basic-overlay hide\"><div class=\"basic-vote-options\"><\/div><div class=\"basic-preloader\"><div class=\"basic-windows8\"><div class=\"basic-wBall basic-wBall_1\"><div class=\"basic-wInnerBall\"><\/div><\/div><div class=\"basic-wBall basic-wBall_2\"><div class=\"basic-wInnerBall\"><\/div><\/div><div class=\"basic-wBall basic-wBall_3\"><div class=\"basic-wInnerBall\"><\/div><\/div><div class=\"basic-wBall basic-wBall_4\"><div class=\"basic-wInnerBall\"><\/div><\/div><div class=\"basic-wBall basic-wBall_5\"><div class=\"basic-wInnerBall\"><\/div><\/div><\/div><\/div><\/div><form class=\"basic-form\" action=\"\"><input type=\"hidden\" name=\"_token\" value=\"16f3964cfa\" autocomplete=\"off\"><div class=\"basic-elements\"><div class=\"basic-element basic-question basic-question-text-vertical\" data-id=\"5\" data-uid=\"3e587a11a13ce8bbf224887a3444c4f2\" data-type=\"question\" data-question-type=\"text\" data-required=\"yes\" data-allow-multiple=\"yes\" data-min=\"1\" data-max=\"7\" data-display=\"vertical\" data-colnum=\"\" data-display-others=\"no\" data-others-color=\"\" data-others=\"\" data-others-max-chars=\"0\"><div class=\"basic-question-title\"><h5 style=\"color:#000000; font-size:16px; font-weight:normal; text-align:left;\">Se tem CMD, que sintomas notou?<\/h5><\/div><ul class=\"basic-answers\"><li class=\"basic-answer\" style=\"padding:0px 0px;\" data-id=\"17\" data-type=\"text\" data-vn=\"44\" data-color=\"#000000\" data-make-link=\"no\" data-link=\"\"><div class=\"basic-answer-content basic-text-vertical\"><label for=\"answer[17]\" class=\"basic-answer-label\"><input type=\"checkbox\" id=\"answer[17]\" name=\"answer[5]\" value=\"17\"><span class=\"basic-text\" style=\"color: #000000; font-size: 14px; font-weight: normal;\">Estalar o maxilar<\/span><\/label><\/div><\/li><li class=\"basic-answer\" style=\"padding:0px 0px;\" data-id=\"18\" data-type=\"text\" data-vn=\"49\" data-color=\"#000000\" data-make-link=\"no\" data-link=\"\"><div class=\"basic-answer-content basic-text-vertical\"><label for=\"answer[18]\" class=\"basic-answer-label\"><input type=\"checkbox\" id=\"answer[18]\" name=\"answer[5]\" value=\"18\"><span class=\"basic-text\" style=\"color: #000000; font-size: 14px; font-weight: normal;\">Ranger de dentes<\/span><\/label><\/div><\/li><li class=\"basic-answer\" style=\"padding:0px 0px;\" data-id=\"19\" data-type=\"text\" data-vn=\"79\" data-color=\"#000000\" data-make-link=\"no\" data-link=\"\"><div class=\"basic-answer-content basic-text-vertical\"><label for=\"answer[19]\" class=\"basic-answer-label\"><input type=\"checkbox\" id=\"answer[19]\" name=\"answer[5]\" value=\"19\"><span class=\"basic-text\" style=\"color: #000000; font-size: 14px; font-weight: normal;\">Tens\u00e3o muscular<\/span><\/label><\/div><\/li><li class=\"basic-answer\" style=\"padding:0px 0px;\" data-id=\"20\" data-type=\"text\" data-vn=\"60\" data-color=\"#000000\" data-make-link=\"no\" data-link=\"\"><div class=\"basic-answer-content basic-text-vertical\"><label for=\"answer[20]\" class=\"basic-answer-label\"><input type=\"checkbox\" id=\"answer[20]\" name=\"answer[5]\" value=\"20\"><span class=\"basic-text\" style=\"color: #000000; font-size: 14px; font-weight: normal;\">Zumbido, zumbido nos ouvidos<\/span><\/label><\/div><\/li><li class=\"basic-answer\" style=\"padding:0px 0px;\" data-id=\"21\" data-type=\"text\" data-vn=\"37\" data-color=\"#000000\" data-make-link=\"no\" data-link=\"\"><div class=\"basic-answer-content basic-text-vertical\"><label for=\"answer[21]\" class=\"basic-answer-label\"><input type=\"checkbox\" id=\"answer[21]\" name=\"answer[5]\" value=\"21\"><span class=\"basic-text\" style=\"color: #000000; font-size: 14px; font-weight: normal;\">Sensibilidade de fecho<\/span><\/label><\/div><\/li><li class=\"basic-answer\" style=\"padding:0px 0px;\" data-id=\"22\" data-type=\"text\" data-vn=\"46\" data-color=\"#000000\" data-make-link=\"no\" data-link=\"\"><div class=\"basic-answer-content basic-text-vertical\"><label for=\"answer[22]\" class=\"basic-answer-label\"><input type=\"checkbox\" id=\"answer[22]\" name=\"answer[5]\" value=\"22\"><span class=\"basic-text\" style=\"color: #000000; font-size: 14px; font-weight: normal;\">Dor facial<\/span><\/label><\/div><\/li><li class=\"basic-answer\" style=\"padding:0px 0px;\" data-id=\"23\" data-type=\"text\" data-vn=\"66\" data-color=\"#000000\" data-make-link=\"no\" data-link=\"\"><div class=\"basic-answer-content basic-text-vertical\"><label for=\"answer[23]\" class=\"basic-answer-label\"><input type=\"checkbox\" id=\"answer[23]\" name=\"answer[5]\" value=\"23\"><span class=\"basic-text\" style=\"color: #000000; font-size: 14px; font-weight: normal;\">M\u00e1 postura<\/span><\/label><\/div><\/li><\/ul><\/div><div class=\"clearfix\"><\/div><\/div><div class=\"basic-vote\"><a href=\"#\" class=\"button basic-vote-button\" role=\"button\" style=\"background:#027bb8; border:0px; border-style: solid; border-color:#000000; border-radius:5px; padding:10px 10px; color:#ffffff; font-size:14px; font-weight:normal;\">Vota\u00e7\u00e3o<\/a><\/div><input type=\"hidden\" name=\"trp-form-language\" value=\"pt\"\/><\/form><\/div><\/div><\/div><\/div>\n\t\t\t\t\t\t<\/div>\n<hr \/>\n<h2>Quando o maxilar desequilibra o corpo<\/h2>\n<p>DMC significa disfun\u00e7\u00e3o craniomandibular, ou seja, uma perturba\u00e7\u00e3o funcional na intera\u00e7\u00e3o entre o cr\u00e2nio (\"cr\u00e2nio\") e o maxilar inferior (\"mand\u00edbula\"). O que inicialmente parece ser um problema puramente dent\u00e1rio, acaba por ser uma perturba\u00e7\u00e3o reguladora de todo o corpo, quando analisada mais de perto. A DMC n\u00e3o \u00e9 uma doen\u00e7a no sentido cl\u00e1ssico, mas sim uma intera\u00e7\u00e3o permanentemente perturbada entre os m\u00fasculos, as articula\u00e7\u00f5es, a f\u00e1scia, a postura e o sistema nervoso.<\/p>\n<p>A mand\u00edbula - em particular a articula\u00e7\u00e3o temporomandibular - \u00e9 um dos pontos de controlo mais centrais do corpo. Est\u00e1 diretamente ligado ao sistema de equil\u00edbrio, \u00e0 coluna vertebral, aos m\u00fasculos da mastiga\u00e7\u00e3o e do pesco\u00e7o, mas tamb\u00e9m aos centros vegetativos do corpo. Mesmo as mais pequenas altera\u00e7\u00f5es na posi\u00e7\u00e3o da mordida podem desencadear uma rea\u00e7\u00e3o em cadeia que percorre todo o corpo.<\/p>\n<p>Muitas pessoas t\u00eam DMC ligeira sem se aperceberem - mas quando a tens\u00e3o aumenta, o sistema j\u00e1 n\u00e3o consegue regular-se. Come\u00e7a ent\u00e3o um c\u00edrculo vicioso silencioso de tens\u00e3o, m\u00e1 postura, compensa\u00e7\u00e3o e, por fim, sintomas.<\/p>\n<h3>F\u00e1scia, m\u00fasculos e nervos: uma rede que liga<\/h3>\n<p>Para compreender como \u00e9 que a DMC pode ter tais efeitos, \u00e9 necess\u00e1rio saber: O corpo n\u00e3o \u00e9 constitu\u00eddo por \"partes individuais\", mas est\u00e1 interligado atrav\u00e9s de f\u00e1scias e cadeias musculares. O que come\u00e7a no maxilar pode deslocar-se para baixo ao longo destas cadeias, por exemplo para o pesco\u00e7o, costas ou p\u00e9lvis.<\/p>\n<p>Uma articula\u00e7\u00e3o temporomandibular tensa pode, por exemplo, levar a uma sobrecarga das articula\u00e7\u00f5es cervicais superiores, o que, por sua vez, coloca os m\u00fasculos do pesco\u00e7o sob tens\u00e3o constante. Esta tens\u00e3o afecta os m\u00fasculos dos ombros e das costas, altera a postura e conduz a uma assimetria permanente. Podem surgir queixas cr\u00f3nicas, sem que o maxilar sofra.<\/p>\n<p>Simultaneamente, o sistema nervoso aut\u00f3nomo reage ao estado de alerta constante: o equil\u00edbrio interior \u00e9 perturbado, o sono \u00e9 prejudicado e a digest\u00e3o fica dessincronizada. Por conseguinte, a DMC n\u00e3o tem apenas um efeito mec\u00e2nico, mas tamb\u00e9m um efeito nervoso e hormonal, o que explica o facto de muitos sintomas parecerem n\u00e3o ter nada a ver uns com os outros.<\/p>\n<h3>Sintomas t\u00edpicos - mas ningu\u00e9m pensa no maxilar<\/h3>\n<p>Segue-se uma sele\u00e7\u00e3o de queixas t\u00edpicas que podem estar associadas \u00e0 DMC - sem pretender ser exaustivo:<\/p>\n<ul>\n<li>Zumbido, press\u00e3o nos ouvidos, tonturas<\/li>\n<li>Dor facial, parestesia, dorm\u00eancia<\/li>\n<li>Dores no pesco\u00e7o e nos ombros, tens\u00e3o, limita\u00e7\u00e3o de movimentos<\/li>\n<li>Dores de costas, isquialgia, desalinhamento p\u00e9lvico<\/li>\n<li>Sensa\u00e7\u00e3o de press\u00e3o no peito, falta de ar<\/li>\n<li>N\u00f3dulo na garganta, dificuldade em engolir, \"sensa\u00e7\u00e3o de sapo\"<\/li>\n<li>Problemas digestivos, especialmente com assimetrias p\u00e9lvicas<\/li>\n<li>Ranger de dentes, estalidos no maxilar, dores matinais no maxilar<\/li>\n<li>Perturba\u00e7\u00f5es do sono, inquieta\u00e7\u00e3o interior, despertar durante a noite<\/li>\n<\/ul>\n<p>Muitos destes sintomas conduzem inicialmente os doentes a especialistas que se concentram apenas no \"seu \u00f3rg\u00e3o\" - por exemplo, otorrinolaringologistas, neurologistas, ortopedistas ou gastroenterologistas. O problema \u00e9 que quase sempre n\u00e3o se tem uma vis\u00e3o do sistema global do corpo. As DMC raramente s\u00e3o reconhecidas como uma causa comum - apesar de as causas poderem ser reconstru\u00eddas de forma muito clara posteriormente.<br \/>\n<div class=\"lyte-wrapper\" style=\"width:640px;max-width:100%;margin:5px;\"><div class=\"lyMe\" id=\"WYL_Z1ZYbzeg34I\"><div id=\"lyte_Z1ZYbzeg34I\" data-src=\"https:\/\/www.markus-schall.de\/wp-content\/plugins\/wp-youtube-lyte\/lyteCache.php?origThumbUrl=%2F%2Fi.ytimg.com%2Fvi%2FZ1ZYbzeg34I%2Fhqdefault.jpg\" class=\"pL\"><div class=\"tC\"><div class=\"tT\"><\/div><\/div><div class=\"play\"><\/div><div class=\"ctrl\"><div class=\"Lctrl\"><\/div><div class=\"Rctrl\"><\/div><\/div><\/div><noscript><a href=\"https:\/\/youtu.be\/Z1ZYbzeg34I\" rel=\"nofollow noopener\" target=\"_blank\"><img loading=\"lazy\" decoding=\"async\" src=\"https:\/\/www.markus-schall.de\/wp-content\/plugins\/wp-youtube-lyte\/lyteCache.php?origThumbUrl=https%3A%2F%2Fi.ytimg.com%2Fvi%2FZ1ZYbzeg34I%2F0.jpg\" alt=\"Miniatura de v\u00eddeo do YouTube\" width=\"640\" height=\"340\" \/><br \/>Ver este v\u00eddeo no YouTube<\/a><\/noscript><\/div><\/div><div class=\"lL\" style=\"max-width:100%;width:640px;margin:5px;\"><\/div><br \/>\nDMC: Sintomas e tratamento da disfun\u00e7\u00e3o craniomandibular <a href=\"https:\/\/www.ndr.de\/ratgeber\/gesundheit\" target=\"_blank\" rel=\"noopener\">ARD Saud\u00e1vel<\/a><\/p>\n<h2>Observa\u00e7\u00e3o do quotidiano: o duche como instrumento de diagn\u00f3stico<\/h2>\n<p>Um exemplo simples da vida quotidiana mostra como a DMC afecta fortemente o corpo - e como o al\u00edvio inicial pode ser alcan\u00e7ado rapidamente. Adquiri o h\u00e1bito de usar \u00e1gua quente para tratar toda a cadeia muscular posterior no duche: desde a nuca at\u00e9 ao pesco\u00e7o e at\u00e9 \u00e0s costas. Mas ainda mais importante: tamb\u00e9m na parte da frente - da base do pesco\u00e7o at\u00e9 \u00e0 clav\u00edcula - por outras palavras, onde se situam os m\u00fasculos frontais do pesco\u00e7o, muitas vezes esquecidos. \u00c9 exatamente aqui que se escondem muitas tens\u00f5es na DMC, que podem ser sentidas como um n\u00f3 na garganta ou uma sensa\u00e7\u00e3o de aperto no peito.<\/p>\n<p>Se passar \u00e1gua muito quente sobre estas zonas durante alguns minutos, \u00e9 frequente sentir-se uma melhoria not\u00e1vel logo no dia seguinte: a press\u00e3o diminui, a respira\u00e7\u00e3o torna-se mais livre e o sistema nervoso parece mais calmo. N\u00e3o \u00e9 uma coincid\u00eancia, mas a prova de que n\u00e3o se trata de uma doen\u00e7a org\u00e2nica, mas de um desequil\u00edbrio muscular.<\/p>\n<h3>O corpo n\u00e3o est\u00e1 doente - est\u00e1 desregulado<\/h3>\n<p>O que muitas pessoas interpretam como uma \"doen\u00e7a\" \u00e9, de facto, muitas vezes apenas um sistema sob stress. A DMC leva a uma desregula\u00e7\u00e3o permanente porque a causa original - a press\u00e3o do maxilar, a m\u00e1 oclus\u00e3o, a tens\u00e3o cr\u00f3nica - n\u00e3o \u00e9 reconhecida. O corpo tenta compensar, mas a dada altura atinge os seus limites.<\/p>\n<p>A boa not\u00edcia \u00e9 que estes sistemas podem ser desbloqueados. Se soubermos de onde vem a tens\u00e3o - e como se mant\u00e9m no corpo - podemos proporcionar um al\u00edvio direcionado. Nem sempre \u00e9 necess\u00e1rio usar uma tala ou fazer fisioterapia. O calor, o relaxamento e a consci\u00eancia corporal s\u00e3o muitas vezes suficientes para sentir os primeiros sinais de progresso.<\/p>\n<p>O que conta \u00e9 ver o quadro completo: o maxilar n\u00e3o \u00e9 apenas uma articula\u00e7\u00e3o - \u00e9 um centro de controlo. E quando compreender isto, ver\u00e1 muitas queixas difusas sob uma nova luz.<\/p>\n<h2>As aberra\u00e7\u00f5es do diagn\u00f3stico - quando o sintoma domina<\/h2>\n<p>Sei exatamente o que se sente quando se tem sintomas mas n\u00e3o se consegue obter uma explica\u00e7\u00e3o. No meu caso, foram precisos quase dois anos, durante os quais consultei uma grande variedade de m\u00e9dicos e de praticantes de medicina alternativa - e ningu\u00e9m conseguiu realmente ajudar-me. Cada um via uma coisa diferente: Aqui era a coluna, ali a digest\u00e3o, depois outra vez a psique. \u00c0s vezes diziam-me para relaxar, outras para treinar o pavimento p\u00e9lvico, outras para evitar certos alimentos. Tudo bem intencionado, mas n\u00e3o ajudava.<\/p>\n<p>Foi s\u00f3 quando acabei por ir a um dentista hol\u00edstico - um pouco por acaso - que percebi que a causa de todas estas queixas aparentemente isoladas era uma disfun\u00e7\u00e3o craniomandibular (DCM) de grandes dimens\u00f5es. Olhando para tr\u00e1s, apercebi-me que a maioria das minhas queixas eram o resultado desta desregula\u00e7\u00e3o despercebida - e n\u00e3o doen\u00e7as em si mesmas.<\/p>\n<h3>Se apenas o sintoma for tratado, ocorrem diagn\u00f3sticos incorrectos<\/h3>\n<p>O maior problema do atual sistema de sa\u00fade \u00e9 o facto de a maioria dos m\u00e9dicos se especializarem na sua \u00e1rea e, naturalmente, se concentrarem naquilo que sabem. Um otorrinolaringologista v\u00ea o ouvido, um ortopedista a coluna vertebral, um gastroenterologista o intestino. Se um sintoma se enquadra na \"sua\" grelha, come\u00e7a o tratamento - e, infelizmente, isto acontece muitas vezes sem examinar a causa subjacente.<\/p>\n<p>Um bom exemplo disto \u00e9 a minha pr\u00f3pria opera\u00e7\u00e3o \u00e0s hemorr\u00f3idas. Lutei contra ela durante anos. Foi cortada, esclerosada, examinada - mas ningu\u00e9m se apercebeu de que a verdadeira causa era a minha est\u00e1tica p\u00e9lvica. E esta, por sua vez, foi deslocada pela minha CMD: O maxilar inferior causava a tens\u00e3o, as costas compensavam, a p\u00e9lvis estava desalinhada - e o resultado era uma press\u00e3o cr\u00f3nica na zona do reto. Nunca nenhum m\u00e9dico tinha considerado esta cadeia. A opera\u00e7\u00e3o eliminou o sintoma, mas n\u00e3o a causa.<\/p>\n<p>E \u00e9 assim que muitas pessoas se sentem. Existem in\u00fameras opera\u00e7\u00f5es \u00e0s costas em que mais tarde se torna claro: A dor n\u00e3o foi causada por uma h\u00e9rnia de disco, mas sim por uma postura incorrecta relacionada com os m\u00fasculos que foi transmitida de cima para baixo ao longo dos anos - muitas vezes come\u00e7ando na zona do maxilar.<\/p>\n<h2>Muitas vezes, a DMC n\u00e3o \u00e9 reconhecida - porque afecta todas as disciplinas<\/h2>\n<p>A raz\u00e3o pela qual a CMD \u00e9 t\u00e3o frequentemente negligenciada reside na sua complexidade. Afecta:<\/p>\n<ul>\n<li>a <strong>Sistema de movimento<\/strong> (atrav\u00e9s dos m\u00fasculos, das articula\u00e7\u00f5es, da f\u00e1scia),<\/li>\n<li>a <strong>Sistema nervoso<\/strong> (por exemplo, nervo vago, regula\u00e7\u00e3o vegetativa),<\/li>\n<li>a <strong>Aparelho digestivo<\/strong> (por tens\u00e3o no abd\u00f3men, posi\u00e7\u00e3o p\u00e9lvica),<\/li>\n<li>a <strong>Sistema end\u00f3crino<\/strong> (stress permanente devido a tens\u00e3o cr\u00f3nica),<\/li>\n<li>e at\u00e9 o <strong>Psique<\/strong> (mal-estar interior, perturba\u00e7\u00f5es do sono, sobre-estimula\u00e7\u00e3o emocional).<\/li>\n<\/ul>\n<p>N\u00e3o existe nenhuma especialidade m\u00e9dica que trate as DMC de forma hol\u00edstica como tema principal. Os dentistas normalmente s\u00f3 olham para a mordida, os ortopedistas para as costas, os neurologistas para o zumbido. Perde-se o fio condutor e o doente fica \u00e0 margem.<\/p>\n<p>Muitas pessoas que sofrem de TMC acabam por ir a um psic\u00f3logo, porque ningu\u00e9m sabe o que fazer - e depois dizem-lhes que os sintomas s\u00e3o \"provavelmente psicossom\u00e1ticos\". Isto \u00e9 duplamente amargo: primeiro n\u00e3o somos levados a s\u00e9rio, depois somos culpados pelos sintomas.<\/p>\n<h3>O caminho t\u00edpico do sofrimento - atrav\u00e9s de um sistema de sa\u00fade fragmentado<\/h3>\n<p>Os caminhos que muitas das pessoas afectadas seguiram s\u00e3o muitas vezes semelhantes at\u00e9 ao \u00faltimo pormenor:<\/p>\n<ul>\n<li>Os primeiros sintomas difusos surgem primeiro: Dor no pesco\u00e7o, zumbido nos ouvidos, tonturas.<\/li>\n<li>Depois vai-se ao otorrinolaringologista, ao ortopedista, por vezes ao internista.<\/li>\n<li>N\u00e3o se encontra nada - ou apenas problemas secund\u00e1rios (escoliose ligeira, s\u00edndrome do intestino irrit\u00e1vel, stress).<\/li>\n<li>S\u00e3o tentados m\u00e9dicos e terapeutas alternativos - muitas vezes com melhorias tempor\u00e1rias.<\/li>\n<\/ul>\n<p>No final, fica-se com a pergunta: <em>\"Estou louco?\"<\/em> E \u00e9 neste momento que muitas pessoas desistem. Come\u00e7am a desconfiar de si pr\u00f3prias. No entanto, o caminho \u00e9 realmente claro - se soubermos o que procurar.<\/p>\n<h3>Medo por ignor\u00e2ncia - porque \u00e9 que o conhecimento \u00e9 o primeiro passo para a cura<\/h3>\n<p>O pior da DMC n\u00e3o \u00e9 a dor. \u00c9 a incerteza que surge quando sentimos que algo est\u00e1 errado com o nosso corpo - mas ningu\u00e9m consegue dizer o que \u00e9. A sua mente est\u00e1 a correr:<\/p>\n<blockquote><p><em>\u00c9 algo de grave? Vou ficar com uma doen\u00e7a cr\u00f3nica? Preciso de ser operado?<\/em><\/p><\/blockquote>\n<p>Esta forma de ansiedade indefinida rouba-nos a nossa for\u00e7a. Leva-nos a controlar o nosso pr\u00f3prio corpo, a observarmo-nos a n\u00f3s pr\u00f3prios, a preocuparmo-nos constantemente com os sintomas. Isto coloca o corpo ainda mais sob tens\u00e3o - come\u00e7a um c\u00edrculo vicioso.<\/p>\n<p>O primeiro passo para quebrar este ciclo \u00e9 a compreens\u00e3o. Compreender como o corpo est\u00e1 ligado, como a mand\u00edbula afecta o equil\u00edbrio, como funciona a tens\u00e3o - s\u00f3 isso pode ser tranquilizador. Porque, de repente, torna-se claro: n\u00e3o h\u00e1 tumor. N\u00e3o h\u00e1 danos incur\u00e1veis. Existe tens\u00e3o. E a tens\u00e3o pode ser libertada.<\/p>\n<p>No pr\u00f3ximo cap\u00edtulo, vou mostrar-lhe exatamente como \u00e9 este caminho: do reconhecimento \u00e0 mudan\u00e7a. Como utilizar meios simples para come\u00e7ar a reduzir a tens\u00e3o, aliviar o corpo e recuperar a confian\u00e7a na sua pr\u00f3pria perce\u00e7\u00e3o. Porque a CMD n\u00e3o \u00e9 um destino - \u00e9 um sinal. E pode aprender a interpret\u00e1-lo.<\/p>\n<p><img loading=\"lazy\" decoding=\"async\" class=\"aligncenter size-large wp-image-3429\" src=\"http:\/\/www.markus-schall.de\/wp-content\/uploads\/cmd-behandeln-bewegung.jpg\" alt=\"Tratar a DMC com movimentos suaves\" width=\"1024\" height=\"683\" srcset=\"https:\/\/www.markus-schall.de\/wp-content\/uploads\/cmd-behandeln-bewegung.jpg 1024w, https:\/\/www.markus-schall.de\/wp-content\/uploads\/cmd-behandeln-bewegung-300x200.jpg 300w, https:\/\/www.markus-schall.de\/wp-content\/uploads\/cmd-behandeln-bewegung-768x512.jpg 768w, https:\/\/www.markus-schall.de\/wp-content\/uploads\/cmd-behandeln-bewegung-18x12.jpg 18w\" sizes=\"auto, (max-width: 1024px) 100vw, 1024px\" \/><\/p>\n<h2>O caminho para o relaxamento - reconhecer, compreender, agir<\/h2>\n<p>Quando se trata de DMC, muitas pessoas pensam primeiro nas talas dent\u00e1rias - e \u00e9 claro que elas podem ajudar. Mas, na realidade, o caminho decisivo come\u00e7a muito antes: compreendendo as liga\u00e7\u00f5es.<\/p>\n<p>O que mais me ajudou, a n\u00edvel pessoal, n\u00e3o foi uma \u00fanica ajuda, mas sim a compreens\u00e3o de como o meu corpo funciona - e porque reage de determinadas formas. Perceber que os meus sintomas n\u00e3o s\u00e3o uma doen\u00e7a no sentido cl\u00e1ssico, mas um padr\u00e3o de tens\u00e3o causado por desalinhamentos, padr\u00f5es de movimento antigos e sobrecarga muscular permanente.<\/p>\n<p>Depois de compreender isto, a sua vis\u00e3o do seu pr\u00f3prio corpo muda. Deixa de ver os sintomas como uma amea\u00e7a - e come\u00e7a a interpret\u00e1-los como pistas. E isso, por si s\u00f3, altera visivelmente a tens\u00e3o do seu corpo. O medo aperta o corpo, o conhecimento abre-o.<\/p>\n<h3>O que as pessoas afectadas podem fazer elas pr\u00f3prias - pequenos rem\u00e9dios, grande impacto<\/h3>\n<p>Assim que se percebe que a CMD n\u00e3o \u00e9 o fim, mas sim um ponto de partida, abre-se um leque de possibilidades. E muitas delas n\u00e3o s\u00e3o complicadas nem caras, mas simples - e extremamente eficazes.<\/p>\n<ol>\n<li><strong>Utiliza\u00e7\u00e3o orientada do calor<\/strong>O calor \u00e9 uma das formas mais eficazes de relaxar os m\u00fasculos tensos. Utilizo regularmente um dispositivo de aquecimento el\u00e9trico, uma esp\u00e9cie de colete t\u00e9rmico que se ajusta perfeitamente aos ombros e ao pesco\u00e7o. Uma almofada de pedra de cerejeira tamb\u00e9m vale o seu peso em ouro - especialmente se a colocar especificamente em zonas tensas, como a base do pesco\u00e7o ou o sacro. Os duches quentes espec\u00edficos, que aperfei\u00e7oei ao longo dos anos, tamb\u00e9m s\u00e3o particularmente \u00fateis: Coloco-me debaixo do chuveiro durante v\u00e1rios minutos, de modo a que a \u00e1gua quente atinja a minha cabe\u00e7a desde o topo - e depois flua para baixo numa linha sobre a parte de tr\u00e1s do meu corpo, desde a nuca at\u00e9 ao pesco\u00e7o, ombros, costas, c\u00f3ccix e at\u00e9 \u00e0s pernas. Em seguida, fa\u00e7o o mesmo \u00e0 frente, ou seja, desde o pesco\u00e7o, passando pelo peito, at\u00e9 \u00e0 parte inferior do abd\u00f3men. Este eixo vertical - como um fio de prumo interior - parece facilitar um relaxamento muscular profundo, especialmente nos m\u00fasculos do maxilar e do pesco\u00e7o. Depois, o corpo sente-se muito mais livre - como se um fardo interior tivesse sido libertado.<\/li>\n<li><strong>Movimento consciente, n\u00e3o fitness<\/strong>N\u00e3o \u00e9 o treino de for\u00e7a que ajuda com a DMC - \u00e9 a redescoberta da sua flexibilidade interior. Mesmo movimentos simples, como enrolar conscientemente o pesco\u00e7o, esticar suavemente os m\u00fasculos dos lados do tronco ou rodar calmamente os ombros, podem fazer maravilhas. N\u00e3o se trata de desempenho, mas de regula\u00e7\u00e3o - por outras palavras, de dar ao corpo a oportunidade de se reorganizar.<\/li>\n<li><strong>Respira\u00e7\u00e3o, sono, consci\u00eancia corporal<\/strong>A DMC n\u00e3o s\u00f3 desequilibra o corpo, como tamb\u00e9m o sistema nervoso. \u00c9 por isso que o relaxamento a n\u00edvel mental \u00e9 igualmente importante. Algumas respira\u00e7\u00f5es conscientes para o abd\u00f3men, especialmente \u00e0 noite, antes de dormir, ajudam a ativar o sistema nervoso parassimp\u00e1tico - a parte do sistema nervoso respons\u00e1vel pelo descanso e regenera\u00e7\u00e3o. A auto-consci\u00eancia consciente - por exemplo, sentir a posi\u00e7\u00e3o do seu corpo na cama - tamb\u00e9m pode ajudar a reconhecer e a libertar a tens\u00e3o inconsciente. Se tem dificuldade em adormecer \u00e0 noite, deve prestar conscientemente aten\u00e7\u00e3o \u00e0 posi\u00e7\u00e3o da sua cabe\u00e7a e do seu maxilar. Muitas pessoas cerram o maxilar \u00e0 noite sem se aperceberem. At\u00e9 mesmo abrir suavemente os l\u00e1bios ao adormecer pode ajudar a aliviar a press\u00e3o do sistema.<\/li>\n<\/ol>\n<h3>Postura, p\u00e9lvis, p\u00e9s - toda a cadeia conta<\/h3>\n<p>A DMC n\u00e3o \u00e9 uma doen\u00e7a localizada - faz sempre parte de uma est\u00e1tica que afecta todo o corpo. \u00c9 por isso que tamb\u00e9m vale a pena olhar para baixo do maxilar.<br \/>\nA minha bacia est\u00e1 direita? Os meus p\u00e9s est\u00e3o est\u00e1veis? Tenho padr\u00f5es de movimento unilaterais ou les\u00f5es antigas que estou a compensar?<\/p>\n<p>Todos estes factores desempenham um papel importante. Pode ser \u00fatil observar-se a si pr\u00f3prio quando anda ou se senta - ou falar com algu\u00e9m que esteja familiarizado com a est\u00e1tica do corpo ou com a din\u00e2mica em espiral. Por vezes, uma postura consciente de ambos os p\u00e9s \u00e9 suficiente para mudar a forma como o corpo se sente. A tala pode funcionar na sua boca - mas a mudan\u00e7a come\u00e7a na sua perce\u00e7\u00e3o.<\/p>\n<h3>Quadro: Sintomas de DMC e diferen\u00e7as em rela\u00e7\u00e3o a outras doen\u00e7as<\/h3>\n<div style=\"overflow-x: auto;\">\n<table>\n<thead>\n<tr style=\"background-color: #f0f0f0;\">\n<th>Sintoma<\/th>\n<th>Variante relacionada com a CMD<\/th>\n<th>Doen\u00e7a \"real\" t\u00edpica<\/th>\n<th>Como reconhecer a diferen\u00e7a<\/th>\n<\/tr>\n<\/thead>\n<tbody>\n<tr>\n<td>N\u00f3dulo na garganta (\"sensa\u00e7\u00e3o de sapo\")<\/td>\n<td>Tens\u00e3o nos m\u00fasculos anteriores do pesco\u00e7o (por exemplo, devido ao desalinhamento da mand\u00edbula)<\/td>\n<td>Inflama\u00e7\u00e3o, gl\u00e2ndula tiroide, tumor<\/td>\n<td>Sem dor ao engolir, principalmente dependente da forma do dia, melhora com calor ou relaxamento consciente<\/td>\n<\/tr>\n<tr>\n<td>Cicatrizes que cicatrizam mal<\/td>\n<td>Tecido permanentemente insuficiente devido a uma postura ou tens\u00e3o incorrecta<\/td>\n<td>Perturba\u00e7\u00e3o da cicatriza\u00e7\u00e3o de feridas, infe\u00e7\u00e3o<\/td>\n<td>Sem vermelhid\u00e3o, sem pus, sem calor - mas a ferida permanece \"im\u00f3vel\" e s\u00f3 cicatriza lentamente<\/td>\n<\/tr>\n<tr>\n<td>Zumbido \/ zumbido nos ouvidos<\/td>\n<td>Tens\u00e3o muscular na zona do maxilar e do pesco\u00e7o<\/td>\n<td>Les\u00f5es do ouvido interno, perda s\u00fabita de audi\u00e7\u00e3o, tens\u00e3o arterial elevada<\/td>\n<td>Os sons variam consoante a postura, a press\u00e3o da mand\u00edbula ou o n\u00edvel de stress; frequentemente unilateral<\/td>\n<\/tr>\n<tr>\n<td>Impress\u00e3o no peito<\/td>\n<td>Tens\u00e3o dos m\u00fasculos do peito ou do pesco\u00e7o (por exemplo, devido a uma postura incorrecta)<\/td>\n<td>Problemas card\u00edacos, angina de peito, pulm\u00f5es<\/td>\n<td>Sem dor ao esfor\u00e7o, ocorre frequentemente em repouso, melhora com o calor ou com a respira\u00e7\u00e3o consciente<\/td>\n<\/tr>\n<tr>\n<td>Tonturas \/ vertigens<\/td>\n<td>Mau funcionamento dos m\u00fasculos do pesco\u00e7o e do maxilar (centro de equil\u00edbrio)<\/td>\n<td>Doen\u00e7as do ouvido interno, problemas circulat\u00f3rios<\/td>\n<td>N\u00e3o h\u00e1 vertigens reais, mas sim \"oscila\u00e7\u00f5es\" ou \"arrebatamentos\", que ocorrem frequentemente em momentos de stress<\/td>\n<\/tr>\n<tr>\n<td>Dor facial \/ feridas de press\u00e3o<\/td>\n<td>Sobrecarga devido ao cerrar dos maxilares, frequentemente na ma\u00e7\u00e3 do rosto ou debaixo dos olhos<\/td>\n<td>Inflama\u00e7\u00e3o dos seios paranasais, problemas nas ra\u00edzes dent\u00e1rias<\/td>\n<td>A dor \u00e9 errante, reage ao calor ou ao relaxamento, sem supura\u00e7\u00e3o ou febre<\/td>\n<\/tr>\n<tr>\n<td>Problemas digestivos<\/td>\n<td>Consequ\u00eancia do desalinhamento p\u00e9lvico, tens\u00e3o nervosa, est\u00e1tica incorrecta<\/td>\n<td>Doen\u00e7as inflamat\u00f3rias cr\u00f3nicas, intoler\u00e2ncias<\/td>\n<td>Sem diarreia aguda, mas com digest\u00e3o vari\u00e1vel, especialmente durante o stress ou tens\u00e3o interior<\/td>\n<\/tr>\n<tr>\n<td>Dor no maxilar \/ sensa\u00e7\u00e3o de tens\u00e3o de manh\u00e3<\/td>\n<td>Press\u00e3o ou tritura\u00e7\u00e3o nocturna<\/td>\n<td>Artrite, inflama\u00e7\u00e3o, traumatismo<\/td>\n<td>Pior de manh\u00e3, diminui ao longo do dia, sem febre ou vermelhid\u00e3o grave<\/td>\n<\/tr>\n<tr>\n<td>Ci\u00e1tica \/ dores nas costas<\/td>\n<td>Rea\u00e7\u00e3o em cadeia devido ao desalinhamento p\u00e9lvico, tens\u00e3o do maxilar<\/td>\n<td>Deslizamento do disco, contus\u00e3o do nervo<\/td>\n<td>A dor muda de lado, reage a mudan\u00e7as de postura, n\u00e3o h\u00e1 perda ou dorm\u00eancia na perna<\/td>\n<\/tr>\n<tr>\n<td>Perturba\u00e7\u00f5es visuais \/ press\u00e3o atr\u00e1s dos olhos<\/td>\n<td>Tens\u00e3o na parte superior do pesco\u00e7o e nos m\u00fasculos faciais<\/td>\n<td>Doen\u00e7as oculares, press\u00e3o intracraniana<\/td>\n<td>N\u00e3o h\u00e1 perda real de vis\u00e3o, mas sim tens\u00e3o, sensa\u00e7\u00e3o de press\u00e3o, cintila\u00e7\u00e3o - melhora com o relaxamento e o sono<\/td>\n<\/tr>\n<\/tbody>\n<\/table>\n<\/div>\n<h3>Auto-teste CMD: Do conhecimento \u00e0 sua pr\u00f3pria avalia\u00e7\u00e3o<\/h3>\n<p><a href=\"https:\/\/www.markus-schall.de\/pt\/2026\/04\/reconhecer-precocemente-a-cmd-e-efetuar-um-auto-teste-para-saber-porque-e-que-o-maxilar-o-pescoco-a-cabeca-e-as-orelhas-estao-frequentemente-juntos\/\"><img loading=\"lazy\" decoding=\"async\" class=\"alignright size-medium wp-image-5659\" src=\"https:\/\/www.markus-schall.de\/wp-content\/uploads\/Medizinische-Skizze-mit-Checkliste-300x200.jpg\" alt=\"Auto-teste CMD\" width=\"300\" height=\"200\" srcset=\"https:\/\/www.markus-schall.de\/wp-content\/uploads\/Medizinische-Skizze-mit-Checkliste-300x200.jpg 300w, https:\/\/www.markus-schall.de\/wp-content\/uploads\/Medizinische-Skizze-mit-Checkliste-768x512.jpg 768w, https:\/\/www.markus-schall.de\/wp-content\/uploads\/Medizinische-Skizze-mit-Checkliste-18x12.jpg 18w, https:\/\/www.markus-schall.de\/wp-content\/uploads\/Medizinische-Skizze-mit-Checkliste.jpg 1024w\" sizes=\"auto, (max-width: 300px) 100vw, 300px\" \/><\/a>Quem come\u00e7a a lidar mais intensamente com as DMC, rapidamente se apercebe que o conhecimento puro e simples n\u00e3o \u00e9 muitas vezes suficiente. A capacidade de reconhecer e classificar as suas pr\u00f3prias queixas no contexto \u00e9 crucial. \u00c9 exatamente aqui que o <a href=\"https:\/\/www.markus-schall.de\/pt\/2026\/04\/reconhecer-precocemente-a-cmd-e-efetuar-um-auto-teste-para-saber-porque-e-que-o-maxilar-o-pescoco-a-cabeca-e-as-orelhas-estao-frequentemente-juntos\/\"><strong>Auto-teste CMD<\/strong><\/a> pode ser um complemento \u00fatil. Traduz o conhecimento te\u00f3rico numa aplica\u00e7\u00e3o pr\u00e1tica e visualiza quantos dos sintomas t\u00edpicos se aplicam efetivamente. N\u00e3o se trata de um diagn\u00f3stico, mas de uma orienta\u00e7\u00e3o inicial. Se aprofundar o tema, este passo pode ajud\u00e1-lo a transferir o que aprendeu para a sua pr\u00f3pria situa\u00e7\u00e3o - e assim desenvolver uma melhor compreens\u00e3o a partir do conhecimento.<\/p>\n<h2>Reflex\u00e3o pessoal - porque \u00e9 que a compreens\u00e3o mudou tanto<\/h2>\n<p>Reconheci claramente uma coisa no decurso da minha pr\u00f3pria hist\u00f3ria de DMC: N\u00e3o foi a tala que me curou, mas sim a compreens\u00e3o. Desde que percebi como o meu corpo funciona - como a mand\u00edbula interage com a p\u00e9lvis, o pesco\u00e7o com o intestino, os dentes com os m\u00fasculos - j\u00e1 n\u00e3o tenho medo dos sintomas. Posso interpret\u00e1-los. Posso atuar.<\/p>\n<p>E mesmo os fen\u00f3menos \"estranhos\", como as cicatrizes que n\u00e3o queriam sarar h\u00e1 muito tempo, de repente fazem sentido. Se o corpo estiver permanentemente sob tens\u00e3o, n\u00e3o pode regenerar-se corretamente. Mas quando o conduzimos ao relaxamento, curam-se coisas que estavam estagnadas h\u00e1 anos. N\u00e3o \u00e9 de admirar - \u00e9 biologia.<\/p>\n<p>O meu estado de sa\u00fade melhorou de forma sustent\u00e1vel desde que me apercebi disso. Nem tudo desapareceu, mas muita coisa passou a ser control\u00e1vel - e isso muda a nossa atitude perante a vida mais do que se possa pensar \u00e0 primeira vista.<\/p>\n<h3>Livro: CMD: O problema esquecido da medicina moderna<\/h3>\n<p><a href=\"https:\/\/www.markus-schall.de\/pt\/2025\/08\/cmd-o-problema-esquecido-da-medicina-moderna\/\"><img loading=\"lazy\" decoding=\"async\" class=\"alignright wp-image-2407\" src=\"http:\/\/www.markus-schall.de\/wp-content\/uploads\/buch_cmd-cover-de-722x1024.jpg\" alt=\"\" width=\"220\" height=\"312\" srcset=\"https:\/\/www.markus-schall.de\/wp-content\/uploads\/buch_cmd-cover-de-722x1024.jpg 722w, https:\/\/www.markus-schall.de\/wp-content\/uploads\/buch_cmd-cover-de-212x300.jpg 212w, https:\/\/www.markus-schall.de\/wp-content\/uploads\/buch_cmd-cover-de-768x1089.jpg 768w, https:\/\/www.markus-schall.de\/wp-content\/uploads\/buch_cmd-cover-de-8x12.jpg 8w, https:\/\/www.markus-schall.de\/wp-content\/uploads\/buch_cmd-cover-de.jpg 846w\" sizes=\"auto, (max-width: 220px) 100vw, 220px\" \/><\/a>Se quiser aprofundar o assunto, pode encontrar mais informa\u00e7\u00f5es no meu livro \"<a href=\"https:\/\/www.markus-schall.de\/pt\/2025\/08\/cmd-o-problema-esquecido-da-medicina-moderna\/\">CMD - O problema esquecido da medicina moderna<\/a>\" fornece uma descri\u00e7\u00e3o detalhada de todas as correla\u00e7\u00f5es relevantes. Nele, descrevo de forma compreens\u00edvel como a DMC se manifesta, quais os sintomas que s\u00e3o particularmente insidiosos - e como classific\u00e1-los corretamente para evitar cair na armadilha de um tratamento desnecess\u00e1rio.<\/p>\n<p>Um dos pontos centrais do livro \u00e9 o reconhecimento de padr\u00f5es: Como \u00e9 que determinada dor se desenvolve? Quais s\u00e3o as cadeias de consequ\u00eancias t\u00edpicas? E como pode utilizar a observa\u00e7\u00e3o orientada e o apoio da IA moderna (por exemplo, ChatGPT) para descobrir o que o seu pr\u00f3prio corpo est\u00e1 realmente a tentar dizer-lhe?<\/p>\n<h3>A CMD n\u00e3o \u00e9 um destino - \u00e9 um mal-entendido f\u00edsico<\/h3>\n<p>A DMC n\u00e3o \u00e9 uma doen\u00e7a, mas sim um mal-entendido no corpo. Um sistema desafinado - como um piano que fica desafinado com o tempo. A boa not\u00edcia \u00e9 que pode ser afinado.<\/p>\n<p>N\u00e3o \u00e9 necess\u00e1rio ser um m\u00e9dico especialista para compreender o seu pr\u00f3prio corpo. O que \u00e9 preciso \u00e9 aten\u00e7\u00e3o, paci\u00eancia e vontade de ouvir. Quem aprende a interpretar a linguagem do corpo reconhece que n\u00e3o h\u00e1 drama por detr\u00e1s de muitas queixas, mas sim uma l\u00f3gica clara. E esta l\u00f3gica d\u00e1 origem a um novo sentimento de seguran\u00e7a:<\/p>\n<p>N\u00e3o est\u00e1 doente. O seu corpo est\u00e1 a falar consigo. E quando o compreendemos, ele torna-se mais silencioso.<\/p>\n<hr \/>\n\n\t\t\t<div class=\"display-post-types\">\n\n\t\t\t\t\t\t\t<style type=\"text\/css\">\n\t\t\t#dpt-wrapper-945 { --dpt-text-align: left;--dpt-image-crop: center;--dpt-border-radius: 5px;--dpt-h-gutter: 10px;--dpt-v-gutter: 8px; }\t\t\t<\/style>\n\t\t\t<style type=\"text\/css\">#dpt-wrapper-945 { --dpt-title-font-style:normal;--dpt-title-font-weight:600;--dpt-title-line-height:1.5;--dpt-title-text-decoration:none;--dpt-title-text-transform:none;--dpt-excerpt-font-style:normal;--dpt-excerpt-font-weight:400;--dpt-excerpt-line-height:1.5;--dpt-excerpt-text-decoration:none;--dpt-excerpt-text-transform:none;--dpt-meta1-font-style:normal;--dpt-meta1-font-weight:400;--dpt-meta1-line-height:1.9;--dpt-meta1-text-decoration:none;--dpt-meta1-text-transform:none;--dpt-meta2-font-style:normal;--dpt-meta2-font-weight:400;--dpt-meta2-line-height:1.9;--dpt-meta2-text-decoration:none;--dpt-meta2-text-transform:none; }<\/style><div class=\"dpt-main-header\">\n\t\t\t\t\t\t<div class=\"dpt-main-title\">\n\t\t\t\t\t\t\t<span class=\"dpt-main-title-text\">Mais artigos relacionados com CMD<\/span>\n\t\t\t\t\t\t<\/div>\n\t\t\t\t\t\t\n\t\t\t\t\t\t\n\t\t\t\t\t\t\n\t\t\t\t\t\t<\/div>\t\t\t\n\t\t\t\t<div id=\"dpt-wrapper-945\" class=\"dpt-wrapper dpt-mag1 land1 dpt-cropped dpt-flex-wrap\" >\n\n\t\t\t\t\t\t\t\t\t\t\t<div class=\"dpt-entry has-thumbnail\" data-title=\"cmd und neue zahnkrone: wie eine minimale fehlh\u00f6he den k\u00f6rper beeinflusst\" data-id=\"5047\"  data-category=\"allgemein gesundheit\" data-post_tag=\"cmd erfahrungen gesundheit hypersensibilit\u00e4t krisen ratgeber\">\n\t\t\t\t\t\t\t<div class=\"dpt-entry-wrapper\"><div class=\"dpt-featured-content\"><div class=\"dpt-permalink\"><a href=\"https:\/\/www.markus-schall.de\/pt\/2026\/02\/cmd-e-nova-coroa-dentaria-como-um-desalinhamento-minimo-afecta-o-corpo\/\" class=\"dpt-permalink\"><span class=\"screen-reader-text\">CMD e novas coroas dent\u00e1rias: como um desalinhamento m\u00ednimo afecta o corpo<\/span><\/a><\/div><div class=\"dpt-thumbnail\"><div class=\"dpt-thumbnail-inner\"><img width=\"1024\" height=\"683\" class=\"attachment-full size-full\" alt=\"CMD e nova coroa dent\u00e1ria\" context=\"dpt\" data-dpt-src=\"https:\/\/www.markus-schall.de\/wp-content\/uploads\/CMD-Schiene-Symptome.jpg\" data-dpt-sizes=\"(max-width: 1024px) 100vw, 1024px\" data-dpt-srcset=\"https:\/\/www.markus-schall.de\/wp-content\/uploads\/CMD-Schiene-Symptome.jpg 1024w, https:\/\/www.markus-schall.de\/wp-content\/uploads\/CMD-Schiene-Symptome-300x200.jpg 300w, https:\/\/www.markus-schall.de\/wp-content\/uploads\/CMD-Schiene-Symptome-768x512.jpg 768w, https:\/\/www.markus-schall.de\/wp-content\/uploads\/CMD-Schiene-Symptome-18x12.jpg 18w\" \/><\/div><span class=\"dpt-thumbnail-aspect-ratio\" style=\"padding-top: 75%\"><\/span><\/div><\/div><div class=\"sub-entry\"><h3 class=\"dpt-title\"><a class=\"dpt-title-link\" href=\"https:\/\/www.markus-schall.de\/pt\/2026\/02\/cmd-e-nova-coroa-dentaria-como-um-desalinhamento-minimo-afecta-o-corpo\/\" rel=\"bookmark\">CMD e novas coroas dent\u00e1rias: como um desalinhamento m\u00ednimo afecta o corpo<\/a><\/h3><\/div><\/div>\n\t\t\t\t\t\t<\/div><!-- .dpt-entry -->\n\t\t\t\t\t\t\t\t\t\t\t\t<div class=\"dpt-entry has-thumbnail\" data-title=\"gesundheitstipps (nicht nur) f\u00fcr filemaker-nutzer\" data-id=\"2380\"  data-category=\"allgemein gesundheit tipps &amp; anleitungen\" data-post_tag=\"cmd erfahrungen gesundheit\">\n\t\t\t\t\t\t\t<div class=\"dpt-entry-wrapper\"><div class=\"dpt-featured-content\"><div class=\"dpt-permalink\"><a href=\"https:\/\/www.markus-schall.de\/pt\/2023\/04\/dicas-de-saude-nao-so-para-utilizadores-de-filemaker\/\" class=\"dpt-permalink\"><span class=\"screen-reader-text\">Conselhos de sa\u00fade (n\u00e3o s\u00f3) para os utilizadores do FileMaker<\/span><\/a><\/div><div class=\"dpt-thumbnail\"><div class=\"dpt-thumbnail-inner\"><img width=\"1024\" height=\"684\" class=\"attachment-full size-full\" alt=\"Dicas de sa\u00fade\" context=\"dpt\" data-dpt-src=\"https:\/\/www.markus-schall.de\/wp-content\/uploads\/gesundheitstipps.jpg\" data-dpt-sizes=\"(max-width: 1024px) 100vw, 1024px\" data-dpt-srcset=\"https:\/\/www.markus-schall.de\/wp-content\/uploads\/gesundheitstipps.jpg 1024w, https:\/\/www.markus-schall.de\/wp-content\/uploads\/gesundheitstipps-300x200.jpg 300w, https:\/\/www.markus-schall.de\/wp-content\/uploads\/gesundheitstipps-768x513.jpg 768w, https:\/\/www.markus-schall.de\/wp-content\/uploads\/gesundheitstipps-18x12.jpg 18w\" \/><\/div><span class=\"dpt-thumbnail-aspect-ratio\" style=\"padding-top: 75%\"><\/span><\/div><\/div><div class=\"sub-entry\"><h3 class=\"dpt-title\"><a class=\"dpt-title-link\" href=\"https:\/\/www.markus-schall.de\/pt\/2023\/04\/dicas-de-saude-nao-so-para-utilizadores-de-filemaker\/\" rel=\"bookmark\">Conselhos de sa\u00fade (n\u00e3o s\u00f3) para os utilizadores do FileMaker<\/a><\/h3><\/div><\/div>\n\t\t\t\t\t\t<\/div><!-- .dpt-entry -->\n\t\t\t\t\t\t\t\t\t\t\t\t<div class=\"dpt-entry has-thumbnail\" data-title=\"cmd fr\u00fch erkennen und selbsttest: warum kiefer, nacken, kopf und ohren oft zusammenh\u00e4ngen\" data-id=\"5655\"  data-category=\"allgemein gesundheit tipps &amp; anleitungen\" data-post_tag=\"cmd gesundheit hypersensibilit\u00e4t krisen ratgeber\">\n\t\t\t\t\t\t\t<div class=\"dpt-entry-wrapper\"><div class=\"dpt-featured-content\"><div class=\"dpt-permalink\"><a href=\"https:\/\/www.markus-schall.de\/pt\/2026\/04\/reconhecer-precocemente-a-cmd-e-efetuar-um-auto-teste-para-saber-porque-e-que-o-maxilar-o-pescoco-a-cabeca-e-as-orelhas-estao-frequentemente-juntos\/\" class=\"dpt-permalink\"><span class=\"screen-reader-text\">Reconhecer precocemente a DMC e efetuar o auto-diagn\u00f3stico: Porque \u00e9 que a mand\u00edbula, o pesco\u00e7o, a cabe\u00e7a e as orelhas est\u00e3o frequentemente ligados<\/span><\/a><\/div><div class=\"dpt-thumbnail\"><div class=\"dpt-thumbnail-inner\"><img width=\"1024\" height=\"683\" class=\"attachment-full size-full\" alt=\"Auto-teste CMD\" context=\"dpt\" data-dpt-src=\"https:\/\/www.markus-schall.de\/wp-content\/uploads\/Medizinische-Skizze-mit-Checkliste.jpg\" data-dpt-sizes=\"(max-width: 1024px) 100vw, 1024px\" data-dpt-srcset=\"https:\/\/www.markus-schall.de\/wp-content\/uploads\/Medizinische-Skizze-mit-Checkliste.jpg 1024w, https:\/\/www.markus-schall.de\/wp-content\/uploads\/Medizinische-Skizze-mit-Checkliste-300x200.jpg 300w, https:\/\/www.markus-schall.de\/wp-content\/uploads\/Medizinische-Skizze-mit-Checkliste-768x512.jpg 768w, https:\/\/www.markus-schall.de\/wp-content\/uploads\/Medizinische-Skizze-mit-Checkliste-18x12.jpg 18w\" \/><\/div><span class=\"dpt-thumbnail-aspect-ratio\" style=\"padding-top: 75%\"><\/span><\/div><\/div><div class=\"sub-entry\"><h3 class=\"dpt-title\"><a class=\"dpt-title-link\" href=\"https:\/\/www.markus-schall.de\/pt\/2026\/04\/reconhecer-precocemente-a-cmd-e-efetuar-um-auto-teste-para-saber-porque-e-que-o-maxilar-o-pescoco-a-cabeca-e-as-orelhas-estao-frequentemente-juntos\/\" rel=\"bookmark\">Reconhecer precocemente a DMC e efetuar o auto-diagn\u00f3stico: Porque \u00e9 que a mand\u00edbula, o pesco\u00e7o, a cabe\u00e7a e as orelhas est\u00e3o frequentemente ligados<\/a><\/h3><\/div><\/div>\n\t\t\t\t\t\t<\/div><!-- .dpt-entry -->\n\t\t\t\t\t\t\t\t\t\t\t\t<div class=\"dpt-entry has-thumbnail\" data-title=\"cmd \u2013 das vergessene problem der modernen medizin\" data-id=\"2493\"  data-category=\"b\u00fccher gesundheit\" data-post_tag=\"buch cmd gesundheit ratgeber verlag\">\n\t\t\t\t\t\t\t<div class=\"dpt-entry-wrapper\"><div class=\"dpt-featured-content\"><div class=\"dpt-permalink\"><a href=\"https:\/\/www.markus-schall.de\/pt\/2025\/08\/cmd-o-problema-esquecido-da-medicina-moderna\/\" class=\"dpt-permalink\"><span class=\"screen-reader-text\">CMD - O problema esquecido da medicina moderna<\/span><\/a><\/div><div class=\"dpt-thumbnail\"><div class=\"dpt-thumbnail-inner\"><img width=\"1280\" height=\"1812\" class=\"attachment-full size-full\" alt=\"Livro: CMD - O problema esquecido da medicina moderna\" context=\"dpt\" data-dpt-src=\"https:\/\/www.markus-schall.de\/wp-content\/uploads\/Cover-Front.jpg\" data-dpt-sizes=\"(max-width: 1280px) 100vw, 1280px\" data-dpt-srcset=\"https:\/\/www.markus-schall.de\/wp-content\/uploads\/Cover-Front.jpg 1280w, https:\/\/www.markus-schall.de\/wp-content\/uploads\/Cover-Front-212x300.jpg 212w, https:\/\/www.markus-schall.de\/wp-content\/uploads\/Cover-Front-723x1024.jpg 723w, https:\/\/www.markus-schall.de\/wp-content\/uploads\/Cover-Front-768x1087.jpg 768w, https:\/\/www.markus-schall.de\/wp-content\/uploads\/Cover-Front-1085x1536.jpg 1085w, https:\/\/www.markus-schall.de\/wp-content\/uploads\/Cover-Front-8x12.jpg 8w\" \/><\/div><span class=\"dpt-thumbnail-aspect-ratio\" style=\"padding-top: 75%\"><\/span><\/div><\/div><div class=\"sub-entry\"><h3 class=\"dpt-title\"><a class=\"dpt-title-link\" href=\"https:\/\/www.markus-schall.de\/pt\/2025\/08\/cmd-o-problema-esquecido-da-medicina-moderna\/\" rel=\"bookmark\">CMD - O problema esquecido da medicina moderna<\/a><\/h3><\/div><\/div>\n\t\t\t\t\t\t<\/div><!-- .dpt-entry -->\n\t\t\t\t\t\t\t\t\t\t\t\t<div class=\"dpt-entry has-thumbnail\" data-title=\"stress ist keine naturgewalt \u2013 wie man sich freir\u00e4ume zur\u00fcckholt, schritt f\u00fcr schritt\" data-id=\"3152\"  data-category=\"allgemein gesellschaft gesundheit tipps &amp; anleitungen\" data-post_tag=\"cmd erfahrungen gesundheit krisen pers\u00f6nlichkeitsentwicklung prozesse ratgeber\">\n\t\t\t\t\t\t\t<div class=\"dpt-entry-wrapper\"><div class=\"dpt-featured-content\"><div class=\"dpt-permalink\"><a href=\"https:\/\/www.markus-schall.de\/pt\/2025\/10\/o-stress-nao-e-uma-forca-da-natureza-como-recuperar-a-sua-liberdade-passo-a-passo\/\" class=\"dpt-permalink\"><span class=\"screen-reader-text\">O stress n\u00e3o \u00e9 uma for\u00e7a da natureza - Como recuperar a sua liberdade, passo a passo<\/span><\/a><\/div><div class=\"dpt-thumbnail\"><div class=\"dpt-thumbnail-inner\"><img width=\"1024\" height=\"683\" class=\"attachment-full size-full\" alt=\"O stress n\u00e3o \u00e9 uma for\u00e7a da natureza\" context=\"dpt\" data-dpt-src=\"https:\/\/www.markus-schall.de\/wp-content\/uploads\/stress-naturgewalt-titel.jpg\" data-dpt-sizes=\"(max-width: 1024px) 100vw, 1024px\" data-dpt-srcset=\"https:\/\/www.markus-schall.de\/wp-content\/uploads\/stress-naturgewalt-titel.jpg 1024w, https:\/\/www.markus-schall.de\/wp-content\/uploads\/stress-naturgewalt-titel-300x200.jpg 300w, https:\/\/www.markus-schall.de\/wp-content\/uploads\/stress-naturgewalt-titel-768x512.jpg 768w, https:\/\/www.markus-schall.de\/wp-content\/uploads\/stress-naturgewalt-titel-18x12.jpg 18w\" \/><\/div><span class=\"dpt-thumbnail-aspect-ratio\" style=\"padding-top: 75%\"><\/span><\/div><\/div><div class=\"sub-entry\"><h3 class=\"dpt-title\"><a class=\"dpt-title-link\" href=\"https:\/\/www.markus-schall.de\/pt\/2025\/10\/o-stress-nao-e-uma-forca-da-natureza-como-recuperar-a-sua-liberdade-passo-a-passo\/\" rel=\"bookmark\">O stress n\u00e3o \u00e9 uma for\u00e7a da natureza - Como recuperar a sua liberdade, passo a passo<\/a><\/h3><\/div><\/div>\n\t\t\t\t\t\t<\/div><!-- .dpt-entry -->\n\t\t\t\t\t\t\n\t\t\t\t<\/div>\n\t\t\t\t\t\t<\/div>\n\t\t\t\n<hr \/>\n<h2>Perguntas frequentes sobre a CMD<\/h2>\n<ol>\n<li><strong>O que \u00e9 exatamente a CMD e porque \u00e9 que provoca tantas queixas diferentes?<\/strong><br \/>\nDMC significa \"disfun\u00e7\u00e3o craniomandibular\" - um mau funcionamento na intera\u00e7\u00e3o entre as articula\u00e7\u00f5es temporomandibulares, os m\u00fasculos da mastiga\u00e7\u00e3o e o cr\u00e2nio. Uma vez que a mand\u00edbula est\u00e1 ligada a todo o corpo atrav\u00e9s de m\u00fasculos, f\u00e1scias e nervos, as perturba\u00e7\u00f5es nesta \u00e1rea podem causar sintomas que ocorrem longe: por exemplo, nas costas, no sistema digestivo ou mesmo no comportamento durante o sono. \u00c9 por isso que a DMC muitas vezes n\u00e3o \u00e9 reconhecida durante muito tempo - porque a liga\u00e7\u00e3o n\u00e3o \u00e9 imediatamente vis\u00edvel.<\/li>\n<li><strong>Tenho zumbidos e dores no pesco\u00e7o - isto pode estar relacionado com o maxilar?<\/strong><br \/>\nSim, sem d\u00favida. A mand\u00edbula est\u00e1 diretamente ligada ao sistema de equil\u00edbrio, ao sistema auditivo e ao pesco\u00e7o atrav\u00e9s de circuitos musculares e do sistema nervoso. Se houver tens\u00e3o na mand\u00edbula - devido ao cerrar dos dentes ou a uma m\u00e1 oclus\u00e3o, por exemplo - isso pode levar a uma esp\u00e9cie de \"alarme permanente\" no sistema nervoso. Isto resulta frequentemente em queixas difusas, como zumbidos nos ouvidos, press\u00e3o na cabe\u00e7a ou tens\u00e3o na zona dos ombros e do pesco\u00e7o.<\/li>\n<li><strong>Porque \u00e9 que a minha CMD n\u00e3o foi reconhecida mais cedo? J\u00e1 fui a muitos m\u00e9dicos.<\/strong><br \/>\nInfelizmente, isto \u00e9 muito comum. As DMC afectam muitos sistemas do corpo ao mesmo tempo - mas os nossos cuidados m\u00e9dicos est\u00e3o fortemente divididos em especialidades. O otorrinolaringologista ocupa-se do ouvido, o ortopedista das costas, o internista do est\u00f4mago. Apenas alguns pensam para al\u00e9m destes limites. Muitas vezes \u00e9 preciso um dentista ou terapeuta hol\u00edstico para reconhecer o fio condutor.<\/li>\n<li><strong>A DMC pode realmente causar efeitos t\u00e3o graves como a ci\u00e1tica ou a obliquidade p\u00e9lvica?<\/strong><br \/>\nSim, isso \u00e9 poss\u00edvel - pelo menos indiretamente. Se a mand\u00edbula mudar de postura devido a um desalinhamento ou a uma tens\u00e3o constante, isso conduz frequentemente a uma tens\u00e3o unilateral na bacia. Isto leva a uma m\u00e1 postura compensat\u00f3ria, que se pode propagar \u00e0 zona lombar e \u00e0s pernas. O resultado pode ser ci\u00e1tica, desalinhamento p\u00e9lvico e at\u00e9 hemorr\u00f3idas.<\/li>\n<li><strong>Tenho sempre um n\u00f3 na garganta - isto tamb\u00e9m pode ser causado por CMD?<\/strong><br \/>\nSim, \u00e9 muito prov\u00e1vel. Muitas pessoas que sofrem de DMC descrevem uma sensa\u00e7\u00e3o permanente de aperto ou de \"sapo na garganta\" sem que nada tenha sido diagnosticado por um otorrinolaringologista. A causa \u00e9 geralmente a tens\u00e3o excessiva dos m\u00fasculos anteriores do pesco\u00e7o, que s\u00e3o activados pela tens\u00e3o do maxilar. O calor, o al\u00edvio direcionado e uma melhor posi\u00e7\u00e3o de mordida podem muitas vezes trazer um al\u00edvio surpreendentemente r\u00e1pido.<\/li>\n<li><strong>O que \u00e9 que eu pr\u00f3prio posso fazer para aliviar os meus sintomas de TMC?<\/strong><br \/>\nMuito come\u00e7a com o conhecimento e a perce\u00e7\u00e3o consciente do corpo. O calor \u00e9 frequentemente muito \u00fatil - por exemplo, almofadas de pedra de cerejeira, coletes de aquecimento el\u00e9trico ou duches quentes ao longo das cadeias musculares. Movimentos suaves, exerc\u00edcios de respira\u00e7\u00e3o e consci\u00eancia da postura do maxilar e do pesco\u00e7o no dia a dia tamb\u00e9m podem fazer uma grande diferen\u00e7a. O importante \u00e9: regular, n\u00e3o perfeito.<\/li>\n<li><strong>Preciso mesmo de uma tala?<\/strong><br \/>\nN\u00e3o necessariamente - uma tala pode ajudar, mas n\u00e3o tem de o fazer. Deve sempre fazer parte de um conceito global. \u00c9 muito mais importante compreender as rela\u00e7\u00f5es funcionais do corpo. Uma mudan\u00e7a na perce\u00e7\u00e3o, o calor, o trabalho da postura e o relaxamento muscular s\u00e3o muitas vezes suficientes para notar os primeiros sucessos. As talas, por si s\u00f3, sem medidas de acompanhamento, muitas vezes s\u00f3 ajudam a curto prazo.<\/li>\n<li><strong>A CMD pode ser analisada com IA ou ChatGPT?<\/strong><br \/>\nSim - pelo menos de uma forma de apoio. Os modelos modernos de IA, como o ChatGPT, podem ajudar a categorizar os sintomas, reconhecer padr\u00f5es e fornecer explica\u00e7\u00f5es. N\u00e3o substituem um diagn\u00f3stico m\u00e9dico, mas oferecem uma nova oportunidade de autorreflex\u00e3o. Se fizer perguntas espec\u00edficas, pode muitas vezes utilizar a IA para desenvolver mais rapidamente uma compreens\u00e3o b\u00e1sica, que pode depois ser aprofundada com um terapeuta especializado.<\/li>\n<li><strong>Como \u00e9 que eu reconhe\u00e7o se as minhas queixas s\u00e3o realmente causadas por CMD - ou se \u00e9 outra coisa qualquer?<\/strong><br \/>\nN\u00e3o existe um crit\u00e9rio de demarca\u00e7\u00e3o claro. Mas se os sintomas ocorrem repetidamente, parecem \"vaguear\", n\u00e3o podem ser explicados pelos m\u00e9dicos e melhoram com calor, relaxamento ou trabalho corporal direcionado, \u00e9 prov\u00e1vel que exista um problema funcional. A DMC manifesta-se normalmente atrav\u00e9s da mutabilidade: os sintomas v\u00e3o e v\u00eam consoante a forma como o corpo se est\u00e1 a organizar.<\/li>\n<li><strong>A TMC tamb\u00e9m pode causar sintomas psicol\u00f3gicos?<\/strong><br \/>\nSim - atrav\u00e9s do sistema nervoso aut\u00f3nomo. A tens\u00e3o muscular cr\u00f3nica na zona da mand\u00edbula e do pesco\u00e7o pode ativar permanentemente o sistema nervoso aut\u00f3nomo (modo de stress), o que pode levar a inquieta\u00e7\u00e3o interior, dist\u00farbios do sono, irritabilidade e at\u00e9 mesmo estados de esp\u00edrito depressivos. A boa not\u00edcia \u00e9 que, quando o corpo recupera o seu equil\u00edbrio, a mente tamb\u00e9m se acalma frequentemente.<\/li>\n<li><strong>E as cicatrizes que n\u00e3o cicatrizam corretamente - tamb\u00e9m podem estar relacionadas com a DMC?<\/strong><br \/>\nIsto parece invulgar \u00e0 primeira vista, mas \u00e9 perfeitamente poss\u00edvel. Se o corpo estiver permanentemente sob tens\u00e3o, a circula\u00e7\u00e3o sangu\u00ednea, o fluxo linf\u00e1tico e a regenera\u00e7\u00e3o celular funcionam menos bem. A cicatriza\u00e7\u00e3o de feridas pode ser significativamente mais lenta, especialmente no caso de m\u00e1 postura cr\u00f3nica ou de press\u00e3o interna. S\u00f3 quando o sistema \u00e9 aliviado \u00e9 que processos como a cicatriza\u00e7\u00e3o voltam ao \"normal\".<\/li>\n<li><strong>H\u00e1 anos que me submeto a v\u00e1rias terapias - todas sem sucesso. Por que \u00e9 que a CMD \u00e9 a solu\u00e7\u00e3o?<\/strong><br \/>\nA DMC n\u00e3o \u00e9 uma panaceia, mas \u00e9 frequentemente uma pe\u00e7a que falta no puzzle. Se muitos sintomas persistirem apesar de se ter tentado \"tudo\", vale a pena analisar a posi\u00e7\u00e3o da mordida, a est\u00e1tica e o t\u00f3nus muscular b\u00e1sico. A DMC \u00e9 muitas vezes o denominador comum, especialmente quando v\u00e1rios sintomas parecem n\u00e3o estar relacionados.<\/li>\n<li><strong>Existem factores desencadeantes ou causas t\u00edpicas de TMC?<\/strong><br \/>\nSim, a DMC pode ter muitas causas: Dentes desalinhados, mastiga\u00e7\u00e3o unilateral, les\u00f5es antigas, stress (cerrar os dentes), estar sentado durante muito tempo, chicotadas, extrac\u00e7\u00f5es de dentes, pr\u00f3teses mal colocadas - ou mesmo tens\u00e3o emocional. Muitas vezes, a DMC desenvolve-se de forma despercebida durante anos, at\u00e9 que o sistema \"transborda\" num determinado momento e aparecem os primeiros sintomas. Num outro artigo, explico <a href=\"https:\/\/www.markus-schall.de\/pt\/2025\/08\/saude-dentaria-e-cmd-mais-do-que-um-pouco-o-que-o-futuro-nos-reserva\/\">Rela\u00e7\u00f5es entre pr\u00f3teses e CMD<\/a> e perspectivas futuras.<\/li>\n<li><strong>A CMD pode ser completamente curada?<\/strong><br \/>\nMuitas queixas podem ser significativamente atenuadas ou completamente eliminadas - mas isso depende de cada caso individual. A chave \u00e9 aliviar o sistema e estabelecer novos padr\u00f5es. A DMC n\u00e3o \u00e9 um dano irrevers\u00edvel, mas uma desordem funcional - e \u00e9 precisamente por isso que \u00e9 t\u00e3o f\u00e1cil de influenciar se encontrar o caminho certo. A cura \u00e9, portanto, inteiramente poss\u00edvel - muitas vezes passo a passo.<\/li>\n<li><strong>A CMD \u00e9 heredit\u00e1ria?<\/strong><br \/>\nA DMC em si n\u00e3o \u00e9 diretamente heredit\u00e1ria - mas as disposi\u00e7\u00f5es, como a posi\u00e7\u00e3o dos dentes, a forma da mand\u00edbula ou a gest\u00e3o do stress, podem ser determinadas geneticamente. Os padr\u00f5es comportamentais familiares - como cerrar os dentes quando est\u00e1 sob stress - tamb\u00e9m podem ser herdados. O fator decisivo n\u00e3o \u00e9 o que se \"herdou\", mas o que se faz com isso.<\/li>\n<li><strong>O que devo ter em aten\u00e7\u00e3o ao escolher um terapeuta de TMC?<\/strong><br \/>\nIdealmente, deve procurar algu\u00e9m com uma compreens\u00e3o hol\u00edstica - por exemplo, dentistas especializados em DMC, osteopatas, fisioterapeutas especializados ou miodiagnosticadores funcionais. \u00c9 importante que o terapeuta pense para al\u00e9m da articula\u00e7\u00e3o temporomandibular e reconhe\u00e7a a intera\u00e7\u00e3o entre a est\u00e1tica do corpo, a fun\u00e7\u00e3o muscular e o sistema nervoso. Nunca se deve tratar apenas dos dentes - mas sempre da pessoa como um todo.<\/li>\n<\/ol>\n<hr \/>\n\n\t\t\t<div class=\"display-post-types\">\n\n\t\t\t\t\t\t\t<style type=\"text\/css\">\n\t\t\t#dpt-wrapper-946 { --dpt-text-align: left;--dpt-image-crop: center;--dpt-border-radius: 5px;--dpt-h-gutter: 10px;--dpt-v-gutter: 9px; }\t\t\t<\/style>\n\t\t\t<style type=\"text\/css\">#dpt-wrapper-946 { --dpt-title-font-style:normal;--dpt-title-font-weight:600;--dpt-title-line-height:1.5;--dpt-title-text-decoration:none;--dpt-title-text-transform:none;--dpt-excerpt-font-style:normal;--dpt-excerpt-font-weight:400;--dpt-excerpt-line-height:1.5;--dpt-excerpt-text-decoration:none;--dpt-excerpt-text-transform:none;--dpt-meta1-font-style:normal;--dpt-meta1-font-weight:400;--dpt-meta1-line-height:1.9;--dpt-meta1-text-decoration:none;--dpt-meta1-text-transform:none;--dpt-meta2-font-style:normal;--dpt-meta2-font-weight:400;--dpt-meta2-line-height:1.9;--dpt-meta2-text-decoration:none;--dpt-meta2-text-transform:none; }<\/style><div class=\"dpt-main-header\">\n\t\t\t\t\t\t<div class=\"dpt-main-title\">\n\t\t\t\t\t\t\t<span class=\"dpt-main-title-text\">Artigos actuais sobre arte e cultura<\/span>\n\t\t\t\t\t\t<\/div>\n\t\t\t\t\t\t\n\t\t\t\t\t\t\n\t\t\t\t\t\t\n\t\t\t\t\t\t<\/div>\t\t\t\n\t\t\t\t<div id=\"dpt-wrapper-946\" class=\"dpt-wrapper dpt-mag1 land1 dpt-cropped dpt-flex-wrap\" >\n\n\t\t\t\t\t\t\t\t\t\t\t<div class=\"dpt-entry has-thumbnail\" data-title=\"gr\u00f6nland, trump und die frage der zugeh\u00f6rigkeit: geschichte, recht und realit\u00e4t\" data-id=\"4325\"  data-category=\"allgemein gesellschaft kunst &amp; kultur\" data-post_tag=\"europa geopolitik krisen meinungsfreiheit sicherheitspolitik spieltheorie\">\n\t\t\t\t\t\t\t<div class=\"dpt-entry-wrapper\"><div class=\"dpt-featured-content\"><div class=\"dpt-permalink\"><a href=\"https:\/\/www.markus-schall.de\/pt\/2026\/01\/groenland-trump-e-a-questao-da-pertenca-historia-direito-e-realidade\/\" class=\"dpt-permalink\"><span class=\"screen-reader-text\">Gronel\u00e2ndia, Trump e a quest\u00e3o da perten\u00e7a: hist\u00f3ria, direito e realidade<\/span><\/a><\/div><div class=\"dpt-thumbnail\"><div class=\"dpt-thumbnail-inner\"><img width=\"1024\" height=\"683\" class=\"attachment-full size-full\" alt=\"Gronel\u00e2ndia na mira: EUA e Trump\" context=\"dpt\" data-dpt-src=\"https:\/\/www.markus-schall.de\/wp-content\/uploads\/Groenland-USA-Trump-Titel.jpg\" data-dpt-sizes=\"(max-width: 1024px) 100vw, 1024px\" data-dpt-srcset=\"https:\/\/www.markus-schall.de\/wp-content\/uploads\/Groenland-USA-Trump-Titel.jpg 1024w, https:\/\/www.markus-schall.de\/wp-content\/uploads\/Groenland-USA-Trump-Titel-300x200.jpg 300w, https:\/\/www.markus-schall.de\/wp-content\/uploads\/Groenland-USA-Trump-Titel-768x512.jpg 768w, https:\/\/www.markus-schall.de\/wp-content\/uploads\/Groenland-USA-Trump-Titel-18x12.jpg 18w\" \/><\/div><span class=\"dpt-thumbnail-aspect-ratio\" style=\"padding-top: 75%\"><\/span><\/div><\/div><div class=\"sub-entry\"><h3 class=\"dpt-title\"><a class=\"dpt-title-link\" href=\"https:\/\/www.markus-schall.de\/pt\/2026\/01\/groenland-trump-e-a-questao-da-pertenca-historia-direito-e-realidade\/\" rel=\"bookmark\">Gronel\u00e2ndia, Trump e a quest\u00e3o da perten\u00e7a: hist\u00f3ria, direito e realidade<\/a><\/h3><\/div><\/div>\n\t\t\t\t\t\t<\/div><!-- .dpt-entry -->\n\t\t\t\t\t\t\t\t\t\t\t\t<div class=\"dpt-entry has-thumbnail\" data-title=\"apple im wandel: fr\u00fche ger\u00e4te, eigene erfahrungen und eine ausstellung im ocm\" data-id=\"5480\"  data-category=\"allgemein apple iphone &amp; ipad apple macos hardware kunst &amp; kultur stories &amp; humor\" data-post_tag=\"apple erfahrungen filemaker mac prozesse publishing\">\n\t\t\t\t\t\t\t<div class=\"dpt-entry-wrapper\"><div class=\"dpt-featured-content\"><div class=\"dpt-permalink\"><a href=\"https:\/\/www.markus-schall.de\/pt\/2026\/03\/apple-em-transicao-dispositivos-antigos-experiencias-proprias-e-uma-exposicao-na-ocm\/\" class=\"dpt-permalink\"><span class=\"screen-reader-text\">Apple em transi\u00e7\u00e3o: primeiros dispositivos, experi\u00eancias pessoais e uma exposi\u00e7\u00e3o no OCM<\/span><\/a><\/div><div class=\"dpt-thumbnail\"><div class=\"dpt-thumbnail-inner\"><img width=\"1024\" height=\"683\" class=\"attachment-full size-full\" alt=\"Apple Macintosh Classic e Colour Classic\" context=\"dpt\" data-dpt-src=\"https:\/\/www.markus-schall.de\/wp-content\/uploads\/Apple-OCM-Titel.jpg\" data-dpt-sizes=\"(max-width: 1024px) 100vw, 1024px\" data-dpt-srcset=\"https:\/\/www.markus-schall.de\/wp-content\/uploads\/Apple-OCM-Titel.jpg 1024w, https:\/\/www.markus-schall.de\/wp-content\/uploads\/Apple-OCM-Titel-300x200.jpg 300w, https:\/\/www.markus-schall.de\/wp-content\/uploads\/Apple-OCM-Titel-768x512.jpg 768w, https:\/\/www.markus-schall.de\/wp-content\/uploads\/Apple-OCM-Titel-18x12.jpg 18w\" \/><\/div><span class=\"dpt-thumbnail-aspect-ratio\" style=\"padding-top: 75%\"><\/span><\/div><\/div><div class=\"sub-entry\"><h3 class=\"dpt-title\"><a class=\"dpt-title-link\" href=\"https:\/\/www.markus-schall.de\/pt\/2026\/03\/apple-em-transicao-dispositivos-antigos-experiencias-proprias-e-uma-exposicao-na-ocm\/\" rel=\"bookmark\">Apple em transi\u00e7\u00e3o: primeiros dispositivos, experi\u00eancias pessoais e uma exposi\u00e7\u00e3o no OCM<\/a><\/h3><\/div><\/div>\n\t\t\t\t\t\t<\/div><!-- .dpt-entry -->\n\t\t\t\t\t\t\t\t\t\t\t\t<div class=\"dpt-entry has-thumbnail\" data-title=\"wenn pflicht wieder pflicht wird. eine art essay von herrn von l&#8217;oreot.\" data-id=\"3010\"  data-category=\"allgemein gesellschaft kunst &amp; kultur stories &amp; humor\" data-post_tag=\"deutschland erfahrungen geopolitik krisen pers\u00f6nlichkeitsentwicklung sicherheitspolitik\">\n\t\t\t\t\t\t\t<div class=\"dpt-entry-wrapper\"><div class=\"dpt-featured-content\"><div class=\"dpt-permalink\"><a href=\"https:\/\/www.markus-schall.de\/pt\/2025\/10\/quando-o-dever-se-torna-novamente-dever-uma-especie-de-ensaio-do-sr-von-loreot\/\" class=\"dpt-permalink\"><span class=\"screen-reader-text\">Quando o dever se torna novamente dever. Uma esp\u00e9cie de ensaio do Sr. von L'oreot.<\/span><\/a><\/div><div class=\"dpt-thumbnail\"><div class=\"dpt-thumbnail-inner\"><img width=\"1024\" height=\"683\" class=\"attachment-full size-full\" alt=\"Uma chamada telef\u00f3nica inesperada\" context=\"dpt\" data-dpt-src=\"https:\/\/www.markus-schall.de\/wp-content\/uploads\/loreot-pflicht-anruf.jpg\" data-dpt-sizes=\"(max-width: 1024px) 100vw, 1024px\" data-dpt-srcset=\"https:\/\/www.markus-schall.de\/wp-content\/uploads\/loreot-pflicht-anruf.jpg 1024w, https:\/\/www.markus-schall.de\/wp-content\/uploads\/loreot-pflicht-anruf-300x200.jpg 300w, https:\/\/www.markus-schall.de\/wp-content\/uploads\/loreot-pflicht-anruf-768x512.jpg 768w, https:\/\/www.markus-schall.de\/wp-content\/uploads\/loreot-pflicht-anruf-18x12.jpg 18w\" \/><\/div><span class=\"dpt-thumbnail-aspect-ratio\" style=\"padding-top: 75%\"><\/span><\/div><\/div><div class=\"sub-entry\"><h3 class=\"dpt-title\"><a class=\"dpt-title-link\" href=\"https:\/\/www.markus-schall.de\/pt\/2025\/10\/quando-o-dever-se-torna-novamente-dever-uma-especie-de-ensaio-do-sr-von-loreot\/\" rel=\"bookmark\">Quando o dever se torna novamente dever. Uma esp\u00e9cie de ensaio do Sr. von L'oreot.<\/a><\/h3><\/div><\/div>\n\t\t\t\t\t\t<\/div><!-- .dpt-entry -->\n\t\t\t\t\t\t\t\t\t\t\t\t<div class=\"dpt-entry has-thumbnail\" data-title=\"vicco von b\u00fclow alias loriot \u2013 ordnung, form und der leise widerstand des humors\" data-id=\"4169\"  data-category=\"allgemein gesellschaft kunst &amp; kultur stories &amp; humor\" data-post_tag=\"deutschland erfahrungen pers\u00f6nlichkeitsentwicklung portrait\">\n\t\t\t\t\t\t\t<div class=\"dpt-entry-wrapper\"><div class=\"dpt-featured-content\"><div class=\"dpt-permalink\"><a href=\"https:\/\/www.markus-schall.de\/pt\/2025\/12\/vicco-von-buelow-alias-loriot-nota-de-encomenda-e-a-resistencia-silenciosa-do-humor\/\" class=\"dpt-permalink\"><span class=\"screen-reader-text\">Vicco von B\u00fclow alias Loriot - ordem, forma e a resist\u00eancia silenciosa do humor<\/span><\/a><\/div><div class=\"dpt-thumbnail\"><div class=\"dpt-thumbnail-inner\"><img width=\"1024\" height=\"747\" class=\"attachment-full size-full\" alt=\"\" context=\"dpt\" data-dpt-src=\"https:\/\/www.markus-schall.de\/wp-content\/uploads\/Loriot-Titel.jpg\" data-dpt-sizes=\"(max-width: 1024px) 100vw, 1024px\" data-dpt-srcset=\"https:\/\/www.markus-schall.de\/wp-content\/uploads\/Loriot-Titel.jpg 1024w, https:\/\/www.markus-schall.de\/wp-content\/uploads\/Loriot-Titel-300x219.jpg 300w, https:\/\/www.markus-schall.de\/wp-content\/uploads\/Loriot-Titel-768x560.jpg 768w, https:\/\/www.markus-schall.de\/wp-content\/uploads\/Loriot-Titel-16x12.jpg 16w\" \/><\/div><span class=\"dpt-thumbnail-aspect-ratio\" style=\"padding-top: 75%\"><\/span><\/div><\/div><div class=\"sub-entry\"><h3 class=\"dpt-title\"><a class=\"dpt-title-link\" href=\"https:\/\/www.markus-schall.de\/pt\/2025\/12\/vicco-von-buelow-alias-loriot-nota-de-encomenda-e-a-resistencia-silenciosa-do-humor\/\" rel=\"bookmark\">Vicco von B\u00fclow alias Loriot - ordem, forma e a resist\u00eancia silenciosa do humor<\/a><\/h3><\/div><\/div>\n\t\t\t\t\t\t<\/div><!-- .dpt-entry -->\n\t\t\t\t\t\t\n\t\t\t\t<\/div>\n\t\t\t\t\t\t<\/div>\n\t\t\t\n<hr \/>","protected":false},"excerpt":{"rendered":"<p>H\u00e1 queixas que n\u00e3o se comportam como sintomas normais. Aparecem, desaparecem, mudam - e n\u00e3o se enquadram em nenhuma categoria especializada. \u00c9 exatamente aqui que come\u00e7a a hist\u00f3ria por detr\u00e1s da DMC, a disfun\u00e7\u00e3o craniomandibular: n\u00e3o \u00e9 uma doen\u00e7a ex\u00f3tica, mas uma perturba\u00e7\u00e3o funcional na intera\u00e7\u00e3o entre a articula\u00e7\u00e3o temporomandibular, os m\u00fasculos da mastiga\u00e7\u00e3o, os dentes, o pesco\u00e7o e o aparelho cervical. O que parece t\u00e3o t\u00e9cnico parece ... <a title=\"Vicco von B\u00fclow alias Loriot - ordem, forma e a resist\u00eancia silenciosa do humor\" class=\"read-more\" href=\"https:\/\/www.markus-schall.de\/pt\/2025\/12\/vicco-von-buelow-alias-loriot-nota-de-encomenda-e-a-resistencia-silenciosa-do-humor\/\" aria-label=\"Leia mais sobre Vicco von B\u00fclow alias Loriot - Ordem, forma e a resist\u00eancia silenciosa do humor\">Ler mais<\/a><\/p>","protected":false},"author":1,"featured_media":3426,"comment_status":"open","ping_status":"open","sticky":false,"template":"","format":"standard","meta":{"iawp_total_views":358,"footnotes":""},"categories":[456,424],"tags":[425,439,458,447,448],"class_list":["post-3419","post","type-post","status-publish","format-standard","has-post-thumbnail","hentry","category-gesundheit","category-buecher","tag-buch","tag-cmd","tag-erfahrungen","tag-gesundheit","tag-ratgeber"],"_links":{"self":[{"href":"https:\/\/www.markus-schall.de\/pt\/wp-json\/wp\/v2\/posts\/3419","targetHints":{"allow":["GET"]}}],"collection":[{"href":"https:\/\/www.markus-schall.de\/pt\/wp-json\/wp\/v2\/posts"}],"about":[{"href":"https:\/\/www.markus-schall.de\/pt\/wp-json\/wp\/v2\/types\/post"}],"author":[{"embeddable":true,"href":"https:\/\/www.markus-schall.de\/pt\/wp-json\/wp\/v2\/users\/1"}],"replies":[{"embeddable":true,"href":"https:\/\/www.markus-schall.de\/pt\/wp-json\/wp\/v2\/comments?post=3419"}],"version-history":[{"count":15,"href":"https:\/\/www.markus-schall.de\/pt\/wp-json\/wp\/v2\/posts\/3419\/revisions"}],"predecessor-version":[{"id":5700,"href":"https:\/\/www.markus-schall.de\/pt\/wp-json\/wp\/v2\/posts\/3419\/revisions\/5700"}],"wp:featuredmedia":[{"embeddable":true,"href":"https:\/\/www.markus-schall.de\/pt\/wp-json\/wp\/v2\/media\/3426"}],"wp:attachment":[{"href":"https:\/\/www.markus-schall.de\/pt\/wp-json\/wp\/v2\/media?parent=3419"}],"wp:term":[{"taxonomy":"category","embeddable":true,"href":"https:\/\/www.markus-schall.de\/pt\/wp-json\/wp\/v2\/categories?post=3419"},{"taxonomy":"post_tag","embeddable":true,"href":"https:\/\/www.markus-schall.de\/pt\/wp-json\/wp\/v2\/tags?post=3419"}],"curies":[{"name":"wp","href":"https:\/\/api.w.org\/{rel}","templated":true}]}}