{"id":3560,"date":"2025-11-20T08:48:10","date_gmt":"2025-11-20T08:48:10","guid":{"rendered":"https:\/\/www.markus-schall.de\/?p=3560"},"modified":"2025-12-08T15:34:18","modified_gmt":"2025-12-08T15:34:18","slug":"o-perigo-silencioso-dos-dispositivos-portateis-quando-a-comodidade-se-torna-vigilancia","status":"publish","type":"post","link":"https:\/\/www.markus-schall.de\/pt\/2025\/11\/die-stille-gefahr-von-wearables-wenn-bequemlichkeit-zur-ueberwachung-wird\/","title":{"rendered":"O perigo silencioso dos \"wearables\": quando a comodidade se torna vigil\u00e2ncia"},"content":{"rendered":"<p>Wearables geh\u00f6ren inzwischen zum Alltag. Viele Menschen tragen heute selbstverst\u00e4ndlich eine Smartwatch, z\u00e4hlen ihre Schritte, schauen auf ihre Schlafqualit\u00e4t oder lassen sich im Alltag an Pausen erinnern. Und ich gestehe gern: Ich selbst habe auch eine Apple Watch, und ich finde diese Technik auf ihre Art absolut faszinierend. Sie kann Dinge, die vor wenigen Jahren noch reine Zukunftsmusik gewesen w\u00e4ren. Trotzdem nutze ich meine Apple Watch nur selten.<\/p>\n<p>Und gerade jetzt, nach den neuesten Berichten und Aussagen von Fachleuten, f\u00e4llt mir wieder auf, dass diese Zur\u00fcckhaltung gar nicht so falsch ist. Denn viele moderne Kopfh\u00f6rer und Wearables enthalten heute Sensoren, die weit mehr messen k\u00f6nnen, als man auf den ersten Blick ahnt. Nicht jeder Kopfh\u00f6rer hat das &#8211; aber die Richtung ist eindeutig: immer mehr Technik wandert unauff\u00e4llig in kleine Ger\u00e4te, die wir dicht am K\u00f6rper tragen.<!--more--><\/p>\n<p>Der erste Teil soll ganz einfach erkl\u00e4ren, was <a href=\"https:\/\/www.bsi.bund.de\/EN\/Themen\/Verbraucherinnen-und-Verbraucher\/Informationen-und-Empfehlungen\/Internet-der-Dinge-Smart-leben\/Smart-Home\/Wearables\/wearables_node.html\" target=\"_blank\" rel=\"noopener\"><strong>Wearables<\/strong><\/a> heute k\u00f6nnen, warum sie f\u00fcr viele Menschen n\u00fctzlich sind &#8211; und weshalb man trotzdem genauer hinsehen sollte, bevor man sich blind darauf verl\u00e4sst.<\/p>\n<hr \/>\n\n\t\t\t<div class=\"display-post-types\">\n\n\t\t\t\t\t\t\t<style type=\"text\/css\">\n\t\t\t#dpt-wrapper-45 { --dpt-text-align: left;--dpt-image-crop: center;--dpt-border-radius: 5px;--dpt-h-gutter: 10px;--dpt-v-gutter: 9px; }\t\t\t<\/style>\n\t\t\t<style type=\"text\/css\">#dpt-wrapper-45 { --dpt-title-font-style:normal;--dpt-title-font-weight:600;--dpt-title-line-height:1.5;--dpt-title-text-decoration:none;--dpt-title-text-transform:none;--dpt-excerpt-font-style:normal;--dpt-excerpt-font-weight:400;--dpt-excerpt-line-height:1.5;--dpt-excerpt-text-decoration:none;--dpt-excerpt-text-transform:none;--dpt-meta1-font-style:normal;--dpt-meta1-font-weight:400;--dpt-meta1-line-height:1.9;--dpt-meta1-text-decoration:none;--dpt-meta1-text-transform:none;--dpt-meta2-font-style:normal;--dpt-meta2-font-weight:400;--dpt-meta2-line-height:1.9;--dpt-meta2-text-decoration:none;--dpt-meta2-text-transform:none; }<\/style><div class=\" dpt-main-header\">\n\t\t\t\t\t\t<div class=\"dpt-main-title\">\n\t\t\t\t\t\t\t<span class=\"dpt-main-title-text\">Gesellschaftsthemen der Gegenwart<\/span>\n\t\t\t\t\t\t<\/div>\n\t\t\t\t\t\t\n\t\t\t\t\t\t\n\t\t\t\t\t\t\n\t\t\t\t\t\t<\/div>\t\t\t\n\t\t\t\t<div id=\"dpt-wrapper-45\" class=\"dpt-wrapper dpt-mag1 land1 dpt-cropped dpt-flex-wrap\" >\n\n\t\t\t\t\t\t\t\t\t\t\t<div class=\"dpt-entry has-thumbnail\" data-title=\"zukunft mit ladeger\u00e4t &#8211; herr von l&#8217;oreot kauft einen e-scooter\" data-id=\"3229\"  data-category=\"allgemein gesellschaft kunst &amp; kultur stories &amp; humor\" data-post_tag=\"erfahrungen\">\n\t\t\t\t\t\t\t<div class=\"dpt-entry-wrapper\"><div class=\" dpt-featured-content\"><div class=\" dpt-permalink\"><a href=\"https:\/\/www.markus-schall.de\/pt\/2025\/10\/zukunft-mit-ladegeraet-herr-von-loreot-kauft-einen-e-scooter\/\" class=\"dpt-permalink\"><span class=\"screen-reader-text\">Zukunft mit Ladeger\u00e4t &#8211; Herr von L&#8217;oreot kauft einen E-Scooter<\/span><\/a><\/div><div class=\" dpt-thumbnail\"><div class=\"dpt-thumbnail-inner\"><img width=\"1024\" height=\"747\" class=\"attachment-full size-full\" alt=\"\" context=\"dpt\" data-dpt-src=\"https:\/\/www.markus-schall.de\/wp-content\/uploads\/loereot-e-scooter-1.jpg\" data-dpt-sizes=\"(max-width: 1024px) 100vw, 1024px\" data-dpt-srcset=\"https:\/\/www.markus-schall.de\/wp-content\/uploads\/loereot-e-scooter-1.jpg 1024w, https:\/\/www.markus-schall.de\/wp-content\/uploads\/loereot-e-scooter-1-300x219.jpg 300w, https:\/\/www.markus-schall.de\/wp-content\/uploads\/loereot-e-scooter-1-768x560.jpg 768w, https:\/\/www.markus-schall.de\/wp-content\/uploads\/loereot-e-scooter-1-16x12.jpg 16w\" \/><\/div><span class=\"dpt-thumbnail-aspect-ratio\" style=\"padding-top: 75%\"><\/span><\/div><\/div><div class=\" sub-entry\"><h3 class=\" dpt-title\"><a class=\"dpt-title-link\" href=\"https:\/\/www.markus-schall.de\/pt\/2025\/10\/zukunft-mit-ladegeraet-herr-von-loreot-kauft-einen-e-scooter\/\" rel=\"bookmark\">Zukunft mit Ladeger\u00e4t &#8211; Herr von L&#8217;oreot kauft einen E-Scooter<\/a><\/h3><\/div><\/div>\n\t\t\t\t\t\t<\/div><!-- .dpt-entry -->\n\t\t\t\t\t\t\t\t\t\t\t\t<div class=\"dpt-entry has-thumbnail\" data-title=\"regelbasierte weltordnung und v\u00f6lkerrecht: zwischen anspruch, realit\u00e4t und rechtsbruch\" data-id=\"4275\"  data-category=\"allgemein gesellschaft\" data-post_tag=\"denkmodelle eu-gesetze europa geopolitik krisen sicherheitspolitik\">\n\t\t\t\t\t\t\t<div class=\"dpt-entry-wrapper\"><div class=\" dpt-featured-content\"><div class=\" dpt-permalink\"><a href=\"https:\/\/www.markus-schall.de\/pt\/2026\/01\/regelbasierte-weltordnung-und-voelkerrecht-zwischen-anspruch-realitaet-und-rechtsbruch\/\" class=\"dpt-permalink\"><span class=\"screen-reader-text\">Regelbasierte Weltordnung und V\u00f6lkerrecht: Zwischen Anspruch, Realit\u00e4t und Rechtsbruch<\/span><\/a><\/div><div class=\" dpt-thumbnail\"><div class=\"dpt-thumbnail-inner\"><img width=\"1024\" height=\"683\" class=\"attachment-full size-full\" alt=\"V\u00f6lkerrecht und Regelbasierte Weltordnung\" context=\"dpt\" data-dpt-src=\"https:\/\/www.markus-schall.de\/wp-content\/uploads\/voelkerrecht-weltordnung-titel.jpg\" data-dpt-sizes=\"(max-width: 1024px) 100vw, 1024px\" data-dpt-srcset=\"https:\/\/www.markus-schall.de\/wp-content\/uploads\/voelkerrecht-weltordnung-titel.jpg 1024w, https:\/\/www.markus-schall.de\/wp-content\/uploads\/voelkerrecht-weltordnung-titel-300x200.jpg 300w, https:\/\/www.markus-schall.de\/wp-content\/uploads\/voelkerrecht-weltordnung-titel-768x512.jpg 768w, https:\/\/www.markus-schall.de\/wp-content\/uploads\/voelkerrecht-weltordnung-titel-18x12.jpg 18w\" \/><\/div><span class=\"dpt-thumbnail-aspect-ratio\" style=\"padding-top: 75%\"><\/span><\/div><\/div><div class=\" sub-entry\"><h3 class=\" dpt-title\"><a class=\"dpt-title-link\" href=\"https:\/\/www.markus-schall.de\/pt\/2026\/01\/regelbasierte-weltordnung-und-voelkerrecht-zwischen-anspruch-realitaet-und-rechtsbruch\/\" rel=\"bookmark\">Regelbasierte Weltordnung und V\u00f6lkerrecht: Zwischen Anspruch, Realit\u00e4t und Rechtsbruch<\/a><\/h3><\/div><\/div>\n\t\t\t\t\t\t<\/div><!-- .dpt-entry -->\n\t\t\t\t\t\t\t\t\t\t\t\t<div class=\"dpt-entry has-thumbnail\" data-title=\"warum abstand kein r\u00fcckzug ist &#8211; und wie ein freeze-out orientierung schafft\" data-id=\"4435\"  data-category=\"allgemein b\u00fccher gesellschaft gesundheit tipps &amp; anleitungen\" data-post_tag=\"buch denkmodelle erfahrungen gesundheit krisen lernen pers\u00f6nlichkeitsentwicklung ratgeber\">\n\t\t\t\t\t\t\t<div class=\"dpt-entry-wrapper\"><div class=\" dpt-featured-content\"><div class=\" dpt-permalink\"><a href=\"https:\/\/www.markus-schall.de\/pt\/2026\/01\/warum-abstand-kein-rueckzug-ist-und-wie-ein-freeze-out-orientierung-schafft\/\" class=\"dpt-permalink\"><span class=\"screen-reader-text\">Warum Abstand kein R\u00fcckzug ist &#8211; und wie ein Freeze-out Orientierung schafft<\/span><\/a><\/div><div class=\" dpt-thumbnail\"><div class=\"dpt-thumbnail-inner\"><img width=\"1024\" height=\"683\" class=\"attachment-full size-full\" alt=\"Freezeout - Abstand in Krisen\" context=\"dpt\" data-dpt-src=\"https:\/\/www.markus-schall.de\/wp-content\/uploads\/Freezeout-Titel.jpg\" data-dpt-sizes=\"(max-width: 1024px) 100vw, 1024px\" data-dpt-srcset=\"https:\/\/www.markus-schall.de\/wp-content\/uploads\/Freezeout-Titel.jpg 1024w, https:\/\/www.markus-schall.de\/wp-content\/uploads\/Freezeout-Titel-300x200.jpg 300w, https:\/\/www.markus-schall.de\/wp-content\/uploads\/Freezeout-Titel-768x512.jpg 768w, https:\/\/www.markus-schall.de\/wp-content\/uploads\/Freezeout-Titel-18x12.jpg 18w\" \/><\/div><span class=\"dpt-thumbnail-aspect-ratio\" style=\"padding-top: 75%\"><\/span><\/div><\/div><div class=\" sub-entry\"><h3 class=\" dpt-title\"><a class=\"dpt-title-link\" href=\"https:\/\/www.markus-schall.de\/pt\/2026\/01\/warum-abstand-kein-rueckzug-ist-und-wie-ein-freeze-out-orientierung-schafft\/\" rel=\"bookmark\">Warum Abstand kein R\u00fcckzug ist &#8211; und wie ein Freeze-out Orientierung schafft<\/a><\/h3><\/div><\/div>\n\t\t\t\t\t\t<\/div><!-- .dpt-entry -->\n\t\t\t\t\t\t\t\t\t\t\t\t<div class=\"dpt-entry has-thumbnail\" data-title=\"klimaschutz mit tunnelblick &#8211; elektromobilit\u00e4t, lobbyarbeit und die verdr\u00e4ngten kosten\" data-id=\"4729\"  data-category=\"allgemein gesellschaft\" data-post_tag=\"deutschland energiepolitik erfahrungen eu-gesetze europa\">\n\t\t\t\t\t\t\t<div class=\"dpt-entry-wrapper\"><div class=\" dpt-featured-content\"><div class=\" dpt-permalink\"><a href=\"https:\/\/www.markus-schall.de\/pt\/2026\/02\/klimaschutz-mit-tunnelblick-elektromobilitaet-lobbyarbeit-und-die-verdraengten-kosten\/\" class=\"dpt-permalink\"><span class=\"screen-reader-text\">Klimaschutz mit Tunnelblick &#8211; Elektromobilit\u00e4t, Lobbyarbeit und die verdr\u00e4ngten Kosten<\/span><\/a><\/div><div class=\" dpt-thumbnail\"><div class=\"dpt-thumbnail-inner\"><img width=\"1024\" height=\"683\" class=\"attachment-full size-full\" alt=\"Elektromobilit\u00e4t ohne Ideologie\" context=\"dpt\" data-dpt-src=\"https:\/\/www.markus-schall.de\/wp-content\/uploads\/Elektromobilitaet-ohne-Ideologie.jpg\" data-dpt-sizes=\"(max-width: 1024px) 100vw, 1024px\" data-dpt-srcset=\"https:\/\/www.markus-schall.de\/wp-content\/uploads\/Elektromobilitaet-ohne-Ideologie.jpg 1024w, https:\/\/www.markus-schall.de\/wp-content\/uploads\/Elektromobilitaet-ohne-Ideologie-300x200.jpg 300w, https:\/\/www.markus-schall.de\/wp-content\/uploads\/Elektromobilitaet-ohne-Ideologie-768x512.jpg 768w, https:\/\/www.markus-schall.de\/wp-content\/uploads\/Elektromobilitaet-ohne-Ideologie-18x12.jpg 18w\" \/><\/div><span class=\"dpt-thumbnail-aspect-ratio\" style=\"padding-top: 75%\"><\/span><\/div><\/div><div class=\" sub-entry\"><h3 class=\" dpt-title\"><a class=\"dpt-title-link\" href=\"https:\/\/www.markus-schall.de\/pt\/2026\/02\/klimaschutz-mit-tunnelblick-elektromobilitaet-lobbyarbeit-und-die-verdraengten-kosten\/\" rel=\"bookmark\">Klimaschutz mit Tunnelblick &#8211; Elektromobilit\u00e4t, Lobbyarbeit und die verdr\u00e4ngten Kosten<\/a><\/h3><\/div><\/div>\n\t\t\t\t\t\t<\/div><!-- .dpt-entry -->\n\t\t\t\t\t\t\n\t\t\t\t<\/div>\n\t\t\t\t\t\t<\/div>\n\t\t\t\n<hr \/>\n<h2>Was moderne Wearables heute alles k\u00f6nnen<\/h2>\n<p>Wenn man es ganz schlicht ausdr\u00fcckt: Wearables sind kleine Computer, die man am K\u00f6rper tr\u00e4gt. Die bekannteste Form ist die Smartwatch &#8211; ob von Apple, Samsung oder Garmin. Daneben gibt es Fitnessarmb\u00e4nder, Brustgurte, Ringe wie den Oura-Ring und nat\u00fcrlich auch In-Ear-Kopfh\u00f6rer, die l\u00e4ngst mehr machen als nur Musik abspielen. Die Grundfunktionen kennen die meisten:<\/p>\n<ul>\n<li>Schritte z\u00e4hlen<\/li>\n<li>Kalorien sch\u00e4tzen<\/li>\n<li>Bewegung messen<\/li>\n<li>Herzfrequenz aufzeichnen<\/li>\n<li>Schlaf \u00fcberwachen<\/li>\n<li>Trainings analysieren<\/li>\n<\/ul>\n<p>Es sind praktische Helfer, die ohne Aufwand Daten sammeln und daraus n\u00fctzliche Informationen machen. F\u00fcr viele Menschen ist das motivierend &#8211; man sieht auf einen Blick, ob man sich genug bewegt hat, wie man geschlafen hat oder ob man mehr Pausen br\u00e4uchte.<\/p>\n<h3>Warum die Ger\u00e4te so beliebt geworden sind<\/h3>\n<p>Der Erfolg dieser kleinen Dinger hat mehrere Gr\u00fcnde. Erstens: Sie machen vieles sichtbar, was man fr\u00fcher nur gef\u00fchlt hat. Zweitens: Sie sind bequem. Man muss nichts aufschreiben, nichts messen, nichts planen &#8211; die Uhr \u00fcbernimmt das nebenbei. Drittens: Sie geben einem das Gef\u00fchl, sein Leben im Griff zu haben. Bewegung, Schlaf, Herzschlag &#8211; alles l\u00e4sst sich pl\u00f6tzlich nachvollziehen.<\/p>\n<p>Und nicht zuletzt wirken sie modern. Die Hersteller tun nat\u00fcrlich alles, um diesen Eindruck zu verst\u00e4rken: neue Farben, neue B\u00e4nder, neue Funktionen. Das Prinzip ist immer das gleiche:<\/p>\n<blockquote><p><em>\u201eTrage uns &#8211; und du bist Teil des Fortschritts.\u201c<\/em><\/p><\/blockquote>\n<h3>Die berechtigten Vorteile von Wearables<\/h3>\n<p>Trotz aller Vorsicht sollte man fair bleiben. Viele Wearables haben echte Vorteile:<\/p>\n<ul>\n<li>Sie k\u00f6nnen auff\u00e4llige Herzrhythmen erkennen.<\/li>\n<li>Sie warnen bei ungew\u00f6hnlichen Belastungen.<\/li>\n<li>Sie motivieren zum Spazierengehen oder Sport.<\/li>\n<li>Sie erinnern an Pausen, wenn man zu lange sitzt.<\/li>\n<li>Sie erfassen Schlafphasen, sodass man eigene Muster besser versteht.<\/li>\n<li>Im Notfall k\u00f6nnen sie sogar automatisch Hilfe rufen.<\/li>\n<\/ul>\n<p>Es w\u00e4re also falsch, so zu tun, als sei die Technik grunds\u00e4tzlich schlecht. Fr\u00fcher musste man f\u00fcr solche Messungen ins Schlaflabor oder zum Kardiologen gehen. Heute hat man diese Technik &#8211; zumindest in vereinfachter Form &#8211; direkt am Handgelenk.<\/p>\n<p>Gerade deshalb ist es wichtig, mit einem klaren Kopf an das Thema heranzugehen. Technik kann n\u00fctzlich sein. Sie kann das Leben erleichtern. Aber man sollte immer wissen, welchen Preis man daf\u00fcr bezahlt &#8211; und das ist nicht immer nur Geld.<\/p>\n<h2>Welche Daten werden von Wearables gemessen?<\/h2>\n<p>Im ersten Teil ging es um die sichtbaren Vorteile und die Faszination dieser kleinen Ger\u00e4te. Doch das ist nur die Oberfl\u00e4che. Jetzt kommen wir zu dem Teil, den kaum jemand wirklich versteht: Was Wearables im Hintergrund alles messen. Die meisten Nutzer glauben, ihre Uhr z\u00e4hle nur Schritte und zeige den Puls an. Doch moderne Sensoren greifen viel tiefer. Sie erfassen Signale, die man fr\u00fcher nur in medizinischen oder psychophysiologischen Labors gemessen h\u00e4tte. Und aus diesen Signalen lassen sich R\u00fcckschl\u00fcsse ziehen, die weit \u00fcber \u201eIch bin heute viel gelaufen\u201c hinausgehen.<\/p>\n<p>Hier wird es spannend &#8211; und manchmal auch ein bisschen unheimlich. Denn viele dieser Messungen laufen v\u00f6llig automatisch und f\u00fcr den Nutzer unsichtbar ab.<\/p>\n<h3>Die sichtbaren Daten: Das, was jeder kennt<\/h3>\n<p>Bevor wir zu den versteckten Sensoren kommen, starten wir mit dem, was jeder sieht. Denn diese offensichtlichen Daten sind ja die Verkaufsargumente.<\/p>\n<ul>\n<li><strong>Schritte und Bewegung<\/strong>: Das sind einfache Bewegungsdaten. Die Uhr erkennt, wie oft und wie stark sich das Handgelenk bewegt. Daraus werden Schritte, Aktivit\u00e4tsminuten und Kalorien errechnet.<\/li>\n<li><strong>Herzfrequenz (Puls)<\/strong>: Das ist die zentrale Funktion. Die optischen Sensoren messen \u00fcber Lichtver\u00e4nderungen, wie schnell das Blut im Handgelenk pulsiert. Das ist unproblematisch und relativ grob &#8211; aber schon hilfreich.<\/li>\n<li><strong>Schlaftracking<\/strong>: Viele denken, die Uhr \u201eerkennt\u201c die Schlafphasen direkt &#8211; aber das stimmt so nicht. Sie kombiniert Bewegungsmangel, Puls, Atemmuster und einige andere Werte zu einem Sch\u00e4tzwert. Trotzdem liefert das erstaunlich brauchbare Informationen.<\/li>\n<li><strong>Sauerstoffs\u00e4ttigung (SpO\u2082)<\/strong>: Manchmal recht genau, manchmal eher Spielerei &#8211; aber es funktioniert, solange man ruhig liegt.<\/li>\n<\/ul>\n<p>Alles, was bisher genannt wurde, ist im Grunde harmlos. Diese Werte kennt die \u00d6ffentlichkeit, sie werden beworben, und man kann entscheiden, ob man sie messen lassen will. Doch das ist nur die Spitze des Eisbergs.<\/p>\n<h3>Die unsichtbaren Biosignale: Das, was kaum jemand bemerkt<\/h3>\n<p>Jetzt kommen wir zum entscheidenden Punkt. Moderne Wearables &#8211; besonders Smartwatches und In-Ear-Kopfh\u00f6rer &#8211; erfassen Biosignale, die weit \u00fcber das hinausgehen, was der Nutzer bewusst sieht. Das geschieht leise, automatisch und im Hintergrund. Und genau diese Daten sind es, die R\u00fcckschl\u00fcsse auf Stimmung, Stress, emotionalen Zustand oder sogar Grundcharakter zulassen. Ich gehe die wichtigsten unsichtbaren Messmethoden der Reihe nach durch:<\/p>\n<p><strong>Herzratenvariabilit\u00e4t (HRV)<\/strong><\/p>\n<p>Diese Zahl sieht man manchmal in Apps, aber viele wissen gar nicht, was sie bedeutet. HRV misst, wie unregelm\u00e4\u00dfig das Herz schl\u00e4gt. Ein gesundes Herz schl\u00e4gt NICHT wie ein Metronom &#8211; es schl\u00e4gt unregelm\u00e4\u00dfig. Je unregelm\u00e4\u00dfiger (innerhalb eines gesunden Rahmens), desto entspannter ist der K\u00f6rper.<\/p>\n<ul>\n<li>niedrige HRV \u2192 Stress, Belastung, M\u00fcdigkeit<\/li>\n<li>hohe HRV \u2192 Entspannung, Regeneration, starke Leistungsf\u00e4higkeit<\/li>\n<\/ul>\n<p>Wearables messen HRV st\u00e4ndig, oft ohne dass der Nutzer es bemerkt. Warum ist das brisant? Weil HRV der zuverl\u00e4ssigste Alltags-Indikator ist f\u00fcr:<\/p>\n<ul>\n<li>Stressniveau<\/li>\n<li>psychische Anspannung<\/li>\n<li>Burnout-Risiko<\/li>\n<li>emotionale Erregung<\/li>\n<li>Ver\u00e4rgerung<\/li>\n<li>Nervosit\u00e4t<\/li>\n<li>k\u00f6rperliche Ersch\u00f6pfung<\/li>\n<\/ul>\n<p>Man kann dar\u00fcber also Emotionen erkennen, ohne dass der Nutzer davon wei\u00df.<\/p>\n<p><strong>Mikro-Ver\u00e4nderungen der Hautleitf\u00e4higkeit<\/strong><\/p>\n<p>Viele moderne Sensoren k\u00f6nnen \u00fcber winzige Spannungs\u00e4nderungen messen, wie \u201eleitf\u00e4hig\u201c die Haut gerade ist. Das ist im Grunde die gleiche Messmethode wie beim L\u00fcgendetektor.<\/p>\n<ul>\n<li>Mehr Schwei\u00df \u2192 h\u00f6here Leitf\u00e4higkeit \u2192 Stress\/Erregung<\/li>\n<li>Weniger Schwei\u00df \u2192 niedrigere Leitf\u00e4higkeit \u2192 Ruhe<\/li>\n<\/ul>\n<p>Diese Werte k\u00f6nnen Kopfh\u00f6rer, Ohrsensoren, Smartwatches und Fitnessarmb\u00e4nder erfassen &#8211; ganz ohne aktives Zutun.<\/p>\n<p><strong>Ohrendurchblutung und Gewebesignale (bei In-Ear-Kopfh\u00f6rern)<\/strong><\/p>\n<p>Das ist der Teil, den viele \u00fcberhaupt nicht auf dem Schirm haben. Der Geh\u00f6rgang ist ein idealer Messort:<\/p>\n<ul>\n<li>sehr gut durchblutet<\/li>\n<li>stabile Temperatur<\/li>\n<li>kaum Bewegungsst\u00f6rungen<\/li>\n<\/ul>\n<p>Haut ist d\u00fcnn und gut geeignet f\u00fcr Lichtmessung.\u00a0Deshalb k\u00f6nnen manche In-Ear-Wearables bereits:<\/p>\n<ul>\n<li>Durchblutungsmuster<\/li>\n<li>Stressreaktionen<\/li>\n<li>Atemrhythmus<\/li>\n<li>sympathische Aktivit\u00e4t (Kampf-\/Fluchtmodus)<\/li>\n<\/ul>\n<p>erkennen &#8211; und zwar erstaunlich genau. Viele Nutzer haben keine Ahnung, dass solche Sensoren \u00fcberhaupt existieren.<\/p>\n<p><strong>Atemmuster und Mikrobewegungen<\/strong><\/p>\n<p>Die Uhr sieht, wie sich der Thorax bewegt &#8211; minimal, aber messbar. Daraus l\u00e4sst sich die Atmung ableiten:<\/p>\n<ul>\n<li>flache, hektische Atmung \u2192 Stress<\/li>\n<li>tiefe, rhythmische Atmung \u2192 Ruhe<\/li>\n<li>unregelm\u00e4\u00dfige Atmung \u2192 emotionale Reaktionen<\/li>\n<\/ul>\n<p>In Kombination mit HRV ergibt das ein ziemlich klares Bild des Nervensystems.<\/p>\n<p><strong>EMG-Light: Mini-Muskelaktivit\u00e4t<\/strong><\/p>\n<p>Auch ohne Elektroden lassen sich kleine Muskelzuckungen und Spannungsmuster erkennen &#8211; etwa am Unterarm oder hinter dem Ohr. Damit kann man:<\/p>\n<ul>\n<li>Anspannung im Kiefer<\/li>\n<li>unruhige Bewegungen<\/li>\n<li>Mikrogesten<\/li>\n<li>feine Stresssignale<\/li>\n<\/ul>\n<p>registrieren.<\/p>\n<h3>Frequenzmuster, die R\u00fcckschl\u00fcsse auf das autonome Nervensystem erlauben<\/h3>\n<p>Blutfluss hat Frequenzen. Atmung hat Frequenzen. Mikrobewegungen haben Frequenzen. Elektrische Mikroreaktionen in der Haut haben Frequenzen. Wenn man diese Muster kombiniert, kann man:<\/p>\n<ul>\n<li>Erregung \/ Ruhe erkennen<\/li>\n<li>Stresslevel bestimmen<\/li>\n<li>emotionale Grundtendenzen ableiten<\/li>\n<li>sogar Pers\u00f6nlichkeitstendenzen einordnen<\/li>\n<\/ul>\n<p>Und das ganz ohne \u201eGedankenlesen\u201c.<\/p>\n<hr \/>\n<div class=\"lyte-wrapper\" style=\"width:640px;max-width:100%;margin:5px;\"><div class=\"lyMe\" id=\"WYL_M4Bj5TpF2ZU\"><div id=\"lyte_M4Bj5TpF2ZU\" data-src=\"https:\/\/www.markus-schall.de\/wp-content\/plugins\/wp-youtube-lyte\/lyteCache.php?origThumbUrl=%2F%2Fi.ytimg.com%2Fvi%2FM4Bj5TpF2ZU%2Fhqdefault.jpg\" class=\"pL\"><div class=\"tC\"><div class=\"tT\"><\/div><\/div><div class=\"play\"><\/div><div class=\"ctrl\"><div class=\"Lctrl\"><\/div><div class=\"Rctrl\"><\/div><\/div><\/div><noscript><a href=\"https:\/\/youtu.be\/M4Bj5TpF2ZU\" rel=\"nofollow noopener\" target=\"_blank\"><img loading=\"lazy\" decoding=\"async\" src=\"https:\/\/www.markus-schall.de\/wp-content\/plugins\/wp-youtube-lyte\/lyteCache.php?origThumbUrl=https%3A%2F%2Fi.ytimg.com%2Fvi%2FM4Bj5TpF2ZU%2F0.jpg\" alt=\"YouTube video thumbnail\" width=\"640\" height=\"340\" \/><br \/>Watch this video on YouTube<\/a><\/noscript><\/div><\/div><div class=\"lL\" style=\"max-width:100%;width:640px;margin:5px;\"><\/div><br \/>\nIs Your Smartwatch Spying on You? We Analysed 17 Privacy Policies to Find Out. (Englisch)<\/p>\n<hr \/>\n<h3>Was man wirklich aus diesen Daten ableiten kann<\/h3>\n<p>Viele Menschen untersch\u00e4tzen das v\u00f6llig. Sie denken: \u201eDer misst doch nur meinen Puls\u201c. Nein. Aus den oben beschriebenen Biosignalen lassen sich komplexe Muster ableiten &#8211; Muster, die fr\u00fcher nur Psychologen, Neurowissenschaftler oder Milit\u00e4rforscher auslesen konnten. Im folgenden ein paar der wichtigsten R\u00fcckschl\u00fcsse:<\/p>\n<ol>\n<li><strong>Stress und emotionale Lage<\/strong>: Sehr genau, teilweise auf die Minute. Man erkennt: \u00c4rger, Angst, Ersch\u00f6pfung, Aufregung, \u00dcberraschung, Freude oder langsame Erholung. Das geht \u00fcber HRV + Atmung fast perfekt.<\/li>\n<li><strong>Tagesmuster und Gewohnheiten<\/strong>: Nach ein paar Wochen kennt die Uhr den Nutzer besser als er sich selbst: Wann du m\u00fcde wirst, wann du am konzentriertesten bist, wann du emotional instabil bist oder wann du am produktivsten bist.<\/li>\n<li><strong>Burnout-, Stress- oder Depressionsrisiko<\/strong>: Algorithmen k\u00f6nnen aus jahrelangen HRV-Kurven unglaubliche Mengen ableiten. Langfristig lassen sich Muster erkennen wie: impulsiv vs. kontrolliert, ruhig vs. leicht erregbar, belastbar vs. empfindlich, stabil vs. wechselhaft und ausgeglichen vs. angespannt. Das passiert v\u00f6llig automatisch. Der Nutzer merkt davon nichts.<\/li>\n<li><strong>Psychologische Reaktionen auf Situationen<\/strong>: In Verbindung mit Standortdaten wissen Systeme, was dich stresst, was dich beruhigt, welche Orte dich aufregen, welche Menschen dich nerv\u00f6s machen, wie du auf Nachrichten reagierst oder welche Zeiten f\u00fcr dich emotional heikel sind.<\/li>\n<li><strong>Potenzielle Vorhersagen<\/strong>: Mit gen\u00fcgend Daten lassen sich beispielsweise folgende Dinge vorhersagen: Wann du Auszeiten brauchst, wann du krank wirst, wie dein Stressprofil morgen aussieht, ob du \u201eim roten Bereich\u201c bist, ob du zu wenig schl\u00e4fst, ob du riskante Muster entwickelst. Das ist diagnostisch wertvoll &#8211; aber gesellschaftlich gef\u00e4hrlich.<\/li>\n<\/ol>\n<p>Wearables messen weit mehr als nur Puls und Schritte. Im Hintergrund entstehen psychophysiologische Datens\u00e4tze, die R\u00fcckschl\u00fcsse auf Stimmung, Stress, Belastung und sogar Pers\u00f6nlichkeit zulassen. Die meisten Nutzer wissen davon nichts.<\/p>\n<p>Und genau darin liegt sp\u00e4ter das Risiko &#8211; nicht in der Technik selbst, sondern in dem, was irgendwann aus diesen Daten gemacht wird.<\/p>\n<hr \/>\n<h3>Aktuelle Umfrage zur Digitalisierung im Alltag<\/h3>\n<div class='bootstrap-yop yop-poll-mc'>\n\t\t\t\t\t\t\t<div class=\"basic-yop-poll-container\" style=\"background-color:#ffffff; border:0px; border-style:solid; border-color:#000000; border-radius:5px; padding:0px 5px;\" data-id=\"2\" data-temp=\"basic-pretty\" data-skin=\"square\" data-cscheme=\"blue\" data-cap=\"0\" data-access=\"guest\" data-tid=\"\" data-uid=\"28c38b0ab9fe403ef84c10c49fe92286\" data-pid=\"4729\" data-resdet=\"votes-number,percentages\" data-show-results-to=\"guest\" data-show-results-moment=\"after-vote\" data-show-results-only=\"false\" data-show-message=\"true\" data-show-results-as=\"bar\" data-sort-results-by=\"as-defined\" data-sort-results-rule=\"asc\"data-is-ended=\"0\" data-percentages-decimals=\"2\" data-gdpr=\"no\" data-gdpr-sol=\"consent\" data-css=\"\" data-counter=\"0\" data-load-with=\"1\" data-notification-section=\"top\"><div class=\"row\"><div class=\"col-md-12\"><div class=\"basic-inner\"><div class=\"basic-message hide\" style=\"border-left: 10px solid #008000; padding: 0px 10px;\" data-error=\"#ff0000\" data-success=\"#008000\"><p class=\"basic-message-text\" style=\"color:#000000; font-size:14px; font-weight:normal;\"><\/p><\/div><div class=\"basic-overlay hide\"><div class=\"basic-vote-options\"><\/div><div class=\"basic-preloader\"><div class=\"basic-windows8\"><div class=\"basic-wBall basic-wBall_1\"><div class=\"basic-wInnerBall\"><\/div><\/div><div class=\"basic-wBall basic-wBall_2\"><div class=\"basic-wInnerBall\"><\/div><\/div><div class=\"basic-wBall basic-wBall_3\"><div class=\"basic-wInnerBall\"><\/div><\/div><div class=\"basic-wBall basic-wBall_4\"><div class=\"basic-wInnerBall\"><\/div><\/div><div class=\"basic-wBall basic-wBall_5\"><div class=\"basic-wInnerBall\"><\/div><\/div><\/div><\/div><\/div><form class=\"basic-form\"><input type=\"hidden\" name=\"_token\" value=\"c64dfa5962\" autocomplete=\"off\"><div class=\"basic-elements\"><div class=\"basic-element basic-question basic-question-text-vertical\" data-id=\"2\" data-uid=\"1400c6147ebb72b137981666a1844893\" data-type=\"question\" data-question-type=\"text\" data-required=\"yes\" data-allow-multiple=\"no\" data-min=\"1\" data-max=\"1\" data-display=\"vertical\" data-colnum=\"\" data-display-others=\"no\" data-others-color=\"\" data-others=\"\" data-others-max-chars=\"0\"><div class=\"basic-question-title\"><h5 style=\"color:#000000; font-size:16px; font-weight:normal; text-align:left;\">Wie bewertest Du den Einfluss der Digitalisierung auf Deinen Alltag?<\/h5><\/div><ul class=\"basic-answers\"><li class=\"basic-answer\" style=\"padding:0px 0px;\" data-id=\"5\" data-type=\"text\" data-vn=\"17\" data-color=\"#000000\" data-make-link=\"no\" data-link=\"\"><div class=\"basic-answer-content basic-text-vertical\"><label for=\"answer[5]\" class=\"basic-answer-label\"><input type=\"radio\" id=\"answer[5]\" name=\"answer[2]\" value=\"5\"><span class=\"basic-text\" style=\"color: #000000; font-size: 14px; font-weight: normal;\">Sehr positiv \u2013 Ich profitiere t\u00e4glich davon<\/span><\/label><\/div><\/li><li class=\"basic-answer\" style=\"padding:0px 0px;\" data-id=\"6\" data-type=\"text\" data-vn=\"14\" data-color=\"#000000\" data-make-link=\"no\" data-link=\"\"><div class=\"basic-answer-content basic-text-vertical\"><label for=\"answer[6]\" class=\"basic-answer-label\"><input type=\"radio\" id=\"answer[6]\" name=\"answer[2]\" value=\"6\"><span class=\"basic-text\" style=\"color: #000000; font-size: 14px; font-weight: normal;\">Eher positiv \u2013 Einige Dinge sind einfacher geworden<\/span><\/label><\/div><\/li><li class=\"basic-answer\" style=\"padding:0px 0px;\" data-id=\"7\" data-type=\"text\" data-vn=\"36\" data-color=\"#000000\" data-make-link=\"no\" data-link=\"\"><div class=\"basic-answer-content basic-text-vertical\"><label for=\"answer[7]\" class=\"basic-answer-label\"><input type=\"radio\" id=\"answer[7]\" name=\"answer[2]\" value=\"7\"><span class=\"basic-text\" style=\"color: #000000; font-size: 14px; font-weight: normal;\">Gemischt \u2013 Es bringt Vorteile, aber auch Kontrollverlust<\/span><\/label><\/div><\/li><li class=\"basic-answer\" style=\"padding:0px 0px;\" data-id=\"8\" data-type=\"text\" data-vn=\"6\" data-color=\"#000000\" data-make-link=\"no\" data-link=\"\"><div class=\"basic-answer-content basic-text-vertical\"><label for=\"answer[8]\" class=\"basic-answer-label\"><input type=\"radio\" id=\"answer[8]\" name=\"answer[2]\" value=\"8\"><span class=\"basic-text\" style=\"color: #000000; font-size: 14px; font-weight: normal;\">Eher negativ \u2013 Ich f\u00fchle mich oft \u00fcberfordert oder beobachtet<\/span><\/label><\/div><\/li><li class=\"basic-answer\" style=\"padding:0px 0px;\" data-id=\"9\" data-type=\"text\" data-vn=\"10\" data-color=\"#000000\" data-make-link=\"no\" data-link=\"\"><div class=\"basic-answer-content basic-text-vertical\"><label for=\"answer[9]\" class=\"basic-answer-label\"><input type=\"radio\" id=\"answer[9]\" name=\"answer[2]\" value=\"9\"><span class=\"basic-text\" style=\"color: #000000; font-size: 14px; font-weight: normal;\">Sehr negativ \u2013 Ich lehne digitale Systeme weitgehend ab<\/span><\/label><\/div><\/li><\/ul><\/div><div class=\"clearfix\"><\/div><\/div><div class=\"basic-vote\"><a href=\"#\" class=\"button basic-vote-button\" role=\"button\" style=\"background:#027bb8; border:0px; border-style: solid; border-color:#000000; border-radius:5px; padding:10px 10px; color:#ffffff; font-size:14px; font-weight:normal;\">Abstimmen<\/a><\/div><\/form><\/div><\/div><\/div><\/div>\n\t\t\t\t\t\t<\/div>\n<hr \/>\n<h2>Wo all diese Daten wirklich landen &#8211; und warum das oft anders ist, als viele denken<\/h2>\n<p>Wenn man sich mit Wearables besch\u00e4ftigt, st\u00f6\u00dft man fr\u00fcher oder sp\u00e4ter auf eine einfache, aber entscheidende Frage: Wo gehen all diese Daten eigentlich hin? Viele Nutzer vertrauen blind darauf, dass ihr Hersteller \u201ees schon gut machen wird\u201c. Doch dieses Vertrauen basiert oft auf Bauchgef\u00fchl &#8211; nicht auf Wissen. Und die Unterschiede zwischen den Herstellern sind gr\u00f6\u00dfer, als es nach au\u00dfen wirkt.<\/p>\n<p>Die Wahrheit ist: Es gibt keine Wearables ohne Datenverarbeitung. Die Frage ist nur, wo die Daten verarbeitet werden &#8211; und wie lange sie dort bleiben.<\/p>\n<h3>Apple: viel Lokalspeicherung, viel Verschl\u00fcsselung &#8211; aber nicht vollkommen unabh\u00e4ngig<\/h3>\n<p>Apple hat sich \u00fcber die Jahre bewusst als \u201eDatenschutzfirma\u201c positioniert. Und im Vergleich stimmt das auch &#8211; sie sind tats\u00e4chlich die Zur\u00fcckhaltendsten unter den gro\u00dfen Herstellern. Die wichtigsten Punkte:<\/p>\n<ul>\n<li>Die <strong>Health-App<\/strong> auf dem iPhone speichert sehr viel lokal.<\/li>\n<li>Wenn Daten in die <strong>iCloud<\/strong> wandern, sind sie in der Regel Ende-zu-Ende verschl\u00fcsselt &#8211; zumindest laut Apple.<\/li>\n<li>Viele Daten werden erst verarbeitet, wenn das iPhone entsperrt ist.<\/li>\n<li>Apple analysiert die Gesundheitsdaten nicht f\u00fcr Werbung.<\/li>\n<\/ul>\n<p>Das klingt gut &#8211; und im Moment ist es das auch. Aber: Es ist nicht garantiert, dass es immer so bleibt. Apple kann seine Regeln \u00e4ndern. Staaten k\u00f6nnen Gesetze \u00e4ndern. Beh\u00f6rden k\u00f6nnen Zugriff verlangen. Und Apple ist ein b\u00f6rsennotiertes Unternehmen &#8211; keine Wohlt\u00e4tigkeitsorganisation.<\/p>\n<p>Der wichtigste Punkt ist aber ein anderer: Auch lokal gespeicherte Daten ver\u00e4ndern langfristig ihr Risiko, je mehr davon entstehen. Zwanzig Jahre Gesundheitsdaten auf einem Ger\u00e4t sind wertvoller &#8211; und gef\u00e4hrdeter &#8211; als ein paar Wochen.<\/p>\n<h3>Google (Android): viel Cloud, viel Auswertung, viel Marketing &#8211; wenig Transparenz<\/h3>\n<p>Bei Google sieht die Sache v\u00f6llig anders aus. Google verdient sein Geld nicht mit Ger\u00e4ten, sondern mit Daten. Und das sp\u00fcrt man. Typische Merkmale:<\/p>\n<ul>\n<li>Wearable-Daten wandern viel h\u00e4ufiger in die Google-Cloud.<\/li>\n<li>Gesundheitsdaten werden f\u00fcr die Optimierung von Diensten genutzt &#8211; was immer ein weites Feld ist.<\/li>\n<li>Fitbit geh\u00f6rt inzwischen zu Google, und deren Systeme sind noch st\u00e4rker cloudzentriert.<\/li>\n<\/ul>\n<p>Google nutzt Gesundheitsdaten zwar offiziell nicht f\u00fcr Werbung &#8211; aber das System basiert auf Datenauswertung. Android ist technisch offen, aber das bedeutet nicht automatisch mehr Datenschutz. Im Gegenteil: Je mehr Apps installiert sind, desto mehr Schnittstellen greifen auf Sensoren zu.<\/p>\n<p>W\u00e4hrend Apple viele App-Zugriffe restriktiv blockiert, erlaubt Android in der Praxis deutlich mehr &#8211; und Nutzer bemerken es kaum. Wenn man es ganz n\u00fcchtern betrachtet, gilt:<\/p>\n<ul>\n<li><strong>Apple<\/strong> sammelt weniger, weil sie Ger\u00e4te verkaufen.<\/li>\n<li><strong>Google<\/strong> sammelt mehr, weil sie Daten verkaufen.<\/li>\n<\/ul>\n<p>Das muss man einfach wissen, bevor man sich entscheidet.<\/p>\n<h3>Samsung, Garmin, Huawei, Xiaomi und andere: Zwischenkomfort und Datensammelnebel<\/h3>\n<p>Dann gibt es die gro\u00dfe Gruppe der \u201eanderen Hersteller\u201c. Und hier wird es un\u00fcbersichtlich, denn das Spektrum reicht von vorbildlich bis v\u00f6llig intransparent.<\/p>\n<ul>\n<li><strong>Samsung (Wear OS + eigene Cloud)<\/strong>: Samsung ist eine Art Hybrid: Sie sitzen auf Android, haben aber eigene Dienste und eigene Cloudsysteme. Viele Daten landen in Samsung-Health-Diensten, in Google-Clouds und in Schnittstellen zu Drittanbietern. Ein typisches Beispiel f\u00fcr moderne Ger\u00e4tepolitik: Viele K\u00f6che r\u00fchren im gleichen Datenbrei.<\/li>\n<li><strong>Garmin (sportorientiert, aber cloudlastig)<\/strong>: Garmin funktioniert nur eingeschr\u00e4nkt ohne Cloud. Die \u201eGarmin Connect\u201c-Plattform ist zentraler Bestandteil. Daten werden dauerhaft gespeichert, analysiert und \u00fcber Jahre archiviert. Garmin ist zwar seri\u00f6s, aber die Datenhoheit liegt nicht beim Nutzer. Man kann sie nicht komplett offline betreiben.<\/li>\n<li><strong>Huawei, Xiaomi, Amazfit (die asiatische Ecke)<\/strong>: Hier wird es heikel. Nicht aus politischer Panik heraus, sondern weil die Firmen sehr wenig dokumentieren. Gemeinsam habe diese Ger\u00e4te meist, dass sie sehr g\u00fcnstig sind, extrem viele Sensoren haben und Auswertungen fast ausschlie\u00dflich in der Cloud speichern. Dazu gibt es wenig Transparenz und die Serverstandorte sind oft unklar. Wer Wert auf Datenschutz legt, greift hier in der Regel nicht hin.<\/li>\n<\/ul>\n<h2>Wearable-Kopfh\u00f6rer: die unsichtbarste Datenquelle von allen<\/h2>\n<p>Viele Menschen denken bei Kopfh\u00f6rern nicht an Sensoren. Dabei sind gerade In-Ear-Ger\u00e4te technisch hervorragend geeignet, um Biosignale zu messen:<\/p>\n<ul>\n<li>Durchblutung<\/li>\n<li>Mikrobewegungen<\/li>\n<li>Hautleitf\u00e4higkeit<\/li>\n<li>Atemmuster<\/li>\n<li>teilweise sogar Hauttemperatur<\/li>\n<\/ul>\n<p>Nicht alle Hersteller nutzen diese M\u00f6glichkeiten &#8211; aber technisch machbar ist es l\u00e4ngst. Und die Hersteller kommunizieren es ungern, weil \u201eMusikh\u00f6rer\u201c eigentlich keine \u201eBiosignaltracker\u201c erwarten. Wenn man ganz ehrlich ist: Kopfh\u00f6rer sind heute zum Teil kleine Gesundheitsmessger\u00e4te &#8211; getarnt als Lifestyle-Zubeh\u00f6r.<\/p>\n<p>Der eigentliche Unterschied: Welcher Hersteller verdient sein Geld womit? Das ist der Punkt, den man in der ganzen Diskussion niemals vergessen darf:<\/p>\n<ul>\n<li><strong>Apple<\/strong> verdient sein Geld mit Ger\u00e4ten. Daten sind f\u00fcr Apple ein Bonus &#8211; nicht das Kerngesch\u00e4ft.<\/li>\n<li><strong>Google<\/strong> verdient sein Geld mit Daten. Wearables sind f\u00fcr Google ein Bonus &#8211; nicht das Kerngesch\u00e4ft.<\/li>\n<li><strong>Samsung<\/strong> und andere sitzen irgendwo dazwischen. Ein bisschen Hardware, ein bisschen Dienste, ein bisschen Cloud.<\/li>\n<li><strong>Billighersteller<\/strong> verdienen ihr Geld mit Masse &#8211; und die Daten flie\u00dfen, wohin auch immer.<\/li>\n<\/ul>\n<p>Je st\u00e4rker ein Hersteller finanziell von Datenabh\u00e4ngigkeit lebt, desto gr\u00f6\u00dfer ist das Risiko f\u00fcr den Nutzer. Das ist eine alte Regel, die sich nie ge\u00e4ndert hat.<\/p>\n<h3>Was bleibt unterm Strich?<\/h3>\n<p>Es ist nicht die Technik, die das Risiko bringt &#8211; sondern die Struktur dahinter:<\/p>\n<ul>\n<li>Wer bezahlt was?<\/li>\n<li>Wo liegen die Server?<\/li>\n<li>Was steht in den AGBs?<\/li>\n<li>Wie oft \u00e4ndert der Hersteller seine Regeln?<\/li>\n<li>Welche Gesetze gelten morgen?<\/li>\n<\/ul>\n<p>Viele Menschen sehen nur die sch\u00f6ne Oberfl\u00e4che, die bunten Diagramme und die praktischen Funktionen. Aber die langfristige Frage lautet immer:<\/p>\n<blockquote><p>Welche Daten liegen wo &#8211; und wer k\u00f6nnte sie eines Tages haben wollen?<\/p><\/blockquote>\n<h2>\u00dcbersicht erfasster Daten und deren Verkn\u00fcpfungen<\/h2>\n<div style=\"overflow-x: auto;\">\n<table style=\"border-collapse: collapse; width: 100%; font-family: Arial, sans-serif;\">\n<thead>\n<tr style=\"background: #f2f2f2;\">\n<th style=\"border: 1px solid #ccc; padding: 8px;\">Erfasste Daten<\/th>\n<th style=\"border: 1px solid #ccc; padding: 8px;\">Sensor \/ Quelle<\/th>\n<th style=\"border: 1px solid #ccc; padding: 8px;\">Wie die Daten kombiniert werden<\/th>\n<th style=\"border: 1px solid #ccc; padding: 8px;\">M\u00f6gliche R\u00fcckschl\u00fcsse<\/th>\n<th style=\"border: 1px solid #ccc; padding: 8px;\">Langfristige Risiken<\/th>\n<\/tr>\n<\/thead>\n<tbody>\n<tr>\n<td style=\"border: 1px solid #ccc; padding: 8px;\"><strong>Herzfrequenz<\/strong><\/td>\n<td style=\"border: 1px solid #ccc; padding: 8px;\">Optischer Pulssensor (PPG)<\/td>\n<td style=\"border: 1px solid #ccc; padding: 8px;\">Kombination mit Bewegung, Atmung, HRV<\/td>\n<td style=\"border: 1px solid #ccc; padding: 8px;\">Belastung, Fitnessniveau, emotionale Reaktionen<\/td>\n<td style=\"border: 1px solid #ccc; padding: 8px;\">Risikoprofile f\u00fcr Versicherungen, Stressanf\u00e4lligkeit erkennbar<\/td>\n<\/tr>\n<tr>\n<td style=\"border: 1px solid #ccc; padding: 8px;\"><strong>Herzratenvariabilit\u00e4t (HRV)<\/strong><\/td>\n<td style=\"border: 1px solid #ccc; padding: 8px;\">PPG + Algorithmische Analyse<\/td>\n<td style=\"border: 1px solid #ccc; padding: 8px;\">Verkn\u00fcpfung mit Schlafdaten und Atemmustern<\/td>\n<td style=\"border: 1px solid #ccc; padding: 8px;\">Stresslevel, Erholung, vegetativer Zustand<\/td>\n<td style=\"border: 1px solid #ccc; padding: 8px;\">Vorhersage von Burnout, psychische Belastbarkeit sichtbar<\/td>\n<\/tr>\n<tr>\n<td style=\"border: 1px solid #ccc; padding: 8px;\"><strong>Atemfrequenz<\/strong><\/td>\n<td style=\"border: 1px solid #ccc; padding: 8px;\">Bewegungssensoren, Brust-\/K\u00f6rperbewegung<\/td>\n<td style=\"border: 1px solid #ccc; padding: 8px;\">Kombination mit HRV und Schlafphasen<\/td>\n<td style=\"border: 1px solid #ccc; padding: 8px;\">Ruhe\/Nervosit\u00e4t, emotionaler Zustand<\/td>\n<td style=\"border: 1px solid #ccc; padding: 8px;\">Fr\u00fcherkennung von Stress- oder Panikmustern<\/td>\n<\/tr>\n<tr>\n<td style=\"border: 1px solid #ccc; padding: 8px;\"><strong>Schlafmuster<\/strong><\/td>\n<td style=\"border: 1px solid #ccc; padding: 8px;\">Bewegungssensoren + Puls \u2212 Analyse-Algorithmen<\/td>\n<td style=\"border: 1px solid #ccc; padding: 8px;\">Kombination mit HRV, Atemfrequenz und Tagesprofilen<\/td>\n<td style=\"border: 1px solid #ccc; padding: 8px;\">Erholung, Schlafqualit\u00e4t, n\u00e4chtliche Stressphasen<\/td>\n<td style=\"border: 1px solid #ccc; padding: 8px;\">Ableitung von gesundheitlichen Risiken, Energieprofilen<\/td>\n<\/tr>\n<tr>\n<td style=\"border: 1px solid #ccc; padding: 8px;\"><strong>Bewegungsprofile \/ Schritte<\/strong><\/td>\n<td style=\"border: 1px solid #ccc; padding: 8px;\">Gyroskop, Accelerometer<\/td>\n<td style=\"border: 1px solid #ccc; padding: 8px;\">Verkn\u00fcpfung mit Standort, Puls und Tagesrhythmus<\/td>\n<td style=\"border: 1px solid #ccc; padding: 8px;\">Aktivit\u00e4tsverhalten, Routinen, Gesundheitsniveau<\/td>\n<td style=\"border: 1px solid #ccc; padding: 8px;\">Lebensstilprofile, m\u00f6gliche Risikobewertungen<\/td>\n<\/tr>\n<tr>\n<td style=\"border: 1px solid #ccc; padding: 8px;\"><strong>Standort und Bewegungsrouten<\/strong><\/td>\n<td style=\"border: 1px solid #ccc; padding: 8px;\">GPS, WLAN, Mobilfunk<\/td>\n<td style=\"border: 1px solid #ccc; padding: 8px;\">Abgleich mit emotionalen Reaktionen (HRV\/Stress)<\/td>\n<td style=\"border: 1px solid #ccc; padding: 8px;\">Welche Orte Stress ausl\u00f6sen, soziale Routinen<\/td>\n<td style=\"border: 1px solid #ccc; padding: 8px;\">Verhaltensprofil, Predictive Behaviour<\/td>\n<\/tr>\n<tr>\n<td style=\"border: 1px solid #ccc; padding: 8px;\"><strong>Hautleitf\u00e4higkeit<\/strong><\/td>\n<td style=\"border: 1px solid #ccc; padding: 8px;\">EDA-Sensoren (z. B. in Kopfh\u00f6rern\/Uhren)<\/td>\n<td style=\"border: 1px solid #ccc; padding: 8px;\">Kombi aus Stresswerten, Atmung, Puls<\/td>\n<td style=\"border: 1px solid #ccc; padding: 8px;\">Emotionale Erregung, Stressspitzen<\/td>\n<td style=\"border: 1px solid #ccc; padding: 8px;\">Psychologische Profile, L\u00fcgen-\/Reaktionsanalysen<\/td>\n<\/tr>\n<tr>\n<td style=\"border: 1px solid #ccc; padding: 8px;\"><strong>Durchblutung im Ohrkanal<\/strong><\/td>\n<td style=\"border: 1px solid #ccc; padding: 8px;\">In-Ear-PPG-Sensoren<\/td>\n<td style=\"border: 1px solid #ccc; padding: 8px;\">Verkn\u00fcpfung mit HRV &amp; emotionalen Reaktionen<\/td>\n<td style=\"border: 1px solid #ccc; padding: 8px;\">Genaues Stress-\/Erregungsprofil in Echtzeit<\/td>\n<td style=\"border: 1px solid #ccc; padding: 8px;\">Feinaufl\u00f6sende Emotionserkennung ohne Zustimmung<\/td>\n<\/tr>\n<tr>\n<td style=\"border: 1px solid #ccc; padding: 8px;\"><strong>K\u00f6rpertemperatur<\/strong><\/td>\n<td style=\"border: 1px solid #ccc; padding: 8px;\">Temperatursensoren in Uhren\/Ringen<\/td>\n<td style=\"border: 1px solid #ccc; padding: 8px;\">Kombination mit Schlaf, HRV, Zyklusdaten<\/td>\n<td style=\"border: 1px solid #ccc; padding: 8px;\">Gesundheitszustand, Zyklus- und Hormonlage<\/td>\n<td style=\"border: 1px solid #ccc; padding: 8px;\">Sensibles Gesundheitsprofil, reproduktive Daten<\/td>\n<\/tr>\n<tr>\n<td style=\"border: 1px solid #ccc; padding: 8px;\"><strong>Mikrobewegungen \/ Muskelspannung<\/strong><\/td>\n<td style=\"border: 1px solid #ccc; padding: 8px;\">IMU-Sensoren, EMG-\u00e4hnliche Algorithmen<\/td>\n<td style=\"border: 1px solid #ccc; padding: 8px;\">Abgleich mit HRV, Atmung und Audioereignissen<\/td>\n<td style=\"border: 1px solid #ccc; padding: 8px;\">Nervosit\u00e4t, innere Unruhe, Fokusverlust<\/td>\n<td style=\"border: 1px solid #ccc; padding: 8px;\">Analyse psychischer Belastbarkeit<\/td>\n<\/tr>\n<tr>\n<td style=\"border: 1px solid #ccc; padding: 8px;\"><strong>Alltagsroutinen &amp; Zeitmuster<\/strong><\/td>\n<td style=\"border: 1px solid #ccc; padding: 8px;\">Automatische Mustererkennung<\/td>\n<td style=\"border: 1px solid #ccc; padding: 8px;\">Verkn\u00fcpfung aller gesammelten Daten<\/td>\n<td style=\"border: 1px solid #ccc; padding: 8px;\">Tagesenergie, Produktivit\u00e4t, Gewohnheiten<\/td>\n<td style=\"border: 1px solid #ccc; padding: 8px;\">Vorhersagbarkeit menschlichen Verhaltens<\/td>\n<\/tr>\n<\/tbody>\n<\/table>\n<\/div>\n<h2>Die psychologische Unsichtbarkeit der Datenerfassung<\/h2>\n<p>Wer heute eine Smartwatch tr\u00e4gt oder sich Kopfh\u00f6rer in die Ohren steckt, glaubt meist, damit einfach nur seine Lieblingsmusik zu h\u00f6ren, seine Schritte zu z\u00e4hlen oder vielleicht den Schlaf etwas besser zu verstehen. Doch kaum jemand fragt sich ernsthaft, was diese Ger\u00e4te im Hintergrund tun &#8211; und wie viel sie \u00fcber einen selbst verraten.<\/p>\n<p>Das liegt nicht unbedingt an fehlender Intelligenz oder Naivit\u00e4t. Es liegt an etwas Tieferem: Die Art, wie diese Technik funktioniert, ist f\u00fcr den Menschen schwer greifbar. Sie ist unsichtbar, ger\u00e4uschlos, unaufdringlich &#8211; und genau darin liegt die eigentliche Gefahr. Es entsteht eine Art psychologische Blindheit, die viele in eine Datenerfassung hineinf\u00fchrt, ohne dass sie es wirklich merken.<\/p>\n<h3>Der unsichtbare Charakter der Messung: Alles l\u00e4uft automatisch<\/h3>\n<p>Fr\u00fcher musste man zum Arzt gehen, sich verkabeln lassen, still liegen, und dann wurde irgendetwas gemessen. Man wusste, dass eine Messung stattfand &#8211; und man entschied sich aktiv daf\u00fcr. Heute dagegen funktioniert alles im Vorbeigehen.<\/p>\n<ul>\n<li>Du ziehst morgens Deine <strong>Smartwatch<\/strong> an &#8211; sie beginnt zu messen.<\/li>\n<li>Du steckst Dir <strong>In-Ears<\/strong> ins Ohr &#8211; sie registrieren, ob Du unruhig bist.<\/li>\n<li>Du gehst spazieren &#8211; Dein Puls, Deine Atmung, Deine Bewegungsmuster werden analysiert.<\/li>\n<li><strong>Du wirst gemessen<\/strong> &#8211; ohne dass Du es bewusst bemerkst.<\/li>\n<\/ul>\n<p>Und weil die Technik so sanft, so lautlos, so intelligent daherkommt, denkt man: \u201eDas ist ja nur f\u00fcr mich.\u201c Aber das stimmt nicht immer. Diese Unsichtbarkeit der Erfassung ist psychologisch t\u00fcckisch. Denn was man nicht sieht, f\u00fchlt man auch nicht als Eingriff.<\/p>\n<h3>Die Begriffe verschleiern die Funktionen<\/h3>\n<p>Ein weiteres Problem ist die Sprache. In den App-Einstellungen oder in den AGBs liest man dann Dinge wie:<\/p>\n<ul>\n<li>\u201eSensorfusion aktivieren\u201c<\/li>\n<li>\u201eBiosignalunterst\u00fctzung verbessern\u201c<\/li>\n<li>\u201eadaptive Gesundheitsanalyse\u201c<\/li>\n<li>\u201enutzerzentrierte Optimierung\u201c<\/li>\n<li>\u201eMotion Coprocessing\u201c<\/li>\n<\/ul>\n<p>Klingt alles harmlos oder sogar hilfreich. In Wahrheit hei\u00dfen diese Begriffe \u00fcbersetzt:<\/p>\n<blockquote><p><em>\u201eWir messen dich m\u00f6glichst umfassend &#8211; und wir wissen, wie du innerlich reagierst.\u201c<\/em><\/p><\/blockquote>\n<p>Aber das steht da nat\u00fcrlich nicht so. Und genau das ist der Trick. Die Worte klingen technisch, modern, gut gemeint &#8211; und lassen bewusst im Dunkeln, was sie bedeuten. So entsteht keine Abwehr. Der Nutzer nickt alles ab &#8211; nicht aus Zustimmung, sondern aus fehlendem Unbehagen.<\/p>\n<h3>Das Marketing \u00fcberstrahlt das Risikobewusstsein<\/h3>\n<p>Apple, Google &amp; Co. sind wahre Meister im Marketing. Ihre Werbekampagnen zeigen gl\u00fcckliche Menschen, Gesundheit, Selbstoptimierung, Lebensfreude. Wearables sind bunt, smart, elegant &#8211; und geben einem das Gef\u00fchl, etwas Gutes f\u00fcr sich zu tun. Es gibt keine mahnenden Hinweise, keine begleitende Aufkl\u00e4rung, keine wirkliche Reflexion.<\/p>\n<p>Das Ergebnis: Der moderne Nutzer wird emotional eingekauft &#8211; und technisch \u00fcberrumpelt. Die Ger\u00e4te wirken wie Helfer &#8211; aber sie sind in Wahrheit Messstationen, die dauerhaft und zuverl\u00e4ssig K\u00f6rpersignale erfassen. Dass diese Daten eines Tages auch anders verwendet werden k\u00f6nnten &#8211; daran denkt in diesem Moment niemand.<\/p>\n<h3>Bequemlichkeit schl\u00e4gt Nachdenken<\/h3>\n<p>Ein weiterer psychologischer Faktor ist Bequemlichkeit. Einmal eingerichtet, l\u00e4uft alles von selbst. Die App zeigt sch\u00f6ne Diagramme, der Akku h\u00e4lt lange, die Uhr f\u00fchlt sich gut an &#8211; warum also noch hinterfragen?<\/p>\n<p>Doch genau diese Komfortzone ist gef\u00e4hrlich. Sie lullt ein. Sie verhindert Fragen wie:<\/p>\n<ul>\n<li>Was passiert mit meinen Daten, wenn ich das Ger\u00e4t verkaufe?<\/li>\n<li>Was speichert die Cloud wirklich?<\/li>\n<li>Welche Muster lassen sich aus meinen HRV-Daten erkennen?<\/li>\n<li>Was k\u00f6nnte ein Algorithmus aus meinen Schlafkurven \u00fcber mich lernen?<\/li>\n<\/ul>\n<p>Die Antwort ist meistens: mehr, als Du denkst.<\/p>\n<h3>Gesellschaftliche Normen machen Kritik verd\u00e4chtig<\/h3>\n<p>Noch vor ein paar Jahren war es normal, keine Smartwatch zu tragen. Heute gilt man damit schnell als \u201ealtmodisch\u201c, \u201etechnikfern\u201c oder \u201emisstrauisch\u201c.<br \/>\nWer sich bewusst gegen Wearables entscheidet, wird oft bel\u00e4chelt &#8211; manchmal sogar subtil ausgegrenzt. So entstehen soziale Normen, die Techniknutzung zur Pflicht machen &#8211; ganz ohne Zwang. Wer \u201emit der Zeit gehen will\u201c, muss sich messen lassen. Dabei w\u00e4re es kl\u00fcger, zu fragen:<\/p>\n<blockquote><p>Wer profitiert eigentlich wirklich von diesen Daten &#8211; ich, oder jemand anders?<\/p><\/blockquote>\n<h3>Traditionelle Vorsicht wird als Schw\u00e4che dargestellt<\/h3>\n<p>Fr\u00fcher war es v\u00f6llig normal, ein gesundes Misstrauen gegen\u00fcber Technik zu haben. Man wusste: Alles Neue hat zwei Seiten.<br \/>\nHeute dagegen gilt jede Skepsis schnell als \u201eVerschw\u00f6rung\u201c, \u201eParanoia\u201c oder \u201etechnikfeindlich\u201c.<\/p>\n<p>Das ist kein Zufall. Es ist das Ergebnis gezielter Kampagnen, die Unsicherheit l\u00e4cherlich machen &#8211; damit niemand zu genau hinschaut. Dabei ist genau dieses Hinterfragen notwendig. Nicht um Technik zu verteufeln, sondern um nicht blind in eine Abh\u00e4ngigkeit hineinzurutschen.<\/p>\n<p>Die Datenerfassung durch Wearables ist so geschickt konstruiert, dass sie nicht wie ein Eingriff wirkt. Sie erscheint hilfreich, freundlich, smart &#8211; fast wie ein guter Freund. Und genau deshalb ist sie so effektiv. Es gibt keinen Piepton. Kein Signal. Kein Warnhinweis. Nur Daten &#8211; viele, unauff\u00e4llige, fortlaufende Daten.<\/p>\n<p>Und irgendwann, in f\u00fcnf oder zehn Jahren, werden diese Daten zu etwas, das der Nutzer nie beabsichtigt hat: einem umfassenden, auswertbaren, verk\u00e4uflichen Profil seiner selbst. Deshalb lohnt es sich, wieder klassisch zu denken:<\/p>\n<p>Technik ist nicht neutral. Technik verfolgt Interessen. Und wenn man nicht wei\u00df, wer die Kontrolle hat, dann hat man sie selbst nicht mehr.<\/p>\n<hr \/>\n<h3>Aktuelle Umfrage zur geplanten digitalen ID<\/h3>\n<div class='bootstrap-yop yop-poll-mc'>\n\t\t\t\t\t\t\t<div class=\"basic-yop-poll-container\" style=\"background-color:#ffffff; border:0px; border-style:solid; border-color:#000000; border-radius:5px; padding:0px 5px;\" data-id=\"4\" data-temp=\"basic-pretty\" data-skin=\"square\" data-cscheme=\"blue\" data-cap=\"0\" data-access=\"guest\" data-tid=\"\" data-uid=\"ad4606ea98e872a6ba8b2aa04dd1781b\" data-pid=\"4729\" data-resdet=\"votes-number,percentages\" data-show-results-to=\"guest\" data-show-results-moment=\"after-vote\" data-show-results-only=\"false\" data-show-message=\"true\" data-show-results-as=\"bar\" data-sort-results-by=\"as-defined\" data-sort-results-rule=\"asc\"data-is-ended=\"0\" data-percentages-decimals=\"2\" data-gdpr=\"no\" data-gdpr-sol=\"consent\" data-css=\"\" data-counter=\"0\" data-load-with=\"1\" data-notification-section=\"top\"><div class=\"row\"><div class=\"col-md-12\"><div class=\"basic-inner\"><div class=\"basic-message hide\" style=\"border-left: 10px solid #008000; padding: 0px 10px;\" data-error=\"#ff0000\" data-success=\"#008000\"><p class=\"basic-message-text\" style=\"color:#000000; font-size:14px; font-weight:normal;\"><\/p><\/div><div class=\"basic-overlay hide\"><div class=\"basic-vote-options\"><\/div><div class=\"basic-preloader\"><div class=\"basic-windows8\"><div class=\"basic-wBall basic-wBall_1\"><div class=\"basic-wInnerBall\"><\/div><\/div><div class=\"basic-wBall basic-wBall_2\"><div class=\"basic-wInnerBall\"><\/div><\/div><div class=\"basic-wBall basic-wBall_3\"><div class=\"basic-wInnerBall\"><\/div><\/div><div class=\"basic-wBall basic-wBall_4\"><div class=\"basic-wInnerBall\"><\/div><\/div><div class=\"basic-wBall basic-wBall_5\"><div class=\"basic-wInnerBall\"><\/div><\/div><\/div><\/div><\/div><form class=\"basic-form\"><input type=\"hidden\" name=\"_token\" value=\"b714449cce\" autocomplete=\"off\"><div class=\"basic-elements\"><div class=\"basic-element basic-question basic-question-text-vertical\" data-id=\"4\" data-uid=\"f0aa019be69bd40d2a4d62bd77e6050d\" data-type=\"question\" data-question-type=\"text\" data-required=\"yes\" data-allow-multiple=\"no\" data-min=\"1\" data-max=\"1\" data-display=\"vertical\" data-colnum=\"\" data-display-others=\"no\" data-others-color=\"\" data-others=\"\" data-others-max-chars=\"0\"><div class=\"basic-question-title\"><h5 style=\"color:#000000; font-size:16px; font-weight:normal; text-align:left;\">W\u00fcrdest Du eine zentrale digitale Identit\u00e4t auf EU-Ebene akzeptieren?<\/h5><\/div><ul class=\"basic-answers\"><li class=\"basic-answer\" style=\"padding:0px 0px;\" data-id=\"14\" data-type=\"text\" data-vn=\"9\" data-color=\"#000000\" data-make-link=\"no\" data-link=\"\"><div class=\"basic-answer-content basic-text-vertical\"><label for=\"answer[14]\" class=\"basic-answer-label\"><input type=\"radio\" id=\"answer[14]\" name=\"answer[4]\" value=\"14\"><span class=\"basic-text\" style=\"color: #000000; font-size: 14px; font-weight: normal;\">Ja, wenn sie sicher und freiwillig ist<\/span><\/label><\/div><\/li><li class=\"basic-answer\" style=\"padding:0px 0px;\" data-id=\"15\" data-type=\"text\" data-vn=\"11\" data-color=\"#000000\" data-make-link=\"no\" data-link=\"\"><div class=\"basic-answer-content basic-text-vertical\"><label for=\"answer[15]\" class=\"basic-answer-label\"><input type=\"radio\" id=\"answer[15]\" name=\"answer[4]\" value=\"15\"><span class=\"basic-text\" style=\"color: #000000; font-size: 14px; font-weight: normal;\">Nur, wenn sie nicht mit anderen Daten verkn\u00fcpft wird<\/span><\/label><\/div><\/li><li class=\"basic-answer\" style=\"padding:0px 0px;\" data-id=\"16\" data-type=\"text\" data-vn=\"156\" data-color=\"#000000\" data-make-link=\"no\" data-link=\"\"><div class=\"basic-answer-content basic-text-vertical\"><label for=\"answer[16]\" class=\"basic-answer-label\"><input type=\"radio\" id=\"answer[16]\" name=\"answer[4]\" value=\"16\"><span class=\"basic-text\" style=\"color: #000000; font-size: 14px; font-weight: normal;\">Nein, das lehne ich grunds\u00e4tzlich ab<\/span><\/label><\/div><\/li><li class=\"basic-answer\" style=\"padding:0px 0px;\" data-id=\"59\" data-type=\"text\" data-vn=\"7\" data-color=\"#000000\" data-make-link=\"no\" data-link=\"\"><div class=\"basic-answer-content basic-text-vertical\"><label for=\"answer[59]\" class=\"basic-answer-label\"><input type=\"radio\" id=\"answer[59]\" name=\"answer[4]\" value=\"59\"><span class=\"basic-text\" style=\"color: #000000; font-size: 14px; font-weight: normal;\">Was ist eine &quot;zentrale digitale Identit\u00e4t&quot;?<\/span><\/label><\/div><\/li><\/ul><\/div><div class=\"clearfix\"><\/div><\/div><div class=\"basic-vote\"><a href=\"#\" class=\"button basic-vote-button\" role=\"button\" style=\"background:#027bb8; border:0px; border-style: solid; border-color:#000000; border-radius:5px; padding:10px 10px; color:#ffffff; font-size:14px; font-weight:normal;\">Abstimmen<\/a><\/div><\/form><\/div><\/div><\/div><\/div>\n\t\t\t\t\t\t<\/div>\n<hr \/>\n<h2>Ein Gegenentwurf: Technik nutzen, ohne sich ausliefern zu lassen<\/h2>\n<p>Nach all den kritischen Beobachtungen stellt sich nat\u00fcrlich die Frage: Was nun? M\u00fcssen wir alle unsere Smartwatches wegwerfen, nie wieder Kopfh\u00f6rer benutzen und zur\u00fcck zur Armbanduhr mit Zeigern?<\/p>\n<p>Nein. Darum geht es nicht. Technik kann n\u00fctzlich sein. Sie kann motivieren, helfen, Erinnerungen liefern, Gesundheit f\u00f6rdern &#8211; wenn sie bewusst eingesetzt wird. Das Problem ist nicht die Technik an sich, sondern der gedankenlose Dauergebrauch, der mehr Daten preisgibt, als die meisten ahnen. Und genau hier setzt ein gesunder Gegenentwurf an: Technik ja &#8211; aber nicht um jeden Preis.<\/p>\n<h3>Bewusster Umgang statt Dauertracking<\/h3>\n<p>Ich selbst besitze auch eine Apple Watch. Ich finde die Technik faszinierend, sie funktioniert erstaunlich gut, sie hat Stil &#8211; und gelegentlich ziehe ich sie auch gern an. Aber: Ich trage sie nicht st\u00e4ndig. Wenn ich zum Beispiel wissen m\u00f6chte, wie viele Schritte ich bei einer bestimmten Strecke mache, oder ob ich mich in einer bestimmten Woche genug bewegt habe &#8211; dann nutze ich sie gezielt. Danach lege ich sie wieder ab. Auch sonst aktiviere ich Tracking-Funktionen nur bewusst und gezielt &#8211; nie dauerhaft.<\/p>\n<p>Aber gleichzeitig merke ich immer wieder, dass ich &#8211; in gewisser Weise ganz traditionell &#8211; eine gewisse Vorsicht habe. Bluetooth-Kopfh\u00f6rer habe ich zum Beispiel noch nie benutzt. Ich greife, wenn \u00fcberhaupt, zu den klassischen Kabelvarianten. Nicht aus Nostalgie, sondern weil ich keine Funkstrahlung direkt am Ohr haben m\u00f6chte.<\/p>\n<p>Ich entscheide, wann ein Ger\u00e4t misst &#8211; und nicht das Ger\u00e4t. Diese Haltung ist f\u00fcr mich keine Einschr\u00e4nkung, sondern ein St\u00fcck Selbstbestimmung.<\/p>\n<h3>Kopfh\u00f6rer: Die untersch\u00e4tzte N\u00e4he zum Nervensystem<\/h3>\n<p>Besonders skeptisch bin ich gegen\u00fcber Bluetooth-In-Ears, also kabellosen Kopfh\u00f6rern, die direkt im Geh\u00f6rgang sitzen. Ich wei\u00df, viele Menschen tragen sie heute den ganzen Tag. Manche nutzen sie sogar beim Einschlafen.<\/p>\n<p>Aber ich frage mich ehrlich: Ist es wirklich gesund, ein Funkger\u00e4t im Ohr zu haben &#8211; direkt neben den feinsten Nervenzellen des K\u00f6rpers? Ich pers\u00f6nlich meide solche Ger\u00e4te komplett. Wenn ich unterwegs Musik h\u00f6ren m\u00f6chte, greife ich zu ganz klassischen Kopfh\u00f6rern mit Kabel.<\/p>\n<p>Altmodisch? Vielleicht. Aber ich habe lieber ein bisschen Kabelsalat als eine st\u00e4ndige Funkverbindung am Kopf. Und nachdem inzwischen klar ist, dass viele dieser Ger\u00e4te auch Messsensoren enthalten &#8211; teilweise sogar f\u00fcr biometrische Signale &#8211; ist mir diese Entscheidung umso lieber.<\/p>\n<h3>Datensouver\u00e4nit\u00e4t beginnt im Alltag<\/h3>\n<p>Es braucht keine gro\u00dfen Schritte, um wieder mehr Kontrolle \u00fcber die eigenen Daten zu bekommen. Schon kleine Verhaltens\u00e4nderungen machen einen Unterschied:<\/p>\n<ul>\n<li>Smartwatch nur dann tragen, wenn man sie wirklich braucht<\/li>\n<li>Standortfreigaben nur gezielt aktivieren<\/li>\n<li>Apps hinterfragen, die \u201eFitnessdaten\u201c abrufen wollen<\/li>\n<li>Bluetooth nicht permanent eingeschaltet lassen<\/li>\n<li>Ger\u00e4te regelm\u00e4\u00dfig vom Konto trennen, wenn man sie nicht nutzt<\/li>\n<li>Datenexporte regelm\u00e4\u00dfig pr\u00fcfen und ggf. l\u00f6schen<\/li>\n<\/ul>\n<p>Kurz gesagt: Nicht alles automatisch mitlaufen lassen. Gerade weil Technik so bequem ist, muss man sich daran erinnern, dass Bequemlichkeit nicht immer mit Sicherheit einhergeht.<\/p>\n<h2>Traditionelle Tugenden in der modernen Welt<\/h2>\n<p>Was fr\u00fcher selbstverst\u00e4ndlich war, gilt heute oft als \u201ezu vorsichtig\u201c. Dabei ist genau diese Vorsicht ein Zeichen von Weitblick. Fr\u00fcher hat man nicht einfach alles geglaubt, was auf der Verpackung stand. Man wusste, dass Technik Interessen folgt. Man war bereit, sich ein eigenes Urteil zu bilden. Und man hat sich nicht zum Versuchskaninchen machen lassen &#8211; nur weil etwas neu war.<\/p>\n<p>Diese Haltung ist heute wichtiger denn je. Gerade weil sich alles so schnell entwickelt, weil Funktionen und AGBs regelm\u00e4\u00dfig ge\u00e4ndert werden, weil niemand wirklich wei\u00df, wie die Systeme in zehn Jahren aussehen werden. Technik ist ein Werkzeug &#8211; aber kein unsichtbarer Begleiter, dem man blind alles \u00fcber sich erz\u00e4hlen sollte.<\/p>\n<p>Mir war es wichtig, diesen Artikel zu schreiben, weil ich in meinem Umfeld &#8211; und auch im gr\u00f6\u00dferen gesellschaftlichen Kontext &#8211; immer wieder beobachte, wie unbek\u00fcmmert viele Menschen mit Wearables und Sensorik umgehen. Oft aus Neugier, manchmal aus Gewohnheit &#8211; aber fast nie mit echtem Bewusstsein. Dabei tragen manche buchst\u00e4blich den ganzen Tag \u00fcber Ger\u00e4te am K\u00f6rper oder im Ohr, die still und leise Daten sammeln &#8211; Daten, die heute vielleicht noch harmlos wirken, aber morgen zum entscheidenden Faktor werden k\u00f6nnten: beim Tarif, bei Versicherungen, beim Arztgespr\u00e4ch, bei Algorithmen, die man selbst gar nicht mehr durchschauen kann.<\/p>\n<p>Es geht nicht darum, Angst zu machen. Es geht darum, klar zu sehen. Technik wird bleiben &#8211; aber der Umgang damit liegt bei uns. Und wer fr\u00fch damit anf\u00e4ngt, bewusste Entscheidungen zu treffen, sch\u00fctzt nicht nur seine Daten &#8211; sondern auch sein Recht auf ein selbstbestimmtes Leben. Und es geht nat\u00fcrlich auch um Datenhoheit. Denn es wird zwar viel gemessen, aber die Datenauswertung ist immer nur so gut wie die App und das, was der Hersteller zul\u00e4\u00dft.<\/p>\n<p>Wer noch weiter gehen m\u00f6chte und seinen ganzen K\u00f6rper \u00fcber lange Zeitr\u00e4ume \u00e4hnlich wie bei &#8222;Star Trek mit einem Tricorder&#8220; messen m\u00f6chte, kann das \u00fcbrigens mit einem NLS-Ger\u00e4t tun, wor\u00fcber ich vor einigen Jahren schon mal einen <a href=\"https:\/\/www.markus-schall.de\/2023\/04\/gesundheitstipps-nicht-nur-fuer-filemaker-nutzer\/\"><strong>Artikel geschrieben<\/strong><\/a> hatte. Ich mu\u00df dabei allerdings zugeben, mich bisher seit \u00fcber 5 Jahren zwar regelm\u00e4\u00dfig damit durchgemessen zu haben, aber bis auf die Daten zu sammeln noch nicht viel ausgewertet habe. Aber trotzdem habe ich einen Vorteil: Alle bisher gemessenen Daten liegen auf meiner Festplatte, und ich habe eine Chronologie \u00fcber alle Messungen auf meiner eigenen Festplatte und werden nie Zugang in ein Cloudsystem finden.<\/p>\n<h2>Wichtige Studien zu Wearables und Datenerfassung<\/h2>\n<ul>\n<li><a href=\"https:\/\/pmc.ncbi.nlm.nih.gov\/articles\/PMC11126007\/\" target=\"_blank\" rel=\"noopener\"><strong>Personalized Stress Detection Using Biosignals from Wearables<\/strong><\/a> (Bolpagni et al., 2024) \u2014 untersucht, wie Wearables Biosignale in nat\u00fcrlichen Umgebungen erfassen und mit Machine-Learning-Modellen Stresslevel erkennen.<\/li>\n<li><a href=\"https:\/\/pmc.ncbi.nlm.nih.gov\/articles\/PMC10046749\/\" target=\"_blank\" rel=\"noopener\"><strong>Mental Stress Detection Using a Wearable In\u2011Ear PPG System<\/strong><\/a> (Barki et al., 2023) \u2014 Studie zu einem Ohr-Sensor-System (In-Ear) zur Erkennung mentalen Stresses mittels PPG.<\/li>\n<li><a href=\"https:\/\/www.frontiersin.org\/journals\/computer-science\/articles\/10.3389\/fcomp.2024.1478851\/full\" target=\"_blank\" rel=\"noopener\"><strong>Detection and monitoring of stress using wearables<\/strong><\/a> (Pinge et al., 2024) \u2014 systematische Review \u00fcber Sensoren und Wearables zur Stress-Erkennung.<\/li>\n<li><a href=\"https:\/\/link.springer.com\/article\/10.1007\/s12559-023-10200-0\" target=\"_blank\" rel=\"noopener\"><strong>State\u2011of\u2011the\u2011Art of Stress Prediction from Heart Rate Variability Data<\/strong><\/a> (Haque et al., 2024) \u2014 zeigt die Relevanz von HRV-Daten zur Stressvorhersage und wie Algorithmen daf\u00fcr eingesetzt werden.<\/li>\n<li><a href=\"https:\/\/www.mdpi.com\/1424-8220\/23\/1\/332\" target=\"_blank\" rel=\"noopener\"><strong>Wearable\u2011Measured Sleep and Resting Heart Rate Variability as an Outcome\u2026<\/strong><\/a> (de Vries et al., 2023) \u2014 Studie mit Wearables, Schlafzeit und HRV als Pr\u00e4diktoren f\u00fcr subjektiv gemessenen Stress.<\/li>\n<li><a href=\"https:\/\/www.tandfonline.com\/doi\/full\/10.1080\/17434440.2021.2014321\" target=\"_blank\" rel=\"noopener\"><strong>Hearables, in\u2011ear sensing devices for bio\u2011signal acquisition<\/strong><\/a> (Ne et al., 2021) \u2014 \u00dcbersichtsarbeit \u00fcber \u201eHearables\u201c (also In-Ear-Ger\u00e4te) und deren F\u00e4higkeit zur Erfassung physiologischer Signale.<\/li>\n<\/ul>\n<hr \/>\n\n\t\t\t<div class=\"display-post-types\">\n\n\t\t\t\t\t\t\t<style type=\"text\/css\">\n\t\t\t#dpt-wrapper-46 { --dpt-text-align: left;--dpt-image-crop: center;--dpt-border-radius: 5px;--dpt-h-gutter: 10px;--dpt-v-gutter: 9px; }\t\t\t<\/style>\n\t\t\t<style type=\"text\/css\">#dpt-wrapper-46 { --dpt-title-font-style:normal;--dpt-title-font-weight:600;--dpt-title-line-height:1.5;--dpt-title-text-decoration:none;--dpt-title-text-transform:none;--dpt-excerpt-font-style:normal;--dpt-excerpt-font-weight:400;--dpt-excerpt-line-height:1.5;--dpt-excerpt-text-decoration:none;--dpt-excerpt-text-transform:none;--dpt-meta1-font-style:normal;--dpt-meta1-font-weight:400;--dpt-meta1-line-height:1.9;--dpt-meta1-text-decoration:none;--dpt-meta1-text-transform:none;--dpt-meta2-font-style:normal;--dpt-meta2-font-weight:400;--dpt-meta2-line-height:1.9;--dpt-meta2-text-decoration:none;--dpt-meta2-text-transform:none; }<\/style><div class=\" dpt-main-header\">\n\t\t\t\t\t\t<div class=\"dpt-main-title\">\n\t\t\t\t\t\t\t<span class=\"dpt-main-title-text\">Aktuelle Gesundheitsthemen<\/span>\n\t\t\t\t\t\t<\/div>\n\t\t\t\t\t\t\n\t\t\t\t\t\t\n\t\t\t\t\t\t\n\t\t\t\t\t\t<\/div>\t\t\t\n\t\t\t\t<div id=\"dpt-wrapper-46\" class=\"dpt-wrapper dpt-mag1 land1 dpt-cropped dpt-flex-wrap\" >\n\n\t\t\t\t\t\t\t\t\t\t\t<div class=\"dpt-entry has-thumbnail\" data-title=\"cmd und neue zahnkrone: wie eine minimale fehlh\u00f6he den k\u00f6rper beeinflusst\" data-id=\"5047\"  data-category=\"allgemein gesundheit\" data-post_tag=\"cmd erfahrungen gesundheit hypersensibilit\u00e4t krisen ratgeber\">\n\t\t\t\t\t\t\t<div class=\"dpt-entry-wrapper\"><div class=\" dpt-featured-content\"><div class=\" dpt-permalink\"><a href=\"https:\/\/www.markus-schall.de\/pt\/2026\/02\/cmd-und-neue-zahnkrone-wie-eine-minimale-fehlhoehe-den-koerper-beeinflusst\/\" class=\"dpt-permalink\"><span class=\"screen-reader-text\">CMD und neue Zahnkrone: Wie eine minimale Fehlh\u00f6he den K\u00f6rper beeinflusst<\/span><\/a><\/div><div class=\" dpt-thumbnail\"><div class=\"dpt-thumbnail-inner\"><img width=\"1024\" height=\"683\" class=\"attachment-full size-full\" alt=\"CMD und neue Zahnkrone\" context=\"dpt\" data-dpt-src=\"https:\/\/www.markus-schall.de\/wp-content\/uploads\/CMD-Schiene-Symptome.jpg\" data-dpt-sizes=\"(max-width: 1024px) 100vw, 1024px\" data-dpt-srcset=\"https:\/\/www.markus-schall.de\/wp-content\/uploads\/CMD-Schiene-Symptome.jpg 1024w, https:\/\/www.markus-schall.de\/wp-content\/uploads\/CMD-Schiene-Symptome-300x200.jpg 300w, https:\/\/www.markus-schall.de\/wp-content\/uploads\/CMD-Schiene-Symptome-768x512.jpg 768w, https:\/\/www.markus-schall.de\/wp-content\/uploads\/CMD-Schiene-Symptome-18x12.jpg 18w\" \/><\/div><span class=\"dpt-thumbnail-aspect-ratio\" style=\"padding-top: 75%\"><\/span><\/div><\/div><div class=\" sub-entry\"><h3 class=\" dpt-title\"><a class=\"dpt-title-link\" href=\"https:\/\/www.markus-schall.de\/pt\/2026\/02\/cmd-und-neue-zahnkrone-wie-eine-minimale-fehlhoehe-den-koerper-beeinflusst\/\" rel=\"bookmark\">CMD und neue Zahnkrone: Wie eine minimale Fehlh\u00f6he den K\u00f6rper beeinflusst<\/a><\/h3><\/div><\/div>\n\t\t\t\t\t\t<\/div><!-- .dpt-entry -->\n\t\t\t\t\t\t\t\t\t\t\t\t<div class=\"dpt-entry has-thumbnail\" data-title=\"h\u00e4morrhoiden verstehen: warum haltung und statik oft die wahren ursachen sind\" data-id=\"3575\"  data-category=\"b\u00fccher gesundheit\" data-post_tag=\"buch cmd erfahrungen gesundheit h\u00e4morrhoiden ratgeber\">\n\t\t\t\t\t\t\t<div class=\"dpt-entry-wrapper\"><div class=\" dpt-featured-content\"><div class=\" dpt-permalink\"><a href=\"https:\/\/www.markus-schall.de\/pt\/2025\/11\/haemorrhoiden-verstehen-warum-haltung-und-statik-oft-die-wahren-ursachen-sind\/\" class=\"dpt-permalink\"><span class=\"screen-reader-text\">H\u00e4morrhoiden verstehen: Warum Haltung und Statik oft die wahren Ursachen sind<\/span><\/a><\/div><div class=\" dpt-thumbnail\"><div class=\"dpt-thumbnail-inner\"><img width=\"1024\" height=\"683\" class=\"attachment-full size-full\" alt=\"H\u00e4morrhoiden und Fehlhaltungen\" context=\"dpt\" data-dpt-src=\"https:\/\/www.markus-schall.de\/wp-content\/uploads\/haemorrhoiden-fehlhaltungen.jpg\" data-dpt-sizes=\"(max-width: 1024px) 100vw, 1024px\" data-dpt-srcset=\"https:\/\/www.markus-schall.de\/wp-content\/uploads\/haemorrhoiden-fehlhaltungen.jpg 1024w, https:\/\/www.markus-schall.de\/wp-content\/uploads\/haemorrhoiden-fehlhaltungen-300x200.jpg 300w, https:\/\/www.markus-schall.de\/wp-content\/uploads\/haemorrhoiden-fehlhaltungen-768x512.jpg 768w, https:\/\/www.markus-schall.de\/wp-content\/uploads\/haemorrhoiden-fehlhaltungen-18x12.jpg 18w\" \/><\/div><span class=\"dpt-thumbnail-aspect-ratio\" style=\"padding-top: 75%\"><\/span><\/div><\/div><div class=\" sub-entry\"><h3 class=\" dpt-title\"><a class=\"dpt-title-link\" href=\"https:\/\/www.markus-schall.de\/pt\/2025\/11\/haemorrhoiden-verstehen-warum-haltung-und-statik-oft-die-wahren-ursachen-sind\/\" rel=\"bookmark\">H\u00e4morrhoiden verstehen: Warum Haltung und Statik oft die wahren Ursachen sind<\/a><\/h3><\/div><\/div>\n\t\t\t\t\t\t<\/div><!-- .dpt-entry -->\n\t\t\t\t\t\t\t\t\t\t\t\t<div class=\"dpt-entry has-thumbnail\" data-title=\"b\u00fccher mit tiefgang zu medizin, pers\u00f6nlichkeit und technik beim m. schall verlag\" data-id=\"2401\"  data-category=\"allgemein b\u00fccher gesellschaft gesundheit\" data-post_tag=\"buch cmd datenbanken krisen pers\u00f6nlichkeitsentwicklung verlag\">\n\t\t\t\t\t\t\t<div class=\"dpt-entry-wrapper\"><div class=\" dpt-featured-content\"><div class=\" dpt-permalink\"><a href=\"https:\/\/www.markus-schall.de\/pt\/2025\/07\/buecher-mit-tiefgang-zu-medizin-persoenlichkeit-und-technik-beim-m-schall-verlag\/\" class=\"dpt-permalink\"><span class=\"screen-reader-text\">B\u00fccher mit Tiefgang zu Medizin, Pers\u00f6nlichkeit und Technik beim M. Schall Verlag<\/span><\/a><\/div><div class=\" dpt-thumbnail\"><div class=\"dpt-thumbnail-inner\"><img width=\"2400\" height=\"1260\" class=\"attachment-full size-full\" alt=\"Schall Verlag - B\u00fccher mit Substanz\" context=\"dpt\" data-dpt-src=\"https:\/\/www.markus-schall.de\/wp-content\/uploads\/image-sv.jpg\" data-dpt-sizes=\"(max-width: 2400px) 100vw, 2400px\" data-dpt-srcset=\"https:\/\/www.markus-schall.de\/wp-content\/uploads\/image-sv.jpg 2400w, https:\/\/www.markus-schall.de\/wp-content\/uploads\/image-sv-300x158.jpg 300w, https:\/\/www.markus-schall.de\/wp-content\/uploads\/image-sv-1024x538.jpg 1024w, https:\/\/www.markus-schall.de\/wp-content\/uploads\/image-sv-768x403.jpg 768w, https:\/\/www.markus-schall.de\/wp-content\/uploads\/image-sv-1536x806.jpg 1536w, https:\/\/www.markus-schall.de\/wp-content\/uploads\/image-sv-2048x1075.jpg 2048w, https:\/\/www.markus-schall.de\/wp-content\/uploads\/image-sv-18x9.jpg 18w\" \/><\/div><span class=\"dpt-thumbnail-aspect-ratio\" style=\"padding-top: 75%\"><\/span><\/div><\/div><div class=\" sub-entry\"><h3 class=\" dpt-title\"><a class=\"dpt-title-link\" href=\"https:\/\/www.markus-schall.de\/pt\/2025\/07\/buecher-mit-tiefgang-zu-medizin-persoenlichkeit-und-technik-beim-m-schall-verlag\/\" rel=\"bookmark\">B\u00fccher mit Tiefgang zu Medizin, Pers\u00f6nlichkeit und Technik beim M. Schall Verlag<\/a><\/h3><\/div><\/div>\n\t\t\t\t\t\t<\/div><!-- .dpt-entry -->\n\t\t\t\t\t\t\t\t\t\t\t\t<div class=\"dpt-entry has-thumbnail\" data-title=\"cmd &#8211; das vergessene problem der modernen medizin\" data-id=\"2493\"  data-category=\"b\u00fccher gesundheit\" data-post_tag=\"buch cmd gesundheit ratgeber verlag\">\n\t\t\t\t\t\t\t<div class=\"dpt-entry-wrapper\"><div class=\" dpt-featured-content\"><div class=\" dpt-permalink\"><a href=\"https:\/\/www.markus-schall.de\/pt\/2025\/08\/cmd-das-vergessene-problem-der-modernen-medizin\/\" class=\"dpt-permalink\"><span class=\"screen-reader-text\">CMD &#8211; Das vergessene Problem der modernen Medizin<\/span><\/a><\/div><div class=\" dpt-thumbnail\"><div class=\"dpt-thumbnail-inner\"><img width=\"1280\" height=\"1812\" class=\"attachment-full size-full\" alt=\"Buch: CMD - Das vergessene Problem der modernen Medizin\" context=\"dpt\" data-dpt-src=\"https:\/\/www.markus-schall.de\/wp-content\/uploads\/Cover-Front.jpg\" data-dpt-sizes=\"(max-width: 1280px) 100vw, 1280px\" data-dpt-srcset=\"https:\/\/www.markus-schall.de\/wp-content\/uploads\/Cover-Front.jpg 1280w, https:\/\/www.markus-schall.de\/wp-content\/uploads\/Cover-Front-212x300.jpg 212w, https:\/\/www.markus-schall.de\/wp-content\/uploads\/Cover-Front-723x1024.jpg 723w, https:\/\/www.markus-schall.de\/wp-content\/uploads\/Cover-Front-768x1087.jpg 768w, https:\/\/www.markus-schall.de\/wp-content\/uploads\/Cover-Front-1085x1536.jpg 1085w, https:\/\/www.markus-schall.de\/wp-content\/uploads\/Cover-Front-8x12.jpg 8w\" \/><\/div><span class=\"dpt-thumbnail-aspect-ratio\" style=\"padding-top: 75%\"><\/span><\/div><\/div><div class=\" sub-entry\"><h3 class=\" dpt-title\"><a class=\"dpt-title-link\" href=\"https:\/\/www.markus-schall.de\/pt\/2025\/08\/cmd-das-vergessene-problem-der-modernen-medizin\/\" rel=\"bookmark\">CMD &#8211; Das vergessene Problem der modernen Medizin<\/a><\/h3><\/div><\/div>\n\t\t\t\t\t\t<\/div><!-- .dpt-entry -->\n\t\t\t\t\t\t\n\t\t\t\t<\/div>\n\t\t\t\t\t\t<\/div>\n\t\t\t\n<hr \/>\n<h2>H\u00e4ufig gestellte Fragen<\/h2>\n<ol>\n<li><strong>Was genau misst eine moderne Smartwatch eigentlich?<\/strong><br \/>\nEine Smartwatch misst weit mehr als nur die Herzfrequenz und die Schrittzahl. Sie kann Bewegungsmuster, Schlafverhalten, Atemfrequenz, Herzratenvariabilit\u00e4t (HRV), Sauerstoffs\u00e4ttigung und &#8211; je nach Modell &#8211; sogar Hauttemperatur oder Stressmuster erfassen. Viele dieser Daten werden automatisch erhoben, ohne dass der Nutzer sie bewusst startet oder sieht.<\/li>\n<li><strong>Was ist die Herzratenvariabilit\u00e4t (HRV) und warum ist sie so wichtig?<\/strong><br \/>\nDie HRV beschreibt die feinen Abst\u00e4nde zwischen den einzelnen Herzschl\u00e4gen. Eine hohe HRV gilt als Zeichen von guter Regeneration und innerer Balance, eine niedrige HRV weist auf Stress oder Ersch\u00f6pfung hin. Das macht sie zu einem sehr aussagekr\u00e4ftigen Parameter f\u00fcr das vegetative Nervensystem &#8211; und damit f\u00fcr das emotionale und k\u00f6rperliche Gleichgewicht.<\/li>\n<li><strong>K\u00f6nnen Smartwatches oder Kopfh\u00f6rer wirklich meine Stimmung erkennen?<\/strong><br \/>\nNicht direkt, aber indirekt: Wenn mehrere Biosignale gleichzeitig analysiert werden &#8211; z.\u202fB. HRV, Atemfrequenz, Bewegungsmuster und Muskelspannung &#8211; lassen sich R\u00fcckschl\u00fcsse auf emotionale Zust\u00e4nde ziehen. Systeme erkennen dann z.\u202fB. Stress, Anspannung, Ruhe oder Unruhe. Diese Daten sagen zwar nichts \u00fcber konkrete Gedanken aus, aber sehr wohl \u00fcber innere Zust\u00e4nde.<\/li>\n<li><strong>Wer bekommt all diese Daten eigentlich?<\/strong><br \/>\nDas h\u00e4ngt stark vom Hersteller ab. Bei Apple werden viele Daten lokal auf dem iPhone gespeichert, bei Google- oder Android-basierten Systemen landen die Daten oft in der Cloud. Bei vielen Drittanbietern, gerade im asiatischen Raum, ist unklar, wohin die Daten flie\u00dfen. Je nach App und Ger\u00e4t k\u00f6nnen auch Drittanbieter Zugriff erhalten &#8211; oft durch Einwilligung in AGB, die kaum jemand liest.<\/li>\n<li><strong>Was ist das Problem an dieser dauerhaften Datenerfassung?<\/strong><br \/>\nDas Hauptproblem ist die Langzeitwirkung: \u00dcber Monate und Jahre entsteht ein immer detaillierteres Profil des Nutzers &#8211; mit Gewohnheiten, Stressmustern, Reaktionsweisen und potenziellen Schw\u00e4chen. Diese Daten k\u00f6nnten k\u00fcnftig von Versicherungen, Arbeitgebern oder Plattformen genutzt werden, um Preise, Angebote oder Entscheidungen zu steuern &#8211; auch ohne bewusste Zustimmung des Nutzers.<\/li>\n<li><strong>Wie kann ich verhindern, dass meine Wearables zu viele Daten erfassen?<\/strong><br \/>\nAm einfachsten: Ger\u00e4t nur gezielt tragen. Bluetooth, Ortungsdienste und Hintergrundaktualisierung deaktivieren, wenn sie nicht gebraucht werden. Apps genau pr\u00fcfen und nur notwendige Berechtigungen vergeben. In den Einstellungen vieler Ger\u00e4te lassen sich bestimmte Sensoren abschalten oder der Zugriff auf bestimmte Daten einschr\u00e4nken.<\/li>\n<li><strong>Sind Kopfh\u00f6rer wirklich in der Lage, Biosignale zu messen?<\/strong><br \/>\nJa, moderne In-Ear-Kopfh\u00f6rer k\u00f6nnen z.\u202fB. die Durchblutung im Geh\u00f6rgang oder die Hautleitf\u00e4higkeit messen. Manche Modelle nutzen auch kleine Bewegungs- oder Spannungssensoren, um Atemmuster oder Mikroreaktionen zu erfassen. Diese Funktionen werden oft nicht offen kommuniziert, sind technisch aber l\u00e4ngst realisiert &#8211; vor allem bei gro\u00dfen Herstellern wie Apple, Samsung oder Bose.<\/li>\n<li><strong>Was unterscheidet Apple in diesem Bereich von anderen Herstellern?<\/strong><br \/>\nApple setzt auf lokale Speicherung, Ende-zu-Ende-Verschl\u00fcsselung und eine grunds\u00e4tzlich datenschutzfreundlichere Strategie. Die meisten Gesundheitsdaten bleiben auf dem Ger\u00e4t, solange man die iCloud nicht aktiv einschaltet. Allerdings kann auch Apple seine Strategie \u00e4ndern &#8211; und Beh\u00f6rdenzugriff ist nie vollst\u00e4ndig ausgeschlossen.<\/li>\n<li><strong>Wie ist es bei Google oder Android-Ger\u00e4ten?<\/strong><br \/>\nGoogle sammelt deutlich mehr Daten und verarbeitet sie h\u00e4ufig cloudbasiert. Auch Ger\u00e4te wie Fitbit (geh\u00f6rt zu Google) senden Daten in zentrale Systeme. Zwar gibt es auch hier Datenschutzeinstellungen, doch viele sind standardm\u00e4\u00dfig aktiviert &#8211; und schwer durchschaubar. Zudem ist Googles Gesch\u00e4ftsmodell stark datengetrieben, was das Risiko von Datenweiterverwendung erh\u00f6ht.<\/li>\n<li><strong>Was ist mit anderen Herstellern wie Garmin, Samsung oder Xiaomi?<\/strong><br \/>\nGarmin speichert viele Daten in der Cloud, hat aber einen sportfokussierten Ansatz. Samsung kombiniert eigene Dienste mit Google-Systemen &#8211; was zu einer Mischung aus lokal und Cloud f\u00fchrt. Bei asiatischen Herstellern wie Xiaomi oder Huawei ist die Transparenz gering. Hier landen viele Daten auf Servern au\u00dferhalb Europas &#8211; oft ohne klare Nutzerkontrolle.<\/li>\n<li><strong>Ist es \u00fcbertrieben, bei Wearables von \u00dcberwachung zu sprechen?<\/strong><br \/>\nNicht unbedingt. Es handelt sich um eine Art Selbst\u00fcberwachung, die freiwillig erfolgt &#8211; aber durch die Technikstruktur auch sehr leicht in Fremd\u00fcberwachung umschlagen kann. Je mehr Daten gesammelt werden, desto gr\u00f6\u00dfer ist das Interesse Dritter daran, diese Daten zu nutzen. Ob nun f\u00fcr Werbung, Risikobewertung oder Verhaltenserkennung: Die Grenze ist flie\u00dfend.<\/li>\n<li><strong>Gibt es gesundheitliche Risiken durch Bluetooth-Kopfh\u00f6rer?<\/strong><br \/>\nDie Forschung ist hier nicht eindeutig. Viele Nutzer berichten von Kribbeln, Druckgef\u00fchl oder \u00dcberempfindlichkeit bei langem Tragen. Auch wenn die Funkstrahlung unterhalb gesetzlicher Grenzwerte liegt, kann die dauerhafte N\u00e4he zu sensiblen Nervenregionen wie dem Innenohr f\u00fcr empfindliche Menschen unangenehm oder belastend sein. Es ist also nicht paranoid, wenn man vorsichtig bleibt.<\/li>\n<li><strong>Warum merken so wenige Menschen, was ihre Ger\u00e4te alles machen?<\/strong><br \/>\nWeil es leise, automatisch und im Hintergrund geschieht. Die Begriffe in den Einstellungen klingen harmlos (\u201eSensorfusion\u201c, \u201eOptimierung\u201c, \u201eFitnessdaten\u201c) &#8211; und die Marketingbilder zeigen gesunde, fr\u00f6hliche Menschen. So entsteht kein Unbehagen. Und was nicht als Gefahr wahrgenommen wird, wird auch nicht hinterfragt.<\/li>\n<li><strong>Wie lassen sich langfristig Pers\u00f6nlichkeitsmuster aus den Daten erkennen?<\/strong><br \/>\nDurch die Kombination von Biosignalen \u00fcber Wochen und Monate erkennt die Software feste Reaktionsmuster: wann jemand Stress empfindet, wie er mit Belastung umgeht, wann er ruhig ist, wann er aufbl\u00fcht. Diese Muster sind individuell und sehr aussagekr\u00e4ftig &#8211; und k\u00f6nnten sp\u00e4ter f\u00fcr Entscheidungen im Versicherungs-, Finanz- oder Arbeitsbereich relevant werden.<\/li>\n<li><strong>Was kann ich tun, wenn ich schon viele Daten preisgegeben habe?<\/strong><br \/>\nZun\u00e4chst: bewusst werden. Dann pr\u00fcfen, welche Apps Zugriff haben und ggf. l\u00f6schen. Die Daten bei den jeweiligen Plattformen (z.\u202fB. Google Fit, Garmin Connect) exportieren und die Synchronisierung beenden. In manchen F\u00e4llen kann man auch die L\u00f6schung der Cloud-Daten beantragen. Und ganz allgemein: Ab jetzt selektiver mit Tracking umgehen.<\/li>\n<li><strong>Ist es realistisch, komplett ohne Wearables zu leben?<\/strong><br \/>\nNat\u00fcrlich. Menschen haben jahrhundertelang ohne digitale Schrittz\u00e4hler und Schlafsensoren \u00fcberlebt &#8211; und viele tun es heute noch. Es geht nicht um Verzicht, sondern um bewusste Entscheidung. Wer Technik nutzen will, kann das tun &#8211; aber eben gezielt, nicht rund um die Uhr und nicht ohne zu wissen, was dahintersteckt.<\/li>\n<li><strong>Gibt es auch Ger\u00e4te oder Apps, die besonders datenschutzfreundlich sind?<\/strong><br \/>\nJa, es gibt mittlerweile Open-Source-Projekte, alternative Fitness-Tracker ohne Cloudbindung und Apps, die vollst\u00e4ndig offline arbeiten. Sie sind oft weniger bequem, aber deutlich transparenter. Wer Wert auf Datensouver\u00e4nit\u00e4t legt, kann sich gezielt nach solchen Alternativen umsehen &#8211; sie sind rar, aber es gibt sie.<\/li>\n<li><strong>Was war das Hauptanliegen des Artikels?<\/strong><br \/>\nDem Autor &#8211; in diesem Fall mir &#8211; war es wichtig, aufzukl\u00e4ren. Ich nutze selbst eine Apple Watch, finde die Technik spannend, sehe aber auch die Risiken. Deshalb wollte ich diesen Artikel schreiben: Weil ich sehe, dass viele Menschen v\u00f6llig unbek\u00fcmmert mit Ger\u00e4ten umgehen, die still und leise intime Daten sammeln. Nicht aus Panik, sondern aus Verantwortung heraus. Es geht darum, den Blick zu sch\u00e4rfen &#8211; f\u00fcr das, was heute unsichtbar ist, aber morgen gro\u00dfe Bedeutung haben kann.<\/li>\n<\/ol>\n<hr \/>\n\n\t\t\t<div class=\"display-post-types\">\n\n\t\t\t\t\t\t\t<style type=\"text\/css\">\n\t\t\t#dpt-wrapper-47 { --dpt-text-align: left;--dpt-image-crop: center;--dpt-border-radius: 5px;--dpt-h-gutter: 10px;--dpt-v-gutter: 9px; }\t\t\t<\/style>\n\t\t\t<style type=\"text\/css\">#dpt-wrapper-47 { --dpt-title-font-style:normal;--dpt-title-font-weight:600;--dpt-title-line-height:1.5;--dpt-title-text-decoration:none;--dpt-title-text-transform:none;--dpt-excerpt-font-style:normal;--dpt-excerpt-font-weight:400;--dpt-excerpt-line-height:1.5;--dpt-excerpt-text-decoration:none;--dpt-excerpt-text-transform:none;--dpt-meta1-font-style:normal;--dpt-meta1-font-weight:400;--dpt-meta1-line-height:1.9;--dpt-meta1-text-decoration:none;--dpt-meta1-text-transform:none;--dpt-meta2-font-style:normal;--dpt-meta2-font-weight:400;--dpt-meta2-line-height:1.9;--dpt-meta2-text-decoration:none;--dpt-meta2-text-transform:none; }<\/style><div class=\" dpt-main-header\">\n\t\t\t\t\t\t<div class=\"dpt-main-title\">\n\t\t\t\t\t\t\t<span class=\"dpt-main-title-text\">Aktuelle Beitr\u00e4ge zu Kunst &amp; Kultur<\/span>\n\t\t\t\t\t\t<\/div>\n\t\t\t\t\t\t\n\t\t\t\t\t\t\n\t\t\t\t\t\t\n\t\t\t\t\t\t<\/div>\t\t\t\n\t\t\t\t<div id=\"dpt-wrapper-47\" class=\"dpt-wrapper dpt-mag1 land1 dpt-cropped dpt-flex-wrap\" >\n\n\t\t\t\t\t\t\t\t\t\t\t<div class=\"dpt-entry has-thumbnail\" data-title=\"helge schneider: haltung, humor und die freiheit, sich nicht erkl\u00e4ren zu m\u00fcssen\" data-id=\"4756\"  data-category=\"allgemein gesellschaft kunst &amp; kultur\" data-post_tag=\"deutschland erfahrungen meinungsfreiheit musik portrait\">\n\t\t\t\t\t\t\t<div class=\"dpt-entry-wrapper\"><div class=\" dpt-featured-content\"><div class=\" dpt-permalink\"><a href=\"https:\/\/www.markus-schall.de\/pt\/2026\/02\/helge-schneider-haltung-humor-und-die-freiheit-sich-nicht-erklaeren-zu-muessen\/\" class=\"dpt-permalink\"><span class=\"screen-reader-text\">Helge Schneider: Haltung, Humor und die Freiheit, sich nicht erkl\u00e4ren zu m\u00fcssen<\/span><\/a><\/div><div class=\" dpt-thumbnail\"><div class=\"dpt-thumbnail-inner\"><img width=\"1024\" height=\"683\" class=\"attachment-full size-full\" alt=\"Helge Schneider Portrait\" context=\"dpt\" data-dpt-src=\"https:\/\/www.markus-schall.de\/wp-content\/uploads\/Helge-Schneider.jpg\" data-dpt-sizes=\"(max-width: 1024px) 100vw, 1024px\" data-dpt-srcset=\"https:\/\/www.markus-schall.de\/wp-content\/uploads\/Helge-Schneider.jpg 1024w, https:\/\/www.markus-schall.de\/wp-content\/uploads\/Helge-Schneider-300x200.jpg 300w, https:\/\/www.markus-schall.de\/wp-content\/uploads\/Helge-Schneider-768x512.jpg 768w, https:\/\/www.markus-schall.de\/wp-content\/uploads\/Helge-Schneider-18x12.jpg 18w\" \/><\/div><span class=\"dpt-thumbnail-aspect-ratio\" style=\"padding-top: 75%\"><\/span><\/div><\/div><div class=\" sub-entry\"><h3 class=\" dpt-title\"><a class=\"dpt-title-link\" href=\"https:\/\/www.markus-schall.de\/pt\/2026\/02\/helge-schneider-haltung-humor-und-die-freiheit-sich-nicht-erklaeren-zu-muessen\/\" rel=\"bookmark\">Helge Schneider: Haltung, Humor und die Freiheit, sich nicht erkl\u00e4ren zu m\u00fcssen<\/a><\/h3><\/div><\/div>\n\t\t\t\t\t\t<\/div><!-- .dpt-entry -->\n\t\t\t\t\t\t\t\t\t\t\t\t<div class=\"dpt-entry has-thumbnail\" data-title=\"vicco von b\u00fclow alias loriot &#8211; ordnung, form und der leise widerstand des humors\" data-id=\"4169\"  data-category=\"allgemein gesellschaft kunst &amp; kultur stories &amp; humor\" data-post_tag=\"deutschland erfahrungen pers\u00f6nlichkeitsentwicklung portrait\">\n\t\t\t\t\t\t\t<div class=\"dpt-entry-wrapper\"><div class=\" dpt-featured-content\"><div class=\" dpt-permalink\"><a href=\"https:\/\/www.markus-schall.de\/pt\/2025\/12\/vicco-von-buelow-alias-loriot-ordnung-form-und-der-leise-widerstand-des-humors\/\" class=\"dpt-permalink\"><span class=\"screen-reader-text\">Vicco von B\u00fclow alias Loriot &#8211; Ordnung, Form und der leise Widerstand des Humors<\/span><\/a><\/div><div class=\" dpt-thumbnail\"><div class=\"dpt-thumbnail-inner\"><img width=\"1024\" height=\"747\" class=\"attachment-full size-full\" alt=\"\" context=\"dpt\" data-dpt-src=\"https:\/\/www.markus-schall.de\/wp-content\/uploads\/Loriot-Titel.jpg\" data-dpt-sizes=\"(max-width: 1024px) 100vw, 1024px\" data-dpt-srcset=\"https:\/\/www.markus-schall.de\/wp-content\/uploads\/Loriot-Titel.jpg 1024w, https:\/\/www.markus-schall.de\/wp-content\/uploads\/Loriot-Titel-300x219.jpg 300w, https:\/\/www.markus-schall.de\/wp-content\/uploads\/Loriot-Titel-768x560.jpg 768w, https:\/\/www.markus-schall.de\/wp-content\/uploads\/Loriot-Titel-16x12.jpg 16w\" \/><\/div><span class=\"dpt-thumbnail-aspect-ratio\" style=\"padding-top: 75%\"><\/span><\/div><\/div><div class=\" sub-entry\"><h3 class=\" dpt-title\"><a class=\"dpt-title-link\" href=\"https:\/\/www.markus-schall.de\/pt\/2025\/12\/vicco-von-buelow-alias-loriot-ordnung-form-und-der-leise-widerstand-des-humors\/\" rel=\"bookmark\">Vicco von B\u00fclow alias Loriot &#8211; Ordnung, Form und der leise Widerstand des Humors<\/a><\/h3><\/div><\/div>\n\t\t\t\t\t\t<\/div><!-- .dpt-entry -->\n\t\t\t\t\t\t\t\t\t\t\t\t<div class=\"dpt-entry has-thumbnail\" data-title=\"iran verstehen: alltag, proteste und interessen jenseits der schlagzeilen\" data-id=\"4462\"  data-category=\"allgemein gesellschaft kunst &amp; kultur\" data-post_tag=\"erfahrungen europa geopolitik krisen meinungsfreiheit sicherheitspolitik spieltheorie\">\n\t\t\t\t\t\t\t<div class=\"dpt-entry-wrapper\"><div class=\" dpt-featured-content\"><div class=\" dpt-permalink\"><a href=\"https:\/\/www.markus-schall.de\/pt\/2026\/01\/iran-verstehen-alltag-proteste-und-interessen-jenseits-der-schlagzeilen\/\" class=\"dpt-permalink\"><span class=\"screen-reader-text\">Iran verstehen: Alltag, Proteste und Interessen jenseits der Schlagzeilen<\/span><\/a><\/div><div class=\" dpt-thumbnail\"><div class=\"dpt-thumbnail-inner\"><img width=\"1024\" height=\"683\" class=\"attachment-full size-full\" alt=\"Iran verstehen\" context=\"dpt\" data-dpt-src=\"https:\/\/www.markus-schall.de\/wp-content\/uploads\/Iran-Titel.jpg\" data-dpt-sizes=\"(max-width: 1024px) 100vw, 1024px\" data-dpt-srcset=\"https:\/\/www.markus-schall.de\/wp-content\/uploads\/Iran-Titel.jpg 1024w, https:\/\/www.markus-schall.de\/wp-content\/uploads\/Iran-Titel-300x200.jpg 300w, https:\/\/www.markus-schall.de\/wp-content\/uploads\/Iran-Titel-768x512.jpg 768w, https:\/\/www.markus-schall.de\/wp-content\/uploads\/Iran-Titel-18x12.jpg 18w\" \/><\/div><span class=\"dpt-thumbnail-aspect-ratio\" style=\"padding-top: 75%\"><\/span><\/div><\/div><div class=\" sub-entry\"><h3 class=\" dpt-title\"><a class=\"dpt-title-link\" href=\"https:\/\/www.markus-schall.de\/pt\/2026\/01\/iran-verstehen-alltag-proteste-und-interessen-jenseits-der-schlagzeilen\/\" rel=\"bookmark\">Iran verstehen: Alltag, Proteste und Interessen jenseits der Schlagzeilen<\/a><\/h3><\/div><\/div>\n\t\t\t\t\t\t<\/div><!-- .dpt-entry -->\n\t\t\t\t\t\t\t\t\t\t\t\t<div class=\"dpt-entry has-thumbnail\" data-title=\"mehr als punk: nina hagen, cosma shiva und die kunst, sich nicht vereinnahmen zu lassen\" data-id=\"4521\"  data-category=\"allgemein gesellschaft kunst &amp; kultur\" data-post_tag=\"auswandern deutschland erfahrungen europa krisen meinungsfreiheit musik portrait\">\n\t\t\t\t\t\t\t<div class=\"dpt-entry-wrapper\"><div class=\" dpt-featured-content\"><div class=\" dpt-permalink\"><a href=\"https:\/\/www.markus-schall.de\/pt\/2026\/01\/mehr-als-punk-nina-hagen-cosma-shiva-und-die-kunst-sich-nicht-vereinnahmen-zu-lassen\/\" class=\"dpt-permalink\"><span class=\"screen-reader-text\">Mehr als Punk: Nina Hagen, Cosma Shiva und die Kunst, sich nicht vereinnahmen zu lassen<\/span><\/a><\/div><div class=\" dpt-thumbnail\"><div class=\"dpt-thumbnail-inner\"><img width=\"1024\" height=\"683\" class=\"attachment-full size-full\" alt=\"Nina und Cosma Shiva Hagen im Portrait\" context=\"dpt\" data-dpt-src=\"https:\/\/www.markus-schall.de\/wp-content\/uploads\/Nina-Cosma-Shiva-Hagen-Titel.jpg\" data-dpt-sizes=\"(max-width: 1024px) 100vw, 1024px\" data-dpt-srcset=\"https:\/\/www.markus-schall.de\/wp-content\/uploads\/Nina-Cosma-Shiva-Hagen-Titel.jpg 1024w, https:\/\/www.markus-schall.de\/wp-content\/uploads\/Nina-Cosma-Shiva-Hagen-Titel-300x200.jpg 300w, https:\/\/www.markus-schall.de\/wp-content\/uploads\/Nina-Cosma-Shiva-Hagen-Titel-768x512.jpg 768w, https:\/\/www.markus-schall.de\/wp-content\/uploads\/Nina-Cosma-Shiva-Hagen-Titel-18x12.jpg 18w\" \/><\/div><span class=\"dpt-thumbnail-aspect-ratio\" style=\"padding-top: 75%\"><\/span><\/div><\/div><div class=\" sub-entry\"><h3 class=\" dpt-title\"><a class=\"dpt-title-link\" href=\"https:\/\/www.markus-schall.de\/pt\/2026\/01\/mehr-als-punk-nina-hagen-cosma-shiva-und-die-kunst-sich-nicht-vereinnahmen-zu-lassen\/\" rel=\"bookmark\">Mehr als Punk: Nina Hagen, Cosma Shiva und die Kunst, sich nicht vereinnahmen zu lassen<\/a><\/h3><\/div><\/div>\n\t\t\t\t\t\t<\/div><!-- .dpt-entry -->\n\t\t\t\t\t\t\n\t\t\t\t<\/div>\n\t\t\t\t\t\t<\/div>\n\t\t\t\n<hr \/>\n","protected":false},"excerpt":{"rendered":"<p>Os wearables fazem agora parte da vida quotidiana. Atualmente, muitas pessoas usam um smartwatch como algo natural, contam os seus passos, monitorizam a qualidade do seu sono ou definem lembretes para fazer pausas durante o dia. E eu admito-o com prazer: Eu pr\u00f3prio tamb\u00e9m tenho um rel\u00f3gio Apple e acho esta tecnologia absolutamente fascinante \u00e0 sua maneira. \u00c9 capaz de fazer coisas que h\u00e1 uns anos atr\u00e1s ... <a title=\"Mais do que punk: Nina Hagen, Cosma Shiva e a arte de n\u00e3o se deixar enganar\" class=\"read-more\" href=\"https:\/\/www.markus-schall.de\/pt\/2026\/01\/mehr-als-punk-nina-hagen-cosma-shiva-und-die-kunst-sich-nicht-vereinnahmen-zu-lassen\/\" aria-label=\"Leia mais sobre More than punk: Nina Hagen, Cosma Shiva e a arte de n\u00e3o se deixar levar\">Ler mais<\/a><\/p>","protected":false},"author":1,"featured_media":3564,"comment_status":"open","ping_status":"open","sticky":false,"template":"","format":"standard","meta":{"iawp_total_views":417,"footnotes":""},"categories":[1,40,466,456,147],"tags":[10,469,447,448],"class_list":["post-3560","post","type-post","status-publish","format-standard","has-post-thumbnail","hentry","category-allgemein","category-apple-iphone-ipad","category-gesellschaft","category-gesundheit","category-hardware","tag-apple","tag-datenschutz","tag-gesundheit","tag-ratgeber"],"_links":{"self":[{"href":"https:\/\/www.markus-schall.de\/pt\/wp-json\/wp\/v2\/posts\/3560","targetHints":{"allow":["GET"]}}],"collection":[{"href":"https:\/\/www.markus-schall.de\/pt\/wp-json\/wp\/v2\/posts"}],"about":[{"href":"https:\/\/www.markus-schall.de\/pt\/wp-json\/wp\/v2\/types\/post"}],"author":[{"embeddable":true,"href":"https:\/\/www.markus-schall.de\/pt\/wp-json\/wp\/v2\/users\/1"}],"replies":[{"embeddable":true,"href":"https:\/\/www.markus-schall.de\/pt\/wp-json\/wp\/v2\/comments?post=3560"}],"version-history":[{"count":18,"href":"https:\/\/www.markus-schall.de\/pt\/wp-json\/wp\/v2\/posts\/3560\/revisions"}],"predecessor-version":[{"id":3895,"href":"https:\/\/www.markus-schall.de\/pt\/wp-json\/wp\/v2\/posts\/3560\/revisions\/3895"}],"wp:featuredmedia":[{"embeddable":true,"href":"https:\/\/www.markus-schall.de\/pt\/wp-json\/wp\/v2\/media\/3564"}],"wp:attachment":[{"href":"https:\/\/www.markus-schall.de\/pt\/wp-json\/wp\/v2\/media?parent=3560"}],"wp:term":[{"taxonomy":"category","embeddable":true,"href":"https:\/\/www.markus-schall.de\/pt\/wp-json\/wp\/v2\/categories?post=3560"},{"taxonomy":"post_tag","embeddable":true,"href":"https:\/\/www.markus-schall.de\/pt\/wp-json\/wp\/v2\/tags?post=3560"}],"curies":[{"name":"wp","href":"https:\/\/api.w.org\/{rel}","templated":true}]}}