{"id":3624,"date":"2025-11-24T08:13:51","date_gmt":"2025-11-24T08:13:51","guid":{"rendered":"https:\/\/www.markus-schall.de\/?p=3624"},"modified":"2025-11-29T07:40:37","modified_gmt":"2025-11-29T07:40:37","slug":"imortalidade-atraves-da-tecnologia-ate-que-ponto-a-investigacao-e-o-ki-estao-realmente","status":"publish","type":"post","link":"https:\/\/www.markus-schall.de\/pt\/2025\/11\/imortalidade-atraves-da-tecnologia-ate-que-ponto-a-investigacao-e-o-ki-estao-realmente\/","title":{"rendered":"Imortalidade atrav\u00e9s da tecnologia: at\u00e9 onde chegou a investiga\u00e7\u00e3o e a IA"},"content":{"rendered":"<p>Desde que o ser humano existe, tem havido um desejo de prolongar a vida - ou, de prefer\u00eancia, de a prolongar indefinidamente. No passado, eram os mitos, as religi\u00f5es, os alquimistas ou os rituais misteriosos que davam esperan\u00e7a \u00e0s pessoas. Atualmente, j\u00e1 n\u00e3o s\u00e3o os magos que se sentam em cima de pergaminhos antigos, mas algumas das pessoas mais ricas do mundo que se sentam em cima de tecnologia de ponta no dom\u00ednio da biologia e da IA. \u00c0 primeira vista, parece fic\u00e7\u00e3o cient\u00edfica: ser\u00e1 poss\u00edvel parar de envelhecer? \u00c9 poss\u00edvel \u201epreservar-se\u201c digitalmente? \u00c9 poss\u00edvel transferir os nossos pensamentos para uma m\u00e1quina?<\/p>\n<p>Mas h\u00e1 muito que o tema deixou a torre de marfim. Os grandes bilion\u00e1rios da tecnologia est\u00e3o agora a investir milhares de milh\u00f5es em projectos que investigam seriamente precisamente estas quest\u00f5es. N\u00e3o porque queiram tornar-se deuses imortais - mas porque podem dar-se ao luxo de investigar os limites do que \u00e9 poss\u00edvel. Este artigo explica de forma muito simples o que est\u00e1 por detr\u00e1s desta ideia, quais os desenvolvimentos t\u00e9cnicos que j\u00e1 existem atualmente, onde est\u00e3o os limites - e porque \u00e9 que este t\u00f3pico se vai tornar cada vez mais importante nos pr\u00f3ximos 20 anos.<!--more--><\/p>\n<hr \/>\n\n\t\t\t<div class=\"display-post-types\">\n\n\t\t\t\t\t\t\t<style type=\"text\/css\">\n\t\t\t#dpt-wrapper-959 { --dpt-text-align: left;--dpt-image-crop: center;--dpt-border-radius: 5px;--dpt-h-gutter: 10px;--dpt-v-gutter: 9px; }\t\t\t<\/style>\n\t\t\t<style type=\"text\/css\">#dpt-wrapper-959 { --dpt-title-font-style:normal;--dpt-title-font-weight:600;--dpt-title-line-height:1.5;--dpt-title-text-decoration:none;--dpt-title-text-transform:none;--dpt-excerpt-font-style:normal;--dpt-excerpt-font-weight:400;--dpt-excerpt-line-height:1.5;--dpt-excerpt-text-decoration:none;--dpt-excerpt-text-transform:none;--dpt-meta1-font-style:normal;--dpt-meta1-font-weight:400;--dpt-meta1-line-height:1.9;--dpt-meta1-text-decoration:none;--dpt-meta1-text-transform:none;--dpt-meta2-font-style:normal;--dpt-meta2-font-weight:400;--dpt-meta2-line-height:1.9;--dpt-meta2-text-decoration:none;--dpt-meta2-text-transform:none; }<\/style><div class=\"dpt-main-header\">\n\t\t\t\t\t\t<div class=\"dpt-main-title\">\n\t\t\t\t\t\t\t<span class=\"dpt-main-title-text\">Quest\u00f5es sociais da atualidade<\/span>\n\t\t\t\t\t\t<\/div>\n\t\t\t\t\t\t\n\t\t\t\t\t\t\n\t\t\t\t\t\t\n\t\t\t\t\t\t<\/div>\t\t\t\n\t\t\t\t<div id=\"dpt-wrapper-959\" class=\"dpt-wrapper dpt-mag1 land1 dpt-cropped dpt-flex-wrap\" >\n\n\t\t\t\t\t\t\t\t\t\t\t<div class=\"dpt-entry has-thumbnail\" data-title=\"der iran\u2013israel-konflikt: warum diese eskalation der strategische albtraum des westens ist\" data-id=\"5212\"  data-category=\"allgemein gesellschaft\" data-post_tag=\"denkmodelle energiepolitik europa geopolitik krisen k\u00fcnstliche intelligenz meinungsfreiheit sicherheitspolitik spieltheorie\">\n\t\t\t\t\t\t\t<div class=\"dpt-entry-wrapper\"><div class=\"dpt-featured-content\"><div class=\"dpt-permalink\"><a href=\"https:\/\/www.markus-schall.de\/pt\/2026\/03\/o-conflito-israelo-iraniano-porque-e-que-esta-escalada-e-o-pesadelo-estrategico-do-ocidente\/\" class=\"dpt-permalink\"><span class=\"screen-reader-text\">O conflito Ir\u00e3o-Israel: porque \u00e9 que esta escalada \u00e9 o pesadelo estrat\u00e9gico do Ocidente<\/span><\/a><\/div><div class=\"dpt-thumbnail\"><div class=\"dpt-thumbnail-inner\"><img width=\"1024\" height=\"683\" class=\"attachment-full size-full\" alt=\"Israel-Ir\u00e3o - Pesadelo estrat\u00e9gico\" context=\"dpt\" data-dpt-src=\"https:\/\/www.markus-schall.de\/wp-content\/uploads\/Israel-Iran-Strategischer-Albtraum.jpg\" data-dpt-sizes=\"(max-width: 1024px) 100vw, 1024px\" data-dpt-srcset=\"https:\/\/www.markus-schall.de\/wp-content\/uploads\/Israel-Iran-Strategischer-Albtraum.jpg 1024w, https:\/\/www.markus-schall.de\/wp-content\/uploads\/Israel-Iran-Strategischer-Albtraum-300x200.jpg 300w, https:\/\/www.markus-schall.de\/wp-content\/uploads\/Israel-Iran-Strategischer-Albtraum-768x512.jpg 768w, https:\/\/www.markus-schall.de\/wp-content\/uploads\/Israel-Iran-Strategischer-Albtraum-18x12.jpg 18w\" \/><\/div><span class=\"dpt-thumbnail-aspect-ratio\" style=\"padding-top: 75%\"><\/span><\/div><\/div><div class=\"sub-entry\"><h3 class=\"dpt-title\"><a class=\"dpt-title-link\" href=\"https:\/\/www.markus-schall.de\/pt\/2026\/03\/o-conflito-israelo-iraniano-porque-e-que-esta-escalada-e-o-pesadelo-estrategico-do-ocidente\/\" rel=\"bookmark\">O conflito Ir\u00e3o-Israel: porque \u00e9 que esta escalada \u00e9 o pesadelo estrat\u00e9gico do Ocidente<\/a><\/h3><\/div><\/div>\n\t\t\t\t\t\t<\/div><!-- .dpt-entry -->\n\t\t\t\t\t\t\t\t\t\t\t\t<div class=\"dpt-entry has-thumbnail\" data-title=\"b\u00fccher mit tiefgang zu medizin, pers\u00f6nlichkeit und technik beim m. schall verlag\" data-id=\"2401\"  data-category=\"allgemein b\u00fccher gesellschaft gesundheit\" data-post_tag=\"buch cmd datenbanken krisen pers\u00f6nlichkeitsentwicklung verlag\">\n\t\t\t\t\t\t\t<div class=\"dpt-entry-wrapper\"><div class=\"dpt-featured-content\"><div class=\"dpt-permalink\"><a href=\"https:\/\/www.markus-schall.de\/pt\/2025\/07\/livros-com-profundidade-sobre-personalidade-medica-e-tecnologia-na-m-schall-verlag\/\" class=\"dpt-permalink\"><span class=\"screen-reader-text\">Livros aprofundados sobre medicina, personalidade e tecnologia da M. Schall Verlag<\/span><\/a><\/div><div class=\"dpt-thumbnail\"><div class=\"dpt-thumbnail-inner\"><img width=\"2400\" height=\"1260\" class=\"attachment-full size-full\" alt=\"Schall Verlag - Livros com subst\u00e2ncia\" context=\"dpt\" data-dpt-src=\"https:\/\/www.markus-schall.de\/wp-content\/uploads\/image-sv.jpg\" data-dpt-sizes=\"(max-width: 2400px) 100vw, 2400px\" data-dpt-srcset=\"https:\/\/www.markus-schall.de\/wp-content\/uploads\/image-sv.jpg 2400w, https:\/\/www.markus-schall.de\/wp-content\/uploads\/image-sv-300x158.jpg 300w, https:\/\/www.markus-schall.de\/wp-content\/uploads\/image-sv-1024x538.jpg 1024w, https:\/\/www.markus-schall.de\/wp-content\/uploads\/image-sv-768x403.jpg 768w, https:\/\/www.markus-schall.de\/wp-content\/uploads\/image-sv-1536x806.jpg 1536w, https:\/\/www.markus-schall.de\/wp-content\/uploads\/image-sv-2048x1075.jpg 2048w, https:\/\/www.markus-schall.de\/wp-content\/uploads\/image-sv-18x9.jpg 18w\" \/><\/div><span class=\"dpt-thumbnail-aspect-ratio\" style=\"padding-top: 75%\"><\/span><\/div><\/div><div class=\"sub-entry\"><h3 class=\"dpt-title\"><a class=\"dpt-title-link\" href=\"https:\/\/www.markus-schall.de\/pt\/2025\/07\/livros-com-profundidade-sobre-personalidade-medica-e-tecnologia-na-m-schall-verlag\/\" rel=\"bookmark\">Livros aprofundados sobre medicina, personalidade e tecnologia da M. Schall Verlag<\/a><\/h3><\/div><\/div>\n\t\t\t\t\t\t<\/div><!-- .dpt-entry -->\n\t\t\t\t\t\t\t\t\t\t\t\t<div class=\"dpt-entry has-thumbnail\" data-title=\"wie war syrien vor dem krieg? wer regiert heute? was bedeutet das f\u00fcr gefl\u00fcchtete in deutschland?\" data-id=\"4628\"  data-category=\"allgemein gesellschaft kunst &amp; kultur\" data-post_tag=\"deutschland europa geopolitik krisen meinungsfreiheit sicherheitspolitik\">\n\t\t\t\t\t\t\t<div class=\"dpt-entry-wrapper\"><div class=\"dpt-featured-content\"><div class=\"dpt-permalink\"><a href=\"https:\/\/www.markus-schall.de\/pt\/2026\/01\/como-era-a-siria-antes-da-guerra-quem-governa-atualmente-o-pais-o-que-significa-isto-para-os-refugiados-na-alemanha\/\" class=\"dpt-permalink\"><span class=\"screen-reader-text\">Como era a S\u00edria antes da guerra? Quem governa atualmente? O que \u00e9 que isto significa para os refugiados na Alemanha?<\/span><\/a><\/div><div class=\"dpt-thumbnail\"><div class=\"dpt-thumbnail-inner\"><img width=\"1024\" height=\"683\" class=\"attachment-full size-full\" alt=\"S\u00edria e Damasco\" context=\"dpt\" data-dpt-src=\"https:\/\/www.markus-schall.de\/wp-content\/uploads\/Syrien-Damaskus.jpg\" data-dpt-sizes=\"(max-width: 1024px) 100vw, 1024px\" data-dpt-srcset=\"https:\/\/www.markus-schall.de\/wp-content\/uploads\/Syrien-Damaskus.jpg 1024w, https:\/\/www.markus-schall.de\/wp-content\/uploads\/Syrien-Damaskus-300x200.jpg 300w, https:\/\/www.markus-schall.de\/wp-content\/uploads\/Syrien-Damaskus-768x512.jpg 768w, https:\/\/www.markus-schall.de\/wp-content\/uploads\/Syrien-Damaskus-18x12.jpg 18w\" \/><\/div><span class=\"dpt-thumbnail-aspect-ratio\" style=\"padding-top: 75%\"><\/span><\/div><\/div><div class=\"sub-entry\"><h3 class=\"dpt-title\"><a class=\"dpt-title-link\" href=\"https:\/\/www.markus-schall.de\/pt\/2026\/01\/como-era-a-siria-antes-da-guerra-quem-governa-atualmente-o-pais-o-que-significa-isto-para-os-refugiados-na-alemanha\/\" rel=\"bookmark\">Como era a S\u00edria antes da guerra? Quem governa atualmente? O que \u00e9 que isto significa para os refugiados na Alemanha?<\/a><\/h3><\/div><\/div>\n\t\t\t\t\t\t<\/div><!-- .dpt-entry -->\n\t\t\t\t\t\t\t\t\t\t\t\t<div class=\"dpt-entry has-thumbnail\" data-title=\"was bedeutet der spannungsfall in deutschland \u2013 und welche folgen h\u00e4tte er konkret?\" data-id=\"2997\"  data-category=\"allgemein b\u00fccher gesellschaft tipps &amp; anleitungen\" data-post_tag=\"buch deutschland geopolitik gesundheit krisen pers\u00f6nlichkeitsentwicklung ratgeber sicherheitspolitik\">\n\t\t\t\t\t\t\t<div class=\"dpt-entry-wrapper\"><div class=\"dpt-featured-content\"><div class=\"dpt-permalink\"><a href=\"https:\/\/www.markus-schall.de\/pt\/2025\/10\/o-que-significa-a-queda-de-tensao-na-alemanha-e-que-consequencias-concretas-teria\/\" class=\"dpt-permalink\"><span class=\"screen-reader-text\">O que \u00e9 que a queda de tens\u00e3o significa na Alemanha - e quais seriam as consequ\u00eancias concretas?<\/span><\/a><\/div><div class=\"dpt-thumbnail\"><div class=\"dpt-thumbnail-inner\"><img width=\"1024\" height=\"683\" class=\"attachment-full size-full\" alt=\"Estojo de tens\u00e3o-Alemanha-2025\" context=\"dpt\" data-dpt-src=\"https:\/\/www.markus-schall.de\/wp-content\/uploads\/Spannungsfall-Deutschland-2025.jpg\" data-dpt-sizes=\"(max-width: 1024px) 100vw, 1024px\" data-dpt-srcset=\"https:\/\/www.markus-schall.de\/wp-content\/uploads\/Spannungsfall-Deutschland-2025.jpg 1024w, https:\/\/www.markus-schall.de\/wp-content\/uploads\/Spannungsfall-Deutschland-2025-300x200.jpg 300w, https:\/\/www.markus-schall.de\/wp-content\/uploads\/Spannungsfall-Deutschland-2025-768x512.jpg 768w, https:\/\/www.markus-schall.de\/wp-content\/uploads\/Spannungsfall-Deutschland-2025-18x12.jpg 18w\" \/><\/div><span class=\"dpt-thumbnail-aspect-ratio\" style=\"padding-top: 75%\"><\/span><\/div><\/div><div class=\"sub-entry\"><h3 class=\"dpt-title\"><a class=\"dpt-title-link\" href=\"https:\/\/www.markus-schall.de\/pt\/2025\/10\/o-que-significa-a-queda-de-tensao-na-alemanha-e-que-consequencias-concretas-teria\/\" rel=\"bookmark\">O que \u00e9 que a queda de tens\u00e3o significa na Alemanha - e quais seriam as consequ\u00eancias concretas?<\/a><\/h3><\/div><\/div>\n\t\t\t\t\t\t<\/div><!-- .dpt-entry -->\n\t\t\t\t\t\t\n\t\t\t\t<\/div>\n\t\t\t\t\t\t<\/div>\n\t\t\t\n<hr \/>\n<h2>O sonho antigo - porque \u00e9 que a elite tecnol\u00f3gica o est\u00e1 a reavivar<\/h2>\n<p>O desejo de imortalidade tem acompanhado quase todas as culturas. Seja em sagas antigas, religi\u00f5es ou lendas - a ideia de que as pessoas podiam enganar a morte apareceu vezes sem conta. Alguns procuravam fontes m\u00e1gicas, outros procuravam ervas especiais ou a gra\u00e7a divina. Cada \u00e9poca tinha a sua pr\u00f3pria varia\u00e7\u00e3o, mas o objetivo era sempre o mesmo: prolongar a vida.<\/p>\n<p>Por detr\u00e1s disto n\u00e3o estava tanto a megalomania como um sentimento profundamente humano: o medo da perda, o medo do fim e, ao mesmo tempo, o desejo de ter mais tempo.<\/p>\n<h3>Porque \u00e9 que os bilion\u00e1rios da tecnologia reacenderam esta quest\u00e3o<\/h3>\n<p>O que antes era o sonho de um fil\u00f3sofo \u00e9 agora um campo de investiga\u00e7\u00e3o para os ricos e tecnologicamente experientes. Curiosamente, s\u00e3o sobretudo as pessoas do Vale Silicon que est\u00e3o intensamente envolvidas com a imortalidade - por outras palavras, pessoas que passaram a vida a aprender a resolver problemas atrav\u00e9s da tecnologia.<\/p>\n<p>A elite tecnol\u00f3gica pensa de forma diferente dos cientistas tradicionais. A sua atitude \u00e9 mais ou menos assim:<\/p>\n<blockquote><p><em>\u201eSe conseguirmos decompor algo nas suas partes individuais, podemos repar\u00e1-lo.\u201c<\/em><\/p><\/blockquote>\n<p>Para eles, o envelhecimento n\u00e3o \u00e9 um destino, mas um problema t\u00e9cnico - compar\u00e1vel a um erro complexo de software ou a um defeito de hardware. A grande diferen\u00e7a \u00e9 que hoje, pela primeira vez, est\u00e3o dispon\u00edveis as ferramentas necess\u00e1rias. No passado, s\u00f3 existiam mitos. Hoje existem:<\/p>\n<ul>\n<li>Gen\u00e9tica<\/li>\n<li>Investiga\u00e7\u00e3o sobre c\u00e9lulas estaminais<\/li>\n<li>\u00d3rg\u00e3os artificiais<\/li>\n<li>An\u00e1lise de dados apoiada por IA<\/li>\n<li>Rob\u00f3tica<\/li>\n<li>Simula\u00e7\u00f5es a n\u00edvel de supercomputador<\/li>\n<\/ul>\n<p>Tudo isto em conjunto constitui um ponto de partida completamente novo. No s\u00e9culo XIX, os milion\u00e1rios podiam construir castelos. Os milion\u00e1rios do s\u00e9culo XXI podem pagar equipas de investiga\u00e7\u00e3o, laborat\u00f3rios e empresas de biotecnologia em fase de arranque. Isso faz uma enorme diferen\u00e7a.<\/p>\n<h3>A mentalidade da cena tecnol\u00f3gica desempenha um papel importante<\/h3>\n<p>Os empres\u00e1rios do sector tecnol\u00f3gico cresceram num mundo onde:<\/p>\n<ul>\n<li>Os problemas s\u00e3o solucion\u00e1veis<\/li>\n<li>As inova\u00e7\u00f5es acontecem rapidamente<\/li>\n<li>Esbatimento das fronteiras<\/li>\n<li>experimenta as coisas em vez de falar sobre elas<\/li>\n<\/ul>\n<p>E \u00e9 precisamente esta gera\u00e7\u00e3o que est\u00e1 agora a perguntar:<\/p>\n<blockquote><p><em>\u201ePorque \u00e9 que aceitamos que o corpo envelhece - s\u00f3 porque sempre o fez?\u201c<\/em><\/p><\/blockquote>\n<p>Para eles, n\u00e3o se trata de uma quest\u00e3o filos\u00f3fica, mas de um projeto t\u00e9cnico. A ideia do Silicon Valley: \u201eA morte \u00e9 opcional\u201c (pelo menos em teoria)<br \/>\nMuitos destes l\u00edderes de pensamento t\u00eam uma vis\u00e3o quase s\u00f3bria do assunto:<\/p>\n<ul>\n<li>O envelhecimento \u00e9 uma <strong>Processo<\/strong>.<\/li>\n<li>Os processos podem ser <strong>Compreender<\/strong>.<\/li>\n<li>O que compreendes, podes <strong>influ\u00eancia<\/strong>.<\/li>\n<li>O que se pode influenciar, talvez tamb\u00e9m se possa <strong>paragem<\/strong>.<\/li>\n<\/ul>\n<p>Se isto funciona de facto \u00e9 outra quest\u00e3o. Mas esta ideia, por si s\u00f3, \u00e9 suficiente para desencadear uma enorme onda de investiga\u00e7\u00e3o.<\/p>\n<h3>Porque \u00e9 que esta abordagem polariza<\/h3>\n<p>Para alguns, tudo isto soa a arrog\u00e2ncia - megalomania excessiva. Para outros, trata-se de um verdadeiro progresso, compar\u00e1vel \u00e0 descoberta da penicilina ou \u00e0 inven\u00e7\u00e3o do pacemaker. Uma coisa \u00e9 certa:<\/p>\n<p>Nunca antes houve uma combina\u00e7\u00e3o de dinheiro, tecnologia e conhecimento cient\u00edfico que tornasse poss\u00edvel uma an\u00e1lise s\u00e9ria do tema da imortalidade. A elite tecnol\u00f3gica n\u00e3o \u00e9 imortal - mas tem os recursos para o tentar.<\/p>\n<h2>Imortalidade biol\u00f3gica - o que est\u00e1 a ser investigado atualmente<\/h2>\n<p>Se olharmos com sobriedade para o tema da imortalidade, temos de come\u00e7ar por perceber que o envelhecimento n\u00e3o \u00e9 um destino que simplesmente \u201eacontece\u201c: O envelhecimento n\u00e3o \u00e9 um destino que simplesmente \"acontece\", mas uma intera\u00e7\u00e3o de muitos processos biol\u00f3gicos. As c\u00e9lulas dividem-se, os defeitos acumulam-se, os mecanismos de repara\u00e7\u00e3o diminuem. O corpo torna-se lentamente menos resistente. E \u00e9 exatamente aqui que os investigadores de hoje entram - n\u00e3o com magia, mas com biologia. Eles simplesmente perguntam:<\/p>\n<blockquote><p><em>\u201eEstes processos podem ser abrandados, reparados ou reiniciados?\u201c<\/em><\/p><\/blockquote>\n<p>E, surpreendentemente, h\u00e1 agora dom\u00ednios em que s\u00e3o vis\u00edveis os primeiros pequenos \u00eaxitos.<\/p>\n<h3>Terapias gen\u00e9ticas - repara\u00e7\u00e3o direta no ADN<\/h3>\n<p>Uma das abordagens mais promissoras vem da gen\u00e9tica. Ferramentas modernas como o CRISPR permitem intervir especificamente no ADN. Muito ainda est\u00e1 na fase experimental, mas a dire\u00e7\u00e3o \u00e9 clara:<\/p>\n<ul>\n<li>Alguns investigadores est\u00e3o a tentar retardar diretamente os processos de envelhecimento.<\/li>\n<li>Outros querem refor\u00e7ar os genes de repara\u00e7\u00e3o.<\/li>\n<li>Outros est\u00e3o a investigar a raz\u00e3o pela qual alguns animais envelhecem muito mais lentamente ou podem mesmo recuperar \u00f3rg\u00e3os perdidos.<\/li>\n<\/ul>\n<p>A investiga\u00e7\u00e3o sobre os tel\u00f3meros - as \u201ecapas protectoras\u201c dos cromossomas - \u00e9 particularmente conhecida. Quanto mais curtos se tornam, mais velha parece a c\u00e9lula. Estudos iniciais em animais mostraram que este processo pode ser retardado at\u00e9 certo ponto. N\u00e3o se trata de uma p\u00edlula milagrosa, mas \u00e9 um campo de investiga\u00e7\u00e3o muito ativo.<\/p>\n<h3>\u00d3rg\u00e3os artificiais e tecidos de substitui\u00e7\u00e3o - a forma de reparar o corpo<\/h3>\n<p>Um grande avan\u00e7o nos \u00faltimos anos foi a capacidade de produzir artificialmente tecidos humanos:<\/p>\n<ul>\n<li>V\u00e1lvulas card\u00edacas<\/li>\n<li>Pele<\/li>\n<li>Cartilagem<\/li>\n<li>Mini-f\u00edgados<\/li>\n<li>Partes do p\u00e2ncreas<\/li>\n<\/ul>\n<p>Os investigadores est\u00e3o a melhorar cada vez mais a recria\u00e7\u00e3o de tecidos, por vezes at\u00e9 utilizando as pr\u00f3prias c\u00e9lulas do corpo, o que reduz o risco de rejei\u00e7\u00e3o. E a chamada bioimpress\u00e3o - a impress\u00e3o em 3D de estruturas de \u00f3rg\u00e3os - tamb\u00e9m est\u00e1 a fazer progressos. Ainda estamos longe de poder imprimir um cora\u00e7\u00e3o completo e funcional com o toque de um bot\u00e3o. Mas as bases j\u00e1 foram lan\u00e7adas. A ideia subjacente \u00e9 simples:<\/p>\n<p>Se um \u00f3rg\u00e3o falhar, substitui-se esse \u00f3rg\u00e3o - em vez de se desistir de toda a pessoa. Noutro artigo, resumi os progressos da investiga\u00e7\u00e3o sobre o <a href=\"https:\/\/www.markus-schall.de\/pt\/2025\/08\/saude-dentaria-e-cmd-mais-do-que-um-pouco-o-que-o-futuro-nos-reserva\/\"><strong>Produ\u00e7\u00e3o de dentes artificiais<\/strong><\/a> \u00e9.<\/p>\n<h3>C\u00e9lulas estaminais - a fonte da juventude da natureza<\/h3>\n<p>As c\u00e9lulas estaminais s\u00e3o fascinantes porque podem transformar-se em quase todos os tipos de c\u00e9lulas. Os investigadores utilizam-nas para:<\/p>\n<ul>\n<li>regenerar tecidos danificados<\/li>\n<li>Acelerar os processos de cicatriza\u00e7\u00e3o<\/li>\n<li>Reparar \u00f3rg\u00e3os<\/li>\n<li>Abrandar os sinais de envelhecimento<\/li>\n<\/ul>\n<p>J\u00e1 se obtiveram resultados impressionantes em experi\u00eancias com animais, por exemplo, no rejuvenescimento dos m\u00fasculos ou na melhoria das fun\u00e7\u00f5es nervosas. As pessoas s\u00e3o mais cautelosas, mas est\u00e3o a decorrer os primeiros ensaios cl\u00ednicos.<\/p>\n<h3>Nanotecnologia - pequenos ajudantes no corpo<\/h3>\n<p>Tamb\u00e9m neste dom\u00ednio, h\u00e1 anos que se faz investiga\u00e7\u00e3o. A ideia \u00e9 utilizar part\u00edculas min\u00fasculas ou microestruturas mec\u00e2nicas no corpo:<\/p>\n<ul>\n<li>Repara\u00e7\u00e3o de c\u00e9lulas<\/li>\n<li>Remover dep\u00f3sitos nocivos<\/li>\n<li>Distribui\u00e7\u00e3o selectiva de medicamentos<\/li>\n<li>Tecido de suporte \u201ea partir do interior\u201c<\/li>\n<\/ul>\n<p>Este n\u00e3o \u00e9 ainda um cen\u00e1rio do Star Trek - mas as bases j\u00e1 existem. A mini-rob\u00f3tica no pr\u00f3prio sangue \u00e9 mais um sonho para o futuro, mas as variantes qu\u00edmicas e biol\u00f3gicas n\u00e3o s\u00e3o irrealistas.<\/p>\n<h3>O que n\u00e3o se deve esquecer: muitos progressos s\u00e3o feitos em pequenos passos<\/h3>\n<p>Nenhuma destas abordagens torna as pessoas imortais. Mas em conjunto podem faz\u00ea-lo:<\/p>\n<ul>\n<li>Doen\u00e7as de atraso<\/li>\n<li>Abrandamento dos processos de envelhecimento<\/li>\n<li>manter o organismo a funcionar durante mais tempo<\/li>\n<li>Melhorar a qualidade de vida<\/li>\n<\/ul>\n<p>N\u00e3o se deve pensar nisso como um salto repentino. Pelo contr\u00e1rio, \u00e9 um processo que demora d\u00e9cadas, no qual a fronteira entre \u201ejovem\u201c e \u201evelho\u201c \u00e9 lentamente deslocada.<\/p>\n<h3>Congela\u00e7\u00e3o (cri\u00f3nica) - muita esperan\u00e7a, pouca realidade<\/h3>\n<p>De facto, h\u00e1 pessoas que t\u00eam os seus corpos ou c\u00e9rebros congelados ap\u00f3s a morte. A ideia \u00e9:<\/p>\n<blockquote><p><em>\u201eTalvez o futuro nos possa revitalizar ou reparar\u201c.\u201c<\/em><\/p><\/blockquote>\n<p>O problema: Do ponto de vista cient\u00edfico atual, isso \u00e9 extremamente improv\u00e1vel. As c\u00e9lulas s\u00e3o gravemente danificadas quando congelam. O descongelamento destr\u00f3i outras estruturas. N\u00e3o temos nenhum m\u00e9todo para preservar estruturas cerebrais complexas intactas. Ningu\u00e9m sabe como \u00e9 que a \u201econsci\u00eancia\u201c poderia ser criada num corpo revitalizado.<\/p>\n<p>Por isso, muitos especialistas consideram a cri\u00f3nica uma mistura de esperan\u00e7a e marketing - n\u00e3o uma op\u00e7\u00e3o s\u00e9ria. Especulam que a tecnologia futura poderia resolver problemas que nem sequer come\u00e7amos a compreender atualmente. Resumindo: excitante de ver, mas n\u00e3o uma forma realista de imortalidade na perspetiva atual.<\/p>\n<h3>Porque \u00e9 que a imortalidade biol\u00f3gica continua a ser a op\u00e7\u00e3o mais dif\u00edcil<\/h3>\n<p>A natureza desenvolveu o envelhecimento ao longo de milhares de milh\u00f5es de anos. N\u00e3o se trata de um mecanismo simples, mas de um conglomerado de:<\/p>\n<ul>\n<li>Gen\u00e9tica<\/li>\n<li>Processos celulares<\/li>\n<li>Influ\u00eancias ambientais<\/li>\n<li>Metabolismo<\/li>\n<li>Inflama\u00e7\u00f5es<\/li>\n<li>Estilo de vida<\/li>\n<\/ul>\n<p>\u00c9 por isso que esta abordagem \u00e9 tamb\u00e9m a mais lenta. Mas \u00e9 precisamente por isso que \u00e9 t\u00e3o atractiva para os investigadores: com cada experi\u00eancia, aprende-se um pouco mais sobre o que \u00e9 realmente o envelhecimento - e onde est\u00e3o os parafusos de ajuste.<\/p>\n<div class=\"lyte-wrapper\" style=\"width:640px;max-width:100%;margin:5px;\"><div class=\"lyMe\" id=\"WYL_W4dThy1_zBI\"><div id=\"lyte_W4dThy1_zBI\" data-src=\"https:\/\/www.markus-schall.de\/wp-content\/plugins\/wp-youtube-lyte\/lyteCache.php?origThumbUrl=%2F%2Fi.ytimg.com%2Fvi%2FW4dThy1_zBI%2Fhqdefault.jpg\" class=\"pL\"><div class=\"tC\"><div class=\"tT\"><\/div><\/div><div class=\"play\"><\/div><div class=\"ctrl\"><div class=\"Lctrl\"><\/div><div class=\"Rctrl\"><\/div><\/div><\/div><noscript><a href=\"https:\/\/youtu.be\/W4dThy1_zBI\" rel=\"nofollow noopener\" target=\"_blank\"><img loading=\"lazy\" decoding=\"async\" src=\"https:\/\/www.markus-schall.de\/wp-content\/plugins\/wp-youtube-lyte\/lyteCache.php?origThumbUrl=https%3A%2F%2Fi.ytimg.com%2Fvi%2FW4dThy1_zBI%2F0.jpg\" alt=\"Miniatura de v\u00eddeo do YouTube\" width=\"640\" height=\"340\" \/><br \/>Ver este v\u00eddeo no YouTube<\/a><\/noscript><\/div><\/div><div class=\"lL\" style=\"max-width:100%;width:640px;margin:5px;\"><\/div><br \/>\nQueremos viver para sempre? | Concordar em discordar! | <a href=\"https:\/\/www.youtube.com\/@ARTEde\" target=\"_blank\" rel=\"noopener\">ARTE<\/a><\/p>\n<h2>A c\u00f3pia digital - at\u00e9 que ponto o \u201eeu\u201c pode ser tecnicamente preservado?<\/h2>\n<p>Quando falamos de \u201eimortalidade\u201c, pensamos primeiro em m\u00e9todos biol\u00f3gicos: repara\u00e7\u00e3o de \u00f3rg\u00e3os, rejuvenescimento de c\u00e9lulas, combate a doen\u00e7as. No entanto, uma abordagem completamente diferente est\u00e1 a desenvolver-se em paralelo - uma abordagem que n\u00e3o pretende prolongar o corpo, mas sim os tra\u00e7os mentais de uma pessoa. Voz, linguagem, mem\u00f3rias, decis\u00f5es, estilo de pensamento: deixamos tudo isto para tr\u00e1s em formato digital. A quest\u00e3o agora \u00e9:<\/p>\n<blockquote><p>Quanto dele pode ser armazenado de forma a funcionar mais tarde como um \u201eeu\u201c digital?<\/p><\/blockquote>\n<p>O resultado n\u00e3o \u00e9 uma c\u00f3pia no sentido filos\u00f3fico. Mas \u00e9 uma forma de continua\u00e7\u00e3o - e \u00e9 precisamente isso que torna esta abordagem t\u00e3o fascinante.<\/p>\n<h3>A ideia de imortalidade funcional<\/h3>\n<p>Este termo descreve algo muito realista:<\/p>\n<ul>\n<li>N\u00e3o \u00e9 a consci\u00eancia que \u00e9 transferida.<\/li>\n<li>N\u00e3o a alma.<\/li>\n<li>N\u00e3o a experi\u00eancia subjectiva.<\/li>\n<\/ul>\n<p>Mas sim a forma como uma pessoa pensa, decide, fala e argumenta. Por outras palavras:<\/p>\n<p>N\u00e3o \u00e9 o sentido do eu que \u00e9 preservado, mas o comportamento. E isso \u00e9 efetivamente poss\u00edvel com a tecnologia atual - pelo menos at\u00e9 certo ponto.<\/p>\n<h3>O que atrai os bilion\u00e1rios da tecnologia<\/h3>\n<p>Muitos dos grandes nomes - Larry Page, Sergey Brin, Jeff Bezos, Peter Thiel, Ray Kurzweil - h\u00e1 muito que pensam n\u00e3o s\u00f3 na extens\u00e3o biol\u00f3gica, mas tamb\u00e9m na continua\u00e7\u00e3o digital. Kurzweil \u00e9 provavelmente o representante mais conhecido desta escola de pensamento. H\u00e1 d\u00e9cadas que faz colec\u00e7\u00f5es:<\/p>\n<ul>\n<li>V\u00eddeos<\/li>\n<li>Entradas do di\u00e1rio<\/li>\n<li>Conversas<\/li>\n<li>Decis\u00f5es profissionais<\/li>\n<li>notas pessoais<\/li>\n<\/ul>\n<p>O seu objetivo: um dia, ter uma IA que se comporte como ele - possivelmente at\u00e9 continuar a \u201eviver\u201c em frente dos seus pr\u00f3prios filhos ou netos. Outros empres\u00e1rios tecnol\u00f3gicos est\u00e3o a investir em empresas em fase de arranque que est\u00e3o a desenvolver avatares pessoais de IA - duplos digitais que podem organizar compromissos, preparar decis\u00f5es e at\u00e9 desempenhar determinadas fun\u00e7\u00f5es. Atualmente, estes sistemas ainda s\u00e3o primitivos. Mas est\u00e3o a desenvolver-se rapidamente.<\/p>\n<h3>O que j\u00e1 \u00e9 poss\u00edvel atualmente - uma quantidade surpreendente<\/h3>\n<p>O tema n\u00e3o \u00e9 de modo algum futurista. J\u00e1 existem tecnologias que replicam de forma espantosa as facetas individuais de um \u201eeu digital\u201c:<\/p>\n<ul>\n<li>L\u00edngua e estilo<\/li>\n<li>os modelos lingu\u00edsticos modernos podem imitar o estilo de escrita pessoal<\/li>\n<li>As vozes podem ser clonadas - aut\u00eanticas at\u00e9 aos sons respirat\u00f3rios<\/li>\n<li>O ritmo das frases, as piadas e a l\u00f3gica do pensamento s\u00e3o reproduz\u00edveis<\/li>\n<li>Conhecimentos e experi\u00eancia<\/li>\n<li>bases de dados de conhecimentos pessoais<\/li>\n<li>Hist\u00f3ricos de conversa\u00e7\u00e3o ao longo dos anos<\/li>\n<li>Decis\u00f5es tomadas a n\u00edvel privado e dentro das empresas<\/li>\n<li>Dados do projeto, e-mails, notas<\/li>\n<\/ul>\n<p>Isto cria um perfil muito claro de como uma pessoa \u201efunciona\u201c:<\/p>\n<ul>\n<li>Padr\u00f5es de comportamento<\/li>\n<li>Prioridades<\/li>\n<li>Valores<\/li>\n<li>Reac\u00e7\u00f5es t\u00edpicas<\/li>\n<li>Padr\u00f5es em situa\u00e7\u00f5es de conflito<\/li>\n<li>Decis\u00f5es em cascata (se A, ent\u00e3o B)<\/li>\n<li>Avatares digitais<\/li>\n<li>Figuras 3D realistas<\/li>\n<li>Avatares de v\u00eddeo que falam em sincronia<\/li>\n<li>Parceiros de di\u00e1logo controlados por IA que utilizam dados pessoais<\/li>\n<\/ul>\n<p>Quando se juntam estes elementos, cria-se algo novo: n\u00e3o uma c\u00f3pia, mas uma representa\u00e7\u00e3o funcional de uma pessoa.<\/p>\n<h3>O que est\u00e1 em falta - e provavelmente continuar\u00e1 a faltar durante muito tempo<\/h3>\n<p>Por muito impressionantes que sejam estas tecnologias, t\u00eam limites claros:<\/p>\n<ul>\n<li>Sem consci\u00eancia<\/li>\n<li>Uma IA pode simular decis\u00f5es, mas n\u00e3o pode sentir um \u201eeu\u201c.<\/li>\n<li>Ela n\u00e3o tem consci\u00eancia de si pr\u00f3pria, n\u00e3o tem uma perspetiva interior.<\/li>\n<li>Sem mem\u00f3rias pr\u00f3prias<\/li>\n<li>Pode armazenar, mas n\u00e3o \u201eexperimentar\u201c.<\/li>\n<li>As mem\u00f3rias s\u00e3o dados - n\u00e3o sentimentos.<\/li>\n<li>Sem vida interior subjectiva<\/li>\n<\/ul>\n<p>Um modelo digital pode:<\/p>\n<ul>\n<li>Reagir de forma l\u00f3gica<\/li>\n<li>Responder corretamente<\/li>\n<li>at\u00e9 se comportar de forma humor\u00edstica<\/li>\n<\/ul>\n<p>Mas n\u00e3o sente nada. N\u00e3o experimenta nada. N\u00e3o tem necessidade de existir. Tecnicamente, esse avatar pode funcionar na perfei\u00e7\u00e3o. Mas se ele \u00e9 \u201etu\u201c - essa \u00e9 uma quest\u00e3o a que ainda ningu\u00e9m consegue responder.<\/p>\n<h3>Porque \u00e9 que esta abordagem \u00e9, no entanto, extremamente valiosa<\/h3>\n<p>Mesmo que uma c\u00f3pia digital n\u00e3o tenha consci\u00eancia real, ela oferece possibilidades que antes eram impens\u00e1veis:<\/p>\n<ul>\n<li>As empresas podem continuar a exercer a sua atividade.<\/li>\n<li>O conhecimento e a experi\u00eancia de uma pessoa n\u00e3o se perdem.<\/li>\n<li>Os filhos e os netos podem aprender como o \u201eav\u00f4 pensa\u201c.<\/li>\n<li>As decis\u00f5es podem ser tomadas a favor da pessoa original.<\/li>\n<li>As hist\u00f3rias pessoais permanecem vivas.<\/li>\n<\/ul>\n<p>E para muitas pessoas, esta \u00e9 precisamente a forma de \u201eimortalidade\u201c que \u00e9 realisticamente alcan\u00e7\u00e1vel: n\u00e3o como vida eterna, mas como uma continua\u00e7\u00e3o digital da sua pr\u00f3pria forma de pensar. \u00c9 uma esp\u00e9cie de legado espiritual - s\u00f3 que muito mais poderoso, pormenorizado e v\u00edvido do que qualquer di\u00e1rio.<\/p>\n<p><img loading=\"lazy\" decoding=\"async\" class=\"alignnone size-large wp-image-3656\" src=\"https:\/\/www.markus-schall.de\/wp-content\/uploads\/unsterblichkeit-digitale-kopie.jpg\" alt=\"Immortality: C\u00f3pia digital\" width=\"1024\" height=\"683\" srcset=\"https:\/\/www.markus-schall.de\/wp-content\/uploads\/unsterblichkeit-digitale-kopie.jpg 1024w, https:\/\/www.markus-schall.de\/wp-content\/uploads\/unsterblichkeit-digitale-kopie-300x200.jpg 300w, https:\/\/www.markus-schall.de\/wp-content\/uploads\/unsterblichkeit-digitale-kopie-768x512.jpg 768w, https:\/\/www.markus-schall.de\/wp-content\/uploads\/unsterblichkeit-digitale-kopie-18x12.jpg 18w\" sizes=\"auto, (max-width: 1024px) 100vw, 1024px\" \/><\/p>\n<h2>Transferir a consci\u00eancia - quando as fronteiras ainda s\u00e3o intranspon\u00edveis<\/h2>\n<p>Quando se fala de imortalidade digital, mais cedo ou mais tarde entra em jogo um termo da fic\u00e7\u00e3o cient\u00edfica:<\/p>\n<p><strong>Carregamento da mente<\/strong> - por outras palavras, a ideia de transferir a consci\u00eancia de uma pessoa para um computador, de modo a que esta permane\u00e7a viva. Hollywood adora este tema. S\u00e9ries como Black Mirror ou personagens como os Borg em Star Trek gostam de trabalhar com este motivo.<\/p>\n<p>Na realidade, por\u00e9m, estamos ainda no in\u00edcio - t\u00e3o no in\u00edcio que, em rigor, nem sequer sabemos se o objetivo \u00e9 alcan\u00e7\u00e1vel. A diferen\u00e7a entre ci\u00eancia e fic\u00e7\u00e3o \u00e9 particularmente grande aqui.<\/p>\n<h3>O sonho da alma digital<\/h3>\n<p>A ideia b\u00e1sica parece sedutoramente simples:<\/p>\n<ul>\n<li>O c\u00e9rebro \u00e9 digitalizado em alta resolu\u00e7\u00e3o.<\/li>\n<li>Todas as liga\u00e7\u00f5es neuronais s\u00e3o transferidas para um sistema inform\u00e1tico.<\/li>\n<li>Inicia-se uma simula\u00e7\u00e3o.<\/li>\n<li>A pessoa simulada \u201eacorda\u201c digitalmente.<\/li>\n<\/ul>\n<p>Mas isto \u00e9 apenas uma ideia - na realidade, nem sequer sabemos o que ter\u00edamos de analisar no c\u00e9rebro para criar um \u201eeu\u201c. Atualmente, podemos medir os sinais el\u00e9ctricos, mas isso n\u00e3o capta a ess\u00eancia da consci\u00eancia.<\/p>\n<h3>Porque \u00e9 que o carregamento da mente n\u00e3o funciona, tal como est\u00e1 atualmente<\/h3>\n<p>Para transferir a consci\u00eancia, dois grandes obst\u00e1culos teriam de ser ultrapassados:<\/p>\n<p><strong>1. n\u00e3o compreendemos a consci\u00eancia de forma suficientemente profunda: <\/strong><\/p>\n<p>A ci\u00eancia pode descrever que temos uma consci\u00eancia, mas n\u00e3o temos:<\/p>\n<ul>\n<li>como \u00e9 criado<\/li>\n<li>onde exatamente no c\u00e9rebro est\u00e1 localizado<\/li>\n<li>se precisa de uma determinada estrutura<\/li>\n<li>Como medir a experi\u00eancia subjectiva<\/li>\n<li>como definir a \u201econsci\u00eancia do eu<\/li>\n<\/ul>\n<p>Enquanto n\u00e3o soubermos isso, qualquer transmiss\u00e3o \u00e9 pura teoria.<\/p>\n<p><strong>2. n\u00e3o existe uma base t\u00e9cnica<\/strong><\/p>\n<p>Mesmo que fosse poss\u00edvel analisar um c\u00e9rebro na totalidade (o que n\u00e3o \u00e9 poss\u00edvel):<\/p>\n<ul>\n<li>n\u00e3o conseguimos interpretar os dados<\/li>\n<li>n\u00e3o foi poss\u00edvel simular corretamente as liga\u00e7\u00f5es<\/li>\n<li>n\u00e3o foi poss\u00edvel simular de forma realista os processos el\u00e9ctricos e qu\u00edmicos<\/li>\n<li>N\u00e3o foi poss\u00edvel definir um \u201eponto de partida\u201c a partir do qual as pessoas \u201evivem\u201c digitalmente\u201c<\/li>\n<\/ul>\n<p>E mesmo que isso fosse poss\u00edvel, a quest\u00e3o mant\u00e9m-se: \u201eO resultado \u00e9 realmente a pessoa - ou apenas uma c\u00f3pia?\u201c<\/p>\n<h3>A simula\u00e7\u00e3o n\u00e3o \u00e9 consci\u00eancia<\/h3>\n<p>Muitas pessoas confundem estas duas coisas:<\/p>\n<ul>\n<li>Um sistema pode reagir como um ser humano.<\/li>\n<li>Um sistema pode tomar decis\u00f5es como um ser humano.<\/li>\n<li>Um sistema pode falar como uma pessoa.<\/li>\n<\/ul>\n<p>Mas isso \u00e9 apenas comportamento. A consci\u00eancia \u00e9 outra coisa. H\u00e1 uma experi\u00eancia interior, um sentimento de \u201eeu sou eu\u201c que nenhuma m\u00e1quina alguma vez teve - e que nem sequer pode ser tecnicamente definido. \u00c9 poss\u00edvel recriar um ser humano. Podemos simul\u00e1-lo. Podemos preservar o seu comportamento. Mas n\u00e3o se pode transferir a perspetiva para o interior.<\/p>\n<h3>As quest\u00f5es filos\u00f3ficas que n\u00e3o podem ser simplesmente apagadas<\/h3>\n<p>Mesmo que um dia um c\u00e9rebro completo pudesse ser reproduzido digitalmente:<\/p>\n<p>Ent\u00e3o, quem \u00e9 a pessoa? O original? A c\u00f3pia? Ambos? Nenhum dos dois? A c\u00f3pia tem os mesmos direitos? Uma c\u00f3pia digital de si poderia falar, decidir e argumentar - mas seria voc\u00ea? Ou seria uma c\u00f3pia muito boa?<\/p>\n<ul>\n<li>Uma c\u00f3pia pode morrer?<\/li>\n<li>Quando um sistema \u00e9 desligado - isso \u00e9 uma \u201emorte\u201c?<\/li>\n<li>Quem est\u00e1 autorizado a controlar um sistema deste tipo?<\/li>\n<li>Se a consci\u00eancia de uma pessoa existe digitalmente - pode algu\u00e9m alter\u00e1-la?<\/li>\n<li>Ou apag\u00e1-lo?<\/li>\n<\/ul>\n<p>Atualmente, estas quest\u00f5es est\u00e3o completamente sem resposta. A tecnologia est\u00e1 t\u00e3o atrasada que ainda nem sequer tivemos de encontrar uma resposta clara.<\/p>\n<h3>Porque \u00e9 que a verdadeira transfer\u00eancia de consci\u00eancia ainda est\u00e1 longe de ser uma realidade<\/h3>\n<p>O cap\u00edtulo pode ser resumido da seguinte forma:<\/p>\n<ul>\n<li>N\u00e3o existe um m\u00e9todo para copiar a consci\u00eancia.<\/li>\n<li>N\u00e3o existe um m\u00e9todo para criar consci\u00eancia.<\/li>\n<li>N\u00e3o existe um m\u00e9todo para medir a consci\u00eancia.<\/li>\n<li>N\u00e3o existe um m\u00e9todo de simula\u00e7\u00e3o da experi\u00eancia subjectiva.<\/li>\n<li>N\u00e3o existe um m\u00e9todo para \u201edigitalizar\u201c completamente um c\u00e9rebro.<\/li>\n<\/ul>\n<p>E mesmo que estes m\u00e9todos surgissem a dada altura - provavelmente demorariam mais tempo do que qualquer prolongamento da vida atual. Muitos especialistas consideram que a verdadeira transfer\u00eancia de consci\u00eancia \u00e9 um dos problemas mais dif\u00edceis que a humanidade pode enfrentar - se n\u00e3o o mais dif\u00edcil de todos.<\/p>\n<hr \/>\n<h3>Inqu\u00e9rito atual sobre sistemas locais de IA<\/h3>\n<div class='bootstrap-yop yop-poll-mc'>\n\t\t\t\t\t\t\t<div class=\"basic-yop-poll-container\" style=\"background-color:#ffffff; border:0px; border-style:solid; border-color:#000000; border-radius:5px; padding:0px 5px;\" data-id=\"9\" data-temp=\"basic-pretty\" data-skin=\"square\" data-cscheme=\"blue\" data-cap=\"0\" data-access=\"guest\" data-tid=\"\" data-uid=\"5f226b21b8f94ce58db04812e4e6829c\" data-pid=\"2997\" data-resdet=\"votes-number,percentages\" data-show-results-to=\"guest\" data-show-results-moment=\"after-vote\" data-show-results-only=\"false\" data-show-message=\"true\" data-show-results-as=\"bar\" data-sort-results-by=\"as-defined\" data-sort-results-rule=\"asc\"data-is-ended=\"0\" data-percentages-decimals=\"2\" data-gdpr=\"no\" data-gdpr-sol=\"consent\" data-css=\".basic-yop-poll-container[data-uid] .basic-vote {\t\t\t\t\t\t\t\t\ttext-align: center;\t\t\t\t\t\t\t\t}\" data-counter=\"0\" data-load-with=\"1\" data-notification-section=\"top\"><div class=\"row\"><div class=\"col-md-12\"><div class=\"basic-inner\"><div class=\"basic-message hide\" style=\"border-left: 10px solid #008000; padding: 0px 10px;\" data-error=\"#ff0000\" data-success=\"#008000\"><p class=\"basic-message-text\" style=\"color:#000000; font-size:14px; font-weight:normal;\"><\/p><\/div><div class=\"basic-overlay hide\"><div class=\"basic-vote-options\"><\/div><div class=\"basic-preloader\"><div class=\"basic-windows8\"><div class=\"basic-wBall basic-wBall_1\"><div class=\"basic-wInnerBall\"><\/div><\/div><div class=\"basic-wBall basic-wBall_2\"><div class=\"basic-wInnerBall\"><\/div><\/div><div class=\"basic-wBall basic-wBall_3\"><div class=\"basic-wInnerBall\"><\/div><\/div><div class=\"basic-wBall basic-wBall_4\"><div class=\"basic-wInnerBall\"><\/div><\/div><div class=\"basic-wBall basic-wBall_5\"><div class=\"basic-wInnerBall\"><\/div><\/div><\/div><\/div><\/div><form class=\"basic-form\" action=\"\"><input type=\"hidden\" name=\"_token\" value=\"0521a14026\" autocomplete=\"off\"><div class=\"basic-elements\"><div class=\"basic-element basic-question basic-question-text-vertical\" data-id=\"9\" data-uid=\"0b3cc9cdfea279cb4ee035bd41520427\" data-type=\"question\" data-question-type=\"text\" data-required=\"yes\" data-allow-multiple=\"no\" data-min=\"1\" data-max=\"7\" data-display=\"vertical\" data-colnum=\"\" data-display-others=\"no\" data-others-color=\"\" data-others=\"\" data-others-max-chars=\"0\"><div class=\"basic-question-title\"><h5 style=\"color:#000000; font-size:16px; font-weight:normal; text-align:left;\">O que pensa de um software de IA de execu\u00e7\u00e3o local, como o MLX ou o Ollama?<\/h5><\/div><ul class=\"basic-answers\"><li class=\"basic-answer\" style=\"padding:0px 0px;\" data-id=\"45\" data-type=\"text\" data-vn=\"141\" data-color=\"#000000\" data-make-link=\"no\" data-link=\"\"><div class=\"basic-answer-content basic-text-vertical\"><label for=\"answer[45]\" class=\"basic-answer-label\"><input type=\"radio\" id=\"answer[45]\" name=\"answer[9]\" value=\"45\"><span class=\"basic-text\" style=\"color: #000000; font-size: 14px; font-weight: normal;\">Ingenious - finalmente independente da nuvem<\/span><\/label><\/div><\/li><li class=\"basic-answer\" style=\"padding:0px 0px;\" data-id=\"46\" data-type=\"text\" data-vn=\"25\" data-color=\"#000000\" data-make-link=\"no\" data-link=\"\"><div class=\"basic-answer-content basic-text-vertical\"><label for=\"answer[46]\" class=\"basic-answer-label\"><input type=\"radio\" id=\"answer[46]\" name=\"answer[9]\" value=\"46\"><span class=\"basic-text\" style=\"color: #000000; font-size: 14px; font-weight: normal;\">Interessante, mas (ainda) demasiado complicado<\/span><\/label><\/div><\/li><li class=\"basic-answer\" style=\"padding:0px 0px;\" data-id=\"47\" data-type=\"text\" data-vn=\"28\" data-color=\"#000000\" data-make-link=\"no\" data-link=\"\"><div class=\"basic-answer-content basic-text-vertical\"><label for=\"answer[47]\" class=\"basic-answer-label\"><input type=\"radio\" id=\"answer[47]\" name=\"answer[9]\" value=\"47\"><span class=\"basic-text\" style=\"color: #000000; font-size: 14px; font-weight: normal;\">Vou experiment\u00e1-lo em breve<\/span><\/label><\/div><\/li><li class=\"basic-answer\" style=\"padding:0px 0px;\" data-id=\"48\" data-type=\"text\" data-vn=\"5\" data-color=\"#000000\" data-make-link=\"no\" data-link=\"\"><div class=\"basic-answer-content basic-text-vertical\"><label for=\"answer[48]\" class=\"basic-answer-label\"><input type=\"radio\" id=\"answer[48]\" name=\"answer[9]\" value=\"48\"><span class=\"basic-text\" style=\"color: #000000; font-size: 14px; font-weight: normal;\">N\u00e3o preciso dela - a nuvem \u00e9 suficiente para mim<\/span><\/label><\/div><\/li><li class=\"basic-answer\" style=\"padding:0px 0px;\" data-id=\"49\" data-type=\"text\" data-vn=\"4\" data-color=\"#000000\" data-make-link=\"no\" data-link=\"\"><div class=\"basic-answer-content basic-text-vertical\"><label for=\"answer[49]\" class=\"basic-answer-label\"><input type=\"radio\" id=\"answer[49]\" name=\"answer[9]\" value=\"49\"><span class=\"basic-text\" style=\"color: #000000; font-size: 14px; font-weight: normal;\">N\u00e3o sei exatamente do que se trata<\/span><\/label><\/div><\/li><\/ul><\/div><div class=\"clearfix\"><\/div><\/div><div class=\"basic-vote\"><a href=\"#\" class=\"button basic-vote-button\" role=\"button\" style=\"background:#027bb8; border:0px; border-style: solid; border-color:#000000; border-radius:5px; padding:10px 10px; color:#ffffff; font-size:14px; font-weight:normal;\">Vota\u00e7\u00e3o<\/a><\/div><input type=\"hidden\" name=\"trp-form-language\" value=\"pt\"\/><\/form><\/div><\/div><\/div><\/div>\n\t\t\t\t\t\t<\/div>\n<hr \/>\n<h2>O corpo rob\u00f3tico e a continua\u00e7\u00e3o digital de uma pessoa<\/h2>\n<p>Quando pensamos em rob\u00f4s human\u00f3ides hoje em dia, ainda temos em mente os movimentos vacilantes dos primeiros prot\u00f3tipos. Mas esses dias j\u00e1 l\u00e1 v\u00e3o. Os progressos foram enormes:<\/p>\n<ul>\n<li>Os rob\u00f4s podem andar, correr e saltar.<\/li>\n<li>Conseguem equilibrar-se, abrir portas e transportar objectos.<\/li>\n<li>Conseguem imitar gestos humanos e express\u00f5es faciais.<\/li>\n<li>Os primeiros modelos j\u00e1 est\u00e3o a ser testados nas f\u00e1bricas.<\/li>\n<\/ul>\n<p>\u00c9 claro que estes sistemas ainda est\u00e3o longe de serem \u201ehumanos digitais\u201c, mas o ritmo do seu desenvolvimento \u00e9 elevado - e faz lembrar os primeiros smartphones: impressionantes no in\u00edcio, mas desajeitados; dez anos depois, \u00e9 dif\u00edcil imaginar a vida sem eles. Os pr\u00f3ximos 20 anos s\u00e3o, portanto, realistas:<\/p>\n<ul>\n<li>Rob\u00f4s de dimens\u00e3o humana<\/li>\n<li>Rob\u00f4s com m\u00e3os flex\u00edveis<\/li>\n<li>Rob\u00f4s com express\u00f5es faciais naturais<\/li>\n<li>Rob\u00f4 com sa\u00edda de voz real<\/li>\n<li>Rob\u00f4s que prestam apoio em casa ou nas empresas<\/li>\n<\/ul>\n<p>J\u00e1 n\u00e3o se trata de fic\u00e7\u00e3o cient\u00edfica, mas de uma tend\u00eancia claramente previs\u00edvel.<\/p>\n<h3>IA personalizada - um duplicado do ego que funciona mesmo<\/h3>\n<p>O verdadeiro salto n\u00e3o vem do rob\u00f4 em si, mas da IA que o conduz. Um modelo de IA pessoal - por outras palavras, um sistema que:<\/p>\n<ul>\n<li>conhece o comportamento de uma pessoa<\/li>\n<li>pode compreender as suas decis\u00f5es<\/li>\n<li>analisou hist\u00f3ricos de conversas, e-mails e projectos ao longo dos anos<\/li>\n<li>imita perfeitamente a voz da pessoa<\/li>\n<li>utiliza o mesmo humor, as mesmas f\u00f3rmulas, as mesmas prioridades<\/li>\n<\/ul>\n<p>- ser\u00e1 muito mais realista do que qualquer forma de consci\u00eancia digital. No melhor sentido, este modelo seria uma continua\u00e7\u00e3o funcional de um ser humano. N\u00e3o \u00e9 a alma. N\u00e3o \u00e9 o verdadeiro eu. Mas \u00e9 o ego pensante. E \u00e9 exatamente isso que o torna t\u00e3o valioso. E esta IA pode, por sua vez, ser colocada num corpo humanoide.<\/p>\n<h3>O robot como \u201esucessor espiritual\u201c<\/h3>\n<p>Se juntarmos as duas coisas - o rob\u00f4 e o modelo de IA pessoal - surge um conceito completamente novo: uma esp\u00e9cie de sucessor digital que n\u00e3o \u00e9 o utilizador, mas que actua em seu nome. Este sucessor digital poderia ser:<\/p>\n<ul>\n<li>Acolher os empregados<\/li>\n<li>Preparar as decis\u00f5es na sua empresa<\/li>\n<li>Dar prioridade a novos projectos<\/li>\n<li>Cuidar dos clientes<\/li>\n<li>Fazer apresenta\u00e7\u00f5es<\/li>\n<li>fale com a sua voz<\/li>\n<li>Use o seu sentido de humor<\/li>\n<li>Contar hist\u00f3rias do \u201eseu tempo\u201c<\/li>\n<li>e at\u00e9 trabalhar de forma aut\u00f3noma quando j\u00e1 n\u00e3o est\u00e1 presente<\/li>\n<\/ul>\n<p>N\u00e3o porque tenha consci\u00eancia - mas porque replica os seus processos de pensamento. Esta \u00e9 uma forma de \u201earquivo vivo\u201c que vai muito para al\u00e9m de tudo o que os humanos tiveram no passado.<\/p>\n<h3>O futuro no sector privado<\/h3>\n<p>Esta evolu\u00e7\u00e3o \u00e9 igualmente interessante num contexto familiar - e um pouco mais sens\u00edvel. Um rob\u00f4 assim poderia:<\/p>\n<ul>\n<li>Contar mem\u00f3rias<\/li>\n<li>Explicar os arquivos de fotografias<\/li>\n<li>Transmitir hist\u00f3rias<\/li>\n<li>Ajudar os membros da fam\u00edlia<\/li>\n<li>Mostrar aos filhos ou netos como o \u201eav\u00f4 pensava\u201c<\/li>\n<li>comunicar a sua pr\u00f3pria filosofia de vida<\/li>\n<\/ul>\n<p>\u00c9 claro que isto n\u00e3o substitui uma pessoa real. Mas permite uma forma de vida continuada que n\u00e3o \u00e9 apenas tecnicamente l\u00f3gica, mas tamb\u00e9m cria uma certa proximidade emocional. N\u00e3o seria um substituto - mas uma ponte.<\/p>\n<h3>O calend\u00e1rio realista<\/h3>\n<p>Se olharmos com sobriedade para as pr\u00f3ximas d\u00e9cadas:<\/p>\n<ul>\n<li><strong>At\u00e9 2030<\/strong>primeiros rob\u00f4s human\u00f3ides na vida quotidiana, clones de voz perfeitos, assistentes pessoais de IA, gr\u00e1ficos de conhecimento personalizados<\/li>\n<li><strong>At\u00e9 2040<\/strong>Corpos de rob\u00f4s com m\u00e1scaras faciais realistas, IA capaz de imitar o pensamento a longo prazo, avatares pessoais para a vida empresarial e privada<\/li>\n<li><strong>At\u00e9 2050<\/strong>Continua\u00e7\u00e3o digital funcional, rob\u00f4s como companheiros de longa dura\u00e7\u00e3o, modelos de IA que processam metade de uma vida de dados, transi\u00e7\u00e3o de \u201eferramenta\u201c para \u201epatrim\u00f3nio intelectual\u201c<\/li>\n<\/ul>\n<p>Nada disto \u00e9 exagerado. \u00c9 simplesmente o desenvolvimento l\u00f3gico da tecnologia atual.<\/p>\n<h3>O que significa este futuro<\/h3>\n<p>Esta forma de imortalidade n\u00e3o \u00e9 metaf\u00edsica. \u00c9 pragm\u00e1tica. N\u00e3o prolonga o corpo. N\u00e3o transfere a consci\u00eancia. N\u00e3o cria um segundo \u201etu\u201c. Mas cria algo muito humano:<\/p>\n<p>Uma continua\u00e7\u00e3o do seu pensamento, uma continua\u00e7\u00e3o do seu trabalho, uma continua\u00e7\u00e3o dos seus valores. Numa base t\u00e9cnica. E isso \u00e9 mais realista hoje do que nunca.<\/p>\n<p><img loading=\"lazy\" decoding=\"async\" class=\"alignnone size-large wp-image-3657\" src=\"https:\/\/www.markus-schall.de\/wp-content\/uploads\/unsterblichkeit-roboter.jpg\" alt=\"Imortalidade: corpo de robot\" width=\"1024\" height=\"683\" srcset=\"https:\/\/www.markus-schall.de\/wp-content\/uploads\/unsterblichkeit-roboter.jpg 1024w, https:\/\/www.markus-schall.de\/wp-content\/uploads\/unsterblichkeit-roboter-300x200.jpg 300w, https:\/\/www.markus-schall.de\/wp-content\/uploads\/unsterblichkeit-roboter-768x512.jpg 768w, https:\/\/www.markus-schall.de\/wp-content\/uploads\/unsterblichkeit-roboter-18x12.jpg 18w\" sizes=\"auto, (max-width: 1024px) 100vw, 1024px\" \/><\/p>\n<h2>O que \u00e9 prov\u00e1vel que aconte\u00e7a, o que \u00e9 poss\u00edvel e o que continua a ser um conto de fadas<\/h2>\n<p>Apesar de o tema da imortalidade soar frequentemente a fic\u00e7\u00e3o cient\u00edfica, est\u00e3o a surgir tr\u00eas cen\u00e1rios que se baseiam em tecnologia s\u00f3bria - e n\u00e3o em fantasia.<\/p>\n<h3>Cen\u00e1rio 1: at\u00e9 2035 - a era da IA pessoal<\/h3>\n<p>Nos pr\u00f3ximos dez anos, a vida quotidiana ser\u00e1 cada vez mais caracterizada por modelos individuais de IA. Estes incluem<\/p>\n<ul>\n<li>bases de dados de conhecimentos pessoais,<\/li>\n<li>mem\u00f3rias digitais,<\/li>\n<li>vozes perfeitamente clon\u00e1veis,<\/li>\n<li>primeiros rob\u00f4s human\u00f3ides na vida quotidiana,<\/li>\n<li>Assistentes de IA que imitam o seu pr\u00f3prio estilo de pensamento.<\/li>\n<\/ul>\n<p>N\u00e3o se trata de substituir pessoas, mas de organizar melhor o seu pensamento e de o expandir tecnicamente.<\/p>\n<h3>Cen\u00e1rio 2: at\u00e9 2050 - a continua\u00e7\u00e3o digital<\/h3>\n<p>Em meados do s\u00e9culo, \u00e9 prov\u00e1vel que muitas pessoas tenham uma esp\u00e9cie de \u201esucessor digital\u201c - um modelo de IA que pode atuar com base em dados recolhidos no sentido do ser humano original. Esses sistemas poderiam:<\/p>\n<ul>\n<li>Analisar as decis\u00f5es,<\/li>\n<li>continuar o estilo pessoal,<\/li>\n<li>documentar os seus pr\u00f3prios projectos,<\/li>\n<li>trabalhar em empresas,<\/li>\n<li>e transmitir parte da l\u00f3gica da vida.<\/li>\n<\/ul>\n<p>N\u00e3o se trataria de uma verdadeira imortalidade, mas de uma continua\u00e7\u00e3o funcional de uma pessoa.<\/p>\n<h3>Cen\u00e1rio 3: 2100 e mais tarde - o terreno aberto<\/h3>\n<p>Se a verdadeira transfer\u00eancia de consci\u00eancia ser\u00e1 alguma vez poss\u00edvel \u00e9 completamente incerto. Talvez venha a acontecer num dado momento, talvez nunca. O n\u00edvel de conhecimento cient\u00edfico \u00e9 atualmente demasiado baixo para isso. \u00c9 importante n\u00e3o perdermos o ch\u00e3o debaixo dos nossos p\u00e9s. Com toda a investiga\u00e7\u00e3o atual, h\u00e1 cinco coisas que continuam a ser pura imagina\u00e7\u00e3o:<\/p>\n<ul>\n<li>uma consci\u00eancia real e transfer\u00edvel,<\/li>\n<li>experi\u00eancia subjectiva numa m\u00e1quina,<\/li>\n<li>\u201eO \u201ceu-sentimento\" no espa\u00e7o digital,<\/li>\n<li>Reanima\u00e7\u00e3o de c\u00e9rebros congelados,<\/li>\n<li>c\u00f3pias digitais completas da alma.<\/li>\n<\/ul>\n<p>Estes conceitos est\u00e3o muito longe de qualquer coisa que exista de facto.<\/p>\n<h2>Porque \u00e9 que as pr\u00f3ximas d\u00e9cadas ser\u00e3o, no entanto, revolucion\u00e1rias<\/h2>\n<p>Mesmo sem saltos metaf\u00edsicos, a humanidade est\u00e1 a enfrentar enormes mudan\u00e7as:<\/p>\n<ul>\n<li>Os rob\u00f4s est\u00e3o a tornar-se mais humanos.<\/li>\n<li>A IA pessoal torna-se uma quest\u00e3o natural.<\/li>\n<li>Os perfis de pensamento digital est\u00e3o a tornar-se parte da vida quotidiana.<\/li>\n<li>Os processos de trabalho est\u00e3o a mudar radicalmente.<\/li>\n<li>As pessoas est\u00e3o a deixar vest\u00edgios mentais muito mais detalhados do que nunca.<\/li>\n<\/ul>\n<p>Est\u00e1 a surgir uma nova forma de legado: n\u00e3o biol\u00f3gico, mas digital - estruturado, compreens\u00edvel, funcional.<\/p>\n<h3>O que provavelmente ainda resta<\/h3>\n<p>A verdadeira imortalidade n\u00e3o existir\u00e1 na situa\u00e7\u00e3o atual. No entanto, o modo de pensar individual de uma pessoa pode sempre ser melhor preservado e continuado:<\/p>\n<ul>\n<li>como um arquivo digital,<\/li>\n<li>como um modelo de conhecimento pessoal,<\/li>\n<li>como uma continua\u00e7\u00e3o apoiada por IA,<\/li>\n<li>ou mesmo como um robot humanoide com uma voz e express\u00f5es faciais personalizadas.<\/li>\n<\/ul>\n<p>O resultado n\u00e3o \u00e9 uma c\u00f3pia, nem uma alma, nem um renascimento - mas uma forma surpreendentemente realista de continua\u00e7\u00e3o espiritual.<\/p>\n<h3>Um olhar sobre as consequ\u00eancias pr\u00e1ticas<\/h3>\n<p>Mesmo que o mundo ainda esteja a anos de dist\u00e2ncia da perfeita \u201econtinua\u00e7\u00e3o digital\u201c, todos podem j\u00e1 lan\u00e7ar hoje as bases que poder\u00e3o ser valiosas no futuro - independentemente de acreditarem ou n\u00e3o na imortalidade. Estas bases incluem<\/p>\n<ul>\n<li>notas digitais,<\/li>\n<li>Fotografias, v\u00eddeos, mem\u00f3rias,<\/li>\n<li>Di\u00e1rios e projectos,<\/li>\n<li>pensamentos e decis\u00f5es recolhidos,<\/li>\n<li>documenta\u00e7\u00e3o pessoal,<\/li>\n<li>dados estruturados sobre os seus pr\u00f3prios conhecimentos,<\/li>\n<li>exporta\u00e7\u00f5es regulares de hist\u00f3ricos de conversa\u00e7\u00e3o, servi\u00e7os em nuvem e aplica\u00e7\u00f5es,<\/li>\n<li>e, cada vez mais, tamb\u00e9m sistemas locais de IA que armazenam conhecimentos a longo prazo.<\/li>\n<\/ul>\n<p>O futuro da imortalidade \u00e9, portanto, menos uma quest\u00e3o biol\u00f3gica do que uma quest\u00e3o de dados e de estrutura. Aqueles que registarem os seus pensamentos, decis\u00f5es e experi\u00eancias de forma estruturada criar\u00e3o a base para as formas de continua\u00e7\u00e3o digital que provavelmente ocorrer\u00e3o nas pr\u00f3ximas d\u00e9cadas.<\/p>\n<p>N\u00e3o se trata de imortalidade filos\u00f3fica, mas de uma vers\u00e3o muito t\u00e9cnica, muito concreta e muito tang\u00edvel da mesma.<\/p>\n<h2>Fontes interessantes sobre o tema<\/h2>\n<ul>\n<li><a href=\"https:\/\/theweek.com\/science\/the-billionaire-led-quest-for-immortality\" target=\"_blank\" rel=\"noopener\"><strong>A busca da imortalidade liderada por um bilion\u00e1rio<\/strong><\/a> - <em>A Semana (2023)<\/em>Panorama dos bilion\u00e1rios (Bezos, Page, Brin, Thiel, Ellison, Bryan Johnson) que est\u00e3o a investir quanto dinheiro no prolongamento da vida.<\/li>\n<li><a href=\"https:\/\/www.newyorker.com\/magazine\/2017\/04\/03\/silicon-valleys-quest-to-live-forever\" target=\"_blank\" rel=\"noopener\"><strong>Silicon A busca do vale para viver para sempre<\/strong><\/a> - <em>The New Yorker (2017)<\/em>Longo artigo de fundo sobre Ellison, Kurzweil &amp; Co., incluindo motivos pessoais e grandes somas de dinheiro que s\u00e3o canalizadas para a investiga\u00e7\u00e3o sobre o envelhecimento.<\/li>\n<li><a href=\"https:\/\/www.scientificamerican.com\/article\/radical-life-extension-is-not-around-the-corner\" target=\"_blank\" rel=\"noopener\"><strong>O prolongamento radical da vida n\u00e3o est\u00e1 ao virar da esquina<\/strong><\/a> - <em>Scientific American (2016)<\/em>Classifica\u00e7\u00e3o muito s\u00f3bria: o que Calico (Google) pode realmente fazer, porque \u00e9 que o prolongamento radical da vida n\u00e3o est\u00e1 provavelmente \u201eao virar da esquina\u201c.<\/li>\n<li><a href=\"https:\/\/www.frontiersin.org\/journals\/aging\/articles\/10.3389\/fragi.2024.1339317\/full\" target=\"_blank\" rel=\"noopener\"><strong>Desbloquear a longevidade: o papel dos tel\u00f3meros e as suas interven\u00e7\u00f5es<\/strong><\/a> - <em>Fronteiras do Envelhecimento (2024)<\/em>Panorama t\u00e9cnico atual sobre os tel\u00f3meros, o encurtamento dos tel\u00f3meros e as abordagens terap\u00eauticas (activadores da telomerase, inibidores da tanquerase, etc.). Ideal para o seu cap\u00edtulo sobre tel\u00f3meros.<\/li>\n<li><a href=\"https:\/\/link.springer.com\/article\/10.1007\/s10238-025-01771-3\" target=\"_blank\" rel=\"noopener\"><strong>Aplica\u00e7\u00f5es da CRISPR-Cas9 na atenua\u00e7\u00e3o da senesc\u00eancia e do envelhecimento celular<\/strong><\/a> - <em>Imunologia do cancro, imunoterapia (2025)<\/em>Artigo sobre CRISPR\/Cas9 para influenciar os mecanismos de envelhecimento e as doen\u00e7as associadas \u00e0 idade.<\/li>\n<li><a href=\"https:\/\/www.theguardian.com\/science\/2025\/feb\/08\/anti-ageing-jabs-they-can-rejuvenate-mice-but-will-they-work-on-humans\" target=\"_blank\" rel=\"noopener\"><strong>Inje\u00e7\u00f5es anti-envelhecimento - conseguem rejuvenescer os ratos, mas ser\u00e1 que funcionam nos humanos?<\/strong><\/a> - <em>The Guardian (2025)<\/em>Classifica\u00e7\u00e3o cient\u00edfica popular dos senol\u00edticos (dasatinib, quercetina, etc.) e das \u201evacinas contra o envelhecimento\u201c.<\/li>\n<li><a href=\"https:\/\/en.wikipedia.org\/wiki\/Mind_uploading\" target=\"_blank\" rel=\"noopener\"><strong>Carregamento da mente<\/strong><\/a> - <em>Wikip\u00e9dia (artigo geral)<\/em>Defini\u00e7\u00e3o clara de \u201eemula\u00e7\u00e3o de todo o c\u00e9rebro\u201c, incluindo o pressuposto de que uma mente totalmente simulada poderia, teoricamente, ser consciente.<\/li>\n<li><a href=\"https:\/\/medium.com\/predict\/the-flawed-logic-of-mind-uploading-475cda510a25\" target=\"_blank\" rel=\"noopener\"><strong>A l\u00f3gica errada do \u201cMind Uploading\u201d (carregamento da mente)\u201d<\/strong><\/a> - <em>Louis Rosenberg (M\u00e9dio)<\/em>O autor do livro, um investigador de rob\u00f3tica e de RV, faz uma cr\u00edtica bem leg\u00edvel sobre as raz\u00f5es pelas quais considera que a transfer\u00eancia de mentes \u00e9 l\u00f3gica e tecnicamente muito question\u00e1vel.<\/li>\n<li><a href=\"https:\/\/www.researchgate.net\/publication\/389742750_The_Digital_Afterlife_AI_Cloud_Consciousness_as_the_New_Immortality\" target=\"_blank\" rel=\"noopener\"><strong>A vida digital depois da morte: a consci\u00eancia da nuvem de IA como nova imortalidade<\/strong><\/a> - <em>ResearchGate Documento (2025)<\/em>Documento atual sobre \u201eAI cloud consciousness\u201c, que descreve v\u00e1rios modelos de imortalidade digital (incluindo problemas \u00e9ticos).<\/li>\n<\/ul>\n<hr \/>\n\n\t\t\t<div class=\"display-post-types\">\n\n\t\t\t\t\t\t\t<style type=\"text\/css\">\n\t\t\t#dpt-wrapper-960 { --dpt-text-align: left;--dpt-image-crop: center;--dpt-border-radius: 5px;--dpt-small-grid-column: 33.33%;--dpt-large-grid-column: 33.3333333333%;--dpt-h-gutter: 10px;--dpt-v-gutter: 10px; }\t\t\t<\/style>\n\t\t\t<style type=\"text\/css\">#dpt-wrapper-960 { --dpt-title-font-style:normal;--dpt-title-font-weight:600;--dpt-title-line-height:1.5;--dpt-title-text-decoration:none;--dpt-title-text-transform:none;--dpt-excerpt-font-style:normal;--dpt-excerpt-font-weight:400;--dpt-excerpt-line-height:1.5;--dpt-excerpt-text-decoration:none;--dpt-excerpt-text-transform:none;--dpt-meta1-font-style:normal;--dpt-meta1-font-weight:400;--dpt-meta1-line-height:1.9;--dpt-meta1-text-decoration:none;--dpt-meta1-text-transform:none;--dpt-meta2-font-style:normal;--dpt-meta2-font-weight:400;--dpt-meta2-line-height:1.9;--dpt-meta2-text-decoration:none;--dpt-meta2-text-transform:none; }<\/style><div class=\"dpt-main-header\">\n\t\t\t\t\t\t<div class=\"dpt-main-title\">\n\t\t\t\t\t\t\t<span class=\"dpt-main-title-text\">T\u00f3picos actuais sobre intelig\u00eancia artificial<\/span>\n\t\t\t\t\t\t<\/div>\n\t\t\t\t\t\t\n\t\t\t\t\t\t\n\t\t\t\t\t\t\n\t\t\t\t\t\t<\/div>\t\t\t\n\t\t\t\t<div id=\"dpt-wrapper-960\" class=\"dpt-wrapper dpt-grid1 multi-col dpt-mason-wrap\" >\n\n\t\t\t\t\t\t\t\t\t\t\t<div class=\"dpt-entry has-thumbnail\" data-title=\"wenn der mac zuh\u00f6rt: was apples integrierte ki mit gemini und siri k\u00fcnftig f\u00fcr nutzer bedeutet\" data-id=\"4813\"  data-category=\"apple iphone &amp; ipad apple macos ki-systeme\" data-post_tag=\"apple datenlogik datenschutz k\u00fcnstliche intelligenz llm mac prozesse sprachmodell\">\n\t\t\t\t\t\t\t<div class=\"dpt-entry-wrapper\"><div class=\"dpt-featured-content\"><div class=\"dpt-permalink\"><a href=\"https:\/\/www.markus-schall.de\/pt\/2026\/02\/se-o-mac-der-ouvidos-ao-que-o-ki-integrado-da-apple-com-o-gemini-e-o-siri-significara-para-os-utilizadores-no-futuro\/\" class=\"dpt-permalink\"><span class=\"screen-reader-text\">Quando o Mac ouve: o que a IA integrada do Apple com o Gemini e a Siri significar\u00e1 para os utilizadores no futuro<\/span><\/a><\/div><div class=\"dpt-thumbnail\"><div class=\"dpt-thumbnail-inner\"><img width=\"1024\" height=\"683\" class=\"attachment-full size-full\" alt=\"Apple, Siri e Gemini\" context=\"dpt\" data-dpt-src=\"https:\/\/www.markus-schall.de\/wp-content\/uploads\/Apple-Siri-Gemini.jpg\" data-dpt-sizes=\"(max-width: 1024px) 100vw, 1024px\" data-dpt-srcset=\"https:\/\/www.markus-schall.de\/wp-content\/uploads\/Apple-Siri-Gemini.jpg 1024w, https:\/\/www.markus-schall.de\/wp-content\/uploads\/Apple-Siri-Gemini-300x200.jpg 300w, https:\/\/www.markus-schall.de\/wp-content\/uploads\/Apple-Siri-Gemini-768x512.jpg 768w, https:\/\/www.markus-schall.de\/wp-content\/uploads\/Apple-Siri-Gemini-18x12.jpg 18w\" \/><\/div><span class=\"dpt-thumbnail-aspect-ratio\" style=\"padding-top: 67%\"><\/span><\/div><\/div><div class=\"sub-entry\"><h3 class=\"dpt-title\"><a class=\"dpt-title-link\" href=\"https:\/\/www.markus-schall.de\/pt\/2026\/02\/se-o-mac-der-ouvidos-ao-que-o-ki-integrado-da-apple-com-o-gemini-e-o-siri-significara-para-os-utilizadores-no-futuro\/\" rel=\"bookmark\">Quando o Mac ouve: o que a IA integrada do Apple com o Gemini e a Siri significar\u00e1 para os utilizadores no futuro<\/a><\/h3><\/div><\/div>\n\t\t\t\t\t\t<\/div><!-- .dpt-entry -->\n\t\t\t\t\t\t\t\t\t\t\t\t<div class=\"dpt-entry has-thumbnail\" data-title=\"ollama trifft qdrant: ein lokales ged\u00e4chtnis f\u00fcr deine ki auf dem mac\" data-id=\"2502\"  data-category=\"apple macos filemaker &amp; erp ki-systeme tipps &amp; anleitungen\" data-post_tag=\"docker filemaker k\u00fcnstliche intelligenz llama llm mistral neo4j ollama qdrant sprachmodell vektordatenbank\">\n\t\t\t\t\t\t\t<div class=\"dpt-entry-wrapper\"><div class=\"dpt-featured-content\"><div class=\"dpt-permalink\"><a href=\"https:\/\/www.markus-schall.de\/pt\/2025\/08\/ollama-encontra-qdrant-uma-memoria-local-para-o-seu-ki-no-mac\/\" class=\"dpt-permalink\"><span class=\"screen-reader-text\">Ollama encontra Qdrant: Uma mem\u00f3ria local para a sua IA no Mac<\/span><\/a><\/div><div class=\"dpt-thumbnail\"><div class=\"dpt-thumbnail-inner\"><img width=\"1440\" height=\"980\" class=\"attachment-full size-full\" alt=\"Mem\u00f3ria para IA local com Ollama e Qdrant\" context=\"dpt\" data-dpt-src=\"https:\/\/www.markus-schall.de\/wp-content\/uploads\/ollama-qdrant-gedaechtnis.jpg\" data-dpt-sizes=\"(max-width: 1440px) 100vw, 1440px\" data-dpt-srcset=\"https:\/\/www.markus-schall.de\/wp-content\/uploads\/ollama-qdrant-gedaechtnis.jpg 1440w, https:\/\/www.markus-schall.de\/wp-content\/uploads\/ollama-qdrant-gedaechtnis-300x204.jpg 300w, https:\/\/www.markus-schall.de\/wp-content\/uploads\/ollama-qdrant-gedaechtnis-1024x697.jpg 1024w, https:\/\/www.markus-schall.de\/wp-content\/uploads\/ollama-qdrant-gedaechtnis-768x523.jpg 768w, https:\/\/www.markus-schall.de\/wp-content\/uploads\/ollama-qdrant-gedaechtnis-18x12.jpg 18w\" \/><\/div><span class=\"dpt-thumbnail-aspect-ratio\" style=\"padding-top: 68%\"><\/span><\/div><\/div><div class=\"sub-entry\"><h3 class=\"dpt-title\"><a class=\"dpt-title-link\" href=\"https:\/\/www.markus-schall.de\/pt\/2025\/08\/ollama-encontra-qdrant-uma-memoria-local-para-o-seu-ki-no-mac\/\" rel=\"bookmark\">Ollama encontra Qdrant: Uma mem\u00f3ria local para a sua IA no Mac<\/a><\/h3><\/div><\/div>\n\t\t\t\t\t\t<\/div><!-- .dpt-entry -->\n\t\t\t\t\t\t\t\t\t\t\t\t<div class=\"dpt-entry has-thumbnail\" data-title=\"wie man heute schon ki-spezialisten ausbilden kann \u2013 chancen f\u00fcr unternehmen und azubis\" data-id=\"3120\"  data-category=\"allgemein b\u00fccher ki-systeme tipps &amp; anleitungen\" data-post_tag=\"buch datenbanken datenlogik denkmodelle k\u00fcnstliche intelligenz llm sprachmodell\">\n\t\t\t\t\t\t\t<div class=\"dpt-entry-wrapper\"><div class=\"dpt-featured-content\"><div class=\"dpt-permalink\"><a href=\"https:\/\/www.markus-schall.de\/pt\/2025\/10\/como-formar-especialistas-em-ki-atualmente-oportunidades-para-empresas-e-formandos\/\" class=\"dpt-permalink\"><span class=\"screen-reader-text\">Como os especialistas em IA podem ser formados atualmente - oportunidades para empresas e formandos<\/span><\/a><\/div><div class=\"dpt-thumbnail\"><div class=\"dpt-thumbnail-inner\"><img width=\"1024\" height=\"683\" class=\"attachment-full size-full\" alt=\"Formar um especialista em IA\" context=\"dpt\" data-dpt-src=\"https:\/\/www.markus-schall.de\/wp-content\/uploads\/ki-spezialist-ausbildung.jpg\" data-dpt-sizes=\"(max-width: 1024px) 100vw, 1024px\" data-dpt-srcset=\"https:\/\/www.markus-schall.de\/wp-content\/uploads\/ki-spezialist-ausbildung.jpg 1024w, https:\/\/www.markus-schall.de\/wp-content\/uploads\/ki-spezialist-ausbildung-300x200.jpg 300w, https:\/\/www.markus-schall.de\/wp-content\/uploads\/ki-spezialist-ausbildung-768x512.jpg 768w, https:\/\/www.markus-schall.de\/wp-content\/uploads\/ki-spezialist-ausbildung-18x12.jpg 18w\" \/><\/div><span class=\"dpt-thumbnail-aspect-ratio\" style=\"padding-top: 67%\"><\/span><\/div><\/div><div class=\"sub-entry\"><h3 class=\"dpt-title\"><a class=\"dpt-title-link\" href=\"https:\/\/www.markus-schall.de\/pt\/2025\/10\/como-formar-especialistas-em-ki-atualmente-oportunidades-para-empresas-e-formandos\/\" rel=\"bookmark\">Como os especialistas em IA podem ser formados atualmente - oportunidades para empresas e formandos<\/a><\/h3><\/div><\/div>\n\t\t\t\t\t\t<\/div><!-- .dpt-entry -->\n\t\t\t\t\t\t\n\t\t\t\t<\/div>\n\t\t\t\t\t\t<\/div>\n\t\t\t\n<hr \/>\n<h2>Perguntas mais frequentes<\/h2>\n<ol>\n<li><strong>O que se entende exatamente por \u201eimortalidade\u201c hoje em dia?<\/strong><br \/>\nO termo \u00e9 frequentemente dramatizado, mas na investiga\u00e7\u00e3o moderna refere-se a coisas muito diferentes. Por um lado, existe o prolongamento da vida biol\u00f3gica - por outras palavras, a tentativa de abrandar os processos de envelhecimento ou de tratar as doen\u00e7as de forma mais eficaz. Por outro lado, existe a imortalidade digital, que n\u00e3o tem a ver com o corpo, mas com formas de pensar e decis\u00f5es que s\u00e3o tecnicamente preservadas ou simuladas. E, por fim, h\u00e1 conceitos te\u00f3ricos como o \u201emind uploading\u201c, que, no estado atual das coisas, continua a ser pura especula\u00e7\u00e3o. A imortalidade n\u00e3o \u00e9, portanto, um conceito, mas um termo coletivo para abordagens muito diferentes.<\/li>\n<li><strong>Ser\u00e1 que a verdadeira imortalidade biol\u00f3gica \u00e9 sequer conceb\u00edvel?<\/strong><br \/>\nDe acordo com os conhecimentos actuais, \u00e9 extremamente improv\u00e1vel. O envelhecimento \u00e9 um processo extremamente complexo, que n\u00e3o \u00e9 controlado por um \u00fanico mecanismo, mas por v\u00e1rios ao mesmo tempo: gen\u00e9tica, metabolismo, danos celulares, inflama\u00e7\u00e3o e factores ambientais. Os investigadores podem abrandar certos aspectos ou aliviar os sintomas, mas parar completamente o envelhecimento est\u00e1 ainda muito longe. A perspetiva mais realista \u00e9 a de um per\u00edodo de sa\u00fade alargado, n\u00e3o a de uma vida eterna.<\/li>\n<li><strong>Que investiga\u00e7\u00e3o no dom\u00ednio da gen\u00e9tica \u00e9 particularmente promissora?<\/strong><br \/>\nOs desenvolvimentos mais interessantes dizem respeito \u00e0 repara\u00e7\u00e3o do ADN e \u00e0 melhoria dos mecanismos naturais de prote\u00e7\u00e3o das c\u00e9lulas. M\u00e9todos como o CRISPR permitem modificar especificamente genes individuais. Est\u00e1 tamb\u00e9m a ser desenvolvida uma intensa investiga\u00e7\u00e3o sobre os tel\u00f3meros, as capas protectoras dos cromossomas, cujo encurtamento assinala o envelhecimento biol\u00f3gico. Os primeiros estudos em animais mostram que os processos de envelhecimento podem ser parcialmente retardados - mas nos seres humanos isso ainda est\u00e1 longe de acontecer.<\/li>\n<li><strong>Ser\u00e1 alguma vez poss\u00edvel cultivar \u00f3rg\u00e3os de raiz?<\/strong><br \/>\nEste \u00e9 um dos cen\u00e1rios mais realistas. Os investigadores j\u00e1 conseguem fazer crescer em laborat\u00f3rio pequenas amostras de tecidos, cartilagens, pele ou estruturas simples de \u00f3rg\u00e3os. A bioimpress\u00e3o - a impress\u00e3o de \u00f3rg\u00e3os com impressoras 3D - est\u00e1 a desenvolver-se rapidamente. Os \u00f3rg\u00e3os totalmente funcionais ainda est\u00e3o longe, mas as bases j\u00e1 foram lan\u00e7adas. A substitui\u00e7\u00e3o de \u00f3rg\u00e3os defeituosos poder\u00e1 ser um elemento importante no futuro para prolongar significativamente a vida.<\/li>\n<li><strong>A cri\u00f3nica (congelamento ap\u00f3s a morte) \u00e9 uma op\u00e7\u00e3o s\u00e9ria?<\/strong><br \/>\nN\u00e3o de um ponto de vista cient\u00edfico. Apesar de as c\u00e9lulas poderem ser congeladas, um corpo ou um c\u00e9rebro completo sofre danos enormes no processo. As estruturas que constituem a personalidade, as mem\u00f3rias e a consci\u00eancia seriam irremediavelmente destru\u00eddas pelo congelamento. Os defensores esperam t\u00e9cnicas de repara\u00e7\u00e3o futuras - mas isso seria uma confian\u00e7a arriscada em tecnologias que n\u00e3o existem atualmente e que poder\u00e3o nunca vir a existir.<\/li>\n<li><strong>Poder\u00e1 uma IA tornar-se realmente uma imagem de uma pessoa?<\/strong><br \/>\nSim e n\u00e3o. A IA pode imitar muito bem o estilo de linguagem, a l\u00f3gica de pensamento e as decis\u00f5es t\u00edpicas de um ser humano - especialmente quando h\u00e1 muitos dados dispon\u00edveis. Trata-se de uma imita\u00e7\u00e3o funcional que pode ser muito \u00fatil para fins profissionais ou organizacionais. Mas uma IA n\u00e3o tem consci\u00eancia pr\u00f3pria, nem experi\u00eancia interior, nem perspetiva subjectiva. Comporta-se como um ser humano, mas n\u00e3o \u00e9 um ser humano.<\/li>\n<li><strong>Qual \u00e9 a diferen\u00e7a entre uma c\u00f3pia digital e a transmiss\u00e3o da consci\u00eancia?<\/strong><br \/>\nUma c\u00f3pia digital reproduz padr\u00f5es: linguagem, comportamento, prioridades. Pode assumir tarefas e at\u00e9 tomar decis\u00f5es complexas. A transfer\u00eancia de consci\u00eancia, por outro lado, significaria que uma pessoa continuaria a viver um verdadeiro \u201esentimento de eu\u201c numa m\u00e1quina. Atualmente, isto n\u00e3o \u00e9 tecnicamente poss\u00edvel. A c\u00f3pia \u00e9, portanto, uma esp\u00e9cie de avatar - funcional, mas n\u00e3o id\u00eantico ao original.<\/li>\n<li><strong>Quanto \u00e9 que pode ser preservado digitalmente sobre uma pessoa?<\/strong><br \/>\nSurpreendentemente, muito. Hist\u00f3rias de conversa\u00e7\u00e3o, documentos, vozes, imagens, decis\u00f5es, e-mails, processos profissionais - tudo isto resulta num perfil psicol\u00f3gico muito detalhado. Os modelos modernos podem usar isto para criar um sistema que soa, pensa e argumenta quase como a pessoa original. N\u00e3o est\u00e1 vivo, mas \u00e9 funcional e compreens\u00edvel.<\/li>\n<li><strong>Os rob\u00f4s human\u00f3ides podem realmente agir como humanos?<\/strong><br \/>\n\u00c9 muito prov\u00e1vel que isso aconte\u00e7a nas pr\u00f3ximas duas d\u00e9cadas. A rob\u00f3tica est\u00e1 a desenvolver-se rapidamente: as m\u00e1quinas podem andar, correr, saltar, agarrar e at\u00e9 fazer express\u00f5es faciais. Em combina\u00e7\u00e3o com modelos de IA personalizados, esses robots poderiam atuar como assistentes, ajudantes ou mesmo \u201esucessores digitais\u201c no futuro. N\u00e3o seriam humanos, mas poderiam reproduzir tecnicamente o comportamento humano.<\/li>\n<li><strong>S\u00e3o necess\u00e1rios muitos conhecimentos t\u00e9cnicos para proteger os vest\u00edgios digitais de uma forma significativa?<\/strong><br \/>\nN\u00e3o. Mesmo medidas simples podem ajudar: Guardar documentos, fazer c\u00f3pias de seguran\u00e7a de fotografias, armazenar notas de forma estruturada, registar conversas ou pensamentos importantes. Aqueles que mant\u00eam conscientemente os seus dados criam uma base que pode mais tarde ser analisada por sistemas de IA. O processamento t\u00e9cnico ser\u00e1 automatizado de qualquer forma - a quantidade e a qualidade do material \u00e9 crucial.<\/li>\n<li><strong>Qual \u00e9 o objetivo de arquivar hist\u00f3ricos de conversa\u00e7\u00e3o ou notas digitais?<\/strong><br \/>\nRepresentam uma parte da forma de pensar pessoal. Os futuros sistemas de IA ser\u00e3o capazes de criar um assistente digital muito preciso a partir destes dados. Isto pode ser extremamente valioso para familiares, empresas ou projectos pessoais. N\u00e3o se deixam apenas mem\u00f3rias, mas uma esp\u00e9cie de arquivo mental funcional que \u00e9 realmente \u00fatil.<\/li>\n<li><strong>Pode um avatar de IA continuar a gerir uma empresa?<\/strong><br \/>\nN\u00e3o completamente - mas pode dar um contributo extraordin\u00e1rio. Podem preparar decis\u00f5es, manter estilos de comunica\u00e7\u00e3o, colmatar lacunas de conhecimento e organizar projectos a longo prazo. Em combina\u00e7\u00e3o com trabalhadores humanos, \u00e9 criada uma mistura de experi\u00eancia humana e continuidade digital. A lideran\u00e7a continua a pertencer aos humanos, mas a IA est\u00e1 a assumir cada vez mais o trabalho de rotina e anal\u00edtico.<\/li>\n<li><strong>A imortalidade digital \u00e9 eticamente inaceit\u00e1vel?<\/strong><br \/>\nN\u00e3o necessariamente. As quest\u00f5es de propriedade, controlo, identidade e responsabilidade est\u00e3o ainda completamente em aberto. A quem pertence um g\u00e9meo digital? Pode ser apagado? Qu\u00e3o transparente deve ser? E como se pode evitar a utiliza\u00e7\u00e3o indevida? A tecnologia est\u00e1 mais avan\u00e7ada do que o debate - e \u00e9 precisamente por isso que estas quest\u00f5es s\u00e3o altamente relevantes.<\/li>\n<li><strong>Qual \u00e9 a maior vantagem da imortalidade digital?<\/strong><br \/>\nPreserva o conhecimento. Todos os dias, as pessoas perdem in\u00fameras experi\u00eancias, conhecimentos e compet\u00eancias que, muitas vezes, n\u00e3o est\u00e3o documentados. Os sistemas digitais podem tornar acess\u00edvel, a longo prazo, parte desta riqueza intelectual. N\u00e3o se trata de substituir as pessoas, mas de prolongar tecnicamente o trabalho das suas vidas.<\/li>\n<li><strong>Os filhos ou netos podem interagir com um avatar digital de forma significativa?<\/strong><br \/>\nSim, mas de uma forma funcional. Um avatar pode contar hist\u00f3rias, reconstruir experi\u00eancias, dar conselhos ou explicar formas de pensar. Pode simular uma proximidade emocional, mas n\u00e3o substitui uma rela\u00e7\u00e3o real. No entanto, pode tornar-se um complemento valioso - como um arquivo vivo que n\u00e3o se perde.<\/li>\n<li><strong>Que dados devem ser recolhidos se quiser ativar um avatar digital mais tarde?<\/strong><br \/>\nS\u00e3o \u00fateis: textos pessoais, grava\u00e7\u00f5es \u00e1udio, v\u00eddeos, processos profissionais, decis\u00f5es, notas, dados biogr\u00e1ficos e projectos a longo prazo. As exporta\u00e7\u00f5es regulares de sistemas em nuvem ou os hist\u00f3ricos de conversa\u00e7\u00e3o tamb\u00e9m s\u00e3o \u00fateis. Quanto mais estruturado for o material, mais preciso poder\u00e1 ser um avatar mais tarde.<\/li>\n<li><strong>At\u00e9 que ponto avan\u00e7ou realmente a investiga\u00e7\u00e3o sobre a transfer\u00eancia de consci\u00eancia?<\/strong><br \/>\nMuito longe do objetivo. N\u00e3o existe nenhum m\u00e9todo para medir a consci\u00eancia, muito menos para a transmitir. A investiga\u00e7\u00e3o atual centra-se na atividade neuronal, nos mecanismos de mem\u00f3ria e na estimula\u00e7\u00e3o cerebral - mas isto \u00e9 algo completamente diferente de um ego digital. A transfer\u00eancia da mente continua a ser um conceito te\u00f3rico sem uma verdadeira base t\u00e9cnica.<\/li>\n<li><strong>Qual \u00e9 a forma de \u201eimortalidade\u201c mais prov\u00e1vel?<\/strong><br \/>\nN\u00e3o o biol\u00f3gico, n\u00e3o o metaf\u00edsico, mas a continua\u00e7\u00e3o funcional: modelos digitais que continuam o pensamento, a tomada de decis\u00f5es e a comunica\u00e7\u00e3o de uma pessoa. N\u00e3o se trata de um renascimento - mas de uma esp\u00e9cie de legado intelectual que pode ser utilizado tecnicamente se as bases forem lan\u00e7adas hoje.<\/li>\n<\/ol>\n<hr \/>\n\n\t\t\t<div class=\"display-post-types\">\n\n\t\t\t\t\t\t\t<style type=\"text\/css\">\n\t\t\t#dpt-wrapper-961 { --dpt-text-align: left;--dpt-image-crop: center;--dpt-border-radius: 5px;--dpt-h-gutter: 10px;--dpt-v-gutter: 9px; }\t\t\t<\/style>\n\t\t\t<style type=\"text\/css\">#dpt-wrapper-961 { --dpt-title-font-style:normal;--dpt-title-font-weight:600;--dpt-title-line-height:1.5;--dpt-title-text-decoration:none;--dpt-title-text-transform:none;--dpt-excerpt-font-style:normal;--dpt-excerpt-font-weight:400;--dpt-excerpt-line-height:1.5;--dpt-excerpt-text-decoration:none;--dpt-excerpt-text-transform:none;--dpt-meta1-font-style:normal;--dpt-meta1-font-weight:400;--dpt-meta1-line-height:1.9;--dpt-meta1-text-decoration:none;--dpt-meta1-text-transform:none;--dpt-meta2-font-style:normal;--dpt-meta2-font-weight:400;--dpt-meta2-line-height:1.9;--dpt-meta2-text-decoration:none;--dpt-meta2-text-transform:none; }<\/style><div class=\"dpt-main-header\">\n\t\t\t\t\t\t<div class=\"dpt-main-title\">\n\t\t\t\t\t\t\t<span class=\"dpt-main-title-text\">Quest\u00f5es sociais da atualidade<\/span>\n\t\t\t\t\t\t<\/div>\n\t\t\t\t\t\t\n\t\t\t\t\t\t\n\t\t\t\t\t\t\n\t\t\t\t\t\t<\/div>\t\t\t\n\t\t\t\t<div id=\"dpt-wrapper-961\" class=\"dpt-wrapper dpt-mag1 land1 dpt-cropped dpt-flex-wrap\" >\n\n\t\t\t\t\t\t\t\t\t\t\t<div class=\"dpt-entry has-thumbnail\" data-title=\"helge schneider: haltung, humor und die freiheit, sich nicht erkl\u00e4ren zu m\u00fcssen\" data-id=\"4756\"  data-category=\"allgemein gesellschaft kunst &amp; kultur\" data-post_tag=\"deutschland erfahrungen meinungsfreiheit musik portrait\">\n\t\t\t\t\t\t\t<div class=\"dpt-entry-wrapper\"><div class=\"dpt-featured-content\"><div class=\"dpt-permalink\"><a href=\"https:\/\/www.markus-schall.de\/pt\/2026\/02\/helge-schneider-atitude-o-humor-e-a-liberdade-de-nao-ter-de-se-explicar\/\" class=\"dpt-permalink\"><span class=\"screen-reader-text\">Helge Schneider: Atitude, humor e a liberdade de n\u00e3o ter de se explicar<\/span><\/a><\/div><div class=\"dpt-thumbnail\"><div class=\"dpt-thumbnail-inner\"><img width=\"1024\" height=\"683\" class=\"attachment-full size-full\" alt=\"Retrato de Helge Schneider\" context=\"dpt\" data-dpt-src=\"https:\/\/www.markus-schall.de\/wp-content\/uploads\/Helge-Schneider.jpg\" data-dpt-sizes=\"(max-width: 1024px) 100vw, 1024px\" data-dpt-srcset=\"https:\/\/www.markus-schall.de\/wp-content\/uploads\/Helge-Schneider.jpg 1024w, https:\/\/www.markus-schall.de\/wp-content\/uploads\/Helge-Schneider-300x200.jpg 300w, https:\/\/www.markus-schall.de\/wp-content\/uploads\/Helge-Schneider-768x512.jpg 768w, https:\/\/www.markus-schall.de\/wp-content\/uploads\/Helge-Schneider-18x12.jpg 18w\" \/><\/div><span class=\"dpt-thumbnail-aspect-ratio\" style=\"padding-top: 75%\"><\/span><\/div><\/div><div class=\"sub-entry\"><h3 class=\"dpt-title\"><a class=\"dpt-title-link\" href=\"https:\/\/www.markus-schall.de\/pt\/2026\/02\/helge-schneider-atitude-o-humor-e-a-liberdade-de-nao-ter-de-se-explicar\/\" rel=\"bookmark\">Helge Schneider: Atitude, humor e a liberdade de n\u00e3o ter de se explicar<\/a><\/h3><\/div><\/div>\n\t\t\t\t\t\t<\/div><!-- .dpt-entry -->\n\t\t\t\t\t\t\t\t\t\t\t\t<div class=\"dpt-entry has-thumbnail\" data-title=\"wie ich in vier monaten f\u00fcnf b\u00fccher in zwei sprachen geschrieben habe\" data-id=\"2775\"  data-category=\"allgemein b\u00fccher gesellschaft tipps &amp; anleitungen\" data-post_tag=\"buch digitales eigentum lernen prozesse publishing verlag\">\n\t\t\t\t\t\t\t<div class=\"dpt-entry-wrapper\"><div class=\"dpt-featured-content\"><div class=\"dpt-permalink\"><a href=\"https:\/\/www.markus-schall.de\/pt\/2025\/09\/como-escrevi-cinco-livros-em-duas-linguas-em-quatro-meses\/\" class=\"dpt-permalink\"><span class=\"screen-reader-text\">Como escrevi cinco livros em duas l\u00ednguas em quatro meses<\/span><\/a><\/div><div class=\"dpt-thumbnail\"><div class=\"dpt-thumbnail-inner\"><img width=\"1920\" height=\"1280\" class=\"attachment-full size-full\" alt=\"Escrever livros com Affinity e BoD\" context=\"dpt\" data-dpt-src=\"https:\/\/www.markus-schall.de\/wp-content\/uploads\/buecher-affinity-bod-selfpublishing.jpg\" data-dpt-sizes=\"(max-width: 1920px) 100vw, 1920px\" data-dpt-srcset=\"https:\/\/www.markus-schall.de\/wp-content\/uploads\/buecher-affinity-bod-selfpublishing.jpg 1920w, https:\/\/www.markus-schall.de\/wp-content\/uploads\/buecher-affinity-bod-selfpublishing-300x200.jpg 300w, https:\/\/www.markus-schall.de\/wp-content\/uploads\/buecher-affinity-bod-selfpublishing-1024x683.jpg 1024w, https:\/\/www.markus-schall.de\/wp-content\/uploads\/buecher-affinity-bod-selfpublishing-768x512.jpg 768w, https:\/\/www.markus-schall.de\/wp-content\/uploads\/buecher-affinity-bod-selfpublishing-1536x1024.jpg 1536w, https:\/\/www.markus-schall.de\/wp-content\/uploads\/buecher-affinity-bod-selfpublishing-18x12.jpg 18w\" \/><\/div><span class=\"dpt-thumbnail-aspect-ratio\" style=\"padding-top: 75%\"><\/span><\/div><\/div><div class=\"sub-entry\"><h3 class=\"dpt-title\"><a class=\"dpt-title-link\" href=\"https:\/\/www.markus-schall.de\/pt\/2025\/09\/como-escrevi-cinco-livros-em-duas-linguas-em-quatro-meses\/\" rel=\"bookmark\">Como escrevi cinco livros em duas l\u00ednguas em quatro meses<\/a><\/h3><\/div><\/div>\n\t\t\t\t\t\t<\/div><!-- .dpt-entry -->\n\t\t\t\t\t\t\t\t\t\t\t\t<div class=\"dpt-entry has-thumbnail\" data-title=\"johann sebastian bach \u2013 ordnung, haltung und das fundament unserer musik\" data-id=\"5033\"  data-category=\"allgemein gesellschaft kunst &amp; kultur\" data-post_tag=\"deutschland musik portrait\">\n\t\t\t\t\t\t\t<div class=\"dpt-entry-wrapper\"><div class=\"dpt-featured-content\"><div class=\"dpt-permalink\"><a href=\"https:\/\/www.markus-schall.de\/pt\/2026\/02\/johann-sebastian-bach-a-atitude-da-ordem-e-a-base-da-nossa-musica\/\" class=\"dpt-permalink\"><span class=\"screen-reader-text\">Johann Sebastian Bach - ordem, atitude e a base da nossa m\u00fasica<\/span><\/a><\/div><div class=\"dpt-thumbnail\"><div class=\"dpt-thumbnail-inner\"><img width=\"1024\" height=\"683\" class=\"attachment-full size-full\" alt=\"Retrato de Johann Sebastian Bach\" context=\"dpt\" data-dpt-src=\"https:\/\/www.markus-schall.de\/wp-content\/uploads\/Johann-Sebastian-Bach-Portrait.jpg\" data-dpt-sizes=\"(max-width: 1024px) 100vw, 1024px\" data-dpt-srcset=\"https:\/\/www.markus-schall.de\/wp-content\/uploads\/Johann-Sebastian-Bach-Portrait.jpg 1024w, https:\/\/www.markus-schall.de\/wp-content\/uploads\/Johann-Sebastian-Bach-Portrait-300x200.jpg 300w, https:\/\/www.markus-schall.de\/wp-content\/uploads\/Johann-Sebastian-Bach-Portrait-768x512.jpg 768w, https:\/\/www.markus-schall.de\/wp-content\/uploads\/Johann-Sebastian-Bach-Portrait-18x12.jpg 18w\" \/><\/div><span class=\"dpt-thumbnail-aspect-ratio\" style=\"padding-top: 75%\"><\/span><\/div><\/div><div class=\"sub-entry\"><h3 class=\"dpt-title\"><a class=\"dpt-title-link\" href=\"https:\/\/www.markus-schall.de\/pt\/2026\/02\/johann-sebastian-bach-a-atitude-da-ordem-e-a-base-da-nossa-musica\/\" rel=\"bookmark\">Johann Sebastian Bach - ordem, atitude e a base da nossa m\u00fasica<\/a><\/h3><\/div><\/div>\n\t\t\t\t\t\t<\/div><!-- .dpt-entry -->\n\t\t\t\t\t\t\t\t\t\t\t\t<div class=\"dpt-entry has-thumbnail\" data-title=\"digitales eigentum erkl\u00e4rt \u2013 so entstehen nachhaltige online-verm\u00f6genswerte\" data-id=\"4766\"  data-category=\"allgemein b\u00fccher gesellschaft ki-systeme\" data-post_tag=\"buch datenbanken denkmodelle digitales eigentum erp-software k\u00fcnstliche intelligenz prozesse publishing\">\n\t\t\t\t\t\t\t<div class=\"dpt-entry-wrapper\"><div class=\"dpt-featured-content\"><div class=\"dpt-permalink\"><a href=\"https:\/\/www.markus-schall.de\/pt\/2026\/02\/a-propriedade-digital-explicou-como-sao-criados-activos-sustentaveis-em-linha\/\" class=\"dpt-permalink\"><span class=\"screen-reader-text\">A propriedade digital explicada - Como s\u00e3o criados activos em linha sustent\u00e1veis<\/span><\/a><\/div><div class=\"dpt-thumbnail\"><div class=\"dpt-thumbnail-inner\"><img width=\"1024\" height=\"683\" class=\"attachment-full size-full\" alt=\"O que \u00e9 a propriedade digital\" context=\"dpt\" data-dpt-src=\"https:\/\/www.markus-schall.de\/wp-content\/uploads\/Digitales-Eigentum.jpg\" data-dpt-sizes=\"(max-width: 1024px) 100vw, 1024px\" data-dpt-srcset=\"https:\/\/www.markus-schall.de\/wp-content\/uploads\/Digitales-Eigentum.jpg 1024w, https:\/\/www.markus-schall.de\/wp-content\/uploads\/Digitales-Eigentum-300x200.jpg 300w, https:\/\/www.markus-schall.de\/wp-content\/uploads\/Digitales-Eigentum-768x512.jpg 768w, https:\/\/www.markus-schall.de\/wp-content\/uploads\/Digitales-Eigentum-18x12.jpg 18w\" \/><\/div><span class=\"dpt-thumbnail-aspect-ratio\" style=\"padding-top: 75%\"><\/span><\/div><\/div><div class=\"sub-entry\"><h3 class=\"dpt-title\"><a class=\"dpt-title-link\" href=\"https:\/\/www.markus-schall.de\/pt\/2026\/02\/a-propriedade-digital-explicou-como-sao-criados-activos-sustentaveis-em-linha\/\" rel=\"bookmark\">A propriedade digital explicada - Como s\u00e3o criados activos em linha sustent\u00e1veis<\/a><\/h3><\/div><\/div>\n\t\t\t\t\t\t<\/div><!-- .dpt-entry -->\n\t\t\t\t\t\t\n\t\t\t\t<\/div>\n\t\t\t\t\t\t<\/div>\n\t\t\t\n<hr \/>","protected":false},"excerpt":{"rendered":"<p>Desde que o ser humano existe, tem havido um desejo de prolongar a vida - ou, de prefer\u00eancia, de a prolongar indefinidamente. No passado, eram os mitos, as religi\u00f5es, os alquimistas ou os rituais misteriosos que davam esperan\u00e7a \u00e0s pessoas. Atualmente, j\u00e1 n\u00e3o s\u00e3o os feiticeiros que se sentam em cima de pergaminhos antigos, mas algumas das pessoas mais ricas do mundo que se sentam em cima de tecnologia de ponta em biologia e IA. Parece ... <a title=\"A propriedade digital explicada - Como s\u00e3o criados activos em linha sustent\u00e1veis\" class=\"read-more\" href=\"https:\/\/www.markus-schall.de\/pt\/2026\/02\/a-propriedade-digital-explicou-como-sao-criados-activos-sustentaveis-em-linha\/\" aria-label=\"Leia mais sobre Propriedade digital explicada - Como s\u00e3o criados activos em linha sustent\u00e1veis\">Ler mais<\/a><\/p>","protected":false},"author":1,"featured_media":3646,"comment_status":"open","ping_status":"open","sticky":false,"template":"","format":"standard","meta":{"iawp_total_views":769,"footnotes":""},"categories":[1,466,431],"tags":[444,471,428,433,442,434],"class_list":["post-3624","post","type-post","status-publish","format-standard","has-post-thumbnail","hentry","category-allgemein","category-gesellschaft","category-ki-systeme","tag-denkmodelle","tag-kuenstliche-intelligenz","tag-lernen","tag-llm","tag-prozesse","tag-sprachmodell"],"_links":{"self":[{"href":"https:\/\/www.markus-schall.de\/pt\/wp-json\/wp\/v2\/posts\/3624","targetHints":{"allow":["GET"]}}],"collection":[{"href":"https:\/\/www.markus-schall.de\/pt\/wp-json\/wp\/v2\/posts"}],"about":[{"href":"https:\/\/www.markus-schall.de\/pt\/wp-json\/wp\/v2\/types\/post"}],"author":[{"embeddable":true,"href":"https:\/\/www.markus-schall.de\/pt\/wp-json\/wp\/v2\/users\/1"}],"replies":[{"embeddable":true,"href":"https:\/\/www.markus-schall.de\/pt\/wp-json\/wp\/v2\/comments?post=3624"}],"version-history":[{"count":16,"href":"https:\/\/www.markus-schall.de\/pt\/wp-json\/wp\/v2\/posts\/3624\/revisions"}],"predecessor-version":[{"id":3700,"href":"https:\/\/www.markus-schall.de\/pt\/wp-json\/wp\/v2\/posts\/3624\/revisions\/3700"}],"wp:featuredmedia":[{"embeddable":true,"href":"https:\/\/www.markus-schall.de\/pt\/wp-json\/wp\/v2\/media\/3646"}],"wp:attachment":[{"href":"https:\/\/www.markus-schall.de\/pt\/wp-json\/wp\/v2\/media?parent=3624"}],"wp:term":[{"taxonomy":"category","embeddable":true,"href":"https:\/\/www.markus-schall.de\/pt\/wp-json\/wp\/v2\/categories?post=3624"},{"taxonomy":"post_tag","embeddable":true,"href":"https:\/\/www.markus-schall.de\/pt\/wp-json\/wp\/v2\/tags?post=3624"}],"curies":[{"name":"wp","href":"https:\/\/api.w.org\/{rel}","templated":true}]}}