{"id":3727,"date":"2025-11-28T08:00:57","date_gmt":"2025-11-28T08:00:57","guid":{"rendered":"https:\/\/www.markus-schall.de\/?p=3727"},"modified":"2025-12-24T08:18:23","modified_gmt":"2025-12-24T08:18:23","slug":"cloud-act-soberania-dos-dados-e-suica-um-ponto-de-viragem-para-as-estrategias-europeias-de-tecnologias-da-informacao","status":"publish","type":"post","link":"https:\/\/www.markus-schall.de\/pt\/2025\/11\/cloud-act-soberania-dos-dados-e-suica-um-ponto-de-viragem-para-as-estrategias-europeias-de-tecnologias-da-informacao\/","title":{"rendered":"CLOUD Act, soberania dos dados e Su\u00ed\u00e7a: um ponto de viragem para as estrat\u00e9gias europeias de TI?"},"content":{"rendered":"<p>Em meados de novembro, aconteceu na Su\u00ed\u00e7a algo que quase ningu\u00e9m esperava desta forma: Os comiss\u00e1rios de prote\u00e7\u00e3o de dados do pa\u00eds aprovaram uma resolu\u00e7\u00e3o clara, quase hist\u00f3rica. A mensagem subjacente \u00e9 simples - e, ao mesmo tempo, altamente controversa: as autoridades p\u00fablicas n\u00e3o devem continuar a subcontratar sem hesita\u00e7\u00e3o os seus dados mais sens\u00edveis a servi\u00e7os internacionais de computa\u00e7\u00e3o em nuvem, como o Microsoft 365. Porqu\u00ea?<!--more--><\/p>\n<p>Porque a responsabilidade por dados particularmente confidenciais - registos de sa\u00fade, casos sociais, investiga\u00e7\u00f5es criminais, documentos internos - n\u00e3o deve ser entregue a empresas que nunca podem tecnicamente excluir completamente o acesso a esses dados. \u00c9 precisamente este o cerne da decis\u00e3o su\u00ed\u00e7a. N\u00e3o \u00e9 preciso estar profundamente envolvido em TI para compreender a ideia de base. No passado, os ficheiros importantes eram guardados num arm\u00e1rio fechado \u00e0 chave na C\u00e2mara Municipal. Hoje, os mesmos dados s\u00e3o frequentemente armazenados algures no estrangeiro - nos servidores de grandes empresas americanas, que por sua vez utilizam as suas pr\u00f3prias empresas parceiras e subcontratadas. E mesmo que esses fornecedores nos garantam que tudo est\u00e1 seguro, as pr\u00f3prias autoridades j\u00e1 n\u00e3o podem verificar isso.<\/p>\n<hr \/>\n\n\t\t\t<div class=\"display-post-types\">\n\n\t\t\t\t\t\t\t<style type=\"text\/css\">\n\t\t\t#dpt-wrapper-710 { --dpt-text-align: left;--dpt-image-crop: center;--dpt-border-radius: 5px;--dpt-h-gutter: 10px;--dpt-v-gutter: 9px; }\t\t\t<\/style>\n\t\t\t<style type=\"text\/css\">#dpt-wrapper-710 { --dpt-title-font-style:normal;--dpt-title-font-weight:600;--dpt-title-line-height:1.5;--dpt-title-text-decoration:none;--dpt-title-text-transform:none;--dpt-excerpt-font-style:normal;--dpt-excerpt-font-weight:400;--dpt-excerpt-line-height:1.5;--dpt-excerpt-text-decoration:none;--dpt-excerpt-text-transform:none;--dpt-meta1-font-style:normal;--dpt-meta1-font-weight:400;--dpt-meta1-line-height:1.9;--dpt-meta1-text-decoration:none;--dpt-meta1-text-transform:none;--dpt-meta2-font-style:normal;--dpt-meta2-font-weight:400;--dpt-meta2-line-height:1.9;--dpt-meta2-text-decoration:none;--dpt-meta2-text-transform:none; }<\/style><div class=\"dpt-main-header\">\n\t\t\t\t\t\t<div class=\"dpt-main-title\">\n\t\t\t\t\t\t\t<span class=\"dpt-main-title-text\">Quest\u00f5es sociais da atualidade<\/span>\n\t\t\t\t\t\t<\/div>\n\t\t\t\t\t\t\n\t\t\t\t\t\t\n\t\t\t\t\t\t\n\t\t\t\t\t\t<\/div>\t\t\t\n\t\t\t\t<div id=\"dpt-wrapper-710\" class=\"dpt-wrapper dpt-mag1 land1 dpt-cropped dpt-flex-wrap\" >\n\n\t\t\t\t\t\t\t\t\t\t\t<div class=\"dpt-entry has-thumbnail\" data-title=\"zustand der deutschen wirtschaft 2025: f\u00fcnf jahre krise, zahlen, trends und ausblick\" data-id=\"3773\"  data-category=\"allgemein gesellschaft\" data-post_tag=\"auswandern deutschland energiepolitik erfahrungen geopolitik krisen ratgeber\">\n\t\t\t\t\t\t\t<div class=\"dpt-entry-wrapper\"><div class=\"dpt-featured-content\"><div class=\"dpt-permalink\"><a href=\"https:\/\/www.markus-schall.de\/pt\/2025\/12\/estado-da-economia-alema-2025-cinco-anos-de-crise-numeros-tendencias-e-perspectivas\/\" class=\"dpt-permalink\"><span class=\"screen-reader-text\">Situa\u00e7\u00e3o da economia alem\u00e3 em 2025: cinco anos de crise, n\u00fameros, tend\u00eancias e perspectivas<\/span><\/a><\/div><div class=\"dpt-thumbnail\"><div class=\"dpt-thumbnail-inner\"><img width=\"1024\" height=\"683\" class=\"attachment-full size-full\" alt=\"Situa\u00e7\u00e3o da economia alem\u00e3 em 2025\" context=\"dpt\" data-dpt-src=\"https:\/\/www.markus-schall.de\/wp-content\/uploads\/zustand-deutschland-2025.jpg\" data-dpt-sizes=\"(max-width: 1024px) 100vw, 1024px\" data-dpt-srcset=\"https:\/\/www.markus-schall.de\/wp-content\/uploads\/zustand-deutschland-2025.jpg 1024w, https:\/\/www.markus-schall.de\/wp-content\/uploads\/zustand-deutschland-2025-300x200.jpg 300w, https:\/\/www.markus-schall.de\/wp-content\/uploads\/zustand-deutschland-2025-768x512.jpg 768w, https:\/\/www.markus-schall.de\/wp-content\/uploads\/zustand-deutschland-2025-18x12.jpg 18w\" \/><\/div><span class=\"dpt-thumbnail-aspect-ratio\" style=\"padding-top: 75%\"><\/span><\/div><\/div><div class=\"sub-entry\"><h3 class=\"dpt-title\"><a class=\"dpt-title-link\" href=\"https:\/\/www.markus-schall.de\/pt\/2025\/12\/estado-da-economia-alema-2025-cinco-anos-de-crise-numeros-tendencias-e-perspectivas\/\" rel=\"bookmark\">Situa\u00e7\u00e3o da economia alem\u00e3 em 2025: cinco anos de crise, n\u00fameros, tend\u00eancias e perspectivas<\/a><\/h3><\/div><\/div>\n\t\t\t\t\t\t<\/div><!-- .dpt-entry -->\n\t\t\t\t\t\t\t\t\t\t\t\t<div class=\"dpt-entry has-thumbnail\" data-title=\"auswandern nach tschechien: mein weg, meine gr\u00fcnde, meine pl\u00e4ne\" data-id=\"3069\"  data-category=\"allgemein gesellschaft\" data-post_tag=\"auswandern erfahrungen krisen pers\u00f6nlichkeitsentwicklung ratgeber\">\n\t\t\t\t\t\t\t<div class=\"dpt-entry-wrapper\"><div class=\"dpt-featured-content\"><div class=\"dpt-permalink\"><a href=\"https:\/\/www.markus-schall.de\/pt\/2025\/10\/emigrar-para-a-republica-checa-a-minha-maneira-as-minhas-razoes-os-meus-planos\/\" class=\"dpt-permalink\"><span class=\"screen-reader-text\">Emigrar para a Rep\u00fablica Checa: o meu percurso, as minhas raz\u00f5es, os meus planos<\/span><\/a><\/div><div class=\"dpt-thumbnail\"><div class=\"dpt-thumbnail-inner\"><img width=\"2560\" height=\"1558\" class=\"attachment-full size-full\" alt=\"Emigrar para a Rep\u00fablica Checa\" context=\"dpt\" data-dpt-src=\"https:\/\/www.markus-schall.de\/wp-content\/uploads\/auswandern-tschechien-titel-scaled.jpg\" data-dpt-sizes=\"(max-width: 2560px) 100vw, 2560px\" data-dpt-srcset=\"https:\/\/www.markus-schall.de\/wp-content\/uploads\/auswandern-tschechien-titel-scaled.jpg 2560w, https:\/\/www.markus-schall.de\/wp-content\/uploads\/auswandern-tschechien-titel-300x183.jpg 300w, https:\/\/www.markus-schall.de\/wp-content\/uploads\/auswandern-tschechien-titel-1024x623.jpg 1024w, https:\/\/www.markus-schall.de\/wp-content\/uploads\/auswandern-tschechien-titel-768x467.jpg 768w, https:\/\/www.markus-schall.de\/wp-content\/uploads\/auswandern-tschechien-titel-1536x935.jpg 1536w, https:\/\/www.markus-schall.de\/wp-content\/uploads\/auswandern-tschechien-titel-2048x1246.jpg 2048w, https:\/\/www.markus-schall.de\/wp-content\/uploads\/auswandern-tschechien-titel-18x12.jpg 18w\" \/><\/div><span class=\"dpt-thumbnail-aspect-ratio\" style=\"padding-top: 75%\"><\/span><\/div><\/div><div class=\"sub-entry\"><h3 class=\"dpt-title\"><a class=\"dpt-title-link\" href=\"https:\/\/www.markus-schall.de\/pt\/2025\/10\/emigrar-para-a-republica-checa-a-minha-maneira-as-minhas-razoes-os-meus-planos\/\" rel=\"bookmark\">Emigrar para a Rep\u00fablica Checa: o meu percurso, as minhas raz\u00f5es, os meus planos<\/a><\/h3><\/div><\/div>\n\t\t\t\t\t\t<\/div><!-- .dpt-entry -->\n\t\t\t\t\t\t\t\t\t\t\t\t<div class=\"dpt-entry has-thumbnail\" data-title=\"klimaschutz mit tunnelblick \u2013 elektromobilit\u00e4t, lobbyarbeit und die verdr\u00e4ngten kosten\" data-id=\"4729\"  data-category=\"allgemein gesellschaft\" data-post_tag=\"deutschland energiepolitik erfahrungen eu-gesetze europa\">\n\t\t\t\t\t\t\t<div class=\"dpt-entry-wrapper\"><div class=\"dpt-featured-content\"><div class=\"dpt-permalink\"><a href=\"https:\/\/www.markus-schall.de\/pt\/2026\/02\/protecao-do-clima-com-visao-de-tunel-lobbies-da-electromobilidade-e-os-custos-ocultos\/\" class=\"dpt-permalink\"><span class=\"screen-reader-text\">Prote\u00e7\u00e3o clim\u00e1tica com vis\u00e3o de t\u00fanel - electromobilidade, lobbies e custos suprimidos<\/span><\/a><\/div><div class=\"dpt-thumbnail\"><div class=\"dpt-thumbnail-inner\"><img width=\"1024\" height=\"683\" class=\"attachment-full size-full\" alt=\"Electromobilidade sem ideologia\" context=\"dpt\" data-dpt-src=\"https:\/\/www.markus-schall.de\/wp-content\/uploads\/Elektromobilitaet-ohne-Ideologie.jpg\" data-dpt-sizes=\"(max-width: 1024px) 100vw, 1024px\" data-dpt-srcset=\"https:\/\/www.markus-schall.de\/wp-content\/uploads\/Elektromobilitaet-ohne-Ideologie.jpg 1024w, https:\/\/www.markus-schall.de\/wp-content\/uploads\/Elektromobilitaet-ohne-Ideologie-300x200.jpg 300w, https:\/\/www.markus-schall.de\/wp-content\/uploads\/Elektromobilitaet-ohne-Ideologie-768x512.jpg 768w, https:\/\/www.markus-schall.de\/wp-content\/uploads\/Elektromobilitaet-ohne-Ideologie-18x12.jpg 18w\" \/><\/div><span class=\"dpt-thumbnail-aspect-ratio\" style=\"padding-top: 75%\"><\/span><\/div><\/div><div class=\"sub-entry\"><h3 class=\"dpt-title\"><a class=\"dpt-title-link\" href=\"https:\/\/www.markus-schall.de\/pt\/2026\/02\/protecao-do-clima-com-visao-de-tunel-lobbies-da-electromobilidade-e-os-custos-ocultos\/\" rel=\"bookmark\">Prote\u00e7\u00e3o clim\u00e1tica com vis\u00e3o de t\u00fanel - electromobilidade, lobbies e custos suprimidos<\/a><\/h3><\/div><\/div>\n\t\t\t\t\t\t<\/div><!-- .dpt-entry -->\n\t\t\t\t\t\t\t\t\t\t\t\t<div class=\"dpt-entry has-thumbnail\" data-title=\"die elektronische patientenakte (epa) im faktencheck: risiken, rechte und widerspruch\" data-id=\"3412\"  data-category=\"gesellschaft gesundheit tipps &amp; anleitungen\" data-post_tag=\"datenschutz eu-gesetze gesundheit prozesse ratgeber\">\n\t\t\t\t\t\t\t<div class=\"dpt-entry-wrapper\"><div class=\"dpt-featured-content\"><div class=\"dpt-permalink\"><a href=\"https:\/\/www.markus-schall.de\/pt\/2025\/11\/o-registo-eletronico-do-doente-epa-verificacao-dos-factos-riscos-direitos-e-objeccoes\/\" class=\"dpt-permalink\"><span class=\"screen-reader-text\">Um balan\u00e7o do processo cl\u00ednico eletr\u00f3nico (PEP): riscos, direitos e objec\u00e7\u00f5es<\/span><\/a><\/div><div class=\"dpt-thumbnail\"><div class=\"dpt-thumbnail-inner\"><img width=\"1024\" height=\"683\" class=\"attachment-full size-full\" alt=\"Todos os factos sobre o processo cl\u00ednico eletr\u00f3nico\" context=\"dpt\" data-dpt-src=\"https:\/\/www.markus-schall.de\/wp-content\/uploads\/Elektronische-Patientenakte.jpg\" data-dpt-sizes=\"(max-width: 1024px) 100vw, 1024px\" data-dpt-srcset=\"https:\/\/www.markus-schall.de\/wp-content\/uploads\/Elektronische-Patientenakte.jpg 1024w, https:\/\/www.markus-schall.de\/wp-content\/uploads\/Elektronische-Patientenakte-300x200.jpg 300w, https:\/\/www.markus-schall.de\/wp-content\/uploads\/Elektronische-Patientenakte-768x512.jpg 768w, https:\/\/www.markus-schall.de\/wp-content\/uploads\/Elektronische-Patientenakte-18x12.jpg 18w\" \/><\/div><span class=\"dpt-thumbnail-aspect-ratio\" style=\"padding-top: 75%\"><\/span><\/div><\/div><div class=\"sub-entry\"><h3 class=\"dpt-title\"><a class=\"dpt-title-link\" href=\"https:\/\/www.markus-schall.de\/pt\/2025\/11\/o-registo-eletronico-do-doente-epa-verificacao-dos-factos-riscos-direitos-e-objeccoes\/\" rel=\"bookmark\">Um balan\u00e7o do processo cl\u00ednico eletr\u00f3nico (PEP): riscos, direitos e objec\u00e7\u00f5es<\/a><\/h3><\/div><\/div>\n\t\t\t\t\t\t<\/div><!-- .dpt-entry -->\n\t\t\t\t\t\t\n\t\t\t\t<\/div>\n\t\t\t\t\t\t<\/div>\n\t\t\t\n<hr \/>\n<p>H\u00e1 tamb\u00e9m um ponto que \u00e9 frequentemente ignorado no debate p\u00fablico: as empresas americanas podem ser obrigadas a entregar dados ao abrigo de leis americanas como o CLOUD Act - mesmo que esses dados estejam efetivamente armazenados na Europa. Para os pa\u00edses europeus, e ainda mais para um pa\u00eds como a Su\u00ed\u00e7a, que tradicionalmente valoriza muito a independ\u00eancia, este \u00e9 um fardo pesado. Perante este cen\u00e1rio, as autoridades su\u00ed\u00e7as respons\u00e1veis pela prote\u00e7\u00e3o de dados tornaram agora clara a sua posi\u00e7\u00e3o:<\/p>\n<blockquote><p><em>Se uma autoridade p\u00fablica armazena dados especialmente protegidos ou mesmo abrangidos pelo sigilo oficial, ningu\u00e9m mais - nem mesmo um fornecedor de servi\u00e7os de computa\u00e7\u00e3o em nuvem - deve poder aceder a esses dados. E enquanto n\u00e3o houver uma verdadeira encripta\u00e7\u00e3o de ponta a ponta, em que s\u00f3 a autoridade gere as chaves, isso simplesmente n\u00e3o \u00e9 vi\u00e1vel com os actuais servi\u00e7os em nuvem.<\/em><\/p><\/blockquote>\n<p>A Su\u00ed\u00e7a est\u00e1, assim, a puxar o cordel - por prud\u00eancia, tradi\u00e7\u00e3o e um entendimento profundamente enraizado de que os dados do Estado s\u00e3o um bem particularmente valioso. E, curiosamente, as autoridades alem\u00e3s, os respons\u00e1veis pela prote\u00e7\u00e3o de dados e os gestores de TI est\u00e3o agora tamb\u00e9m a olhar com muita aten\u00e7\u00e3o para ver se est\u00e1 a surgir aqui uma nova norma.<\/p>\n<h2>O que diz realmente a resolu\u00e7\u00e3o su\u00ed\u00e7a<\/h2>\n<p>Como <strong><a href=\"https:\/\/www.heise.de\/news\/Schweiz-Datenschuetzer-verhaengen-breites-Cloud-Verbot-fuer-Behoerden-11093438.html\" target=\"_blank\" rel=\"noopener\">Heise Online<\/a><\/strong>\u00a0e <a href=\"https:\/\/www.inside-it.ch\/privatim-auslagerung-sensibler-behoerdendaten-in-m365-unzulaessig-20251125\" target=\"_blank\" rel=\"noopener\"><strong>Por dentro da TI<\/strong><\/a> Tal como referimos no nosso relat\u00f3rio, esta decis\u00e3o foi tomada pela Confer\u00eancia de Prote\u00e7\u00e3o de Dados privatim, uma associa\u00e7\u00e3o do Comiss\u00e1rio Federal para a Prote\u00e7\u00e3o de Dados e de todas as autoridades de supervis\u00e3o cantonais. Embora as suas decis\u00f5es n\u00e3o sejam leis, t\u00eam um enorme peso. Na pr\u00e1tica, muitas autoridades aplicam as suas orienta\u00e7\u00f5es como se fossem vinculativas - porque especificam o que \u00e9 permitido e respons\u00e1vel do ponto de vista da prote\u00e7\u00e3o de dados. A quem se destina a resolu\u00e7\u00e3o? O grupo-alvo s\u00e3o as autoridades p\u00fablicas:<\/p>\n<ul>\n<li>Autoridades federais<\/li>\n<li>Gabinetes cantonais<\/li>\n<li>Munic\u00edpios<\/li>\n<li>Tribunais<\/li>\n<li>institui\u00e7\u00f5es estatais<\/li>\n<\/ul>\n<p>As empresas privadas n\u00e3o s\u00e3o formalmente afectadas pela resolu\u00e7\u00e3o. No entanto, se as normas para as institui\u00e7\u00f5es estatais forem estabelecidas de forma t\u00e3o rigorosa, o sector privado ter\u00e1 dificuldade em adotar uma abordagem muito mais laxista no futuro - especialmente em \u00e1reas como os cuidados de sa\u00fade, a educa\u00e7\u00e3o e os seguros.<\/p>\n<h3>A mensagem principal: os dados sens\u00edveis n\u00e3o pertencem \u00e0s nuvens internacionais<\/h3>\n<p>O <a href=\"https:\/\/www.privatim.ch\/wp-content\/uploads\/2025\/11\/20251124_privatim_Resolution-Hyperscaler_DE.pdf\" target=\"_blank\" rel=\"noopener\"><strong>Resolu\u00e7\u00e3o<\/strong><\/a> formula-o de forma cuidadosa mas inequ\u00edvoca: os dados mais sens\u00edveis da administra\u00e7\u00e3o p\u00fablica n\u00e3o devem ser externalizados para servi\u00e7os de computa\u00e7\u00e3o em nuvem, desde que os fornecedores possam ter acesso t\u00e9cnico. E isto n\u00e3o se aplica a qualquer aplica\u00e7\u00e3o de nicho, mas precisamente aos produtos de computa\u00e7\u00e3o em nuvem que muitas administra\u00e7\u00f5es utilizam atualmente como padr\u00e3o, incluindo<\/p>\n<ul>\n<li>Microsoft 365<\/li>\n<li>Espa\u00e7o de trabalho Google<\/li>\n<li>V\u00e1rias aplica\u00e7\u00f5es SaaS de fornecedores internacionais<\/li>\n<\/ul>\n<p>O ponto de disc\u00f3rdia \u00e9 sempre o mesmo: n\u00e3o existe uma verdadeira encripta\u00e7\u00e3o de ponta a ponta quando a autoridade det\u00e9m as chaves e o fornecedor est\u00e1 tecnicamente exclu\u00eddo. Enquanto o pr\u00f3prio servi\u00e7o de nuvem fizer actualiza\u00e7\u00f5es, configura\u00e7\u00f5es ou tiver direitos de administrador em caso de assist\u00eancia, o acesso te\u00f3rico mant\u00e9m-se - e isso \u00e9 um risco mais do que suficiente para os especialistas su\u00ed\u00e7os em prote\u00e7\u00e3o de dados.<\/p>\n<h3>Porque \u00e9 que a Su\u00ed\u00e7a est\u00e1 a tra\u00e7ar esta linha<\/h3>\n<p>A decis\u00e3o su\u00ed\u00e7a segue uma l\u00f3gica clara que poderia ser resumida num princ\u00edpio cl\u00e1ssico, quase antiquado:<br \/>\nN\u00e3o se pode realmente proteger o que n\u00e3o est\u00e1 na nossa pr\u00f3pria esfera de influ\u00eancia. Tr\u00eas motivos est\u00e3o no centro desta situa\u00e7\u00e3o:<\/p>\n<ul>\n<li><strong>Prote\u00e7\u00e3o da soberania do Estado<\/strong>Os dados do Estado s\u00e3o a base da soberania. Se os fornecedores internacionais - possivelmente at\u00e9 sob jurisdi\u00e7\u00e3o estrangeira - puderem teoricamente aceder a esses dados, o Estado perde uma parte dessa soberania.<\/li>\n<li><strong>Prote\u00e7\u00e3o do segredo de Estado<\/strong>O segredo oficial \u00e9 particularmente importante na Su\u00ed\u00e7a. N\u00e3o se destina apenas a evitar intrigas pol\u00edticas, mas tamb\u00e9m a garantir a confian\u00e7a dos cidad\u00e3os. A partir do momento em que os dados saem do pa\u00eds, esta confian\u00e7a torna-se mais dif\u00edcil de garantir.<\/li>\n<li><strong>Prote\u00e7\u00e3o de dados pessoais particularmente sens\u00edveis<\/strong>Dados de sa\u00fade, ficheiros policiais, casos sociais - todos estes s\u00e3o dom\u00ednios em que o acesso n\u00e3o autorizado teria consequ\u00eancias graves. E mesmo o mais pequeno risco \u00e9 considerado inaceit\u00e1vel neste dom\u00ednio.<\/li>\n<\/ul>\n<h3>Que dados s\u00e3o particularmente afectados?<\/h3>\n<p>A resolu\u00e7\u00e3o fala explicitamente de:<\/p>\n<ul>\n<li>dados pessoais particularmente sens\u00edveis<\/li>\n<li>Dados sujeitos a confidencialidade legal (sigilo oficial)<\/li>\n<li>Dados da pol\u00edcia, justi\u00e7a, servi\u00e7os sociais, sa\u00fade, administra\u00e7\u00e3o<\/li>\n<\/ul>\n<p>Para estas informa\u00e7\u00f5es, a resolu\u00e7\u00e3o exige uma norma que os actuais sistemas SaaS n\u00e3o oferecem: encripta\u00e7\u00e3o total sob o controlo exclusivo da autoridade. Sem esta norma, a externaliza\u00e7\u00e3o para nuvens internacionais \u00e9 \u201ena maioria dos casos inadmiss\u00edvel\u201c - de acordo com a reda\u00e7\u00e3o.<\/p>\n<h3>O que \u00e9 que resta \u00e0s autoridades fazer?<\/h3>\n<p>Em termos t\u00e9cnicos, s\u00f3 t\u00eam um corredor estreito:<\/p>\n<ul>\n<li>Armazenamento em nuvem com a sua pr\u00f3pria encripta\u00e7\u00e3o a montante<\/li>\n<li>Explora\u00e7\u00e3o de infra-estruturas-chave pr\u00f3prias<\/li>\n<li>ou solu\u00e7\u00f5es completamente locais, ou seja, no local ou de fornecedores su\u00ed\u00e7os<\/li>\n<\/ul>\n<p>Isto n\u00e3o significa que as autoridades deixem de poder utilizar a nuvem. Mas t\u00eam de garantir que o fornecedor n\u00e3o tem forma de ler os dados em texto simples. E, na pr\u00e1tica, isso \u00e9 praticamente imposs\u00edvel com a maioria das ferramentas modernas de nuvem, porque esses sistemas s\u00f3 podem cumprir suas fun\u00e7\u00f5es se eles pr\u00f3prios processarem os dados. A Su\u00ed\u00e7a est\u00e1, portanto, a dizer indiretamente:<\/p>\n<blockquote><p><em>\u201eUtilize a nuvem com modera\u00e7\u00e3o e apenas onde pode realmente control\u00e1-la.\u201c<\/em><\/p><\/blockquote>\n<p>Trata-se de um passo not\u00e1vel, que tamb\u00e9m est\u00e1 a suscitar discuss\u00f5es fora da Su\u00ed\u00e7a.<\/p>\n<h2>Os cinco principais argumentos - desde a falta de encripta\u00e7\u00e3o de ponta a ponta at\u00e9 \u00e0 lotaria de contratos<\/h2>\n<h3>1. aus\u00eancia de uma verdadeira encripta\u00e7\u00e3o de extremo a extremo<\/h3>\n<p>O ponto mais importante \u00e9 tamb\u00e9m o mais simples: desde que um fornecedor de servi\u00e7os em nuvem tenha acesso t\u00e9cnico aos dados, n\u00e3o \u00e9 permitido utiliz\u00e1-lo para informa\u00e7\u00f5es particularmente sens\u00edveis. E \u00e9 precisamente aqui que praticamente todas as ofertas internacionais de SaaS falham - mesmo que se autodenominem \u201eseguras\u201c, \u201ecertificadas\u201c ou \u201ecompat\u00edveis com a prote\u00e7\u00e3o de dados\u201c. Porqu\u00ea? Porque servi\u00e7os como o Microsoft 365, o Google Workspace ou outras grandes plataformas na nuvem s\u00f3 funcionam se puderem processar os dados do nosso trabalho: Documentos, e-mails, calend\u00e1rios, reuni\u00f5es, chats. Os sistemas analisam, pesquisam, sincronizam e ligam conte\u00fados - \u00e9 esse o seu modelo de neg\u00f3cio.<\/p>\n<p>Uma verdadeira encripta\u00e7\u00e3o de ponta a ponta, em que apenas a autoridade det\u00e9m a chave e o fornecedor n\u00e3o tem conhecimento, tornaria estas fun\u00e7\u00f5es praticamente imposs\u00edveis. \u00c9 precisamente por isso que os fornecedores n\u00e3o oferecem uma separa\u00e7\u00e3o completa neste dom\u00ednio. E \u00e9 por isso que os especialistas su\u00ed\u00e7os em prote\u00e7\u00e3o de dados afirmam:<\/p>\n<blockquote><p><em>\u201eEnquanto isso n\u00e3o for poss\u00edvel, n\u00e3o podemos utilizar esses sistemas com a consci\u00eancia tranquila.\u201c<\/em><\/p><\/blockquote>\n<h3>2. cadeias de subcontrata\u00e7\u00e3o n\u00e3o transparentes e falta de controlo<\/h3>\n<p>Os grandes fornecedores de servi\u00e7os de computa\u00e7\u00e3o em nuvem trabalham com uma enorme rede de subcontratantes. Estas estruturas est\u00e3o frequentemente distribu\u00eddas a n\u00edvel mundial, mudam regularmente e s\u00e3o quase imposs\u00edveis de compreender para quem est\u00e1 de fora. Mesmo que exista um contrato governamental com a Microsoft ou a Google, o seguinte aplica-se frequentemente em segundo plano:<\/p>\n<ul>\n<li>Outras empresas prestam apoio<\/li>\n<li>Equipas externas efectuam trabalhos de manuten\u00e7\u00e3o<\/li>\n<li>outros prestadores de servi\u00e7os alojam ou gerem partes da infraestrutura<\/li>\n<\/ul>\n<p>Para uma autoridade p\u00fablica, isto significa que n\u00e3o pode saber exatamente quem tem ou pode ter acesso e quando. E isto contradiz o princ\u00edpio segundo o qual uma autoridade p\u00fablica deve poder saber em qualquer altura onde se encontram os seus dados e quem pode potencialmente aceder-lhes. As autoridades su\u00ed\u00e7as sublinharam deliberadamente este ponto porque a transpar\u00eancia e a responsabilidade est\u00e3o intimamente ligadas.<\/p>\n<h3>3. altera\u00e7\u00f5es contratuais unilaterais - a nuvem como base jur\u00eddica inst\u00e1vel<\/h3>\n<p>Um fator de risco que \u00e9 frequentemente ignorado \u00e9 a conce\u00e7\u00e3o do contrato. Muitos fornecedores de servi\u00e7os de computa\u00e7\u00e3o em nuvem reservam-se o direito de alterar os seus termos e condi\u00e7\u00f5es em qualquer altura, por vezes com prazos muito curtos. Isto \u00e9 de certa forma aceit\u00e1vel para as empresas privadas, mas..:<\/p>\n<p>O princ\u00edpio da previsibilidade aplica-se \u00e0s autoridades p\u00fablicas. A administra\u00e7\u00e3o deve ser capaz de documentar e justificar quais os dados que s\u00e3o tratados e como. No entanto, se as condi\u00e7\u00f5es-quadro se alterarem espontaneamente - porque o fornecedor insere novas cl\u00e1usulas ou restringe as existentes - surge uma situa\u00e7\u00e3o em que a autoridade j\u00e1 n\u00e3o pode avaliar com seguran\u00e7a a sua pr\u00f3pria conformidade legal.<\/p>\n<p>Os especialistas su\u00ed\u00e7os em prote\u00e7\u00e3o de dados consideram que esta \u201elotaria de contratos\u201c \u00e9 incompat\u00edvel com as obriga\u00e7\u00f5es do Estado. Um Estado n\u00e3o pode confiar em modelos de neg\u00f3cio que podem ser alterados em qualquer altura - sem co-determina\u00e7\u00e3o.<\/p>\n<h3>4. risco de perda de controlo e de direitos fundamentais<\/h3>\n<p>A partir do momento em que os dados saem do pa\u00eds ou s\u00e3o tratados fora da sua \u00e1rea de responsabilidade, surge um risco: o Estado perde parte do seu controlo.<\/p>\n<p>Isto pode parecer abstrato \u00e0 primeira vista, mas \u00e9 muito real na vida quotidiana: se ocorrer um erro, se os dados forem comprometidos ou se surgir um lit\u00edgio jur\u00eddico, uma autoridade p\u00fablica j\u00e1 n\u00e3o pode garantir que consegue gerir sem ajuda externa. E \u00e9 precisamente isto que contradiz a ideia de base de uma administra\u00e7\u00e3o p\u00fablica funcional:<\/p>\n<p>Um Estado deve ser capaz de atuar por si pr\u00f3prio em caso de emerg\u00eancia - sem depender de empresas externas ou de sistemas jur\u00eddicos estrangeiros. Os defensores su\u00ed\u00e7os da prote\u00e7\u00e3o de dados t\u00eam aqui uma abordagem tradicional, quase antiquada - e \u00e9 precisamente isso que torna a sua posi\u00e7\u00e3o t\u00e3o consistente. As tarefas do Estado continuam a ser tarefas do Estado. E os dados do Estado devem estar nas m\u00e3os do Estado.<\/p>\n<h3>5 A Lei CLOUD dos EUA - o centro das preocupa\u00e7\u00f5es<\/h3>\n<p>A Lei CLOUD \u00e9 talvez o contexto mais importante para toda esta discuss\u00e3o. Esta lei dos EUA obriga as empresas americanas a entregar dados \u00e0s autoridades americanas, a pedido destas - mesmo que esses dados estejam armazenados no estrangeiro e estejam efetivamente sujeitos \u00e0 prote\u00e7\u00e3o de leis estrangeiras. Para a Su\u00ed\u00e7a, isto \u00e9 absolutamente imposs\u00edvel.<\/p>\n<p>Isto permitiria, teoricamente, que as autoridades americanas tivessem acesso a dados administrativos su\u00ed\u00e7os sens\u00edveis sem envolver os tribunais ou as autoridades su\u00ed\u00e7as. Mesmo que os fornecedores de servi\u00e7os de computa\u00e7\u00e3o em nuvem afirmem que s\u00f3 divulgar\u00e3o esses dados em condi\u00e7\u00f5es estritas, o problema de base mant\u00e9m-se:<\/p>\n<p>A autoridade perde a soberania sobre os seus dados, pelo simples facto de escolher o fornecedor de servi\u00e7os t\u00e9cnicos. Para um pa\u00eds que tradicionalmente defende a sua independ\u00eancia, este \u00e9 um risco que n\u00e3o vale a pena correr. E \u00e9 precisamente este ponto que os especialistas su\u00ed\u00e7os em prote\u00e7\u00e3o de dados est\u00e3o a deixar bem claro.<\/p>\n<div class=\"lyte-wrapper\" style=\"width:640px;max-width:100%;margin:5px;\"><div class=\"lyMe\" id=\"WYL_BEBnOMV1q_c\"><div id=\"lyte_BEBnOMV1q_c\" data-src=\"https:\/\/www.markus-schall.de\/wp-content\/plugins\/wp-youtube-lyte\/lyteCache.php?origThumbUrl=%2F%2Fi.ytimg.com%2Fvi%2FBEBnOMV1q_c%2Fhqdefault.jpg\" class=\"pL\"><div class=\"tC\"><div class=\"tT\"><\/div><\/div><div class=\"play\"><\/div><div class=\"ctrl\"><div class=\"Lctrl\"><\/div><div class=\"Rctrl\"><\/div><\/div><\/div><noscript><a href=\"https:\/\/youtu.be\/BEBnOMV1q_c\" rel=\"nofollow noopener\" target=\"_blank\"><img loading=\"lazy\" decoding=\"async\" src=\"https:\/\/www.markus-schall.de\/wp-content\/plugins\/wp-youtube-lyte\/lyteCache.php?origThumbUrl=https%3A%2F%2Fi.ytimg.com%2Fvi%2FBEBnOMV1q_c%2F0.jpg\" alt=\"Miniatura de v\u00eddeo do YouTube\" width=\"640\" height=\"340\" \/><br \/>Ver este v\u00eddeo no YouTube<\/a><\/noscript><\/div><\/div><div class=\"lL\" style=\"max-width:100%;width:640px;margin:5px;\"><\/div><br \/>\nA Su\u00ed\u00e7a contra o Microsoft 365 - e a Alemanha est\u00e1 a observar de perto <a href=\"https:\/\/www.youtube.com\/@heise-ct\" target=\"_blank\" rel=\"noopener\">heise &amp; c't<\/a><\/p>\n<h2>A Su\u00ed\u00e7a e a UE - duas formas de lidar com o Microsoft 365<\/h2>\n<p>Enquanto a Su\u00ed\u00e7a adopta uma abordagem muito cautelosa e adverte explicitamente as autoridades contra a externaliza\u00e7\u00e3o de dados sens\u00edveis para servi\u00e7os SaaS internacionais, a Uni\u00e3o Europeia adopta uma abordagem diferente. Est\u00e1 a tentar encontrar uma via interm\u00e9dia atrav\u00e9s de acordos, melhorias contratuais e ajustamentos t\u00e9cnicos - uma via que n\u00e3o pro\u00edbe fundamentalmente os servi\u00e7os de computa\u00e7\u00e3o em nuvem, mas que visa antes torn\u00e1-los \u201eutiliz\u00e1veis\u201c atrav\u00e9s da imposi\u00e7\u00e3o de condi\u00e7\u00f5es.<\/p>\n<p>Esta diferen\u00e7a \u00e9 not\u00e1vel e diz muito sobre a forma diferente como os Estados lidam com a quest\u00e3o da soberania digital.<\/p>\n<h3>Su\u00ed\u00e7a: prud\u00eancia, soberania dos dados e uma fronteira clara<\/h3>\n<p>A posi\u00e7\u00e3o da Su\u00ed\u00e7a pode ser resumida numa frase:<\/p>\n<blockquote><p><em>\u201eO que n\u00e3o posso controlar, n\u00e3o deixo sair das minhas m\u00e3os.\u201c<\/em><\/p><\/blockquote>\n<p>A Su\u00ed\u00e7a mant\u00e9m, assim, um princ\u00edpio tradicional: os dados do Estado - sobretudo os secretos ou particularmente sens\u00edveis - permanecem no pa\u00eds ou s\u00e3o encriptados de forma a que s\u00f3 as autoridades tenham acesso a eles. Trata-se de um regresso deliberado a velhos princ\u00edpios, transferidos para o presente do mundo digital.<\/p>\n<h3>A UE: tratados, isen\u00e7\u00f5es e solu\u00e7\u00f5es de compromisso<\/h3>\n<p>A Uni\u00e3o Europeia est\u00e1 a adotar uma abordagem diferente. Pretende utilizar as vantagens das grandes plataformas de computa\u00e7\u00e3o em nuvem sem as proibir completamente. Para o efeito:<\/p>\n<ul>\n<li>Novos contratos negociados<\/li>\n<li>Garantias de prote\u00e7\u00e3o de dados acrescentadas<\/li>\n<li>Introdu\u00e7\u00e3o de mecanismos de controlo e auditorias<\/li>\n<li>Garantias t\u00e9cnicas fornecidas posteriormente<\/li>\n<\/ul>\n<p>Um exemplo disto \u00e9 a decis\u00e3o da Autoridade Europeia para a Prote\u00e7\u00e3o de Dados de que a Comiss\u00e3o Europeia pode utilizar o Microsoft 365 em conformidade com os regulamentos de prote\u00e7\u00e3o de dados sob determinadas condi\u00e7\u00f5es. Declara\u00e7\u00f5es semelhantes est\u00e3o agora a ser ouvidas de v\u00e1rios Estados-Membros - incluindo partes da Alemanha. A ideia b\u00e1sica:<\/p>\n<blockquote><p><em>\u201eRegulamos a nuvem em vez de a proibir\u201c.\u201c<\/em><\/p><\/blockquote>\n<p>Mas esta abordagem baseia-se na confian\u00e7a nos fornecedores - e no facto de a complexidade permanecer control\u00e1vel. Os cr\u00edticos argumentam contra isso: Quanto maior for a plataforma, mais dif\u00edcil \u00e9 o seu controlo.<\/p>\n<h3>A Alemanha entre dois mundos<\/h3>\n<p>A Alemanha est\u00e1 entre a espada e a parede. Algumas autoridades estatais de prote\u00e7\u00e3o de dados s\u00e3o mais cautelosas, outras s\u00e3o mais orientadas para a pr\u00e1tica.<br \/>\nNo sector escolar, por exemplo, j\u00e1 foram tomadas decis\u00f5es rigorosas contra o Microsoft 365, enquanto a n\u00edvel federal se trabalha em solu\u00e7\u00f5es que permitem a sua utiliza\u00e7\u00e3o. O resultado: uma manta de retalhos.<\/p>\n<p>\u00c9 precisamente por isso que muitas pessoas est\u00e3o agora a olhar para a linha su\u00ed\u00e7a - porque ela estabelece pela primeira vez um padr\u00e3o claro em vez de trabalhar atrav\u00e9s de compromissos.<\/p>\n<h3>Duas filosofias em confronto<\/h3>\n<p>Em suma, existem duas escolas de pensamento opostas:<\/p>\n<ol>\n<li>A tradi\u00e7\u00e3o su\u00ed\u00e7a: <em>\u201eOs nossos dados ficam connosco - ou ficam encriptados e mais ningu\u00e9m os v\u00ea.\u201c<\/em><\/li>\n<li>A pragm\u00e1tica europeia: <em>\u201ePrecisamos de plataformas modernas - por isso, estamos a lidar com elas da melhor forma poss\u00edvel\u201c.\u201c<\/em><\/li>\n<\/ol>\n<p>Ambas as abordagens t\u00eam os seus pontos fortes. Mas a Su\u00ed\u00e7a est\u00e1 a enviar um sinal claro: mostra que um Estado pode conscientemente concentrar-se na independ\u00eancia digital no s\u00e9culo XXI sem se tornar dependente das empresas globais.<\/p>\n<p>E esta atitude, por si s\u00f3, j\u00e1 est\u00e1 a levar as autoridades, os respons\u00e1veis pela prote\u00e7\u00e3o de dados e os departamentos de TI de toda a Europa a analisar mais de perto se a pr\u00e1tica anterior \u00e9 realmente t\u00e3o irrefut\u00e1vel como sempre pareceu.<\/p>\n<div style=\"overflow-x: auto;\">\n<table style=\"border-collapse: collapse; width: 100%; min-width: 600px;\">\n<thead style=\"background-color: #f0f0f0;\">\n<tr>\n<th style=\"border: 1px solid #ccc; padding: 8px; text-align: left;\">Crit\u00e9rio \/ T\u00f3pico<\/th>\n<th style=\"border: 1px solid #ccc; padding: 8px; text-align: left;\">Vista da Su\u00ed\u00e7a (privado \/ autoridades)<\/th>\n<th style=\"border: 1px solid #ccc; padding: 8px; text-align: left;\">Pr\u00e1tica ou parecer atual da UE\/Alemanha<\/th>\n<\/tr>\n<\/thead>\n<tbody>\n<tr>\n<td style=\"border: 1px solid #ccc; padding: 8px;\"><strong>Grupo-alvo<\/strong><\/td>\n<td style=\"border: 1px solid #ccc; padding: 8px;\">Institui\u00e7\u00f5es p\u00fablicas: Confedera\u00e7\u00e3o, cant\u00f5es, munic\u00edpios, tribunais, etc.<\/td>\n<td style=\"border: 1px solid #ccc; padding: 8px;\">Autoridades e administra\u00e7\u00f5es (em parte), mas muitas autoridades tamb\u00e9m continuam a utilizar nuvens SaaS; os regulamentos s\u00e3o por vezes inconsistentes, dependendo do pa\u00eds e do estado federal.<\/td>\n<\/tr>\n<tr>\n<td style=\"border: 1px solid #ccc; padding: 8px;\"><strong>Tipo de dados \/ sensibilidade<\/strong><\/td>\n<td style=\"border: 1px solid #ccc; padding: 8px;\">Dados que exigem prote\u00e7\u00e3o especial ou confidencialidade (sa\u00fade, pol\u00edcia, servi\u00e7os sociais, dados oficiais, etc.) - \u00e9 necess\u00e1ria uma utiliza\u00e7\u00e3o restritiva da nuvem.<\/td>\n<td style=\"border: 1px solid #ccc; padding: 8px;\">A utiliza\u00e7\u00e3o da nuvem tamb\u00e9m \u00e9 poss\u00edvel para dados sens\u00edveis - dependendo da avalia\u00e7\u00e3o dos riscos, das medidas de prote\u00e7\u00e3o dos dados e do contrato com o fornecedor; muitas vezes, h\u00e1 compromissos e um tratamento diferente para cada caso.<\/td>\n<\/tr>\n<tr>\n<td style=\"border: 1px solid #ccc; padding: 8px;\"><strong>Encripta\u00e7\u00e3o de ponta a ponta \/ soberania das chaves<\/strong><\/td>\n<td style=\"border: 1px solid #ccc; padding: 8px;\">S\u00f3 \u00e9 aceit\u00e1vel se a pr\u00f3pria autoridade controlar a chave e o fornecedor estiver tecnicamente exclu\u00eddo; caso contr\u00e1rio, a utiliza\u00e7\u00e3o n\u00e3o \u00e9 autorizada.<\/td>\n<td style=\"border: 1px solid #ccc; padding: 8px;\">S\u00e3o utilizadas nuvens padr\u00e3o, mesmo sem soberania da pr\u00f3pria chave; a encripta\u00e7\u00e3o do fornecedor \u00e9 normalmente suficiente, desde que existam contratos e requisitos de prote\u00e7\u00e3o de dados.<\/td>\n<\/tr>\n<tr>\n<td style=\"border: 1px solid #ccc; padding: 8px;\"><strong>Subcontratantes \/ transpar\u00eancia das infra-estruturas<\/strong><\/td>\n<td style=\"border: 1px solid #ccc; padding: 8px;\">As cadeias de subcontratantes s\u00e3o consideradas demasiado opacas - n\u00e3o h\u00e1 utiliza\u00e7\u00e3o autorizada de dados cr\u00edticos.<\/td>\n<td style=\"border: 1px solid #ccc; padding: 8px;\">As cadeias de subcontratantes s\u00e3o aceites - com provas de conformidade, certifica\u00e7\u00f5es e regulamentos contratuais, mas a transpar\u00eancia \u00e9 frequentemente limitada.<\/td>\n<\/tr>\n<tr>\n<td style=\"border: 1px solid #ccc; padding: 8px;\"><strong>Altera\u00e7\u00f5es contratuais \/ seguran\u00e7a jur\u00eddica<\/strong><\/td>\n<td style=\"border: 1px solid #ccc; padding: 8px;\">As altera\u00e7\u00f5es unilaterais dos contratos por parte dos prestadores s\u00e3o proibidas - as obriga\u00e7\u00f5es do Estado n\u00e3o podem ser postas em risco.<\/td>\n<td style=\"border: 1px solid #ccc; padding: 8px;\">Os servi\u00e7os s\u00e3o utilizados mesmo que os fornecedores possam mudar de contrato; as autoridades\/empresas assumem riscos - muitas vezes com acordos legais e mecanismos de controlo.<\/td>\n<\/tr>\n<tr>\n<td style=\"border: 1px solid #ccc; padding: 8px;\"><strong>Perigo decorrente da legisla\u00e7\u00e3o dos EUA (por exemplo, a Lei CLOUD)<\/strong><\/td>\n<td style=\"border: 1px solid #ccc; padding: 8px;\">As leis dos EUA s\u00e3o consideradas um risco inaceit\u00e1vel - a utiliza\u00e7\u00e3o da nuvem \u00e9 proibida para dados sens\u00edveis enquanto os fornecedores puderem estar sujeitos a obriga\u00e7\u00f5es judiciais nos EUA.<\/td>\n<td style=\"border: 1px solid #ccc; padding: 8px;\">Apesar da Lei CLOUD, s\u00e3o utilizadas nuvens internacionais; o risco \u00e9 frequentemente considerado aceit\u00e1vel, com refer\u00eancia a mecanismos de prote\u00e7\u00e3o, limites de dados ou cl\u00e1usulas contratuais-tipo da UE.<\/td>\n<\/tr>\n<tr>\n<td style=\"border: 1px solid #ccc; padding: 8px;\"><strong>Alternativas recomendadas<\/strong><\/td>\n<td style=\"border: 1px solid #ccc; padding: 8px;\">No local, fornecedores su\u00ed\u00e7os\/europeus com soberania de chaves, infraestrutura pr\u00f3pria ou solu\u00e7\u00f5es de armazenamento fortemente encriptadas.<\/td>\n<td style=\"border: 1px solid #ccc; padding: 8px;\">Nuvem h\u00edbrida, fornecedores com centros de dados na Europa, servi\u00e7os de nuvem sujeitos a condi\u00e7\u00f5es; utiliza\u00e7\u00e3o frequente desde que sejam cumpridas as normas de conformidade.<\/td>\n<\/tr>\n<tr>\n<td style=\"border: 1px solid #ccc; padding: 8px;\"><strong>Filosofia \/ atitude<\/strong><\/td>\n<td style=\"border: 1px solid #ccc; padding: 8px;\">Princ\u00edpio da precau\u00e7\u00e3o, controlo, soberania do Estado e soberania m\u00e1xima dos dados.<\/td>\n<td>Pragmatismo, capacidade de compromisso, gest\u00e3o dos riscos e confian\u00e7a nas condi\u00e7\u00f5es do quadro contratual\/t\u00e9cnico.<\/td>\n<\/tr>\n<\/tbody>\n<\/table>\n<\/div>\n<h2>Um olhar para al\u00e9m da fronteira: porque \u00e9 que a Alemanha precisa de olhar mais de perto agora<\/h2>\n<p>A resolu\u00e7\u00e3o su\u00ed\u00e7a surge numa altura em que as autoridades e as empresas alem\u00e3s est\u00e3o cada vez mais inseguras quanto \u00e0 forma de lidar com os servi\u00e7os em nuvem. Por um lado, a economia est\u00e1 a avan\u00e7ar para a nuvem - prometendo automatiza\u00e7\u00e3o, colabora\u00e7\u00e3o e efici\u00eancia de custos. Por outro lado, a quest\u00e3o que se coloca \u00e9: de quanto controlo se abdica?<\/p>\n<p>\u00c9 precisamente aqui que a decis\u00e3o su\u00ed\u00e7a tem um efeito de sinaliza\u00e7\u00e3o. \u00c9 um espelho para a Alemanha e mostra o que acontece quando se pensa at\u00e9 ao fim. Isto afecta n\u00e3o s\u00f3 os minist\u00e9rios e as autoridades, mas tamb\u00e9m as escolas, os escrit\u00f3rios de advogados, os consult\u00f3rios m\u00e9dicos, as PME e todos os que trabalham com dados sens\u00edveis. Os su\u00ed\u00e7os dizem basicamente o seguinte:<\/p>\n<blockquote><p><em>\u201eUtilizamos tecnologia moderna - mas n\u00e3o \u00e0 custa da nossa independ\u00eancia.\u201c<\/em><\/p><\/blockquote>\n<p>Esta frase poderia facilmente ser escrita por cima de uma estrat\u00e9gia digital alem\u00e3. Ainda n\u00e3o o \u00e9, mas a decis\u00e3o de Berna veio dar um novo impulso \u00e0 discuss\u00e3o.<\/p>\n<h3>A quest\u00e3o que nenhuma empresa pode ignorar<\/h3>\n<p>Atualmente, as empresas t\u00eam de se colocar uma quest\u00e3o aparentemente simples - uma quest\u00e3o que dificilmente seria colocada h\u00e1 dez ou quinze anos:<\/p>\n<blockquote><p><em>\u201eQuem tem acesso aos nossos dados em caso de d\u00favida?\u201c<\/em><\/p><\/blockquote>\n<p>No passado, a resposta era clara: voc\u00ea mesmo. Atualmente, \u00e9 frequentemente: \u201eDepende\u201c.\u201c<\/p>\n<p>E \u00e9 precisamente este \u201edepende disso\u201c que constitui um problema para muitas organiza\u00e7\u00f5es. A partir do momento em que os dados s\u00e3o armazenados em sistemas de nuvem, j\u00e1 n\u00e3o \u00e9 apenas a empresa que decide quem pode aceder aos mesmos. \u00c9 ela que decide:<\/p>\n<ul>\n<li>o fornecedor<\/li>\n<li>os seus subcontratantes<\/li>\n<li>o seu processador de dados contratual<\/li>\n<li>autoridades estrangeiras (no caso de fornecedores dos EUA, mesmo sem o consentimento europeu)<\/li>\n<\/ul>\n<p>Se olharmos para o assunto com sobriedade, rapidamente nos apercebemos de que h\u00e1 cada vez menos respostas claras \u00e0 quest\u00e3o da verdadeira soberania dos dados.<br \/>\nE \u00e9 por isso que a linha su\u00ed\u00e7a de repente j\u00e1 n\u00e3o parece antiquada - mas decididamente moderna.<\/p>\n<h3>A classe m\u00e9dia entre o conforto e a perda de controlo<\/h3>\n<p>Muitas empresas de m\u00e9dia dimens\u00e3o na Alemanha encontram-se atualmente entre dois p\u00f3los:<\/p>\n<ul>\n<li><strong>A conveni\u00eancia das modernas plataformas de nuvem<\/strong><br \/>\n- Ficheiros sincronizados em todo o lado<br \/>\n- Videoconfer\u00eancia em segundos<br \/>\n- Sistemas integrados de correio eletr\u00f3nico, calend\u00e1rio e comunica\u00e7\u00e3o<\/li>\n<li><strong>O desejo de controlo, confidencialidade e independ\u00eancia<\/strong><br \/>\n- especialmente para dados confidenciais<br \/>\n- segredos comerciais estrat\u00e9gicos<br \/>\n- propriedade intelectual<br \/>\n- Dados de clientes ou empregados<\/li>\n<\/ul>\n<p>A decis\u00e3o su\u00ed\u00e7a mostra uma dire\u00e7\u00e3o poss\u00edvel: \u00e9 poss\u00edvel utilizar a tecnologia, mas n\u00e3o \u00e9 necess\u00e1rio seguir cegamente todas as tend\u00eancias. Algumas formas s\u00e3o c\u00f3modas, mas c\u00f3modas nem sempre s\u00e3o seguras.<\/p>\n<hr \/>\n<h3>Inqu\u00e9rito atual sobre a digitaliza\u00e7\u00e3o na vida quotidiana<\/h3>\n<div class='bootstrap-yop yop-poll-mc'>\n\t\t\t\t\t\t\t<div class=\"basic-yop-poll-container\" style=\"background-color:#ffffff; border:0px; border-style:solid; border-color:#000000; border-radius:5px; padding:0px 5px;\" data-id=\"2\" data-temp=\"basic-pretty\" data-skin=\"square\" data-cscheme=\"blue\" data-cap=\"0\" data-access=\"guest\" data-tid=\"\" data-uid=\"a7be498b10ae83df52747a056d30a850\" data-pid=\"3412\" data-resdet=\"votes-number,percentages\" data-show-results-to=\"guest\" data-show-results-moment=\"after-vote\" data-show-results-only=\"false\" data-show-message=\"true\" data-show-results-as=\"bar\" data-sort-results-by=\"as-defined\" data-sort-results-rule=\"asc\"data-is-ended=\"0\" data-percentages-decimals=\"2\" data-gdpr=\"no\" data-gdpr-sol=\"consent\" data-css=\"\" data-counter=\"0\" data-load-with=\"1\" data-notification-section=\"top\"><div class=\"row\"><div class=\"col-md-12\"><div class=\"basic-inner\"><div class=\"basic-message hide\" style=\"border-left: 10px solid #008000; padding: 0px 10px;\" data-error=\"#ff0000\" data-success=\"#008000\"><p class=\"basic-message-text\" style=\"color:#000000; font-size:14px; font-weight:normal;\"><\/p><\/div><div class=\"basic-overlay hide\"><div class=\"basic-vote-options\"><\/div><div class=\"basic-preloader\"><div class=\"basic-windows8\"><div class=\"basic-wBall basic-wBall_1\"><div class=\"basic-wInnerBall\"><\/div><\/div><div class=\"basic-wBall basic-wBall_2\"><div class=\"basic-wInnerBall\"><\/div><\/div><div class=\"basic-wBall basic-wBall_3\"><div class=\"basic-wInnerBall\"><\/div><\/div><div class=\"basic-wBall basic-wBall_4\"><div class=\"basic-wInnerBall\"><\/div><\/div><div class=\"basic-wBall basic-wBall_5\"><div class=\"basic-wInnerBall\"><\/div><\/div><\/div><\/div><\/div><form class=\"basic-form\" action=\"\"><input type=\"hidden\" name=\"_token\" value=\"3727dc5984\" autocomplete=\"off\"><div class=\"basic-elements\"><div class=\"basic-element basic-question basic-question-text-vertical\" data-id=\"2\" data-uid=\"766896c93fcab051cde500f071fef772\" data-type=\"question\" data-question-type=\"text\" data-required=\"yes\" data-allow-multiple=\"no\" data-min=\"1\" data-max=\"1\" data-display=\"vertical\" data-colnum=\"\" data-display-others=\"no\" data-others-color=\"\" data-others=\"\" data-others-max-chars=\"0\"><div class=\"basic-question-title\"><h5 style=\"color:#000000; font-size:16px; font-weight:normal; text-align:left;\">Como avalia a influ\u00eancia da digitaliza\u00e7\u00e3o na sua vida quotidiana?<\/h5><\/div><ul class=\"basic-answers\"><li class=\"basic-answer\" style=\"padding:0px 0px;\" data-id=\"5\" data-type=\"text\" data-vn=\"15\" data-color=\"#000000\" data-make-link=\"no\" data-link=\"\"><div class=\"basic-answer-content basic-text-vertical\"><label for=\"answer[5]\" class=\"basic-answer-label\"><input type=\"radio\" id=\"answer[5]\" name=\"answer[2]\" value=\"5\"><span class=\"basic-text\" style=\"color: #000000; font-size: 14px; font-weight: normal;\">Muito positivo - beneficio dele todos os dias<\/span><\/label><\/div><\/li><li class=\"basic-answer\" style=\"padding:0px 0px;\" data-id=\"6\" data-type=\"text\" data-vn=\"13\" data-color=\"#000000\" data-make-link=\"no\" data-link=\"\"><div class=\"basic-answer-content basic-text-vertical\"><label for=\"answer[6]\" class=\"basic-answer-label\"><input type=\"radio\" id=\"answer[6]\" name=\"answer[2]\" value=\"6\"><span class=\"basic-text\" style=\"color: #000000; font-size: 14px; font-weight: normal;\">Bastante positivo - algumas coisas tornaram-se mais f\u00e1ceis<\/span><\/label><\/div><\/li><li class=\"basic-answer\" style=\"padding:0px 0px;\" data-id=\"7\" data-type=\"text\" data-vn=\"29\" data-color=\"#000000\" data-make-link=\"no\" data-link=\"\"><div class=\"basic-answer-content basic-text-vertical\"><label for=\"answer[7]\" class=\"basic-answer-label\"><input type=\"radio\" id=\"answer[7]\" name=\"answer[2]\" value=\"7\"><span class=\"basic-text\" style=\"color: #000000; font-size: 14px; font-weight: normal;\">Misto - Traz vantagens, mas tamb\u00e9m perda de controlo<\/span><\/label><\/div><\/li><li class=\"basic-answer\" style=\"padding:0px 0px;\" data-id=\"8\" data-type=\"text\" data-vn=\"5\" data-color=\"#000000\" data-make-link=\"no\" data-link=\"\"><div class=\"basic-answer-content basic-text-vertical\"><label for=\"answer[8]\" class=\"basic-answer-label\"><input type=\"radio\" id=\"answer[8]\" name=\"answer[2]\" value=\"8\"><span class=\"basic-text\" style=\"color: #000000; font-size: 14px; font-weight: normal;\">Bastante negativo - sinto-me frequentemente sobrecarregado ou observado<\/span><\/label><\/div><\/li><li class=\"basic-answer\" style=\"padding:0px 0px;\" data-id=\"9\" data-type=\"text\" data-vn=\"9\" data-color=\"#000000\" data-make-link=\"no\" data-link=\"\"><div class=\"basic-answer-content basic-text-vertical\"><label for=\"answer[9]\" class=\"basic-answer-label\"><input type=\"radio\" id=\"answer[9]\" name=\"answer[2]\" value=\"9\"><span class=\"basic-text\" style=\"color: #000000; font-size: 14px; font-weight: normal;\">Muito negativo - rejeito em grande medida os sistemas digitais<\/span><\/label><\/div><\/li><\/ul><\/div><div class=\"clearfix\"><\/div><\/div><div class=\"basic-vote\"><a href=\"#\" class=\"button basic-vote-button\" role=\"button\" style=\"background:#027bb8; border:0px; border-style: solid; border-color:#000000; border-radius:5px; padding:10px 10px; color:#ffffff; font-size:14px; font-weight:normal;\">Vota\u00e7\u00e3o<\/a><\/div><input type=\"hidden\" name=\"trp-form-language\" value=\"pt\"\/><\/form><\/div><\/div><\/div><\/div>\n\t\t\t\t\t\t<\/div>\n<hr \/>\n<h2>O meu pr\u00f3prio momento na nuvem com a HostEurope<\/h2>\n<p>Tenho acompanhado de perto esta evolu\u00e7\u00e3o su\u00ed\u00e7a porque, h\u00e1 algum tempo, me encontrei numa situa\u00e7\u00e3o muito semelhante. Na HostEurope, todo o meu sistema de correio eletr\u00f3nico tinha de ser substitu\u00eddo - sem consulta, sem inqu\u00e9rito. <a href=\"https:\/\/www.markus-schall.de\/pt\/2025\/11\/migracao-forcada-na-hosteurope-quando-os-e-mails-acabam-subitamente-na-nuvem\/\"><strong>simplesmente migrou para o Microsoft 365<\/strong><\/a> tornar-se. Isto significaria que as minhas comunica\u00e7\u00f5es ficariam subitamente armazenadas numa nuvem internacional, em condi\u00e7\u00f5es que eu n\u00e3o posso controlar e com o risco de as autoridades estrangeiras terem acesso em caso de d\u00favida.<\/p>\n<p>Para mim, esse foi um ponto claro em que eu disse: Parem - assim n\u00e3o. Decidi deliberadamente contra a HostEurope porque n\u00e3o quero que os meus dados sejam transferidos para um sistema sobre o qual, em \u00faltima an\u00e1lise, j\u00e1 n\u00e3o tenho qualquer controlo real. Este momento fez-me perceber, mais uma vez, a rapidez com que podemos ser apanhados em estruturas que nunca quisemos e a import\u00e2ncia de sermos n\u00f3s a puxar a corda antes que outros assumam o controlo dos nossos dados.<\/p>\n<h2>O que o desenvolvimento significa para todos n\u00f3s<\/h2>\n<p>Se olharmos com sobriedade para os desenvolvimentos dos \u00faltimos anos, podemos pensar que o mundo est\u00e1 a avan\u00e7ar a toda a velocidade para a depend\u00eancia tecnol\u00f3gica. Tudo est\u00e1 a ser centralizado, normalizado e transferido para a nuvem, muitas vezes sem que as consequ\u00eancias a longo prazo sejam realmente analisadas.<\/p>\n<p>E agora, um pequeno pa\u00eds no centro da Europa vem lembrar a todos que \u00e9 poss\u00edvel atuar de forma diferente: com pondera\u00e7\u00e3o, respeito, cuidado - e com uma vis\u00e3o clara da pr\u00f3pria responsabilidade. Esta atitude su\u00ed\u00e7a n\u00e3o \u00e9 um passo atr\u00e1s. \u00c9 um regresso \u00e0 velha quest\u00e3o que muitos quase esqueceram no ritmo fren\u00e9tico da digitaliza\u00e7\u00e3o:<\/p>\n<blockquote><p><em>\u201eQuem \u00e9 respons\u00e1vel se acontecer alguma coisa?\u201c<\/em><\/p><\/blockquote>\n<p>Se a resposta j\u00e1 n\u00e3o for clara, ent\u00e3o algo est\u00e1 errado.<\/p>\n<h3>O que isto significa para cada indiv\u00edduo<\/h3>\n<p>Em \u00faltima an\u00e1lise, esta decis\u00e3o n\u00e3o afecta apenas as autoridades p\u00fablicas ou as grandes empresas - afecta todos os que produzem, armazenam ou trocam dados.<\/p>\n<ul>\n<li>N\u00e3o \u00e9 preciso ser um t\u00e9cnico para compreender que cada externaliza\u00e7\u00e3o custa uma pe\u00e7a de controlo.<\/li>\n<li>N\u00e3o \u00e9 preciso ser um perito em prote\u00e7\u00e3o de dados para perceber que as informa\u00e7\u00f5es sens\u00edveis s\u00e3o melhores se soubermos onde est\u00e3o armazenadas.<\/li>\n<li>E n\u00e3o \u00e9 preciso ser um advogado para perceber que as leis estrangeiras s\u00e3o problem\u00e1ticas se puderem decidir sobre os seus pr\u00f3prios dados.<\/li>\n<\/ul>\n<p>O bom senso \u00e9 suficiente. E \u00e9 precisamente isso que a Su\u00ed\u00e7a est\u00e1 a tentar trazer de volta \u00e0 ribalta.<\/p>\n<p>A decis\u00e3o de Berna n\u00e3o \u00e9 um apelo \u00e0 hostilidade em rela\u00e7\u00e3o \u00e0 tecnologia, mas um apelo aos nossos pr\u00f3prios padr\u00f5es. \u00c9 uma chamada de aten\u00e7\u00e3o para o facto de que a digitaliza\u00e7\u00e3o n\u00e3o significa entregarmo-nos cegamente aos maiores fornecedores - significa questionarmo-nos sobre a responsabilidade que estamos a assumir. Sobre o tema <a href=\"https:\/\/www.markus-schall.de\/pt\/2025\/10\/dependencia-digital-como-perdemos-a-nossa-auto-determinacao-para-a-nuvem\/\"><strong>Nuvem e soberania dos dados<\/strong><\/a> J\u00e1 tinha escrito um artigo sobre este assunto no passado.<\/p>\n<p>Os empres\u00e1rios que s\u00e3o a favor de <a href=\"https:\/\/www.markus-schall.de\/pt\/2025\/09\/gfm-business-e-o-futuro-do-erp-inteligencia-local-em-vez-de-dependencia-da-nuvem\/\"><strong>Software ERP sem a nuvem<\/strong><\/a> encontrar\u00e1 informa\u00e7\u00f5es \u00fateis neste artigo separado.<\/p>\n<p>De certa forma, a Su\u00ed\u00e7a est\u00e1 a mostrar-nos algo que todos n\u00f3s sabemos h\u00e1 muito tempo, mas que muitas vezes suprimimos: A soberania n\u00e3o come\u00e7a com a tecnologia - come\u00e7a com a atitude. Com a forma como se tomam decis\u00f5es. Com a vontade de analisar as coisas de forma cr\u00edtica.<\/p>\n<p>E com a coragem de seguir um caminho diferente, se necess\u00e1rio, se for mais sensato.<\/p>\n<hr \/>\n\n\t\t\t<div class=\"display-post-types\">\n\n\t\t\t\t\t\t\t<style type=\"text\/css\">\n\t\t\t#dpt-wrapper-711 { --dpt-text-align: left;--dpt-image-crop: center;--dpt-border-radius: 5px;--dpt-small-grid-column: 33.33%;--dpt-large-grid-column: 33.3333333333%;--dpt-h-gutter: 10px;--dpt-v-gutter: 10px; }\t\t\t<\/style>\n\t\t\t<style type=\"text\/css\">#dpt-wrapper-711 { --dpt-title-font-style:normal;--dpt-title-font-weight:600;--dpt-title-line-height:1.5;--dpt-title-text-decoration:none;--dpt-title-text-transform:none;--dpt-excerpt-font-style:normal;--dpt-excerpt-font-weight:400;--dpt-excerpt-line-height:1.5;--dpt-excerpt-text-decoration:none;--dpt-excerpt-text-transform:none;--dpt-meta1-font-style:normal;--dpt-meta1-font-weight:400;--dpt-meta1-line-height:1.9;--dpt-meta1-text-decoration:none;--dpt-meta1-text-transform:none;--dpt-meta2-font-style:normal;--dpt-meta2-font-weight:400;--dpt-meta2-line-height:1.9;--dpt-meta2-text-decoration:none;--dpt-meta2-text-transform:none; }<\/style><div class=\"dpt-main-header\">\n\t\t\t\t\t\t<div class=\"dpt-main-title\">\n\t\t\t\t\t\t\t<span class=\"dpt-main-title-text\">Artigos actuais sobre a legisla\u00e7\u00e3o da UE<\/span>\n\t\t\t\t\t\t<\/div>\n\t\t\t\t\t\t\n\t\t\t\t\t\t\n\t\t\t\t\t\t\n\t\t\t\t\t\t<\/div>\t\t\t\n\t\t\t\t<div id=\"dpt-wrapper-711\" class=\"dpt-wrapper dpt-grid1 multi-col dpt-mason-wrap\" >\n\n\t\t\t\t\t\t\t\t\t\t\t<div class=\"dpt-entry has-thumbnail\" data-title=\"die neuen eu-zensurgesetze: was chatcontrol, dsa, emfa und der ai act bedeuten\" data-id=\"3586\"  data-category=\"allgemein gesellschaft ki-systeme\" data-post_tag=\"datenschutz digitales eigentum eu-gesetze europa k\u00fcnstliche intelligenz llm meinungsfreiheit spieltheorie sprachmodell\">\n\t\t\t\t\t\t\t<div class=\"dpt-entry-wrapper\"><div class=\"dpt-featured-content\"><div class=\"dpt-permalink\"><a href=\"https:\/\/www.markus-schall.de\/pt\/2025\/11\/as-novas-leis-de-censura-da-ue-o-que-significa-chatcontrol-dsa-emfa-e-a-lei-ai\/\" class=\"dpt-permalink\"><span class=\"screen-reader-text\">As novas leis de censura da UE: O que significam o Chatcontrol, o DSA, o EMFA e a Lei da IA<\/span><\/a><\/div><div class=\"dpt-thumbnail\"><div class=\"dpt-thumbnail-inner\"><img width=\"1024\" height=\"683\" class=\"attachment-full size-full\" alt=\"Leis de censura da UE\" context=\"dpt\" data-dpt-src=\"https:\/\/www.markus-schall.de\/wp-content\/uploads\/eu-zensurgesetze.jpg\" data-dpt-sizes=\"(max-width: 1024px) 100vw, 1024px\" data-dpt-srcset=\"https:\/\/www.markus-schall.de\/wp-content\/uploads\/eu-zensurgesetze.jpg 1024w, https:\/\/www.markus-schall.de\/wp-content\/uploads\/eu-zensurgesetze-300x200.jpg 300w, https:\/\/www.markus-schall.de\/wp-content\/uploads\/eu-zensurgesetze-768x512.jpg 768w, https:\/\/www.markus-schall.de\/wp-content\/uploads\/eu-zensurgesetze-18x12.jpg 18w\" \/><\/div><span class=\"dpt-thumbnail-aspect-ratio\" style=\"padding-top: 67%\"><\/span><\/div><\/div><div class=\"sub-entry\"><h3 class=\"dpt-title\"><a class=\"dpt-title-link\" href=\"https:\/\/www.markus-schall.de\/pt\/2025\/11\/as-novas-leis-de-censura-da-ue-o-que-significa-chatcontrol-dsa-emfa-e-a-lei-ai\/\" rel=\"bookmark\">As novas leis de censura da UE: O que significam o Chatcontrol, o DSA, o EMFA e a Lei da IA<\/a><\/h3><\/div><\/div>\n\t\t\t\t\t\t<\/div><!-- .dpt-entry -->\n\t\t\t\t\t\t\t\t\t\t\t\t<div class=\"dpt-entry has-thumbnail\" data-title=\"klimaschutz mit tunnelblick \u2013 elektromobilit\u00e4t, lobbyarbeit und die verdr\u00e4ngten kosten\" data-id=\"4729\"  data-category=\"allgemein gesellschaft\" data-post_tag=\"deutschland energiepolitik erfahrungen eu-gesetze europa\">\n\t\t\t\t\t\t\t<div class=\"dpt-entry-wrapper\"><div class=\"dpt-featured-content\"><div class=\"dpt-permalink\"><a href=\"https:\/\/www.markus-schall.de\/pt\/2026\/02\/protecao-do-clima-com-visao-de-tunel-lobbies-da-electromobilidade-e-os-custos-ocultos\/\" class=\"dpt-permalink\"><span class=\"screen-reader-text\">Prote\u00e7\u00e3o clim\u00e1tica com vis\u00e3o de t\u00fanel - electromobilidade, lobbies e custos suprimidos<\/span><\/a><\/div><div class=\"dpt-thumbnail\"><div class=\"dpt-thumbnail-inner\"><img width=\"1024\" height=\"683\" class=\"attachment-full size-full\" alt=\"Electromobilidade sem ideologia\" context=\"dpt\" data-dpt-src=\"https:\/\/www.markus-schall.de\/wp-content\/uploads\/Elektromobilitaet-ohne-Ideologie.jpg\" data-dpt-sizes=\"(max-width: 1024px) 100vw, 1024px\" data-dpt-srcset=\"https:\/\/www.markus-schall.de\/wp-content\/uploads\/Elektromobilitaet-ohne-Ideologie.jpg 1024w, https:\/\/www.markus-schall.de\/wp-content\/uploads\/Elektromobilitaet-ohne-Ideologie-300x200.jpg 300w, https:\/\/www.markus-schall.de\/wp-content\/uploads\/Elektromobilitaet-ohne-Ideologie-768x512.jpg 768w, https:\/\/www.markus-schall.de\/wp-content\/uploads\/Elektromobilitaet-ohne-Ideologie-18x12.jpg 18w\" \/><\/div><span class=\"dpt-thumbnail-aspect-ratio\" style=\"padding-top: 67%\"><\/span><\/div><\/div><div class=\"sub-entry\"><h3 class=\"dpt-title\"><a class=\"dpt-title-link\" href=\"https:\/\/www.markus-schall.de\/pt\/2026\/02\/protecao-do-clima-com-visao-de-tunel-lobbies-da-electromobilidade-e-os-custos-ocultos\/\" rel=\"bookmark\">Prote\u00e7\u00e3o clim\u00e1tica com vis\u00e3o de t\u00fanel - electromobilidade, lobbies e custos suprimidos<\/a><\/h3><\/div><\/div>\n\t\t\t\t\t\t<\/div><!-- .dpt-entry -->\n\t\t\t\t\t\t\t\t\t\t\t\t<div class=\"dpt-entry has-thumbnail\" data-title=\"der digitale euro kommt \u2013 was er bedeutet, was er nicht darf, und was er k\u00f6nnte\" data-id=\"3345\"  data-category=\"allgemein apple iphone &amp; ipad gesellschaft\" data-post_tag=\"datenschutz eu-gesetze europa ratgeber\">\n\t\t\t\t\t\t\t<div class=\"dpt-entry-wrapper\"><div class=\"dpt-featured-content\"><div class=\"dpt-permalink\"><a href=\"https:\/\/www.markus-schall.de\/pt\/2025\/11\/o-euro-digital-esta-a-chegar-o-que-significa-o-que-nao-deve-fazer-e-o-que-pode-fazer\/\" class=\"dpt-permalink\"><span class=\"screen-reader-text\">O euro digital est\u00e1 a chegar - o que significa, o que n\u00e3o deve fazer e o que pode fazer<\/span><\/a><\/div><div class=\"dpt-thumbnail\"><div class=\"dpt-thumbnail-inner\"><img width=\"1024\" height=\"683\" class=\"attachment-full size-full\" alt=\"O euro digital est\u00e1 a chegar\" context=\"dpt\" data-dpt-src=\"https:\/\/www.markus-schall.de\/wp-content\/uploads\/Digitaler-Euro.jpg\" data-dpt-sizes=\"(max-width: 1024px) 100vw, 1024px\" data-dpt-srcset=\"https:\/\/www.markus-schall.de\/wp-content\/uploads\/Digitaler-Euro.jpg 1024w, https:\/\/www.markus-schall.de\/wp-content\/uploads\/Digitaler-Euro-300x200.jpg 300w, https:\/\/www.markus-schall.de\/wp-content\/uploads\/Digitaler-Euro-768x512.jpg 768w, https:\/\/www.markus-schall.de\/wp-content\/uploads\/Digitaler-Euro-18x12.jpg 18w\" \/><\/div><span class=\"dpt-thumbnail-aspect-ratio\" style=\"padding-top: 67%\"><\/span><\/div><\/div><div class=\"sub-entry\"><h3 class=\"dpt-title\"><a class=\"dpt-title-link\" href=\"https:\/\/www.markus-schall.de\/pt\/2025\/11\/o-euro-digital-esta-a-chegar-o-que-significa-o-que-nao-deve-fazer-e-o-que-pode-fazer\/\" rel=\"bookmark\">O euro digital est\u00e1 a chegar - o que significa, o que n\u00e3o deve fazer e o que pode fazer<\/a><\/h3><\/div><\/div>\n\t\t\t\t\t\t<\/div><!-- .dpt-entry -->\n\t\t\t\t\t\t\t\t\t\t\t\t<div class=\"dpt-entry has-thumbnail\" data-title=\"die digitale id der eu: verkn\u00fcpfung, kontrolle und risiken im alltag\" data-id=\"3486\"  data-category=\"allgemein gesellschaft tipps &amp; anleitungen\" data-post_tag=\"datenschutz eu-gesetze europa prozesse ratgeber\">\n\t\t\t\t\t\t\t<div class=\"dpt-entry-wrapper\"><div class=\"dpt-featured-content\"><div class=\"dpt-permalink\"><a href=\"https:\/\/www.markus-schall.de\/pt\/2025\/11\/a-identidade-digital-da-ue-controlo-e-risco-na-vida-quotidiana\/\" class=\"dpt-permalink\"><span class=\"screen-reader-text\">A identifica\u00e7\u00e3o digital da UE: liga\u00e7\u00e3o, controlo e riscos na vida quotidiana<\/span><\/a><\/div><div class=\"dpt-thumbnail\"><div class=\"dpt-thumbnail-inner\"><img width=\"1024\" height=\"683\" class=\"attachment-full size-full\" alt=\"ID digital da UE\" context=\"dpt\" data-dpt-src=\"https:\/\/www.markus-schall.de\/wp-content\/uploads\/Digitale-ID-der-EU.jpg\" data-dpt-sizes=\"(max-width: 1024px) 100vw, 1024px\" data-dpt-srcset=\"https:\/\/www.markus-schall.de\/wp-content\/uploads\/Digitale-ID-der-EU.jpg 1024w, https:\/\/www.markus-schall.de\/wp-content\/uploads\/Digitale-ID-der-EU-300x200.jpg 300w, https:\/\/www.markus-schall.de\/wp-content\/uploads\/Digitale-ID-der-EU-768x512.jpg 768w, https:\/\/www.markus-schall.de\/wp-content\/uploads\/Digitale-ID-der-EU-18x12.jpg 18w\" \/><\/div><span class=\"dpt-thumbnail-aspect-ratio\" style=\"padding-top: 67%\"><\/span><\/div><\/div><div class=\"sub-entry\"><h3 class=\"dpt-title\"><a class=\"dpt-title-link\" href=\"https:\/\/www.markus-schall.de\/pt\/2025\/11\/a-identidade-digital-da-ue-controlo-e-risco-na-vida-quotidiana\/\" rel=\"bookmark\">A identifica\u00e7\u00e3o digital da UE: liga\u00e7\u00e3o, controlo e riscos na vida quotidiana<\/a><\/h3><\/div><\/div>\n\t\t\t\t\t\t<\/div><!-- .dpt-entry -->\n\t\t\t\t\t\t\t\t\t\t\t\t<div class=\"dpt-entry has-thumbnail\" data-title=\"cloud-act, datenhoheit und die schweiz: ein wendepunkt f\u00fcr europ\u00e4ische it-strategien?\" data-id=\"3727\"  data-category=\"allgemein gesellschaft\" data-post_tag=\"datenbanken datenschutz digitales eigentum eu-gesetze europa\">\n\t\t\t\t\t\t\t<div class=\"dpt-entry-wrapper\"><div class=\"dpt-featured-content\"><div class=\"dpt-permalink\"><a href=\"https:\/\/www.markus-schall.de\/pt\/2025\/11\/cloud-act-soberania-dos-dados-e-suica-um-ponto-de-viragem-para-as-estrategias-europeias-de-tecnologias-da-informacao\/\" class=\"dpt-permalink\"><span class=\"screen-reader-text\">CLOUD Act, soberania dos dados e Su\u00ed\u00e7a: um ponto de viragem para as estrat\u00e9gias europeias de TI?<\/span><\/a><\/div><div class=\"dpt-thumbnail\"><div class=\"dpt-thumbnail-inner\"><img width=\"1024\" height=\"683\" class=\"attachment-full size-full\" alt=\"O que \u00e9 que a resolu\u00e7\u00e3o sobre a nuvem su\u00ed\u00e7a significa para a Europa?\" context=\"dpt\" data-dpt-src=\"https:\/\/www.markus-schall.de\/wp-content\/uploads\/schweiz-cloud-resolution-eu.jpg\" data-dpt-sizes=\"(max-width: 1024px) 100vw, 1024px\" data-dpt-srcset=\"https:\/\/www.markus-schall.de\/wp-content\/uploads\/schweiz-cloud-resolution-eu.jpg 1024w, https:\/\/www.markus-schall.de\/wp-content\/uploads\/schweiz-cloud-resolution-eu-300x200.jpg 300w, https:\/\/www.markus-schall.de\/wp-content\/uploads\/schweiz-cloud-resolution-eu-768x512.jpg 768w, https:\/\/www.markus-schall.de\/wp-content\/uploads\/schweiz-cloud-resolution-eu-18x12.jpg 18w\" \/><\/div><span class=\"dpt-thumbnail-aspect-ratio\" style=\"padding-top: 67%\"><\/span><\/div><\/div><div class=\"sub-entry\"><h3 class=\"dpt-title\"><a class=\"dpt-title-link\" href=\"https:\/\/www.markus-schall.de\/pt\/2025\/11\/cloud-act-soberania-dos-dados-e-suica-um-ponto-de-viragem-para-as-estrategias-europeias-de-tecnologias-da-informacao\/\" rel=\"bookmark\">CLOUD Act, soberania dos dados e Su\u00ed\u00e7a: um ponto de viragem para as estrat\u00e9gias europeias de TI?<\/a><\/h3><\/div><\/div>\n\t\t\t\t\t\t<\/div><!-- .dpt-entry -->\n\t\t\t\t\t\t\t\t\t\t\t\t<div class=\"dpt-entry has-thumbnail\" data-title=\"spieltheorie erkl\u00e4rt 25 jahre geopolitik: wie europa seine strategische rolle verlor\" data-id=\"3850\"  data-category=\"allgemein gesellschaft kunst &amp; kultur\" data-post_tag=\"denkmodelle deutschland energiepolitik eu-gesetze europa geopolitik krisen sicherheitspolitik spieltheorie\">\n\t\t\t\t\t\t\t<div class=\"dpt-entry-wrapper\"><div class=\"dpt-featured-content\"><div class=\"dpt-permalink\"><a href=\"https:\/\/www.markus-schall.de\/pt\/2025\/12\/a-teoria-dos-jogos-explica-25-anos-de-geopolitica-como-e-que-a-europa-perdeu-o-seu-papel-estrategico\/\" class=\"dpt-permalink\"><span class=\"screen-reader-text\">A teoria dos jogos explica 25 anos de geopol\u00edtica: como \u00e9 que a Europa perdeu o seu papel estrat\u00e9gico<\/span><\/a><\/div><div class=\"dpt-thumbnail\"><div class=\"dpt-thumbnail-inner\"><img width=\"1024\" height=\"765\" class=\"attachment-full size-full\" alt=\"A teoria dos jogos explica 25 anos de geopol\u00edtica\" context=\"dpt\" data-dpt-src=\"https:\/\/www.markus-schall.de\/wp-content\/uploads\/europa-russland-spieltheorie.jpg\" data-dpt-sizes=\"(max-width: 1024px) 100vw, 1024px\" data-dpt-srcset=\"https:\/\/www.markus-schall.de\/wp-content\/uploads\/europa-russland-spieltheorie.jpg 1024w, https:\/\/www.markus-schall.de\/wp-content\/uploads\/europa-russland-spieltheorie-300x224.jpg 300w, https:\/\/www.markus-schall.de\/wp-content\/uploads\/europa-russland-spieltheorie-768x574.jpg 768w, https:\/\/www.markus-schall.de\/wp-content\/uploads\/europa-russland-spieltheorie-16x12.jpg 16w\" \/><\/div><span class=\"dpt-thumbnail-aspect-ratio\" style=\"padding-top: 75%\"><\/span><\/div><\/div><div class=\"sub-entry\"><h3 class=\"dpt-title\"><a class=\"dpt-title-link\" href=\"https:\/\/www.markus-schall.de\/pt\/2025\/12\/a-teoria-dos-jogos-explica-25-anos-de-geopolitica-como-e-que-a-europa-perdeu-o-seu-papel-estrategico\/\" rel=\"bookmark\">A teoria dos jogos explica 25 anos de geopol\u00edtica: como \u00e9 que a Europa perdeu o seu papel estrat\u00e9gico<\/a><\/h3><\/div><\/div>\n\t\t\t\t\t\t<\/div><!-- .dpt-entry -->\n\t\t\t\t\t\t\n\t\t\t\t<\/div>\n\t\t\t\t\t\t<\/div>\n\t\t\t\n<hr \/>\n<h2>Perguntas mais frequentes<\/h2>\n<ol>\n<li><strong>Porque \u00e9 que a Su\u00ed\u00e7a adoptou uma posi\u00e7\u00e3o t\u00e3o rigorosa em rela\u00e7\u00e3o aos servi\u00e7os internacionais de computa\u00e7\u00e3o em nuvem, como o Microsoft 365?<\/strong><br \/>\nA Su\u00ed\u00e7a segue um princ\u00edpio claro: os dados do Estado devem ser protegidos de forma a que ningu\u00e9m, para al\u00e9m da autoridade competente, possa aceder aos mesmos. Os fornecedores internacionais de servi\u00e7os de computa\u00e7\u00e3o em nuvem nunca podem, t\u00e9cnica e legalmente, excluir completamente a possibilidade de os dados lhes serem acess\u00edveis numa emerg\u00eancia - seja por raz\u00f5es de manuten\u00e7\u00e3o, por direitos de administrador ou por pedidos do governo do seu pa\u00eds de origem. Trata-se de um risco inaceit\u00e1vel para dados particularmente sens\u00edveis, como os que s\u00e3o tratados no \u00e2mbito da administra\u00e7\u00e3o, da justi\u00e7a, da pol\u00edcia ou dos sistemas de sa\u00fade. As autoridades su\u00ed\u00e7as respons\u00e1veis pela prote\u00e7\u00e3o de dados est\u00e3o, portanto, a tirar a conclus\u00e3o l\u00f3gica e a restringir severamente a utiliza\u00e7\u00e3o da nuvem enquanto n\u00e3o houver uma verdadeira encripta\u00e7\u00e3o de ponta a ponta sob a soberania exclusiva da autoridade.<\/li>\n<li><strong>Esta decis\u00e3o aplica-se a todos os dados ou apenas a determinadas categorias?<\/strong><br \/>\nA resolu\u00e7\u00e3o visa principalmente os dados particularmente sens\u00edveis ou sujeitos a confidencialidade - incluindo dados de sa\u00fade, ficheiros sociais, informa\u00e7\u00f5es de investiga\u00e7\u00e3o e comunica\u00e7\u00f5es internas com as autoridades. A Su\u00ed\u00e7a exige os mais elevados padr\u00f5es de seguran\u00e7a para estas categorias, que as plataformas SaaS internacionais n\u00e3o cumprem atualmente. Os dados menos sens\u00edveis podem ainda ser externalizados, mas apenas ap\u00f3s uma avalia\u00e7\u00e3o cuidadosa dos riscos e em conformidade com determinadas medidas de prote\u00e7\u00e3o.<\/li>\n<li><strong>As empresas na Su\u00ed\u00e7a tamb\u00e9m s\u00e3o afectadas?<\/strong><br \/>\nFormalmente, a resolu\u00e7\u00e3o destina-se exclusivamente a ag\u00eancias governamentais. Na pr\u00e1tica, por\u00e9m, tamb\u00e9m ter\u00e1 impacto nas empresas, especialmente nas que processam dados sens\u00edveis ou legalmente protegidos - por exemplo, hospitais, companhias de seguros, bancos ou institui\u00e7\u00f5es de ensino. Se as autoridades p\u00fablicas deixarem de poder utilizar determinados servi\u00e7os, ser\u00e1 mais dif\u00edcil para as organiza\u00e7\u00f5es privadas classificarem os mesmos servi\u00e7os como \u201ecompletamente n\u00e3o problem\u00e1ticos\u201c.<\/li>\n<li><strong>Qual \u00e9 o maior problema t\u00e9cnico do Microsoft 365 do ponto de vista da Su\u00ed\u00e7a?<\/strong><br \/>\nO problema central \u00e9 a falta de uma verdadeira encripta\u00e7\u00e3o de ponta a ponta. O Microsoft 365 requer acesso ao conte\u00fado para permitir fun\u00e7\u00f5es como pesquisa, indexa\u00e7\u00e3o, chats de equipa, calend\u00e1rios, anti-spam ou funcionalidades de IA. Isto significa que os servidores e os administradores podem, tecnicamente, ver sempre o texto simples. Mesmo que a Microsoft sublinhe que n\u00e3o o faz, a possibilidade mant\u00e9m-se - e \u00e9 precisamente esta possibilidade te\u00f3rica que representa um risco para as autoridades su\u00ed\u00e7as.<\/li>\n<li><strong>Que papel desempenha o US CLOUD Act na decis\u00e3o?<\/strong><br \/>\nO CLOUD Act obriga as empresas americanas a entregar dados a pedido das autoridades americanas, mesmo que esses dados estejam armazenados no estrangeiro. Para a Su\u00ed\u00e7a, isto significa que, mesmo que a Microsoft utilize centros de dados europeus ou su\u00ed\u00e7os, os dados podem ter de ser disponibilizados \u00e0s autoridades americanas. Este poss\u00edvel acesso contradiz o entendimento su\u00ed\u00e7o de soberania e segredo oficial. A lei CLOUD \u00e9, por conseguinte, citada como um contra-argumento s\u00e9rio.<\/li>\n<li><strong>Porque \u00e9 que os tratados ou as \u201efronteiras de dados da UE\u201c n\u00e3o s\u00e3o suficientes para a Su\u00ed\u00e7a?<\/strong><br \/>\nOs contratos e as medidas de prote\u00e7\u00e3o t\u00e9cnica s\u00e3o instrumentos valiosos, mas n\u00e3o alteram a realidade jur\u00eddica. Se uma empresa dos EUA for obrigada a entregar dados, n\u00e3o existe qualquer contrato nesse sentido. Al\u00e9m disso, os grandes fornecedores de servi\u00e7os em nuvem podem alterar os seus termos e condi\u00e7\u00f5es em qualquer altura. Os especialistas su\u00ed\u00e7os em prote\u00e7\u00e3o de dados afirmam, por isso, que a seguran\u00e7a jur\u00eddica n\u00e3o adv\u00e9m de promessas, mas sim do controlo efetivo sobre os dados - e este controlo n\u00e3o \u00e9 totalmente garantido nas nuvens SaaS.<\/li>\n<li><strong>O que \u00e9 que a resolu\u00e7\u00e3o significa em termos concretos para as autoridades?<\/strong><br \/>\nNo futuro, as autoridades ter\u00e3o de provar que n\u00e3o est\u00e3o a externalizar dados sens\u00edveis de forma a que um fornecedor de servi\u00e7os de computa\u00e7\u00e3o em nuvem possa aceder aos mesmos. Em termos pr\u00e1ticos, isto significa que o Microsoft 365 e outras plataformas SaaS internacionais j\u00e1 n\u00e3o podem ser utilizadas para esses dados. As autoridades devem recorrer a solu\u00e7\u00f5es locais, mudar para fornecedores su\u00ed\u00e7os ou utilizar os seus pr\u00f3prios mecanismos de cifragem, sem que o fornecedor tenha qualquer acesso.<\/li>\n<li><strong>As autoridades podem continuar a utilizar servi\u00e7os de computa\u00e7\u00e3o em nuvem se utilizarem a sua pr\u00f3pria encripta\u00e7\u00e3o?<\/strong><br \/>\nSim - mas apenas se a autoridade mantiver o controlo total sobre as chaves e o fornecedor for tecnicamente exclu\u00eddo. O problema: muitos servi\u00e7os em nuvem deixam de funcionar se o conte\u00fado for encriptado antes do processamento. Na pr\u00e1tica, o Microsoft 365 s\u00f3 poderia, portanto, ser utilizado como uma solu\u00e7\u00e3o de armazenamento de dados pura - sem ferramentas de colabora\u00e7\u00e3o, sistema de correio eletr\u00f3nico, calend\u00e1rio, Teams ou fun\u00e7\u00f5es automatizadas do Office.<\/li>\n<li><strong>Em que \u00e9 que a posi\u00e7\u00e3o da Su\u00ed\u00e7a difere da atual posi\u00e7\u00e3o da UE?<\/strong><br \/>\nA UE est\u00e1 a tentar fazer com que a utiliza\u00e7\u00e3o do Microsoft 365 esteja em conformidade com os regulamentos de prote\u00e7\u00e3o de dados atrav\u00e9s de acordos, auditorias e garantias contratuais. O objetivo \u00e9 utilizar as vantagens da nuvem sem as p\u00f4r fundamentalmente em causa. A Su\u00ed\u00e7a, por outro lado, centra-se no princ\u00edpio da precau\u00e7\u00e3o e tra\u00e7a uma linha clara: sem controlo total sobre os dados, a utiliza\u00e7\u00e3o n\u00e3o \u00e9 permitida. Isto cria um contraste entre o pragmatismo europeu e a coer\u00eancia su\u00ed\u00e7a.<\/li>\n<li><strong>Como \u00e9 que as autoridades alem\u00e3s est\u00e3o a reagir a esta evolu\u00e7\u00e3o?<\/strong><br \/>\nMuitas organiza\u00e7\u00f5es estatais alem\u00e3s de prote\u00e7\u00e3o de dados est\u00e3o atentas \u00e0 decis\u00e3o da Su\u00ed\u00e7a. Algumas j\u00e1 criticaram o pr\u00f3prio Microsoft 365 - por exemplo, nas escolas, onde os mecanismos de rastreio e os fluxos de dados pouco claros foram criticados. A resolu\u00e7\u00e3o su\u00ed\u00e7a poderia servir como um refor\u00e7o de argumenta\u00e7\u00e3o: Se um pa\u00eds com padr\u00f5es elevados restringir a utiliza\u00e7\u00e3o, torna-se mais dif\u00edcil para as autoridades alem\u00e3s adoptarem uma linha mais liberal sem a poderem justificar bem.<\/li>\n<li><strong>Porque \u00e9 que a transpar\u00eancia desempenha um papel t\u00e3o importante para os subcontratantes?<\/strong><br \/>\nOs grandes fornecedores de servi\u00e7os de computa\u00e7\u00e3o em nuvem utilizam redes globais de parceiros e subcontratantes para apoio, manuten\u00e7\u00e3o e servi\u00e7os t\u00e9cnicos. \u00c9 quase imposs\u00edvel para uma autoridade p\u00fablica compreender quais as empresas que podem ter acesso e quando. \u00c9 precisamente esta falta de transpar\u00eancia que impossibilita uma avalia\u00e7\u00e3o correta dos riscos. A Su\u00ed\u00e7a considera que este \u00e9 um problema fundamental: uma autoridade p\u00fablica precisa de saber quem pode aceder aos seus dados - e isso \u00e9 praticamente imposs\u00edvel em estruturas de nuvem complexas.<\/li>\n<li><strong>Como \u00e9 que a decis\u00e3o influencia o debate sobre a soberania digital na Europa?<\/strong><br \/>\nA posi\u00e7\u00e3o da Su\u00ed\u00e7a actua como um catalisador. H\u00e1 anos que muitos pa\u00edses da UE falam de soberania digital, mas recorrem frequentemente aos mesmos fornecedores mundiais. A Su\u00ed\u00e7a est\u00e1 agora a mostrar que um Estado tamb\u00e9m pode agir de forma diferente. Esta decis\u00e3o vai reacender o debate europeu - especialmente nos dom\u00ednios da justi\u00e7a, da administra\u00e7\u00e3o e dos dados relativos \u00e0 sa\u00fade, em que uma linha estrita pode parecer particularmente sensata.<\/li>\n<li><strong>O que \u00e9 que as empresas podem aprender com esta evolu\u00e7\u00e3o?<\/strong><br \/>\nAs empresas devem estar conscientes de que a externaliza\u00e7\u00e3o de dados implica sempre uma perda de controlo. A decis\u00e3o da Su\u00ed\u00e7a recorda-nos que \u00e9 importante analisar cuidadosamente quais os dados que s\u00e3o transferidos e para onde. As empresas devem considerar se algumas \u00e1reas cr\u00edticas s\u00e3o melhor deixadas localmente ou em infra-estruturas soberanas - mesmo que a nuvem pare\u00e7a mais conveniente \u00e0 primeira vista.<\/li>\n<li><strong>Ser\u00e1 a decis\u00e3o da Su\u00ed\u00e7a um retrocesso ao passado?<\/strong><br \/>\nN\u00e3o - \u00e9 antes um regresso a princ\u00edpios fundamentais que por vezes se perdem na digitaliza\u00e7\u00e3o: Responsabilidade, controlo, rastreabilidade. A Su\u00ed\u00e7a utiliza tecnologias modernas, mas n\u00e3o aceita perder a soberania sobre os seus dados mais sens\u00edveis. Esta atitude parece antiquada, mas \u00e9, de facto, orientada para o futuro.<\/li>\n<li><strong>Que alternativas t\u00eam as autoridades ou as empresas se quiserem evitar os servi\u00e7os em nuvem?<\/strong><br \/>\nExistem v\u00e1rias op\u00e7\u00f5es: servidores locais, fornecedores su\u00ed\u00e7os ou europeus com uma soberania de dados rigorosa, modelos h\u00edbridos com a sua pr\u00f3pria encripta\u00e7\u00e3o ou infra-estruturas completamente aut\u00f3nomas. Estas op\u00e7\u00f5es n\u00e3o s\u00e3o t\u00e3o convenientes como clicar em \u201eSubscrever o Microsoft 365\u201c, mas refor\u00e7am o controlo - e s\u00e3o completamente suficientes para muitas aplica\u00e7\u00f5es sens\u00edveis.<\/li>\n<li><strong>Que papel desempenha o incidente da HostEurope neste contexto?<\/strong><br \/>\nO incidente \u00e9 um exemplo t\u00edpico da rapidez com que se pode ser apanhado em estruturas que n\u00e3o se queria. Se um fornecedor quiser migrar os seus e-mails para o Microsoft 365 sem o consultar, perde parte da sua soberania ao mesmo tempo - e completamente sem ser solicitado. A sua decis\u00e3o de se excluir imediatamente foi, em \u00faltima an\u00e1lise, um passo na mesma dire\u00e7\u00e3o que a Su\u00ed\u00e7a tomou agora oficialmente: Controlo em vez de comodidade. Por isso mesmo, esta hist\u00f3ria \u00e9 um bom exemplo da relev\u00e2ncia pr\u00e1tica da posi\u00e7\u00e3o su\u00ed\u00e7a.<\/li>\n<li><strong>O que significa tudo isto para os particulares que n\u00e3o trabalham no sector p\u00fablico?<\/strong><br \/>\nOs particulares devem tamb\u00e9m estar mais conscientes do local onde os seus dados s\u00e3o armazenados. Atualmente, muitas pessoas utilizam automaticamente plataformas internacionais sem considerar at\u00e9 que ponto estas empresas podem ver a sua vida digital. A decis\u00e3o su\u00ed\u00e7a recorda-nos que n\u00e3o devemos tratar os nossos pr\u00f3prios dados como uma quest\u00e3o menor, porque a seguran\u00e7a come\u00e7a sempre com a decis\u00e3o pessoal de saber em quem confiamos.<\/li>\n<li><strong>Como \u00e9 que a situa\u00e7\u00e3o poder\u00e1 evoluir nos pr\u00f3ximos anos?<\/strong><br \/>\n\u00c9 bem poss\u00edvel que a Su\u00ed\u00e7a esteja a definir uma tend\u00eancia com esta resolu\u00e7\u00e3o, que mais tarde ser\u00e1 retomada na UE. A discuss\u00e3o sobre soberania est\u00e1 a ficar mais forte, n\u00e3o mais fraca. Os Estados e as empresas aperceber-se-\u00e3o cada vez mais de que a nuvem n\u00e3o \u00e9 uma lei da natureza, mas sim uma escolha. E, como qualquer escolha, pode ser reconsiderada - especialmente se os riscos parecerem maiores do que a conveni\u00eancia num determinado momento.<\/li>\n<\/ol>\n<hr \/>\n\n\t\t\t<div class=\"display-post-types\">\n\n\t\t\t\t\t\t\t<style type=\"text\/css\">\n\t\t\t#dpt-wrapper-712 { --dpt-text-align: left;--dpt-image-crop: center;--dpt-border-radius: 5px;--dpt-h-gutter: 10px;--dpt-v-gutter: 9px; }\t\t\t<\/style>\n\t\t\t<style type=\"text\/css\">#dpt-wrapper-712 { --dpt-title-font-style:normal;--dpt-title-font-weight:600;--dpt-title-line-height:1.5;--dpt-title-text-decoration:none;--dpt-title-text-transform:none;--dpt-excerpt-font-style:normal;--dpt-excerpt-font-weight:400;--dpt-excerpt-line-height:1.5;--dpt-excerpt-text-decoration:none;--dpt-excerpt-text-transform:none;--dpt-meta1-font-style:normal;--dpt-meta1-font-weight:400;--dpt-meta1-line-height:1.9;--dpt-meta1-text-decoration:none;--dpt-meta1-text-transform:none;--dpt-meta2-font-style:normal;--dpt-meta2-font-weight:400;--dpt-meta2-line-height:1.9;--dpt-meta2-text-decoration:none;--dpt-meta2-text-transform:none; }<\/style><div class=\"dpt-main-header\">\n\t\t\t\t\t\t<div class=\"dpt-main-title\">\n\t\t\t\t\t\t\t<span class=\"dpt-main-title-text\">Artigos actuais sobre arte e cultura<\/span>\n\t\t\t\t\t\t<\/div>\n\t\t\t\t\t\t\n\t\t\t\t\t\t\n\t\t\t\t\t\t\n\t\t\t\t\t\t<\/div>\t\t\t\n\t\t\t\t<div id=\"dpt-wrapper-712\" class=\"dpt-wrapper dpt-mag1 land1 dpt-cropped dpt-flex-wrap\" >\n\n\t\t\t\t\t\t\t\t\t\t\t<div class=\"dpt-entry has-thumbnail\" data-title=\"iran verstehen: alltag, proteste und interessen jenseits der schlagzeilen\" data-id=\"4462\"  data-category=\"allgemein gesellschaft kunst &amp; kultur\" data-post_tag=\"erfahrungen europa geopolitik krisen meinungsfreiheit sicherheitspolitik spieltheorie\">\n\t\t\t\t\t\t\t<div class=\"dpt-entry-wrapper\"><div class=\"dpt-featured-content\"><div class=\"dpt-permalink\"><a href=\"https:\/\/www.markus-schall.de\/pt\/2026\/01\/compreender-o-quotidiano-do-ira-protestos-e-interesses-para-alem-dos-titulos-dos-jornais\/\" class=\"dpt-permalink\"><span class=\"screen-reader-text\">Compreender o Ir\u00e3o: A vida quotidiana, os protestos e os interesses para al\u00e9m dos t\u00edtulos dos jornais<\/span><\/a><\/div><div class=\"dpt-thumbnail\"><div class=\"dpt-thumbnail-inner\"><img width=\"1024\" height=\"683\" class=\"attachment-full size-full\" alt=\"Compreender o Ir\u00e3o\" context=\"dpt\" data-dpt-src=\"https:\/\/www.markus-schall.de\/wp-content\/uploads\/Iran-Titel.jpg\" data-dpt-sizes=\"(max-width: 1024px) 100vw, 1024px\" data-dpt-srcset=\"https:\/\/www.markus-schall.de\/wp-content\/uploads\/Iran-Titel.jpg 1024w, https:\/\/www.markus-schall.de\/wp-content\/uploads\/Iran-Titel-300x200.jpg 300w, https:\/\/www.markus-schall.de\/wp-content\/uploads\/Iran-Titel-768x512.jpg 768w, https:\/\/www.markus-schall.de\/wp-content\/uploads\/Iran-Titel-18x12.jpg 18w\" \/><\/div><span class=\"dpt-thumbnail-aspect-ratio\" style=\"padding-top: 75%\"><\/span><\/div><\/div><div class=\"sub-entry\"><h3 class=\"dpt-title\"><a class=\"dpt-title-link\" href=\"https:\/\/www.markus-schall.de\/pt\/2026\/01\/compreender-o-quotidiano-do-ira-protestos-e-interesses-para-alem-dos-titulos-dos-jornais\/\" rel=\"bookmark\">Compreender o Ir\u00e3o: A vida quotidiana, os protestos e os interesses para al\u00e9m dos t\u00edtulos dos jornais<\/a><\/h3><\/div><\/div>\n\t\t\t\t\t\t<\/div><!-- .dpt-entry -->\n\t\t\t\t\t\t\t\t\t\t\t\t<div class=\"dpt-entry has-thumbnail\" data-title=\"dieter hallervorden \u2013 mehr als didi: portr\u00e4t eines unbequemen freigeists\" data-id=\"4347\"  data-category=\"gesellschaft kunst &amp; kultur stories &amp; humor\" data-post_tag=\"erfahrungen meinungsfreiheit musik portrait\">\n\t\t\t\t\t\t\t<div class=\"dpt-entry-wrapper\"><div class=\"dpt-featured-content\"><div class=\"dpt-permalink\"><a href=\"https:\/\/www.markus-schall.de\/pt\/2026\/01\/dieter-hallervorden-mais-do-que-didi-retrato-de-um-espirito-livre-desconfortavel\/\" class=\"dpt-permalink\"><span class=\"screen-reader-text\">Dieter Hallervorden - Mais do que Didi: Retrato de um esp\u00edrito livre inc\u00f3modo<\/span><\/a><\/div><div class=\"dpt-thumbnail\"><div class=\"dpt-thumbnail-inner\"><img width=\"1024\" height=\"683\" class=\"attachment-full size-full\" alt=\"Dieter Hallervorden e a W\u00fchlm\u00e4use em Berlim\" context=\"dpt\" data-dpt-src=\"https:\/\/www.markus-schall.de\/wp-content\/uploads\/Dieter-Hallvervorden-Wuehlmaeuse.jpg\" data-dpt-sizes=\"(max-width: 1024px) 100vw, 1024px\" data-dpt-srcset=\"https:\/\/www.markus-schall.de\/wp-content\/uploads\/Dieter-Hallvervorden-Wuehlmaeuse.jpg 1024w, https:\/\/www.markus-schall.de\/wp-content\/uploads\/Dieter-Hallvervorden-Wuehlmaeuse-300x200.jpg 300w, https:\/\/www.markus-schall.de\/wp-content\/uploads\/Dieter-Hallvervorden-Wuehlmaeuse-768x512.jpg 768w, https:\/\/www.markus-schall.de\/wp-content\/uploads\/Dieter-Hallvervorden-Wuehlmaeuse-18x12.jpg 18w\" \/><\/div><span class=\"dpt-thumbnail-aspect-ratio\" style=\"padding-top: 75%\"><\/span><\/div><\/div><div class=\"sub-entry\"><h3 class=\"dpt-title\"><a class=\"dpt-title-link\" href=\"https:\/\/www.markus-schall.de\/pt\/2026\/01\/dieter-hallervorden-mais-do-que-didi-retrato-de-um-espirito-livre-desconfortavel\/\" rel=\"bookmark\">Dieter Hallervorden - Mais do que Didi: Retrato de um esp\u00edrito livre inc\u00f3modo<\/a><\/h3><\/div><\/div>\n\t\t\t\t\t\t<\/div><!-- .dpt-entry -->\n\t\t\t\t\t\t\t\t\t\t\t\t<div class=\"dpt-entry has-thumbnail\" data-title=\"mehr als punk: nina hagen, cosma shiva und die kunst, sich nicht vereinnahmen zu lassen\" data-id=\"4521\"  data-category=\"allgemein gesellschaft kunst &amp; kultur\" data-post_tag=\"auswandern deutschland erfahrungen europa krisen meinungsfreiheit musik portrait\">\n\t\t\t\t\t\t\t<div class=\"dpt-entry-wrapper\"><div class=\"dpt-featured-content\"><div class=\"dpt-permalink\"><a href=\"https:\/\/www.markus-schall.de\/pt\/2026\/01\/more-than-punk-nina-hagen-cosma-shiva-and-the-art-of-not-being-taken-in\/\" class=\"dpt-permalink\"><span class=\"screen-reader-text\">Mais do que punk: Nina Hagen, Cosma Shiva e a arte de n\u00e3o se deixar enganar<\/span><\/a><\/div><div class=\"dpt-thumbnail\"><div class=\"dpt-thumbnail-inner\"><img width=\"1024\" height=\"683\" class=\"attachment-full size-full\" alt=\"Retrato de Nina e Cosma Shiva Hagen\" context=\"dpt\" data-dpt-src=\"https:\/\/www.markus-schall.de\/wp-content\/uploads\/Nina-Cosma-Shiva-Hagen-Titel.jpg\" data-dpt-sizes=\"(max-width: 1024px) 100vw, 1024px\" data-dpt-srcset=\"https:\/\/www.markus-schall.de\/wp-content\/uploads\/Nina-Cosma-Shiva-Hagen-Titel.jpg 1024w, https:\/\/www.markus-schall.de\/wp-content\/uploads\/Nina-Cosma-Shiva-Hagen-Titel-300x200.jpg 300w, https:\/\/www.markus-schall.de\/wp-content\/uploads\/Nina-Cosma-Shiva-Hagen-Titel-768x512.jpg 768w, https:\/\/www.markus-schall.de\/wp-content\/uploads\/Nina-Cosma-Shiva-Hagen-Titel-18x12.jpg 18w\" \/><\/div><span class=\"dpt-thumbnail-aspect-ratio\" style=\"padding-top: 75%\"><\/span><\/div><\/div><div class=\"sub-entry\"><h3 class=\"dpt-title\"><a class=\"dpt-title-link\" href=\"https:\/\/www.markus-schall.de\/pt\/2026\/01\/more-than-punk-nina-hagen-cosma-shiva-and-the-art-of-not-being-taken-in\/\" rel=\"bookmark\">Mais do que punk: Nina Hagen, Cosma Shiva e a arte de n\u00e3o se deixar enganar<\/a><\/h3><\/div><\/div>\n\t\t\t\t\t\t<\/div><!-- .dpt-entry -->\n\t\t\t\t\t\t\t\t\t\t\t\t<div class=\"dpt-entry has-thumbnail\" data-title=\"wie war syrien vor dem krieg? wer regiert heute? was bedeutet das f\u00fcr gefl\u00fcchtete in deutschland?\" data-id=\"4628\"  data-category=\"allgemein gesellschaft kunst &amp; kultur\" data-post_tag=\"deutschland europa geopolitik krisen meinungsfreiheit sicherheitspolitik\">\n\t\t\t\t\t\t\t<div class=\"dpt-entry-wrapper\"><div class=\"dpt-featured-content\"><div class=\"dpt-permalink\"><a href=\"https:\/\/www.markus-schall.de\/pt\/2026\/01\/como-era-a-siria-antes-da-guerra-quem-governa-atualmente-o-pais-o-que-significa-isto-para-os-refugiados-na-alemanha\/\" class=\"dpt-permalink\"><span class=\"screen-reader-text\">Como era a S\u00edria antes da guerra? Quem governa atualmente? O que \u00e9 que isto significa para os refugiados na Alemanha?<\/span><\/a><\/div><div class=\"dpt-thumbnail\"><div class=\"dpt-thumbnail-inner\"><img width=\"1024\" height=\"683\" class=\"attachment-full size-full\" alt=\"S\u00edria e Damasco\" context=\"dpt\" data-dpt-src=\"https:\/\/www.markus-schall.de\/wp-content\/uploads\/Syrien-Damaskus.jpg\" data-dpt-sizes=\"(max-width: 1024px) 100vw, 1024px\" data-dpt-srcset=\"https:\/\/www.markus-schall.de\/wp-content\/uploads\/Syrien-Damaskus.jpg 1024w, https:\/\/www.markus-schall.de\/wp-content\/uploads\/Syrien-Damaskus-300x200.jpg 300w, https:\/\/www.markus-schall.de\/wp-content\/uploads\/Syrien-Damaskus-768x512.jpg 768w, https:\/\/www.markus-schall.de\/wp-content\/uploads\/Syrien-Damaskus-18x12.jpg 18w\" \/><\/div><span class=\"dpt-thumbnail-aspect-ratio\" style=\"padding-top: 75%\"><\/span><\/div><\/div><div class=\"sub-entry\"><h3 class=\"dpt-title\"><a class=\"dpt-title-link\" href=\"https:\/\/www.markus-schall.de\/pt\/2026\/01\/como-era-a-siria-antes-da-guerra-quem-governa-atualmente-o-pais-o-que-significa-isto-para-os-refugiados-na-alemanha\/\" rel=\"bookmark\">Como era a S\u00edria antes da guerra? Quem governa atualmente? O que \u00e9 que isto significa para os refugiados na Alemanha?<\/a><\/h3><\/div><\/div>\n\t\t\t\t\t\t<\/div><!-- .dpt-entry -->\n\t\t\t\t\t\t\n\t\t\t\t<\/div>\n\t\t\t\t\t\t<\/div>\n\t\t\t\n<hr \/>","protected":false},"excerpt":{"rendered":"<p>Em meados de novembro, aconteceu na Su\u00ed\u00e7a algo que quase ningu\u00e9m esperava desta forma: Os comiss\u00e1rios de prote\u00e7\u00e3o de dados do pa\u00eds aprovaram uma resolu\u00e7\u00e3o clara, quase hist\u00f3rica. A mensagem subjacente \u00e9 simples - e, ao mesmo tempo, altamente controversa: as autoridades p\u00fablicas n\u00e3o devem continuar a subcontratar sem hesita\u00e7\u00e3o os seus dados mais sens\u00edveis a servi\u00e7os internacionais de computa\u00e7\u00e3o em nuvem, como o Microsoft 365. Porqu\u00ea?<\/p>","protected":false},"author":1,"featured_media":3732,"comment_status":"open","ping_status":"open","sticky":false,"template":"","format":"standard","meta":{"iawp_total_views":1306,"footnotes":""},"categories":[1,466],"tags":[440,469,473,470,475],"class_list":["post-3727","post","type-post","status-publish","format-standard","has-post-thumbnail","hentry","category-allgemein","category-gesellschaft","tag-datenbanken","tag-datenschutz","tag-digitales-eigentum","tag-eu-gesetze","tag-europa"],"_links":{"self":[{"href":"https:\/\/www.markus-schall.de\/pt\/wp-json\/wp\/v2\/posts\/3727","targetHints":{"allow":["GET"]}}],"collection":[{"href":"https:\/\/www.markus-schall.de\/pt\/wp-json\/wp\/v2\/posts"}],"about":[{"href":"https:\/\/www.markus-schall.de\/pt\/wp-json\/wp\/v2\/types\/post"}],"author":[{"embeddable":true,"href":"https:\/\/www.markus-schall.de\/pt\/wp-json\/wp\/v2\/users\/1"}],"replies":[{"embeddable":true,"href":"https:\/\/www.markus-schall.de\/pt\/wp-json\/wp\/v2\/comments?post=3727"}],"version-history":[{"count":14,"href":"https:\/\/www.markus-schall.de\/pt\/wp-json\/wp\/v2\/posts\/3727\/revisions"}],"predecessor-version":[{"id":3890,"href":"https:\/\/www.markus-schall.de\/pt\/wp-json\/wp\/v2\/posts\/3727\/revisions\/3890"}],"wp:featuredmedia":[{"embeddable":true,"href":"https:\/\/www.markus-schall.de\/pt\/wp-json\/wp\/v2\/media\/3732"}],"wp:attachment":[{"href":"https:\/\/www.markus-schall.de\/pt\/wp-json\/wp\/v2\/media?parent=3727"}],"wp:term":[{"taxonomy":"category","embeddable":true,"href":"https:\/\/www.markus-schall.de\/pt\/wp-json\/wp\/v2\/categories?post=3727"},{"taxonomy":"post_tag","embeddable":true,"href":"https:\/\/www.markus-schall.de\/pt\/wp-json\/wp\/v2\/tags?post=3727"}],"curies":[{"name":"wp","href":"https:\/\/api.w.org\/{rel}","templated":true}]}}