{"id":3840,"date":"2025-12-09T06:06:14","date_gmt":"2025-12-09T06:06:14","guid":{"rendered":"https:\/\/www.markus-schall.de\/?p=3840"},"modified":"2026-04-22T16:20:11","modified_gmt":"2026-04-22T16:20:11","slug":"a-crise-permanente-como-um-estado-normal-como-as-narrativas-distorcem-a-nossa-percecao","status":"publish","type":"post","link":"https:\/\/www.markus-schall.de\/pt\/2025\/12\/a-crise-permanente-como-um-estado-normal-como-as-narrativas-distorcem-a-nossa-percecao\/","title":{"rendered":"A crise permanente como um estado normal: como as narrativas distorcem a nossa perce\u00e7\u00e3o"},"content":{"rendered":"<p>\u00c9 estranho como certos desenvolvimentos surgem discretamente e s\u00f3 revelam todo o seu impacto em retrospetiva. Quando penso na forma como vejo as not\u00edcias hoje, apercebo-me de que a minha abordagem \u00e0s mesmas mudou fundamentalmente h\u00e1 mais de vinte anos. Desde a viragem do mil\u00e9nio, quase n\u00e3o vejo os notici\u00e1rios tradicionais da televis\u00e3o. Nunca foi uma decis\u00e3o consciente contra alguma coisa - foi mais um abandono gradual da mesma. A dada altura, apercebi-me simplesmente de que o bombardeamento di\u00e1rio de cen\u00e1rios de cat\u00e1strofe alternados n\u00e3o estava a melhorar a minha vida nem a tornar a minha vis\u00e3o mais clara.<!--more--><\/p>\n<p>Talvez esta dist\u00e2ncia me tenha dado uma certa vis\u00e3o de p\u00e1ssaro. Uma perspetiva que n\u00e3o \u00e9 guiada pela dramaturgia agitada do dia a dia. O facto de tamb\u00e9m ter tido um parceiro estrangeiro durante muitos anos e de ver regularmente meios de comunica\u00e7\u00e3o em l\u00edngua estrangeira - turca ou da Europa de Leste - relativizou ainda mais esta vis\u00e3o. Rapidamente se percebe que a mesma not\u00edcia \u00e9 contada de forma completamente diferente consoante o pa\u00eds. N\u00e3o s\u00e3o erradas, nem certas - s\u00e3o simplesmente diferentes, ou nem sequer o s\u00e3o.<\/p>\n<hr \/>\n\n\t\t\t<div class=\"display-post-types\">\n\n\t\t\t\t\t\t\t<style type=\"text\/css\">\n\t\t\t#dpt-wrapper-62 { --dpt-text-align: left;--dpt-image-crop: center;--dpt-border-radius: 5px;--dpt-h-gutter: 10px;--dpt-v-gutter: 9px; }\t\t\t<\/style>\n\t\t\t<style type=\"text\/css\">#dpt-wrapper-62 { --dpt-title-font-style:normal;--dpt-title-font-weight:600;--dpt-title-line-height:1.5;--dpt-title-text-decoration:none;--dpt-title-text-transform:none;--dpt-excerpt-font-style:normal;--dpt-excerpt-font-weight:400;--dpt-excerpt-line-height:1.5;--dpt-excerpt-text-decoration:none;--dpt-excerpt-text-transform:none;--dpt-meta1-font-style:normal;--dpt-meta1-font-weight:400;--dpt-meta1-line-height:1.9;--dpt-meta1-text-decoration:none;--dpt-meta1-text-transform:none;--dpt-meta2-font-style:normal;--dpt-meta2-font-weight:400;--dpt-meta2-line-height:1.9;--dpt-meta2-text-decoration:none;--dpt-meta2-text-transform:none; }<\/style><div class=\"dpt-main-header\">\n\t\t\t\t\t\t<div class=\"dpt-main-title\">\n\t\t\t\t\t\t\t<span class=\"dpt-main-title-text\">Quest\u00f5es sociais da atualidade<\/span>\n\t\t\t\t\t\t<\/div>\n\t\t\t\t\t\t\n\t\t\t\t\t\t\n\t\t\t\t\t\t\n\t\t\t\t\t\t<\/div>\t\t\t\n\t\t\t\t<div id=\"dpt-wrapper-62\" class=\"dpt-wrapper dpt-mag1 land1 dpt-cropped dpt-flex-wrap\" >\n\n\t\t\t\t\t\t\t\t\t\t\t<div class=\"dpt-entry has-thumbnail\" data-title=\"elektroauto, hybrid und e-roller: eine realistische betrachtung jenseits der ideologie\" data-id=\"4255\"  data-category=\"allgemein gesellschaft tipps &amp; anleitungen\" data-post_tag=\"energiepolitik erfahrungen prozesse ratgeber\">\n\t\t\t\t\t\t\t<div class=\"dpt-entry-wrapper\"><div class=\"dpt-featured-content\"><div class=\"dpt-permalink\"><a href=\"https:\/\/www.markus-schall.de\/pt\/2026\/01\/automovel-eletrico-hibrido-e-scooter-electrica-uma-visao-realista-para-alem-da-ideologia\/\" class=\"dpt-permalink\"><span class=\"screen-reader-text\">Autom\u00f3vel el\u00e9trico, h\u00edbrido e trotinete el\u00e9ctrica: uma vis\u00e3o realista para al\u00e9m da ideologia<\/span><\/a><\/div><div class=\"dpt-thumbnail\"><div class=\"dpt-thumbnail-inner\"><img width=\"1024\" height=\"683\" class=\"attachment-full size-full\" alt=\"Electromobilidade - e-scooter\/scooter, h\u00edbrido, autom\u00f3vel el\u00e9trico\" context=\"dpt\" data-dpt-src=\"https:\/\/www.markus-schall.de\/wp-content\/uploads\/Elektromobilitaet-Titel.jpg\" data-dpt-sizes=\"(max-width: 1024px) 100vw, 1024px\" data-dpt-srcset=\"https:\/\/www.markus-schall.de\/wp-content\/uploads\/Elektromobilitaet-Titel.jpg 1024w, https:\/\/www.markus-schall.de\/wp-content\/uploads\/Elektromobilitaet-Titel-300x200.jpg 300w, https:\/\/www.markus-schall.de\/wp-content\/uploads\/Elektromobilitaet-Titel-768x512.jpg 768w, https:\/\/www.markus-schall.de\/wp-content\/uploads\/Elektromobilitaet-Titel-18x12.jpg 18w\" \/><\/div><span class=\"dpt-thumbnail-aspect-ratio\" style=\"padding-top: 75%\"><\/span><\/div><\/div><div class=\"sub-entry\"><h3 class=\"dpt-title\"><a class=\"dpt-title-link\" href=\"https:\/\/www.markus-schall.de\/pt\/2026\/01\/automovel-eletrico-hibrido-e-scooter-electrica-uma-visao-realista-para-alem-da-ideologia\/\" rel=\"bookmark\">Autom\u00f3vel el\u00e9trico, h\u00edbrido e trotinete el\u00e9ctrica: uma vis\u00e3o realista para al\u00e9m da ideologia<\/a><\/h3><\/div><\/div>\n\t\t\t\t\t\t<\/div><!-- .dpt-entry -->\n\t\t\t\t\t\t\t\t\t\t\t\t<div class=\"dpt-entry has-thumbnail\" data-title=\"was bedeutet der spannungsfall in deutschland \u2013 und welche folgen h\u00e4tte er konkret?\" data-id=\"2997\"  data-category=\"allgemein b\u00fccher gesellschaft tipps &amp; anleitungen\" data-post_tag=\"buch deutschland geopolitik gesundheit krisen pers\u00f6nlichkeitsentwicklung ratgeber sicherheitspolitik\">\n\t\t\t\t\t\t\t<div class=\"dpt-entry-wrapper\"><div class=\"dpt-featured-content\"><div class=\"dpt-permalink\"><a href=\"https:\/\/www.markus-schall.de\/pt\/2025\/10\/o-que-significa-a-queda-de-tensao-na-alemanha-e-que-consequencias-concretas-teria\/\" class=\"dpt-permalink\"><span class=\"screen-reader-text\">O que \u00e9 que a queda de tens\u00e3o significa na Alemanha - e quais seriam as consequ\u00eancias concretas?<\/span><\/a><\/div><div class=\"dpt-thumbnail\"><div class=\"dpt-thumbnail-inner\"><img width=\"1024\" height=\"683\" class=\"attachment-full size-full\" alt=\"Estojo de tens\u00e3o-Alemanha-2025\" context=\"dpt\" data-dpt-src=\"https:\/\/www.markus-schall.de\/wp-content\/uploads\/Spannungsfall-Deutschland-2025.jpg\" data-dpt-sizes=\"(max-width: 1024px) 100vw, 1024px\" data-dpt-srcset=\"https:\/\/www.markus-schall.de\/wp-content\/uploads\/Spannungsfall-Deutschland-2025.jpg 1024w, https:\/\/www.markus-schall.de\/wp-content\/uploads\/Spannungsfall-Deutschland-2025-300x200.jpg 300w, https:\/\/www.markus-schall.de\/wp-content\/uploads\/Spannungsfall-Deutschland-2025-768x512.jpg 768w, https:\/\/www.markus-schall.de\/wp-content\/uploads\/Spannungsfall-Deutschland-2025-18x12.jpg 18w\" \/><\/div><span class=\"dpt-thumbnail-aspect-ratio\" style=\"padding-top: 75%\"><\/span><\/div><\/div><div class=\"sub-entry\"><h3 class=\"dpt-title\"><a class=\"dpt-title-link\" href=\"https:\/\/www.markus-schall.de\/pt\/2025\/10\/o-que-significa-a-queda-de-tensao-na-alemanha-e-que-consequencias-concretas-teria\/\" rel=\"bookmark\">O que \u00e9 que a queda de tens\u00e3o significa na Alemanha - e quais seriam as consequ\u00eancias concretas?<\/a><\/h3><\/div><\/div>\n\t\t\t\t\t\t<\/div><!-- .dpt-entry -->\n\t\t\t\t\t\t\t\t\t\t\t\t<div class=\"dpt-entry has-thumbnail\" data-title=\"helge schneider: haltung, humor und die freiheit, sich nicht erkl\u00e4ren zu m\u00fcssen\" data-id=\"4756\"  data-category=\"allgemein gesellschaft kunst &amp; kultur\" data-post_tag=\"deutschland erfahrungen meinungsfreiheit musik portrait\">\n\t\t\t\t\t\t\t<div class=\"dpt-entry-wrapper\"><div class=\"dpt-featured-content\"><div class=\"dpt-permalink\"><a href=\"https:\/\/www.markus-schall.de\/pt\/2026\/02\/helge-schneider-atitude-o-humor-e-a-liberdade-de-nao-ter-de-se-explicar\/\" class=\"dpt-permalink\"><span class=\"screen-reader-text\">Helge Schneider: Atitude, humor e a liberdade de n\u00e3o ter de se explicar<\/span><\/a><\/div><div class=\"dpt-thumbnail\"><div class=\"dpt-thumbnail-inner\"><img width=\"1024\" height=\"683\" class=\"attachment-full size-full\" alt=\"Retrato de Helge Schneider\" context=\"dpt\" data-dpt-src=\"https:\/\/www.markus-schall.de\/wp-content\/uploads\/Helge-Schneider.jpg\" data-dpt-sizes=\"(max-width: 1024px) 100vw, 1024px\" data-dpt-srcset=\"https:\/\/www.markus-schall.de\/wp-content\/uploads\/Helge-Schneider.jpg 1024w, https:\/\/www.markus-schall.de\/wp-content\/uploads\/Helge-Schneider-300x200.jpg 300w, https:\/\/www.markus-schall.de\/wp-content\/uploads\/Helge-Schneider-768x512.jpg 768w, https:\/\/www.markus-schall.de\/wp-content\/uploads\/Helge-Schneider-18x12.jpg 18w\" \/><\/div><span class=\"dpt-thumbnail-aspect-ratio\" style=\"padding-top: 75%\"><\/span><\/div><\/div><div class=\"sub-entry\"><h3 class=\"dpt-title\"><a class=\"dpt-title-link\" href=\"https:\/\/www.markus-schall.de\/pt\/2026\/02\/helge-schneider-atitude-o-humor-e-a-liberdade-de-nao-ter-de-se-explicar\/\" rel=\"bookmark\">Helge Schneider: Atitude, humor e a liberdade de n\u00e3o ter de se explicar<\/a><\/h3><\/div><\/div>\n\t\t\t\t\t\t<\/div><!-- .dpt-entry -->\n\t\t\t\t\t\t\t\t\t\t\t\t<div class=\"dpt-entry has-thumbnail\" data-title=\"spieltheorie erkl\u00e4rt 25 jahre geopolitik: wie europa seine strategische rolle verlor\" data-id=\"3850\"  data-category=\"allgemein gesellschaft kunst &amp; kultur\" data-post_tag=\"denkmodelle deutschland energiepolitik eu-gesetze europa geopolitik krisen sicherheitspolitik spieltheorie\">\n\t\t\t\t\t\t\t<div class=\"dpt-entry-wrapper\"><div class=\"dpt-featured-content\"><div class=\"dpt-permalink\"><a href=\"https:\/\/www.markus-schall.de\/pt\/2025\/12\/a-teoria-dos-jogos-explica-25-anos-de-geopolitica-como-e-que-a-europa-perdeu-o-seu-papel-estrategico\/\" class=\"dpt-permalink\"><span class=\"screen-reader-text\">A teoria dos jogos explica 25 anos de geopol\u00edtica: como \u00e9 que a Europa perdeu o seu papel estrat\u00e9gico<\/span><\/a><\/div><div class=\"dpt-thumbnail\"><div class=\"dpt-thumbnail-inner\"><img width=\"1024\" height=\"765\" class=\"attachment-full size-full\" alt=\"A teoria dos jogos explica 25 anos de geopol\u00edtica\" context=\"dpt\" data-dpt-src=\"https:\/\/www.markus-schall.de\/wp-content\/uploads\/europa-russland-spieltheorie.jpg\" data-dpt-sizes=\"(max-width: 1024px) 100vw, 1024px\" data-dpt-srcset=\"https:\/\/www.markus-schall.de\/wp-content\/uploads\/europa-russland-spieltheorie.jpg 1024w, https:\/\/www.markus-schall.de\/wp-content\/uploads\/europa-russland-spieltheorie-300x224.jpg 300w, https:\/\/www.markus-schall.de\/wp-content\/uploads\/europa-russland-spieltheorie-768x574.jpg 768w, https:\/\/www.markus-schall.de\/wp-content\/uploads\/europa-russland-spieltheorie-16x12.jpg 16w\" \/><\/div><span class=\"dpt-thumbnail-aspect-ratio\" style=\"padding-top: 75%\"><\/span><\/div><\/div><div class=\"sub-entry\"><h3 class=\"dpt-title\"><a class=\"dpt-title-link\" href=\"https:\/\/www.markus-schall.de\/pt\/2025\/12\/a-teoria-dos-jogos-explica-25-anos-de-geopolitica-como-e-que-a-europa-perdeu-o-seu-papel-estrategico\/\" rel=\"bookmark\">A teoria dos jogos explica 25 anos de geopol\u00edtica: como \u00e9 que a Europa perdeu o seu papel estrat\u00e9gico<\/a><\/h3><\/div><\/div>\n\t\t\t\t\t\t<\/div><!-- .dpt-entry -->\n\t\t\t\t\t\t\n\t\t\t\t<\/div>\n\t\t\t\t\t\t<\/div>\n\t\t\t\n<hr \/>\n<p>No entanto, algo de fundamental mudou desde a grande crise sanit\u00e1ria, o mais tardar h\u00e1 alguns anos. Nessa altura, instalou-se na sociedade uma estranha dist\u00e2ncia - inicialmente nas rela\u00e7\u00f5es interpessoais, mais tarde tamb\u00e9m nas quest\u00f5es espirituais. E esta sensa\u00e7\u00e3o de que algo mudou mant\u00e9m-se at\u00e9 hoje. Desde ent\u00e3o, as crises sucedem-se, aviso ap\u00f3s aviso, exce\u00e7\u00e3o ap\u00f3s exce\u00e7\u00e3o. E muitas pessoas sentem instintivamente que este estado de coisas permanente n\u00e3o \u00e9 saud\u00e1vel - nem para o corpo, nem para a mente, nem para a sociedade.<\/p>\n<p>\u00c9 por isso que vale a pena dar um passo atr\u00e1s e analisar os mecanismos subjacentes. N\u00e3o os pormenores dos acontecimentos individuais, mas o padr\u00e3o geral.<\/p>\n<h2>Uma era de manchetes cintilantes<\/h2>\n<p>Qualquer pessoa que abra as not\u00edcias hoje em dia - seja na televis\u00e3o, num browser ou num smartphone - acaba por se deparar com um mundo que est\u00e1 constantemente sob poder. Quase n\u00e3o h\u00e1 dias sem uma amea\u00e7a existencial a pairar nos cabe\u00e7alhos. Quase n\u00e3o h\u00e1 momentos em que haja uma reportagem s\u00f3bria sem que um \u201eacontecimento sem precedentes\u201c seja proclamado algures.<\/p>\n<p>Este ru\u00eddo de fundo foi-se acumulando ao longo de muitos anos. A grande crise sanit\u00e1ria revelou, pela primeira vez, um fen\u00f3meno que j\u00e1 existia de forma latente, mas nunca com esta dimens\u00e3o: uma tens\u00e3o cultural permanente. De repente, as pessoas enfrentavam-se como estranhos. Bastava uma dist\u00e2ncia f\u00edsica para se tornar uma dist\u00e2ncia mental. E esta dist\u00e2ncia n\u00e3o terminava simplesmente quando o perigo imediato passava. Permaneceu - primeiro como um sentimento, depois como uma condi\u00e7\u00e3o social.<\/p>\n<p>Desde ent\u00e3o, estabeleceu-se um padr\u00e3o: Assim que uma crise desaparece, a pr\u00f3xima est\u00e1 \u00e0 espera. Por vezes relacionada com a sa\u00fade, por vezes econ\u00f3mica, por vezes geopol\u00edtica, por vezes ecol\u00f3gica, por vezes digital. Cada uma delas \u00e9 compreens\u00edvel por si s\u00f3, algumas s\u00e3o mesmo justificadas - mas, em conjunto, criam algo de novo: uma vida quotidiana que parece j\u00e1 n\u00e3o poder passar sem crises.<\/p>\n<p>Para as pessoas que acompanham conscientemente esta evolu\u00e7\u00e3o - ou que a observam conscientemente a partir do exterior - \u00e9 como se os t\u00edtulos dos jornais seguissem um princ\u00edpio dramat\u00fargico todas as semanas. Isto gera aten\u00e7\u00e3o, mas tamb\u00e9m um constante nervosismo latente.<\/p>\n<h3>O cansa\u00e7o crescente<\/h3>\n<p>O corpo humano n\u00e3o foi feito para estados de alarme permanentes. Foi concebido para pequenas explos\u00f5es, n\u00e3o para meses ou mesmo anos de stress. Qualquer pessoa que j\u00e1 tenha estado sob stress durante um longo per\u00edodo de tempo conhece a sensa\u00e7\u00e3o: a dada altura, cai-se num estado de fadiga interior, mesmo que se esteja a funcionar no exterior.<\/p>\n<p>\u00c9 exatamente isso que est\u00e1 a acontecer em grande escala hoje em dia. Muitas pessoas sentem uma esp\u00e9cie de exaust\u00e3o difusa. N\u00e3o necessariamente esgotamento - mais uma mistura de resist\u00eancia mental e tens\u00e3o subliminar. Alguns dormem pior, outros s\u00e3o mais irrit\u00e1veis, outros ainda sentem-se mentalmente sobrecarregados. Isto pode ser explicado:<\/p>\n<ul>\n<li>O corpo reage a amea\u00e7as - mesmo as imagin\u00e1rias ou as veiculadas pelos media.<\/li>\n<li>Liberta hormonas de stress que o desgastam a longo prazo.<\/li>\n<li>Ao mesmo tempo, h\u00e1 uma falta de al\u00edvio porque quase n\u00e3o h\u00e1 \u201ebons tempos ininterruptos\u201c.<\/li>\n<\/ul>\n<p>Neste ponto, vale a pena referir o <a href=\"https:\/\/www.markus-schall.de\/pt\/2025\/09\/litio-o-oligoelemento-esquecido-um-olhar-sobre-a-microdosagem\/\"><strong>Artigos sobre l\u00edtio<\/strong><\/a>, um oligoelemento espec\u00edfico que desempenha um papel importante na estabilidade mental. S\u00e3o precisamente estes pequenos blocos de constru\u00e7\u00e3o - tanto a n\u00edvel f\u00edsico como mental - que determinam se acumulamos mensagens de crise ou se as categorizamos calmamente.<\/p>\n<h3>Introdu\u00e7\u00e3o ao mecanismo<\/h3>\n<p>A quest\u00e3o central \u00e9: porque \u00e9 que o atual mundo da informa\u00e7\u00e3o cria uma sensa\u00e7\u00e3o constante de amea\u00e7a - mesmo quando a situa\u00e7\u00e3o real \u00e9 frequentemente muito mais s\u00f3bria? Uma raz\u00e3o \u00e9 \u00f3bvia: vemos mais not\u00edcias hoje do que qualquer outra gera\u00e7\u00e3o antes de n\u00f3s. O que antes demorava semanas a ser divulgado, aparece agora em direto. E como cada not\u00edcia est\u00e1 em concorr\u00eancia com outra, ganha aquela que desencadeia o impulso mais forte. Isto cria um quadro paradoxal: o mundo parece mais perigoso, apesar de muitos riscos serem objetivamente menores do que eram h\u00e1 d\u00e9cadas atr\u00e1s.<\/p>\n<p>Outra raz\u00e3o reside na din\u00e2mica social. O distanciamento que surgiu durante a grande crise sanit\u00e1ria foi transferido para a paisagem medi\u00e1tica: as pessoas esperam uma escalada em vez de um relaxamento, um aviso em vez de uma categoriza\u00e7\u00e3o, um drama em vez de sobriedade.<\/p>\n<p>E quem - como eu - quase n\u00e3o consome not\u00edcias tradicionais h\u00e1 muitos anos e est\u00e1 habituado a perspectivas estrangeiras, reconhecer\u00e1 com particular clareza a for\u00e7a desta dramaturgia. Tudo isto constitui o quadro em que os cap\u00edtulos seguintes esclarecem por que raz\u00e3o vivemos hoje numa arquitetura do medo - e como podemos sair dela.<\/p>\n<hr \/>\n<h3>Inqu\u00e9rito atual sobre a confian\u00e7a na pol\u00edtica<\/h3>\n<div class='bootstrap-yop yop-poll-mc'>\n\t\t\t\t\t\t\t<div class=\"basic-yop-poll-container\" style=\"background-color:#ffffff; border:0px; border-style:solid; border-color:#000000; border-radius:5px; padding:0px 5px;\" data-id=\"1\" data-temp=\"basic-pretty\" data-skin=\"square\" data-cscheme=\"blue\" data-cap=\"0\" data-access=\"guest\" data-tid=\"\" data-uid=\"dcabc55ee856ee418fced37261b9a673\" data-pid=\"3850\" data-resdet=\"votes-number,percentages\" data-show-results-to=\"guest\" data-show-results-moment=\"after-vote\" data-show-results-only=\"false\" data-show-message=\"true\" data-show-results-as=\"bar\" data-sort-results-by=\"as-defined\" data-sort-results-rule=\"asc\"data-is-ended=\"0\" data-percentages-decimals=\"2\" data-gdpr=\"no\" data-gdpr-sol=\"consent\" data-css=\"\" data-counter=\"0\" data-load-with=\"1\" data-notification-section=\"top\"><div class=\"row\"><div class=\"col-md-12\"><div class=\"basic-inner\"><div class=\"basic-message hide\" style=\"border-left: 10px solid #008000; padding: 0px 10px;\" data-error=\"#ff0000\" data-success=\"#008000\"><p class=\"basic-message-text\" style=\"color:#000000; font-size:14px; font-weight:normal;\"><\/p><\/div><div class=\"basic-overlay hide\"><div class=\"basic-vote-options\"><\/div><div class=\"basic-preloader\"><div class=\"basic-windows8\"><div class=\"basic-wBall basic-wBall_1\"><div class=\"basic-wInnerBall\"><\/div><\/div><div class=\"basic-wBall basic-wBall_2\"><div class=\"basic-wInnerBall\"><\/div><\/div><div class=\"basic-wBall basic-wBall_3\"><div class=\"basic-wInnerBall\"><\/div><\/div><div class=\"basic-wBall basic-wBall_4\"><div class=\"basic-wInnerBall\"><\/div><\/div><div class=\"basic-wBall basic-wBall_5\"><div class=\"basic-wInnerBall\"><\/div><\/div><\/div><\/div><\/div><form class=\"basic-form\" action=\"\"><input type=\"hidden\" name=\"_token\" value=\"aefa1c200b\" autocomplete=\"off\"><div class=\"basic-elements\"><div class=\"basic-element basic-question basic-question-text-vertical\" data-id=\"1\" data-uid=\"9a90f6543227bc582482f7666d57be1b\" data-type=\"question\" data-question-type=\"text\" data-required=\"yes\" data-allow-multiple=\"no\" data-min=\"1\" data-max=\"1\" data-display=\"vertical\" data-colnum=\"\" data-display-others=\"no\" data-others-color=\"\" data-others=\"\" data-others-max-chars=\"0\"><div class=\"basic-question-title\"><h5 style=\"color:#000000; font-size:16px; font-weight:normal; text-align:left;\">Qual \u00e9 a sua confian\u00e7a na pol\u00edtica e nos meios de comunica\u00e7\u00e3o social na Alemanha?<\/h5><\/div><ul class=\"basic-answers\"><li class=\"basic-answer\" style=\"padding:0px 0px;\" data-id=\"1\" data-type=\"text\" data-vn=\"10\" data-color=\"#000000\" data-make-link=\"no\" data-link=\"\"><div class=\"basic-answer-content basic-text-vertical\"><label for=\"answer[1]\" class=\"basic-answer-label\"><input type=\"radio\" id=\"answer[1]\" name=\"answer[1]\" value=\"1\"><span class=\"basic-text\" style=\"color: #000000; font-size: 14px; font-weight: normal;\">Muito elevado - Confio plenamente nos organismos oficiais<\/span><\/label><\/div><\/li><li class=\"basic-answer\" style=\"padding:0px 0px;\" data-id=\"2\" data-type=\"text\" data-vn=\"22\" data-color=\"#000000\" data-make-link=\"no\" data-link=\"\"><div class=\"basic-answer-content basic-text-vertical\"><label for=\"answer[2]\" class=\"basic-answer-label\"><input type=\"radio\" id=\"answer[2]\" name=\"answer[1]\" value=\"2\"><span class=\"basic-text\" style=\"color: #000000; font-size: 14px; font-weight: normal;\">M\u00e9dio - Estou cauteloso, mas n\u00e3o fundamentalmente desconfiado<\/span><\/label><\/div><\/li><li class=\"basic-answer\" style=\"padding:0px 0px;\" data-id=\"3\" data-type=\"text\" data-vn=\"53\" data-color=\"#000000\" data-make-link=\"no\" data-link=\"\"><div class=\"basic-answer-content basic-text-vertical\"><label for=\"answer[3]\" class=\"basic-answer-label\"><input type=\"radio\" id=\"answer[3]\" name=\"answer[1]\" value=\"3\"><span class=\"basic-text\" style=\"color: #000000; font-size: 14px; font-weight: normal;\">Baixo - Eu pr\u00f3prio controlo muitas coisas<\/span><\/label><\/div><\/li><li class=\"basic-answer\" style=\"padding:0px 0px;\" data-id=\"4\" data-type=\"text\" data-vn=\"250\" data-color=\"#000000\" data-make-link=\"no\" data-link=\"\"><div class=\"basic-answer-content basic-text-vertical\"><label for=\"answer[4]\" class=\"basic-answer-label\"><input type=\"radio\" id=\"answer[4]\" name=\"answer[1]\" value=\"4\"><span class=\"basic-text\" style=\"color: #000000; font-size: 14px; font-weight: normal;\">Quase n\u00e3o existe - creio que muita coisa \u00e9 velada ou encenada<\/span><\/label><\/div><\/li><\/ul><\/div><div class=\"clearfix\"><\/div><\/div><div class=\"basic-vote\"><a href=\"#\" class=\"button basic-vote-button\" role=\"button\" style=\"background:#027bb8; border:0px; border-style: solid; border-color:#1636f0; border-radius:5px; padding:10px 10px; color:#ffffff; font-size:14px; font-weight:normal;\">Vota\u00e7\u00e3o<\/a><\/div><input type=\"hidden\" name=\"trp-form-language\" value=\"pt\"\/><\/form><\/div><\/div><\/div><\/div>\n\t\t\t\t\t\t<\/div>\n<hr \/>\n<h2>Como se criam as narrativas: Das not\u00edcias \u00e0 \u201esitua\u00e7\u00e3o mundial\u201c<\/h2>\n<p>Uma not\u00edcia \u00e9 inicialmente algo muito pequeno: um acontecimento, uma declara\u00e7\u00e3o, um processo. S\u00f3 a categoriza\u00e7\u00e3o - a interpreta\u00e7\u00e3o - o transforma na \u201esitua\u00e7\u00e3o mundial\u201c. E esta interpreta\u00e7\u00e3o sempre seguiu certos padr\u00f5es.<\/p>\n<p>Antigamente, os historiadores, diplomatas e jornalistas demoravam semanas ou meses a formular uma primeira interpreta\u00e7\u00e3o aproximada dos acontecimentos internacionais. Hoje, as interpreta\u00e7\u00f5es surgem em minutos - muitas vezes antes de os factos serem suficientemente claros. O problema \u00e9 que quanto mais depressa uma narrativa \u00e9 criada, mais fortemente molda o nosso pensamento - mesmo que tenha de ser corrigida mais tarde.<\/p>\n<p>No mundo moderno dos media, n\u00e3o \u00e9 o segundo olhar que conta, mas sim o primeiro. E este primeiro olhar \u00e9 muitas vezes apenas um excerto.<\/p>\n<h3>Quando cronogramas complexos se tornam uma frase<\/h3>\n<p>Um problema central das narrativas modernas \u00e9 a abreviatura. Uma frase como \u201eUm conflito come\u00e7ou no ano XY\u201c soa limpa, clara e inequ\u00edvoca. Na realidade, por\u00e9m, as tens\u00f5es internacionais t\u00eam quase sempre longos per\u00edodos de tempo, pr\u00e9-hist\u00f3rias, decis\u00f5es pol\u00edticas, conflitos \u00e9tnicos, interesses econ\u00f3micos, erros de avalia\u00e7\u00e3o e provoca\u00e7\u00f5es m\u00fatuas que se acumulam ao longo de anos ou d\u00e9cadas. Isto aplica-se a muitos exemplos hist\u00f3ricos:<\/p>\n<ul>\n<li><strong>Guerra do Vietname<\/strong>Oficialmente, come\u00e7ou em 1964 com o \u201eIncidente de Tonkin\u201c. D\u00e9cadas mais tarde, verificou-se que o incidente nunca se tinha efetivamente verificado. As verdadeiras ra\u00edzes do conflito remontam \u00e0 d\u00e9cada de 1940 e \u00e0 era colonial.<\/li>\n<li><strong>Guerra do Iraque 2003<\/strong>Justificado publicamente com alegadas armas de destrui\u00e7\u00e3o maci\u00e7a. Anos mais tarde, n\u00e3o existia uma \u00fanica prova deste facto. O verdadeiro contexto geopol\u00edtico come\u00e7ou logo em 1990 com a crise do Kuwait e ainda antes com o equil\u00edbrio de poder regional.<\/li>\n<li><strong>Guerras da Jugosl\u00e1via<\/strong>A guerra \u00e9 um fen\u00f3meno que se desencadeia muitas vezes a partir de um acontecimento espec\u00edfico. No entanto, as tens\u00f5es \u00e9tnicas e pol\u00edticas remontam \u00e0s d\u00e9cadas de 1970 e 1980.<\/li>\n<li><strong>primavera \u00c1rabe<\/strong>Apresentado internacionalmente como uma revolta espont\u00e2nea - na realidade, uma mistura complexa de d\u00e9cadas de problemas econ\u00f3micos, estruturas autorit\u00e1rias e tens\u00f5es sociais.<\/li>\n<\/ul>\n<p>E, claro, h\u00e1 tamb\u00e9m <strong>Europa de Leste<\/strong> tens\u00f5es pol\u00edticas e militares que come\u00e7aram muito antes de 2022. Existem in\u00fameras an\u00e1lises sobre este facto, <a href=\"https:\/\/ukraine.un.org\/sites\/default\/files\/2022-02\/Conflict-related%20civilian%20casualties%20as%20of%2031%20December%202021%20%28rev%2027%20January%202022%29%20corr%20EN_0.pdf\" target=\"_blank\" rel=\"noopener\"><strong>Relat\u00f3rios da ONU<\/strong><\/a>, <a href=\"https:\/\/www.osce.org\/special-monitoring-mission-to-ukraine\/156571\" target=\"_blank\" rel=\"noopener\"><strong>Documenta\u00e7\u00e3o da OSCE<\/strong><\/a> e avalia\u00e7\u00f5es da pol\u00edtica de seguran\u00e7a que demonstram que as tens\u00f5es, os conflitos armados e as viola\u00e7\u00f5es dos direitos das minorias est\u00e3o documentados h\u00e1 muitos anos e que as causas n\u00e3o s\u00e3o nem de perto nem de longe t\u00e3o unilaterais como se afirma cada vez mais nos meios de comunica\u00e7\u00e3o social. De acordo com a ONU e a OSCE, cerca de 14 000 pessoas foram mortas e dezenas de milhares ficaram feridas no leste do pa\u00eds entre 2014 e 2021 - muito antes de a escalada em 2022 ter sido considerada no Ocidente como o \u201ain\u00edcio da guerra\u2018.<\/p>\n<p>O que come\u00e7ou exatamente quando, quem desempenhou que papel e qual a responsabilidade de cada um dos intervenientes - a investiga\u00e7\u00e3o internacional ainda hoje debate esta quest\u00e3o. Mas \u00e9 indiscut\u00edvel que a pr\u00e9-hist\u00f3ria \u00e9 mais complexa do que uma \u00fanica data. \u00c9 precisamente aqui que reside a verdadeira mensagem:<\/p>\n<p>As narrativas funcionam com pontos de partida. A realidade n\u00e3o tem pontos de partida. S\u00f3 tem transi\u00e7\u00f5es.<\/p>\n<h3>Quando as narrativas se tornam identidade<\/h3>\n<p>Outro problema dos modernos mundos da informa\u00e7\u00e3o \u00e9 que as narrativas j\u00e1 n\u00e3o s\u00e3o apenas relatos, mas tornaram-se marcadores de identidade. Uma sociedade costumava poder dizer:<\/p>\n<blockquote><p><em>\u201eA situa\u00e7\u00e3o \u00e9 complicada\u201c.\u201c<\/em><\/p><\/blockquote>\n<p>Hoje em dia, diz-se frequentemente:<\/p>\n<blockquote><p><em>\u201eQualquer pessoa que n\u00e3o partilhe a nossa narrativa est\u00e1 do lado errado.\u201c<\/em><\/p><\/blockquote>\n<p>Isto cria bolhas de informa\u00e7\u00e3o em que mesmo as diferencia\u00e7\u00f5es inofensivas s\u00e3o vistas como um ataque. O p\u00fablico j\u00e1 n\u00e3o \u00e9 convidado a pensar de forma complexa, mas \u00e9 encorajado a subscrever uma narrativa. Isto leva a tr\u00eas desenvolvimentos:<\/p>\n<ul>\n<li>Os tons de cinzento desaparecem.<\/li>\n<li>Tudo \u00e9 moralizado - bom ou mau, certo ou errado.<\/li>\n<li>Os factos divergentes s\u00e3o ignorados.<\/li>\n<\/ul>\n<p>Mesmo os relat\u00f3rios acess\u00edveis ao p\u00fablico - de organiza\u00e7\u00f5es internacionais, por exemplo - quase n\u00e3o t\u00eam espa\u00e7o se n\u00e3o se enquadrarem na narrativa dominante. O debate torna-se emocional em vez de factual. E um debate emocionalizado estabiliza ainda mais a narrativa.<\/p>\n<p>Desta forma, uma not\u00edcia torna-se uma \u201esitua\u00e7\u00e3o mundial\u201c, uma situa\u00e7\u00e3o mundial torna-se uma imagem hist\u00f3rica - e uma imagem hist\u00f3rica torna-se uma identidade.<\/p>\n<h3>A l\u00f3gica da intensifica\u00e7\u00e3o<\/h3>\n<p>As narrativas funcionam de acordo com princ\u00edpios dramat\u00fargicos: Precisam de her\u00f3is, perpetradores, v\u00edtimas, pontos de viragem e julgamentos morais. Uma imagem s\u00f3bria da situa\u00e7\u00e3o seria frequentemente muito mais \u00fatil, mas vende pouco. A aten\u00e7\u00e3o \u00e9 o combust\u00edvel do mercado medi\u00e1tico moderno - e as narrativas fortes geram aten\u00e7\u00e3o. \u00c9 por isso que surgem as abreviaturas:<\/p>\n<ul>\n<li>Um conflito complexo torna-se uma frase.<\/li>\n<li>D\u00e9cadas de hist\u00f3ria tornam-se uma data.<\/li>\n<li>V\u00e1rios actores envolvidos tornam-se \u201eum lado\u201c e \u201eo outro lado\u201c.<\/li>\n<li>E tudo o que n\u00e3o se enquadra na estrutura narrativa definida \u00e9 descartado.<\/li>\n<\/ul>\n<p>N\u00e3o se trata de ningu\u00e9m estar a mentir deliberadamente. Trata-se do facto de o nosso panorama medi\u00e1tico funcionar de forma dramat\u00fargica e n\u00e3o hist\u00f3rica. E isso leva a uma perce\u00e7\u00e3o que, muitas vezes, est\u00e1 apenas vagamente relacionada com a realidade.<\/p>\n<h3>Quando o p\u00fablico n\u00e3o tem tempo para profundidade<\/h3>\n<p>Outra raz\u00e3o para o encurtamento reside em n\u00f3s pr\u00f3prios. As sociedades modernas s\u00e3o r\u00e1pidas, stressadas e sobrecarregadas. A maioria das pessoas consome not\u00edcias entre o trabalho, a fam\u00edlia, a vida quotidiana e os compromissos. As an\u00e1lises aprofundadas dificilmente se enquadram. Os meios de comunica\u00e7\u00e3o social reagem a esta realidade da vida - e apresentam o que \u00e9 mais f\u00e1cil de consumir:<\/p>\n<ul>\n<li>interpreta\u00e7\u00f5es curtas,<\/li>\n<li>imagens claras do inimigo,<\/li>\n<li>uma clara atribui\u00e7\u00e3o de culpas.<\/li>\n<\/ul>\n<p>No entanto, quanto mais clara for a narrativa, menos prov\u00e1vel \u00e9 que reflicta a realidade como um todo. As narrativas n\u00e3o s\u00e3o criadas por acaso e n\u00e3o s\u00e3o necessariamente manipuladas de forma consciente. Elas s\u00e3o o resultado de:<\/p>\n<ul>\n<li>Press\u00e3o do tempo,<\/li>\n<li>condicionalismos econ\u00f3micos,<\/li>\n<li>disposi\u00e7\u00e3o pol\u00edtica,<\/li>\n<li>expectativas sociais,<\/li>\n<li>e a sobrecarga mental das sociedades modernas.<\/li>\n<\/ul>\n<p>Quando compreendemos isto, apercebemo-nos de algo importante: muitas narrativas n\u00e3o est\u00e3o erradas - est\u00e3o apenas incompletas. E a incompletude pode levar a conclus\u00f5es completamente erradas em tempos de crise.<\/p>\n<div style=\"overflow-x: auto;\">\n<table style=\"border-collapse: collapse; width: 100%;\">\n<tbody>\n<tr style=\"background-color: #f0f0f0;\">\n<th style=\"border: 1px solid #ccc; padding: 8px; text-align: left;\">Evento<\/th>\n<th style=\"border: 1px solid #ccc; padding: 8px; text-align: left;\">Narra\u00e7\u00e3o p\u00fablica no momento do evento<\/th>\n<th style=\"border: 1px solid #ccc; padding: 8px; text-align: left;\">Constata\u00e7\u00f5es subsequentes \/ correc\u00e7\u00f5es<\/th>\n<th style=\"border: 1px solid #ccc; padding: 8px; text-align: left;\">Ponto de aprendizagem para a perce\u00e7\u00e3o da crise atual<\/th>\n<\/tr>\n<tr>\n<td style=\"border: 1px solid #ccc; padding: 8px;\"><strong>Guerra do Vietname<\/strong> (Golfo de Tonkin)<\/td>\n<td style=\"border: 1px solid #ccc; padding: 8px;\">Um alegado ataque a navios americanos no Golfo de Tonkin serviu de justifica\u00e7\u00e3o clara para uma expans\u00e3o maci\u00e7a da guerra.<\/td>\n<td style=\"border: 1px solid #ccc; padding: 8px;\">Investiga\u00e7\u00f5es posteriores revelaram que o incidente n\u00e3o era claro, estava parcialmente deturpado ou foi objeto de uma interpreta\u00e7\u00e3o excessiva. O relato original foi muito abreviado.<\/td>\n<td style=\"border: 1px solid #ccc; padding: 8px;\">Um \u00fanico acontecimento pode ser politicamente declarado o \u201enascimento\u201c de uma guerra - mesmo que os factos sejam fr\u00e1geis e a pr\u00e9-hist\u00f3ria mais complexa.<\/td>\n<\/tr>\n<tr>\n<td style=\"border: 1px solid #ccc; padding: 8px;\"><strong>Guerra do Iraque 2003<\/strong><\/td>\n<td style=\"border: 1px solid #ccc; padding: 8px;\">Alegou-se que o Iraque possu\u00eda armas de destrui\u00e7\u00e3o maci\u00e7a operacionais e que representava uma amea\u00e7a grave.<\/td>\n<td style=\"border: 1px solid #ccc; padding: 8px;\">Ap\u00f3s a invas\u00e3o, as inspec\u00e7\u00f5es n\u00e3o encontraram sistemas de armamento activos. Relat\u00f3rios posteriores falaram de erros de avalia\u00e7\u00e3o maci\u00e7os e de material de informa\u00e7\u00e3o politizado.<\/td>\n<td style=\"border: 1px solid #ccc; padding: 8px;\">As narrativas de amea\u00e7as podem revelar-se pouco fi\u00e1veis em retrospetiva. Por conseguinte, as justifica\u00e7\u00f5es simples para as guerras devem ser sempre analisadas com ceticismo.<\/td>\n<\/tr>\n<tr>\n<td style=\"border: 1px solid #ccc; padding: 8px;\"><strong>Jugosl\u00e1via \/ Guerras dos Balc\u00e3s<\/strong><\/td>\n<td style=\"border: 1px solid #ccc; padding: 8px;\">Representa\u00e7\u00e3o simplificada frequente: um agressor claro, um defensor claro, um in\u00edcio de guerra relativamente claro.<\/td>\n<td style=\"border: 1px solid #ccc; padding: 8px;\">As investiga\u00e7\u00f5es revelam uma teia de tens\u00f5es \u00e9tnicas, erros pol\u00edticos e actos de viol\u00eancia por parte de v\u00e1rios intervenientes. A responsabilidade e a culpa s\u00e3o distribu\u00eddas.<\/td>\n<td style=\"border: 1px solid #ccc; padding: 8px;\">Os grandes conflitos raramente s\u00e3o unidimensionais. As narrativas monocausais de perpetrador\/v\u00edtima escondem muito e dificilmente s\u00e3o adequadas como base para uma compreens\u00e3o a longo prazo.<\/td>\n<\/tr>\n<tr>\n<td style=\"border: 1px solid #ccc; padding: 8px;\"><strong>primavera \u00c1rabe<\/strong><\/td>\n<td style=\"border: 1px solid #ccc; padding: 8px;\">Muitas vezes descrita como uma revolta espont\u00e2nea que eclodiu \u201eda noite para o dia\u201c em v\u00e1rios pa\u00edses.<\/td>\n<td style=\"border: 1px solid #ccc; padding: 8px;\">As an\u00e1lises mostram que d\u00e9cadas de desespero econ\u00f3mico, corrup\u00e7\u00e3o, repress\u00e3o e humilha\u00e7\u00e3o foram um terreno f\u00e9rtil. A \u201eexplos\u00e3o\u201c foi o ponto final vis\u00edvel, n\u00e3o o in\u00edcio.<\/td>\n<td style=\"border: 1px solid #ccc; padding: 8px;\">As narrativas oficiais gostam de trabalhar com pontos de partida claros. Na realidade, os dist\u00farbios resultam normalmente de processos longos e progressivos e n\u00e3o de uma \u00fanica fa\u00edsca.<\/td>\n<\/tr>\n<tr>\n<td style=\"border: 1px solid #ccc; padding: 8px;\"><strong>Conflitos na Europa de Leste<\/strong> (a partir de 2014)<\/td>\n<td style=\"border: 1px solid #ccc; padding: 8px;\">Em muitas representa\u00e7\u00f5es p\u00fablicas, um momento posterior \u00e9 definido como um in\u00edcio claro, de modo que as tens\u00f5es e os sacrif\u00edcios anteriores dificilmente s\u00e3o reconhecidos.<\/td>\n<td style=\"border: 1px solid #ccc; padding: 8px;\">Os relat\u00f3rios internacionais (por exemplo, ONU, OSCE) t\u00eam vindo a documentar combates cont\u00ednuos, milhares de mortes e uma crise humanit\u00e1ria permanente desde 2014 - muito antes do ponto de partida estabelecido pelos meios de comunica\u00e7\u00e3o social.<\/td>\n<td style=\"border: 1px solid #ccc; padding: 8px;\">A perce\u00e7\u00e3o dos conflitos depende fortemente da data a partir da qual se \u201econta\u201c. Se ignorarmos as hist\u00f3rias anteriores, s\u00f3 compreendemos metade do presente.<\/td>\n<\/tr>\n<\/tbody>\n<\/table>\n<\/div>\n<h2>A economia do medo: quem beneficia realmente?<\/h2>\n<p>Nos sistemas de informa\u00e7\u00e3o modernos, a aten\u00e7\u00e3o \u00e9 a moeda central. As not\u00edcias costumavam ser um bem informativo; hoje s\u00e3o um produto econ\u00f3mico. As empresas de meios de comunica\u00e7\u00e3o digitais competem por cliques, tempo de perman\u00eancia e intera\u00e7\u00e3o - e \u00e9 um segredo aberto que os conte\u00fados dram\u00e1ticos s\u00e3o clicados com mais frequ\u00eancia do que os conte\u00fados factuais. Uma an\u00e1lise s\u00f3bria mostra-o:<\/p>\n<p>Quanto mais inquietante for uma mensagem, maior \u00e9 a probabilidade de ser lida. E quantos mais cliques recebermos, mais espa\u00e7o publicit\u00e1rio podemos vender. Isto n\u00e3o \u00e9 feito com inten\u00e7\u00e3o maliciosa, mas devido \u00e0s regras de um mercado que se baseia na maximiza\u00e7\u00e3o da aten\u00e7\u00e3o.<\/p>\n<p>Isto cria um incentivo econ\u00f3mico subtil n\u00e3o s\u00f3 para denunciar amea\u00e7as, mas tamb\u00e9m para as dramatizar. N\u00e3o necessariamente atrav\u00e9s da mentira - isso raramente acontece - mas atrav\u00e9s da sele\u00e7\u00e3o, pondera\u00e7\u00e3o e repeti\u00e7\u00e3o. A presen\u00e7a permanente de riscos cria um sentido de urg\u00eancia que, por sua vez, gera mais cobertura. Um ciclo que se refor\u00e7a a si pr\u00f3prio.<\/p>\n<h3>A l\u00f3gica pol\u00edtica: as crises como instrumento de estabilidade<\/h3>\n<p>As crises sempre legitimaram os governos a tomar medidas que dificilmente seriam aplicadas em tempos calmos. Historicamente - desde a crise econ\u00f3mica mundial at\u00e9 \u00e0s crises petrol\u00edferas e financeiras - a pol\u00edtica tem seguido sempre o mesmo padr\u00e3o: quanto maior \u00e9 a perce\u00e7\u00e3o da amea\u00e7a, maior \u00e9 a disponibilidade da popula\u00e7\u00e3o para aceitar medidas extraordin\u00e1rias. Isto aplica-se, por exemplo:<\/p>\n<ul>\n<li>maior despesa p\u00fablica,<\/li>\n<li>novas estruturas de pol\u00edtica de seguran\u00e7a,<\/li>\n<li>compromissos de alian\u00e7a internacional,<\/li>\n<li>ou restri\u00e7\u00f5es introduzidas em nome da \u201eseguran\u00e7a\u201c.<\/li>\n<\/ul>\n<p>Nem sequer \u00e9 preciso julgar isto negativamente; trata-se de um princ\u00edpio pol\u00edtico antigo. S\u00f3 que a constante cobertura medi\u00e1tica aumentou a frequ\u00eancia com que as crises s\u00e3o percepcionadas. Um governo que tem pouca margem de manobra em tempos calmos ganha uma enorme influ\u00eancia em tempos de crise - e muitas vezes mant\u00e9m parte dela depois. Isto cria um quadro paradoxal:<\/p>\n<p>Os sistemas pol\u00edticos s\u00e3o oficialmente gestores de crises, mas, estruturalmente, beneficiam frequentemente da perce\u00e7\u00e3o prolongada de uma amea\u00e7a.<\/p>\n<h3>A l\u00f3gica industrial: quando a seguran\u00e7a se torna um mercado<\/h3>\n<p>Para al\u00e9m dos meios de comunica\u00e7\u00e3o social e da pol\u00edtica, h\u00e1 outra \u00e1rea que beneficia da incerteza: os sectores econ\u00f3micos relacionados com a seguran\u00e7a, a defesa, a tecnologia e as infra-estruturas. Tamb\u00e9m aqui, raramente se trata de uma quest\u00e3o de manipula\u00e7\u00e3o deliberada, mas sim de mecanismos de mercado. Quando as amea\u00e7as s\u00e3o iminentes - reais ou sentidas - a procura aumenta:<\/p>\n<ul>\n<li>Tecnologia de monitoriza\u00e7\u00e3o,<\/li>\n<li>infra-estruturas de seguran\u00e7a digital,<\/li>\n<li>sistemas de defesa,<\/li>\n<li>Equipamento especializado,<\/li>\n<li>ferramentas de an\u00e1lise,<\/li>\n<li>Aconselhamento em situa\u00e7\u00f5es de crise,<\/li>\n<li>e servi\u00e7os de seguran\u00e7a internacionais.<\/li>\n<\/ul>\n<p>O mercado mundial da seguran\u00e7a e da defesa, por si s\u00f3, registou um enorme crescimento nas \u00faltimas duas d\u00e9cadas - sem qualquer conspira\u00e7\u00e3o, mas simplesmente porque a incerteza \u00e9 um est\u00edmulo comercial. Quanto menos est\u00e1vel o mundo parece, mais capital flui para estes sectores. E como o dinheiro molda as estruturas, \u00e9 criada uma rede global de fabricantes, consultores, prestadores de servi\u00e7os e clientes pol\u00edticos que beneficia estruturalmente de um clima de crise persistente.<\/p>\n<h3>A psicologia do mercado: o medo como acelerador de decis\u00f5es<\/h3>\n<p>As pessoas reagem de forma diferente em tempos de crise do que em tempos normais. O medo:<\/p>\n<ul>\n<li>reduz o limiar das decis\u00f5es,<\/li>\n<li>aumenta a vontade de \u201ejogar pelo seguro\u201c,<\/li>\n<li>reduz o pensamento cr\u00edtico,<\/li>\n<li>e acelerou a procura de medidas de prote\u00e7\u00e3o.<\/li>\n<\/ul>\n<p>Esta din\u00e2mica psicol\u00f3gica \u00e9 objeto de investiga\u00e7\u00e3o h\u00e1 d\u00e9cadas. E todos os mercados - seja o mercado dos media, o mercado da seguran\u00e7a ou o mercado pol\u00edtico - reagem a ela. Isto n\u00e3o significa que as crises sejam provocadas deliberadamente. Mas significa que as crises - ou melhor, a perce\u00e7\u00e3o das crises - libertam for\u00e7as que refor\u00e7am os incentivos em segundo plano:<\/p>\n<ul>\n<li>maior expans\u00e3o das estruturas de seguran\u00e7a,<\/li>\n<li>mais investimento em tecnologias de defesa e prote\u00e7\u00e3o,<\/li>\n<li>or\u00e7amentos mais elevados para equipamentos institucionais,<\/li>\n<li>mercados em crescimento para peritos, consultores e analistas de riscos.<\/li>\n<\/ul>\n<p>O pr\u00f3prio medo torna-se assim um fator econ\u00f3mico.<\/p>\n<h3>A intera\u00e7\u00e3o: Quando os sistemas s\u00e3o programados para a incerteza<\/h3>\n<p>Se olharmos para a l\u00f3gica dos media, a l\u00f3gica pol\u00edtica e a l\u00f3gica industrial em conjunto, surge uma imagem que inicialmente parece surpreendente, mas que depois se torna assustadoramente plaus\u00edvel: A incerteza n\u00e3o \u00e9 uma falha do sistema - \u00e9 uma componente funcional.<\/p>\n<ul>\n<li>Os meios de comunica\u00e7\u00e3o social beneficiam de um elevado n\u00edvel de aten\u00e7\u00e3o,<\/li>\n<li>Os pol\u00edticos beneficiam de uma maior margem de manobra,<\/li>\n<li>As ind\u00fastrias beneficiam da procura crescente.<\/li>\n<\/ul>\n<p>Isto cria involuntariamente um clima em que mesmo as crises menores geram um eco de uma magnitude espantosa. Cada crise refor\u00e7a os mecanismos que tornam a crise seguinte mais prov\u00e1vel - pelo menos em termos de comunica\u00e7\u00e3o.<\/p>\n<p>O resultado \u00e9 uma sociedade que vive em constante estado de alarme, apesar de as capacidades reais de muitos actores - pol\u00edticos, econ\u00f3micos e militares - estarem longe do que os t\u00edtulos dos jornais sugerem. O drama reside muitas vezes menos nos factos do que na sua apresenta\u00e7\u00e3o.<\/p>\n<h3>A corre\u00e7\u00e3o em falta<\/h3>\n<p>No passado, houve sempre for\u00e7as opostas entre os meios de comunica\u00e7\u00e3o social, a pol\u00edtica e a ind\u00fastria: tempos de impress\u00e3o longos, redac\u00e7\u00f5es distanciadas, avalia\u00e7\u00f5es acad\u00e9micas, canais diplom\u00e1ticos. Atualmente, muitos destes mecanismos de travagem desapareceram ou foram enfraquecidos. O resultado \u00e9 um sistema que n\u00e3o reflecte necessariamente a realidade, mas antes a interpreta\u00e7\u00e3o mais ruidosa da realidade.<br \/>\nE \u00e9 precisamente por isso que a economia do medo n\u00e3o \u00e9 um problema singular, mas estrutural:<\/p>\n<p>Um sistema que lucra com a incerteza cria involuntariamente um mundo que parece cada vez mais incerto - mesmo que os factos no fundo sejam muito menos amea\u00e7adores.<\/p>\n<div class=\"lyte-wrapper\" style=\"width:640px;max-width:100%;margin:5px;\"><div class=\"lyMe\" id=\"WYL_dv_5tHdZcF8\"><div id=\"lyte_dv_5tHdZcF8\" data-src=\"https:\/\/www.markus-schall.de\/wp-content\/plugins\/wp-youtube-lyte\/lyteCache.php?origThumbUrl=%2F%2Fi.ytimg.com%2Fvi%2Fdv_5tHdZcF8%2Fhqdefault.jpg\" class=\"pL\"><div class=\"tC\"><div class=\"tT\"><\/div><\/div><div class=\"play\"><\/div><div class=\"ctrl\"><div class=\"Lctrl\"><\/div><div class=\"Rctrl\"><\/div><\/div><\/div><noscript><a href=\"https:\/\/youtu.be\/dv_5tHdZcF8\" rel=\"nofollow noopener\" target=\"_blank\"><img loading=\"lazy\" decoding=\"async\" src=\"https:\/\/www.markus-schall.de\/wp-content\/plugins\/wp-youtube-lyte\/lyteCache.php?origThumbUrl=https%3A%2F%2Fi.ytimg.com%2Fvi%2Fdv_5tHdZcF8%2F0.jpg\" alt=\"Miniatura de v\u00eddeo do YouTube\" width=\"640\" height=\"340\" \/><br \/>Ver este v\u00eddeo no YouTube<\/a><\/noscript><\/div><\/div><div class=\"lL\" style=\"max-width:100%;width:640px;margin:5px;\"><\/div><br \/>\nManipula\u00e7\u00e3o: como as redes sociais nos influenciam <a href=\"https:\/\/www.youtube.com\/@Quarks\" target=\"_blank\" rel=\"noopener\">Quarks<\/a><\/p>\n<h2>A realidade por detr\u00e1s do ru\u00eddo: o que seria efetivamente poss\u00edvel<\/h2>\n<p>Em tempos politicamente carregados, \u00e9 f\u00e1cil dizer frases em voz alta. Exig\u00eancias dram\u00e1ticas, compara\u00e7\u00f5es marciais, an\u00fancios encorpados - tudo isto se tornou parte do repert\u00f3rio padr\u00e3o da comunica\u00e7\u00e3o p\u00fablica. Mas as palavras t\u00eam uma carater\u00edstica que \u00e9 facilmente ignorada: S\u00e3o ditas mais depressa do que s\u00e3o realizadas. A verdadeira margem de manobra dos actores pol\u00edticos e militares \u00e9 geralmente muito menor do que o pano de fundo medi\u00e1tico poderia sugerir. Por detr\u00e1s de cada formula\u00e7\u00e3o dura esconde-se uma amea\u00e7a real:<\/p>\n<ul>\n<li>agregados familiares limitados,<\/li>\n<li>capacidades de produ\u00e7\u00e3o limitadas,<\/li>\n<li>oportunidades de forma\u00e7\u00e3o limitadas,<\/li>\n<li>log\u00edstica limitada,<\/li>\n<li>e apoio social limitado.<\/li>\n<\/ul>\n<p>Pode dizer-se que a ret\u00f3rica \u00e9 muitas vezes global, mas a realidade continua a ser local e t\u00e9cnica. \u00c9 precisamente aqui que reside uma contribui\u00e7\u00e3o importante para o desanuviamento: a capacidade real de muitos Estados para assumirem grandes riscos \u00e9 muito inferior \u00e0 linguagem simb\u00f3lica que utilizam para o fazer.<\/p>\n<h3>A situa\u00e7\u00e3o s\u00f3bria: os recursos contam mais do que os discursos<\/h3>\n<p>Se quisermos compreender como s\u00e3o os cen\u00e1rios realistas, n\u00e3o temos de olhar para os t\u00edtulos dos jornais, mas sim para os princ\u00edpios b\u00e1sicos da capacidade operacional moderna. Estas consistem em tr\u00eas dom\u00ednios:<\/p>\n<ol>\n<li><strong>Material<\/strong>O equipamento moderno \u00e9 dispendioso, exige muita manuten\u00e7\u00e3o e est\u00e1 em falta em muitos pa\u00edses. H\u00e1 falta de pe\u00e7as sobresselentes, as linhas de produ\u00e7\u00e3o est\u00e3o a trabalhar a plena capacidade e mesmo os componentes simples t\u00eam prazos de entrega longos. Muitos pa\u00edses passaram anos a reduzir as suas exist\u00eancias e n\u00e3o a aument\u00e1-las.<\/li>\n<li><strong>Pessoal<\/strong>H\u00e1 falta de trabalhadores qualificados em quase todos os dom\u00ednios - desde os t\u00e9cnicos e a log\u00edstica at\u00e9 aos grupos de trabalho especializados. Em muitos pa\u00edses, as pessoas est\u00e3o menos dispostas a assumir tarefas de alto risco. A sociedade est\u00e1 mais velha e os estilos de vida mudaram.<\/li>\n<li><strong>Log\u00edstica e capacidade de resist\u00eancia<\/strong>As grandes opera\u00e7\u00f5es requerem n\u00e3o s\u00f3 material e pessoal, mas tamb\u00e9m combust\u00edvel, sistemas de substitui\u00e7\u00e3o, capacidades de transporte e infra-estruturas. Estas estruturas tornaram-se escassas em muitos s\u00edtios. H\u00e1 falta de muitas coisas: dep\u00f3sitos, meios de transporte, capacidades de repara\u00e7\u00e3o, liga\u00e7\u00f5es terrestres.<\/li>\n<\/ol>\n<p>Tudo isto significa que, mesmo que a ret\u00f3rica pol\u00edtica soe como um cen\u00e1rio iminente, a viabilidade real \u00e9 extremamente limitada. A situa\u00e7\u00e3o real \u00e9 frequentemente muito mais est\u00e1vel do que o ru\u00eddo sugere.<\/p>\n<h3>A maioria silenciosa: o que as pessoas realmente querem<\/h3>\n<p>Outro fator que raramente \u00e9 tido em conta \u00e9 a vontade do povo. As palavras podem falar alto, mas as decis\u00f5es s\u00e3o, em \u00faltima an\u00e1lise, tomadas pelas pessoas - ou n\u00e3o. A experi\u00eancia mostra-o:<\/p>\n<ul>\n<li>A maioria dos cidad\u00e3os quer estabilidade e n\u00e3o uma escalada.<\/li>\n<li>A maioria quer paz e sossego, n\u00e3o quer cen\u00e1rios de aventuras her\u00f3icas.<\/li>\n<\/ul>\n<p>Muito poucas pessoas est\u00e3o interessadas em conflitos de grande escala que as possam afetar a elas ou aos seus familiares. Hoje em dia, a vida social quotidiana est\u00e1 mais do que nunca dependente da paz: A economia, a prosperidade, o progresso tecnol\u00f3gico, os cuidados de sa\u00fade.<\/p>\n<p>Esta atitude desempenha um papel enorme nos sistemas democr\u00e1ticos. Mesmo os sistemas mais autorit\u00e1rios t\u00eam de reconhecer que precisam de apoio social para poderem correr grandes riscos. Em suma:<\/p>\n<p>As pessoas est\u00e3o muito menos dispostas a tomar medidas radicais do que alguns t\u00edtulos de jornais sugerem.<\/p>\n<h3>O poder da urg\u00eancia artificial<\/h3>\n<p>Um dos maiores problemas do nosso tempo \u00e9 a impress\u00e3o de que acontecimentos dram\u00e1ticos \u201epodem acontecer amanh\u00e3\u201c. Esta urg\u00eancia artificial \u00e9 criada por:<\/p>\n<ul>\n<li>Meios de comunica\u00e7\u00e3o em tempo real,<\/li>\n<li>coment\u00e1rios emocionalizados,<\/li>\n<li>amplifica\u00e7\u00e3o algor\u00edtmica,<\/li>\n<li>e a elimina\u00e7\u00e3o de canais de informa\u00e7\u00e3o lentos e tranquilizadores.<\/li>\n<\/ul>\n<p>Mas a realidade \u00e9 que a pol\u00edtica, os neg\u00f3cios e a sociedade est\u00e3o a avan\u00e7ar muito mais lentamente do que o ritmo dos meios de comunica\u00e7\u00e3o social poderia sugerir.<br \/>\nN\u00e3o h\u00e1 alavancas que possam desencadear mudan\u00e7as maci\u00e7as em poucos dias. S\u00e3o necess\u00e1rias mesmo pequenas medidas pol\u00edticas:<\/p>\n<ul>\n<li>Planeamento,<\/li>\n<li>Comit\u00e9s,<\/li>\n<li>Comit\u00e9s,<\/li>\n<li>Votos,<\/li>\n<li>Processos administrativos,<\/li>\n<li>Financiamento,<\/li>\n<li>Realiza\u00e7\u00e3o.<\/li>\n<\/ul>\n<p>A ideia de que regi\u00f5es inteiras podem entrar em cen\u00e1rios radicais \u201ede um dia para o outro\u201c \u00e9 irrealista na grande maioria dos casos. Os obst\u00e1culos estruturais actuais s\u00e3o enormes. O barulho \u00e9 grande - mas o mundo em si move-se surpreendentemente devagar.<\/p>\n<h3>O paradoxo da seguran\u00e7a em segundo plano<\/h3>\n<p>Um olhar s\u00f3brio sobre a situa\u00e7\u00e3o revela um quadro surpreendente:<\/p>\n<ul>\n<li>H\u00e1 pouco apoio social para a escalada.<\/li>\n<li>Os custos econ\u00f3micos seriam enormes.<\/li>\n<li>Os recursos militares s\u00e3o limitados.<\/li>\n<li>A assertividade pol\u00edtica \u00e9 fraca.<\/li>\n<li>As depend\u00eancias internacionais funcionam como um trav\u00e3o e n\u00e3o como um acelerador.<\/li>\n<\/ul>\n<p>E os sistemas globais est\u00e3o suficientemente ligados em rede para tornar os riscos maiores pouco atractivos. Estes factores funcionam em segundo plano, como uma esp\u00e9cie de \u201ecinto de seguran\u00e7a invis\u00edvel\u201c. N\u00e3o \u00e9 perfeito, mas \u00e9 surpreendentemente fi\u00e1vel. Explica porque \u00e9 que muitos an\u00fancios dram\u00e1ticos acabam por n\u00e3o ter consequ\u00eancias.<\/p>\n<p>A realidade por detr\u00e1s do ru\u00eddo \u00e9 s\u00f3bria, pragm\u00e1tica e muito menos dram\u00e1tica do que o alarmismo di\u00e1rio sugere. Poder-se-ia dizer o seguinte:<\/p>\n<ol>\n<li>Aqueles que confiam no <strong>Manchetes<\/strong> olha, v\u00ea <strong>Caos<\/strong>.<\/li>\n<li>Qualquer pessoa que <strong>Recursos<\/strong>, estruturas e estabilidade social, vemos <strong>Limita\u00e7\u00e3o<\/strong>.<\/li>\n<\/ol>\n<p>E \u00e9 precisamente esta limita\u00e7\u00e3o que protege a nossa vida quotidiana, apesar de toda a agita\u00e7\u00e3o.<\/p>\n<div class=\"lyte-wrapper\" style=\"width:640px;max-width:100%;margin:5px;\"><div class=\"lyMe\" id=\"WYL_oevDgl633fA\"><div id=\"lyte_oevDgl633fA\" data-src=\"https:\/\/www.markus-schall.de\/wp-content\/plugins\/wp-youtube-lyte\/lyteCache.php?origThumbUrl=%2F%2Fi.ytimg.com%2Fvi%2FoevDgl633fA%2Fhqdefault.jpg\" class=\"pL\"><div class=\"tC\"><div class=\"tT\"><\/div><\/div><div class=\"play\"><\/div><div class=\"ctrl\"><div class=\"Lctrl\"><\/div><div class=\"Rctrl\"><\/div><\/div><\/div><noscript><a href=\"https:\/\/youtu.be\/oevDgl633fA\" rel=\"nofollow noopener\" target=\"_blank\"><img loading=\"lazy\" decoding=\"async\" src=\"https:\/\/www.markus-schall.de\/wp-content\/plugins\/wp-youtube-lyte\/lyteCache.php?origThumbUrl=https%3A%2F%2Fi.ytimg.com%2Fvi%2FoevDgl633fA%2F0.jpg\" alt=\"Miniatura de v\u00eddeo do YouTube\" width=\"640\" height=\"340\" \/><br \/>Ver este v\u00eddeo no YouTube<\/a><\/noscript><\/div><\/div><div class=\"lL\" style=\"max-width:100%;width:640px;margin:5px;\"><\/div><br \/>\nO c\u00e9rebro cronicamente exausto, causas e consequ\u00eancias, preven\u00e7\u00e3o e terapia <a href=\"https:\/\/www.youtube.com\/@drnehls\" target=\"_blank\" rel=\"noopener\">Dr. Nehls<\/a><\/p>\n<h2>O lado psicol\u00f3gico: porque \u00e9 que tudo isto \u00e9 um fardo t\u00e3o pesado para n\u00f3s<\/h2>\n<p>Os nossos c\u00e9rebros n\u00e3o foram concebidos para serem confrontados diariamente com crises globais. H\u00e1 apenas algumas gera\u00e7\u00f5es, a realidade da vida da maioria das pessoas consistia no seu ambiente imediato: fam\u00edlia, trabalho, vizinhan\u00e7a, talvez o jornal local. Os acontecimentos perigosos eram raros e, quando ocorriam, eram geralmente locais.<\/p>\n<p>Hoje, por\u00e9m, temos o mundo inteiro no nosso bolso. Cada not\u00edcia, cada alarme, cada manchete chega-nos em tempo real, como se tivesse acontecido mesmo \u00e0 nossa porta. E isso mexe connosco. O nosso sistema nervoso n\u00e3o faz uma distin\u00e7\u00e3o clara entre:<\/p>\n<ul>\n<li>um perigo real iminente<\/li>\n<li>e uma mensagem distante que \u00e9 apresentada de forma dram\u00e1tica.<\/li>\n<\/ul>\n<p>Resultado: as hormonas do stress aumentam, a tens\u00e3o interior aumenta, o corpo permanece em alerta - sem que o controlemos conscientemente. A inunda\u00e7\u00e3o moderna de informa\u00e7\u00e3o cria uma inquieta\u00e7\u00e3o interior que \u00e9 completamente antinatural para os seres humanos enquanto seres biol\u00f3gicos.<\/p>\n<h3>O c\u00e9rebro procura o negativo - e isso custa energia<\/h3>\n<p>A psicologia conhece um princ\u00edpio antigo: o nosso c\u00e9rebro est\u00e1 sensibilizado para o perigo, n\u00e3o para a beleza. No passado, este facto era essencial para a sobreviv\u00eancia. Atualmente, significa que n\u00f3s:<\/p>\n<ul>\n<li>armazenar mensagens negativas durante mais tempo,<\/li>\n<li>dar-lhes mais peso,<\/li>\n<li>vivenci\u00e1-los mais emocionalmente,<\/li>\n<li>e reagir mais rapidamente.<\/li>\n<\/ul>\n<p>\u00c9 por isso que a enxurrada di\u00e1ria de crises tem um efeito t\u00e3o desgastante e serve os sistemas de alerta mais profundos do nosso sistema nervoso. Eu pr\u00f3prio decidi, h\u00e1 muitos anos, deixar de ver os notici\u00e1rios tradicionais da televis\u00e3o. N\u00e3o por ignor\u00e2ncia, mas por auto-prote\u00e7\u00e3o. Se formos inundados todos os dias com in\u00fameras not\u00edcias negativas, isso atrai a nossa aten\u00e7\u00e3o para uma dire\u00e7\u00e3o que n\u00e3o queremos ter na nossa vida. Se estiver constantemente a ouvir sinais de alarme, acabar\u00e1 por viver num estado de alarme. E a pergunta que deve fazer a si pr\u00f3prio \u00e9:<\/p>\n<blockquote><p><em>\u00c9 mesmo isso que queres?<\/em><\/p><\/blockquote>\n<h3>A exaust\u00e3o rastejante: como o stress constante nos altera<\/h3>\n<p>O stress n\u00e3o \u00e9 causado apenas por acontecimentos, mas tamb\u00e9m pela repeti\u00e7\u00e3o. As crises medi\u00e1ticas de longa dura\u00e7\u00e3o funcionam como estalactites: inofensivas individualmente, mas poderosas no seu conjunto. Os sintomas podem ser reconhecidos em muitas conversas:<\/p>\n<ul>\n<li>dormir mal,<\/li>\n<li>difundir os medos,<\/li>\n<li>Irritabilidade,<\/li>\n<li>Cansa\u00e7o durante o dia,<\/li>\n<li>concentra\u00e7\u00e3o decrescente,<\/li>\n<li>inquieta\u00e7\u00e3o interior,<\/li>\n<li>a sensa\u00e7\u00e3o de ter \u201ealgo constantemente a respirar-nos no pesco\u00e7o\u201c.<\/li>\n<\/ul>\n<p>N\u00e3o se trata de uma falha pessoal - \u00e9 uma rea\u00e7\u00e3o natural de um sistema nervoso sobrecarregado. O nosso corpo tenta criar uma imagem coerente da informa\u00e7\u00e3o e categorizar a amea\u00e7a permanente.<\/p>\n<blockquote><p><strong>Isso custa uma enorme quantidade de energia.<\/strong><\/p><\/blockquote>\n<p>H\u00e1 tamb\u00e9m um fator social: a dist\u00e2ncia que se criou nos \u00faltimos anos - entre pessoas, opini\u00f5es, grupos sociais - faz com que as pessoas se sintam desconfort\u00e1veis por dentro. \u00c9 mais f\u00e1cil sentirmo-nos incompreendidos ou isolados. Nesta situa\u00e7\u00e3o mista, n\u00e3o \u00e9 de admirar que muitas pessoas se sintam mais exaustas do que antes.<\/p>\n<h3>Quando a estabilidade interior se torna um contra-design<\/h3>\n<p>Num mundo que est\u00e1 constantemente a clamar pela nossa aten\u00e7\u00e3o, a estabilidade interior est\u00e1 a tornar-se um recurso escasso. A quest\u00e3o j\u00e1 n\u00e3o \u00e9: <em>\u201eAt\u00e9 que ponto estou bem informado?\u201c, <\/em>mas:<\/p>\n<blockquote><p><em>\u201eComo \u00e9 que mantenho a minha sa\u00fade mental?\u201c<\/em><\/p><\/blockquote>\n<p>Os cuidados pessoais desempenham um papel surpreendentemente importante neste dom\u00ednio. S\u00e3o muitas vezes as pequenas coisas:<\/p>\n<ul>\n<li>deliberadamente menos not\u00edcias,<\/li>\n<li>Tempos de informa\u00e7\u00e3o clara em vez de consumo constante,<\/li>\n<li>regenera\u00e7\u00e3o f\u00edsica,<\/li>\n<li>boa nutri\u00e7\u00e3o e micronutrientes,<\/li>\n<li>rotinas conscientes,<\/li>\n<li>Concentrar-se nos seus pr\u00f3prios projectos.<\/li>\n<\/ul>\n<p>Foi precisamente por isso que o artigo sobre um oligoelemento espec\u00edfico ressoou tanto - porque muitas pessoas percebem intuitivamente que o corpo precisa de mais estabilidade quando a mente est\u00e1 sobrecarregada. A ordem interior n\u00e3o \u00e9 criada por mais informa\u00e7\u00e3o, mas por informa\u00e7\u00e3o menos perturbadora.<\/p>\n<p><img loading=\"lazy\" decoding=\"async\" class=\"alignnone wp-image-3883 size-large\" src=\"https:\/\/www.markus-schall.de\/wp-content\/uploads\/dauerkrise-informationsberg.jpg\" alt=\"Crise permanente - stress devido a demasiada informa\u00e7\u00e3o\" width=\"1024\" height=\"683\" srcset=\"https:\/\/www.markus-schall.de\/wp-content\/uploads\/dauerkrise-informationsberg.jpg 1024w, https:\/\/www.markus-schall.de\/wp-content\/uploads\/dauerkrise-informationsberg-300x200.jpg 300w, https:\/\/www.markus-schall.de\/wp-content\/uploads\/dauerkrise-informationsberg-768x512.jpg 768w, https:\/\/www.markus-schall.de\/wp-content\/uploads\/dauerkrise-informationsberg-18x12.jpg 18w\" sizes=\"auto, (max-width: 1024px) 100vw, 1024px\" \/><\/p>\n<h3>O fator social: o medo liga - mas n\u00e3o de forma saud\u00e1vel<\/h3>\n<p>Um aspeto que \u00e9 frequentemente ignorado \u00e9 a din\u00e2mica social do medo. Os tempos de incerteza levam as pessoas a retirarem-se para grupos onde podem encontrar seguran\u00e7a. No entanto, esses grupos - sejam eles digitais ou anal\u00f3gicos - refor\u00e7am frequentemente a incerteza em vez de a reduzirem. Todos contribuem com as suas pr\u00f3prias preocupa\u00e7\u00f5es e, em vez de tranquilidade, cria-se um modo de alarme coletivo. O medo cria uma comunidade, mas n\u00e3o uma boa comunidade. Ele une as pessoas n\u00e3o pela for\u00e7a, mas pela fraqueza.<\/p>\n<p>Uma sociedade que comunica constantemente com medo perde for\u00e7a, confian\u00e7a e tamb\u00e9m a sua capacidade de agir racionalmente. Vive numa esp\u00e9cie de \u201ecurto-circuito emocional\u201c. Aqueles que se distanciam conscientemente desta situa\u00e7\u00e3o - por exemplo, reduzindo as not\u00edcias, estabelecendo limites claros de informa\u00e7\u00e3o ou falando com pessoas fora da sua pr\u00f3pria bolha - recuperam imediatamente a clareza. O stress psicol\u00f3gico do nosso tempo n\u00e3o \u00e9 causado por acontecimentos individuais. \u00c9 causado por:<\/p>\n<ul>\n<li>a repeti\u00e7\u00e3o constante de est\u00edmulos negativos,<\/li>\n<li>o foco natural do c\u00e9rebro no perigo,<\/li>\n<li>a press\u00e3o social para tomar uma posi\u00e7\u00e3o,<\/li>\n<li>o fluxo de informa\u00e7\u00e3o,<\/li>\n<li>e a falta de ilhas interiores de calma.<\/li>\n<\/ul>\n<p>Mas a boa not\u00edcia \u00e9 que podemos ver atrav\u00e9s destes mecanismos e decidir conscientemente contra eles. \u00c9 um ato de autodetermina\u00e7\u00e3o, de liberdade interior.<\/p>\n<ul>\n<li>N\u00e3o \u00e9 preciso saber tudo.<\/li>\n<li>N\u00e3o \u00e9 preciso ver tudo.<\/li>\n<\/ul>\n<p>E n\u00e3o tem de deixar que todos os dramas medi\u00e1ticos entrem na sua vida pessoal.<\/p>\n<div style=\"overflow-x: auto;\">\n<table style=\"border-collapse: collapse; width: 100%;\">\n<tbody>\n<tr style=\"background-color: #f0f0f0;\">\n<th style=\"border: 1px solid #ccc; padding: 8px; text-align: left;\">Gama<\/th>\n<th style=\"border: 1px solid #ccc; padding: 8px; text-align: left;\">Mecanismo de amplifica\u00e7\u00e3o do medo<\/th>\n<th style=\"border: 1px solid #ccc; padding: 8px; text-align: left;\">Consequ\u00eancias t\u00edpicas para a vida quotidiana<\/th>\n<th style=\"border: 1px solid #ccc; padding: 8px; text-align: left;\">Op\u00e7\u00f5es pr\u00e1ticas de sa\u00edda \/ contra-medidas<\/th>\n<\/tr>\n<tr>\n<td style=\"border: 1px solid #ccc; padding: 8px;\"><strong>Consumo de not\u00edcias<\/strong><\/td>\n<td style=\"border: 1px solid #ccc; padding: 8px;\">Uma alimenta\u00e7\u00e3o constante de relat\u00f3rios de crise, notifica\u00e7\u00f5es push, not\u00edcias de \u00faltima hora e coment\u00e1rios emocionais cria a impress\u00e3o de que o mundo est\u00e1 permanentemente \u00e0 beira do abismo.<\/td>\n<td style=\"border: 1px solid #ccc; padding: 8px;\">Inquieta\u00e7\u00e3o interior, problemas de sono, cismar, irritabilidade, sentimento de impot\u00eancia (\u201eN\u00e3o h\u00e1 nada que se possa fazer\u201c).<\/td>\n<td style=\"border: 1px solid #ccc; padding: 8px;\">Hor\u00e1rios fixos para as not\u00edcias, sem notifica\u00e7\u00f5es push, sele\u00e7\u00e3o orientada de algumas fontes reputadas, dias deliberados sem quaisquer not\u00edcias.<\/td>\n<\/tr>\n<tr>\n<td style=\"border: 1px solid #ccc; padding: 8px;\"><strong>Redes sociais<\/strong><\/td>\n<td style=\"border: 1px solid #ccc; padding: 8px;\">Os algoritmos amplificam os conte\u00fados polarizadores; as opini\u00f5es extremas e os cen\u00e1rios dram\u00e1ticos s\u00e3o apresentados preferencialmente porque geram mais intera\u00e7\u00e3o.<\/td>\n<td style=\"border: 1px solid #ccc; padding: 8px;\">A sensa\u00e7\u00e3o de que \u201etoda a gente\u201c est\u00e1 radicalizada, a agita\u00e7\u00e3o constante, a agress\u00e3o subliminar, a perda de nuances e de cultura de conversa\u00e7\u00e3o.<\/td>\n<td style=\"border: 1px solid #ccc; padding: 8px;\">Limitar o tempo de utiliza\u00e7\u00e3o das plataformas, mudar conscientemente para canais com um tom factual, n\u00e3o ter discuss\u00f5es intermin\u00e1veis, fazer pausas ocasionais e completas nas redes sociais.<\/td>\n<\/tr>\n<tr>\n<td style=\"border: 1px solid #ccc; padding: 8px;\"><strong>Comunica\u00e7\u00e3o pol\u00edtica<\/strong><\/td>\n<td style=\"border: 1px solid #ccc; padding: 8px;\">A ret\u00f3rica da urg\u00eancia (\u201e\u00faltima oportunidade\u201c, \u201en\u00e3o h\u00e1 alternativa\u201c), a press\u00e3o moral e a simples atribui\u00e7\u00e3o de culpas intensificam a press\u00e3o subjectiva da crise.<\/td>\n<td style=\"border: 1px solid #ccc; padding: 8px;\">O sentimento de ter de tomar constantemente uma posi\u00e7\u00e3o, a divis\u00e3o interior, os conflitos na esfera privada, o cansa\u00e7o dos debates constantes.<\/td>\n<td style=\"border: 1px solid #ccc; padding: 8px;\">Reconhecer as declara\u00e7\u00f5es pol\u00edticas como parte de um jogo de interesses, manter conscientemente a dist\u00e2ncia, entrar em discuss\u00f5es apenas de forma limitada, n\u00e3o levar a s\u00e9rio qualquer escalada.<\/td>\n<\/tr>\n<tr>\n<td style=\"border: 1px solid #ccc; padding: 8px;\"><strong>Corpo e bioqu\u00edmica<\/strong><\/td>\n<td style=\"border: 1px solid #ccc; padding: 8px;\">O stress constante, a falta de sono, uma dieta irregular e a falta de micronutrientes enfraquecem a nossa capacidade de lidar calmamente com relat\u00f3rios de crise.<\/td>\n<td style=\"border: 1px solid #ccc; padding: 8px;\">Nervosismo, altera\u00e7\u00f5es de humor, problemas de concentra\u00e7\u00e3o, aumento da suscetibilidade \u00e0 ansiedade e \u00e0 melancolia.<\/td>\n<td style=\"border: 1px solid #ccc; padding: 8px;\">Sono suficiente, exerc\u00edcio f\u00edsico regular, alimenta\u00e7\u00e3o de qualidade, micronutrientes espec\u00edficos (por exemplo, observar as correla\u00e7\u00f5es descritas no artigo sobre o l\u00edtio), esclarecimento m\u00e9dico se os sintomas persistirem.<\/td>\n<\/tr>\n<tr>\n<td style=\"border: 1px solid #ccc; padding: 8px;\"><strong>Organizar a sua pr\u00f3pria vida<\/strong><\/td>\n<td style=\"border: 1px solid #ccc; padding: 8px;\">O foco nas amea\u00e7as globais est\u00e1 a deslocar a aten\u00e7\u00e3o para as nossas vidas concretas - projectos, rela\u00e7\u00f5es, sa\u00fade, profiss\u00e3o.<\/td>\n<td style=\"border: 1px solid #ccc; padding: 8px;\">Sensa\u00e7\u00e3o de que tudo \u00e9 controlado \u201ea partir do exterior\u201c, atitude passiva, falta de motiva\u00e7\u00e3o, perda de alegria nos pequenos passos em frente.<\/td>\n<td style=\"border: 1px solid #ccc; padding: 8px;\">Estabele\u00e7a prioridades claras na vida quotidiana, defina os seus pr\u00f3prios objectivos, planeie passos pequenos e concretiz\u00e1veis, invista conscientemente o seu tempo em actividades positivas e construtivas em vez de se limitar a consumir.<\/td>\n<\/tr>\n<\/tbody>\n<\/table>\n<\/div>\n<h2>Como n\u00e3o nos devemos deixar enlouquecer<\/h2>\n<p>Uma das compet\u00eancias mais importantes do nosso tempo n\u00e3o \u00e9 a ingest\u00e3o de informa\u00e7\u00e3o, mas a sele\u00e7\u00e3o de informa\u00e7\u00e3o.<\/p>\n<ul>\n<li>N\u00e3o precisamos de saber tudo.<\/li>\n<li>N\u00e3o temos de seguir todos os t\u00edtulos.<\/li>\n<li>E n\u00e3o temos certamente de nos deixar afetar por qualquer urg\u00eancia sentida.<\/li>\n<\/ul>\n<p>A recupera\u00e7\u00e3o do seu pr\u00f3prio discernimento come\u00e7a com a recupera\u00e7\u00e3o da confian\u00e7a para distinguir entre o que \u00e9 importante e o que n\u00e3o \u00e9. A constante inunda\u00e7\u00e3o de not\u00edcias torna isto dif\u00edcil - mas um passo consciente para tr\u00e1s abre exatamente a dist\u00e2ncia de que precisa.<\/p>\n<p>Isto n\u00e3o significa fechar os olhos. Significa simplesmente n\u00e3o acreditar imediatamente em todos os impulsos. A maioria dos cen\u00e1rios de amea\u00e7a n\u00e3o d\u00e3o em nada, e muitos an\u00fancios dram\u00e1ticos fracassam antes mesmo de desenvolverem qualquer subst\u00e2ncia. A estabilidade interior surge quando diz a si pr\u00f3prio:<\/p>\n<blockquote><p><em>\u201eEu \u00e9 que decido com o que \u00e9 que alimento a minha aten\u00e7\u00e3o - n\u00e3o s\u00e3o os t\u00edtulos dos jornais\u201c.\u201c<\/em><\/p><\/blockquote>\n<h3>O poder da vis\u00e3o realista<\/h3>\n<p>Se olharmos para o mundo n\u00e3o atrav\u00e9s das manchetes, mas atrav\u00e9s das estruturas, vemos algo espantoso:<\/p>\n<ul>\n<li>As crises s\u00e3o ruidosas, mas os sistemas por detr\u00e1s delas s\u00e3o lentos.<\/li>\n<li>As palavras dram\u00e1ticas voam depressa, mas as compet\u00eancias reais crescem lentamente.<\/li>\n<li>A ret\u00f3rica \u00e9 global, a realidade continua a ser local.<\/li>\n<\/ul>\n<p>Isso significa para n\u00f3s, enquanto indiv\u00edduos: Podemos permitir-nos categorizar as coisas com mais calma. N\u00e3o temos de nos atirar a cada novo alarme. Podemos reconhecer que, apesar de todas as incertezas, o mundo n\u00e3o est\u00e1 \u00e0 beira de um colapso. E \u00e9 precisamente esta compreens\u00e3o s\u00f3bria que abre uma calma tranquilizadora. Quem reconhece os mecanismos perde o medo deles.<\/p>\n<h3>O direito \u00e0 paz de esp\u00edrito<\/h3>\n<p>Em tempos dif\u00edceis, as pessoas esquecem-se muitas vezes de que todos t\u00eam direito \u00e0 paz de esp\u00edrito. Um direito a ela:<\/p>\n<ul>\n<li>n\u00e3o consumir not\u00edcias a toda a hora,<\/li>\n<li>n\u00e3o ter de seguir mentalmente todos os conflitos,<\/li>\n<li>n\u00e3o se deixar envolver em todos os tumultos sociais,<\/li>\n<li>e a manter-se conscientemente afastado de certos temas.<\/li>\n<\/ul>\n<p>A quest\u00e3o n\u00e3o \u00e9: <em>\u201eEstou suficientemente informado?\u201c<\/em>, mas:<\/p>\n<blockquote><p><em>\u201eO meu sistema interior est\u00e1 em repouso ou sob constante stress?\u201c<\/em><\/p><\/blockquote>\n<p>Tamb\u00e9m vale a pena dar uma vista de olhos ao seu artigo sobre o stress, que trata dos danos que a sobrecarga permanente pode causar ao corpo e \u00e0 mente. Os mecanismos a\u00ed descritos est\u00e3o constantemente a funcionar em segundo plano - especialmente sob uma barragem constante de not\u00edcias negativas. Se compreendermos o stress, podemos neutraliz\u00e1-lo. N\u00e3o desviando o olhar, mas estabelecendo prioridades claras.<\/p>\n<h3>A import\u00e2ncia de uma qu\u00edmica corporal est\u00e1vel<\/h3>\n<p>Um fator frequentemente subestimado do estilo de vida moderno \u00e9 a estabilidade bioqu\u00edmica do corpo. A nossa resist\u00eancia mental depende n\u00e3o s\u00f3 dos nossos pensamentos, mas tamb\u00e9m de micronutrientes, hormonas e processos neuroqu\u00edmicos.<\/p>\n<p>No meu artigo sobre um oligoelemento espec\u00edfico, j\u00e1 mostrei como pequenas quantidades podem ter um forte efeito no humor, na calma interior e na resist\u00eancia ao stress. Um balan\u00e7o mineral equilibrado pode ajudar a amortecer a \u201eerup\u00e7\u00e3o emocional\u201c das not\u00edcias. Pode dizer-se:<\/p>\n<p>A estabilidade interior come\u00e7a muito mais cedo do que se pensa - muitas vezes a n\u00edvel biol\u00f3gico. Por isso, vale a pena prestar aten\u00e7\u00e3o aos pequenos sinais f\u00edsicos. Estes s\u00e3o muitas vezes a primeira indica\u00e7\u00e3o de que est\u00e1 na altura de reduzir conscientemente o stress mental.<\/p>\n<h3>Leitura recomendada: Propaganda - Um pano de fundo que ajuda a compreender as narrativas<\/h3>\n<p>Se quiser compreender melhor o fen\u00f3meno da \u201epropaganda\u201c, encontrar\u00e1 mais informa\u00e7\u00f5es no artigo seguinte <a href=\"https:\/\/www.markus-schall.de\/pt\/2026\/01\/historia-da-propaganda-metodos-formas-modernas-e-como-reconhece-las\/\"><em><strong>\u201ePropaganda: hist\u00f3ria, m\u00e9todos, formas modernas e como reconhec\u00ea-las\u201c<\/strong><\/em><\/a> um complemento adequado. Este artigo examina hist\u00f3rica e analiticamente a estrutura da propaganda: desde as encena\u00e7\u00f5es antigas e as t\u00e9cnicas modernas dos meios de comunica\u00e7\u00e3o social at\u00e9 \u00e0s formas subtis da atual gest\u00e3o da opini\u00e3o.<\/p>\n<p>Vale particularmente a pena ler a forma como os padr\u00f5es recorrentes - sele\u00e7\u00e3o, repeti\u00e7\u00e3o, enquadramento - moldam o nosso pensamento, muitas vezes sem nos apercebermos disso. O artigo de propaganda oferece assim uma orienta\u00e7\u00e3o concetual profunda para todos aqueles que n\u00e3o s\u00f3 experimentam narrativas, mas tamb\u00e9m as querem compreender.<\/p>\n<h3>Sugest\u00e3o de leitura: As crises como pontos de viragem - aprender, crescer, moldar<\/h3>\n<figure id=\"attachment_2437\" aria-describedby=\"caption-attachment-2437\" style=\"width: 210px\" class=\"wp-caption alignright\"><a href=\"https:\/\/schall-verlag.de\/buch-krisen.php\" target=\"_blank\" rel=\"noopener\"><img loading=\"lazy\" decoding=\"async\" class=\"wp-image-2437\" src=\"https:\/\/www.markus-schall.de\/wp-content\/uploads\/Krisen-Cover-Front-DEjpg.jpg\" alt=\"Livro &quot;As crises como pontos de viragem - aprender, crescer, moldar\" width=\"220\" height=\"315\" srcset=\"https:\/\/www.markus-schall.de\/wp-content\/uploads\/Krisen-Cover-Front-DEjpg.jpg 838w, https:\/\/www.markus-schall.de\/wp-content\/uploads\/Krisen-Cover-Front-DEjpg-210x300.jpg 210w, https:\/\/www.markus-schall.de\/wp-content\/uploads\/Krisen-Cover-Front-DEjpg-715x1024.jpg 715w, https:\/\/www.markus-schall.de\/wp-content\/uploads\/Krisen-Cover-Front-DEjpg-768x1100.jpg 768w, https:\/\/www.markus-schall.de\/wp-content\/uploads\/Krisen-Cover-Front-DEjpg-8x12.jpg 8w\" sizes=\"auto, (max-width: 220px) 100vw, 220px\" \/><\/a><figcaption id=\"caption-attachment-2437\" class=\"wp-caption-text\">As crises como pontos de viragem<\/figcaption><\/figure>\n<p>Se quiser aprofundar a quest\u00e3o de como classificar construtivamente as perturba\u00e7\u00f5es pessoais e sociais, encontrar\u00e1 o livro <a href=\"https:\/\/schall-verlag.de\/buch-krisen.php\" target=\"_blank\" rel=\"noopener\"><em><strong>\"As crises s\u00e3o pontos de viragem - aprender, crescer, moldar\"<\/strong><\/em><\/a> um companheiro calmo e claro. Esta obra convida-o a fazer um balan\u00e7o honesto: Onde \u00e9 que eu estou na vida? Que rupturas, perdas ou inseguran\u00e7as me caracterizaram - e que ferramentas interiores subestimei?<\/p>\n<p>Em vez de ficar preso a um pensamento fixo nos problemas, o livro mostra como ganhar for\u00e7a em situa\u00e7\u00f5es dif\u00edceis, reconhecer padr\u00f5es e desenvolver novas perspectivas. Combina experi\u00eancias pessoais com um olhar pr\u00e1tico sobre a ordem interior, a resili\u00eancia e a auto-gest\u00e3o. Numa altura em que as crises externas s\u00e3o cada vez mais fortes, este livro recorda-nos que a reviravolta mais importante come\u00e7a frequentemente no interior - onde crescem a clareza, a coragem e o poder criativo.<\/p>\n<h3>A arte da ordem interior<\/h3>\n<p>Uma boa gest\u00e3o do stress n\u00e3o \u00e9 um luxo, mas uma necessidade. Especialmente em tempos em que o mundo parece estar a girar cada vez mais depressa, as pessoas precisam de rituais que proporcionem estabilidade:<\/p>\n<ul>\n<li>tempos fixos sem distrac\u00e7\u00f5es digitais,<\/li>\n<li>pausas conscientes,<\/li>\n<li>blocos de trabalho limpos,<\/li>\n<li>Passeios,<\/li>\n<li>sono repousante,<\/li>\n<li>Actividades que proporcionam alegria,<\/li>\n<li>contactos sociais que n\u00e3o sejam caracterizados pelo medo.<\/li>\n<\/ul>\n<p>A ordem interior n\u00e3o significa ser perfeito. Significa estabelecer prioridades - e n\u00e3o deixar a sua vida ao acaso dos media. Se conseguirmos ver atrav\u00e9s dos mecanismos, o medo perde muito do seu poder. Percebe-se:<\/p>\n<ul>\n<li>que a maioria das amea\u00e7as s\u00e3o exageros ret\u00f3ricos,<\/li>\n<li>que o mundo \u00e9 mais lento e mais est\u00e1vel do que parece,<\/li>\n<li>que os sistemas que nos protegem s\u00e3o mais fortes do que os t\u00edtulos dos jornais sugerem,<\/li>\n<li>e que o nosso bem-estar pessoal depende muito mais de n\u00f3s pr\u00f3prios do que dos acontecimentos mundiais.<\/li>\n<\/ul>\n<p>O passo mais importante \u00e9 a decis\u00e3o de n\u00e3o nos deixarmos arrastar pelo turbilh\u00e3o da excita\u00e7\u00e3o di\u00e1ria. Escolhemos por n\u00f3s pr\u00f3prios o espa\u00e7o que damos ao medo - e o espa\u00e7o que damos \u00e0 calma. No final, n\u00e3o \u00e9 o barulho do mundo que conta. O que conta \u00e9 o sil\u00eancio que conseguimos manter no nosso interior. E \u00e9 precisamente a\u00ed que reside a esperan\u00e7a:<\/p>\n<blockquote><p>A clareza, a paz e a estabilidade come\u00e7am no indiv\u00edduo - n\u00e3o nas manchetes dos jornais.<\/p><\/blockquote>\n<hr \/>\n\n\t\t\t<div class=\"display-post-types\">\n\n\t\t\t\t\t\t\t<style type=\"text\/css\">\n\t\t\t#dpt-wrapper-63 { --dpt-text-align: left;--dpt-image-crop: center;--dpt-border-radius: 5px;--dpt-h-gutter: 10px;--dpt-v-gutter: 9px; }\t\t\t<\/style>\n\t\t\t<style type=\"text\/css\">#dpt-wrapper-63 { --dpt-title-font-style:normal;--dpt-title-font-weight:600;--dpt-title-line-height:1.5;--dpt-title-text-decoration:none;--dpt-title-text-transform:none;--dpt-excerpt-font-style:normal;--dpt-excerpt-font-weight:400;--dpt-excerpt-line-height:1.5;--dpt-excerpt-text-decoration:none;--dpt-excerpt-text-transform:none;--dpt-meta1-font-style:normal;--dpt-meta1-font-weight:400;--dpt-meta1-line-height:1.9;--dpt-meta1-text-decoration:none;--dpt-meta1-text-transform:none;--dpt-meta2-font-style:normal;--dpt-meta2-font-weight:400;--dpt-meta2-line-height:1.9;--dpt-meta2-text-decoration:none;--dpt-meta2-text-transform:none; }<\/style><div class=\"dpt-main-header\">\n\t\t\t\t\t\t<div class=\"dpt-main-title\">\n\t\t\t\t\t\t\t<span class=\"dpt-main-title-text\">Artigos actuais sobre arte e cultura<\/span>\n\t\t\t\t\t\t<\/div>\n\t\t\t\t\t\t\n\t\t\t\t\t\t\n\t\t\t\t\t\t\n\t\t\t\t\t\t<\/div>\t\t\t\n\t\t\t\t<div id=\"dpt-wrapper-63\" class=\"dpt-wrapper dpt-mag1 land1 dpt-cropped dpt-flex-wrap\" >\n\n\t\t\t\t\t\t\t\t\t\t\t<div class=\"dpt-entry has-thumbnail\" data-title=\"mehr als punk: nina hagen, cosma shiva und die kunst, sich nicht vereinnahmen zu lassen\" data-id=\"4521\"  data-category=\"allgemein gesellschaft kunst &amp; kultur\" data-post_tag=\"auswandern deutschland erfahrungen europa krisen meinungsfreiheit musik portrait\">\n\t\t\t\t\t\t\t<div class=\"dpt-entry-wrapper\"><div class=\"dpt-featured-content\"><div class=\"dpt-permalink\"><a href=\"https:\/\/www.markus-schall.de\/pt\/2026\/01\/more-than-punk-nina-hagen-cosma-shiva-and-the-art-of-not-being-taken-in\/\" class=\"dpt-permalink\"><span class=\"screen-reader-text\">Mais do que punk: Nina Hagen, Cosma Shiva e a arte de n\u00e3o se deixar enganar<\/span><\/a><\/div><div class=\"dpt-thumbnail\"><div class=\"dpt-thumbnail-inner\"><img width=\"1024\" height=\"683\" class=\"attachment-full size-full\" alt=\"Retrato de Nina e Cosma Shiva Hagen\" context=\"dpt\" data-dpt-src=\"https:\/\/www.markus-schall.de\/wp-content\/uploads\/Nina-Cosma-Shiva-Hagen-Titel.jpg\" data-dpt-sizes=\"(max-width: 1024px) 100vw, 1024px\" data-dpt-srcset=\"https:\/\/www.markus-schall.de\/wp-content\/uploads\/Nina-Cosma-Shiva-Hagen-Titel.jpg 1024w, https:\/\/www.markus-schall.de\/wp-content\/uploads\/Nina-Cosma-Shiva-Hagen-Titel-300x200.jpg 300w, https:\/\/www.markus-schall.de\/wp-content\/uploads\/Nina-Cosma-Shiva-Hagen-Titel-768x512.jpg 768w, https:\/\/www.markus-schall.de\/wp-content\/uploads\/Nina-Cosma-Shiva-Hagen-Titel-18x12.jpg 18w\" \/><\/div><span class=\"dpt-thumbnail-aspect-ratio\" style=\"padding-top: 75%\"><\/span><\/div><\/div><div class=\"sub-entry\"><h3 class=\"dpt-title\"><a class=\"dpt-title-link\" href=\"https:\/\/www.markus-schall.de\/pt\/2026\/01\/more-than-punk-nina-hagen-cosma-shiva-and-the-art-of-not-being-taken-in\/\" rel=\"bookmark\">Mais do que punk: Nina Hagen, Cosma Shiva e a arte de n\u00e3o se deixar enganar<\/a><\/h3><\/div><\/div>\n\t\t\t\t\t\t<\/div><!-- .dpt-entry -->\n\t\t\t\t\t\t\t\t\t\t\t\t<div class=\"dpt-entry has-thumbnail\" data-title=\"reichweite ist kein eigentum \u2013 warum sichtbarkeit heute nicht mehr ausreicht\" data-id=\"3994\"  data-category=\"allgemein featured filemaker &amp; erp gesellschaft kunst &amp; kultur\" data-post_tag=\"datenlogik datenschutz denkmodelle digitales eigentum erp-software\">\n\t\t\t\t\t\t\t<div class=\"dpt-entry-wrapper\"><div class=\"dpt-featured-content\"><div class=\"dpt-permalink\"><a href=\"https:\/\/www.markus-schall.de\/pt\/2025\/12\/alcance-nao-e-propriedade-porque-e-que-a-visibilidade-ja-nao-e-suficiente-hoje-em-dia\/\" class=\"dpt-permalink\"><span class=\"screen-reader-text\">Alcance n\u00e3o \u00e9 propriedade - Porque \u00e9 que a visibilidade j\u00e1 n\u00e3o \u00e9 suficiente hoje em dia<\/span><\/a><\/div><div class=\"dpt-thumbnail\"><div class=\"dpt-thumbnail-inner\"><img width=\"1024\" height=\"683\" class=\"attachment-full size-full\" alt=\"Alcance vs. propriedade\" context=\"dpt\" data-dpt-src=\"https:\/\/www.markus-schall.de\/wp-content\/uploads\/reichweite-vs-eigentum.jpg\" data-dpt-sizes=\"(max-width: 1024px) 100vw, 1024px\" data-dpt-srcset=\"https:\/\/www.markus-schall.de\/wp-content\/uploads\/reichweite-vs-eigentum.jpg 1024w, https:\/\/www.markus-schall.de\/wp-content\/uploads\/reichweite-vs-eigentum-300x200.jpg 300w, https:\/\/www.markus-schall.de\/wp-content\/uploads\/reichweite-vs-eigentum-768x512.jpg 768w, https:\/\/www.markus-schall.de\/wp-content\/uploads\/reichweite-vs-eigentum-18x12.jpg 18w\" \/><\/div><span class=\"dpt-thumbnail-aspect-ratio\" style=\"padding-top: 75%\"><\/span><\/div><\/div><div class=\"sub-entry\"><h3 class=\"dpt-title\"><a class=\"dpt-title-link\" href=\"https:\/\/www.markus-schall.de\/pt\/2025\/12\/alcance-nao-e-propriedade-porque-e-que-a-visibilidade-ja-nao-e-suficiente-hoje-em-dia\/\" rel=\"bookmark\">Alcance n\u00e3o \u00e9 propriedade - Porque \u00e9 que a visibilidade j\u00e1 n\u00e3o \u00e9 suficiente hoje em dia<\/a><\/h3><\/div><\/div>\n\t\t\t\t\t\t<\/div><!-- .dpt-entry -->\n\t\t\t\t\t\t\t\t\t\t\t\t<div class=\"dpt-entry has-thumbnail\" data-title=\"ulrike gu\u00e9rot: eine europ\u00e4erin zwischen idee, universit\u00e4t und \u00f6ffentlichem diskurs\" data-id=\"4039\"  data-category=\"allgemein gesellschaft kunst &amp; kultur\" data-post_tag=\"denkmodelle deutschland europa geopolitik krisen meinungsfreiheit portrait sicherheitspolitik spieltheorie\">\n\t\t\t\t\t\t\t<div class=\"dpt-entry-wrapper\"><div class=\"dpt-featured-content\"><div class=\"dpt-permalink\"><a href=\"https:\/\/www.markus-schall.de\/pt\/2025\/12\/ulrike-guerot-um-europeu-entre-a-ideia-de-universidade-e-o-discurso-publico\/\" class=\"dpt-permalink\"><span class=\"screen-reader-text\">Ulrike Gu\u00e9rot: Uma europeia entre a ideia, a universidade e o discurso p\u00fablico<\/span><\/a><\/div><div class=\"dpt-thumbnail\"><div class=\"dpt-thumbnail-inner\"><img width=\"1024\" height=\"683\" class=\"attachment-full size-full\" alt=\"Ulrike Gu\u00e9rot e a Europa\" context=\"dpt\" data-dpt-src=\"https:\/\/www.markus-schall.de\/wp-content\/uploads\/ulrike-guerot-portrait.jpg\" data-dpt-sizes=\"(max-width: 1024px) 100vw, 1024px\" data-dpt-srcset=\"https:\/\/www.markus-schall.de\/wp-content\/uploads\/ulrike-guerot-portrait.jpg 1024w, https:\/\/www.markus-schall.de\/wp-content\/uploads\/ulrike-guerot-portrait-300x200.jpg 300w, https:\/\/www.markus-schall.de\/wp-content\/uploads\/ulrike-guerot-portrait-768x512.jpg 768w, https:\/\/www.markus-schall.de\/wp-content\/uploads\/ulrike-guerot-portrait-18x12.jpg 18w\" \/><\/div><span class=\"dpt-thumbnail-aspect-ratio\" style=\"padding-top: 75%\"><\/span><\/div><\/div><div class=\"sub-entry\"><h3 class=\"dpt-title\"><a class=\"dpt-title-link\" href=\"https:\/\/www.markus-schall.de\/pt\/2025\/12\/ulrike-guerot-um-europeu-entre-a-ideia-de-universidade-e-o-discurso-publico\/\" rel=\"bookmark\">Ulrike Gu\u00e9rot: Uma europeia entre a ideia, a universidade e o discurso p\u00fablico<\/a><\/h3><\/div><\/div>\n\t\t\t\t\t\t<\/div><!-- .dpt-entry -->\n\t\t\t\t\t\t\t\t\t\t\t\t<div class=\"dpt-entry has-thumbnail\" data-title=\"jan-josef liefers: ein portr\u00e4t \u00fcber haltung, herkunft und k\u00fcnstlerische freiheit\" data-id=\"3854\"  data-category=\"allgemein gesellschaft kunst &amp; kultur\" data-post_tag=\"deutschland erfahrungen krisen lernen meinungsfreiheit musik pers\u00f6nlichkeitsentwicklung portrait\">\n\t\t\t\t\t\t\t<div class=\"dpt-entry-wrapper\"><div class=\"dpt-featured-content\"><div class=\"dpt-permalink\"><a href=\"https:\/\/www.markus-schall.de\/pt\/2025\/12\/jan-josef-liefers-um-retrato-da-atitude-da-origem-e-da-liberdade-artistica\/\" class=\"dpt-permalink\"><span class=\"screen-reader-text\">Jan-Josef Liefers: Um retrato da atitude, das origens e da liberdade art\u00edstica<\/span><\/a><\/div><div class=\"dpt-thumbnail\"><div class=\"dpt-thumbnail-inner\"><img width=\"1024\" height=\"683\" class=\"attachment-full size-full\" alt=\"Jan-Josef Liefers\" context=\"dpt\" data-dpt-src=\"https:\/\/www.markus-schall.de\/wp-content\/uploads\/jan-josef-liefers-silhouette.jpg\" data-dpt-sizes=\"(max-width: 1024px) 100vw, 1024px\" data-dpt-srcset=\"https:\/\/www.markus-schall.de\/wp-content\/uploads\/jan-josef-liefers-silhouette.jpg 1024w, https:\/\/www.markus-schall.de\/wp-content\/uploads\/jan-josef-liefers-silhouette-300x200.jpg 300w, https:\/\/www.markus-schall.de\/wp-content\/uploads\/jan-josef-liefers-silhouette-768x512.jpg 768w, https:\/\/www.markus-schall.de\/wp-content\/uploads\/jan-josef-liefers-silhouette-18x12.jpg 18w\" \/><\/div><span class=\"dpt-thumbnail-aspect-ratio\" style=\"padding-top: 75%\"><\/span><\/div><\/div><div class=\"sub-entry\"><h3 class=\"dpt-title\"><a class=\"dpt-title-link\" href=\"https:\/\/www.markus-schall.de\/pt\/2025\/12\/jan-josef-liefers-um-retrato-da-atitude-da-origem-e-da-liberdade-artistica\/\" rel=\"bookmark\">Jan-Josef Liefers: Um retrato da atitude, das origens e da liberdade art\u00edstica<\/a><\/h3><\/div><\/div>\n\t\t\t\t\t\t<\/div><!-- .dpt-entry -->\n\t\t\t\t\t\t\n\t\t\t\t<\/div>\n\t\t\t\t\t\t<\/div>\n\t\t\t\n<hr \/>\n<h2>Fontes interessantes sobre o tema<\/h2>\n<ul>\n<li><a href=\"https:\/\/www.usni.org\/magazines\/naval-history-magazine\/2008\/february\/truth-about-tonkin\" target=\"_blank\" rel=\"noopener\"><strong>Instituto Naval dos EUA - \u201eA verdade sobre Tonkin\u201c<\/strong><\/a>Reconstru\u00e7\u00e3o pormenorizada da forma como o segundo alegado ataque no Golfo de Tonkin foi massivamente distorcido e como McNamara enganou o Congresso.<\/li>\n<li><a href=\"https:\/\/www.armscontrol.org\/act\/2005-03\/iraq-weapons-hunt-ends-other-investigations-continue\" target=\"_blank\" rel=\"noopener\"><strong>Associa\u00e7\u00e3o de Controlo de Armas - \u201eTermina a ca\u00e7a \u00e0s armas do Iraque\u201c<\/strong><\/a>Resumo s\u00e9rio: os inspectores da ONU n\u00e3o tinham provas da exist\u00eancia de programas activos de ADM antes do in\u00edcio da guerra e, mais tarde, o Iraq Survey Group confirmou a inexist\u00eancia de exist\u00eancias.<\/li>\n<li><a href=\"https:\/\/en.wikipedia.org\/wiki\/Iraq_and_weapons_of_mass_destruction\" target=\"_blank\" rel=\"noopener\"><strong>Artigo de s\u00edntese \u201eO Iraque e as armas de destrui\u00e7\u00e3o maci\u00e7a\u201c<\/strong><\/a>: Resume na Wikip\u00e9dia como a narrativa politicamente estabelecida das ADM iraquianas se desmoronou em retrospetiva.<\/li>\n<li><a href=\"https:\/\/en.wikipedia.org\/wiki\/NATO_bombing_of_Yugoslavia\" target=\"_blank\" rel=\"noopener\"><strong>Bombardeamento da Jugosl\u00e1via pela NATO<\/strong><\/a>Artigo da Wikip\u00e9dia \u201eBombardeamento da Jugosl\u00e1via pela NATO\u201c com dados sobre v\u00edtimas civis e infra-estruturas destru\u00eddas.<\/li>\n<li><a href=\"https:\/\/assets.publishing.service.gov.uk\/media\/57a0895340f0b652dd00018e\/HDQ1350.pdf\" target=\"_blank\" rel=\"noopener\"><strong>GSDRC \/ Idris - \u201eAn\u00e1lise da primavera \u00c1rabe\u201c<\/strong><\/a>(PDF) An\u00e1lise de peritos: Combina\u00e7\u00e3o de causas estruturais de longa data (corrup\u00e7\u00e3o, desigualdade, desemprego) e factores de curto prazo.<\/li>\n<li><a href=\"https:\/\/www.crisisgroup.org\/visual-explainers\/conflict-ukraines-donbas-visual-explainer\" target=\"_blank\" rel=\"noopener\"><strong>International Crisis Group - \u201eConflict in Ukraine's Donbas: A Visual Explainer\u201c (Conflito no Donbas da Ucr\u00e2nia: uma explica\u00e7\u00e3o visual)\u201c<\/strong><\/a>Panorama interativo da guerra no Donbas, com a estimativa de que \u201eentre 2014 e o in\u00edcio de 2022\u201c j\u00e1 tenham sido mortas mais de 14.000 pessoas.<\/li>\n<li><a href=\"https:\/\/pmc.ncbi.nlm.nih.gov\/articles\/PMC12175740\/\" target=\"_blank\" rel=\"noopener\"><strong>\u201eImpacto da incerteza induzida pelos media na sa\u00fade mental\u201c<\/strong><\/a> (Kesner 2025): Defende que as not\u00edcias negativas desencadeiam o stress e a ansiedade principalmente atrav\u00e9s do mecanismo da incerteza.<\/li>\n<li><a href=\"https:\/\/www.theguardian.com\/society\/ng-interactive\/2025\/sep\/01\/news-avoidance-high-anxiety\" target=\"_blank\" rel=\"noopener\"><strong>Reuters Institute \/ Guardian - Evitar not\u00edcias<\/strong><\/a>O relat\u00f3rio refere que cerca de 40 % das pessoas evitam agora conscientemente as not\u00edcias por se sentirem mentalmente sobrecarregadas - o que se enquadra perfeitamente na sua pr\u00f3pria forma de deixar de ver regularmente as not\u00edcias da televis\u00e3o.<\/li>\n<\/ul>\n<hr \/>\n<h2>Perguntas mais frequentes<\/h2>\n<ol>\n<li><strong>Porque \u00e9 que as pessoas se sentem mais stressadas hoje em dia, apesar de existirem objetivamente menos amea\u00e7as imediatas do que no passado?<\/strong><br \/>\nPorque o nosso sistema nervoso n\u00e3o distingue entre perigo real e perigo mediado. Um impulso negativo tem o mesmo efeito biol\u00f3gico que um sinal de alerta, mesmo que ocorra a milhares de quil\u00f3metros de dist\u00e2ncia. A disponibilidade constante de not\u00edcias de crise cria um ru\u00eddo de fundo permanente. Dantes receb\u00edamos algumas mensagens por dia, agora recebemos centenas por hora - e apesar do mundo moderno, os nossos c\u00e9rebros ainda funcionam de acordo com programas antigos.<\/li>\n<li><strong>O que significa realmente \u201enarrativa\u201c e porque \u00e9 que \u00e9 t\u00e3o poderosa?<\/strong><br \/>\nUma narrativa \u00e9 uma narrativa de enquadramento - uma esp\u00e9cie de grelha interpretativa atrav\u00e9s da qual os factos s\u00e3o interpretados. Uma narrativa decide qual a parte da realidade que \u00e9 real\u00e7ada e qual a que \u00e9 omitida. N\u00e3o tem de estar errada, mas raramente \u00e9 completa. Porque as pessoas est\u00e3o \u00e0 procura de orienta\u00e7\u00e3o, agarram-se frequentemente a narrativas simples, mesmo que a realidade seja mais complexa.<\/li>\n<li><strong>Porque \u00e9 que o p\u00fablico inicia frequentemente conflitos internacionais complexos com uma data fixa?<\/strong><br \/>\nPorque os pontos fixos no tempo fazem com que o mundo pare\u00e7a mais claro. Um ponto de partida cria clareza, mesmo que seja historicamente impreciso. Muitos conflitos t\u00eam uma longa hist\u00f3ria: tens\u00f5es pol\u00edticas, interesses econ\u00f3micos, conflitos \u00e9tnicos, desloca\u00e7\u00e3o de fronteiras - mas nos meios de comunica\u00e7\u00e3o social e nos debates pol\u00edticos, isso \u00e9 frequentemente reduzido a um \u00fanico ano. N\u00e3o se trata de uma inten\u00e7\u00e3o maliciosa, mas de uma simplifica\u00e7\u00e3o.<\/li>\n<li><strong>Qual \u00e9 o problema de prazos t\u00e3o curtos?<\/strong><br \/>\nCriam uma ambiguidade moral que raramente existe na realidade. Se um conflito for fixado em \u201ea partir do ano X\u201c, cria-se a imagem de uma causa clara e de um perpetrador claro. A longa evolu\u00e7\u00e3o hist\u00f3rica permanece invis\u00edvel e a popula\u00e7\u00e3o recebe uma imagem a preto e branco que quase nunca \u00e9 analisada.<\/li>\n<li><strong>Que papel desempenham os meios de comunica\u00e7\u00e3o social na cria\u00e7\u00e3o do medo?<\/strong><br \/>\nOs meios de comunica\u00e7\u00e3o modernos est\u00e3o a competir pela aten\u00e7\u00e3o. As not\u00edcias dram\u00e1ticas geram mais cliques, mais alcance e mais receitas de publicidade. Isto n\u00e3o conduz a not\u00edcias falsas, mas a uma sele\u00e7\u00e3o a favor de conte\u00fados negativos e amea\u00e7adores. Quanto mais dram\u00e1tica for a situa\u00e7\u00e3o apresentada, mais o p\u00fablico reage - e \u00e9 precisamente isso que refor\u00e7a o mecanismo.<\/li>\n<li><strong>Ser\u00e1 que os media lucram conscientemente com as crises?<\/strong><br \/>\nN\u00e3o no sentido em que as crises s\u00e3o deliberadamente provocadas ou inflacionadas. Mas existe um incentivo estrutural: as crises chamam a aten\u00e7\u00e3o e a aten\u00e7\u00e3o traz receitas. Uma organiza\u00e7\u00e3o medi\u00e1tica sem alcance n\u00e3o existe - e \u00e9 por isso que os sistemas tendem a fazer com que as amea\u00e7as pare\u00e7am maiores do que muitas vezes s\u00e3o.<\/li>\n<li><strong>Porque \u00e9 que os governos tamb\u00e9m utilizam as crises para se estabilizarem?<\/strong><br \/>\nAs crises criam uma margem de manobra pol\u00edtica. Em tempos de crise, os cidad\u00e3os aceitam medidas que seriam quase imposs\u00edveis de implementar em tempos calmos: maiores despesas, mais regulamenta\u00e7\u00e3o, interven\u00e7\u00f5es na vida quotidiana. N\u00e3o se trata de um fen\u00f3meno moderno - h\u00e1 s\u00e9culos que os sistemas pol\u00edticos utilizam situa\u00e7\u00f5es excepcionais para consolidar a autoridade.<\/li>\n<li><strong>Significa isto que os governos est\u00e3o deliberadamente a exacerbar as crises?<\/strong><br \/>\nN\u00e3o necessariamente. Mas t\u00eam interesse em real\u00e7ar certas amea\u00e7as mais claramente do que outras. Isto faz parte da comunica\u00e7\u00e3o pol\u00edtica. As amea\u00e7as criam legitimidade. E a legitima\u00e7\u00e3o \u00e9 um recurso fundamental de qualquer governo.<\/li>\n<li><strong>Que papel desempenha a economia na perce\u00e7\u00e3o da incerteza?<\/strong><br \/>\nOs mercados da seguran\u00e7a, da defesa, da an\u00e1lise e da consultoria beneficiam muito com as crises. Quanto mais amea\u00e7ado o mundo parece, mais os Estados e as empresas investem em medidas de prote\u00e7\u00e3o. Estas ind\u00fastrias est\u00e3o a crescer h\u00e1 anos. A sua exist\u00eancia n\u00e3o \u00e9 prova de manipula\u00e7\u00e3o - mas mostra que a inseguran\u00e7a \u00e9 um fator econ\u00f3mico.<\/li>\n<li><strong>At\u00e9 que ponto s\u00e3o reais os cen\u00e1rios de amea\u00e7a p\u00fablica?<\/strong><br \/>\nMuitas amea\u00e7as s\u00e3o de natureza ret\u00f3rica. Parecem dram\u00e1ticas, mas a sua concretiza\u00e7\u00e3o real \u00e9 extremamente improv\u00e1vel por raz\u00f5es log\u00edsticas, econ\u00f3micas e de pessoal. As opera\u00e7\u00f5es em grande escala requerem recursos que muitos pa\u00edses nem sequer possuem. A realidade \u00e9 frequentemente muito mais limitada do que os t\u00edtulos dos jornais.<\/li>\n<li><strong>Porque \u00e9 que algumas declara\u00e7\u00f5es pol\u00edticas parecem mais amea\u00e7adoras do que s\u00e3o?<\/strong><br \/>\nPorque a ret\u00f3rica n\u00e3o tem custos, mas a a\u00e7\u00e3o tem. Os pol\u00edticos podem usar formula\u00e7\u00f5es dr\u00e1sticas nos discursos, mas a implementa\u00e7\u00e3o operacional exigiria enormes obst\u00e1culos burocr\u00e1ticos, militares e econ\u00f3micos. A discrep\u00e2ncia entre as palavras e a realidade \u00e9 consider\u00e1vel.<\/li>\n<li><strong>Porque \u00e9 que muitas pessoas parecem reagir de forma particularmente sens\u00edvel a amea\u00e7as pol\u00edticas ou militares?<\/strong><br \/>\nPorque a informa\u00e7\u00e3o negativa est\u00e1 mais profundamente ancorada no c\u00e9rebro humano do que a informa\u00e7\u00e3o positiva. O nosso c\u00e9rebro est\u00e1 evolutivamente polarizado em dire\u00e7\u00e3o ao perigo. Declara\u00e7\u00f5es pol\u00edticas dram\u00e1ticas despoletam estes programas prim\u00e1rios. O corpo liberta hormonas de stress que intensificam ainda mais a nossa perce\u00e7\u00e3o.<\/li>\n<li><strong>Porque \u00e9 que muitos cidad\u00e3os est\u00e3o emocionalmente esgotados?<\/strong><br \/>\nPorque s\u00e3o confrontados com crises h\u00e1 anos sem interrup\u00e7\u00e3o: Sa\u00fade, economia, energia, seguran\u00e7a, tecnologia. Cada crise \u00e9 uma continua\u00e7\u00e3o da anterior. N\u00e3o h\u00e1 um per\u00edodo de tempo em que o sistema nervoso se possa regenerar. O resultado \u00e9 uma sobrecarga cr\u00f3nica - uma condi\u00e7\u00e3o de que muitos nem sequer se apercebem porque se desenvolve gradualmente.<\/li>\n<li><strong>\u00c9 desinformado consumir menos not\u00edcias?<\/strong><br \/>\nPelo contr\u00e1rio. O consumo consciente de not\u00edcias \u00e9 um sinal de soberania. Quem consome constantemente perde a dist\u00e2ncia. Quem faz escolhas conscientes ganha clareza. A quest\u00e3o n\u00e3o \u00e9 o quanto se sabe, mas se se sabe as coisas certas - e de uma forma que n\u00e3o prejudique a pr\u00f3pria sa\u00fade mental.<\/li>\n<li><strong>Porque \u00e9 que ajuda a reduzir as mensagens?<\/strong><br \/>\nPorque a nossa psique s\u00f3 pode processar uma quantidade limitada de informa\u00e7\u00e3o amea\u00e7adora. Menos mensagens significam menos impulsos de stress. O corpo pode estabilizar-se. Al\u00e9m disso, a probabilidade de sermos arrastados para narrativas emocionais extremas \u00e9 reduzida.<\/li>\n<li><strong>Que papel desempenham os micronutrientes, como o l\u00edtio, na estabilidade interna?<\/strong><br \/>\nUm equil\u00edbrio mineral equilibrado tem um efeito significativo no humor, na resist\u00eancia ao stress e no equil\u00edbrio emocional. Estudos sugerem que doses baixas de l\u00edtio - na qualidade da \u00e1gua pot\u00e1vel, por exemplo - podem melhorar a estabilidade interior. O seu artigo descreve bem a sensibilidade com que o organismo humano reage a estas subst\u00e2ncias. A paz interior come\u00e7a muitas vezes a n\u00edvel biol\u00f3gico.<\/li>\n<li><strong>Como pode praticar a gest\u00e3o do stress na vida quotidiana?<\/strong><br \/>\nA gest\u00e3o do stress n\u00e3o significa evitar tudo, mas sim definir prioridades. Tempos fixos de informa\u00e7\u00e3o, pausas digitais, exerc\u00edcio f\u00edsico, sono, estrutura\u00e7\u00e3o da rotina di\u00e1ria e t\u00e9cnicas de relaxamento consciente s\u00e3o \u00fateis. O seu artigo sobre o stress fornece uma s\u00e9rie de impulsos deste tipo: t\u00e9cnicas de respira\u00e7\u00e3o, reconhecimento de sinais f\u00edsicos, cria\u00e7\u00e3o de momentos para desligar.<\/li>\n<li><strong>Porque \u00e9 que \u00e9 importante conceber o seu pr\u00f3prio ambiente de informa\u00e7\u00e3o?<\/strong><br \/>\nPorque, caso contr\u00e1rio, somos controlados em vez de nos controlarmos a n\u00f3s pr\u00f3prios. O nosso humor, os nossos pensamentos e os nossos n\u00edveis de energia dependem diretamente do conte\u00fado que consumimos. Uma dieta de informa\u00e7\u00e3o conscientemente concebida n\u00e3o s\u00f3 nos protege da ansiedade, como tamb\u00e9m refor\u00e7a a nossa capacidade de pensar por n\u00f3s pr\u00f3prios.<\/li>\n<li><strong>Que perspetiva positiva se pode retirar de tudo isto?<\/strong><br \/>\nQue n\u00e3o estamos \u00e0 merc\u00ea do mundo do ru\u00eddo. Podemos escolher o que lemos, quem ouvimos e a quem prestamos aten\u00e7\u00e3o. Reconhecer os mecanismos \u00e9 o primeiro passo para a serenidade. O mundo exterior pode ser agitado - mas o nosso mundo interior pode permanecer calmo.<\/li>\n<li><strong>Qual \u00e9 a mensagem mais importante de todo o artigo?<\/strong><br \/>\nEsse medo \u00e9 muitas vezes mais perigoso do que a realidade. Qualquer pessoa que compreenda como as narrativas s\u00e3o criadas, como os media funcionam, como os sistemas pol\u00edticos comunicam e como o seu pr\u00f3prio corpo reage, ganha dist\u00e2ncia. E com a dist\u00e2ncia vem a clareza. N\u00e3o se trata de ignorar o mundo - trata-se de n\u00e3o nos deixarmos engolir por ele. A paz interior n\u00e3o \u00e9 um luxo. \u00c9 uma decis\u00e3o consciente.<\/li>\n<\/ol>\n<hr \/>\n\n\t\t\t<div class=\"display-post-types\">\n\n\t\t\t\t\t\t\t<style type=\"text\/css\">\n\t\t\t#dpt-wrapper-64 { --dpt-text-align: left;--dpt-image-crop: center;--dpt-border-radius: 5px;--dpt-small-grid-column: 33.33%;--dpt-large-grid-column: 33.3333333333%;--dpt-h-gutter: 10px;--dpt-v-gutter: 10px; }\t\t\t<\/style>\n\t\t\t<style type=\"text\/css\">#dpt-wrapper-64 { --dpt-title-font-style:normal;--dpt-title-font-weight:600;--dpt-title-line-height:1.5;--dpt-title-text-decoration:none;--dpt-title-text-transform:none;--dpt-excerpt-font-style:normal;--dpt-excerpt-font-weight:400;--dpt-excerpt-line-height:1.5;--dpt-excerpt-text-decoration:none;--dpt-excerpt-text-transform:none;--dpt-meta1-font-style:normal;--dpt-meta1-font-weight:400;--dpt-meta1-line-height:1.9;--dpt-meta1-text-decoration:none;--dpt-meta1-text-transform:none;--dpt-meta2-font-style:normal;--dpt-meta2-font-weight:400;--dpt-meta2-line-height:1.9;--dpt-meta2-text-decoration:none;--dpt-meta2-text-transform:none; }<\/style><div class=\"dpt-main-header\">\n\t\t\t\t\t\t<div class=\"dpt-main-title\">\n\t\t\t\t\t\t\t<span class=\"dpt-main-title-text\">T\u00f3picos actuais sobre intelig\u00eancia artificial<\/span>\n\t\t\t\t\t\t<\/div>\n\t\t\t\t\t\t\n\t\t\t\t\t\t\n\t\t\t\t\t\t\n\t\t\t\t\t\t<\/div>\t\t\t\n\t\t\t\t<div id=\"dpt-wrapper-64\" class=\"dpt-wrapper dpt-grid1 multi-col dpt-mason-wrap\" >\n\n\t\t\t\t\t\t\t\t\t\t\t<div class=\"dpt-entry has-thumbnail\" data-title=\"lokale ki auf dem mac: so installieren sie ein sprachmodell mit ollama\" data-id=\"2442\"  data-category=\"ki-systeme tipps &amp; anleitungen\" data-post_tag=\"datenschutz k\u00fcnstliche intelligenz llama llm mac mistral ollama sprachmodell\">\n\t\t\t\t\t\t\t<div class=\"dpt-entry-wrapper\"><div class=\"dpt-featured-content\"><div class=\"dpt-permalink\"><a href=\"https:\/\/www.markus-schall.de\/pt\/2025\/08\/local-ki-no-mac-como-este-1tp12para-criar-um-modelo-de-linguagem-com-ollama\/\" class=\"dpt-permalink\"><span class=\"screen-reader-text\">IA local no Mac: Como installerceirizar um modelo de linguagem com o Ollama<\/span><\/a><\/div><div class=\"dpt-thumbnail\"><div class=\"dpt-thumbnail-inner\"><img width=\"1024\" height=\"683\" class=\"attachment-full size-full\" alt=\"Local AI installieren com Ollama no Mac\" context=\"dpt\" data-dpt-src=\"https:\/\/www.markus-schall.de\/wp-content\/uploads\/Lokale-KI-auf-Apple-Mac.jpg\" data-dpt-sizes=\"(max-width: 1024px) 100vw, 1024px\" data-dpt-srcset=\"https:\/\/www.markus-schall.de\/wp-content\/uploads\/Lokale-KI-auf-Apple-Mac.jpg 1024w, https:\/\/www.markus-schall.de\/wp-content\/uploads\/Lokale-KI-auf-Apple-Mac-300x200.jpg 300w, https:\/\/www.markus-schall.de\/wp-content\/uploads\/Lokale-KI-auf-Apple-Mac-768x512.jpg 768w, https:\/\/www.markus-schall.de\/wp-content\/uploads\/Lokale-KI-auf-Apple-Mac-18x12.jpg 18w\" \/><\/div><span class=\"dpt-thumbnail-aspect-ratio\" style=\"padding-top: 67%\"><\/span><\/div><\/div><div class=\"sub-entry\"><h3 class=\"dpt-title\"><a class=\"dpt-title-link\" href=\"https:\/\/www.markus-schall.de\/pt\/2025\/08\/local-ki-no-mac-como-este-1tp12para-criar-um-modelo-de-linguagem-com-ollama\/\" rel=\"bookmark\">IA local no Mac: Como installerceirizar um modelo de linguagem com o Ollama<\/a><\/h3><\/div><\/div>\n\t\t\t\t\t\t<\/div><!-- .dpt-entry -->\n\t\t\t\t\t\t\t\t\t\t\t\t<div class=\"dpt-entry has-thumbnail\" data-title=\"lora-training: wie filemaker 2025 das feintuning gro\u00dfer sprachmodelle vereinfacht\" data-id=\"3220\"  data-category=\"filemaker &amp; erp ki-systeme\" data-post_tag=\"datenbanken filemaker k\u00fcnstliche intelligenz llm mlx sprachmodell\">\n\t\t\t\t\t\t\t<div class=\"dpt-entry-wrapper\"><div class=\"dpt-featured-content\"><div class=\"dpt-permalink\"><a href=\"https:\/\/www.markus-schall.de\/pt\/2025\/10\/lora-training-como-o-filemaker-2025-simplifica-a-afinacao-de-grandes-modelos-linguisticos\/\" class=\"dpt-permalink\"><span class=\"screen-reader-text\">Forma\u00e7\u00e3o LoRA: como o FileMaker 2025 simplifica a afina\u00e7\u00e3o de grandes modelos lingu\u00edsticos<\/span><\/a><\/div><div class=\"dpt-thumbnail\"><div class=\"dpt-thumbnail-inner\"><img width=\"1024\" height=\"683\" class=\"attachment-full size-full\" alt=\"LoRA Afina\u00e7\u00e3o fina - FileMaker 2025\" context=\"dpt\" data-dpt-src=\"https:\/\/www.markus-schall.de\/wp-content\/uploads\/lora-finetuning-filemaker.jpg\" data-dpt-sizes=\"(max-width: 1024px) 100vw, 1024px\" data-dpt-srcset=\"https:\/\/www.markus-schall.de\/wp-content\/uploads\/lora-finetuning-filemaker.jpg 1024w, https:\/\/www.markus-schall.de\/wp-content\/uploads\/lora-finetuning-filemaker-300x200.jpg 300w, https:\/\/www.markus-schall.de\/wp-content\/uploads\/lora-finetuning-filemaker-768x512.jpg 768w, https:\/\/www.markus-schall.de\/wp-content\/uploads\/lora-finetuning-filemaker-18x12.jpg 18w\" \/><\/div><span class=\"dpt-thumbnail-aspect-ratio\" style=\"padding-top: 67%\"><\/span><\/div><\/div><div class=\"sub-entry\"><h3 class=\"dpt-title\"><a class=\"dpt-title-link\" href=\"https:\/\/www.markus-schall.de\/pt\/2025\/10\/lora-training-como-o-filemaker-2025-simplifica-a-afinacao-de-grandes-modelos-linguisticos\/\" rel=\"bookmark\">Forma\u00e7\u00e3o LoRA: como o FileMaker 2025 simplifica a afina\u00e7\u00e3o de grandes modelos lingu\u00edsticos<\/a><\/h3><\/div><\/div>\n\t\t\t\t\t\t<\/div><!-- .dpt-entry -->\n\t\t\t\t\t\t\t\t\t\t\t\t<div class=\"dpt-entry has-thumbnail\" data-title=\"apple mlx vs. nvidia: so funktioniert lokale ki-inferenz auf dem mac\" data-id=\"3461\"  data-category=\"apple macos filemaker &amp; erp hardware ki-systeme\" data-post_tag=\"apple datenschutz filemaker k\u00fcnstliche intelligenz llama llm mac mistral mlx ollama sprachmodell\">\n\t\t\t\t\t\t\t<div class=\"dpt-entry-wrapper\"><div class=\"dpt-featured-content\"><div class=\"dpt-permalink\"><a href=\"https:\/\/www.markus-schall.de\/pt\/2025\/11\/apple-mlx-vs-nvidia-como-funciona-a-inferencia-local-de-ki-no-mac\/\" class=\"dpt-permalink\"><span class=\"screen-reader-text\">Apple MLX vs. NVIDIA: Como funciona a infer\u00eancia local de IA no Mac<\/span><\/a><\/div><div class=\"dpt-thumbnail\"><div class=\"dpt-thumbnail-inner\"><img width=\"1024\" height=\"683\" class=\"attachment-full size-full\" alt=\"IA local em Silicon com Apple Mac\" context=\"dpt\" data-dpt-src=\"https:\/\/www.markus-schall.de\/wp-content\/uploads\/Lokales-Sprachmodell-apple-mac-studio.jpg\" data-dpt-sizes=\"(max-width: 1024px) 100vw, 1024px\" data-dpt-srcset=\"https:\/\/www.markus-schall.de\/wp-content\/uploads\/Lokales-Sprachmodell-apple-mac-studio.jpg 1024w, https:\/\/www.markus-schall.de\/wp-content\/uploads\/Lokales-Sprachmodell-apple-mac-studio-300x200.jpg 300w, https:\/\/www.markus-schall.de\/wp-content\/uploads\/Lokales-Sprachmodell-apple-mac-studio-768x512.jpg 768w, https:\/\/www.markus-schall.de\/wp-content\/uploads\/Lokales-Sprachmodell-apple-mac-studio-18x12.jpg 18w\" \/><\/div><span class=\"dpt-thumbnail-aspect-ratio\" style=\"padding-top: 67%\"><\/span><\/div><\/div><div class=\"sub-entry\"><h3 class=\"dpt-title\"><a class=\"dpt-title-link\" href=\"https:\/\/www.markus-schall.de\/pt\/2025\/11\/apple-mlx-vs-nvidia-como-funciona-a-inferencia-local-de-ki-no-mac\/\" rel=\"bookmark\">Apple MLX vs. NVIDIA: Como funciona a infer\u00eancia local de IA no Mac<\/a><\/h3><\/div><\/div>\n\t\t\t\t\t\t<\/div><!-- .dpt-entry -->\n\t\t\t\t\t\t\n\t\t\t\t<\/div>\n\t\t\t\t\t\t<\/div>\n\t\t\t\n<hr \/>","protected":false},"excerpt":{"rendered":"<p>\u00c9 estranho como certos desenvolvimentos surgem discretamente e s\u00f3 revelam todo o seu impacto em retrospetiva. Quando penso na forma como vejo as not\u00edcias hoje, apercebo-me de que a minha abordagem \u00e0s mesmas mudou fundamentalmente h\u00e1 mais de vinte anos. Desde a viragem do mil\u00e9nio, quase n\u00e3o vejo os notici\u00e1rios tradicionais da televis\u00e3o. Isso nunca foi uma decis\u00e3o consciente ... <a title=\"Apple MLX vs. NVIDIA: Como funciona a infer\u00eancia local de IA no Mac\" class=\"read-more\" href=\"https:\/\/www.markus-schall.de\/pt\/2025\/11\/apple-mlx-vs-nvidia-como-funciona-a-inferencia-local-de-ki-no-mac\/\" aria-label=\"Leia mais sobre Apple MLX vs. NVIDIA: Como funciona a infer\u00eancia local de IA no Mac\">Ler mais<\/a><\/p>","protected":false},"author":1,"featured_media":3881,"comment_status":"open","ping_status":"open","sticky":false,"template":"","format":"standard","meta":{"iawp_total_views":107,"footnotes":""},"categories":[1,424,466],"tags":[425,480,481,458,475,426,476,429],"class_list":["post-3840","post","type-post","status-publish","format-standard","has-post-thumbnail","hentry","category-allgemein","category-buecher","category-gesellschaft","tag-buch","tag-deutschland","tag-energiepolitik","tag-erfahrungen","tag-europa","tag-krisen","tag-meinungsfreiheit","tag-persoenlichkeitsentwicklung"],"_links":{"self":[{"href":"https:\/\/www.markus-schall.de\/pt\/wp-json\/wp\/v2\/posts\/3840","targetHints":{"allow":["GET"]}}],"collection":[{"href":"https:\/\/www.markus-schall.de\/pt\/wp-json\/wp\/v2\/posts"}],"about":[{"href":"https:\/\/www.markus-schall.de\/pt\/wp-json\/wp\/v2\/types\/post"}],"author":[{"embeddable":true,"href":"https:\/\/www.markus-schall.de\/pt\/wp-json\/wp\/v2\/users\/1"}],"replies":[{"embeddable":true,"href":"https:\/\/www.markus-schall.de\/pt\/wp-json\/wp\/v2\/comments?post=3840"}],"version-history":[{"count":21,"href":"https:\/\/www.markus-schall.de\/pt\/wp-json\/wp\/v2\/posts\/3840\/revisions"}],"predecessor-version":[{"id":5849,"href":"https:\/\/www.markus-schall.de\/pt\/wp-json\/wp\/v2\/posts\/3840\/revisions\/5849"}],"wp:featuredmedia":[{"embeddable":true,"href":"https:\/\/www.markus-schall.de\/pt\/wp-json\/wp\/v2\/media\/3881"}],"wp:attachment":[{"href":"https:\/\/www.markus-schall.de\/pt\/wp-json\/wp\/v2\/media?parent=3840"}],"wp:term":[{"taxonomy":"category","embeddable":true,"href":"https:\/\/www.markus-schall.de\/pt\/wp-json\/wp\/v2\/categories?post=3840"},{"taxonomy":"post_tag","embeddable":true,"href":"https:\/\/www.markus-schall.de\/pt\/wp-json\/wp\/v2\/tags?post=3840"}],"curies":[{"name":"wp","href":"https:\/\/api.w.org\/{rel}","templated":true}]}}