{"id":4103,"date":"2025-12-22T06:33:21","date_gmt":"2025-12-22T06:33:21","guid":{"rendered":"https:\/\/www.markus-schall.de\/?p=4103"},"modified":"2026-04-27T13:49:59","modified_gmt":"2026-04-27T13:49:59","slug":"compreender-os-elevados-precos-da-energia-na-alemanha-gas-eletricidade-e-gasolina-explicados-de-forma-simples","status":"publish","type":"post","link":"https:\/\/www.markus-schall.de\/pt\/2025\/12\/compreender-os-elevados-precos-da-energia-na-alemanha-gas-eletricidade-e-gasolina-explicados-de-forma-simples\/","title":{"rendered":"Compreender os pre\u00e7os elevados da energia na Alemanha: G\u00e1s, eletricidade e gasolina explicados de forma simples"},"content":{"rendered":"<p>Na minha vida quotidiana, os pre\u00e7os elevados da energia n\u00e3o me afectam. Trabalho principalmente com computadores Apple, cuja efici\u00eancia foi optimizada durante anos, e desloco-me pela cidade quase exclusivamente por via el\u00e9ctrica. Em termos simples, isso n\u00e3o custa nada. E, no entanto, n\u00e3o consigo deixar de pensar: as empresas \u00e0 nossa volta est\u00e3o sob press\u00e3o, os locais de produ\u00e7\u00e3o est\u00e3o a fechar ou a ser deslocalizados. A mesma frase est\u00e1 sempre a surgir em conversas, relat\u00f3rios e notas laterais:<\/p>\n<blockquote><p><em>Os pre\u00e7os da energia s\u00e3o demasiado elevados.<\/em><\/p><\/blockquote>\n<p>Se olharmos com mais aten\u00e7\u00e3o, surge uma estranha contradi\u00e7\u00e3o. Para muitos particulares, a energia tornou-se visivelmente mais cara, mas continua a ser suport\u00e1vel. Para as empresas, pelo contr\u00e1rio, parece estar a amea\u00e7ar cada vez mais a sua exist\u00eancia. Isto levanta inevitavelmente a quest\u00e3o: Qual \u00e9 a verdadeira raz\u00e3o desta situa\u00e7\u00e3o? E porque \u00e9 que \u00e9 t\u00e3o dif\u00edcil obter uma resposta clara e compreens\u00edvel?<!--more--><\/p>\n<hr \/>\n\n\t\t\t<div class=\"display-post-types\">\n\n\t\t\t\t\t\t\t<style type=\"text\/css\">\n\t\t\t#dpt-wrapper-487 { --dpt-text-align: left;--dpt-image-crop: center;--dpt-border-radius: 5px;--dpt-h-gutter: 10px;--dpt-v-gutter: 9px; }\t\t\t<\/style>\n\t\t\t<style type=\"text\/css\">#dpt-wrapper-487 { --dpt-title-font-style:normal;--dpt-title-font-weight:600;--dpt-title-line-height:1.5;--dpt-title-text-decoration:none;--dpt-title-text-transform:none;--dpt-excerpt-font-style:normal;--dpt-excerpt-font-weight:400;--dpt-excerpt-line-height:1.5;--dpt-excerpt-text-decoration:none;--dpt-excerpt-text-transform:none;--dpt-meta1-font-style:normal;--dpt-meta1-font-weight:400;--dpt-meta1-line-height:1.9;--dpt-meta1-text-decoration:none;--dpt-meta1-text-transform:none;--dpt-meta2-font-style:normal;--dpt-meta2-font-weight:400;--dpt-meta2-line-height:1.9;--dpt-meta2-text-decoration:none;--dpt-meta2-text-transform:none; }<\/style><div class=\"dpt-main-header\">\n\t\t\t\t\t\t<div class=\"dpt-main-title\">\n\t\t\t\t\t\t\t<span class=\"dpt-main-title-text\">Quest\u00f5es sociais da atualidade<\/span>\n\t\t\t\t\t\t<\/div>\n\t\t\t\t\t\t\n\t\t\t\t\t\t\n\t\t\t\t\t\t\n\t\t\t\t\t\t<\/div>\t\t\t\n\t\t\t\t<div id=\"dpt-wrapper-487\" class=\"dpt-wrapper dpt-mag1 land1 dpt-cropped dpt-flex-wrap\" >\n\n\t\t\t\t\t\t\t\t\t\t\t<div class=\"dpt-entry has-thumbnail\" data-title=\"dieter bohlen im klartext: warum deutschland an der eigenen b\u00fcrokratie scheitert\" data-id=\"3546\"  data-category=\"allgemein b\u00fccher gesellschaft kunst &amp; kultur\" data-post_tag=\"buch deutschland erfahrungen krisen meinungsfreiheit musik\">\n\t\t\t\t\t\t\t<div class=\"dpt-entry-wrapper\"><div class=\"dpt-featured-content\"><div class=\"dpt-permalink\"><a href=\"https:\/\/www.markus-schall.de\/pt\/2025\/11\/dieter-bohlen-em-linguagem-simples-porque-e-que-a-alemanha-esta-a-falhar-devido-a-sua-propria-burocracia\/\" class=\"dpt-permalink\"><span class=\"screen-reader-text\">Dieter Bohlen em linguagem simples: porque \u00e9 que a Alemanha est\u00e1 a falhar devido \u00e0 sua pr\u00f3pria burocracia<\/span><\/a><\/div><div class=\"dpt-thumbnail\"><div class=\"dpt-thumbnail-inner\"><img width=\"1536\" height=\"1024\" class=\"attachment-full size-full\" alt=\"Dieter Bohlen em conversa com Dominik Kettner\" context=\"dpt\" data-dpt-src=\"https:\/\/www.markus-schall.de\/wp-content\/uploads\/bohlen-kettner-germany.jpg\" data-dpt-sizes=\"(max-width: 1536px) 100vw, 1536px\" data-dpt-srcset=\"https:\/\/www.markus-schall.de\/wp-content\/uploads\/bohlen-kettner-germany.jpg 1536w, https:\/\/www.markus-schall.de\/wp-content\/uploads\/bohlen-kettner-germany-300x200.jpg 300w, https:\/\/www.markus-schall.de\/wp-content\/uploads\/bohlen-kettner-germany-1024x683.jpg 1024w, https:\/\/www.markus-schall.de\/wp-content\/uploads\/bohlen-kettner-germany-768x512.jpg 768w, https:\/\/www.markus-schall.de\/wp-content\/uploads\/bohlen-kettner-germany-18x12.jpg 18w\" \/><\/div><span class=\"dpt-thumbnail-aspect-ratio\" style=\"padding-top: 75%\"><\/span><\/div><\/div><div class=\"sub-entry\"><h3 class=\"dpt-title\"><a class=\"dpt-title-link\" href=\"https:\/\/www.markus-schall.de\/pt\/2025\/11\/dieter-bohlen-em-linguagem-simples-porque-e-que-a-alemanha-esta-a-falhar-devido-a-sua-propria-burocracia\/\" rel=\"bookmark\">Dieter Bohlen em linguagem simples: porque \u00e9 que a Alemanha est\u00e1 a falhar devido \u00e0 sua pr\u00f3pria burocracia<\/a><\/h3><\/div><\/div>\n\t\t\t\t\t\t<\/div><!-- .dpt-entry -->\n\t\t\t\t\t\t\t\t\t\t\t\t<div class=\"dpt-entry has-thumbnail\" data-title=\"johann sebastian bach \u2013 ordnung, haltung und das fundament unserer musik\" data-id=\"5033\"  data-category=\"allgemein gesellschaft kunst &amp; kultur\" data-post_tag=\"deutschland musik portrait\">\n\t\t\t\t\t\t\t<div class=\"dpt-entry-wrapper\"><div class=\"dpt-featured-content\"><div class=\"dpt-permalink\"><a href=\"https:\/\/www.markus-schall.de\/pt\/2026\/02\/johann-sebastian-bach-a-atitude-da-ordem-e-a-base-da-nossa-musica\/\" class=\"dpt-permalink\"><span class=\"screen-reader-text\">Johann Sebastian Bach - ordem, atitude e a base da nossa m\u00fasica<\/span><\/a><\/div><div class=\"dpt-thumbnail\"><div class=\"dpt-thumbnail-inner\"><img width=\"1024\" height=\"683\" class=\"attachment-full size-full\" alt=\"Retrato de Johann Sebastian Bach\" context=\"dpt\" data-dpt-src=\"https:\/\/www.markus-schall.de\/wp-content\/uploads\/Johann-Sebastian-Bach-Portrait.jpg\" data-dpt-sizes=\"(max-width: 1024px) 100vw, 1024px\" data-dpt-srcset=\"https:\/\/www.markus-schall.de\/wp-content\/uploads\/Johann-Sebastian-Bach-Portrait.jpg 1024w, https:\/\/www.markus-schall.de\/wp-content\/uploads\/Johann-Sebastian-Bach-Portrait-300x200.jpg 300w, https:\/\/www.markus-schall.de\/wp-content\/uploads\/Johann-Sebastian-Bach-Portrait-768x512.jpg 768w, https:\/\/www.markus-schall.de\/wp-content\/uploads\/Johann-Sebastian-Bach-Portrait-18x12.jpg 18w\" \/><\/div><span class=\"dpt-thumbnail-aspect-ratio\" style=\"padding-top: 75%\"><\/span><\/div><\/div><div class=\"sub-entry\"><h3 class=\"dpt-title\"><a class=\"dpt-title-link\" href=\"https:\/\/www.markus-schall.de\/pt\/2026\/02\/johann-sebastian-bach-a-atitude-da-ordem-e-a-base-da-nossa-musica\/\" rel=\"bookmark\">Johann Sebastian Bach - ordem, atitude e a base da nossa m\u00fasica<\/a><\/h3><\/div><\/div>\n\t\t\t\t\t\t<\/div><!-- .dpt-entry -->\n\t\t\t\t\t\t\t\t\t\t\t\t<div class=\"dpt-entry has-thumbnail\" data-title=\"mehr als punk: nina hagen, cosma shiva und die kunst, sich nicht vereinnahmen zu lassen\" data-id=\"4521\"  data-category=\"allgemein gesellschaft kunst &amp; kultur\" data-post_tag=\"auswandern deutschland erfahrungen europa krisen meinungsfreiheit musik portrait\">\n\t\t\t\t\t\t\t<div class=\"dpt-entry-wrapper\"><div class=\"dpt-featured-content\"><div class=\"dpt-permalink\"><a href=\"https:\/\/www.markus-schall.de\/pt\/2026\/01\/more-than-punk-nina-hagen-cosma-shiva-and-the-art-of-not-being-taken-in\/\" class=\"dpt-permalink\"><span class=\"screen-reader-text\">Mais do que punk: Nina Hagen, Cosma Shiva e a arte de n\u00e3o se deixar enganar<\/span><\/a><\/div><div class=\"dpt-thumbnail\"><div class=\"dpt-thumbnail-inner\"><img width=\"1024\" height=\"683\" class=\"attachment-full size-full\" alt=\"Retrato de Nina e Cosma Shiva Hagen\" context=\"dpt\" data-dpt-src=\"https:\/\/www.markus-schall.de\/wp-content\/uploads\/Nina-Cosma-Shiva-Hagen-Titel.jpg\" data-dpt-sizes=\"(max-width: 1024px) 100vw, 1024px\" data-dpt-srcset=\"https:\/\/www.markus-schall.de\/wp-content\/uploads\/Nina-Cosma-Shiva-Hagen-Titel.jpg 1024w, https:\/\/www.markus-schall.de\/wp-content\/uploads\/Nina-Cosma-Shiva-Hagen-Titel-300x200.jpg 300w, https:\/\/www.markus-schall.de\/wp-content\/uploads\/Nina-Cosma-Shiva-Hagen-Titel-768x512.jpg 768w, https:\/\/www.markus-schall.de\/wp-content\/uploads\/Nina-Cosma-Shiva-Hagen-Titel-18x12.jpg 18w\" \/><\/div><span class=\"dpt-thumbnail-aspect-ratio\" style=\"padding-top: 75%\"><\/span><\/div><\/div><div class=\"sub-entry\"><h3 class=\"dpt-title\"><a class=\"dpt-title-link\" href=\"https:\/\/www.markus-schall.de\/pt\/2026\/01\/more-than-punk-nina-hagen-cosma-shiva-and-the-art-of-not-being-taken-in\/\" rel=\"bookmark\">Mais do que punk: Nina Hagen, Cosma Shiva e a arte de n\u00e3o se deixar enganar<\/a><\/h3><\/div><\/div>\n\t\t\t\t\t\t<\/div><!-- .dpt-entry -->\n\t\t\t\t\t\t\t\t\t\t\t\t<div class=\"dpt-entry has-thumbnail\" data-title=\"zustand der deutschen wirtschaft 2025: f\u00fcnf jahre krise, zahlen, trends und ausblick\" data-id=\"3773\"  data-category=\"allgemein gesellschaft\" data-post_tag=\"auswandern deutschland energiepolitik erfahrungen geopolitik krisen ratgeber\">\n\t\t\t\t\t\t\t<div class=\"dpt-entry-wrapper\"><div class=\"dpt-featured-content\"><div class=\"dpt-permalink\"><a href=\"https:\/\/www.markus-schall.de\/pt\/2025\/12\/estado-da-economia-alema-2025-cinco-anos-de-crise-numeros-tendencias-e-perspectivas\/\" class=\"dpt-permalink\"><span class=\"screen-reader-text\">Situa\u00e7\u00e3o da economia alem\u00e3 em 2025: cinco anos de crise, n\u00fameros, tend\u00eancias e perspectivas<\/span><\/a><\/div><div class=\"dpt-thumbnail\"><div class=\"dpt-thumbnail-inner\"><img width=\"1024\" height=\"683\" class=\"attachment-full size-full\" alt=\"Situa\u00e7\u00e3o da economia alem\u00e3 em 2025\" context=\"dpt\" data-dpt-src=\"https:\/\/www.markus-schall.de\/wp-content\/uploads\/zustand-deutschland-2025.jpg\" data-dpt-sizes=\"(max-width: 1024px) 100vw, 1024px\" data-dpt-srcset=\"https:\/\/www.markus-schall.de\/wp-content\/uploads\/zustand-deutschland-2025.jpg 1024w, https:\/\/www.markus-schall.de\/wp-content\/uploads\/zustand-deutschland-2025-300x200.jpg 300w, https:\/\/www.markus-schall.de\/wp-content\/uploads\/zustand-deutschland-2025-768x512.jpg 768w, https:\/\/www.markus-schall.de\/wp-content\/uploads\/zustand-deutschland-2025-18x12.jpg 18w\" \/><\/div><span class=\"dpt-thumbnail-aspect-ratio\" style=\"padding-top: 75%\"><\/span><\/div><\/div><div class=\"sub-entry\"><h3 class=\"dpt-title\"><a class=\"dpt-title-link\" href=\"https:\/\/www.markus-schall.de\/pt\/2025\/12\/estado-da-economia-alema-2025-cinco-anos-de-crise-numeros-tendencias-e-perspectivas\/\" rel=\"bookmark\">Situa\u00e7\u00e3o da economia alem\u00e3 em 2025: cinco anos de crise, n\u00fameros, tend\u00eancias e perspectivas<\/a><\/h3><\/div><\/div>\n\t\t\t\t\t\t<\/div><!-- .dpt-entry -->\n\t\t\t\t\t\t\n\t\t\t\t<\/div>\n\t\t\t\t\t\t<\/div>\n\t\t\t\n<hr \/>\n<h2>\u00daltimas not\u00edcias sobre os pre\u00e7os da energia na Alemanha<\/h2>\n<p><strong>25.04.2026<\/strong>O governo federal emitiu um <a href=\"https:\/\/www.tagesschau.de\/wirtschaft\/verbraucher\/tankrabatt-faq-100.html\" target=\"_blank\" rel=\"noopener\"><strong>desconto para dep\u00f3sito tempor\u00e1rio decidido<\/strong><\/a>, para aliviar a press\u00e3o sobre os consumidores face aos elevados pre\u00e7os da energia. Concretamente, o imposto sobre a energia que incide sobre a gasolina e o gas\u00f3leo ser\u00e1 reduzido durante dois meses, o que poder\u00e1 conduzir a uma redu\u00e7\u00e3o de pre\u00e7os calculada em cerca de 16 a 18 c\u00eantimos por litro. No entanto, n\u00e3o \u00e9 claro se este efeito chegar\u00e1 na totalidade \u00e0s bombas de gasolina. Uma das raz\u00f5es para tal \u00e9 o sistema de tributa\u00e7\u00e3o: o imposto j\u00e1 \u00e9 devido quando a gasolina sai das refinarias, raz\u00e3o pela qual o combust\u00edvel com impostos mais elevados \u00e9 vendido primeiro.<\/p>\n<div class=\"lyte-wrapper\" style=\"width:640px;max-width:100%;margin:5px;\"><div class=\"lyMe\" id=\"WYL_oycy7TrqZoQ\"><div id=\"lyte_oycy7TrqZoQ\" data-src=\"https:\/\/www.markus-schall.de\/wp-content\/plugins\/wp-youtube-lyte\/lyteCache.php?origThumbUrl=%2F%2Fi.ytimg.com%2Fvi%2Foycy7TrqZoQ%2Fhqdefault.jpg\" class=\"pL\"><div class=\"tC\"><div class=\"tT\"><\/div><\/div><div class=\"play\"><\/div><div class=\"ctrl\"><div class=\"Lctrl\"><\/div><div class=\"Rctrl\"><\/div><\/div><\/div><noscript><a href=\"https:\/\/youtu.be\/oycy7TrqZoQ\" rel=\"nofollow noopener\" target=\"_blank\"><img loading=\"lazy\" decoding=\"async\" src=\"https:\/\/www.markus-schall.de\/wp-content\/plugins\/wp-youtube-lyte\/lyteCache.php?origThumbUrl=https%3A%2F%2Fi.ytimg.com%2Fvi%2Foycy7TrqZoQ%2F0.jpg\" alt=\"Miniatura de v\u00eddeo do YouTube\" width=\"640\" height=\"340\" \/><br \/>Ver este v\u00eddeo no YouTube<\/a><\/noscript><\/div><\/div><div class=\"lL\" style=\"max-width:100%;width:640px;margin:5px;\"><\/div><br \/>\nO Bundestag aprova o abatimento dos combust\u00edveis e a bonifica\u00e7\u00e3o fiscal <a href=\"https:\/\/www.tagesschau.de\/wirtschaft\/verbraucher\/tankrabatt-faq-100.html\" target=\"_blank\" rel=\"nofollow noopener\">programa noticioso<\/a><\/p>\n<p>Por conseguinte, os peritos partem do princ\u00edpio de que a descida dos pre\u00e7os se far\u00e1 sentir com algum desfasamento e poder\u00e1 variar de regi\u00e3o para regi\u00e3o. Al\u00e9m disso, o desagravamento efetivo depende em grande medida das condi\u00e7\u00f5es de mercado e dos pre\u00e7os praticados pelas empresas produtoras de \u00f3leos minerais. A experi\u00eancia adquirida com as medidas anteriores mostra que as redu\u00e7\u00f5es concedidas pelo Governo nem sempre s\u00e3o totalmente repercutidas nos consumidores.<\/p>\n<p><strong>21.04.2026<\/strong>O fornecimento do <a href=\"https:\/\/www.berliner-zeitung.de\/article\/oel-stopp-aus-kasachstan-dreht-putin-deutschland-jetzt-den-oel-hahn-zu-10031803\" target=\"_blank\" rel=\"nofollow noopener\"><strong>Refinaria PCK em Schwedt sob nova press\u00e3o<\/strong><\/a> - e, por conseguinte, um pilar central do abastecimento de combust\u00edvel na Alemanha de Leste. A f\u00e1brica de Brandemburgo processa principalmente petr\u00f3leo bruto proveniente do Cazaquist\u00e3o, mas que \u00e9 fornecido atrav\u00e9s do oleoduto russo Druzhba. \u00c9 precisamente aqui que reside o problema: a R\u00fassia controla o tr\u00e2nsito e pode, por conseguinte, influenciar indiretamente o abastecimento. De acordo com informa\u00e7\u00f5es recentes, existe a amea\u00e7a de restri\u00e7\u00f5es a estes fornecimentos, o que poderia p\u00f4r em causa a utiliza\u00e7\u00e3o da capacidade da refinaria. Esta informa\u00e7\u00e3o foi entretanto confirmada <a href=\"https:\/\/www.berliner-zeitung.de\/article\/russland-stoppt-oellieferungen-nach-schwedt-10031938\" target=\"_blank\" rel=\"noopener\"><strong>confirmado pela Rosneft Alemanha<\/strong><\/a>, No entanto, a Federa\u00e7\u00e3o Russa ainda n\u00e3o emitiu qualquer declara\u00e7\u00e3o.<\/p>\n<p>A PCK Schwedt abastece grande parte de Brandenburgo, Berlim e regi\u00f5es vizinhas com gasolina, gas\u00f3leo e parafina. Milhares de postos de trabalho dependem direta ou indiretamente do local. Uma poss\u00edvel causa para o atual desenvolvimento \u00e9 a crescente tens\u00e3o pol\u00edtica relacionada com as san\u00e7\u00f5es e a utiliza\u00e7\u00e3o de infra-estruturas russas. Isto mostra mais uma vez que, embora a mudan\u00e7a para o petr\u00f3leo do Cazaquist\u00e3o represente formalmente uma diversifica\u00e7\u00e3o, na pr\u00e1tica continua a depender das rotas de transporte russas. Este facto poder\u00e1 ter consequ\u00eancias tang\u00edveis para a regi\u00e3o - desde o aumento dos pre\u00e7os at\u00e9 \u00e0s incertezas no abastecimento.<\/p>\n<p><strong>16.04.2026<\/strong>No debate no Bundestag sobre uma eventual <a href=\"https:\/\/www.tagesschau.de\/inland\/innenpolitik\/tankrabatt-bundestag-debatte-100.html\" target=\"_blank\" rel=\"noopener\"><strong>Nova edi\u00e7\u00e3o das medidas de aux\u00edlio estatal<\/strong><\/a> O debate sobre medidas como a redu\u00e7\u00e3o do pre\u00e7o dos combust\u00edveis revelou mais uma vez claras diferen\u00e7as entre os campos pol\u00edticos. Os representantes da coliga\u00e7\u00e3o governamental sublinharam que, embora as medidas anteriores tivessem trazido um al\u00edvio a curto prazo, eram necess\u00e1rios instrumentos mais direcionados a longo prazo para atenuar as dificuldades sociais. Os cr\u00edticos da oposi\u00e7\u00e3o, por outro lado, apelaram a um al\u00edvio maior e mais r\u00e1pido para os cidad\u00e3os, tendo em conta a persist\u00eancia dos elevados pre\u00e7os da energia e dos combust\u00edveis. O debate levantou tamb\u00e9m, uma vez mais, a quest\u00e3o de saber at\u00e9 que ponto essas medidas chegam efetivamente aos consumidores ou geram sobretudo efeitos econ\u00f3micos indirectos.<\/p>\n<p>No passado, os peritos j\u00e1 tinham chamado a aten\u00e7\u00e3o para a precis\u00e3o limitada e os poss\u00edveis falsos incentivos. Em termos gerais, o debate mostra que a avalia\u00e7\u00e3o pol\u00edtica dos instrumentos de apoio a curto prazo continua a ser controversa e depende em grande medida da orienta\u00e7\u00e3o fundamental da pol\u00edtica econ\u00f3mica.<\/p>\n<p><strong>13.04.2026<\/strong>O Governo alem\u00e3o adoptou um pacote de medidas para aliviar os consumidores face \u00e0 persist\u00eancia de pre\u00e7os elevados dos combust\u00edveis. O elemento central \u00e9 uma medida tempor\u00e1ria de <a href=\"https:\/\/www.spiegel.de\/politik\/deutschland\/deutschland-koalition-beschliesst-entlastung-wegen-hoher-spritpreise-a-7b37dcf2-cff5-42e2-88c3-d59b0987af1d\" target=\"_blank\" rel=\"noopener\"><strong>Redu\u00e7\u00e3o do imposto sobre a energia aplic\u00e1vel \u00e0 gasolina e ao gas\u00f3leo<\/strong><\/a>, que se destina a proporcionar um al\u00edvio significativo a curto prazo aos automobilistas. A medida \u00e9 limitada no tempo e tem como principal objetivo amortecer o impacto do forte aumento dos pre\u00e7os da energia. Paralelamente, est\u00e3o previstas outras medidas, incluindo o eventual pagamento de b\u00f3nus aos trabalhadores e um controlo mais rigoroso do mercado dos combust\u00edveis.<\/p>\n<p>O pano de fundo da decis\u00e3o \u00e9 o recente aumento significativo dos pre\u00e7os nas esta\u00e7\u00f5es de servi\u00e7o, que constituem um encargo consider\u00e1vel tanto para os particulares como para as empresas. Simultaneamente, a medida continua a ser politicamente controversa: os cr\u00edticos duvidam do seu efeito a longo prazo e salientam que as anteriores medidas de desagravamento fiscal nem sempre foram plenamente aproveitadas pelos consumidores. Por conseguinte, permanece em aberto a quest\u00e3o central de saber se as interven\u00e7\u00f5es fiscais a curto prazo trar\u00e3o efetivamente um al\u00edvio duradouro - ou apenas ganhar\u00e3o tempo.<\/p>\n<p><strong>01.04.2026<\/strong>O aprovisionamento energ\u00e9tico da Europa est\u00e1 a chegar a um ponto cr\u00edtico. O Comiss\u00e1rio Europeu para a Energia, Dan J\u00f8rgensen, alerta para uma \u201esitua\u00e7\u00e3o muito grave\u201c e sublinha que a crise n\u00e3o ser\u00e1 ultrapassada a curto prazo. Mesmo que os conflitos geopol\u00edticos se atenuem rapidamente, n\u00e3o \u00e9 previs\u00edvel um regresso \u00e0 estabilidade anterior. Isto deve-se ao aumento acentuado dos pre\u00e7os do petr\u00f3leo e do g\u00e1s e \u00e0s incertezas em rela\u00e7\u00e3o a importantes rotas de abastecimento, em especial no M\u00e9dio Oriente.<\/p>\n<div class=\"lyte-wrapper\" style=\"width:640px;max-width:100%;margin:5px;\"><div class=\"lyMe\" id=\"WYL_ZTqBC0Bsuj8\"><div id=\"lyte_ZTqBC0Bsuj8\" data-src=\"https:\/\/www.markus-schall.de\/wp-content\/plugins\/wp-youtube-lyte\/lyteCache.php?origThumbUrl=%2F%2Fi.ytimg.com%2Fvi%2FZTqBC0Bsuj8%2Fhqdefault.jpg\" class=\"pL\"><div class=\"tC\"><div class=\"tT\"><\/div><\/div><div class=\"play\"><\/div><div class=\"ctrl\"><div class=\"Lctrl\"><\/div><div class=\"Rctrl\"><\/div><\/div><\/div><noscript><a href=\"https:\/\/youtu.be\/ZTqBC0Bsuj8\" rel=\"nofollow noopener\" target=\"_blank\"><img loading=\"lazy\" decoding=\"async\" src=\"https:\/\/www.markus-schall.de\/wp-content\/plugins\/wp-youtube-lyte\/lyteCache.php?origThumbUrl=https%3A%2F%2Fi.ytimg.com%2Fvi%2FZTqBC0Bsuj8%2F0.jpg\" alt=\"Miniatura de v\u00eddeo do YouTube\" width=\"640\" height=\"340\" \/><br \/>Ver este v\u00eddeo no YouTube<\/a><\/noscript><\/div><\/div><div class=\"lL\" style=\"max-width:100%;width:640px;margin:5px;\"><\/div><br \/>\nGUERRA DO IR\u00c3O: Conduzir e voar torna-se um luxo! A UE faz uma admiss\u00e3o dram\u00e1tica <a href=\"https:\/\/www.youtube.com\/@WELTVideoTV\" target=\"_blank\" rel=\"nofollow noopener\">Canal de not\u00edcias WELT<\/a><\/p>\n<p>Uma parte significativa do aprovisionamento energ\u00e9tico mundial est\u00e1 sob press\u00e3o, o que tem um impacto direto na Europa. Em resposta, est\u00e3o a ser discutidas medidas para reduzir o consumo de energia a curto prazo - incluindo o aumento do trabalho a partir de casa, a redu\u00e7\u00e3o dos transportes e, em geral, um menor consumo de energia. Ao mesmo tempo, a UE est\u00e1 a salientar a necessidade de se tornar menos dependente de fornecedores externos a longo prazo e de acelerar a expans\u00e3o de fontes de energia alternativas.<\/p>\n<p>Al\u00e9m disso, os novos regulamentos adoptados pelo Bundestag foram <a href=\"https:\/\/www.br.de\/nachrichten\/deutschland-welt\/12-uhr-regel-an-der-tankstelle-das-gilt-ab-sofort,VFSJhPH\" target=\"_blank\" rel=\"noopener\"><strong>Entram em vigor regras de pre\u00e7os para o reabastecimento de combust\u00edvel<\/strong><\/a>. A partir das 12h00, as esta\u00e7\u00f5es de servi\u00e7o s\u00f3 podem ajustar os pre\u00e7os uma vez por dia.<\/p>\n<hr \/>\n<h2>Um tema que est\u00e1 constantemente presente - e que, no entanto, permanece pouco claro<\/h2>\n<p>H\u00e1 anos que os pre\u00e7os da energia s\u00e3o um tema constante. Nas not\u00edcias, nos debates pol\u00edticos, nas conversas quotidianas. No entanto, muitas pessoas ficam com uma sensa\u00e7\u00e3o vaga: ouvem muito, mas percebem pouco. As explica\u00e7\u00f5es parecem muitas vezes contradit\u00f3rias ou incompletas. Por vezes fala-se de crises globais, outras vezes de decis\u00f5es pol\u00edticas, outras vezes de empresas ou poderes externos.<\/p>\n<p>No entanto, o tema raramente \u00e9 explicado de forma sistem\u00e1tica. N\u00e3o se trata de uma coincid\u00eancia. Os pre\u00e7os da energia n\u00e3o s\u00e3o um acontecimento isolado, mas o resultado de longos desenvolvimentos que se foram acumulando ao longo de d\u00e9cadas. Se olharmos apenas para o pre\u00e7o atual, vemos apenas a superf\u00edcie - n\u00e3o a mec\u00e2nica subjacente.<\/p>\n<h3>Porque \u00e9 que as explica\u00e7\u00f5es simples s\u00e3o t\u00e3o tentadoras<\/h3>\n<p>As pessoas procuram causas claras. Isto \u00e9 compreens\u00edvel, especialmente quando se trata de quest\u00f5es que afectam o nosso pr\u00f3prio n\u00edvel de vida ou o nosso futuro econ\u00f3mico. Uma frase como \u201eos pre\u00e7os subiram por causa de X\u201c tem um efeito tranquilizador porque cria ordem. Mas \u00e9 precisamente aqui que reside o problema: estas simplifica\u00e7\u00f5es s\u00e3o quase sempre insuficientes.<\/p>\n<p>Os pre\u00e7os da energia n\u00e3o s\u00e3o causados por um \u00fanico fator, mas sim pela intera\u00e7\u00e3o das regras do mercado, das decis\u00f5es pol\u00edticas, da evolu\u00e7\u00e3o t\u00e9cnica e das decis\u00f5es hist\u00f3ricas. Se olharmos apenas para um fator, n\u00e3o percebemos o panorama geral e rapidamente chegamos a conclus\u00f5es erradas.<\/p>\n<h3>Os pre\u00e7os da energia s\u00e3o um processo, n\u00e3o um momento<\/h3>\n<p>A ideia central deste artigo \u00e9, portanto, simples mas crucial: os pre\u00e7os da energia s\u00e3o o resultado de processos e n\u00e3o de momentos. As decis\u00f5es tomadas h\u00e1 dez, quinze ou vinte anos continuam a ter um impacto atual. Algumas com atraso, outras refor\u00e7adas por novas condi\u00e7\u00f5es de enquadramento.<\/p>\n<p>Isto \u00e9 particularmente verdade para o g\u00e1s, mas tamb\u00e9m para a eletricidade e - de uma forma diferente - para os combust\u00edveis. Se quisermos compreender por que raz\u00e3o a energia \u00e9 atualmente cara, temos de estar preparados para dar um passo atr\u00e1s e compreender a evolu\u00e7\u00e3o passo a passo.<\/p>\n<h3>Porque \u00e9 que este artigo foi escrito<\/h3>\n<p>Por isso mesmo, este artigo n\u00e3o tem por objetivo indignar, acusar ou apresentar simples culpados. O seu objetivo \u00e9 outro: dedicar algum tempo a desvendar como s\u00e3o formados os pre\u00e7os da energia e por que raz\u00e3o evolu\u00edram da forma como os vemos hoje.<\/p>\n<p>N\u00e3o por interesse te\u00f3rico, mas porque a compreens\u00e3o \u00e9 o pr\u00e9-requisito para qualquer discuss\u00e3o significativa - quer se trate de ind\u00fastria, prosperidade, seguran\u00e7a de abastecimento ou decis\u00f5es pol\u00edticas. Ainda n\u00e3o encontrei uma apresenta\u00e7\u00e3o verdadeiramente clara e coerente. Por isso, este texto \u00e9 uma tentativa de o fazer.<\/p>\n<p>Assim, nos cap\u00edtulos seguintes, analisaremos sucessivamente a gasolina, a eletricidade e o g\u00e1s. N\u00e3o ao mesmo tempo, n\u00e3o misturados, mas cada um separadamente - com a necess\u00e1ria dist\u00e2ncia hist\u00f3rica. A hist\u00f3ria do mercado do g\u00e1s, em particular, desempenhar\u00e1 um papel central. Porque, sem ela, \u00e9 dif\u00edcil explicar por que raz\u00e3o os pre\u00e7os da energia s\u00e3o o que s\u00e3o atualmente.<\/p>\n<hr \/>\n<div class='bootstrap-yop yop-poll-mc'>\n\t\t\t\t\t\t\t<div class=\"basic-yop-poll-container\" style=\"background-color:#ffffff; border:0px; border-style:solid; border-color:#000000; border-radius:5px; padding:0px 5px;\" data-id=\"1\" data-temp=\"basic-pretty\" data-skin=\"square\" data-cscheme=\"blue\" data-cap=\"0\" data-access=\"guest\" data-tid=\"\" data-uid=\"821a3a99a151265b861c1dd7e343b804\" data-pid=\"3773\" data-resdet=\"votes-number,percentages\" data-show-results-to=\"guest\" data-show-results-moment=\"after-vote\" data-show-results-only=\"false\" data-show-message=\"true\" data-show-results-as=\"bar\" data-sort-results-by=\"as-defined\" data-sort-results-rule=\"asc\"data-is-ended=\"0\" data-percentages-decimals=\"2\" data-gdpr=\"no\" data-gdpr-sol=\"consent\" data-css=\"\" data-counter=\"0\" data-load-with=\"1\" data-notification-section=\"top\"><div class=\"row\"><div class=\"col-md-12\"><div class=\"basic-inner\"><div class=\"basic-message hide\" style=\"border-left: 10px solid #008000; padding: 0px 10px;\" data-error=\"#ff0000\" data-success=\"#008000\"><p class=\"basic-message-text\" style=\"color:#000000; font-size:14px; font-weight:normal;\"><\/p><\/div><div class=\"basic-overlay hide\"><div class=\"basic-vote-options\"><\/div><div class=\"basic-preloader\"><div class=\"basic-windows8\"><div class=\"basic-wBall basic-wBall_1\"><div class=\"basic-wInnerBall\"><\/div><\/div><div class=\"basic-wBall basic-wBall_2\"><div class=\"basic-wInnerBall\"><\/div><\/div><div class=\"basic-wBall basic-wBall_3\"><div class=\"basic-wInnerBall\"><\/div><\/div><div class=\"basic-wBall basic-wBall_4\"><div class=\"basic-wInnerBall\"><\/div><\/div><div class=\"basic-wBall basic-wBall_5\"><div class=\"basic-wInnerBall\"><\/div><\/div><\/div><\/div><\/div><form class=\"basic-form\" action=\"\"><input type=\"hidden\" name=\"_token\" value=\"f25084482d\" autocomplete=\"off\"><div class=\"basic-elements\"><div class=\"basic-element basic-question basic-question-text-vertical\" data-id=\"1\" data-uid=\"fd0dfd1c39cbebc666597f775a00a510\" data-type=\"question\" data-question-type=\"text\" data-required=\"yes\" data-allow-multiple=\"no\" data-min=\"1\" data-max=\"1\" data-display=\"vertical\" data-colnum=\"\" data-display-others=\"no\" data-others-color=\"\" data-others=\"\" data-others-max-chars=\"0\"><div class=\"basic-question-title\"><h5 style=\"color:#000000; font-size:16px; font-weight:normal; text-align:left;\">Qual \u00e9 a sua confian\u00e7a na pol\u00edtica e nos meios de comunica\u00e7\u00e3o social na Alemanha?<\/h5><\/div><ul class=\"basic-answers\"><li class=\"basic-answer\" style=\"padding:0px 0px;\" data-id=\"1\" data-type=\"text\" data-vn=\"10\" data-color=\"#000000\" data-make-link=\"no\" data-link=\"\"><div class=\"basic-answer-content basic-text-vertical\"><label for=\"answer[1]\" class=\"basic-answer-label\"><input type=\"radio\" id=\"answer[1]\" name=\"answer[1]\" value=\"1\"><span class=\"basic-text\" style=\"color: #000000; font-size: 14px; font-weight: normal;\">Muito elevado - Confio plenamente nos organismos oficiais<\/span><\/label><\/div><\/li><li class=\"basic-answer\" style=\"padding:0px 0px;\" data-id=\"2\" data-type=\"text\" data-vn=\"22\" data-color=\"#000000\" data-make-link=\"no\" data-link=\"\"><div class=\"basic-answer-content basic-text-vertical\"><label for=\"answer[2]\" class=\"basic-answer-label\"><input type=\"radio\" id=\"answer[2]\" name=\"answer[1]\" value=\"2\"><span class=\"basic-text\" style=\"color: #000000; font-size: 14px; font-weight: normal;\">M\u00e9dio - Estou cauteloso, mas n\u00e3o fundamentalmente desconfiado<\/span><\/label><\/div><\/li><li class=\"basic-answer\" style=\"padding:0px 0px;\" data-id=\"3\" data-type=\"text\" data-vn=\"53\" data-color=\"#000000\" data-make-link=\"no\" data-link=\"\"><div class=\"basic-answer-content basic-text-vertical\"><label for=\"answer[3]\" class=\"basic-answer-label\"><input type=\"radio\" id=\"answer[3]\" name=\"answer[1]\" value=\"3\"><span class=\"basic-text\" style=\"color: #000000; font-size: 14px; font-weight: normal;\">Baixo - Eu pr\u00f3prio controlo muitas coisas<\/span><\/label><\/div><\/li><li class=\"basic-answer\" style=\"padding:0px 0px;\" data-id=\"4\" data-type=\"text\" data-vn=\"251\" data-color=\"#000000\" data-make-link=\"no\" data-link=\"\"><div class=\"basic-answer-content basic-text-vertical\"><label for=\"answer[4]\" class=\"basic-answer-label\"><input type=\"radio\" id=\"answer[4]\" name=\"answer[1]\" value=\"4\"><span class=\"basic-text\" style=\"color: #000000; font-size: 14px; font-weight: normal;\">Quase n\u00e3o existe - creio que muita coisa \u00e9 velada ou encenada<\/span><\/label><\/div><\/li><\/ul><\/div><div class=\"clearfix\"><\/div><\/div><div class=\"basic-vote\"><a href=\"#\" class=\"button basic-vote-button\" role=\"button\" style=\"background:#027bb8; border:0px; border-style: solid; border-color:#1636f0; border-radius:5px; padding:10px 10px; color:#ffffff; font-size:14px; font-weight:normal;\">Vota\u00e7\u00e3o<\/a><\/div><input type=\"hidden\" name=\"trp-form-language\" value=\"pt\"\/><\/form><\/div><\/div><\/div><\/div>\n\t\t\t\t\t\t<\/div>\n<hr \/>\n<h2>Porque \u00e9 que o pre\u00e7o na bomba de gasolina tem pouco a ver com o petr\u00f3leo<\/h2>\n<p>Quando se fala de \u201epre\u00e7os elevados da energia\u201c, muitos pensam primeiro no pre\u00e7o da gasolina. \u00c9 compreens\u00edvel: \u00e9 vis\u00edvel, est\u00e1 presente todos os dias e est\u00e1 escrito em letras grandes no painel de pre\u00e7os. No entanto, esta visibilidade leva muitas vezes a um mal-entendido: o pre\u00e7o na bomba de gasolina \u00e9 apenas em parte o pre\u00e7o do petr\u00f3leo bruto. Uma grande parte \u00e9 algo completamente diferente - nomeadamente uma componente do pre\u00e7o fixada politicamente.<\/p>\n<p>O petr\u00f3leo bruto \u00e9 a mat\u00e9ria-prima, mas existem v\u00e1rias fases entre o \u201epetr\u00f3leo no solo\u201c e a \u201egasolina no dep\u00f3sito\u201c: Extra\u00e7\u00e3o, transporte, refinaria, armazenamento, distribui\u00e7\u00e3o. E depois - muitas vezes de forma surpreendente para muitos - vem o maior obst\u00e1culo: impostos e taxas. Se quisermos compreender os pre\u00e7os da gasolina, temos de olhar menos para o pre\u00e7o do petr\u00f3leo e mais para a quest\u00e3o: O que \u00e9 cobrado a mais por litro - e porqu\u00ea?<\/p>\n<h3>A parte dos impostos: historicamente crescente, politicamente desejada<\/h3>\n<p>Num litro de gasolina ou gas\u00f3leo, v\u00e1rias camadas actuam umas sobre as outras - e isto n\u00e3o \u00e9 uma coincid\u00eancia, mas tem vindo a aumentar ao longo de d\u00e9cadas.<\/p>\n<ul>\n<li><strong>Em primeiro lugar, um imposto especial de consumo fixo por litro.\u00a0<\/strong>Este imposto n\u00e3o \u00e9 uma percentagem, mas \u00e9 cobrado por litro. Este \u00e9 um ponto crucial: mesmo que o pre\u00e7o do petr\u00f3leo bruto des\u00e7a acentuadamente, esta percentagem fixa mant\u00e9m-se constante - o pre\u00e7o desce, mas n\u00e3o na medida em que muitos esperariam.<\/li>\n<li><strong>Em segundo lugar, IVA sobre tudo.<\/strong> E aqui entra um efeito de que muitas pessoas n\u00e3o se apercebem intuitivamente: O IVA n\u00e3o incide apenas sobre a \u201egasolina em si\u201c, mas tamb\u00e9m sobre os impostos j\u00e1 inclu\u00eddos. Por outras palavras, os impostos s\u00e3o novamente tributados, por assim dizer. Parece t\u00e9cnico, mas \u00e9 uma parte real da l\u00f3gica de pre\u00e7os.<\/li>\n<li><strong>Em terceiro lugar, a fixa\u00e7\u00e3o do pre\u00e7o do CO\u2082 e as componentes clim\u00e1ticas.<\/strong> Nos \u00faltimos anos, foi tamb\u00e9m acrescentada uma componente CO\u2082. Independentemente da forma como se avalia isto: em termos de pre\u00e7o, parece uma sobretaxa adicional, politicamente definida, sobre os combust\u00edveis f\u00f3sseis. Por isso, quem acredita que a gasolina \u201eficou mais cara porque o petr\u00f3leo ficou mais caro\u201c est\u00e1 a ignorar o facto de que parte do movimento resulta simplesmente desses mecanismos.<\/li>\n<\/ul>\n<p>O resultado final \u00e9 que uma grande parte do pre\u00e7o da gasolina n\u00e3o \u00e9 decidida no mercado mundial, mas sim no Jornal Oficial. Este facto torna o pre\u00e7o da gasolina mais est\u00e1vel face \u00e0s flutua\u00e7\u00f5es do pre\u00e7o do petr\u00f3leo a curto prazo - mas tamb\u00e9m permanentemente elevado.<\/p>\n<h3>Porque \u00e9 que os pre\u00e7os da gasolina s\u00e3o t\u00e3o emotivos<\/h3>\n<p>Os pre\u00e7os da gasolina desencadeiam emo\u00e7\u00f5es como quase nenhum outro pre\u00e7o. Este facto n\u00e3o se deve apenas ao pre\u00e7o, mas tamb\u00e9m \u00e0 psicologia.<\/p>\n<ul>\n<li>O combust\u00edvel \u00e9 um <strong>\u201epre\u00e7o \u201cvis\u00edvel<\/strong>. V\u00ea-se na rua. Sente-se imediatamente quando se paga.<\/li>\n<li>O combust\u00edvel \u00e9 um <strong>Pre\u00e7o obrigat\u00f3rio<\/strong>. As pessoas que se deslocam para o trabalho n\u00e3o t\u00eam muitas vezes outra alternativa. Este facto gera press\u00e3o.<\/li>\n<li>O combust\u00edvel actua como um <strong>Bar\u00f3metro da justi\u00e7a<\/strong>. Muitos sentem: \u201eJ\u00e1 estou a pagar o suficiente - porque \u00e9 que est\u00e1 a aumentar cada vez mais?\u201c<\/li>\n<\/ul>\n<p>E \u00e9 precisamente aqui que surge o pr\u00f3ximo erro de pensamento: as pessoas procuram um culpado no mercado de mercadorias ou nas \u201eempresas\u201c, embora uma parte significativa do pre\u00e7o seja constitu\u00edda por uma longa cadeia de decis\u00f5es governamentais e de l\u00f3gica fiscal. Isto n\u00e3o significa que as empresas n\u00e3o tenham um papel a desempenhar - mas o ponto-chave \u00e9 que, se quisermos compreender o pre\u00e7o da gasolina, temos primeiro de compreender a estrutura fiscal.<\/p>\n<h3>A mnem\u00f3nica pr\u00e1tica para os leitores<\/h3>\n<p>Se s\u00f3 quiser guardar uma frase deste cap\u00edtulo, ent\u00e3o esta:<\/p>\n<blockquote><p><em>O pre\u00e7o da gasolina \u00e9 menos um \u201epre\u00e7o do petr\u00f3leo\u201c do que um \u201epre\u00e7o dos impostos com uma componente petrol\u00edfera\u201c.<\/em><\/p><\/blockquote>\n<p>\u00c9 por isso que o tema \u00e9 t\u00e3o politicamente carregado - e por isso \u00e9 frequentemente explicado de forma incorrecta.<\/p>\n<h3>Pre\u00e7os da gasolina no contexto da transi\u00e7\u00e3o dos transportes<\/h3>\n<p>Os actuais n\u00edveis de pre\u00e7os da gasolina s\u00e3o mais do que um mero fen\u00f3meno de mercado a curto prazo: s\u00e3o um reflexo dos muitos desafios estruturais que a mobilidade na Alemanha enfrenta. Isto aplica-se n\u00e3o s\u00f3 ao pre\u00e7o na bomba, mas tamb\u00e9m \u00e0 quest\u00e3o geral de como a mobilidade pode ser organizada num mundo com recursos mais escassos, objectivos clim\u00e1ticos ambiciosos e mercados energ\u00e9ticos geopoliticamente inst\u00e1veis.<\/p>\n<p>Tendo isto em mente, vale a pena concentrarmo-nos em formas alternativas de propuls\u00e3o - n\u00e3o como uma quest\u00e3o de cren\u00e7a ideol\u00f3gica, mas como um complemento realista e uma dissocia\u00e7\u00e3o da volatilidade dos pre\u00e7os das mat\u00e9rias-primas. \u00c9 exatamente disso que trata o artigo <a href=\"https:\/\/www.markus-schall.de\/pt\/2026\/01\/automovel-eletrico-hibrido-e-scooter-electrica-uma-visao-realista-para-alem-da-ideologia\/\"><em><strong>\u201eAutom\u00f3vel el\u00e9trico, h\u00edbrido e trotinete el\u00e9ctrica - uma vis\u00e3o realista para al\u00e9m da ideologia\u201c<\/strong><\/em><\/a>. As oportunidades e as limita\u00e7\u00f5es da electromobilidade s\u00e3o analisadas de forma s\u00f3bria - por exemplo, em que \u00e1reas de aplica\u00e7\u00e3o os motores el\u00e9ctricos fazem sentido do ponto de vista econ\u00f3mico e em que \u00e1reas ainda se deparam com obst\u00e1culos infra-estruturais ou tecnol\u00f3gicos.<\/p>\n<p>Especialmente num contexto de pre\u00e7os elevados da gasolina, \u00e9 evidente que um panorama de mobilidade diversificado pode ajudar a amortecer os choques de pre\u00e7os, reduzir as depend\u00eancias e dar aos consumidores maior liberdade de escolha a longo prazo - independentemente de se tratar de desloca\u00e7\u00f5es di\u00e1rias, viagens em fam\u00edlia ou viagens urbanas curtas.<\/p>\n<h3>Componentes dos pre\u00e7os da gasolina e do gas\u00f3leo<\/h3>\n<div style=\"overflow-x: auto; -webkit-overflow-scrolling: touch;\">\n<table class=\"telco\">\n<thead>\n<tr style=\"background: #f2f2f2;\">\n<th style=\"text-align: left;\">M\u00f3dulo de pre\u00e7os<\/th>\n<th style=\"text-align: left;\">O que \u00e9 que est\u00e1 por detr\u00e1s disto?<\/th>\n<th style=\"text-align: left;\">Porque \u00e9 que isto \u00e9 relevante para o pre\u00e7o final?<\/th>\n<\/tr>\n<\/thead>\n<tbody>\n<tr>\n<td><strong>Mercado do petr\u00f3leo bruto e dos produtos<\/strong><\/td>\n<td>Pre\u00e7o do petr\u00f3leo bruto no mercado mundial, oferta\/procura, taxa de c\u00e2mbio<\/td>\n<td>Faz variar o pre\u00e7o, mas \u00e9 apenas uma parte da fatura global.<\/td>\n<\/tr>\n<tr>\n<td><strong>Refinaria e log\u00edstica<\/strong><\/td>\n<td>Transforma\u00e7\u00e3o em gasolina\/diesel, transporte, armazenamento<\/td>\n<td>Bloco de custos relativamente est\u00e1vel, mas que pode aumentar em caso de estrangulamento.<\/td>\n<\/tr>\n<tr>\n<td><strong>Com\u00e9rcio e distribui\u00e7\u00e3o<\/strong><\/td>\n<td>Com\u00e9rcio grossista, opera\u00e7\u00f5es de esta\u00e7\u00f5es de servi\u00e7o, margem<\/td>\n<td>Flutua, mas normalmente n\u00e3o \u00e9 o principal fator em compara\u00e7\u00e3o com os impostos.<\/td>\n<\/tr>\n<tr>\n<td><strong>Imposto sobre a energia (por litro)<\/strong><\/td>\n<td>Montante fixo do imposto por litro (n\u00e3o em percentagem)<\/td>\n<td>Mant\u00e9m-se elevado mesmo que o petr\u00f3leo bruto se torne mais barato - \u201ebase\u201c no pre\u00e7o por litro.<\/td>\n<\/tr>\n<tr>\n<td><strong>Pre\u00e7o do CO\u2082 (combust\u00edvel CO\u2082)<\/strong><\/td>\n<td>Sobretaxa politicamente fixada para o pre\u00e7o do CO\u2082<\/td>\n<td>Actua como um aumento adicional e programado dos custos.<\/td>\n<\/tr>\n<tr>\n<td><strong>Imposto sobre o valor acrescentado<\/strong><\/td>\n<td>19% sobre o montante total (incluindo outros encargos)<\/td>\n<td>Aumenta o pre\u00e7o final como uma percentagem - aumenta automaticamente quando as outras ac\u00e7\u00f5es aumentam.<\/td>\n<\/tr>\n<tr>\n<td style=\"background: #f2f2f2;\"><strong>Mnem\u00f3nica<\/strong><\/td>\n<td style=\"background: #f2f2f2;\" colspan=\"2\"><strong>A gasolina \u00e9 frequentemente menos \u201epre\u00e7o do petr\u00f3leo\u201c do que \u201epre\u00e7o do imposto com teor de petr\u00f3leo\u201c.<\/strong><\/td>\n<\/tr>\n<\/tbody>\n<\/table>\n<\/div>\n<h2>Eletricidade: como a energia barata se tornou um sistema de pre\u00e7os complexo<\/h2>\n<p>Durante d\u00e9cadas, a eletricidade era algo que dificilmente era questionado na vida quotidiana. Sa\u00eda da tomada, era fi\u00e1vel e - tendo em conta a sua import\u00e2ncia - era relativamente barata. A l\u00f3gica subjacente era simples: existiam grandes centrais el\u00e9ctricas, havia estruturas de abastecimento claras e o pre\u00e7o seguia essencialmente os custos de produ\u00e7\u00e3o e de funcionamento da rede.<\/p>\n<p>Atualmente, as coisas s\u00e3o diferentes. A eletricidade tornou-se visivelmente mais cara em muitos lares e, para as empresas, \u00e9 muitas vezes um verdadeiro fator de localiza\u00e7\u00e3o. O ponto-chave aqui \u00e9 que a eletricidade n\u00e3o se tornou simplesmente \u201emais cara\u201c, mas sim que o pre\u00e7o da eletricidade tem vindo a ser decomposto em cada vez mais componentes ao longo do tempo. \u00c9 precisamente este facto que torna o pre\u00e7o da eletricidade t\u00e3o dif\u00edcil de compreender para muitas pessoas.<\/p>\n<h3>O pre\u00e7o da eletricidade hoje: tr\u00eas componentes<\/h3>\n<p>Quando se olha para uma fatura de eletricidade, normalmente n\u00e3o se v\u00ea \u201eum pre\u00e7o\u201c, mas sim um sistema. Torna-se compreens\u00edvel se o dividirmos em tr\u00eas blocos:<\/p>\n<ol>\n<li><strong>Aprovisionamento e distribui\u00e7\u00e3o<\/strong>Esta \u00e9 a parte que mais se aproxima do que muitas pessoas entendem por \u201epre\u00e7o da eletricidade\u201c: a compra efectiva de energia no mercado mais os custos do fornecedor com o servi\u00e7o ao cliente, a fatura\u00e7\u00e3o, a prote\u00e7\u00e3o contra riscos e a margem.<\/li>\n<li><strong>Tarifas de rede<\/strong>A eletricidade tem de ser transportada - atrav\u00e9s de uma rede que tem de permanecer est\u00e1vel, independentemente de se produzir muita ou pouca eletricidade. As tarifas de rede s\u00e3o essencialmente as taxas relativas a esta infraestrutura: explora\u00e7\u00e3o, manuten\u00e7\u00e3o, expans\u00e3o, tecnologia de controlo. Esta quota n\u00e3o \u00e9 \u201elivremente negoci\u00e1vel\u201c, mas regulada e estruturalmente determinada.<\/li>\n<li><strong>Impostos, direitos e taxas<\/strong>Para muitos leitores, este \u00e9 o momento da descoberta: uma parte significativa do pre\u00e7o da eletricidade \u00e9 uma sobretaxa politicamente definida. Esta inclui impostos (como o imposto sobre a eletricidade) e v\u00e1rias taxas que foram criadas ao longo dos anos - muitas vezes com o objetivo de financiar ou orientar determinados sistemas.<\/li>\n<\/ol>\n<p>Esta divis\u00e3o tripartida \u00e9 importante porque mostra que, mesmo que o pre\u00e7o da energia pura des\u00e7a, o pre\u00e7o da eletricidade pode manter-se elevado se as taxas e encargos da rede aumentarem ou se mantiverem a um n\u00edvel est\u00e1vel.<\/p>\n<h3>Transi\u00e7\u00e3o energ\u00e9tica e expans\u00e3o da rede<\/h3>\n<p>Um dos principais factores de custo reside numa frase que pode ser formulada de forma muito simples: A produ\u00e7\u00e3o descentralizada necessita de uma rede diferente da produ\u00e7\u00e3o centralizada. No passado, a eletricidade provinha principalmente de algumas grandes centrais el\u00e9ctricas e chegava ao consumidor de uma forma relativamente concentrada. Atualmente, uma propor\u00e7\u00e3o crescente prov\u00e9m de muitas fontes: Parques e\u00f3licos, pain\u00e9is solares, sistemas em telhados, biomassa - distribu\u00eddos por todo o pa\u00eds e em fun\u00e7\u00e3o das condi\u00e7\u00f5es climat\u00e9ricas e da hora do dia. Isto \u00e9 tecnicamente vi\u00e1vel, mas altera as fun\u00e7\u00f5es da rede:<\/p>\n<ul>\n<li>A eletricidade tem de ser mais desviada.<\/li>\n<li>As flutua\u00e7\u00f5es devem ser compensadas.<\/li>\n<li>As redes t\u00eam de ser expandidas para que a eletricidade chegue do local onde \u00e9 produzida ao local onde \u00e9 necess\u00e1ria.<\/li>\n<\/ul>\n<p>Tudo isto custa dinheiro - n\u00e3o apenas uma vez, mas permanentemente. E estes custos acabam por se refletir nas tarifas da rede e no pre\u00e7o do sistema. Esta \u00e9 uma das raz\u00f5es pelas quais a eletricidade na Alemanha parece muitas vezes mais cara do que em pa\u00edses com uma estrutura diferente.<\/p>\n<div class=\"lyte-wrapper\" style=\"width:640px;max-width:100%;margin:5px;\"><div class=\"lyMe\" id=\"WYL_kfrIFeXdoW0\"><div id=\"lyte_kfrIFeXdoW0\" data-src=\"https:\/\/www.markus-schall.de\/wp-content\/plugins\/wp-youtube-lyte\/lyteCache.php?origThumbUrl=%2F%2Fi.ytimg.com%2Fvi%2FkfrIFeXdoW0%2Fhqdefault.jpg\" class=\"pL\"><div class=\"tC\"><div class=\"tT\"><\/div><\/div><div class=\"play\"><\/div><div class=\"ctrl\"><div class=\"Lctrl\"><\/div><div class=\"Rctrl\"><\/div><\/div><\/div><noscript><a href=\"https:\/\/youtu.be\/kfrIFeXdoW0\" rel=\"nofollow noopener\" target=\"_blank\"><img loading=\"lazy\" decoding=\"async\" src=\"https:\/\/www.markus-schall.de\/wp-content\/plugins\/wp-youtube-lyte\/lyteCache.php?origThumbUrl=https%3A%2F%2Fi.ytimg.com%2Fvi%2FkfrIFeXdoW0%2F0.jpg\" alt=\"Miniatura de v\u00eddeo do YouTube\" width=\"640\" height=\"340\" \/><br \/>Ver este v\u00eddeo no YouTube<\/a><\/noscript><\/div><\/div><div class=\"lL\" style=\"max-width:100%;width:640px;margin:5px;\"><\/div><br \/>\nPorque \u00e9 que a eletricidade \u00e9 t\u00e3o cara na Alemanha - WISO <a href=\"https:\/\/www.youtube.com\/@ZDFheute\" target=\"_blank\" rel=\"noopener\">ZDFtoday<\/a><\/p>\n<h3>Porque \u00e9 que os pre\u00e7os do g\u00e1s tamb\u00e9m influenciam o pre\u00e7o da eletricidade<\/h3>\n<p>Aqui est\u00e1 uma liga\u00e7\u00e3o que muitas pessoas n\u00e3o se apercebem, mas que \u00e9 extremamente importante - especialmente para compreender os \u00faltimos anos. O pre\u00e7o da eletricidade \u00e9 frequentemente fixado nos mercados de tal forma que a central el\u00e9ctrica mais cara que ainda \u00e9 necess\u00e1ria estabelece o pre\u00e7o para todos. Isto parece il\u00f3gico \u00e0 primeira vista, mas tem uma origem simples: \u00e9 necess\u00e1ria uma regra de pre\u00e7o para determinar qual a central el\u00e9ctrica que entrar\u00e1 em funcionamento quando a procura for elevada. Na pr\u00e1tica, isto significa frequentemente<\/p>\n<p>Quando o vento e o sol fornecem pouca energia, entram em a\u00e7\u00e3o as centrais el\u00e9ctricas control\u00e1veis. Estas s\u00e3o frequentemente centrais el\u00e9ctricas a g\u00e1s. Quando o g\u00e1s \u00e9 caro, a \u201e\u00faltima central necess\u00e1ria\u201c torna-se cara - e isso aumenta o pre\u00e7o global da eletricidade. Este \u00e9 o ponto de encontro entre a eletricidade e o g\u00e1s: O g\u00e1s caro pode gerar eletricidade cara - mesmo que parte da eletricidade provenha de fontes baratas.<\/p>\n<p>E isto d\u00e1 muitas vezes ao leitor uma sensa\u00e7\u00e3o de absurdo: \u201ePorque \u00e9 que estou a pagar tanto pela eletricidade quando h\u00e1 turbinas e\u00f3licas e pain\u00e9is solares?\u201c A resposta \u00e9: porque o pre\u00e7o da eletricidade n\u00e3o reflecte apenas a fonte mais barata, mas todo o sistema - incluindo a reserva que \u00e9 necess\u00e1ria quando as fontes baratas n\u00e3o funcionam.<\/p>\n<h3>Porque \u00e9 que a eletricidade funciona hoje como um \u201epre\u00e7o do sistema\u201c?<\/h3>\n<p>Se resumirmos tudo, a eletricidade n\u00e3o \u00e9 apenas energia, mas um sistema completo:<\/p>\n<ul>\n<li>Gera\u00e7\u00e3o,<\/li>\n<li>Transporte,<\/li>\n<li>Estabiliza\u00e7\u00e3o,<\/li>\n<li>impostos fixados politicamente,<\/li>\n<li>e conce\u00e7\u00e3o do mercado.<\/li>\n<\/ul>\n<p>\u00c9 por isso que o pre\u00e7o da eletricidade parece \u201ecaseiro\u201c para muitos. N\u00e3o no sentido de uma simples quest\u00e3o de culpa, mas porque uma grande parte do pre\u00e7o resulta de regras e estruturas que as pr\u00f3prias pessoas criaram: atrav\u00e9s de decis\u00f5es de expans\u00e3o, mecanismos de subs\u00eddios, regula\u00e7\u00e3o da rede, componentes fiscais e modelos de mercado.<\/p>\n<p>Isto faz da eletricidade a transi\u00e7\u00e3o perfeita para o tema do g\u00e1s. Com o g\u00e1s, podemos ver ainda mais claramente at\u00e9 que ponto as regras de mercado e as condi\u00e7\u00f5es de enquadramento pol\u00edtico podem influenciar os pre\u00e7os - e qu\u00e3o longa \u00e9 a hist\u00f3ria.<\/p>\n<h3>Um bloco de constru\u00e7\u00e3o esquecido: porque \u00e9 que a energia nuclear quase nunca \u00e9 mencionada no debate<\/h3>\n<p>O que impressiona na pol\u00edtica energ\u00e9tica da Alemanha nos \u00faltimos anos n\u00e3o \u00e9 apenas o que foi feito, mas tamb\u00e9m o que quase n\u00e3o se fala. Enquanto outros pa\u00edses alargaram os seus sistemas energ\u00e9ticos, a Alemanha abandonou quase completamente a energia nuclear no decurso da transi\u00e7\u00e3o energ\u00e9tica - independentemente da evolu\u00e7\u00e3o da tecnologia e dos conceitos de seguran\u00e7a.<\/p>\n<p>Este facto \u00e9 not\u00e1vel, uma vez que a Alemanha \u00e9 tamb\u00e9m um pa\u00eds com uma elevada densidade populacional, uma grande propor\u00e7\u00e3o de ind\u00fastria e necessidades energ\u00e9ticas permanentemente elevadas. \u00c9 precisamente nestas condi\u00e7\u00f5es que uma fonte de energia com capacidade de carga de base e independente das condi\u00e7\u00f5es climat\u00e9ricas seria, de facto, particularmente valiosa.<\/p>\n<h3>Impasse t\u00e9cnico - ou pol\u00edtico?<\/h3>\n<p>Na perce\u00e7\u00e3o do p\u00fablico, a energia nuclear parece muitas vezes um cap\u00edtulo encerrado. Na realidade, por\u00e9m, a tecnologia evoluiu. Os conceitos modernos de reactores j\u00e1 n\u00e3o s\u00e3o compar\u00e1veis \u00e0s centrais que caracterizaram a imagem da energia nuclear durante d\u00e9cadas. Atualmente, existem tipos de reactores que:<\/p>\n<ul>\n<li>apresentam riscos significativamente mais baixos,<\/li>\n<li>s\u00e3o concebidos para serem passivamente seguros,<\/li>\n<li>e, sobretudo, poder fazer uma coisa que raramente \u00e9 mencionada no discurso alem\u00e3o: reutilizar os res\u00edduos nucleares existentes como combust\u00edvel.<\/li>\n<\/ul>\n<p>Este \u00e9 um ponto que dificilmente pode ser ignorado de forma objetiva. H\u00e1 d\u00e9cadas que a Alemanha tem vindo a discutir os dep\u00f3sitos definitivos, as instala\u00e7\u00f5es de armazenamento provis\u00f3rio e os riscos. Ao mesmo tempo, j\u00e1 existem res\u00edduos nucleares armazenados que precisam de ser protegidos, monitorizados e geridos para as gera\u00e7\u00f5es vindouras. Trata-se de uma tarefa dispendiosa, politicamente sens\u00edvel e tecnicamente dif\u00edcil.<\/p>\n<p>No entanto, se existem tecnologias com as quais uma parte deste material pode ser utilizada de forma energ\u00e9tica e, ao mesmo tempo, reduzida, surge inevitavelmente uma quest\u00e3o s\u00f3bria:<\/p>\n<blockquote><p><em>Porque \u00e9 que esta op\u00e7\u00e3o nem sequer est\u00e1 a ser seriamente considerada?<\/em><\/p><\/blockquote>\n<p>Porque a ideia \u00e9 impressionantemente simples:<\/p>\n<ul>\n<li>N\u00e3o seria necess\u00e1rio adquirir praticamente nenhum combust\u00edvel novo durante d\u00e9cadas.<\/li>\n<li>Um problema de elimina\u00e7\u00e3o existente seria minimizado.<\/li>\n<li>E ter\u00edamos uma fonte de energia est\u00e1vel e com baixo teor de CO\u2082 no sistema.<\/li>\n<\/ul>\n<p>Tr\u00eas problemas resolvidos de uma s\u00f3 vez - pelo menos tecnicamente.<\/p>\n<h3>N\u00e3o \u00e9 uma exig\u00eancia, mas um espa\u00e7o em branco<\/h3>\n<p>N\u00e3o se trata de idealizar a energia nuclear ou de minimizar os riscos. Todas as tecnologias t\u00eam efeitos secund\u00e1rios e todas as decis\u00f5es t\u00eam custos. Mas \u00e9 precisamente por isso que \u00e9 surpreendente a forma como esta op\u00e7\u00e3o \u00e9 sistematicamente deixada de fora do debate alem\u00e3o.<\/p>\n<p>Num pa\u00eds que discute simultaneamente os elevados pre\u00e7os da energia, a desindustrializa\u00e7\u00e3o e a seguran\u00e7a do aprovisionamento, seria l\u00f3gico comparar sobriamente todas as op\u00e7\u00f5es dispon\u00edveis - em vez de excluir quest\u00f5es individuais logo \u00e0 partida.<br \/>\nO facto de isso quase n\u00e3o ter acontecido at\u00e9 agora deixa, pelo menos, a impress\u00e3o de que a decis\u00e3o neste caso n\u00e3o foi apenas t\u00e9cnica, mas sobretudo pol\u00edtica.<\/p>\n<h3>Componentes do pre\u00e7o e factores que influenciam a eletricidade<\/h3>\n<div style=\"overflow-x: auto; -webkit-overflow-scrolling: touch; margin-top: 18px;\">\n<table class=\"telco\" style=\"border-collapse: collapse; width: 100%;\">\n<thead>\n<tr style=\"background: #f2f2f2;\">\n<th style=\"text-align: left;\">Bloco de constru\u00e7\u00e3o<\/th>\n<th style=\"text-align: left;\">Conte\u00fado t\u00edpico<\/th>\n<th style=\"text-align: left;\">O que \u00e9 que faz com que esta propor\u00e7\u00e3o aumente\/diminua?<\/th>\n<th style=\"text-align: left;\">Nota pr\u00e1tica<\/th>\n<\/tr>\n<\/thead>\n<tbody>\n<tr>\n<td><strong>Aprovisionamento e vendas<\/strong><\/td>\n<td>Pre\u00e7os de c\u00e2mbio\/grossistas, cobertura de riscos, custos de distribui\u00e7\u00e3o, margem<\/td>\n<td>Pre\u00e7os de mercado, crises\/expectativas, condi\u00e7\u00f5es climat\u00e9ricas, disponibilidade de centrais el\u00e9ctricas<\/td>\n<td>A sele\u00e7\u00e3o de tarifas tem o efeito mais forte neste caso (pre\u00e7o da m\u00e3o de obra), mas n\u00e3o \u00e9 o \u00fanico.<\/td>\n<\/tr>\n<tr>\n<td><strong>Tarifas de rede<\/strong><\/td>\n<td>Transporte, manuten\u00e7\u00e3o, expans\u00e3o, estabilidade do sistema<\/td>\n<td>Expans\u00e3o da rede, moderniza\u00e7\u00e3o, estrutura regional, requisitos regulamentares<\/td>\n<td>Em grande parte \u201efixas\u201c para os clientes finais; dificilmente podem ser influenciadas diretamente.<\/td>\n<\/tr>\n<tr>\n<td><strong>Impostos<\/strong><\/td>\n<td>z. p. ex., imposto sobre a eletricidade, imposto sobre o valor acrescentado<\/td>\n<td>Altera\u00e7\u00f5es jur\u00eddicas, pol\u00edtica fiscal<\/td>\n<td>Politicamente definido - n\u00e3o negoci\u00e1vel.<\/td>\n<\/tr>\n<tr>\n<td><strong>Impostos e taxas<\/strong><\/td>\n<td>Financiamento do sistema (consoante a conce\u00e7\u00e3o\/per\u00edodo)<\/td>\n<td>Mecanismos de financiamento, modelos de perequa\u00e7\u00e3o, custos do sistema<\/td>\n<td>Custos estruturais: este bloco continua a ser relevante mesmo que o pre\u00e7o de troca des\u00e7a.<\/td>\n<\/tr>\n<tr>\n<td><strong>Efeito da ordem de m\u00e9rito (l\u00f3gica do sistema)<\/strong><\/td>\n<td>O pre\u00e7o baseia-se frequentemente na central el\u00e9ctrica mais cara ainda necess\u00e1ria<\/td>\n<td>Quando as centrais el\u00e9ctricas a g\u00e1s\/reserva s\u00e3o caras, o pre\u00e7o global da eletricidade aumenta frequentemente<\/td>\n<td>Explica porque \u00e9 que energias renov\u00e1veis baratas n\u00e3o significam automaticamente \u201epre\u00e7o final barato\u201c.<\/td>\n<\/tr>\n<tr>\n<td style=\"background: #f2f2f2;\"><strong>Mnem\u00f3nica<\/strong><\/td>\n<td style=\"background: #f2f2f2;\" colspan=\"3\"><strong>A eletricidade \u00e9 frequentemente um pre\u00e7o de sistema: produ\u00e7\u00e3o + rede + controlo + reserva.<\/strong><\/td>\n<\/tr>\n<\/tbody>\n<\/table>\n<\/div>\n<h2>G\u00e1s: como um mercado est\u00e1vel se tornou gradualmente num fator de pre\u00e7os<\/h2>\n<p>Quem olha para os pre\u00e7os da gasolina hoje em dia, muitas vezes s\u00f3 v\u00ea o pre\u00e7o atual - e pensa automaticamente nos \u00faltimos anos de crise. Mas a hist\u00f3ria come\u00e7a muito antes e come\u00e7a de forma surpreendentemente pouco espetacular: durante muito tempo, o g\u00e1s foi um produto de planeamento. N\u00e3o se tratava de \u201enegociar\u201c o pre\u00e7o mais barato diariamente, mas sim de um abastecimento fi\u00e1vel - ao longo de d\u00e9cadas.<\/p>\n<p>Nas d\u00e9cadas de 1980 e 1990, a l\u00f3gica na Europa era relativamente clara: o g\u00e1s vinha das regi\u00f5es produtoras atrav\u00e9s de gasodutos, era adquirido por grandes importadores e distribu\u00eddo atrav\u00e9s de redes nacionais. Os sistemas de pre\u00e7os foram constru\u00eddos de forma a permitir a realiza\u00e7\u00e3o de investimentos a longo prazo: em tecnologia de produ\u00e7\u00e3o, gasodutos, instala\u00e7\u00f5es de armazenamento e redes. Estas infra-estruturas s\u00e3o dispendiosas e s\u00f3 compensam se houver seguran\u00e7a a longo prazo. Foi precisamente por isso que o mercado se baseou em contratos de fornecimento a longo prazo, frequentemente com prazos de 15 a 25 anos.<\/p>\n<p>Um pormenor importante: muitos destes contratos estavam ligados a produtos petrol\u00edferos. N\u00e3o porque o g\u00e1s fosse \u201eefetivamente petr\u00f3leo\u201c, mas porque os produtos petrol\u00edferos serviam de refer\u00eancia internacional. Isso trazia uma certa estabilidade. O pre\u00e7o flutuava, mas normalmente de forma mais lenta, mais previs\u00edvel e, sobretudo, n\u00e3o no estilo nervoso do \u201ehoje assim, amanh\u00e3 assim\u201c, conhecido dos mercados bolsistas.<\/p>\n<p>Pode dizer-se muito simplesmente: o g\u00e1s era o abastecimento. E o abastecimento significa: a fiabilidade vence a otimiza\u00e7\u00e3o.<\/p>\n<h3>Liberaliza\u00e7\u00e3o: a oferta torna-se concorr\u00eancia<\/h3>\n<p>Depois, o esp\u00edrito dos tempos mudou. A partir do final da d\u00e9cada de 1990, a Europa passou a perseguir cada vez mais o objetivo de abrir os mercados da energia. \u00c0 partida, a ideia subjacente parece plaus\u00edvel: a concorr\u00eancia deveria baixar os pre\u00e7os e promover a inova\u00e7\u00e3o. E, em alguns dom\u00ednios, isso pode ser verdade. No entanto, a situa\u00e7\u00e3o do g\u00e1s \u00e9 especial porque o g\u00e1s n\u00e3o \u00e9 simplesmente uma \u201emercadoria\u201c, mas um produto de infra-estruturas: sem redes e cadeias de abastecimento, n\u00e3o h\u00e1 mercado. Com a liberaliza\u00e7\u00e3o da UE, foi posto em marcha um processo gradual:<\/p>\n<ul>\n<li>O mercado deve ser aberto a novos fornecedores.<\/li>\n<li>As redes n\u00e3o devem continuar a funcionar como a \u201erede dom\u00e9stica\u201c de um \u00fanico fornecedor.<\/li>\n<li>Teoricamente, os clientes deveriam poder mudar de fornecedor.<\/li>\n<li>O transporte atrav\u00e9s de redes de condutas deve ser normalizado e acess\u00edvel a terceiros.<\/li>\n<\/ul>\n<p>Esta evolu\u00e7\u00e3o n\u00e3o se fez de um dia para o outro, mas em v\u00e1rias fases e orienta\u00e7\u00f5es. Os pormenores jur\u00eddicos s\u00e3o menos importantes do que o efeito de base: o g\u00e1s foi cada vez mais tratado como se pudesse ser organizado atrav\u00e9s de mercados, como qualquer outra mercadoria. E isto alterou a l\u00f3gica:<\/p>\n<ul>\n<li>No passado: planeamento a longo prazo, entrega a longo prazo.<\/li>\n<li>Mais tarde: atuar a curto prazo, obter a curto prazo.<\/li>\n<\/ul>\n<h3>A mudan\u00e7a decisiva: do g\u00e1s contratual para o g\u00e1s de mercado<\/h3>\n<p>Esta \u00e9 a quest\u00e3o central de que muitas pessoas n\u00e3o se apercebem: O espa\u00e7o de explos\u00e3o dos pre\u00e7os n\u00e3o surge apenas na crise, mas no momento em que os pre\u00e7os s\u00e3o alterados.<\/p>\n<p>O pre\u00e7o costumava estar \u201epreso\u201c em estruturas de longo prazo. Podia subir ou descer, mas estava enraizado nos contratos e na l\u00f3gica do aprovisionamento. Com o tempo, por\u00e9m, foram surgindo cada vez mais mecanismos que fixam o pre\u00e7o do g\u00e1s a curto prazo. \u00c9 neste momento que o g\u00e1s se torna \u201eg\u00e1s de mercado\u201c:<\/p>\n<ul>\n<li>O g\u00e1s \u00e9 transaccionado em pontos de negocia\u00e7\u00e3o.<\/li>\n<li>Surgem os mercados \u00e0 vista: entrega a curto prazo, pre\u00e7o a curto prazo.<\/li>\n<li>S\u00e3o criadas refer\u00eancias de pre\u00e7os que servem de benchmark.<\/li>\n<\/ul>\n<p>Isto soa a moderniza\u00e7\u00e3o - e, at\u00e9 certo ponto, \u00e9-o. Mas tem um efeito secund\u00e1rio que n\u00e3o pode ser ignorado: Os pre\u00e7os de mercado n\u00e3o se baseiam apenas nos custos, baseiam-se tamb\u00e9m nos sentimentos. Reflectem expectativas, riscos, medo, incerteza e not\u00edcias pol\u00edticas. E \u00e9 precisamente por isso que um produto de fornecimento est\u00e1vel se torna subitamente num produto que pode reagir de forma sens\u00edvel a choques.<\/p>\n<p><img loading=\"lazy\" decoding=\"async\" class=\"alignnone wp-image-4114 size-large\" src=\"https:\/\/www.markus-schall.de\/wp-content\/uploads\/energiepreise-gaspreise-deutschland.jpg\" alt=\"Pre\u00e7os do g\u00e1s na Alemanha\" width=\"1024\" height=\"683\" srcset=\"https:\/\/www.markus-schall.de\/wp-content\/uploads\/energiepreise-gaspreise-deutschland.jpg 1024w, https:\/\/www.markus-schall.de\/wp-content\/uploads\/energiepreise-gaspreise-deutschland-300x200.jpg 300w, https:\/\/www.markus-schall.de\/wp-content\/uploads\/energiepreise-gaspreise-deutschland-768x512.jpg 768w, https:\/\/www.markus-schall.de\/wp-content\/uploads\/energiepreise-gaspreise-deutschland-18x12.jpg 18w\" sizes=\"auto, (max-width: 1024px) 100vw, 1024px\" \/><\/p>\n<h3>TTF e a nova l\u00f3gica dos pre\u00e7os: um \u00edndice de refer\u00eancia torna-se um gerador de rel\u00f3gio<\/h3>\n<p>Se quisermos compreender porque \u00e9 que os pre\u00e7os do g\u00e1s t\u00eam flutuado tanto na Europa, \u00e9 dif\u00edcil evitar um termo: TTF. Trata-se de um ponto de transa\u00e7\u00e3o central na Europa ou de uma \u00e2ncora de pre\u00e7os atrav\u00e9s da qual os pre\u00e7os de mercado se t\u00eam orientado cada vez mais.<\/p>\n<p>Neste ponto, o quadro torna-se frequentemente mais claro para os leitores: os pre\u00e7os do g\u00e1s costumavam ser fixados \u201eem contratos\u201c. Mais tarde, os pre\u00e7os do g\u00e1s foram fixados \u201eno mercado\u201c - e este mercado necessita de um pre\u00e7o de refer\u00eancia. A TTF tornou-se esse pre\u00e7o de refer\u00eancia ao longo dos anos. Isto n\u00e3o significa que cada quilowatt-hora de g\u00e1s passe \u201efisicamente\u201c por este ponto. Mas, em termos de pre\u00e7o, muita coisa est\u00e1 orientada para ele - como um term\u00f3metro. E quando este term\u00f3metro oscila, fica quente em todo o lado. Esta \u00e9 uma distin\u00e7\u00e3o importante que os leitores devem compreender:<\/p>\n<ul>\n<li>Parte do mercado do g\u00e1s \u00e9 f\u00edsico (gasodutos, instala\u00e7\u00f5es de armazenamento, cadeias de abastecimento).<\/li>\n<li>Outra parte \u00e9 pre\u00e7o\/financeira (negocia\u00e7\u00e3o, cobertura, avalia\u00e7\u00e3o comparativa).<\/li>\n<\/ul>\n<p>Quando a parte financeira fica agitada, a parte f\u00edsica pode funcionar com toda a normalidade - e, no entanto, o pre\u00e7o explode.<\/p>\n<h3>O g\u00e1s como mercadoria: quando as expectativas fazem os pre\u00e7os<\/h3>\n<p>A partir do momento em que o g\u00e1s \u00e9 tratado como uma mercadoria, entram em a\u00e7\u00e3o mecanismos que s\u00e3o mais familiares aos mercados financeiros. N\u00e3o h\u00e1 necessidade de dramatizar este facto, mas ele deve ser claramente referido:<\/p>\n<ul>\n<li>Os retalhistas e os fornecedores cobrem os seus riscos (hedging).<\/li>\n<li>As empresas t\u00eam em conta os riscos.<\/li>\n<li>Os mercados reagem a potenciais estrangulamentos, e n\u00e3o apenas a estrangulamentos reais.<\/li>\n<li>As not\u00edcias e a pol\u00edtica influenciam as expectativas.<\/li>\n<\/ul>\n<p>Isto cria uma din\u00e2mica que se torna particularmente clara em tempos de crise: N\u00e3o \u00e9 apenas a escassez efectiva que aumenta o pre\u00e7o, mas tamb\u00e9m o medo da escassez. \u00c9 como num supermercado: quando se espalha o rumor de que a farinha pode escassear, as pessoas compram mais. Depois, a farinha escasseia de facto. O pre\u00e7o sobe. N\u00e3o porque a farinha seja \u201esubitamente cara de produzir\u201c, mas porque o sistema reage \u00e0s expectativas. Algo semelhante acontece com o g\u00e1s - s\u00f3 que numa escala muito maior, com contratos, infra-estruturas e pol\u00edtica em pano de fundo.<\/p>\n<h3>Seguran\u00e7a do aprovisionamento, armazenamento e novas regras<\/h3>\n<p>Outro elemento necess\u00e1rio para o quadro geral \u00e9 a seguran\u00e7a do aprovisionamento. Ap\u00f3s v\u00e1rios per\u00edodos de tens\u00e3o na Europa, tornou-se claro que n\u00e3o se pode confiar apenas no \u201emercado\u201c quando um pa\u00eds passa por um inverno rigoroso, por conflitos geopol\u00edticos ou por perturba\u00e7\u00f5es no abastecimento.<\/p>\n<p>\u00c9 por isso que as instala\u00e7\u00f5es de armazenamento de g\u00e1s desempenham um papel importante. As instala\u00e7\u00f5es de armazenamento s\u00e3o uma esp\u00e9cie de tamp\u00e3o. Tornam o sistema mais est\u00e1vel - mas s\u00e3o dispendiosas e o seu enchimento \u00e9 um processo de mercado distinto. Nos \u00faltimos anos, foram tamb\u00e9m introduzidas regras que estipulam os n\u00edveis de armazenamento de forma mais rigorosa. Isto tamb\u00e9m pode ser visto de forma objetiva:<\/p>\n<p>O objetivo \u00e9 a estabilidade e a preven\u00e7\u00e3o de crises. O efeito secund\u00e1rio pode ser o facto de os mercados \u201eanteciparem\u201c as aquisi\u00e7\u00f5es necess\u00e1rias e, consequentemente, os pre\u00e7os subirem - porque \u00e9 claro que as compras devem ser feitas em determinadas datas. Este \u00e9 um exemplo t\u00edpico de como regras de seguran\u00e7a bem intencionadas podem gerar efeitos secund\u00e1rios econ\u00f3micos. N\u00e3o porque algu\u00e9m seja mau, mas porque os sistemas raramente t\u00eam apenas um efeito.<\/p>\n<h3>Porque \u00e9 que os pre\u00e7os elevados da gasolina n\u00e3o surgiram \u201ede repente\u201c<\/h3>\n<p>Agora torna-se claro porque \u00e9 que a simples narrativa \u201es\u00f3 tem sido assim desde a crise\u201c n\u00e3o se sustenta. Sim, as crises podem fazer explodir os pre\u00e7os. Mas s\u00f3 explodem tanto se a estrutura do mercado o permitir. E \u00e9 precisamente essa a quest\u00e3o: as condi\u00e7\u00f5es para uma volatilidade extrema foram criadas ao longo de d\u00e9cadas. Por:<\/p>\n<ul>\n<li>a transi\u00e7\u00e3o de uma l\u00f3gica de pre\u00e7os a longo prazo para uma l\u00f3gica de pre\u00e7os centrais,<\/li>\n<li>uma orienta\u00e7\u00e3o mais forte para o mercado e o com\u00e9rcio,<\/li>\n<li>Sistemas de pre\u00e7os de refer\u00eancia,<\/li>\n<li>e uma arquitetura de seguran\u00e7a que desencadeia uma procura adicional em tempos de crise.<\/li>\n<\/ul>\n<p>Se quisermos formular isto como uma mnem\u00f3nica:<\/p>\n<blockquote><p><em>A crise foi a fa\u00edsca - mas a madeira j\u00e1 estava pronta h\u00e1 muito tempo.<\/em><\/p><\/blockquote>\n<p>Isto significa que o g\u00e1s n\u00e3o \u00e9 apenas uma fonte de energia entre muitas outras, mas, em muitos casos, o fator determinante do pre\u00e7o em segundo plano - tamb\u00e9m para a eletricidade e, em \u00faltima an\u00e1lise, para partes da ind\u00fastria. Qualquer pessoa que tenha compreendido a hist\u00f3ria do g\u00e1s compreende subitamente muitas coisas que antes pareciam um caos.<br \/>\nNo \u00faltimo cap\u00edtulo, tiramos uma conclus\u00e3o serena: n\u00e3o como um ju\u00edzo, mas como um guia. Porque s\u00f3 se conhecermos a mec\u00e2nica \u00e9 que poderemos falar sensatamente no futuro sobre como a energia pode voltar a ser mais previs\u00edvel e sustent\u00e1vel - tanto para as fam\u00edlias como para as empresas.<\/p>\n<h3>Como o incidente com o Nord Stream est\u00e1 a afetar o mercado da energia<\/h3>\n<p>Um acontecimento fundamental que n\u00e3o pode ser ignorado no contexto dos actuais pre\u00e7os da energia \u00e9 a sabotagem dos gasodutos Nord Stream no outono de 2022. O fracasso desta infraestrutura de g\u00e1s est\u00e1vel e a longo prazo alterou fundamentalmente o mercado europeu da energia:<\/p>\n<p>Restringiu as rotas de abastecimento, aumentou a incerteza e, por conseguinte, contribuiu diretamente para a escassez de capacidades e para o aumento dos pre\u00e7os. Qualquer pessoa que queira compreender os mecanismos subjacentes ao aumento dos pre\u00e7os do g\u00e1s, da eletricidade e dos combust\u00edveis deve, por conseguinte, conhecer tamb\u00e9m os antecedentes e as consequ\u00eancias deste corte. Uma an\u00e1lise pormenorizada deste facto pode ser consultada no artigo <a href=\"https:\/\/www.markus-schall.de\/pt\/2026\/01\/north-stream-sabotagem-politica-de-poder-e-as-incomodas-questoes-em-aberto\/\"><em><strong>\u201eDemoli\u00e7\u00e3o do Nord Stream: sabotagem, pol\u00edtica de poder e as inc\u00f3modas perguntas sem resposta\u201c<\/strong><\/em><\/a>, que apresenta os aspectos t\u00e9cnicos, pol\u00edticos e geopol\u00edticos do projeto Nord Stream.<\/p>\n<h3>Pre\u00e7os do g\u00e1s - cronologia e efeitos<\/h3>\n<div style=\"overflow-x: auto;\">\n<table style=\"border-collapse: collapse; width: 100%;\">\n<thead>\n<tr style=\"background: #f2f2f2;\">\n<th style=\"text-align: left;\">Per\u00edodo<\/th>\n<th style=\"text-align: left;\">O que \u00e9 que aconteceu?<\/th>\n<th style=\"text-align: left;\">Efeitos (a curto e a longo prazo)<\/th>\n<\/tr>\n<\/thead>\n<tbody>\n<tr>\n<td><strong>1990s<\/strong><\/td>\n<td>O g\u00e1s como produto de aprovisionamento: contratos de aprovisionamento a longo prazo, previsibilidade, l\u00f3gica das infra-estruturas<\/td>\n<td><strong>Curto:<\/strong> evolu\u00e7\u00e3o est\u00e1vel dos pre\u00e7os, seguran\u00e7a dos investimentos.<br \/>\n<strong>Longo:<\/strong> pouca concorr\u00eancia, mas elevada seguran\u00e7a de abastecimento.<\/td>\n<\/tr>\n<tr>\n<td><strong>final dos anos 90 - in\u00edcio dos anos 2000<\/strong><\/td>\n<td>In\u00edcio da abertura do mercado da UE: liberaliza\u00e7\u00e3o gradual, acesso de terceiros, tend\u00eancias de desagrega\u00e7\u00e3o<\/td>\n<td><strong>Curto:<\/strong> novos fornecedores, as regras do mercado tornam-se mais complexas.<br \/>\n<strong>Longo:<\/strong> O g\u00e1s torna-se \u201ecomercializ\u00e1vel\u201c - base para a l\u00f3gica de fixa\u00e7\u00e3o de pre\u00e7os nos centros de distribui\u00e7\u00e3o.<\/td>\n<\/tr>\n<tr>\n<td><strong>2000s<\/strong><\/td>\n<td>Desenvolvimento de centros de negocia\u00e7\u00e3o (hubs), aumento da liquidez, mais aquisi\u00e7\u00f5es \u00e0 vista\/curto prazo<\/td>\n<td><strong>Curto:<\/strong> maior flexibilidade nos contratos p\u00fablicos e na perequa\u00e7\u00e3o.<br \/>\n<strong>Longo:<\/strong> uma maior volatilidade dos pre\u00e7os torna-se sistemicamente poss\u00edvel.<\/td>\n<\/tr>\n<tr>\n<td><strong>2009-2014<\/strong><\/td>\n<td>Aprofundamento da l\u00f3gica de mercado: maior separa\u00e7\u00e3o, regras de mercado mais normalizadas, avalia\u00e7\u00e3o comparativa<\/td>\n<td><strong>Curto:<\/strong> A concorr\u00eancia est\u00e1 a aumentar e os pre\u00e7os est\u00e3o \u201emais pr\u00f3ximos do mercado\u201c.<br \/>\n<strong>Longo:<\/strong> Passagem do g\u00e1s contratual para o g\u00e1s de mercado (refer\u00eancias hub).<\/td>\n<\/tr>\n<tr>\n<td><strong>2010s<\/strong><\/td>\n<td>Os pre\u00e7os hub tornam-se refer\u00eancia: a indexa\u00e7\u00e3o do petr\u00f3leo perde import\u00e2ncia, a TTF\/marca de refer\u00eancia caracteriza a Europa<\/td>\n<td><strong>Curto:<\/strong> reac\u00e7\u00f5es mais r\u00e1pidas dos pre\u00e7os \u00e0s not\u00edcias, \u00e0s condi\u00e7\u00f5es meteorol\u00f3gicas e aos estrangulamentos.<br \/>\n<strong>Longo:<\/strong> As expectativas e os pr\u00e9mios de risco t\u00eam um impacto mais forte nos pre\u00e7os finais.<\/td>\n<\/tr>\n<tr>\n<td><strong>2017-2020<\/strong><\/td>\n<td>A seguran\u00e7a do aprovisionamento \u00e9 mais fortemente regulamentada; os mecanismos de armazenamento e de emerg\u00eancia ganham import\u00e2ncia<\/td>\n<td><strong>Curto:<\/strong> mais oferta, mais custos do sistema.<br \/>\n<strong>Longo:<\/strong> A seguran\u00e7a passa a fazer parte da estrutura de pre\u00e7os (n\u00e3o \u00e9 \u201egratuita\u201c).<\/td>\n<\/tr>\n<tr>\n<td><strong>2021-2022<\/strong><\/td>\n<td>Fase de choque de pre\u00e7os: o mercado reage extremamente \u00e0 incerteza, ao receio de escassez e \u00e0 concorr\u00eancia global<\/td>\n<td><strong>Curto:<\/strong> Extrema volatilidade, pre\u00e7os grossistas por vezes err\u00e1ticos.<br \/>\n<strong>Longo:<\/strong> A mec\u00e2nica torna-se vis\u00edvel: a l\u00f3gica do pre\u00e7o do cubo amplifica os choques.<\/td>\n<\/tr>\n<tr>\n<td><strong>a partir de 2022<\/strong><\/td>\n<td>Objectivos de enchimento do armazenamento, novas rotinas de aprovisionamento, fornecimento mais orientado para o GNL<\/td>\n<td><strong>Curto:<\/strong> \u201eA \u201cprocura for\u00e7ada\" antes de datas importantes pode apoiar os pre\u00e7os.<br \/>\n<strong>Longo:<\/strong> Liga\u00e7\u00e3o mais forte aos pre\u00e7os globais do GNL e a factores clim\u00e1ticos\/competitivos.<\/td>\n<\/tr>\n<tr>\n<td><strong>Hoje<\/strong><\/td>\n<td>O g\u00e1s continua a ser um motor de pre\u00e7os em segundo plano (diretamente e atrav\u00e9s da eletricidade\/l\u00f3gica do sistema), o mercado continua mais nervoso<\/td>\n<td><strong>Curto:<\/strong> Os pre\u00e7os reagem ao clima, \u00e0 geopol\u00edtica, aos n\u00edveis de armazenamento e aos fluxos de GNL.<br \/>\n<strong>Longo:<\/strong> A previsibilidade est\u00e1 a tornar-se mais importante - mas \u00e9 menos prov\u00e1vel que seja permanentemente \u201ebarato como antes\u201c.<\/td>\n<\/tr>\n<tr>\n<td style=\"background: #f2f2f2;\"><strong>Mnem\u00f3nica<\/strong><\/td>\n<td style=\"background: #f2f2f2;\" colspan=\"2\"><strong>A crise foi muitas vezes o gatilho - a sensibilidade aos pre\u00e7os desenvolveu-se ao longo de d\u00e9cadas.<\/strong><\/td>\n<\/tr>\n<\/tbody>\n<\/table>\n<\/div>\n<h2>O que se pode aprender com tudo isto<\/h2>\n<p>Uma vez separadas as tr\u00eas \u00e1reas - combust\u00edveis, eletricidade e g\u00e1s -, uma constata\u00e7\u00e3o \u00e9 quase \u00f3bvia: os pre\u00e7os da energia s\u00e3o apenas parcialmente \u201epre\u00e7os de mercado\u201c. Em grande medida, s\u00e3o pre\u00e7os estruturais. Por outras palavras, pre\u00e7os que resultam de regras, impostos, infra-estruturas e decis\u00f5es pol\u00edticas fundamentais.<\/p>\n<p>Isto pode ser visto mais claramente no caso da gasolina: uma parte significativa do pre\u00e7o \u00e9 fixa e politicamente determinada. A eletricidade \u00e9 mais complicada porque a rede, as taxas e a conce\u00e7\u00e3o do mercado interagem. E, no caso do g\u00e1s, \u00e9 evidente que a determina\u00e7\u00e3o dos pre\u00e7os depende da estrutura do mercado: o facto de o g\u00e1s ser predominantemente vendido atrav\u00e9s de contratos a longo prazo ou atrav\u00e9s de plataformas de curto prazo faz uma enorme diferen\u00e7a.<\/p>\n<p>O ponto de aprendizagem mais importante \u00e9, portanto, simplesmente o facto de que quem fala de pre\u00e7os da energia est\u00e1 sempre a falar de decis\u00f5es - e de muitas decis\u00f5es, distribu\u00eddas ao longo de d\u00e9cadas. N\u00e3o faz muito sentido insistir num \u00fanico fator de desencadeamento atual se a verdadeira causa for mais profunda.<\/p>\n<h3>Porque \u00e9 que as hist\u00f3rias simples raramente s\u00e3o verdadeiras<\/h3>\n<p>Quando os sistemas se tornam complexos, cresce novamente a tenta\u00e7\u00e3o de \u201edizer as coisas de forma simples\u201c. Isto \u00e9 humano - mas perigoso, porque pode conduzir a um caminho errado. Um bom exemplo \u00e9 a afirma\u00e7\u00e3o generalizada de que os pre\u00e7os elevados do g\u00e1s surgiram principalmente porque <em><strong>\u201eA R\u00fassia teria fechado a torneira do g\u00e1s\u201c<\/strong><\/em>. Mesmo que deixemos de lado os acontecimentos dos \u00faltimos anos, o problema de fundo mant\u00e9m-se: esta narrativa reduz uma evolu\u00e7\u00e3o estrutural de d\u00e9cadas a uma \u00fanica imagem.<\/p>\n<p>Essas imagens s\u00e3o politicamente \u00fateis porque concentram as emo\u00e7\u00f5es. No entanto, s\u00e3o muitas vezes m\u00e1s para a compreens\u00e3o porque ocultam duas coisas:<\/p>\n<ul>\n<li><strong>Em primeiro lugar<\/strong>O mecanismo de pre\u00e7os foi constru\u00eddo ao longo dos anos para ser sens\u00edvel a choques.<\/li>\n<li><strong>Em segundo lugar<\/strong>Uma grande parte dos custos n\u00e3o \u00e9 causada pela escassez de mat\u00e9rias-primas, mas sim pelas infra-estruturas, regulamenta\u00e7\u00e3o, seguran\u00e7a e condi\u00e7\u00f5es de enquadramento pol\u00edtico.<\/li>\n<\/ul>\n<p>Por isso, se quisermos realmente compreender, devemos ficar c\u00e9pticos logo que algo nos pare\u00e7a \u201edemasiado redondo\u201c. Quando se trata de pre\u00e7os da energia, a verdade raramente \u00e9 uma frase. Normalmente, \u00e9 uma cadeia.<\/p>\n<h3>Compreender n\u00e3o significa concordar - mas cria uma margem de manobra<\/h3>\n<p>Outro ponto importante, especialmente para um artigo de categoriza\u00e7\u00e3o calmo: Compreender n\u00e3o \u00e9 tomar partido. Muitas pessoas evitam aprofundar estas quest\u00f5es porque n\u00e3o querem cair em campos pol\u00edticos. Isto \u00e9 compreens\u00edvel, mas leva a que as pessoas deixem de ser capazes de ver atrav\u00e9s da mec\u00e2nica - e ent\u00e3o torna-se mais f\u00e1cil ser influenciado.<\/p>\n<p>No entanto, se compreendermos a estrutura, acontece algo muito pr\u00e1tico: podemos voltar a distinguir entre o que \u00e9 um acontecimento a curto prazo e o que \u00e9 um problema do sistema a longo prazo. Isto \u00e9 extremamente valioso para as discuss\u00f5es. Porque assim \u00e9 poss\u00edvel reconhecer, por exemplo:<\/p>\n<ul>\n<li>Se um pre\u00e7o \u00e9 elevado devido a um p\u00e2nico no mercado bolsista ou devido a uma estrutura de rede e de taxas a longo prazo.<\/li>\n<li>Se uma medida aborda efetivamente o problema principal ou se limita a gerir os sintomas.<\/li>\n<li>Quer se pretenda reduzir os pre\u00e7os ou garantir o abastecimento - ambos s\u00e3o leg\u00edtimos, mas n\u00e3o s\u00e3o a mesma coisa.<\/li>\n<\/ul>\n<p>Assim, a compreens\u00e3o n\u00e3o s\u00f3 traz calma, como tamb\u00e9m clareza. E a clareza \u00e9, em \u00faltima an\u00e1lise, o pr\u00e9-requisito para decis\u00f5es sensatas - na vida privada, nos neg\u00f3cios e na pol\u00edtica.<\/p>\n<h3>Um olhar s\u00f3brio sobre o futuro: mais previs\u00edvel sim, barato n\u00e3o<\/h3>\n<p>Ap\u00f3s esta categoriza\u00e7\u00e3o, seria duvidoso concluir com um simples final feliz. A energia n\u00e3o se tornar\u00e1 automaticamente \u201et\u00e3o barata como antes\u201c. E isso n\u00e3o se deve ao facto de algu\u00e9m, no fundo, ter definido um regulador para \u201ecaro\u201c, mas sim ao facto de as condi\u00e7\u00f5es de enquadramento terem mudado objetivamente:<\/p>\n<ul>\n<li>As infra-estruturas devem ser modernizadas e alargadas.<\/li>\n<li>A seguran\u00e7a do aprovisionamento \u00e9 mais importante do que no passado.<\/li>\n<li>Os mercados ficam mais nervosos quando reagem fortemente \u00e0s expectativas.<\/li>\n<li>E os conflitos de interesses pol\u00edticos - clima, ind\u00fastria, seguran\u00e7a, competitividade - s\u00e3o reais.<\/li>\n<\/ul>\n<p>O que \u00e9 poss\u00edvel, por\u00e9m, \u00e9 outra coisa: mais previsibilidade e mais honestidade no debate. Previsibilidade n\u00e3o significa necessariamente pre\u00e7os baixos, mas estruturas fi\u00e1veis e compreens\u00edveis. E \u00e9 precisamente aqui que reside um ponto de esperan\u00e7a silencioso: muitos dos problemas actuais n\u00e3o s\u00e3o naturais, mas sim o resultado de regras. As regras podem ser repensadas, tornadas mais rigorosas e simplificadas - se estivermos dispostos a analisar verdadeiramente a sua mec\u00e2nica.<\/p>\n<h3>Primeiro o mapa, depois o debate<\/h3>\n<p>Se olharmos para este t\u00f3pico de forma tradicional - a forma como as coisas complicadas costumavam ser explicadas - ent\u00e3o a ordem \u00e9 a seguinte:<\/p>\n<ul>\n<li><strong>Desenhar um mapa<\/strong> (Como \u00e9 que o pre\u00e7o \u00e9 formado? Que mecanismos est\u00e3o em a\u00e7\u00e3o?)<\/li>\n<li><strong>Diferenciar as causas<\/strong> (O que \u00e9 a estrutura, o que \u00e9 o acontecimento?)<\/li>\n<li><strong>S\u00f3 ent\u00e3o discutir<\/strong> (Que objectivos pretendemos? Que efeitos secund\u00e1rios aceitamos?)<\/li>\n<\/ul>\n<p>Era precisamente esse o objetivo deste artigo: n\u00e3o instruir, mas fornecer um mapa. Porque sem um mapa, estamos a discutir direc\u00e7\u00f5es sem saber onde fica o norte. E quando, no final, se regressa \u00e0 vida quotidiana, fica-se com uma constata\u00e7\u00e3o simples mas valiosa:<\/p>\n<p>Os pre\u00e7os elevados da energia raramente s\u00e3o resultado de um \u00fanico erro. S\u00e3o geralmente o resultado de muitas \u201epequenas\u201c decis\u00f5es l\u00f3gicas que, em conjunto, resultam num sistema dispendioso. Quem compreendeu este facto tem menos probabilidades de ser enganado com chav\u00f5es - e pode voltar a pensar com clareza. \u00c9 precisamente por isso que vale a pena fazer esta categoriza\u00e7\u00e3o.<\/p>\n<p><a href=\"https:\/\/www.markus-schall.de\/wp-content\/uploads\/energiepreise_deutschland_1995_2025-scaled.jpg\" rel=\"lightbox[2436]\"><img loading=\"lazy\" decoding=\"async\" class=\"alignnone wp-image-4113 size-large\" src=\"https:\/\/www.markus-schall.de\/wp-content\/uploads\/energiepreise_deutschland_1995_2025.jpg\" alt=\"Pre\u00e7os da energia na Alemanha 1995-2025\" width=\"1024\" height=\"618\" srcset=\"https:\/\/www.markus-schall.de\/wp-content\/uploads\/energiepreise_deutschland_1995_2025.jpg 1024w, https:\/\/www.markus-schall.de\/wp-content\/uploads\/energiepreise_deutschland_1995_2025-300x181.jpg 300w, https:\/\/www.markus-schall.de\/wp-content\/uploads\/energiepreise_deutschland_1995_2025-768x464.jpg 768w, https:\/\/www.markus-schall.de\/wp-content\/uploads\/energiepreise_deutschland_1995_2025-18x12.jpg 18w\" sizes=\"auto, (max-width: 1024px) 100vw, 1024px\" \/><\/a><\/p>\n<h2>O que pode fazer para reduzir os custos de energia<\/h2>\n<p>O primeiro passo \u00e9 muitas vezes o mais importante: avaliar sobriamente a sua pr\u00f3pria margem de manobra. Nem toda a gente pode isolar a sua casa, instalar um sistema fotovoltaico 1TP12 ou substituir o seu sistema de aquecimento. E nem todas as medidas compensam para toda a gente. \u00c9 precisamente por isso que faz sentido come\u00e7ar por distinguir tr\u00eas n\u00edveis: Consumo, tarifa e comportamento. Quase toda a gente tem, pelo menos, alguma influ\u00eancia nestes tr\u00eas dom\u00ednios - muitas vezes mais do que se possa pensar.<\/p>\n<p>Uma perspetiva tradicional \u00e9 importante aqui: Nem todas as solu\u00e7\u00f5es t\u00e9cnicas s\u00e3o automaticamente as melhores. Muitas vezes, h\u00e1 medidas simples, testadas e comprovadas que t\u00eam um efeito duradouro e n\u00e3o exigem praticamente nenhum esfor\u00e7o.<\/p>\n<h3>Eletricidade: menos carga de base \u00e9 melhor do que qualquer aplica\u00e7\u00e3o de poupan\u00e7a<\/h3>\n<p>Quando se trata de eletricidade, vale a pena olhar primeiro para a chamada carga de base - por outras palavras, tudo o que funciona 24 horas por dia. Routers, servidores, fontes de alimenta\u00e7\u00e3o antigas, aparelhos em standby, monitores secund\u00e1rios desnecess\u00e1rios ou aparelhos antigos ineficientes contribuem para custos consider\u00e1veis ao longo do ano. Uma abordagem pragm\u00e1tica:<\/p>\n<ul>\n<li>Analisar criticamente os aparelhos antigos: Ser\u00e1 que preciso mesmo disto para sempre?<\/li>\n<li>Preferir hardware eficiente, mesmo que a sua aquisi\u00e7\u00e3o seja um pouco mais cara.<\/li>\n<li>Evitar sistematicamente o modo de espera - n\u00e3o com aplica\u00e7\u00f5es, mas com tomadas comut\u00e1veis ou rotinas claras.<\/li>\n<\/ul>\n<p>O efeito \u00e9 frequentemente pouco espetacular, mas est\u00e1vel: redu\u00e7\u00e3o permanente em vez de truques a curto prazo.<\/p>\n<h3>Tarifas de eletricidade e custos da rede: nem tudo \u00e9 negoci\u00e1vel<\/h3>\n<p>Muitas pessoas comparam apenas o pre\u00e7o da energia por quilowatt\/hora. No entanto, tamb\u00e9m vale a pena olhar para o pre\u00e7o de base - especialmente quando o consumo \u00e9 baixo. Um pre\u00e7o de energia favor\u00e1vel pode ser rapidamente compensado por um pre\u00e7o de base elevado.<\/p>\n<p>Tamb\u00e9m deve ter em conta este facto: Uma grande parte do pre\u00e7o da eletricidade n\u00e3o \u00e9 negoci\u00e1vel. Os encargos e taxas de rede s\u00e3o fixos. Este facto ajuda a ajustar as expectativas e evita frustra\u00e7\u00f5es desnecess\u00e1rias. A otimiza\u00e7\u00e3o significa encontrar a tarifa certa para a sua utiliza\u00e7\u00e3o e n\u00e3o procurar o \u201epre\u00e7o de mercado perfeito\u201c.<\/p>\n<h3>G\u00e1s e aquecimento: o consumo vence o debate sobre os pre\u00e7os<\/h3>\n<p>Quando se trata de aquecimento - seja com g\u00e1s ou outros sistemas - o consumo \u00e9 a alavanca principal. Mesmo pequenos ajustes podem ter um grande impacto:<\/p>\n<ul>\n<li>Regule a temperatura ambiente de forma realista e n\u00e3o ao m\u00e1ximo.<\/li>\n<li>Adaptar os tempos de aquecimento \u00e0 utiliza\u00e7\u00e3o efectiva.<\/li>\n<li>Manuten\u00e7\u00e3o regular do sistema para o manter a funcionar eficientemente.<\/li>\n<li>Ventilar seletivamente em vez de inclinar permanentemente.<\/li>\n<\/ul>\n<p>Estas conclus\u00f5es n\u00e3o s\u00e3o novas, mas \u00e9 precisamente por isso que s\u00e3o eficazes: funcionam independentemente dos pre\u00e7os de mercado e das decis\u00f5es pol\u00edticas.<\/p>\n<h3>Mobilidade: a menor dist\u00e2ncia percorrida \u00e9 a maior poupan\u00e7a<\/h3>\n<p>No que diz respeito \u00e0 mobilidade, \u00e9 particularmente claro que os custos n\u00e3o est\u00e3o apenas ligados \u00e0 fonte de energia, mas tamb\u00e9m ao comportamento de utiliza\u00e7\u00e3o. Seja gasolina, gas\u00f3leo ou eletricidade: cada quil\u00f3metro percorrido custa dinheiro. As alavancas concretas s\u00e3o:<\/p>\n<ul>\n<li>Agrupar percursos em vez de viajar v\u00e1rias vezes.<\/li>\n<li>Repensar as dist\u00e2ncias curtas.<\/li>\n<li>Utilizar alternativas na cidade se estas forem realistas.<\/li>\n<\/ul>\n<p>N\u00e3o se trata de uma quest\u00e3o moral, mas sim de uma quest\u00e3o matem\u00e1tica. Conduzir menos reduz os custos - independentemente do pre\u00e7o por litro ou quilowatt-hora.<\/p>\n<h3>Nem todas as tend\u00eancias fazem automaticamente sentido<\/h3>\n<p>Um ponto importante para concluir: Nem todas as solu\u00e7\u00f5es promovidas pela pol\u00edtica ou pelos media s\u00e3o adequadas a todas as situa\u00e7\u00f5es da vida. Algumas medidas s\u00f3 compensam ao fim de muitos anos, outras apenas para determinados perfis de utiliza\u00e7\u00e3o. O ceticismo n\u00e3o \u00e9 resist\u00eancia, mas sim bom senso. Tradicionalmente, a regra tem sido investir onde existe uma rela\u00e7\u00e3o razo\u00e1vel entre custo e benef\u00edcio. Atualmente, esta norma \u00e9 mais relevante do que nunca. Se a aplicar, n\u00e3o s\u00f3 protege a sua carteira, como tamb\u00e9m os seus nervos.<\/p>\n<p>Resumindo: o maior impacto raramente \u00e9 conseguido atrav\u00e9s de medidas espectaculares, mas sim atrav\u00e9s de decis\u00f5es claras e permanentemente implementadas. Menos carga de base, temperaturas realistas, tarifas adequadas e uma abordagem consciente da mobilidade n\u00e3o s\u00e3o medidas espectaculares - mas funcionam.<\/p>\n<p>E \u00e9 precisamente esta a vantagem: estas medidas s\u00e3o independentes dos debates pol\u00edticos, do p\u00e2nico dos mercados ou das crises a curto prazo. Devolvem algum controlo - de forma discreta, n\u00e3o espetacular e eficaz.<\/p>\n<hr \/>\n<h3>Inqu\u00e9rito atual sobre a digitaliza\u00e7\u00e3o na vida quotidiana<\/h3>\n<div class='bootstrap-yop yop-poll-mc'>\n\t\t\t\t\t\t\t<div class=\"basic-yop-poll-container\" style=\"background-color:#ffffff; border:0px; border-style:solid; border-color:#000000; border-radius:5px; padding:0px 5px;\" data-id=\"2\" data-temp=\"basic-pretty\" data-skin=\"square\" data-cscheme=\"blue\" data-cap=\"0\" data-access=\"guest\" data-tid=\"\" data-uid=\"6941b704b289538c71db4a7ccea349b3\" data-pid=\"3773\" data-resdet=\"votes-number,percentages\" data-show-results-to=\"guest\" data-show-results-moment=\"after-vote\" data-show-results-only=\"false\" data-show-message=\"true\" data-show-results-as=\"bar\" data-sort-results-by=\"as-defined\" data-sort-results-rule=\"asc\"data-is-ended=\"0\" data-percentages-decimals=\"2\" data-gdpr=\"no\" data-gdpr-sol=\"consent\" data-css=\"\" data-counter=\"0\" data-load-with=\"1\" data-notification-section=\"top\"><div class=\"row\"><div class=\"col-md-12\"><div class=\"basic-inner\"><div class=\"basic-message hide\" style=\"border-left: 10px solid #008000; padding: 0px 10px;\" data-error=\"#ff0000\" data-success=\"#008000\"><p class=\"basic-message-text\" style=\"color:#000000; font-size:14px; font-weight:normal;\"><\/p><\/div><div class=\"basic-overlay hide\"><div class=\"basic-vote-options\"><\/div><div class=\"basic-preloader\"><div class=\"basic-windows8\"><div class=\"basic-wBall basic-wBall_1\"><div class=\"basic-wInnerBall\"><\/div><\/div><div class=\"basic-wBall basic-wBall_2\"><div class=\"basic-wInnerBall\"><\/div><\/div><div class=\"basic-wBall basic-wBall_3\"><div class=\"basic-wInnerBall\"><\/div><\/div><div class=\"basic-wBall basic-wBall_4\"><div class=\"basic-wInnerBall\"><\/div><\/div><div class=\"basic-wBall basic-wBall_5\"><div class=\"basic-wInnerBall\"><\/div><\/div><\/div><\/div><\/div><form class=\"basic-form\" action=\"\"><input type=\"hidden\" name=\"_token\" value=\"3727dc5984\" autocomplete=\"off\"><div class=\"basic-elements\"><div class=\"basic-element basic-question basic-question-text-vertical\" data-id=\"2\" data-uid=\"41019262d399a477f3b443eb08abba13\" data-type=\"question\" data-question-type=\"text\" data-required=\"yes\" data-allow-multiple=\"no\" data-min=\"1\" data-max=\"1\" data-display=\"vertical\" data-colnum=\"\" data-display-others=\"no\" data-others-color=\"\" data-others=\"\" data-others-max-chars=\"0\"><div class=\"basic-question-title\"><h5 style=\"color:#000000; font-size:16px; font-weight:normal; text-align:left;\">Como avalia a influ\u00eancia da digitaliza\u00e7\u00e3o na sua vida quotidiana?<\/h5><\/div><ul class=\"basic-answers\"><li class=\"basic-answer\" style=\"padding:0px 0px;\" data-id=\"5\" data-type=\"text\" data-vn=\"15\" data-color=\"#000000\" data-make-link=\"no\" data-link=\"\"><div class=\"basic-answer-content basic-text-vertical\"><label for=\"answer[5]\" class=\"basic-answer-label\"><input type=\"radio\" id=\"answer[5]\" name=\"answer[2]\" value=\"5\"><span class=\"basic-text\" style=\"color: #000000; font-size: 14px; font-weight: normal;\">Muito positivo - beneficio dele todos os dias<\/span><\/label><\/div><\/li><li class=\"basic-answer\" style=\"padding:0px 0px;\" data-id=\"6\" data-type=\"text\" data-vn=\"13\" data-color=\"#000000\" data-make-link=\"no\" data-link=\"\"><div class=\"basic-answer-content basic-text-vertical\"><label for=\"answer[6]\" class=\"basic-answer-label\"><input type=\"radio\" id=\"answer[6]\" name=\"answer[2]\" value=\"6\"><span class=\"basic-text\" style=\"color: #000000; font-size: 14px; font-weight: normal;\">Bastante positivo - algumas coisas tornaram-se mais f\u00e1ceis<\/span><\/label><\/div><\/li><li class=\"basic-answer\" style=\"padding:0px 0px;\" data-id=\"7\" data-type=\"text\" data-vn=\"29\" data-color=\"#000000\" data-make-link=\"no\" data-link=\"\"><div class=\"basic-answer-content basic-text-vertical\"><label for=\"answer[7]\" class=\"basic-answer-label\"><input type=\"radio\" id=\"answer[7]\" name=\"answer[2]\" value=\"7\"><span class=\"basic-text\" style=\"color: #000000; font-size: 14px; font-weight: normal;\">Misto - Traz vantagens, mas tamb\u00e9m perda de controlo<\/span><\/label><\/div><\/li><li class=\"basic-answer\" style=\"padding:0px 0px;\" data-id=\"8\" data-type=\"text\" data-vn=\"5\" data-color=\"#000000\" data-make-link=\"no\" data-link=\"\"><div class=\"basic-answer-content basic-text-vertical\"><label for=\"answer[8]\" class=\"basic-answer-label\"><input type=\"radio\" id=\"answer[8]\" name=\"answer[2]\" value=\"8\"><span class=\"basic-text\" style=\"color: #000000; font-size: 14px; font-weight: normal;\">Bastante negativo - sinto-me frequentemente sobrecarregado ou observado<\/span><\/label><\/div><\/li><li class=\"basic-answer\" style=\"padding:0px 0px;\" data-id=\"9\" data-type=\"text\" data-vn=\"9\" data-color=\"#000000\" data-make-link=\"no\" data-link=\"\"><div class=\"basic-answer-content basic-text-vertical\"><label for=\"answer[9]\" class=\"basic-answer-label\"><input type=\"radio\" id=\"answer[9]\" name=\"answer[2]\" value=\"9\"><span class=\"basic-text\" style=\"color: #000000; font-size: 14px; font-weight: normal;\">Muito negativo - rejeito em grande medida os sistemas digitais<\/span><\/label><\/div><\/li><\/ul><\/div><div class=\"clearfix\"><\/div><\/div><div class=\"basic-vote\"><a href=\"#\" class=\"button basic-vote-button\" role=\"button\" style=\"background:#027bb8; border:0px; border-style: solid; border-color:#000000; border-radius:5px; padding:10px 10px; color:#ffffff; font-size:14px; font-weight:normal;\">Vota\u00e7\u00e3o<\/a><\/div><input type=\"hidden\" name=\"trp-form-language\" value=\"pt\"\/><\/form><\/div><\/div><\/div><\/div>\n\t\t\t\t\t\t<\/div>\n<hr \/>\n<h2>Como \u00e9 distribu\u00eddo um euro de energia na Alemanha<\/h2>\n<p>Se olharmos para a estrutura dos pre\u00e7os da energia, rapidamente nos apercebemos de que um \u00fanico euro \u00e9 composto por muitos componentes diferentes. No caso da gasolina, a maior parte \u00e9 constitu\u00edda por impostos e taxas estatais - mais de metade do pre\u00e7o \u00e9 devido ao imposto sobre a energia, \u00e0 taxa de CO\u2082 e ao IVA. O restante \u00e9 dividido entre a produ\u00e7\u00e3o de energia propriamente dita, ou seja, a extra\u00e7\u00e3o, a refinaria e o transporte do petr\u00f3leo bruto, bem como a distribui\u00e7\u00e3o atrav\u00e9s das esta\u00e7\u00f5es de servi\u00e7o. Mesmo assim, no final do processo, a margem de lucro \u00e9 relativamente pequena.<\/p>\n<figure id=\"attachment_5340\" aria-describedby=\"caption-attachment-5340\" style=\"width: 1014px\" class=\"wp-caption alignnone\"><a href=\"https:\/\/www.markus-schall.de\/wp-content\/uploads\/Steueranteile-Benzin-Gas-Strom.jpg\" rel=\"lightbox[2436]\"><img loading=\"lazy\" decoding=\"async\" class=\"wp-image-5340 size-large\" src=\"https:\/\/www.markus-schall.de\/wp-content\/uploads\/Steueranteile-Benzin-Gas-Strom.jpg\" alt=\"Quotas fiscais gasolina-g\u00e1s-eletricidade\" width=\"1024\" height=\"683\" srcset=\"https:\/\/www.markus-schall.de\/wp-content\/uploads\/Steueranteile-Benzin-Gas-Strom.jpg 1536w, https:\/\/www.markus-schall.de\/wp-content\/uploads\/Steueranteile-Benzin-Gas-Strom-300x200.jpg 300w, https:\/\/www.markus-schall.de\/wp-content\/uploads\/Steueranteile-Benzin-Gas-Strom-1024x683.jpg 1024w, https:\/\/www.markus-schall.de\/wp-content\/uploads\/Steueranteile-Benzin-Gas-Strom-768x512.jpg 768w, https:\/\/www.markus-schall.de\/wp-content\/uploads\/Steueranteile-Benzin-Gas-Strom-18x12.jpg 18w\" sizes=\"auto, (max-width: 1024px) 100vw, 1024px\" \/><\/a><figcaption id=\"caption-attachment-5340\" class=\"wp-caption-text\">Situa\u00e7\u00e3o: mar\u00e7o de 2026<\/figcaption><\/figure>\n<p>A estrutura da eletricidade e do g\u00e1s \u00e9 igualmente complexa, embora com uma pondera\u00e7\u00e3o ligeiramente diferente. No caso da eletricidade, a rede el\u00e9ctrica desempenha um papel particularmente importante a par da produ\u00e7\u00e3o, uma vez que a expans\u00e3o e o funcionamento da infraestrutura implicam custos consider\u00e1veis. No caso do g\u00e1s, por outro lado, a aquisi\u00e7\u00e3o da fonte de energia representa a maior parte, enquanto as taxas de rede, os impostos e as vendas s\u00e3o componentes menores, mas ainda assim relevantes. De um modo geral, verifica-se que o pre\u00e7o final da energia \u00e9 o resultado de uma combina\u00e7\u00e3o de taxas governamentais, custos de infra-estruturas e pre\u00e7os reais da energia.<\/p>\n<h3>Quando os impostos voltam a ser impostos<\/h3>\n<p>Um efeito pouco conhecido no sistema energ\u00e9tico \u00e9 o facto de muitos pre\u00e7os da energia resultarem, na realidade, num \u201eimposto sobre o imposto\u201c. A raz\u00e3o para isso \u00e9 o IVA: ele n\u00e3o \u00e9 cobrado apenas sobre o pre\u00e7o real da energia, mas sobre todo o valor final - ou seja, tamb\u00e9m sobre os impostos e taxas sobre a energia j\u00e1 inclu\u00eddos. No caso da gasolina, por exemplo, o imposto sobre a energia e o pre\u00e7o do CO\u2082 s\u00e3o adicionados primeiro. S\u00f3 depois \u00e9 que o IVA de atualmente 19 % \u00e9 adicionado ao montante total. Isto cria automaticamente um encargo adicional porque parte do IVA \u00e9 indiretamente adicionado aos impostos j\u00e1 cobrados.<\/p>\n<p>Este mecanismo tem uma consequ\u00eancia interessante: se o pre\u00e7o da energia aumenta fortemente, a componente fiscal aumenta tamb\u00e9m automaticamente. Se a gasolina ou o g\u00e1s ficarem mais caros devido ao aumento dos pre\u00e7os das mat\u00e9rias-primas, o IVA aumenta ao mesmo tempo, porque \u00e9 calculado como uma percentagem do pre\u00e7o total. Isto significa que o montante absoluto do imposto aumenta ao mesmo tempo - mesmo que o Estado n\u00e3o altere as taxas de imposto. Por isso, os economistas falam frequentemente de um \u201erefor\u00e7o autom\u00e1tico da fiscalidade\u201c no sistema energ\u00e9tico: quanto mais elevados forem os pre\u00e7os de mercado do petr\u00f3leo, do g\u00e1s ou da eletricidade, mais aumenta a parte do Estado no pre\u00e7o final.<\/p>\n<h2>Porque \u00e9 que as quest\u00f5es energ\u00e9ticas se est\u00e3o a tornar ainda mais prementes com a onda de IA<\/h2>\n<p>No final deste artigo, vale a pena olhar em frente. Porque, independentemente de todos os debates realizados at\u00e9 \u00e0 data, uma coisa \u00e9 certa: estamos a entrar numa fase em que a procura de energia vai aumentar de forma maci\u00e7a. A intelig\u00eancia artificial j\u00e1 n\u00e3o \u00e9 uma quest\u00e3o secund\u00e1ria, mas est\u00e1 a evoluir para uma tecnologia de base - compar\u00e1vel \u00e0 eletricidade ou \u00e0 Internet. Os centros de dados, os modelos de IA, os treinos e a disponibilidade permanente geram uma procura permanente, elevada e, sobretudo, fi\u00e1vel de eletricidade.<\/p>\n<p>Nos EUA, em particular, esta liga\u00e7\u00e3o j\u00e1 est\u00e1 a ser encarada com muita sobriedade. Est\u00e3o a ser criadas novas capacidades de centrais el\u00e9ctricas, em parte por operadores privados, porque \u00e9 evidente que n\u00e3o haver\u00e1 infra-estruturas de IA escal\u00e1veis sem um fornecimento est\u00e1vel de energia. O facto de at\u00e9 empresas tecnol\u00f3gicas como a Microsoft come\u00e7arem a interessar-se diretamente e a longo prazo pelas fontes de energia n\u00e3o \u00e9 uma coincid\u00eancia - \u00e9 um sinal. Mostra que a energia est\u00e1 de novo a ser vista como um fator de produ\u00e7\u00e3o estrat\u00e9gico e n\u00e3o apenas como um centro de custos.<\/p>\n<p>Perante este cen\u00e1rio, parece ainda mais importante perguntarmo-nos honestamente se o caminho que escolhemos \u00e9 realmente \u00e0 prova de futuro. Uma economia digital de alto desempenho com um fornecimento de energia flutuante, caro ou inseguro \u00e9 uma contradi\u00e7\u00e3o em termos. Isto n\u00e3o significa que os objectivos existentes estejam errados - mas significa que t\u00eam de ser revistos regularmente se as condi\u00e7\u00f5es de enquadramento se alterarem fundamentalmente.<\/p>\n<p>\u00c9 exatamente disso que trata este artigo no final: n\u00e3o se trata de ter raz\u00e3o, n\u00e3o se trata de ideologia, mas de previs\u00e3o. Qualquer pessoa que se veja confrontada com uma convuls\u00e3o tecnol\u00f3gica desta magnitude faria bem em reexaminar todas as op\u00e7\u00f5es, de forma s\u00f3bria, t\u00e9cnica e sem qualquer proibi\u00e7\u00e3o de pensar. Afinal de contas, as decis\u00f5es energ\u00e9ticas de hoje determinar\u00e3o se amanh\u00e3 apenas poderemos reagir - ou ainda moldar o futuro.<\/p>\n<h2>Fontes interessantes sobre o tema<\/h2>\n<ol>\n<li><a href=\"https:\/\/www.destatis.de\/DE\/Themen\/Wirtschaft\/Preise\/Erdgas-Strom-DurchschnittsPreise\/_inhalt.html\" target=\"_blank\" rel=\"noopener\"><strong>Destatis<\/strong><\/a> - <strong>Pre\u00e7os m\u00e9dios da eletricidade e do g\u00e1s natural<\/strong> - Esta p\u00e1gina do Servi\u00e7o Federal de Estat\u00edstica fornece os pre\u00e7os m\u00e9dios actuais da eletricidade e do g\u00e1s natural na Alemanha, incluindo as tend\u00eancias dos \u00faltimos meses e anos. Indispens\u00e1vel para obter dados concretos e oficiais sobre os pre\u00e7os ao consumidor final e a sua evolu\u00e7\u00e3o ao longo do tempo.<\/li>\n<li><a href=\"https:\/\/ec.europa.eu\/eurostat\/statistics-explained\/index.php?title=Electricity_price_statistics\" target=\"_blank\" rel=\"noopener\"><strong>Eurostat<\/strong><\/a> - Estat\u00edsticas sobre os pre\u00e7os da eletricidade <strong>Dados estat\u00edsticos compar\u00e1veis a n\u00edvel da UE<\/strong> sobre os pre\u00e7os da eletricidade, mostrando as tend\u00eancias dos pre\u00e7os ao longo dos anos e diferenciando as componentes \u201eenergia\u201c, \u201erede\u201c e \u201eimpostos\/taxas\u201c. Ideal para classificar a evolu\u00e7\u00e3o alem\u00e3 num contexto europeu.<\/li>\n<li><a href=\"https:\/\/www.bundesbank.de\/en\/publications\/research\/research-brief\/2024-71-natural-gas-market-765206\" target=\"_blank\" rel=\"noopener\"><strong>Bundesbank<\/strong><\/a> - <strong>Reac\u00e7\u00f5es do mercado do g\u00e1s<\/strong> sobre choques na oferta e na procura - An\u00e1lise do Bundesbank sobre as fortes flutua\u00e7\u00f5es de pre\u00e7os no mercado alem\u00e3o de g\u00e1s natural em 2022 e os factores que as influenciam, como as altera\u00e7\u00f5es na procura e os estrangulamentos na oferta.<\/li>\n<li><a href=\"https:\/\/www.cleanenergywire.org\/news\/ukraine-war-tracking-impacts-german-energy-and-climate-policy\" target=\"_blank\" rel=\"noopener\"><strong>Fio de energia limpa<\/strong><\/a> - <strong>Efeitos do pre\u00e7o da energia<\/strong> da guerra na Ucr\u00e2nia - Relat\u00f3rio sobre a evolu\u00e7\u00e3o dos pre\u00e7os da energia na Alemanha ap\u00f3s o in\u00edcio da guerra na Ucr\u00e2nia, incluindo valores percentuais sobre os n\u00edveis de pre\u00e7os e o decl\u00ednio desde o pico.<\/li>\n<li><a href=\"https:\/\/tarefe.de\/en\/blog\/energy-communications\/gas-price\" target=\"_blank\" rel=\"noopener\"><strong>Tarefe<\/strong><\/a> - <strong>C\u00e1lculo do pre\u00e7o do g\u00e1s<\/strong> na Alemanha - Ilustra\u00e7\u00e3o pr\u00e1tica da composi\u00e7\u00e3o do pre\u00e7o do g\u00e1s para uso dom\u00e9stico: Pre\u00e7o de base, consumo e impostos\/taxas.<\/li>\n<li><a href=\"https:\/\/www.euractiv.com\/opinion\/the-brief-the-real-story-behind-europes-high-energy-bills\" target=\"_blank\" rel=\"noopener\"><strong>Euractiv<\/strong><\/a> - A hist\u00f3ria verdadeira <strong>facturas energ\u00e9ticas elevadas na Europa<\/strong> - Coment\u00e1rio sobre a composi\u00e7\u00e3o dos custos da eletricidade (factores: rede, taxas, custos de combust\u00edvel) e sobre a forma como surgem os custos de consumo. Apoia a explica\u00e7\u00e3o da estrutura dos pre\u00e7os da eletricidade.<\/li>\n<li><a href=\"https:\/\/www.bdew.de\/service\/daten-und-grafiken\/bdew-strompreisanalyse\" target=\"_blank\" rel=\"noopener\"><strong>BDEW<\/strong><\/a> - <strong>An\u00e1lise do pre\u00e7o da eletricidade em 2025<\/strong> - An\u00e1lise da associa\u00e7\u00e3o industrial BDEW sobre a estrutura dos custos da eletricidade na Alemanha, com reparti\u00e7\u00f5es detalhadas para clientes dom\u00e9sticos e industriais. Ideal para dados de contexto e tend\u00eancias actuais.<\/li>\n<li><a href=\"https:\/\/www.agora-energiewende.org\/fileadmin\/Projekte\/2019\/Liberalisation_Power_Market\/Liberalisation_Electricity_Markets_Germany_V1-0.pdf\" target=\"_blank\" rel=\"noopener\"><strong>Agora Energiewende<\/strong><\/a> (PDF) - - <strong>Liberaliza\u00e7\u00e3o dos mercados da energia<\/strong> - Documento de refer\u00eancia sobre a liberaliza\u00e7\u00e3o do mercado alem\u00e3o da eletricidade desde a d\u00e9cada de 1990, adequado para apresentar as mudan\u00e7as estruturais na pol\u00edtica energ\u00e9tica e nas regras do mercado.<\/li>\n<li><a href=\"https:\/\/www.smard.de\/home\/neu-auf-smard-index-zur-entwicklung-der-haushaltsstrom-und-gaspreise-214712\" target=\"_blank\" rel=\"noopener\"><strong>SMARD<\/strong><\/a> - <strong>Evolu\u00e7\u00e3o dos \u00edndices de pre\u00e7os da eletricidade e do g\u00e1s<\/strong> - Portal do mercado com dados de \u00edndices actuais sobre a evolu\u00e7\u00e3o dos pre\u00e7os, mostra as tend\u00eancias a longo prazo e as altera\u00e7\u00f5es sazonais da eletricidade e do g\u00e1s.<\/li>\n<li><a href=\"https:\/\/www.eurelectric.org\/in-detail\/electricity_prices_explained\" target=\"_blank\" rel=\"noopener\"><strong>IEE<\/strong><\/a> - <strong>Pre\u00e7os europeus da eletricidade<\/strong> e composi\u00e7\u00e3o - Esta panor\u00e2mica explica como s\u00e3o constitu\u00eddos os pre\u00e7os da eletricidade (energia, rede, impostos\/taxas) e qual o n\u00edvel das respectivas percentagens numa compara\u00e7\u00e3o europeia.<\/li>\n<li><a href=\"https:\/\/www.iea.org\/commentaries\/what-drives-natural-gas-price-volatility-in-europe-and-beyond\" target=\"_blank\" rel=\"noopener\"><strong>AIE<\/strong><\/a> - <strong>O que impulsiona a volatilidade dos pre\u00e7os do g\u00e1s natural?<\/strong> - Coment\u00e1rio da Ag\u00eancia Internacional da Energia sobre os factores de volatilidade dos pre\u00e7os do g\u00e1s na Europa, incluindo influ\u00eancias geopol\u00edticas. Ajuda a separar os efeitos estruturais dos efeitos tempor\u00e1rios.<\/li>\n<li><a href=\"https:\/\/www.destatis.de\/EN\/Themes\/Economy\/Prices\/Publications\/Downloads-Energy-Price-Trends\/energy-price-trends-pdf-5619002.pdf?__blob=publicationFile&amp;v=71\" target=\"_blank\" rel=\"noopener\"><strong>Servi\u00e7o Federal de Estat\u00edstica<\/strong><\/a> (PDF) - Dados sobre a evolu\u00e7\u00e3o dos pre\u00e7os da energia - Publica\u00e7\u00e3o longitudinal com <strong>S\u00e9ries cronol\u00f3gicas sobre os pre\u00e7os da energia<\/strong> (eletricidade, g\u00e1s) desde 2005, adequados para uma categoriza\u00e7\u00e3o hist\u00f3rica.<\/li>\n<li><a href=\"https:\/\/www.ekz.ch\/de\/blue\/innovation\/2024\/transmutex-abbau-atommuell-nukleare-energie.html\" target=\"_blank\" rel=\"noopener\"><strong>Transmutex<\/strong><\/a> - <strong>Redu\u00e7\u00e3o dos res\u00edduos nucleares atrav\u00e9s de novas tecnologias<\/strong> - A start-up su\u00ed\u00e7a Transmutex est\u00e1 a trabalhar num conceito de energia nuclear que pode reduzir drasticamente os res\u00edduos nucleares de longa dura\u00e7\u00e3o utilizando abordagens modernas. Estas abordagens baseiam-se, em parte, em ideias de conceitos de reactores de maiores dimens\u00f5es, nos quais \u00e9 utilizado t\u00f3rio em vez de ur\u00e2nio, por exemplo.<\/li>\n<li><a href=\"https:\/\/world-nuclear.org\/information-library\/nuclear-power-reactors\/other\/advanced-nuclear-power-reactors\" target=\"_blank\" rel=\"noopener\"><strong>Associa\u00e7\u00e3o Nuclear Mundial<\/strong><\/a> - <strong>Reactores nucleares avan\u00e7ados<\/strong> - P\u00e1gina de s\u00edntese sobre a tecnologia avan\u00e7ada de energia nuclear com maior utiliza\u00e7\u00e3o de combust\u00edvel e, por conseguinte, menos res\u00edduos. Os reactores modernos podem utilizar o combust\u00edvel de forma mais eficiente, reduzindo assim a quantidade de res\u00edduos radioactivos a longo prazo.<\/li>\n<li><a href=\"https:\/\/www.acatech.de\/wp-content\/uploads\/2018\/03\/acatech_STUDIE_Transmutationsforschung_WEB.pdf\" target=\"_blank\" rel=\"noopener\"><strong>Estudo acatech sobre parti\u00e7\u00e3o e transmuta\u00e7\u00e3o (P&amp;T)<\/strong><\/a> - An\u00e1lise cient\u00edfica da forma como os res\u00edduos radioactivos de longa dura\u00e7\u00e3o podem ser convertidos em formas de vida menos longa atrav\u00e9s da separa\u00e7\u00e3o e transmuta\u00e7\u00e3o. Os processos de P&amp;T fazem parte da investiga\u00e7\u00e3o de sistemas de reactores modernos com menores requisitos de elimina\u00e7\u00e3o final.<\/li>\n<li><a href=\"https:\/\/www.base.bund.de\/de\/nukleare-sicherheit\/kerntechnik\/partitionierung-transmutation\/partitionierung-transmutation.html\" target=\"_blank\" rel=\"noopener\"><strong>BASE<\/strong><\/a> - <strong>Transmuta\u00e7\u00e3o de res\u00edduos altamente radioactivos<\/strong> - Declara\u00e7\u00e3o oficial do Servi\u00e7o Federal para a Seguran\u00e7a da Gest\u00e3o dos Res\u00edduos Nucleares (BASE) sobre a transmuta\u00e7\u00e3o: os radionucl\u00eddeos de longa dura\u00e7\u00e3o podem ser tecnicamente convertidos em elementos mais est\u00e1veis ou de vida mais curta, o que minimiza o problema da elimina\u00e7\u00e3o a longo prazo.<\/li>\n<li><a href=\"https:\/\/www.iaea.org\/bulletin\/shrinking-nuclear-waste-and-increasing-efficiency-for-a-sustainable-energy-future\" target=\"_blank\" rel=\"noopener\"><strong>AIEA<\/strong><\/a> - <strong>Reactores r\u00e1pidos de neutr\u00f5es para a redu\u00e7\u00e3o de res\u00edduos<\/strong> - A Ag\u00eancia Internacional de Energia At\u00f3mica descreve que os reactores de neutr\u00f5es r\u00e1pidos podem reduzir significativamente a radiotoxicidade e a quantidade de res\u00edduos, utilizando elementos transur\u00e2nicos como combust\u00edvel.<\/li>\n<li><a href=\"https:\/\/www.spektrum.de\/video\/kann-der-thorium-fluessigsalz-reaktor-die-atomkraft-retten\/2065017\" target=\"_blank\" rel=\"noopener\"><strong>Espectro<\/strong><\/a> - <strong>Reator de sal fundido de t\u00f3rio (V\u00eddeo)<\/strong> - V\u00eddeo explicativo sobre o papel potencial dos reactores de t\u00f3rio e de sal fundido como tecnologia alternativa para produzir energia e gerar menos res\u00edduos de longa dura\u00e7\u00e3o.<\/li>\n<li><a href=\"https:\/\/en.wikipedia.org\/wiki\/Newcleo\" target=\"_blank\" rel=\"noopener\"><strong>Wikip\u00e9dia<\/strong><\/a> - <strong>Newcleo e estrat\u00e9gia MOX<\/strong> - A empresa Newcleo desenvolve reactores r\u00e1pidos arrefecidos a chumbo e baseia-se no combust\u00edvel MOX para reutilizar o combust\u00edvel usado e reduzir o volume de res\u00edduos a longo prazo.<\/li>\n<li><a href=\"https:\/\/apnews.com\/article\/czech-nuclear-energy-expansion-cef8a1757ac1221cb9c258a312cf2683\" target=\"_blank\" rel=\"noopener\"><strong>Not\u00edcias AP<\/strong><\/a> - <strong>Expans\u00e3o da energia nuclear na Rep\u00fablica Checa<\/strong> - A expans\u00e3o da energia nuclear noutros pa\u00edses da UE revela a vontade pol\u00edtica e econ\u00f3mica de utilizar novos conceitos de reactores, que incluem tamb\u00e9m estrat\u00e9gias modernas em mat\u00e9ria de res\u00edduos, num contexto em que a Alemanha \u00e9 mais cautelosa.<\/li>\n<\/ol>\n<hr \/>\n\n\t\t\t<div class=\"display-post-types\">\n\n\t\t\t\t\t\t\t<style type=\"text\/css\">\n\t\t\t#dpt-wrapper-488 { --dpt-text-align: left;--dpt-image-crop: center;--dpt-border-radius: 5px;--dpt-h-gutter: 10px;--dpt-v-gutter: 9px; }\t\t\t<\/style>\n\t\t\t<style type=\"text\/css\">#dpt-wrapper-488 { --dpt-title-font-style:normal;--dpt-title-font-weight:600;--dpt-title-line-height:1.5;--dpt-title-text-decoration:none;--dpt-title-text-transform:none;--dpt-excerpt-font-style:normal;--dpt-excerpt-font-weight:400;--dpt-excerpt-line-height:1.5;--dpt-excerpt-text-decoration:none;--dpt-excerpt-text-transform:none;--dpt-meta1-font-style:normal;--dpt-meta1-font-weight:400;--dpt-meta1-line-height:1.9;--dpt-meta1-text-decoration:none;--dpt-meta1-text-transform:none;--dpt-meta2-font-style:normal;--dpt-meta2-font-weight:400;--dpt-meta2-line-height:1.9;--dpt-meta2-text-decoration:none;--dpt-meta2-text-transform:none; }<\/style><div class=\"dpt-main-header\">\n\t\t\t\t\t\t<div class=\"dpt-main-title\">\n\t\t\t\t\t\t\t<span class=\"dpt-main-title-text\">Artigos actuais sobre arte e cultura<\/span>\n\t\t\t\t\t\t<\/div>\n\t\t\t\t\t\t\n\t\t\t\t\t\t\n\t\t\t\t\t\t\n\t\t\t\t\t\t<\/div>\t\t\t\n\t\t\t\t<div id=\"dpt-wrapper-488\" class=\"dpt-wrapper dpt-mag1 land1 dpt-cropped dpt-flex-wrap\" >\n\n\t\t\t\t\t\t\t\t\t\t\t<div class=\"dpt-entry has-thumbnail\" data-title=\"gr\u00f6nland, trump und die frage der zugeh\u00f6rigkeit: geschichte, recht und realit\u00e4t\" data-id=\"4325\"  data-category=\"allgemein gesellschaft kunst &amp; kultur\" data-post_tag=\"europa geopolitik krisen meinungsfreiheit sicherheitspolitik spieltheorie\">\n\t\t\t\t\t\t\t<div class=\"dpt-entry-wrapper\"><div class=\"dpt-featured-content\"><div class=\"dpt-permalink\"><a href=\"https:\/\/www.markus-schall.de\/pt\/2026\/01\/groenland-trump-e-a-questao-da-pertenca-historia-direito-e-realidade\/\" class=\"dpt-permalink\"><span class=\"screen-reader-text\">Gronel\u00e2ndia, Trump e a quest\u00e3o da perten\u00e7a: hist\u00f3ria, direito e realidade<\/span><\/a><\/div><div class=\"dpt-thumbnail\"><div class=\"dpt-thumbnail-inner\"><img width=\"1024\" height=\"683\" class=\"attachment-full size-full\" alt=\"Gronel\u00e2ndia na mira: EUA e Trump\" context=\"dpt\" data-dpt-src=\"https:\/\/www.markus-schall.de\/wp-content\/uploads\/Groenland-USA-Trump-Titel.jpg\" data-dpt-sizes=\"(max-width: 1024px) 100vw, 1024px\" data-dpt-srcset=\"https:\/\/www.markus-schall.de\/wp-content\/uploads\/Groenland-USA-Trump-Titel.jpg 1024w, https:\/\/www.markus-schall.de\/wp-content\/uploads\/Groenland-USA-Trump-Titel-300x200.jpg 300w, https:\/\/www.markus-schall.de\/wp-content\/uploads\/Groenland-USA-Trump-Titel-768x512.jpg 768w, https:\/\/www.markus-schall.de\/wp-content\/uploads\/Groenland-USA-Trump-Titel-18x12.jpg 18w\" \/><\/div><span class=\"dpt-thumbnail-aspect-ratio\" style=\"padding-top: 75%\"><\/span><\/div><\/div><div class=\"sub-entry\"><h3 class=\"dpt-title\"><a class=\"dpt-title-link\" href=\"https:\/\/www.markus-schall.de\/pt\/2026\/01\/groenland-trump-e-a-questao-da-pertenca-historia-direito-e-realidade\/\" rel=\"bookmark\">Gronel\u00e2ndia, Trump e a quest\u00e3o da perten\u00e7a: hist\u00f3ria, direito e realidade<\/a><\/h3><\/div><\/div>\n\t\t\t\t\t\t<\/div><!-- .dpt-entry -->\n\t\t\t\t\t\t\t\t\t\t\t\t<div class=\"dpt-entry has-thumbnail\" data-title=\"propaganda: geschichte, methoden, moderne formen und wie man sie erkennt\" data-id=\"4229\"  data-category=\"allgemein gesellschaft kunst &amp; kultur\" data-post_tag=\"denkmodelle energiepolitik europa geopolitik krisen meinungsfreiheit pers\u00f6nlichkeitsentwicklung sicherheitspolitik spieltheorie\">\n\t\t\t\t\t\t\t<div class=\"dpt-entry-wrapper\"><div class=\"dpt-featured-content\"><div class=\"dpt-permalink\"><a href=\"https:\/\/www.markus-schall.de\/pt\/2026\/01\/historia-da-propaganda-metodos-formas-modernas-e-como-reconhece-las\/\" class=\"dpt-permalink\"><span class=\"screen-reader-text\">Propaganda: hist\u00f3ria, m\u00e9todos, formas modernas e como reconhec\u00ea-las<\/span><\/a><\/div><div class=\"dpt-thumbnail\"><div class=\"dpt-thumbnail-inner\"><img width=\"1024\" height=\"683\" class=\"attachment-full size-full\" alt=\"O que \u00e9 a propaganda?\" context=\"dpt\" data-dpt-src=\"https:\/\/www.markus-schall.de\/wp-content\/uploads\/Propaganda-titel.jpg\" data-dpt-sizes=\"(max-width: 1024px) 100vw, 1024px\" data-dpt-srcset=\"https:\/\/www.markus-schall.de\/wp-content\/uploads\/Propaganda-titel.jpg 1024w, https:\/\/www.markus-schall.de\/wp-content\/uploads\/Propaganda-titel-300x200.jpg 300w, https:\/\/www.markus-schall.de\/wp-content\/uploads\/Propaganda-titel-768x512.jpg 768w, https:\/\/www.markus-schall.de\/wp-content\/uploads\/Propaganda-titel-18x12.jpg 18w\" \/><\/div><span class=\"dpt-thumbnail-aspect-ratio\" style=\"padding-top: 75%\"><\/span><\/div><\/div><div class=\"sub-entry\"><h3 class=\"dpt-title\"><a class=\"dpt-title-link\" href=\"https:\/\/www.markus-schall.de\/pt\/2026\/01\/historia-da-propaganda-metodos-formas-modernas-e-como-reconhece-las\/\" rel=\"bookmark\">Propaganda: hist\u00f3ria, m\u00e9todos, formas modernas e como reconhec\u00ea-las<\/a><\/h3><\/div><\/div>\n\t\t\t\t\t\t<\/div><!-- .dpt-entry -->\n\t\t\t\t\t\t\t\t\t\t\t\t<div class=\"dpt-entry has-thumbnail\" data-title=\"apple im wandel: fr\u00fche ger\u00e4te, eigene erfahrungen und eine ausstellung im ocm\" data-id=\"5480\"  data-category=\"allgemein apple iphone &amp; ipad apple macos hardware kunst &amp; kultur stories &amp; humor\" data-post_tag=\"apple erfahrungen filemaker mac prozesse publishing\">\n\t\t\t\t\t\t\t<div class=\"dpt-entry-wrapper\"><div class=\"dpt-featured-content\"><div class=\"dpt-permalink\"><a href=\"https:\/\/www.markus-schall.de\/pt\/2026\/03\/apple-em-transicao-dispositivos-antigos-experiencias-proprias-e-uma-exposicao-na-ocm\/\" class=\"dpt-permalink\"><span class=\"screen-reader-text\">Apple em transi\u00e7\u00e3o: primeiros dispositivos, experi\u00eancias pessoais e uma exposi\u00e7\u00e3o no OCM<\/span><\/a><\/div><div class=\"dpt-thumbnail\"><div class=\"dpt-thumbnail-inner\"><img width=\"1024\" height=\"683\" class=\"attachment-full size-full\" alt=\"Apple Macintosh Classic e Colour Classic\" context=\"dpt\" data-dpt-src=\"https:\/\/www.markus-schall.de\/wp-content\/uploads\/Apple-OCM-Titel.jpg\" data-dpt-sizes=\"(max-width: 1024px) 100vw, 1024px\" data-dpt-srcset=\"https:\/\/www.markus-schall.de\/wp-content\/uploads\/Apple-OCM-Titel.jpg 1024w, https:\/\/www.markus-schall.de\/wp-content\/uploads\/Apple-OCM-Titel-300x200.jpg 300w, https:\/\/www.markus-schall.de\/wp-content\/uploads\/Apple-OCM-Titel-768x512.jpg 768w, https:\/\/www.markus-schall.de\/wp-content\/uploads\/Apple-OCM-Titel-18x12.jpg 18w\" \/><\/div><span class=\"dpt-thumbnail-aspect-ratio\" style=\"padding-top: 75%\"><\/span><\/div><\/div><div class=\"sub-entry\"><h3 class=\"dpt-title\"><a class=\"dpt-title-link\" href=\"https:\/\/www.markus-schall.de\/pt\/2026\/03\/apple-em-transicao-dispositivos-antigos-experiencias-proprias-e-uma-exposicao-na-ocm\/\" rel=\"bookmark\">Apple em transi\u00e7\u00e3o: primeiros dispositivos, experi\u00eancias pessoais e uma exposi\u00e7\u00e3o no OCM<\/a><\/h3><\/div><\/div>\n\t\t\t\t\t\t<\/div><!-- .dpt-entry -->\n\t\t\t\t\t\t\t\t\t\t\t\t<div class=\"dpt-entry has-thumbnail\" data-title=\"vicco von b\u00fclow alias loriot \u2013 ordnung, form und der leise widerstand des humors\" data-id=\"4169\"  data-category=\"allgemein gesellschaft kunst &amp; kultur stories &amp; humor\" data-post_tag=\"deutschland erfahrungen pers\u00f6nlichkeitsentwicklung portrait\">\n\t\t\t\t\t\t\t<div class=\"dpt-entry-wrapper\"><div class=\"dpt-featured-content\"><div class=\"dpt-permalink\"><a href=\"https:\/\/www.markus-schall.de\/pt\/2025\/12\/vicco-von-buelow-alias-loriot-nota-de-encomenda-e-a-resistencia-silenciosa-do-humor\/\" class=\"dpt-permalink\"><span class=\"screen-reader-text\">Vicco von B\u00fclow alias Loriot - ordem, forma e a resist\u00eancia silenciosa do humor<\/span><\/a><\/div><div class=\"dpt-thumbnail\"><div class=\"dpt-thumbnail-inner\"><img width=\"1024\" height=\"747\" class=\"attachment-full size-full\" alt=\"\" context=\"dpt\" data-dpt-src=\"https:\/\/www.markus-schall.de\/wp-content\/uploads\/Loriot-Titel.jpg\" data-dpt-sizes=\"(max-width: 1024px) 100vw, 1024px\" data-dpt-srcset=\"https:\/\/www.markus-schall.de\/wp-content\/uploads\/Loriot-Titel.jpg 1024w, https:\/\/www.markus-schall.de\/wp-content\/uploads\/Loriot-Titel-300x219.jpg 300w, https:\/\/www.markus-schall.de\/wp-content\/uploads\/Loriot-Titel-768x560.jpg 768w, https:\/\/www.markus-schall.de\/wp-content\/uploads\/Loriot-Titel-16x12.jpg 16w\" \/><\/div><span class=\"dpt-thumbnail-aspect-ratio\" style=\"padding-top: 75%\"><\/span><\/div><\/div><div class=\"sub-entry\"><h3 class=\"dpt-title\"><a class=\"dpt-title-link\" href=\"https:\/\/www.markus-schall.de\/pt\/2025\/12\/vicco-von-buelow-alias-loriot-nota-de-encomenda-e-a-resistencia-silenciosa-do-humor\/\" rel=\"bookmark\">Vicco von B\u00fclow alias Loriot - ordem, forma e a resist\u00eancia silenciosa do humor<\/a><\/h3><\/div><\/div>\n\t\t\t\t\t\t<\/div><!-- .dpt-entry -->\n\t\t\t\t\t\t\n\t\t\t\t<\/div>\n\t\t\t\t\t\t<\/div>\n\t\t\t\n<hr \/>\n<h2>Perguntas mais frequentes<\/h2>\n<ol>\n<li><strong>Porque \u00e9 que os pre\u00e7os da energia s\u00e3o atualmente t\u00e3o elevados?<\/strong><br \/>\nOs pre\u00e7os da energia n\u00e3o aumentaram apenas porque as mat\u00e9rias-primas se tornaram mais escassas ou porque as empresas se tornaram mais \u201egananciosas\u201c. S\u00e3o o resultado de muitas decis\u00f5es a longo prazo: Regras de mercado, impostos, taxas, expans\u00e3o da rede, requisitos de seguran\u00e7a e objectivos pol\u00edticos. No caso da eletricidade e do g\u00e1s, em particular, os custos estruturais desempenham um papel mais importante do que o pre\u00e7o real da mat\u00e9ria-prima. Aqueles que apenas olham para o atual desencadeamento ignoram esta longa hist\u00f3ria.<\/li>\n<li><strong>Porque \u00e9 que o pre\u00e7o da gasolina \u00e9 particularmente injusto?<\/strong><br \/>\nPorque \u00e9 vis\u00edvel e muda diariamente. Ao mesmo tempo, o pre\u00e7o da gasolina \u00e9, em grande parte, constitu\u00eddo por impostos e taxas fixos. Mesmo que o pre\u00e7o do petr\u00f3leo des\u00e7a, esta base mant\u00e9m-se. Por isso, muitas pessoas suspeitam de manipula\u00e7\u00e3o do mercado, apesar de uma grande parte do pre\u00e7o ser fixado politicamente.<\/li>\n<li><strong>O pre\u00e7o do petr\u00f3leo continua a ter uma grande influ\u00eancia no pre\u00e7o da gasolina atualmente?<\/strong><br \/>\nSim, mas menos do que muitas pessoas pensam. O pre\u00e7o do petr\u00f3leo influencia a parte vari\u00e1vel, mas os impostos, as taxas de CO\u2082 e o IVA representam muitas vezes mais de metade do pre\u00e7o final. \u00c9 por isso que os pre\u00e7os da gasolina s\u00f3 reagem de forma moderada \u00e0 descida do pre\u00e7o do petr\u00f3leo, mas sobem rapidamente quando v\u00e1rios factores se conjugam.<\/li>\n<li><strong>Porque \u00e9 que a eletricidade \u00e9 mais cara na Alemanha do que em muitos outros pa\u00edses?<\/strong><br \/>\nPorque o pre\u00e7o da eletricidade aqui \u00e9 fortemente caracterizado pelas taxas da rede, impostos e custos do sistema. A expans\u00e3o das energias renov\u00e1veis, a necess\u00e1ria expans\u00e3o da rede e a garantia do abastecimento est\u00e3o permanentemente reflectidas no pre\u00e7o. O pre\u00e7o da energia pura \u00e9 apenas uma parte da fatura.<\/li>\n<li><strong>Porque \u00e9 que o pre\u00e7o da eletricidade n\u00e3o baixa significativamente quando \u00e9 produzida muita energia e\u00f3lica ou solar?<\/strong><br \/>\nPorque o pre\u00e7o da eletricidade n\u00e3o \u00e9 apenas fixado em fun\u00e7\u00e3o da fonte mais barata, mas em fun\u00e7\u00e3o do sistema como um todo. Se forem necess\u00e1rias centrais el\u00e9ctricas de reserva - frequentemente centrais el\u00e9ctricas a g\u00e1s - a sua estrutura de custos determina frequentemente o pre\u00e7o de mercado. Uma produ\u00e7\u00e3o favor\u00e1vel tende a baixar o pre\u00e7o, mas n\u00e3o eleva automaticamente o sistema a um n\u00edvel baixo.<\/li>\n<li><strong>Porque \u00e9 que o g\u00e1s desempenha um papel t\u00e3o importante no pre\u00e7o da eletricidade?<\/strong><br \/>\nO g\u00e1s \u00e9 muitas vezes a fonte de energia flex\u00edvel que entra em a\u00e7\u00e3o quando o vento e o sol n\u00e3o conseguem produzir. Em muitos modelos de mercado, \u00e9 precisamente esta \u00faltima central el\u00e9ctrica que estabelece o pre\u00e7o. Se o g\u00e1s \u00e9 caro, a eletricidade tamb\u00e9m o \u00e9 - mesmo que parte da eletricidade provenha de fontes mais baratas.<\/li>\n<li><strong>O pre\u00e7o do g\u00e1s era realmente mais est\u00e1vel no passado?<\/strong><br \/>\nSim, claramente. Antigamente, predominavam os contratos de fornecimento a longo prazo com f\u00f3rmulas de pre\u00e7os claras. Isto tornava o g\u00e1s mais previs\u00edvel, mas menos flex\u00edvel. Com a liberaliza\u00e7\u00e3o do mercado, o g\u00e1s passou a ser cada vez mais transaccionado numa base de curto prazo, o que tornou os pre\u00e7os mais vol\u00e1teis - e, por conseguinte, mais suscept\u00edveis a flutua\u00e7\u00f5es.<\/li>\n<li><strong>Porque \u00e9 que o mercado do g\u00e1s foi liberalizado?<\/strong><br \/>\nA ideia era conseguir pre\u00e7os mais eficientes, mais escolha e inova\u00e7\u00e3o atrav\u00e9s da concorr\u00eancia. Isto funcionou at\u00e9 certo ponto, mas teve um efeito secund\u00e1rio: o g\u00e1s foi transformado de um produto de fornecimento numa mercadoria. Este facto trouxe mais volatilidade, expectativas e psicologia de mercado.<\/li>\n<li><strong>O que significa o facto de o g\u00e1s ser agora comercializado em \u201ehubs\u201c?<\/strong><br \/>\nUm hub \u00e9 um ponto de negocia\u00e7\u00e3o central no qual os pre\u00e7os s\u00e3o formados. Estes pre\u00e7os servem de refer\u00eancia para muitos contratos. Isto assegura a transpar\u00eancia, mas tamb\u00e9m significa que os movimentos de pre\u00e7os s\u00e3o rapidamente transmitidos a todo o mercado - independentemente de haver ou n\u00e3o uma escassez f\u00edsica de g\u00e1s.<\/li>\n<li><strong>Porque \u00e9 que os pre\u00e7os do g\u00e1s reagem t\u00e3o fortemente \u00e0s not\u00edcias e \u00e0s expectativas?<\/strong><br \/>\nPorque os pre\u00e7os de mercado n\u00e3o reflectem apenas a escassez real, mas tamb\u00e9m os riscos e a incerteza. At\u00e9 o medo da escassez pode fazer subir os pre\u00e7os. Esta din\u00e2mica \u00e9 t\u00edpica dos mercados, mas \u00e9 nova para uma fonte de energia que costumava ser predominantemente planeada a longo prazo.<\/li>\n<li><strong>Foi s\u00f3 a pol\u00edtica que provocou o aumento do pre\u00e7o da gasolina?<\/strong><br \/>\nN\u00e3o, mas as decis\u00f5es pol\u00edticas moldaram a estrutura do mercado. As regras relativas \u00e0 liberaliza\u00e7\u00e3o do mercado, \u00e0 seguran\u00e7a do abastecimento e aos n\u00edveis de armazenamento influenciam a forma\u00e7\u00e3o dos pre\u00e7os. A intera\u00e7\u00e3o entre a pol\u00edtica e o mercado \u00e9 crucial - a simples atribui\u00e7\u00e3o de culpas n\u00e3o \u00e9 suficiente.<\/li>\n<li><strong>Porque \u00e9 que os regulamentos de armazenamento podem at\u00e9 aumentar os pre\u00e7os?<\/strong><br \/>\nSe os mercados souberem que o g\u00e1s tem de ser armazenado em determinadas alturas, surge uma procura previs\u00edvel. Este facto pode apoiar ou aumentar os pre\u00e7os, porque os fornecedores sabem que t\u00eam de comprar. A seguran\u00e7a aumenta a estabilidade, mas n\u00e3o \u00e9 gratuita.<\/li>\n<li><strong>A situa\u00e7\u00e3o atual \u00e9 apenas uma crise tempor\u00e1ria?<\/strong><br \/>\nAs flutua\u00e7\u00f5es a curto prazo est\u00e3o relacionadas com a crise, mas a estrutura fundamental mant\u00e9m-se. Isto significa que os picos extremos podem voltar a diminuir, mas um per\u00edodo de pre\u00e7os da energia permanentemente muito favor\u00e1veis \u00e9 bastante improv\u00e1vel na atual conjuntura.<\/li>\n<li><strong>Porque \u00e9 que a energia elevada afecta especialmente a ind\u00fastria?<\/strong><br \/>\nA ind\u00fastria necessita de grandes quantidades cont\u00ednuas de energia. Pequenas altera\u00e7\u00f5es de pre\u00e7os t\u00eam imediatamente um enorme impacto na estrutura de custos. Os agregados familiares apercebem-se dos aumentos de pre\u00e7os, mas as empresas perdem rapidamente a competitividade quando os pre\u00e7os da energia s\u00e3o elevados.<\/li>\n<li><strong>H\u00e1 alguma coisa que os consumidores possam fazer contra os pre\u00e7os elevados da energia?<\/strong><br \/>\nSim, mas sobretudo de forma indireta. Pode reduzir o seu pr\u00f3prio consumo, reduzir as cargas de base, ajustar as tarifas e evitar custos desnecess\u00e1rios. N\u00e3o pode influenciar o pre\u00e7o de mercado em si, mas pode certamente influenciar a sua pr\u00f3pria fatura.<\/li>\n<li><strong>Qual \u00e9 a medida que geralmente tem o maior efeito privado?<\/strong><br \/>\nPara a eletricidade, \u00e9 a redu\u00e7\u00e3o da carga de base, para o aquecimento \u00e9 a redu\u00e7\u00e3o do consumo, para a mobilidade \u00e9 a dist\u00e2ncia percorrida. Nem sempre s\u00e3o necess\u00e1rios grandes investimentos t\u00e9cnicos - medidas simples, aplicadas de forma consistente, t\u00eam frequentemente o efeito mais sustent\u00e1vel.<\/li>\n<li><strong>Vale a pena mudar constantemente de fornecedor?<\/strong><br \/>\nPor vezes, mas nem sempre. Um pre\u00e7o baixo da m\u00e3o de obra pode ser compensado por um pre\u00e7o de base elevado. \u00c9 importante que a tarifa e a utiliza\u00e7\u00e3o correspondam. A mudan\u00e7a permanente n\u00e3o substitui uma compreens\u00e3o fundamental da estrutura de custos.<\/li>\n<li><strong>Ser\u00e3o as energias renov\u00e1veis as culpadas pelos pre\u00e7os elevados?<\/strong><br \/>\nN\u00e3o, mas a sua expans\u00e3o est\u00e1 a alterar o sistema. A produ\u00e7\u00e3o est\u00e1 a tornar-se mais descentralizada e flutuante, o que exige redes e capacidades de reserva. Estes custos s\u00e3o reais e reflectem-se no pre\u00e7o - independentemente da forma como se avalia a transi\u00e7\u00e3o energ\u00e9tica.<\/li>\n<li><strong>Os pre\u00e7os da energia voltar\u00e3o a ser \u201ecomo dantes\u201c?<\/strong><br \/>\nMuito provavelmente n\u00e3o. As condi\u00e7\u00f5es de enquadramento mudaram: mais seguran\u00e7a, mais regulamenta\u00e7\u00e3o, sistemas mais complexos. \u00c9 poss\u00edvel uma maior estabilidade e previsibilidade - mas n\u00e3o um regresso \u00e0s estruturas de pre\u00e7os simples das \u00faltimas d\u00e9cadas.<\/li>\n<li><strong>Qual \u00e9 a conclus\u00e3o mais importante de tudo isto?<\/strong><br \/>\nO facto de os pre\u00e7os da energia n\u00e3o serem um mist\u00e9rio, mas poderem ser explicados - se estivermos preparados para olhar para as longas filas. Aqueles que compreendem a mec\u00e2nica perdem a sobrecarga emocional e ganham orienta\u00e7\u00e3o. E esta \u00e9 precisamente a base para qualquer debate significativo sobre a energia, a economia e o futuro.<\/li>\n<\/ol>\n<hr \/>\n<h2>Relat\u00f3rios mais antigos sobre os pre\u00e7os da energia na Alemanha<\/h2>\n<p><strong>14.03.2026<\/strong>A situa\u00e7\u00e3o de tens\u00e3o no Golfo P\u00e9rsico est\u00e1 de novo a ocupar o centro das aten\u00e7\u00f5es nos mercados da energia. Um artigo recente do canal de not\u00edcias WELT alerta para as enormes consequ\u00eancias de um eventual bloqueio do Estreito de Ormuz. Cerca de 20% das exporta\u00e7\u00f5es mundiais de petr\u00f3leo e g\u00e1s passam por este estreito estrategicamente crucial. Se o conflito com o Ir\u00e3o continuar a agravar-se, os pre\u00e7os da energia poder\u00e3o aumentar significativamente. Embora as reservas estrat\u00e9gicas j\u00e1 tenham sido libertadas, considera-se que o seu efeito atenuante \u00e9 limitado.<\/p>\n<div class=\"lyte-wrapper\" style=\"width:640px;max-width:100%;margin:5px;\"><div class=\"lyMe\" id=\"WYL_lr0xq-Njy_Y\"><div id=\"lyte_lr0xq-Njy_Y\" data-src=\"https:\/\/www.markus-schall.de\/wp-content\/plugins\/wp-youtube-lyte\/lyteCache.php?origThumbUrl=%2F%2Fi.ytimg.com%2Fvi%2Flr0xq-Njy_Y%2Fhqdefault.jpg\" class=\"pL\"><div class=\"tC\"><div class=\"tT\"><\/div><\/div><div class=\"play\"><\/div><div class=\"ctrl\"><div class=\"Lctrl\"><\/div><div class=\"Rctrl\"><\/div><\/div><\/div><noscript><a href=\"https:\/\/youtu.be\/lr0xq-Njy_Y\" rel=\"nofollow noopener\" target=\"_blank\"><img loading=\"lazy\" decoding=\"async\" src=\"https:\/\/www.markus-schall.de\/wp-content\/plugins\/wp-youtube-lyte\/lyteCache.php?origThumbUrl=https%3A%2F%2Fi.ytimg.com%2Fvi%2Flr0xq-Njy_Y%2F0.jpg\" alt=\"Miniatura de v\u00eddeo do YouTube\" width=\"640\" height=\"340\" \/><br \/>Ver este v\u00eddeo no YouTube<\/a><\/noscript><\/div><\/div><div class=\"lL\" style=\"max-width:100%;width:640px;margin:5px;\"><\/div><br \/>\nChoque petrol\u00edfero na Alemanha! Especialista alerta para as consequ\u00eancias maci\u00e7as do bloqueio de Ormuz <a href=\"https:\/\/www.youtube.com\/@WELTVideoTV\" target=\"_blank\" rel=\"nofollow noopener\">Canal de not\u00edcias WELT<\/a><\/p>\n<p>A situa\u00e7\u00e3o do g\u00e1s \u00e9 particularmente cr\u00edtica, uma vez que as instala\u00e7\u00f5es de armazenamento a n\u00edvel mundial oferecem apenas uma pequena reserva. Um conflito prolongado teria, por conseguinte, um impacto n\u00e3o s\u00f3 nos custos da gasolina e do aquecimento, mas poderia tamb\u00e9m colocar a economia mundial no seu conjunto sob uma press\u00e3o consider\u00e1vel.<\/p>\n<p><strong>03.03.2026<\/strong>: O conflito em curso no M\u00e9dio Oriente poder\u00e1 <a href=\"https:\/\/www.n-tv.de\/wirtschaft\/Wir-erwarten-eine-Verdoppelung-der-Energiepreise-id30421555.html\" target=\"_blank\" rel=\"noopener\"><strong>de acordo com uma reportagem da ntv<\/strong><\/a> Segundo o economista-chefe Carsten Brzeski, do ING, a Alemanha est\u00e1 amea\u00e7ada de duplicar os pre\u00e7os da energia se a situa\u00e7\u00e3o no Golfo continuar a deteriorar-se - s\u00f3 o pre\u00e7o do petr\u00f3leo pode voltar a subir para 100 d\u00f3lares por barril. Esta situa\u00e7\u00e3o atinge a ind\u00fastria e os consumidores no pior momento poss\u00edvel, uma vez que a recupera\u00e7\u00e3o econ\u00f3mica acaba de ganhar novo \u00edmpeto. Embora a Alemanha esteja agora menos dependente de fornecedores individuais do que anteriormente, os choques de pre\u00e7os ainda s\u00e3o poss\u00edveis. O aumento dos custos do g\u00e1s e da eletricidade, em particular, teria um impacto not\u00e1vel na infla\u00e7\u00e3o e na economia.<\/p>\n<hr \/>\n\n\t\t\t<div class=\"display-post-types\">\n\n\t\t\t\t\t\t\t<style type=\"text\/css\">\n\t\t\t#dpt-wrapper-489 { --dpt-text-align: left;--dpt-image-crop: center;--dpt-border-radius: 5px;--dpt-h-gutter: 10px;--dpt-v-gutter: 9px; }\t\t\t<\/style>\n\t\t\t<style type=\"text\/css\">#dpt-wrapper-489 { --dpt-title-font-style:normal;--dpt-title-font-weight:600;--dpt-title-line-height:1.5;--dpt-title-text-decoration:none;--dpt-title-text-transform:none;--dpt-excerpt-font-style:normal;--dpt-excerpt-font-weight:400;--dpt-excerpt-line-height:1.5;--dpt-excerpt-text-decoration:none;--dpt-excerpt-text-transform:none;--dpt-meta1-font-style:normal;--dpt-meta1-font-weight:400;--dpt-meta1-line-height:1.9;--dpt-meta1-text-decoration:none;--dpt-meta1-text-transform:none;--dpt-meta2-font-style:normal;--dpt-meta2-font-weight:400;--dpt-meta2-line-height:1.9;--dpt-meta2-text-decoration:none;--dpt-meta2-text-transform:none; }<\/style><div class=\"dpt-main-header\">\n\t\t\t\t\t\t<div class=\"dpt-main-title\">\n\t\t\t\t\t\t\t<span class=\"dpt-main-title-text\">Artigos actuais sobre intelig\u00eancia artificial<\/span>\n\t\t\t\t\t\t<\/div>\n\t\t\t\t\t\t\n\t\t\t\t\t\t\n\t\t\t\t\t\t\n\t\t\t\t\t\t<\/div>\t\t\t\n\t\t\t\t<div id=\"dpt-wrapper-489\" class=\"dpt-wrapper dpt-mag1 land1 dpt-cropped dpt-flex-wrap\" >\n\n\t\t\t\t\t\t\t\t\t\t\t<div class=\"dpt-entry has-thumbnail\" data-title=\"wenn der mac zuh\u00f6rt: was apples integrierte ki mit gemini und siri k\u00fcnftig f\u00fcr nutzer bedeutet\" data-id=\"4813\"  data-category=\"apple iphone &amp; ipad apple macos ki-systeme\" data-post_tag=\"apple datenlogik datenschutz k\u00fcnstliche intelligenz llm mac prozesse sprachmodell\">\n\t\t\t\t\t\t\t<div class=\"dpt-entry-wrapper\"><div class=\"dpt-featured-content\"><div class=\"dpt-permalink\"><a href=\"https:\/\/www.markus-schall.de\/pt\/2026\/02\/se-o-mac-der-ouvidos-ao-que-o-ki-integrado-da-apple-com-o-gemini-e-o-siri-significara-para-os-utilizadores-no-futuro\/\" class=\"dpt-permalink\"><span class=\"screen-reader-text\">Quando o Mac ouve: o que a IA integrada do Apple com o Gemini e a Siri significar\u00e1 para os utilizadores no futuro<\/span><\/a><\/div><div class=\"dpt-thumbnail\"><div class=\"dpt-thumbnail-inner\"><img width=\"1024\" height=\"683\" class=\"attachment-full size-full\" alt=\"Apple, Siri e Gemini\" context=\"dpt\" data-dpt-src=\"https:\/\/www.markus-schall.de\/wp-content\/uploads\/Apple-Siri-Gemini.jpg\" data-dpt-sizes=\"(max-width: 1024px) 100vw, 1024px\" data-dpt-srcset=\"https:\/\/www.markus-schall.de\/wp-content\/uploads\/Apple-Siri-Gemini.jpg 1024w, https:\/\/www.markus-schall.de\/wp-content\/uploads\/Apple-Siri-Gemini-300x200.jpg 300w, https:\/\/www.markus-schall.de\/wp-content\/uploads\/Apple-Siri-Gemini-768x512.jpg 768w, https:\/\/www.markus-schall.de\/wp-content\/uploads\/Apple-Siri-Gemini-18x12.jpg 18w\" \/><\/div><span class=\"dpt-thumbnail-aspect-ratio\" style=\"padding-top: 75%\"><\/span><\/div><\/div><div class=\"sub-entry\"><h3 class=\"dpt-title\"><a class=\"dpt-title-link\" href=\"https:\/\/www.markus-schall.de\/pt\/2026\/02\/se-o-mac-der-ouvidos-ao-que-o-ki-integrado-da-apple-com-o-gemini-e-o-siri-significara-para-os-utilizadores-no-futuro\/\" rel=\"bookmark\">Quando o Mac ouve: o que a IA integrada do Apple com o Gemini e a Siri significar\u00e1 para os utilizadores no futuro<\/a><\/h3><\/div><\/div>\n\t\t\t\t\t\t<\/div><!-- .dpt-entry -->\n\t\t\t\t\t\t\t\t\t\t\t\t<div class=\"dpt-entry has-thumbnail\" data-title=\"lokale ki auf dem mac: so installieren sie ein sprachmodell mit ollama\" data-id=\"2442\"  data-category=\"ki-systeme tipps &amp; anleitungen\" data-post_tag=\"datenschutz k\u00fcnstliche intelligenz llama llm mac mistral ollama sprachmodell\">\n\t\t\t\t\t\t\t<div class=\"dpt-entry-wrapper\"><div class=\"dpt-featured-content\"><div class=\"dpt-permalink\"><a href=\"https:\/\/www.markus-schall.de\/pt\/2025\/08\/local-ki-no-mac-como-este-1tp12para-criar-um-modelo-de-linguagem-com-ollama\/\" class=\"dpt-permalink\"><span class=\"screen-reader-text\">IA local no Mac: Como installerceirizar um modelo de linguagem com o Ollama<\/span><\/a><\/div><div class=\"dpt-thumbnail\"><div class=\"dpt-thumbnail-inner\"><img width=\"1024\" height=\"683\" class=\"attachment-full size-full\" alt=\"Local AI installieren com Ollama no Mac\" context=\"dpt\" data-dpt-src=\"https:\/\/www.markus-schall.de\/wp-content\/uploads\/Lokale-KI-auf-Apple-Mac.jpg\" data-dpt-sizes=\"(max-width: 1024px) 100vw, 1024px\" data-dpt-srcset=\"https:\/\/www.markus-schall.de\/wp-content\/uploads\/Lokale-KI-auf-Apple-Mac.jpg 1024w, https:\/\/www.markus-schall.de\/wp-content\/uploads\/Lokale-KI-auf-Apple-Mac-300x200.jpg 300w, https:\/\/www.markus-schall.de\/wp-content\/uploads\/Lokale-KI-auf-Apple-Mac-768x512.jpg 768w, https:\/\/www.markus-schall.de\/wp-content\/uploads\/Lokale-KI-auf-Apple-Mac-18x12.jpg 18w\" \/><\/div><span class=\"dpt-thumbnail-aspect-ratio\" style=\"padding-top: 75%\"><\/span><\/div><\/div><div class=\"sub-entry\"><h3 class=\"dpt-title\"><a class=\"dpt-title-link\" href=\"https:\/\/www.markus-schall.de\/pt\/2025\/08\/local-ki-no-mac-como-este-1tp12para-criar-um-modelo-de-linguagem-com-ollama\/\" rel=\"bookmark\">IA local no Mac: Como installerceirizar um modelo de linguagem com o Ollama<\/a><\/h3><\/div><\/div>\n\t\t\t\t\t\t<\/div><!-- .dpt-entry -->\n\t\t\t\t\t\t\t\t\t\t\t\t<div class=\"dpt-entry has-thumbnail\" data-title=\"mit ki dialogisch denken lernen: warum gute fragen wichtiger sind als gute modelle\" data-id=\"4700\"  data-category=\"allgemein ki-systeme tipps &amp; anleitungen\" data-post_tag=\"denkmodelle k\u00fcnstliche intelligenz lernen llm prozesse ratgeber sprachmodell\">\n\t\t\t\t\t\t\t<div class=\"dpt-entry-wrapper\"><div class=\"dpt-featured-content\"><div class=\"dpt-permalink\"><a href=\"https:\/\/www.markus-schall.de\/pt\/2026\/02\/aprender-a-pensar-em-dialogo-com-ki-porque-e-que-as-boas-perguntas-sao-mais-importantes-do-que-os-bons-modelos\/\" class=\"dpt-permalink\"><span class=\"screen-reader-text\">Aprender a pensar em di\u00e1logo com a IA: porque \u00e9 que boas perguntas s\u00e3o mais importantes do que bons modelos<\/span><\/a><\/div><div class=\"dpt-thumbnail\"><div class=\"dpt-thumbnail-inner\"><img width=\"1024\" height=\"683\" class=\"attachment-full size-full\" alt=\"Aprender a pensar em di\u00e1logo com a IA\" context=\"dpt\" data-dpt-src=\"https:\/\/www.markus-schall.de\/wp-content\/uploads\/Denken-lernen-mit-KI.jpg\" data-dpt-sizes=\"(max-width: 1024px) 100vw, 1024px\" data-dpt-srcset=\"https:\/\/www.markus-schall.de\/wp-content\/uploads\/Denken-lernen-mit-KI.jpg 1024w, https:\/\/www.markus-schall.de\/wp-content\/uploads\/Denken-lernen-mit-KI-300x200.jpg 300w, https:\/\/www.markus-schall.de\/wp-content\/uploads\/Denken-lernen-mit-KI-768x512.jpg 768w, https:\/\/www.markus-schall.de\/wp-content\/uploads\/Denken-lernen-mit-KI-18x12.jpg 18w\" \/><\/div><span class=\"dpt-thumbnail-aspect-ratio\" style=\"padding-top: 75%\"><\/span><\/div><\/div><div class=\"sub-entry\"><h3 class=\"dpt-title\"><a class=\"dpt-title-link\" href=\"https:\/\/www.markus-schall.de\/pt\/2026\/02\/aprender-a-pensar-em-dialogo-com-ki-porque-e-que-as-boas-perguntas-sao-mais-importantes-do-que-os-bons-modelos\/\" rel=\"bookmark\">Aprender a pensar em di\u00e1logo com a IA: porque \u00e9 que boas perguntas s\u00e3o mais importantes do que bons modelos<\/a><\/h3><\/div><\/div>\n\t\t\t\t\t\t<\/div><!-- .dpt-entry -->\n\t\t\t\t\t\t\t\t\t\t\t\t<div class=\"dpt-entry has-thumbnail\" data-title=\"mit klarheit durch die krise: wie ki neue perspektiven er\u00f6ffnet\" data-id=\"2436\"  data-category=\"b\u00fccher\" data-post_tag=\"buch krisen k\u00fcnstliche intelligenz lernen pers\u00f6nlichkeitsentwicklung ratgeber\">\n\t\t\t\t\t\t\t<div class=\"dpt-entry-wrapper\"><div class=\"dpt-featured-content\"><div class=\"dpt-permalink\"><a href=\"https:\/\/www.markus-schall.de\/pt\/2025\/08\/com-clareza-atraves-da-crise-como-a-ki-abre-novas-perspectivas\/\" class=\"dpt-permalink\"><span class=\"screen-reader-text\">Atravessar a crise com clareza: como a IA abre novas perspectivas<\/span><\/a><\/div><div class=\"dpt-thumbnail\"><div class=\"dpt-thumbnail-inner\"><img width=\"838\" height=\"1200\" class=\"attachment-full size-full\" alt=\"Livro &quot;As crises como pontos de viragem - aprender, crescer, moldar\" context=\"dpt\" data-dpt-src=\"https:\/\/www.markus-schall.de\/wp-content\/uploads\/Krisen-Cover-Front-DEjpg.jpg\" data-dpt-sizes=\"(max-width: 838px) 100vw, 838px\" data-dpt-srcset=\"https:\/\/www.markus-schall.de\/wp-content\/uploads\/Krisen-Cover-Front-DEjpg.jpg 838w, https:\/\/www.markus-schall.de\/wp-content\/uploads\/Krisen-Cover-Front-DEjpg-210x300.jpg 210w, https:\/\/www.markus-schall.de\/wp-content\/uploads\/Krisen-Cover-Front-DEjpg-715x1024.jpg 715w, https:\/\/www.markus-schall.de\/wp-content\/uploads\/Krisen-Cover-Front-DEjpg-768x1100.jpg 768w, https:\/\/www.markus-schall.de\/wp-content\/uploads\/Krisen-Cover-Front-DEjpg-8x12.jpg 8w\" \/><\/div><span class=\"dpt-thumbnail-aspect-ratio\" style=\"padding-top: 75%\"><\/span><\/div><\/div><div class=\"sub-entry\"><h3 class=\"dpt-title\"><a class=\"dpt-title-link\" href=\"https:\/\/www.markus-schall.de\/pt\/2025\/08\/com-clareza-atraves-da-crise-como-a-ki-abre-novas-perspectivas\/\" rel=\"bookmark\">Atravessar a crise com clareza: como a IA abre novas perspectivas<\/a><\/h3><\/div><\/div>\n\t\t\t\t\t\t<\/div><!-- .dpt-entry -->\n\t\t\t\t\t\t\n\t\t\t\t<\/div>\n\t\t\t\t\t\t<\/div>\n\t\t\t\n<hr \/>","protected":false},"excerpt":{"rendered":"<p>Na minha vida quotidiana, os pre\u00e7os elevados da energia n\u00e3o me afectam. Trabalho principalmente com computadores Apple, cuja efici\u00eancia foi optimizada durante anos, e desloco-me pela cidade quase exclusivamente por via el\u00e9ctrica. Em termos simples, isso n\u00e3o custa nada. No entanto, n\u00e3o consigo deixar de pensar: as empresas \u00e0 nossa volta est\u00e3o a ... <a title=\"Atravessar a crise com clareza: como a IA abre novas perspectivas\" class=\"read-more\" href=\"https:\/\/www.markus-schall.de\/pt\/2025\/08\/com-clareza-atraves-da-crise-como-a-ki-abre-novas-perspectivas\/\" aria-label=\"Leia mais sobre Com clareza durante a crise: como a IA abre novas perspectivas\">Ler mais<\/a><\/p>","protected":false},"author":1,"featured_media":4112,"comment_status":"open","ping_status":"open","sticky":false,"template":"","format":"standard","meta":{"iawp_total_views":463,"footnotes":""},"categories":[1,461,466,4],"tags":[480,481,470,475,426,448],"class_list":["post-4103","post","type-post","status-publish","format-standard","has-post-thumbnail","hentry","category-allgemein","category-featured","category-gesellschaft","category-tipps-anleitungen","tag-deutschland","tag-energiepolitik","tag-eu-gesetze","tag-europa","tag-krisen","tag-ratgeber"],"_links":{"self":[{"href":"https:\/\/www.markus-schall.de\/pt\/wp-json\/wp\/v2\/posts\/4103","targetHints":{"allow":["GET"]}}],"collection":[{"href":"https:\/\/www.markus-schall.de\/pt\/wp-json\/wp\/v2\/posts"}],"about":[{"href":"https:\/\/www.markus-schall.de\/pt\/wp-json\/wp\/v2\/types\/post"}],"author":[{"embeddable":true,"href":"https:\/\/www.markus-schall.de\/pt\/wp-json\/wp\/v2\/users\/1"}],"replies":[{"embeddable":true,"href":"https:\/\/www.markus-schall.de\/pt\/wp-json\/wp\/v2\/comments?post=4103"}],"version-history":[{"count":40,"href":"https:\/\/www.markus-schall.de\/pt\/wp-json\/wp\/v2\/posts\/4103\/revisions"}],"predecessor-version":[{"id":5924,"href":"https:\/\/www.markus-schall.de\/pt\/wp-json\/wp\/v2\/posts\/4103\/revisions\/5924"}],"wp:featuredmedia":[{"embeddable":true,"href":"https:\/\/www.markus-schall.de\/pt\/wp-json\/wp\/v2\/media\/4112"}],"wp:attachment":[{"href":"https:\/\/www.markus-schall.de\/pt\/wp-json\/wp\/v2\/media?parent=4103"}],"wp:term":[{"taxonomy":"category","embeddable":true,"href":"https:\/\/www.markus-schall.de\/pt\/wp-json\/wp\/v2\/categories?post=4103"},{"taxonomy":"post_tag","embeddable":true,"href":"https:\/\/www.markus-schall.de\/pt\/wp-json\/wp\/v2\/tags?post=4103"}],"curies":[{"name":"wp","href":"https:\/\/api.w.org\/{rel}","templated":true}]}}