{"id":4169,"date":"2025-12-26T07:49:57","date_gmt":"2025-12-26T07:49:57","guid":{"rendered":"https:\/\/www.markus-schall.de\/?p=4169"},"modified":"2026-03-22T14:54:33","modified_gmt":"2026-03-22T14:54:33","slug":"vicco-von-buelow-alias-loriot-nota-de-encomenda-e-a-resistencia-silenciosa-do-humor","status":"publish","type":"post","link":"https:\/\/www.markus-schall.de\/pt\/2025\/12\/vicco-von-buelow-alias-loriot-nota-de-encomenda-e-a-resistencia-silenciosa-do-humor\/","title":{"rendered":"Vicco von B\u00fclow alias Loriot - ordem, forma e a resist\u00eancia silenciosa do humor"},"content":{"rendered":"<p>H\u00e1 artistas que p\u00f5em a sua opini\u00e3o no papel como um carimbo: vis\u00edvel, inconfund\u00edvel, por vezes at\u00e9 um pouco reles. E depois h\u00e1 Vicco von B\u00fclow - Loriot - que representa o oposto: Postura sem fanfarronice. Podia ser muito claro quando queria. Mas n\u00e3o o fazia com um dedo apontado, mas sim com uma precis\u00e3o que primeiro levava ao riso e depois - quase impercetivelmente - entregava a seriedade. Isto \u00e9 particularmente evidente em entrevistas posteriores: ele n\u00e3o fala em slogans, mas em nuances. Muitas vezes, h\u00e1 mais linguagem clara nas entrelinhas do que em muitos discursos em voz alta.<\/p>\n<p>E talvez seja aqui que o verdadeiro retrato come\u00e7a: n\u00e3o com os famosos esbo\u00e7os, n\u00e3o com as cita\u00e7\u00f5es que toda a gente conhece, mas com a quest\u00e3o de como uma pessoa se torna capaz de olhar para o mundo com bondade e precis\u00e3o implac\u00e1vel.<!--more--><\/p>\n<hr \/>\n\n\t\t\t<div class=\"display-post-types\">\n\n\t\t\t\t\t\t\t<style type=\"text\/css\">\n\t\t\t#dpt-wrapper-133 { --dpt-text-align: left;--dpt-image-crop: center;--dpt-border-radius: 5px;--dpt-h-gutter: 10px;--dpt-v-gutter: 9px; }\t\t\t<\/style>\n\t\t\t<style type=\"text\/css\">#dpt-wrapper-133 { --dpt-title-font-style:normal;--dpt-title-font-weight:600;--dpt-title-line-height:1.5;--dpt-title-text-decoration:none;--dpt-title-text-transform:none;--dpt-excerpt-font-style:normal;--dpt-excerpt-font-weight:400;--dpt-excerpt-line-height:1.5;--dpt-excerpt-text-decoration:none;--dpt-excerpt-text-transform:none;--dpt-meta1-font-style:normal;--dpt-meta1-font-weight:400;--dpt-meta1-line-height:1.9;--dpt-meta1-text-decoration:none;--dpt-meta1-text-transform:none;--dpt-meta2-font-style:normal;--dpt-meta2-font-weight:400;--dpt-meta2-line-height:1.9;--dpt-meta2-text-decoration:none;--dpt-meta2-text-transform:none; }<\/style><div class=\"dpt-main-header\">\n\t\t\t\t\t\t<div class=\"dpt-main-title\">\n\t\t\t\t\t\t\t<span class=\"dpt-main-title-text\">Artigos actuais sobre arte e cultura<\/span>\n\t\t\t\t\t\t<\/div>\n\t\t\t\t\t\t\n\t\t\t\t\t\t\n\t\t\t\t\t\t\n\t\t\t\t\t\t<\/div>\t\t\t\n\t\t\t\t<div id=\"dpt-wrapper-133\" class=\"dpt-wrapper dpt-mag1 land1 dpt-cropped dpt-flex-wrap\" >\n\n\t\t\t\t\t\t\t\t\t\t\t<div class=\"dpt-entry has-thumbnail\" data-title=\"helge schneider: haltung, humor und die freiheit, sich nicht erkl\u00e4ren zu m\u00fcssen\" data-id=\"4756\"  data-category=\"allgemein gesellschaft kunst &amp; kultur\" data-post_tag=\"deutschland erfahrungen meinungsfreiheit musik portrait\">\n\t\t\t\t\t\t\t<div class=\"dpt-entry-wrapper\"><div class=\"dpt-featured-content\"><div class=\"dpt-permalink\"><a href=\"https:\/\/www.markus-schall.de\/pt\/2026\/02\/helge-schneider-atitude-o-humor-e-a-liberdade-de-nao-ter-de-se-explicar\/\" class=\"dpt-permalink\"><span class=\"screen-reader-text\">Helge Schneider: Atitude, humor e a liberdade de n\u00e3o ter de se explicar<\/span><\/a><\/div><div class=\"dpt-thumbnail\"><div class=\"dpt-thumbnail-inner\"><img width=\"1024\" height=\"683\" class=\"attachment-full size-full\" alt=\"Retrato de Helge Schneider\" context=\"dpt\" data-dpt-src=\"https:\/\/www.markus-schall.de\/wp-content\/uploads\/Helge-Schneider.jpg\" data-dpt-sizes=\"(max-width: 1024px) 100vw, 1024px\" data-dpt-srcset=\"https:\/\/www.markus-schall.de\/wp-content\/uploads\/Helge-Schneider.jpg 1024w, https:\/\/www.markus-schall.de\/wp-content\/uploads\/Helge-Schneider-300x200.jpg 300w, https:\/\/www.markus-schall.de\/wp-content\/uploads\/Helge-Schneider-768x512.jpg 768w, https:\/\/www.markus-schall.de\/wp-content\/uploads\/Helge-Schneider-18x12.jpg 18w\" \/><\/div><span class=\"dpt-thumbnail-aspect-ratio\" style=\"padding-top: 75%\"><\/span><\/div><\/div><div class=\"sub-entry\"><h3 class=\"dpt-title\"><a class=\"dpt-title-link\" href=\"https:\/\/www.markus-schall.de\/pt\/2026\/02\/helge-schneider-atitude-o-humor-e-a-liberdade-de-nao-ter-de-se-explicar\/\" rel=\"bookmark\">Helge Schneider: Atitude, humor e a liberdade de n\u00e3o ter de se explicar<\/a><\/h3><\/div><\/div>\n\t\t\t\t\t\t<\/div><!-- .dpt-entry -->\n\t\t\t\t\t\t\t\t\t\t\t\t<div class=\"dpt-entry has-thumbnail\" data-title=\"beruf, weltbild, zukunft: entscheidungen im schatten des umbruchs\" data-id=\"3197\"  data-category=\"allgemein gesellschaft kunst &amp; kultur tipps &amp; anleitungen\" data-post_tag=\"erfahrungen krisen pers\u00f6nlichkeitsentwicklung ratgeber\">\n\t\t\t\t\t\t\t<div class=\"dpt-entry-wrapper\"><div class=\"dpt-featured-content\"><div class=\"dpt-permalink\"><a href=\"https:\/\/www.markus-schall.de\/pt\/2025\/10\/visao-do-mundo-da-carreira-decisoes-futuras-a-sombra-de-perturbacoes\/\" class=\"dpt-permalink\"><span class=\"screen-reader-text\">Carreira, vis\u00e3o do mundo, futuro: decis\u00f5es \u00e0 sombra da mudan\u00e7a<\/span><\/a><\/div><div class=\"dpt-thumbnail\"><div class=\"dpt-thumbnail-inner\"><img width=\"1024\" height=\"683\" class=\"attachment-full size-full\" alt=\"Decis\u00f5es \u00e0 sombra da agita\u00e7\u00e3o\" context=\"dpt\" data-dpt-src=\"https:\/\/www.markus-schall.de\/wp-content\/uploads\/Entscheidungen-im-Schatten-Umbruch.jpg\" data-dpt-sizes=\"(max-width: 1024px) 100vw, 1024px\" data-dpt-srcset=\"https:\/\/www.markus-schall.de\/wp-content\/uploads\/Entscheidungen-im-Schatten-Umbruch.jpg 1024w, https:\/\/www.markus-schall.de\/wp-content\/uploads\/Entscheidungen-im-Schatten-Umbruch-300x200.jpg 300w, https:\/\/www.markus-schall.de\/wp-content\/uploads\/Entscheidungen-im-Schatten-Umbruch-768x512.jpg 768w, https:\/\/www.markus-schall.de\/wp-content\/uploads\/Entscheidungen-im-Schatten-Umbruch-18x12.jpg 18w\" \/><\/div><span class=\"dpt-thumbnail-aspect-ratio\" style=\"padding-top: 75%\"><\/span><\/div><\/div><div class=\"sub-entry\"><h3 class=\"dpt-title\"><a class=\"dpt-title-link\" href=\"https:\/\/www.markus-schall.de\/pt\/2025\/10\/visao-do-mundo-da-carreira-decisoes-futuras-a-sombra-de-perturbacoes\/\" rel=\"bookmark\">Carreira, vis\u00e3o do mundo, futuro: decis\u00f5es \u00e0 sombra da mudan\u00e7a<\/a><\/h3><\/div><\/div>\n\t\t\t\t\t\t<\/div><!-- .dpt-entry -->\n\t\t\t\t\t\t\t\t\t\t\t\t<div class=\"dpt-entry has-thumbnail\" data-title=\"johann sebastian bach \u2013 ordnung, haltung und das fundament unserer musik\" data-id=\"5033\"  data-category=\"allgemein gesellschaft kunst &amp; kultur\" data-post_tag=\"deutschland musik portrait\">\n\t\t\t\t\t\t\t<div class=\"dpt-entry-wrapper\"><div class=\"dpt-featured-content\"><div class=\"dpt-permalink\"><a href=\"https:\/\/www.markus-schall.de\/pt\/2026\/02\/johann-sebastian-bach-a-atitude-da-ordem-e-a-base-da-nossa-musica\/\" class=\"dpt-permalink\"><span class=\"screen-reader-text\">Johann Sebastian Bach - ordem, atitude e a base da nossa m\u00fasica<\/span><\/a><\/div><div class=\"dpt-thumbnail\"><div class=\"dpt-thumbnail-inner\"><img width=\"1024\" height=\"683\" class=\"attachment-full size-full\" alt=\"Retrato de Johann Sebastian Bach\" context=\"dpt\" data-dpt-src=\"https:\/\/www.markus-schall.de\/wp-content\/uploads\/Johann-Sebastian-Bach-Portrait.jpg\" data-dpt-sizes=\"(max-width: 1024px) 100vw, 1024px\" data-dpt-srcset=\"https:\/\/www.markus-schall.de\/wp-content\/uploads\/Johann-Sebastian-Bach-Portrait.jpg 1024w, https:\/\/www.markus-schall.de\/wp-content\/uploads\/Johann-Sebastian-Bach-Portrait-300x200.jpg 300w, https:\/\/www.markus-schall.de\/wp-content\/uploads\/Johann-Sebastian-Bach-Portrait-768x512.jpg 768w, https:\/\/www.markus-schall.de\/wp-content\/uploads\/Johann-Sebastian-Bach-Portrait-18x12.jpg 18w\" \/><\/div><span class=\"dpt-thumbnail-aspect-ratio\" style=\"padding-top: 75%\"><\/span><\/div><\/div><div class=\"sub-entry\"><h3 class=\"dpt-title\"><a class=\"dpt-title-link\" href=\"https:\/\/www.markus-schall.de\/pt\/2026\/02\/johann-sebastian-bach-a-atitude-da-ordem-e-a-base-da-nossa-musica\/\" rel=\"bookmark\">Johann Sebastian Bach - ordem, atitude e a base da nossa m\u00fasica<\/a><\/h3><\/div><\/div>\n\t\t\t\t\t\t<\/div><!-- .dpt-entry -->\n\t\t\t\t\t\t\t\t\t\t\t\t<div class=\"dpt-entry has-thumbnail\" data-title=\"zukunft mit ladeger\u00e4t \u2013 herr von l&#8217;oreot kauft einen e-scooter\" data-id=\"3229\"  data-category=\"allgemein gesellschaft kunst &amp; kultur stories &amp; humor\" data-post_tag=\"erfahrungen\">\n\t\t\t\t\t\t\t<div class=\"dpt-entry-wrapper\"><div class=\"dpt-featured-content\"><div class=\"dpt-permalink\"><a href=\"https:\/\/www.markus-schall.de\/pt\/2025\/10\/futuro-com-carregador-o-sr-von-loreot-compra-uma-e-scooter\/\" class=\"dpt-permalink\"><span class=\"screen-reader-text\">Futuro com um carregador - von L'oreot compra uma trotinete el\u00e9ctrica<\/span><\/a><\/div><div class=\"dpt-thumbnail\"><div class=\"dpt-thumbnail-inner\"><img width=\"1024\" height=\"747\" class=\"attachment-full size-full\" alt=\"\" context=\"dpt\" data-dpt-src=\"https:\/\/www.markus-schall.de\/wp-content\/uploads\/loereot-e-scooter-1.jpg\" data-dpt-sizes=\"(max-width: 1024px) 100vw, 1024px\" data-dpt-srcset=\"https:\/\/www.markus-schall.de\/wp-content\/uploads\/loereot-e-scooter-1.jpg 1024w, https:\/\/www.markus-schall.de\/wp-content\/uploads\/loereot-e-scooter-1-300x219.jpg 300w, https:\/\/www.markus-schall.de\/wp-content\/uploads\/loereot-e-scooter-1-768x560.jpg 768w, https:\/\/www.markus-schall.de\/wp-content\/uploads\/loereot-e-scooter-1-16x12.jpg 16w\" \/><\/div><span class=\"dpt-thumbnail-aspect-ratio\" style=\"padding-top: 75%\"><\/span><\/div><\/div><div class=\"sub-entry\"><h3 class=\"dpt-title\"><a class=\"dpt-title-link\" href=\"https:\/\/www.markus-schall.de\/pt\/2025\/10\/futuro-com-carregador-o-sr-von-loreot-compra-uma-e-scooter\/\" rel=\"bookmark\">Futuro com um carregador - von L'oreot compra uma trotinete el\u00e9ctrica<\/a><\/h3><\/div><\/div>\n\t\t\t\t\t\t<\/div><!-- .dpt-entry -->\n\t\t\t\t\t\t\n\t\t\t\t<\/div>\n\t\t\t\t\t\t<\/div>\n\t\t\t\n<hr \/>\n<h2>O nome que soa a ordem<\/h2>\n<p>Bernhard-Viktor Christoph-Carl von B\u00fclow - isso n\u00e3o soa a bo\u00e9mia, n\u00e3o soa a cave de um artista, n\u00e3o soa a rebeli\u00e3o. Soa a origem, forma, dist\u00e2ncia, um mundo em que nos comportamos corretamente porque aprendemos a faz\u00ea-lo. Um mundo com regras, t\u00edtulos, limites limpos. Para muitos, uma coisa dessas \u00e9 um espartilho. Para Loriot, era mais como um armaz\u00e9m de material. O nome art\u00edstico \u201eLoriot\u201c n\u00e3o \u00e9 uma coincid\u00eancia, mas sim um bras\u00e3o cl\u00e1ssico: Loriot \u00e9 a palavra francesa para o papa-figos, que est\u00e1 associado ao bras\u00e3o da fam\u00edlia (e \u00e0 alcunha \u201eVogel B\u00fclow\u201c).<\/p>\n<p>Porque se crescermos num ambiente onde a forma desempenha um papel importante, aprendemos cedo como as pessoas se definem atrav\u00e9s da forma: atrav\u00e9s da forma de tratamento, da posi\u00e7\u00e3o, do tom de voz, da estrutura das frases, atrav\u00e9s do \u201e\u00e9 assim que se faz\u201c. E aqueles que aprendem isto desde cedo t\u00eam uma vantagem imbat\u00edvel mais tarde: reconhecem a rapidez com que as pessoas ficam nervosas assim que a forma come\u00e7a a falhar.<\/p>\n<p>O humor de Loriot \u00e9 t\u00e3o certeiro porque ele n\u00e3o \u201eri das pessoas\u201c, mas dos pequenos ajustes que as pessoas fazem \u00e0 sua autoimagem: educa\u00e7\u00e3o, estatuto, a palavra certa no momento errado, a tentativa desesperada de controlar a situa\u00e7\u00e3o - e o fracasso em faz\u00ea-lo.<\/p>\n<h3>A inf\u00e2ncia como escola de observa\u00e7\u00e3o<\/h3>\n<p>Quem <a href=\"https:\/\/de.wikipedia.org\/wiki\/Loriot\" target=\"_blank\" rel=\"noopener\">Loriot<\/a> Se quisermos compreender a nossa inf\u00e2ncia, n\u00e3o podemos evit\u00e1-la. N\u00e3o como um mexerico, n\u00e3o como um jogo de psicologia, mas como uma simples liga\u00e7\u00e3o: uma pessoa raramente se torna t\u00e3o refinada nas suas observa\u00e7\u00f5es por acaso. Normalmente, acontece quando se aprende a estar calado numa idade precoce - e a olhar com aten\u00e7\u00e3o.<\/p>\n<p>Num agregado familiar onde as estruturas e as expectativas desempenham um papel importante, as pessoas observam de forma diferente. Ouve-se com mais aten\u00e7\u00e3o: O que \u00e9 dito - e o que n\u00e3o \u00e9 dito? Quando \u00e9 que o tom muda? Quando \u00e9 que a simpatia se transforma em press\u00e3o? E porque \u00e9 que, muitas vezes, s\u00e3o as frases aparentemente inofensivas que alteram o ambiente?<\/p>\n<p>Este \u00e9 o terreno f\u00e9rtil para o trabalho posterior de Loriot. Ele n\u00e3o \u201econstruiu gags\u201c. Ele dissecava situa\u00e7\u00f5es sem as destruir. E essa \u00e9 uma arte que n\u00e3o se aprende nos livros, mas com a experi\u00eancia de vida: com o conhecimento de que as pessoas raramente s\u00e3o m\u00e1s - mas surpreendentemente muitas vezes s\u00e3o inconscientemente engra\u00e7adas quando est\u00e3o a defender a sua fachada.<\/p>\n<h3>O nome do artista como uma pista discreta<\/h3>\n<p>At\u00e9 o nome \u201eLoriot\u201c \u00e9 mais do que uma simples etiqueta. \u00c9 t\u00edpico desta atitude: elegante, um pouco antiquado, um pouco desprendido - e ainda assim com um piscar de olhos. Nada de alarido, nada de \u201eagora sou um artista\u201c, mas uma esp\u00e9cie de assinatura que diz: levo a forma a s\u00e9rio - mas sei que por vezes \u00e9 rid\u00edcula.<\/p>\n<p>Isto estabelece o cen\u00e1rio: Loriot n\u00e3o est\u00e1 fora do mundo burgu\u00eas e atira-lhe pedras. Est\u00e1 no meio dele, conhece todas as regras - e pode, por isso, derrub\u00e1-lo com uma \u00fanica frase. \u00c9 uma forma muito tradicional de cr\u00edtica: n\u00e3o como um ataque, mas como um espelho.<\/p>\n<h3>Atitude: n\u00e3o a moral, mas a modera\u00e7\u00e3o<\/h3>\n<p>Quando se fala hoje de \u201eatitude\u201c, soa muitas vezes a uma opini\u00e3o, a um campo, a \u201ecerto\u201c e \u201eerrado\u201c. Loriot quer dizer outra coisa - e \u00e9 precisamente isso que o torna t\u00e3o moderno, sem querer ser moderno: Atitude como medida, como autocontrolo, como estilo. E como uma vontade de n\u00e3o tornar o mundo mais simples do que ele \u00e9.<\/p>\n<p>Nas suas entrevistas - e tamb\u00e9m no seu trabalho - \u00e9 poss\u00edvel sentir este ceticismo em rela\u00e7\u00e3o a tudo o que \u00e9 demasiado claro. Aparece como algu\u00e9m que sabe muito bem que estar constantemente a explicar tudo retira a dignidade \u00e0s pessoas. Loriot n\u00e3o explica. Mostra. E confia que o leitor ou espetador pode pensar com ele.<\/p>\n<p>Esta \u00e9 talvez a sua forma mais forte de cortesia: n\u00e3o trata o seu p\u00fablico como uma turma de escola, mas como adultos a quem \u00e9 permitido dar uma dica. Rimo-nos - e apercebemo-nos, um momento depois, que o riso n\u00e3o foi superficial, mas uma esp\u00e9cie de tomada de consci\u00eancia.<\/p>\n<h3>Porque \u00e9 que este retrato \u00e9 hoje mais do que uma nostalgia<\/h3>\n<p>Pod\u00edamos arquivar o Loriot como uma recorda\u00e7\u00e3o acolhedora: \u201eAh, sim, antigamente isso ainda era humor\u201c. Mas isso seria demasiado f\u00e1cil. Porque o seu trabalho n\u00e3o \u00e9 apenas com\u00e9dia, \u00e9 uma escola tranquila de perce\u00e7\u00e3o. E a sua atitude n\u00e3o \u00e9 \u201eantigamente tudo era melhor\u201c, mas sim: Olha com aten\u00e7\u00e3o, fala com clareza, n\u00e3o exageres, n\u00e3o desprezes.<\/p>\n<p>Numa altura em que muitas coisas se est\u00e3o a tornar mais r\u00e1pidas, mais barulhentas e mais rudes, Loriot actua como um ant\u00eddoto - n\u00e3o como um serm\u00e3o moral, mas como um convite: \u00e0 precis\u00e3o, \u00e0 auto-ironia, \u00e0 capacidade de nos ouvirmos a n\u00f3s pr\u00f3prios enquanto falamos.<\/p>\n<p>Assim, a dire\u00e7\u00e3o para o resto do retrato \u00e9 clara: n\u00e3o estamos apenas a olhar para o famoso humorista. Olhamos para a pessoa por detr\u00e1s dele - para as suas origens, as suas influ\u00eancias, o curso do tempo. E perguntamo-nos como \u00e9 que de tudo isto pode emergir uma atitude que parece t\u00e3o amig\u00e1vel - e que, no entanto, \u00e9 t\u00e3o afiada.<\/p>\n<p><img loading=\"lazy\" decoding=\"async\" class=\"alignnone size-full wp-image-4170\" src=\"https:\/\/www.markus-schall.de\/wp-content\/uploads\/Loriot-Kindheit.jpg\" alt=\"Loriot: O desenho na inf\u00e2ncia\" width=\"1184\" height=\"864\" srcset=\"https:\/\/www.markus-schall.de\/wp-content\/uploads\/Loriot-Kindheit.jpg 1024w, https:\/\/www.markus-schall.de\/wp-content\/uploads\/Loriot-Kindheit-300x219.jpg 300w, https:\/\/www.markus-schall.de\/wp-content\/uploads\/Loriot-Kindheit-768x560.jpg 768w, https:\/\/www.markus-schall.de\/wp-content\/uploads\/Loriot-Kindheit-16x12.jpg 16w\" sizes=\"auto, (max-width: 1184px) 100vw, 1184px\" \/><\/p>\n<h2>Crescer no Terceiro Reich - vida quotidiana, adapta\u00e7\u00e3o, observa\u00e7\u00e3o<\/h2>\n<p>Quem fala hoje em dia sobre \u201ea inf\u00e2ncia no Terceiro Reich\u201c, escorrega rapidamente para grandes palavras: culpa, sedu\u00e7\u00e3o, ideologia. No entanto, para muitas crian\u00e7as da \u00e9poca, a vida quotidiana era diferente - menos espetacular, mais restrita, mais formalizada. Para Loriot, era a mesma coisa. Escola, regras, rituais, uma ideia clara do que era correto e do que n\u00e3o era. A pol\u00edtica era omnipresente, mas raramente era objeto de uma discuss\u00e3o consciente por parte de uma crian\u00e7a.<\/p>\n<p>Era o enquadramento, n\u00e3o o tema.<\/p>\n<p>\u00c9 precisamente esta normalidade que \u00e9 decisiva. Porque explica o facto de n\u00e3o haver, mais tarde, um gesto pat\u00e9tico ou um balan\u00e7o ruidoso. O ponto de vista de Loriot continua a ser o de um observador da vida quotidiana e n\u00e3o o de um comentador retrospetivo. Ele sabia como os sistemas funcionavam sem ter de os explicar - porque os tinha vivido enquanto \u201eestavam l\u00e1\u201c.<\/p>\n<h3>Escola, forma e l\u00edngua<\/h3>\n<p>O quotidiano escolar desses anos era caracterizado pela ordem: hierarquias claras, procedimentos fixos, um tom de voz que n\u00e3o deixava margem para d\u00favidas. A linguagem n\u00e3o era apenas um meio de comunica\u00e7\u00e3o, mas tamb\u00e9m um instrumento de disciplina. Quem falasse mal, n\u00e3o era apenas indelicado, mas tamb\u00e9m incorreto do ponto de vista moral.<\/p>\n<p>Aqui reside um elo frequentemente ignorado da obra posterior de Loriot: a sua com\u00e9dia come\u00e7a quase sempre com a linguagem. N\u00e3o o grande conflito, mas a frase que \u00e9 um pouco correta demais. A palavra que \u00e9 suposto ser tranquilizadora e que tem exatamente o efeito contr\u00e1rio. Esta sensibilidade \u00e0 linguagem n\u00e3o surge por acaso. Cresce onde a linguagem \u00e9 rigorosamente gerida e os desvios s\u00e3o imediatamente percept\u00edveis.<\/p>\n<p>Pode dizer-se que, enquanto outros aprenderam o que dizer, ele aprendeu como o dizer - e o que pode correr mal.<\/p>\n<h3>A adapta\u00e7\u00e3o como estrat\u00e9gia de sobreviv\u00eancia<\/h3>\n<p>Adaptar-se \u00e9 uma palavra que hoje em dia \u00e9 frequentemente carregada de moral. Na realidade da vida de uma crian\u00e7a, significa inicialmente outra coisa: pertencer, n\u00e3o se destacar, funcionar. N\u00e3o se trata de uma decis\u00e3o pol\u00edtica, mas de uma necessidade humana.<\/p>\n<p>\u00c9 precisamente aqui que se desenvolve a dist\u00e2ncia subtil que mais tarde caracterizar\u00e1 Loriot. Quem se adapta sem se dissolver interiormente, aprende a distinguir entre dois n\u00edveis: o oficial e o real. O n\u00edvel das regras - e o das pessoas que, por vezes, cumprem essas regras de forma desajeitada.<\/p>\n<p>Esta dupla perce\u00e7\u00e3o \u00e9 a chave do seu humor. Nunca mostra \u201eo sistema\u201c, mas pessoas que tentam manter-se corretas dentro do sistema - e falham. N\u00e3o por maldade, mas por excesso de exig\u00eancia.<\/p>\n<h3>O desenho como um retiro tranquilo<\/h3>\n<p>J\u00e1 na escola, Loriot apresenta uma carater\u00edstica que mais tarde se tornar\u00e1 a sua imagem de marca: a capacidade de se retirar discretamente sem se virar. Enquanto os outros se destacavam, faziam barulho ou se conformavam, ele sentava-se e desenhava. N\u00e3o de forma demonstrativa, nem provocadora, mas como se estivesse a criar um espa\u00e7o pequeno e manej\u00e1vel no qual o mundo se organizava. Linhas, figuras, dist\u00e2ncias: tudo tinha o seu lugar. O desenho n\u00e3o era uma fuga, mas uma forma de controlo num ambiente cada vez mais padronizado e confuso.<\/p>\n<p>Especialmente nos tempos de escola do Terceiro Reich, este comportamento era notavelmente discreto. Inseria-se na estrutura sem a perturbar. E, no entanto, era mais do que uma simples ocupa\u00e7\u00e3o. Quem desenha, observa. Quem observa avalia - n\u00e3o em voz alta, mas interiormente. Esta pr\u00e1tica precoce de observa\u00e7\u00e3o silenciosa explica muito do trabalho posterior de Loriot: a calma, a paci\u00eancia, a observa\u00e7\u00e3o atenta. O humor s\u00f3 veio mais tarde. No in\u00edcio, havia ordem em pequena escala, como ant\u00edtese de um mundo que n\u00e3o deixava espa\u00e7o para nuances.<\/p>\n<h3>Observa\u00e7\u00e3o em vez de julgamento<\/h3>\n<p>O que \u00e9 not\u00e1vel \u00e9 o que falta: Loriot n\u00e3o tem vontade de ajustar contas, nem cinismo. Em vez disso, tem uma paci\u00eancia quase antiquada. Observa, deixa as situa\u00e7\u00f5es desenrolarem-se, n\u00e3o interv\u00e9m. \u00c9 exatamente isso que d\u00e1 tens\u00e3o \u00e0s suas cenas.<\/p>\n<p>Provavelmente, esta atitude tamb\u00e9m resulta da experi\u00eancia de que os julgamentos em voz alta raramente esclarecem alguma coisa. As crian\u00e7as que experimentam a forte padroniza\u00e7\u00e3o e controlo da linguagem desenvolvem frequentemente um sentido apurado de quando o sil\u00eancio \u00e9 mais sensato do que a fala - e quando uma frase precisa tem mais impacto do que uma longa explica\u00e7\u00e3o.<\/p>\n<p>Isto cria uma forma de seriedade que n\u00e3o parece pesada. Ri-se - e s\u00f3 mais tarde se apercebe que acabou de ver algo muito preciso.<\/p>\n<p>As entrevistas posteriores de Loriot mostram esta atitude de forma particularmente clara. Raramente diz algo direto sobre pol\u00edtica ou sociedade. Em vez disso, formula observa\u00e7\u00f5es, aparentemente inofensivas, muitas vezes com um ligeiro sorriso. Mas, nas entrelinhas, h\u00e1 um ceticismo claro em rela\u00e7\u00e3o ao exagero, \u00e0 ret\u00f3rica moral e \u00e0 falsa seriedade.<\/p>\n<p>N\u00e3o se trata de uma coincid\u00eancia. Qualquer pessoa que tenha experimentado, em tenra idade, a rapidez com que a seriedade pode passar para o grotesco, desenvolve uma desconfian\u00e7a duradoura em rela\u00e7\u00e3o a grandes gestos. O humor de Loriot n\u00e3o \u00e9, portanto, um escape. \u00c9 uma forma de fundamenta\u00e7\u00e3o. Um corretivo silencioso contra qualquer tipo de endurecimento.<\/p>\n<h3>Uma escola para a vida<\/h3>\n<p>O facto de ter crescido no Terceiro Reich n\u00e3o fez de Loriot um comentador pol\u00edtico. Tornou-o um mestre das nuances. Aprendeu que as pessoas raramente falham por causa de grandes ideias, mas por causa de pequenas regras. Que a ordem pode proporcionar estabilidade - e, ao mesmo tempo, pode tornar-se uma armadilha se se tornar mais importante do que as pessoas.<\/p>\n<p>Esta experi\u00eancia percorre toda a sua obra como um fio silencioso. Explica porque \u00e9 que as suas personagens nunca s\u00e3o caricaturas, mas vizinhos, c\u00f4njuges, conhecidos. E porque \u00e9 que muitas vezes sentimos um ligeiro desconforto quando rimos: porque nos reconhecemos.<\/p>\n<p><img loading=\"lazy\" decoding=\"async\" class=\"alignnone size-full wp-image-4171\" src=\"https:\/\/www.markus-schall.de\/wp-content\/uploads\/Loriot-Offizier.jpg\" alt=\"Vicco von B\u00fclow como oficial\" width=\"1184\" height=\"864\" srcset=\"https:\/\/www.markus-schall.de\/wp-content\/uploads\/Loriot-Offizier.jpg 1024w, https:\/\/www.markus-schall.de\/wp-content\/uploads\/Loriot-Offizier-300x219.jpg 300w, https:\/\/www.markus-schall.de\/wp-content\/uploads\/Loriot-Offizier-768x560.jpg 768w, https:\/\/www.markus-schall.de\/wp-content\/uploads\/Loriot-Offizier-16x12.jpg 16w\" sizes=\"auto, (max-width: 1184px) 100vw, 1184px\" \/><\/p>\n<h2>Guerra, disciplina e a longa sombra da ordem<\/h2>\n<p>Para muitos da sua gera\u00e7\u00e3o, a juventude n\u00e3o terminou gradualmente, mas de forma abrupta. A escola, a vida quotidiana, as rotinas razoavelmente familiares - e depois:<\/p>\n<p>Certificado de conclus\u00e3o do ensino secund\u00e1rio de emerg\u00eancia, uniforme, cadeias de comando. Loriot tamb\u00e9m seguiu este caminho. N\u00e3o por sede de aventura, n\u00e3o por entusiasmo ideol\u00f3gico, mas porque era o passo \u00f3bvio e esperado. A tradi\u00e7\u00e3o, as circunst\u00e2ncias da \u00e9poca e a sua origem familiar conjugam-se numa l\u00f3gica que deixa poucas alternativas.<\/p>\n<p>A guerra n\u00e3o era um tema de elei\u00e7\u00e3o, mas o enquadramento em que nos encontr\u00e1vamos. E \u00e9 precisamente esta experi\u00eancia - ser colocado num sistema que \u00e9 maior do que n\u00f3s - que deixa a sua marca. N\u00e3o de forma ruidosa, n\u00e3o de forma her\u00f3ica, mas de forma silenciosa e permanente.<\/p>\n<h3>A carreira de um oficial sem pathos<\/h3>\n<p>O facto de Loriot ter enveredado inicialmente por uma carreira de oficial \u00e9 por vezes mal interpretado. Olhando para tr\u00e1s, algumas pessoas v\u00eaem-no como uma afirma\u00e7\u00e3o. Na realidade, foi mais a express\u00e3o de um sentido de ordem e de continuidade. Quem vem de um ambiente em que o servi\u00e7o, a responsabilidade e os modelos claros s\u00e3o um dado adquirido, n\u00e3o v\u00ea este caminho como uma rutura, mas sim como uma continua\u00e7\u00e3o.<\/p>\n<p>O que \u00e9 importante \u00e9 o que n\u00e3o se tornou: nenhum pathos de soldado, nenhum orgulho na patente ou no poder. Mais tarde, na sua obra, o ex\u00e9rcito dificilmente aparece de forma her\u00f3ica. Se aparecem uniformes, \u00e9 mais como parte de um cen\u00e1rio em que as pessoas tentam manter-se corretas - e trope\u00e7am humanamente no processo. A experi\u00eancia da disciplina n\u00e3o o endureceu, mas aparentemente tornou-o mais sens\u00edvel \u00e0 fragilidade da ordem.<\/p>\n<p>A disciplina pode dar apoio. Mas tamb\u00e9m pode limitar a perce\u00e7\u00e3o. Aqueles que a experimentam aprendem ambas as coisas. Na guerra, a ordem n\u00e3o \u00e9 ensinada como um princ\u00edpio est\u00e9tico, mas como uma necessidade. Os procedimentos t\u00eam de funcionar, as d\u00favidas perturbam. \u00c9 precisamente aqui que surge a dist\u00e2ncia interior que mais tarde se tornar\u00e1 t\u00e3o t\u00edpica de Loriot.<\/p>\n<p>Ele sabia que a ordem n\u00e3o \u00e9 um valor em si. \u00c9 um instrumento. Se se tornar um fim em si mesma, torna-se absurda. Este conhecimento n\u00e3o se baseia na teoria, mas na experi\u00eancia. Da experi\u00eancia de que as pessoas nos sistemas muitas vezes n\u00e3o agem mal, mas de acordo com as regras - e que precisamente isso pode ser perigoso, mas tamb\u00e9m engra\u00e7ado, assim que \u00e9 transferido para um contexto diferente.<\/p>\n<hr \/>\n\n\t\t\t<div class=\"display-post-types\">\n\n\t\t\t\t\t\t\t<style type=\"text\/css\">\n\t\t\t#dpt-wrapper-134 { --dpt-text-align: left;--dpt-image-crop: center;--dpt-border-radius: 5px;--dpt-h-gutter: 10px;--dpt-v-gutter: 10px; }\t\t\t<\/style>\n\t\t\t<style type=\"text\/css\">#dpt-wrapper-134 { --dpt-title-font-style:normal;--dpt-title-font-weight:600;--dpt-title-line-height:1.5;--dpt-title-text-decoration:none;--dpt-title-text-transform:none;--dpt-excerpt-font-style:normal;--dpt-excerpt-font-weight:400;--dpt-excerpt-line-height:1.5;--dpt-excerpt-text-decoration:none;--dpt-excerpt-text-transform:none;--dpt-meta1-font-style:normal;--dpt-meta1-font-weight:400;--dpt-meta1-line-height:1.9;--dpt-meta1-text-decoration:none;--dpt-meta1-text-transform:none;--dpt-meta2-font-style:normal;--dpt-meta2-font-weight:400;--dpt-meta2-line-height:1.9;--dpt-meta2-text-decoration:none;--dpt-meta2-text-transform:none; }<\/style><div class=\"dpt-main-header\">\n\t\t\t\t\t\t<div class=\"dpt-main-title\">\n\t\t\t\t\t\t\t<span class=\"dpt-main-title-text\">Retratos de pessoas com atitude<\/span>\n\t\t\t\t\t\t<\/div>\n\t\t\t\t\t\t\n\t\t\t\t\t\t\n\t\t\t\t\t\t\n\t\t\t\t\t\t<\/div>\t\t\t\n\t\t\t\t<div id=\"dpt-wrapper-134\" class=\"dpt-wrapper dpt-mag1 land1 dpt-cropped dpt-flex-wrap\" >\n\n\t\t\t\t\t\t\t\t\t\t\t<div class=\"dpt-entry has-thumbnail\" data-title=\"vicco von b\u00fclow alias loriot \u2013 ordnung, form und der leise widerstand des humors\" data-id=\"4169\"  data-category=\"allgemein gesellschaft kunst &amp; kultur stories &amp; humor\" data-post_tag=\"deutschland erfahrungen pers\u00f6nlichkeitsentwicklung portrait\">\n\t\t\t\t\t\t\t<div class=\"dpt-entry-wrapper\"><div class=\"dpt-featured-content\"><div class=\"dpt-permalink\"><a href=\"https:\/\/www.markus-schall.de\/pt\/2025\/12\/vicco-von-buelow-alias-loriot-nota-de-encomenda-e-a-resistencia-silenciosa-do-humor\/\" class=\"dpt-permalink\"><span class=\"screen-reader-text\">Vicco von B\u00fclow alias Loriot - ordem, forma e a resist\u00eancia silenciosa do humor<\/span><\/a><\/div><div class=\"dpt-thumbnail\"><div class=\"dpt-thumbnail-inner\"><img width=\"1024\" height=\"747\" class=\"attachment-full size-full\" alt=\"\" context=\"dpt\" data-dpt-src=\"https:\/\/www.markus-schall.de\/wp-content\/uploads\/Loriot-Titel.jpg\" data-dpt-sizes=\"(max-width: 1024px) 100vw, 1024px\" data-dpt-srcset=\"https:\/\/www.markus-schall.de\/wp-content\/uploads\/Loriot-Titel.jpg 1024w, https:\/\/www.markus-schall.de\/wp-content\/uploads\/Loriot-Titel-300x219.jpg 300w, https:\/\/www.markus-schall.de\/wp-content\/uploads\/Loriot-Titel-768x560.jpg 768w, https:\/\/www.markus-schall.de\/wp-content\/uploads\/Loriot-Titel-16x12.jpg 16w\" \/><\/div><span class=\"dpt-thumbnail-aspect-ratio\" style=\"padding-top: 75%\"><\/span><\/div><\/div><div class=\"sub-entry\"><h3 class=\"dpt-title\"><a class=\"dpt-title-link\" href=\"https:\/\/www.markus-schall.de\/pt\/2025\/12\/vicco-von-buelow-alias-loriot-nota-de-encomenda-e-a-resistencia-silenciosa-do-humor\/\" rel=\"bookmark\">Vicco von B\u00fclow alias Loriot - ordem, forma e a resist\u00eancia silenciosa do humor<\/a><\/h3><\/div><\/div>\n\t\t\t\t\t\t<\/div><!-- .dpt-entry -->\n\t\t\t\t\t\t\t\t\t\t\t\t<div class=\"dpt-entry has-thumbnail\" data-title=\"johann sebastian bach \u2013 ordnung, haltung und das fundament unserer musik\" data-id=\"5033\"  data-category=\"allgemein gesellschaft kunst &amp; kultur\" data-post_tag=\"deutschland musik portrait\">\n\t\t\t\t\t\t\t<div class=\"dpt-entry-wrapper\"><div class=\"dpt-featured-content\"><div class=\"dpt-permalink\"><a href=\"https:\/\/www.markus-schall.de\/pt\/2026\/02\/johann-sebastian-bach-a-atitude-da-ordem-e-a-base-da-nossa-musica\/\" class=\"dpt-permalink\"><span class=\"screen-reader-text\">Johann Sebastian Bach - ordem, atitude e a base da nossa m\u00fasica<\/span><\/a><\/div><div class=\"dpt-thumbnail\"><div class=\"dpt-thumbnail-inner\"><img width=\"1024\" height=\"683\" class=\"attachment-full size-full\" alt=\"Retrato de Johann Sebastian Bach\" context=\"dpt\" data-dpt-src=\"https:\/\/www.markus-schall.de\/wp-content\/uploads\/Johann-Sebastian-Bach-Portrait.jpg\" data-dpt-sizes=\"(max-width: 1024px) 100vw, 1024px\" data-dpt-srcset=\"https:\/\/www.markus-schall.de\/wp-content\/uploads\/Johann-Sebastian-Bach-Portrait.jpg 1024w, https:\/\/www.markus-schall.de\/wp-content\/uploads\/Johann-Sebastian-Bach-Portrait-300x200.jpg 300w, https:\/\/www.markus-schall.de\/wp-content\/uploads\/Johann-Sebastian-Bach-Portrait-768x512.jpg 768w, https:\/\/www.markus-schall.de\/wp-content\/uploads\/Johann-Sebastian-Bach-Portrait-18x12.jpg 18w\" \/><\/div><span class=\"dpt-thumbnail-aspect-ratio\" style=\"padding-top: 75%\"><\/span><\/div><\/div><div class=\"sub-entry\"><h3 class=\"dpt-title\"><a class=\"dpt-title-link\" href=\"https:\/\/www.markus-schall.de\/pt\/2026\/02\/johann-sebastian-bach-a-atitude-da-ordem-e-a-base-da-nossa-musica\/\" rel=\"bookmark\">Johann Sebastian Bach - ordem, atitude e a base da nossa m\u00fasica<\/a><\/h3><\/div><\/div>\n\t\t\t\t\t\t<\/div><!-- .dpt-entry -->\n\t\t\t\t\t\t\t\t\t\t\t\t<div class=\"dpt-entry has-thumbnail\" data-title=\"mehr als punk: nina hagen, cosma shiva und die kunst, sich nicht vereinnahmen zu lassen\" data-id=\"4521\"  data-category=\"allgemein gesellschaft kunst &amp; kultur\" data-post_tag=\"auswandern deutschland erfahrungen europa krisen meinungsfreiheit musik portrait\">\n\t\t\t\t\t\t\t<div class=\"dpt-entry-wrapper\"><div class=\"dpt-featured-content\"><div class=\"dpt-permalink\"><a href=\"https:\/\/www.markus-schall.de\/pt\/2026\/01\/more-than-punk-nina-hagen-cosma-shiva-and-the-art-of-not-being-taken-in\/\" class=\"dpt-permalink\"><span class=\"screen-reader-text\">Mais do que punk: Nina Hagen, Cosma Shiva e a arte de n\u00e3o se deixar enganar<\/span><\/a><\/div><div class=\"dpt-thumbnail\"><div class=\"dpt-thumbnail-inner\"><img width=\"1024\" height=\"683\" class=\"attachment-full size-full\" alt=\"Retrato de Nina e Cosma Shiva Hagen\" context=\"dpt\" data-dpt-src=\"https:\/\/www.markus-schall.de\/wp-content\/uploads\/Nina-Cosma-Shiva-Hagen-Titel.jpg\" data-dpt-sizes=\"(max-width: 1024px) 100vw, 1024px\" data-dpt-srcset=\"https:\/\/www.markus-schall.de\/wp-content\/uploads\/Nina-Cosma-Shiva-Hagen-Titel.jpg 1024w, https:\/\/www.markus-schall.de\/wp-content\/uploads\/Nina-Cosma-Shiva-Hagen-Titel-300x200.jpg 300w, https:\/\/www.markus-schall.de\/wp-content\/uploads\/Nina-Cosma-Shiva-Hagen-Titel-768x512.jpg 768w, https:\/\/www.markus-schall.de\/wp-content\/uploads\/Nina-Cosma-Shiva-Hagen-Titel-18x12.jpg 18w\" \/><\/div><span class=\"dpt-thumbnail-aspect-ratio\" style=\"padding-top: 75%\"><\/span><\/div><\/div><div class=\"sub-entry\"><h3 class=\"dpt-title\"><a class=\"dpt-title-link\" href=\"https:\/\/www.markus-schall.de\/pt\/2026\/01\/more-than-punk-nina-hagen-cosma-shiva-and-the-art-of-not-being-taken-in\/\" rel=\"bookmark\">Mais do que punk: Nina Hagen, Cosma Shiva e a arte de n\u00e3o se deixar enganar<\/a><\/h3><\/div><\/div>\n\t\t\t\t\t\t<\/div><!-- .dpt-entry -->\n\t\t\t\t\t\t\t\t\t\t\t\t<div class=\"dpt-entry has-thumbnail\" data-title=\"ulrike gu\u00e9rot: eine europ\u00e4erin zwischen idee, universit\u00e4t und \u00f6ffentlichem diskurs\" data-id=\"4039\"  data-category=\"allgemein gesellschaft kunst &amp; kultur\" data-post_tag=\"denkmodelle deutschland europa geopolitik krisen meinungsfreiheit portrait sicherheitspolitik spieltheorie\">\n\t\t\t\t\t\t\t<div class=\"dpt-entry-wrapper\"><div class=\"dpt-featured-content\"><div class=\"dpt-permalink\"><a href=\"https:\/\/www.markus-schall.de\/pt\/2025\/12\/ulrike-guerot-um-europeu-entre-a-ideia-de-universidade-e-o-discurso-publico\/\" class=\"dpt-permalink\"><span class=\"screen-reader-text\">Ulrike Gu\u00e9rot: Uma europeia entre a ideia, a universidade e o discurso p\u00fablico<\/span><\/a><\/div><div class=\"dpt-thumbnail\"><div class=\"dpt-thumbnail-inner\"><img width=\"1024\" height=\"683\" class=\"attachment-full size-full\" alt=\"Ulrike Gu\u00e9rot e a Europa\" context=\"dpt\" data-dpt-src=\"https:\/\/www.markus-schall.de\/wp-content\/uploads\/ulrike-guerot-portrait.jpg\" data-dpt-sizes=\"(max-width: 1024px) 100vw, 1024px\" data-dpt-srcset=\"https:\/\/www.markus-schall.de\/wp-content\/uploads\/ulrike-guerot-portrait.jpg 1024w, https:\/\/www.markus-schall.de\/wp-content\/uploads\/ulrike-guerot-portrait-300x200.jpg 300w, https:\/\/www.markus-schall.de\/wp-content\/uploads\/ulrike-guerot-portrait-768x512.jpg 768w, https:\/\/www.markus-schall.de\/wp-content\/uploads\/ulrike-guerot-portrait-18x12.jpg 18w\" \/><\/div><span class=\"dpt-thumbnail-aspect-ratio\" style=\"padding-top: 75%\"><\/span><\/div><\/div><div class=\"sub-entry\"><h3 class=\"dpt-title\"><a class=\"dpt-title-link\" href=\"https:\/\/www.markus-schall.de\/pt\/2025\/12\/ulrike-guerot-um-europeu-entre-a-ideia-de-universidade-e-o-discurso-publico\/\" rel=\"bookmark\">Ulrike Gu\u00e9rot: Uma europeia entre a ideia, a universidade e o discurso p\u00fablico<\/a><\/h3><\/div><\/div>\n\t\t\t\t\t\t<\/div><!-- .dpt-entry -->\n\t\t\t\t\t\t\n\t\t\t\t<\/div>\n\t\t\t\t\t\t<\/div>\n\t\t\t\n<hr \/>\n<h3>A longa sombra permanece<\/h3>\n<p>Esta marca n\u00e3o desaparece depois da guerra. Espreita como um ru\u00eddo de fundo na vida posterior. As personagens de Loriot transportam muitas vezes, inconscientemente, esta sombra consigo: o desejo de fazer tudo corretamente; o medo de ficar fora de forma; o reflexo de procurar a regra quando surge a incerteza.<\/p>\n<p>Poder-se-ia dizer que a sua com\u00e9dia surge precisamente onde a guerra j\u00e1 n\u00e3o \u00e9 vis\u00edvel, mas a forma de pensar permaneceu. Onde a ordem se tornou um h\u00e1bito sem que ningu\u00e9m questione o seu significado. N\u00e3o se trata de uma acusa\u00e7\u00e3o, mas de uma observa\u00e7\u00e3o precisa dos padr\u00f5es humanos.<\/p>\n<h3>A falta de humor como um estado normal<\/h3>\n<p>Olhando para tr\u00e1s, Loriot falou menos de ideologia do que de algo aparentemente banal: a falta de humor. No ambiente escolar e social da \u00e9poca, havia pouco espa\u00e7o para o riso tranquilo, a ironia ou a dist\u00e2ncia subtil. O humor existia, quando muito, de forma grosseira ou autorizada. A subtileza n\u00e3o tem lugar. Esta experi\u00eancia teve um impacto maior sobre ele do que os grandes conceitos pol\u00edticos poderiam sugerir.<\/p>\n<p>A normalidade era s\u00e9ria. Correto. Com um objetivo. E a\u00ed residia a sua gravidade. Quem cresce num ambiente destes ou desenvolve um sentido de defesa - ou um sentido apurado de onde o elemento humano desaparece sob a superf\u00edcie. O humor posterior de Loriot tamb\u00e9m pode ser lido como uma resposta a esta falta de humor inicial: n\u00e3o como um contra-ataque, mas como uma redescoberta. Como uma tentativa de devolver \u00e0 vida quotidiana algo que h\u00e1 muito lhe faltava - n\u00e3o um riso estridente, mas um reconhecimento silencioso.<\/p>\n<h3>N\u00e3o h\u00e1 liquida\u00e7\u00e3o, mas convers\u00e3o<\/h3>\n<p>O que \u00e9 mais uma vez not\u00e1vel \u00e9 a aus\u00eancia de amargura. Loriot teria tido todos os motivos para ser duro, para dramatizar as dificuldades biogr\u00e1ficas. N\u00e3o o fez. Em vez disso, transformou a experi\u00eancia em forma. Traduziu a disciplina em timing, o tom de comando em di\u00e1logo, a precis\u00e3o militar em exatid\u00e3o c\u00f3mica.<\/p>\n<p>Este \u00e9 talvez o seu verdadeiro truque: utiliza as ferramentas da ordem para tornar a ordem vis\u00edvel - e assim poder relaxar. O riso torna-se assim uma esp\u00e9cie de desarmamento civil.<\/p>\n<p>A guerra n\u00e3o lhe ensinou que a ordem \u00e9 m\u00e1. Ensinou-lhe que depende do contexto. Que pode apoiar as pessoas - ou esmag\u00e1-las. E que, muitas vezes, o ponto decisivo n\u00e3o \u00e9 o sistema, mas o momento em que uma pessoa tenta manter-se digna dentro dele. \u00c9 precisamente aqui que entra a atitude posterior de Loriot. Ele n\u00e3o tro\u00e7a da necessidade de ordem. Mostra como as pessoas se agarram a ela quando n\u00e3o lhes resta mais nada. E f\u00e1-lo sem mal\u00edcia, sem superioridade moral. \u00c9 isso que torna a sua com\u00e9dia t\u00e3o duradoura - e t\u00e3o s\u00e9ria por baixo da superf\u00edcie.<\/p>\n<p>Este cap\u00edtulo muda o foco: Longe do imprinting e em dire\u00e7\u00e3o \u00e0 realiza\u00e7\u00e3o. A pr\u00f3xima sec\u00e7\u00e3o \u00e9 sobre como o humor se torna um instrumento de precis\u00e3o - e porque \u00e9 que Loriot nunca foi engra\u00e7ado por acaso, mas foi mais preciso na sua arte do que muitos dos seus contempor\u00e2neos.<\/p>\n<div class=\"lyte-wrapper\" style=\"width:640px;max-width:100%;margin:5px;\"><div class=\"lyMe\" id=\"WYL_ExiavVSLNU8\"><div id=\"lyte_ExiavVSLNU8\" data-src=\"https:\/\/www.markus-schall.de\/wp-content\/plugins\/wp-youtube-lyte\/lyteCache.php?origThumbUrl=%2F%2Fi.ytimg.com%2Fvi%2FExiavVSLNU8%2Fhqdefault.jpg\" class=\"pL\"><div class=\"tC\"><div class=\"tT\"><\/div><\/div><div class=\"play\"><\/div><div class=\"ctrl\"><div class=\"Lctrl\"><\/div><div class=\"Rctrl\"><\/div><\/div><\/div><noscript><a href=\"https:\/\/youtu.be\/ExiavVSLNU8\" rel=\"nofollow noopener\" target=\"_blank\"><img loading=\"lazy\" decoding=\"async\" src=\"https:\/\/www.markus-schall.de\/wp-content\/plugins\/wp-youtube-lyte\/lyteCache.php?origThumbUrl=https%3A%2F%2Fi.ytimg.com%2Fvi%2FExiavVSLNU8%2F0.jpg\" alt=\"Miniatura de v\u00eddeo do YouTube\" width=\"640\" height=\"340\" \/><br \/>Ver este v\u00eddeo no YouTube<\/a><\/noscript><\/div><\/div><div class=\"lL\" style=\"max-width:100%;width:640px;margin:5px;\"><\/div><br \/>\nEntrevista com Loriot e Evelyn Hamann sobre \u201eOedipussi\u201c 1987, Berlim\u00a0<a href=\"https:\/\/www.youtube.com\/@footageberlin\" target=\"_blank\" rel=\"noopener\">media rbb<\/a><\/p>\n<h2>O humor como instrumento de precis\u00e3o<\/h2>\n<p>O humor de Loriot parece muitas vezes sem esfor\u00e7o, quase casual. \u00c9 precisamente aqui que reside o perigo de mal-entendidos. Nada na sua obra \u00e9 espont\u00e2neo, no sentido de n\u00e3o planeado. O seu humor \u00e9 calculado, mas n\u00e3o frio; preciso, mas n\u00e3o mec\u00e2nico. Sente-se que este \u00e9 o trabalho de algu\u00e9m que sabe que a com\u00e9dia s\u00f3 \u00e9 eficaz se for precisa. Uma nota errada, um segundo demasiado cedo, uma palavra a mais - e a cena desmorona-se.<\/p>\n<p>Esta precis\u00e3o n\u00e3o \u00e9 um fim em si mesma. Serve um objetivo: tornar vis\u00edveis os padr\u00f5es humanos sem os denunciar. Loriot n\u00e3o se ri das pessoas, mas das situa\u00e7\u00f5es que surgem quando as pessoas se agarram aos seus pr\u00f3prios padr\u00f5es.<\/p>\n<p>A ferramenta central deste humor n\u00e3o \u00e9 o exagero, mas o desvio m\u00ednimo. Com Loriot, quase tudo est\u00e1 \u201erealmente correto\u201c. As frases est\u00e3o corretas. A atitude \u00e9 correta. A inten\u00e7\u00e3o \u00e9 boa. E \u00e9 exatamente por isso que n\u00e3o funciona. Este pequeno desvio - um tom demasiado formal, uma escolha de palavras demasiado precisa, um momento de demasiada delicadeza - \u00e9 suficiente para levar a situa\u00e7\u00e3o ao absurdo. Loriot demonstra assim algo muito fundamental: n\u00e3o \u00e9 a coisa errada que \u00e9 perigosa, mas a coisa demasiado correta.<\/p>\n<h3>O tempo como categoria moral<\/h3>\n<p>Para Loriot, o tempo \u00e9 mais do que um ritmo. \u00c9 uma forma de \u00e9tica. Ele sabe quando deve ficar calado. Quando um olhar diz mais do que uma frase. Quando uma pausa revela o n\u00facleo real.<\/p>\n<p>S\u00e3o precisamente estas pausas que s\u00e3o decisivas. Obrigam o p\u00fablico a posicionar-se. Muitas vezes, o riso n\u00e3o vem da piada, mas do momento em que nos apercebemos de que n\u00f3s pr\u00f3prios continu\u00e1mos a falar para dentro. Loriot confia nisso - e essa confian\u00e7a faz parte da sua atitude.<\/p>\n<h3>Humor sem desvaloriza\u00e7\u00e3o<\/h3>\n<p>Uma carater\u00edstica marcante da sua obra \u00e9 a aus\u00eancia total de desprezo. Mesmo quando as personagens falham, permanecem intactas. N\u00e3o s\u00e3o desfiladas, nem moralmente degradadas. O seu fracasso \u00e9 humano, n\u00e3o \u00e9 rid\u00edculo. \u00c9 uma bela arte. Porque ridicularizar seria mais f\u00e1cil. Loriot opta deliberadamente por n\u00e3o o fazer. O seu humor cria proximidade, n\u00e3o dist\u00e2ncia. Ri-se - e ao mesmo tempo sente-se um ligeiro reconhecimento. Talvez at\u00e9 um reconhecimento desagrad\u00e1vel. \u00c9 exatamente aqui que come\u00e7a o efeito.<\/p>\n<p>Por detr\u00e1s de cada cena c\u00f3mica da obra de Loriot, existe uma seriedade que nunca \u00e9 expressa. N\u00e3o como uma mensagem, mas como uma resson\u00e2ncia. Trata-se de comunica\u00e7\u00e3o, de rela\u00e7\u00f5es, do fr\u00e1gil equil\u00edbrio entre proximidade e ordem.<\/p>\n<p>Esta seriedade explica o facto de a sua com\u00e9dia n\u00e3o se esgotar. N\u00e3o se desgasta porque n\u00e3o oferece um al\u00edvio r\u00e1pido. Tem um efeito duradouro. Muitas vezes, s\u00f3 mais tarde nos apercebemos porque nos rimos - e de qu\u00ea.<\/p>\n<h3>Precis\u00e3o em vez de volume<\/h3>\n<p>Num mundo que confunde cada vez mais o humor com o barulho, a abordagem de Loriot parece quase antiquada. Mas \u00e9 precisamente este antiquado que \u00e9 a sua for\u00e7a. Ele n\u00e3o se concentra na escalada, mas na condensa\u00e7\u00e3o. N\u00e3o na velocidade, mas na precis\u00e3o. Pode dizer-se que o humor de Loriot n\u00e3o \u00e9 um escape, mas um instrumento. Ele mede, ajusta, revela. E f\u00e1-lo com uma calma que cria confian\u00e7a - e com uma consist\u00eancia que se tornou rara.<\/p>\n<p>No final, torna-se claro que o humor n\u00e3o \u00e9 um extra, n\u00e3o \u00e9 uma decora\u00e7\u00e3o, n\u00e3o \u00e9 um truque. \u00c9 a express\u00e3o de uma atitude. Uma atitude que assume que as pessoas s\u00e3o fal\u00edveis - e ainda assim merecem respeito. Que a ordem \u00e9 importante - mas n\u00e3o mais importante do que as pessoas. E que o riso \u00e9 mais forte quando se liga em vez de triunfar.<\/p>\n<p>Este cap\u00edtulo insere-se assim organicamente entre a experi\u00eancia da guerra e a hist\u00f3ria do seu impacto. O humor \u00e9 a ferramenta com a qual se lida com tudo o que se passou antes - com calma, precis\u00e3o e sem qualquer ativismo.<\/p>\n<h3>\u201eN\u00e3o se fa\u00e7a de engra\u00e7ado\u201c: a regra mais importante para o efeito c\u00f3mico<\/h3>\n<p>Esta regra \u00e9 quase lend\u00e1ria - e \u00e9 expressamente confirmada pelos seus companheiros: Loriot ensinava os actores a n\u00e3o tornarem engra\u00e7adas as cenas c\u00f3micas. Precisamente porque as suas personagens n\u00e3o s\u00e3o \u201ebrincalh\u00f5es\u201c, mas pessoas que querem fazer tudo bem, a representa\u00e7\u00e3o deve permanecer s\u00e9ria: correta, esfor\u00e7ada, digna.<\/p>\n<p>A com\u00e9dia surge ent\u00e3o automaticamente da situa\u00e7\u00e3o, do tom demasiado preciso, da fric\u00e7\u00e3o entre a forma e a realidade. A <a href=\"https:\/\/sz-magazin.sueddeutsche.de\/humor\/loriot-100-geburtstag-92805\" target=\"_blank\" rel=\"noopener\"><strong>SZ-Magazine<\/strong><\/a> A atriz Dagmar Biener formulou-o de forma an\u00e1loga \u00e0 li\u00e7\u00e3o de Loriot \u201en\u00e3o fazer coisas engra\u00e7adas\u201c, chegando assim ao cerne do seu m\u00e9todo.<\/p>\n<h3>Prepara\u00e7\u00e3o total: a leveza como resultado da disciplina<\/h3>\n<p>Aqueles que trabalharam com Loriot s\u00e3o un\u00e2nimes em descrever um modo de trabalho que dificilmente parece compat\u00edvel com a impress\u00e3o posterior de total aus\u00eancia de esfor\u00e7o. As cenas eram pensadas com anteced\u00eancia antes de serem realizadas. Pausas, linhas de vis\u00e3o, dist\u00e2ncias entre duas frases, nada \u00e9 aleat\u00f3rio. N\u00e3o h\u00e1 nada de pedante nesta prepara\u00e7\u00e3o, mas sim algo de tranquilizador:<\/p>\n<p>Todos os intervenientes sabiam qual era a sua posi\u00e7\u00e3o. \u00c9 precisamente por isso que n\u00e3o havia press\u00e3o no cen\u00e1rio, mas sim concentra\u00e7\u00e3o. O paradoxo \u00e9 que quanto mais preciso era o planeamento, mais livre parecia o resultado. Loriot n\u00e3o via a leveza como espontaneidade, mas como o ponto final de um processo bem planeado. Qualquer pessoa que tenha vivido esta experi\u00eancia compreendeu rapidamente porque \u00e9 que a improvisa\u00e7\u00e3o raramente era necess\u00e1ria para ele - n\u00e3o porque fosse proibida, mas porque dificilmente poderia ter melhorado alguma coisa.<\/p>\n<p><img loading=\"lazy\" decoding=\"async\" class=\"size-full wp-image-4174 alignnone\" src=\"https:\/\/www.markus-schall.de\/wp-content\/uploads\/Loriot-Regie-Filmset.jpg\" alt=\"Loriot como realizador no cen\u00e1rio do filme\" width=\"1184\" height=\"864\" srcset=\"https:\/\/www.markus-schall.de\/wp-content\/uploads\/Loriot-Regie-Filmset.jpg 1024w, https:\/\/www.markus-schall.de\/wp-content\/uploads\/Loriot-Regie-Filmset-300x219.jpg 300w, https:\/\/www.markus-schall.de\/wp-content\/uploads\/Loriot-Regie-Filmset-768x560.jpg 768w, https:\/\/www.markus-schall.de\/wp-content\/uploads\/Loriot-Regie-Filmset-16x12.jpg 16w\" sizes=\"auto, (max-width: 1184px) 100vw, 1184px\" \/><\/p>\n<h2>Desenvolvimento de uma assinatura art\u00edstica<\/h2>\n<p>A entrada art\u00edstica de Loriot n\u00e3o se fez pelo palco ou pela palavra, mas pelo desenho. Isto \u00e9 mais do que uma simples nota de rodap\u00e9 biogr\u00e1fica. O desenho permite controlar: o pormenor da imagem, o ritmo, a dire\u00e7\u00e3o do olhar. Nada acontece por acaso. Cada linha \u00e9 definida, cada figura permanece num espa\u00e7o claramente definido.<\/p>\n<p>Foi precisamente aqui que ele formou desde cedo o que mais tarde caracterizaria toda a sua obra: a redu\u00e7\u00e3o. Sem sobrecarga, sem efeitos. Em vez disso, figuras que parecem quase im\u00f3veis - e assim criam tens\u00e3o. Mesmo estes primeiros trabalhos mostram que o humor n\u00e3o surge do movimento, mas da constela\u00e7\u00e3o.<\/p>\n<h3>O texto junta-se \u00e0 l\u00edngua como cen\u00e1rio real<\/h3>\n<p>Com o tempo, o desenho \u00e9 cada vez mais acompanhado de texto. N\u00e3o explicativo, mas contrapont\u00edstico. A linguagem assume o papel anteriormente desempenhado pela linha: enquadra, delimita, organiza.<\/p>\n<p>\u00c9 surpreendente que Loriot nunca utilize a linguagem de forma naturalista. Ningu\u00e9m fala \u201ea s\u00e9rio\u201c. Os di\u00e1logos s\u00e3o ligeiramente deslocados: demasiado corretos, demasiado educados, demasiado precisos. \u00c9 precisamente este pequeno desvio que abre o espa\u00e7o para a com\u00e9dia. \u00c9 como se colocasse a linguagem debaixo de uma lupa - e mostrasse o que, de outra forma, passa despercebido na vida quotidiana.<\/p>\n<h3>Transi\u00e7\u00e3o para o cinema e a televis\u00e3o: O tempo torna-se material<\/h3>\n<p>Com a passagem para o cinema e a televis\u00e3o, n\u00e3o \u00e9 a atitude que muda, mas o material. Agora, o tempo \u00e9 acrescentado: pausas, olhares, sil\u00eancios. Loriot n\u00e3o utiliza estes novos meios para se tornar mais ruidoso, mas para trabalhar de forma ainda mais precisa.<\/p>\n<p>O seu rigor t\u00e9cnico \u00e9 particularmente evidente na imagem em movimento. As pausas nunca s\u00e3o acidentais. S\u00e3o calculadas, por vezes dolorosamente longas. Mas \u00e9 precisamente a\u00ed que reside o seu efeito. O espetador \u00e9 for\u00e7ado a suportar - e muitas vezes reconhece-se a si pr\u00f3prio precisamente nessa resist\u00eancia.<\/p>\n<p>Com o passar dos anos, a aten\u00e7\u00e3o desloca-se cada vez mais das situa\u00e7\u00f5es individuais para as rela\u00e7\u00f5es. O casamento, a vizinhan\u00e7a, a proximidade social. N\u00e3o como um drama, mas como um estado permanente. Ao mesmo tempo, a perspetiva muda: inicialmente, o foco \u00e9 frequentemente a pessoa isolada, mais tarde, a uni\u00e3o que falha devido a trivialidades. N\u00e3o se trata de uma coincid\u00eancia tem\u00e1tica, mas de um desenvolvimento l\u00f3gico. Quanto mais tempo se observa, mais claro se torna: As maiores fric\u00e7\u00f5es n\u00e3o surgem em circunst\u00e2ncias excepcionais, mas no dia a dia.<\/p>\n<h3>Consolida\u00e7\u00e3o em vez de escalonamento<\/h3>\n<p>O que \u00e9 not\u00e1vel \u00e9 o que n\u00e3o est\u00e1 a acontecer: N\u00e3o h\u00e1 escalada, n\u00e3o h\u00e1 rutura, n\u00e3o h\u00e1 mudan\u00e7a de estilo por uma quest\u00e3o de renova\u00e7\u00e3o. A obra de Loriot condensa-se, torna-se mais calma, mais clara, quase mais austera. Enquanto outros artistas se tornam mais ruidosos ou mais expl\u00edcitos ao longo do tempo, ele afasta-se mais - e consegue um efeito maior precisamente por causa disso. Trata-se de uma abordagem cl\u00e1ssica, quase de um velho mestre: n\u00e3o a expans\u00e3o, mas a concentra\u00e7\u00e3o.<\/p>\n<p>As suas entrevistas posteriores tamb\u00e9m parecem menos coment\u00e1rios sobre a obra do que uma continua\u00e7\u00e3o da mesma. A mesma precis\u00e3o, a mesma conten\u00e7\u00e3o, a mesma arte da omiss\u00e3o. N\u00e3o fala para ser ouvido, mas para deixar algo de fora. S\u00e3o frases frequentemente casuais que t\u00eam um efeito duradouro. N\u00e3o porque sejam provocadoras, mas porque est\u00e3o bem colocadas - como uma boa piada que s\u00f3 se percebe quando j\u00e1 acabou.<\/p>\n<hr \/>\n<h3>Inqu\u00e9rito atual para autores interessados<\/h3>\n<div class='bootstrap-yop yop-poll-mc'>\n\t\t\t\t\t\t\t<div class=\"basic-yop-poll-container\" style=\"background-color:#ffffff; border:0px; border-style:solid; border-color:#000000; border-radius:5px; padding:0px 5px;\" data-id=\"8\" data-temp=\"basic-pretty\" data-skin=\"square\" data-cscheme=\"blue\" data-cap=\"0\" data-access=\"guest\" data-tid=\"\" data-uid=\"6f44fb0cd7947371f0450e49e5905cab\" data-pid=\"4039\" data-resdet=\"votes-number,percentages\" data-show-results-to=\"guest\" data-show-results-moment=\"after-vote\" data-show-results-only=\"false\" data-show-message=\"true\" data-show-results-as=\"bar\" data-sort-results-by=\"as-defined\" data-sort-results-rule=\"asc\"data-is-ended=\"0\" data-percentages-decimals=\"2\" data-gdpr=\"no\" data-gdpr-sol=\"consent\" data-css=\".basic-yop-poll-container[data-uid] .basic-vote {\t\t\t\t\t\t\t\t\ttext-align: center;\t\t\t\t\t\t\t\t}\" data-counter=\"0\" data-load-with=\"1\" data-notification-section=\"top\"><div class=\"row\"><div class=\"col-md-12\"><div class=\"basic-inner\"><div class=\"basic-message hide\" style=\"border-left: 10px solid #008000; padding: 0px 10px;\" data-error=\"#ff0000\" data-success=\"#008000\"><p class=\"basic-message-text\" style=\"color:#000000; font-size:14px; font-weight:normal;\"><\/p><\/div><div class=\"basic-overlay hide\"><div class=\"basic-vote-options\"><\/div><div class=\"basic-preloader\"><div class=\"basic-windows8\"><div class=\"basic-wBall basic-wBall_1\"><div class=\"basic-wInnerBall\"><\/div><\/div><div class=\"basic-wBall basic-wBall_2\"><div class=\"basic-wInnerBall\"><\/div><\/div><div class=\"basic-wBall basic-wBall_3\"><div class=\"basic-wInnerBall\"><\/div><\/div><div class=\"basic-wBall basic-wBall_4\"><div class=\"basic-wInnerBall\"><\/div><\/div><div class=\"basic-wBall basic-wBall_5\"><div class=\"basic-wInnerBall\"><\/div><\/div><\/div><\/div><\/div><form class=\"basic-form\" action=\"\"><input type=\"hidden\" name=\"_token\" value=\"7e0a298946\" autocomplete=\"off\"><div class=\"basic-elements\"><div class=\"basic-element basic-question basic-question-text-vertical\" data-id=\"8\" data-uid=\"dc4878d978ad6037648a4caf06e75367\" data-type=\"question\" data-question-type=\"text\" data-required=\"yes\" data-allow-multiple=\"no\" data-min=\"1\" data-max=\"7\" data-display=\"vertical\" data-colnum=\"\" data-display-others=\"no\" data-others-color=\"\" data-others=\"\" data-others-max-chars=\"0\"><div class=\"basic-question-title\"><h5 style=\"color:#000000; font-size:16px; font-weight:normal; text-align:left;\">Qual seria a principal raz\u00e3o para escreveres o teu pr\u00f3prio livro?<\/h5><\/div><ul class=\"basic-answers\"><li class=\"basic-answer\" style=\"padding:0px 0px;\" data-id=\"38\" data-type=\"text\" data-vn=\"5\" data-color=\"#000000\" data-make-link=\"no\" data-link=\"\"><div class=\"basic-answer-content basic-text-vertical\"><label for=\"answer[38]\" class=\"basic-answer-label\"><input type=\"radio\" id=\"answer[38]\" name=\"answer[8]\" value=\"38\"><span class=\"basic-text\" style=\"color: #000000; font-size: 14px; font-weight: normal;\">Gostaria de transmitir a minha experi\u00eancia<\/span><\/label><\/div><\/li><li class=\"basic-answer\" style=\"padding:0px 0px;\" data-id=\"39\" data-type=\"text\" data-vn=\"0\" data-color=\"#000000\" data-make-link=\"no\" data-link=\"\"><div class=\"basic-answer-content basic-text-vertical\"><label for=\"answer[39]\" class=\"basic-answer-label\"><input type=\"radio\" id=\"answer[39]\" name=\"answer[8]\" value=\"39\"><span class=\"basic-text\" style=\"color: #000000; font-size: 14px; font-weight: normal;\">Quero documentar a minha experi\u00eancia<\/span><\/label><\/div><\/li><li class=\"basic-answer\" style=\"padding:0px 0px;\" data-id=\"40\" data-type=\"text\" data-vn=\"6\" data-color=\"#000000\" data-make-link=\"no\" data-link=\"\"><div class=\"basic-answer-content basic-text-vertical\"><label for=\"answer[40]\" class=\"basic-answer-label\"><input type=\"radio\" id=\"answer[40]\" name=\"answer[8]\" value=\"40\"><span class=\"basic-text\" style=\"color: #000000; font-size: 14px; font-weight: normal;\">Estou \u00e0 procura de um equil\u00edbrio criativo<\/span><\/label><\/div><\/li><li class=\"basic-answer\" style=\"padding:0px 0px;\" data-id=\"41\" data-type=\"text\" data-vn=\"2\" data-color=\"#000000\" data-make-link=\"no\" data-link=\"\"><div class=\"basic-answer-content basic-text-vertical\"><label for=\"answer[41]\" class=\"basic-answer-label\"><input type=\"radio\" id=\"answer[41]\" name=\"answer[8]\" value=\"41\"><span class=\"basic-text\" style=\"color: #000000; font-size: 14px; font-weight: normal;\">Espero obter um rendimento com ele<\/span><\/label><\/div><\/li><li class=\"basic-answer\" style=\"padding:0px 0px;\" data-id=\"42\" data-type=\"text\" data-vn=\"2\" data-color=\"#000000\" data-make-link=\"no\" data-link=\"\"><div class=\"basic-answer-content basic-text-vertical\"><label for=\"answer[42]\" class=\"basic-answer-label\"><input type=\"radio\" id=\"answer[42]\" name=\"answer[8]\" value=\"42\"><span class=\"basic-text\" style=\"color: #000000; font-size: 14px; font-weight: normal;\">J\u00e1 escrevi um livro<\/span><\/label><\/div><\/li><li class=\"basic-answer\" style=\"padding:0px 0px;\" data-id=\"44\" data-type=\"text\" data-vn=\"3\" data-color=\"#000000\" data-make-link=\"no\" data-link=\"\"><div class=\"basic-answer-content basic-text-vertical\"><label for=\"answer[44]\" class=\"basic-answer-label\"><input type=\"radio\" id=\"answer[44]\" name=\"answer[8]\" value=\"44\"><span class=\"basic-text\" style=\"color: #000000; font-size: 14px; font-weight: normal;\">N\u00e3o tenho qualquer interesse em escrever<\/span><\/label><\/div><\/li><\/ul><\/div><div class=\"clearfix\"><\/div><\/div><div class=\"basic-vote\"><a href=\"#\" class=\"button basic-vote-button\" role=\"button\" style=\"background:#027bb8; border:0px; border-style: solid; border-color:#000000; border-radius:5px; padding:10px 10px; color:#ffffff; font-size:14px; font-weight:normal;\">Vota\u00e7\u00e3o<\/a><\/div><input type=\"hidden\" name=\"trp-form-language\" value=\"pt\"\/><\/form><\/div><\/div><\/div><\/div>\n\t\t\t\t\t\t<\/div>\n<hr \/>\n<h3>Desenvolvimento sem rutura<\/h3>\n<p>Olhando para tr\u00e1s, podemos ver um desenvolvimento art\u00edstico sem uma verdadeira rutura. Nenhuma fase a ultrapassar. N\u00e3o h\u00e1 trabalhos iniciais pelos quais se deva pedir desculpa. Em vez disso, um processo cont\u00ednuo de aperfei\u00e7oamento.<\/p>\n<p>A obra de Loriot \u00e9, por conseguinte, um raro exemplo de coer\u00eancia art\u00edstica: trabalhou sobre o mesmo tema durante toda a sua vida - e, no entanto, continuou a aprofund\u00e1-lo. N\u00e3o procurando algo de novo, mas aprofundando-o. N\u00e3o procurando algo de novo, mas sim aprofundando-o.<\/p>\n<h3>Evelyn Hamann: Precis\u00e3o sem press\u00e3o<\/h3>\n<p>Evelyn Hamann tem em <a href=\"https:\/\/sz-magazin.sueddeutsche.de\/fernsehen\/loriot-interview-vicco-von-buelow-78375\" target=\"_blank\" rel=\"noopener\"><strong>Discuss\u00f5es sobre coopera\u00e7\u00e3o<\/strong><\/a> O que se passa \u00e9 que o estilo de dire\u00e7\u00e3o de Loriot \u00e9 muito invulgar: nada de ru\u00eddos, nada de jogos de poder, nada de \u201eAgora despacha-te! - mas sim um tom calmo, quase educado, mas, no entanto, afiado. Hamann, em particular, que conseguiu transportar as suas nuances na perfei\u00e7\u00e3o, beneficiou desta forma de trabalhar:<\/p>\n<p>Loriot n\u00e3o trabalhou com grandes explica\u00e7\u00f5es, mas com correc\u00e7\u00f5es m\u00ednimas. Um olhar um pouco mais tarde. Uma frase dita um pouco \u201edemasiado corretamente\u201c - ou ainda n\u00e3o suficientemente correta. E, de repente, a cena estava no s\u00edtio certo. O mais importante \u00e9 que esta precis\u00e3o n\u00e3o era sentida como uma desvaloriza\u00e7\u00e3o, mas como um trabalho artesanal. N\u00e3o se era \u201erepreendido\u201c, mas sim ajustado com precis\u00e3o. Esta atmosfera - concentrada, respeitosa, quase dec\u00eancia \u00e0 moda antiga - tamb\u00e9m explica porque \u00e9 que a dupla Loriot\/Hamann raramente parece duas pessoas a \u201ebrincar\u201c, mas sim duas pessoas que s\u00e3o realmente assim e que, por isso, se tornam engra\u00e7adas.<\/p>\n<h3>A obje\u00e7\u00e3o educada: cr\u00edtica sem ofensa<\/h3>\n<p>Quando Loriot discordava de algo, raramente o exprimia diretamente - e nunca de forma dura. Em vez disso, recorria a uma formula\u00e7\u00e3o que soava inofensiva e, no entanto, n\u00e3o era amb\u00edgua:<\/p>\n<blockquote><p><em>\u201eN\u00e3o sei se nos entendemos bem.\u201c<\/em><\/p><\/blockquote>\n<p>Esta frase n\u00e3o era uma acusa\u00e7\u00e3o, mas um convite \u00e0 corre\u00e7\u00e3o. Ningu\u00e9m foi exposto, ningu\u00e9m perdeu a face. E, no entanto, era claro para todos: a cena ainda n\u00e3o estava no s\u00edtio certo. Esta obje\u00e7\u00e3o educada \u00e9 mais do que uma anedota de trabalho; \u00e9 a express\u00e3o de uma atitude. A cr\u00edtica n\u00e3o tem de ser ofensiva para ser eficaz. Pode ser silenciosa, precisa, respeitosa - e, portanto, vinculativa.<\/p>\n<p>Numa ind\u00fastria em que a voz alta \u00e9 frequentemente confundida com assertividade, este tipo de lideran\u00e7a parecia quase desatualizado. E talvez seja precisamente por isso que teve tanto sucesso.<\/p>\n<div class=\"lyte-wrapper\" style=\"width:640px;max-width:100%;margin:5px;\"><div class=\"lyMe\" id=\"WYL_lEneUjnNMW8\"><div id=\"lyte_lEneUjnNMW8\" data-src=\"https:\/\/www.markus-schall.de\/wp-content\/plugins\/wp-youtube-lyte\/lyteCache.php?origThumbUrl=%2F%2Fi.ytimg.com%2Fvi%2FlEneUjnNMW8%2Fhqdefault.jpg\" class=\"pL\"><div class=\"tC\"><div class=\"tT\"><\/div><\/div><div class=\"play\"><\/div><div class=\"ctrl\"><div class=\"Lctrl\"><\/div><div class=\"Rctrl\"><\/div><\/div><\/div><noscript><a href=\"https:\/\/youtu.be\/lEneUjnNMW8\" rel=\"nofollow noopener\" target=\"_blank\"><img loading=\"lazy\" decoding=\"async\" src=\"https:\/\/www.markus-schall.de\/wp-content\/plugins\/wp-youtube-lyte\/lyteCache.php?origThumbUrl=https%3A%2F%2Fi.ytimg.com%2Fvi%2FlEneUjnNMW8%2F0.jpg\" alt=\"Miniatura de v\u00eddeo do YouTube\" width=\"640\" height=\"340\" \/><br \/>Ver este v\u00eddeo no YouTube<\/a><\/noscript><\/div><\/div><div class=\"lL\" style=\"max-width:100%;width:640px;margin:5px;\"><\/div><br \/>\nLoriot | \u00daltimo discurso p\u00fablico - Vicco von B\u00fclow | <a href=\"https:\/\/www.youtube.com\/@Skb-tvDe\" target=\"_blank\" rel=\"noopener\">SKB TV Brandenburg<\/a><\/p>\n<h2>Impacto, legado e relev\u00e2ncia actuais<\/h2>\n<p>Muitas formas de humor envelhecem rapidamente. Agarram-se ao zeitgeist, \u00e0s modas, \u00e0s excita\u00e7\u00f5es comuns. O Loriot, por outro lado, escapa quase completamente a este desgaste. A raz\u00e3o \u00e9 simples, mas muitas vezes ignorada: Ele nunca falou de temas, mas sim de pessoas. Sobre as suas inseguran\u00e7as, o seu desejo de ordem, o seu medo de fazer algo errado.<\/p>\n<p>O que \u00e9 engra\u00e7ado nele n\u00e3o \u00e9 a piada, mas o momento que a antecede: a hesita\u00e7\u00e3o, o in\u00edcio correto, a frase formulada com demasiado cuidado. Este mecanismo funciona t\u00e3o bem hoje como funcionava h\u00e1 cinquenta anos, porque n\u00e3o est\u00e1 ligado a circunst\u00e2ncias externas. Enquanto as pessoas falarem umas com as outras, haver\u00e1 mal-entendidos. Enquanto as pessoas precisarem de regras, falhar\u00e3o por causa delas.<\/p>\n<p>A intemporalidade de Loriot n\u00e3o reside na nostalgia, mas na precis\u00e3o. Ele n\u00e3o fez nada \u201ecerto na altura\u201c, mas algo fundamental.<\/p>\n<h3>A arte de n\u00e3o ter de explicar<\/h3>\n<p>Outra raz\u00e3o para o seu efeito duradouro \u00e9 a sua conten\u00e7\u00e3o. Loriot n\u00e3o explica. N\u00e3o comenta. N\u00e3o moraliza. Mostra - e confia no seu p\u00fablico para que ele pr\u00f3prio feche a lacuna.<\/p>\n<p>\u00c9 uma atitude que parece quase estranha hoje em dia. Numa \u00e9poca em que tudo tem de ser categorizado, avaliado e imediatamente classificado, o sil\u00eancio de Loriot parece quase provocador. Mas \u00e9 precisamente a\u00ed que reside a sua for\u00e7a: leva as pessoas suficientemente a s\u00e9rio para confiar nelas para pensarem. Esta forma de respeito tornou-se rara - e \u00e9 precisamente por isso que \u00e9 t\u00e3o eficaz.<\/p>\n<h3>A perda da forma no presente<\/h3>\n<p>Se olharmos para os dias de hoje, notamos algo que Loriot teria provavelmente observado com ceticismo: a forma tornou-se fr\u00e1gil. As formas de tratamento est\u00e3o a desaparecer, os tons est\u00e3o a tornar-se mais \u00e1speros, a linguagem est\u00e1 a tornar-se mais rude ou, ao mesmo tempo, artificialmente carregada de moral. H\u00e1 pouco espa\u00e7o para a modera\u00e7\u00e3o entre as duas coisas.<\/p>\n<p>N\u00e3o se trata de \u201etudo era melhor no passado\u201c. A forma n\u00e3o \u00e9 um fim em si mesma. Mas \u00e9 um espa\u00e7o protetor. Permite a dist\u00e2ncia quando a proximidade \u00e9 demasiado grande. Permite o conflito sem escalada. Quando a forma desaparece, muitas vezes s\u00f3 resta o volume.<\/p>\n<p>O trabalho de Loriot lembra-nos que a forma n\u00e3o \u00e9 o oposto da liberdade, mas antes o seu pr\u00e9-requisito. S\u00f3 quem conhece as regras pode quebr\u00e1-las conscientemente - ou subvert\u00ea-las com humor.<\/p>\n<p>\u00c9 tamb\u00e9m surpreendente a falta de desprezo que o humor de Loriot cont\u00e9m. N\u00e3o goza com a fraqueza, mas com a tentativa de encobrir a fraqueza. As suas personagens n\u00e3o s\u00e3o est\u00fapidas, s\u00e3o esfor\u00e7adas. E \u00e9 precisamente esse esfor\u00e7o que os torna humanos - e divertidos. Numa cultura que \u00e9 cada vez mais r\u00e1pida a julgar, esta \u00e9 uma alternativa tranquila. N\u00e3o h\u00e1 tro\u00e7a, n\u00e3o h\u00e1 exposi\u00e7\u00e3o, n\u00e3o h\u00e1 superioridade moral. Em vez disso, uma constata\u00e7\u00e3o tranquila: todos n\u00f3s nos sentamos ocasionalmente na cadeira errada e dizemos a coisa errada na altura errada.<\/p>\n<h3>Uma alternativa silenciosa<\/h3>\n<p>Talvez a maior relev\u00e2ncia de Loriot hoje esteja precisamente aqui: Ele oferece uma alternativa a um mundo que est\u00e1 constantemente a comentar-se a si pr\u00f3prio. Uma alternativa \u00e0 indigna\u00e7\u00e3o constante, \u00e0 categoriza\u00e7\u00e3o permanente, \u00e0 \u201etomada de posi\u00e7\u00e3o\u201c reflexiva. A sua posi\u00e7\u00e3o n\u00e3o \u00e9 neutra, mas \u00e9 ponderada. Reconhece os abismos sem os iluminar. Reconhece a com\u00e9dia da exist\u00eancia humana sem expor o ser humano.<\/p>\n<p>Loriot mostra que se pode ser muito claro sem ser barulhento. Que se pode criticar sem atacar. E que o humor n\u00e3o desvaloriza, mas p\u00f5e ordem nas coisas.<\/p>\n<p>No final, o que resta \u00e9 menos uma obra do que uma atitude. A atitude de olhar com aten\u00e7\u00e3o. A atitude de levar a linguagem a s\u00e9rio. A atitude de n\u00e3o se excluir.<\/p>\n<p>Talvez seja esse o seu verdadeiro legado: n\u00e3o como rir, mas quando. N\u00e3o sobre quem, mas porqu\u00ea. Numa \u00e9poca que procura frequentemente respostas r\u00e1pidas, Loriot recorda-nos que a resposta mais precisa \u00e9, por vezes, uma frase tranquila - e um momento de riso que dura mais do que qualquer slogan.<\/p>\n<p>Fecha-se assim o c\u00edrculo. O que come\u00e7ou por ser uma origem e uma marca conduz a uma atitude que se mant\u00e9m at\u00e9 aos dias de hoje. E talvez seja precisamente por isso que muitas vezes sorrimos depois de um esbo\u00e7o de Loriot - e s\u00f3 mais tarde nos apercebemos de que acab\u00e1mos de compreender algo muito s\u00e9rio.<\/p>\n<h3>von L'oreot: Uma s\u00e9rie de artigos para o fazer sorrir<\/h3>\n<p>Na s\u00e9rie O Senhor de L'oreot, a atitude cl\u00e1ssica encontra os absurdos modernos. Na contribui\u00e7\u00e3o <a href=\"https:\/\/www.markus-schall.de\/pt\/2025\/10\/futuro-com-carregador-o-sr-von-loreot-compra-uma-e-scooter\/\"><em><strong>\u201eO futuro com um carregador - von L'oreot compra uma trotinete el\u00e9ctrica\u201c<\/strong><\/em><\/a> \u00e9 precisamente esta fric\u00e7\u00e3o que \u00e9 levada ao limite liter\u00e1rio: a tecnologia, a ret\u00f3rica do progresso e a raz\u00e3o bem intencionada acabam numa situa\u00e7\u00e3o que se exp\u00f5e. O texto \u00e9 complementado por uma entrevista incorporada do Der Spiegel, na qual Loriot fala com a sua calma e clareza t\u00edpicas. O jogo entre a s\u00e1tira narrativa e a voz original de Loriot aprofunda o tema da atitude na vida t\u00e9cnica quotidiana - sem slapstick, mas com uma pung\u00eancia tranquila.<\/p>\n<h3>Quando o dever se torna novamente dever - uma esp\u00e9cie de ensaio sobre o caso da tens\u00e3o<\/h3>\n<p>O segundo texto da s\u00e9rie, <a href=\"https:\/\/www.markus-schall.de\/pt\/2025\/10\/quando-o-dever-se-torna-novamente-dever-uma-especie-de-ensaio-do-sr-von-loreot\/\"><em><strong>\u201eQuando o dever se torna novamente dever\u201c<\/strong><\/em><\/a>, \u00e9 mais ensa\u00edstico em rela\u00e7\u00e3o a um poss\u00edvel caso de tens\u00e3o na Alemanha e deliberadamente mais s\u00e9rio no tom. von L'oreot observa uma sociedade em que a responsabilidade, o empenhamento e os conceitos de dever s\u00e3o simultaneamente invocados e esvaziados. O texto pergunta o que resta quando as regras deixam de ser respeitadas e passam a ser apenas administradas. Em anexo, uma entrevista mais antiga com Loriot, da R\u00e1dio Bremen, que complementa esta ideia de uma forma surpreendentemente intemporal. A s\u00e9rie Herr von L'oreot funciona como uma figura liter\u00e1ria de observa\u00e7\u00e3o: n\u00e3o \u00e9 um serm\u00e3o, n\u00e3o \u00e9 nost\u00e1lgica, mas atenta - um espelho que mostra menos distor\u00e7\u00e3o do que precis\u00e3o.<\/p>\n<hr \/>\n\n\t\t\t<div class=\"display-post-types\">\n\n\t\t\t\t\t\t\t<style type=\"text\/css\">\n\t\t\t#dpt-wrapper-135 { --dpt-text-align: left;--dpt-image-crop: center;--dpt-border-radius: 5px;--dpt-h-gutter: 10px;--dpt-v-gutter: 9px; }\t\t\t<\/style>\n\t\t\t<style type=\"text\/css\">#dpt-wrapper-135 { --dpt-title-font-style:normal;--dpt-title-font-weight:600;--dpt-title-line-height:1.5;--dpt-title-text-decoration:none;--dpt-title-text-transform:none;--dpt-excerpt-font-style:normal;--dpt-excerpt-font-weight:400;--dpt-excerpt-line-height:1.5;--dpt-excerpt-text-decoration:none;--dpt-excerpt-text-transform:none;--dpt-meta1-font-style:normal;--dpt-meta1-font-weight:400;--dpt-meta1-line-height:1.9;--dpt-meta1-text-decoration:none;--dpt-meta1-text-transform:none;--dpt-meta2-font-style:normal;--dpt-meta2-font-weight:400;--dpt-meta2-line-height:1.9;--dpt-meta2-text-decoration:none;--dpt-meta2-text-transform:none; }<\/style><div class=\"dpt-main-header\">\n\t\t\t\t\t\t<div class=\"dpt-main-title\">\n\t\t\t\t\t\t\t<span class=\"dpt-main-title-text\">Quest\u00f5es sociais da atualidade<\/span>\n\t\t\t\t\t\t<\/div>\n\t\t\t\t\t\t\n\t\t\t\t\t\t\n\t\t\t\t\t\t\n\t\t\t\t\t\t<\/div>\t\t\t\n\t\t\t\t<div id=\"dpt-wrapper-135\" class=\"dpt-wrapper dpt-mag1 land1 dpt-cropped dpt-flex-wrap\" >\n\n\t\t\t\t\t\t\t\t\t\t\t<div class=\"dpt-entry has-thumbnail\" data-title=\"woher stammt sars-cov-2? ein sachlicher \u00dcberblick \u00fcber alle corona-theorien\" data-id=\"3521\"  data-category=\"allgemein gesellschaft gesundheit\" data-post_tag=\"deutschland gesundheit krisen sicherheitspolitik\">\n\t\t\t\t\t\t\t<div class=\"dpt-entry-wrapper\"><div class=\"dpt-featured-content\"><div class=\"dpt-permalink\"><a href=\"https:\/\/www.markus-schall.de\/pt\/2025\/11\/de-onde-vem-o-sars-cov-2-um-resumo-factual-de-todas-as-teorias-do-coronavirus\/\" class=\"dpt-permalink\"><span class=\"screen-reader-text\">Qual \u00e9 a origem do SARS-CoV-2? Um resumo factual de todas as teorias do coronav\u00edrus<\/span><\/a><\/div><div class=\"dpt-thumbnail\"><div class=\"dpt-thumbnail-inner\"><img width=\"1024\" height=\"728\" class=\"attachment-full size-full\" alt=\"SARS-CoV-2 - Corona\" context=\"dpt\" data-dpt-src=\"https:\/\/www.markus-schall.de\/wp-content\/uploads\/sars-covii-corona.jpg\" data-dpt-sizes=\"(max-width: 1024px) 100vw, 1024px\" data-dpt-srcset=\"https:\/\/www.markus-schall.de\/wp-content\/uploads\/sars-covii-corona.jpg 1024w, https:\/\/www.markus-schall.de\/wp-content\/uploads\/sars-covii-corona-300x213.jpg 300w, https:\/\/www.markus-schall.de\/wp-content\/uploads\/sars-covii-corona-768x546.jpg 768w, https:\/\/www.markus-schall.de\/wp-content\/uploads\/sars-covii-corona-18x12.jpg 18w\" \/><\/div><span class=\"dpt-thumbnail-aspect-ratio\" style=\"padding-top: 75%\"><\/span><\/div><\/div><div class=\"sub-entry\"><h3 class=\"dpt-title\"><a class=\"dpt-title-link\" href=\"https:\/\/www.markus-schall.de\/pt\/2025\/11\/de-onde-vem-o-sars-cov-2-um-resumo-factual-de-todas-as-teorias-do-coronavirus\/\" rel=\"bookmark\">Qual \u00e9 a origem do SARS-CoV-2? Um resumo factual de todas as teorias do coronav\u00edrus<\/a><\/h3><\/div><\/div>\n\t\t\t\t\t\t<\/div><!-- .dpt-entry -->\n\t\t\t\t\t\t\t\t\t\t\t\t<div class=\"dpt-entry has-thumbnail\" data-title=\"deine meinung z\u00e4hlt \u2013 neue umfragen zu aktuellen themen\" data-id=\"3383\"  data-category=\"allgemein b\u00fccher gesellschaft\" data-post_tag=\"buch cmd erfahrungen gesundheit krisen meinungsfreiheit\">\n\t\t\t\t\t\t\t<div class=\"dpt-entry-wrapper\"><div class=\"dpt-featured-content\"><div class=\"dpt-permalink\"><a href=\"https:\/\/www.markus-schall.de\/pt\/2025\/11\/a-sua-opiniao-conta-novos-inqueritos-sobre-temas-actuais\/\" class=\"dpt-permalink\"><span class=\"screen-reader-text\">A sua opini\u00e3o conta - Novos inqu\u00e9ritos sobre temas actuais<\/span><\/a><\/div><div class=\"dpt-thumbnail\"><div class=\"dpt-thumbnail-inner\"><img width=\"1024\" height=\"683\" class=\"attachment-full size-full\" alt=\"Inqu\u00e9ritos sobre temas actuais\" context=\"dpt\" data-dpt-src=\"https:\/\/www.markus-schall.de\/wp-content\/uploads\/umfragen-aktuell.jpg\" data-dpt-sizes=\"(max-width: 1024px) 100vw, 1024px\" data-dpt-srcset=\"https:\/\/www.markus-schall.de\/wp-content\/uploads\/umfragen-aktuell.jpg 1024w, https:\/\/www.markus-schall.de\/wp-content\/uploads\/umfragen-aktuell-300x200.jpg 300w, https:\/\/www.markus-schall.de\/wp-content\/uploads\/umfragen-aktuell-768x512.jpg 768w, https:\/\/www.markus-schall.de\/wp-content\/uploads\/umfragen-aktuell-18x12.jpg 18w\" \/><\/div><span class=\"dpt-thumbnail-aspect-ratio\" style=\"padding-top: 75%\"><\/span><\/div><\/div><div class=\"sub-entry\"><h3 class=\"dpt-title\"><a class=\"dpt-title-link\" href=\"https:\/\/www.markus-schall.de\/pt\/2025\/11\/a-sua-opiniao-conta-novos-inqueritos-sobre-temas-actuais\/\" rel=\"bookmark\">A sua opini\u00e3o conta - Novos inqu\u00e9ritos sobre temas actuais<\/a><\/h3><\/div><\/div>\n\t\t\t\t\t\t<\/div><!-- .dpt-entry -->\n\t\t\t\t\t\t\t\t\t\t\t\t<div class=\"dpt-entry has-thumbnail\" data-title=\"als ich mit einem roboter telefonierte \u2013 wie ki das telefon erobert und wie man sie erkennt\" data-id=\"5130\"  data-category=\"allgemein gesellschaft ki-systeme stories &amp; humor\" data-post_tag=\"datenschutz erfahrungen k\u00fcnstliche intelligenz prozesse\">\n\t\t\t\t\t\t\t<div class=\"dpt-entry-wrapper\"><div class=\"dpt-featured-content\"><div class=\"dpt-permalink\"><a href=\"https:\/\/www.markus-schall.de\/pt\/2026\/03\/quando-estava-ao-telefone-com-um-robo-como-ki-conquista-o-telefone-e-como-reconhece-lo\/\" class=\"dpt-permalink\"><span class=\"screen-reader-text\">Quando estava ao telefone com um rob\u00f4 - como a IA est\u00e1 a conquistar o telefone e como reconhec\u00ea-la<\/span><\/a><\/div><div class=\"dpt-thumbnail\"><div class=\"dpt-thumbnail-inner\"><img width=\"1024\" height=\"683\" class=\"attachment-full size-full\" alt=\"Conversa telef\u00f3nica com um rob\u00f4 de IA\" context=\"dpt\" data-dpt-src=\"https:\/\/www.markus-schall.de\/wp-content\/uploads\/Telefonanrufe-KI-Werbung.jpg\" data-dpt-sizes=\"(max-width: 1024px) 100vw, 1024px\" data-dpt-srcset=\"https:\/\/www.markus-schall.de\/wp-content\/uploads\/Telefonanrufe-KI-Werbung.jpg 1024w, https:\/\/www.markus-schall.de\/wp-content\/uploads\/Telefonanrufe-KI-Werbung-300x200.jpg 300w, https:\/\/www.markus-schall.de\/wp-content\/uploads\/Telefonanrufe-KI-Werbung-768x512.jpg 768w, https:\/\/www.markus-schall.de\/wp-content\/uploads\/Telefonanrufe-KI-Werbung-18x12.jpg 18w\" \/><\/div><span class=\"dpt-thumbnail-aspect-ratio\" style=\"padding-top: 75%\"><\/span><\/div><\/div><div class=\"sub-entry\"><h3 class=\"dpt-title\"><a class=\"dpt-title-link\" href=\"https:\/\/www.markus-schall.de\/pt\/2026\/03\/quando-estava-ao-telefone-com-um-robo-como-ki-conquista-o-telefone-e-como-reconhece-lo\/\" rel=\"bookmark\">Quando estava ao telefone com um rob\u00f4 - como a IA est\u00e1 a conquistar o telefone e como reconhec\u00ea-la<\/a><\/h3><\/div><\/div>\n\t\t\t\t\t\t<\/div><!-- .dpt-entry -->\n\t\t\t\t\t\t\t\t\t\t\t\t<div class=\"dpt-entry has-thumbnail\" data-title=\"digitale abh\u00e4ngigkeit: wie wir unsere selbstbestimmung an die cloud verloren haben\" data-id=\"2986\"  data-category=\"apple iphone &amp; ipad apple macos filemaker &amp; erp gesellschaft ki-systeme tipps &amp; anleitungen\" data-post_tag=\"apple datenlogik datenschutz digitales eigentum erfahrungen erp-software gfm-business\">\n\t\t\t\t\t\t\t<div class=\"dpt-entry-wrapper\"><div class=\"dpt-featured-content\"><div class=\"dpt-permalink\"><a href=\"https:\/\/www.markus-schall.de\/pt\/2025\/10\/dependencia-digital-como-perdemos-a-nossa-auto-determinacao-para-a-nuvem\/\" class=\"dpt-permalink\"><span class=\"screen-reader-text\">Depend\u00eancia digital: como perdemos a nossa autodetermina\u00e7\u00e3o para a nuvem<\/span><\/a><\/div><div class=\"dpt-thumbnail\"><div class=\"dpt-thumbnail-inner\"><img width=\"1024\" height=\"683\" class=\"attachment-full size-full\" alt=\"Depend\u00eancia digital com sistemas de nuvem\" context=\"dpt\" data-dpt-src=\"https:\/\/www.markus-schall.de\/wp-content\/uploads\/digitale-abhaengigkeit-cloud.jpg\" data-dpt-sizes=\"(max-width: 1024px) 100vw, 1024px\" data-dpt-srcset=\"https:\/\/www.markus-schall.de\/wp-content\/uploads\/digitale-abhaengigkeit-cloud.jpg 1024w, https:\/\/www.markus-schall.de\/wp-content\/uploads\/digitale-abhaengigkeit-cloud-300x200.jpg 300w, https:\/\/www.markus-schall.de\/wp-content\/uploads\/digitale-abhaengigkeit-cloud-768x512.jpg 768w, https:\/\/www.markus-schall.de\/wp-content\/uploads\/digitale-abhaengigkeit-cloud-18x12.jpg 18w\" \/><\/div><span class=\"dpt-thumbnail-aspect-ratio\" style=\"padding-top: 75%\"><\/span><\/div><\/div><div class=\"sub-entry\"><h3 class=\"dpt-title\"><a class=\"dpt-title-link\" href=\"https:\/\/www.markus-schall.de\/pt\/2025\/10\/dependencia-digital-como-perdemos-a-nossa-auto-determinacao-para-a-nuvem\/\" rel=\"bookmark\">Depend\u00eancia digital: como perdemos a nossa autodetermina\u00e7\u00e3o para a nuvem<\/a><\/h3><\/div><\/div>\n\t\t\t\t\t\t<\/div><!-- .dpt-entry -->\n\t\t\t\t\t\t\n\t\t\t\t<\/div>\n\t\t\t\t\t\t<\/div>\n\t\t\t\n<hr \/>\n<h2>Perguntas mais frequentes<\/h2>\n<ol>\n<li><strong>Porque \u00e9 que Loriot \u00e9 particularmente adequado para um retrato sobre atitude?<\/strong><br \/>\nPorque Loriot n\u00e3o proclama atitudes, vive-as. Dispensa os slogans, a superioridade moral e os gestos ruidosos. A sua atitude caracteriza-se pela modera\u00e7\u00e3o, conten\u00e7\u00e3o e precis\u00e3o. \u00c9 precisamente isso que a torna vis\u00edvel. Ele confia que as pessoas conseguem perceber as nuances - e \u00e9 precisamente isso que o torna relevante at\u00e9 aos dias de hoje.<\/li>\n<li><strong>O que \u00e9 que distingue o humor de Loriot do cabaret cl\u00e1ssico ou da s\u00e1tira?<\/strong><br \/>\nLoriot n\u00e3o ataca posi\u00e7\u00f5es pol\u00edticas nem goza com grupos. O seu humor \u00e9 dirigido a situa\u00e7\u00f5es, linguagem e rituais sociais. N\u00e3o mostra quem est\u00e1 errado, mas como as pessoas s\u00e3o apanhadas na sua pr\u00f3pria corre\u00e7\u00e3o. Isto faz com que o seu humor seja intemporal e independente da atualidade.<\/li>\n<li><strong>Que papel desempenham as suas origens na sua obra?<\/strong><br \/>\nO seu passado num mundo fortemente formalizado agu\u00e7ou desde cedo o seu olho para a ordem, a etiqueta e a linguagem. Esta marca n\u00e3o \u00e9 um lastro, mas uma ferramenta. Quem conhece as regras tamb\u00e9m reconhece os seus pontos de rutura. Loriot utiliza precisamente este conhecimento para tornar vis\u00edveis as mudan\u00e7as subtis.<\/li>\n<li><strong>Como \u00e9 que o facto de ter crescido no Terceiro Reich influenciou a sua atitude?<\/strong><br \/>\nN\u00e3o atrav\u00e9s de slogans pol\u00edticos, mas atrav\u00e9s da experi\u00eancia quotidiana. Experimentou a ordem, a conformidade e a linguagem normalizada como algo natural. A partir da\u00ed, desenvolveu um sentido apurado para a mec\u00e2nica dos sistemas - e para o absurdo que surge quando as pessoas colocam as regras acima das pessoas.<\/li>\n<li><strong>Por que \u00e9 que Loriot n\u00e3o tem qualquer forma de acusa\u00e7\u00e3o ou de presta\u00e7\u00e3o de contas?<\/strong><br \/>\nPorque o seu interesse n\u00e3o est\u00e1 na quest\u00e3o da culpa, mas nas pessoas. Ele observa em vez de julgar. Esta atitude evita a simplifica\u00e7\u00e3o e preserva a dignidade - mesmo nas personagens que falham. \u00c9 isto que torna a sua obra t\u00e3o humana e t\u00e3o duradoura.<\/li>\n<li><strong>Que significado teve a guerra para a sua obra posterior?<\/strong><br \/>\nA guerra p\u00f4s fim \u00e0 juventude de forma abrupta e confrontou-o com a disciplina como uma necessidade. Esta experi\u00eancia n\u00e3o o levou ao endurecimento, mas ao ceticismo em rela\u00e7\u00e3o \u00e0 seriedade cega. A ordem continua a ser importante para ele - mas nunca como um fim em si mesmo. Esta tens\u00e3o caracteriza toda a sua obra.<\/li>\n<li><strong>Porque \u00e9 que a linguagem desempenha um papel t\u00e3o central na obra de Loriot?<\/strong><br \/>\nPorque a linguagem cria a ordem - e exp\u00f5e-na. Loriot mostra o poder das formula\u00e7\u00f5es, a facilidade com que a linguagem se pode desviar e a rapidez com que a polidez se pode tornar uma arma. Os seus di\u00e1logos s\u00e3o um pouco exagerados, e \u00e9 precisamente por isso que s\u00e3o t\u00e3o exactos.<\/li>\n<li><strong>O que torna as personagens de Loriot t\u00e3o cred\u00edveis?<\/strong><br \/>\nN\u00e3o s\u00e3o demasiado exigentes, mas fazem um esfor\u00e7o. Querem fazer tudo bem feito. \u00c9 exatamente a\u00ed que reside a sua com\u00e9dia. Reconhece-se a si pr\u00f3prio - n\u00e3o como uma caricatura, mas como uma pessoa numa situa\u00e7\u00e3o desconfortavelmente familiar.<\/li>\n<li><strong>Porque \u00e9 que as obras de Loriot quase n\u00e3o envelhecem?<\/strong><br \/>\nPorque n\u00e3o est\u00e3o ligados ao zeitgeist ou \u00e0s modas. Trabalha com padr\u00f5es humanos universais: a inseguran\u00e7a, a necessidade de ordem, o medo de cometer erros. Enquanto as pessoas interagirem umas com as outras, estes padr\u00f5es manter-se-\u00e3o.<\/li>\n<li><strong>Como evoluiu a sua carreira art\u00edstica?<\/strong><br \/>\nN\u00e3o h\u00e1 pausas, mas condensa\u00e7\u00e3o. Do desenhador ao texto e ao filme, \u00e0 concentra\u00e7\u00e3o cada vez maior no tempo, nas pausas e nas rela\u00e7\u00f5es. Com o tempo, n\u00e3o se torna mais barulhento, mas mais silencioso - e, portanto, mais preciso.<\/li>\n<li><strong>Porque \u00e9 que as suas pausas s\u00e3o muitas vezes mais importantes do que as suas piadas?<\/strong><br \/>\nPorque criam espa\u00e7o. Espa\u00e7o para a realiza\u00e7\u00e3o, para o desconforto, para o reconhecimento. A pausa obriga o espetador a tornar-se ativo. N\u00e3o \u00e9 um tempo ocioso, mas parte da mensagem.<\/li>\n<li><strong>O que distingue o humor de Loriot da com\u00e9dia atual?<\/strong><br \/>\nEle dispensa a provoca\u00e7\u00e3o e a rapidez. Em vez disso, privilegia a paci\u00eancia e a precis\u00e3o. Enquanto a com\u00e9dia atual visa muitas vezes o efeito, Loriot trabalha com o efeito - a longo prazo, calmamente, de forma sustent\u00e1vel.<\/li>\n<li><strong>Que papel desempenha a auto-ironia na sua obra?<\/strong><br \/>\nUma central. Loriot n\u00e3o se exclui a si pr\u00f3prio. O seu mundo n\u00e3o \u00e9 um palco onde os outros falham, mas um espa\u00e7o onde todos os intervenientes s\u00e3o parte do problema. Isto evita a arrog\u00e2ncia e cria proximidade.<\/li>\n<li><strong>Porque \u00e9 que Loriot parece quase uma ant\u00edtese da atualidade?<\/strong><br \/>\nPorque mant\u00e9m a modera\u00e7\u00e3o onde hoje domina o exagero. Porque se mant\u00e9m em sil\u00eancio onde outros explicam. E porque mostra confian\u00e7a no poder de julgamento do seu p\u00fablico - algo que se est\u00e1 a perder cada vez mais.<\/li>\n<li><strong>O que significa \u201eforma\u201c na obra de Loriot?<\/strong><br \/>\nPara ele, a forma n\u00e3o \u00e9 um espartilho, mas uma estrutura. Permite a dist\u00e2ncia, protege contra a escalada e permite o humor. A sua perda n\u00e3o conduz \u00e0 liberdade, mas muitas vezes \u00e0 rudeza. Loriot mostra como a forma pode ser valiosa.<\/li>\n<li><strong>Porque \u00e9 que o seu humor nunca \u00e9 ofensivo?<\/strong><br \/>\nPorque n\u00e3o exp\u00f5e, mas torna vis\u00edvel. N\u00e3o exp\u00f5e ningu\u00e9m, mas revela mecanismos. O riso nasce da constata\u00e7\u00e3o, n\u00e3o da superioridade.<\/li>\n<li><strong>Que papel desempenham as suas entrevistas posteriores no quadro geral?<\/strong><br \/>\nParecem uma continua\u00e7\u00e3o do seu trabalho com meios diferentes. A mesma conten\u00e7\u00e3o, a mesma precis\u00e3o, a mesma arte da omiss\u00e3o. Tamb\u00e9m aqui, ele fala nas entrelinhas - e muitas vezes de forma mais clara.<\/li>\n<li><strong>O que resta de Loriot para al\u00e9m dos esbo\u00e7os conhecidos?<\/strong><br \/>\nUma atitude: olhar com aten\u00e7\u00e3o, manter o sentido das propor\u00e7\u00f5es, levar a linguagem a s\u00e9rio e n\u00e3o desprezar as pessoas. Talvez este seja o seu maior legado - especialmente numa \u00e9poca que exige frequentemente julgamentos r\u00e1pidos.<\/li>\n<\/ol>\n<hr \/>\n\n\t\t\t<div class=\"display-post-types\">\n\n\t\t\t\t\t\t\t<style type=\"text\/css\">\n\t\t\t#dpt-wrapper-136 { --dpt-text-align: left;--dpt-image-crop: center;--dpt-border-radius: 5px;--dpt-h-gutter: 10px;--dpt-v-gutter: 9px; }\t\t\t<\/style>\n\t\t\t<style type=\"text\/css\">#dpt-wrapper-136 { --dpt-title-font-style:normal;--dpt-title-font-weight:600;--dpt-title-line-height:1.5;--dpt-title-text-decoration:none;--dpt-title-text-transform:none;--dpt-excerpt-font-style:normal;--dpt-excerpt-font-weight:400;--dpt-excerpt-line-height:1.5;--dpt-excerpt-text-decoration:none;--dpt-excerpt-text-transform:none;--dpt-meta1-font-style:normal;--dpt-meta1-font-weight:400;--dpt-meta1-line-height:1.9;--dpt-meta1-text-decoration:none;--dpt-meta1-text-transform:none;--dpt-meta2-font-style:normal;--dpt-meta2-font-weight:400;--dpt-meta2-line-height:1.9;--dpt-meta2-text-decoration:none;--dpt-meta2-text-transform:none; }<\/style><div class=\"dpt-main-header\">\n\t\t\t\t\t\t<div class=\"dpt-main-title\">\n\t\t\t\t\t\t\t<span class=\"dpt-main-title-text\">Artigos actuais sobre intelig\u00eancia artificial<\/span>\n\t\t\t\t\t\t<\/div>\n\t\t\t\t\t\t\n\t\t\t\t\t\t\n\t\t\t\t\t\t\n\t\t\t\t\t\t<\/div>\t\t\t\n\t\t\t\t<div id=\"dpt-wrapper-136\" class=\"dpt-wrapper dpt-mag1 land1 dpt-cropped dpt-flex-wrap\" >\n\n\t\t\t\t\t\t\t\t\t\t\t<div class=\"dpt-entry has-thumbnail\" data-title=\"die neuen eu-zensurgesetze: was chatcontrol, dsa, emfa und der ai act bedeuten\" data-id=\"3586\"  data-category=\"allgemein gesellschaft ki-systeme\" data-post_tag=\"datenschutz digitales eigentum eu-gesetze europa k\u00fcnstliche intelligenz llm meinungsfreiheit spieltheorie sprachmodell\">\n\t\t\t\t\t\t\t<div class=\"dpt-entry-wrapper\"><div class=\"dpt-featured-content\"><div class=\"dpt-permalink\"><a href=\"https:\/\/www.markus-schall.de\/pt\/2025\/11\/as-novas-leis-de-censura-da-ue-o-que-significa-chatcontrol-dsa-emfa-e-a-lei-ai\/\" class=\"dpt-permalink\"><span class=\"screen-reader-text\">As novas leis de censura da UE: O que significam o Chatcontrol, o DSA, o EMFA e a Lei da IA<\/span><\/a><\/div><div class=\"dpt-thumbnail\"><div class=\"dpt-thumbnail-inner\"><img width=\"1024\" height=\"683\" class=\"attachment-full size-full\" alt=\"Leis de censura da UE\" context=\"dpt\" data-dpt-src=\"https:\/\/www.markus-schall.de\/wp-content\/uploads\/eu-zensurgesetze.jpg\" data-dpt-sizes=\"(max-width: 1024px) 100vw, 1024px\" data-dpt-srcset=\"https:\/\/www.markus-schall.de\/wp-content\/uploads\/eu-zensurgesetze.jpg 1024w, https:\/\/www.markus-schall.de\/wp-content\/uploads\/eu-zensurgesetze-300x200.jpg 300w, https:\/\/www.markus-schall.de\/wp-content\/uploads\/eu-zensurgesetze-768x512.jpg 768w, https:\/\/www.markus-schall.de\/wp-content\/uploads\/eu-zensurgesetze-18x12.jpg 18w\" \/><\/div><span class=\"dpt-thumbnail-aspect-ratio\" style=\"padding-top: 75%\"><\/span><\/div><\/div><div class=\"sub-entry\"><h3 class=\"dpt-title\"><a class=\"dpt-title-link\" href=\"https:\/\/www.markus-schall.de\/pt\/2025\/11\/as-novas-leis-de-censura-da-ue-o-que-significa-chatcontrol-dsa-emfa-e-a-lei-ai\/\" rel=\"bookmark\">As novas leis de censura da UE: O que significam o Chatcontrol, o DSA, o EMFA e a Lei da IA<\/a><\/h3><\/div><\/div>\n\t\t\t\t\t\t<\/div><!-- .dpt-entry -->\n\t\t\t\t\t\t\t\t\t\t\t\t<div class=\"dpt-entry has-thumbnail\" data-title=\"rag mit ollama und qdrant als universelle suchmaschine f\u00fcr eigene daten\" data-id=\"2764\"  data-category=\"filemaker &amp; erp ki-systeme\" data-post_tag=\"datenbanken docker k\u00fcnstliche intelligenz llama llm mistral ollama qdrant vektordatenbank\">\n\t\t\t\t\t\t\t<div class=\"dpt-entry-wrapper\"><div class=\"dpt-featured-content\"><div class=\"dpt-permalink\"><a href=\"https:\/\/www.markus-schall.de\/pt\/2025\/08\/rag-com-ollama-e-qdrant-como-motor-de-pesquisa-universal-para-dados-proprios\/\" class=\"dpt-permalink\"><span class=\"screen-reader-text\">RAG com Ollama e Qdrant como motor de pesquisa universal para dados pr\u00f3prios<\/span><\/a><\/div><div class=\"dpt-thumbnail\"><div class=\"dpt-thumbnail-inner\"><img width=\"1920\" height=\"640\" class=\"attachment-full size-full\" alt=\"Alargar a IA local com bases de dados utilizando RAG, Ollama e Qdrant\" context=\"dpt\" data-dpt-src=\"https:\/\/www.markus-schall.de\/wp-content\/uploads\/lokale-ki-rag-ollama-qdrant.jpg\" data-dpt-sizes=\"(max-width: 1920px) 100vw, 1920px\" data-dpt-srcset=\"https:\/\/www.markus-schall.de\/wp-content\/uploads\/lokale-ki-rag-ollama-qdrant.jpg 1920w, https:\/\/www.markus-schall.de\/wp-content\/uploads\/lokale-ki-rag-ollama-qdrant-300x100.jpg 300w, https:\/\/www.markus-schall.de\/wp-content\/uploads\/lokale-ki-rag-ollama-qdrant-1024x341.jpg 1024w, https:\/\/www.markus-schall.de\/wp-content\/uploads\/lokale-ki-rag-ollama-qdrant-768x256.jpg 768w, https:\/\/www.markus-schall.de\/wp-content\/uploads\/lokale-ki-rag-ollama-qdrant-1536x512.jpg 1536w, https:\/\/www.markus-schall.de\/wp-content\/uploads\/lokale-ki-rag-ollama-qdrant-18x6.jpg 18w\" \/><\/div><span class=\"dpt-thumbnail-aspect-ratio\" style=\"padding-top: 75%\"><\/span><\/div><\/div><div class=\"sub-entry\"><h3 class=\"dpt-title\"><a class=\"dpt-title-link\" href=\"https:\/\/www.markus-schall.de\/pt\/2025\/08\/rag-com-ollama-e-qdrant-como-motor-de-pesquisa-universal-para-dados-proprios\/\" rel=\"bookmark\">RAG com Ollama e Qdrant como motor de pesquisa universal para dados pr\u00f3prios<\/a><\/h3><\/div><\/div>\n\t\t\t\t\t\t<\/div><!-- .dpt-entry -->\n\t\t\t\t\t\t\t\t\t\t\t\t<div class=\"dpt-entry has-thumbnail\" data-title=\"gfm-business und die zukunft des erp: lokale intelligenz statt cloud-abh\u00e4ngigkeit\" data-id=\"2956\"  data-category=\"apple iphone &amp; ipad apple macos filemaker &amp; erp ki-systeme\" data-post_tag=\"datenschutz digitales eigentum erp-software filemaker gfm-business k\u00fcnstliche intelligenz llm neo4j qdrant sprachmodell\">\n\t\t\t\t\t\t\t<div class=\"dpt-entry-wrapper\"><div class=\"dpt-featured-content\"><div class=\"dpt-permalink\"><a href=\"https:\/\/www.markus-schall.de\/pt\/2025\/09\/gfm-business-e-o-futuro-do-erp-inteligencia-local-em-vez-de-dependencia-da-nuvem\/\" class=\"dpt-permalink\"><span class=\"screen-reader-text\">gFM-Business e o futuro do ERP: intelig\u00eancia local em vez de depend\u00eancia da nuvem<\/span><\/a><\/div><div class=\"dpt-thumbnail\"><div class=\"dpt-thumbnail-inner\"><img width=\"1024\" height=\"683\" class=\"attachment-full size-full\" alt=\"gFM-Business e IA + gr\u00e1fico de conhecimentos\" context=\"dpt\" data-dpt-src=\"https:\/\/www.markus-schall.de\/wp-content\/uploads\/gfm-ERP-KI-Wissensgraf.jpg\" data-dpt-sizes=\"(max-width: 1024px) 100vw, 1024px\" data-dpt-srcset=\"https:\/\/www.markus-schall.de\/wp-content\/uploads\/gfm-ERP-KI-Wissensgraf.jpg 1024w, https:\/\/www.markus-schall.de\/wp-content\/uploads\/gfm-ERP-KI-Wissensgraf-300x200.jpg 300w, https:\/\/www.markus-schall.de\/wp-content\/uploads\/gfm-ERP-KI-Wissensgraf-768x512.jpg 768w, https:\/\/www.markus-schall.de\/wp-content\/uploads\/gfm-ERP-KI-Wissensgraf-18x12.jpg 18w\" \/><\/div><span class=\"dpt-thumbnail-aspect-ratio\" style=\"padding-top: 75%\"><\/span><\/div><\/div><div class=\"sub-entry\"><h3 class=\"dpt-title\"><a class=\"dpt-title-link\" href=\"https:\/\/www.markus-schall.de\/pt\/2025\/09\/gfm-business-e-o-futuro-do-erp-inteligencia-local-em-vez-de-dependencia-da-nuvem\/\" rel=\"bookmark\">gFM-Business e o futuro do ERP: intelig\u00eancia local em vez de depend\u00eancia da nuvem<\/a><\/h3><\/div><\/div>\n\t\t\t\t\t\t<\/div><!-- .dpt-entry -->\n\t\t\t\t\t\t\t\t\t\t\t\t<div class=\"dpt-entry has-thumbnail\" data-title=\"lokale ki auf dem mac: so installieren sie ein sprachmodell mit ollama\" data-id=\"2442\"  data-category=\"ki-systeme tipps &amp; anleitungen\" data-post_tag=\"datenschutz k\u00fcnstliche intelligenz llama llm mac mistral ollama sprachmodell\">\n\t\t\t\t\t\t\t<div class=\"dpt-entry-wrapper\"><div class=\"dpt-featured-content\"><div class=\"dpt-permalink\"><a href=\"https:\/\/www.markus-schall.de\/pt\/2025\/08\/local-ki-no-mac-como-este-1tp12para-criar-um-modelo-de-linguagem-com-ollama\/\" class=\"dpt-permalink\"><span class=\"screen-reader-text\">IA local no Mac: Como installerceirizar um modelo de linguagem com o Ollama<\/span><\/a><\/div><div class=\"dpt-thumbnail\"><div class=\"dpt-thumbnail-inner\"><img width=\"1024\" height=\"683\" class=\"attachment-full size-full\" alt=\"Local AI installieren com Ollama no Mac\" context=\"dpt\" data-dpt-src=\"https:\/\/www.markus-schall.de\/wp-content\/uploads\/Lokale-KI-auf-Apple-Mac.jpg\" data-dpt-sizes=\"(max-width: 1024px) 100vw, 1024px\" data-dpt-srcset=\"https:\/\/www.markus-schall.de\/wp-content\/uploads\/Lokale-KI-auf-Apple-Mac.jpg 1024w, https:\/\/www.markus-schall.de\/wp-content\/uploads\/Lokale-KI-auf-Apple-Mac-300x200.jpg 300w, https:\/\/www.markus-schall.de\/wp-content\/uploads\/Lokale-KI-auf-Apple-Mac-768x512.jpg 768w, https:\/\/www.markus-schall.de\/wp-content\/uploads\/Lokale-KI-auf-Apple-Mac-18x12.jpg 18w\" \/><\/div><span class=\"dpt-thumbnail-aspect-ratio\" style=\"padding-top: 75%\"><\/span><\/div><\/div><div class=\"sub-entry\"><h3 class=\"dpt-title\"><a class=\"dpt-title-link\" href=\"https:\/\/www.markus-schall.de\/pt\/2025\/08\/local-ki-no-mac-como-este-1tp12para-criar-um-modelo-de-linguagem-com-ollama\/\" rel=\"bookmark\">IA local no Mac: Como installerceirizar um modelo de linguagem com o Ollama<\/a><\/h3><\/div><\/div>\n\t\t\t\t\t\t<\/div><!-- .dpt-entry -->\n\t\t\t\t\t\t\n\t\t\t\t<\/div>\n\t\t\t\t\t\t<\/div>\n\t\t\t\n<hr \/>","protected":false},"excerpt":{"rendered":"<p>H\u00e1 artistas que p\u00f5em a sua opini\u00e3o no papel como um carimbo: vis\u00edvel, inconfund\u00edvel, por vezes at\u00e9 um pouco reles. E depois h\u00e1 Vicco von B\u00fclow - Loriot - que representa o oposto: Postura sem fanfarronice. Podia ser muito claro quando queria. Mas n\u00e3o o fazia com um dedo apontado, mas sim com um ... <a title=\"IA local no Mac: Como installerceirizar um modelo de linguagem com o Ollama\" class=\"read-more\" href=\"https:\/\/www.markus-schall.de\/pt\/2025\/08\/local-ki-no-mac-como-este-1tp12para-criar-um-modelo-de-linguagem-com-ollama\/\" aria-label=\"Leia mais sobre IA local no Mac: como installerminar um modelo de linguagem com o Ollama\">Ler mais<\/a><\/p>","protected":false},"author":1,"featured_media":4172,"comment_status":"open","ping_status":"open","sticky":false,"template":"","format":"standard","meta":{"iawp_total_views":163,"footnotes":""},"categories":[1,466,472,235],"tags":[480,458,429,477],"class_list":["post-4169","post","type-post","status-publish","format-standard","has-post-thumbnail","hentry","category-allgemein","category-gesellschaft","category-kunst-kultur","category-stories-humor","tag-deutschland","tag-erfahrungen","tag-persoenlichkeitsentwicklung","tag-portrait"],"_links":{"self":[{"href":"https:\/\/www.markus-schall.de\/pt\/wp-json\/wp\/v2\/posts\/4169","targetHints":{"allow":["GET"]}}],"collection":[{"href":"https:\/\/www.markus-schall.de\/pt\/wp-json\/wp\/v2\/posts"}],"about":[{"href":"https:\/\/www.markus-schall.de\/pt\/wp-json\/wp\/v2\/types\/post"}],"author":[{"embeddable":true,"href":"https:\/\/www.markus-schall.de\/pt\/wp-json\/wp\/v2\/users\/1"}],"replies":[{"embeddable":true,"href":"https:\/\/www.markus-schall.de\/pt\/wp-json\/wp\/v2\/comments?post=4169"}],"version-history":[{"count":9,"href":"https:\/\/www.markus-schall.de\/pt\/wp-json\/wp\/v2\/posts\/4169\/revisions"}],"predecessor-version":[{"id":5420,"href":"https:\/\/www.markus-schall.de\/pt\/wp-json\/wp\/v2\/posts\/4169\/revisions\/5420"}],"wp:featuredmedia":[{"embeddable":true,"href":"https:\/\/www.markus-schall.de\/pt\/wp-json\/wp\/v2\/media\/4172"}],"wp:attachment":[{"href":"https:\/\/www.markus-schall.de\/pt\/wp-json\/wp\/v2\/media?parent=4169"}],"wp:term":[{"taxonomy":"category","embeddable":true,"href":"https:\/\/www.markus-schall.de\/pt\/wp-json\/wp\/v2\/categories?post=4169"},{"taxonomy":"post_tag","embeddable":true,"href":"https:\/\/www.markus-schall.de\/pt\/wp-json\/wp\/v2\/tags?post=4169"}],"curies":[{"name":"wp","href":"https:\/\/api.w.org\/{rel}","templated":true}]}}