{"id":4275,"date":"2026-01-05T08:05:02","date_gmt":"2026-01-05T08:05:02","guid":{"rendered":"https:\/\/www.markus-schall.de\/?p=4275"},"modified":"2026-04-22T15:49:54","modified_gmt":"2026-04-22T15:49:54","slug":"a-ordem-mundial-baseada-em-regras-e-o-direito-internacional-entre-a-realidade-e-a-violacao-da-lei","status":"publish","type":"post","link":"https:\/\/www.markus-schall.de\/pt\/2026\/01\/a-ordem-mundial-baseada-em-regras-e-o-direito-internacional-entre-a-realidade-e-a-violacao-da-lei\/","title":{"rendered":"A ordem mundial baseada em regras e o direito internacional: entre a reivindica\u00e7\u00e3o, a realidade e a viola\u00e7\u00e3o do direito"},"content":{"rendered":"<p>H\u00e1 anos que reparo na frequ\u00eancia com que os pol\u00edticos e os meios de comunica\u00e7\u00e3o social falam de um <em>\u201eordem mundial baseada em regras\u201c<\/em> est\u00e1 a ser discutido. O atual conflito entre os EUA e a Venezuela trouxe de novo esta quest\u00e3o para a ribalta. No passado, este termo quase nunca aparecia, mas hoje parece quase um reflexo padr\u00e3o: se algo acontece algures, rapidamente se diz que temos de \u201edefender as regras\u201c. Ao mesmo tempo, fiquei com a impress\u00e3o de que as mesmas pessoas que se referem a estas regras, muitas vezes, j\u00e1 n\u00e3o se sentem coerentemente obrigadas a cumpri-las em caso de d\u00favida. Foi precisamente esta contradi\u00e7\u00e3o que me intrigou.<\/p>\n<p>Al\u00e9m disso, quanto mais vezes se ouvem estes termos, mais vagos eles parecem. \u201eBaseado em regras\u201c parece claro, mas muitas vezes permanece vago. E \u201edireito internacional\u201c \u00e9 muitas vezes utilizado como um selo moral de aprova\u00e7\u00e3o, embora seja de facto um quadro jur\u00eddico - com condi\u00e7\u00f5es, limites e lacunas. Decidi, por isso, debru\u00e7ar-me mais de perto sobre este tema. N\u00e3o como jurista, mas como algu\u00e9m que quer compreender o que foi esta ordem no seu \u00e2mago - e qual a sua verdadeira for\u00e7a.<!--more--><\/p>\n<hr \/>\n\n\t\t\t<div class=\"display-post-types\">\n\n\t\t\t\t\t\t\t<style type=\"text\/css\">\n\t\t\t#dpt-wrapper-796 { --dpt-text-align: left;--dpt-image-crop: center;--dpt-border-radius: 5px;--dpt-h-gutter: 10px;--dpt-v-gutter: 9px; }\t\t\t<\/style>\n\t\t\t<style type=\"text\/css\">#dpt-wrapper-796 { --dpt-title-font-style:normal;--dpt-title-font-weight:600;--dpt-title-line-height:1.5;--dpt-title-text-decoration:none;--dpt-title-text-transform:none;--dpt-excerpt-font-style:normal;--dpt-excerpt-font-weight:400;--dpt-excerpt-line-height:1.5;--dpt-excerpt-text-decoration:none;--dpt-excerpt-text-transform:none;--dpt-meta1-font-style:normal;--dpt-meta1-font-weight:400;--dpt-meta1-line-height:1.9;--dpt-meta1-text-decoration:none;--dpt-meta1-text-transform:none;--dpt-meta2-font-style:normal;--dpt-meta2-font-weight:400;--dpt-meta2-line-height:1.9;--dpt-meta2-text-decoration:none;--dpt-meta2-text-transform:none; }<\/style><div class=\"dpt-main-header\">\n\t\t\t\t\t\t<div class=\"dpt-main-title\">\n\t\t\t\t\t\t\t<span class=\"dpt-main-title-text\">Quest\u00f5es sociais da atualidade<\/span>\n\t\t\t\t\t\t<\/div>\n\t\t\t\t\t\t\n\t\t\t\t\t\t\n\t\t\t\t\t\t\n\t\t\t\t\t\t<\/div>\t\t\t\n\t\t\t\t<div id=\"dpt-wrapper-796\" class=\"dpt-wrapper dpt-mag1 land1 dpt-cropped dpt-flex-wrap\" >\n\n\t\t\t\t\t\t\t\t\t\t\t<div class=\"dpt-entry has-thumbnail\" data-title=\"digitales eigentum erkl\u00e4rt \u2013 so entstehen nachhaltige online-verm\u00f6genswerte\" data-id=\"4766\"  data-category=\"allgemein b\u00fccher gesellschaft ki-systeme\" data-post_tag=\"buch datenbanken denkmodelle digitales eigentum erp-software k\u00fcnstliche intelligenz prozesse publishing\">\n\t\t\t\t\t\t\t<div class=\"dpt-entry-wrapper\"><div class=\"dpt-featured-content\"><div class=\"dpt-permalink\"><a href=\"https:\/\/www.markus-schall.de\/pt\/2026\/02\/a-propriedade-digital-explicou-como-sao-criados-activos-sustentaveis-em-linha\/\" class=\"dpt-permalink\"><span class=\"screen-reader-text\">A propriedade digital explicada - Como s\u00e3o criados activos em linha sustent\u00e1veis<\/span><\/a><\/div><div class=\"dpt-thumbnail\"><div class=\"dpt-thumbnail-inner\"><img width=\"1024\" height=\"683\" class=\"attachment-full size-full\" alt=\"O que \u00e9 a propriedade digital\" context=\"dpt\" data-dpt-src=\"https:\/\/www.markus-schall.de\/wp-content\/uploads\/Digitales-Eigentum.jpg\" data-dpt-sizes=\"(max-width: 1024px) 100vw, 1024px\" data-dpt-srcset=\"https:\/\/www.markus-schall.de\/wp-content\/uploads\/Digitales-Eigentum.jpg 1024w, https:\/\/www.markus-schall.de\/wp-content\/uploads\/Digitales-Eigentum-300x200.jpg 300w, https:\/\/www.markus-schall.de\/wp-content\/uploads\/Digitales-Eigentum-768x512.jpg 768w, https:\/\/www.markus-schall.de\/wp-content\/uploads\/Digitales-Eigentum-18x12.jpg 18w\" \/><\/div><span class=\"dpt-thumbnail-aspect-ratio\" style=\"padding-top: 75%\"><\/span><\/div><\/div><div class=\"sub-entry\"><h3 class=\"dpt-title\"><a class=\"dpt-title-link\" href=\"https:\/\/www.markus-schall.de\/pt\/2026\/02\/a-propriedade-digital-explicou-como-sao-criados-activos-sustentaveis-em-linha\/\" rel=\"bookmark\">A propriedade digital explicada - Como s\u00e3o criados activos em linha sustent\u00e1veis<\/a><\/h3><\/div><\/div>\n\t\t\t\t\t\t<\/div><!-- .dpt-entry -->\n\t\t\t\t\t\t\t\t\t\t\t\t<div class=\"dpt-entry has-thumbnail\" data-title=\"unsterblichkeit durch technik: wie weit forschung und ki wirklich sind\" data-id=\"3624\"  data-category=\"allgemein gesellschaft ki-systeme\" data-post_tag=\"denkmodelle k\u00fcnstliche intelligenz lernen llm prozesse sprachmodell\">\n\t\t\t\t\t\t\t<div class=\"dpt-entry-wrapper\"><div class=\"dpt-featured-content\"><div class=\"dpt-permalink\"><a href=\"https:\/\/www.markus-schall.de\/pt\/2025\/11\/imortalidade-atraves-da-tecnologia-ate-que-ponto-a-investigacao-e-o-ki-estao-realmente\/\" class=\"dpt-permalink\"><span class=\"screen-reader-text\">Imortalidade atrav\u00e9s da tecnologia: at\u00e9 onde chegou a investiga\u00e7\u00e3o e a IA<\/span><\/a><\/div><div class=\"dpt-thumbnail\"><div class=\"dpt-thumbnail-inner\"><img width=\"1024\" height=\"683\" class=\"attachment-full size-full\" alt=\"Imortalidade digital\" context=\"dpt\" data-dpt-src=\"https:\/\/www.markus-schall.de\/wp-content\/uploads\/digitale-unsterblichkeit.jpg\" data-dpt-sizes=\"(max-width: 1024px) 100vw, 1024px\" data-dpt-srcset=\"https:\/\/www.markus-schall.de\/wp-content\/uploads\/digitale-unsterblichkeit.jpg 1024w, https:\/\/www.markus-schall.de\/wp-content\/uploads\/digitale-unsterblichkeit-300x200.jpg 300w, https:\/\/www.markus-schall.de\/wp-content\/uploads\/digitale-unsterblichkeit-768x512.jpg 768w, https:\/\/www.markus-schall.de\/wp-content\/uploads\/digitale-unsterblichkeit-18x12.jpg 18w\" \/><\/div><span class=\"dpt-thumbnail-aspect-ratio\" style=\"padding-top: 75%\"><\/span><\/div><\/div><div class=\"sub-entry\"><h3 class=\"dpt-title\"><a class=\"dpt-title-link\" href=\"https:\/\/www.markus-schall.de\/pt\/2025\/11\/imortalidade-atraves-da-tecnologia-ate-que-ponto-a-investigacao-e-o-ki-estao-realmente\/\" rel=\"bookmark\">Imortalidade atrav\u00e9s da tecnologia: at\u00e9 onde chegou a investiga\u00e7\u00e3o e a IA<\/a><\/h3><\/div><\/div>\n\t\t\t\t\t\t<\/div><!-- .dpt-entry -->\n\t\t\t\t\t\t\t\t\t\t\t\t<div class=\"dpt-entry has-thumbnail\" data-title=\"jeffrey sachs warnt deutschland: warum europas sicherheit neu gedacht werden muss\" data-id=\"4079\"  data-category=\"allgemein gesellschaft\" data-post_tag=\"deutschland energiepolitik eu-gesetze europa geopolitik krisen meinungsfreiheit portrait sicherheitspolitik\">\n\t\t\t\t\t\t\t<div class=\"dpt-entry-wrapper\"><div class=\"dpt-featured-content\"><div class=\"dpt-permalink\"><a href=\"https:\/\/www.markus-schall.de\/pt\/2025\/12\/jeffrey-sachs-alerta-a-alemanha-para-a-necessidade-de-repensar-a-seguranca-da-europa\/\" class=\"dpt-permalink\"><span class=\"screen-reader-text\">Jeffrey Sachs adverte a Alemanha: Porque \u00e9 que a seguran\u00e7a da Europa precisa de ser repensada<\/span><\/a><\/div><div class=\"dpt-thumbnail\"><div class=\"dpt-thumbnail-inner\"><img width=\"1024\" height=\"683\" class=\"attachment-full size-full\" alt=\"Jeffrey Sachs escreve uma carta aberta ao Chanceler Merz\" context=\"dpt\" data-dpt-src=\"https:\/\/www.markus-schall.de\/wp-content\/uploads\/jeffrey-sachs-bundeskanzler-eu.jpg\" data-dpt-sizes=\"(max-width: 1024px) 100vw, 1024px\" data-dpt-srcset=\"https:\/\/www.markus-schall.de\/wp-content\/uploads\/jeffrey-sachs-bundeskanzler-eu.jpg 1024w, https:\/\/www.markus-schall.de\/wp-content\/uploads\/jeffrey-sachs-bundeskanzler-eu-300x200.jpg 300w, https:\/\/www.markus-schall.de\/wp-content\/uploads\/jeffrey-sachs-bundeskanzler-eu-768x512.jpg 768w, https:\/\/www.markus-schall.de\/wp-content\/uploads\/jeffrey-sachs-bundeskanzler-eu-18x12.jpg 18w\" \/><\/div><span class=\"dpt-thumbnail-aspect-ratio\" style=\"padding-top: 75%\"><\/span><\/div><\/div><div class=\"sub-entry\"><h3 class=\"dpt-title\"><a class=\"dpt-title-link\" href=\"https:\/\/www.markus-schall.de\/pt\/2025\/12\/jeffrey-sachs-alerta-a-alemanha-para-a-necessidade-de-repensar-a-seguranca-da-europa\/\" rel=\"bookmark\">Jeffrey Sachs adverte a Alemanha: Porque \u00e9 que a seguran\u00e7a da Europa precisa de ser repensada<\/a><\/h3><\/div><\/div>\n\t\t\t\t\t\t<\/div><!-- .dpt-entry -->\n\t\t\t\t\t\t\t\t\t\t\t\t<div class=\"dpt-entry has-thumbnail\" data-title=\"zahngesundheit und cmd \u2013 mehr als ein bisschen. was bringt die zukunft?\" data-id=\"2736\"  data-category=\"b\u00fccher gesellschaft gesundheit\" data-post_tag=\"cmd gesundheit ratgeber\">\n\t\t\t\t\t\t\t<div class=\"dpt-entry-wrapper\"><div class=\"dpt-featured-content\"><div class=\"dpt-permalink\"><a href=\"https:\/\/www.markus-schall.de\/pt\/2025\/08\/saude-dentaria-e-cmd-mais-do-que-um-pouco-o-que-o-futuro-nos-reserva\/\" class=\"dpt-permalink\"><span class=\"screen-reader-text\">Sa\u00fade dent\u00e1ria e CMD - mais do que apenas um bocadinho. O que \u00e9 que o futuro nos reserva?<\/span><\/a><\/div><div class=\"dpt-thumbnail\"><div class=\"dpt-thumbnail-inner\"><img width=\"1920\" height=\"1280\" class=\"attachment-full size-full\" alt=\"CMD, sa\u00fade dent\u00e1ria e tecnologias do futuro\" context=\"dpt\" data-dpt-src=\"https:\/\/www.markus-schall.de\/wp-content\/uploads\/cmd-zahngesundheit-zukunft-.jpg\" data-dpt-sizes=\"(max-width: 1920px) 100vw, 1920px\" data-dpt-srcset=\"https:\/\/www.markus-schall.de\/wp-content\/uploads\/cmd-zahngesundheit-zukunft-.jpg 1920w, https:\/\/www.markus-schall.de\/wp-content\/uploads\/cmd-zahngesundheit-zukunft--300x200.jpg 300w, https:\/\/www.markus-schall.de\/wp-content\/uploads\/cmd-zahngesundheit-zukunft--1024x683.jpg 1024w, https:\/\/www.markus-schall.de\/wp-content\/uploads\/cmd-zahngesundheit-zukunft--768x512.jpg 768w, https:\/\/www.markus-schall.de\/wp-content\/uploads\/cmd-zahngesundheit-zukunft--1536x1024.jpg 1536w, https:\/\/www.markus-schall.de\/wp-content\/uploads\/cmd-zahngesundheit-zukunft--18x12.jpg 18w\" \/><\/div><span class=\"dpt-thumbnail-aspect-ratio\" style=\"padding-top: 75%\"><\/span><\/div><\/div><div class=\"sub-entry\"><h3 class=\"dpt-title\"><a class=\"dpt-title-link\" href=\"https:\/\/www.markus-schall.de\/pt\/2025\/08\/saude-dentaria-e-cmd-mais-do-que-um-pouco-o-que-o-futuro-nos-reserva\/\" rel=\"bookmark\">Sa\u00fade dent\u00e1ria e CMD - mais do que apenas um bocadinho. O que \u00e9 que o futuro nos reserva?<\/a><\/h3><\/div><\/div>\n\t\t\t\t\t\t<\/div><!-- .dpt-entry -->\n\t\t\t\t\t\t\n\t\t\t\t<\/div>\n\t\t\t\t\t\t<\/div>\n\t\t\t\n<hr \/>\n<h2>\u00daltimas not\u00edcias sobre direito internacional<\/h2>\n<p><strong>17.03.2026<\/strong>As \u00faltimas declara\u00e7\u00f5es de Donald Trump sobre a poss\u00edvel \u201etomada de controlo\u201c de Cuba levantam, uma vez mais, quest\u00f5es fundamentais de direito internacional. No meio de uma grave crise energ\u00e9tica e econ\u00f3mica na ilha, declarou, no essencial, <a href=\"https:\/\/www.faz.net\/aktuell\/politik\/usa-unter-trump\/donald-trump-deutet-moegliche-uebernahme-kubas-an-accg-200640042.html\" target=\"_blank\" rel=\"noopener\"><strong>podia \u201efazer o que quisesse\u201c com Cuba\u201c<\/strong><\/a> - uma formula\u00e7\u00e3o que torna clara a reivindica\u00e7\u00e3o de influ\u00eancia pol\u00edtica e econ\u00f3mica. Ao mesmo tempo, Cuba est\u00e1 sob enorme press\u00e3o das san\u00e7\u00f5es dos EUA e de um bloqueio petrol\u00edfero de facto, enquanto as conversa\u00e7\u00f5es entre os dois pa\u00edses decorrem em paralelo. As declara\u00e7\u00f5es est\u00e3o a ser travadas entre a pol\u00edtica de poder geopol\u00edtico e o princ\u00edpio da soberania do Estado ao abrigo do direito internacional.<\/p>\n<div class=\"lyte-wrapper\" style=\"width:640px;max-width:100%;margin:5px;\"><div class=\"lyMe\" id=\"WYL_S9MXdLYgYkE\"><div id=\"lyte_S9MXdLYgYkE\" data-src=\"https:\/\/www.markus-schall.de\/wp-content\/plugins\/wp-youtube-lyte\/lyteCache.php?origThumbUrl=%2F%2Fi.ytimg.com%2Fvi%2FS9MXdLYgYkE%2Fhqdefault.jpg\" class=\"pL\"><div class=\"tC\"><div class=\"tT\"><\/div><\/div><div class=\"play\"><\/div><div class=\"ctrl\"><div class=\"Lctrl\"><\/div><div class=\"Rctrl\"><\/div><\/div><\/div><noscript><a href=\"https:\/\/youtu.be\/S9MXdLYgYkE\" rel=\"nofollow noopener\" target=\"_blank\"><img loading=\"lazy\" decoding=\"async\" src=\"https:\/\/www.markus-schall.de\/wp-content\/plugins\/wp-youtube-lyte\/lyteCache.php?origThumbUrl=https%3A%2F%2Fi.ytimg.com%2Fvi%2FS9MXdLYgYkE%2F0.jpg\" alt=\"Miniatura de v\u00eddeo do YouTube\" width=\"640\" height=\"340\" \/><br \/>Ver este v\u00eddeo no YouTube<\/a><\/noscript><\/div><\/div><div class=\"lL\" style=\"max-width:100%;width:640px;margin:5px;\"><\/div><br \/>\nO Presidente Trump e o Vice-Presidente JD Vance participam na Hora da Assinatura, 16 de mar\u00e7o de 2026 <a href=\"https:\/\/www.youtube.com\/@WhiteHouse\" target=\"_blank\" rel=\"nofollow noopener\">A Casa Branca<\/a><\/p>\n<p>Especialmente tendo como pano de fundo as interven\u00e7\u00f5es hist\u00f3ricas na Am\u00e9rica Latina, a ret\u00f3rica parece um regresso \u00e0s velhas l\u00f3gicas de influ\u00eancia - com consequ\u00eancias pouco claras mas potencialmente de grande alcance para a ordem internacional.<\/p>\n<p><strong>05.03.2026<\/strong>: Uma corrente <a href=\"https:\/\/www.dw.com\/de\/iran-krieg-ist-die-rote-linie-der-un-\u00fcberschritten\/a-76226701\" target=\"_blank\" rel=\"noopener\"><strong>Contribui\u00e7\u00e3o da Deutsche Welle<\/strong><\/a> levanta a quest\u00e3o de saber se o <strong>Guerra do Ir\u00e3o<\/strong> ultrapassou uma \u201elinha vermelha\u201c do sistema internacional. Os especialistas em direito internacional salientam que os ataques militares sem mandato do Conselho de Seguran\u00e7a da ONU ou sem leg\u00edtima defesa claramente demonstr\u00e1vel <strong>violam fundamentalmente a proibi\u00e7\u00e3o do uso da for\u00e7a prevista na Carta das Na\u00e7\u00f5es Unidas<\/strong> pode. Ao mesmo tempo, o Secret\u00e1rio-Geral da ONU, Ant\u00f3nio Guterres, tamb\u00e9m alertou para uma perigosa escalada e apelou ao regresso \u00e0 diplomacia. Por conseguinte, os observadores v\u00eaem o conflito como mais um teste de resist\u00eancia \u00e0 chamada ordem mundial baseada em regras. Os cr\u00edticos argumentam que uma a\u00e7\u00e3o militar sem uma base clara no direito internacional pode enfraquecer a confian\u00e7a nas institui\u00e7\u00f5es internacionais a longo prazo e refor\u00e7ar a impress\u00e3o de que a pol\u00edtica de poder geopol\u00edtico est\u00e1 cada vez mais a ter preced\u00eancia sobre o direito aplic\u00e1vel.<\/p>\n<p><strong>10.01.2026<\/strong>Um relat\u00f3rio atual do <a href=\"https:\/\/www.berliner-zeitung.de\/wirtschaft-verantwortung\/trump-setzt-auf-kriege-li.10013299\" target=\"_blank\" rel=\"noopener\"><strong>Jornal de Not\u00edcias de Berlim<\/strong><\/a> documenta como <strong>Donald Trump<\/strong> num s\u00f3 <a href=\"https:\/\/www.nytimes.com\/2026\/01\/08\/us\/politics\/trump-interview-power-morality.html\" target=\"_blank\" rel=\"noopener\"><strong>Entrevista com o New York Times<\/strong><\/a> explica, ele <strong><em>\u201en\u00e3o precisam do direito internacional\u201c<\/em><\/strong> e v\u00ea a sua pr\u00f3pria moralidade como o \u00fanico limite ao seu poder - uma declara\u00e7\u00e3o que imediatamente faz ondas no debate pol\u00edtico. Esta posi\u00e7\u00e3o n\u00e3o s\u00f3 coincide com as \u00faltimas ac\u00e7\u00f5es militares dos EUA, como o ataque \u00e0 Venezuela e o <strong>Deten\u00e7\u00e3o do Presidente Maduro<\/strong>, mas tamb\u00e9m marca um claro afastamento das regras da Carta das Na\u00e7\u00f5es Unidas, que pro\u00edbe a viol\u00eancia entre Estados. Quando at\u00e9 um Estado l\u00edder declara publicamente que o direito internacional \u00e9 dispens\u00e1vel, torna-se claro o quanto as regras normativas est\u00e3o sob press\u00e3o na pr\u00e1tica. Este facto sublinha a raz\u00e3o pela qual uma categoriza\u00e7\u00e3o bem fundamentada do direito internacional \u00e9 mais importante hoje do que nunca.<\/p>\n<p><strong>06.01.2026<\/strong>Numa declara\u00e7\u00e3o invulgarmente incisiva perante o Conselho de Seguran\u00e7a da ONU, o economista norte-americano <strong>Jeffrey Sachs<\/strong> elevou o debate sobre a Venezuela a um n\u00edvel fundamental. Sachs descreveu a crise n\u00e3o como uma quest\u00e3o de actores pol\u00edticos individuais, mas como um teste ao pr\u00f3prio direito internacional. Referiu-se a d\u00e9cadas de interven\u00e7\u00f5es dos EUA, questionou a legalidade das san\u00e7\u00f5es e do uso da for\u00e7a e alertou urgentemente para as consequ\u00eancias da eros\u00e3o das regras da ONU - especialmente numa \u00e9poca de dissuas\u00e3o nuclear. H\u00e1 algumas semanas, Sachs j\u00e1 tinha feito declara\u00e7\u00f5es semelhantes <a href=\"https:\/\/www.markus-schall.de\/pt\/2025\/12\/jeffrey-sachs-alerta-a-alemanha-para-a-necessidade-de-repensar-a-seguranca-da-europa\/\"><strong>Avisos numa carta aberta<\/strong><\/a> ao Chanceler Federal Friedrich Merz, na qual tamb\u00e9m foram abordadas eventuais infrac\u00e7\u00f5es \u00e0 lei.<\/p>\n<div class=\"lyte-wrapper\" style=\"width:640px;max-width:100%;margin:5px;\"><div class=\"lyMe\" id=\"WYL_c2Ohmxfq0TE\"><div id=\"lyte_c2Ohmxfq0TE\" data-src=\"https:\/\/www.markus-schall.de\/wp-content\/plugins\/wp-youtube-lyte\/lyteCache.php?origThumbUrl=%2F%2Fi.ytimg.com%2Fvi%2Fc2Ohmxfq0TE%2Fhqdefault.jpg\" class=\"pL\"><div class=\"tC\"><div class=\"tT\"><\/div><\/div><div class=\"play\"><\/div><div class=\"ctrl\"><div class=\"Lctrl\"><\/div><div class=\"Rctrl\"><\/div><\/div><\/div><noscript><a href=\"https:\/\/youtu.be\/c2Ohmxfq0TE\" rel=\"nofollow noopener\" target=\"_blank\"><img loading=\"lazy\" decoding=\"async\" src=\"https:\/\/www.markus-schall.de\/wp-content\/plugins\/wp-youtube-lyte\/lyteCache.php?origThumbUrl=https%3A%2F%2Fi.ytimg.com%2Fvi%2Fc2Ohmxfq0TE%2F0.jpg\" alt=\"Miniatura de v\u00eddeo do YouTube\" width=\"640\" height=\"340\" \/><br \/>Ver este v\u00eddeo no YouTube<\/a><\/noscript><\/div><\/div><div class=\"lL\" style=\"max-width:100%;width:640px;margin:5px;\"><\/div><br \/>\nReuni\u00e3o da Venezuela no Conselho de Seguran\u00e7a da ONU: Jeffrey Sachs desafia a ONU a erguer-se <a href=\"https:\/\/www.youtube.com\/@HT-Videos\" target=\"_blank\" rel=\"nofollow noopener\">Hindustan Times<\/a><\/p>\n<p><strong>05.01.2026<\/strong>Na sequ\u00eancia da controversa opera\u00e7\u00e3o militar dos EUA na Venezuela, com a deten\u00e7\u00e3o do Presidente Nicol\u00e1s Maduro e a sua transfer\u00eancia para os EUA, o debate internacional e, em particular, o debate alem\u00e3o sobre a avalia\u00e7\u00e3o da opera\u00e7\u00e3o est\u00e1 a causar tens\u00f5es. Enquanto o Presidente dos EUA, Donald Trump, apresenta a opera\u00e7\u00e3o como um sucesso na luta contra os cart\u00e9is de droga e para a estabiliza\u00e7\u00e3o do pa\u00eds, os cr\u00edticos sublinham que um tal ataque militar \u00e9 contr\u00e1rio ao direito internacional. Os t\u00edtulos do Tagesschau: <a href=\"https:\/\/www.tagesschau.de\/kommentar\/usa-venezuela-deutschland-stellung-100.html\" target=\"_blank\" rel=\"noopener\"><em><strong>\u201eMerz deve tomar uma posi\u00e7\u00e3o clara\u201c<\/strong><\/em><\/a>. Em Berlim, o Governo alem\u00e3o apela a uma solu\u00e7\u00e3o racional e pol\u00edtica e ao cumprimento das normas jur\u00eddicas internacionais, enquanto v\u00e1rios partidos e actores reagem de forma diferente \u00e0 a\u00e7\u00e3o e apelam a um amplo debate sobre o papel da Alemanha e o futuro da Venezuela.<\/p>\n<hr \/>\n<h2>A ideia b\u00e1sica ap\u00f3s as guerras mundiais: ordem atrav\u00e9s de regras, n\u00e3o atrav\u00e9s de emo\u00e7\u00f5es<\/h2>\n<p>Se quisermos compreender a raz\u00e3o da exist\u00eancia do direito internacional e das institui\u00e7\u00f5es internacionais, temos de recuar no tempo. Ap\u00f3s a experi\u00eancia de duas guerras mundiais, muitos Estados aperceberam-se de que, quando a pol\u00edtica internacional se baseia apenas no poder, na emo\u00e7\u00e3o e na retalia\u00e7\u00e3o, acaba regularmente em desastre. Por isso, era necess\u00e1rio algo para conter os conflitos - n\u00e3o tornando as pessoas \u201emelhores\u201c, mas limitando os Estados.<\/p>\n<p>Este \u00e9 um ponto importante: a ordem internacional cl\u00e1ssica n\u00e3o foi concebida como uma competi\u00e7\u00e3o moral para ver quem era o \u201ebom da fita\u201c. Na sua ess\u00eancia, era um sistema pragm\u00e1tico de limita\u00e7\u00e3o de danos. Os Estados continuam a ser Estados, com interesses, rivalidades e jogos de poder. Mas devem resolver estes conflitos num quadro que torne mais dif\u00edcil a escalada. Isto \u00e9 menos heroico, mas muito mais est\u00e1vel.<\/p>\n<h3>Os contratos como alicerce: o compromisso n\u00e3o se esgota em belas palavras<\/h3>\n<p>A estabilidade desta ordem assenta sobretudo em tratados internacionais. Isto soa a seco, mas \u00e9 a diferen\u00e7a decisiva entre uma ordem percepcionada e uma ordem legal. Um tratado \u00e9 inc\u00f3modo porque concretiza as expectativas. Vincula, mesmo que mais tarde se torne impratic\u00e1vel. \u00c9 precisamente esse o seu objetivo.<\/p>\n<p>Na pr\u00e1tica, isto significa que os Estados chegam a acordo sobre as regras, aceitam-nas voluntariamente e criam assim previsibilidade. Esta \u00e9 a verdadeira moeda de uma ordem internacional: n\u00e3o a simpatia, n\u00e3o a superioridade moral, mas a fiabilidade. Se eu, enquanto Estado, souber que o outro Estado vai honrar os seus acordos, posso planear, reduzir a escalada e negociar. Se j\u00e1 n\u00e3o posso contar com isso, todo o comportamento se torna uma aposta - e as apostas s\u00e3o um mau substituto para a justi\u00e7a.<\/p>\n<h3>Porque \u00e9 que isto parece t\u00e3o \u201eantiquado\u201c - e porque \u00e9 t\u00e3o importante<\/h3>\n<p>Esta l\u00f3gica contratual parece hoje quase antiquada, porque n\u00e3o soa a manchete. \u00c9 lenta, burocr\u00e1tica e muitas vezes desagrad\u00e1vel. \u00c9 preciso negociar, aceitar compromissos e, por vezes, at\u00e9 engolir coisas que, na realidade, se rejeitam. Mas \u00e9 exatamente assim que a estabilidade internacional tem sido tradicionalmente estabelecida: n\u00e3o atrav\u00e9s de declara\u00e7\u00f5es morais, mas atrav\u00e9s de acordos duros e claros.<\/p>\n<p>Uma \u201eordem\u201c s\u00f3 \u00e9 uma ordem se se aplicar em momentos dif\u00edceis. Se as regras s\u00f3 se aplicam enquanto s\u00e3o convenientes, n\u00e3o s\u00e3o regras, mas argumentos situacionais. E assim que os outros jogadores se apercebem disso, toda a l\u00f3gica muda:<\/p>\n<p>Ent\u00e3o a pergunta j\u00e1 n\u00e3o \u00e9 feita <em>\u201eO que \u00e9 que foi acordado?\u201c<\/em>, mas <em>\u201eO que \u00e9 que eu posso fazer?\u201c<\/em>.<\/p>\n<h3>As Na\u00e7\u00f5es Unidas: n\u00e3o um Estado mundial, mas um ponto de refer\u00eancia comum<\/h3>\n<p>O papel das Na\u00e7\u00f5es Unidas tamb\u00e9m faz parte desta l\u00f3gica do p\u00f3s-guerra. Muitos esperam que a ONU seja uma esp\u00e9cie de governo global. N\u00e3o \u00e9 o caso. A ONU \u00e9 mais um quadro em que os Estados falam uns com os outros, formulam regras e - idealmente - lidam com os conflitos de forma controlada. N\u00e3o substituem os interesses nacionais, n\u00e3o obrigam automaticamente os Estados a serem razo\u00e1veis. Mas criam algo que quase sempre falta sem elas: um ponto de refer\u00eancia comum.<\/p>\n<p>O que \u00e9 importante aqui \u00e9 que a ONU n\u00e3o \u00e9 \u201eboa\u201c porque \u00e9 moralmente superior, mas porque oferece procedimentos. Os procedimentos s\u00e3o muitas vezes pouco rom\u00e2nticos, mas s\u00e3o o n\u00facleo do direito. Na aus\u00eancia de procedimentos, o poder acaba por decidir. E mesmo que, por vezes, os procedimentos sejam bloqueados, a ideia continua a ser decisiva: os conflitos n\u00e3o devem ser resolvidos por greves espont\u00e2neas, mas atrav\u00e9s de processos legitimados.<\/p>\n<h3>Conselho de Seguran\u00e7a, poder de veto e realidade: porque \u00e9 que a constru\u00e7\u00e3o continua a fazer sentido<\/h3>\n<p>O Conselho de Seguran\u00e7a da ONU \u00e9 um bom exemplo de como este sistema est\u00e1 comprometido. Do ponto de vista atual, o direito de veto dos membros permanentes parece injusto. No entanto, do ponto de vista hist\u00f3rico, \u00e9 tamb\u00e9m uma concess\u00e3o \u00e0 realidade: sem as grandes pot\u00eancias, n\u00e3o teria sido criado, ap\u00f3s a Segunda Guerra Mundial, um sistema ao qual estas teriam aderido. Por conseguinte, optou-se por uma estrutura que n\u00e3o \u00e9 a ideal, mas que permite, antes de mais, uma plataforma comum.<\/p>\n<p>Esta \u00e9 uma carater\u00edstica t\u00edpica da ordem cl\u00e1ssica: n\u00e3o tenta tornar o mundo justo. Tenta torn\u00e1-lo manej\u00e1vel. E sabe que os Estados n\u00e3o se tornam anjos de repente s\u00f3 porque assinam uma carta. No entanto, mesmo um conjunto imperfeito de regras pode ter um efeito estabilizador - desde que as pessoas envolvidas aceitem fundamentalmente que as regras se aplicam mesmo quando s\u00e3o perturbadoras.<\/p>\n<p>Se quis\u00e9ssemos resumir tudo numa frase, seria esta: a ordem internacional cl\u00e1ssica prospera com o facto de os Estados se vincularem. N\u00e3o porque isso os faz parecer \u201emelhores\u201c, mas porque beneficiam a longo prazo. Porque aqueles que aceitam regras criam confian\u00e7a - e a confian\u00e7a reduz o risco de os conflitos se tornarem incontrol\u00e1veis.<\/p>\n<p>\u00c9 precisamente aqui que come\u00e7a o problema, que analisaremos em pormenor no pr\u00f3ximo cap\u00edtulo: Assim que a auto-vincula\u00e7\u00e3o \u00e9 substitu\u00edda por excep\u00e7\u00f5es, assim que as \u201eregras\u201c se tornam um conceito flex\u00edvel que \u00e9 reinterpretado em fun\u00e7\u00e3o da situa\u00e7\u00e3o, a base muda. Nesse caso, j\u00e1 n\u00e3o se trata de contratos e procedimentos, mas sim de interpreta\u00e7\u00e3o, narrativas e poder.<\/p>\n<p>E \u00e9 precisamente neste ponto que uma ordem jur\u00eddica se transforma gradualmente numa ordem de poder.<\/p>\n<p><img loading=\"lazy\" decoding=\"async\" class=\"alignnone wp-image-4282 size-large\" src=\"https:\/\/www.markus-schall.de\/wp-content\/uploads\/voelkerrecht-weltordnung-vertrag.jpg\" alt=\"Contratos ap\u00f3s a Segunda Guerra Mundial\" width=\"1024\" height=\"683\" srcset=\"https:\/\/www.markus-schall.de\/wp-content\/uploads\/voelkerrecht-weltordnung-vertrag.jpg 1024w, https:\/\/www.markus-schall.de\/wp-content\/uploads\/voelkerrecht-weltordnung-vertrag-300x200.jpg 300w, https:\/\/www.markus-schall.de\/wp-content\/uploads\/voelkerrecht-weltordnung-vertrag-768x512.jpg 768w, https:\/\/www.markus-schall.de\/wp-content\/uploads\/voelkerrecht-weltordnung-vertrag-18x12.jpg 18w\" sizes=\"auto, (max-width: 1024px) 100vw, 1024px\" \/><\/p>\n<h2>O que \u00e9 exatamente o direito internacional? - Uma categoriza\u00e7\u00e3o compreens\u00edvel<\/h2>\n<p>A express\u00e3o \u201edireito internacional\u201c \u00e9 frequentemente utilizada hoje em dia como se fosse uma esp\u00e9cie de c\u00f3digo de direito global com par\u00e1grafos claros, ju\u00edzes e consequ\u00eancias imediatas. No entanto, \u00e9 precisamente esta ideia que conduz regularmente a mal-entendidos - e a desilus\u00f5es. Isto deve-se ao facto de o direito internacional funcionar de uma forma fundamentalmente diferente do direito interno de um Estado.<\/p>\n<p>Durante muito tempo, senti o mesmo que muitos leitores: Ouvimos constantemente dizer que algo \u00e9 \u201econtr\u00e1rio ao direito internacional\u201c ou \u201eabrangido pelo direito internacional\u201c, mas o que isso significa de facto permanece muitas vezes pouco claro. Por isso, vale a pena dar um passo atr\u00e1s e analisar o que \u00e9, de facto, o direito internacional - e o que n\u00e3o \u00e9.<\/p>\n<p>Primeiro, o ponto mais importante: n\u00e3o existe um Estado mundial. E, por conseguinte, n\u00e3o existe um poder centralizado que fa\u00e7a cumprir automaticamente o direito internacional. N\u00e3o existe uma for\u00e7a policial internacional que se desloque assim que uma regra \u00e9 violada. N\u00e3o existe um tribunal mundial cujas decis\u00f5es sejam sempre e em todo o lado aplicadas.<\/p>\n<p>O direito internacional n\u00e3o \u00e9, portanto, um sistema de ordens, mas um quadro regulamentar. Baseia-se no facto de os Estados soberanos aceitarem regras porque reconheceram que a estabilidade a longo prazo \u00e9 mais ben\u00e9fica para todos do que a arbitrariedade a curto prazo. Isto pode parecer fr\u00e1gil - e \u00e9-o. Mas \u00e9 o cerne da quest\u00e3o.<\/p>\n<h3>Os Estados como actores centrais<\/h3>\n<p>No direito internacional, a aten\u00e7\u00e3o n\u00e3o se centra nas pessoas individualmente, mas nos Estados. Os Estados s\u00e3o os sujeitos de direito. Celebram tratados, reconhecem jurisdi\u00e7\u00f5es ou rejeitam-nas. Isto tamb\u00e9m significa que um Estado pode contornar o direito internacional, pelo menos em parte - muitas vezes com consequ\u00eancias pol\u00edticas, econ\u00f3micas ou diplom\u00e1ticas, mas n\u00e3o automaticamente com poder coercivo direto.<\/p>\n<p>\u00c9 precisamente aqui que o direito internacional se distingue fundamentalmente do direito nacional. Dentro de um Estado, \u00e9 quase imposs\u00edvel escapar ao sistema jur\u00eddico sem ser rapidamente confrontado com a pol\u00edcia, os tribunais e as san\u00e7\u00f5es. A n\u00edvel internacional, isto s\u00f3 funciona at\u00e9 certo ponto - e \u00e9 precisamente por isso que a confian\u00e7a \u00e9 t\u00e3o crucial.<\/p>\n<h3>Os princ\u00edpios b\u00e1sicos do direito internacional<\/h3>\n<p>Apesar de todas as diferen\u00e7as, existem alguns princ\u00edpios centrais no direito internacional que t\u00eam servido de base durante d\u00e9cadas. Um dos mais importantes \u00e9 o <strong>Soberania do Estado<\/strong>. Inicialmente, todos os Estados s\u00e3o considerados iguais e independentes. Nenhum Estado pode simplesmente ditar a outro a forma como deve organizar a sua pol\u00edtica interna.<\/p>\n<p>Intimamente ligado a este facto est\u00e1 o <strong>Proibi\u00e7\u00e3o da viol\u00eancia<\/strong>. A for\u00e7a militar \u00e9, em princ\u00edpio, proibida. Isto parece \u00f3bvio, mas do ponto de vista hist\u00f3rico \u00e9 uma enorme conquista. Durante s\u00e9culos, a guerra foi um meio leg\u00edtimo de fazer pol\u00edtica. O direito internacional tenta limitar precisamente isso - n\u00e3o na perfei\u00e7\u00e3o, mas de forma reconhec\u00edvel.<\/p>\n<p>Outro princ\u00edpio fundamental \u00e9 o <strong>N\u00e3o inger\u00eancia nos assuntos internos<\/strong>. Este princ\u00edpio tamb\u00e9m parece muitas vezes fr\u00e1gil atualmente, mas \u00e9 fundamental para compreender a ordem internacional. Sem este princ\u00edpio, deixaria de haver fronteiras claras entre a cr\u00edtica leg\u00edtima e o exerc\u00edcio de influ\u00eancia de facto.<\/p>\n<hr \/>\n<h3>Inqu\u00e9rito atual sobre a confian\u00e7a na pol\u00edtica<\/h3>\n<div class='bootstrap-yop yop-poll-mc'>\n\t\t\t\t\t\t\t<div class=\"basic-yop-poll-container\" style=\"background-color:#ffffff; border:0px; border-style:solid; border-color:#000000; border-radius:5px; padding:0px 5px;\" data-id=\"1\" data-temp=\"basic-pretty\" data-skin=\"square\" data-cscheme=\"blue\" data-cap=\"0\" data-access=\"guest\" data-tid=\"\" data-uid=\"54c995632eb3fd299514b3f29ba36985\" data-pid=\"2736\" data-resdet=\"votes-number,percentages\" data-show-results-to=\"guest\" data-show-results-moment=\"after-vote\" data-show-results-only=\"false\" data-show-message=\"true\" data-show-results-as=\"bar\" data-sort-results-by=\"as-defined\" data-sort-results-rule=\"asc\"data-is-ended=\"0\" data-percentages-decimals=\"2\" data-gdpr=\"no\" data-gdpr-sol=\"consent\" data-css=\"\" data-counter=\"0\" data-load-with=\"1\" data-notification-section=\"top\"><div class=\"row\"><div class=\"col-md-12\"><div class=\"basic-inner\"><div class=\"basic-message hide\" style=\"border-left: 10px solid #008000; padding: 0px 10px;\" data-error=\"#ff0000\" data-success=\"#008000\"><p class=\"basic-message-text\" style=\"color:#000000; font-size:14px; font-weight:normal;\"><\/p><\/div><div class=\"basic-overlay hide\"><div class=\"basic-vote-options\"><\/div><div class=\"basic-preloader\"><div class=\"basic-windows8\"><div class=\"basic-wBall basic-wBall_1\"><div class=\"basic-wInnerBall\"><\/div><\/div><div class=\"basic-wBall basic-wBall_2\"><div class=\"basic-wInnerBall\"><\/div><\/div><div class=\"basic-wBall basic-wBall_3\"><div class=\"basic-wInnerBall\"><\/div><\/div><div class=\"basic-wBall basic-wBall_4\"><div class=\"basic-wInnerBall\"><\/div><\/div><div class=\"basic-wBall basic-wBall_5\"><div class=\"basic-wInnerBall\"><\/div><\/div><\/div><\/div><\/div><form class=\"basic-form\" action=\"\"><input type=\"hidden\" name=\"_token\" value=\"d325a4aa39\" autocomplete=\"off\"><div class=\"basic-elements\"><div class=\"basic-element basic-question basic-question-text-vertical\" data-id=\"1\" data-uid=\"756338ca48b20bffd88fa04839ab05d2\" data-type=\"question\" data-question-type=\"text\" data-required=\"yes\" data-allow-multiple=\"no\" data-min=\"1\" data-max=\"1\" data-display=\"vertical\" data-colnum=\"\" data-display-others=\"no\" data-others-color=\"\" data-others=\"\" data-others-max-chars=\"0\"><div class=\"basic-question-title\"><h5 style=\"color:#000000; font-size:16px; font-weight:normal; text-align:left;\">Qual \u00e9 a sua confian\u00e7a na pol\u00edtica e nos meios de comunica\u00e7\u00e3o social na Alemanha?<\/h5><\/div><ul class=\"basic-answers\"><li class=\"basic-answer\" style=\"padding:0px 0px;\" data-id=\"1\" data-type=\"text\" data-vn=\"10\" data-color=\"#000000\" data-make-link=\"no\" data-link=\"\"><div class=\"basic-answer-content basic-text-vertical\"><label for=\"answer[1]\" class=\"basic-answer-label\"><input type=\"radio\" id=\"answer[1]\" name=\"answer[1]\" value=\"1\"><span class=\"basic-text\" style=\"color: #000000; font-size: 14px; font-weight: normal;\">Muito elevado - Confio plenamente nos organismos oficiais<\/span><\/label><\/div><\/li><li class=\"basic-answer\" style=\"padding:0px 0px;\" data-id=\"2\" data-type=\"text\" data-vn=\"22\" data-color=\"#000000\" data-make-link=\"no\" data-link=\"\"><div class=\"basic-answer-content basic-text-vertical\"><label for=\"answer[2]\" class=\"basic-answer-label\"><input type=\"radio\" id=\"answer[2]\" name=\"answer[1]\" value=\"2\"><span class=\"basic-text\" style=\"color: #000000; font-size: 14px; font-weight: normal;\">M\u00e9dio - Estou cauteloso, mas n\u00e3o fundamentalmente desconfiado<\/span><\/label><\/div><\/li><li class=\"basic-answer\" style=\"padding:0px 0px;\" data-id=\"3\" data-type=\"text\" data-vn=\"53\" data-color=\"#000000\" data-make-link=\"no\" data-link=\"\"><div class=\"basic-answer-content basic-text-vertical\"><label for=\"answer[3]\" class=\"basic-answer-label\"><input type=\"radio\" id=\"answer[3]\" name=\"answer[1]\" value=\"3\"><span class=\"basic-text\" style=\"color: #000000; font-size: 14px; font-weight: normal;\">Baixo - Eu pr\u00f3prio controlo muitas coisas<\/span><\/label><\/div><\/li><li class=\"basic-answer\" style=\"padding:0px 0px;\" data-id=\"4\" data-type=\"text\" data-vn=\"250\" data-color=\"#000000\" data-make-link=\"no\" data-link=\"\"><div class=\"basic-answer-content basic-text-vertical\"><label for=\"answer[4]\" class=\"basic-answer-label\"><input type=\"radio\" id=\"answer[4]\" name=\"answer[1]\" value=\"4\"><span class=\"basic-text\" style=\"color: #000000; font-size: 14px; font-weight: normal;\">Quase n\u00e3o existe - creio que muita coisa \u00e9 velada ou encenada<\/span><\/label><\/div><\/li><\/ul><\/div><div class=\"clearfix\"><\/div><\/div><div class=\"basic-vote\"><a href=\"#\" class=\"button basic-vote-button\" role=\"button\" style=\"background:#027bb8; border:0px; border-style: solid; border-color:#1636f0; border-radius:5px; padding:10px 10px; color:#ffffff; font-size:14px; font-weight:normal;\">Vota\u00e7\u00e3o<\/a><\/div><input type=\"hidden\" name=\"trp-form-language\" value=\"pt\"\/><\/form><\/div><\/div><\/div><\/div>\n\t\t\t\t\t\t<\/div>\n<hr \/>\n<h3>Excep\u00e7\u00f5es que sobrecarregam o sistema<\/h3>\n<p>\u00c9 claro que o direito internacional tamb\u00e9m reconhece excep\u00e7\u00f5es. A mais importante \u00e9 a <strong>Direito \u00e0 autodefesa<\/strong>. Se um Estado for atacado, pode defender-se. Existem tamb\u00e9m medidas militares com um mandato das Na\u00e7\u00f5es Unidas, como a manuten\u00e7\u00e3o da paz ou a conten\u00e7\u00e3o de conflitos.<\/p>\n<p>Torna-se problem\u00e1tico quando as excep\u00e7\u00f5es s\u00e3o alargadas ou reinterpretadas. As interven\u00e7\u00f5es humanit\u00e1rias, por exemplo, s\u00e3o muitas vezes justificadas de forma convincente de um ponto de vista moral, mas encontram-se juridicamente numa zona cinzenta. Quanto mais frequentemente essas excep\u00e7\u00f5es s\u00e3o aplicadas sem mandatos claros, mais o car\u00e1cter do direito internacional muda: de um conjunto de regras para uma caixa de ferramentas de argumentos.<\/p>\n<h3>O papel das Na\u00e7\u00f5es Unidas como ponto de refer\u00eancia jur\u00eddico<\/h3>\n<p>As Na\u00e7\u00f5es Unidas n\u00e3o s\u00e3o um ator omnipotente do direito internacional, mas s\u00e3o um ponto de refer\u00eancia central. Oferece f\u00f3runs, procedimentos e institui\u00e7\u00f5es atrav\u00e9s dos quais as regras podem ser formuladas, os conflitos discutidos e - pelo menos em parte - avaliados juridicamente. Precisamente porque n\u00e3o existe um Estado mundial, estas estruturas comuns s\u00e3o cruciais.<\/p>\n<p>\u00c9 importante compreender este facto: As Na\u00e7\u00f5es Unidas n\u00e3o substituem o direito internacional, estruturam-no. Criam um quadro em que a legitimidade se torna vis\u00edvel. Se as medidas militares forem abrangidas por mandatos da ONU, considera-se que est\u00e3o mais bem protegidas pelo direito internacional - n\u00e3o necessariamente como moralmente superiores, mas como formalmente legitimadas.<\/p>\n<h3>Tribunais sem poder coercivo<\/h3>\n<p>O direito internacional inclui tamb\u00e9m os tribunais internacionais, como o Tribunal Internacional de Justi\u00e7a ou o Tribunal Penal Internacional. Estas institui\u00e7\u00f5es desempenham um papel importante na interpreta\u00e7\u00e3o e no desenvolvimento do direito internacional. No entanto, o seu impacto depende em grande medida do facto de os Estados reconhecerem ou n\u00e3o a sua jurisdi\u00e7\u00e3o.<\/p>\n<p>Tamb\u00e9m aqui a l\u00f3gica de base se torna clara: o direito n\u00e3o nasce da mera exist\u00eancia de uma institui\u00e7\u00e3o, mas da sua aceita\u00e7\u00e3o. Um tribunal pode proferir uma senten\u00e7a - mas sem reconhecimento, a senten\u00e7a continua a ser pol\u00edtica, n\u00e3o necessariamente eficaz na pr\u00e1tica.<\/p>\n<h3>Porque \u00e9 que tudo funciona na mesma - na maior parte das vezes<\/h3>\n<p>Perante estas fragilidades, coloca-se a quest\u00e3o leg\u00edtima: porque \u00e9 que algu\u00e9m respeita o direito internacional? A resposta \u00e9 s\u00f3bria: Porque a alternativa \u00e9 pior. Os Estados sabem que um espa\u00e7o completamente livre de regras e tratados \u00e9 menos seguro, mais caro e mais perigoso a longo prazo do que um conjunto imperfeito de regras.<\/p>\n<p>O direito internacional n\u00e3o funciona porque \u00e9 perfeito, mas porque estabiliza as expectativas. Cria um n\u00edvel m\u00ednimo de previsibilidade. E mesmo quando \u00e9 violado, a viola\u00e7\u00e3o exige frequentemente uma explica\u00e7\u00e3o. Esta necessidade de justifica\u00e7\u00e3o \u00e9, por si s\u00f3, um sinal de que as regras ainda funcionam.<\/p>\n<p>Esta ideia \u00e9 fulcral para o que iremos considerar mais tarde: o direito internacional n\u00e3o prospera com a indigna\u00e7\u00e3o moral, mas com o auto-compromisso e o reconhecimento. Assim que os Estados come\u00e7am a utilizar as regras meramente como um instrumento ret\u00f3rico, estas regras perdem o seu poder regulador.<\/p>\n<p>\u00c9 precisamente aqui que a transi\u00e7\u00e3o para a chamada \u201eordem mundial baseada em regras\u201c se torna excitante - e problem\u00e1tica. Porque se j\u00e1 n\u00e3o for claro quais as regras que se aplicam e quem as define, a t\u00f3nica passa da lei para a interpreta\u00e7\u00e3o. No pr\u00f3ximo cap\u00edtulo, veremos passo a passo o que isto significa em termos concretos.<\/p>\n<p><img loading=\"lazy\" decoding=\"async\" class=\"alignnone wp-image-4283 size-large\" src=\"https:\/\/www.markus-schall.de\/wp-content\/uploads\/voelkerrecht-weltordnung-UNO.jpg\" alt=\"Edif\u00edcio da ONU em Nova Iorque\" width=\"1024\" height=\"683\" srcset=\"https:\/\/www.markus-schall.de\/wp-content\/uploads\/voelkerrecht-weltordnung-UNO.jpg 1024w, https:\/\/www.markus-schall.de\/wp-content\/uploads\/voelkerrecht-weltordnung-UNO-300x200.jpg 300w, https:\/\/www.markus-schall.de\/wp-content\/uploads\/voelkerrecht-weltordnung-UNO-768x512.jpg 768w, https:\/\/www.markus-schall.de\/wp-content\/uploads\/voelkerrecht-weltordnung-UNO-18x12.jpg 18w\" sizes=\"auto, (max-width: 1024px) 100vw, 1024px\" \/><\/p>\n<h2>Do direito dos contratos a uma \u201eordem mundial baseada em regras\u201c<\/h2>\n<p>Se lermos textos mais antigos sobre pol\u00edtica externa, apercebemo-nos de uma coisa: Durante muito tempo, a express\u00e3o \u201eordem mundial baseada em regras\u201c n\u00e3o desempenhou um papel importante. Falava-se de tratados, de alian\u00e7as, da Carta das Na\u00e7\u00f5es Unidas, de diplomacia e, por vezes, tamb\u00e9m de \u201eordem internacional\u201c ou de \u201edireito internacional\u201c.<\/p>\n<p>No entanto, a dada altura - especialmente nos \u00faltimos anos - este termo come\u00e7ou a aparecer cada vez com mais frequ\u00eancia. E quanto mais era usado, mais parecia um substituto para algo que costumava ser mais claramente rotulado.<\/p>\n<p>N\u00e3o se trata de uma pequena diferen\u00e7a lingu\u00edstica. Na pol\u00edtica, a l\u00edngua nunca \u00e9 apenas decora\u00e7\u00e3o. Os termos s\u00e3o ferramentas. E quando um novo termo \u00e9 subitamente utilizado de forma constante, vale a pena olhar com ceticismo: O que \u00e9 que est\u00e1 a substituir? O que \u00e9 que est\u00e1 a mudar? E o que \u00e9 que torna menos claro, embora devesse ser claro?<\/p>\n<p>Porque a \u201eordem mundial baseada em regras\u201c soa, \u00e0 partida, positiva. Quem \u00e9 que pode ser contra as regras? O \u00fanico problema \u00e9 que, embora os tratados e o direito internacional tenham uma fonte, muitas vezes n\u00e3o \u00e9 claro quais s\u00e3o as regras que se entende por esta \u201eordem mundial baseada em regras\u201c, quem as estabelece e como devem ser efetivamente aplicadas.<\/p>\n<h3>Quando e porqu\u00ea este termo surgiu<\/h3>\n<p>O termo parece uma embalagem moderna para algo que \u00e9 historicamente mais antigo: a ideia de que as rela\u00e7\u00f5es internacionais devem ser governadas n\u00e3o apenas pela for\u00e7a bruta, mas por regras reconhecidas. Na pr\u00e1tica, \u201ebaseado em regras\u201c \u00e9 frequentemente utilizado quando se pretende defender uma ordem sem se comprometer com um conjunto espec\u00edfico de tratados.<\/p>\n<p>Poder\u00e3o existir v\u00e1rias raz\u00f5es para este facto. Uma raz\u00e3o \u00e9 a conveni\u00eancia: \u00e9 mais f\u00e1cil invocar uma \u201eordem baseada em regras\u201c do que explicar laboriosamente quais as normas espec\u00edficas do direito internacional que se aplicam, quais as excep\u00e7\u00f5es existentes, quais os mandatos existentes e quais os que n\u00e3o existem. Uma segunda raz\u00e3o \u00e9 mais pol\u00edtica: o termo deixa mais espa\u00e7o de manobra. Quem fala de \u201eregras\u201c pode dar \u00eanfase a tudo o que conv\u00e9m \u00e0 situa\u00e7\u00e3o - sem ter de ser avaliado em rela\u00e7\u00e3o a um texto claro.<\/p>\n<p>O resultado \u00e9 algo que poderia ser descrito como uma mudan\u00e7a ret\u00f3rica: Afastamo-nos das fontes precisas e passamos a usar um termo coletivo que soa a moral. Isto torna os debates mais r\u00e1pidos - mas tamb\u00e9m os torna menos claros. E num mundo de guerras, san\u00e7\u00f5es e interven\u00e7\u00f5es, a imprecis\u00e3o n\u00e3o \u00e9 um erro inofensivo, mas um risco.<\/p>\n<h3>\u201eBaseado em regras\u201c parece vinculativo - mas \u00e9 frequentemente indefinido<\/h3>\n<p>A diferen\u00e7a decisiva entre o direito internacional e uma \u201eordem mundial baseada em regras\u201c reside na forma como est\u00e1 ancorado. O direito internacional tem - pelo menos idealmente - uma base compreens\u00edvel: tratados, a Carta das Na\u00e7\u00f5es Unidas, princ\u00edpios reconhecidos, decis\u00f5es judiciais, pr\u00e1tica internacional. Podemos discutir a forma como interpretamos isto, mas sabemos a que \u00e9 que nos referimos.<\/p>\n<p>\u00c9 frequentemente confundido com a \u201eordem mundial baseada em regras\u201c. O termo raramente \u00e9 definido de forma clara. \u00c9 utilizado como se fosse claro o que se pretende dizer - e \u00e9 precisamente isso que cria uma esp\u00e9cie de zona de nevoeiro lingu\u00edstico. Para o leitor comum, mas muitas vezes tamb\u00e9m para a vida pol\u00edtica quotidiana, o termo torna-se indistinto:<\/p>\n<ul>\n<li>Trata-se de direito internacional?<\/li>\n<li>Trata-se das regras da alian\u00e7a ocidental?<\/li>\n<li>Trata-se de valores?<\/li>\n<li>Trata-se de normas econ\u00f3micas?<\/li>\n<li>Ou trata-se simplesmente da ordem preferida pelos actores poderosos?<\/li>\n<\/ul>\n<p>O problema n\u00e3o \u00e9 o facto de se querer descrever uma ordem. O problema \u00e9 que o termo \u00e9 t\u00e3o flex\u00edvel que, em caso de d\u00favida, pode sempre ser adaptado. E isso significa que se perde precisamente aquilo a que as regras realmente se referem: fiabilidade e verificabilidade.<\/p>\n<h3>Quem define estas regras?<\/h3>\n<p>\u00c9 aqui que as coisas se tornam realmente interessantes - e tamb\u00e9m desagrad\u00e1veis. Se afirmam que existe uma \u201eordem mundial baseada em regras\u201c, ent\u00e3o t\u00eam de perguntar: quem decidiu sobre essas regras? Onde \u00e9 que elas est\u00e3o? Quem as legitimou? E quem decide o que \u00e9 \u201ebaseado em regras\u201c em caso de lit\u00edgio?<\/p>\n<p>Numa ordem cl\u00e1ssica, baseada em tratados, esta quest\u00e3o \u00e9, pelo menos parcialmente, respond\u00edvel: os Estados celebram tratados. Aderem ou n\u00e3o a eles. A Carta das Na\u00e7\u00f5es Unidas \u00e9 um ponto de refer\u00eancia. Os tribunais e as institui\u00e7\u00f5es internacionais criam um quadro de interpreta\u00e7\u00e3o. N\u00e3o \u00e9 perfeito, mas \u00e9 pelo menos compreens\u00edvel.<\/p>\n<p>Numa \u201eordem mundial baseada em regras\u201c, como aparece frequentemente na linguagem pol\u00edtica, o centro de gravidade desloca-se: as regras parecem subitamente menos normas acordadas em comum e mais um conjunto de expectativas formuladas e aplicadas por determinados actores. Esta situa\u00e7\u00e3o pode rapidamente transformar-se numa hierarquia t\u00e1cita: Alguns definem o que \u00e9 \u201ebaseado em regras\u201c - e espera-se que outros as sigam.<\/p>\n<p>Esta \u00e9 uma diferen\u00e7a fundamental. Porque quando as regras j\u00e1 n\u00e3o s\u00e3o decididas em conjunto, mas s\u00e3o de facto interpretadas e determinadas por uma das partes, ent\u00e3o o direito volta a ser pol\u00edtica. E, na arena internacional, a pol\u00edtica \u00e9 muitas vezes apenas poder numa embalagem educada.<\/p>\n<h3>A diferen\u00e7a entre lei e narrativa<\/h3>\n<p>Neste ponto, vale a pena fazer uma distin\u00e7\u00e3o clara: a lei \u00e9 algo que pode ser testado. Uma narrativa \u00e9 algo em que se deve acreditar. As duas coisas podem sobrepor-se, mas n\u00e3o s\u00e3o a mesma coisa.<\/p>\n<p>Quando algu\u00e9m diz: <em>\u201eIsto \u00e9 contr\u00e1rio ao direito internacional\u201c<\/em>, \u00e9 poss\u00edvel - pelo menos teoricamente - verificar qual a norma que foi violada. \u00c9 poss\u00edvel argumentar se se aplica uma exce\u00e7\u00e3o. \u00c9 poss\u00edvel indicar as fontes. Isto \u00e9 fastidioso, mas pode ser verificado racionalmente.<\/p>\n<p>Quando algu\u00e9m diz: <em>\u201eIsto viola a ordem mundial baseada em regras\u201c<\/em>, parece semelhante, mas \u00e9 frequentemente muito menos tang\u00edvel. A press\u00e3o moral \u00e9 imediata: Qualquer pessoa que discorde \u00e9 rapidamente rotulada de violadora de regras, desordeira ou mesmo inimiga da ordem. Mas a regra espec\u00edfica que foi quebrada permanece frequentemente um mist\u00e9rio. E \u00e9 precisamente isso que \u00e9 perigoso: quando a justifica\u00e7\u00e3o \u00e9 vaga, pode ser usada para justificar quase tudo.<\/p>\n<p>\u00c9 aqui que come\u00e7a a zona em que muitos debates se afundam. N\u00e3o porque as pessoas sejam m\u00e1s, mas porque a linguagem \u00e9 muitas vezes mais r\u00e1pida do que o direito na realidade pol\u00edtica. E porque \u00e9 c\u00f3modo invocar a \u201eordem\u201c sem discutir abertamente a situa\u00e7\u00e3o jur\u00eddica concreta.<\/p>\n<h3>O problema da soberania da interpreta\u00e7\u00e3o<\/h3>\n<p>A soberania interpretativa significa que quem controla os termos muitas vezes tamb\u00e9m controla a discuss\u00e3o. Quando a \u201eordem mundial baseada em regras\u201c se torna uma cifra moral, surge uma situa\u00e7\u00e3o em que um ator j\u00e1 n\u00e3o se limita a agir, mas tamb\u00e9m fornece uma avalia\u00e7\u00e3o das suas ac\u00e7\u00f5es. Isto pode ser visto na frequ\u00eancia com que a comunica\u00e7\u00e3o pol\u00edtica se sente assim: a a\u00e7\u00e3o n\u00e3o \u00e9 primeiro categorizada legalmente, mas \u00e9 imediatamente enquadrada moralmente. A a\u00e7\u00e3o \u00e9 \u201enecess\u00e1ria\u201c, \u201esem alternativa\u201c, \u201epara proteger a liberdade\u201c, \u201epara preservar a ordem\u201c. Qualquer pessoa que fa\u00e7a perguntas \u00e9 rapidamente considerada ing\u00e9nua ou suspeita.<\/p>\n<p>Mas \u00e9 precisamente esta interroga\u00e7\u00e3o que est\u00e1 no centro de uma ordem est\u00e1vel: que regras? Que base jur\u00eddica? Que responsabilidade? Quais as consequ\u00eancias se todos agirem assim? Estas quest\u00f5es n\u00e3o s\u00e3o destrutivas, mas tradicionalmente o que antes seria entendido como um controlo respons\u00e1vel.<\/p>\n<p>No entanto, quando a soberania interpretativa se torna mais forte do que a clareza jur\u00eddica, o padr\u00e3o muda: nesse caso, n\u00e3o importa tanto se algo \u00e9 juridicamente limpo, mas se pode ser vendido comunicativamente como \u201econforme\u201c. E se um regulamento s\u00f3 pode ser vendido em vez de ser verificado, est\u00e1 em mau estado.<\/p>\n<h3>Porque \u00e9 que esta mudan\u00e7a \u00e9 t\u00e3o importante<\/h3>\n<p>A passagem do direito dos tratados para uma ret\u00f3rica \u201ebaseada em regras\u201c tem um efeito secund\u00e1rio que \u00e9 facilmente subestimado: altera os processos de aprendizagem dos outros Estados. Nas rela\u00e7\u00f5es internacionais, o que acontece de facto \u00e9 observado de muito perto - e n\u00e3o apenas o que \u00e9 dito.<\/p>\n<p>Se um Estado ou uma alian\u00e7a fala de regras, mas interpreta essas regras de acordo com a situa\u00e7\u00e3o, ent\u00e3o os outros aprendem: As regras s\u00e3o flex\u00edveis. Ou, dito de forma mais dura: as regras s\u00e3o o que os poderosos fazem delas. E se for essa a li\u00e7\u00e3o, cria-se um efeito domin\u00f3. Porque ent\u00e3o torna-se racional que todos tamb\u00e9m se tornem mais flex\u00edveis, que tamb\u00e9m construam narrativas, que tamb\u00e9m utilizem zonas jur\u00eddicas cinzentas.<\/p>\n<p>Desta forma, uma ordem n\u00e3o pode desmoronar-se abruptamente, mas sim desgastar-se lentamente. Perde arestas. Perde a previsibilidade. E, a dada altura, apercebemo-nos de que, embora ainda tenhamos a linguagem da ordem, h\u00e1 cada vez menos subst\u00e2ncia por detr\u00e1s dela.<\/p>\n<p>Este cap\u00edtulo foi basicamente a ponte: da velha ideia de que a ordem \u00e9 criada atrav\u00e9s de contratos e procedimentos, para uma linguagem moderna em que as \u201eregras\u201c s\u00e3o muitas vezes mais uma reivindica\u00e7\u00e3o do que uma base verific\u00e1vel.<\/p>\n<h3>A ONU entre a ambi\u00e7\u00e3o e a realidade<\/h3>\n<p>80 anos ap\u00f3s a entrada em vigor da Carta das Na\u00e7\u00f5es Unidas, o panorama \u00e9 preocupante: O ambiente na sede das Na\u00e7\u00f5es Unidas em Nova Iorque n\u00e3o \u00e9 de celebra\u00e7\u00e3o, mas sim de preocupa\u00e7\u00e3o. A ordem multilateral, que se baseia na coopera\u00e7\u00e3o internacional e na for\u00e7a do direito, est\u00e1 a sofrer uma enorme press\u00e3o. Em vez de regras vinculativas, est\u00e1 a prevalecer cada vez mais a lei da selva. Isto \u00e9 particularmente evidente no Conselho de Seguran\u00e7a da ONU, onde os poderes de veto se bloqueiam mutuamente e as decis\u00f5es centrais n\u00e3o s\u00e3o tomadas. Esta crise \u00e9 agravada por cortes financeiros maci\u00e7os, cujas consequ\u00eancias afectam sobretudo os pa\u00edses mais pobres. E, no entanto, a ONU continua a ser um lugar indispens\u00e1vel - o \u00fanico lugar onde todos os Estados do mundo continuam a reunir-se.<\/p>\n<p>Esta situa\u00e7\u00e3o \u00e9 analisada com mais pormenor no v\u00eddeo que se segue. Numa entrevista com o especialista em direito internacional Stephan Wittich, da Universidade de Viena, torna-se claro por que raz\u00e3o as Na\u00e7\u00f5es Unidas n\u00e3o devem ser descartadas, apesar dos bloqueios pol\u00edticos e do enfraquecimento financeiro. O v\u00eddeo esclarece as tens\u00f5es entre a pol\u00edtica de poder e a ordem jur\u00eddica, classifica o papel dos poderes de veto e explica claramente porque \u00e9 que a ONU mant\u00e9m o seu valor, especialmente em tempos de crise - n\u00e3o como uma institui\u00e7\u00e3o perfeita, mas como a \u00faltima plataforma comum da comunidade global.<\/p>\n<div class=\"lyte-wrapper\" style=\"width:640px;max-width:100%;margin:5px;\"><div class=\"lyMe\" id=\"WYL_vPAzBXvwoug\"><div id=\"lyte_vPAzBXvwoug\" data-src=\"https:\/\/www.markus-schall.de\/wp-content\/plugins\/wp-youtube-lyte\/lyteCache.php?origThumbUrl=%2F%2Fi.ytimg.com%2Fvi%2FvPAzBXvwoug%2Fhqdefault.jpg\" class=\"pL\"><div class=\"tC\"><div class=\"tT\"><\/div><\/div><div class=\"play\"><\/div><div class=\"ctrl\"><div class=\"Lctrl\"><\/div><div class=\"Rctrl\"><\/div><\/div><\/div><noscript><a href=\"https:\/\/youtu.be\/vPAzBXvwoug\" rel=\"nofollow noopener\" target=\"_blank\"><img loading=\"lazy\" decoding=\"async\" src=\"https:\/\/www.markus-schall.de\/wp-content\/plugins\/wp-youtube-lyte\/lyteCache.php?origThumbUrl=https%3A%2F%2Fi.ytimg.com%2Fvi%2FvPAzBXvwoug%2F0.jpg\" alt=\"Miniatura de v\u00eddeo do YouTube\" width=\"640\" height=\"340\" \/><br \/>Ver este v\u00eddeo no YouTube<\/a><\/noscript><\/div><\/div><div class=\"lL\" style=\"max-width:100%;width:640px;margin:5px;\"><\/div><br \/>\nONU sob press\u00e3o - 80 anos de trabalho em prol da paz mundial e dos direitos humanos <a href=\"https:\/\/www.youtube.com\/@ORFPodcast\" target=\"_blank\" rel=\"nofollow noopener\">Podcast ORF<\/a><\/p>\n<h3>Como as narrativas substituem as regras<\/h3>\n<p>Quem se ocupa da chamada ordem mundial baseada em regras depara-se inevitavelmente com outro tema: a propaganda. Porque quanto mais vagos forem os termos como \u201eregras\u201c, \u201evalores\u201c ou \u201eordem\u201c, maior ser\u00e1 a import\u00e2ncia da interpreta\u00e7\u00e3o e da narrativa.<\/p>\n<p>O artigo <a href=\"https:\/\/www.markus-schall.de\/pt\/2026\/01\/historia-da-propaganda-metodos-formas-modernas-e-como-reconhece-las\/\"><em><strong>\u201ePropaganda: hist\u00f3ria, m\u00e9todos, formas modernas e como reconhec\u00ea-las\u201c<\/strong><\/em><\/a> mostra exatamente como essas narrativas s\u00e3o criadas, porque funcionam e porque s\u00e3o t\u00e3o eficazes em quest\u00f5es pol\u00edticas complexas. O autor explica de forma compreens\u00edvel como a linguagem, a repeti\u00e7\u00e3o e o enquadramento moral s\u00e3o utilizados para legitimar ac\u00e7\u00f5es sem uma justifica\u00e7\u00e3o jur\u00eddica clara. Qualquer pessoa que tenha lido o artigo sobre direito internacional encontrar\u00e1 aqui o elo perdido entre direito, poder e perce\u00e7\u00e3o p\u00fablica.<\/p>\n<h2>Despedimentos, evas\u00f5es e perda progressiva de confian\u00e7a<\/h2>\n<p>Uma diferen\u00e7a importante \u00e9 frequentemente ignorada no debate p\u00fablico: A ordem internacional raramente se rompe porque as regras s\u00e3o violadas de forma espetacular. Muito mais frequentemente, acontece algo mais subtil. As regras s\u00e3o anuladas, minadas ou simplesmente contornadas. Isto parece menos dram\u00e1tico, mas \u00e9 frequentemente mais destrutivo a longo prazo.<\/p>\n<p>Isto deve-se ao facto de uma viola\u00e7\u00e3o aberta das regras ser vis\u00edvel, vulner\u00e1vel e exigir uma explica\u00e7\u00e3o. Um cancelamento ou uma evas\u00e3o, por outro lado, podem parecer formalmente corretos, apesar de minarem o esp\u00edrito da ordem. \u00c9 precisamente aqui que come\u00e7a a perda progressiva de confian\u00e7a que caracteriza cada vez mais as rela\u00e7\u00f5es internacionais.<\/p>\n<h3>Retirada de acordos internacionais<\/h3>\n<p>Nas \u00faltimas d\u00e9cadas, cada vez mais Estados - especialmente os Estados ocidentais - se retiraram dos acordos internacionais ou restringiram efetivamente a sua validade. Os tratados de desarmamento, os acordos de controlo de armas, as jurisdi\u00e7\u00f5es internacionais e os acordos multilaterais foram cancelados, suspensos ou deliberadamente enfraquecidos.<\/p>\n<p>Esta situa\u00e7\u00e3o \u00e9 muitas vezes formalmente admiss\u00edvel. Os tratados cont\u00eam cl\u00e1usulas de anula\u00e7\u00e3o. Os Estados podem retirar-se. O problema n\u00e3o est\u00e1 no ato de den\u00fancia em si, mas na sua acumula\u00e7\u00e3o e dire\u00e7\u00e3o. Se os pilares centrais da ordem ca\u00edrem gradualmente, o que resta no final \u00e9 uma soberania formal, mas cada vez menos uma estrutura comum.<\/p>\n<p>Para outros pa\u00edses, este \u00e9 um sinal claro: o empenhamento \u00e9 opcional. Aqueles que s\u00e3o suficientemente fortes podem retirar-se. Os que s\u00e3o fracos t\u00eam de esperar que as regras continuem a aplicar-se.<\/p>\n<h3>Contornar em vez de confrontar abertamente<\/h3>\n<p>Ainda mais problem\u00e1tico do que os despedimentos ostensivos \u00e9 o contornar sistem\u00e1tico das regras existentes. Em vez de declarar claramente: \u201eJ\u00e1 n\u00e3o aderimos a estas regras\u201c, s\u00e3o constru\u00eddas novas justifica\u00e7\u00f5es, alargadas as excep\u00e7\u00f5es ou reinterpretadas as normas existentes.<\/p>\n<p>Trata-se frequentemente de uma quest\u00e3o t\u00e9cnica, juridicamente complexa e dif\u00edcil de compreender para quem est\u00e1 de fora. Termos como \u201eautodefesa preventiva\u201c, \u201einteresses de seguran\u00e7a alargados\u201c ou \u201enovas situa\u00e7\u00f5es de amea\u00e7a\u201c s\u00e3o ent\u00e3o utilizados para alterar as antigas fronteiras sem as abolir oficialmente.<\/p>\n<p>O efeito \u00e9 o mesmo: a regra mant\u00e9m-se no papel, mas perde a sua for\u00e7a vinculativa. E \u00e9 precisamente isso que \u00e9 mais perigoso para uma ordem do que uma rutura aberta, porque mina a sua orienta\u00e7\u00e3o.<\/p>\n<h3>Quando os procedimentos se tornam uma quest\u00e3o menor<\/h3>\n<p>Os procedimentos eram um elemento central da ordem cl\u00e1ssica. As decis\u00f5es n\u00e3o deviam ser tomadas espontaneamente, mas no \u00e2mbito de processos claros. Mandatos, consultas, vota\u00e7\u00f5es - tudo isto tinha como objetivo garantir que o poder n\u00e3o era utilizado de forma arbitr\u00e1ria.<\/p>\n<p>Na pr\u00e1tica, por\u00e9m, esses procedimentos s\u00e3o cada vez mais ignorados. S\u00e3o vistos como lentos, obstrutivos ou politicamente impratic\u00e1veis. Em vez disso, argumenta-se que \u00e9 necess\u00e1rio \u201emanter a capacidade de a\u00e7\u00e3o\u201c. Isto parece plaus\u00edvel, mas muda o ponto de refer\u00eancia: a t\u00f3nica j\u00e1 n\u00e3o est\u00e1 na legalidade, mas na rapidez.<\/p>\n<p>A longo prazo, isto conduz a uma l\u00f3gica perigosa. Se os procedimentos s\u00f3 s\u00e3o utilizados quando produzem o resultado desejado, perdem a sua fun\u00e7\u00e3o legitimadora. Nesse caso, deixam de ser um mecanismo de prote\u00e7\u00e3o e passam a ser um pano de fundo.<\/p>\n<p><img loading=\"lazy\" decoding=\"async\" class=\"alignnone wp-image-4284 size-large\" src=\"https:\/\/www.markus-schall.de\/wp-content\/uploads\/voelkerrecht-weltordnung-kuendigung.jpg\" alt=\"Anula\u00e7\u00e3o e rescis\u00e3o de contratos\" width=\"1024\" height=\"683\" srcset=\"https:\/\/www.markus-schall.de\/wp-content\/uploads\/voelkerrecht-weltordnung-kuendigung.jpg 1024w, https:\/\/www.markus-schall.de\/wp-content\/uploads\/voelkerrecht-weltordnung-kuendigung-300x200.jpg 300w, https:\/\/www.markus-schall.de\/wp-content\/uploads\/voelkerrecht-weltordnung-kuendigung-768x512.jpg 768w, https:\/\/www.markus-schall.de\/wp-content\/uploads\/voelkerrecht-weltordnung-kuendigung-18x12.jpg 18w\" sizes=\"auto, (max-width: 1024px) 100vw, 1024px\" \/><\/p>\n<h3>A eros\u00e3o da confian\u00e7a m\u00fatua<\/h3>\n<p>A ordem internacional s\u00f3 funciona se os Estados puderem assumir que os compromissos t\u00eam uma certa durabilidade. A confian\u00e7a n\u00e3o se cria atrav\u00e9s da simpatia, mas atrav\u00e9s da repetibilidade. Aqueles que se comportam de forma fi\u00e1vel tornam-se previs\u00edveis - mesmo para os advers\u00e1rios.<\/p>\n<p>\u00c9 precisamente esta confian\u00e7a que \u00e9 afetada pelas anula\u00e7\u00f5es, circunven\u00e7\u00f5es e interpreta\u00e7\u00f5es flex\u00edveis. N\u00e3o necessariamente de imediato, mas de forma cumulativa. Cada passo individual pode ser explic\u00e1vel. No entanto, o resultado global \u00e9 um clima em que ningu\u00e9m pode ter a certeza se as regras continuar\u00e3o a aplicar-se amanh\u00e3.<\/p>\n<p>Isto \u00e9 particularmente problem\u00e1tico para os Estados mais pequenos ou mais fracos. Estes dependem mais das regras do que do poder. Quando se apercebem de que mesmo os actores centrais est\u00e3o cada vez mais afastados da ordem, muitas vezes s\u00f3 lhes resta a op\u00e7\u00e3o entre a adapta\u00e7\u00e3o ou a resigna\u00e7\u00e3o.<\/p>\n<p>A pol\u00edtica internacional segue uma l\u00f3gica simples, mas muitas vezes subestimada: os comportamentos s\u00e3o copiados. N\u00e3o \u00e9 avaliado moralmente, mas analisado funcionalmente. Os Estados observam muito atentamente o que os outros fazem - e quais s\u00e3o as consequ\u00eancias.<\/p>\n<p>Se os cancelamentos n\u00e3o tiverem consequ\u00eancias, tornam-se mais atractivos. Se a evas\u00e3o \u00e0s regras for tolerada, torna-se uma op\u00e7\u00e3o. Isto cria um efeito de imita\u00e7\u00e3o que dissolve gradualmente, em vez de abruptamente, a ordem.<\/p>\n<p>O que \u00e9 perigoso \u00e9 que: Ningu\u00e9m tem de destruir deliberadamente a ordem. Basta que cada vez mais actores actuem racionalmente, invocando ao mesmo tempo, retoricamente, as mesmas regras. No fim, o que resta \u00e9 uma ordem que s\u00f3 existe na linguagem.<\/p>\n<h3>A encomenda como fator de custo<\/h3>\n<p>H\u00e1 um outro aspeto que desempenha aqui um papel importante: as regras custam alguma coisa. Custam espa\u00e7o de manobra, tempo e, por vezes, tamb\u00e9m influ\u00eancia pol\u00edtica. Desde que todos suportem estes custos, a ordem vale a pena. No entanto, assim que alguns actores come\u00e7am a evitar estes custos, os outros ficam sob press\u00e3o.<\/p>\n<p>Porque \u00e9 que nos havemos de restringir se os outros j\u00e1 n\u00e3o o fazem? Esta pergunta \u00e9 humana - e politicamente muito eficaz. Leva a que a auto-restri\u00e7\u00e3o deixe de ser vista como um ponto forte e passe a ser vista como uma desvantagem.<\/p>\n<p>Isto subverte a l\u00f3gica da ordem. O que antes criava estabilidade parece de repente ing\u00e9nuo. E \u00e9 precisamente neste ponto que come\u00e7a o regresso \u00e0 l\u00f3gica do poder - n\u00e3o por agress\u00e3o, mas por adapta\u00e7\u00e3o.<\/p>\n<p>Este cap\u00edtulo mostra, portanto, o n\u00edvel estrutural da eros\u00e3o. A t\u00f3nica aqui n\u00e3o \u00e9 colocada nas opera\u00e7\u00f5es militares individuais, mas no ambiente que as torna poss\u00edveis. Os cancelamentos, as evas\u00f5es e a diminui\u00e7\u00e3o da confian\u00e7a preparam o terreno precisamente para os desenvolvimentos que analis\u00e1mos especificamente no passo seguinte.<\/p>\n<p>Porque se as regras perderem a sua for\u00e7a vinculativa, \u00e9 apenas uma quest\u00e3o de tempo at\u00e9 que a for\u00e7a militar volte a aparecer como um instrumento normal. N\u00e3o como uma viola\u00e7\u00e3o das regras, mas como uma op\u00e7\u00e3o pragm\u00e1tica. \u00c9 precisamente aqui que entra o cap\u00edtulo seguinte - onde a teoria se torna pr\u00e1tica.<\/p>\n<h2>Ac\u00e7\u00f5es militares sem mandatos claros<\/h2>\n<p>At\u00e9 agora, trat\u00e1mos de conceitos, princ\u00edpios e mudan\u00e7as. No entanto, neste momento, o mais tardar, o tema j\u00e1 n\u00e3o pode ser tratado em abstrato. Afinal de contas, uma ordem internacional n\u00e3o se manifesta em discursos dominicais, mas em ac\u00e7\u00f5es concretas. \u00c9 precisamente onde a for\u00e7a militar \u00e9 utilizada que se torna claro at\u00e9 que ponto as regras s\u00e3o efetivamente levadas a s\u00e9rio.<\/p>\n<p>N\u00e3o se trata aqui expressamente de ju\u00edzos morais sobre conflitos individuais. Tamb\u00e9m n\u00e3o se trata de apontar culpados ou de dar respostas simples. \u00c9 fundamental uma outra coisa: que normas s\u00e3o aplicadas - e aplicam-se igualmente a todos?<\/p>\n<p>Nos \u00faltimos anos, tem-se verificado um aumento das ac\u00e7\u00f5es militares que n\u00e3o est\u00e3o claramente abrangidas por um mandato das Na\u00e7\u00f5es Unidas. Estas incluem ataques a\u00e9reos, ataques direcionados, opera\u00e7\u00f5es secretas ou presen\u00e7a militar aberta em territ\u00f3rio estrangeiro - frequentemente justificados por interesses de seguran\u00e7a, dissuas\u00e3o ou prote\u00e7\u00e3o de determinados valores.<\/p>\n<p>Exemplos como as opera\u00e7\u00f5es na S\u00edria ou, mais recentemente, as ac\u00e7\u00f5es relacionadas com a Venezuela mostram um padr\u00e3o recorrente: a base jur\u00eddica permanece pouco clara, \u00e9 apresentada de forma abreviada ou completamente ignorada. Em vez disso, a justifica\u00e7\u00e3o pol\u00edtica assume o papel principal. Diz-se ent\u00e3o que \u201en\u00e3o havia escolha\u201c, que \u201et\u00ednhamos de reagir\u201c, que est\u00e1vamos a agir \u201epreventivamente\u201c ou \u201eno interesse da estabilidade\u201c.<\/p>\n<p>O problema n\u00e3o \u00e9 o facto de os Estados quererem proteger os seus interesses. Eles querem sempre. O problema reside no facto de o quadro jur\u00eddico ser cada vez mais tratado como subordinado - ou como algo que pode ser substitu\u00eddo pela comunica\u00e7\u00e3o quando n\u00e3o \u00e9 conveniente.<\/p>\n<h3>A contradi\u00e7\u00e3o central: exigir regras, contornar regras<\/h3>\n<p>\u00c9 aqui que a contradi\u00e7\u00e3o interna da chamada ordem mundial baseada em regras se torna particularmente clara. Por um lado, exige-se insistentemente aos outros Estados que respeitem as regras internacionais. As viola\u00e7\u00f5es das fronteiras, as escaladas militares ou as infrac\u00e7\u00f5es aos tratados s\u00e3o severamente criticadas - muitas vezes com raz\u00e3o. Por outro lado, as ac\u00e7\u00f5es militares do pr\u00f3prio pa\u00eds s\u00e3o tratadas como casos especiais.<\/p>\n<p>A argumenta\u00e7\u00e3o segue frequentemente a mesma l\u00f3gica: a viola\u00e7\u00e3o das regras n\u00e3o \u00e9 rotulada como uma viola\u00e7\u00e3o das regras, mas como uma exce\u00e7\u00e3o, uma necessidade ou uma responsabilidade especial. Retoricamente, fica-se do lado da ordem, mas na pr\u00e1tica desrespeita-se os seus princ\u00edpios fundamentais.<\/p>\n<p>Isto \u00e9 muito problem\u00e1tico para a ordem. Afinal de contas, as regras n\u00e3o vivem de serem invocadas, mas de serem cumpridas quando as coisas se tornam inc\u00f3modas. Aqueles que apenas exigem regras aos outros enviam um sinal claro: essas regras s\u00e3o negoci\u00e1veis - pelo menos para aqueles que t\u00eam poder suficiente.<\/p>\n<h3>Quem controla o inspetor?<\/h3>\n<p>Num sistema jur\u00eddico cl\u00e1ssico, esta quest\u00e3o tem uma resposta clara. O poder \u00e9 controlado, as decis\u00f5es s\u00e3o verific\u00e1veis, os procedimentos s\u00e3o transparentes. A n\u00edvel internacional, isto \u00e9 mais dif\u00edcil, mas n\u00e3o \u00e9 fundamentalmente imposs\u00edvel. Os mandatos da ONU, os tribunais internacionais e as vota\u00e7\u00f5es multilaterais foram concebidos precisamente para este fim: conter o poder, n\u00e3o legitim\u00e1-lo.<\/p>\n<p>No entanto, se a for\u00e7a militar for utilizada sem estes procedimentos, cria-se um vazio. Quem \u00e9 que decide ent\u00e3o se uma interven\u00e7\u00e3o foi justificada? Quem retira as consequ\u00eancias quando os limites s\u00e3o ultrapassados? E acima de tudo: quem \u00e9 que faz cumprir essas consequ\u00eancias?<\/p>\n<p>Na pr\u00e1tica, a resposta \u00e9 frequentemente: ningu\u00e9m. Ou mais exatamente: ningu\u00e9m com poder suficiente. E \u00e9 precisamente aqui que a ordem se desloca para um sistema que se baseia menos no direito do que no equil\u00edbrio de poderes.<\/p>\n<h3>O efeito de sinaliza\u00e7\u00e3o internacional de tais ac\u00e7\u00f5es<\/h3>\n<p>A pol\u00edtica internacional \u00e9 um sistema de aprendizagem. Os Estados observam-se uns aos outros com muita aten\u00e7\u00e3o. N\u00e3o s\u00f3 as declara\u00e7\u00f5es oficiais, mas sobretudo as ac\u00e7\u00f5es concretas. Se as ac\u00e7\u00f5es militares sem uma base jur\u00eddica clara n\u00e3o tiverem consequ\u00eancias, cria-se um precedente.<\/p>\n<p>Os outros pa\u00edses tiram as suas conclus\u00f5es deste facto. N\u00e3o necessariamente por maldade, mas por racionalidade. Se as regras podem ser interpretadas de forma flex\u00edvel, se os mandatos s\u00e3o opcionais, se o poder substitui efetivamente o direito, ent\u00e3o \u00e9 l\u00f3gico que todos os envolvidos adoptem estas regras do jogo.<\/p>\n<p>Se n\u00e3o o fizer, arrisca-se a ficar em desvantagem.<\/p>\n<p>Uma nova normalidade est\u00e1 a emergir gradualmente: o foco j\u00e1 n\u00e3o \u00e9 \u201eo que \u00e9 permitido?\u201c, mas sim \u201eo que \u00e9 tolerado?\u201c. E a toler\u00e2ncia n\u00e3o \u00e9 uma base est\u00e1vel para a ordem, mas uma condi\u00e7\u00e3o de curto prazo que muda com o equil\u00edbrio de poder.<\/p>\n<h3>Os danos a longo prazo para a credibilidade<\/h3>\n<p>A perda de confian\u00e7a \u00e9 particularmente problem\u00e1tica. Uma ordem depende do facto de os seus actores centrais serem considerados cred\u00edveis. A credibilidade n\u00e3o se cria com apelos morais, mas com coer\u00eancia. Aqueles que admoestam os outros devem, eles pr\u00f3prios, agir com especial cuidado.<\/p>\n<p>No entanto, se for criada a impress\u00e3o de que as regras s\u00e3o aplicadas de acordo com a situa\u00e7\u00e3o, qualquer cr\u00edtica a outros Estados perde peso. Pode ser correta em termos de conte\u00fado, mas tem um efeito seletivo. E a seletividade \u00e9 inimiga de qualquer sistema de regula\u00e7\u00e3o. Porque convida \u00e0 contra-argumenta\u00e7\u00e3o:<\/p>\n<blockquote><p><em>\u201eFazes da mesma maneira.\u201c<\/em><\/p><\/blockquote>\n<p>O resultado \u00e9 uma eros\u00e3o progressiva. N\u00e3o de forma ruidosa, nem espetacular, mas gradualmente. A linguagem da ordem mant\u00e9m-se, mas o seu n\u00facleo est\u00e1 a ser corro\u00eddo. O resultado final \u00e9 um mundo em que muitas pessoas ainda falam de regras - mas est\u00e3o cada vez menos dispostas a aderir a elas.<\/p>\n<h3>Porque \u00e9 que esta n\u00e3o \u00e9 uma quest\u00e3o marginal<\/h3>\n<p>Poder-se-ia ter a tenta\u00e7\u00e3o de considerar estes desenvolvimentos como uma pol\u00edtica normal de poder. Os Estados sempre actuaram desta forma. Mas isso n\u00e3o \u00e9 suficiente. A diferen\u00e7a decisiva reside no facto de vivermos hoje, oficialmente, numa ordem que quis ultrapassar precisamente este comportamento.<\/p>\n<p>Se a for\u00e7a militar voltar a ser um meio aceite, sem um quadro jur\u00eddico claro, ent\u00e3o n\u00e3o se trata apenas de uma reca\u00edda, mas de um problema estrutural. N\u00e3o se trata de conflitos individuais, mas do pressuposto b\u00e1sico de que as regras devem ser aplicadas universalmente.<\/p>\n<p>E \u00e9 precisamente neste ponto que surge a quest\u00e3o inc\u00f3moda, que abordaremos no pr\u00f3ximo cap\u00edtulo: O que \u00e9 que isto significa para o futuro? Ser\u00e1 que ainda vivemos numa ordem baseada em regras - ou ser\u00e1 que j\u00e1 estamos de volta a uma ordem de poder que s\u00f3 usa a linguagem das regras?<\/p>\n<h3>Glenn Diesen e Jeffrey Sachs: A Venezuela como sinal de alarme<\/h3>\n<p>Num outro v\u00eddeo recente, Glenn Diesen discute os \u00faltimos acontecimentos em torno da Venezuela com o economista norte-americano Jeffrey Sachs. A conversa centra-se nas ac\u00e7\u00f5es militares dos EUA e nas not\u00edcias sobre o rapto do Presidente Nicol\u00e1s Maduro.<\/p>\n<p>Sachs classifica claramente estes acontecimentos como parte de uma evolu\u00e7\u00e3o perigosa em que as fronteiras jur\u00eddicas internacionais est\u00e3o a ser cada vez mais ignoradas. Em conjunto, os dois discutem o efeito de sinaliza\u00e7\u00e3o que tais interven\u00e7\u00f5es t\u00eam na ordem internacional e a raz\u00e3o pela qual as viola\u00e7\u00f5es repetidas da lei prejudicam o sistema de seguran\u00e7a global a longo prazo. A discuss\u00e3o complementa as an\u00e1lises aqui apresentadas com uma classifica\u00e7\u00e3o precisa, mas calma, de uma perspetiva internacional.<\/p>\n<div class=\"lyte-wrapper\" style=\"width:640px;max-width:100%;margin:5px;\"><div class=\"lyMe\" id=\"WYL_PSUxKRPsM9E\"><div id=\"lyte_PSUxKRPsM9E\" data-src=\"https:\/\/www.markus-schall.de\/wp-content\/plugins\/wp-youtube-lyte\/lyteCache.php?origThumbUrl=%2F%2Fi.ytimg.com%2Fvi%2FPSUxKRPsM9E%2Fhqdefault.jpg\" class=\"pL\"><div class=\"tC\"><div class=\"tT\"><\/div><\/div><div class=\"play\"><\/div><div class=\"ctrl\"><div class=\"Lctrl\"><\/div><div class=\"Rctrl\"><\/div><\/div><\/div><noscript><a href=\"https:\/\/youtu.be\/PSUxKRPsM9E\" rel=\"nofollow noopener\" target=\"_blank\"><img loading=\"lazy\" decoding=\"async\" src=\"https:\/\/www.markus-schall.de\/wp-content\/plugins\/wp-youtube-lyte\/lyteCache.php?origThumbUrl=https%3A%2F%2Fi.ytimg.com%2Fvi%2FPSUxKRPsM9E%2F0.jpg\" alt=\"Miniatura de v\u00eddeo do YouTube\" width=\"640\" height=\"340\" \/><br \/>Ver este v\u00eddeo no YouTube<\/a><\/noscript><\/div><\/div><div class=\"lL\" style=\"max-width:100%;width:640px;margin:5px;\"><\/div><br \/>\nJeffrey Sachs: EUA atacam a Venezuela e raptam o Presidente Maduro <a href=\"https:\/\/www.youtube.com\/@GDiesenDE\" target=\"_blank\" rel=\"noopener\">Glenn Diesen<\/a><\/p>\n<h2>Quando o pr\u00f3prio Ocidente se torna um precedente<\/h2>\n<p>Uma das quest\u00f5es mais delicadas, mas tamb\u00e9m mais necess\u00e1rias, \u00e9: o que acontece a uma ordem internacional quando os pr\u00f3prios Estados que se v\u00eaem como seus guardi\u00f5es se tornam eles pr\u00f3prios infractores? Esta pergunta \u00e9 inc\u00f3moda porque sai do espa\u00e7o de seguran\u00e7a moral e confronta-se com a realidade jur\u00eddica.<\/p>\n<p>N\u00e3o se trata de relativizar as infrac\u00e7\u00f5es estrangeiras \u00e0 lei. Pelo contr\u00e1rio. Quem leva a s\u00e9rio as regras internacionais tamb\u00e9m tem de as nomear quando s\u00e3o violadas pelo seu \u201epr\u00f3prio lado\u201c. Caso contr\u00e1rio, o direito internacional torna-se um instrumento pol\u00edtico - e \u00e9 precisamente isso que contradiz o seu objetivo original.<\/p>\n<h3>A opera\u00e7\u00e3o da NATO contra a Rep\u00fablica Federal da Jugosl\u00e1via<\/h3>\n<p>A guerra a\u00e9rea contra a Rep\u00fablica Federal da Jugosl\u00e1via, em 1999, continua a ser um dos exemplos mais conhecidos de ac\u00e7\u00f5es militares levadas a cabo por Estados ocidentais sem um mandato do Conselho de Seguran\u00e7a da ONU. Na altura, a NATO justificou as suas ac\u00e7\u00f5es com argumentos humanit\u00e1rios e com a necessidade de evitar uma escalada no Kosovo.<\/p>\n<p>No entanto, \u00e0 luz do direito internacional, esta miss\u00e3o continuava a ser muito problem\u00e1tica. N\u00e3o existia um mandato da ONU e a proibi\u00e7\u00e3o do uso da for\u00e7a prevista na Carta das Na\u00e7\u00f5es Unidas foi deliberadamente contornada. Em retrospetiva, muitos especialistas ocidentais em direito internacional tamb\u00e9m n\u00e3o descreveram a opera\u00e7\u00e3o como \u201elegal\u201c, mas, no m\u00e1ximo, como politicamente motivada ou moralmente justificada. Esta distin\u00e7\u00e3o \u00e9 crucial: os motivos morais n\u00e3o substituem o direito.<\/p>\n<p>A opera\u00e7\u00e3o na Jugosl\u00e1via tornou-se assim um precedente. Mostrou abertamente, pela primeira vez, que a for\u00e7a militar pode ser utilizada mesmo quando os procedimentos formais est\u00e3o bloqueados - desde que o apoio pol\u00edtico seja suficientemente forte. \u00c9 precisamente este sinal que continua a ter impacto atualmente.<\/p>\n<h3>S\u00edria: Presen\u00e7a permanente sem uma base jur\u00eddica clara<\/h3>\n<p>O envolvimento militar dos Estados ocidentais na S\u00edria tamb\u00e9m tem operado numa \u00e1rea juridicamente controversa durante anos. Ataques a\u00e9reos, for\u00e7as especiais e infra-estruturas militares foram e continuam a ser utilizados, em alguns casos sem o consentimento do governo s\u00edrio e sem um mandato claro do Conselho de Seguran\u00e7a da ONU.<\/p>\n<p>As justifica\u00e7\u00f5es v\u00e3o desde o combate ao terrorismo \u00e0 auto-defesa e \u00e0 estabiliza\u00e7\u00e3o regional. Politicamente, estes argumentos podem parecer plaus\u00edveis, mas em termos de direito internacional, continuam a ser falhos. Acima de tudo, a presen\u00e7a militar permanente em territ\u00f3rio estrangeiro sem consentimento ou mandato claro p\u00f5e em causa o princ\u00edpio da soberania dos Estados.<\/p>\n<p>Tamb\u00e9m neste caso, o padr\u00e3o \u00e9 evidente: o quadro jur\u00eddico n\u00e3o \u00e9 abertamente negado, mas alargado atrav\u00e9s de uma interpreta\u00e7\u00e3o flex\u00edvel. Isto significa que, embora a a\u00e7\u00e3o possa ser explicada, n\u00e3o \u00e9 claramente legitimada em termos jur\u00eddicos.<\/p>\n<h3>Atualidade na Venezuela<\/h3>\n<p>As actuais ac\u00e7\u00f5es relacionadas com a Venezuela s\u00e3o particularmente sens\u00edveis. As opera\u00e7\u00f5es militares, as ac\u00e7\u00f5es encobertas ou as interven\u00e7\u00f5es diretas contra actores estatais de um Estado soberano sem mandato da ONU enquadram-se geralmente num quadro muito restrito do direito internacional - e muitas vezes excedem-no.<\/p>\n<p>Independentemente da forma como se avalia a situa\u00e7\u00e3o pol\u00edtica interna da Venezuela: O direito internacional n\u00e3o reconhece um direito geral de interven\u00e7\u00e3o militar para impor objectivos pol\u00edticos ou mudan\u00e7as de governo. As interven\u00e7\u00f5es deste tipo s\u00e3o, por conseguinte, consideradas inadmiss\u00edveis do ponto de vista do direito internacional tradicional, a menos que estejam claramente cobertas pela leg\u00edtima defesa ou por um mandato da ONU.<\/p>\n<p>Os casos actuais, em particular, revelam tamb\u00e9m outro problema: a avalia\u00e7\u00e3o \u00e9 frequentemente feita de forma extremamente r\u00e1pida, politicamente carregada e sem uma categoriza\u00e7\u00e3o jur\u00eddica clara. Isto torna mais dif\u00edcil um debate s\u00f3brio e refor\u00e7a a impress\u00e3o de que a lei est\u00e1 a ser flanqueada pela comunica\u00e7\u00e3o, em vez de ser efetivamente aplicada.<\/p>\n<h3>Porque \u00e9 que estes exemplos s\u00e3o t\u00e3o importantes<\/h3>\n<p>Estes tr\u00eas exemplos n\u00e3o s\u00e3o isolados. Marcam pontos de viragem. Cada caso individual alterou o entendimento do que \u00e9 considerado aceit\u00e1vel. N\u00e3o porque todas as regras tenham sido subitamente suspensas, mas porque as excep\u00e7\u00f5es se tornaram o novo normal.<\/p>\n<p>O fator decisivo aqui n\u00e3o \u00e9 se os motivos foram \u201ebons\u201c ou \u201emaus\u201c. O fator decisivo \u00e9 que o procedimento - ou seja, o quadro jur\u00eddico - se tornou cada vez mais secund\u00e1rio. \u00c9 precisamente isto que mina, a longo prazo, qualquer ordem baseada em regras.<\/p>\n<p>Porque se mesmo interven\u00e7\u00f5es s\u00e9rias sem mandatos claros ficarem sem consequ\u00eancias, a lei perde o seu efeito vinculativo. Os outros actores est\u00e3o a observar tudo isto com muita aten\u00e7\u00e3o - e a tirar as suas pr\u00f3prias conclus\u00f5es.<\/p>\n<p>Estes exemplos s\u00e3o apenas a ponta de um icebergue maior. No entanto, j\u00e1 mostram por que raz\u00e3o a discuss\u00e3o sobre o direito internacional e a ordem baseada em regras n\u00e3o \u00e9 acad\u00e9mica, mas sim altamente pr\u00e1tica. Cada precedente altera as regras do jogo - muitas vezes de forma permanente.<\/p>\n<h3>Quando a realidade geopol\u00edtica p\u00f5e \u00e0 prova o direito internacional<\/h3>\n<p><a href=\"https:\/\/www.markus-schall.de\/pt\/2026\/03\/o-conflito-israelo-iraniano-porque-e-que-esta-escalada-e-o-pesadelo-estrategico-do-ocidente\/\"><img loading=\"lazy\" decoding=\"async\" class=\"alignright wp-image-5217 size-medium\" src=\"https:\/\/www.markus-schall.de\/wp-content\/uploads\/Israel-Iran-Strategischer-Albtraum-300x200.jpg\" alt=\"Israel-Ir\u00e3o - Pesadelo estrat\u00e9gico\" width=\"300\" height=\"200\" srcset=\"https:\/\/www.markus-schall.de\/wp-content\/uploads\/Israel-Iran-Strategischer-Albtraum-300x200.jpg 300w, https:\/\/www.markus-schall.de\/wp-content\/uploads\/Israel-Iran-Strategischer-Albtraum-768x512.jpg 768w, https:\/\/www.markus-schall.de\/wp-content\/uploads\/Israel-Iran-Strategischer-Albtraum-18x12.jpg 18w, https:\/\/www.markus-schall.de\/wp-content\/uploads\/Israel-Iran-Strategischer-Albtraum.jpg 1024w\" sizes=\"auto, (max-width: 300px) 100vw, 300px\" \/><\/a>Muitas das quest\u00f5es que envolvem o direito internacional e a \u201eordem mundial baseada em regras\u201c parecem inicialmente abstractas. No entanto, as crises internacionais rapidamente revelam qu\u00e3o grande \u00e9, de facto, a tens\u00e3o entre aspira\u00e7\u00e3o e realidade. \u00c9 precisamente esta tens\u00e3o que se manifesta atualmente no conflito entre Israel, os EUA e o Ir\u00e3o. A escalada militar, os ataques de retalia\u00e7\u00e3o m\u00fatuos e os interesses estrat\u00e9gicos est\u00e3o mais uma vez a levantar a quest\u00e3o do papel que o direito internacional ainda pode desempenhar num mundo cada vez mais multipolar - e onde se encontram os seus limites. No meu novo artigo de fundo <a href=\"https:\/\/www.markus-schall.de\/pt\/2026\/03\/o-conflito-israelo-iraniano-porque-e-que-esta-escalada-e-o-pesadelo-estrategico-do-ocidente\/\"><em><strong>\u201eO conflito Ir\u00e3o-Israel: porque \u00e9 que esta escalada \u00e9 o pesadelo estrat\u00e9gico do Ocidente\u201c<\/strong><\/em><\/a> Analiso o contexto geopol\u00edtico dos actuais desenvolvimentos e mostro por que raz\u00e3o este conflito vai muito al\u00e9m de uma crise regional. O conflito afecta quest\u00f5es fundamentais da ordem internacional e do equil\u00edbrio de poderes a n\u00edvel mundial.<\/p>\n<h3>Outras interven\u00e7\u00f5es controversas no \u00e2mbito do direito internacional<\/h3>\n<div style=\"overflow-x: auto;\">\n<table>\n<thead>\n<tr style=\"background-color: #f0f0f0;\">\n<th>Pa\u00eds (pa\u00eds de destino)<\/th>\n<th>Justifica\u00e7\u00e3o oficial (curta)<\/th>\n<th>Porqu\u00ea a controv\u00e9rsia \u00e0 luz do direito internacional<\/th>\n<\/tr>\n<\/thead>\n<tbody>\n<tr>\n<td><strong><a href=\"https:\/\/www.reuters.com\/world\/americas\/legality-us-capture-venezuelas-maduro-focus-united-nations-2026-01-04\" target=\"_blank\" rel=\"noopener\">Venezuela<\/a> <\/strong>(Opera\u00e7\u00e3o de deten\u00e7\u00e3o de Nicol\u00e1s Maduro, 2026)<\/td>\n<td>Representado como \u201eagente da autoridade\u201c \/ deten\u00e7\u00e3o por acusa\u00e7\u00f5es de tr\u00e1fico de droga e terrorismo; em parte, argumentos de seguran\u00e7a<\/td>\n<td>Ilegal de acordo com numerosos peritos em direito internacional: sem mandato da ONU, sem consentimento da Venezuela e sem situa\u00e7\u00e3o plaus\u00edvel de auto-defesa nos termos do artigo 51\u00ba da Carta das Na\u00e7\u00f5es Unidas; tamb\u00e9m problem\u00e1tico devido \u00e0 soberania e \u00e0 (presum\u00edvel) imunidade de um chefe de Estado<\/td>\n<\/tr>\n<tr>\n<td><strong><a href=\"https:\/\/researchbriefings.files.parliament.uk\/documents\/CBP-8287\/CBP-8287.pdf\" target=\"_blank\" rel=\"noopener\">S\u00edria<\/a> <\/strong>(Ataques a\u00e9reos de 2018 pelos EUA\/Reino Unido\/Fran\u00e7a)<\/td>\n<td>Resposta \u00e0 utiliza\u00e7\u00e3o de armas qu\u00edmicas; dissuas\u00e3o, \u201einterven\u00e7\u00e3o humanit\u00e1ria\u201c \/ prote\u00e7\u00e3o de civis<\/td>\n<td>Sem mandato do Conselho de Seguran\u00e7a das Na\u00e7\u00f5es Unidas; a \u201einterven\u00e7\u00e3o humanit\u00e1ria\u201c \u00e9 muito controversa ao abrigo do direito internacional (n\u00e3o \u00e9 geralmente reconhecida como uma exce\u00e7\u00e3o admiss\u00edvel); por conseguinte, \u00e9 frequentemente criticada como uma viola\u00e7\u00e3o da proibi\u00e7\u00e3o do uso da for\u00e7a<\/td>\n<\/tr>\n<tr>\n<td><strong><a href=\"https:\/\/academic.oup.com\/jcsl\/article-abstract\/18\/1\/59\/812500\" target=\"_blank\" rel=\"noopener\">L\u00edbia<\/a> <\/strong>(2011)<\/td>\n<td>Resolu\u00e7\u00e3o 1973 do Conselho de Seguran\u00e7a das Na\u00e7\u00f5es Unidas: Prote\u00e7\u00e3o da popula\u00e7\u00e3o civil \/ zona de exclus\u00e3o a\u00e9rea (\u201eResponsabilidade de proteger\u201c)<\/td>\n<td>A entrada foi coberta por um mandato da ONU - no entanto, critica-se o facto de partes da gest\u00e3o do apoio\/opera\u00e7\u00e3o terem ultrapassado os limites do mandato (ultrapassagem do mandato, tomada de partido de facto\/ l\u00f3gica de mudan\u00e7a de regime)<\/td>\n<\/tr>\n<tr>\n<td><strong><a href=\"https:\/\/scholarship.law.cornell.edu\/cgi\/viewcontent.cgi?article=1783&amp;context=cilj\" target=\"_blank\" rel=\"noopener\">Paquist\u00e3o<\/a> <\/strong>(Ataques com drones, anos 2000\/2010)<\/td>\n<td>Contra-terrorismo \/ auto-defesa contra actores n\u00e3o estatais<\/td>\n<td>Controverso \u00e0 luz do direito internacional devido \u00e0 viola\u00e7\u00e3o da soberania sem consentimento claro ou base jur\u00eddica transparente; nalguma literatura especializada \u00e9 considerado ilegal (especialmente se o argumento da \u201efalta de vontade ou incapacidade\u201c n\u00e3o for v\u00e1lido)<\/td>\n<\/tr>\n<tr>\n<td><strong><a href=\"https:\/\/www.icj.org\/wp-content\/uploads\/2003\/03\/Iraq-war-of-agression-press-release-2003-eng.pdf\" target=\"_blank\" rel=\"noopener\">Iraque<\/a> <\/strong>(2003)<\/td>\n<td>Aplica\u00e7\u00e3o de anteriores resolu\u00e7\u00f5es da ONU, alegadas armas de destrui\u00e7\u00e3o maci\u00e7a, defesa contra o terrorismo \/ argumentos de seguran\u00e7a<\/td>\n<td>A invas\u00e3o foi considerada ilegal principalmente pelo facto de n\u00e3o ter havido uma nova decis\u00e3o expl\u00edcita do Conselho de Seguran\u00e7a das Na\u00e7\u00f5es Unidas; as justifica\u00e7\u00f5es centrais foram criticadas por serem insustent\u00e1veis \u00e0 luz do direito internacional<\/td>\n<\/tr>\n<tr>\n<td><strong><a href=\"https:\/\/www.icty.org\/en\/press\/final-report-prosecutor-committee-established-review-nato-bombing-campaign-against-federal\" target=\"_blank\" rel=\"noopener\">Rep\u00fablica Federativa da Jugosl\u00e1via \/ S\u00e9rvia<\/a> <\/strong>(Guerra do Kosovo, 1999)<\/td>\n<td>Justifica\u00e7\u00e3o humanit\u00e1ria: Prevenir\/terminar viola\u00e7\u00f5es maci\u00e7as dos direitos humanos, prote\u00e7\u00e3o da popula\u00e7\u00e3o civil<\/td>\n<td>Sem mandato do Conselho de Seguran\u00e7a das Na\u00e7\u00f5es Unidas e sem uma situa\u00e7\u00e3o cl\u00e1ssica de auto-defesa; por conseguinte, muitos peritos em direito internacional consideram que se trata de um uso ilegal da for\u00e7a (\u201eilegal\u201c, por vezes descrito como \u201eilegal mas leg\u00edtimo\u201c)<\/td>\n<\/tr>\n<tr>\n<td><strong><a href=\"https:\/\/en.wikipedia.org\/wiki\/United_States_invasion_of_Panama\" target=\"_blank\" rel=\"noopener\">Panam\u00e1 <\/a><\/strong>(1989)<\/td>\n<td>Prote\u00e7\u00e3o dos cidad\u00e3os americanos, defesa da democracia\/direitos humanos, \u201eguerra contra a droga\u201c, prote\u00e7\u00e3o dos contratos de canal<\/td>\n<td>Amplamente criticada como uma viola\u00e7\u00e3o da proibi\u00e7\u00e3o do uso da for\u00e7a: aus\u00eancia de mandato das Na\u00e7\u00f5es Unidas; as raz\u00f5es invocadas s\u00e3o consideradas insuficientes, \u00e0 luz do direito internacional, para justificar uma invas\u00e3o; foram documentadas condena\u00e7\u00f5es internacionais (incluindo a AG\/OEA da ONU)<\/td>\n<\/tr>\n<tr>\n<td><strong><a href=\"https:\/\/docs.un.org\/en\/A\/RES\/38\/7\" target=\"_blank\" rel=\"noopener\">Granada<\/a> <\/strong>(1983)<\/td>\n<td>Prote\u00e7\u00e3o dos cidad\u00e3os dos EUA (incluindo estudantes), pedido dos parceiros regionais\/representantes do governo, estabiliza\u00e7\u00e3o da situa\u00e7\u00e3o<\/td>\n<td>Aus\u00eancia de mandato do Conselho de Seguran\u00e7a da ONU; viola\u00e7\u00e3o da proibi\u00e7\u00e3o do uso da for\u00e7a\/soberania territorial - A Assembleia Geral da ONU condenou a interven\u00e7\u00e3o como uma \u201eviola\u00e7\u00e3o flagrante\u201c do direito internacional<\/td>\n<\/tr>\n<\/tbody>\n<\/table>\n<\/div>\n<h3>Porque \u00e9 que esta lista cont\u00e9m apenas alguns exemplos<\/h3>\n<p>Quem se debru\u00e7ar seriamente sobre as opera\u00e7\u00f5es dos Estados ocidentais desde a Segunda Guerra Mundial que violam o direito internacional ou s\u00e3o controversas \u00e0 luz do direito internacional depara-se rapidamente com um problema pr\u00e1tico: o n\u00famero \u00e9 elevado - e muito vari\u00e1vel. Dependendo da defini\u00e7\u00e3o, do per\u00edodo de tempo e da delimita\u00e7\u00e3o, n\u00e3o estamos a falar de uma d\u00fazia de casos, mas de v\u00e1rias d\u00fazias, por vezes mesmo muito mais de uma centena de interven\u00e7\u00f5es militares, opera\u00e7\u00f5es secretas, ataques a\u00e9reos ou presen\u00e7a militar permanente em territ\u00f3rio estrangeiro.<\/p>\n<p>Al\u00e9m disso, h\u00e1 miss\u00f5es que come\u00e7aram formalmente com mandatos, mas que mais tarde foram legalmente ultrapassados, bem como conflitos como as ac\u00e7\u00f5es militares de Israel na Faixa de Gaza (Gaza\/Israel), em que a avalia\u00e7\u00e3o \u00e0 luz do direito internacional \u00e9 altamente controversa e difere consoante o aspeto.<\/p>\n<p>\u00c9 precisamente este o ponto crucial: o direito internacional n\u00e3o \u00e9 um simples r\u00f3tulo. Raramente se pode responder \u201elegal\u201c ou \u201eilegal\u201c de uma forma generalizada. Algumas opera\u00e7\u00f5es s\u00e3o claramente levadas a cabo sem um mandato da ONU, outras baseiam-se na auto-defesa, outras em raz\u00f5es humanit\u00e1rias ou em resolu\u00e7\u00f5es anteriores. Algumas s\u00e3o classificadas como ilegais pela maioria dos peritos em direito internacional, outras situam-se em zonas cinzentas que s\u00e3o objeto de controv\u00e9rsia mesmo entre os peritos. Um quadro global completo esbateria inevitavelmente estas diferen\u00e7as, criando assim confus\u00e3o em vez de clareza.<\/p>\n<p>A sele\u00e7\u00e3o aqui apresentada \u00e9, portanto, deliberadamente limitada. N\u00e3o pretende ser acusat\u00f3ria, mas real\u00e7ar um padr\u00e3o: que as regras t\u00eam sido repetidamente esticadas, contornadas ou seletivamente aplicadas na pr\u00e1tica - mesmo pelos Estados que se consideram guardi\u00e3es da ordem internacional. Qualquer pessoa que reconhe\u00e7a este padr\u00e3o compreender\u00e1 melhor porque \u00e9 que termos como \u201eordem mundial baseada em regras\u201c s\u00e3o usados t\u00e3o frequentemente hoje em dia - e porque \u00e9 t\u00e3o importante question\u00e1-los criticamente.<\/p>\n<h3>Do direito internacional \u00e0 l\u00f3gica da escalada: o caso da tens\u00e3o<\/h3>\n<p><a href=\"https:\/\/www.markus-schall.de\/pt\/2025\/10\/o-que-significa-a-queda-de-tensao-na-alemanha-e-que-consequencias-concretas-teria\/\"><img loading=\"lazy\" decoding=\"async\" class=\"alignright wp-image-3002 size-medium\" src=\"https:\/\/www.markus-schall.de\/wp-content\/uploads\/Spannungsfall-Deutschland-2025-300x200.jpg\" alt=\"Estojo de tens\u00e3o-Alemanha-2025\" width=\"300\" height=\"200\" srcset=\"https:\/\/www.markus-schall.de\/wp-content\/uploads\/Spannungsfall-Deutschland-2025-300x200.jpg 300w, https:\/\/www.markus-schall.de\/wp-content\/uploads\/Spannungsfall-Deutschland-2025-768x512.jpg 768w, https:\/\/www.markus-schall.de\/wp-content\/uploads\/Spannungsfall-Deutschland-2025-18x12.jpg 18w, https:\/\/www.markus-schall.de\/wp-content\/uploads\/Spannungsfall-Deutschland-2025.jpg 1024w\" sizes=\"auto, (max-width: 300px) 100vw, 300px\" \/><\/a>Se quisermos compreender a rapidez com que uma ordem supostamente est\u00e1vel pode ruir, temos de nos familiarizar com o chamado <a href=\"https:\/\/www.markus-schall.de\/pt\/2025\/10\/o-que-significa-a-queda-de-tensao-na-alemanha-e-que-consequencias-concretas-teria\/\"><strong>Queda de tens\u00e3o<\/strong><\/a> lidar com ela. Descreve a zona de transi\u00e7\u00e3o entre a paz e a guerra aberta - juridicamente pouco n\u00edtida, politicamente muito perigosa. Nesta zona cinzenta, as regras s\u00e3o alargadas, as responsabilidades s\u00e3o transferidas e s\u00e3o preparadas medidas militares, muitas vezes sem uma declara\u00e7\u00e3o formal de guerra.<\/p>\n<p>Este caso de tens\u00e3o mostra como uma ordem mundial baseada em regras pode ser fr\u00e1gil na pr\u00e1tica quando os interesses de poder, a l\u00f3gica de seguran\u00e7a e as narrativas pol\u00edticas se conjugam. Uma categoriza\u00e7\u00e3o mais pormenorizada pode ser encontrada no artigo que se segue.<\/p>\n<hr \/>\n<h3>Inqu\u00e9rito atual sobre um poss\u00edvel caso de tens\u00e3o na Alemanha<\/h3>\n<div class='bootstrap-yop yop-poll-mc'>\n\t\t\t\t\t\t\t<div class=\"basic-yop-poll-container\" style=\"background-color:#ffffff; border:0px; border-style:solid; border-color:#000000; border-radius:5px; padding:0px 5px;\" data-id=\"6\" data-temp=\"basic-pretty\" data-skin=\"square\" data-cscheme=\"blue\" data-cap=\"0\" data-access=\"guest\" data-tid=\"\" data-uid=\"f24076624b55b23123f8a607771ab9b9\" data-pid=\"2736\" data-resdet=\"votes-number,percentages\" data-show-results-to=\"guest\" data-show-results-moment=\"after-vote\" data-show-results-only=\"false\" data-show-message=\"true\" data-show-results-as=\"bar\" data-sort-results-by=\"as-defined\" data-sort-results-rule=\"asc\"data-is-ended=\"0\" data-percentages-decimals=\"2\" data-gdpr=\"no\" data-gdpr-sol=\"consent\" data-css=\".basic-yop-poll-container[data-uid] .basic-vote {\t\t\t\t\t\t\t\t\ttext-align: center;\t\t\t\t\t\t\t\t}\" data-counter=\"0\" data-load-with=\"1\" data-notification-section=\"top\"><div class=\"row\"><div class=\"col-md-12\"><div class=\"basic-inner\"><div class=\"basic-message hide\" style=\"border-left: 10px solid #008000; padding: 0px 10px;\" data-error=\"#ff0000\" data-success=\"#008000\"><p class=\"basic-message-text\" style=\"color:#000000; font-size:14px; font-weight:normal;\"><\/p><\/div><div class=\"basic-overlay hide\"><div class=\"basic-vote-options\"><\/div><div class=\"basic-preloader\"><div class=\"basic-windows8\"><div class=\"basic-wBall basic-wBall_1\"><div class=\"basic-wInnerBall\"><\/div><\/div><div class=\"basic-wBall basic-wBall_2\"><div class=\"basic-wInnerBall\"><\/div><\/div><div class=\"basic-wBall basic-wBall_3\"><div class=\"basic-wInnerBall\"><\/div><\/div><div class=\"basic-wBall basic-wBall_4\"><div class=\"basic-wInnerBall\"><\/div><\/div><div class=\"basic-wBall basic-wBall_5\"><div class=\"basic-wInnerBall\"><\/div><\/div><\/div><\/div><\/div><form class=\"basic-form\" action=\"\"><input type=\"hidden\" name=\"_token\" value=\"8af77bfe6b\" autocomplete=\"off\"><div class=\"basic-elements\"><div class=\"basic-element basic-question basic-question-text-vertical\" data-id=\"6\" data-uid=\"20f3463644b63821fdc69a958c1c34dd\" data-type=\"question\" data-question-type=\"text\" data-required=\"yes\" data-allow-multiple=\"no\" data-min=\"1\" data-max=\"7\" data-display=\"vertical\" data-colnum=\"\" data-display-others=\"no\" data-others-color=\"\" data-others=\"\" data-others-max-chars=\"0\"><div class=\"basic-question-title\"><h5 style=\"color:#000000; font-size:16px; font-weight:normal; text-align:left;\">Em que medida se sente pessoalmente preparado para um eventual caso de tens\u00e3o (por exemplo, crise ou guerra)?<\/h5><\/div><ul class=\"basic-answers\"><li class=\"basic-answer\" style=\"padding:0px 0px;\" data-id=\"24\" data-type=\"text\" data-vn=\"19\" data-color=\"#000000\" data-make-link=\"no\" data-link=\"\"><div class=\"basic-answer-content basic-text-vertical\"><label for=\"answer[24]\" class=\"basic-answer-label\"><input type=\"radio\" id=\"answer[24]\" name=\"answer[6]\" value=\"24\"><span class=\"basic-text\" style=\"color: #000000; font-size: 14px; font-weight: normal;\">Muito bom - tenho material, conhecimentos e um plano<\/span><\/label><\/div><\/li><li class=\"basic-answer\" style=\"padding:0px 0px;\" data-id=\"25\" data-type=\"text\" data-vn=\"36\" data-color=\"#000000\" data-make-link=\"no\" data-link=\"\"><div class=\"basic-answer-content basic-text-vertical\"><label for=\"answer[25]\" class=\"basic-answer-label\"><input type=\"radio\" id=\"answer[25]\" name=\"answer[6]\" value=\"25\"><span class=\"basic-text\" style=\"color: #000000; font-size: 14px; font-weight: normal;\">Muito bom - pensei um pouco no assunto<\/span><\/label><\/div><\/li><li class=\"basic-answer\" style=\"padding:0px 0px;\" data-id=\"26\" data-type=\"text\" data-vn=\"59\" data-color=\"#000000\" data-make-link=\"no\" data-link=\"\"><div class=\"basic-answer-content basic-text-vertical\"><label for=\"answer[26]\" class=\"basic-answer-label\"><input type=\"radio\" id=\"answer[26]\" name=\"answer[6]\" value=\"26\"><span class=\"basic-text\" style=\"color: #000000; font-size: 14px; font-weight: normal;\">Dificilmente - s\u00f3 espero que n\u00e3o aconte\u00e7a nada<\/span><\/label><\/div><\/li><li class=\"basic-answer\" style=\"padding:0px 0px;\" data-id=\"27\" data-type=\"text\" data-vn=\"13\" data-color=\"#000000\" data-make-link=\"no\" data-link=\"\"><div class=\"basic-answer-content basic-text-vertical\"><label for=\"answer[27]\" class=\"basic-answer-label\"><input type=\"radio\" id=\"answer[27]\" name=\"answer[6]\" value=\"27\"><span class=\"basic-text\" style=\"color: #000000; font-size: 14px; font-weight: normal;\">De modo algum - eu suprimo deliberadamente o tema<\/span><\/label><\/div><\/li><li class=\"basic-answer\" style=\"padding:0px 0px;\" data-id=\"28\" data-type=\"text\" data-vn=\"16\" data-color=\"#000000\" data-make-link=\"no\" data-link=\"\"><div class=\"basic-answer-content basic-text-vertical\"><label for=\"answer[28]\" class=\"basic-answer-label\"><input type=\"radio\" id=\"answer[28]\" name=\"answer[6]\" value=\"28\"><span class=\"basic-text\" style=\"color: #000000; font-size: 14px; font-weight: normal;\">Afinal, o que \u00e9 uma \"queda de tens\u00e3o\"?<\/span><\/label><\/div><\/li><\/ul><\/div><div class=\"clearfix\"><\/div><\/div><div class=\"basic-vote\"><a href=\"#\" class=\"button basic-vote-button\" role=\"button\" style=\"background:#027bb8; border:0px; border-style: solid; border-color:#000000; border-radius:5px; padding:10px 10px; color:#ffffff; font-size:14px; font-weight:normal;\">Vota\u00e7\u00e3o<\/a><\/div><input type=\"hidden\" name=\"trp-form-language\" value=\"pt\"\/><\/form><\/div><\/div><\/div><\/div>\n\t\t\t\t\t\t<\/div>\n<hr \/>\n<h2>O que \u00e9 que isso significa para o futuro? - Ser\u00e1 que ainda vivemos numa ordem?<\/h2>\n<p>As grandes mudan\u00e7as raramente s\u00e3o reconhecidas pelo facto de algo desaparecer subitamente. Normalmente, os conceitos permanecem os mesmos, os rituais tamb\u00e9m, por vezes at\u00e9 as institui\u00e7\u00f5es. O que muda \u00e9 o conte\u00fado interno. \u00c9 exatamente isso que parece estar a acontecer com a ordem internacional neste momento. Continua-se a falar de regras, de direito, de responsabilidade - mas cada vez mais parece que estes termos j\u00e1 n\u00e3o t\u00eam o significado que tinham.<\/p>\n<p>N\u00e3o se trata de uma tese dram\u00e1tica, mas de uma constata\u00e7\u00e3o. N\u00e3o h\u00e1 uma rutura clara, n\u00e3o h\u00e1 um afastamento oficial do direito internacional. Em vez disso, estamos a assistir a uma mudan\u00e7a gradual: dos procedimentos vinculativos para as justifica\u00e7\u00f5es flex\u00edveis. De mandatos claros para narrativas pol\u00edticas. E \u00e9 precisamente porque este processo est\u00e1 a ocorrer de forma t\u00e3o silenciosa que \u00e9 t\u00e3o dif\u00edcil de apreender.<\/p>\n<h3>Estamos a viver novamente numa estrutura de poder?<\/h3>\n<p>Coloca-se uma quest\u00e3o inc\u00f3moda: Ser\u00e1 que, de facto, j\u00e1 nos aproxim\u00e1mos de uma ordem em que o poder \u00e9 mais decisivo do que o direito? N\u00e3o abertamente, n\u00e3o oficialmente, mas na pr\u00e1tica?<\/p>\n<p>Numa estrutura de poder cl\u00e1ssica, o que conta n\u00e3o \u00e9 o que foi acordado, mas o que \u00e9 exequ\u00edvel. Nesse caso, as regras existem apenas como recomenda\u00e7\u00f5es ou como ajuda \u00e0 argumenta\u00e7\u00e3o. Aqueles que s\u00e3o suficientemente fortes podem estic\u00e1-las ou ignor\u00e1-las. Aqueles que s\u00e3o fracos s\u00e3o lembrados delas. Historicamente, esta n\u00e3o \u00e9 uma situa\u00e7\u00e3o excecional, mas sim o caso normal - com todas as consequ\u00eancias conhecidas.<\/p>\n<p>O verdadeiro progresso do direito internacional consistiu em, pelo menos, conter este caso normal. N\u00e3o para o abolir, mas para o domesticar. Se a base para esta conten\u00e7\u00e3o for agora retirada, o caos n\u00e3o regressar\u00e1 automaticamente. Primeiro regressa outra coisa: a incerteza.<\/p>\n<h3>A consequ\u00eancia paradoxal das regras selectivas<\/h3>\n<p>O que se segue \u00e9 particularmente paradoxal: Quanto mais frequentemente as regras s\u00e3o aplicadas de forma selectiva, menos podem estabilizar. Quem s\u00f3 permite que as regras sejam aplicadas quando conv\u00e9m aos seus pr\u00f3prios interesses est\u00e1 a destruir precisamente aquilo que as regras devem alcan\u00e7ar - a fiabilidade.<\/p>\n<p>Isto cria um dilema para os outros pa\u00edses. Se aderirem estritamente \u00e0s regras, arriscam-se a ser explorados. Se se adaptarem \u00e0 nova flexibilidade, eles pr\u00f3prios contribuem para a eros\u00e3o da ordem. Ambas s\u00e3o racionais - e ambas s\u00e3o problem\u00e1ticas a longo prazo. Isto cria uma din\u00e2mica em que a desconfian\u00e7a se torna uma atitude razo\u00e1vel.<\/p>\n<h3>A ordem prospera com a auto-limita\u00e7\u00e3o<\/h3>\n<p>Um aspeto que \u00e9 frequentemente subestimado \u00e9 que a ordem n\u00e3o se cria controlando os outros, mas limitando-nos a n\u00f3s pr\u00f3prios. Isto aplica-se tanto em pequena como em grande escala. Os Estados que est\u00e3o dispostos a respeitar as regras, mesmo quando estas s\u00e3o inconvenientes, criam confian\u00e7a, mesmo entre os advers\u00e1rios.<\/p>\n<p>Esta auto-limita\u00e7\u00e3o foi sempre o n\u00facleo de uma ordem baseada em regras. Nunca foi perfeita, nunca foi completamente justa, mas tinha uma dire\u00e7\u00e3o clara. Se esta vontade se desvanece, tudo o que resta no final \u00e9 a lei da selva - mesmo que continue a ser revestida pela linguagem das regras.<\/p>\n<h3>O papel do p\u00fablico: levar os termos a s\u00e9rio<\/h3>\n<p>H\u00e1 um outro aspeto que \u00e9 frequentemente ignorado: O p\u00fablico e os media tamb\u00e9m desempenham um papel. Quando termos como \u201eordem mundial baseada em regras\u201c s\u00e3o adoptados sem cr\u00edticas e sem se questionar sobre o seu significado concreto, a imprecis\u00e3o \u00e9 normalizada. Quanto menor for a indaga\u00e7\u00e3o, mais f\u00e1cil ser\u00e1 enquadrar as decis\u00f5es pol\u00edticas em termos morais, em vez de as justificar em termos jur\u00eddicos.<\/p>\n<p>Mas fazer perguntas seria um sinal de maturidade: que norma? Que base jur\u00eddica? Que mandato? E quais s\u00e3o as consequ\u00eancias se outros Estados agirem da mesma forma? Estas perguntas n\u00e3o s\u00e3o desleais, s\u00e3o necess\u00e1rias. Porque uma ordem que j\u00e1 n\u00e3o pode ser explicada n\u00e3o \u00e9 uma ordem, mas uma reivindica\u00e7\u00e3o.<\/p>\n<p>Este artigo n\u00e3o termina, portanto, com uma conclus\u00e3o no sentido tradicional. Seria demasiado f\u00e1cil formular acusa\u00e7\u00f5es claras ou oferecer solu\u00e7\u00f5es r\u00e1pidas. A situa\u00e7\u00e3o \u00e9 mais complexa - e, por conseguinte, grave.<\/p>\n<p>Talvez j\u00e1 n\u00e3o vivamos numa ordem mundial claramente vinculada a regras. Mas talvez tamb\u00e9m ainda n\u00e3o estejamos completamente numa ordem de poder puro. Estamos provavelmente algures no meio - numa fase de transi\u00e7\u00e3o em que as velhas regras ainda s\u00e3o invocadas, mas s\u00e3o cada vez menos praticadas de forma vinculativa.<\/p>\n<p>A quest\u00e3o crucial n\u00e3o \u00e9 o nome que se d\u00e1 a esta fase. A quest\u00e3o crucial \u00e9 se a reconhecemos de todo. Porque s\u00f3 aqueles que reconhecem que as regras est\u00e3o a ser corro\u00eddas podem tomar a decis\u00e3o consciente de voltar a lev\u00e1-las a s\u00e9rio - ou de dizer abertamente que j\u00e1 n\u00e3o as querem.<\/p>\n<p>Ambas seriam mais honestas do que a situa\u00e7\u00e3o atual. Porque uma ordem que \u00e9 apenas afirmada mas que j\u00e1 n\u00e3o \u00e9 vinculativa n\u00e3o \u00e9 uma base est\u00e1vel para um futuro comum. \u00c9 uma promessa sem responsabilidade.<\/p>\n<p>E \u00e9 precisamente isso que nos deve fazer pensar - independentemente das nossas simpatias pol\u00edticas.<\/p>\n<h3>Quando as regras se tornam morais - e as morais se tornam exclus\u00e3o<\/h3>\n<p><a href=\"https:\/\/www.markus-schall.de\/pt\/2026\/02\/cultura-do-cancelamento-no-ocidente-desporto-universidades-sancoes-militares-e-da-ue-analisadas\/\"><img loading=\"lazy\" decoding=\"async\" class=\"alignright wp-image-5021 size-medium\" src=\"https:\/\/www.markus-schall.de\/wp-content\/uploads\/Cancel-Culture-Westen-300x200.jpg\" alt=\"Cancelar a cultura no Ocidente\" width=\"300\" height=\"200\" srcset=\"https:\/\/www.markus-schall.de\/wp-content\/uploads\/Cancel-Culture-Westen-300x200.jpg 300w, https:\/\/www.markus-schall.de\/wp-content\/uploads\/Cancel-Culture-Westen-768x512.jpg 768w, https:\/\/www.markus-schall.de\/wp-content\/uploads\/Cancel-Culture-Westen-18x12.jpg 18w, https:\/\/www.markus-schall.de\/wp-content\/uploads\/Cancel-Culture-Westen.jpg 1024w\" sizes=\"auto, (max-width: 300px) 100vw, 300px\" \/><\/a>O artigo <a href=\"https:\/\/www.markus-schall.de\/pt\/2026\/02\/cultura-do-cancelamento-no-ocidente-desporto-universidades-sancoes-militares-e-da-ue-analisadas\/\"><em><strong>\u201eCancelar a cultura no Ocidente\u201c<\/strong><\/em><\/a> expande a an\u00e1lise da ordem mundial baseada em regras para incluir uma perspetiva pol\u00edtica interna. Embora o contexto geopol\u00edtico seja frequentemente caracterizado por normas, san\u00e7\u00f5es e regras internacionais, este editorial mostra como mecanismos semelhantes tamb\u00e9m funcionam nas sociedades ocidentais. As proibi\u00e7\u00f5es desportivas, os debates universit\u00e1rios, as mudan\u00e7as de pessoal militar e as listas de san\u00e7\u00f5es da UE n\u00e3o s\u00e3o vistas isoladamente, mas antes categorizadas como express\u00e3o de din\u00e2micas estruturais. A t\u00f3nica \u00e9 colocada menos na indigna\u00e7\u00e3o e mais na quest\u00e3o de saber como a compress\u00e3o moral e a l\u00f3gica da reputa\u00e7\u00e3o alteram os espa\u00e7os de debate. Qualquer pessoa que queira compreender como os princ\u00edpios da pol\u00edtica externa se reflectem no discurso social encontrar\u00e1 aqui uma an\u00e1lise sistem\u00e1tica e diferenciada.<\/p>\n<h3>Carta aberta do Prof. Jeffrey Sachs ao Chanceler Federal Friedrich Merz<\/h3>\n<p>No debate sobre uma nova ordem mundial, est\u00e1 a tornar-se cada vez mais claro que a seguran\u00e7a e o Estado de direito n\u00e3o podem ser considerados separadamente.<\/p>\n<p>O economista norte-americano Jeffrey Sachs afirma num <a href=\"https:\/\/www.markus-schall.de\/pt\/2025\/12\/jeffrey-sachs-alerta-a-alemanha-para-a-necessidade-de-repensar-a-seguranca-da-europa\/\"><strong>carta aberta ao Chanceler Federal Friedrich Merz<\/strong><\/a> honestidade hist\u00f3rica e previs\u00e3o diplom\u00e1tica em vez de uma l\u00f3gica de escalada unilateral, porque uma arquitetura de seguran\u00e7a que ignora os interesses leg\u00edtimos dos outros destr\u00f3i a confian\u00e7a e a paz a longo prazo. Sachs adverte contra a normaliza\u00e7\u00e3o de medidas que minam as normas jur\u00eddicas internacionais e p\u00f5em em causa o papel da Europa como for\u00e7a da ordem. Aceitar viola\u00e7\u00f5es da lei e espirais de escalada n\u00e3o s\u00f3 p\u00f5e em risco a estabilidade, mas tamb\u00e9m a base da ordem internacional baseada em regras - um ponto que \u00e9 frequentemente negligenciado nos debates estrat\u00e9gicos actuais.<\/p>\n<hr \/>\n\n\t\t\t<div class=\"display-post-types\">\n\n\t\t\t\t\t\t\t<style type=\"text\/css\">\n\t\t\t#dpt-wrapper-797 { --dpt-text-align: left;--dpt-image-crop: center;--dpt-border-radius: 5px;--dpt-h-gutter: 10px;--dpt-v-gutter: 9px; }\t\t\t<\/style>\n\t\t\t<style type=\"text\/css\">#dpt-wrapper-797 { --dpt-title-font-style:normal;--dpt-title-font-weight:600;--dpt-title-line-height:1.5;--dpt-title-text-decoration:none;--dpt-title-text-transform:none;--dpt-excerpt-font-style:normal;--dpt-excerpt-font-weight:400;--dpt-excerpt-line-height:1.5;--dpt-excerpt-text-decoration:none;--dpt-excerpt-text-transform:none;--dpt-meta1-font-style:normal;--dpt-meta1-font-weight:400;--dpt-meta1-line-height:1.9;--dpt-meta1-text-decoration:none;--dpt-meta1-text-transform:none;--dpt-meta2-font-style:normal;--dpt-meta2-font-weight:400;--dpt-meta2-line-height:1.9;--dpt-meta2-text-decoration:none;--dpt-meta2-text-transform:none; }<\/style><div class=\"dpt-main-header\">\n\t\t\t\t\t\t<div class=\"dpt-main-title\">\n\t\t\t\t\t\t\t<span class=\"dpt-main-title-text\">Artigos actuais sobre arte e cultura<\/span>\n\t\t\t\t\t\t<\/div>\n\t\t\t\t\t\t\n\t\t\t\t\t\t\n\t\t\t\t\t\t\n\t\t\t\t\t\t<\/div>\t\t\t\n\t\t\t\t<div id=\"dpt-wrapper-797\" class=\"dpt-wrapper dpt-mag1 land1 dpt-cropped dpt-flex-wrap\" >\n\n\t\t\t\t\t\t\t\t\t\t\t<div class=\"dpt-entry has-thumbnail\" data-title=\"helge schneider: haltung, humor und die freiheit, sich nicht erkl\u00e4ren zu m\u00fcssen\" data-id=\"4756\"  data-category=\"allgemein gesellschaft kunst &amp; kultur\" data-post_tag=\"deutschland erfahrungen meinungsfreiheit musik portrait\">\n\t\t\t\t\t\t\t<div class=\"dpt-entry-wrapper\"><div class=\"dpt-featured-content\"><div class=\"dpt-permalink\"><a href=\"https:\/\/www.markus-schall.de\/pt\/2026\/02\/helge-schneider-atitude-o-humor-e-a-liberdade-de-nao-ter-de-se-explicar\/\" class=\"dpt-permalink\"><span class=\"screen-reader-text\">Helge Schneider: Atitude, humor e a liberdade de n\u00e3o ter de se explicar<\/span><\/a><\/div><div class=\"dpt-thumbnail\"><div class=\"dpt-thumbnail-inner\"><img width=\"1024\" height=\"683\" class=\"attachment-full size-full\" alt=\"Retrato de Helge Schneider\" context=\"dpt\" data-dpt-src=\"https:\/\/www.markus-schall.de\/wp-content\/uploads\/Helge-Schneider.jpg\" data-dpt-sizes=\"(max-width: 1024px) 100vw, 1024px\" data-dpt-srcset=\"https:\/\/www.markus-schall.de\/wp-content\/uploads\/Helge-Schneider.jpg 1024w, https:\/\/www.markus-schall.de\/wp-content\/uploads\/Helge-Schneider-300x200.jpg 300w, https:\/\/www.markus-schall.de\/wp-content\/uploads\/Helge-Schneider-768x512.jpg 768w, https:\/\/www.markus-schall.de\/wp-content\/uploads\/Helge-Schneider-18x12.jpg 18w\" \/><\/div><span class=\"dpt-thumbnail-aspect-ratio\" style=\"padding-top: 75%\"><\/span><\/div><\/div><div class=\"sub-entry\"><h3 class=\"dpt-title\"><a class=\"dpt-title-link\" href=\"https:\/\/www.markus-schall.de\/pt\/2026\/02\/helge-schneider-atitude-o-humor-e-a-liberdade-de-nao-ter-de-se-explicar\/\" rel=\"bookmark\">Helge Schneider: Atitude, humor e a liberdade de n\u00e3o ter de se explicar<\/a><\/h3><\/div><\/div>\n\t\t\t\t\t\t<\/div><!-- .dpt-entry -->\n\t\t\t\t\t\t\t\t\t\t\t\t<div class=\"dpt-entry has-thumbnail\" data-title=\"ulrike gu\u00e9rot: eine europ\u00e4erin zwischen idee, universit\u00e4t und \u00f6ffentlichem diskurs\" data-id=\"4039\"  data-category=\"allgemein gesellschaft kunst &amp; kultur\" data-post_tag=\"denkmodelle deutschland europa geopolitik krisen meinungsfreiheit portrait sicherheitspolitik spieltheorie\">\n\t\t\t\t\t\t\t<div class=\"dpt-entry-wrapper\"><div class=\"dpt-featured-content\"><div class=\"dpt-permalink\"><a href=\"https:\/\/www.markus-schall.de\/pt\/2025\/12\/ulrike-guerot-um-europeu-entre-a-ideia-de-universidade-e-o-discurso-publico\/\" class=\"dpt-permalink\"><span class=\"screen-reader-text\">Ulrike Gu\u00e9rot: Uma europeia entre a ideia, a universidade e o discurso p\u00fablico<\/span><\/a><\/div><div class=\"dpt-thumbnail\"><div class=\"dpt-thumbnail-inner\"><img width=\"1024\" height=\"683\" class=\"attachment-full size-full\" alt=\"Ulrike Gu\u00e9rot e a Europa\" context=\"dpt\" data-dpt-src=\"https:\/\/www.markus-schall.de\/wp-content\/uploads\/ulrike-guerot-portrait.jpg\" data-dpt-sizes=\"(max-width: 1024px) 100vw, 1024px\" data-dpt-srcset=\"https:\/\/www.markus-schall.de\/wp-content\/uploads\/ulrike-guerot-portrait.jpg 1024w, https:\/\/www.markus-schall.de\/wp-content\/uploads\/ulrike-guerot-portrait-300x200.jpg 300w, https:\/\/www.markus-schall.de\/wp-content\/uploads\/ulrike-guerot-portrait-768x512.jpg 768w, https:\/\/www.markus-schall.de\/wp-content\/uploads\/ulrike-guerot-portrait-18x12.jpg 18w\" \/><\/div><span class=\"dpt-thumbnail-aspect-ratio\" style=\"padding-top: 75%\"><\/span><\/div><\/div><div class=\"sub-entry\"><h3 class=\"dpt-title\"><a class=\"dpt-title-link\" href=\"https:\/\/www.markus-schall.de\/pt\/2025\/12\/ulrike-guerot-um-europeu-entre-a-ideia-de-universidade-e-o-discurso-publico\/\" rel=\"bookmark\">Ulrike Gu\u00e9rot: Uma europeia entre a ideia, a universidade e o discurso p\u00fablico<\/a><\/h3><\/div><\/div>\n\t\t\t\t\t\t<\/div><!-- .dpt-entry -->\n\t\t\t\t\t\t\t\t\t\t\t\t<div class=\"dpt-entry has-thumbnail\" data-title=\"iran verstehen: alltag, proteste und interessen jenseits der schlagzeilen\" data-id=\"4462\"  data-category=\"allgemein gesellschaft kunst &amp; kultur\" data-post_tag=\"erfahrungen europa geopolitik krisen meinungsfreiheit sicherheitspolitik spieltheorie\">\n\t\t\t\t\t\t\t<div class=\"dpt-entry-wrapper\"><div class=\"dpt-featured-content\"><div class=\"dpt-permalink\"><a href=\"https:\/\/www.markus-schall.de\/pt\/2026\/01\/compreender-o-quotidiano-do-ira-protestos-e-interesses-para-alem-dos-titulos-dos-jornais\/\" class=\"dpt-permalink\"><span class=\"screen-reader-text\">Compreender o Ir\u00e3o: A vida quotidiana, os protestos e os interesses para al\u00e9m dos t\u00edtulos dos jornais<\/span><\/a><\/div><div class=\"dpt-thumbnail\"><div class=\"dpt-thumbnail-inner\"><img width=\"1024\" height=\"683\" class=\"attachment-full size-full\" alt=\"Compreender o Ir\u00e3o\" context=\"dpt\" data-dpt-src=\"https:\/\/www.markus-schall.de\/wp-content\/uploads\/Iran-Titel.jpg\" data-dpt-sizes=\"(max-width: 1024px) 100vw, 1024px\" data-dpt-srcset=\"https:\/\/www.markus-schall.de\/wp-content\/uploads\/Iran-Titel.jpg 1024w, https:\/\/www.markus-schall.de\/wp-content\/uploads\/Iran-Titel-300x200.jpg 300w, https:\/\/www.markus-schall.de\/wp-content\/uploads\/Iran-Titel-768x512.jpg 768w, https:\/\/www.markus-schall.de\/wp-content\/uploads\/Iran-Titel-18x12.jpg 18w\" \/><\/div><span class=\"dpt-thumbnail-aspect-ratio\" style=\"padding-top: 75%\"><\/span><\/div><\/div><div class=\"sub-entry\"><h3 class=\"dpt-title\"><a class=\"dpt-title-link\" href=\"https:\/\/www.markus-schall.de\/pt\/2026\/01\/compreender-o-quotidiano-do-ira-protestos-e-interesses-para-alem-dos-titulos-dos-jornais\/\" rel=\"bookmark\">Compreender o Ir\u00e3o: A vida quotidiana, os protestos e os interesses para al\u00e9m dos t\u00edtulos dos jornais<\/a><\/h3><\/div><\/div>\n\t\t\t\t\t\t<\/div><!-- .dpt-entry -->\n\t\t\t\t\t\t\t\t\t\t\t\t<div class=\"dpt-entry has-thumbnail\" data-title=\"reichweite ist kein eigentum \u2013 warum sichtbarkeit heute nicht mehr ausreicht\" data-id=\"3994\"  data-category=\"allgemein featured filemaker &amp; erp gesellschaft kunst &amp; kultur\" data-post_tag=\"datenlogik datenschutz denkmodelle digitales eigentum erp-software\">\n\t\t\t\t\t\t\t<div class=\"dpt-entry-wrapper\"><div class=\"dpt-featured-content\"><div class=\"dpt-permalink\"><a href=\"https:\/\/www.markus-schall.de\/pt\/2025\/12\/alcance-nao-e-propriedade-porque-e-que-a-visibilidade-ja-nao-e-suficiente-hoje-em-dia\/\" class=\"dpt-permalink\"><span class=\"screen-reader-text\">Alcance n\u00e3o \u00e9 propriedade - Porque \u00e9 que a visibilidade j\u00e1 n\u00e3o \u00e9 suficiente hoje em dia<\/span><\/a><\/div><div class=\"dpt-thumbnail\"><div class=\"dpt-thumbnail-inner\"><img width=\"1024\" height=\"683\" class=\"attachment-full size-full\" alt=\"Alcance vs. propriedade\" context=\"dpt\" data-dpt-src=\"https:\/\/www.markus-schall.de\/wp-content\/uploads\/reichweite-vs-eigentum.jpg\" data-dpt-sizes=\"(max-width: 1024px) 100vw, 1024px\" data-dpt-srcset=\"https:\/\/www.markus-schall.de\/wp-content\/uploads\/reichweite-vs-eigentum.jpg 1024w, https:\/\/www.markus-schall.de\/wp-content\/uploads\/reichweite-vs-eigentum-300x200.jpg 300w, https:\/\/www.markus-schall.de\/wp-content\/uploads\/reichweite-vs-eigentum-768x512.jpg 768w, https:\/\/www.markus-schall.de\/wp-content\/uploads\/reichweite-vs-eigentum-18x12.jpg 18w\" \/><\/div><span class=\"dpt-thumbnail-aspect-ratio\" style=\"padding-top: 75%\"><\/span><\/div><\/div><div class=\"sub-entry\"><h3 class=\"dpt-title\"><a class=\"dpt-title-link\" href=\"https:\/\/www.markus-schall.de\/pt\/2025\/12\/alcance-nao-e-propriedade-porque-e-que-a-visibilidade-ja-nao-e-suficiente-hoje-em-dia\/\" rel=\"bookmark\">Alcance n\u00e3o \u00e9 propriedade - Porque \u00e9 que a visibilidade j\u00e1 n\u00e3o \u00e9 suficiente hoje em dia<\/a><\/h3><\/div><\/div>\n\t\t\t\t\t\t<\/div><!-- .dpt-entry -->\n\t\t\t\t\t\t\n\t\t\t\t<\/div>\n\t\t\t\t\t\t<\/div>\n\t\t\t\n<hr \/>\n<h2>Perguntas mais frequentes<\/h2>\n<ol>\n<li><strong>Qual \u00e9 a diferen\u00e7a entre o direito internacional e uma \u201eordem mundial baseada em regras\u201c?<\/strong><br \/>\nO direito internacional \u00e9 um sistema de tratados, conven\u00e7\u00f5es e princ\u00edpios reconhecidos, historicamente desenvolvido e legalmente estabelecido, baseado no consentimento formal dos Estados. Uma \u201eordem mundial baseada em regras\u201c, por outro lado, n\u00e3o \u00e9 um conceito jur\u00eddico claramente definido, mas um termo pol\u00edtico. \u00c9 frequentemente utilizado para descrever uma ordem desejada sem especificar exatamente quais as fontes jur\u00eddicas concretas ou os tratados a que se refere. \u00c9 precisamente este car\u00e1cter vago que o torna problem\u00e1tico.<\/li>\n<li><strong>Porque \u00e9 que no passado se falava menos de uma ordem mundial baseada em regras?<\/strong><br \/>\nPorque havia uma maior concentra\u00e7\u00e3o em bases jur\u00eddicas concretas. Tradicionalmente, a pol\u00edtica internacional argumentava com tratados, resolu\u00e7\u00f5es da ONU e princ\u00edpios do direito internacional. O conceito de uma ordem mundial baseada em regras s\u00f3 ganhou import\u00e2ncia quando estas refer\u00eancias claras foram sendo cada vez mais contornadas ou se tornaram politicamente impratic\u00e1veis.<\/li>\n<li><strong>Ser\u00e1 que o direito internacional \u00e9 de todo vinculativo se n\u00e3o existir uma for\u00e7a policial mundial?<\/strong><br \/>\nSim, mas de forma diferente do direito nacional. O direito internacional funciona atrav\u00e9s do auto-empenhamento, das expectativas internacionais, da press\u00e3o diplom\u00e1tica e dos interesses a longo prazo. N\u00e3o funciona atrav\u00e9s da coer\u00e7\u00e3o direta, mas atrav\u00e9s da consci\u00eancia de que a viola\u00e7\u00e3o das regras cria instabilidade a longo prazo - mesmo para os pr\u00f3prios infractores.<\/li>\n<li><strong>Ent\u00e3o, porque \u00e9 que os Estados respeitam o direito internacional?<\/strong><br \/>\nPorque as regras previs\u00edveis s\u00e3o mais favor\u00e1veis do que a incerteza permanente. Mesmo os Estados poderosos beneficiam quando os outros sabem qual \u00e9 a sua posi\u00e7\u00e3o. O direito internacional reduz o risco de escalada, mal-entendidos e reac\u00e7\u00f5es descontroladas - pelo menos enquanto for levado a s\u00e9rio.<\/li>\n<li><strong>O que significa exatamente a proibi\u00e7\u00e3o da viol\u00eancia no direito internacional?<\/strong><br \/>\nA proibi\u00e7\u00e3o do uso da for\u00e7a pro\u00edbe, de um modo geral, o recurso \u00e0 for\u00e7a militar entre Estados. As excep\u00e7\u00f5es s\u00f3 se aplicam em casos estritamente limitados, por exemplo, em leg\u00edtima defesa ou com um mandato do Conselho de Seguran\u00e7a da ONU. Tudo o que v\u00e1 para al\u00e9m disto \u00e9 altamente controverso, para n\u00e3o dizer em termos jur\u00eddicos.<\/li>\n<li><strong>Porque \u00e9 que as interven\u00e7\u00f5es humanit\u00e1rias s\u00e3o t\u00e3o problem\u00e1ticas \u00e0 luz do direito internacional?<\/strong><br \/>\nPorque parecem moralmente plaus\u00edveis, mas n\u00e3o t\u00eam um fundamento jur\u00eddico geralmente reconhecido. O direito internacional n\u00e3o reconhece um direito geral de intervir militarmente para reparar queixas. A partir do momento em que os motivos morais substituem os procedimentos legais, a proibi\u00e7\u00e3o do uso da for\u00e7a \u00e9 posta em causa.<\/li>\n<li><strong>A opera\u00e7\u00e3o da NATO contra a Jugosl\u00e1via violou o direito internacional?<\/strong><br \/>\nDe um ponto de vista jur\u00eddico, sim, porque n\u00e3o havia um mandato da ONU e n\u00e3o havia uma situa\u00e7\u00e3o cl\u00e1ssica de auto-defesa. Mesmo muitos especialistas ocidentais em direito internacional consideram a opera\u00e7\u00e3o ilegal, mesmo que tenha sido defendida pol\u00edtica ou moralmente.<\/li>\n<li><strong>Porque \u00e9 que a guerra na Jugosl\u00e1via \u00e9 um precedente t\u00e3o importante?<\/strong><br \/>\nPorque mostrou que a for\u00e7a militar tamb\u00e9m pode ser utilizada sem mandato se houver apoio pol\u00edtico suficiente. Isto abriu uma porta pela qual muitas outras excep\u00e7\u00f5es passaram mais tarde.<\/li>\n<li><strong>Todas as opera\u00e7\u00f5es militares ocidentais s\u00e3o automaticamente ilegais?<\/strong><br \/>\nN\u00e3o. Algumas opera\u00e7\u00f5es est\u00e3o cobertas pelo direito internacional, por exemplo, por mandatos claros da ONU ou situa\u00e7\u00f5es claras de auto-defesa. O problema n\u00e3o reside em cada uma das ac\u00e7\u00f5es, mas na vontade crescente de aceitar ou ignorar as zonas cinzentas do direito.<\/li>\n<li><strong>Porque \u00e9 que a situa\u00e7\u00e3o na S\u00edria \u00e9 t\u00e3o controversa \u00e0 luz do direito internacional?<\/strong><br \/>\nPorque as ac\u00e7\u00f5es militares ocidentais s\u00e3o por vezes levadas a cabo sem o consentimento do governo s\u00edrio e sem um mandato da ONU. As justifica\u00e7\u00f5es invocadas situam-se numa zona jur\u00eddica cinzenta e n\u00e3o s\u00e3o reconhecidas uniformemente a n\u00edvel internacional.<\/li>\n<li><strong>Porque \u00e9 que a atual interven\u00e7\u00e3o contra a Venezuela \u00e9 particularmente cr\u00edtica?<\/strong><br \/>\nPorque as ac\u00e7\u00f5es militares ou policiais contra um Estado soberano sem mandato da ONU, sem consentimento e sem uma situa\u00e7\u00e3o clara de leg\u00edtima defesa s\u00e3o inadmiss\u00edveis ao abrigo do direito internacional cl\u00e1ssico. O ju\u00edzo pol\u00edtico do governo n\u00e3o substitui uma base jur\u00eddica.<\/li>\n<li><strong>O que significa concretamente a \u201eaplica\u00e7\u00e3o selectiva das regras\u201c?<\/strong><br \/>\nIsto significa que as regras s\u00e3o estritamente exigidas por alguns actores, enquanto as excep\u00e7\u00f5es s\u00e3o concedidas a eles pr\u00f3prios. Em consequ\u00eancia, as regras perdem a sua validade universal e tornam-se instrumentos de poder.<\/li>\n<li><strong>Porque \u00e9 que isto \u00e9 um problema para os outros pa\u00edses?<\/strong><br \/>\nPorque aprendem com isto que as regras s\u00e3o obviamente negoci\u00e1veis. Quando os Estados poderosos as interpretam de forma flex\u00edvel, os outros s\u00e3o incentivados a fazer o mesmo. Isto acelera a eros\u00e3o da ordem.<\/li>\n<li><strong>Ser\u00e1 ent\u00e3o que a ordem mundial baseada em regras n\u00e3o passa de um fingimento?<\/strong><br \/>\nN\u00e3o obrigat\u00f3rio. O termo pode ser \u00fatil se se referir honestamente \u00e0 legisla\u00e7\u00e3o existente. Torna-se problem\u00e1tico quando substitui as bases jur\u00eddicas concretas e desvia as investiga\u00e7\u00f5es cr\u00edticas.<\/li>\n<li><strong>Que papel desempenham os meios de comunica\u00e7\u00e3o social e o p\u00fablico nesta mat\u00e9ria?<\/strong><br \/>\nUm grande problema. Quando os termos s\u00e3o adoptados de forma acr\u00edtica, sem se questionar o seu significado jur\u00eddico, cria-se uma atmosfera em que as narrativas pol\u00edticas se sobrep\u00f5em \u00e0 lei. A maturidade come\u00e7a com perguntas precisas.<\/li>\n<li><strong>Criticar o Ocidente significa automaticamente relativizar outras viola\u00e7\u00f5es da lei?<\/strong><br \/>\nN\u00e3o, \u00e9 exatamente o contr\u00e1rio. Quem leva o direito internacional a s\u00e9rio tem de o aplicar universalmente. A cr\u00edtica selectiva mina a credibilidade do direito no seu todo.<\/li>\n<li><strong>Ser\u00e1 que ainda hoje vivemos numa ordem mundial sujeita a regras?<\/strong><br \/>\nProvavelmente numa fase de transi\u00e7\u00e3o. A linguagem das regras ainda existe, mas o seu car\u00e1cter vinculativo est\u00e1 visivelmente a diminuir. Resta saber se isto conduzir\u00e1 a um regresso a uma estrutura de poder aberta.<\/li>\n<li><strong>Qual seria a forma mais honesta de lidar com este desenvolvimento?<\/strong><br \/>\nOu se volta a levar as regras a s\u00e9rio e a vincular-se a elas de forma consistente - ou se diz abertamente que se aceita uma ordem baseada no poder. Tudo o que estiver no meio cria incerteza.<\/li>\n<li><strong>Porque \u00e9 que o artigo termina sem uma conclus\u00e3o clara?<\/strong><br \/>\nPorque n\u00e3o h\u00e1 respostas simples. A tarefa central n\u00e3o \u00e9 atribuir culpas, mas sim agu\u00e7ar a perce\u00e7\u00e3o. Apenas aqueles que reconhecem que algo est\u00e1 a mudar podem decidir conscientemente como lidar com isso.<\/li>\n<\/ol>\n<hr \/>\n\n\t\t\t<div class=\"display-post-types\">\n\n\t\t\t\t\t\t\t<style type=\"text\/css\">\n\t\t\t#dpt-wrapper-798 { --dpt-text-align: left;--dpt-image-crop: center;--dpt-border-radius: 5px;--dpt-h-gutter: 10px;--dpt-v-gutter: 9px; }\t\t\t<\/style>\n\t\t\t<style type=\"text\/css\">#dpt-wrapper-798 { --dpt-title-font-style:normal;--dpt-title-font-weight:600;--dpt-title-line-height:1.5;--dpt-title-text-decoration:none;--dpt-title-text-transform:none;--dpt-excerpt-font-style:normal;--dpt-excerpt-font-weight:400;--dpt-excerpt-line-height:1.5;--dpt-excerpt-text-decoration:none;--dpt-excerpt-text-transform:none;--dpt-meta1-font-style:normal;--dpt-meta1-font-weight:400;--dpt-meta1-line-height:1.9;--dpt-meta1-text-decoration:none;--dpt-meta1-text-transform:none;--dpt-meta2-font-style:normal;--dpt-meta2-font-weight:400;--dpt-meta2-line-height:1.9;--dpt-meta2-text-decoration:none;--dpt-meta2-text-transform:none; }<\/style><div class=\"dpt-main-header\">\n\t\t\t\t\t\t<div class=\"dpt-main-title\">\n\t\t\t\t\t\t\t<span class=\"dpt-main-title-text\">Artigos actuais sobre intelig\u00eancia artificial<\/span>\n\t\t\t\t\t\t<\/div>\n\t\t\t\t\t\t\n\t\t\t\t\t\t\n\t\t\t\t\t\t\n\t\t\t\t\t\t<\/div>\t\t\t\n\t\t\t\t<div id=\"dpt-wrapper-798\" class=\"dpt-wrapper dpt-mag1 land1 dpt-cropped dpt-flex-wrap\" >\n\n\t\t\t\t\t\t\t\t\t\t\t<div class=\"dpt-entry has-thumbnail\" data-title=\"ki als sparringspartner nutzen: wie denken im dialog produktiver wird\" data-id=\"4121\"  data-category=\"b\u00fccher ki-systeme tipps &amp; anleitungen\" data-post_tag=\"buch datenlogik denkmodelle k\u00fcnstliche intelligenz lernen llm ratgeber sprachmodell\">\n\t\t\t\t\t\t\t<div class=\"dpt-entry-wrapper\"><div class=\"dpt-featured-content\"><div class=\"dpt-permalink\"><a href=\"https:\/\/www.markus-schall.de\/pt\/2025\/12\/usar-o-ki-como-parceiro-de-treino-como-o-pensamento-se-torna-mais-produtivo-no-dialogo\/\" class=\"dpt-permalink\"><span class=\"screen-reader-text\">Utilizar a IA como parceiro de treino: Como \u00e9 que pensar em di\u00e1logo se torna mais produtivo<\/span><\/a><\/div><div class=\"dpt-thumbnail\"><div class=\"dpt-thumbnail-inner\"><img width=\"1024\" height=\"683\" class=\"attachment-full size-full\" alt=\"A IA como parceiro de poupan\u00e7a\" context=\"dpt\" data-dpt-src=\"https:\/\/www.markus-schall.de\/wp-content\/uploads\/ki-als-sparringspartner-laptop.jpg\" data-dpt-sizes=\"(max-width: 1024px) 100vw, 1024px\" data-dpt-srcset=\"https:\/\/www.markus-schall.de\/wp-content\/uploads\/ki-als-sparringspartner-laptop.jpg 1024w, https:\/\/www.markus-schall.de\/wp-content\/uploads\/ki-als-sparringspartner-laptop-300x200.jpg 300w, https:\/\/www.markus-schall.de\/wp-content\/uploads\/ki-als-sparringspartner-laptop-768x512.jpg 768w, https:\/\/www.markus-schall.de\/wp-content\/uploads\/ki-als-sparringspartner-laptop-18x12.jpg 18w\" \/><\/div><span class=\"dpt-thumbnail-aspect-ratio\" style=\"padding-top: 75%\"><\/span><\/div><\/div><div class=\"sub-entry\"><h3 class=\"dpt-title\"><a class=\"dpt-title-link\" href=\"https:\/\/www.markus-schall.de\/pt\/2025\/12\/usar-o-ki-como-parceiro-de-treino-como-o-pensamento-se-torna-mais-produtivo-no-dialogo\/\" rel=\"bookmark\">Utilizar a IA como parceiro de treino: Como \u00e9 que pensar em di\u00e1logo se torna mais produtivo<\/a><\/h3><\/div><\/div>\n\t\t\t\t\t\t<\/div><!-- .dpt-entry -->\n\t\t\t\t\t\t\t\t\t\t\t\t<div class=\"dpt-entry has-thumbnail\" data-title=\"ki-studio 2025: welche hardware wirklich lohnt \u2013 vom mac studio bis zur rtx 3090\" data-id=\"3704\"  data-category=\"apple macos featured hardware ki-systeme\" data-post_tag=\"apple digitales eigentum k\u00fcnstliche intelligenz llm mlx neo4j sprachmodell\">\n\t\t\t\t\t\t\t<div class=\"dpt-entry-wrapper\"><div class=\"dpt-featured-content\"><div class=\"dpt-permalink\"><a href=\"https:\/\/www.markus-schall.de\/pt\/2025\/11\/ki-studio-2025-que-hardware-vale-realmente-a-pena-do-mac-studio-para-a-rtx-3090\/\" class=\"dpt-permalink\"><span class=\"screen-reader-text\">AI Studio 2025: Qual o hardware que realmente vale a pena - do Mac Studio \u00e0 RTX 3090<\/span><\/a><\/div><div class=\"dpt-thumbnail\"><div class=\"dpt-thumbnail-inner\"><img width=\"1024\" height=\"683\" class=\"attachment-full size-full\" alt=\"Hardware 2025 para est\u00fadio de IA\" context=\"dpt\" data-dpt-src=\"https:\/\/www.markus-schall.de\/wp-content\/uploads\/KI-Studio-Hardware-2025.jpg\" data-dpt-sizes=\"(max-width: 1024px) 100vw, 1024px\" data-dpt-srcset=\"https:\/\/www.markus-schall.de\/wp-content\/uploads\/KI-Studio-Hardware-2025.jpg 1024w, https:\/\/www.markus-schall.de\/wp-content\/uploads\/KI-Studio-Hardware-2025-300x200.jpg 300w, https:\/\/www.markus-schall.de\/wp-content\/uploads\/KI-Studio-Hardware-2025-768x512.jpg 768w, https:\/\/www.markus-schall.de\/wp-content\/uploads\/KI-Studio-Hardware-2025-18x12.jpg 18w\" \/><\/div><span class=\"dpt-thumbnail-aspect-ratio\" style=\"padding-top: 75%\"><\/span><\/div><\/div><div class=\"sub-entry\"><h3 class=\"dpt-title\"><a class=\"dpt-title-link\" href=\"https:\/\/www.markus-schall.de\/pt\/2025\/11\/ki-studio-2025-que-hardware-vale-realmente-a-pena-do-mac-studio-para-a-rtx-3090\/\" rel=\"bookmark\">AI Studio 2025: Qual o hardware que realmente vale a pena - do Mac Studio \u00e0 RTX 3090<\/a><\/h3><\/div><\/div>\n\t\t\t\t\t\t<\/div><!-- .dpt-entry -->\n\t\t\t\t\t\t\t\t\t\t\t\t<div class=\"dpt-entry has-thumbnail\" data-title=\"ki f\u00fcr anf\u00e4nger: wie du ohne vorkenntnisse sinnvoll mit k\u00fcnstlicher intelligenz startest\" data-id=\"4199\"  data-category=\"allgemein apple iphone &amp; ipad apple macos ki-systeme tipps &amp; anleitungen\" data-post_tag=\"denkmodelle k\u00fcnstliche intelligenz lernen prozesse\">\n\t\t\t\t\t\t\t<div class=\"dpt-entry-wrapper\"><div class=\"dpt-featured-content\"><div class=\"dpt-permalink\"><a href=\"https:\/\/www.markus-schall.de\/pt\/2025\/12\/ki-para-principiantes-como-comecar-a-utilizar-a-inteligencia-artificial-sem-conhecimentos-previos\/\" class=\"dpt-permalink\"><span class=\"screen-reader-text\">IA para principiantes: como come\u00e7ar a utilizar a intelig\u00eancia artificial sem conhecimentos pr\u00e9vios<\/span><\/a><\/div><div class=\"dpt-thumbnail\"><div class=\"dpt-thumbnail-inner\"><img width=\"1024\" height=\"683\" class=\"attachment-full size-full\" alt=\"IA para principiantes\" context=\"dpt\" data-dpt-src=\"https:\/\/www.markus-schall.de\/wp-content\/uploads\/KI-fuer-Einsteiger-Computer.jpg\" data-dpt-sizes=\"(max-width: 1024px) 100vw, 1024px\" data-dpt-srcset=\"https:\/\/www.markus-schall.de\/wp-content\/uploads\/KI-fuer-Einsteiger-Computer.jpg 1024w, https:\/\/www.markus-schall.de\/wp-content\/uploads\/KI-fuer-Einsteiger-Computer-300x200.jpg 300w, https:\/\/www.markus-schall.de\/wp-content\/uploads\/KI-fuer-Einsteiger-Computer-768x512.jpg 768w, https:\/\/www.markus-schall.de\/wp-content\/uploads\/KI-fuer-Einsteiger-Computer-18x12.jpg 18w\" \/><\/div><span class=\"dpt-thumbnail-aspect-ratio\" style=\"padding-top: 75%\"><\/span><\/div><\/div><div class=\"sub-entry\"><h3 class=\"dpt-title\"><a class=\"dpt-title-link\" href=\"https:\/\/www.markus-schall.de\/pt\/2025\/12\/ki-para-principiantes-como-comecar-a-utilizar-a-inteligencia-artificial-sem-conhecimentos-previos\/\" rel=\"bookmark\">IA para principiantes: como come\u00e7ar a utilizar a intelig\u00eancia artificial sem conhecimentos pr\u00e9vios<\/a><\/h3><\/div><\/div>\n\t\t\t\t\t\t<\/div><!-- .dpt-entry -->\n\t\t\t\t\t\t\t\t\t\t\t\t<div class=\"dpt-entry has-thumbnail\" data-title=\"k\u00fcnstliche intelligenz: welche jobs in gefahr sind, und wie wir uns jetzt wappnen k\u00f6nnen\" data-id=\"2940\"  data-category=\"allgemein b\u00fccher gesellschaft ki-systeme\" data-post_tag=\"buch k\u00fcnstliche intelligenz llama llm mistral mlx ollama ratgeber sprachmodell\">\n\t\t\t\t\t\t\t<div class=\"dpt-entry-wrapper\"><div class=\"dpt-featured-content\"><div class=\"dpt-permalink\"><a href=\"https:\/\/www.markus-schall.de\/pt\/2025\/09\/inteligencia-artificial-que-empregos-estao-em-perigo-e-como-nos-podemos-armar-agora\/\" class=\"dpt-permalink\"><span class=\"screen-reader-text\">Intelig\u00eancia artificial: que empregos est\u00e3o em risco e como nos podemos proteger agora<\/span><\/a><\/div><div class=\"dpt-thumbnail\"><div class=\"dpt-thumbnail-inner\"><img width=\"1024\" height=\"683\" class=\"attachment-full size-full\" alt=\"Que empregos ser\u00e3o eliminados pela IA no futuro\" context=\"dpt\" data-dpt-src=\"https:\/\/www.markus-schall.de\/wp-content\/uploads\/welche-jobs-fallen-durch-ki-weg.jpg\" data-dpt-sizes=\"(max-width: 1024px) 100vw, 1024px\" data-dpt-srcset=\"https:\/\/www.markus-schall.de\/wp-content\/uploads\/welche-jobs-fallen-durch-ki-weg.jpg 1024w, https:\/\/www.markus-schall.de\/wp-content\/uploads\/welche-jobs-fallen-durch-ki-weg-300x200.jpg 300w, https:\/\/www.markus-schall.de\/wp-content\/uploads\/welche-jobs-fallen-durch-ki-weg-768x512.jpg 768w, https:\/\/www.markus-schall.de\/wp-content\/uploads\/welche-jobs-fallen-durch-ki-weg-18x12.jpg 18w\" \/><\/div><span class=\"dpt-thumbnail-aspect-ratio\" style=\"padding-top: 75%\"><\/span><\/div><\/div><div class=\"sub-entry\"><h3 class=\"dpt-title\"><a class=\"dpt-title-link\" href=\"https:\/\/www.markus-schall.de\/pt\/2025\/09\/inteligencia-artificial-que-empregos-estao-em-perigo-e-como-nos-podemos-armar-agora\/\" rel=\"bookmark\">Intelig\u00eancia artificial: que empregos est\u00e3o em risco e como nos podemos proteger agora<\/a><\/h3><\/div><\/div>\n\t\t\t\t\t\t<\/div><!-- .dpt-entry -->\n\t\t\t\t\t\t\n\t\t\t\t<\/div>\n\t\t\t\t\t\t<\/div>\n\t\t\t\n<hr \/>","protected":false},"excerpt":{"rendered":"<p>Durante anos, reparei na frequ\u00eancia com que os pol\u00edticos e os meios de comunica\u00e7\u00e3o social falam de uma \u201eordem mundial baseada em regras\u201c. A atual disputa entre os EUA e a Venezuela trouxe este tema de novo para a ribalta. No passado, este termo quase nunca era utilizado, mas hoje parece quase um reflexo padr\u00e3o: se algo acontece algures, rapidamente se diz que \u00e9 preciso ... <a title=\"Intelig\u00eancia artificial: que empregos est\u00e3o em risco e como nos podemos proteger agora\" class=\"read-more\" href=\"https:\/\/www.markus-schall.de\/pt\/2025\/09\/inteligencia-artificial-que-empregos-estao-em-perigo-e-como-nos-podemos-armar-agora\/\" aria-label=\"Leia mais sobre Intelig\u00eancia Artificial: Que empregos est\u00e3o em risco e como nos podemos proteger agora\">Ler mais<\/a><\/p>","protected":false},"author":1,"featured_media":4281,"comment_status":"open","ping_status":"open","sticky":false,"template":"","format":"standard","meta":{"iawp_total_views":566,"footnotes":""},"categories":[1,466],"tags":[444,470,475,482,426,484],"class_list":["post-4275","post","type-post","status-publish","format-standard","has-post-thumbnail","hentry","category-allgemein","category-gesellschaft","tag-denkmodelle","tag-eu-gesetze","tag-europa","tag-geopolitik","tag-krisen","tag-sicherheitspolitik"],"_links":{"self":[{"href":"https:\/\/www.markus-schall.de\/pt\/wp-json\/wp\/v2\/posts\/4275","targetHints":{"allow":["GET"]}}],"collection":[{"href":"https:\/\/www.markus-schall.de\/pt\/wp-json\/wp\/v2\/posts"}],"about":[{"href":"https:\/\/www.markus-schall.de\/pt\/wp-json\/wp\/v2\/types\/post"}],"author":[{"embeddable":true,"href":"https:\/\/www.markus-schall.de\/pt\/wp-json\/wp\/v2\/users\/1"}],"replies":[{"embeddable":true,"href":"https:\/\/www.markus-schall.de\/pt\/wp-json\/wp\/v2\/comments?post=4275"}],"version-history":[{"count":32,"href":"https:\/\/www.markus-schall.de\/pt\/wp-json\/wp\/v2\/posts\/4275\/revisions"}],"predecessor-version":[{"id":5836,"href":"https:\/\/www.markus-schall.de\/pt\/wp-json\/wp\/v2\/posts\/4275\/revisions\/5836"}],"wp:featuredmedia":[{"embeddable":true,"href":"https:\/\/www.markus-schall.de\/pt\/wp-json\/wp\/v2\/media\/4281"}],"wp:attachment":[{"href":"https:\/\/www.markus-schall.de\/pt\/wp-json\/wp\/v2\/media?parent=4275"}],"wp:term":[{"taxonomy":"category","embeddable":true,"href":"https:\/\/www.markus-schall.de\/pt\/wp-json\/wp\/v2\/categories?post=4275"},{"taxonomy":"post_tag","embeddable":true,"href":"https:\/\/www.markus-schall.de\/pt\/wp-json\/wp\/v2\/tags?post=4275"}],"curies":[{"name":"wp","href":"https:\/\/api.w.org\/{rel}","templated":true}]}}