{"id":4462,"date":"2026-01-20T06:10:09","date_gmt":"2026-01-20T06:10:09","guid":{"rendered":"https:\/\/www.markus-schall.de\/?p=4462"},"modified":"2026-04-24T05:27:45","modified_gmt":"2026-04-24T05:27:45","slug":"compreender-o-quotidiano-do-ira-protestos-e-interesses-para-alem-dos-titulos-dos-jornais","status":"publish","type":"post","link":"https:\/\/www.markus-schall.de\/pt\/2026\/01\/compreender-o-quotidiano-do-ira-protestos-e-interesses-para-alem-dos-titulos-dos-jornais\/","title":{"rendered":"Compreender o Ir\u00e3o: A vida quotidiana, os protestos e os interesses para al\u00e9m dos t\u00edtulos dos jornais"},"content":{"rendered":"<p>Quase nenhum outro pa\u00eds evoca imagens t\u00e3o fixas como o Ir\u00e3o. Mesmo antes de se mencionar um \u00fanico pormenor, as associa\u00e7\u00f5es j\u00e1 est\u00e3o l\u00e1: mul\u00e1s, opress\u00e3o, protestos, fanatismo religioso, um Estado em conflito permanente com a sua pr\u00f3pria popula\u00e7\u00e3o. Estas imagens s\u00e3o t\u00e3o familiares que dificilmente s\u00e3o questionadas. Parecem evidentes, quase como conhecimento comum.<\/p>\n<p>E \u00e9 a\u00ed que reside o problema. Porque esse \u201econhecimento\u201c raramente vem da experi\u00eancia pessoal. Vem dos t\u00edtulos dos jornais, dos coment\u00e1rios, das hist\u00f3rias que se repetem h\u00e1 anos. O Ir\u00e3o \u00e9 um daqueles pa\u00edses sobre os quais muitas pessoas t\u00eam opini\u00f5es muito claras - apesar de nunca l\u00e1 terem estado, n\u00e3o falarem a l\u00edngua, n\u00e3o conhecerem a vida quotidiana. A imagem \u00e9 completa, coerente, aparentemente isenta de contradi\u00e7\u00f5es. E \u00e9 precisamente por isso que \u00e9 t\u00e3o convincente. Mas o que acontece quando uma imagem se torna demasiado suave?<!--more--><\/p>\n<hr \/>\n\n\t\t\t<div class=\"display-post-types\">\n\n\t\t\t\t\t\t\t<style type=\"text\/css\">\n\t\t\t#dpt-wrapper-124 { --dpt-text-align: left;--dpt-image-crop: center;--dpt-border-radius: 5px;--dpt-h-gutter: 10px;--dpt-v-gutter: 9px; }\t\t\t<\/style>\n\t\t\t<style type=\"text\/css\">#dpt-wrapper-124 { --dpt-title-font-style:normal;--dpt-title-font-weight:600;--dpt-title-line-height:1.5;--dpt-title-text-decoration:none;--dpt-title-text-transform:none;--dpt-excerpt-font-style:normal;--dpt-excerpt-font-weight:400;--dpt-excerpt-line-height:1.5;--dpt-excerpt-text-decoration:none;--dpt-excerpt-text-transform:none;--dpt-meta1-font-style:normal;--dpt-meta1-font-weight:400;--dpt-meta1-line-height:1.9;--dpt-meta1-text-decoration:none;--dpt-meta1-text-transform:none;--dpt-meta2-font-style:normal;--dpt-meta2-font-weight:400;--dpt-meta2-line-height:1.9;--dpt-meta2-text-decoration:none;--dpt-meta2-text-transform:none; }<\/style><div class=\"dpt-main-header\">\n\t\t\t\t\t\t<div class=\"dpt-main-title\">\n\t\t\t\t\t\t\t<span class=\"dpt-main-title-text\">Quest\u00f5es sociais da atualidade<\/span>\n\t\t\t\t\t\t<\/div>\n\t\t\t\t\t\t\n\t\t\t\t\t\t\n\t\t\t\t\t\t\n\t\t\t\t\t\t<\/div>\t\t\t\n\t\t\t\t<div id=\"dpt-wrapper-124\" class=\"dpt-wrapper dpt-mag1 land1 dpt-cropped dpt-flex-wrap\" >\n\n\t\t\t\t\t\t\t\t\t\t\t<div class=\"dpt-entry has-thumbnail\" data-title=\"wie tiere zeit wahrnehmen \u2013 und was das f\u00fcr die zukunft der ki bedeutet\" data-id=\"4918\"  data-category=\"allgemein gesellschaft ki-systeme\" data-post_tag=\"denkmodelle erfahrungen k\u00fcnstliche intelligenz llm portrait prozesse sprachmodell\">\n\t\t\t\t\t\t\t<div class=\"dpt-entry-wrapper\"><div class=\"dpt-featured-content\"><div class=\"dpt-permalink\"><a href=\"https:\/\/www.markus-schall.de\/pt\/2026\/02\/como-os-animais-percepcionam-o-tempo-e-o-que-isso-significa-para-o-futuro-da-ki\/\" class=\"dpt-permalink\"><span class=\"screen-reader-text\">Como os animais percepcionam o tempo - e o que isso significa para o futuro da IA<\/span><\/a><\/div><div class=\"dpt-thumbnail\"><div class=\"dpt-thumbnail-inner\"><img width=\"1024\" height=\"683\" class=\"attachment-full size-full\" alt=\"Animais, IA e perce\u00e7\u00e3o do tempo\" context=\"dpt\" data-dpt-src=\"https:\/\/www.markus-schall.de\/wp-content\/uploads\/Tiere-KI-Zeitwahrnehmung.jpg\" data-dpt-sizes=\"(max-width: 1024px) 100vw, 1024px\" data-dpt-srcset=\"https:\/\/www.markus-schall.de\/wp-content\/uploads\/Tiere-KI-Zeitwahrnehmung.jpg 1024w, https:\/\/www.markus-schall.de\/wp-content\/uploads\/Tiere-KI-Zeitwahrnehmung-300x200.jpg 300w, https:\/\/www.markus-schall.de\/wp-content\/uploads\/Tiere-KI-Zeitwahrnehmung-768x512.jpg 768w, https:\/\/www.markus-schall.de\/wp-content\/uploads\/Tiere-KI-Zeitwahrnehmung-18x12.jpg 18w\" \/><\/div><span class=\"dpt-thumbnail-aspect-ratio\" style=\"padding-top: 75%\"><\/span><\/div><\/div><div class=\"sub-entry\"><h3 class=\"dpt-title\"><a class=\"dpt-title-link\" href=\"https:\/\/www.markus-schall.de\/pt\/2026\/02\/como-os-animais-percepcionam-o-tempo-e-o-que-isso-significa-para-o-futuro-da-ki\/\" rel=\"bookmark\">Como os animais percepcionam o tempo - e o que isso significa para o futuro da IA<\/a><\/h3><\/div><\/div>\n\t\t\t\t\t\t<\/div><!-- .dpt-entry -->\n\t\t\t\t\t\t\t\t\t\t\t\t<div class=\"dpt-entry has-thumbnail\" data-title=\"die neuen eu-zensurgesetze: was chatcontrol, dsa, emfa und der ai act bedeuten\" data-id=\"3586\"  data-category=\"allgemein gesellschaft ki-systeme\" data-post_tag=\"datenschutz digitales eigentum eu-gesetze europa k\u00fcnstliche intelligenz llm meinungsfreiheit spieltheorie sprachmodell\">\n\t\t\t\t\t\t\t<div class=\"dpt-entry-wrapper\"><div class=\"dpt-featured-content\"><div class=\"dpt-permalink\"><a href=\"https:\/\/www.markus-schall.de\/pt\/2025\/11\/as-novas-leis-de-censura-da-ue-o-que-significa-chatcontrol-dsa-emfa-e-a-lei-ai\/\" class=\"dpt-permalink\"><span class=\"screen-reader-text\">As novas leis de censura da UE: O que significam o Chatcontrol, o DSA, o EMFA e a Lei da IA<\/span><\/a><\/div><div class=\"dpt-thumbnail\"><div class=\"dpt-thumbnail-inner\"><img width=\"1024\" height=\"683\" class=\"attachment-full size-full\" alt=\"Leis de censura da UE\" context=\"dpt\" data-dpt-src=\"https:\/\/www.markus-schall.de\/wp-content\/uploads\/eu-zensurgesetze.jpg\" data-dpt-sizes=\"(max-width: 1024px) 100vw, 1024px\" data-dpt-srcset=\"https:\/\/www.markus-schall.de\/wp-content\/uploads\/eu-zensurgesetze.jpg 1024w, https:\/\/www.markus-schall.de\/wp-content\/uploads\/eu-zensurgesetze-300x200.jpg 300w, https:\/\/www.markus-schall.de\/wp-content\/uploads\/eu-zensurgesetze-768x512.jpg 768w, https:\/\/www.markus-schall.de\/wp-content\/uploads\/eu-zensurgesetze-18x12.jpg 18w\" \/><\/div><span class=\"dpt-thumbnail-aspect-ratio\" style=\"padding-top: 75%\"><\/span><\/div><\/div><div class=\"sub-entry\"><h3 class=\"dpt-title\"><a class=\"dpt-title-link\" href=\"https:\/\/www.markus-schall.de\/pt\/2025\/11\/as-novas-leis-de-censura-da-ue-o-que-significa-chatcontrol-dsa-emfa-e-a-lei-ai\/\" rel=\"bookmark\">As novas leis de censura da UE: O que significam o Chatcontrol, o DSA, o EMFA e a Lei da IA<\/a><\/h3><\/div><\/div>\n\t\t\t\t\t\t<\/div><!-- .dpt-entry -->\n\t\t\t\t\t\t\t\t\t\t\t\t<div class=\"dpt-entry has-thumbnail\" data-title=\"nord stream sprengung: sabotage, machtpolitik und die unbequemen offenen fragen\" data-id=\"4441\"  data-category=\"allgemein gesellschaft\" data-post_tag=\"deutschland energiepolitik europa geopolitik krisen meinungsfreiheit sicherheitspolitik spieltheorie\">\n\t\t\t\t\t\t\t<div class=\"dpt-entry-wrapper\"><div class=\"dpt-featured-content\"><div class=\"dpt-permalink\"><a href=\"https:\/\/www.markus-schall.de\/pt\/2026\/01\/north-stream-sabotagem-politica-de-poder-e-as-incomodas-questoes-em-aberto\/\" class=\"dpt-permalink\"><span class=\"screen-reader-text\">Demoli\u00e7\u00e3o do Nord Stream: sabotagem, pol\u00edtica de poder e as inc\u00f3modas perguntas sem resposta<\/span><\/a><\/div><div class=\"dpt-thumbnail\"><div class=\"dpt-thumbnail-inner\"><img width=\"1024\" height=\"683\" class=\"attachment-full size-full\" alt=\"Explos\u00e3o do Nord Stream\" context=\"dpt\" data-dpt-src=\"https:\/\/www.markus-schall.de\/wp-content\/uploads\/nordstream-sprengung.jpg\" data-dpt-sizes=\"(max-width: 1024px) 100vw, 1024px\" data-dpt-srcset=\"https:\/\/www.markus-schall.de\/wp-content\/uploads\/nordstream-sprengung.jpg 1024w, https:\/\/www.markus-schall.de\/wp-content\/uploads\/nordstream-sprengung-300x200.jpg 300w, https:\/\/www.markus-schall.de\/wp-content\/uploads\/nordstream-sprengung-768x512.jpg 768w, https:\/\/www.markus-schall.de\/wp-content\/uploads\/nordstream-sprengung-18x12.jpg 18w\" \/><\/div><span class=\"dpt-thumbnail-aspect-ratio\" style=\"padding-top: 75%\"><\/span><\/div><\/div><div class=\"sub-entry\"><h3 class=\"dpt-title\"><a class=\"dpt-title-link\" href=\"https:\/\/www.markus-schall.de\/pt\/2026\/01\/north-stream-sabotagem-politica-de-poder-e-as-incomodas-questoes-em-aberto\/\" rel=\"bookmark\">Demoli\u00e7\u00e3o do Nord Stream: sabotagem, pol\u00edtica de poder e as inc\u00f3modas perguntas sem resposta<\/a><\/h3><\/div><\/div>\n\t\t\t\t\t\t<\/div><!-- .dpt-entry -->\n\t\t\t\t\t\t\t\t\t\t\t\t<div class=\"dpt-entry has-thumbnail\" data-title=\"b\u00fccher mit tiefgang zu medizin, pers\u00f6nlichkeit und technik beim m. schall verlag\" data-id=\"2401\"  data-category=\"allgemein b\u00fccher gesellschaft gesundheit\" data-post_tag=\"buch cmd datenbanken krisen pers\u00f6nlichkeitsentwicklung verlag\">\n\t\t\t\t\t\t\t<div class=\"dpt-entry-wrapper\"><div class=\"dpt-featured-content\"><div class=\"dpt-permalink\"><a href=\"https:\/\/www.markus-schall.de\/pt\/2025\/07\/livros-com-profundidade-sobre-personalidade-medica-e-tecnologia-na-m-schall-verlag\/\" class=\"dpt-permalink\"><span class=\"screen-reader-text\">Livros aprofundados sobre medicina, personalidade e tecnologia da M. Schall Verlag<\/span><\/a><\/div><div class=\"dpt-thumbnail\"><div class=\"dpt-thumbnail-inner\"><img width=\"2400\" height=\"1260\" class=\"attachment-full size-full\" alt=\"Schall Verlag - Livros com subst\u00e2ncia\" context=\"dpt\" data-dpt-src=\"https:\/\/www.markus-schall.de\/wp-content\/uploads\/image-sv.jpg\" data-dpt-sizes=\"(max-width: 2400px) 100vw, 2400px\" data-dpt-srcset=\"https:\/\/www.markus-schall.de\/wp-content\/uploads\/image-sv.jpg 2400w, https:\/\/www.markus-schall.de\/wp-content\/uploads\/image-sv-300x158.jpg 300w, https:\/\/www.markus-schall.de\/wp-content\/uploads\/image-sv-1024x538.jpg 1024w, https:\/\/www.markus-schall.de\/wp-content\/uploads\/image-sv-768x403.jpg 768w, https:\/\/www.markus-schall.de\/wp-content\/uploads\/image-sv-1536x806.jpg 1536w, https:\/\/www.markus-schall.de\/wp-content\/uploads\/image-sv-2048x1075.jpg 2048w, https:\/\/www.markus-schall.de\/wp-content\/uploads\/image-sv-18x9.jpg 18w\" \/><\/div><span class=\"dpt-thumbnail-aspect-ratio\" style=\"padding-top: 75%\"><\/span><\/div><\/div><div class=\"sub-entry\"><h3 class=\"dpt-title\"><a class=\"dpt-title-link\" href=\"https:\/\/www.markus-schall.de\/pt\/2025\/07\/livros-com-profundidade-sobre-personalidade-medica-e-tecnologia-na-m-schall-verlag\/\" rel=\"bookmark\">Livros aprofundados sobre medicina, personalidade e tecnologia da M. Schall Verlag<\/a><\/h3><\/div><\/div>\n\t\t\t\t\t\t<\/div><!-- .dpt-entry -->\n\t\t\t\t\t\t\n\t\t\t\t<\/div>\n\t\t\t\t\t\t<\/div>\n\t\t\t\n<hr \/>\n<h2>\u00daltimas not\u00edcias sobre o Ir\u00e3o<\/h2>\n<p><strong>24.04.2026<\/strong>A visita de Reza Pahlavi, filho do \u00faltimo X\u00e1 iraniano, a Berlim, esclarece a complexa situa\u00e7\u00e3o da oposi\u00e7\u00e3o iraniana no ex\u00edlio. Num <a href=\"https:\/\/www.cicero.de\/aussenpolitik\/schah-sohn-reza-pahlavi-in-berlin-auf-grosser-mission\" target=\"_blank\" rel=\"noopener\"><strong>artigo atual sobre C\u00edcero<\/strong><\/a> \u00e9 retratado como um potencial farol de esperan\u00e7a para a mudan\u00e7a pol\u00edtica, que tenta chamar a aten\u00e7\u00e3o internacional para a situa\u00e7\u00e3o no Ir\u00e3o. Ao mesmo tempo, por\u00e9m, continua a n\u00e3o ser claro qual o apoio que tem efetivamente entre a popula\u00e7\u00e3o iraniana. Pahlavi posicionou-se claramente contra o regime existente e est\u00e1 a fazer campanha por um futuro para o Ir\u00e3o para al\u00e9m das estruturas religiosas de governo. Segue-se a confer\u00eancia de imprensa federal completa, que come\u00e7a aos 1:50 minutos do v\u00eddeo.<\/p>\n<div class=\"lyte-wrapper\" style=\"width:640px;max-width:100%;margin:5px;\"><div class=\"lyMe\" id=\"WYL_4WA6FaXZTOE\"><div id=\"lyte_4WA6FaXZTOE\" data-src=\"https:\/\/www.markus-schall.de\/wp-content\/plugins\/wp-youtube-lyte\/lyteCache.php?origThumbUrl=%2F%2Fi.ytimg.com%2Fvi%2F4WA6FaXZTOE%2Fhqdefault.jpg\" class=\"pL\"><div class=\"tC\"><div class=\"tT\"><\/div><\/div><div class=\"play\"><\/div><div class=\"ctrl\"><div class=\"Lctrl\"><\/div><div class=\"Rctrl\"><\/div><\/div><\/div><noscript><a href=\"https:\/\/youtu.be\/4WA6FaXZTOE\" rel=\"nofollow noopener\" target=\"_blank\"><img loading=\"lazy\" decoding=\"async\" src=\"https:\/\/www.markus-schall.de\/wp-content\/plugins\/wp-youtube-lyte\/lyteCache.php?origThumbUrl=https%3A%2F%2Fi.ytimg.com%2Fvi%2F4WA6FaXZTOE%2F0.jpg\" alt=\"Miniatura de v\u00eddeo do YouTube\" width=\"640\" height=\"340\" \/><br \/>Ver este v\u00eddeo no YouTube<\/a><\/noscript><\/div><\/div><div class=\"lL\" style=\"max-width:100%;width:640px;margin:5px;\"><\/div><br \/>\nReza Pahlavi, filho do \u00faltimo X\u00e1 do Ir\u00e3o | BPK 23 de abril de 2026 | <a href=\"https:\/\/www.youtube.com\/@tilojung\" target=\"_blank\" rel=\"nofollow noopener\">Jovens e ing\u00e9nuos<\/a><\/p>\n<p>No entanto, o seu papel \u00e9 controverso: Enquanto alguns o v\u00eaem como um s\u00edmbolo de estabilidade e continuidade, outros encaram-no com ceticismo - em parte devido ao peso hist\u00f3rico da monarquia. No seu caminho para Berlim, foi <a href=\"https:\/\/www.spiegel.de\/politik\/deutschland\/iran-schah-sohn-reza-pahlavi-in-berlin-mit-roter-sosse-beworfen-a-932ed900-f2fc-4aa3-a4ba-693b51686eaa\" target=\"_blank\" rel=\"noopener\"><strong>V\u00edtima de um ataque com molho vermelho<\/strong><\/a>. A sua presen\u00e7a em Berlim mostra sobretudo uma coisa: a oposi\u00e7\u00e3o iraniana \u00e9 multifacetada, n\u00e3o est\u00e1 organizada de forma uniforme e continua a lutar para encontrar uma perspetiva pol\u00edtica comum.<\/p>\n<p><strong><a href=\"https:\/\/www.markus-schall.de\/pt\/2026\/03\/o-conflito-israelo-iraniano-porque-e-que-esta-escalada-e-o-pesadelo-estrategico-do-ocidente\/\"><img loading=\"lazy\" decoding=\"async\" class=\"alignright size-medium wp-image-5217\" src=\"https:\/\/www.markus-schall.de\/wp-content\/uploads\/Israel-Iran-Strategischer-Albtraum-300x200.jpg\" alt=\"Israel-Ir\u00e3o - Pesadelo estrat\u00e9gico\" width=\"300\" height=\"200\" srcset=\"https:\/\/www.markus-schall.de\/wp-content\/uploads\/Israel-Iran-Strategischer-Albtraum-300x200.jpg 300w, https:\/\/www.markus-schall.de\/wp-content\/uploads\/Israel-Iran-Strategischer-Albtraum-768x512.jpg 768w, https:\/\/www.markus-schall.de\/wp-content\/uploads\/Israel-Iran-Strategischer-Albtraum-18x12.jpg 18w, https:\/\/www.markus-schall.de\/wp-content\/uploads\/Israel-Iran-Strategischer-Albtraum.jpg 1024w\" sizes=\"auto, (max-width: 300px) 100vw, 300px\" \/><\/a>12.03.2026<\/strong>Desde o in\u00edcio da escalada militar entre Israel, os EUA e o Ir\u00e3o, a situa\u00e7\u00e3o no M\u00e9dio Oriente agravou-se significativamente. Grande parte das not\u00edcias actuais diz respeito a desenvolvimentos militares, ataques com m\u00edsseis, tens\u00f5es diplom\u00e1ticas e quest\u00f5es estrat\u00e9gicas de seguran\u00e7a internacional. Publiquei um artigo de fundo separado para resumir estes acontecimentos: <a href=\"https:\/\/www.markus-schall.de\/pt\/2026\/03\/o-conflito-israelo-iraniano-porque-e-que-esta-escalada-e-o-pesadelo-estrategico-do-ocidente\/\"><em><strong>\u201eO conflito Ir\u00e3o-Israel: porque \u00e9 que esta escalada \u00e9 o pesadelo estrat\u00e9gico do Ocidente\u201c<\/strong><\/em><\/a>. Neste novo artigo, estou constantemente a recolher e a analisar as \u00faltimas not\u00edcias e desenvolvimentos em torno do conflito. Este artigo sobre o Ir\u00e3o, por outro lado, continuar\u00e1 a centrar-se no contexto social do pa\u00eds - ou seja, na vida quotidiana, nos movimentos de protesto e na din\u00e2mica pol\u00edtica no Ir\u00e3o.<\/p>\n<p><strong>26.02.2026<\/strong>A situa\u00e7\u00e3o no M\u00e9dio Oriente est\u00e1 a agravar-se dramaticamente. Os EUA est\u00e3o a enviar mais navios de guerra, avi\u00f5es e soldados para a regi\u00e3o, enquanto o Ir\u00e3o est\u00e1 a reparar as suas f\u00e1bricas de m\u00edsseis, a refor\u00e7ar as suas defesas a\u00e9reas e a continuar a reprimir duramente os protestos. Ao mesmo tempo, est\u00e1 a ser procurada uma solu\u00e7\u00e3o diplom\u00e1tica definitiva em Genebra: Um \u201eacordo nuclear 2.0\u201c pretende voltar a limitar o programa nuclear iraniano e, em contrapartida, aliviar as san\u00e7\u00f5es. No entanto, o ultimato de Donald Trump expira dentro de alguns dias e Washington est\u00e1 a dar sinais de que uma interven\u00e7\u00e3o militar est\u00e1 em risco se n\u00e3o houver acordo. Ao mesmo tempo, a R\u00fassia e a China demonstram o seu apoio pol\u00edtico com exerc\u00edcios navais conjuntos ao largo da costa iraniana. V\u00e1rios pa\u00edses est\u00e3o agora a avisar explicitamente os seus cidad\u00e3os para n\u00e3o viajarem para o Ir\u00e3o - um sinal da crescente amea\u00e7a de guerra.<\/p>\n<div class=\"lyte-wrapper\" style=\"width:640px;max-width:100%;margin:5px;\"><div class=\"lyMe\" id=\"WYL_6S8p9dVlo2Q\"><div id=\"lyte_6S8p9dVlo2Q\" data-src=\"https:\/\/www.markus-schall.de\/wp-content\/plugins\/wp-youtube-lyte\/lyteCache.php?origThumbUrl=%2F%2Fi.ytimg.com%2Fvi%2F6S8p9dVlo2Q%2Fhqdefault.jpg\" class=\"pL\"><div class=\"tC\"><div class=\"tT\"><\/div><\/div><div class=\"play\"><\/div><div class=\"ctrl\"><div class=\"Lctrl\"><\/div><div class=\"Rctrl\"><\/div><\/div><\/div><noscript><a href=\"https:\/\/youtu.be\/6S8p9dVlo2Q\" rel=\"nofollow noopener\" target=\"_blank\"><img loading=\"lazy\" decoding=\"async\" src=\"https:\/\/www.markus-schall.de\/wp-content\/plugins\/wp-youtube-lyte\/lyteCache.php?origThumbUrl=https%3A%2F%2Fi.ytimg.com%2Fvi%2F6S8p9dVlo2Q%2F0.jpg\" alt=\"Miniatura de v\u00eddeo do YouTube\" width=\"640\" height=\"340\" \/><br \/>Ver este v\u00eddeo no YouTube<\/a><\/noscript><\/div><\/div><div class=\"lL\" style=\"max-width:100%;width:640px;margin:5px;\"><\/div><br \/>\nGuerra com os EUA? \u00c9 assim que o Ir\u00e3o se est\u00e1 a preparar <a href=\"https:\/\/www.youtube.com\/@zeit\" target=\"_blank\" rel=\"nofollow noopener\">O TEMPO<\/a><\/p>\n<p><strong>18.02.2026<\/strong>Depois de uma segunda ronda de conversa\u00e7\u00f5es indirectas entre os EUA e o Ir\u00e3o sobre o seu programa nuclear, os meios de comunica\u00e7\u00e3o social norte-americanos informam que as negocia\u00e7\u00f5es est\u00e3o num impasse e que \u00e9 cada vez mais prov\u00e1vel um ataque americano. O <a href=\"https:\/\/www.fr.de\/politik\/angriff-auf-iran-militaerische-aktion-scheint-naeher-zu-ruecken-trump-usa-zr-94176516.html\" target=\"_blank\" rel=\"noopener\"><strong>Frankfurter Rundschau<\/strong><\/a> Segundo informa\u00e7\u00f5es internas, as chefias militares americanas est\u00e3o aparentemente a preparar-se para uma opera\u00e7\u00e3o em grande escala que poder\u00e1 durar v\u00e1rias semanas e que ser\u00e1 significativamente diferente das anteriores opera\u00e7\u00f5es limitadas. De acordo com o relat\u00f3rio, Israel tamb\u00e9m poderia estar envolvido. Os representantes iranianos continuam a sublinhar a vontade de falar sobre o programa nuclear, mas ainda n\u00e3o foram alcan\u00e7ados acordos concretos, enquanto as op\u00e7\u00f5es diplom\u00e1ticas parecem estar a diminuir.<\/p>\n<p><strong>12.02.2026<\/strong>No final de uma reuni\u00e3o com o primeiro-ministro israelita Benjamin Netanyahu, o Presidente dos EUA, Donald Trump, reafirmou que as negocia\u00e7\u00f5es com o Ir\u00e3o sobre um poss\u00edvel acordo nuclear v\u00e3o continuar. <a href=\"https:\/\/www.sueddeutsche.de\/politik\/nahost-trump-zu-netanjahu-bestehe-auf-verhandlungen-mit-dem-iran-dpa.urn-newsml-dpa-com-20090101-260212-930-675496\" target=\"_blank\" rel=\"nofollow noopener\"><strong>Continua\u00e7\u00e3o do acordo nuclear<\/strong><\/a> deve ser feito. Trump escreveu na sua plataforma que tinha \u201einsistido\u201c em descobrir se um acordo era poss\u00edvel e sublinhou que preferia negocia\u00e7\u00f5es a ac\u00e7\u00f5es militares. Netanyahu insistiu repetidamente para que as negocia\u00e7\u00f5es n\u00e3o se limitem ao programa nuclear, mas incluam tamb\u00e9m os m\u00edsseis bal\u00edsticos iranianos e o apoio a mil\u00edcias como o Hamas e o Hezbollah.<\/p>\n<p><strong>05.02.2026<\/strong>Como o <a href=\"https:\/\/www.handelsblatt.com\/politik\/international\/nahost-iran-kuendigt-verhandlungen-mit-usa-fuer-freitag-im-oman-an\/100136895.html\" target=\"_blank\" rel=\"noopener\"><strong>O Handelsblatt informa<\/strong><\/a>, Est\u00e1 a surgir uma nova iniciativa diplom\u00e1tica na disputa nuclear entre os EUA e o Ir\u00e3o. Teer\u00e3o anunciou a sua inten\u00e7\u00e3o de manter conversa\u00e7\u00f5es com os Estados Unidos em Om\u00e3, na sexta-feira, sendo a capital omanense, Mascate, considerada um poss\u00edvel local de encontro. De acordo com fontes iranianas, as negocia\u00e7\u00f5es nucleares dever\u00e3o ter in\u00edcio por volta das 10h00 locais, tendo Washington manifestado a sua vontade de realizar conversa\u00e7\u00f5es, mas deixando, por enquanto, em aberto a confirma\u00e7\u00e3o final. As negocia\u00e7\u00f5es decorrem num contexto de tens\u00f5es crescentes, uma vez que o Presidente dos EUA, Donald Trump, exerceu recentemente press\u00f5es militares sobre o Ir\u00e3o e, ao mesmo tempo, manifestou a esperan\u00e7a de uma solu\u00e7\u00e3o diplom\u00e1tica. Os observadores v\u00eaem mais uma vez Om\u00e3 como um mediador neutro entre os dois Estados. O Handelsblatt acompanha a evolu\u00e7\u00e3o da situa\u00e7\u00e3o na p\u00e1gina ligada, com um live ticker cont\u00ednuo que documenta cronologicamente os acontecimentos, as reac\u00e7\u00f5es e as medidas diplom\u00e1ticas.<\/p>\n<p><strong>29.01.2026<\/strong>: A Uni\u00e3o Europeia tem <a href=\"https:\/\/www.tagesschau.de\/ausland\/asien\/iran-eu-sanktionen-102.html\" target=\"_blank\" rel=\"noopener\"><strong>Novas san\u00e7\u00f5es contra o Ir\u00e3o<\/strong><\/a> e, entre outras coisas, classificou oficialmente o corpo paramilitar dos Guardas da Revolu\u00e7\u00e3o Isl\u00e2mica (IRGC) como uma organiza\u00e7\u00e3o terrorista. A UE junta-se assim a uma s\u00e9rie de Estados ocidentais que criticaram o papel dos Guardas da Revolu\u00e7\u00e3o pelo seu envolvimento na repress\u00e3o brutal dos protestos e nas viola\u00e7\u00f5es dos direitos humanos. Ao mesmo tempo, outros funcion\u00e1rios e organiza\u00e7\u00f5es iranianas foram sujeitos a medidas punitivas, incluindo a proibi\u00e7\u00e3o de entrada e o congelamento de bens. A decis\u00e3o foi tomada ap\u00f3s disputas internas em Bruxelas e marca uma posi\u00e7\u00e3o pol\u00edtica mais dura contra Teer\u00e3o. O Ir\u00e3o descreveu a medida como provocat\u00f3ria e anunciou poss\u00edveis contra-medidas, tais como a classifica\u00e7\u00e3o das for\u00e7as armadas europeias como \u201eterroristas\u201c. As san\u00e7\u00f5es fazem parte de uma s\u00e9rie de medidas de press\u00e3o internacional no contexto da atual crise pol\u00edtica no Ir\u00e3o. Friedrich Merz afirmou esperar que o atual regime termine em breve e que o Ir\u00e3o possa <a href=\"https:\/\/www.spiegel.de\/ausland\/iran-teheran-bestellt-deutschen-botschafter-ein-wegen-aeusserungen-von-friedrich-merz-a-7211375d-5529-4419-b18d-e81d89d54fbc\" target=\"_blank\" rel=\"noopener\"><strong>Embaixador alem\u00e3o convocado<\/strong><\/a> tem.<\/p>\n<p><strong>29.01.2026<\/strong>O Presidente dos Estados Unidos, Donald Trump, segundo um <a href=\"https:\/\/www.handelsblatt.com\/dpa\/iran-konflikt-trump-droht-dem-iran-im-atomstreit-mit-militaerschlag\/100195587.html\" target=\"_blank\" rel=\"noopener\"><strong>Reportagem no Handelsblatt<\/strong><\/a> voltou a intensificar significativamente a sua ret\u00f3rica no conflito com o Ir\u00e3o e n\u00e3o excluiu consequ\u00eancias militares. Trump apelou a Teer\u00e3o para que se sentasse rapidamente \u00e0 mesa das negocia\u00e7\u00f5es e renunciasse a qualquer capacidade de desenvolver armas nucleares - caso contr\u00e1rio, haveria a amea\u00e7a de um ataque militar mais duro do que em anteriores ataques a instala\u00e7\u00f5es nucleares iranianas.<\/p>\n<p>De acordo com a ag\u00eancia noticiosa dpa, Trump sublinhou ainda que uma \u201earmada\u201c de navios de guerra, liderada pelo porta-avi\u00f5es norte-americano USS Abraham Lincoln, se deslocava \u00e0 regi\u00e3o para exercer press\u00e3o. Os dirigentes iranianos rejeitaram as exig\u00eancias de Trump e sublinharam que o programa nuclear se destina essencialmente a fins civis. As tens\u00f5es sobre quest\u00f5es nucleares e de seguran\u00e7a continuam elevadas.<\/p>\n<hr \/>\n<h2>O pa\u00eds que pensamos conhecer<\/h2>\n<p>Os media trabalham com a condensa\u00e7\u00e3o. Realidades complexas s\u00e3o comprimidas em textos curtos, imagens e conceitos. N\u00e3o se trata de uma cr\u00edtica, mas de uma necessidade. Mas quando os mesmos termos s\u00e3o repetidos vezes sem conta ao longo dos anos, cria-se algo mais do que informa\u00e7\u00e3o: uma narrativa.<\/p>\n<p>No caso do Ir\u00e3o, estes termos s\u00e3o bem conhecidos. \u201eRegime\u201c em vez de governo. \u201eLinha dura\u201c em vez de pol\u00edticos. \u201eOpress\u00e3o\u201c como uma folha de base permanente. Claro que h\u00e1 raz\u00f5es para esta escolha de palavras. Mas a linguagem orienta a perce\u00e7\u00e3o. Aqueles que est\u00e3o constantemente a falar em categorias morais deixam pouco espa\u00e7o para as nuances.<\/p>\n<p>Um olhar sobre os principais meios de comunica\u00e7\u00e3o ocidentais - como o Der Spiegel - mostra como esta imagem tem sido reproduzida de forma consistente ao longo dos anos. Os acontecimentos individuais mudam, mas a estrutura narrativa mant\u00e9m-se surpreendentemente est\u00e1vel. Os protestos s\u00e3o lidos como a rebeli\u00e3o de um povo inteiro, as reac\u00e7\u00f5es do Estado como prova de estruturas totalit\u00e1rias. No meio, h\u00e1 pouco espa\u00e7o para a ambival\u00eancia.<\/p>\n<h3>Quando as imagens se tornam mais fortes do que a realidade<\/h3>\n<p>O problema com essas narrativas n\u00e3o \u00e9 o facto de serem completamente falsas. \u00c9 o facto de raramente serem completas. Um pa\u00eds com mais de 80 milh\u00f5es de habitantes, milhares de anos de hist\u00f3ria e uma enorme diversidade cultural n\u00e3o pode ser reduzido a alguns marcos morais. Mas \u00e9 exatamente isso que acontece.<\/p>\n<p>O Ir\u00e3o \u00e9 frequentemente descrito como se fosse constitu\u00eddo exclusivamente por s\u00edmbolos pol\u00edticos. As pessoas s\u00f3 aparecem como v\u00edtimas ou activistas. A vida quotidiana desaparece. A normalidade tamb\u00e9m. Infra-estruturas, educa\u00e7\u00e3o, sistemas funcionais - tudo isto se enquadra mal na imagem estabelecida e, por isso, quase nunca \u00e9 discutido.<\/p>\n<p>Isto cria um efeito estranho: quanto mais tempo uma narrativa existe, menos verific\u00e1vel parece. As observa\u00e7\u00f5es divergentes parecem imediatamente suspeitas. Quem relata cidades que funcionam ou pessoas satisfeitas tem de se justificar. N\u00e3o \u00e9 a imagem negativa, mas o desvio em rela\u00e7\u00e3o a ela que \u00e9 considerado como necessitando de explica\u00e7\u00e3o.<\/p>\n<h3>A certeza moral como zona de conforto<\/h3>\n<p>Esta forma de relato tem um efeito secund\u00e1rio agrad\u00e1vel para o leitor: oferece clareza moral. O bem e o mal est\u00e3o claramente divididos. A solidariedade \u00e9 f\u00e1cil. A indigna\u00e7\u00e3o tamb\u00e9m. Sabe-se qual \u00e9 a nossa posi\u00e7\u00e3o sem ter de pensar muito.<\/p>\n<p>Mas a realidade pol\u00edtica raramente funciona assim. Os pa\u00edses com um historial de conflitos, amea\u00e7as externas e tens\u00f5es internas, em particular, desenvolvem disposi\u00e7\u00f5es sociais complexas. Estes n\u00e3o podem ser compreendidos se forem medidos exclusivamente segundo os padr\u00f5es ocidentais ou se forem classificados moralmente.<\/p>\n<p>O Ir\u00e3o n\u00e3o \u00e9 um caso especial. Mecanismos semelhantes podem tamb\u00e9m ser observados noutros pa\u00edses, que foram rotulados como casos problem\u00e1ticos durante anos. No entanto, esta din\u00e2mica \u00e9 particularmente forte no Ir\u00e3o - talvez porque o pa\u00eds desafia sistematicamente a categoriza\u00e7\u00e3o ocidental.<\/p>\n<h3>A primeira irrita\u00e7\u00e3o<\/h3>\n<p>Nesta altura, vale a pena dar um passo atr\u00e1s. N\u00e3o para rejeitar a imagem anterior, mas para a abrir. E se a narrativa dominante sobre o Ir\u00e3o retratar aspectos da realidade mas ignorar sistematicamente outros? E se os protestos forem reais, mas n\u00e3o representarem todo o pa\u00eds? E se houver controlo estatal, mas a vida quotidiana ainda for poss\u00edvel?<\/p>\n<p>\u00c0 partida, estas perguntas parecem banais. E, no entanto, raramente s\u00e3o colocadas. Porque interrompem a narrativa habitual. Obrigam-nos a considerar v\u00e1rios n\u00edveis ao mesmo tempo: Pol\u00edtica, sociedade, hist\u00f3ria, interesses. Mas \u00e9 precisamente isso que \u00e9 necess\u00e1rio se quisermos fazer uma abordagem s\u00e9ria do Ir\u00e3o.<\/p>\n<h3>O que n\u00e3o est\u00e1 em causa neste texto<\/h3>\n<p>Antes de prosseguirmos, \u00e9 necess\u00e1rio um esclarecimento. Este texto n\u00e3o pretende idealizar o Ir\u00e3o. N\u00e3o tem como objetivo defender qualquer governo, minimizar quaisquer problemas ou prosseguir qualquer agenda pol\u00edtica. Tamb\u00e9m n\u00e3o pretende fazer contra-propaganda. Tudo isso seria apenas um reflexo de padr\u00f5es conhecidos.<\/p>\n<p>Em vez disso, trata-se de algo mais inc\u00f3modo: a diferencia\u00e7\u00e3o. Sobre contradi\u00e7\u00f5es duradouras. Sobre a vontade de abrir uma imagem fechada e examinar onde ela se mant\u00e9m - e onde n\u00e3o se mant\u00e9m.<\/p>\n<p>Este artigo destina-se aos leitores que est\u00e3o preparados para suportar a incerteza. Que aceitam que a realidade pol\u00edtica raramente \u00e9 inequ\u00edvoca. E que compreendem que h\u00e1 uma diferen\u00e7a entre a cr\u00edtica e a caricatura.<\/p>\n<p>O Ir\u00e3o \u00e9 particularmente adequado para uma an\u00e1lise deste tipo. N\u00e3o porque seja \u00fanico, mas porque exemplifica a for\u00e7a com que a nossa perce\u00e7\u00e3o \u00e9 caracterizada por narrativas. Aqueles que se envolverem com ele n\u00e3o ser\u00e3o recompensados com respostas claras - mas com uma compreens\u00e3o mais profunda.<\/p>\n<p>E \u00e9 a\u00ed que come\u00e7a a verdadeira viagem.<\/p>\n<p><img loading=\"lazy\" decoding=\"async\" class=\"alignnone wp-image-4499 size-large\" src=\"https:\/\/www.markus-schall.de\/wp-content\/uploads\/Iran-Strassenszene.jpg\" alt=\"Cena de rua no Ir\u00e3o\" width=\"1024\" height=\"683\" srcset=\"https:\/\/www.markus-schall.de\/wp-content\/uploads\/Iran-Strassenszene.jpg 1024w, https:\/\/www.markus-schall.de\/wp-content\/uploads\/Iran-Strassenszene-300x200.jpg 300w, https:\/\/www.markus-schall.de\/wp-content\/uploads\/Iran-Strassenszene-768x512.jpg 768w, https:\/\/www.markus-schall.de\/wp-content\/uploads\/Iran-Strassenszene-18x12.jpg 18w\" sizes=\"auto, (max-width: 1024px) 100vw, 1024px\" \/><\/p>\n<h2>Um pa\u00eds para al\u00e9m das manchetes<\/h2>\n<p>Quem s\u00f3 conhece o Ir\u00e3o atrav\u00e9s dos meios de comunica\u00e7\u00e3o ocidentais entra no pa\u00eds com expectativas claras. Esperam-se controlos, tens\u00f5es vis\u00edveis, uma atmosfera de restri\u00e7\u00e3o. Espera-se um pa\u00eds que \u00e9 dif\u00edcil de funcionar, se \u00e9 que funciona. Este facto torna a primeira impress\u00e3o ainda mais irritante para muitos dos que l\u00e1 chegam.<\/p>\n<p>Em vez do caos, encontram a organiza\u00e7\u00e3o. Em vez de solu\u00e7\u00f5es improvisadas, deparam-se com processos funcionais. Aeroportos, tr\u00e2nsito, orienta\u00e7\u00e3o - tudo segue regras claras. Em cidades como Teer\u00e3o, rapidamente se torna claro que esta \u00e9 uma metr\u00f3pole de milh\u00f5es que n\u00e3o existe em estado de emerg\u00eancia, mas na vida quotidiana.<\/p>\n<p>Esta irrita\u00e7\u00e3o inicial n\u00e3o \u00e9 um caso isolado. \u00c9 comum a muitos relatos de experi\u00eancias - independentemente do facto de os visitantes estarem ou n\u00e3o politicamente interessados. \u00c9 o momento em que a imagem medi\u00e1tica come\u00e7a a ficar estragada.<\/p>\n<h3>Infra-estruturas n\u00e3o espectaculares<\/h3>\n<p>As infra-estruturas raramente s\u00e3o espectaculares. \u00c9 precisamente por isso que \u00e9 um bom teste \u00e0 realidade. Porque \u00e9 dif\u00edcil de encenar. Ou funciona - ou n\u00e3o funciona.<\/p>\n<p>O Ir\u00e3o disp\u00f5e de uma densa rede de transportes, de modernos sistemas de metro nas grandes cidades, de autocarros de longa dist\u00e2ncia, de liga\u00e7\u00f5es ferrovi\u00e1rias e de sistemas digitais de reserva. Os transportes p\u00fablicos s\u00e3o limpos, baratos e fi\u00e1veis. Isto \u00e9 uma surpresa para muitos visitantes, n\u00e3o por estarem \u00e0 espera de um pa\u00eds em desenvolvimento, mas porque uma vida quotidiana t\u00e3o funcional n\u00e3o corresponde \u00e0 imagem habitual.<\/p>\n<p>Esta normalidade \u00e9 tamb\u00e9m evidente para al\u00e9m do tr\u00e2nsito: fornecimento de energia, \u00e1gua, telem\u00f3veis, Internet - tudo est\u00e1 dispon\u00edvel, tudo \u00e9 utilizado, tudo faz parte da vida urbana moderna. Nada disso parece provis\u00f3rio ou improvisado. Pelo contr\u00e1rio: muitas coisas est\u00e3o organizadas de forma eficiente porque o Estado aprendeu com d\u00e9cadas de san\u00e7\u00f5es a construir sistemas robustos.<\/p>\n<h3>Cidades que vivem - e n\u00e3o que protestam<\/h3>\n<p>As reportagens ocidentais mostram as cidades iranianas quase exclusivamente em situa\u00e7\u00f5es excepcionais: Manifesta\u00e7\u00f5es, confrontos, cortejos f\u00fanebres, presen\u00e7a policial. O que se perde \u00e9 o ponto crucial: a maior parte da vida urbana decorre fora desses momentos.<\/p>\n<p>Os caf\u00e9s est\u00e3o cheios, os parques est\u00e3o movimentados, os centros comerciais est\u00e3o cheios de movimento. As fam\u00edlias passeiam, os jovens encontram-se, os estudantes discutem. A imagem n\u00e3o \u00e9 a de uma popula\u00e7\u00e3o intimidada, mas a de uma sociedade que se instalou, com todas as contradi\u00e7\u00f5es que isso implica.<\/p>\n<p>Esta normalidade \u00e9 dif\u00edcil de transmitir porque n\u00e3o \u00e9 dram\u00e1tica. Contrasta com a ideia de um pa\u00eds que est\u00e1 permanentemente \u00e0 beira da revolta. E, no entanto, \u00e9 fundamental para compreender o Ir\u00e3o.<\/p>\n<h3>Educa\u00e7\u00e3o, tecnologia e pr\u00e1tica quotidiana<\/h3>\n<p>H\u00e1 d\u00e9cadas que o Ir\u00e3o tem vindo a investir fortemente na educa\u00e7\u00e3o. As universidades, os institutos t\u00e9cnicos e as instala\u00e7\u00f5es de investiga\u00e7\u00e3o caracterizam sobretudo os centros urbanos. Muitos jovens s\u00e3o altamente qualificados, conhecedores da tecnologia e orientados para a internacionaliza\u00e7\u00e3o. O desenvolvimento de software, a engenharia e a medicina desempenham um papel importante na vida quotidiana do Ir\u00e3o.<\/p>\n<p>Esta experi\u00eancia n\u00e3o \u00e9 apenas acad\u00e9mica, mas tamb\u00e9m tang\u00edvel na pr\u00e1tica. M\u00e9todos de pagamento digitais, plataformas locais, solu\u00e7\u00f5es independentes de log\u00edstica e comunica\u00e7\u00e3o fazem parte do quotidiano. As san\u00e7\u00f5es n\u00e3o conduziram a uma paralisa\u00e7\u00e3o, mas sim \u00e0 independ\u00eancia. O resultado \u00e9 uma sociedade que aprendeu a funcionar dentro das restri\u00e7\u00f5es - muitas vezes com uma efici\u00eancia surpreendente.<\/p>\n<h3>Alimenta\u00e7\u00e3o, limpeza e ordem social<\/h3>\n<p>O espa\u00e7o p\u00fablico \u00e9 um indicador frequentemente subestimado da estabilidade social. A limpeza, a oferta e a intera\u00e7\u00e3o social dizem mais sobre um pa\u00eds do que os slogans pol\u00edticos.<\/p>\n<p>A comida \u00e9 omnipresente no Ir\u00e3o - n\u00e3o como uma escassez, mas como uma cultura. As bancas de rua, os pequenos snack-bares e os restaurantes de todas as gamas de pre\u00e7os caracterizam a paisagem urbana. Grande parte da comida \u00e9 fresca, regional e pouco industrializada. Para os visitantes, n\u00e3o \u00e9 ex\u00f3tica, mas agradavelmente familiar. E muitas vezes de melhor qualidade do que seria de esperar.<\/p>\n<p>As instala\u00e7\u00f5es sanit\u00e1rias, os equipamentos p\u00fablicos e os transportes tamb\u00e9m s\u00e3o geralmente bem mantidos. Isto pode parecer banal, mas \u00e9 fundamental. Porque contraria a imagem de um sistema decadente. Aqui, a ordem n\u00e3o \u00e9 o resultado do medo, mas do h\u00e1bito.<\/p>\n<h3>A vida quotidiana n\u00e3o \u00e9 uma declara\u00e7\u00e3o pol\u00edtica<\/h3>\n<p>Um dos maiores erros cometidos pelos observadores ocidentais \u00e9 interpretar automaticamente a vida quotidiana em termos pol\u00edticos. Aqueles que n\u00e3o protestam s\u00e3o vistos como conformistas. Os que se manifestam s\u00e3o considerados oprimidos. Mas n\u00e3o \u00e9 assim t\u00e3o simples.<\/p>\n<p>Para muitos iranianos, a vida quotidiana n\u00e3o \u00e9 uma express\u00e3o de consentimento pol\u00edtico - \u00e9 simplesmente a vida. Trabalho, estudo, fam\u00edlia, lazer. A pol\u00edtica est\u00e1 presente, mas n\u00e3o domina tudo. Muitas pessoas fazem uma distin\u00e7\u00e3o muito clara entre a sua atitude em rela\u00e7\u00e3o ao governo e o seu desejo de estabilidade. Sabem o que est\u00e3o a arriscar - e o que podem perder.<\/p>\n<p>Esta atitude n\u00e3o \u00e9 cobarde nem acr\u00edtica. \u00c9 pragm\u00e1tica. E dificilmente pode ser compreendida sem o conhecimento das experi\u00eancias hist\u00f3ricas do pa\u00eds.<\/p>\n<h3>Porque \u00e9 que esta normalidade quase nunca \u00e9 contada<\/h3>\n<p>Porque \u00e9 que esta imagem aparece t\u00e3o raramente nos meios de comunica\u00e7\u00e3o ocidentais? N\u00e3o por maldade, mas por raz\u00f5es estruturais. A normalidade vende mal. N\u00e3o gera indigna\u00e7\u00e3o ou uma posi\u00e7\u00e3o moral clara. \u00c9 dif\u00edcil de resumir e contradiz as narrativas estabelecidas.<\/p>\n<p>Al\u00e9m disso, n\u00e3o se enquadra na necessidade de categorizar claramente os conflitos pol\u00edticos. \u00c9 dif\u00edcil categorizar um pa\u00eds que tem simultaneamente tra\u00e7os autorit\u00e1rios e funciona na vida quotidiana. Isso obriga-nos a diferenciar - e \u00e9 precisamente isso que muitos formatos evitam.<\/p>\n<h3>Um primeiro controlo da realidade<\/h3>\n<p>Este cap\u00edtulo n\u00e3o tem por objetivo branquear nada. Pretende apenas mostrar que a imagem comum do Ir\u00e3o \u00e9 incompleta. Se quisermos compreender o Ir\u00e3o, temos de levar a s\u00e9rio a vida quotidiana. N\u00e3o como contra-argumento \u00e0s cr\u00edticas, mas como base de qualquer an\u00e1lise s\u00e9ria.<\/p>\n<p>Porque um pa\u00eds que funciona na vida quotidiana n\u00e3o \u00e9 uma constru\u00e7\u00e3o abstrata. \u00c9 um sistema vivo. E \u00e9 precisamente este sistema que constitui o enquadramento de tudo o que se segue nos pr\u00f3ximos cap\u00edtulos: Protestos, conflitos, influ\u00eancia - mas tamb\u00e9m estabilidade, adapta\u00e7\u00e3o e l\u00f3gica pr\u00f3pria.<\/p>\n<p><img loading=\"lazy\" decoding=\"async\" class=\"alignnone wp-image-4500 size-large\" src=\"https:\/\/www.markus-schall.de\/wp-content\/uploads\/Iran-U-Bahn.jpg\" alt=\"Subterr\u00e2neo no Ir\u00e3o\" width=\"1024\" height=\"683\" srcset=\"https:\/\/www.markus-schall.de\/wp-content\/uploads\/Iran-U-Bahn.jpg 1024w, https:\/\/www.markus-schall.de\/wp-content\/uploads\/Iran-U-Bahn-300x200.jpg 300w, https:\/\/www.markus-schall.de\/wp-content\/uploads\/Iran-U-Bahn-768x512.jpg 768w, https:\/\/www.markus-schall.de\/wp-content\/uploads\/Iran-U-Bahn-18x12.jpg 18w\" sizes=\"auto, (max-width: 1024px) 100vw, 1024px\" \/><\/p>\n<h2>Uma observa\u00e7\u00e3o que n\u00e3o se encaixa no quadro<\/h2>\n<p>Quase nenhum outro nome polariza de forma t\u00e3o fi\u00e1vel como <a href=\"https:\/\/de.wikipedia.org\/wiki\/Scott_Ritter\" target=\"_blank\" rel=\"noopener\"><strong>Scott Ritter<\/strong><\/a>. Para alguns, \u00e9 um cr\u00edtico inc\u00f3modo da pol\u00edtica externa ocidental, para outros, uma figura cujas posi\u00e7\u00f5es s\u00e3o rejeitadas ou, pelo menos, encaradas com ceticismo. Mas, independentemente deste ju\u00edzo, h\u00e1 uma coisa que n\u00e3o pode ser negada: H\u00e1 d\u00e9cadas que Ritter lida com conflitos internacionais, estruturas de poder e sociedades que est\u00e3o para al\u00e9m das zonas de conforto do Ocidente.<\/p>\n<p>\u00c9 precisamente por isso que vale a pena n\u00e3o descartar prematuramente as suas observa\u00e7\u00f5es. N\u00e3o porque sejam automaticamente \u201ecorretas\u201c, mas porque se baseiam na sua pr\u00f3pria experi\u00eancia. E o ponto de vista pr\u00f3prio tornou-se raro nas reportagens sobre o Ir\u00e3o.<\/p>\n<p>Scott Ritter \u00e9 um antigo oficial norte-americano e inspetor internacional de armamento que se tornou mais conhecido pelo seu trabalho como inspetor de armamento da ONU no Iraque na d\u00e9cada de 1990. Nesta fun\u00e7\u00e3o, desempenhou um papel fundamental na verifica\u00e7\u00e3o das armas de destrui\u00e7\u00e3o maci\u00e7a iraquianas e foi um dos inspectores que mais cedo assinalou que as principais alega\u00e7\u00f5es sobre programas de armamento activos n\u00e3o tinham fundamento. Depois de deixar o servi\u00e7o oficial, Ritter tornou-se um cr\u00edtico feroz das interven\u00e7\u00f5es militares ocidentais e da comunica\u00e7\u00e3o pol\u00edtica associada.<\/p>\n<p>Atualmente, aparece sobretudo como autor, analista e convidado de entrevistas e comenta regularmente conflitos geopol\u00edticos, quest\u00f5es de seguran\u00e7a e estruturas de poder internacionais. Independentemente da forma como se avaliam as suas posi\u00e7\u00f5es actuais, \u00e9 considerado como algu\u00e9m que tem estado intensamente envolvido em quest\u00f5es de pol\u00edtica de seguran\u00e7a e na din\u00e2mica interna de regi\u00f5es em conflito durante d\u00e9cadas - muitas vezes a partir de uma perspetiva que n\u00e3o coincide com a corrente dominante ocidental.<\/p>\n<h3>Uma viagem que irrita<\/h3>\n<p>Em entrevistas, Ritter relata visitas ao Ir\u00e3o que n\u00e3o se enquadram na imagem que muitos leitores t\u00eam na cabe\u00e7a. Descreve um pa\u00eds com infra-estruturas ultramodernas, sistemas de transportes p\u00fablicos funcionais e uma vida quotidiana que, surpreendentemente, pouco tem a ver com o estado de emerg\u00eancia.<\/p>\n<p>Comboios subterr\u00e2neos, autocarros, estradas - tudo \u00e9 organizado, limpo e fi\u00e1vel. Os espa\u00e7os p\u00fablicos parecem bem conservados e n\u00e3o improvisados. Mesmo coisas banais como instala\u00e7\u00f5es sanit\u00e1rias, snack-bares ou servi\u00e7os deixam uma impress\u00e3o que lembra mais as cidades europeias que funcionam bem do que a imagem de um estado isolado e dilapidado.<\/p>\n<p>Lembra-se particularmente da comida: h\u00e1 fast food, sim, mas menos industrializada, mais fresca, mais saud\u00e1vel. N\u00e3o h\u00e1 car\u00eancias, n\u00e3o h\u00e1 provis\u00f5es de emerg\u00eancia, mas sim cultura quotidiana. Nada disto parece espetacular. E \u00e9 exatamente isso que o torna t\u00e3o not\u00e1vel.<\/p>\n<h3>Porque \u00e9 que estas observa\u00e7\u00f5es nos fazem suspeitar<\/h3>\n<p>O ceticismo instala-se frequentemente nesta altura. Como \u00e9 que um pa\u00eds com um governo islamista pode parecer t\u00e3o \u201enormal\u201c? Como \u00e9 que a modernidade funcional se encaixa num sistema que \u00e9 normalmente descrito como atrasado no Ocidente?<\/p>\n<p>Este ceticismo \u00e9 compreens\u00edvel. N\u00e3o tem origem na maldade, mas na disson\u00e2ncia cognitiva. Duas imagens n\u00e3o combinam: a da teocracia autorit\u00e1ria e a de uma sociedade quotidiana funcional. Por isso, uma delas \u00e9 posta em causa - geralmente a segunda.<\/p>\n<p>Mas \u00e9 precisamente aqui que vale a pena fazer uma pausa. Porque talvez o problema n\u00e3o seja a observa\u00e7\u00e3o, mas a simplifica\u00e7\u00e3o com que vemos os sistemas pol\u00edticos.<\/p>\n<h3>Cidade, pa\u00eds - duas realidades pol\u00edticas<\/h3>\n<p>Um aspeto da realidade iraniana que \u00e9 frequentemente ignorado \u00e9 a clara divis\u00e3o entre as zonas urbanas e rurais. As prefer\u00eancias pol\u00edticas diferem significativamente - um padr\u00e3o que tamb\u00e9m \u00e9 familiar nas democracias ocidentais, mas que raramente \u00e9 discutido no Ir\u00e3o.<\/p>\n<p>Nas regi\u00f5es rurais, as autoridades religiosas e os candidatos conservadores gozam tradicionalmente de um elevado n\u00edvel de apoio. As estruturas sociais s\u00e3o mais pr\u00f3ximas, os la\u00e7os religiosos s\u00e3o mais fortes e a estabilidade do Estado \u00e9 mais importante do que a mudan\u00e7a social. Por outro lado, nas grandes cidades - como Teer\u00e3o, Isfahan ou Shiraz - os estilos de vida s\u00e3o frequentemente mais modernos, seculares e individualistas. As cr\u00edticas ao governo s\u00e3o mais generalizadas, mesmo que nem sempre sejam expressas abertamente.<\/p>\n<p>As elei\u00e7\u00f5es no Ir\u00e3o reflectem esta divis\u00e3o. O resultado parece muitas vezes paradoxal de uma perspetiva ocidental, mas segue uma l\u00f3gica interna. Falar de uma ditadura cl\u00e1ssica n\u00e3o \u00e9 suficiente. O sistema \u00e9 autorit\u00e1rio, sim, mas baseia-se em verdadeiras maiorias sociais em certas regi\u00f5es.<\/p>\n<h3>Porque \u00e9 que a estabilidade \u00e9 mais importante do que a ideologia para muitos<\/h3>\n<p>As observa\u00e7\u00f5es de Ritter tamb\u00e9m podem ser lidas neste contexto. Uma vida quotidiana funcional n\u00e3o \u00e9 uma coincid\u00eancia, mas o resultado de prioridades pol\u00edticas. O Estado iraniano investe especificamente em infra-estruturas, abastecimento e ordem - n\u00e3o por idealismo liberal, mas por saber que a estabilidade \u00e9 a base de todo o poder.<\/p>\n<p>Para muitas pessoas, esta estabilidade significa seguran\u00e7a. N\u00e3o a liberdade no sentido ocidental, mas a fiabilidade. Num pa\u00eds com uma longa hist\u00f3ria de amea\u00e7as externas e convuls\u00f5es internas, este n\u00e3o \u00e9 um valor trivial.<\/p>\n<p>Isto tamb\u00e9m explica por que raz\u00e3o muitos iranianos n\u00e3o t\u00eam de amar o seu governo para o tolerar. Existe uma vasta gama de aceita\u00e7\u00e3o pragm\u00e1tica entre a aprova\u00e7\u00e3o e a rejei\u00e7\u00e3o.<\/p>\n<h3>A observa\u00e7\u00e3o n\u00e3o \u00e9 um al\u00edvio<\/h3>\n<p>O que \u00e9 importante \u00e9 o que este cap\u00edtulo n\u00e3o faz. N\u00e3o absolve nenhum governo. N\u00e3o relativiza a repress\u00e3o. N\u00e3o explica moralmente nenhuma decis\u00e3o pol\u00edtica. Limita-se a descrever uma observa\u00e7\u00e3o que n\u00e3o se enquadra no quadro habitual - e pergunta porqu\u00ea.<\/p>\n<p>O Ir\u00e3o de Scott Ritter n\u00e3o \u00e9 um Estado ideal. \u00c9 um Estado funcional com tens\u00f5es internas, conflitos sociais e fronteiras pol\u00edticas. \u00c9 precisamente esta mistura que o torna dif\u00edcil de compreender - e inadequado para narrativas simples.<\/p>\n<h3>Porque \u00e9 que raramente se d\u00e1 espa\u00e7o a estas vozes<\/h3>\n<p>Relatos como o de Ritter s\u00e3o inc\u00f3modos no discurso ocidental. S\u00e3o dif\u00edceis de classificar porque n\u00e3o escandalizam nem tranquilizam. Contrariam as expectativas sem as atacar frontalmente. E obrigam-nos a distinguir entre a cr\u00edtica ao sistema e a realidade quotidiana.<\/p>\n<p>Isso \u00e9 cansativo. Tanto para os jornalistas como para os leitores. Mas \u00e9 necess\u00e1rio se quisermos abordar o Ir\u00e3o para al\u00e9m dos t\u00edtulos dos jornais.<\/p>\n<p>Este cap\u00edtulo n\u00e3o \u00e9 uma prova. \u00c9 uma pista. Uma de muitas. N\u00e3o conduz a uma verdade clara, mas a uma constata\u00e7\u00e3o importante: o Ir\u00e3o \u00e9 mais contradit\u00f3rio, mais moderno e mais quotidiano do que muitas vezes pensamos.<\/p>\n<p>E \u00e9 precisamente esta contradi\u00e7\u00e3o que constitui a base de tudo o que se segue - em particular da quest\u00e3o de saber por que raz\u00e3o surgem os protestos, como ocorrem e que interesses podem afetar.<\/p>\n<h3>Drew Binsky no Ir\u00e3o - Perspectivas para al\u00e9m dos t\u00edtulos dos jornais<\/h3>\n<p>Neste v\u00eddeo extraordin\u00e1rio, o YouTuber de viagens americano Drew Binsky leva-nos numa viagem ao Ir\u00e3o. Binsky \u00e9 um dos poucos criadores de conte\u00fados no mundo a ter viajado por todos os pa\u00edses do mundo e partilha as suas experi\u00eancias em imagens muito pessoais e sem agita\u00e7\u00e3o. O v\u00eddeo incorporado est\u00e1 em ingl\u00eas, com legendas opcionais em alem\u00e3o atrav\u00e9s do s\u00edmbolo da roda dentada - quando o v\u00eddeo \u00e9 aberto no YouTube, come\u00e7a com a tradu\u00e7\u00e3o para alem\u00e3o.<\/p>\n<div class=\"lyte-wrapper\" style=\"width:640px;max-width:100%;margin:5px;\"><div class=\"lyMe\" id=\"WYL_RsRRa9MAEdc\"><div id=\"lyte_RsRRa9MAEdc\" data-src=\"https:\/\/www.markus-schall.de\/wp-content\/plugins\/wp-youtube-lyte\/lyteCache.php?origThumbUrl=%2F%2Fi.ytimg.com%2Fvi%2FRsRRa9MAEdc%2Fhqdefault.jpg\" class=\"pL\"><div class=\"tC\"><div class=\"tT\"><\/div><\/div><div class=\"play\"><\/div><div class=\"ctrl\"><div class=\"Lctrl\"><\/div><div class=\"Rctrl\"><\/div><\/div><\/div><noscript><a href=\"https:\/\/youtu.be\/RsRRa9MAEdc\" rel=\"nofollow noopener\" target=\"_blank\"><img loading=\"lazy\" decoding=\"async\" src=\"https:\/\/www.markus-schall.de\/wp-content\/plugins\/wp-youtube-lyte\/lyteCache.php?origThumbUrl=https%3A%2F%2Fi.ytimg.com%2Fvi%2FRsRRa9MAEdc%2F0.jpg\" alt=\"Miniatura de v\u00eddeo do YouTube\" width=\"640\" height=\"340\" \/><br \/>Ver este v\u00eddeo no YouTube<\/a><\/noscript><\/div><\/div><div class=\"lL\" style=\"max-width:100%;width:640px;margin:5px;\"><\/div><br \/>\nExplorar o Ir\u00e3o como um americano em 2025 <a href=\"https:\/\/www.youtube.com\/@drewbinsky\" target=\"_blank\" rel=\"nofollow noopener\">Drew Binsky<\/a><\/p>\n<p>No v\u00eddeo, documenta a sua estadia como cidad\u00e3o americano no Ir\u00e3o, mostrando a vida quotidiana, as conversas com os habitantes locais, a cultura alimentar, as cenas de rua e as impress\u00f5es da vida di\u00e1ria. Em vez de an\u00e1lises pol\u00edticas, o foco est\u00e1 nos encontros interpessoais e nas cenas do quotidiano - um olhar sobre o que muitos viajantes experimentam quando se afastam das manchetes. Um exemplo v\u00e1lido de como a vida quotidiana, as pessoas e a cultura podem ser vividas no Ir\u00e3o.<\/p>\n<h2>Protesto, insatisfa\u00e7\u00e3o e conflito de gera\u00e7\u00f5es<\/h2>\n<p>Quem escrever sobre o Ir\u00e3o e ocultar os protestos estar\u00e1 a pintar um quadro distorcido. A insatisfa\u00e7\u00e3o existe. \u00c9 palp\u00e1vel, vis\u00edvel e, em certas fases, ruidosa. Manifesta\u00e7\u00f5es, greves, ac\u00e7\u00f5es simb\u00f3licas - tudo isto faz parte da realidade iraniana dos \u00faltimos anos.<\/p>\n<p>No entanto, o oposto \u00e9 igualmente problem\u00e1tico: apresentar os protestos como a \u00fanica realidade. A informa\u00e7\u00e3o ocidental tende a generalizar os acontecimentos individuais. Protestos localizados ou tempor\u00e1rios rapidamente se transformam na impress\u00e3o de uma revolta permanente. Isso gera aten\u00e7\u00e3o, mas distorce a vis\u00e3o.<\/p>\n<p>O protesto no Ir\u00e3o n\u00e3o \u00e9 um estado permanente, mas uma tens\u00e3o recorrente que \u00e9 desencadeada por factores espec\u00edficos - econ\u00f3micos, sociais ou culturais. Se quisermos compreend\u00ea-lo, temos de levar estes factores a s\u00e9rio.<\/p>\n<h3>Press\u00e3o econ\u00f3mica e perturba\u00e7\u00e3o social<\/h3>\n<p>Um dos principais factores de insatisfa\u00e7\u00e3o \u00e9 a situa\u00e7\u00e3o econ\u00f3mica. As san\u00e7\u00f5es, a infla\u00e7\u00e3o e a restri\u00e7\u00e3o das oportunidades de com\u00e9rcio internacional est\u00e3o a afetar a classe m\u00e9dia e os jovens em particular. Os pre\u00e7os est\u00e3o a aumentar, as perspectivas est\u00e3o a diminuir e os planos de vida est\u00e3o a tornar-se mais dif\u00edceis de planear.<\/p>\n<p>Muitos iranianos com um bom n\u00edvel de forma\u00e7\u00e3o n\u00e3o conseguem encontrar trabalho que corresponda ao seu n\u00edvel de qualifica\u00e7\u00e3o. Outros v\u00eaem o seu futuro no estrangeiro e n\u00e3o no seu pr\u00f3prio pa\u00eds. Esta fuga de c\u00e9rebros n\u00e3o \u00e9 um chav\u00e3o pol\u00edtico, mas um problema real - e uma fonte de frustra\u00e7\u00e3o.<\/p>\n<p>No entanto, esta insatisfa\u00e7\u00e3o n\u00e3o \u00e9 automaticamente dirigida contra todo o sistema pol\u00edtico. \u00c9 frequentemente dirigida contra queixas espec\u00edficas: corrup\u00e7\u00e3o, clientelismo, falta de transpar\u00eancia. O objetivo de muitos protestos n\u00e3o \u00e9 derrubar o sistema, mas sim melhor\u00e1-lo.<\/p>\n<h3>A gera\u00e7\u00e3o jovem e as suas expectativas<\/h3>\n<p>Mais de metade da popula\u00e7\u00e3o iraniana \u00e9 jovem. Esta gera\u00e7\u00e3o est\u00e1 ligada em rede, \u00e9 instru\u00edda e orientada para o mundo. Est\u00e3o familiarizados com os estilos de vida, a m\u00fasica, a moda e o discurso ocidentais - n\u00e3o s\u00f3 atrav\u00e9s da Internet, mas tamb\u00e9m da sua pr\u00f3pria experi\u00eancia. Ao mesmo tempo, vivem num sistema que estabelece limites claros.<\/p>\n<p>Esta contradi\u00e7\u00e3o gera tens\u00e3o. Muitos jovens iranianos querem mais liberdade individual, menos controlo moral, mais liberdade cultural. Estes desejos s\u00e3o reais e leg\u00edtimos.<\/p>\n<p>Mas tamb\u00e9m aqui o desejo n\u00e3o \u00e9 sin\u00f3nimo de revolu\u00e7\u00e3o. Muitos jovens movem-se conscientemente dentro dos limites existentes, exploram-nos, contornam-nos de forma criativa ou ignoram-nos no seu quotidiano. O protesto \u00e9 uma de v\u00e1rias estrat\u00e9gias - mas n\u00e3o a \u00fanica.<\/p>\n<h3>As mulheres entre o quotidiano e a pol\u00edtica simb\u00f3lica<\/h3>\n<p>O papel das mulheres \u00e9 um dos temas mais emotivos nas reportagens sobre o Ir\u00e3o. E com raz\u00e3o: os c\u00f3digos de vestu\u00e1rio, as restri\u00e7\u00f5es legais e o controlo social s\u00e3o factores reais. As mulheres protestam contra eles - aberta ou subtilmente, de forma vis\u00edvel ou em privado.<\/p>\n<p>Ao mesmo tempo, as mulheres est\u00e3o muito presentes no Ir\u00e3o: nas universidades, na vida profissional, na cultura. Muitas delas s\u00e3o autoconfiantes, assertivas e socialmente activas. Esta zona de tens\u00e3o \u00e9 frequentemente reduzida a um \u00fanico s\u00edmbolo nos meios de comunica\u00e7\u00e3o ocidentais - o len\u00e7o na cabe\u00e7a.<\/p>\n<p>Isto esconde uma grande parte da realidade. Para muitas mulheres, o conflito \u00e9 mais complexo: n\u00e3o se trata apenas de vestu\u00e1rio, mas tamb\u00e9m de auto-determina\u00e7\u00e3o, de modelos a seguir e de reconhecimento social. Os protestos s\u00e3o uma express\u00e3o deste conflito, mas n\u00e3o um reflexo completo do mesmo.<\/p>\n<p><img loading=\"lazy\" decoding=\"async\" class=\"alignnone wp-image-4501 size-large\" src=\"https:\/\/www.markus-schall.de\/wp-content\/uploads\/Iran-Wohnzimmer.jpg\" alt=\"Ir\u00e3o em conflito de gera\u00e7\u00f5es\" width=\"1024\" height=\"683\" srcset=\"https:\/\/www.markus-schall.de\/wp-content\/uploads\/Iran-Wohnzimmer.jpg 1024w, https:\/\/www.markus-schall.de\/wp-content\/uploads\/Iran-Wohnzimmer-300x200.jpg 300w, https:\/\/www.markus-schall.de\/wp-content\/uploads\/Iran-Wohnzimmer-768x512.jpg 768w, https:\/\/www.markus-schall.de\/wp-content\/uploads\/Iran-Wohnzimmer-18x12.jpg 18w\" sizes=\"auto, (max-width: 1024px) 100vw, 1024px\" \/><\/p>\n<h3>Cidade versus campo - um padr\u00e3o familiar<\/h3>\n<p>Um aspeto crucial que explica muitos mal-entendidos \u00e9 a divis\u00e3o urbano-rural. Nos centros urbanos, como Teer\u00e3o, Isfahan ou Mashhad, os estilos de vida s\u00e3o mais modernos, as cr\u00edticas s\u00e3o mais fortes e as expectativas pol\u00edticas s\u00e3o mais elevadas. Os protestos s\u00e3o mais frequentes e mais vis\u00edveis.<\/p>\n<p>Nas regi\u00f5es rurais, pelo contr\u00e1rio, a estabilidade, a tradi\u00e7\u00e3o e os la\u00e7os religiosos desempenham um papel mais importante. Nessas regi\u00f5es, o governo n\u00e3o \u00e9 frequentemente apoiado por entusiasmo, mas por convic\u00e7\u00e3o ou pragmatismo. Esta divis\u00e3o caracteriza os resultados eleitorais e os debates sociais.<\/p>\n<p>Este padr\u00e3o n\u00e3o \u00e9 de modo algum \u00fanico. Pode ser encontrado em muitos pa\u00edses - mesmo no Ocidente. No Ir\u00e3o, por\u00e9m, raramente \u00e9 mencionado abertamente, embora seja fundamental para compreender a din\u00e2mica pol\u00edtica.<\/p>\n<h3>Porque \u00e9 que o protesto n\u00e3o \u00e9 automaticamente uma opini\u00e3o maiorit\u00e1ria<\/h3>\n<p>Um erro comum nas percep\u00e7\u00f5es externas \u00e9 interpretar os protestos como a voz do \u201epovo\u201c. No entanto, os manifestantes s\u00e3o sempre apenas uma parte da sociedade - muitas vezes uma parte empenhada e corajosa, mas numericamente limitada.<\/p>\n<p>Muitos iranianos observam os protestos com simpatia, mas tamb\u00e9m com cautela. Partilham as cr\u00edticas, mas temem a instabilidade. A mem\u00f3ria das guerras regionais, dos Estados em guerra civil e das revoltas falhadas est\u00e1 presente. A ordem n\u00e3o \u00e9 romantizada, mas apreciada.<\/p>\n<p>Esta atitude \u00e9 muitas vezes mal compreendida no Ocidente ou interpretada como uma adapta\u00e7\u00e3o. De facto, \u00e9 uma express\u00e3o da experi\u00eancia hist\u00f3rica.<\/p>\n<h3>Rea\u00e7\u00e3o do Estado: controlo em vez de di\u00e1logo<\/h3>\n<p>A rea\u00e7\u00e3o do Estado iraniano aos protestos \u00e9 geralmente repressiva. As for\u00e7as de seguran\u00e7a interv\u00eam, as assembleias s\u00e3o interrompidas e os meios de comunica\u00e7\u00e3o social s\u00e3o controlados. Este facto aumenta as tens\u00f5es e alimenta as cr\u00edticas internacionais.<\/p>\n<p>Ao mesmo tempo, o Estado concentra-se na preven\u00e7\u00e3o: programas sociais, subs\u00eddios, investimentos em infra-estruturas. A repress\u00e3o e o bem-estar est\u00e3o lado a lado - um instrumento de poder contradit\u00f3rio mas funcional.<\/p>\n<p>Esta dupla estrat\u00e9gia explica porque \u00e9 que os protestos rebentam mas raramente aumentam. Explica tamb\u00e9m porque \u00e9 que o sistema se mant\u00e9m est\u00e1vel apesar das tens\u00f5es internas.<\/p>\n<h3>Entre o desejo de mudan\u00e7a e o medo da estabilidade<\/h3>\n<p>O conflito central no Ir\u00e3o n\u00e3o \u00e9 entre o governo e o povo, mas no seio da sociedade. Entre o desejo de mudan\u00e7a e o medo do caos. Entre a abertura global e a soberania nacional. Entre a liberdade individual e a ordem colectiva.<\/p>\n<p>Os protestos s\u00e3o uma express\u00e3o deste conflito, n\u00e3o a sua solu\u00e7\u00e3o. Mostram onde h\u00e1 fric\u00e7\u00e3o - mas n\u00e3o para onde se dirige o caminho.<\/p>\n<p>Este cap\u00edtulo \u00e9 necess\u00e1rio para n\u00e3o branquear a imagem. O Ir\u00e3o n\u00e3o \u00e9 um Estado harmonioso. \u00c9 uma sociedade presa entre a tradi\u00e7\u00e3o, a modernidade e a press\u00e3o geopol\u00edtica. Mas quem olhar para estas tens\u00f5es de forma isolada s\u00f3 compreende uma parte da realidade. S\u00f3 em combina\u00e7\u00e3o com a vida quotidiana, as infra-estruturas, a hist\u00f3ria e os interesses externos \u00e9 que se obt\u00e9m uma imagem mais completa.<\/p>\n<p>E \u00e9 precisamente neste ponto que se abre a pista seguinte, a mais dif\u00edcil: a quest\u00e3o de saber quem est\u00e1 a observar, a utilizar - ou possivelmente a refor\u00e7ar - estas tens\u00f5es.<\/p>\n<div style=\"overflow-x: auto;\">\n<table>\n<thead style=\"background-color: #f0f0f0;\">\n<tr>\n<th>Aspeto<\/th>\n<th>Grandes cidades<\/th>\n<th>Regi\u00f5es rurais<\/th>\n<th>Import\u00e2ncia para a pol\u00edtica<\/th>\n<\/tr>\n<\/thead>\n<tbody>\n<tr>\n<td><strong>Estilo de vida<\/strong><\/td>\n<td>Moderno, orientado para o mundo<\/td>\n<td>Tradicional, comunit\u00e1rio<\/td>\n<td>Expectativas diferentes<\/td>\n<\/tr>\n<tr>\n<td><strong>Pr\u00e1tica religiosa<\/strong><\/td>\n<td>Frequentemente privado e pragm\u00e1tico<\/td>\n<td>Mais firmemente ancorado<\/td>\n<td>Explica os resultados das elei\u00e7\u00f5es<\/td>\n<\/tr>\n<tr>\n<td><strong>Tend\u00eancia para o protesto<\/strong><\/td>\n<td>Mais alto<\/td>\n<td>Inferior<\/td>\n<td>Possibilidade de distor\u00e7\u00e3o medi\u00e1tica<\/td>\n<\/tr>\n<tr>\n<td><strong>Proximidade do Estado<\/strong><\/td>\n<td>Mais cr\u00edtico<\/td>\n<td>Aceitar<\/td>\n<td>Fator de estabilidade<\/td>\n<\/tr>\n<tr>\n<td><strong>Acesso aos meios de comunica\u00e7\u00e3o social<\/strong><\/td>\n<td>Elevado<\/td>\n<td>Restrito<\/td>\n<td>Perce\u00e7\u00e3o assim\u00e9trica<\/td>\n<\/tr>\n<\/tbody>\n<\/table>\n<\/div>\n<h2>O rasto negro - influ\u00eancia, interesses e alavancas ocultas<\/h2>\n<p>Nesta altura, o mais tardar, surge uma quest\u00e3o que s\u00f3 aparece de passagem em muitas an\u00e1lises: Porque \u00e9 que certos protestos no Ir\u00e3o recebem uma aten\u00e7\u00e3o internacional t\u00e3o grande, enquanto desenvolvimentos compar\u00e1veis noutros pa\u00edses quase n\u00e3o s\u00e3o notados? Porque \u00e9 que as tens\u00f5es internas se transformam t\u00e3o rapidamente numa narrativa global?<\/p>\n<p>Esta pergunta \u00e9 complicada porque pode ser facilmente mal interpretada. Qualquer pessoa que a coloque \u00e9 rapidamente suspeita de querer deslegitimar os protestos. Mas n\u00e3o \u00e9 essa a quest\u00e3o. O que est\u00e1 em causa s\u00e3o as normas. E de interesses.<\/p>\n<p>Porque os conflitos pol\u00edticos nunca existem no vazio. Eles s\u00e3o observados, categorizados, amplificados - ou ignorados.<\/p>\n<p>E \u00e9 aqui que come\u00e7a o rasto negro.<\/p>\n<h3>A sombra hist\u00f3rica da influ\u00eancia estrangeira<\/h3>\n<p>Para o Ir\u00e3o, a ideia de interfer\u00eancia estrangeira n\u00e3o \u00e9 uma desconfian\u00e7a abstrata, mas sim uma carater\u00edstica hist\u00f3rica. A mem\u00f3ria colectiva \u00e9 muito antiga, especialmente no que se refere a acontecimentos em que actores externos intervieram aberta ou secretamente na ordem pol\u00edtica do pa\u00eds.<\/p>\n<p>Esta experi\u00eancia continua a ter um impacto atual. Caracteriza a a\u00e7\u00e3o do Estado, bem como a perce\u00e7\u00e3o social. A desconfian\u00e7a em rela\u00e7\u00e3o \u00e0s inten\u00e7\u00f5es ocidentais n\u00e3o \u00e9 uma constru\u00e7\u00e3o ideol\u00f3gica, mas o resultado de experi\u00eancias hist\u00f3ricas concretas. Quem ignora este contexto n\u00e3o compreende a sensibilidade do pa\u00eds.<\/p>\n<p>Isto n\u00e3o significa que todas as cr\u00edticas ou protestos sejam \u201econtrolados externamente\u201c. Mas explica porque \u00e9 que a ideia de exercer influ\u00eancia \u00e9 imediatamente levada a s\u00e9rio.<\/p>\n<h3>Servi\u00e7os secretos: mitos e realidade<\/h3>\n<p>Os servi\u00e7os secretos t\u00eam uma m\u00e1 reputa\u00e7\u00e3o - e, ao mesmo tempo, uma reputa\u00e7\u00e3o exagerada. Em muitas hist\u00f3rias, parecem omnipotentes, omniscientes e omnipresentes. A realidade \u00e9 mais s\u00f3bria. Os servi\u00e7os secretos operam com recursos limitados, em condi\u00e7\u00f5es de incerteza e muitas vezes com informa\u00e7\u00f5es incompletas.<\/p>\n<p>E, no entanto, disp\u00f5em de instrumentos que n\u00e3o s\u00e3o vis\u00edveis na arena pol\u00edtica aberta. A influ\u00eancia raramente \u00e9 exercida de forma direta. Funciona com alavancas: fluxos de dinheiro, contactos, transmiss\u00e3o de informa\u00e7\u00f5es, amplifica\u00e7\u00e3o dos meios de comunica\u00e7\u00e3o social, timing.<\/p>\n<p>Actores como a CIA, a Mossad ou o MI6 brit\u00e2nico s\u00e3o repetidamente mencionados no debate sobre o Ir\u00e3o. Essas provas prov\u00eam geralmente de fontes iranianas, ocasionalmente de an\u00e1lises ocidentais, muitas vezes de provas circunstanciais indirectas. As provas no sentido cl\u00e1ssico raramente s\u00e3o acess\u00edveis ao p\u00fablico - o que \u00e9 a natureza de tais opera\u00e7\u00f5es.<\/p>\n<h3>Mecanismos plaus\u00edveis em vez de fantasias de omnipot\u00eancia<\/h3>\n<p>Para n\u00e3o cair na especula\u00e7\u00e3o, \u00e9 necess\u00e1ria uma separa\u00e7\u00e3o clara. Nem tudo o que \u00e9 conceb\u00edvel \u00e9 tamb\u00e9m real. Mas algumas coisas que s\u00e3o reais permanecem invis\u00edveis. Os mecanismos plaus\u00edveis de influ\u00eancia estrangeira est\u00e3o bem documentados - n\u00e3o s\u00f3 no Ir\u00e3o, mas em todo o mundo. Estes incluem<\/p>\n<ul>\n<li>Apoio a grupos pol\u00edticos no ex\u00edlio<\/li>\n<li>Financiamento de projectos de comunica\u00e7\u00e3o social<\/li>\n<li>Forma\u00e7\u00e3o para activistas<\/li>\n<li>Fornecimento de infra-estruturas t\u00e9cnicas<\/li>\n<li>Trabalho de rela\u00e7\u00f5es p\u00fablicas orientado para os meios de comunica\u00e7\u00e3o social ocidentais<\/li>\n<\/ul>\n<p>Nada disto significa que os protestos sejam \u201econtrolados externamente\u201c. Significa que as tens\u00f5es existentes podem ser utilizadas, intensificadas ou internacionalizadas. O exerc\u00edcio de influ\u00eancia n\u00e3o substitui o descontentamento social - desenvolve-o.<\/p>\n<hr \/>\n<h3>Inqu\u00e9rito atual sobre a confian\u00e7a na pol\u00edtica e nos meios de comunica\u00e7\u00e3o social<\/h3>\n<div class='bootstrap-yop yop-poll-mc'>\n\t\t\t\t\t\t\t<div class=\"basic-yop-poll-container\" style=\"background-color:#ffffff; border:0px; border-style:solid; border-color:#000000; border-radius:5px; padding:0px 5px;\" data-id=\"1\" data-temp=\"basic-pretty\" data-skin=\"square\" data-cscheme=\"blue\" data-cap=\"0\" data-access=\"guest\" data-tid=\"\" data-uid=\"be4d5629e776ccf08f15dcbb743d2a5d\" data-pid=\"2401\" data-resdet=\"votes-number,percentages\" data-show-results-to=\"guest\" data-show-results-moment=\"after-vote\" data-show-results-only=\"false\" data-show-message=\"true\" data-show-results-as=\"bar\" data-sort-results-by=\"as-defined\" data-sort-results-rule=\"asc\"data-is-ended=\"0\" data-percentages-decimals=\"2\" data-gdpr=\"no\" data-gdpr-sol=\"consent\" data-css=\"\" data-counter=\"0\" data-load-with=\"1\" data-notification-section=\"top\"><div class=\"row\"><div class=\"col-md-12\"><div class=\"basic-inner\"><div class=\"basic-message hide\" style=\"border-left: 10px solid #008000; padding: 0px 10px;\" data-error=\"#ff0000\" data-success=\"#008000\"><p class=\"basic-message-text\" style=\"color:#000000; font-size:14px; font-weight:normal;\"><\/p><\/div><div class=\"basic-overlay hide\"><div class=\"basic-vote-options\"><\/div><div class=\"basic-preloader\"><div class=\"basic-windows8\"><div class=\"basic-wBall basic-wBall_1\"><div class=\"basic-wInnerBall\"><\/div><\/div><div class=\"basic-wBall basic-wBall_2\"><div class=\"basic-wInnerBall\"><\/div><\/div><div class=\"basic-wBall basic-wBall_3\"><div class=\"basic-wInnerBall\"><\/div><\/div><div class=\"basic-wBall basic-wBall_4\"><div class=\"basic-wInnerBall\"><\/div><\/div><div class=\"basic-wBall basic-wBall_5\"><div class=\"basic-wInnerBall\"><\/div><\/div><\/div><\/div><\/div><form class=\"basic-form\" action=\"\"><input type=\"hidden\" name=\"_token\" value=\"6c6b95a0f7\" autocomplete=\"off\"><div class=\"basic-elements\"><div class=\"basic-element basic-question basic-question-text-vertical\" data-id=\"1\" data-uid=\"b45d2d73d76caddba6cdb93438804620\" data-type=\"question\" data-question-type=\"text\" data-required=\"yes\" data-allow-multiple=\"no\" data-min=\"1\" data-max=\"1\" data-display=\"vertical\" data-colnum=\"\" data-display-others=\"no\" data-others-color=\"\" data-others=\"\" data-others-max-chars=\"0\"><div class=\"basic-question-title\"><h5 style=\"color:#000000; font-size:16px; font-weight:normal; text-align:left;\">Qual \u00e9 a sua confian\u00e7a na pol\u00edtica e nos meios de comunica\u00e7\u00e3o social na Alemanha?<\/h5><\/div><ul class=\"basic-answers\"><li class=\"basic-answer\" style=\"padding:0px 0px;\" data-id=\"1\" data-type=\"text\" data-vn=\"10\" data-color=\"#000000\" data-make-link=\"no\" data-link=\"\"><div class=\"basic-answer-content basic-text-vertical\"><label for=\"answer[1]\" class=\"basic-answer-label\"><input type=\"radio\" id=\"answer[1]\" name=\"answer[1]\" value=\"1\"><span class=\"basic-text\" style=\"color: #000000; font-size: 14px; font-weight: normal;\">Muito elevado - Confio plenamente nos organismos oficiais<\/span><\/label><\/div><\/li><li class=\"basic-answer\" style=\"padding:0px 0px;\" data-id=\"2\" data-type=\"text\" data-vn=\"22\" data-color=\"#000000\" data-make-link=\"no\" data-link=\"\"><div class=\"basic-answer-content basic-text-vertical\"><label for=\"answer[2]\" class=\"basic-answer-label\"><input type=\"radio\" id=\"answer[2]\" name=\"answer[1]\" value=\"2\"><span class=\"basic-text\" style=\"color: #000000; font-size: 14px; font-weight: normal;\">M\u00e9dio - Estou cauteloso, mas n\u00e3o fundamentalmente desconfiado<\/span><\/label><\/div><\/li><li class=\"basic-answer\" style=\"padding:0px 0px;\" data-id=\"3\" data-type=\"text\" data-vn=\"53\" data-color=\"#000000\" data-make-link=\"no\" data-link=\"\"><div class=\"basic-answer-content basic-text-vertical\"><label for=\"answer[3]\" class=\"basic-answer-label\"><input type=\"radio\" id=\"answer[3]\" name=\"answer[1]\" value=\"3\"><span class=\"basic-text\" style=\"color: #000000; font-size: 14px; font-weight: normal;\">Baixo - Eu pr\u00f3prio controlo muitas coisas<\/span><\/label><\/div><\/li><li class=\"basic-answer\" style=\"padding:0px 0px;\" data-id=\"4\" data-type=\"text\" data-vn=\"250\" data-color=\"#000000\" data-make-link=\"no\" data-link=\"\"><div class=\"basic-answer-content basic-text-vertical\"><label for=\"answer[4]\" class=\"basic-answer-label\"><input type=\"radio\" id=\"answer[4]\" name=\"answer[1]\" value=\"4\"><span class=\"basic-text\" style=\"color: #000000; font-size: 14px; font-weight: normal;\">Quase n\u00e3o existe - creio que muita coisa \u00e9 velada ou encenada<\/span><\/label><\/div><\/li><\/ul><\/div><div class=\"clearfix\"><\/div><\/div><div class=\"basic-vote\"><a href=\"#\" class=\"button basic-vote-button\" role=\"button\" style=\"background:#027bb8; border:0px; border-style: solid; border-color:#1636f0; border-radius:5px; padding:10px 10px; color:#ffffff; font-size:14px; font-weight:normal;\">Vota\u00e7\u00e3o<\/a><\/div><input type=\"hidden\" name=\"trp-form-language\" value=\"pt\"\/><\/form><\/div><\/div><\/div><\/div>\n\t\t\t\t\t\t<\/div>\n<hr \/>\n<h3>O papel do ex\u00edlio<\/h3>\n<p>Um fator central, frequentemente subestimado, \u00e9 o ex\u00edlio iraniano. Muitas vozes da oposi\u00e7\u00e3o vivem fora do pa\u00eds, especialmente na Europa e na Am\u00e9rica do Norte. T\u00eam acesso aos meios de comunica\u00e7\u00e3o social, \u00e0s redes pol\u00edticas e \u00e0s estruturas de financiamento. A sua perspetiva influencia fortemente o discurso internacional.<\/p>\n<p>O ex\u00edlio n\u00e3o \u00e9 um bloco homog\u00e9neo. Vai desde os reformadores liberais aos opositores radicais do sistema. No entanto, estas diferen\u00e7as raramente s\u00e3o vis\u00edveis no discurso ocidental. As cr\u00edticas do ex\u00edlio s\u00e3o frequentemente consideradas como a voz aut\u00eantica do \u201eIr\u00e3o\u201c, apesar de reflectirem apenas uma parte da realidade social.<\/p>\n<p>Esta mudan\u00e7a tem consequ\u00eancias de grande alcance. Refor\u00e7a certas narrativas e suprime outras. E cria uma caixa de resson\u00e2ncia na qual os actores externos se podem apoiar.<\/p>\n<h3>Os media como amplificadores, n\u00e3o como mentores<\/h3>\n<p>\u00c9 importante distinguir ainda mais: os meios de comunica\u00e7\u00e3o social n\u00e3o s\u00e3o normalmente os mentores deste processo, mas sim amplificadores. Pegam em temas que prometem aten\u00e7\u00e3o, que parecem moralmente claros e que s\u00e3o f\u00e1ceis de contar.<\/p>\n<p>Os protestos no Ir\u00e3o preenchem estes crit\u00e9rios. Podem ser emocionalmente ilustrados, politicamente categorizados e geopoliticamente carregados. O facto de certas vozes serem ouvidas com mais frequ\u00eancia do que outras \u00e9 menos uma conspira\u00e7\u00e3o do que um problema estrutural.<\/p>\n<p>Mas esta estrutura \u00e9 vulner\u00e1vel. Pode ser utilizada deliberadamente. As narrativas podem ser estabelecidas, refor\u00e7adas e alteradas - sem necessidade de um comando direto.<\/p>\n<h3>Onde termina a provabilidade<\/h3>\n<p>Nesta altura, qualquer an\u00e1lise s\u00e9ria atinge os seus limites. Os pormenores operacionais concretos raramente podem ser verificados publicamente. Os documentos permanecem secretos, as fontes an\u00f3nimas, as declara\u00e7\u00f5es contradit\u00f3rias. Qualquer pessoa que afirme certezas absolutas nesta mat\u00e9ria est\u00e1 a abandonar o terreno da seriedade.<\/p>\n<p>\u00c9 por isso que a conten\u00e7\u00e3o \u00e9 necess\u00e1ria. \u00c9 leg\u00edtimo dizer que h\u00e1 ind\u00edcios, pistas, experi\u00eancia hist\u00f3rica e interesses plaus\u00edveis. N\u00e3o \u00e9 leg\u00edtimo dizer: \u00e9 assim que foi.<\/p>\n<p>Esta abertura n\u00e3o \u00e9 uma fraqueza, mas sim uma for\u00e7a. Protege contra a ideologiza\u00e7\u00e3o - em ambas as direc\u00e7\u00f5es.<\/p>\n<h3>Cui bono - a velha quest\u00e3o<\/h3>\n<p>Uma ferramenta cl\u00e1ssica em qualquer an\u00e1lise \u00e9 a quest\u00e3o do benef\u00edcio. Quem beneficia com a instabilidade no Ir\u00e3o? Quem beneficia com as san\u00e7\u00f5es? Quem beneficia com um ator regional enfraquecido?<\/p>\n<p>Estas quest\u00f5es n\u00e3o conduzem automaticamente a uma atribui\u00e7\u00e3o de culpas, mas permitem uma maior focaliza\u00e7\u00e3o. Numa regi\u00e3o onde o equil\u00edbrio de poderes \u00e9 crucial, nenhum conflito \u00e9 isento de consequ\u00eancias. O Ir\u00e3o n\u00e3o \u00e9 apenas um Estado, mas um fator - pol\u00edtico, militar e econ\u00f3mico.<\/p>\n<p>N\u00e3o \u00e9 segredo que os actores externos querem observar e influenciar esta din\u00e2mica. A quest\u00e3o n\u00e3o \u00e9 saber se, mas em que medida.<\/p>\n<h3>O rasto negro como um cap\u00edtulo em aberto<\/h3>\n<p>Este cap\u00edtulo n\u00e3o apresenta uma resolu\u00e7\u00e3o. N\u00e3o determina os autores. Segue um rasto - cauteloso, c\u00e9tico, aberto. O rasto obscuro n\u00e3o \u00e9 constitu\u00eddo por certezas, mas por sobreposi\u00e7\u00f5es: de interesses, de possibilidades e de experi\u00eancias hist\u00f3ricas.<\/p>\n<p>Mostra por que raz\u00e3o seria demasiado simplista considerar os protestos no Ir\u00e3o apenas como um fen\u00f3meno interno - e igualmente errado externaliz\u00e1-los completamente.<\/p>\n<p>A realidade move-se entre estes p\u00f3los. E \u00e9 precisamente aqui que o Ir\u00e3o se torna aquilo que o torna t\u00e3o dif\u00edcil de compreender: um pa\u00eds cujos conflitos internos geram sempre resson\u00e2ncias externas.<\/p>\n<div style=\"overflow-x: auto;\">\n<table>\n<thead style=\"background-color: #f0f0f0;\">\n<tr>\n<th>Ano<\/th>\n<th>Evento<\/th>\n<th>Actores envolvidos<\/th>\n<th>Tipo de influ\u00eancia<\/th>\n<th>Classifica\u00e7\u00e3o<\/th>\n<\/tr>\n<\/thead>\n<tbody>\n<tr>\n<td><strong>1979<\/strong><\/td>\n<td>Derrubada do X\u00e1 e Revolu\u00e7\u00e3o Isl\u00e2mica<\/td>\n<td>Actores pol\u00edticos nacionais, oposi\u00e7\u00e3o no ex\u00edlio<\/td>\n<td>Reviravolta pol\u00edtica<\/td>\n<td>Ponto de partida da encomenda de hoje<\/td>\n<\/tr>\n<tr>\n<td><strong>1980-1988<\/strong><\/td>\n<td>Guerra Ir\u00e3o-Iraque<\/td>\n<td>Iraque, Estados ocidentais e regionais<\/td>\n<td>Apoio militar ao Iraque<\/td>\n<td>Moldar o pensamento sobre seguran\u00e7a<\/td>\n<\/tr>\n<tr>\n<td><strong>1990s<\/strong><\/td>\n<td>Regime de san\u00e7\u00f5es e isolamento<\/td>\n<td>EUA, aliados<\/td>\n<td>Press\u00e3o econ\u00f3mica<\/td>\n<td>Efeito estrutural a longo prazo<\/td>\n<\/tr>\n<tr>\n<td><strong>2009<\/strong><\/td>\n<td>Protestos ap\u00f3s as elei\u00e7\u00f5es presidenciais<\/td>\n<td>Grupos da oposi\u00e7\u00e3o, meios de comunica\u00e7\u00e3o social no ex\u00edlio<\/td>\n<td>Internacionaliza\u00e7\u00e3o dos media<\/td>\n<td>Primeira grande narrativa global<\/td>\n<\/tr>\n<tr>\n<td><strong>2018<\/strong><\/td>\n<td>Retirada do acordo nuclear<\/td>\n<td>EUA<\/td>\n<td>Refor\u00e7o das san\u00e7\u00f5es<\/td>\n<td>Escalada econ\u00f3mica<\/td>\n<\/tr>\n<tr>\n<td><strong>2022-2023<\/strong><\/td>\n<td>Ondas de protesto e campanhas internacionais<\/td>\n<td>Redes de activistas, meios de comunica\u00e7\u00e3o social, governos<\/td>\n<td>Influ\u00eancia pol\u00edtico-medi\u00e1tica<\/td>\n<td>Efeitos narrativos fortes<\/td>\n<\/tr>\n<\/tbody>\n<\/table>\n<\/div>\n<h2>Um pa\u00eds na encruzilhada de interesses<\/h2>\n<p>O Ir\u00e3o n\u00e3o \u00e9 um Estado isolado \u00e0 margem da pol\u00edtica mundial. Est\u00e1 localizado numa das jun\u00e7\u00f5es geopol\u00edticas mais sens\u00edveis de todas. Quem olha para o Ir\u00e3o, olha inevitavelmente para as rotas comerciais, os fluxos de energia, as zonas de influ\u00eancia militar e as rivalidades hist\u00f3ricas.<\/p>\n<p>A sua localiza\u00e7\u00e3o no Golfo P\u00e9rsico e nas imedia\u00e7\u00f5es do Estreito de Ormuz confere ao pa\u00eds uma import\u00e2ncia estrat\u00e9gica. Uma parte significativa do com\u00e9rcio mundial de petr\u00f3leo passa por este corredor. Por conseguinte, a estabilidade ou a instabilidade no Ir\u00e3o nunca tem apenas um impacto regional.<\/p>\n<p>Esta realidade geogr\u00e1fica explica por que raz\u00e3o o Ir\u00e3o tem estado no centro das aten\u00e7\u00f5es internacionais durante d\u00e9cadas - independentemente da evolu\u00e7\u00e3o da sua pol\u00edtica interna.<\/p>\n<h3>O Ir\u00e3o como fator de poder regional<\/h3>\n<p>O Ir\u00e3o n\u00e3o se v\u00ea primordialmente como um Estado-na\u00e7\u00e3o de estilo ocidental, mas antes como uma pot\u00eancia regional. Esta auto-perce\u00e7\u00e3o \u00e9 alimentada pela hist\u00f3ria, cultura e experi\u00eancia pol\u00edtica. Explica porque \u00e9 que Teer\u00e3o est\u00e1 presente nas regi\u00f5es vizinhas - pol\u00edtica, militar ou ideologicamente.<\/p>\n<p>Para muitos observadores ocidentais, este comportamento parece expansivo ou desestabilizador. Do ponto de vista iraniano, por outro lado, parece defensivo: como uma salvaguarda contra o cerco, as san\u00e7\u00f5es e a press\u00e3o militar.<\/p>\n<p>N\u00e3o h\u00e1 qualquer mal-entendido entre estas interpreta\u00e7\u00f5es, mas sim um cl\u00e1ssico conflito de interesses. E este conflito caracteriza quase todas as avalia\u00e7\u00f5es da pol\u00edtica externa do Ir\u00e3o.<\/p>\n<h3>Israel, seguran\u00e7a e narrativas existenciais<\/h3>\n<p>Poucas rela\u00e7\u00f5es s\u00e3o t\u00e3o carregadas como a que existe entre o Ir\u00e3o e Israel. Duas narrativas de seguran\u00e7a mutuamente exclusivas colidem aqui. Para Israel, o Ir\u00e3o representa uma amea\u00e7a existencial - tanto a n\u00edvel ideol\u00f3gico como militar. Para o Ir\u00e3o, por outro lado, Israel faz parte de uma estrutura de poder dominada pelo Ocidente que limita a sua autonomia regional.<\/p>\n<p>Esta constela\u00e7\u00e3o explica a dureza da ret\u00f3rica de ambos os lados. Explica tamb\u00e9m porque \u00e9 que cada movimento pol\u00edtico interno no Ir\u00e3o \u00e9 imediatamente interpretado em termos geopol\u00edticos. Um Ir\u00e3o enfraquecido alteraria o equil\u00edbrio de poder regional - um Ir\u00e3o est\u00e1vel mant\u00ea-lo-ia em equil\u00edbrio.<\/p>\n<p>O facto de os servi\u00e7os de informa\u00e7\u00f5es, os militares e os estrategas estarem constantemente a monitorizar esta \u00e1rea de tens\u00e3o n\u00e3o \u00e9 uma surpresa, mas sim a normalidade da pol\u00edtica internacional.<\/p>\n<h3>Os EUA e a mem\u00f3ria longa<\/h3>\n<p>A rela\u00e7\u00e3o do Ir\u00e3o com os Estados Unidos caracteriza-se pela desconfian\u00e7a e por rupturas hist\u00f3ricas. Ao longo das d\u00e9cadas, as san\u00e7\u00f5es, as amea\u00e7as e as eras glaciais diplom\u00e1ticas criaram uma din\u00e2mica em que qualquer aproxima\u00e7\u00e3o permanece fr\u00e1gil.<\/p>\n<p>Para os EUA, o Ir\u00e3o \u00e9 menos um pa\u00eds do que um fator: na pol\u00edtica energ\u00e9tica, na arquitetura de seguran\u00e7a do M\u00e9dio Oriente, nas rela\u00e7\u00f5es com os aliados. Por conseguinte, os desenvolvimentos pol\u00edticos internos no Ir\u00e3o s\u00e3o sempre vistos atrav\u00e9s de uma perspetiva estrat\u00e9gica.<\/p>\n<p>Esta perspetiva reduz a complexidade. Interroga-se menos sobre a realidade social e mais sobre o impacto geopol\u00edtico. Os protestos tornam-se, assim, rapidamente representantes de quest\u00f5es de poder mais vastas.<\/p>\n<h3>Teoria dos jogos, Trump e o programa nuclear iraniano<\/h3>\n<p>Outra perspetiva interessante sobre o conflito com o Ir\u00e3o vem do campo da teoria dos jogos, apresentada por Christian Rieck num v\u00eddeo detalhado no YouTube. Esta an\u00e1lise examina a forma como os actores pol\u00edticos tomam decis\u00f5es estrat\u00e9gicas quando interesses conflituosos se chocam - por exemplo, no caso do programa nuclear iraniano e da pol\u00edtica americana do Presidente Donald Trump. Rieck utiliza a teoria dos jogos para analisar a forma como a press\u00e3o, as estrat\u00e9gias de \u201epress\u00e3o m\u00e1xima\u201c e as poss\u00edveis op\u00e7\u00f5es militares interagem entre si para influenciar ou bloquear o desenvolvimento de capacidades nucleares.<\/p>\n<div class=\"lyte-wrapper\" style=\"width:640px;max-width:100%;margin:5px;\"><div class=\"lyMe\" id=\"WYL_BsiIZwwHrhs\"><div id=\"lyte_BsiIZwwHrhs\" data-src=\"https:\/\/www.markus-schall.de\/wp-content\/plugins\/wp-youtube-lyte\/lyteCache.php?origThumbUrl=%2F%2Fi.ytimg.com%2Fvi%2FBsiIZwwHrhs%2Fhqdefault.jpg\" class=\"pL\"><div class=\"tC\"><div class=\"tT\"><\/div><\/div><div class=\"play\"><\/div><div class=\"ctrl\"><div class=\"Lctrl\"><\/div><div class=\"Rctrl\"><\/div><\/div><\/div><noscript><a href=\"https:\/\/youtu.be\/BsiIZwwHrhs\" rel=\"nofollow noopener\" target=\"_blank\"><img loading=\"lazy\" decoding=\"async\" src=\"https:\/\/www.markus-schall.de\/wp-content\/plugins\/wp-youtube-lyte\/lyteCache.php?origThumbUrl=https%3A%2F%2Fi.ytimg.com%2Fvi%2FBsiIZwwHrhs%2F0.jpg\" alt=\"Miniatura de v\u00eddeo do YouTube\" width=\"640\" height=\"340\" \/><br \/>Ver este v\u00eddeo no YouTube<\/a><\/noscript><\/div><\/div><div class=\"lL\" style=\"max-width:100%;width:640px;margin:5px;\"><\/div><br \/>\nDestrui\u00e7\u00e3o do programa nuclear do Ir\u00e3o - a estrat\u00e9gia do Presidente Trump <a href=\"https:\/\/www.youtube.com\/@ProfRieck\" target=\"_blank\" rel=\"nofollow noopener\">Prof. Dr. Christian Rieck<\/a><\/p>\n<p>Esta abordagem n\u00e3o tenta simplesmente avaliar as decis\u00f5es pol\u00edticas como boas ou m\u00e1s, mas l\u00ea-las como movimentos estrat\u00e9gicos num jogo internacional complexo - com expectativas m\u00fatuas, amea\u00e7as e poss\u00edveis recuos para ambos os lados. O v\u00eddeo oferece assim um complemento anal\u00edtico \u00e0s observa\u00e7\u00f5es jornal\u00edsticas e hist\u00f3ricas do programa nuclear iraniano, tais como as abordadas nos debates sobre as actuais san\u00e7\u00f5es e opera\u00e7\u00f5es militares.<\/p>\n<h3>A Europa entre a moralidade e a depend\u00eancia<\/h3>\n<p>A Europa - e, por conseguinte, tamb\u00e9m a Uni\u00e3o Europeia - desempenha um papel ambivalente. Por um lado, existe a pretens\u00e3o de defender as normas dos direitos humanos. Por outro lado, h\u00e1 interesses econ\u00f3micos e de pol\u00edtica de seguran\u00e7a que exigem coopera\u00e7\u00e3o.<\/p>\n<p>Esta tens\u00e3o conduz a uma pol\u00edtica de meias medidas: cr\u00edticas sem consequ\u00eancias, di\u00e1logo sem avan\u00e7os. O Ir\u00e3o \u00e9 abordado moralmente, mas raramente \u00e9 realmente envolvido estrategicamente. Este facto refor\u00e7a o sentimento de insinceridade m\u00fatua.<\/p>\n<p>Para o Ir\u00e3o, este comportamento confirma o pressuposto de que as posi\u00e7\u00f5es europeias acabam por ser anuladas pelos interesses transatl\u00e2nticos. Isto n\u00e3o cria confian\u00e7a.<\/p>\n<h3>Energia, san\u00e7\u00f5es e condicionalismos estruturais<\/h3>\n<p>A pol\u00edtica energ\u00e9tica \u00e9 um fator frequentemente subestimado das tens\u00f5es geopol\u00edticas. O Ir\u00e3o possui enormes reservas de petr\u00f3leo e g\u00e1s. Ao mesmo tempo, est\u00e1 em grande parte isolado do mercado internacional devido a san\u00e7\u00f5es.<\/p>\n<p>Esta situa\u00e7\u00e3o gera efeitos paradoxais. Por um lado, as san\u00e7\u00f5es enfraquecem a economia. Por outro lado, for\u00e7am a autossufici\u00eancia, a cria\u00e7\u00e3o de redes regionais e a procura estrat\u00e9gica de parceiros fora das estruturas ocidentais.<\/p>\n<p>Consequentemente, o Ir\u00e3o est\u00e1 menos isolado do que muitas vezes se sup\u00f5e - mas est\u00e1 ligado em rede de forma diferente. Esta rede altera os eixos globais de poder e, ao mesmo tempo, torna o pa\u00eds mais imprevis\u00edvel para os actores ocidentais.<\/p>\n<h3>A pol\u00edtica interna como superf\u00edcie de proje\u00e7\u00e3o<\/h3>\n<p>Neste contexto, torna-se compreens\u00edvel que os conflitos pol\u00edticos internos no Ir\u00e3o raramente sejam vistos como aquilo que s\u00e3o: Uma express\u00e3o de conflito social. Em vez disso, tornam-se uma tela de proje\u00e7\u00e3o de expectativas geopol\u00edticas.<\/p>\n<p>Um protesto deixa ent\u00e3o de ser avaliado apenas em termos do que consegue no Ir\u00e3o, mas tamb\u00e9m em termos do que pode significar para as rela\u00e7\u00f5es de poder regionais. Esta sobreposi\u00e7\u00e3o distorce a vis\u00e3o - tanto para dentro como para fora.<\/p>\n<p>Para muitos iranianos, isto d\u00e1 a impress\u00e3o de que o seu pa\u00eds \u00e9 visto menos como uma sociedade e mais como um campo de jogos.<\/p>\n<h3>Porque \u00e9 que o Ir\u00e3o nunca poder\u00e1 ser \u201enormal\u201c?<\/h3>\n<p>Vem-me \u00e0 cabe\u00e7a um pensamento inc\u00f3modo: O Ir\u00e3o n\u00e3o se enquadra bem numa ordem mundial que favorece classifica\u00e7\u00f5es claras. N\u00e3o \u00e9 nem um claro aliado nem um claro advers\u00e1rio. \u00c9 simultaneamente moderno e tradicional, est\u00e1vel e conflituoso, integrado e isolado.<\/p>\n<p>Esta ambival\u00eancia torna-o dif\u00edcil de gerir. E explica porque \u00e9 que o Ir\u00e3o raramente \u00e9 tratado como um pa\u00eds normal. A normalidade significaria reconhecimento - e, portanto, perda de influ\u00eancia para os outros actores.<\/p>\n<p>Este cap\u00edtulo mostra por que raz\u00e3o qualquer an\u00e1lise do Ir\u00e3o fica incompleta se se limitar \u00e0 pol\u00edtica interna. O Ir\u00e3o faz parte de um jogo mais vasto - n\u00e3o como v\u00edtima, n\u00e3o como mentor, mas como um ator com os seus pr\u00f3prios interesses e op\u00e7\u00f5es limitadas.<\/p>\n<p>Se quisermos compreender o Ir\u00e3o, temos de pensar nestes n\u00edveis em conjunto. As tens\u00f5es sociais, os protestos, as reac\u00e7\u00f5es do Estado - tudo isto s\u00f3 revela o seu significado num contexto geopol\u00edtico.<\/p>\n<p>E \u00e9 precisamente por isso que o caminho conduz agora ao \u00faltimo passo: a quest\u00e3o de saber o que podemos retirar de tudo isto - e o que n\u00e3o podemos.<\/p>\n<p><img loading=\"lazy\" decoding=\"async\" class=\"alignnone wp-image-4502 size-large\" src=\"https:\/\/www.markus-schall.de\/wp-content\/uploads\/Iran-Geopolitische-Interessen.jpg\" alt=\"O Ir\u00e3o no centro dos interesses geopol\u00edticos\" width=\"1024\" height=\"683\" srcset=\"https:\/\/www.markus-schall.de\/wp-content\/uploads\/Iran-Geopolitische-Interessen.jpg 1024w, https:\/\/www.markus-schall.de\/wp-content\/uploads\/Iran-Geopolitische-Interessen-300x200.jpg 300w, https:\/\/www.markus-schall.de\/wp-content\/uploads\/Iran-Geopolitische-Interessen-768x512.jpg 768w, https:\/\/www.markus-schall.de\/wp-content\/uploads\/Iran-Geopolitische-Interessen-18x12.jpg 18w\" sizes=\"auto, (max-width: 1024px) 100vw, 1024px\" \/><\/p>\n<h2>A inc\u00f3moda constata\u00e7\u00e3o e a raz\u00e3o pela qual as respostas simples n\u00e3o ajudam<\/h2>\n<p>No final de cada longa an\u00e1lise, h\u00e1 normalmente uma expetativa: uma resposta clara. Quem est\u00e1 certo? Quem est\u00e1 errado? Quem \u00e9 o culpado? Mas quanto mais nos aprofundamos no Ir\u00e3o, mais claro se torna que \u00e9 precisamente essa clareza que constitui o problema.<\/p>\n<p>O Ir\u00e3o desafia interpreta\u00e7\u00f5es simples. N\u00e3o porque seja particularmente misterioso, mas porque \u00e9 contradit\u00f3rio - como muitas sociedades que est\u00e3o sob press\u00e3o. Os sistemas pol\u00edticos, as realidades sociais, as experi\u00eancias hist\u00f3ricas e os interesses externos sobrep\u00f5em-se. Qualquer pessoa que tente formar uma hist\u00f3ria clara a partir deste facto perde inevitavelmente partes da realidade.<\/p>\n<p>Esta tomada de consci\u00eancia \u00e9 inc\u00f3moda. Porque nos obriga a renunciar \u00e0s certezas.<\/p>\n<h3>Nem dem\u00f3nio nem ideal<\/h3>\n<p>O Ir\u00e3o n\u00e3o \u00e9 nem a imagem sinistra e distorcida que alguns t\u00edtulos de jornais pintam, nem uma v\u00edtima incompreendida e sem responsabilidade pr\u00f3pria. \u00c9 um Estado com estruturas autorit\u00e1rias e restri\u00e7\u00f5es reais. Ao mesmo tempo, \u00e9 uma sociedade com uma vida quotidiana funcional, diversidade interna e disposi\u00e7\u00f5es pragm\u00e1ticas.<\/p>\n<p>Ambas existem ao mesmo tempo. E \u00e9 precisamente esta simultaneidade que muitas vezes n\u00e3o \u00e9 tolerada no discurso p\u00fablico. A cr\u00edtica ou \u00e9 moralmente exagerada ou reflexivamente relativizada. A compreens\u00e3o \u00e9 confundida com justifica\u00e7\u00e3o, o ceticismo com partidarismo.<\/p>\n<p>Mas compreender n\u00e3o significa aprovar. E a cr\u00edtica n\u00e3o perde a sua acuidade se for formulada de forma diferenciada.<\/p>\n<h3>Os limites das narrativas morais<\/h3>\n<p>As narrativas morais t\u00eam um efeito poderoso. Estruturam a perce\u00e7\u00e3o, criam orienta\u00e7\u00e3o e mobilizam a indigna\u00e7\u00e3o. Mas tamb\u00e9m t\u00eam um limite: simplificam.<\/p>\n<p>No caso do Ir\u00e3o, esta simplifica\u00e7\u00e3o leva a que os processos pol\u00edticos sejam personalizados, as tens\u00f5es sociais homogeneizadas e os interesses externos ignorados. O resultado \u00e9 uma imagem emocionalmente convincente mas que pouco explica em termos anal\u00edticos.<\/p>\n<p>Qualquer pessoa que se envolva seriamente com o Ir\u00e3o tem de sair desta zona de conforto moral. Isto n\u00e3o significa abandonar os valores. Significa n\u00e3o os utilizar como substituto da an\u00e1lise.<\/p>\n<h3>A literacia medi\u00e1tica como responsabilidade pol\u00edtica<\/h3>\n<p>Uma das conclus\u00f5es centrais deste texto n\u00e3o diz respeito ao Ir\u00e3o, mas a n\u00f3s. A forma como falamos de outros pa\u00edses diz muito sobre os nossos pr\u00f3prios h\u00e1bitos de pensamento. Sobre a nossa vontade de aceitar a ambival\u00eancia. Sobre a nossa paci\u00eancia com a complexidade.<\/p>\n<p>Os meios de comunica\u00e7\u00e3o social oferecem ofertas. Estabelecem prioridades, selecionam imagens e formulam interpreta\u00e7\u00f5es. Mas os leitores s\u00e3o respons\u00e1veis pela forma como aceitam essas ofertas. Se tomarmos todos os t\u00edtulos como verdade absoluta, delegamos o pensamento. Se ler apenas o que confirma a sua pr\u00f3pria atitude, est\u00e1 a limitar a sua vis\u00e3o.<\/p>\n<p>Esta responsabilidade \u00e9 particularmente crucial quando se trata de temas geopoliticamente carregados. Porque as palavras moldam a realidade - pelo menos a nossa perce\u00e7\u00e3o da mesma.<\/p>\n<h3>O que resta quando se olha mais de perto<\/h3>\n<p>Ent\u00e3o, o que resta quando se olha para o Ir\u00e3o para al\u00e9m dos t\u00edtulos dos jornais?<\/p>\n<p>Continua a ser um pa\u00eds com tens\u00f5es internas, mas tamb\u00e9m com uma estabilidade not\u00e1vel. Uma sociedade que se equilibra entre a adapta\u00e7\u00e3o e a mudan\u00e7a. Um sistema pol\u00edtico autorit\u00e1rio, mas n\u00e3o arbitr\u00e1rio. E um ator geopol\u00edtico que n\u00e3o s\u00f3 reage, mas tamb\u00e9m persegue os seus pr\u00f3prios interesses.<\/p>\n<p>Acima de tudo, por\u00e9m, permanece a constata\u00e7\u00e3o de que a realidade raramente se encontra onde \u00e9 reivindicada com mais veem\u00eancia.<\/p>\n<h3>N\u00e3o h\u00e1 conclus\u00f5es f\u00e1ceis - mas h\u00e1 perguntas melhores<\/h3>\n<p>Este texto n\u00e3o fornece instru\u00e7\u00f5es de a\u00e7\u00e3o. N\u00e3o diz o que se \u201edeve\u201c pensar. Apenas nos convida a olhar mais de perto. A fazer perguntas em vez de assumir respostas. A suportar as contradi\u00e7\u00f5es em vez de as resolver.<\/p>\n<p>Talvez este seja o ponto mais importante: a maturidade pol\u00edtica n\u00e3o se revela em ju\u00edzos claros, mas na capacidade de aceitar a incerteza.<\/p>\n<p>O Ir\u00e3o continuar\u00e1 a ser um problema no futuro. Os protestos suceder-se-\u00e3o. Os meios de comunica\u00e7\u00e3o social v\u00e3o noticiar, comentar e agravar a situa\u00e7\u00e3o. Os interesses ter\u00e3o efeito - aberta ou secretamente. Tudo isto faz parte de uma realidade que n\u00e3o pode ser resolvida. O que pode mudar \u00e9 a forma como lidamos com ela.<\/p>\n<p>Aqueles que est\u00e3o preparados para romper com as narrativas simples n\u00e3o ganham uma vantagem moral. Mas ganham outra coisa: uma vis\u00e3o mais clara.<\/p>\n<p>E, por vezes, esse \u00e9 exatamente o m\u00e1ximo que se pode alcan\u00e7ar.<\/p>\n<h3>Quando a an\u00e1lise se torna subitamente realidade<\/h3>\n<p><a href=\"https:\/\/www.markus-schall.de\/pt\/2026\/03\/o-conflito-israelo-iraniano-porque-e-que-esta-escalada-e-o-pesadelo-estrategico-do-ocidente\/\"><img loading=\"lazy\" decoding=\"async\" class=\"alignright wp-image-5217 size-medium\" src=\"https:\/\/www.markus-schall.de\/wp-content\/uploads\/Israel-Iran-Strategischer-Albtraum-300x200.jpg\" alt=\"Israel-Ir\u00e3o - Pesadelo estrat\u00e9gico\" width=\"300\" height=\"200\" srcset=\"https:\/\/www.markus-schall.de\/wp-content\/uploads\/Israel-Iran-Strategischer-Albtraum-300x200.jpg 300w, https:\/\/www.markus-schall.de\/wp-content\/uploads\/Israel-Iran-Strategischer-Albtraum-768x512.jpg 768w, https:\/\/www.markus-schall.de\/wp-content\/uploads\/Israel-Iran-Strategischer-Albtraum-18x12.jpg 18w, https:\/\/www.markus-schall.de\/wp-content\/uploads\/Israel-Iran-Strategischer-Albtraum.jpg 1024w\" sizes=\"auto, (max-width: 300px) 100vw, 300px\" \/><\/a>Quando este artigo sobre o Ir\u00e3o foi escrito, o principal objetivo era compreender o pa\u00eds para al\u00e9m dos t\u00edtulos habituais - a sua vida quotidiana, a sua sociedade e as tens\u00f5es entre o governo e a popula\u00e7\u00e3o. Mas se muitos destes temas ainda pareciam ser an\u00e1lises de fundo, a situa\u00e7\u00e3o geopol\u00edtica chegou agora a um ponto dram\u00e1tico. O conflito entre o Ir\u00e3o e Israel entrou numa nova fase e muitas das quest\u00f5es que t\u00eam ecoado em segundo plano est\u00e3o subitamente no centro da pol\u00edtica mundial. No meu novo editorial <a href=\"https:\/\/www.markus-schall.de\/pt\/2026\/03\/o-conflito-israelo-iraniano-porque-e-que-esta-escalada-e-o-pesadelo-estrategico-do-ocidente\/\"><em><strong>\u201eIr\u00e3o-Israel: porque \u00e9 que este conflito \u00e9 um pesadelo de um ponto de vista estrat\u00e9gico\u201c<\/strong><\/em><\/a> Por isso, dou um passo em frente e analiso a din\u00e2mica geopol\u00edtica subjacente \u00e0 escalada - desde d\u00e9cadas de avisos nucleares at\u00e9 ao papel das grandes pot\u00eancias.<\/p>\n<hr \/>\n\n\t\t\t<div class=\"display-post-types\">\n\n\t\t\t\t\t\t\t<style type=\"text\/css\">\n\t\t\t#dpt-wrapper-125 { --dpt-text-align: left;--dpt-image-crop: center;--dpt-border-radius: 5px;--dpt-h-gutter: 10px;--dpt-v-gutter: 9px; }\t\t\t<\/style>\n\t\t\t<style type=\"text\/css\">#dpt-wrapper-125 { --dpt-title-font-style:normal;--dpt-title-font-weight:600;--dpt-title-line-height:1.5;--dpt-title-text-decoration:none;--dpt-title-text-transform:none;--dpt-excerpt-font-style:normal;--dpt-excerpt-font-weight:400;--dpt-excerpt-line-height:1.5;--dpt-excerpt-text-decoration:none;--dpt-excerpt-text-transform:none;--dpt-meta1-font-style:normal;--dpt-meta1-font-weight:400;--dpt-meta1-line-height:1.9;--dpt-meta1-text-decoration:none;--dpt-meta1-text-transform:none;--dpt-meta2-font-style:normal;--dpt-meta2-font-weight:400;--dpt-meta2-line-height:1.9;--dpt-meta2-text-decoration:none;--dpt-meta2-text-transform:none; }<\/style><div class=\"dpt-main-header\">\n\t\t\t\t\t\t<div class=\"dpt-main-title\">\n\t\t\t\t\t\t\t<span class=\"dpt-main-title-text\">Artigos actuais sobre arte e cultura<\/span>\n\t\t\t\t\t\t<\/div>\n\t\t\t\t\t\t\n\t\t\t\t\t\t\n\t\t\t\t\t\t\n\t\t\t\t\t\t<\/div>\t\t\t\n\t\t\t\t<div id=\"dpt-wrapper-125\" class=\"dpt-wrapper dpt-mag1 land1 dpt-cropped dpt-flex-wrap\" >\n\n\t\t\t\t\t\t\t\t\t\t\t<div class=\"dpt-entry has-thumbnail\" data-title=\"johann sebastian bach \u2013 ordnung, haltung und das fundament unserer musik\" data-id=\"5033\"  data-category=\"allgemein gesellschaft kunst &amp; kultur\" data-post_tag=\"deutschland musik portrait\">\n\t\t\t\t\t\t\t<div class=\"dpt-entry-wrapper\"><div class=\"dpt-featured-content\"><div class=\"dpt-permalink\"><a href=\"https:\/\/www.markus-schall.de\/pt\/2026\/02\/johann-sebastian-bach-a-atitude-da-ordem-e-a-base-da-nossa-musica\/\" class=\"dpt-permalink\"><span class=\"screen-reader-text\">Johann Sebastian Bach - ordem, atitude e a base da nossa m\u00fasica<\/span><\/a><\/div><div class=\"dpt-thumbnail\"><div class=\"dpt-thumbnail-inner\"><img width=\"1024\" height=\"683\" class=\"attachment-full size-full\" alt=\"Retrato de Johann Sebastian Bach\" context=\"dpt\" data-dpt-src=\"https:\/\/www.markus-schall.de\/wp-content\/uploads\/Johann-Sebastian-Bach-Portrait.jpg\" data-dpt-sizes=\"(max-width: 1024px) 100vw, 1024px\" data-dpt-srcset=\"https:\/\/www.markus-schall.de\/wp-content\/uploads\/Johann-Sebastian-Bach-Portrait.jpg 1024w, https:\/\/www.markus-schall.de\/wp-content\/uploads\/Johann-Sebastian-Bach-Portrait-300x200.jpg 300w, https:\/\/www.markus-schall.de\/wp-content\/uploads\/Johann-Sebastian-Bach-Portrait-768x512.jpg 768w, https:\/\/www.markus-schall.de\/wp-content\/uploads\/Johann-Sebastian-Bach-Portrait-18x12.jpg 18w\" \/><\/div><span class=\"dpt-thumbnail-aspect-ratio\" style=\"padding-top: 75%\"><\/span><\/div><\/div><div class=\"sub-entry\"><h3 class=\"dpt-title\"><a class=\"dpt-title-link\" href=\"https:\/\/www.markus-schall.de\/pt\/2026\/02\/johann-sebastian-bach-a-atitude-da-ordem-e-a-base-da-nossa-musica\/\" rel=\"bookmark\">Johann Sebastian Bach - ordem, atitude e a base da nossa m\u00fasica<\/a><\/h3><\/div><\/div>\n\t\t\t\t\t\t<\/div><!-- .dpt-entry -->\n\t\t\t\t\t\t\t\t\t\t\t\t<div class=\"dpt-entry has-thumbnail\" data-title=\"die affinity grafik-suite wird kostenlos: was profi-anwender jetzt wissen m\u00fcssen\" data-id=\"3675\"  data-category=\"apple macos b\u00fccher kunst &amp; kultur tipps &amp; anleitungen\" data-post_tag=\"buch mac prozesse publishing verlag\">\n\t\t\t\t\t\t\t<div class=\"dpt-entry-wrapper\"><div class=\"dpt-featured-content\"><div class=\"dpt-permalink\"><a href=\"https:\/\/www.markus-schall.de\/pt\/2025\/11\/a-suite-grafica-affinity-torna-se-gratuita-o-que-os-utilizadores-profissionais-devem-saber-agora\/\" class=\"dpt-permalink\"><span class=\"screen-reader-text\">A suite gr\u00e1fica Affinity torna-se gratuita: O que os utilizadores profissionais precisam de saber agora<\/span><\/a><\/div><div class=\"dpt-thumbnail\"><div class=\"dpt-thumbnail-inner\"><img width=\"1024\" height=\"683\" class=\"attachment-full size-full\" alt=\"Suite gr\u00e1fica Affinity gratuita\" context=\"dpt\" data-dpt-src=\"https:\/\/www.markus-schall.de\/wp-content\/uploads\/affinity-grafiksuite-kostenlos.jpg\" data-dpt-sizes=\"(max-width: 1024px) 100vw, 1024px\" data-dpt-srcset=\"https:\/\/www.markus-schall.de\/wp-content\/uploads\/affinity-grafiksuite-kostenlos.jpg 1024w, https:\/\/www.markus-schall.de\/wp-content\/uploads\/affinity-grafiksuite-kostenlos-300x200.jpg 300w, https:\/\/www.markus-schall.de\/wp-content\/uploads\/affinity-grafiksuite-kostenlos-768x512.jpg 768w, https:\/\/www.markus-schall.de\/wp-content\/uploads\/affinity-grafiksuite-kostenlos-18x12.jpg 18w\" \/><\/div><span class=\"dpt-thumbnail-aspect-ratio\" style=\"padding-top: 75%\"><\/span><\/div><\/div><div class=\"sub-entry\"><h3 class=\"dpt-title\"><a class=\"dpt-title-link\" href=\"https:\/\/www.markus-schall.de\/pt\/2025\/11\/a-suite-grafica-affinity-torna-se-gratuita-o-que-os-utilizadores-profissionais-devem-saber-agora\/\" rel=\"bookmark\">A suite gr\u00e1fica Affinity torna-se gratuita: O que os utilizadores profissionais precisam de saber agora<\/a><\/h3><\/div><\/div>\n\t\t\t\t\t\t<\/div><!-- .dpt-entry -->\n\t\t\t\t\t\t\t\t\t\t\t\t<div class=\"dpt-entry has-thumbnail\" data-title=\"ulrike gu\u00e9rot: eine europ\u00e4erin zwischen idee, universit\u00e4t und \u00f6ffentlichem diskurs\" data-id=\"4039\"  data-category=\"allgemein gesellschaft kunst &amp; kultur\" data-post_tag=\"denkmodelle deutschland europa geopolitik krisen meinungsfreiheit portrait sicherheitspolitik spieltheorie\">\n\t\t\t\t\t\t\t<div class=\"dpt-entry-wrapper\"><div class=\"dpt-featured-content\"><div class=\"dpt-permalink\"><a href=\"https:\/\/www.markus-schall.de\/pt\/2025\/12\/ulrike-guerot-um-europeu-entre-a-ideia-de-universidade-e-o-discurso-publico\/\" class=\"dpt-permalink\"><span class=\"screen-reader-text\">Ulrike Gu\u00e9rot: Uma europeia entre a ideia, a universidade e o discurso p\u00fablico<\/span><\/a><\/div><div class=\"dpt-thumbnail\"><div class=\"dpt-thumbnail-inner\"><img width=\"1024\" height=\"683\" class=\"attachment-full size-full\" alt=\"Ulrike Gu\u00e9rot e a Europa\" context=\"dpt\" data-dpt-src=\"https:\/\/www.markus-schall.de\/wp-content\/uploads\/ulrike-guerot-portrait.jpg\" data-dpt-sizes=\"(max-width: 1024px) 100vw, 1024px\" data-dpt-srcset=\"https:\/\/www.markus-schall.de\/wp-content\/uploads\/ulrike-guerot-portrait.jpg 1024w, https:\/\/www.markus-schall.de\/wp-content\/uploads\/ulrike-guerot-portrait-300x200.jpg 300w, https:\/\/www.markus-schall.de\/wp-content\/uploads\/ulrike-guerot-portrait-768x512.jpg 768w, https:\/\/www.markus-schall.de\/wp-content\/uploads\/ulrike-guerot-portrait-18x12.jpg 18w\" \/><\/div><span class=\"dpt-thumbnail-aspect-ratio\" style=\"padding-top: 75%\"><\/span><\/div><\/div><div class=\"sub-entry\"><h3 class=\"dpt-title\"><a class=\"dpt-title-link\" href=\"https:\/\/www.markus-schall.de\/pt\/2025\/12\/ulrike-guerot-um-europeu-entre-a-ideia-de-universidade-e-o-discurso-publico\/\" rel=\"bookmark\">Ulrike Gu\u00e9rot: Uma europeia entre a ideia, a universidade e o discurso p\u00fablico<\/a><\/h3><\/div><\/div>\n\t\t\t\t\t\t<\/div><!-- .dpt-entry -->\n\t\t\t\t\t\t\t\t\t\t\t\t<div class=\"dpt-entry has-thumbnail\" data-title=\"jan-josef liefers: ein portr\u00e4t \u00fcber haltung, herkunft und k\u00fcnstlerische freiheit\" data-id=\"3854\"  data-category=\"allgemein gesellschaft kunst &amp; kultur\" data-post_tag=\"deutschland erfahrungen krisen lernen meinungsfreiheit musik pers\u00f6nlichkeitsentwicklung portrait\">\n\t\t\t\t\t\t\t<div class=\"dpt-entry-wrapper\"><div class=\"dpt-featured-content\"><div class=\"dpt-permalink\"><a href=\"https:\/\/www.markus-schall.de\/pt\/2025\/12\/jan-josef-liefers-um-retrato-da-atitude-da-origem-e-da-liberdade-artistica\/\" class=\"dpt-permalink\"><span class=\"screen-reader-text\">Jan-Josef Liefers: Um retrato da atitude, das origens e da liberdade art\u00edstica<\/span><\/a><\/div><div class=\"dpt-thumbnail\"><div class=\"dpt-thumbnail-inner\"><img width=\"1024\" height=\"683\" class=\"attachment-full size-full\" alt=\"Jan-Josef Liefers\" context=\"dpt\" data-dpt-src=\"https:\/\/www.markus-schall.de\/wp-content\/uploads\/jan-josef-liefers-silhouette.jpg\" data-dpt-sizes=\"(max-width: 1024px) 100vw, 1024px\" data-dpt-srcset=\"https:\/\/www.markus-schall.de\/wp-content\/uploads\/jan-josef-liefers-silhouette.jpg 1024w, https:\/\/www.markus-schall.de\/wp-content\/uploads\/jan-josef-liefers-silhouette-300x200.jpg 300w, https:\/\/www.markus-schall.de\/wp-content\/uploads\/jan-josef-liefers-silhouette-768x512.jpg 768w, https:\/\/www.markus-schall.de\/wp-content\/uploads\/jan-josef-liefers-silhouette-18x12.jpg 18w\" \/><\/div><span class=\"dpt-thumbnail-aspect-ratio\" style=\"padding-top: 75%\"><\/span><\/div><\/div><div class=\"sub-entry\"><h3 class=\"dpt-title\"><a class=\"dpt-title-link\" href=\"https:\/\/www.markus-schall.de\/pt\/2025\/12\/jan-josef-liefers-um-retrato-da-atitude-da-origem-e-da-liberdade-artistica\/\" rel=\"bookmark\">Jan-Josef Liefers: Um retrato da atitude, das origens e da liberdade art\u00edstica<\/a><\/h3><\/div><\/div>\n\t\t\t\t\t\t<\/div><!-- .dpt-entry -->\n\t\t\t\t\t\t\n\t\t\t\t<\/div>\n\t\t\t\t\t\t<\/div>\n\t\t\t\n<hr \/>\n<h2>Perguntas mais frequentes sobre o Ir\u00e3o<\/h2>\n<ol>\n<li><strong>Porque \u00e9 que a imagem do Ir\u00e3o nos meios de comunica\u00e7\u00e3o ocidentais parece t\u00e3o fechada e inequ\u00edvoca?<\/strong><br \/>\nPorque certos termos, imagens e padr\u00f5es de interpreta\u00e7\u00e3o se tornaram enraizados ao longo dos anos. Os media trabalham com a repeti\u00e7\u00e3o e o resumo. Isto cria orienta\u00e7\u00e3o, mas tamb\u00e9m significa que os desvios da narrativa estabelecida s\u00e3o dificilmente reconhecidos. A complexidade \u00e9 reduzida, n\u00e3o por inten\u00e7\u00e3o maliciosa, mas por raz\u00f5es estruturais.<\/li>\n<li><strong>Ser\u00e1 que a diferencia\u00e7\u00e3o significa automaticamente que os problemas no Ir\u00e3o s\u00e3o relativizados?<\/strong><br \/>\nN\u00e3o. Diferencia\u00e7\u00e3o n\u00e3o significa banaliza\u00e7\u00e3o. Significa olhar para os problemas no contexto correto. A cr\u00edtica continua a ser poss\u00edvel e necess\u00e1ria, mas perde a sua acuidade se for generalizada. Quem diferencia critica de forma mais precisa, n\u00e3o mais fraca.<\/li>\n<li><strong>Como \u00e9 que um sistema autorit\u00e1rio pode, ao mesmo tempo, ter uma vida quotidiana funcional?<\/strong><br \/>\nAs estruturas autorit\u00e1rias n\u00e3o excluem a exist\u00eancia de infra-estruturas funcionais. Muitos Estados centram-se conscientemente na estabilidade, na ordem e no abastecimento, a fim de garantir a aceita\u00e7\u00e3o social. A vida quotidiana e a liberdade pol\u00edtica n\u00e3o est\u00e3o automaticamente ligadas.<\/li>\n<li><strong>As observa\u00e7\u00f5es positivas do quotidiano n\u00e3o s\u00e3o apenas casos isolados ou anedotas?<\/strong><br \/>\nSim, s\u00e3o observa\u00e7\u00f5es - n\u00e3o s\u00e3o provas estat\u00edsticas. Mas, precisamente porque contradizem o quadro dominante, s\u00e3o relevantes. Mostram que a realidade \u00e9 mais complexa do que \u00e9 frequentemente retratada e que os ju\u00edzos de valor generalizados s\u00e3o problem\u00e1ticos.<\/li>\n<li><strong>Porque \u00e9 que a vida quotidiana das pessoas no Ir\u00e3o \u00e9 t\u00e3o raramente abordada?<\/strong><br \/>\nPorque a vida quotidiana n\u00e3o suscita grande aten\u00e7\u00e3o. Os media preferem noticiar os conflitos, os protestos e as escaladas. A normalidade do funcionamento n\u00e3o \u00e9 considerada digna de not\u00edcia, apesar de ser fundamental para compreender um pa\u00eds.<\/li>\n<li><strong>At\u00e9 que ponto \u00e9 real a insatisfa\u00e7\u00e3o da sociedade iraniana?<\/strong><br \/>\n\u00c9 real e diversificada. A press\u00e3o econ\u00f3mica, a desigualdade social, as restri\u00e7\u00f5es culturais e os conflitos geracionais criam tens\u00f5es. No entanto, esta insatisfa\u00e7\u00e3o n\u00e3o \u00e9 automaticamente dirigida contra todo o sistema pol\u00edtico.<\/li>\n<li><strong>Porque \u00e9 que o protesto \u00e9 frequentemente interpretado como a voz do povo no seu todo?<\/strong><br \/>\nPorque o protesto \u00e9 vis\u00edvel, emocional e facilmente explor\u00e1vel pelos media. \u00c9 frequentemente esquecido o facto de os manifestantes representarem apenas uma parte da sociedade. As maiorias silenciosas s\u00e3o mais dif\u00edceis de categorizar, mas n\u00e3o s\u00e3o menos relevantes do ponto de vista pol\u00edtico.<\/li>\n<li><strong>Que papel desempenha o conflito de gera\u00e7\u00f5es no Ir\u00e3o?<\/strong><br \/>\nUm dos principais. Os jovens est\u00e3o globalmente ligados em rede, t\u00eam um bom n\u00edvel de educa\u00e7\u00e3o e t\u00eam expectativas de liberdade e autodetermina\u00e7\u00e3o diferentes das gera\u00e7\u00f5es mais velhas. Este conflito caracteriza fortemente a vida quotidiana, as formas de protesto e os debates sociais.<\/li>\n<li><strong>Porque \u00e9 que os resultados eleitorais no Ir\u00e3o s\u00e3o frequentemente vistos como prova de uma ditadura?<\/strong><br \/>\nPorque o sistema pol\u00edtico n\u00e3o corresponde ao das democracias ocidentais. \u00c9 frequente esquecer-se que existem verdadeiras maiorias sociais, sobretudo fora das grandes cidades. Existem simultaneamente elementos autorit\u00e1rios e de consentimento social.<\/li>\n<li><strong>Qual \u00e9 o significado da fratura urbano-rural?<\/strong><br \/>\n\u00c9 decisivo. As cidades s\u00e3o mais cr\u00edticas, modernas e politicamente diversificadas. As regi\u00f5es rurais d\u00e3o frequentemente mais valor \u00e0 estabilidade, \u00e0 tradi\u00e7\u00e3o e \u00e0 ordem religiosa. Esta divis\u00e3o caracteriza a pol\u00edtica, as elei\u00e7\u00f5es e as din\u00e2micas de protesto.<\/li>\n<li><strong>A influ\u00eancia estrangeira no Ir\u00e3o \u00e9 apenas uma narrativa conspirativa?<\/strong><br \/>\nN\u00e3o, a influ\u00eancia \u00e9 historicamente comprovada e geopoliticamente comum. Ao mesmo tempo, isso n\u00e3o significa que todos os movimentos de protesto sejam controlados. Uma an\u00e1lise s\u00e9ria distingue entre factos comprovados, mecanismos plaus\u00edveis e afirma\u00e7\u00f5es n\u00e3o fundamentadas.<\/li>\n<li><strong>Por que raz\u00e3o \u00e9 t\u00e3o dif\u00edcil apresentar provas das actividades dos servi\u00e7os secretos?<\/strong><br \/>\nPorque essas actividades s\u00e3o, por defini\u00e7\u00e3o, secretas. As provas p\u00fablicas s\u00e3o raras. Por conseguinte, \u00e9 necess\u00e1rio ter cuidado. Podem discutir-se ind\u00edcios e pistas, mas as certezas absolutas s\u00e3o duvidosas.<\/li>\n<li><strong>Que papel desempenham os grupos de exilados no discurso internacional sobre o Ir\u00e3o?<\/strong><br \/>\nUm dos principais. Os grupos de exilados t\u00eam acesso aos meios de comunica\u00e7\u00e3o social e \u00e0s redes pol\u00edticas ocidentais. As suas perspectivas influenciam fortemente o discurso, mas n\u00e3o reflectem necessariamente a amplitude da sociedade iraniana.<\/li>\n<li><strong>Os meios de comunica\u00e7\u00e3o social fazem parte de uma campanha de influ\u00eancia direcionada?<\/strong><br \/>\nNormalmente n\u00e3o est\u00e1 ativo. Os meios de comunica\u00e7\u00e3o social tendem a atuar como um amplificador. Apanham os temas que emocionam, parecem moralmente claros e geram aten\u00e7\u00e3o. No entanto, esta l\u00f3gica pode ser utilizada por outros actores.<\/li>\n<li><strong>Porque \u00e9 que o Ir\u00e3o \u00e9 t\u00e3o importante do ponto de vista geopol\u00edtico?<\/strong><br \/>\nAtrav\u00e9s da sua localiza\u00e7\u00e3o, dos seus recursos energ\u00e9ticos e do seu papel regional. Os desenvolvimentos no Ir\u00e3o afectam as rotas comerciais, as arquitecturas de seguran\u00e7a e as rela\u00e7\u00f5es de poder no M\u00e9dio Oriente - e, por conseguinte, os interesses globais.<\/li>\n<li><strong>Porque \u00e9 que o Ir\u00e3o raramente \u00e9 considerado um pa\u00eds \u201enormal\u201c?<\/strong><br \/>\nPorque ele n\u00e3o pode ser claramente classificado. N\u00e3o \u00e9 nem um aliado claro nem um simples advers\u00e1rio. Esta ambival\u00eancia perturba as ideias fixas de ordem e torna necess\u00e1ria uma vis\u00e3o diferenciada - mas inc\u00f3moda.<\/li>\n<li><strong>Qual \u00e9 o maior erro no debate sobre o Ir\u00e3o?<\/strong><br \/>\nA cren\u00e7a de que existem explica\u00e7\u00f5es simples. Aqueles que s\u00f3 fazem ju\u00edzos morais ou s\u00f3 pensam estrategicamente esquecem partes essenciais da realidade. O Ir\u00e3o n\u00e3o pode ser entendido unidimensionalmente.<\/li>\n<li><strong>O que \u00e9 que o leitor deve retirar deste artigo?<\/strong><br \/>\nN\u00e3o h\u00e1 opini\u00f5es prontas, mas sim melhores perguntas. A vontade de suportar contradi\u00e7\u00f5es, de examinar as fontes de forma cr\u00edtica e de n\u00e3o se contentar com simples narrativas.<\/li>\n<li><strong>Porque \u00e9 que a diferencia\u00e7\u00e3o \u00e9 mais importante hoje do que nunca?<\/strong><br \/>\nPorque a comunica\u00e7\u00e3o pol\u00edtica est\u00e1 a tornar-se cada vez mais polarizada. A diferencia\u00e7\u00e3o n\u00e3o \u00e9 um sinal de fraqueza, mas de maturidade. Protege contra a manipula\u00e7\u00e3o - e contra julgamentos precipitados.<\/li>\n<\/ol>\n<hr \/>\n\n\t\t\t<div class=\"display-post-types\">\n\n\t\t\t\t\t\t\t<style type=\"text\/css\">\n\t\t\t#dpt-wrapper-126 { --dpt-text-align: left;--dpt-image-crop: center;--dpt-border-radius: 5px;--dpt-h-gutter: 10px;--dpt-v-gutter: 9px; }\t\t\t<\/style>\n\t\t\t<style type=\"text\/css\">#dpt-wrapper-126 { --dpt-title-font-style:normal;--dpt-title-font-weight:600;--dpt-title-line-height:1.5;--dpt-title-text-decoration:none;--dpt-title-text-transform:none;--dpt-excerpt-font-style:normal;--dpt-excerpt-font-weight:400;--dpt-excerpt-line-height:1.5;--dpt-excerpt-text-decoration:none;--dpt-excerpt-text-transform:none;--dpt-meta1-font-style:normal;--dpt-meta1-font-weight:400;--dpt-meta1-line-height:1.9;--dpt-meta1-text-decoration:none;--dpt-meta1-text-transform:none;--dpt-meta2-font-style:normal;--dpt-meta2-font-weight:400;--dpt-meta2-line-height:1.9;--dpt-meta2-text-decoration:none;--dpt-meta2-text-transform:none; }<\/style><div class=\"dpt-main-header\">\n\t\t\t\t\t\t<div class=\"dpt-main-title\">\n\t\t\t\t\t\t\t<span class=\"dpt-main-title-text\">Artigos actuais sobre intelig\u00eancia artificial<\/span>\n\t\t\t\t\t\t<\/div>\n\t\t\t\t\t\t\n\t\t\t\t\t\t\n\t\t\t\t\t\t\n\t\t\t\t\t\t<\/div>\t\t\t\n\t\t\t\t<div id=\"dpt-wrapper-126\" class=\"dpt-wrapper dpt-mag1 land1 dpt-cropped dpt-flex-wrap\" >\n\n\t\t\t\t\t\t\t\t\t\t\t<div class=\"dpt-entry has-thumbnail\" data-title=\"vom chatgpt-datenexport zur eigenen wissens-ki: schritt-f\u00fcr-schritt mit ollama und qdrant\" data-id=\"5306\"  data-category=\"apple macos ki-systeme tipps &amp; anleitungen\" data-post_tag=\"datenbanken denkmodelle digitales eigentum docker k\u00fcnstliche intelligenz llama llm mlx ollama prozesse sprachmodell\">\n\t\t\t\t\t\t\t<div class=\"dpt-entry-wrapper\"><div class=\"dpt-featured-content\"><div class=\"dpt-permalink\"><a href=\"https:\/\/www.markus-schall.de\/pt\/2026\/03\/da-exportacao-de-dados-do-chatgpt-para-o-seu-proprio-knowledge-ki-passo-a-passo-com-ollama-e-qdrant\/\" class=\"dpt-permalink\"><span class=\"screen-reader-text\">Da exporta\u00e7\u00e3o de dados ChatGPT para a sua pr\u00f3pria IA do conhecimento: passo a passo com Ollama e Qdrant<\/span><\/a><\/div><div class=\"dpt-thumbnail\"><div class=\"dpt-thumbnail-inner\"><img width=\"1024\" height=\"683\" class=\"attachment-full size-full\" alt=\"O caminho para a sua pr\u00f3pria mem\u00f3ria de IA\" context=\"dpt\" data-dpt-src=\"https:\/\/www.markus-schall.de\/wp-content\/uploads\/ChatGPT-Datenexport-Computerhirn.jpg\" data-dpt-sizes=\"(max-width: 1024px) 100vw, 1024px\" data-dpt-srcset=\"https:\/\/www.markus-schall.de\/wp-content\/uploads\/ChatGPT-Datenexport-Computerhirn.jpg 1024w, https:\/\/www.markus-schall.de\/wp-content\/uploads\/ChatGPT-Datenexport-Computerhirn-300x200.jpg 300w, https:\/\/www.markus-schall.de\/wp-content\/uploads\/ChatGPT-Datenexport-Computerhirn-768x512.jpg 768w, https:\/\/www.markus-schall.de\/wp-content\/uploads\/ChatGPT-Datenexport-Computerhirn-18x12.jpg 18w\" \/><\/div><span class=\"dpt-thumbnail-aspect-ratio\" style=\"padding-top: 75%\"><\/span><\/div><\/div><div class=\"sub-entry\"><h3 class=\"dpt-title\"><a class=\"dpt-title-link\" href=\"https:\/\/www.markus-schall.de\/pt\/2026\/03\/da-exportacao-de-dados-do-chatgpt-para-o-seu-proprio-knowledge-ki-passo-a-passo-com-ollama-e-qdrant\/\" rel=\"bookmark\">Da exporta\u00e7\u00e3o de dados ChatGPT para a sua pr\u00f3pria IA do conhecimento: passo a passo com Ollama e Qdrant<\/a><\/h3><\/div><\/div>\n\t\t\t\t\t\t<\/div><!-- .dpt-entry -->\n\t\t\t\t\t\t\t\t\t\t\t\t<div class=\"dpt-entry has-thumbnail\" data-title=\"k\u00fcnstliche intelligenz ohne hype: warum weniger ki-tools oft bessere arbeit bedeuten\" data-id=\"4402\"  data-category=\"apple macos hardware ki-systeme tipps &amp; anleitungen\" data-post_tag=\"denkmodelle erfahrungen k\u00fcnstliche intelligenz llm mac mlx ollama prozesse sprachmodell\">\n\t\t\t\t\t\t\t<div class=\"dpt-entry-wrapper\"><div class=\"dpt-featured-content\"><div class=\"dpt-permalink\"><a href=\"https:\/\/www.markus-schall.de\/pt\/2026\/01\/a-inteligencia-artificial-sem-exageros-porque-e-que-menos-ferramentas-ki-significam-muitas-vezes-melhor-trabalho\/\" class=\"dpt-permalink\"><span class=\"screen-reader-text\">Intelig\u00eancia artificial sem exageros: porque \u00e9 que menos ferramentas de IA significam muitas vezes um trabalho melhor<\/span><\/a><\/div><div class=\"dpt-thumbnail\"><div class=\"dpt-thumbnail-inner\"><img width=\"1024\" height=\"683\" class=\"attachment-full size-full\" alt=\"Intelig\u00eancia artificial sem exageros\" context=\"dpt\" data-dpt-src=\"https:\/\/www.markus-schall.de\/wp-content\/uploads\/KI-ohne-Hype-Titel.jpg\" data-dpt-sizes=\"(max-width: 1024px) 100vw, 1024px\" data-dpt-srcset=\"https:\/\/www.markus-schall.de\/wp-content\/uploads\/KI-ohne-Hype-Titel.jpg 1024w, https:\/\/www.markus-schall.de\/wp-content\/uploads\/KI-ohne-Hype-Titel-300x200.jpg 300w, https:\/\/www.markus-schall.de\/wp-content\/uploads\/KI-ohne-Hype-Titel-768x512.jpg 768w, https:\/\/www.markus-schall.de\/wp-content\/uploads\/KI-ohne-Hype-Titel-18x12.jpg 18w\" \/><\/div><span class=\"dpt-thumbnail-aspect-ratio\" style=\"padding-top: 75%\"><\/span><\/div><\/div><div class=\"sub-entry\"><h3 class=\"dpt-title\"><a class=\"dpt-title-link\" href=\"https:\/\/www.markus-schall.de\/pt\/2026\/01\/a-inteligencia-artificial-sem-exageros-porque-e-que-menos-ferramentas-ki-significam-muitas-vezes-melhor-trabalho\/\" rel=\"bookmark\">Intelig\u00eancia artificial sem exageros: porque \u00e9 que menos ferramentas de IA significam muitas vezes um trabalho melhor<\/a><\/h3><\/div><\/div>\n\t\t\t\t\t\t<\/div><!-- .dpt-entry -->\n\t\t\t\t\t\t\t\t\t\t\t\t<div class=\"dpt-entry has-thumbnail\" data-title=\"der iran\u2013israel-konflikt: warum diese eskalation der strategische albtraum des westens ist\" data-id=\"5212\"  data-category=\"allgemein featured gesellschaft\" data-post_tag=\"denkmodelle energiepolitik europa geopolitik krisen k\u00fcnstliche intelligenz meinungsfreiheit sicherheitspolitik spieltheorie\">\n\t\t\t\t\t\t\t<div class=\"dpt-entry-wrapper\"><div class=\"dpt-featured-content\"><div class=\"dpt-permalink\"><a href=\"https:\/\/www.markus-schall.de\/pt\/2026\/03\/o-conflito-israelo-iraniano-porque-e-que-esta-escalada-e-o-pesadelo-estrategico-do-ocidente\/\" class=\"dpt-permalink\"><span class=\"screen-reader-text\">O conflito Ir\u00e3o-Israel: porque \u00e9 que esta escalada \u00e9 o pesadelo estrat\u00e9gico do Ocidente<\/span><\/a><\/div><div class=\"dpt-thumbnail\"><div class=\"dpt-thumbnail-inner\"><img width=\"1024\" height=\"683\" class=\"attachment-full size-full\" alt=\"Israel-Ir\u00e3o - Pesadelo estrat\u00e9gico\" context=\"dpt\" data-dpt-src=\"https:\/\/www.markus-schall.de\/wp-content\/uploads\/Israel-Iran-Strategischer-Albtraum.jpg\" data-dpt-sizes=\"(max-width: 1024px) 100vw, 1024px\" data-dpt-srcset=\"https:\/\/www.markus-schall.de\/wp-content\/uploads\/Israel-Iran-Strategischer-Albtraum.jpg 1024w, https:\/\/www.markus-schall.de\/wp-content\/uploads\/Israel-Iran-Strategischer-Albtraum-300x200.jpg 300w, https:\/\/www.markus-schall.de\/wp-content\/uploads\/Israel-Iran-Strategischer-Albtraum-768x512.jpg 768w, https:\/\/www.markus-schall.de\/wp-content\/uploads\/Israel-Iran-Strategischer-Albtraum-18x12.jpg 18w\" \/><\/div><span class=\"dpt-thumbnail-aspect-ratio\" style=\"padding-top: 75%\"><\/span><\/div><\/div><div class=\"sub-entry\"><h3 class=\"dpt-title\"><a class=\"dpt-title-link\" href=\"https:\/\/www.markus-schall.de\/pt\/2026\/03\/o-conflito-israelo-iraniano-porque-e-que-esta-escalada-e-o-pesadelo-estrategico-do-ocidente\/\" rel=\"bookmark\">O conflito Ir\u00e3o-Israel: porque \u00e9 que esta escalada \u00e9 o pesadelo estrat\u00e9gico do Ocidente<\/a><\/h3><\/div><\/div>\n\t\t\t\t\t\t<\/div><!-- .dpt-entry -->\n\t\t\t\t\t\t\t\t\t\t\t\t<div class=\"dpt-entry has-thumbnail\" data-title=\"mit klarheit durch die krise: wie ki neue perspektiven er\u00f6ffnet\" data-id=\"2436\"  data-category=\"b\u00fccher\" data-post_tag=\"buch krisen k\u00fcnstliche intelligenz lernen pers\u00f6nlichkeitsentwicklung ratgeber\">\n\t\t\t\t\t\t\t<div class=\"dpt-entry-wrapper\"><div class=\"dpt-featured-content\"><div class=\"dpt-permalink\"><a href=\"https:\/\/www.markus-schall.de\/pt\/2025\/08\/com-clareza-atraves-da-crise-como-a-ki-abre-novas-perspectivas\/\" class=\"dpt-permalink\"><span class=\"screen-reader-text\">Atravessar a crise com clareza: como a IA abre novas perspectivas<\/span><\/a><\/div><div class=\"dpt-thumbnail\"><div class=\"dpt-thumbnail-inner\"><img width=\"838\" height=\"1200\" class=\"attachment-full size-full\" alt=\"Livro &quot;As crises como pontos de viragem - aprender, crescer, moldar\" context=\"dpt\" data-dpt-src=\"https:\/\/www.markus-schall.de\/wp-content\/uploads\/Krisen-Cover-Front-DEjpg.jpg\" data-dpt-sizes=\"(max-width: 838px) 100vw, 838px\" data-dpt-srcset=\"https:\/\/www.markus-schall.de\/wp-content\/uploads\/Krisen-Cover-Front-DEjpg.jpg 838w, https:\/\/www.markus-schall.de\/wp-content\/uploads\/Krisen-Cover-Front-DEjpg-210x300.jpg 210w, https:\/\/www.markus-schall.de\/wp-content\/uploads\/Krisen-Cover-Front-DEjpg-715x1024.jpg 715w, https:\/\/www.markus-schall.de\/wp-content\/uploads\/Krisen-Cover-Front-DEjpg-768x1100.jpg 768w, https:\/\/www.markus-schall.de\/wp-content\/uploads\/Krisen-Cover-Front-DEjpg-8x12.jpg 8w\" \/><\/div><span class=\"dpt-thumbnail-aspect-ratio\" style=\"padding-top: 75%\"><\/span><\/div><\/div><div class=\"sub-entry\"><h3 class=\"dpt-title\"><a class=\"dpt-title-link\" href=\"https:\/\/www.markus-schall.de\/pt\/2025\/08\/com-clareza-atraves-da-crise-como-a-ki-abre-novas-perspectivas\/\" rel=\"bookmark\">Atravessar a crise com clareza: como a IA abre novas perspectivas<\/a><\/h3><\/div><\/div>\n\t\t\t\t\t\t<\/div><!-- .dpt-entry -->\n\t\t\t\t\t\t\n\t\t\t\t<\/div>\n\t\t\t\t\t\t<\/div>\n\t\t\t\n<hr \/>","protected":false},"excerpt":{"rendered":"<p>Quase nenhum outro pa\u00eds evoca imagens t\u00e3o fixas como o Ir\u00e3o. Mesmo antes de se mencionar um \u00fanico pormenor, as associa\u00e7\u00f5es j\u00e1 est\u00e3o l\u00e1: mul\u00e1s, opress\u00e3o, protestos, fanatismo religioso, um Estado em conflito permanente com a sua pr\u00f3pria popula\u00e7\u00e3o. Estas imagens s\u00e3o t\u00e3o familiares que dificilmente s\u00e3o questionadas. Parecem evidentes, quase como conhecimento comum. E ... <a title=\"Atravessar a crise com clareza: como a IA abre novas perspectivas\" class=\"read-more\" href=\"https:\/\/www.markus-schall.de\/pt\/2025\/08\/com-clareza-atraves-da-crise-como-a-ki-abre-novas-perspectivas\/\" aria-label=\"Leia mais sobre Com clareza durante a crise: como a IA abre novas perspectivas\">Ler mais<\/a><\/p>","protected":false},"author":1,"featured_media":4498,"comment_status":"open","ping_status":"open","sticky":false,"template":"","format":"standard","meta":{"iawp_total_views":352,"footnotes":""},"categories":[1,466,472],"tags":[458,475,482,426,476,484,478],"class_list":["post-4462","post","type-post","status-publish","format-standard","has-post-thumbnail","hentry","category-allgemein","category-gesellschaft","category-kunst-kultur","tag-erfahrungen","tag-europa","tag-geopolitik","tag-krisen","tag-meinungsfreiheit","tag-sicherheitspolitik","tag-spieltheorie"],"_links":{"self":[{"href":"https:\/\/www.markus-schall.de\/pt\/wp-json\/wp\/v2\/posts\/4462","targetHints":{"allow":["GET"]}}],"collection":[{"href":"https:\/\/www.markus-schall.de\/pt\/wp-json\/wp\/v2\/posts"}],"about":[{"href":"https:\/\/www.markus-schall.de\/pt\/wp-json\/wp\/v2\/types\/post"}],"author":[{"embeddable":true,"href":"https:\/\/www.markus-schall.de\/pt\/wp-json\/wp\/v2\/users\/1"}],"replies":[{"embeddable":true,"href":"https:\/\/www.markus-schall.de\/pt\/wp-json\/wp\/v2\/comments?post=4462"}],"version-history":[{"count":30,"href":"https:\/\/www.markus-schall.de\/pt\/wp-json\/wp\/v2\/posts\/4462\/revisions"}],"predecessor-version":[{"id":5881,"href":"https:\/\/www.markus-schall.de\/pt\/wp-json\/wp\/v2\/posts\/4462\/revisions\/5881"}],"wp:featuredmedia":[{"embeddable":true,"href":"https:\/\/www.markus-schall.de\/pt\/wp-json\/wp\/v2\/media\/4498"}],"wp:attachment":[{"href":"https:\/\/www.markus-schall.de\/pt\/wp-json\/wp\/v2\/media?parent=4462"}],"wp:term":[{"taxonomy":"category","embeddable":true,"href":"https:\/\/www.markus-schall.de\/pt\/wp-json\/wp\/v2\/categories?post=4462"},{"taxonomy":"post_tag","embeddable":true,"href":"https:\/\/www.markus-schall.de\/pt\/wp-json\/wp\/v2\/tags?post=4462"}],"curies":[{"name":"wp","href":"https:\/\/api.w.org\/{rel}","templated":true}]}}