{"id":4581,"date":"2026-01-25T06:00:14","date_gmt":"2026-01-25T06:00:14","guid":{"rendered":"https:\/\/www.markus-schall.de\/?p=4581"},"modified":"2026-04-22T15:12:35","modified_gmt":"2026-04-22T15:12:35","slug":"declinio-da-armazenagem-de-gas-na-alemanha-limites-tecnicos-e-consequencias-politicas","status":"publish","type":"post","link":"https:\/\/www.markus-schall.de\/pt\/2026\/01\/declinio-da-armazenagem-de-gas-na-alemanha-limites-tecnicos-e-consequencias-politicas\/","title":{"rendered":"Afundamento das instala\u00e7\u00f5es de armazenagem de g\u00e1s na Alemanha: tecnologia, limites e consequ\u00eancias pol\u00edticas"},"content":{"rendered":"<p>Quando na not\u00edcia de <em>\u201e40 por cento do n\u00edvel de enchimento das instala\u00e7\u00f5es de armazenamento de g\u00e1s\u201c<\/em> Quando falamos de percentagens, \u00e0 primeira vista parece abstrato. As percentagens parecem t\u00e9cnicas, muito distantes da vida quotidiana. No entanto, h\u00e1 algo muito concreto por detr\u00e1s disso: a quest\u00e3o da estabilidade do nosso aprovisionamento energ\u00e9tico - n\u00e3o em teoria, mas na pr\u00e1tica quotidiana.<\/p>\n<p>Na Alemanha, o g\u00e1s n\u00e3o \u00e9 utilizado apenas em instala\u00e7\u00f5es industriais ou centrais el\u00e9ctricas. Aquece casas, fornece \u00e1gua quente, acciona redes de aquecimento urbano e continua a ser a espinha dorsal do abastecimento energ\u00e9tico em muitas regi\u00f5es. No entanto, ao contr\u00e1rio da eletricidade, o g\u00e1s n\u00e3o pode ser produzido \u00e0 vontade \u201ecom o toque de um bot\u00e3o\u201c. Tem de ser extra\u00eddo, transportado e, sobretudo, armazenado.<\/p>\n<p>\u00c9 exatamente aqui que entram em jogo as instala\u00e7\u00f5es de armazenamento de g\u00e1s. S\u00e3o como o arm\u00e1rio do pa\u00eds. Desde que esteja bem cheio, quase ningu\u00e9m pensa duas vezes. Se ficar visivelmente vazio, colocam-se quest\u00f5es: Ser\u00e1 que vai durar? Durante quanto tempo? E o que acontece se as coisas continuarem a piorar?<!--more--><\/p>\n<hr \/>\n\n\t\t\t<div class=\"display-post-types\">\n\n\t\t\t\t\t\t\t<style type=\"text\/css\">\n\t\t\t#dpt-wrapper-92 { --dpt-text-align: left;--dpt-image-crop: center;--dpt-border-radius: 5px;--dpt-h-gutter: 10px;--dpt-v-gutter: 9px; }\t\t\t<\/style>\n\t\t\t<style type=\"text\/css\">#dpt-wrapper-92 { --dpt-title-font-style:normal;--dpt-title-font-weight:600;--dpt-title-line-height:1.5;--dpt-title-text-decoration:none;--dpt-title-text-transform:none;--dpt-excerpt-font-style:normal;--dpt-excerpt-font-weight:400;--dpt-excerpt-line-height:1.5;--dpt-excerpt-text-decoration:none;--dpt-excerpt-text-transform:none;--dpt-meta1-font-style:normal;--dpt-meta1-font-weight:400;--dpt-meta1-line-height:1.9;--dpt-meta1-text-decoration:none;--dpt-meta1-text-transform:none;--dpt-meta2-font-style:normal;--dpt-meta2-font-weight:400;--dpt-meta2-line-height:1.9;--dpt-meta2-text-decoration:none;--dpt-meta2-text-transform:none; }<\/style><div class=\"dpt-main-header\">\n\t\t\t\t\t\t<div class=\"dpt-main-title\">\n\t\t\t\t\t\t\t<span class=\"dpt-main-title-text\">Artigos actuais sobre arte e cultura<\/span>\n\t\t\t\t\t\t<\/div>\n\t\t\t\t\t\t\n\t\t\t\t\t\t\n\t\t\t\t\t\t\n\t\t\t\t\t\t<\/div>\t\t\t\n\t\t\t\t<div id=\"dpt-wrapper-92\" class=\"dpt-wrapper dpt-mag1 land1 dpt-cropped dpt-flex-wrap\" >\n\n\t\t\t\t\t\t\t\t\t\t\t<div class=\"dpt-entry has-thumbnail\" data-title=\"mehr als punk: nina hagen, cosma shiva und die kunst, sich nicht vereinnahmen zu lassen\" data-id=\"4521\"  data-category=\"allgemein gesellschaft kunst &amp; kultur\" data-post_tag=\"auswandern deutschland erfahrungen europa krisen meinungsfreiheit musik portrait\">\n\t\t\t\t\t\t\t<div class=\"dpt-entry-wrapper\"><div class=\"dpt-featured-content\"><div class=\"dpt-permalink\"><a href=\"https:\/\/www.markus-schall.de\/pt\/2026\/01\/more-than-punk-nina-hagen-cosma-shiva-and-the-art-of-not-being-taken-in\/\" class=\"dpt-permalink\"><span class=\"screen-reader-text\">Mais do que punk: Nina Hagen, Cosma Shiva e a arte de n\u00e3o se deixar enganar<\/span><\/a><\/div><div class=\"dpt-thumbnail\"><div class=\"dpt-thumbnail-inner\"><img width=\"1024\" height=\"683\" class=\"attachment-full size-full\" alt=\"Retrato de Nina e Cosma Shiva Hagen\" context=\"dpt\" data-dpt-src=\"https:\/\/www.markus-schall.de\/wp-content\/uploads\/Nina-Cosma-Shiva-Hagen-Titel.jpg\" data-dpt-sizes=\"(max-width: 1024px) 100vw, 1024px\" data-dpt-srcset=\"https:\/\/www.markus-schall.de\/wp-content\/uploads\/Nina-Cosma-Shiva-Hagen-Titel.jpg 1024w, https:\/\/www.markus-schall.de\/wp-content\/uploads\/Nina-Cosma-Shiva-Hagen-Titel-300x200.jpg 300w, https:\/\/www.markus-schall.de\/wp-content\/uploads\/Nina-Cosma-Shiva-Hagen-Titel-768x512.jpg 768w, https:\/\/www.markus-schall.de\/wp-content\/uploads\/Nina-Cosma-Shiva-Hagen-Titel-18x12.jpg 18w\" \/><\/div><span class=\"dpt-thumbnail-aspect-ratio\" style=\"padding-top: 75%\"><\/span><\/div><\/div><div class=\"sub-entry\"><h3 class=\"dpt-title\"><a class=\"dpt-title-link\" href=\"https:\/\/www.markus-schall.de\/pt\/2026\/01\/more-than-punk-nina-hagen-cosma-shiva-and-the-art-of-not-being-taken-in\/\" rel=\"bookmark\">Mais do que punk: Nina Hagen, Cosma Shiva e a arte de n\u00e3o se deixar enganar<\/a><\/h3><\/div><\/div>\n\t\t\t\t\t\t<\/div><!-- .dpt-entry -->\n\t\t\t\t\t\t\t\t\t\t\t\t<div class=\"dpt-entry has-thumbnail\" data-title=\"jan-josef liefers: ein portr\u00e4t \u00fcber haltung, herkunft und k\u00fcnstlerische freiheit\" data-id=\"3854\"  data-category=\"allgemein gesellschaft kunst &amp; kultur\" data-post_tag=\"deutschland erfahrungen krisen lernen meinungsfreiheit musik pers\u00f6nlichkeitsentwicklung portrait\">\n\t\t\t\t\t\t\t<div class=\"dpt-entry-wrapper\"><div class=\"dpt-featured-content\"><div class=\"dpt-permalink\"><a href=\"https:\/\/www.markus-schall.de\/pt\/2025\/12\/jan-josef-liefers-um-retrato-da-atitude-da-origem-e-da-liberdade-artistica\/\" class=\"dpt-permalink\"><span class=\"screen-reader-text\">Jan-Josef Liefers: Um retrato da atitude, das origens e da liberdade art\u00edstica<\/span><\/a><\/div><div class=\"dpt-thumbnail\"><div class=\"dpt-thumbnail-inner\"><img width=\"1024\" height=\"683\" class=\"attachment-full size-full\" alt=\"Jan-Josef Liefers\" context=\"dpt\" data-dpt-src=\"https:\/\/www.markus-schall.de\/wp-content\/uploads\/jan-josef-liefers-silhouette.jpg\" data-dpt-sizes=\"(max-width: 1024px) 100vw, 1024px\" data-dpt-srcset=\"https:\/\/www.markus-schall.de\/wp-content\/uploads\/jan-josef-liefers-silhouette.jpg 1024w, https:\/\/www.markus-schall.de\/wp-content\/uploads\/jan-josef-liefers-silhouette-300x200.jpg 300w, https:\/\/www.markus-schall.de\/wp-content\/uploads\/jan-josef-liefers-silhouette-768x512.jpg 768w, https:\/\/www.markus-schall.de\/wp-content\/uploads\/jan-josef-liefers-silhouette-18x12.jpg 18w\" \/><\/div><span class=\"dpt-thumbnail-aspect-ratio\" style=\"padding-top: 75%\"><\/span><\/div><\/div><div class=\"sub-entry\"><h3 class=\"dpt-title\"><a class=\"dpt-title-link\" href=\"https:\/\/www.markus-schall.de\/pt\/2025\/12\/jan-josef-liefers-um-retrato-da-atitude-da-origem-e-da-liberdade-artistica\/\" rel=\"bookmark\">Jan-Josef Liefers: Um retrato da atitude, das origens e da liberdade art\u00edstica<\/a><\/h3><\/div><\/div>\n\t\t\t\t\t\t<\/div><!-- .dpt-entry -->\n\t\t\t\t\t\t\t\t\t\t\t\t<div class=\"dpt-entry has-thumbnail\" data-title=\"vicco von b\u00fclow alias loriot \u2013 ordnung, form und der leise widerstand des humors\" data-id=\"4169\"  data-category=\"allgemein gesellschaft kunst &amp; kultur stories &amp; humor\" data-post_tag=\"deutschland erfahrungen pers\u00f6nlichkeitsentwicklung portrait\">\n\t\t\t\t\t\t\t<div class=\"dpt-entry-wrapper\"><div class=\"dpt-featured-content\"><div class=\"dpt-permalink\"><a href=\"https:\/\/www.markus-schall.de\/pt\/2025\/12\/vicco-von-buelow-alias-loriot-nota-de-encomenda-e-a-resistencia-silenciosa-do-humor\/\" class=\"dpt-permalink\"><span class=\"screen-reader-text\">Vicco von B\u00fclow alias Loriot - ordem, forma e a resist\u00eancia silenciosa do humor<\/span><\/a><\/div><div class=\"dpt-thumbnail\"><div class=\"dpt-thumbnail-inner\"><img width=\"1024\" height=\"747\" class=\"attachment-full size-full\" alt=\"\" context=\"dpt\" data-dpt-src=\"https:\/\/www.markus-schall.de\/wp-content\/uploads\/Loriot-Titel.jpg\" data-dpt-sizes=\"(max-width: 1024px) 100vw, 1024px\" data-dpt-srcset=\"https:\/\/www.markus-schall.de\/wp-content\/uploads\/Loriot-Titel.jpg 1024w, https:\/\/www.markus-schall.de\/wp-content\/uploads\/Loriot-Titel-300x219.jpg 300w, https:\/\/www.markus-schall.de\/wp-content\/uploads\/Loriot-Titel-768x560.jpg 768w, https:\/\/www.markus-schall.de\/wp-content\/uploads\/Loriot-Titel-16x12.jpg 16w\" \/><\/div><span class=\"dpt-thumbnail-aspect-ratio\" style=\"padding-top: 75%\"><\/span><\/div><\/div><div class=\"sub-entry\"><h3 class=\"dpt-title\"><a class=\"dpt-title-link\" href=\"https:\/\/www.markus-schall.de\/pt\/2025\/12\/vicco-von-buelow-alias-loriot-nota-de-encomenda-e-a-resistencia-silenciosa-do-humor\/\" rel=\"bookmark\">Vicco von B\u00fclow alias Loriot - ordem, forma e a resist\u00eancia silenciosa do humor<\/a><\/h3><\/div><\/div>\n\t\t\t\t\t\t<\/div><!-- .dpt-entry -->\n\t\t\t\t\t\t\t\t\t\t\t\t<div class=\"dpt-entry has-thumbnail\" data-title=\"propaganda: geschichte, methoden, moderne formen und wie man sie erkennt\" data-id=\"4229\"  data-category=\"allgemein gesellschaft kunst &amp; kultur\" data-post_tag=\"denkmodelle energiepolitik europa geopolitik krisen meinungsfreiheit pers\u00f6nlichkeitsentwicklung sicherheitspolitik spieltheorie\">\n\t\t\t\t\t\t\t<div class=\"dpt-entry-wrapper\"><div class=\"dpt-featured-content\"><div class=\"dpt-permalink\"><a href=\"https:\/\/www.markus-schall.de\/pt\/2026\/01\/historia-da-propaganda-metodos-formas-modernas-e-como-reconhece-las\/\" class=\"dpt-permalink\"><span class=\"screen-reader-text\">Propaganda: hist\u00f3ria, m\u00e9todos, formas modernas e como reconhec\u00ea-las<\/span><\/a><\/div><div class=\"dpt-thumbnail\"><div class=\"dpt-thumbnail-inner\"><img width=\"1024\" height=\"683\" class=\"attachment-full size-full\" alt=\"O que \u00e9 a propaganda?\" context=\"dpt\" data-dpt-src=\"https:\/\/www.markus-schall.de\/wp-content\/uploads\/Propaganda-titel.jpg\" data-dpt-sizes=\"(max-width: 1024px) 100vw, 1024px\" data-dpt-srcset=\"https:\/\/www.markus-schall.de\/wp-content\/uploads\/Propaganda-titel.jpg 1024w, https:\/\/www.markus-schall.de\/wp-content\/uploads\/Propaganda-titel-300x200.jpg 300w, https:\/\/www.markus-schall.de\/wp-content\/uploads\/Propaganda-titel-768x512.jpg 768w, https:\/\/www.markus-schall.de\/wp-content\/uploads\/Propaganda-titel-18x12.jpg 18w\" \/><\/div><span class=\"dpt-thumbnail-aspect-ratio\" style=\"padding-top: 75%\"><\/span><\/div><\/div><div class=\"sub-entry\"><h3 class=\"dpt-title\"><a class=\"dpt-title-link\" href=\"https:\/\/www.markus-schall.de\/pt\/2026\/01\/historia-da-propaganda-metodos-formas-modernas-e-como-reconhece-las\/\" rel=\"bookmark\">Propaganda: hist\u00f3ria, m\u00e9todos, formas modernas e como reconhec\u00ea-las<\/a><\/h3><\/div><\/div>\n\t\t\t\t\t\t<\/div><!-- .dpt-entry -->\n\t\t\t\t\t\t\n\t\t\t\t<\/div>\n\t\t\t\t\t\t<\/div>\n\t\t\t\n<hr \/>\n<h2>\u00daltimas not\u00edcias sobre o abastecimento de g\u00e1s na Alemanha<\/h2>\n<p><strong>16.04.2026<\/strong>A Associa\u00e7\u00e3o Alem\u00e3 das Ind\u00fastrias da Energia e da \u00c1gua (BDEW) considera que o conflito no Ir\u00e3o ter\u00e1 um impacto negativo no mercado da energia. <a href=\"https:\/\/www.bdew.de\/energie\/iran-krieg-gas-energiepreise-versorgungssicherheit\/\" target=\"_blank\" rel=\"noopener\"><strong>impacto significativo nos pre\u00e7os da energia<\/strong><\/a> mas a seguran\u00e7a do aprovisionamento na Alemanha n\u00e3o est\u00e1 atualmente comprometida. Isto porque a Alemanha obt\u00e9m a maior parte do seu g\u00e1s de fontes europeias, como a Noruega, os Pa\u00edses Baixos e a B\u00e9lgica, e s\u00f3 depende diretamente de fornecimentos do M\u00e9dio Oriente numa medida limitada. No entanto, os riscos geopol\u00edticos - em especial as poss\u00edveis perturba\u00e7\u00f5es de importantes rotas comerciais, como o Estreito de Ormuz - est\u00e3o a causar uma incerteza consider\u00e1vel nos mercados e a fazer subir consideravelmente os pre\u00e7os do petr\u00f3leo e do g\u00e1s. A curto prazo, esta situa\u00e7\u00e3o j\u00e1 se reflecte no aumento dos pre\u00e7os no mercado \u00e0 vista e numa maior volatilidade.<\/p>\n<div class=\"lyte-wrapper\" style=\"width:640px;max-width:100%;margin:5px;\"><div class=\"lyMe\" id=\"WYL_Crh1ydAzwXc\"><div id=\"lyte_Crh1ydAzwXc\" data-src=\"https:\/\/www.markus-schall.de\/wp-content\/plugins\/wp-youtube-lyte\/lyteCache.php?origThumbUrl=%2F%2Fi.ytimg.com%2Fvi%2FCrh1ydAzwXc%2Fhqdefault.jpg\" class=\"pL\"><div class=\"tC\"><div class=\"tT\"><\/div><\/div><div class=\"play\"><\/div><div class=\"ctrl\"><div class=\"Lctrl\"><\/div><div class=\"Rctrl\"><\/div><\/div><\/div><noscript><a href=\"https:\/\/youtu.be\/Crh1ydAzwXc\" rel=\"nofollow noopener\" target=\"_blank\"><img loading=\"lazy\" decoding=\"async\" src=\"https:\/\/www.markus-schall.de\/wp-content\/plugins\/wp-youtube-lyte\/lyteCache.php?origThumbUrl=https%3A%2F%2Fi.ytimg.com%2Fvi%2FCrh1ydAzwXc%2F0.jpg\" alt=\"Miniatura de v\u00eddeo do YouTube\" width=\"640\" height=\"340\" \/><br \/>Ver este v\u00eddeo no YouTube<\/a><\/noscript><\/div><\/div><div class=\"lL\" style=\"max-width:100%;width:640px;margin:5px;\"><\/div><br \/>\nEscassez de petr\u00f3leo e g\u00e1s: ser\u00e1 que as coisas s\u00f3 v\u00e3o piorar? | <a href=\"https:\/\/www.youtube.com\/@tagesschau\" target=\"_blank\" rel=\"nofollow noopener\">entrevista tagesthemen<\/a><\/p>\n<p>A longo prazo, a evolu\u00e7\u00e3o futura depender\u00e1 em grande medida da dura\u00e7\u00e3o e da escalada do conflito. Embora a oferta f\u00edsica permane\u00e7a est\u00e1vel, as empresas e os consumidores poder\u00e3o ser afectados sobretudo pelo aumento dos custos e pela crescente incerteza do mercado.<\/p>\n<p><strong>05.04.2026<\/strong>: <a href=\"https:\/\/logistik-heute.de\/news\/hoffnung-fuer-europas-gaskrise-lng-aus-afrika-256777.html\" target=\"_blank\" rel=\"noopener\"><strong>\u00c1frica est\u00e1 a tornar-se cada vez mais importante<\/strong><\/a> para o aprovisionamento energ\u00e9tico europeu, nomeadamente no dom\u00ednio do g\u00e1s natural liquefeito (GNL). Tal deve-se \u00e0s tens\u00f5es geopol\u00edticas e aos actuais esfor\u00e7os da Europa para se tornar menos dependente dos fornecedores existentes. A \u00c1frica j\u00e1 cobre uma parte significativa das necessidades de GNL da Europa, e a tend\u00eancia est\u00e1 a aumentar. Novos projectos, por exemplo ao largo da costa da \u00c1frica Ocidental ou em pa\u00edses como Mo\u00e7ambique e Angola, dever\u00e3o expandir ainda mais as capacidades de produ\u00e7\u00e3o. As tecnologias modernas, como as instala\u00e7\u00f5es flutuantes de GNL, desempenham um papel importante neste dom\u00ednio, uma vez que podem ser instaladas mais rapidamente e permitem fornecimentos flex\u00edveis.<\/p>\n<div class=\"lyte-wrapper\" style=\"width:640px;max-width:100%;margin:5px;\"><div class=\"lyMe\" id=\"WYL_VXDwHK7bSe8\"><div id=\"lyte_VXDwHK7bSe8\" data-src=\"https:\/\/www.markus-schall.de\/wp-content\/plugins\/wp-youtube-lyte\/lyteCache.php?origThumbUrl=%2F%2Fi.ytimg.com%2Fvi%2FVXDwHK7bSe8%2Fhqdefault.jpg\" class=\"pL\"><div class=\"tC\"><div class=\"tT\"><\/div><\/div><div class=\"play\"><\/div><div class=\"ctrl\"><div class=\"Lctrl\"><\/div><div class=\"Rctrl\"><\/div><\/div><\/div><noscript><a href=\"https:\/\/youtu.be\/VXDwHK7bSe8\" rel=\"nofollow noopener\" target=\"_blank\"><img loading=\"lazy\" decoding=\"async\" src=\"https:\/\/www.markus-schall.de\/wp-content\/plugins\/wp-youtube-lyte\/lyteCache.php?origThumbUrl=https%3A%2F%2Fi.ytimg.com%2Fvi%2FVXDwHK7bSe8%2F0.jpg\" alt=\"Miniatura de v\u00eddeo do YouTube\" width=\"640\" height=\"340\" \/><br \/>Ver este v\u00eddeo no YouTube<\/a><\/noscript><\/div><\/div><div class=\"lL\" style=\"max-width:100%;width:640px;margin:5px;\"><\/div><br \/>\nDocument\u00e1rio: G\u00e1s de \u00c1frica - a nova fonte de energia da Europa? | <a href=\"https:\/\/www.youtube.com\/@nzz_format\" target=\"_blank\" rel=\"nofollow noopener\">Formato NZZ<\/a><\/p>\n<p>Uma das principais vantagens do abastecimento africano \u00e9 a sua proximidade geogr\u00e1fica da Europa, que pode encurtar os tempos de transporte e aumentar a seguran\u00e7a do abastecimento. Ao mesmo tempo, por\u00e9m, existem riscos consider\u00e1veis: a instabilidade pol\u00edtica, as infra-estruturas inadequadas e os atrasos nos grandes projectos est\u00e3o a atrasar o desenvolvimento. Os especialistas v\u00eaem, no entanto, um grande potencial a longo prazo. A \u00c1frica poder\u00e1 tornar-se uma componente central do aprovisionamento energ\u00e9tico europeu - mas apenas se os investimentos e as condi\u00e7\u00f5es de enquadramento pol\u00edtico se mantiverem est\u00e1veis.<\/p>\n<p><strong>31.03.2026<\/strong>A Europa mudou fortemente o seu aprovisionamento energ\u00e9tico para o g\u00e1s natural liquefeito (GNL), na sequ\u00eancia da perda do abastecimento dos gasodutos russos - mas esta \u00e9 precisamente a estrat\u00e9gia <a href=\"https:\/\/www.berliner-zeitung.de\/wirtschaft-verantwortung\/lng-ploetzlich-zu-teuer-hat-sich-europa-beim-fluessigerdgas-verrechnet-li.10027611\" target=\"_blank\" rel=\"noopener\"><strong>est\u00e1 agora sob press\u00e3o<\/strong><\/a>. As tens\u00f5es geopol\u00edticas no M\u00e9dio Oriente, em particular em torno do Estreito de Ormuz, est\u00e3o a causar enormes perturba\u00e7\u00f5es no com\u00e9rcio mundial de GNL. Uma parte significativa dos fornecimentos est\u00e1 a ser cancelada ou desviada para mercados mais lucrativos. Ao mesmo tempo, o GNL \u00e9 significativamente mais caro do que o anterior g\u00e1s canalizado, o que aumenta ainda mais os custos para a Europa. Os peritos criticam cada vez mais o c\u00e1lculo: a Europa tem de pagar mais, mas tem menos seguran\u00e7a de planeamento. Al\u00e9m disso, a concorr\u00eancia com a \u00c1sia pelos volumes de abastecimento dispon\u00edveis est\u00e1 a intensificar-se. O resultado \u00e9 o aumento dos pre\u00e7os e os riscos crescentes de enchimento das instala\u00e7\u00f5es de armazenamento de g\u00e1s antes do pr\u00f3ximo inverno. Isto significa que a pol\u00edtica energ\u00e9tica europeia est\u00e1 mais uma vez a enfrentar um teste dif\u00edcil.<\/p>\n<p><strong>19.03.2026<\/strong>Um ataque \u00e0 infraestrutura energ\u00e9tica central do Qatar marca um novo n\u00edvel de escalada no conflito entre o Ir\u00e3o, Israel e os EUA. O alvo \u00e9 a unidade industrial de Ras Laffan, que processa uma parte significativa da produ\u00e7\u00e3o mundial de g\u00e1s natural liquefeito - cerca de 20% do GNL mundial e um ter\u00e7o do fornecimento de h\u00e9lio prov\u00eam desta unidade. O ataque foi aparentemente efectuado em resposta a ataques anteriores contra a jazida de g\u00e1s iraniana South Pars, atingindo assim um ponto sens\u00edvel do aprovisionamento energ\u00e9tico mundial.<\/p>\n<div class=\"lyte-wrapper\" style=\"width:640px;max-width:100%;margin:5px;\"><div class=\"lyMe\" id=\"WYL_77giSceFcN4\"><div id=\"lyte_77giSceFcN4\" data-src=\"https:\/\/www.markus-schall.de\/wp-content\/plugins\/wp-youtube-lyte\/lyteCache.php?origThumbUrl=%2F%2Fi.ytimg.com%2Fvi%2F77giSceFcN4%2Fhqdefault.jpg\" class=\"pL\"><div class=\"tC\"><div class=\"tT\"><\/div><\/div><div class=\"play\"><\/div><div class=\"ctrl\"><div class=\"Lctrl\"><\/div><div class=\"Rctrl\"><\/div><\/div><\/div><noscript><a href=\"https:\/\/youtu.be\/77giSceFcN4\" rel=\"nofollow noopener\" target=\"_blank\"><img loading=\"lazy\" decoding=\"async\" src=\"https:\/\/www.markus-schall.de\/wp-content\/plugins\/wp-youtube-lyte\/lyteCache.php?origThumbUrl=https%3A%2F%2Fi.ytimg.com%2Fvi%2F77giSceFcN4%2F0.jpg\" alt=\"Miniatura de v\u00eddeo do YouTube\" width=\"640\" height=\"340\" \/><br \/>Ver este v\u00eddeo no YouTube<\/a><\/noscript><\/div><\/div><div class=\"lL\" style=\"max-width:100%;width:640px;margin:5px;\"><\/div><br \/>\nIsrael dispara contra um campo de g\u00e1s iraniano e o Ir\u00e3o responde com ataques ao Qatar e \u00e0 Ar\u00e1bia Saudita <a href=\"https:\/\/www.youtube.com\/@zeit\" target=\"_blank\" rel=\"nofollow noopener\">O TEMPO<\/a><\/p>\n<p>As consequ\u00eancias econ\u00f3micas podem ir muito al\u00e9m do mercado da energia. <a href=\"https:\/\/www.wiwo.de\/politik\/ausland\/angriff-auf-katar-was-der-ausfall-von-ras-laffan-fuer-oelpreis-und-chipindustrie-bedeutet\/100209786.html\" target=\"_blank\" rel=\"noopener\"><strong>Os peritos alertam para a escassez de oferta a longo prazo<\/strong><\/a>, que poder\u00e1 arrastar-se durante meses ou mesmo anos. O aumento dos pre\u00e7os do petr\u00f3leo e do g\u00e1s j\u00e1 \u00e9 considerado prov\u00e1vel, com um impacto direto na ind\u00fastria e na infla\u00e7\u00e3o. A ind\u00fastria de chips, que depende de fornecimentos est\u00e1veis de energia e h\u00e9lio, \u00e9 particularmente afetada. Por conseguinte, a escalada n\u00e3o afecta apenas a regi\u00e3o, mas tamb\u00e9m estruturas fundamentais da economia mundial.<\/p>\n<p><strong>14.03.2026<\/strong>O Berliner Zeitung publicou recentemente um artigo que revela que a transi\u00e7\u00e3o do aprovisionamento de g\u00e1s na Europa, na sequ\u00eancia do embargo russo, est\u00e1 a enfrentar um grande desafio. <a href=\"https:\/\/www.berliner-zeitung.de\/wirtschaft-verantwortung\/russland-verbot-und-lng-knappheit-europas-gas-wird-teurer-und-riskanter-li.10022541\" target=\"_blank\" rel=\"noopener\"><strong>desafio estrutural<\/strong><\/a>. Na sequ\u00eancia da decis\u00e3o da UE de eliminar completamente o g\u00e1s russo at\u00e9 2027, o GNL (g\u00e1s natural liquefeito) tornou-se muito mais importante - a percentagem de importa\u00e7\u00f5es de GNL no aprovisionamento de g\u00e1s da UE aumentou recentemente para mais de 43 %. No entanto, o GNL \u00e9 geralmente mais caro e mais vol\u00e1til do que o g\u00e1s russo transportado por gasoduto, e as tens\u00f5es geopol\u00edticas, como a crise do Ir\u00e3o, est\u00e3o a agravar a situa\u00e7\u00e3o. O resultado: aumento dos pre\u00e7os da energia, n\u00edveis de armazenamento incertos e um com\u00e9rcio de g\u00e1s cada vez mais arriscado, com a concorr\u00eancia global por escassos fornecimentos de GNL.<\/p>\n<p><strong>09.03.2026<\/strong>De acordo com um <a href=\"https:\/\/www.berliner-zeitung.de\/wirtschaft-verantwortung\/europa-kaempft-um-knappes-lng-gasspeicher-befuellung-kostet-117-milliarden-euro-mehr-li.10022752\" target=\"_blank\" rel=\"noopener\"><strong>Reportagem no Berliner Zeitung<\/strong><\/a> o reabastecimento das instala\u00e7\u00f5es europeias de armazenagem de g\u00e1s para o pr\u00f3ximo inverno poder\u00e1 tornar-se significativamente mais caro do que se supunha anteriormente. Esta situa\u00e7\u00e3o deve-se ao aumento da concorr\u00eancia pelo abastecimento de GNL dispon\u00edvel a n\u00edvel mundial e \u00e0s tens\u00f5es geopol\u00edticas, que est\u00e3o a exercer uma press\u00e3o adicional sobre o mercado do g\u00e1s. Os peritos consideram que a Europa ter\u00e1 de adquirir cerca de 700 cargas de GNL para poder encher suficientemente as suas instala\u00e7\u00f5es de armazenamento at\u00e9 ao pr\u00f3ximo inverno. Devido ao aumento dos pre\u00e7os, o enchimento total poder\u00e1 ser de cerca de <strong>Custo de 11,7 mil milh\u00f5es de euros mais<\/strong> do que no ano anterior. A situa\u00e7\u00e3o mostra at\u00e9 que ponto o aprovisionamento energ\u00e9tico da Europa depende atualmente dos mercados mundiais de GNL e at\u00e9 que ponto o sistema \u00e9 sens\u00edvel \u00e0s crises internacionais.<\/p>\n<p><strong>05.03.2026<\/strong>O Presidente russo, Vladimir Putin, est\u00e1 atualmente a fazer uma revis\u00e3o (<a href=\"https:\/\/www.spiegel.de\/wirtschaft\/unternehmen\/gas-aus-russland-wladimir-putin-erwaegt-sofortigen-stopp-der-lieferungen-in-die-eu-a-3eddf265-fd65-4646-9cb3-bdd52525f096\" target=\"_blank\" rel=\"noopener\"><strong>Spiegel Online<\/strong><\/a>, <a href=\"https:\/\/www.reuters.com\/business\/energy\/putin-suggests-russia-could-stop-supplying-gas-european-markets-now-2026-03-04\/\" target=\"_blank\" rel=\"noopener\"><strong>Reuters<\/strong><\/a>) sobre se os fornecimentos de g\u00e1s \u00e0 Uni\u00e3o Europeia devem ser interrompidos imediatamente, mesmo antes de um plano da UE j\u00e1 acordado para eliminar gradualmente o g\u00e1s russo ter sido totalmente implementado. De acordo com os meios de comunica\u00e7\u00e3o social russos, Putin est\u00e1 a considerar a possibilidade de cancelar os fornecimentos e de recorrer a outros mercados de exporta\u00e7\u00e3o \u201cmais fi\u00e1veis\u201d, uma vez que a UE pretende acabar completamente com as importa\u00e7\u00f5es at\u00e9 2027, o mais tardar. Esta amea\u00e7a surge numa altura de incerteza energ\u00e9tica global, em que as tens\u00f5es geopol\u00edticas no mercado do g\u00e1s est\u00e3o tamb\u00e9m a tornar-se evidentes. Se Moscovo suspender efetivamente as entregas, ser\u00e1 muito mais dif\u00edcil encher as instala\u00e7\u00f5es de armazenamento de g\u00e1s da Europa no ver\u00e3o e exercer\u00e1 uma press\u00e3o adicional sobre os mercados da energia, uma vez que as capacidades de abastecimento alternativas, como o GNL ou as redes de importa\u00e7\u00e3o de gasodutos, ser\u00e3o ainda mais procuradas.<\/p>\n<p>A situa\u00e7\u00e3o atual das instala\u00e7\u00f5es de armazenamento de g\u00e1s na Alemanha pode ser consultada em <a href=\"https:\/\/www.bundesnetzagentur.de\/DE\/Gasversorgung\/aktuelle_gasversorgung\/_svg\/Gasspeicher_Fuellstand\/Speicherfuellstand.html\" target=\"_blank\" rel=\"noopener\"><strong>Ag\u00eancia Federal de Redes<\/strong><\/a> podem ser visualizados com um atraso de alguns dias em rela\u00e7\u00e3o ao dia atual. Os dados de todas as instala\u00e7\u00f5es de armazenamento de g\u00e1s na Alemanha e na Europa est\u00e3o dispon\u00edveis em tempo real <strong><a href=\"https:\/\/agsi.gie.eu\" target=\"_blank\" rel=\"noopener\">dispon\u00edvel no s\u00edtio Web da AGSI<\/a><\/strong>.<\/p>\n<hr \/>\n<h2>O consumo de g\u00e1s n\u00e3o \u00e9 uniforme - e \u00e9 precisamente esse o problema<\/h2>\n<p>Um aspeto fundamental \u00e9 frequentemente subestimado no debate p\u00fablico: o consumo de g\u00e1s regista grandes flutua\u00e7\u00f5es. E n\u00e3o \u00e9 s\u00f3 um bocadinho, \u00e9 imenso. No ver\u00e3o, o consumo \u00e9 comparativamente baixo. Os sistemas de aquecimento quase n\u00e3o funcionam, a \u00e1gua quente \u00e9 utilizada com mais parcim\u00f3nia e muitos processos industriais podem ser planeados de forma mais consistente. No inverno, por outro lado, a procura aumenta acentuadamente - dependendo da temperatura, das condi\u00e7\u00f5es meteorol\u00f3gicas e da atividade econ\u00f3mica.<\/p>\n<p>No entanto, o g\u00e1s n\u00e3o \u00e9 extra\u00eddo \u201eem stock\u201c como o carv\u00e3o ou o petr\u00f3leo. Flui continuamente atrav\u00e9s de gasodutos ou \u00e9 descarregado como GNL. Estes fluxos de abastecimento s\u00e3o relativamente constantes, mas o consumo n\u00e3o. \u00c9 precisamente aqui que surge um d\u00e9fice estrutural:<\/p>\n<ul>\n<li>No <strong>ver\u00e3o<\/strong> entra mais g\u00e1s no pa\u00eds do que \u00e9 consumido<\/li>\n<li>No <strong>inverno<\/strong> o consumo de g\u00e1s \u00e9 significativamente superior ao que pode ser fornecido a curto prazo<\/li>\n<\/ul>\n<p>Este sistema n\u00e3o funcionaria sem armazenamento. Haveria excedentes no ver\u00e3o e escassez no inverno, independentemente da fiabilidade dos fornecedores.<\/p>\n<h3>As instala\u00e7\u00f5es de armazenamento de g\u00e1s n\u00e3o s\u00e3o, portanto, um luxo, mas uma necessidade t\u00e9cnica.<\/h3>\n<p>As instala\u00e7\u00f5es de armazenagem de g\u00e1s n\u00e3o s\u00e3o um substituto para os fornecimentos - s\u00e3o um tamp\u00e3o de tempo. Um erro de pensamento importante \u00e9 considerar as instala\u00e7\u00f5es de armazenamento de g\u00e1s como uma \u201ereserva para emerg\u00eancias\u201c. De facto, s\u00e3o-no, mas s\u00e3o sobretudo outra coisa: um mecanismo de equil\u00edbrio.<\/p>\n<p>Pode pensar-se num tanque de \u00e1gua que se situa entre um abastecimento constante e um consumo fortemente flutuante. O reservat\u00f3rio n\u00e3o produz nada em si. Apenas assegura que a oferta e a procura possam ser dissociadas ao longo do tempo. Isto tamb\u00e9m significa que os tanques de armazenamento de g\u00e1s n\u00e3o substituem os fornecimentos actuais. Podem apenas complementar, amortecer e colmatar a lacuna. Se, durante um longo per\u00edodo de tempo, for retirada mais quantidade do que a armazenada, o n\u00edvel de enchimento cair\u00e1 inevitavelmente - independentemente da dimens\u00e3o inicial da instala\u00e7\u00e3o de armazenamento.<\/p>\n<p>Esta constata\u00e7\u00e3o \u00e9 importante para classificar corretamente os valores percentuais. Um tanque de armazenamento com um n\u00edvel de enchimento de 40 por cento pode ser completamente acr\u00edtico numa situa\u00e7\u00e3o de abastecimento est\u00e1vel - ou um sinal de alerta precoce numa situa\u00e7\u00e3o de tens\u00e3o. O valor por si s\u00f3 diz pouco. O contexto \u00e9 crucial.<\/p>\n<h3>Porque \u00e9 que a Alemanha est\u00e1 particularmente dependente do armazenamento<\/h3>\n<p>Ao longo de d\u00e9cadas, a Alemanha construiu uma infraestrutura de g\u00e1s que foi concebida para um abastecimento cont\u00ednuo e de elevada fiabilidade. Durante muito tempo, o g\u00e1s canalizado proveniente de algumas fontes facilmente plane\u00e1veis desempenhou um papel central neste contexto. As instala\u00e7\u00f5es de armazenamento eram parte integrante deste sistema - n\u00e3o como uma exce\u00e7\u00e3o, mas como a norma.<\/p>\n<p>Para al\u00e9m disso, a Alemanha n\u00e3o \u00e9 um pa\u00eds produtor tradicional. A maior parte do g\u00e1s natural foi e \u00e9 importada. Este facto aumenta automaticamente a import\u00e2ncia das instala\u00e7\u00f5es de armazenamento, uma vez que estas oferecem:<\/p>\n<ul>\n<li>Flexibilidade de tempo<\/li>\n<li>Seguran\u00e7a do aprovisionamento em caso de interrup\u00e7\u00e3o do fornecimento<\/li>\n<li>Estabilidade em condi\u00e7\u00f5es climat\u00e9ricas extremas<\/li>\n<li>Al\u00edvio para as redes durante os picos de consumo<\/li>\n<\/ul>\n<p>Em suma: sem armazenamento, a rede de g\u00e1s alem\u00e3 seria estruturalmente inst\u00e1vel.<\/p>\n<h3>O n\u00edvel de enchimento n\u00e3o \u00e9 igual \u00e0 disponibilidade<\/h3>\n<p>Um ponto que desempenhar\u00e1 um papel central no resto do artigo j\u00e1 deve ser abordado aqui: Um n\u00edvel de enchimento elevado n\u00e3o significa automaticamente um elevado desempenho. Os reservat\u00f3rios de g\u00e1s funcionam fisicamente atrav\u00e9s da press\u00e3o. Quanto mais cheios estiverem, mais f\u00e1cil \u00e9 extrair o g\u00e1s. Se o n\u00edvel de enchimento descer, a press\u00e3o tamb\u00e9m desce - e com ela a quantidade m\u00e1xima poss\u00edvel de extra\u00e7\u00e3o por dia.<\/p>\n<p>\u00c9 compar\u00e1vel a uma garrafa de \u00e1gua: enquanto estiver cheia, a \u00e1gua corre facilmente. Quanto mais vazia estiver, mais ter\u00e1 de inclinar, agitar e ajudar. A dada altura, ainda sair\u00e1 alguma \u00e1gua, mas n\u00e3o na quantidade necess\u00e1ria.<\/p>\n<p>Em termos de abastecimento, isto significa que n\u00e3o existe apenas um limite de \u201evazio\u201c, mas tamb\u00e9m limiares funcionais acima dos quais as instala\u00e7\u00f5es de armazenamento ainda cont\u00eam g\u00e1s, mas j\u00e1 n\u00e3o podem fornecer capacidade suficiente. Esta diferencia\u00e7\u00e3o \u00e9 crucial - e ser\u00e1 explicada em pormenor mais adiante.<\/p>\n<p>As percentagens t\u00eam um efeito psicol\u00f3gico. 40 por cento soa a \u201eainda n\u00e3o cr\u00edtico\u201c, 80 por cento a \u201eseguro\u201c, 10 por cento a \u201ealarme\u201c. No entanto, nos sistemas t\u00e9cnicos, estas interpreta\u00e7\u00f5es lineares est\u00e3o muitas vezes erradas.<\/p>\n<p>Um tanque de armazenamento n\u00e3o \u00e9 um recipiente linear que funciona uniformemente de 100 a 0. Pelo contr\u00e1rio, o seu comportamento altera-se \u00e0 medida que o n\u00edvel de enchimento diminui. Existem ainda outros factores:<\/p>\n<ul>\n<li>Tipo de mem\u00f3ria<\/li>\n<li>Conce\u00e7\u00e3o do sistema<\/li>\n<li>Taxa de retirada atual<\/li>\n<li>Situa\u00e7\u00e3o da rede<\/li>\n<li>Condi\u00e7\u00f5es climat\u00e9ricas<\/li>\n<\/ul>\n<p>Um dep\u00f3sito de armazenamento bem cheio no outono tem um significado completamente diferente do mesmo n\u00edvel em fevereiro, quando ainda est\u00e1 frio. Quem olha apenas para a percentagem n\u00e3o v\u00ea estas correla\u00e7\u00f5es.<\/p>\n<p>\u00c9 precisamente por isso que vale a pena analisar o tema de uma forma estruturada - n\u00e3o em t\u00edtulos, mas em contexto.<\/p>\n<h3>Uma vis\u00e3o s\u00f3bria em vez de alarmismo<\/h3>\n<p>Este cap\u00edtulo - e todo o artigo - n\u00e3o adopta deliberadamente uma abordagem alarmista. O p\u00e2nico n\u00e3o ajuda ningu\u00e9m. Mas tamb\u00e9m n\u00e3o ajuda banalizar ou omitir realidades t\u00e9cnicas inc\u00f3modas. As instala\u00e7\u00f5es de armazenamento de g\u00e1s n\u00e3o s\u00e3o nem uma panaceia nem uma bomba-rel\u00f3gio. S\u00e3o um instrumento altamente complexo de estabiliza\u00e7\u00e3o do aprovisionamento energ\u00e9tico que tem dado provas ao longo de d\u00e9cadas. Conhecer os seus limites n\u00e3o \u00e9 um sinal de medo, mas de compreens\u00e3o.<\/p>\n<p>No pr\u00f3ximo cap\u00edtulo, analisaremos concretamente como est\u00e1 estruturado o cen\u00e1rio alem\u00e3o de armazenamento de g\u00e1s: que tipos de instala\u00e7\u00f5es de armazenamento existem, onde est\u00e3o localizadas, qual a sua dimens\u00e3o - e porque \u00e9 que a sua conce\u00e7\u00e3o \u00e9 decisiva para o seu comportamento em fases cr\u00edticas. Assim, o n\u00famero abstrato de \u201e40 por cento\u201c torna-se compreens\u00edvel.<\/p>\n<h2>Panorama do armazenamento de g\u00e1s na Alemanha: localiza\u00e7\u00f5es, tipos e capacidades<\/h2>\n<p>Quem imagina as instala\u00e7\u00f5es de armazenamento de g\u00e1s da Alemanha como um grande tanque centralizado est\u00e1 enganado. De facto, trata-se de uma rede densamente distribu\u00edda de muitas instala\u00e7\u00f5es de armazenamento individuais que, historicamente, se desenvolveram onde a geologia, as infra-estruturas e a procura coincidiam. Esta descentraliza\u00e7\u00e3o n\u00e3o \u00e9 uma coincid\u00eancia, mas sim um fator de estabilidade: permite movimentos de equil\u00edbrio regional, encurta as rotas de transporte e reduz as depend\u00eancias de hubs individuais.<\/p>\n<p>No total, a Alemanha tem cerca de 40 instala\u00e7\u00f5es de armazenamento subterr\u00e2neo de g\u00e1s (dependendo da forma como os locais das cavernas individuais s\u00e3o contados e resumidos). Isto significa que a Alemanha \u00e9, desde h\u00e1 d\u00e9cadas, um dos pa\u00edses com maior capacidade de armazenagem na Europa. As instala\u00e7\u00f5es concentram-se principalmente no norte e no oeste da Alemanha, com grupos adicionais no sul do pa\u00eds.<\/p>\n<p><img loading=\"lazy\" decoding=\"async\" class=\"alignnone wp-image-4587 size-large\" src=\"https:\/\/www.markus-schall.de\/wp-content\/uploads\/Gasspeicher-Deutschland-Standorte.jpg\" alt=\"Localiza\u00e7\u00e3o das instala\u00e7\u00f5es de armazenamento de g\u00e1s na Alemanha\" width=\"1024\" height=\"683\" srcset=\"https:\/\/www.markus-schall.de\/wp-content\/uploads\/Gasspeicher-Deutschland-Standorte.jpg 1024w, https:\/\/www.markus-schall.de\/wp-content\/uploads\/Gasspeicher-Deutschland-Standorte-300x200.jpg 300w, https:\/\/www.markus-schall.de\/wp-content\/uploads\/Gasspeicher-Deutschland-Standorte-768x512.jpg 768w, https:\/\/www.markus-schall.de\/wp-content\/uploads\/Gasspeicher-Deutschland-Standorte-18x12.jpg 18w\" sizes=\"auto, (max-width: 1024px) 100vw, 1024px\" \/><\/p>\n<h3>Porque \u00e9 que as instala\u00e7\u00f5es de armazenamento de g\u00e1s est\u00e3o localizadas onde est\u00e3o<\/h3>\n<p>A localiza\u00e7\u00e3o de uma instala\u00e7\u00e3o de armazenamento de g\u00e1s n\u00e3o \u00e9 uma lista de desejos pol\u00edticos, mas sim geol\u00f3gica. Duas condi\u00e7\u00f5es s\u00e3o decisivas:<\/p>\n<ol>\n<li><strong>Forma\u00e7\u00f5es subterr\u00e2neas adequadas<\/strong>Nem todos os subsolos s\u00e3o adequados para o armazenamento de grandes quantidades de g\u00e1s. As c\u00fapulas salinas (para armazenamento em cavernas) ou as camadas de rocha porosa de antigos campos de g\u00e1s natural ou de petr\u00f3leo s\u00e3o particularmente procuradas<\/li>\n<li><strong>Liga\u00e7\u00e3o \u00e0 rede de g\u00e1s<\/strong>Uma instala\u00e7\u00e3o de armazenamento tem pouca utilidade se n\u00e3o for eficientemente integrada na rede de transporte. Por isso, muitas instala\u00e7\u00f5es de armazenamento alem\u00e3s est\u00e3o localizadas perto de eixos de tr\u00e2nsito e centros de consumo historicamente desenvolvidos.<\/li>\n<\/ol>\n<p>Esta combina\u00e7\u00e3o explica por que raz\u00e3o os grandes locais de armazenagem se situam principalmente na Baixa Sax\u00f3nia, Ren\u00e2nia do Norte-Vestef\u00e1lia, Sax\u00f3nia-Anhalt, Baviera e Baden-W\u00fcrttemberg.<\/p>\n<h3>Dois tipos b\u00e1sicos: Armazenamento em cavernas e armazenamento em poros<\/h3>\n<p>O panorama do armazenamento na Alemanha pode, tecnicamente, ser reduzido a dois tipos principais. Ambos cumprem a mesma tarefa, mas diferem significativamente no seu comportamento.<\/p>\n<p><strong>Armazenamento em cavernas - r\u00e1pido, flex\u00edvel e potente<\/strong><\/p>\n<p>As instala\u00e7\u00f5es de armazenamento em cavernas s\u00e3o criadas artificialmente. As grandes cavidades s\u00e3o lavadas de forma\u00e7\u00f5es salinas profundas, que s\u00e3o depois preenchidas com g\u00e1s. O sal \u00e9 ideal para este efeito: \u00e9 denso, est\u00e1vel e auto-vedante. Propriedades t\u00edpicas:<\/p>\n<ul>\n<li>Capacidade de armazenamento e recupera\u00e7\u00e3o muito elevada<\/li>\n<li>Particularmente adequado para picos de curto prazo (por exemplo, per\u00edodos de frio)<\/li>\n<li>Volume de armazenamento comparativamente baixo, mas din\u00e2mica elevada<\/li>\n<\/ul>\n<p>O armazenamento em cavernas pode ser descrito como as \u201ereservas r\u00e1pidas\u201c do sistema. N\u00e3o se destinam principalmente \u00e0 retirada cont\u00ednua durante meses, mas a reac\u00e7\u00f5es r\u00e1pidas a flutua\u00e7\u00f5es na procura.<\/p>\n<p><strong>Armazenamento de poros - grande volume, inerte, equalizador<\/strong><\/p>\n<p>As instala\u00e7\u00f5es de armazenamento de poros utilizam antigos campos de g\u00e1s natural ou de petr\u00f3leo ou camadas de rochas naturais que cont\u00eam \u00e1gua. O g\u00e1s \u00e9 armazenado nos poros da rocha - semelhante \u00e0 \u00e1gua numa esponja. Propriedades t\u00edpicas:<\/p>\n<ul>\n<li>Capacidade de armazenamento muito grande<\/li>\n<li>Menor capacidade de armazenamento e recupera\u00e7\u00e3o<\/li>\n<li>Ideal para a igualiza\u00e7\u00e3o sazonal (ver\u00e3o \u2192 inverno)<\/li>\n<\/ul>\n<p>Os sistemas de armazenamento de poros s\u00e3o os \u201ecorredores de longa dist\u00e2ncia\u201c do fornecimento de g\u00e1s. Fornecem g\u00e1s continuamente durante longos per\u00edodos de tempo, mas reagem de forma menos flex\u00edvel aos picos de carga a curto prazo.<\/p>\n<h3>G\u00e1s de trabalho, g\u00e1s almofada - e porque \u00e9 que capacidade n\u00e3o \u00e9 o mesmo que quantidade utiliz\u00e1vel<\/h3>\n<p>Quando se fala da \u201ecapacidade\u201c das instala\u00e7\u00f5es alem\u00e3s de armazenamento de g\u00e1s, est\u00e1-se quase sempre a referir ao volume de g\u00e1s de trabalho. Trata-se da parte do g\u00e1s que pode efetivamente ser injectada e retirada durante o funcionamento normal. Este deve ser distinguido do g\u00e1s de reserva:<\/p>\n<ul>\n<li>Fica permanentemente na mem\u00f3ria<\/li>\n<li>Garante a press\u00e3o m\u00ednima necess\u00e1ria<\/li>\n<li>Sem o g\u00e1s de almofada, o dep\u00f3sito de armazenagem n\u00e3o seria tecnicamente operacional<\/li>\n<\/ul>\n<p>Dependendo do tipo de tanque de armazenamento, o teor de g\u00e1s de almofada pode ser consider\u00e1vel. \u00c9 geralmente mais elevado nos tanques de armazenamento de poros do que nas cavernas. Isto significa que<br \/>\nUma instala\u00e7\u00e3o de armazenagem pode parecer \u201echeia\u201c, embora uma parte significativa do g\u00e1s nunca possa ser utilizada para abastecimento.<\/p>\n<p>Isto \u00e9 importante para a perce\u00e7\u00e3o do p\u00fablico, uma vez que os volumes totais s\u00e3o frequentemente mencionados sem explicar esta diferencia\u00e7\u00e3o. Se quisermos compreender corretamente as capacidades, temos sempre de perguntar: quanto \u00e9 que isto \u00e9 realmente g\u00e1s de trabalho?<\/p>\n<h3>Ordem de grandeza: quanto g\u00e1s pode a Alemanha armazenar?<\/h3>\n<p>No total, a capacidade de g\u00e1s \u00fatil das instala\u00e7\u00f5es de armazenamento alem\u00e3s \u00e9 de cerca de 23 a 24 mil milh\u00f5es de metros c\u00fabicos, o que corresponde a cerca de 240 a 250 terawatts-hora de energia. Parece muito - e \u00e9. Mas o significado deste n\u00famero s\u00f3 se revela em propor\u00e7\u00e3o:<\/p>\n<ul>\n<li>Corresponde aproximadamente a dois a dois meses e meio de consumo m\u00e9dio de g\u00e1s no inverno<\/li>\n<li>N\u00e3o \u00e9 suficiente para cobrir todo um per\u00edodo de aquecimento sem importa\u00e7\u00f5es cont\u00ednuas<\/li>\n<li>\u00c9 suficiente para amortecer as rupturas de abastecimento, n\u00e3o para as substituir permanentemente<\/li>\n<\/ul>\n<p>Este \u00e9 um equ\u00edvoco comum: as instala\u00e7\u00f5es de armazenamento de g\u00e1s n\u00e3o s\u00e3o um sistema de abastecimento autossuficiente, mas um amortecedor num mercado em curso.<\/p>\n<h3>Estrutura do operador: Instala\u00e7\u00f5es privadas com import\u00e2ncia sist\u00e9mica<\/h3>\n<p>Outro ponto que \u00e9 frequentemente mal compreendido: A maior parte das instala\u00e7\u00f5es de armazenamento de g\u00e1s na Alemanha s\u00e3o propriedade de operadores privados ou semi-privados. N\u00e3o se trata de instala\u00e7\u00f5es estatais de armazenamento de emerg\u00eancia no sentido tradicional.<\/p>\n<p>Muitos operadores do sector est\u00e3o organizados na Associa\u00e7\u00e3o Alem\u00e3 de Armazenamento de Energia (Verband Energien Speichern e.V.), que re\u00fane os interesses das empresas de armazenamento de g\u00e1s e energia. As instala\u00e7\u00f5es de armazenamento s\u00e3o utilizadas numa base de mercado, ou seja, em fun\u00e7\u00e3o dos pre\u00e7os, dos contratos e das expectativas econ\u00f3micas.<\/p>\n<p>S\u00f3 em situa\u00e7\u00f5es excepcionais \u00e9 que o Estado interv\u00e9m para regular, por exemplo, atrav\u00e9s de requisitos legais de n\u00edvel de enchimento ou como parte do plano de emerg\u00eancia de g\u00e1s. Este facto explica tamb\u00e9m porque \u00e9 que os n\u00edveis de armazenamento n\u00e3o devem ser vistos isoladamente: Eles s\u00e3o sempre tamb\u00e9m o resultado de decis\u00f5es de mercado.<\/p>\n<h3>Diferen\u00e7as regionais e seu significado<\/h3>\n<p>Nem todas as instala\u00e7\u00f5es de armazenamento s\u00e3o igualmente importantes. Algumas instala\u00e7\u00f5es abastecem principalmente as redes regionais, enquanto outras s\u00e3o sistemicamente relevantes para toda a rede de transporte. As grandes instala\u00e7\u00f5es de armazenamento de poros podem abastecer a carga de base durante semanas, enquanto as cavernas podem fornecer enormes quantidades em apenas alguns dias - e podem ficar vazias novamente com a mesma rapidez.<\/p>\n<p>Por conseguinte, n\u00e3o \u00e9 apenas a soma de todas as unidades de armazenamento que conta para a estabilidade global, mas tamb\u00e9m o montante total:<\/p>\n<ul>\n<li>a sua distribui\u00e7\u00e3o geogr\u00e1fica<\/li>\n<li>a sua conce\u00e7\u00e3o t\u00e9cnica<\/li>\n<li>a sua integra\u00e7\u00e3o na rede<\/li>\n<\/ul>\n<p>Um estrangulamento numa regi\u00e3o nem sempre pode ser facilmente compensado por uma instala\u00e7\u00e3o de armazenamento no outro extremo do pa\u00eds.<\/p>\n<p>Isto torna claro que o panorama do armazenamento de g\u00e1s na Alemanha \u00e9 complexo, eficiente - e limitado. N\u00e3o funciona de acordo com uma l\u00f3gica percentual simples, mas sim de acordo com regras f\u00edsicas e t\u00e9cnicas.<\/p>\n<p>Por isso, o pr\u00f3ximo cap\u00edtulo vai mais longe: o que acontece tecnicamente quando os tanques de armazenamento ficam vazios? Porque \u00e9 que n\u00e3o s\u00f3 o volume diminui, mas tamb\u00e9m a taxa de retirada - e porque \u00e9 que termos como \u201e15 por cento de n\u00edvel residual\u201c significam mais do que apenas uma marca simb\u00f3lica. S\u00f3 ent\u00e3o se torna claro quando \u00e9 que um dep\u00f3sito de armazenamento se torna realmente cr\u00edtico - e porque \u00e9 que isso acontece frequentemente mais cedo do que muitos esperam.<\/p>\n<h3>Vis\u00e3o geral dos tipos de mem\u00f3ria dispon\u00edveis<\/h3>\n<div style=\"overflow: auto;\">\n<table>\n<thead>\n<tr style=\"background: #f2f2f2;\">\n<th>Tipo de mem\u00f3ria<\/th>\n<th>Princ\u00edpio t\u00e9cnico<\/th>\n<th>Pontos fortes em funcionamento<\/th>\n<th>Fun\u00e7\u00e3o t\u00edpica no sistema<\/th>\n<th>Propriedades<\/th>\n<\/tr>\n<\/thead>\n<tbody>\n<tr>\n<td><strong>Armazenamento em cavernas<\/strong> (sal)<\/td>\n<td>Cavidades de descarga artificial em forma\u00e7\u00f5es salinas.<\/td>\n<td>Elevada capacidade de armazenamento\/recupera\u00e7\u00e3o, resposta r\u00e1pida aos picos de procura.<\/td>\n<td>\u201eReserva Sprint\u201c para picos de carga a curto prazo (por exemplo, per\u00edodos de frio).<\/td>\n<td>Pode entregar muito rapidamente, mas tamb\u00e9m pode cair \u201edinamicamente\u201c mais rapidamente.<\/td>\n<\/tr>\n<tr>\n<td><strong>Armazenamento de poros<\/strong> (antigas jazidas de g\u00e1s\/petr\u00f3leo)<\/td>\n<td>Armazenamento em rochas porosas, o g\u00e1s \u00e9 distribu\u00eddo na forma\u00e7\u00e3o.<\/td>\n<td>Capacidade muito grande, adequada para per\u00edodos de levantamento mais longos.<\/td>\n<td>\u201eTamp\u00e3o de longo curso\u201c para a perequa\u00e7\u00e3o sazonal (ver\u00e3o \u2192 inverno).<\/td>\n<td>O desempenho pode ser mais lento; a capacidade, por si s\u00f3, pouco diz sobre as quantidades di\u00e1rias.<\/td>\n<\/tr>\n<tr>\n<td><strong>Armazenamento do aqu\u00edfero<\/strong> (com \u00e1gua)<\/td>\n<td>Armazenamento em camadas de rochas portadoras de \u00e1gua (tecnicamente exigente).<\/td>\n<td>Pode fornecer capacidade adicional se for geologicamente adequado.<\/td>\n<td>Armazenamento suplementar na aus\u00eancia de outras estruturas.<\/td>\n<td>Mais complexo consoante o sistema; as declara\u00e7\u00f5es sobre o desempenho dependem muito da localiza\u00e7\u00e3o.<\/td>\n<\/tr>\n<\/tbody>\n<\/table>\n<\/div>\n<h2>A parte que muitos ignoram: G\u00e1s de almofada, press\u00e3o e taxa de extra\u00e7\u00e3o<\/h2>\n<p>Quando se fala de dep\u00f3sitos de armazenamento de g\u00e1s, surge rapidamente a imagem de um dep\u00f3sito que se esvazia uniformemente: cheio em cima, vazio em baixo, com uma escala simples pelo meio. Esta imagem \u00e9 intuitiva - mas tecnicamente incorrecta. Uma instala\u00e7\u00e3o de armazenamento de g\u00e1s n\u00e3o \u00e9 um contentor passivo, mas um sistema dependente da press\u00e3o. E \u00e9 precisamente este ponto que \u00e9 quase sempre ignorado no debate p\u00fablico.<\/p>\n<p>Uma instala\u00e7\u00e3o de armazenamento fornece g\u00e1s n\u00e3o porque ainda h\u00e1 \u201ealguma coisa l\u00e1 dentro\u201c, mas porque h\u00e1 press\u00e3o suficiente para libertar g\u00e1s para a rede a um ritmo suficiente. Se a press\u00e3o diminuir, n\u00e3o s\u00f3 a quantidade diminui, mas sobretudo o desempenho da instala\u00e7\u00e3o de armazenamento. \u00c9 este o cerne do presente cap\u00edtulo.<\/p>\n<h3>Cushion gas: A base invis\u00edvel da oferta<\/h3>\n<p>Todas as instala\u00e7\u00f5es de armazenamento subterr\u00e2neo de g\u00e1s requerem uma quantidade m\u00ednima de g\u00e1s que permane\u00e7a permanentemente na instala\u00e7\u00e3o de armazenamento. Este g\u00e1s \u00e9 designado por g\u00e1s de almofada. Cumpre uma fun\u00e7\u00e3o puramente t\u00e9cnica:<\/p>\n<ul>\n<li>Constitui\u00e7\u00e3o e manuten\u00e7\u00e3o do n\u00edvel de press\u00e3o necess\u00e1rio<\/li>\n<li>Estabiliza\u00e7\u00e3o da estrutura geol\u00f3gica<\/li>\n<li>Assegurar a capacidade de extra\u00e7\u00e3o do g\u00e1s de trabalho<\/li>\n<\/ul>\n<p>Sem o cushion gas, uma instala\u00e7\u00e3o de armazenamento simplesmente n\u00e3o poderia funcionar. N\u00e3o se trata de um \u201eg\u00e1s de reserva\u201c para os maus momentos, mas sim da condi\u00e7\u00e3o fundamental para poder retirar g\u00e1s. O ponto crucial:<\/p>\n<p>O g\u00e1s de almofada n\u00e3o faz parte do aprovisionamento dispon\u00edvel. N\u00e3o pode ser utilizado sem p\u00f4r em perigo o pr\u00f3prio dep\u00f3sito de armazenamento ou sem o tornar inoperacional. Consoante o tipo de reservat\u00f3rio, a propor\u00e7\u00e3o de g\u00e1s almofada situa-se aproximadamente entre<\/p>\n<ul>\n<li>aprox. 20-40 % para sistemas de armazenamento em cavernas<\/li>\n<li>em parte significativamente mais elevado para as cisternas de armazenagem porosas<\/li>\n<\/ul>\n<p>Estes n\u00fameros n\u00e3o s\u00e3o valores-limite exactos, mas ordens de grandeza. No entanto, tornam claro porque \u00e9 que a afirma\u00e7\u00e3o \u201eo dep\u00f3sito de armazenamento ainda est\u00e1 X por cento cheio\u201c n\u00e3o tem muito significado sem contexto.<\/p>\n<h3>O g\u00e1s de trabalho n\u00e3o \u00e9 imediatamente utiliz\u00e1vel - pelo menos, n\u00e3o em todos os momentos<\/h3>\n<p>O g\u00e1s acima do g\u00e1s de almofada \u00e9 designado por g\u00e1s de trabalho. \u00c9 a parte que, teoricamente, est\u00e1 dispon\u00edvel para o abastecimento. No entanto, tamb\u00e9m aqui se aplica o seguinte: \u201edispon\u00edvel\u201c n\u00e3o significa automaticamente \u201epode ser acionado \u00e0 vontade\u201c. O g\u00e1s de trabalho s\u00f3 pode ser extra\u00eddo de forma eficiente se:<\/p>\n<ul>\n<li>a press\u00e3o \u00e9 suficientemente elevada<\/li>\n<li>o sistema de armazenamento foi concebido para este efeito<\/li>\n<li>a rede ligada pode absorver as quantidades<\/li>\n<\/ul>\n<p>Quanto mais o n\u00edvel de enchimento desce, mais o sistema se aproxima da \u00e1rea em que o g\u00e1s de trabalho ainda est\u00e1 presente, mas s\u00f3 pode ser extra\u00eddo lentamente ou de forma limitada.<\/p>\n<p>N\u00e3o se trata de um problema pol\u00edtico, mas de f\u00edsica pura.<\/p>\n<h3>Press\u00e3o: o fator decisivo por detr\u00e1s de todos os valores percentuais<\/h3>\n<p>O g\u00e1s n\u00e3o flui por si s\u00f3. Segue as diferen\u00e7as de press\u00e3o. Num dep\u00f3sito de armazenamento, isto significa que quanto mais cheio estiver o dep\u00f3sito, maior ser\u00e1 a press\u00e3o - e mais f\u00e1cil ser\u00e1 extrair o g\u00e1s.<\/p>\n<p>No in\u00edcio do esvaziamento, os tanques de armazenamento operam na chamada faixa de plat\u00f4. Nesta gama, pode ser fornecida uma quantidade de retirada quase constante durante um longo per\u00edodo de tempo. \u00c9 exatamente aqui que os sistemas se sentem \u201eest\u00e1veis\u201c. Se o n\u00edvel de enchimento continuar a descer, acontece o seguinte:<\/p>\n<ul>\n<li>a press\u00e3o diminui<\/li>\n<li>a retirada di\u00e1ria m\u00e1xima poss\u00edvel diminui<\/li>\n<li>O sistema de armazenamento reage mais lentamente aos picos de procura<\/li>\n<\/ul>\n<p>A certa altura, o reservat\u00f3rio deixa a zona de planalto. A partir desse momento, j\u00e1 n\u00e3o \u00e9 a quantidade de g\u00e1s armazenado que constitui o fator limitante, mas sim a taxa de retirada. Este \u00e9 o momento em que os n\u00edveis de armazenamento ainda podem ter um efeito calmante do ponto de vista psicol\u00f3gico, mas j\u00e1 est\u00e3o a tornar-se cr\u00edticos do ponto de vista t\u00e9cnico.<\/p>\n<hr \/>\n<h3>Inqu\u00e9rito atual sobre a confian\u00e7a na pol\u00edtica<\/h3>\n<div class='bootstrap-yop yop-poll-mc'>\n\t\t\t\t\t\t\t<div class=\"basic-yop-poll-container\" style=\"background-color:#ffffff; border:0px; border-style:solid; border-color:#000000; border-radius:5px; padding:0px 5px;\" data-id=\"1\" data-temp=\"basic-pretty\" data-skin=\"square\" data-cscheme=\"blue\" data-cap=\"0\" data-access=\"guest\" data-tid=\"\" data-uid=\"22a1d856978e0f9b3d64c65f277a67c5\" data-pid=\"4229\" data-resdet=\"votes-number,percentages\" data-show-results-to=\"guest\" data-show-results-moment=\"after-vote\" data-show-results-only=\"false\" data-show-message=\"true\" data-show-results-as=\"bar\" data-sort-results-by=\"as-defined\" data-sort-results-rule=\"asc\"data-is-ended=\"0\" data-percentages-decimals=\"2\" data-gdpr=\"no\" data-gdpr-sol=\"consent\" data-css=\"\" data-counter=\"0\" data-load-with=\"1\" data-notification-section=\"top\"><div class=\"row\"><div class=\"col-md-12\"><div class=\"basic-inner\"><div class=\"basic-message hide\" style=\"border-left: 10px solid #008000; padding: 0px 10px;\" data-error=\"#ff0000\" data-success=\"#008000\"><p class=\"basic-message-text\" style=\"color:#000000; font-size:14px; font-weight:normal;\"><\/p><\/div><div class=\"basic-overlay hide\"><div class=\"basic-vote-options\"><\/div><div class=\"basic-preloader\"><div class=\"basic-windows8\"><div class=\"basic-wBall basic-wBall_1\"><div class=\"basic-wInnerBall\"><\/div><\/div><div class=\"basic-wBall basic-wBall_2\"><div class=\"basic-wInnerBall\"><\/div><\/div><div class=\"basic-wBall basic-wBall_3\"><div class=\"basic-wInnerBall\"><\/div><\/div><div class=\"basic-wBall basic-wBall_4\"><div class=\"basic-wInnerBall\"><\/div><\/div><div class=\"basic-wBall basic-wBall_5\"><div class=\"basic-wInnerBall\"><\/div><\/div><\/div><\/div><\/div><form class=\"basic-form\" action=\"\"><input type=\"hidden\" name=\"_token\" value=\"913c75d9bd\" autocomplete=\"off\"><div class=\"basic-elements\"><div class=\"basic-element basic-question basic-question-text-vertical\" data-id=\"1\" data-uid=\"610f01d5989f2e78b2e9a9baaec1dbc2\" data-type=\"question\" data-question-type=\"text\" data-required=\"yes\" data-allow-multiple=\"no\" data-min=\"1\" data-max=\"1\" data-display=\"vertical\" data-colnum=\"\" data-display-others=\"no\" data-others-color=\"\" data-others=\"\" data-others-max-chars=\"0\"><div class=\"basic-question-title\"><h5 style=\"color:#000000; font-size:16px; font-weight:normal; text-align:left;\">Qual \u00e9 a sua confian\u00e7a na pol\u00edtica e nos meios de comunica\u00e7\u00e3o social na Alemanha?<\/h5><\/div><ul class=\"basic-answers\"><li class=\"basic-answer\" style=\"padding:0px 0px;\" data-id=\"1\" data-type=\"text\" data-vn=\"10\" data-color=\"#000000\" data-make-link=\"no\" data-link=\"\"><div class=\"basic-answer-content basic-text-vertical\"><label for=\"answer[1]\" class=\"basic-answer-label\"><input type=\"radio\" id=\"answer[1]\" name=\"answer[1]\" value=\"1\"><span class=\"basic-text\" style=\"color: #000000; font-size: 14px; font-weight: normal;\">Muito elevado - Confio plenamente nos organismos oficiais<\/span><\/label><\/div><\/li><li class=\"basic-answer\" style=\"padding:0px 0px;\" data-id=\"2\" data-type=\"text\" data-vn=\"22\" data-color=\"#000000\" data-make-link=\"no\" data-link=\"\"><div class=\"basic-answer-content basic-text-vertical\"><label for=\"answer[2]\" class=\"basic-answer-label\"><input type=\"radio\" id=\"answer[2]\" name=\"answer[1]\" value=\"2\"><span class=\"basic-text\" style=\"color: #000000; font-size: 14px; font-weight: normal;\">M\u00e9dio - Estou cauteloso, mas n\u00e3o fundamentalmente desconfiado<\/span><\/label><\/div><\/li><li class=\"basic-answer\" style=\"padding:0px 0px;\" data-id=\"3\" data-type=\"text\" data-vn=\"53\" data-color=\"#000000\" data-make-link=\"no\" data-link=\"\"><div class=\"basic-answer-content basic-text-vertical\"><label for=\"answer[3]\" class=\"basic-answer-label\"><input type=\"radio\" id=\"answer[3]\" name=\"answer[1]\" value=\"3\"><span class=\"basic-text\" style=\"color: #000000; font-size: 14px; font-weight: normal;\">Baixo - Eu pr\u00f3prio controlo muitas coisas<\/span><\/label><\/div><\/li><li class=\"basic-answer\" style=\"padding:0px 0px;\" data-id=\"4\" data-type=\"text\" data-vn=\"251\" data-color=\"#000000\" data-make-link=\"no\" data-link=\"\"><div class=\"basic-answer-content basic-text-vertical\"><label for=\"answer[4]\" class=\"basic-answer-label\"><input type=\"radio\" id=\"answer[4]\" name=\"answer[1]\" value=\"4\"><span class=\"basic-text\" style=\"color: #000000; font-size: 14px; font-weight: normal;\">Quase n\u00e3o existe - creio que muita coisa \u00e9 velada ou encenada<\/span><\/label><\/div><\/li><\/ul><\/div><div class=\"clearfix\"><\/div><\/div><div class=\"basic-vote\"><a href=\"#\" class=\"button basic-vote-button\" role=\"button\" style=\"background:#027bb8; border:0px; border-style: solid; border-color:#1636f0; border-radius:5px; padding:10px 10px; color:#ffffff; font-size:14px; font-weight:normal;\">Vota\u00e7\u00e3o<\/a><\/div><input type=\"hidden\" name=\"trp-form-language\" value=\"pt\"\/><\/form><\/div><\/div><\/div><\/div>\n\t\t\t\t\t\t<\/div>\n<hr \/>\n<h3>Taxa de retirada: Porque \u00e9 que \u201eainda h\u00e1 g\u00e1s suficiente\u201c n\u00e3o \u00e9 suficiente<\/h3>\n<p>O fator decisivo para o abastecimento n\u00e3o \u00e9 a quantidade de g\u00e1s que ainda existe na instala\u00e7\u00e3o de armazenamento, mas a quantidade de g\u00e1s que pode ser retirada por dia. Um exemplo simplificado:<\/p>\n<ul>\n<li>Um dep\u00f3sito de armazenamento ainda cont\u00e9m g\u00e1s suficiente para v\u00e1rias semanas<\/li>\n<li>Simultaneamente, a retirada m\u00e1xima di\u00e1ria j\u00e1 n\u00e3o \u00e9 suficiente para cobrir o consumo atual<\/li>\n<\/ul>\n<p>Nesse caso, surge um problema de abastecimento, apesar de o dep\u00f3sito de armazenamento n\u00e3o estar \u201evazio\u201c. O sistema falha n\u00e3o por causa da quantidade, mas por causa da capacidade. Este \u00e9 precisamente o segundo limiar, frequentemente ignorado, dos sistemas de armazenamento de g\u00e1s:<\/p>\n<p>O <strong>Limiar de pot\u00eancia<\/strong>, e n\u00e3o o limite de vazio. Este limiar n\u00e3o \u00e9 fixado num valor percentual espec\u00edfico. Depende de:<\/p>\n<ul>\n<li>Tipo de mem\u00f3ria<\/li>\n<li>Conce\u00e7\u00e3o do sistema<\/li>\n<li>Situa\u00e7\u00e3o da rede<\/li>\n<li>consumo atual<\/li>\n<\/ul>\n<p>\u00c9 por isso que afirma\u00e7\u00f5es gerais como \u201eabaixo de 15 por cento torna-se cr\u00edtico\u201c n\u00e3o s\u00e3o completamente despropositadas, mas s\u00e3o demasiado grosseiras para servirem de limite r\u00edgido.<\/p>\n<h3>Porque \u00e9 que os n\u00edveis baixos s\u00e3o sistemicamente mais sens\u00edveis do que os n\u00edveis altos<\/h3>\n<p>Os tanques de armazenamento s\u00e3o comparativamente robustos em gamas de n\u00edveis de enchimento elevados. Pequenas flutua\u00e7\u00f5es podem ser tecnicamente bem absorvidas. Quanto mais baixo for o n\u00edvel de enchimento, mais sens\u00edvel se torna o sistema:<\/p>\n<ul>\n<li>Pequenos aumentos no consumo t\u00eam um impacto maior<\/li>\n<li>Os feiti\u00e7os de frio atingem mais depressa<\/li>\n<li>As reservas t\u00e9cnicas est\u00e3o a diminuir<\/li>\n<\/ul>\n<p>Podemos compar\u00e1-lo a um carro cujo indicador de combust\u00edvel se aproxima da zona vermelha. N\u00e3o porque o carro pare imediatamente, mas porque cada carga adicional se torna subitamente relevante. No sector do abastecimento de g\u00e1s, as instala\u00e7\u00f5es de armazenamento n\u00e3o funcionam isoladamente. Fazem parte de uma rede. Se a sua capacidade diminuir, outras fontes t\u00eam de intervir - como as importa\u00e7\u00f5es, os desembarques de GNL ou outras instala\u00e7\u00f5es de armazenamento. Se isto n\u00e3o funcionar de forma suficiente, ocorre um estrangulamento estrutural.<\/p>\n<h3>A armadilha psicol\u00f3gica dos valores percentuais<\/h3>\n<p>As percentagens sugerem linearidade: 50 % soa como \u201emeio cheio\u201c, 25 % como \u201eum quarto restante\u201c. Tecnicamente, esta vis\u00e3o \u00e9 enganadora. Uma mem\u00f3ria a 25 % pode:<\/p>\n<ul>\n<li>ainda assim, os resultados s\u00e3o relativamente bons - ou<\/li>\n<li>j\u00e1 ser severamente restringido<\/li>\n<\/ul>\n<p>Ambos s\u00e3o poss\u00edveis. O fator decisivo n\u00e3o \u00e9 o valor percentual, mas a posi\u00e7\u00e3o do acumulador na sua curva de press\u00e3o e desempenho.<br \/>\nIsto explica tamb\u00e9m porque \u00e9 que os peritos reagem muitas vezes com mais nervosismo do que o p\u00fablico em geral \u00e0 queda dos n\u00edveis de armazenamento. Eles n\u00e3o v\u00eaem apenas a quantidade, mas tamb\u00e9m os limites f\u00edsicos subjacentes.<\/p>\n<h3>Avalia\u00e7\u00e3o: Aviso de paragens industriais e consequ\u00eancias econ\u00f3micas<\/h3>\n<p>Numa entrevista \u00e0 Apollo News, o especialista em energia Fritz Vahrenholt alerta para uma nova deteriora\u00e7\u00e3o da situa\u00e7\u00e3o do g\u00e1s. Perante a diminui\u00e7\u00e3o significativa dos n\u00edveis de armazenamento, considera que s\u00e3o poss\u00edveis encerramentos na ind\u00fastria e v\u00ea riscos consider\u00e1veis para o desenvolvimento econ\u00f3mico. Critica em particular a atual pol\u00edtica energ\u00e9tica do Governo alem\u00e3o, que acusa de ter ignorado durante demasiado tempo os problemas estruturais. A entrevista classifica a situa\u00e7\u00e3o atual como mais do que uma flutua\u00e7\u00e3o de curto prazo e centra-se na quest\u00e3o de saber at\u00e9 que ponto o fornecimento de g\u00e1s \u00e9 realmente resistente face ao consumo sustentado e \u00e0s reservas limitadas.<\/p>\n<div class=\"lyte-wrapper\" style=\"width:640px;max-width:100%;margin:5px;\"><div class=\"lyMe\" id=\"WYL_QzM4lUqAhfg\"><div id=\"lyte_QzM4lUqAhfg\" data-src=\"https:\/\/www.markus-schall.de\/wp-content\/plugins\/wp-youtube-lyte\/lyteCache.php?origThumbUrl=%2F%2Fi.ytimg.com%2Fvi%2FQzM4lUqAhfg%2Fhqdefault.jpg\" class=\"pL\"><div class=\"tC\"><div class=\"tT\"><\/div><\/div><div class=\"play\"><\/div><div class=\"ctrl\"><div class=\"Lctrl\"><\/div><div class=\"Rctrl\"><\/div><\/div><\/div><noscript><a href=\"https:\/\/youtu.be\/QzM4lUqAhfg\" rel=\"nofollow noopener\" target=\"_blank\"><img loading=\"lazy\" decoding=\"async\" src=\"https:\/\/www.markus-schall.de\/wp-content\/plugins\/wp-youtube-lyte\/lyteCache.php?origThumbUrl=https%3A%2F%2Fi.ytimg.com%2Fvi%2FQzM4lUqAhfg%2F0.jpg\" alt=\"Miniatura de v\u00eddeo do YouTube\" width=\"640\" height=\"340\" \/><br \/>Ver este v\u00eddeo no YouTube<\/a><\/noscript><\/div><\/div><div class=\"lL\" style=\"max-width:100%;width:640px;margin:5px;\"><\/div><br \/>\n\u201eDepois haver\u00e1 encerramentos\u201c - Entrevista com Fritz Vahrenholt <a href=\"https:\/\/www.youtube.com\/@apollonewsnet\" target=\"_blank\" rel=\"nofollow noopener\">Not\u00edcias Apollo<\/a><\/p>\n<h3>Porque \u00e9 que estas liga\u00e7\u00f5es raramente s\u00e3o explicadas abertamente<\/h3>\n<p>H\u00e1 v\u00e1rias raz\u00f5es para que o g\u00e1s almofada, a pressuriza\u00e7\u00e3o e as taxas de retirada sejam raramente mencionados na comunica\u00e7\u00e3o p\u00fablica:<\/p>\n<ul>\n<li>As rela\u00e7\u00f5es s\u00e3o t\u00e9cnicas e dif\u00edceis de simplificar<\/li>\n<li>As percentagens s\u00e3o mais f\u00e1ceis de comunicar<\/li>\n<li>Politicamente, as mensagens simples s\u00e3o muitas vezes mais atractivas<\/li>\n<\/ul>\n<p>O resultado \u00e9 um debate que se centra em valores vis\u00edveis e ignora factores invis\u00edveis mas decisivos. N\u00e3o se trata necessariamente de uma inten\u00e7\u00e3o maliciosa - mas conduz a ju\u00edzos errados. Uma vis\u00e3o s\u00f3bria da tecnologia n\u00e3o \u00e9, portanto, alarmismo, mas um pr\u00e9-requisito para uma categoriza\u00e7\u00e3o realista.<\/p>\n<p>Neste ponto, torna-se claro que uma instala\u00e7\u00e3o de armazenamento de g\u00e1s pode atingir os seus limites funcionais muito antes de estar vazia. N\u00e3o porque o g\u00e1s tenha \u201edesaparecido\u201c, mas porque j\u00e1 n\u00e3o est\u00e1 dispon\u00edvel com a rapidez necess\u00e1ria.<\/p>\n<p>O pr\u00f3ximo cap\u00edtulo trata, portanto, das consequ\u00eancias pr\u00e1ticas desta constata\u00e7\u00e3o: o que acontece se a armazenagem continuar a diminuir? Que riscos espec\u00edficos se colocam - e por que raz\u00e3o podem surgir problemas, apesar de, estatisticamente, ainda existirem quantidades consider\u00e1veis dispon\u00edveis? \u00c9 aqui que a tecnologia se torna realidade.<\/p>\n<h3>Componentes e factores que influenciam a extra\u00e7\u00e3o de g\u00e1s<\/h3>\n<div style=\"overflow: auto;\">\n<table>\n<thead>\n<tr style=\"background: #f2f2f2;\">\n<th>Bloco de constru\u00e7\u00e3o<\/th>\n<th>O que significa<\/th>\n<th>Porque \u00e9 que \u00e9 importante<\/th>\n<th>Mal-entendidos t\u00edpicos<\/th>\n<\/tr>\n<\/thead>\n<tbody>\n<tr>\n<td><strong>G\u00e1s de servi\u00e7o<\/strong><\/td>\n<td>A propor\u00e7\u00e3o do reservat\u00f3rio que pode ser regularmente injectada e retirada.<\/td>\n<td>Descreve a quantidade de armazenamento \u201eutiliz\u00e1vel\u201c para o fornecimento.<\/td>\n<td>\u00c9 incorretamente equiparado a \u201eg\u00e1s total no reservat\u00f3rio\u201c.<\/td>\n<\/tr>\n<tr>\n<td><strong>G\u00e1s de almofada<\/strong><\/td>\n<td>G\u00e1s que permanece permanentemente no dep\u00f3sito de armazenagem para garantir uma press\u00e3o e estabilidade m\u00ednimas.<\/td>\n<td>Explica porque \u00e9 que uma mem\u00f3ria nunca pode ser esvaziada \u201eat\u00e9 0 %\u201c.<\/td>\n<td>Muitas vezes mal interpretado como uma \u201ereserva\u201c que pode simplesmente ser utilizada numa emerg\u00eancia.<\/td>\n<\/tr>\n<tr>\n<td><strong>N\u00edvel de press\u00e3o<\/strong><\/td>\n<td>Base f\u00edsica para a capacidade de remo\u00e7\u00e3o (quanto mais elevada, mais f\u00e1cil \u00e9 a remo\u00e7\u00e3o).<\/td>\n<td>Mostra porque \u00e9 que o desempenho diminui \u00e0 medida que o n\u00edvel de enchimento desce.<\/td>\n<td>\u201ePor cento\u201c \u00e9 interpretado como uma escala linear, embora o desempenho n\u00e3o seja linear.<\/td>\n<\/tr>\n<tr>\n<td><strong>Taxa de retirada<\/strong><\/td>\n<td>Fornecimento m\u00e1ximo poss\u00edvel de g\u00e1s por dia a partir de um dep\u00f3sito de armazenamento.<\/td>\n<td>Crucial para o abastecimento durante as fases frias e os picos de carga.<\/td>\n<td>\u201eAinda h\u00e1 gasolina suficiente\u201c \u00e9 confundido com \u201eainda h\u00e1 energia suficiente para o dia a dia\u201c.<\/td>\n<\/tr>\n<tr>\n<td><strong>Fase de planalto<\/strong><\/td>\n<td>Gama em que os tanques de armazenamento podem fornecer volumes di\u00e1rios elevados relativamente constantes durante um longo per\u00edodo de tempo.<\/td>\n<td>Isso explica o facto de parecer \u201eest\u00e1vel\u201c durante muito tempo - e poder tombar de repente.<\/td>\n<td>Acredita-se que a energia se mant\u00e9m constante at\u00e9 pouco antes de esvaziar.<\/td>\n<\/tr>\n<tr>\n<td><strong>Limiar de pot\u00eancia<\/strong><\/td>\n<td>Ponto em que a capacidade de extra\u00e7\u00e3o diminui significativamente, embora o g\u00e1s ainda esteja presente.<\/td>\n<td>Importante para compreender a express\u00e3o \u201ecr\u00edtico antes de vazio\u201c.<\/td>\n<td>\u00c9 confundido com um limite percentual fixo (por exemplo, 15 %).<\/td>\n<\/tr>\n<\/tbody>\n<\/table>\n<\/div>\n<h3>Terminais de GNL no inverno: Porque \u00e9 que a capacidade nominal n\u00e3o \u00e9 igual \u00e0 disponibilidade<\/h3>\n<p>As capacidades oficialmente comunicadas dos terminais de GNL alem\u00e3es baseiam-se predominantemente em condi\u00e7\u00f5es \u00f3ptimas de funcionamento, que ocorrem principalmente nos meses de ver\u00e3o. Em termos t\u00e9cnicos, isto \u00e9 conhecido como opera\u00e7\u00e3o em circuito aberto, em que a \u00e1gua do mar relativamente quente \u00e9 utilizada para regaseificar o GNL criog\u00e9nico.<\/p>\n<p>No entanto, se a temperatura da \u00e1gua descer - abaixo dos 4 a 5 graus Celsius no inverno, por exemplo - esta opera\u00e7\u00e3o deixa de ser poss\u00edvel. Os sistemas t\u00eam ent\u00e3o de mudar para o modo de circuito fechado, no qual a \u00e1gua \u00e9 aquecida a bordo utilizando queimadores a g\u00e1s. Por raz\u00f5es f\u00edsicas, esta mudan\u00e7a leva a uma redu\u00e7\u00e3o not\u00e1vel da pot\u00eancia de alimenta\u00e7\u00e3o e, ao mesmo tempo, aumenta o auto-consumo do g\u00e1s. A quantidade real de GNL dispon\u00edvel no inverno \u00e9, por conseguinte, bastante inferior aos valores m\u00e1ximos frequentemente mencionados.<\/p>\n<h3>A log\u00edstica e a f\u00edsica como factores limitativos do aprovisionamento de GNL<\/h3>\n<p>Para al\u00e9m da reduzida capacidade de regaseifica\u00e7\u00e3o, a log\u00edstica desempenha igualmente um papel fundamental. A fim de manter um volume de alimenta\u00e7\u00e3o realista, mesmo no inverno, \u00e9 necess\u00e1rio um abastecimento quase ininterrupto de cami\u00f5es-cisterna de GNL. Qualquer paragem devido a condi\u00e7\u00f5es meteorol\u00f3gicas, problemas t\u00e9cnicos ou atrasos tem um impacto direto na quantidade de g\u00e1s dispon\u00edvel.<\/p>\n<p>Os terminais de GNL n\u00e3o s\u00e3o, portanto, um sistema de abastecimento aut\u00f3nomo, mas sim parte de uma cadeia sens\u00edvel de transporte global, opera\u00e7\u00f5es portu\u00e1rias e convers\u00e3o t\u00e9cnica. Tal como acontece com as instala\u00e7\u00f5es de armazenamento de g\u00e1s, este facto tamb\u00e9m \u00e9 evidente neste caso: A seguran\u00e7a do aprovisionamento n\u00e3o decorre de valores m\u00e1ximos te\u00f3ricos, mas da quest\u00e3o de saber que capacidade pode ser permanentemente utilizada em condi\u00e7\u00f5es reais de inverno.<\/p>\n<h3>Declara\u00e7\u00f5es actuais no contexto mais vasto da pol\u00edtica de seguran\u00e7a<\/h3>\n<p><a href=\"https:\/\/www.markus-schall.de\/pt\/2026\/02\/a-russia-a-nato-e-o-medo-da-guerra-o-que-pode-e-o-que-nao-pode-ser-provado\/\"><img loading=\"lazy\" decoding=\"async\" class=\"alignright size-medium wp-image-4894\" src=\"https:\/\/www.markus-schall.de\/wp-content\/uploads\/NATO-Russland-300x200.jpg\" alt=\"A NATO, a R\u00fassia e o medo da guerra\" width=\"300\" height=\"200\" srcset=\"https:\/\/www.markus-schall.de\/wp-content\/uploads\/NATO-Russland-300x200.jpg 300w, https:\/\/www.markus-schall.de\/wp-content\/uploads\/NATO-Russland-768x512.jpg 768w, https:\/\/www.markus-schall.de\/wp-content\/uploads\/NATO-Russland-18x12.jpg 18w, https:\/\/www.markus-schall.de\/wp-content\/uploads\/NATO-Russland.jpg 1024w\" sizes=\"auto, (max-width: 300px) 100vw, 300px\" \/><\/a>Nos \u00faltimos anos, o Presidente russo declarou publicamente, em v\u00e1rias ocasi\u00f5es, que o g\u00e1s poderia continuar a ser fornecido \u00e0 Alemanha atrav\u00e9s do gasoduto Nord Stream 2, se fosse dada luz verde pol\u00edtica. No entanto, estas declara\u00e7\u00f5es nunca s\u00e3o isoladas, mas fazem parte de um contexto geopol\u00edtico e de seguran\u00e7a mais vasto que vai muito para al\u00e9m das quest\u00f5es energ\u00e9ticas. Se quiser compreender a forma como essas ofertas s\u00e3o classificadas e quais os argumentos que desempenham um papel no debate atual, pode encontrar mais informa\u00e7\u00f5es na <a href=\"https:\/\/www.markus-schall.de\/pt\/2026\/02\/a-russia-a-nato-e-o-medo-da-guerra-o-que-pode-e-o-que-nao-pode-ser-provado\/\"><strong>Artigo sobre a NATO e a R\u00fassia<\/strong><\/a> uma an\u00e1lise sistem\u00e1tica dos interesses, dos riscos, das percep\u00e7\u00f5es e das conclus\u00f5es pol\u00edticas.<\/p>\n<hr \/>\n\n\t\t\t<div class=\"display-post-types\">\n\n\t\t\t\t\t\t\t<style type=\"text\/css\">\n\t\t\t#dpt-wrapper-93 { --dpt-text-align: left;--dpt-image-crop: center;--dpt-border-radius: 5px;--dpt-h-gutter: 10px;--dpt-v-gutter: 10px; }\t\t\t<\/style>\n\t\t\t<style type=\"text\/css\">#dpt-wrapper-93 { --dpt-title-font-style:normal;--dpt-title-font-weight:600;--dpt-title-line-height:1.5;--dpt-title-text-decoration:none;--dpt-title-text-transform:none;--dpt-excerpt-font-style:normal;--dpt-excerpt-font-weight:400;--dpt-excerpt-line-height:1.5;--dpt-excerpt-text-decoration:none;--dpt-excerpt-text-transform:none;--dpt-meta1-font-style:normal;--dpt-meta1-font-weight:400;--dpt-meta1-line-height:1.9;--dpt-meta1-text-decoration:none;--dpt-meta1-text-transform:none;--dpt-meta2-font-style:normal;--dpt-meta2-font-weight:400;--dpt-meta2-line-height:1.9;--dpt-meta2-text-decoration:none;--dpt-meta2-text-transform:none; }<\/style><div class=\"dpt-main-header\">\n\t\t\t\t\t\t<div class=\"dpt-main-title\">\n\t\t\t\t\t\t\t<span class=\"dpt-main-title-text\">Artigos actuais sobre a Alemanha<\/span>\n\t\t\t\t\t\t<\/div>\n\t\t\t\t\t\t\n\t\t\t\t\t\t\n\t\t\t\t\t\t\n\t\t\t\t\t\t<\/div>\t\t\t\n\t\t\t\t<div id=\"dpt-wrapper-93\" class=\"dpt-wrapper dpt-list2 land1 dpt-cropped dpt-flex-wrap\" >\n\n\t\t\t\t\t\t\t\t\t\t\t<div class=\"dpt-entry has-thumbnail\" data-title=\"spieltheorie erkl\u00e4rt 25 jahre geopolitik: wie europa seine strategische rolle verlor\" data-id=\"3850\"  data-category=\"allgemein gesellschaft kunst &amp; kultur\" data-post_tag=\"denkmodelle deutschland energiepolitik eu-gesetze europa geopolitik krisen sicherheitspolitik spieltheorie\">\n\t\t\t\t\t\t\t<div class=\"dpt-entry-wrapper\"><div class=\"dpt-featured-content\"><div class=\"dpt-permalink\"><a href=\"https:\/\/www.markus-schall.de\/pt\/2025\/12\/a-teoria-dos-jogos-explica-25-anos-de-geopolitica-como-e-que-a-europa-perdeu-o-seu-papel-estrategico\/\" class=\"dpt-permalink\"><span class=\"screen-reader-text\">A teoria dos jogos explica 25 anos de geopol\u00edtica: como \u00e9 que a Europa perdeu o seu papel estrat\u00e9gico<\/span><\/a><\/div><div class=\"dpt-thumbnail\"><div class=\"dpt-thumbnail-inner\"><img width=\"1024\" height=\"765\" class=\"attachment-full size-full\" alt=\"A teoria dos jogos explica 25 anos de geopol\u00edtica\" context=\"dpt\" data-dpt-src=\"https:\/\/www.markus-schall.de\/wp-content\/uploads\/europa-russland-spieltheorie.jpg\" data-dpt-sizes=\"(max-width: 1024px) 100vw, 1024px\" data-dpt-srcset=\"https:\/\/www.markus-schall.de\/wp-content\/uploads\/europa-russland-spieltheorie.jpg 1024w, https:\/\/www.markus-schall.de\/wp-content\/uploads\/europa-russland-spieltheorie-300x224.jpg 300w, https:\/\/www.markus-schall.de\/wp-content\/uploads\/europa-russland-spieltheorie-768x574.jpg 768w, https:\/\/www.markus-schall.de\/wp-content\/uploads\/europa-russland-spieltheorie-16x12.jpg 16w\" \/><\/div><span class=\"dpt-thumbnail-aspect-ratio\" style=\"padding-top: 75%\"><\/span><\/div><\/div><div class=\"sub-entry\"><h3 class=\"dpt-title\"><a class=\"dpt-title-link\" href=\"https:\/\/www.markus-schall.de\/pt\/2025\/12\/a-teoria-dos-jogos-explica-25-anos-de-geopolitica-como-e-que-a-europa-perdeu-o-seu-papel-estrategico\/\" rel=\"bookmark\">A teoria dos jogos explica 25 anos de geopol\u00edtica: como \u00e9 que a Europa perdeu o seu papel estrat\u00e9gico<\/a><\/h3><\/div><\/div>\n\t\t\t\t\t\t<\/div><!-- .dpt-entry -->\n\t\t\t\t\t\t\t\t\t\t\t\t<div class=\"dpt-entry has-thumbnail\" data-title=\"helge schneider: haltung, humor und die freiheit, sich nicht erkl\u00e4ren zu m\u00fcssen\" data-id=\"4756\"  data-category=\"allgemein gesellschaft kunst &amp; kultur\" data-post_tag=\"deutschland erfahrungen meinungsfreiheit musik portrait\">\n\t\t\t\t\t\t\t<div class=\"dpt-entry-wrapper\"><div class=\"dpt-featured-content\"><div class=\"dpt-permalink\"><a href=\"https:\/\/www.markus-schall.de\/pt\/2026\/02\/helge-schneider-atitude-o-humor-e-a-liberdade-de-nao-ter-de-se-explicar\/\" class=\"dpt-permalink\"><span class=\"screen-reader-text\">Helge Schneider: Atitude, humor e a liberdade de n\u00e3o ter de se explicar<\/span><\/a><\/div><div class=\"dpt-thumbnail\"><div class=\"dpt-thumbnail-inner\"><img width=\"1024\" height=\"683\" class=\"attachment-full size-full\" alt=\"Retrato de Helge Schneider\" context=\"dpt\" data-dpt-src=\"https:\/\/www.markus-schall.de\/wp-content\/uploads\/Helge-Schneider.jpg\" data-dpt-sizes=\"(max-width: 1024px) 100vw, 1024px\" data-dpt-srcset=\"https:\/\/www.markus-schall.de\/wp-content\/uploads\/Helge-Schneider.jpg 1024w, https:\/\/www.markus-schall.de\/wp-content\/uploads\/Helge-Schneider-300x200.jpg 300w, https:\/\/www.markus-schall.de\/wp-content\/uploads\/Helge-Schneider-768x512.jpg 768w, https:\/\/www.markus-schall.de\/wp-content\/uploads\/Helge-Schneider-18x12.jpg 18w\" \/><\/div><span class=\"dpt-thumbnail-aspect-ratio\" style=\"padding-top: 75%\"><\/span><\/div><\/div><div class=\"sub-entry\"><h3 class=\"dpt-title\"><a class=\"dpt-title-link\" href=\"https:\/\/www.markus-schall.de\/pt\/2026\/02\/helge-schneider-atitude-o-humor-e-a-liberdade-de-nao-ter-de-se-explicar\/\" rel=\"bookmark\">Helge Schneider: Atitude, humor e a liberdade de n\u00e3o ter de se explicar<\/a><\/h3><\/div><\/div>\n\t\t\t\t\t\t<\/div><!-- .dpt-entry -->\n\t\t\t\t\t\t\t\t\t\t\t\t<div class=\"dpt-entry has-thumbnail\" data-title=\"jan-josef liefers: ein portr\u00e4t \u00fcber haltung, herkunft und k\u00fcnstlerische freiheit\" data-id=\"3854\"  data-category=\"allgemein gesellschaft kunst &amp; kultur\" data-post_tag=\"deutschland erfahrungen krisen lernen meinungsfreiheit musik pers\u00f6nlichkeitsentwicklung portrait\">\n\t\t\t\t\t\t\t<div class=\"dpt-entry-wrapper\"><div class=\"dpt-featured-content\"><div class=\"dpt-permalink\"><a href=\"https:\/\/www.markus-schall.de\/pt\/2025\/12\/jan-josef-liefers-um-retrato-da-atitude-da-origem-e-da-liberdade-artistica\/\" class=\"dpt-permalink\"><span class=\"screen-reader-text\">Jan-Josef Liefers: Um retrato da atitude, das origens e da liberdade art\u00edstica<\/span><\/a><\/div><div class=\"dpt-thumbnail\"><div class=\"dpt-thumbnail-inner\"><img width=\"1024\" height=\"683\" class=\"attachment-full size-full\" alt=\"Jan-Josef Liefers\" context=\"dpt\" data-dpt-src=\"https:\/\/www.markus-schall.de\/wp-content\/uploads\/jan-josef-liefers-silhouette.jpg\" data-dpt-sizes=\"(max-width: 1024px) 100vw, 1024px\" data-dpt-srcset=\"https:\/\/www.markus-schall.de\/wp-content\/uploads\/jan-josef-liefers-silhouette.jpg 1024w, https:\/\/www.markus-schall.de\/wp-content\/uploads\/jan-josef-liefers-silhouette-300x200.jpg 300w, https:\/\/www.markus-schall.de\/wp-content\/uploads\/jan-josef-liefers-silhouette-768x512.jpg 768w, https:\/\/www.markus-schall.de\/wp-content\/uploads\/jan-josef-liefers-silhouette-18x12.jpg 18w\" \/><\/div><span class=\"dpt-thumbnail-aspect-ratio\" style=\"padding-top: 75%\"><\/span><\/div><\/div><div class=\"sub-entry\"><h3 class=\"dpt-title\"><a class=\"dpt-title-link\" href=\"https:\/\/www.markus-schall.de\/pt\/2025\/12\/jan-josef-liefers-um-retrato-da-atitude-da-origem-e-da-liberdade-artistica\/\" rel=\"bookmark\">Jan-Josef Liefers: Um retrato da atitude, das origens e da liberdade art\u00edstica<\/a><\/h3><\/div><\/div>\n\t\t\t\t\t\t<\/div><!-- .dpt-entry -->\n\t\t\t\t\t\t\t\t\t\t\t\t<div class=\"dpt-entry has-thumbnail\" data-title=\"kriegst\u00fcchtigkeit, wehrpflicht &#038; verweigerung: was im ernstfall zu tun ist\" data-id=\"2966\"  data-category=\"allgemein b\u00fccher gesellschaft tipps &amp; anleitungen\" data-post_tag=\"buch deutschland geopolitik gesundheit krisen pers\u00f6nlichkeitsentwicklung ratgeber sicherheitspolitik\">\n\t\t\t\t\t\t\t<div class=\"dpt-entry-wrapper\"><div class=\"dpt-featured-content\"><div class=\"dpt-permalink\"><a href=\"https:\/\/www.markus-schall.de\/pt\/2025\/09\/objecao-de-consciencia-ao-servico-militar-o-que-fazer-em-caso-de-emergencia\/\" class=\"dpt-permalink\"><span class=\"screen-reader-text\">Aptid\u00e3o para a guerra, recrutamento e recusa: o que fazer em caso de emerg\u00eancia<\/span><\/a><\/div><div class=\"dpt-thumbnail\"><div class=\"dpt-thumbnail-inner\"><img width=\"1536\" height=\"1024\" class=\"attachment-full size-full\" alt=\"Conscri\u00e7\u00e3o: recusar o servi\u00e7o militar\" context=\"dpt\" data-dpt-src=\"https:\/\/www.markus-schall.de\/wp-content\/uploads\/wehrpflicht-kriegsdienst-verweigern.jpg\" data-dpt-sizes=\"(max-width: 1536px) 100vw, 1536px\" data-dpt-srcset=\"https:\/\/www.markus-schall.de\/wp-content\/uploads\/wehrpflicht-kriegsdienst-verweigern.jpg 1536w, https:\/\/www.markus-schall.de\/wp-content\/uploads\/wehrpflicht-kriegsdienst-verweigern-300x200.jpg 300w, https:\/\/www.markus-schall.de\/wp-content\/uploads\/wehrpflicht-kriegsdienst-verweigern-1024x683.jpg 1024w, https:\/\/www.markus-schall.de\/wp-content\/uploads\/wehrpflicht-kriegsdienst-verweigern-768x512.jpg 768w, https:\/\/www.markus-schall.de\/wp-content\/uploads\/wehrpflicht-kriegsdienst-verweigern-18x12.jpg 18w\" \/><\/div><span class=\"dpt-thumbnail-aspect-ratio\" style=\"padding-top: 75%\"><\/span><\/div><\/div><div class=\"sub-entry\"><h3 class=\"dpt-title\"><a class=\"dpt-title-link\" href=\"https:\/\/www.markus-schall.de\/pt\/2025\/09\/objecao-de-consciencia-ao-servico-militar-o-que-fazer-em-caso-de-emergencia\/\" rel=\"bookmark\">Aptid\u00e3o para a guerra, recrutamento e recusa: o que fazer em caso de emerg\u00eancia<\/a><\/h3><\/div><\/div>\n\t\t\t\t\t\t<\/div><!-- .dpt-entry -->\n\t\t\t\t\t\t\n\t\t\t\t<\/div>\n\t\t\t\t\t\t<\/div>\n\t\t\t\n<hr \/>\n<h2>O que acontece se os n\u00edveis de armazenamento de g\u00e1s continuarem a descer?<\/h2>\n<p>A queda dos n\u00edveis de mem\u00f3ria \u00e9 inicialmente uma constata\u00e7\u00e3o estat\u00edstica. Mas, a certa altura, estas estat\u00edsticas transformam-se num desafio operacional. Nessa altura, j\u00e1 n\u00e3o se trata de previs\u00f5es ou de diagramas, mas de quest\u00f5es muito concretas: a quantidade de levantamentos di\u00e1rios ainda \u00e9 suficiente? Os picos de carga podem ser amortecidos? E at\u00e9 que ponto o sistema global se manter\u00e1 est\u00e1vel sob tens\u00e3o adicional?<\/p>\n<p>Este cap\u00edtulo n\u00e3o descreve o caso extremo, mas sim a zona de transi\u00e7\u00e3o - precisamente onde o abastecimento ainda est\u00e1 formalmente garantido, mas as margens de seguran\u00e7a est\u00e3o a diminuir consideravelmente.<\/p>\n<h3>Primeiro passo: A reserva de marcha come\u00e7a a desaparecer<\/h3>\n<p>Como descrito no cap\u00edtulo anterior, os tanques de armazenamento perdem capacidade principalmente \u00e0 medida que o n\u00edvel de enchimento desce. Enquanto o sistema permanecer no chamado intervalo de plat\u00f4, isso \u00e9 quase impercet\u00edvel. No entanto, assim que este intervalo \u00e9 ultrapassado, as condi\u00e7\u00f5es gerais alteram-se:<\/p>\n<ul>\n<li>As instala\u00e7\u00f5es de armazenamento podem fornecer menos g\u00e1s por dia<\/li>\n<li>Flexibilidade para diminuir os picos de consumo a curto prazo<\/li>\n<li>As reservas para acontecimentos inesperados est\u00e3o a diminuir<\/li>\n<\/ul>\n<p>Esta mudan\u00e7a n\u00e3o \u00e9, \u00e0 partida, vis\u00edvel para os agregados familiares. No entanto, a ind\u00fastria, os operadores de rede e os grandes consumidores aperceber-se-\u00e3o desta mudan\u00e7a muito mais cedo, porque dependem de volumes di\u00e1rios previs\u00edveis e elevados.<\/p>\n<h3>Segunda etapa: o clima e o consumo ganham subitamente import\u00e2ncia<\/h3>\n<p>Em fases de n\u00edveis de armazenamento elevados, os dias frios podem ser amortecidos com relativa facilidade. A diminui\u00e7\u00e3o dos n\u00edveis de armazenamento altera esta equa\u00e7\u00e3o. Qualquer per\u00edodo de frio adicional tem ent\u00e3o um efeito desproporcionadamente forte. Alguns graus a menos de temperatura exterior significam<\/p>\n<ul>\n<li>necessidades de aquecimento significativamente mais elevadas<\/li>\n<li>Aumento da extra\u00e7\u00e3o de g\u00e1s em poucos dias<\/li>\n<li>maior queda de press\u00e3o nos tanques de armazenamento<\/li>\n<\/ul>\n<p>O que antes era um dia normal de inverno torna-se agora um teste de stress. O abastecimento n\u00e3o entra imediatamente em colapso, mas torna-se mais sens\u00edvel \u00e0s flutua\u00e7\u00f5es.<\/p>\n<h3>Terceira etapa: A rede torna-se um fator de estrangulamento<\/h3>\n<p>As instala\u00e7\u00f5es de armazenamento de g\u00e1s fazem sempre parte de uma rede. Se a sua capacidade diminuir, outras fontes t\u00eam de intervir - como as importa\u00e7\u00f5es, os terminais de GNL ou locais de armazenamento alternativos. Mas a pr\u00f3pria rede tamb\u00e9m tem limites:<\/p>\n<ul>\n<li>As capacidades de transporte n\u00e3o s\u00e3o infinitamente escal\u00e1veis<\/li>\n<li>Os estrangulamentos regionais n\u00e3o podem ser eliminados imediatamente<\/li>\n<li>Os desvios custam tempo e esfor\u00e7o de controlo<\/li>\n<\/ul>\n<p>Nesta fase, torna-se claro porque \u00e9 que as instala\u00e7\u00f5es de armazenamento s\u00e3o distribu\u00eddas regionalmente - e porque \u00e9 que esta distribui\u00e7\u00e3o n\u00e3o \u00e9, no entanto, garantia de movimentos de igualiza\u00e7\u00e3o sem problemas.<\/p>\n<h3>Quarta etapa: a ind\u00fastria e os grandes consumidores s\u00e3o os primeiros a ser pressionados<\/h3>\n<p>Um ponto importante, muitas vezes mal compreendido: os problemas de aprovisionamento n\u00e3o come\u00e7am nos agregados familiares. Come\u00e7am com os sectores que podem - ou devem - reagir de forma flex\u00edvel. A ind\u00fastria e os grandes consumidores comerciais:<\/p>\n<ul>\n<li>requerem quantidades di\u00e1rias elevadas e constantes<\/li>\n<li>s\u00e3o tecnicamente mais control\u00e1veis<\/li>\n<li>n\u00e3o s\u00e3o considerados \u201eclientes protegidos\u201c<\/li>\n<\/ul>\n<p>Se a quantidade de g\u00e1s dispon\u00edvel por dia diminuir, s\u00e3o necess\u00e1rios ajustamentos, em primeiro lugar. Estes podem ir desde a redu\u00e7\u00e3o volunt\u00e1ria da carga e a redu\u00e7\u00e3o da produ\u00e7\u00e3o at\u00e9 \u00e0s paragens reguladas por contrato.<\/p>\n<p>Isto \u00e9 racional para a oferta global. Para as empresas afectadas, \u00e9 economicamente doloroso - e economicamente percet\u00edvel.<\/p>\n<h3>Quinto passo: A estabilidade psicol\u00f3gica torna-se um fator<\/h3>\n<p>Enquanto o g\u00e1s estiver dispon\u00edvel de forma fi\u00e1vel, a confian\u00e7a dificilmente desempenha um papel. S\u00f3 quando os n\u00edveis de armazenamento baixam \u00e9 que se torna clara a import\u00e2ncia das expectativas.<\/p>\n<ul>\n<li>As empresas est\u00e3o a proteger-se com mais cautela<\/li>\n<li>Os participantes no mercado reagem de forma mais sens\u00edvel \u00e0s not\u00edcias<\/li>\n<li>Os pre\u00e7os reagem mais rapidamente \u00e0s incertezas<\/li>\n<\/ul>\n<p>Uma loja vazia n\u00e3o tem apenas um efeito f\u00edsico, mas tamb\u00e9m um efeito psicol\u00f3gico. Altera as decis\u00f5es - por vezes mais rapidamente do que a situa\u00e7\u00e3o real de abastecimento justificaria.<\/p>\n<p>Este efeito refor\u00e7a-se a si pr\u00f3prio: A prud\u00eancia gera uma procura adicional de cobertura, o que, por sua vez, sobrecarrega o sistema.<\/p>\n<h3>Passo seis: Pequenas perturba\u00e7\u00f5es t\u00eam grandes consequ\u00eancias<\/h3>\n<p>Em sistemas com uma boa capacidade de mem\u00f3ria interm\u00e9dia, as pequenas falhas passam frequentemente despercebidas. O oposto \u00e9 verdadeiro para n\u00edveis de mem\u00f3ria baixos:<\/p>\n<ul>\n<li>A manuten\u00e7\u00e3o t\u00e9cnica est\u00e1 a tornar-se mais cr\u00edtica<\/li>\n<li>Os atrasos nas importa\u00e7\u00f5es t\u00eam um efeito mais imediato<\/li>\n<li>As aus\u00eancias n\u00e3o planeadas s\u00e3o mais dif\u00edceis de compensar<\/li>\n<\/ul>\n<p>O sistema perde a sua toler\u00e2ncia a falhas. N\u00e3o por ter sido mal concebido, mas porque os seus buffers est\u00e3o deliberadamente a diminuir.<\/p>\n<h3>O que n\u00e3o acontece automaticamente<\/h3>\n<p>\u00c9 igualmente importante indicar claramente o que n\u00e3o acontecer\u00e1 automaticamente se o armazenamento continuar a diminuir:<\/p>\n<ul>\n<li>Os agregados familiares n\u00e3o s\u00e3o subitamente desligados<\/li>\n<li>N\u00e3o existe um colapso imediato da oferta<\/li>\n<li>o sistema permanece control\u00e1vel<\/li>\n<\/ul>\n<p>Os reservat\u00f3rios de g\u00e1s n\u00e3o s\u00e3o um sistema bin\u00e1rio. N\u00e3o existe uma mudan\u00e7a de \u201etudo bem\u201c para \u201etudo mal\u201c. Em vez disso, as zonas de risco est\u00e3o a mudar - lenta mas visivelmente.<\/p>\n<h3>Porque \u00e9 que esta zona de transi\u00e7\u00e3o \u00e9 politicamente sens\u00edvel<\/h3>\n<p>Esta fase, em particular, \u00e9 dif\u00edcil em termos de comunica\u00e7\u00e3o. Oficialmente, o abastecimento ainda \u00e9 seguro, mas tecnicamente as decis\u00f5es est\u00e3o a tornar-se mais apertadas. Os avisos s\u00e3o rapidamente considerados alarmistas e as garantias ing\u00e9nuas.<\/p>\n<p>Al\u00e9m disso, as medidas destinadas a estabilizar o sistema - como as redu\u00e7\u00f5es de carga na ind\u00fastria - s\u00e3o vis\u00edveis e tang\u00edveis, embora se destinem a evitar que aconte\u00e7am coisas piores. Assim, a diminui\u00e7\u00e3o dos n\u00edveis de armazenamento \u00e9 uma quest\u00e3o que tem menos a ver com o p\u00e2nico do que com uma gest\u00e3o precoce e s\u00f3bria.<\/p>\n<p>Se os tanques de armazenamento continuarem a baixar, a t\u00f3nica passar\u00e1 da tecnologia para a organiza\u00e7\u00e3o. Nessa altura, j\u00e1 n\u00e3o se trata apenas de press\u00e3o e taxas de retirada, mas de regras, responsabilidades e prioridades.<\/p>\n<p>O pr\u00f3ximo cap\u00edtulo ir\u00e1, portanto, esclarecer: Quando \u00e9 que o Estado interv\u00e9m - e como exatamente? Quando \u00e9 declarada a escassez de g\u00e1s, quem decide sobre ela e que crit\u00e9rios s\u00e3o utilizados para a distribui\u00e7\u00e3o? S\u00f3 ent\u00e3o se torna claro como a escassez t\u00e9cnica se torna um mecanismo formal de crise - e o que isso significa em termos concretos.<\/p>\n<h3>Documenta\u00e7\u00e3o: Depend\u00eancia energ\u00e9tica, a viragem e a procura de estabilidade<\/h3>\n<p>Num document\u00e1rio da Bayerischer Rundfunk, \u00e9 abordada a quest\u00e3o central da pol\u00edtica energ\u00e9tica dos \u00faltimos anos: Qual \u00e9 a vulnerabilidade do aprovisionamento energ\u00e9tico da Alemanha e como \u00e9 que essa vulnerabilidade pode ser reduzida? A guerra na Ucr\u00e2nia p\u00f4s subitamente em evid\u00eancia a depend\u00eancia da Alemanha do carv\u00e3o, do petr\u00f3leo e do g\u00e1s russos. O governo alem\u00e3o reagiu com o objetivo de eliminar estas importa\u00e7\u00f5es o mais rapidamente poss\u00edvel, expandindo as energias renov\u00e1veis e reduzindo significativamente o consumo de energia. Simultaneamente, h\u00e1 uma preocupa\u00e7\u00e3o crescente com os estrangulamentos no abastecimento e o aumento dos pre\u00e7os. O document\u00e1rio analisa estas tens\u00f5es e interroga-se sobriamente sobre a forma como um cabaz energ\u00e9tico seguro e sustent\u00e1vel pode ser alcan\u00e7ado em condi\u00e7\u00f5es reais.<\/p>\n<div class=\"lyte-wrapper\" style=\"width:640px;max-width:100%;margin:5px;\"><div class=\"lyMe\" id=\"WYL_XfLMG8H5eOA\"><div id=\"lyte_XfLMG8H5eOA\" data-src=\"https:\/\/www.markus-schall.de\/wp-content\/plugins\/wp-youtube-lyte\/lyteCache.php?origThumbUrl=%2F%2Fi.ytimg.com%2Fvi%2FXfLMG8H5eOA%2Fhqdefault.jpg\" class=\"pL\"><div class=\"tC\"><div class=\"tT\"><\/div><\/div><div class=\"play\"><\/div><div class=\"ctrl\"><div class=\"Lctrl\"><\/div><div class=\"Rctrl\"><\/div><\/div><\/div><noscript><a href=\"https:\/\/youtu.be\/XfLMG8H5eOA\" rel=\"nofollow noopener\" target=\"_blank\"><img loading=\"lazy\" decoding=\"async\" src=\"https:\/\/www.markus-schall.de\/wp-content\/plugins\/wp-youtube-lyte\/lyteCache.php?origThumbUrl=https%3A%2F%2Fi.ytimg.com%2Fvi%2FXfLMG8H5eOA%2F0.jpg\" alt=\"Miniatura de v\u00eddeo do YouTube\" width=\"640\" height=\"340\" \/><br \/>Ver este v\u00eddeo no YouTube<\/a><\/noscript><\/div><\/div><div class=\"lL\" style=\"max-width:100%;width:640px;margin:5px;\"><\/div><br \/>\nO dilema da energia: como podemos garantir o nosso abastecimento? | Document\u00e1rio <a href=\"https:\/\/www.youtube.com\/@bayerischerrundfunk\" target=\"_blank\" rel=\"nofollow noopener\">Hist\u00f3ria da BR<\/a><\/p>\n<h2>Situa\u00e7\u00e3o jur\u00eddica e mecanismos de crise: Quando o Estado interv\u00e9m<\/h2>\n<p>A diminui\u00e7\u00e3o dos n\u00edveis de armazenamento e as taxas de retirada limitadas ainda n\u00e3o significam uma crise jur\u00eddica. O abastecimento de g\u00e1s na Alemanha est\u00e1 organizado de tal forma que os estrangulamentos t\u00e9cnicos s\u00e3o inicialmente amortecidos pelo mercado e pelas opera\u00e7\u00f5es. S\u00f3 quando estes mecanismos deixam de ser suficientes \u00e9 que entra em a\u00e7\u00e3o um quadro estatal claramente definido.<\/p>\n<p>Este quadro n\u00e3o \u00e9 uma ferramenta de improvisa\u00e7\u00e3o, mas foi preparado durante anos: o plano de emerg\u00eancia do g\u00e1s. Ele define quando, como e por quem a interven\u00e7\u00e3o deve ser efectuada - e, sobretudo, em que ordem.<\/p>\n<p>\u00c9 precisamente porque estas regras raramente s\u00e3o discutidas em p\u00fablico que surgem muitos mal-entendidos em fases de tens\u00e3o. O objetivo deste cap\u00edtulo \u00e9, por conseguinte, explicar de forma s\u00f3bria o que acontece e o que n\u00e3o acontece na pr\u00e1tica.<\/p>\n<h3>O plano de emerg\u00eancia para o g\u00e1s: tr\u00eas fases, escalonamento claro<\/h3>\n<p>A base jur\u00eddica do mecanismo de crise alem\u00e3o \u00e9 o Plano de Emerg\u00eancia do G\u00e1s, que se insere nas diretrizes europeias. O plano distingue tr\u00eas n\u00edveis de escalada, que s\u00e3o deliberadamente separados uns dos outros.<\/p>\n<p><strong>1\u00ba n\u00edvel de alerta precoce - aten\u00e7\u00e3o redobrada<\/strong><\/p>\n<p>O n\u00edvel de alerta precoce \u00e9 declarado se houver sinais de uma deteriora\u00e7\u00e3o concreta da situa\u00e7\u00e3o de abastecimento, por exemplo, devido a:<\/p>\n<ul>\n<li>tens\u00f5es geopol\u00edticas<\/li>\n<li>Problemas t\u00e9cnicos com os fornecedores<\/li>\n<li>Procura invulgarmente elevada<\/li>\n<\/ul>\n<p>Importante: Nesta fase, ainda n\u00e3o h\u00e1 coer\u00e7\u00e3o estatal. Os mecanismos de mercado continuam a funcionar, as instala\u00e7\u00f5es de armazenamento s\u00e3o utilizadas e os fluxos de abastecimento s\u00e3o ajustados. A fase de alerta precoce \u00e9, acima de tudo, um sinal: para os participantes no mercado, para os operadores da rede e para o p\u00fablico.<\/p>\n<p><strong>2\u00ba n\u00edvel de alarme - o mercado est\u00e1 a ficar sob press\u00e3o<\/strong><\/p>\n<p>O n\u00edvel de alerta marca o ponto em que a situa\u00e7\u00e3o se torna mais grave. O abastecimento ainda \u00e9 poss\u00edvel, mas j\u00e1 n\u00e3o \u00e9 est\u00e1vel. Carater\u00edsticas t\u00edpicas:<\/p>\n<ul>\n<li>Continua\u00e7\u00e3o de levantamentos elevados<\/li>\n<li>Flexibilidade de entrega limitada<\/li>\n<li>Aumento dos pre\u00e7os<\/li>\n<li>Aumento das exig\u00eancias de coordena\u00e7\u00e3o<\/li>\n<\/ul>\n<p>Tamb\u00e9m neste caso, o Estado controla, coordena e comunica - mas ainda n\u00e3o distribui ativamente o g\u00e1s. As empresas continuam a ser respons\u00e1veis pelo cumprimento dos seus contratos e pela sua seguran\u00e7a. Esta fase, em particular, \u00e9 politicamente sens\u00edvel, porque \u00e9 frequentemente acompanhada de consequ\u00eancias econ\u00f3micas significativas, sem qualquer men\u00e7\u00e3o formal de uma \u201esitua\u00e7\u00e3o de emerg\u00eancia\u201c.<\/p>\n<p><strong>3. a fase de emerg\u00eancia: quando os mecanismos de mercado j\u00e1 n\u00e3o s\u00e3o suficientes<\/strong><\/p>\n<p>O sistema s\u00f3 se altera fundamentalmente com o n\u00edvel de emerg\u00eancia. Este \u00e9 declarado quando:<\/p>\n<ul>\n<li>o mercado j\u00e1 n\u00e3o pode garantir a oferta<\/li>\n<li>as medidas t\u00e9cnicas e econ\u00f3micas foram esgotadas<\/li>\n<li>existe um risco significativo para o abastecimento de g\u00e1s<\/li>\n<\/ul>\n<p>A partir deste momento, o Estado assume um papel ativo. A Ag\u00eancia Federal da Rede, que actua como distribuidor federal de carga, \u00e9 ent\u00e3o respons\u00e1vel.<br \/>\n\u00c9 a transi\u00e7\u00e3o do controlo do mercado para a atribui\u00e7\u00e3o soberana.<\/p>\n<h3>Distribuidor de carga federal: O que significa em termos concretos<\/h3>\n<p>Enquanto distribuidor federal de carga, a Ag\u00eancia Federal da Rede n\u00e3o toma decis\u00f5es em abstrato, mas sim de forma operacional. Ela determina:<\/p>\n<ul>\n<li>que continuar\u00e3o a ser fornecidos aos consumidores<\/li>\n<li>onde as cargas s\u00e3o reduzidas<\/li>\n<li>quais s\u00e3o as paragens necess\u00e1rias<\/li>\n<\/ul>\n<p>N\u00e3o segue os humores pol\u00edticos, mas sim as prioridades legalmente definidas. O objetivo n\u00e3o \u00e9 a otimiza\u00e7\u00e3o econ\u00f3mica, mas a salvaguarda dos abastecimentos vitais.<\/p>\n<h3>Clientes protegidos: Quem tem prioridade - e porqu\u00ea<\/h3>\n<p>Um conceito central no mecanismo de crise \u00e9 o de clientes protegidos. Estes incluem, nomeadamente<\/p>\n<ul>\n<li>fam\u00edlias privadas<\/li>\n<li>Institui\u00e7\u00f5es sociais como hospitais<\/li>\n<li>certos sistemas de aquecimento urbano que abastecem os agregados familiares<\/li>\n<\/ul>\n<p>Estes grupos t\u00eam prioridade. O seu abastecimento deve ser mantido durante o m\u00e1ximo de tempo poss\u00edvel - mesmo que outros consumidores tenham de aceitar restri\u00e7\u00f5es.<\/p>\n<p>Isto n\u00e3o significa que os agregados familiares sejam \u201eintoc\u00e1veis\u201c. Mas eles est\u00e3o no fim da cadeia de interven\u00e7\u00e3o, n\u00e3o no in\u00edcio.<\/p>\n<h3>Ind\u00fastria e com\u00e9rcio: porque s\u00e3o os primeiros a ser afectados<\/h3>\n<p>A ind\u00fastria e os grandes consumidores comerciais n\u00e3o s\u00e3o considerados clientes protegidos. H\u00e1 v\u00e1rias raz\u00f5es para tal:<\/p>\n<ul>\n<li>consomem quantidades grandes e control\u00e1veis<\/li>\n<li>\u00c9 poss\u00edvel estrangular ou alternar processos<\/li>\n<li>o seu fornecimento \u00e9 tecnicamente mais f\u00e1cil de interromper<\/li>\n<\/ul>\n<p>Por conseguinte, numa situa\u00e7\u00e3o de emerg\u00eancia, \u00e9 racional come\u00e7ar por aqui. Isto pode significar<\/p>\n<ul>\n<li>Paragens reguladas contratualmente<\/li>\n<li>Paragens tempor\u00e1rias da produ\u00e7\u00e3o<\/li>\n<li>Redu\u00e7\u00f5es de carga orientadas<\/li>\n<\/ul>\n<p>Estas medidas n\u00e3o s\u00e3o um sinal de arbitrariedade, mas fazem parte de um conceito deliberado de limita\u00e7\u00e3o de danos.<\/p>\n<h3>Aplica\u00e7\u00e3o regional: a crise n\u00e3o \u00e9 a mesma em todo o lado<\/h3>\n<p>Mesmo na fase de emerg\u00eancia, n\u00e3o existe um \u201eencerramento uniforme a n\u00edvel nacional\u201c. O abastecimento de g\u00e1s est\u00e1 organizado a n\u00edvel regional e os estrangulamentos ocorrem frequentemente a n\u00edvel local ou em fun\u00e7\u00e3o da rede. Isto significa que:<\/p>\n<ul>\n<li>certas regi\u00f5es podem ser afectadas mais cedo<\/li>\n<li>outras zonas permanecem est\u00e1veis durante mais tempo<\/li>\n<li>As medidas variam em intensidade<\/li>\n<\/ul>\n<p>Esta situa\u00e7\u00e3o parece muitas vezes injusta para as pessoas afectadas. No entanto, tecnicamente, trata-se de uma consequ\u00eancia da estrutura da rede e n\u00e3o de decis\u00f5es pol\u00edticas.<\/p>\n<h3>Porque n\u00e3o existem limites percentuais fixos<\/h3>\n<p>Um erro comum: a suposi\u00e7\u00e3o de que a escassez de g\u00e1s \u00e9 automaticamente declarada a partir de um determinado n\u00edvel de armazenamento. N\u00e3o \u00e9 esse o caso. A declara\u00e7\u00e3o do n\u00edvel de emerg\u00eancia depende de:<\/p>\n<ul>\n<li>produ\u00e7\u00e3o di\u00e1ria dispon\u00edvel<\/li>\n<li>Estabilidade da rede<\/li>\n<li>Op\u00e7\u00f5es de importa\u00e7\u00e3o<\/li>\n<li>Evolu\u00e7\u00e3o do clima<\/li>\n<li>Reac\u00e7\u00f5es do mercado<\/li>\n<\/ul>\n<p>Um n\u00edvel de armazenamento de 20 % pode ser ger\u00edvel - ou cr\u00edtico. Por outro lado, um n\u00edvel mais elevado tamb\u00e9m pode ser problem\u00e1tico se as taxas de retirada forem insuficientes.<\/p>\n<p>Legalmente, n\u00e3o \u00e9 a percentagem que conta, mas a capacidade de fornecer.<\/p>\n<h3>Comunica\u00e7\u00e3o entre seguran\u00e7a e preven\u00e7\u00e3o do p\u00e2nico<\/h3>\n<p>Um aspeto subestimado do mecanismo de crise \u00e9 a comunica\u00e7\u00e3o. O Estado tem uma dupla responsabilidade:<\/p>\n<ul>\n<li>Avisar com anteced\u00eancia<\/li>\n<li>Evitar o p\u00e2nico desnecess\u00e1rio<\/li>\n<\/ul>\n<p>Alertar demasiado cedo pode desestabilizar os mercados. Agir demasiado tarde pode destruir a confian\u00e7a. \u00c9 por isso que as declara\u00e7\u00f5es oficiais s\u00e3o muitas vezes cautelosas, por vezes mesmo apaziguadoras. N\u00e3o se trata de um sinal de falta de transpar\u00eancia, mas sim de um ato de equil\u00edbrio.<\/p>\n<p>Os instrumentos jur\u00eddicos s\u00e3o claramente definidos. Entram em vigor tardiamente, de forma direcionada e de acordo com regras fixas. No entanto, o fator decisivo \u00e9 a rapidez com que um sistema \u00e9 gerido de modo a que estes instrumentos n\u00e3o sejam de todo necess\u00e1rios.<\/p>\n<p>O \u00faltimo cap\u00edtulo aborda, por isso, a quest\u00e3o central: o que \u00e9 que aprendemos com esta estrutura - e o que \u00e9 que isso significa realisticamente para a pol\u00edtica, a economia e a sociedade? N\u00e3o como um cat\u00e1logo de exig\u00eancias, mas como uma classifica\u00e7\u00e3o s\u00f3bria do que as instala\u00e7\u00f5es de armazenamento de g\u00e1s podem - e n\u00e3o podem - alcan\u00e7ar.<\/p>\n<h3>O plano de emerg\u00eancia para o g\u00e1s em resumo<\/h3>\n<div style=\"overflow: auto;\">\n<table>\n<thead>\n<tr style=\"background: #f2f2f2;\">\n<th>N\u00edvel<\/th>\n<th>O que significa<\/th>\n<th>Reac\u00e7\u00f5es do mercado<\/th>\n<th>O que pode mudar<\/th>\n<th>Quem \u00e9 afetado primeiro<\/th>\n<\/tr>\n<\/thead>\n<tbody>\n<tr>\n<td><strong>N\u00edvel de alerta precoce<\/strong><\/td>\n<td>H\u00e1 ind\u00edcios de uma deteriora\u00e7\u00e3o da situa\u00e7\u00e3o da oferta.<\/td>\n<td>Os mecanismos de mercado continuam, a armazenagem\/importa\u00e7\u00e3o \u00e9 ajustada.<\/td>\n<td>Mais controlo, mais coordena\u00e7\u00e3o, primeiras medidas de precau\u00e7\u00e3o.<\/td>\n<td>Regra geral, ningu\u00e9m o faz de imediato, mas sim com uma vigil\u00e2ncia acrescida.<\/td>\n<\/tr>\n<tr>\n<td><strong>N\u00edvel de alarme<\/strong><\/td>\n<td>A situa\u00e7\u00e3o \u00e9 tensa, o abastecimento ainda \u00e9 poss\u00edvel, mas menos est\u00e1vel.<\/td>\n<td>O mercado continua a funcionar, mas com maior press\u00e3o (pre\u00e7os, aquisi\u00e7\u00f5es, riscos).<\/td>\n<td>A redu\u00e7\u00e3o da carga pode aumentar, as empresas reagem com mais cautela.<\/td>\n<td>Muitas vezes a ind\u00fastria\/grandes consumidores voluntariamente ou contratualmente atrav\u00e9s de flexibilidades.<\/td>\n<\/tr>\n<tr>\n<td><strong>N\u00edvel de emerg\u00eancia<\/strong><\/td>\n<td>Os mecanismos de mercado j\u00e1 n\u00e3o s\u00e3o suficientes, a distribui\u00e7\u00e3o estatal torna-se necess\u00e1ria.<\/td>\n<td>O mercado passa para segundo plano; o controlo soberano torna-se poss\u00edvel.<\/td>\n<td>Prioridade do distribuidor federal de carga; atribui\u00e7\u00e3o\/desligamentos ordenados.<\/td>\n<td>Clientes n\u00e3o protegidos em primeiro lugar: grande parte da ind\u00fastria e do com\u00e9rcio.<\/td>\n<\/tr>\n<\/tbody>\n<\/table>\n<p>Mais informa\u00e7\u00f5es em <a href=\"https:\/\/www.bundesnetzagentur.de\/DE\/Gasversorgung\/FAQ\/start.html\" target=\"_blank\" rel=\"noopener\"><strong>FAQ da Ag\u00eancia Federal da Rede<\/strong><\/a><\/p>\n<\/div>\n<h2>As li\u00e7\u00f5es aprendidas: A seguran\u00e7a do aprovisionamento \u00e9 uma quest\u00e3o de equil\u00edbrio<\/h2>\n<p>As instala\u00e7\u00f5es de armazenamento de g\u00e1s s\u00e3o um elemento central de estabiliza\u00e7\u00e3o do fornecimento de energia. Equilibram as flutua\u00e7\u00f5es temporais, amortecem os picos de carga e d\u00e3o margem de manobra ao sistema. Esta intera\u00e7\u00e3o tem dado provas ao longo de d\u00e9cadas. Ao mesmo tempo, os cap\u00edtulos anteriores mostram muito claramente que as instala\u00e7\u00f5es de armazenamento de g\u00e1s n\u00e3o substituem estruturas de aprovisionamento fi\u00e1veis. Ganham tempo, mas n\u00e3o criam energia.<\/p>\n<p>A diminui\u00e7\u00e3o dos n\u00edveis de armazenagem \u00e9, portanto, menos um problema isolado do que um indicador. Indicam que a inje\u00e7\u00e3o e a retirada, a procura, o clima e os fluxos de abastecimento j\u00e1 n\u00e3o est\u00e3o em equil\u00edbrio. Quem olhar apenas para as instala\u00e7\u00f5es de armazenamento n\u00e3o consegue reconhecer o verdadeiro cerne da quest\u00e3o: a estrutura do aprovisionamento.<\/p>\n<h3>A realiza\u00e7\u00e3o original: evitar depend\u00eancias<\/h3>\n<p>Durante muito tempo, a Alemanha teve uma orienta\u00e7\u00e3o relativamente s\u00f3bria em mat\u00e9ria de pol\u00edtica energ\u00e9tica: n\u00e3o estar dependente de um \u00fanico fornecedor. Esta constata\u00e7\u00e3o n\u00e3o se baseou na ideologia, mas na experi\u00eancia. A seguran\u00e7a do aprovisionamento assenta na diversifica\u00e7\u00e3o - geogr\u00e1fica, t\u00e9cnica e contratual.<\/p>\n<p>Esta l\u00f3gica aplica-se independentemente do pa\u00eds de origem do g\u00e1s. N\u00e3o se destinava a um fornecedor espec\u00edfico, mas ao princ\u00edpio da diversifica\u00e7\u00e3o dos riscos. O g\u00e1s canalizado proveniente de diferentes direc\u00e7\u00f5es, o armazenamento como tamp\u00e3o, as estruturas comerciais flex\u00edveis - tudo isto fazia parte de um sistema concebido para ser robusto.<\/p>\n<h3>De uma depend\u00eancia para a outra?<\/h3>\n<p>Com a ren\u00fancia total ao g\u00e1s dos gasodutos russos, foi feita uma rutura politicamente justificada e altamente carregada em termos de comunica\u00e7\u00e3o. Independentemente da avalia\u00e7\u00e3o desta decis\u00e3o, coloca-se hoje uma quest\u00e3o de facto: a nova estrutura \u00e9 realmente menos dependente - ou apenas dependente de forma diferente? O atual enfoque no GNL est\u00e1 a alterar fundamentalmente a estrutura de depend\u00eancia:<\/p>\n<ul>\n<li>O g\u00e1s \u00e9 comercializado a n\u00edvel mundial, frequentemente a curto prazo e a pre\u00e7os mais vol\u00e1teis<\/li>\n<li>As cadeias de abastecimento s\u00e3o mais longas e mais suscept\u00edveis a perturba\u00e7\u00f5es<\/li>\n<li>As infra-estruturas como os terminais, o transporte e a regaseifica\u00e7\u00e3o est\u00e3o a ganhar import\u00e2ncia<\/li>\n<\/ul>\n<p>O GNL oferece flexibilidade, mas n\u00e3o substitui as rela\u00e7\u00f5es de fornecimento est\u00e1veis a longo prazo. Aqueles que dependem quase inteiramente do GNL est\u00e3o mais expostos \u00e0 din\u00e2mica do mercado global - incluindo a concorr\u00eancia por cargas, picos de pre\u00e7os e acontecimentos geopol\u00edticos fora da Europa.<\/p>\n<h3>Nord Stream, seguran\u00e7a do aprovisionamento e a quest\u00e3o da depend\u00eancia<\/h3>\n<p><a href=\"https:\/\/www.markus-schall.de\/pt\/2026\/01\/north-stream-sabotagem-politica-de-poder-e-as-incomodas-questoes-em-aberto\/\"><img loading=\"lazy\" decoding=\"async\" class=\"wp-image-4445 size-medium alignleft\" src=\"https:\/\/www.markus-schall.de\/wp-content\/uploads\/nordstream-sprengung-300x200.jpg\" alt=\"Explos\u00e3o do Nord Stream\" width=\"300\" height=\"200\" srcset=\"https:\/\/www.markus-schall.de\/wp-content\/uploads\/nordstream-sprengung-300x200.jpg 300w, https:\/\/www.markus-schall.de\/wp-content\/uploads\/nordstream-sprengung-768x512.jpg 768w, https:\/\/www.markus-schall.de\/wp-content\/uploads\/nordstream-sprengung-18x12.jpg 18w, https:\/\/www.markus-schall.de\/wp-content\/uploads\/nordstream-sprengung.jpg 1024w\" sizes=\"auto, (max-width: 300px) 100vw, 300px\" \/><\/a>A discuss\u00e3o sobre o armazenamento de g\u00e1s conduz inevitavelmente a uma quest\u00e3o mais fundamental: como \u00e9 que a Alemanha acabou por ficar nesta situa\u00e7\u00e3o de abastecimento? No meu artigo sobre o Nord Stream, tratei precisamente desta quest\u00e3o - n\u00e3o de forma pol\u00e9mica, mas anal\u00edtica. Trata-se de decis\u00f5es em mat\u00e9ria de infra-estruturas, de decis\u00f5es pol\u00edticas e da descri\u00e7\u00e3o frequentemente abreviada de \u201edepend\u00eancia\u201c. Relativamente \u00e0s instala\u00e7\u00f5es de armazenamento de g\u00e1s, torna-se claro que a decis\u00e3o de renunciar ao g\u00e1s russo por gasoduto n\u00e3o alterou apenas os fluxos de abastecimento, mas tamb\u00e9m o funcionamento de todo o sistema de abastecimento. Os n\u00edveis de armazenamento, as importa\u00e7\u00f5es de GNL e a volatilidade dos pre\u00e7os dificilmente podem ser avaliados de forma significativa sem este contexto. O <a href=\"https:\/\/www.markus-schall.de\/pt\/2026\/01\/north-stream-sabotagem-politica-de-poder-e-as-incomodas-questoes-em-aberto\/\"><strong>Artigo sobre o Nord Stream<\/strong><\/a> fornece, assim, o contexto hist\u00f3rico e estrutural necess\u00e1rio para compreender a situa\u00e7\u00e3o atual n\u00e3o de forma isolada, mas como resultado de decis\u00f5es sucessivas.<\/p>\n<h3>A seguran\u00e7a do aprovisionamento n\u00e3o \u00e9 uma quest\u00e3o de \"ou ou<\/h3>\n<p>A verdadeira li\u00e7\u00e3o do debate sobre o armazenamento n\u00e3o \u00e9, portanto, demonizar ou idealizar uma determinada fonte. \u00c9 a seguinte:<\/p>\n<p>A seguran\u00e7a do aprovisionamento \u00e9 criada atrav\u00e9s da diversidade e n\u00e3o da exclus\u00e3o. Um sistema resiliente caracteriza-se pelo facto de:<\/p>\n<ul>\n<li>v\u00e1rias fontes de abastecimento est\u00e3o dispon\u00edveis em paralelo<\/li>\n<li>existem diferentes vias de transporte<\/li>\n<li>Utilizar estrategicamente o armazenamento<\/li>\n<li>As depend\u00eancias s\u00e3o limitadas e distribu\u00eddas<\/li>\n<\/ul>\n<p>Isto inclui explicitamente o GNL. No entanto, h\u00e1 um argumento contra o facto de se fazer de uma \u00fanica l\u00f3gica de aprovisionamento o pilar dominante - por muito bem fundamentado que possa parecer no momento pol\u00edtico.<\/p>\n<h3>O armazenamento \u00e9 um sism\u00f3grafo, n\u00e3o o culpado<\/h3>\n<p>No debate p\u00fablico, as instala\u00e7\u00f5es de armazenamento de g\u00e1s s\u00e3o facilmente classificadas como a causa do problema. Na realidade, s\u00e3o mais um sism\u00f3grafo. Indicam o bom ou mau equil\u00edbrio atual do sistema global.<\/p>\n<p>N\u00edveis altos indicam relaxamento, n\u00edveis baixos indicam tens\u00f5es estruturais. Os tanques de armazenamento em si n\u00e3o s\u00e3o o problema, mas revelam onde o sistema est\u00e1 a ficar sob press\u00e3o. Se se tirarem conclus\u00f5es erradas dos n\u00edveis baixos, corre-se o risco de trabalhar com sintomas em vez de causas.<\/p>\n<p>\u00c9 precisamente por isso que faria sentido rever a estrat\u00e9gia alem\u00e3 para o g\u00e1s com sobriedade e sem exageros simb\u00f3licos. N\u00e3o com o objetivo de inverter as decis\u00f5es do passado, mas para levar a s\u00e9rio a l\u00f3gica original da diversifica\u00e7\u00e3o. Isto inclui<\/p>\n<ul>\n<li>Avaliar as fontes de abastecimento de forma funcional e n\u00e3o ideol\u00f3gica<\/li>\n<li>para nomear depend\u00eancias de forma transparente - incluindo novos<\/li>\n<li>para entender os sistemas de armazenamento pelo que eles s\u00e3o: Amortecedores, n\u00e3o linhas de vida<\/li>\n<\/ul>\n<p>Esta reavalia\u00e7\u00e3o n\u00e3o implica o abandono das posi\u00e7\u00f5es pol\u00edticas. Significa aproximar de novo a realidade t\u00e9cnica e a racionalidade estrat\u00e9gica.<\/p>\n<h3>Responsabilidade tamb\u00e9m significa manter as op\u00e7\u00f5es em aberto<\/h3>\n<p>A pol\u00edtica energ\u00e9tica \u00e9 sempre uma pol\u00edtica de incerteza. Ningu\u00e9m tem uma bola de cristal. \u00c9 precisamente por isso que \u00e9 sensato n\u00e3o fechar op\u00e7\u00f5es prematuramente. Um sistema que s\u00f3 conhece uma dire\u00e7\u00e3o n\u00e3o \u00e9 robusto, mas fr\u00e1gil - mesmo que essa dire\u00e7\u00e3o funcione bem a curto prazo.<\/p>\n<p>A Alemanha possui os conhecimentos t\u00e9cnicos, as infra-estruturas e a experi\u00eancia para explorar um sistema de abastecimento diversificado. As instala\u00e7\u00f5es de armazenamento de g\u00e1s fazem parte deste sistema. O GNL pode fazer parte desse sistema. O g\u00e1s canalizado tamb\u00e9m pode - em princ\u00edpio - fazer parte desse sistema. O fator decisivo n\u00e3o \u00e9 a fonte individual, mas o equil\u00edbrio entre elas.<\/p>\n<p>A queda dos n\u00edveis de mem\u00f3ria n\u00e3o \u00e9 motivo para p\u00e2nico. Mas s\u00e3o um motivo de reflex\u00e3o. Recordam-nos que a seguran\u00e7a do aprovisionamento n\u00e3o resulta de slogans pol\u00edticos, mas sim da realidade t\u00e9cnica, do equil\u00edbrio estrat\u00e9gico e do pensamento a longo prazo.<\/p>\n<p>Talvez a li\u00e7\u00e3o mais importante esteja precisamente aqui: N\u00e3o substitua sempre as novas depend\u00eancias pelas antigas - mas mantenha-se fiel ao que j\u00e1 reconheceu como correto.<\/p>\n<h3>Debate sobre o fracking: A quest\u00e3o por detr\u00e1s das instala\u00e7\u00f5es de armazenamento de g\u00e1s<\/h3>\n<p style=\"text-align: left;\"><a href=\"https:\/\/www.markus-schall.de\/pt\/2026\/04\/fracking-lng-e-politica-energetica-uma-analise-sobria-dos-riscos-oportunidades-e-realidade\/\"><img loading=\"lazy\" decoding=\"async\" class=\"alignleft size-medium wp-image-5621\" src=\"https:\/\/www.markus-schall.de\/wp-content\/uploads\/Fracking-Energiepolitik-300x200.jpg\" alt=\"Fracking de g\u00e1s natural e pol\u00edtica energ\u00e9tica\" width=\"300\" height=\"200\" srcset=\"https:\/\/www.markus-schall.de\/wp-content\/uploads\/Fracking-Energiepolitik-300x200.jpg 300w, https:\/\/www.markus-schall.de\/wp-content\/uploads\/Fracking-Energiepolitik-768x512.jpg 768w, https:\/\/www.markus-schall.de\/wp-content\/uploads\/Fracking-Energiepolitik-18x12.jpg 18w, https:\/\/www.markus-schall.de\/wp-content\/uploads\/Fracking-Energiepolitik.jpg 1024w\" sizes=\"auto, (max-width: 300px) 100vw, 300px\" \/><\/a>A discuss\u00e3o sobre as instala\u00e7\u00f5es de armazenamento de g\u00e1s na Alemanha centra-se normalmente nos n\u00edveis de enchimento, nas precau\u00e7\u00f5es durante o inverno e na estabilidade a curto prazo. No entanto, toca indiretamente numa quest\u00e3o mais fundamental: de onde vir\u00e1 realmente este g\u00e1s a longo prazo? \u00c9 precisamente aqui que a <a href=\"https:\/\/www.markus-schall.de\/pt\/2026\/04\/fracking-lng-e-politica-energetica-uma-analise-sobria-dos-riscos-oportunidades-e-realidade\/\"><strong>Artigo sobre o fracking na Alemanha<\/strong><\/a> para. Alarga a vis\u00e3o do armazenamento para a origem - e, por conseguinte, para a decis\u00e3o estrat\u00e9gica efectiva. Afinal de contas, instala\u00e7\u00f5es de armazenamento bem cheias n\u00e3o resolvem o problema da depend\u00eancia, mas adiam-no. O artigo sobre fracking mostra quais as op\u00e7\u00f5es que a Alemanha teria teoricamente, quais os riscos envolvidos e porque \u00e9 que esta quest\u00e3o tem sido evitada politicamente at\u00e9 \u00e0 data. Em rela\u00e7\u00e3o ao debate sobre o armazenamento, torna-se claro que n\u00e3o se trata apenas de saber qual a quantidade de g\u00e1s dispon\u00edvel, mas tamb\u00e9m como organizar o seu fornecimento de forma sustent\u00e1vel e independente.<\/p>\n<h3>Aprofundamento: Como surgem realmente os pre\u00e7os da energia - para al\u00e9m das manchetes<\/h3>\n<p><a href=\"https:\/\/www.markus-schall.de\/pt\/2025\/12\/compreender-os-elevados-precos-da-energia-na-alemanha-gas-eletricidade-e-gasolina-explicados-de-forma-simples\/\"><img loading=\"lazy\" decoding=\"async\" class=\"alignright wp-image-4112 size-medium\" src=\"https:\/\/www.markus-schall.de\/wp-content\/uploads\/energiepreise-deutschland-300x200.jpg\" alt=\"Pre\u00e7os da energia na Alemanha\" width=\"300\" height=\"200\" srcset=\"https:\/\/www.markus-schall.de\/wp-content\/uploads\/energiepreise-deutschland-300x200.jpg 300w, https:\/\/www.markus-schall.de\/wp-content\/uploads\/energiepreise-deutschland-768x512.jpg 768w, https:\/\/www.markus-schall.de\/wp-content\/uploads\/energiepreise-deutschland-18x12.jpg 18w, https:\/\/www.markus-schall.de\/wp-content\/uploads\/energiepreise-deutschland.jpg 1024w\" sizes=\"auto, (max-width: 300px) 100vw, 300px\" \/><\/a>Se quisermos compreender por que raz\u00e3o a descida ou a subida dos n\u00edveis de armazenamento de g\u00e1s desempenham um papel t\u00e3o importante, n\u00e3o h\u00e1 como contornar os mecanismos de forma\u00e7\u00e3o dos pre\u00e7os da energia. No meu estudo pormenorizado <a href=\"https:\/\/www.markus-schall.de\/pt\/2025\/12\/compreender-os-elevados-precos-da-energia-na-alemanha-gas-eletricidade-e-gasolina-explicados-de-forma-simples\/\"><strong>Artigos sobre os pre\u00e7os da energia<\/strong><\/a> Estou a investigar precisamente esta quest\u00e3o: Como s\u00e3o realmente formados os pre\u00e7os do g\u00e1s, da eletricidade e da gasolina? Que papel desempenham os custos de aquisi\u00e7\u00e3o, as tarifas de rede, os impostos, as taxas e a l\u00f3gica de mercado - e onde surgem as maiores distor\u00e7\u00f5es entre a escassez real e a perce\u00e7\u00e3o do p\u00fablico? O artigo acrescenta uma perspetiva crucial \u00e0 an\u00e1lise do armazenamento de g\u00e1s: os pre\u00e7os reagem frequentemente mais cedo e mais fortemente do que a situa\u00e7\u00e3o f\u00edsica do abastecimento. Qualquer pessoa que compreenda os pre\u00e7os pode classificar muito melhor as decis\u00f5es pol\u00edticas, as reac\u00e7\u00f5es do mercado e os encargos individuais - sem se deixar guiar por explica\u00e7\u00f5es simplificadas.<\/p>\n<hr \/>\n\n\t\t\t<div class=\"display-post-types\">\n\n\t\t\t\t\t\t\t<style type=\"text\/css\">\n\t\t\t#dpt-wrapper-94 { --dpt-text-align: left;--dpt-image-crop: center;--dpt-border-radius: 5px;--dpt-h-gutter: 10px;--dpt-v-gutter: 9px; }\t\t\t<\/style>\n\t\t\t<style type=\"text\/css\">#dpt-wrapper-94 { --dpt-title-font-style:normal;--dpt-title-font-weight:600;--dpt-title-line-height:1.5;--dpt-title-text-decoration:none;--dpt-title-text-transform:none;--dpt-excerpt-font-style:normal;--dpt-excerpt-font-weight:400;--dpt-excerpt-line-height:1.5;--dpt-excerpt-text-decoration:none;--dpt-excerpt-text-transform:none;--dpt-meta1-font-style:normal;--dpt-meta1-font-weight:400;--dpt-meta1-line-height:1.9;--dpt-meta1-text-decoration:none;--dpt-meta1-text-transform:none;--dpt-meta2-font-style:normal;--dpt-meta2-font-weight:400;--dpt-meta2-line-height:1.9;--dpt-meta2-text-decoration:none;--dpt-meta2-text-transform:none; }<\/style><div class=\"dpt-main-header\">\n\t\t\t\t\t\t<div class=\"dpt-main-title\">\n\t\t\t\t\t\t\t<span class=\"dpt-main-title-text\">Quest\u00f5es sociais da atualidade<\/span>\n\t\t\t\t\t\t<\/div>\n\t\t\t\t\t\t\n\t\t\t\t\t\t\n\t\t\t\t\t\t\n\t\t\t\t\t\t<\/div>\t\t\t\n\t\t\t\t<div id=\"dpt-wrapper-94\" class=\"dpt-wrapper dpt-mag1 land1 dpt-cropped dpt-flex-wrap\" >\n\n\t\t\t\t\t\t\t\t\t\t\t<div class=\"dpt-entry has-thumbnail\" data-title=\"taiwan verstehen: geschichte, statusfrage und die risiken einer vernetzten welt\" data-id=\"4314\"  data-category=\"allgemein gesellschaft hardware\" data-post_tag=\"europa geopolitik krisen prozesse sicherheitspolitik spieltheorie\">\n\t\t\t\t\t\t\t<div class=\"dpt-entry-wrapper\"><div class=\"dpt-featured-content\"><div class=\"dpt-permalink\"><a href=\"https:\/\/www.markus-schall.de\/pt\/2026\/01\/compreender-a-questao-do-estatuto-historico-de-taiwan-e-os-riscos-de-um-mundo-em-rede\/\" class=\"dpt-permalink\"><span class=\"screen-reader-text\">Compreender Taiwan: Hist\u00f3ria, quest\u00f5es de estatuto e os riscos de um mundo interligado<\/span><\/a><\/div><div class=\"dpt-thumbnail\"><div class=\"dpt-thumbnail-inner\"><img width=\"1024\" height=\"683\" class=\"attachment-full size-full\" alt=\"Taiwan como ponto de viragem\" context=\"dpt\" data-dpt-src=\"https:\/\/www.markus-schall.de\/wp-content\/uploads\/Taiwan-Kippunkt-Titel.jpg\" data-dpt-sizes=\"(max-width: 1024px) 100vw, 1024px\" data-dpt-srcset=\"https:\/\/www.markus-schall.de\/wp-content\/uploads\/Taiwan-Kippunkt-Titel.jpg 1024w, https:\/\/www.markus-schall.de\/wp-content\/uploads\/Taiwan-Kippunkt-Titel-300x200.jpg 300w, https:\/\/www.markus-schall.de\/wp-content\/uploads\/Taiwan-Kippunkt-Titel-768x512.jpg 768w, https:\/\/www.markus-schall.de\/wp-content\/uploads\/Taiwan-Kippunkt-Titel-18x12.jpg 18w\" \/><\/div><span class=\"dpt-thumbnail-aspect-ratio\" style=\"padding-top: 75%\"><\/span><\/div><\/div><div class=\"sub-entry\"><h3 class=\"dpt-title\"><a class=\"dpt-title-link\" href=\"https:\/\/www.markus-schall.de\/pt\/2026\/01\/compreender-a-questao-do-estatuto-historico-de-taiwan-e-os-riscos-de-um-mundo-em-rede\/\" rel=\"bookmark\">Compreender Taiwan: Hist\u00f3ria, quest\u00f5es de estatuto e os riscos de um mundo interligado<\/a><\/h3><\/div><\/div>\n\t\t\t\t\t\t<\/div><!-- .dpt-entry -->\n\t\t\t\t\t\t\t\t\t\t\t\t<div class=\"dpt-entry has-thumbnail\" data-title=\"k\u00fcnstliche intelligenz: welche jobs in gefahr sind, und wie wir uns jetzt wappnen k\u00f6nnen\" data-id=\"2940\"  data-category=\"allgemein b\u00fccher gesellschaft ki-systeme\" data-post_tag=\"buch k\u00fcnstliche intelligenz llama llm mistral mlx ollama ratgeber sprachmodell\">\n\t\t\t\t\t\t\t<div class=\"dpt-entry-wrapper\"><div class=\"dpt-featured-content\"><div class=\"dpt-permalink\"><a href=\"https:\/\/www.markus-schall.de\/pt\/2025\/09\/inteligencia-artificial-que-empregos-estao-em-perigo-e-como-nos-podemos-armar-agora\/\" class=\"dpt-permalink\"><span class=\"screen-reader-text\">Intelig\u00eancia artificial: que empregos est\u00e3o em risco e como nos podemos proteger agora<\/span><\/a><\/div><div class=\"dpt-thumbnail\"><div class=\"dpt-thumbnail-inner\"><img width=\"1024\" height=\"683\" class=\"attachment-full size-full\" alt=\"Que empregos ser\u00e3o eliminados pela IA no futuro\" context=\"dpt\" data-dpt-src=\"https:\/\/www.markus-schall.de\/wp-content\/uploads\/welche-jobs-fallen-durch-ki-weg.jpg\" data-dpt-sizes=\"(max-width: 1024px) 100vw, 1024px\" data-dpt-srcset=\"https:\/\/www.markus-schall.de\/wp-content\/uploads\/welche-jobs-fallen-durch-ki-weg.jpg 1024w, https:\/\/www.markus-schall.de\/wp-content\/uploads\/welche-jobs-fallen-durch-ki-weg-300x200.jpg 300w, https:\/\/www.markus-schall.de\/wp-content\/uploads\/welche-jobs-fallen-durch-ki-weg-768x512.jpg 768w, https:\/\/www.markus-schall.de\/wp-content\/uploads\/welche-jobs-fallen-durch-ki-weg-18x12.jpg 18w\" \/><\/div><span class=\"dpt-thumbnail-aspect-ratio\" style=\"padding-top: 75%\"><\/span><\/div><\/div><div class=\"sub-entry\"><h3 class=\"dpt-title\"><a class=\"dpt-title-link\" href=\"https:\/\/www.markus-schall.de\/pt\/2025\/09\/inteligencia-artificial-que-empregos-estao-em-perigo-e-como-nos-podemos-armar-agora\/\" rel=\"bookmark\">Intelig\u00eancia artificial: que empregos est\u00e3o em risco e como nos podemos proteger agora<\/a><\/h3><\/div><\/div>\n\t\t\t\t\t\t<\/div><!-- .dpt-entry -->\n\t\t\t\t\t\t\t\t\t\t\t\t<div class=\"dpt-entry has-thumbnail\" data-title=\"regelbasierte weltordnung und v\u00f6lkerrecht: zwischen anspruch, realit\u00e4t und rechtsbruch\" data-id=\"4275\"  data-category=\"allgemein gesellschaft\" data-post_tag=\"denkmodelle eu-gesetze europa geopolitik krisen sicherheitspolitik\">\n\t\t\t\t\t\t\t<div class=\"dpt-entry-wrapper\"><div class=\"dpt-featured-content\"><div class=\"dpt-permalink\"><a href=\"https:\/\/www.markus-schall.de\/pt\/2026\/01\/a-ordem-mundial-baseada-em-regras-e-o-direito-internacional-entre-a-realidade-e-a-violacao-da-lei\/\" class=\"dpt-permalink\"><span class=\"screen-reader-text\">A ordem mundial baseada em regras e o direito internacional: entre a reivindica\u00e7\u00e3o, a realidade e a viola\u00e7\u00e3o do direito<\/span><\/a><\/div><div class=\"dpt-thumbnail\"><div class=\"dpt-thumbnail-inner\"><img width=\"1024\" height=\"683\" class=\"attachment-full size-full\" alt=\"Direito internacional e ordem mundial baseada em regras\" context=\"dpt\" data-dpt-src=\"https:\/\/www.markus-schall.de\/wp-content\/uploads\/voelkerrecht-weltordnung-titel.jpg\" data-dpt-sizes=\"(max-width: 1024px) 100vw, 1024px\" data-dpt-srcset=\"https:\/\/www.markus-schall.de\/wp-content\/uploads\/voelkerrecht-weltordnung-titel.jpg 1024w, https:\/\/www.markus-schall.de\/wp-content\/uploads\/voelkerrecht-weltordnung-titel-300x200.jpg 300w, https:\/\/www.markus-schall.de\/wp-content\/uploads\/voelkerrecht-weltordnung-titel-768x512.jpg 768w, https:\/\/www.markus-schall.de\/wp-content\/uploads\/voelkerrecht-weltordnung-titel-18x12.jpg 18w\" \/><\/div><span class=\"dpt-thumbnail-aspect-ratio\" style=\"padding-top: 75%\"><\/span><\/div><\/div><div class=\"sub-entry\"><h3 class=\"dpt-title\"><a class=\"dpt-title-link\" href=\"https:\/\/www.markus-schall.de\/pt\/2026\/01\/a-ordem-mundial-baseada-em-regras-e-o-direito-internacional-entre-a-realidade-e-a-violacao-da-lei\/\" rel=\"bookmark\">A ordem mundial baseada em regras e o direito internacional: entre a reivindica\u00e7\u00e3o, a realidade e a viola\u00e7\u00e3o do direito<\/a><\/h3><\/div><\/div>\n\t\t\t\t\t\t<\/div><!-- .dpt-entry -->\n\t\t\t\t\t\t\t\t\t\t\t\t<div class=\"dpt-entry has-thumbnail\" data-title=\"vom content zur substanz: wie digitale systeme entstehen, die nicht kopierbar sind\" data-id=\"5899\"  data-category=\"allgemein b\u00fccher gesellschaft tipps &amp; anleitungen\" data-post_tag=\"buch datenlogik denkmodelle digitales eigentum erfahrungen k\u00fcnstliche intelligenz prozesse publishing ratgeber\">\n\t\t\t\t\t\t\t<div class=\"dpt-entry-wrapper\"><div class=\"dpt-featured-content\"><div class=\"dpt-permalink\"><a href=\"https:\/\/www.markus-schall.de\/pt\/2026\/04\/do-conteudo-a-substancia-como-sao-criados-sistemas-digitais-que-nao-podem-ser-copiados\/\" class=\"dpt-permalink\"><span class=\"screen-reader-text\">Do conte\u00fado \u00e0 subst\u00e2ncia: como se criam sistemas digitais que n\u00e3o podem ser copiados<\/span><\/a><\/div><div class=\"dpt-thumbnail\"><div class=\"dpt-thumbnail-inner\"><img width=\"1024\" height=\"682\" class=\"attachment-full size-full\" alt=\"Sistema em vez de conte\u00fado individual\" context=\"dpt\" data-dpt-src=\"https:\/\/www.markus-schall.de\/wp-content\/uploads\/Organische-Reichweite.jpg\" data-dpt-sizes=\"(max-width: 1024px) 100vw, 1024px\" data-dpt-srcset=\"https:\/\/www.markus-schall.de\/wp-content\/uploads\/Organische-Reichweite.jpg 1024w, https:\/\/www.markus-schall.de\/wp-content\/uploads\/Organische-Reichweite-300x200.jpg 300w, https:\/\/www.markus-schall.de\/wp-content\/uploads\/Organische-Reichweite-768x512.jpg 768w, https:\/\/www.markus-schall.de\/wp-content\/uploads\/Organische-Reichweite-18x12.jpg 18w\" \/><\/div><span class=\"dpt-thumbnail-aspect-ratio\" style=\"padding-top: 75%\"><\/span><\/div><\/div><div class=\"sub-entry\"><h3 class=\"dpt-title\"><a class=\"dpt-title-link\" href=\"https:\/\/www.markus-schall.de\/pt\/2026\/04\/do-conteudo-a-substancia-como-sao-criados-sistemas-digitais-que-nao-podem-ser-copiados\/\" rel=\"bookmark\">Do conte\u00fado \u00e0 subst\u00e2ncia: como se criam sistemas digitais que n\u00e3o podem ser copiados<\/a><\/h3><\/div><\/div>\n\t\t\t\t\t\t<\/div><!-- .dpt-entry -->\n\t\t\t\t\t\t\n\t\t\t\t<\/div>\n\t\t\t\t\t\t<\/div>\n\t\t\t\n<hr \/>\n<h2>Perguntas mais frequentes<\/h2>\n<ol>\n<li><strong>Por que raz\u00e3o s\u00e3o as instala\u00e7\u00f5es de armazenamento de g\u00e1s t\u00e3o importantes para o aprovisionamento, se h\u00e1 um aprovisionamento cont\u00ednuo de g\u00e1s?<\/strong><br \/>\nA armazenagem de g\u00e1s equilibra a contradi\u00e7\u00e3o fundamental entre fluxos de abastecimento relativamente regulares e um consumo fortemente flutuante. Embora o g\u00e1s seja importado durante todo o ano, a procura aumenta consideravelmente no inverno. As instala\u00e7\u00f5es de armazenamento assumem a tarefa de disponibilizar os excedentes do ver\u00e3o para o inverno. Sem elas, o sistema seria inst\u00e1vel, mesmo com fornecedores fi\u00e1veis.<\/li>\n<li><strong>O que significa um n\u00edvel de armazenamento de cerca de 40 por cento?<\/strong><br \/>\nUm n\u00edvel de enchimento de 40 por cento \u00e9 inicialmente um instant\u00e2neo, n\u00e3o uma declara\u00e7\u00e3o direta sobre seguran\u00e7a ou perigo. Os factores decisivos s\u00e3o o momento em que este n\u00edvel \u00e9 atingido, o n\u00edvel de consumo atual, as taxas de retirada poss\u00edveis e os fluxos de abastecimento que funcionam em paralelo. No outono, esse valor pode n\u00e3o ser cr\u00edtico, mas no final do inverno pode ser um sinal de alerta.<\/li>\n<li><strong>Porque \u00e9 que n\u00e3o basta olhar para as percentagens?<\/strong><br \/>\nAs percentagens sugerem uma l\u00f3gica linear que n\u00e3o existe nos dep\u00f3sitos de armazenamento de g\u00e1s. \u00c0 medida que o n\u00edvel de enchimento diminui, n\u00e3o s\u00f3 a quantidade armazenada diminui, mas tamb\u00e9m a capacidade do tanque de armazenamento. O fator decisivo \u00e9, portanto, n\u00e3o s\u00f3 a quantidade de g\u00e1s ainda dispon\u00edvel, mas tamb\u00e9m a rapidez com que pode ser retirado.<\/li>\n<li><strong>O que \u00e9 exatamente o g\u00e1s de almofada e porque n\u00e3o pode ser utilizado?<\/strong><br \/>\nO g\u00e1s de almofada \u00e9 a quantidade de g\u00e1s que permanece permanentemente no dep\u00f3sito de armazenamento para manter a press\u00e3o necess\u00e1ria. Sem este g\u00e1s, o dep\u00f3sito de armazenamento n\u00e3o funcionaria tecnicamente ou ficaria danificado. Por conseguinte, n\u00e3o faz parte do abastecimento dispon\u00edvel, mesmo que esteja matematicamente \u201eno reservat\u00f3rio\u201c.<\/li>\n<li><strong>Porque \u00e9 que a taxa de retirada diminui quando os tanques de armazenamento ficam vazios?<\/strong><br \/>\nO g\u00e1s \u00e9 transportado atrav\u00e9s de diferen\u00e7as de press\u00e3o. Quanto mais cheio estiver um tanque de armazenamento, maior ser\u00e1 a press\u00e3o e mais f\u00e1cil ser\u00e1 retirar o g\u00e1s. Se o n\u00edvel de enchimento baixar, a press\u00e3o diminui - e com ela a retirada di\u00e1ria m\u00e1xima poss\u00edvel. A certa altura, j\u00e1 n\u00e3o \u00e9 a quantidade, mas a capacidade que se torna o estrangulamento.<\/li>\n<li><strong>O que significa o limiar frequentemente mencionado de cerca de 15 por cento de n\u00edvel de enchimento?<\/strong><br \/>\nEste valor n\u00e3o \u00e9 um limite t\u00e9cnico fixo, mas um guia aproximado. Descreve um intervalo no qual muitos tanques de armazenamento deixaram a sua fase de extra\u00e7\u00e3o est\u00e1vel e o seu desempenho cai drasticamente. Dependendo do tipo de dep\u00f3sito de armazenamento, este intervalo cr\u00edtico pode ser atingido mais cedo ou mais tarde.<\/li>\n<li><strong>Pode uma mem\u00f3ria estar \u201emeio cheia\u201c e continuar a causar problemas?<\/strong><br \/>\nSim, uma instala\u00e7\u00e3o de armazenamento pode, matematicamente, conter ainda grandes quantidades de g\u00e1s, mas j\u00e1 n\u00e3o fornecer g\u00e1s suficiente por dia para cobrir a procura atual. Neste caso, surge um problema de aprovisionamento, mesmo que a instala\u00e7\u00e3o de armazenamento n\u00e3o esteja vazia.<\/li>\n<li><strong>Que papel desempenha o clima na queda dos n\u00edveis de mem\u00f3ria?<\/strong><br \/>\n\u00c0 medida que os n\u00edveis de armazenamento diminuem, os sistemas reagem de forma mais sens\u00edvel aos per\u00edodos de frio. Cada grau adicional de frio aumenta significativamente o consumo. Embora os n\u00edveis elevados de armazenamento possam amortecer esses picos, os n\u00edveis baixos t\u00eam um impacto negativo imediato nas taxas de consumo e nas redes.<\/li>\n<li><strong>Porque \u00e9 que a ind\u00fastria e os grandes consumidores s\u00e3o os primeiros a ser afectados?<\/strong><br \/>\nA ind\u00fastria e as grandes empresas comerciais n\u00e3o s\u00e3o legalmente consideradas clientes protegidos. Consomem grandes quantidades control\u00e1veis e s\u00e3o tecnicamente mais f\u00e1ceis de estrangular ou desligar. \u00c9 por isso que o sistema come\u00e7a por a\u00ed, a fim de proteger as fam\u00edlias durante o m\u00e1ximo de tempo poss\u00edvel.<\/li>\n<li><strong>O que s\u00e3o exatamente \u201eclientes protegidos\u201c?<\/strong><br \/>\nOs clientes protegidos incluem principalmente agregados familiares, hospitais e determinadas institui\u00e7\u00f5es sociais, bem como sistemas de aquecimento urbano que abastecem agregados familiares. O seu abastecimento tem prioridade sobre o dos outros consumidores em caso de crise do g\u00e1s.<\/li>\n<li><strong>Quando \u00e9 que o Estado interv\u00e9m efetivamente na distribui\u00e7\u00e3o do g\u00e1s?<\/strong><br \/>\nApenas na chamada fase de emerg\u00eancia do plano de emerg\u00eancia para o g\u00e1s. Enquanto os mecanismos de mercado continuarem a funcionar, o Estado n\u00e3o interv\u00e9m diretamente. S\u00f3 quando o abastecimento j\u00e1 n\u00e3o pode ser assegurado de outra forma \u00e9 que a Ag\u00eancia Federal da Rede assume o controlo como distribuidor federal de carga.<\/li>\n<li><strong>Existem n\u00edveis fixos de armazenagem a partir dos quais \u00e9 automaticamente desencadeada uma situa\u00e7\u00e3o de escassez de g\u00e1s?<\/strong><br \/>\nN\u00e3o. N\u00e3o existem limites percentuais fixos. Os factores decisivos s\u00e3o as taxas de retirada, a estabilidade da rede, as condi\u00e7\u00f5es meteorol\u00f3gicas, as op\u00e7\u00f5es de importa\u00e7\u00e3o e a situa\u00e7\u00e3o geral. Um determinado n\u00edvel de armazenamento n\u00e3o desencadeia, por si s\u00f3, uma escalada legal.<\/li>\n<li><strong>Porque \u00e9 que a comunica\u00e7\u00e3o oficial \u00e9 muitas vezes apaziguadora?<\/strong><br \/>\nPorque a pr\u00f3pria comunica\u00e7\u00e3o faz parte da gest\u00e3o de crises. Os avisos demasiado precoces ou demasiado dr\u00e1sticos podem desestabilizar os mercados e desencadear o p\u00e2nico. Ao mesmo tempo, \u00e9 importante n\u00e3o reagir demasiado tarde. Este equil\u00edbrio conduz frequentemente a uma linguagem cautelosa e t\u00e9cnica.<\/li>\n<li><strong>As instala\u00e7\u00f5es de armazenamento de g\u00e1s s\u00e3o respons\u00e1veis pelo aumento dos pre\u00e7os da energia?<\/strong><br \/>\nN\u00e3o. As instala\u00e7\u00f5es de armazenagem de g\u00e1s reagem \u00e0s condi\u00e7\u00f5es do mercado, n\u00e3o as provocam. Os pre\u00e7os resultam da oferta, da procura, dos custos de aprovisionamento, das tarifas de rede e das condi\u00e7\u00f5es de enquadramento pol\u00edtico. Os n\u00edveis de armazenamento actuam mais como um amplificador do sentimento do mercado.<\/li>\n<li><strong>Porque \u00e9 que os pre\u00e7os da energia continuam a desempenhar um papel importante na quest\u00e3o do armazenamento?<\/strong><br \/>\nPorque os pre\u00e7os reagem frequentemente mais depressa do que a oferta f\u00edsica. O aumento dos pre\u00e7os pode ocorrer mesmo que ainda haja g\u00e1s suficiente dispon\u00edvel - por exemplo, se houver incerteza quanto \u00e0s taxas de retirada futuras ou aos fluxos de abastecimento. Se quisermos compreender os pre\u00e7os, temos de analisar conjuntamente a armazenagem, os mercados e as expectativas.<\/li>\n<li><strong>O que \u00e9 que o Nord Stream tem a ver com os n\u00edveis de mem\u00f3ria actuais?<\/strong><br \/>\nA perda do g\u00e1s canalizado da R\u00fassia alterou fundamentalmente a estrutura do aprovisionamento de g\u00e1s. A rela\u00e7\u00e3o entre as instala\u00e7\u00f5es de armazenamento, as importa\u00e7\u00f5es de GNL e a volatilidade dos pre\u00e7os \u00e9 atualmente diferente da que existia anteriormente. As instala\u00e7\u00f5es de armazenamento t\u00eam de fazer mais porque os fluxos de abastecimento s\u00e3o menos constantes.<\/li>\n<li><strong>O GNL \u00e9 uma alternativa segura ao g\u00e1s canalizado?<\/strong><br \/>\nO GNL oferece flexibilidade e diversifica\u00e7\u00e3o, mas \u00e9 mais dependente do mercado global. Os pre\u00e7os s\u00e3o mais vol\u00e1teis, as cadeias de abastecimento s\u00e3o mais longas e a concorr\u00eancia pelas cargas \u00e9 maior. O GNL pode complementar o g\u00e1s canalizado, mas n\u00e3o substitui as rela\u00e7\u00f5es de aprovisionamento est\u00e1veis a longo prazo.<\/li>\n<li><strong>Qual \u00e9 a li\u00e7\u00e3o mais importante a retirar de todo o debate sobre o armazenamento de g\u00e1s?<\/strong><br \/>\nA seguran\u00e7a do aprovisionamento n\u00e3o \u00e9 conseguida atrav\u00e9s da exclus\u00e3o, mas sim atrav\u00e9s do equil\u00edbrio. As instala\u00e7\u00f5es de armazenamento de g\u00e1s s\u00e3o amortecedores e n\u00e3o uma solu\u00e7\u00e3o em si. O fator decisivo \u00e9 uma estrutura diversificada composta por diferentes fontes de abastecimento, rotas de transporte e instala\u00e7\u00f5es de armazenamento - exatamente o que a pr\u00f3pria Alemanha formulou inicialmente como objetivo.<\/li>\n<\/ol>\n<hr \/>\n<h2>Not\u00edcias mais antigas sobre o artigo<\/h2>\n<p><strong>20.02.2026<\/strong>De acordo com a T-Online, as instala\u00e7\u00f5es de armazenamento de g\u00e1s alem\u00e3s s\u00e3o atualmente apenas <a href=\"https:\/\/www.t-online.de\/heim-garten\/aktuelles\/id_101134782\/gasspeicher-fuellstand-sinkt-weiter-im-fruehjahr-drohen-neue-probleme.html\" target=\"_blank\" rel=\"noopener\"><strong>cerca de um quinto cheio<\/strong><\/a>, que se situa muito abaixo das m\u00e9dias hist\u00f3ricas e pode comportar novos riscos na primavera. As simula\u00e7\u00f5es efectuadas por peritos mostram que, em condi\u00e7\u00f5es meteorol\u00f3gicas normais, os n\u00edveis de armazenagem poderiam descer para cerca de 16 % at\u00e9 ao final de mar\u00e7o, antes de se verificar um ligeiro aumento. Num cen\u00e1rio de frio extremo, seriam mesmo poss\u00edveis n\u00edveis inferiores a 10 %, embora os peritos o considerem improv\u00e1vel. Embora os modelos e as autoridades n\u00e3o prevejam atualmente uma falta total de armazenagem, a evolu\u00e7\u00e3o futura continua estreitamente ligada \u00e0s condi\u00e7\u00f5es meteorol\u00f3gicas, \u00e0 procura e aos fluxos de importa\u00e7\u00e3o.<\/p>\n<p><strong>17.02.2026<\/strong>Num v\u00eddeo recente do partido afiliado \u00e0 CDU <a href=\"https:\/\/www.unionstiftung.de\" target=\"_blank\" rel=\"noopener\">Funda\u00e7\u00e3o Uni\u00e3o<\/a> analisa a situa\u00e7\u00e3o do aprovisionamento de g\u00e1s na Alemanha com vista ao inverno de 2026. S\u00e3o discutidos os baixos n\u00edveis de armazenamento, a crescente depend\u00eancia das importa\u00e7\u00f5es de GNL dos EUA, da Noruega e do Qatar e a situa\u00e7\u00e3o particular no sul da Alemanha, especialmente na Baviera. A liga\u00e7\u00e3o entre os pre\u00e7os do g\u00e1s e da eletricidade \u00e9 tamb\u00e9m explicada, uma vez que o aumento dos pre\u00e7os do g\u00e1s tem um impacto direto no mercado da eletricidade atrav\u00e9s da ordem de m\u00e9rito. A crescente procura de energia devido aos centros de dados de IA e \u00e0s novas centrais el\u00e9ctricas a g\u00e1s em todo o mundo \u00e9 tamb\u00e9m classificada como um fator adicional de sobrecarga.<\/p>\n<div class=\"lyte-wrapper\" style=\"width:640px;max-width:100%;margin:5px;\"><div class=\"lyMe\" id=\"WYL_N5_Klb4AuIc\"><div id=\"lyte_N5_Klb4AuIc\" data-src=\"https:\/\/www.markus-schall.de\/wp-content\/plugins\/wp-youtube-lyte\/lyteCache.php?origThumbUrl=%2F%2Fi.ytimg.com%2Fvi%2FN5_Klb4AuIc%2Fhqdefault.jpg\" class=\"pL\"><div class=\"tC\"><div class=\"tT\"><\/div><\/div><div class=\"play\"><\/div><div class=\"ctrl\"><div class=\"Lctrl\"><\/div><div class=\"Rctrl\"><\/div><\/div><\/div><noscript><a href=\"https:\/\/youtu.be\/N5_Klb4AuIc\" rel=\"nofollow noopener\" target=\"_blank\"><img loading=\"lazy\" decoding=\"async\" src=\"https:\/\/www.markus-schall.de\/wp-content\/plugins\/wp-youtube-lyte\/lyteCache.php?origThumbUrl=https%3A%2F%2Fi.ytimg.com%2Fvi%2FN5_Klb4AuIc%2F0.jpg\" alt=\"Miniatura de v\u00eddeo do YouTube\" width=\"640\" height=\"340\" \/><br \/>Ver este v\u00eddeo no YouTube<\/a><\/noscript><\/div><\/div><div class=\"lL\" style=\"max-width:100%;width:640px;margin:5px;\"><\/div><br \/>\nAumento do pre\u00e7o do g\u00e1s, explos\u00e3o dos custos da eletricidade - o que nos espera? | <a href=\"https:\/\/www.youtube.com\/@UnionStiftung\" target=\"_blank\" rel=\"nofollow noopener\">Funda\u00e7\u00e3o Uni\u00e3o<\/a><\/p>\n<p><strong>16.02.2026<\/strong>De acordo com informa\u00e7\u00f5es do <a href=\"https:\/\/apollo-news.net\/eisbrecher-fllt-aus-gaslieferung-per-lng-tanker-gestoppt\/\" target=\"_blank\" rel=\"noopener\"><strong>Not\u00edcias Apollo<\/strong><\/a> s\u00e3o os alem\u00e3es <strong>As importa\u00e7\u00f5es de GNL registaram recentemente uma quebra significativa<\/strong> - para o seu n\u00edvel mais baixo este inverno. Uma das raz\u00f5es para tal \u00e9 o facto de o gelo ao largo da ilha de R\u00fcgen ter dificultado o acesso ao terminal de GNL em Mukran, uma vez que ve\u00edculos como os quebra-gelos n\u00e3o conseguiram passar em n\u00famero suficiente ou sem problemas t\u00e9cnicos. Este facto atrasa o descarregamento dos navios-tanque de GNL, o que representa um encargo adicional para a rota de importa\u00e7\u00e3o. O governo alem\u00e3o continua a confiar na infraestrutura de GNL para garantir o abastecimento, mas estes desafios log\u00edsticos ilustram a sensibilidade com que estas rotas de abastecimento podem reagir \u00e0s condi\u00e7\u00f5es climat\u00e9ricas sazonais.<\/p>\n<p><strong>11.02.2026<\/strong>De acordo com a publica\u00e7\u00e3o financeira <a href=\"https:\/\/www.deraktionaer.de\/artikel\/gold-rohstoffe\/gas-notfallplan-dieser-verdoppler-kandidat-muss-ins-depot-20395110.html\" target=\"_blank\" rel=\"noopener\"><strong>O ACCIONISTA<\/strong><\/a> a atual situa\u00e7\u00e3o de tens\u00e3o das instala\u00e7\u00f5es de armazenamento de g\u00e1s alem\u00e3s \u00e9 motivo de novas avalia\u00e7\u00f5es financeiras. Num relat\u00f3rio atual intitulado <strong><em>\u201ePlano de emerg\u00eancia para o g\u00e1s\u201c<\/em><\/strong> salienta que os n\u00edveis de armazenagem desceram abaixo do n\u00edvel cr\u00edtico de cerca de 30 % e poder\u00e3o descer ainda mais. Os peritos alertam para o facto de uma nova redu\u00e7\u00e3o para menos de 20 % poder conduzir a medidas legais de emerg\u00eancia, como a redu\u00e7\u00e3o do fornecimento de g\u00e1s \u00e0 ind\u00fastria, a fim de proteger as fam\u00edlias e as instala\u00e7\u00f5es cr\u00edticas. Neste contexto, o relat\u00f3rio v\u00ea oportunidades potenciais para os investidores em certas ac\u00e7\u00f5es do sector da energia e do g\u00e1s no atual ambiente de mercado - especialmente com riscos de abastecimento a longo prazo.<\/p>\n<p><strong>10.02.2026<\/strong>Como mostram v\u00e1rios c\u00e1lculos actuais, o desenvolvimento do armazenamento de g\u00e1s depende fortemente das condi\u00e7\u00f5es meteorol\u00f3gicas nas pr\u00f3ximas semanas. Este facto \u00e9 referido pela Apollo News numa <a href=\"https:\/\/apollo-news.net\/zwei-grad-weniger-dann-sind-alle-gasspeicher-im-april-leer\/\" target=\"_blank\" rel=\"noopener\"><strong>contribui\u00e7\u00e3o atual<\/strong><\/a>. Numa an\u00e1lise de cen\u00e1rios, que tamb\u00e9m foi recentemente divulgada nos meios de comunica\u00e7\u00e3o social, a associa\u00e7\u00e3o industrial DVGW chegou \u00e0 conclus\u00e3o de que mesmo desvios de temperatura relativamente pequenos podem ter um impacto significativo no consumo e nas exist\u00eancias remanescentes. Se, em m\u00e9dia, estiverem apenas alguns graus mais frios, os dep\u00f3sitos de armazenamento esvaziar-se-\u00e3o muito mais rapidamente do que o previsto e, em determinadas circunst\u00e2ncias <strong>ser completamente esvaziado em abril<\/strong>. Ao mesmo tempo, os peritos sublinham que se trata de c\u00e1lculos de modelos baseados em determinados pressupostos e n\u00e3o de uma previs\u00e3o concreta. No entanto, estes cen\u00e1rios ilustram a sensibilidade com que o sistema reage \u00e0s altera\u00e7\u00f5es da procura, dos volumes de importa\u00e7\u00e3o e das condi\u00e7\u00f5es meteorol\u00f3gicas.<\/p>\n<p><strong>07.02.2026<\/strong>De acordo com um <a href=\"https:\/\/www.capital.de\/wirtschaft-politik\/gasspeicher-leer--bayern-wird-zum-sorgenfall-bei-der-gasversorgung-37109514.html\" target=\"_blank\" rel=\"noopener\"><strong>Relat\u00f3rio da Capital<\/strong><\/a> As instala\u00e7\u00f5es de armazenamento de g\u00e1s na Alemanha est\u00e3o de novo na berlinda: embora as autoridades considerem que a situa\u00e7\u00e3o de abastecimento \u00e9 segura, os n\u00fameros actuais no sul do pa\u00eds <strong>N\u00edveis de enchimento particularmente baixos<\/strong>. Na Baviera, os n\u00edveis de armazenamento est\u00e3o significativamente abaixo da m\u00e9dia nacional em alguns casos, o que os representantes do sector descrevem como um desafio particular para a rede de g\u00e1s, uma vez que o g\u00e1s tem de ser transportado do norte da Alemanha e atrav\u00e9s de importa\u00e7\u00f5es de GNL para o sul. Apesar de um abastecimento oficialmente suficiente, a tens\u00e3o est\u00e1 a aumentar no sector, especialmente porque as instala\u00e7\u00f5es de armazenamento na Baviera est\u00e3o significativamente menos cheias do que em anos anteriores. Segundo a Kapital, os incentivos econ\u00f3micos para o armazenamento s\u00e3o atualmente baixos, o que significa que as capacidades de armazenamento n\u00e3o est\u00e3o a ser utilizadas como habitualmente.<\/p>\n<p><strong>05.02.2026<\/strong>Na entrevista que se segue \u00e0 Apollo News, o especialista em energia Fritz Vahrenholt alerta para uma situa\u00e7\u00e3o tensa no sector do g\u00e1s. Fala do aumento dos pre\u00e7os, de poss\u00edveis paragens industriais e v\u00ea o abastecimento cada vez mais dependente das condi\u00e7\u00f5es meteorol\u00f3gicas. Ao mesmo tempo, critica as decis\u00f5es de pol\u00edtica energ\u00e9tica e apela a uma avalia\u00e7\u00e3o mais realista da atual situa\u00e7\u00e3o do armazenamento e do mercado. Avalia\u00e7\u00f5es deste tipo mostram que o debate sobre a seguran\u00e7a do aprovisionamento se desenrola atualmente mais no \u00e2mbito de entrevistas individuais e de especialistas, ao passo que uma discuss\u00e3o p\u00fablica mais alargada s\u00f3 foi vis\u00edvel at\u00e9 agora de forma limitada.<\/p>\n<div class=\"lyte-wrapper\" style=\"width:640px;max-width:100%;margin:5px;\"><div class=\"lyMe\" id=\"WYL_Qx45h_G45Pk\"><div id=\"lyte_Qx45h_G45Pk\" data-src=\"https:\/\/www.markus-schall.de\/wp-content\/plugins\/wp-youtube-lyte\/lyteCache.php?origThumbUrl=%2F%2Fi.ytimg.com%2Fvi%2FQx45h_G45Pk%2Fhqdefault.jpg\" class=\"pL\"><div class=\"tC\"><div class=\"tT\"><\/div><\/div><div class=\"play\"><\/div><div class=\"ctrl\"><div class=\"Lctrl\"><\/div><div class=\"Rctrl\"><\/div><\/div><\/div><noscript><a href=\"https:\/\/youtu.be\/Qx45h_G45Pk\" rel=\"nofollow noopener\" target=\"_blank\"><img loading=\"lazy\" decoding=\"async\" src=\"https:\/\/www.markus-schall.de\/wp-content\/plugins\/wp-youtube-lyte\/lyteCache.php?origThumbUrl=https%3A%2F%2Fi.ytimg.com%2Fvi%2FQx45h_G45Pk%2F0.jpg\" alt=\"Miniatura de v\u00eddeo do YouTube\" width=\"640\" height=\"340\" \/><br \/>Ver este v\u00eddeo no YouTube<\/a><\/noscript><\/div><\/div><div class=\"lL\" style=\"max-width:100%;width:640px;margin:5px;\"><\/div><\/p>\n<p>\u201eTudo o que podemos fazer \u00e9 esperar pelo tempo\u201c - Fritz Vahrenholt | <a href=\"https:\/\/www.youtube.com\/@apollonewsnet\" target=\"_blank\" rel=\"nofollow noopener\">Not\u00edcias Apollo<\/a><\/p>\n<p><strong>03.02.2026<\/strong>: Alto <a href=\"https:\/\/www.berliner-zeitung.de\/wirtschaft-verantwortung\/gasspeicher-auf-tiefstand-jetzt-will-deutschland-eu-vorgaben-neu-ordnen-li.10017030\" target=\"_blank\" rel=\"noopener\"><strong>Jornal de Not\u00edcias de Berlim<\/strong><\/a> As instala\u00e7\u00f5es de armazenamento de g\u00e1s da Alemanha encontram-se atualmente a um n\u00edvel historicamente baixo: em 1 de fevereiro de 2026, s\u00f3 estavam cheias at\u00e9 cerca de 32 % - um <strong>muito abaixo dos valores-guia sazonais da UE<\/strong>, que prev\u00eaem n\u00edveis de enchimento mais elevados nesta altura. Este desenvolvimento est\u00e1 a criar press\u00e3o pol\u00edtica para agir. De acordo com os meios de comunica\u00e7\u00e3o social, o Governo alem\u00e3o est\u00e1 a estudar a possibilidade de introduzir um novo regulamento de armazenamento depois de as regras de armazenamento da UE expirarem em 2027. <strong>Realinhamento das obriga\u00e7\u00f5es<\/strong>, por exemplo, dando maior \u00eanfase \u00e0s reservas estrat\u00e9gicas nacionais em vez de objectivos m\u00ednimos obrigat\u00f3rios da UE para todos os operadores de sistemas de armazenamento. O pano de fundo \u00e9 a quest\u00e3o de saber como dever\u00e1 ser organizada a seguran\u00e7a do aprovisionamento no futuro, se forem abolidos os objectivos vinculativos da UE.<\/p>\n<p><strong>01.02.2026<\/strong>Outro aspeto da atual situa\u00e7\u00e3o do g\u00e1s s\u00e3o os fluxos transfronteiri\u00e7os de g\u00e1s na Europa. Dados da plataforma do operador de rede europeu <a href=\"https:\/\/transparency.entsog.eu\" target=\"_blank\" rel=\"noopener\"><strong>ENTSO-G<\/strong><\/a> mostram que a Alemanha exporta ocasionalmente quantidades significativas de g\u00e1s para o Leste, incluindo para a Pol\u00f3nia. Isto acontece apesar do facto de as instala\u00e7\u00f5es de armazenamento de g\u00e1s alem\u00e3s serem comparativamente baixas. A raz\u00e3o para tal \u00e9 a rede europeia integrada de g\u00e1s, na qual as obriga\u00e7\u00f5es de fornecimento, a estabilidade da rede e os estrangulamentos regionais desempenham um papel importante. Especialmente desde os recentes <a href=\"https:\/\/www.heute.at\/s\/russland-greift-erneut-kritische-infrastruktur-in-uk-120154277\" target=\"_blank\" rel=\"noopener\"><strong>Ataques \u00e0s infra-estruturas energ\u00e9ticas<\/strong><\/a> na Ucr\u00e2nia, a import\u00e2ncia das direc\u00e7\u00f5es de fluxo oeste-leste aumentou. Embora n\u00e3o se possa deduzir claramente uma causalidade direta, os dados mostram claramente que a situa\u00e7\u00e3o de abastecimento da Alemanha \u00e9 cada vez mais caracterizada por mecanismos de equil\u00edbrio europeus.<\/p>\n<p><strong>29.01.2026<\/strong>De acordo com informa\u00e7\u00f5es do <a href=\"https:\/\/www.telepolis.de\/article\/Reicht-das-Gas-bis-zum-Fruehjahr-Speicher-leeren-sich-bedrohlich-schnell-11158500.html\" target=\"_blank\" rel=\"noopener\"><strong>Telepolis<\/strong><\/a> As instala\u00e7\u00f5es alem\u00e3s de armazenamento de g\u00e1s s\u00e3o atualmente <strong>mais r\u00e1pido do que o previsto<\/strong> e j\u00e1 podia <strong>criticamente baixo em algumas semanas<\/strong> se a tend\u00eancia se mantiver. O n\u00edvel de enchimento desceu recentemente para cerca de 35 1TP22 toneladas, o que \u00e9 consideravelmente inferior ao registado em anos anteriores. Apesar desta evolu\u00e7\u00e3o, a Ag\u00eancia Federal da Rede tem-se mantido calma e acredita que o abastecimento a partir de importa\u00e7\u00f5es de GNL e de outras fontes continua a ser seguro. No entanto, os peritos detectam defici\u00eancias no sistema e alertam para o facto de um enchimento insuficiente antes do inverno de 2025\/26 poder p\u00f4r em risco o abastecimento de GNL. <strong>comporta riscos a longo prazo<\/strong>. Al\u00e9m disso, o pre\u00e7o do g\u00e1s no mercado grossista aumentou significativamente no espa\u00e7o de uma semana, mesmo que tal ainda n\u00e3o tenha afetado diretamente os clientes finais.<\/p>\n<p><strong>27.01.2026<\/strong>: No <a href=\"https:\/\/www.fnp.de\/frankfurt\/sich-rasant-mangellage-wird-wahrscheinlicher-die-gasspeicher-leeren-94132080.html\" target=\"_blank\" rel=\"noopener\"><strong>Relat\u00f3rios<\/strong><\/a> O Frankfurter Neue Presse refere que a situa\u00e7\u00e3o do g\u00e1s na Alemanha continua a agravar-se. As instala\u00e7\u00f5es de armazenamento de g\u00e1s est\u00e3o a esvaziar-se muito mais rapidamente do que no ano anterior, o que resulta num <strong>A escassez de g\u00e1s \u00e9 cada vez mais prov\u00e1vel<\/strong> vai. Ao mesmo tempo, os mercados est\u00e3o a reagir: os pre\u00e7os do g\u00e1s no mercado grossista j\u00e1 est\u00e3o a aumentar consideravelmente, o que indica uma incerteza crescente quanto \u00e0 oferta futura. Os peritos salientam que os limiares cr\u00edticos poder\u00e3o ser atingidos mais rapidamente do que o previsto, se o consumo continuar e o tempo se mantiver frio. Esta evolu\u00e7\u00e3o mostra como os n\u00edveis de armazenamento, os pre\u00e7os de mercado e as expectativas de abastecimento est\u00e3o atualmente interligados de forma sens\u00edvel.<\/p>\n<p><strong>25.01.2026<\/strong>Num recente <a href=\"https:\/\/www.youtube.com\/watch?v=zvlZNXe2EOs\" target=\"_blank\" rel=\"nofollow noopener\"><strong>Breve relat\u00f3rio do BR24<\/strong><\/a> \u00e9 uma evolu\u00e7\u00e3o que est\u00e1 a atrair cada vez mais aten\u00e7\u00e3o: As instala\u00e7\u00f5es de armazenamento de g\u00e1s da Alemanha est\u00e3o significativamente menos cheias do que h\u00e1 um ano; na Baviera, est\u00e3o apenas cerca de um quarto cheias em alguns casos. Ao mesmo tempo, o inverno foi invulgarmente frio, o que aumentou o consumo di\u00e1rio de g\u00e1s. Embora a Ag\u00eancia Federal da Rede continue a sublinhar que os fornecimentos s\u00e3o seguros, os peritos e as vozes da ind\u00fastria exprimem d\u00favidas quanto ao facto de esta avalia\u00e7\u00e3o ter suficientemente em conta as reservas t\u00e9cnicas reais. O relat\u00f3rio deixa claro que pode haver uma discrep\u00e2ncia crescente entre a seguran\u00e7a formal do abastecimento e os limites reais de carga do sistema.<\/p>\n<hr \/>\n\n\t\t\t<div class=\"display-post-types\">\n\n\t\t\t\t\t\t\t<style type=\"text\/css\">\n\t\t\t#dpt-wrapper-95 { --dpt-text-align: left;--dpt-image-crop: center;--dpt-border-radius: 5px;--dpt-h-gutter: 10px;--dpt-v-gutter: 9px; }\t\t\t<\/style>\n\t\t\t<style type=\"text\/css\">#dpt-wrapper-95 { --dpt-title-font-style:normal;--dpt-title-font-weight:600;--dpt-title-line-height:1.5;--dpt-title-text-decoration:none;--dpt-title-text-transform:none;--dpt-excerpt-font-style:normal;--dpt-excerpt-font-weight:400;--dpt-excerpt-line-height:1.5;--dpt-excerpt-text-decoration:none;--dpt-excerpt-text-transform:none;--dpt-meta1-font-style:normal;--dpt-meta1-font-weight:400;--dpt-meta1-line-height:1.9;--dpt-meta1-text-decoration:none;--dpt-meta1-text-transform:none;--dpt-meta2-font-style:normal;--dpt-meta2-font-weight:400;--dpt-meta2-line-height:1.9;--dpt-meta2-text-decoration:none;--dpt-meta2-text-transform:none; }<\/style><div class=\"dpt-main-header\">\n\t\t\t\t\t\t<div class=\"dpt-main-title\">\n\t\t\t\t\t\t\t<span class=\"dpt-main-title-text\">Artigos actuais sobre intelig\u00eancia artificial<\/span>\n\t\t\t\t\t\t<\/div>\n\t\t\t\t\t\t\n\t\t\t\t\t\t\n\t\t\t\t\t\t\n\t\t\t\t\t\t<\/div>\t\t\t\n\t\t\t\t<div id=\"dpt-wrapper-95\" class=\"dpt-wrapper dpt-mag1 land1 dpt-cropped dpt-flex-wrap\" >\n\n\t\t\t\t\t\t\t\t\t\t\t<div class=\"dpt-entry has-thumbnail\" data-title=\"mit ki dialogisch denken lernen: warum gute fragen wichtiger sind als gute modelle\" data-id=\"4700\"  data-category=\"allgemein ki-systeme tipps &amp; anleitungen\" data-post_tag=\"denkmodelle k\u00fcnstliche intelligenz lernen llm prozesse ratgeber sprachmodell\">\n\t\t\t\t\t\t\t<div class=\"dpt-entry-wrapper\"><div class=\"dpt-featured-content\"><div class=\"dpt-permalink\"><a href=\"https:\/\/www.markus-schall.de\/pt\/2026\/02\/aprender-a-pensar-em-dialogo-com-ki-porque-e-que-as-boas-perguntas-sao-mais-importantes-do-que-os-bons-modelos\/\" class=\"dpt-permalink\"><span class=\"screen-reader-text\">Aprender a pensar em di\u00e1logo com a IA: porque \u00e9 que boas perguntas s\u00e3o mais importantes do que bons modelos<\/span><\/a><\/div><div class=\"dpt-thumbnail\"><div class=\"dpt-thumbnail-inner\"><img width=\"1024\" height=\"683\" class=\"attachment-full size-full\" alt=\"Aprender a pensar em di\u00e1logo com a IA\" context=\"dpt\" data-dpt-src=\"https:\/\/www.markus-schall.de\/wp-content\/uploads\/Denken-lernen-mit-KI.jpg\" data-dpt-sizes=\"(max-width: 1024px) 100vw, 1024px\" data-dpt-srcset=\"https:\/\/www.markus-schall.de\/wp-content\/uploads\/Denken-lernen-mit-KI.jpg 1024w, https:\/\/www.markus-schall.de\/wp-content\/uploads\/Denken-lernen-mit-KI-300x200.jpg 300w, https:\/\/www.markus-schall.de\/wp-content\/uploads\/Denken-lernen-mit-KI-768x512.jpg 768w, https:\/\/www.markus-schall.de\/wp-content\/uploads\/Denken-lernen-mit-KI-18x12.jpg 18w\" \/><\/div><span class=\"dpt-thumbnail-aspect-ratio\" style=\"padding-top: 75%\"><\/span><\/div><\/div><div class=\"sub-entry\"><h3 class=\"dpt-title\"><a class=\"dpt-title-link\" href=\"https:\/\/www.markus-schall.de\/pt\/2026\/02\/aprender-a-pensar-em-dialogo-com-ki-porque-e-que-as-boas-perguntas-sao-mais-importantes-do-que-os-bons-modelos\/\" rel=\"bookmark\">Aprender a pensar em di\u00e1logo com a IA: porque \u00e9 que boas perguntas s\u00e3o mais importantes do que bons modelos<\/a><\/h3><\/div><\/div>\n\t\t\t\t\t\t<\/div><!-- .dpt-entry -->\n\t\t\t\t\t\t\t\t\t\t\t\t<div class=\"dpt-entry has-thumbnail\" data-title=\"chatgpt-datenexport erkl\u00e4rt: wie deine ki-chats zu einem pers\u00f6nlichen wissenssystem werden\" data-id=\"5259\"  data-category=\"featured ki-systeme tipps &amp; anleitungen\" data-post_tag=\"apple datenbanken datenschutz digitales eigentum k\u00fcnstliche intelligenz llama llm mac mlx ollama sprachmodell\">\n\t\t\t\t\t\t\t<div class=\"dpt-entry-wrapper\"><div class=\"dpt-featured-content\"><div class=\"dpt-permalink\"><a href=\"https:\/\/www.markus-schall.de\/pt\/2026\/03\/a-exportacao-de-dados-chatgpt-explica-como-as-suas-conversas-ki-se-tornam-um-sistema-de-conhecimento-pessoal\/\" class=\"dpt-permalink\"><span class=\"screen-reader-text\">Explica\u00e7\u00e3o da exporta\u00e7\u00e3o de dados ChatGPT: como as suas conversas de IA se tornam um sistema de conhecimento pessoal<\/span><\/a><\/div><div class=\"dpt-thumbnail\"><div class=\"dpt-thumbnail-inner\"><img width=\"1024\" height=\"683\" class=\"attachment-full size-full\" alt=\"Exporta\u00e7\u00e3o de dados ChatGPT\" context=\"dpt\" data-dpt-src=\"https:\/\/www.markus-schall.de\/wp-content\/uploads\/ChatGPT-Datenexport.jpg\" data-dpt-sizes=\"(max-width: 1024px) 100vw, 1024px\" data-dpt-srcset=\"https:\/\/www.markus-schall.de\/wp-content\/uploads\/ChatGPT-Datenexport.jpg 1024w, https:\/\/www.markus-schall.de\/wp-content\/uploads\/ChatGPT-Datenexport-300x200.jpg 300w, https:\/\/www.markus-schall.de\/wp-content\/uploads\/ChatGPT-Datenexport-768x512.jpg 768w, https:\/\/www.markus-schall.de\/wp-content\/uploads\/ChatGPT-Datenexport-18x12.jpg 18w\" \/><\/div><span class=\"dpt-thumbnail-aspect-ratio\" style=\"padding-top: 75%\"><\/span><\/div><\/div><div class=\"sub-entry\"><h3 class=\"dpt-title\"><a class=\"dpt-title-link\" href=\"https:\/\/www.markus-schall.de\/pt\/2026\/03\/a-exportacao-de-dados-chatgpt-explica-como-as-suas-conversas-ki-se-tornam-um-sistema-de-conhecimento-pessoal\/\" rel=\"bookmark\">Explica\u00e7\u00e3o da exporta\u00e7\u00e3o de dados ChatGPT: como as suas conversas de IA se tornam um sistema de conhecimento pessoal<\/a><\/h3><\/div><\/div>\n\t\t\t\t\t\t<\/div><!-- .dpt-entry -->\n\t\t\t\t\t\t\t\t\t\t\t\t<div class=\"dpt-entry has-thumbnail\" data-title=\"wie tiere zeit wahrnehmen \u2013 und was das f\u00fcr die zukunft der ki bedeutet\" data-id=\"4918\"  data-category=\"allgemein gesellschaft ki-systeme\" data-post_tag=\"denkmodelle erfahrungen k\u00fcnstliche intelligenz llm portrait prozesse sprachmodell\">\n\t\t\t\t\t\t\t<div class=\"dpt-entry-wrapper\"><div class=\"dpt-featured-content\"><div class=\"dpt-permalink\"><a href=\"https:\/\/www.markus-schall.de\/pt\/2026\/02\/como-os-animais-percepcionam-o-tempo-e-o-que-isso-significa-para-o-futuro-da-ki\/\" class=\"dpt-permalink\"><span class=\"screen-reader-text\">Como os animais percepcionam o tempo - e o que isso significa para o futuro da IA<\/span><\/a><\/div><div class=\"dpt-thumbnail\"><div class=\"dpt-thumbnail-inner\"><img width=\"1024\" height=\"683\" class=\"attachment-full size-full\" alt=\"Animais, IA e perce\u00e7\u00e3o do tempo\" context=\"dpt\" data-dpt-src=\"https:\/\/www.markus-schall.de\/wp-content\/uploads\/Tiere-KI-Zeitwahrnehmung.jpg\" data-dpt-sizes=\"(max-width: 1024px) 100vw, 1024px\" data-dpt-srcset=\"https:\/\/www.markus-schall.de\/wp-content\/uploads\/Tiere-KI-Zeitwahrnehmung.jpg 1024w, https:\/\/www.markus-schall.de\/wp-content\/uploads\/Tiere-KI-Zeitwahrnehmung-300x200.jpg 300w, https:\/\/www.markus-schall.de\/wp-content\/uploads\/Tiere-KI-Zeitwahrnehmung-768x512.jpg 768w, https:\/\/www.markus-schall.de\/wp-content\/uploads\/Tiere-KI-Zeitwahrnehmung-18x12.jpg 18w\" \/><\/div><span class=\"dpt-thumbnail-aspect-ratio\" style=\"padding-top: 75%\"><\/span><\/div><\/div><div class=\"sub-entry\"><h3 class=\"dpt-title\"><a class=\"dpt-title-link\" href=\"https:\/\/www.markus-schall.de\/pt\/2026\/02\/como-os-animais-percepcionam-o-tempo-e-o-que-isso-significa-para-o-futuro-da-ki\/\" rel=\"bookmark\">Como os animais percepcionam o tempo - e o que isso significa para o futuro da IA<\/a><\/h3><\/div><\/div>\n\t\t\t\t\t\t<\/div><!-- .dpt-entry -->\n\t\t\t\t\t\t\t\t\t\t\t\t<div class=\"dpt-entry has-thumbnail\" data-title=\"lora-training: wie filemaker 2025 das feintuning gro\u00dfer sprachmodelle vereinfacht\" data-id=\"3220\"  data-category=\"filemaker &amp; erp ki-systeme\" data-post_tag=\"datenbanken filemaker k\u00fcnstliche intelligenz llm mlx sprachmodell\">\n\t\t\t\t\t\t\t<div class=\"dpt-entry-wrapper\"><div class=\"dpt-featured-content\"><div class=\"dpt-permalink\"><a href=\"https:\/\/www.markus-schall.de\/pt\/2025\/10\/lora-training-como-o-filemaker-2025-simplifica-a-afinacao-de-grandes-modelos-linguisticos\/\" class=\"dpt-permalink\"><span class=\"screen-reader-text\">Forma\u00e7\u00e3o LoRA: como o FileMaker 2025 simplifica a afina\u00e7\u00e3o de grandes modelos lingu\u00edsticos<\/span><\/a><\/div><div class=\"dpt-thumbnail\"><div class=\"dpt-thumbnail-inner\"><img width=\"1024\" height=\"683\" class=\"attachment-full size-full\" alt=\"LoRA Afina\u00e7\u00e3o fina - FileMaker 2025\" context=\"dpt\" data-dpt-src=\"https:\/\/www.markus-schall.de\/wp-content\/uploads\/lora-finetuning-filemaker.jpg\" data-dpt-sizes=\"(max-width: 1024px) 100vw, 1024px\" data-dpt-srcset=\"https:\/\/www.markus-schall.de\/wp-content\/uploads\/lora-finetuning-filemaker.jpg 1024w, https:\/\/www.markus-schall.de\/wp-content\/uploads\/lora-finetuning-filemaker-300x200.jpg 300w, https:\/\/www.markus-schall.de\/wp-content\/uploads\/lora-finetuning-filemaker-768x512.jpg 768w, https:\/\/www.markus-schall.de\/wp-content\/uploads\/lora-finetuning-filemaker-18x12.jpg 18w\" \/><\/div><span class=\"dpt-thumbnail-aspect-ratio\" style=\"padding-top: 75%\"><\/span><\/div><\/div><div class=\"sub-entry\"><h3 class=\"dpt-title\"><a class=\"dpt-title-link\" href=\"https:\/\/www.markus-schall.de\/pt\/2025\/10\/lora-training-como-o-filemaker-2025-simplifica-a-afinacao-de-grandes-modelos-linguisticos\/\" rel=\"bookmark\">Forma\u00e7\u00e3o LoRA: como o FileMaker 2025 simplifica a afina\u00e7\u00e3o de grandes modelos lingu\u00edsticos<\/a><\/h3><\/div><\/div>\n\t\t\t\t\t\t<\/div><!-- .dpt-entry -->\n\t\t\t\t\t\t\n\t\t\t\t<\/div>\n\t\t\t\t\t\t<\/div>\n\t\t\t\n<hr \/>","protected":false},"excerpt":{"rendered":"<p>Quando as not\u00edcias falam de \u201e40% de n\u00edvel de enchimento das instala\u00e7\u00f5es de armazenamento de g\u00e1s\u201c, \u00e0 primeira vista parece abstrato. As percentagens parecem t\u00e9cnicas, muito distantes da vida quotidiana. No entanto, h\u00e1 algo muito concreto por detr\u00e1s disso: a quest\u00e3o da estabilidade do nosso aprovisionamento energ\u00e9tico - n\u00e3o em teoria, mas na pr\u00e1tica quotidiana. Na Alemanha, o g\u00e1s n\u00e3o \u00e9 utilizado apenas em instala\u00e7\u00f5es industriais ... <a title=\"Forma\u00e7\u00e3o LoRA: como o FileMaker 2025 simplifica a afina\u00e7\u00e3o de grandes modelos lingu\u00edsticos\" class=\"read-more\" href=\"https:\/\/www.markus-schall.de\/pt\/2025\/10\/lora-training-como-o-filemaker-2025-simplifica-a-afinacao-de-grandes-modelos-linguisticos\/\" aria-label=\"Leia mais sobre LoRA training: como o FileMaker 2025 simplifica o ajuste fino de grandes modelos lingu\u00edsticos\">Ler mais<\/a><\/p>","protected":false},"author":1,"featured_media":4586,"comment_status":"open","ping_status":"open","sticky":false,"template":"","format":"standard","meta":{"iawp_total_views":3882,"footnotes":""},"categories":[1,466],"tags":[480,481,475,426,448],"class_list":["post-4581","post","type-post","status-publish","format-standard","has-post-thumbnail","hentry","category-allgemein","category-gesellschaft","tag-deutschland","tag-energiepolitik","tag-europa","tag-krisen","tag-ratgeber"],"_links":{"self":[{"href":"https:\/\/www.markus-schall.de\/pt\/wp-json\/wp\/v2\/posts\/4581","targetHints":{"allow":["GET"]}}],"collection":[{"href":"https:\/\/www.markus-schall.de\/pt\/wp-json\/wp\/v2\/posts"}],"about":[{"href":"https:\/\/www.markus-schall.de\/pt\/wp-json\/wp\/v2\/types\/post"}],"author":[{"embeddable":true,"href":"https:\/\/www.markus-schall.de\/pt\/wp-json\/wp\/v2\/users\/1"}],"replies":[{"embeddable":true,"href":"https:\/\/www.markus-schall.de\/pt\/wp-json\/wp\/v2\/comments?post=4581"}],"version-history":[{"count":64,"href":"https:\/\/www.markus-schall.de\/pt\/wp-json\/wp\/v2\/posts\/4581\/revisions"}],"predecessor-version":[{"id":5813,"href":"https:\/\/www.markus-schall.de\/pt\/wp-json\/wp\/v2\/posts\/4581\/revisions\/5813"}],"wp:featuredmedia":[{"embeddable":true,"href":"https:\/\/www.markus-schall.de\/pt\/wp-json\/wp\/v2\/media\/4586"}],"wp:attachment":[{"href":"https:\/\/www.markus-schall.de\/pt\/wp-json\/wp\/v2\/media?parent=4581"}],"wp:term":[{"taxonomy":"category","embeddable":true,"href":"https:\/\/www.markus-schall.de\/pt\/wp-json\/wp\/v2\/categories?post=4581"},{"taxonomy":"post_tag","embeddable":true,"href":"https:\/\/www.markus-schall.de\/pt\/wp-json\/wp\/v2\/tags?post=4581"}],"curies":[{"name":"wp","href":"https:\/\/api.w.org\/{rel}","templated":true}]}}