{"id":5147,"date":"2026-03-07T06:05:02","date_gmt":"2026-03-07T06:05:02","guid":{"rendered":"https:\/\/www.markus-schall.de\/?p=5147"},"modified":"2026-04-29T06:01:55","modified_gmt":"2026-04-29T06:01:55","slug":"do-fim-do-servico-militar-obrigatorio-as-greves-escolares-o-novo-debate-sobre-as-forcas-armadas-alemas-e-a-educacao","status":"publish","type":"post","link":"https:\/\/www.markus-schall.de\/pt\/2026\/03\/do-fim-do-servico-militar-obrigatorio-as-greves-escolares-o-novo-debate-sobre-as-forcas-armadas-alemas-e-a-educacao\/","title":{"rendered":"Do fim do servi\u00e7o militar obrigat\u00f3rio \u00e0s greves escolares: o novo debate sobre a Bundeswehr e a educa\u00e7\u00e3o"},"content":{"rendered":"<p>Quando eu pr\u00f3prio fui recrutado para a Bundeswehr, nos anos 90, isso era ainda uma parte bastante normal da vida de muitos jovens na Alemanha. Qualquer pessoa que tivesse terminado a escola cumpria o servi\u00e7o civil ou o servi\u00e7o militar. Nessa altura, fazia simplesmente parte da vida - tal como a forma\u00e7\u00e3o ou os estudos. As pessoas falavam sobre o assunto, sabiam mais ou menos o que esperar e quase toda a gente tinha algu\u00e9m no seu c\u00edrculo de conhecidos que tinha acabado de entrar para o ex\u00e9rcito ou que o tinha feito recentemente.<\/p>\n<p>Eu pr\u00f3prio tamb\u00e9m cumpri o servi\u00e7o militar. No meu meio n\u00e3o havia grandes debates ideol\u00f3gicos sobre o assunto. Claro que havia cr\u00edticas ao ex\u00e9rcito ou discuss\u00f5es sobre destacamentos no estrangeiro - mas a Bundeswehr era basicamente uma parte normal do Estado. Estava l\u00e1, mas n\u00e3o desempenhava um papel particularmente dominante no quotidiano da maioria das pessoas. Curiosamente, isto tamb\u00e9m se aplicava \u00e0 escola.<!--more--><\/p>\n<hr \/>\n\n\t\t\t<div class=\"display-post-types\">\n\n\t\t\t\t\t\t\t<style type=\"text\/css\">\n\t\t\t#dpt-wrapper-257 { --dpt-text-align: left;--dpt-image-crop: center;--dpt-border-radius: 5px;--dpt-h-gutter: 10px;--dpt-v-gutter: 9px; }\t\t\t<\/style>\n\t\t\t<style type=\"text\/css\">#dpt-wrapper-257 { --dpt-title-font-style:normal;--dpt-title-font-weight:600;--dpt-title-line-height:1.5;--dpt-title-text-decoration:none;--dpt-title-text-transform:none;--dpt-excerpt-font-style:normal;--dpt-excerpt-font-weight:400;--dpt-excerpt-line-height:1.5;--dpt-excerpt-text-decoration:none;--dpt-excerpt-text-transform:none;--dpt-meta1-font-style:normal;--dpt-meta1-font-weight:400;--dpt-meta1-line-height:1.9;--dpt-meta1-text-decoration:none;--dpt-meta1-text-transform:none;--dpt-meta2-font-style:normal;--dpt-meta2-font-weight:400;--dpt-meta2-line-height:1.9;--dpt-meta2-text-decoration:none;--dpt-meta2-text-transform:none; }<\/style><div class=\"dpt-main-header\">\n\t\t\t\t\t\t<div class=\"dpt-main-title\">\n\t\t\t\t\t\t\t<span class=\"dpt-main-title-text\">Artigos actuais sobre arte e cultura<\/span>\n\t\t\t\t\t\t<\/div>\n\t\t\t\t\t\t\n\t\t\t\t\t\t\n\t\t\t\t\t\t\n\t\t\t\t\t\t<\/div>\t\t\t\n\t\t\t\t<div id=\"dpt-wrapper-257\" class=\"dpt-wrapper dpt-mag1 land1 dpt-cropped dpt-flex-wrap\" >\n\n\t\t\t\t\t\t\t\t\t\t\t<div class=\"dpt-entry has-thumbnail\" data-title=\"gr\u00f6nland, trump und die frage der zugeh\u00f6rigkeit: geschichte, recht und realit\u00e4t\" data-id=\"4325\"  data-category=\"allgemein gesellschaft kunst &amp; kultur\" data-post_tag=\"europa geopolitik krisen meinungsfreiheit sicherheitspolitik spieltheorie\">\n\t\t\t\t\t\t\t<div class=\"dpt-entry-wrapper\"><div class=\"dpt-featured-content\"><div class=\"dpt-permalink\"><a href=\"https:\/\/www.markus-schall.de\/pt\/2026\/01\/groenland-trump-e-a-questao-da-pertenca-historia-direito-e-realidade\/\" class=\"dpt-permalink\"><span class=\"screen-reader-text\">Gronel\u00e2ndia, Trump e a quest\u00e3o da perten\u00e7a: hist\u00f3ria, direito e realidade<\/span><\/a><\/div><div class=\"dpt-thumbnail\"><div class=\"dpt-thumbnail-inner\"><img width=\"1024\" height=\"683\" class=\"attachment-full size-full\" alt=\"Gronel\u00e2ndia na mira: EUA e Trump\" context=\"dpt\" data-dpt-src=\"https:\/\/www.markus-schall.de\/wp-content\/uploads\/Groenland-USA-Trump-Titel.jpg\" data-dpt-sizes=\"(max-width: 1024px) 100vw, 1024px\" data-dpt-srcset=\"https:\/\/www.markus-schall.de\/wp-content\/uploads\/Groenland-USA-Trump-Titel.jpg 1024w, https:\/\/www.markus-schall.de\/wp-content\/uploads\/Groenland-USA-Trump-Titel-300x200.jpg 300w, https:\/\/www.markus-schall.de\/wp-content\/uploads\/Groenland-USA-Trump-Titel-768x512.jpg 768w, https:\/\/www.markus-schall.de\/wp-content\/uploads\/Groenland-USA-Trump-Titel-18x12.jpg 18w\" \/><\/div><span class=\"dpt-thumbnail-aspect-ratio\" style=\"padding-top: 75%\"><\/span><\/div><\/div><div class=\"sub-entry\"><h3 class=\"dpt-title\"><a class=\"dpt-title-link\" href=\"https:\/\/www.markus-schall.de\/pt\/2026\/01\/groenland-trump-e-a-questao-da-pertenca-historia-direito-e-realidade\/\" rel=\"bookmark\">Gronel\u00e2ndia, Trump e a quest\u00e3o da perten\u00e7a: hist\u00f3ria, direito e realidade<\/a><\/h3><\/div><\/div>\n\t\t\t\t\t\t<\/div><!-- .dpt-entry -->\n\t\t\t\t\t\t\t\t\t\t\t\t<div class=\"dpt-entry has-thumbnail\" data-title=\"beruf, weltbild, zukunft: entscheidungen im schatten des umbruchs\" data-id=\"3197\"  data-category=\"allgemein gesellschaft kunst &amp; kultur tipps &amp; anleitungen\" data-post_tag=\"erfahrungen krisen pers\u00f6nlichkeitsentwicklung ratgeber\">\n\t\t\t\t\t\t\t<div class=\"dpt-entry-wrapper\"><div class=\"dpt-featured-content\"><div class=\"dpt-permalink\"><a href=\"https:\/\/www.markus-schall.de\/pt\/2025\/10\/visao-do-mundo-da-carreira-decisoes-futuras-a-sombra-de-perturbacoes\/\" class=\"dpt-permalink\"><span class=\"screen-reader-text\">Carreira, vis\u00e3o do mundo, futuro: decis\u00f5es \u00e0 sombra da mudan\u00e7a<\/span><\/a><\/div><div class=\"dpt-thumbnail\"><div class=\"dpt-thumbnail-inner\"><img width=\"1024\" height=\"683\" class=\"attachment-full size-full\" alt=\"Decis\u00f5es \u00e0 sombra da agita\u00e7\u00e3o\" context=\"dpt\" data-dpt-src=\"https:\/\/www.markus-schall.de\/wp-content\/uploads\/Entscheidungen-im-Schatten-Umbruch.jpg\" data-dpt-sizes=\"(max-width: 1024px) 100vw, 1024px\" data-dpt-srcset=\"https:\/\/www.markus-schall.de\/wp-content\/uploads\/Entscheidungen-im-Schatten-Umbruch.jpg 1024w, https:\/\/www.markus-schall.de\/wp-content\/uploads\/Entscheidungen-im-Schatten-Umbruch-300x200.jpg 300w, https:\/\/www.markus-schall.de\/wp-content\/uploads\/Entscheidungen-im-Schatten-Umbruch-768x512.jpg 768w, https:\/\/www.markus-schall.de\/wp-content\/uploads\/Entscheidungen-im-Schatten-Umbruch-18x12.jpg 18w\" \/><\/div><span class=\"dpt-thumbnail-aspect-ratio\" style=\"padding-top: 75%\"><\/span><\/div><\/div><div class=\"sub-entry\"><h3 class=\"dpt-title\"><a class=\"dpt-title-link\" href=\"https:\/\/www.markus-schall.de\/pt\/2025\/10\/visao-do-mundo-da-carreira-decisoes-futuras-a-sombra-de-perturbacoes\/\" rel=\"bookmark\">Carreira, vis\u00e3o do mundo, futuro: decis\u00f5es \u00e0 sombra da mudan\u00e7a<\/a><\/h3><\/div><\/div>\n\t\t\t\t\t\t<\/div><!-- .dpt-entry -->\n\t\t\t\t\t\t\t\t\t\t\t\t<div class=\"dpt-entry has-thumbnail\" data-title=\"dieter bohlen im klartext: warum deutschland an der eigenen b\u00fcrokratie scheitert\" data-id=\"3546\"  data-category=\"allgemein b\u00fccher gesellschaft kunst &amp; kultur\" data-post_tag=\"buch deutschland erfahrungen krisen meinungsfreiheit musik\">\n\t\t\t\t\t\t\t<div class=\"dpt-entry-wrapper\"><div class=\"dpt-featured-content\"><div class=\"dpt-permalink\"><a href=\"https:\/\/www.markus-schall.de\/pt\/2025\/11\/dieter-bohlen-em-linguagem-simples-porque-e-que-a-alemanha-esta-a-falhar-devido-a-sua-propria-burocracia\/\" class=\"dpt-permalink\"><span class=\"screen-reader-text\">Dieter Bohlen em linguagem simples: porque \u00e9 que a Alemanha est\u00e1 a falhar devido \u00e0 sua pr\u00f3pria burocracia<\/span><\/a><\/div><div class=\"dpt-thumbnail\"><div class=\"dpt-thumbnail-inner\"><img width=\"1536\" height=\"1024\" class=\"attachment-full size-full\" alt=\"Dieter Bohlen em conversa com Dominik Kettner\" context=\"dpt\" data-dpt-src=\"https:\/\/www.markus-schall.de\/wp-content\/uploads\/bohlen-kettner-germany.jpg\" data-dpt-sizes=\"(max-width: 1536px) 100vw, 1536px\" data-dpt-srcset=\"https:\/\/www.markus-schall.de\/wp-content\/uploads\/bohlen-kettner-germany.jpg 1536w, https:\/\/www.markus-schall.de\/wp-content\/uploads\/bohlen-kettner-germany-300x200.jpg 300w, https:\/\/www.markus-schall.de\/wp-content\/uploads\/bohlen-kettner-germany-1024x683.jpg 1024w, https:\/\/www.markus-schall.de\/wp-content\/uploads\/bohlen-kettner-germany-768x512.jpg 768w, https:\/\/www.markus-schall.de\/wp-content\/uploads\/bohlen-kettner-germany-18x12.jpg 18w\" \/><\/div><span class=\"dpt-thumbnail-aspect-ratio\" style=\"padding-top: 75%\"><\/span><\/div><\/div><div class=\"sub-entry\"><h3 class=\"dpt-title\"><a class=\"dpt-title-link\" href=\"https:\/\/www.markus-schall.de\/pt\/2025\/11\/dieter-bohlen-em-linguagem-simples-porque-e-que-a-alemanha-esta-a-falhar-devido-a-sua-propria-burocracia\/\" rel=\"bookmark\">Dieter Bohlen em linguagem simples: porque \u00e9 que a Alemanha est\u00e1 a falhar devido \u00e0 sua pr\u00f3pria burocracia<\/a><\/h3><\/div><\/div>\n\t\t\t\t\t\t<\/div><!-- .dpt-entry -->\n\t\t\t\t\t\t\t\t\t\t\t\t<div class=\"dpt-entry has-thumbnail\" data-title=\"cancel culture im westen: sport, universit\u00e4ten, milit\u00e4r und eu-sanktionen analysiert\" data-id=\"5009\"  data-category=\"allgemein gesellschaft kunst &amp; kultur\" data-post_tag=\"denkmodelle deutschland europa geopolitik krisen meinungsfreiheit sicherheitspolitik spieltheorie\">\n\t\t\t\t\t\t\t<div class=\"dpt-entry-wrapper\"><div class=\"dpt-featured-content\"><div class=\"dpt-permalink\"><a href=\"https:\/\/www.markus-schall.de\/pt\/2026\/02\/cultura-do-cancelamento-no-ocidente-desporto-universidades-sancoes-militares-e-da-ue-analisadas\/\" class=\"dpt-permalink\"><span class=\"screen-reader-text\">Cancelar Cultura no Ocidente: an\u00e1lise do desporto, das universidades, das for\u00e7as armadas e das san\u00e7\u00f5es da UE<\/span><\/a><\/div><div class=\"dpt-thumbnail\"><div class=\"dpt-thumbnail-inner\"><img width=\"1024\" height=\"683\" class=\"attachment-full size-full\" alt=\"Cancelar a cultura no Ocidente\" context=\"dpt\" data-dpt-src=\"https:\/\/www.markus-schall.de\/wp-content\/uploads\/Cancel-Culture-Westen.jpg\" data-dpt-sizes=\"(max-width: 1024px) 100vw, 1024px\" data-dpt-srcset=\"https:\/\/www.markus-schall.de\/wp-content\/uploads\/Cancel-Culture-Westen.jpg 1024w, https:\/\/www.markus-schall.de\/wp-content\/uploads\/Cancel-Culture-Westen-300x200.jpg 300w, https:\/\/www.markus-schall.de\/wp-content\/uploads\/Cancel-Culture-Westen-768x512.jpg 768w, https:\/\/www.markus-schall.de\/wp-content\/uploads\/Cancel-Culture-Westen-18x12.jpg 18w\" \/><\/div><span class=\"dpt-thumbnail-aspect-ratio\" style=\"padding-top: 75%\"><\/span><\/div><\/div><div class=\"sub-entry\"><h3 class=\"dpt-title\"><a class=\"dpt-title-link\" href=\"https:\/\/www.markus-schall.de\/pt\/2026\/02\/cultura-do-cancelamento-no-ocidente-desporto-universidades-sancoes-militares-e-da-ue-analisadas\/\" rel=\"bookmark\">Cancelar Cultura no Ocidente: an\u00e1lise do desporto, das universidades, das for\u00e7as armadas e das san\u00e7\u00f5es da UE<\/a><\/h3><\/div><\/div>\n\t\t\t\t\t\t<\/div><!-- .dpt-entry -->\n\t\t\t\t\t\t\n\t\t\t\t<\/div>\n\t\t\t\t\t\t<\/div>\n\t\t\t\n<hr \/>\n<h2>\u00daltimas not\u00edcias sobre o tema<\/h2>\n<p><strong>29.04.2026<\/strong>: Die Pr\u00e4senz der <a href=\"https:\/\/www.news4teachers.de\/2026\/04\/zahl-der-bundeswehr-besuche-an-schulen-steigt-rasant-gew-warnt-vor-militarismus\/\" target=\"_blank\" rel=\"noopener\"><strong>Bundeswehr an deutschen Schulen nimmt deutlich zu<\/strong><\/a> und erh\u00e4lt zunehmend auch formale Strukturen. So wurde etwa in Hamburg eine neue Kooperationsvereinbarung geschlossen, die Besuche von Jugendoffizieren k\u00fcnftig verbindlich regelt. Hintergrund ist die wachsende Bedeutung sicherheitspolitischer Themen im Unterricht, die laut Politik st\u00e4rker aufgegriffen werden sollen. Gleichzeitig betonen Verantwortliche, dass die Vermittlung kontrovers und ohne Beeinflussung erfolgen m\u00fcsse. Kritik kommt jedoch von der Bildungsgewerkschaft GEW, die vor einer schleichenden Militarisierung des Schulalltags warnt. Sie sieht in der steigenden Zahl von Bundeswehr-Auftritten eine problematische Entwicklung und fordert, dass zivile Perspektiven st\u00e4rker ber\u00fccksichtigt werden. Bundesweit zeigt sich der Trend klar: Allein in den ersten Monaten des Jahres wurden bereits tausende Schulbesuche registriert. Die Debatte verdeutlicht ein Spannungsfeld zwischen politischer Bildung und m\u00f6glicher Einflussnahme auf junge Menschen.<\/p>\n<p><strong>16.04.2026<\/strong>Para 8 de maio, de acordo com o s\u00edtio Web da iniciativa <a href=\"https:\/\/schulstreikgegenwehrpflicht.com\" target=\"_blank\" rel=\"noopener\"><strong>\u201eGreve nas escolas contra o servi\u00e7o militar obrigat\u00f3rio\u201c<\/strong><\/a> foi anunciada uma nova greve. No entanto, n\u00e3o s\u00e3o ainda conhecidos pormenores espec\u00edficos sobre o \u00e2mbito ou as escolas envolvidas. A iniciativa posiciona-se contra a eventual reintrodu\u00e7\u00e3o do servi\u00e7o militar obrigat\u00f3rio e apela, em particular, \u00e0 participa\u00e7\u00e3o dos alunos.<\/p>\n<p>O tema est\u00e1 a atrair a aten\u00e7\u00e3o atrav\u00e9s dos contributos dos n\u00e3o inscritos <a href=\"https:\/\/martinsonneborn.de\/stillgestanden-bros\/\" target=\"_blank\" rel=\"noopener\"><strong>Martin Sonneborn, Deputado do Parlamento Europeu<\/strong><\/a>, que comenta o protesto de forma sat\u00edrica e at\u00e9 o apoia sob a forma de uma carta de desculpas que pode ser descarregada. Resta saber se se trata de uma pequena a\u00e7\u00e3o pontual ou de um movimento mais vasto. No entanto, os observadores v\u00eaem estas iniciativas como um poss\u00edvel sinal de que os debates sobre a pol\u00edtica de seguran\u00e7a est\u00e3o a chegar cada vez mais \u00e0s gera\u00e7\u00f5es mais jovens. \u00c9 prov\u00e1vel que a evolu\u00e7\u00e3o futura dependa do facto de se desenvolver uma maior din\u00e2mica atrav\u00e9s das redes sociais ou dos meios de comunica\u00e7\u00e3o tradicionais.<\/p>\n<p><strong>03.04.2026<\/strong>: Um fen\u00f3meno que passa despercebido <a href=\"https:\/\/www.berliner-zeitung.de\/news\/neue-wehrpflicht-regel-kaum-beachtete-aenderung-hat-weitreichende-folgen-li.10028539\" target=\"_blank\" rel=\"noopener\"><strong>Altera\u00e7\u00e3o da Lei de Moderniza\u00e7\u00e3o do Servi\u00e7o Militar<\/strong><\/a> est\u00e1 a causar discuss\u00e3o: Os homens com idades compreendidas entre os 17 e os 45 anos t\u00eam de obter autoriza\u00e7\u00e3o das For\u00e7as Armadas alem\u00e3s antes de estadias mais longas no estrangeiro. Mais concretamente, isto aplica-se a estadias superiores a tr\u00eas meses - por exemplo, para estudar, trabalhar ou viajar. A principal novidade \u00e9 o facto de este regulamento j\u00e1 n\u00e3o se aplicar apenas em estado de tens\u00e3o ou de defesa, mas tamb\u00e9m ser aplicado permanentemente numa situa\u00e7\u00e3o normal. Isto alarga significativamente o controlo do Estado sobre os potenciais recrutas. O Minist\u00e9rio da Defesa justifica esta altera\u00e7\u00e3o com a melhoria do registo militar numa situa\u00e7\u00e3o de emerg\u00eancia. Simultaneamente, o pr\u00f3prio Minist\u00e9rio admite que os efeitos podem ser de \u201egrande alcance\u201c e que as excep\u00e7\u00f5es espec\u00edficas ainda n\u00e3o foram totalmente definidas. O ajustamento mostra como as condi\u00e7\u00f5es de enquadramento do servi\u00e7o militar obrigat\u00f3rio e da prepara\u00e7\u00e3o militar est\u00e3o a mudar gradualmente - muitas vezes sem grande aten\u00e7\u00e3o do p\u00fablico.<\/p>\n<p><strong>27.03.2026<\/strong>Um v\u00eddeo recente destaca a presen\u00e7a crescente da Bundeswehr no ambiente escolar e o debate que lhe est\u00e1 associado. O pano de fundo desta situa\u00e7\u00e3o s\u00e3o os acordos de coopera\u00e7\u00e3o entre a Bundeswehr e as institui\u00e7\u00f5es de ensino que permitem que os chamados oficiais da juventude ensinem diretamente nas salas de aula. Oficialmente, isto tem como objetivo a educa\u00e7\u00e3o pol\u00edtica e a comunica\u00e7\u00e3o dos contextos da pol\u00edtica de seguran\u00e7a.<\/p>\n<div class=\"lyte-wrapper\" style=\"width:640px;max-width:100%;margin:5px;\"><div class=\"lyMe\" id=\"WYL_Gg819rsvArY\"><div id=\"lyte_Gg819rsvArY\" data-src=\"https:\/\/www.markus-schall.de\/wp-content\/plugins\/wp-youtube-lyte\/lyteCache.php?origThumbUrl=%2F%2Fi.ytimg.com%2Fvi%2FGg819rsvArY%2Fhqdefault.jpg\" class=\"pL\"><div class=\"tC\"><div class=\"tT\"><\/div><\/div><div class=\"play\"><\/div><div class=\"ctrl\"><div class=\"Lctrl\"><\/div><div class=\"Rctrl\"><\/div><\/div><\/div><noscript><a href=\"https:\/\/youtu.be\/Gg819rsvArY\" rel=\"nofollow noopener\" target=\"_blank\"><img loading=\"lazy\" decoding=\"async\" src=\"https:\/\/www.markus-schall.de\/wp-content\/plugins\/wp-youtube-lyte\/lyteCache.php?origThumbUrl=https%3A%2F%2Fi.ytimg.com%2Fvi%2FGg819rsvArY%2F0.jpg\" alt=\"Miniatura de v\u00eddeo do YouTube\" width=\"640\" height=\"340\" \/><br \/>Ver este v\u00eddeo no YouTube<\/a><\/noscript><\/div><\/div><div class=\"lL\" style=\"max-width:100%;width:640px;margin:5px;\"><\/div><br \/>\nA Bundeswehr nas salas de aula? | <a href=\"https:\/\/www.youtube.com\/@BerlinerZeitung_BLZ\" target=\"_blank\" rel=\"nofollow noopener\">Jornal de Not\u00edcias de Berlim<\/a><\/p>\n<p>No entanto, os cr\u00edticos v\u00eaem um desenvolvimento problem\u00e1tico: organiza\u00e7\u00f5es da ci\u00eancia e da sociedade alertam para uma militariza\u00e7\u00e3o crescente do sector da educa\u00e7\u00e3o. Em particular, o acesso a alunos menores de idade \u00e9 visto de forma cr\u00edtica, uma vez que n\u00e3o se pode excluir uma influ\u00eancia direcionada. Os defensores, por outro lado, argumentam que as quest\u00f5es de pol\u00edtica de seguran\u00e7a precisam de ser mais ensinadas numa situa\u00e7\u00e3o mundial cada vez mais insegura.<\/p>\n<hr \/>\n<h2>Escola sem soldados na sala de aula<\/h2>\n<p>Quando ou\u00e7o os debates actuais sobre as visitas da Bundeswehr \u00e0s escolas, tenho sempre de pensar: Ser\u00e1 que tivemos mesmo algo do g\u00e9nero aqui? A resposta honesta \u00e9 - nem sequer sei exatamente. Teoricamente era poss\u00edvel, mas simplesmente n\u00e3o me lembro.<\/p>\n<p>O que me lembro muito bem \u00e9 que um dentista veio uma vez \u00e0 nossa escola prim\u00e1ria e explicou como escovar corretamente os dentes. Na altura, esse era obviamente um tema importante da educa\u00e7\u00e3o para a sa\u00fade. Lembro-me mesmo de coisas desse g\u00e9nero.<\/p>\n<p>Mas soldados na sala de aula? Palestras sobre pol\u00edtica de seguran\u00e7a? Oficiais da juventude a explicar conflitos internacionais? N\u00e3o me lembro de nada disso. Claro que isso n\u00e3o significa automaticamente que n\u00e3o tenha havido nada disso. Talvez isso tenha realmente acontecido uma vez e eu estivesse doente nesse dia ou n\u00e3o estivesse na aula por outras raz\u00f5es.<\/p>\n<p>Tamb\u00e9m \u00e9 poss\u00edvel que tais acontecimentos tenham tido lugar nos graus mais elevados - no 12\u00ba ou 13\u00ba ano, por exemplo. No entanto, eu pr\u00f3prio s\u00f3 estive no liceu at\u00e9 ao 11\u00ba ano. Depois disso, abandonei a escola. Por isso, \u00e9 poss\u00edvel que esses temas s\u00f3 fossem abordados mais tarde nas aulas e que, por isso, eu n\u00e3o os tenha vivido de todo. Mas mesmo que fosse esse o caso, a Bundeswehr n\u00e3o fazia certamente parte do quotidiano escolar.<\/p>\n<h3>Noutra altura<\/h3>\n<p>Olhando para tr\u00e1s, este facto n\u00e3o \u00e9 particularmente surpreendente. Nos anos 90, o servi\u00e7o militar obrigat\u00f3rio ainda estava em vigor na Alemanha. Isto significava que o Estado recebia os seus recrutas militares de forma praticamente autom\u00e1tica. Milhares de jovens eram recrutados todos os anos. N\u00e3o havia, portanto, qualquer raz\u00e3o especial para recrutar volunt\u00e1rios de forma intensiva. Nessa altura, a Bundeswehr n\u00e3o tinha de lutar ativamente por aten\u00e7\u00e3o. Fazia simplesmente parte do sistema.<\/p>\n<p>Atualmente, a situa\u00e7\u00e3o \u00e9 diferente. Desde a suspens\u00e3o do servi\u00e7o militar obrigat\u00f3rio em 2011, a Bundeswehr tem vindo a evoluir gradualmente para um ex\u00e9rcito volunt\u00e1rio. Ao mesmo tempo, o ambiente da pol\u00edtica de seguran\u00e7a da Europa tamb\u00e9m se alterou. Novos conflitos, novas tens\u00f5es geopol\u00edticas e o aumento das despesas com a defesa est\u00e3o agora a moldar o debate pol\u00edtico.<\/p>\n<p>Nesta nova situa\u00e7\u00e3o, uma quest\u00e3o \u00e9 muito mais premente do que antes: de onde vir\u00e3o os soldados do futuro? \u00c9 precisamente aqui que a Bundeswehr aparece cada vez mais no quotidiano escolar - por exemplo, atrav\u00e9s de apresenta\u00e7\u00f5es de jovens oficiais, jogos de simula\u00e7\u00e3o de pol\u00edtica de seguran\u00e7a ou eventos informativos sobre oportunidades de carreira militar.<\/p>\n<p>Ao mesmo tempo, por\u00e9m, as cr\u00edticas tamb\u00e9m est\u00e3o a aumentar. Algumas associa\u00e7\u00f5es de professores e organiza\u00e7\u00f5es de defesa da paz s\u00e3o c\u00e9pticas em rela\u00e7\u00e3o a estas actividades. Alertam para o facto de as escolas poderem tornar-se locais de recrutamento de jovens talentos.<\/p>\n<p>E agora tamb\u00e9m os pr\u00f3prios alunos se est\u00e3o a manifestar. Nos \u00faltimos meses, houve greves escolares em muitas cidades alem\u00e3s contra os novos planos de servi\u00e7o militar do governo alem\u00e3o. Milhares de jovens sa\u00edram \u00e0 rua para protestar contra um poss\u00edvel regresso ao servi\u00e7o militar obrigat\u00f3rio.<br \/>\nEsta evolu\u00e7\u00e3o deixou-me curioso. Porque levanta uma s\u00e9rie de quest\u00f5es:<\/p>\n<ul>\n<li>Em que medida \u00e9 que a Bundeswehr est\u00e1 atualmente presente nas escolas alem\u00e3s?<\/li>\n<li>H\u00e1 quanto tempo existe esta forma de coopera\u00e7\u00e3o?<\/li>\n<li>E onde \u00e9 que se situa a fronteira entre a educa\u00e7\u00e3o pol\u00edtica e o recrutamento militar?<\/li>\n<\/ul>\n<p>Gostaria de analisar mais de perto estas quest\u00f5es.<\/p>\n<p><img loading=\"lazy\" decoding=\"async\" class=\"alignnone size-large wp-image-5152\" src=\"https:\/\/www.markus-schall.de\/wp-content\/uploads\/Wehrpflicht-Schulstreiks-90er.jpg\" alt=\"\" width=\"1024\" height=\"683\" srcset=\"https:\/\/www.markus-schall.de\/wp-content\/uploads\/Wehrpflicht-Schulstreiks-90er.jpg 1024w, https:\/\/www.markus-schall.de\/wp-content\/uploads\/Wehrpflicht-Schulstreiks-90er-300x200.jpg 300w, https:\/\/www.markus-schall.de\/wp-content\/uploads\/Wehrpflicht-Schulstreiks-90er-768x512.jpg 768w, https:\/\/www.markus-schall.de\/wp-content\/uploads\/Wehrpflicht-Schulstreiks-90er-18x12.jpg 18w\" sizes=\"auto, (max-width: 1024px) 100vw, 1024px\" \/><\/p>\n<h2>Ponto de viragem: Como a situa\u00e7\u00e3o de seguran\u00e7a da Europa mudou<\/h2>\n<p>Se acompanharmos o debate pol\u00edtico na Europa atual, h\u00e1 um termo que surge repetidamente:<\/p>\n<blockquote><p><em>\u201ePonto de viragem\u201c<\/em><\/p><\/blockquote>\n<p>Esta palavra aparece em discursos de pol\u00edticos, em artigos de jornais, em talk shows e em an\u00e1lises de pol\u00edtica de seguran\u00e7a. Refere-se \u00e0 avalia\u00e7\u00e3o de que a situa\u00e7\u00e3o estrat\u00e9gica na Europa mudou fundamentalmente - e mais rapidamente do que muitos observadores teriam esperado h\u00e1 apenas alguns anos.<\/p>\n<p>Durante muito tempo, a Alemanha viveu num ambiente de seguran\u00e7a relativamente est\u00e1vel. Ap\u00f3s o fim da Guerra Fria, um grande conflito militar em solo europeu parecia quase inconceb\u00edvel. A Bundeswehr foi reduzida, as despesas com a defesa diminu\u00edram e muitas pessoas tinham a impress\u00e3o de que as quest\u00f5es militares desempenhariam um papel secund\u00e1rio no futuro. Atualmente, a situa\u00e7\u00e3o \u00e9 diferente.<\/p>\n<h3>A guerra na Ucr\u00e2nia como um ponto de viragem<\/h3>\n<p>A guerra na Ucr\u00e2nia foi um ponto de viragem decisivo. Desde 2022, o mais tardar, o tema da pol\u00edtica de seguran\u00e7a voltou ao topo da agenda pol\u00edtica da Europa. Muitos pa\u00edses est\u00e3o a debater a estabilidade da ordem de seguran\u00e7a europeia e o papel que as for\u00e7as armadas nacionais ter\u00e3o de desempenhar no futuro.<\/p>\n<p>Esta evolu\u00e7\u00e3o conduziu tamb\u00e9m a uma clara mudan\u00e7a de rumo na Alemanha. Os pol\u00edticos est\u00e3o agora a dizer abertamente que a Europa tem de voltar a concentrar-se mais na dissuas\u00e3o militar e nas capacidades de defesa. O governo alem\u00e3o decidiu criar um grande fundo especial para a Bundeswehr, as despesas com a defesa foram aumentadas e a Alemanha est\u00e1 agora muito mais empenhada na NATO do que h\u00e1 alguns anos atr\u00e1s.<\/p>\n<p>Estas mudan\u00e7as n\u00e3o t\u00eam apenas um impacto na pol\u00edtica externa. Afectam tamb\u00e9m quest\u00f5es muito pr\u00e1ticas: equipamento, infra-estruturas - e pessoal.<\/p>\n<h3>A import\u00e2ncia crescente da Bundeswehr<\/h3>\n<p>Neste novo contexto, a Bundeswehr est\u00e1 a deslocar-se para o centro do debate pol\u00edtico. Durante muitos anos, a Bundeswehr foi vista na Alemanha como uma institui\u00e7\u00e3o que existia mas que era pouco vis\u00edvel na vida quotidiana da maioria das pessoas. As miss\u00f5es no estrangeiro tinham lugar, mas muitas vezes desempenhavam apenas um papel limitado na consci\u00eancia p\u00fablica.<\/p>\n<p>Atualmente, as coisas s\u00e3o diferentes. De repente, h\u00e1 um debate mais intenso sobre a dimens\u00e3o que as for\u00e7as armadas devem ter, as tarefas que devem desempenhar e a sua prepara\u00e7\u00e3o para potenciais crises. Ao mesmo tempo, a NATO aumentou as suas expectativas em rela\u00e7\u00e3o aos Estados membros. Espera-se que a Alemanha d\u00ea uma maior contribui\u00e7\u00e3o para a defesa colectiva.<\/p>\n<p>Tudo isto significa que a Bundeswehr n\u00e3o precisa apenas de tecnologia moderna, mas tamb\u00e9m de pessoal suficiente.<\/p>\n<h3>As necessidades de pessoal das for\u00e7as armadas<\/h3>\n<p>Um ex\u00e9rcito moderno n\u00e3o funciona apenas com ve\u00edculos, avi\u00f5es ou sistemas digitais. Acima de tudo, precisa de pessoas - soldados, t\u00e9cnicos, especialistas, oficiais e muitos outros trabalhadores qualificados.<\/p>\n<p>Este \u00e9 um dos maiores desafios que a Bundeswehr enfrenta desde h\u00e1 v\u00e1rios anos. Os meios de comunica\u00e7\u00e3o social referem repetidamente as dificuldades de recrutamento de pessoal. Alguns dom\u00ednios t\u00e9cnicos ou especializados s\u00e3o particularmente dif\u00edceis de preencher. Ao mesmo tempo, a necessidade de novos recrutas qualificados est\u00e1 a aumentar.<\/p>\n<p>Este n\u00e3o \u00e9 um problema exclusivamente alem\u00e3o. Muitos pa\u00edses europeus est\u00e3o a enfrentar quest\u00f5es semelhantes. Nas sociedades modernas, os militares competem com muitos outros empregadores por jovens bem formados. Enquanto que, no passado, o servi\u00e7o militar obrigat\u00f3rio assegurava a disponibilidade regular de novos soldados, um ex\u00e9rcito volunt\u00e1rio tem de recrutar ativamente os seus membros.<\/p>\n<h3>Uma nova quest\u00e3o estrat\u00e9gica<\/h3>\n<p>Isto tamb\u00e9m altera uma perspetiva fundamental: o ex\u00e9rcito est\u00e1 a tornar-se cada vez mais um empregador entre muitos. Atualmente, a Bundeswehr tem de explicar por que raz\u00e3o os jovens devem escolher uma carreira militar. Tem de apresentar programas de forma\u00e7\u00e3o, mostrar oportunidades de carreira e apresentar o seu papel na sociedade. Em suma, tem de ser vis\u00edvel.<\/p>\n<p>E \u00e9 precisamente aqui que as escolas entram em cena. Afinal, se se pretende chegar aos jovens, faz sentido ir onde eles est\u00e3o: nas escolas, nos centros de forma\u00e7\u00e3o ou nas universidades. Nesta perspetiva, as ac\u00e7\u00f5es de informa\u00e7\u00e3o, as confer\u00eancias ou os debates sobre a pol\u00edtica de seguran\u00e7a parecem ser, \u00e0 partida, uma medida l\u00f3gica.<\/p>\n<p>Mas \u00e9 exatamente aqui que come\u00e7a o debate social.<\/p>\n<h3>Militares e sociedade<\/h3>\n<p>Na Alemanha, a rela\u00e7\u00e3o entre as for\u00e7as armadas e a sociedade \u00e9 tradicionalmente sens\u00edvel. A experi\u00eancia hist\u00f3rica do s\u00e9culo XX levou muitas pessoas a prestar muita aten\u00e7\u00e3o ao papel das for\u00e7as armadas na vida p\u00fablica.<\/p>\n<p>\u00c9 por isso que a presen\u00e7a crescente da Bundeswehr nas escolas \u00e9 encarada de forma diferente. Para alguns, a pol\u00edtica de seguran\u00e7a \u00e9 uma parte natural da educa\u00e7\u00e3o pol\u00edtica. Defendem que os alunos t\u00eam o direito de se familiarizarem com a perspetiva das for\u00e7as armadas.<\/p>\n<p>Outros t\u00eam uma vis\u00e3o mais cr\u00edtica. Temem que os interesses militares possam ganhar demasiada influ\u00eancia no dom\u00ednio da educa\u00e7\u00e3o - especialmente se, ao mesmo tempo, estiverem a ser procurados novos recrutas para o ex\u00e9rcito.<\/p>\n<p>Atualmente, uma grande parte do debate p\u00fablico centra-se nestas duas posi\u00e7\u00f5es.<\/p>\n<h3>O caso da tens\u00e3o: o que acontece quando a Alemanha entra oficialmente em modo de crise?<\/h3>\n<p><a href=\"https:\/\/www.markus-schall.de\/pt\/2025\/10\/o-que-significa-a-queda-de-tensao-na-alemanha-e-que-consequencias-concretas-teria\/\"><img loading=\"lazy\" decoding=\"async\" class=\"alignright wp-image-3002 size-medium\" src=\"https:\/\/www.markus-schall.de\/wp-content\/uploads\/Spannungsfall-Deutschland-2025-300x200.jpg\" alt=\"Estojo de tens\u00e3o-Alemanha-2025\" width=\"300\" height=\"200\" srcset=\"https:\/\/www.markus-schall.de\/wp-content\/uploads\/Spannungsfall-Deutschland-2025-300x200.jpg 300w, https:\/\/www.markus-schall.de\/wp-content\/uploads\/Spannungsfall-Deutschland-2025-768x512.jpg 768w, https:\/\/www.markus-schall.de\/wp-content\/uploads\/Spannungsfall-Deutschland-2025-18x12.jpg 18w, https:\/\/www.markus-schall.de\/wp-content\/uploads\/Spannungsfall-Deutschland-2025.jpg 1024w\" sizes=\"auto, (max-width: 300px) 100vw, 300px\" \/><\/a>Outro termo que surge cada vez mais frequentemente nas discuss\u00f5es sobre pol\u00edtica de seguran\u00e7a \u00e9 o chamado estado de tens\u00e3o. Este estado situa-se legalmente entre o tempo de paz e o estado de defesa e pode ser declarado pelo Bundestag em caso de amea\u00e7a de uma crise internacional grave. No entanto, muitos cidad\u00e3os mal sabem quais seriam as consequ\u00eancias concretas desse facto. No meu <a href=\"https:\/\/www.markus-schall.de\/pt\/2025\/10\/o-que-significa-a-queda-de-tensao-na-alemanha-e-que-consequencias-concretas-teria\/\"><strong>Artigo sobre a queda de tens\u00e3o<\/strong><\/a> Por conseguinte, explico em pormenor quais os mecanismos pol\u00edticos e jur\u00eddicos que seriam ent\u00e3o postos em pr\u00e1tica. Estes incluem a poss\u00edvel mobiliza\u00e7\u00e3o da Bundeswehr, poderes especiais para ag\u00eancias governamentais e mudan\u00e7as na vida quotidiana da popula\u00e7\u00e3o. O artigo mostra claramente como funciona esta parte raramente discutida da arquitetura de seguran\u00e7a alem\u00e3.<\/p>\n<hr \/>\n<h3 style=\"text-align: left;\">Inqu\u00e9rito atual sobre um poss\u00edvel caso de tens\u00e3o na Alemanha<\/h3>\n<div class='bootstrap-yop yop-poll-mc'>\n\t\t\t\t\t\t\t<div class=\"basic-yop-poll-container\" style=\"background-color:#ffffff; border:0px; border-style:solid; border-color:#000000; border-radius:5px; padding:0px 5px;\" data-id=\"6\" data-temp=\"basic-pretty\" data-skin=\"square\" data-cscheme=\"blue\" data-cap=\"0\" data-access=\"guest\" data-tid=\"\" data-uid=\"e48e894e4a32347a5281d17bc2c0b101\" data-pid=\"5009\" data-resdet=\"votes-number,percentages\" data-show-results-to=\"guest\" data-show-results-moment=\"after-vote\" data-show-results-only=\"false\" data-show-message=\"true\" data-show-results-as=\"bar\" data-sort-results-by=\"as-defined\" data-sort-results-rule=\"asc\"data-is-ended=\"0\" data-percentages-decimals=\"2\" data-gdpr=\"no\" data-gdpr-sol=\"consent\" data-css=\".basic-yop-poll-container[data-uid] .basic-vote {\t\t\t\t\t\t\t\t\ttext-align: center;\t\t\t\t\t\t\t\t}\" data-counter=\"0\" data-load-with=\"1\" data-notification-section=\"top\"><div class=\"row\"><div class=\"col-md-12\"><div class=\"basic-inner\"><div class=\"basic-message hide\" style=\"border-left: 10px solid #008000; padding: 0px 10px;\" data-error=\"#ff0000\" data-success=\"#008000\"><p class=\"basic-message-text\" style=\"color:#000000; font-size:14px; font-weight:normal;\"><\/p><\/div><div class=\"basic-overlay hide\"><div class=\"basic-vote-options\"><\/div><div class=\"basic-preloader\"><div class=\"basic-windows8\"><div class=\"basic-wBall basic-wBall_1\"><div class=\"basic-wInnerBall\"><\/div><\/div><div class=\"basic-wBall basic-wBall_2\"><div class=\"basic-wInnerBall\"><\/div><\/div><div class=\"basic-wBall basic-wBall_3\"><div class=\"basic-wInnerBall\"><\/div><\/div><div class=\"basic-wBall basic-wBall_4\"><div class=\"basic-wInnerBall\"><\/div><\/div><div class=\"basic-wBall basic-wBall_5\"><div class=\"basic-wInnerBall\"><\/div><\/div><\/div><\/div><\/div><form class=\"basic-form\" action=\"\"><input type=\"hidden\" name=\"_token\" value=\"523642ccbf\" autocomplete=\"off\"><div class=\"basic-elements\"><div class=\"basic-element basic-question basic-question-text-vertical\" data-id=\"6\" data-uid=\"ddfe0d832a58667de3f398ebdc541492\" data-type=\"question\" data-question-type=\"text\" data-required=\"yes\" data-allow-multiple=\"no\" data-min=\"1\" data-max=\"7\" data-display=\"vertical\" data-colnum=\"\" data-display-others=\"no\" data-others-color=\"\" data-others=\"\" data-others-max-chars=\"0\"><div class=\"basic-question-title\"><h5 style=\"color:#000000; font-size:16px; font-weight:normal; text-align:left;\">Em que medida se sente pessoalmente preparado para um eventual caso de tens\u00e3o (por exemplo, crise ou guerra)?<\/h5><\/div><ul class=\"basic-answers\"><li class=\"basic-answer\" style=\"padding:0px 0px;\" data-id=\"24\" data-type=\"text\" data-vn=\"19\" data-color=\"#000000\" data-make-link=\"no\" data-link=\"\"><div class=\"basic-answer-content basic-text-vertical\"><label for=\"answer[24]\" class=\"basic-answer-label\"><input type=\"radio\" id=\"answer[24]\" name=\"answer[6]\" value=\"24\"><span class=\"basic-text\" style=\"color: #000000; font-size: 14px; font-weight: normal;\">Muito bom - tenho material, conhecimentos e um plano<\/span><\/label><\/div><\/li><li class=\"basic-answer\" style=\"padding:0px 0px;\" data-id=\"25\" data-type=\"text\" data-vn=\"36\" data-color=\"#000000\" data-make-link=\"no\" data-link=\"\"><div class=\"basic-answer-content basic-text-vertical\"><label for=\"answer[25]\" class=\"basic-answer-label\"><input type=\"radio\" id=\"answer[25]\" name=\"answer[6]\" value=\"25\"><span class=\"basic-text\" style=\"color: #000000; font-size: 14px; font-weight: normal;\">Muito bom - pensei um pouco no assunto<\/span><\/label><\/div><\/li><li class=\"basic-answer\" style=\"padding:0px 0px;\" data-id=\"26\" data-type=\"text\" data-vn=\"59\" data-color=\"#000000\" data-make-link=\"no\" data-link=\"\"><div class=\"basic-answer-content basic-text-vertical\"><label for=\"answer[26]\" class=\"basic-answer-label\"><input type=\"radio\" id=\"answer[26]\" name=\"answer[6]\" value=\"26\"><span class=\"basic-text\" style=\"color: #000000; font-size: 14px; font-weight: normal;\">Dificilmente - s\u00f3 espero que n\u00e3o aconte\u00e7a nada<\/span><\/label><\/div><\/li><li class=\"basic-answer\" style=\"padding:0px 0px;\" data-id=\"27\" data-type=\"text\" data-vn=\"13\" data-color=\"#000000\" data-make-link=\"no\" data-link=\"\"><div class=\"basic-answer-content basic-text-vertical\"><label for=\"answer[27]\" class=\"basic-answer-label\"><input type=\"radio\" id=\"answer[27]\" name=\"answer[6]\" value=\"27\"><span class=\"basic-text\" style=\"color: #000000; font-size: 14px; font-weight: normal;\">De modo algum - eu suprimo deliberadamente o tema<\/span><\/label><\/div><\/li><li class=\"basic-answer\" style=\"padding:0px 0px;\" data-id=\"28\" data-type=\"text\" data-vn=\"16\" data-color=\"#000000\" data-make-link=\"no\" data-link=\"\"><div class=\"basic-answer-content basic-text-vertical\"><label for=\"answer[28]\" class=\"basic-answer-label\"><input type=\"radio\" id=\"answer[28]\" name=\"answer[6]\" value=\"28\"><span class=\"basic-text\" style=\"color: #000000; font-size: 14px; font-weight: normal;\">Afinal, o que \u00e9 uma \"queda de tens\u00e3o\"?<\/span><\/label><\/div><\/li><\/ul><\/div><div class=\"clearfix\"><\/div><\/div><div class=\"basic-vote\"><a href=\"#\" class=\"button basic-vote-button\" role=\"button\" style=\"background:#027bb8; border:0px; border-style: solid; border-color:#000000; border-radius:5px; padding:10px 10px; color:#ffffff; font-size:14px; font-weight:normal;\">Vota\u00e7\u00e3o<\/a><\/div><input type=\"hidden\" name=\"trp-form-language\" value=\"pt\"\/><\/form><\/div><\/div><\/div><\/div>\n\t\t\t\t\t\t<\/div>\n<hr \/>\n<h3>Um debate que est\u00e1 apenas a come\u00e7ar<\/h3>\n<p>Se olharmos para os desenvolvimentos actuais, rapidamente se torna claro que a quest\u00e3o do papel da Bundeswehr nas escolas faz parte de um debate muito mais vasto. Esta quest\u00e3o toca em quest\u00f5es fundamentais como a seguran\u00e7a, a democracia, a educa\u00e7\u00e3o pol\u00edtica e a responsabilidade do Estado para com os seus cidad\u00e3os. Ao mesmo tempo, mostra que a rela\u00e7\u00e3o entre os jovens e as institui\u00e7\u00f5es do Estado tamb\u00e9m est\u00e1 a mudar.<\/p>\n<p>H\u00e1 algumas d\u00e9cadas, seria provavelmente dif\u00edcil imaginar que as crian\u00e7as em idade escolar se manifestassem e discutissem publicamente o servi\u00e7o militar ou a pol\u00edtica militar.<\/p>\n<p>Tudo isto indica que a Europa - e com ela a Alemanha - est\u00e1 de facto numa fase de convuls\u00e3o. Por isso, \u00e9 ainda mais interessante perguntar como \u00e9 que a Bundeswehr tem agora de recrutar mais jovens. O ponto de partida decisivo para esta evolu\u00e7\u00e3o \u00e9 uma decis\u00e3o pol\u00edtica tomada h\u00e1 mais de uma d\u00e9cada: o fim do servi\u00e7o militar obrigat\u00f3rio.<\/p>\n<p><img loading=\"lazy\" decoding=\"async\" class=\"alignnone size-large wp-image-5153\" src=\"https:\/\/www.markus-schall.de\/wp-content\/uploads\/Wehrpflicht-Schulstreiks-Geopolitik.jpg\" alt=\"Servi\u00e7o militar obrigat\u00f3rio - greves nas escolas - geopol\u00edtica\" width=\"1024\" height=\"683\" srcset=\"https:\/\/www.markus-schall.de\/wp-content\/uploads\/Wehrpflicht-Schulstreiks-Geopolitik.jpg 1024w, https:\/\/www.markus-schall.de\/wp-content\/uploads\/Wehrpflicht-Schulstreiks-Geopolitik-300x200.jpg 300w, https:\/\/www.markus-schall.de\/wp-content\/uploads\/Wehrpflicht-Schulstreiks-Geopolitik-768x512.jpg 768w, https:\/\/www.markus-schall.de\/wp-content\/uploads\/Wehrpflicht-Schulstreiks-Geopolitik-18x12.jpg 18w\" sizes=\"auto, (max-width: 1024px) 100vw, 1024px\" \/><\/p>\n<h2>O fim do servi\u00e7o militar obrigat\u00f3rio e as suas consequ\u00eancias<\/h2>\n<p>Em 2011, a Alemanha tomou uma decis\u00e3o em mat\u00e9ria de pol\u00edtica de seguran\u00e7a, cujos efeitos ainda se fazem sentir atualmente: O servi\u00e7o militar obrigat\u00f3rio foi suspenso. Embora n\u00e3o tenha sido formalmente abolido por completo, na pr\u00e1tica esta decis\u00e3o assinalou o fim de um sistema que tinha sido uma componente central da estrutura de seguran\u00e7a alem\u00e3 durante d\u00e9cadas.<\/p>\n<p>Durante muitas gera\u00e7\u00f5es, o servi\u00e7o militar obrigat\u00f3rio foi uma quest\u00e3o natural. Qualquer pessoa que atingisse a maioridade tinha de esperar passar alguns meses da sua vida nas for\u00e7as armadas ou no servi\u00e7o civil. O Estado tinha, assim, um fluxo cont\u00ednuo de recrutas - independentemente de o servi\u00e7o militar ser atrativo para o indiv\u00edduo.<\/p>\n<p>Este princ\u00edpio mudou radicalmente com a suspens\u00e3o do servi\u00e7o militar obrigat\u00f3rio.<\/p>\n<h3>Do ex\u00e9rcito de conscritos ao ex\u00e9rcito de volunt\u00e1rios<\/h3>\n<p>Desde 2011, a Bundeswehr baseia-se num sistema volunt\u00e1rio. Isto significa que j\u00e1 ningu\u00e9m \u00e9 automaticamente recrutado. Qualquer pessoa que queira tornar-se soldado tem de tomar uma decis\u00e3o consciente para o fazer.<\/p>\n<p>Inicialmente, havia raz\u00f5es bastante compreens\u00edveis para esta mudan\u00e7a. Nos anos anteriores, o n\u00famero de conscritos j\u00e1 tinha sido muito reduzido e muitos especialistas defendiam que um ex\u00e9rcito moderno podia funcionar melhor com soldados volunt\u00e1rios e com forma\u00e7\u00e3o profissional.<\/p>\n<p>As tarefas da Bundeswehr tamb\u00e9m se alteraram. As miss\u00f5es no estrangeiro, a coopera\u00e7\u00e3o internacional e os sistemas militares tecnicamente sofisticados exigiam uma forma\u00e7\u00e3o cada vez mais especializada. Neste contexto, um ex\u00e9rcito mais pequeno e mais profissionalizado parecia mais sensato para muitos pol\u00edticos.<\/p>\n<p>Mas todas as decis\u00f5es pol\u00edticas t\u00eam tamb\u00e9m efeitos secund\u00e1rios.<\/p>\n<h3>O desafio de recrutar jovens talentos<\/h3>\n<p>Com o fim do servi\u00e7o militar obrigat\u00f3rio, desapareceu um mecanismo que, durante d\u00e9cadas, tinha assegurado automaticamente uma nova gera\u00e7\u00e3o de soldados. De repente, a Bundeswehr teve de convencer os jovens a alistarem-se voluntariamente.<\/p>\n<p>\u00c0 primeira vista, isto parece mais f\u00e1cil do que na pr\u00e1tica. Afinal de contas, a Bundeswehr est\u00e1 agora a competir com muitos outros empregadores por jovens qualificados. Universidades, empresas, empresas em fase de arranque, administra\u00e7\u00e3o p\u00fablica - todos est\u00e3o \u00e0 procura de jovens talentos. Ao mesmo tempo, o mundo do trabalho mudou radicalmente. Muitos jovens d\u00e3o grande import\u00e2ncia a um planeamento de vida flex\u00edvel, \u00e0 mobilidade internacional ou a \u00e1reas de carreira criativas.<\/p>\n<p>Nestas condi\u00e7\u00f5es, a carreira militar n\u00e3o \u00e9 atractiva para todos. Al\u00e9m disso, a profiss\u00e3o militar est\u00e1 associada a exig\u00eancias especiais: esfor\u00e7o f\u00edsico, disciplina, eventuais destacamentos no estrangeiro e disponibilidade para utilizar a for\u00e7a militar em caso de emerg\u00eancia. S\u00e3o aspectos que n\u00e3o podem ser comparados com os de um emprego normal.<\/p>\n<p>Para a Bundeswehr, isto significa que tem de explicar por que raz\u00e3o os jovens devem, apesar de tudo, escolher esta via.<\/p>\n<h3>Novas estrat\u00e9gias de rela\u00e7\u00f5es p\u00fablicas<\/h3>\n<p>Nos anos que se seguiram a 2011, a Bundeswehr come\u00e7ou, portanto, a expandir significativamente o seu trabalho de rela\u00e7\u00f5es p\u00fablicas. Campanhas de informa\u00e7\u00e3o, portais de carreira e apari\u00e7\u00f5es nas redes sociais tinham como objetivo mostrar as oportunidades que uma carreira militar pode oferecer.<\/p>\n<p>Os eventos para os jovens tamb\u00e9m ganharam import\u00e2ncia. Os stands de informa\u00e7\u00e3o nas feiras de forma\u00e7\u00e3o, os servi\u00e7os de aconselhamento para os jovens que abandonam a escola e as apresenta\u00e7\u00f5es sobre as profiss\u00f5es t\u00e9cnicas nas for\u00e7as armadas fazem cada vez mais parte da estrat\u00e9gia de recrutamento.<\/p>\n<p>Outro instrumento foram os eventos educativos - como palestras sobre pol\u00edtica de seguran\u00e7a, jogos de simula\u00e7\u00e3o de conflitos internacionais ou debates sobre o papel da NATO. Oficialmente, a t\u00f3nica \u00e9 colocada na educa\u00e7\u00e3o pol\u00edtica e na divulga\u00e7\u00e3o de informa\u00e7\u00e3o. Contudo, alguns cr\u00edticos v\u00eaem isto como uma forma indireta de recrutamento.<\/p>\n<p>Independentemente disso, esta evolu\u00e7\u00e3o mostra sobretudo uma coisa: a Bundeswehr est\u00e1 agora mais dependente da visibilidade do que no passado.<\/p>\n<h3>Uma sociedade em transi\u00e7\u00e3o<\/h3>\n<p>Esta mudan\u00e7a ocorre numa altura em que a atitude da sociedade em rela\u00e7\u00e3o \u00e0s for\u00e7as armadas tamb\u00e9m se alterou. Embora a defesa nacional tenha sido uma quest\u00e3o pol\u00edtica central durante as d\u00e9cadas da Guerra Fria, foi ficando cada vez mais para segundo plano ap\u00f3s a reunifica\u00e7\u00e3o alem\u00e3.<\/p>\n<p>Muitas pessoas na Alemanha cresceram numa altura em que a guerra na Europa parecia quase inconceb\u00edvel. A pol\u00edtica de seguran\u00e7a era vista mais como uma tarefa de coopera\u00e7\u00e3o internacional e de solu\u00e7\u00f5es diplom\u00e1ticas. As quest\u00f5es militares n\u00e3o desempenhavam praticamente qualquer papel na vida quotidiana de muitos cidad\u00e3os.<\/p>\n<p>Com as actuais tens\u00f5es geopol\u00edticas, este quadro est\u00e1 a mudar novamente. Temas como a capacidade de defesa, a pol\u00edtica de alian\u00e7as e a dissuas\u00e3o militar est\u00e3o novamente a ser discutidos de forma mais intensa. Esta evolu\u00e7\u00e3o conduz inevitavelmente a uma outra quest\u00e3o: qual o papel que a Bundeswehr deve desempenhar na sociedade - e qual a sua visibilidade?<\/p>\n<h3>O regresso de um velho debate<\/h3>\n<p>H\u00e1 j\u00e1 alguns anos que se discute, portanto, o poss\u00edvel regresso do servi\u00e7o militar obrigat\u00f3rio. Alguns pol\u00edticos defendem que o servi\u00e7o obrigat\u00f3rio n\u00e3o s\u00f3 asseguraria as necessidades de m\u00e3o de obra das for\u00e7as armadas, como tamb\u00e9m poderia refor\u00e7ar a rela\u00e7\u00e3o entre a sociedade e as for\u00e7as armadas.<\/p>\n<p>Outros op\u00f5em-se firmemente a esta ideia. V\u00eaem-na como uma usurpa\u00e7\u00e3o da liberdade pessoal e duvidam que o servi\u00e7o militar obrigat\u00f3rio ainda fa\u00e7a sentido numa sociedade moderna.<\/p>\n<p>Atualmente, o debate pol\u00edtico oscila entre estas posi\u00e7\u00f5es. Apenas uma coisa \u00e9 certa: a decis\u00e3o de 2011 alterou definitivamente o sistema.<\/p>\n<h3>Um olhar sobre a gera\u00e7\u00e3o mais jovem<\/h3>\n<p>Enquanto os pol\u00edticos discutem modelos de reforma, os pr\u00f3prios jovens reagem a estes desenvolvimentos. As actuais greves escolares contra os planos de servi\u00e7o militar mostram que a quest\u00e3o do servi\u00e7o militar e da pol\u00edtica de seguran\u00e7a est\u00e1 de novo a afetar uma gera\u00e7\u00e3o que durante muito tempo teve pouco contacto com este tema.<\/p>\n<p>\u00c9 precisamente por isso que o sector da educa\u00e7\u00e3o est\u00e1 a tornar-se cada vez mais um local onde este debate se torna vis\u00edvel. As escolas n\u00e3o s\u00e3o apenas locais de aprendizagem, mas tamb\u00e9m espa\u00e7os em que as quest\u00f5es pol\u00edticas s\u00e3o reconhecidas e discutidas mais intensamente pela primeira vez.<\/p>\n<p>Isto traz automaticamente uma outra quest\u00e3o para o centro das aten\u00e7\u00f5es: que papel desempenha atualmente a Bundeswehr na vida escolar quotidiana - e com que frequ\u00eancia \u00e9 que os alunos encontram soldados na sala de aula? \u00c9 precisamente esta a quest\u00e3o que queremos abordar mais pormenorizadamente no pr\u00f3ximo cap\u00edtulo.<\/p>\n<h3>Ponto de viragem na Bundeswehr: entre a press\u00e3o para reformar e a falta de pessoal<\/h3>\n<p>Desde o in\u00edcio da guerra na Ucr\u00e2nia, os pol\u00edticos e os militares alem\u00e3es t\u00eam falado de um \u201eponto de viragem\u201c na pol\u00edtica de seguran\u00e7a. Um document\u00e1rio da SWR acompanha v\u00e1rios soldados na sua vida quotidiana e mostra como esta decis\u00e3o pol\u00edtica est\u00e1 a ter um impacto concreto na Bundeswehr. O filme segue, entre outros, uma jovem recruta, um experiente soldado de reconhecimento no flanco oriental da NATO e um professor que \u00e9 suposto preparar os soldados para as novas realidades da pol\u00edtica de seguran\u00e7a.<\/p>\n<div class=\"lyte-wrapper\" style=\"width:640px;max-width:100%;margin:5px;\"><div class=\"lyMe\" id=\"WYL_tHblncZVU5A\"><div id=\"lyte_tHblncZVU5A\" data-src=\"https:\/\/www.markus-schall.de\/wp-content\/plugins\/wp-youtube-lyte\/lyteCache.php?origThumbUrl=%2F%2Fi.ytimg.com%2Fvi%2FtHblncZVU5A%2Fhqdefault.jpg\" class=\"pL\"><div class=\"tC\"><div class=\"tT\"><\/div><\/div><div class=\"play\"><\/div><div class=\"ctrl\"><div class=\"Lctrl\"><\/div><div class=\"Rctrl\"><\/div><\/div><\/div><noscript><a href=\"https:\/\/youtu.be\/tHblncZVU5A\" rel=\"nofollow noopener\" target=\"_blank\"><img loading=\"lazy\" decoding=\"async\" src=\"https:\/\/www.markus-schall.de\/wp-content\/plugins\/wp-youtube-lyte\/lyteCache.php?origThumbUrl=https%3A%2F%2Fi.ytimg.com%2Fvi%2FtHblncZVU5A%2F0.jpg\" alt=\"Miniatura de v\u00eddeo do YouTube\" width=\"640\" height=\"340\" \/><br \/>Ver este v\u00eddeo no YouTube<\/a><\/noscript><\/div><\/div><div class=\"lL\" style=\"max-width:100%;width:640px;margin:5px;\"><\/div><br \/>\nUm ano com os soldados na Bundeswehr <a href=\"https:\/\/www.youtube.com\/@SWRDoku\" target=\"_blank\" rel=\"nofollow noopener\">Document\u00e1rio SWR<\/a><\/p>\n<p>Os desafios que a Bundeswehr enfrenta atualmente tornam-se claros: falta de pessoal, equipamento que foi negligenciado durante anos e a tarefa de se recentrar na defesa nacional e da alian\u00e7a. O relat\u00f3rio fornece uma vis\u00e3o pessoal de um ex\u00e9rcito em transi\u00e7\u00e3o.<\/p>\n<h3>A situa\u00e7\u00e3o antes e depois do fim do servi\u00e7o militar obrigat\u00f3rio<\/h3>\n<div style=\"overflow-x: auto;\">\n<table style=\"border-collapse: collapse; width: 100%;\">\n<tbody>\n<tr style=\"background-color: #f2f2f2;\">\n<th>Antes de 2011 (servi\u00e7o militar obrigat\u00f3rio)<\/th>\n<th>Depois de 2011 (ex\u00e9rcito de volunt\u00e1rios)<\/th>\n<th>Efeitos<\/th>\n<\/tr>\n<tr>\n<td>Alistamento autom\u00e1tico de muitos jovens.<\/td>\n<td>Candidatura volunt\u00e1ria \u00e0s carreiras militares.<\/td>\n<td>A Bundeswehr tem de recrutar ativamente novos recrutas.<\/td>\n<\/tr>\n<tr>\n<td>O ex\u00e9rcito estava presente na sociedade, mas raramente nas aulas.<\/td>\n<td>Mais informa\u00e7\u00f5es sobre eventos e ac\u00e7\u00f5es de rela\u00e7\u00f5es p\u00fablicas.<\/td>\n<td>A Bundeswehr aparece mais frequentemente no sector da educa\u00e7\u00e3o.<\/td>\n<\/tr>\n<tr>\n<td>O Estado dispunha de uma oferta previs\u00edvel de pessoal.<\/td>\n<td>O recrutamento est\u00e1 a tornar-se mais dif\u00edcil.<\/td>\n<td>Est\u00e3o a surgir novas estrat\u00e9gias de recrutamento.<\/td>\n<\/tr>\n<tr>\n<td>O servi\u00e7o militar fazia parte da vida de muitos jovens.<\/td>\n<td>O servi\u00e7o militar \u00e9 uma decis\u00e3o profissional consciente.<\/td>\n<td>A rela\u00e7\u00e3o entre a sociedade e as for\u00e7as armadas est\u00e1 a mudar.<\/td>\n<\/tr>\n<\/tbody>\n<\/table>\n<\/div>\n<h2>Quando os soldados v\u00eam para a aula<\/h2>\n<p>Quando os soldados aparecem atualmente nas salas de aula alem\u00e3s, n\u00e3o s\u00e3o normalmente recrutadores no sentido tradicional. S\u00e3o geralmente os chamados oficiais da juventude da Bundeswehr. Esta fun\u00e7\u00e3o especial existe desde o final da d\u00e9cada de 1950. A sua tarefa oficial consiste em fornecer informa\u00e7\u00f5es sobre a pol\u00edtica de seguran\u00e7a e realizar debates com os jovens.<\/p>\n<p>Os agentes da juventude s\u00e3o agentes formados que tamb\u00e9m recebem forma\u00e7\u00e3o pedag\u00f3gica. Visitam escolas, universidades e institui\u00e7\u00f5es de ensino pol\u00edtico para dar palestras ou participar em eventos de debate. Os temas incluem conflitos internacionais, pol\u00edtica de alian\u00e7as, o papel da NATO e a situa\u00e7\u00e3o de seguran\u00e7a na Europa.<\/p>\n<p>Formalmente, esta atividade \u00e9 considerada como educa\u00e7\u00e3o pol\u00edtica. A Bundeswehr sublinha regularmente que os oficiais da juventude n\u00e3o devem recrutar diretamente os jovens. Actuam como oradores e n\u00e3o como conselheiros de carreira.<\/p>\n<p>No entanto, a sua presen\u00e7a no sector da educa\u00e7\u00e3o tornou-se muito mais vis\u00edvel nos \u00faltimos anos.<\/p>\n<h3>A pol\u00edtica de seguran\u00e7a como tema de ensino<\/h3>\n<p>Os eventos com os oficiais da juventude t\u00eam normalmente lugar no \u00e2mbito de disciplinas como pol\u00edtica, estudos sociais ou hist\u00f3ria. Os professores podem solicitar uma visita deste tipo se pretenderem explorar um tema em maior profundidade - como a pol\u00edtica de seguran\u00e7a internacional ou a estrutura da NATO.<\/p>\n<p>Um programa t\u00edpico \u00e9 relativamente simples: um funcion\u00e1rio come\u00e7a por fazer uma apresenta\u00e7\u00e3o sobre a evolu\u00e7\u00e3o atual da pol\u00edtica de seguran\u00e7a. Segue-se uma ronda de debate na qual os alunos podem colocar quest\u00f5es.<\/p>\n<p>N\u00e3o se trata apenas de aspectos militares. Os processos de decis\u00e3o pol\u00edtica, as organiza\u00e7\u00f5es internacionais e o papel da Alemanha nos conflitos mundiais tamb\u00e9m s\u00e3o frequentemente abordados.<\/p>\n<p>Para muitos alunos, esta visita \u00e9 provavelmente o seu primeiro contacto direto com um membro das for\u00e7as armadas.<\/p>\n<h3>Jogos de simula\u00e7\u00e3o e simula\u00e7\u00f5es de conflitos<\/h3>\n<p>Para al\u00e9m das aulas tradicionais, existem tamb\u00e9m formatos mais interactivos. Particularmente conhecido \u00e9 o <a href=\"https:\/\/de.wikipedia.org\/wiki\/POL%26IS\" target=\"_blank\" rel=\"noopener\"><strong>Jogo de simula\u00e7\u00e3o POL&amp;IS<\/strong><\/a> - Pol\u00edtica e seguran\u00e7a internacional. Esta \u00e9 uma simula\u00e7\u00e3o da pol\u00edtica internacional.<\/p>\n<p>Neste jogo, os alunos assumem v\u00e1rios pap\u00e9is, como o governo de um Estado ou o diretor de uma organiza\u00e7\u00e3o internacional. T\u00eam de tomar decis\u00f5es sobre desenvolvimentos econ\u00f3micos, rela\u00e7\u00f5es diplom\u00e1ticas ou conflitos de pol\u00edtica de seguran\u00e7a. \u00c9 tamb\u00e9m discutida a quest\u00e3o do papel que os meios militares podem desempenhar em determinadas situa\u00e7\u00f5es.<\/p>\n<p>A ideia subjacente a estes jogos de simula\u00e7\u00e3o \u00e9 facilitar a compreens\u00e3o de contextos pol\u00edticos complexos. A pol\u00edtica internacional \u00e9 composta por muitos factores interligados - economia, diplomacia, quest\u00f5es ambientais e seguran\u00e7a militar. Esta complexidade pode muitas vezes ser apresentada de forma mais viva numa simula\u00e7\u00e3o do que num debate tradicional na sala de aula. No entanto, estes formatos tamb\u00e9m s\u00e3o objeto de cr\u00edticas.<\/p>\n<h3>Uma linha t\u00e9nue entre informa\u00e7\u00e3o e apresenta\u00e7\u00e3o<\/h3>\n<p>Os cr\u00edticos argumentam que os jogos ou apresenta\u00e7\u00f5es de simula\u00e7\u00e3o podem, por vezes, retratar os aspectos militares de forma demasiado positiva. Quando os conflitos s\u00e3o simulados num ambiente l\u00fadico, existe o perigo de se perder de vista a realidade da viol\u00eancia militar.<\/p>\n<p>Outros v\u00eaem-no de forma diferente. Sublinham que a educa\u00e7\u00e3o pol\u00edtica \u00e9 particularmente \u00fatil quando inclui diferentes perspectivas. O ponto de vista das for\u00e7as armadas tamb\u00e9m pode desempenhar um papel, desde que seja discutido de forma cr\u00edtica nas aulas.<\/p>\n<p>Este debate mostra como o tema \u00e9 sens\u00edvel.<\/p>\n<h3>Excurs\u00f5es e encontros fora da sala de aula<\/h3>\n<p>Para al\u00e9m das visitas \u00e0s salas de aula, existe uma outra forma de encontro: as excurs\u00f5es \u00e0s bases da Bundeswehr. Algumas escolas organizam visitas a casernas ou a instala\u00e7\u00f5es de treino militar.<\/p>\n<p>Por exemplo, os alunos podem ver equipamento t\u00e9cnico, falar com soldados ou ter uma vis\u00e3o dos processos de forma\u00e7\u00e3o. Para muitos jovens, esta \u00e9 uma oportunidade de conhecer uma institui\u00e7\u00e3o que, de outra forma, parece bastante abstrata.<\/p>\n<p>Estas visitas s\u00e3o frequentemente consideradas pelos organizadores como ofertas informativas. Ao mesmo tempo, tamb\u00e9m levantam quest\u00f5es. Os cr\u00edticos falam por vezes de uma esp\u00e9cie de \u201ecar\u00e1cter experimental\u201c que pode fazer com que as estruturas militares pare\u00e7am particularmente interessantes.<\/p>\n<p>Se esta avalia\u00e7\u00e3o \u00e9 correta ou n\u00e3o, provavelmente depende muito da organiza\u00e7\u00e3o real de tais eventos.<\/p>\n<h3>Com que frequ\u00eancia se efectuam essas visitas?<\/h3>\n<p>O n\u00famero exato de visitas \u00e0s escolas varia de ano para ano. Estima-se que, todos os anos, os animadores de juventude visitam dezenas de milhares de alunos na Alemanha. No total, realizam-se milhares de eventos - n\u00e3o s\u00f3 em escolas, mas tamb\u00e9m em universidades ou institui\u00e7\u00f5es de ensino pol\u00edtico.<\/p>\n<p>Isto n\u00e3o significa que todas as escolas recebam este tipo de visitas com regularidade. Pelo contr\u00e1rio, depende muito de cada professor, das redes regionais ou de projectos pedag\u00f3gicos espec\u00edficos.<\/p>\n<p>Em algumas escolas, estes acontecimentos fazem parte integrante das aulas de pol\u00edtica. Noutras, n\u00e3o s\u00e3o ensinados de todo.<\/p>\n<h3>A perspetiva das escolas<\/h3>\n<p>Isto levanta uma quest\u00e3o pr\u00e1tica para professores e diretores de escolas: que oradores externos devem ser convidados para a sala de aula?<br \/>\nAs escolas trabalham regularmente com convidados, como cientistas, jornalistas, pol\u00edticos ou representantes de empresas. As organiza\u00e7\u00f5es da sociedade civil tamb\u00e9m organizam palestras ou workshops.<\/p>\n<p>Neste contexto, a Bundeswehr \u00e9 uma institui\u00e7\u00e3o estatal entre muitas outras. No entanto, o seu papel \u00e9 discutido com mais intensidade do que o de outros intervenientes. A raz\u00e3o \u00e9 \u00f3bvia: o ex\u00e9rcito n\u00e3o \u00e9 um empregador comum. Trata-se de uma organiza\u00e7\u00e3o que tem de recorrer \u00e0 for\u00e7a numa situa\u00e7\u00e3o de emerg\u00eancia para defender os interesses do Estado. \u00c9 por isso que \u00e9 dada uma aten\u00e7\u00e3o especial \u00e0 forma como a sua presen\u00e7a no sector da educa\u00e7\u00e3o \u00e9 organizada.<\/p>\n<p>Para alguns, as visitas \u00e0 Bundeswehr s\u00e3o uma parte leg\u00edtima da educa\u00e7\u00e3o pol\u00edtica. A pol\u00edtica de seguran\u00e7a \u00e9 um tema que afecta os jovens e pode ser \u00fatil conhecer perspectivas diferentes.<\/p>\n<p>Para outros, subsiste um certo mal-estar. Perguntam-se se as escolas s\u00e3o realmente o lugar certo para as institui\u00e7\u00f5es militares - especialmente numa altura em que as for\u00e7as armadas est\u00e3o ativamente \u00e0 procura de novos recrutas.<\/p>\n<p>Estas diferentes perspectivas mostram que o debate sobre as visitas das For\u00e7as Armadas alem\u00e3s \u00e0s salas de aula se insere, em \u00faltima an\u00e1lise, numa discuss\u00e3o social mais vasta. Afinal, quando as institui\u00e7\u00f5es do Estado se envolvem mais na educa\u00e7\u00e3o, surge automaticamente uma quest\u00e3o fundamental: que papel devem desempenhar?<\/p>\n<p>\u00c9 precisamente neste ponto que come\u00e7a o pr\u00f3ximo n\u00edvel do debate - nomeadamente a coopera\u00e7\u00e3o entre a Bundeswehr e a pol\u00edtica de educa\u00e7\u00e3o.<\/p>\n<h3>Formas de contacto da Bundeswehr com as escolas<\/h3>\n<div style=\"overflow-x: auto;\">\n<table style=\"border-collapse: collapse; width: 100%;\">\n<tbody>\n<tr style=\"background-color: #f2f2f2;\">\n<th>Formato<\/th>\n<th>Descri\u00e7\u00e3o da<\/th>\n<th>Objetivo<\/th>\n<\/tr>\n<tr>\n<td><strong>Apresenta\u00e7\u00f5es dos respons\u00e1veis pela juventude<\/strong><\/td>\n<td>Os soldados explicam a pol\u00edtica de seguran\u00e7a internacional e debatem-na com os alunos.<\/td>\n<td>Educa\u00e7\u00e3o pol\u00edtica sobre quest\u00f5es de pol\u00edtica de seguran\u00e7a.<\/td>\n<\/tr>\n<tr>\n<td><strong>Jogos de simula\u00e7\u00e3o (por exemplo, POL&amp;IS)<\/strong><\/td>\n<td>Simula\u00e7\u00e3o da pol\u00edtica internacional e das decis\u00f5es de conflito.<\/td>\n<td>Tornar compreens\u00edveis contextos pol\u00edticos complexos.<\/td>\n<\/tr>\n<tr>\n<td><strong>Informa\u00e7\u00f5es sobre a carreira<\/strong><\/td>\n<td>Informa\u00e7\u00f5es sobre forma\u00e7\u00e3o e oportunidades de carreira na Bundeswehr.<\/td>\n<td>Despertar o interesse pelas profiss\u00f5es militares.<\/td>\n<\/tr>\n<tr>\n<td><strong>Visitas \u00e0s casernas<\/strong><\/td>\n<td>Os alunos visitam locais militares e falam com soldados.<\/td>\n<td>Uma vis\u00e3o do trabalho quotidiano e da tecnologia das for\u00e7as armadas.<\/td>\n<\/tr>\n<\/tbody>\n<\/table>\n<\/div>\n<h2>Coopera\u00e7\u00e3o entre a Bundeswehr e os Minist\u00e9rios da Educa\u00e7\u00e3o e dos Assuntos Culturais<\/h2>\n<p>A participa\u00e7\u00e3o de soldados nas aulas ou a realiza\u00e7\u00e3o de jogos de simula\u00e7\u00e3o da pol\u00edtica de seguran\u00e7a nas escolas n\u00e3o \u00e9, em geral, totalmente espont\u00e2nea ou aleat\u00f3ria. Muitas destas actividades baseiam-se em acordos oficiais entre a Bundeswehr e os minist\u00e9rios da educa\u00e7\u00e3o dos estados federais.<\/p>\n<p>Estas colabora\u00e7\u00f5es n\u00e3o s\u00e3o um projeto secreto na Alemanha, nem s\u00e3o um desenvolvimento novo. De facto, muitos destes acordos foram celebrados h\u00e1 mais de uma d\u00e9cada, sobretudo entre 2008 e 2011, altura em que surgiu o desejo em v\u00e1rios estados federais de integrar mais fortemente os temas da pol\u00edtica de seguran\u00e7a nas aulas.<\/p>\n<p>Inicialmente, a ideia subjacente era relativamente pragm\u00e1tica: as escolas deveriam ter acesso a oradores especializados em quest\u00f5es de pol\u00edtica de seguran\u00e7a internacional.<\/p>\n<p>Isto porque os curr\u00edculos abrangem agora temas como a NATO, os conflitos internacionais, as miss\u00f5es de paz e a pol\u00edtica de seguran\u00e7a europeia. E \u00e9 precisamente aqui que os jovens oficiais da Bundeswehr s\u00e3o vistos como potenciais contactos.<\/p>\n<h3>O conte\u00fado dos acordos<\/h3>\n<p>Os acordos de coopera\u00e7\u00e3o entre a Bundeswehr e os minist\u00e9rios da educa\u00e7\u00e3o regulam sobretudo quest\u00f5es organizacionais. Determinam as condi\u00e7\u00f5es em que os oficiais de juventude podem visitar as escolas e o papel que lhes \u00e9 permitido desempenhar. Um ponto central \u00e9 quase sempre o facto de a responsabilidade educativa continuar a ser inteiramente da escola. Em termos concretos, isto significa<\/p>\n<ul>\n<li>Os professores decidem se convidam um animador de juventude.<\/li>\n<li>A escola determina o tema e o programa do evento.<\/li>\n<li>A visita \u00e9 volunt\u00e1ria e faz parte do projeto pedag\u00f3gico do professor.<\/li>\n<\/ul>\n<p>Al\u00e9m disso, muitos acordos sublinham explicitamente que os animadores de juventude n\u00e3o devem recrutar diretamente novos recrutas. De acordo com declara\u00e7\u00f5es oficiais, a sua tarefa consiste em explicar os contextos da pol\u00edtica de seguran\u00e7a e facilitar as discuss\u00f5es. Por conseguinte, a Bundeswehr encara este trabalho como um contributo para a educa\u00e7\u00e3o pol\u00edtica.<\/p>\n<h3>Uma rede de contactos<\/h3>\n<p>Na pr\u00e1tica, estas colabora\u00e7\u00f5es resultam frequentemente em redes relativamente est\u00e1veis. Os respons\u00e1veis pela juventude trabalham regularmente com determinadas escolas, os professores conhecem os seus contactos na Bundeswehr e algumas unidades de ensino repetem-se de forma semelhante ao longo dos anos.<\/p>\n<p>Isto pode certamente ter vantagens pr\u00e1ticas para as escolas. Os temas da pol\u00edtica de seguran\u00e7a s\u00e3o um dos dom\u00ednios mais complexos da educa\u00e7\u00e3o pol\u00edtica. Os oradores externos podem ajudar a explicar os desenvolvimentos actuais ou fornecer informa\u00e7\u00f5es pr\u00e1ticas. Os jogos de simula\u00e7\u00e3o ou os eventos de debate tamb\u00e9m podem ser organizados mais facilmente com o apoio de moderadores experientes.<\/p>\n<p>Do ponto de vista da Bundeswehr, esta rede tem tamb\u00e9m uma clara vantagem: Permite o acesso a jovens que se interessam por quest\u00f5es pol\u00edticas e que est\u00e3o prestes a fazer a transi\u00e7\u00e3o para a vida ativa.<\/p>\n<h3>Um tema sens\u00edvel no sector da educa\u00e7\u00e3o<\/h3>\n<p>Apesar desta estrutura organizativa, a coopera\u00e7\u00e3o entre o sector militar e a pol\u00edtica educativa continua a ser uma quest\u00e3o sens\u00edvel. Na Alemanha, o sector da educa\u00e7\u00e3o \u00e9 tradicionalmente muito sens\u00edvel \u00e0 neutralidade pol\u00edtica.<\/p>\n<p>As escolas devem ser locais onde se possam discutir diferentes perspectivas - sem que uma determinada institui\u00e7\u00e3o estatal tenha uma influ\u00eancia dominante. \u00c9 precisamente por isso que alguns observadores t\u00eam uma vis\u00e3o cr\u00edtica da coopera\u00e7\u00e3o com as For\u00e7as Armadas alem\u00e3s. Perguntam-se se as for\u00e7as armadas devem ser, de facto, o parceiro certo para a educa\u00e7\u00e3o pol\u00edtica.<\/p>\n<p>Outros, por outro lado, n\u00e3o v\u00eaem este facto como um problema. Defendem que as quest\u00f5es de pol\u00edtica de seguran\u00e7a, em particular, n\u00e3o podem ser discutidas sem a perspetiva das for\u00e7as armadas. Quando os alunos falam de conflitos internacionais ou de pol\u00edtica de defesa, tamb\u00e9m pode fazer sentido envolver algu\u00e9m que esteja profissionalmente envolvido nestas quest\u00f5es.<\/p>\n<h3>Diferentes regulamentos nos estados federais<\/h3>\n<p>Outro ponto que \u00e9 por vezes esquecido no debate p\u00fablico: A pol\u00edtica de educa\u00e7\u00e3o na Alemanha \u00e9 da compet\u00eancia dos Estados federados. Isto significa que n\u00e3o existe uma regulamenta\u00e7\u00e3o uniforme para todo o pa\u00eds.<\/p>\n<p>Alguns Estados federais mant\u00eam uma coopera\u00e7\u00e3o relativamente estreita com a Bundeswehr. Outros adoptam uma abordagem mais cautelosa ou centram-se mais em formas alternativas de educa\u00e7\u00e3o pol\u00edtica. Nalgumas regi\u00f5es, as visitas dos oficiais da juventude fazem parte do programa regular das escolas. Noutros Estados Federais, estes eventos s\u00e3o organizados com menos frequ\u00eancia ou discutidos de forma mais intensiva.<\/p>\n<p>Este sistema federal significa que a presen\u00e7a efectiva da Bundeswehr no quotidiano escolar pode variar muito.<\/p>\n<h3>O papel das pr\u00f3prias escolas<\/h3>\n<p>Em \u00faltima an\u00e1lise, a decis\u00e3o cabe muitas vezes \u00e0s pr\u00f3prias escolas. A dire\u00e7\u00e3o da escola e o pessoal docente decidem que oradores externos s\u00e3o convidados e que temas devem ser aprofundados na sala de aula.<\/p>\n<p>Algumas escolas utilizam regularmente os programas da Bundeswehr, por exemplo, para jogos de simula\u00e7\u00e3o ou eventos de discuss\u00e3o sobre pol\u00edtica internacional. Outras abst\u00eam-se deliberadamente de o fazer. Em alguns casos, as escolas decidiram mesmo expressamente n\u00e3o organizar eventos com oradores militares. Iniciativas como \u201eEscolas sem a Bundeswehr\u201c apelam aos estabelecimentos de ensino para que rejeitem tais visitas.<\/p>\n<p>Normalmente, n\u00e3o h\u00e1 consequ\u00eancias legais para este facto. As escolas s\u00e3o basicamente livres de organizar as suas aulas como entenderem.<\/p>\n<h3>Um debate sobre a miss\u00e3o educativa<\/h3>\n<p>Todos estes desenvolvimentos mostram que a coopera\u00e7\u00e3o entre a Bundeswehr e as escolas se insere, em \u00faltima an\u00e1lise, numa discuss\u00e3o mais vasta: o que faz exatamente parte da educa\u00e7\u00e3o pol\u00edtica?<\/p>\n<p>Ser\u00e1 que os alunos tamb\u00e9m devem aprender sobre a perspetiva das institui\u00e7\u00f5es estatais quando falam de pol\u00edtica internacional? Ou ser\u00e1 que as aulas devem manter-se deliberadamente afastadas das organiza\u00e7\u00f5es militares?<\/p>\n<p>Estas perguntas n\u00e3o podem ser respondidas com um simples \"sim\" ou \"n\u00e3o\". Elas tocam em ideias fundamentais sobre o papel que as escolas desempenham numa sociedade democr\u00e1tica.<\/p>\n<p>Por isso, n\u00e3o \u00e9 de admirar que as associa\u00e7\u00f5es de professores, as iniciativas de paz e as organiza\u00e7\u00f5es sociais se envolvam cada vez mais neste debate. Para elas, h\u00e1 uma quest\u00e3o muito fundamental: quantos militares pode o sector da educa\u00e7\u00e3o tolerar?<\/p>\n<p><img loading=\"lazy\" decoding=\"async\" class=\"alignnone size-large wp-image-5154\" src=\"https:\/\/www.markus-schall.de\/wp-content\/uploads\/Wehrpflicht-Schulstreiks-Zusammenarbeit.jpg\" alt=\"Coopera\u00e7\u00e3o entre a pol\u00edtica e as for\u00e7as armadas\" width=\"1024\" height=\"683\" srcset=\"https:\/\/www.markus-schall.de\/wp-content\/uploads\/Wehrpflicht-Schulstreiks-Zusammenarbeit.jpg 1024w, https:\/\/www.markus-schall.de\/wp-content\/uploads\/Wehrpflicht-Schulstreiks-Zusammenarbeit-300x200.jpg 300w, https:\/\/www.markus-schall.de\/wp-content\/uploads\/Wehrpflicht-Schulstreiks-Zusammenarbeit-768x512.jpg 768w, https:\/\/www.markus-schall.de\/wp-content\/uploads\/Wehrpflicht-Schulstreiks-Zusammenarbeit-18x12.jpg 18w\" sizes=\"auto, (max-width: 1024px) 100vw, 1024px\" \/><\/p>\n<h2>Cr\u00edticas e posi\u00e7\u00f5es contr\u00e1rias - um debate a v\u00e1rias vozes<\/h2>\n<p>Assim que as institui\u00e7\u00f5es do Estado se envolvem mais na educa\u00e7\u00e3o, surge quase automaticamente um debate p\u00fablico. Isto \u00e9 especialmente verdade quando se trata de assuntos militares. As reac\u00e7\u00f5es aos eventos da Bundeswehr nas escolas variam em conformidade.<\/p>\n<p>Enquanto alguns observadores consideram que se trata de uma componente leg\u00edtima da educa\u00e7\u00e3o pol\u00edtica, outros manifestam uma cr\u00edtica clara. Entre estas duas posi\u00e7\u00f5es, h\u00e1 um debate que n\u00e3o diz respeito apenas \u00e0 pol\u00edtica de educa\u00e7\u00e3o, mas tamb\u00e9m a quest\u00f5es fundamentais sobre a rela\u00e7\u00e3o entre os militares, o Estado e a sociedade.<\/p>\n<p>Por isso, vale a pena analisar mais de perto os argumentos mais importantes de ambos os lados.<\/p>\n<h3>Cr\u00edticas das associa\u00e7\u00f5es de professores<\/h3>\n<p>Uma das vozes mais fortes neste debate vem das associa\u00e7\u00f5es de professores. A Uni\u00e3o Alem\u00e3 de Educa\u00e7\u00e3o e Ci\u00eancia (GEW), em particular, tem vindo a manifestar h\u00e1 anos a sua preocupa\u00e7\u00e3o com a presen\u00e7a da Bundeswehr nas salas de aula.<\/p>\n<p>O ponto central da cr\u00edtica \u00e9 que a educa\u00e7\u00e3o pol\u00edtica deve ser organizada principalmente pelos pr\u00f3prios professores - e n\u00e3o por representantes de institui\u00e7\u00f5es estatais com os seus pr\u00f3prios interesses.<\/p>\n<p>Segundo os cr\u00edticos, existe o perigo de os alunos se familiarizarem com perspectivas unilaterais. As institui\u00e7\u00f5es militares t\u00eam naturalmente uma determinada vis\u00e3o dos conflitos internacionais, da pol\u00edtica de defesa ou das estrat\u00e9gias de pol\u00edtica de seguran\u00e7a.<\/p>\n<p>As associa\u00e7\u00f5es de professores defendem, por isso, que estes temas devem ser abordados na sala de aula sob diferentes perspectivas - por exemplo, numa perspetiva de ci\u00eancia pol\u00edtica, de hist\u00f3ria ou de pol\u00edtica de paz.<\/p>\n<p>Outro ponto diz respeito \u00e0 idade do grupo-alvo. Os alunos est\u00e3o ainda numa fase de orienta\u00e7\u00e3o pol\u00edtica. Por isso, os cr\u00edticos alertam para o facto de as institui\u00e7\u00f5es militares poderem ganhar demasiada influ\u00eancia no sector da educa\u00e7\u00e3o.<\/p>\n<h3>Iniciativas de paz e grupos da sociedade civil<\/h3>\n<p>Para al\u00e9m das associa\u00e7\u00f5es de professores, as iniciativas de paz tamb\u00e9m se manifestam regularmente. Algumas organiza\u00e7\u00f5es deste meio falam de uma \u201emilitariza\u00e7\u00e3o do sector da educa\u00e7\u00e3o\u201c.<\/p>\n<p>Isto significa que os temas militares est\u00e3o cada vez mais presentes no quotidiano escolar - seja atrav\u00e9s de palestras, jogos de simula\u00e7\u00e3o ou coopera\u00e7\u00e3o com institui\u00e7\u00f5es estatais.<\/p>\n<p>Estes grupos s\u00e3o confrontados com uma quest\u00e3o fundamental: devem as organiza\u00e7\u00f5es militares desempenhar um papel na sala de aula?<\/p>\n<p>Algumas iniciativas de paz defendem que as escolas devem ser deliberadamente locais onde a resolu\u00e7\u00e3o de conflitos, a diplomacia e a coopera\u00e7\u00e3o internacional ocupam um lugar central. Na sua opini\u00e3o, as perspectivas militares poderiam enviar o sinal errado, especialmente em tempos de crescentes tens\u00f5es globais.<\/p>\n<p>Alguns destes grupos est\u00e3o ativamente envolvidos em campanhas como a \u201eEscola sem a Bundeswehr\u201c, que apela \u00e0s escolas para que n\u00e3o recebam visitas de oficiais da juventude.<\/p>\n<h3>Cr\u00edticas das organiza\u00e7\u00f5es de defesa dos direitos da crian\u00e7a<\/h3>\n<p>Outro ponto de cr\u00edtica diz respeito ao facto de a Bundeswehr tamb\u00e9m formar volunt\u00e1rios de 17 anos. Embora estes menores n\u00e3o possam ser destacados para miss\u00f5es de combate, j\u00e1 est\u00e3o a iniciar a sua forma\u00e7\u00e3o militar.<\/p>\n<p>As organiza\u00e7\u00f5es de defesa dos direitos das crian\u00e7as criticam por vezes esta pr\u00e1tica. Defendem que os jovens devem ser particularmente protegidos quando se trata de estruturas militares e de poss\u00edveis destacamentos posteriores.<\/p>\n<p>Nos debates internacionais, discute-se frequentemente se os Estados s\u00f3 devem utilizar nas suas for\u00e7as armadas soldados maiores de idade. Neste dom\u00ednio, a Alemanha actua dentro de um quadro legalmente admiss\u00edvel, mas o debate continua vivo.<\/p>\n<h3>A principal preocupa\u00e7\u00e3o dos cr\u00edticos<\/h3>\n<p>Se resumirmos todos estes argumentos, um ponto central cristaliza-se: os cr\u00edticos temem que as escolas se tornem um espa\u00e7o de recrutamento indireto.<\/p>\n<p>Mesmo que os oficiais da juventude n\u00e3o recrutem oficialmente os jovens, a sua presen\u00e7a pode, por si s\u00f3, ter uma influ\u00eancia positiva na imagem da Bundeswehr. Especialmente se, ao mesmo tempo, forem discutidas oportunidades de carreira ou programas de forma\u00e7\u00e3o t\u00e9cnica.<\/p>\n<p>Nesta perspetiva, a fronteira entre informa\u00e7\u00e3o e publicidade \u00e9 considerada pouco n\u00edtida.<\/p>\n<h3>Os contra-argumentos<\/h3>\n<p>Por outro lado, existem posi\u00e7\u00f5es contr\u00e1rias igualmente claras. Muitos pol\u00edticos, especialistas em educa\u00e7\u00e3o e at\u00e9 alguns professores consideram as cr\u00edticas exageradas. O seu argumento \u00e9 que a pol\u00edtica de seguran\u00e7a \u00e9 uma parte real dos debates pol\u00edticos. Se os alunos quiserem compreender os conflitos internacionais, as estruturas da NATO ou as alian\u00e7as militares, pode ser \u00fatil familiariz\u00e1-los com a perspetiva das for\u00e7as armadas.<\/p>\n<p>\u00c9 igualmente salientado que os animadores de juventude n\u00e3o actuam sozinhos na sala de aula. Os professores podem moderar os debates, fazer perguntas cr\u00edticas ou trazer perspectivas adicionais. A educa\u00e7\u00e3o pol\u00edtica assenta na compara\u00e7\u00e3o de diferentes pontos de vista.<\/p>\n<p>Outro ponto diz respeito ao controlo democr\u00e1tico da Bundeswehr. A Alemanha considera as suas for\u00e7as armadas como um \u201eex\u00e9rcito parlamentar\u201c, firmemente integrado nas estruturas democr\u00e1ticas do Estado. Nesta perspetiva, parece perfeitamente leg\u00edtimo que os soldados tamb\u00e9m participem na educa\u00e7\u00e3o pol\u00edtica.<\/p>\n<h3>Uma compara\u00e7\u00e3o com outros oradores<\/h3>\n<p>Os que s\u00e3o a favor colocam tamb\u00e9m uma simples contra-pergunta: por que raz\u00e3o devem ser exclu\u00eddos os oradores militares, quando as escolas convidam regularmente representantes de outras institui\u00e7\u00f5es?<\/p>\n<p>Os jornalistas fazem reportagens sobre o trabalho dos meios de comunica\u00e7\u00e3o social, os empres\u00e1rios explicam as rela\u00e7\u00f5es econ\u00f3micas, as organiza\u00e7\u00f5es ambientais falam sobre a pol\u00edtica clim\u00e1tica. Em muitos dom\u00ednios, a participa\u00e7\u00e3o de peritos externos faz parte do quotidiano escolar h\u00e1 muito tempo.<\/p>\n<p>Se quisermos que a educa\u00e7\u00e3o pol\u00edtica seja realista, pode at\u00e9 fazer sentido permitir que diferentes actores sociais tenham uma palavra a dizer - desde que as suas declara\u00e7\u00f5es sejam discutidas de forma cr\u00edtica.<\/p>\n<h3>Um ato de equil\u00edbrio para as escolas<\/h3>\n<p>Na pr\u00e1tica, as escolas s\u00e3o, portanto, frequentemente confrontadas com um ato de equil\u00edbrio. Por um lado, devem apresentar os temas pol\u00edticos da forma mais variada poss\u00edvel. Por outro lado, t\u00eam de garantir que nenhuma institui\u00e7\u00e3o tem uma influ\u00eancia dominante.<\/p>\n<p>Muitos professores resolvem este problema de forma pragm\u00e1tica: recorrem a oradores externos, mas combinam as suas contribui\u00e7\u00f5es com debates cr\u00edticos ou materiais adicionais. Isto permite que os alunos conhe\u00e7am diferentes perspectivas e formem as suas pr\u00f3prias opini\u00f5es. Em \u00faltima an\u00e1lise, este \u00e9 o cerne da educa\u00e7\u00e3o democr\u00e1tica.<\/p>\n<h3>Um debate sem respostas simples<\/h3>\n<p>Se analisarmos os v\u00e1rios argumentos, rapidamente se torna claro que a discuss\u00e3o sobre as visitas das For\u00e7as Armadas alem\u00e3s \u00e0s escolas n\u00e3o pode ser reduzida a simples chav\u00f5es.<\/p>\n<p>Aborda quest\u00f5es fundamentais sobre a forma como a educa\u00e7\u00e3o pol\u00edtica deve ser organizada, o papel que as institui\u00e7\u00f5es estatais podem desempenhar no ensino e a forma como os jovens s\u00e3o apresentados a quest\u00f5es sociais complexas.<\/p>\n<p>\u00c9 precisamente por isso que este debate dever\u00e1 continuar durante algum tempo. \u00c9 interessante verificar que os pr\u00f3prios alunos est\u00e3o agora a envolver-se mais neste debate. As greves escolares contra os planos de servi\u00e7o militar mostram que uma nova gera\u00e7\u00e3o est\u00e1 a come\u00e7ar a formular as suas pr\u00f3prias posi\u00e7\u00f5es.<\/p>\n<p>Isto significa que parte do debate est\u00e1 a sair da sala de aula e a ir para as ruas - e \u00e9 a\u00ed que vamos analisar mais de perto no pr\u00f3ximo cap\u00edtulo.<\/p>\n<p><img loading=\"lazy\" decoding=\"async\" class=\"alignnone size-large wp-image-5155\" src=\"https:\/\/www.markus-schall.de\/wp-content\/uploads\/Wehrpflicht-Schulstreiks-Diskussion.jpg\" alt=\"Debate sobre a Bundeswehr nas escolas\" width=\"1024\" height=\"683\" srcset=\"https:\/\/www.markus-schall.de\/wp-content\/uploads\/Wehrpflicht-Schulstreiks-Diskussion.jpg 1024w, https:\/\/www.markus-schall.de\/wp-content\/uploads\/Wehrpflicht-Schulstreiks-Diskussion-300x200.jpg 300w, https:\/\/www.markus-schall.de\/wp-content\/uploads\/Wehrpflicht-Schulstreiks-Diskussion-768x512.jpg 768w, https:\/\/www.markus-schall.de\/wp-content\/uploads\/Wehrpflicht-Schulstreiks-Diskussion-18x12.jpg 18w\" sizes=\"auto, (max-width: 1024px) 100vw, 1024px\" \/><\/p>\n<h3>Argumentos dos cr\u00edticos e dos apoiantes da presen\u00e7a da Bundeswehr nas escolas<\/h3>\n<div style=\"overflow-x: auto;\">\n<table style=\"border-collapse: collapse; width: 100%;\">\n<tbody>\n<tr style=\"background-color: #f2f2f2;\">\n<th>Argumento dos cr\u00edticos<\/th>\n<th>Argumento dos proponentes<\/th>\n<th>Quest\u00e3o central<\/th>\n<\/tr>\n<tr>\n<td>As institui\u00e7\u00f5es militares n\u00e3o devem ter acesso direto aos estudantes.<\/td>\n<td>A pol\u00edtica de seguran\u00e7a faz parte da educa\u00e7\u00e3o pol\u00edtica e deve ser explicada.<\/td>\n<td>Ser\u00e1 que o sector militar pertence ao sector da educa\u00e7\u00e3o?<\/td>\n<\/tr>\n<tr>\n<td>Os jovens podem ser influenciados positivamente pelos soldados.<\/td>\n<td>Os alunos s\u00e3o capazes de discutir criticamente diferentes perspectivas.<\/td>\n<td>Qual \u00e9 a influ\u00eancia dos oradores externos?<\/td>\n<\/tr>\n<tr>\n<td>As visitas da Bundeswehr podem constituir um recrutamento indireto.<\/td>\n<td>Oficialmente, os agentes da juventude servem apenas para fornecer informa\u00e7\u00f5es pol\u00edticas.<\/td>\n<td>Onde \u00e9 que acaba a informa\u00e7\u00e3o e come\u00e7a a publicidade?<\/td>\n<\/tr>\n<tr>\n<td>As escolas devem permanecer t\u00e3o livres de militares quanto poss\u00edvel.<\/td>\n<td>Outras institui\u00e7\u00f5es do Estado tamb\u00e9m aparecem na sala de aula.<\/td>\n<td>Que actores externos s\u00e3o \u00fateis na sala de aula?<\/td>\n<\/tr>\n<\/tbody>\n<\/table>\n<\/div>\n<h2>Um novo movimento de protesto: greves nas escolas contra os planos de servi\u00e7o militar<\/h2>\n<p>Nos \u00faltimos meses, observou-se uma evolu\u00e7\u00e3o que, durante muito tempo, foi bastante rara nesta forma: os estudantes das escolas voltaram a participar cada vez mais em protestos pol\u00edticos. Uma das raz\u00f5es para este facto s\u00e3o as discuss\u00f5es sobre os novos modelos de servi\u00e7o militar na Alemanha.<\/p>\n<p>Em v\u00e1rias cidades alem\u00e3s havia <a href=\"https:\/\/schulstreikgegenwehrpflicht.com\" target=\"_blank\" rel=\"noopener\"><strong>Greves escolares contra poss\u00edveis reformas do servi\u00e7o militar<\/strong><\/a>. Milhares de jovens sa\u00edram das suas escolas durante o hor\u00e1rio escolar para participar em manifesta\u00e7\u00f5es. O seu objetivo era chamar a aten\u00e7\u00e3o para as poss\u00edveis consequ\u00eancias dos novos conceitos de pol\u00edtica de seguran\u00e7a e exprimir a sua rejei\u00e7\u00e3o de um eventual regresso ao servi\u00e7o obrigat\u00f3rio.<\/p>\n<p>Estes protestos mostram que as quest\u00f5es de pol\u00edtica de seguran\u00e7a dizem agora respeito tamb\u00e9m a uma gera\u00e7\u00e3o que, durante muito tempo, quase n\u00e3o teve contacto direto com as quest\u00f5es militares.<\/p>\n<h3>Contexto: Novos modelos de servi\u00e7o militar<\/h3>\n<p>Os protestos foram desencadeados por discuss\u00f5es pol\u00edticas sobre um novo modelo de servi\u00e7o militar. Ap\u00f3s a suspens\u00e3o do servi\u00e7o militar obrigat\u00f3rio em 2011, a Bundeswehr baseia-se atualmente no servi\u00e7o volunt\u00e1rio. No entanto, tendo em conta a altera\u00e7\u00e3o da situa\u00e7\u00e3o de seguran\u00e7a na Europa, os pol\u00edticos t\u00eam vindo a discutir, desde h\u00e1 algum tempo, formas de adaptar o sistema.<\/p>\n<p>Uma proposta consiste em come\u00e7ar por escrever a todos os jovens de um determinado ano e perguntar-lhes se est\u00e3o dispostos a cumprir o servi\u00e7o militar. Este question\u00e1rio recolheria informa\u00e7\u00f5es sobre o interesse, as qualifica\u00e7\u00f5es e os requisitos de sa\u00fade. Com base nestes dados, o Estado poderia ent\u00e3o decidir se e quantos jovens poderiam ser recrutados para o servi\u00e7o volunt\u00e1rio.<\/p>\n<p>No debate pol\u00edtico, este modelo \u00e9 frequentemente descrito como uma esp\u00e9cie de medida provis\u00f3ria. Se, a longo prazo, n\u00e3o houver volunt\u00e1rios suficientes, o legislador poderia, teoricamente, considerar tamb\u00e9m a reativa\u00e7\u00e3o do servi\u00e7o militar obrigat\u00f3rio.<\/p>\n<p>\u00c9 precisamente esta possibilidade que causa inquieta\u00e7\u00e3o em muitos jovens.<\/p>\n<h3>Manifesta\u00e7\u00f5es em muitas cidades<\/h3>\n<p>Em dezembro de 2025, registou-se, portanto, uma grande onda de protestos. Os estudantes organizaram manifesta\u00e7\u00f5es em mais de 90 cidades alem\u00e3s. Segundo as estimativas, cerca de 55.000 jovens participaram nas ac\u00e7\u00f5es.<\/p>\n<p>As cidades em que se realizaram os protestos foram Berlim, Hamburgo, Col\u00f3nia, D\u00fcsseldorf, Munique, Estugarda e Dresden. Nalgumas cidades, reuniram-se v\u00e1rios milhares de participantes.<\/p>\n<p>As manifesta\u00e7\u00f5es foram frequentemente organizadas atrav\u00e9s das redes sociais. Os grupos de estudantes ligavam-se em rede, divulgavam as convocat\u00f3rias para as greves e coordenavam os pontos de encontro para as manifesta\u00e7\u00f5es conjuntas.<\/p>\n<p>Muitos dos participantes traziam cartazes com palavras de ordem contra o servi\u00e7o militar obrigat\u00f3rio ou contra a crescente militariza\u00e7\u00e3o da pol\u00edtica.<\/p>\n<h3>O empenhamento pol\u00edtico de uma gera\u00e7\u00e3o jovem<\/h3>\n<p>Para muitos observadores, estas greves escolares s\u00e3o um sinal interessante. Mostram que os jovens est\u00e3o definitivamente interessados em quest\u00f5es pol\u00edticas - especialmente quando eles pr\u00f3prios podem ser diretamente afectados.<\/p>\n<p>O debate sobre o servi\u00e7o militar toca em quest\u00f5es fundamentais: liberdade pessoal, responsabilidade do Estado, seguran\u00e7a internacional e o papel das for\u00e7as armadas numa sociedade democr\u00e1tica. O facto de os alunos discutirem estas quest\u00f5es em p\u00fablico tamb\u00e9m pode ser visto como uma express\u00e3o de uma cultura pol\u00edtica viva.<\/p>\n<p>Ao mesmo tempo, \u00e9 evidente um conflito de gera\u00e7\u00f5es. Muitos jovens cresceram numa \u00e9poca em que as quest\u00f5es militares quase n\u00e3o desempenhavam um papel na vida quotidiana. Para eles, a ideia do servi\u00e7o militar obrigat\u00f3rio pode ser mais dif\u00edcil de compreender do que para as gera\u00e7\u00f5es mais velhas, que j\u00e1 passaram pelo servi\u00e7o militar ou civil obrigat\u00f3rio.<\/p>\n<h3>Protestos de estudantes contra o poss\u00edvel servi\u00e7o militar obrigat\u00f3rio nos media<\/h3>\n<p>Os meios de comunica\u00e7\u00e3o social p\u00fablicos est\u00e3o agora tamb\u00e9m a noticiar os crescentes protestos dos jovens contra poss\u00edveis modelos de servi\u00e7o militar. Num artigo publicado no <a href=\"https:\/\/www.youtube.com\/@tagesschau\" target=\"_blank\" rel=\"nofollow noopener\">Not\u00edcias di\u00e1rias<\/a> mostra alunos de escolas de v\u00e1rias cidades a sa\u00edrem \u00e0 rua sob o lema \u201eGreve escolar contra o servi\u00e7o militar obrigat\u00f3rio\u201c. Muitos dos jovens manifestam a sua preocupa\u00e7\u00e3o pelo facto de um novo servi\u00e7o militar obrigat\u00f3rio poder restringir os seus planos de vida. Alguns sublinham que, embora queiram, em princ\u00edpio, ocupar-se das quest\u00f5es de pol\u00edtica de seguran\u00e7a, n\u00e3o v\u00eaem o servi\u00e7o militar como uma op\u00e7\u00e3o obrigat\u00f3ria.<\/p>\n<div class=\"lyte-wrapper\" style=\"width:640px;max-width:100%;margin:5px;\"><div class=\"lyMe\" id=\"WYL_xP5tabk6g8c\"><div id=\"lyte_xP5tabk6g8c\" data-src=\"https:\/\/www.markus-schall.de\/wp-content\/plugins\/wp-youtube-lyte\/lyteCache.php?origThumbUrl=%2F%2Fi.ytimg.com%2Fvi%2FxP5tabk6g8c%2Fhqdefault.jpg\" class=\"pL\"><div class=\"tC\"><div class=\"tT\"><\/div><\/div><div class=\"play\"><\/div><div class=\"ctrl\"><div class=\"Lctrl\"><\/div><div class=\"Rctrl\"><\/div><\/div><\/div><noscript><a href=\"https:\/\/youtu.be\/xP5tabk6g8c\" rel=\"nofollow noopener\" target=\"_blank\"><img loading=\"lazy\" decoding=\"async\" src=\"https:\/\/www.markus-schall.de\/wp-content\/plugins\/wp-youtube-lyte\/lyteCache.php?origThumbUrl=https%3A%2F%2Fi.ytimg.com%2Fvi%2FxP5tabk6g8c%2F0.jpg\" alt=\"Miniatura de v\u00eddeo do YouTube\" width=\"640\" height=\"340\" \/><br \/>Ver este v\u00eddeo no YouTube<\/a><\/noscript><\/div><\/div><div class=\"lL\" style=\"max-width:100%;width:640px;margin:5px;\"><\/div><br \/>\nManifesta\u00e7\u00f5es a n\u00edvel nacional: Porque \u00e9 que os estudantes est\u00e3o a protestar contra a nova lei do servi\u00e7o militar<\/p>\n<p>O v\u00eddeo mostra entrevistas com alunos, bem como impress\u00f5es de manifesta\u00e7\u00f5es, e deixa claro como o tema \u00e9 emocional e controverso entre os jovens.<\/p>\n<h3>Conflito com o ensino obrigat\u00f3rio<\/h3>\n<p>No entanto, as greves escolares tamb\u00e9m levaram a uma quest\u00e3o pr\u00e1tica: os alunos podem manifestar-se durante o hor\u00e1rio escolar?<\/p>\n<p>A frequ\u00eancia escolar \u00e9 obrigat\u00f3ria na Alemanha. Isto significa que os alunos s\u00e3o obrigados a assistir \u00e0s aulas durante o hor\u00e1rio escolar. As manifesta\u00e7\u00f5es pol\u00edticas n\u00e3o s\u00e3o normalmente consideradas uma desculpa oficial.<\/p>\n<p>Assim, algumas autoridades escolares declararam que os participantes nas greves podiam ser considerados faltosos. Nalguns casos, foi salientado que as faltas apareceriam nos boletins escolares ou que seria necess\u00e1rio recuperar as faltas aos testes.<\/p>\n<p>Esta posi\u00e7\u00e3o foi, por sua vez, criticada. Alguns alunos e apoiantes argumentaram que o envolvimento pol\u00edtico n\u00e3o deveria ser dificultado por san\u00e7\u00f5es escolares. Salientaram que outros movimentos de protesto - como as manifesta\u00e7\u00f5es a favor do clima - tamb\u00e9m tiveram por vezes lugar durante o hor\u00e1rio escolar.<\/p>\n<h3>Um debate sobre a participa\u00e7\u00e3o pol\u00edtica<\/h3>\n<p>Assim, a partir das greves escolares, desenvolveu-se rapidamente um segundo debate: a quest\u00e3o da participa\u00e7\u00e3o pol\u00edtica dos jovens.<\/p>\n<p>Os alunos s\u00f3 devem exprimir as suas preocupa\u00e7\u00f5es pol\u00edticas fora do hor\u00e1rio escolar? Ou faz parte da cultura democr\u00e1tica o facto de os jovens chamarem a aten\u00e7\u00e3o do p\u00fablico para quest\u00f5es sociais tamb\u00e9m durante o hor\u00e1rio escolar?<\/p>\n<p>Como acontece frequentemente, tamb\u00e9m aqui h\u00e1 diferentes perspectivas. Alguns professores apoiam o envolvimento pol\u00edtico em princ\u00edpio, mas ao mesmo tempo sublinham que as escolas precisam de regras claras. Outros consideram problem\u00e1tico o facto de as aulas serem regularmente interrompidas por manifesta\u00e7\u00f5es.<\/p>\n<h3>Um sinal de mudan\u00e7a social<\/h3>\n<p>Independentemente da forma como se avaliam estas quest\u00f5es, as greves nas escolas mostram claramente uma coisa: as quest\u00f5es de pol\u00edtica de seguran\u00e7a voltaram a ser mais proeminentes no debate p\u00fablico.<\/p>\n<p>Uma gera\u00e7\u00e3o que durante muito tempo teve pouca liga\u00e7\u00e3o direta \u00e0s quest\u00f5es militares est\u00e1 a come\u00e7ar a envolver-se nestes temas. Est\u00e3o a surgir novos movimentos pol\u00edticos, novos argumentos e novas formas de envolvimento.<\/p>\n<p>Isto coloca um desafio adicional ao sector da educa\u00e7\u00e3o. As escolas n\u00e3o s\u00e3o apenas locais de aprendizagem, mas tamb\u00e9m locais onde os desenvolvimentos sociais se tornam vis\u00edveis.<\/p>\n<p>Quando os jovens come\u00e7am a discutir a pol\u00edtica militar, o servi\u00e7o militar ou os conflitos internacionais, surge automaticamente outra quest\u00e3o: como \u00e9 que as escolas podem lidar com esses debates pol\u00edticos?<\/p>\n<p>\u00c9 exatamente aqui que muitos estabelecimentos de ensino se encontram hoje - entre o ensino, a educa\u00e7\u00e3o pol\u00edtica e uma gera\u00e7\u00e3o de alunos que formulam cada vez mais as suas pr\u00f3prias posi\u00e7\u00f5es.<\/p>\n<p><img loading=\"lazy\" decoding=\"async\" class=\"alignnone size-large wp-image-5156\" src=\"https:\/\/www.markus-schall.de\/wp-content\/uploads\/Wehrpflicht-Schulstreiks-Demonstration.jpg\" alt=\"Greves e manifesta\u00e7\u00f5es contra a Bundeswehr nas escolas\" width=\"1024\" height=\"683\" srcset=\"https:\/\/www.markus-schall.de\/wp-content\/uploads\/Wehrpflicht-Schulstreiks-Demonstration.jpg 1024w, https:\/\/www.markus-schall.de\/wp-content\/uploads\/Wehrpflicht-Schulstreiks-Demonstration-300x200.jpg 300w, https:\/\/www.markus-schall.de\/wp-content\/uploads\/Wehrpflicht-Schulstreiks-Demonstration-768x512.jpg 768w, https:\/\/www.markus-schall.de\/wp-content\/uploads\/Wehrpflicht-Schulstreiks-Demonstration-18x12.jpg 18w\" sizes=\"auto, (max-width: 1024px) 100vw, 1024px\" \/><\/p>\n<h2>Escolas entre educa\u00e7\u00e3o pol\u00edtica e press\u00e3o pol\u00edtica<\/h2>\n<p>Quando se fala de visitas das for\u00e7as armadas alem\u00e3s, de discuss\u00f5es pol\u00edticas na sala de aula ou de manifesta\u00e7\u00f5es de estudantes, mais cedo ou mais tarde acaba-se por chegar a uma quest\u00e3o fundamental: que papel devem as escolas desempenhar efetivamente nos debates pol\u00edticos?<\/p>\n<p>Antes de mais, as escolas t\u00eam uma miss\u00e3o educativa. Devem transmitir conhecimentos, promover o pensamento cr\u00edtico e ajudar os jovens a formar as suas pr\u00f3prias opini\u00f5es. Por isso, disciplinas como a pol\u00edtica, a hist\u00f3ria ou os estudos sociais abordam inevitavelmente conflitos sociais, desenvolvimentos internacionais ou institui\u00e7\u00f5es estatais.<\/p>\n<p>A educa\u00e7\u00e3o pol\u00edtica \u00e9, portanto, uma parte natural da vida escolar quotidiana. Ao mesmo tempo, as escolas devem garantir que as aulas n\u00e3o conduzam a uma influ\u00eancia unilateral. Os professores devem explicar os temas, apresentar perspectivas e moderar os debates - mas n\u00e3o devem fazer campanhas pol\u00edticas.<\/p>\n<p>\u00c9 precisamente nesta zona de tens\u00e3o que se desenrolam muitos dos debates actuais.<\/p>\n<h3>Professores num campo de tens\u00e3o<\/h3>\n<p>Para os professores, esta situa\u00e7\u00e3o \u00e9 muitas vezes mais dif\u00edcil do que pode parecer \u00e0 primeira vista. Por um lado, t\u00eam de abordar os actuais desenvolvimentos pol\u00edticos na sala de aula. Por outro lado, t\u00eam de se certificar de que os diferentes pontos de vista s\u00e3o tidos em conta de forma adequada.<\/p>\n<p>Se, por exemplo, um respons\u00e1vel pela juventude for convidado a falar sobre pol\u00edtica de seguran\u00e7a, coloca-se automaticamente a quest\u00e3o: que outras perspectivas devem tamb\u00e9m ser inclu\u00eddas nas aulas?<\/p>\n<p>Por isso, alguns professores decidem deliberadamente permitir que v\u00e1rias vozes se exprimam. Para al\u00e9m dos representantes das institui\u00e7\u00f5es estatais, s\u00e3o convidados, por exemplo, acad\u00e9micos, jornalistas ou representantes de organiza\u00e7\u00f5es n\u00e3o governamentais. Isto cria uma imagem mais alargada do debate pol\u00edtico.<\/p>\n<p>Outras escolas adoptam uma abordagem mais cautelosa e geralmente evitam oradores externos de \u00e1reas particularmente controversas.<br \/>\nAmbos os caminhos s\u00e3o poss\u00edveis no sistema educativo alem\u00e3o.<\/p>\n<h3>Alunos entre o compromisso e a escolaridade obrigat\u00f3ria<\/h3>\n<p>Existe tamb\u00e9m uma \u00e1rea de tens\u00e3o para os alunos. Por um lado, espera-se que se interessem pelas quest\u00f5es sociais e compreendam os processos democr\u00e1ticos. Por outro lado, a escolaridade obrigat\u00f3ria continua em vigor.<\/p>\n<p>Quando os protestos pol\u00edticos - como as greves escolares contra os planos de servi\u00e7o militar - t\u00eam lugar durante o hor\u00e1rio escolar, estes dois princ\u00edpios entram em conflito. O empenhamento pol\u00edtico entra em conflito com as regras organizacionais da vida escolar.<\/p>\n<p>Alguns alunos v\u00eaem isto como uma contradi\u00e7\u00e3o. Defendem que a democracia tamb\u00e9m depende do facto de os jovens poderem exprimir publicamente as suas preocupa\u00e7\u00f5es. Outros aceitam a escolaridade obrigat\u00f3ria como a base necess\u00e1ria para um sistema educativo funcional.<\/p>\n<p>Para as escolas, esta situa\u00e7\u00e3o significa muitas vezes andar na corda bamba entre a compreens\u00e3o do empenhamento pol\u00edtico e a aplica\u00e7\u00e3o de regras claras.<\/p>\n<h3>Rejei\u00e7\u00e3o das visitas da Bundeswehr<\/h3>\n<p>Uma outra express\u00e3o destas tens\u00f5es pode ser vista na quest\u00e3o de saber se as escolas querem organizar eventos com a Bundeswehr.<\/p>\n<p>Nos \u00faltimos anos, algumas escolas decidiram n\u00e3o organizar tais visitas. Iniciativas como \u201eEscolas sem a Bundeswehr\u201c apelam aos estabelecimentos de ensino para que n\u00e3o convidem oradores militares. Este facto \u00e9 frequentemente justificado pelo desejo de manter as escolas t\u00e3o neutras quanto poss\u00edvel.<\/p>\n<p>Outras escolas t\u00eam uma vis\u00e3o diferente. Defendem que a educa\u00e7\u00e3o pol\u00edtica \u00e9 particularmente \u00fatil quando os alunos aprendem sobre diferentes perspectivas. Isto tamb\u00e9m pode incluir o ponto de vista das institui\u00e7\u00f5es estatais.<\/p>\n<p>\u00c9 interessante notar que ambas as posi\u00e7\u00f5es remetem para o mesmo princ\u00edpio - nomeadamente a miss\u00e3o educativa das escolas. Enquanto uns sublinham a neutralidade, outros apontam para a import\u00e2ncia de debates pluralistas.<\/p>\n<hr \/>\n\n\t\t\t<div class=\"display-post-types\">\n\n\t\t\t\t\t\t\t<style type=\"text\/css\">\n\t\t\t#dpt-wrapper-258 { --dpt-text-align: left;--dpt-image-crop: center;--dpt-border-radius: 5px;--dpt-h-gutter: 10px;--dpt-v-gutter: 10px; }\t\t\t<\/style>\n\t\t\t<style type=\"text\/css\">#dpt-wrapper-258 { --dpt-title-font-style:normal;--dpt-title-font-weight:600;--dpt-title-line-height:1.5;--dpt-title-text-decoration:none;--dpt-title-text-transform:none;--dpt-excerpt-font-style:normal;--dpt-excerpt-font-weight:400;--dpt-excerpt-line-height:1.5;--dpt-excerpt-text-decoration:none;--dpt-excerpt-text-transform:none;--dpt-meta1-font-style:normal;--dpt-meta1-font-weight:400;--dpt-meta1-line-height:1.9;--dpt-meta1-text-decoration:none;--dpt-meta1-text-transform:none;--dpt-meta2-font-style:normal;--dpt-meta2-font-weight:400;--dpt-meta2-line-height:1.9;--dpt-meta2-text-decoration:none;--dpt-meta2-text-transform:none; }<\/style><div class=\"dpt-main-header\">\n\t\t\t\t\t\t<div class=\"dpt-main-title\">\n\t\t\t\t\t\t\t<span class=\"dpt-main-title-text\">Artigos actuais sobre a Alemanha<\/span>\n\t\t\t\t\t\t<\/div>\n\t\t\t\t\t\t\n\t\t\t\t\t\t\n\t\t\t\t\t\t\n\t\t\t\t\t\t<\/div>\t\t\t\n\t\t\t\t<div id=\"dpt-wrapper-258\" class=\"dpt-wrapper dpt-list2 land1 dpt-cropped dpt-flex-wrap\" >\n\n\t\t\t\t\t\t\t\t\t\t\t<div class=\"dpt-entry has-thumbnail\" data-title=\"woher stammt sars-cov-2? ein sachlicher \u00dcberblick \u00fcber alle corona-theorien\" data-id=\"3521\"  data-category=\"allgemein gesellschaft gesundheit\" data-post_tag=\"deutschland gesundheit krisen sicherheitspolitik\">\n\t\t\t\t\t\t\t<div class=\"dpt-entry-wrapper\"><div class=\"dpt-featured-content\"><div class=\"dpt-permalink\"><a href=\"https:\/\/www.markus-schall.de\/pt\/2025\/11\/de-onde-vem-o-sars-cov-2-um-resumo-factual-de-todas-as-teorias-do-coronavirus\/\" class=\"dpt-permalink\"><span class=\"screen-reader-text\">Qual \u00e9 a origem do SARS-CoV-2? Um resumo factual de todas as teorias do coronav\u00edrus<\/span><\/a><\/div><div class=\"dpt-thumbnail\"><div class=\"dpt-thumbnail-inner\"><img width=\"1024\" height=\"728\" class=\"attachment-full size-full\" alt=\"SARS-CoV-2 - Corona\" context=\"dpt\" data-dpt-src=\"https:\/\/www.markus-schall.de\/wp-content\/uploads\/sars-covii-corona.jpg\" data-dpt-sizes=\"(max-width: 1024px) 100vw, 1024px\" data-dpt-srcset=\"https:\/\/www.markus-schall.de\/wp-content\/uploads\/sars-covii-corona.jpg 1024w, https:\/\/www.markus-schall.de\/wp-content\/uploads\/sars-covii-corona-300x213.jpg 300w, https:\/\/www.markus-schall.de\/wp-content\/uploads\/sars-covii-corona-768x546.jpg 768w, https:\/\/www.markus-schall.de\/wp-content\/uploads\/sars-covii-corona-18x12.jpg 18w\" \/><\/div><span class=\"dpt-thumbnail-aspect-ratio\" style=\"padding-top: 75%\"><\/span><\/div><\/div><div class=\"sub-entry\"><h3 class=\"dpt-title\"><a class=\"dpt-title-link\" href=\"https:\/\/www.markus-schall.de\/pt\/2025\/11\/de-onde-vem-o-sars-cov-2-um-resumo-factual-de-todas-as-teorias-do-coronavirus\/\" rel=\"bookmark\">Qual \u00e9 a origem do SARS-CoV-2? Um resumo factual de todas as teorias do coronav\u00edrus<\/a><\/h3><\/div><\/div>\n\t\t\t\t\t\t<\/div><!-- .dpt-entry -->\n\t\t\t\t\t\t\t\t\t\t\t\t<div class=\"dpt-entry has-thumbnail\" data-title=\"kriegst\u00fcchtigkeit, wehrpflicht &#038; verweigerung: was im ernstfall zu tun ist\" data-id=\"2966\"  data-category=\"allgemein b\u00fccher gesellschaft tipps &amp; anleitungen\" data-post_tag=\"buch deutschland geopolitik gesundheit krisen pers\u00f6nlichkeitsentwicklung ratgeber sicherheitspolitik\">\n\t\t\t\t\t\t\t<div class=\"dpt-entry-wrapper\"><div class=\"dpt-featured-content\"><div class=\"dpt-permalink\"><a href=\"https:\/\/www.markus-schall.de\/pt\/2025\/09\/objecao-de-consciencia-ao-servico-militar-o-que-fazer-em-caso-de-emergencia\/\" class=\"dpt-permalink\"><span class=\"screen-reader-text\">Aptid\u00e3o para a guerra, recrutamento e recusa: o que fazer em caso de emerg\u00eancia<\/span><\/a><\/div><div class=\"dpt-thumbnail\"><div class=\"dpt-thumbnail-inner\"><img width=\"1536\" height=\"1024\" class=\"attachment-full size-full\" alt=\"Conscri\u00e7\u00e3o: recusar o servi\u00e7o militar\" context=\"dpt\" data-dpt-src=\"https:\/\/www.markus-schall.de\/wp-content\/uploads\/wehrpflicht-kriegsdienst-verweigern.jpg\" data-dpt-sizes=\"(max-width: 1536px) 100vw, 1536px\" data-dpt-srcset=\"https:\/\/www.markus-schall.de\/wp-content\/uploads\/wehrpflicht-kriegsdienst-verweigern.jpg 1536w, https:\/\/www.markus-schall.de\/wp-content\/uploads\/wehrpflicht-kriegsdienst-verweigern-300x200.jpg 300w, https:\/\/www.markus-schall.de\/wp-content\/uploads\/wehrpflicht-kriegsdienst-verweigern-1024x683.jpg 1024w, https:\/\/www.markus-schall.de\/wp-content\/uploads\/wehrpflicht-kriegsdienst-verweigern-768x512.jpg 768w, https:\/\/www.markus-schall.de\/wp-content\/uploads\/wehrpflicht-kriegsdienst-verweigern-18x12.jpg 18w\" \/><\/div><span class=\"dpt-thumbnail-aspect-ratio\" style=\"padding-top: 75%\"><\/span><\/div><\/div><div class=\"sub-entry\"><h3 class=\"dpt-title\"><a class=\"dpt-title-link\" href=\"https:\/\/www.markus-schall.de\/pt\/2025\/09\/objecao-de-consciencia-ao-servico-militar-o-que-fazer-em-caso-de-emergencia\/\" rel=\"bookmark\">Aptid\u00e3o para a guerra, recrutamento e recusa: o que fazer em caso de emerg\u00eancia<\/a><\/h3><\/div><\/div>\n\t\t\t\t\t\t<\/div><!-- .dpt-entry -->\n\t\t\t\t\t\t\t\t\t\t\t\t<div class=\"dpt-entry has-thumbnail\" data-title=\"der zwei-plus-vier-vertrag, die nato und die bundeswehr: was gilt heute noch?\" data-id=\"4740\"  data-category=\"allgemein gesellschaft\" data-post_tag=\"deutschland europa geopolitik krisen sicherheitspolitik spieltheorie\">\n\t\t\t\t\t\t\t<div class=\"dpt-entry-wrapper\"><div class=\"dpt-featured-content\"><div class=\"dpt-permalink\"><a href=\"https:\/\/www.markus-schall.de\/pt\/2026\/02\/o-tratado-dois-mais-quatro-a-nato-e-a-bundeswehr-o-que-se-aplica-ainda-hoje\/\" class=\"dpt-permalink\"><span class=\"screen-reader-text\">O Tratado Dois Mais Quatro, a NATO e a Bundeswehr: o que se aplica ainda hoje?<\/span><\/a><\/div><div class=\"dpt-thumbnail\"><div class=\"dpt-thumbnail-inner\"><img width=\"1024\" height=\"683\" class=\"attachment-full size-full\" alt=\"\" context=\"dpt\" data-dpt-src=\"https:\/\/www.markus-schall.de\/wp-content\/uploads\/Zwei-Plus-Vier-Vertrag.jpg\" data-dpt-sizes=\"(max-width: 1024px) 100vw, 1024px\" data-dpt-srcset=\"https:\/\/www.markus-schall.de\/wp-content\/uploads\/Zwei-Plus-Vier-Vertrag.jpg 1024w, https:\/\/www.markus-schall.de\/wp-content\/uploads\/Zwei-Plus-Vier-Vertrag-300x200.jpg 300w, https:\/\/www.markus-schall.de\/wp-content\/uploads\/Zwei-Plus-Vier-Vertrag-768x512.jpg 768w, https:\/\/www.markus-schall.de\/wp-content\/uploads\/Zwei-Plus-Vier-Vertrag-18x12.jpg 18w\" \/><\/div><span class=\"dpt-thumbnail-aspect-ratio\" style=\"padding-top: 75%\"><\/span><\/div><\/div><div class=\"sub-entry\"><h3 class=\"dpt-title\"><a class=\"dpt-title-link\" href=\"https:\/\/www.markus-schall.de\/pt\/2026\/02\/o-tratado-dois-mais-quatro-a-nato-e-a-bundeswehr-o-que-se-aplica-ainda-hoje\/\" rel=\"bookmark\">O Tratado Dois Mais Quatro, a NATO e a Bundeswehr: o que se aplica ainda hoje?<\/a><\/h3><\/div><\/div>\n\t\t\t\t\t\t<\/div><!-- .dpt-entry -->\n\t\t\t\t\t\t\t\t\t\t\t\t<div class=\"dpt-entry has-thumbnail\" data-title=\"dauerkrise als normalzustand: wie narrative unsere wahrnehmung verzerren\" data-id=\"3840\"  data-category=\"allgemein b\u00fccher gesellschaft\" data-post_tag=\"buch deutschland energiepolitik erfahrungen europa krisen meinungsfreiheit pers\u00f6nlichkeitsentwicklung\">\n\t\t\t\t\t\t\t<div class=\"dpt-entry-wrapper\"><div class=\"dpt-featured-content\"><div class=\"dpt-permalink\"><a href=\"https:\/\/www.markus-schall.de\/pt\/2025\/12\/a-crise-permanente-como-um-estado-normal-como-as-narrativas-distorcem-a-nossa-percecao\/\" class=\"dpt-permalink\"><span class=\"screen-reader-text\">A crise permanente como um estado normal: como as narrativas distorcem a nossa perce\u00e7\u00e3o<\/span><\/a><\/div><div class=\"dpt-thumbnail\"><div class=\"dpt-thumbnail-inner\"><img width=\"1024\" height=\"683\" class=\"attachment-full size-full\" alt=\"Crise permanente, narrativas\" context=\"dpt\" data-dpt-src=\"https:\/\/www.markus-schall.de\/wp-content\/uploads\/dauerkrise-narrative.jpg\" data-dpt-sizes=\"(max-width: 1024px) 100vw, 1024px\" data-dpt-srcset=\"https:\/\/www.markus-schall.de\/wp-content\/uploads\/dauerkrise-narrative.jpg 1024w, https:\/\/www.markus-schall.de\/wp-content\/uploads\/dauerkrise-narrative-300x200.jpg 300w, https:\/\/www.markus-schall.de\/wp-content\/uploads\/dauerkrise-narrative-768x512.jpg 768w, https:\/\/www.markus-schall.de\/wp-content\/uploads\/dauerkrise-narrative-18x12.jpg 18w\" \/><\/div><span class=\"dpt-thumbnail-aspect-ratio\" style=\"padding-top: 75%\"><\/span><\/div><\/div><div class=\"sub-entry\"><h3 class=\"dpt-title\"><a class=\"dpt-title-link\" href=\"https:\/\/www.markus-schall.de\/pt\/2025\/12\/a-crise-permanente-como-um-estado-normal-como-as-narrativas-distorcem-a-nossa-percecao\/\" rel=\"bookmark\">A crise permanente como um estado normal: como as narrativas distorcem a nossa perce\u00e7\u00e3o<\/a><\/h3><\/div><\/div>\n\t\t\t\t\t\t<\/div><!-- .dpt-entry -->\n\t\t\t\t\t\t\n\t\t\t\t<\/div>\n\t\t\t\t\t\t<\/div>\n\t\t\t\n<hr \/>\n<h3>A responsabilidade da dire\u00e7\u00e3o da escola<\/h3>\n<p>Na pr\u00e1tica, a decis\u00e3o cabe frequentemente \u00e0 dire\u00e7\u00e3o da escola e ao pessoal docente. S\u00e3o eles que determinam os projectos a realizar, os convidados e a forma como os temas pol\u00edticos s\u00e3o abordados nas aulas.<\/p>\n<p>Muitos factores desempenham aqui um papel importante: as redes regionais, as convic\u00e7\u00f5es pessoais dos professores, os projectos pedag\u00f3gicos espec\u00edficos e as expectativas dos pais e dos alunos.<\/p>\n<p>Por exemplo, um diretor de escola tem de ponderar se uma palestra das For\u00e7as Armadas Alem\u00e3s se enquadra nos objectivos de ensino ou se pode gerar controv\u00e9rsia entre o pessoal docente ou os pais. Estas decis\u00f5es raramente s\u00e3o f\u00e1ceis.<\/p>\n<h3>A escola como espelho dos debates sociais<\/h3>\n<p>Talvez seja precisamente este o ponto crucial: as escolas n\u00e3o s\u00e3o apenas locais onde se transmitem conhecimentos, mas tamb\u00e9m um espelho da sociedade. Mais cedo ou mais tarde, os conflitos, as discuss\u00f5es e as quest\u00f5es pol\u00edticas de uma sociedade tamb\u00e9m emergem na sala de aula.<\/p>\n<p>Quando h\u00e1 disputas sobre a pol\u00edtica de seguran\u00e7a, quando h\u00e1 manifesta\u00e7\u00f5es ou quando as institui\u00e7\u00f5es do Estado querem explicar o seu papel, o sector da educa\u00e7\u00e3o n\u00e3o fica indiferente.<\/p>\n<p>Isto n\u00e3o significa necessariamente que as pr\u00f3prias escolas se tornem pol\u00edticas. Mas est\u00e3o a tornar-se locais onde as quest\u00f5es pol\u00edticas s\u00e3o discutidas - por vezes de forma mais intensa do que o inicialmente previsto.<\/p>\n<h3>Um ato de equil\u00edbrio na vida quotidiana<\/h3>\n<p>Para professores, diretores de escolas e alunos, isto significa, em \u00faltima an\u00e1lise, um equil\u00edbrio permanente. A educa\u00e7\u00e3o pol\u00edtica deve informar, n\u00e3o doutrinar. Os debates devem ter lugar, mas n\u00e3o devem dominar completamente as aulas.<\/p>\n<p>Este equil\u00edbrio \u00e9 particularmente dif\u00edcil em tempos de grandes mudan\u00e7as sociais. Porque quando as condi\u00e7\u00f5es pol\u00edticas mudam - por exemplo, devido a novos desafios da pol\u00edtica de seguran\u00e7a ou a debates sobre o servi\u00e7o militar - surgem automaticamente novas quest\u00f5es no sector da educa\u00e7\u00e3o.<\/p>\n<p>E \u00e9 precisamente por isso que vale a pena dar um passo atr\u00e1s no final e olhar mais de perto para este desenvolvimento.<\/p>\n<p><img loading=\"lazy\" decoding=\"async\" class=\"alignnone size-large wp-image-5157\" src=\"https:\/\/www.markus-schall.de\/wp-content\/uploads\/Wehrpflicht-Schulstreiks-Schlichtung.jpg\" alt=\"Um ato de equil\u00edbrio para escolas e professores\" width=\"1024\" height=\"683\" srcset=\"https:\/\/www.markus-schall.de\/wp-content\/uploads\/Wehrpflicht-Schulstreiks-Schlichtung.jpg 1024w, https:\/\/www.markus-schall.de\/wp-content\/uploads\/Wehrpflicht-Schulstreiks-Schlichtung-300x200.jpg 300w, https:\/\/www.markus-schall.de\/wp-content\/uploads\/Wehrpflicht-Schulstreiks-Schlichtung-768x512.jpg 768w, https:\/\/www.markus-schall.de\/wp-content\/uploads\/Wehrpflicht-Schulstreiks-Schlichtung-18x12.jpg 18w\" sizes=\"auto, (max-width: 1024px) 100vw, 1024px\" \/><\/p>\n<h3>A Alemanha em compara\u00e7\u00e3o - Servi\u00e7o militar obrigat\u00f3rio na Europa<\/h3>\n<div style=\"overflow-x: auto;\">\n<table style=\"border-collapse: collapse; width: 100%;\">\n<tbody>\n<tr style=\"background-color: #f2f2f2;\">\n<th>Pa\u00eds<\/th>\n<th>Estatuto do servi\u00e7o militar obrigat\u00f3rio<\/th>\n<th>Carater\u00edsticas especiais<\/th>\n<\/tr>\n<tr>\n<td><strong>Alemanha<\/strong><\/td>\n<td>Suspenso desde 2011<\/td>\n<td>\u201eO \u201cnovo servi\u00e7o militar\", o Bundeswehr era anteriormente baseado apenas em volunt\u00e1rios.<\/td>\n<\/tr>\n<tr>\n<td><strong>\u00c1ustria<\/strong><\/td>\n<td>Ativo<\/td>\n<td>Servi\u00e7o militar de base durante cerca de 6 meses; alternativa: servi\u00e7o civil.<\/td>\n<\/tr>\n<tr>\n<td><strong>Su\u00ed\u00e7a<\/strong><\/td>\n<td>Ativo<\/td>\n<td>Sistema de ex\u00e9rcito de mil\u00edcias com cursos de atualiza\u00e7\u00e3o regulares.<\/td>\n<\/tr>\n<tr>\n<td><strong>Finl\u00e2ndia<\/strong><\/td>\n<td>Ativo<\/td>\n<td>Servi\u00e7o militar obrigat\u00f3rio para os homens, servi\u00e7o volunt\u00e1rio poss\u00edvel para as mulheres.<\/td>\n<\/tr>\n<tr>\n<td><strong>Su\u00e9cia<\/strong><\/td>\n<td>Reintroduzido em 2017<\/td>\n<td>Alistamento seletivo para homens e mulheres.<\/td>\n<\/tr>\n<tr>\n<td><strong>Noruega<\/strong><\/td>\n<td>Ativo<\/td>\n<td>Servi\u00e7o militar obrigat\u00f3rio sem distin\u00e7\u00e3o de g\u00e9nero desde 2015.<\/td>\n<\/tr>\n<tr>\n<td><strong>Dinamarca<\/strong><\/td>\n<td>Parcialmente ativo<\/td>\n<td>Combina\u00e7\u00e3o de processos de lotaria de volunt\u00e1rios e de recrutamento.<\/td>\n<\/tr>\n<tr>\n<td><strong>Est\u00f3nia<\/strong><\/td>\n<td>Ativo<\/td>\n<td>Servi\u00e7o militar obrigat\u00f3rio para os homens; uma parte importante da defesa nacional.<\/td>\n<\/tr>\n<tr>\n<td><strong>Let\u00f3nia<\/strong><\/td>\n<td>Reintroduzido em 2023<\/td>\n<td>Novo servi\u00e7o militar obrigat\u00f3rio ap\u00f3s a aboli\u00e7\u00e3o em 2007.<\/td>\n<\/tr>\n<tr>\n<td><strong>Litu\u00e2nia<\/strong><\/td>\n<td>Reintroduzido em 2015<\/td>\n<td>Reativa\u00e7\u00e3o devido a tens\u00f5es geopol\u00edticas.<\/td>\n<\/tr>\n<tr>\n<td><strong>Fran\u00e7a<\/strong><\/td>\n<td>Abolido em 2001<\/td>\n<td>Debate sobre o servi\u00e7o civil ou nacional obrigat\u00f3rio.<\/td>\n<\/tr>\n<tr>\n<td><strong>It\u00e1lia<\/strong><\/td>\n<td>Suspenso desde 2005<\/td>\n<td>Ex\u00e9rcito profissional com servi\u00e7o militar volunt\u00e1rio.<\/td>\n<\/tr>\n<tr>\n<td><strong>Espanha<\/strong><\/td>\n<td>Abolido em 2001<\/td>\n<td>For\u00e7as armadas profissionais sem recrutamento.<\/td>\n<\/tr>\n<tr>\n<td><strong>Pa\u00edses Baixos<\/strong><\/td>\n<td>Exposto<\/td>\n<td>O servi\u00e7o militar obrigat\u00f3rio existe formalmente, mas n\u00e3o \u00e9 aplicado.<\/td>\n<\/tr>\n<tr>\n<td><strong>Pol\u00f3nia<\/strong><\/td>\n<td>Suspenso desde 2009<\/td>\n<td>Debate sobre novas formas de treino militar.<\/td>\n<\/tr>\n<\/tbody>\n<\/table>\n<\/div>\n<h2>Um debate aberto sobre as for\u00e7as armadas, a sociedade e a juventude<\/h2>\n<p>Se olharmos para o debate atual sobre as visitas da Bundeswehr \u00e0s escolas, os modelos de servi\u00e7o militar ou os protestos dos estudantes, isso torna-se rapidamente evidente: H\u00e1 tamb\u00e9m uma diferen\u00e7a geracional por detr\u00e1s de muitas destas discuss\u00f5es.<\/p>\n<p>As gera\u00e7\u00f5es mais velhas na Alemanha cresceram frequentemente com o servi\u00e7o militar obrigat\u00f3rio. Para muitos, era uma quest\u00e3o natural alistar-se nas for\u00e7as armadas ou cumprir o servi\u00e7o civil depois de deixar a escola. As estruturas militares eram uma parte normal do Estado, mesmo que nem sempre estivessem presentes na vida quotidiana.<\/p>\n<p>As gera\u00e7\u00f5es mais jovens, por outro lado, t\u00eam tido uma experi\u00eancia muito diferente. Desde a suspens\u00e3o do servi\u00e7o militar obrigat\u00f3rio em 2011, o tema das for\u00e7as armadas permaneceu bastante abstrato para muitos jovens. Embora a Bundeswehr ainda exista, quase n\u00e3o desempenha um papel na vida quotidiana da maioria dos jovens.<\/p>\n<p>Quando o servi\u00e7o militar, a dissuas\u00e3o militar ou as estrat\u00e9gias de pol\u00edtica de seguran\u00e7a voltam subitamente a ser discutidas, para alguns jovens parece tratar-se de uma nova realidade com a qual t\u00eam de se familiarizar.<\/p>\n<h3>A rela\u00e7\u00e3o entre o Estado e o cidad\u00e3o<\/h3>\n<p>O debate sobre as visitas das For\u00e7as Armadas alem\u00e3s \u00e0s escolas aborda, por conseguinte, uma quest\u00e3o mais vasta: qual deve ser a visibilidade das institui\u00e7\u00f5es do Estado na vida quotidiana dos cidad\u00e3os?<\/p>\n<p>Numa democracia, as for\u00e7as armadas fazem naturalmente parte do Estado. Est\u00e3o sujeitas ao controlo parlamentar, s\u00e3o financiadas pelo dinheiro dos contribuintes e cumprem tarefas que, em \u00faltima an\u00e1lise, se destinam a proteger a sociedade.<\/p>\n<p>Ao mesmo tempo, a rela\u00e7\u00e3o entre as for\u00e7as armadas e a sociedade na Alemanha \u00e9 historicamente sens\u00edvel. Muitas pessoas est\u00e3o particularmente preocupadas com o facto de as institui\u00e7\u00f5es estatais desempenharem o seu papel de forma transparente e respons\u00e1vel.<\/p>\n<p>Quando os soldados aparecem na sala de aula ou falam sobre quest\u00f5es de pol\u00edtica de seguran\u00e7a, esta rela\u00e7\u00e3o torna-se imediatamente evidente. Para alguns, trata-se de uma parte normal da educa\u00e7\u00e3o pol\u00edtica. Para outros, permanece um certo mal-estar.<\/p>\n<p>Ambas as perspectivas fazem parte de um debate democr\u00e1tico.<\/p>\n<h3>A pol\u00edtica de seguran\u00e7a como uma quest\u00e3o social<\/h3>\n<p>Um outro aspeto deste debate diz respeito \u00e0 quest\u00e3o da abertura com que uma sociedade fala da pol\u00edtica de seguran\u00e7a. Durante muito tempo, este tema teve tend\u00eancia para desempenhar um papel secund\u00e1rio na vida p\u00fablica quotidiana na Alemanha. As quest\u00f5es militares eram frequentemente tratadas por peritos ou por decisores pol\u00edticos.<\/p>\n<p>No entanto, esta situa\u00e7\u00e3o alterou-se nos \u00faltimos anos. Os conflitos internacionais, as tens\u00f5es geopol\u00edticas e os novos desafios em mat\u00e9ria de pol\u00edtica de seguran\u00e7a est\u00e3o a colocar novamente em foco as quest\u00f5es de defesa. Este facto d\u00e1 automaticamente origem a novas discuss\u00f5es - incluindo nas escolas, universidades e debates p\u00fablicos.<\/p>\n<p>Talvez este seja precisamente um sinal de que uma sociedade est\u00e1 a aceitar o seu papel num mundo complexo.<\/p>\n<h3>Servi\u00e7o militar obrigat\u00f3rio na Alemanha: direitos, deveres e possibilidade de recusa<\/h3>\n<p><a href=\"https:\/\/www.markus-schall.de\/pt\/2025\/09\/objecao-de-consciencia-ao-servico-militar-o-que-fazer-em-caso-de-emergencia\/\"><img loading=\"lazy\" decoding=\"async\" class=\"alignright wp-image-2969 size-medium\" src=\"https:\/\/www.markus-schall.de\/wp-content\/uploads\/wehrpflicht-kriegsdienst-verweigern-300x200.jpg\" alt=\"Conscri\u00e7\u00e3o: recusar o servi\u00e7o militar\" width=\"300\" height=\"200\" srcset=\"https:\/\/www.markus-schall.de\/wp-content\/uploads\/wehrpflicht-kriegsdienst-verweigern-300x200.jpg 300w, https:\/\/www.markus-schall.de\/wp-content\/uploads\/wehrpflicht-kriegsdienst-verweigern-1024x683.jpg 1024w, https:\/\/www.markus-schall.de\/wp-content\/uploads\/wehrpflicht-kriegsdienst-verweigern-768x512.jpg 768w, https:\/\/www.markus-schall.de\/wp-content\/uploads\/wehrpflicht-kriegsdienst-verweigern-18x12.jpg 18w, https:\/\/www.markus-schall.de\/wp-content\/uploads\/wehrpflicht-kriegsdienst-verweigern.jpg 1536w\" sizes=\"auto, (max-width: 300px) 100vw, 300px\" \/><\/a>O debate sobre as visitas das For\u00e7as Armadas alem\u00e3s \u00e0s escolas tamb\u00e9m toca frequentemente noutra quest\u00e3o: o que aconteceria de facto se o servi\u00e7o militar obrigat\u00f3rio fosse reintroduzido na Alemanha? Muitas pessoas sabem surpreendentemente pouco sobre os direitos que teriam nesse caso. No meu <a href=\"https:\/\/www.markus-schall.de\/pt\/2025\/09\/objecao-de-consciencia-ao-servico-militar-o-que-fazer-em-caso-de-emergencia\/\"><strong>artigo pormenorizado sobre o servi\u00e7o militar obrigat\u00f3rio<\/strong><\/a> \u00e9, por conseguinte, essencialmente consagrado aos aspectos jur\u00eddicos: quem pode ser convocado? Quem pode recusar o servi\u00e7o militar - e como funciona efetivamente esse pedido? Explica passo a passo quais os princ\u00edpios jur\u00eddicos aplic\u00e1veis, quais os prazos a respeitar e quais as alternativas ao servi\u00e7o militar. Por conseguinte, se estiver interessado em saber como funciona o sistema jur\u00eddico, encontrar\u00e1 aqui um resumo pormenorizado e compreens\u00edvel.<\/p>\n<hr \/>\n<h3>Inqu\u00e9rito atual sobre o servi\u00e7o militar obrigat\u00f3rio na Alemanha<\/h3>\n<div class='bootstrap-yop yop-poll-mc'>\n\t\t\t\t\t\t\t<div class=\"basic-yop-poll-container\" style=\"background-color:#ffffff; border:0px; border-style:solid; border-color:#000000; border-radius:5px; padding:0px 5px;\" data-id=\"3\" data-temp=\"basic-pretty\" data-skin=\"square\" data-cscheme=\"blue\" data-cap=\"0\" data-access=\"guest\" data-tid=\"\" data-uid=\"4a90a05f5e0023b5780f78d5b587f1bb\" data-pid=\"3840\" data-resdet=\"votes-number,percentages\" data-show-results-to=\"guest\" data-show-results-moment=\"after-vote\" data-show-results-only=\"false\" data-show-message=\"true\" data-show-results-as=\"bar\" data-sort-results-by=\"as-defined\" data-sort-results-rule=\"asc\"data-is-ended=\"0\" data-percentages-decimals=\"2\" data-gdpr=\"no\" data-gdpr-sol=\"consent\" data-css=\"\" data-counter=\"0\" data-load-with=\"1\" data-notification-section=\"top\"><div class=\"row\"><div class=\"col-md-12\"><div class=\"basic-inner\"><div class=\"basic-message hide\" style=\"border-left: 10px solid #008000; padding: 0px 10px;\" data-error=\"#ff0000\" data-success=\"#008000\"><p class=\"basic-message-text\" style=\"color:#000000; font-size:14px; font-weight:normal;\"><\/p><\/div><div class=\"basic-overlay hide\"><div class=\"basic-vote-options\"><\/div><div class=\"basic-preloader\"><div class=\"basic-windows8\"><div class=\"basic-wBall basic-wBall_1\"><div class=\"basic-wInnerBall\"><\/div><\/div><div class=\"basic-wBall basic-wBall_2\"><div class=\"basic-wInnerBall\"><\/div><\/div><div class=\"basic-wBall basic-wBall_3\"><div class=\"basic-wInnerBall\"><\/div><\/div><div class=\"basic-wBall basic-wBall_4\"><div class=\"basic-wInnerBall\"><\/div><\/div><div class=\"basic-wBall basic-wBall_5\"><div class=\"basic-wInnerBall\"><\/div><\/div><\/div><\/div><\/div><form class=\"basic-form\" action=\"\"><input type=\"hidden\" name=\"_token\" value=\"a6eab76ac7\" autocomplete=\"off\"><div class=\"basic-elements\"><div class=\"basic-element basic-question basic-question-text-vertical\" data-id=\"3\" data-uid=\"6f889f918a99d48c907565d8ee784862\" data-type=\"question\" data-question-type=\"text\" data-required=\"yes\" data-allow-multiple=\"no\" data-min=\"1\" data-max=\"1\" data-display=\"vertical\" data-colnum=\"\" data-display-others=\"no\" data-others-color=\"\" data-others=\"\" data-others-max-chars=\"0\"><div class=\"basic-question-title\"><h5 style=\"color:#000000; font-size:16px; font-weight:normal; text-align:left;\">Dever\u00e1 o servi\u00e7o obrigat\u00f3rio geral ser reintroduzido na Alemanha?<\/h5><\/div><ul class=\"basic-answers\"><li class=\"basic-answer\" style=\"padding:0px 0px;\" data-id=\"10\" data-type=\"text\" data-vn=\"5\" data-color=\"#000000\" data-make-link=\"no\" data-link=\"\"><div class=\"basic-answer-content basic-text-vertical\"><label for=\"answer[10]\" class=\"basic-answer-label\"><input type=\"radio\" id=\"answer[10]\" name=\"answer[3]\" value=\"10\"><span class=\"basic-text\" style=\"color: #000000; font-size: 14px; font-weight: normal;\">Sim, para todos - servi\u00e7o civil obrigat\u00f3rio ou servi\u00e7o militar<\/span><\/label><\/div><\/li><li class=\"basic-answer\" style=\"padding:0px 0px;\" data-id=\"11\" data-type=\"text\" data-vn=\"2\" data-color=\"#000000\" data-make-link=\"no\" data-link=\"\"><div class=\"basic-answer-content basic-text-vertical\"><label for=\"answer[11]\" class=\"basic-answer-label\"><input type=\"radio\" id=\"answer[11]\" name=\"answer[3]\" value=\"11\"><span class=\"basic-text\" style=\"color: #000000; font-size: 14px; font-weight: normal;\">Sim, mas apenas voluntariamente ou com um incentivo<\/span><\/label><\/div><\/li><li class=\"basic-answer\" style=\"padding:0px 0px;\" data-id=\"12\" data-type=\"text\" data-vn=\"58\" data-color=\"#000000\" data-make-link=\"no\" data-link=\"\"><div class=\"basic-answer-content basic-text-vertical\"><label for=\"answer[12]\" class=\"basic-answer-label\"><input type=\"radio\" id=\"answer[12]\" name=\"answer[3]\" value=\"12\"><span class=\"basic-text\" style=\"color: #000000; font-size: 14px; font-weight: normal;\">N\u00e3o - o servi\u00e7o obrigat\u00f3rio \u00e9 contr\u00e1rio \u00e0 liberdade<\/span><\/label><\/div><\/li><li class=\"basic-answer\" style=\"padding:0px 0px;\" data-id=\"13\" data-type=\"text\" data-vn=\"1\" data-color=\"#000000\" data-make-link=\"no\" data-link=\"\"><div class=\"basic-answer-content basic-text-vertical\"><label for=\"answer[13]\" class=\"basic-answer-label\"><input type=\"radio\" id=\"answer[13]\" name=\"answer[3]\" value=\"13\"><span class=\"basic-text\" style=\"color: #000000; font-size: 14px; font-weight: normal;\">Depende da situa\u00e7\u00e3o pol\u00edtica<\/span><\/label><\/div><\/li><\/ul><\/div><div class=\"clearfix\"><\/div><\/div><div class=\"basic-vote\"><a href=\"#\" class=\"button basic-vote-button\" role=\"button\" style=\"background:#027bb8; border:0px; border-style: solid; border-color:#000000; border-radius:5px; padding:10px 10px; color:#ffffff; font-size:14px; font-weight:normal;\">Vota\u00e7\u00e3o<\/a><\/div><input type=\"hidden\" name=\"trp-form-language\" value=\"pt\"\/><\/form><\/div><\/div><\/div><\/div>\n\t\t\t\t\t\t<\/div>\n<hr \/>\n<h3>O papel da gera\u00e7\u00e3o mais jovem<\/h3>\n<p>O papel dos pr\u00f3prios jovens \u00e9 particularmente interessante. As greves escolares contra os planos de servi\u00e7o militar mostram que os jovens n\u00e3o s\u00e3o apenas observadores passivos destes desenvolvimentos.<\/p>\n<p>Participam em debates, organizam manifesta\u00e7\u00f5es e formulam as suas pr\u00f3prias posi\u00e7\u00f5es sobre quest\u00f5es pol\u00edticas. Este facto pode ser visto de diferentes formas - como uma express\u00e3o de maturidade pol\u00edtica, como uma cultura juvenil de protesto ou simplesmente como parte de uma democracia vibrante.<\/p>\n<p>Independentemente disso, mostra que as quest\u00f5es de pol\u00edtica de seguran\u00e7a est\u00e3o agora a regressar \u00e0 esfera p\u00fablica. \u00c9 precisamente por isso que o sector da educa\u00e7\u00e3o se est\u00e1 a tornar um local importante para este debate. As escolas s\u00e3o frequentemente o primeiro local onde os jovens discutem mais intensamente as quest\u00f5es pol\u00edticas, trocam argumentos e aprendem a compreender diferentes perspectivas.<\/p>\n<h3>Um debate sem solu\u00e7\u00f5es simples<\/h3>\n<p>A quest\u00e3o de saber at\u00e9 que ponto as for\u00e7as armadas devem estar presentes no sector da educa\u00e7\u00e3o continuar\u00e1 provavelmente a ser uma quest\u00e3o controversa no futuro.<\/p>\n<p>Alguns continuar\u00e3o a defender que as escolas devem manter-se t\u00e3o independentes quanto poss\u00edvel das institui\u00e7\u00f5es estatais. Outros sublinhar\u00e3o que a educa\u00e7\u00e3o pol\u00edtica s\u00f3 est\u00e1 completa se as perspectivas da pol\u00edtica de seguran\u00e7a tamb\u00e9m forem tidas em conta.<\/p>\n<p>H\u00e1 um debate entre estas posi\u00e7\u00f5es que n\u00e3o pode ser resolvido com respostas simples.<\/p>\n<p>Mas talvez este seja tamb\u00e9m um sinal de estruturas democr\u00e1ticas funcionais. Afinal, a democracia n\u00e3o significa que todas as quest\u00f5es sejam resolvidas rapidamente, mas sim que as diferentes opini\u00f5es podem ser discutidas abertamente.<\/p>\n<h3>Uma quest\u00e3o em aberto<\/h3>\n<p>Talvez a conclus\u00e3o mais importante deste debate n\u00e3o seja o facto de as visitas da Bundeswehr \u00e0s escolas serem fundamentalmente certas ou erradas.<\/p>\n<p>A quest\u00e3o crucial talvez seja antes:<\/p>\n<blockquote><p><em>Como \u00e9 que n\u00f3s, enquanto sociedade, lidamos com quest\u00f5es como a seguran\u00e7a, a responsabilidade e a educa\u00e7\u00e3o pol\u00edtica?<\/em><\/p><\/blockquote>\n<p>Quando os jovens come\u00e7am a refletir sobre estas quest\u00f5es, quando os professores moderaram os debates e quando as institui\u00e7\u00f5es do Estado t\u00eam de explicar o seu papel, isso mostra sobretudo uma coisa: uma sociedade democr\u00e1tica dialoga consigo pr\u00f3pria.<\/p>\n<p>Por isso, talvez a quest\u00e3o mais importante n\u00e3o seja a de saber se os soldados devem atuar nas escolas.<\/p>\n<p>Mas se n\u00f3s, enquanto sociedade, estamos preparados para ter este debate de forma aberta, calma e sem antolhos ideol\u00f3gicos.<\/p>\n<hr \/>\n<h2>Outras fontes sobre o tema<\/h2>\n<ol>\n<li><b><a href=\"https:\/\/www.bundeswehr.de\/resource\/blob\/5993294\/a3842c9787ea1c0101eefe6bea08b5ef\/die-jugendoffiziere-der-bundeswehr-jahresbericht-2024-data.pdf\" target=\"_blank\" rel=\"noopener\">Relat\u00f3rio anual dos oficiais da juventude da Bundeswehr<\/a><\/b>O relat\u00f3rio anual oficial da Bundeswehr sobre as actividades dos seus oficiais jovens. O documento cont\u00e9m dados sobre eventos escolares, jogos de simula\u00e7\u00e3o e palestras, bem como declara\u00e7\u00f5es estrat\u00e9gicas sobre o trabalho educativo da pol\u00edtica de seguran\u00e7a da Bundeswehr. Mostra tamb\u00e9m o n\u00famero de alunos alcan\u00e7ados em cada ano e o papel que a coopera\u00e7\u00e3o com escolas e estabelecimentos de ensino desempenha no trabalho de juventude e rela\u00e7\u00f5es p\u00fablicas das for\u00e7as armadas.<\/li>\n<li><b><a href=\"https:\/\/www.schleswig-holstein.de\/DE\/landesregierung\/ministerien-behoerden\/III\/Presse\/PI\/2026\/01_Januar\/20260123_Jugendoffiziere?nn=2cfbb97f-9a3f-421a-a63d-fcb6b3e27e04\" target=\"_blank\" rel=\"noopener\">Oficiais da Bundeswehr nas aulas - Comunicado de imprensa do Estado de Schleswig-Holstein<\/a><\/b>Apresenta\u00e7\u00e3o oficial de um Estado federal sobre a coopera\u00e7\u00e3o entre as escolas e as For\u00e7as Armadas alem\u00e3s. O texto explica que os oficiais da juventude oferecem palestras, semin\u00e1rios e jogos de simula\u00e7\u00e3o e que estes eventos servem o objetivo da educa\u00e7\u00e3o pol\u00edtica. Ao mesmo tempo, sublinha-se que estas visitas s\u00f3 se realizam a convite das escolas e est\u00e3o sob a responsabilidade pedag\u00f3gica dos professores.<\/li>\n<li><b><a href=\"https:\/\/km.baden-wuerttemberg.de\/de\/schule\/schulartuebergreifend\/kooperation-schule\/bundeswehr\" target=\"_blank\" rel=\"noopener\">Coopera\u00e7\u00e3o entre as escolas e as for\u00e7as armadas - Minist\u00e9rio da Educa\u00e7\u00e3o e dos Assuntos Culturais de Baden-W\u00fcrttemberg<\/a><\/b>Esta p\u00e1gina documenta um dos mais importantes acordos de coopera\u00e7\u00e3o entre a Bundeswehr e um minist\u00e9rio da educa\u00e7\u00e3o alem\u00e3o. Descreve a coopera\u00e7\u00e3o formal que existe desde 2009 para familiarizar os alunos com quest\u00f5es de pol\u00edtica de seguran\u00e7a. Ao mesmo tempo, sublinha que as aulas devem seguir o chamado Consenso de Beutelsbach, segundo o qual os temas pol\u00edticos controversos tamb\u00e9m devem ser apresentados de forma controversa na sala de aula.<\/li>\n<li><b><a href=\"https:\/\/www.bundestag.de\/dokumente\/textarchiv\/2026\/kw10-de-jugendoffiziere-1150498\" target=\"_blank\" rel=\"noopener\">Debate no Bundestag alem\u00e3o sobre os animadores de juventude nas escolas<\/a><\/b>Documenta\u00e7\u00e3o de um debate parlamentar sobre o destacamento de jovens oficiais da Bundeswehr para as aulas nas escolas. Entre outras coisas, este debate apela ao fim da atual coopera\u00e7\u00e3o entre a Bundeswehr e as escolas, enquanto outros deputados sublinham a sua import\u00e2ncia para a educa\u00e7\u00e3o em mat\u00e9ria de pol\u00edtica de seguran\u00e7a. O documento mostra como o tema \u00e9 politicamente controverso no Parlamento.<\/li>\n<li><b><a href=\"https:\/\/de.wikipedia.org\/wiki\/Kooperationsvereinbarung_der_Bundeswehr\" target=\"_blank\" rel=\"noopener\">Acordo de coopera\u00e7\u00e3o entre a Bundeswehr e os minist\u00e9rios da educa\u00e7\u00e3o<\/a><\/b>Panorama dos acordos-quadro entre a Bundeswehr e v\u00e1rios Estados federados alem\u00e3es. Estes acordos regulam, entre outros aspectos, a forma como os agentes da juventude podem ser colocados nas salas de aula e como s\u00e3o organizados os cursos de forma\u00e7\u00e3o de professores. De acordo com as informa\u00e7\u00f5es fornecidas, milhares de professores participaram por vezes em ac\u00e7\u00f5es de forma\u00e7\u00e3o sobre pol\u00edtica de seguran\u00e7a organizadas pela Bundeswehr.<\/li>\n<li><b><a href=\"https:\/\/de.wikipedia.org\/wiki\/POL%26IS\" target=\"_blank\" rel=\"noopener\">POL&amp;IS - Jogo de simula\u00e7\u00e3o de pol\u00edtica e seguran\u00e7a internacional<\/a><\/b>Descri\u00e7\u00e3o de um conhecido jogo de simula\u00e7\u00e3o da Bundeswehr que \u00e9 frequentemente jogado nas escolas. Os alunos assumem os pap\u00e9is de v\u00e1rios Estados e organiza\u00e7\u00f5es e simulam a pol\u00edtica internacional. O jogo de simula\u00e7\u00e3o tem como objetivo tornar os contextos pol\u00edticos compreens\u00edveis, mas \u00e9 criticado por partes do movimento pacifista, que o consideram uma representa\u00e7\u00e3o demasiado militar dos conflitos internacionais.<\/li>\n<li><b><a href=\"https:\/\/www.tdh.de\/en\/inform\/topics\/german-armed-forces-at-schools\" target=\"_blank\" rel=\"noopener\">As for\u00e7as armadas alem\u00e3s nas escolas - Relat\u00f3rio de Terre des Hommes<\/a><\/b>Relat\u00f3rio cr\u00edtico da organiza\u00e7\u00e3o de defesa dos direitos das crian\u00e7as Terre des Hommes sobre a presen\u00e7a da Bundeswehr nos estabelecimentos de ensino. O texto argumenta que a Bundeswehr chega a centenas de milhares de jovens todos os anos atrav\u00e9s de agentes da juventude, conselheiros de carreira e eventos e critica, em particular, o recrutamento de menores para o servi\u00e7o militar.<\/li>\n<li><b><a href=\"https:\/\/www.gew.de\/mein-arbeitsplatz\/schule\/bundeswehr\/einfluss-der-bundeswehr-an-schulen-zurueckdraengen\" target=\"_blank\" rel=\"noopener\">GEW: Reduzir a influ\u00eancia da Bundeswehr nas escolas<\/a><\/b>A Uni\u00e3o Alem\u00e3 de Educa\u00e7\u00e3o e Ci\u00eancia (GEW) \u00e9 um dos cr\u00edticos mais conhecidos da coopera\u00e7\u00e3o entre as For\u00e7as Armadas e as escolas. Neste artigo, defende que as institui\u00e7\u00f5es militares n\u00e3o devem ter qualquer influ\u00eancia nos curr\u00edculos ou na forma\u00e7\u00e3o dos professores e que a educa\u00e7\u00e3o pol\u00edtica deve permanecer independente.<\/li>\n<li><b><a href=\"https:\/\/dfg-vk-darmstadt.de\/Downloads\/DokumentezuEinflussnahmenderBundeswehrinBildungseinrichtungen\/Bundeswehr%20raus%20aus%20Schulen%2CGEW-Hessen%206.10.2010.pdf\" target=\"_blank\" rel=\"noopener\">A Bundeswehr fora das escolas - documenta\u00e7\u00e3o de uma iniciativa de paz<\/a><\/b>Este document\u00e1rio descreve o desenvolvimento de acordos de coopera\u00e7\u00e3o entre a Bundeswehr e os minist\u00e9rios da educa\u00e7\u00e3o numa perspetiva cr\u00edtica. Analisa a forma como estes acordos surgiram e os efeitos que podem ter nas aulas. O papel dos oficiais da juventude como professores sobre quest\u00f5es de pol\u00edtica de seguran\u00e7a \u00e9 particularmente real\u00e7ado.<\/li>\n<li><b><a href=\"https:\/\/www.kas.de\/en\/in-short\/detail\/-\/content\/youth-protests-against-military-service\" target=\"_blank\" rel=\"noopener\">Protestos de jovens contra o servi\u00e7o militar - An\u00e1lise da Funda\u00e7\u00e3o Konrad Adenauer<\/a><\/b>Este artigo analisa os actuais movimentos de protesto dos jovens contra poss\u00edveis modelos de servi\u00e7o militar e insere-os no contexto do debate sobre a pol\u00edtica de seguran\u00e7a europeia. Ao mesmo tempo, sublinha que a educa\u00e7\u00e3o para a pol\u00edtica de seguran\u00e7a nas escolas pode ajudar a tornar os debates pol\u00edticos mais objectivos.<\/li>\n<li><b><a href=\"https:\/\/securityanddefence.pl\/Preparing-youth-for-defence-Socialisation-education-and-training-of-young-people%2C149891%2C0%2C2.html\" target=\"_blank\" rel=\"noopener\">Preparar os jovens para a defesa - Estudo comparativo sobre o ensino da defesa<\/a><\/b>Um estudo cient\u00edfico sobre a educa\u00e7\u00e3o militar e a socializa\u00e7\u00e3o da pol\u00edtica de seguran\u00e7a dos jovens em v\u00e1rios pa\u00edses europeus. O estudo compara os diferentes modelos utilizados pelos Estados para preparar os jovens para as quest\u00f5es de pol\u00edtica de seguran\u00e7a e analisa as semelhan\u00e7as e diferen\u00e7as num contexto internacional.<\/li>\n<li><b><a href=\"https:\/\/www.dokumentation.landtag-mv.de\/parldok\/dokument\/61109\/bundeswehr_an_schulen_in_mecklenburg_vorpommern.pdf\" target=\"_blank\" rel=\"noopener\">A Bundeswehr nas escolas - documento do Parlamento do Estado de Mecklenburg-Vorpommern<\/a><\/b>Um documento parlamentar com dados concretos sobre os eventos organizados pelos animadores de juventude nas escolas. O documento explica como s\u00e3o organizadas estas palestras e qual o seu conte\u00fado. Ao mesmo tempo, explica-se que, segundo a Bundeswehr, n\u00e3o se destinam a fazer publicidade direta, mas a facilitar o debate sobre a pol\u00edtica de seguran\u00e7a.<\/li>\n<li><b><a href=\"https:\/\/de.wikipedia.org\/wiki\/Weizs%C3%A4cker-Kommission\" target=\"_blank\" rel=\"noopener\">Comiss\u00e3o Weizs\u00e4cker: A seguran\u00e7a comum e o futuro da Bundeswehr<\/a><\/b>A chamada Comiss\u00e3o Weizs\u00e4cker foi um grupo de peritos nomeado pelo Governo alem\u00e3o para elaborar propostas para a futura estrutura da Bundeswehr. O seu trabalho influenciou os debates sobre a pol\u00edtica de seguran\u00e7a a longo prazo na Alemanha e constitui um importante pano de fundo para os actuais debates sobre a reforma do servi\u00e7o militar obrigat\u00f3rio, a estrutura da Bundeswehr e a integra\u00e7\u00e3o social dos militares.<\/li>\n<li><b><a href=\"https:\/\/de.wikipedia.org\/wiki\/Infopost_%28Bundeswehr%29\" target=\"_blank\" rel=\"noopener\">Infopost da Bundeswehr<\/a><\/b>Exemplo hist\u00f3rico do trabalho de rela\u00e7\u00f5es p\u00fablicas da Bundeswehr com os jovens. A revista \u201eInfopost\u201c foi enviada aos jovens durante d\u00e9cadas e continha relat\u00f3rios da Bundeswehr, bem como informa\u00e7\u00f5es sobre carreiras militares. Esta revista mostra como as for\u00e7as armadas tentaram informar os jovens sobre a sua atividade no passado.<\/li>\n<\/ol>\n<hr \/>\n\n\t\t\t<div class=\"display-post-types\">\n\n\t\t\t\t\t\t\t<style type=\"text\/css\">\n\t\t\t#dpt-wrapper-259 { --dpt-text-align: left;--dpt-image-crop: center;--dpt-border-radius: 5px;--dpt-h-gutter: 10px;--dpt-v-gutter: 9px; }\t\t\t<\/style>\n\t\t\t<style type=\"text\/css\">#dpt-wrapper-259 { --dpt-title-font-style:normal;--dpt-title-font-weight:600;--dpt-title-line-height:1.5;--dpt-title-text-decoration:none;--dpt-title-text-transform:none;--dpt-excerpt-font-style:normal;--dpt-excerpt-font-weight:400;--dpt-excerpt-line-height:1.5;--dpt-excerpt-text-decoration:none;--dpt-excerpt-text-transform:none;--dpt-meta1-font-style:normal;--dpt-meta1-font-weight:400;--dpt-meta1-line-height:1.9;--dpt-meta1-text-decoration:none;--dpt-meta1-text-transform:none;--dpt-meta2-font-style:normal;--dpt-meta2-font-weight:400;--dpt-meta2-line-height:1.9;--dpt-meta2-text-decoration:none;--dpt-meta2-text-transform:none; }<\/style><div class=\"dpt-main-header\">\n\t\t\t\t\t\t<div class=\"dpt-main-title\">\n\t\t\t\t\t\t\t<span class=\"dpt-main-title-text\">Quest\u00f5es sociais da atualidade<\/span>\n\t\t\t\t\t\t<\/div>\n\t\t\t\t\t\t\n\t\t\t\t\t\t\n\t\t\t\t\t\t\n\t\t\t\t\t\t<\/div>\t\t\t\n\t\t\t\t<div id=\"dpt-wrapper-259\" class=\"dpt-wrapper dpt-mag1 land1 dpt-cropped dpt-flex-wrap\" >\n\n\t\t\t\t\t\t\t\t\t\t\t<div class=\"dpt-entry has-thumbnail\" data-title=\"wie war syrien vor dem krieg? wer regiert heute? was bedeutet das f\u00fcr gefl\u00fcchtete in deutschland?\" data-id=\"4628\"  data-category=\"allgemein gesellschaft kunst &amp; kultur\" data-post_tag=\"deutschland europa geopolitik krisen meinungsfreiheit sicherheitspolitik\">\n\t\t\t\t\t\t\t<div class=\"dpt-entry-wrapper\"><div class=\"dpt-featured-content\"><div class=\"dpt-permalink\"><a href=\"https:\/\/www.markus-schall.de\/pt\/2026\/01\/como-era-a-siria-antes-da-guerra-quem-governa-atualmente-o-pais-o-que-significa-isto-para-os-refugiados-na-alemanha\/\" class=\"dpt-permalink\"><span class=\"screen-reader-text\">Como era a S\u00edria antes da guerra? Quem governa atualmente? O que \u00e9 que isto significa para os refugiados na Alemanha?<\/span><\/a><\/div><div class=\"dpt-thumbnail\"><div class=\"dpt-thumbnail-inner\"><img width=\"1024\" height=\"683\" class=\"attachment-full size-full\" alt=\"S\u00edria e Damasco\" context=\"dpt\" data-dpt-src=\"https:\/\/www.markus-schall.de\/wp-content\/uploads\/Syrien-Damaskus.jpg\" data-dpt-sizes=\"(max-width: 1024px) 100vw, 1024px\" data-dpt-srcset=\"https:\/\/www.markus-schall.de\/wp-content\/uploads\/Syrien-Damaskus.jpg 1024w, https:\/\/www.markus-schall.de\/wp-content\/uploads\/Syrien-Damaskus-300x200.jpg 300w, https:\/\/www.markus-schall.de\/wp-content\/uploads\/Syrien-Damaskus-768x512.jpg 768w, https:\/\/www.markus-schall.de\/wp-content\/uploads\/Syrien-Damaskus-18x12.jpg 18w\" \/><\/div><span class=\"dpt-thumbnail-aspect-ratio\" style=\"padding-top: 75%\"><\/span><\/div><\/div><div class=\"sub-entry\"><h3 class=\"dpt-title\"><a class=\"dpt-title-link\" href=\"https:\/\/www.markus-schall.de\/pt\/2026\/01\/como-era-a-siria-antes-da-guerra-quem-governa-atualmente-o-pais-o-que-significa-isto-para-os-refugiados-na-alemanha\/\" rel=\"bookmark\">Como era a S\u00edria antes da guerra? Quem governa atualmente? O que \u00e9 que isto significa para os refugiados na Alemanha?<\/a><\/h3><\/div><\/div>\n\t\t\t\t\t\t<\/div><!-- .dpt-entry -->\n\t\t\t\t\t\t\t\t\t\t\t\t<div class=\"dpt-entry has-thumbnail\" data-title=\"die stille gefahr von wearables: wenn bequemlichkeit zur \u00dcberwachung wird\" data-id=\"3560\"  data-category=\"allgemein apple iphone &amp; ipad gesellschaft gesundheit hardware\" data-post_tag=\"apple datenschutz gesundheit ratgeber\">\n\t\t\t\t\t\t\t<div class=\"dpt-entry-wrapper\"><div class=\"dpt-featured-content\"><div class=\"dpt-permalink\"><a href=\"https:\/\/www.markus-schall.de\/pt\/2025\/11\/o-perigo-silencioso-dos-dispositivos-portateis-quando-a-comodidade-se-torna-vigilancia\/\" class=\"dpt-permalink\"><span class=\"screen-reader-text\">O perigo silencioso dos \"wearables\": quando a comodidade se torna vigil\u00e2ncia<\/span><\/a><\/div><div class=\"dpt-thumbnail\"><div class=\"dpt-thumbnail-inner\"><img width=\"1024\" height=\"683\" class=\"attachment-full size-full\" alt=\"Vest\u00edveis, smartwatch, auscultadores intra-auriculares\" context=\"dpt\" data-dpt-src=\"https:\/\/www.markus-schall.de\/wp-content\/uploads\/wearables-smartwatch-daten.jpg\" data-dpt-sizes=\"(max-width: 1024px) 100vw, 1024px\" data-dpt-srcset=\"https:\/\/www.markus-schall.de\/wp-content\/uploads\/wearables-smartwatch-daten.jpg 1024w, https:\/\/www.markus-schall.de\/wp-content\/uploads\/wearables-smartwatch-daten-300x200.jpg 300w, https:\/\/www.markus-schall.de\/wp-content\/uploads\/wearables-smartwatch-daten-768x512.jpg 768w, https:\/\/www.markus-schall.de\/wp-content\/uploads\/wearables-smartwatch-daten-18x12.jpg 18w\" \/><\/div><span class=\"dpt-thumbnail-aspect-ratio\" style=\"padding-top: 75%\"><\/span><\/div><\/div><div class=\"sub-entry\"><h3 class=\"dpt-title\"><a class=\"dpt-title-link\" href=\"https:\/\/www.markus-schall.de\/pt\/2025\/11\/o-perigo-silencioso-dos-dispositivos-portateis-quando-a-comodidade-se-torna-vigilancia\/\" rel=\"bookmark\">O perigo silencioso dos \"wearables\": quando a comodidade se torna vigil\u00e2ncia<\/a><\/h3><\/div><\/div>\n\t\t\t\t\t\t<\/div><!-- .dpt-entry -->\n\t\t\t\t\t\t\t\t\t\t\t\t<div class=\"dpt-entry has-thumbnail\" data-title=\"warum dieter bohlen spricht, wenn andere schweigen: ein portr\u00e4t \u00fcber flei\u00df und klarheit\" data-id=\"3744\"  data-category=\"allgemein gesellschaft kunst &amp; kultur\" data-post_tag=\"auswandern deutschland erfahrungen krisen meinungsfreiheit musik portrait\">\n\t\t\t\t\t\t\t<div class=\"dpt-entry-wrapper\"><div class=\"dpt-featured-content\"><div class=\"dpt-permalink\"><a href=\"https:\/\/www.markus-schall.de\/pt\/2025\/12\/porque-e-que-dieter-bohlen-fala-quando-outros-permanecem-em-silencio-um-retrato-de-diligencia-e-clareza\/\" class=\"dpt-permalink\"><span class=\"screen-reader-text\">Porque \u00e9 que Dieter Bohlen fala quando os outros se calam: Um retrato de dilig\u00eancia e clareza<\/span><\/a><\/div><div class=\"dpt-thumbnail\"><div class=\"dpt-thumbnail-inner\"><img width=\"1024\" height=\"683\" class=\"attachment-full size-full\" alt=\"\" context=\"dpt\" data-dpt-src=\"https:\/\/www.markus-schall.de\/wp-content\/uploads\/Dieter-Bohlen-Portrait.jpg\" data-dpt-sizes=\"(max-width: 1024px) 100vw, 1024px\" data-dpt-srcset=\"https:\/\/www.markus-schall.de\/wp-content\/uploads\/Dieter-Bohlen-Portrait.jpg 1024w, https:\/\/www.markus-schall.de\/wp-content\/uploads\/Dieter-Bohlen-Portrait-300x200.jpg 300w, https:\/\/www.markus-schall.de\/wp-content\/uploads\/Dieter-Bohlen-Portrait-768x512.jpg 768w, https:\/\/www.markus-schall.de\/wp-content\/uploads\/Dieter-Bohlen-Portrait-18x12.jpg 18w\" \/><\/div><span class=\"dpt-thumbnail-aspect-ratio\" style=\"padding-top: 75%\"><\/span><\/div><\/div><div class=\"sub-entry\"><h3 class=\"dpt-title\"><a class=\"dpt-title-link\" href=\"https:\/\/www.markus-schall.de\/pt\/2025\/12\/porque-e-que-dieter-bohlen-fala-quando-outros-permanecem-em-silencio-um-retrato-de-diligencia-e-clareza\/\" rel=\"bookmark\">Porque \u00e9 que Dieter Bohlen fala quando os outros se calam: Um retrato de dilig\u00eancia e clareza<\/a><\/h3><\/div><\/div>\n\t\t\t\t\t\t<\/div><!-- .dpt-entry -->\n\t\t\t\t\t\t\t\t\t\t\t\t<div class=\"dpt-entry has-thumbnail\" data-title=\"was unsere opas vom krieg erz\u00e4hlten \u2013 und warum diese stimmen heute fehlen\" data-id=\"4674\"  data-category=\"allgemein gesellschaft\" data-post_tag=\"deutschland erfahrungen europa geopolitik krisen meinungsfreiheit musik sicherheitspolitik\">\n\t\t\t\t\t\t\t<div class=\"dpt-entry-wrapper\"><div class=\"dpt-featured-content\"><div class=\"dpt-permalink\"><a href=\"https:\/\/www.markus-schall.de\/pt\/2026\/01\/o-que-os-nossos-avos-nos-contaram-sobre-a-guerra-e-por-que-razao-essas-vozes-nao-existem-atualmente\/\" class=\"dpt-permalink\"><span class=\"screen-reader-text\">O que os nossos av\u00f3s nos contaram sobre a guerra - e porque \u00e9 que essas vozes n\u00e3o existem hoje em dia<\/span><\/a><\/div><div class=\"dpt-thumbnail\"><div class=\"dpt-thumbnail-inner\"><img width=\"1024\" height=\"683\" class=\"attachment-full size-full\" alt=\"Mem\u00f3rias de guerra dos av\u00f3s\" context=\"dpt\" data-dpt-src=\"https:\/\/www.markus-schall.de\/wp-content\/uploads\/Opa-Kriegserinnerungen.jpg\" data-dpt-sizes=\"(max-width: 1024px) 100vw, 1024px\" data-dpt-srcset=\"https:\/\/www.markus-schall.de\/wp-content\/uploads\/Opa-Kriegserinnerungen.jpg 1024w, https:\/\/www.markus-schall.de\/wp-content\/uploads\/Opa-Kriegserinnerungen-300x200.jpg 300w, https:\/\/www.markus-schall.de\/wp-content\/uploads\/Opa-Kriegserinnerungen-768x512.jpg 768w, https:\/\/www.markus-schall.de\/wp-content\/uploads\/Opa-Kriegserinnerungen-18x12.jpg 18w\" \/><\/div><span class=\"dpt-thumbnail-aspect-ratio\" style=\"padding-top: 75%\"><\/span><\/div><\/div><div class=\"sub-entry\"><h3 class=\"dpt-title\"><a class=\"dpt-title-link\" href=\"https:\/\/www.markus-schall.de\/pt\/2026\/01\/o-que-os-nossos-avos-nos-contaram-sobre-a-guerra-e-por-que-razao-essas-vozes-nao-existem-atualmente\/\" rel=\"bookmark\">O que os nossos av\u00f3s nos contaram sobre a guerra - e porque \u00e9 que essas vozes n\u00e3o existem hoje em dia<\/a><\/h3><\/div><\/div>\n\t\t\t\t\t\t<\/div><!-- .dpt-entry -->\n\t\t\t\t\t\t\n\t\t\t\t<\/div>\n\t\t\t\t\t\t<\/div>\n\t\t\t\n<hr \/>\n<h2>Perguntas mais frequentes<\/h2>\n<ol>\n<li><strong>Que papel desempenham efetivamente os jovens oficiais da Bundeswehr nas aulas?<\/strong><br \/>\nOs oficiais jovens s\u00e3o oficiais da Bundeswehr especialmente treinados, cuja tarefa oficial n\u00e3o \u00e9 o recrutamento, mas a educa\u00e7\u00e3o pol\u00edtica. Visitam escolas a convite dos professores e falam sobre temas como a pol\u00edtica de seguran\u00e7a internacional, as estruturas da NATO, a an\u00e1lise de conflitos ou o papel da Alemanha nas alian\u00e7as internacionais. Regra geral, fazem uma palestra e depois debatem com os alunos. No entanto, os cr\u00edticos criticam o facto de um evento de informa\u00e7\u00e3o deste tipo poder tamb\u00e9m influenciar a imagem da Bundeswehr. Os apoiantes, por outro lado, argumentam que as quest\u00f5es de pol\u00edtica de seguran\u00e7a dificilmente podem ser totalmente compreendidas sem a perspetiva das for\u00e7as armadas.<\/li>\n<li><strong>Desde quando \u00e9 que a Bundeswehr visita as escolas na Alemanha?<\/strong><br \/>\nOs chamados oficiais da juventude existem desde 1958, ou seja, desde a fase inicial da Rep\u00fablica Federal da Alemanha. A sua tarefa inicial era explicar aos jovens o papel da Bundeswehr num Estado democr\u00e1tico. Na pr\u00e1tica, por\u00e9m, essas visitas \u00e0s escolas foram relativamente discretas durante muito tempo. S\u00f3 nas \u00faltimas duas d\u00e9cadas \u00e9 que se tornaram mais vis\u00edveis para o p\u00fablico. Um fator importante para este facto \u00e9 a suspens\u00e3o do servi\u00e7o militar obrigat\u00f3rio em 2011, desde ent\u00e3o a Bundeswehr teve de recrutar mais volunt\u00e1rios e, por isso, tornou-se mais vis\u00edvel na esfera p\u00fablica.<\/li>\n<li><strong>Os soldados podem fazer publicidade para a Bundeswehr nas aulas?<\/strong><br \/>\nOficialmente, n\u00e3o est\u00e1 previsto o recrutamento direto de jovens oficiais nas salas de aula. A Bundeswehr faz uma distin\u00e7\u00e3o entre os oficiais da juventude, que devem dar forma\u00e7\u00e3o sobre pol\u00edtica de seguran\u00e7a, e os conselheiros de carreira, que fornecem informa\u00e7\u00f5es sobre forma\u00e7\u00e3o espec\u00edfica e oportunidades de carreira. No entanto, os cr\u00edticos salientam que esta distin\u00e7\u00e3o nem sempre \u00e9 claramente reconhecida na pr\u00e1tica. Mesmo a presen\u00e7a de soldados fardados na sala de aula pode ter um impacto na perce\u00e7\u00e3o da Bundeswehr. Os apoiantes afirmam que outras institui\u00e7\u00f5es ou organiza\u00e7\u00f5es estatais tamb\u00e9m podem apresentar as suas perspectivas na sala de aula.<\/li>\n<li><strong>Porque \u00e9 que a Bundeswehr est\u00e1 mais dependente do recrutamento de jovens hoje do que no passado?<\/strong><br \/>\nO ponto de viragem decisivo foi a suspens\u00e3o do servi\u00e7o militar obrigat\u00f3rio em 2011. At\u00e9 ent\u00e3o, a Bundeswehr recebia automaticamente novos recrutas todos os anos atrav\u00e9s do recrutamento. Com a transi\u00e7\u00e3o para um ex\u00e9rcito volunt\u00e1rio, tem agora de persuadir ativamente os jovens a optarem por uma carreira militar. Ao mesmo tempo, est\u00e1 a competir com muitos outros empregadores por novos recrutas qualificados. Em resultado desta evolu\u00e7\u00e3o, as campanhas de informa\u00e7\u00e3o, os portais de carreira e os eventos para jovens tornaram-se muito mais importantes.<\/li>\n<li><strong>O que \u00e9 exatamente o jogo de simula\u00e7\u00e3o POL&amp;IS que \u00e9 frequentemente mencionado em rela\u00e7\u00e3o aos eventos da Bundeswehr?<\/strong><br \/>\nPOL&amp;IS significa \u201ePol\u00edtica e Seguran\u00e7a Internacional\u201c e \u00e9 um jogo de simula\u00e7\u00e3o moderado por oficiais da juventude. Os alunos assumem o papel de representantes de v\u00e1rios Estados ou organiza\u00e7\u00f5es internacionais. T\u00eam de tomar decis\u00f5es sobre desenvolvimentos econ\u00f3micos, rela\u00e7\u00f5es diplom\u00e1ticas ou conflitos de pol\u00edtica de seguran\u00e7a. O objetivo \u00e9 facilitar a compreens\u00e3o de contextos pol\u00edticos complexos. No entanto, os cr\u00edticos consideram que existe o perigo de se dar demasiada import\u00e2ncia \u00e0s solu\u00e7\u00f5es militares.<\/li>\n<li><strong>Porque \u00e9 que se critica as visitas da Bundeswehr \u00e0s escolas?<\/strong><br \/>\nAs cr\u00edticas v\u00eam de diferentes direc\u00e7\u00f5es. As associa\u00e7\u00f5es de professores, as iniciativas de paz e algumas organiza\u00e7\u00f5es da sociedade civil receiam que as institui\u00e7\u00f5es militares possam ganhar demasiada influ\u00eancia no sector da educa\u00e7\u00e3o. Alguns cr\u00edticos consideram que o grupo-alvo \u00e9 particularmente problem\u00e1tico, uma vez que os alunos ainda se encontram numa fase de orienta\u00e7\u00e3o pol\u00edtica. Outros criticam fundamentalmente qualquer forma de presen\u00e7a militar na educa\u00e7\u00e3o e v\u00eaem-na como uma poss\u00edvel \u201emilitariza\u00e7\u00e3o\u201c da vida escolar quotidiana. Os apoiantes consideram estas cr\u00edticas exageradas e sublinham que a educa\u00e7\u00e3o pol\u00edtica deve incluir diferentes perspectivas.<\/li>\n<li><strong>O que dizem os apoiantes dos eventos da Bundeswehr na sala de aula?<\/strong><br \/>\nOs apoiantes de tais eventos argumentam que a pol\u00edtica de seguran\u00e7a \u00e9 uma componente central da pol\u00edtica moderna. Para que os alunos compreendam os conflitos internacionais, as estruturas da NATO ou a pol\u00edtica de defesa, pode tamb\u00e9m fazer sentido ouvir representantes das for\u00e7as armadas. Al\u00e9m disso, os oficiais da juventude s\u00e3o apenas uma componente das aulas. Os professores poderiam analisar criticamente as suas declara\u00e7\u00f5es e introduzir perspectivas adicionais. Deste ponto de vista, a Bundeswehr, como institui\u00e7\u00e3o democraticamente controlada, pertence definitivamente ao quadro da educa\u00e7\u00e3o pol\u00edtica.<\/li>\n<li><strong>H\u00e1 escolas que, de um modo geral, rejeitam as visitas da Bundeswehr?<\/strong><br \/>\nSim, algumas escolas tomaram a decis\u00e3o consciente de n\u00e3o organizar eventos com oradores militares. Iniciativas como \u201eEscolas sem a Bundeswehr\u201c fazem campanha para que as institui\u00e7\u00f5es de ensino se abstenham de tais visitas. A decis\u00e3o \u00e9 geralmente tomada pela dire\u00e7\u00e3o da escola e pelo pessoal docente. A recusa n\u00e3o tem, normalmente, consequ\u00eancias jur\u00eddicas. Em geral, as escolas s\u00e3o livres de convidar oradores externos ou de decidir n\u00e3o o fazer.<\/li>\n<li><strong>Que papel desempenham os Minist\u00e9rios da Educa\u00e7\u00e3o e da Cultura nestes eventos?<\/strong><br \/>\nEm v\u00e1rios Estados federais, existem acordos de coopera\u00e7\u00e3o entre os minist\u00e9rios da educa\u00e7\u00e3o e as For\u00e7as Armadas. Estes acordos regulam quest\u00f5es organizacionais, tais como a forma como os agentes da juventude podem ser convidados e as condi\u00e7\u00f5es de enquadramento aplic\u00e1veis. Um princ\u00edpio central \u00e9 o facto de a responsabilidade educativa continuar a ser inteiramente da escola. Os professores decidem se os eventos se realizam e de que forma.<\/li>\n<li><strong>Porque \u00e9 que os alunos est\u00e3o a protestar contra os planos de servi\u00e7o militar?<\/strong><br \/>\nMuitos jovens encaram as actuais propostas de reforma do servi\u00e7o militar como um poss\u00edvel passo em dire\u00e7\u00e3o a um novo servi\u00e7o militar obrigat\u00f3rio. Mesmo que at\u00e9 \u00e0 data apenas tenham sido discutidos question\u00e1rios ou modelos volunt\u00e1rios, alguns jovens receiam o servi\u00e7o obrigat\u00f3rio a longo prazo. Para uma gera\u00e7\u00e3o que cresceu sem servi\u00e7o militar obrigat\u00f3rio, esta ideia parece por vezes desconhecida ou problem\u00e1tica. Por conseguinte, as greves escolares s\u00e3o tamb\u00e9m a express\u00e3o de um di\u00e1logo pol\u00edtico entre gera\u00e7\u00f5es.<\/li>\n<li><strong>Qual foi a dimens\u00e3o das greves escolares contra os planos de servi\u00e7o militar?<\/strong><br \/>\nDe acordo com v\u00e1rias estimativas, cerca de 55 000 estudantes participaram em manifesta\u00e7\u00f5es em mais de 90 cidades alem\u00e3s em dezembro de 2025. Os protestos foram frequentemente organizados atrav\u00e9s das redes sociais. Em algumas grandes cidades, v\u00e1rios milhares de jovens participaram nas manifesta\u00e7\u00f5es.<\/li>\n<li><strong>Os alunos s\u00e3o autorizados a manifestar-se durante o hor\u00e1rio escolar?<\/strong><br \/>\nEm princ\u00edpio, a frequ\u00eancia escolar \u00e9 obrigat\u00f3ria na Alemanha. As manifesta\u00e7\u00f5es durante as aulas n\u00e3o s\u00e3o normalmente consideradas como faltas justificadas. Os alunos podem, por isso, ser considerados faltosos sem justifica\u00e7\u00e3o v\u00e1lida ou ter de recuperar os exames perdidos. Ao mesmo tempo, h\u00e1 sempre discuss\u00f5es sobre a forma como o envolvimento pol\u00edtico dos jovens pode ser conciliado com as regras da escola.<\/li>\n<li><strong>Que papel desempenha a Bundeswehr na democracia alem\u00e3?<\/strong><br \/>\nA Bundeswehr \u00e9 frequentemente designada como um \u201eex\u00e9rcito parlamentar\u201c. Isto significa que as decis\u00f5es importantes - por exemplo, sobre o envio de tropas para o estrangeiro - t\u00eam de ser tomadas pelo Bundestag. Este controlo parlamentar destina-se a garantir que o poder militar na Alemanha permanece democraticamente legitimado. Nesta perspetiva, alguns observadores consideram que faz sentido que os jovens sejam informados sobre o papel das for\u00e7as armadas na sala de aula.<\/li>\n<li><strong>Porque \u00e9 que a rela\u00e7\u00e3o entre os militares e a sociedade na Alemanha \u00e9 particularmente sens\u00edvel?<\/strong><br \/>\nA experi\u00eancia hist\u00f3rica do s\u00e9culo XX moldou a rela\u00e7\u00e3o de muitos alem\u00e3es com as for\u00e7as armadas. Ap\u00f3s a Segunda Guerra Mundial, a Bundeswehr foi conscientemente estabelecida como uma institui\u00e7\u00e3o democraticamente controlada. Ao mesmo tempo, desenvolveu-se uma cultura pol\u00edtica em que as quest\u00f5es militares s\u00e3o frequentemente discutidas com cautela. Esta sensibilidade hist\u00f3rica ainda hoje desempenha um papel nos debates sobre pol\u00edtica de seguran\u00e7a.<\/li>\n<li><strong>Quais s\u00e3o as diferen\u00e7as entre os Estados federados no que respeita \u00e0 coopera\u00e7\u00e3o com a Bundeswehr?<\/strong><br \/>\nUma vez que a pol\u00edtica de educa\u00e7\u00e3o na Alemanha \u00e9 da compet\u00eancia dos Estados federados, n\u00e3o existem regulamentos normalizados. Alguns Estados federados estabeleceram uma coopera\u00e7\u00e3o relativamente estreita com a Bundeswehr, enquanto outros s\u00e3o mais cautelosos. Por conseguinte, a presen\u00e7a de agentes da juventude no quotidiano escolar pode variar de regi\u00e3o para regi\u00e3o.<\/li>\n<li><strong>Que alternativas existem \u00e0 educa\u00e7\u00e3o pol\u00edtica por oradores militares?<\/strong><br \/>\nMuitas escolas trabalham em conjunto com universidades, funda\u00e7\u00f5es pol\u00edticas, jornalistas ou organiza\u00e7\u00f5es n\u00e3o governamentais para tratar de quest\u00f5es de pol\u00edtica de seguran\u00e7a. Alguns professores combinam v\u00e1rias perspectivas, por exemplo, convidando representantes das for\u00e7as armadas alem\u00e3s, bem como investigadores da paz ou cientistas pol\u00edticos. O objetivo \u00e9 dar aos alunos uma vis\u00e3o t\u00e3o ampla quanto poss\u00edvel dos debates pol\u00edticos.<\/li>\n<li><strong>Como \u00e9 que os pais reagem aos eventos da Bundeswehr nas escolas?<\/strong><br \/>\nAs reac\u00e7\u00f5es dos pais s\u00e3o muito diferentes. Alguns v\u00eaem-no como uma oportunidade interessante para os seus filhos aprenderem mais sobre as institui\u00e7\u00f5es do Estado. Outros s\u00e3o c\u00e9pticos em rela\u00e7\u00e3o a estes eventos e receiam uma presen\u00e7a militar excessiva no sector da educa\u00e7\u00e3o. Nalguns casos, estas quest\u00f5es conduzem a discuss\u00f5es no seio do \u00f3rg\u00e3o de pais ou na confer\u00eancia escolar.<\/li>\n<li><strong>Ser\u00e1 que o servi\u00e7o militar obrigat\u00f3rio vai mesmo ser reintroduzido na Alemanha?<\/strong><br \/>\nAtualmente, o servi\u00e7o militar obrigat\u00f3rio est\u00e1 apenas suspenso e n\u00e3o abolido. Isto significa que, teoricamente, poderia ser reativado. A sua concretiza\u00e7\u00e3o depende das decis\u00f5es pol\u00edticas e da evolu\u00e7\u00e3o da pol\u00edtica de seguran\u00e7a. Atualmente, os pol\u00edticos discutem sobretudo modelos que se baseiam inicialmente no servi\u00e7o volunt\u00e1rio.<\/li>\n<li><strong>Porque \u00e9 que o debate sobre a Bundeswehr e as escolas vai continuar durante muito tempo?<\/strong><br \/>\nO debate aborda quest\u00f5es fundamentais sobre a educa\u00e7\u00e3o pol\u00edtica, a pol\u00edtica de seguran\u00e7a e a rela\u00e7\u00e3o entre o Estado e a sociedade. Estas quest\u00f5es raramente podem ser esclarecidas de forma definitiva, porque as condi\u00e7\u00f5es pol\u00edticas e as atitudes sociais est\u00e3o em constante mudan\u00e7a. Por isso mesmo, \u00e9 prov\u00e1vel que o papel da Bundeswehr na educa\u00e7\u00e3o continue a ser discutido repetidamente no futuro.<\/li>\n<\/ol>\n<hr \/>\n\n\t\t\t<div class=\"display-post-types\">\n\n\t\t\t\t\t\t\t<style type=\"text\/css\">\n\t\t\t#dpt-wrapper-260 { --dpt-text-align: left;--dpt-image-crop: center;--dpt-border-radius: 5px;--dpt-h-gutter: 10px;--dpt-v-gutter: 9px; }\t\t\t<\/style>\n\t\t\t<style type=\"text\/css\">#dpt-wrapper-260 { --dpt-title-font-style:normal;--dpt-title-font-weight:600;--dpt-title-line-height:1.5;--dpt-title-text-decoration:none;--dpt-title-text-transform:none;--dpt-excerpt-font-style:normal;--dpt-excerpt-font-weight:400;--dpt-excerpt-line-height:1.5;--dpt-excerpt-text-decoration:none;--dpt-excerpt-text-transform:none;--dpt-meta1-font-style:normal;--dpt-meta1-font-weight:400;--dpt-meta1-line-height:1.9;--dpt-meta1-text-decoration:none;--dpt-meta1-text-transform:none;--dpt-meta2-font-style:normal;--dpt-meta2-font-weight:400;--dpt-meta2-line-height:1.9;--dpt-meta2-text-decoration:none;--dpt-meta2-text-transform:none; }<\/style><div class=\"dpt-main-header\">\n\t\t\t\t\t\t<div class=\"dpt-main-title\">\n\t\t\t\t\t\t\t<span class=\"dpt-main-title-text\">Artigos actuais sobre intelig\u00eancia artificial<\/span>\n\t\t\t\t\t\t<\/div>\n\t\t\t\t\t\t\n\t\t\t\t\t\t\n\t\t\t\t\t\t\n\t\t\t\t\t\t<\/div>\t\t\t\n\t\t\t\t<div id=\"dpt-wrapper-260\" class=\"dpt-wrapper dpt-mag1 land1 dpt-cropped dpt-flex-wrap\" >\n\n\t\t\t\t\t\t\t\t\t\t\t<div class=\"dpt-entry has-thumbnail\" data-title=\"ki als sparringspartner nutzen: wie denken im dialog produktiver wird\" data-id=\"4121\"  data-category=\"b\u00fccher ki-systeme tipps &amp; anleitungen\" data-post_tag=\"buch datenlogik denkmodelle k\u00fcnstliche intelligenz lernen llm ratgeber sprachmodell\">\n\t\t\t\t\t\t\t<div class=\"dpt-entry-wrapper\"><div class=\"dpt-featured-content\"><div class=\"dpt-permalink\"><a href=\"https:\/\/www.markus-schall.de\/pt\/2025\/12\/usar-o-ki-como-parceiro-de-treino-como-o-pensamento-se-torna-mais-produtivo-no-dialogo\/\" class=\"dpt-permalink\"><span class=\"screen-reader-text\">Utilizar a IA como parceiro de treino: Como \u00e9 que pensar em di\u00e1logo se torna mais produtivo<\/span><\/a><\/div><div class=\"dpt-thumbnail\"><div class=\"dpt-thumbnail-inner\"><img width=\"1024\" height=\"683\" class=\"attachment-full size-full\" alt=\"A IA como parceiro de poupan\u00e7a\" context=\"dpt\" data-dpt-src=\"https:\/\/www.markus-schall.de\/wp-content\/uploads\/ki-als-sparringspartner-laptop.jpg\" data-dpt-sizes=\"(max-width: 1024px) 100vw, 1024px\" data-dpt-srcset=\"https:\/\/www.markus-schall.de\/wp-content\/uploads\/ki-als-sparringspartner-laptop.jpg 1024w, https:\/\/www.markus-schall.de\/wp-content\/uploads\/ki-als-sparringspartner-laptop-300x200.jpg 300w, https:\/\/www.markus-schall.de\/wp-content\/uploads\/ki-als-sparringspartner-laptop-768x512.jpg 768w, https:\/\/www.markus-schall.de\/wp-content\/uploads\/ki-als-sparringspartner-laptop-18x12.jpg 18w\" \/><\/div><span class=\"dpt-thumbnail-aspect-ratio\" style=\"padding-top: 75%\"><\/span><\/div><\/div><div class=\"sub-entry\"><h3 class=\"dpt-title\"><a class=\"dpt-title-link\" href=\"https:\/\/www.markus-schall.de\/pt\/2025\/12\/usar-o-ki-como-parceiro-de-treino-como-o-pensamento-se-torna-mais-produtivo-no-dialogo\/\" rel=\"bookmark\">Utilizar a IA como parceiro de treino: Como \u00e9 que pensar em di\u00e1logo se torna mais produtivo<\/a><\/h3><\/div><\/div>\n\t\t\t\t\t\t<\/div><!-- .dpt-entry -->\n\t\t\t\t\t\t\t\t\t\t\t\t<div class=\"dpt-entry has-thumbnail\" data-title=\"lokale ki auf dem mac: so installieren sie ein sprachmodell mit ollama\" data-id=\"2442\"  data-category=\"ki-systeme tipps &amp; anleitungen\" data-post_tag=\"datenschutz k\u00fcnstliche intelligenz llama llm mac mistral ollama sprachmodell\">\n\t\t\t\t\t\t\t<div class=\"dpt-entry-wrapper\"><div class=\"dpt-featured-content\"><div class=\"dpt-permalink\"><a href=\"https:\/\/www.markus-schall.de\/pt\/2025\/08\/local-ki-no-mac-como-este-1tp12para-criar-um-modelo-de-linguagem-com-ollama\/\" class=\"dpt-permalink\"><span class=\"screen-reader-text\">IA local no Mac: Como installerceirizar um modelo de linguagem com o Ollama<\/span><\/a><\/div><div class=\"dpt-thumbnail\"><div class=\"dpt-thumbnail-inner\"><img width=\"1024\" height=\"683\" class=\"attachment-full size-full\" alt=\"Local AI installieren com Ollama no Mac\" context=\"dpt\" data-dpt-src=\"https:\/\/www.markus-schall.de\/wp-content\/uploads\/Lokale-KI-auf-Apple-Mac.jpg\" data-dpt-sizes=\"(max-width: 1024px) 100vw, 1024px\" data-dpt-srcset=\"https:\/\/www.markus-schall.de\/wp-content\/uploads\/Lokale-KI-auf-Apple-Mac.jpg 1024w, https:\/\/www.markus-schall.de\/wp-content\/uploads\/Lokale-KI-auf-Apple-Mac-300x200.jpg 300w, https:\/\/www.markus-schall.de\/wp-content\/uploads\/Lokale-KI-auf-Apple-Mac-768x512.jpg 768w, https:\/\/www.markus-schall.de\/wp-content\/uploads\/Lokale-KI-auf-Apple-Mac-18x12.jpg 18w\" \/><\/div><span class=\"dpt-thumbnail-aspect-ratio\" style=\"padding-top: 75%\"><\/span><\/div><\/div><div class=\"sub-entry\"><h3 class=\"dpt-title\"><a class=\"dpt-title-link\" href=\"https:\/\/www.markus-schall.de\/pt\/2025\/08\/local-ki-no-mac-como-este-1tp12para-criar-um-modelo-de-linguagem-com-ollama\/\" rel=\"bookmark\">IA local no Mac: Como installerceirizar um modelo de linguagem com o Ollama<\/a><\/h3><\/div><\/div>\n\t\t\t\t\t\t<\/div><!-- .dpt-entry -->\n\t\t\t\t\t\t\t\t\t\t\t\t<div class=\"dpt-entry has-thumbnail\" data-title=\"ollama trifft qdrant: ein lokales ged\u00e4chtnis f\u00fcr deine ki auf dem mac\" data-id=\"2502\"  data-category=\"apple macos filemaker &amp; erp ki-systeme tipps &amp; anleitungen\" data-post_tag=\"docker filemaker k\u00fcnstliche intelligenz llama llm mistral neo4j ollama qdrant sprachmodell vektordatenbank\">\n\t\t\t\t\t\t\t<div class=\"dpt-entry-wrapper\"><div class=\"dpt-featured-content\"><div class=\"dpt-permalink\"><a href=\"https:\/\/www.markus-schall.de\/pt\/2025\/08\/ollama-encontra-qdrant-uma-memoria-local-para-o-seu-ki-no-mac\/\" class=\"dpt-permalink\"><span class=\"screen-reader-text\">Ollama encontra Qdrant: Uma mem\u00f3ria local para a sua IA no Mac<\/span><\/a><\/div><div class=\"dpt-thumbnail\"><div class=\"dpt-thumbnail-inner\"><img width=\"1440\" height=\"980\" class=\"attachment-full size-full\" alt=\"Mem\u00f3ria para IA local com Ollama e Qdrant\" context=\"dpt\" data-dpt-src=\"https:\/\/www.markus-schall.de\/wp-content\/uploads\/ollama-qdrant-gedaechtnis.jpg\" data-dpt-sizes=\"(max-width: 1440px) 100vw, 1440px\" data-dpt-srcset=\"https:\/\/www.markus-schall.de\/wp-content\/uploads\/ollama-qdrant-gedaechtnis.jpg 1440w, https:\/\/www.markus-schall.de\/wp-content\/uploads\/ollama-qdrant-gedaechtnis-300x204.jpg 300w, https:\/\/www.markus-schall.de\/wp-content\/uploads\/ollama-qdrant-gedaechtnis-1024x697.jpg 1024w, https:\/\/www.markus-schall.de\/wp-content\/uploads\/ollama-qdrant-gedaechtnis-768x523.jpg 768w, https:\/\/www.markus-schall.de\/wp-content\/uploads\/ollama-qdrant-gedaechtnis-18x12.jpg 18w\" \/><\/div><span class=\"dpt-thumbnail-aspect-ratio\" style=\"padding-top: 75%\"><\/span><\/div><\/div><div class=\"sub-entry\"><h3 class=\"dpt-title\"><a class=\"dpt-title-link\" href=\"https:\/\/www.markus-schall.de\/pt\/2025\/08\/ollama-encontra-qdrant-uma-memoria-local-para-o-seu-ki-no-mac\/\" rel=\"bookmark\">Ollama encontra Qdrant: Uma mem\u00f3ria local para a sua IA no Mac<\/a><\/h3><\/div><\/div>\n\t\t\t\t\t\t<\/div><!-- .dpt-entry -->\n\t\t\t\t\t\t\t\t\t\t\t\t<div class=\"dpt-entry has-thumbnail\" data-title=\"vom chatgpt-datenexport zur eigenen wissens-ki: schritt-f\u00fcr-schritt mit ollama und qdrant\" data-id=\"5306\"  data-category=\"apple macos ki-systeme tipps &amp; anleitungen\" data-post_tag=\"datenbanken denkmodelle digitales eigentum docker k\u00fcnstliche intelligenz llama llm mlx ollama prozesse sprachmodell\">\n\t\t\t\t\t\t\t<div class=\"dpt-entry-wrapper\"><div class=\"dpt-featured-content\"><div class=\"dpt-permalink\"><a href=\"https:\/\/www.markus-schall.de\/pt\/2026\/03\/da-exportacao-de-dados-do-chatgpt-para-o-seu-proprio-knowledge-ki-passo-a-passo-com-ollama-e-qdrant\/\" class=\"dpt-permalink\"><span class=\"screen-reader-text\">Da exporta\u00e7\u00e3o de dados ChatGPT para a sua pr\u00f3pria IA do conhecimento: passo a passo com Ollama e Qdrant<\/span><\/a><\/div><div class=\"dpt-thumbnail\"><div class=\"dpt-thumbnail-inner\"><img width=\"1024\" height=\"683\" class=\"attachment-full size-full\" alt=\"O caminho para a sua pr\u00f3pria mem\u00f3ria de IA\" context=\"dpt\" data-dpt-src=\"https:\/\/www.markus-schall.de\/wp-content\/uploads\/ChatGPT-Datenexport-Computerhirn.jpg\" data-dpt-sizes=\"(max-width: 1024px) 100vw, 1024px\" data-dpt-srcset=\"https:\/\/www.markus-schall.de\/wp-content\/uploads\/ChatGPT-Datenexport-Computerhirn.jpg 1024w, https:\/\/www.markus-schall.de\/wp-content\/uploads\/ChatGPT-Datenexport-Computerhirn-300x200.jpg 300w, https:\/\/www.markus-schall.de\/wp-content\/uploads\/ChatGPT-Datenexport-Computerhirn-768x512.jpg 768w, https:\/\/www.markus-schall.de\/wp-content\/uploads\/ChatGPT-Datenexport-Computerhirn-18x12.jpg 18w\" \/><\/div><span class=\"dpt-thumbnail-aspect-ratio\" style=\"padding-top: 75%\"><\/span><\/div><\/div><div class=\"sub-entry\"><h3 class=\"dpt-title\"><a class=\"dpt-title-link\" href=\"https:\/\/www.markus-schall.de\/pt\/2026\/03\/da-exportacao-de-dados-do-chatgpt-para-o-seu-proprio-knowledge-ki-passo-a-passo-com-ollama-e-qdrant\/\" rel=\"bookmark\">Da exporta\u00e7\u00e3o de dados ChatGPT para a sua pr\u00f3pria IA do conhecimento: passo a passo com Ollama e Qdrant<\/a><\/h3><\/div><\/div>\n\t\t\t\t\t\t<\/div><!-- .dpt-entry -->\n\t\t\t\t\t\t\n\t\t\t\t<\/div>\n\t\t\t\t\t\t<\/div>\n\t\t\t\n<hr \/>","protected":false},"excerpt":{"rendered":"<p>Als ich in den 90er Jahren selbst zur Bundeswehr eingezogen wurde, war das noch ein ziemlich normaler Teil des Lebenswegs vieler junger M\u00e4nner in Deutschland. Wer die Schule beendet hatte, machte entweder Zivildienst oder Wehrdienst. Das geh\u00f6rte damals einfach dazu \u2013 \u00e4hnlich wie eine Ausbildung oder das Studium. Man sprach dar\u00fcber, man wusste ungef\u00e4hr, was &#8230; <a title=\"Da exporta\u00e7\u00e3o de dados ChatGPT para a sua pr\u00f3pria IA do conhecimento: passo a passo com Ollama e Qdrant\" class=\"read-more\" href=\"https:\/\/www.markus-schall.de\/pt\/2026\/03\/da-exportacao-de-dados-do-chatgpt-para-o-seu-proprio-knowledge-ki-passo-a-passo-com-ollama-e-qdrant\/\" aria-label=\"Leia mais sobre Da exporta\u00e7\u00e3o de dados ChatGPT \u00e0 sua pr\u00f3pria IA de conhecimento: passo a passo com Ollama e Qdrant\">Ler mais<\/a><\/p>","protected":false},"author":1,"featured_media":5151,"comment_status":"open","ping_status":"open","sticky":false,"template":"","format":"standard","meta":{"iawp_total_views":142,"footnotes":""},"categories":[1,466],"tags":[480,475,482,426,476,484],"class_list":["post-5147","post","type-post","status-publish","format-standard","has-post-thumbnail","hentry","category-allgemein","category-gesellschaft","tag-deutschland","tag-europa","tag-geopolitik","tag-krisen","tag-meinungsfreiheit","tag-sicherheitspolitik"],"_links":{"self":[{"href":"https:\/\/www.markus-schall.de\/pt\/wp-json\/wp\/v2\/posts\/5147","targetHints":{"allow":["GET"]}}],"collection":[{"href":"https:\/\/www.markus-schall.de\/pt\/wp-json\/wp\/v2\/posts"}],"about":[{"href":"https:\/\/www.markus-schall.de\/pt\/wp-json\/wp\/v2\/types\/post"}],"author":[{"embeddable":true,"href":"https:\/\/www.markus-schall.de\/pt\/wp-json\/wp\/v2\/users\/1"}],"replies":[{"embeddable":true,"href":"https:\/\/www.markus-schall.de\/pt\/wp-json\/wp\/v2\/comments?post=5147"}],"version-history":[{"count":24,"href":"https:\/\/www.markus-schall.de\/pt\/wp-json\/wp\/v2\/posts\/5147\/revisions"}],"predecessor-version":[{"id":5939,"href":"https:\/\/www.markus-schall.de\/pt\/wp-json\/wp\/v2\/posts\/5147\/revisions\/5939"}],"wp:featuredmedia":[{"embeddable":true,"href":"https:\/\/www.markus-schall.de\/pt\/wp-json\/wp\/v2\/media\/5151"}],"wp:attachment":[{"href":"https:\/\/www.markus-schall.de\/pt\/wp-json\/wp\/v2\/media?parent=5147"}],"wp:term":[{"taxonomy":"category","embeddable":true,"href":"https:\/\/www.markus-schall.de\/pt\/wp-json\/wp\/v2\/categories?post=5147"},{"taxonomy":"post_tag","embeddable":true,"href":"https:\/\/www.markus-schall.de\/pt\/wp-json\/wp\/v2\/tags?post=5147"}],"curies":[{"name":"wp","href":"https:\/\/api.w.org\/{rel}","templated":true}]}}