{"id":5480,"date":"2026-03-25T16:02:50","date_gmt":"2026-03-25T16:02:50","guid":{"rendered":"https:\/\/www.markus-schall.de\/?p=5480"},"modified":"2026-04-23T08:47:08","modified_gmt":"2026-04-23T08:47:08","slug":"apple-em-transicao-dispositivos-antigos-experiencias-proprias-e-uma-exposicao-na-ocm","status":"publish","type":"post","link":"https:\/\/www.markus-schall.de\/pt\/2026\/03\/apple-em-transicao-dispositivos-antigos-experiencias-proprias-e-uma-exposicao-na-ocm\/","title":{"rendered":"Apple em transi\u00e7\u00e3o: primeiros dispositivos, experi\u00eancias pessoais e uma exposi\u00e7\u00e3o no OCM"},"content":{"rendered":"<p>Se se interessa pela hist\u00f3ria dos computadores, vale particularmente a pena visitar o Museu do Computador de Oldenburg. O museu \u00e9 um daqueles lugares que n\u00e3o precisa de ser barulhento para impressionar e vai acolher uma exposi\u00e7\u00e3o especial a partir de abril, sob o lema <em>\u201e50 anos do computador Apple\u201c<\/em>. Durante muitos anos, a tecnologia n\u00e3o s\u00f3 foi a\u00ed exposta, como tamb\u00e9m foi mantida viva. Os aparelhos n\u00e3o est\u00e3o atr\u00e1s de um vidro, mas muitas vezes prontos a serem utilizados em mesas - tal como eram utilizados no passado.<\/p>\n<p>\u00c9 isso que faz a diferen\u00e7a. N\u00e3o se v\u00eaem apenas computadores antigos, sente-se a sensa\u00e7\u00e3o de como era trabalhar, jogar e pensar com estas m\u00e1quinas. Desde os primeiros computadores dom\u00e9sticos at\u00e9 aos cl\u00e1ssicos computadores de escrit\u00f3rio e pe\u00e7as \u00fanicas especiais, tudo est\u00e1 representado - cuidadosamente recolhido, mantido e, acima de tudo, claramente categorizado.<!--more--><\/p>\n<hr \/>\n\n\t\t\t<div class=\"display-post-types\">\n\n\t\t\t\t\t\t\t<style type=\"text\/css\">\n\t\t\t#dpt-wrapper-720 { --dpt-text-align: left;--dpt-image-crop: center;--dpt-border-radius: 5px;--dpt-h-gutter: 10px;--dpt-v-gutter: 9px; }\t\t\t<\/style>\n\t\t\t<style type=\"text\/css\">#dpt-wrapper-720 { --dpt-title-font-style:normal;--dpt-title-font-weight:600;--dpt-title-line-height:1.5;--dpt-title-text-decoration:none;--dpt-title-text-transform:none;--dpt-excerpt-font-style:normal;--dpt-excerpt-font-weight:400;--dpt-excerpt-line-height:1.5;--dpt-excerpt-text-decoration:none;--dpt-excerpt-text-transform:none;--dpt-meta1-font-style:normal;--dpt-meta1-font-weight:400;--dpt-meta1-line-height:1.9;--dpt-meta1-text-decoration:none;--dpt-meta1-text-transform:none;--dpt-meta2-font-style:normal;--dpt-meta2-font-weight:400;--dpt-meta2-line-height:1.9;--dpt-meta2-text-decoration:none;--dpt-meta2-text-transform:none; }<\/style><div class=\"dpt-main-header\">\n\t\t\t\t\t\t<div class=\"dpt-main-title\">\n\t\t\t\t\t\t\t<span class=\"dpt-main-title-text\">Quest\u00f5es sociais da atualidade<\/span>\n\t\t\t\t\t\t<\/div>\n\t\t\t\t\t\t\n\t\t\t\t\t\t\n\t\t\t\t\t\t\n\t\t\t\t\t\t<\/div>\t\t\t\n\t\t\t\t<div id=\"dpt-wrapper-720\" class=\"dpt-wrapper dpt-mag1 land1 dpt-cropped dpt-flex-wrap\" >\n\n\t\t\t\t\t\t\t\t\t\t\t<div class=\"dpt-entry has-thumbnail\" data-title=\"iran verstehen: alltag, proteste und interessen jenseits der schlagzeilen\" data-id=\"4462\"  data-category=\"allgemein gesellschaft kunst &amp; kultur\" data-post_tag=\"erfahrungen europa geopolitik krisen meinungsfreiheit sicherheitspolitik spieltheorie\">\n\t\t\t\t\t\t\t<div class=\"dpt-entry-wrapper\"><div class=\"dpt-featured-content\"><div class=\"dpt-permalink\"><a href=\"https:\/\/www.markus-schall.de\/pt\/2026\/01\/compreender-o-quotidiano-do-ira-protestos-e-interesses-para-alem-dos-titulos-dos-jornais\/\" class=\"dpt-permalink\"><span class=\"screen-reader-text\">Compreender o Ir\u00e3o: A vida quotidiana, os protestos e os interesses para al\u00e9m dos t\u00edtulos dos jornais<\/span><\/a><\/div><div class=\"dpt-thumbnail\"><div class=\"dpt-thumbnail-inner\"><img width=\"1024\" height=\"683\" class=\"attachment-full size-full\" alt=\"Compreender o Ir\u00e3o\" context=\"dpt\" data-dpt-src=\"https:\/\/www.markus-schall.de\/wp-content\/uploads\/Iran-Titel.jpg\" data-dpt-sizes=\"(max-width: 1024px) 100vw, 1024px\" data-dpt-srcset=\"https:\/\/www.markus-schall.de\/wp-content\/uploads\/Iran-Titel.jpg 1024w, https:\/\/www.markus-schall.de\/wp-content\/uploads\/Iran-Titel-300x200.jpg 300w, https:\/\/www.markus-schall.de\/wp-content\/uploads\/Iran-Titel-768x512.jpg 768w, https:\/\/www.markus-schall.de\/wp-content\/uploads\/Iran-Titel-18x12.jpg 18w\" \/><\/div><span class=\"dpt-thumbnail-aspect-ratio\" style=\"padding-top: 75%\"><\/span><\/div><\/div><div class=\"sub-entry\"><h3 class=\"dpt-title\"><a class=\"dpt-title-link\" href=\"https:\/\/www.markus-schall.de\/pt\/2026\/01\/compreender-o-quotidiano-do-ira-protestos-e-interesses-para-alem-dos-titulos-dos-jornais\/\" rel=\"bookmark\">Compreender o Ir\u00e3o: A vida quotidiana, os protestos e os interesses para al\u00e9m dos t\u00edtulos dos jornais<\/a><\/h3><\/div><\/div>\n\t\t\t\t\t\t<\/div><!-- .dpt-entry -->\n\t\t\t\t\t\t\t\t\t\t\t\t<div class=\"dpt-entry has-thumbnail\" data-title=\"unternehmerische insolvenz: eine pers\u00f6nliche erfahrung mit leitfaden f\u00fcr krisenzeiten\" data-id=\"4062\"  data-category=\"allgemein b\u00fccher gesellschaft\" data-post_tag=\"buch erfahrungen krisen pers\u00f6nlichkeitsentwicklung ratgeber\">\n\t\t\t\t\t\t\t<div class=\"dpt-entry-wrapper\"><div class=\"dpt-featured-content\"><div class=\"dpt-permalink\"><a href=\"https:\/\/www.markus-schall.de\/pt\/2025\/12\/insolvencia-de-empresas-uma-experiencia-pessoal-com-um-guia-para-tempos-de-crise\/\" class=\"dpt-permalink\"><span class=\"screen-reader-text\">A insolv\u00eancia das empresas: uma experi\u00eancia pessoal com um guia para os tempos de crise<\/span><\/a><\/div><div class=\"dpt-thumbnail\"><div class=\"dpt-thumbnail-inner\"><img width=\"1024\" height=\"683\" class=\"attachment-full size-full\" alt=\"Guia da insolv\u00eancia das empresas\" context=\"dpt\" data-dpt-src=\"https:\/\/www.markus-schall.de\/wp-content\/uploads\/insolvenz-krise-leitfaden.jpg\" data-dpt-sizes=\"(max-width: 1024px) 100vw, 1024px\" data-dpt-srcset=\"https:\/\/www.markus-schall.de\/wp-content\/uploads\/insolvenz-krise-leitfaden.jpg 1024w, https:\/\/www.markus-schall.de\/wp-content\/uploads\/insolvenz-krise-leitfaden-300x200.jpg 300w, https:\/\/www.markus-schall.de\/wp-content\/uploads\/insolvenz-krise-leitfaden-768x512.jpg 768w, https:\/\/www.markus-schall.de\/wp-content\/uploads\/insolvenz-krise-leitfaden-18x12.jpg 18w\" \/><\/div><span class=\"dpt-thumbnail-aspect-ratio\" style=\"padding-top: 75%\"><\/span><\/div><\/div><div class=\"sub-entry\"><h3 class=\"dpt-title\"><a class=\"dpt-title-link\" href=\"https:\/\/www.markus-schall.de\/pt\/2025\/12\/insolvencia-de-empresas-uma-experiencia-pessoal-com-um-guia-para-tempos-de-crise\/\" rel=\"bookmark\">A insolv\u00eancia das empresas: uma experi\u00eancia pessoal com um guia para os tempos de crise<\/a><\/h3><\/div><\/div>\n\t\t\t\t\t\t<\/div><!-- .dpt-entry -->\n\t\t\t\t\t\t\t\t\t\t\t\t<div class=\"dpt-entry has-thumbnail\" data-title=\"woher stammt sars-cov-2? ein sachlicher \u00dcberblick \u00fcber alle corona-theorien\" data-id=\"3521\"  data-category=\"allgemein gesellschaft gesundheit\" data-post_tag=\"deutschland gesundheit krisen sicherheitspolitik\">\n\t\t\t\t\t\t\t<div class=\"dpt-entry-wrapper\"><div class=\"dpt-featured-content\"><div class=\"dpt-permalink\"><a href=\"https:\/\/www.markus-schall.de\/pt\/2025\/11\/de-onde-vem-o-sars-cov-2-um-resumo-factual-de-todas-as-teorias-do-coronavirus\/\" class=\"dpt-permalink\"><span class=\"screen-reader-text\">Qual \u00e9 a origem do SARS-CoV-2? Um resumo factual de todas as teorias do coronav\u00edrus<\/span><\/a><\/div><div class=\"dpt-thumbnail\"><div class=\"dpt-thumbnail-inner\"><img width=\"1024\" height=\"728\" class=\"attachment-full size-full\" alt=\"SARS-CoV-2 - Corona\" context=\"dpt\" data-dpt-src=\"https:\/\/www.markus-schall.de\/wp-content\/uploads\/sars-covii-corona.jpg\" data-dpt-sizes=\"(max-width: 1024px) 100vw, 1024px\" data-dpt-srcset=\"https:\/\/www.markus-schall.de\/wp-content\/uploads\/sars-covii-corona.jpg 1024w, https:\/\/www.markus-schall.de\/wp-content\/uploads\/sars-covii-corona-300x213.jpg 300w, https:\/\/www.markus-schall.de\/wp-content\/uploads\/sars-covii-corona-768x546.jpg 768w, https:\/\/www.markus-schall.de\/wp-content\/uploads\/sars-covii-corona-18x12.jpg 18w\" \/><\/div><span class=\"dpt-thumbnail-aspect-ratio\" style=\"padding-top: 75%\"><\/span><\/div><\/div><div class=\"sub-entry\"><h3 class=\"dpt-title\"><a class=\"dpt-title-link\" href=\"https:\/\/www.markus-schall.de\/pt\/2025\/11\/de-onde-vem-o-sars-cov-2-um-resumo-factual-de-todas-as-teorias-do-coronavirus\/\" rel=\"bookmark\">Qual \u00e9 a origem do SARS-CoV-2? Um resumo factual de todas as teorias do coronav\u00edrus<\/a><\/h3><\/div><\/div>\n\t\t\t\t\t\t<\/div><!-- .dpt-entry -->\n\t\t\t\t\t\t\t\t\t\t\t\t<div class=\"dpt-entry has-thumbnail\" data-title=\"k\u00fcnstliche intelligenz: welche jobs in gefahr sind, und wie wir uns jetzt wappnen k\u00f6nnen\" data-id=\"2940\"  data-category=\"allgemein b\u00fccher gesellschaft ki-systeme\" data-post_tag=\"buch k\u00fcnstliche intelligenz llama llm mistral mlx ollama ratgeber sprachmodell\">\n\t\t\t\t\t\t\t<div class=\"dpt-entry-wrapper\"><div class=\"dpt-featured-content\"><div class=\"dpt-permalink\"><a href=\"https:\/\/www.markus-schall.de\/pt\/2025\/09\/inteligencia-artificial-que-empregos-estao-em-perigo-e-como-nos-podemos-armar-agora\/\" class=\"dpt-permalink\"><span class=\"screen-reader-text\">Intelig\u00eancia artificial: que empregos est\u00e3o em risco e como nos podemos proteger agora<\/span><\/a><\/div><div class=\"dpt-thumbnail\"><div class=\"dpt-thumbnail-inner\"><img width=\"1024\" height=\"683\" class=\"attachment-full size-full\" alt=\"Que empregos ser\u00e3o eliminados pela IA no futuro\" context=\"dpt\" data-dpt-src=\"https:\/\/www.markus-schall.de\/wp-content\/uploads\/welche-jobs-fallen-durch-ki-weg.jpg\" data-dpt-sizes=\"(max-width: 1024px) 100vw, 1024px\" data-dpt-srcset=\"https:\/\/www.markus-schall.de\/wp-content\/uploads\/welche-jobs-fallen-durch-ki-weg.jpg 1024w, https:\/\/www.markus-schall.de\/wp-content\/uploads\/welche-jobs-fallen-durch-ki-weg-300x200.jpg 300w, https:\/\/www.markus-schall.de\/wp-content\/uploads\/welche-jobs-fallen-durch-ki-weg-768x512.jpg 768w, https:\/\/www.markus-schall.de\/wp-content\/uploads\/welche-jobs-fallen-durch-ki-weg-18x12.jpg 18w\" \/><\/div><span class=\"dpt-thumbnail-aspect-ratio\" style=\"padding-top: 75%\"><\/span><\/div><\/div><div class=\"sub-entry\"><h3 class=\"dpt-title\"><a class=\"dpt-title-link\" href=\"https:\/\/www.markus-schall.de\/pt\/2025\/09\/inteligencia-artificial-que-empregos-estao-em-perigo-e-como-nos-podemos-armar-agora\/\" rel=\"bookmark\">Intelig\u00eancia artificial: que empregos est\u00e3o em risco e como nos podemos proteger agora<\/a><\/h3><\/div><\/div>\n\t\t\t\t\t\t<\/div><!-- .dpt-entry -->\n\t\t\t\t\t\t\n\t\t\t\t<\/div>\n\t\t\t\t\t\t<\/div>\n\t\t\t\n<hr \/>\n<p><a href=\"https:\/\/computermuseum-oldenburg.de\/das-museum\/sonderausstellung-50-jahre-apple\/\" target=\"_blank\" rel=\"noopener\"><img loading=\"lazy\" decoding=\"async\" class=\"alignleft wp-image-5487\" src=\"https:\/\/www.markus-schall.de\/wp-content\/uploads\/OCM_Aussenwerbung_Banner_50_Jahre_Apple_Computer_2k-1892x2048-1.png\" alt=\"OCM: Exposi\u00e7\u00e3o 50 anos do computador Apple\" width=\"160\" height=\"173\" srcset=\"https:\/\/www.markus-schall.de\/wp-content\/uploads\/OCM_Aussenwerbung_Banner_50_Jahre_Apple_Computer_2k-1892x2048-1.png 1892w, https:\/\/www.markus-schall.de\/wp-content\/uploads\/OCM_Aussenwerbung_Banner_50_Jahre_Apple_Computer_2k-1892x2048-1-277x300.png 277w, https:\/\/www.markus-schall.de\/wp-content\/uploads\/OCM_Aussenwerbung_Banner_50_Jahre_Apple_Computer_2k-1892x2048-1-946x1024.png 946w, https:\/\/www.markus-schall.de\/wp-content\/uploads\/OCM_Aussenwerbung_Banner_50_Jahre_Apple_Computer_2k-1892x2048-1-768x831.png 768w, https:\/\/www.markus-schall.de\/wp-content\/uploads\/OCM_Aussenwerbung_Banner_50_Jahre_Apple_Computer_2k-1892x2048-1-1419x1536.png 1419w, https:\/\/www.markus-schall.de\/wp-content\/uploads\/OCM_Aussenwerbung_Banner_50_Jahre_Apple_Computer_2k-1892x2048-1-11x12.png 11w\" sizes=\"auto, (max-width: 160px) 100vw, 160px\" \/><\/a>A partir de abril, uma extensa <a href=\"https:\/\/computermuseum-oldenburg.de\/das-museum\/sonderausstellung-50-jahre-apple\/\" target=\"_blank\" rel=\"noopener\"><strong>Apple Exposi\u00e7\u00e3o<\/strong><\/a> sobre. Este facto \u00e9 apropriado, porque praticamente nenhuma outra empresa teve uma influ\u00eancia t\u00e3o forte no desenvolvimento dos computadores como o Apple - tanto tecnicamente como em termos de design. E \u00e9 exatamente aqui que se torna interessante: quando se olha para exposi\u00e7\u00f5es como esta, rapidamente se percebe que muitas ideias que hoje parecem \u00f3bvias j\u00e1 foram concebidas h\u00e1 d\u00e9cadas.<\/p>\n<p>Para mim, esta \u00e9 uma boa oportunidade para olhar n\u00e3o s\u00f3 para a exposi\u00e7\u00e3o, mas tamb\u00e9m para a minha pequena cole\u00e7\u00e3o. Muita coisa se acumulou aqui ao longo dos anos - aparelhos que utilizei, aparelhos que guardei deliberadamente e algumas pe\u00e7as que n\u00e3o s\u00e3o t\u00e3o f\u00e1ceis de encontrar atualmente. N\u00e3o \u00e9 um museu no sentido tradicional. Mas \u00e9 um peda\u00e7o de hist\u00f3ria t\u00e9cnica viva.<\/p>\n<p>E \u00e9 exatamente disso que trata este artigo: n\u00e3o uma cronologia completa, mas um olhar para tr\u00e1s - de uma perspetiva pr\u00e1tica, com dispositivos que foram realmente utilizados.<\/p>\n<h2>Uma data em 1993<\/h2>\n<p>Quando se pensa em computadores m\u00f3veis atualmente, \u00e9 prov\u00e1vel que se pense imediatamente num smartphone ou num port\u00e1til fino. No in\u00edcio dos anos 90, as coisas eram um pouco diferentes. Em 1993, tive uma reuni\u00e3o com <a href=\"https:\/\/www.creditreform.de\/oldenburg\" target=\"_blank\" rel=\"noopener\">Reforma do cr\u00e9dito<\/a>. Tratava-se de treinar. Nessa altura, a prepara\u00e7\u00e3o era ainda muito tradicional. N\u00e3o havia Internet, nem pesquisas r\u00e1pidas. Por isso, limitava-me a deslocar-me ao local com anteced\u00eancia, a obter alguns documentos e a ver o que a loja fazia de facto. N\u00e3o era nada de especial - mas aparentemente n\u00e3o havia muita gente a fazer isso.<\/p>\n<p>No final da conversa, tratava-se de marcar a consulta. E eu fiz uma coisa que me era natural: peguei no meu pequeno computador e introduzi a marca\u00e7\u00e3o.<\/p>\n<p>Era um Atari Portfolio. Um dispositivo discreto, pouco maior do que um livro de bolso, com um pequeno teclado e um ecr\u00e3 simples. Tecnicamente falando, n\u00e3o era nada de espetacular. Mas, para a \u00e9poca, era uma verdadeira afirma\u00e7\u00e3o: m\u00f3vel, aut\u00f3nomo, independente da secret\u00e1ria.<\/p>\n<p>Anos mais tarde, no Kramermarkt de Oldenburg, o signat\u00e1rio autorizado disse-me, depois de algumas cervejas, que foi precisamente este momento que me ficou na mem\u00f3ria. N\u00e3o porque o dispositivo fosse t\u00e3o impressionante - mas porque mostrava que eu estava preparado e tinha as coisas sob controlo.<\/p>\n<p>Olhando para tr\u00e1s, isso assenta-me muito bem. Raramente esperava at\u00e9 que algo fosse \u201ehabitual\u201c. Se algo parecia sensato, eu simplesmente fazia-o. E foi exatamente assim com este pequeno computador.<\/p>\n<p><img loading=\"lazy\" decoding=\"async\" class=\"alignnone wp-image-5496 size-full\" src=\"https:\/\/www.markus-schall.de\/wp-content\/uploads\/Apple-OCM-Atari-Portfolio.jpg\" alt=\"Portf\u00f3lio da Atari\" width=\"1024\" height=\"683\" srcset=\"https:\/\/www.markus-schall.de\/wp-content\/uploads\/Apple-OCM-Atari-Portfolio.jpg 1024w, https:\/\/www.markus-schall.de\/wp-content\/uploads\/Apple-OCM-Atari-Portfolio-300x200.jpg 300w, https:\/\/www.markus-schall.de\/wp-content\/uploads\/Apple-OCM-Atari-Portfolio-768x512.jpg 768w, https:\/\/www.markus-schall.de\/wp-content\/uploads\/Apple-OCM-Atari-Portfolio-18x12.jpg 18w\" sizes=\"auto, (max-width: 1024px) 100vw, 1024px\" \/><\/p>\n<h3>Os primeiros computadores m\u00f3veis - mais ideia do que comodidade<\/h3>\n<p>Se olharmos para um dispositivo como o Atari Portfolio atualmente, quase parece um brinquedo. O ecr\u00e3 \u00e9 pequeno, a apresenta\u00e7\u00e3o \u00e9 simples, o funcionamento \u00e9 tudo menos c\u00f3modo. E, no entanto, este dispositivo cont\u00e9m uma ideia que ainda hoje \u00e9 relevante.<\/p>\n<p>O Atari Portfolio foi um dos primeiros computadores verdadeiramente port\u00e1teis dignos desse nome. Sem acess\u00f3rios, sem unidade externa, sem monitor - tudo num dispositivo compacto. Ligar, trabalhar, voltar a ligar. Claro que isto tinha os seus limites. A mem\u00f3ria era escassa, os programas eram simples e muitas coisas tinham de ser resolvidas de forma indireta. Mas tamb\u00e9m havia uma certa clareza nisso. T\u00ednhamos uma ferramenta, n\u00e3o um sistema que nos sobrecarregava de fun\u00e7\u00f5es.<\/p>\n<p>Se olharmos para ele hoje, rapidamente nos apercebemos de que a ideia j\u00e1 existia. Mobilidade, dados pessoais, gest\u00e3o de compromissos - tudo o que hoje damos por garantido j\u00e1 existia nessa altura. S\u00f3 que a perce\u00e7\u00e3o ainda n\u00e3o estava l\u00e1.<\/p>\n<p>E \u00e9 precisamente aqui que um olhar sobre o Apple se torna interessante. Porque enquanto dispositivos como o Portfolio eram fortemente funcionais, o Apple come\u00e7ou a seguir um caminho diferente um pouco mais tarde - um caminho que se centrava mais na usabilidade, no design e numa experi\u00eancia de utilizador coerente. Mas j\u00e1 l\u00e1 iremos.<\/p>\n<h2>Compacto e fechado - a fase inicial de desktop do Apple<\/h2>\n<p>Quando o Apple continuou a desenvolver os seus computadores compactos no in\u00edcio dos anos 90, o objetivo n\u00e3o era tornar vis\u00edvel o m\u00e1ximo de tecnologia poss\u00edvel. Pelo contr\u00e1rio: o objetivo era reduzir tudo de tal forma que o computador, enquanto ferramenta, passasse para segundo plano.<\/p>\n<p>O Macintosh Classic \u00e9 um bom exemplo disso. Um dispositivo que parece discreto \u00e0 primeira vista. Ecr\u00e3 a preto e branco, design compacto, sem elementos sup\u00e9rfluos. E, no entanto, h\u00e1 uma ideia clara por detr\u00e1s dele: ligar, trabalhar, pronto. Sem montagem, sem pensar nos componentes. O sistema era fechado - num sentido positivo.<\/p>\n<p><img loading=\"lazy\" decoding=\"async\" class=\"alignnone wp-image-5498 size-large\" src=\"https:\/\/www.markus-schall.de\/wp-content\/uploads\/Apple-OCM-Classic.jpg\" alt=\"\" width=\"1024\" height=\"683\" srcset=\"https:\/\/www.markus-schall.de\/wp-content\/uploads\/Apple-OCM-Classic.jpg 1024w, https:\/\/www.markus-schall.de\/wp-content\/uploads\/Apple-OCM-Classic-300x200.jpg 300w, https:\/\/www.markus-schall.de\/wp-content\/uploads\/Apple-OCM-Classic-768x512.jpg 768w, https:\/\/www.markus-schall.de\/wp-content\/uploads\/Apple-OCM-Classic-18x12.jpg 18w\" sizes=\"auto, (max-width: 1024px) 100vw, 1024px\" \/><\/p>\n<h3>Ecr\u00e3 de 9\u2033, primeiro a preto e branco, depois a cores<\/h3>\n<p>O Apple Colour Classic surgiu um pouco mais tarde. Externamente semelhante, mas com uma diferen\u00e7a decisiva: a cor. Hoje em dia, isto parece \u00f3bvio, mas na altura foi um passo que mudou visivelmente a forma como utiliz\u00e1vamos o produto. De repente, j\u00e1 n\u00e3o se tratava apenas de fun\u00e7\u00e3o, mas tamb\u00e9m de apresenta\u00e7\u00e3o, orienta\u00e7\u00e3o visual e uma forma mais agrad\u00e1vel de trabalhar.<\/p>\n<p>Se colocar os dois dispositivos um ao lado do outro, ver\u00e1 exatamente esta transi\u00e7\u00e3o. N\u00e3o como uma rutura, mas como uma evolu\u00e7\u00e3o. O Apple raramente alterou tudo de uma s\u00f3 vez. Em vez disso, foi aperfei\u00e7oado passo a passo.<\/p>\n<p>Do ponto de vista atual, o que torna estes dispositivos especiais n\u00e3o \u00e9 tanto o seu desempenho, mas a sua atitude. Foram concebidos para serem utilizados - e n\u00e3o para serem constantemente remendados. Este facto distingue-os claramente de muitos sistemas de PC da \u00e9poca, em que a pr\u00f3pria montagem fazia muitas vezes parte do trabalho.<\/p>\n<p>E \u00e9 exatamente aqui que come\u00e7a algo que atravessa a hist\u00f3ria do Apple: a tentativa de simplificar a tecnologia de tal forma que esta se enquadre na vida quotidiana. Por vezes funciona melhor, outras vezes pior. Mas a dire\u00e7\u00e3o foi claramente reconhecida desde o in\u00edcio.<\/p>\n<h2>A minha entrada no Apple - e a primeira desilus\u00e3o<\/h2>\n<p>A minha pr\u00f3pria entrada no mundo do Apple foi menos caracterizada pelo entusiasmo do que seria de esperar. Foi mais um passo pragm\u00e1tico - e um passo que n\u00e3o foi imediatamente convincente. O meu primeiro Apple foi um Performa 5200, j\u00e1 equipado com um processador PowerPC na altura, por isso, no papel, era mais moderno do que muitos dos sistemas anteriores.<\/p>\n<p>As expectativas eram correspondentemente elevadas. Nova arquitetura, novas possibilidades - soava a progresso. Mas, na pr\u00e1tica, a sensa\u00e7\u00e3o era diferente. O computador n\u00e3o era mau. Mas n\u00e3o parecia mais r\u00e1pido, antes pelo contr\u00e1rio. Especialmente em compara\u00e7\u00e3o direta com sistemas mais antigos, tive a sensa\u00e7\u00e3o de que muitas coisas corriam mais lentamente do que deveriam. \u00c9 dif\u00edcil dizer se isso se deveu ao software ou \u00e0 plataforma ainda imatura. Mas a impress\u00e3o permaneceu.<\/p>\n<h3>A Quadra vence a Performa<\/h3>\n<p>Por isso, livrei-me dele relativamente depressa e mudei para um Quadra 840AV. Um sistema da gera\u00e7\u00e3o anterior, ainda baseado na arquitetura 68k. E de repente a sensa\u00e7\u00e3o era completamente diferente. O computador respondia de forma mais direta, era mais est\u00e1vel e mais suave no geral. Para ser justo, h\u00e1 que dizer que o Quadra tinha interfaces SCSI mais r\u00e1pidas para os discos r\u00edgidos do que o novo Performa (de consumo).<\/p>\n<p>Esta foi uma experi\u00eancia que tive v\u00e1rias vezes mais tarde: Novo n\u00e3o significa automaticamente melhor. E o facto de uma coisa ser mais moderna no papel n\u00e3o significa que seja a mesma coisa no dia a dia.<\/p>\n<p>Olhando para tr\u00e1s, esse foi um ponto importante. Moldou a minha vis\u00e3o da tecnologia. Aprendi a n\u00e3o confiar automaticamente em todos os avan\u00e7os, mas a olhar com mais aten\u00e7\u00e3o. O que \u00e9 que ela faz realmente por mim? Sinto-me melhor? Torna o meu trabalho mais f\u00e1cil? Estas perguntas ainda hoje me acompanham.<\/p>\n<p>E talvez seja tamb\u00e9m essa a raz\u00e3o pela qual continuei a alternar entre sistemas mais tarde - e nunca me comprometi totalmente com um lado.<\/p>\n<h2>Evolu\u00e7\u00e3o dos telem\u00f3veis - a gera\u00e7\u00e3o PowerBook<\/h2>\n<p>Quando o Apple come\u00e7ou a desenvolver consistentemente os seus computadores port\u00e1teis, n\u00e3o o fez em grandes saltos, mas em passos pequenos e compreens\u00edveis. \u00c9 precisamente isto que torna a s\u00e9rie PowerBook t\u00e3o interessante at\u00e9 aos dias de hoje. Mostra muito claramente como um conceito pode ser aperfei\u00e7oado ao longo dos anos.<\/p>\n<p><img loading=\"lazy\" decoding=\"async\" class=\"alignnone wp-image-5499 size-full\" src=\"https:\/\/www.markus-schall.de\/wp-content\/uploads\/Apple-OCM-PowerBook.jpg\" alt=\"Apple PowerBook G3\" width=\"1024\" height=\"683\" srcset=\"https:\/\/www.markus-schall.de\/wp-content\/uploads\/Apple-OCM-PowerBook.jpg 1024w, https:\/\/www.markus-schall.de\/wp-content\/uploads\/Apple-OCM-PowerBook-300x200.jpg 300w, https:\/\/www.markus-schall.de\/wp-content\/uploads\/Apple-OCM-PowerBook-768x512.jpg 768w, https:\/\/www.markus-schall.de\/wp-content\/uploads\/Apple-OCM-PowerBook-18x12.jpg 18w\" sizes=\"auto, (max-width: 1024px) 100vw, 1024px\" \/><\/p>\n<h3>Da experi\u00eancia \u00e0 m\u00e1quina de trabalho<\/h3>\n<p>Os primeiros PowerBooks ainda eram claramente reconhec\u00edveis como uma extens\u00e3o m\u00f3vel do conceito de computador de secret\u00e1ria. O seu objetivo era tornar poss\u00edvel fazer em movimento o que normalmente se faz na secret\u00e1ria. Por conseguinte, muitas vezes ainda eram pesados, n\u00e3o eram particularmente compactos e, tecnicamente, eram mais um compromisso.<\/p>\n<p>Esta situa\u00e7\u00e3o come\u00e7ou lentamente a mudar com dispositivos como o Wallstreet. As m\u00e1quinas tornaram-se mais robustas, mais bem estruturadas e, de um modo geral, mais pr\u00f3ximas daquilo a que hoje chamamos \u201everdadeiro trabalho m\u00f3vel\u201c. J\u00e1 n\u00e3o se tratava apenas de ser m\u00f3vel, mas de trabalhar de uma forma m\u00f3vel significativa.<\/p>\n<h3>Pequenos passos, grande impacto<\/h3>\n<p>Se olharmos para a evolu\u00e7\u00e3o do Wallstreet para o Lombard e para o Pismo, verificamos que n\u00e3o mudou muito no exterior. E \u00e9 precisamente a\u00ed que reside a for\u00e7a. O Apple n\u00e3o reinventou tudo aqui, mas melhorou consistentemente os conceitos existentes:<\/p>\n<ul>\n<li>A habita\u00e7\u00e3o tornou-se mais est\u00e1vel e mais leve ao mesmo tempo<\/li>\n<li>As liga\u00e7\u00f5es foram organizadas de forma mais sensata<\/li>\n<li>O funcionamento tornou-se mais claro e intuitivo<\/li>\n<\/ul>\n<p>N\u00e3o se trata de inova\u00e7\u00f5es espectaculares. Mas no dia a dia, s\u00e3o precisamente estes pormenores que fazem a diferen\u00e7a. O Lombard, que muitas vezes \u00e9 um pouco ofuscado pelos outros modelos, pertence precisamente a esta fase de aperfei\u00e7oamento. Parece pouco espetacular, mas \u00e9 um passo interm\u00e9dio importante. Finalmente, com o Pismo, tem-se a sensa\u00e7\u00e3o de que muitos destes desenvolvimentos se juntaram. Um aparelho que parece redondo. N\u00e3o \u00e9 perfeito, mas \u00e9 coerente.<\/p>\n<h3>Evolu\u00e7\u00e3o em vez de revolu\u00e7\u00e3o<\/h3>\n<p>O que \u00e9 facilmente esquecido na perspetiva atual: Estes dispositivos n\u00e3o foram concebidos como marcos. Eram ferramentas. E \u00e9 precisamente por isso que s\u00e3o t\u00e3o interessantes. O Apple n\u00e3o tentou apresentar algo completamente novo todos os anos. Em vez disso, melhorou, adaptou e optimizou. Uma abordagem que \u00e9 muito menos comum atualmente.<\/p>\n<p>Quando se trabalha com estes dispositivos, rapidamente se percebe que foram concebidos para a continuidade. N\u00e3o era preciso reorientarmo-nos completamente de cada vez. As coisas estavam onde se esperava que estivessem. E \u00e9 exatamente isso que cria confian\u00e7a.<\/p>\n<h2>O outro lado - Newton, eMate e os primeiros assistentes digitais<\/h2>\n<p>Paralelamente a este desenvolvimento bastante cl\u00e1ssico no dom\u00ednio dos computadores m\u00f3veis, o Apple experimentou uma abordagem completamente diferente na d\u00e9cada de 1990. Uma abordagem que estava \u00e0 frente do seu tempo em muitos aspectos - e que, ao mesmo tempo, n\u00e3o se enquadrava no mundo da altura.<\/p>\n<p><img loading=\"lazy\" decoding=\"async\" class=\"alignnone wp-image-5500 size-full\" src=\"https:\/\/www.markus-schall.de\/wp-content\/uploads\/Apple-OCM-Newton-eMate.jpg\" alt=\"Apple Newton e eMate\" width=\"1024\" height=\"683\" srcset=\"https:\/\/www.markus-schall.de\/wp-content\/uploads\/Apple-OCM-Newton-eMate.jpg 1024w, https:\/\/www.markus-schall.de\/wp-content\/uploads\/Apple-OCM-Newton-eMate-300x200.jpg 300w, https:\/\/www.markus-schall.de\/wp-content\/uploads\/Apple-OCM-Newton-eMate-768x512.jpg 768w, https:\/\/www.markus-schall.de\/wp-content\/uploads\/Apple-OCM-Newton-eMate-18x12.jpg 18w\" sizes=\"auto, (max-width: 1024px) 100vw, 1024px\" \/><\/p>\n<h3>A ideia subjacente ao Newton<\/h3>\n<p>Com o Apple Newton, o Apple perseguiu uma vis\u00e3o que hoje parece quase \u00f3bvia: um assistente pessoal digital. Um dispositivo que:<\/p>\n<ul>\n<li>Notas geridas<\/li>\n<li>Datas organizadas<\/li>\n<li>reconhece entradas manuscritas<\/li>\n<\/ul>\n<p>Tudo controlado atrav\u00e9s de uma caneta stylus, diretamente no ecr\u00e3. Do ponto de vista atual, parece familiar. Na altura, era algo completamente diferente. N\u00e3o havia padr\u00f5es estabelecidos, nem uma l\u00f3gica de funcionamento familiar. Era preciso habituarmo-nos a isso.<\/p>\n<h3>Entre a aspira\u00e7\u00e3o e a realidade<\/h3>\n<p>A ideia era forte. A realiza\u00e7\u00e3o tinha os seus limites. O reconhecimento da escrita \u00e0 m\u00e3o funcionava, mas nem sempre de forma fi\u00e1vel. Os dispositivos eram tecnicamente limitados e o software ainda n\u00e3o estava totalmente desenvolvido. Muitos utilizadores simplesmente n\u00e3o sabiam o que fazer com ele.<\/p>\n<p>E \u00e9 precisamente aqui que se torna evidente um padr\u00e3o recorrente na hist\u00f3ria da tecnologia: uma boa ideia n\u00e3o \u00e9 suficiente. Tem tamb\u00e9m de se enquadrar no contexto do seu tempo. De certa forma, o Newton era demasiado precoce. Antecipou coisas que s\u00f3 se tornaram realmente adequadas para o uso quotidiano muitos anos mais tarde.<\/p>\n<h3>O eMate - um caso especial para as escolas<\/h3>\n<p>Um dispositivo particularmente interessante neste contexto \u00e9 a eMate 300 Apple, uma calculadora verde semi-transparente, especialmente concebida para utiliza\u00e7\u00e3o no sector da educa\u00e7\u00e3o. Robusta, independente, com uma clara orienta\u00e7\u00e3o para a utiliza\u00e7\u00e3o pr\u00e1tica.<\/p>\n<p>Quando se pega nele hoje, parece quase um precursor dos aparelhos modernos. N\u00e3o por causa do seu desempenho, mas por causa do seu conceito. Compacto, concentrado, reduzido. E, ao mesmo tempo, \u00e9 poss\u00edvel sentir que vem de uma \u00e9poca em que muitas coisas ainda estavam a ser experimentadas.<\/p>\n<h3>Uma vis\u00e3o da perspetiva atual<\/h3>\n<p>Olhando para tr\u00e1s, o Newton \u00e9 menos um produto falhado do que uma tentativa inicial de estabelecer um novo tipo de intera\u00e7\u00e3o. Muitas das ideias est\u00e3o ainda hoje presentes:<\/p>\n<ul>\n<li>Funcionamento da caneta<\/li>\n<li>Escrita \u00e0 m\u00e3o<\/li>\n<li>Sistemas de assist\u00eancia pessoal<\/li>\n<\/ul>\n<p>A diferen\u00e7a \u00e9 que a tecnologia est\u00e1 agora t\u00e3o avan\u00e7ada que estas ideias podem ser concretizadas de forma fi\u00e1vel.<br \/>\nE \u00e9 exatamente por isso que vale a pena olhar para tr\u00e1s. N\u00e3o para dizer que tudo era melhor no passado. Mas para reconhecer que muito do que hoje tomamos por garantido foi, em tempos, uma experi\u00eancia.<\/p>\n<h2>Um pormenor raro - o Notephone da Siemens<\/h2>\n<p>Para al\u00e9m de todos os dispositivos que s\u00e3o familiares ou que, pelo menos, j\u00e1 foram vistos antes, h\u00e1 sempre pe\u00e7as que se destacam. Aparelhos que n\u00e3o foram concebidos para o mercado de massas ou que existem apenas em pequenas quantidades. E o meu Siemens Notephone \u00e9 exatamente um desses aparelhos.<\/p>\n<p><img loading=\"lazy\" decoding=\"async\" class=\"alignnone wp-image-5501 size-full\" src=\"https:\/\/www.markus-schall.de\/wp-content\/uploads\/Apple-OCM-Siemens-Notephone.jpg\" alt=\"Notephone Siemens\" width=\"1024\" height=\"683\" srcset=\"https:\/\/www.markus-schall.de\/wp-content\/uploads\/Apple-OCM-Siemens-Notephone.jpg 1024w, https:\/\/www.markus-schall.de\/wp-content\/uploads\/Apple-OCM-Siemens-Notephone-300x200.jpg 300w, https:\/\/www.markus-schall.de\/wp-content\/uploads\/Apple-OCM-Siemens-Notephone-768x512.jpg 768w, https:\/\/www.markus-schall.de\/wp-content\/uploads\/Apple-OCM-Siemens-Notephone-18x12.jpg 18w\" sizes=\"auto, (max-width: 1024px) 100vw, 1024px\" \/><\/p>\n<h3>Uma abordagem invulgar<\/h3>\n<p>\u00c0 primeira vista, o dispositivo parece discreto. N\u00e3o tem o design t\u00edpico do Apple, nem um log\u00f3tipo que chame imediatamente a aten\u00e7\u00e3o. Em vez disso, diz Siemens. E \u00e9 exatamente isso que o torna interessante. O seu interior cont\u00e9m tecnologia que est\u00e1 intimamente relacionada com o Apple Newton. Uma combina\u00e7\u00e3o que n\u00e3o se encontra com frequ\u00eancia. A tecnologia Apple numa caixa diferente, concebida para uma \u00e1rea de aplica\u00e7\u00e3o especial.<\/p>\n<p>O notephone n\u00e3o \u00e9, portanto, um aparelho Apple cl\u00e1ssico - e \u00e9-o ao mesmo tempo. Situa-se algures entre os dois mundos. E \u00e9 precisamente por isso que se enquadra t\u00e3o bem neste artigo.<\/p>\n<p>Quando pegamos no dispositivo, apercebemo-nos imediatamente de que vem de uma era diferente. Os materiais, o acabamento, at\u00e9 o peso - tudo parece diferente dos aparelhos actuais.<\/p>\n<p>Tal como no Newton, \u00e9 acionado com um estilete. Escrever, escrever, navegar - tudo acontece diretamente na superf\u00edcie. Isto parece familiar hoje em dia, mas na altura era tudo menos uma quest\u00e3o de rotina.<\/p>\n<p>E \u00e9 aqui que surge algo interessante: muitas coisas que hoje consideramos como progresso j\u00e1 existiam na sua forma b\u00e1sica h\u00e1 d\u00e9cadas atr\u00e1s. S\u00f3 que n\u00e3o t\u00e3o sofisticadas, nem t\u00e3o r\u00e1pidas, nem t\u00e3o fi\u00e1veis. No entanto, o princ\u00edpio funciona. \u00c9 poss\u00edvel trabalhar com ele. Compreendemos a ideia que lhe est\u00e1 subjacente. E isso vale muitas vezes mais do que uma tecnologia perfeita.<\/p>\n<h3>Uma pe\u00e7a que fica<\/h3>\n<p>O que torna este aparelho especial para mim n\u00e3o \u00e9 apenas a sua raridade. \u00c9 a combina\u00e7\u00e3o de hist\u00f3ria t\u00e9cnica e liga\u00e7\u00e3o pessoal. N\u00e3o \u00e9 um aparelho que se substitui simplesmente. \u00c9 um dispositivo que se guarda. Talvez porque mostra quantos caminhos houve no desenvolvimento. E quantos deles est\u00e3o hoje quase esquecidos.<\/p>\n<h2>Apple projeto descoberto<\/h2>\n<p>Com a transi\u00e7\u00e3o para o final dos anos 90 e in\u00edcio dos anos 2000, algo de fundamental mudou no Apple. A tecnologia continua a ser importante, mas est\u00e1 a ficar cada vez mais em segundo plano. Em vez disso, h\u00e1 outra coisa que ocupa o lugar central:<\/p>\n<p>Conce\u00e7\u00e3o.<\/p>\n<p><img loading=\"lazy\" decoding=\"async\" class=\"alignnone size-large wp-image-5502\" src=\"https:\/\/www.markus-schall.de\/wp-content\/uploads\/Apple-OCM-Cube-G4.jpg\" alt=\"\" width=\"1024\" height=\"683\" srcset=\"https:\/\/www.markus-schall.de\/wp-content\/uploads\/Apple-OCM-Cube-G4.jpg 1024w, https:\/\/www.markus-schall.de\/wp-content\/uploads\/Apple-OCM-Cube-G4-300x200.jpg 300w, https:\/\/www.markus-schall.de\/wp-content\/uploads\/Apple-OCM-Cube-G4-768x512.jpg 768w, https:\/\/www.markus-schall.de\/wp-content\/uploads\/Apple-OCM-Cube-G4-18x12.jpg 18w\" sizes=\"auto, (max-width: 1024px) 100vw, 1024px\" \/><\/p>\n<h3>O momento em que a tecnologia se torna vis\u00edvel<\/h3>\n<p>Um bom exemplo disso \u00e9 o Power Mac G4 Cube. Um computador que se parece menos com uma ferramenta de trabalho e mais com um objeto. Linhas claras, elementos transparentes, uma forma que n\u00e3o \u00e9 apenas funcional, mas deliberadamente concebida. Quando olhamos para ele, apercebemo-nos imediatamente de que n\u00e3o se trata apenas do que o dispositivo pode fazer. Tamb\u00e9m tem a ver com o seu aspeto.<\/p>\n<p>Na altura, isso n\u00e3o era uma quest\u00e3o \u00f3bvia. Muitos computadores eram funcionais, mas de import\u00e2ncia secund\u00e1ria em termos de design. O Apple adoptou uma abordagem diferente. O Cube G4 est\u00e1 mesmo em exposi\u00e7\u00e3o no <a href=\"https:\/\/www.moma.org\" target=\"_blank\" rel=\"noopener\">Museu de Arte Moderna<\/a> emitido.<\/p>\n<h3>A forma n\u00e3o segue apenas a fun\u00e7\u00e3o<\/h3>\n<p>\u00c9 claro que o Cube cumpre o seu objetivo. Mas f\u00e1-lo de uma forma que vai para al\u00e9m do puramente t\u00e9cnico. A caixa, os materiais, a forma como o dispositivo \u00e9 constru\u00eddo - tudo parece bem pensado. Quase minimalista. E, ao mesmo tempo, apelativo.<\/p>\n<p>\u00c9 discut\u00edvel se esta abordagem faz sempre sentido. O Cube n\u00e3o era um produto de massas. Era mais uma afirma\u00e7\u00e3o. E \u00e9 exatamente isso que o torna interessante hoje em dia.<\/p>\n<h3>Uma nova dire\u00e7\u00e3o<\/h3>\n<p>Com dispositivos como o Cube e os sistemas Power Mac G4, \u00e9 evidente que o Apple est\u00e1 a come\u00e7ar a pensar na tecnologia de forma diferente. J\u00e1 n\u00e3o apenas como uma ferramenta, mas como parte do ambiente. Como algo que pode ser vis\u00edvel. Esta \u00e9 uma abordagem que continua at\u00e9 aos dias de hoje. Por vezes mais forte, por vezes mais fraca. Mas a dire\u00e7\u00e3o foi claramente definida nesta altura.<\/p>\n<p>E quando olhamos para os aparelhos desta fase, apercebemo-nos de que foi criado aqui algo que vai para al\u00e9m dos produtos individuais. Uma atitude que n\u00e3o esconde a tecnologia, mas que a molda conscientemente.<\/p>\n<h2>Transi\u00e7\u00e3o para o mundo moderno do Apple<\/h2>\n<p>O in\u00edcio dos anos 2000 marcou o in\u00edcio de uma fase em que o Apple n\u00e3o s\u00f3 desenvolveu mais os seus aparelhos tecnicamente, como tamb\u00e9m os tornou muito mais acess\u00edveis. Muitas coisas aparecem mais arredondadas, mais amig\u00e1veis e menos t\u00e9cnicas no sentido cl\u00e1ssico. Um bom exemplo disso \u00e9 o iBook G4.<\/p>\n<p><img loading=\"lazy\" decoding=\"async\" class=\"alignnone wp-image-5503 size-full\" src=\"https:\/\/www.markus-schall.de\/wp-content\/uploads\/Apple-OCM-iBook.jpg\" alt=\"Apple iBook G4\" width=\"1024\" height=\"683\" srcset=\"https:\/\/www.markus-schall.de\/wp-content\/uploads\/Apple-OCM-iBook.jpg 1024w, https:\/\/www.markus-schall.de\/wp-content\/uploads\/Apple-OCM-iBook-300x200.jpg 300w, https:\/\/www.markus-schall.de\/wp-content\/uploads\/Apple-OCM-iBook-768x512.jpg 768w, https:\/\/www.markus-schall.de\/wp-content\/uploads\/Apple-OCM-iBook-18x12.jpg 18w\" sizes=\"auto, (max-width: 1024px) 100vw, 1024px\" \/><\/p>\n<p>Enquanto os PowerBooks anteriores foram claramente concebidos como ferramentas para grupos-alvo espec\u00edficos, o iBook destina-se mais \u00e0 utiliza\u00e7\u00e3o quotidiana. \u00c9 menos \u201eprofissional\u201c no sentido cl\u00e1ssico, mas est\u00e1 mais pr\u00f3ximo do que muitas pessoas realmente precisam.<\/p>\n<p>A forma \u00e9 mais suave, os materiais s\u00e3o mais acess\u00edveis, o aspeto geral \u00e9 menos t\u00e9cnico. O dispositivo j\u00e1 n\u00e3o parece ser algo que se tem de trabalhar arduamente para obter, mas sim algo que se utiliza simplesmente.<\/p>\n<p>E este \u00e9 um passo importante. Nesta fase, os computadores fazem cada vez mais parte da vida quotidiana - n\u00e3o apenas para os especialistas, mas para uma vasta gama de utilizadores.<\/p>\n<h3>Continuidade na mudan\u00e7a<\/h3>\n<p>Apesar desta nova dire\u00e7\u00e3o, muito do que o Apple construiu anteriormente mant\u00e9m-se. A estrutura clara, o funcionamento simples, a ideia de um sistema fechado - tudo isto se mant\u00e9m. Apenas a embalagem mudou.<\/p>\n<p>O iBook G4 situa-se, portanto, entre dois mundos. Ainda \u00e9 claramente reconhec\u00edvel como um produto do seu tempo, mas j\u00e1 cont\u00e9m muitos elementos que mais tarde se tornar\u00e3o uma quest\u00e3o natural.<\/p>\n<p>Quando trabalhamos com ela, apercebemo-nos de que algo se est\u00e1 a compor aqui. N\u00e3o \u00e9 perfeito, n\u00e3o \u00e9 definitivo, mas \u00e9 coerente. E \u00e9 exatamente isso que torna esta transi\u00e7\u00e3o t\u00e3o interessante.<\/p>\n<hr \/>\n<h3>Inqu\u00e9rito atual sobre a utiliza\u00e7\u00e3o de sistemas locais de IA<\/h3>\n<div class='bootstrap-yop yop-poll-mc'>\n\t\t\t\t\t\t\t<div class=\"basic-yop-poll-container\" style=\"background-color:#ffffff; border:0px; border-style:solid; border-color:#000000; border-radius:5px; padding:0px 5px;\" data-id=\"9\" data-temp=\"basic-pretty\" data-skin=\"square\" data-cscheme=\"blue\" data-cap=\"0\" data-access=\"guest\" data-tid=\"\" data-uid=\"523daee570095823372b3d681c700707\" data-pid=\"2940\" data-resdet=\"votes-number,percentages\" data-show-results-to=\"guest\" data-show-results-moment=\"after-vote\" data-show-results-only=\"false\" data-show-message=\"true\" data-show-results-as=\"bar\" data-sort-results-by=\"as-defined\" data-sort-results-rule=\"asc\"data-is-ended=\"0\" data-percentages-decimals=\"2\" data-gdpr=\"no\" data-gdpr-sol=\"consent\" data-css=\".basic-yop-poll-container[data-uid] .basic-vote {\t\t\t\t\t\t\t\t\ttext-align: center;\t\t\t\t\t\t\t\t}\" data-counter=\"0\" data-load-with=\"1\" data-notification-section=\"top\"><div class=\"row\"><div class=\"col-md-12\"><div class=\"basic-inner\"><div class=\"basic-message hide\" style=\"border-left: 10px solid #008000; padding: 0px 10px;\" data-error=\"#ff0000\" data-success=\"#008000\"><p class=\"basic-message-text\" style=\"color:#000000; font-size:14px; font-weight:normal;\"><\/p><\/div><div class=\"basic-overlay hide\"><div class=\"basic-vote-options\"><\/div><div class=\"basic-preloader\"><div class=\"basic-windows8\"><div class=\"basic-wBall basic-wBall_1\"><div class=\"basic-wInnerBall\"><\/div><\/div><div class=\"basic-wBall basic-wBall_2\"><div class=\"basic-wInnerBall\"><\/div><\/div><div class=\"basic-wBall basic-wBall_3\"><div class=\"basic-wInnerBall\"><\/div><\/div><div class=\"basic-wBall basic-wBall_4\"><div class=\"basic-wInnerBall\"><\/div><\/div><div class=\"basic-wBall basic-wBall_5\"><div class=\"basic-wInnerBall\"><\/div><\/div><\/div><\/div><\/div><form class=\"basic-form\" action=\"\"><input type=\"hidden\" name=\"_token\" value=\"2bdc18f796\" autocomplete=\"off\"><div class=\"basic-elements\"><div class=\"basic-element basic-question basic-question-text-vertical\" data-id=\"9\" data-uid=\"c26856d7762d1d7b569e0ef688c3f935\" data-type=\"question\" data-question-type=\"text\" data-required=\"yes\" data-allow-multiple=\"no\" data-min=\"1\" data-max=\"7\" data-display=\"vertical\" data-colnum=\"\" data-display-others=\"no\" data-others-color=\"\" data-others=\"\" data-others-max-chars=\"0\"><div class=\"basic-question-title\"><h5 style=\"color:#000000; font-size:16px; font-weight:normal; text-align:left;\">O que pensa de um software de IA de execu\u00e7\u00e3o local, como o MLX ou o Ollama?<\/h5><\/div><ul class=\"basic-answers\"><li class=\"basic-answer\" style=\"padding:0px 0px;\" data-id=\"45\" data-type=\"text\" data-vn=\"139\" data-color=\"#000000\" data-make-link=\"no\" data-link=\"\"><div class=\"basic-answer-content basic-text-vertical\"><label for=\"answer[45]\" class=\"basic-answer-label\"><input type=\"radio\" id=\"answer[45]\" name=\"answer[9]\" value=\"45\"><span class=\"basic-text\" style=\"color: #000000; font-size: 14px; font-weight: normal;\">Ingenious - finalmente independente da nuvem<\/span><\/label><\/div><\/li><li class=\"basic-answer\" style=\"padding:0px 0px;\" data-id=\"46\" data-type=\"text\" data-vn=\"25\" data-color=\"#000000\" data-make-link=\"no\" data-link=\"\"><div class=\"basic-answer-content basic-text-vertical\"><label for=\"answer[46]\" class=\"basic-answer-label\"><input type=\"radio\" id=\"answer[46]\" name=\"answer[9]\" value=\"46\"><span class=\"basic-text\" style=\"color: #000000; font-size: 14px; font-weight: normal;\">Interessante, mas (ainda) demasiado complicado<\/span><\/label><\/div><\/li><li class=\"basic-answer\" style=\"padding:0px 0px;\" data-id=\"47\" data-type=\"text\" data-vn=\"28\" data-color=\"#000000\" data-make-link=\"no\" data-link=\"\"><div class=\"basic-answer-content basic-text-vertical\"><label for=\"answer[47]\" class=\"basic-answer-label\"><input type=\"radio\" id=\"answer[47]\" name=\"answer[9]\" value=\"47\"><span class=\"basic-text\" style=\"color: #000000; font-size: 14px; font-weight: normal;\">Vou experiment\u00e1-lo em breve<\/span><\/label><\/div><\/li><li class=\"basic-answer\" style=\"padding:0px 0px;\" data-id=\"48\" data-type=\"text\" data-vn=\"5\" data-color=\"#000000\" data-make-link=\"no\" data-link=\"\"><div class=\"basic-answer-content basic-text-vertical\"><label for=\"answer[48]\" class=\"basic-answer-label\"><input type=\"radio\" id=\"answer[48]\" name=\"answer[9]\" value=\"48\"><span class=\"basic-text\" style=\"color: #000000; font-size: 14px; font-weight: normal;\">N\u00e3o preciso dela - a nuvem \u00e9 suficiente para mim<\/span><\/label><\/div><\/li><li class=\"basic-answer\" style=\"padding:0px 0px;\" data-id=\"49\" data-type=\"text\" data-vn=\"4\" data-color=\"#000000\" data-make-link=\"no\" data-link=\"\"><div class=\"basic-answer-content basic-text-vertical\"><label for=\"answer[49]\" class=\"basic-answer-label\"><input type=\"radio\" id=\"answer[49]\" name=\"answer[9]\" value=\"49\"><span class=\"basic-text\" style=\"color: #000000; font-size: 14px; font-weight: normal;\">N\u00e3o sei exatamente do que se trata<\/span><\/label><\/div><\/li><\/ul><\/div><div class=\"clearfix\"><\/div><\/div><div class=\"basic-vote\"><a href=\"#\" class=\"button basic-vote-button\" role=\"button\" style=\"background:#027bb8; border:0px; border-style: solid; border-color:#000000; border-radius:5px; padding:10px 10px; color:#ffffff; font-size:14px; font-weight:normal;\">Vota\u00e7\u00e3o<\/a><\/div><input type=\"hidden\" name=\"trp-form-language\" value=\"pt\"\/><\/form><\/div><\/div><\/div><\/div>\n\t\t\t\t\t\t<\/div>\n<hr \/>\n<h2>O meu caminho - entre o Apple e o Windows<\/h2>\n<p>Olhando para tr\u00e1s, para este desenvolvimento, seria f\u00e1cil pensar que o caminho era simples. Que quando se decide por um sistema, se fica com ele. Na pr\u00e1tica, as coisas s\u00e3o muitas vezes diferentes. Ao longo dos anos, alternei v\u00e1rias vezes entre o Apple e o Windows. N\u00e3o por convic\u00e7\u00e3o a favor de um ou contra o outro, mas por raz\u00f5es pr\u00e1ticas.<\/p>\n<p>Durante muito tempo, o Windows foi o padr\u00e3o em muitas \u00e1reas. Quem trabalhasse em determinados ambientes n\u00e3o o podia evitar. Por isso, familiarizei-me intensamente com ele, incluindo as tarefas administrativas e as certifica\u00e7\u00f5es correspondentes. N\u00e3o se tratou de uma fase transit\u00f3ria, mas sim de uma parte integrante do meu trabalho.<\/p>\n<h3>Experi\u00eancia em vez de pensamento de stock<\/h3>\n<p>\u00c9 precisamente esta mudan\u00e7a entre os sistemas que cria uma perspetiva diferente. Vemos os pontos fortes e fracos de ambos os lados. E, at\u00e9 certo ponto, perde-se a tend\u00eancia para julgar as coisas de forma fundamental.<\/p>\n<p>N\u00e3o existe um sistema \u201ecorreto\u201c. H\u00e1 ferramentas que s\u00e3o melhores ou menos adequadas para determinadas tarefas. Esta constata\u00e7\u00e3o n\u00e3o vem da teoria, mas da utiliza\u00e7\u00e3o.<\/p>\n<div class=\"lyte-wrapper\" style=\"width:640px;max-width:100%;margin:5px;\"><div class=\"lyMe\" id=\"WYL_--MrJc3Fxzk\"><div id=\"lyte_--MrJc3Fxzk\" data-src=\"https:\/\/www.markus-schall.de\/wp-content\/plugins\/wp-youtube-lyte\/lyteCache.php?origThumbUrl=%2F%2Fi.ytimg.com%2Fvi%2F--MrJc3Fxzk%2Fhqdefault.jpg\" class=\"pL\"><div class=\"tC\"><div class=\"tT\"><\/div><\/div><div class=\"play\"><\/div><div class=\"ctrl\"><div class=\"Lctrl\"><\/div><div class=\"Rctrl\"><\/div><\/div><\/div><noscript><a href=\"https:\/\/youtu.be\/--MrJc3Fxzk\" rel=\"nofollow noopener\" target=\"_blank\"><img loading=\"lazy\" decoding=\"async\" src=\"https:\/\/www.markus-schall.de\/wp-content\/plugins\/wp-youtube-lyte\/lyteCache.php?origThumbUrl=https%3A%2F%2Fi.ytimg.com%2Fvi%2F--MrJc3Fxzk%2F0.jpg\" alt=\"Miniatura de v\u00eddeo do YouTube\" width=\"640\" height=\"340\" \/><br \/>Ver este v\u00eddeo no YouTube<\/a><\/noscript><\/div><\/div><div class=\"lL\" style=\"max-width:100%;width:640px;margin:5px;\"><\/div><br \/>\nA hist\u00f3ria de cortar a respira\u00e7\u00e3o de Steve Jobs (Apple, Pixar, NeXT) <a href=\"https:\/\/www.youtube.com\/@BiographerDE\" target=\"_blank\" rel=\"nofollow noopener\">Bi\u00f3grafo_PT<\/a><\/p>\n<h3>De volta ao Apple - e ficou<\/h3>\n<p>Apesar destas altera\u00e7\u00f5es, houve uma evolu\u00e7\u00e3o clara ao longo do tempo. H\u00e1 cerca de vinte anos que trabalho continuamente com sistemas Apple. N\u00e3o porque tudo seja perfeito. Mas porque \u00e9 o que funciona melhor para mim no quadro geral.<\/p>\n<p>A combina\u00e7\u00e3o de hardware e software, a estabilidade na utiliza\u00e7\u00e3o quotidiana, a forma como os dispositivos se enquadram no fluxo de trabalho - s\u00e3o aspectos que se t\u00eam vindo a comprovar ao longo dos anos. Ao mesmo tempo, a experi\u00eancia do mundo Windows permanece em segundo plano. Garante que n\u00e3o se toma tudo como garantido.<\/p>\n<p>E talvez seja exatamente esse o ponto: n\u00e3o \u00e9 a decis\u00e3o a favor de um sistema que \u00e9 decisiva, mas a experi\u00eancia de ter conhecido os dois lados.<\/p>\n<h2>Marcos importantes do Apple ao longo do tempo desde 1985<\/h2>\n<div style=\"overflow-x: auto;\">\n<table style=\"border-collapse: collapse; width: 100%;\">\n<tbody>\n<tr style=\"background-color: #f2f2f2;\">\n<th style=\"padding: 8px; text-align: left;\">Ano<\/th>\n<th style=\"padding: 8px; text-align: left;\">Dispositivo<\/th>\n<th style=\"padding: 8px; text-align: left;\">Significado \/ categoriza\u00e7\u00e3o<\/th>\n<\/tr>\n<tr>\n<td style=\"padding: 8px;\"><strong>1985<\/strong><\/td>\n<td style=\"padding: 8px;\">Macintosh 512K<\/td>\n<td style=\"padding: 8px;\">Expans\u00e3o inicial do primeiro conceito Macintosh, base para as interfaces gr\u00e1ficas do utilizador na vida quotidiana.<\/td>\n<\/tr>\n<tr>\n<td style=\"padding: 8px;\"><strong>1990<\/strong><\/td>\n<td style=\"padding: 8px;\">Macintosh Cl\u00e1ssico<\/td>\n<td style=\"padding: 8px;\">Entrada compacta e acess\u00edvel no mundo Macintosh, abordagem tudo-em-um para grandes grupos de utilizadores.<\/td>\n<\/tr>\n<tr>\n<td style=\"padding: 8px;\"><strong>1991<\/strong><\/td>\n<td style=\"padding: 8px;\">PowerBook 100<\/td>\n<td style=\"padding: 8px;\">Justifica a forma moderna do computador port\u00e1til com o trackball central e o design compacto.<\/td>\n<\/tr>\n<tr>\n<td style=\"padding: 8px;\"><strong>1993<\/strong><\/td>\n<td style=\"padding: 8px;\">Apple Newton<\/td>\n<td style=\"padding: 8px;\">Tentativa inicial de um assistente digital com funcionamento a caneta e reconhecimento de escrita.<\/td>\n<\/tr>\n<tr>\n<td style=\"padding: 8px;\"><strong>1998<\/strong><\/td>\n<td style=\"padding: 8px;\">iMac G3<\/td>\n<td style=\"padding: 8px;\">O relan\u00e7amento do Apple, centrado no design e na facilidade de utiliza\u00e7\u00e3o, caracteriza a marca a longo prazo.<\/td>\n<\/tr>\n<tr>\n<td style=\"padding: 8px;\"><strong>2000<\/strong><\/td>\n<td style=\"padding: 8px;\">Power Mac G4 Cube<\/td>\n<td style=\"padding: 8px;\">Desktop orientado para o design, o Apple demonstra a pretens\u00e3o de conceber a tecnologia como um objeto.<\/td>\n<\/tr>\n<tr>\n<td style=\"padding: 8px;\"><strong>2001<\/strong><\/td>\n<td style=\"padding: 8px;\">iPod<\/td>\n<td style=\"padding: 8px;\">O in\u00edcio da expans\u00e3o do Apple para al\u00e9m do computador caracteriza o mundo da m\u00fasica digital.<\/td>\n<\/tr>\n<tr>\n<td style=\"padding: 8px;\"><strong>2006<\/strong><\/td>\n<td style=\"padding: 8px;\">MacBook Pro (Intel)<\/td>\n<td style=\"padding: 8px;\">Transi\u00e7\u00e3o do PowerPC para a Intel, passo importante para o desempenho e a compatibilidade.<\/td>\n<\/tr>\n<tr>\n<td style=\"padding: 8px;\"><strong>2007<\/strong><\/td>\n<td style=\"padding: 8px;\">iPhone<\/td>\n<td style=\"padding: 8px;\">Revoluciona a utiliza\u00e7\u00e3o de telem\u00f3veis, combinando telefone, Internet e aplica\u00e7\u00f5es num \u00fanico dispositivo.<\/td>\n<\/tr>\n<tr>\n<td style=\"padding: 8px;\"><strong>2010<\/strong><\/td>\n<td style=\"padding: 8px;\">iPad<\/td>\n<td style=\"padding: 8px;\">Estabelece os tablets como uma categoria de dispositivos separada entre os smartphones e os computadores port\u00e1teis.<\/td>\n<\/tr>\n<tr>\n<td style=\"padding: 8px;\"><strong>2020<\/strong><\/td>\n<td style=\"padding: 8px;\">MacBook com M1<\/td>\n<td style=\"padding: 8px;\">Lan\u00e7amento do Apple Silicon, alta efici\u00eancia e desempenho gra\u00e7as \u00e0 arquitetura de processador propriet\u00e1ria.<\/td>\n<\/tr>\n<tr>\n<td style=\"padding: 8px;\"><strong>2023<\/strong><\/td>\n<td style=\"padding: 8px;\">Mac com M3<\/td>\n<td style=\"padding: 8px;\">Continua\u00e7\u00e3o do desenvolvimento dos chips Apple, aumentando o desempenho e centrando-se no processamento local de IA.<\/td>\n<\/tr>\n<\/tbody>\n<\/table>\n<\/div>\n<h2>Apple hoje - entre o entusiasmo e a dist\u00e2ncia<\/h2>\n<p>Quando se est\u00e1 envolvido com uma plataforma h\u00e1 muitos anos, a vis\u00e3o que se tem dela muda. O que no in\u00edcio se caracterizava pela curiosidade ou pelo entusiasmo, com o tempo torna-se mais calmo. Mais s\u00f3brio. E muitas vezes mais diferenciado.<\/p>\n<p>H\u00e1 muitos anos que trabalho com sistemas Apple. Os aparelhos que utilizo est\u00e3o tecnicamente actualizados, s\u00e3o potentes e fi\u00e1veis na utiliza\u00e7\u00e3o quotidiana. Isso \u00e9 uma coisa.<\/p>\n<p>A outra \u00e9 o facto de a minha rela\u00e7\u00e3o com o Apple ter mudado ao longo do tempo. J\u00e1 n\u00e3o \u00e9 um entusiasmo acr\u00edtico. \u00c9 mais uma rela\u00e7\u00e3o de amor e \u00f3dio. O Apple continua a fabricar produtos muito bons. N\u00e3o h\u00e1 d\u00favidas quanto a isso. Mas, ao mesmo tempo, a empresa tornou-se muito mais comercial. Os processos s\u00e3o mais estandardizados, as decis\u00f5es parecem menos l\u00fadicas, menos experimentais do que antes.<\/p>\n<p>N\u00e3o se trata de uma acusa\u00e7\u00e3o. \u00c9 uma evolu\u00e7\u00e3o que pode ser observada em muitas grandes empresas. Mas \u00e9 not\u00f3rio.<\/p>\n<h3>\u201eNunca altere um sistema em funcionamento\u201c<\/h3>\n<p>Um aspeto que se tornou cada vez mais importante para mim na minha vida quotidiana \u00e9 a utiliza\u00e7\u00e3o consciente das actualiza\u00e7\u00f5es. O velho princ\u00edpio <em>\u201eNunca altere um sistema em funcionamento\u201c<\/em> remonta a uma altura em que parecia que o Windows 95 tinha sido revisto pela cent\u00e9sima vez. Mas, na sua ess\u00eancia, ainda \u00e9 v\u00e1lido atualmente.<\/p>\n<p>N\u00e3o tenho grande desejo de 1TP12 todos os novos sistemas operativos de imediato. Se um sistema \u00e9 est\u00e1vel, deixo-o funcionar. E durante o tempo que fizer sentido. Esta cultura de atualiza\u00e7\u00e3o permanente - este constante \u201eh\u00e1 algo de novo\u201c - n\u00e3o se adequa \u00e0 minha forma de trabalhar. Preciso de sistemas em que possa confiar, n\u00e3o de sistemas que est\u00e3o constantemente a mudar.<\/p>\n<p>\u00c9 por isso que muitas vezes fico deliberadamente para tr\u00e1s quando se trata de sistemas operativos. N\u00e3o por ignor\u00e2ncia, mas por experi\u00eancia.<\/p>\n<h3>\u201eApple n\u00e3o \u00e9 seu amigo\u201c<\/h3>\n<p>Durante o meu tempo como distribuidor do Apple, havia uma frase que estava sempre a surgir: <em>\u201eApple n\u00e3o \u00e9 vosso amigo.\u201c<\/em><\/p>\n<p>Esta afirma\u00e7\u00e3o parece dura \u00e0 primeira vista, mas \u00e9 de facto uma constata\u00e7\u00e3o muito s\u00f3bria. As grandes empresas n\u00e3o agem por proximidade pessoal, mas por interesses econ\u00f3micos. Isso n\u00e3o \u00e9 bom nem mau - \u00e9 simplesmente a realidade.<\/p>\n<p>Se compreender isto, \u00e9 mais f\u00e1cil categorizar as coisas. Espera menos e est\u00e1 mais consciente dos seus pontos fortes.<\/p>\n<h3>Mudan\u00e7a em vez de perda<\/h3>\n<p>Pode dizer-se que antigamente havia mais aten\u00e7\u00e3o aos pormenores em muitos produtos. Talvez isso at\u00e9 seja verdade. Mas talvez s\u00f3 pare\u00e7a assim porque muitas coisas eram novas nessa altura.<\/p>\n<p>Atualmente, muitas coisas est\u00e3o mais normalizadas. Os processos s\u00e3o mais claros, os produtos s\u00e3o mais estruturados. Isto pode ser criticado, mas tamb\u00e9m tem vantagens. Os aparelhos s\u00e3o potentes, fi\u00e1veis e surpreendentemente bem pensados em muitas \u00e1reas.<\/p>\n<p>Atualmente, o m\u00e9rito do Apple \u00e9 a sua orienta\u00e7\u00e3o estrat\u00e9gica. Com os seus pr\u00f3prios processadores Silicon, o Apple seguiu um caminho que \u00e9 claramente diferente de muitos outros. O desempenho \u00e9 elevado, a integra\u00e7\u00e3o \u00e9 apertada e, especialmente na \u00e1rea de <a href=\"https:\/\/www.markus-schall.de\/pt\/2025\/08\/local-ki-no-mac-como-este-1tp12para-criar-um-modelo-de-linguagem-com-ollama\/\"><strong>IA local<\/strong><\/a> Est\u00e1 a emergir aqui algo que provavelmente se tornar\u00e1 muito relevante a longo prazo.<\/p>\n<p>Penso que o Apple desempenhar\u00e1 um papel importante neste dom\u00ednio nos pr\u00f3ximos anos. N\u00e3o necessariamente atrav\u00e9s de produtos individuais espectaculares, mas atrav\u00e9s de um desenvolvimento consistente.<\/p>\n<p>E talvez isso se enquadre muito bem no que se passa neste artigo: menos grandes saltos, mais desenvolvimento cont\u00ednuo.<\/p>\n<h3>Document\u00e1rio SWR: 50 anos de Apple entre a vis\u00e3o e o controlo<\/h3>\n<p>O novo document\u00e1rio da SWR tra\u00e7a o percurso do Apple desde os seus prim\u00f3rdios na d\u00e9cada de 1970 at\u00e9 \u00e0 atual empresa global, acrescentando uma dimens\u00e3o social \u00e0 hist\u00f3ria da tecnologia. O foco est\u00e1 no desenvolvimento de um contra-projeto rebelde para um gigante tecnol\u00f3gico estabelecido. O document\u00e1rio lan\u00e7a luz sobre a ascens\u00e3o de Steve Jobs, a sua vis\u00e3o intransigente e as tens\u00f5es internas que caracterizaram o Apple.<\/p>\n<div class=\"lyte-wrapper\" style=\"width:640px;max-width:100%;margin:5px;\"><div class=\"lyMe\" id=\"WYL_2RHDPABWqL0\"><div id=\"lyte_2RHDPABWqL0\" data-src=\"https:\/\/www.markus-schall.de\/wp-content\/plugins\/wp-youtube-lyte\/lyteCache.php?origThumbUrl=%2F%2Fi.ytimg.com%2Fvi%2F2RHDPABWqL0%2Fhqdefault.jpg\" class=\"pL\"><div class=\"tC\"><div class=\"tT\"><\/div><\/div><div class=\"play\"><\/div><div class=\"ctrl\"><div class=\"Lctrl\"><\/div><div class=\"Rctrl\"><\/div><\/div><\/div><noscript><a href=\"https:\/\/youtu.be\/2RHDPABWqL0\" rel=\"nofollow noopener\" target=\"_blank\"><img loading=\"lazy\" decoding=\"async\" src=\"https:\/\/www.markus-schall.de\/wp-content\/plugins\/wp-youtube-lyte\/lyteCache.php?origThumbUrl=https%3A%2F%2Fi.ytimg.com%2Fvi%2F2RHDPABWqL0%2F0.jpg\" alt=\"Miniatura de v\u00eddeo do YouTube\" width=\"640\" height=\"340\" \/><br \/>Ver este v\u00eddeo no YouTube<\/a><\/noscript><\/div><\/div><div class=\"lL\" style=\"max-width:100%;width:640px;margin:5px;\"><\/div><br \/>\n50 anos de Apple: como a empresa do iPhone mudou o mundo <a href=\"https:\/\/www.youtube.com\/channel\/UCK6jlnWA8t-XgUxwZJJHkQA\" target=\"_blank\" rel=\"nofollow noopener\">Document\u00e1rio SWR<\/a><\/p>\n<p>Simultaneamente, torna-se claro como as influ\u00eancias europeias - por exemplo, no design e na tipografia - contribu\u00edram fortemente para a identidade da empresa. Testemunhas contempor\u00e2neas relatam em primeira m\u00e3o os primeiros anos e a din\u00e2mica no seio das equipas. De particular interesse \u00e9 a quest\u00e3o cr\u00edtica de saber se a tecnologia, que em tempos foi vista como libertadora, est\u00e1 agora a contribuir cada vez mais para o controlo. O document\u00e1rio expande assim a perspetiva hist\u00f3rica para incluir uma categoriza\u00e7\u00e3o social atual.<\/p>\n<h2>O museu e um olhar para tr\u00e1s<\/h2>\n<p><a href=\"https:\/\/computermuseum-oldenburg.de\" target=\"_blank\" rel=\"noopener\"><img loading=\"lazy\" decoding=\"async\" class=\"alignleft wp-image-5483\" src=\"https:\/\/www.markus-schall.de\/wp-content\/uploads\/OCM-Logo_2014_CS5_ohne_gruen-205x300.png\" alt=\"Museu do Computador de Oldenburg\" width=\"136\" height=\"200\" srcset=\"https:\/\/www.markus-schall.de\/wp-content\/uploads\/OCM-Logo_2014_CS5_ohne_gruen-205x300.png 205w, https:\/\/www.markus-schall.de\/wp-content\/uploads\/OCM-Logo_2014_CS5_ohne_gruen-8x12.png 8w, https:\/\/www.markus-schall.de\/wp-content\/uploads\/OCM-Logo_2014_CS5_ohne_gruen.png 409w\" sizes=\"auto, (max-width: 136px) 100vw, 136px\" \/><\/a>A vis\u00e3o destes aparelhos n\u00e3o \u00e9 apenas te\u00f3rica. Pode ser experimentada em primeira m\u00e3o - no Museu do Computador de Oldenburg. A exposi\u00e7\u00e3o Apple no museu ser\u00e1 inaugurada em <strong>04 de abril de 2026 abertura \u00e0s 16 horas<\/strong> e prolonga-se at\u00e9 setembro de 2026.<\/p>\n<p>Isto d\u00e1-lhe tempo suficiente para ver o desenvolvimento no local - em paz e sem pressas. Vale a pena dedicar algum tempo, especialmente em exposi\u00e7\u00f5es como esta. N\u00e3o queremos apreender tudo de imediato, mas deixamos que os aparelhos individuais tenham um efeito sobre n\u00f3s.<\/p>\n<h3>Mais do que apenas olhar<\/h3>\n<p>Para al\u00e9m da exposi\u00e7\u00e3o, existem ofertas regulares:<\/p>\n<ul>\n<li><strong>Visitas guiadas p\u00fablicas<\/strong> todas as sextas-feiras, das 17 \u00e0s 19 horas, a partir de 17 de abril de 2026<\/li>\n<li><strong>Apple-Talks<\/strong> todas as segundas quartas-feiras, das 18 \u00e0s 20 horas, a partir de 15 de abril de 2026<\/li>\n<\/ul>\n<p>Estas s\u00e3o oportunidades em que n\u00e3o s\u00f3 se v\u00ea, mas tamb\u00e9m se compreende. E \u00e9 frequentemente nestas conversas que surgem as categoriza\u00e7\u00f5es interessantes.<\/p>\n<h3>Hist\u00f3ria da tecnologia na pr\u00e1tica - o Museu do Computador de Oldenburg<\/h3>\n<p><img loading=\"lazy\" decoding=\"async\" class=\"alignnone size-full wp-image-5485\" src=\"https:\/\/www.markus-schall.de\/wp-content\/uploads\/OCM-Ausstellung-Panorama.jpg\" alt=\"\" width=\"1600\" height=\"435\" srcset=\"https:\/\/www.markus-schall.de\/wp-content\/uploads\/OCM-Ausstellung-Panorama.jpg 1024w, https:\/\/www.markus-schall.de\/wp-content\/uploads\/OCM-Ausstellung-Panorama-300x81.jpg 300w, https:\/\/www.markus-schall.de\/wp-content\/uploads\/OCM-Ausstellung-Panorama-768x209.jpg 768w, https:\/\/www.markus-schall.de\/wp-content\/uploads\/OCM-Ausstellung-Panorama-18x5.jpg 18w\" sizes=\"auto, (max-width: 1600px) 100vw, 1600px\" \/><\/p>\n<p>O Museu do Computador de Oldenburg n\u00e3o se v\u00ea como um museu tradicional, mas como um local animado para aprender e experimentar a hist\u00f3ria dos computadores dom\u00e9sticos. Fundado em 2008, o seu objetivo n\u00e3o \u00e9 apenas exibir a tecnologia, mas torn\u00e1-la tang\u00edvel.<\/p>\n<p>O foco est\u00e1 nos computadores, consolas de jogos e m\u00e1quinas de arcada dos anos 70 a 90 - por outras palavras, de uma \u00e9poca em que foram lan\u00e7adas muitas das bases do mundo digital de hoje. A carater\u00edstica especial: Os aparelhos est\u00e3o prontos a ser utilizados e podem ser usados explicitamente. Os visitantes podem experimentar programas, iniciar jogos e sentir em primeira m\u00e3o como era a utiliza\u00e7\u00e3o do computador.<\/p>\n<p><img loading=\"lazy\" decoding=\"async\" class=\"alignnone size-full wp-image-5492\" src=\"https:\/\/www.markus-schall.de\/wp-content\/uploads\/OCM-Arcade-Panorama.jpg\" alt=\"OCM: Arcada\" width=\"2048\" height=\"636\" srcset=\"https:\/\/www.markus-schall.de\/wp-content\/uploads\/OCM-Arcade-Panorama.jpg 1024w, https:\/\/www.markus-schall.de\/wp-content\/uploads\/OCM-Arcade-Panorama-300x93.jpg 300w, https:\/\/www.markus-schall.de\/wp-content\/uploads\/OCM-Arcade-Panorama-768x239.jpg 768w, https:\/\/www.markus-schall.de\/wp-content\/uploads\/OCM-Arcade-Panorama-18x6.jpg 18w\" sizes=\"auto, (max-width: 2048px) 100vw, 2048px\" \/><\/p>\n<p>O museu estabelece assim uma ponte entre o passado e o presente. N\u00e3o se trata apenas de uma vis\u00e3o nost\u00e1lgica, mas de compreender o desenvolvimento t\u00e9cnico - dos gr\u00e1ficos e da mem\u00f3ria ao funcionamento. \u00c9 precisamente esta abordagem interactiva que faz a diferen\u00e7a: compreende-se a hist\u00f3ria n\u00e3o de forma te\u00f3rica, mas pr\u00e1tica.<\/p>\n<p>Isto transforma a hist\u00f3ria da tecnologia numa experi\u00eancia imediata - e os dispositivos antigos numa parte compreens\u00edvel do nosso presente digital.<\/p>\n<h2>Conclus\u00e3o - o que resta<\/h2>\n<p>Se dedicarmos algum tempo a analisar esta evolu\u00e7\u00e3o, aperceber-nos-emos de uma coisa: Muito do que hoje parece evidente n\u00e3o surgiu de repente. Foi crescendo. Em pequenos passos, ao longo de muitos anos.<\/p>\n<p>Dispositivos como o Atari Portfolio, os primeiros Macs, os PowerBooks ou mesmo o Newton n\u00e3o representam a perfei\u00e7\u00e3o. S\u00e3o sin\u00f3nimo de experi\u00eancias. Ideias que por vezes funcionavam e outras n\u00e3o. Mas foi exatamente isso que levou ao que usamos hoje.<\/p>\n<p>Para mim, pessoalmente, a minha vis\u00e3o desta tecnologia mudou. Costumava ser mais sobre o novo, o mais r\u00e1pido, o mais poderoso. Atualmente, \u00e9 mais importante para mim que as coisas funcionem. Que sejam fi\u00e1veis. Que eu possa confiar nelas.<\/p>\n<p>Talvez seja tamb\u00e9m essa a raz\u00e3o pela qual guardei certos aparelhos. N\u00e3o por serem objetivamente os melhores, mas por simbolizarem um determinado momento. Para uma fase em que algo mudou. \u00c9 exatamente isso que torna estas colec\u00e7\u00f5es - seja num museu ou em casa - interessantes. N\u00e3o mostram apenas aparelhos. Mostram desenvolvimentos. Por acaso, h\u00e1 15 anos j\u00e1 tinha uma cole\u00e7\u00e3o de <a href=\"https:\/\/www.markus-schall.de\/pt\/2011\/05\/exposicao-35-anos-de-computadores-apple-no-museu-do-computador-de-oldenburg\/\"><strong>Artigo sobre o Museu do Computador de Oldenburg<\/strong><\/a> escrito.<\/p>\n<p>No final, talvez reste um pensamento simples: nem toda a inova\u00e7\u00e3o \u00e9 automaticamente progresso. E nem tudo o que \u00e9 mais antigo est\u00e1, portanto, desatualizado.<\/p>\n<p>Por vezes, vale a pena dar um passo atr\u00e1s - para compreender melhor a sua situa\u00e7\u00e3o atual.<\/p>\n<hr \/>\n\n\t\t\t<div class=\"display-post-types\">\n\n\t\t\t\t\t\t\t<style type=\"text\/css\">\n\t\t\t#dpt-wrapper-721 { --dpt-text-align: left;--dpt-image-crop: center;--dpt-border-radius: 5px;--dpt-h-gutter: 10px;--dpt-v-gutter: 9px; }\t\t\t<\/style>\n\t\t\t<style type=\"text\/css\">#dpt-wrapper-721 { --dpt-title-font-style:normal;--dpt-title-font-weight:600;--dpt-title-line-height:1.5;--dpt-title-text-decoration:none;--dpt-title-text-transform:none;--dpt-excerpt-font-style:normal;--dpt-excerpt-font-weight:400;--dpt-excerpt-line-height:1.5;--dpt-excerpt-text-decoration:none;--dpt-excerpt-text-transform:none;--dpt-meta1-font-style:normal;--dpt-meta1-font-weight:400;--dpt-meta1-line-height:1.9;--dpt-meta1-text-decoration:none;--dpt-meta1-text-transform:none;--dpt-meta2-font-style:normal;--dpt-meta2-font-weight:400;--dpt-meta2-line-height:1.9;--dpt-meta2-text-decoration:none;--dpt-meta2-text-transform:none; }<\/style><div class=\"dpt-main-header\">\n\t\t\t\t\t\t<div class=\"dpt-main-title\">\n\t\t\t\t\t\t\t<span class=\"dpt-main-title-text\">Artigos actuais sobre intelig\u00eancia artificial<\/span>\n\t\t\t\t\t\t<\/div>\n\t\t\t\t\t\t\n\t\t\t\t\t\t\n\t\t\t\t\t\t\n\t\t\t\t\t\t<\/div>\t\t\t\n\t\t\t\t<div id=\"dpt-wrapper-721\" class=\"dpt-wrapper dpt-mag1 land1 dpt-cropped dpt-flex-wrap\" >\n\n\t\t\t\t\t\t\t\t\t\t\t<div class=\"dpt-entry has-thumbnail\" data-title=\"unsterblichkeit durch technik: wie weit forschung und ki wirklich sind\" data-id=\"3624\"  data-category=\"allgemein gesellschaft ki-systeme\" data-post_tag=\"denkmodelle k\u00fcnstliche intelligenz lernen llm prozesse sprachmodell\">\n\t\t\t\t\t\t\t<div class=\"dpt-entry-wrapper\"><div class=\"dpt-featured-content\"><div class=\"dpt-permalink\"><a href=\"https:\/\/www.markus-schall.de\/pt\/2025\/11\/imortalidade-atraves-da-tecnologia-ate-que-ponto-a-investigacao-e-o-ki-estao-realmente\/\" class=\"dpt-permalink\"><span class=\"screen-reader-text\">Imortalidade atrav\u00e9s da tecnologia: at\u00e9 onde chegou a investiga\u00e7\u00e3o e a IA<\/span><\/a><\/div><div class=\"dpt-thumbnail\"><div class=\"dpt-thumbnail-inner\"><img width=\"1024\" height=\"683\" class=\"attachment-full size-full\" alt=\"Imortalidade digital\" context=\"dpt\" data-dpt-src=\"https:\/\/www.markus-schall.de\/wp-content\/uploads\/digitale-unsterblichkeit.jpg\" data-dpt-sizes=\"(max-width: 1024px) 100vw, 1024px\" data-dpt-srcset=\"https:\/\/www.markus-schall.de\/wp-content\/uploads\/digitale-unsterblichkeit.jpg 1024w, https:\/\/www.markus-schall.de\/wp-content\/uploads\/digitale-unsterblichkeit-300x200.jpg 300w, https:\/\/www.markus-schall.de\/wp-content\/uploads\/digitale-unsterblichkeit-768x512.jpg 768w, https:\/\/www.markus-schall.de\/wp-content\/uploads\/digitale-unsterblichkeit-18x12.jpg 18w\" \/><\/div><span class=\"dpt-thumbnail-aspect-ratio\" style=\"padding-top: 75%\"><\/span><\/div><\/div><div class=\"sub-entry\"><h3 class=\"dpt-title\"><a class=\"dpt-title-link\" href=\"https:\/\/www.markus-schall.de\/pt\/2025\/11\/imortalidade-atraves-da-tecnologia-ate-que-ponto-a-investigacao-e-o-ki-estao-realmente\/\" rel=\"bookmark\">Imortalidade atrav\u00e9s da tecnologia: at\u00e9 onde chegou a investiga\u00e7\u00e3o e a IA<\/a><\/h3><\/div><\/div>\n\t\t\t\t\t\t<\/div><!-- .dpt-entry -->\n\t\t\t\t\t\t\t\t\t\t\t\t<div class=\"dpt-entry has-thumbnail\" data-title=\"die neuen eu-zensurgesetze: was chatcontrol, dsa, emfa und der ai act bedeuten\" data-id=\"3586\"  data-category=\"allgemein gesellschaft ki-systeme\" data-post_tag=\"datenschutz digitales eigentum eu-gesetze europa k\u00fcnstliche intelligenz llm meinungsfreiheit spieltheorie sprachmodell\">\n\t\t\t\t\t\t\t<div class=\"dpt-entry-wrapper\"><div class=\"dpt-featured-content\"><div class=\"dpt-permalink\"><a href=\"https:\/\/www.markus-schall.de\/pt\/2025\/11\/as-novas-leis-de-censura-da-ue-o-que-significa-chatcontrol-dsa-emfa-e-a-lei-ai\/\" class=\"dpt-permalink\"><span class=\"screen-reader-text\">As novas leis de censura da UE: O que significam o Chatcontrol, o DSA, o EMFA e a Lei da IA<\/span><\/a><\/div><div class=\"dpt-thumbnail\"><div class=\"dpt-thumbnail-inner\"><img width=\"1024\" height=\"683\" class=\"attachment-full size-full\" alt=\"Leis de censura da UE\" context=\"dpt\" data-dpt-src=\"https:\/\/www.markus-schall.de\/wp-content\/uploads\/eu-zensurgesetze.jpg\" data-dpt-sizes=\"(max-width: 1024px) 100vw, 1024px\" data-dpt-srcset=\"https:\/\/www.markus-schall.de\/wp-content\/uploads\/eu-zensurgesetze.jpg 1024w, https:\/\/www.markus-schall.de\/wp-content\/uploads\/eu-zensurgesetze-300x200.jpg 300w, https:\/\/www.markus-schall.de\/wp-content\/uploads\/eu-zensurgesetze-768x512.jpg 768w, https:\/\/www.markus-schall.de\/wp-content\/uploads\/eu-zensurgesetze-18x12.jpg 18w\" \/><\/div><span class=\"dpt-thumbnail-aspect-ratio\" style=\"padding-top: 75%\"><\/span><\/div><\/div><div class=\"sub-entry\"><h3 class=\"dpt-title\"><a class=\"dpt-title-link\" href=\"https:\/\/www.markus-schall.de\/pt\/2025\/11\/as-novas-leis-de-censura-da-ue-o-que-significa-chatcontrol-dsa-emfa-e-a-lei-ai\/\" rel=\"bookmark\">As novas leis de censura da UE: O que significam o Chatcontrol, o DSA, o EMFA e a Lei da IA<\/a><\/h3><\/div><\/div>\n\t\t\t\t\t\t<\/div><!-- .dpt-entry -->\n\t\t\t\t\t\t\t\t\t\t\t\t<div class=\"dpt-entry has-thumbnail\" data-title=\"vom content zur substanz: wie digitale systeme entstehen, die nicht kopierbar sind\" data-id=\"5899\"  data-category=\"allgemein b\u00fccher gesellschaft tipps &amp; anleitungen\" data-post_tag=\"buch datenlogik denkmodelle digitales eigentum erfahrungen k\u00fcnstliche intelligenz prozesse publishing ratgeber\">\n\t\t\t\t\t\t\t<div class=\"dpt-entry-wrapper\"><div class=\"dpt-featured-content\"><div class=\"dpt-permalink\"><a href=\"https:\/\/www.markus-schall.de\/pt\/2026\/04\/do-conteudo-a-substancia-como-sao-criados-sistemas-digitais-que-nao-podem-ser-copiados\/\" class=\"dpt-permalink\"><span class=\"screen-reader-text\">Do conte\u00fado \u00e0 subst\u00e2ncia: como se criam sistemas digitais que n\u00e3o podem ser copiados<\/span><\/a><\/div><div class=\"dpt-thumbnail\"><div class=\"dpt-thumbnail-inner\"><img width=\"1024\" height=\"682\" class=\"attachment-full size-full\" alt=\"Sistema em vez de conte\u00fado individual\" context=\"dpt\" data-dpt-src=\"https:\/\/www.markus-schall.de\/wp-content\/uploads\/Organische-Reichweite.jpg\" data-dpt-sizes=\"(max-width: 1024px) 100vw, 1024px\" data-dpt-srcset=\"https:\/\/www.markus-schall.de\/wp-content\/uploads\/Organische-Reichweite.jpg 1024w, https:\/\/www.markus-schall.de\/wp-content\/uploads\/Organische-Reichweite-300x200.jpg 300w, https:\/\/www.markus-schall.de\/wp-content\/uploads\/Organische-Reichweite-768x512.jpg 768w, https:\/\/www.markus-schall.de\/wp-content\/uploads\/Organische-Reichweite-18x12.jpg 18w\" \/><\/div><span class=\"dpt-thumbnail-aspect-ratio\" style=\"padding-top: 75%\"><\/span><\/div><\/div><div class=\"sub-entry\"><h3 class=\"dpt-title\"><a class=\"dpt-title-link\" href=\"https:\/\/www.markus-schall.de\/pt\/2026\/04\/do-conteudo-a-substancia-como-sao-criados-sistemas-digitais-que-nao-podem-ser-copiados\/\" rel=\"bookmark\">Do conte\u00fado \u00e0 subst\u00e2ncia: como se criam sistemas digitais que n\u00e3o podem ser copiados<\/a><\/h3><\/div><\/div>\n\t\t\t\t\t\t<\/div><!-- .dpt-entry -->\n\t\t\t\t\t\t\t\t\t\t\t\t<div class=\"dpt-entry has-thumbnail\" data-title=\"filemaker-konferenz 2025: ki, community und ein unerwarteter vorfall\" data-id=\"2898\"  data-category=\"allgemein filemaker &amp; erp ki-systeme stories &amp; humor\" data-post_tag=\"datenbanken erp-software filemaker gfm-business k\u00fcnstliche intelligenz\">\n\t\t\t\t\t\t\t<div class=\"dpt-entry-wrapper\"><div class=\"dpt-featured-content\"><div class=\"dpt-permalink\"><a href=\"https:\/\/www.markus-schall.de\/pt\/2025\/09\/conferencia-filemaker-2025-ki-comunidade-e-um-incidente-inesperado\/\" class=\"dpt-permalink\"><span class=\"screen-reader-text\">Confer\u00eancia FileMaker 2025: IA, comunidade e um incidente inesperado<\/span><\/a><\/div><div class=\"dpt-thumbnail\"><div class=\"dpt-thumbnail-inner\"><img width=\"1024\" height=\"512\" class=\"attachment-full size-full\" alt=\"FileMaker Confer\u00eancia 2025: Alarme de inc\u00eandio com bombeiros\" context=\"dpt\" data-dpt-src=\"https:\/\/www.markus-schall.de\/wp-content\/uploads\/FMK2025-Feueralarm-1.jpg\" data-dpt-sizes=\"(max-width: 1024px) 100vw, 1024px\" data-dpt-srcset=\"https:\/\/www.markus-schall.de\/wp-content\/uploads\/FMK2025-Feueralarm-1.jpg 1024w, https:\/\/www.markus-schall.de\/wp-content\/uploads\/FMK2025-Feueralarm-1-300x150.jpg 300w, https:\/\/www.markus-schall.de\/wp-content\/uploads\/FMK2025-Feueralarm-1-768x384.jpg 768w, https:\/\/www.markus-schall.de\/wp-content\/uploads\/FMK2025-Feueralarm-1-18x9.jpg 18w\" \/><\/div><span class=\"dpt-thumbnail-aspect-ratio\" style=\"padding-top: 75%\"><\/span><\/div><\/div><div class=\"sub-entry\"><h3 class=\"dpt-title\"><a class=\"dpt-title-link\" href=\"https:\/\/www.markus-schall.de\/pt\/2025\/09\/conferencia-filemaker-2025-ki-comunidade-e-um-incidente-inesperado\/\" rel=\"bookmark\">Confer\u00eancia FileMaker 2025: IA, comunidade e um incidente inesperado<\/a><\/h3><\/div><\/div>\n\t\t\t\t\t\t<\/div><!-- .dpt-entry -->\n\t\t\t\t\t\t\n\t\t\t\t<\/div>\n\t\t\t\t\t\t<\/div>\n\t\t\t\n<hr \/>\n<h2>Perguntas mais frequentes<\/h2>\n<ol>\n<li><strong>Como surgiu a sua cole\u00e7\u00e3o de dispositivos inform\u00e1ticos antigos?<\/strong><br \/>\nA cole\u00e7\u00e3o n\u00e3o foi criada especificamente como um \u201emuseu\u201c, mas desenvolveu-se ao longo de muitos anos. Muitos aparelhos t\u00eam origem em fases em que foram ativamente utilizados - quer a n\u00edvel profissional, quer a n\u00edvel privado. Outros foram acrescentados mais tarde por serem tecnicamente interessantes ou terem uma hist\u00f3ria especial. Com o tempo, apercebemo-nos de que j\u00e1 n\u00e3o queremos dar certos aparelhos, mas guardamo-los conscientemente. N\u00e3o por uma paix\u00e3o pelo colecionismo no sentido tradicional, mas porque simbolizam determinados desenvolvimentos. A certa altura, isto resulta numa cole\u00e7\u00e3o que \u00e9 mais do que uma simples cole\u00e7\u00e3o de hardware antigo.<\/li>\n<li><strong>Porque \u00e9 que o artigo come\u00e7a com a carteira Atari e n\u00e3o diretamente com o Apple?<\/strong><br \/>\nO Atari Portfolio \u00e9 um ponto de entrada deliberadamente escolhido porque representa um contraste importante. Mostra que a ideia de computadores m\u00f3veis j\u00e1 existia de forma rudimentar antes do Apple - embora de uma forma muito funcional e reduzida. S\u00f3 atrav\u00e9s desta compara\u00e7\u00e3o \u00e9 que se torna claro o caminho diferente que o Apple tomou mais tarde. A introdu\u00e7\u00e3o atrav\u00e9s do portef\u00f3lio torna o desenvolvimento mais compreens\u00edvel e evita que o artigo pare\u00e7a uma mera an\u00e1lise do Apple.<\/li>\n<li><strong>O que havia de t\u00e3o especial na carteira da Atari nessa altura?<\/strong><br \/>\nO Atari Portfolio foi um dos primeiros computadores verdadeiramente port\u00e1teis que podia ser utilizado sem quaisquer acess\u00f3rios adicionais. Cabia no bolso de um casaco, funcionava de forma independente e permitia aplica\u00e7\u00f5es de escrit\u00f3rio simples, como processamento de texto ou agendamento. Parece pouco espetacular segundo os padr\u00f5es actuais, mas na altura foi um grande passo para a utiliza\u00e7\u00e3o m\u00f3vel. Acima de tudo, a independ\u00eancia de uma esta\u00e7\u00e3o de trabalho fixa era uma novidade e mudou para sempre a forma como olh\u00e1vamos para os computadores.<\/li>\n<li><strong>Porque \u00e9 que inicialmente teve uma experi\u00eancia negativa com a primeira calculadora Apple?<\/strong><br \/>\nNo papel, o Performa 5200 era um computador moderno com um processador PowerPC. Na pr\u00e1tica, no entanto, n\u00e3o parecia t\u00e3o r\u00e1pido como seria de esperar. Especialmente em compara\u00e7\u00e3o com sistemas mais antigos, muitas coisas pareciam mais lentas. Esta discrep\u00e2ncia entre a inova\u00e7\u00e3o t\u00e9cnica e a experi\u00eancia real do utilizador foi formativa. Significava que as novas tecnologias n\u00e3o eram automaticamente vistas como um progresso, mas tinham sempre de ser testadas na utiliza\u00e7\u00e3o quotidiana.<\/li>\n<li><strong>O que fez com que o Quadra 840AV fosse melhor para si do que o Performa?<\/strong><br \/>\nEmbora o Quadra 840AV fosse tecnicamente mais antigo, era muito mais direto e est\u00e1vel na utiliza\u00e7\u00e3o di\u00e1ria. A velocidade de rea\u00e7\u00e3o, a sensa\u00e7\u00e3o geral ao utiliz\u00e1-lo - tudo isto era mais convincente. Tratava-se menos de dados de desempenho puros e mais da intera\u00e7\u00e3o entre hardware e software. \u00c9 precisamente esta intera\u00e7\u00e3o que \u00e9 frequentemente mais decisiva do que as inova\u00e7\u00f5es t\u00e9cnicas individuais.<\/li>\n<li><strong>Porque \u00e9 que os PowerBooks s\u00e3o t\u00e3o importantes para o desenvolvimento?<\/strong><br \/>\nOs PowerBooks mostram muito bem como a tecnologia melhora ao longo de v\u00e1rias gera\u00e7\u00f5es sem que cada modelo seja um come\u00e7o completamente novo. Pequenos ajustes na caixa, no funcionamento e na estrutura levaram a que os dispositivos se tornassem cada vez melhores na utiliza\u00e7\u00e3o quotidiana. Este tipo de evolu\u00e7\u00e3o \u00e9 menos espetacular do que os grandes saltos, mas \u00e9 frequentemente mais sustent\u00e1vel a longo prazo.<\/li>\n<li><strong>Qual era a ideia por detr\u00e1s do Newton e porque \u00e9 que falhou?<\/strong><br \/>\nO Newton era para ser um assistente pessoal digital - com reconhecimento de escrita, gest\u00e3o de compromissos e utiliza\u00e7\u00e3o m\u00f3vel. A ideia estava muito \u00e0 frente do seu tempo. O problema residia menos no conceito do que na sua concretiza\u00e7\u00e3o. A tecnologia ainda n\u00e3o estava suficientemente madura, o funcionamento n\u00e3o era familiar para muitos e as expectativas nem sempre foram satisfeitas. Em retrospetiva, o Newton n\u00e3o foi um fracasso, mas uma tentativa prematura.<\/li>\n<li><strong>O que torna o Siemens Notephone t\u00e3o especial?<\/strong><br \/>\nO Notephone da Siemens \u00e9 especial porque \u00e9 uma combina\u00e7\u00e3o da tecnologia Apple com a de outro fabricante. Baseia-se na tecnologia Newton, mas n\u00e3o se apresenta como um dispositivo Apple cl\u00e1ssico. Estes desenvolvimentos h\u00edbridos s\u00e3o raros e mostram a abertura do panorama tecnol\u00f3gico na altura. Al\u00e9m disso, o dispositivo n\u00e3o \u00e9 muito utilizado, o que faz dele um objeto verdadeiramente \u00fanico hoje em dia.<\/li>\n<li><strong>Porque \u00e9 que d\u00e1 tanta import\u00e2ncia ao toque dos aparelhos?<\/strong><br \/>\nA sensa\u00e7\u00e3o t\u00e1til \u00e9 um aspeto frequentemente subestimado. Determina a sensa\u00e7\u00e3o de um dispositivo na utiliza\u00e7\u00e3o quotidiana. O peso, os materiais, os bot\u00f5es - tudo isto tem um impacto maior na utiliza\u00e7\u00e3o do que se possa pensar \u00e0 partida. Nos dispositivos mais antigos, em particular, nota-se que foram constru\u00eddos de forma diferente. N\u00e3o necessariamente melhor ou pior, mas com um objetivo diferente.<\/li>\n<li><strong>O que mudou no Apple com o G4 Cube?<\/strong><br \/>\nCom o G4 Cube, tornou-se claro que o Apple tinha come\u00e7ado a encarar o design como um fator por si s\u00f3. O computador n\u00e3o era apenas uma ferramenta, mas tamb\u00e9m um objeto. A forma, os materiais e a apresenta\u00e7\u00e3o passaram a estar no centro das aten\u00e7\u00f5es. Foi um passo da fun\u00e7\u00e3o pura para um design consciente da tecnologia.<\/li>\n<li><strong>Porque \u00e9 que o iBook G4 foi uma transi\u00e7\u00e3o importante?<\/strong><br \/>\nO iBook G4 simboliza o momento em que os computadores passaram finalmente a fazer parte da vida quotidiana. Era mais acess\u00edvel, com um aspeto menos t\u00e9cnico e, por isso, adequado a um grupo-alvo mais vasto. Ao mesmo tempo, antecipou muitos elementos dos dispositivos modernos. Combinava o mundo mais antigo do Apple com o que mais tarde se tornou uma quest\u00e3o natural.<\/li>\n<li><strong>Porque \u00e9 que alternou entre o Apple e o Windows?<\/strong><br \/>\nA mudan\u00e7a foi sobretudo pragm\u00e1tica. Dependendo do ambiente e dos requisitos, um sistema ou outro fazia mais sentido. Estas mudan\u00e7as d\u00e3o-nos uma vis\u00e3o mais ampla de ambos os mundos. Aprendemos a reconhecer os pontos fortes e fracos sem nos comprometermos com um dos lados. Esta experi\u00eancia \u00e9 muitas vezes mais valiosa do que uma filia\u00e7\u00e3o clara.<\/li>\n<li><strong>O que \u00e9 que aprendeu com o seu tempo como administrador do Windows?<\/strong><br \/>\nTrabalhar como administrador criou um conhecimento t\u00e9cnico b\u00e1sico que ainda hoje \u00e9 \u00fatil. Aprende-se n\u00e3o s\u00f3 a utilizar os sistemas, mas tamb\u00e9m a compreend\u00ea-los. Aprende-se a analisar problemas, a reconhecer correla\u00e7\u00f5es e a desenvolver solu\u00e7\u00f5es. Este conhecimento tamb\u00e9m ajuda a lidar com outras plataformas.<\/li>\n<li><strong>Porque \u00e9 que ainda hoje trabalha principalmente com Apple?<\/strong><br \/>\nAo longo dos anos, tornou-se claro que a combina\u00e7\u00e3o de hardware e software do Apple \u00e9 a que melhor se adapta ao meu trabalho quotidiano. Os sistemas s\u00e3o est\u00e1veis, bem integrados e podem ser utilizados de forma eficiente. Isso n\u00e3o significa que sejam perfeitos, mas, em geral, s\u00e3o os que melhor se adaptam \u00e0s minhas necessidades.<\/li>\n<li><strong>O que quer dizer com \u201erela\u00e7\u00e3o de amor e \u00f3dio\u201c com o Apple?<\/strong><br \/>\nA \u201erela\u00e7\u00e3o amor-\u00f3dio\u201c descreve a tens\u00e3o entre reconhecimento e cr\u00edtica. Por um lado, os produtos s\u00e3o tecnicamente convincentes, por outro lado, a empresa mudou consideravelmente. Os processos s\u00e3o mais estandardizados, as decis\u00f5es s\u00e3o frequentemente mais comerciais. As pessoas gostam de trabalhar com os aparelhos, mas, ao mesmo tempo, t\u00eam uma vis\u00e3o cr\u00edtica dos desenvolvimentos.<\/li>\n<li><strong>Porque est\u00e1 relutante em atualizar o seu sistema operativo?<\/strong><br \/>\nPara mim, a estabilidade \u00e9 mais importante do que as inova\u00e7\u00f5es constantes. Se um sistema funciona de forma fi\u00e1vel, n\u00e3o vejo raz\u00e3o para o alterar imediatamente. As actualiza\u00e7\u00f5es n\u00e3o trazem apenas melhorias, mas tamb\u00e9m novos erros ou altera\u00e7\u00f5es. \u00c9 por isso que espero deliberadamente e s\u00f3 utilizo as novas vers\u00f5es depois de estas terem dado provas.<\/li>\n<li><strong>O que significa a frase \u201eApple is not your friend\u201c?<\/strong><br \/>\nA frase vem da pr\u00e1tica e descreve uma realidade s\u00f3bria. Apple \u00e9 uma empresa com interesses comerciais e n\u00e3o um parceiro pessoal. Quem compreende este facto pode classificar melhor as decis\u00f5es e desenvolver expectativas mais realistas. Isto ajuda a evitar desilus\u00f5es.<\/li>\n<li><strong>Como v\u00ea o futuro do Apple, especialmente no sector da IA?<\/strong><br \/>\nO Apple criou uma base muito boa com os seus pr\u00f3prios processadores. A integra\u00e7\u00e3o de hardware e software permite sistemas poderosos que s\u00e3o particularmente interessantes para aplica\u00e7\u00f5es locais de IA. Vejo aqui um grande potencial, precisamente porque o Apple adopta uma abordagem diferente da de muitos dos seus concorrentes.<\/li>\n<li><strong>Porque \u00e9 que vale a pena visitar o Museu do Computador de Oldenburg?<\/strong><br \/>\nO museu oferece a oportunidade n\u00e3o s\u00f3 de ver a tecnologia, mas tamb\u00e9m de a experimentar. Muitos dispositivos s\u00e3o funcionais e podem ser experimentados diretamente. Isto cria uma compreens\u00e3o completamente diferente do desenvolvimento da tecnologia inform\u00e1tica. A exposi\u00e7\u00e3o Apple \u00e9 mais um motivo para se debru\u00e7ar sobre este tema.<\/li>\n<li><strong>O que \u00e9 que podemos aprender com a hist\u00f3ria dos computadores para os dias de hoje?<\/strong><br \/>\nTalvez a constata\u00e7\u00e3o mais importante seja a de que o progresso raramente \u00e9 direto. Muitas ideias aparecem logo no in\u00edcio, desaparecem novamente e voltam mais tarde numa forma melhorada. Um olhar sobre o passado ajuda-nos a classificar melhor os desenvolvimentos actuais e a n\u00e3o sobrestimar imediatamente todas as inova\u00e7\u00f5es.<\/li>\n<\/ol>\n<hr \/>\n\n\t\t\t<div class=\"display-post-types\">\n\n\t\t\t\t\t\t\t<style type=\"text\/css\">\n\t\t\t#dpt-wrapper-722 { --dpt-text-align: left;--dpt-image-crop: center;--dpt-border-radius: 5px;--dpt-h-gutter: 10px;--dpt-v-gutter: 9px; }\t\t\t<\/style>\n\t\t\t<style type=\"text\/css\">#dpt-wrapper-722 { --dpt-title-font-style:normal;--dpt-title-font-weight:600;--dpt-title-line-height:1.5;--dpt-title-text-decoration:none;--dpt-title-text-transform:none;--dpt-excerpt-font-style:normal;--dpt-excerpt-font-weight:400;--dpt-excerpt-line-height:1.5;--dpt-excerpt-text-decoration:none;--dpt-excerpt-text-transform:none;--dpt-meta1-font-style:normal;--dpt-meta1-font-weight:400;--dpt-meta1-line-height:1.9;--dpt-meta1-text-decoration:none;--dpt-meta1-text-transform:none;--dpt-meta2-font-style:normal;--dpt-meta2-font-weight:400;--dpt-meta2-line-height:1.9;--dpt-meta2-text-decoration:none;--dpt-meta2-text-transform:none; }<\/style><div class=\"dpt-main-header\">\n\t\t\t\t\t\t<div class=\"dpt-main-title\">\n\t\t\t\t\t\t\t<span class=\"dpt-main-title-text\">Artigos actuais sobre arte e cultura<\/span>\n\t\t\t\t\t\t<\/div>\n\t\t\t\t\t\t\n\t\t\t\t\t\t\n\t\t\t\t\t\t\n\t\t\t\t\t\t<\/div>\t\t\t\n\t\t\t\t<div id=\"dpt-wrapper-722\" class=\"dpt-wrapper dpt-mag1 land1 dpt-cropped dpt-flex-wrap\" >\n\n\t\t\t\t\t\t\t\t\t\t\t<div class=\"dpt-entry has-thumbnail\" data-title=\"dieter hallervorden \u2013 mehr als didi: portr\u00e4t eines unbequemen freigeists\" data-id=\"4347\"  data-category=\"gesellschaft kunst &amp; kultur stories &amp; humor\" data-post_tag=\"erfahrungen meinungsfreiheit musik portrait\">\n\t\t\t\t\t\t\t<div class=\"dpt-entry-wrapper\"><div class=\"dpt-featured-content\"><div class=\"dpt-permalink\"><a href=\"https:\/\/www.markus-schall.de\/pt\/2026\/01\/dieter-hallervorden-mais-do-que-didi-retrato-de-um-espirito-livre-desconfortavel\/\" class=\"dpt-permalink\"><span class=\"screen-reader-text\">Dieter Hallervorden - Mais do que Didi: Retrato de um esp\u00edrito livre inc\u00f3modo<\/span><\/a><\/div><div class=\"dpt-thumbnail\"><div class=\"dpt-thumbnail-inner\"><img width=\"1024\" height=\"683\" class=\"attachment-full size-full\" alt=\"Dieter Hallervorden e a W\u00fchlm\u00e4use em Berlim\" context=\"dpt\" data-dpt-src=\"https:\/\/www.markus-schall.de\/wp-content\/uploads\/Dieter-Hallvervorden-Wuehlmaeuse.jpg\" data-dpt-sizes=\"(max-width: 1024px) 100vw, 1024px\" data-dpt-srcset=\"https:\/\/www.markus-schall.de\/wp-content\/uploads\/Dieter-Hallvervorden-Wuehlmaeuse.jpg 1024w, https:\/\/www.markus-schall.de\/wp-content\/uploads\/Dieter-Hallvervorden-Wuehlmaeuse-300x200.jpg 300w, https:\/\/www.markus-schall.de\/wp-content\/uploads\/Dieter-Hallvervorden-Wuehlmaeuse-768x512.jpg 768w, https:\/\/www.markus-schall.de\/wp-content\/uploads\/Dieter-Hallvervorden-Wuehlmaeuse-18x12.jpg 18w\" \/><\/div><span class=\"dpt-thumbnail-aspect-ratio\" style=\"padding-top: 75%\"><\/span><\/div><\/div><div class=\"sub-entry\"><h3 class=\"dpt-title\"><a class=\"dpt-title-link\" href=\"https:\/\/www.markus-schall.de\/pt\/2026\/01\/dieter-hallervorden-mais-do-que-didi-retrato-de-um-espirito-livre-desconfortavel\/\" rel=\"bookmark\">Dieter Hallervorden - Mais do que Didi: Retrato de um esp\u00edrito livre inc\u00f3modo<\/a><\/h3><\/div><\/div>\n\t\t\t\t\t\t<\/div><!-- .dpt-entry -->\n\t\t\t\t\t\t\t\t\t\t\t\t<div class=\"dpt-entry has-thumbnail\" data-title=\"johann sebastian bach \u2013 ordnung, haltung und das fundament unserer musik\" data-id=\"5033\"  data-category=\"allgemein gesellschaft kunst &amp; kultur\" data-post_tag=\"deutschland musik portrait\">\n\t\t\t\t\t\t\t<div class=\"dpt-entry-wrapper\"><div class=\"dpt-featured-content\"><div class=\"dpt-permalink\"><a href=\"https:\/\/www.markus-schall.de\/pt\/2026\/02\/johann-sebastian-bach-a-atitude-da-ordem-e-a-base-da-nossa-musica\/\" class=\"dpt-permalink\"><span class=\"screen-reader-text\">Johann Sebastian Bach - ordem, atitude e a base da nossa m\u00fasica<\/span><\/a><\/div><div class=\"dpt-thumbnail\"><div class=\"dpt-thumbnail-inner\"><img width=\"1024\" height=\"683\" class=\"attachment-full size-full\" alt=\"Retrato de Johann Sebastian Bach\" context=\"dpt\" data-dpt-src=\"https:\/\/www.markus-schall.de\/wp-content\/uploads\/Johann-Sebastian-Bach-Portrait.jpg\" data-dpt-sizes=\"(max-width: 1024px) 100vw, 1024px\" data-dpt-srcset=\"https:\/\/www.markus-schall.de\/wp-content\/uploads\/Johann-Sebastian-Bach-Portrait.jpg 1024w, https:\/\/www.markus-schall.de\/wp-content\/uploads\/Johann-Sebastian-Bach-Portrait-300x200.jpg 300w, https:\/\/www.markus-schall.de\/wp-content\/uploads\/Johann-Sebastian-Bach-Portrait-768x512.jpg 768w, https:\/\/www.markus-schall.de\/wp-content\/uploads\/Johann-Sebastian-Bach-Portrait-18x12.jpg 18w\" \/><\/div><span class=\"dpt-thumbnail-aspect-ratio\" style=\"padding-top: 75%\"><\/span><\/div><\/div><div class=\"sub-entry\"><h3 class=\"dpt-title\"><a class=\"dpt-title-link\" href=\"https:\/\/www.markus-schall.de\/pt\/2026\/02\/johann-sebastian-bach-a-atitude-da-ordem-e-a-base-da-nossa-musica\/\" rel=\"bookmark\">Johann Sebastian Bach - ordem, atitude e a base da nossa m\u00fasica<\/a><\/h3><\/div><\/div>\n\t\t\t\t\t\t<\/div><!-- .dpt-entry -->\n\t\t\t\t\t\t\t\t\t\t\t\t<div class=\"dpt-entry has-thumbnail\" data-title=\"vicco von b\u00fclow alias loriot \u2013 ordnung, form und der leise widerstand des humors\" data-id=\"4169\"  data-category=\"allgemein gesellschaft kunst &amp; kultur stories &amp; humor\" data-post_tag=\"deutschland erfahrungen pers\u00f6nlichkeitsentwicklung portrait\">\n\t\t\t\t\t\t\t<div class=\"dpt-entry-wrapper\"><div class=\"dpt-featured-content\"><div class=\"dpt-permalink\"><a href=\"https:\/\/www.markus-schall.de\/pt\/2025\/12\/vicco-von-buelow-alias-loriot-nota-de-encomenda-e-a-resistencia-silenciosa-do-humor\/\" class=\"dpt-permalink\"><span class=\"screen-reader-text\">Vicco von B\u00fclow alias Loriot - ordem, forma e a resist\u00eancia silenciosa do humor<\/span><\/a><\/div><div class=\"dpt-thumbnail\"><div class=\"dpt-thumbnail-inner\"><img width=\"1024\" height=\"747\" class=\"attachment-full size-full\" alt=\"\" context=\"dpt\" data-dpt-src=\"https:\/\/www.markus-schall.de\/wp-content\/uploads\/Loriot-Titel.jpg\" data-dpt-sizes=\"(max-width: 1024px) 100vw, 1024px\" data-dpt-srcset=\"https:\/\/www.markus-schall.de\/wp-content\/uploads\/Loriot-Titel.jpg 1024w, https:\/\/www.markus-schall.de\/wp-content\/uploads\/Loriot-Titel-300x219.jpg 300w, https:\/\/www.markus-schall.de\/wp-content\/uploads\/Loriot-Titel-768x560.jpg 768w, https:\/\/www.markus-schall.de\/wp-content\/uploads\/Loriot-Titel-16x12.jpg 16w\" \/><\/div><span class=\"dpt-thumbnail-aspect-ratio\" style=\"padding-top: 75%\"><\/span><\/div><\/div><div class=\"sub-entry\"><h3 class=\"dpt-title\"><a class=\"dpt-title-link\" href=\"https:\/\/www.markus-schall.de\/pt\/2025\/12\/vicco-von-buelow-alias-loriot-nota-de-encomenda-e-a-resistencia-silenciosa-do-humor\/\" rel=\"bookmark\">Vicco von B\u00fclow alias Loriot - ordem, forma e a resist\u00eancia silenciosa do humor<\/a><\/h3><\/div><\/div>\n\t\t\t\t\t\t<\/div><!-- .dpt-entry -->\n\t\t\t\t\t\t\t\t\t\t\t\t<div class=\"dpt-entry has-thumbnail\" data-title=\"zukunft mit ladeger\u00e4t \u2013 herr von l&#8217;oreot kauft einen e-scooter\" data-id=\"3229\"  data-category=\"allgemein gesellschaft kunst &amp; kultur stories &amp; humor\" data-post_tag=\"erfahrungen\">\n\t\t\t\t\t\t\t<div class=\"dpt-entry-wrapper\"><div class=\"dpt-featured-content\"><div class=\"dpt-permalink\"><a href=\"https:\/\/www.markus-schall.de\/pt\/2025\/10\/futuro-com-carregador-o-sr-von-loreot-compra-uma-e-scooter\/\" class=\"dpt-permalink\"><span class=\"screen-reader-text\">Futuro com um carregador - von L'oreot compra uma trotinete el\u00e9ctrica<\/span><\/a><\/div><div class=\"dpt-thumbnail\"><div class=\"dpt-thumbnail-inner\"><img width=\"1024\" height=\"747\" class=\"attachment-full size-full\" alt=\"\" context=\"dpt\" data-dpt-src=\"https:\/\/www.markus-schall.de\/wp-content\/uploads\/loereot-e-scooter-1.jpg\" data-dpt-sizes=\"(max-width: 1024px) 100vw, 1024px\" data-dpt-srcset=\"https:\/\/www.markus-schall.de\/wp-content\/uploads\/loereot-e-scooter-1.jpg 1024w, https:\/\/www.markus-schall.de\/wp-content\/uploads\/loereot-e-scooter-1-300x219.jpg 300w, https:\/\/www.markus-schall.de\/wp-content\/uploads\/loereot-e-scooter-1-768x560.jpg 768w, https:\/\/www.markus-schall.de\/wp-content\/uploads\/loereot-e-scooter-1-16x12.jpg 16w\" \/><\/div><span class=\"dpt-thumbnail-aspect-ratio\" style=\"padding-top: 75%\"><\/span><\/div><\/div><div class=\"sub-entry\"><h3 class=\"dpt-title\"><a class=\"dpt-title-link\" href=\"https:\/\/www.markus-schall.de\/pt\/2025\/10\/futuro-com-carregador-o-sr-von-loreot-compra-uma-e-scooter\/\" rel=\"bookmark\">Futuro com um carregador - von L'oreot compra uma trotinete el\u00e9ctrica<\/a><\/h3><\/div><\/div>\n\t\t\t\t\t\t<\/div><!-- .dpt-entry -->\n\t\t\t\t\t\t\n\t\t\t\t<\/div>\n\t\t\t\t\t\t<\/div>\n\t\t\t\n<hr \/>","protected":false},"excerpt":{"rendered":"<p>Se se interessa pela hist\u00f3ria dos computadores, vale particularmente a pena visitar o Museu do Computador de Oldenburg. O museu \u00e9 um daqueles lugares que n\u00e3o precisa de ser barulhento para impressionar e vai acolher uma exposi\u00e7\u00e3o especial intitulada \u201e50 anos de computadores Apple\u201c a partir de abril. Durante muitos anos, a tecnologia n\u00e3o s\u00f3 foi ali exposta, como tamb\u00e9m mantida viva. ... <a title=\"Futuro com um carregador - von L&#039;oreot compra uma trotinete el\u00e9ctrica\" class=\"read-more\" href=\"https:\/\/www.markus-schall.de\/pt\/2025\/10\/futuro-com-carregador-o-sr-von-loreot-compra-uma-e-scooter\/\" aria-label=\"Leia mais sobre futuro com carregador - O Sr. de L&#039;oreot compra uma e-scooter\">Ler mais<\/a><\/p>","protected":false},"author":1,"featured_media":5497,"comment_status":"open","ping_status":"open","sticky":false,"template":"","format":"standard","meta":{"iawp_total_views":89,"footnotes":""},"categories":[1,40,15,147,472,235],"tags":[10,458,410,11,442,460],"class_list":["post-5480","post","type-post","status-publish","format-standard","has-post-thumbnail","hentry","category-allgemein","category-apple-iphone-ipad","category-apple-macos","category-hardware","category-kunst-kultur","category-stories-humor","tag-apple","tag-erfahrungen","tag-filemaker","tag-mac","tag-prozesse","tag-publishing"],"_links":{"self":[{"href":"https:\/\/www.markus-schall.de\/pt\/wp-json\/wp\/v2\/posts\/5480","targetHints":{"allow":["GET"]}}],"collection":[{"href":"https:\/\/www.markus-schall.de\/pt\/wp-json\/wp\/v2\/posts"}],"about":[{"href":"https:\/\/www.markus-schall.de\/pt\/wp-json\/wp\/v2\/types\/post"}],"author":[{"embeddable":true,"href":"https:\/\/www.markus-schall.de\/pt\/wp-json\/wp\/v2\/users\/1"}],"replies":[{"embeddable":true,"href":"https:\/\/www.markus-schall.de\/pt\/wp-json\/wp\/v2\/comments?post=5480"}],"version-history":[{"count":21,"href":"https:\/\/www.markus-schall.de\/pt\/wp-json\/wp\/v2\/posts\/5480\/revisions"}],"predecessor-version":[{"id":5865,"href":"https:\/\/www.markus-schall.de\/pt\/wp-json\/wp\/v2\/posts\/5480\/revisions\/5865"}],"wp:featuredmedia":[{"embeddable":true,"href":"https:\/\/www.markus-schall.de\/pt\/wp-json\/wp\/v2\/media\/5497"}],"wp:attachment":[{"href":"https:\/\/www.markus-schall.de\/pt\/wp-json\/wp\/v2\/media?parent=5480"}],"wp:term":[{"taxonomy":"category","embeddable":true,"href":"https:\/\/www.markus-schall.de\/pt\/wp-json\/wp\/v2\/categories?post=5480"},{"taxonomy":"post_tag","embeddable":true,"href":"https:\/\/www.markus-schall.de\/pt\/wp-json\/wp\/v2\/tags?post=5480"}],"curies":[{"name":"wp","href":"https:\/\/api.w.org\/{rel}","templated":true}]}}