{"id":5899,"date":"2026-04-27T05:09:14","date_gmt":"2026-04-27T05:09:14","guid":{"rendered":"https:\/\/www.markus-schall.de\/?p=5899"},"modified":"2026-04-27T08:04:17","modified_gmt":"2026-04-27T08:04:17","slug":"do-conteudo-a-substancia-como-sao-criados-sistemas-digitais-que-nao-podem-ser-copiados","status":"publish","type":"post","link":"https:\/\/www.markus-schall.de\/pt\/2026\/04\/do-conteudo-a-substancia-como-sao-criados-sistemas-digitais-que-nao-podem-ser-copiados\/","title":{"rendered":"Do conte\u00fado \u00e0 subst\u00e2ncia: como se criam sistemas digitais que n\u00e3o podem ser copiados"},"content":{"rendered":"<p>Hoje em dia, quando nos movimentamos no espa\u00e7o digital, ficamos rapidamente com uma certa impress\u00e3o: se somos vis\u00edveis, somos bem sucedidos. Se tivermos alcance, temos influ\u00eancia. E se produzimos muito conte\u00fado, estamos automaticamente a construir algo. Esta equa\u00e7\u00e3o parece plaus\u00edvel \u00e0 primeira vista - mas \u00e9 enganadora. Porque visibilidade n\u00e3o \u00e9 propriedade. Alcance n\u00e3o \u00e9 propriedade. E o conte\u00fado n\u00e3o \u00e9, de forma alguma, uma base.<\/p>\n<p>Um post pode ser lido milhares de vezes e, no entanto, praticamente desaparecer ao fim de alguns dias. Uma publica\u00e7\u00e3o nas redes sociais pode tornar-se viral e, ao mesmo tempo, n\u00e3o ter qualquer efeito duradouro. Mesmo os conte\u00fados bem posicionados nos motores de busca n\u00e3o s\u00e3o automaticamente est\u00e1veis. Dependem de algoritmos, regras da plataforma e desenvolvimentos sobre os quais n\u00e3o tem qualquer controlo.<!--more--><\/p>\n<hr \/>\n\n\t\t\t<div class=\"display-post-types\">\n\n\t\t\t\t\t\t\t<style type=\"text\/css\">\n\t\t\t#dpt-wrapper-964 { --dpt-text-align: left;--dpt-image-crop: center;--dpt-border-radius: 5px;--dpt-h-gutter: 10px;--dpt-v-gutter: 9px; }\t\t\t<\/style>\n\t\t\t<style type=\"text\/css\">#dpt-wrapper-964 { --dpt-title-font-style:normal;--dpt-title-font-weight:600;--dpt-title-line-height:1.5;--dpt-title-text-decoration:none;--dpt-title-text-transform:none;--dpt-excerpt-font-style:normal;--dpt-excerpt-font-weight:400;--dpt-excerpt-line-height:1.5;--dpt-excerpt-text-decoration:none;--dpt-excerpt-text-transform:none;--dpt-meta1-font-style:normal;--dpt-meta1-font-weight:400;--dpt-meta1-line-height:1.9;--dpt-meta1-text-decoration:none;--dpt-meta1-text-transform:none;--dpt-meta2-font-style:normal;--dpt-meta2-font-weight:400;--dpt-meta2-line-height:1.9;--dpt-meta2-text-decoration:none;--dpt-meta2-text-transform:none; }<\/style><div class=\"dpt-main-header\">\n\t\t\t\t\t\t<div class=\"dpt-main-title\">\n\t\t\t\t\t\t\t<span class=\"dpt-main-title-text\">Artigos actuais sobre arte e cultura<\/span>\n\t\t\t\t\t\t<\/div>\n\t\t\t\t\t\t\n\t\t\t\t\t\t\n\t\t\t\t\t\t\n\t\t\t\t\t\t<\/div>\t\t\t\n\t\t\t\t<div id=\"dpt-wrapper-964\" class=\"dpt-wrapper dpt-mag1 land1 dpt-cropped dpt-flex-wrap\" >\n\n\t\t\t\t\t\t\t\t\t\t\t<div class=\"dpt-entry has-thumbnail\" data-title=\"warum dieter bohlen spricht, wenn andere schweigen: ein portr\u00e4t \u00fcber flei\u00df und klarheit\" data-id=\"3744\"  data-category=\"allgemein gesellschaft kunst &amp; kultur\" data-post_tag=\"auswandern deutschland erfahrungen krisen meinungsfreiheit musik portrait\">\n\t\t\t\t\t\t\t<div class=\"dpt-entry-wrapper\"><div class=\"dpt-featured-content\"><div class=\"dpt-permalink\"><a href=\"https:\/\/www.markus-schall.de\/pt\/2025\/12\/porque-e-que-dieter-bohlen-fala-quando-outros-permanecem-em-silencio-um-retrato-de-diligencia-e-clareza\/\" class=\"dpt-permalink\"><span class=\"screen-reader-text\">Porque \u00e9 que Dieter Bohlen fala quando os outros se calam: Um retrato de dilig\u00eancia e clareza<\/span><\/a><\/div><div class=\"dpt-thumbnail\"><div class=\"dpt-thumbnail-inner\"><img width=\"1024\" height=\"683\" class=\"attachment-full size-full\" alt=\"\" context=\"dpt\" data-dpt-src=\"https:\/\/www.markus-schall.de\/wp-content\/uploads\/Dieter-Bohlen-Portrait.jpg\" data-dpt-sizes=\"(max-width: 1024px) 100vw, 1024px\" data-dpt-srcset=\"https:\/\/www.markus-schall.de\/wp-content\/uploads\/Dieter-Bohlen-Portrait.jpg 1024w, https:\/\/www.markus-schall.de\/wp-content\/uploads\/Dieter-Bohlen-Portrait-300x200.jpg 300w, https:\/\/www.markus-schall.de\/wp-content\/uploads\/Dieter-Bohlen-Portrait-768x512.jpg 768w, https:\/\/www.markus-schall.de\/wp-content\/uploads\/Dieter-Bohlen-Portrait-18x12.jpg 18w\" \/><\/div><span class=\"dpt-thumbnail-aspect-ratio\" style=\"padding-top: 75%\"><\/span><\/div><\/div><div class=\"sub-entry\"><h3 class=\"dpt-title\"><a class=\"dpt-title-link\" href=\"https:\/\/www.markus-schall.de\/pt\/2025\/12\/porque-e-que-dieter-bohlen-fala-quando-outros-permanecem-em-silencio-um-retrato-de-diligencia-e-clareza\/\" rel=\"bookmark\">Porque \u00e9 que Dieter Bohlen fala quando os outros se calam: Um retrato de dilig\u00eancia e clareza<\/a><\/h3><\/div><\/div>\n\t\t\t\t\t\t<\/div><!-- .dpt-entry -->\n\t\t\t\t\t\t\t\t\t\t\t\t<div class=\"dpt-entry has-thumbnail\" data-title=\"helge schneider: haltung, humor und die freiheit, sich nicht erkl\u00e4ren zu m\u00fcssen\" data-id=\"4756\"  data-category=\"allgemein gesellschaft kunst &amp; kultur\" data-post_tag=\"deutschland erfahrungen meinungsfreiheit musik portrait\">\n\t\t\t\t\t\t\t<div class=\"dpt-entry-wrapper\"><div class=\"dpt-featured-content\"><div class=\"dpt-permalink\"><a href=\"https:\/\/www.markus-schall.de\/pt\/2026\/02\/helge-schneider-atitude-o-humor-e-a-liberdade-de-nao-ter-de-se-explicar\/\" class=\"dpt-permalink\"><span class=\"screen-reader-text\">Helge Schneider: Atitude, humor e a liberdade de n\u00e3o ter de se explicar<\/span><\/a><\/div><div class=\"dpt-thumbnail\"><div class=\"dpt-thumbnail-inner\"><img width=\"1024\" height=\"683\" class=\"attachment-full size-full\" alt=\"Retrato de Helge Schneider\" context=\"dpt\" data-dpt-src=\"https:\/\/www.markus-schall.de\/wp-content\/uploads\/Helge-Schneider.jpg\" data-dpt-sizes=\"(max-width: 1024px) 100vw, 1024px\" data-dpt-srcset=\"https:\/\/www.markus-schall.de\/wp-content\/uploads\/Helge-Schneider.jpg 1024w, https:\/\/www.markus-schall.de\/wp-content\/uploads\/Helge-Schneider-300x200.jpg 300w, https:\/\/www.markus-schall.de\/wp-content\/uploads\/Helge-Schneider-768x512.jpg 768w, https:\/\/www.markus-schall.de\/wp-content\/uploads\/Helge-Schneider-18x12.jpg 18w\" \/><\/div><span class=\"dpt-thumbnail-aspect-ratio\" style=\"padding-top: 75%\"><\/span><\/div><\/div><div class=\"sub-entry\"><h3 class=\"dpt-title\"><a class=\"dpt-title-link\" href=\"https:\/\/www.markus-schall.de\/pt\/2026\/02\/helge-schneider-atitude-o-humor-e-a-liberdade-de-nao-ter-de-se-explicar\/\" rel=\"bookmark\">Helge Schneider: Atitude, humor e a liberdade de n\u00e3o ter de se explicar<\/a><\/h3><\/div><\/div>\n\t\t\t\t\t\t<\/div><!-- .dpt-entry -->\n\t\t\t\t\t\t\t\t\t\t\t\t<div class=\"dpt-entry has-thumbnail\" data-title=\"jan-josef liefers: ein portr\u00e4t \u00fcber haltung, herkunft und k\u00fcnstlerische freiheit\" data-id=\"3854\"  data-category=\"allgemein gesellschaft kunst &amp; kultur\" data-post_tag=\"deutschland erfahrungen krisen lernen meinungsfreiheit musik pers\u00f6nlichkeitsentwicklung portrait\">\n\t\t\t\t\t\t\t<div class=\"dpt-entry-wrapper\"><div class=\"dpt-featured-content\"><div class=\"dpt-permalink\"><a href=\"https:\/\/www.markus-schall.de\/pt\/2025\/12\/jan-josef-liefers-um-retrato-da-atitude-da-origem-e-da-liberdade-artistica\/\" class=\"dpt-permalink\"><span class=\"screen-reader-text\">Jan-Josef Liefers: Um retrato da atitude, das origens e da liberdade art\u00edstica<\/span><\/a><\/div><div class=\"dpt-thumbnail\"><div class=\"dpt-thumbnail-inner\"><img width=\"1024\" height=\"683\" class=\"attachment-full size-full\" alt=\"Jan-Josef Liefers\" context=\"dpt\" data-dpt-src=\"https:\/\/www.markus-schall.de\/wp-content\/uploads\/jan-josef-liefers-silhouette.jpg\" data-dpt-sizes=\"(max-width: 1024px) 100vw, 1024px\" data-dpt-srcset=\"https:\/\/www.markus-schall.de\/wp-content\/uploads\/jan-josef-liefers-silhouette.jpg 1024w, https:\/\/www.markus-schall.de\/wp-content\/uploads\/jan-josef-liefers-silhouette-300x200.jpg 300w, https:\/\/www.markus-schall.de\/wp-content\/uploads\/jan-josef-liefers-silhouette-768x512.jpg 768w, https:\/\/www.markus-schall.de\/wp-content\/uploads\/jan-josef-liefers-silhouette-18x12.jpg 18w\" \/><\/div><span class=\"dpt-thumbnail-aspect-ratio\" style=\"padding-top: 75%\"><\/span><\/div><\/div><div class=\"sub-entry\"><h3 class=\"dpt-title\"><a class=\"dpt-title-link\" href=\"https:\/\/www.markus-schall.de\/pt\/2025\/12\/jan-josef-liefers-um-retrato-da-atitude-da-origem-e-da-liberdade-artistica\/\" rel=\"bookmark\">Jan-Josef Liefers: Um retrato da atitude, das origens e da liberdade art\u00edstica<\/a><\/h3><\/div><\/div>\n\t\t\t\t\t\t<\/div><!-- .dpt-entry -->\n\t\t\t\t\t\t\t\t\t\t\t\t<div class=\"dpt-entry has-thumbnail\" data-title=\"wenn pflicht wieder pflicht wird. eine art essay von herrn von l&#8217;oreot.\" data-id=\"3010\"  data-category=\"allgemein gesellschaft kunst &amp; kultur stories &amp; humor\" data-post_tag=\"deutschland erfahrungen geopolitik krisen pers\u00f6nlichkeitsentwicklung sicherheitspolitik\">\n\t\t\t\t\t\t\t<div class=\"dpt-entry-wrapper\"><div class=\"dpt-featured-content\"><div class=\"dpt-permalink\"><a href=\"https:\/\/www.markus-schall.de\/pt\/2025\/10\/quando-o-dever-se-torna-novamente-dever-uma-especie-de-ensaio-do-sr-von-loreot\/\" class=\"dpt-permalink\"><span class=\"screen-reader-text\">Quando o dever se torna novamente dever. Uma esp\u00e9cie de ensaio do Sr. von L'oreot.<\/span><\/a><\/div><div class=\"dpt-thumbnail\"><div class=\"dpt-thumbnail-inner\"><img width=\"1024\" height=\"683\" class=\"attachment-full size-full\" alt=\"Uma chamada telef\u00f3nica inesperada\" context=\"dpt\" data-dpt-src=\"https:\/\/www.markus-schall.de\/wp-content\/uploads\/loreot-pflicht-anruf.jpg\" data-dpt-sizes=\"(max-width: 1024px) 100vw, 1024px\" data-dpt-srcset=\"https:\/\/www.markus-schall.de\/wp-content\/uploads\/loreot-pflicht-anruf.jpg 1024w, https:\/\/www.markus-schall.de\/wp-content\/uploads\/loreot-pflicht-anruf-300x200.jpg 300w, https:\/\/www.markus-schall.de\/wp-content\/uploads\/loreot-pflicht-anruf-768x512.jpg 768w, https:\/\/www.markus-schall.de\/wp-content\/uploads\/loreot-pflicht-anruf-18x12.jpg 18w\" \/><\/div><span class=\"dpt-thumbnail-aspect-ratio\" style=\"padding-top: 75%\"><\/span><\/div><\/div><div class=\"sub-entry\"><h3 class=\"dpt-title\"><a class=\"dpt-title-link\" href=\"https:\/\/www.markus-schall.de\/pt\/2025\/10\/quando-o-dever-se-torna-novamente-dever-uma-especie-de-ensaio-do-sr-von-loreot\/\" rel=\"bookmark\">Quando o dever se torna novamente dever. Uma esp\u00e9cie de ensaio do Sr. von L'oreot.<\/a><\/h3><\/div><\/div>\n\t\t\t\t\t\t<\/div><!-- .dpt-entry -->\n\t\t\t\t\t\t\n\t\t\t\t<\/div>\n\t\t\t\t\t\t<\/div>\n\t\t\t\n<hr \/>\n<h2>A confus\u00e3o entre gama e valor<\/h2>\n<p>O que \u00e9 frequentemente esquecido aqui: A maioria das actividades digitais gera movimento, n\u00e3o subst\u00e2ncia. Criam consci\u00eancia, mas n\u00e3o propriedade. Criam uma presen\u00e7a a curto prazo, mas n\u00e3o um impacto a longo prazo. Isto n\u00e3o \u00e9 uma coincid\u00eancia, mas sim parte da l\u00f3gica do sistema. As plataformas foram concebidas para fazer circular conte\u00fados - n\u00e3o para construir algo que perdure independentemente delas.<\/p>\n<p>E \u00e9 precisamente nesta altura que come\u00e7a um erro mental de que muitas pessoas s\u00f3 se apercebem mais tarde: Investem tempo, energia e muitas vezes dinheiro - n\u00e3o no seu pr\u00f3prio sistema, mas em estruturas externas.<\/p>\n<p>Kurz gesagt: Viele bauen sich Reichweite auf \u2013 und merken erst Jahre sp\u00e4ter, dass ihnen nichts davon geh\u00f6rt.<\/p>\n<h3>O \u00e2ngulo morto da economia digital<\/h3>\n<p>Se observarmos a forma como os conte\u00fados s\u00e3o criados atualmente, notamos um padr\u00e3o: \u00c9 produzido, publicado e seguido em frente. O pr\u00f3ximo artigo, o pr\u00f3ximo t\u00f3pico, a pr\u00f3xima ideia.<\/p>\n<p>O que raramente acontece \u00e9 a acumula\u00e7\u00e3o. Muitos trabalham como se estivessem a come\u00e7ar do zero todos os dias. Os conte\u00fados s\u00e3o justapostos, mas n\u00e3o est\u00e3o ligados. Falta a estrutura que transforma os elementos individuais num todo. Esta diferen\u00e7a \u00e9 crucial. Porque um artigo isolado \u00e9 pouco mais do que um fragmento de informa\u00e7\u00e3o. S\u00f3 atrav\u00e9s da incorpora\u00e7\u00e3o, da liga\u00e7\u00e3o, do desenvolvimento e do contexto \u00e9 que se torna um bloco de constru\u00e7\u00e3o dentro de um sistema. E s\u00f3 este sistema tem o potencial de aumentar o seu valor ao longo do tempo.<\/p>\n<p>\u00c9 precisamente aqui que reside o ponto cego: a economia digital recompensa a produ\u00e7\u00e3o a curto prazo - mas, a longo prazo, beneficia quem constr\u00f3i de forma estruturada. Isto parece pouco espetacular na vida quotidiana. N\u00e3o h\u00e1 picos r\u00e1pidos, nem saltos repentinos. Mas surge algo que j\u00e1 n\u00e3o \u00e9 t\u00e3o f\u00e1cil de suprimir: uma subst\u00e2ncia em crescimento. E esta subst\u00e2ncia segue regras diferentes das do alcance. N\u00e3o \u00e9 criada atrav\u00e9s da massa, mas atrav\u00e9s da liga\u00e7\u00e3o. N\u00e3o atrav\u00e9s da velocidade, mas atrav\u00e9s da continuidade. E n\u00e3o atrav\u00e9s da visibilidade apenas, mas atrav\u00e9s do controlo sobre o que se cria.<\/p>\n<p>Isto levanta outra quest\u00e3o, muito mais fundamental: o que significa, de facto, possuir algo no espa\u00e7o digital? \u00c9 precisamente aqui que come\u00e7a o verdadeiro cerne deste artigo.<\/p>\n<h2>O que \u00e9 de facto a propriedade digital? Defini\u00e7\u00e3o numa perspetiva cient\u00edfica<\/h2>\n<p><a href=\"https:\/\/www.markus-schall.de\/pt\/2026\/02\/a-propriedade-digital-explicou-como-sao-criados-activos-sustentaveis-em-linha\/\"><img loading=\"lazy\" decoding=\"async\" class=\"alignright size-medium wp-image-4770\" src=\"https:\/\/www.markus-schall.de\/wp-content\/uploads\/Digitales-Eigentum-300x200.jpg\" alt=\"O que \u00e9 a propriedade digital\" width=\"300\" height=\"200\" srcset=\"https:\/\/www.markus-schall.de\/wp-content\/uploads\/Digitales-Eigentum-300x200.jpg 300w, https:\/\/www.markus-schall.de\/wp-content\/uploads\/Digitales-Eigentum-768x512.jpg 768w, https:\/\/www.markus-schall.de\/wp-content\/uploads\/Digitales-Eigentum-18x12.jpg 18w, https:\/\/www.markus-schall.de\/wp-content\/uploads\/Digitales-Eigentum.jpg 1024w\" sizes=\"auto, (max-width: 300px) 100vw, 300px\" \/><\/a>Se analisarmos mais de perto o termo \u201epropriedade digital\u201c, rapidamente nos apercebemos de que \u00e9 frequentemente utilizado mas raramente definido de forma clara. No sentido cl\u00e1ssico, a propriedade significa sobretudo uma coisa: controlo. N\u00e3o no sentido emocional, mas no sentido jur\u00eddico e pr\u00e1tico. Defini-a de forma ainda mais precisa num outro artigo, <a href=\"https:\/\/www.markus-schall.de\/pt\/2026\/02\/a-propriedade-digital-explicou-como-sao-criados-activos-sustentaveis-em-linha\/\"><strong>o que \u00e9 a propriedade digital<\/strong><\/a> e do que realmente se trata.<\/p>\n<p>Nos debates acad\u00e9micos, esta quest\u00e3o \u00e9 frequentemente referida como propriedade digital. Esta refere-se ao poder efetivo de dispor de conte\u00fados digitais - ou seja, a capacidade de os utilizar, modificar, distribuir ou mesmo remover sem estar dependente de terceiros.<\/p>\n<p>E \u00e9 aqui que come\u00e7a a primeira distin\u00e7\u00e3o, muitas vezes esquecida no dia a dia:<\/p>\n<blockquote><p>Entre a propriedade e a utiliza\u00e7\u00e3o.<\/p><\/blockquote>\n<p>Quando publica conte\u00fado numa plataforma, est\u00e1 a utilizar a sua infraestrutura. Mas n\u00e3o \u00e9 verdadeiramente dono dela. A plataforma decide o alcance, a visibilidade e, em caso de d\u00favida, se o seu conte\u00fado permanece ou desaparece.<\/p>\n<p>Isto pode ser quase impercet\u00edvel na vida quotidiana. No entanto, de um ponto de vista estrat\u00e9gico, \u00e9 uma diferen\u00e7a fundamental. Isto porque a propriedade n\u00e3o se materializa quando tudo est\u00e1 a correr bem - mas no momento em que as condi\u00e7\u00f5es de enquadramento se alteram.<\/p>\n<h3>Activos digitais e sua estrutura<\/h3>\n<p>Para precisar melhor o termo, vale a pena analisar o que \u00e9 frequentemente designado por ativo digital. Inicialmente, trata-se, naturalmente, de conte\u00fados como textos, livros, imagens ou bases de dados. Mas esta vis\u00e3o \u00e9 insuficiente.<\/p>\n<p>Um texto isolado \u00e9 tecnicamente um ativo. No entanto, o seu valor real resulta apenas do contexto em que est\u00e1 inserido. Um artigo que esteja incorporado de forma significativa, ligado a outros conte\u00fados e que fa\u00e7a parte de uma estrutura clara desenvolve uma qualidade diferente de uma contribui\u00e7\u00e3o isolada. N\u00e3o \u00e9 apenas lido - torna-se parte de um sistema.<\/p>\n<p>\u00c9 aqui que entra em jogo um aspeto que \u00e9 frequentemente subestimado: A estrutura. Metadados, liga\u00e7\u00f5es internas, liga\u00e7\u00f5es tem\u00e1ticas e linhas editoriais n\u00e3o s\u00e3o elementos decorativos. S\u00e3o a base sobre a qual a propriedade digital pode ser criada em primeiro lugar.<\/p>\n<p>Para simplificar: o conte\u00fado \u00e9 o material - a estrutura \u00e9 o edif\u00edcio. E, tal como no artesanato tradicional, n\u00e3o \u00e9 apenas o material que determina a qualidade, mas a forma como \u00e9 processado.<\/p>\n<h3>O fator decisivo: o controlo<\/h3>\n<p>Quando todos os aspectos s\u00e3o reunidos, resta um ponto que faz a diferen\u00e7a: o controlo. Em termos jur\u00eddicos e econ\u00f3micos, o controlo \u00e9 um dos crit\u00e9rios centrais da propriedade. S\u00f3 quem pode efetivamente determinar o que acontece a um bem pode ser propriet\u00e1rio dele no verdadeiro sentido da palavra.<\/p>\n<p>Se transferirmos este princ\u00edpio para o mundo digital, a situa\u00e7\u00e3o torna-se rapidamente mais clara. \u00c9 muito mais prov\u00e1vel que uma revista interna, um s\u00edtio Web ou um livro publicado por si pr\u00f3prio preencham esta condi\u00e7\u00e3o do que um conte\u00fado totalmente integrado em sistemas externos. N\u00e3o porque sejam tecnicamente superiores - mas porque s\u00e3o independentes.<\/p>\n<p>Neste ponto, o t\u00f3pico tamb\u00e9m aborda o conceito de auto-determina\u00e7\u00e3o digital. Este conceito refere-se \u00e0 capacidade de moldar a pr\u00f3pria exist\u00eancia digital em vez de a definir por estruturas externas. Pode parecer abstrato \u00e0 primeira vista, mas tem implica\u00e7\u00f5es muito concretas.<\/p>\n<ul>\n<li>Se tiver controlo, pode desenvolver conte\u00fados a longo prazo.<\/li>\n<li>Se tivermos controlo, podemos construir estruturas.<\/li>\n<li>Se tivermos controlo, podemos tomar decis\u00f5es que s\u00f3 compensam anos mais tarde.<\/li>\n<\/ul>\n<p>E \u00e9 precisamente neste ponto que se decide se o trabalho digital se limita a gerar atividade - ou se \u00e9 criado valor real a partir dela. Porque sem controlo, tudo \u00e9 provis\u00f3rio. Com o controlo, cria-se a base para algo que pode perdurar.<\/p>\n<p>Isto tamb\u00e9m muda a perspetiva: j\u00e1 n\u00e3o se trata apenas de criar conte\u00fados. Trata-se de construir um sistema que lhe pertence.<\/p>\n<p><img loading=\"lazy\" decoding=\"async\" class=\"alignnone wp-image-5907 size-full\" src=\"https:\/\/www.markus-schall.de\/wp-content\/uploads\/Organische-Reichweite-Entwicklung.jpg\" alt=\"Acumula\u00e7\u00e3o de alcance org\u00e2nico\" width=\"1024\" height=\"682\" srcset=\"https:\/\/www.markus-schall.de\/wp-content\/uploads\/Organische-Reichweite-Entwicklung.jpg 1024w, https:\/\/www.markus-schall.de\/wp-content\/uploads\/Organische-Reichweite-Entwicklung-300x200.jpg 300w, https:\/\/www.markus-schall.de\/wp-content\/uploads\/Organische-Reichweite-Entwicklung-768x512.jpg 768w, https:\/\/www.markus-schall.de\/wp-content\/uploads\/Organische-Reichweite-Entwicklung-18x12.jpg 18w\" sizes=\"auto, (max-width: 1024px) 100vw, 1024px\" \/><\/p>\n<h2>Capital digital: porque \u00e9 que os conte\u00fados se acumulam<\/h2>\n<p>Quando se come\u00e7a a olhar para o conte\u00fado n\u00e3o de forma isolada, mas como parte de um contexto mais alargado, a perspetiva do seu valor tamb\u00e9m muda. Um \u00fanico artigo pode parecer limitado - mas um sistema de artigos pode desenvolver a sua pr\u00f3pria din\u00e2mica ao longo do tempo.<\/p>\n<p>Na investiga\u00e7\u00e3o, esta ideia \u00e9 descrita pelo termo capital digital, entre outros. Remonta \u00e0s teorias cl\u00e1ssicas do capital, como a de Pierre Bourdieu, que diferenciava as v\u00e1rias formas de capital - n\u00e3o s\u00f3 o financeiro, mas tamb\u00e9m o cultural e o social.<\/p>\n<p>Se transferirmos este princ\u00edpio para o mundo digital, surge uma ideia interessante: o conte\u00fado tamb\u00e9m pode acumular-se. N\u00e3o apenas em quantidade, mas em valor. Assim, um artigo deixa de estar isolado. Passa a fazer parte de um stock crescente. E com o tempo, este stock pode desenvolver um efeito que vai muito al\u00e9m da soma das suas partes individuais.<\/p>\n<p>\u00c9 nesta altura que o conte\u00fado se transforma lentamente em capital.<\/p>\n<h3>Acumula\u00e7\u00e3o em vez de publica\u00e7\u00e3o<\/h3>\n<p>Se se limitar a publicar conte\u00fados, acontece frequentemente o seguinte: Aparece, \u00e9 lido - e depois perde import\u00e2ncia. Segue-se o pr\u00f3ximo post e o jogo recome\u00e7a.<\/p>\n<p>A acumula\u00e7\u00e3o funciona de forma diferente. O objetivo aqui n\u00e3o \u00e9 produzir constantemente algo novo, mas sim expandir, ligar e incorporar conte\u00fados existentes de uma forma significativa. Cada novo conte\u00fado refor\u00e7a o conte\u00fado existente. Cada conte\u00fado existente ganha profundidade atrav\u00e9s de adi\u00e7\u00f5es. No entanto, isto exige que se pense em termos de estruturas e n\u00e3o de contributos individuais.<\/p>\n<p>Uma revista que desenvolve focos tem\u00e1ticos, liga conte\u00fados entre si e actualiza regularmente artigos mais antigos comporta-se de forma diferente de uma cole\u00e7\u00e3o solta de artigos. Come\u00e7a a comportar-se como um sistema. E \u00e9 precisamente este sistema que \u00e9 crucial. Porque garante que o conte\u00fado n\u00e3o se torna simplesmente \u201eobsoleto\u201c, mas continua a desenvolver-se. N\u00e3o \u00e9 substitu\u00eddo, mas complementado. N\u00e3o perde o seu significado, mas muda o seu contexto.<\/p>\n<p>Esta \u00e9 uma abordagem bastante cl\u00e1ssica. No passado, ter-se-ia dito: constr\u00f3i-se um arquivo. Ou uma biblioteca. Hoje, chamar-lhe-\u00edamos talvez um sistema de conte\u00fados. O n\u00facleo permanece o mesmo.<\/p>\n<h3>O \u201eefeito de juro composto\u201c do conte\u00fado<\/h3>\n<p>O chamado efeito de juros compostos \u00e9 uma ilustra\u00e7\u00e3o particularmente viva deste processo. No mundo das finan\u00e7as, descreve um princ\u00edpio simples: o rendimento n\u00e3o \u00e9 ganho apenas uma vez, mas tamb\u00e9m reinvestido - gerando assim novos rendimentos. O resultado \u00e9 um crescimento exponencial durante longos per\u00edodos de tempo. Se este princ\u00edpio for aplicado ao conte\u00fado, surge um padr\u00e3o semelhante.<\/p>\n<ol>\n<li>Um artigo pode trazer leitores.<\/li>\n<li>Estes leitores deparam-se com outros conte\u00fados.<\/li>\n<li>Este conte\u00fado, por sua vez, aumenta a visibilidade do sistema global.<\/li>\n<\/ol>\n<p>Com o tempo, surge uma rede de refer\u00eancias, liga\u00e7\u00f5es e temas. E esta rede come\u00e7a a sustentar-se a si pr\u00f3pria.<\/p>\n<p>\u00c9 importante notar que este efeito n\u00e3o ocorre imediatamente. No in\u00edcio, tudo parece pequeno, quase impercet\u00edvel. As contribui\u00e7\u00f5es individuais ficam lado a lado, sem grande efeito. Mas com cada adi\u00e7\u00e3o, o sistema adensa-se. Surgem liga\u00e7\u00f5es. As liga\u00e7\u00f5es tornam-se vis\u00edveis.<\/p>\n<p>E, a dada altura, a perce\u00e7\u00e3o muda:<\/p>\n<ol>\n<li>Os conte\u00fados individuais tornam-se um contexto.<\/li>\n<li>Um contexto torna-se uma estrutura.<\/li>\n<li>E esta estrutura d\u00e1 origem a um valor que j\u00e1 n\u00e3o \u00e9 t\u00e3o f\u00e1cil de dissolver.<\/li>\n<\/ol>\n<p>\u00c9 precisamente aqui que reside a verdadeira vantagem: enquanto que os conte\u00fados individuais podem ser substitu\u00eddos ou copiados em qualquer altura, um sistema crescido \u00e9 dif\u00edcil de reproduzir. N\u00e3o porque seja tecnicamente complexo - mas porque demorou tempo. E o tempo n\u00e3o pode ser copiado.<\/p>\n<h3>Termos-chave relacionados com a propriedade digital<\/h3>\n<div style=\"overflow-x: auto;\">\n<table>\n<tbody>\n<tr style=\"background-color: #f2f2f2;\">\n<th>Prazo<\/th>\n<th>Significado<\/th>\n<th>Relev\u00e2ncia para o artigo<\/th>\n<\/tr>\n<tr>\n<td><strong>Bens digitais<\/strong><\/td>\n<td>Conte\u00fados, estruturas ou sistemas digitais sobre os quais o criador mant\u00e9m o controlo a longo prazo.<\/td>\n<td>Conceito b\u00e1sico do artigo: N\u00e3o se trata apenas de conte\u00fado, mas de subst\u00e2ncia digital control\u00e1vel.<\/td>\n<\/tr>\n<tr>\n<td><strong>Activos digitais<\/strong><\/td>\n<td>Textos, imagens, livros, bases de dados, s\u00edtios Web ou outros activos digitais com valor a longo prazo.<\/td>\n<td>Mostra que o conte\u00fado n\u00e3o \u00e9 apenas uma publica\u00e7\u00e3o, mas pode tornar-se um ativo.<\/td>\n<\/tr>\n<tr>\n<td><strong>Capital digital<\/strong><\/td>\n<td>Recursos digitais acumulados, conhecimentos especializados, conte\u00fados e estruturas que geram valor ao longo do tempo.<\/td>\n<td>Explica por que raz\u00e3o as contribui\u00e7\u00f5es individuais podem, em conjunto, formar um capital digital em crescimento.<\/td>\n<\/tr>\n<tr>\n<td><strong>Crescimento org\u00e2nico<\/strong><\/td>\n<td>Desenvolvimento lento e cont\u00ednuo de um sistema atrav\u00e9s de novos conte\u00fados, manuten\u00e7\u00e3o e liga\u00e7\u00f5es.<\/td>\n<td>Descreve o conceito alternativo ao alcance a curto prazo e \u00e0s campanhas que rapidamente se esgotam.<\/td>\n<\/tr>\n<tr>\n<td><strong>Depend\u00eancia de plataforma<\/strong><\/td>\n<td>Depend\u00eancia de sistemas externos, algoritmos, regras e mecanismos de visibilidade.<\/td>\n<td>Torna vis\u00edvel a raz\u00e3o pela qual o alcance sem controlo continua a ser estrategicamente arriscado.<\/td>\n<\/tr>\n<tr>\n<td><strong>Linha editorial<\/strong><\/td>\n<td>Sele\u00e7\u00e3o reconhec\u00edvel, atitude, linguagem e gest\u00e3o tem\u00e1tica de um sistema digital.<\/td>\n<td>Torna um sistema estabelecido pessoal, cred\u00edvel e dif\u00edcil de copiar.<\/td>\n<\/tr>\n<\/tbody>\n<\/table>\n<\/div>\n<h2>O crescimento org\u00e2nico como um princ\u00edpio subestimado<\/h2>\n<p>Quando se inicia um projeto hoje em dia, depara-se com a mesma expetativa em quase todo o lado: deve ser r\u00e1pido. Resultados vis\u00edveis, n\u00fameros crescentes, progressos claros - de prefer\u00eancia num curto espa\u00e7o de tempo. Esta expetativa est\u00e1 profundamente enraizada no pensamento digital. O crescimento \u00e9 frequentemente equiparado \u00e0 velocidade. Aqueles que crescem rapidamente s\u00e3o considerados bem sucedidos. Os que crescem lentamente s\u00e3o muitas vezes ignorados.<\/p>\n<p>E \u00e9 precisamente aqui que h\u00e1 um erro de pensamento. Porque a velocidade diz pouco sobre a estabilidade. Um sistema que cresce rapidamente pode perder import\u00e2ncia com a mesma rapidez. Reage de forma sens\u00edvel \u00e0s influ\u00eancias externas, \u00e0s mudan\u00e7as nas plataformas, tend\u00eancias ou algoritmos.<\/p>\n<p>O crescimento lento funciona de forma diferente. N\u00e3o se baseia em efeitos a curto prazo, mas na repeti\u00e7\u00e3o, na liga\u00e7\u00e3o e na consolida\u00e7\u00e3o gradual. Qualquer novo conte\u00fado n\u00e3o \u00e9 simplesmente acrescentado, mas integrado. Os conte\u00fados existentes s\u00e3o complementados, alargados e, por vezes, at\u00e9 corrigidos.<\/p>\n<p>Isto parece pouco espetacular visto de fora. N\u00e3o h\u00e1 saltos s\u00fabitos, nem oscila\u00e7\u00f5es evidentes. Mas cria algo que se tornou raro no mundo digital: estabilidade. E a estabilidade \u00e9 mais valiosa a longo prazo do que a velocidade.<\/p>\n<h3>Sistemas em vez de conte\u00fados individuais<\/h3>\n<p>Outra diferen\u00e7a pode ser observada na forma como o conte\u00fado \u00e9 organizado. Muitos trabalham de acordo com o princ\u00edpio dos artigos individuais. Cada artigo \u00e9 aut\u00f3nomo, cumpre um objetivo e \u00e9 depois substitu\u00eddo pelo seguinte. O resultado \u00e9 um movimento linear, mas sem coer\u00eancia.<\/p>\n<p>O crescimento org\u00e2nico segue uma abordagem diferente. Aqui, o conte\u00fado \u00e9 entendido como parte de um sistema. N\u00e3o est\u00e3o isolados, mas em rela\u00e7\u00e3o uns com os outros. Os t\u00f3picos s\u00e3o retomados, desenvolvidos e analisados de diferentes perspectivas. Um artigo pode ser a introdu\u00e7\u00e3o a um t\u00f3pico. Outro aprofunda-o. Um terceiro estabelece uma liga\u00e7\u00e3o que n\u00e3o era vis\u00edvel anteriormente.<\/p>\n<p>Esta forma de trabalhar exige uma certa disciplina. N\u00e3o basta produzir conte\u00fados. \u00c9 preciso categorizar, ligar e, ocasionalmente, rever esse conte\u00fado. A liga\u00e7\u00e3o interna, em particular, desempenha aqui um papel central. N\u00e3o se trata de um pormenor t\u00e9cnico, mas de um elemento estrutural. Garante que os conte\u00fados comunicam entre si. Que se refor\u00e7am mutuamente.<\/p>\n<p>Depois, h\u00e1 a linha editorial. Um sistema \u00e9 criado n\u00e3o s\u00f3 atrav\u00e9s da liga\u00e7\u00e3o, mas tamb\u00e9m atrav\u00e9s da sele\u00e7\u00e3o.<\/p>\n<ul>\n<li>Que temas s\u00e3o abordados?<\/li>\n<li>Quais s\u00e3o as que foram deliberadamente omitidas?<\/li>\n<li>Que perspectivas s\u00e3o adoptadas?<\/li>\n<\/ul>\n<p>Estas decis\u00f5es nem sempre s\u00e3o \u00f3bvias. Mas elas moldam o quadro geral. E \u00e9 precisamente este quadro geral que ganha import\u00e2ncia ao longo do tempo.<\/p>\n<h3>Paralelos hist\u00f3ricos<\/h3>\n<p>Se recuarmos um pouco, apercebemo-nos de que este princ\u00edpio n\u00e3o \u00e9 de todo novo. No passado, o conhecimento era coleccionado em bibliotecas. Os livros eram catalogados, organizados tematicamente e acrescentados ao longo dos anos. Um livro individual tinha o seu valor - mas a verdadeira for\u00e7a residia na cole\u00e7\u00e3o. Uma editora n\u00e3o se limitava a publicar t\u00edtulos individuais, mas constru\u00eda tamb\u00e9m um programa. Os temas eram desenvolvidos, os autores apoiados, os conte\u00fados mantidos a longo prazo. Os arquivos tamb\u00e9m seguem este princ\u00edpio. Os documentos n\u00e3o eram simplesmente arquivados, mas sistematicamente registados, categorizados e tornados acess\u00edveis.<\/p>\n<p>Todos estes exemplos t\u00eam uma coisa em comum: centram-se na continuidade e n\u00e3o no impacto a curto prazo. No mundo digital, esta forma de pensar parece ter-se perdido parcialmente. O conte\u00fado \u00e9 produzido, distribu\u00eddo e muitas vezes esquecido com a mesma rapidez. O foco est\u00e1 no momento - n\u00e3o no desenvolvimento.<\/p>\n<p>Mas \u00e9 precisamente aqui que reside a oportunidade. Quem hoje voltar a pensar nestas estruturas est\u00e1 a ir conscientemente contra a corrente. Est\u00e1 a renunciar aos efeitos a curto prazo em prol da estabilidade a longo prazo. Isto pode parecer menos espetacular \u00e0 primeira vista. Mas conduz a um resultado que se destaca claramente ao longo do tempo.<\/p>\n<p>Enquanto muitos sistemas s\u00e3o orientados para o sucesso r\u00e1pido e permanecem vulner\u00e1veis, um sistema que tenha crescido organicamente desenvolve a sua pr\u00f3pria in\u00e9rcia. Torna-se mais dif\u00edcil de deslocar. Mais dif\u00edcil de substituir. E um pouco mais est\u00e1vel a cada novo passo.<\/p>\n<p>Talvez este seja o ponto crucial: o crescimento org\u00e2nico \u00e9 lento no in\u00edcio - mas nunca p\u00e1ra. E \u00e9 precisamente isso que o torna superior a longo prazo.<\/p>\n<p><img loading=\"lazy\" decoding=\"async\" class=\"alignnone wp-image-5905 size-full\" src=\"https:\/\/www.markus-schall.de\/wp-content\/uploads\/Organische-Reichweite-Verbindungen.jpg\" alt=\"\" width=\"1024\" height=\"682\" srcset=\"https:\/\/www.markus-schall.de\/wp-content\/uploads\/Organische-Reichweite-Verbindungen.jpg 1024w, https:\/\/www.markus-schall.de\/wp-content\/uploads\/Organische-Reichweite-Verbindungen-300x200.jpg 300w, https:\/\/www.markus-schall.de\/wp-content\/uploads\/Organische-Reichweite-Verbindungen-768x512.jpg 768w, https:\/\/www.markus-schall.de\/wp-content\/uploads\/Organische-Reichweite-Verbindungen-18x12.jpg 18w\" sizes=\"auto, (max-width: 1024px) 100vw, 1024px\" \/><\/p>\n<h2>Porque \u00e9 que os sistemas de crescimento n\u00e3o podem ser copiados<\/h2>\n<p>Se olharmos de forma s\u00f3bria para os conte\u00fados digitais, a situa\u00e7\u00e3o \u00e9 inicialmente clara: os textos podem ser copiados. As imagens podem ser copiadas. At\u00e9 mesmo s\u00edtios Web inteiros podem ser copiados com relativa facilidade. Esta n\u00e3o \u00e9 uma constata\u00e7\u00e3o nova - e \u00e9 precisamente por isso que muitos argumentos falham neste ponto. Ficam pela superf\u00edcie. Porque olham para o que \u00e9 vis\u00edvel. N\u00e3o o que est\u00e1 por detr\u00e1s.<\/p>\n<p>Um \u00fanico artigo pode, de facto, ser copiado. Mas n\u00e3o se trata de um sistema evolu\u00eddo. Porqu\u00ea? Porque um sistema n\u00e3o \u00e9 constitu\u00eddo apenas por conte\u00fados, mas tamb\u00e9m por rela\u00e7\u00f5es. De liga\u00e7\u00f5es. De decis\u00f5es que foram tomadas durante um longo per\u00edodo de tempo.<\/p>\n<p>Se olharmos para os conte\u00fados isoladamente, parecem permut\u00e1veis. Se os considerarmos como parte de uma estrutura, a sua qualidade muda.<\/p>\n<ul>\n<li>Um artigo remete para outro.<\/li>\n<li>Um dos t\u00f3picos \u00e9 discutido em mais pormenor noutro local.<\/li>\n<li>\u00c9 criada uma liga\u00e7\u00e3o que n\u00e3o foi planeada, mas que se desenvolveu.<\/li>\n<\/ul>\n<p>Esta estrutura n\u00e3o pode ser simplesmente reproduzida. N\u00e3o porque seja tecnicamente complexa - mas porque cresceu. E o crescimento n\u00e3o segue um modelo.<\/p>\n<h3>O tempo como fator decisivo<\/h3>\n<p>Talvez o aspeto mais importante neste contexto seja o tempo. No mundo digital, o tempo \u00e9 frequentemente subestimado. Tudo parece estar dispon\u00edvel em qualquer altura, reproduz\u00edvel em qualquer altura. Mas \u00e9 precisamente aqui que se torna evidente um limite: o tempo n\u00e3o pode ser acelerado quando se trata de desenvolvimento.<\/p>\n<p>Um sistema que tenha sido constru\u00eddo ao longo de meses ou anos tem este tempo dentro de si. N\u00e3o \u00e9 vis\u00edvel - mas \u00e9 eficaz. Os conte\u00fados mais antigos n\u00e3o ficam simplesmente ao lado dos novos conte\u00fados. Eles formam uma base. Mostram como os t\u00f3picos se desenvolveram. D\u00e3o profundidade a um sistema.<\/p>\n<p>E esta profundidade n\u00e3o \u00e9 criada apenas pelo planeamento. \u00c9 poss\u00edvel conceber uma estrutura. \u00c9 poss\u00edvel definir t\u00f3picos. Mas n\u00e3o se pode simular uma hist\u00f3ria. Um sistema evolu\u00eddo cont\u00e9m vest\u00edgios. Decis\u00f5es que, em retrospetiva, poderiam ter sido tomadas de forma diferente. T\u00f3picos que mudaram. Perspectivas que se alargaram.<\/p>\n<p>Tudo isto torna-o humano - e ao mesmo tempo \u00fanico. Se algu\u00e9m tentar copiar um sistema deste g\u00e9nero, pode replicar a interface. Adotar o conte\u00fado, imitar a estrutura. O que lhe falta \u00e9 tempo. E sem esse tempo, o sistema carece de um componente essencial: o desenvolvimento.<\/p>\n<h3>A linha pessoal como um n\u00facleo invis\u00edvel<\/h3>\n<p>Para al\u00e9m da estrutura e do tempo, h\u00e1 um terceiro fator que \u00e9 frequentemente subestimado: a linha pessoal. \u00c9 dif\u00edcil de apreender porque raramente \u00e9 formulada de forma expl\u00edcita. No entanto, est\u00e1 presente em todos os sistemas estabelecidos.<\/p>\n<ul>\n<li>Este facto reflecte-se na sele\u00e7\u00e3o dos temas.<\/li>\n<li>Na forma como as coisas s\u00e3o descritas.<\/li>\n<li>No que \u00e9 deliberadamente omitido.<\/li>\n<\/ul>\n<p>Esta linha n\u00e3o \u00e9 criada apenas atrav\u00e9s do planeamento. Desenvolve-se ao longo do tempo - atrav\u00e9s da experi\u00eancia, da corre\u00e7\u00e3o, da reflex\u00e3o. Em psicologia, isto \u00e9 designado por propriedade psicol\u00f3gica. Refere-se ao sentimento de que algo \u201elhe pertence\u201c porque o moldou.<\/p>\n<p>Aplicado aos sistemas digitais, isto significa que um sistema evolu\u00eddo tem a assinatura do seu criador. E esta assinatura n\u00e3o pode ser copiada.<br \/>\nPodemos imit\u00e1-los. Podemos tentar imit\u00e1-los. Mas n\u00e3o os podemos reproduzir. Porque n\u00e3o se baseia apenas no resultado, mas tamb\u00e9m no caminho at\u00e9 l\u00e1.<\/p>\n<ul>\n<li>Sobre as decis\u00f5es que foram tomadas.<\/li>\n<li>Sobre temas que foram deliberadamente perseguidos ou rejeitados.<\/li>\n<li>Numa atitude que se estabilizou ao longo do tempo.<\/li>\n<\/ul>\n<p>\u00c9 neste ponto que muitas c\u00f3pias falham. Adoptam conte\u00fados, talvez at\u00e9 estruturas. Mas n\u00e3o compreendem a l\u00f3gica que lhes est\u00e1 subjacente. E sem essa l\u00f3gica, tudo permanece superficial.<\/p>\n<h3>A verdadeira diferen\u00e7a<\/h3>\n<p>Quando todos os aspectos s\u00e3o reunidos, surge uma imagem clara.<\/p>\n<ul>\n<li>O que pode ser copiado \u00e9 o que \u00e9 vis\u00edvel: textos, imagens, esquemas.<\/li>\n<li>O que n\u00e3o pode ser copiado \u00e9 o que cresceu: estrutura, tempo, linha.<\/li>\n<\/ul>\n<p>Isto n\u00e3o significa que um sistema seja intoc\u00e1vel. \u00c9 claro que pode haver concorr\u00eancia. \u00c9 claro que podem ser criados conte\u00fados semelhantes. Mas o ponto de partida \u00e9 diferente. Um sistema estabelecido tem uma vantagem que n\u00e3o pode ser compensada pela mera reprodu\u00e7\u00e3o. N\u00e3o existe apenas - desenvolveu-se. E \u00e9 precisamente este desenvolvimento que continua a ter efeito.<\/p>\n<ul>\n<li>A estrutura \u00e9 refor\u00e7ada com cada novo conte\u00fado.<\/li>\n<li>A linha torna-se mais clara com cada adi\u00e7\u00e3o.<\/li>\n<li>Com cada decis\u00e3o, a diferen\u00e7a em rela\u00e7\u00e3o ao que \u00e9 apenas modelado aumenta.<\/li>\n<\/ul>\n<p>Talvez esta seja a formula\u00e7\u00e3o mais s\u00f3bria: a n\u00e3o copiabilidade n\u00e3o \u00e9 criada pela prote\u00e7\u00e3o, mas pela constru\u00e7\u00e3o. N\u00e3o atrav\u00e9s da compartimenta\u00e7\u00e3o, mas atrav\u00e9s da continuidade. E \u00e9 precisamente por isso que \u00e9 t\u00e3o eficaz. Porque n\u00e3o pode ser for\u00e7ada - s\u00f3 pode ser conquistada.<\/p>\n<h3>Propriedade digital com crescimento org\u00e2nico em compara\u00e7\u00e3o com as formas tradicionais de publicidade<\/h3>\n<div style=\"overflow-x: auto;\">\n<table>\n<tbody>\n<tr style=\"background-color: #f2f2f2;\">\n<th>Aspeto<\/th>\n<th>Formas cl\u00e1ssicas de publicidade<\/th>\n<th>Propriedade digital em crescimento org\u00e2nico<\/th>\n<\/tr>\n<tr>\n<td><strong>Dura\u00e7\u00e3o do efeito<\/strong><\/td>\n<td>Normalmente, s\u00f3 funciona enquanto o or\u00e7amento for utilizado ou uma campanha estiver ativa.<\/td>\n<td>Pode ganhar leitores ao longo dos anos, ser atualizado e continuar a crescer em import\u00e2ncia.<\/td>\n<\/tr>\n<tr>\n<td><strong>Controlo<\/strong><\/td>\n<td>Dependendo das plataformas, das regras de publicidade, dos pre\u00e7os e dos mecanismos de alcance externo.<\/td>\n<td>Cabe em grande parte ao criador, no seu pr\u00f3prio s\u00edtio Web, na sua pr\u00f3pria revista ou nas estruturas do seu pr\u00f3prio livro.<\/td>\n<\/tr>\n<tr>\n<td><strong>Estrutura de custos<\/strong><\/td>\n<td>Requer or\u00e7amentos recorrentes; quando o pagamento termina, a visibilidade geralmente tamb\u00e9m termina.<\/td>\n<td>Inicialmente requer trabalho e cuidados, mas pode continuar a ter um efeito a longo prazo.<\/td>\n<\/tr>\n<tr>\n<td><strong>Criar confian\u00e7a<\/strong><\/td>\n<td>\u00c9 frequentemente reconhecido como publicidade e percepcionado de forma distanciada.<\/td>\n<td>Criada atrav\u00e9s da subst\u00e2ncia, do reconhecimento, da profundidade e da presen\u00e7a editorial a longo prazo.<\/td>\n<\/tr>\n<tr>\n<td><strong>Capacidade de reprodu\u00e7\u00e3o<\/strong><\/td>\n<td>As campanhas, os motivos ou os formatos individuais s\u00e3o relativamente f\u00e1ceis de imitar.<\/td>\n<td>Um sistema desenvolvido de conte\u00fados, liga\u00e7\u00f5es, hist\u00f3ria e linha pessoal dificilmente pode ser copiado.<\/td>\n<\/tr>\n<tr>\n<td><strong>Valor estrat\u00e9gico<\/strong><\/td>\n<td>Gera aten\u00e7\u00e3o, mas raramente uma posse permanente.<\/td>\n<td>Cria uma subst\u00e2ncia digital que pode funcionar como um ativo de longo prazo por si s\u00f3.<\/td>\n<\/tr>\n<\/tbody>\n<\/table>\n<\/div>\n<h3>A sua pr\u00f3pria revista internacional - alcance duradouro<\/h3>\n<p><a href=\"https:\/\/www.markus-schall.de\/pt\/a-sua-revista-internacional\/\"><img loading=\"lazy\" decoding=\"async\" class=\"alignright size-medium wp-image-4850\" src=\"https:\/\/www.markus-schall.de\/wp-content\/uploads\/Leistungen-ERP-Magazin-Artikel-300x200.jpg\" alt=\"Eigenes Magazin\" width=\"300\" height=\"200\" srcset=\"https:\/\/www.markus-schall.de\/wp-content\/uploads\/Leistungen-ERP-Magazin-Artikel-300x200.jpg 300w, https:\/\/www.markus-schall.de\/wp-content\/uploads\/Leistungen-ERP-Magazin-Artikel-768x512.jpg 768w, https:\/\/www.markus-schall.de\/wp-content\/uploads\/Leistungen-ERP-Magazin-Artikel-18x12.jpg 18w, https:\/\/www.markus-schall.de\/wp-content\/uploads\/Leistungen-ERP-Magazin-Artikel.jpg 1024w\" sizes=\"auto, (max-width: 300px) 100vw, 300px\" \/><\/a>Se leu este artigo, sabe a diferen\u00e7a crucial: pode alugar alcance - tem de construir subst\u00e2ncia. \u00c9 exatamente aqui que entra o conceito da sua pr\u00f3pria revista. Em vez de \u201eestacionar\u201c conte\u00fados em plataformas externas, cria-se um sistema independente que cresce com cada publica\u00e7\u00e3o e ganha valor a longo prazo.<\/p>\n<p><a href=\"https:\/\/www.markus-schall.de\/pt\/a-sua-revista-internacional\/\"><strong>A nossa pr\u00f3pria revista<\/strong><\/a> \u00e9 mais do que apenas mais um canal. \u00c9 uma estrutura. Um lugar onde o conte\u00fado n\u00e3o fica ao lado do outro, mas trabalha em conjunto. Os artigos ligam-se uns aos outros, os t\u00f3picos evoluem e, com o tempo, cria-se exatamente aquilo de que este artigo fala: propriedade digital. A revista em linha da M. Schall Verlag j\u00e1 mostra como pode ser esta abordagem - com uma linha clara, profundidade tem\u00e1tica e conte\u00fados deliberadamente a longo prazo. Este princ\u00edpio tamb\u00e9m pode ser aplicado ao seu pr\u00f3prio projeto. Portanto, se n\u00e3o quer apenas ser vis\u00edvel, mas quer construir algo que lhe perten\u00e7a, ent\u00e3o a sua pr\u00f3pria revista \u00e9 o pr\u00f3ximo passo l\u00f3gico.<\/p>\n<h2>A IA no contexto: ferramenta ou risco?<\/h2>\n<p>Se seguir o debate atual sobre a intelig\u00eancia artificial, rapidamente se aperceber\u00e1 de como este \u00e9 frequentemente abreviado. Trata-se sobretudo da quest\u00e3o de saber se o conte\u00fado <em>\u201ecriado pela IA\u201c<\/em> como se esta fosse j\u00e1 a categoria decisiva. Esta distin\u00e7\u00e3o \u00e9, de facto, demasiado grosseira. Reduz um processo complexo a um r\u00f3tulo. E ignora precisamente o ponto que \u00e9 de facto decisivo: o papel das pessoas no processo.<\/p>\n<p>Um texto pode ser formalmente criado com o apoio da IA - e ainda assim ter uma linha clara, uma estrutura e uma caligrafia reconhec\u00edvel. Por outro lado, um texto pode ser escrito inteiramente sem IA e continuar a parecer arbitr\u00e1rio.<\/p>\n<p>A origem, por si s\u00f3, diz pouco sobre a qualidade. H\u00e1 ainda outro aspeto: a discuss\u00e3o \u00e9 frequentemente emocional. Entre o fasc\u00ednio e a rejei\u00e7\u00e3o. Entre a cren\u00e7a no progresso e o ceticismo.<\/p>\n<p>Ambos s\u00e3o insuficientes. Como em qualquer desenvolvimento tecnol\u00f3gico, n\u00e3o \u00e9 a ferramenta que determina o resultado, mas a forma como \u00e9 utilizada. E \u00e9 precisamente por isso que vale a pena dar um passo atr\u00e1s e colocar novamente a quest\u00e3o: N\u00e3o \u00e9 \u201eIA ou n\u00e3o IA\u201c, mas sim:<\/p>\n<blockquote><p>Que fun\u00e7\u00e3o desempenha no processo global?<\/p><\/blockquote>\n<h3>A IA como acelerador da produ\u00e7\u00e3o<\/h3>\n<p>Se olharmos para a IA de forma objetiva, ela pode ser inicialmente classificada como aquilo que \u00e9 essencialmente: uma ferramenta de acelera\u00e7\u00e3o. Pode gerar textos mais rapidamente, sugerir variantes, preparar estruturas e suavizar formula\u00e7\u00f5es. Tudo isto permite poupar tempo, por vezes muito tempo. Neste aspeto, n\u00e3o \u00e9 fundamentalmente diferente dos desenvolvimentos anteriores.<\/p>\n<ul>\n<li>A m\u00e1quina de escrever acelerou o processo de escrita.<\/li>\n<li>Os programas de processamento de texto tornaram as correc\u00e7\u00f5es mais f\u00e1ceis.<\/li>\n<li>O software de pagina\u00e7\u00e3o simplificou a composi\u00e7\u00e3o dos livros.<\/li>\n<\/ul>\n<p>Cada uma destas tecnologias alterou o processo de trabalho, mas n\u00e3o o princ\u00edpio que lhe est\u00e1 subjacente. Um livro continuou a ser um livro. Um artigo continuou a ser um artigo. E a qualidade continuou ligada aos cuidados da pessoa que utiliza a ferramenta.<\/p>\n<p>Este \u00e9 um ponto importante: as ferramentas deslocam o esfor\u00e7o - n\u00e3o o substituem. O que antes levava tempo a escrever, agora \u00e9 mais direcionado para a estrutura\u00e7\u00e3o, sele\u00e7\u00e3o e p\u00f3s-processamento. Se saltar esta etapa, pode produzir rapidamente, mas n\u00e3o necessariamente de forma sustent\u00e1vel.<\/p>\n<p>E isto j\u00e1 mostra os limites da IA: pode acelerar os processos, mas n\u00e3o pode garantir a subst\u00e2ncia.<\/p>\n<hr \/>\n<h3>Inqu\u00e9rito atual sobre a utiliza\u00e7\u00e3o de sistemas locais de IA<\/h3>\n<div class='bootstrap-yop yop-poll-mc'>\n\t\t\t\t\t\t\t<div class=\"basic-yop-poll-container\" style=\"background-color:#ffffff; border:0px; border-style:solid; border-color:#000000; border-radius:5px; padding:0px 5px;\" data-id=\"9\" data-temp=\"basic-pretty\" data-skin=\"square\" data-cscheme=\"blue\" data-cap=\"0\" data-access=\"guest\" data-tid=\"\" data-uid=\"9e540f0959c7d460a1c4da8e296a1ed0\" data-pid=\"3010\" data-resdet=\"votes-number,percentages\" data-show-results-to=\"guest\" data-show-results-moment=\"after-vote\" data-show-results-only=\"false\" data-show-message=\"true\" data-show-results-as=\"bar\" data-sort-results-by=\"as-defined\" data-sort-results-rule=\"asc\"data-is-ended=\"0\" data-percentages-decimals=\"2\" data-gdpr=\"no\" data-gdpr-sol=\"consent\" data-css=\".basic-yop-poll-container[data-uid] .basic-vote {\t\t\t\t\t\t\t\t\ttext-align: center;\t\t\t\t\t\t\t\t}\" data-counter=\"0\" data-load-with=\"1\" data-notification-section=\"top\"><div class=\"row\"><div class=\"col-md-12\"><div class=\"basic-inner\"><div class=\"basic-message hide\" style=\"border-left: 10px solid #008000; padding: 0px 10px;\" data-error=\"#ff0000\" data-success=\"#008000\"><p class=\"basic-message-text\" style=\"color:#000000; font-size:14px; font-weight:normal;\"><\/p><\/div><div class=\"basic-overlay hide\"><div class=\"basic-vote-options\"><\/div><div class=\"basic-preloader\"><div class=\"basic-windows8\"><div class=\"basic-wBall basic-wBall_1\"><div class=\"basic-wInnerBall\"><\/div><\/div><div class=\"basic-wBall basic-wBall_2\"><div class=\"basic-wInnerBall\"><\/div><\/div><div class=\"basic-wBall basic-wBall_3\"><div class=\"basic-wInnerBall\"><\/div><\/div><div class=\"basic-wBall basic-wBall_4\"><div class=\"basic-wInnerBall\"><\/div><\/div><div class=\"basic-wBall basic-wBall_5\"><div class=\"basic-wInnerBall\"><\/div><\/div><\/div><\/div><\/div><form class=\"basic-form\" action=\"\"><input type=\"hidden\" name=\"_token\" value=\"b8e236f492\" autocomplete=\"off\"><div class=\"basic-elements\"><div class=\"basic-element basic-question basic-question-text-vertical\" data-id=\"9\" data-uid=\"6b2eb4479da8a51355d1f04f7aa55b24\" data-type=\"question\" data-question-type=\"text\" data-required=\"yes\" data-allow-multiple=\"no\" data-min=\"1\" data-max=\"7\" data-display=\"vertical\" data-colnum=\"\" data-display-others=\"no\" data-others-color=\"\" data-others=\"\" data-others-max-chars=\"0\"><div class=\"basic-question-title\"><h5 style=\"color:#000000; font-size:16px; font-weight:normal; text-align:left;\">O que pensa de um software de IA de execu\u00e7\u00e3o local, como o MLX ou o Ollama?<\/h5><\/div><ul class=\"basic-answers\"><li class=\"basic-answer\" style=\"padding:0px 0px;\" data-id=\"45\" data-type=\"text\" data-vn=\"136\" data-color=\"#000000\" data-make-link=\"no\" data-link=\"\"><div class=\"basic-answer-content basic-text-vertical\"><label for=\"answer[45]\" class=\"basic-answer-label\"><input type=\"radio\" id=\"answer[45]\" name=\"answer[9]\" value=\"45\"><span class=\"basic-text\" style=\"color: #000000; font-size: 14px; font-weight: normal;\">Ingenious - finalmente independente da nuvem<\/span><\/label><\/div><\/li><li class=\"basic-answer\" style=\"padding:0px 0px;\" data-id=\"46\" data-type=\"text\" data-vn=\"25\" data-color=\"#000000\" data-make-link=\"no\" data-link=\"\"><div class=\"basic-answer-content basic-text-vertical\"><label for=\"answer[46]\" class=\"basic-answer-label\"><input type=\"radio\" id=\"answer[46]\" name=\"answer[9]\" value=\"46\"><span class=\"basic-text\" style=\"color: #000000; font-size: 14px; font-weight: normal;\">Interessante, mas (ainda) demasiado complicado<\/span><\/label><\/div><\/li><li class=\"basic-answer\" style=\"padding:0px 0px;\" data-id=\"47\" data-type=\"text\" data-vn=\"28\" data-color=\"#000000\" data-make-link=\"no\" data-link=\"\"><div class=\"basic-answer-content basic-text-vertical\"><label for=\"answer[47]\" class=\"basic-answer-label\"><input type=\"radio\" id=\"answer[47]\" name=\"answer[9]\" value=\"47\"><span class=\"basic-text\" style=\"color: #000000; font-size: 14px; font-weight: normal;\">Vou experiment\u00e1-lo em breve<\/span><\/label><\/div><\/li><li class=\"basic-answer\" style=\"padding:0px 0px;\" data-id=\"48\" data-type=\"text\" data-vn=\"5\" data-color=\"#000000\" data-make-link=\"no\" data-link=\"\"><div class=\"basic-answer-content basic-text-vertical\"><label for=\"answer[48]\" class=\"basic-answer-label\"><input type=\"radio\" id=\"answer[48]\" name=\"answer[9]\" value=\"48\"><span class=\"basic-text\" style=\"color: #000000; font-size: 14px; font-weight: normal;\">N\u00e3o preciso dela - a nuvem \u00e9 suficiente para mim<\/span><\/label><\/div><\/li><li class=\"basic-answer\" style=\"padding:0px 0px;\" data-id=\"49\" data-type=\"text\" data-vn=\"4\" data-color=\"#000000\" data-make-link=\"no\" data-link=\"\"><div class=\"basic-answer-content basic-text-vertical\"><label for=\"answer[49]\" class=\"basic-answer-label\"><input type=\"radio\" id=\"answer[49]\" name=\"answer[9]\" value=\"49\"><span class=\"basic-text\" style=\"color: #000000; font-size: 14px; font-weight: normal;\">N\u00e3o sei exatamente do que se trata<\/span><\/label><\/div><\/li><\/ul><\/div><div class=\"clearfix\"><\/div><\/div><div class=\"basic-vote\"><a href=\"#\" class=\"button basic-vote-button\" role=\"button\" style=\"background:#027bb8; border:0px; border-style: solid; border-color:#000000; border-radius:5px; padding:10px 10px; color:#ffffff; font-size:14px; font-weight:normal;\">Vota\u00e7\u00e3o<\/a><\/div><input type=\"hidden\" name=\"trp-form-language\" value=\"pt\"\/><\/form><\/div><\/div><\/div><\/div>\n\t\t\t\t\t\t<\/div>\n<hr \/>\n<h3>A diferen\u00e7a decisiva: a lideran\u00e7a<\/h3>\n<p>A verdadeira diferen\u00e7a surge noutro ponto - e, surpreendentemente, raramente \u00e9 claramente enunciada. Trata-se da lideran\u00e7a. Quem lidera o processo? Quando a IA determina o processo, s\u00e3o frequentemente criados textos que parecem convincentes \u00e0 primeira vista, mas que s\u00e3o intercambi\u00e1veis numa inspe\u00e7\u00e3o mais atenta. Seguem padr\u00f5es familiares, pegam nas estruturas existentes e reproduzem o que j\u00e1 existe.<\/p>\n<p>Isto n\u00e3o \u00e9 necessariamente uma coisa m\u00e1 - mas raramente \u00e9 independente. Se, por outro lado, o ser humano orientar o processo, o resultado muda. A IA torna-se ent\u00e3o uma ferramenta dentro de um quadro claramente definido. D\u00e1 sugest\u00f5es, apoia o desenvolvimento, acelera certos passos - mas n\u00e3o determina a dire\u00e7\u00e3o. Essa dire\u00e7\u00e3o \u00e9 criada noutro lugar:<\/p>\n<ul>\n<li>na sele\u00e7\u00e3o dos temas<\/li>\n<li>para decidir o que \u00e9 relevante e o que n\u00e3o \u00e9<\/li>\n<li>na forma como os conte\u00fados est\u00e3o ligados entre si<\/li>\n<\/ul>\n<p>E s\u00e3o precisamente estas decis\u00f5es que caracterizam um sistema.<\/p>\n<ul>\n<li>N\u00e3o podem ser automatizados.<\/li>\n<li>N\u00e3o podem ser normalizados.<\/li>\n<li>E n\u00e3o podem ser reproduzidos \u00e0 vontade.<\/li>\n<\/ul>\n<p>Este facto tamb\u00e9m evidencia um risco que \u00e9 frequentemente subestimado. Quem come\u00e7a a entregar gradualmente a gest\u00e3o \u00e0 IA n\u00e3o perde imediatamente o controlo. O processo continua a funcionar eficazmente, talvez at\u00e9 de forma mais produtiva do que antes.<\/p>\n<p>Mas algo est\u00e1 a mudar a longo prazo: a linha est\u00e1 a tornar-se mais t\u00e9nue. As decis\u00f5es tornam-se mais gen\u00e9ricas. O sistema come\u00e7a a orientar-se pelo que est\u00e1 dispon\u00edvel - e n\u00e3o pelo que deve ser conscientemente constru\u00eddo. Isto raramente acontece de forma abrupta. \u00c9 um processo gradual. E \u00e9 precisamente por isso que, muitas vezes, s\u00f3 se torna percet\u00edvel quando as diferen\u00e7as j\u00e1 se tornaram claras.<\/p>\n<h3>Um olhar s\u00f3brio<\/h3>\n<p>Se olharmos para o tema desta forma, ele perde algum do seu dramatismo - mas ganha clareza. A IA n\u00e3o \u00e9 fundamentalmente problem\u00e1tica nem constitui automaticamente uma vantagem. \u00c9 uma ferramenta. Uma ferramenta poderosa, sem d\u00favida. Mas tamb\u00e9m uma ferramenta que n\u00e3o substitui a responsabilidade. Talvez a ess\u00eancia possa ser formulada desta forma:<\/p>\n<ul>\n<li>A IA pode ajud\u00e1-lo a trabalhar mais depressa.<\/li>\n<li>Pode ajud\u00e1-lo a produzir mais.<\/li>\n<li>Pode ajud\u00e1-lo a elaborar ideias.<\/li>\n<\/ul>\n<p>Mas n\u00e3o o pode ajudar a decidir o que quer realmente construir. E \u00e9 precisamente esta decis\u00e3o que faz a diferen\u00e7a no final. Porque determina se um sistema emerge de pe\u00e7as individuais de conte\u00fado - ou se continua a ser uma cole\u00e7\u00e3o de textos que foram produzidos eficientemente mas que n\u00e3o desenvolvem qualquer subst\u00e2ncia pr\u00f3pria.<\/p>\n<p><img loading=\"lazy\" decoding=\"async\" class=\"alignnone wp-image-5906 size-full\" src=\"https:\/\/www.markus-schall.de\/wp-content\/uploads\/Organische-Reichweite-Kontrolle.jpg\" alt=\"Controlo vs. depend\u00eancia\" width=\"1024\" height=\"682\" srcset=\"https:\/\/www.markus-schall.de\/wp-content\/uploads\/Organische-Reichweite-Kontrolle.jpg 1024w, https:\/\/www.markus-schall.de\/wp-content\/uploads\/Organische-Reichweite-Kontrolle-300x200.jpg 300w, https:\/\/www.markus-schall.de\/wp-content\/uploads\/Organische-Reichweite-Kontrolle-768x512.jpg 768w, https:\/\/www.markus-schall.de\/wp-content\/uploads\/Organische-Reichweite-Kontrolle-18x12.jpg 18w\" sizes=\"auto, (max-width: 1024px) 100vw, 1024px\" \/><\/p>\n<h2>Controlo vs. depend\u00eancia: a dimens\u00e3o estrat\u00e9gica<\/h2>\n<p>Se olharmos para o panorama digital, rapidamente nos apercebemos: A maior parte da atividade tem lugar em plataformas. Redes sociais, portais de v\u00eddeo, grandes plataformas de conte\u00fados - todas elas oferecem alcance, comodidade e uma forma aparentemente f\u00e1cil de se tornar vis\u00edvel.<\/p>\n<p>E \u00e9 precisamente aqui que reside a sua for\u00e7a. Concentram a aten\u00e7\u00e3o. Reduzem os obst\u00e1culos t\u00e9cnicos. Permitem a difus\u00e3o r\u00e1pida de conte\u00fados. Para muitos, este \u00e9 o ponto de entrada no mundo digital - e muitas vezes o \u00fanico canal.<\/p>\n<p>Mas estas vantagens t\u00eam um lado negativo. As plataformas n\u00e3o s\u00e3o infra-estruturas neutras. Seguem as suas pr\u00f3prias regras, os seus pr\u00f3prios interesses e, acima de tudo, a sua pr\u00f3pria l\u00f3gica: os conte\u00fados devem ser mantidos no sistema durante o maior tempo poss\u00edvel. Em termos concretos, isto significa<\/p>\n<ul>\n<li>O alcance n\u00e3o lhe pertence - \u00e9-lhe atribu\u00eddo.<\/li>\n<li>A visibilidade n\u00e3o \u00e9 est\u00e1vel - \u00e9 controlada.<\/li>\n<li>E mesmo o conte\u00fado existente n\u00e3o est\u00e1 totalmente protegido - continua ligado \u00e0 plataforma.<\/li>\n<\/ul>\n<p>Isto raramente \u00e9 problematizado na vida quotidiana porque, no in\u00edcio, funciona. Os posts chegam aos leitores, h\u00e1 intera\u00e7\u00f5es, os n\u00fameros aumentam.<br \/>\nMas esta estabilidade \u00e9 enganadora.<\/p>\n<ul>\n<li>Uma altera\u00e7\u00e3o do algoritmo pode reduzir o alcance.<\/li>\n<li>A adapta\u00e7\u00e3o das regras pode restringir o conte\u00fado.<\/li>\n<li>Em casos extremos, uma conta pode desaparecer - e com ela uma grande parte da visibilidade acumulada.<\/li>\n<\/ul>\n<p>N\u00e3o se trata de um caso excecional, mas sim de algo inerente ao sistema. E \u00e9 precisamente por isso que vale a pena olhar para a economia das plataformas n\u00e3o s\u00f3 do ponto de vista do alcance, mas tamb\u00e9m do ponto de vista da depend\u00eancia.<\/p>\n<h3>Sistema pr\u00f3prio como contra-modelo<\/h3>\n<p>Por outro lado, h\u00e1 uma abordagem que parece menos atractiva \u00e0 primeira vista: construir o seu pr\u00f3prio sistema.<\/p>\n<ul>\n<li>O seu pr\u00f3prio s\u00edtio Web.<\/li>\n<li>Uma revista pr\u00f3pria.<\/li>\n<li>Possuir livros, bases de dados ou conte\u00fados que existem independentemente das plataformas.<\/li>\n<\/ul>\n<p>A diferen\u00e7a n\u00e3o est\u00e1 na tecnologia, mas no controlo. O seu pr\u00f3prio sistema segue as suas regras. Desenvolve-se de acordo com as suas prioridades. E mant\u00e9m-se em vigor mesmo que as condi\u00e7\u00f5es externas se alterem. Isto n\u00e3o significa que as plataformas devam ser sempre evitadas. Pelo contr\u00e1rio: podem ser utilizadas de forma sensata - como um suplemento, como um alimentador, como um canal de comunica\u00e7\u00e3o.<\/p>\n<p>O ponto crucial \u00e9 outro: eles n\u00e3o devem ser a base. Porque uma funda\u00e7\u00e3o deve ser est\u00e1vel. E a estabilidade \u00e9 criada onde h\u00e1 controlo. O vosso pr\u00f3prio sistema pode crescer mais lentamente. Exige mais disciplina, mais estrutura, mais pensamento a longo prazo. N\u00e3o recompensa imediatamente, mas com um atraso. Mas \u00e9 precisamente a\u00ed que reside a sua for\u00e7a. N\u00e3o se baseia numa aten\u00e7\u00e3o emprestada, mas na sua pr\u00f3pria subst\u00e2ncia. E esta subst\u00e2ncia permanece.<\/p>\n<h3>Autodetermina\u00e7\u00e3o digital<\/h3>\n<p>Neste ponto, o tema toca num n\u00edvel que ultrapassa as quest\u00f5es puramente t\u00e9cnicas ou estrat\u00e9gicas. Trata-se de autodetermina\u00e7\u00e3o. O termo autodetermina\u00e7\u00e3o digital \u00e9 frequentemente utilizado em debates acad\u00e9micos. Refere-se \u00e0 capacidade de moldar conscientemente a pr\u00f3pria exist\u00eancia digital - em vez de a tornar dependente de estruturas externas.<\/p>\n<p>Isto pode parecer abstrato \u00e0 primeira vista, mas na pr\u00e1tica \u00e9 muito concreto. Qualquer pessoa que trabalhe exclusivamente em plataformas adapta-se inevitavelmente. Os conte\u00fados s\u00e3o concebidos para que funcionem. Os temas s\u00e3o escolhidos porque geram aten\u00e7\u00e3o. Os formatos s\u00e3o adoptados porque prometem alcance.<br \/>\nIsto \u00e9 compreens\u00edvel - mas muda a dire\u00e7\u00e3o. Um sistema separado permite uma forma diferente de trabalhar.<\/p>\n<ul>\n<li>Os t\u00f3picos que n\u00e3o s\u00e3o imediatamente vis\u00edveis podem ser acompanhados aqui.<\/li>\n<li>A profundidade pode ser criada aqui sem que tenha de ser imediatamente \u201e\u00fatil\u201c.<\/li>\n<li>\u00c9 poss\u00edvel estabelecer aqui uma linha que n\u00e3o se caracteriza por exig\u00eancias externas.<\/li>\n<\/ul>\n<p>Isto n\u00e3o significa que esta liberdade seja automaticamente utilizada. Mas ela existe. E \u00e9 precisamente essa a diferen\u00e7a. A depend\u00eancia obriga-nos a adaptarmo-nos. O controlo torna as decis\u00f5es poss\u00edveis.<\/p>\n<h3>O n\u00facleo estrat\u00e9gico<\/h3>\n<p>Se olharmos para tudo isto com sobriedade, a quest\u00e3o reduz-se a um simples n\u00facleo:<\/p>\n<blockquote><p>Quer visibilidade - ou quer subst\u00e2ncia?<\/p><\/blockquote>\n<p>Ambos s\u00e3o poss\u00edveis. Mas s\u00e3o caminhos diferentes. A visibilidade pode surgir rapidamente, mas \u00e9 muitas vezes ef\u00e9mera. A subst\u00e2ncia leva tempo, mas \u00e9 est\u00e1vel. A decis\u00e3o estrat\u00e9gica reside naquilo em que nos devemos concentrar.<\/p>\n<p>E \u00e9 precisamente aqui que o desenvolvimento se separa a longo prazo. Os sistemas baseados no controlo crescem mais lentamente - mas persistem. Os sistemas baseados na depend\u00eancia podem crescer rapidamente - mas permanecem vulner\u00e1veis.<\/p>\n<p>Talvez esta seja a formula\u00e7\u00e3o mais s\u00f3bria: o controlo n\u00e3o \u00e9 uma vantagem a curto prazo. \u00c9 uma salvaguarda a longo prazo. E \u00e9 precisamente por isso que \u00e9 t\u00e3o crucial do ponto de vista estrat\u00e9gico.<\/p>\n<h3>Organisches Wachstum gezielt beschleunigen<\/h3>\n<p><a href=\"https:\/\/www.markus-schall.de\/pt\/contribuicoes-de-convidados\/\"><img loading=\"lazy\" decoding=\"async\" class=\"alignright wp-image-3823 size-medium\" src=\"https:\/\/www.markus-schall.de\/wp-content\/uploads\/magazin-gastbeitraege-300x200.jpg\" alt=\"Gastbeitr\u00e4ge ver\u00f6ffentlichen\" width=\"300\" height=\"200\" srcset=\"https:\/\/www.markus-schall.de\/wp-content\/uploads\/magazin-gastbeitraege-300x200.jpg 300w, https:\/\/www.markus-schall.de\/wp-content\/uploads\/magazin-gastbeitraege-768x512.jpg 768w, https:\/\/www.markus-schall.de\/wp-content\/uploads\/magazin-gastbeitraege-18x12.jpg 18w, https:\/\/www.markus-schall.de\/wp-content\/uploads\/magazin-gastbeitraege.jpg 1024w\" sizes=\"auto, (max-width: 300px) 100vw, 300px\" \/><\/a>Organisches Wachstum bedeutet nicht, dass alles langsam bleiben muss. Es bedeutet vor allem, dass die Struktur stimmt. Und genau an dieser Stelle l\u00e4sst sich gezielt ansetzen. Wenn Inhalte in ein bestehendes System eingebettet werden, profitieren sie von dessen gewachsener Struktur. Sie stehen nicht isoliert, sondern werden Teil eines Gef\u00fcges, das bereits Sichtbarkeit, Verlinkungen und thematische Tiefe besitzt. Dadurch entfaltet sich ihre Wirkung oft schneller, als es auf einer neuen, noch wenig entwickelten Seite m\u00f6glich w\u00e4re.<\/p>\n<p>Ein Gastartikel kann genau diesen Effekt nutzen. Er ist kein kurzfristiger Werbebeitrag, sondern wird bewusst in ein bestehendes Magazin integriert. Er bleibt bestehen, wird gefunden, verlinkt und entwickelt \u2013 wie die anderen Inhalte auch \u2013 \u00fcber Zeit hinweg zus\u00e4tzlichen Wert. Das bedeutet: Der Artikel wirkt nicht nur im Moment der Ver\u00f6ffentlichung, sondern wird Teil eines Systems, das weiter w\u00e4chst.<\/p>\n<p>Mehr dazu: <a href=\"https:\/\/www.markus-schall.de\/pt\/contribuicoes-de-convidados\/\"><strong>Gastartikel im Magazin ver\u00f6ffentlichen<\/strong><\/a><\/p>\n<hr \/>\n<h3>Inqu\u00e9rito atual sobre a digitaliza\u00e7\u00e3o na vida quotidiana<\/h3>\n<div class='bootstrap-yop yop-poll-mc'>\n\t\t\t\t\t\t\t<div class=\"basic-yop-poll-container\" style=\"background-color:#ffffff; border:0px; border-style:solid; border-color:#000000; border-radius:5px; padding:0px 5px;\" data-id=\"2\" data-temp=\"basic-pretty\" data-skin=\"square\" data-cscheme=\"blue\" data-cap=\"0\" data-access=\"guest\" data-tid=\"\" data-uid=\"621c46b9982ba7d74c0df10e628e4787\" data-pid=\"3010\" data-resdet=\"votes-number,percentages\" data-show-results-to=\"guest\" data-show-results-moment=\"after-vote\" data-show-results-only=\"false\" data-show-message=\"true\" data-show-results-as=\"bar\" data-sort-results-by=\"as-defined\" data-sort-results-rule=\"asc\"data-is-ended=\"0\" data-percentages-decimals=\"2\" data-gdpr=\"no\" data-gdpr-sol=\"consent\" data-css=\"\" data-counter=\"0\" data-load-with=\"1\" data-notification-section=\"top\"><div class=\"row\"><div class=\"col-md-12\"><div class=\"basic-inner\"><div class=\"basic-message hide\" style=\"border-left: 10px solid #008000; padding: 0px 10px;\" data-error=\"#ff0000\" data-success=\"#008000\"><p class=\"basic-message-text\" style=\"color:#000000; font-size:14px; font-weight:normal;\"><\/p><\/div><div class=\"basic-overlay hide\"><div class=\"basic-vote-options\"><\/div><div class=\"basic-preloader\"><div class=\"basic-windows8\"><div class=\"basic-wBall basic-wBall_1\"><div class=\"basic-wInnerBall\"><\/div><\/div><div class=\"basic-wBall basic-wBall_2\"><div class=\"basic-wInnerBall\"><\/div><\/div><div class=\"basic-wBall basic-wBall_3\"><div class=\"basic-wInnerBall\"><\/div><\/div><div class=\"basic-wBall basic-wBall_4\"><div class=\"basic-wInnerBall\"><\/div><\/div><div class=\"basic-wBall basic-wBall_5\"><div class=\"basic-wInnerBall\"><\/div><\/div><\/div><\/div><\/div><form class=\"basic-form\" action=\"\"><input type=\"hidden\" name=\"_token\" value=\"070bee58c2\" autocomplete=\"off\"><div class=\"basic-elements\"><div class=\"basic-element basic-question basic-question-text-vertical\" data-id=\"2\" data-uid=\"6903612a3c4e55b9a491b880cc20d274\" data-type=\"question\" data-question-type=\"text\" data-required=\"yes\" data-allow-multiple=\"no\" data-min=\"1\" data-max=\"1\" data-display=\"vertical\" data-colnum=\"\" data-display-others=\"no\" data-others-color=\"\" data-others=\"\" data-others-max-chars=\"0\"><div class=\"basic-question-title\"><h5 style=\"color:#000000; font-size:16px; font-weight:normal; text-align:left;\">Como avalia a influ\u00eancia da digitaliza\u00e7\u00e3o na sua vida quotidiana?<\/h5><\/div><ul class=\"basic-answers\"><li class=\"basic-answer\" style=\"padding:0px 0px;\" data-id=\"5\" data-type=\"text\" data-vn=\"14\" data-color=\"#000000\" data-make-link=\"no\" data-link=\"\"><div class=\"basic-answer-content basic-text-vertical\"><label for=\"answer[5]\" class=\"basic-answer-label\"><input type=\"radio\" id=\"answer[5]\" name=\"answer[2]\" value=\"5\"><span class=\"basic-text\" style=\"color: #000000; font-size: 14px; font-weight: normal;\">Muito positivo - beneficio dele todos os dias<\/span><\/label><\/div><\/li><li class=\"basic-answer\" style=\"padding:0px 0px;\" data-id=\"6\" data-type=\"text\" data-vn=\"13\" data-color=\"#000000\" data-make-link=\"no\" data-link=\"\"><div class=\"basic-answer-content basic-text-vertical\"><label for=\"answer[6]\" class=\"basic-answer-label\"><input type=\"radio\" id=\"answer[6]\" name=\"answer[2]\" value=\"6\"><span class=\"basic-text\" style=\"color: #000000; font-size: 14px; font-weight: normal;\">Bastante positivo - algumas coisas tornaram-se mais f\u00e1ceis<\/span><\/label><\/div><\/li><li class=\"basic-answer\" style=\"padding:0px 0px;\" data-id=\"7\" data-type=\"text\" data-vn=\"29\" data-color=\"#000000\" data-make-link=\"no\" data-link=\"\"><div class=\"basic-answer-content basic-text-vertical\"><label for=\"answer[7]\" class=\"basic-answer-label\"><input type=\"radio\" id=\"answer[7]\" name=\"answer[2]\" value=\"7\"><span class=\"basic-text\" style=\"color: #000000; font-size: 14px; font-weight: normal;\">Misto - Traz vantagens, mas tamb\u00e9m perda de controlo<\/span><\/label><\/div><\/li><li class=\"basic-answer\" style=\"padding:0px 0px;\" data-id=\"8\" data-type=\"text\" data-vn=\"5\" data-color=\"#000000\" data-make-link=\"no\" data-link=\"\"><div class=\"basic-answer-content basic-text-vertical\"><label for=\"answer[8]\" class=\"basic-answer-label\"><input type=\"radio\" id=\"answer[8]\" name=\"answer[2]\" value=\"8\"><span class=\"basic-text\" style=\"color: #000000; font-size: 14px; font-weight: normal;\">Bastante negativo - sinto-me frequentemente sobrecarregado ou observado<\/span><\/label><\/div><\/li><li class=\"basic-answer\" style=\"padding:0px 0px;\" data-id=\"9\" data-type=\"text\" data-vn=\"9\" data-color=\"#000000\" data-make-link=\"no\" data-link=\"\"><div class=\"basic-answer-content basic-text-vertical\"><label for=\"answer[9]\" class=\"basic-answer-label\"><input type=\"radio\" id=\"answer[9]\" name=\"answer[2]\" value=\"9\"><span class=\"basic-text\" style=\"color: #000000; font-size: 14px; font-weight: normal;\">Muito negativo - rejeito em grande medida os sistemas digitais<\/span><\/label><\/div><\/li><\/ul><\/div><div class=\"clearfix\"><\/div><\/div><div class=\"basic-vote\"><a href=\"#\" class=\"button basic-vote-button\" role=\"button\" style=\"background:#027bb8; border:0px; border-style: solid; border-color:#000000; border-radius:5px; padding:10px 10px; color:#ffffff; font-size:14px; font-weight:normal;\">Vota\u00e7\u00e3o<\/a><\/div><input type=\"hidden\" name=\"trp-form-language\" value=\"pt\"\/><\/form><\/div><\/div><\/div><\/div>\n\t\t\t\t\t\t<\/div>\n<hr \/>\n<h2>Velhos princ\u00edpios, novas ferramentas: voltar ao essencial<\/h2>\n<p>Se voltar atr\u00e1s ao longo de todo este artigo, acabar\u00e1 por encontrar algo surpreendentemente simples.<br \/>\nN\u00e3o \u00e9 a tecnologia que determina o valor do trabalho digital.<\/p>\n<p>N\u00e3o o alcance. E n\u00e3o a quest\u00e3o de saber se o conte\u00fado foi criado com ou sem IA. Outros factores s\u00e3o decisivos: a estrutura, a continuidade e a capacidade de construir algo ao longo do tempo. N\u00e3o se trata de novos conhecimentos. Pelo contr\u00e1rio - s\u00e3o princ\u00edpios que j\u00e1 existiam muito antes do mundo digital. Uma editora n\u00e3o se tornou bem sucedida atrav\u00e9s de livros individuais, mas atrav\u00e9s de um programa. Uma biblioteca n\u00e3o atrav\u00e9s de uma obra, mas atrav\u00e9s da sua cole\u00e7\u00e3o.<\/p>\n<p>E \u00e9 precisamente esta l\u00f3gica que pode ser observada novamente hoje. A \u00fanica diferen\u00e7a \u00e9 a ferramenta. O que costumava ser criado utilizando papel, impress\u00e3o e arquivos f\u00edsicos est\u00e1 agora a ser criado digitalmente - mais rapidamente, de forma mais flex\u00edvel, mas essencialmente de acordo com as mesmas regras.<\/p>\n<h3>O papel do tempo<\/h3>\n<p>Um aspeto atravessa todos os cap\u00edtulos: o tempo. \u00c9 o \u00fanico fator que n\u00e3o pode ser acelerado. E, ao mesmo tempo, aquele que faz a maior diferen\u00e7a.<\/p>\n<p>Um sistema que come\u00e7a hoje parece pequeno. Talvez discreto. Mas com cada adi\u00e7\u00e3o, cada liga\u00e7\u00e3o e cada decis\u00e3o consciente, a sua qualidade muda. O que inicialmente parece uma cole\u00e7\u00e3o de conte\u00fados individuais evolui, passo a passo, para um todo coerente. E, a dada altura, este contexto come\u00e7a a ganhar vida pr\u00f3pria.<\/p>\n<p>N\u00e3o acontece de repente. N\u00e3o h\u00e1 um ponto claro em que se possa dizer: \u201eAgora est\u00e1 feito\u201c. Mas h\u00e1 um momento em que algo muda. A estrutura transforma-se em subst\u00e2ncia. A subst\u00e2ncia transforma-se em estabilidade. E da estabilidade vem uma vantagem que j\u00e1 n\u00e3o \u00e9 t\u00e3o f\u00e1cil de alcan\u00e7ar.<\/p>\n<h3>A vantagem competitiva silenciosa<\/h3>\n<p>Talvez seja precisamente aqui que reside a diferen\u00e7a decisiva em rela\u00e7\u00e3o a muitas outras abordagens. Os sistemas de produ\u00e7\u00e3o org\u00e2nica raramente t\u00eam um efeito espetacular. N\u00e3o se imp\u00f5em, n\u00e3o geram picos a curto prazo. Desenvolvem-se calmamente.<\/p>\n<p>Mas \u00e9 precisamente esta falta de visibilidade que constitui uma vantagem. Enquanto muitas estrat\u00e9gias se concentram numa visibilidade r\u00e1pida e flutuam em conformidade, aqui cria-se algo que se consolida ao longo do tempo. Algo que n\u00e3o \u00e9 imediatamente percet\u00edvel, mas que ganha cada vez mais peso. E este peso \u00e9 dif\u00edcil de copiar. N\u00e3o porque esteja protegido. Mas porque foi constru\u00eddo.<\/p>\n<p>Talvez o cerne da quest\u00e3o possa ser formulado da seguinte forma: Pode criar novos conte\u00fados em qualquer altura. Pode perder o alcance em qualquer altura. Mas o sistema que construiu ao longo dos anos mant\u00e9m-se. N\u00e3o inalterado - mas eficaz.<\/p>\n<p>E \u00e9 precisamente por isso que vale a pena desviar o foco. Para al\u00e9m da quest\u00e3o do que \u00e9 vis\u00edvel hoje. Em dire\u00e7\u00e3o \u00e0 quest\u00e3o do que durar\u00e1 amanh\u00e3. Porque, no final, n\u00e3o \u00e9 a velocidade que determina o valor do trabalho digital - mas a sua subst\u00e2ncia.<\/p>\n<hr \/>\n\n\t\t\t<div class=\"display-post-types\">\n\n\t\t\t\t\t\t\t<style type=\"text\/css\">\n\t\t\t#dpt-wrapper-965 { --dpt-text-align: left;--dpt-image-crop: center;--dpt-border-radius: 5px;--dpt-h-gutter: 10px;--dpt-v-gutter: 9px; }\t\t\t<\/style>\n\t\t\t<style type=\"text\/css\">#dpt-wrapper-965 { --dpt-title-font-style:normal;--dpt-title-font-weight:600;--dpt-title-line-height:1.5;--dpt-title-text-decoration:none;--dpt-title-text-transform:none;--dpt-excerpt-font-style:normal;--dpt-excerpt-font-weight:400;--dpt-excerpt-line-height:1.5;--dpt-excerpt-text-decoration:none;--dpt-excerpt-text-transform:none;--dpt-meta1-font-style:normal;--dpt-meta1-font-weight:400;--dpt-meta1-line-height:1.9;--dpt-meta1-text-decoration:none;--dpt-meta1-text-transform:none;--dpt-meta2-font-style:normal;--dpt-meta2-font-weight:400;--dpt-meta2-line-height:1.9;--dpt-meta2-text-decoration:none;--dpt-meta2-text-transform:none; }<\/style><div class=\"dpt-main-header\">\n\t\t\t\t\t\t<div class=\"dpt-main-title\">\n\t\t\t\t\t\t\t<span class=\"dpt-main-title-text\">Quest\u00f5es sociais da atualidade<\/span>\n\t\t\t\t\t\t<\/div>\n\t\t\t\t\t\t\n\t\t\t\t\t\t\n\t\t\t\t\t\t\n\t\t\t\t\t\t<\/div>\t\t\t\n\t\t\t\t<div id=\"dpt-wrapper-965\" class=\"dpt-wrapper dpt-mag1 land1 dpt-cropped dpt-flex-wrap\" >\n\n\t\t\t\t\t\t\t\t\t\t\t<div class=\"dpt-entry has-thumbnail\" data-title=\"energie, macht und abh\u00e4ngigkeit: europas weg vom exportweltmeister zum nachfrager\" data-id=\"4945\"  data-category=\"allgemein gesellschaft\" data-post_tag=\"denkmodelle deutschland energiepolitik eu-gesetze europa geopolitik krisen meinungsfreiheit sicherheitspolitik\">\n\t\t\t\t\t\t\t<div class=\"dpt-entry-wrapper\"><div class=\"dpt-featured-content\"><div class=\"dpt-permalink\"><a href=\"https:\/\/www.markus-schall.de\/pt\/2026\/02\/poder-e-dependencia-energetica-a-transicao-da-europa-de-campea-mundial-de-exportacao-para-consumidora\/\" class=\"dpt-permalink\"><span class=\"screen-reader-text\">Energia, poder e depend\u00eancia: a trajet\u00f3ria da Europa de campe\u00e3 mundial de exporta\u00e7\u00e3o a consumidora<\/span><\/a><\/div><div class=\"dpt-thumbnail\"><div class=\"dpt-thumbnail-inner\"><img width=\"1024\" height=\"683\" class=\"attachment-full size-full\" alt=\"A Europa e a energia\" context=\"dpt\" data-dpt-src=\"https:\/\/www.markus-schall.de\/wp-content\/uploads\/Europa-Energie.jpg\" data-dpt-sizes=\"(max-width: 1024px) 100vw, 1024px\" data-dpt-srcset=\"https:\/\/www.markus-schall.de\/wp-content\/uploads\/Europa-Energie.jpg 1024w, https:\/\/www.markus-schall.de\/wp-content\/uploads\/Europa-Energie-300x200.jpg 300w, https:\/\/www.markus-schall.de\/wp-content\/uploads\/Europa-Energie-768x512.jpg 768w, https:\/\/www.markus-schall.de\/wp-content\/uploads\/Europa-Energie-18x12.jpg 18w\" \/><\/div><span class=\"dpt-thumbnail-aspect-ratio\" style=\"padding-top: 75%\"><\/span><\/div><\/div><div class=\"sub-entry\"><h3 class=\"dpt-title\"><a class=\"dpt-title-link\" href=\"https:\/\/www.markus-schall.de\/pt\/2026\/02\/poder-e-dependencia-energetica-a-transicao-da-europa-de-campea-mundial-de-exportacao-para-consumidora\/\" rel=\"bookmark\">Energia, poder e depend\u00eancia: a trajet\u00f3ria da Europa de campe\u00e3 mundial de exporta\u00e7\u00e3o a consumidora<\/a><\/h3><\/div><\/div>\n\t\t\t\t\t\t<\/div><!-- .dpt-entry -->\n\t\t\t\t\t\t\t\t\t\t\t\t<div class=\"dpt-entry has-thumbnail\" data-title=\"cancel culture im westen: sport, universit\u00e4ten, milit\u00e4r und eu-sanktionen analysiert\" data-id=\"5009\"  data-category=\"allgemein gesellschaft kunst &amp; kultur\" data-post_tag=\"denkmodelle deutschland europa geopolitik krisen meinungsfreiheit sicherheitspolitik spieltheorie\">\n\t\t\t\t\t\t\t<div class=\"dpt-entry-wrapper\"><div class=\"dpt-featured-content\"><div class=\"dpt-permalink\"><a href=\"https:\/\/www.markus-schall.de\/pt\/2026\/02\/cultura-do-cancelamento-no-ocidente-desporto-universidades-sancoes-militares-e-da-ue-analisadas\/\" class=\"dpt-permalink\"><span class=\"screen-reader-text\">Cancelar Cultura no Ocidente: an\u00e1lise do desporto, das universidades, das for\u00e7as armadas e das san\u00e7\u00f5es da UE<\/span><\/a><\/div><div class=\"dpt-thumbnail\"><div class=\"dpt-thumbnail-inner\"><img width=\"1024\" height=\"683\" class=\"attachment-full size-full\" alt=\"Cancelar a cultura no Ocidente\" context=\"dpt\" data-dpt-src=\"https:\/\/www.markus-schall.de\/wp-content\/uploads\/Cancel-Culture-Westen.jpg\" data-dpt-sizes=\"(max-width: 1024px) 100vw, 1024px\" data-dpt-srcset=\"https:\/\/www.markus-schall.de\/wp-content\/uploads\/Cancel-Culture-Westen.jpg 1024w, https:\/\/www.markus-schall.de\/wp-content\/uploads\/Cancel-Culture-Westen-300x200.jpg 300w, https:\/\/www.markus-schall.de\/wp-content\/uploads\/Cancel-Culture-Westen-768x512.jpg 768w, https:\/\/www.markus-schall.de\/wp-content\/uploads\/Cancel-Culture-Westen-18x12.jpg 18w\" \/><\/div><span class=\"dpt-thumbnail-aspect-ratio\" style=\"padding-top: 75%\"><\/span><\/div><\/div><div class=\"sub-entry\"><h3 class=\"dpt-title\"><a class=\"dpt-title-link\" href=\"https:\/\/www.markus-schall.de\/pt\/2026\/02\/cultura-do-cancelamento-no-ocidente-desporto-universidades-sancoes-militares-e-da-ue-analisadas\/\" rel=\"bookmark\">Cancelar Cultura no Ocidente: an\u00e1lise do desporto, das universidades, das for\u00e7as armadas e das san\u00e7\u00f5es da UE<\/a><\/h3><\/div><\/div>\n\t\t\t\t\t\t<\/div><!-- .dpt-entry -->\n\t\t\t\t\t\t\t\t\t\t\t\t<div class=\"dpt-entry has-thumbnail\" data-title=\"wie tiere zeit wahrnehmen \u2013 und was das f\u00fcr die zukunft der ki bedeutet\" data-id=\"4918\"  data-category=\"allgemein gesellschaft ki-systeme\" data-post_tag=\"denkmodelle erfahrungen k\u00fcnstliche intelligenz llm portrait prozesse sprachmodell\">\n\t\t\t\t\t\t\t<div class=\"dpt-entry-wrapper\"><div class=\"dpt-featured-content\"><div class=\"dpt-permalink\"><a href=\"https:\/\/www.markus-schall.de\/pt\/2026\/02\/como-os-animais-percepcionam-o-tempo-e-o-que-isso-significa-para-o-futuro-da-ki\/\" class=\"dpt-permalink\"><span class=\"screen-reader-text\">Como os animais percepcionam o tempo - e o que isso significa para o futuro da IA<\/span><\/a><\/div><div class=\"dpt-thumbnail\"><div class=\"dpt-thumbnail-inner\"><img width=\"1024\" height=\"683\" class=\"attachment-full size-full\" alt=\"Animais, IA e perce\u00e7\u00e3o do tempo\" context=\"dpt\" data-dpt-src=\"https:\/\/www.markus-schall.de\/wp-content\/uploads\/Tiere-KI-Zeitwahrnehmung.jpg\" data-dpt-sizes=\"(max-width: 1024px) 100vw, 1024px\" data-dpt-srcset=\"https:\/\/www.markus-schall.de\/wp-content\/uploads\/Tiere-KI-Zeitwahrnehmung.jpg 1024w, https:\/\/www.markus-schall.de\/wp-content\/uploads\/Tiere-KI-Zeitwahrnehmung-300x200.jpg 300w, https:\/\/www.markus-schall.de\/wp-content\/uploads\/Tiere-KI-Zeitwahrnehmung-768x512.jpg 768w, https:\/\/www.markus-schall.de\/wp-content\/uploads\/Tiere-KI-Zeitwahrnehmung-18x12.jpg 18w\" \/><\/div><span class=\"dpt-thumbnail-aspect-ratio\" style=\"padding-top: 75%\"><\/span><\/div><\/div><div class=\"sub-entry\"><h3 class=\"dpt-title\"><a class=\"dpt-title-link\" href=\"https:\/\/www.markus-schall.de\/pt\/2026\/02\/como-os-animais-percepcionam-o-tempo-e-o-que-isso-significa-para-o-futuro-da-ki\/\" rel=\"bookmark\">Como os animais percepcionam o tempo - e o que isso significa para o futuro da IA<\/a><\/h3><\/div><\/div>\n\t\t\t\t\t\t<\/div><!-- .dpt-entry -->\n\t\t\t\t\t\t\t\t\t\t\t\t<div class=\"dpt-entry has-thumbnail\" data-title=\"johann sebastian bach \u2013 ordnung, haltung und das fundament unserer musik\" data-id=\"5033\"  data-category=\"allgemein gesellschaft kunst &amp; kultur\" data-post_tag=\"deutschland musik portrait\">\n\t\t\t\t\t\t\t<div class=\"dpt-entry-wrapper\"><div class=\"dpt-featured-content\"><div class=\"dpt-permalink\"><a href=\"https:\/\/www.markus-schall.de\/pt\/2026\/02\/johann-sebastian-bach-a-atitude-da-ordem-e-a-base-da-nossa-musica\/\" class=\"dpt-permalink\"><span class=\"screen-reader-text\">Johann Sebastian Bach - ordem, atitude e a base da nossa m\u00fasica<\/span><\/a><\/div><div class=\"dpt-thumbnail\"><div class=\"dpt-thumbnail-inner\"><img width=\"1024\" height=\"683\" class=\"attachment-full size-full\" alt=\"Retrato de Johann Sebastian Bach\" context=\"dpt\" data-dpt-src=\"https:\/\/www.markus-schall.de\/wp-content\/uploads\/Johann-Sebastian-Bach-Portrait.jpg\" data-dpt-sizes=\"(max-width: 1024px) 100vw, 1024px\" data-dpt-srcset=\"https:\/\/www.markus-schall.de\/wp-content\/uploads\/Johann-Sebastian-Bach-Portrait.jpg 1024w, https:\/\/www.markus-schall.de\/wp-content\/uploads\/Johann-Sebastian-Bach-Portrait-300x200.jpg 300w, https:\/\/www.markus-schall.de\/wp-content\/uploads\/Johann-Sebastian-Bach-Portrait-768x512.jpg 768w, https:\/\/www.markus-schall.de\/wp-content\/uploads\/Johann-Sebastian-Bach-Portrait-18x12.jpg 18w\" \/><\/div><span class=\"dpt-thumbnail-aspect-ratio\" style=\"padding-top: 75%\"><\/span><\/div><\/div><div class=\"sub-entry\"><h3 class=\"dpt-title\"><a class=\"dpt-title-link\" href=\"https:\/\/www.markus-schall.de\/pt\/2026\/02\/johann-sebastian-bach-a-atitude-da-ordem-e-a-base-da-nossa-musica\/\" rel=\"bookmark\">Johann Sebastian Bach - ordem, atitude e a base da nossa m\u00fasica<\/a><\/h3><\/div><\/div>\n\t\t\t\t\t\t<\/div><!-- .dpt-entry -->\n\t\t\t\t\t\t\n\t\t\t\t<\/div>\n\t\t\t\t\t\t<\/div>\n\t\t\t\n<hr \/>\n<h2>Perguntas mais frequentes<\/h2>\n<ol>\n<li><strong>O que se entende exatamente por \u201epropriedade digital\u201c e porque \u00e9 que este termo \u00e9 t\u00e3o importante?<\/strong><br \/>\nA propriedade digital descreve conte\u00fados, estruturas e sistemas sobre os quais se mant\u00e9m o controlo a longo prazo. Portanto, n\u00e3o se trata apenas de publicar algo, mas de construir algo que lhe pertence e que pode existir independentemente. O termo \u00e9 t\u00e3o importante porque desvia o foco da visibilidade a curto prazo para o valor sustent\u00e1vel.<\/li>\n<li><strong>Qual \u00e9 a diferen\u00e7a entre alcance e propriedade digital?<\/strong><br \/>\nO alcance significa que o conte\u00fado \u00e9 visto - frequentemente a curto prazo e dependendo das plataformas. A propriedade digital, por outro lado, descreve algo permanente: conte\u00fados e estruturas que se controlam e que existem a longo prazo. O alcance pode desaparecer, a propriedade permanece.<\/li>\n<li><strong>Porque \u00e9 que plataformas como as redes sociais s\u00e3o problem\u00e1ticas para a cria\u00e7\u00e3o de subst\u00e2ncia?<\/strong><br \/>\nAs plataformas n\u00e3o lhe pertencem. Elas determinam o que \u00e9 vis\u00edvel e o que n\u00e3o \u00e9. Mesmo que seja bem sucedido, o seu trabalho est\u00e1 sujeito \u00e0s suas regras. As altera\u00e7\u00f5es ao algoritmo ou \u00e0s diretrizes podem afetar a sua visibilidade em qualquer altura. Isto torna-as estrategicamente inseguras como \u00fanica base.<\/li>\n<li><strong>Ainda \u00e9 poss\u00edvel trabalhar de forma sensata com as plataformas?<\/strong><br \/>\nSim, absolutamente - mas n\u00e3o como base. As plataformas s\u00e3o boas para gerar aten\u00e7\u00e3o e alcan\u00e7ar novos leitores. No entanto, \u00e9 crucial transferir essa aten\u00e7\u00e3o para os seus pr\u00f3prios sistemas, ou seja, para o seu s\u00edtio Web, a sua revista ou os seus livros.<\/li>\n<li><strong>O que significa realmente crescimento org\u00e2nico num contexto digital?<\/strong><br \/>\nO crescimento org\u00e2nico significa que o seu sistema cresce lenta mas continuamente. O conte\u00fado n\u00e3o \u00e9 simplesmente publicado e esquecido, mas ligado, expandido e mantido. Com o tempo, isto cria uma estrutura que se torna mais est\u00e1vel e valiosa.<\/li>\n<li><strong>Porque \u00e9 que o crescimento lento \u00e9 superior a longo prazo?<\/strong><br \/>\nPorque \u00e9 est\u00e1vel. O crescimento r\u00e1pido baseia-se frequentemente em factores externos, como as tend\u00eancias ou a l\u00f3gica das plataformas. O crescimento lento, por outro lado, baseia-se na sua pr\u00f3pria estrutura e continuidade. \u00c9 menos suscet\u00edvel \u00e0 mudan\u00e7a e desenvolve a sua pr\u00f3pria din\u00e2mica ao longo do tempo.<\/li>\n<li><strong>O que se entende por \u201ecapital digital\u201c?<\/strong><br \/>\nO capital digital descreve a soma dos seus recursos digitais - ou seja, conte\u00fados, estruturas, liga\u00e7\u00f5es e tamb\u00e9m a sua experi\u00eancia. \u00c9 criado atrav\u00e9s da acumula\u00e7\u00e3o. Cada novo conte\u00fado contribui para aumentar o valor global do seu sistema.<\/li>\n<li><strong>Como \u00e9 que o chamado \u201eefeito de juros compostos\u201c surge com o conte\u00fado?<\/strong><br \/>\nUm \u00fanico artigo atrai leitores. Estes leitores descobrem outros conte\u00fados. Este conte\u00fado, por sua vez, aumenta a visibilidade de todo o sistema. Ao longo do tempo, \u00e9 criada uma rede de refer\u00eancias e t\u00f3picos que se apoiam e refor\u00e7am mutuamente.<\/li>\n<li><strong>Porque \u00e9 que os sistemas crescidos s\u00e3o dif\u00edceis de copiar?<\/strong><br \/>\nPorque n\u00e3o se trata apenas de conte\u00fado, mas tamb\u00e9m de desenvolvimento. A estrutura, a hist\u00f3ria, as decis\u00f5es e as linhas pessoais n\u00e3o podem ser simplesmente copiadas. \u00c9 poss\u00edvel copiar o conte\u00fado, mas n\u00e3o o caminho que conduziu a ele.<\/li>\n<li><strong>Que papel desempenha o tempo na constru\u00e7\u00e3o do patrim\u00f3nio digital?<\/strong><br \/>\nO tempo \u00e9 um fator decisivo. Garante que os conte\u00fados se desenvolvem, se interligam e ganham profundidade. Este desenvolvimento n\u00e3o pode ser acelerado ou copiado - s\u00f3 se consegue atrav\u00e9s de um trabalho cont\u00ednuo.<\/li>\n<li><strong>O que se entende por \u201elinha pessoal\u201c?<\/strong><br \/>\nA linha pessoal \u00e9 evidente na escolha dos temas, no estilo, na atitude e na forma de apresenta\u00e7\u00e3o. N\u00e3o \u00e9 criada de um dia para o outro, mas desenvolve-se ao longo do tempo. \u00c9 precisamente esta linha que torna um sistema inconfund\u00edvel.<\/li>\n<li><strong>Poder\u00e1 a IA substituir esta linha pessoal?<\/strong><br \/>\nN\u00e3o. A IA pode apoiar, acelerar e fazer sugest\u00f5es. Mas n\u00e3o pode desenvolver uma linha independente baseada na experi\u00eancia, nas decis\u00f5es e no desenvolvimento pessoal. Isso s\u00f3 pode vir das pr\u00f3prias pessoas.<\/li>\n<li><strong>\u00c9 problem\u00e1tico criar conte\u00fados com IA?<\/strong><br \/>\nN\u00e3o fundamentalmente. O fator decisivo \u00e9 quem controla o processo. Se definir a dire\u00e7\u00e3o e utilizar a IA como uma ferramenta, esta pode ser muito \u00fatil. S\u00f3 se torna problem\u00e1tico quando a IA assume a lideran\u00e7a e o conte\u00fado se torna arbitr\u00e1rio.<\/li>\n<li><strong>Qual \u00e9 o maior risco quando se utiliza a IA?<\/strong><br \/>\nO maior risco reside na perda progressiva de controlo. Se as decis\u00f5es forem cada vez mais automatizadas, o sistema perde clareza e dire\u00e7\u00e3o. Pode parecer eficiente, mas torna-se cada vez mais permut\u00e1vel.<\/li>\n<li><strong>Porque \u00e9 que o controlo \u00e9 o fator-chave na propriedade digital?<\/strong><br \/>\nPorque determina se algo lhe pertence realmente. S\u00f3 se puder determinar o que acontece ao seu conte\u00fado \u00e9 que o pode desenvolver e utilizar a longo prazo. Sem controlo, tudo \u00e9 tempor\u00e1rio.<\/li>\n<li><strong>O que significa a autodetermina\u00e7\u00e3o digital neste contexto?<\/strong><br \/>\nA autodetermina\u00e7\u00e3o digital significa que \u00e9 o pr\u00f3prio utilizador que controla o seu conte\u00fado, a sua estrutura e o seu desenvolvimento. N\u00e3o est\u00e1 dependente de plataformas ou regras externas, mas concebe o seu sistema de forma independente.<\/li>\n<li><strong>Em que \u00e9 que a propriedade digital difere da publicidade tradicional?<\/strong><br \/>\nA publicidade tradicional tem normalmente um efeito a curto prazo e termina assim que o or\u00e7amento \u00e9 utilizado. A propriedade digital, por outro lado, pode ser permanente e aumentar de valor ao longo do tempo. \u00c9 menos um fator de custo e mais um investimento.<\/li>\n<li><strong>Quanto tempo \u00e9 necess\u00e1rio para criar um sistema deste tipo?<\/strong><br \/>\nN\u00e3o existe uma resposta geral a esta pergunta, mas trata-se de um processo a longo prazo. Os efeitos iniciais podem tornar-se vis\u00edveis relativamente cedo, mas a for\u00e7a real s\u00f3 surge frequentemente ap\u00f3s meses ou anos de trabalho cont\u00ednuo.<\/li>\n<li><strong>Ser\u00e1 que este esfor\u00e7o vale realmente a pena em compara\u00e7\u00e3o com estrat\u00e9gias mais r\u00e1pidas?<\/strong><br \/>\nA curto prazo, as estrat\u00e9gias mais r\u00e1pidas s\u00e3o frequentemente mais atractivas. No entanto, a longo prazo, um sistema interno e estabelecido oferece uma vantagem que n\u00e3o \u00e9 t\u00e3o f\u00e1cil de alcan\u00e7ar: estabilidade, controlo e subst\u00e2ncia sustent\u00e1vel. \u00c9 precisamente aqui que reside o seu verdadeiro valor.<\/li>\n<\/ol>\n<hr \/>\n\n\t\t\t<div class=\"display-post-types\">\n\n\t\t\t\t\t\t\t<style type=\"text\/css\">\n\t\t\t#dpt-wrapper-966 { --dpt-text-align: left;--dpt-image-crop: center;--dpt-border-radius: 5px;--dpt-h-gutter: 10px;--dpt-v-gutter: 9px; }\t\t\t<\/style>\n\t\t\t<style type=\"text\/css\">#dpt-wrapper-966 { --dpt-title-font-style:normal;--dpt-title-font-weight:600;--dpt-title-line-height:1.5;--dpt-title-text-decoration:none;--dpt-title-text-transform:none;--dpt-excerpt-font-style:normal;--dpt-excerpt-font-weight:400;--dpt-excerpt-line-height:1.5;--dpt-excerpt-text-decoration:none;--dpt-excerpt-text-transform:none;--dpt-meta1-font-style:normal;--dpt-meta1-font-weight:400;--dpt-meta1-line-height:1.9;--dpt-meta1-text-decoration:none;--dpt-meta1-text-transform:none;--dpt-meta2-font-style:normal;--dpt-meta2-font-weight:400;--dpt-meta2-line-height:1.9;--dpt-meta2-text-decoration:none;--dpt-meta2-text-transform:none; }<\/style><div class=\"dpt-main-header\">\n\t\t\t\t\t\t<div class=\"dpt-main-title\">\n\t\t\t\t\t\t\t<span class=\"dpt-main-title-text\">Artigos actuais sobre intelig\u00eancia artificial<\/span>\n\t\t\t\t\t\t<\/div>\n\t\t\t\t\t\t\n\t\t\t\t\t\t\n\t\t\t\t\t\t\n\t\t\t\t\t\t<\/div>\t\t\t\n\t\t\t\t<div id=\"dpt-wrapper-966\" class=\"dpt-wrapper dpt-mag1 land1 dpt-cropped dpt-flex-wrap\" >\n\n\t\t\t\t\t\t\t\t\t\t\t<div class=\"dpt-entry has-thumbnail\" data-title=\"wie man heute schon ki-spezialisten ausbilden kann \u2013 chancen f\u00fcr unternehmen und azubis\" data-id=\"3120\"  data-category=\"allgemein b\u00fccher ki-systeme tipps &amp; anleitungen\" data-post_tag=\"buch datenbanken datenlogik denkmodelle k\u00fcnstliche intelligenz llm sprachmodell\">\n\t\t\t\t\t\t\t<div class=\"dpt-entry-wrapper\"><div class=\"dpt-featured-content\"><div class=\"dpt-permalink\"><a href=\"https:\/\/www.markus-schall.de\/pt\/2025\/10\/como-formar-especialistas-em-ki-atualmente-oportunidades-para-empresas-e-formandos\/\" class=\"dpt-permalink\"><span class=\"screen-reader-text\">Como os especialistas em IA podem ser formados atualmente - oportunidades para empresas e formandos<\/span><\/a><\/div><div class=\"dpt-thumbnail\"><div class=\"dpt-thumbnail-inner\"><img width=\"1024\" height=\"683\" class=\"attachment-full size-full\" alt=\"Formar um especialista em IA\" context=\"dpt\" data-dpt-src=\"https:\/\/www.markus-schall.de\/wp-content\/uploads\/ki-spezialist-ausbildung.jpg\" data-dpt-sizes=\"(max-width: 1024px) 100vw, 1024px\" data-dpt-srcset=\"https:\/\/www.markus-schall.de\/wp-content\/uploads\/ki-spezialist-ausbildung.jpg 1024w, https:\/\/www.markus-schall.de\/wp-content\/uploads\/ki-spezialist-ausbildung-300x200.jpg 300w, https:\/\/www.markus-schall.de\/wp-content\/uploads\/ki-spezialist-ausbildung-768x512.jpg 768w, https:\/\/www.markus-schall.de\/wp-content\/uploads\/ki-spezialist-ausbildung-18x12.jpg 18w\" \/><\/div><span class=\"dpt-thumbnail-aspect-ratio\" style=\"padding-top: 75%\"><\/span><\/div><\/div><div class=\"sub-entry\"><h3 class=\"dpt-title\"><a class=\"dpt-title-link\" href=\"https:\/\/www.markus-schall.de\/pt\/2025\/10\/como-formar-especialistas-em-ki-atualmente-oportunidades-para-empresas-e-formandos\/\" rel=\"bookmark\">Como os especialistas em IA podem ser formados atualmente - oportunidades para empresas e formandos<\/a><\/h3><\/div><\/div>\n\t\t\t\t\t\t<\/div><!-- .dpt-entry -->\n\t\t\t\t\t\t\t\t\t\t\t\t<div class=\"dpt-entry has-thumbnail\" data-title=\"cloud-ki als oberlehrer: warum die zukunft des arbeitens bei lokaler ki liegt\" data-id=\"3887\"  data-category=\"apple macos hardware ki-systeme\" data-post_tag=\"datenschutz digitales eigentum k\u00fcnstliche intelligenz llama llm meinungsfreiheit mistral mlx neo4j ollama sprachmodell\">\n\t\t\t\t\t\t\t<div class=\"dpt-entry-wrapper\"><div class=\"dpt-featured-content\"><div class=\"dpt-permalink\"><a href=\"https:\/\/www.markus-schall.de\/pt\/2025\/12\/o-ki-na-nuvem-como-professor-de-topo-porque-e-que-o-futuro-do-trabalho-esta-no-ki-local\/\" class=\"dpt-permalink\"><span class=\"screen-reader-text\">A IA na nuvem como diretora: porque \u00e9 que o futuro do trabalho est\u00e1 na IA local<\/span><\/a><\/div><div class=\"dpt-thumbnail\"><div class=\"dpt-thumbnail-inner\"><img width=\"1024\" height=\"683\" class=\"attachment-full size-full\" alt=\"A IA na nuvem torna-se o diretor da escola\" context=\"dpt\" data-dpt-src=\"https:\/\/www.markus-schall.de\/wp-content\/uploads\/cloud-ki-oberlehrer.jpg\" data-dpt-sizes=\"(max-width: 1024px) 100vw, 1024px\" data-dpt-srcset=\"https:\/\/www.markus-schall.de\/wp-content\/uploads\/cloud-ki-oberlehrer.jpg 1024w, https:\/\/www.markus-schall.de\/wp-content\/uploads\/cloud-ki-oberlehrer-300x200.jpg 300w, https:\/\/www.markus-schall.de\/wp-content\/uploads\/cloud-ki-oberlehrer-768x512.jpg 768w, https:\/\/www.markus-schall.de\/wp-content\/uploads\/cloud-ki-oberlehrer-18x12.jpg 18w\" \/><\/div><span class=\"dpt-thumbnail-aspect-ratio\" style=\"padding-top: 75%\"><\/span><\/div><\/div><div class=\"sub-entry\"><h3 class=\"dpt-title\"><a class=\"dpt-title-link\" href=\"https:\/\/www.markus-schall.de\/pt\/2025\/12\/o-ki-na-nuvem-como-professor-de-topo-porque-e-que-o-futuro-do-trabalho-esta-no-ki-local\/\" rel=\"bookmark\">A IA na nuvem como diretora: porque \u00e9 que o futuro do trabalho est\u00e1 na IA local<\/a><\/h3><\/div><\/div>\n\t\t\t\t\t\t<\/div><!-- .dpt-entry -->\n\t\t\t\t\t\t\t\t\t\t\t\t<div class=\"dpt-entry has-thumbnail\" data-title=\"lokale ki auf dem mac: so installieren sie ein sprachmodell mit ollama\" data-id=\"2442\"  data-category=\"ki-systeme tipps &amp; anleitungen\" data-post_tag=\"datenschutz k\u00fcnstliche intelligenz llama llm mac mistral ollama sprachmodell\">\n\t\t\t\t\t\t\t<div class=\"dpt-entry-wrapper\"><div class=\"dpt-featured-content\"><div class=\"dpt-permalink\"><a href=\"https:\/\/www.markus-schall.de\/pt\/2025\/08\/local-ki-no-mac-como-este-1tp12para-criar-um-modelo-de-linguagem-com-ollama\/\" class=\"dpt-permalink\"><span class=\"screen-reader-text\">IA local no Mac: Como installerceirizar um modelo de linguagem com o Ollama<\/span><\/a><\/div><div class=\"dpt-thumbnail\"><div class=\"dpt-thumbnail-inner\"><img width=\"1024\" height=\"683\" class=\"attachment-full size-full\" alt=\"Local AI installieren com Ollama no Mac\" context=\"dpt\" data-dpt-src=\"https:\/\/www.markus-schall.de\/wp-content\/uploads\/Lokale-KI-auf-Apple-Mac.jpg\" data-dpt-sizes=\"(max-width: 1024px) 100vw, 1024px\" data-dpt-srcset=\"https:\/\/www.markus-schall.de\/wp-content\/uploads\/Lokale-KI-auf-Apple-Mac.jpg 1024w, https:\/\/www.markus-schall.de\/wp-content\/uploads\/Lokale-KI-auf-Apple-Mac-300x200.jpg 300w, https:\/\/www.markus-schall.de\/wp-content\/uploads\/Lokale-KI-auf-Apple-Mac-768x512.jpg 768w, https:\/\/www.markus-schall.de\/wp-content\/uploads\/Lokale-KI-auf-Apple-Mac-18x12.jpg 18w\" \/><\/div><span class=\"dpt-thumbnail-aspect-ratio\" style=\"padding-top: 75%\"><\/span><\/div><\/div><div class=\"sub-entry\"><h3 class=\"dpt-title\"><a class=\"dpt-title-link\" href=\"https:\/\/www.markus-schall.de\/pt\/2025\/08\/local-ki-no-mac-como-este-1tp12para-criar-um-modelo-de-linguagem-com-ollama\/\" rel=\"bookmark\">IA local no Mac: Como installerceirizar um modelo de linguagem com o Ollama<\/a><\/h3><\/div><\/div>\n\t\t\t\t\t\t<\/div><!-- .dpt-entry -->\n\t\t\t\t\t\t\t\t\t\t\t\t<div class=\"dpt-entry has-thumbnail\" data-title=\"mit ki dialogisch denken lernen: warum gute fragen wichtiger sind als gute modelle\" data-id=\"4700\"  data-category=\"allgemein ki-systeme tipps &amp; anleitungen\" data-post_tag=\"denkmodelle k\u00fcnstliche intelligenz lernen llm prozesse ratgeber sprachmodell\">\n\t\t\t\t\t\t\t<div class=\"dpt-entry-wrapper\"><div class=\"dpt-featured-content\"><div class=\"dpt-permalink\"><a href=\"https:\/\/www.markus-schall.de\/pt\/2026\/02\/aprender-a-pensar-em-dialogo-com-ki-porque-e-que-as-boas-perguntas-sao-mais-importantes-do-que-os-bons-modelos\/\" class=\"dpt-permalink\"><span class=\"screen-reader-text\">Aprender a pensar em di\u00e1logo com a IA: porque \u00e9 que boas perguntas s\u00e3o mais importantes do que bons modelos<\/span><\/a><\/div><div class=\"dpt-thumbnail\"><div class=\"dpt-thumbnail-inner\"><img width=\"1024\" height=\"683\" class=\"attachment-full size-full\" alt=\"Aprender a pensar em di\u00e1logo com a IA\" context=\"dpt\" data-dpt-src=\"https:\/\/www.markus-schall.de\/wp-content\/uploads\/Denken-lernen-mit-KI.jpg\" data-dpt-sizes=\"(max-width: 1024px) 100vw, 1024px\" data-dpt-srcset=\"https:\/\/www.markus-schall.de\/wp-content\/uploads\/Denken-lernen-mit-KI.jpg 1024w, https:\/\/www.markus-schall.de\/wp-content\/uploads\/Denken-lernen-mit-KI-300x200.jpg 300w, https:\/\/www.markus-schall.de\/wp-content\/uploads\/Denken-lernen-mit-KI-768x512.jpg 768w, https:\/\/www.markus-schall.de\/wp-content\/uploads\/Denken-lernen-mit-KI-18x12.jpg 18w\" \/><\/div><span class=\"dpt-thumbnail-aspect-ratio\" style=\"padding-top: 75%\"><\/span><\/div><\/div><div class=\"sub-entry\"><h3 class=\"dpt-title\"><a class=\"dpt-title-link\" href=\"https:\/\/www.markus-schall.de\/pt\/2026\/02\/aprender-a-pensar-em-dialogo-com-ki-porque-e-que-as-boas-perguntas-sao-mais-importantes-do-que-os-bons-modelos\/\" rel=\"bookmark\">Aprender a pensar em di\u00e1logo com a IA: porque \u00e9 que boas perguntas s\u00e3o mais importantes do que bons modelos<\/a><\/h3><\/div><\/div>\n\t\t\t\t\t\t<\/div><!-- .dpt-entry -->\n\t\t\t\t\t\t\n\t\t\t\t<\/div>\n\t\t\t\t\t\t<\/div>\n\t\t\t\n<hr \/>","protected":false},"excerpt":{"rendered":"<p>Wenn Du Dich heute im digitalen Raum bewegst, entsteht sehr schnell ein bestimmter Eindruck: Wer sichtbar ist, ist erfolgreich. Wer Reichweite hat, hat Einfluss. Und wer viele Inhalte produziert, baut sich automatisch etwas auf. Diese Gleichung wirkt auf den ersten Blick plausibel \u2013 sie ist aber tr\u00fcgerisch. Denn Sichtbarkeit ist kein Besitz. Reichweite ist kein &#8230; <a title=\"Aprender a pensar em di\u00e1logo com a IA: porque \u00e9 que boas perguntas s\u00e3o mais importantes do que bons modelos\" class=\"read-more\" href=\"https:\/\/www.markus-schall.de\/pt\/2026\/02\/aprender-a-pensar-em-dialogo-com-ki-porque-e-que-as-boas-perguntas-sao-mais-importantes-do-que-os-bons-modelos\/\" aria-label=\"Leia mais sobre Aprender a pensar em di\u00e1logo com a IA: porque \u00e9 que boas perguntas s\u00e3o mais importantes do que bons modelos\">Ler mais<\/a><\/p>","protected":false},"author":1,"featured_media":5904,"comment_status":"open","ping_status":"open","sticky":false,"template":"","format":"standard","meta":{"iawp_total_views":7,"footnotes":""},"categories":[1,424,466,4],"tags":[425,444,473,458,471,442,460,448],"class_list":["post-5899","post","type-post","status-publish","format-standard","has-post-thumbnail","hentry","category-allgemein","category-buecher","category-gesellschaft","category-tipps-anleitungen","tag-buch","tag-denkmodelle","tag-digitales-eigentum","tag-erfahrungen","tag-kuenstliche-intelligenz","tag-prozesse","tag-publishing","tag-ratgeber"],"_links":{"self":[{"href":"https:\/\/www.markus-schall.de\/pt\/wp-json\/wp\/v2\/posts\/5899","targetHints":{"allow":["GET"]}}],"collection":[{"href":"https:\/\/www.markus-schall.de\/pt\/wp-json\/wp\/v2\/posts"}],"about":[{"href":"https:\/\/www.markus-schall.de\/pt\/wp-json\/wp\/v2\/types\/post"}],"author":[{"embeddable":true,"href":"https:\/\/www.markus-schall.de\/pt\/wp-json\/wp\/v2\/users\/1"}],"replies":[{"embeddable":true,"href":"https:\/\/www.markus-schall.de\/pt\/wp-json\/wp\/v2\/comments?post=5899"}],"version-history":[{"count":14,"href":"https:\/\/www.markus-schall.de\/pt\/wp-json\/wp\/v2\/posts\/5899\/revisions"}],"predecessor-version":[{"id":5920,"href":"https:\/\/www.markus-schall.de\/pt\/wp-json\/wp\/v2\/posts\/5899\/revisions\/5920"}],"wp:featuredmedia":[{"embeddable":true,"href":"https:\/\/www.markus-schall.de\/pt\/wp-json\/wp\/v2\/media\/5904"}],"wp:attachment":[{"href":"https:\/\/www.markus-schall.de\/pt\/wp-json\/wp\/v2\/media?parent=5899"}],"wp:term":[{"taxonomy":"category","embeddable":true,"href":"https:\/\/www.markus-schall.de\/pt\/wp-json\/wp\/v2\/categories?post=5899"},{"taxonomy":"post_tag","embeddable":true,"href":"https:\/\/www.markus-schall.de\/pt\/wp-json\/wp\/v2\/tags?post=5899"}],"curies":[{"name":"wp","href":"https:\/\/api.w.org\/{rel}","templated":true}]}}