{"id":477,"count":11,"description":"Sob o t\u00edtulo de retratos, s\u00e3o aqui reunidas abordagens pessoais e calmas de pessoas que deixaram a sua marca atrav\u00e9s dos seus pensamentos, ac\u00e7\u00f5es ou trabalho. A aten\u00e7\u00e3o centra-se menos nas datas da vida ou nos sucessos externos e mais na atitude que se desenvolveu ao longo de uma vida. Estes retratos perguntam como \u00e9 que algu\u00e9m se tornou quem \u00e9 - e porque \u00e9 que tem um impacto nos outros. Evitam deliberadamente julgamentos r\u00e1pidos e r\u00f3tulos sonantes. Em vez disso, concentram-se nas impress\u00f5es, rupturas, decis\u00f5es e nuances. Neste sentido, um retrato n\u00e3o \u00e9 uma adora\u00e7\u00e3o de um her\u00f3i ou um formato de fatura\u00e7\u00e3o, mas uma observa\u00e7\u00e3o precisa: respeitosa, categorizante e aberta a contradi\u00e7\u00f5es. Isto resulta em textos que n\u00e3o s\u00f3 informam, mas tamb\u00e9m inspiram a reflex\u00e3o - sobre as pessoas, sobre o curso do tempo e sobre a nossa pr\u00f3pria atitude.","link":"https:\/\/www.markus-schall.de\/pt\/dia\/retrato\/","name":"Retrato","slug":"retrato","taxonomy":"post_tag","meta":[],"_links":{"self":[{"href":"https:\/\/www.markus-schall.de\/pt\/wp-json\/wp\/v2\/tags\/477","targetHints":{"allow":["GET"]}}],"collection":[{"href":"https:\/\/www.markus-schall.de\/pt\/wp-json\/wp\/v2\/tags"}],"about":[{"href":"https:\/\/www.markus-schall.de\/pt\/wp-json\/wp\/v2\/taxonomies\/post_tag"}],"wp:post_type":[{"href":"https:\/\/www.markus-schall.de\/pt\/wp-json\/wp\/v2\/posts?tags=477"}],"curies":[{"name":"wp","href":"https:\/\/api.w.org\/{rel}","templated":true}]}}