{"id":466,"count":68,"description":"Bu b\u00f6l\u00fcm \u015funlar\u0131 i\u00e7erir <strong>toplumsal geli\u0307\u015fmeler, g\u00f6zlemler ve geri\u0307li\u0307mler<\/strong> Odak noktas\u0131, bir arada ya\u015famam\u0131z\u0131, de\u011ferlerimizi ve k\u00fclt\u00fcrel y\u00f6nelimimizi etkileyen konulard\u0131r. Bu makalelerden baz\u0131lar\u0131 g\u00fcncel tart\u0131\u015fmalar\u0131 ele al\u0131rken, di\u011ferleri k\u00f6kl\u00fc yap\u0131lar\u0131 inceliyor veya tarihsel ba\u011flamlara bak\u0131yor. Bu genellikle h\u0131zl\u0131 yarg\u0131lara varmakla de\u011fil, durup daha yak\u0131ndan bakmakla ve \u015fu soruyu sormakla ilgilidir: toplum olarak ger\u00e7ekten nereye gitmek istiyoruz?\r\n\r\nBurada okuyanlar g\u00fcr\u00fclt\u00fcl\u00fc bir fikir tiyatrosu de\u011fil, sakin analizler, net kelimeler ve genellikle sat\u0131r aralar\u0131nda yatan \u015feyleri g\u00f6ren bir g\u00f6z bulacaklar. \u00d6zellikle kutupla\u015fman\u0131n artt\u0131\u011f\u0131 bir d\u00f6nemde, toplumsal meselelere farkl\u0131 bir bak\u0131\u015f a\u00e7\u0131s\u0131, kendi bak\u0131\u015f a\u00e7\u0131n\u0131z\u0131 daha bilin\u00e7li bir \u015fekilde se\u00e7menize ve gerekirse sorgulaman\u0131za yard\u0131mc\u0131 olabilir.","link":"https:\/\/www.markus-schall.de\/tr\/kategori\/toplum\/","name":"Toplum","slug":"toplum","taxonomy":"category","parent":0,"meta":[],"_links":{"self":[{"href":"https:\/\/www.markus-schall.de\/tr\/wp-json\/wp\/v2\/categories\/466","targetHints":{"allow":["GET"]}}],"collection":[{"href":"https:\/\/www.markus-schall.de\/tr\/wp-json\/wp\/v2\/categories"}],"about":[{"href":"https:\/\/www.markus-schall.de\/tr\/wp-json\/wp\/v2\/taxonomies\/category"}],"wp:post_type":[{"href":"https:\/\/www.markus-schall.de\/tr\/wp-json\/wp\/v2\/posts?categories=466"}],"curies":[{"name":"wp","href":"https:\/\/api.w.org\/{rel}","templated":true}]}}