{"id":2997,"date":"2025-10-03T14:36:35","date_gmt":"2025-10-03T14:36:35","guid":{"rendered":"https:\/\/www.markus-schall.de\/?p=2997"},"modified":"2026-09-04T12:26:13","modified_gmt":"2026-09-04T12:26:13","slug":"almanyadaki%cc%87-voltaj-duesuesue-ne-anlama-geli%cc%87yor-ve-ne-gi%cc%87bi%cc%87-somut-sonuclari-olacak","status":"publish","type":"post","link":"https:\/\/www.markus-schall.de\/tr\/2025\/10\/was-bedeutet-der-spannungsfall-in-deutschland-und-welche-folgen-haette-er-konkret\/","title":{"rendered":"Almanya'daki voltaj d\u00fc\u015f\u00fc\u015f\u00fc ne anlama geliyor ve bunun spesifik sonu\u00e7lar\u0131 neler olabilir?"},"content":{"rendered":"<p>In Zeiten zunehmender internationaler Spannungen taucht in politischen Debatten immer wieder ein Begriff auf, den viele B\u00fcrger kaum einzuordnen wissen: der <em>\u201eSpannungsfall\u201c<\/em>. Doch was bedeutet es konkret, wenn dieser Fall in Deutschland festgestellt wird? Und worin unterscheidet sich der Spannungsfall vom bekannteren Verteidigungsfall, der zumeist mit einem tats\u00e4chlichen Kriegsgeschehen assoziiert wird? Um die m\u00f6glichen Folgen richtig einsch\u00e4tzen zu k\u00f6nnen, lohnt sich ein n\u00fcchterner Blick auf die verfassungsrechtliche Lage.<!--more--><\/p>\n<hr \/>\n\n\t\t\t<div class=\"display-post-types\">\n\n\t\t\t\t\t\t\t<style type=\"text\/css\">\n\t\t\t#dpt-wrapper-154 { --dpt-text-align: left;--dpt-image-crop: center;--dpt-border-radius: 5px;--dpt-h-gutter: 10px;--dpt-v-gutter: 9px; }\t\t\t<\/style>\n\t\t\t<style type=\"text\/css\">#dpt-wrapper-154 { --dpt-title-font-style:normal;--dpt-title-font-weight:600;--dpt-title-line-height:1.5;--dpt-title-text-decoration:none;--dpt-title-text-transform:none;--dpt-excerpt-font-style:normal;--dpt-excerpt-font-weight:400;--dpt-excerpt-line-height:1.5;--dpt-excerpt-text-decoration:none;--dpt-excerpt-text-transform:none;--dpt-meta1-font-style:normal;--dpt-meta1-font-weight:400;--dpt-meta1-line-height:1.9;--dpt-meta1-text-decoration:none;--dpt-meta1-text-transform:none;--dpt-meta2-font-style:normal;--dpt-meta2-font-weight:400;--dpt-meta2-line-height:1.9;--dpt-meta2-text-decoration:none;--dpt-meta2-text-transform:none; }<\/style><div class=\" dpt-main-header\">\n\t\t\t\t\t\t<div class=\"dpt-main-title\">\n\t\t\t\t\t\t\t<span class=\"dpt-main-title-text\">Gesellschaftsthemen der Gegenwart<\/span>\n\t\t\t\t\t\t<\/div>\n\t\t\t\t\t\t\n\t\t\t\t\t\t\n\t\t\t\t\t\t\n\t\t\t\t\t\t<\/div>\t\t\t\n\t\t\t\t<div id=\"dpt-wrapper-154\" class=\"dpt-wrapper dpt-mag1 land1 dpt-cropped dpt-flex-wrap\" >\n\n\t\t\t\t\t\t\t\t\t\t\t<div class=\"dpt-entry has-thumbnail\" data-title=\"wie ich in vier monaten f\u00fcnf b\u00fccher in zwei sprachen geschrieben habe\" data-id=\"2775\"  data-category=\"allgemein b\u00fccher gesellschaft tipps &amp; anleitungen\" data-post_tag=\"buch digitales eigentum lernen prozesse publishing verlag\">\n\t\t\t\t\t\t\t<div class=\"dpt-entry-wrapper\"><div class=\" dpt-featured-content\"><div class=\" dpt-permalink\"><a href=\"https:\/\/www.markus-schall.de\/tr\/2025\/09\/wie-ich-in-vier-monaten-fuenf-buecher-in-zwei-sprachen-geschrieben-habe\/\" class=\"dpt-permalink\"><span class=\"screen-reader-text\">Wie ich in vier Monaten f\u00fcnf B\u00fccher in zwei Sprachen geschrieben habe<\/span><\/a><\/div><div class=\" dpt-thumbnail\"><div class=\"dpt-thumbnail-inner\"><img width=\"1920\" height=\"1280\" class=\"attachment-full size-full\" alt=\"B\u00fccher schreiben mit Affinity und BoD\" context=\"dpt\" data-dpt-src=\"https:\/\/www.markus-schall.de\/wp-content\/uploads\/buecher-affinity-bod-selfpublishing.jpg\" data-dpt-sizes=\"(max-width: 1920px) 100vw, 1920px\" data-dpt-srcset=\"https:\/\/www.markus-schall.de\/wp-content\/uploads\/buecher-affinity-bod-selfpublishing.jpg 1920w, https:\/\/www.markus-schall.de\/wp-content\/uploads\/buecher-affinity-bod-selfpublishing-300x200.jpg 300w, https:\/\/www.markus-schall.de\/wp-content\/uploads\/buecher-affinity-bod-selfpublishing-1024x683.jpg 1024w, https:\/\/www.markus-schall.de\/wp-content\/uploads\/buecher-affinity-bod-selfpublishing-768x512.jpg 768w, https:\/\/www.markus-schall.de\/wp-content\/uploads\/buecher-affinity-bod-selfpublishing-1536x1024.jpg 1536w, https:\/\/www.markus-schall.de\/wp-content\/uploads\/buecher-affinity-bod-selfpublishing-18x12.jpg 18w\" \/><\/div><span class=\"dpt-thumbnail-aspect-ratio\" style=\"padding-top: 75%\"><\/span><\/div><\/div><div class=\" sub-entry\"><h3 class=\" dpt-title\"><a class=\"dpt-title-link\" href=\"https:\/\/www.markus-schall.de\/tr\/2025\/09\/wie-ich-in-vier-monaten-fuenf-buecher-in-zwei-sprachen-geschrieben-habe\/\" rel=\"bookmark\">Wie ich in vier Monaten f\u00fcnf B\u00fccher in zwei Sprachen geschrieben habe<\/a><\/h3><\/div><\/div>\n\t\t\t\t\t\t<\/div><!-- .dpt-entry -->\n\t\t\t\t\t\t\t\t\t\t\t\t<div class=\"dpt-entry has-thumbnail\" data-title=\"vom ende der wehrpflicht bis zu schulstreiks: die neue debatte \u00fcber bundeswehr und bildung\" data-id=\"5147\"  data-category=\"allgemein gesellschaft\" data-post_tag=\"deutschland europa geopolitik krisen meinungsfreiheit sicherheitspolitik\">\n\t\t\t\t\t\t\t<div class=\"dpt-entry-wrapper\"><div class=\" dpt-featured-content\"><div class=\" dpt-permalink\"><a href=\"https:\/\/www.markus-schall.de\/tr\/2026\/03\/vom-ende-der-wehrpflicht-bis-zu-schulstreiks-die-neue-debatte-ueber-bundeswehr-und-bildung\/\" class=\"dpt-permalink\"><span class=\"screen-reader-text\">Vom Ende der Wehrpflicht bis zu Schulstreiks: Die neue Debatte \u00fcber Bundeswehr und Bildung<\/span><\/a><\/div><div class=\" dpt-thumbnail\"><div class=\"dpt-thumbnail-inner\"><img width=\"1024\" height=\"683\" class=\"attachment-full size-full\" alt=\"Schulstreiks zu Wehrpflicht und Bundeswehr in der Schule\" context=\"dpt\" data-dpt-src=\"https:\/\/www.markus-schall.de\/wp-content\/uploads\/Wehrpflicht-Schulstreiks.jpg\" data-dpt-sizes=\"(max-width: 1024px) 100vw, 1024px\" data-dpt-srcset=\"https:\/\/www.markus-schall.de\/wp-content\/uploads\/Wehrpflicht-Schulstreiks.jpg 1024w, https:\/\/www.markus-schall.de\/wp-content\/uploads\/Wehrpflicht-Schulstreiks-300x200.jpg 300w, https:\/\/www.markus-schall.de\/wp-content\/uploads\/Wehrpflicht-Schulstreiks-768x512.jpg 768w, https:\/\/www.markus-schall.de\/wp-content\/uploads\/Wehrpflicht-Schulstreiks-18x12.jpg 18w\" \/><\/div><span class=\"dpt-thumbnail-aspect-ratio\" style=\"padding-top: 75%\"><\/span><\/div><\/div><div class=\" sub-entry\"><h3 class=\" dpt-title\"><a class=\"dpt-title-link\" href=\"https:\/\/www.markus-schall.de\/tr\/2026\/03\/vom-ende-der-wehrpflicht-bis-zu-schulstreiks-die-neue-debatte-ueber-bundeswehr-und-bildung\/\" rel=\"bookmark\">Vom Ende der Wehrpflicht bis zu Schulstreiks: Die neue Debatte \u00fcber Bundeswehr und Bildung<\/a><\/h3><\/div><\/div>\n\t\t\t\t\t\t<\/div><!-- .dpt-entry -->\n\t\t\t\t\t\t\t\t\t\t\t\t<div class=\"dpt-entry has-thumbnail\" data-title=\"warum dieter bohlen spricht, wenn andere schweigen: ein portr\u00e4t \u00fcber flei\u00df und klarheit\" data-id=\"3744\"  data-category=\"allgemein gesellschaft kunst &amp; kultur\" data-post_tag=\"auswandern deutschland erfahrungen krisen meinungsfreiheit musik portrait\">\n\t\t\t\t\t\t\t<div class=\"dpt-entry-wrapper\"><div class=\" dpt-featured-content\"><div class=\" dpt-permalink\"><a href=\"https:\/\/www.markus-schall.de\/tr\/2025\/12\/warum-dieter-bohlen-spricht-wenn-andere-schweigen-ein-portraet-ueber-fleiss-und-klarheit\/\" class=\"dpt-permalink\"><span class=\"screen-reader-text\">Warum Dieter Bohlen spricht, wenn andere schweigen: Ein Portr\u00e4t \u00fcber Flei\u00df und Klarheit<\/span><\/a><\/div><div class=\" dpt-thumbnail\"><div class=\"dpt-thumbnail-inner\"><img width=\"1024\" height=\"683\" class=\"attachment-full size-full\" alt=\"\" context=\"dpt\" data-dpt-src=\"https:\/\/www.markus-schall.de\/wp-content\/uploads\/Dieter-Bohlen-Portrait.jpg\" data-dpt-sizes=\"(max-width: 1024px) 100vw, 1024px\" data-dpt-srcset=\"https:\/\/www.markus-schall.de\/wp-content\/uploads\/Dieter-Bohlen-Portrait.jpg 1024w, https:\/\/www.markus-schall.de\/wp-content\/uploads\/Dieter-Bohlen-Portrait-300x200.jpg 300w, https:\/\/www.markus-schall.de\/wp-content\/uploads\/Dieter-Bohlen-Portrait-768x512.jpg 768w, https:\/\/www.markus-schall.de\/wp-content\/uploads\/Dieter-Bohlen-Portrait-18x12.jpg 18w\" \/><\/div><span class=\"dpt-thumbnail-aspect-ratio\" style=\"padding-top: 75%\"><\/span><\/div><\/div><div class=\" sub-entry\"><h3 class=\" dpt-title\"><a class=\"dpt-title-link\" href=\"https:\/\/www.markus-schall.de\/tr\/2025\/12\/warum-dieter-bohlen-spricht-wenn-andere-schweigen-ein-portraet-ueber-fleiss-und-klarheit\/\" rel=\"bookmark\">Warum Dieter Bohlen spricht, wenn andere schweigen: Ein Portr\u00e4t \u00fcber Flei\u00df und Klarheit<\/a><\/h3><\/div><\/div>\n\t\t\t\t\t\t<\/div><!-- .dpt-entry -->\n\t\t\t\t\t\t\t\t\t\t\t\t<div class=\"dpt-entry has-thumbnail\" data-title=\"helge schneider: haltung, humor und die freiheit, sich nicht erkl\u00e4ren zu m\u00fcssen\" data-id=\"4756\"  data-category=\"allgemein gesellschaft kunst &amp; kultur\" data-post_tag=\"deutschland erfahrungen meinungsfreiheit musik portrait\">\n\t\t\t\t\t\t\t<div class=\"dpt-entry-wrapper\"><div class=\" dpt-featured-content\"><div class=\" dpt-permalink\"><a href=\"https:\/\/www.markus-schall.de\/tr\/2026\/02\/helge-schneider-haltung-humor-und-die-freiheit-sich-nicht-erklaeren-zu-muessen\/\" class=\"dpt-permalink\"><span class=\"screen-reader-text\">Helge Schneider: Haltung, Humor und die Freiheit, sich nicht erkl\u00e4ren zu m\u00fcssen<\/span><\/a><\/div><div class=\" dpt-thumbnail\"><div class=\"dpt-thumbnail-inner\"><img width=\"1024\" height=\"683\" class=\"attachment-full size-full\" alt=\"Helge Schneider Portrait\" context=\"dpt\" data-dpt-src=\"https:\/\/www.markus-schall.de\/wp-content\/uploads\/Helge-Schneider.jpg\" data-dpt-sizes=\"(max-width: 1024px) 100vw, 1024px\" data-dpt-srcset=\"https:\/\/www.markus-schall.de\/wp-content\/uploads\/Helge-Schneider.jpg 1024w, https:\/\/www.markus-schall.de\/wp-content\/uploads\/Helge-Schneider-300x200.jpg 300w, https:\/\/www.markus-schall.de\/wp-content\/uploads\/Helge-Schneider-768x512.jpg 768w, https:\/\/www.markus-schall.de\/wp-content\/uploads\/Helge-Schneider-18x12.jpg 18w\" \/><\/div><span class=\"dpt-thumbnail-aspect-ratio\" style=\"padding-top: 75%\"><\/span><\/div><\/div><div class=\" sub-entry\"><h3 class=\" dpt-title\"><a class=\"dpt-title-link\" href=\"https:\/\/www.markus-schall.de\/tr\/2026\/02\/helge-schneider-haltung-humor-und-die-freiheit-sich-nicht-erklaeren-zu-muessen\/\" rel=\"bookmark\">Helge Schneider: Haltung, Humor und die Freiheit, sich nicht erkl\u00e4ren zu m\u00fcssen<\/a><\/h3><\/div><\/div>\n\t\t\t\t\t\t<\/div><!-- .dpt-entry -->\n\t\t\t\t\t\t\n\t\t\t\t<\/div>\n\t\t\t\t\t\t<\/div>\n\t\t\t\n<hr \/>\n<h2>Aktuelle Nachrichten zum Spannungsfall in Deutschland<\/h2>\n<p><strong>01.09.2026<\/strong>: Die Bundesregierung hat nach dem versuchten Drohnenanschlag am Flughafen Leipzig die Bedrohung durch russische Hybridoperationen deutlich sch\u00e4rfer beschrieben. Innen- und Au\u00dfenminister sprechen von einer \u201ehohen Gef\u00e4hrdungslage\u201c und davon, dass Deutschland zwar nicht im Krieg sei, aber t\u00e4glich Ziel hybrider Kriegsf\u00fchrung werde. Genannt werden Sabotage, Spionage, Desinformation und die Vorbereitung von Anschl\u00e4gen; zugleich sollen Drohnenabwehr, Nachrichtendienste und weitere Sicherheitsstrukturen ausgebaut werden. N\u00e4here Details oder Belege wurden dabei nicht \u00f6ffentlich genannt.<\/p>\n<div class=\"lyte-wrapper\" style=\"width:640px;max-width:100%;margin:5px;\"><div class=\"lyMe\" id=\"WYL_xr79ukxiwlI\"><div id=\"lyte_xr79ukxiwlI\" data-src=\"https:\/\/www.markus-schall.de\/wp-content\/plugins\/wp-youtube-lyte\/lyteCache.php?origThumbUrl=%2F%2Fi.ytimg.com%2Fvi%2Fxr79ukxiwlI%2Fhqdefault.jpg\" class=\"pL\"><div class=\"tC\"><div class=\"tT\"><\/div><\/div><div class=\"play\"><\/div><div class=\"ctrl\"><div class=\"Lctrl\"><\/div><div class=\"Rctrl\"><\/div><\/div><\/div><noscript><a href=\"https:\/\/youtu.be\/xr79ukxiwlI\" rel=\"nofollow noopener\" target=\"_blank\"><img loading=\"lazy\" decoding=\"async\" src=\"https:\/\/www.markus-schall.de\/wp-content\/plugins\/wp-youtube-lyte\/lyteCache.php?origThumbUrl=https%3A%2F%2Fi.ytimg.com%2Fvi%2Fxr79ukxiwlI%2F0.jpg\" alt=\"YouTube video thumbnail\" width=\"640\" height=\"340\" \/><br \/>Watch this video on YouTube<\/a><\/noscript><\/div><\/div><div class=\"lL\" style=\"max-width:100%;width:640px;margin:5px;\"><\/div><br \/>\nRegierung schlie\u00dft russisches Generalkonsulat in Bonn nach Drohnenangriff von Leipzig | <a href=\"https:\/\/www.youtube.com\/@zeit\" target=\"_blank\" rel=\"noopener\">DIE ZEIT<\/a><\/p>\n<p>Als Reaktion auf Leipzig k\u00fcndigte die Bundesregierung unter anderem die Schlie\u00dfung des russischen Generalkonsulats in Bonn, strengere Einreisekontrollen und zus\u00e4tzlichen Druck auf die russische Schattenflotte an. F\u00fcr die Debatte um den Spannungsfall ist bemerkenswert, wie deutlich die Regierung eine Lage zwischen Frieden und klassischem Krieg beschreibt. Von einer Feststellung des Spannungsfalls ist in der Pressekonferenz allerdings keine Rede. Die Aussagen zeigen vielmehr, wie politische und sicherheitsrechtliche Vorbereitungen auf hybride Bedrohungen zunehmend ausgeweitet werden und sich die Schwelle zwischen innerer Sicherheit, Verteidigung und Krisenvorsorge verschiebt. Damit gewinnt auch die Frage nach den rechtlichen Krisenmechanismen weiter an Bedeutung.<\/p>\n<p>Nach den Vorw\u00fcrfen von Dobrindt und Wadephul <a href=\"https:\/\/www.markus-schall.de\/2026\/02\/russland-nato-und-die-angst-vor-dem-krieg-was-sich-belegen-laesst-und-was-nicht\/\">meldete sich Wladimir Putin selbst zu Wort<\/a> (Video der Pressekonferenz im Newsbereich). Der russische Pr\u00e4sident bestritt eine Beteiligung Russlands am Drohnenvorfall in Leipzig und warf der Bundesregierung vor, au\u00dfenpolitische Feindbilder zur Ablenkung von innenpolitischen Problemen zu nutzen.<\/p>\n<p>Bemerkenswert ist in diesem Zusammenhang auch das Datum: Am <strong>1. September 1939<\/strong> \u00fcberfiel das nationalsozialistische Deutschland Polen \u2013 der Tag gilt als Beginn des Zweiten Weltkriegs in Europa. Der Angriff wurde damals zudem propagandistisch als Reaktion auf eine angebliche polnische Aggression dargestellt; der sogenannte \u00dcberfall auf den Sender Gleiwitz war tats\u00e4chlich von der SS inszeniert worden. Ausgerechnet am 1. September 2026, 87 Jahre sp\u00e4ter, erkl\u00e4rte die Bundesregierung nun Russland zum Verantwortlichen eines hybriden Angriffs, sprach davon, Deutschland sei <em>\u201et\u00e4gliches Ziel hybrider Kriegsf\u00fchrung\u201c<\/em>, und k\u00fcndigte diplomatische sowie sicherheitspolitische Gegenma\u00dfnahmen an. Ob das Datum bewusst gew\u00e4hlt wurde, l\u00e4sst sich nicht belegen. Historisch sensibel ist es dennoch. Selbst die russische Seite griff die Symbolik des 1. September unmittelbar auf und verband sie mit dem <a href=\"https:\/\/www.welt.de\/regionales\/sachsen\/article6a9714a9518a586e1855ff1e\/kreml-deutschland-geht-weg-der-eskalation.html\" target=\"_blank\" rel=\"noopener\"><strong>Vorwurf deutscher Eskalation<\/strong><\/a>. Gerade an einem solchen Jahrestag h\u00e4tte eine politische Kommunikation, die von Krieg, Angriff und Abschreckung handelt, besondere historische Umsicht verdient.<\/p>\n<p><strong>29.08.2026<\/strong>: Die geplante Reform des Nachrichtendienstrechts zeigt, welche praktische Bedeutung Spannungs- und Verteidigungsfall k\u00fcnftig bekommen k\u00f6nnten. Nach <a href=\"https:\/\/netzpolitik.org\/2026\/geheimdienstreform-vorbereitung-fuer-den-ausnahmezustand\/\" target=\"_blank\" rel=\"noopener\"><strong>Recherchen von netzpolitik.org<\/strong><\/a> sollen BND und Verfassungsschutz in solchen Situationen erheblich weitergehende Befugnisse erhalten. F\u00fcr den BND k\u00f6nnten Beschr\u00e4nkungen bei \u00dcberwachung, Datenverarbeitung und Inlandsbezug gelockert werden; zugleich w\u00fcrden Dokumentations- und Kontrollpflichten teilweise entfallen. Besonders bemerkenswert ist der geplante sogenannte \u201eZustimmungsfall\u201c: Bestimmte Sonderregelungen k\u00f6nnten demnach auf Vorschlag der Bundesregierung und mit Zustimmung des Parlamentarischen Kontrollgremiums aktiviert werden, ohne dass der Bundestag zuvor den Spannungsfall als Ganzes feststellen m\u00fcsste. Kritiker sehen darin eine problematische Verschiebung von Kompetenzen und warnen vor eingeschr\u00e4nkter parlamentarischer und nachtr\u00e4glicher Kontrolle.<\/p>\n<div class=\"lyte-wrapper\" style=\"width:640px;max-width:100%;margin:5px;\"><div class=\"lyMe\" id=\"WYL_4ja5Sy08X3I\"><div id=\"lyte_4ja5Sy08X3I\" data-src=\"https:\/\/www.markus-schall.de\/wp-content\/plugins\/wp-youtube-lyte\/lyteCache.php?origThumbUrl=%2F%2Fi.ytimg.com%2Fvi%2F4ja5Sy08X3I%2Fhqdefault.jpg\" class=\"pL\"><div class=\"tC\"><div class=\"tT\"><\/div><\/div><div class=\"play\"><\/div><div class=\"ctrl\"><div class=\"Lctrl\"><\/div><div class=\"Rctrl\"><\/div><\/div><\/div><noscript><a href=\"https:\/\/youtu.be\/4ja5Sy08X3I\" rel=\"nofollow noopener\" target=\"_blank\"><img loading=\"lazy\" decoding=\"async\" src=\"https:\/\/www.markus-schall.de\/wp-content\/plugins\/wp-youtube-lyte\/lyteCache.php?origThumbUrl=https%3A%2F%2Fi.ytimg.com%2Fvi%2F4ja5Sy08X3I%2F0.jpg\" alt=\"YouTube video thumbnail\" width=\"640\" height=\"340\" \/><br \/>Watch this video on YouTube<\/a><\/noscript><\/div><\/div><div class=\"lL\" style=\"max-width:100%;width:640px;margin:5px;\"><\/div><br \/>\nMehr Befugnisse f\u00fcr Verfassungsschutz und BND | <a href=\"https:\/\/www.youtube.com\/@ZDFheute\" target=\"_blank\" rel=\"nofollow noopener\">ZDFheute live<\/a><\/p>\n<p>F\u00fcr die Debatte \u00fcber den Spannungsfall ist die Reform deshalb relevant: Sie verdeutlicht, dass rechtliche Vorbereitungen f\u00fcr au\u00dfergew\u00f6hnliche Sicherheitslagen bereits unterhalb des eigentlichen Verteidigungsfalls konkrete Auswirkungen auf staatliche Befugnisse und Grundrechte haben k\u00f6nnen.<\/p>\n<p><strong>07.08.2026<\/strong>: Nach dem Fund einer <a href=\"https:\/\/www.merkur.de\/politik\/erklaert-nato-artikel-wegen-leipziger-sprengstoff-drohne-die-vorstufe-zum-buendnisfall-einfach-zr-94431299.html\" target=\"_blank\" rel=\"noopener\"><strong>mit Sprengstoff best\u00fcckten Drohne am Flughafen Leipzig\/Halle<\/strong><\/a> fordert der CDU-Au\u00dfenpolitiker Roderich Kiesewetter, Deutschland solle Konsultationen nach Artikel 4 des NATO-Vertrags ansto\u00dfen. Bundesinnenminister Alexander Dobrindt spricht von einer neuen Gefahrenqualit\u00e4t und einem hybriden Anschlagsszenario. Artikel 4 erm\u00f6glicht einem NATO-Mitglied Beratungen mit den B\u00fcndnispartnern, wenn es seine territoriale Unversehrtheit, politische Unabh\u00e4ngigkeit oder Sicherheit bedroht sieht. Anders als Artikel 5 l\u00f6st er keinen B\u00fcndnisfall aus, kann aber gemeinsame politische oder milit\u00e4rische Ma\u00dfnahmen vorbereiten.<\/p>\n<p>Deutschland hat Artikel 4 bislang noch nie aktiviert. Kiesewetter vermutet hinter dem Leipziger Vorfall einen von Russland gesteuerten hybriden Angriff; bewiesen ist diese Zuschreibung bislang nicht. Bemerkenswert im Zusammenhang mit der deutschen Sicherheitsdebatte: Kiesewetter hatte bereits zuvor die Feststellung des Spannungsfalls gefordert. Dieser ist vom NATO-Verfahren rechtlich zu unterscheiden und im deutschen Grundgesetz als Vorstufe zum Verteidigungsfall vorgesehen.<\/p>\n<p><strong>14.07.2026<\/strong>: Das Zentralinstitut f\u00fcr die kassen\u00e4rztliche Versorgung (Zi) schickt derzeit bundesweit Frageb\u00f6gen an Arztpraxen, die erschreckend konkret auf Krisen- und Kriegszenarien abzielen. Gefragt wird unter anderem, wie lange eine Praxis bei einw\u00f6chigem Strom- und Telekommunikationsausfall noch arbeiten k\u00f6nnte, welche Notstrom- und Kommunikationsl\u00f6sungen vorhanden sind, ob ein Notfallplan f\u00fcr W\u00e4rmeausfall existiert und wie viele Patienten im \u201eMassenanfall von Verletzten\u201c noch versorgt werden k\u00f6nnten. Sogar die Verlegung der gesamten Praxis an einen anderen Ort wird thematisiert.<\/p>\n<div class=\"lyte-wrapper\" style=\"width:640px;max-width:100%;margin:5px;\"><div class=\"lyMe\" id=\"WYL_4f6CL160bl4\"><div id=\"lyte_4f6CL160bl4\" data-src=\"https:\/\/www.markus-schall.de\/wp-content\/plugins\/wp-youtube-lyte\/lyteCache.php?origThumbUrl=%2F%2Fi.ytimg.com%2Fvi%2F4f6CL160bl4%2Fhqdefault.jpg\" class=\"pL\"><div class=\"tC\"><div class=\"tT\"><\/div><\/div><div class=\"play\"><\/div><div class=\"ctrl\"><div class=\"Lctrl\"><\/div><div class=\"Rctrl\"><\/div><\/div><\/div><noscript><a href=\"https:\/\/youtu.be\/4f6CL160bl4\" rel=\"nofollow noopener\" target=\"_blank\"><img loading=\"lazy\" decoding=\"async\" src=\"https:\/\/www.markus-schall.de\/wp-content\/plugins\/wp-youtube-lyte\/lyteCache.php?origThumbUrl=https%3A%2F%2Fi.ytimg.com%2Fvi%2F4f6CL160bl4%2F0.jpg\" alt=\"YouTube video thumbnail\" width=\"640\" height=\"340\" \/><br \/>Watch this video on YouTube<\/a><\/noscript><\/div><\/div><div class=\"lL\" style=\"max-width:100%;width:640px;margin:5px;\"><\/div><br \/>\nKriegstauglich? Arztpraxen werden auf Kriegstauglichkeit untersucht! |\u00a0<a href=\"https:\/\/www.youtube.com\/@willvance\" target=\"_blank\" rel=\"nofollow noopener\">Will Vance<\/a><\/p>\n<p>Der Arzt im Video zeigt sich fassungslos: Viele Fragen deuten auf Szenarien hin, die weit \u00fcber normale Katastrophenf\u00e4lle hinausgehen \u2013 von Stromausf\u00e4llen \u00fcber chemisch-biologische Bedrohungen bis hin zu kriegerischen Auseinandersetzungen an der NATO-Ostflanke. Besonders auff\u00e4llig: Die Praxen sollen einsch\u00e4tzen, wie viele Kapazit\u00e4ten sie f\u00fcr zus\u00e4tzliche Verletzte (z. B. Soldaten) freimachen k\u00f6nnten. F\u00fcr das Ausf\u00fcllen des Fragebogens gibt es bis zu 280 Euro. Der Beitrag wirft eine unbequeme Frage auf: Bereitet sich Deutschland tats\u00e4chlich auf einen gr\u00f6\u00dferen Konflikt vor \u2013 oder ist das nur \u201eVorsorge\u201c? Ein wichtiges St\u00fcck Realit\u00e4t, das man nicht ignorieren sollte.<\/p>\n<p><strong>18.05.2026<\/strong>: Die Diskussion um die umstrittene US-Software Palantir erreicht nun auch die NATO-Ebene. Der deutsche <a href=\"https:\/\/www.fr.de\/politik\/palantir-deutscher-nato-kommandeur-lobt-umstrittene-us-software-94309562.html\" target=\"_blank\" rel=\"noopener\"><strong>NATO-General Kai Rohrschneider lobte das System \u201eMaven Smart\u201c<\/strong><\/a> ausdr\u00fccklich und sprach von einer enormen Beschleunigung milit\u00e4rischer Prozesse sowie deutlich verschlankten Strukturen. Die Software analysiert Daten aus Satelliten, Sensoren und Drohnen mithilfe k\u00fcnstlicher Intelligenz und soll milit\u00e4rische Entscheidungen schneller und effizienter machen. Gleichzeitig bleibt die Debatte hochsensibel. W\u00e4hrend NATO-Strukturen Palantir zunehmend nutzen, lehnt die Bundeswehr selbst einen direkten Einsatz derzeit ab. Hintergrund sind Sorgen um Datensouver\u00e4nit\u00e4t und die Frage, ob externe US-Unternehmen Zugriff auf sensible milit\u00e4rische Daten erhalten sollten. Damit zeigt sich ein grundlegender Konflikt unserer Zeit: Einerseits w\u00e4chst der Druck zur technologischen Aufr\u00fcstung und Automatisierung milit\u00e4rischer Systeme. Andererseits entstehen neue Abh\u00e4ngigkeiten von internationalen KI- und Datenkonzernen, deren Einfluss weit \u00fcber klassische Software hinausgeht.<\/p>\n<hr \/>\n<h2>Was ist der Spannungsfall laut Grundgesetz?<\/h2>\n<p>Der Spannungsfall ist ein im Grundgesetz verankerter Ausnahmezustand, der noch vor dem eigentlichen Verteidigungsfall greift. Er wird in <a href=\"https:\/\/www.gesetze-im-internet.de\/gg\/art_80a.html\" target=\"_blank\" rel=\"noopener\"><strong>Artikel 80a GG<\/strong><\/a> geregelt und kann festgestellt werden, wenn sich eine Bedrohungslage abzeichnet, ohne dass ein bewaffneter Angriff auf Deutschland bereits stattgefunden hat.<\/p>\n<p>Die Feststellung erfolgt durch den Bundestag mit Zustimmung des Bundesrats. Die rechtliche Grundlage erlaubt es dem Staat, bestimmte Vorbereitungsma\u00dfnahmen zur Landesverteidigung zu treffen &#8211; auch dann, wenn der konkrete Kriegsfall noch nicht eingetreten ist.<\/p>\n<h3>Der Verteidigungsfall &#8211; wenn der Angriff erfolgt ist<\/h3>\n<p>Dem Spannungsfall gegen\u00fcber steht der Verteidigungsfall, der in <a href=\"https:\/\/www.gesetze-im-internet.de\/gg\/art_115a.html\" target=\"_blank\" rel=\"noopener\"><strong>Artikel 115a GG<\/strong><\/a> geregelt ist. Er tritt dann ein, wenn Deutschland mit Waffengewalt angegriffen wird oder ein solcher Angriff unmittelbar bevorsteht.<\/p>\n<p>Auch hier muss der Bundestag mit Zustimmung des Bundesrats t\u00e4tig werden, allerdings gelten im Verteidigungsfall nochmals sch\u00e4rfere Regelungen &#8211; insbesondere im Hinblick auf die Einschr\u00e4nkung von Grundrechten, den Einsatz der Bundeswehr im Inland und die Lenkung der Wirtschaft.<\/p>\n<h3>Der entscheidende Unterschied: Prognose vs. akuter Angriff<\/h3>\n<p>Der wesentliche Unterschied liegt im Zeitpunkt und Charakter der Bedrohung. Beim <a href=\"https:\/\/de.wikipedia.org\/wiki\/Spannungsfall\" target=\"_blank\" rel=\"noopener\"><strong>Spannungsfall<\/strong><\/a> handelt es sich um eine vorsorgliche Ma\u00dfnahme, die es dem Staat erlaubt, sich auf eine potenzielle Gef\u00e4hrdung vorzubereiten &#8211; etwa durch Truppenverlagerungen, Wehrpflichtregelungen oder verst\u00e4rkte Sicherheitsgesetze.<\/p>\n<p>Beim <a href=\"https:\/\/de.wikipedia.org\/wiki\/Verteidigungsfall_(Deutschland)\" target=\"_blank\" rel=\"noopener\"><strong>Verteidigungsfall<\/strong><\/a> hingegen geht es um eine akute Kriegssituation, bei der bereits ein Angriff erfolgt ist oder unmittelbar bevorsteht. Beide F\u00e4lle aktivieren Sonderregelungen, doch der Spannungsfall kann deutlich fr\u00fcher und auf unbestimmte Zeit festgestellt werden &#8211; und ist daher politisch umso sensibler.<\/p>\n<h3>\u00dcberg\u00e4nge und Missbrauchsgefahr?<\/h3>\n<p>Da der Spannungsfall bereits bei einer vagen Bedrohungslage ausgerufen werden kann, besteht die Gefahr, dass seine Anwendung politisch motiviert oder strategisch \u00fcberdehnt wird. W\u00e4hrend der Verteidigungsfall einen nachpr\u00fcfbaren Angriff voraussetzt, reicht im Spannungsfall unter Umst\u00e4nden die politische Bewertung einer Sicherheitslage &#8211; was Raum f\u00fcr Interpretation und Auslegung l\u00e4sst.<\/p>\n<p>Aus rechtsstaatlicher Sicht ist daher besonders wichtig, dass die Anwendung dieser Ausnahmebestimmungen transparenter Kontrolle unterliegt &#8211; nicht zuletzt durch eine wachsame \u00d6ffentlichkeit und unabh\u00e4ngige Medien.<\/p>\n<h3>Der Spannungsfall ist kein blo\u00dfes Planspiel<\/h3>\n<p>Auch wenn der Spannungsfall auf den ersten Blick wie ein theoretisches Konstrukt wirken mag &#8211; in der Praxis schafft er ganz reale Befugnisse f\u00fcr Regierung und Milit\u00e4r, die tief in das Leben der B\u00fcrger eingreifen k\u00f6nnen. Es ist daher entscheidend, sich nicht nur mit dem Verteidigungsfall zu befassen, sondern auch diesen weniger bekannten Ausnahmezustand im Detail zu verstehen. Denn sobald der Spannungsfall ausgerufen wird, \u00e4ndert sich das Verh\u00e4ltnis zwischen Staat und B\u00fcrger grundlegend &#8211; oft schleichend, aber mit weitreichenden Folgen.<\/p>\n<h2>Welche unmittelbaren Folgen h\u00e4tte ein ausgerufener Spannungsfall?<\/h2>\n<p>Sobald der Spannungsfall durch Bundestag und Bundesrat festgestellt ist, \u00e4ndert sich die rechtliche Lage in Deutschland grundlegend. Der Schritt aktiviert eine Reihe von Sonderbefugnissen, die normalerweise dem Ausnahmezustand vorbehalten sind. Diese betreffen nicht nur den milit\u00e4rischen Bereich, sondern auch das \u00f6ffentliche Leben, die Verwaltung, die Medien und die Wirtschaft. Was genau passiert also ab dem Moment, in dem der Spannungsfall offiziell ausgerufen wird?<\/p>\n<h3>Erweiterte Gesetzgebungskompetenzen der Bundesregierung<\/h3>\n<p>Eine der zentralen Folgen ist, dass die Bundesregierung deutlich mehr Befugnisse erh\u00e4lt, <strong>Gesetze im Eiltempo durchzusetzen<\/strong>. So k\u00f6nnen Rechtsverordnungen mit Gesetzeskraft erlassen werden &#8211; also Regelungen, die sonst nur durch den Bundestag beschlossen werden d\u00fcrften. Auch Kompetenzen, die eigentlich bei den L\u00e4ndern liegen, k\u00f6nnen zentralisiert werden, etwa im Bereich Polizei, Katastrophenschutz oder Gesundheitswesen. Artikel 80a GG und weitere Vorschriften des Wehrverfassungsrechts \u00f6ffnen hier T\u00fcren, die im Normalbetrieb verschlossen sind.<\/p>\n<h3>Einberufung der Bundeswehr &#8211; auch im Inland<\/h3>\n<p>Mit dem Spannungsfall wird das Einsatzspektrum der Bundeswehr erweitert. Sie kann nicht nur zur Verteidigung, sondern auch zur Unterst\u00fctzung im Innern herangezogen werden, insbesondere bei drohenden Gefahrenlagen. In Verbindung mit <a href=\"https:\/\/www.gesetze-im-internet.de\/gg\/art_87a.html\" target=\"_blank\" rel=\"noopener\"><strong>Artikel 87a Absatz 4 GG<\/strong><\/a> kann es so zum Inlandseinsatz der Streitkr\u00e4fte kommen &#8211; etwa zur Unterst\u00fctzung von Polizei oder zum Schutz \u201ekritischer Infrastruktur\u201c. Was lange Zeit undenkbar war, kann auf diese Weise schleichend Realit\u00e4t werden &#8211; legitimiert durch den Spannungsfall, auch ohne tats\u00e4chlichen Kriegsfall.<\/p>\n<h3>Mobilmachung: Reservisten und Wehrpflichtige<\/h3>\n<p>Mit der Ausrufung des Spannungsfalls tritt die sogenannte Spannungsfallklausel in Kraft, die es erlaubt,<\/p>\n<ul>\n<li><strong>Reservisten<\/strong> einzuberufen,<\/li>\n<li><strong>Wehrpflichtige<\/strong> wieder zu erfassen,<\/li>\n<li>und <strong>zivile Ersatzdienste<\/strong> anzuordnen.<\/li>\n<\/ul>\n<p>Das bedeutet: Selbst <strong>B\u00fcrger, die seit Jahren nicht mehr wehrdienstpflichtig waren<\/strong>, k\u00f6nnten erneut in den Dienst gerufen werden. Zudem k\u00f6nnte die Wehrpflicht f\u00fcr junge M\u00e4nner &#8211; und ggf. auch Frauen \u00fcber den Zivilschutzweg &#8211; kurzfristig reaktiviert werden. Der Spannungsfall erlaubt dies bereits vor Eintritt eines Krieges, allein zur Vorbereitung.<\/p>\n<p>In einem vorherigen Artikel habe ich beschrieben, welche Rechte zur <a href=\"https:\/\/www.markus-schall.de\/2025\/09\/kriegstuechtigkeit-wehrpflicht-verweigerung-was-im-ernstfall-zu-tun-ist\/\"><strong>Verweigerung des Wehrdienstes<\/strong><\/a> zur Verf\u00fcgung stehen.<\/p>\n<h3>Einschr\u00e4nkungen der f\u00f6deralen Ordnung<\/h3>\n<p>Im Spannungsfall kann die Bundesregierung &#8211; gest\u00fctzt auf die Notstandsgesetzgebung &#8211;<\/p>\n<ul>\n<li>Weisungen an Landesregierungen erteilen,<\/li>\n<li>Beh\u00f6rden unter zentrale Leitung stellen,<\/li>\n<li>und auch Eingriffe in Justizabl\u00e4ufe vorbereiten (z.\u202fB. beschleunigte Verfahren).<\/li>\n<\/ul>\n<p>Der F\u00f6deralismus, sonst Garant f\u00fcr politische Dezentralit\u00e4t, wird im Ausnahmezustand deutlich geschw\u00e4cht &#8211; teils stillschweigend, aber effektiv.<\/p>\n<h3>Eingriffe in die Medien, Kommunikation und Informationsfreiheit<\/h3>\n<p>Eine weniger bekannte, aber folgenreiche Konsequenz betrifft den Informationsraum. Bereits im Spannungsfall kann der Staat:<\/p>\n<ul>\n<li>den <strong>Rundfunk koordinieren<\/strong> oder zentral lenken,<\/li>\n<li>Ma\u00dfnahmen gegen <strong>\u201edestruktive\u201c Berichterstattung<\/strong> treffen,<\/li>\n<li>die <strong>Telekommunikation<\/strong> \u00fcberwachen (z.\u202fB. Mobilfunk, Internet, Messenger),<\/li>\n<li>und sogar <strong>Internetdienste<\/strong> regulieren oder einschr\u00e4nken, wenn die innere Sicherheit gef\u00e4hrdet erscheint.<\/li>\n<\/ul>\n<p>Rechtlich m\u00f6glich wird dies u.\u202fa. \u00fcber das Artikel-10-Gesetz sowie erg\u00e4nzende Regelungen in Verbindung mit dem G10-Gremium und dem Sicherheitskabinett.<\/p>\n<h3>Verpflichtung zur Mitarbeit &#8211; auch in Wirtschaft und Gesellschaft<\/h3>\n<p>Unter dem Schlagwort &#8222;Gesamtverteidigung&#8220; kann der Staat Unternehmen und B\u00fcrger zur Mitwirkung verpflichten. Das betrifft etwa:<\/p>\n<ul>\n<li><strong>Produktionsumstellungen<\/strong> in Industrie und Handwerk,<\/li>\n<li><strong>Beschlagnahmung<\/strong> von Betriebsmitteln,<\/li>\n<li>oder die <strong>Verpflichtung<\/strong> zur Duldung staatlicher Eingriffe in Betriebsabl\u00e4ufe, Materialversorgung oder Logistik.<\/li>\n<\/ul>\n<p>Auch Inhaber von Immobilien oder Fahrzeugen k\u00f6nnen zum Einsatz ihres Eigentums f\u00fcr \u201estaatliche Zwecke\u201c verpflichtet werden &#8211; gegen Entsch\u00e4digung, aber unter Zwang.<\/p>\n<h3>Der Spannungsfall ist kein Symbol, sondern ein machtvolles Werkzeug<\/h3>\n<p>Ein ausgerufener Spannungsfall hat sehr konkrete, weitreichende Folgen &#8211; nicht nur f\u00fcr Milit\u00e4r und Verwaltung, sondern f\u00fcr jeden einzelnen B\u00fcrger.<br \/>\nEr erlaubt es dem Staat, Wehrpflicht, Informationskontrolle und Eigentumseingriffe wieder in den Vordergrund zu r\u00fccken &#8211; ohne dass ein Krieg stattfindet. Gerade deshalb ist die Ausrufung dieses Zustands kein symbolischer Akt, sondern ein m\u00e4chtiger Hebel zur Umgestaltung des rechtlichen und gesellschaftlichen Rahmens.<\/p>\n<div class=\"lyte-wrapper\" style=\"width:640px;max-width:100%;margin:5px;\"><div class=\"lyMe\" id=\"WYL_rssIKM4aFWc\"><div id=\"lyte_rssIKM4aFWc\" data-src=\"https:\/\/www.markus-schall.de\/wp-content\/plugins\/wp-youtube-lyte\/lyteCache.php?origThumbUrl=%2F%2Fi.ytimg.com%2Fvi%2FrssIKM4aFWc%2Fhqdefault.jpg\" class=\"pL\"><div class=\"tC\"><div class=\"tT\"><\/div><\/div><div class=\"play\"><\/div><div class=\"ctrl\"><div class=\"Lctrl\"><\/div><div class=\"Rctrl\"><\/div><\/div><\/div><noscript><a href=\"https:\/\/youtu.be\/rssIKM4aFWc\" rel=\"nofollow noopener\" target=\"_blank\"><img loading=\"lazy\" decoding=\"async\" src=\"https:\/\/www.markus-schall.de\/wp-content\/plugins\/wp-youtube-lyte\/lyteCache.php?origThumbUrl=https%3A%2F%2Fi.ytimg.com%2Fvi%2FrssIKM4aFWc%2F0.jpg\" alt=\"YouTube video thumbnail\" width=\"640\" height=\"340\" \/><br \/>Watch this video on YouTube<\/a><\/noscript><\/div><\/div><div class=\"lL\" style=\"max-width:100%;width:640px;margin:5px;\"><\/div><\/p>\n<h2>Einschr\u00e4nkung von Grundrechten &#8211; was w\u00e4re noch erlaubt, was nicht?<\/h2>\n<p>In der \u00f6ffentlichen Wahrnehmung gelten Grundrechte oft als unantastbar. Doch das ist nur die halbe Wahrheit. Bereits in der geltenden Verfassung sind Sonderregelungen f\u00fcr Ausnahmesituationen vorgesehen &#8211; darunter eben auch der Spannungsfall. Sobald dieser festgestellt wird, kann der Staat gezielt und rechtm\u00e4\u00dfig in Grundrechte eingreifen, die im Normalfall unter besonderem Schutz stehen. Welche Rechte sind betroffen &#8211; und welche nicht?<\/p>\n<h3>Der verfassungsrechtliche Hebel: Artikel 115c GG<\/h3>\n<p>Die wichtigste Rechtsgrundlage f\u00fcr Grundrechtseinschr\u00e4nkungen im Spannungs- und Verteidigungsfall ist Artikel 115c Absatz 2 GG.<br \/>\nDarin hei\u00dft es sinngem\u00e4\u00df, dass bestimmte Grundrechte \u201enach Ma\u00dfgabe eines Gesetzes\u201c eingeschr\u00e4nkt werden d\u00fcrfen, wenn der Spannungsfall festgestellt wurde. Betroffen sind vor allem folgende Grundrechte:<\/p>\n<ul>\n<li><a href=\"https:\/\/www.gesetze-im-internet.de\/gg\/art_10.html\" target=\"_blank\" rel=\"noopener\"><strong>Art. 10 GG<\/strong><\/a> &#8211; Brief-, Post- und Fernmeldegeheimnis<\/li>\n<li><a href=\"https:\/\/www.gesetze-im-internet.de\/gg\/art_11.html\" target=\"_blank\" rel=\"noopener\"><strong>Art. 11 GG<\/strong><\/a> &#8211; Freiz\u00fcgigkeit<\/li>\n<li><a href=\"https:\/\/www.gesetze-im-internet.de\/gg\/art_12.html\" target=\"_blank\" rel=\"noopener\"><strong>Art. 12 GG<\/strong><\/a> &#8211; Berufsfreiheit, Verbot der Zwangsarbeit<\/li>\n<li>teils auch <a href=\"https:\/\/www.gesetze-im-internet.de\/gg\/art_13.html\" target=\"_blank\" rel=\"noopener\"><strong>Art. 13 GG<\/strong><\/a> &#8211; Unverletzlichkeit der Wohnung<\/li>\n<li>sowie <a href=\"https:\/\/www.gesetze-im-internet.de\/gg\/art_14.html\" target=\"_blank\" rel=\"noopener\"><strong>Art. 14 GG<\/strong><\/a> &#8211; Eigentum und Erbrecht<\/li>\n<\/ul>\n<p>Diese Einschr\u00e4nkungen sind nicht pauschal, sondern an gesetzliche Vorgaben gebunden &#8211; dennoch ist der Ermessensspielraum erheblich erweitert.<br \/>\nKommunikationsfreiheit: \u00dcberwachung wird zur Regel Einer der ersten und sichtbarsten Eingriffe betrifft das Fernmeldegeheimnis (Art. 10 GG). Bereits heute k\u00f6nnen unter bestimmten Bedingungen Telefone \u00fcberwacht oder E-Mails mitgelesen werden.<\/p>\n<p>Im Spannungsfall jedoch k\u00f6nnen diese Ma\u00dfnahmen verallgemeinert und pr\u00e4ventiv durchgef\u00fchrt werden &#8211; auch ohne konkreten Tatverdacht, sondern rein zur \u201eGefahrenabwehr\u201c. Dies betrifft unter anderem:<\/p>\n<ul>\n<li>Mobilfunk- und Internetverbindungen<\/li>\n<li>Messenger-Dienste<\/li>\n<li>private Postsendungen und Pakete<\/li>\n<li>Server- und Cloud-Zug\u00e4nge<\/li>\n<\/ul>\n<p>Die Kontrolle obliegt dabei nicht mehr allein unabh\u00e4ngigen Gerichten, sondern zunehmend Sicherheitsbeh\u00f6rden und politischen Gremien.<\/p>\n<h3>Freiz\u00fcgigkeit und Bewegungsfreiheit<\/h3>\n<p>Artikel 11 GG garantiert im Grundsatz das Recht, sich frei innerhalb Deutschlands zu bewegen. Im Spannungsfall jedoch kann dieses Recht eingeschr\u00e4nkt oder aufgehoben werden. Denkbar sind:<\/p>\n<ul>\n<li><strong>Ausgangssperren<\/strong> oder Sperrzonen<\/li>\n<li>Einschr\u00e4nkungen bei der <strong>Ausreise<\/strong> ins Ausland<\/li>\n<li><strong>Meldepflichten<\/strong> oder Aufenthaltsauflagen<\/li>\n<li>Einschr\u00e4nkungen bei <strong>Wohnortwechseln<\/strong> oder Reisen<\/li>\n<\/ul>\n<p>Auch diese Ma\u00dfnahmen w\u00e4ren verfassungskonform, solange sie auf entsprechende Gesetze gest\u00fctzt werden &#8211; etwa das Gesetz \u00fcber den zivilen Bev\u00f6lkerungsschutz.<\/p>\n<h3>Eingriff in die Berufsfreiheit &#8211; inklusive Pflichtdienste<\/h3>\n<p>Das Recht auf freie Berufsaus\u00fcbung (Art. 12 GG) kann im Spannungsfall stark eingeschr\u00e4nkt werden. Denn neben milit\u00e4rischer Mobilmachung sind auch zivile Pflichtdienste vorgesehen, zum Beispiel:<\/p>\n<ul>\n<li><strong>Zwangsverpflichtungen<\/strong> im Gesundheitswesen, bei Rettungsdiensten, Feuerwehr, Infrastruktur<\/li>\n<li><strong>Verlagerung oder Stilllegung<\/strong> von Betrieben, wenn dies dem &#8222;Verteidigungsinteresse&#8220; dient<\/li>\n<li>Verpflichtung zur <strong>Arbeitsaufnahme<\/strong> in sicherheitsrelevanten Bereichen<\/li>\n<\/ul>\n<p>Sogar Zwangsarbeit, die im Grundgesetz grunds\u00e4tzlich verboten ist, kann unter bestimmten Bedingungen legitimiert werden, etwa im Rahmen des \u201eZivilschutzes\u201c.<\/p>\n<h3>Eingriffe in Wohnung und Eigentum<\/h3>\n<p>Auch das Grundrecht auf Unverletzlichkeit der Wohnung (Art. 13 GG) kann im Spannungsfall beschnitten werden:<\/p>\n<ul>\n<li>Wohnungen k\u00f6nnen zur <strong>Gefahrenabwehr oder Einquartierung<\/strong> genutzt werden<\/li>\n<li><strong>Durchsuchungen<\/strong> k\u00f6nnen erleichtert und richterliche Anordnungen umgangen werden<\/li>\n<li><strong>Abh\u00f6rma\u00dfnahmen<\/strong> im privaten Raum sind m\u00f6glich<\/li>\n<\/ul>\n<p>\u00c4hnlich sieht es beim Eigentum (Art. 14 GG) aus:<\/p>\n<ul>\n<li><strong>Enteignungen<\/strong> zur Landesverteidigung sind ausdr\u00fccklich erlaubt<\/li>\n<li>Immobilien, Fahrzeuge oder Produktionsmittel k\u00f6nnen <strong>beschlagnahmt<\/strong> werden<\/li>\n<li><strong>Entsch\u00e4digungen<\/strong> sind zwar vorgesehen, m\u00fcssen aber nicht vorab gezahlt werden<\/li>\n<\/ul>\n<p>Auch landwirtschaftliche Erzeugnisse, Lebensmittel, medizinische Vorr\u00e4te oder Maschinen k\u00f6nnten zur &#8222;Verteidigungssicherung&#8220; herangezogen werden.<\/p>\n<h3>Welche Grundrechte bleiben (theoretisch) unantastbar?<\/h3>\n<p>Trotz aller Ausnahmen bleiben gewisse Grundrechte selbst im Spannungsfall gesch\u00fctzt &#8211; zumindest auf dem Papier. Dazu z\u00e4hlen:<\/p>\n<ul>\n<li><strong>Menschenw\u00fcrde<\/strong> (Art. 1 GG) &#8211; unantastbar<\/li>\n<li><strong>Religionsfreiheit<\/strong> (Art. 4 GG)<\/li>\n<li><strong>Meinungsfreiheit<\/strong> (Art. 5 GG) &#8211; allerdings faktisch eingeschr\u00e4nkt durch Medienlenkung<\/li>\n<li><strong>Unabh\u00e4ngigkeit der Gerichte<\/strong> (Art. 92 ff. GG) &#8211; wobei Sonderregelungen greifen k\u00f6nnen<\/li>\n<\/ul>\n<p>Doch auch hier gilt: Der faktische Umgang kann sich von der Theorie unterscheiden. Gerade in Notlagen geraten selbst grundgesetzlich gesch\u00fctzte Freiheiten schnell unter Druck &#8211; meist durch \u201etempor\u00e4re Ausnahmen\u201c, die dann bleiben.<\/p>\n<h3>Der Ausnahmezustand kennt kaum klare Grenzen<\/h3>\n<p>Ein ausgerufener Spannungsfall bedeutet rechtlich gesehen die Aktivierung einer parallelen Ordnung, in der zentrale Grundrechte eingeschr\u00e4nkt oder ausgesetzt werden k\u00f6nnen &#8211; legitimiert durch die Verfassung selbst. Was viele B\u00fcrger als unantastbar wahrnehmen, wird in der Ausnahmelage zur Verhandlungssache &#8211; je nach Lage, Interpretation und politischem Willen. Daher ist es umso wichtiger, diese Entwicklungen bewusst zu verfolgen, auch wenn sie juristisch korrekt erscheinen.<\/p>\n<hr \/>\n<h3 style=\"text-align: left;\">Aktuelle Umfrage zum Spannungsfall in Deutschland<\/h3>\n<div class='bootstrap-yop yop-poll-mc'>\n\t\t\t\t\t\t\t<div class=\"basic-yop-poll-container\" style=\"background-color:#ffffff; border:0px; border-style:solid; border-color:#000000; border-radius:5px; padding:0px 5px;\" data-id=\"6\" data-temp=\"basic-pretty\" data-skin=\"square\" data-cscheme=\"blue\" data-cap=\"0\" data-access=\"guest\" data-tid=\"\" data-uid=\"a19195f7624521eb451ae53d7438d0d8\" data-pid=\"4756\" data-resdet=\"votes-number,percentages\" data-show-results-to=\"guest\" data-show-results-moment=\"after-vote\" data-show-results-only=\"false\" data-show-message=\"true\" data-show-results-as=\"bar\" data-sort-results-by=\"as-defined\" data-sort-results-rule=\"asc\"data-is-ended=\"0\" data-percentages-decimals=\"2\" data-gdpr=\"no\" data-gdpr-sol=\"consent\" data-css=\".basic-yop-poll-container[data-uid] .basic-vote {\n\t\t\t\t\t\t\t\t\ttext-align: center;\n\t\t\t\t\t\t\t\t}\" data-counter=\"0\" data-load-with=\"1\" data-notification-section=\"top\"><div class=\"row\"><div class=\"col-md-12\"><div class=\"basic-inner\"><div class=\"basic-message hide\" style=\"border-left: 10px solid #008000; padding: 0px 10px;\" data-error=\"#ff0000\" data-success=\"#008000\"><p class=\"basic-message-text\" style=\"color:#000000; font-size:14px; font-weight:normal;\"><\/p><\/div><div class=\"basic-overlay hide\"><div class=\"basic-vote-options\"><\/div><div class=\"basic-preloader\"><div class=\"basic-windows8\"><div class=\"basic-wBall basic-wBall_1\"><div class=\"basic-wInnerBall\"><\/div><\/div><div class=\"basic-wBall basic-wBall_2\"><div class=\"basic-wInnerBall\"><\/div><\/div><div class=\"basic-wBall basic-wBall_3\"><div class=\"basic-wInnerBall\"><\/div><\/div><div class=\"basic-wBall basic-wBall_4\"><div class=\"basic-wInnerBall\"><\/div><\/div><div class=\"basic-wBall basic-wBall_5\"><div class=\"basic-wInnerBall\"><\/div><\/div><\/div><\/div><\/div><form class=\"basic-form\"><input type=\"hidden\" name=\"_token\" value=\"d7a024873e\" autocomplete=\"off\"><div class=\"basic-elements\"><div class=\"basic-element basic-question basic-question-text-vertical\" data-id=\"6\" data-uid=\"0962bc9de8559463206bb15b8f04dad7\" data-type=\"question\" data-question-type=\"text\" data-required=\"yes\" data-allow-multiple=\"no\" data-min=\"1\" data-max=\"7\" data-display=\"vertical\" data-colnum=\"\" data-display-others=\"no\" data-others-color=\"\" data-others=\"\" data-others-max-chars=\"0\"><div class=\"basic-question-title\"><h5 style=\"color:#000000; font-size:16px; font-weight:normal; text-align:left;\">Wie gut f\u00fchlst Du Dich pers\u00f6nlich auf einen m\u00f6glichen Spannungsfall (z.\u202fB. Krisen- oder Kriegszustand) vorbereitet?<\/h5><\/div><ul class=\"basic-answers\"><li class=\"basic-answer\" style=\"padding:0px 0px;\" data-id=\"24\" data-type=\"text\" data-vn=\"27\" data-color=\"#000000\" data-make-link=\"no\" data-link=\"\"><div class=\"basic-answer-content basic-text-vertical\"><label for=\"answer[24]\" class=\"basic-answer-label\"><input type=\"radio\" id=\"answer[24]\" name=\"answer[6]\" value=\"24\"><span class=\"basic-text\" style=\"color: #000000; font-size: 14px; font-weight: normal;\">Sehr gut \u2013 ich habe Vorr\u00e4te, Wissen und einen Plan<\/span><\/label><\/div><\/li><li class=\"basic-answer\" style=\"padding:0px 0px;\" data-id=\"25\" data-type=\"text\" data-vn=\"45\" data-color=\"#000000\" data-make-link=\"no\" data-link=\"\"><div class=\"basic-answer-content basic-text-vertical\"><label for=\"answer[25]\" class=\"basic-answer-label\"><input type=\"radio\" id=\"answer[25]\" name=\"answer[6]\" value=\"25\"><span class=\"basic-text\" style=\"color: #000000; font-size: 14px; font-weight: normal;\">Eher gut \u2013 ich habe mir Gedanken gemacht<\/span><\/label><\/div><\/li><li class=\"basic-answer\" style=\"padding:0px 0px;\" data-id=\"26\" data-type=\"text\" data-vn=\"73\" data-color=\"#000000\" data-make-link=\"no\" data-link=\"\"><div class=\"basic-answer-content basic-text-vertical\"><label for=\"answer[26]\" class=\"basic-answer-label\"><input type=\"radio\" id=\"answer[26]\" name=\"answer[6]\" value=\"26\"><span class=\"basic-text\" style=\"color: #000000; font-size: 14px; font-weight: normal;\">Kaum \u2013 ich hoffe einfach, dass nichts passiert<\/span><\/label><\/div><\/li><li class=\"basic-answer\" style=\"padding:0px 0px;\" data-id=\"27\" data-type=\"text\" data-vn=\"19\" data-color=\"#000000\" data-make-link=\"no\" data-link=\"\"><div class=\"basic-answer-content basic-text-vertical\"><label for=\"answer[27]\" class=\"basic-answer-label\"><input type=\"radio\" id=\"answer[27]\" name=\"answer[6]\" value=\"27\"><span class=\"basic-text\" style=\"color: #000000; font-size: 14px; font-weight: normal;\">Gar nicht \u2013 ich verdr\u00e4nge das Thema bewusst<\/span><\/label><\/div><\/li><li class=\"basic-answer\" style=\"padding:0px 0px;\" data-id=\"28\" data-type=\"text\" data-vn=\"23\" data-color=\"#000000\" data-make-link=\"no\" data-link=\"\"><div class=\"basic-answer-content basic-text-vertical\"><label for=\"answer[28]\" class=\"basic-answer-label\"><input type=\"radio\" id=\"answer[28]\" name=\"answer[6]\" value=\"28\"><span class=\"basic-text\" style=\"color: #000000; font-size: 14px; font-weight: normal;\">Was ist \u00fcberhaupt ein \u201eSpannungsfall\u201c?<\/span><\/label><\/div><\/li><\/ul><\/div><div class=\"clearfix\"><\/div><\/div><div class=\"basic-vote\"><a href=\"#\" class=\"button basic-vote-button\" role=\"button\" style=\"background:#027bb8; border:0px; border-style: solid; border-color:#000000; border-radius:5px; padding:10px 10px; color:#ffffff; font-size:14px; font-weight:normal;\">Abstimmen<\/a><\/div><\/form><\/div><\/div><\/div><\/div>\n\t\t\t\t\t\t<\/div>\n<hr \/>\n<h2>Was bedeutet das ganz konkret &#8211; von Wehrpflicht bis Enteignung?<\/h2>\n<p>W\u00e4hrend die Debatte \u00fcber den Spannungsfall meist auf politischer oder juristischer Ebene gef\u00fchrt wird, ist den wenigsten bewusst, welche ganz praktischen Auswirkungen dieser Schritt auf das t\u00e4gliche Leben jedes Einzelnen haben kann. Es geht nicht mehr nur um Paragraphen und Verfassungsartikel, sondern um Fragen wie:<\/p>\n<ul>\n<li>Muss ich wieder zur <strong>Musterung<\/strong>?<\/li>\n<li>Darf der Staat mein Haus <strong>beschlagnahmen<\/strong>?<\/li>\n<li>Kann ich <strong>gezwungen<\/strong> werden, irgendwo zu arbeiten, wo ich gar nicht will?<\/li>\n<\/ul>\n<blockquote><p>All das &#8211; und mehr &#8211; wird durch den Spannungsfall m\u00f6glich.<\/p><\/blockquote>\n<h3>Die R\u00fcckkehr der Wehrpflicht &#8211; schneller als gedacht<\/h3>\n<p>Der Spannungsfall erlaubt dem Staat, die ausgesetzte Wehrpflicht reaktiv zuieren &#8211; ohne dass ein Krieg stattfindet. Das bedeutet konkret:<\/p>\n<ul>\n<li>Alle <strong>m\u00e4nnlichen<\/strong> deutschen Staatsb\u00fcrger zwischen <strong>18 und 45 Jahren<\/strong> k\u00f6nnen wieder zur Musterung einberufen werden.<\/li>\n<li>Die Bundeswehr kann <strong>Einberufungsbescheide<\/strong> verschicken, selbst wenn man nie gedient hat.<\/li>\n<li>Auch ehemals <strong>Ausgemusterte<\/strong> oder <strong>Reservisten<\/strong> k\u00f6nnen <strong>erneut herangezogen<\/strong> werden.<\/li>\n<\/ul>\n<p>Frauen sind zwar derzeit von der Wehrpflicht ausgeschlossen, k\u00f6nnten aber \u00fcber den Zivilschutz verpflichtet werden (siehe unten). Einmal festgestellter Spannungsfall = T\u00fcr\u00f6ffner zur fl\u00e4chendeckenden Erfassung der wehrpflichtigen Bev\u00f6lkerung.<\/p>\n<h3>Der Zivilschutz greift f\u00fcr alle &#8211; auch f\u00fcr Frauen<\/h3>\n<p>Neben der milit\u00e4rischen Komponente erlaubt der Spannungsfall auch die Einsetzung von zivilen Pflichtdiensten. Das betrifft nicht nur M\u00e4nner &#8211; sondern alle B\u00fcrger, unabh\u00e4ngig vom Geschlecht. Konkrete Ma\u00dfnahmen k\u00f6nnten sein:<\/p>\n<ul>\n<li><strong>Verpflichtung<\/strong> zum Dienst in Pflegeeinrichtungen, Krankenh\u00e4usern, beim Katastrophenschutz<\/li>\n<li><strong>Einsatz<\/strong> in der Lebensmittelverteilung, Transportlogistik, Infrastruktur\u00fcberwachung<\/li>\n<li><strong>Arbeitsverpflichtungen<\/strong> in staatsnahen Einrichtungen (z.\u202fB. Energieversorgung, Wasserwerke, IT-Sicherheit)<\/li>\n<\/ul>\n<p>Das bedeutet: Jeder B\u00fcrger kann zur \u201eMitarbeit am Gemeinwohl\u201c herangezogen werden &#8211; auch ohne Qualifikation, auch gegen den eigenen Willen.<\/p>\n<h3>Wohnraum und Fahrzeuge: Beschlagnahmung rechtlich m\u00f6glich<\/h3>\n<p>Ein besonders heikler Punkt betrifft das Privateigentum. Im Spannungsfall kann der Staat:<\/p>\n<ul>\n<li><strong>Wohnraum beschlagnahmen<\/strong>, z.\u202fB. zur Unterbringung von Soldaten, Fl\u00fcchtlingen oder Einsatzkr\u00e4ften<\/li>\n<li><strong>Fahrzeuge anfordern<\/strong>, insbesondere Transporter, Gel\u00e4ndewagen, Maschinen<\/li>\n<li>Grundst\u00fccke, Garagen, landwirtschaftliche Fl\u00e4chen <strong>zweckentfremden<\/strong>, etwa zur Lagerung oder Versorgung<\/li>\n<\/ul>\n<p>Das klingt drastisch &#8211; ist aber durch Artikel 14 GG in Verbindung mit den Notstandsgesetzen ausdr\u00fccklich verfassungsrechtlich gedeckt, solange eine Entsch\u00e4digung vorgesehen ist. Diese muss jedoch nicht vorab gezahlt werden.<\/p>\n<h3>Unternehmen und Selbstst\u00e4ndige: Eingriffe in Betriebsabl\u00e4ufe<\/h3>\n<p>Auch Betriebe, Handwerksunternehmen und Selbstst\u00e4ndige sind betroffen. Im Spannungsfall kann der Staat:<\/p>\n<ul>\n<li><strong>Produktionsmittel<\/strong> umlenken (z.\u202fB. Umr\u00fcstung auf R\u00fcstungs- oder Notversorgungsg\u00fcter)<\/li>\n<li><strong>Materialien<\/strong> beschlagnahmen<\/li>\n<li><strong>Personalverf\u00fcgungen<\/strong> anordnen, etwa f\u00fcr besonders qualifizierte Arbeitskr\u00e4fte<\/li>\n<li><strong>Vertragsverh\u00e4ltnisse<\/strong> aufl\u00f6sen oder anpassen, z.\u202fB. Liefervertr\u00e4ge, Leasing, Mietverh\u00e4ltnisse<\/li>\n<li><strong>Preisvorgaben<\/strong> machen, z.\u202fB. f\u00fcr \u201ekriegswichtige\u201c Produkte oder Dienstleistungen<\/li>\n<\/ul>\n<p>Die wirtschaftliche Freiheit wird dadurch massiv eingeschr\u00e4nkt &#8211; auch wenn sie formal bestehen bleibt.<\/p>\n<h3>Einschr\u00e4nkung der pers\u00f6nlichen Lebensplanung<\/h3>\n<p>Mit dem Spannungsfall kann der Staat:<\/p>\n<ul>\n<li><strong>Ausreisebeschr\u00e4nkungen<\/strong> erlassen &#8211; keine Garantie mehr, das Land zu verlassen<\/li>\n<li><strong>Meldepflichten<\/strong> verh\u00e4ngen, z.\u202fB. f\u00fcr wehrf\u00e4hige oder systemrelevante Personen<\/li>\n<li><strong>Reiseverbote<\/strong> in bestimmte Regionen aussprechen<\/li>\n<li><strong>Aufenthaltsvorgaben<\/strong> machen &#8211; wer also \u201eeigentlich wegziehen wollte\u201c, kann dazu verpflichtet werden, zu bleiben<\/li>\n<\/ul>\n<p>Auch Studierende, Auszubildende, Rentner oder Alleinerziehende sind nicht automatisch gesch\u00fctzt &#8211; denn bei Bedarf kann jeder \u201edienstf\u00e4hig\u201c erkl\u00e4rt werden, sofern dies zur Aufrechterhaltung von Ordnung oder Versorgung notwendig erscheint.<\/p>\n<h3>Psychologische Wirkung: Druck, Angst und Loyalit\u00e4tspflicht<\/h3>\n<p>Neben den juristischen Folgen entfaltet der Spannungsfall eine psychologische Wirkung, die nicht untersch\u00e4tzt werden darf:<\/p>\n<ul>\n<li>\u00d6ffentlicher Druck, sich &#8222;loyal zu verhalten&#8220;<\/li>\n<li>Angst vor Repressionen, wenn man sich kritisch \u00e4u\u00dfert<\/li>\n<li>soziale Ausgrenzung, z.\u202fB. wenn man nicht zum Dienst erscheint<\/li>\n<li>Stigmatisierung von \u201eVerweigerern\u201c oder \u201eAbweichlern\u201c<\/li>\n<\/ul>\n<p>Zwar gibt es rechtlich gesehen immer noch Widerspruchsm\u00f6glichkeiten &#8211; doch in der Praxis ist das Klima in solchen Ausnahmephasen meist repressiv und intolerant gegen\u00fcber Kritik.<\/p>\n<h3>Der Spannungsfall ist keine abstrakte Lage, sondern der Einstieg in den Ausnahmealltag<\/h3>\n<p>Was auf dem Papier wie eine technische Ma\u00dfnahme klingt, bedeutet in der Praxis tiefgreifende Ver\u00e4nderungen im Alltag: Pl\u00f6tzliche Einberufung. Pflichtdienste. Eigentum unter staatlicher Kontrolle. Bewegungsfreiheit eingeschr\u00e4nkt. Kurz gesagt: Der Spannungsfall versetzt das Land rechtlich in Kriegsbereitschaft, noch bevor es einen Krieg gibt &#8211; und verlangt den B\u00fcrgern dabei unter Androhung von Strafe fast vollst\u00e4ndige Anpassung und Mitwirkung ab.<\/p>\n<p><img loading=\"lazy\" decoding=\"async\" class=\"alignnone size-large wp-image-3003\" src=\"https:\/\/www.markus-schall.de\/wp-content\/uploads\/Spannungsfall-leere-regale.jpg\" alt=\"Spannungsfall-leere-regale\" width=\"1024\" height=\"683\" srcset=\"https:\/\/www.markus-schall.de\/wp-content\/uploads\/Spannungsfall-leere-regale.jpg 1024w, https:\/\/www.markus-schall.de\/wp-content\/uploads\/Spannungsfall-leere-regale-300x200.jpg 300w, https:\/\/www.markus-schall.de\/wp-content\/uploads\/Spannungsfall-leere-regale-768x512.jpg 768w, https:\/\/www.markus-schall.de\/wp-content\/uploads\/Spannungsfall-leere-regale-18x12.jpg 18w\" sizes=\"auto, (max-width: 1024px) 100vw, 1024px\" \/><\/p>\n<h2>Warum eine wachsame \u00d6ffentlichkeit gerade jetzt notwendig ist<\/h2>\n<p>In einem demokratischen Rechtsstaat ist es Aufgabe der B\u00fcrger, Entwicklungen nicht nur zu beobachten, sondern auch einzuordnen &#8211; gerade dann, wenn es um Ausnahmeregelungen geht, die das Verh\u00e4ltnis zwischen Staat und Individuum grundlegend verschieben. Der Spannungsfall ist ein solches Instrument: juristisch legitim, aber politisch hochsensibel.<\/p>\n<h3>Zwischen Sicherheit und Kontrollverlust<\/h3>\n<p>Der Staat hat &#8211; zweifellos &#8211; die Aufgabe, seine Bev\u00f6lkerung zu sch\u00fctzen. Doch wo verl\u00e4uft die Grenze zwischen Schutz und Kontrolle? Der Spannungsfall ist kein Notbehelf f\u00fcr akute Gefahr, sondern ein weit auslegbares Instrument zur Vorausverteidigung. Genau das macht ihn so heikel:<\/p>\n<ul>\n<li>Er greift noch vor einem bewaffneten Angriff,<\/li>\n<li>erlaubt bereits tiefgreifende Einschnitte in Grundrechte,<\/li>\n<li>und verschiebt das Gleichgewicht der Gewaltenteilung &#8211; mit langfristigen Folgen.<\/li>\n<\/ul>\n<p>Eine Gesellschaft, die solche Schritte unkritisch hinnimmt, gew\u00f6hnt sich mit der Zeit an Ausnahmen &#8211; bis sie zum Dauerzustand werden.<\/p>\n<h3>Die Rolle der Medien: zwischen Aufkl\u00e4rung und Einhegung<\/h3>\n<p>In Krisenzeiten tendieren viele Medien dazu, sich sch\u00fctzend um staatliche Narrative zu gruppieren &#8211; mit der Begr\u00fcndung, &#8222;die Bev\u00f6lkerung nicht zu verunsichern&#8220;. Doch gerade in solchen Momenten braucht es eine unabh\u00e4ngige, kritisch fragende \u00d6ffentlichkeit, die:<\/p>\n<ul>\n<li>Begriffe wie <em>\u201eSpannungsfall\u201c<\/em> nicht nur wiederholt, sondern erkl\u00e4rt<\/li>\n<li>Zusammenh\u00e4nge offenlegt, ohne sie zu dramatisieren<\/li>\n<li>Stimmen zu Wort kommen l\u00e4sst, die differenzieren statt moralisieren<\/li>\n<\/ul>\n<p>Denn Demokratie lebt nicht vom Gleichklang, sondern vom Widerhall.<\/p>\n<h3>Historische Erfahrung: Rechte, die einmal eingeschr\u00e4nkt wurden\u2026<\/h3>\n<p>\u2026kehren oft nicht vollst\u00e4ndig zur\u00fcck. Das zeigen viele historische Beispiele &#8211; auch in Deutschland. Ausnahmeregelungen, die in Notzeiten geschaffen wurden, wirken oft Jahrzehnte sp\u00e4ter noch nach. Ein einmal ausgerufener Spannungsfall kann verl\u00e4ngert, ausgeweitet oder sogar zum politischen Normalfall werden &#8211; insbesondere, wenn die Bev\u00f6lkerung die dahinterstehenden Mechanismen nicht versteht oder nicht mehr infrage stellt.<\/p>\n<h3>Selbstverantwortung statt Ohnmacht<\/h3>\n<p>Wachsamkeit bedeutet nicht Misstrauen gegen\u00fcber der Demokratie, sondern das Bewusstsein, dass Demokratie nicht statisch ist.<br \/>\nSie lebt vom Mitdenken, vom Hinterfragen, vom Nicht-Mitlaufen. Dazu geh\u00f6rt:<\/p>\n<ul>\n<li>sich zu informieren, bevor ein Gesetz kommt,<\/li>\n<li>mit anderen zu sprechen &#8211; nicht nur digital, sondern im echten Leben,<\/li>\n<li>Verantwortung nicht zu delegieren, sondern selbst zu \u00fcbernehmen &#8211; ruhig, freundlich, aber klar.<\/li>\n<\/ul>\n<p>Wer das tut, wirkt nicht &#8222;quer&#8220;, sondern reif und m\u00fcndig.<\/p>\n<p>Warum ist Wachsamkeit n\u00f6tig? Weil Demokratie Mitwirkung braucht. Weil Ausnahmen selten tempor\u00e4r sind. Und weil es Aufgabe freier Menschen ist, rechtliche Entwicklungen zu erkennen, zu hinterfragen und gegebenenfalls friedlich zu benennen.<\/p>\n<blockquote><p>Ein demokratischer Staat braucht Sicherheit &#8211;<br \/>\ndoch er braucht ebenso m\u00fcndige B\u00fcrger, die verstehen,<br \/>\nwann aus Sicherheit schleichend Kontrolle wird.<\/p><\/blockquote>\n<h3>Sicherheitspolitik verstehen, bevor Begriffe Realit\u00e4t werden<\/h3>\n<p><a href=\"https:\/\/www.markus-schall.de\/2026\/02\/russland-nato-und-die-angst-vor-dem-krieg-was-sich-belegen-laesst-und-was-nicht\/\"><img loading=\"lazy\" decoding=\"async\" class=\"alignright size-medium wp-image-4894\" src=\"https:\/\/www.markus-schall.de\/wp-content\/uploads\/NATO-Russland-300x200.jpg\" alt=\"NATO, Russland und die Angst vor einem Krieg\" width=\"300\" height=\"200\" srcset=\"https:\/\/www.markus-schall.de\/wp-content\/uploads\/NATO-Russland-300x200.jpg 300w, https:\/\/www.markus-schall.de\/wp-content\/uploads\/NATO-Russland-768x512.jpg 768w, https:\/\/www.markus-schall.de\/wp-content\/uploads\/NATO-Russland-18x12.jpg 18w, https:\/\/www.markus-schall.de\/wp-content\/uploads\/NATO-Russland.jpg 1024w\" sizes=\"auto, (max-width: 300px) 100vw, 300px\" \/><\/a>Wer \u00fcber einen m\u00f6glichen Spannungsfall spricht, ber\u00fchrt automatisch Fragen von B\u00fcndnissen, Abschreckung, Eskalation und politischer Kommunikation. Doch wie belastbar sind die Annahmen, auf denen viele Warnungen beruhen? Der ausf\u00fchrliche Hintergrundbeitrag <a href=\"https:\/\/www.markus-schall.de\/2026\/02\/russland-nato-und-die-angst-vor-dem-krieg-was-sich-belegen-laesst-und-was-nicht\/\"><em><strong>\u201eRussland, NATO und die Angst vor dem Krieg: Was sich belegen l\u00e4sst &#8211; und was nicht\u201c<\/strong><\/em><\/a> im Magazin widmet sich genau dieser Problematik. Dort werden zentrale Aussagen russischer und westlicher Akteure dokumentiert, verf\u00fcgbare Quellen gegen\u00fcbergestellt und typische Narrative auf ihren Ursprung hin untersucht. Ziel ist nicht Bewertung, sondern Nachvollziehbarkeit. Gerade wenn Begriffe pl\u00f6tzlich konkrete Bedeutung gewinnen k\u00f6nnten, hilft ein ruhiger Blick auf Fakten, Interessen und historische Linien.<\/p>\n<h3>Eine Art Essay von Herrn von L&#8217;oerot zum Thema<\/h3>\n<p><a href=\"https:\/\/www.markus-schall.de\/2025\/10\/wenn-pflicht-wieder-pflicht-wird-eine-art-essay-von-herrn-von-loreot\/\"><img loading=\"lazy\" decoding=\"async\" class=\"alignleft wp-image-3019\" src=\"https:\/\/www.markus-schall.de\/wp-content\/uploads\/loreot-pflicht-anruf.jpg\" alt=\"Ein unerwarteter Anruf\" width=\"150\" height=\"100\" srcset=\"https:\/\/www.markus-schall.de\/wp-content\/uploads\/loreot-pflicht-anruf.jpg 1024w, https:\/\/www.markus-schall.de\/wp-content\/uploads\/loreot-pflicht-anruf-300x200.jpg 300w, https:\/\/www.markus-schall.de\/wp-content\/uploads\/loreot-pflicht-anruf-768x512.jpg 768w, https:\/\/www.markus-schall.de\/wp-content\/uploads\/loreot-pflicht-anruf-18x12.jpg 18w\" sizes=\"auto, (max-width: 150px) 100vw, 150px\" \/><\/a>Humor ist eines der wichtigsten Werkzeuge, um Krisen aller Art besser zu \u00fcberstehen. Herr von L&#8217;oreot hat daher in einer Art Essay seine Gedanken zum Thema <a href=\"https:\/\/www.markus-schall.de\/2025\/10\/wenn-pflicht-wieder-pflicht-wird-eine-art-essay-von-herrn-von-loreot\/\"><strong>Kriegsdienst und Spannungsfall<\/strong><\/a> in einem bebilderten Artikel zum Besten gegeben.<\/p>\n<h2>Weiterdenken in schwierigen Zeiten: \u201eKrisen als Wendepunkte\u201c<\/h2>\n<figure id=\"attachment_2437\" aria-describedby=\"caption-attachment-2437\" style=\"width: 210px\" class=\"wp-caption alignright\"><a href=\"https:\/\/schall-verlag.de\/buch-krisen.php\" target=\"_blank\" rel=\"noopener\"><img loading=\"lazy\" decoding=\"async\" class=\"wp-image-2437\" src=\"https:\/\/www.markus-schall.de\/wp-content\/uploads\/Krisen-Cover-Front-DEjpg-715x1024.jpg\" alt=\"Buch 'Krisen als Wendepunkte - lernen, wachsen, gestalten'\" width=\"220\" height=\"315\" srcset=\"https:\/\/www.markus-schall.de\/wp-content\/uploads\/Krisen-Cover-Front-DEjpg-715x1024.jpg 715w, https:\/\/www.markus-schall.de\/wp-content\/uploads\/Krisen-Cover-Front-DEjpg-210x300.jpg 210w, https:\/\/www.markus-schall.de\/wp-content\/uploads\/Krisen-Cover-Front-DEjpg-768x1100.jpg 768w, https:\/\/www.markus-schall.de\/wp-content\/uploads\/Krisen-Cover-Front-DEjpg-8x12.jpg 8w, https:\/\/www.markus-schall.de\/wp-content\/uploads\/Krisen-Cover-Front-DEjpg.jpg 838w\" sizes=\"auto, (max-width: 220px) 100vw, 220px\" \/><\/a><figcaption id=\"caption-attachment-2437\" class=\"wp-caption-text\">Krisen als Wendepunkte<\/figcaption><\/figure>\n<p>Dieser Artikel ist kein Zufall &#8211; sondern Teil eines gr\u00f6\u00dferen Zusammenhangs. In meinem Buch <a href=\"https:\/\/schall-verlag.de\/buch-krisen.php\" target=\"_blank\" rel=\"noopener\"><em><strong>\u201eKrisen als Wendepunkte &#8211; lernen, wachsen, gestalten\u201c<\/strong><\/em><\/a> zeige ich, wie pers\u00f6nliche, gesellschaftliche und politische Krisen nicht nur als Bedrohung, sondern auch als Einladung zur Klarheit und Neuausrichtung verstanden werden k\u00f6nnen. Das Buch ist bewusst als ruhiger, reflektierender Ratgeber f\u00fcr die kommenden Jahre geschrieben &#8211; f\u00fcr Menschen, die Orientierung suchen, ohne sich belehren zu lassen.<\/p>\n<p>Es soll Mut machen, eigene Gedanken zuzulassen, Verantwortung zu \u00fcbernehmen &#8211; und sich nicht l\u00e4nger treiben zu lassen von Schlagzeilen, Druck oder Angst. Denn wer Krisen versteht, verliert die Angst vor der Zukunft. Und wer die Zukunft nicht f\u00fcrchtet, gestaltet sie mit klarem Blick.<\/p>\n<hr \/>\n\n\t\t\t<div class=\"display-post-types\">\n\n\t\t\t\t\t\t\t<style type=\"text\/css\">\n\t\t\t#dpt-wrapper-155 { --dpt-text-align: left;--dpt-image-crop: center;--dpt-border-radius: 5px;--dpt-h-gutter: 10px;--dpt-v-gutter: 9px; }\t\t\t<\/style>\n\t\t\t<style type=\"text\/css\">#dpt-wrapper-155 { --dpt-title-font-style:normal;--dpt-title-font-weight:600;--dpt-title-line-height:1.5;--dpt-title-text-decoration:none;--dpt-title-text-transform:none;--dpt-excerpt-font-style:normal;--dpt-excerpt-font-weight:400;--dpt-excerpt-line-height:1.5;--dpt-excerpt-text-decoration:none;--dpt-excerpt-text-transform:none;--dpt-meta1-font-style:normal;--dpt-meta1-font-weight:400;--dpt-meta1-line-height:1.9;--dpt-meta1-text-decoration:none;--dpt-meta1-text-transform:none;--dpt-meta2-font-style:normal;--dpt-meta2-font-weight:400;--dpt-meta2-line-height:1.9;--dpt-meta2-text-decoration:none;--dpt-meta2-text-transform:none; }<\/style><div class=\" dpt-main-header\">\n\t\t\t\t\t\t<div class=\"dpt-main-title\">\n\t\t\t\t\t\t\t<span class=\"dpt-main-title-text\">Aktuelle Beitr\u00e4ge zu Kunst &amp; Kultur<\/span>\n\t\t\t\t\t\t<\/div>\n\t\t\t\t\t\t\n\t\t\t\t\t\t\n\t\t\t\t\t\t\n\t\t\t\t\t\t<\/div>\t\t\t\n\t\t\t\t<div id=\"dpt-wrapper-155\" class=\"dpt-wrapper dpt-mag1 land1 dpt-cropped dpt-flex-wrap\" >\n\n\t\t\t\t\t\t\t\t\t\t\t<div class=\"dpt-entry has-thumbnail\" data-title=\"cancel culture im westen: sport, universit\u00e4ten, milit\u00e4r und eu-sanktionen analysiert\" data-id=\"5009\"  data-category=\"allgemein gesellschaft kunst &amp; kultur\" data-post_tag=\"denkmodelle deutschland europa geopolitik krisen meinungsfreiheit sicherheitspolitik spieltheorie\">\n\t\t\t\t\t\t\t<div class=\"dpt-entry-wrapper\"><div class=\" dpt-featured-content\"><div class=\" dpt-permalink\"><a href=\"https:\/\/www.markus-schall.de\/tr\/2026\/02\/cancel-culture-im-westen-sport-universitaeten-militaer-und-eu-sanktionen-analysiert\/\" class=\"dpt-permalink\"><span class=\"screen-reader-text\">Cancel Culture im Westen: Sport, Universit\u00e4ten, Milit\u00e4r und EU-Sanktionen analysiert<\/span><\/a><\/div><div class=\" dpt-thumbnail\"><div class=\"dpt-thumbnail-inner\"><img width=\"1024\" height=\"683\" class=\"attachment-full size-full\" alt=\"Cancel Culture im Westen\" context=\"dpt\" data-dpt-src=\"https:\/\/www.markus-schall.de\/wp-content\/uploads\/Cancel-Culture-Westen.jpg\" data-dpt-sizes=\"(max-width: 1024px) 100vw, 1024px\" data-dpt-srcset=\"https:\/\/www.markus-schall.de\/wp-content\/uploads\/Cancel-Culture-Westen.jpg 1024w, https:\/\/www.markus-schall.de\/wp-content\/uploads\/Cancel-Culture-Westen-300x200.jpg 300w, https:\/\/www.markus-schall.de\/wp-content\/uploads\/Cancel-Culture-Westen-768x512.jpg 768w, https:\/\/www.markus-schall.de\/wp-content\/uploads\/Cancel-Culture-Westen-18x12.jpg 18w\" \/><\/div><span class=\"dpt-thumbnail-aspect-ratio\" style=\"padding-top: 75%\"><\/span><\/div><\/div><div class=\" sub-entry\"><h3 class=\" dpt-title\"><a class=\"dpt-title-link\" href=\"https:\/\/www.markus-schall.de\/tr\/2026\/02\/cancel-culture-im-westen-sport-universitaeten-militaer-und-eu-sanktionen-analysiert\/\" rel=\"bookmark\">Cancel Culture im Westen: Sport, Universit\u00e4ten, Milit\u00e4r und EU-Sanktionen analysiert<\/a><\/h3><\/div><\/div>\n\t\t\t\t\t\t<\/div><!-- .dpt-entry -->\n\t\t\t\t\t\t\t\t\t\t\t\t<div class=\"dpt-entry has-thumbnail\" data-title=\"johann sebastian bach &#8211; ordnung, haltung und das fundament unserer musik\" data-id=\"5033\"  data-category=\"allgemein gesellschaft kunst &amp; kultur\" data-post_tag=\"deutschland musik portrait\">\n\t\t\t\t\t\t\t<div class=\"dpt-entry-wrapper\"><div class=\" dpt-featured-content\"><div class=\" dpt-permalink\"><a href=\"https:\/\/www.markus-schall.de\/tr\/2026\/02\/johann-sebastian-bach-ordnung-haltung-und-das-fundament-unserer-musik\/\" class=\"dpt-permalink\"><span class=\"screen-reader-text\">Johann Sebastian Bach &#8211; Ordnung, Haltung und das Fundament unserer Musik<\/span><\/a><\/div><div class=\" dpt-thumbnail\"><div class=\"dpt-thumbnail-inner\"><img width=\"1024\" height=\"683\" class=\"attachment-full size-full\" alt=\"Johann Sebastian Bach Portrait\" context=\"dpt\" data-dpt-src=\"https:\/\/www.markus-schall.de\/wp-content\/uploads\/Johann-Sebastian-Bach-Portrait.jpg\" data-dpt-sizes=\"(max-width: 1024px) 100vw, 1024px\" data-dpt-srcset=\"https:\/\/www.markus-schall.de\/wp-content\/uploads\/Johann-Sebastian-Bach-Portrait.jpg 1024w, https:\/\/www.markus-schall.de\/wp-content\/uploads\/Johann-Sebastian-Bach-Portrait-300x200.jpg 300w, https:\/\/www.markus-schall.de\/wp-content\/uploads\/Johann-Sebastian-Bach-Portrait-768x512.jpg 768w, https:\/\/www.markus-schall.de\/wp-content\/uploads\/Johann-Sebastian-Bach-Portrait-18x12.jpg 18w\" \/><\/div><span class=\"dpt-thumbnail-aspect-ratio\" style=\"padding-top: 75%\"><\/span><\/div><\/div><div class=\" sub-entry\"><h3 class=\" dpt-title\"><a class=\"dpt-title-link\" href=\"https:\/\/www.markus-schall.de\/tr\/2026\/02\/johann-sebastian-bach-ordnung-haltung-und-das-fundament-unserer-musik\/\" rel=\"bookmark\">Johann Sebastian Bach &#8211; Ordnung, Haltung und das Fundament unserer Musik<\/a><\/h3><\/div><\/div>\n\t\t\t\t\t\t<\/div><!-- .dpt-entry -->\n\t\t\t\t\t\t\t\t\t\t\t\t<div class=\"dpt-entry has-thumbnail\" data-title=\"wenn pflicht wieder pflicht wird. eine art essay von herrn von l&#8217;oreot.\" data-id=\"3010\"  data-category=\"allgemein gesellschaft kunst &amp; kultur stories &amp; humor\" data-post_tag=\"deutschland erfahrungen geopolitik krisen pers\u00f6nlichkeitsentwicklung sicherheitspolitik\">\n\t\t\t\t\t\t\t<div class=\"dpt-entry-wrapper\"><div class=\" dpt-featured-content\"><div class=\" dpt-permalink\"><a href=\"https:\/\/www.markus-schall.de\/tr\/2025\/10\/wenn-pflicht-wieder-pflicht-wird-eine-art-essay-von-herrn-von-loreot\/\" class=\"dpt-permalink\"><span class=\"screen-reader-text\">Wenn Pflicht wieder Pflicht wird. Eine Art Essay von Herrn von L&#8217;oreot.<\/span><\/a><\/div><div class=\" dpt-thumbnail\"><div class=\"dpt-thumbnail-inner\"><img width=\"1024\" height=\"683\" class=\"attachment-full size-full\" alt=\"Ein unerwarteter Anruf\" context=\"dpt\" data-dpt-src=\"https:\/\/www.markus-schall.de\/wp-content\/uploads\/loreot-pflicht-anruf.jpg\" data-dpt-sizes=\"(max-width: 1024px) 100vw, 1024px\" data-dpt-srcset=\"https:\/\/www.markus-schall.de\/wp-content\/uploads\/loreot-pflicht-anruf.jpg 1024w, https:\/\/www.markus-schall.de\/wp-content\/uploads\/loreot-pflicht-anruf-300x200.jpg 300w, https:\/\/www.markus-schall.de\/wp-content\/uploads\/loreot-pflicht-anruf-768x512.jpg 768w, https:\/\/www.markus-schall.de\/wp-content\/uploads\/loreot-pflicht-anruf-18x12.jpg 18w\" \/><\/div><span class=\"dpt-thumbnail-aspect-ratio\" style=\"padding-top: 75%\"><\/span><\/div><\/div><div class=\" sub-entry\"><h3 class=\" dpt-title\"><a class=\"dpt-title-link\" href=\"https:\/\/www.markus-schall.de\/tr\/2025\/10\/wenn-pflicht-wieder-pflicht-wird-eine-art-essay-von-herrn-von-loreot\/\" rel=\"bookmark\">Wenn Pflicht wieder Pflicht wird. Eine Art Essay von Herrn von L&#8217;oreot.<\/a><\/h3><\/div><\/div>\n\t\t\t\t\t\t<\/div><!-- .dpt-entry -->\n\t\t\t\t\t\t\t\t\t\t\t\t<div class=\"dpt-entry has-thumbnail\" data-title=\"iran verstehen: alltag, proteste und interessen jenseits der schlagzeilen\" data-id=\"4462\"  data-category=\"allgemein gesellschaft kunst &amp; kultur\" data-post_tag=\"erfahrungen europa geopolitik krisen meinungsfreiheit sicherheitspolitik spieltheorie\">\n\t\t\t\t\t\t\t<div class=\"dpt-entry-wrapper\"><div class=\" dpt-featured-content\"><div class=\" dpt-permalink\"><a href=\"https:\/\/www.markus-schall.de\/tr\/2026\/01\/iran-verstehen-alltag-proteste-und-interessen-jenseits-der-schlagzeilen\/\" class=\"dpt-permalink\"><span class=\"screen-reader-text\">Iran verstehen: Alltag, Proteste und Interessen jenseits der Schlagzeilen<\/span><\/a><\/div><div class=\" dpt-thumbnail\"><div class=\"dpt-thumbnail-inner\"><img width=\"1024\" height=\"683\" class=\"attachment-full size-full\" alt=\"Iran verstehen\" context=\"dpt\" data-dpt-src=\"https:\/\/www.markus-schall.de\/wp-content\/uploads\/Iran-Titel.jpg\" data-dpt-sizes=\"(max-width: 1024px) 100vw, 1024px\" data-dpt-srcset=\"https:\/\/www.markus-schall.de\/wp-content\/uploads\/Iran-Titel.jpg 1024w, https:\/\/www.markus-schall.de\/wp-content\/uploads\/Iran-Titel-300x200.jpg 300w, https:\/\/www.markus-schall.de\/wp-content\/uploads\/Iran-Titel-768x512.jpg 768w, https:\/\/www.markus-schall.de\/wp-content\/uploads\/Iran-Titel-18x12.jpg 18w\" \/><\/div><span class=\"dpt-thumbnail-aspect-ratio\" style=\"padding-top: 75%\"><\/span><\/div><\/div><div class=\" sub-entry\"><h3 class=\" dpt-title\"><a class=\"dpt-title-link\" href=\"https:\/\/www.markus-schall.de\/tr\/2026\/01\/iran-verstehen-alltag-proteste-und-interessen-jenseits-der-schlagzeilen\/\" rel=\"bookmark\">Iran verstehen: Alltag, Proteste und Interessen jenseits der Schlagzeilen<\/a><\/h3><\/div><\/div>\n\t\t\t\t\t\t<\/div><!-- .dpt-entry -->\n\t\t\t\t\t\t\n\t\t\t\t<\/div>\n\t\t\t\t\t\t<\/div>\n\t\t\t\n<hr \/>\n<h2>H\u00e4ufig gestellte Fragen (FAQ) zum Spannungsfall in Deutschland<\/h2>\n<ol>\n<li><strong>Was genau ist der Spannungsfall &#8211; ist das schon Krieg?<\/strong><br \/>\nNein. Der Spannungsfall ist kein Krieg, sondern ein verfassungsrechtlich geregelter Sonderzustand, der bereits vor einem Angriff festgestellt werden kann. Er soll den Staat in die Lage versetzen, sich fr\u00fchzeitig auf eine potenzielle Bedrohungslage vorzubereiten. Im Unterschied zum Verteidigungsfall liegt noch kein bewaffneter Angriff vor &#8211; wohl aber eine politisch bewertete Gef\u00e4hrdungslage.<\/li>\n<li><strong>Wer entscheidet, ob der Spannungsfall eintritt?<\/strong><br \/>\nDer Bundestag stellt den Spannungsfall fest, allerdings mit Zustimmung des Bundesrates. Es handelt sich also um eine politische Entscheidung, die einer Mehrheit in beiden Verfassungsorganen bedarf &#8211; gest\u00fctzt auf die Artikel 80a GG und 115a GG.<\/li>\n<li><strong>Was passiert unmittelbar nach der Feststellung?<\/strong><br \/>\nSobald der Spannungsfall festgestellt ist, erweitern sich die Befugnisse der Bundesregierung, der Streitkr\u00e4fte und der Sicherheitsbeh\u00f6rden. Gesetze k\u00f6nnen beschleunigt ge\u00e4ndert oder neu erlassen werden. Die Milit\u00e4r- und Sicherheitslogik tritt in den Vordergrund &#8211; auch im zivilen Bereich.<\/li>\n<li><strong>Ist die Bundeswehr dann auch im Inland im Einsatz?<\/strong><br \/>\nJa, unter bestimmten Bedingungen. Der Spannungsfall erlaubt den Inlandseinsatz der Bundeswehr, z.\u202fB. zum Schutz kritischer Infrastruktur oder zur Unterst\u00fctzung der Polizei. Dies ist normalerweise durch das Grundgesetz stark eingeschr\u00e4nkt &#8211; wird aber durch Artikel 87a Absatz 4 GG im Spannungsfall erweitert.<\/li>\n<li><strong>K\u00f6nnen Grundrechte dann eingeschr\u00e4nkt werden &#8211; und welche?<\/strong><br \/>\nJa. Folgende Grundrechte k\u00f6nnen laut Artikel 115c GG im Spannungsfall eingeschr\u00e4nkt oder vor\u00fcbergehend au\u00dfer Kraft gesetzt werden:<br \/>\n&#8211; Art. 10: Brief-, Post- und Fernmeldegeheimnis<br \/>\n&#8211; Art. 11: Freiz\u00fcgigkeit<br \/>\n&#8211; Art. 12: Berufsfreiheit<br \/>\n&#8211; Art. 13 und 14: Wohnung und Eigentum (\u00fcber Notstandsgesetze)<br \/>\nAndere Grundrechte, wie die Menschenw\u00fcrde (Art. 1) oder Meinungsfreiheit (Art. 5), bleiben formal erhalten &#8211; k\u00f6nnen aber faktisch unter Druck geraten.<\/li>\n<li><strong>Wird dann wieder Wehrpflicht eingef\u00fchrt?<\/strong><br \/>\nJa, das ist m\u00f6glich. Der Spannungsfall aktiviert die gesetzlichen Grundlagen f\u00fcr die Reaktivierung der Wehrpflicht. Alle wehrf\u00e4higen M\u00e4nner k\u00f6nnen einberufen werden, auch solche, die bislang ausgemustert oder nicht mehr wehrpflichtig waren. Die Musterung kann kurzfristig erfolgen.<\/li>\n<li><strong>Betrifft das auch Frauen?<\/strong><br \/>\nJa, \u00fcber den Zivilschutz. Frauen k\u00f6nnen nicht zur Wehrpflicht, aber sehr wohl zu zivilen Pflichtdiensten herangezogen werden. Dazu z\u00e4hlen z.\u202fB. Pflege, Katastrophenschutz, Versorgung, Logistik. Es handelt sich rechtlich gesehen um einen gleichwertigen Eingriff, der auf das Zivilschutzgesetz gest\u00fctzt wird.<\/li>\n<li><strong>Darf der Staat mein Haus oder Auto beschlagnahmen?<\/strong><br \/>\nJa. Im Spannungsfall kann privates Eigentum f\u00fcr Zwecke der Gesamtverteidigung beschlagnahmt oder zur Nutzung \u00fcberf\u00fchrt werden &#8211; z.\u202fB. als Unterkunft, Lager oder Transportmittel. Eine Entsch\u00e4digung ist vorgesehen, muss aber nicht im Vorfeld gezahlt werden.<\/li>\n<li><strong>Kann ich gezwungen werden, irgendwo zu arbeiten?<\/strong><br \/>\nJa, auch das ist m\u00f6glich. Artikel 12 GG sch\u00fctzt die freie Berufswahl &#8211; aber dieser Schutz kann im Spannungsfall ausgesetzt werden. Der Staat kann Personen zur Arbeitsleistung in sicherheitsrelevanten Bereichen verpflichten, z.\u202fB. im Rettungswesen, bei Versorgungsdiensten oder in bestimmten Betrieben.<\/li>\n<li><strong>Kann ich das Land dann noch verlassen, wenn ich will?<\/strong><br \/>\nNicht ohne Weiteres. Im Spannungsfall kann die Bundesregierung Reisebeschr\u00e4nkungen oder Ausreiseverbote verh\u00e4ngen &#8211; insbesondere f\u00fcr Personen, die als dienstf\u00e4hig oder sicherheitsrelevant gelten. Auch Freiz\u00fcgigkeit innerhalb Deutschlands kann eingeschr\u00e4nkt werden.<\/li>\n<li><strong>Wie lange kann der Spannungsfall dauern?<\/strong><br \/>\nTheoretisch unbegrenzt. Es gibt keine festgelegte maximale Dauer. Solange Bundestag und Bundesrat die Situation als gegeben ansehen, kann der Spannungsfall verl\u00e4ngert werden. Auch ein schleichender \u00dcbergang in den Verteidigungsfall ist denkbar &#8211; mit noch weiterreichenden Folgen.<\/li>\n<li><strong>Kann ich mich gegen Ma\u00dfnahmen wehren?<\/strong><br \/>\nFormal ja &#8211; praktisch schwierig. Rechtsmittel sind m\u00f6glich, z.\u202fB. Widerspruch oder Klage. Allerdings sind viele Ma\u00dfnahmen im Spannungsfall \u201eim \u00f6ffentlichen Interesse\u201c legitimiert &#8211; Gerichte k\u00f6nnten daher entsprechend restriktiv urteilen. Der Rechtsweg besteht, ist aber in Notlagen h\u00e4ufig eingeschr\u00e4nkt.<\/li>\n<li><strong>Was passiert mit meinem Unternehmen im Spannungsfall?<\/strong><br \/>\nUnternehmen k\u00f6nnen zur Bereitstellung von Material, Know-how oder Personal verpflichtet werden. Produktionsumstellungen, Preisvorgaben, Materialabgaben oder Betriebseinschr\u00e4nkungen sind rechtlich zul\u00e4ssig &#8211; unter Berufung auf das Gesetz \u00fcber die Sicherstellung von Versorgung und Produktion.<\/li>\n<li><strong>Gibt es Schutz vor Missbrauch solcher Sonderrechte?<\/strong><br \/>\nIn der Theorie: Ja &#8211; durch Parlament und Bundesverfassungsgericht.<br \/>\nIn der Praxis: Nur, wenn die \u00f6ffentliche Kontrolle funktioniert. Das Problem liegt weniger im Recht &#8211; sondern im fehlenden Bewusstsein der Bev\u00f6lkerung, wie weitreichend diese Sonderrechte tats\u00e4chlich sind. Missbrauch wird vor allem dann m\u00f6glich, wenn keiner genau hinsieht.<\/li>\n<li><strong>Ist der Spannungsfall ein Vorwand f\u00fcr autorit\u00e4re Politik?<\/strong><br \/>\nDas h\u00e4ngt von der Auslegung ab. Der Spannungsfall ist ein Werkzeug mit legaler Grundlage, das sehr weitreichend eingesetzt werden kann. Ob daraus autorit\u00e4re Politik wird, h\u00e4ngt davon ab, wie kritisch die \u00d6ffentlichkeit bleibt, wie unabh\u00e4ngig die Medien berichten &#8211; und ob Gerichte noch als Korrektiv wirken.<\/li>\n<li><strong>Was kann ich als B\u00fcrger tun &#8211; au\u00dfer zuschauen?<\/strong><br \/>\nInformieren, differenzieren, austauschen. Der Spannungsfall ist ein hochsensibles Thema, das nicht durch Polemik, sondern durch Aufkl\u00e4rung entsch\u00e4rft werden kann. Wer sich informiert, anderen Zusammenh\u00e4nge erkl\u00e4rt und ruhig Position bezieht, tr\u00e4gt zur demokratischen Stabilit\u00e4t bei &#8211; auch in schwierigen Zeiten.<\/li>\n<\/ol>\n<hr \/>\n<h2>\u00c4ltere Nachrichten zum Spannungsfall in Deutschland<\/h2>\n<p><strong>21.04.2026<\/strong>: Ein Jurist sieht im neuen Wehrdienstgesetz eine problematische Entwicklung: Bestimmte Regelungen k\u00f6nnten Grundrechte einschr\u00e4nken, ohne dass derzeit eine klare rechtliche Grundlage wie eine aktive Wehrpflicht besteht. Konkret geht es um eine Passage, nach der M\u00e4nner ab 17 Jahren f\u00fcr l\u00e4ngere Auslandsaufenthalte eine Genehmigung ben\u00f6tigen k\u00f6nnten. Der Anwalt kritisiert, dass solche Eingriffe eigentlich nur unter besonderen Ausnahmezust\u00e4nden gerechtfertigt w\u00e4ren. Gleichzeitig steht der sogenannte \u201eSpannungsfall\u201c im Raum &#8211; eine Vorstufe zum Verteidigungsfall, die weitreichende Ma\u00dfnahmen erm\u00f6glichen kann. Kritiker sehen darin die Gefahr, dass \u00fcber gesetzliche Konstruktionen schrittweise Einschr\u00e4nkungen vorbereitet werden, ohne diese offen zu benennen. Dies k\u00f6nnte zu einer Art <a href=\"https:\/\/www.merkur.de\/politik\/anwalt-entlarvt-problem-bei-wehrdienstgesetz-spannungsfall-als-ehrliche-umgangsweise-zr-94256138.html\" target=\"_blank\" rel=\"noopener\"><strong>\u201eSpannungsfall durch die Hintert\u00fcr\u201c<\/strong><\/a> werden. Auch europarechtliche Fragen k\u00f6nnten betroffen sein, etwa die Freiz\u00fcgigkeit. Das Verteidigungsministerium hat bereits signalisiert, die Regelung nachzubessern. Der Fall zeigt, wie sensibel das Zusammenspiel von Sicherheitspolitik und Grundrechten ist &#8211; und wie schnell rechtliche Grauzonen entstehen k\u00f6nnen.<\/p>\n<p><strong>03.04.2026<\/strong>: Eine bislang kaum beachtete <a href=\"https:\/\/www.berliner-zeitung.de\/news\/neue-wehrpflicht-regel-kaum-beachtete-aenderung-hat-weitreichende-folgen-li.10028539\" target=\"_blank\" rel=\"noopener\"><strong>\u00c4nderung im Wehrdienst-Modernisierungsgesetz<\/strong><\/a> wirft ein neues Licht auf die schrittweise Vorbereitung staatlicher Strukturen auf m\u00f6gliche Spannungs- oder Verteidigungslagen. K\u00fcnftig m\u00fcssen M\u00e4nner zwischen 17 und 45 Jahren bei geplanten Auslandsaufenthalten von mehr als drei Monaten vorab eine Genehmigung der Bundeswehr einholen &#8211; etwa bei Studium, beruflichen T\u00e4tigkeiten oder l\u00e4ngeren Reisen. Bemerkenswert ist dabei weniger die Ma\u00dfnahme an sich, sondern der Umstand, dass eine solche Regelung nun nicht mehr ausschlie\u00dflich f\u00fcr den Spannungs- oder Verteidigungsfall vorgesehen ist, sondern bereits im normalen Zustand Anwendung findet. Damit wird ein Instrument, das urspr\u00fcnglich f\u00fcr Ausnahmesituationen gedacht war, faktisch in den Alltag \u00fcberf\u00fchrt. Das Verteidigungsministerium verweist auf eine verbesserte Wehrerfassung im Ernstfall, spricht jedoch zugleich selbst von potenziell \u201etiefgreifenden\u201c Auswirkungen, w\u00e4hrend konkrete Ausgestaltungen und Ausnahmen noch nicht abschlie\u00dfend definiert sind. Im Kontext dieses Artikels zeigt die \u00c4nderung exemplarisch, wie sich rechtliche und organisatorische Voraussetzungen f\u00fcr einen m\u00f6glichen Spannungsfall nicht abrupt, sondern schrittweise und oft ohne breite \u00f6ffentliche Debatte entwickeln.<\/p>\n<p><strong>03.04.2026<\/strong>: Ein aktueller Policy Brief der \u00d6sterreichischen Gesellschaft f\u00fcr Europapolitik (\u00d6GfE) stellt die verbreitete <a href=\"https:\/\/www.oegfe.at\/policy-briefs\/die-stunde-der-eu-armee-eine-policy-analyse\/\" target=\"_blank\" rel=\"noopener\"><strong>Forderung nach einer EU-Armee in Frage<\/strong><\/a>. Vor dem Hintergrund des Ukrainekriegs und wachsender geopolitischer Spannungen analysiert die Studie, ob eine gemeinsame europ\u00e4ische Streitkraft realistisch und sinnvoll ist. Das Ergebnis f\u00e4llt n\u00fcchtern aus: Eine echte EU-Armee gilt auf absehbare Zeit als politisch und strukturell kaum umsetzbar. Nationale Interessen, rechtliche H\u00fcrden und unterschiedliche sicherheitspolitische Kulturen innerhalb der EU verhindern eine tiefere Integration. Statt gro\u00dfer Visionen empfiehlt die Analyse einen pragmatischen Ansatz. Europa solle seine milit\u00e4rischen F\u00e4higkeiten gezielt st\u00e4rken, bestehende Kooperationen ausbauen und schrittweise enger zusammenarbeiten. Der Begriff \u201eEU-Armee\u201c wird dabei als politisch aufgeladenes Schlagwort eingeordnet, das h\u00e4ufig verschiedene Konzepte vermischt. Die eigentliche Herausforderung liege weniger im Aufbau neuer Strukturen, sondern in der konsequenten Verbesserung bestehender F\u00e4higkeiten und Abstimmungsprozesse innerhalb Europas.<\/p>\n<div class=\"lyte-wrapper\" style=\"width:640px;max-width:100%;margin:5px;\"><div class=\"lyMe\" id=\"WYL_7k_ZUbNiDC0\"><div id=\"lyte_7k_ZUbNiDC0\" data-src=\"https:\/\/www.markus-schall.de\/wp-content\/plugins\/wp-youtube-lyte\/lyteCache.php?origThumbUrl=%2F%2Fi.ytimg.com%2Fvi%2F7k_ZUbNiDC0%2Fhqdefault.jpg\" class=\"pL\"><div class=\"tC\"><div class=\"tT\"><\/div><\/div><div class=\"play\"><\/div><div class=\"ctrl\"><div class=\"Lctrl\"><\/div><div class=\"Rctrl\"><\/div><\/div><\/div><noscript><a href=\"https:\/\/youtu.be\/7k_ZUbNiDC0\" rel=\"nofollow noopener\" target=\"_blank\"><img loading=\"lazy\" decoding=\"async\" src=\"https:\/\/www.markus-schall.de\/wp-content\/plugins\/wp-youtube-lyte\/lyteCache.php?origThumbUrl=https%3A%2F%2Fi.ytimg.com%2Fvi%2F7k_ZUbNiDC0%2F0.jpg\" alt=\"YouTube video thumbnail\" width=\"640\" height=\"340\" \/><br \/>Watch this video on YouTube<\/a><\/noscript><\/div><\/div><div class=\"lL\" style=\"max-width:100%;width:640px;margin:5px;\"><\/div><br \/>\nWelche Hindernisse verhindern eine EU-Armee? | <a href=\"https:\/\/www.youtube.com\/@militargeschichteclips\" target=\"_blank\" rel=\"nofollow noopener\">Milit\u00e4r &amp; Geschichte Clips<\/a><\/p>\n<p><strong>6. Oktober 2025<\/strong>: Auch wenn bereits einige Politiker \u00f6ffentlich \u00fcber das Ausrufen des Spannungsfalls in Deutschland debattiert haben, gibt es derzeit laut dpa <a href=\"https:\/\/dpa-factchecking.com\/germany\/251006-99-250026\/\" target=\"_blank\" rel=\"noopener\"><strong>keine Pl\u00e4ne des Bundestags<\/strong><\/a> zu einer angeblichen und offensichtlich falsch gemeldeten Abstimmung \u00fcber die Ausrufung des Spannungsfalls in Deutschland.<\/p>\n<hr \/>\n\n\t\t\t<div class=\"display-post-types\">\n\n\t\t\t\t\t\t\t<style type=\"text\/css\">\n\t\t\t#dpt-wrapper-156 { --dpt-text-align: left;--dpt-image-crop: center;--dpt-border-radius: 5px;--dpt-h-gutter: 10px;--dpt-v-gutter: 9px; }\t\t\t<\/style>\n\t\t\t<style type=\"text\/css\">#dpt-wrapper-156 { --dpt-title-font-style:normal;--dpt-title-font-weight:600;--dpt-title-line-height:1.5;--dpt-title-text-decoration:none;--dpt-title-text-transform:none;--dpt-excerpt-font-style:normal;--dpt-excerpt-font-weight:400;--dpt-excerpt-line-height:1.5;--dpt-excerpt-text-decoration:none;--dpt-excerpt-text-transform:none;--dpt-meta1-font-style:normal;--dpt-meta1-font-weight:400;--dpt-meta1-line-height:1.9;--dpt-meta1-text-decoration:none;--dpt-meta1-text-transform:none;--dpt-meta2-font-style:normal;--dpt-meta2-font-weight:400;--dpt-meta2-line-height:1.9;--dpt-meta2-text-decoration:none;--dpt-meta2-text-transform:none; }<\/style><div class=\" dpt-main-header\">\n\t\t\t\t\t\t<div class=\"dpt-main-title\">\n\t\t\t\t\t\t\t<span class=\"dpt-main-title-text\">Aktuelle Beitr\u00e4ge zu K\u00fcnstlicher Intelligenz<\/span>\n\t\t\t\t\t\t<\/div>\n\t\t\t\t\t\t\n\t\t\t\t\t\t\n\t\t\t\t\t\t\n\t\t\t\t\t\t<\/div>\t\t\t\n\t\t\t\t<div id=\"dpt-wrapper-156\" class=\"dpt-wrapper dpt-mag1 land1 dpt-cropped dpt-flex-wrap\" >\n\n\t\t\t\t\t\t\t\t\t\t\t<div class=\"dpt-entry has-thumbnail\" data-title=\"rag mit ollama und qdrant als universelle suchmaschine f\u00fcr eigene daten\" data-id=\"2764\"  data-category=\"filemaker &amp; erp ki-systeme\" data-post_tag=\"datenbanken docker k\u00fcnstliche intelligenz llama llm mistral ollama qdrant vektordatenbank\">\n\t\t\t\t\t\t\t<div class=\"dpt-entry-wrapper\"><div class=\" dpt-featured-content\"><div class=\" dpt-permalink\"><a href=\"https:\/\/www.markus-schall.de\/tr\/2025\/08\/rag-mit-ollama-und-qdrant-als-universelle-suchmaschine-fuer-eigene-daten\/\" class=\"dpt-permalink\"><span class=\"screen-reader-text\">RAG mit Ollama und Qdrant als universelle Suchmaschine f\u00fcr eigene Daten<\/span><\/a><\/div><div class=\" dpt-thumbnail\"><div class=\"dpt-thumbnail-inner\"><img width=\"1920\" height=\"640\" class=\"attachment-full size-full\" alt=\"Lokale KI um Datenbanken erweitern mit RAG, Ollama und Qdrant\" context=\"dpt\" data-dpt-src=\"https:\/\/www.markus-schall.de\/wp-content\/uploads\/lokale-ki-rag-ollama-qdrant.jpg\" data-dpt-sizes=\"(max-width: 1920px) 100vw, 1920px\" data-dpt-srcset=\"https:\/\/www.markus-schall.de\/wp-content\/uploads\/lokale-ki-rag-ollama-qdrant.jpg 1920w, https:\/\/www.markus-schall.de\/wp-content\/uploads\/lokale-ki-rag-ollama-qdrant-300x100.jpg 300w, https:\/\/www.markus-schall.de\/wp-content\/uploads\/lokale-ki-rag-ollama-qdrant-1024x341.jpg 1024w, https:\/\/www.markus-schall.de\/wp-content\/uploads\/lokale-ki-rag-ollama-qdrant-768x256.jpg 768w, https:\/\/www.markus-schall.de\/wp-content\/uploads\/lokale-ki-rag-ollama-qdrant-1536x512.jpg 1536w, https:\/\/www.markus-schall.de\/wp-content\/uploads\/lokale-ki-rag-ollama-qdrant-18x6.jpg 18w\" \/><\/div><span class=\"dpt-thumbnail-aspect-ratio\" style=\"padding-top: 75%\"><\/span><\/div><\/div><div class=\" sub-entry\"><h3 class=\" dpt-title\"><a class=\"dpt-title-link\" href=\"https:\/\/www.markus-schall.de\/tr\/2025\/08\/rag-mit-ollama-und-qdrant-als-universelle-suchmaschine-fuer-eigene-daten\/\" rel=\"bookmark\">RAG mit Ollama und Qdrant als universelle Suchmaschine f\u00fcr eigene Daten<\/a><\/h3><\/div><\/div>\n\t\t\t\t\t\t<\/div><!-- .dpt-entry -->\n\t\t\t\t\t\t\t\t\t\t\t\t<div class=\"dpt-entry has-thumbnail\" data-title=\"wie man heute schon ki-spezialisten ausbilden kann &#8211; chancen f\u00fcr unternehmen und azubis\" data-id=\"3120\"  data-category=\"allgemein b\u00fccher ki-systeme tipps &amp; anleitungen\" data-post_tag=\"buch datenbanken datenlogik denkmodelle k\u00fcnstliche intelligenz llm sprachmodell\">\n\t\t\t\t\t\t\t<div class=\"dpt-entry-wrapper\"><div class=\" dpt-featured-content\"><div class=\" dpt-permalink\"><a href=\"https:\/\/www.markus-schall.de\/tr\/2025\/10\/wie-man-heute-schon-ki-spezialisten-ausbilden-kann-chancen-fuer-unternehmen-und-azubis\/\" class=\"dpt-permalink\"><span class=\"screen-reader-text\">Wie man heute schon KI-Spezialisten ausbilden kann &#8211; Chancen f\u00fcr Unternehmen und Azubis<\/span><\/a><\/div><div class=\" dpt-thumbnail\"><div class=\"dpt-thumbnail-inner\"><img width=\"1024\" height=\"683\" class=\"attachment-full size-full\" alt=\"KI-Spezialist ausbilden\" context=\"dpt\" data-dpt-src=\"https:\/\/www.markus-schall.de\/wp-content\/uploads\/ki-spezialist-ausbildung.jpg\" data-dpt-sizes=\"(max-width: 1024px) 100vw, 1024px\" data-dpt-srcset=\"https:\/\/www.markus-schall.de\/wp-content\/uploads\/ki-spezialist-ausbildung.jpg 1024w, https:\/\/www.markus-schall.de\/wp-content\/uploads\/ki-spezialist-ausbildung-300x200.jpg 300w, https:\/\/www.markus-schall.de\/wp-content\/uploads\/ki-spezialist-ausbildung-768x512.jpg 768w, https:\/\/www.markus-schall.de\/wp-content\/uploads\/ki-spezialist-ausbildung-18x12.jpg 18w\" \/><\/div><span class=\"dpt-thumbnail-aspect-ratio\" style=\"padding-top: 75%\"><\/span><\/div><\/div><div class=\" sub-entry\"><h3 class=\" dpt-title\"><a class=\"dpt-title-link\" href=\"https:\/\/www.markus-schall.de\/tr\/2025\/10\/wie-man-heute-schon-ki-spezialisten-ausbilden-kann-chancen-fuer-unternehmen-und-azubis\/\" rel=\"bookmark\">Wie man heute schon KI-Spezialisten ausbilden kann &#8211; Chancen f\u00fcr Unternehmen und Azubis<\/a><\/h3><\/div><\/div>\n\t\t\t\t\t\t<\/div><!-- .dpt-entry -->\n\t\t\t\t\t\t\t\t\t\t\t\t<div class=\"dpt-entry has-thumbnail\" data-title=\"filemaker-konferenz 2025: ki, community und ein unerwarteter vorfall\" data-id=\"2898\"  data-category=\"allgemein filemaker &amp; erp ki-systeme stories &amp; humor\" data-post_tag=\"datenbanken erp-software filemaker gfm-business k\u00fcnstliche intelligenz\">\n\t\t\t\t\t\t\t<div class=\"dpt-entry-wrapper\"><div class=\" dpt-featured-content\"><div class=\" dpt-permalink\"><a href=\"https:\/\/www.markus-schall.de\/tr\/2025\/09\/filemaker-konferenz-2025-ki-community-und-ein-unerwarteter-vorfall\/\" class=\"dpt-permalink\"><span class=\"screen-reader-text\">FileMaker-Konferenz 2025: KI, Community und ein unerwarteter Vorfall<\/span><\/a><\/div><div class=\" dpt-thumbnail\"><div class=\"dpt-thumbnail-inner\"><img width=\"1024\" height=\"512\" class=\"attachment-full size-full\" alt=\"FileMaker Konferenz 2025: Feueralarm mit Feuerwehr\" context=\"dpt\" data-dpt-src=\"https:\/\/www.markus-schall.de\/wp-content\/uploads\/FMK2025-Feueralarm-1.jpg\" data-dpt-sizes=\"(max-width: 1024px) 100vw, 1024px\" data-dpt-srcset=\"https:\/\/www.markus-schall.de\/wp-content\/uploads\/FMK2025-Feueralarm-1.jpg 1024w, https:\/\/www.markus-schall.de\/wp-content\/uploads\/FMK2025-Feueralarm-1-300x150.jpg 300w, https:\/\/www.markus-schall.de\/wp-content\/uploads\/FMK2025-Feueralarm-1-768x384.jpg 768w, https:\/\/www.markus-schall.de\/wp-content\/uploads\/FMK2025-Feueralarm-1-18x9.jpg 18w\" \/><\/div><span class=\"dpt-thumbnail-aspect-ratio\" style=\"padding-top: 75%\"><\/span><\/div><\/div><div class=\" sub-entry\"><h3 class=\" dpt-title\"><a class=\"dpt-title-link\" href=\"https:\/\/www.markus-schall.de\/tr\/2025\/09\/filemaker-konferenz-2025-ki-community-und-ein-unerwarteter-vorfall\/\" rel=\"bookmark\">FileMaker-Konferenz 2025: KI, Community und ein unerwarteter Vorfall<\/a><\/h3><\/div><\/div>\n\t\t\t\t\t\t<\/div><!-- .dpt-entry -->\n\t\t\t\t\t\t\t\t\t\t\t\t<div class=\"dpt-entry has-thumbnail\" data-title=\"die neuen eu-zensurgesetze: was chatcontrol, dsa, emfa und der ai act bedeuten\" data-id=\"3586\"  data-category=\"allgemein gesellschaft ki-systeme\" data-post_tag=\"datenschutz digitales eigentum eu-gesetze europa k\u00fcnstliche intelligenz llm meinungsfreiheit spieltheorie sprachmodell\">\n\t\t\t\t\t\t\t<div class=\"dpt-entry-wrapper\"><div class=\" dpt-featured-content\"><div class=\" dpt-permalink\"><a href=\"https:\/\/www.markus-schall.de\/tr\/2025\/11\/die-neuen-eu-zensurgesetze-was-chatcontrol-dsa-emfa-und-der-ai-act-bedeuten\/\" class=\"dpt-permalink\"><span class=\"screen-reader-text\">Die neuen EU-Zensurgesetze: Was Chatcontrol, DSA, EMFA und der AI Act bedeuten<\/span><\/a><\/div><div class=\" dpt-thumbnail\"><div class=\"dpt-thumbnail-inner\"><img width=\"1024\" height=\"683\" class=\"attachment-full size-full\" alt=\"EU Zensurgesetze\" context=\"dpt\" data-dpt-src=\"https:\/\/www.markus-schall.de\/wp-content\/uploads\/eu-zensurgesetze.jpg\" data-dpt-sizes=\"(max-width: 1024px) 100vw, 1024px\" data-dpt-srcset=\"https:\/\/www.markus-schall.de\/wp-content\/uploads\/eu-zensurgesetze.jpg 1024w, https:\/\/www.markus-schall.de\/wp-content\/uploads\/eu-zensurgesetze-300x200.jpg 300w, https:\/\/www.markus-schall.de\/wp-content\/uploads\/eu-zensurgesetze-768x512.jpg 768w, https:\/\/www.markus-schall.de\/wp-content\/uploads\/eu-zensurgesetze-18x12.jpg 18w\" \/><\/div><span class=\"dpt-thumbnail-aspect-ratio\" style=\"padding-top: 75%\"><\/span><\/div><\/div><div class=\" sub-entry\"><h3 class=\" dpt-title\"><a class=\"dpt-title-link\" href=\"https:\/\/www.markus-schall.de\/tr\/2025\/11\/die-neuen-eu-zensurgesetze-was-chatcontrol-dsa-emfa-und-der-ai-act-bedeuten\/\" rel=\"bookmark\">Die neuen EU-Zensurgesetze: Was Chatcontrol, DSA, EMFA und der AI Act bedeuten<\/a><\/h3><\/div><\/div>\n\t\t\t\t\t\t<\/div><!-- .dpt-entry -->\n\t\t\t\t\t\t\n\t\t\t\t<\/div>\n\t\t\t\t\t\t<\/div>\n\t\t\t\n<hr \/>\n","protected":false},"excerpt":{"rendered":"<p>Uluslararas\u0131 gerginliklerin artt\u0131\u011f\u0131 bir d\u00f6nemde, siyasi tart\u0131\u015fmalarda pek \u00e7ok vatanda\u015f\u0131n nas\u0131l kategorize edece\u011fini bilemedi\u011fi bir terim ortaya \u00e7\u0131kmaya devam ediyor: \"gerginlik vakas\u0131\". Peki bu durum Almanya'da ortaya \u00e7\u0131kt\u0131\u011f\u0131nda ger\u00e7ekte ne anlama geliyor? Ve bir gerilim vakas\u0131, genellikle ger\u00e7ek bir sava\u015fla ili\u015fkilendirilen daha tan\u0131d\u0131k savunma vakas\u0131ndan nas\u0131l farkl\u0131d\u0131r? Olas\u0131 sonu\u00e7lar\u0131 analiz etmek i\u00e7in ... <a title=\"Yeni AB sans\u00fcr yasalar\u0131: Chatcontrol, DSA, EMFA ve AI Yasas\u0131 ne anlama geliyor?\" class=\"read-more\" href=\"https:\/\/www.markus-schall.de\/tr\/2025\/11\/die-neuen-eu-zensurgesetze-was-chatcontrol-dsa-emfa-und-der-ai-act-bedeuten\/\" aria-label=\"Yeni AB sans\u00fcr yasalar\u0131 hakk\u0131nda daha fazla bilgi edinin: Chatcontrol, DSA, EMFA ve AI Yasas\u0131 ne anlama geliyor?\">Devam\u0131n\u0131 oku<\/a><\/p>","protected":false},"author":1,"featured_media":3002,"comment_status":"open","ping_status":"open","sticky":false,"template":"","format":"standard","meta":{"iawp_total_views":5071,"footnotes":""},"categories":[466,1,424,4],"tags":[425,480,482,447,426,429,448,484],"class_list":["post-2997","post","type-post","status-publish","format-standard","has-post-thumbnail","hentry","category-gesellschaft","category-allgemein","category-buecher","category-tipps-anleitungen","tag-buch","tag-deutschland","tag-geopolitik","tag-gesundheit","tag-krisen","tag-persoenlichkeitsentwicklung","tag-ratgeber","tag-sicherheitspolitik"],"_links":{"self":[{"href":"https:\/\/www.markus-schall.de\/tr\/wp-json\/wp\/v2\/posts\/2997","targetHints":{"allow":["GET"]}}],"collection":[{"href":"https:\/\/www.markus-schall.de\/tr\/wp-json\/wp\/v2\/posts"}],"about":[{"href":"https:\/\/www.markus-schall.de\/tr\/wp-json\/wp\/v2\/types\/post"}],"author":[{"embeddable":true,"href":"https:\/\/www.markus-schall.de\/tr\/wp-json\/wp\/v2\/users\/1"}],"replies":[{"embeddable":true,"href":"https:\/\/www.markus-schall.de\/tr\/wp-json\/wp\/v2\/comments?post=2997"}],"version-history":[{"count":39,"href":"https:\/\/www.markus-schall.de\/tr\/wp-json\/wp\/v2\/posts\/2997\/revisions"}],"predecessor-version":[{"id":6474,"href":"https:\/\/www.markus-schall.de\/tr\/wp-json\/wp\/v2\/posts\/2997\/revisions\/6474"}],"wp:featuredmedia":[{"embeddable":true,"href":"https:\/\/www.markus-schall.de\/tr\/wp-json\/wp\/v2\/media\/3002"}],"wp:attachment":[{"href":"https:\/\/www.markus-schall.de\/tr\/wp-json\/wp\/v2\/media?parent=2997"}],"wp:term":[{"taxonomy":"category","embeddable":true,"href":"https:\/\/www.markus-schall.de\/tr\/wp-json\/wp\/v2\/categories?post=2997"},{"taxonomy":"post_tag","embeddable":true,"href":"https:\/\/www.markus-schall.de\/tr\/wp-json\/wp\/v2\/tags?post=2997"}],"curies":[{"name":"wp","href":"https:\/\/api.w.org\/{rel}","templated":true}]}}