{"id":3486,"date":"2025-11-13T10:21:13","date_gmt":"2025-11-13T10:21:13","guid":{"rendered":"https:\/\/www.markus-schall.de\/?p=3486"},"modified":"2026-04-01T14:59:41","modified_gmt":"2026-04-01T14:59:41","slug":"abni%cc%87n-di%cc%87ji%cc%87tal-ki%cc%87mli%cc%87gi%cc%87-guenluek-yasamda-kontrol-ve-ri%cc%87ski%cc%87-bi%cc%87rbi%cc%87ri%cc%87ne-bagliyor","status":"publish","type":"post","link":"https:\/\/www.markus-schall.de\/tr\/2025\/11\/abni%cc%87n-di%cc%87ji%cc%87tal-ki%cc%87mli%cc%87gi%cc%87-guenluek-yasamda-kontrol-ve-ri%cc%87ski%cc%87-bi%cc%87rbi%cc%87ri%cc%87ne-bagliyor\/","title":{"rendered":"AB'nin dijital kimli\u011fi: g\u00fcnl\u00fck ya\u015famda ba\u011flant\u0131, kontrol ve riskler"},"content":{"rendered":"<p>\u201eDijital kimlik\u201c, \u201eAvrupa kimlik c\u00fczdan\u0131\u201c veya \u201eEUDI c\u00fczdan\u0131 \u201cn\u0131 duydu\u011funuzda, ilk ba\u015fta kula\u011fa soyut geliyor - neredeyse Br\u00fcksel'den gelen ba\u015fka bir karma\u015f\u0131k BT projesi gibi. Pek \u00e7ok ki\u015fi, AB d\u00fczenlemelerinin temelini olu\u015fturan \u201eeIDAS 2.0 \u201c\u0131 bilin\u00e7li olarak hi\u00e7 duymam\u0131\u015ft\u0131r. Oysa bu proje uzun vadede neredeyse her Avrupa Birli\u011fi vatanda\u015f\u0131n\u0131 etkileyecek.<\/p>\n<p>\u00d6z\u00fcnde, onlarca y\u0131ld\u0131r g\u00fcnl\u00fck hayat\u0131m\u0131zda ka\u011f\u0131t \u00fczerinde veya plastik bir kart olarak yan\u0131m\u0131zda ta\u015f\u0131d\u0131\u011f\u0131m\u0131z bir \u015feyle ilgili: kimli\u011fimizin resmi kan\u0131t\u0131. \u015eimdiye kadar kimlik kart\u0131, ehliyet, sa\u011fl\u0131k sigortas\u0131 kart\u0131, vergi kimli\u011fi, hesap giri\u015fi, sigorta numaras\u0131 gibi \u00e7e\u015fitli belgelere sahiptik. Her sistem ayr\u0131 ayr\u0131 \u00e7al\u0131\u015f\u0131yor, her birinin kendine has s\u00fcre\u00e7leri var, \u00e7o\u011fu zaman kafa kar\u0131\u015ft\u0131r\u0131c\u0131 ve bazen de can s\u0131k\u0131c\u0131.<\/p>\n<p>AB \u015fimdi bu da\u011f\u0131n\u0131k kimlik alanlar\u0131n\u0131 standartla\u015ft\u0131r\u0131lm\u0131\u015f bir dijital \u00e7\u00f6z\u00fcmde birle\u015ftirme hedefini takip ediyor.<!--more--> Yetkililere ziyaretler, bankac\u0131l\u0131k i\u015flemleri, t\u0131bbi eri\u015fim, biletler, s\u00f6zle\u015fmeler ve di\u011fer bir\u00e7ok durum i\u00e7in kullan\u0131labilen bir ak\u0131ll\u0131 telefonda bir t\u00fcr dijital kimlik kart\u0131. Bunun i\u00e7in se\u00e7ilen form \u201ec\u00fczdan\u201c olarak adland\u0131r\u0131l\u0131r: kimli\u011fin t\u00fcm \u00f6nemli dijital kan\u0131tlar\u0131n\u0131 i\u00e7eren bir uygulama.<\/p>\n<p>Konu ger\u00e7ekten \u00e7ok karma\u015f\u0131k ve biraz kuru, bu y\u00fczden bu olduk\u00e7a kapsaml\u0131 makalede her \u015feyi olabildi\u011fince k\u0131sa ve anla\u015f\u0131l\u0131r tutmaya \u00e7al\u0131\u015faca\u011f\u0131m.<\/p>\n<hr \/>\n\n\t\t\t<div class=\"display-post-types\">\n\n\t\t\t\t\t\t\t<style type=\"text\/css\">\n\t\t\t#dpt-wrapper-111 { --dpt-text-align: left;--dpt-image-crop: center;--dpt-border-radius: 5px;--dpt-h-gutter: 10px;--dpt-v-gutter: 9px; }\t\t\t<\/style>\n\t\t\t<style type=\"text\/css\">#dpt-wrapper-111 { --dpt-title-font-style:normal;--dpt-title-font-weight:600;--dpt-title-line-height:1.5;--dpt-title-text-decoration:none;--dpt-title-text-transform:none;--dpt-excerpt-font-style:normal;--dpt-excerpt-font-weight:400;--dpt-excerpt-line-height:1.5;--dpt-excerpt-text-decoration:none;--dpt-excerpt-text-transform:none;--dpt-meta1-font-style:normal;--dpt-meta1-font-weight:400;--dpt-meta1-line-height:1.9;--dpt-meta1-text-decoration:none;--dpt-meta1-text-transform:none;--dpt-meta2-font-style:normal;--dpt-meta2-font-weight:400;--dpt-meta2-line-height:1.9;--dpt-meta2-text-decoration:none;--dpt-meta2-text-transform:none; }<\/style><div class=\"dpt-main-header\">\n\t\t\t\t\t\t<div class=\"dpt-main-title\">\n\t\t\t\t\t\t\t<span class=\"dpt-main-title-text\">G\u00fcn\u00fcm\u00fcz\u00fcn sosyal sorunlar\u0131<\/span>\n\t\t\t\t\t\t<\/div>\n\t\t\t\t\t\t\n\t\t\t\t\t\t\n\t\t\t\t\t\t\n\t\t\t\t\t\t<\/div>\t\t\t\n\t\t\t\t<div id=\"dpt-wrapper-111\" class=\"dpt-wrapper dpt-mag1 land1 dpt-cropped dpt-flex-wrap\" >\n\n\t\t\t\t\t\t\t\t\t\t\t<div class=\"dpt-entry has-thumbnail\" data-title=\"wie ich in vier monaten f\u00fcnf b\u00fccher in zwei sprachen geschrieben habe\" data-id=\"2775\"  data-category=\"allgemein b\u00fccher gesellschaft tipps &amp; anleitungen\" data-post_tag=\"buch digitales eigentum lernen prozesse publishing verlag\">\n\t\t\t\t\t\t\t<div class=\"dpt-entry-wrapper\"><div class=\"dpt-featured-content\"><div class=\"dpt-permalink\"><a href=\"https:\/\/www.markus-schall.de\/tr\/2025\/09\/doert-ayda-i%cc%87ki%cc%87-di%cc%87lde-bes-ki%cc%87tabi-nasil-yazdim\/\" class=\"dpt-permalink\"><span class=\"screen-reader-text\">D\u00f6rt ayda iki dilde be\u015f kitab\u0131 nas\u0131l yazd\u0131m?<\/span><\/a><\/div><div class=\"dpt-thumbnail\"><div class=\"dpt-thumbnail-inner\"><img width=\"1920\" height=\"1280\" class=\"attachment-full size-full\" alt=\"Affinity ve BoD ile kitap yazma\" context=\"dpt\" data-dpt-src=\"https:\/\/www.markus-schall.de\/wp-content\/uploads\/buecher-affinity-bod-selfpublishing.jpg\" data-dpt-sizes=\"(max-width: 1920px) 100vw, 1920px\" data-dpt-srcset=\"https:\/\/www.markus-schall.de\/wp-content\/uploads\/buecher-affinity-bod-selfpublishing.jpg 1920w, https:\/\/www.markus-schall.de\/wp-content\/uploads\/buecher-affinity-bod-selfpublishing-300x200.jpg 300w, https:\/\/www.markus-schall.de\/wp-content\/uploads\/buecher-affinity-bod-selfpublishing-1024x683.jpg 1024w, https:\/\/www.markus-schall.de\/wp-content\/uploads\/buecher-affinity-bod-selfpublishing-768x512.jpg 768w, https:\/\/www.markus-schall.de\/wp-content\/uploads\/buecher-affinity-bod-selfpublishing-1536x1024.jpg 1536w, https:\/\/www.markus-schall.de\/wp-content\/uploads\/buecher-affinity-bod-selfpublishing-18x12.jpg 18w\" \/><\/div><span class=\"dpt-thumbnail-aspect-ratio\" style=\"padding-top: 75%\"><\/span><\/div><\/div><div class=\"sub-entry\"><h3 class=\"dpt-title\"><a class=\"dpt-title-link\" href=\"https:\/\/www.markus-schall.de\/tr\/2025\/09\/doert-ayda-i%cc%87ki%cc%87-di%cc%87lde-bes-ki%cc%87tabi-nasil-yazdim\/\" rel=\"bookmark\">D\u00f6rt ayda iki dilde be\u015f kitab\u0131 nas\u0131l yazd\u0131m?<\/a><\/h3><\/div><\/div>\n\t\t\t\t\t\t<\/div><!-- .dpt-entry -->\n\t\t\t\t\t\t\t\t\t\t\t\t<div class=\"dpt-entry has-thumbnail\" data-title=\"kriegst\u00fcchtigkeit, wehrpflicht &#038; verweigerung: was im ernstfall zu tun ist\" data-id=\"2966\"  data-category=\"allgemein b\u00fccher gesellschaft tipps &amp; anleitungen\" data-post_tag=\"buch deutschland geopolitik gesundheit krisen pers\u00f6nlichkeitsentwicklung ratgeber sicherheitspolitik\">\n\t\t\t\t\t\t\t<div class=\"dpt-entry-wrapper\"><div class=\"dpt-featured-content\"><div class=\"dpt-permalink\"><a href=\"https:\/\/www.markus-schall.de\/tr\/2025\/09\/askerli%cc%87k-hi%cc%87zmeti%cc%87ne-karsi-vi%cc%87cdani%cc%87-ret-aci%cc%87l-durumlarda-ne-yapilmali\/\" class=\"dpt-permalink\"><span class=\"screen-reader-text\">Sava\u015fa uygunluk, zorunlu askerlik ve ret: acil bir durumda ne yapmal\u0131<\/span><\/a><\/div><div class=\"dpt-thumbnail\"><div class=\"dpt-thumbnail-inner\"><img width=\"1536\" height=\"1024\" class=\"attachment-full size-full\" alt=\"Zorunlu askerlik: askerlik hizmetini reddetmek\" context=\"dpt\" data-dpt-src=\"https:\/\/www.markus-schall.de\/wp-content\/uploads\/wehrpflicht-kriegsdienst-verweigern.jpg\" data-dpt-sizes=\"(max-width: 1536px) 100vw, 1536px\" data-dpt-srcset=\"https:\/\/www.markus-schall.de\/wp-content\/uploads\/wehrpflicht-kriegsdienst-verweigern.jpg 1536w, https:\/\/www.markus-schall.de\/wp-content\/uploads\/wehrpflicht-kriegsdienst-verweigern-300x200.jpg 300w, https:\/\/www.markus-schall.de\/wp-content\/uploads\/wehrpflicht-kriegsdienst-verweigern-1024x683.jpg 1024w, https:\/\/www.markus-schall.de\/wp-content\/uploads\/wehrpflicht-kriegsdienst-verweigern-768x512.jpg 768w, https:\/\/www.markus-schall.de\/wp-content\/uploads\/wehrpflicht-kriegsdienst-verweigern-18x12.jpg 18w\" \/><\/div><span class=\"dpt-thumbnail-aspect-ratio\" style=\"padding-top: 75%\"><\/span><\/div><\/div><div class=\"sub-entry\"><h3 class=\"dpt-title\"><a class=\"dpt-title-link\" href=\"https:\/\/www.markus-schall.de\/tr\/2025\/09\/askerli%cc%87k-hi%cc%87zmeti%cc%87ne-karsi-vi%cc%87cdani%cc%87-ret-aci%cc%87l-durumlarda-ne-yapilmali\/\" rel=\"bookmark\">Sava\u015fa uygunluk, zorunlu askerlik ve ret: acil bir durumda ne yapmal\u0131<\/a><\/h3><\/div><\/div>\n\t\t\t\t\t\t<\/div><!-- .dpt-entry -->\n\t\t\t\t\t\t\t\t\t\t\t\t<div class=\"dpt-entry has-thumbnail\" data-title=\"jan-josef liefers: ein portr\u00e4t \u00fcber haltung, herkunft und k\u00fcnstlerische freiheit\" data-id=\"3854\"  data-category=\"allgemein gesellschaft kunst &amp; kultur\" data-post_tag=\"deutschland erfahrungen krisen lernen meinungsfreiheit musik pers\u00f6nlichkeitsentwicklung portrait\">\n\t\t\t\t\t\t\t<div class=\"dpt-entry-wrapper\"><div class=\"dpt-featured-content\"><div class=\"dpt-permalink\"><a href=\"https:\/\/www.markus-schall.de\/tr\/2025\/12\/jan-josef-liefers-bi%cc%87r-tutum-koeken-ve-sanatsal-oezguerluek-portresi%cc%87\/\" class=\"dpt-permalink\"><span class=\"screen-reader-text\">Jan-Josef Liefers: Tav\u0131r, k\u00f6ken ve sanatsal \u00f6zg\u00fcrl\u00fck \u00fczerine bir portre<\/span><\/a><\/div><div class=\"dpt-thumbnail\"><div class=\"dpt-thumbnail-inner\"><img width=\"1024\" height=\"683\" class=\"attachment-full size-full\" alt=\"Jan-Josef Liefers\" context=\"dpt\" data-dpt-src=\"https:\/\/www.markus-schall.de\/wp-content\/uploads\/jan-josef-liefers-silhouette.jpg\" data-dpt-sizes=\"(max-width: 1024px) 100vw, 1024px\" data-dpt-srcset=\"https:\/\/www.markus-schall.de\/wp-content\/uploads\/jan-josef-liefers-silhouette.jpg 1024w, https:\/\/www.markus-schall.de\/wp-content\/uploads\/jan-josef-liefers-silhouette-300x200.jpg 300w, https:\/\/www.markus-schall.de\/wp-content\/uploads\/jan-josef-liefers-silhouette-768x512.jpg 768w, https:\/\/www.markus-schall.de\/wp-content\/uploads\/jan-josef-liefers-silhouette-18x12.jpg 18w\" \/><\/div><span class=\"dpt-thumbnail-aspect-ratio\" style=\"padding-top: 75%\"><\/span><\/div><\/div><div class=\"sub-entry\"><h3 class=\"dpt-title\"><a class=\"dpt-title-link\" href=\"https:\/\/www.markus-schall.de\/tr\/2025\/12\/jan-josef-liefers-bi%cc%87r-tutum-koeken-ve-sanatsal-oezguerluek-portresi%cc%87\/\" rel=\"bookmark\">Jan-Josef Liefers: Tav\u0131r, k\u00f6ken ve sanatsal \u00f6zg\u00fcrl\u00fck \u00fczerine bir portre<\/a><\/h3><\/div><\/div>\n\t\t\t\t\t\t<\/div><!-- .dpt-entry -->\n\t\t\t\t\t\t\t\t\t\t\t\t<div class=\"dpt-entry has-thumbnail\" data-title=\"taiwan verstehen: geschichte, statusfrage und die risiken einer vernetzten welt\" data-id=\"4314\"  data-category=\"allgemein gesellschaft hardware\" data-post_tag=\"europa geopolitik krisen prozesse sicherheitspolitik spieltheorie\">\n\t\t\t\t\t\t\t<div class=\"dpt-entry-wrapper\"><div class=\"dpt-featured-content\"><div class=\"dpt-permalink\"><a href=\"https:\/\/www.markus-schall.de\/tr\/2026\/01\/tayvan-tari%cc%87hi%cc%87ni%cc%87-anlamak-statue-sorunu-ve-aga-bagli-bi%cc%87r-duenyanin-ri%cc%87skleri%cc%87\/\" class=\"dpt-permalink\"><span class=\"screen-reader-text\">Tayvan'\u0131 Anlamak: Tarih, stat\u00fc sorunlar\u0131 ve birbirine ba\u011fl\u0131 bir d\u00fcnyan\u0131n riskleri<\/span><\/a><\/div><div class=\"dpt-thumbnail\"><div class=\"dpt-thumbnail-inner\"><img width=\"1024\" height=\"683\" class=\"attachment-full size-full\" alt=\"Bir d\u00f6n\u00fcm noktas\u0131 olarak Tayvan\" context=\"dpt\" data-dpt-src=\"https:\/\/www.markus-schall.de\/wp-content\/uploads\/Taiwan-Kippunkt-Titel.jpg\" data-dpt-sizes=\"(max-width: 1024px) 100vw, 1024px\" data-dpt-srcset=\"https:\/\/www.markus-schall.de\/wp-content\/uploads\/Taiwan-Kippunkt-Titel.jpg 1024w, https:\/\/www.markus-schall.de\/wp-content\/uploads\/Taiwan-Kippunkt-Titel-300x200.jpg 300w, https:\/\/www.markus-schall.de\/wp-content\/uploads\/Taiwan-Kippunkt-Titel-768x512.jpg 768w, https:\/\/www.markus-schall.de\/wp-content\/uploads\/Taiwan-Kippunkt-Titel-18x12.jpg 18w\" \/><\/div><span class=\"dpt-thumbnail-aspect-ratio\" style=\"padding-top: 75%\"><\/span><\/div><\/div><div class=\"sub-entry\"><h3 class=\"dpt-title\"><a class=\"dpt-title-link\" href=\"https:\/\/www.markus-schall.de\/tr\/2026\/01\/tayvan-tari%cc%87hi%cc%87ni%cc%87-anlamak-statue-sorunu-ve-aga-bagli-bi%cc%87r-duenyanin-ri%cc%87skleri%cc%87\/\" rel=\"bookmark\">Tayvan'\u0131 Anlamak: Tarih, stat\u00fc sorunlar\u0131 ve birbirine ba\u011fl\u0131 bir d\u00fcnyan\u0131n riskleri<\/a><\/h3><\/div><\/div>\n\t\t\t\t\t\t<\/div><!-- .dpt-entry -->\n\t\t\t\t\t\t\n\t\t\t\t<\/div>\n\t\t\t\t\t\t<\/div>\n\t\t\t\n<hr \/>\n<h2>Dijital kimlik ve eIDAS 2.0 ile ilgili son haberler<\/h2>\n<p><strong>01.04.2026<\/strong>: \u0130spanya'da <a href=\"https:\/\/www.ad-hoc-news.de\/boerse\/news\/ueberblick\/spanien-investiert-in-digitale-identitaet-fuer-eidas-2-0\/68696760\" target=\"_blank\" rel=\"noopener\"><strong>eIDAS 2.0 \u00e7er\u00e7evesinde dijital kimliklerin olu\u015fturulmas\u0131<\/strong><\/a> aktif olarak ilerliyor. Dijital d\u00f6n\u00fc\u015f\u00fcmden sorumlu devlet kurumu, \u00f6zellikle \u015firketler i\u00e7in g\u00fcvenli kimlik \u00e7\u00f6z\u00fcmleri geli\u015ftiren bir start-up'a yat\u0131r\u0131m yap\u0131yor. Bu finansman daha b\u00fcy\u00fck bir kamu-\u00f6zel giri\u015fiminin par\u00e7as\u0131d\u0131r ve \u00fcye devletlerin Avrupa gerekliliklerini uygulamak i\u00e7in kendi teknolojilerini nas\u0131l geli\u015ftirdiklerini g\u00f6stermektedir. eIDAS 2.0'\u0131n amac\u0131, vatanda\u015flar\u0131n ve \u015firketlerin kendilerini \u00e7evrimi\u00e7i olarak tan\u0131mlayabilecekleri ve dijital kan\u0131t kullanabilecekleri, \u00f6rne\u011fin bir c\u00fczdan \u015feklinde, Avrupa \u00e7ap\u0131nda standartla\u015ft\u0131r\u0131lm\u0131\u015f bir dijital kimlik olu\u015fturmakt\u0131r. Ayn\u0131 zamanda, uygulaman\u0131n sadece d\u00fczenleme a\u00e7\u0131s\u0131ndan de\u011fil, teknoloji a\u00e7\u0131s\u0131ndan da ileriye g\u00f6t\u00fcr\u00fcld\u00fc\u011f\u00fc a\u00e7\u0131kt\u0131r. \u0130spanya'da oldu\u011fu gibi ulusal yat\u0131r\u0131mlar Avrupa'da \u00f6zel \u00e7\u00f6z\u00fcmler i\u00e7in rekabeti vurgulamaktad\u0131r. Sonu\u00e7 olarak dijital kimlik giderek siyasi bir kavram olmaktan \u00e7\u0131k\u0131p devletler, \u015firketler ve dijital altyap\u0131 i\u00e7in stratejik \u00f6neme sahip somut bir pazara d\u00f6n\u00fc\u015fmektedir.<\/p>\n<hr \/>\n<h2>Neden bir Avrupa \u00e7\u00f6z\u00fcm\u00fc? Arkas\u0131ndaki resmi fikir<\/h2>\n<p>Avrupa Birli\u011fi ay\u0131k bir \u015fekilde tart\u0131\u015f\u0131yor:<\/p>\n<ul>\n<li>Vatanda\u015flar Avrupa'n\u0131n her yerinde kendilerini dijital olarak tan\u0131mlayabilmelidir.<\/li>\n<li>\u015eirketler ve yetkililer, bir ki\u015finin ger\u00e7ekten s\u00f6yledi\u011fi ki\u015fi olup olmad\u0131\u011f\u0131n\u0131 g\u00fcvenilir bir \u015fekilde kontrol edebilmelidir.<\/li>\n<li>C\u00fczdan kolayl\u0131k getirmelidir - daha az \u015fifre, daha az ka\u011f\u0131t, daha az ayr\u0131 giri\u015f.<\/li>\n<\/ul>\n<p>\u0130lk bak\u0131\u015fta resmi vizyon kula\u011fa modern ve pragmatik geliyor: 20 farkl\u0131 eri\u015fim y\u00f6ntemi yerine tek bir standartla\u015ft\u0131r\u0131lm\u0131\u015f kimlik mekanizmas\u0131 yeterli olacakt\u0131r. Bunun arkas\u0131ndaki ilke \u015fu mant\u0131\u011fa dayanmaktad\u0131r: \u201eBir kez tan\u0131mlan\u0131r - her yerde g\u00fcvenli bir \u015fekilde kullan\u0131l\u0131r.\u201c<\/p>\n<h3>Tarih\u00e7e ve Arka Plan<\/h3>\n<p>Bu, 2016 y\u0131l\u0131ndan itibaren \u00dcye Devletlerde uygulanan elektronik kimlik ve g\u00fcven hizmetlerine ili\u015fkin 910\/2014 say\u0131l\u0131 T\u00fcz\u00fc\u011fe (\u201eeIDAS\u201c) dayanmaktad\u0131r. Haziran 2021'de Avrupa Komisyonu, elektronik kimlik <a href=\"https:\/\/www.bitkom.org\/sites\/main\/files\/2021-09\/20210915_bitkom-position-paper-digital-id-consultation.pdf\" target=\"_blank\" rel=\"noopener\"><strong>Teklif<\/strong><\/a> AB vatanda\u015flar\u0131 i\u00e7in standartla\u015ft\u0131r\u0131lm\u0131\u015f bir dijital kimlik olu\u015fturmak amac\u0131yla kapsaml\u0131 bir reform i\u00e7in. Yeni d\u00fczenleme 20 May\u0131s 2024 tarihinde y\u00fcr\u00fcrl\u00fc\u011fe girmi\u015ftir. <a href=\"https:\/\/ec.europa.eu\/digital-building-blocks\/sites\/spaces\/EUDIGITALIDENTITYWALLET\/pages\/736100362\/The%2BDigital%2BIdentity%2BRegulation%2BEnters%2Binto%2BForce\" target=\"_blank\" rel=\"noopener\"><strong>2024\/1183 say\u0131l\u0131 T\u00fcz\u00fck (AB)<\/strong><\/a> (\u201eeIDAS 2.0\u201c veya \u201eAvrupa Dijital Kimlik \u00c7er\u00e7evesi\u201c) y\u00fcr\u00fcrl\u00fc\u011fe girmi\u015ftir.<\/p>\n<p>Bu, \u00fcye devletleri belirli bir tarihe kadar bir c\u00fczdan \u00e7\u00f6z\u00fcm\u00fc sunmakla y\u00fck\u00fcml\u00fc k\u0131lmaktad\u0131r.<\/p>\n<p><strong>Mevcut durum (2025 ortas\u0131 \/ sonu itibariyle)<\/strong><\/p>\n<ul>\n<li>AB Komisyonu, t\u00fcm \u00fcye devletlerin <a href=\"https:\/\/ec.europa.eu\/digital-building-blocks\/sites\/spaces\/EUDIGITALIDENTITYWALLET\/pages\/694487738\/EU%2BDigital%2BIdentity%2BWallet%2BHome\" target=\"_blank\" rel=\"noopener\"><strong>2026'ya kadar<\/strong><\/a> en az bir sertifikal\u0131 c\u00fczdan sunmal\u0131d\u0131r.<\/li>\n<li>Almanya'da haz\u0131rl\u0131k \u00e7al\u0131\u015fmalar\u0131 ve pilot uygulamalar halihaz\u0131rda devam etmektedir, \u00f6rne\u011fin teknik testler <a href=\"https:\/\/www.lissi.id\/blog\/germanys-eudi-wallet-sandbox-is-coming-your-guide-to-getting-ready\" target=\"_blank\" rel=\"noopener\"><strong>Sandbox modelleri<\/strong><\/a>.<\/li>\n<li>\u00c7e\u015fitli \u00dcye Devletlerde mobil ehliyet, e\u011fitim, \u00f6demeler ve s\u0131n\u0131r belirleme gibi kullan\u0131m durumlar\u0131n\u0131 test etmek i\u00e7in b\u00fcy\u00fck \u00f6l\u00e7ekli pilot \u00e7al\u0131\u015fmalar y\u00fcr\u00fct\u00fclmektedir.<\/li>\n<li>G\u00fcvenlik, birlikte \u00e7al\u0131\u015fabilirlik ve i\u015flevsellik i\u00e7in teknik uygulama eylemleri <a href=\"https:\/\/utimaco.com\/news\/blog-posts\/eidas-20-and-eu-digital-identity-wallet-status-quo\" target=\"_blank\" rel=\"noopener\"><strong>yay\u0131nland\u0131<\/strong><\/a> veya yay\u0131nlan\u0131r - \u00f6rne\u011fin c\u00fczdan mimarileri i\u00e7in spesifikasyonlar.<\/li>\n<\/ul>\n<h3>Outlook - s\u0131rada ne var?<\/h3>\n<ul>\n<li>2026 y\u0131l\u0131 sonuna kadar her \u00fcye \u00fclke ortak AB standartlar\u0131n\u0131 kar\u015f\u0131layan bir c\u00fczdan sunmal\u0131d\u0131r.<\/li>\n<li>Bundan sonraki y\u0131llarda (\u00f6rne\u011fin Aral\u0131k 2027'ye kadar) <a href=\"https:\/\/en.wikipedia.org\/wiki\/EU_Digital_Identity_Wallet\" target=\"_blank\" rel=\"noopener\"><strong>\u00d6zel ve d\u00fczenlenmi\u015f hizmetler<\/strong><\/a> (bankalar, sa\u011fl\u0131k hizmetleri vb.) c\u00fczdan\u0131 bir kimlik arac\u0131 olarak kabul etmek zorunda kalabilir.<\/li>\n<li>AB'nin uzun vadeli hedefi: <a href=\"https:\/\/www.markus-schall.de\/tr\/2025\/11\/elektroni%cc%87k-hasta-kaydi-epa-fact-check-ri%cc%87skler-haklar-ve-i%cc%87ti%cc%87razlar\/\" target=\"_blank\" rel=\"noopener\"><strong>2030 y\u0131l\u0131na kadar, n\u00fcfusun \u00e7o\u011funlu\u011fu<\/strong><\/a> AB vatanda\u015flar\u0131n\u0131n \u00e7o\u011fu dijital kimlik kullanmaktad\u0131r.<\/li>\n<li>Teknik ve organizasyonel zorluklar devam etmektedir: S\u0131n\u0131r \u00f6tesi birlikte \u00e7al\u0131\u015fabilirlik, veri koruma standartlar\u0131, i\u015f ve resmi uygulamalar\u0131n hala bir\u00e7ok durumda uyarlanmas\u0131 gerekmektedir.<\/li>\n<\/ul>\n<h2>Teknik olarak c\u00fczdanda ne var - ne yok<\/h2>\n<h3>Temel veriler (PID)<\/h3>\n<p>Bir Avrupa kimlik c\u00fczdan\u0131, bir devletin bir vatanda\u015f hakk\u0131nda sahip oldu\u011fu t\u00fcm bilgileri i\u00e7ermez. Bunun yerine, Ki\u015fi Tan\u0131mlama Verileri (PID) olarak adland\u0131r\u0131lan bilgileri i\u00e7ermelidir. Bu, bir kimlik kart\u0131nda da bulunabilecek temel kimlik verilerini i\u00e7erir:<\/p>\n<ul>\n<li>\u0130sim<\/li>\n<li>Do\u011fum tarihi<\/li>\n<li>Uyruk<\/li>\n<li>Kimlik numaras\u0131<\/li>\n<\/ul>\n<p>Bu veriler bir kez do\u011frulan\u0131r - \u00f6rne\u011fin kimlik kart\u0131ndaki \u00e7ip veya ba\u015fka bir devlet prosed\u00fcr\u00fc arac\u0131l\u0131\u011f\u0131yla - ve ard\u0131ndan c\u00fczdana aktar\u0131l\u0131r.<\/p>\n<h3>Ek kan\u0131t (kimlik bilgileri)<\/h3>\n<p>Bu temele ek olarak, ba\u015fka \u201edijital kan\u0131tlar\u201c da saklanabilir. Bu, c\u00fczdan\u0131 g\u00fc\u00e7l\u00fc ve ayn\u0131 zamanda kritik k\u0131lan aland\u0131r. Olas\u0131 ek kan\u0131tlar:<\/p>\n<ul>\n<li>dijital ehliyet<\/li>\n<li>Derece<\/li>\n<li>Sa\u011fl\u0131k sigortas\u0131 belgesi<\/li>\n<li>\u0130kamet teyidi<\/li>\n<li>s\u00f6zle\u015fmeler i\u00e7in elektronik imza<\/li>\n<li>Banka hesaplar\u0131na veya \u00f6deme hizmetlerine eri\u015fim<\/li>\n<\/ul>\n<p>Bunlar\u0131n hepsi zorunlu de\u011fildir. Platform, teorik olarak m\u00fcmk\u00fcn olacak \u015fekilde in\u015fa edilmi\u015ftir - daha sonra neyin kullan\u0131laca\u011f\u0131 ulusal kararlara ve ekonomik \u00e7\u0131karlara ba\u011fl\u0131d\u0131r.<\/p>\n<h2>Teknik vaat: \u201eHer \u015fey yerel kalacak\u201c<\/h2>\n<p>AB, c\u00fczdan\u0131n ak\u0131ll\u0131 telefonda yerel olarak bulundu\u011funu vurgulamaktad\u0131r. Bu \u015fu anlama geliyor<\/p>\n<ul>\n<li>Kan\u0131tlar cihaz\u0131n haf\u0131zas\u0131nda saklan\u0131r.<\/li>\n<li>Kontrol kullan\u0131c\u0131da kalmal\u0131d\u0131r.<\/li>\n<li>Sadece bir i\u015flem i\u00e7in gerekli olanlar a\u00e7\u0131klan\u0131r (\u201ese\u00e7ici a\u00e7\u0131klama\u201c).<\/li>\n<\/ul>\n<p>Bu kula\u011fa g\u00fcven verici geliyor ve ayn\u0131 zamanda onlarca y\u0131ll\u0131k dijital geli\u015fimde modern bir yakla\u015f\u0131m - b\u00fcy\u00fck merkezi veri tabanlar\u0131ndan uzak ve kullan\u0131c\u0131 kontrol\u00fcne do\u011fru.<\/p>\n<h3>\u015e\u00fcphecili\u011fin ba\u015flad\u0131\u011f\u0131 yer<\/h3>\n<p>Bir\u00e7ok ele\u015ftirmen teknolojinin iyi tasarland\u0131\u011f\u0131 konusunda hemfikir. Endi\u015fe, verilerin depoland\u0131\u011f\u0131 konumdan ziyade c\u00fczdan\u0131n i\u00e7inde \u00e7al\u0131\u015ft\u0131\u011f\u0131 genel sistemle ilgilidir. \u00c7\u00fcnk\u00fc t\u00fcm veriler yerel olarak saklansa bile, her i\u015flem i\u00e7in<\/p>\n<ul>\n<li>bir hizmete ba\u011flant\u0131 (\u201eG\u00fcvenen Taraf\u201c),<\/li>\n<li>\u0130spat\u0131n ge\u00e7erli oldu\u011funu teyit eden sertifikalar,<\/li>\n<li>Bir incelemenin ger\u00e7ekle\u015fti\u011fini kan\u0131tlayan protokoller.<\/li>\n<\/ul>\n<p>Bu da zaman, konum, kan\u0131t t\u00fcr\u00fc, al\u0131c\u0131 hizmetin kimli\u011fi gibi meta veriler \u00fcretir. Ve veri koruma uzmanlar\u0131n\u0131n potansiyel olarak tehlikeli olarak s\u0131n\u0131fland\u0131rd\u0131\u011f\u0131 \u015fey de bu meta verilerin birle\u015fimidir.<\/p>\n<h2>Resmi koruma mekanizmalar\u0131 - ve bunlar\u0131n s\u0131n\u0131rlar\u0131<\/h2>\n<p>C\u00fczdan sadece bir hizmetin ger\u00e7ekten ihtiya\u00e7 duydu\u011fu \u015feyleri g\u00f6stermelidir. \u00d6rnek: Bir bara girebilmek i\u00e7in do\u011fum tarihinin belirtilmesi gerekmez, sadece \u201e18 ya\u015f\u0131ndan b\u00fcy\u00fck\u201c olmak yeterlidir. Bu faydal\u0131 bir \u00f6zelliktir - ancak sadece \u015fu kadar iyidir:<\/p>\n<ul>\n<li>sa\u011flay\u0131c\u0131lar taraf\u0131ndan uygulama<\/li>\n<li>belgelendi\u0307rme kurallari<\/li>\n<li>ve uygulaman\u0131n teknik b\u00fct\u00fcnl\u00fc\u011f\u00fc<\/li>\n<\/ul>\n<h3>Kriptografi ve sertifikalar<\/h3>\n<p>Veriler kriptografik olarak korunmaktad\u0131r. Bu, al\u0131c\u0131n\u0131n kan\u0131t\u0131n ger\u00e7ek olup olmad\u0131\u011f\u0131n\u0131 kontrol edebilece\u011fi anlam\u0131na gelir. Yolda kimse i\u00e7eri\u011fi de\u011fi\u015ftiremez. Ancak kriptografi, bir kan\u0131t\u0131n talep edildi\u011fini kimin g\u00f6rebilece\u011fi sorununu \u00e7\u00f6zmez.<\/p>\n<h3>\u201eG\u00fcvenilir Listeler\u201c<\/h3>\n<p>Her \u00fclke g\u00fcvenilir hizmet sa\u011flay\u0131c\u0131lar\u0131n\u0131n bir listesini tutar. Sadece bunlar kan\u0131t okuma yetkisine sahiptir. Kula\u011fa kontrol gibi geliyor ama ele\u015ftirmenler soruyor: Kimin bu listede olaca\u011f\u0131na kim karar veriyor? \u0130\u015fin i\u00e7ine siyasi ya da ekonomik \u00e7\u0131karlar girerse suistimal nas\u0131l \u00f6nlenir?<\/p>\n<h2>Bu ilk b\u00f6l\u00fcm neden bu kadar \u00f6nemli?<\/h2>\n<p>Bu b\u00f6l\u00fcm bilin\u00e7li olarak a\u00e7\u0131k ve anla\u015f\u0131l\u0131r bir temeli vurgulamaktad\u0131r - \u00e7\u00fcnk\u00fc bu temel olmadan daha sonraki ele\u015ftiri noktalar\u0131 anla\u015f\u0131lamaz. A\u00e7\u0131k konu\u015fmak gerekirse, c\u00fczdan\u0131n kendisi bir\u00e7ok \u015feyi geli\u015ftiren teknik bir ara\u00e7t\u0131r. Ancak as\u0131l mesele uygulama de\u011fil, verilerin hayat\u0131n t\u00fcm alanlar\u0131yla ili\u015fkilendirilebilmesidir.<\/p>\n<p>Ve daha sonra - ilerleyen b\u00f6l\u00fcmlerde - ana tema haline gelecek olan da tam olarak bu ba\u011flanabilirliktir:<\/p>\n<ul>\n<li>Sa\u011fl\u0131k<\/li>\n<li>Banka<\/li>\n<li>dijital para birimleri<\/li>\n<li>H\u00fck\u00fcmet sistemleri<\/li>\n<li>Sigortalar<\/li>\n<li>Hareketlilik verileri<\/li>\n<li>\u0130leti\u015fim hizmetleri<\/li>\n<\/ul>\n<p>Ne kadar \u00e7ok sistem ayn\u0131 kimlik ba\u011flant\u0131 i\u015flevini kullan\u0131rsa, veri d\u00fc\u011f\u00fcmlerini birle\u015ftirmek o kadar kolay olur - ister g\u00f6n\u00fcll\u00fc, ister kas\u0131tl\u0131 veya kas\u0131ts\u0131z olsun.<\/p>\n<div class=\"lyte-wrapper\" style=\"width:640px;max-width:100%;margin:5px;\"><div class=\"lyMe\" id=\"WYL_z24Cu0qlFr8\"><div id=\"lyte_z24Cu0qlFr8\" data-src=\"https:\/\/www.markus-schall.de\/wp-content\/plugins\/wp-youtube-lyte\/lyteCache.php?origThumbUrl=%2F%2Fi.ytimg.com%2Fvi%2Fz24Cu0qlFr8%2Fhqdefault.jpg\" class=\"pL\"><div class=\"tC\"><div class=\"tT\"><\/div><\/div><div class=\"play\"><\/div><div class=\"ctrl\"><div class=\"Lctrl\"><\/div><div class=\"Rctrl\"><\/div><\/div><\/div><noscript><a href=\"https:\/\/youtu.be\/z24Cu0qlFr8\" rel=\"nofollow noopener\" target=\"_blank\"><img loading=\"lazy\" decoding=\"async\" src=\"https:\/\/www.markus-schall.de\/wp-content\/plugins\/wp-youtube-lyte\/lyteCache.php?origThumbUrl=https%3A%2F%2Fi.ytimg.com%2Fvi%2Fz24Cu0qlFr8%2F0.jpg\" alt=\"YouTube video k\u00fc\u00e7\u00fck resmi\" width=\"640\" height=\"340\" \/><br \/>Bu videoyu YouTube'da izleyin<\/a><\/noscript><\/div><\/div><div class=\"lL\" style=\"max-width:100%;width:640px;margin:5px;\"><\/div><br \/>\nDijital AB Kimli\u011fi \u00fczerine e-Devlet Podcast'i<\/p>\n<h2>Ba\u011flaman\u0131n g\u00f6r\u00fcnmez mant\u0131\u011f\u0131<\/h2>\n<p>Dijital bir kimli\u011fin hayat\u0131n farkl\u0131 alanlar\u0131 i\u00e7in bir \u201e\u00e7apa\u201c olarak tan\u0131mlanmas\u0131, daha \u00f6nce ayr\u0131 olan bilgileri bir araya getirme potansiyelini otomatik olarak yarat\u0131r. C\u00fczdan\u0131n kendisi daha az sorun te\u015fkil etmektedir - bu bir ara\u00e7t\u0131r. As\u0131l risk, yetkililerin, sa\u011fl\u0131k sigortas\u0131 \u015firketlerinin, bankalar\u0131n ve \u00f6zel sa\u011flay\u0131c\u0131lar\u0131n bu kimli\u011fi kendi veri tabanlar\u0131na eri\u015fmek i\u00e7in kulland\u0131klar\u0131 aray\u00fczlerde yatmaktad\u0131r.<br \/>\nBa\u011flant\u0131n\u0131n g\u00fcc\u00fc tam da bu aray\u00fczlerde ortaya \u00e7\u0131kar. \u201eBirileri her \u015feyi bir araya getirdi\u011fi\u201c i\u00e7in de\u011fil, ortak tan\u0131mlama \u00f6zellikleri bunu m\u00fcmk\u00fcn k\u0131ld\u0131\u011f\u0131 i\u00e7in.<\/p>\n<h2>Sa\u011fl\u0131k verileri: En hassas alan<\/h2>\n<p>Sa\u011fl\u0131k sekt\u00f6r\u00fc halihaz\u0131rda uzun y\u0131llar boyunca b\u00fcy\u00fcyen kapsaml\u0131 veri setlerine sahiptir: Te\u015fhisler, terapiler, faturalar, acil durum verileri, psikolojik bilgiler, ila\u00e7 ge\u00e7mi\u015fleri. Bu veriler bir ki\u015finin i\u00e7 ya\u015fam\u0131 hakk\u0131nda son derece bilgilendiricidir - sadece t\u0131bbi a\u00e7\u0131dan de\u011fil, sosyal ve ekonomik a\u00e7\u0131dan da.<\/p>\n<p>Bu <a href=\"https:\/\/www.markus-schall.de\/tr\/2025\/11\/elektroni%cc%87k-hasta-kaydi-epa-fact-check-ri%cc%87skler-haklar-ve-i%cc%87ti%cc%87razlar\/\"><strong>Elektronik hasta dosyas\u0131 (ePA)<\/strong><\/a> sa\u011fl\u0131k sigortas\u0131 \u015firketleri ve sa\u011fl\u0131k hizmeti sa\u011flay\u0131c\u0131lar\u0131 i\u00e7in bu verileri merkezi bir yap\u0131ya getirir. Avrupa \u00e7ap\u0131nda eri\u015fimi do\u011frulamak i\u00e7in standartla\u015ft\u0131r\u0131lm\u0131\u015f bir dijital kimlik kullan\u0131l\u0131rsa, ortak bir referans noktas\u0131 olu\u015fturulur. B\u00f6yle bir sistemin verileri otomatik olarak birle\u015ftirmesi gerekmez - teknik gerekliliklerin yerinde olmas\u0131 yeterlidir.<\/p>\n<h3>Bu neye yol a\u00e7abilir<\/h3>\n<ul>\n<li>Sessiz kayma riski her kaplinle birlikte artar:<\/li>\n<li>Kolayl\u0131k fonksiyonlar\u0131 yeni sorgular i\u00e7in arg\u00fcmanlar olu\u015fturur.<\/li>\n<li>Kriz durumlar\u0131 \u00f6zel eri\u015fimi hakl\u0131 \u00e7\u0131karabilir.<\/li>\n<li>Yasal de\u011fi\u015fiklikler tahsisat\u0131 yumu\u015fatabilir.<\/li>\n<\/ul>\n<p>Ve sa\u011fl\u0131k verileri ekonomik a\u00e7\u0131dan son derece de\u011ferli oldu\u011fu i\u00e7in - anahtar kelime: sigorta riskleri, ila\u00e7lar, ak\u0131l hastal\u0131klar\u0131 - sald\u0131rganlar\u0131n da ilgisini \u00e7ekmektedir.<\/p>\n<h2>Finansal veriler: Bankalar, \u00f6deme hizmetleri ve dijital euro<\/h2>\n<p>Finansal veriler her zaman s\u0131k\u0131 bir \u015fekilde d\u00fczenlenmi\u015ftir. Bununla birlikte, Avrupa PSD2\/PSD3 d\u00fczenlemeleri, dijital banka eri\u015fimi ve planlanan <a href=\"https:\/\/www.markus-schall.de\/tr\/2025\/11\/di%cc%87ji%cc%87tal-euro-geli%cc%87yor-ne-anlama-geli%cc%87yor-ne-yapmamali-ve-ne-yapabi%cc%87li%cc%87r\/\"><strong>dijital Euro<\/strong><\/a> yeni yollar ortaya \u00e7\u0131k\u0131yor: Kimlik kan\u0131t\u0131, her i\u015flemin a\u00e7\u0131k\u00e7a bir ki\u015fiye atand\u0131\u011f\u0131 bir sisteme giri\u015f bileti haline geliyor.<\/p>\n<p>Vatanda\u015flar banka hesab\u0131 a\u00e7mak, \u00f6demeleri yetkilendirmek veya dijital para birimlerini kullanmak i\u00e7in kendilerini bir c\u00fczdan arac\u0131l\u0131\u011f\u0131yla tan\u0131tt\u0131klar\u0131nda, c\u00fczdanlar aras\u0131nda do\u011frudan bir ba\u011flant\u0131 kurulur.<\/p>\n<ul>\n<li>devlet onayl\u0131 kimlik<\/li>\n<li>Hesap hareketleri<\/li>\n<li>\u00d6deme hizmetleri<\/li>\n<li>Gelecekteki olas\u0131 dijital para birimi<\/li>\n<\/ul>\n<h3>Ele\u015ftirmenler burada neden \u00f6zellikle tetikte?<\/h3>\n<p>Nakit ak\u0131\u015flar\u0131, ya\u015fam tarz\u0131 al\u0131\u015fkanl\u0131klar\u0131n\u0131 kelimelerden \u00e7ok daha kesin bir \u015fekilde g\u00f6sterir:<br \/>\nSat\u0131n almalar, seyahatler, abonelikler, t\u0131bbi \u00f6demeler, sigorta primleri - her \u015fey bir model olu\u015fturur. Kal\u0131p a\u00e7\u0131k\u00e7a bir ki\u015fiye ait oldu\u011funda ve di\u011fer alanlarla birle\u015ftirilebildi\u011finde, finansal alan bir b\u00fct\u00fcn olarak ya\u015fam\u0131n aynas\u0131 haline gelir.<\/p>\n<h2>\u0130dari veriler: Kay\u0131t, sosyal yard\u0131mlar, vergiler<\/h2>\n<p>Kamu kurumlar\u0131 genellikle hala ayr\u0131 sistemlerle \u00e7al\u0131\u015fmaktad\u0131r, ancak bunlar\u0131 standartla\u015ft\u0131rmak i\u00e7in y\u0131llard\u0131r kurum i\u00e7inde \u00e7abalar devam etmektedir. Dijital kimlik, gelecekte bu sistemlerin standartla\u015ft\u0131r\u0131lmas\u0131 i\u00e7in teknik bir anahtar g\u00f6revi g\u00f6recektir:<\/p>\n<ul>\n<li>Kay\u0131t sertifikalar\u0131<\/li>\n<li>Ehliyet verileri<\/li>\n<li>Emeklilik bilgileri<\/li>\n<li>Sosyal yard\u0131mlar\u0131n kan\u0131t\u0131<\/li>\n<li>Vergi verileri<\/li>\n<\/ul>\n<p>a\u00e7\u0131k\u00e7a ba\u011flant\u0131l\u0131 olmal\u0131d\u0131r.<\/p>\n<h3>\u0130dari ba\u011flant\u0131n\u0131n arkas\u0131ndaki mant\u0131k<\/h3>\n<p>\u0130dare geleneksel olarak verimlili\u011fi savunur: \u201eVerileri \u00fc\u00e7 kez yerine bir kez girin - daha az b\u00fcrokrasi.\u201c Ancak tecr\u00fcbe \u00f6\u011fretir:<\/p>\n<p>\u0130yi niyetler de \u00e7ok hassas vatanda\u015f profillerine izin veren sistemlere yol a\u00e7abilir. Ve e\u011fer daha sonra ba\u015fka siyasi fikirler ortaya \u00e7\u0131karsa, temeller \u00e7oktan at\u0131lm\u0131\u015f demektir.<\/p>\n<h2>\u00d6zel ve ticari veri kaynaklar\u0131<\/h2>\n<p>Ayr\u0131ca ekonomide muazzam miktarda veri bulunmaktad\u0131r:<\/p>\n<ul>\n<li>Sat\u0131n alma davran\u0131\u015f\u0131<\/li>\n<li>Uygulamalar arac\u0131l\u0131\u011f\u0131yla hareket verileri<\/li>\n<li>Kredibilite verileri<\/li>\n<li>\u0130leti\u015fim kal\u0131plar\u0131<\/li>\n<li>Cihazlardan al\u0131nan telemetri verileri<\/li>\n<\/ul>\n<p>Dijital kimlik sistemleri do\u011frulanm\u0131\u015f ya\u015f kan\u0131t\u0131, ikamet teyidi veya s\u00f6zle\u015fme imzalar\u0131 i\u00e7in kap\u0131 a\u00e7\u0131c\u0131lar haline geldi\u011finde, \u015firketlerin g\u00fcvenli kimlik verilerini kendi profil verileriyle kar\u015f\u0131la\u015ft\u0131rabilecekleri do\u011frudan bir kanal olu\u015fturulur.<\/p>\n<h3>Ekonomik te\u015fvik<\/h3>\n<p>Ticari sa\u011flay\u0131c\u0131lar nadiren k\u0131s\u0131tlama a\u00e7\u0131s\u0131ndan d\u00fc\u015f\u00fcn\u00fcrler. Bir profil ne kadar kesinse, reklam da o kadar hedefe y\u00f6nelik olur. Kimlik ne kadar kesinse, veriler o kadar de\u011ferli olur. Kimlik do\u011frulama ne kadar g\u00fcvenli olursa, kullan\u0131c\u0131 hesaplar\u0131n\u0131 birbirine ba\u011flamak o kadar kolay olur.<\/p>\n<p>Bu durum, kullan\u0131c\u0131lar arka planda neler olup bitti\u011fini anlayamadan daha fazla ba\u011flant\u0131 i\u00e7in te\u015fvikler yarat\u0131r.<\/p>\n<div style=\"overflow-x: auto; -webkit-overflow-scrolling: touch;\">\n<table style=\"min-width: 1200px; border-collapse: collapse; width: 100%; border: 1px solid #ccc;\">\n<thead>\n<tr style=\"background-color: #f2f2f2; text-align: left;\">\n<th style=\"padding: 8px; border: 1px solid #ccc;\">Veri kategorisi<\/th>\n<th style=\"padding: 8px; border: 1px solid #ccc;\">Veri kayna\u011f\u0131<\/th>\n<th style=\"padding: 8px; border: 1px solid #ccc;\">Ba\u011flant\u0131 senaryosu<\/th>\n<th style=\"padding: 8px; border: 1px solid #ccc;\">Olas\u0131 riskler<\/th>\n<th style=\"padding: 8px; border: 1px solid #ccc;\">Potansiyel suistimal<\/th>\n<th style=\"padding: 8px; border: 1px solid #ccc;\">G\u00fcvenlik talimatlar\u0131<\/th>\n<\/tr>\n<\/thead>\n<tbody>\n<tr>\n<td style=\"padding: 8px; border: 1px solid #ccc;\"><strong>Temel kimlik (PID)<\/strong><\/td>\n<td style=\"padding: 8px; border: 1px solid #ccc;\">Kimlik kart\u0131 \/ devlet kayd\u0131<\/td>\n<td style=\"padding: 8px; border: 1px solid #ccc;\">Yetkililer, bankalar, sa\u011fl\u0131k portallar\u0131 i\u00e7in kullan\u0131c\u0131 tan\u0131mlama<\/td>\n<td style=\"padding: 8px; border: 1px solid #ccc;\">Merkezi kimlik \u00e7\u0131pas\u0131, t\u00fcm sekt\u00f6rlerde profil olu\u015fturma<\/td>\n<td style=\"padding: 8px; border: 1px solid #ccc;\">Devlet g\u00f6zetimi, kimlik h\u0131rs\u0131zl\u0131\u011f\u0131<\/td>\n<td style=\"padding: 8px; border: 1px solid #ccc;\">PIN, biyometri, kurtarma kodlar\u0131n\u0131n if\u015fa edilmemesi<\/td>\n<\/tr>\n<tr>\n<td style=\"padding: 8px; border: 1px solid #ccc;\"><strong>Sa\u011fl\u0131k verileri (ePA)<\/strong><\/td>\n<td style=\"padding: 8px; border: 1px solid #ccc;\">Sa\u011fl\u0131k sigortas\u0131 \u015firketleri, klinikler, t\u0131bbi uygulamalar<\/td>\n<td style=\"padding: 8px; border: 1px solid #ccc;\">C\u00fczdan \u00fczerinden ePA eri\u015fimi i\u00e7in kimlik do\u011frulama<\/td>\n<td style=\"padding: 8px; border: 1px solid #ccc;\">Hassas tan\u0131lar\u0131n if\u015fa edilmesi, \u015fantaj, ayr\u0131mc\u0131l\u0131k<\/td>\n<td style=\"padding: 8px; border: 1px solid #ccc;\">Darknet sat\u0131\u015flar\u0131, sigorta doland\u0131r\u0131c\u0131l\u0131\u011f\u0131, i\u015fveren istismar\u0131<\/td>\n<td style=\"padding: 8px; border: 1px solid #ccc;\">Opt-out'u kontrol edin, sa\u011fl\u0131k verileri i\u00e7in \u00fc\u00e7\u00fcnc\u00fc taraf uygulamalar\u0131 yok<\/td>\n<\/tr>\n<tr>\n<td style=\"padding: 8px; border: 1px solid #ccc;\"><strong>Finansal veriler<\/strong><\/td>\n<td style=\"padding: 8px; border: 1px solid #ccc;\">Bankalar, \u00f6deme sa\u011flay\u0131c\u0131lar\u0131<\/td>\n<td style=\"padding: 8px; border: 1px solid #ccc;\">C\u00fczdan tabanl\u0131 giri\u015f\/\u00f6deme onay\u0131<\/td>\n<td style=\"padding: 8px; border: 1px solid #ccc;\">Yetkisiz transferler, hesap ele ge\u00e7irme<\/td>\n<td style=\"padding: 8px; border: 1px solid #ccc;\">Kriminal hesap devralma, kredibilite i\u00e7in veri senkronizasyonu<\/td>\n<td style=\"padding: 8px; border: 1px solid #ccc;\">\u0130\u015flem limitleri, SMS-2FA yok, donan\u0131m belirteci kullan\u0131n<\/td>\n<\/tr>\n<tr>\n<td style=\"padding: 8px; border: 1px solid #ccc;\"><strong>\u00d6deme davran\u0131\u015f\u0131 (dijital euro)<\/strong><\/td>\n<td style=\"padding: 8px; border: 1px solid #ccc;\">Avrupa Merkez Bankas\u0131, bankalar<\/td>\n<td style=\"padding: 8px; border: 1px solid #ccc;\">Dijital \u00f6demeler i\u00e7in bir kimlik do\u011frulama kanal\u0131 olarak c\u00fczdan<\/td>\n<td style=\"padding: 8px; border: 1px solid #ccc;\">Sat\u0131n alma davran\u0131\u015f\u0131n\u0131n ince taneli izlenmesi<\/td>\n<td style=\"padding: 8px; border: 1px solid #ccc;\">Devlet kontrol\u00fc\/profilleme, ticari hedefleme<\/td>\n<td style=\"padding: 8px; border: 1px solid #ccc;\">Sadece resmi uygulamalar\u0131 kullan\u0131n, \u201ec\u00fczdan iyile\u015ftiricileri\u201c kullanmay\u0131n\u201c<\/td>\n<\/tr>\n<tr>\n<td style=\"padding: 8px; border: 1px solid #ccc;\"><strong>Raporlama ve vergi verileri<\/strong><\/td>\n<td style=\"padding: 8px; border: 1px solid #ccc;\">Vergi dairesi, kay\u0131t ofisi<\/td>\n<td style=\"padding: 8px; border: 1px solid #ccc;\">Vergi portallar\u0131 \/ yetkilileri i\u00e7in c\u00fczdan giri\u015fi<\/td>\n<td style=\"padding: 8px; border: 1px solid #ccc;\">Gelir, ikamet yeri, aile ve mal varl\u0131\u011f\u0131n\u0131n ili\u015fkilendirilmesi<\/td>\n<td style=\"padding: 8px; border: 1px solid #ccc;\">Siyasi profilleme, otomatik yapt\u0131r\u0131mlar<\/td>\n<td style=\"padding: 8px; border: 1px solid #ccc;\">\u00d6zel ve i\u015f cihazlar\u0131n\u0131n ayr\u0131lmas\u0131<\/td>\n<\/tr>\n<tr>\n<td style=\"padding: 8px; border: 1px solid #ccc;\"><strong>Sigorta verileri<\/strong><\/td>\n<td style=\"padding: 8px; border: 1px solid #ccc;\">Her t\u00fcrden sigortac\u0131lar<\/td>\n<td style=\"padding: 8px; border: 1px solid #ccc;\">S\u00f6zle\u015fme sonu\u00e7lar\u0131 i\u00e7in c\u00fczdan do\u011frulamas\u0131<\/td>\n<td style=\"padding: 8px; border: 1px solid #ccc;\">Profil olu\u015fturma, risk puanlamas\u0131, ger\u00e7ekle\u015ftirmeyi reddetme<\/td>\n<td style=\"padding: 8px; border: 1px solid #ccc;\">Veri ticareti, kredi notu manip\u00fclasyonu<\/td>\n<td style=\"padding: 8px; border: 1px solid #ccc;\">Gereksiz kan\u0131tlar\u0131n serbest b\u0131rak\u0131lmamas\u0131<\/td>\n<\/tr>\n<tr>\n<td style=\"padding: 8px; border: 1px solid #ccc;\"><strong>Hareketlilik ve seyahat verileri<\/strong><\/td>\n<td style=\"padding: 8px; border: 1px solid #ccc;\">Ula\u015f\u0131m hizmetleri, demiryolu, havayollar\u0131<\/td>\n<td style=\"padding: 8px; border: 1px solid #ccc;\">Dijital kimlik \u00fczerinden bilet ba\u011flama<\/td>\n<td style=\"padding: 8px; border: 1px solid #ccc;\">Hareket profilleri, seyahat rotalar\u0131, zaman kal\u0131plar\u0131<\/td>\n<td style=\"padding: 8px; border: 1px solid #ccc;\">Ticari hareket analizi, devlet sahas\u0131 g\u00f6zetimi<\/td>\n<td style=\"padding: 8px; border: 1px solid #ccc;\">Yaln\u0131zca resmi sa\u011flay\u0131c\u0131 uygulamalar\u0131n\u0131 kullan\u0131n<\/td>\n<\/tr>\n<tr>\n<td style=\"padding: 8px; border: 1px solid #ccc;\"><strong>\u0130leti\u015fim verileri<\/strong><\/td>\n<td style=\"padding: 8px; border: 1px solid #ccc;\">Telekom\u00fcnikasyon sa\u011flay\u0131c\u0131s\u0131<\/td>\n<td style=\"padding: 8px; border: 1px solid #ccc;\">SIM\/sa\u011flay\u0131c\u0131 hesab\u0131 i\u00e7in do\u011frulama<\/td>\n<td style=\"padding: 8px; border: 1px solid #ccc;\">SIM de\u011fi\u015fimi, telefon numaras\u0131 transferi<\/td>\n<td style=\"padding: 8px; border: 1px solid #ccc;\">Su\u00e7 hesab\u0131 ele ge\u00e7irme, sosyal puanlama<\/td>\n<td style=\"padding: 8px; border: 1px solid #ccc;\">Sa\u011flay\u0131c\u0131 PIN'ini ayarlay\u0131n, \u00e7ok fakt\u00f6rl\u00fcy\u00fc etkinle\u015ftirin<\/td>\n<\/tr>\n<tr>\n<td style=\"padding: 8px; border: 1px solid #ccc;\"><strong>Kredibilite ve t\u00fcketici profilleri<\/strong><\/td>\n<td style=\"padding: 8px; border: 1px solid #ccc;\">Schufa \/ kredi kurulu\u015flar\u0131 \/ \u00e7evrimi\u00e7i ma\u011fazalar<\/td>\n<td style=\"padding: 8px; border: 1px solid #ccc;\">Kredi kontrolleri i\u00e7in c\u00fczdan do\u011frulamas\u0131<\/td>\n<td style=\"padding: 8px; border: 1px solid #ccc;\">Otomatik reddetme, fiyat ayr\u0131mc\u0131l\u0131\u011f\u0131<\/td>\n<td style=\"padding: 8px; border: 1px solid #ccc;\">Ticari profil olu\u015fturma, yapay zeka puanlamas\u0131<\/td>\n<td style=\"padding: 8px; border: 1px solid #ccc;\">Minimum yetkilendirme, veri bilgilerini d\u00fczenli olarak kontrol etme<\/td>\n<\/tr>\n<tr>\n<td style=\"padding: 8px; border: 1px solid #ccc;\"><strong>Cihaz ve telemetri verileri<\/strong><\/td>\n<td style=\"padding: 8px; border: 1px solid #ccc;\">Ak\u0131ll\u0131 telefonlar, IoT cihazlar\u0131, uygulamalar<\/td>\n<td style=\"padding: 8px; border: 1px solid #ccc;\">Uygulama yetkilendirmeleri arac\u0131l\u0131\u011f\u0131yla ba\u011flant\u0131<\/td>\n<td style=\"padding: 8px; border: 1px solid #ccc;\">Cihaz ele ge\u00e7irme, k\u00f6t\u00fc ama\u00e7l\u0131 yaz\u0131l\u0131m, izleme<\/td>\n<td style=\"padding: 8px; border: 1px solid #ccc;\">Uygulama veri ticareti, sens\u00f6r veri profili olu\u015fturma<\/td>\n<td style=\"padding: 8px; border: 1px solid #ccc;\">\u015e\u00fcpheli uygulamalar\u0131 kullanmay\u0131n 1TP12, yetkileri kontrol edin<\/td>\n<\/tr>\n<\/tbody>\n<\/table>\n<\/div>\n<p>Tablo, dijital kimlik ba\u011flam\u0131nda potansiyel olarak ili\u015fkilendirilebilecek t\u00fcm ilgili veri kategorilerini g\u00f6stermektedir.<\/p>\n<h2>Sorunun \u00f6z\u00fc: kimlik \u00e7\u0131pas\u0131<\/h2>\n<p>Dijital kimlik temiz bir teknik yap\u0131ya sahiptir. Teorik olarak merkezi bir izleme sistemi de\u011fildir. Ancak her t\u00fcrl\u00fc \u015feyin yerle\u015ftirilebilece\u011fi bir kimlik \u00e7apas\u0131 haline gelir.<\/p>\n<p>Sa\u011fl\u0131k, finans, kamu yetkilileri, mobilite, sigorta, \u00f6zel hizmetler - hepsi yetkilendirildikleri anda ayn\u0131 kimlik verilerini kullanabilir. Ve her sorgu s\u0131k\u0131 bir \u015fekilde d\u00fczenlense bile, sadece teknik olas\u0131l\u0131k bile gelecekte bug\u00fcn izin verilenden daha fazlas\u0131n\u0131n birle\u015ftirilece\u011fi endi\u015fesini do\u011furmaktad\u0131r.<\/p>\n<p>\u0130\u015fte tam da bu noktada ele\u015ftirmenler devreye giriyor: Tehlikeli olan tek tek sistemler de\u011fil, t\u00fcm sistemlerin ayn\u0131 dijital anahtar \u00fczerinden birbirine ba\u011flanabilmesidir.<\/p>\n<h3>Ortak payda: bir kald\u0131ra\u00e7 olarak dijital kimlik<\/h3>\n<p>Dijital bir kimlik hayat\u0131n \u00e7e\u015fitli alanlar\u0131nda kullan\u0131lmaya ba\u015flan\u0131r ba\u015flanmaz, bu kimli\u011fin y\u00f6netildi\u011fi veya kontrol edildi\u011fi yerde otomatik olarak bir g\u00fc\u00e7 konumu yarat\u0131l\u0131r. Bu durum, c\u00fczdan\u0131n cihazda yerel olarak depolan\u0131p depolanmad\u0131\u011f\u0131ndan ba\u011f\u0131ms\u0131z olarak ge\u00e7erlidir.<\/p>\n<p>As\u0131l g\u00fcvenlik a\u00e7\u0131\u011f\u0131 ak\u0131ll\u0131 telefonda de\u011fil, bu kimli\u011fin etraf\u0131nda olu\u015fan ekosistemde ortaya \u00e7\u0131k\u0131yor. Ve bu ekosistemin en az \u00fc\u00e7 b\u00fcy\u00fck sald\u0131r\u0131 noktas\u0131 vard\u0131r: Devlet, organize su\u00e7lar ve \u00f6zel i\u015f sekt\u00f6r\u00fc.<\/p>\n<h2>Devletin k\u00f6t\u00fcye kullan\u0131lmas\u0131 - ama\u00e7 de\u011fi\u015fikli\u011fi tehlikesi<\/h2>\n<p>Devlet genellikle iyi niyetlidir - ancak sistemler her y\u00f6ne do\u011fru b\u00fcy\u00fcr. Krizlerde, acil durumlarda veya siyasi olarak hararetli zamanlarda devlet g\u00fcc\u00fc, asl\u0131nda tamamen farkl\u0131 ama\u00e7lar i\u00e7in in\u015fa edilmi\u015f teknik olanaklara geri d\u00f6nmeyi sever. Tarih bunu g\u00f6steriyor:<\/p>\n<ul>\n<li>\u201ePratik\u201c olarak tan\u0131t\u0131lan sistemler genellikle daha sonra kontrol mekanizmalar\u0131na d\u00f6n\u00fc\u015fm\u00fc\u015ft\u00fcr.<\/li>\n<li>Sadece \u201ek\u0131sa bir s\u00fcre\u201c i\u00e7in ge\u00e7erli olmas\u0131 ama\u00e7lanan muafiyetler uzat\u0131ld\u0131 ve geni\u015fletildi.<\/li>\n<li>G\u00fcvenlik tart\u0131\u015fmalar\u0131 h\u0131zla yeni eri\u015fim haklar\u0131na yol a\u00e7ar.<\/li>\n<\/ul>\n<p>Her yerde kullan\u0131lan bir dijital kimlik ile standartla\u015ft\u0131r\u0131lm\u0131\u015f bir iz olu\u015fturulur. \u0130\u00e7eri\u011fi okumak zorunda bile de\u011filsiniz. Bir kimlik talebinin ne zaman, nerede ve hangi ama\u00e7la yap\u0131ld\u0131\u011f\u0131n\u0131 bilmek yeterlidir.<\/p>\n<p><img loading=\"lazy\" decoding=\"async\" class=\"size-large wp-image-3502 alignnone\" src=\"https:\/\/www.markus-schall.de\/wp-content\/uploads\/Digitale-ID-staatlicher-Missbrauch.jpg\" alt=\"Dijital EU-ID: Devlet istismar\u0131\" width=\"1024\" height=\"683\" srcset=\"https:\/\/www.markus-schall.de\/wp-content\/uploads\/Digitale-ID-staatlicher-Missbrauch.jpg 1024w, https:\/\/www.markus-schall.de\/wp-content\/uploads\/Digitale-ID-staatlicher-Missbrauch-300x200.jpg 300w, https:\/\/www.markus-schall.de\/wp-content\/uploads\/Digitale-ID-staatlicher-Missbrauch-768x512.jpg 768w, https:\/\/www.markus-schall.de\/wp-content\/uploads\/Digitale-ID-staatlicher-Missbrauch-18x12.jpg 18w\" sizes=\"auto, (max-width: 1024px) 100vw, 1024px\" \/><\/p>\n<h3>Ba\u011flanabilirli\u011fin siyasi cazibesi<\/h3>\n<p>Devletin sa\u011fl\u0131k, sosyal yard\u0131mlar veya finans gibi belirli alanlarda bilgiye \u00f6zellikle ihtiya\u00e7 duydu\u011fu bir durum d\u00fc\u015f\u00fcn\u00fcn. Merkezi bir yay\u0131n organ\u0131 ve onayl\u0131 eri\u015fim yetkileri ile bu siyasi olarak m\u00fcmk\u00fcn olabilir,<\/p>\n<ul>\n<li>yeni y\u00fck\u00fcml\u00fcl\u00fckler getirebilir,<\/li>\n<li>eri\u015fimler,<\/li>\n<li>veya istisnalar\u0131 kal\u0131c\u0131 hale getirmek i\u00e7in.<\/li>\n<\/ul>\n<p>Ve bu kararlar bir kez al\u0131nd\u0131ktan sonra nadiren geri \u00e7evrilir.<\/p>\n<h3>Sessiz protokoller<\/h3>\n<p>Metadata, i\u00e7eri\u011fe teknik eri\u015fim olmadan da olu\u015fturulur. Kimin kendini nerede ve ne zaman tan\u0131mlad\u0131\u011f\u0131 ilk ba\u015fta d\u00fc\u015f\u00fcnd\u00fc\u011f\u00fcn\u00fczden daha de\u011ferlidir. Bu t\u00fcr veriler davran\u0131\u015f kal\u0131plar\u0131 elde etmek i\u00e7in kullan\u0131labilir. Ve siyasi irade mevcutsa, kapsaml\u0131 h\u00fck\u00fcmet analizleri i\u00e7in uygun olan da tam olarak bu kal\u0131plard\u0131r.<\/p>\n<h2>Suistimal - organize sald\u0131r\u0131lar ve karaborsa ekonomisi<\/h2>\n<p>Sa\u011fl\u0131k verileri y\u0131llard\u0131r darknet \u00fczerinde \u00f6zellikle aranan bir meta olmu\u015ftur. Bunun nedeni basittir:<\/p>\n<ul>\n<li>Kal\u0131c\u0131 olarak ge\u00e7erlidirler.<\/li>\n<li>Mahrem detaylar\u0131 a\u00e7\u0131\u011fa \u00e7\u0131kar\u0131rlar.<\/li>\n<li>\u015eantaj, sigorta doland\u0131r\u0131c\u0131l\u0131\u011f\u0131 ve kimlik h\u0131rs\u0131zl\u0131\u011f\u0131 i\u00e7in kullan\u0131labilirler.<\/li>\n<\/ul>\n<p>\u00d6zellikle sa\u011fl\u0131k sigortas\u0131 verilerine ve sa\u011fl\u0131k kartlar\u0131na - Hollywood hackerlar\u0131 taraf\u0131ndan de\u011fil, doktor muayenehaneleri, klinikler veya hizmet sa\u011flay\u0131c\u0131lardaki normal g\u00fcvenlik a\u00e7\u0131klar\u0131 yoluyla - eri\u015fildi\u011fi vakalar halihaz\u0131rda mevcuttur.<\/p>\n<h3>Dijital kimlik ile etkile\u015fim<\/h3>\n<p>Dijital kimlik sa\u011fl\u0131k verileri i\u00e7in bir kimlik do\u011frulama y\u00f6ntemi olarak kullan\u0131l\u0131rsa, bu durum sald\u0131rganlar i\u00e7in yeni bir boyut a\u00e7ar:<\/p>\n<ul>\n<li>Eri\u015fim verileri, g\u00fcvenli\u011fi ihlal edilmi\u015f cihazlar veya kimlik av\u0131 yoluyla ele ge\u00e7irilebilir.<\/li>\n<li>\u00c7al\u0131nan veya manip\u00fcle edilen bir ak\u0131ll\u0131 telefon \u201eger\u00e7ek\u201c bir kimlik haline gelebilir.<\/li>\n<li>C\u00fczdan yeterince g\u00fcvenli de\u011filse sald\u0131rganlar hassas alanlara eri\u015fim elde eder.<\/li>\n<\/ul>\n<p>Dijital kimlik \u00e7e\u015fitli sekt\u00f6rlere giri\u015f bileti oldu\u011fu anda, sistemdeki her bir s\u0131z\u0131nt\u0131 ki\u015finin t\u00fcm ya\u015fam alan\u0131 i\u00e7in bir tehdit haline gelir.<\/p>\n<h3>Mali su\u00e7lar ve dijital \u00f6demeler<\/h3>\n<p>\u00d6deme hizmetleri veya dijital euro ile birlikte kullan\u0131ld\u0131\u011f\u0131nda, sald\u0131rganlar i\u00e7in \u00f6zellikle cazip hale gelir:<\/p>\n<ul>\n<li>C\u00fczdan ele ge\u00e7irilirse i\u015flemler tahrif edilebilir veya yetkilendirilebilir.<\/li>\n<li>Nakit ak\u0131\u015flar\u0131 manip\u00fcle edilebilir.<\/li>\n<li>Kimlik h\u0131rs\u0131zl\u0131\u011f\u0131 b\u00fcy\u00fck mali kay\u0131plara yol a\u00e7ar.<\/li>\n<\/ul>\n<p>Dijital sistemler 7\/24 \u00e7al\u0131\u015ft\u0131\u011f\u0131ndan, hasar dakikalar veya saniyeler i\u00e7inde meydana gelebilir.<\/p>\n<p><img loading=\"lazy\" decoding=\"async\" class=\"size-large wp-image-3503 alignnone\" src=\"https:\/\/www.markus-schall.de\/wp-content\/uploads\/Digitale-ID-krimineller-Missbrauch.jpg\" alt=\"Dijital EU-ID: Su\u00e7 te\u015fkil eden k\u00f6t\u00fcye kullan\u0131m\" width=\"1024\" height=\"683\" srcset=\"https:\/\/www.markus-schall.de\/wp-content\/uploads\/Digitale-ID-krimineller-Missbrauch.jpg 1024w, https:\/\/www.markus-schall.de\/wp-content\/uploads\/Digitale-ID-krimineller-Missbrauch-300x200.jpg 300w, https:\/\/www.markus-schall.de\/wp-content\/uploads\/Digitale-ID-krimineller-Missbrauch-768x512.jpg 768w, https:\/\/www.markus-schall.de\/wp-content\/uploads\/Digitale-ID-krimineller-Missbrauch-18x12.jpg 18w\" sizes=\"auto, (max-width: 1024px) 100vw, 1024px\" \/><\/p>\n<h2>Ticari istismar - sessiz profilleme<\/h2>\n<p>\u015eirketler profiller, segmentler ve hedef gruplar a\u00e7\u0131s\u0131ndan d\u00fc\u015f\u00fcn\u00fcr. Bir kimlik ne kadar kesin bir \u015fekilde do\u011frulan\u0131rsa, ticari verilerle o kadar kolay ili\u015fkilendirilebilir. Bu da sessiz ama tehlikeli bir bask\u0131 yarat\u0131yor:<\/p>\n<ul>\n<li>Ya\u015f do\u011frulamas\u0131<\/li>\n<li>Adres do\u011frulama<\/li>\n<li>\u00d6deme g\u00fcc\u00fc<\/li>\n<li>\u0130\u015flem verileri<\/li>\n<li>Sat\u0131n alma ge\u00e7mi\u015fi<\/li>\n<\/ul>\n<p>Dijital kimlik, bu ba\u011flant\u0131lar\u0131 g\u00fcvenilir bir ki\u015fisel dosyaya d\u00f6n\u00fc\u015ft\u00fcrmenin kap\u0131s\u0131n\u0131 a\u00e7ar - devlet anlam\u0131nda de\u011fil, ekonomik anlamda.<\/p>\n<h3>Kolayl\u0131k bir ge\u00e7ide d\u00f6n\u00fc\u015ft\u00fc\u011f\u00fcnde<\/h3>\n<p>Bir\u00e7ok hizmet, c\u00fczdanla do\u011frulanm\u0131\u015f bir kimlik mevcut olur olmaz s\u00fcre\u00e7lerini otomatikle\u015ftirir.<\/p>\n<ul>\n<li>Sadece kay\u0131t olun<\/li>\n<li>\u201eDijital kimlik ile onaylay\u0131n\u201c<\/li>\n<li>S\u00f6zle\u015fmeyi do\u011frudan imzalay\u0131n<\/li>\n<\/ul>\n<p>Kullan\u0131c\u0131 i\u00e7in uygun olan, \u015firketlerin farkl\u0131 platformlardaki profilleri birle\u015ftirmesi i\u00e7in bir f\u0131rsatt\u0131r.<\/p>\n<h3>Ka\u00e7\u0131n\u0131lmazl\u0131k tehlikesi<\/h3>\n<p>Piyasa dijital kimli\u011fe al\u0131\u015ft\u0131\u011f\u0131nda, fiili bir zorunluluk ortaya \u00e7\u0131kar:<\/p>\n<ul>\n<li>C\u00fczdan\u0131n\u0131z olmadan kay\u0131t yapt\u0131ramazs\u0131n\u0131z.<\/li>\n<li>Dijital kimlik olmadan belirli hizmetlere eri\u015fim m\u00fcmk\u00fcn de\u011fildir.<\/li>\n<li>Alternatif g\u00fczergahlar k\u0131s\u0131tl\u0131 veya elveri\u015fsizdir.<\/li>\n<\/ul>\n<p>Bu, karar\u0131n art\u0131k g\u00f6n\u00fcll\u00fc olmad\u0131\u011f\u0131 anlam\u0131na gelir - resmi olarak hala bu \u015fekilde etiketlenmi\u015f olsa bile.<\/p>\n<h2>\u00dc\u00e7 yol birlikte \u00e7al\u0131\u015ft\u0131\u011f\u0131nda<\/h2>\n<p>En tehlikeli durum bireysel istismar de\u011fildir. Devlet, su\u00e7 ve ticari akt\u00f6rlerin her birinin kendi \u00e7\u0131karlar\u0131n\u0131n oldu\u011fu ve bu \u00e7\u0131karlar\u0131n tek bir kimlik \u00e7\u0131pas\u0131nda bulu\u015ftu\u011fu durumdur.<\/p>\n<ul>\n<li>Devlet kontrol ve g\u00fcvenlik istiyor.<\/li>\n<li>Su\u00e7lular veri ve para ister.<\/li>\n<li>\u015eirketler profil ve sat\u0131n alma g\u00fcc\u00fc istiyor.<\/li>\n<\/ul>\n<p>Bu hedeflerin her biri kendi i\u00e7inde zorludur. Bir araya geldiklerinde, bir ki\u015finin davran\u0131\u015flar\u0131 hakk\u0131nda bilin\u00e7li olarak fark\u0131nda olduklar\u0131ndan daha fazlas\u0131n\u0131 bilen bir sistem olu\u015ftururlar.<\/p>\n<p>Dijital kimlik bir ba\u011flant\u0131d\u0131r. Sa\u011fl\u0131k hizmetleri, finansal sistem, y\u00f6netim ya da \u00f6zel hizmetler - hepsi ortak bir merkezde bulu\u015fur. Ve e\u011fer bu merkez tehlikeye girerse, hayat\u0131n sadece k\u00fc\u00e7\u00fck bir k\u0131sm\u0131 de\u011fil, t\u00fcm ki\u015fi a\u00e7\u0131\u011fa \u00e7\u0131kar.<\/p>\n<hr \/>\n<h3>A\u00e7\u0131klanan dijital kimli\u011fe ili\u015fkin anket<\/h3>\n<div class='bootstrap-yop yop-poll-mc'>\n\t\t\t\t\t\t\t<div class=\"basic-yop-poll-container\" style=\"background-color:#ffffff; border:0px; border-style:solid; border-color:#000000; border-radius:5px; padding:0px 5px;\" data-id=\"4\" data-temp=\"basic-pretty\" data-skin=\"square\" data-cscheme=\"blue\" data-cap=\"0\" data-access=\"guest\" data-tid=\"\" data-uid=\"53d4410459e1cd7cff9b24d49280e74a\" data-pid=\"4314\" data-resdet=\"votes-number,percentages\" data-show-results-to=\"guest\" data-show-results-moment=\"after-vote\" data-show-results-only=\"false\" data-show-message=\"true\" data-show-results-as=\"bar\" data-sort-results-by=\"as-defined\" data-sort-results-rule=\"asc\"data-is-ended=\"0\" data-percentages-decimals=\"2\" data-gdpr=\"no\" data-gdpr-sol=\"consent\" data-css=\"\" data-counter=\"0\" data-load-with=\"1\" data-notification-section=\"top\"><div class=\"row\"><div class=\"col-md-12\"><div class=\"basic-inner\"><div class=\"basic-message hide\" style=\"border-left: 10px solid #008000; padding: 0px 10px;\" data-error=\"#ff0000\" data-success=\"#008000\"><p class=\"basic-message-text\" style=\"color:#000000; font-size:14px; font-weight:normal;\"><\/p><\/div><div class=\"basic-overlay hide\"><div class=\"basic-vote-options\"><\/div><div class=\"basic-preloader\"><div class=\"basic-windows8\"><div class=\"basic-wBall basic-wBall_1\"><div class=\"basic-wInnerBall\"><\/div><\/div><div class=\"basic-wBall basic-wBall_2\"><div class=\"basic-wInnerBall\"><\/div><\/div><div class=\"basic-wBall basic-wBall_3\"><div class=\"basic-wInnerBall\"><\/div><\/div><div class=\"basic-wBall basic-wBall_4\"><div class=\"basic-wInnerBall\"><\/div><\/div><div class=\"basic-wBall basic-wBall_5\"><div class=\"basic-wInnerBall\"><\/div><\/div><\/div><\/div><\/div><form class=\"basic-form\" action=\"\"><input type=\"hidden\" name=\"_token\" value=\"04c7cc5bdb\" autocomplete=\"off\"><div class=\"basic-elements\"><div class=\"basic-element basic-question basic-question-text-vertical\" data-id=\"4\" data-uid=\"551b165f11c77c16f9808a5d3e83174b\" data-type=\"question\" data-question-type=\"text\" data-required=\"yes\" data-allow-multiple=\"no\" data-min=\"1\" data-max=\"1\" data-display=\"vertical\" data-colnum=\"\" data-display-others=\"no\" data-others-color=\"\" data-others=\"\" data-others-max-chars=\"0\"><div class=\"basic-question-title\"><h5 style=\"color:#000000; font-size:16px; font-weight:normal; text-align:left;\">AB d\u00fczeyinde merkezi bir dijital kimli\u011fi kabul eder misiniz?<\/h5><\/div><ul class=\"basic-answers\"><li class=\"basic-answer\" style=\"padding:0px 0px;\" data-id=\"14\" data-type=\"text\" data-vn=\"6\" data-color=\"#000000\" data-make-link=\"no\" data-link=\"\"><div class=\"basic-answer-content basic-text-vertical\"><label for=\"answer[14]\" class=\"basic-answer-label\"><input type=\"radio\" id=\"answer[14]\" name=\"answer[4]\" value=\"14\"><span class=\"basic-text\" style=\"color: #000000; font-size: 14px; font-weight: normal;\">Evet, e\u011fer g\u00fcvenli ve g\u00f6n\u00fcll\u00fc ise<\/span><\/label><\/div><\/li><li class=\"basic-answer\" style=\"padding:0px 0px;\" data-id=\"15\" data-type=\"text\" data-vn=\"9\" data-color=\"#000000\" data-make-link=\"no\" data-link=\"\"><div class=\"basic-answer-content basic-text-vertical\"><label for=\"answer[15]\" class=\"basic-answer-label\"><input type=\"radio\" id=\"answer[15]\" name=\"answer[4]\" value=\"15\"><span class=\"basic-text\" style=\"color: #000000; font-size: 14px; font-weight: normal;\">Yaln\u0131zca di\u011fer verilerle ba\u011flant\u0131l\u0131 de\u011filse<\/span><\/label><\/div><\/li><li class=\"basic-answer\" style=\"padding:0px 0px;\" data-id=\"16\" data-type=\"text\" data-vn=\"119\" data-color=\"#000000\" data-make-link=\"no\" data-link=\"\"><div class=\"basic-answer-content basic-text-vertical\"><label for=\"answer[16]\" class=\"basic-answer-label\"><input type=\"radio\" id=\"answer[16]\" name=\"answer[4]\" value=\"16\"><span class=\"basic-text\" style=\"color: #000000; font-size: 14px; font-weight: normal;\">Hay\u0131r, bunu prensip olarak reddediyorum.<\/span><\/label><\/div><\/li><li class=\"basic-answer\" style=\"padding:0px 0px;\" data-id=\"59\" data-type=\"text\" data-vn=\"3\" data-color=\"#000000\" data-make-link=\"no\" data-link=\"\"><div class=\"basic-answer-content basic-text-vertical\"><label for=\"answer[59]\" class=\"basic-answer-label\"><input type=\"radio\" id=\"answer[59]\" name=\"answer[4]\" value=\"59\"><span class=\"basic-text\" style=\"color: #000000; font-size: 14px; font-weight: normal;\">\"Merkezi dijital kimlik\" nedir?<\/span><\/label><\/div><\/li><\/ul><\/div><div class=\"clearfix\"><\/div><\/div><div class=\"basic-vote\"><a href=\"#\" class=\"button basic-vote-button\" role=\"button\" style=\"background:#027bb8; border:0px; border-style: solid; border-color:#000000; border-radius:5px; padding:10px 10px; color:#ffffff; font-size:14px; font-weight:normal;\">Oylama<\/a><\/div><input type=\"hidden\" name=\"trp-form-language\" value=\"tr\"\/><\/form><\/div><\/div><\/div><\/div>\n\t\t\t\t\t\t<\/div>\n<hr \/>\n<h2>Teknik zafiyetler ve g\u00f6r\u00fcnmez riskler<\/h2>\n<p>Kriptografi i\u00e7eri\u011fi korur. Ancak neredeyse t\u00fcm dijital s\u00fcre\u00e7ler meta veri \u00fcretir: Hangi c\u00fczdan kontrol\u00fcn\u00fc kimin ne zaman tetikledi\u011fi, hangi hizmetin talepte bulundu\u011fu, hangi \u00f6zelli\u011fin sorguland\u0131\u011f\u0131 (\u00f6rne\u011fin \u201e18 ya\u015f \u00fcst\u00fc\u201c veya \u201eSigortal\u0131\u201c), talebin hangi cihazdan geldi\u011fi. Bu e\u015flik eden bilgiler genellikle k\u00fc\u00e7\u00fck ve g\u00f6ze \u00e7arpmayan bilgilerdir - ve ayn\u0131 zamanda olduk\u00e7a bilgilendiricidir. Hareket ve davran\u0131\u015f kal\u0131plar\u0131, ilgili i\u00e7eri\u011fi hi\u00e7 okumadan bile zaman serileri kullan\u0131larak yeniden yap\u0131land\u0131r\u0131labilir. Bu nedenle meta veriler bir \u201ek\u00f6r nokta\u201c de\u011fildir - genellikle profil olu\u015fturma ve izleme i\u00e7in en de\u011ferli bile\u015fendir.<\/p>\n<h3>Anahtar y\u00f6netimi, kurtarma ve blok zincirleri<\/h3>\n<p>Dijital kimlikler anahtar \u00e7iftlerine dayan\u0131r. Bu anahtarlar\u0131 kaybeden veya tehlikeye atan herkes kimliklerinin kontrol\u00fcn\u00fc etkin bir \u015fekilde kaybeder. Kurtarma, ne yetkililer i\u00e7in bir arka kap\u0131 ne de sald\u0131rganlar i\u00e7in bir ge\u00e7it a\u00e7acak \u015fekilde in\u015fa edilmelidir. Zor sorular \u015funlard\u0131r:<\/p>\n<ul>\n<li>Bir kullan\u0131c\u0131 ak\u0131ll\u0131 telefonu \u00e7al\u0131nd\u0131\u011f\u0131nda hareket kabiliyetini nas\u0131l geri kazan\u0131r?<\/li>\n<li>Yeniden yay\u0131nlama i\u015fleminden kim sorumludur?<\/li>\n<li>Sertifikalar ne kadar h\u0131zl\u0131 iptal edilmelidir ve iptal bilgileri t\u00fcm g\u00fcvenen taraflara g\u00fcvenilir bir \u015fekilde nas\u0131l g\u00f6nderilebilir?<\/li>\n<\/ul>\n<p>Pratik uygulamalar g\u00f6steriyor: Devirler, iptaller ve kurtarma i\u015f ak\u0131\u015flar\u0131 karma\u015f\u0131kt\u0131r ve \u00f6l\u00fcmc\u00fcl zay\u0131fl\u0131klar genellikle bu noktada ortaya \u00e7\u0131kar.<\/p>\n<h2>Birlikte \u00e7al\u0131\u015fabilirlik, g\u00fcvenilir listeler ve y\u00f6neti\u015fim konsantrasyonu<\/h2>\n<p>C\u00fczdanlar\u0131n Avrupa \u00e7ap\u0131nda \u00e7al\u0131\u015fabilmesi i\u00e7in g\u00fcvenilir ihra\u00e7\u00e7\u0131lar\u0131n, c\u00fczdan sa\u011flay\u0131c\u0131lar\u0131n\u0131n ve g\u00fcvenilen taraflar\u0131n listelerine ihtiya\u00e7 vard\u0131r. Bu \u201eg\u00fcvenilir listeler\u201c mimari bir gerekliliktir - ve ayn\u0131 zamanda bir g\u00fc\u00e7 arac\u0131d\u0131r: listede yer alanlar ekonomik avantajlar elde eder; listede yer almayanlar ise dezavantajlara sahiptir. Bu da standart ve profil sava\u015flar\u0131na, olas\u0131 sat\u0131c\u0131 kilitlenmelerine ve merkezi kap\u0131 bek\u00e7ilerinin olu\u015fmas\u0131na yol a\u00e7maktad\u0131r. Esneklik ve demokratik kontrol a\u00e7\u0131s\u0131ndan bak\u0131ld\u0131\u011f\u0131nda, bu g\u00fcc\u00fcn da\u011f\u0131l\u0131m\u0131 k\u0131r\u0131lgan ve dolay\u0131s\u0131yla potansiyel bir risktir.<\/p>\n<h3>U\u00e7 noktalar, API'ler ve aray\u00fcz sorunu<\/h3>\n<p>C\u00fczdan, sistemin yaln\u0131zca bir par\u00e7as\u0131d\u0131r. En b\u00fcy\u00fck sald\u0131r\u0131 y\u00fczeyleri genellikle API'ler ve arka u\u00e7 u\u00e7 noktalar\u0131d\u0131r - sa\u011fl\u0131k sigortas\u0131 \u015firketleri, bankalar veya kay\u0131t ofislerinin aray\u00fczleri gibi. Bu arka u\u00e7lardaki g\u00fcvensiz uygulamalar, eri\u015fim kontrollerinin eksikli\u011fi veya g\u00f6zenekli kimlik do\u011frulama s\u00fcre\u00e7leri, asl\u0131nda g\u00fcvenli olan bir c\u00fczdan i\u015flemini h\u0131zla veri s\u0131z\u0131nt\u0131s\u0131na d\u00f6n\u00fc\u015ft\u00fcrebilir.<\/p>\n<h3>Tedarik zinciri riskleri ve \u00fc\u00e7\u00fcnc\u00fc taraf \u00fcreticiler<\/h3>\n<p>Modern yaz\u0131l\u0131mlar \u00fc\u00e7\u00fcnc\u00fc taraf \u00fcreticilerin k\u00fct\u00fcphanelerine ve bile\u015fenlerine dayanmaktad\u0131r. Yayg\u0131n olarak kullan\u0131lan bir c\u00fczdan uygulamas\u0131ndaki tehlikeye at\u0131lm\u0131\u015f bir SDK, kitleleri etkilemek i\u00e7in yeterlidir. Ayn\u0131 durum donan\u0131m bile\u015fenleri (g\u00fcvenli elemanlar, TPM'ler) i\u00e7in de ge\u00e7erlidir: Yanl\u0131\u015f konfig\u00fcrasyonlar ya da manip\u00fcle edilmi\u015f \u00fcr\u00fcn yaz\u0131l\u0131m\u0131 g\u00fcvenlik vaadini baltalayabilir. Bu nedenle tedarik zinciri, bireysel kullan\u0131c\u0131lar\u0131n \u00f6tesine ge\u00e7en sistemik bir risktir.<\/p>\n<h3>Cihaz kayb\u0131, SIM takas\u0131 ve sosyal m\u00fchendislik<\/h3>\n<p>Son cihaz\u0131n kayb\u0131, SIM takas sald\u0131r\u0131lar\u0131 veya iyi haz\u0131rlanm\u0131\u015f kimlik av\u0131 kampanyalar\u0131 en yo\u011fun emek gerektiren a\u011f ge\u00e7itleri olmaya devam etmektedir. Baz\u0131 kurtarma y\u00f6ntemleri, kendileri de g\u00fcvensiz olan ikincil kanallara (e-posta, SMS) dayanmaktad\u0131r. Sosyal m\u00fchendislik tam olarak bu bo\u015fluklar\u0131 hedef al\u0131r: \u0130nsanlar yetki vermeye, PIN'lerini a\u00e7\u0131klamaya ya da s\u00f6zde \u201eyard\u0131mc\u0131 uygulamalar\u0131\u201c installiere etmeye ikna edilir. Kullan\u0131c\u0131lar pratikte bu kadar kand\u0131r\u0131labilir kal\u0131yorsa teknik tasar\u0131m\u0131n pek bir faydas\u0131 yoktur.<\/p>\n<h3>G\u00fcnl\u00fck kayd\u0131, adli t\u0131p ve izler<\/h3>\n<p>Bir\u00e7ok sistem g\u00fcvenlik nedeniyle g\u00fcnl\u00fck tutar. Ancak loglar iki y\u00f6nl\u00fcd\u00fcr: ke\u015ffe yard\u0131mc\u0131 olurlar, ancak ayn\u0131 zamanda meta verilerin bir kopyas\u0131n\u0131 da sa\u011flarlar. G\u00fcnl\u00fckleri merkezi olarak toplayan herkes, analitik ve potansiyel olarak k\u00f6t\u00fcye kullan\u0131m i\u00e7in bir hazine olu\u015fturur. Buradaki zorluk, adli t\u0131p i\u00e7in saklama y\u00fck\u00fcml\u00fcl\u00fckleri ile saklama s\u00fcrelerinin kat\u0131 bir \u015fekilde en aza indirilmesini uzla\u015ft\u0131rmakt\u0131r.<\/p>\n<h3>Yan kanallar ve donan\u0131m sald\u0131r\u0131lar\u0131<\/h3>\n<p>G\u00fc\u00e7l\u00fc algoritmalar bile yan kanallar yoluyla sald\u0131r\u0131ya u\u011frayabilir: G\u00fc\u00e7 t\u00fcketimi \u00f6l\u00e7\u00fcmleri, mikro zamanlama, g\u00fcvenli unsurlara fiziksel sald\u0131r\u0131lar. Bu teknikler karma\u015f\u0131kt\u0131r, ancak devlet akt\u00f6rleri veya iyi donan\u0131ml\u0131 su\u00e7lular taraf\u0131ndan kullan\u0131lmaktad\u0131r. \u00d6zellikle hassas uygulamalar (\u00f6rne\u011fin devlet imzalar\u0131) i\u00e7in bu t\u00fcr sald\u0131r\u0131lar ger\u00e7ek\u00e7idir ve dikkate al\u0131nmal\u0131d\u0131r.<\/p>\n<h2>Ger\u00e7ek hayattaki sonu\u00e7lar: somut hasar senaryolar\u0131<\/h2>\n<h3>1. hesap devralmalar\u0131ndan kaynaklanan mali kay\u0131plar<\/h3>\n<ul>\n<li><strong>Senaryo<\/strong>Bir sald\u0131rgan, SIM takas sald\u0131r\u0131s\u0131 ve kimlik av\u0131 manevras\u0131n\u0131 birle\u015ftirerek bir ki\u015finin c\u00fczdan\u0131na eri\u015fim elde eder. C\u00fczdan, bir \u00f6deme yetkisini taklit etmek i\u00e7in kullan\u0131l\u0131r; dakikalar i\u00e7inde fonlar birka\u00e7 c\u00fczdana aktar\u0131l\u0131r ve baz\u0131lar\u0131 kripto onramplar\u0131 yoluyla ak\u0131p gider. Bu durum, etkilenenler i\u00e7in an\u0131nda varl\u0131k kayb\u0131, uzun ters ibraz prosed\u00fcrleri ve itibar kayb\u0131 anlam\u0131na gelmektedir. Bu durum bankalar i\u00e7in bir g\u00fcven sorunu yarat\u0131r ve paran\u0131n geri al\u0131nmas\u0131yla ilgili yasal konular karma\u015f\u0131kt\u0131r.<\/li>\n<li><strong>K\u0131sa vadeli kar\u015f\u0131 \u00f6nlemler<\/strong>S\u0131k\u0131 iki fakt\u00f6rl\u00fc politikalar, ola\u011fand\u0131\u015f\u0131 tutarlar i\u00e7in manuel i\u015flem kontrolleri, yeni \u00f6deme ko\u015fullar\u0131 i\u00e7in limitler.<\/li>\n<\/ul>\n<h3>2. Sa\u011fl\u0131k verileri \u00fczerinden \u015fantaj ve ayr\u0131mc\u0131l\u0131k<\/h3>\n<ul>\n<li><strong>Senaryo<\/strong>: B\u00f6lgesel bir klinikteki veri s\u0131z\u0131nt\u0131s\u0131 sonucunda hassas te\u015fhisler darknet forumlar\u0131na d\u00fc\u015fer. C\u00fczdan tabanl\u0131 kimlik do\u011frulama bilgileriyle kombinasyon, bireyler hakk\u0131nda sonu\u00e7lar \u00e7\u0131kar\u0131lmas\u0131na olanak tan\u0131r. Bu durumdan etkilenenler \u015fantaja maruz kalmakta ya da i\u015fverenler veya sigorta \u015firketleri taraf\u0131ndan ayr\u0131mc\u0131l\u0131\u011fa u\u011framaktad\u0131r. \u0130\u00e7erik a\u00e7\u0131k\u00e7a eri\u015filebilir olmasa bile, ikinci derece kan\u0131tlar (\u00f6rne\u011fin \u201eX tarihinde bir psikiyatri ko\u011fu\u015funda tedavi\u201c) \u00f6nemli hasara neden olmak i\u00e7in yeterlidir.<\/li>\n<li><strong>K\u0131sa vadeli kar\u015f\u0131 \u00f6nlemler<\/strong>S\u0131k\u0131 tahsisat yasalar\u0131, veri s\u0131z\u0131nt\u0131lar\u0131 i\u00e7in sorumluluk, \u015feffaf destek hizmetleri ile raporlama y\u00fck\u00fcml\u00fcl\u00fckleri.<\/li>\n<\/ul>\n<h3>3. meta veriler arac\u0131l\u0131\u011f\u0131yla kitlesel g\u00f6zetim<\/h3>\n<ul>\n<li><strong>Senaryo<\/strong>Bir devlet yetkilisine, ter\u00f6rizme kar\u015f\u0131 savunma bahanesiyle meta verilere geni\u015f kapsaml\u0131 eri\u015fim haklar\u0131 tan\u0131nmaktad\u0131r. \u0130\u00e7erik okunmadan, hareket profilleri, toplant\u0131lara kat\u0131l\u0131m veya tekrar eden temaslar yeniden olu\u015fturulabilir. Otoriter ba\u011flamlarda bu durum h\u0131zl\u0131 bir \u015fekilde g\u00f6z korkutmaya ve \u201ecayd\u0131r\u0131c\u0131 etkiye\u201c yol a\u00e7ar: insanlar devlet taraf\u0131ndan izlenmekten korktuklar\u0131 i\u00e7in belirli yerlerden veya faaliyetlerden ka\u00e7\u0131n\u0131rlar.<\/li>\n<li><strong>K\u0131sa vadeli kar\u015f\u0131 \u00f6nlemler<\/strong>Meta veri eri\u015fiminin s\u0131k\u0131 adli kontrol\u00fc, t\u00fcm taleplerin g\u00fcnl\u00fc\u011fe kaydedilmesi, veri depolamada zaman s\u0131n\u0131rlar\u0131.<\/li>\n<\/ul>\n<h3>4. Tehlikeli yay\u0131nc\u0131 nedeniyle sistem ar\u0131zas\u0131<\/h3>\n<ul>\n<li><strong>Senaryo<\/strong>Merkezi bir d\u00fczenleyici (\u00f6rne\u011fin b\u00fcy\u00fck c\u00fczdan sa\u011flay\u0131c\u0131s\u0131 veya sertifika yetkilisi) tehlikeye girer. Sonu\u00e7: milyonlarca kimlik kan\u0131t\u0131n\u0131n iptal edilmesi gerekir, \u00f6deme s\u00fcre\u00e7leri \u00e7\u00f6ker, resmi s\u00fcre\u00e7ler do\u011frulanamaz. Kurtarma uzun ve pahal\u0131d\u0131r - ve bu s\u00fcre zarf\u0131nda bir\u00e7ok hizmet yaln\u0131zca s\u0131n\u0131rl\u0131 \u00f6l\u00e7\u00fcde kullan\u0131labilir.<\/li>\n<li><strong>K\u0131sa vadeli kar\u015f\u0131 \u00f6nlemler<\/strong>Merkezi olmayan yedeklemeler, kademeli da\u011f\u0131t\u0131mlar, ka\u011f\u0131t tabanl\u0131 alternatiflerle acil durum prosed\u00fcrleri.<\/li>\n<\/ul>\n<h3>5. pazar yo\u011funla\u015fmas\u0131 ve tedarik\u00e7iler taraf\u0131ndan istismar<\/h3>\n<ul>\n<li><strong>Senaryo<\/strong>Bask\u0131n bir c\u00fczdan sa\u011flay\u0131c\u0131s\u0131, bir\u00e7ok hizmet taraf\u0131ndan benimsenen tescilli uzant\u0131lar olu\u015fturur. K\u00fc\u00e7\u00fck sa\u011flay\u0131c\u0131lar bunu takip edemez, kullan\u0131c\u0131lar \u201ekilitlenir\u201c. Hizmetlerin fiyatlar\u0131 y\u00fckselir, veri koruma \u00f6zellikleri kolayl\u0131k i\u00e7in takas edilir. Ekonomik g\u00fc\u00e7 bir ya da birka\u00e7 oyuncuya kayar.<\/li>\n<li><strong>K\u0131sa vadeli kar\u015f\u0131 \u00f6nlemler<\/strong>Birlikte \u00e7al\u0131\u015fabilirlik gereksinimleri, \u00f6zel aray\u00fczlere kar\u015f\u0131 d\u00fczenleyici kurallar, a\u00e7\u0131k standartlar.<\/li>\n<\/ul>\n<h3>6. perakende sald\u0131r\u0131lar: darknet \u00fczerinden sa\u011fl\u0131k ve sigorta verilerinin sat\u0131\u015f\u0131<\/h3>\n<ul>\n<li><strong>Senaryo<\/strong>Doktor muayenehanelerinden ve faturaland\u0131rma merkezlerinden al\u0131nan veriler Darknet'te toplan\u0131yor ve sat\u0131l\u0131yor. Al\u0131c\u0131lar bu verileri sigorta doland\u0131r\u0131c\u0131l\u0131\u011f\u0131, kimlik h\u0131rs\u0131zl\u0131\u011f\u0131 ya da hedefli \u015fantaj i\u00e7in kullan\u0131yor. C\u00fczdan tabanl\u0131 do\u011frulamalar sahay\u0131 yumu\u015fatt\u0131\u011f\u0131nda, bilginin paraya \u00e7evrilebilirli\u011fi ve bununla birlikte karaborsa fiyat\u0131 artar.<\/li>\n<li><strong>K\u0131sa vadeli kar\u015f\u0131 \u00f6nlemler<\/strong>Uygulamalar i\u00e7in daha kat\u0131 g\u00fcvenlik gereksinimleri, arka u\u00e7lar\u0131n \u015fifrelenmesi, veri arac\u0131s\u0131 yap\u0131lar\u0131n\u0131n cezai kovu\u015fturulmas\u0131.<\/li>\n<\/ul>\n<h3>7 Kritik altyap\u0131: basamakl\u0131 sonu\u00e7lar<\/h3>\n<ul>\n<li><strong>Senaryo<\/strong>Gizlili\u011fi ihlal edilmi\u015f kimlikler yetkilileri kand\u0131rmak i\u00e7in kullan\u0131l\u0131r (\u00f6rne\u011fin varl\u0131klara itiraz etmek, kritik tedarik zincirleri i\u00e7in kimlik kan\u0131tlar\u0131n\u0131 tahrif etmek). Sonu\u00e7 yava\u015f ama geni\u015f kapsaml\u0131 hasard\u0131r: tedarik zinciri kesintileri, yasal anla\u015fmazl\u0131klar, merkezi hizmetlere g\u00fcven kayb\u0131.<\/li>\n<li><strong>K\u0131sa vadeli kar\u015f\u0131 \u00f6nlemler<\/strong>\u00c7ok tarafl\u0131 do\u011frulamalar, hassas s\u00fcre\u00e7ler yaln\u0131zca c\u00fczdan kimlik do\u011frulamas\u0131na dayanmaz.<\/li>\n<\/ul>\n<h3>8. dijital engeller yoluyla sosyal d\u0131\u015flanma<\/h3>\n<ul>\n<li><strong>Senaryo<\/strong>C\u00fczdan idari y\u00fck\u00fc azaltt\u0131\u011f\u0131 i\u00e7in sa\u011flay\u0131c\u0131lar ve yetkililer alternatif yollar\u0131 azaltmaktad\u0131r. Uyumlu cihazlar\u0131 olmayan vatanda\u015flar, ya\u015fl\u0131lar veya g\u00fcvencesiz durumdaki ki\u015filer art\u0131k hizmetlere eri\u015femez ve etkili bir \u015fekilde d\u0131\u015flan\u0131rlar.<\/li>\n<li><strong>K\u0131sa vadeli kar\u015f\u0131 \u00f6nlemler<\/strong>Dijital kat\u0131l\u0131m i\u00e7in yasal olarak garanti alt\u0131na al\u0131nm\u0131\u015f \u00e7evrimd\u0131\u015f\u0131 alternatifler, destek ve finansman programlar\u0131.<\/li>\n<\/ul>\n<h3>Nihai s\u0131n\u0131fland\u0131rma<\/h3>\n<p>Bu senaryolar korku hikayeleri de\u011fil, daha ziyade bilinen sald\u0131r\u0131 t\u00fcrlerinden, ekonomik te\u015fviklerden ve sistemlerin d\u00fczenli olarak geli\u015ftirilip geni\u015fletildi\u011fi tarihsel deneyimlerden \u00e7\u0131kar\u0131mlard\u0131r. C\u00fczdan bir canavar de\u011fil, bir ara\u00e7t\u0131r. As\u0131l soru \u015fudur: Bu ara\u00e7 kimin eline ge\u00e7iyor, kontrol \u00f6rnekleri nas\u0131l da\u011f\u0131t\u0131l\u0131yor ve k\u00f6t\u00fcye kullan\u0131m, ticarile\u015ftirme ve su\u00e7 ama\u00e7l\u0131 istismara kar\u015f\u0131 engeller ne kadar g\u00fc\u00e7l\u00fc?<\/p>\n<p><img loading=\"lazy\" decoding=\"async\" class=\"size-large wp-image-3505 alignnone\" src=\"https:\/\/www.markus-schall.de\/wp-content\/uploads\/Digitale-ID-Schutzmassnahmen.jpg\" alt=\"Dijital AB kimli\u011fi i\u00e7in koruyucu \u00f6nlemler\" width=\"1024\" height=\"683\" srcset=\"https:\/\/www.markus-schall.de\/wp-content\/uploads\/Digitale-ID-Schutzmassnahmen.jpg 1024w, https:\/\/www.markus-schall.de\/wp-content\/uploads\/Digitale-ID-Schutzmassnahmen-300x200.jpg 300w, https:\/\/www.markus-schall.de\/wp-content\/uploads\/Digitale-ID-Schutzmassnahmen-768x512.jpg 768w, https:\/\/www.markus-schall.de\/wp-content\/uploads\/Digitale-ID-Schutzmassnahmen-18x12.jpg 18w\" sizes=\"auto, (max-width: 1024px) 100vw, 1024px\" \/><\/p>\n<h2>Koruyucu \u00f6nlemler, antidotlar ve sorumlu koruma raylar\u0131<\/h2>\n<h3>1. net yasal s\u0131n\u0131rlar - sistemler b\u00fcy\u00fcmeden \u00f6nce<\/h3>\n<p>Dijital kimlik k\u00fc\u00e7\u00fck bir ara\u00e7 de\u011fildir. G\u00fcnl\u00fck ya\u015fam \u00fczerinde derin etkisi olan bir altyap\u0131 projesidir. Bu nedenle ya\u015fam\u0131n t\u00fcm alanlar\u0131n\u0131n birbirine ba\u011flanmas\u0131 ger\u00e7e\u011fe d\u00f6n\u00fc\u015fmeden \u00f6nce zorlu yasal engellere ihtiya\u00e7 vard\u0131r. \u00d6z\u00fcnde bu \u015fu anlama gelmektedir<\/p>\n<ul>\n<li><strong>A\u00e7\u0131k tahsisat<\/strong>, Bu da \u00e7o\u011funluk karar\u0131yla kolayca a\u015f\u0131lamaz.<\/li>\n<li><strong>\u015eeffafl\u0131k y\u00fck\u00fcml\u00fcl\u00fckleri<\/strong> her t\u00fcrl\u00fc eri\u015fim i\u00e7in - ister resmi, ister ticari veya teknik olsun.<\/li>\n<li><strong>Ba\u011flay\u0131c\u0131 a\u00e7\u0131klama y\u00fck\u00fcml\u00fcl\u00fckleri<\/strong>, e\u011fer sistemler geni\u015fletilecekse.<\/li>\n<\/ul>\n<p>Deneyimler, b\u00fcy\u00fck dijital sistemlerin b\u00fcy\u00fcme e\u011filiminde oldu\u011funu g\u00f6stermi\u015ftir. Tek g\u00fcvenilir fren, kas\u0131tl\u0131 olarak dar bir \u015fekilde form\u00fcle edilmi\u015f bir yasad\u0131r.<\/p>\n<h3>2. asgari teknik standartlar - temelden \u00f6d\u00fcn vermemek<\/h3>\n<p>C\u00fczdan\u0131n kendisi sald\u0131rganlar\u0131 davet etmeyen teknik bir temele dayanmal\u0131d\u0131r. Temel minimum gereksinimler \u015funlard\u0131r<\/p>\n<ul>\n<li><strong>G\u00fc\u00e7l\u00fc meta veri minimizasyonu<\/strong>Sadece kesinlikle gerekli olan sorgulamalar\u0131 kaydedin.<\/li>\n<li><strong>Cihaz \u00fczerinde g\u00fcvenli unsur<\/strong>Sadece yaz\u0131l\u0131m korumas\u0131 de\u011fil, ger\u00e7ek donan\u0131m kilitleri.<\/li>\n<li><strong>Da\u011f\u0131t\u0131lm\u0131\u015f iptal mekanizmalar\u0131<\/strong>Sistem tamamen kapat\u0131lmadan anahtarlar\u0131n iptal edilmesi.<\/li>\n<li><strong>Ger\u00e7ek u\u00e7tan uca \u015fifreleme<\/strong> sadece uygulama taraf\u0131nda de\u011fil, arka u\u00e7larda da.<\/li>\n<\/ul>\n<p>Bu standartlar kanunla belirlenmeli ve d\u00fczenli olarak denetlenmelidir - aksi takdirde \u201ekoruma\u201c sadece teoride kal\u0131r.<\/p>\n<h3>3. kurumsal koruma mekanizmalar\u0131 - y\u00f6netim kurulu genelinde sorumluluk<\/h3>\n<p>Kimliklerle ilgilenen herkes sorumluluk ta\u015f\u0131mal\u0131d\u0131r. Buna \u015funlar dahildir:<\/p>\n<ul>\n<li><strong>Ba\u011f\u0131ms\u0131z denetim kurulu\u015flar\u0131<\/strong> c\u00fczdan sa\u011flay\u0131c\u0131lar\u0131 ve ihra\u00e7\u00e7\u0131lar i\u00e7in.<\/li>\n<li><strong>Zorunlu g\u00fcvenlik denetimleri<\/strong> sa\u011fl\u0131k sigortac\u0131lar\u0131, bankalar ve resmi arka u\u00e7lar i\u00e7in.<\/li>\n<li><strong>Sorumluluk d\u00fczenlemeleri<\/strong>, Veri ihlali durumunda kimin \u00f6deme yapaca\u011f\u0131n\u0131 ve kimin bilgilendirilece\u011fini a\u00e7\u0131k\u00e7a tan\u0131mlar.<\/li>\n<\/ul>\n<p>Net kurumsal sorumluluklar olmad\u0131\u011f\u0131nda, her zaman sorumlulu\u011fu ba\u015fkas\u0131na devreden birileri olur ve burada olmamas\u0131 gereken de tam olarak budur.<\/p>\n<h3>4. \u015feffaf kurtarma - arka kap\u0131lar olmadan<\/h3>\n<p>\u00c7al\u0131nan veya kaybolan c\u00fczdanlar\u0131n kurtar\u0131lmas\u0131 kritik bir konudur. Sald\u0131rganlar i\u00e7in bir ara\u00e7 ya da yetkililer i\u00e7in bir arka kap\u0131 olmamal\u0131d\u0131r:<\/p>\n<ul>\n<li><strong>\u00c7ok a\u015famal\u0131 kurtarma<\/strong>, Bu da bir\u00e7ok ba\u011f\u0131ms\u0131z kanal taraf\u0131ndan teyit edilmi\u015ftir.<\/li>\n<li><strong>\u00c7evrimd\u0131\u015f\u0131 se\u00e7enekler<\/strong> Uzaktan sald\u0131r\u0131lar yoluyla k\u00f6t\u00fcye kullan\u0131m\u0131 \u00f6nlemek i\u00e7in ki\u015fisel kimlik do\u011frulamas\u0131 ile.<\/li>\n<li>Kullan\u0131m yok <strong>g\u00fcvenli olmayan ikincil kanallar<\/strong> tek kimlik do\u011frulama i\u00e7in SMS gibi.<\/li>\n<\/ul>\n<p>Bu, sald\u0131rganlar\u0131n kurtarmay\u0131 bir \u201egiri\u015f anahtar\u0131\u201c olarak kullanmas\u0131n\u0131 \u00f6nlemenin tek yoludur.<\/p>\n<h3>5. Acil durum stratejileri - g\u00fcnl\u00fck ya\u015fam i\u00e7in istikrar<\/h3>\n<p>En iyi dijital sistemin bile ba\u015far\u0131s\u0131z olmas\u0131 durumunda alternatiflere ihtiyac\u0131 vard\u0131r. Bunlar \u015funlar\u0131 i\u00e7erir<\/p>\n<ul>\n<li><strong>Ka\u011f\u0131t tabanl\u0131 acil durum prosed\u00fcrleri<\/strong>, ger\u00e7ek kullan\u0131labilirli\u011fi garanti eder.<\/li>\n<li><strong>Yedek kimlik do\u011frulama<\/strong>, Bu da ak\u0131ll\u0131 telefon olmadan m\u00fcmk\u00fcn.<\/li>\n<li><strong>\u00c7evrimd\u0131\u015f\u0131 \u00e7al\u0131\u015fma i\u00e7in kurallar<\/strong>, \u00d6rne\u011fin sa\u011fl\u0131k sekt\u00f6r\u00fcnde veya resmi hizmetler i\u00e7in.<\/li>\n<\/ul>\n<p>Dijital kimlik hi\u00e7bir zaman hayati hizmetlere tek eri\u015fim arac\u0131 olmamal\u0131d\u0131r.<\/p>\n<h3>6 Sivil me\u015fru m\u00fcdafaa - koruyucu bir kalkan olarak fark\u0131ndal\u0131k<\/h3>\n<p>Teknoloji tek ba\u015f\u0131na aldatmaya kar\u015f\u0131 koruma sa\u011flamaz. Vatanda\u015flar\u0131n kendi g\u00fcvenlik fark\u0131ndal\u0131klar\u0131n\u0131 g\u00fc\u00e7lendirmeleri gerekir:<\/p>\n<ul>\n<li>Beklenmedik mesajlara veya \u201eacil\u201c taleplere kar\u015f\u0131 g\u00fcvensizlik.<\/li>\n<li>C\u00fczdan PIN'lerinin veya kurtarma kodlar\u0131n\u0131n if\u015fa edilmemesi.<\/li>\n<li>Cihazlar\u0131n ve uygulamalar\u0131n d\u00fczenli olarak g\u00fcncellenmesi.<\/li>\n<li>G\u00fc\u00e7l\u00fc engelleme mekanizmalar\u0131 ve ikinci fakt\u00f6rl\u00fc biyometri kullan\u0131m\u0131.<\/li>\n<\/ul>\n<p>Kimsenin BT uzman\u0131 olmas\u0131na gerek yok - biraz g\u00fcvensizlik ve sa\u011fduyu \u00e7o\u011fu zaman herhangi bir koruma yaz\u0131l\u0131m\u0131ndan daha etkilidir.<\/p>\n<hr \/>\n<h3>Dijital Euro \u00fczerine g\u00fcncel ara\u015ft\u0131rma<\/h3>\n<div class='bootstrap-yop yop-poll-mc'>\n\t\t\t\t\t\t\t<div class=\"basic-yop-poll-container\" style=\"background-color:#ffffff; border:0px; border-style:solid; border-color:#000000; border-radius:5px; padding:0px 5px;\" data-id=\"7\" data-temp=\"basic-pretty\" data-skin=\"square\" data-cscheme=\"blue\" data-cap=\"0\" data-access=\"guest\" data-tid=\"\" data-uid=\"f943d240bff123cfdab548cb57990e50\" data-pid=\"4314\" data-resdet=\"votes-number,percentages\" data-show-results-to=\"guest\" data-show-results-moment=\"after-vote\" data-show-results-only=\"false\" data-show-message=\"true\" data-show-results-as=\"bar\" data-sort-results-by=\"as-defined\" data-sort-results-rule=\"asc\"data-is-ended=\"0\" data-percentages-decimals=\"2\" data-gdpr=\"no\" data-gdpr-sol=\"consent\" data-css=\".basic-yop-poll-container[data-uid] .basic-vote {\t\t\t\t\t\t\t\t\ttext-align: center;\t\t\t\t\t\t\t\t}\" data-counter=\"0\" data-load-with=\"1\" data-notification-section=\"top\"><div class=\"row\"><div class=\"col-md-12\"><div class=\"basic-inner\"><div class=\"basic-message hide\" style=\"border-left: 10px solid #008000; padding: 0px 10px;\" data-error=\"#ff0000\" data-success=\"#008000\"><p class=\"basic-message-text\" style=\"color:#000000; font-size:14px; font-weight:normal;\"><\/p><\/div><div class=\"basic-overlay hide\"><div class=\"basic-vote-options\"><\/div><div class=\"basic-preloader\"><div class=\"basic-windows8\"><div class=\"basic-wBall basic-wBall_1\"><div class=\"basic-wInnerBall\"><\/div><\/div><div class=\"basic-wBall basic-wBall_2\"><div class=\"basic-wInnerBall\"><\/div><\/div><div class=\"basic-wBall basic-wBall_3\"><div class=\"basic-wInnerBall\"><\/div><\/div><div class=\"basic-wBall basic-wBall_4\"><div class=\"basic-wInnerBall\"><\/div><\/div><div class=\"basic-wBall basic-wBall_5\"><div class=\"basic-wInnerBall\"><\/div><\/div><\/div><\/div><\/div><form class=\"basic-form\" action=\"\"><input type=\"hidden\" name=\"_token\" value=\"c2516dec29\" autocomplete=\"off\"><div class=\"basic-elements\"><div class=\"basic-element basic-question basic-question-text-vertical\" data-id=\"7\" data-uid=\"8298502e044b4e1ead4e5e9e6ba22950\" data-type=\"question\" data-question-type=\"text\" data-required=\"yes\" data-allow-multiple=\"no\" data-min=\"1\" data-max=\"7\" data-display=\"vertical\" data-colnum=\"\" data-display-others=\"no\" data-others-color=\"\" data-others=\"\" data-others-max-chars=\"0\"><div class=\"basic-question-title\"><h5 style=\"color:#000000; font-size:16px; font-weight:normal; text-align:left;\">Dijital Euro'nun planlanan tan\u0131t\u0131m\u0131 hakk\u0131nda ne d\u00fc\u015f\u00fcn\u00fcyorsunuz?<\/h5><\/div><ul class=\"basic-answers\"><li class=\"basic-answer\" style=\"padding:0px 0px;\" data-id=\"31\" data-type=\"text\" data-vn=\"2\" data-color=\"#000000\" data-make-link=\"no\" data-link=\"\"><div class=\"basic-answer-content basic-text-vertical\"><label for=\"answer[31]\" class=\"basic-answer-label\"><input type=\"radio\" id=\"answer[31]\" name=\"answer[7]\" value=\"31\"><span class=\"basic-text\" style=\"color: #000000; font-size: 14px; font-weight: normal;\">G\u00fczel - bu dijitalle\u015fmede mant\u0131kl\u0131 bir ad\u0131m<\/span><\/label><\/div><\/li><li class=\"basic-answer\" style=\"padding:0px 0px;\" data-id=\"32\" data-type=\"text\" data-vn=\"5\" data-color=\"#000000\" data-make-link=\"no\" data-link=\"\"><div class=\"basic-answer-content basic-text-vertical\"><label for=\"answer[32]\" class=\"basic-answer-label\"><input type=\"radio\" id=\"answer[32]\" name=\"answer[7]\" value=\"32\"><span class=\"basic-text\" style=\"color: #000000; font-size: 14px; font-weight: normal;\">N\u00f6tr - nakit korundu\u011fu s\u00fcrece<\/span><\/label><\/div><\/li><li class=\"basic-answer\" style=\"padding:0px 0px;\" data-id=\"33\" data-type=\"text\" data-vn=\"15\" data-color=\"#000000\" data-make-link=\"no\" data-link=\"\"><div class=\"basic-answer-content basic-text-vertical\"><label for=\"answer[33]\" class=\"basic-answer-label\"><input type=\"radio\" id=\"answer[33]\" name=\"answer[7]\" value=\"33\"><span class=\"basic-text\" style=\"color: #000000; font-size: 14px; font-weight: normal;\">Kritik - Kontrol ve izleme i\u00e7in riskler g\u00f6r\u00fcyorum<\/span><\/label><\/div><\/li><li class=\"basic-answer\" style=\"padding:0px 0px;\" data-id=\"34\" data-type=\"text\" data-vn=\"70\" data-color=\"#000000\" data-make-link=\"no\" data-link=\"\"><div class=\"basic-answer-content basic-text-vertical\"><label for=\"answer[34]\" class=\"basic-answer-label\"><input type=\"radio\" id=\"answer[34]\" name=\"answer[7]\" value=\"34\"><span class=\"basic-text\" style=\"color: #000000; font-size: 14px; font-weight: normal;\">Reddediyorum - Dijital merkez bankas\u0131 para birimlerini reddediyorum<\/span><\/label><\/div><\/li><li class=\"basic-answer\" style=\"padding:0px 0px;\" data-id=\"35\" data-type=\"text\" data-vn=\"2\" data-color=\"#000000\" data-make-link=\"no\" data-link=\"\"><div class=\"basic-answer-content basic-text-vertical\"><label for=\"answer[35]\" class=\"basic-answer-label\"><input type=\"radio\" id=\"answer[35]\" name=\"answer[7]\" value=\"35\"><span class=\"basic-text\" style=\"color: #000000; font-size: 14px; font-weight: normal;\">Bu konuda \u00e7ok az \u015fey biliyorum.<\/span><\/label><\/div><\/li><\/ul><\/div><div class=\"clearfix\"><\/div><\/div><div class=\"basic-vote\"><a href=\"#\" class=\"button basic-vote-button\" role=\"button\" style=\"background:#027bb8; border:0px; border-style: solid; border-color:#000000; border-radius:5px; padding:10px 10px; color:#ffffff; font-size:14px; font-weight:normal;\">Oylama<\/a><\/div><input type=\"hidden\" name=\"trp-form-language\" value=\"tr\"\/><\/form><\/div><\/div><\/div><\/div>\n\t\t\t\t\t\t<\/div>\n<hr \/>\n<h2>Derinlemesine makalelere referanslar<\/h2>\n<p>Dijital kimlik konusu, ayr\u0131 makalelerde daha ayr\u0131nt\u0131l\u0131 olarak ele ald\u0131\u011f\u0131m di\u011fer bir\u00e7ok alana de\u011finmektedir. Her bir konuyu daha derinlemesine incelemek isterseniz, burada daha fazla analiz, arka plan bilgisi ve \u00f6rnek bulabilirsiniz:<\/p>\n<ol>\n<li><a href=\"https:\/\/www.markus-schall.de\/tr\/2025\/11\/elektroni%cc%87k-hasta-kaydi-epa-fact-check-ri%cc%87skler-haklar-ve-i%cc%87ti%cc%87razlar\/\"><strong>Elektronik hasta dosyas\u0131 (ePA)<\/strong><\/a>: Ayr\u0131 bir makale, darknet t\u00fcccarlar\u0131 ve g\u00fcvenlik a\u00e7\u0131klar\u0131ndan vazge\u00e7me y\u00fck\u00fcml\u00fcl\u00fc\u011f\u00fc konusuna kadar elektronik hasta kay\u0131tlar\u0131yla ilgili riskleri ele almaktad\u0131r. ePA ve dijital kimlik aras\u0131ndaki geni\u015f aray\u00fcz, anla\u015f\u0131lmas\u0131 gereken \u00f6nemli bir risktir.<\/li>\n<li><a href=\"https:\/\/www.markus-schall.de\/tr\/2025\/11\/di%cc%87ji%cc%87tal-euro-geli%cc%87yor-ne-anlama-geli%cc%87yor-ne-yapmamali-ve-ne-yapabi%cc%87li%cc%87r\/\"><strong>Dijital Euro<\/strong><\/a>Ba\u015fka bir makalede, dijital bir merkez bankas\u0131 para birimiyle ili\u015fkilendirilebilecek izleme ve kontrol risklerini a\u00e7\u0131kl\u0131yorum. Avrupa \u00e7ap\u0131nda bir kimlik c\u00fczdan\u0131 ile birlikte bu, finansal davran\u0131\u015f ve ki\u015fisel kimlik aras\u0131nda veri a\u00e7\u0131s\u0131ndan zengin bir kesi\u015fme yarat\u0131r.<\/li>\n<li><a href=\"https:\/\/www.markus-schall.de\/tr\/2025\/10\/almanyadaki%cc%87-voltaj-duesuesue-ne-anlama-geli%cc%87yor-ve-ne-gi%cc%87bi%cc%87-somut-sonuclari-olacak\/\"><strong>Almanya'da voltaj d\u00fc\u015f\u00fc\u015f\u00fc<\/strong><\/a>Ayr\u0131ca \u201egerilim vakas\u0131\u201c \u00fczerine de bir makale yay\u0131nlad\u0131m. Bu makale, devlet yetkileri geni\u015fletildi\u011finde ortaya \u00e7\u0131kan hukuki ve sosyal sonu\u00e7lar\u0131 inceliyor - bu konu \u00f6zellikle dijital kimlikler ba\u011flam\u0131nda \u00f6nem kazan\u0131yor.<\/li>\n<li><a href=\"https:\/\/www.markus-schall.de\/tr\/2025\/09\/askerli%cc%87k-hi%cc%87zmeti%cc%87ne-karsi-vi%cc%87cdani%cc%87-ret-aci%cc%87l-durumlarda-ne-yapilmali\/\"><strong>Zorunlu askerlik hizmetinin yeniden getirilmesi<\/strong><\/a>Zorunlu askerlik hizmetinin olas\u0131 geri d\u00f6n\u00fc\u015f\u00fcne ili\u015fkin makalem de bu ba\u011flamda ilgin\u00e7tir. Kriz zamanlar\u0131nda devlet yap\u0131lar\u0131n\u0131n nas\u0131l yeniden aktif hale getirilebilece\u011fini ve dijital kimlik sistemlerinin neden yepyeni bir anlam kazanaca\u011f\u0131n\u0131 g\u00f6steriyor.<\/li>\n<\/ol>\n<h2>Dijital AB kimli\u011fine ili\u015fkin nihai sonu\u00e7<\/h2>\n<p>Avrupa dijital kimli\u011fi g\u00fc\u00e7l\u00fc bir ara\u00e7t\u0131r. Kolayl\u0131k, standartla\u015ft\u0131r\u0131lm\u0131\u015f eri\u015fim ve modern y\u00f6netim vaat ediyor. Ancak, her ara\u00e7ta oldu\u011fu gibi, nas\u0131l kullan\u0131ld\u0131\u011f\u0131, sonu\u00e7ta ileriye do\u011fru bir ad\u0131m m\u0131 yoksa bir risk mi olaca\u011f\u0131n\u0131 belirleyecektir. As\u0131l sorun c\u00fczdan\u0131n kendisi de\u011fil, daha \u00f6nce kas\u0131tl\u0131 olarak ayr\u0131lm\u0131\u015f olan hayat\u0131m\u0131z\u0131n pek \u00e7ok alan\u0131n\u0131n birbirine ba\u011flanmas\u0131d\u0131r.<\/p>\n<p>Sa\u011fl\u0131k verileri, mali bilgiler, idari dosyalar ve \u00f6zel profiller, yanl\u0131\u015f d\u00fczenlendi\u011finde veya k\u00f6t\u00fcye kullan\u0131ld\u0131\u011f\u0131nda bir ki\u015fiyi tamamen okunakl\u0131 hale getirme g\u00fcc\u00fcne sahip bir veri a\u011f\u0131 olu\u015fturur. Sadece devlet i\u00e7in de\u011fil, ayn\u0131 zamanda su\u00e7lular ve \u015firketler i\u00e7in de.<\/p>\n<p>Tarih bize yarat\u0131lan sistemlerin b\u00fcy\u00fcd\u00fc\u011f\u00fcn\u00fc \u00f6\u011fretir. \u0130stisnalar kodlan\u0131r. Kolayl\u0131k, ihtiyat\u0131n yerini al\u0131r.<\/p>\n<p>Bu nedenle net koruma raylar\u0131na, \u015feffaf kontrollere ve dijital kimlik olmadan da \u00e7al\u0131\u015fan alternatiflere ihtiyac\u0131m\u0131z var. Ve pani\u011fe de\u011fil, modern teknolojinin kapsam\u0131na sa\u011fl\u0131kl\u0131 bir sayg\u0131ya dayanan ele\u015ftirel bir bak\u0131\u015f a\u00e7\u0131s\u0131na ihtiya\u00e7 vard\u0131r. Ancak o zaman dijital kimlik topluma hizmet eden bir ara\u00e7 haline gelebilir, onu gizlice \u015fekillendiren bir ara\u00e7 de\u011fil.<\/p>\n<hr \/>\n\n\t\t\t<div class=\"display-post-types\">\n\n\t\t\t\t\t\t\t<style type=\"text\/css\">\n\t\t\t#dpt-wrapper-112 { --dpt-text-align: left;--dpt-image-crop: center;--dpt-border-radius: 5px;--dpt-small-grid-column: 33.33%;--dpt-large-grid-column: 33.3333333333%;--dpt-h-gutter: 10px;--dpt-v-gutter: 10px; }\t\t\t<\/style>\n\t\t\t<style type=\"text\/css\">#dpt-wrapper-112 { --dpt-title-font-style:normal;--dpt-title-font-weight:600;--dpt-title-line-height:1.5;--dpt-title-text-decoration:none;--dpt-title-text-transform:none;--dpt-excerpt-font-style:normal;--dpt-excerpt-font-weight:400;--dpt-excerpt-line-height:1.5;--dpt-excerpt-text-decoration:none;--dpt-excerpt-text-transform:none;--dpt-meta1-font-style:normal;--dpt-meta1-font-weight:400;--dpt-meta1-line-height:1.9;--dpt-meta1-text-decoration:none;--dpt-meta1-text-transform:none;--dpt-meta2-font-style:normal;--dpt-meta2-font-weight:400;--dpt-meta2-line-height:1.9;--dpt-meta2-text-decoration:none;--dpt-meta2-text-transform:none; }<\/style><div class=\"dpt-main-header\">\n\t\t\t\t\t\t<div class=\"dpt-main-title\">\n\t\t\t\t\t\t\t<span class=\"dpt-main-title-text\">AB yasalar\u0131na ili\u015fkin g\u00fcncel makaleler<\/span>\n\t\t\t\t\t\t<\/div>\n\t\t\t\t\t\t\n\t\t\t\t\t\t\n\t\t\t\t\t\t\n\t\t\t\t\t\t<\/div>\t\t\t\n\t\t\t\t<div id=\"dpt-wrapper-112\" class=\"dpt-wrapper dpt-grid1 multi-col dpt-mason-wrap\" >\n\n\t\t\t\t\t\t\t\t\t\t\t<div class=\"dpt-entry has-thumbnail\" data-title=\"die digitale id der eu: verkn\u00fcpfung, kontrolle und risiken im alltag\" data-id=\"3486\"  data-category=\"allgemein gesellschaft tipps &amp; anleitungen\" data-post_tag=\"datenschutz eu-gesetze europa prozesse ratgeber\">\n\t\t\t\t\t\t\t<div class=\"dpt-entry-wrapper\"><div class=\"dpt-featured-content\"><div class=\"dpt-permalink\"><a href=\"https:\/\/www.markus-schall.de\/tr\/2025\/11\/abni%cc%87n-di%cc%87ji%cc%87tal-ki%cc%87mli%cc%87gi%cc%87-guenluek-yasamda-kontrol-ve-ri%cc%87ski%cc%87-bi%cc%87rbi%cc%87ri%cc%87ne-bagliyor\/\" class=\"dpt-permalink\"><span class=\"screen-reader-text\">AB'nin dijital kimli\u011fi: g\u00fcnl\u00fck ya\u015famda ba\u011flant\u0131, kontrol ve riskler<\/span><\/a><\/div><div class=\"dpt-thumbnail\"><div class=\"dpt-thumbnail-inner\"><img width=\"1024\" height=\"683\" class=\"attachment-full size-full\" alt=\"AB&#039;nin Dijital Kimli\u011fi\" context=\"dpt\" data-dpt-src=\"https:\/\/www.markus-schall.de\/wp-content\/uploads\/Digitale-ID-der-EU.jpg\" data-dpt-sizes=\"(max-width: 1024px) 100vw, 1024px\" data-dpt-srcset=\"https:\/\/www.markus-schall.de\/wp-content\/uploads\/Digitale-ID-der-EU.jpg 1024w, https:\/\/www.markus-schall.de\/wp-content\/uploads\/Digitale-ID-der-EU-300x200.jpg 300w, https:\/\/www.markus-schall.de\/wp-content\/uploads\/Digitale-ID-der-EU-768x512.jpg 768w, https:\/\/www.markus-schall.de\/wp-content\/uploads\/Digitale-ID-der-EU-18x12.jpg 18w\" \/><\/div><span class=\"dpt-thumbnail-aspect-ratio\" style=\"padding-top: 67%\"><\/span><\/div><\/div><div class=\"sub-entry\"><h3 class=\"dpt-title\"><a class=\"dpt-title-link\" href=\"https:\/\/www.markus-schall.de\/tr\/2025\/11\/abni%cc%87n-di%cc%87ji%cc%87tal-ki%cc%87mli%cc%87gi%cc%87-guenluek-yasamda-kontrol-ve-ri%cc%87ski%cc%87-bi%cc%87rbi%cc%87ri%cc%87ne-bagliyor\/\" rel=\"bookmark\">AB'nin dijital kimli\u011fi: g\u00fcnl\u00fck ya\u015famda ba\u011flant\u0131, kontrol ve riskler<\/a><\/h3><\/div><\/div>\n\t\t\t\t\t\t<\/div><!-- .dpt-entry -->\n\t\t\t\t\t\t\t\t\t\t\t\t<div class=\"dpt-entry has-thumbnail\" data-title=\"hohe energiepreise in deutschland verstehen: gas, strom und benzin einfach erkl\u00e4rt\" data-id=\"4103\"  data-category=\"allgemein featured gesellschaft tipps &amp; anleitungen\" data-post_tag=\"deutschland energiepolitik eu-gesetze europa krisen ratgeber\">\n\t\t\t\t\t\t\t<div class=\"dpt-entry-wrapper\"><div class=\"dpt-featured-content\"><div class=\"dpt-permalink\"><a href=\"https:\/\/www.markus-schall.de\/tr\/2025\/12\/almanyadaki%cc%87-yueksek-enerji%cc%87-fi%cc%87yatlarini-anlamak-gaz-elektri%cc%87k-ve-benzi%cc%87n-basi%cc%87tce-aciklandi\/\" class=\"dpt-permalink\"><span class=\"screen-reader-text\">Almanya'daki y\u00fcksek enerji fiyatlar\u0131n\u0131 anlamak: Gaz, elektrik ve benzin basit\u00e7e a\u00e7\u0131klan\u0131yor<\/span><\/a><\/div><div class=\"dpt-thumbnail\"><div class=\"dpt-thumbnail-inner\"><img width=\"1024\" height=\"683\" class=\"attachment-full size-full\" alt=\"Almanya&#039;da enerji fiyatlar\u0131\" context=\"dpt\" data-dpt-src=\"https:\/\/www.markus-schall.de\/wp-content\/uploads\/energiepreise-deutschland.jpg\" data-dpt-sizes=\"(max-width: 1024px) 100vw, 1024px\" data-dpt-srcset=\"https:\/\/www.markus-schall.de\/wp-content\/uploads\/energiepreise-deutschland.jpg 1024w, https:\/\/www.markus-schall.de\/wp-content\/uploads\/energiepreise-deutschland-300x200.jpg 300w, https:\/\/www.markus-schall.de\/wp-content\/uploads\/energiepreise-deutschland-768x512.jpg 768w, https:\/\/www.markus-schall.de\/wp-content\/uploads\/energiepreise-deutschland-18x12.jpg 18w\" \/><\/div><span class=\"dpt-thumbnail-aspect-ratio\" style=\"padding-top: 67%\"><\/span><\/div><\/div><div class=\"sub-entry\"><h3 class=\"dpt-title\"><a class=\"dpt-title-link\" href=\"https:\/\/www.markus-schall.de\/tr\/2025\/12\/almanyadaki%cc%87-yueksek-enerji%cc%87-fi%cc%87yatlarini-anlamak-gaz-elektri%cc%87k-ve-benzi%cc%87n-basi%cc%87tce-aciklandi\/\" rel=\"bookmark\">Almanya'daki y\u00fcksek enerji fiyatlar\u0131n\u0131 anlamak: Gaz, elektrik ve benzin basit\u00e7e a\u00e7\u0131klan\u0131yor<\/a><\/h3><\/div><\/div>\n\t\t\t\t\t\t<\/div><!-- .dpt-entry -->\n\t\t\t\t\t\t\t\t\t\t\t\t<div class=\"dpt-entry has-thumbnail\" data-title=\"die elektronische patientenakte (epa) im faktencheck: risiken, rechte und widerspruch\" data-id=\"3412\"  data-category=\"gesellschaft gesundheit tipps &amp; anleitungen\" data-post_tag=\"datenschutz eu-gesetze gesundheit prozesse ratgeber\">\n\t\t\t\t\t\t\t<div class=\"dpt-entry-wrapper\"><div class=\"dpt-featured-content\"><div class=\"dpt-permalink\"><a href=\"https:\/\/www.markus-schall.de\/tr\/2025\/11\/elektroni%cc%87k-hasta-kaydi-epa-fact-check-ri%cc%87skler-haklar-ve-i%cc%87ti%cc%87razlar\/\" class=\"dpt-permalink\"><span class=\"screen-reader-text\">Elektronik hasta dosyas\u0131na (EPR) ili\u015fkin ger\u00e7eklerin kontrol\u00fc: riskler, haklar ve itirazlar<\/span><\/a><\/div><div class=\"dpt-thumbnail\"><div class=\"dpt-thumbnail-inner\"><img width=\"1024\" height=\"683\" class=\"attachment-full size-full\" alt=\"Elektronik hasta dosyas\u0131 hakk\u0131nda t\u00fcm ger\u00e7ekler\" context=\"dpt\" data-dpt-src=\"https:\/\/www.markus-schall.de\/wp-content\/uploads\/Elektronische-Patientenakte.jpg\" data-dpt-sizes=\"(max-width: 1024px) 100vw, 1024px\" data-dpt-srcset=\"https:\/\/www.markus-schall.de\/wp-content\/uploads\/Elektronische-Patientenakte.jpg 1024w, https:\/\/www.markus-schall.de\/wp-content\/uploads\/Elektronische-Patientenakte-300x200.jpg 300w, https:\/\/www.markus-schall.de\/wp-content\/uploads\/Elektronische-Patientenakte-768x512.jpg 768w, https:\/\/www.markus-schall.de\/wp-content\/uploads\/Elektronische-Patientenakte-18x12.jpg 18w\" \/><\/div><span class=\"dpt-thumbnail-aspect-ratio\" style=\"padding-top: 67%\"><\/span><\/div><\/div><div class=\"sub-entry\"><h3 class=\"dpt-title\"><a class=\"dpt-title-link\" href=\"https:\/\/www.markus-schall.de\/tr\/2025\/11\/elektroni%cc%87k-hasta-kaydi-epa-fact-check-ri%cc%87skler-haklar-ve-i%cc%87ti%cc%87razlar\/\" rel=\"bookmark\">Elektronik hasta dosyas\u0131na (EPR) ili\u015fkin ger\u00e7eklerin kontrol\u00fc: riskler, haklar ve itirazlar<\/a><\/h3><\/div><\/div>\n\t\t\t\t\t\t<\/div><!-- .dpt-entry -->\n\t\t\t\t\t\t\t\t\t\t\t\t<div class=\"dpt-entry has-thumbnail\" data-title=\"spieltheorie erkl\u00e4rt 25 jahre geopolitik: wie europa seine strategische rolle verlor\" data-id=\"3850\"  data-category=\"allgemein gesellschaft kunst &amp; kultur\" data-post_tag=\"denkmodelle deutschland energiepolitik eu-gesetze europa geopolitik krisen sicherheitspolitik spieltheorie\">\n\t\t\t\t\t\t\t<div class=\"dpt-entry-wrapper\"><div class=\"dpt-featured-content\"><div class=\"dpt-permalink\"><a href=\"https:\/\/www.markus-schall.de\/tr\/2025\/12\/oyun-teori%cc%87si%cc%87-25-yillik-jeopoli%cc%87ti%cc%87gi%cc%87-acikliyor-avrupa-strateji%cc%87k-roluenue-nasil-kaybetti%cc%87\/\" class=\"dpt-permalink\"><span class=\"screen-reader-text\">Oyun teorisi jeopoliti\u011fin 25 y\u0131l\u0131n\u0131 a\u00e7\u0131kl\u0131yor: Avrupa stratejik rol\u00fcn\u00fc nas\u0131l kaybetti?<\/span><\/a><\/div><div class=\"dpt-thumbnail\"><div class=\"dpt-thumbnail-inner\"><img width=\"1024\" height=\"765\" class=\"attachment-full size-full\" alt=\"Oyun teorisi jeopoliti\u011fin 25 y\u0131l\u0131n\u0131 a\u00e7\u0131kl\u0131yor\" context=\"dpt\" data-dpt-src=\"https:\/\/www.markus-schall.de\/wp-content\/uploads\/europa-russland-spieltheorie.jpg\" data-dpt-sizes=\"(max-width: 1024px) 100vw, 1024px\" data-dpt-srcset=\"https:\/\/www.markus-schall.de\/wp-content\/uploads\/europa-russland-spieltheorie.jpg 1024w, https:\/\/www.markus-schall.de\/wp-content\/uploads\/europa-russland-spieltheorie-300x224.jpg 300w, https:\/\/www.markus-schall.de\/wp-content\/uploads\/europa-russland-spieltheorie-768x574.jpg 768w, https:\/\/www.markus-schall.de\/wp-content\/uploads\/europa-russland-spieltheorie-16x12.jpg 16w\" \/><\/div><span class=\"dpt-thumbnail-aspect-ratio\" style=\"padding-top: 75%\"><\/span><\/div><\/div><div class=\"sub-entry\"><h3 class=\"dpt-title\"><a class=\"dpt-title-link\" href=\"https:\/\/www.markus-schall.de\/tr\/2025\/12\/oyun-teori%cc%87si%cc%87-25-yillik-jeopoli%cc%87ti%cc%87gi%cc%87-acikliyor-avrupa-strateji%cc%87k-roluenue-nasil-kaybetti%cc%87\/\" rel=\"bookmark\">Oyun teorisi jeopoliti\u011fin 25 y\u0131l\u0131n\u0131 a\u00e7\u0131kl\u0131yor: Avrupa stratejik rol\u00fcn\u00fc nas\u0131l kaybetti?<\/a><\/h3><\/div><\/div>\n\t\t\t\t\t\t<\/div><!-- .dpt-entry -->\n\t\t\t\t\t\t\t\t\t\t\t\t<div class=\"dpt-entry has-thumbnail\" data-title=\"regelbasierte weltordnung und v\u00f6lkerrecht: zwischen anspruch, realit\u00e4t und rechtsbruch\" data-id=\"4275\"  data-category=\"allgemein gesellschaft\" data-post_tag=\"denkmodelle eu-gesetze europa geopolitik krisen sicherheitspolitik\">\n\t\t\t\t\t\t\t<div class=\"dpt-entry-wrapper\"><div class=\"dpt-featured-content\"><div class=\"dpt-permalink\"><a href=\"https:\/\/www.markus-schall.de\/tr\/2026\/01\/gercekli%cc%87k-ve-hukukun-i%cc%87hlali%cc%87-arasinda-kurala-dayali-duenya-duezeni%cc%87-ve-uluslararasi-hukuk\/\" class=\"dpt-permalink\"><span class=\"screen-reader-text\">Kurala dayal\u0131 d\u00fcnya d\u00fczeni ve uluslararas\u0131 hukuk: iddia, ger\u00e7eklik ve hukuk ihlali aras\u0131nda<\/span><\/a><\/div><div class=\"dpt-thumbnail\"><div class=\"dpt-thumbnail-inner\"><img width=\"1024\" height=\"683\" class=\"attachment-full size-full\" alt=\"Uluslararas\u0131 hukuk ve kurallara dayal\u0131 d\u00fcnya d\u00fczeni\" context=\"dpt\" data-dpt-src=\"https:\/\/www.markus-schall.de\/wp-content\/uploads\/voelkerrecht-weltordnung-titel.jpg\" data-dpt-sizes=\"(max-width: 1024px) 100vw, 1024px\" data-dpt-srcset=\"https:\/\/www.markus-schall.de\/wp-content\/uploads\/voelkerrecht-weltordnung-titel.jpg 1024w, https:\/\/www.markus-schall.de\/wp-content\/uploads\/voelkerrecht-weltordnung-titel-300x200.jpg 300w, https:\/\/www.markus-schall.de\/wp-content\/uploads\/voelkerrecht-weltordnung-titel-768x512.jpg 768w, https:\/\/www.markus-schall.de\/wp-content\/uploads\/voelkerrecht-weltordnung-titel-18x12.jpg 18w\" \/><\/div><span class=\"dpt-thumbnail-aspect-ratio\" style=\"padding-top: 67%\"><\/span><\/div><\/div><div class=\"sub-entry\"><h3 class=\"dpt-title\"><a class=\"dpt-title-link\" href=\"https:\/\/www.markus-schall.de\/tr\/2026\/01\/gercekli%cc%87k-ve-hukukun-i%cc%87hlali%cc%87-arasinda-kurala-dayali-duenya-duezeni%cc%87-ve-uluslararasi-hukuk\/\" rel=\"bookmark\">Kurala dayal\u0131 d\u00fcnya d\u00fczeni ve uluslararas\u0131 hukuk: iddia, ger\u00e7eklik ve hukuk ihlali aras\u0131nda<\/a><\/h3><\/div><\/div>\n\t\t\t\t\t\t<\/div><!-- .dpt-entry -->\n\t\t\t\t\t\t\t\t\t\t\t\t<div class=\"dpt-entry has-thumbnail\" data-title=\"cloud-act, datenhoheit und die schweiz: ein wendepunkt f\u00fcr europ\u00e4ische it-strategien?\" data-id=\"3727\"  data-category=\"allgemein gesellschaft\" data-post_tag=\"datenbanken datenschutz digitales eigentum eu-gesetze europa\">\n\t\t\t\t\t\t\t<div class=\"dpt-entry-wrapper\"><div class=\"dpt-featured-content\"><div class=\"dpt-permalink\"><a href=\"https:\/\/www.markus-schall.de\/tr\/2025\/11\/bulut-yasasi-veri%cc%87-egemenli%cc%87gi%cc%87-ve-i%cc%87svi%cc%87cre-avrupa-bi%cc%87li%cc%87si%cc%87m-strateji%cc%87leri%cc%87-i%cc%87ci%cc%87n-bi%cc%87r-doenuem-noktasi\/\" class=\"dpt-permalink\"><span class=\"screen-reader-text\">CLOUD Yasas\u0131, veri egemenli\u011fi ve \u0130svi\u00e7re: Avrupa BT stratejileri i\u00e7in bir d\u00f6n\u00fcm noktas\u0131 m\u0131?<\/span><\/a><\/div><div class=\"dpt-thumbnail\"><div class=\"dpt-thumbnail-inner\"><img width=\"1024\" height=\"683\" class=\"attachment-full size-full\" alt=\"\u0130svi\u00e7re&#039;nin bulut karar\u0131 Avrupa i\u00e7in ne anlama geliyor?\" context=\"dpt\" data-dpt-src=\"https:\/\/www.markus-schall.de\/wp-content\/uploads\/schweiz-cloud-resolution-eu.jpg\" data-dpt-sizes=\"(max-width: 1024px) 100vw, 1024px\" data-dpt-srcset=\"https:\/\/www.markus-schall.de\/wp-content\/uploads\/schweiz-cloud-resolution-eu.jpg 1024w, https:\/\/www.markus-schall.de\/wp-content\/uploads\/schweiz-cloud-resolution-eu-300x200.jpg 300w, https:\/\/www.markus-schall.de\/wp-content\/uploads\/schweiz-cloud-resolution-eu-768x512.jpg 768w, https:\/\/www.markus-schall.de\/wp-content\/uploads\/schweiz-cloud-resolution-eu-18x12.jpg 18w\" \/><\/div><span class=\"dpt-thumbnail-aspect-ratio\" style=\"padding-top: 67%\"><\/span><\/div><\/div><div class=\"sub-entry\"><h3 class=\"dpt-title\"><a class=\"dpt-title-link\" href=\"https:\/\/www.markus-schall.de\/tr\/2025\/11\/bulut-yasasi-veri%cc%87-egemenli%cc%87gi%cc%87-ve-i%cc%87svi%cc%87cre-avrupa-bi%cc%87li%cc%87si%cc%87m-strateji%cc%87leri%cc%87-i%cc%87ci%cc%87n-bi%cc%87r-doenuem-noktasi\/\" rel=\"bookmark\">CLOUD Yasas\u0131, veri egemenli\u011fi ve \u0130svi\u00e7re: Avrupa BT stratejileri i\u00e7in bir d\u00f6n\u00fcm noktas\u0131 m\u0131?<\/a><\/h3><\/div><\/div>\n\t\t\t\t\t\t<\/div><!-- .dpt-entry -->\n\t\t\t\t\t\t\n\t\t\t\t<\/div>\n\t\t\t\t\t\t<\/div>\n\t\t\t\n<hr \/>\n<h2>S\u0131k\u00e7a sorulan sorular<\/h2>\n<ol>\n<li><strong>AB dijital kimli\u011fi nedir ve neden uygulamaya konuluyor?<\/strong><br \/>\nDijital kimlik, vatanda\u015flar\u0131n kamu makamlar\u0131ndan bankalara ve sa\u011fl\u0131k portallar\u0131na kadar geni\u015f bir yelpazedeki hizmetlerde kendilerini tan\u0131mlamak i\u00e7in kullanabilecekleri Avrupa \u00e7ap\u0131nda bir giri\u015fimdir. AB, kolayl\u0131k, tek tip standartlar ve daha az b\u00fcrokrasi lehine tart\u0131\u015f\u0131yor. Temel fikir, her \u015feyi tek bir dijital kimlik \u00fczerinden ele alarak kimlik s\u00fcre\u00e7lerini daha g\u00fcvenli ve basit hale getirmektir.<\/li>\n<li><strong>\u201eEUDI C\u00fczdan\u201c asl\u0131nda ne anlama geliyor?<\/strong><br \/>\nEUDI, \u201eAvrupa Dijital Kimli\u011fi\u201c anlam\u0131na gelmektedir. C\u00fczdan, ak\u0131ll\u0131 telefonunuzda dijital kimlik kan\u0131t\u0131n\u0131 saklayan bir uygulamad\u0131r. Temel kimlik verilerini (isim, do\u011fum tarihi, kimlik numaras\u0131) ve ehliyet, sa\u011fl\u0131k sigortas\u0131 durumu veya imza sertifikalar\u0131 gibi iste\u011fe ba\u011fl\u0131 ek kan\u0131tlar\u0131 i\u00e7erir. Bu nedenle kimlik kartlar\u0131 i\u00e7in bir t\u00fcr dijital c\u00fczdand\u0131r.<\/li>\n<li><strong>Her \u015feyin cep telefonumda olmas\u0131 ger\u00e7ekten g\u00fcvenli mi?<\/strong><br \/>\nC\u00fczdan teknolojisinin kendisi nispeten g\u00fcvenlidir - kriptografi, donan\u0131m g\u00fcvenlik mod\u00fclleri ve se\u00e7ici if\u015fa kullan\u0131r. Sorun cihazda de\u011fil, ekosistemde ortaya \u00e7\u0131kmaktad\u0131r. Bir\u00e7ok hizmet ayn\u0131 kimlik \u00e7apas\u0131n\u0131 kullan\u0131r kullanmaz aray\u00fczlerden, merkezi listelerden, meta verilerden ve siyasi ya da ekonomik \u00e7\u0131karlardan kaynaklanan yeni riskler ortaya \u00e7\u0131kmaktad\u0131r.<\/li>\n<li><strong>\u201e\u0130\u00e7erik\u201c ve \u201emeta veri\u201c aras\u0131ndaki fark nedir?<\/strong><br \/>\n\u0130\u00e7erik, ger\u00e7ekte yay\u0131nlad\u0131\u011f\u0131n\u0131z \u015feydir - \u00f6rne\u011fin \u201e18 ya\u015f \u00fcst\u00fc\u201c veya \u201esigortal\u0131\u201c. Meta veri, e\u015flik eden bilgilerdir: Zaman, konum, hangi hizmetin sordu\u011fu, hangi kan\u0131t\u0131n talep edildi\u011fi. Meta veriler, i\u00e7erik \u015fifreli kalsa bile davran\u0131\u015f\u0131n\u0131z hakk\u0131nda \u00e7ok \u015fey ortaya koyar. Meta veriler genellikle devletler, \u015firketler ve su\u00e7lular i\u00e7in daha de\u011ferli olan k\u0131s\u0131md\u0131r.<\/li>\n<li><strong>Teorik olarak hangi veriler dijital kimlikle ili\u015fkilendirilebilir?<\/strong><br \/>\nTeknik olarak, kimlik do\u011frulama gerektiren neredeyse t\u00fcm alanlar: Sa\u011fl\u0131k, finans, dijital euro, sigorta, mobilite, kamu yetkilileri, kay\u0131t, kredibilite verileri, ileti\u015fim, telemetri. T\u00fcm verilerin bir araya getirilmesi planland\u0131\u011f\u0131 i\u00e7in de\u011fil, ortak tan\u0131mlama \u00f6zellikleri bu ba\u011flant\u0131y\u0131 teknik olarak m\u00fcmk\u00fcn k\u0131ld\u0131\u011f\u0131 i\u00e7in.<\/li>\n<li><strong>H\u00fck\u00fcmet a\u00e7\u0131s\u0131ndan en b\u00fcy\u00fck risk nedir?<\/strong><br \/>\nEn b\u00fcy\u00fck risk \u201eama\u00e7 kaymas\u0131 \u201cd\u0131r. Sistemler bir kez kurulduktan sonra genellikle geni\u015fletilirler. Kriz durumlar\u0131, siyasi bask\u0131 veya \u201eg\u00fcvenlik arg\u00fcmanlar\u0131\u201c eri\u015fimin geni\u015fletilmesine, meta verilerin daha kapsaml\u0131 kullan\u0131lmas\u0131na veya ama\u00e7 k\u0131s\u0131tlamalar\u0131n\u0131n gev\u015fetilmesine yol a\u00e7abilir. Bu durumda c\u00fczdan g\u00fc\u00e7l\u00fc bir kontrol arac\u0131 haline gelir.<\/li>\n<li><strong>O zaman devlet benimle ilgili her \u015feyi g\u00f6rebilir mi?<\/strong><br \/>\nHay\u0131r, otomatik olarak de\u011fil. Ancak mevzuat de\u011fi\u015fiklikleri veya acil durum yetkilendirmeleri yoluyla meta verilere veya belirli kan\u0131tlara eri\u015fimi zorlayabilir. Teknik altyap\u0131 bunu m\u00fcmk\u00fcn k\u0131lmaktad\u0131r. Kritik soru, yasal koruma raylar\u0131n\u0131n ne kadar g\u00fc\u00e7l\u00fc oldu\u011fu ve denetim makamlar\u0131n\u0131n ne kadar ba\u011f\u0131ms\u0131z \u00e7al\u0131\u015ft\u0131\u011f\u0131d\u0131r.<\/li>\n<li><strong>Kriminal a\u00e7\u0131dan en b\u00fcy\u00fck risk nedir?<\/strong><br \/>\nSu\u00e7lular kimlik h\u0131rs\u0131zl\u0131\u011f\u0131n\u0131, sa\u011fl\u0131k verilerini ve finansal i\u015flemleri hedef almaktad\u0131r. Ele ge\u00e7irilmi\u015f bir c\u00fczdan, hesap ele ge\u00e7irme, gasp, sigorta doland\u0131r\u0131c\u0131l\u0131\u011f\u0131 veya hedefli kimlik istismar\u0131 i\u00e7in k\u00f6t\u00fcye kullan\u0131labilir. \u00d6zellikle sa\u011fl\u0131k verileri hassas ve kal\u0131c\u0131 olarak ge\u00e7erli oldu\u011fu i\u00e7in darknet \u00fczerinde \u00e7ok de\u011ferlidir.<\/li>\n<li><strong>Ticari a\u00e7\u0131dan en b\u00fcy\u00fck risk nedir?<\/strong><br \/>\n\u015eirketler bu c\u00fczdan\u0131 farkl\u0131 platformlardaki profilleri birle\u015ftirmek i\u00e7in kullanabilir. Ya\u015f do\u011frulama, ikamet yeri, sat\u0131n alma davran\u0131\u015f\u0131, \u00e7evrimi\u00e7i etkinlik ve kredibilite verilerinin kombinasyonlar\u0131 \u00e7ok hassas t\u00fcketici profilleri sa\u011flar. Bu da fiyat ayr\u0131mc\u0131l\u0131\u011f\u0131na, hedefli reklamc\u0131l\u0131\u011fa ve potansiyel istisnalara yol a\u00e7ar.<\/li>\n<li><strong>Dijital kimlik dijital euro ile nas\u0131l ili\u015fkilendirilebilir?<\/strong><br \/>\nDijital euro geldi\u011finde, bir t\u00fcr kimlik do\u011frulama gerektirecektir. C\u00fczdan bunun i\u00e7in kullan\u0131labilir. Bu, finansal i\u015flemleri ve devlet taraf\u0131ndan do\u011frulanm\u0131\u015f kimli\u011fi bir araya getiriyor - \u00e7ok hassas bir a\u011f. Ele\u015ftirmenler g\u00f6zetim, davran\u0131\u015f kontrol\u00fc ve mahremiyete derin m\u00fcdahalelerden korkuyor.<\/li>\n<li><strong>Cep telefonum \u00e7al\u0131n\u0131rsa veya hacklenirse ne olur?<\/strong><br \/>\nBu, kurtarma mekanizmalar\u0131na ba\u011fl\u0131d\u0131r. E\u011fer \u00e7ok basitlerse - \u00f6rne\u011fin SMS yoluyla - sald\u0131rganlar\u0131n kimli\u011finizi \u00e7alma riski vard\u0131r. \u00c7ok karma\u015f\u0131k olmalar\u0131 halinde ise vatanda\u015flar g\u00fcnl\u00fck hayatta engellenecektir. Sa\u011flam \u00e7ok fakt\u00f6rl\u00fc prosed\u00fcrlere, \u00e7evrimd\u0131\u015f\u0131 alternatiflere ve arka kap\u0131lara ihtiya\u00e7 yoktur.<\/li>\n<li><strong>Hangi hizmetlerin dijital kimli\u011fe eri\u015fim yetkisine sahip oldu\u011funu kim kontrol ediyor?<\/strong><br \/>\nHer \u00fclke \u201eG\u00fcvenilir Listeler\u201c - g\u00fcvenilir hizmet sa\u011flay\u0131c\u0131lar\u0131n listelerini tutar. Kimin g\u00fcvenilir say\u0131laca\u011f\u0131na bu kurumlar karar verir. Bu da g\u00fc\u00e7 merkezleri yarat\u0131r. Listeye girmeyi ba\u015faranlar vatanda\u015flar\u0131n kimliklerine ve ekonomik faydalar\u0131na eri\u015fim elde ederler. As\u0131l soru bu kararlar\u0131n ne kadar \u015feffaf oldu\u011fudur.<\/li>\n<li><strong>Yetkililer ve sa\u011fl\u0131k sigortas\u0131 \u015firketleri risk zincirinde nas\u0131l bir rol oynuyor?<\/strong><br \/>\n\u00c7ok b\u00fcy\u00fck bir tane. C\u00fczdan teknik olarak sa\u011flam olabilir - ancak devlet ve sa\u011fl\u0131k hizmetleri arka u\u00e7lar\u0131 genellikle yetersiz korunmaktad\u0131r. Doktor muayenehanelerine, kliniklere ya da faturaland\u0131rma merkezlerine y\u00f6nelik sald\u0131r\u0131lar g\u00fcn\u00fcm\u00fczde zaten bir ger\u00e7ek. Veriler oraya akarsa ve c\u00fczdan do\u011frulamalar\u0131 yoluyla ili\u015fkilendirilebilirse, b\u00fcy\u00fck riskler ortaya \u00e7\u0131kar.<\/li>\n<li><strong>Sosyal m\u00fchendislik yoluyla yap\u0131lan sald\u0131r\u0131lar ne kadar ger\u00e7ek\u00e7i?<\/strong><br \/>\n\u00c7ok ger\u00e7ek\u00e7i. Sald\u0131rganlar kurtarma verilerini elde etmek i\u00e7in aldat\u0131c\u0131 \u015fekilde ger\u00e7ek mesajlar, destek aramalar\u0131 veya sahte uygulamalar kullan\u0131yor. \u0130nsanlar en b\u00fcy\u00fck g\u00fcvenlik a\u00e7\u0131\u011f\u0131 olmaya devam ediyor. Bu nedenle dikkatli olmak ve sa\u011fl\u0131kl\u0131 \u015f\u00fcphe duymak her t\u00fcrl\u00fc \u015fifrelemeden daha \u00f6nemlidir.<\/li>\n<li><strong>Ticari istismara kar\u015f\u0131 koruma mekanizmalar\u0131 var m\u0131?<\/strong><br \/>\nResmi koruma mekanizmalar\u0131 mevcuttur, ancak bunlar genellikle zay\u0131ft\u0131r. \u015eirketler, bir kullan\u0131c\u0131 kabul eder etmez verileri birle\u015ftirebilir - genellikle zaman bask\u0131s\u0131 alt\u0131nda veya net bilgi olmadan. Daha kat\u0131 d\u00fczenlemeler, \u015feffafl\u0131k y\u00fck\u00fcml\u00fcl\u00fckleri ve net ama\u00e7 s\u0131n\u0131rlamalar\u0131 gereklidir. Vatanda\u015flar\u0131n kendileri de gereksiz yere veri payla\u015fmamalar\u0131n\u0131 sa\u011flayabilirler.<\/li>\n<li><strong>Dijital kimli\u011fe alternatifler var m\u0131?<\/strong><br \/>\nEvet - ka\u011f\u0131t tabanl\u0131 kan\u0131tlar, klasik giri\u015fler, iki fakt\u00f6rl\u00fc sistemler. Bu alternatiflerin yasal olarak g\u00fcvenli kalmas\u0131 \u00f6nemlidir. Aksi takdirde, c\u00fczdan kullanmak i\u00e7in fiili bir zorlama olacakt\u0131r. Dijital sistemler hi\u00e7bir zaman \u00f6nemli hizmetleri elde etmek i\u00e7in tek se\u00e7enek olmamal\u0131d\u0131r.<\/li>\n<li><strong>Vatanda\u015flar kendilerini korumak i\u00e7in ne yapabilirler?<\/strong><br \/>\nPIN ve biyometri kullan\u0131n, kurtarma verilerini asla payla\u015fmay\u0131n, \u015f\u00fcpheli \u00fc\u00e7\u00fcnc\u00fc taraf uygulamalar\u0131 kullanmay\u0131n 1TP12, cihazlar\u0131 g\u00fcncel tutun, yetkilendirmeleri d\u00fczenli olarak kontrol edin, sa\u011fl\u0131k alan\u0131ndaki devre d\u0131\u015f\u0131 b\u0131rakma se\u00e7eneklerini kullan\u0131n, \u201eAcil! Hesap engellendi!\u201c mesajlar\u0131na dikkat edin - ihtiyatl\u0131l\u0131k safl\u0131\u011f\u0131 yener - bu en \u00f6nemli kurald\u0131r.<\/li>\n<li><strong>Dijital kimlik temelde k\u00f6t\u00fc m\u00fc?<\/strong><br \/>\nHay\u0131r. Bir\u00e7ok \u015feyi kolayla\u015ft\u0131rabilir ve modern dijital hizmetleri m\u00fcmk\u00fcn k\u0131labilir. As\u0131l mesele teknolojinin iyi ya da k\u00f6t\u00fc olmas\u0131 de\u011fil, \u00e7er\u00e7eve ko\u015fullar\u0131n\u0131n sa\u011flam olup olmad\u0131\u011f\u0131d\u0131r. G\u00fc\u00e7l\u00fc yasalar, \u015feffaf kontroller ve sa\u011flam alternatifler olmadan, kolayl\u0131k ba\u011f\u0131ml\u0131l\u0131\u011fa yol a\u00e7ar. Ancak net kurallarla c\u00fczdan faydal\u0131 bir ara\u00e7 olabilir.<\/li>\n<\/ol>\n<hr \/>\n\n\t\t\t<div class=\"display-post-types\">\n\n\t\t\t\t\t\t\t<style type=\"text\/css\">\n\t\t\t#dpt-wrapper-113 { --dpt-text-align: left;--dpt-image-crop: center;--dpt-border-radius: 5px;--dpt-h-gutter: 10px;--dpt-v-gutter: 9px; }\t\t\t<\/style>\n\t\t\t<style type=\"text\/css\">#dpt-wrapper-113 { --dpt-title-font-style:normal;--dpt-title-font-weight:600;--dpt-title-line-height:1.5;--dpt-title-text-decoration:none;--dpt-title-text-transform:none;--dpt-excerpt-font-style:normal;--dpt-excerpt-font-weight:400;--dpt-excerpt-line-height:1.5;--dpt-excerpt-text-decoration:none;--dpt-excerpt-text-transform:none;--dpt-meta1-font-style:normal;--dpt-meta1-font-weight:400;--dpt-meta1-line-height:1.9;--dpt-meta1-text-decoration:none;--dpt-meta1-text-transform:none;--dpt-meta2-font-style:normal;--dpt-meta2-font-weight:400;--dpt-meta2-line-height:1.9;--dpt-meta2-text-decoration:none;--dpt-meta2-text-transform:none; }<\/style><div class=\"dpt-main-header\">\n\t\t\t\t\t\t<div class=\"dpt-main-title\">\n\t\t\t\t\t\t\t<span class=\"dpt-main-title-text\">Sanat ve k\u00fclt\u00fcr \u00fczerine g\u00fcncel makaleler<\/span>\n\t\t\t\t\t\t<\/div>\n\t\t\t\t\t\t\n\t\t\t\t\t\t\n\t\t\t\t\t\t\n\t\t\t\t\t\t<\/div>\t\t\t\n\t\t\t\t<div id=\"dpt-wrapper-113\" class=\"dpt-wrapper dpt-mag1 land1 dpt-cropped dpt-flex-wrap\" >\n\n\t\t\t\t\t\t\t\t\t\t\t<div class=\"dpt-entry has-thumbnail\" data-title=\"reichweite ist kein eigentum \u2013 warum sichtbarkeit heute nicht mehr ausreicht\" data-id=\"3994\"  data-category=\"allgemein featured filemaker &amp; erp gesellschaft kunst &amp; kultur\" data-post_tag=\"datenlogik datenschutz denkmodelle digitales eigentum erp-software\">\n\t\t\t\t\t\t\t<div class=\"dpt-entry-wrapper\"><div class=\"dpt-featured-content\"><div class=\"dpt-permalink\"><a href=\"https:\/\/www.markus-schall.de\/tr\/2025\/12\/erisim-sahiplik-degildir-neden-goeruenuerluek-guenuemuezde-artik-yeterli-degildir\/\" class=\"dpt-permalink\"><span class=\"screen-reader-text\">Eri\u015fim sahiplik de\u011fildir - G\u00fcn\u00fcm\u00fczde g\u00f6r\u00fcn\u00fcrl\u00fck neden art\u0131k yeterli de\u011fil?<\/span><\/a><\/div><div class=\"dpt-thumbnail\"><div class=\"dpt-thumbnail-inner\"><img width=\"1024\" height=\"683\" class=\"attachment-full size-full\" alt=\"Eri\u015fim ve sahiplik\" context=\"dpt\" data-dpt-src=\"https:\/\/www.markus-schall.de\/wp-content\/uploads\/reichweite-vs-eigentum.jpg\" data-dpt-sizes=\"(max-width: 1024px) 100vw, 1024px\" data-dpt-srcset=\"https:\/\/www.markus-schall.de\/wp-content\/uploads\/reichweite-vs-eigentum.jpg 1024w, https:\/\/www.markus-schall.de\/wp-content\/uploads\/reichweite-vs-eigentum-300x200.jpg 300w, https:\/\/www.markus-schall.de\/wp-content\/uploads\/reichweite-vs-eigentum-768x512.jpg 768w, https:\/\/www.markus-schall.de\/wp-content\/uploads\/reichweite-vs-eigentum-18x12.jpg 18w\" \/><\/div><span class=\"dpt-thumbnail-aspect-ratio\" style=\"padding-top: 75%\"><\/span><\/div><\/div><div class=\"sub-entry\"><h3 class=\"dpt-title\"><a class=\"dpt-title-link\" href=\"https:\/\/www.markus-schall.de\/tr\/2025\/12\/erisim-sahiplik-degildir-neden-goeruenuerluek-guenuemuezde-artik-yeterli-degildir\/\" rel=\"bookmark\">Eri\u015fim sahiplik de\u011fildir - G\u00fcn\u00fcm\u00fczde g\u00f6r\u00fcn\u00fcrl\u00fck neden art\u0131k yeterli de\u011fil?<\/a><\/h3><\/div><\/div>\n\t\t\t\t\t\t<\/div><!-- .dpt-entry -->\n\t\t\t\t\t\t\t\t\t\t\t\t<div class=\"dpt-entry has-thumbnail\" data-title=\"beruf, weltbild, zukunft: entscheidungen im schatten des umbruchs\" data-id=\"3197\"  data-category=\"allgemein gesellschaft kunst &amp; kultur tipps &amp; anleitungen\" data-post_tag=\"erfahrungen krisen pers\u00f6nlichkeitsentwicklung ratgeber\">\n\t\t\t\t\t\t\t<div class=\"dpt-entry-wrapper\"><div class=\"dpt-featured-content\"><div class=\"dpt-permalink\"><a href=\"https:\/\/www.markus-schall.de\/tr\/2025\/10\/kari%cc%87yer-duenya-goeruesue-calkantilarin-goelgesi%cc%87nde-gelecege-yoeneli%cc%87k-kararlar\/\" class=\"dpt-permalink\"><span class=\"screen-reader-text\">Kariyer, d\u00fcnya g\u00f6r\u00fc\u015f\u00fc, gelecek: de\u011fi\u015fimin g\u00f6lgesinde kararlar<\/span><\/a><\/div><div class=\"dpt-thumbnail\"><div class=\"dpt-thumbnail-inner\"><img width=\"1024\" height=\"683\" class=\"attachment-full size-full\" alt=\"Karga\u015fan\u0131n g\u00f6lgesinde al\u0131nan kararlar\" context=\"dpt\" data-dpt-src=\"https:\/\/www.markus-schall.de\/wp-content\/uploads\/Entscheidungen-im-Schatten-Umbruch.jpg\" data-dpt-sizes=\"(max-width: 1024px) 100vw, 1024px\" data-dpt-srcset=\"https:\/\/www.markus-schall.de\/wp-content\/uploads\/Entscheidungen-im-Schatten-Umbruch.jpg 1024w, https:\/\/www.markus-schall.de\/wp-content\/uploads\/Entscheidungen-im-Schatten-Umbruch-300x200.jpg 300w, https:\/\/www.markus-schall.de\/wp-content\/uploads\/Entscheidungen-im-Schatten-Umbruch-768x512.jpg 768w, https:\/\/www.markus-schall.de\/wp-content\/uploads\/Entscheidungen-im-Schatten-Umbruch-18x12.jpg 18w\" \/><\/div><span class=\"dpt-thumbnail-aspect-ratio\" style=\"padding-top: 75%\"><\/span><\/div><\/div><div class=\"sub-entry\"><h3 class=\"dpt-title\"><a class=\"dpt-title-link\" href=\"https:\/\/www.markus-schall.de\/tr\/2025\/10\/kari%cc%87yer-duenya-goeruesue-calkantilarin-goelgesi%cc%87nde-gelecege-yoeneli%cc%87k-kararlar\/\" rel=\"bookmark\">Kariyer, d\u00fcnya g\u00f6r\u00fc\u015f\u00fc, gelecek: de\u011fi\u015fimin g\u00f6lgesinde kararlar<\/a><\/h3><\/div><\/div>\n\t\t\t\t\t\t<\/div><!-- .dpt-entry -->\n\t\t\t\t\t\t\t\t\t\t\t\t<div class=\"dpt-entry has-thumbnail\" data-title=\"ulrike gu\u00e9rot: eine europ\u00e4erin zwischen idee, universit\u00e4t und \u00f6ffentlichem diskurs\" data-id=\"4039\"  data-category=\"allgemein gesellschaft kunst &amp; kultur\" data-post_tag=\"denkmodelle deutschland europa geopolitik krisen meinungsfreiheit portrait sicherheitspolitik spieltheorie\">\n\t\t\t\t\t\t\t<div class=\"dpt-entry-wrapper\"><div class=\"dpt-featured-content\"><div class=\"dpt-permalink\"><a href=\"https:\/\/www.markus-schall.de\/tr\/2025\/12\/ulrike-guerot-ueni%cc%87versi%cc%87te-fi%cc%87kri%cc%87-ve-kamusal-soeylem-arasinda-bi%cc%87r-avrupali\/\" class=\"dpt-permalink\"><span class=\"screen-reader-text\">Ulrike Gu\u00e9rot: Fikir, \u00fcniversite ve kamusal s\u00f6ylem aras\u0131nda bir Avrupal\u0131<\/span><\/a><\/div><div class=\"dpt-thumbnail\"><div class=\"dpt-thumbnail-inner\"><img width=\"1024\" height=\"683\" class=\"attachment-full size-full\" alt=\"Ulrike Gu\u00e9rot ve Avrupa\" context=\"dpt\" data-dpt-src=\"https:\/\/www.markus-schall.de\/wp-content\/uploads\/ulrike-guerot-portrait.jpg\" data-dpt-sizes=\"(max-width: 1024px) 100vw, 1024px\" data-dpt-srcset=\"https:\/\/www.markus-schall.de\/wp-content\/uploads\/ulrike-guerot-portrait.jpg 1024w, https:\/\/www.markus-schall.de\/wp-content\/uploads\/ulrike-guerot-portrait-300x200.jpg 300w, https:\/\/www.markus-schall.de\/wp-content\/uploads\/ulrike-guerot-portrait-768x512.jpg 768w, https:\/\/www.markus-schall.de\/wp-content\/uploads\/ulrike-guerot-portrait-18x12.jpg 18w\" \/><\/div><span class=\"dpt-thumbnail-aspect-ratio\" style=\"padding-top: 75%\"><\/span><\/div><\/div><div class=\"sub-entry\"><h3 class=\"dpt-title\"><a class=\"dpt-title-link\" href=\"https:\/\/www.markus-schall.de\/tr\/2025\/12\/ulrike-guerot-ueni%cc%87versi%cc%87te-fi%cc%87kri%cc%87-ve-kamusal-soeylem-arasinda-bi%cc%87r-avrupali\/\" rel=\"bookmark\">Ulrike Gu\u00e9rot: Fikir, \u00fcniversite ve kamusal s\u00f6ylem aras\u0131nda bir Avrupal\u0131<\/a><\/h3><\/div><\/div>\n\t\t\t\t\t\t<\/div><!-- .dpt-entry -->\n\t\t\t\t\t\t\t\t\t\t\t\t<div class=\"dpt-entry has-thumbnail\" data-title=\"helge schneider: haltung, humor und die freiheit, sich nicht erkl\u00e4ren zu m\u00fcssen\" data-id=\"4756\"  data-category=\"allgemein gesellschaft kunst &amp; kultur\" data-post_tag=\"deutschland erfahrungen meinungsfreiheit musik portrait\">\n\t\t\t\t\t\t\t<div class=\"dpt-entry-wrapper\"><div class=\"dpt-featured-content\"><div class=\"dpt-permalink\"><a href=\"https:\/\/www.markus-schall.de\/tr\/2026\/02\/helge-schneider-tavri-mi%cc%87zah-ve-kendi%cc%87ni%cc%87-aciklamak-zorunda-olmama-oezguerluegue\/\" class=\"dpt-permalink\"><span class=\"screen-reader-text\">Helge Schneider: Tav\u0131r, mizah ve kendini a\u00e7\u0131klamak zorunda olmama \u00f6zg\u00fcrl\u00fc\u011f\u00fc<\/span><\/a><\/div><div class=\"dpt-thumbnail\"><div class=\"dpt-thumbnail-inner\"><img width=\"1024\" height=\"683\" class=\"attachment-full size-full\" alt=\"Helge Schneider Portre\" context=\"dpt\" data-dpt-src=\"https:\/\/www.markus-schall.de\/wp-content\/uploads\/Helge-Schneider.jpg\" data-dpt-sizes=\"(max-width: 1024px) 100vw, 1024px\" data-dpt-srcset=\"https:\/\/www.markus-schall.de\/wp-content\/uploads\/Helge-Schneider.jpg 1024w, https:\/\/www.markus-schall.de\/wp-content\/uploads\/Helge-Schneider-300x200.jpg 300w, https:\/\/www.markus-schall.de\/wp-content\/uploads\/Helge-Schneider-768x512.jpg 768w, https:\/\/www.markus-schall.de\/wp-content\/uploads\/Helge-Schneider-18x12.jpg 18w\" \/><\/div><span class=\"dpt-thumbnail-aspect-ratio\" style=\"padding-top: 75%\"><\/span><\/div><\/div><div class=\"sub-entry\"><h3 class=\"dpt-title\"><a class=\"dpt-title-link\" href=\"https:\/\/www.markus-schall.de\/tr\/2026\/02\/helge-schneider-tavri-mi%cc%87zah-ve-kendi%cc%87ni%cc%87-aciklamak-zorunda-olmama-oezguerluegue\/\" rel=\"bookmark\">Helge Schneider: Tav\u0131r, mizah ve kendini a\u00e7\u0131klamak zorunda olmama \u00f6zg\u00fcrl\u00fc\u011f\u00fc<\/a><\/h3><\/div><\/div>\n\t\t\t\t\t\t<\/div><!-- .dpt-entry -->\n\t\t\t\t\t\t\n\t\t\t\t<\/div>\n\t\t\t\t\t\t<\/div>\n\t\t\t\n<hr \/>","protected":false},"excerpt":{"rendered":"<p>\u201eDijital kimlik\u201c, \u201eAvrupa kimlik c\u00fczdan\u0131\u201c veya \u201eEUDI c\u00fczdan\u0131 \u201cn\u0131 duydu\u011funuzda, ilk ba\u015fta kula\u011fa soyut geliyor - neredeyse Br\u00fcksel'den gelen ba\u015fka bir karma\u015f\u0131k BT projesi gibi. Pek \u00e7ok ki\u015fi, AB d\u00fczenlemelerinin temelini olu\u015fturan \u201eeIDAS 2.0 \u201c\u0131 bilin\u00e7li olarak hi\u00e7 duymam\u0131\u015ft\u0131r. Oysa bu proje uzun vadede neredeyse her Avrupa Birli\u011fi vatanda\u015f\u0131n\u0131 etkileyecek. \u00d6z\u00fcnde, bir \u015fey hakk\u0131nda ... <a title=\"Helge Schneider: Tav\u0131r, mizah ve kendini a\u00e7\u0131klamak zorunda olmama \u00f6zg\u00fcrl\u00fc\u011f\u00fc\" class=\"read-more\" href=\"https:\/\/www.markus-schall.de\/tr\/2026\/02\/helge-schneider-tavri-mi%cc%87zah-ve-kendi%cc%87ni%cc%87-aciklamak-zorunda-olmama-oezguerluegue\/\" aria-label=\"Helge Schneider: Tav\u0131r, mizah ve kendini a\u00e7\u0131klamak zorunda olmama \u00f6zg\u00fcrl\u00fc\u011f\u00fc hakk\u0131nda devam\u0131n\u0131 oku\">Devam\u0131n\u0131 oku<\/a><\/p>","protected":false},"author":1,"featured_media":3491,"comment_status":"open","ping_status":"open","sticky":false,"template":"","format":"standard","meta":{"iawp_total_views":1366,"footnotes":""},"categories":[1,466,4],"tags":[469,470,475,442,448],"class_list":["post-3486","post","type-post","status-publish","format-standard","has-post-thumbnail","hentry","category-allgemein","category-gesellschaft","category-tipps-anleitungen","tag-datenschutz","tag-eu-gesetze","tag-europa","tag-prozesse","tag-ratgeber"],"_links":{"self":[{"href":"https:\/\/www.markus-schall.de\/tr\/wp-json\/wp\/v2\/posts\/3486","targetHints":{"allow":["GET"]}}],"collection":[{"href":"https:\/\/www.markus-schall.de\/tr\/wp-json\/wp\/v2\/posts"}],"about":[{"href":"https:\/\/www.markus-schall.de\/tr\/wp-json\/wp\/v2\/types\/post"}],"author":[{"embeddable":true,"href":"https:\/\/www.markus-schall.de\/tr\/wp-json\/wp\/v2\/users\/1"}],"replies":[{"embeddable":true,"href":"https:\/\/www.markus-schall.de\/tr\/wp-json\/wp\/v2\/comments?post=3486"}],"version-history":[{"count":29,"href":"https:\/\/www.markus-schall.de\/tr\/wp-json\/wp\/v2\/posts\/3486\/revisions"}],"predecessor-version":[{"id":5598,"href":"https:\/\/www.markus-schall.de\/tr\/wp-json\/wp\/v2\/posts\/3486\/revisions\/5598"}],"wp:featuredmedia":[{"embeddable":true,"href":"https:\/\/www.markus-schall.de\/tr\/wp-json\/wp\/v2\/media\/3491"}],"wp:attachment":[{"href":"https:\/\/www.markus-schall.de\/tr\/wp-json\/wp\/v2\/media?parent=3486"}],"wp:term":[{"taxonomy":"category","embeddable":true,"href":"https:\/\/www.markus-schall.de\/tr\/wp-json\/wp\/v2\/categories?post=3486"},{"taxonomy":"post_tag","embeddable":true,"href":"https:\/\/www.markus-schall.de\/tr\/wp-json\/wp\/v2\/tags?post=3486"}],"curies":[{"name":"wp","href":"https:\/\/api.w.org\/{rel}","templated":true}]}}