{"id":3600,"date":"2025-11-22T09:15:50","date_gmt":"2025-11-22T09:15:50","guid":{"rendered":"https:\/\/www.markus-schall.de\/?p=3600"},"modified":"2026-04-23T08:58:08","modified_gmt":"2026-04-23T08:58:08","slug":"si%cc%87hi%cc%87rli%cc%87-duvar-genc-okurlarin-cesareti%cc%87ni%cc%87-gueclendi%cc%87ren-i%cc%87ki%cc%87-cocuk-ki%cc%87tabi","status":"publish","type":"post","link":"https:\/\/www.markus-schall.de\/tr\/2025\/11\/die-magische-mauer-zwei-kinderbuecher-die-den-mut-junger-leser-staerken\/","title":{"rendered":"\u201eSihirli Duvar\u201c: Gen\u00e7 okurlar\u0131n cesaretini g\u00fc\u00e7lendiren iki \u00e7ocuk kitab\u0131"},"content":{"rendered":"<p>In einer Zeit, in der viele Kinderb\u00fccher schnelllebig wirken und oft nur auf kurze Effekte ausgelegt sind, lohnt sich ein Blick auf Werke, die mit echter Liebe zum Detail geschrieben wurden. B\u00fccher, die sich Zeit nehmen, eine Welt aufzubauen, die jungen Lesern nicht nur Unterhaltung bietet, sondern Mut, Fantasie und innere St\u00e4rke vermittelt.<\/p>\n<p>Genau solche B\u00fccher schreibt Jana Kollmann &#8211; eine Autorin, deren Wurzeln, Lebensweg und k\u00fcnstlerische Pr\u00e4gung man in jeder Zeile wiedererkennt.<!--more--><\/p>\n<hr \/>\n\n\t\t\t<div class=\"display-post-types\">\n\n\t\t\t\t\t\t\t<style type=\"text\/css\">\n\t\t\t#dpt-wrapper-470 { --dpt-text-align: left;--dpt-image-crop: center;--dpt-border-radius: 5px;--dpt-h-gutter: 10px;--dpt-v-gutter: 10px; }\t\t\t<\/style>\n\t\t\t<style type=\"text\/css\">#dpt-wrapper-470 { --dpt-title-font-style:normal;--dpt-title-font-weight:600;--dpt-title-line-height:1.5;--dpt-title-text-decoration:none;--dpt-title-text-transform:none;--dpt-excerpt-font-style:normal;--dpt-excerpt-font-weight:400;--dpt-excerpt-line-height:1.5;--dpt-excerpt-text-decoration:none;--dpt-excerpt-text-transform:none;--dpt-meta1-font-style:normal;--dpt-meta1-font-weight:400;--dpt-meta1-line-height:1.9;--dpt-meta1-text-decoration:none;--dpt-meta1-text-transform:none;--dpt-meta2-font-style:normal;--dpt-meta2-font-weight:400;--dpt-meta2-line-height:1.9;--dpt-meta2-text-decoration:none;--dpt-meta2-text-transform:none; }<\/style><div class=\" dpt-main-header\">\n\t\t\t\t\t\t<div class=\"dpt-main-title\">\n\t\t\t\t\t\t\t<span class=\"dpt-main-title-text\">Aktuelle Themen zu B\u00fcchern<\/span>\n\t\t\t\t\t\t<\/div>\n\t\t\t\t\t\t\n\t\t\t\t\t\t\n\t\t\t\t\t\t\n\t\t\t\t\t\t<\/div>\t\t\t\n\t\t\t\t<div id=\"dpt-wrapper-470\" class=\"dpt-wrapper dpt-mag1 land1 dpt-cropped dpt-flex-wrap\" >\n\n\t\t\t\t\t\t\t\t\t\t\t<div class=\"dpt-entry has-thumbnail\" data-title=\"mit klarheit durch die krise: wie ki neue perspektiven er\u00f6ffnet\" data-id=\"2436\"  data-category=\"b\u00fccher\" data-post_tag=\"buch krisen k\u00fcnstliche intelligenz lernen pers\u00f6nlichkeitsentwicklung ratgeber\">\n\t\t\t\t\t\t\t<div class=\"dpt-entry-wrapper\"><div class=\" dpt-featured-content\"><div class=\" dpt-permalink\"><a href=\"https:\/\/www.markus-schall.de\/tr\/2025\/08\/mit-klarheit-durch-die-krise-wie-ki-neue-perspektiven-eroeffnet\/\" class=\"dpt-permalink\"><span class=\"screen-reader-text\">Mit Klarheit durch die Krise: Wie KI neue Perspektiven er\u00f6ffnet<\/span><\/a><\/div><div class=\" dpt-thumbnail\"><div class=\"dpt-thumbnail-inner\"><img width=\"838\" height=\"1200\" class=\"attachment-full size-full\" alt=\"Buch &#039;Krisen als Wendepunkte - lernen, wachsen, gestalten&#039;\" context=\"dpt\" data-dpt-src=\"https:\/\/www.markus-schall.de\/wp-content\/uploads\/Krisen-Cover-Front-DEjpg.jpg\" data-dpt-sizes=\"(max-width: 838px) 100vw, 838px\" data-dpt-srcset=\"https:\/\/www.markus-schall.de\/wp-content\/uploads\/Krisen-Cover-Front-DEjpg.jpg 838w, https:\/\/www.markus-schall.de\/wp-content\/uploads\/Krisen-Cover-Front-DEjpg-210x300.jpg 210w, https:\/\/www.markus-schall.de\/wp-content\/uploads\/Krisen-Cover-Front-DEjpg-715x1024.jpg 715w, https:\/\/www.markus-schall.de\/wp-content\/uploads\/Krisen-Cover-Front-DEjpg-768x1100.jpg 768w, https:\/\/www.markus-schall.de\/wp-content\/uploads\/Krisen-Cover-Front-DEjpg-8x12.jpg 8w\" \/><\/div><span class=\"dpt-thumbnail-aspect-ratio\" style=\"padding-top: 75%\"><\/span><\/div><\/div><div class=\" sub-entry\"><h3 class=\" dpt-title\"><a class=\"dpt-title-link\" href=\"https:\/\/www.markus-schall.de\/tr\/2025\/08\/mit-klarheit-durch-die-krise-wie-ki-neue-perspektiven-eroeffnet\/\" rel=\"bookmark\">Mit Klarheit durch die Krise: Wie KI neue Perspektiven er\u00f6ffnet<\/a><\/h3><\/div><\/div>\n\t\t\t\t\t\t<\/div><!-- .dpt-entry -->\n\t\t\t\t\t\t\t\t\t\t\t\t<div class=\"dpt-entry has-thumbnail\" data-title=\"lithium: das vergessene spurenelement? eine betrachtung zur mikrodosierung\" data-id=\"2908\"  data-category=\"allgemein b\u00fccher gesundheit tipps &amp; anleitungen\" data-post_tag=\"buch cmd erfahrungen gesundheit hypersensibilit\u00e4t\">\n\t\t\t\t\t\t\t<div class=\"dpt-entry-wrapper\"><div class=\" dpt-featured-content\"><div class=\" dpt-permalink\"><a href=\"https:\/\/www.markus-schall.de\/tr\/2025\/09\/lithium-das-vergessene-spurenelement-eine-betrachtung-zur-mikrodosierung\/\" class=\"dpt-permalink\"><span class=\"screen-reader-text\">Lithium: Das vergessene Spurenelement? Eine Betrachtung zur Mikrodosierung<\/span><\/a><\/div><div class=\" dpt-thumbnail\"><div class=\"dpt-thumbnail-inner\"><img width=\"1024\" height=\"683\" class=\"attachment-full size-full\" alt=\"Lithium-Orotat in Mikrodosierung\" context=\"dpt\" data-dpt-src=\"https:\/\/www.markus-schall.de\/wp-content\/uploads\/Lithium-Orotat-Mikrodosierung.jpg\" data-dpt-sizes=\"(max-width: 1024px) 100vw, 1024px\" data-dpt-srcset=\"https:\/\/www.markus-schall.de\/wp-content\/uploads\/Lithium-Orotat-Mikrodosierung.jpg 1024w, https:\/\/www.markus-schall.de\/wp-content\/uploads\/Lithium-Orotat-Mikrodosierung-300x200.jpg 300w, https:\/\/www.markus-schall.de\/wp-content\/uploads\/Lithium-Orotat-Mikrodosierung-768x512.jpg 768w, https:\/\/www.markus-schall.de\/wp-content\/uploads\/Lithium-Orotat-Mikrodosierung-18x12.jpg 18w\" \/><\/div><span class=\"dpt-thumbnail-aspect-ratio\" style=\"padding-top: 75%\"><\/span><\/div><\/div><div class=\" sub-entry\"><h3 class=\" dpt-title\"><a class=\"dpt-title-link\" href=\"https:\/\/www.markus-schall.de\/tr\/2025\/09\/lithium-das-vergessene-spurenelement-eine-betrachtung-zur-mikrodosierung\/\" rel=\"bookmark\">Lithium: Das vergessene Spurenelement? Eine Betrachtung zur Mikrodosierung<\/a><\/h3><\/div><\/div>\n\t\t\t\t\t\t<\/div><!-- .dpt-entry -->\n\t\t\t\t\t\t\t\t\t\t\t\t<div class=\"dpt-entry has-thumbnail\" data-title=\"&#8222;das etwas andere datenbank-buch&#8220; f\u00fchrt ein in die prozess-denkweise.\" data-id=\"2451\"  data-category=\"b\u00fccher filemaker &amp; erp\" data-post_tag=\"buch datenbanken datenlogik denkmodelle prozesse verlag\">\n\t\t\t\t\t\t\t<div class=\"dpt-entry-wrapper\"><div class=\" dpt-featured-content\"><div class=\" dpt-permalink\"><a href=\"https:\/\/www.markus-schall.de\/tr\/2025\/08\/das-etwas-andere-datenbank-buch-fuehrt-ein-in-die-prozess-denkweise\/\" class=\"dpt-permalink\"><span class=\"screen-reader-text\">&#8222;Das etwas andere Datenbank-Buch&#8220; f\u00fchrt ein in die Prozess-Denkweise.<\/span><\/a><\/div><div class=\" dpt-thumbnail\"><div class=\"dpt-thumbnail-inner\"><img width=\"838\" height=\"1200\" class=\"attachment-full size-full\" alt=\"Das etwas andere Datenbank-Buch\" context=\"dpt\" data-dpt-src=\"https:\/\/www.markus-schall.de\/wp-content\/uploads\/das-etwas-andere-datenbank-buch.jpg\" data-dpt-sizes=\"(max-width: 838px) 100vw, 838px\" data-dpt-srcset=\"https:\/\/www.markus-schall.de\/wp-content\/uploads\/das-etwas-andere-datenbank-buch.jpg 838w, https:\/\/www.markus-schall.de\/wp-content\/uploads\/das-etwas-andere-datenbank-buch-210x300.jpg 210w, https:\/\/www.markus-schall.de\/wp-content\/uploads\/das-etwas-andere-datenbank-buch-715x1024.jpg 715w, https:\/\/www.markus-schall.de\/wp-content\/uploads\/das-etwas-andere-datenbank-buch-768x1100.jpg 768w, https:\/\/www.markus-schall.de\/wp-content\/uploads\/das-etwas-andere-datenbank-buch-8x12.jpg 8w\" \/><\/div><span class=\"dpt-thumbnail-aspect-ratio\" style=\"padding-top: 75%\"><\/span><\/div><\/div><div class=\" sub-entry\"><h3 class=\" dpt-title\"><a class=\"dpt-title-link\" href=\"https:\/\/www.markus-schall.de\/tr\/2025\/08\/das-etwas-andere-datenbank-buch-fuehrt-ein-in-die-prozess-denkweise\/\" rel=\"bookmark\">&#8222;Das etwas andere Datenbank-Buch&#8220; f\u00fchrt ein in die Prozess-Denkweise.<\/a><\/h3><\/div><\/div>\n\t\t\t\t\t\t<\/div><!-- .dpt-entry -->\n\t\t\t\t\t\t\t\t\t\t\t\t<div class=\"dpt-entry has-thumbnail\" data-title=\"k\u00fcnstliche intelligenz: welche jobs in gefahr sind, und wie wir uns jetzt wappnen k\u00f6nnen\" data-id=\"2940\"  data-category=\"allgemein b\u00fccher gesellschaft ki-systeme\" data-post_tag=\"buch k\u00fcnstliche intelligenz llama llm mistral mlx ollama ratgeber sprachmodell\">\n\t\t\t\t\t\t\t<div class=\"dpt-entry-wrapper\"><div class=\" dpt-featured-content\"><div class=\" dpt-permalink\"><a href=\"https:\/\/www.markus-schall.de\/tr\/2025\/09\/kuenstliche-intelligenz-welche-jobs-in-gefahr-sind-und-wie-wir-uns-jetzt-wappnen-koennen\/\" class=\"dpt-permalink\"><span class=\"screen-reader-text\">K\u00fcnstliche Intelligenz: Welche Jobs in Gefahr sind, und wie wir uns jetzt wappnen k\u00f6nnen<\/span><\/a><\/div><div class=\" dpt-thumbnail\"><div class=\"dpt-thumbnail-inner\"><img width=\"1024\" height=\"683\" class=\"attachment-full size-full\" alt=\"Welche Jobs entfallen k\u00fcnftig durch KI\" context=\"dpt\" data-dpt-src=\"https:\/\/www.markus-schall.de\/wp-content\/uploads\/welche-jobs-fallen-durch-ki-weg.jpg\" data-dpt-sizes=\"(max-width: 1024px) 100vw, 1024px\" data-dpt-srcset=\"https:\/\/www.markus-schall.de\/wp-content\/uploads\/welche-jobs-fallen-durch-ki-weg.jpg 1024w, https:\/\/www.markus-schall.de\/wp-content\/uploads\/welche-jobs-fallen-durch-ki-weg-300x200.jpg 300w, https:\/\/www.markus-schall.de\/wp-content\/uploads\/welche-jobs-fallen-durch-ki-weg-768x512.jpg 768w, https:\/\/www.markus-schall.de\/wp-content\/uploads\/welche-jobs-fallen-durch-ki-weg-18x12.jpg 18w\" \/><\/div><span class=\"dpt-thumbnail-aspect-ratio\" style=\"padding-top: 75%\"><\/span><\/div><\/div><div class=\" sub-entry\"><h3 class=\" dpt-title\"><a class=\"dpt-title-link\" href=\"https:\/\/www.markus-schall.de\/tr\/2025\/09\/kuenstliche-intelligenz-welche-jobs-in-gefahr-sind-und-wie-wir-uns-jetzt-wappnen-koennen\/\" rel=\"bookmark\">K\u00fcnstliche Intelligenz: Welche Jobs in Gefahr sind, und wie wir uns jetzt wappnen k\u00f6nnen<\/a><\/h3><\/div><\/div>\n\t\t\t\t\t\t<\/div><!-- .dpt-entry -->\n\t\t\t\t\t\t\n\t\t\t\t<\/div>\n\t\t\t\t\t\t<\/div>\n\t\t\t\n<hr \/>\n<h2>Eine Autorin, die ihre Kindheit nie vergessen hat<\/h2>\n<p>Jana Kollmann wurde 1977 in Bremen geboren und verbrachte ihre Kindheit in Oldenburg. Es war eine Kindheit, in der Zeichnen, Malen und Schreiben nicht blo\u00df Hobbys waren, sondern kleine Fenster in andere Welten. Nach dem Abitur f\u00fchrte sie ihr Weg in die Zahntechnik &#8211; ein Bereich, der Pr\u00e4zision, Geduld und ein feines Auge verlangt. Eigenschaften, die man erstaunlicherweise auch in ihren B\u00fcchern sp\u00fcrt.<\/p>\n<p>F\u00fcnf Jahre lebte sie in Ulm, bevor sie wieder in ihre Heimat zur\u00fcckkehrte, wo sie heute mit ihrem Mann und ihrer Tochter lebt. Und genau diese Tochter war es, die den letzten Funken entz\u00fcndete &#8211; diejenige, die den Kindheitstraum wieder an die Oberfl\u00e4che brachte: einmal ein eigenes Buch zu schreiben. Heute sind daraus zwei umfangreiche, liebevoll gestaltete Kinderb\u00fccher entstanden, beide angesiedelt in der geheimnisvollen Welt Ajan.<\/p>\n<p><a href=\"https:\/\/www.lovelybooks.de\/autor\/Jana-Kollmann\/\" target=\"_blank\" rel=\"noopener\"><img loading=\"lazy\" decoding=\"async\" class=\"alignnone wp-image-3606 size-full\" src=\"https:\/\/www.markus-schall.de\/wp-content\/uploads\/jana-kollmann-buecher.jpg\" alt=\"Alle B\u00fccher von Jana Kollmann\" width=\"1024\" height=\"459\" srcset=\"https:\/\/www.markus-schall.de\/wp-content\/uploads\/jana-kollmann-buecher.jpg 1024w, https:\/\/www.markus-schall.de\/wp-content\/uploads\/jana-kollmann-buecher-300x134.jpg 300w, https:\/\/www.markus-schall.de\/wp-content\/uploads\/jana-kollmann-buecher-768x344.jpg 768w, https:\/\/www.markus-schall.de\/wp-content\/uploads\/jana-kollmann-buecher-18x8.jpg 18w\" sizes=\"auto, (max-width: 1024px) 100vw, 1024px\" \/><\/a><\/p>\n<h2>Band 1: Die Magische Mauer &#8211; Die Schatten von Ajan<\/h2>\n<p>Ein poetisches Fantasy-Abenteuer f\u00fcr Kinder ab 8 Jahren<\/p>\n<p>Wenn die meisten Kinder nachts die Augen schlie\u00dfen, endet der Tag. F\u00fcr Suna beginnt er. Hinter der Mauer, jenseits des vertrauten Schlafzimmers, liegt Ajan &#8211; ein uraltes Land voller Geheimnisse. Ein Ort, an dem die Dunkelheit kein Feind sein muss, sondern ein eigener Lebensraum. Ein Land, in dem Kuscheltiere lebendig sind und die Grenze zwischen Traum und Wirklichkeit nicht nur verschwimmt, sondern sich \u00f6ffnet.<\/p>\n<h3>Eine Welt, die mutig macht<\/h3>\n<p>Suna wollte eigentlich nur schlafen. Doch ein Rascheln in der Nacht zieht sie an einen Ort, den kein Kind bewusst betreten sollte:<\/p>\n<p>in das Land hinter der Mauer, dort, wo alles m\u00f6glich ist.<\/p>\n<p>Hier trifft sie auf ihre eigenen Kuscheltiere &#8211; nicht l\u00e4nger Stoff und Faden, sondern treue Weggef\u00e4hrten mit eigenem Willen. Sie lernt die Macht der magischen Mauer kennen, die Traum und Albtraum voneinander trennt. Und sie erf\u00e4hrt, dass in Ajan ein Kampf tobt, f\u00fcr den nicht St\u00e4rke z\u00e4hlt, sondern Mut, Gef\u00fchl und die F\u00e4higkeit, an das zu glauben, was niemand sehen kann.<\/p>\n<p>Viele Kinder kennen Angst vor der Dunkelheit. Dieses Buch hilft ihnen, sie zu verstehen &#8211; und zu \u00fcberwinden.<\/p>\n<h3>Original-Kern des ersten Bandes<\/h3>\n<p>Der Klappentext bringt es auf den Punkt: Angst ist in Ajan ein schlechter Begleiter. Und Suna, die sich pl\u00f6tzlich an der riesigen Mauer wiederfindet, muss sich nicht nur den Schatten stellen, sondern auch sich selbst. Es ist eine Geschichte dar\u00fcber,<\/p>\n<ul>\n<li>wie man seinen \u00c4ngsten begegnet,<\/li>\n<li>wie man Verantwortung \u00fcbernimmt,<\/li>\n<li>und wie man sich in dunklen Zeiten auf das Gute besinnt.<\/li>\n<\/ul>\n<p>Ein Buch f\u00fcr Kinder, die Abenteuer lieben &#8211; und f\u00fcr Eltern, die ihren Kindern etwas Wertvolles mitgeben wollen.<\/p>\n<hr \/>\n<div class='bootstrap-yop yop-poll-mc'>\n\t\t\t\t\t\t\t<div class=\"basic-yop-poll-container\" style=\"background-color:#ffffff; border:0px; border-style:solid; border-color:#000000; border-radius:5px; padding:0px 5px;\" data-id=\"8\" data-temp=\"basic-pretty\" data-skin=\"square\" data-cscheme=\"blue\" data-cap=\"0\" data-access=\"guest\" data-tid=\"\" data-uid=\"3465a3cc9badbf06c81f0c680233d6a9\" data-pid=\"2940\" data-resdet=\"votes-number,percentages\" data-show-results-to=\"guest\" data-show-results-moment=\"after-vote\" data-show-results-only=\"false\" data-show-message=\"true\" data-show-results-as=\"bar\" data-sort-results-by=\"as-defined\" data-sort-results-rule=\"asc\"data-is-ended=\"0\" data-percentages-decimals=\"2\" data-gdpr=\"no\" data-gdpr-sol=\"consent\" data-css=\".basic-yop-poll-container[data-uid] .basic-vote {\n\t\t\t\t\t\t\t\t\ttext-align: center;\n\t\t\t\t\t\t\t\t}\" data-counter=\"0\" data-load-with=\"1\" data-notification-section=\"top\"><div class=\"row\"><div class=\"col-md-12\"><div class=\"basic-inner\"><div class=\"basic-message hide\" style=\"border-left: 10px solid #008000; padding: 0px 10px;\" data-error=\"#ff0000\" data-success=\"#008000\"><p class=\"basic-message-text\" style=\"color:#000000; font-size:14px; font-weight:normal;\"><\/p><\/div><div class=\"basic-overlay hide\"><div class=\"basic-vote-options\"><\/div><div class=\"basic-preloader\"><div class=\"basic-windows8\"><div class=\"basic-wBall basic-wBall_1\"><div class=\"basic-wInnerBall\"><\/div><\/div><div class=\"basic-wBall basic-wBall_2\"><div class=\"basic-wInnerBall\"><\/div><\/div><div class=\"basic-wBall basic-wBall_3\"><div class=\"basic-wInnerBall\"><\/div><\/div><div class=\"basic-wBall basic-wBall_4\"><div class=\"basic-wInnerBall\"><\/div><\/div><div class=\"basic-wBall basic-wBall_5\"><div class=\"basic-wInnerBall\"><\/div><\/div><\/div><\/div><\/div><form class=\"basic-form\"><input type=\"hidden\" name=\"_token\" value=\"46ef37108a\" autocomplete=\"off\"><div class=\"basic-elements\"><div class=\"basic-element basic-question basic-question-text-vertical\" data-id=\"8\" data-uid=\"8e774139e374aa48701d61d30f3675c7\" data-type=\"question\" data-question-type=\"text\" data-required=\"yes\" data-allow-multiple=\"no\" data-min=\"1\" data-max=\"7\" data-display=\"vertical\" data-colnum=\"\" data-display-others=\"no\" data-others-color=\"\" data-others=\"\" data-others-max-chars=\"0\"><div class=\"basic-question-title\"><h5 style=\"color:#000000; font-size:16px; font-weight:normal; text-align:left;\">Was w\u00e4re f\u00fcr Dich der Hauptgrund, ein eigenes Buch zu schreiben?<\/h5><\/div><ul class=\"basic-answers\"><li class=\"basic-answer\" style=\"padding:0px 0px;\" data-id=\"38\" data-type=\"text\" data-vn=\"5\" data-color=\"#000000\" data-make-link=\"no\" data-link=\"\"><div class=\"basic-answer-content basic-text-vertical\"><label for=\"answer[38]\" class=\"basic-answer-label\"><input type=\"radio\" id=\"answer[38]\" name=\"answer[8]\" value=\"38\"><span class=\"basic-text\" style=\"color: #000000; font-size: 14px; font-weight: normal;\">Ich m\u00f6chte meine Erfahrungen weitergeben<\/span><\/label><\/div><\/li><li class=\"basic-answer\" style=\"padding:0px 0px;\" data-id=\"39\" data-type=\"text\" data-vn=\"1\" data-color=\"#000000\" data-make-link=\"no\" data-link=\"\"><div class=\"basic-answer-content basic-text-vertical\"><label for=\"answer[39]\" class=\"basic-answer-label\"><input type=\"radio\" id=\"answer[39]\" name=\"answer[8]\" value=\"39\"><span class=\"basic-text\" style=\"color: #000000; font-size: 14px; font-weight: normal;\">Ich will mein Fachwissen dokumentieren<\/span><\/label><\/div><\/li><li class=\"basic-answer\" style=\"padding:0px 0px;\" data-id=\"40\" data-type=\"text\" data-vn=\"7\" data-color=\"#000000\" data-make-link=\"no\" data-link=\"\"><div class=\"basic-answer-content basic-text-vertical\"><label for=\"answer[40]\" class=\"basic-answer-label\"><input type=\"radio\" id=\"answer[40]\" name=\"answer[8]\" value=\"40\"><span class=\"basic-text\" style=\"color: #000000; font-size: 14px; font-weight: normal;\">Ich suche einen kreativen Ausgleich<\/span><\/label><\/div><\/li><li class=\"basic-answer\" style=\"padding:0px 0px;\" data-id=\"41\" data-type=\"text\" data-vn=\"4\" data-color=\"#000000\" data-make-link=\"no\" data-link=\"\"><div class=\"basic-answer-content basic-text-vertical\"><label for=\"answer[41]\" class=\"basic-answer-label\"><input type=\"radio\" id=\"answer[41]\" name=\"answer[8]\" value=\"41\"><span class=\"basic-text\" style=\"color: #000000; font-size: 14px; font-weight: normal;\">Ich erhoffe mir damit ein Einkommen<\/span><\/label><\/div><\/li><li class=\"basic-answer\" style=\"padding:0px 0px;\" data-id=\"42\" data-type=\"text\" data-vn=\"2\" data-color=\"#000000\" data-make-link=\"no\" data-link=\"\"><div class=\"basic-answer-content basic-text-vertical\"><label for=\"answer[42]\" class=\"basic-answer-label\"><input type=\"radio\" id=\"answer[42]\" name=\"answer[8]\" value=\"42\"><span class=\"basic-text\" style=\"color: #000000; font-size: 14px; font-weight: normal;\">Ich habe schon ein Buch geschrieben<\/span><\/label><\/div><\/li><li class=\"basic-answer\" style=\"padding:0px 0px;\" data-id=\"44\" data-type=\"text\" data-vn=\"3\" data-color=\"#000000\" data-make-link=\"no\" data-link=\"\"><div class=\"basic-answer-content basic-text-vertical\"><label for=\"answer[44]\" class=\"basic-answer-label\"><input type=\"radio\" id=\"answer[44]\" name=\"answer[8]\" value=\"44\"><span class=\"basic-text\" style=\"color: #000000; font-size: 14px; font-weight: normal;\">Ich habe kein Interesse am Schreiben<\/span><\/label><\/div><\/li><\/ul><\/div><div class=\"clearfix\"><\/div><\/div><div class=\"basic-vote\"><a href=\"#\" class=\"button basic-vote-button\" role=\"button\" style=\"background:#027bb8; border:0px; border-style: solid; border-color:#000000; border-radius:5px; padding:10px 10px; color:#ffffff; font-size:14px; font-weight:normal;\">Abstimmen<\/a><\/div><\/form><\/div><\/div><\/div><\/div>\n\t\t\t\t\t\t<\/div>\n<hr \/>\n<h2>Band 2: Die Magische Mauer &#8211; Das Geheimnis des Waldbu<\/h2>\n<p>Der zweite Band kn\u00fcpft nahtlos an den ersten an &#8211; aber er wird erwachsener, tiefgr\u00fcndiger und emotionaler. Ajan ist zur Ruhe gekommen, und Suna freut sich darauf, ihren 12. Geburtstag mit ihren Freunden zu feiern. Doch diese Ruhe h\u00e4lt nicht lange.<\/p>\n<h3>Ein Freund in Gefahr &#8211; und die Welt mit ihm<\/h3>\n<p>Lenn erscheint nicht zur Feier. Und pl\u00f6tzlich steht Larry, Lenns ajanischer Besch\u00fctzer, am Rand des Lebens. Was zun\u00e4chst wie ein pers\u00f6nliches Drama wirkt, entpuppt sich als Vorbote gr\u00f6\u00dferer Schwierigkeiten.<\/p>\n<p>Suna erkennt: Wenn Larry stirbt, k\u00f6nnte Lenn f\u00fcr immer verschwinden. Denn in Ajan h\u00e4ngen Lebensf\u00e4den enger zusammen, als man es aus der realen Welt kennt.<\/p>\n<p>Gemeinsam mit ihren Freunden macht sich Suna auf die Reise zu einem Heiler &#8211; doch w\u00e4hrenddessen w\u00e4chst im Hintergrund ein weiteres Unheil. Die sichere Seite der Mauer beginnt Risse zu zeigen.<\/p>\n<h3>Ein zweiter Band mit mehr Tiefgang<\/h3>\n<p>W\u00e4hrend der erste Band stark auf die Entdeckung der Welt ausgerichtet ist, legt der zweite Band einen Schwerpunkt auf:<\/p>\n<ul>\n<li>Freundschaft<\/li>\n<li>Verantwortung<\/li>\n<li>Verlust<\/li>\n<li>Heilung<\/li>\n<\/ul>\n<p>und die Frage, wie weit man gehen w\u00fcrde, um jemanden zu retten, der einem wichtig ist.<\/p>\n<p>Es ist eine Geschichte, die Kinder ernst nimmt, ohne sie zu \u00fcberfordern. Genau die Art von Literatur, die man als Erwachsener gern weitergibt, weil sie Werte transportiert, die \u00fcber das reine Lesevergn\u00fcgen hinausgehen.<\/p>\n<h2>Warum diese B\u00fccher herausstechen<\/h2>\n<p>In einer Welt voller schnell konsumierbarer Kinderliteratur sind Kollmanns B\u00fccher bemerkenswert bodenst\u00e4ndig. Sie verbinden Fantasie und Herz, ohne k\u00fcnstliche Aufgeregtheit. Es sind B\u00fccher, die sich Zeit nehmen. B\u00fccher, die Kinder begleiten, statt sie zu \u00fcberfahren. B\u00fccher, die tiefere Botschaften transportieren, ohne belehrend zu wirken.<\/p>\n<p>Und sie sind &#8211; mit maximal rund 17,99 Euro &#8211; erstaunlich erschwinglich f\u00fcr ihren Umfang und ihre Gestaltung.<\/p>\n<h3>F\u00fcr wen eignen sich die B\u00fccher?<\/h3>\n<ul>\n<li>F\u00fcr Kinder ab 8 Jahren<\/li>\n<li>F\u00fcr junge Leser, die Abenteuer lieben<\/li>\n<li>F\u00fcr sensible Kinder, die Angstthemen besser verstehen wollen<\/li>\n<li>F\u00fcr Eltern, die Wert auf Fantasie und innere St\u00e4rke legen<\/li>\n<li>F\u00fcr Grundschulen und Schulbibliotheken<\/li>\n<li>F\u00fcr alle, die Geschichten mit Seele sch\u00e4tzen<\/li>\n<\/ul>\n<p>Diese B\u00fccher laden ein, gemeinsam gelesen zu werden &#8211; abends, Kapitel f\u00fcr Kapitel. Genau so entstehen Erinnerungen, die bleiben.<\/p>\n<h2>Eine Autorin, die man im Blick behalten sollte<\/h2>\n<p>Jana Kollmann hat eine Welt geschaffen, die nicht laut sein muss, um Eindruck zu machen. Ihre Erz\u00e4hlweise tr\u00e4gt die leise Kraft jener Autoren, die tief in ihrer eigenen Kindheit verwurzelt sind &#8211; und genau deshalb Kinder so gut verstehen.<\/p>\n<p>Mit Die Magische Mauer &#8211; Die Schatten von Ajan und Die Magische Mauer &#8211; Das Geheimnis des Waldbu hat sie zwei Werke geschaffen, die sich nicht nur hervorragend lesen, sondern eine anhaltende Wirkung hinterlassen.<\/p>\n<p>Ein Gewinn f\u00fcr jedes Kinderzimmer &#8211; und ein sch\u00f6nes Beispiel daf\u00fcr, wie viel Wert es hat, wenn jemand seinem alten Traum treu bleibt.<\/p>\n<p><a href=\"https:\/\/www.lovelybooks.de\/autor\/Jana-Kollmann\/\" target=\"_blank\" rel=\"noopener\"><strong>Zur Autorenseite von Jana Kollmann<\/strong><\/a><\/p>\n<hr \/>\n\n\t\t\t<div class=\"display-post-types\">\n\n\t\t\t\t\t\t\t<style type=\"text\/css\">\n\t\t\t#dpt-wrapper-471 { --dpt-text-align: left;--dpt-image-crop: center;--dpt-border-radius: 5px;--dpt-h-gutter: 10px;--dpt-v-gutter: 9px; }\t\t\t<\/style>\n\t\t\t<style type=\"text\/css\">#dpt-wrapper-471 { --dpt-title-font-style:normal;--dpt-title-font-weight:600;--dpt-title-line-height:1.5;--dpt-title-text-decoration:none;--dpt-title-text-transform:none;--dpt-excerpt-font-style:normal;--dpt-excerpt-font-weight:400;--dpt-excerpt-line-height:1.5;--dpt-excerpt-text-decoration:none;--dpt-excerpt-text-transform:none;--dpt-meta1-font-style:normal;--dpt-meta1-font-weight:400;--dpt-meta1-line-height:1.9;--dpt-meta1-text-decoration:none;--dpt-meta1-text-transform:none;--dpt-meta2-font-style:normal;--dpt-meta2-font-weight:400;--dpt-meta2-line-height:1.9;--dpt-meta2-text-decoration:none;--dpt-meta2-text-transform:none; }<\/style><div class=\" dpt-main-header\">\n\t\t\t\t\t\t<div class=\"dpt-main-title\">\n\t\t\t\t\t\t\t<span class=\"dpt-main-title-text\">Gesellschaftsthemen der Gegenwart<\/span>\n\t\t\t\t\t\t<\/div>\n\t\t\t\t\t\t\n\t\t\t\t\t\t\n\t\t\t\t\t\t\n\t\t\t\t\t\t<\/div>\t\t\t\n\t\t\t\t<div id=\"dpt-wrapper-471\" class=\"dpt-wrapper dpt-mag1 land1 dpt-cropped dpt-flex-wrap\" >\n\n\t\t\t\t\t\t\t\t\t\t\t<div class=\"dpt-entry has-thumbnail\" data-title=\"das 28. regime der eu: der stille umbau des europ\u00e4ischen wirtschaftsraums?\" data-id=\"3747\"  data-category=\"allgemein gesellschaft\" data-post_tag=\"auswandern eu-gesetze europa geopolitik\">\n\t\t\t\t\t\t\t<div class=\"dpt-entry-wrapper\"><div class=\" dpt-featured-content\"><div class=\" dpt-permalink\"><a href=\"https:\/\/www.markus-schall.de\/tr\/2025\/12\/das-28-regime-der-eu-der-stille-umbau-des-europaeischen-wirtschaftsraums\/\" class=\"dpt-permalink\"><span class=\"screen-reader-text\">Das 28. Regime der EU: Der stille Umbau des europ\u00e4ischen Wirtschaftsraums?<\/span><\/a><\/div><div class=\" dpt-thumbnail\"><div class=\"dpt-thumbnail-inner\"><img width=\"1024\" height=\"683\" class=\"attachment-full size-full\" alt=\"28. EU-Regime\" context=\"dpt\" data-dpt-src=\"https:\/\/www.markus-schall.de\/wp-content\/uploads\/EU-28-Regime.jpg\" data-dpt-sizes=\"(max-width: 1024px) 100vw, 1024px\" data-dpt-srcset=\"https:\/\/www.markus-schall.de\/wp-content\/uploads\/EU-28-Regime.jpg 1024w, https:\/\/www.markus-schall.de\/wp-content\/uploads\/EU-28-Regime-300x200.jpg 300w, https:\/\/www.markus-schall.de\/wp-content\/uploads\/EU-28-Regime-768x512.jpg 768w, https:\/\/www.markus-schall.de\/wp-content\/uploads\/EU-28-Regime-18x12.jpg 18w\" \/><\/div><span class=\"dpt-thumbnail-aspect-ratio\" style=\"padding-top: 75%\"><\/span><\/div><\/div><div class=\" sub-entry\"><h3 class=\" dpt-title\"><a class=\"dpt-title-link\" href=\"https:\/\/www.markus-schall.de\/tr\/2025\/12\/das-28-regime-der-eu-der-stille-umbau-des-europaeischen-wirtschaftsraums\/\" rel=\"bookmark\">Das 28. Regime der EU: Der stille Umbau des europ\u00e4ischen Wirtschaftsraums?<\/a><\/h3><\/div><\/div>\n\t\t\t\t\t\t<\/div><!-- .dpt-entry -->\n\t\t\t\t\t\t\t\t\t\t\t\t<div class=\"dpt-entry has-thumbnail\" data-title=\"wie war syrien vor dem krieg? wer regiert heute? was bedeutet das f\u00fcr gefl\u00fcchtete in deutschland?\" data-id=\"4628\"  data-category=\"allgemein gesellschaft kunst &amp; kultur\" data-post_tag=\"deutschland europa geopolitik krisen meinungsfreiheit sicherheitspolitik\">\n\t\t\t\t\t\t\t<div class=\"dpt-entry-wrapper\"><div class=\" dpt-featured-content\"><div class=\" dpt-permalink\"><a href=\"https:\/\/www.markus-schall.de\/tr\/2026\/01\/wie-war-syrien-vor-dem-krieg-wer-regiert-heute-was-bedeutet-das-fuer-gefluechtete-in-deutschland\/\" class=\"dpt-permalink\"><span class=\"screen-reader-text\">Wie war Syrien vor dem Krieg? Wer regiert heute? Was bedeutet das f\u00fcr Gefl\u00fcchtete in Deutschland?<\/span><\/a><\/div><div class=\" dpt-thumbnail\"><div class=\"dpt-thumbnail-inner\"><img width=\"1024\" height=\"683\" class=\"attachment-full size-full\" alt=\"Syrien und Damaskus\" context=\"dpt\" data-dpt-src=\"https:\/\/www.markus-schall.de\/wp-content\/uploads\/Syrien-Damaskus.jpg\" data-dpt-sizes=\"(max-width: 1024px) 100vw, 1024px\" data-dpt-srcset=\"https:\/\/www.markus-schall.de\/wp-content\/uploads\/Syrien-Damaskus.jpg 1024w, https:\/\/www.markus-schall.de\/wp-content\/uploads\/Syrien-Damaskus-300x200.jpg 300w, https:\/\/www.markus-schall.de\/wp-content\/uploads\/Syrien-Damaskus-768x512.jpg 768w, https:\/\/www.markus-schall.de\/wp-content\/uploads\/Syrien-Damaskus-18x12.jpg 18w\" \/><\/div><span class=\"dpt-thumbnail-aspect-ratio\" style=\"padding-top: 75%\"><\/span><\/div><\/div><div class=\" sub-entry\"><h3 class=\" dpt-title\"><a class=\"dpt-title-link\" href=\"https:\/\/www.markus-schall.de\/tr\/2026\/01\/wie-war-syrien-vor-dem-krieg-wer-regiert-heute-was-bedeutet-das-fuer-gefluechtete-in-deutschland\/\" rel=\"bookmark\">Wie war Syrien vor dem Krieg? Wer regiert heute? Was bedeutet das f\u00fcr Gefl\u00fcchtete in Deutschland?<\/a><\/h3><\/div><\/div>\n\t\t\t\t\t\t<\/div><!-- .dpt-entry -->\n\t\t\t\t\t\t\t\t\t\t\t\t<div class=\"dpt-entry has-thumbnail\" data-title=\"auswandern nach tschechien: mein weg, meine gr\u00fcnde, meine pl\u00e4ne\" data-id=\"3069\"  data-category=\"allgemein gesellschaft\" data-post_tag=\"auswandern erfahrungen krisen pers\u00f6nlichkeitsentwicklung ratgeber\">\n\t\t\t\t\t\t\t<div class=\"dpt-entry-wrapper\"><div class=\" dpt-featured-content\"><div class=\" dpt-permalink\"><a href=\"https:\/\/www.markus-schall.de\/tr\/2025\/10\/auswandern-nach-tschechien-mein-weg-meine-gruende-meine-plaene\/\" class=\"dpt-permalink\"><span class=\"screen-reader-text\">Auswandern nach Tschechien: Mein Weg, meine Gr\u00fcnde, meine Pl\u00e4ne<\/span><\/a><\/div><div class=\" dpt-thumbnail\"><div class=\"dpt-thumbnail-inner\"><img width=\"2560\" height=\"1558\" class=\"attachment-full size-full\" alt=\"Auswandern nach Tschechien\" context=\"dpt\" data-dpt-src=\"https:\/\/www.markus-schall.de\/wp-content\/uploads\/auswandern-tschechien-titel-scaled.jpg\" data-dpt-sizes=\"(max-width: 2560px) 100vw, 2560px\" data-dpt-srcset=\"https:\/\/www.markus-schall.de\/wp-content\/uploads\/auswandern-tschechien-titel-scaled.jpg 2560w, https:\/\/www.markus-schall.de\/wp-content\/uploads\/auswandern-tschechien-titel-300x183.jpg 300w, https:\/\/www.markus-schall.de\/wp-content\/uploads\/auswandern-tschechien-titel-1024x623.jpg 1024w, https:\/\/www.markus-schall.de\/wp-content\/uploads\/auswandern-tschechien-titel-768x467.jpg 768w, https:\/\/www.markus-schall.de\/wp-content\/uploads\/auswandern-tschechien-titel-1536x935.jpg 1536w, https:\/\/www.markus-schall.de\/wp-content\/uploads\/auswandern-tschechien-titel-2048x1246.jpg 2048w, https:\/\/www.markus-schall.de\/wp-content\/uploads\/auswandern-tschechien-titel-18x12.jpg 18w\" \/><\/div><span class=\"dpt-thumbnail-aspect-ratio\" style=\"padding-top: 75%\"><\/span><\/div><\/div><div class=\" sub-entry\"><h3 class=\" dpt-title\"><a class=\"dpt-title-link\" href=\"https:\/\/www.markus-schall.de\/tr\/2025\/10\/auswandern-nach-tschechien-mein-weg-meine-gruende-meine-plaene\/\" rel=\"bookmark\">Auswandern nach Tschechien: Mein Weg, meine Gr\u00fcnde, meine Pl\u00e4ne<\/a><\/h3><\/div><\/div>\n\t\t\t\t\t\t<\/div><!-- .dpt-entry -->\n\t\t\t\t\t\t\t\t\t\t\t\t<div class=\"dpt-entry has-thumbnail\" data-title=\"gr\u00f6nland, trump und die frage der zugeh\u00f6rigkeit: geschichte, recht und realit\u00e4t\" data-id=\"4325\"  data-category=\"allgemein gesellschaft kunst &amp; kultur\" data-post_tag=\"europa geopolitik krisen meinungsfreiheit sicherheitspolitik spieltheorie\">\n\t\t\t\t\t\t\t<div class=\"dpt-entry-wrapper\"><div class=\" dpt-featured-content\"><div class=\" dpt-permalink\"><a href=\"https:\/\/www.markus-schall.de\/tr\/2026\/01\/groenland-trump-und-die-frage-der-zugehoerigkeit-geschichte-recht-und-realitaet\/\" class=\"dpt-permalink\"><span class=\"screen-reader-text\">Gr\u00f6nland, Trump und die Frage der Zugeh\u00f6rigkeit: Geschichte, Recht und Realit\u00e4t<\/span><\/a><\/div><div class=\" dpt-thumbnail\"><div class=\"dpt-thumbnail-inner\"><img width=\"1024\" height=\"683\" class=\"attachment-full size-full\" alt=\"Gr\u00f6nland im Fadenkreuz: USA und Trump\" context=\"dpt\" data-dpt-src=\"https:\/\/www.markus-schall.de\/wp-content\/uploads\/Groenland-USA-Trump-Titel.jpg\" data-dpt-sizes=\"(max-width: 1024px) 100vw, 1024px\" data-dpt-srcset=\"https:\/\/www.markus-schall.de\/wp-content\/uploads\/Groenland-USA-Trump-Titel.jpg 1024w, https:\/\/www.markus-schall.de\/wp-content\/uploads\/Groenland-USA-Trump-Titel-300x200.jpg 300w, https:\/\/www.markus-schall.de\/wp-content\/uploads\/Groenland-USA-Trump-Titel-768x512.jpg 768w, https:\/\/www.markus-schall.de\/wp-content\/uploads\/Groenland-USA-Trump-Titel-18x12.jpg 18w\" \/><\/div><span class=\"dpt-thumbnail-aspect-ratio\" style=\"padding-top: 75%\"><\/span><\/div><\/div><div class=\" sub-entry\"><h3 class=\" dpt-title\"><a class=\"dpt-title-link\" href=\"https:\/\/www.markus-schall.de\/tr\/2026\/01\/groenland-trump-und-die-frage-der-zugehoerigkeit-geschichte-recht-und-realitaet\/\" rel=\"bookmark\">Gr\u00f6nland, Trump und die Frage der Zugeh\u00f6rigkeit: Geschichte, Recht und Realit\u00e4t<\/a><\/h3><\/div><\/div>\n\t\t\t\t\t\t<\/div><!-- .dpt-entry -->\n\t\t\t\t\t\t\n\t\t\t\t<\/div>\n\t\t\t\t\t\t<\/div>\n\t\t\t\n<hr \/>\n<h2>H\u00e4ufig gestellte Fragen zu den B\u00fcchern<\/h2>\n<ol>\n<li><strong>F\u00fcr welches Alter eignen sich die B\u00fccher von Jana Kollmann am besten?<\/strong><br \/>\nDie beiden B\u00e4nde rund um \u201eDie Magische Mauer\u201c richten sich vor allem an Kinder zwischen 8 und 12 Jahren. Die Sprache ist leicht verst\u00e4ndlich, aber nicht banal, und der Inhalt bietet genug Tiefe, um auch \u00e4ltere Kinder und sogar Erwachsene neugierig zu halten. Besonders Kinder, die bereits erste Leseerfahrung gesammelt haben und gern in fantastische Welten eintauchen, profitieren von der Kombination aus Spannung, poetischer Bildsprache und emotionalen Themen.<\/li>\n<li><strong>Worum geht es in der Welt Ajan eigentlich genau?<\/strong><br \/>\nAjan ist eine geheimnisvolle Zwischenwelt, die im Schlaf betreten wird. Sie liegt \u201ehinter der Mauer\u201c, einer Art symbolischer Grenze zwischen Traum und Realit\u00e4t. In dieser Welt sind Kuscheltiere lebendig, dunkle M\u00e4chte aktiv und Emotionen besitzen eine eigene Form. Ajan dient als B\u00fchne f\u00fcr Mut, Selbstfindung und das \u00dcberwinden von \u00c4ngsten &#8211; aber immer auf eine Weise, die Kinder ernst nimmt, ohne sie zu \u00fcberfordern.<\/li>\n<li><strong>Welche Eigenschaften hat die Hauptfigur Suna?<\/strong><br \/>\nSuna ist ein M\u00e4dchen, das zu Beginn eher unsicher und von der Dunkelheit beeindruckt ist. Im Lauf ihrer Erlebnisse in Ajan w\u00e4chst sie \u00fcber sich hinaus. Sie entwickelt Mut, Verantwortungsgef\u00fchl und die F\u00e4higkeit, f\u00fcr andere einzustehen. Ihre Reaktionen wirken realistisch und nachvollziehbar, was viele junge Leser an ihr m\u00f6gen: Suna ist keine perfekte Heldin, sondern ein Kind, das lernen muss, Entscheidungen zu treffen.<\/li>\n<li><strong>Welche zentralen Themen behandeln die B\u00fccher?<\/strong><br \/>\nDie Reihe greift mehrere gro\u00dfe Themen auf:<br \/>\n&#8211; Mut und Angstbew\u00e4ltigung<br \/>\n&#8211; Freundschaft und Zusammenhalt<br \/>\n&#8211; Verantwortung \u00fcbernehmen<br \/>\n&#8211; Verlust und Heilung<br \/>\n&#8211; Die Kraft des Glaubens an das Gute<br \/>\nAlle Themen werden kindgerecht erz\u00e4hlt, ohne k\u00fcnstliche Dramatisierung. Die B\u00fccher sind daher gut geeignet, um mit Kindern \u00fcber Gef\u00fchle und innere Konflikte zu sprechen.<\/li>\n<li><strong>Sind die B\u00fccher eher spannend oder eher poetisch?<\/strong><br \/>\nBeides. Jana Kollmann verbindet Spannung mit einer ruhigen Erz\u00e4hlweise. Es gibt gef\u00e4hrliche Momente, r\u00e4tselhafte Entwicklungen und klare Konflikte, aber alles bleibt auf einem Niveau, das Kinder nicht \u00fcberfordert. Gleichzeitig arbeitet die Autorin mit bildhaften, teilweise poetischen Beschreibungen, die der Welt Ajan eine besondere Atmosph\u00e4re verleihen.<\/li>\n<li><strong>Wie unterscheidet sich Band 2 vom ersten Band?<\/strong><br \/>\nDer zweite Band wird emotional und erz\u00e4hlerisch etwas reifer. W\u00e4hrend in Band 1 die Entdeckung der Welt Ajan und die Bew\u00e4ltigung von Angst im Mittelpunkt stehen, besch\u00e4ftigt sich Band 2 st\u00e4rker mit Themen wie Verlust, Loyalit\u00e4t und der Frage, wie weit man f\u00fcr einen Freund gehen w\u00fcrde. Die Geschichte wirkt insgesamt \u201eerwachsener\u201c, ohne den kindlichen Zauber zu verlieren.<\/li>\n<li><strong>K\u00f6nnen die B\u00fccher auch f\u00fcr das gemeinsame Lesen mit Eltern genutzt werden?<\/strong><br \/>\nJa, sogar sehr gut. Die klare Struktur, die lebendigen Figuren und die gut dosierte Spannung eignen sich hervorragend f\u00fcr gemeinsames Lesen am Abend. Viele Eltern berichten, dass die B\u00fccher angenehme Gespr\u00e4chsanl\u00e4sse schaffen &#8211; etwa \u00fcber Mut, Gef\u00fchl, Dunkelheit oder Verantwortung. Beide B\u00e4nde bieten gen\u00fcgend Substanz, um gemeinsam in der Familie besprochen zu werden.<\/li>\n<li><strong>Warum spielen Kuscheltiere eine so gro\u00dfe Rolle?<\/strong><br \/>\nKuscheltiere sind f\u00fcr viele Kinder emotionale Anker: vertraut, beruhigend und symbolisch wichtig. In Jana Kollmanns Welt bekommen sie eine Stimme, einen Charakter und eine Bedeutung, die weit \u00fcber das Stofftier hinausgeht. Sie sind Begleiter, Mentoren, manchmal auch Schutzfiguren. Genau das macht die B\u00fccher f\u00fcr j\u00fcngere Leser zug\u00e4nglich und tr\u00f6stlich &#8211; ohne ins Kitschige abzugleiten.<\/li>\n<li><strong>Welche Werte vermitteln die Geschichten?<\/strong><br \/>\nDie B\u00fccher vermitteln Werte, die in einer modernen Welt oft zu kurz kommen:<br \/>\n&#8211; Standhaftigkeit<br \/>\n&#8211; Loyalit\u00e4t<br \/>\n&#8211; innere St\u00e4rke<br \/>\n&#8211; Selbstvertrauen<br \/>\n&#8211; das Zuh\u00f6ren und Ernstnehmen eigener Gef\u00fchle<br \/>\nSie tun das auf eine unaufdringliche Weise. Die moralischen Botschaften werden nicht in den Vordergrund gestellt, sondern durch Sunas Handlungen sichtbar.<\/li>\n<li><strong>Warum lohnen sich die B\u00fccher besonders f\u00fcr sensiblere Kinder?<\/strong><br \/>\nWeil sie das Thema Dunkelheit, Unsicherheit und innere Spannung mit gro\u00dfer Behutsamkeit behandeln. Die Geschichten stellen \u00c4ngste nicht blo\u00df, sondern machen sie nachvollziehbar. Sensiblere Kinder erleben in Ajan, dass Angst nicht das Ende ist, sondern der Anfang eines pers\u00f6nlichen Wachstums. Genau diese Art von Erz\u00e4hlkunst hilft Kindern, ihre eigenen Emotionen besser einzuordnen.<\/li>\n<\/ol>\n<hr \/>\n\n\t\t\t<div class=\"display-post-types\">\n\n\t\t\t\t\t\t\t<style type=\"text\/css\">\n\t\t\t#dpt-wrapper-472 { --dpt-text-align: left;--dpt-image-crop: center;--dpt-border-radius: 5px;--dpt-h-gutter: 10px;--dpt-v-gutter: 9px; }\t\t\t<\/style>\n\t\t\t<style type=\"text\/css\">#dpt-wrapper-472 { --dpt-title-font-style:normal;--dpt-title-font-weight:600;--dpt-title-line-height:1.5;--dpt-title-text-decoration:none;--dpt-title-text-transform:none;--dpt-excerpt-font-style:normal;--dpt-excerpt-font-weight:400;--dpt-excerpt-line-height:1.5;--dpt-excerpt-text-decoration:none;--dpt-excerpt-text-transform:none;--dpt-meta1-font-style:normal;--dpt-meta1-font-weight:400;--dpt-meta1-line-height:1.9;--dpt-meta1-text-decoration:none;--dpt-meta1-text-transform:none;--dpt-meta2-font-style:normal;--dpt-meta2-font-weight:400;--dpt-meta2-line-height:1.9;--dpt-meta2-text-decoration:none;--dpt-meta2-text-transform:none; }<\/style><div class=\" dpt-main-header\">\n\t\t\t\t\t\t<div class=\"dpt-main-title\">\n\t\t\t\t\t\t\t<span class=\"dpt-main-title-text\">Aktuelle Beitr\u00e4ge zu Kunst &amp; Kultur<\/span>\n\t\t\t\t\t\t<\/div>\n\t\t\t\t\t\t\n\t\t\t\t\t\t\n\t\t\t\t\t\t\n\t\t\t\t\t\t<\/div>\t\t\t\n\t\t\t\t<div id=\"dpt-wrapper-472\" class=\"dpt-wrapper dpt-mag1 land1 dpt-cropped dpt-flex-wrap\" >\n\n\t\t\t\t\t\t\t\t\t\t\t<div class=\"dpt-entry has-thumbnail\" data-title=\"mehr als punk: nina hagen, cosma shiva und die kunst, sich nicht vereinnahmen zu lassen\" data-id=\"4521\"  data-category=\"allgemein gesellschaft kunst &amp; kultur\" data-post_tag=\"auswandern deutschland erfahrungen europa krisen meinungsfreiheit musik portrait\">\n\t\t\t\t\t\t\t<div class=\"dpt-entry-wrapper\"><div class=\" dpt-featured-content\"><div class=\" dpt-permalink\"><a href=\"https:\/\/www.markus-schall.de\/tr\/2026\/01\/mehr-als-punk-nina-hagen-cosma-shiva-und-die-kunst-sich-nicht-vereinnahmen-zu-lassen\/\" class=\"dpt-permalink\"><span class=\"screen-reader-text\">Mehr als Punk: Nina Hagen, Cosma Shiva und die Kunst, sich nicht vereinnahmen zu lassen<\/span><\/a><\/div><div class=\" dpt-thumbnail\"><div class=\"dpt-thumbnail-inner\"><img width=\"1024\" height=\"683\" class=\"attachment-full size-full\" alt=\"Nina und Cosma Shiva Hagen im Portrait\" context=\"dpt\" data-dpt-src=\"https:\/\/www.markus-schall.de\/wp-content\/uploads\/Nina-Cosma-Shiva-Hagen-Titel.jpg\" data-dpt-sizes=\"(max-width: 1024px) 100vw, 1024px\" data-dpt-srcset=\"https:\/\/www.markus-schall.de\/wp-content\/uploads\/Nina-Cosma-Shiva-Hagen-Titel.jpg 1024w, https:\/\/www.markus-schall.de\/wp-content\/uploads\/Nina-Cosma-Shiva-Hagen-Titel-300x200.jpg 300w, https:\/\/www.markus-schall.de\/wp-content\/uploads\/Nina-Cosma-Shiva-Hagen-Titel-768x512.jpg 768w, https:\/\/www.markus-schall.de\/wp-content\/uploads\/Nina-Cosma-Shiva-Hagen-Titel-18x12.jpg 18w\" \/><\/div><span class=\"dpt-thumbnail-aspect-ratio\" style=\"padding-top: 75%\"><\/span><\/div><\/div><div class=\" sub-entry\"><h3 class=\" dpt-title\"><a class=\"dpt-title-link\" href=\"https:\/\/www.markus-schall.de\/tr\/2026\/01\/mehr-als-punk-nina-hagen-cosma-shiva-und-die-kunst-sich-nicht-vereinnahmen-zu-lassen\/\" rel=\"bookmark\">Mehr als Punk: Nina Hagen, Cosma Shiva und die Kunst, sich nicht vereinnahmen zu lassen<\/a><\/h3><\/div><\/div>\n\t\t\t\t\t\t<\/div><!-- .dpt-entry -->\n\t\t\t\t\t\t\t\t\t\t\t\t<div class=\"dpt-entry has-thumbnail\" data-title=\"jan-josef liefers: ein portr\u00e4t \u00fcber haltung, herkunft und k\u00fcnstlerische freiheit\" data-id=\"3854\"  data-category=\"allgemein gesellschaft kunst &amp; kultur\" data-post_tag=\"deutschland erfahrungen krisen lernen meinungsfreiheit musik pers\u00f6nlichkeitsentwicklung portrait\">\n\t\t\t\t\t\t\t<div class=\"dpt-entry-wrapper\"><div class=\" dpt-featured-content\"><div class=\" dpt-permalink\"><a href=\"https:\/\/www.markus-schall.de\/tr\/2025\/12\/jan-josef-liefers-ein-portraet-ueber-haltung-herkunft-und-kuenstlerische-freiheit\/\" class=\"dpt-permalink\"><span class=\"screen-reader-text\">Jan-Josef Liefers: Ein Portr\u00e4t \u00fcber Haltung, Herkunft und k\u00fcnstlerische Freiheit<\/span><\/a><\/div><div class=\" dpt-thumbnail\"><div class=\"dpt-thumbnail-inner\"><img width=\"1024\" height=\"683\" class=\"attachment-full size-full\" alt=\"Jan-Josef Liefers\" context=\"dpt\" data-dpt-src=\"https:\/\/www.markus-schall.de\/wp-content\/uploads\/jan-josef-liefers-silhouette.jpg\" data-dpt-sizes=\"(max-width: 1024px) 100vw, 1024px\" data-dpt-srcset=\"https:\/\/www.markus-schall.de\/wp-content\/uploads\/jan-josef-liefers-silhouette.jpg 1024w, https:\/\/www.markus-schall.de\/wp-content\/uploads\/jan-josef-liefers-silhouette-300x200.jpg 300w, https:\/\/www.markus-schall.de\/wp-content\/uploads\/jan-josef-liefers-silhouette-768x512.jpg 768w, https:\/\/www.markus-schall.de\/wp-content\/uploads\/jan-josef-liefers-silhouette-18x12.jpg 18w\" \/><\/div><span class=\"dpt-thumbnail-aspect-ratio\" style=\"padding-top: 75%\"><\/span><\/div><\/div><div class=\" sub-entry\"><h3 class=\" dpt-title\"><a class=\"dpt-title-link\" href=\"https:\/\/www.markus-schall.de\/tr\/2025\/12\/jan-josef-liefers-ein-portraet-ueber-haltung-herkunft-und-kuenstlerische-freiheit\/\" rel=\"bookmark\">Jan-Josef Liefers: Ein Portr\u00e4t \u00fcber Haltung, Herkunft und k\u00fcnstlerische Freiheit<\/a><\/h3><\/div><\/div>\n\t\t\t\t\t\t<\/div><!-- .dpt-entry -->\n\t\t\t\t\t\t\t\t\t\t\t\t<div class=\"dpt-entry has-thumbnail\" data-title=\"johann sebastian bach &#8211; ordnung, haltung und das fundament unserer musik\" data-id=\"5033\"  data-category=\"allgemein gesellschaft kunst &amp; kultur\" data-post_tag=\"deutschland musik portrait\">\n\t\t\t\t\t\t\t<div class=\"dpt-entry-wrapper\"><div class=\" dpt-featured-content\"><div class=\" dpt-permalink\"><a href=\"https:\/\/www.markus-schall.de\/tr\/2026\/02\/johann-sebastian-bach-ordnung-haltung-und-das-fundament-unserer-musik\/\" class=\"dpt-permalink\"><span class=\"screen-reader-text\">Johann Sebastian Bach &#8211; Ordnung, Haltung und das Fundament unserer Musik<\/span><\/a><\/div><div class=\" dpt-thumbnail\"><div class=\"dpt-thumbnail-inner\"><img width=\"1024\" height=\"683\" class=\"attachment-full size-full\" alt=\"Johann Sebastian Bach Portrait\" context=\"dpt\" data-dpt-src=\"https:\/\/www.markus-schall.de\/wp-content\/uploads\/Johann-Sebastian-Bach-Portrait.jpg\" data-dpt-sizes=\"(max-width: 1024px) 100vw, 1024px\" data-dpt-srcset=\"https:\/\/www.markus-schall.de\/wp-content\/uploads\/Johann-Sebastian-Bach-Portrait.jpg 1024w, https:\/\/www.markus-schall.de\/wp-content\/uploads\/Johann-Sebastian-Bach-Portrait-300x200.jpg 300w, https:\/\/www.markus-schall.de\/wp-content\/uploads\/Johann-Sebastian-Bach-Portrait-768x512.jpg 768w, https:\/\/www.markus-schall.de\/wp-content\/uploads\/Johann-Sebastian-Bach-Portrait-18x12.jpg 18w\" \/><\/div><span class=\"dpt-thumbnail-aspect-ratio\" style=\"padding-top: 75%\"><\/span><\/div><\/div><div class=\" sub-entry\"><h3 class=\" dpt-title\"><a class=\"dpt-title-link\" href=\"https:\/\/www.markus-schall.de\/tr\/2026\/02\/johann-sebastian-bach-ordnung-haltung-und-das-fundament-unserer-musik\/\" rel=\"bookmark\">Johann Sebastian Bach &#8211; Ordnung, Haltung und das Fundament unserer Musik<\/a><\/h3><\/div><\/div>\n\t\t\t\t\t\t<\/div><!-- .dpt-entry -->\n\t\t\t\t\t\t\t\t\t\t\t\t<div class=\"dpt-entry has-thumbnail\" data-title=\"reichweite ist kein eigentum &#8211; warum sichtbarkeit heute nicht mehr ausreicht\" data-id=\"3994\"  data-category=\"allgemein filemaker &amp; erp gesellschaft kunst &amp; kultur\" data-post_tag=\"datenlogik datenschutz denkmodelle digitales eigentum erp-software\">\n\t\t\t\t\t\t\t<div class=\"dpt-entry-wrapper\"><div class=\" dpt-featured-content\"><div class=\" dpt-permalink\"><a href=\"https:\/\/www.markus-schall.de\/tr\/2025\/12\/reichweite-ist-kein-eigentum-warum-sichtbarkeit-heute-nicht-mehr-ausreicht\/\" class=\"dpt-permalink\"><span class=\"screen-reader-text\">Reichweite ist kein Eigentum &#8211; Warum Sichtbarkeit heute nicht mehr ausreicht<\/span><\/a><\/div><div class=\" dpt-thumbnail\"><div class=\"dpt-thumbnail-inner\"><img width=\"1024\" height=\"683\" class=\"attachment-full size-full\" alt=\"Reichweite vs. Eigentum\" context=\"dpt\" data-dpt-src=\"https:\/\/www.markus-schall.de\/wp-content\/uploads\/reichweite-vs-eigentum.jpg\" data-dpt-sizes=\"(max-width: 1024px) 100vw, 1024px\" data-dpt-srcset=\"https:\/\/www.markus-schall.de\/wp-content\/uploads\/reichweite-vs-eigentum.jpg 1024w, https:\/\/www.markus-schall.de\/wp-content\/uploads\/reichweite-vs-eigentum-300x200.jpg 300w, https:\/\/www.markus-schall.de\/wp-content\/uploads\/reichweite-vs-eigentum-768x512.jpg 768w, https:\/\/www.markus-schall.de\/wp-content\/uploads\/reichweite-vs-eigentum-18x12.jpg 18w\" \/><\/div><span class=\"dpt-thumbnail-aspect-ratio\" style=\"padding-top: 75%\"><\/span><\/div><\/div><div class=\" sub-entry\"><h3 class=\" dpt-title\"><a class=\"dpt-title-link\" href=\"https:\/\/www.markus-schall.de\/tr\/2025\/12\/reichweite-ist-kein-eigentum-warum-sichtbarkeit-heute-nicht-mehr-ausreicht\/\" rel=\"bookmark\">Reichweite ist kein Eigentum &#8211; Warum Sichtbarkeit heute nicht mehr ausreicht<\/a><\/h3><\/div><\/div>\n\t\t\t\t\t\t<\/div><!-- .dpt-entry -->\n\t\t\t\t\t\t\n\t\t\t\t<\/div>\n\t\t\t\t\t\t<\/div>\n\t\t\t\n<hr \/>\n","protected":false},"excerpt":{"rendered":"<p>Pek \u00e7ok \u00e7ocuk kitab\u0131n\u0131n h\u0131zl\u0131 tempolu g\u00f6r\u00fcnd\u00fc\u011f\u00fc ve genellikle k\u0131sa s\u00fcreli etkiler i\u00e7in tasarland\u0131\u011f\u0131 bir zamanda, ayr\u0131nt\u0131lara ger\u00e7ekten dikkat edilerek yaz\u0131lm\u0131\u015f eserlere bir g\u00f6z atmaya de\u011fer. Sadece gen\u00e7 okurlar\u0131 e\u011flendirmekle kalmayan, ayn\u0131 zamanda cesaret, hayal g\u00fcc\u00fc ve i\u00e7sel g\u00fcc\u00fc de aktaran bir d\u00fcnya in\u015fa etmek i\u00e7in zaman ay\u0131ran kitaplar. \u0130\u015fte b\u00f6yle ... <a title=\"Eri\u015fim sahiplik de\u011fildir - G\u00fcn\u00fcm\u00fczde g\u00f6r\u00fcn\u00fcrl\u00fck neden art\u0131k yeterli de\u011fil?\" class=\"read-more\" href=\"https:\/\/www.markus-schall.de\/tr\/2025\/12\/reichweite-ist-kein-eigentum-warum-sichtbarkeit-heute-nicht-mehr-ausreicht\/\" aria-label=\"Eri\u015fim sahiplik de\u011fildir - G\u00fcn\u00fcm\u00fczde g\u00f6r\u00fcn\u00fcrl\u00fck neden art\u0131k yeterli de\u011fil hakk\u0131nda devam\u0131n\u0131 oku\">Devam\u0131n\u0131 oku<\/a><\/p>","protected":false},"author":1,"featured_media":3601,"comment_status":"open","ping_status":"open","sticky":false,"template":"","format":"standard","meta":{"iawp_total_views":24,"footnotes":""},"categories":[424,1],"tags":[425,458,428,429],"class_list":["post-3600","post","type-post","status-publish","format-standard","has-post-thumbnail","hentry","category-buecher","category-allgemein","tag-buch","tag-erfahrungen","tag-lernen","tag-persoenlichkeitsentwicklung"],"_links":{"self":[{"href":"https:\/\/www.markus-schall.de\/tr\/wp-json\/wp\/v2\/posts\/3600","targetHints":{"allow":["GET"]}}],"collection":[{"href":"https:\/\/www.markus-schall.de\/tr\/wp-json\/wp\/v2\/posts"}],"about":[{"href":"https:\/\/www.markus-schall.de\/tr\/wp-json\/wp\/v2\/types\/post"}],"author":[{"embeddable":true,"href":"https:\/\/www.markus-schall.de\/tr\/wp-json\/wp\/v2\/users\/1"}],"replies":[{"embeddable":true,"href":"https:\/\/www.markus-schall.de\/tr\/wp-json\/wp\/v2\/comments?post=3600"}],"version-history":[{"count":8,"href":"https:\/\/www.markus-schall.de\/tr\/wp-json\/wp\/v2\/posts\/3600\/revisions"}],"predecessor-version":[{"id":5872,"href":"https:\/\/www.markus-schall.de\/tr\/wp-json\/wp\/v2\/posts\/3600\/revisions\/5872"}],"wp:featuredmedia":[{"embeddable":true,"href":"https:\/\/www.markus-schall.de\/tr\/wp-json\/wp\/v2\/media\/3601"}],"wp:attachment":[{"href":"https:\/\/www.markus-schall.de\/tr\/wp-json\/wp\/v2\/media?parent=3600"}],"wp:term":[{"taxonomy":"category","embeddable":true,"href":"https:\/\/www.markus-schall.de\/tr\/wp-json\/wp\/v2\/categories?post=3600"},{"taxonomy":"post_tag","embeddable":true,"href":"https:\/\/www.markus-schall.de\/tr\/wp-json\/wp\/v2\/tags?post=3600"}],"curies":[{"name":"wp","href":"https:\/\/api.w.org\/{rel}","templated":true}]}}