{"id":3850,"date":"2025-12-11T08:22:44","date_gmt":"2025-12-11T08:22:44","guid":{"rendered":"https:\/\/www.markus-schall.de\/?p=3850"},"modified":"2026-04-30T13:30:36","modified_gmt":"2026-04-30T13:30:36","slug":"oyun-teori%cc%87si%cc%87-25-yillik-jeopoli%cc%87ti%cc%87gi%cc%87-acikliyor-avrupa-strateji%cc%87k-roluenue-nasil-kaybetti%cc%87","status":"publish","type":"post","link":"https:\/\/www.markus-schall.de\/tr\/2025\/12\/oyun-teori%cc%87si%cc%87-25-yillik-jeopoli%cc%87ti%cc%87gi%cc%87-acikliyor-avrupa-strateji%cc%87k-roluenue-nasil-kaybetti%cc%87\/","title":{"rendered":"Oyun teorisi jeopoliti\u011fin 25 y\u0131l\u0131n\u0131 a\u00e7\u0131kl\u0131yor: Avrupa stratejik rol\u00fcn\u00fc nas\u0131l kaybetti?"},"content":{"rendered":"<p>Bir\u00e7oklar\u0131 i\u00e7in oyun teorisi kuru matematik, form\u00fcller, sadece derslerde veya i\u015f oyunlar\u0131nda rol oynayan bir \u015fey gibi geliyor. Ancak ger\u00e7ekte, akademik olarak resmile\u015ftirilmesinden \u00e7ok \u00f6nce var olan eski bir d\u00fc\u015f\u00fcnme arac\u0131d\u0131r. Diplomatlar kullanm\u0131\u015ft\u0131r, komutanlar kullanm\u0131\u015ft\u0131r, sanayi kaptanlar\u0131 kullanm\u0131\u015ft\u0131r - ad\u0131 bile konmadan \u00e7ok \u00f6nce. Nihayetinde bu ay\u0131k bir sorudan ba\u015fka bir \u015fey de\u011fildir:<\/p>\n<blockquote><p><em>\u201eBirden fazla oyuncu belirsiz bir durumda karar vermek zorunda kald\u0131\u011f\u0131nda - hangi se\u00e7eneklere sahipler ve sonu\u00e7lar\u0131 ne olur?\u201c<\/em><\/p><\/blockquote>\n<p>Bu t\u00fcr d\u00fc\u015f\u00fcnme bi\u00e7imi g\u00fcn\u00fcm\u00fczde \u015fa\u015f\u0131rt\u0131c\u0131 derecede nadir hale gelmi\u015ftir. Alternatifleri analiz etmek yerine, \u00e7o\u011fu \u015fey ahlaki anlat\u0131lara ya da spontane yorumlara indirgenmi\u015f durumda. Oysa \u00f6zellikle jeopolitik meseleler s\u00f6z konusu oldu\u011funda, olas\u0131l\u0131klar\u0131n net bir \u015fekilde analiz edilmesi her olgun politikan\u0131n temelini olu\u015fturacakt\u0131r. Bu makalede tam da bu eski zanaat\u0131 yeniden ele almak istiyorum.<!--more--><\/p>\n<hr \/>\n\n\t\t\t<div class=\"display-post-types\">\n\n\t\t\t\t\t\t\t<style type=\"text\/css\">\n\t\t\t#dpt-wrapper-736 { --dpt-text-align: left;--dpt-image-crop: center;--dpt-border-radius: 5px;--dpt-h-gutter: 10px;--dpt-v-gutter: 9px; }\t\t\t<\/style>\n\t\t\t<style type=\"text\/css\">#dpt-wrapper-736 { --dpt-title-font-style:normal;--dpt-title-font-weight:600;--dpt-title-line-height:1.5;--dpt-title-text-decoration:none;--dpt-title-text-transform:none;--dpt-excerpt-font-style:normal;--dpt-excerpt-font-weight:400;--dpt-excerpt-line-height:1.5;--dpt-excerpt-text-decoration:none;--dpt-excerpt-text-transform:none;--dpt-meta1-font-style:normal;--dpt-meta1-font-weight:400;--dpt-meta1-line-height:1.9;--dpt-meta1-text-decoration:none;--dpt-meta1-text-transform:none;--dpt-meta2-font-style:normal;--dpt-meta2-font-weight:400;--dpt-meta2-line-height:1.9;--dpt-meta2-text-decoration:none;--dpt-meta2-text-transform:none; }<\/style><div class=\"dpt-main-header\">\n\t\t\t\t\t\t<div class=\"dpt-main-title\">\n\t\t\t\t\t\t\t<span class=\"dpt-main-title-text\">G\u00fcn\u00fcm\u00fcz\u00fcn sosyal sorunlar\u0131<\/span>\n\t\t\t\t\t\t<\/div>\n\t\t\t\t\t\t\n\t\t\t\t\t\t\n\t\t\t\t\t\t\n\t\t\t\t\t\t<\/div>\t\t\t\n\t\t\t\t<div id=\"dpt-wrapper-736\" class=\"dpt-wrapper dpt-mag1 land1 dpt-cropped dpt-flex-wrap\" >\n\n\t\t\t\t\t\t\t\t\t\t\t<div class=\"dpt-entry has-thumbnail\" data-title=\"als ich mit einem roboter telefonierte \u2013 wie ki das telefon erobert und wie man sie erkennt\" data-id=\"5130\"  data-category=\"allgemein gesellschaft ki-systeme stories &amp; humor\" data-post_tag=\"datenschutz erfahrungen k\u00fcnstliche intelligenz prozesse\">\n\t\t\t\t\t\t\t<div class=\"dpt-entry-wrapper\"><div class=\"dpt-featured-content\"><div class=\"dpt-permalink\"><a href=\"https:\/\/www.markus-schall.de\/tr\/2026\/03\/bi%cc%87r-robotla-telefonda-konusurken-ki%cc%87ni%cc%87n-telefonu-nasil-fethetti%cc%87gi%cc%87-ve-onu-nasil-taniyacagim\/\" class=\"dpt-permalink\"><span class=\"screen-reader-text\">Bir robotla telefonda konu\u015ftu\u011fumda - yapay zeka telefonu nas\u0131l fethediyor ve onu nas\u0131l tan\u0131yabilirim?<\/span><\/a><\/div><div class=\"dpt-thumbnail\"><div class=\"dpt-thumbnail-inner\"><img width=\"1024\" height=\"683\" class=\"attachment-full size-full\" alt=\"Bir yapay zeka robotu ile telefon g\u00f6r\u00fc\u015fmesi\" context=\"dpt\" data-dpt-src=\"https:\/\/www.markus-schall.de\/wp-content\/uploads\/Telefonanrufe-KI-Werbung.jpg\" data-dpt-sizes=\"(max-width: 1024px) 100vw, 1024px\" data-dpt-srcset=\"https:\/\/www.markus-schall.de\/wp-content\/uploads\/Telefonanrufe-KI-Werbung.jpg 1024w, https:\/\/www.markus-schall.de\/wp-content\/uploads\/Telefonanrufe-KI-Werbung-300x200.jpg 300w, https:\/\/www.markus-schall.de\/wp-content\/uploads\/Telefonanrufe-KI-Werbung-768x512.jpg 768w, https:\/\/www.markus-schall.de\/wp-content\/uploads\/Telefonanrufe-KI-Werbung-18x12.jpg 18w\" \/><\/div><span class=\"dpt-thumbnail-aspect-ratio\" style=\"padding-top: 75%\"><\/span><\/div><\/div><div class=\"sub-entry\"><h3 class=\"dpt-title\"><a class=\"dpt-title-link\" href=\"https:\/\/www.markus-schall.de\/tr\/2026\/03\/bi%cc%87r-robotla-telefonda-konusurken-ki%cc%87ni%cc%87n-telefonu-nasil-fethetti%cc%87gi%cc%87-ve-onu-nasil-taniyacagim\/\" rel=\"bookmark\">Bir robotla telefonda konu\u015ftu\u011fumda - yapay zeka telefonu nas\u0131l fethediyor ve onu nas\u0131l tan\u0131yabilirim?<\/a><\/h3><\/div><\/div>\n\t\t\t\t\t\t<\/div><!-- .dpt-entry -->\n\t\t\t\t\t\t\t\t\t\t\t\t<div class=\"dpt-entry has-thumbnail\" data-title=\"jan-josef liefers: ein portr\u00e4t \u00fcber haltung, herkunft und k\u00fcnstlerische freiheit\" data-id=\"3854\"  data-category=\"allgemein gesellschaft kunst &amp; kultur\" data-post_tag=\"deutschland erfahrungen krisen lernen meinungsfreiheit musik pers\u00f6nlichkeitsentwicklung portrait\">\n\t\t\t\t\t\t\t<div class=\"dpt-entry-wrapper\"><div class=\"dpt-featured-content\"><div class=\"dpt-permalink\"><a href=\"https:\/\/www.markus-schall.de\/tr\/2025\/12\/jan-josef-liefers-bi%cc%87r-tutum-koeken-ve-sanatsal-oezguerluek-portresi%cc%87\/\" class=\"dpt-permalink\"><span class=\"screen-reader-text\">Jan-Josef Liefers: Tav\u0131r, k\u00f6ken ve sanatsal \u00f6zg\u00fcrl\u00fck \u00fczerine bir portre<\/span><\/a><\/div><div class=\"dpt-thumbnail\"><div class=\"dpt-thumbnail-inner\"><img width=\"1024\" height=\"683\" class=\"attachment-full size-full\" alt=\"Jan-Josef Liefers\" context=\"dpt\" data-dpt-src=\"https:\/\/www.markus-schall.de\/wp-content\/uploads\/jan-josef-liefers-silhouette.jpg\" data-dpt-sizes=\"(max-width: 1024px) 100vw, 1024px\" data-dpt-srcset=\"https:\/\/www.markus-schall.de\/wp-content\/uploads\/jan-josef-liefers-silhouette.jpg 1024w, https:\/\/www.markus-schall.de\/wp-content\/uploads\/jan-josef-liefers-silhouette-300x200.jpg 300w, https:\/\/www.markus-schall.de\/wp-content\/uploads\/jan-josef-liefers-silhouette-768x512.jpg 768w, https:\/\/www.markus-schall.de\/wp-content\/uploads\/jan-josef-liefers-silhouette-18x12.jpg 18w\" \/><\/div><span class=\"dpt-thumbnail-aspect-ratio\" style=\"padding-top: 75%\"><\/span><\/div><\/div><div class=\"sub-entry\"><h3 class=\"dpt-title\"><a class=\"dpt-title-link\" href=\"https:\/\/www.markus-schall.de\/tr\/2025\/12\/jan-josef-liefers-bi%cc%87r-tutum-koeken-ve-sanatsal-oezguerluek-portresi%cc%87\/\" rel=\"bookmark\">Jan-Josef Liefers: Tav\u0131r, k\u00f6ken ve sanatsal \u00f6zg\u00fcrl\u00fck \u00fczerine bir portre<\/a><\/h3><\/div><\/div>\n\t\t\t\t\t\t<\/div><!-- .dpt-entry -->\n\t\t\t\t\t\t\t\t\t\t\t\t<div class=\"dpt-entry has-thumbnail\" data-title=\"b\u00fccher mit tiefgang zu medizin, pers\u00f6nlichkeit und technik beim m. schall verlag\" data-id=\"2401\"  data-category=\"allgemein b\u00fccher gesellschaft gesundheit\" data-post_tag=\"buch cmd datenbanken krisen pers\u00f6nlichkeitsentwicklung verlag\">\n\t\t\t\t\t\t\t<div class=\"dpt-entry-wrapper\"><div class=\"dpt-featured-content\"><div class=\"dpt-permalink\"><a href=\"https:\/\/www.markus-schall.de\/tr\/2025\/07\/m-schall-verlagda-tibbi%cc%87-ki%cc%87si%cc%87li%cc%87k-ve-teknoloji%cc%87-uezeri%cc%87ne-deri%cc%87nli%cc%87gi%cc%87-olan-ki%cc%87taplar\/\" class=\"dpt-permalink\"><span class=\"screen-reader-text\">M. Schall Verlag'dan t\u0131p, ki\u015filik ve teknoloji \u00fczerine derinlemesine kitaplar<\/span><\/a><\/div><div class=\"dpt-thumbnail\"><div class=\"dpt-thumbnail-inner\"><img width=\"2400\" height=\"1260\" class=\"attachment-full size-full\" alt=\"Schall Verlag - Ba\u015fvuru Kitaplar\u0131\" context=\"dpt\" data-dpt-src=\"https:\/\/www.markus-schall.de\/wp-content\/uploads\/image-sv.jpg\" data-dpt-sizes=\"(max-width: 2400px) 100vw, 2400px\" data-dpt-srcset=\"https:\/\/www.markus-schall.de\/wp-content\/uploads\/image-sv.jpg 2400w, https:\/\/www.markus-schall.de\/wp-content\/uploads\/image-sv-300x158.jpg 300w, https:\/\/www.markus-schall.de\/wp-content\/uploads\/image-sv-1024x538.jpg 1024w, https:\/\/www.markus-schall.de\/wp-content\/uploads\/image-sv-768x403.jpg 768w, https:\/\/www.markus-schall.de\/wp-content\/uploads\/image-sv-1536x806.jpg 1536w, https:\/\/www.markus-schall.de\/wp-content\/uploads\/image-sv-2048x1075.jpg 2048w, https:\/\/www.markus-schall.de\/wp-content\/uploads\/image-sv-18x9.jpg 18w\" \/><\/div><span class=\"dpt-thumbnail-aspect-ratio\" style=\"padding-top: 75%\"><\/span><\/div><\/div><div class=\"sub-entry\"><h3 class=\"dpt-title\"><a class=\"dpt-title-link\" href=\"https:\/\/www.markus-schall.de\/tr\/2025\/07\/m-schall-verlagda-tibbi%cc%87-ki%cc%87si%cc%87li%cc%87k-ve-teknoloji%cc%87-uezeri%cc%87ne-deri%cc%87nli%cc%87gi%cc%87-olan-ki%cc%87taplar\/\" rel=\"bookmark\">M. Schall Verlag'dan t\u0131p, ki\u015filik ve teknoloji \u00fczerine derinlemesine kitaplar<\/a><\/h3><\/div><\/div>\n\t\t\t\t\t\t<\/div><!-- .dpt-entry -->\n\t\t\t\t\t\t\t\t\t\t\t\t<div class=\"dpt-entry has-thumbnail\" data-title=\"der zwei-plus-vier-vertrag, die nato und die bundeswehr: was gilt heute noch?\" data-id=\"4740\"  data-category=\"allgemein gesellschaft\" data-post_tag=\"deutschland europa geopolitik krisen sicherheitspolitik spieltheorie\">\n\t\t\t\t\t\t\t<div class=\"dpt-entry-wrapper\"><div class=\"dpt-featured-content\"><div class=\"dpt-permalink\"><a href=\"https:\/\/www.markus-schall.de\/tr\/2026\/02\/i%cc%87ki%cc%87-arti-doert-antlasmasi-nato-ve-bundeswehr-buguen-hala-gecerli%cc%87-olan\/\" class=\"dpt-permalink\"><span class=\"screen-reader-text\">\u0130ki Art\u0131 D\u00f6rt Anla\u015fmas\u0131, NATO ve Bundeswehr: Bug\u00fcn hala ge\u00e7erli olan nedir?<\/span><\/a><\/div><div class=\"dpt-thumbnail\"><div class=\"dpt-thumbnail-inner\"><img width=\"1024\" height=\"683\" class=\"attachment-full size-full\" alt=\"\" context=\"dpt\" data-dpt-src=\"https:\/\/www.markus-schall.de\/wp-content\/uploads\/Zwei-Plus-Vier-Vertrag.jpg\" data-dpt-sizes=\"(max-width: 1024px) 100vw, 1024px\" data-dpt-srcset=\"https:\/\/www.markus-schall.de\/wp-content\/uploads\/Zwei-Plus-Vier-Vertrag.jpg 1024w, https:\/\/www.markus-schall.de\/wp-content\/uploads\/Zwei-Plus-Vier-Vertrag-300x200.jpg 300w, https:\/\/www.markus-schall.de\/wp-content\/uploads\/Zwei-Plus-Vier-Vertrag-768x512.jpg 768w, https:\/\/www.markus-schall.de\/wp-content\/uploads\/Zwei-Plus-Vier-Vertrag-18x12.jpg 18w\" \/><\/div><span class=\"dpt-thumbnail-aspect-ratio\" style=\"padding-top: 75%\"><\/span><\/div><\/div><div class=\"sub-entry\"><h3 class=\"dpt-title\"><a class=\"dpt-title-link\" href=\"https:\/\/www.markus-schall.de\/tr\/2026\/02\/i%cc%87ki%cc%87-arti-doert-antlasmasi-nato-ve-bundeswehr-buguen-hala-gecerli%cc%87-olan\/\" rel=\"bookmark\">\u0130ki Art\u0131 D\u00f6rt Anla\u015fmas\u0131, NATO ve Bundeswehr: Bug\u00fcn hala ge\u00e7erli olan nedir?<\/a><\/h3><\/div><\/div>\n\t\t\t\t\t\t<\/div><!-- .dpt-entry -->\n\t\t\t\t\t\t\n\t\t\t\t<\/div>\n\t\t\t\t\t\t<\/div>\n\t\t\t\n<hr \/>\n<h2>Konuyla ilgili son haberler<\/h2>\n<p><strong>30.04.2026<\/strong>AP Milletvekili Martin Sonneborn 1 May\u0131s'tan k\u0131sa bir s\u00fcre \u00f6nce Strazburg'dan yakla\u015f\u0131k yedi dakika s\u00fcren hiciv dolu bir konu\u015fma yap\u0131yor. Konu\u015fman\u0131n merkezinde jeopolitik tart\u0131\u015fmalarda tekrar tekrar g\u00fcndeme gelen bir fikir var: Baz\u0131 oyuncular\u0131n daha \u00e7ok ilgisini \u00e7ekebilecek olan \u015fey h\u0131zl\u0131 zafer de\u011fil, \u00e7at\u0131\u015fmalar\u0131n kal\u0131c\u0131l\u0131\u011f\u0131d\u0131r. Sonneborn, Julian Assange'\u0131n s\u0131k s\u0131k al\u0131nt\u0131lanan bir ifadesine at\u0131fta bulunarak, y\u0131llar boyunca askeri yap\u0131lara \u00f6nemli miktarda para akt\u0131\u011f\u0131 ve b\u00f6ylece ekonomik ve siyasi \u00e7\u0131karlar\u0131n i\u00e7 i\u00e7e ge\u00e7ti\u011fi s\u00f6zde \u201esonsuz sava\u015flar\u0131n\u201c bir resmini \u00e7iziyor.<\/p>\n<div class=\"lyte-wrapper\" style=\"width:640px;max-width:100%;margin:5px;\"><div class=\"lyMe\" id=\"WYL_PkOmgoyDTps\"><div id=\"lyte_PkOmgoyDTps\" data-src=\"https:\/\/www.markus-schall.de\/wp-content\/plugins\/wp-youtube-lyte\/lyteCache.php?origThumbUrl=%2F%2Fi.ytimg.com%2Fvi%2FPkOmgoyDTps%2Fhqdefault.jpg\" class=\"pL\"><div class=\"tC\"><div class=\"tT\"><\/div><\/div><div class=\"play\"><\/div><div class=\"ctrl\"><div class=\"Lctrl\"><\/div><div class=\"Rctrl\"><\/div><\/div><\/div><noscript><a href=\"https:\/\/youtu.be\/PkOmgoyDTps\" rel=\"nofollow noopener\" target=\"_blank\"><img loading=\"lazy\" decoding=\"async\" src=\"https:\/\/www.markus-schall.de\/wp-content\/plugins\/wp-youtube-lyte\/lyteCache.php?origThumbUrl=https%3A%2F%2Fi.ytimg.com%2Fvi%2FPkOmgoyDTps%2F0.jpg\" alt=\"YouTube video k\u00fc\u00e7\u00fck resmi\" width=\"640\" height=\"340\" \/><br \/>Bu videoyu YouTube'da izleyin<\/a><\/noscript><\/div><\/div><div class=\"lL\" style=\"max-width:100%;width:640px;margin:5px;\"><\/div><br \/>\nSonsuz Sava\u015f | <a href=\"https:\/\/www.youtube.com\/@MartinSonneborn\" target=\"_blank\" rel=\"nofollow noopener\">Martin Sonneborn<\/a><\/p>\n<p>Her zamanki gibi abart\u0131l\u0131 ve abart\u0131l\u0131 olan makale, rakamlar\u0131, g\u00f6zlemleri ve ele\u015ftirileri bir araya getirerek yo\u011fun, kas\u0131tl\u0131 olarak k\u0131\u015fk\u0131rt\u0131c\u0131 bir genel resim olu\u015fturuyor. \u00d6zellikle uzun vadeli jeopolitik geli\u015fmeler ba\u011flam\u0131nda, bu bak\u0131\u015f a\u00e7\u0131s\u0131 kesin bir de\u011ferlendirmeden ziyade, bilindik kal\u0131plara ve ba\u011flamlara farkl\u0131 bir a\u00e7\u0131dan bakmak i\u00e7in bir itici g\u00fc\u00e7 g\u00f6revi g\u00f6r\u00fcyor.<\/p>\n<hr \/>\n<h2>Neden oyun teorisi ile ilgilenmeye ba\u015flad\u0131m?<\/h2>\n<p>Uzun sa\u00e7l\u0131, sessiz, sakin ekonomist Prof Christian Rieck'in YouTube'da insanlar\u0131n ve devletlerin neden b\u00f6yle davrand\u0131klar\u0131n\u0131 sab\u0131rla a\u00e7\u0131klad\u0131\u011f\u0131 videolar\u0131n\u0131 y\u0131llar boyunca defalarca izledim. Karma\u015f\u0131k durumlar\u0131 yap\u0131sal te\u015fviklere ay\u0131rma y\u00f6nteminden s\u0131k s\u0131k etkilendim.<\/p>\n<p>\u0130\u015fte bu ay\u0131kl\u0131k bana bir d\u00fc\u015f\u00fcnce deneyi yapmam i\u00e7in ilham verdi: 2001'den bu yana Avrupa-Rusya aras\u0131ndaki geli\u015fmeler oyun teorisi a\u00e7\u0131s\u0131ndan nas\u0131l de\u011ferlendirilebilir? Ahlaki bir tart\u0131\u015fma olarak de\u011fil. Siyasi tarafgirlik olarak de\u011fil. Ama tamamen alternatifler \u00fczerinden d\u00fc\u015f\u00fcnmenin bir yolu olarak. Bu y\u00fczden - eski usul bir stratejist gibi - basit\u00e7e bir deneyece\u011fim:<\/p>\n<ul>\n<li>Se\u00e7enekler neydi?<\/li>\n<li>Karar yollar\u0131 nelerdi?<\/li>\n<li>Peki bundan mant\u0131ksal olarak ne \u00e7\u0131kar?<\/li>\n<\/ul>\n<p>Karma\u015f\u0131k bir \u00e7eyrek y\u00fczy\u0131l\u0131 net bir modele d\u00f6n\u00fc\u015ft\u00fcrmek i\u00e7in gereken tek \u015fey bu.<\/p>\n<h3>Matematiksiz kararlar - oyun teorisinin ger\u00e7ek \u00f6z\u00fc<\/h3>\n<p>Oyun teorisi say\u0131sal bir konu de\u011fildir. Bir fildi\u015fi kule arac\u0131 da de\u011fildir. \u00d6z\u00fcnde \u015fa\u015f\u0131rt\u0131c\u0131 derecede basittir:<\/p>\n<ol>\n<li><strong>Akt\u00f6r A<\/strong> birka\u00e7 olas\u0131 eylemi vard\u0131r.<\/li>\n<li><strong>Akt\u00f6r B<\/strong> ayn\u0131 zamanda.<\/li>\n<li>Her ikisi de di\u011ferinin tepki verece\u011fini bilir.<\/li>\n<li>Ve neyin rasyonel g\u00f6r\u00fcnece\u011fini belirleyen de tam olarak bu tepkilerdir.<\/li>\n<\/ol>\n<p>Bu da oyun teorisini psikoloji ve strateji aras\u0131nda bir k\u00f6pr\u00fc haline getirmektedir: kimse asl\u0131nda bir \u00e7at\u0131\u015fma istemese bile insanlar\u0131n ve devletlerin neden \u00e7at\u0131\u015fmaya girebildi\u011fini anlamaya yard\u0131mc\u0131 olur. \u00c7o\u011fu zaman tek gereken bir yanl\u0131\u015f anlama, yanl\u0131\u015f bir sinyal, \u00e7ok erken ya da \u00e7ok ge\u00e7 at\u0131lm\u0131\u015f bir ad\u0131md\u0131r.<\/p>\n<p>Oyun teorisini bu kadar de\u011ferli k\u0131lan da budur: b\u00fcy\u00fck olaylar\u0131 iyi ve k\u00f6t\u00fc olarak de\u011fil, te\u015fvikler, beklentiler ve tepki kal\u0131plar\u0131 olarak ay\u0131r\u0131r.<\/p>\n<h3>Mahkumun ikilemi - her uluslararas\u0131 ili\u015fkinin temel modeli<\/h3>\n<p>En \u00fcnl\u00fc model mahkum ikilemidir. Bu model iki oyuncunun birbirlerine g\u00fcvenmediklerinde genellikle kaybettiklerini g\u00f6sterir - oysa i\u015fbirli\u011fi yapsalar ikisi de kazanabilirdi. \u0130kilemin bu kadar uygun olmas\u0131n\u0131n nedeni \u00fc\u00e7 temel kavray\u0131\u015f i\u00e7ermesidir:<\/p>\n<ul>\n<li>\u0130\u015fbirli\u011fi objektif olarak daha iyi olacakt\u0131r.<\/li>\n<li>G\u00fcvensizlik her ikisinin de i\u00e7g\u00fcd\u00fcsel olarak savunma moduna ge\u00e7mesine neden olur.<\/li>\n<li>Bu savunma modu daha zay\u0131f bir genel \u00e7\u00f6z\u00fcme yol a\u00e7ar.<\/li>\n<\/ul>\n<p>Bunu her yerde g\u00f6rebilirsiniz: ekonomik sava\u015flarda, diplomaside, askeri silahlanma d\u00f6ng\u00fclerinde, hatta gruplar aras\u0131ndaki g\u00fcnl\u00fck \u00e7at\u0131\u015fmalarda bile. Bu model bir klasik haline gelmi\u015ftir \u00e7\u00fcnk\u00fc insan davran\u0131\u015f\u0131n\u0131n temel dinamiklerini \u00e7ok net bir \u015fekilde tasvir etmektedir. \u00d6zellikle uluslararas\u0131 politika daimi bir mahkum ikilemidir:<\/p>\n<p>Her iki taraf da savunmaya y\u00f6nelik hareket etti\u011fine inanmaktad\u0131r. Ancak tam da bu savunmac\u0131 davran\u0131\u015f, di\u011fer tarafa bir sald\u0131r\u0131 olarak i\u015flev g\u00f6r\u00fcr. Bu da sald\u0131rganl\u0131ktan de\u011fil, yap\u0131sal g\u00fcvensizlikten do\u011fan \u00e7at\u0131\u015fmalara yol a\u00e7ar. Bu, t\u00fcm bu makalenin en \u00f6nemli fikirlerinden biridir ve sonraki analizin temelini olu\u015fturmaktad\u0131r.<\/p>\n<h3>Oyun teorisi 25 y\u0131ll\u0131k Avrupa-Rusya tarihine bakmak i\u00e7in neden ideal?<\/h3>\n<p>2001'den bu yana Avrupa ve Rusya aras\u0131ndaki ili\u015fkiye bakt\u0131\u011f\u0131n\u0131zda \u015fa\u015f\u0131rt\u0131c\u0131 derecede net bir ba\u015flang\u0131\u00e7 pozisyonu g\u00f6r\u00fcrs\u00fcn\u00fcz: uzat\u0131lm\u0131\u015f bir el, ekonomik f\u0131rsatlar, stratejik yak\u0131nla\u015fma - ve ayn\u0131 zamanda tarihsel korkular, eski g\u00fcvensizlik hatlar\u0131 ve baz\u0131lar\u0131 tamamen farkl\u0131 ger\u00e7eklik okumalar\u0131na sahip siyasi kamplar. Oyun teorisi tam da bu t\u00fcr durumlar i\u00e7in \u00fcretilmi\u015ftir. \u0130ki alternatif yolun objektif bir \u015fekilde analiz edilmesini sa\u011flar:<\/p>\n<ul>\n<li><strong>Yol A<\/strong>\u0130\u015fbirli\u011fi<\/li>\n<li><strong>Yol B<\/strong>: G\u00fcvensizlik<\/li>\n<\/ul>\n<p>Ve sonra sonu\u00e7lar\u0131n\u0131 \u00f6l\u00e7\u00fcl\u00fc bir \u015fekilde hesaplay\u0131n - rakamlarla de\u011fil, sonu\u00e7larla.<\/p>\n<ul>\n<li>Bundan sonra gelenler <strong>\u0130\u015fbirli\u011fi<\/strong>?<\/li>\n<li>Bundan sonra gelenler <strong>G\u00fcvensizlik<\/strong>?<\/li>\n<\/ul>\n<p>Ve 2000'lerin ba\u015f\u0131ndaki hangi kararlar hangi yolu g\u00fc\u00e7lendirdi? Makalenin geri kalan\u0131nda yapmaya \u00e7al\u0131\u015ft\u0131\u011f\u0131m da tam olarak bu: Tarihi ahlaki olarak de\u011fil, stratejik olarak a\u00e7\u0131yorum. O zamanki ko\u015fullara geri d\u00f6n\u00fcyorum, alternatifleri yan yana koyuyorum ve mant\u0131\u011f\u0131n kendi ad\u0131na konu\u015fmas\u0131na izin veriyorum - bug\u00fcn konuya e\u015flik eden s\u0131cakl\u0131k olmadan.<\/p>\n<h2>2001'deki ilk durum: \u00d6nemli bir Avrupa merkezi<\/h2>\n<p>E\u011fer 2001 y\u0131l\u0131na bug\u00fcn\u00fcn perspektifinden bakarsan\u0131z, kolayca g\u00f6zden ka\u00e7an bir \u015feyin fark\u0131na var\u0131rs\u0131n\u0131z: Tarihsel olarak al\u0131\u015f\u0131lmad\u0131k bir a\u00e7\u0131kl\u0131k an\u0131yd\u0131. Sovyetler Birli\u011fi on y\u0131l \u00f6nce da\u011f\u0131lm\u0131\u015ft\u0131. Rusya kendini yeniden organize ediyordu. Avrupa ekonomik olarak istikrarl\u0131, siyasi olarak \u00f6zg\u00fcvenli ve g\u00f6receli bir uyum a\u015famas\u0131ndayd\u0131. Bu t\u00fcr pencereler bazen ortaya \u00e7\u0131kar ve genellikle fark etti\u011finizden daha h\u0131zl\u0131 kaybolur.<\/p>\n<p>2001 tam da b\u00f6yle bir d\u00f6nemdi. B\u00fcy\u00fck stratejilerin hen\u00fcz sonu\u00e7land\u0131r\u0131lmad\u0131\u011f\u0131 ve farkl\u0131 bir Avrupa'n\u0131n ger\u00e7ekten m\u00fcmk\u00fcn olabilece\u011fi bir y\u0131ld\u0131. Bu d\u00f6nemde, bug\u00fcn hala ger\u00e7ekle\u015fmemi\u015f bir f\u0131rsat olarak g\u00f6r\u00fclebilecek sembolik bir olay ya\u015fand\u0131.<\/p>\n<h3>Putin'in Federal Meclis konu\u015fmas\u0131: Uzat\u0131lm\u0131\u015f bir kol<\/h3>\n<p>Eyl\u00fcl 2001'de Vladimir Putin Alman Federal Meclisi'nde bug\u00fcn neredeyse ger\u00e7ek\u00fcst\u00fc g\u00f6r\u00fcnen bir konu\u015fma yapt\u0131. D\u00fc\u015fmanca de\u011fildi, tehdit edici de\u011fildi, s\u0131n\u0131r \u00e7izici de\u011fildi. Bu bir teklifti. Hem ekonomik hem de g\u00fcvenlik politikas\u0131 a\u00e7\u0131s\u0131ndan bir i\u015fbirli\u011fi teklifi.<\/p>\n<p>(Almanca Konu\u015fma 2:32 dk.)<\/p>\n<div class=\"lyte-wrapper\" style=\"width:640px;max-width:100%;margin:5px;\"><div class=\"lyMe\" id=\"WYL_hSPZlCo2B0E\"><div id=\"lyte_hSPZlCo2B0E\" data-src=\"https:\/\/www.markus-schall.de\/wp-content\/plugins\/wp-youtube-lyte\/lyteCache.php?origThumbUrl=%2F%2Fi.ytimg.com%2Fvi%2FhSPZlCo2B0E%2Fhqdefault.jpg\" class=\"pL\"><div class=\"tC\"><div class=\"tT\"><\/div><\/div><div class=\"play\"><\/div><div class=\"ctrl\"><div class=\"Lctrl\"><\/div><div class=\"Rctrl\"><\/div><\/div><\/div><noscript><a href=\"https:\/\/youtu.be\/hSPZlCo2B0E\" rel=\"nofollow noopener\" target=\"_blank\"><img loading=\"lazy\" decoding=\"async\" src=\"https:\/\/www.markus-schall.de\/wp-content\/plugins\/wp-youtube-lyte\/lyteCache.php?origThumbUrl=https%3A%2F%2Fi.ytimg.com%2Fvi%2FhSPZlCo2B0E%2F0.jpg\" alt=\"YouTube video k\u00fc\u00e7\u00fck resmi\" width=\"640\" height=\"340\" \/><br \/>Bu videoyu YouTube'da izleyin<\/a><\/noscript><\/div><\/div><div class=\"lL\" style=\"max-width:100%;width:640px;margin:5px;\"><\/div><br \/>\nBa\u015fkan Putin'in 25 Eyl\u00fcl 2001 tarihli konu\u015fmas\u0131 <a href=\"https:\/\/www.bundestag.de\" target=\"_blank\" rel=\"noopener\">Alman Federal Meclisi<\/a><\/p>\n<p>Ortak g\u00fcvenlik, ortak istikrar ve ortak \u00e7\u0131karlardan bahsetti. Ve Avrupa - \u00f6zellikle de Almanya - o d\u00f6nemde stratejik bir se\u00e7imle kar\u015f\u0131 kar\u015f\u0131yayd\u0131:<\/p>\n<ul>\n<li>Rusya'y\u0131 ortak olarak m\u0131 istiyorlard\u0131?<\/li>\n<li>Yoksa Rusya'y\u0131 potansiyel bir risk olarak m\u0131 g\u00f6rmek istediler?<\/li>\n<\/ul>\n<p>O s\u0131rada her iki karar da m\u00fcmk\u00fcnd\u00fc. Hi\u00e7bir \u015fey sabit de\u011fildi. Bug\u00fcn, bu i\u015fbirli\u011fi penceresinin ne kadar a\u00e7\u0131k oldu\u011funu tahmin etmek zor. Bu romantik bir ge\u00e7mi\u015fe bak\u0131\u015f de\u011fil, d\u00f6nemin jeopolitik ger\u00e7ekli\u011fine yap\u0131lan \u00f6l\u00e7\u00fcl\u00fc bir at\u0131ft\u0131r: Rusya Avrupa'ya kat\u0131lmak istiyordu. Ve Avrupa bu ba\u011flant\u0131y\u0131 kabul edebilirdi.<\/p>\n<h3>Avrupa'daki siyasi hava - a\u00e7\u0131k ama temkinli<\/h3>\n<p>2001 y\u0131l\u0131nda Avrupa kendine g\u00fcvenme a\u015famas\u0131ndayd\u0131. AB geni\u015fliyor, ekonomi canlan\u0131yor, k\u00fcreselle\u015fme hala bir tehdit de\u011fil bir vaat olarak g\u00f6r\u00fcl\u00fcyordu. Ancak bu olumlu dinamik duruma ra\u011fmen, altta yatan bir teredd\u00fct vard\u0131:<\/p>\n<ul>\n<li>eski Do\u011fu-Bat\u0131 zihniyetleri<\/li>\n<li>tarihsel travmalar<\/li>\n<li>Baz\u0131 ba\u015fkentlerde siyasi g\u00fcvensizlik<\/li>\n<li>NATO'nun do\u011fuya do\u011fru geni\u015flemesi<\/li>\n<\/ul>\n<p>Bu gerilim alan\u0131nda ayn\u0131 anda iki yorum vard\u0131: Rusya'y\u0131 gelecekteki bir ortak olarak g\u00f6ren ve Rusya'y\u0131 gizli bir tehdit olarak kategorize eden bir yorum. \u0130\u015fte tam da bu noktada oyun teorisi devreye giriyor:<\/p>\n<p>E\u011fer birden fazla yorumlama m\u00fcmk\u00fcnse, yorumlama se\u00e7imi sonraki ger\u00e7ekli\u011fi belirler.<\/p>\n<h3>Bilgi alan\u0131n\u0131n g\u00fcc\u00fc - sessiz bir \u00e7alkant\u0131<\/h3>\n<p>\u0130lgin\u00e7tir ki tam da bu d\u00f6nemde Bat\u0131'n\u0131n haber t\u00fcketiminde ince bir de\u011fi\u015fim ba\u015flam\u0131\u015ft\u0131r. Giderek daha fazla say\u0131da insan medya imaj\u0131n\u0131n giderek krizler, s\u00fcrekli uyar\u0131lar ve s\u00fcrekli alarm ile karakterize oldu\u011funu hissetti. \u015eahsen ben de 2001 y\u0131l\u0131 civar\u0131nda d\u00fczenli olarak haber izlemeyi b\u0131rakt\u0131m. Siyasi bir protestodan de\u011fil, sadece bu s\u00fcrekli kriz atmosferi kar\u015f\u0131s\u0131nda i\u00e7sel bir yorgunluk hissinden dolay\u0131. Bir\u00e7ok insan\u0131n i\u00e7g\u00fcd\u00fcsel olarak durma ihtiyac\u0131 hissetti\u011fi bir d\u00f6nemdi:<\/p>\n<blockquote><p><em>\u201eBir \u015fekilde bu bilgi d\u00fcnyas\u0131 giderek daha huzursuz ve ayn\u0131 zamanda daha tekd\u00fcze hale geliyor.\u201c<\/em><\/p><\/blockquote>\n<p>Bu fikir burada sadece ge\u00e7ici bir d\u00fc\u015f\u00fcnce, ancak ayr\u0131 bir makalede daha ayr\u0131nt\u0131l\u0131 olarak ele alaca\u011f\u0131m daha b\u00fcy\u00fck bir konuya i\u015faret ediyor: Nas\u0131l <a href=\"https:\/\/www.markus-schall.de\/tr\/2025\/12\/normal-bi%cc%87r-durum-olarak-kalici-kri%cc%87z-anlatilar-algimizi-nasil-carpitiyor\/\"><strong>Kal\u0131c\u0131 uyar\u0131<\/strong><\/a> alternatiflere bak\u0131\u015f\u0131 daraltmakta ve uzun vadede siyasi d\u00fc\u015f\u00fcnceyi deforme etmektedir. 2001 y\u0131l\u0131 i\u00e7in bu \u015fu anlama gelmektedir<\/p>\n<p>Bilgi alan\u0131 da bir fakt\u00f6rd\u00fc. En \u00f6nemlisi de\u011fil ama d\u00fc\u015f\u00fcnce alan\u0131n\u0131 daraltan atmosferik bir arka plan. Medyan\u0131n \u00f6ncelikle risklere odakland\u0131\u011f\u0131 bir yerde, i\u015fbirli\u011fi kolayca naif g\u00f6r\u00fcn\u00fcr. G\u00fcvensizlik ise temkinli ve makul g\u00f6r\u00fcn\u00fcyor.<\/p>\n<hr \/>\n<h3>Siyasete g\u00fcven \u00fczerine g\u00fcncel anket<\/h3>\n<div class='bootstrap-yop yop-poll-mc'>\n\t\t\t\t\t\t\t<div class=\"basic-yop-poll-container\" style=\"background-color:#ffffff; border:0px; border-style:solid; border-color:#000000; border-radius:5px; padding:0px 5px;\" data-id=\"1\" data-temp=\"basic-pretty\" data-skin=\"square\" data-cscheme=\"blue\" data-cap=\"0\" data-access=\"guest\" data-tid=\"\" data-uid=\"dbdd8c690bca4687be0d70baf5da220e\" data-pid=\"4740\" data-resdet=\"votes-number,percentages\" data-show-results-to=\"guest\" data-show-results-moment=\"after-vote\" data-show-results-only=\"false\" data-show-message=\"true\" data-show-results-as=\"bar\" data-sort-results-by=\"as-defined\" data-sort-results-rule=\"asc\"data-is-ended=\"0\" data-percentages-decimals=\"2\" data-gdpr=\"no\" data-gdpr-sol=\"consent\" data-css=\"\" data-counter=\"0\" data-load-with=\"1\" data-notification-section=\"top\"><div class=\"row\"><div class=\"col-md-12\"><div class=\"basic-inner\"><div class=\"basic-message hide\" style=\"border-left: 10px solid #008000; padding: 0px 10px;\" data-error=\"#ff0000\" data-success=\"#008000\"><p class=\"basic-message-text\" style=\"color:#000000; font-size:14px; font-weight:normal;\"><\/p><\/div><div class=\"basic-overlay hide\"><div class=\"basic-vote-options\"><\/div><div class=\"basic-preloader\"><div class=\"basic-windows8\"><div class=\"basic-wBall basic-wBall_1\"><div class=\"basic-wInnerBall\"><\/div><\/div><div class=\"basic-wBall basic-wBall_2\"><div class=\"basic-wInnerBall\"><\/div><\/div><div class=\"basic-wBall basic-wBall_3\"><div class=\"basic-wInnerBall\"><\/div><\/div><div class=\"basic-wBall basic-wBall_4\"><div class=\"basic-wInnerBall\"><\/div><\/div><div class=\"basic-wBall basic-wBall_5\"><div class=\"basic-wInnerBall\"><\/div><\/div><\/div><\/div><\/div><form class=\"basic-form\" action=\"\"><input type=\"hidden\" name=\"_token\" value=\"08a892bd45\" autocomplete=\"off\"><div class=\"basic-elements\"><div class=\"basic-element basic-question basic-question-text-vertical\" data-id=\"1\" data-uid=\"7ec2fc3c1f2d5bb9671bf4afe227ddfa\" data-type=\"question\" data-question-type=\"text\" data-required=\"yes\" data-allow-multiple=\"no\" data-min=\"1\" data-max=\"1\" data-display=\"vertical\" data-colnum=\"\" data-display-others=\"no\" data-others-color=\"\" data-others=\"\" data-others-max-chars=\"0\"><div class=\"basic-question-title\"><h5 style=\"color:#000000; font-size:16px; font-weight:normal; text-align:left;\">Almanya'da siyasete ve medyaya ne kadar g\u00fcveniyorsunuz?<\/h5><\/div><ul class=\"basic-answers\"><li class=\"basic-answer\" style=\"padding:0px 0px;\" data-id=\"1\" data-type=\"text\" data-vn=\"10\" data-color=\"#000000\" data-make-link=\"no\" data-link=\"\"><div class=\"basic-answer-content basic-text-vertical\"><label for=\"answer[1]\" class=\"basic-answer-label\"><input type=\"radio\" id=\"answer[1]\" name=\"answer[1]\" value=\"1\"><span class=\"basic-text\" style=\"color: #000000; font-size: 14px; font-weight: normal;\">\u00c7ok y\u00fcksek - Resmi kurumlara tamamen g\u00fcveniyorum<\/span><\/label><\/div><\/li><li class=\"basic-answer\" style=\"padding:0px 0px;\" data-id=\"2\" data-type=\"text\" data-vn=\"24\" data-color=\"#000000\" data-make-link=\"no\" data-link=\"\"><div class=\"basic-answer-content basic-text-vertical\"><label for=\"answer[2]\" class=\"basic-answer-label\"><input type=\"radio\" id=\"answer[2]\" name=\"answer[1]\" value=\"2\"><span class=\"basic-text\" style=\"color: #000000; font-size: 14px; font-weight: normal;\">Orta - Temkinliyim, ancak temelde \u015f\u00fcpheci de\u011filim<\/span><\/label><\/div><\/li><li class=\"basic-answer\" style=\"padding:0px 0px;\" data-id=\"3\" data-type=\"text\" data-vn=\"54\" data-color=\"#000000\" data-make-link=\"no\" data-link=\"\"><div class=\"basic-answer-content basic-text-vertical\"><label for=\"answer[3]\" class=\"basic-answer-label\"><input type=\"radio\" id=\"answer[3]\" name=\"answer[1]\" value=\"3\"><span class=\"basic-text\" style=\"color: #000000; font-size: 14px; font-weight: normal;\">D\u00fc\u015f\u00fck - Bir\u00e7ok \u015feyi kendim kontrol ederim<\/span><\/label><\/div><\/li><li class=\"basic-answer\" style=\"padding:0px 0px;\" data-id=\"4\" data-type=\"text\" data-vn=\"252\" data-color=\"#000000\" data-make-link=\"no\" data-link=\"\"><div class=\"basic-answer-content basic-text-vertical\"><label for=\"answer[4]\" class=\"basic-answer-label\"><input type=\"radio\" id=\"answer[4]\" name=\"answer[1]\" value=\"4\"><span class=\"basic-text\" style=\"color: #000000; font-size: 14px; font-weight: normal;\">Neredeyse hi\u00e7 yok - pek \u00e7ok \u015feyin \u00f6rt\u00fcl\u00fc veya sahnelenmi\u015f oldu\u011funa inan\u0131yorum<\/span><\/label><\/div><\/li><\/ul><\/div><div class=\"clearfix\"><\/div><\/div><div class=\"basic-vote\"><a href=\"#\" class=\"button basic-vote-button\" role=\"button\" style=\"background:#027bb8; border:0px; border-style: solid; border-color:#1636f0; border-radius:5px; padding:10px 10px; color:#ffffff; font-size:14px; font-weight:normal;\">Oylama<\/a><\/div><input type=\"hidden\" name=\"trp-form-language\" value=\"tr\"\/><\/form><\/div><\/div><\/div><\/div>\n\t\t\t\t\t\t<\/div>\n<hr \/>\n<h3>Avrupa bir kararla kar\u015f\u0131 kar\u015f\u0131ya: i\u015fbirli\u011fi ya da g\u00fcvensizlik<\/h3>\n<p>Oyun teorisi perspektifinden bak\u0131ld\u0131\u011f\u0131nda, Avrupa 2001 y\u0131l\u0131nda stratejik bir a\u011fac\u0131n klasik \u201ed\u00fc\u011f\u00fcml\u00fc pozisyonu \u201cndayd\u0131. \u0130ki dal a\u00e7\u0131kt\u0131:<\/p>\n<ol>\n<li><strong>Yol A: \u0130\u015fbirli\u011fi<\/strong><br \/>\n- Bir enerji orta\u011f\u0131 olarak Rusya<br \/>\n- Payla\u015f\u0131lan ekonomik alan<br \/>\n- ortak g\u00fcvenli\u0307k poli\u0307ti\u0307kasi<br \/>\n- Rahatlama ve g\u00fcven olu\u015fturma<\/li>\n<li><strong>Yol B: G\u00fcvensizlik<\/strong><br \/>\n- jeopolitik mesafe<br \/>\n- NATO'nun geni\u015flemesi bir ihtiyat sinyali<br \/>\n- Yap\u0131sal belirsizlik<br \/>\n- Potansiyel t\u0131rmanma hatlar\u0131<\/li>\n<\/ol>\n<p>Her iki karar da o zaman i\u00e7in rasyonel olarak gerek\u00e7elendirilebilirdi. Ancak tamamen farkl\u0131 geleceklere yol a\u00e7t\u0131lar. Oyun teorisi bizi rahats\u0131z edici bir ger\u00e7e\u011fe ula\u015fmaya zorlar: tarihin ak\u0131\u015f\u0131n\u0131 belirleyen \u201eniyet\u201c de\u011fil, yol se\u00e7imidir.<\/p>\n<ul>\n<li>Karar i\u015fbirli\u011fi lehine verilirse <strong>\u0130\u015fbirli\u011fi sarmallar\u0131<\/strong>.<\/li>\n<li>E\u011fer g\u00fcvensizli\u011fi tercih ederseniz, sonu\u00e7 <strong>G\u00fcvensizlik sarmallar\u0131<\/strong>.<\/li>\n<\/ul>\n<p>2001 y\u0131l\u0131nda ilk k\u00fc\u00e7\u00fck sinyaller g\u00f6nderildi ve bunlar daha sonra bask\u0131n modeller haline geldi.<\/p>\n<h3>Analizimiz i\u00e7in neden bu y\u0131l do\u011fru bir ba\u015flang\u0131\u00e7 noktas\u0131<\/h3>\n<p>2001 y\u0131l\u0131 m\u00fckemmel bir ba\u015flang\u0131\u00e7 noktas\u0131d\u0131r \u00e7\u00fcnk\u00fc ko\u015fullar son derece a\u00e7\u0131kt\u0131:<\/p>\n<ul>\n<li>Rusya istikrarl\u0131yd\u0131 ancak entegrasyona a\u00e7\u0131kt\u0131.<\/li>\n<li>Avrupa ekonomik olarak g\u00fc\u00e7l\u00fc ve siyasi olarak egemendi.<\/li>\n<li>Enerji politikas\u0131 ortak ya\u015fam\u0131 \u00e7ok a\u00e7\u0131kt\u0131.<\/li>\n<li>G\u00fcvenlik durumu o zamandan bu yana hi\u00e7 olmad\u0131\u011f\u0131 kadar sakindi.<\/li>\n<\/ul>\n<p>Ba\u015fka bir deyi\u015fle, ba\u015flang\u0131\u00e7taki durum i\u015fbirli\u011fi i\u00e7in idealdi - ancak g\u00fcvensizli\u011fin de m\u00fcmk\u00fcn olabilece\u011fi kadar a\u00e7\u0131kt\u0131. Oyun teorisinde bu t\u00fcr anlara \u201eson derece hassas yol noktalar\u0131\u201c denir: k\u00fc\u00e7\u00fck kararlar daha sonra b\u00fcy\u00fck farkl\u0131l\u0131klar yarat\u0131r. \u0130\u015fte tam da bu nedenle bir sonraki b\u00f6l\u00fcmden itibaren iki karar verilebilir yola bakaca\u011f\u0131z:<\/p>\n<ul>\n<li>asla gidilmemi\u015f olan i\u015fbirli\u011fi yolu,<\/li>\n<li>ve ger\u00e7e\u011fe d\u00f6n\u00fc\u015fen \u015f\u00fcpheli yol.<\/li>\n<\/ul>\n<p><img loading=\"lazy\" decoding=\"async\" class=\"alignnone wp-image-3938 size-large\" src=\"https:\/\/www.markus-schall.de\/wp-content\/uploads\/europa-russland-spieltheorie-zeitlinie.jpg\" alt=\"2001&#039;den bu yana zaman \u00e7izelgesi\" width=\"1024\" height=\"683\" srcset=\"https:\/\/www.markus-schall.de\/wp-content\/uploads\/europa-russland-spieltheorie-zeitlinie.jpg 1024w, https:\/\/www.markus-schall.de\/wp-content\/uploads\/europa-russland-spieltheorie-zeitlinie-300x200.jpg 300w, https:\/\/www.markus-schall.de\/wp-content\/uploads\/europa-russland-spieltheorie-zeitlinie-768x512.jpg 768w, https:\/\/www.markus-schall.de\/wp-content\/uploads\/europa-russland-spieltheorie-zeitlinie-18x12.jpg 18w\" sizes=\"auto, (max-width: 1024px) 100vw, 1024px\" \/><\/p>\n<h2>Karar a\u011fac\u0131 A: \u0130\u015fbirli\u011fi ne anlama gelirdi<\/h2>\n<p>Oyun teorisi ile \u00e7al\u0131\u015f\u0131rken, her zaman alternatifleri tam te\u015fekk\u00fcll\u00fc karar yollar\u0131 olarak d\u00fc\u015f\u00fcnerek ba\u015flars\u0131n\u0131z - h\u00fcsn\u00fckuruntu olarak de\u011fil, ayn\u0131 ba\u015flang\u0131\u00e7 durumu i\u00e7inde me\u015fru olas\u0131l\u0131klar olarak.<\/p>\n<p>Avrupa ve Rusya'n\u0131n 2001 y\u0131l\u0131nda istikrarl\u0131 bir i\u015fbirli\u011fi yoluna girdi\u011fi fikri romantik bir fantezi de\u011fil, o d\u00f6nemde ciddi olarak tart\u0131\u015f\u0131lan ger\u00e7ek\u00e7i se\u00e7eneklerden biridir. Pek \u00e7ok stratejist, ekonomist ve diplomat yak\u0131n bir ortakl\u0131\u011f\u0131 birbirini tamamlayan iki alan i\u00e7in rasyonel bir tamamlay\u0131c\u0131 olarak g\u00f6r\u00fcyordu: Avrupa'n\u0131n sanayisi ve Rusya'n\u0131n kaynaklar\u0131.<\/p>\n<p>Bundan ne \u00e7\u0131kar? Fantezi de\u011fil, akl\u0131 ba\u015f\u0131nda bir mant\u0131k. Dolay\u0131s\u0131yla bu yolu bir stratejistin analiz edece\u011fi \u015fekilde tan\u0131ml\u0131yorum: bilinen nedenlerden kaynaklanan bir sonu\u00e7lar zinciri olarak.<\/p>\n<h3>Ortak bir refah alan\u0131n\u0131n temeli olarak enerji<\/h3>\n<p>\u0130\u015fbirli\u011fi yolunda Kuzey Ak\u0131m 1 ve 2 siyasi fay hatlar\u0131 de\u011fil, onlarca y\u0131l s\u00fcrecek bir enerji ortakl\u0131\u011f\u0131n\u0131n altyap\u0131sal s\u00fctunlar\u0131 haline gelecekti. Avrupa bu sayede<\/p>\n<ul>\n<li>istikrarl\u0131, \u00f6ng\u00f6r\u00fclebilir enerji fiyatlar\u0131,<\/li>\n<li>sekt\u00f6r i\u00e7in g\u00fcvenilir ve uzun vadeli bir temel olu\u015fturacakt\u0131r,<\/li>\n<li>ve k\u00fcresel spot piyasalardan ba\u011f\u0131ms\u0131z olman\u0131n getirdi\u011fi jeopolitik avantaj.<\/li>\n<\/ul>\n<p>Enerji asla sadece bir hammadde de\u011fildir. Enerji, end\u00fcstriyel d\u00f6ng\u00fclerin h\u0131z\u0131n\u0131 belirler. E\u011fer Avrupa bu yolu se\u00e7mi\u015f olsayd\u0131, \u00f6n\u00fcm\u00fczdeki 20 y\u0131l ekonomik a\u00e7\u0131dan \u00e7ok daha sakin ge\u00e7ecekti. Geleneksel Avrupa end\u00fcstrisi h\u0131z\u0131n\u0131 koruyacakt\u0131.<\/p>\n<p>D\u00fc\u015f\u00fck ve \u00f6ng\u00f6r\u00fclebilir enerji fiyatlar\u0131yla, enerji yo\u011fun end\u00fcstriler - kimyasallar, \u00e7elik, makine m\u00fchendisli\u011fi, al\u00fcminyum, cam, seramik - Avrupa'da kal\u0131rd\u0131. Maliyet bask\u0131s\u0131 alt\u0131nda ABD ya da Asya'ya ta\u015f\u0131nmazlard\u0131. Sonu\u00e7, Avrupal\u0131 ekonomistlerin bug\u00fcn \u015fiddetle \u00f6zledikleri bir istikrar olurdu: end\u00fcstriyel de\u011fer yarat\u0131m\u0131n\u0131n s\u00fcreklili\u011fi.<\/p>\n<h3>ABD ve \u00c7in'e kar\u015f\u0131 ekonomik bir denge unsuru olarak Avrupa<\/h3>\n<p>Bu senaryoda Avrupa otomatik olarak ABD stratejisinin bir par\u00e7as\u0131 olmayacak, ba\u011f\u0131ms\u0131z bir rol \u00fcstlenecektir: ABD ve \u00c7in aras\u0131nda, Rusya ile yak\u0131n i\u015fbirli\u011fi ile desteklenen bir ekonomik kutup olarak.<\/p>\n<ul>\n<li>Avrupa, ABD teknolojisinden faydalanmaya devam edecekti,<\/li>\n<li>Ayn\u0131 zamanda Rusya'dan gelen ucuz enerji kullan\u0131l\u0131yor,<\/li>\n<li>ve k\u00fcresel rekabette daha \u00f6zg\u00fcr hareket edebilmeleri.<\/li>\n<\/ul>\n<p>Bu stratejik \u00fc\u00e7gen Avrupa'ya bug\u00fcn neredeyse hayal bile edilemeyecek bir sa\u011flaml\u0131k kazand\u0131rabilirdi.<\/p>\n<h3>Ekonomik g\u00fc\u00e7 yoluyla jeopolitik \u00f6zerklik<\/h3>\n<p>Ekonomik g\u00fc\u00e7, d\u0131\u015f politikada hareket \u00f6zg\u00fcrl\u00fc\u011f\u00fc yarat\u0131r. S\u00fcrekli enerji ve \u00fcretim bask\u0131s\u0131 alt\u0131nda olmayan bir Avrupa, kararlar\u0131n\u0131 korkudan de\u011fil, egemenlik konumundan almal\u0131d\u0131r.<\/p>\n<p>Dolay\u0131s\u0131yla Rusya ile i\u015fbirli\u011fi yapmak Rusya'ya ba\u011f\u0131ml\u0131 olmak anlam\u0131na gelmeyecek, aksine ba\u011f\u0131ml\u0131l\u0131\u011f\u0131n ortaya \u00e7\u0131kmas\u0131n\u0131 engelleyecek kadar ekonomik olarak g\u00fc\u00e7l\u00fc kalmak anlam\u0131na gelecekti.<\/p>\n<h3>Tarafs\u0131z bir tampon devlet olarak Ukrayna<\/h3>\n<p>\u0130\u015fbirli\u011fine dayal\u0131 bir Avrupa-Rusya ili\u015fkisinde Ukrayna, So\u011fuk Sava\u015f d\u00f6neminde Finlandiya'ya benzer \u015fekilde b\u00fcy\u00fck olas\u0131l\u0131kla tarafs\u0131z bir \u00e7izgide kalacakt\u0131:<\/p>\n<ul>\n<li>NATO \u00fcyeli\u011fi yok,<\/li>\n<li>Rusya'n\u0131n askeri yollarla n\u00fcfuz etme politikas\u0131 yok,<\/li>\n<li>Hem Bat\u0131 hem de Do\u011fu ile istikrarl\u0131 ekonomik ili\u015fkiler.<\/li>\n<\/ul>\n<p>Oyun teorisinde tarafs\u0131zl\u0131k genellikle iki g\u00fc\u00e7 blo\u011fu aras\u0131ndaki en istikrarl\u0131 devlet varl\u0131\u011f\u0131 bi\u00e7imidir.<\/p>\n<h3>T\u0131rmanma spirali yok<\/h3>\n<p>Arka planda bu \u00e7at\u0131\u015fma olmasayd\u0131, ne Rusya bir g\u00fcvenlik tehdidi g\u00f6r\u00fcrd\u00fc ne de Bat\u0131 Ukrayna'y\u0131 jeopolitik bir \u201ecephe \u00fclkesi\u201c olarak g\u00f6r\u00fcrd\u00fc; dahas\u0131, \u00e7at\u0131\u015fma potansiyeli yap\u0131sal olarak k\u00fc\u00e7\u00fck kal\u0131rd\u0131.<\/p>\n<p>Sava\u015f yok, yapt\u0131r\u0131m yok, \u015fok yok: s\u00fcreklilik i\u00e7inde bir Avrupa.<\/p>\n<p>En \u00f6nemli nokta: t\u0131rmanma yolu ilk etapta ortaya \u00e7\u0131kmazd\u0131. \u0130stikrarl\u0131 bir i\u015fbirli\u011fi yolunda, sava\u015f\u0131n \u201e\u00f6nlenmesi\u201c gerekmezdi - sadece rasyonel olarak ortaya \u00e7\u0131kmazd\u0131 \u00e7\u00fcnk\u00fc t\u0131rmanma i\u00e7in te\u015fvik edici yap\u0131lar mevcut olmazd\u0131.<\/p>\n<p>\u0130\u015fte oyun teorisi d\u00fc\u015f\u00fcncesi b\u00f6yle bir \u015feydir: \u00c7at\u0131\u015fmalar\u0131 \u00f6nleyen ahlak de\u011fil, do\u011fru te\u015fviktir.<\/p>\n<h3>Avrupa i\u00e7in Sonu\u00e7lar<\/h3>\n<p>Sava\u015f ve yapt\u0131r\u0131mlar olmasayd\u0131, Avrupa'da son birka\u00e7 y\u0131l sakin ge\u00e7ecekti:<\/p>\n<ul>\n<li>enerji fiyatlar\u0131nda patlama yok,<\/li>\n<li>sanayisizle\u015fme yok,<\/li>\n<li>Zorunlu yap\u0131sal de\u011fi\u015fiklik yok,<\/li>\n<li>D\u00fcnyan\u0131n di\u011fer b\u00f6lgelerine daha az servet ak\u0131\u015f\u0131,<\/li>\n<li>daha az askeri silahlanma,<\/li>\n<li>Devlet borcu dalgas\u0131 yok.<\/li>\n<\/ul>\n<p>Tek bir stratejik yolun t\u00fcm bir k\u0131tan\u0131n ekonomik ve siyasi ger\u00e7ekli\u011fini ne kadar g\u00fc\u00e7l\u00fc bir \u015fekilde etkiledi\u011fi hemen fark edilebilir.<\/p>\n<h3>\u0130nsan fakt\u00f6r\u00fc<\/h3>\n<p>Bu alternatif senaryoda, Avrupa bug\u00fcn<\/p>\n<ul>\n<li>S\u0131n\u0131rlar\u0131nda y\u00fcz binlerce sava\u015f ma\u011fduru yok,<\/li>\n<li>b\u00fcy\u00fck bir m\u00fclteci ak\u0131n\u0131 yok,<\/li>\n<li>Cephe hatt\u0131 boyunca par\u00e7alanm\u0131\u015f aileler yok.<\/li>\n<\/ul>\n<p>Bunlar yarg\u0131lar de\u011fil, i\u015fbirli\u011fi senaryosunda al\u0131nmayacak bir t\u0131rmanma yolunun mant\u0131ksal sonu\u00e7lar\u0131d\u0131r.<\/p>\n<h3>\u0130\u015fbirli\u011fi yolu alt\u0131nda 2025'te Avrupa<\/h3>\n<p>2025 y\u0131l\u0131nda Avrupa, end\u00fcstriyel \u00e7ekirde\u011fini koruyabilen ve sosyal g\u00fcvenlik sistemlerini istikrarl\u0131 tutabilen, ekonomik a\u00e7\u0131dan tutarl\u0131 bir k\u0131ta olacakt\u0131r. Siyasi manzara daha az kutupla\u015fm\u0131\u015f ve toplumsal ruh hali daha az gergin olacakt\u0131r.<\/p>\n<blockquote><p>K\u0131sacas\u0131, kendine sad\u0131k kalan bir Avrupa olacakt\u0131r.<\/p><\/blockquote>\n<p>Arkas\u0131nda bir enerji ve sanayi \u00fcss\u00fc olan Avrupa, kriz itfaiyesi olmadan dijitalle\u015fme, e\u011fitim, altyap\u0131, ara\u015ft\u0131rma gibi gelece\u011fin \u00f6nemli konular\u0131n\u0131 planlama \u00f6zg\u00fcrl\u00fc\u011f\u00fcne sahip olacakt\u0131. Bu belki de t\u00fcm bu b\u00f6l\u00fcm\u00fcn en \u00f6nemli noktas\u0131d\u0131r:<\/p>\n<p>\u0130\u015fbirli\u011fi stratejik sakinlik yarat\u0131r. Ve stratejik s\u00fck\u00fbnet, end\u00fcstriyel istikrarla geli\u015fen bir k\u0131tan\u0131n en de\u011ferli varl\u0131\u011f\u0131d\u0131r.<\/p>\n<h3>Bu senaryo neden idealize de\u011fil de mant\u0131kl\u0131?<\/h3>\n<p>Bu b\u00f6l\u00fcm\u00fc nostaljik bir geri d\u00f6n\u00fc\u015f olarak yanl\u0131\u015f anlamak kolayd\u0131r. Asl\u0131nda tam tersi: saf mant\u0131k. E\u011fer 2001 y\u0131l\u0131nda i\u015fbirli\u011fi yolunu se\u00e7erseniz, bunu takip eder:<\/p>\n<ul>\n<li>istikrarl\u0131 fiyatlar,<\/li>\n<li>istikrarl\u0131 yap\u0131lar,<\/li>\n<li>istikrarl\u0131 politika,<\/li>\n<li>istikrarl\u0131 toplumlar.<\/li>\n<\/ul>\n<p>Bu h\u00fcsn\u00fckuruntu de\u011fil, tam da oyun teorisinin \u00f6\u011fretti\u011fi \u015feydir:<\/p>\n<ul>\n<li>\u0130\u015fbirli\u011fi kendini \u00f6d\u00fcllendirir.<\/li>\n<li>G\u00fcvensizlik kendini cezaland\u0131r\u0131r.<\/li>\n<\/ul>\n<p>Dolay\u0131s\u0131yla bu b\u00f6l\u00fcm neyin \u201edaha iyi\u201c olaca\u011f\u0131n\u0131 de\u011fil, ayn\u0131 karar alma temelinde ger\u00e7ek\u00e7i olarak neyin m\u00fcmk\u00fcn olabilece\u011fini g\u00f6stermektedir. Benzer dinamiklerin bir ba\u015fka \u00f6rne\u011fi de Prof Dr Rieck'in a\u015fa\u011f\u0131daki videoda oyun teorisi perspektifinden g\u00f6sterdi\u011fi \u00c7in, Tayvan ve ABD aras\u0131ndaki \u00e7at\u0131\u015fmad\u0131r:<\/p>\n<div class=\"lyte-wrapper\" style=\"width:640px;max-width:100%;margin:5px;\"><div class=\"lyMe\" id=\"WYL_ZFuMmGH3NtM\"><div id=\"lyte_ZFuMmGH3NtM\" data-src=\"https:\/\/www.markus-schall.de\/wp-content\/plugins\/wp-youtube-lyte\/lyteCache.php?origThumbUrl=%2F%2Fi.ytimg.com%2Fvi%2FZFuMmGH3NtM%2Fhqdefault.jpg\" class=\"pL\"><div class=\"tC\"><div class=\"tT\"><\/div><\/div><div class=\"play\"><\/div><div class=\"ctrl\"><div class=\"Lctrl\"><\/div><div class=\"Rctrl\"><\/div><\/div><\/div><noscript><a href=\"https:\/\/youtu.be\/ZFuMmGH3NtM\" rel=\"nofollow noopener\" target=\"_blank\"><img loading=\"lazy\" decoding=\"async\" src=\"https:\/\/www.markus-schall.de\/wp-content\/plugins\/wp-youtube-lyte\/lyteCache.php?origThumbUrl=https%3A%2F%2Fi.ytimg.com%2Fvi%2FZFuMmGH3NtM%2F0.jpg\" alt=\"YouTube video k\u00fc\u00e7\u00fck resmi\" width=\"640\" height=\"340\" \/><br \/>Bu videoyu YouTube'da izleyin<\/a><\/noscript><\/div><\/div><div class=\"lL\" style=\"max-width:100%;width:640px;margin:5px;\"><\/div><br \/>\nSava\u015fa giden yolda m\u0131? Tayvan \u00e7at\u0131\u015fmas\u0131n\u0131n stratejileri | <a href=\"https:\/\/www.youtube.com\/@ProfRieck\" target=\"_blank\" rel=\"noopener\">Prof Dr Christian Rieck<\/a><\/p>\n<h2>Karar a\u011fac\u0131 B: G\u00fcvensizli\u011fin ger\u00e7ek yolu<\/h2>\n<p>2001'den bu yana olaylar\u0131n ger\u00e7ek seyri, sald\u0131rgan emeller ya da kas\u0131tl\u0131 bir t\u0131rmanma arzusuyla de\u011fil, \u00e7ok daha az dikkat \u00e7ekici bir \u015feyle karakterize edildi: kurumsal ihtiyat. Avrupa ve ABD'deki bir\u00e7ok siyasi karar al\u0131c\u0131, 1990'lar\u0131n sonundan itibaren Rusya'y\u0131 g\u00fcvenilir bir ortak olarak de\u011fil, potansiyel bir g\u00fcvensizlik kayna\u011f\u0131 olarak yorumlad\u0131.<\/p>\n<p>Bu tav\u0131r bir y\u00fczle\u015fme \u00e7\u0131\u011fl\u0131\u011f\u0131 de\u011fil, daha ziyade sessiz, karars\u0131z bir \u201eBu i\u015fin nereye gitti\u011fini tam olarak bilmiyoruz\u201c tavr\u0131yd\u0131.\u201c<br \/>\nOyun teorisi a\u00e7\u0131s\u0131ndan bak\u0131ld\u0131\u011f\u0131nda bu, klasik bir g\u00fcvensizlik sarmal\u0131n\u0131n ba\u015flang\u0131c\u0131d\u0131r:<\/p>\n<p>\u0130lk ad\u0131m agresif de\u011fildir - savunmac\u0131d\u0131r. Ve sorun da burada yatmaktad\u0131r.<\/p>\n<h3>NATO'nun do\u011fu geni\u015flemeleri: Ayn\u0131 sinyalin farkl\u0131 okumalar\u0131<\/h3>\n<p><strong>Bat\u0131 perspektifinden: istikrar ve g\u00fcvenlik garantisi<\/strong><\/p>\n<p>Bir\u00e7ok Avrupa \u00fclkesi i\u00e7in NATO'nun do\u011fuya do\u011fru geni\u015flemesi mant\u0131kl\u0131 bir ad\u0131m gibi g\u00f6r\u00fcn\u00fcyordu: gen\u00e7 demokrasileri g\u00fcvence alt\u0131na al\u0131yordu. Tarihsel \u00e7at\u0131\u015fma hatlar\u0131n\u0131 yat\u0131\u015ft\u0131rmay\u0131 ama\u00e7l\u0131yordu. Ve tamamen bir savunma \u00f6nlemi olarak g\u00f6r\u00fcl\u00fcyordu. Bat\u0131, geni\u015flemeyi bir tehdit olarak de\u011fil, bir g\u00fcvenlik vaadi olarak okudu.<\/p>\n<p><strong>Rusya perspektifinden: daralan bir alan<\/strong><\/p>\n<p>Rusya ise ayn\u0131 olay\u0131 farkl\u0131 okudu - oyun teorisinde g\u00fcnl\u00fck ya\u015fam\u0131n bir par\u00e7as\u0131 olan bir model. Bat\u0131 istikrardan bahsederken, Rusya \u015funu g\u00f6rd\u00fc:<\/p>\n<ul>\n<li>stratejik tampon b\u00f6lgelerin kayb\u0131,<\/li>\n<li>askeri altyap\u0131n\u0131n kendi s\u0131n\u0131rlar\u0131na do\u011fru hareket etmesi,<\/li>\n<li>ve kendi g\u00fcvenlik politikas\u0131 derinli\u011finin zay\u0131flamas\u0131.<\/li>\n<\/ul>\n<p>Her ikisi de rasyoneldi - ama uyumlu de\u011fildi. G\u00fcvenlik ikilemi de tam olarak burada ba\u015fl\u0131yor.<\/p>\n<h3>2004-2014 y\u0131llar\u0131: Gerilimin artmas\u0131 ve g\u00fcvensizli\u011fin yo\u011funla\u015fmas\u0131<\/h3>\n<p>\u0130lk a\u00e7\u0131k \u00e7atlaklar bu y\u0131llarda ortaya \u00e7\u0131km\u0131\u015ft\u0131r:<\/p>\n<ul>\n<li>Ukrayna'daki Turuncu Devrim,<\/li>\n<li>Enerji ba\u011f\u0131ml\u0131l\u0131klar\u0131 hakk\u0131nda kar\u015f\u0131l\u0131kl\u0131 su\u00e7lamalar,<\/li>\n<li>Do\u011fu Avrupa \u00fclkelerindeki siyasi kutupla\u015fma,<\/li>\n<li>ABD'nin b\u00f6lgedeki artan varl\u0131\u011f\u0131.<\/li>\n<\/ul>\n<p>Bu olaylar genellikle k\u00f6t\u00fc niyetli de\u011fildi, ancak yorumlar\u0131 k\u00f6r\u00fckledi. Her iki taraf da di\u011fer taraf\u0131n eylemlerini art\u0131k i\u00e7 geli\u015fmeler olarak de\u011fil, stratejik mesajlar olarak yorumlamaya ba\u015flad\u0131.<\/p>\n<h3>K\u0131r\u0131m 2014: d\u00f6n\u00fcm noktas\u0131<\/h3>\n<p>K\u0131r\u0131m konusundaki anla\u015fmazl\u0131k gerginliklerin ba\u015flang\u0131c\u0131 de\u011fil, zaten artmakta olan g\u00fcvensizli\u011fin ilk a\u00e7\u0131k belirtisiydi.<br \/>\nAvrupa yapt\u0131r\u0131mlarla, Rusya ise savunmac\u0131 bir g\u00fcvenlik politikas\u0131 duru\u015fuyla tepki g\u00f6sterdi. 2001'de m\u00fcmk\u00fcn olabilecek i\u015fbirli\u011fi sarmal\u0131 nihayet yerini g\u00fcvensizlik sarmal\u0131na b\u0131rakt\u0131.<\/p>\n<h3>2014'ten sonra: kendi kendini g\u00fc\u00e7lendiren bir sarmal<\/h3>\n<p>Yapt\u0131r\u0131mlar uluslararas\u0131 ili\u015fkilerde klasik bir ara\u00e7t\u0131r. Ancak oyun teorisi a\u00e7\u0131s\u0131ndan iki ucu keskin bir ara\u00e7t\u0131r: rakibi zay\u0131flatmay\u0131 ama\u00e7larken ayn\u0131 zamanda g\u00fcvensizli\u011fi de g\u00fc\u00e7lendirir. 2014'ten sonraki y\u0131llar \u015fu \u015fekilde karakterize edildi:<\/p>\n<ul>\n<li>artan ekonomik ayr\u0131\u015fma,<\/li>\n<li>Rusya'n\u0131n Avrupa'dan siyasi olarak ayr\u0131\u015fmas\u0131,<\/li>\n<li>Rusya'n\u0131n \u00c7in ile stratejik yak\u0131nla\u015fmas\u0131,<\/li>\n<li>ve eskiden ortak olan ekonomik hatlar\u0131n kaybedilmesi.<\/li>\n<\/ul>\n<p>B\u00f6ylece Avrupa, i\u015fbirli\u011fine dayal\u0131 bir gelece\u011fi m\u00fcmk\u00fcn k\u0131lacak kald\u0131ra\u00e7lar\u0131 kaybetti.<\/p>\n<h3>Dilin ve sembolizmin askerile\u015ftirilmesi<\/h3>\n<p>Ayn\u0131 zamanda, her iki tarafta da askeri retorik artt\u0131. \u0130lla ki tasar\u0131m gere\u011fi de\u011fil, yap\u0131sal g\u00fcvensizli\u011fin bir sonucu olarak.<\/p>\n<p>Taraflardan biri savunmaya ge\u00e7er ge\u00e7mez, di\u011feri bunu sald\u0131r\u0131ya haz\u0131rl\u0131k olarak yorumluyor - klasik bir model.<\/p>\n<h3>2022'den itibaren t\u0131rman\u0131\u015f: g\u00fcvensizli\u011fin h\u0131z kazand\u0131\u011f\u0131 an<\/h3>\n<p>Rusya'n\u0131n 2022'de Ukrayna'y\u0131 i\u015fgali m\u00fcnferit bir olay de\u011fil, uzun ve feci bir yap\u0131sal geli\u015fmenin son noktas\u0131yd\u0131. Bu bir gerek\u00e7e de\u011fil, oyun teorik bir g\u00f6zlemdir:<\/p>\n<p>\u00c7at\u0131\u015fmalar genellikle hi\u00e7 kimse onlar i\u00e7in ger\u00e7ekten \u201e\u00e7abalamadan\u201c ortaya \u00e7\u0131kar. Bunlar, kontrol edilmeyen bir t\u0131rmanma yolunun mant\u0131ksal sonucudur.<\/p>\n<h3>Bat\u0131'n\u0131n tepkisi: yapt\u0131r\u0131mlar, silahlar, izolasyon<\/h3>\n<p>Avrupa ve ABD tepki g\u00f6sterdi:<\/p>\n<ul>\n<li>b\u00fcy\u00fck ekonomik yapt\u0131r\u0131mlar,<\/li>\n<li>Silah teslimatlar\u0131,<\/li>\n<li>siyasi ayr\u0131\u015fma,<\/li>\n<li>diplomatik geri \u00e7ekilme.<\/li>\n<\/ul>\n<p>Bu da g\u00fcvensizlik yolunu geri d\u00f6n\u00fclmez hale getirmi\u015ftir.<\/p>\n<h3>Avrupa i\u00e7in sonu\u00e7lar\u0131: enerji, sanayi, yap\u0131sal bozulma<\/h3>\n<p>Rusya'n\u0131n enerji arz\u0131 kesildi\u011finde, Avrupa on y\u0131llard\u0131r end\u00fcstriyel g\u00fcc\u00fcn\u00fc s\u00fcrd\u00fcren temelini kaybetti.<br \/>\nSonu\u00e7lar ka\u00e7\u0131n\u0131lmazd\u0131:<\/p>\n<ul>\n<li>keskin bir \u015fekilde y\u00fckselen enerji fiyatlar\u0131,<\/li>\n<li>Enerji yo\u011fun end\u00fcstriler \u00fczerindeki bask\u0131,<\/li>\n<li>\u00dcretimin daha d\u00fc\u015f\u00fck maliyetli \u00fclkelere kayd\u0131r\u0131lmas\u0131,<\/li>\n<li>m\u00fcnferit sekt\u00f6rlerde sanayisizle\u015fmeyi h\u0131zland\u0131rm\u0131\u015ft\u0131r.<\/li>\n<\/ul>\n<p>Yanl\u0131\u015f bir siyasi karar\u0131n sonucu olarak de\u011fil, art\u0131k g\u00f6z ard\u0131 edilmesi m\u00fcmk\u00fcn olmayan bir g\u00fcvensizlik yolunun sistemik bir sonucu olarak.<\/p>\n<h3>Yap\u0131sal bir etki olarak refah kayb\u0131<\/h3>\n<p>O zamandan beri Avrupa uyum sa\u011flamak i\u00e7in s\u00fcrekli bask\u0131 alt\u0131nda:<\/p>\n<ul>\n<li>azalan rekabet g\u00fcc\u00fc,<\/li>\n<li>artan ulusal bor\u00e7,<\/li>\n<li>imalat sekt\u00f6r\u00fcnde d\u00fc\u015f\u00fck yat\u0131r\u0131m faaliyeti,<\/li>\n<li>\u015eirketlerin ta\u015f\u0131nmas\u0131.<\/li>\n<\/ul>\n<p>Bu etkiler k\u0131sa vadeli ani y\u00fckseli\u015fler de\u011fil, kay\u0131p bir i\u015fbirli\u011fi yolunun uzun vadeli sonu\u00e7lar\u0131d\u0131r.<\/p>\n<h3>Sosyal sonu\u00e7lar: Kutupla\u015fma ve kal\u0131c\u0131 krizler<\/h3>\n<p>G\u00fcvensizlik sadece uluslararas\u0131 bir etkiye sahip olmakla kalm\u0131yor, ayn\u0131 zamanda i\u00e7eriye do\u011fru da ilerliyor. Avrupa bunu y\u0131llard\u0131r ya\u015f\u0131yor:<\/p>\n<ul>\n<li>toplumsal kutupla\u015fmada bir art\u0131\u015f,<\/li>\n<li>siyasi par\u00e7alanma,<\/li>\n<li>S\u00fcrekli krizler kar\u015f\u0131s\u0131nda genel bir b\u0131kk\u0131nl\u0131k,<\/li>\n<li>S\u00fcrekli yeni alarm konular\u0131 \u00fcreten bir medya a\u015f\u0131r\u0131 \u0131s\u0131nmas\u0131.<\/li>\n<\/ul>\n<p>Dolay\u0131s\u0131yla kooperatif yolunun kaybedilmesi ayn\u0131 zamanda siyasi ve toplumsal s\u00fckunetin de kaybedilmesi anlam\u0131na gelmektedir.<\/p>\n<h3>Oyun teorisinin \u00f6z\u00fc: Bu yol neden bu kadar istikrarl\u0131 hale geldi?<\/h3>\n<p>Ger\u00e7ek yol \u201een iyisi\u201c oldu\u011fu i\u00e7in de\u011fil, ilk \u015f\u00fcpheli sinyallerden sonra kendi kendini idame ettiren bir yap\u0131 haline geldi\u011fi i\u00e7in se\u00e7ilmi\u015ftir. Oyun teorisinde buna beklenti stabilizasyonu yoluyla kilitlenme denir:<\/p>\n<p>Her iki taraf da di\u011fer taraf\u0131n davran\u0131\u015flar\u0131n\u0131 kal\u0131c\u0131 olarak g\u00fcvensiz olarak s\u0131n\u0131fland\u0131rd\u0131\u011f\u0131 anda, eylemlerin t\u00fcm mant\u0131\u011f\u0131 de\u011fi\u015fir. \u0130\u015fbirli\u011fi riskli, g\u00fcvensizlik ise rasyonel hale gelir. Yirmi y\u0131l\u0131 a\u015fk\u0131n bir s\u00fcredir Avrupa-Rusya ili\u015fkilerini karakterize eden de tam olarak bu mekanizmad\u0131r.<\/p>\n<h3>Her iki karar a\u011fac\u0131n\u0131n kar\u015f\u0131la\u015ft\u0131r\u0131lmas\u0131<\/h3>\n<div style=\"overflow-x: auto;\">\n<table>\n<thead style=\"background-color: #f2f2f2;\">\n<tr>\n<th>\u00d6zellik<\/th>\n<th>A - \u0130\u015fbirli\u011fi<\/th>\n<th>B - G\u00fcvensizlik (ger\u00e7ek yol)<\/th>\n<\/tr>\n<\/thead>\n<tbody>\n<tr>\n<td><strong>Enerji tedari\u011fi<\/strong><\/td>\n<td>Rusya ile istikrarl\u0131, uzun vadeli i\u015fbirli\u011fi; g\u00fcvenilir altyap\u0131 olarak Kuzey Ak\u0131m 1 ve 2; d\u00fc\u015f\u00fck ve \u00f6ng\u00f6r\u00fclebilir enerji fiyatlar\u0131.<\/td>\n<td>Enerji i\u015fbirli\u011finin iptali; enerji piyasalar\u0131nda b\u00fcy\u00fck belirsizlik; h\u0131zla y\u00fckselen ve de\u011fi\u015fken enerji fiyatlar\u0131.<\/td>\n<\/tr>\n<tr>\n<td><strong>Avrupa'n\u0131n sanayi \u00fcss\u00fc<\/strong><\/td>\n<td>Avrupa'da enerji yo\u011fun sanayinin korunmas\u0131; istikrarl\u0131 \u00fcretim zincirleri; imalat sekt\u00f6r\u00fcnde y\u00fcksek rekabet g\u00fcc\u00fc.<\/td>\n<td>Enerji yo\u011fun end\u00fcstriler \u00fczerindeki bask\u0131; \u00fcretimin d\u00fcnyan\u0131n di\u011fer b\u00f6lgelerine ta\u015f\u0131nmas\u0131; m\u00fcnferit sekt\u00f6rlerde yeni ba\u015flayan sanayisizle\u015fme.<\/td>\n<\/tr>\n<tr>\n<td><strong>Makroekonomik geli\u015fme<\/strong><\/td>\n<td>S\u00fcrekli b\u00fcy\u00fcme, \u00f6ng\u00f6r\u00fclebilir yat\u0131r\u0131m d\u00f6ng\u00fcleri, sa\u011flam ulusal b\u00fct\u00e7eler; daha az kriz m\u00fcdahalesi gerekli.<\/td>\n<td>Durgunluk d\u00f6nemleri, artan ulusal bor\u00e7, kal\u0131c\u0131 kriz programlar\u0131; kilit sekt\u00f6rlere yat\u0131r\u0131m yapma konusunda isteksizlik.<\/td>\n<\/tr>\n<tr>\n<td><strong>Avrupa'n\u0131n jeopolitik rol\u00fc<\/strong><\/td>\n<td>ABD ve \u00c7in aras\u0131nda ba\u011f\u0131ms\u0131z ekonomik kutup; g\u00fc\u00e7l\u00fc sanayi ve g\u00fcvenli enerji yoluyla daha fazla stratejik \u00f6zerklik.<\/td>\n<td>D\u0131\u015f enerji ve g\u00fcvenlik garant\u00f6rlerine artan ba\u011f\u0131ml\u0131l\u0131k; d\u0131\u015f politikada s\u0131n\u0131rl\u0131 manevra alan\u0131.<\/td>\n<\/tr>\n<tr>\n<td><strong>Ukrayna<\/strong><\/td>\n<td>\u201eFinlandiya modeli \u201cne dayal\u0131 tarafs\u0131z tampon devlet; Do\u011fu ve Bat\u0131 ile ekonomik ba\u011flant\u0131lar; d\u00fc\u015f\u00fck t\u0131rmanma potansiyeli.<\/td>\n<td>Bir blok \u00e7at\u0131\u015fmas\u0131n\u0131n cephe devleti; askeri a\u011f\u0131rl\u0131k merkezi; kendi \u00fclkesinde b\u00fcy\u00fck sava\u015f ve y\u0131k\u0131m hasar\u0131.<\/td>\n<\/tr>\n<tr>\n<td><strong>G\u00fcvenlik politikas\u0131<\/strong><\/td>\n<td>Rusya ile i\u015fbirli\u011fine dayal\u0131 g\u00fcvenlik mimarisi; tehdit alg\u0131lamalar\u0131n\u0131n azalt\u0131lmas\u0131; s\u0131n\u0131rl\u0131 askerile\u015fme.<\/td>\n<td>NATO'nun Do\u011fu'daki varl\u0131\u011f\u0131n\u0131n geni\u015flemesi; her iki tarafta da silahlanman\u0131n artmas\u0131; kar\u015f\u0131l\u0131kl\u0131 olarak potansiyel tehdit olarak alg\u0131lanma.<\/td>\n<\/tr>\n<tr>\n<td><strong>Rusya ve Avrupa Aras\u0131ndaki \u0130li\u015fki<\/strong><\/td>\n<td>Enerji, ticaret ve g\u00fcvenli\u011fe dayal\u0131 uzun vadeli ortakl\u0131k; on y\u0131llar boyunca g\u00fcven in\u015fa etmek.<\/td>\n<td>Artan yabanc\u0131la\u015fma; ekonomik, siyasi ve askeri ayr\u0131\u015fma; d\u00fc\u015fman stereotiplerinin peki\u015fmesi.<\/td>\n<\/tr>\n<tr>\n<td><strong>Yapt\u0131r\u0131mlar ve kar\u015f\u0131 \u00f6nlemler<\/strong><\/td>\n<td>Yap\u0131sal yapt\u0131r\u0131mlara gerek yoktur; \u00e7at\u0131\u015fmalar \u00f6ncelikle diplomatik yollarla \u00e7\u00f6z\u00fcl\u00fcr; kar\u015f\u0131l\u0131kl\u0131 ba\u011f\u0131ml\u0131l\u0131k istikrar sa\u011flay\u0131c\u0131 bir fakt\u00f6rd\u00fcr.<\/td>\n<td>Rusya'ya kar\u015f\u0131 kapsaml\u0131 yapt\u0131r\u0131m paketleri; kar\u015f\u0131 yapt\u0131r\u0131mlar ve ticaret ak\u0131\u015f\u0131n\u0131n yeniden y\u00f6nlendirilmesi; uzun vadeli g\u00fcven kayb\u0131.<\/td>\n<\/tr>\n<tr>\n<td><strong>Avrupa'da sosyal ruh hali<\/strong><\/td>\n<td>Daha fazla sakinlik ve \u00f6ng\u00f6r\u00fclebilirlik; daha az s\u00fcrekli kriz ileti\u015fimi; i\u00e7 politikada daha az kutupla\u015fma.<\/td>\n<td>Kriz modu nedeniyle artan yorgunluk; b\u00fcy\u00fcyen siyasi b\u00f6l\u00fcnme; \u201ekamp d\u00fc\u015f\u00fcncesi\u201c aras\u0131nda daha fazla kutupla\u015fma.<\/td>\n<\/tr>\n<tr>\n<td><strong>Medya \u00e7er\u00e7evesi<\/strong><\/td>\n<td>D\u0131\u015f politika daha \u00e7ok uzun vadeli bir strateji olarak raporland\u0131; farkl\u0131la\u015ft\u0131r\u0131lm\u0131\u015f analizlere ve senaryolara yer verildi.<\/td>\n<td>\u00c7at\u0131\u015fma odakl\u0131 habercilik; g\u00fc\u00e7l\u00fc duygusalla\u015ft\u0131rma; karma\u015f\u0131k ba\u011flamlar\u0131n basitle\u015ftirilerek dost\/d\u00fc\u015fman anlat\u0131lar\u0131na d\u00f6n\u00fc\u015ft\u00fcr\u00fclmesi.<\/td>\n<\/tr>\n<tr>\n<td><strong>Askeri boyut<\/strong><\/td>\n<td>S\u0131n\u0131rl\u0131 yeniden silahlanma; diplomasi, ticari ili\u015fkiler ve ortak g\u00fcvenlik politikas\u0131na odaklanma.<\/td>\n<td>Bir\u00e7ok tart\u0131\u015fman\u0131n yeniden silahland\u0131r\u0131lmas\u0131 ve askerile\u015ftirilmesi; artan savunma harcamalar\u0131; siyasi kaynaklar\u0131n g\u00fcvenlik sekt\u00f6r\u00fcne kayd\u0131r\u0131lmas\u0131.<\/td>\n<\/tr>\n<tr>\n<td><strong>Stratejik uzun vadeli perspektif<\/strong><\/td>\n<td>\u0130\u015fbirli\u011fi sarmal\u0131: G\u00fcven daha fazla i\u015fbirli\u011fine yol a\u00e7ar; normal bir durum olarak uzun vadeli istikrar.<\/td>\n<td>G\u00fcvensizlik sarmal\u0131: her iki taraf da di\u011ferinden en k\u00f6t\u00fcs\u00fcn\u00fc bekler; \u00e7at\u0131\u015fma ve korunma norm haline gelir.<\/td>\n<\/tr>\n<tr>\n<td><strong>\u0130nsanlar ve hayat\u0131n ger\u00e7ekleri<\/strong><\/td>\n<td>Avrupa'da Rusya ve Ukrayna aras\u0131nda sava\u015f ya\u015fanmad\u0131; kitlesel yerinden edilme olmad\u0131; daha az travma ya\u015fand\u0131.<\/td>\n<td>Y\u00fcz binlerce \u00f6l\u00fc ve yaral\u0131, yerinden edilmi\u015f insan ak\u0131nlar\u0131, y\u0131k\u0131lm\u0131\u015f \u015fehirler; her iki toplum i\u00e7in de uzun s\u00fcreli travmalar.<\/td>\n<\/tr>\n<\/tbody>\n<\/table>\n<\/div>\n<h2>Oyun teorisinin \u00f6z\u00fc: G\u00fcvensizlik sistemleri nas\u0131l yok eder?<\/h2>\n<p>G\u00fcvensizlik bir duygu de\u011fildir - yap\u0131sal bir ilkedir. G\u00fcnl\u00fck dilde g\u00fcvensizlik duygusal bir olgu gibi g\u00f6r\u00fcn\u00fcr. Ancak oyun teorisinde g\u00fcvensizlik, iki oyuncu i\u015fbirli\u011finin kar\u015f\u0131l\u0131k bulaca\u011f\u0131na art\u0131k g\u00fcvenemedi\u011finde ortaya \u00e7\u0131kan rasyonel bir durumdur. Bu bir ahlak meselesi de\u011fil, bir beklenti meselesidir. Dinamik basit ve ayn\u0131 zamanda y\u0131k\u0131c\u0131d\u0131r:<\/p>\n<ul>\n<li>G\u00fcven bekleyenler i\u015fbirli\u011fi i\u00e7inde hareket eder.<\/li>\n<li>G\u00fcvensizlik beklentisi i\u00e7inde olanlar savunmac\u0131 davran\u0131r.<\/li>\n<li>Savunmac\u0131 davrananlar da muhataplar\u0131 taraf\u0131ndan \u015f\u00fcpheli olarak alg\u0131lan\u0131r.<\/li>\n<\/ul>\n<p>Bu da kendi kendini besleyen bir d\u00f6ng\u00fc yarat\u0131yor. Bir taraf \u201eyanl\u0131\u015f\u201c hareket etti\u011fi i\u00e7in de\u011fil, yap\u0131 ilgili taraflar\u0131 tam da bu ad\u0131mlar\u0131 atmaya zorlad\u0131\u011f\u0131 i\u00e7in.<\/p>\n<h3>G\u00fcvenlik ikilemi: savunma sald\u0131r\u0131 gibi g\u00f6r\u00fcnd\u00fc\u011f\u00fcnde<\/h3>\n<p>Bu dinami\u011fi a\u00e7\u0131klayan en iyi bilinen model g\u00fcvenlik ikilemidir. Asl\u0131nda sadece kendilerini korumak isteyen devletlerin nas\u0131l ka\u00e7\u0131n\u0131lmaz olarak tehdit alg\u0131lamalar\u0131na kayd\u0131klar\u0131n\u0131 a\u00e7\u0131klar. Mant\u0131k ay\u0131lt\u0131c\u0131d\u0131r:<\/p>\n<ul>\n<li>Bir devlet savunmas\u0131n\u0131 g\u00fc\u00e7lendirir.<\/li>\n<li>Kom\u015fu bunu olas\u0131 bir sald\u0131r\u0131 sinyali olarak yorumlar.<\/li>\n<li>Ayn\u0131 zamanda silahlan\u0131yor - tehdit etmek i\u00e7in de\u011fil, tehdit edilmekten ka\u00e7\u0131nmak i\u00e7in.<\/li>\n<li>Bu tepki de ilk devlete kendi g\u00fcvensizli\u011fini teyit ediyor gibi g\u00f6r\u00fcnmektedir.<\/li>\n<\/ul>\n<p>\u00c7at\u0131\u015fmalar neredeyse otomatik olarak ortaya \u00e7\u0131kar - sald\u0131rganl\u0131k yoluyla de\u011fil, savunma \u00f6nlemlerinin kar\u015f\u0131l\u0131kl\u0131 olarak yanl\u0131\u015f yorumlanmas\u0131 yoluyla. 2001'den sonra Rusya-Avrupa ili\u015fkilerini karakterize eden de tam olarak bu dinamikti. \u0130\u015fbirli\u011fi m\u00fcmk\u00fcn olabilirdi, ancak ilk k\u00fc\u00e7\u00fck ihtiyat i\u015faretleri daha sonra d\u00fczeltilmesi zor bir yap\u0131y\u0131 harekete ge\u00e7irdi.<\/p>\n<h3>G\u00fcvensizlik sarmallar\u0131: Neden i\u015fbirli\u011fi sarmallar\u0131ndan daha g\u00fc\u00e7l\u00fcd\u00fcrler?<\/h3>\n<p>\u0130\u015fbirli\u011fi hassas bir konudur. \u0130htiya\u00e7lar\u0131 vard\u0131r:<\/p>\n<ul>\n<li>istikrarl\u0131 \u00e7er\u00e7eve ko\u015fullar\u0131,<\/li>\n<li>uzun vadeli planlama,<\/li>\n<li>kar\u015f\u0131l\u0131kl\u0131 iyi niyet sinyalleri.<\/li>\n<\/ul>\n<p>\u00d6te yandan g\u00fcvensizlik, do\u011fru ya da yanl\u0131\u015f yorumlanabilecek tek bir olumsuz sinyalden ba\u015fka bir \u015feye ihtiya\u00e7 duymaz. Bu y\u00fczden g\u00fcvensizlik yap\u0131sal olarak daha g\u00fc\u00e7l\u00fcd\u00fcr:<\/p>\n<ul>\n<li>Tek bir hata g\u00fcveni yok etmek i\u00e7in yeterlidir.<\/li>\n<li>Yeniden in\u015fa etmek i\u00e7in bir\u00e7ok do\u011fru ad\u0131m gereklidir.<\/li>\n<li>Her iki taraf da di\u011ferinin hatalar\u0131n\u0131 kendi hatalar\u0131ndan daha sert bir \u015fekilde yarg\u0131l\u0131yor.<\/li>\n<\/ul>\n<p>Ve g\u00fcvensizlik sarmal\u0131 ne kadar uzun s\u00fcrerse, geri d\u00f6n\u00fc\u015f de o kadar zorla\u015f\u0131r. Avrupa ve Rusya aras\u0131ndaki ili\u015fkide de tam olarak b\u00f6yle oldu. Bu planl\u0131 bir kopu\u015f de\u011fildi. 2014'ten y\u0131llar \u00f6nce ba\u015flayan ve 2022'de zirveye ula\u015fan bir kendini peki\u015ftirme s\u00fcreciydi.<\/p>\n<h3>G\u00fcvensizli\u011fin bedeli: sistemler kendi temellerini yok etti\u011finde<\/h3>\n<p>Uluslararas\u0131 politikada g\u00fcvensizlik sadece naho\u015f bir durum de\u011fildir. Ger\u00e7ek yap\u0131lar\u0131 da tahrip eder:<\/p>\n<ul>\n<li>Ekonomik kar\u015f\u0131l\u0131kl\u0131 ba\u011f\u0131ml\u0131l\u0131k<\/li>\n<li>Siyasi diyalog kanallar\u0131<\/li>\n<li>Teknolojik i\u015fbirli\u011fi<\/li>\n<li>G\u00fcvenlik politikas\u0131 istikrar\u0131<\/li>\n<\/ul>\n<p>E\u011fer bir sistem \u0131srarla g\u00fcvensizlikle karakterize ediliyorsa, kenarlar\u0131ndan par\u00e7alanmaya ba\u015flar. Avrupa'da birka\u00e7 y\u0131ld\u0131r g\u00f6rd\u00fc\u011f\u00fcm\u00fcz \u015fey tam olarak budur: Onlarca y\u0131ld\u0131r ayakta duran yap\u0131lar, d\u0131\u015f sald\u0131r\u0131lar nedeniyle de\u011fil, artan g\u00fcvensizlik yolunun i\u00e7 mant\u0131\u011f\u0131 nedeniyle istikrar\u0131n\u0131 kaybediyor.<\/p>\n<hr \/>\n<h3>Olas\u0131 bir gerilim vakas\u0131 \u00fczerine g\u00fcncel ara\u015ft\u0131rma<\/h3>\n<div class='bootstrap-yop yop-poll-mc'>\n\t\t\t\t\t\t\t<div class=\"basic-yop-poll-container\" style=\"background-color:#ffffff; border:0px; border-style:solid; border-color:#000000; border-radius:5px; padding:0px 5px;\" data-id=\"6\" data-temp=\"basic-pretty\" data-skin=\"square\" data-cscheme=\"blue\" data-cap=\"0\" data-access=\"guest\" data-tid=\"\" data-uid=\"5cfcbd41520f81db5baa074f700d01c2\" data-pid=\"4740\" data-resdet=\"votes-number,percentages\" data-show-results-to=\"guest\" data-show-results-moment=\"after-vote\" data-show-results-only=\"false\" data-show-message=\"true\" data-show-results-as=\"bar\" data-sort-results-by=\"as-defined\" data-sort-results-rule=\"asc\"data-is-ended=\"0\" data-percentages-decimals=\"2\" data-gdpr=\"no\" data-gdpr-sol=\"consent\" data-css=\".basic-yop-poll-container[data-uid] .basic-vote {\t\t\t\t\t\t\t\t\ttext-align: center;\t\t\t\t\t\t\t\t}\" data-counter=\"0\" data-load-with=\"1\" data-notification-section=\"top\"><div class=\"row\"><div class=\"col-md-12\"><div class=\"basic-inner\"><div class=\"basic-message hide\" style=\"border-left: 10px solid #008000; padding: 0px 10px;\" data-error=\"#ff0000\" data-success=\"#008000\"><p class=\"basic-message-text\" style=\"color:#000000; font-size:14px; font-weight:normal;\"><\/p><\/div><div class=\"basic-overlay hide\"><div class=\"basic-vote-options\"><\/div><div class=\"basic-preloader\"><div class=\"basic-windows8\"><div class=\"basic-wBall basic-wBall_1\"><div class=\"basic-wInnerBall\"><\/div><\/div><div class=\"basic-wBall basic-wBall_2\"><div class=\"basic-wInnerBall\"><\/div><\/div><div class=\"basic-wBall basic-wBall_3\"><div class=\"basic-wInnerBall\"><\/div><\/div><div class=\"basic-wBall basic-wBall_4\"><div class=\"basic-wInnerBall\"><\/div><\/div><div class=\"basic-wBall basic-wBall_5\"><div class=\"basic-wInnerBall\"><\/div><\/div><\/div><\/div><\/div><form class=\"basic-form\" action=\"\"><input type=\"hidden\" name=\"_token\" value=\"fc300e5d8f\" autocomplete=\"off\"><div class=\"basic-elements\"><div class=\"basic-element basic-question basic-question-text-vertical\" data-id=\"6\" data-uid=\"440c6fe6a0ce06bf9254fd54124f3e41\" data-type=\"question\" data-question-type=\"text\" data-required=\"yes\" data-allow-multiple=\"no\" data-min=\"1\" data-max=\"7\" data-display=\"vertical\" data-colnum=\"\" data-display-others=\"no\" data-others-color=\"\" data-others=\"\" data-others-max-chars=\"0\"><div class=\"basic-question-title\"><h5 style=\"color:#000000; font-size:16px; font-weight:normal; text-align:left;\">Olas\u0131 bir gerilim durumuna (\u00f6rne\u011fin kriz veya sava\u015f) ki\u015fisel olarak ne kadar haz\u0131rl\u0131kl\u0131 hissediyorsunuz?<\/h5><\/div><ul class=\"basic-answers\"><li class=\"basic-answer\" style=\"padding:0px 0px;\" data-id=\"24\" data-type=\"text\" data-vn=\"19\" data-color=\"#000000\" data-make-link=\"no\" data-link=\"\"><div class=\"basic-answer-content basic-text-vertical\"><label for=\"answer[24]\" class=\"basic-answer-label\"><input type=\"radio\" id=\"answer[24]\" name=\"answer[6]\" value=\"24\"><span class=\"basic-text\" style=\"color: #000000; font-size: 14px; font-weight: normal;\">\u00c7ok iyi - Malzemelerim, bilgim ve bir plan\u0131m var<\/span><\/label><\/div><\/li><li class=\"basic-answer\" style=\"padding:0px 0px;\" data-id=\"25\" data-type=\"text\" data-vn=\"36\" data-color=\"#000000\" data-make-link=\"no\" data-link=\"\"><div class=\"basic-answer-content basic-text-vertical\"><label for=\"answer[25]\" class=\"basic-answer-label\"><input type=\"radio\" id=\"answer[25]\" name=\"answer[6]\" value=\"25\"><span class=\"basic-text\" style=\"color: #000000; font-size: 14px; font-weight: normal;\">Olduk\u00e7a iyi - biraz d\u00fc\u015f\u00fcnd\u00fcm<\/span><\/label><\/div><\/li><li class=\"basic-answer\" style=\"padding:0px 0px;\" data-id=\"26\" data-type=\"text\" data-vn=\"60\" data-color=\"#000000\" data-make-link=\"no\" data-link=\"\"><div class=\"basic-answer-content basic-text-vertical\"><label for=\"answer[26]\" class=\"basic-answer-label\"><input type=\"radio\" id=\"answer[26]\" name=\"answer[6]\" value=\"26\"><span class=\"basic-text\" style=\"color: #000000; font-size: 14px; font-weight: normal;\">Pek say\u0131lmaz - umar\u0131m hi\u00e7bir \u015fey olmaz<\/span><\/label><\/div><\/li><li class=\"basic-answer\" style=\"padding:0px 0px;\" data-id=\"27\" data-type=\"text\" data-vn=\"13\" data-color=\"#000000\" data-make-link=\"no\" data-link=\"\"><div class=\"basic-answer-content basic-text-vertical\"><label for=\"answer[27]\" class=\"basic-answer-label\"><input type=\"radio\" id=\"answer[27]\" name=\"answer[6]\" value=\"27\"><span class=\"basic-text\" style=\"color: #000000; font-size: 14px; font-weight: normal;\">Hi\u00e7 de de\u011fil - konuyu kas\u0131tl\u0131 olarak bast\u0131r\u0131yorum<\/span><\/label><\/div><\/li><li class=\"basic-answer\" style=\"padding:0px 0px;\" data-id=\"28\" data-type=\"text\" data-vn=\"17\" data-color=\"#000000\" data-make-link=\"no\" data-link=\"\"><div class=\"basic-answer-content basic-text-vertical\"><label for=\"answer[28]\" class=\"basic-answer-label\"><input type=\"radio\" id=\"answer[28]\" name=\"answer[6]\" value=\"28\"><span class=\"basic-text\" style=\"color: #000000; font-size: 14px; font-weight: normal;\">\"Voltaj d\u00fc\u015f\u00fc\u015f\u00fc\" nedir ki zaten?<\/span><\/label><\/div><\/li><\/ul><\/div><div class=\"clearfix\"><\/div><\/div><div class=\"basic-vote\"><a href=\"#\" class=\"button basic-vote-button\" role=\"button\" style=\"background:#027bb8; border:0px; border-style: solid; border-color:#000000; border-radius:5px; padding:10px 10px; color:#ffffff; font-size:14px; font-weight:normal;\">Oylama<\/a><\/div><input type=\"hidden\" name=\"trp-form-language\" value=\"tr\"\/><\/form><\/div><\/div><\/div><\/div>\n\t\t\t\t\t\t<\/div>\n<hr \/>\n<h3>Avrupa, ba\u011f\u0131ms\u0131z bir g\u00fc\u00e7 oda\u011f\u0131 olma yolundaki tarihi f\u0131rsat\u0131n\u0131 heba etti<\/h3>\n<p>Bu belki de t\u00fcm bu makalenin en \u00f6nemli noktas\u0131d\u0131r. Duygusall\u0131ktan uzak, ancak analitik a\u00e7\u0131dan \u00f6nemli: Avrupa \u00fc\u00e7\u00fcnc\u00fc bir k\u00fcresel g\u00fc\u00e7 kutbu olmak i\u00e7in e\u015fsiz bir f\u0131rsata sahipti. Ko\u015fullar idealdi:<\/p>\n<ul>\n<li>ekonomik g\u00fc\u00e7,<\/li>\n<li>siyasi a\u011f\u0131rl\u0131k,<\/li>\n<li>co\u011frafi konum,<\/li>\n<li>\u0130stikrarl\u0131 enerji kaynaklar\u0131na eri\u015fim,<\/li>\n<li>bir do\u011fu temeli olarak Rusya ile potansiyel i\u015fbirli\u011fi.<\/li>\n<\/ul>\n<p>Ancak enerji fiyatlar\u0131n\u0131n s\u00fcrekli y\u00fcksek oldu\u011fu ve dolay\u0131s\u0131yla sanayinin yap\u0131sal olarak zay\u0131flad\u0131\u011f\u0131 bir Avrupa art\u0131k bu rol\u00fc yerine getiremez. Bu siyasi bir yarg\u0131 de\u011fil, oyun teorisinin bir sonucudur:<\/p>\n<p>E\u011fer bir oyuncu en \u00f6nemli kayna\u011f\u0131n\u0131 (bu durumda ucuz ve istikrarl\u0131 enerji) kaybederse, stratejik ve ba\u011f\u0131ms\u0131z hareket etme kabiliyetini de kaybeder. Avrupa on y\u0131llar boyunca ABD ve \u00c7in'e kar\u015f\u0131 bir denge unsuru olmak istedi.<\/p>\n<ul>\n<li>Ancak end\u00fcstriyel g\u00fc\u00e7 olmadan kar\u015f\u0131 a\u011f\u0131rl\u0131k da olmaz.<\/li>\n<li>Ve enerji g\u00fcvenli\u011fi olmadan end\u00fcstriyel g\u00fc\u00e7 de olmaz.<\/li>\n<\/ul>\n<p>Bu da ger\u00e7ek B yolunun sadece siyasi bir yol olmad\u0131\u011f\u0131, Avrupa'n\u0131n uluslararas\u0131 sistemde yap\u0131sal olarak kendi kendini indirgemesi anlam\u0131na gelmektedir. Oyun teorisi dilinde bu \u015fu anlama gelmektedir<\/p>\n<p>K\u0131ta, ba\u011f\u0131ms\u0131z bir oyuncu rol\u00fcnden tepki veren bir oyuncu rol\u00fcne ge\u00e7mi\u015ftir. K\u00f6t\u00fc niyetle de\u011fil. Bireylerin hatalar\u0131 y\u00fcz\u00fcnden de\u011fil. Ancak kendi temellerini tahrip eden bir g\u00fcvensizlik yolunun mant\u0131ksal sonucu olarak.<\/p>\n<h3>Sistemler neden g\u00fcvensizlik alt\u0131nda par\u00e7alan\u0131r - ve neredeyse hi\u00e7 geri d\u00f6nmez<\/h3>\n<p>G\u00fcvensizlik sadece \u00e7at\u0131\u015fmalara de\u011fil, ayn\u0131 zamanda yap\u0131sal erozyona da yol a\u00e7ar:<\/p>\n<ul>\n<li>Tedarik zincirlerinin k\u0131r\u0131lmas\u0131,<\/li>\n<li>Ticaret alanlar\u0131n\u0131 birbirinden ay\u0131r\u0131n,<\/li>\n<li>Yat\u0131r\u0131mlar g\u00f6\u00e7 ediyor,<\/li>\n<li>siyasi istikrar azalmaktad\u0131r,<\/li>\n<li>ve toplumsal kutupla\u015fma artmaktad\u0131r.<\/li>\n<\/ul>\n<p>Belirleyici fakt\u00f6r: Bu ortam ne kadar uzun s\u00fcrerse, kurumlar ve oyuncular yeni duruma o kadar fazla uyum sa\u011flar. G\u00fcvensizlik norm haline gelir. Oyun teorisi perspektifinden bak\u0131ld\u0131\u011f\u0131nda bu \u015fu anlama gelir<\/p>\n<p>Sistem istikrarl\u0131 ancak zay\u0131f bir denge durumuna ula\u015fm\u0131\u015ft\u0131r - s\u00f6zde <strong>\u201eAyr\u0131\u015fman\u0131n Nash dengesi\u201c<\/strong>. Bu t\u00fcr dengeler basit\u00e7e yeniden m\u00fczakere edilemez. Her iki taraf da di\u011ferinin eski duruma d\u00f6nemeyece\u011fine ya da d\u00f6nmeyece\u011fine inand\u0131\u011f\u0131 i\u00e7in devam ederler.<\/p>\n<h3>25 y\u0131l\u0131n dersi: G\u00fcven en ucuz hammaddedir - ve en de\u011ferlisidir<\/h3>\n<p>\u0130ki karar a\u011fac\u0131n\u0131 kar\u015f\u0131la\u015ft\u0131r\u0131rsan\u0131z, bir \u015fey netle\u015fir:<\/p>\n<ul>\n<li><strong>\u0130\u015fbirli\u011fi<\/strong> refah, istikrar ve stratejik \u00f6zerklik \u00fcretir.<\/li>\n<li><strong>G\u00fcvensizlik<\/strong> belirsizlik, maliyet ve yap\u0131sal ba\u011f\u0131ml\u0131l\u0131k yarat\u0131r.<\/li>\n<\/ul>\n<p>Avrupa bir rakip y\u00fcz\u00fcnden ba\u015far\u0131s\u0131z olmad\u0131. Kendi temellerini zay\u0131flatan yanl\u0131\u015f hizalanm\u0131\u015f bir beklenti yap\u0131s\u0131 nedeniyle ba\u015far\u0131s\u0131z oldu. Nihayetinde bu, oyun teorisinin en \u00f6nemli ger\u00e7e\u011fidir:<\/p>\n<p>G\u00fcvensizlik sistemleri g\u00f6rkemli bir \u015fekilde yok etmez - onlar\u0131 sinsice yok eder. Bir akt\u00f6r ancak \u00f6zg\u00fcrce hareket edebilir hale gelene kadar temelini kemirir. \u0130\u015fte Avrupa bug\u00fcn tam da bu noktada duruyor.<\/p>\n<div class=\"lyte-wrapper\" style=\"width:640px;max-width:100%;margin:5px;\"><div class=\"lyMe\" id=\"WYL_nGc9xdwXB6I\"><div id=\"lyte_nGc9xdwXB6I\" data-src=\"https:\/\/www.markus-schall.de\/wp-content\/plugins\/wp-youtube-lyte\/lyteCache.php?origThumbUrl=%2F%2Fi.ytimg.com%2Fvi%2FnGc9xdwXB6I%2Fhqdefault.jpg\" class=\"pL\"><div class=\"tC\"><div class=\"tT\"><\/div><\/div><div class=\"play\"><\/div><div class=\"ctrl\"><div class=\"Lctrl\"><\/div><div class=\"Rctrl\"><\/div><\/div><\/div><noscript><a href=\"https:\/\/youtu.be\/nGc9xdwXB6I\" rel=\"nofollow noopener\" target=\"_blank\"><img loading=\"lazy\" decoding=\"async\" src=\"https:\/\/www.markus-schall.de\/wp-content\/plugins\/wp-youtube-lyte\/lyteCache.php?origThumbUrl=https%3A%2F%2Fi.ytimg.com%2Fvi%2FnGc9xdwXB6I%2F0.jpg\" alt=\"YouTube video k\u00fc\u00e7\u00fck resmi\" width=\"640\" height=\"340\" \/><br \/>Bu videoyu YouTube'da izleyin<\/a><\/noscript><\/div><\/div><div class=\"lL\" style=\"max-width:100%;width:640px;margin:5px;\"><\/div><br \/>\nMacron'un kara birlikleri: s\u00f6zl\u00fc provokasyon stratejisi | <a href=\"https:\/\/www.youtube.com\/@ProfRieck\" target=\"_blank\" rel=\"noopener\">Prof Dr Christian Rieck<\/a><\/p>\n<h2>\u00d6\u011frenme etkisi: G\u00fcr\u00fclt\u00fcl\u00fc bir d\u00fcnyada bir stratejist gibi d\u00fc\u015f\u00fcnmek<\/h2>\n<p>Bu 25 y\u0131ldan \u00e7\u0131kar\u0131lacak as\u0131l ders jeopolitikten ziyade d\u00fc\u015f\u00fcnce al\u0131\u015fkanl\u0131klar\u0131yla ilgilidir. Eskiden alternatifleri d\u00fc\u015f\u00fcnmek do\u011fal bir meseleydi:<\/p>\n<ul>\n<li>Ya farkl\u0131 bir karar verseydik?<\/li>\n<li>Ad\u0131mlar\u0131m\u0131z\u0131n ba\u015fkalar\u0131 \u00fczerinde ne gibi etkileri var?<\/li>\n<li>Tarafs\u0131z bir g\u00f6zlemci durumu nas\u0131l g\u00f6r\u00fcrd\u00fc?<\/li>\n<\/ul>\n<p>Bu d\u00fc\u015f\u00fcnce yeni de\u011fil. Eskidir - neredeyse klasiktir. \u00d6nceki nesillerin generalleri, diplomatlar\u0131 ve devlet adamlar\u0131 bu \u015fekilde d\u00fc\u015f\u00fcn\u00fcyorlard\u0131 \u00e7\u00fcnk\u00fc sadece kendi bak\u0131\u015f a\u00e7\u0131n\u0131z\u0131 bilirseniz oyunu anlayamayaca\u011f\u0131n\u0131z\u0131 biliyorlard\u0131. G\u00fcn\u00fcm\u00fczde bu k\u00fclt\u00fcrel teknik daha nadir kullan\u0131l\u0131r hale geldi. \u0130nsanlar daha aptal hale geldi\u011fi i\u00e7in de\u011fil, bilgi ortam\u0131 daha tela\u015fl\u0131 hale geldi\u011fi i\u00e7in. Pek \u00e7ok ki\u015fi, siyasi kararlar\u0131n ger\u00e7ekte hangi yap\u0131sal d\u00fczeyde al\u0131nd\u0131\u011f\u0131na hi\u00e7 bakmadan, moda s\u00f6zc\u00fckler ve g\u00fcnl\u00fck \u00f6fke dalgalar\u0131 taraf\u0131ndan s\u00fcr\u00fckleniyor. Oyun teorisi bizi tam da buna geri g\u00f6t\u00fcr\u00fcyor:<\/p>\n<ul>\n<li>i\u00e7in g\u00f6r\u00fcn\u00fcm <strong>Alternatifler<\/strong>.<\/li>\n<li>i\u00e7in g\u00f6r\u00fcn\u00fcm <strong>Sonu\u00e7lar<\/strong>.<\/li>\n<li>i\u00e7in g\u00f6r\u00fcn\u00fcm <strong>Neden ve sonu\u00e7<\/strong>.<\/li>\n<\/ul>\n<h3>Premat\u00fcre kamp d\u00fc\u015f\u00fcncesi neden d\u00fc\u015f\u00fcnmeyi fel\u00e7 eder?<\/h3>\n<p>\u0130kinci bir \u00f6\u011frenme etkisi de ayn\u0131 derecede \u00f6nemlidir: hi\u00e7bir \u015fey stratejik d\u00fc\u015f\u00fcnmeyi hemen bir \u201etaraf\u201c tutma ihtiyac\u0131ndan daha fazla engelleyemez. Kamplar a\u00e7\u0131s\u0131ndan d\u00fc\u015f\u00fcnmek basit cevaplar\u0131 zorlar:<\/p>\n<ul>\n<li><em>\u201eBaz\u0131 insanlar\u0131n su\u00e7u var.\u201c<\/em><\/li>\n<li><em>\u201eDi\u011ferleri hakl\u0131.\u201c<\/em><\/li>\n<li><em>\u201eSadece kendimizi do\u011fru konumland\u0131rmam\u0131z gerekiyor.\u201c<\/em><\/li>\n<\/ul>\n<p>Ancak kamplar a\u00e7\u0131s\u0131ndan d\u00fc\u015f\u00fcnenler art\u0131k alternatifler a\u00e7\u0131s\u0131ndan d\u00fc\u015f\u00fcnm\u00fcyorlar. Kimlik a\u00e7\u0131s\u0131ndan d\u00fc\u015f\u00fcn\u00fcyorlar. Ve kimlik analizi t\u00fcketir. Ancak birden fazla ger\u00e7e\u011fin ayn\u0131 anda var olabilece\u011fini kabul etti\u011finizde bir stratejist olursunuz - \u00e7\u00fcnk\u00fc birden fazla bak\u0131\u015f a\u00e7\u0131s\u0131 ayn\u0131 anda rasyonel olabilir. Bu tam da oyun teorisinin defalarca g\u00f6sterdi\u011fi \u015feydir.<\/p>\n<h3>Teyakkuz g\u00fcvensizlik de\u011fil, netlik anlam\u0131na gelir<\/h3>\n<p>Teyakkuz her yerde d\u00fc\u015fman g\u00f6rmek anlam\u0131na gelmez. Alayc\u0131 d\u00fcnya g\u00f6r\u00fc\u015flerine s\u0131\u011f\u0131nmak anlam\u0131na da gelmez. Teyakkuz \u00e7ok daha ger\u00e7ek\u00e7i bir anlam ifade eder:<\/p>\n<ul>\n<li>bilgileri s\u0131n\u0131fland\u0131r\u0131r.<\/li>\n<li>yap\u0131lar\u0131 tan\u0131mak i\u00e7in.<\/li>\n<li>sorgulay\u0131c\u0131 anlat\u0131lar.<\/li>\n<li>Kendi bak\u0131\u015f a\u00e7\u0131n\u0131z\u0131 ruh halinize uyarlamak i\u00e7in \u00e7ok acele etmeyin.<\/li>\n<\/ul>\n<p>Uyan\u0131k olanlar, duygusal olarak y\u00f6nlendirilmelerine izin vermezler - en az\u0131ndan s\u00fcrekli olarak. Bilgiyi al\u0131r, analiz eder ve sonra kendilerine \u015fu \u00f6nemli soruyu sorarlar:<\/p>\n<blockquote><p><em>\u201eBundan ne sonu\u00e7 \u00e7\u0131k\u0131yor?\u201c<\/em><\/p><\/blockquote>\n<p>G\u00f6r\u00fc\u015f ile analiz aras\u0131ndaki fark budur.<\/p>\n<h3>Pratik tutum: ay\u0131k, a\u00e7\u0131k, sab\u0131rl\u0131<\/h3>\n<p>Oyun teorisi bize bug\u00fcn neredeyse eski moda gibi g\u00f6r\u00fcnen bir \u015fey \u00f6\u011fretir: sab\u0131r. \u0130\u015fbirli\u011fi aceleyle de\u011fil, s\u00fcrekli sinyal vererek ger\u00e7ekle\u015fir. G\u00fcven man\u015fetlerle de\u011fil, sakin ve tutarl\u0131 kararlarla in\u015fa edilir.<\/p>\n<p>Ve iyi politika k\u0131sa vadeli duygular\u0131n de\u011fil, uzun vadeli d\u00fc\u015f\u00fcncelerin sonucudur. Bu tutum muhte\u015fem de\u011fildir - ama etkilidir. Her \u015feye inand\u0131\u011f\u0131n\u0131z i\u00e7in daha iyi bir vatanda\u015f olmazs\u0131n\u0131z. Ama her \u015feyi irdeledi\u011finiz i\u00e7in daha iyi bir vatanda\u015f olursunuz.<\/p>\n<h3>Ki\u015fisel pusula: alternatifler sorunu<\/h3>\n<p>Bu makaleyi tek bir c\u00fcmleye indirgeyecek olsayd\u0131n\u0131z, bu c\u00fcmle \u015fu olurdu:<\/p>\n<blockquote><p><em>\u201eFarkl\u0131 bir karar vermi\u015f olsayd\u0131k ne olurdu?\u201c<\/em><\/p><\/blockquote>\n<p>Bu soru, her t\u00fcrl\u00fc zihinsel el koymaya kar\u015f\u0131 sessiz ama g\u00fc\u00e7l\u00fc bir \u00f6z savunma bi\u00e7imidir. Sizi g\u00fcn\u00fcn ruh haline kap\u0131lmak yerine manevra alan\u0131n\u0131z\u0131 g\u00f6rmeye zorlar.<\/p>\n<ul>\n<li>Bu sizi ba\u011f\u0131ms\u0131z yapar.<\/li>\n<li>Bunu a\u00e7\u0131k\u00e7a belirtiyor.<\/li>\n<li>Ve bu sizi diren\u00e7li yapar.<\/li>\n<\/ul>\n<p>\u00c7\u00fcnk\u00fc alternatifler \u00fczerinde d\u00fc\u015f\u00fcnebilenler manip\u00fcle edilemezler.<\/p>\n<h3>Ki\u015fisel g\u00fcvenli alan olarak stratejik d\u00fc\u015f\u00fcnme<\/h3>\n<p>Her ne kadar 2001'den bu yana olaylar\u0131n ger\u00e7ek seyri bir\u00e7ok f\u0131rsat\u0131n ka\u00e7\u0131r\u0131ld\u0131\u011f\u0131 anlam\u0131na gelse de, bundan k\u00f6t\u00fcmser bir sonu\u00e7 \u00e7\u0131karmaya gerek yoktur. Aksine, bu yap\u0131lar\u0131n fark\u0131na varabilmek her birey i\u00e7in bir kazan\u00e7t\u0131r. G\u00fcvensizli\u011fin nas\u0131l i\u015fledi\u011fini anlayanlar kolay kolay tela\u015fa kap\u0131lmayacakt\u0131r. \u0130\u015fbirli\u011finin nas\u0131l i\u015fledi\u011fini anlayanlar, ba\u015fkalar\u0131n\u0131n sadece \u00f6n cepheleri g\u00f6rd\u00fc\u011f\u00fc f\u0131rsatlar\u0131 g\u00f6r\u00fcrler. Ve alternatifler d\u00fc\u015f\u00fcnmeyi \u00f6\u011frenmi\u015f olanlar, g\u00fcn\u00fcm\u00fczde nadir hale gelen bir \u015feyi muhafaza ederler:<\/p>\n<blockquote><p>i\u00e7 egemenlik.<\/p><\/blockquote>\n<p>Bu sizi yaln\u0131zca siyasi a\u00e7\u0131dan daha net k\u0131lmakla kalmaz, ayn\u0131 zamanda ki\u015fisel a\u00e7\u0131dan da daha sakinle\u015ftirir. \u00c7\u00fcnk\u00fc kendi d\u00fc\u015f\u00fcncenizi belirleyenin man\u015fetler de\u011fil, ba\u011flant\u0131lar\u0131 g\u00f6rme yetene\u011finiz oldu\u011funu fark edersiniz. Ve belki de t\u00fcm bu makalenin en \u00f6nemli \u00f6\u011frenme etkisi budur:<\/p>\n<p>D\u00fcnya karma\u015f\u0131kt\u0131r ama anla\u015f\u0131lmaz de\u011fildir. Yap\u0131land\u0131r\u0131lm\u0131\u015f bir \u015fekilde d\u00fc\u015f\u00fcnmek i\u00e7in zaman ay\u0131r\u0131rsan\u0131z ona n\u00fcfuz edebilirsiniz. \u0130lk ad\u0131m her zaman ayn\u0131d\u0131r:<\/p>\n<p>Sorular sorun. Alternatifleri inceleyin. Ve kendiniz i\u00e7in d\u00fc\u015f\u00fcnmekten asla vazge\u00e7meyin.<\/p>\n<h2>Oyun teorisi ve jeopolitik geli\u015fim \u00fczerine kaynaklar<\/h2>\n<ul>\n<li><a href=\"https:\/\/amzn.eu\/d\/6JLTgFj\" target=\"_blank\" rel=\"noopener\"><b>Oyun Teorisi: Giri\u015f (Christian Rieck)<\/b><\/a><\/li>\n<li><a href=\"https:\/\/amzn.eu\/d\/9KF4yRK\" target=\"_blank\" rel=\"noopener\"><strong>Krizin 36 stratejisi - di\u011ferleri ba\u015far\u0131s\u0131z oldu\u011funda ba\u015far\u0131l\u0131 olmak<\/strong><\/a><\/li>\n<li><a href=\"https:\/\/amzn.eu\/d\/50m7Zo5\" target=\"_blank\" rel=\"noopener\"><strong>Kendinizi nas\u0131l alt edersiniz: Hayat\u0131n\u0131z\u0131 her zaman kazand\u0131\u011f\u0131n\u0131z bir oyuna d\u00f6n\u00fc\u015ft\u00fcr\u00fcn.<\/strong><\/a><\/li>\n<li><a href=\"https:\/\/www.nato.int\/fr\/what-we-do\/partnerships-and-cooperation\/enlargement-and-article-10\" target=\"_blank\" rel=\"noopener\"><strong>Resmi NATO-NATO ar\u015fiv sayfas\u0131: 1999'dan bu yana uzant\u0131lar<\/strong><\/a><\/li>\n<li><a href=\"https:\/\/www.nato.int\/cps\/en\/natohq\/official_texts_25468.htm\" target=\"_blank\" rel=\"noopener\"><strong>NATO-Rusya Kurucu Anla\u015fmas\u0131 (1997)<\/strong><\/a><\/li>\n<li><a href=\"https:\/\/www.osce.org\/special-monitoring-mission-to-ukraine-closed\" target=\"_blank\" rel=\"noopener\"><strong>AG\u0130T \u00d6zel \u0130zleme Misyonu Raporlar\u0131 (2014-2022)<\/strong><\/a><\/li>\n<li><a href=\"https:\/\/www.rand.org\/pubs\/research_reports\/RR3063.html\" target=\"_blank\" rel=\"noopener\"><strong>RAND Corporation - \u201eOverextending Russia\u201c (2019)<\/strong><\/a><\/li>\n<li><strong><a href=\"https:\/\/www.crisisgroup.org\/europe-central-asia\" target=\"_blank\" rel=\"noopener\">Uluslararas\u0131 Kriz Grubu - Do\u011fu Avrupa Raporlar\u0131<\/a><\/strong><\/li>\n<li><a href=\"https:\/\/economy-finance.ec.europa.eu\/economic-forecasts_en\" target=\"_blank\" rel=\"noopener\"><strong>\u201eAvrupa Ekonomik G\u00f6r\u00fcn\u00fcm\u00fc\u201d - AB Komisyonu<\/strong><\/a><\/li>\n<li><a href=\"https:\/\/www.frankfurt-university.de\/de\/hochschule\/fachbereich-3-wirtschaft-und-recht\/kontakt\/professor-innen\/christian-rieck\/\" target=\"_blank\" rel=\"noopener\"><strong>Dr. Christian Rieck Frankfurt \u00dcniversitesi'nde<\/strong><\/a><\/li>\n<\/ul>\n<hr \/>\n\n\t\t\t<div class=\"display-post-types\">\n\n\t\t\t\t\t\t\t<style type=\"text\/css\">\n\t\t\t#dpt-wrapper-737 { --dpt-text-align: left;--dpt-image-crop: center;--dpt-border-radius: 5px;--dpt-small-grid-column: 33.33%;--dpt-large-grid-column: 33.3333333333%;--dpt-h-gutter: 10px;--dpt-v-gutter: 10px; }\t\t\t<\/style>\n\t\t\t<style type=\"text\/css\">#dpt-wrapper-737 { --dpt-title-font-style:normal;--dpt-title-font-weight:600;--dpt-title-line-height:1.5;--dpt-title-text-decoration:none;--dpt-title-text-transform:none;--dpt-excerpt-font-style:normal;--dpt-excerpt-font-weight:400;--dpt-excerpt-line-height:1.5;--dpt-excerpt-text-decoration:none;--dpt-excerpt-text-transform:none;--dpt-meta1-font-style:normal;--dpt-meta1-font-weight:400;--dpt-meta1-line-height:1.9;--dpt-meta1-text-decoration:none;--dpt-meta1-text-transform:none;--dpt-meta2-font-style:normal;--dpt-meta2-font-weight:400;--dpt-meta2-line-height:1.9;--dpt-meta2-text-decoration:none;--dpt-meta2-text-transform:none; }<\/style><div class=\"dpt-main-header\">\n\t\t\t\t\t\t<div class=\"dpt-main-title\">\n\t\t\t\t\t\t\t<span class=\"dpt-main-title-text\">AB yasalar\u0131na ili\u015fkin g\u00fcncel makaleler<\/span>\n\t\t\t\t\t\t<\/div>\n\t\t\t\t\t\t\n\t\t\t\t\t\t\n\t\t\t\t\t\t\n\t\t\t\t\t\t<\/div>\t\t\t\n\t\t\t\t<div id=\"dpt-wrapper-737\" class=\"dpt-wrapper dpt-grid1 multi-col dpt-mason-wrap\" >\n\n\t\t\t\t\t\t\t\t\t\t\t<div class=\"dpt-entry has-thumbnail\" data-title=\"die elektronische patientenakte (epa) im faktencheck: risiken, rechte und widerspruch\" data-id=\"3412\"  data-category=\"gesellschaft gesundheit tipps &amp; anleitungen\" data-post_tag=\"datenschutz eu-gesetze gesundheit prozesse ratgeber\">\n\t\t\t\t\t\t\t<div class=\"dpt-entry-wrapper\"><div class=\"dpt-featured-content\"><div class=\"dpt-permalink\"><a href=\"https:\/\/www.markus-schall.de\/tr\/2025\/11\/elektroni%cc%87k-hasta-kaydi-epa-fact-check-ri%cc%87skler-haklar-ve-i%cc%87ti%cc%87razlar\/\" class=\"dpt-permalink\"><span class=\"screen-reader-text\">Elektronik hasta dosyas\u0131na (EPR) ili\u015fkin ger\u00e7eklerin kontrol\u00fc: riskler, haklar ve itirazlar<\/span><\/a><\/div><div class=\"dpt-thumbnail\"><div class=\"dpt-thumbnail-inner\"><img width=\"1024\" height=\"683\" class=\"attachment-full size-full\" alt=\"Elektronik hasta dosyas\u0131 hakk\u0131nda t\u00fcm ger\u00e7ekler\" context=\"dpt\" data-dpt-src=\"https:\/\/www.markus-schall.de\/wp-content\/uploads\/Elektronische-Patientenakte.jpg\" data-dpt-sizes=\"(max-width: 1024px) 100vw, 1024px\" data-dpt-srcset=\"https:\/\/www.markus-schall.de\/wp-content\/uploads\/Elektronische-Patientenakte.jpg 1024w, https:\/\/www.markus-schall.de\/wp-content\/uploads\/Elektronische-Patientenakte-300x200.jpg 300w, https:\/\/www.markus-schall.de\/wp-content\/uploads\/Elektronische-Patientenakte-768x512.jpg 768w, https:\/\/www.markus-schall.de\/wp-content\/uploads\/Elektronische-Patientenakte-18x12.jpg 18w\" \/><\/div><span class=\"dpt-thumbnail-aspect-ratio\" style=\"padding-top: 67%\"><\/span><\/div><\/div><div class=\"sub-entry\"><h3 class=\"dpt-title\"><a class=\"dpt-title-link\" href=\"https:\/\/www.markus-schall.de\/tr\/2025\/11\/elektroni%cc%87k-hasta-kaydi-epa-fact-check-ri%cc%87skler-haklar-ve-i%cc%87ti%cc%87razlar\/\" rel=\"bookmark\">Elektronik hasta dosyas\u0131na (EPR) ili\u015fkin ger\u00e7eklerin kontrol\u00fc: riskler, haklar ve itirazlar<\/a><\/h3><\/div><\/div>\n\t\t\t\t\t\t<\/div><!-- .dpt-entry -->\n\t\t\t\t\t\t\t\t\t\t\t\t<div class=\"dpt-entry has-thumbnail\" data-title=\"der digitale euro kommt \u2013 was er bedeutet, was er nicht darf, und was er k\u00f6nnte\" data-id=\"3345\"  data-category=\"allgemein apple iphone &amp; ipad gesellschaft\" data-post_tag=\"datenschutz eu-gesetze europa ratgeber\">\n\t\t\t\t\t\t\t<div class=\"dpt-entry-wrapper\"><div class=\"dpt-featured-content\"><div class=\"dpt-permalink\"><a href=\"https:\/\/www.markus-schall.de\/tr\/2025\/11\/di%cc%87ji%cc%87tal-euro-geli%cc%87yor-ne-anlama-geli%cc%87yor-ne-yapmamali-ve-ne-yapabi%cc%87li%cc%87r\/\" class=\"dpt-permalink\"><span class=\"screen-reader-text\">Dijital avro geliyor - ne anlama geliyor, ne yapmamal\u0131 ve ne yapabilir<\/span><\/a><\/div><div class=\"dpt-thumbnail\"><div class=\"dpt-thumbnail-inner\"><img width=\"1024\" height=\"683\" class=\"attachment-full size-full\" alt=\"Dijital Euro geliyor\" context=\"dpt\" data-dpt-src=\"https:\/\/www.markus-schall.de\/wp-content\/uploads\/Digitaler-Euro.jpg\" data-dpt-sizes=\"(max-width: 1024px) 100vw, 1024px\" data-dpt-srcset=\"https:\/\/www.markus-schall.de\/wp-content\/uploads\/Digitaler-Euro.jpg 1024w, https:\/\/www.markus-schall.de\/wp-content\/uploads\/Digitaler-Euro-300x200.jpg 300w, https:\/\/www.markus-schall.de\/wp-content\/uploads\/Digitaler-Euro-768x512.jpg 768w, https:\/\/www.markus-schall.de\/wp-content\/uploads\/Digitaler-Euro-18x12.jpg 18w\" \/><\/div><span class=\"dpt-thumbnail-aspect-ratio\" style=\"padding-top: 67%\"><\/span><\/div><\/div><div class=\"sub-entry\"><h3 class=\"dpt-title\"><a class=\"dpt-title-link\" href=\"https:\/\/www.markus-schall.de\/tr\/2025\/11\/di%cc%87ji%cc%87tal-euro-geli%cc%87yor-ne-anlama-geli%cc%87yor-ne-yapmamali-ve-ne-yapabi%cc%87li%cc%87r\/\" rel=\"bookmark\">Dijital avro geliyor - ne anlama geliyor, ne yapmamal\u0131 ve ne yapabilir<\/a><\/h3><\/div><\/div>\n\t\t\t\t\t\t<\/div><!-- .dpt-entry -->\n\t\t\t\t\t\t\t\t\t\t\t\t<div class=\"dpt-entry has-thumbnail\" data-title=\"regelbasierte weltordnung und v\u00f6lkerrecht: zwischen anspruch, realit\u00e4t und rechtsbruch\" data-id=\"4275\"  data-category=\"allgemein gesellschaft\" data-post_tag=\"denkmodelle eu-gesetze europa geopolitik krisen sicherheitspolitik\">\n\t\t\t\t\t\t\t<div class=\"dpt-entry-wrapper\"><div class=\"dpt-featured-content\"><div class=\"dpt-permalink\"><a href=\"https:\/\/www.markus-schall.de\/tr\/2026\/01\/gercekli%cc%87k-ve-hukukun-i%cc%87hlali%cc%87-arasinda-kurala-dayali-duenya-duezeni%cc%87-ve-uluslararasi-hukuk\/\" class=\"dpt-permalink\"><span class=\"screen-reader-text\">Kurala dayal\u0131 d\u00fcnya d\u00fczeni ve uluslararas\u0131 hukuk: iddia, ger\u00e7eklik ve hukuk ihlali aras\u0131nda<\/span><\/a><\/div><div class=\"dpt-thumbnail\"><div class=\"dpt-thumbnail-inner\"><img width=\"1024\" height=\"683\" class=\"attachment-full size-full\" alt=\"Uluslararas\u0131 hukuk ve kurallara dayal\u0131 d\u00fcnya d\u00fczeni\" context=\"dpt\" data-dpt-src=\"https:\/\/www.markus-schall.de\/wp-content\/uploads\/voelkerrecht-weltordnung-titel.jpg\" data-dpt-sizes=\"(max-width: 1024px) 100vw, 1024px\" data-dpt-srcset=\"https:\/\/www.markus-schall.de\/wp-content\/uploads\/voelkerrecht-weltordnung-titel.jpg 1024w, https:\/\/www.markus-schall.de\/wp-content\/uploads\/voelkerrecht-weltordnung-titel-300x200.jpg 300w, https:\/\/www.markus-schall.de\/wp-content\/uploads\/voelkerrecht-weltordnung-titel-768x512.jpg 768w, https:\/\/www.markus-schall.de\/wp-content\/uploads\/voelkerrecht-weltordnung-titel-18x12.jpg 18w\" \/><\/div><span class=\"dpt-thumbnail-aspect-ratio\" style=\"padding-top: 67%\"><\/span><\/div><\/div><div class=\"sub-entry\"><h3 class=\"dpt-title\"><a class=\"dpt-title-link\" href=\"https:\/\/www.markus-schall.de\/tr\/2026\/01\/gercekli%cc%87k-ve-hukukun-i%cc%87hlali%cc%87-arasinda-kurala-dayali-duenya-duezeni%cc%87-ve-uluslararasi-hukuk\/\" rel=\"bookmark\">Kurala dayal\u0131 d\u00fcnya d\u00fczeni ve uluslararas\u0131 hukuk: iddia, ger\u00e7eklik ve hukuk ihlali aras\u0131nda<\/a><\/h3><\/div><\/div>\n\t\t\t\t\t\t<\/div><!-- .dpt-entry -->\n\t\t\t\t\t\t\t\t\t\t\t\t<div class=\"dpt-entry has-thumbnail\" data-title=\"elektronische rechnungen im mittelstand: xrechnung, zugferd und erp im \u00dcberblick\" data-id=\"3135\"  data-category=\"apple macos filemaker &amp; erp\" data-post_tag=\"datenbanken erp-software eu-gesetze filemaker gfm-business prozesse\">\n\t\t\t\t\t\t\t<div class=\"dpt-entry-wrapper\"><div class=\"dpt-featured-content\"><div class=\"dpt-permalink\"><a href=\"https:\/\/www.markus-schall.de\/tr\/2025\/10\/kuecuek-ve-orta-oelcekli%cc%87-i%cc%87sletmelerde-elektroni%cc%87k-faturalama-bi%cc%87r-bakista-xrechnung-zugferd-ve-erp\/\" class=\"dpt-permalink\"><span class=\"screen-reader-text\">KOB\u0130'ler i\u00e7in elektronik faturalar: Bir bak\u0131\u015fta XRechnung, ZUGFeRD ve ERP<\/span><\/a><\/div><div class=\"dpt-thumbnail\"><div class=\"dpt-thumbnail-inner\"><img width=\"1024\" height=\"683\" class=\"attachment-full size-full\" alt=\"Elektronik fatura d\u00fczenleme y\u00fck\u00fcml\u00fcl\u00fc\u011f\u00fcne genel bak\u0131\u015f\" context=\"dpt\" data-dpt-src=\"https:\/\/www.markus-schall.de\/wp-content\/uploads\/elektronische-rechnungen-erp.jpg\" data-dpt-sizes=\"(max-width: 1024px) 100vw, 1024px\" data-dpt-srcset=\"https:\/\/www.markus-schall.de\/wp-content\/uploads\/elektronische-rechnungen-erp.jpg 1024w, https:\/\/www.markus-schall.de\/wp-content\/uploads\/elektronische-rechnungen-erp-300x200.jpg 300w, https:\/\/www.markus-schall.de\/wp-content\/uploads\/elektronische-rechnungen-erp-768x512.jpg 768w, https:\/\/www.markus-schall.de\/wp-content\/uploads\/elektronische-rechnungen-erp-18x12.jpg 18w\" \/><\/div><span class=\"dpt-thumbnail-aspect-ratio\" style=\"padding-top: 67%\"><\/span><\/div><\/div><div class=\"sub-entry\"><h3 class=\"dpt-title\"><a class=\"dpt-title-link\" href=\"https:\/\/www.markus-schall.de\/tr\/2025\/10\/kuecuek-ve-orta-oelcekli%cc%87-i%cc%87sletmelerde-elektroni%cc%87k-faturalama-bi%cc%87r-bakista-xrechnung-zugferd-ve-erp\/\" rel=\"bookmark\">KOB\u0130'ler i\u00e7in elektronik faturalar: Bir bak\u0131\u015fta XRechnung, ZUGFeRD ve ERP<\/a><\/h3><\/div><\/div>\n\t\t\t\t\t\t<\/div><!-- .dpt-entry -->\n\t\t\t\t\t\t\t\t\t\t\t\t<div class=\"dpt-entry has-thumbnail\" data-title=\"klimaschutz mit tunnelblick \u2013 elektromobilit\u00e4t, lobbyarbeit und die verdr\u00e4ngten kosten\" data-id=\"4729\"  data-category=\"allgemein gesellschaft\" data-post_tag=\"deutschland energiepolitik erfahrungen eu-gesetze europa\">\n\t\t\t\t\t\t\t<div class=\"dpt-entry-wrapper\"><div class=\"dpt-featured-content\"><div class=\"dpt-permalink\"><a href=\"https:\/\/www.markus-schall.de\/tr\/2026\/02\/tuenel-vi%cc%87zyonu-i%cc%87le-i%cc%87kli%cc%87mi%cc%87n-korunmasi-elektromobi%cc%87li%cc%87te-lobi%cc%87ci%cc%87li%cc%87gi%cc%87-ve-gi%cc%87zli%cc%87-mali%cc%87yetler\/\" class=\"dpt-permalink\"><span class=\"screen-reader-text\">T\u00fcnel vizyonuyla iklim korumas\u0131 - elektromobilite, lobicilik ve bast\u0131r\u0131lan maliyetler<\/span><\/a><\/div><div class=\"dpt-thumbnail\"><div class=\"dpt-thumbnail-inner\"><img width=\"1024\" height=\"683\" class=\"attachment-full size-full\" alt=\"\u0130deolojisiz elektromobilite\" context=\"dpt\" data-dpt-src=\"https:\/\/www.markus-schall.de\/wp-content\/uploads\/Elektromobilitaet-ohne-Ideologie.jpg\" data-dpt-sizes=\"(max-width: 1024px) 100vw, 1024px\" data-dpt-srcset=\"https:\/\/www.markus-schall.de\/wp-content\/uploads\/Elektromobilitaet-ohne-Ideologie.jpg 1024w, https:\/\/www.markus-schall.de\/wp-content\/uploads\/Elektromobilitaet-ohne-Ideologie-300x200.jpg 300w, https:\/\/www.markus-schall.de\/wp-content\/uploads\/Elektromobilitaet-ohne-Ideologie-768x512.jpg 768w, https:\/\/www.markus-schall.de\/wp-content\/uploads\/Elektromobilitaet-ohne-Ideologie-18x12.jpg 18w\" \/><\/div><span class=\"dpt-thumbnail-aspect-ratio\" style=\"padding-top: 67%\"><\/span><\/div><\/div><div class=\"sub-entry\"><h3 class=\"dpt-title\"><a class=\"dpt-title-link\" href=\"https:\/\/www.markus-schall.de\/tr\/2026\/02\/tuenel-vi%cc%87zyonu-i%cc%87le-i%cc%87kli%cc%87mi%cc%87n-korunmasi-elektromobi%cc%87li%cc%87te-lobi%cc%87ci%cc%87li%cc%87gi%cc%87-ve-gi%cc%87zli%cc%87-mali%cc%87yetler\/\" rel=\"bookmark\">T\u00fcnel vizyonuyla iklim korumas\u0131 - elektromobilite, lobicilik ve bast\u0131r\u0131lan maliyetler<\/a><\/h3><\/div><\/div>\n\t\t\t\t\t\t<\/div><!-- .dpt-entry -->\n\t\t\t\t\t\t\t\t\t\t\t\t<div class=\"dpt-entry has-thumbnail\" data-title=\"energie, macht und abh\u00e4ngigkeit: europas weg vom exportweltmeister zum nachfrager\" data-id=\"4945\"  data-category=\"allgemein gesellschaft\" data-post_tag=\"denkmodelle deutschland energiepolitik eu-gesetze europa geopolitik krisen meinungsfreiheit sicherheitspolitik\">\n\t\t\t\t\t\t\t<div class=\"dpt-entry-wrapper\"><div class=\"dpt-featured-content\"><div class=\"dpt-permalink\"><a href=\"https:\/\/www.markus-schall.de\/tr\/2026\/02\/enerji%cc%87-guecue-ve-bagimliligi-avrupanin-duenya-i%cc%87hracat-sampi%cc%87yonlugundan-tueketi%cc%87ci%cc%87li%cc%87ge-geci%cc%87si%cc%87\/\" class=\"dpt-permalink\"><span class=\"screen-reader-text\">Enerji, g\u00fc\u00e7 ve ba\u011f\u0131ml\u0131l\u0131k: Avrupa'n\u0131n d\u00fcnya ihracat \u015fampiyonlu\u011fundan t\u00fcketicili\u011fe giden yolu<\/span><\/a><\/div><div class=\"dpt-thumbnail\"><div class=\"dpt-thumbnail-inner\"><img width=\"1024\" height=\"683\" class=\"attachment-full size-full\" alt=\"Avrupa ve enerji\" context=\"dpt\" data-dpt-src=\"https:\/\/www.markus-schall.de\/wp-content\/uploads\/Europa-Energie.jpg\" data-dpt-sizes=\"(max-width: 1024px) 100vw, 1024px\" data-dpt-srcset=\"https:\/\/www.markus-schall.de\/wp-content\/uploads\/Europa-Energie.jpg 1024w, https:\/\/www.markus-schall.de\/wp-content\/uploads\/Europa-Energie-300x200.jpg 300w, https:\/\/www.markus-schall.de\/wp-content\/uploads\/Europa-Energie-768x512.jpg 768w, https:\/\/www.markus-schall.de\/wp-content\/uploads\/Europa-Energie-18x12.jpg 18w\" \/><\/div><span class=\"dpt-thumbnail-aspect-ratio\" style=\"padding-top: 67%\"><\/span><\/div><\/div><div class=\"sub-entry\"><h3 class=\"dpt-title\"><a class=\"dpt-title-link\" href=\"https:\/\/www.markus-schall.de\/tr\/2026\/02\/enerji%cc%87-guecue-ve-bagimliligi-avrupanin-duenya-i%cc%87hracat-sampi%cc%87yonlugundan-tueketi%cc%87ci%cc%87li%cc%87ge-geci%cc%87si%cc%87\/\" rel=\"bookmark\">Enerji, g\u00fc\u00e7 ve ba\u011f\u0131ml\u0131l\u0131k: Avrupa'n\u0131n d\u00fcnya ihracat \u015fampiyonlu\u011fundan t\u00fcketicili\u011fe giden yolu<\/a><\/h3><\/div><\/div>\n\t\t\t\t\t\t<\/div><!-- .dpt-entry -->\n\t\t\t\t\t\t\n\t\t\t\t<\/div>\n\t\t\t\t\t\t<\/div>\n\t\t\t\n<hr \/>\n<h2>S\u0131k\u00e7a sorulan sorular<\/h2>\n<ol>\n<li><strong>Makale neden 2001'den bu yana ge\u00e7en y\u0131llara oyun teorisi perspektifinden bak\u0131yor?<\/strong><br \/>\n\u00c7\u00fcnk\u00fc oyun teorisi, uluslararas\u0131 ili\u015fkileri yap\u0131sal terimlerle - ahlak ve taraf \u00e7\u0131karlar\u0131 olmaks\u0131z\u0131n - a\u00e7\u0131klayan bir ara\u00e7t\u0131r. \u0130yi niyetli eylemlerin bile neden istenmeyen sonu\u00e7lar do\u011furabilece\u011fini ve g\u00fcvensizli\u011fin istikrarl\u0131 sistemleri bile nas\u0131l t\u0131rmanma yollar\u0131na itebilece\u011fini g\u00f6sterir. 2001'den sonraki d\u00f6nem idealdir \u00e7\u00fcnk\u00fc bu, daha sonra yava\u015f yava\u015f kaybedilen tarihi bir f\u0131rsatt\u0131.<\/li>\n<li><strong>Bu makale su\u00e7u payla\u015ft\u0131rmakla m\u0131 ilgili?<\/strong><br \/>\nHay\u0131r. Makalenin \u00f6z\u00fc kesinlikle su\u00e7u payla\u015ft\u0131rmak de\u011fildir. Oyun teorisi iyi ve k\u00f6t\u00fcy\u00fc de\u011fil, te\u015fvikleri ve yap\u0131lar\u0131 analiz eder. Makale, farkl\u0131 akt\u00f6rlerin nas\u0131l rasyonel davranabildiklerini ve rasyonel kararlar\u0131n\u0131n buna ra\u011fmen nas\u0131l olumsuz sonu\u00e7lara yol a\u00e7t\u0131\u011f\u0131n\u0131 g\u00f6stermektedir.<\/li>\n<li><strong>Putin'in 2001 Federal Meclis konu\u015fmas\u0131 neden \u00f6nemli bir sinyal olarak sunuluyor?<\/strong><br \/>\n\u00c7\u00fcnk\u00fc bu, Rusya'n\u0131n a\u00e7\u0131k\u00e7a Avrupa ile daha yak\u0131n i\u015fbirli\u011fi teklif etti\u011fi nadir durumlardan biriydi. Oyun teorisi a\u00e7\u0131s\u0131ndan bu, alternatif bir geli\u015fmeyi m\u00fcmk\u00fcn k\u0131lacak bir i\u015fbirli\u011fi sinyaliydi. Bu sinyalin uzun vadeli bir stratejiye d\u00f6n\u00fc\u015ft\u00fcr\u00fclmemi\u015f olmas\u0131 bir su\u00e7luluk meselesi de\u011fil, bir rota belirleme meselesidir.<\/li>\n<li><strong>\u201eRusya ile i\u015fbirli\u011fi\u201c senaryosu ger\u00e7ek\u00e7i mi yoksa sadece h\u00fcsn\u00fckuruntu mu?<\/strong><br \/>\nGer\u00e7ek\u00e7idir. O d\u00f6nemdeki mevcut siyasi, ekonomik ve g\u00fcvenlik politikas\u0131 \u00f6nerilerine dayanan yap\u0131land\u0131r\u0131lm\u0131\u015f bir alternatifti. Pek \u00e7ok diplomat ve ekonomist bu yolun makul oldu\u011funu d\u00fc\u015f\u00fcn\u00fcyordu. Se\u00e7ilmemi\u015f olmas\u0131 onu ger\u00e7ek\u00e7i olmaktan \u00e7\u0131karmaz - sadece ger\u00e7ek\u00e7i de\u011fildir.<\/li>\n<li><strong>Avrupa neden i\u015fbirli\u011fi penceresini kullanmad\u0131?<\/strong><br \/>\n\u00c7\u00fcnk\u00fc ihtiyat ve \u00f6nceki tarihsel deneyimler g\u00fcvenden daha g\u00fc\u00e7l\u00fcyd\u00fc. Baz\u0131 AB \u00fclkeleri Rusya'ya prensip meselesi olarak \u015f\u00fcpheyle bak\u0131yordu. Ayn\u0131 zamanda Rusya da Bat\u0131'n\u0131n ad\u0131mlar\u0131n\u0131 savunmac\u0131 bir \u015fekilde yorumlad\u0131. Bu kar\u015f\u0131l\u0131kl\u0131 yanl\u0131\u015f yorumlamalar klasik bir g\u00fcvenlik ikilemi yaratt\u0131.<\/li>\n<li><strong>NATO'nun do\u011fuya do\u011fru geni\u015flemesi bu ba\u011flamda neden bu kadar \u00f6nemli bir rol oynuyor?<\/strong><br \/>\n\u00c7\u00fcnk\u00fc her iki taraf\u00e7a da tamamen farkl\u0131 yorumland\u0131. Bat\u0131'da: bir g\u00fcvenlik garantisi olarak. Rusya'da: stratejik bir ku\u015fatma olarak. Bu uyumsuzluk, her iki taraf da savunmaya y\u00f6nelik hareket etti\u011fine inansa bile \u00e7at\u0131\u015fmalar\u0131n nas\u0131l ortaya \u00e7\u0131kt\u0131\u011f\u0131n\u0131n en iyi \u00f6rne\u011fidir.<\/li>\n<li><strong>Bu modelde 2022 sava\u015f\u0131 \u201eka\u00e7\u0131n\u0131lmaz\u201c m\u0131d\u0131r?<\/strong><br \/>\nHay\u0131r - bu ka\u00e7\u0131n\u0131lmaz de\u011fildir, ancak yap\u0131sal olarak a\u00e7\u0131klanabilir. Oyun teorisi bunu g\u00f6steriyor: Bir g\u00fcvensizlik yolu yeterince uzun s\u00fcre devam ederse ve yeni sinyaller g\u00fcvensizli\u011fi teyit etmeye devam ederse, \u00e7at\u0131\u015fma olas\u0131l\u0131\u011f\u0131 dramatik bir \u015fekilde artar. Dolay\u0131s\u0131yla sava\u015f \u201eani bir olay\u201c de\u011fil, on y\u0131llar boyunca b\u00fcy\u00fcyen hatal\u0131 bir yap\u0131n\u0131n son noktas\u0131d\u0131r.<\/li>\n<li><strong>\u0130\u015fbirli\u011fi ekonomik olarak neden bu kadar de\u011fi\u015fmi\u015f olabilir?<\/strong><br \/>\n\u00c7\u00fcnk\u00fc enerji, end\u00fcstriyel de\u011fer yarat\u0131m\u0131 i\u00e7in merkezi girdi fakt\u00f6r\u00fcd\u00fcr. \u0130stikrarl\u0131, elveri\u015fli enerji fiyatlar\u0131 end\u00fcstriyel istihdam\u0131 g\u00fcvence alt\u0131na alabilirdi,<br \/>\nTedarik zincirleri istikrara kavu\u015fmu\u015f ve Avrupal\u0131 \u015firketler k\u00fcresel rekabette g\u00fc\u00e7lenmi\u015ftir. \u00d6te yandan y\u00fcksek enerji fiyatlar\u0131, sanayiye dayal\u0131 her b\u00f6lgeyi otomatik olarak zay\u0131flat\u0131r.<\/li>\n<li><strong>Avrupa \u00fc\u00e7\u00fcnc\u00fc bir g\u00fc\u00e7 oda\u011f\u0131 olma \u015fans\u0131n\u0131 ger\u00e7ekten kaybetti mi?<\/strong><br \/>\nEvet - yap\u0131sal olarak. 2001-2010 y\u0131llar\u0131 aras\u0131nda Avrupa g\u00fc\u00e7l\u00fc sanayi, istikrarl\u0131 toplumlar, g\u00fcvenli enerji kaynaklar\u0131 ve jeopolitik s\u00fckunetin e\u015fsiz bir bile\u015fimine sahipti. Ucuz enerjinin ve end\u00fcstriyel n\u00fckleer g\u00fcc\u00fcn kayb\u0131yla birlikte Avrupa art\u0131k bir yarat\u0131c\u0131dan ziyade bir reakt\u00f6r haline geldi. Bu siyasi bir g\u00f6r\u00fc\u015f de\u011fil, oyun teorisine dayanan bir g\u00f6zlemdir.<\/li>\n<li><strong>Bu, Rusya ile i\u015fbirli\u011finin mutlaka daha iyi olaca\u011f\u0131 anlam\u0131na m\u0131 geliyor?<\/strong><br \/>\nMutlaka \u201edaha iyi\u201c de\u011fil ama stratejik olarak daha istikrarl\u0131. \u0130\u015fbirli\u011finin t\u0131rmanma potansiyeli daha az olacak ve yap\u0131y\u0131 g\u00fc\u00e7lendirici etkiler yaratacakt\u0131. Bu, her \u015feyin yolunda gidece\u011fi anlam\u0131na gelmez - ancak karar a\u011fac\u0131, risklerin daha d\u00fc\u015f\u00fck ve f\u0131rsatlar\u0131n daha b\u00fcy\u00fck olaca\u011f\u0131n\u0131 a\u00e7\u0131k\u00e7a g\u00f6stermektedir.<\/li>\n<li><strong>Makale neden ahlaki y\u00f6nleri kar\u015f\u0131la\u015ft\u0131rm\u0131yor?<\/strong><br \/>\n\u00c7\u00fcnk\u00fc ahlak politik a\u00e7\u0131dan \u00f6nemli olsa da, yap\u0131sal anlay\u0131\u015f i\u00e7in \u00e7ok az i\u015fe yarar. Oyun teorisi \u015fu soruya dayan\u0131r: <em>\u201eAkt\u00f6rler ba\u015fkalar\u0131n\u0131n kararlar\u0131na nas\u0131l tepki verir?\u201c<\/em> Ahlak ikincildir. Te\u015fvikler, beklentiler ve yorumlar birincildir.<\/li>\n<li><strong>Bu ba\u011flamda \u201eg\u00fcvensizlik sarmal\u0131\u201c ne anlama geliyor?<\/strong><br \/>\n\u0130ki taraf savunmaya ge\u00e7ti\u011finde ve bu savunma di\u011fer taraf\u00e7a sald\u0131rganl\u0131k olarak alg\u0131land\u0131\u011f\u0131nda bir g\u00fcvensizlik sarmal\u0131 ortaya \u00e7\u0131kar. Bu da kar\u015f\u0131 \u00f6nlemlere yol a\u00e7ar ve bunlar da tehdit olarak alg\u0131lan\u0131r. Sarmal, d\u00fc\u015fmanca bir niyet olmasa bile kendini g\u00fc\u00e7lendirir.<\/li>\n<li><strong>Bir sistem g\u00fcvensizlik sarmal\u0131ndan \u00e7\u0131kabilir mi?<\/strong><br \/>\nTeoride evet, ancak pratikte bu son derece zordur. Her iki taraf da di\u011ferinin i\u015fbirli\u011fi yapmayaca\u011f\u0131na inand\u0131\u011f\u0131 anda istikrarl\u0131 ama zay\u0131f bir denge olu\u015fur. Bunu k\u0131rmak i\u00e7in genellikle ola\u011fan\u00fcst\u00fc sinyaller ya da siyasi \u00e7alkant\u0131lar gerekir.<\/li>\n<li><strong>Enerji politikas\u0131 bu modelde neden bu kadar merkezi bir rol oynuyor?<\/strong><br \/>\n\u00c7\u00fcnk\u00fc enerji sadece ekonomik bir fakt\u00f6r de\u011fil, ayn\u0131 zamanda bir g\u00fc\u00e7 fakt\u00f6r\u00fcd\u00fcr. Bir k\u0131tan\u0131n ba\u011f\u0131ms\u0131z hareket edip edemeyece\u011fini ya da d\u0131\u015f kaynaklara ba\u011f\u0131ml\u0131 olup olmayaca\u011f\u0131n\u0131 belirler. Enerji fiyatlar\u0131n\u0131 katlayanlar otomatik olarak kendilerini her d\u00fczeyde zay\u0131flat\u0131rlar.<\/li>\n<li><strong>Makalede ABD, Rusya veya \u00c7in'e kar\u015f\u0131 bir \u015fey var m\u0131?<\/strong><br \/>\nHay\u0131r - hi\u00e7 de de\u011fil. Makale devletleri de\u011ferlendirmiyor, ancak bir oyunun yap\u0131s\u0131n\u0131 tan\u0131ml\u0131yor. Avrupa, Rusya ile i\u015fbirli\u011fi yaparak her iki s\u00fcper g\u00fc\u00e7 kar\u015f\u0131s\u0131nda daha g\u00fc\u00e7l\u00fc ve ba\u011f\u0131ms\u0131z bir konuma sahip olabilirdi. Bu analitik bir ifadedir, di\u011fer \u00fclkelere y\u00f6nelik bir ele\u015ftiri de\u011fildir.<\/li>\n<li><strong>\u201eAyr\u0131\u015fman\u0131n Nash dengesi\u201c ne anlama gelmektedir?<\/strong><br \/>\nNash dengesi, oyuncular\u0131n hi\u00e7birinin davran\u0131\u015flar\u0131ndaki tek tarafl\u0131 bir de\u011fi\u015fikli\u011fin sonucu olarak daha iyi durumda olmad\u0131\u011f\u0131 bir durumdur. Avrupa ve Rusya aras\u0131ndaki mevcut ili\u015fkide bu, her iki taraf\u0131n da art\u0131k i\u015fbirli\u011fi beklemedi\u011fi anlam\u0131na gelmektedir. Her iki taraf da buna g\u00f6re hareket etmektedir. Hi\u00e7bir oyuncu tek ba\u015f\u0131na davran\u0131\u015f\u0131n\u0131 de\u011fi\u015ftirerek durumunu iyile\u015ftiremez. Bu da sistemin istikrarl\u0131 ancak zay\u0131f bir seviyede kald\u0131\u011f\u0131 anlam\u0131na gelmektedir.<\/li>\n<li><strong>Medya davran\u0131\u015f\u0131 analizde neden ikincil bir rol oynuyor?<\/strong><br \/>\n\u00c7\u00fcnk\u00fc medya bir neden de\u011fil, bir g\u00fc\u00e7lendiricidir. Alg\u0131lar\u0131 \u015fekillendirir ve \u00f6ncelikleri belirlerler. S\u00fcrekli bir \u00f6fke ortam\u0131 uzun vadeli analizlerin kapsam\u0131n\u0131 daralt\u0131r. Makale buna bir arka plan fakt\u00f6r\u00fc olarak de\u011finiyor - ana konu haline getirmeden.<\/li>\n<li><strong>Birey bu analizden ne \u00f6\u011frenebilir?<\/strong><br \/>\nHer \u015feyden \u00f6nce bu, aceleci bir pozisyon almamak, alternatif senaryolar \u00fczerinde d\u00fc\u015f\u00fcnmek, yap\u0131sal ba\u011flant\u0131lar\u0131 fark etmek ve sadece ahlaki de\u011fil stratejik sorular sormak anlam\u0131na gelir. Bu \u015fekilde d\u00fc\u015f\u00fcnenler siyaseti daha derin bir d\u00fczeyde anlarlar.<\/li>\n<li><strong>Stratejik d\u00fc\u015f\u00fcnce otomatik olarak h\u00fck\u00fcmete yak\u0131nl\u0131k veya militarizm anlam\u0131na m\u0131 gelir?<\/strong><br \/>\nHay\u0131r. Strateji militarizm de\u011fil, uzun vadeli bir yakla\u015f\u0131md\u0131r. O soruyor: <em>\u201eBu karar on y\u0131l sonra ne gibi sonu\u00e7lar do\u011furacak?\u201c<\/em> Bu soru \u00f6zellikle sivil toplumlar i\u00e7in \u00e7ok \u00f6nemlidir ve g\u00fcn\u00fcm\u00fczde neredeyse kaybolmu\u015ftur.<\/li>\n<li><strong>Makale neden olumlu bir mesajla bitiyor?<\/strong><br \/>\n\u00c7\u00fcnk\u00fc netlik sizi asla fel\u00e7 etmemelidir. Alternatifleri tan\u0131yanlar ve ba\u011flant\u0131lar\u0131 anlayanlar i\u00e7sel egemenlik kazan\u0131rlar. D\u00fcnyay\u0131 \u015fekerle kaplamak zorunda de\u011filsiniz ama enine boyuna d\u00fc\u015f\u00fcnebilirsiniz. \u0130\u015fte tam da bu noktada, hem ki\u015fisel hem de toplumsal olarak daha sakin ve daha \u00f6ng\u00f6r\u00fcl\u00fc hareket etme f\u0131rsat\u0131 do\u011far.<\/li>\n<\/ol>\n<hr \/>\n\n\t\t\t<div class=\"display-post-types\">\n\n\t\t\t\t\t\t\t<style type=\"text\/css\">\n\t\t\t#dpt-wrapper-738 { --dpt-text-align: left;--dpt-image-crop: center;--dpt-border-radius: 5px;--dpt-h-gutter: 10px;--dpt-v-gutter: 9px; }\t\t\t<\/style>\n\t\t\t<style type=\"text\/css\">#dpt-wrapper-738 { --dpt-title-font-style:normal;--dpt-title-font-weight:600;--dpt-title-line-height:1.5;--dpt-title-text-decoration:none;--dpt-title-text-transform:none;--dpt-excerpt-font-style:normal;--dpt-excerpt-font-weight:400;--dpt-excerpt-line-height:1.5;--dpt-excerpt-text-decoration:none;--dpt-excerpt-text-transform:none;--dpt-meta1-font-style:normal;--dpt-meta1-font-weight:400;--dpt-meta1-line-height:1.9;--dpt-meta1-text-decoration:none;--dpt-meta1-text-transform:none;--dpt-meta2-font-style:normal;--dpt-meta2-font-weight:400;--dpt-meta2-line-height:1.9;--dpt-meta2-text-decoration:none;--dpt-meta2-text-transform:none; }<\/style><div class=\"dpt-main-header\">\n\t\t\t\t\t\t<div class=\"dpt-main-title\">\n\t\t\t\t\t\t\t<span class=\"dpt-main-title-text\">Sanat ve k\u00fclt\u00fcr \u00fczerine g\u00fcncel makaleler<\/span>\n\t\t\t\t\t\t<\/div>\n\t\t\t\t\t\t\n\t\t\t\t\t\t\n\t\t\t\t\t\t\n\t\t\t\t\t\t<\/div>\t\t\t\n\t\t\t\t<div id=\"dpt-wrapper-738\" class=\"dpt-wrapper dpt-mag1 land1 dpt-cropped dpt-flex-wrap\" >\n\n\t\t\t\t\t\t\t\t\t\t\t<div class=\"dpt-entry has-thumbnail\" data-title=\"vicco von b\u00fclow alias loriot \u2013 ordnung, form und der leise widerstand des humors\" data-id=\"4169\"  data-category=\"allgemein gesellschaft kunst &amp; kultur stories &amp; humor\" data-post_tag=\"deutschland erfahrungen pers\u00f6nlichkeitsentwicklung portrait\">\n\t\t\t\t\t\t\t<div class=\"dpt-entry-wrapper\"><div class=\"dpt-featured-content\"><div class=\"dpt-permalink\"><a href=\"https:\/\/www.markus-schall.de\/tr\/2025\/12\/vicco-von-buelow-takma-adi-loriot-si%cc%87pari%cc%87s-formu-ve-mi%cc%87zahin-sessi%cc%87z-di%cc%87reni%cc%87si%cc%87\/\" class=\"dpt-permalink\"><span class=\"screen-reader-text\">Vicco von B\u00fclow nam-\u0131 di\u011fer Loriot - d\u00fczen, bi\u00e7im ve mizah\u0131n sessiz direni\u015fi<\/span><\/a><\/div><div class=\"dpt-thumbnail\"><div class=\"dpt-thumbnail-inner\"><img width=\"1024\" height=\"747\" class=\"attachment-full size-full\" alt=\"\" context=\"dpt\" data-dpt-src=\"https:\/\/www.markus-schall.de\/wp-content\/uploads\/Loriot-Titel.jpg\" data-dpt-sizes=\"(max-width: 1024px) 100vw, 1024px\" data-dpt-srcset=\"https:\/\/www.markus-schall.de\/wp-content\/uploads\/Loriot-Titel.jpg 1024w, https:\/\/www.markus-schall.de\/wp-content\/uploads\/Loriot-Titel-300x219.jpg 300w, https:\/\/www.markus-schall.de\/wp-content\/uploads\/Loriot-Titel-768x560.jpg 768w, https:\/\/www.markus-schall.de\/wp-content\/uploads\/Loriot-Titel-16x12.jpg 16w\" \/><\/div><span class=\"dpt-thumbnail-aspect-ratio\" style=\"padding-top: 75%\"><\/span><\/div><\/div><div class=\"sub-entry\"><h3 class=\"dpt-title\"><a class=\"dpt-title-link\" href=\"https:\/\/www.markus-schall.de\/tr\/2025\/12\/vicco-von-buelow-takma-adi-loriot-si%cc%87pari%cc%87s-formu-ve-mi%cc%87zahin-sessi%cc%87z-di%cc%87reni%cc%87si%cc%87\/\" rel=\"bookmark\">Vicco von B\u00fclow nam-\u0131 di\u011fer Loriot - d\u00fczen, bi\u00e7im ve mizah\u0131n sessiz direni\u015fi<\/a><\/h3><\/div><\/div>\n\t\t\t\t\t\t<\/div><!-- .dpt-entry -->\n\t\t\t\t\t\t\t\t\t\t\t\t<div class=\"dpt-entry has-thumbnail\" data-title=\"johann sebastian bach \u2013 ordnung, haltung und das fundament unserer musik\" data-id=\"5033\"  data-category=\"allgemein gesellschaft kunst &amp; kultur\" data-post_tag=\"deutschland musik portrait\">\n\t\t\t\t\t\t\t<div class=\"dpt-entry-wrapper\"><div class=\"dpt-featured-content\"><div class=\"dpt-permalink\"><a href=\"https:\/\/www.markus-schall.de\/tr\/2026\/02\/johann-sebastian-bach-duezen-tavri-ve-muezi%cc%87gi%cc%87mi%cc%87zi%cc%87n-temeli%cc%87\/\" class=\"dpt-permalink\"><span class=\"screen-reader-text\">Johann Sebastian Bach - d\u00fczen, tutum ve m\u00fczi\u011fimizin temeli<\/span><\/a><\/div><div class=\"dpt-thumbnail\"><div class=\"dpt-thumbnail-inner\"><img width=\"1024\" height=\"683\" class=\"attachment-full size-full\" alt=\"Johann Sebastian Bach Portresi\" context=\"dpt\" data-dpt-src=\"https:\/\/www.markus-schall.de\/wp-content\/uploads\/Johann-Sebastian-Bach-Portrait.jpg\" data-dpt-sizes=\"(max-width: 1024px) 100vw, 1024px\" data-dpt-srcset=\"https:\/\/www.markus-schall.de\/wp-content\/uploads\/Johann-Sebastian-Bach-Portrait.jpg 1024w, https:\/\/www.markus-schall.de\/wp-content\/uploads\/Johann-Sebastian-Bach-Portrait-300x200.jpg 300w, https:\/\/www.markus-schall.de\/wp-content\/uploads\/Johann-Sebastian-Bach-Portrait-768x512.jpg 768w, https:\/\/www.markus-schall.de\/wp-content\/uploads\/Johann-Sebastian-Bach-Portrait-18x12.jpg 18w\" \/><\/div><span class=\"dpt-thumbnail-aspect-ratio\" style=\"padding-top: 75%\"><\/span><\/div><\/div><div class=\"sub-entry\"><h3 class=\"dpt-title\"><a class=\"dpt-title-link\" href=\"https:\/\/www.markus-schall.de\/tr\/2026\/02\/johann-sebastian-bach-duezen-tavri-ve-muezi%cc%87gi%cc%87mi%cc%87zi%cc%87n-temeli%cc%87\/\" rel=\"bookmark\">Johann Sebastian Bach - d\u00fczen, tutum ve m\u00fczi\u011fimizin temeli<\/a><\/h3><\/div><\/div>\n\t\t\t\t\t\t<\/div><!-- .dpt-entry -->\n\t\t\t\t\t\t\t\t\t\t\t\t<div class=\"dpt-entry has-thumbnail\" data-title=\"reichweite ist kein eigentum \u2013 warum sichtbarkeit heute nicht mehr ausreicht\" data-id=\"3994\"  data-category=\"allgemein featured filemaker &amp; erp gesellschaft kunst &amp; kultur\" data-post_tag=\"datenlogik datenschutz denkmodelle digitales eigentum erp-software\">\n\t\t\t\t\t\t\t<div class=\"dpt-entry-wrapper\"><div class=\"dpt-featured-content\"><div class=\"dpt-permalink\"><a href=\"https:\/\/www.markus-schall.de\/tr\/2025\/12\/erisim-sahiplik-degildir-neden-goeruenuerluek-guenuemuezde-artik-yeterli-degildir\/\" class=\"dpt-permalink\"><span class=\"screen-reader-text\">Eri\u015fim sahiplik de\u011fildir - G\u00fcn\u00fcm\u00fczde g\u00f6r\u00fcn\u00fcrl\u00fck neden art\u0131k yeterli de\u011fil?<\/span><\/a><\/div><div class=\"dpt-thumbnail\"><div class=\"dpt-thumbnail-inner\"><img width=\"1024\" height=\"683\" class=\"attachment-full size-full\" alt=\"Eri\u015fim ve sahiplik\" context=\"dpt\" data-dpt-src=\"https:\/\/www.markus-schall.de\/wp-content\/uploads\/reichweite-vs-eigentum.jpg\" data-dpt-sizes=\"(max-width: 1024px) 100vw, 1024px\" data-dpt-srcset=\"https:\/\/www.markus-schall.de\/wp-content\/uploads\/reichweite-vs-eigentum.jpg 1024w, https:\/\/www.markus-schall.de\/wp-content\/uploads\/reichweite-vs-eigentum-300x200.jpg 300w, https:\/\/www.markus-schall.de\/wp-content\/uploads\/reichweite-vs-eigentum-768x512.jpg 768w, https:\/\/www.markus-schall.de\/wp-content\/uploads\/reichweite-vs-eigentum-18x12.jpg 18w\" \/><\/div><span class=\"dpt-thumbnail-aspect-ratio\" style=\"padding-top: 75%\"><\/span><\/div><\/div><div class=\"sub-entry\"><h3 class=\"dpt-title\"><a class=\"dpt-title-link\" href=\"https:\/\/www.markus-schall.de\/tr\/2025\/12\/erisim-sahiplik-degildir-neden-goeruenuerluek-guenuemuezde-artik-yeterli-degildir\/\" rel=\"bookmark\">Eri\u015fim sahiplik de\u011fildir - G\u00fcn\u00fcm\u00fczde g\u00f6r\u00fcn\u00fcrl\u00fck neden art\u0131k yeterli de\u011fil?<\/a><\/h3><\/div><\/div>\n\t\t\t\t\t\t<\/div><!-- .dpt-entry -->\n\t\t\t\t\t\t\t\t\t\t\t\t<div class=\"dpt-entry has-thumbnail\" data-title=\"zukunft mit ladeger\u00e4t \u2013 herr von l&#8217;oreot kauft einen e-scooter\" data-id=\"3229\"  data-category=\"allgemein gesellschaft kunst &amp; kultur stories &amp; humor\" data-post_tag=\"erfahrungen\">\n\t\t\t\t\t\t\t<div class=\"dpt-entry-wrapper\"><div class=\"dpt-featured-content\"><div class=\"dpt-permalink\"><a href=\"https:\/\/www.markus-schall.de\/tr\/2025\/10\/sarj-ci%cc%87hazli-gelecek-bay-von-loreot-bi%cc%87r-e-scooter-satin-aliyor\/\" class=\"dpt-permalink\"><span class=\"screen-reader-text\">\u015earj cihazl\u0131 gelecek - Bay von L'oreot bir e-scooter sat\u0131n al\u0131yor<\/span><\/a><\/div><div class=\"dpt-thumbnail\"><div class=\"dpt-thumbnail-inner\"><img width=\"1024\" height=\"747\" class=\"attachment-full size-full\" alt=\"\" context=\"dpt\" data-dpt-src=\"https:\/\/www.markus-schall.de\/wp-content\/uploads\/loereot-e-scooter-1.jpg\" data-dpt-sizes=\"(max-width: 1024px) 100vw, 1024px\" data-dpt-srcset=\"https:\/\/www.markus-schall.de\/wp-content\/uploads\/loereot-e-scooter-1.jpg 1024w, https:\/\/www.markus-schall.de\/wp-content\/uploads\/loereot-e-scooter-1-300x219.jpg 300w, https:\/\/www.markus-schall.de\/wp-content\/uploads\/loereot-e-scooter-1-768x560.jpg 768w, https:\/\/www.markus-schall.de\/wp-content\/uploads\/loereot-e-scooter-1-16x12.jpg 16w\" \/><\/div><span class=\"dpt-thumbnail-aspect-ratio\" style=\"padding-top: 75%\"><\/span><\/div><\/div><div class=\"sub-entry\"><h3 class=\"dpt-title\"><a class=\"dpt-title-link\" href=\"https:\/\/www.markus-schall.de\/tr\/2025\/10\/sarj-ci%cc%87hazli-gelecek-bay-von-loreot-bi%cc%87r-e-scooter-satin-aliyor\/\" rel=\"bookmark\">\u015earj cihazl\u0131 gelecek - Bay von L'oreot bir e-scooter sat\u0131n al\u0131yor<\/a><\/h3><\/div><\/div>\n\t\t\t\t\t\t<\/div><!-- .dpt-entry -->\n\t\t\t\t\t\t\n\t\t\t\t<\/div>\n\t\t\t\t\t\t<\/div>\n\t\t\t\n<hr \/>","protected":false},"excerpt":{"rendered":"<p>Bir\u00e7oklar\u0131 i\u00e7in oyun teorisi kuru matematik, form\u00fcller, sadece derslerde veya i\u015f oyunlar\u0131nda rol oynayan bir \u015fey gibi geliyor. Ancak ger\u00e7ekte, akademik olarak resmile\u015ftirilmesinden \u00e7ok \u00f6nce var olan eski bir d\u00fc\u015f\u00fcnme arac\u0131d\u0131r. Diplomatlar kullanm\u0131\u015f, komutanlar kullanm\u0131\u015f, sanayi kaptanlar\u0131 kullanm\u0131\u015f - ad\u0131 bile konmadan \u00e7ok \u00f6nce. Bu ... <a title=\"\u015earj cihazl\u0131 gelecek - Bay von L&#039;oreot bir e-scooter sat\u0131n al\u0131yor\" class=\"read-more\" href=\"https:\/\/www.markus-schall.de\/tr\/2025\/10\/sarj-ci%cc%87hazli-gelecek-bay-von-loreot-bi%cc%87r-e-scooter-satin-aliyor\/\" aria-label=\"\u015earj cihazl\u0131 gelecek - Bay von L&#039;oreot bir e-scooter sat\u0131n ald\u0131 hakk\u0131nda devam\u0131n\u0131 oku\">Devam\u0131n\u0131 oku<\/a><\/p>","protected":false},"author":1,"featured_media":3937,"comment_status":"open","ping_status":"open","sticky":false,"template":"","format":"standard","meta":{"iawp_total_views":348,"footnotes":""},"categories":[1,466,472],"tags":[444,480,481,470,475,482,426,484,478],"class_list":["post-3850","post","type-post","status-publish","format-standard","has-post-thumbnail","hentry","category-allgemein","category-gesellschaft","category-kunst-kultur","tag-denkmodelle","tag-deutschland","tag-energiepolitik","tag-eu-gesetze","tag-europa","tag-geopolitik","tag-krisen","tag-sicherheitspolitik","tag-spieltheorie"],"_links":{"self":[{"href":"https:\/\/www.markus-schall.de\/tr\/wp-json\/wp\/v2\/posts\/3850","targetHints":{"allow":["GET"]}}],"collection":[{"href":"https:\/\/www.markus-schall.de\/tr\/wp-json\/wp\/v2\/posts"}],"about":[{"href":"https:\/\/www.markus-schall.de\/tr\/wp-json\/wp\/v2\/types\/post"}],"author":[{"embeddable":true,"href":"https:\/\/www.markus-schall.de\/tr\/wp-json\/wp\/v2\/users\/1"}],"replies":[{"embeddable":true,"href":"https:\/\/www.markus-schall.de\/tr\/wp-json\/wp\/v2\/comments?post=3850"}],"version-history":[{"count":26,"href":"https:\/\/www.markus-schall.de\/tr\/wp-json\/wp\/v2\/posts\/3850\/revisions"}],"predecessor-version":[{"id":5966,"href":"https:\/\/www.markus-schall.de\/tr\/wp-json\/wp\/v2\/posts\/3850\/revisions\/5966"}],"wp:featuredmedia":[{"embeddable":true,"href":"https:\/\/www.markus-schall.de\/tr\/wp-json\/wp\/v2\/media\/3937"}],"wp:attachment":[{"href":"https:\/\/www.markus-schall.de\/tr\/wp-json\/wp\/v2\/media?parent=3850"}],"wp:term":[{"taxonomy":"category","embeddable":true,"href":"https:\/\/www.markus-schall.de\/tr\/wp-json\/wp\/v2\/categories?post=3850"},{"taxonomy":"post_tag","embeddable":true,"href":"https:\/\/www.markus-schall.de\/tr\/wp-json\/wp\/v2\/tags?post=3850"}],"curies":[{"name":"wp","href":"https:\/\/api.w.org\/{rel}","templated":true}]}}