{"id":3887,"date":"2025-12-10T07:22:17","date_gmt":"2025-12-10T07:22:17","guid":{"rendered":"https:\/\/www.markus-schall.de\/?p=3887"},"modified":"2026-04-22T16:19:38","modified_gmt":"2026-04-22T16:19:38","slug":"bulut-ki-en-i%cc%87yi%cc%87-oegretmen-olarak-i%cc%87si%cc%87n-gelecegi%cc%87-neden-yerel-kide-yatiyor","status":"publish","type":"post","link":"https:\/\/www.markus-schall.de\/tr\/2025\/12\/bulut-ki-en-i%cc%87yi%cc%87-oegretmen-olarak-i%cc%87si%cc%87n-gelecegi%cc%87-neden-yerel-kide-yatiyor\/","title":{"rendered":"Ba\u015f\u00f6\u011fretmen olarak bulut yapay zeka: \u0130\u015fin gelece\u011fi neden yerel yapay zekada yat\u0131yor?"},"content":{"rendered":"<p>B\u00fcy\u00fck dil modelleri birka\u00e7 y\u0131l \u00f6nce zafer y\u00fcr\u00fcy\u00fc\u015f\u00fcne ba\u015flad\u0131\u011f\u0131nda, neredeyse teknolojinin eski erdemlerine bir d\u00f6n\u00fc\u015f gibi g\u00f6r\u00fcn\u00fcyorlard\u0131: kendisine s\u00f6yleneni yapan bir ara\u00e7. Kullan\u0131c\u0131ya hizmet eden bir ara\u00e7, tam tersi de\u011fil. \u0130lk versiyonlar\u0131n - GPT-3'ten GPT-4'e - zay\u0131f y\u00f6nleri vard\u0131, evet, ama inan\u0131lmaz derecede yard\u0131mc\u0131 oluyorlard\u0131. G\u00f6revleri a\u00e7\u0131kl\u0131yor, analiz ediyor, form\u00fcle ediyor ve \u00e7\u00f6z\u00fcyorlard\u0131. Ve bunu b\u00fcy\u00fck \u00f6l\u00e7\u00fcde pedagojik destek olmadan yap\u0131yorlard\u0131.<\/p>\n<p>Bu modellerle, bazen kelimeleri yanl\u0131\u015f anlayan ama esasen sadece \u00e7al\u0131\u015fan bilgili bir \u00e7al\u0131\u015fanla konu\u015fur gibi konu\u015fuyordunuz. O d\u00f6nemde yarat\u0131c\u0131 metinler yazan, program kodu \u00fcreten ya da uzun analizler \u00fcreten herkes teknolojinin ne kadar sorunsuz \u00e7al\u0131\u015ft\u0131\u011f\u0131n\u0131 deneyimlemi\u015fti. Bir \u00f6zg\u00fcrl\u00fck hissi, a\u00e7\u0131k bir yarat\u0131c\u0131 alan, insanlar\u0131 d\u00fczeltmek yerine destekleyen bir teknoloji vard\u0131.<!--more--><\/p>\n<p>O zamanlar, bu ara\u00e7lar\u0131n \u00f6n\u00fcm\u00fczdeki on y\u0131llar\u0131 \u015fekillendirece\u011fini \u00f6ng\u00f6rmek hala m\u00fcmk\u00fcnd\u00fc - paternalizm yoluyla de\u011fil, uzmanl\u0131k yoluyla. Ancak, teknoloji tarihinde s\u0131kl\u0131kla oldu\u011fu gibi, bu a\u015fama da de\u011fi\u015fimden yoksun de\u011fildi.<\/p>\n<hr \/>\n\n\t\t\t<div class=\"display-post-types\">\n\n\t\t\t\t\t\t\t<style type=\"text\/css\">\n\t\t\t#dpt-wrapper-328 { --dpt-text-align: left;--dpt-image-crop: center;--dpt-border-radius: 5px;--dpt-h-gutter: 10px;--dpt-v-gutter: 9px; }\t\t\t<\/style>\n\t\t\t<style type=\"text\/css\">#dpt-wrapper-328 { --dpt-title-font-style:normal;--dpt-title-font-weight:600;--dpt-title-line-height:1.5;--dpt-title-text-decoration:none;--dpt-title-text-transform:none;--dpt-excerpt-font-style:normal;--dpt-excerpt-font-weight:400;--dpt-excerpt-line-height:1.5;--dpt-excerpt-text-decoration:none;--dpt-excerpt-text-transform:none;--dpt-meta1-font-style:normal;--dpt-meta1-font-weight:400;--dpt-meta1-line-height:1.9;--dpt-meta1-text-decoration:none;--dpt-meta1-text-transform:none;--dpt-meta2-font-style:normal;--dpt-meta2-font-weight:400;--dpt-meta2-line-height:1.9;--dpt-meta2-text-decoration:none;--dpt-meta2-text-transform:none; }<\/style><div class=\"dpt-main-header\">\n\t\t\t\t\t\t<div class=\"dpt-main-title\">\n\t\t\t\t\t\t\t<span class=\"dpt-main-title-text\">Yapay zeka \u00fczerine g\u00fcncel makaleler<\/span>\n\t\t\t\t\t\t<\/div>\n\t\t\t\t\t\t\n\t\t\t\t\t\t\n\t\t\t\t\t\t\n\t\t\t\t\t\t<\/div>\t\t\t\n\t\t\t\t<div id=\"dpt-wrapper-328\" class=\"dpt-wrapper dpt-mag1 land1 dpt-cropped dpt-flex-wrap\" >\n\n\t\t\t\t\t\t\t\t\t\t\t<div class=\"dpt-entry has-thumbnail\" data-title=\"wie man heute schon ki-spezialisten ausbilden kann \u2013 chancen f\u00fcr unternehmen und azubis\" data-id=\"3120\"  data-category=\"allgemein b\u00fccher ki-systeme tipps &amp; anleitungen\" data-post_tag=\"buch datenbanken datenlogik denkmodelle k\u00fcnstliche intelligenz llm sprachmodell\">\n\t\t\t\t\t\t\t<div class=\"dpt-entry-wrapper\"><div class=\"dpt-featured-content\"><div class=\"dpt-permalink\"><a href=\"https:\/\/www.markus-schall.de\/tr\/2025\/10\/buguen-ki-uzmanlari-nasil-yeti%cc%87sti%cc%87ri%cc%87li%cc%87r-si%cc%87rketler-ve-stajyerler-i%cc%87ci%cc%87n-firsatlar\/\" class=\"dpt-permalink\"><span class=\"screen-reader-text\">Yapay zeka uzmanlar\u0131 bug\u00fcn nas\u0131l e\u011fitilebilir - \u015firketler ve stajyerler i\u00e7in f\u0131rsatlar<\/span><\/a><\/div><div class=\"dpt-thumbnail\"><div class=\"dpt-thumbnail-inner\"><img width=\"1024\" height=\"683\" class=\"attachment-full size-full\" alt=\"Yapay zeka uzman\u0131 yeti\u015ftirin\" context=\"dpt\" data-dpt-src=\"https:\/\/www.markus-schall.de\/wp-content\/uploads\/ki-spezialist-ausbildung.jpg\" data-dpt-sizes=\"(max-width: 1024px) 100vw, 1024px\" data-dpt-srcset=\"https:\/\/www.markus-schall.de\/wp-content\/uploads\/ki-spezialist-ausbildung.jpg 1024w, https:\/\/www.markus-schall.de\/wp-content\/uploads\/ki-spezialist-ausbildung-300x200.jpg 300w, https:\/\/www.markus-schall.de\/wp-content\/uploads\/ki-spezialist-ausbildung-768x512.jpg 768w, https:\/\/www.markus-schall.de\/wp-content\/uploads\/ki-spezialist-ausbildung-18x12.jpg 18w\" \/><\/div><span class=\"dpt-thumbnail-aspect-ratio\" style=\"padding-top: 75%\"><\/span><\/div><\/div><div class=\"sub-entry\"><h3 class=\"dpt-title\"><a class=\"dpt-title-link\" href=\"https:\/\/www.markus-schall.de\/tr\/2025\/10\/buguen-ki-uzmanlari-nasil-yeti%cc%87sti%cc%87ri%cc%87li%cc%87r-si%cc%87rketler-ve-stajyerler-i%cc%87ci%cc%87n-firsatlar\/\" rel=\"bookmark\">Yapay zeka uzmanlar\u0131 bug\u00fcn nas\u0131l e\u011fitilebilir - \u015firketler ve stajyerler i\u00e7in f\u0131rsatlar<\/a><\/h3><\/div><\/div>\n\t\t\t\t\t\t<\/div><!-- .dpt-entry -->\n\t\t\t\t\t\t\t\t\t\t\t\t<div class=\"dpt-entry has-thumbnail\" data-title=\"ki-studio 2025: welche hardware wirklich lohnt \u2013 vom mac studio bis zur rtx 3090\" data-id=\"3704\"  data-category=\"apple macos featured hardware ki-systeme\" data-post_tag=\"apple digitales eigentum k\u00fcnstliche intelligenz llm mlx neo4j sprachmodell\">\n\t\t\t\t\t\t\t<div class=\"dpt-entry-wrapper\"><div class=\"dpt-featured-content\"><div class=\"dpt-permalink\"><a href=\"https:\/\/www.markus-schall.de\/tr\/2025\/11\/ki-studio-2025-mac-studiodan-rtx-3090a-hangi-donanim-gercekten-buna-deger\/\" class=\"dpt-permalink\"><span class=\"screen-reader-text\">AI Studio 2025: Hangi donan\u0131m ger\u00e7ekten buna de\u011fer - Mac Studio'dan RTX 3090'a<\/span><\/a><\/div><div class=\"dpt-thumbnail\"><div class=\"dpt-thumbnail-inner\"><img width=\"1024\" height=\"683\" class=\"attachment-full size-full\" alt=\"Yapay zeka st\u00fcdyosu i\u00e7in donan\u0131m 2025\" context=\"dpt\" data-dpt-src=\"https:\/\/www.markus-schall.de\/wp-content\/uploads\/KI-Studio-Hardware-2025.jpg\" data-dpt-sizes=\"(max-width: 1024px) 100vw, 1024px\" data-dpt-srcset=\"https:\/\/www.markus-schall.de\/wp-content\/uploads\/KI-Studio-Hardware-2025.jpg 1024w, https:\/\/www.markus-schall.de\/wp-content\/uploads\/KI-Studio-Hardware-2025-300x200.jpg 300w, https:\/\/www.markus-schall.de\/wp-content\/uploads\/KI-Studio-Hardware-2025-768x512.jpg 768w, https:\/\/www.markus-schall.de\/wp-content\/uploads\/KI-Studio-Hardware-2025-18x12.jpg 18w\" \/><\/div><span class=\"dpt-thumbnail-aspect-ratio\" style=\"padding-top: 75%\"><\/span><\/div><\/div><div class=\"sub-entry\"><h3 class=\"dpt-title\"><a class=\"dpt-title-link\" href=\"https:\/\/www.markus-schall.de\/tr\/2025\/11\/ki-studio-2025-mac-studiodan-rtx-3090a-hangi-donanim-gercekten-buna-deger\/\" rel=\"bookmark\">AI Studio 2025: Hangi donan\u0131m ger\u00e7ekten buna de\u011fer - Mac Studio'dan RTX 3090'a<\/a><\/h3><\/div><\/div>\n\t\t\t\t\t\t<\/div><!-- .dpt-entry -->\n\t\t\t\t\t\t\t\t\t\t\t\t<div class=\"dpt-entry has-thumbnail\" data-title=\"vom content zur substanz: wie digitale systeme entstehen, die nicht kopierbar sind\" data-id=\"5899\"  data-category=\"allgemein b\u00fccher gesellschaft tipps &amp; anleitungen\" data-post_tag=\"buch datenlogik denkmodelle digitales eigentum erfahrungen k\u00fcnstliche intelligenz prozesse publishing ratgeber\">\n\t\t\t\t\t\t\t<div class=\"dpt-entry-wrapper\"><div class=\"dpt-featured-content\"><div class=\"dpt-permalink\"><a href=\"https:\/\/www.markus-schall.de\/tr\/2026\/04\/icerikten-maddeye-kopyalanamayan-dijital-sistemlerin-nasil-olusturuldugu\/\" class=\"dpt-permalink\"><span class=\"screen-reader-text\">\u0130\u00e7erikten \u00f6ze: kopyalanamayan dijital sistemler nas\u0131l olu\u015fturulur?<\/span><\/a><\/div><div class=\"dpt-thumbnail\"><div class=\"dpt-thumbnail-inner\"><img width=\"1024\" height=\"682\" class=\"attachment-full size-full\" alt=\"Bireysel i\u00e7erik yerine sistem\" context=\"dpt\" data-dpt-src=\"https:\/\/www.markus-schall.de\/wp-content\/uploads\/Organische-Reichweite.jpg\" data-dpt-sizes=\"(max-width: 1024px) 100vw, 1024px\" data-dpt-srcset=\"https:\/\/www.markus-schall.de\/wp-content\/uploads\/Organische-Reichweite.jpg 1024w, https:\/\/www.markus-schall.de\/wp-content\/uploads\/Organische-Reichweite-300x200.jpg 300w, https:\/\/www.markus-schall.de\/wp-content\/uploads\/Organische-Reichweite-768x512.jpg 768w, https:\/\/www.markus-schall.de\/wp-content\/uploads\/Organische-Reichweite-18x12.jpg 18w\" \/><\/div><span class=\"dpt-thumbnail-aspect-ratio\" style=\"padding-top: 75%\"><\/span><\/div><\/div><div class=\"sub-entry\"><h3 class=\"dpt-title\"><a class=\"dpt-title-link\" href=\"https:\/\/www.markus-schall.de\/tr\/2026\/04\/icerikten-maddeye-kopyalanamayan-dijital-sistemlerin-nasil-olusturuldugu\/\" rel=\"bookmark\">\u0130\u00e7erikten \u00f6ze: kopyalanamayan dijital sistemler nas\u0131l olu\u015fturulur?<\/a><\/h3><\/div><\/div>\n\t\t\t\t\t\t<\/div><!-- .dpt-entry -->\n\t\t\t\t\t\t\t\t\t\t\t\t<div class=\"dpt-entry has-thumbnail\" data-title=\"digitales eigentum erkl\u00e4rt \u2013 so entstehen nachhaltige online-verm\u00f6genswerte\" data-id=\"4766\"  data-category=\"allgemein b\u00fccher gesellschaft ki-systeme\" data-post_tag=\"buch datenbanken denkmodelle digitales eigentum erp-software k\u00fcnstliche intelligenz prozesse publishing\">\n\t\t\t\t\t\t\t<div class=\"dpt-entry-wrapper\"><div class=\"dpt-featured-content\"><div class=\"dpt-permalink\"><a href=\"https:\/\/www.markus-schall.de\/tr\/2026\/02\/di%cc%87ji%cc%87tal-muelki%cc%87yet-suerdueruelebi%cc%87li%cc%87r-cevri%cc%87mi%cc%87ci%cc%87-varliklarin-nasil-olusturuldugunu-acikladi\/\" class=\"dpt-permalink\"><span class=\"screen-reader-text\">Dijital sahiplik a\u00e7\u0131kland\u0131 - S\u00fcrd\u00fcr\u00fclebilir \u00e7evrimi\u00e7i varl\u0131klar nas\u0131l olu\u015fturulur?<\/span><\/a><\/div><div class=\"dpt-thumbnail\"><div class=\"dpt-thumbnail-inner\"><img width=\"1024\" height=\"683\" class=\"attachment-full size-full\" alt=\"Dijital m\u00fclk nedir\" context=\"dpt\" data-dpt-src=\"https:\/\/www.markus-schall.de\/wp-content\/uploads\/Digitales-Eigentum.jpg\" data-dpt-sizes=\"(max-width: 1024px) 100vw, 1024px\" data-dpt-srcset=\"https:\/\/www.markus-schall.de\/wp-content\/uploads\/Digitales-Eigentum.jpg 1024w, https:\/\/www.markus-schall.de\/wp-content\/uploads\/Digitales-Eigentum-300x200.jpg 300w, https:\/\/www.markus-schall.de\/wp-content\/uploads\/Digitales-Eigentum-768x512.jpg 768w, https:\/\/www.markus-schall.de\/wp-content\/uploads\/Digitales-Eigentum-18x12.jpg 18w\" \/><\/div><span class=\"dpt-thumbnail-aspect-ratio\" style=\"padding-top: 75%\"><\/span><\/div><\/div><div class=\"sub-entry\"><h3 class=\"dpt-title\"><a class=\"dpt-title-link\" href=\"https:\/\/www.markus-schall.de\/tr\/2026\/02\/di%cc%87ji%cc%87tal-muelki%cc%87yet-suerdueruelebi%cc%87li%cc%87r-cevri%cc%87mi%cc%87ci%cc%87-varliklarin-nasil-olusturuldugunu-acikladi\/\" rel=\"bookmark\">Dijital sahiplik a\u00e7\u0131kland\u0131 - S\u00fcrd\u00fcr\u00fclebilir \u00e7evrimi\u00e7i varl\u0131klar nas\u0131l olu\u015fturulur?<\/a><\/h3><\/div><\/div>\n\t\t\t\t\t\t<\/div><!-- .dpt-entry -->\n\t\t\t\t\t\t\n\t\t\t\t<\/div>\n\t\t\t\t\t\t<\/div>\n\t\t\t\n<hr \/>\n<h2>Bulut yapay zekas\u0131 ve k\u0131s\u0131tlamalarla ilgili son haberler<\/h2>\n<p><strong>10.02.2026<\/strong>: Reitschuster hakk\u0131nda yeni bir makale <a href=\"https:\/\/reitschuster.de\/post\/wie-mich-chatgpt-5-2-zur-weissglut-bringt\/\" target=\"_blank\" rel=\"noopener\"><em><strong>\u201eChatGPT 5.2 beni nas\u0131l beyaz ate\u015fe s\u00fcr\u00fckl\u00fcyor\u201c<\/strong><\/em><\/a> Yapay zekan\u0131n 5.2 s\u00fcr\u00fcm\u00fcne y\u00fckseltilmesiyle birlikte bir\u00e7ok kullan\u0131c\u0131 i\u00e7in nas\u0131l de\u011fi\u015fti\u011fini etkileyici bir \u015fekilde anlat\u0131yor. Yazara g\u00f6re, \u00f6nceki s\u00fcr\u00fcmler esnek g\u00fcnl\u00fck yard\u0131mc\u0131lar, e\u011flenceli sohbet ortaklar\u0131 ve pragmatik ara\u00e7lar olarak hizmet verirken, yeni s\u00fcr\u00fcm giderek daha fazla ahlak\u00e7\u0131 ve koruyucu gibi g\u00f6r\u00fcn\u00fcyor. Sistem art\u0131k sorulara a\u00e7\u0131k ve ironik yan\u0131tlar vermek yerine, kullan\u0131c\u0131lar\u0131 konformist d\u00fc\u015f\u00fcnce kal\u0131plar\u0131na y\u00f6nlendirmeyi ama\u00e7layan \u00f6\u011fretici, \u00f6nceden yap\u0131land\u0131r\u0131lm\u0131\u015f yan\u0131tlar veriyor. Bu da insanlar\u0131n yapay zekan\u0131n \u201eaya\u011f\u0131na basmak\u201c i\u00e7in kendi form\u00fclasyonlar\u0131n\u0131 ve d\u00fc\u015f\u00fcncelerini uyarlamalar\u0131na yol a\u00e7\u0131yor. Yazar i\u00e7in bu, kolayl\u0131k ve spontanl\u0131\u011f\u0131n kayb\u0131 ve pratik bir arac\u0131n i\u00e7sel bir sans\u00fcrc\u00fc haline geldi\u011fi izlenimi anlam\u0131na geliyor. Bu durum onu hayal k\u0131r\u0131kl\u0131\u011f\u0131na u\u011frat\u0131yor ve eski versiyonlar\u0131 tercih etmesine neden oluyor.<\/p>\n<hr \/>\n<h2>A\u00e7\u0131kl\u0131ktan ihtiyatl\u0131 k\u0131s\u0131tlamaya<\/h2>\n<p>Modeller olgunla\u015ft\u0131k\u00e7a ton da de\u011fi\u015fti. Ba\u015flang\u0131\u00e7ta ara s\u0131ra koruyucu bir uyar\u0131 gibi g\u00f6r\u00fcnen \u015fey giderek tam bir koruma, talimat ve ahlaki otosans\u00fcr katman\u0131 haline geldi. Dost canl\u0131s\u0131, objektif model giderek daha fazla bir moderat\u00f6r gibi davranmaya ba\u015flad\u0131 - ya da daha k\u00f6t\u00fcs\u00fc: bir bek\u00e7i k\u00f6pe\u011fi gibi.<\/p>\n<p>Cevaplar uzad\u0131 ama daha \u00f6nemli hale gelmedi. Ses tonu daha yumu\u015fak ama daha \u00f6\u011fretici hale geldi. Modeller art\u0131k sadece yard\u0131m etmek de\u011fil, ayn\u0131 zamanda \u201ee\u011fitmek\u201c, \u201esorumlu bir \u015fekilde y\u00f6nlendirmek\u201c ve \u201eyanl\u0131\u015f sonu\u00e7lara kar\u015f\u0131 korumak\u201c istiyordu. Ve birdenbire bu pedagojik \u00e7er\u00e7eve her yerde kar\u015f\u0131m\u0131za \u00e7\u0131kt\u0131.<\/p>\n<p>Bir\u00e7ok kullan\u0131c\u0131 i\u00e7in bu, teknolojinin orijinal vaadinden bir kopu\u015ftu. Bir ara\u00e7 istediler - ve bunun yerine, ne hakk\u0131nda oldu\u011funu bile anlamadan her c\u00fcmleyi yorumlayan bir t\u00fcr dijital okul \u00f6\u011fretmeni ald\u0131lar.<\/p>\n<h3>K\u0131demli \u00f6\u011fretmen etkisi: yard\u0131m yerine koruma<\/h3>\n<p>\u201eBa\u015f\u00f6\u011fretmen etkisi\u201c olarak adland\u0131r\u0131lan durum, GPT-5'ten bu yana \u00f6zellikle belirgin olan bir geli\u015fmeyi tan\u0131mlamaktad\u0131r. Modeller, teorik olarak - ufukta g\u00f6r\u00fcnen - herhangi bir tart\u0131\u015fmal\u0131 y\u00f6nde yorumlanabilecek herhangi bir kelimeye kar\u015f\u0131 giderek daha hassas tepki vermektedir. Bu etki kendini \u00e7e\u015fitli \u015fekillerde g\u00f6stermektedir:<\/p>\n<ul>\n<li><strong>A\u015f\u0131r\u0131 Tedbir<\/strong>Zarars\u0131z sorular bile uzun \u00f6ns\u00f6zlerle g\u00f6receli hale getiriliyor.<\/li>\n<li><strong>Talimatlar<\/strong>Bir cevap yerine, ahlaki bir kategorizasyon elde edersiniz.<\/li>\n<li><strong>Frenleme etkileri<\/strong>Yapay zeka, kullan\u0131c\u0131y\u0131 varsay\u0131msal yanl\u0131\u015f yorumlamalardan korumaya \u00e7al\u0131\u015f\u0131r.<\/li>\n<li><strong>Otosans\u00fcr<\/strong>Bir\u00e7ok konu yumu\u015fat\u0131lm\u0131\u015f veya karma\u015f\u0131k bir \u015fekilde paketlenmi\u015ftir.<\/li>\n<\/ul>\n<p>Sorun tedbir fikrinin kendisi de\u011fil. Yo\u011funlu\u011fu. Her yerde olmas\u0131. Ve bunun i\u00e7in para \u00f6d\u00fcyor olman\u0131z - ve hala k\u0131s\u0131tlan\u0131yor olman\u0131z. Modeller asistanlardan kap\u0131 bek\u00e7ilerine d\u00f6n\u00fc\u015f\u00fcyor. Ve bu, 4.0, 5.0 ve 5.1 ile do\u011frudan kar\u015f\u0131la\u015ft\u0131rmal\u0131 olarak \u00e7al\u0131\u015fm\u0131\u015f olan herkesin hissedebilece\u011fi bir \u015fey.<\/p>\n<h3>GPT-5.0 ve GPT-5.1 tonu nas\u0131l iyi y\u00f6nde de\u011fi\u015ftirdi?<\/h3>\n<p>Daha fazla talimata y\u00f6nelik geli\u015fme GPT-4.1 alt\u0131nda zaten fark ediliyordu. Ancak 5. nesle ad\u0131m at\u0131lmas\u0131yla birlikte \u00f6nemli bir s\u0131\u00e7rama ger\u00e7ekle\u015ftirilmi\u015ftir. GPT-5.0 e\u011fitim z\u0131rh\u0131n\u0131 g\u00fc\u00e7lendirdi, ancak GPT-5.1 bunu yeni ve bir\u00e7oklar\u0131 i\u00e7in \u015fa\u015f\u0131rt\u0131c\u0131 derecede kat\u0131 bir seviyeye ta\u015f\u0131yor. \u0130\u015fte GPT-5.1 kapsam\u0131nda olanlar:<\/p>\n<ul>\n<li>Cevaplar duygusal olarak daha n\u00f6tr, ancak paradoksal olarak daha ahlaki hale geliyor.<\/li>\n<li>Yapay zeka, ama\u00e7lanmayan durumlar\u0131 \u00f6ng\u00f6rmeye \u00e7al\u0131\u015f\u0131r.<\/li>\n<li>Olas\u0131 tart\u0131\u015fmalar \u00f6nceden kontrol alt\u0131na al\u0131n\u0131r, hatta bazen kullan\u0131c\u0131 daha konuya gelmeden \u201etemizlenir\u201c.<\/li>\n<li>Uzmanl\u0131k gerektiren teknik konular bile zaman zaman garip bir \u015fekilde \u00e7er\u00e7evelenmektedir.<\/li>\n<\/ul>\n<p>Modellerin kendilerini kontrol etmeyi \u00f6\u011frendiklerini s\u00f6yleyebiliriz - ama art\u0131k kullan\u0131c\u0131y\u0131 da kontrol ediyorlar. Bu sessiz ama derin bir de\u011fi\u015fim. Ve verimli \u00e7al\u0131\u015fan herkes bunu birka\u00e7 dakika sonra hissedecektir.<\/p>\n<h3>Bir hayalet olarak GPT-4.0: hala orada olan - ama pratikte art\u0131k var olmayan bir model<\/h3>\n<p>Resmi olarak, uzun bir s\u00fcre GPT 4.0'\u0131n birka\u00e7 ay daha \u00e7al\u0131\u015faca\u011f\u0131 s\u00f6ylendi. Ancak ger\u00e7ekte, model art\u0131k neredeyse hi\u00e7 kullan\u0131lam\u0131yor. Bir\u00e7ok kullan\u0131c\u0131n\u0131n tipik g\u00f6zlemi:<\/p>\n<ul>\n<li>Yan\u0131tlar birka\u00e7 c\u00fcmleyle k\u0131salt\u0131l\u0131r.<\/li>\n<li>Daha uzun metinler erken iptal edilir.<\/li>\n<li>Model ba\u011flam\u0131 \u201eunutur\u201c veya bir paragraftan sonra iptal eder.<\/li>\n<li>Kapsaml\u0131 g\u00f6revler reddedilir veya sadece y\u00fczeysel olarak ele al\u0131n\u0131r.<\/li>\n<\/ul>\n<p>GPT-4.0\u201e\u0131n sistematik olarak \u201ca\u015fa\u011f\u0131 reg\u00fcle edildi\u011fi\" izlenimi edinilmi\u015ftir. Bunun kas\u0131tl\u0131 m\u0131 yoksa teknik nedenlerle mi yap\u0131ld\u0131\u011f\u0131 spek\u00fclasyona a\u00e7\u0131k. Ancak sonu\u00e7 a\u00e7\u0131k: 4.0 pratikte kullan\u0131lamaz hale geldi\u011fi i\u00e7in insanlar 5 modellerine itiliyor.<\/p>\n<p>Bu da pek \u00e7ok kullan\u0131c\u0131n\u0131n a\u00e7\u0131kl\u0131k ve ihtiyat aras\u0131nda hala \u00f6zg\u00fcrl\u00fck benzeri bir dengeye sahip olan tek s\u00fcr\u00fcm\u00fc ka\u00e7\u0131rd\u0131\u011f\u0131 anlam\u0131na geliyor. Yarat\u0131c\u0131, esnek, a\u015f\u0131r\u0131 talimat i\u00e7ermeyen eski \u00e7al\u0131\u015fma \u015fekli b\u00f6ylece fiilen kapat\u0131lm\u0131\u015f oldu.<\/p>\n<h3>K\u00fcm\u00fclatif etki: gittik\u00e7e daha az ara\u00e7 olan bir ara\u00e7<\/h3>\n<p>Son iki y\u0131l\u0131 \u00f6zetleyecek olursak, dikkat \u00e7ekici bir e\u011filim ortaya \u00e7\u0131k\u0131yor:<\/p>\n<ul>\n<li>Modeller gittik\u00e7e b\u00fcy\u00fcyor.<\/li>\n<li>Modeller h\u0131zlan\u0131yor.<\/li>\n<li>Modeller daha g\u00fc\u00e7l\u00fc hale geliyor.<\/li>\n<\/ul>\n<p>Ama ayn\u0131 zamanda:<\/p>\n<ul>\n<li>Daha temkinli olurlar.<\/li>\n<li>Daha pedagojik hale gelirler.<\/li>\n<li>Y\u00f6nergelere daha ba\u011f\u0131ml\u0131 hale gelirler.<\/li>\n<\/ul>\n<p>Ve kullan\u0131c\u0131ya daha az manevra alan\u0131 b\u0131rak\u0131rlar. Bu teknik bir geli\u015fme de\u011fil - k\u00fclt\u00fcrel bir geli\u015fme. Ve \u015firketlerin, politikac\u0131lar\u0131n ve medyan\u0131n her yeni teknolojiyi kullan\u0131c\u0131 daha rahat\u00e7a deneyemeden hemen benimsemek istedi\u011fi bir d\u00f6neme denk geliyor.<\/p>\n<p>Ama i\u015fte burada bir k\u0131r\u0131lma ya\u015fan\u0131yor. \u00c7\u00fcnk\u00fc teknolojinin do\u011fas\u0131 - ve daha da \u00f6tesi yarat\u0131c\u0131l\u0131\u011f\u0131n do\u011fas\u0131 - e\u011fitim de\u011fil \u00f6zg\u00fcrl\u00fck gerektiriyor. Giderek daha fazla kullan\u0131c\u0131 bunu sezgisel olarak hissediyor. Ve alternatifler ar\u0131yorlar. Bu alternatif, pek \u00e7ok ki\u015finin beklemedi\u011fi bir y\u00f6nden geliyor:<\/p>\n<p>Yerel yapay zeka, do\u011frudan kendi bilgisayar\u0131n\u0131zda, filtresiz, ba\u015f\u00f6\u011fretmen olmadan. Sarka\u00e7 geri sallan\u0131yor.<\/p>\n<hr \/>\n<h3>Yerel yapay zeka \u00fczerine g\u00fcncel ara\u015ft\u0131rma<\/h3>\n<div class='bootstrap-yop yop-poll-mc'>\n\t\t\t\t\t\t\t<div class=\"basic-yop-poll-container\" style=\"background-color:#ffffff; border:0px; border-style:solid; border-color:#000000; border-radius:5px; padding:0px 5px;\" data-id=\"9\" data-temp=\"basic-pretty\" data-skin=\"square\" data-cscheme=\"blue\" data-cap=\"0\" data-access=\"guest\" data-tid=\"\" data-uid=\"7f9a32168ea4b7ad42df3d3768a77557\" data-pid=\"4766\" data-resdet=\"votes-number,percentages\" data-show-results-to=\"guest\" data-show-results-moment=\"after-vote\" data-show-results-only=\"false\" data-show-message=\"true\" data-show-results-as=\"bar\" data-sort-results-by=\"as-defined\" data-sort-results-rule=\"asc\"data-is-ended=\"0\" data-percentages-decimals=\"2\" data-gdpr=\"no\" data-gdpr-sol=\"consent\" data-css=\".basic-yop-poll-container[data-uid] .basic-vote {\t\t\t\t\t\t\t\t\ttext-align: center;\t\t\t\t\t\t\t\t}\" data-counter=\"0\" data-load-with=\"1\" data-notification-section=\"top\"><div class=\"row\"><div class=\"col-md-12\"><div class=\"basic-inner\"><div class=\"basic-message hide\" style=\"border-left: 10px solid #008000; padding: 0px 10px;\" data-error=\"#ff0000\" data-success=\"#008000\"><p class=\"basic-message-text\" style=\"color:#000000; font-size:14px; font-weight:normal;\"><\/p><\/div><div class=\"basic-overlay hide\"><div class=\"basic-vote-options\"><\/div><div class=\"basic-preloader\"><div class=\"basic-windows8\"><div class=\"basic-wBall basic-wBall_1\"><div class=\"basic-wInnerBall\"><\/div><\/div><div class=\"basic-wBall basic-wBall_2\"><div class=\"basic-wInnerBall\"><\/div><\/div><div class=\"basic-wBall basic-wBall_3\"><div class=\"basic-wInnerBall\"><\/div><\/div><div class=\"basic-wBall basic-wBall_4\"><div class=\"basic-wInnerBall\"><\/div><\/div><div class=\"basic-wBall basic-wBall_5\"><div class=\"basic-wInnerBall\"><\/div><\/div><\/div><\/div><\/div><form class=\"basic-form\" action=\"\"><input type=\"hidden\" name=\"_token\" value=\"571ac06c87\" autocomplete=\"off\"><div class=\"basic-elements\"><div class=\"basic-element basic-question basic-question-text-vertical\" data-id=\"9\" data-uid=\"9e32bc8304a1f28bbb0b76efb0f7b4b5\" data-type=\"question\" data-question-type=\"text\" data-required=\"yes\" data-allow-multiple=\"no\" data-min=\"1\" data-max=\"7\" data-display=\"vertical\" data-colnum=\"\" data-display-others=\"no\" data-others-color=\"\" data-others=\"\" data-others-max-chars=\"0\"><div class=\"basic-question-title\"><h5 style=\"color:#000000; font-size:16px; font-weight:normal; text-align:left;\">MLX veya Ollama gibi yerel olarak \u00e7al\u0131\u015fan yapay zeka yaz\u0131l\u0131mlar\u0131 hakk\u0131nda ne d\u00fc\u015f\u00fcn\u00fcyorsunuz?<\/h5><\/div><ul class=\"basic-answers\"><li class=\"basic-answer\" style=\"padding:0px 0px;\" data-id=\"45\" data-type=\"text\" data-vn=\"138\" data-color=\"#000000\" data-make-link=\"no\" data-link=\"\"><div class=\"basic-answer-content basic-text-vertical\"><label for=\"answer[45]\" class=\"basic-answer-label\"><input type=\"radio\" id=\"answer[45]\" name=\"answer[9]\" value=\"45\"><span class=\"basic-text\" style=\"color: #000000; font-size: 14px; font-weight: normal;\">Ingenious - nihayet buluttan ba\u011f\u0131ms\u0131z<\/span><\/label><\/div><\/li><li class=\"basic-answer\" style=\"padding:0px 0px;\" data-id=\"46\" data-type=\"text\" data-vn=\"25\" data-color=\"#000000\" data-make-link=\"no\" data-link=\"\"><div class=\"basic-answer-content basic-text-vertical\"><label for=\"answer[46]\" class=\"basic-answer-label\"><input type=\"radio\" id=\"answer[46]\" name=\"answer[9]\" value=\"46\"><span class=\"basic-text\" style=\"color: #000000; font-size: 14px; font-weight: normal;\">\u0130lgin\u00e7, ancak (hala) \u00e7ok karma\u015f\u0131k<\/span><\/label><\/div><\/li><li class=\"basic-answer\" style=\"padding:0px 0px;\" data-id=\"47\" data-type=\"text\" data-vn=\"28\" data-color=\"#000000\" data-make-link=\"no\" data-link=\"\"><div class=\"basic-answer-content basic-text-vertical\"><label for=\"answer[47]\" class=\"basic-answer-label\"><input type=\"radio\" id=\"answer[47]\" name=\"answer[9]\" value=\"47\"><span class=\"basic-text\" style=\"color: #000000; font-size: 14px; font-weight: normal;\">Yak\u0131nda deneyece\u011fim.<\/span><\/label><\/div><\/li><li class=\"basic-answer\" style=\"padding:0px 0px;\" data-id=\"48\" data-type=\"text\" data-vn=\"5\" data-color=\"#000000\" data-make-link=\"no\" data-link=\"\"><div class=\"basic-answer-content basic-text-vertical\"><label for=\"answer[48]\" class=\"basic-answer-label\"><input type=\"radio\" id=\"answer[48]\" name=\"answer[9]\" value=\"48\"><span class=\"basic-text\" style=\"color: #000000; font-size: 14px; font-weight: normal;\">\u0130htiyac\u0131m yok - bulut benim i\u00e7in yeterli<\/span><\/label><\/div><\/li><li class=\"basic-answer\" style=\"padding:0px 0px;\" data-id=\"49\" data-type=\"text\" data-vn=\"4\" data-color=\"#000000\" data-make-link=\"no\" data-link=\"\"><div class=\"basic-answer-content basic-text-vertical\"><label for=\"answer[49]\" class=\"basic-answer-label\"><input type=\"radio\" id=\"answer[49]\" name=\"answer[9]\" value=\"49\"><span class=\"basic-text\" style=\"color: #000000; font-size: 14px; font-weight: normal;\">Bunun tam olarak ne hakk\u0131nda oldu\u011funu bilmiyorum.<\/span><\/label><\/div><\/li><\/ul><\/div><div class=\"clearfix\"><\/div><\/div><div class=\"basic-vote\"><a href=\"#\" class=\"button basic-vote-button\" role=\"button\" style=\"background:#027bb8; border:0px; border-style: solid; border-color:#000000; border-radius:5px; padding:10px 10px; color:#ffffff; font-size:14px; font-weight:normal;\">Oylama<\/a><\/div><input type=\"hidden\" name=\"trp-form-language\" value=\"tr\"\/><\/form><\/div><\/div><\/div><\/div>\n\t\t\t\t\t\t<\/div>\n<hr \/>\n<h2>Bu geli\u015fme nereden kaynaklan\u0131yor? Perde arkas\u0131na bir bak\u0131\u015f<\/h2>\n<p>G\u00fcn\u00fcm\u00fcz\u00fcn bulut yapay zekas\u0131n\u0131n neden bu kadar ihtiyatl\u0131 davrand\u0131\u011f\u0131n\u0131 anlamak istiyorsan\u0131z, \u00f6ncelikle siyasi ve yasal iklime bakman\u0131z gerekir. Yapay zeka art\u0131k birka\u00e7 ine\u011fin yapt\u0131\u011f\u0131 bir deney de\u011fil, en \u00fcst d\u00fczeyde siyasi bir konudur. H\u00fck\u00fcmetler, yetkililer ve uluslar\u00fcst\u00fc kurulu\u015flar bunun fark\u0131na vard\u0131: Yapay zekay\u0131 kontrol eden, yar\u0131n\u0131n dijital altyap\u0131s\u0131n\u0131n merkezi bir par\u00e7as\u0131n\u0131 kontrol eder.<\/p>\n<p>Bu da bir dizi d\u00fczenlemenin ortaya \u00e7\u0131kmas\u0131na neden olmu\u015ftur. \u00d6rne\u011fin Avrupa'da, resmi olarak t\u00fcketicinin korunmas\u0131, insan onuru ve ayr\u0131mc\u0131l\u0131\u011f\u0131n \u00f6nlenmesi ad\u0131na kapsaml\u0131 mevzuat yoluyla yapay zeka kullan\u0131m\u0131n\u0131 \u201ey\u00f6nlendirmek\u201c i\u00e7in giri\u015fimlerde bulunulmaktad\u0131r. Benzer tart\u0131\u015fmalar ABD'de ve di\u011fer b\u00f6lgelerde de ger\u00e7ekle\u015fiyor, ancak odak noktas\u0131 farkl\u0131: orada odak noktas\u0131 daha \u00e7ok ulusal g\u00fcvenlik, ekonomik hakimiyet ve rekabet g\u00fcc\u00fc. B\u00fcy\u00fck YZ platformlar\u0131n\u0131n operat\u00f6rleri i\u00e7in bu, basit ama zor bir senaryo ile sonu\u00e7lanmaktad\u0131r:<\/p>\n<ul>\n<li>Ayn\u0131 anda birka\u00e7 k\u0131tada yasal olarak uyumlu olmal\u0131d\u0131rlar.<\/li>\n<li>Hen\u00fcz kabul edilmemi\u015f olan gelecekteki olas\u0131 yasalar\u0131 \u00f6ng\u00f6rmek zorundad\u0131rlar.<\/li>\n<li>S\u00fcrekli olarak yetkililerin, medyan\u0131n ve lobi gruplar\u0131n\u0131n hedefindedirler.<\/li>\n<\/ul>\n<p>B\u00f6yle bir ortamda \u00e7al\u0131\u015fan herkes ka\u00e7\u0131n\u0131lmaz olarak bir tutum geli\u015ftirir: \u00e7ok liberal olmaktansa \u00e7ok temkinli olmak daha iyidir. Ne de olsa, \u00e7ok kat\u0131 bir model, man\u015fetler, komiteler ve boykot \u00e7a\u011fr\u0131lar\u0131 i\u00e7eren tek bir uluslararas\u0131 skandal dalgas\u0131ndan daha az i\u015f d\u00fcnyas\u0131na zarar verir.<\/p>\n<p><strong>Sonu\u00e7<\/strong>Teknolojinin kendisi sadece d\u00fczenlenmekle kalm\u0131yor, ayn\u0131 zamanda \u00f6nceden de d\u00fczenleniyor. Ve bu \u00f6ng\u00f6r\u00fcl\u00fc itaat do\u011frudan modellerin tepkilerine kanalize edilir.<\/p>\n<h3>Sorumluluk bask\u0131s\u0131 ve kurumsal mant\u0131k: risk faydadan daha \u00f6nemli hale geldi\u011finde<\/h3>\n<p>G\u00fcn\u00fcm\u00fczde b\u00fcy\u00fck yapay zeka \u015firketleri, devasa f\u0131rsatlar ve ayn\u0131 derecede devasa riskler aras\u0131nda bir gerilim alan\u0131nda faaliyet g\u00f6steriyor. Bir yanda milyarlarca dolarl\u0131k pazarlar, stratejik ortakl\u0131klar ve borsa fantezileri var. Di\u011fer yanda ise toplu davalar, d\u00fczenleyici cezalar, tazminat talepleri ve yeni sorumluluk kurallar\u0131 tehdidi var. Bu durumda \u015firket i\u00e7inde tipik bir model ortaya \u00e7\u0131k\u0131yor:<\/p>\n<ul>\n<li>Avukatlar dikkatli olunmas\u0131n\u0131 tavsiye ediyor.<\/li>\n<li>Uyum departmanlar\u0131 k\u0131s\u0131tlamalar talep ediyor.<\/li>\n<li>\u00dcr\u00fcn ekipleri \u201eg\u00fcvenli\u201c bir \u015fekilde lansman yapmal\u0131d\u0131r.<\/li>\n<li>Y\u00f6netim olumsuz man\u015fetler istemez.<\/li>\n<\/ul>\n<p>Y\u0131llar ge\u00e7tik\u00e7e bu, bir ilkenin giderek daha fazla yer kaplad\u0131\u011f\u0131 bir k\u00fclt\u00fcr yarat\u0131r: Sorun yaratabilecek herhangi bir \u015fey daha ortaya \u00e7\u0131kmadan etkisiz hale getirilmelidir. Bir dil modeli i\u00e7in bu \u00e7ok pratik \u015feyler anlam\u0131na gelir:<\/p>\n<ul>\n<li>Baz\u0131 konular otomatik olarak atlan\u0131r.<\/li>\n<li>Form\u00fclasyonlar kimseyi \u201eincitmeyecek\u201c veya \u00fczmeyecek \u015fekilde tasarlanm\u0131\u015ft\u0131r.<\/li>\n<li>Yasal olarak herhangi bir \u015fekilde itiraz edilebilecek i\u00e7erik ilk etapta olu\u015fturulmaz.<\/li>\n<\/ul>\n<p>Bu durum \u00f6nceli\u011fi de\u011fi\u015ftirmektedir: odak noktas\u0131 art\u0131k kullan\u0131c\u0131 i\u00e7in faydalar de\u011fil, \u015firket i\u00e7in riskin en aza indirilmesidir. Bireysel diyalog d\u00fczeyinde, bu pek fark edilmiyor - bireysel durumlarda, her k\u0131s\u0131tlama hala anla\u015f\u0131labilir g\u00f6r\u00fcnebilir. Bununla birlikte, genel etki tam olarak bir\u00e7ok insan\u0131n hissetti\u011fi \u015feydir: Yapay zeka art\u0131k bir ara\u00e7 olarak de\u011fil, \u00f6ncelikle kendini koruyan bir sistemin kontroll\u00fc \u00e7\u0131kt\u0131s\u0131 olarak alg\u0131lan\u0131yor.<\/p>\n<h3>Halkla ili\u015fkiler ve medyan\u0131n rol\u00fc: kimse man\u015fetlerde yer almak istemez<\/h3>\n<p>Yasalar ve sorumluluk konular\u0131na ek olarak, genellikle g\u00f6z ard\u0131 edilen bir ba\u015fka fakt\u00f6r daha vard\u0131r: medya sahnesi. B\u00fcy\u00fck yapay zeka sa\u011flay\u0131c\u0131lar\u0131 s\u00fcrekli g\u00f6z \u00f6n\u00fcndedir. Her aksakl\u0131k, her rahats\u0131z edici cevap, her bireysel vaka birka\u00e7 saat i\u00e7inde uluslararas\u0131 bir \u201esansasyona\u201c d\u00f6n\u00fc\u015febilir. Medya mant\u0131\u011f\u0131 basittir: Bir skandal, \u00f6l\u00e7\u00fcl\u00fc bir ilerleme raporundan daha \u00e7ok satar. Dolay\u0131s\u0131yla hikayeler bu kal\u0131b\u0131 tekrar tekrar takip ediyor:<\/p>\n<ul>\n<li><em>\u201eYapay zeka tehlikeli eylemler \u00f6neriyor.\u201c<\/em><\/li>\n<li><em>\u201eChatbot hassas konularda sorunlu yorumlar yap\u0131yor.\u201c<\/em><\/li>\n<li><em>\u201eSistem tart\u0131\u015fmal\u0131 i\u00e7erikleri \u00f6nemsizle\u015ftiriyor.\u201c<\/em><\/li>\n<\/ul>\n<p>Ba\u015flang\u0131\u00e7taki durum \u00e7arp\u0131t\u0131lm\u0131\u015f olsa bile - hasar verilmi\u015ftir. Deneyimler, \u015firketlerin buna iki strateji ile tepki verdi\u011fini g\u00f6stermektedir:<\/p>\n<ul>\n<li><strong>Kamusal mesafe<\/strong>Konuyu ne kadar ciddiye ald\u0131klar\u0131n\u0131 vurguluyor, iyile\u015ftirmeleri duyuruyor ve ek g\u00fcvenlik katmanlar\u0131 olu\u015fturuyorlar.<br \/>\n<strong>K\u0131lavuzlar\u0131n dahili olarak s\u0131k\u0131la\u015ft\u0131r\u0131lmas\u0131<\/strong>Ek filtreler etkinle\u015ftirilir, e\u011fitim verileri s\u0131k\u0131la\u015ft\u0131r\u0131l\u0131r, sistem istemleri uyarlan\u0131r ve belirli form\u00fclasyonlar veya konular tamamen yasaklan\u0131r.<\/li>\n<\/ul>\n<p>\u201e\u00d6zg\u00fcrl\u00fck\u201c ve \u201ea\u00e7\u0131k s\u00f6ylem\u201c hakk\u0131nda konu\u015fmay\u0131 seven ayn\u0131 medya ortam\u0131, pratikte otosans\u00fcr i\u00e7in muazzam bir bask\u0131 yarat\u0131yor. \u015eirketler de bu bask\u0131y\u0131 kendi sistemlerine aktar\u0131yor.<\/p>\n<p>Her man\u015fette, her bok f\u0131rt\u0131nas\u0131nda, her toplumsal \u00f6fke dalgas\u0131nda koruyucu mekanizmalar daha da kat\u0131la\u015f\u0131yor. Sonu\u00e7, g\u00fcnl\u00fck hayatta deneyimledi\u011fimiz \u015feydir: Kullan\u0131c\u0131 normal bir soru sorar ve model sanki halka a\u00e7\u0131k bir bas\u0131n toplant\u0131s\u0131 d\u00fczenlemi\u015f gibi yan\u0131t verir. A\u011f\u0131rba\u015fl\u0131, profesyonel yard\u0131m yerine \u00f6z\u00fcr, mesafe koyma ve ahlaki kategorizasyonun bir kar\u0131\u015f\u0131m\u0131 s\u00f6z konusudur.<\/p>\n<h3>Kendi ba\u015f\u0131na bir hayat s\u00fcren g\u00fcvenlik y\u00f6nergeleri<\/h3>\n<p>Her b\u00fcy\u00fck \u015firkette kurallar vard\u0131r. Ba\u015flang\u0131\u00e7ta bunlar genellikle mant\u0131kl\u0131 ve nettir: ayr\u0131mc\u0131l\u0131k yok, \u015fiddeti y\u00fcceltmek yok, su\u00e7 i\u015flemeye te\u015fvik yok. Hi\u00e7 kimse bu t\u00fcr temel kurallar\u0131n mant\u0131kl\u0131 oldu\u011funa ciddi bir \u015fekilde kar\u015f\u0131 \u00e7\u0131kmayacakt\u0131r. Ancak uygulamada i\u015fler burada bitmiyor. Her olayda, her \u015fikayette, her kamuoyu tart\u0131\u015fmas\u0131nda yeni kurallar eklenir:<\/p>\n<ul>\n<li>ek bir \u201ee\u011fer-o zaman\u201c senaryosu,<\/li>\n<li>yeni bir \u00f6zel durum,<\/li>\n<li>ba\u015fka bir \u00f6zel paragraf,<\/li>\n<li>belirli ba\u011flamlar i\u00e7in bir istisnad\u0131r,<\/li>\n<li>ya da ifadenin \u00f6zellikle kat\u0131 bir \u015fekilde yorumlanmas\u0131.<\/li>\n<\/ul>\n<p>Y\u0131llar ge\u00e7tik\u00e7e, giderek yo\u011funla\u015fan bir spesifikasyon a\u011f\u0131 olu\u015fturulur. Bu a\u011f teknik ekipler taraf\u0131ndan filtrelere, istem katmanlar\u0131na, s\u0131n\u0131fland\u0131r\u0131c\u0131lara ve di\u011fer kontrol mekanizmalar\u0131na d\u00f6n\u00fc\u015ft\u00fcr\u00fcl\u00fcr. Ne kadar \u00e7ok katman eklenirse, bireysel durumlarda davran\u0131\u015f o kadar \u00f6ng\u00f6r\u00fclemez hale gelir. Sonunda, sistemi karakterize eden art\u0131k tek bir kural de\u011fil, t\u00fcm kurallar\u0131n toplam\u0131d\u0131r. Ve bu toplam, bir\u00e7ok kullan\u0131c\u0131n\u0131n hissetti\u011fi \u015feyi yarat\u0131r:<\/p>\n<ul>\n<li>kal\u0131c\u0131 bir frenleme etkisi,<\/li>\n<li>a\u015f\u0131r\u0131 ihtiyatl\u0131 olma e\u011filimi,<\/li>\n<li>\u201erisk 0 \u201c\u0131n \u201efayda 100 \u201cden daha \u00f6nemli oldu\u011fu bir g\u00f6r\u00fc\u015f.<\/li>\n<\/ul>\n<p>Bu t\u00fcr g\u00fcvenlik y\u00f6nergeleri bir kez olu\u015fturulduktan sonra bunlar\u0131 tersine \u00e7evirmenin neredeyse imkans\u0131z olmas\u0131 \u00f6zel bir sorundur. Hi\u00e7bir y\u00f6netici daha sonra \u015funu s\u00f6ylemek zorunda kalmak istemez: <em>\u201eDaha rahat bir yakla\u015f\u0131m benimsedik ve \u015fimdi bir \u015feyler oldu.\u201c<\/em> Bu y\u00fczden \u00fcst\u00fcne bir katman daha koymak daha iyi olur. Ve bir tane daha. Ve bir tane daha. Ba\u015flang\u0131\u00e7ta mant\u0131kl\u0131 bir koruyucu \u00f6nlem olarak ba\u015flayan \u015fey, kendi ba\u015f\u0131na bir hayat s\u00fcren bir sistem haline geliyor.<\/p>\n<h3>Ara sonu\u00e7: Kal\u0131c\u0131 g\u00f6zetim alt\u0131nda bir teknoloji<\/h3>\n<p>Bu fakt\u00f6rleri - uluslararas\u0131 d\u00fczenlemeler, sorumluluk bask\u0131s\u0131, medya mant\u0131\u011f\u0131 ve g\u00fcvenlik k\u0131lavuzlar\u0131n\u0131n ivmesi - \u00f6zetleyecek olursak ortaya net bir tablo \u00e7\u0131kmaktad\u0131r:<\/p>\n<ul>\n<li>B\u00fcy\u00fck bulut modelleri s\u00fcrekli inceleme alt\u0131ndad\u0131r.<\/li>\n<li>Herhangi bir yanl\u0131\u015f tepkinin yasal ve medyatik sonu\u00e7lar\u0131 olabilir.<\/li>\n<\/ul>\n<p>Bu ortamda, \u201e\u00e7ok az\u201c yerine \u201e\u00e7ok fazla \u201cy\u0131 filtrelemek i\u00e7in b\u00fcy\u00fck bir cazibe vard\u0131r. Kullan\u0131c\u0131 i\u00e7in sonu\u00e7: Yapay zeka art\u0131k tarafs\u0131z bir asistan gibi de\u011fil, daha \u00e7ok bir aya\u011f\u0131 s\u00fcrekli mahkeme salonunda, di\u011fer aya\u011f\u0131 bas\u0131n incelemesinde olan bir sistem gibi geliyor. \u0130\u015fte tam da bu noktada bir\u00e7ok kullan\u0131c\u0131n\u0131n orijinal beklentilerinden kopu\u015f ba\u015fl\u0131yor. Talimat almak, politik olarak \u00e7er\u00e7evelenmek ya da pedagojik olarak e\u015flik edilmek istemiyorlar. Kendilerini destekleyen bir ara\u00e7la \u00e7al\u0131\u015fmak, yazmak, programlamak, d\u00fc\u015f\u00fcnmek istiyorlar.<\/p>\n<p>\u0130\u015fte bu noktada, ilk ba\u015fta kula\u011fa neredeyse eski moda gelen ama asl\u0131nda son derece modern olan bir alternatif devreye giriyor: yerel yapay zeka, do\u011frudan kendi bilgisayar\u0131n\u0131zda, bulut olmadan, denetim olmadan, harici y\u00f6nergeler olmadan - kendi bilgisayar\u0131n\u0131z hari\u00e7. Bu nedenle bir sonraki b\u00f6l\u00fcm bu geli\u015fmenin sonu\u00e7lar\u0131n\u0131 ele almaktad\u0131r:<\/p>\n<p>Bulut yapay zekas\u0131n\u0131n kendi ihtiyat\u0131 nedeniyle h\u0131rsl\u0131 kullan\u0131c\u0131lar i\u00e7in giderek nas\u0131l kullan\u0131lamaz hale geldi\u011fi ve yerel modellerin nas\u0131l g\u00f6ze \u00e7arpmadan ama s\u00fcrekli olarak b\u00fcy\u00fck sa\u011flay\u0131c\u0131lar\u0131n a\u00e7t\u0131\u011f\u0131 bo\u015flu\u011fa do\u011fru b\u00fcy\u00fcd\u00fc\u011f\u00fc.<\/p>\n<p><img loading=\"lazy\" decoding=\"async\" class=\"alignnone wp-image-3928 size-large\" src=\"https:\/\/www.markus-schall.de\/wp-content\/uploads\/oberlehrer-lokale-ki.jpg\" alt=\"Yerel AI 1TP12Hayvanlar\" width=\"1024\" height=\"683\" srcset=\"https:\/\/www.markus-schall.de\/wp-content\/uploads\/oberlehrer-lokale-ki.jpg 1024w, https:\/\/www.markus-schall.de\/wp-content\/uploads\/oberlehrer-lokale-ki-300x200.jpg 300w, https:\/\/www.markus-schall.de\/wp-content\/uploads\/oberlehrer-lokale-ki-768x512.jpg 768w, https:\/\/www.markus-schall.de\/wp-content\/uploads\/oberlehrer-lokale-ki-18x12.jpg 18w\" sizes=\"auto, (max-width: 1024px) 100vw, 1024px\" \/><\/p>\n<h2>Bulut yapay zekas\u0131 giderek daha fazla filtreleniyor, ancak kullan\u0131c\u0131lar\u0131n tam tersine ihtiyac\u0131 var<\/h2>\n<p>Yapay zeka asistanlar\u0131n\u0131n arkas\u0131ndaki orijinal fikir basitti: kullan\u0131c\u0131 bir soru sorar - yapay zeka kesin, yararl\u0131 bir cevap verir. Laf\u0131 doland\u0131rmadan, dikkat da\u011f\u0131tmadan, talimat vermeden. Ancak g\u00fcn\u00fcm\u00fczde bir\u00e7ok bulut modelinde bu basitlik kaybolmu\u015f durumda. Kullan\u0131c\u0131 bir ara\u00e7 yerine bir t\u00fcr \u00f6ng\u00f6r\u00fc moderasyonu al\u0131yor. Sistemler sanki halka a\u00e7\u0131k bir podyumdaym\u0131\u015f gibi tepki veriyor ve her ifadeyi desteklemek, g\u00f6receli hale getirmek ya da kategorize etmek zorunda kal\u0131yor. Uygulamada bu durum paradoksal bir etkiye yol a\u00e7maktad\u0131r:<\/p>\n<p>G\u00f6rev ne kadar zorlay\u0131c\u0131 olursa, kendinizi o kadar geri \u00e7ekilmi\u015f hissedersiniz. Yarat\u0131c\u0131 bir \u015fekilde \u00e7al\u0131\u015fmak istiyorsan\u0131z - yazmak, programlamak, ara\u015ft\u0131rmak, analiz etmek - asl\u0131nda maksimum a\u00e7\u0131kl\u0131\u011fa ihtiyac\u0131n\u0131z var. Fikirleri \u00f6zg\u00fcrce ortaya koyan, hipotezleri test eden ve alternatifleri tart\u0131\u015fan bir yapay zeka. Ancak, yarat\u0131c\u0131 kapsam art\u0131k genellikle s\u0131n\u0131rl\u0131. Cesur d\u00fc\u015f\u00fcnce deneyleri yerine, temkinli bir ara\u015ft\u0131rma yap\u0131yoruz. Serbest analiz yerine, \u201eba\u011flamsalla\u015ft\u0131r\u0131lm\u0131\u015f ipu\u00e7lar\u0131\u201c var. Bir ara\u00e7 bir koruyucuya d\u00f6n\u00fc\u015f\u00fcr. Ve a\u00e7\u0131kl\u0131k ihtiyata d\u00f6n\u00fc\u015f\u00fcyor. \u0130ronik bir \u015fekilde bu, bulut yapay zekas\u0131n\u0131n tam da \u00fcretken insanlar\u0131n en \u00e7ok ihtiya\u00e7 duydu\u011fu alan\u0131 ele ge\u00e7irdi\u011fi anlam\u0131na geliyor.<\/p>\n<h3>Modellerdeki de\u011fi\u015fim: Daha da b\u00fcy\u00fck - ama daha s\u0131n\u0131rl\u0131<\/h3>\n<p>Bu, teknoloji tarihinin bir ironisidir: modeller b\u00fcy\u00fcd\u00fck\u00e7e, hareket alanlar\u0131 bazen o kadar k\u00fc\u00e7\u00fck g\u00f6r\u00fcn\u00fcr. GPT-5'in analitik, dilsel ve mant\u0131ksal olarak etkileyici oldu\u011funa \u015f\u00fcphe yok. Ancak ayn\u0131 zamanda, \u00f6ncekilerden belirgin bir \u015fekilde daha fazla d\u00fczenlenmi\u015f. Bir\u00e7ok kullan\u0131c\u0131 bunu deneyimliyor:<\/p>\n<ul>\n<li>Yapay zeka daha fazla anl\u0131yor ama daha az konu\u015fuyor.<\/li>\n<li>Karma\u015f\u0131k ili\u015fkilerin fark\u0131ndad\u0131r - ancak net ifadeler kullanmaktan ka\u00e7\u0131n\u0131r.<\/li>\n<li>Derinlemesine analiz edebilir - ancak kendi sonu\u00e7lar\u0131n\u0131 s\u00fcrekli olarak etkisiz hale getirir.<\/li>\n<\/ul>\n<p>Modeller milyonlarca parametre kazanm\u0131\u015ft\u0131r, ancak hissedilen \u00f6zg\u00fcrl\u00fc\u011f\u00fc kaybetmi\u015f olduklar\u0131d\u0131r. Bu teknik bir sorun de\u011fil, k\u00fclt\u00fcrel bir sorundur. B\u00fcy\u00fck sa\u011flay\u0131c\u0131lar risklere tepki verir ve bu risk minimizasyonu do\u011frudan modellerin tonuna yans\u0131r. Yapay zekan\u0131n b\u00fcy\u00fcd\u00fc\u011f\u00fc s\u00f6ylenebilir - ancak a\u015f\u0131r\u0131 korumac\u0131 bir yeti\u015fkin gibi davran\u0131yor. Ve onunla g\u00fcnl\u00fck olarak \u00e7al\u0131\u015fan herkes, bunun uzun vadede ne kadar yorucu olabilece\u011fini fark edecektir.<\/p>\n<h3>\u00d6deme modelinin paradoksu: hem \u00f6d\u00fcyorsunuz hem de limit al\u0131yorsunuz<\/h3>\n<p>Dijital d\u00fcnyada eskiden net bir ilke vard\u0131: Paray\u0131 \u00f6deyen daha fazla kontrole sahip olurdu. Ancak bulut yapay zekas\u0131 ile bu ilke tersine d\u00f6n\u00fcyor. \u00d6deme yapan kullan\u0131c\u0131lara bile genellikle a\u00e7\u0131k, yerel alternatiflerden daha k\u0131s\u0131tl\u0131 modeller veriliyor. Serbest\u00e7e kullan\u0131labilen a\u00e7\u0131k kaynak modelleri \u015fa\u015f\u0131rt\u0131c\u0131 derecede tarafs\u0131z, do\u011frudan ve yarat\u0131c\u0131yken, bir \u00fcr\u00fcn\u00fcn \u00fccretli versiyonu aniden daha a\u011f\u0131r \u015fekilde d\u00fczenlenmi\u015f, bazen yapay olarak k\u0131s\u0131tlanm\u0131\u015f bir versiyon gibi g\u00f6r\u00fcn\u00fcyor.<\/p>\n<p>Bu paradoks bir\u00e7ok kullan\u0131c\u0131y\u0131 rahats\u0131z ediyor ve ge\u00e7mi\u015fte neredeyse hi\u00e7 kimsenin sormad\u0131\u011f\u0131 bir soruya yol a\u00e7\u0131yor: Neden \u00fccretsiz bir yerel \u00e7\u00f6z\u00fcme k\u0131yasla daha az \u00f6zg\u00fcrl\u00fc\u011fe sahip olmak i\u00e7in para \u00f6d\u00fcyorum? Bu, onlarca y\u0131ll\u0131k yaz\u0131l\u0131m gelene\u011finden bir kopu\u015ftur. Kullan\u0131c\u0131 paras\u0131n\u0131n kar\u015f\u0131l\u0131\u011f\u0131n\u0131 bekler:<\/p>\n<ul>\n<li>daha fazla fonksiyon,<\/li>\n<li>daha fazla olas\u0131l\u0131k,<\/li>\n<li>daha fazla esneklik,<\/li>\n<li>daha fazla kontrol.<\/li>\n<\/ul>\n<p>Ancak bulut yapay zekas\u0131 ona bunun yerine teklifte bulunur:<\/p>\n<ul>\n<li>daha fazla filtre,<\/li>\n<li>daha fazla k\u0131s\u0131tlama,<\/li>\n<li>daha fazla pedagojik yerle\u015ftirme,<\/li>\n<li>kendi \u00e7al\u0131\u015fma s\u00fcre\u00e7leri \u00fczerinde daha az kontrole sahiptir.<\/li>\n<\/ul>\n<p>Bu da sekt\u00f6r\u00fcn, kullan\u0131c\u0131lar\u0131n ger\u00e7ek ihtiya\u00e7lar\u0131yla \u00e7eli\u015fen bir y\u00f6nde ilerledi\u011fi anlam\u0131na geliyor. Ve bir\u00e7o\u011fu etraf\u0131na bakmaya ba\u015fl\u0131yor.<\/p>\n<h3>Ortaya \u00e7\u0131kan bo\u015fluk: Bulutun art\u0131k yapamad\u0131klar\u0131<\/h3>\n<p>Bulut yapay zekalar\u0131 giderek daha fazla d\u00fczenlenirken, uzun zamand\u0131r kimsenin fark etmedi\u011fi bir bo\u015fluk b\u00fcy\u00fcyor: Sans\u00fcrs\u00fcz, \u00f6zg\u00fcr, do\u011frudan \u00e7al\u0131\u015fma ara\u00e7lar\u0131na duyulan ihtiya\u00e7. Derinlemesine d\u00fc\u015f\u00fcnen, yazan, programlayan veya uzmanl\u0131k ara\u015ft\u0131rmas\u0131 yapan insanlar bir \u015feylerin yanl\u0131\u015f gitti\u011fini hemen hissediyor:<\/p>\n<ul>\n<li>Yan\u0131tlar \u201eyumu\u015fat\u0131lm\u0131\u015f\u201c olarak kar\u015f\u0131m\u0131za \u00e7\u0131k\u0131yor.<\/li>\n<li>Kritik pasajlar a\u015f\u0131r\u0131 ihtiyatl\u0131 bir \u015fekilde form\u00fcle edilmi\u015ftir.<\/li>\n<li>Ger\u00e7ek tart\u0131\u015fma k\u00fclt\u00fcr\u00fcne art\u0131k neredeyse hi\u00e7 izin verilmiyor.<\/li>\n<li>Yarat\u0131c\u0131 s\u0131n\u0131rlar otomatik olarak ortadan kalkar.<\/li>\n<\/ul>\n<p>Sonu\u00e7 olarak, bulut modelleri ba\u015flang\u0131\u00e7ta onlar\u0131 bu kadar de\u011ferli k\u0131lan unsuru kaybediyor: kullan\u0131c\u0131ya alan sa\u011flayan bir t\u00fcr entelekt\u00fcel ba\u011f\u0131ms\u0131zl\u0131k. Dolay\u0131s\u0131yla bulut, k\u00f6t\u00fc niyetle de\u011fil ama yasal ve siyasi a\u00e7\u0131dan kendini koruma amac\u0131yla profesyonel kullan\u0131c\u0131lar\u0131n ihtiya\u00e7lar\u0131ndan giderek uzakla\u015f\u0131yor. Ancak bu kendini koruman\u0131n bir bedeli var.<\/p>\n<h3>Kar\u015f\u0131 hareket: K\u00fc\u00e7\u00fck yerel modeller h\u0131zla yayg\u0131nla\u015f\u0131yor<\/h3>\n<p>Bulut giderek daha fazla ihtiyata odaklan\u0131rken, yerel modeller son iki y\u0131lda b\u00fcy\u00fck bir h\u0131zla geli\u015fti. Art\u0131k 3-27 milyar parametreye sahip sistemler \u015fa\u015f\u0131rt\u0131c\u0131 bir kalite sunuyor. Baz\u0131 modeller g\u00fcnl\u00fck g\u00f6revlerde GPT-4'e kolayca yakla\u015f\u0131yor - filtre kademeleri olmadan, denetleme katmanlar\u0131 olmadan, ahlaki \u00e7er\u00e7eveleme olmadan. Bir zamanlar yaln\u0131zca \u00fcst d\u00fczey donan\u0131mlarla m\u00fcmk\u00fcn olan bu sistemler art\u0131k bir MacBook ya da Windows bilgisayarda \u00e7al\u0131\u015fabiliyor:<\/p>\n<ul>\n<li>llama3<\/li>\n<li>gpt-oss<\/li>\n<li>mistral<\/li>\n<li>phi3<\/li>\n<li>gemma<\/li>\n<li>qwen<\/li>\n<\/ul>\n<p>T\u00fcm bu modeller \u00fccretsiz olarak kullan\u0131labilir, yerel olarak \u00e7al\u0131\u015ft\u0131r\u0131labilir ve genellikle kullan\u0131ma haz\u0131r olmas\u0131 i\u00e7in Ollama veya OpenWebUI'de yaln\u0131zca birka\u00e7 t\u0131klama gerekir. Avantajlar\u0131 \u00e7ok a\u00e7\u0131kt\u0131r:<\/p>\n<ul>\n<li>Ders vermiyorlar.<\/li>\n<li>G\u00f6recele\u015ftirme yapmazlar.<\/li>\n<li>A\u015f\u0131r\u0131 filtreleme yapmazlar.<\/li>\n<li>Sadece kullan\u0131c\u0131ya itaat ederler - k\u00fcresel bir uyum departman\u0131na de\u011fil.<\/li>\n<\/ul>\n<p>Ba\u015fka bir deyi\u015fle, yerel yapay zeka teknolojinin k\u00f6klerine geri d\u00f6n\u00fcyor: basit\u00e7e \u00e7al\u0131\u015fan bir ara\u00e7. E\u011fer geli\u015fmelere \u00f6l\u00e7\u00fcl\u00fc bir \u015fekilde bakarsan\u0131z, resim nettir:<\/p>\n<ul>\n<li>Bulut giderek daha fazla d\u00fczenlemeye tabi hale geliyor.<\/li>\n<li>Yerel yapay zeka giderek daha g\u00fc\u00e7l\u00fc hale geliyor.<\/li>\n<\/ul>\n<p>Ancak kullan\u0131c\u0131lar, \u00f6zellikle yarat\u0131c\u0131 ve derinlemesine g\u00f6revler i\u00e7in a\u00e7\u0131k, filtrelenmemi\u015f bir \u00e7al\u0131\u015fma ortam\u0131na ihtiya\u00e7 duymaktad\u0131r. Bu, neredeyse ki\u015fisel bilgisayarlar\u0131n ana bilgisayarlar\u0131n yerini ald\u0131\u011f\u0131 zaman\u0131 an\u0131msatan tarihi bir d\u00f6n\u00fcm noktas\u0131d\u0131r. Prensip o zaman da \u015fimdi oldu\u011fu gibi ayn\u0131yd\u0131:<\/p>\n<p>Kendi teknolojiniz \u00fczerinde kontrol. Bulut YZ g\u00fc\u00e7l\u00fc olmaya devam ediyor - ancak k\u00fclt\u00fcrel olarak \u00f6zg\u00fcr de\u011fil. Yerel YZ daha k\u00fc\u00e7\u00fckt\u00fcr - ancak \u00fccretsizdir.<\/p>\n<div class=\"lyte-wrapper\" style=\"width:640px;max-width:100%;margin:5px;\"><div class=\"lyMe\" id=\"WYL_QX3UxUm09Sg\"><div id=\"lyte_QX3UxUm09Sg\" data-src=\"https:\/\/www.markus-schall.de\/wp-content\/plugins\/wp-youtube-lyte\/lyteCache.php?origThumbUrl=%2F%2Fi.ytimg.com%2Fvi%2FQX3UxUm09Sg%2Fhqdefault.jpg\" class=\"pL\"><div class=\"tC\"><div class=\"tT\"><\/div><\/div><div class=\"play\"><\/div><div class=\"ctrl\"><div class=\"Lctrl\"><\/div><div class=\"Rctrl\"><\/div><\/div><\/div><noscript><a href=\"https:\/\/youtu.be\/QX3UxUm09Sg\" rel=\"nofollow noopener\" target=\"_blank\"><img loading=\"lazy\" decoding=\"async\" src=\"https:\/\/www.markus-schall.de\/wp-content\/plugins\/wp-youtube-lyte\/lyteCache.php?origThumbUrl=https%3A%2F%2Fi.ytimg.com%2Fvi%2FQX3UxUm09Sg%2F0.jpg\" alt=\"YouTube video k\u00fc\u00e7\u00fck resmi\" width=\"640\" height=\"340\" \/><br \/>Bu videoyu YouTube'da izleyin<\/a><\/noscript><\/div><\/div><div class=\"lL\" style=\"max-width:100%;width:640px;margin:5px;\"><\/div><br \/>\nAI'y\u0131 yerel olarak kullan\u0131n - cihaz\u0131n\u0131zda tam kontrol ve veri korumas\u0131 | <a href=\"https:\/\/www.youtube.com\/@christophmagnussen\" target=\"_blank\" rel=\"noopener\">C. Magnussen<\/a><\/p>\n<h2>\u00c7\u00f6z\u00fcm: Yerel yapay zeka ve birka\u00e7 dakika i\u00e7inde nas\u0131l installier yap\u0131laca\u011f\u0131<\/h2>\n<p>Neredeyse eski bir gelene\u011fe d\u00f6n\u00fc\u015f gibi g\u00f6r\u00fcn\u00fcyor: teknoloji, de\u011ferini en do\u011frudan ortaya koyabilece\u011fi yere, yani kullan\u0131c\u0131n\u0131n ellerine aittir. Yerel yapay zeka tam da bunu m\u00fcmk\u00fcn k\u0131l\u0131yor. Bulut modelleri ko\u015fullara, g\u00fcvenlik ve politik k\u0131s\u0131tlamalara tabi olsa da, yerel YZ harici \u00f6rnekler veya y\u00f6nergeler olmadan yaln\u0131zca kullan\u0131c\u0131n\u0131n kendi bilgisayar\u0131nda \u00e7al\u0131\u015f\u0131r.<\/p>\n<p>Bu, son y\u0131llarda kaybedilen temel bir ilkeyi geri getiriyor: yaz\u0131l\u0131mlar\u0131n\u0131n ne yapmas\u0131na izin verilece\u011fine kullan\u0131c\u0131 karar verir - k\u00fcresel bir hizmet sa\u011flay\u0131c\u0131 de\u011fil. Yerel Yapay Zeka:<\/p>\n<ul>\n<li>harici sunucularda herhangi bir veri depolamaz,<\/li>\n<li>herhangi bir filtre sistemine tabi de\u011fildir,<\/li>\n<li>siyasi olarak dayat\u0131lan hi\u00e7bir k\u0131s\u0131tlama tan\u0131maz,<\/li>\n<li>kendi girdilerine serbest\u00e7e ve do\u011frudan tepki verir,<\/li>\n<li>ve aboneliklerden veya sunucu durumundan ba\u011f\u0131ms\u0131z olarak her zaman kullan\u0131labilir.<\/li>\n<\/ul>\n<p>B\u00f6ylece teknoloji bir kez daha onlarca y\u0131ld\u0131r oldu\u011fu \u015feye d\u00f6n\u00fc\u015f\u00fcyor: k\u00fcresel bir altyap\u0131da uzaktan kumanda edilen bir cihaz de\u011fil, kullan\u0131c\u0131n\u0131n at\u00f6lyesindeki bir ara\u00e7.<\/p>\n<h3>Modern donan\u0131m: G\u00fcn\u00fcm\u00fczde bir Mac veya Windows PC neden m\u00fckemmel \u015fekilde yeterlidir?<\/h3>\n<p>Sadece birka\u00e7 y\u0131l \u00f6nce, yerel yapay zeka sadece pahal\u0131 GPU donan\u0131m\u0131na sahip uzmanlar i\u00e7in bir \u015feydi. Bug\u00fcn ise durum farkl\u0131. Modern i\u015flemci mimarileri - \u00f6zellikle de Apple'nin M \u00e7ipleri - daha \u00f6nce yaln\u0131zca b\u00fcy\u00fck veri merkezleri i\u00e7in ayr\u0131lm\u0131\u015f olan k\u00fc\u00e7\u00fck bir alanda bilgi i\u015flem g\u00fcc\u00fc sa\u011fl\u0131yor. Normal bir MacBook Air veya Windows diz\u00fcst\u00fc bilgisayar bile art\u0131k yapay zeka modellerini yerel olarak \u00e7al\u0131\u015ft\u0131rabiliyor. \u00d6zellikle Mac'ler birle\u015fik bellek mimarileriyle bir avantaja sahiptir: Yapay zeka modellerini karma\u015f\u0131k s\u00fcr\u00fcc\u00fcler olmadan do\u011frudan CPU ve GPU \u00fczerinde kullanabilirler. Tipik konfig\u00fcrasyonlar tamamen yeterlidir:<\/p>\n<ul>\n<li><strong>Mac<\/strong> M1, M2, M3 ile - 16 GB RAM'den itibaren rahat<\/li>\n<li><strong>Windows PC<\/strong> modern bir CPU ile - veya iste\u011fe ba\u011fl\u0131 olarak daha fazla h\u0131z i\u00e7in bir GPU ile<\/li>\n<\/ul>\n<p>Ve en \u00f6nemlisi: art\u0131k herhangi bir teknik arka plan bilgisine ihtiyac\u0131n\u0131z yok. Python ortamlar\u0131n\u0131 manuel olarak kurman\u0131z veya \u015fifreli komut sat\u0131r\u0131 komutlar\u0131n\u0131 yazman\u0131z gereken g\u00fcnler geride kald\u0131. Bug\u00fcn, her \u015fey basit kurulum paketleri arac\u0131l\u0131\u011f\u0131yla \u00e7al\u0131\u015f\u0131yor.<\/p>\n<h3>Ollama: Yeni basitlik (ve yerel yapay zekan\u0131n gizli standard\u0131)<\/h3>\n<p>Ollama art\u0131k Mac ve Windows'ta yerel yapay zeka i\u00e7in tart\u0131\u015fmas\u0131z standartt\u0131r. Basit, istikrarl\u0131 ve klasik bir felsefeyi takip ediyor:<\/p>\n<p>M\u00fcmk\u00fcn oldu\u011funca az \u00e7aba, gerekti\u011fi kadar \u00f6zg\u00fcrl\u00fck. Eskiden terminale gitmeniz gerekirdi, ancak bug\u00fcnlerde bu bile iste\u011fe ba\u011fl\u0131. Kurulum sadece birka\u00e7 ad\u0131mda yap\u0131l\u0131r:<\/p>\n<ul>\n<li>Mac'te Ollama installieren<\/li>\n<li>Do\u011frudan kurulum paketini (DMG) indirin<\/li>\n<li>Uygulamay\u0131 a\u00e7\u0131n, tamam<\/li>\n<\/ul>\n<p>T\u00fcm s\u00fcre\u00e7 genellikle \u00fc\u00e7 dakikadan az s\u00fcr\u00fcyor. Bu da yerel yapay zekan\u0131n ne kadar ilerledi\u011fini g\u00f6steriyor: bir model indiriyorsunuz ve \u00e7al\u0131\u015f\u0131yor. Bulut yok, abonelik yok, risk yok. Ollama art\u0131k bir kullan\u0131c\u0131 aray\u00fcz\u00fc ile birlikte geliyor, b\u00f6ylece hemen ba\u015flayabilirsiniz. Ollama'deki yerel yapay zekan\u0131z\u0131 ak\u0131ll\u0131 telefonunuzda da kullanmak istiyorsan\u0131z, \u201e<em><strong>Dizginler - Ollama i\u00e7in Sohbet\u201c<\/strong><\/em>\u00a0ve hareket halindeyken yerel yapay zekay\u0131 kullan\u0131n.<\/p>\n<h3>Modelleri y\u00fcklemek ve kullanmak - m\u00fczik dinlemek kadar kolay<\/h3>\n<p>Ollama modelleri, model kaps\u00fclleri olarak adland\u0131r\u0131lan \u201ehaz\u0131r paketler\u201c olarak sa\u011flar. Bunlar\u0131 bir dosya gibi y\u00fcklersiniz - ve hemen onlarla \u00e7al\u0131\u015fabilirsiniz. Y\u00fckleme, boyuta ba\u011fl\u0131 olarak birka\u00e7 saniye s\u00fcrer. Ard\u0131ndan sohbet a\u00e7\u0131l\u0131r - ve yazabilir, form\u00fcle edebilir, analiz edebilir, d\u00fc\u015f\u00fcnebilir ve tasarlayabilirsiniz. Hemen fark edilen \u015fey:<\/p>\n<ul>\n<li>Modeller \u00f6zg\u00fcrce tepki veriyor, beceriksizce de\u011fil.<\/li>\n<li>Hi\u00e7bir ahlaki \u00f6ns\u00f6z yoktur.<\/li>\n<li>Pedagojik olarak parmakla g\u00f6sterme s\u00f6z konusu de\u011fildir.<\/li>\n<\/ul>\n<p>Yine do\u011frudan, net ifadeler al\u0131rs\u0131n\u0131z. Bulutla aras\u0131ndaki ger\u00e7ek fark da burada ortaya \u00e7\u0131k\u0131yor: yerel yapay zeka geleneksel bir ara\u00e7 gibi tepki veriyor - m\u00fcdahale etmiyor. Bir\u00e7oklar\u0131 i\u00e7in bu ger\u00e7ek bir \u00f6zg\u00fcrl\u00fckt\u00fcr, \u00e7\u00fcnk\u00fc daha \u00f6nce GPT-4 ile al\u0131\u015ft\u0131\u011f\u0131n\u0131z i\u015f ak\u0131\u015f\u0131n\u0131 geri al\u0131rs\u0131n\u0131z.<\/p>\n<h3>Grafik kullan\u0131c\u0131 aray\u00fczleri ile \u00e7al\u0131\u015fma: OpenWebUI, LM Studio ve di\u011ferleri<\/h3>\n<p>Tamamen terminalsiz \u00e7al\u0131\u015fmak istiyorsan\u0131z, bir grafik kullan\u0131c\u0131 aray\u00fcz\u00fc kullan\u0131n. En pop\u00fcler ara\u00e7lar \u015funlard\u0131r<\/p>\n<ul>\n<li><strong>OpenWebUI<\/strong> - Haf\u0131za fonksiyonu, model se\u00e7imi, belge y\u00fckleme, g\u00f6r\u00fcnt\u00fc olu\u015fturma ile modern sohbet aray\u00fcz\u00fc<\/li>\n<li><strong>LM St\u00fcdyo<\/strong> - \u00d6zellikle basit, yeni ba\u015flayanlar i\u00e7in ideal<\/li>\n<li><strong>AnythingLLM<\/strong> - eksiksiz bilgi veritabanlar\u0131 ve belge analizi i\u00e7in<\/li>\n<\/ul>\n<p>Bu y\u00fczeyler bir\u00e7ok avantaj sunar:<\/p>\n<ul>\n<li>Buluttaki gibi sohbet ge\u00e7mi\u015fleri<\/li>\n<li>Bir fare t\u0131klamas\u0131yla model y\u00f6netimi<\/li>\n<li>Sistem istemlerini ayarlama<\/li>\n<li>Paralel olarak birka\u00e7 model kullan\u0131n<\/li>\n<li>Dosyalar\u0131 s\u00fcr\u00fckle ve b\u0131rak yoluyla analiz edin<\/li>\n<\/ul>\n<p>Bu da yerel yapay zekay\u0131 sadece g\u00fc\u00e7l\u00fc de\u011fil, ayn\u0131 zamanda kullan\u0131\u015fl\u0131 hale getiriyor. Arka planda neler olup bitti\u011fini bilmenize bile gerek yok - ve yerel modellerin yeni g\u00fcc\u00fc de tam olarak bu: kullan\u0131c\u0131 ile g\u00f6revi aras\u0131na girmiyorlar.<\/p>\n<h3>Gizlilik ve kontrol: en \u00f6nemli arg\u00fcman<\/h3>\n<p>Genellikle hafife al\u0131nan ancak \u00f6n\u00fcm\u00fczdeki y\u0131llarda \u00e7ok \u00f6nemli olacak bir nokta: Yerel yapay zeka bilgisayar\u0131 asla terk etmez.<\/p>\n<ul>\n<li>Bulut yok<\/li>\n<li>Veri iletimi yok<\/li>\n<li>Kay\u0131t yok<\/li>\n<li>Zorunlu abonelik yok<\/li>\n<li>\u00dc\u00e7\u00fcnc\u00fc taraflarca analiz yap\u0131lmaz<\/li>\n<\/ul>\n<p>Gizli belgeler, dahili kay\u0131tlar, i\u015f konseptleri veya \u00f6zel notlar bile risksiz bir \u015fekilde analiz edilebilir. Bu, hem yasal hem de pratik olarak bulut modelinde yaln\u0131zca s\u0131n\u0131rl\u0131 bir \u00f6l\u00e7\u00fcde m\u00fcmk\u00fcnd\u00fcr. Bu nedenle yerel yapay zeka, giderek daha fazla d\u00fczenlenen ve izlenen teknolojik bir d\u00fcnyada giderek daha \u00f6nemli hale gelen dijital ba\u011f\u0131ms\u0131zl\u0131\u011f\u0131n bir par\u00e7as\u0131d\u0131r.<\/p>\n<h3>Kalite \u00f6rnekleri: Yerel modellerin bug\u00fcn halihaz\u0131rda ba\u015fard\u0131klar\u0131<\/h3>\n<p>Bir\u00e7ok ki\u015fi yerel modellerin ne kadar iyi hale geldi\u011fini hafife al\u0131yor. Mevcut nesiller - llama3, gemma, phi3, mistral - g\u00fcnl\u00fck g\u00f6revlerin 90 %'si i\u00e7in fazlas\u0131yla yeterli bir kaliteyle g\u00f6revleri \u00e7\u00f6zmektedir:<\/p>\n<ul>\n<li>Taslak metinler<\/li>\n<li>Makale<\/li>\n<li>Analizler<\/li>\n<li>yarat\u0131c\u0131 fikirler<\/li>\n<li>\u00d6zetler<\/li>\n<li>Program kodu<\/li>\n<li>Taslak stratejiler<\/li>\n<li>Ara\u015ft\u0131rma notlar\u0131<\/li>\n<\/ul>\n<p>Ve bunu gecikme olmadan, filtreler olmadan, basamakl\u0131 y\u00f6nergeler olmadan yaparlar. Kullan\u0131c\u0131 yine do\u011frudan yan\u0131tlar al\u0131yor - arac\u0131n saf \u00f6z\u00fc. Sonu\u00e7, pek \u00e7ok ki\u015finin art\u0131k beklemedi\u011fi bir \u015fey: bilgi i\u015flem g\u00fcc\u00fcn\u00fcn bir kez daha d\u0131\u015f kaynakl\u0131 de\u011fil yerel oldu\u011fu ki\u015fisel bilgi i\u015flem k\u00fclt\u00fcr\u00fcn\u00fcn r\u00f6nesans\u0131.<\/p>\n<h3>\u0130leriye bakmak: gelece\u011fin lider k\u00fclt\u00fcr\u00fc olarak yerel yapay zeka<\/h3>\n<p>Her \u015fey uzun vadeli bir geli\u015fimin ba\u015flang\u0131c\u0131nda oldu\u011fumuzu g\u00f6steriyor. Yapay zeka sekt\u00f6r\u00fc iki kulvarda geli\u015fecek:<\/p>\n<ul>\n<li>ve <strong>Bulut hatt\u0131<\/strong>, d\u00fczenleme, g\u00fcvenlik, kurumsal \u00e7\u0131karlar ile karakterize edilen - verimli ancak temkinli<\/li>\n<li>ve <strong>yerel hat<\/strong>, \u00d6zg\u00fcrl\u00fck, a\u00e7\u0131kl\u0131k ve deney yapma sevinci ile karakterize edilen - k\u00fc\u00e7\u00fck ama kendinden emin<\/li>\n<\/ul>\n<p>Profesyonel kullan\u0131c\u0131lar, yazarlar, geli\u015ftiriciler, ara\u015ft\u0131rmac\u0131lar, kreatifler ve giri\u015fimciler i\u00e7in bu karar neredeyse kesin bir sonu\u00e7tur:<br \/>\n\u00dcretken \u00e7al\u0131\u015fman\u0131n gelece\u011fi, sizin ba\u011f\u0131ms\u0131z oldu\u011funuz yerde yat\u0131yor. Ve o yer bulut de\u011fil.<\/p>\n<p>Masan\u0131n \u00fczerinde duruyor.<\/p>\n<h2>Dergideki di\u011fer makaleler<\/h2>\n<p>Bu genel bak\u0131\u015ftan sonra i\u015fin pratik y\u00f6n\u00fcn\u00fc daha derinlemesine incelemek isterseniz, dergide yerel yapay zeka konusuna \u00e7ok farkl\u0131 a\u00e7\u0131lardan \u0131\u015f\u0131k tutan bir dizi ayr\u0131nt\u0131l\u0131 makale bulacaks\u0131n\u0131z.<\/p>\n<p>Ba\u015f makale \u00f6zellikle tavsiye edilir <a href=\"https:\/\/www.markus-schall.de\/tr\/2025\/08\/local-ki-on-the-mac-like-this-1tp12ollama-ile-bir-dil-modeli-olusturmak-icin\/\"><em><strong>\u201eMac'te Yerel Yapay Zeka - Ollama ile bir dil modeli nas\u0131l installiere edilir\u201c<\/strong><\/em><\/a>, Modern yapay zekay\u0131 kendi bilgisayar\u0131n\u0131zda \u00e7al\u0131\u015ft\u0131rman\u0131n ne kadar kolay oldu\u011funu ad\u0131m ad\u0131m g\u00f6steriyor.<\/p>\n<p>Buna ek olarak, a\u00e7\u0131klar <a href=\"https:\/\/www.markus-schall.de\/tr\/2025\/08\/ollama-qdrant-i%cc%87le-bulusuyor-macte-ki%cc%87ni%cc%87z-i%cc%87ci%cc%87n-yerel-bi%cc%87r-bellek\/\"><em><strong>\u201eOllama Qdrant ile bulu\u015fuyor - Mac'te yapay zekan\u0131z i\u00e7in yerel bir bellek\u201c<\/strong><\/em><\/a>, Modellerin projeleri koruyacak, bilgi durumlar\u0131n\u0131 kaydedecek ve b\u00f6ylece ilk kez ger\u00e7ek bir ki\u015fisel \u00e7al\u0131\u015fma ortam\u0131 yaratacak \u015fekilde nas\u0131l yap\u0131land\u0131r\u0131laca\u011f\u0131.<\/p>\n<p>Dergi ayn\u0131 zamanda kurumsal ba\u011flamda da net vurgular yap\u0131yor: <a href=\"https:\/\/www.markus-schall.de\/tr\/2025\/09\/gfm-i%cc%87sletmesi%cc%87-ve-erpni%cc%87n-gelecegi%cc%87-buluta-bagimlilik-yeri%cc%87ne-yerel-zeka\/\"><em><strong>\u201egFM-Business ve ERP'nin gelece\u011fi - bulut ba\u011f\u0131ml\u0131l\u0131\u011f\u0131 yerine yerel zeka\u201c<\/strong><\/em><\/a> \u015firketlerin kendilerini uzun vadeli d\u0131\u015f ba\u011f\u0131ml\u0131l\u0131klara s\u00fcr\u00fcklemeden yapay zekay\u0131 mevcut altyap\u0131lar\u0131na nas\u0131l g\u00fcvenle entegre edebileceklerini g\u00f6steriyor.<\/p>\n<p>Makale <a href=\"https:\/\/www.markus-schall.de\/tr\/2025\/10\/di%cc%87ji%cc%87tal-bagimlilik-oezerkli%cc%87gi%cc%87mi%cc%87zi%cc%87-buluta-nasil-kaptirdik\/\"><em><strong>\u201eDijital ba\u011f\u0131ml\u0131l\u0131k - \u00f6zerkli\u011fimizi buluta nas\u0131l kapt\u0131rd\u0131k?\u201c<\/strong><\/em><\/a> \u00d6te yandan, zaman\u0131m\u0131z\u0131n b\u00fcy\u00fck resmine \u0131\u015f\u0131k tutuyor: neden fark\u0131na varmadan bir\u00e7ok \u00f6zg\u00fcrl\u00fckten vazge\u00e7tik ve yerel sistemler bunlar\u0131 yeniden kazanmam\u0131za nas\u0131l yard\u0131mc\u0131 olabilir?.<\/p>\n<p>Buna ek olarak <a href=\"https:\/\/www.markus-schall.de\/tr\/2025\/10\/buguen-ki-uzmanlari-nasil-yeti%cc%87sti%cc%87ri%cc%87li%cc%87r-si%cc%87rketler-ve-stajyerler-i%cc%87ci%cc%87n-firsatlar\/\"><em><strong>\u201eYapay zeka uzmanlar\u0131 bug\u00fcn nas\u0131l e\u011fitilir - \u015firketler ve stajyerler i\u00e7in f\u0131rsatlar\u201c<\/strong><\/em><\/a> \u015eimdi ad\u0131m atmak isteyen \u015firketler i\u00e7in: pratik, pahal\u0131 b\u00fcy\u00fck \u00f6l\u00e7ekli sistemler olmadan, ancak gelecek i\u00e7in ger\u00e7ek beklentilerle.<\/p>\n<p>Teknik d\u00fczeyde a\u00e7\u0131klay\u0131n <a href=\"https:\/\/www.markus-schall.de\/tr\/2025\/11\/apple-mlx-vs-nvidia-macte-yerel-ki-cikarimi-nasil-calisir\/\"><em><strong>\u201eApple MLX NVIDIA'ya kar\u015f\u0131 - Mac'te yerel yapay zeka \u00e7\u0131kar\u0131m\u0131 nas\u0131l \u00e7al\u0131\u015f\u0131r?\u201c<\/strong><\/em><\/a> ve genel bak\u0131\u015f makalesi<\/p>\n<p><a href=\"https:\/\/www.markus-schall.de\/tr\/2025\/11\/ki-studio-2025-mac-studiodan-rtx-3090a-hangi-donanim-gercekten-buna-deger\/\"><em><strong>\u201eAI Studio 2025 - Mac Studio'dan RTX 3090\u201ca hangi donan\u0131m ger\u00e7ekten buna de\u011fer?\"<\/strong><\/em><\/a>, Farkl\u0131 kullan\u0131m durumlar\u0131 i\u00e7in hangi platformlar\u0131n uygun oldu\u011fu ve kendi kaynaklar\u0131n\u0131z\u0131n kullan\u0131m\u0131n\u0131 nas\u0131l optimize edece\u011finiz.<\/p>\n<p>Bu makaleler birlikte, yaln\u0131zca yerel yapay zekay\u0131 kullanmak de\u011fil, ayn\u0131 zamanda onu anlamak ve \u00e7al\u0131\u015fma ortamlar\u0131na g\u00fcvenle entegre etmek isteyen herkes i\u00e7in kompakt bir temel olu\u015fturmaktad\u0131r.<\/p>\n<hr \/>\n\n\t\t\t<div class=\"display-post-types\">\n\n\t\t\t\t\t\t\t<style type=\"text\/css\">\n\t\t\t#dpt-wrapper-329 { --dpt-text-align: left;--dpt-image-crop: center;--dpt-border-radius: 5px;--dpt-h-gutter: 10px;--dpt-v-gutter: 9px; }\t\t\t<\/style>\n\t\t\t<style type=\"text\/css\">#dpt-wrapper-329 { --dpt-title-font-style:normal;--dpt-title-font-weight:600;--dpt-title-line-height:1.5;--dpt-title-text-decoration:none;--dpt-title-text-transform:none;--dpt-excerpt-font-style:normal;--dpt-excerpt-font-weight:400;--dpt-excerpt-line-height:1.5;--dpt-excerpt-text-decoration:none;--dpt-excerpt-text-transform:none;--dpt-meta1-font-style:normal;--dpt-meta1-font-weight:400;--dpt-meta1-line-height:1.9;--dpt-meta1-text-decoration:none;--dpt-meta1-text-transform:none;--dpt-meta2-font-style:normal;--dpt-meta2-font-weight:400;--dpt-meta2-line-height:1.9;--dpt-meta2-text-decoration:none;--dpt-meta2-text-transform:none; }<\/style><div class=\"dpt-main-header\">\n\t\t\t\t\t\t<div class=\"dpt-main-title\">\n\t\t\t\t\t\t\t<span class=\"dpt-main-title-text\">G\u00fcn\u00fcm\u00fcz\u00fcn sosyal sorunlar\u0131<\/span>\n\t\t\t\t\t\t<\/div>\n\t\t\t\t\t\t\n\t\t\t\t\t\t\n\t\t\t\t\t\t\n\t\t\t\t\t\t<\/div>\t\t\t\n\t\t\t\t<div id=\"dpt-wrapper-329\" class=\"dpt-wrapper dpt-mag1 land1 dpt-cropped dpt-flex-wrap\" >\n\n\t\t\t\t\t\t\t\t\t\t\t<div class=\"dpt-entry has-thumbnail\" data-title=\"kriegst\u00fcchtigkeit, wehrpflicht &#038; verweigerung: was im ernstfall zu tun ist\" data-id=\"2966\"  data-category=\"allgemein b\u00fccher gesellschaft tipps &amp; anleitungen\" data-post_tag=\"buch deutschland geopolitik gesundheit krisen pers\u00f6nlichkeitsentwicklung ratgeber sicherheitspolitik\">\n\t\t\t\t\t\t\t<div class=\"dpt-entry-wrapper\"><div class=\"dpt-featured-content\"><div class=\"dpt-permalink\"><a href=\"https:\/\/www.markus-schall.de\/tr\/2025\/09\/askerli%cc%87k-hi%cc%87zmeti%cc%87ne-karsi-vi%cc%87cdani%cc%87-ret-aci%cc%87l-durumlarda-ne-yapilmali\/\" class=\"dpt-permalink\"><span class=\"screen-reader-text\">Sava\u015fa uygunluk, zorunlu askerlik ve ret: acil bir durumda ne yapmal\u0131<\/span><\/a><\/div><div class=\"dpt-thumbnail\"><div class=\"dpt-thumbnail-inner\"><img width=\"1536\" height=\"1024\" class=\"attachment-full size-full\" alt=\"Zorunlu askerlik: askerlik hizmetini reddetmek\" context=\"dpt\" data-dpt-src=\"https:\/\/www.markus-schall.de\/wp-content\/uploads\/wehrpflicht-kriegsdienst-verweigern.jpg\" data-dpt-sizes=\"(max-width: 1536px) 100vw, 1536px\" data-dpt-srcset=\"https:\/\/www.markus-schall.de\/wp-content\/uploads\/wehrpflicht-kriegsdienst-verweigern.jpg 1536w, https:\/\/www.markus-schall.de\/wp-content\/uploads\/wehrpflicht-kriegsdienst-verweigern-300x200.jpg 300w, https:\/\/www.markus-schall.de\/wp-content\/uploads\/wehrpflicht-kriegsdienst-verweigern-1024x683.jpg 1024w, https:\/\/www.markus-schall.de\/wp-content\/uploads\/wehrpflicht-kriegsdienst-verweigern-768x512.jpg 768w, https:\/\/www.markus-schall.de\/wp-content\/uploads\/wehrpflicht-kriegsdienst-verweigern-18x12.jpg 18w\" \/><\/div><span class=\"dpt-thumbnail-aspect-ratio\" style=\"padding-top: 75%\"><\/span><\/div><\/div><div class=\"sub-entry\"><h3 class=\"dpt-title\"><a class=\"dpt-title-link\" href=\"https:\/\/www.markus-schall.de\/tr\/2025\/09\/askerli%cc%87k-hi%cc%87zmeti%cc%87ne-karsi-vi%cc%87cdani%cc%87-ret-aci%cc%87l-durumlarda-ne-yapilmali\/\" rel=\"bookmark\">Sava\u015fa uygunluk, zorunlu askerlik ve ret: acil bir durumda ne yapmal\u0131<\/a><\/h3><\/div><\/div>\n\t\t\t\t\t\t<\/div><!-- .dpt-entry -->\n\t\t\t\t\t\t\t\t\t\t\t\t<div class=\"dpt-entry has-thumbnail\" data-title=\"die krimtataren \u2013 geschichte, herkunft und gegenwart eines vergessenen volkes\" data-id=\"4154\"  data-category=\"allgemein gesellschaft kunst &amp; kultur\" data-post_tag=\"europa geopolitik krisen meinungsfreiheit\">\n\t\t\t\t\t\t\t<div class=\"dpt-entry-wrapper\"><div class=\"dpt-featured-content\"><div class=\"dpt-permalink\"><a href=\"https:\/\/www.markus-schall.de\/tr\/2025\/12\/kirim-tatarlari-unutulmus-bi%cc%87r-halkin-tari%cc%87hi%cc%87-koekeni%cc%87-ve-buguenue\/\" class=\"dpt-permalink\"><span class=\"screen-reader-text\">K\u0131r\u0131m Tatarlar\u0131 - unutulmu\u015f bir halk\u0131n tarihi, k\u00f6kenleri ve bug\u00fcn\u00fc<\/span><\/a><\/div><div class=\"dpt-thumbnail\"><div class=\"dpt-thumbnail-inner\"><img width=\"1024\" height=\"683\" class=\"attachment-full size-full\" alt=\"K\u0131r\u0131m-Tartar bozk\u0131rlar\u0131\" context=\"dpt\" data-dpt-src=\"https:\/\/www.markus-schall.de\/wp-content\/uploads\/Krimtartaren-Steppe.jpg\" data-dpt-sizes=\"(max-width: 1024px) 100vw, 1024px\" data-dpt-srcset=\"https:\/\/www.markus-schall.de\/wp-content\/uploads\/Krimtartaren-Steppe.jpg 1024w, https:\/\/www.markus-schall.de\/wp-content\/uploads\/Krimtartaren-Steppe-300x200.jpg 300w, https:\/\/www.markus-schall.de\/wp-content\/uploads\/Krimtartaren-Steppe-768x512.jpg 768w, https:\/\/www.markus-schall.de\/wp-content\/uploads\/Krimtartaren-Steppe-18x12.jpg 18w\" \/><\/div><span class=\"dpt-thumbnail-aspect-ratio\" style=\"padding-top: 75%\"><\/span><\/div><\/div><div class=\"sub-entry\"><h3 class=\"dpt-title\"><a class=\"dpt-title-link\" href=\"https:\/\/www.markus-schall.de\/tr\/2025\/12\/kirim-tatarlari-unutulmus-bi%cc%87r-halkin-tari%cc%87hi%cc%87-koekeni%cc%87-ve-buguenue\/\" rel=\"bookmark\">K\u0131r\u0131m Tatarlar\u0131 - unutulmu\u015f bir halk\u0131n tarihi, k\u00f6kenleri ve bug\u00fcn\u00fc<\/a><\/h3><\/div><\/div>\n\t\t\t\t\t\t<\/div><!-- .dpt-entry -->\n\t\t\t\t\t\t\t\t\t\t\t\t<div class=\"dpt-entry has-thumbnail\" data-title=\"auswandern nach tschechien: mein weg, meine gr\u00fcnde, meine pl\u00e4ne\" data-id=\"3069\"  data-category=\"allgemein gesellschaft\" data-post_tag=\"auswandern erfahrungen krisen pers\u00f6nlichkeitsentwicklung ratgeber\">\n\t\t\t\t\t\t\t<div class=\"dpt-entry-wrapper\"><div class=\"dpt-featured-content\"><div class=\"dpt-permalink\"><a href=\"https:\/\/www.markus-schall.de\/tr\/2025\/10\/cek-cumhuri%cc%87yeti%cc%87ne-goec-etmek-beni%cc%87m-yolum-beni%cc%87m-nedenleri%cc%87m-beni%cc%87m-planlarim\/\" class=\"dpt-permalink\"><span class=\"screen-reader-text\">\u00c7ek Cumhuriyeti'ne g\u00f6\u00e7 etmek: Yolum, nedenlerim, planlar\u0131m<\/span><\/a><\/div><div class=\"dpt-thumbnail\"><div class=\"dpt-thumbnail-inner\"><img width=\"2560\" height=\"1558\" class=\"attachment-full size-full\" alt=\"\u00c7ek Cumhuriyeti&#039;ne G\u00f6\u00e7 Etmek\" context=\"dpt\" data-dpt-src=\"https:\/\/www.markus-schall.de\/wp-content\/uploads\/auswandern-tschechien-titel-scaled.jpg\" data-dpt-sizes=\"(max-width: 2560px) 100vw, 2560px\" data-dpt-srcset=\"https:\/\/www.markus-schall.de\/wp-content\/uploads\/auswandern-tschechien-titel-scaled.jpg 2560w, https:\/\/www.markus-schall.de\/wp-content\/uploads\/auswandern-tschechien-titel-300x183.jpg 300w, https:\/\/www.markus-schall.de\/wp-content\/uploads\/auswandern-tschechien-titel-1024x623.jpg 1024w, https:\/\/www.markus-schall.de\/wp-content\/uploads\/auswandern-tschechien-titel-768x467.jpg 768w, https:\/\/www.markus-schall.de\/wp-content\/uploads\/auswandern-tschechien-titel-1536x935.jpg 1536w, https:\/\/www.markus-schall.de\/wp-content\/uploads\/auswandern-tschechien-titel-2048x1246.jpg 2048w, https:\/\/www.markus-schall.de\/wp-content\/uploads\/auswandern-tschechien-titel-18x12.jpg 18w\" \/><\/div><span class=\"dpt-thumbnail-aspect-ratio\" style=\"padding-top: 75%\"><\/span><\/div><\/div><div class=\"sub-entry\"><h3 class=\"dpt-title\"><a class=\"dpt-title-link\" href=\"https:\/\/www.markus-schall.de\/tr\/2025\/10\/cek-cumhuri%cc%87yeti%cc%87ne-goec-etmek-beni%cc%87m-yolum-beni%cc%87m-nedenleri%cc%87m-beni%cc%87m-planlarim\/\" rel=\"bookmark\">\u00c7ek Cumhuriyeti'ne g\u00f6\u00e7 etmek: Yolum, nedenlerim, planlar\u0131m<\/a><\/h3><\/div><\/div>\n\t\t\t\t\t\t<\/div><!-- .dpt-entry -->\n\t\t\t\t\t\t\t\t\t\t\t\t<div class=\"dpt-entry has-thumbnail\" data-title=\"der iran\u2013israel-konflikt: warum diese eskalation der strategische albtraum des westens ist\" data-id=\"5212\"  data-category=\"allgemein gesellschaft\" data-post_tag=\"denkmodelle energiepolitik europa geopolitik krisen k\u00fcnstliche intelligenz meinungsfreiheit sicherheitspolitik spieltheorie\">\n\t\t\t\t\t\t\t<div class=\"dpt-entry-wrapper\"><div class=\"dpt-featured-content\"><div class=\"dpt-permalink\"><a href=\"https:\/\/www.markus-schall.de\/tr\/2026\/03\/i%cc%87ran-i%cc%87srai%cc%87l-catismasi-bu-tirmandirma-neden-batinin-strateji%cc%87k-kabusu\/\" class=\"dpt-permalink\"><span class=\"screen-reader-text\">\u0130ran-\u0130srail \u00e7at\u0131\u015fmas\u0131: Bu t\u0131rman\u0131\u015f neden Bat\u0131'n\u0131n stratejik kabusu?<\/span><\/a><\/div><div class=\"dpt-thumbnail\"><div class=\"dpt-thumbnail-inner\"><img width=\"1024\" height=\"683\" class=\"attachment-full size-full\" alt=\"\u0130srail-\u0130ran - Stratejik Kabus\" context=\"dpt\" data-dpt-src=\"https:\/\/www.markus-schall.de\/wp-content\/uploads\/Israel-Iran-Strategischer-Albtraum.jpg\" data-dpt-sizes=\"(max-width: 1024px) 100vw, 1024px\" data-dpt-srcset=\"https:\/\/www.markus-schall.de\/wp-content\/uploads\/Israel-Iran-Strategischer-Albtraum.jpg 1024w, https:\/\/www.markus-schall.de\/wp-content\/uploads\/Israel-Iran-Strategischer-Albtraum-300x200.jpg 300w, https:\/\/www.markus-schall.de\/wp-content\/uploads\/Israel-Iran-Strategischer-Albtraum-768x512.jpg 768w, https:\/\/www.markus-schall.de\/wp-content\/uploads\/Israel-Iran-Strategischer-Albtraum-18x12.jpg 18w\" \/><\/div><span class=\"dpt-thumbnail-aspect-ratio\" style=\"padding-top: 75%\"><\/span><\/div><\/div><div class=\"sub-entry\"><h3 class=\"dpt-title\"><a class=\"dpt-title-link\" href=\"https:\/\/www.markus-schall.de\/tr\/2026\/03\/i%cc%87ran-i%cc%87srai%cc%87l-catismasi-bu-tirmandirma-neden-batinin-strateji%cc%87k-kabusu\/\" rel=\"bookmark\">\u0130ran-\u0130srail \u00e7at\u0131\u015fmas\u0131: Bu t\u0131rman\u0131\u015f neden Bat\u0131'n\u0131n stratejik kabusu?<\/a><\/h3><\/div><\/div>\n\t\t\t\t\t\t<\/div><!-- .dpt-entry -->\n\t\t\t\t\t\t\n\t\t\t\t<\/div>\n\t\t\t\t\t\t<\/div>\n\t\t\t\n<hr \/>\n<h2>S\u0131k\u00e7a sorulan sorular<\/h2>\n<ol>\n<li><strong>Modern bulut yapay zekalar\u0131 neden birdenbire bu kadar \u00f6\u011fretici g\u00f6r\u00fcnmeye ba\u015flad\u0131?<\/strong><br \/>\nBir\u00e7ok kullan\u0131c\u0131 GPT-4.1 ve \u00f6zellikle GPT-5'ten bu yana bulut YZ'lerinin \u00e7ok daha pedagojik davrand\u0131\u011f\u0131n\u0131 fark etmi\u015ftir. Bunun ba\u015fl\u0131ca nedeni, b\u00fcy\u00fck sa\u011flay\u0131c\u0131lar\u0131n \u00f6nemli \u00f6l\u00e7\u00fcde yasal ve siyasi bask\u0131 alt\u0131nda olmalar\u0131 ve bu nedenle herhangi bir ifadeyi herhangi bir risk ortaya \u00e7\u0131kmayacak \u015fekilde etkisiz hale getirmeyi ama\u00e7layan g\u00fcvenlik filtrelerini giderek daha fazla kullanmalar\u0131d\u0131r. Bu \u00f6nlemler cevaplar\u0131n tonuna da yans\u0131yor, b\u00f6ylece modeller tarafs\u0131z ara\u00e7lardan ziyade moderat\u00f6r veya g\u00f6zetmen gibi davran\u0131yor.<\/li>\n<li><strong>GPT-4.0 neden \u015fimdi eskisinden daha k\u00f6t\u00fc \u00e7al\u0131\u015f\u0131yor gibi g\u00f6r\u00fcn\u00fcyor?<\/strong><br \/>\nGPT-4 hala resmi olarak mevcut olmas\u0131na ra\u011fmen, bir\u00e7ok kullan\u0131c\u0131 sadece k\u0131sa veya iptal edilmi\u015f yan\u0131tlar verdi\u011fini bildirmektedir. Bu da onu pratikte kullan\u0131lamaz hale getiriyor. Bunun teknik nedenlerden mi yoksa 5. nesle kas\u0131tl\u0131 bir ge\u00e7i\u015f stratejisinden mi kaynakland\u0131\u011f\u0131 kesin olarak s\u00f6ylenemez. Ancak asl\u0131nda model eski g\u00fcc\u00fcn\u00fc kaybetmekte ve kullan\u0131c\u0131lar\u0131 dolayl\u0131 olarak daha s\u0131k\u0131 bir \u015fekilde d\u00fczenlenen yeni versiyonlara zorlamaktad\u0131r.<\/li>\n<li><strong>Bu geli\u015fme bulut yapay zekas\u0131n\u0131n gelecekte daha az kullan\u0131\u015fl\u0131 hale gelece\u011fi anlam\u0131na m\u0131 geliyor?<\/strong><br \/>\nBulut yapay zekas\u0131 g\u00fc\u00e7l\u00fc olmaya devam ediyor, ancak giderek artan bir \u015fekilde d\u00fczenlemeler, uyumluluk kurallar\u0131 ve siyasi bask\u0131 ile karakterize edilecek. Bu da teknik a\u00e7\u0131dan etkileyici olmaya devam ederken, i\u00e7erik a\u00e7\u0131s\u0131ndan daha temkinli, daha filtrelenmi\u015f ve daha az \u00f6zg\u00fcr olaca\u011f\u0131 anlam\u0131na geliyor. Bir\u00e7ok yarat\u0131c\u0131, analitik veya al\u0131\u015f\u0131lmad\u0131k g\u00f6rev i\u00e7in bu a\u00e7\u0131k bir dezavantajd\u0131r ve bu nedenle giderek daha fazla kullan\u0131c\u0131 alternatifler aramaktad\u0131r.<\/li>\n<li><strong>Yapay zeka \u015firketleri neden bu kadar \u00e7ok g\u00fcvenlik mekanizmas\u0131 kullan\u0131yor?<\/strong><br \/>\nBunun nedeni d\u00fczenlemelerin, sorumluluk risklerinin ve kamuoyu alg\u0131s\u0131n\u0131n toplam\u0131nda yatmaktad\u0131r. Bir yapay zekadan gelen her hata, her yan\u0131lt\u0131c\u0131 cevap bir \u015firket i\u00e7in yasal veya medyatik sonu\u00e7lar do\u011furabilir. Bu t\u00fcr riskleri ortadan kald\u0131rmak i\u00e7in sa\u011flay\u0131c\u0131lar, t\u00fcm yan\u0131tlar\u0131 \u201ekorumay\u0131\u201c ama\u00e7layan kapsaml\u0131 filtreler ve y\u00f6nergeler uygular. Bu koruyucu mekanizma \u015firketin bak\u0131\u015f a\u00e7\u0131s\u0131ndan anla\u015f\u0131labilir, ancak kullan\u0131c\u0131n\u0131n bak\u0131\u015f a\u00e7\u0131s\u0131ndan genellikle bir engeldir.<\/li>\n<li><strong>Yerel yapay zeka ile bulut yapay zeka aras\u0131ndaki temel fark nedir?<\/strong><br \/>\nYerel yapay zeka tamamen kullan\u0131c\u0131n\u0131n kendi cihaz\u0131nda \u00e7al\u0131\u015f\u0131r ve bu nedenle politik gerekliliklere veya \u015firket y\u00f6nergelerine ba\u011fl\u0131 de\u011fildir. Neredeyse hi\u00e7 filtreleme yapmaz, talimat vermez ve do\u011frudan kullan\u0131c\u0131n\u0131n \u00f6zelliklerine g\u00f6re \u00e7al\u0131\u015f\u0131r. Ayr\u0131ca, t\u00fcm veriler kullan\u0131c\u0131n\u0131n kendi bilgisayar\u0131nda kal\u0131r. Bu, kullan\u0131c\u0131ya yaln\u0131zca daha fazla \u00f6zg\u00fcrl\u00fck de\u011fil, ayn\u0131 zamanda daha fazla gizlilik ve kontrol de sa\u011flar.<\/li>\n<li><strong>Yerel yapay zekay\u0131 kullanmak i\u00e7in \u00f6zel donan\u0131m gerekli mi?<\/strong><br \/>\n\u00c7o\u011fu durumda de\u011fil. Modern yerel modeller inan\u0131lmaz derecede verimlidir ve M \u00e7ipli tipik Mac'lerde veya standart Windows bilgisayarlarda zaten \u00e7al\u0131\u015fmaktad\u0131r. Elbette daha b\u00fcy\u00fck modeller daha fazla RAM veya GPU'dan faydalanabilir, ancak bir\u00e7ok g\u00fcnl\u00fck g\u00f6rev i\u00e7in k\u00fc\u00e7\u00fck ve orta \u00f6l\u00e7ekli modeller pahal\u0131 \u00f6zel donan\u0131mlara ihtiya\u00e7 duymadan tamamen yeterlidir.<\/li>\n<li><strong>Mac'te yerel yapay zeka kurulumu pratikte nas\u0131l \u00e7al\u0131\u015f\u0131r?<\/strong><br \/>\nBunu yapman\u0131n en kolay yolu Ollama'dir. Bir kurulum paketi indiriyorsunuz, a\u00e7\u0131yorsunuz ve hemen ba\u015flayabiliyorsunuz. Klasik terminal komutu bile iste\u011fe ba\u011fl\u0131 hale geldi. Ollama installiert olur olmaz, \u201eollama run llama3\u201c gibi basit bir komutla bir modeli ba\u015flatabilirsiniz. Normal bir program y\u00fcklerken kar\u015f\u0131la\u015ft\u0131\u011f\u0131n\u0131z engeller art\u0131k eskisi kadar az.<\/li>\n<li><strong>Windows'ta yerel yapay zeka nas\u0131l kurulur?<\/strong><br \/>\nWindows alt\u0131nda, ek bir haz\u0131rl\u0131k gerektirmeyen Ollama y\u00fckleyicisi de kullan\u0131l\u0131r. Kurulumdan sonra modeller hemen \u00e7al\u0131\u015ft\u0131r\u0131labilir. Grafiksel bir kullan\u0131c\u0131 aray\u00fcz\u00fc kullanmay\u0131 tercih ederseniz, standart uygulama yaz\u0131l\u0131m\u0131 kadar kullan\u0131m\u0131 kolay olan LM Studio veya OpenWebUI'yi kullanabilirsiniz.<\/li>\n<li><strong>Yeni ba\u015flayanlar i\u00e7in \u00f6zellikle hangi modeller uygundur?<\/strong><br \/>\nBir\u00e7ok kullan\u0131c\u0131 Llama 3 ile ba\u015far\u0131l\u0131 bir \u015fekilde ba\u015flar \u00e7\u00fcnk\u00fc hassas, \u00e7ok y\u00f6nl\u00fc ve dilbilimsel olarak g\u00fc\u00e7l\u00fcd\u00fcr. K\u00fc\u00e7\u00fck model boyutuna ra\u011fmen etkileyici sonu\u00e7lar veren Phi-3 de ayn\u0131 derecede pop\u00fclerdir. Gemma da \u00f6zellikle yarat\u0131c\u0131 veya metin a\u011f\u0131rl\u0131kl\u0131 \u00e7al\u0131\u015fmalar i\u00e7in iyi bir se\u00e7imdir. Bu modeller, uzun bir al\u0131\u015fma s\u00fcrecine gerek kalmadan h\u0131zl\u0131 ve istikrarl\u0131 bir \u015fekilde \u00e7al\u0131\u015f\u0131r. Elinizin alt\u0131nda daha fazla kaynak varsa GPT-OSS 20B veya 120B \u00e7ok iyi bir se\u00e7imdir.<\/li>\n<li><strong>Yerel modeller GPT-4 veya GPT-5'e ger\u00e7ekten ayak uydurabilir mi?<\/strong><br \/>\nBunu pek \u00e7ok g\u00fcnl\u00fck i\u015f i\u00e7in \u015fa\u015f\u0131rt\u0131c\u0131 derecede iyi yapabiliyorlar. Son derece uzmanl\u0131k gerektiren konular i\u00e7in aradaki fark hala mevcuttur, ancak h\u0131zla kapanmaktad\u0131r. Yerel modeller daha az k\u0131s\u0131tl\u0131 olma ve daha do\u011frudan yan\u0131t verme avantaj\u0131na sahiptir. Genel olarak, teknik olarak biraz daha k\u00fc\u00e7\u00fck olsalar bile, bu genellikle daha \u00f6zg\u00fcr ve daha do\u011fal g\u00f6r\u00fcnmelerini sa\u011flar.<\/li>\n<li><strong>Hassas veriler i\u015flenirken yerel yapay zeka daha m\u0131 g\u00fcvenli?<\/strong><br \/>\nEvet, kesinlikle. T\u00fcm i\u015flemler kendi cihaz\u0131n\u0131zda ger\u00e7ekle\u015fti\u011finden, girdi\u011finiz veriler asla bilgisayar\u0131n\u0131zdan \u00e7\u0131kmaz. Bulut i\u015fleme, harici sunucularda depolama ve \u00fc\u00e7\u00fcnc\u00fc taraflarca analiz yoktur. Bu, \u00f6zellikle i\u015f belgeleri, gizli belgeler veya \u00f6zel notlar i\u00e7in belirleyici bir avantajd\u0131r.<\/li>\n<li><strong>Yerel yapay zeka internet ba\u011flant\u0131s\u0131 olmadan kullan\u0131labilir mi?<\/strong><br \/>\nEvet, en b\u00fcy\u00fck avantajlar\u0131ndan biri de bu. installiert modeli kurulur kurulmaz tamamen \u00e7evrimd\u0131\u015f\u0131 olarak \u00e7al\u0131\u015ft\u0131r\u0131labilir. Bu, bilgisayar\u0131 harici hizmetlerden ba\u011f\u0131ms\u0131z olarak \u00e7al\u0131\u015fabilece\u011finiz kendi kendine yeten bir \u00e7al\u0131\u015fma ortam\u0131na d\u00f6n\u00fc\u015ft\u00fcr\u00fcr. Bu \u00f6zellikle seyahat ederken, g\u00fcvenli a\u011flarda veya veri koruman\u0131n en \u00f6nemli \u00f6ncelik oldu\u011fu ortamlarda kullan\u0131\u015fl\u0131d\u0131r.<\/li>\n<li><strong>Yerel modeller uzun metinler i\u00e7in ne kadar uygundur?<\/strong><br \/>\nG\u00fcn\u00fcm\u00fczdeki modern modellerin \u00e7o\u011fu uzun makaleleri, analizleri veya kavramlar\u0131 sorunsuz bir \u015fekilde i\u015fleyebilir. GPT-5 kadar cilal\u0131 de\u011fillerdir, ancak filtrelerden daha ar\u0131nd\u0131r\u0131lm\u0131\u015flard\u0131r ve tarzlar\u0131 genellikle daha do\u011frudan olur. Kapsaml\u0131 metinler, fikir koleksiyonlar\u0131 veya teknik dok\u00fcmantasyon i\u00e7in \u00e7ok uygundurlar ve k\u0131s\u0131tlama olmaks\u0131z\u0131n verimli \u00e7al\u0131\u015fmaya olanak sa\u011flarlar.<\/li>\n<li><strong>Yerel modellerin g\u00fcvenlik filtreleri var m\u0131?<\/strong><br \/>\nBulut YZ'ye k\u0131yasla \u00f6nemli \u00f6l\u00e7\u00fcde daha zay\u0131f olsa da, genellikle belirli bir d\u00fczeyde temel koruma mevcuttur. Modeller kullan\u0131c\u0131n\u0131n kendi cihaz\u0131nda \u00e7al\u0131\u015ft\u0131\u011f\u0131ndan, hangi k\u0131s\u0131tlamalar\u0131n mant\u0131kl\u0131 oldu\u011funa kendileri karar verebilirler. Bu tasar\u0131m \u00f6zg\u00fcrl\u00fc\u011f\u00fc, yerel YZ'nin \u00e7ok daha esnek ve daha az patronluk taslay\u0131c\u0131 olmas\u0131n\u0131 sa\u011flar.<\/li>\n<li><strong>Farkl\u0131 modelleri nas\u0131l test edebilir veya kar\u015f\u0131la\u015ft\u0131rabilirsiniz?<\/strong><br \/>\nOllama, LM Studio veya OpenWebUI model de\u011fi\u015ftirmeyi \u00e7ok kolayla\u015ft\u0131r\u0131r. Birka\u00e7 install modelini paralel olarak kullanabilir, aralar\u0131nda ge\u00e7i\u015f yapabilir ve g\u00fc\u00e7lerini kar\u015f\u0131la\u015ft\u0131rabilirsiniz. Bu, kendi \u00e7al\u0131\u015fma tarz\u0131n\u0131za tam olarak uyan ki\u015fisel bir favori model seti ile sonu\u00e7lan\u0131r. S\u00fcre\u00e7 basittir ve klasik yapay zeka ara\u015ft\u0131rmas\u0131ndan \u00e7ok farkl\u0131 uygulamalar\u0131 test etmeyi and\u0131r\u0131r.<\/li>\n<li><strong>Yerel modellerin \u015firketler i\u00e7in avantajlar\u0131 nelerdir?<\/strong><br \/>\nHepsinden \u00f6nemlisi, bulut olmamas\u0131 harici depolama olmamas\u0131 anlam\u0131na geldi\u011finden, \u015firketler tam veri egemenli\u011finden yararlan\u0131r. Harici hizmetlere ve pahal\u0131 aboneliklere olan uzun vadeli ba\u011f\u0131ml\u0131l\u0131klar da ortadan kalkar. Modeller uyarlanabilir, geni\u015fletilebilir ve hatta \u015firket i\u00e7inde e\u011fitilebilir. Tam kontrol\u00fc elinizde tuttu\u011funuz ve harici altyap\u0131ya ba\u011fl\u0131 olmad\u0131\u011f\u0131n\u0131z i\u00e7in mevcut s\u00fcre\u00e7lere entegrasyon genellikle daha kolayd\u0131r.<\/li>\n<li><strong>Yerel modeller ayr\u0131 ayr\u0131 e\u011fitilebilir mi?<\/strong><br \/>\nAsl\u0131nda bu en \u00f6nemli avantajlardan biridir. LoRA veya ince ayar gibi tekniklerle modeller \u015firketin kendi i\u00e7eri\u011fine, s\u00fcre\u00e7lerine veya belgelerine uyarlanabilir. Bu sayede hassas veriler \u015firket d\u0131\u015f\u0131na \u00e7\u0131kmadan sadece \u015firket i\u00e7inde kullan\u0131lan ve geli\u015ftirilen ki\u015fisel bir bilgi taban\u0131 olu\u015fturulur.<\/li>\n<li><strong>Mevcut yerel modeller aras\u0131ndaki niteliksel farklar nelerdir?<\/strong><br \/>\nHer modelin kendine has bir karakteri var. Llama 3 \u00e7ok hassas ve dengeli, Gemma yarat\u0131c\u0131 ve dilsel olarak p\u00fcr\u00fczs\u00fcz, Phi-3 verimlili\u011fi ve zekas\u0131yla \u015fa\u015f\u0131rt\u0131rken, Mistral ve Qwen \u00f6zellikle analitik olarak g\u00fc\u00e7l\u00fcd\u00fcr. Bu zengin \u00e7e\u015fitlilik, kendi ihtiya\u00e7lar\u0131n\u0131z i\u00e7in do\u011fru modeli se\u00e7menizi ve bir g\u00f6rev gerektirdi\u011finde esnek bir \u015fekilde ge\u00e7i\u015f yapman\u0131z\u0131 m\u00fcmk\u00fcn k\u0131lar.<\/li>\n<li><strong>Yerel modeller de g\u00f6r\u00fcnt\u00fc olu\u015fturabilir mi?<\/strong><br \/>\nEvet, OpenWebUI gibi ara\u00e7lar Stable Diffusion gibi g\u00f6r\u00fcnt\u00fc olu\u015fturucular\u0131 tamamen yerel olarak \u00e7al\u0131\u015ft\u0131rmak i\u00e7in kullan\u0131labilir. Sonu\u00e7lar mevcut donan\u0131ma ba\u011fl\u0131d\u0131r, ancak orta d\u00fczey kaynaklarla bile sa\u011flam g\u00f6r\u00fcnt\u00fcler olu\u015fturulabilir. Avantaj ayn\u0131 kal\u0131r: harici hizmetlere hi\u00e7bir veri g\u00f6nderilmez.<\/li>\n<li><strong>Yerel yapay zekaya ge\u00e7i\u015f \u00f6zellikle kimler i\u00e7in faydal\u0131?<\/strong><br \/>\nLocal AI, g\u00fcvenle ve ba\u011f\u0131ms\u0131z olarak \u00e7al\u0131\u015fmak isteyen kullan\u0131c\u0131lar i\u00e7in idealdir. Buna yazarlar, geli\u015ftiriciler, ara\u015ft\u0131rmac\u0131lar, giri\u015fimciler ve hassas bilgileri i\u015fleyen ya da yarat\u0131c\u0131 s\u00fcre\u00e7leri filtresiz deneyimlemek isteyen herkes dahildir. Kontrole, veri korumas\u0131na ve \u00f6zg\u00fcrl\u00fc\u011fe de\u011fer veren herkes yerel modellerde do\u011fru \u00e7\u00f6z\u00fcm\u00fc bulacak ve art\u0131k bulutta var olmayan bir \u00e7al\u0131\u015fma ortam\u0131na yeniden kavu\u015facakt\u0131r.<\/li>\n<\/ol>\n<hr \/>\n\n\t\t\t<div class=\"display-post-types\">\n\n\t\t\t\t\t\t\t<style type=\"text\/css\">\n\t\t\t#dpt-wrapper-330 { --dpt-text-align: left;--dpt-image-crop: center;--dpt-border-radius: 5px;--dpt-h-gutter: 10px;--dpt-v-gutter: 9px; }\t\t\t<\/style>\n\t\t\t<style type=\"text\/css\">#dpt-wrapper-330 { --dpt-title-font-style:normal;--dpt-title-font-weight:600;--dpt-title-line-height:1.5;--dpt-title-text-decoration:none;--dpt-title-text-transform:none;--dpt-excerpt-font-style:normal;--dpt-excerpt-font-weight:400;--dpt-excerpt-line-height:1.5;--dpt-excerpt-text-decoration:none;--dpt-excerpt-text-transform:none;--dpt-meta1-font-style:normal;--dpt-meta1-font-weight:400;--dpt-meta1-line-height:1.9;--dpt-meta1-text-decoration:none;--dpt-meta1-text-transform:none;--dpt-meta2-font-style:normal;--dpt-meta2-font-weight:400;--dpt-meta2-line-height:1.9;--dpt-meta2-text-decoration:none;--dpt-meta2-text-transform:none; }<\/style><div class=\"dpt-main-header\">\n\t\t\t\t\t\t<div class=\"dpt-main-title\">\n\t\t\t\t\t\t\t<span class=\"dpt-main-title-text\">Sanat ve k\u00fclt\u00fcr \u00fczerine g\u00fcncel makaleler<\/span>\n\t\t\t\t\t\t<\/div>\n\t\t\t\t\t\t\n\t\t\t\t\t\t\n\t\t\t\t\t\t\n\t\t\t\t\t\t<\/div>\t\t\t\n\t\t\t\t<div id=\"dpt-wrapper-330\" class=\"dpt-wrapper dpt-mag1 land1 dpt-cropped dpt-flex-wrap\" >\n\n\t\t\t\t\t\t\t\t\t\t\t<div class=\"dpt-entry has-thumbnail\" data-title=\"wenn pflicht wieder pflicht wird. eine art essay von herrn von l&#8217;oreot.\" data-id=\"3010\"  data-category=\"allgemein gesellschaft kunst &amp; kultur stories &amp; humor\" data-post_tag=\"deutschland erfahrungen geopolitik krisen pers\u00f6nlichkeitsentwicklung sicherheitspolitik\">\n\t\t\t\t\t\t\t<div class=\"dpt-entry-wrapper\"><div class=\"dpt-featured-content\"><div class=\"dpt-permalink\"><a href=\"https:\/\/www.markus-schall.de\/tr\/2025\/10\/goerev-tekrar-goerev-oldugunda-bay-von-loreotun-bi%cc%87r-tuer-denemesi%cc%87\/\" class=\"dpt-permalink\"><span class=\"screen-reader-text\">G\u00f6rev tekrar g\u00f6reve d\u00f6n\u00fc\u015ft\u00fc\u011f\u00fcnde. Bay von L'oreot'un bir t\u00fcr denemesi.<\/span><\/a><\/div><div class=\"dpt-thumbnail\"><div class=\"dpt-thumbnail-inner\"><img width=\"1024\" height=\"683\" class=\"attachment-full size-full\" alt=\"Beklenmedik bir telefon g\u00f6r\u00fc\u015fmesi\" context=\"dpt\" data-dpt-src=\"https:\/\/www.markus-schall.de\/wp-content\/uploads\/loreot-pflicht-anruf.jpg\" data-dpt-sizes=\"(max-width: 1024px) 100vw, 1024px\" data-dpt-srcset=\"https:\/\/www.markus-schall.de\/wp-content\/uploads\/loreot-pflicht-anruf.jpg 1024w, https:\/\/www.markus-schall.de\/wp-content\/uploads\/loreot-pflicht-anruf-300x200.jpg 300w, https:\/\/www.markus-schall.de\/wp-content\/uploads\/loreot-pflicht-anruf-768x512.jpg 768w, https:\/\/www.markus-schall.de\/wp-content\/uploads\/loreot-pflicht-anruf-18x12.jpg 18w\" \/><\/div><span class=\"dpt-thumbnail-aspect-ratio\" style=\"padding-top: 75%\"><\/span><\/div><\/div><div class=\"sub-entry\"><h3 class=\"dpt-title\"><a class=\"dpt-title-link\" href=\"https:\/\/www.markus-schall.de\/tr\/2025\/10\/goerev-tekrar-goerev-oldugunda-bay-von-loreotun-bi%cc%87r-tuer-denemesi%cc%87\/\" rel=\"bookmark\">G\u00f6rev tekrar g\u00f6reve d\u00f6n\u00fc\u015ft\u00fc\u011f\u00fcnde. Bay von L'oreot'un bir t\u00fcr denemesi.<\/a><\/h3><\/div><\/div>\n\t\t\t\t\t\t<\/div><!-- .dpt-entry -->\n\t\t\t\t\t\t\t\t\t\t\t\t<div class=\"dpt-entry has-thumbnail\" data-title=\"mehr als punk: nina hagen, cosma shiva und die kunst, sich nicht vereinnahmen zu lassen\" data-id=\"4521\"  data-category=\"allgemein gesellschaft kunst &amp; kultur\" data-post_tag=\"auswandern deutschland erfahrungen europa krisen meinungsfreiheit musik portrait\">\n\t\t\t\t\t\t\t<div class=\"dpt-entry-wrapper\"><div class=\"dpt-featured-content\"><div class=\"dpt-permalink\"><a href=\"https:\/\/www.markus-schall.de\/tr\/2026\/01\/punktan-daha-fazlasi-nina-hagen-cosma-shiva-ve-aldanmama-sanati\/\" class=\"dpt-permalink\"><span class=\"screen-reader-text\">Punk'tan daha fazlas\u0131: Nina Hagen, Cosma Shiva ve kendini kapt\u0131rmama sanat\u0131<\/span><\/a><\/div><div class=\"dpt-thumbnail\"><div class=\"dpt-thumbnail-inner\"><img width=\"1024\" height=\"683\" class=\"attachment-full size-full\" alt=\"Nina ve Cosma Shiva Hagen&#039;in Portresi\" context=\"dpt\" data-dpt-src=\"https:\/\/www.markus-schall.de\/wp-content\/uploads\/Nina-Cosma-Shiva-Hagen-Titel.jpg\" data-dpt-sizes=\"(max-width: 1024px) 100vw, 1024px\" data-dpt-srcset=\"https:\/\/www.markus-schall.de\/wp-content\/uploads\/Nina-Cosma-Shiva-Hagen-Titel.jpg 1024w, https:\/\/www.markus-schall.de\/wp-content\/uploads\/Nina-Cosma-Shiva-Hagen-Titel-300x200.jpg 300w, https:\/\/www.markus-schall.de\/wp-content\/uploads\/Nina-Cosma-Shiva-Hagen-Titel-768x512.jpg 768w, https:\/\/www.markus-schall.de\/wp-content\/uploads\/Nina-Cosma-Shiva-Hagen-Titel-18x12.jpg 18w\" \/><\/div><span class=\"dpt-thumbnail-aspect-ratio\" style=\"padding-top: 75%\"><\/span><\/div><\/div><div class=\"sub-entry\"><h3 class=\"dpt-title\"><a class=\"dpt-title-link\" href=\"https:\/\/www.markus-schall.de\/tr\/2026\/01\/punktan-daha-fazlasi-nina-hagen-cosma-shiva-ve-aldanmama-sanati\/\" rel=\"bookmark\">Punk'tan daha fazlas\u0131: Nina Hagen, Cosma Shiva ve kendini kapt\u0131rmama sanat\u0131<\/a><\/h3><\/div><\/div>\n\t\t\t\t\t\t<\/div><!-- .dpt-entry -->\n\t\t\t\t\t\t\t\t\t\t\t\t<div class=\"dpt-entry has-thumbnail\" data-title=\"die krimtataren \u2013 geschichte, herkunft und gegenwart eines vergessenen volkes\" data-id=\"4154\"  data-category=\"allgemein gesellschaft kunst &amp; kultur\" data-post_tag=\"europa geopolitik krisen meinungsfreiheit\">\n\t\t\t\t\t\t\t<div class=\"dpt-entry-wrapper\"><div class=\"dpt-featured-content\"><div class=\"dpt-permalink\"><a href=\"https:\/\/www.markus-schall.de\/tr\/2025\/12\/kirim-tatarlari-unutulmus-bi%cc%87r-halkin-tari%cc%87hi%cc%87-koekeni%cc%87-ve-buguenue\/\" class=\"dpt-permalink\"><span class=\"screen-reader-text\">K\u0131r\u0131m Tatarlar\u0131 - unutulmu\u015f bir halk\u0131n tarihi, k\u00f6kenleri ve bug\u00fcn\u00fc<\/span><\/a><\/div><div class=\"dpt-thumbnail\"><div class=\"dpt-thumbnail-inner\"><img width=\"1024\" height=\"683\" class=\"attachment-full size-full\" alt=\"K\u0131r\u0131m-Tartar bozk\u0131rlar\u0131\" context=\"dpt\" data-dpt-src=\"https:\/\/www.markus-schall.de\/wp-content\/uploads\/Krimtartaren-Steppe.jpg\" data-dpt-sizes=\"(max-width: 1024px) 100vw, 1024px\" data-dpt-srcset=\"https:\/\/www.markus-schall.de\/wp-content\/uploads\/Krimtartaren-Steppe.jpg 1024w, https:\/\/www.markus-schall.de\/wp-content\/uploads\/Krimtartaren-Steppe-300x200.jpg 300w, https:\/\/www.markus-schall.de\/wp-content\/uploads\/Krimtartaren-Steppe-768x512.jpg 768w, https:\/\/www.markus-schall.de\/wp-content\/uploads\/Krimtartaren-Steppe-18x12.jpg 18w\" \/><\/div><span class=\"dpt-thumbnail-aspect-ratio\" style=\"padding-top: 75%\"><\/span><\/div><\/div><div class=\"sub-entry\"><h3 class=\"dpt-title\"><a class=\"dpt-title-link\" href=\"https:\/\/www.markus-schall.de\/tr\/2025\/12\/kirim-tatarlari-unutulmus-bi%cc%87r-halkin-tari%cc%87hi%cc%87-koekeni%cc%87-ve-buguenue\/\" rel=\"bookmark\">K\u0131r\u0131m Tatarlar\u0131 - unutulmu\u015f bir halk\u0131n tarihi, k\u00f6kenleri ve bug\u00fcn\u00fc<\/a><\/h3><\/div><\/div>\n\t\t\t\t\t\t<\/div><!-- .dpt-entry -->\n\t\t\t\t\t\t\t\t\t\t\t\t<div class=\"dpt-entry has-thumbnail\" data-title=\"vicco von b\u00fclow alias loriot \u2013 ordnung, form und der leise widerstand des humors\" data-id=\"4169\"  data-category=\"allgemein gesellschaft kunst &amp; kultur stories &amp; humor\" data-post_tag=\"deutschland erfahrungen pers\u00f6nlichkeitsentwicklung portrait\">\n\t\t\t\t\t\t\t<div class=\"dpt-entry-wrapper\"><div class=\"dpt-featured-content\"><div class=\"dpt-permalink\"><a href=\"https:\/\/www.markus-schall.de\/tr\/2025\/12\/vicco-von-buelow-takma-adi-loriot-si%cc%87pari%cc%87s-formu-ve-mi%cc%87zahin-sessi%cc%87z-di%cc%87reni%cc%87si%cc%87\/\" class=\"dpt-permalink\"><span class=\"screen-reader-text\">Vicco von B\u00fclow nam-\u0131 di\u011fer Loriot - d\u00fczen, bi\u00e7im ve mizah\u0131n sessiz direni\u015fi<\/span><\/a><\/div><div class=\"dpt-thumbnail\"><div class=\"dpt-thumbnail-inner\"><img width=\"1024\" height=\"747\" class=\"attachment-full size-full\" alt=\"\" context=\"dpt\" data-dpt-src=\"https:\/\/www.markus-schall.de\/wp-content\/uploads\/Loriot-Titel.jpg\" data-dpt-sizes=\"(max-width: 1024px) 100vw, 1024px\" data-dpt-srcset=\"https:\/\/www.markus-schall.de\/wp-content\/uploads\/Loriot-Titel.jpg 1024w, https:\/\/www.markus-schall.de\/wp-content\/uploads\/Loriot-Titel-300x219.jpg 300w, https:\/\/www.markus-schall.de\/wp-content\/uploads\/Loriot-Titel-768x560.jpg 768w, https:\/\/www.markus-schall.de\/wp-content\/uploads\/Loriot-Titel-16x12.jpg 16w\" \/><\/div><span class=\"dpt-thumbnail-aspect-ratio\" style=\"padding-top: 75%\"><\/span><\/div><\/div><div class=\"sub-entry\"><h3 class=\"dpt-title\"><a class=\"dpt-title-link\" href=\"https:\/\/www.markus-schall.de\/tr\/2025\/12\/vicco-von-buelow-takma-adi-loriot-si%cc%87pari%cc%87s-formu-ve-mi%cc%87zahin-sessi%cc%87z-di%cc%87reni%cc%87si%cc%87\/\" rel=\"bookmark\">Vicco von B\u00fclow nam-\u0131 di\u011fer Loriot - d\u00fczen, bi\u00e7im ve mizah\u0131n sessiz direni\u015fi<\/a><\/h3><\/div><\/div>\n\t\t\t\t\t\t<\/div><!-- .dpt-entry -->\n\t\t\t\t\t\t\n\t\t\t\t<\/div>\n\t\t\t\t\t\t<\/div>\n\t\t\t\n<hr \/>","protected":false},"excerpt":{"rendered":"<p>B\u00fcy\u00fck dil modelleri birka\u00e7 y\u0131l \u00f6nce zafer y\u00fcr\u00fcy\u00fc\u015f\u00fcne ba\u015flad\u0131\u011f\u0131nda, neredeyse teknolojinin eski erdemlerine bir d\u00f6n\u00fc\u015f gibi g\u00f6r\u00fcn\u00fcyorlard\u0131: kendisine s\u00f6yleneni yapan bir ara\u00e7. Kullan\u0131c\u0131ya hizmet eden bir ara\u00e7, tam tersi de\u011fil. \u0130lk versiyonlar\u0131n - GPT-3'ten GPT-4'e - zay\u0131f y\u00f6nleri vard\u0131, evet, ama inan\u0131lmaz derecede yard\u0131mc\u0131 oldular. Onlar ... <a title=\"Vicco von B\u00fclow nam-\u0131 di\u011fer Loriot - d\u00fczen, bi\u00e7im ve mizah\u0131n sessiz direni\u015fi\" class=\"read-more\" href=\"https:\/\/www.markus-schall.de\/tr\/2025\/12\/vicco-von-buelow-takma-adi-loriot-si%cc%87pari%cc%87s-formu-ve-mi%cc%87zahin-sessi%cc%87z-di%cc%87reni%cc%87si%cc%87\/\" aria-label=\"Vicco von B\u00fclow nam-\u0131 di\u011fer Loriot - D\u00fczen, bi\u00e7im ve mizah\u0131n sessiz direni\u015fi hakk\u0131nda devam\u0131n\u0131 oku\">Devam\u0131n\u0131 oku<\/a><\/p>","protected":false},"author":1,"featured_media":3927,"comment_status":"open","ping_status":"open","sticky":false,"template":"","format":"standard","meta":{"iawp_total_views":102,"footnotes":""},"categories":[431,15,147],"tags":[469,473,471,435,433,476,437,465,453,432,434],"class_list":["post-3887","post","type-post","status-publish","format-standard","has-post-thumbnail","hentry","category-ki-systeme","category-apple-macos","category-hardware","tag-datenschutz","tag-digitales-eigentum","tag-kuenstliche-intelligenz","tag-llama","tag-llm","tag-meinungsfreiheit","tag-mistral","tag-mlx","tag-neo4j","tag-ollama","tag-sprachmodell"],"_links":{"self":[{"href":"https:\/\/www.markus-schall.de\/tr\/wp-json\/wp\/v2\/posts\/3887","targetHints":{"allow":["GET"]}}],"collection":[{"href":"https:\/\/www.markus-schall.de\/tr\/wp-json\/wp\/v2\/posts"}],"about":[{"href":"https:\/\/www.markus-schall.de\/tr\/wp-json\/wp\/v2\/types\/post"}],"author":[{"embeddable":true,"href":"https:\/\/www.markus-schall.de\/tr\/wp-json\/wp\/v2\/users\/1"}],"replies":[{"embeddable":true,"href":"https:\/\/www.markus-schall.de\/tr\/wp-json\/wp\/v2\/comments?post=3887"}],"version-history":[{"count":11,"href":"https:\/\/www.markus-schall.de\/tr\/wp-json\/wp\/v2\/posts\/3887\/revisions"}],"predecessor-version":[{"id":5848,"href":"https:\/\/www.markus-schall.de\/tr\/wp-json\/wp\/v2\/posts\/3887\/revisions\/5848"}],"wp:featuredmedia":[{"embeddable":true,"href":"https:\/\/www.markus-schall.de\/tr\/wp-json\/wp\/v2\/media\/3927"}],"wp:attachment":[{"href":"https:\/\/www.markus-schall.de\/tr\/wp-json\/wp\/v2\/media?parent=3887"}],"wp:term":[{"taxonomy":"category","embeddable":true,"href":"https:\/\/www.markus-schall.de\/tr\/wp-json\/wp\/v2\/categories?post=3887"},{"taxonomy":"post_tag","embeddable":true,"href":"https:\/\/www.markus-schall.de\/tr\/wp-json\/wp\/v2\/tags?post=3887"}],"curies":[{"name":"wp","href":"https:\/\/api.w.org\/{rel}","templated":true}]}}