{"id":5102,"date":"2026-03-02T11:26:21","date_gmt":"2026-03-02T11:26:21","guid":{"rendered":"https:\/\/www.markus-schall.de\/?p=5102"},"modified":"2026-04-21T14:51:52","modified_gmt":"2026-04-21T14:51:52","slug":"i%cc%87fade-oezguerluegue-ve-duezenleme-arasinda-kalan-avrupa-yeni%cc%87-abd-bi%cc%87lgi%cc%87-portali-sorulari-guendeme-geti%cc%87ri%cc%87yor","status":"publish","type":"post","link":"https:\/\/www.markus-schall.de\/tr\/2026\/03\/europa-zwischen-meinungsfreiheit-und-regulierung-neues-us-infoportal-wirft-fragen-auf\/","title":{"rendered":"\u0130fade \u00f6zg\u00fcrl\u00fc\u011f\u00fc ve d\u00fczenleme aras\u0131nda Avrupa: Yeni ABD bilgi portal\u0131 soru i\u015faretleri yarat\u0131yor"},"content":{"rendered":"<p>Neulich bin ich \u00fcber eine Information gestolpert, die mich zun\u00e4chst eher beil\u00e4ufig interessiert hat &#8211; und dann doch nicht mehr loslie\u00df. In einem Bericht war davon die Rede, dass die US-Regierung ein neues Online-Portal plane. Ein Portal, das Inhalte zug\u00e4nglich machen soll, die in bestimmten Regionen der Welt gesperrt sind. Genannt wurden L\u00e4nder wie Iran oder China. Doch dann fiel ein weiterer Begriff: Europa.<\/p>\n<blockquote><p><em>Europa.<\/em><\/p><\/blockquote>\n<p>Der Gedanke, dass amerikanische Stellen ein Informationsportal entwickeln, das ausdr\u00fccklich auch f\u00fcr europ\u00e4ische B\u00fcrger gedacht sein soll, weil bestimmte Inhalte hier nicht mehr erreichbar sind, hat mich stutzig gemacht. Nicht emp\u00f6rt oder panisch, aber hellh\u00f6rig. Wenn Europa pl\u00f6tzlich in einem Atemzug mit klassischen Zensurr\u00e4umen genannt wird, dann lohnt es sich, genauer hinzusehen.<!--more--><\/p>\n<hr \/>\n\n\t\t\t<div class=\"display-post-types\">\n\n\t\t\t\t\t\t\t<style type=\"text\/css\">\n\t\t\t#dpt-wrapper-389 { --dpt-text-align: left;--dpt-image-crop: center;--dpt-border-radius: 5px;--dpt-h-gutter: 10px;--dpt-v-gutter: 9px; }\t\t\t<\/style>\n\t\t\t<style type=\"text\/css\">#dpt-wrapper-389 { --dpt-title-font-style:normal;--dpt-title-font-weight:600;--dpt-title-line-height:1.5;--dpt-title-text-decoration:none;--dpt-title-text-transform:none;--dpt-excerpt-font-style:normal;--dpt-excerpt-font-weight:400;--dpt-excerpt-line-height:1.5;--dpt-excerpt-text-decoration:none;--dpt-excerpt-text-transform:none;--dpt-meta1-font-style:normal;--dpt-meta1-font-weight:400;--dpt-meta1-line-height:1.9;--dpt-meta1-text-decoration:none;--dpt-meta1-text-transform:none;--dpt-meta2-font-style:normal;--dpt-meta2-font-weight:400;--dpt-meta2-line-height:1.9;--dpt-meta2-text-decoration:none;--dpt-meta2-text-transform:none; }<\/style><div class=\" dpt-main-header\">\n\t\t\t\t\t\t<div class=\"dpt-main-title\">\n\t\t\t\t\t\t\t<span class=\"dpt-main-title-text\">Gesellschaftsthemen der Gegenwart<\/span>\n\t\t\t\t\t\t<\/div>\n\t\t\t\t\t\t\n\t\t\t\t\t\t\n\t\t\t\t\t\t\n\t\t\t\t\t\t<\/div>\t\t\t\n\t\t\t\t<div id=\"dpt-wrapper-389\" class=\"dpt-wrapper dpt-mag1 land1 dpt-cropped dpt-flex-wrap\" >\n\n\t\t\t\t\t\t\t\t\t\t\t<div class=\"dpt-entry has-thumbnail\" data-title=\"wie ich in vier monaten f\u00fcnf b\u00fccher in zwei sprachen geschrieben habe\" data-id=\"2775\"  data-category=\"allgemein b\u00fccher gesellschaft tipps &amp; anleitungen\" data-post_tag=\"buch digitales eigentum lernen prozesse publishing verlag\">\n\t\t\t\t\t\t\t<div class=\"dpt-entry-wrapper\"><div class=\" dpt-featured-content\"><div class=\" dpt-permalink\"><a href=\"https:\/\/www.markus-schall.de\/tr\/2025\/09\/wie-ich-in-vier-monaten-fuenf-buecher-in-zwei-sprachen-geschrieben-habe\/\" class=\"dpt-permalink\"><span class=\"screen-reader-text\">Wie ich in vier Monaten f\u00fcnf B\u00fccher in zwei Sprachen geschrieben habe<\/span><\/a><\/div><div class=\" dpt-thumbnail\"><div class=\"dpt-thumbnail-inner\"><img width=\"1920\" height=\"1280\" class=\"attachment-full size-full\" alt=\"B\u00fccher schreiben mit Affinity und BoD\" context=\"dpt\" data-dpt-src=\"https:\/\/www.markus-schall.de\/wp-content\/uploads\/buecher-affinity-bod-selfpublishing.jpg\" data-dpt-sizes=\"(max-width: 1920px) 100vw, 1920px\" data-dpt-srcset=\"https:\/\/www.markus-schall.de\/wp-content\/uploads\/buecher-affinity-bod-selfpublishing.jpg 1920w, https:\/\/www.markus-schall.de\/wp-content\/uploads\/buecher-affinity-bod-selfpublishing-300x200.jpg 300w, https:\/\/www.markus-schall.de\/wp-content\/uploads\/buecher-affinity-bod-selfpublishing-1024x683.jpg 1024w, https:\/\/www.markus-schall.de\/wp-content\/uploads\/buecher-affinity-bod-selfpublishing-768x512.jpg 768w, https:\/\/www.markus-schall.de\/wp-content\/uploads\/buecher-affinity-bod-selfpublishing-1536x1024.jpg 1536w, https:\/\/www.markus-schall.de\/wp-content\/uploads\/buecher-affinity-bod-selfpublishing-18x12.jpg 18w\" \/><\/div><span class=\"dpt-thumbnail-aspect-ratio\" style=\"padding-top: 75%\"><\/span><\/div><\/div><div class=\" sub-entry\"><h3 class=\" dpt-title\"><a class=\"dpt-title-link\" href=\"https:\/\/www.markus-schall.de\/tr\/2025\/09\/wie-ich-in-vier-monaten-fuenf-buecher-in-zwei-sprachen-geschrieben-habe\/\" rel=\"bookmark\">Wie ich in vier Monaten f\u00fcnf B\u00fccher in zwei Sprachen geschrieben habe<\/a><\/h3><\/div><\/div>\n\t\t\t\t\t\t<\/div><!-- .dpt-entry -->\n\t\t\t\t\t\t\t\t\t\t\t\t<div class=\"dpt-entry has-thumbnail\" data-title=\"energie, macht und abh\u00e4ngigkeit: europas weg vom exportweltmeister zum nachfrager\" data-id=\"4945\"  data-category=\"allgemein gesellschaft\" data-post_tag=\"denkmodelle deutschland energiepolitik eu-gesetze europa geopolitik krisen meinungsfreiheit sicherheitspolitik\">\n\t\t\t\t\t\t\t<div class=\"dpt-entry-wrapper\"><div class=\" dpt-featured-content\"><div class=\" dpt-permalink\"><a href=\"https:\/\/www.markus-schall.de\/tr\/2026\/02\/energie-macht-und-abhaengigkeit-europas-weg-vom-exportweltmeister-zum-nachfrager\/\" class=\"dpt-permalink\"><span class=\"screen-reader-text\">Energie, Macht und Abh\u00e4ngigkeit: Europas Weg vom Exportweltmeister zum Nachfrager<\/span><\/a><\/div><div class=\" dpt-thumbnail\"><div class=\"dpt-thumbnail-inner\"><img width=\"1024\" height=\"683\" class=\"attachment-full size-full\" alt=\"Europa und Energie\" context=\"dpt\" data-dpt-src=\"https:\/\/www.markus-schall.de\/wp-content\/uploads\/Europa-Energie.jpg\" data-dpt-sizes=\"(max-width: 1024px) 100vw, 1024px\" data-dpt-srcset=\"https:\/\/www.markus-schall.de\/wp-content\/uploads\/Europa-Energie.jpg 1024w, https:\/\/www.markus-schall.de\/wp-content\/uploads\/Europa-Energie-300x200.jpg 300w, https:\/\/www.markus-schall.de\/wp-content\/uploads\/Europa-Energie-768x512.jpg 768w, https:\/\/www.markus-schall.de\/wp-content\/uploads\/Europa-Energie-18x12.jpg 18w\" \/><\/div><span class=\"dpt-thumbnail-aspect-ratio\" style=\"padding-top: 75%\"><\/span><\/div><\/div><div class=\" sub-entry\"><h3 class=\" dpt-title\"><a class=\"dpt-title-link\" href=\"https:\/\/www.markus-schall.de\/tr\/2026\/02\/energie-macht-und-abhaengigkeit-europas-weg-vom-exportweltmeister-zum-nachfrager\/\" rel=\"bookmark\">Energie, Macht und Abh\u00e4ngigkeit: Europas Weg vom Exportweltmeister zum Nachfrager<\/a><\/h3><\/div><\/div>\n\t\t\t\t\t\t<\/div><!-- .dpt-entry -->\n\t\t\t\t\t\t\t\t\t\t\t\t<div class=\"dpt-entry has-thumbnail\" data-title=\"cancel culture im westen: sport, universit\u00e4ten, milit\u00e4r und eu-sanktionen analysiert\" data-id=\"5009\"  data-category=\"allgemein gesellschaft kunst &amp; kultur\" data-post_tag=\"denkmodelle deutschland europa geopolitik krisen meinungsfreiheit sicherheitspolitik spieltheorie\">\n\t\t\t\t\t\t\t<div class=\"dpt-entry-wrapper\"><div class=\" dpt-featured-content\"><div class=\" dpt-permalink\"><a href=\"https:\/\/www.markus-schall.de\/tr\/2026\/02\/cancel-culture-im-westen-sport-universitaeten-militaer-und-eu-sanktionen-analysiert\/\" class=\"dpt-permalink\"><span class=\"screen-reader-text\">Cancel Culture im Westen: Sport, Universit\u00e4ten, Milit\u00e4r und EU-Sanktionen analysiert<\/span><\/a><\/div><div class=\" dpt-thumbnail\"><div class=\"dpt-thumbnail-inner\"><img width=\"1024\" height=\"683\" class=\"attachment-full size-full\" alt=\"Cancel Culture im Westen\" context=\"dpt\" data-dpt-src=\"https:\/\/www.markus-schall.de\/wp-content\/uploads\/Cancel-Culture-Westen.jpg\" data-dpt-sizes=\"(max-width: 1024px) 100vw, 1024px\" data-dpt-srcset=\"https:\/\/www.markus-schall.de\/wp-content\/uploads\/Cancel-Culture-Westen.jpg 1024w, https:\/\/www.markus-schall.de\/wp-content\/uploads\/Cancel-Culture-Westen-300x200.jpg 300w, https:\/\/www.markus-schall.de\/wp-content\/uploads\/Cancel-Culture-Westen-768x512.jpg 768w, https:\/\/www.markus-schall.de\/wp-content\/uploads\/Cancel-Culture-Westen-18x12.jpg 18w\" \/><\/div><span class=\"dpt-thumbnail-aspect-ratio\" style=\"padding-top: 75%\"><\/span><\/div><\/div><div class=\" sub-entry\"><h3 class=\" dpt-title\"><a class=\"dpt-title-link\" href=\"https:\/\/www.markus-schall.de\/tr\/2026\/02\/cancel-culture-im-westen-sport-universitaeten-militaer-und-eu-sanktionen-analysiert\/\" rel=\"bookmark\">Cancel Culture im Westen: Sport, Universit\u00e4ten, Milit\u00e4r und EU-Sanktionen analysiert<\/a><\/h3><\/div><\/div>\n\t\t\t\t\t\t<\/div><!-- .dpt-entry -->\n\t\t\t\t\t\t\t\t\t\t\t\t<div class=\"dpt-entry has-thumbnail\" data-title=\"vom content zur substanz: wie digitale systeme entstehen, die nicht kopierbar sind\" data-id=\"5899\"  data-category=\"allgemein b\u00fccher featured gesellschaft tipps &amp; anleitungen\" data-post_tag=\"buch datenlogik denkmodelle digitales eigentum erfahrungen k\u00fcnstliche intelligenz prozesse publishing ratgeber\">\n\t\t\t\t\t\t\t<div class=\"dpt-entry-wrapper\"><div class=\" dpt-featured-content\"><div class=\" dpt-permalink\"><a href=\"https:\/\/www.markus-schall.de\/tr\/2026\/04\/vom-content-zur-substanz-wie-digitale-systeme-entstehen-die-nicht-kopierbar-sind\/\" class=\"dpt-permalink\"><span class=\"screen-reader-text\">Vom Content zur Substanz: Wie digitale Systeme entstehen, die nicht kopierbar sind<\/span><\/a><\/div><div class=\" dpt-thumbnail\"><div class=\"dpt-thumbnail-inner\"><img width=\"1024\" height=\"682\" class=\"attachment-full size-full\" alt=\"System statt Einzelinhalt\" context=\"dpt\" data-dpt-src=\"https:\/\/www.markus-schall.de\/wp-content\/uploads\/Organische-Reichweite.jpg\" data-dpt-sizes=\"(max-width: 1024px) 100vw, 1024px\" data-dpt-srcset=\"https:\/\/www.markus-schall.de\/wp-content\/uploads\/Organische-Reichweite.jpg 1024w, https:\/\/www.markus-schall.de\/wp-content\/uploads\/Organische-Reichweite-300x200.jpg 300w, https:\/\/www.markus-schall.de\/wp-content\/uploads\/Organische-Reichweite-768x512.jpg 768w, https:\/\/www.markus-schall.de\/wp-content\/uploads\/Organische-Reichweite-18x12.jpg 18w\" \/><\/div><span class=\"dpt-thumbnail-aspect-ratio\" style=\"padding-top: 75%\"><\/span><\/div><\/div><div class=\" sub-entry\"><h3 class=\" dpt-title\"><a class=\"dpt-title-link\" href=\"https:\/\/www.markus-schall.de\/tr\/2026\/04\/vom-content-zur-substanz-wie-digitale-systeme-entstehen-die-nicht-kopierbar-sind\/\" rel=\"bookmark\">Vom Content zur Substanz: Wie digitale Systeme entstehen, die nicht kopierbar sind<\/a><\/h3><\/div><\/div>\n\t\t\t\t\t\t<\/div><!-- .dpt-entry -->\n\t\t\t\t\t\t\n\t\t\t\t<\/div>\n\t\t\t\t\t\t<\/div>\n\t\t\t\n<hr \/>\n<h2>Aktuelle Meldungen zur Meinungsfreiheit<\/h2>\n<p><strong>01.04.2026<\/strong>: Der Jurist und Journalist Ronen Steinke zeichnet <a href=\"https:\/\/mmm.verdi.de\/aktuelle-meldungen\/immer-aerger-mit-der-obrigkeit-107141\" target=\"_blank\" rel=\"noopener\"><strong>in seinem neuen Buch \u201eMeinungsfreiheit\u201c<\/strong><\/a> ein kritisches Bild der aktuellen Lage in Deutschland. Im Mittelpunkt steht die Beobachtung, dass die Zahl gesetzlicher Einschr\u00e4nkungen f\u00fcr \u00c4u\u00dferungen in den vergangenen Jahren deutlich zugenommen hat. Neue Paragrafen und versch\u00e4rfte Regelungen f\u00fchren dazu, dass Polizei und Justiz immer h\u00e4ufiger gegen bestimmte Aussagen vorgehen.<\/p>\n<div class=\"lyte-wrapper\" style=\"width:640px;max-width:100%;margin:5px;\"><div class=\"lyMe\" id=\"WYL_jjbsPL7cGkw\"><div id=\"lyte_jjbsPL7cGkw\" data-src=\"https:\/\/www.markus-schall.de\/wp-content\/plugins\/wp-youtube-lyte\/lyteCache.php?origThumbUrl=%2F%2Fi.ytimg.com%2Fvi%2FjjbsPL7cGkw%2Fhqdefault.jpg\" class=\"pL\"><div class=\"tC\"><div class=\"tT\"><\/div><\/div><div class=\"play\"><\/div><div class=\"ctrl\"><div class=\"Lctrl\"><\/div><div class=\"Rctrl\"><\/div><\/div><\/div><noscript><a href=\"https:\/\/youtu.be\/jjbsPL7cGkw\" rel=\"nofollow noopener\" target=\"_blank\"><img loading=\"lazy\" decoding=\"async\" src=\"https:\/\/www.markus-schall.de\/wp-content\/plugins\/wp-youtube-lyte\/lyteCache.php?origThumbUrl=https%3A%2F%2Fi.ytimg.com%2Fvi%2FjjbsPL7cGkw%2F0.jpg\" alt=\"YouTube video thumbnail\" width=\"640\" height=\"340\" \/><br \/>Watch this video on YouTube<\/a><\/noscript><\/div><\/div><div class=\"lL\" style=\"max-width:100%;width:640px;margin:5px;\"><\/div><br \/>\nIst die Meinungsfreiheit in Deutschland in Gefahr? Mit Ronen Steinke | <a href=\"https:\/\/www.youtube.com\/@PolitikmitAnneWill\" target=\"_blank\" rel=\"nofollow noopener\">Politik mit Anne Will<\/a><\/p>\n<p>Die Zahl entsprechender Ermittlungsverfahren ist stark gestiegen. Zwar k\u00f6nnen solche Ma\u00dfnahmen im Einzelfall berechtigt sein, insgesamt w\u00e4chst jedoch das Risiko, wegen zugespitzter politischer \u00c4u\u00dferungen staatliche Konsequenzen zu erfahren. Steinke sieht darin eine Entwicklung, die das Verh\u00e4ltnis zwischen B\u00fcrger und Staat ver\u00e4ndert und die Meinungsfreiheit zunehmend unter Druck setzt. Die Debatte dar\u00fcber, wo legitime Regulierung endet und Einschr\u00e4nkung beginnt, gewinnt damit weiter an Bedeutung.<\/p>\n<p><strong><img loading=\"lazy\" decoding=\"async\" class=\"alignright size-medium wp-image-5385\" src=\"https:\/\/www.markus-schall.de\/wp-content\/uploads\/Guido-Westerwelle-Todestag-300x156.jpg\" alt=\"Guido Westerwelle\" width=\"300\" height=\"156\" srcset=\"https:\/\/www.markus-schall.de\/wp-content\/uploads\/Guido-Westerwelle-Todestag-300x156.jpg 300w, https:\/\/www.markus-schall.de\/wp-content\/uploads\/Guido-Westerwelle-Todestag-1024x534.jpg 1024w, https:\/\/www.markus-schall.de\/wp-content\/uploads\/Guido-Westerwelle-Todestag-768x401.jpg 768w, https:\/\/www.markus-schall.de\/wp-content\/uploads\/Guido-Westerwelle-Todestag-18x9.jpg 18w, https:\/\/www.markus-schall.de\/wp-content\/uploads\/Guido-Westerwelle-Todestag.jpg 1536w\" sizes=\"auto, (max-width: 300px) 100vw, 300px\" \/>18.03.2026<\/strong>: Zum zehnten Todestag von Guido Westerwelle stelle ich die wohl bekannteste seiner Reden passend zu diesem Artikel ein. In seiner Abschiedsrede auf dem FDP-Bundesparteitag im Mai 2011 formulierte Guido Westerwelle eine der pr\u00e4gnantesten liberalen Mahnungen der j\u00fcngeren deutschen Politik. Er erinnerte daran, dass Freiheit kein Zustand ist, den man einmal erreicht und dann behalten kann, sondern etwas, das schleichend verloren gehen kann &#8211; oft unbemerkt. Mit seinem vielzitierten Satz, die <em><strong>Freiheit sterbe \u201eimmer zentimeterweise\u201c<\/strong><\/em>, griff er eine zentrale Warnung auf: Nicht der gro\u00dfe Umbruch gef\u00e4hrdet die Freiheit, sondern die kleinen, scheinbar vern\u00fcnftigen Einschr\u00e4nkungen im Alltag.<\/p>\n<p>Gleichzeitig betonte Westerwelle einen Gedanken, der heute fast altmodisch wirkt: Freiheit ist untrennbar mit Verantwortung verbunden. Ein Gemeinwesen k\u00f6nne nur funktionieren, wenn B\u00fcrger ihre Freiheit aktiv leben und verteidigen, statt sie an den Staat zu delegieren. Freiheit sei eben nicht die Freiheit von Verantwortung, sondern die Freiheit zur Verantwortung &#8211; ein Prinzip, das er sp\u00e4ter auch international immer wieder betonte.<\/p>\n<div class=\"lyte-wrapper\" style=\"width:640px;max-width:100%;margin:5px;\"><div class=\"lyMe\" id=\"WYL_XtKxVPg7PC0\"><div id=\"lyte_XtKxVPg7PC0\" data-src=\"https:\/\/www.markus-schall.de\/wp-content\/plugins\/wp-youtube-lyte\/lyteCache.php?origThumbUrl=%2F%2Fi.ytimg.com%2Fvi%2FXtKxVPg7PC0%2Fhqdefault.jpg\" class=\"pL\"><div class=\"tC\"><div class=\"tT\"><\/div><\/div><div class=\"play\"><\/div><div class=\"ctrl\"><div class=\"Lctrl\"><\/div><div class=\"Rctrl\"><\/div><\/div><\/div><noscript><a href=\"https:\/\/youtu.be\/XtKxVPg7PC0\" rel=\"nofollow noopener\" target=\"_blank\"><img loading=\"lazy\" decoding=\"async\" src=\"https:\/\/www.markus-schall.de\/wp-content\/plugins\/wp-youtube-lyte\/lyteCache.php?origThumbUrl=https%3A%2F%2Fi.ytimg.com%2Fvi%2FXtKxVPg7PC0%2F0.jpg\" alt=\"YouTube video thumbnail\" width=\"640\" height=\"340\" \/><br \/>Watch this video on YouTube<\/a><\/noscript><\/div><\/div><div class=\"lL\" style=\"max-width:100%;width:640px;margin:5px;\"><\/div><br \/>\nAbschiedsrede Guido Westerwelle | <a href=\"https:\/\/www.youtube.com\/@phoenix\" target=\"_blank\" rel=\"nofollow noopener\">phoenix<\/a><\/p>\n<hr \/>\n<h2>Was ist hier eigentlich in Bewegung geraten?<\/h2>\n<p>Europa war \u00fcber Jahrzehnte ein Raum, in dem Meinungsfreiheit als selbstverst\u00e4ndlicher Grundpfeiler galt. Man konnte streiten, provozieren, widersprechen. Man konnte auch Unsinn reden &#8211; und musste im Zweifel mit Gegenrede leben, nicht mit strafrechtlichen Konsequenzen. Diese Unterscheidung war klar: Zwischen beleidigender Hetze und kontroverser Meinung lag eine juristisch definierte Grenze.<\/p>\n<p>Doch in den vergangenen Jahren hat sich der Ton ver\u00e4ndert. Begriffe wie \u201eHate Speech\u201c, \u201eDesinformation\u201c oder \u201etoxische Inhalte\u201c sind zu festen Bestandteilen politischer Debatten geworden. Sie sind nicht per se falsch oder illegitim. Nat\u00fcrlich braucht jede Gesellschaft Regeln. Nat\u00fcrlich darf niemand zu Gewalt aufrufen oder Menschen entw\u00fcrdigen.<\/p>\n<p>Aber zugleich scheint sich etwas zu verschieben. Die Definitionen werden weiter. Die Interpretationsspielr\u00e4ume gr\u00f6\u00dfer. Was gestern noch als zugespitzte Meinung galt, kann heute als problematisch eingeordnet werden. Und was heute noch diskutierbar erscheint, k\u00f6nnte morgen unter einen neuen, weiter gefassten Tatbestand fallen.<\/p>\n<p>Diese Entwicklung verl\u00e4uft nicht laut. Sie geschieht schrittweise. Und gerade deshalb ist sie bemerkenswert.<\/p>\n<h3>Zwischen Schutz und Bevormundung<\/h3>\n<p>Die zentrale Frage lautet nicht, ob es Grenzen geben darf. Die Frage lautet, wo sie verlaufen &#8211; und wer sie zieht. Wenn politische Vorst\u00f6\u00dfe nun darauf abzielen, \u201eHate Speech\u201c deutlich weiter zu definieren als bisher, wenn selbst grundlegende gesellschaftliche oder biologische Aussagen unter bestimmten Umst\u00e4nden als diskriminierend gewertet werden k\u00f6nnten, dann entsteht ein Spannungsfeld. Ein Spannungsfeld zwischen dem legitimen Schutz von Minderheiten und der Freiheit, \u00fcber gesellschaftliche Entwicklungen offen zu sprechen.<\/p>\n<p>Eine stabile Demokratie muss beides aushalten: Schutz und Streit. Wenn jedoch der Eindruck entsteht, dass Debatten zunehmend juristisch eingefasst werden, w\u00e4chst das Misstrauen. Nicht unbedingt, weil die Menschen radikaler werden &#8211; sondern weil sie das Gef\u00fchl bekommen, dass R\u00e4ume enger werden.<\/p>\n<p>Vielleicht ist genau das der Punkt, an dem das geplante US-Portal symbolisch Bedeutung gewinnt. Nicht, weil es sofort Realit\u00e4t schafft. Sondern weil es zeigt, wie Europa von au\u00dfen betrachtet wird. Offenbar gibt es in Washington die Einsch\u00e4tzung, dass europ\u00e4ische B\u00fcrger k\u00fcnftig m\u00f6glicherweise nicht mehr auf alle Informationen zugreifen k\u00f6nnen, die anderswo frei verf\u00fcgbar sind.<\/p>\n<p>Ob diese Einsch\u00e4tzung zutrifft oder nicht &#8211; allein die Tatsache, dass sie formuliert wird, ist bemerkenswert.<\/p>\n<h3>Eine Frage der Haltung<\/h3>\n<p>Ich schreibe diesen Artikel nicht aus Emp\u00f6rung, sondern aus Neugier. Und vielleicht auch aus einer gewissen Skepsis gegen\u00fcber Entwicklungen, die sich allzu selbstverst\u00e4ndlich geben.<\/p>\n<p>Europa hat seine Identit\u00e4t aus Aufkl\u00e4rung, Diskurs und intellektueller Reibung gewonnen. Aus der \u00dcberzeugung, dass Argumente st\u00e4rker sind als Verbote. Dass m\u00fcndige B\u00fcrger in der Lage sind, Informationen einzuordnen &#8211; selbst wenn sie unbequem oder widerspr\u00fcchlich sind.<\/p>\n<p>Wenn nun neue Gesetze, neue Definitionen und neue digitale Regime entstehen, dann ist es legitim, zu fragen: Bleiben wir diesem Erbe treu? Oder bewegen wir uns &#8211; vielleicht gut gemeint &#8211; in eine Richtung, in der Regulierung schleichend zur Begrenzung wird?<\/p>\n<p>Die Meldung \u00fcber das amerikanische Informationsportal war f\u00fcr mich ein Anlass, diese Fragen nicht nur am Rande zu betrachten. Sie ist ein Signal. Kein Beweis f\u00fcr einen Umbruch, aber ein Hinweis darauf, dass sich etwas ver\u00e4ndert. Und genau dieser Ver\u00e4nderung m\u00f6chte ich in den folgenden Kapiteln nachgehen &#8211; ruhig, sachlich und ohne vorschnelle Urteile.<\/p>\n<p><img loading=\"lazy\" decoding=\"async\" class=\"alignnone size-large wp-image-5106\" src=\"https:\/\/www.markus-schall.de\/wp-content\/uploads\/EU-Hatespeech-US-Portal-Vermessung.jpg\" alt=\"\" width=\"1024\" height=\"683\" srcset=\"https:\/\/www.markus-schall.de\/wp-content\/uploads\/EU-Hatespeech-US-Portal-Vermessung.jpg 1024w, https:\/\/www.markus-schall.de\/wp-content\/uploads\/EU-Hatespeech-US-Portal-Vermessung-300x200.jpg 300w, https:\/\/www.markus-schall.de\/wp-content\/uploads\/EU-Hatespeech-US-Portal-Vermessung-768x512.jpg 768w, https:\/\/www.markus-schall.de\/wp-content\/uploads\/EU-Hatespeech-US-Portal-Vermessung-18x12.jpg 18w\" sizes=\"auto, (max-width: 1024px) 100vw, 1024px\" \/><\/p>\n<h2>Was unter \u201eHate Speech\u201c k\u00fcnftig fallen soll<\/h2>\n<p>Der Ausdruck \u201eHate Speech\u201c ist keineswegs neu. Seit vielen Jahren wird er verwendet, um gezielte Herabw\u00fcrdigung, Aufstachelung zu Hass oder Aufrufe zu Gewalt gegen bestimmte Gruppen zu beschreiben. In diesem engen Sinne war und ist die Sache vergleichsweise klar: Wer andere Menschen entmenschlicht oder zu Gewalt animiert, \u00fcberschreitet eine Grenze.<\/p>\n<p>Doch in j\u00fcngerer Zeit l\u00e4sst sich beobachten, dass der Begriff in politischen Debatten weiter gefasst wird. Nicht nur strafrechtlich relevante Hetze steht im Fokus, sondern auch \u00c4u\u00dferungen, die als \u201eentw\u00fcrdigend\u201c, \u201eausgrenzend\u201c oder \u201esch\u00e4dlich f\u00fcr das gesellschaftliche Klima\u201c interpretiert werden k\u00f6nnten. Die Formulierungen in verschiedenen europ\u00e4ischen Entw\u00fcrfen und politischen Stellungnahmen sind dabei auff\u00e4llig offen gehalten.<\/p>\n<p>Was zun\u00e4chst wie eine begriffliche Nuance erscheint, hat praktische Folgen. Denn je weiter ein Begriff gefasst ist, desto gr\u00f6\u00dfer wird der Interpretationsspielraum. Und je gr\u00f6\u00dfer der Interpretationsspielraum, desto st\u00e4rker h\u00e4ngt die Anwendung vom jeweiligen politischen und kulturellen Kontext ab.<\/p>\n<h3>Von der Strafbarkeit zur Normierung<\/h3>\n<p>Ein wesentlicher Unterschied besteht zwischen klar definierten Straftatbest\u00e4nden und normativen Erwartungen. Klassische Gesetze benennen konkret, was verboten ist: Beleidigung, Volksverhetzung, Aufruf zu Gewalt. Sie sind \u00fcberpr\u00fcfbar, justiziabel und an relativ pr\u00e4zise Tatbest\u00e4nde gebunden.<\/p>\n<p>Im aktuellen Diskurs geht es jedoch zunehmend um eine Art erweiterte Schutzlogik. Nicht nur direkte Angriffe auf Menschen sollen unterbunden werden, sondern auch Aussagen, die als indirekt verletzend oder strukturell diskriminierend verstanden werden k\u00f6nnen. Dabei verschiebt sich der Fokus von der konkreten Handlung hin zur m\u00f6glichen Wirkung.<\/p>\n<p>Das Problem dabei ist nicht der Schutzgedanke an sich. Jede zivilisierte Gesellschaft sch\u00fctzt ihre Mitglieder vor Diffamierung und Gewalt. Die Herausforderung liegt vielmehr in der Abgrenzung: Wann wird aus einer kontroversen Meinung eine strafw\u00fcrdige Aussage? Wann ist Kritik an gesellschaftlichen Entwicklungen noch legitim &#8211; und wann gilt sie als Herabw\u00fcrdigung?<\/p>\n<p>Gerade in diesem Graubereich entstehen Unsicherheiten.<\/p>\n<h3>Der Streit um Geschlecht und Identit\u00e4t<\/h3>\n<p>Besonders deutlich wird diese Entwicklung in der Debatte um Geschlecht und Identit\u00e4t. In einigen politischen Stellungnahmen und begleitenden Diskussionspapieren wird angedeutet, dass die \u201eLeugnung der Existenz bestimmter Geschlechtsidentit\u00e4ten\u201c oder die \u201eZur\u00fcckweisung geschlechtlicher Vielfalt\u201c als diskriminierend eingestuft werden k\u00f6nnten.<\/p>\n<p>Das wirft Fragen auf. Ist die Aussage, es gebe biologisch zwei Geschlechter, eine wissenschaftliche Feststellung oder bereits eine politische Provokation? Ist die Ablehnung bestimmter sprachlicher Formen &#8211; etwa des Genderns &#8211; Ausdruck pers\u00f6nlicher Pr\u00e4ferenz oder potenziell verletzend?<\/p>\n<p>Hier prallen unterschiedliche Weltbilder aufeinander. F\u00fcr die einen ist die Anerkennung vielf\u00e4ltiger Identit\u00e4ten ein Gebot der W\u00fcrde. F\u00fcr die anderen ist die Betonung biologischer Kategorien eine sachliche Position. Solange diese Positionen offen diskutiert werden k\u00f6nnen, bleibt die demokratische Balance gewahrt. Wenn jedoch eine Seite das Risiko tr\u00e4gt, juristisch sanktioniert zu werden, entsteht ein Ungleichgewicht.<\/p>\n<p>Es geht nicht darum, eine dieser Positionen zu bewerten. Es geht darum, ob der Staat sich in diese Auseinandersetzung als Schiedsrichter einschaltet &#8211; und wenn ja, mit welchen Kriterien.<\/p>\n<h3>Was darf man in Deutschland noch sagen? &#8211; Eine Reportage \u00fcber Meinungsfreiheit im Spannungsfeld<\/h3>\n<p>In der ZDF-Sendung \u201eAm Puls\u201c geht Mitri Sirin der Frage nach, wie es um die Meinungsfreiheit in Deutschland steht. Die Reportage beleuchtet unterschiedliche Perspektiven &#8211; von Menschen, die Einschr\u00e4nkungen wahrnehmen, bis hin zu jenen, die das Grundrecht weiterhin als stabil betrachten. Dabei wird deutlich, wie emotional und zugleich komplex die Debatte gef\u00fchrt wird.<\/p>\n<div class=\"lyte-wrapper\" style=\"width:640px;max-width:100%;margin:5px;\"><div class=\"lyMe\" id=\"WYL_aXBj5Bomgk8\"><div id=\"lyte_aXBj5Bomgk8\" data-src=\"https:\/\/www.markus-schall.de\/wp-content\/plugins\/wp-youtube-lyte\/lyteCache.php?origThumbUrl=%2F%2Fi.ytimg.com%2Fvi%2FaXBj5Bomgk8%2Fhqdefault.jpg\" class=\"pL\"><div class=\"tC\"><div class=\"tT\"><\/div><\/div><div class=\"play\"><\/div><div class=\"ctrl\"><div class=\"Lctrl\"><\/div><div class=\"Rctrl\"><\/div><\/div><\/div><noscript><a href=\"https:\/\/youtu.be\/aXBj5Bomgk8\" rel=\"nofollow noopener\" target=\"_blank\"><img loading=\"lazy\" decoding=\"async\" src=\"https:\/\/www.markus-schall.de\/wp-content\/plugins\/wp-youtube-lyte\/lyteCache.php?origThumbUrl=https%3A%2F%2Fi.ytimg.com%2Fvi%2FaXBj5Bomgk8%2F0.jpg\" alt=\"YouTube video thumbnail\" width=\"640\" height=\"340\" \/><br \/>Watch this video on YouTube<\/a><\/noscript><\/div><\/div><div class=\"lL\" style=\"max-width:100%;width:640px;margin:5px;\"><\/div><br \/>\nWas darf man in Deutschland noch sagen? &#8211; Am Puls mit Mitri Sirin | <a href=\"https:\/\/www.youtube.com\/@ZDFheute\" target=\"_blank\" rel=\"noopener\">ZDFheute<\/a><\/p>\n<p>Zwischen historischen Erfahrungen, aktuellen Strafverfahren und gesellschaftlicher Polarisierung entsteht ein vielschichtiges Bild. Die zentrale Frage bleibt: Ist die Meinungsfreiheit in Gefahr &#8211; oder ver\u00e4ndert sich lediglich ihr \u00f6ffentlicher Rahmen?<\/p>\n<h3>Die Rolle von Plattformen und Beh\u00f6rden<\/h3>\n<p>Ein weiterer Aspekt betrifft die praktische Umsetzung. Selbst wenn Gesetze nicht explizit jede problematische \u00c4u\u00dferung unter Strafe stellen, entsteht durch regulatorische Vorgaben Druck auf Plattformen. Der Digital Services Act etwa verpflichtet gro\u00dfe Online-Anbieter zu verst\u00e4rkter Moderation und schneller Reaktion auf gemeldete Inhalte.<\/p>\n<p>In der Praxis bedeutet das: Unternehmen m\u00fcssen entscheiden, was zul\u00e4ssig ist und was nicht. Sie handeln dabei unter Zeitdruck und mit Blick auf m\u00f6gliche Sanktionen. Im Zweifel werden sie eher l\u00f6schen als riskieren, gegen Auflagen zu versto\u00dfen. Diese Dynamik f\u00fchrt zu einer Art vorauseilender Anpassung &#8211; einer Selbstregulierung, die h\u00e4ufig strenger ausf\u00e4llt als die eigentliche Rechtslage.<\/p>\n<p>Dadurch verschiebt sich die Debatte weiter in private Moderationsr\u00e4ume. Entscheidungen werden nicht mehr in \u00f6ffentlichen Gerichtsverfahren transparent ausgehandelt, sondern in internen Teams und Algorithmen getroffen. F\u00fcr die Nutzer bleibt oft unklar, warum ein Beitrag entfernt oder ein Konto gesperrt wurde.<\/p>\n<p>So entsteht ein System, das zwar formal rechtsstaatlich eingebettet ist, aber im Alltag schwer durchschaubar wirkt.<\/p>\n<h3>Zwischen Schutz und \u00dcberdehnung<\/h3>\n<p>Man k\u00f6nnte argumentieren, dass all dies dem Schutz vulnerabler Gruppen dient. Und tats\u00e4chlich ist das erkl\u00e4rte Ziel vieler politischer Initiativen, Diskriminierung zu verringern und ein respektvolles Miteinander zu f\u00f6rdern.<\/p>\n<p>Doch jede Norm tr\u00e4gt die Gefahr der \u00dcberdehnung in sich. Wenn Begriffe wie \u201eHate Speech\u201c zu Sammelkategorien werden, unter denen sehr unterschiedliche Sachverhalte subsumiert werden, verlieren sie an Klarheit. Was als Schutz gedacht ist, kann als Einschr\u00e4nkung empfunden werden.<\/p>\n<p>Demokratische Gesellschaften leben von der F\u00e4higkeit, Spannungen auszuhalten. Sie beruhen auf der Annahme, dass B\u00fcrger widerspr\u00fcchliche Informationen und harte Debatten verkraften k\u00f6nnen. Wird diese Annahme aufgegeben, verschiebt sich das Verst\u00e4ndnis von M\u00fcndigkeit.<\/p>\n<p>Vielleicht liegt genau hier der Kern der aktuellen Entwicklung: Nicht nur die Definition von Hassrede steht zur Diskussion, sondern das Bild vom B\u00fcrger selbst. Ist er jemand, der gesch\u00fctzt werden muss &#8211; auch vor unbequemen Meinungen? Oder jemand, dem man zutraut, sich im offenen Diskurs zu orientieren?<\/p>\n<p>Diese Frage wird nicht ausdr\u00fccklich gestellt. Aber sie schwingt in jeder erweiterten Definition mit. Und genau deshalb lohnt es sich, die Begriffe sorgf\u00e4ltig zu betrachten, bevor sie zur Grundlage weitreichender politischer Entscheidungen werden.<\/p>\n<p><img loading=\"lazy\" decoding=\"async\" class=\"alignnone size-large wp-image-5107\" src=\"https:\/\/www.markus-schall.de\/wp-content\/uploads\/EU-Hatespeech-US-Portal-Hate-Speech.jpg\" alt=\"Wer definiert, was Hate speech ist?\" width=\"1024\" height=\"683\" srcset=\"https:\/\/www.markus-schall.de\/wp-content\/uploads\/EU-Hatespeech-US-Portal-Hate-Speech.jpg 1024w, https:\/\/www.markus-schall.de\/wp-content\/uploads\/EU-Hatespeech-US-Portal-Hate-Speech-300x200.jpg 300w, https:\/\/www.markus-schall.de\/wp-content\/uploads\/EU-Hatespeech-US-Portal-Hate-Speech-768x512.jpg 768w, https:\/\/www.markus-schall.de\/wp-content\/uploads\/EU-Hatespeech-US-Portal-Hate-Speech-18x12.jpg 18w\" sizes=\"auto, (max-width: 1024px) 100vw, 1024px\" \/><\/p>\n<h2>Wenn Definitionen politisch werden<\/h2>\n<p>In jeder Rechtsordnung gibt es Begriffe, die ausgelegt werden m\u00fcssen. Kein Gesetz kann jeden Einzelfall im Voraus vollst\u00e4ndig definieren. Deshalb existieren Gerichte, deshalb gibt es juristische Kommentierungen, deshalb entwickelt sich Rechtsprechung \u00fcber Jahrzehnte. Entscheidend ist jedoch, dass zentrale Begriffe m\u00f6glichst klar und berechenbar bleiben.<\/p>\n<p>Wenn nun Kategorien wie \u201eHate Speech\u201c, \u201eDesinformation\u201c oder \u201eentw\u00fcrdigende Inhalte\u201c in immer weitere Kontexte hineinreichen, stellt sich eine grundlegende Frage:<\/p>\n<blockquote><p><em>Wer bestimmt eigentlich, wo die Grenze verl\u00e4uft?<\/em><\/p><\/blockquote>\n<p>Ist es der Gesetzgeber? Sind es Gerichte? Sind es Beh\u00f6rden? Oder sind es private Plattformen, die unter regulatorischem Druck eigenst\u00e4ndig entscheiden? In der Praxis entsteht ein Zusammenspiel all dieser Akteure. Doch je diffuser die Begriffe, desto gr\u00f6\u00dfer wird der Interpretationsspielraum. Und je gr\u00f6\u00dfer der Interpretationsspielraum, desto st\u00e4rker wirkt der politische Zeitgeist.<\/p>\n<p>Recht sollte idealerweise stabiler sein als die Tagespolitik. Es sollte Orientierung geben &#8211; gerade dann, wenn gesellschaftliche Debatten hitzig werden. Wenn jedoch Definitionen selbst politisch aufgeladen sind, verliert das Recht einen Teil seiner Verl\u00e4sslichkeit.<\/p>\n<h3>Moral im Wandel<\/h3>\n<p>Geschichte zeigt, wie wandelbar moralische Kategorien sein k\u00f6nnen. Was in einer Epoche als selbstverst\u00e4ndlich galt, wurde in einer sp\u00e4teren als problematisch betrachtet &#8211; und umgekehrt. Dieser Wandel ist kein Makel, sondern Ausdruck gesellschaftlicher Entwicklung. Doch er birgt ein Risiko, wenn moralische Bewertungen unmittelbar in strafrechtliche Kategorien \u00fcberf\u00fchrt werden.<\/p>\n<p>Denn Strafrecht ist das sch\u00e4rfste Instrument des Staates. Es greift nicht nur regulierend ein, sondern sanktionierend. Wer mit ihm operiert, sollte deshalb besondere Zur\u00fcckhaltung wahren.<\/p>\n<p>Wenn Definitionen politisch werden, bedeutet das nicht zwangsl\u00e4ufig Willk\u00fcr. Es bedeutet jedoch, dass gesellschaftliche Auseinandersetzungen nicht mehr ausschlie\u00dflich im Diskurs gef\u00fchrt werden, sondern unter dem Damoklesschwert m\u00f6glicher Sanktionen stehen. Das ver\u00e4ndert die Dynamik.<\/p>\n<p>Menschen beginnen, sich vorsichtiger auszudr\u00fccken. Unternehmen reagieren pr\u00e4ventiv. Medienh\u00e4user pr\u00fcfen doppelt, ob bestimmte Formulierungen noch vertretbar sind. Nicht unbedingt, weil sie extrem w\u00e4ren &#8211; sondern weil unklar ist, wie sie k\u00fcnftig eingeordnet werden k\u00f6nnten. Diese Entwicklung geschieht selten abrupt. Sie ist schleichend.<\/p>\n<h3>Die Rolle von Beh\u00f6rden und beratenden Gremien<\/h3>\n<p>Ein weiterer Aspekt betrifft die wachsende Bedeutung administrativer Auslegung. Neben Gerichten treten zunehmend Beh\u00f6rden, Aufsichtsstellen und beratende Gremien auf den Plan. Sie formulieren Leitlinien, geben Empfehlungen und interpretieren neue Vorschriften im digitalen Raum. Formal bewegen sie sich im Rahmen der Gesetze. Faktisch pr\u00e4gen sie jedoch deren Anwendung erheblich. Wenn etwa Aufsichtsbeh\u00f6rden festlegen, welche Inhalte Plattformen besonders kritisch zu behandeln haben, entsteht ein indirekter Normierungsdruck.<\/p>\n<p>Hinzu kommt die Einbindung externer Akteure: NGOs, wissenschaftliche Beir\u00e4te, zivilgesellschaftliche Initiativen. Sie liefern Einsch\u00e4tzungen, definieren problematische Narrative und bewerten Diskursentwicklungen. Das ist grunds\u00e4tzlich legitim &#8211; Vielfalt an Expertise ist wertvoll. Doch auch hier gilt: Je politischer ein Thema, desto st\u00e4rker flie\u00dfen weltanschauliche Perspektiven ein.<\/p>\n<p>Damit verschiebt sich das Gewicht von klar kodifizierten Tatbest\u00e4nden hin zu Bewertungsprozessen. Und Bewertungsprozesse sind naturgem\u00e4\u00df weniger eindeutig.<\/p>\n<h3>Plattformen als neue Grenzinstanzen<\/h3>\n<p>Im digitalen Zeitalter spielen gro\u00dfe Plattformen eine Schl\u00fcsselrolle. Sie sind keine staatlichen Organe, aber sie fungieren de facto als Gatekeeper \u00f6ffentlicher Kommunikation. Wenn regulatorische Vorgaben ihnen nahelegen, bestimmte Inhalte schnell zu entfernen oder Nutzerkonten zu sperren, entsteht ein System privater Grenzziehung.<\/p>\n<p>Dabei arbeiten Moderationsteams mit internen Richtlinien, automatisierten Filtern und Meldesystemen. Entscheidungen werden h\u00e4ufig in Sekunden getroffen. Eine juristische Abw\u00e4gung im klassischen Sinne findet selten statt. Stattdessen wird nach Wahrscheinlichkeiten entschieden: K\u00f6nnte dieser Inhalt problematisch sein? K\u00f6nnte er gegen neue Vorschriften versto\u00dfen? K\u00f6nnte er Sanktionen nach sich ziehen?<\/p>\n<p>Im Zweifel wird gel\u00f6scht. Diese Logik ist nachvollziehbar aus unternehmerischer Sicht. Sie schafft jedoch ein Klima der Unsicherheit. Denn die Grenze verschiebt sich nicht nur durch formale Gesetze, sondern durch vorsorgliche Anpassung an m\u00f6gliche Interpretationen.<\/p>\n<h3>Normverschiebung als langfristiger Prozess<\/h3>\n<p>Wenn Definitionen politisch werden, geschieht noch etwas anderes: Die gesellschaftliche Norm selbst beginnt sich zu ver\u00e4ndern. Was h\u00e4ufig als problematisch markiert wird, gilt irgendwann als tats\u00e4chlich problematisch &#8211; unabh\u00e4ngig von der urspr\u00fcnglichen Intention.<\/p>\n<p>So entstehen neue Selbstverst\u00e4ndlichkeiten. Bestimmte Aussagen werden nicht mehr nur rechtlich riskant, sondern sozial ge\u00e4chtet. Kritik wird vorsichtiger formuliert oder ganz vermieden. Das Spektrum des Sagbaren verengt sich nicht unbedingt durch offene Verbote, sondern durch implizite Erwartungen.<\/p>\n<p>Demokratische Gesellschaften m\u00fcssen mit solchen Prozessen sorgf\u00e4ltig umgehen. Nicht jede Normverschiebung ist negativ. Doch sie sollte transparent und diskutierbar bleiben. Wenn dagegen Unklarheit herrscht, wo genau die Grenze liegt, entsteht Misstrauen.<\/p>\n<p>Vielleicht liegt hier der eigentliche Kern der Debatte: Nicht die Existenz von Regeln ist problematisch, sondern ihre Unsch\u00e4rfe. Recht braucht Klarheit, gerade in sensiblen Fragen. Wenn Definitionen zu stark von politischen Stimmungen abh\u00e4ngen, verliert es einen Teil seiner Stabilit\u00e4t. Und Stabilit\u00e4t ist es, was B\u00fcrger von einer freiheitlichen Ordnung erwarten.<\/p>\n<p><img loading=\"lazy\" decoding=\"async\" class=\"alignnone size-large wp-image-5108\" src=\"https:\/\/www.markus-schall.de\/wp-content\/uploads\/EU-Hatespeech-US-Portal-Ungleichgewicht.jpg\" alt=\"Ungleichgewicht der Meinungsfreiheit\" width=\"1024\" height=\"683\" srcset=\"https:\/\/www.markus-schall.de\/wp-content\/uploads\/EU-Hatespeech-US-Portal-Ungleichgewicht.jpg 1024w, https:\/\/www.markus-schall.de\/wp-content\/uploads\/EU-Hatespeech-US-Portal-Ungleichgewicht-300x200.jpg 300w, https:\/\/www.markus-schall.de\/wp-content\/uploads\/EU-Hatespeech-US-Portal-Ungleichgewicht-768x512.jpg 768w, https:\/\/www.markus-schall.de\/wp-content\/uploads\/EU-Hatespeech-US-Portal-Ungleichgewicht-18x12.jpg 18w\" sizes=\"auto, (max-width: 1024px) 100vw, 1024px\" \/><\/p>\n<h2>Das geplante US-Portal: Was bekannt ist<\/h2>\n<p>Die Informationen \u00fcber das geplante <a href=\"https:\/\/www.spiegel.de\/netzwelt\/freedom-gov-us-regierung-entwickelt-offenbar-portal-gegen-eu-netzsperren-a-defd7e57-69a2-41a8-8a46-b9d669f3090c\" target=\"_blank\" rel=\"noopener\"><strong>amerikanische Online-Portal<\/strong><\/a> sind bislang noch nicht in allen Details \u00f6ffentlich ausformuliert. Es handelt sich nicht um ein offiziell gestartetes Regierungsprogramm mit vollst\u00e4ndigem Whitepaper, sondern um Berichte und Ank\u00fcndigungen aus politischen Kreisen, die sich auf die F\u00f6rderung von Informationsfreiheit beziehen.<\/p>\n<p>Doch bereits das Grundprinzip ist bemerkenswert: Ein staatlich unterst\u00fctztes Online-Portal soll Inhalte zug\u00e4nglich machen, die in bestimmten Regionen der Welt blockiert oder verboten sind. Dazu geh\u00f6ren Medienangebote, Social-Media-Kan\u00e4le oder journalistische Plattformen, die dort aus politischen oder regulatorischen Gr\u00fcnden nicht erreichbar sind.<\/p>\n<p>Bislang wurde ein solches Instrument klassischerweise f\u00fcr autorit\u00e4r regierte Staaten diskutiert &#8211; etwa f\u00fcr L\u00e4nder mit strenger Internetzensur. Dass in diesem Zusammenhang nun auch europ\u00e4ische Staaten explizit erw\u00e4hnt werden, verleiht dem Vorhaben eine besondere Brisanz. Es geht dabei weniger um die technische Umsetzung als um die politische Botschaft.<\/p>\n<h3>Offizielle Begr\u00fcndung: Informationsfreiheit<\/h3>\n<p>Die amerikanische Argumentation kn\u00fcpft an ein vertrautes Motiv an: die Verteidigung der freien Information. Seit Jahrzehnten versteht sich ein Teil der US-Au\u00dfenpolitik als Garant f\u00fcr offene Kommunikationsr\u00e4ume. In Zeiten des Kalten Krieges waren es Radiosender wie \u201eRadio Free Europe\u201c, sp\u00e4ter digitale Programme zur Umgehung staatlicher Internetblockaden.<\/p>\n<p>In diesem historischen Kontext erscheint das geplante Portal als Fortsetzung einer bekannten Linie. Es soll B\u00fcrgern Zugang zu Inhalten verschaffen, die sie aufgrund staatlicher Beschr\u00e4nkungen nicht sehen k\u00f6nnen. Die offizielle Begr\u00fcndung lautet, Transparenz und Pluralit\u00e4t zu st\u00e4rken.<\/p>\n<p>Aus amerikanischer Sicht mag das konsequent wirken. Wenn Informationsfreiheit als universelles Gut betrachtet wird, dann muss sie auch dort verteidigt werden, wo demokratische Staaten aus anderen Gr\u00fcnden Einschr\u00e4nkungen vornehmen. Doch genau hier entsteht das Spannungsfeld.<\/p>\n<h3>Europa als Teil der Zielgruppe<\/h3>\n<p>Die Nennung Europas in diesem Zusammenhang ist der eigentliche Kern der Kontroverse. Die Europ\u00e4ische Union hat in den vergangenen Jahren verschiedene Medienangebote gesperrt oder deren Verbreitung eingeschr\u00e4nkt, insbesondere im Kontext geopolitischer Konflikte. Begr\u00fcndet wurde dies mit dem Schutz vor Propaganda, Desinformation oder sicherheitspolitischen Risiken.<\/p>\n<p>Aus europ\u00e4ischer Perspektive handelt es sich dabei um legitime Schutzma\u00dfnahmen. Aus amerikanischer Perspektive &#8211; zumindest in Teilen des politischen Spektrums &#8211; kann derselbe Vorgang als Einschr\u00e4nkung des Informationszugangs interpretiert werden.<\/p>\n<p>Wenn Europa nun in einer Liste mit Staaten auftaucht, in denen B\u00fcrger m\u00f6glicherweise alternative Zugangswege ben\u00f6tigen, entsteht ein diplomatisch sensibles Bild. Es ist kein direkter Vergleich mit autorit\u00e4ren Regimen, aber eine implizite Einordnung in eine Kategorie von \u201eregulierten Informationsr\u00e4umen\u201c. Das allein gen\u00fcgt, um Fragen aufzuwerfen.<\/p>\n<h3>Strategische Dimension: Soft Power im digitalen Zeitalter<\/h3>\n<p>Ein solches Portal w\u00e4re nicht nur ein technisches Instrument, sondern auch ein geopolitisches Signal. Informationspolitik ist l\u00e4ngst Teil strategischer Auseinandersetzungen geworden. Wer den Zugang zu Inhalten erm\u00f6glicht oder begrenzt, beeinflusst Narrative, Stimmungen und politische Wahrnehmungen.<\/p>\n<p>Die Vereinigten Staaten w\u00fcrden mit einem solchen Projekt demonstrieren, dass sie sich weiterhin als globaler Akteur im Bereich der Meinungsfreiheit verstehen &#8211; selbst gegen\u00fcber Verb\u00fcndeten. Gleichzeitig k\u00f6nnten sie Einfluss auf europ\u00e4ische Debatten nehmen, indem sie alternative Informationsquellen sichtbar halten.<\/p>\n<p>Dabei geht es nicht zwangsl\u00e4ufig um parteipolitische Motive. Vielmehr steht die Frage im Raum, ob sich die transatlantische Partnerschaft in einem grundlegenden Punkt auseinanderentwickelt: im Verst\u00e4ndnis davon, wie viel Regulierung ein offener Diskurs vertr\u00e4gt.<\/p>\n<h3>Technische Umsetzung und rechtliche Fragen<\/h3>\n<p>Noch ist unklar, wie ein solches Portal konkret funktionieren w\u00fcrde. Denkbar w\u00e4ren Spiegelserver, Umleitungsdienste oder Plattformen, die Inhalte b\u00fcndeln und von au\u00dferhalb europ\u00e4ischer Regulierung zug\u00e4nglich machen. Ebenso m\u00f6glich w\u00e4re eine Kombination aus journalistischer Kuratierung und technischer Infrastruktur.<\/p>\n<p>Damit stellen sich jedoch rechtliche Fragen. W\u00fcrde ein solches Angebot in Europa selbst gesperrt werden? Entst\u00fcnde ein juristischer Konflikt zwischen amerikanischer Bereitstellung und europ\u00e4ischer Regulierung? Und wie w\u00fcrden europ\u00e4ische Regierungen reagieren, wenn ein befreundeter Staat aktiv dabei hilft, nationale oder europ\u00e4ische Beschr\u00e4nkungen zu umgehen?<\/p>\n<p>Diese Fragen sind bislang offen. Doch allein ihre Existenz zeigt, dass wir es nicht mit einer rein theoretischen Debatte zu tun haben.<\/p>\n<h3>Ein Symbol f\u00fcr eine gr\u00f6\u00dfere Entwicklung<\/h3>\n<p>Ob das Portal in genau der diskutierten Form realisiert wird oder nicht, ist letztlich zweitrangig. Entscheidend ist, dass die Idee \u00fcberhaupt aufkommt &#8211; und dass Europa in diesem Kontext genannt wird.<\/p>\n<p>Es signalisiert eine ver\u00e4nderte Wahrnehmung. Offenbar gibt es in Teilen der amerikanischen Politik die Einsch\u00e4tzung, dass sich der europ\u00e4ische Regulierungsrahmen so weit verdichtet hat, dass alternative Zugangswege diskutiert werden.<\/p>\n<p>F\u00fcr Europa stellt sich damit weniger die Frage, ob Washington dieses Projekt umsetzt. Wichtiger ist die Selbstreflexion: Wie wird die eigene Informationspolitik international wahrgenommen? Und wie m\u00f6chte man selbst wahrgenommen werden?<\/p>\n<p>Ein Raum, der sich als Vorreiter f\u00fcr Demokratie und Rechtsstaatlichkeit versteht, muss besonders sensibel mit dem Thema Informationsfreiheit umgehen. Denn Glaubw\u00fcrdigkeit entsteht nicht nur durch gute Absichten, sondern durch die Art und Weise, wie Regeln formuliert und angewandt werden.<\/p>\n<p>Das geplante US-Portal ist daher mehr als ein technisches Projekt. Es ist ein Spiegel &#8211; und vielleicht auch ein Pr\u00fcfstein f\u00fcr das Selbstverst\u00e4ndnis Europas im digitalen Zeitalter.<\/p>\n<p><img loading=\"lazy\" decoding=\"async\" class=\"alignnone size-large wp-image-5109\" src=\"https:\/\/www.markus-schall.de\/wp-content\/uploads\/EU-Hatespeech-US-Portal-Sendung.jpg\" alt=\"Das neue US-Informationsportal\" width=\"1024\" height=\"683\" srcset=\"https:\/\/www.markus-schall.de\/wp-content\/uploads\/EU-Hatespeech-US-Portal-Sendung.jpg 1024w, https:\/\/www.markus-schall.de\/wp-content\/uploads\/EU-Hatespeech-US-Portal-Sendung-300x200.jpg 300w, https:\/\/www.markus-schall.de\/wp-content\/uploads\/EU-Hatespeech-US-Portal-Sendung-768x512.jpg 768w, https:\/\/www.markus-schall.de\/wp-content\/uploads\/EU-Hatespeech-US-Portal-Sendung-18x12.jpg 18w\" sizes=\"auto, (max-width: 1024px) 100vw, 1024px\" \/><\/p>\n<h2>Ein transatlantischer Rollentausch?<\/h2>\n<p>\u00dcber Jahrzehnte hinweg war das Bild klar verteilt. Die Vereinigten Staaten verstanden sich &#8211; zumindest rhetorisch &#8211; als Verteidiger der freien Rede, als Mahner gegen\u00fcber Staaten mit Zensurstrukturen und eingeschr\u00e4nkter Pressefreiheit. Europa wiederum galt als nat\u00fcrlicher Partner in diesem Selbstverst\u00e4ndnis: als Kontinent der Aufkl\u00e4rung, der offenen Debatte und der rechtsstaatlichen Garantien.<\/p>\n<p>Wenn nun ausgerechnet aus Washington heraus \u00dcberlegungen entstehen, europ\u00e4ischen B\u00fcrgern \u00fcber ein eigenes Portal wieder Zugang zu bestimmten Informationen zu verschaffen, dann wirkt das wie ein leiser Rollentausch. Nicht laut verk\u00fcndet, nicht offiziell konfrontativ &#8211; aber symbolisch stark.<\/p>\n<p>Europa ist nicht mehr ausschlie\u00dflich Mitstreiter im Kampf f\u00fcr offene Informationsr\u00e4ume, sondern wird zumindest teilweise als regulierter Raum wahrgenommen, in dem Inhalte gefiltert oder gesperrt werden. Diese Verschiebung ist weniger juristisch als politisch bedeutsam. Denn Wahrnehmung pr\u00e4gt Realit\u00e4t.<\/p>\n<h3>Unterschiedliche Traditionen der Meinungsfreiheit<\/h3>\n<p>Ein Teil der Divergenz l\u00e4sst sich historisch erkl\u00e4ren. In den Vereinigten Staaten genie\u00dft die Meinungsfreiheit durch den First Amendment einen besonders starken verfassungsrechtlichen Schutz. Die Schwelle f\u00fcr staatliche Eingriffe liegt traditionell hoch. Selbst provokante, geschmacklose oder extrem kontroverse \u00c4u\u00dferungen werden h\u00e4ufig unter dem Schutz freier Rede eingeordnet, solange sie nicht unmittelbar zu Gewalt aufrufen.<\/p>\n<p>Europa hingegen verfolgt seit jeher einen st\u00e4rker abw\u00e4genden Ansatz. Die W\u00fcrde des Einzelnen, der Schutz vor Diskriminierung und die historische Erfahrung mit extremistischer Propaganda haben zu einem differenzierteren Regelwerk gef\u00fchrt. Meinungsfreiheit ist garantiert &#8211; aber sie steht im Spannungsverh\u00e4ltnis zu anderen Rechtsg\u00fctern.<\/p>\n<p>Diese Unterschiede waren lange kein Problem, sondern Ausdruck unterschiedlicher Rechtstraditionen. Doch in dem Moment, in dem Europa seine Regulierung ausweitet und digitale Plattformen st\u00e4rker in die Pflicht nimmt, treten die Unterschiede deutlicher zutage. Was in Br\u00fcssel als notwendige Verantwortung erscheint, kann in Washington als \u00dcberregulierung gelesen werden.<\/p>\n<h3>Signal aus M\u00fcnchen: Vance und die Frage der Meinungsfreiheit<\/h3>\n<p>Vor einem Jahr sorgte die Rede von <a href=\"https:\/\/www.markus-schall.de\/2026\/03\/wer-ist-eigentlich-j-d-vance-ein-portrait-zu-herkunft-karriere-widerspruechen-und-zukunft\/\"><strong>J. D. Vance<\/strong><\/a> auf der M\u00fcnchner Sicherheitskonferenz f\u00fcr sp\u00fcrbare Irritation. Der damalige US-Vizepr\u00e4sident sprach offen von einer \u201ebedrohten Meinungsfreiheit in Europa\u201c und stellte die Frage, ob europ\u00e4ische Demokratien noch ausreichend Vertrauen in ihre eigenen B\u00fcrger setzen. Dass es sich um den ersten gr\u00f6\u00dferen Auftritt eines Vertreters der neuen Trump-Administration auf europ\u00e4ischem Boden handelte, verlieh der Rede zus\u00e4tzliches Gewicht.<\/p>\n<div class=\"lyte-wrapper\" style=\"width:640px;max-width:100%;margin:5px;\"><div class=\"lyMe\" id=\"WYL_v1bEAsC40x8\"><div id=\"lyte_v1bEAsC40x8\" data-src=\"https:\/\/www.markus-schall.de\/wp-content\/plugins\/wp-youtube-lyte\/lyteCache.php?origThumbUrl=%2F%2Fi.ytimg.com%2Fvi%2Fv1bEAsC40x8%2Fhqdefault.jpg\" class=\"pL\"><div class=\"tC\"><div class=\"tT\"><\/div><\/div><div class=\"play\"><\/div><div class=\"ctrl\"><div class=\"Lctrl\"><\/div><div class=\"Rctrl\"><\/div><\/div><\/div><noscript><a href=\"https:\/\/youtu.be\/v1bEAsC40x8\" rel=\"nofollow noopener\" target=\"_blank\"><img loading=\"lazy\" decoding=\"async\" src=\"https:\/\/www.markus-schall.de\/wp-content\/plugins\/wp-youtube-lyte\/lyteCache.php?origThumbUrl=https%3A%2F%2Fi.ytimg.com%2Fvi%2Fv1bEAsC40x8%2F0.jpg\" alt=\"YouTube video thumbnail\" width=\"640\" height=\"340\" \/><br \/>Watch this video on YouTube<\/a><\/noscript><\/div><\/div><div class=\"lL\" style=\"max-width:100%;width:640px;margin:5px;\"><\/div><br \/>\nJ.D. Vance Rede Deutsch &#8211; \u00abbedrohte Meinungsfreiheit in Europa\u00bb | <a href=\"https:\/\/www.youtube.com\/@LangemannTV\" target=\"_blank\" rel=\"nofollow noopener\">Langemann Medien<\/a><\/p>\n<p>Bemerkenswert war nicht nur der klare Ton, sondern auch der pers\u00f6nliche Schluss. Der Auftritt wirkte weniger diplomatisch als grundlegend &#8211; und hallt bis heute nach.<\/p>\n<h3>Ein Signal an die eigene Bev\u00f6lkerung<\/h3>\n<p>F\u00fcr die amerikanische Politik h\u00e4tte ein solches Portal auch eine innenpolitische Dimension. Es unterstreicht das Selbstbild als Verteidiger offener Informationsr\u00e4ume &#8211; selbst dann, wenn es um Partnerstaaten geht. In einer Zeit globaler Machtverschiebungen kann dies als Versuch verstanden werden, normative F\u00fchrungsanspr\u00fcche zu behaupten.<\/p>\n<p>Gleichzeitig sendet es ein Signal an europ\u00e4ische B\u00fcrger: Wir bieten euch Zugang zu Informationen, die eure eigenen Regierungen m\u00f6glicherweise einschr\u00e4nken. Ob diese Botschaft tats\u00e4chlich verf\u00e4ngt, ist offen. Doch allein die M\u00f6glichkeit ver\u00e4ndert die Dynamik.<\/p>\n<p>Ein transatlantisches Verh\u00e4ltnis, das \u00fcber Jahrzehnte von gemeinsamen Werten gepr\u00e4gt war, bekommt damit eine neue Nuance. Nicht Konfrontation im klassischen Sinne, sondern unterschiedliche Interpretationen desselben Prinzips &#8211; der Freiheit.<\/p>\n<h3>Europas Selbstverst\u00e4ndnis auf dem Pr\u00fcfstand<\/h3>\n<p>F\u00fcr Europa stellt sich eine grundlegende Frage: Wie m\u00f6chte es sich selbst sehen? Als globaler Standardsetzer f\u00fcr digitale Regulierung? Als Schutzraum vor Desinformation? Oder weiterhin als unersch\u00fctterlicher Verteidiger offener Debatten?<\/p>\n<p>Diese Rollen schlie\u00dfen sich nicht zwingend aus. Doch je st\u00e4rker Regulierung in den Vordergrund tritt, desto sorgf\u00e4ltiger muss erkl\u00e4rt werden, wo sie endet. Wenn der Eindruck entsteht, dass Europa eher kontrolliert als vertraut, dann leidet das eigene Narrativ. Denn Europa beruft sich gern auf seine Aufkl\u00e4rungstradition, auf Kant, auf die Idee des m\u00fcndigen B\u00fcrgers. Diese Tradition beruht auf der Annahme, dass Menschen selbst urteilsf\u00e4hig sind &#8211; auch im Umgang mit widerspr\u00fcchlichen oder problematischen Inhalten.<\/p>\n<p>Ein transatlantischer Rollentausch w\u00e4re daher nicht nur eine au\u00dfenpolitische Verschiebung, sondern eine Herausforderung f\u00fcr das europ\u00e4ische Selbstbild.<\/p>\n<h3>Symbolik und Realit\u00e4t<\/h3>\n<p>Es w\u00e4re \u00fcbertrieben zu behaupten, dass Europa nun in einer Reihe mit autorit\u00e4ren Regimen steht. Die institutionellen Unterschiede sind offensichtlich. Rechtsstaatlichkeit, unabh\u00e4ngige Gerichte und pluralistische Medienlandschaften sind weiterhin Realit\u00e4t.<\/p>\n<p>Doch Symbolik wirkt. Wenn Europa in einer politischen Debatte \u00fcber eingeschr\u00e4nkten Informationszugang genannt wird, entsteht ein Bild &#8211; selbst wenn es nur partiell zutrifft.<\/p>\n<p>Politik lebt von solchen Bildern. Sie beeinflussen Vertrauen, internationale Beziehungen und innenpolitische Diskussionen. Ein amerikanisches Portal, das europ\u00e4ische Beschr\u00e4nkungen umgeht, w\u00e4re nicht nur ein technischer Vorgang, sondern ein diplomatischer Kommentar.<\/p>\n<h3>Die eigentliche Frage<\/h3>\n<p>Am Ende geht es weniger um die Vereinigten Staaten als um Europa selbst. Der m\u00f6gliche Rollentausch ist ein Hinweis darauf, dass unterschiedliche Auffassungen \u00fcber das richtige Ma\u00df an Regulierung bestehen.<\/p>\n<p>Die entscheidende Frage lautet daher: Wie viel Steuerung vertr\u00e4gt eine offene Gesellschaft, ohne ihr eigenes Fundament zu untergraben? Und wie kann sie ihre Werte verteidigen, ohne das Vertrauen in die M\u00fcndigkeit ihrer B\u00fcrger zu schw\u00e4chen?<\/p>\n<p>Transatlantische Partnerschaften beruhen auf gemeinsamen Prinzipien. Wenn diese Prinzipien unterschiedlich interpretiert werden, entstehen Spannungen. Ob daraus ein dauerhafter Rollentausch wird oder nur eine Episode im digitalen Zeitalter, h\u00e4ngt davon ab, wie Europa selbst auf diese Entwicklung reagiert.<\/p>\n<p>Der Spiegel, den das geplante US-Portal vorh\u00e4lt, zeigt kein verzerrtes Zerrbild. Er zeigt eine Perspektive. Und Perspektiven k\u00f6nnen unbequem sein &#8211; gerade dann, wenn sie von au\u00dfen kommen.<\/p>\n<p><img loading=\"lazy\" decoding=\"async\" class=\"alignnone size-large wp-image-5110\" src=\"https:\/\/www.markus-schall.de\/wp-content\/uploads\/EU-Hatespeech-US-Portal-Rollentausch.jpg\" alt=\"Transatlantischer Rollentausch\" width=\"1024\" height=\"683\" srcset=\"https:\/\/www.markus-schall.de\/wp-content\/uploads\/EU-Hatespeech-US-Portal-Rollentausch.jpg 1024w, https:\/\/www.markus-schall.de\/wp-content\/uploads\/EU-Hatespeech-US-Portal-Rollentausch-300x200.jpg 300w, https:\/\/www.markus-schall.de\/wp-content\/uploads\/EU-Hatespeech-US-Portal-Rollentausch-768x512.jpg 768w, https:\/\/www.markus-schall.de\/wp-content\/uploads\/EU-Hatespeech-US-Portal-Rollentausch-18x12.jpg 18w\" sizes=\"auto, (max-width: 1024px) 100vw, 1024px\" \/><\/p>\n<h2>Digitale Souver\u00e4nit\u00e4t oder digitale Abschottung?<\/h2>\n<p>Kaum ein politischer Begriff ist in den vergangenen Jahren so h\u00e4ufig gefallen wie \u201edigitale Souver\u00e4nit\u00e4t\u201c. Europa m\u00f6chte unabh\u00e4ngiger werden &#8211; technologisch, wirtschaftlich und regulatorisch. Eigene Cloud-Infrastrukturen, eigene Datenschutzstandards, eigene Plattformregeln. Auf den ersten Blick ist das ein nachvollziehbares Ziel.<\/p>\n<p>Digitale Infrastruktur ist l\u00e4ngst Teil kritischer Daseinsvorsorge. Wer Kommunikation, Datenstr\u00f6me und Plattform\u00f6konomie kontrolliert, besitzt Einfluss. Dass Europa hier nicht vollst\u00e4ndig von au\u00dfereurop\u00e4ischen Konzernen abh\u00e4ngig sein m\u00f6chte, ist rational und strategisch begr\u00fcndbar.<br \/>\nDoch zwischen legitimer Selbstbestimmung und schleichender Abschottung verl\u00e4uft eine feine Linie.<\/p>\n<h3>Regulierung als Machtinstrument<\/h3>\n<p>Mit Instrumenten wie dem Digital Services Act (DSA) oder anderen Plattformvorgaben hat die Europ\u00e4ische Union ein Regelwerk geschaffen, das weltweit Beachtung findet. Gro\u00dfe Plattformen werden verpflichtet, Inhalte schneller zu pr\u00fcfen, Risiken systematisch zu analysieren und problematische Beitr\u00e4ge zu entfernen. Die Intention ist klar: Schutz vor Desinformation, Hass und Manipulation. Doch Regulierung ist nie neutral. Sie erzeugt Nebenwirkungen.<\/p>\n<p>Plattformen reagieren nicht nur auf klare Gesetzesverst\u00f6\u00dfe, sondern auf m\u00f6gliche Risiken. Wenn Sanktionen drohen, steigt die Bereitschaft zur vorsorglichen L\u00f6schung. Diese Dynamik ist betriebswirtschaftlich verst\u00e4ndlich. Niemand m\u00f6chte hohe Bu\u00dfgelder oder langwierige Verfahren riskieren.<\/p>\n<p>Damit verschiebt sich jedoch die praktische Grenze des Sagbaren. Nicht durch ein explizites Verbot, sondern durch pr\u00e4ventive Anpassung. Der Unterschied ist subtil &#8211; aber sp\u00fcrbar.<\/p>\n<h3>Selbstzensur als unsichtbare Folge<\/h3>\n<p>Eine der gr\u00f6\u00dften Herausforderungen digitaler Regulierung ist die Unsichtbarkeit ihrer Effekte. W\u00e4hrend klassische Zensur offen erkennbar war &#8211; B\u00fccher wurden verboten, Zeitungen beschlagnahmt &#8211; wirkt moderne Inhaltskontrolle oft indirekt.<\/p>\n<p>Beitr\u00e4ge verschwinden. Konten werden gesperrt. Reichweiten werden reduziert. Algorithmen priorisieren bestimmte Inhalte und d\u00e4mpfen andere. Die meisten Nutzer erfahren nicht, welche internen Bewertungsma\u00dfst\u00e4be angewendet wurden.<\/p>\n<p>Mit der Zeit entsteht ein Klima der Vorsicht. Journalisten formulieren zur\u00fcckhaltender. Wissenschaftler w\u00e4gen ihre Wortwahl ab. Unternehmer \u00fcberlegen, welche Aussagen gesch\u00e4ftliche Risiken bergen k\u00f6nnten. B\u00fcrger verzichten vielleicht auf bestimmte Kommentare, nicht weil sie extrem w\u00e4ren, sondern weil sie Unsicherheit empfinden. Diese Form der Selbstzensur ist schwer messbar. Doch sie ver\u00e4ndert die Diskurskultur.<\/p>\n<h3>Der schmale Grat zwischen Schutz und Kontrolle<\/h3>\n<p>Niemand bestreitet, dass digitale R\u00e4ume Herausforderungen mit sich bringen. Desinformationskampagnen, koordinierte Manipulation, gezielte Hetze &#8211; all das existiert. Die Frage ist jedoch, ob jede dieser Herausforderungen mit immer weiteren Eingriffsbefugnissen beantwortet werden sollte.<\/p>\n<p>Digitale Souver\u00e4nit\u00e4t kann bedeuten, eigene Regeln zu setzen und europ\u00e4ische Werte zu sch\u00fctzen. Sie kann aber auch dazu f\u00fchren, dass Informationsr\u00e4ume st\u00e4rker segmentiert werden. Wenn Inhalte in einem Rechtsraum zug\u00e4nglich sind und im anderen nicht, entstehen parallele Realit\u00e4ten.<\/p>\n<p>Das geplante amerikanische Portal ist in diesem Zusammenhang ein interessanter Pr\u00fcfstein. Sollte es tats\u00e4chlich Inhalte wieder sichtbar machen, die in Europa blockiert sind, w\u00fcrde dies faktisch zeigen, dass digitale Grenzen technisch relativ leicht zu umgehen sind. Regulierung verliert damit einen Teil ihrer praktischen Durchsetzungskraft &#8211; gewinnt aber zugleich symbolische Sch\u00e4rfe. Denn jede Umgehung wird als politisches Statement wahrgenommen.<\/p>\n<h3>Unternehmen zwischen Anpassung und Verantwortung<\/h3>\n<p>F\u00fcr Unternehmen &#8211; insbesondere f\u00fcr Plattformbetreiber &#8211; entsteht eine komplexe Situation. Sie stehen zwischen unterschiedlichen Rechtsordnungen, unterschiedlichen politischen Erwartungen und unterschiedlichen kulturellen Sensibilit\u00e4ten.<\/p>\n<p>Ein global agierender Anbieter muss in Europa andere Ma\u00dfst\u00e4be anwenden als in den Vereinigten Staaten oder Asien. Diese Fragmentierung des digitalen Raums f\u00fchrt zu einem Flickenteppich aus Richtlinien. Technisch ist das umsetzbar, strategisch jedoch anspruchsvoll.<\/p>\n<p>Zugleich w\u00e4chst die Erwartung, dass Unternehmen gesellschaftliche Verantwortung \u00fcbernehmen. Sie sollen moderieren, bewerten, einordnen. Damit \u00fcbernehmen sie Aufgaben, die fr\u00fcher eher Medienh\u00e4usern oder Gerichten zukamen.<\/p>\n<p>Die Frage ist, ob privatwirtschaftliche Akteure dauerhaft als normative Instanzen geeignet sind &#8211; insbesondere wenn sie unter regulatorischem Druck stehen.<\/p>\n<h3>Vertrauen als entscheidender Faktor<\/h3>\n<p>Am Ende h\u00e4ngt vieles vom Vertrauen ab. Vertrauen in Institutionen, Vertrauen in Gerichte, Vertrauen in die Urteilsf\u00e4higkeit der B\u00fcrger. Digitale Souver\u00e4nit\u00e4t kann nur dann glaubw\u00fcrdig sein, wenn sie nicht als paternalistisch empfunden wird.<\/p>\n<p>Eine offene Gesellschaft zeichnet sich dadurch aus, dass sie ihren B\u00fcrgern zutraut, Informationen zu bewerten. Sie setzt auf Bildung, Medienkompetenz und transparente Debatten. Wenn hingegen der Eindruck entsteht, dass Informationen vorsorglich gefiltert werden m\u00fcssen, weil B\u00fcrger sie nicht einordnen k\u00f6nnen, ver\u00e4ndert sich das Grundverst\u00e4ndnis von M\u00fcndigkeit.<\/p>\n<p>Europa steht hier vor einer strategischen Entscheidung. M\u00f6chte es ein digitaler Raum sein, der Schutz durch Kontrolle bietet? Oder ein Raum, der auf Resilienz durch Offenheit setzt?<\/p>\n<p>Diese Frage ist nicht ideologisch, sondern grundlegend. Digitale Souver\u00e4nit\u00e4t ist ein legitimes Ziel. Doch sie darf nicht unbemerkt in digitale Abschottung \u00fcbergehen. Die kommenden Jahre werden zeigen, wie Europa diese Balance findet.<\/p>\n<p><img loading=\"lazy\" decoding=\"async\" class=\"alignnone size-large wp-image-5111\" src=\"https:\/\/www.markus-schall.de\/wp-content\/uploads\/EU-Hatexpeech-US-Portal-Cloud.jpg\" alt=\"EU-Hatexpeech-US-Portal-Cloud\" width=\"1024\" height=\"683\" srcset=\"https:\/\/www.markus-schall.de\/wp-content\/uploads\/EU-Hatexpeech-US-Portal-Cloud.jpg 1024w, https:\/\/www.markus-schall.de\/wp-content\/uploads\/EU-Hatexpeech-US-Portal-Cloud-300x200.jpg 300w, https:\/\/www.markus-schall.de\/wp-content\/uploads\/EU-Hatexpeech-US-Portal-Cloud-768x512.jpg 768w, https:\/\/www.markus-schall.de\/wp-content\/uploads\/EU-Hatexpeech-US-Portal-Cloud-18x12.jpg 18w\" sizes=\"auto, (max-width: 1024px) 100vw, 1024px\" \/><\/p>\n<h2>Die Perspektive der B\u00fcrger &#8211; Zwischen Schutzversprechen und Kontrollgef\u00fchl<\/h2>\n<p>Gesetze werden in Parlamenten beschlossen, Leitlinien in Beh\u00f6rden formuliert, Strategien auf internationaler Ebene entworfen. Doch am Ende treffen all diese Regelungen auf einen konkreten Menschen: den B\u00fcrger.<\/p>\n<p>Aus staatlicher Sicht geht es um Schutz &#8211; Schutz vor Desinformation, vor Manipulation, vor gezielter Hetze. Diese Zielsetzung ist nachvollziehbar. Kaum jemand w\u00fcnscht sich digitale R\u00e4ume, die von Aggression, gezielter Irref\u00fchrung oder extremistischen Kampagnen dominiert werden.<\/p>\n<p>Doch die Wahrnehmung auf Seiten der B\u00fcrger ist nicht immer deckungsgleich mit der politischen Intention. Wo Regierungen Schutz betonen, empfinden manche Menschen Kontrolle. Wo Regulierung als notwendig erkl\u00e4rt wird, entsteht bei anderen das Gef\u00fchl, dass ihnen Entscheidungsf\u00e4higkeit abgesprochen wird. Diese Diskrepanz ist entscheidend.<\/p>\n<h3>Vertrauen als fragile Ressource<\/h3>\n<p>Demokratische Systeme leben von Vertrauen. Vertrauen darauf, dass Institutionen im Interesse der Allgemeinheit handeln. Vertrauen darauf, dass Regeln fair und transparent angewendet werden. Und vor allem Vertrauen darauf, dass der eigene Staat die B\u00fcrger als m\u00fcndige Subjekte betrachtet.<\/p>\n<p>Wenn jedoch Inhalte verschwinden, ohne dass nachvollziehbar ist, warum; wenn Accounts gesperrt werden, ohne klare Begr\u00fcndung; wenn Debatten pl\u00f6tzlich als problematisch markiert werden, obwohl sie zuvor allt\u00e4glich waren &#8211; dann entsteht Irritation.<\/p>\n<p>Diese Irritation f\u00fchrt nicht zwangsl\u00e4ufig zu Radikalisierung. Oft \u00e4u\u00dfert sie sich zun\u00e4chst als leises Unbehagen. Als Frage: <em>\u201eWarum darf ich das nicht mehr sagen?\u201c<\/em> Oder: <em>\u201eWer entscheidet das eigentlich?\u201c<\/em><\/p>\n<p>Solche Fragen sind kein Zeichen von Extremismus, sondern Ausdruck eines Bed\u00fcrfnisses nach Klarheit.<\/p>\n<h3>Der Gegeneffekt von Verboten<\/h3>\n<p>Ein weiterer Aspekt ist psychologisch gut erforscht: Verbote k\u00f6nnen Aufmerksamkeit verst\u00e4rken. Inhalte, die gesperrt oder als gef\u00e4hrlich eingestuft werden, gewinnen f\u00fcr manche gerade dadurch an Reiz. Die Neugier steigt. Alternative Kan\u00e4le werden gesucht. Technische Umgehungsm\u00f6glichkeiten verbreiten sich schnell.<\/p>\n<p>Wenn ein amerikanisches Portal k\u00fcnftig tats\u00e4chlich Inhalte zug\u00e4nglich machen sollte, die in Europa eingeschr\u00e4nkt sind, wird es nicht nur aus politischem Interesse genutzt werden. Viele werden schlicht wissen wollen, was ihnen angeblich vorenthalten wird.<\/p>\n<p>So entstehen Parallel\u00f6ffentlichkeiten. Menschen bewegen sich in unterschiedlichen Informationsr\u00e4umen, die sich gegenseitig misstrauen. Das urspr\u00fcngliche Ziel &#8211; gesellschaftlichen Zusammenhalt zu st\u00e4rken &#8211; k\u00f6nnte sich ins Gegenteil verkehren.<\/p>\n<hr \/>\n<h3>Aktuelle Umfrage zum Vertrauen in Politik und Medien<\/h3>\n<div class='bootstrap-yop yop-poll-mc'>\n\t\t\t\t\t\t\t<div class=\"basic-yop-poll-container\" style=\"background-color:#ffffff; border:0px; border-style:solid; border-color:#000000; border-radius:5px; padding:0px 5px;\" data-id=\"1\" data-temp=\"basic-pretty\" data-skin=\"square\" data-cscheme=\"blue\" data-cap=\"0\" data-access=\"guest\" data-tid=\"\" data-uid=\"b5a8935b6fd71900a51232a58c8c441b\" data-pid=\"5899\" data-resdet=\"votes-number,percentages\" data-show-results-to=\"guest\" data-show-results-moment=\"after-vote\" data-show-results-only=\"false\" data-show-message=\"true\" data-show-results-as=\"bar\" data-sort-results-by=\"as-defined\" data-sort-results-rule=\"asc\"data-is-ended=\"0\" data-percentages-decimals=\"2\" data-gdpr=\"no\" data-gdpr-sol=\"consent\" data-css=\"\" data-counter=\"0\" data-load-with=\"1\" data-notification-section=\"top\"><div class=\"row\"><div class=\"col-md-12\"><div class=\"basic-inner\"><div class=\"basic-message hide\" style=\"border-left: 10px solid #008000; padding: 0px 10px;\" data-error=\"#ff0000\" data-success=\"#008000\"><p class=\"basic-message-text\" style=\"color:#000000; font-size:14px; font-weight:normal;\"><\/p><\/div><div class=\"basic-overlay hide\"><div class=\"basic-vote-options\"><\/div><div class=\"basic-preloader\"><div class=\"basic-windows8\"><div class=\"basic-wBall basic-wBall_1\"><div class=\"basic-wInnerBall\"><\/div><\/div><div class=\"basic-wBall basic-wBall_2\"><div class=\"basic-wInnerBall\"><\/div><\/div><div class=\"basic-wBall basic-wBall_3\"><div class=\"basic-wInnerBall\"><\/div><\/div><div class=\"basic-wBall basic-wBall_4\"><div class=\"basic-wInnerBall\"><\/div><\/div><div class=\"basic-wBall basic-wBall_5\"><div class=\"basic-wInnerBall\"><\/div><\/div><\/div><\/div><\/div><form class=\"basic-form\"><input type=\"hidden\" name=\"_token\" value=\"2b122e4f9f\" autocomplete=\"off\"><div class=\"basic-elements\"><div class=\"basic-element basic-question basic-question-text-vertical\" data-id=\"1\" data-uid=\"6806a1984559d911cd5d2eb2f7047f60\" data-type=\"question\" data-question-type=\"text\" data-required=\"yes\" data-allow-multiple=\"no\" data-min=\"1\" data-max=\"1\" data-display=\"vertical\" data-colnum=\"\" data-display-others=\"no\" data-others-color=\"\" data-others=\"\" data-others-max-chars=\"0\"><div class=\"basic-question-title\"><h5 style=\"color:#000000; font-size:16px; font-weight:normal; text-align:left;\">Wie gro\u00df ist Dein Vertrauen in Politik und Medien in Deutschland?<\/h5><\/div><ul class=\"basic-answers\"><li class=\"basic-answer\" style=\"padding:0px 0px;\" data-id=\"1\" data-type=\"text\" data-vn=\"13\" data-color=\"#000000\" data-make-link=\"no\" data-link=\"\"><div class=\"basic-answer-content basic-text-vertical\"><label for=\"answer[1]\" class=\"basic-answer-label\"><input type=\"radio\" id=\"answer[1]\" name=\"answer[1]\" value=\"1\"><span class=\"basic-text\" style=\"color: #000000; font-size: 14px; font-weight: normal;\">Sehr hoch \u2013 Ich vertraue den offiziellen Stellen uneingeschr\u00e4nkt<\/span><\/label><\/div><\/li><li class=\"basic-answer\" style=\"padding:0px 0px;\" data-id=\"2\" data-type=\"text\" data-vn=\"35\" data-color=\"#000000\" data-make-link=\"no\" data-link=\"\"><div class=\"basic-answer-content basic-text-vertical\"><label for=\"answer[2]\" class=\"basic-answer-label\"><input type=\"radio\" id=\"answer[2]\" name=\"answer[1]\" value=\"2\"><span class=\"basic-text\" style=\"color: #000000; font-size: 14px; font-weight: normal;\">Mittel \u2013 Ich bin vorsichtig, aber nicht grunds\u00e4tzlich misstrauisch<\/span><\/label><\/div><\/li><li class=\"basic-answer\" style=\"padding:0px 0px;\" data-id=\"3\" data-type=\"text\" data-vn=\"65\" data-color=\"#000000\" data-make-link=\"no\" data-link=\"\"><div class=\"basic-answer-content basic-text-vertical\"><label for=\"answer[3]\" class=\"basic-answer-label\"><input type=\"radio\" id=\"answer[3]\" name=\"answer[1]\" value=\"3\"><span class=\"basic-text\" style=\"color: #000000; font-size: 14px; font-weight: normal;\">Gering \u2013 Ich \u00fcberpr\u00fcfe vieles selbst<\/span><\/label><\/div><\/li><li class=\"basic-answer\" style=\"padding:0px 0px;\" data-id=\"4\" data-type=\"text\" data-vn=\"276\" data-color=\"#000000\" data-make-link=\"no\" data-link=\"\"><div class=\"basic-answer-content basic-text-vertical\"><label for=\"answer[4]\" class=\"basic-answer-label\"><input type=\"radio\" id=\"answer[4]\" name=\"answer[1]\" value=\"4\"><span class=\"basic-text\" style=\"color: #000000; font-size: 14px; font-weight: normal;\">Kaum vorhanden \u2013 Ich glaube, dass vieles verschleiert oder inszeniert ist<\/span><\/label><\/div><\/li><\/ul><\/div><div class=\"clearfix\"><\/div><\/div><div class=\"basic-vote\"><a href=\"#\" class=\"button basic-vote-button\" role=\"button\" style=\"background:#027bb8; border:0px; border-style: solid; border-color:#1636f0; border-radius:5px; padding:10px 10px; color:#ffffff; font-size:14px; font-weight:normal;\">Abstimmen<\/a><\/div><\/form><\/div><\/div><\/div><\/div>\n\t\t\t\t\t\t<\/div>\n<hr \/>\n<h3>M\u00fcndigkeit als Grundannahme<\/h3>\n<p>Eine zentrale Frage lautet daher: Wie sieht das Menschenbild hinter der Regulierung aus? Geht man davon aus, dass B\u00fcrger grunds\u00e4tzlich in der Lage sind, Informationen kritisch zu pr\u00fcfen? Oder unterstellt man, dass sie vor bestimmten Inhalten gesch\u00fctzt werden m\u00fcssen, weil sie sonst irregef\u00fchrt werden?<\/p>\n<p>Demokratische Traditionen in Europa basieren auf dem Ideal der M\u00fcndigkeit. Aufkl\u00e4rung bedeutete nicht nur Wissenszuwachs, sondern Selbstverantwortung. Der B\u00fcrger sollte sich seines eigenen Verstandes bedienen.<\/p>\n<p>Wenn dieses Ideal schrittweise durch ein st\u00e4rker paternalistisches Modell ersetzt wird, ver\u00e4ndert sich das Verh\u00e4ltnis zwischen Staat und Gesellschaft. Nicht abrupt, sondern graduell.<\/p>\n<h3>Die stille Anpassung im Alltag<\/h3>\n<p>Im Alltag \u00e4u\u00dfert sich diese Entwicklung oft unspektakul\u00e4r. Menschen formulieren vorsichtiger. Sie \u00fcberlegen zweimal, bevor sie einen Kommentar ver\u00f6ffentlichen. Manche ziehen sich ganz aus \u00f6ffentlichen Diskussionen zur\u00fcck. Nicht aus Desinteresse, sondern aus M\u00fcdigkeit gegen\u00fcber m\u00f6glichen Missverst\u00e4ndnissen oder Sanktionen.<\/p>\n<p>Andere wiederum reagieren mit Trotz. Sie suchen gezielt Plattformen, die m\u00f6glichst wenig moderieren, oder schlie\u00dfen sich Gruppen an, in denen sie keine Einschr\u00e4nkungen erwarten. Auch das ver\u00e4ndert die Diskurslandschaft. Beide Reaktionen &#8211; R\u00fcckzug wie Gegenbewegung &#8211; sind Ausdruck eines Spannungsverh\u00e4ltnisses.<\/p>\n<h3>Die langfristige Perspektive<\/h3>\n<p>Langfristig entscheidet nicht allein die juristische Ausgestaltung von Gesetzen \u00fcber deren Erfolg, sondern die Akzeptanz in der Bev\u00f6lkerung. Regeln, die als fair und nachvollziehbar empfunden werden, stabilisieren eine Gesellschaft. Regeln, die als willk\u00fcrlich oder \u00fcberdehnt wahrgenommen werden, untergraben Vertrauen.<\/p>\n<p>F\u00fcr Europa bedeutet das: Digitale Regulierung muss nicht nur effektiv sein, sondern auch transparent und verh\u00e4ltnism\u00e4\u00dfig. Sie muss erkl\u00e4ren k\u00f6nnen, warum bestimmte Grenzen gezogen werden &#8211; und warum andere nicht.<\/p>\n<p>Die Perspektive der B\u00fcrger ist dabei kein Nebenaspekt. Sie ist der Ma\u00dfstab. Denn letztlich geht es nicht um technische Plattformen oder geopolitische Signale, sondern um das Verh\u00e4ltnis zwischen Freiheit und Sicherheit im Alltag jedes Einzelnen. Und dieses Verh\u00e4ltnis ist sensibler, als es politische Debatten oft vermuten lassen.<\/p>\n<h3>Zielverschiebung statt Einzelf\u00e4lle? B\u00fcrokratielogik und Bagatellverfahren aus spieltheoretischer Sicht<\/h3>\n<p>Warum h\u00e4ufen sich Verfahren und Hausdurchsuchungen wegen vergleichsweise geringf\u00fcgiger \u00c4u\u00dferungen? In seinem aktuellen spieltheoretischen Beitrag erkl\u00e4rt <a href=\"https:\/\/www.youtube.com\/@ProfRieck\" target=\"_blank\" rel=\"nofollow noopener\">Prof. Dr. Christian Rieck<\/a> dieses Ph\u00e4nomen nicht moralisch, sondern strukturell. In der Tradition von Max Weber und Robert Merton beschreibt er eine \u201eZielverschiebung\u201c innerhalb von Organisationen: Urspr\u00fcngliche Aufgaben treten in den Hintergrund, w\u00e4hrend messbare Aktivit\u00e4t selbst zum Ziel wird.<\/p>\n<div class=\"lyte-wrapper\" style=\"width:640px;max-width:100%;margin:5px;\"><div class=\"lyMe\" id=\"WYL_gTn9pJF5WCs\"><div id=\"lyte_gTn9pJF5WCs\" data-src=\"https:\/\/www.markus-schall.de\/wp-content\/plugins\/wp-youtube-lyte\/lyteCache.php?origThumbUrl=%2F%2Fi.ytimg.com%2Fvi%2FgTn9pJF5WCs%2Fhqdefault.jpg\" class=\"pL\"><div class=\"tC\"><div class=\"tT\"><\/div><\/div><div class=\"play\"><\/div><div class=\"ctrl\"><div class=\"Lctrl\"><\/div><div class=\"Rctrl\"><\/div><\/div><\/div><noscript><a href=\"https:\/\/youtu.be\/gTn9pJF5WCs\" rel=\"nofollow noopener\" target=\"_blank\"><img loading=\"lazy\" decoding=\"async\" src=\"https:\/\/www.markus-schall.de\/wp-content\/plugins\/wp-youtube-lyte\/lyteCache.php?origThumbUrl=https%3A%2F%2Fi.ytimg.com%2Fvi%2FgTn9pJF5WCs%2F0.jpg\" alt=\"YouTube video thumbnail\" width=\"640\" height=\"340\" \/><br \/>Watch this video on YouTube<\/a><\/noscript><\/div><\/div><div class=\"lL\" style=\"max-width:100%;width:640px;margin:5px;\"><\/div><br \/>\nDas Fernsehen f\u00e4lscht Bilder, die Polizei verfolgt Bagatellen &#8211; was steckt dahinter?<\/p>\n<p>Der Vergleich mit dem Doping im Radsport dient als analytische Metapher. Rieck argumentiert, dass sich so Dynamiken verselbstst\u00e4ndigen k\u00f6nnen, die von au\u00dfen wie \u00dcberreaktionen wirken &#8211; intern jedoch als rational erscheinen.<\/p>\n<h2>M\u00f6gliche k\u00fcnftige Szenarien<\/h2>\n<p>Wenn sich regulatorische Dynamiken und geopolitische Initiativen gleichzeitig entwickeln, lohnt es sich, einige m\u00f6gliche Zukunftsbilder durchzuspielen. Nicht als Prognose, sondern als gedankliches Instrument. Entwicklungen verlaufen selten linear. Doch Szenarien helfen, Spannungsfelder sichtbar zu machen. Im Kern stehen vier realistische Richtungen im Raum.<\/p>\n<h3>Szenario 1: Weitere Versch\u00e4rfung der Regulierung<\/h3>\n<p>In diesem Szenario setzt Europa seinen eingeschlagenen Kurs fort. Der Begriff \u201eHate Speech\u201c wird weiter pr\u00e4zisiert &#8211; m\u00f6glicherweise auch erweitert. Plattformen erhalten klarere, aber zugleich strengere Vorgaben. Sanktionen bei Verst\u00f6\u00dfen werden konsequenter angewendet. M\u00f6gliche Folgen:<\/p>\n<ul>\n<li>Plattformen moderieren noch vorsichtiger.<\/li>\n<li>Inhalte mit politischem oder gesellschaftlichem Konfliktpotenzial werden schneller entfernt.<\/li>\n<li>Juristische Auseinandersetzungen nehmen zu.<\/li>\n<li>Nationale Unterschiede innerhalb der EU treten st\u00e4rker hervor.<\/li>\n<\/ul>\n<p>Gleichzeitig k\u00f6nnte Europa international als Vorreiter eines stark regulierten digitalen Raums wahrgenommen werden. Bef\u00fcrworter w\u00fcrden argumentieren, dass dadurch gesellschaftlicher Frieden gest\u00e4rkt wird. Kritiker hingegen w\u00fcrden von \u00dcberregulierung sprechen. Das transatlantische Verh\u00e4ltnis k\u00f6nnte sich in diesem Punkt weiter auseinanderentwickeln.<\/p>\n<h3>Szenario 2: Juristische Gegenbewegung<\/h3>\n<p>Ein anderes Szenario sieht eine st\u00e4rkere gerichtliche Kl\u00e4rung vor. Einzelne Bestimmungen werden vor nationalen Gerichten oder dem Europ\u00e4ischen Gerichtshof angefochten. Unklare Definitionen werden konkretisiert oder eingeschr\u00e4nkt. In diesem Fall entst\u00fcnde eine Phase rechtlicher Feinjustierung. M\u00f6gliche Effekte:<\/p>\n<ul>\n<li>Pr\u00e4zisere Abgrenzung zwischen strafbarer Hetze und zul\u00e4ssiger Meinung.<\/li>\n<li>Mehr Transparenz bei Plattformentscheidungen.<\/li>\n<li>St\u00e4rkung rechtsstaatlicher Kontrolle \u00fcber administrative Auslegung.<\/li>\n<\/ul>\n<p>Dieses Szenario w\u00fcrde die Debatte versachlichen. Es w\u00e4re ein Zeichen daf\u00fcr, dass das System in der Lage ist, sich selbst zu korrigieren. Solche Prozesse dauern jedoch Jahre und erfordern Geduld &#8211; sowohl politisch als auch gesellschaftlich.<\/p>\n<h3>Szenario 3: Politische Kurskorrektur<\/h3>\n<p>Regulierung ist kein statisches Gebilde. Politische Mehrheiten k\u00f6nnen sich ver\u00e4ndern. Neue gesellschaftliche Priorit\u00e4ten k\u00f6nnen entstehen. In diesem Szenario erkennt die Politik, dass bestimmte Ma\u00dfnahmen zu weit greifen oder unerwartete Nebenwirkungen erzeugen. Eine Kurskorrektur k\u00f6nnte bedeuten:<\/p>\n<ul>\n<li>Klarere Schutzmechanismen f\u00fcr Meinungsfreiheit.<\/li>\n<li>Reduktion unbestimmter Rechtsbegriffe.<\/li>\n<li>St\u00e4rkere Betonung von Medienkompetenz statt Inhaltskontrolle.<\/li>\n<li>Dialogformate zwischen Politik, Plattformen und Zivilgesellschaft.<\/li>\n<\/ul>\n<p>Hier w\u00fcrde das Leitmotiv lauten: Resilienz statt Restriktion. B\u00fcrger sollen bef\u00e4higt werden, Informationen einzuordnen, anstatt sie vorab auszufiltern. Ein solcher Weg w\u00fcrde das europ\u00e4ische Selbstverst\u00e4ndnis als freiheitlicher Raum unterstreichen.<\/p>\n<h3>Szenario 4: Parallelwelten im Informationsraum<\/h3>\n<p>Das vielleicht realistischste Szenario ist kein klarer Bruch, sondern eine Fragmentierung. Unterschiedliche Rechtsr\u00e4ume entwickeln sich weiter auseinander. Technische Umgehungsm\u00f6glichkeiten werden normalisiert. B\u00fcrger bewegen sich zwischen offiziellen Plattformen und alternativen Zug\u00e4ngen. In dieser Konstellation k\u00f6nnten sich folgende Entwicklungen abzeichnen:<\/p>\n<ul>\n<li>Offizielle, stark moderierte Informationsr\u00e4ume.<\/li>\n<li>Alternative Portale oder technische Tools zur Umgehung von Sperren.<\/li>\n<li>Wachsende Skepsis gegen\u00fcber etablierten Medien.<\/li>\n<li>Zunehmende Polarisierung zwischen verschiedenen Informationsgemeinschaften.<\/li>\n<\/ul>\n<p>Ein amerikanisches Portal, das europ\u00e4ische Beschr\u00e4nkungen umgeht, w\u00e4re in diesem Szenario nur ein Element eines gr\u00f6\u00dferen Trends. Die Kontrolle w\u00fcrde formal bestehen bleiben, faktisch jedoch unterlaufen werden.<\/p>\n<p>Das Risiko liegt weniger in einzelnen Inhalten als in der langfristigen Erosion gemeinsamen Diskurses. Wenn B\u00fcrger nicht mehr denselben Informationsraum teilen, wird Verst\u00e4ndigung schwieriger.<\/p>\n<h3>Ein f\u00fcnftes, stilles Szenario<\/h3>\n<p>Neben diesen vier klaren Richtungen existiert ein weiteres, weniger dramatisches Szenario: die allm\u00e4hliche Gew\u00f6hnung. B\u00fcrger passen sich an. Plattformen stabilisieren ihre Moderationspraktiken. Politische Debatten beruhigen sich. Die anf\u00e4ngliche Kontroverse verliert an Sch\u00e4rfe.<\/p>\n<p>In diesem Fall w\u00fcrde die Regulierung Teil des Alltags werden &#8211; weder stark umk\u00e4mpft noch enthusiastisch begr\u00fc\u00dft. Viele w\u00fcrden sich arrangieren.<br \/>\nDoch auch diese Gew\u00f6hnung h\u00e4tte ihren Preis. Denn jede langfristige Verschiebung des Diskursrahmens pr\u00e4gt die politische Kultur.<\/p>\n<h3>Die offene Frage<\/h3>\n<p>Welches dieser Szenarien eintritt, h\u00e4ngt von vielen Faktoren ab: politischen Mehrheiten, internationalen Spannungen, technologischen Innovationen und nicht zuletzt vom Verhalten der B\u00fcrger selbst.<\/p>\n<p>Sicher ist nur eines: Die Debatte um Hate Speech, digitale Souver\u00e4nit\u00e4t und internationale Informationsportale ist kein kurzfristiges Ph\u00e4nomen. Sie ber\u00fchrt Grundfragen demokratischer Ordnung.<\/p>\n<p>Die kommenden Jahre werden zeigen, ob Europa einen Weg findet, Freiheit und Schutz so auszubalancieren, dass beides glaubw\u00fcrdig bleibt.<br \/>\nDenn am Ende entscheidet nicht die Existenz eines Portals oder eines Gesetzes \u00fcber die Zukunft des Diskurses &#8211; sondern das Vertrauen in die eigenen Prinzipien.<\/p>\n<p><img loading=\"lazy\" decoding=\"async\" class=\"alignnone size-large wp-image-5112\" src=\"https:\/\/www.markus-schall.de\/wp-content\/uploads\/EU-Hatespeech-US-Portal-Europa.jpg\" alt=\"Freiheit als Europ\u00e4ische Kernidee\" width=\"1024\" height=\"683\" srcset=\"https:\/\/www.markus-schall.de\/wp-content\/uploads\/EU-Hatespeech-US-Portal-Europa.jpg 1024w, https:\/\/www.markus-schall.de\/wp-content\/uploads\/EU-Hatespeech-US-Portal-Europa-300x200.jpg 300w, https:\/\/www.markus-schall.de\/wp-content\/uploads\/EU-Hatespeech-US-Portal-Europa-768x512.jpg 768w, https:\/\/www.markus-schall.de\/wp-content\/uploads\/EU-Hatespeech-US-Portal-Europa-18x12.jpg 18w\" sizes=\"auto, (max-width: 1024px) 100vw, 1024px\" \/><\/p>\n<h2>Freiheit als europ\u00e4ische Kernidee &#8211;\u00a0Ein Blick zur\u00fcck, um nach vorn zu sehen<\/h2>\n<p>Bevor man neue Regeln entwirft, lohnt es sich, einen Moment innezuhalten und sich zu erinnern, woher man kommt. Europa ist nicht als Verwaltungsraum entstanden, sondern als geistiges Projekt. Die Aufkl\u00e4rung, die Debattenkultur, das Ringen um Wahrheit und Irrtum &#8211; all das hat diesen Kontinent gepr\u00e4gt.<\/p>\n<p>Die Idee war nie, dass Menschen vor widerspr\u00fcchlichen Gedanken gesch\u00fctzt werden m\u00fcssen. Die Idee war, dass sie lernen, mit ihnen umzugehen. Dass Argumente im offenen Austausch gepr\u00fcft werden. Dass Irrtum durch Gegenrede korrigiert wird &#8211; nicht durch Vorabfilterung.<\/p>\n<p>Diese Tradition war nicht immer bequem. Sie war konfliktreich, oft schmerzhaft, manchmal chaotisch. Aber sie war produktiv. Sie schuf Wissenschaft, Kunst, politische Reformen und am Ende jene demokratischen Ordnungen, auf die Europa heute stolz ist.<\/p>\n<h3>Freiheit war nie risikolos<\/h3>\n<p>Es geh\u00f6rt zur Ehrlichkeit, anzuerkennen, dass Freiheit Risiken birgt. Offene Gesellschaften bieten auch Raum f\u00fcr extreme Meinungen, f\u00fcr Unsinn, f\u00fcr Provokation. Doch gerade darin liegt ihre St\u00e4rke: Sie vertrauen darauf, dass die Mehrheit der B\u00fcrger urteilsf\u00e4hig ist.<\/p>\n<p>Wenn Europa nun st\u00e4rker reguliert, st\u00e4rker moderiert und st\u00e4rker eingreift, geschieht das h\u00e4ufig mit dem Anspruch, Stabilit\u00e4t zu sichern. Doch Stabilit\u00e4t entsteht nicht allein durch Kontrolle. Sie entsteht durch Vertrauen &#8211; Vertrauen in Institutionen und Vertrauen in die Urteilskraft der Menschen.<\/p>\n<p>Freiheit war in Europa nie ein Luxus. Sie war Grundlage politischer Reife.<\/p>\n<h3>Der Unterschied zwischen St\u00e4rke und Angst<\/h3>\n<p>Eine selbstbewusste Demokratie h\u00e4lt Widerspruch aus. Sie begegnet problematischen Argumenten mit besseren Argumenten. Sie setzt auf Bildung, Transparenz und \u00f6ffentliche Auseinandersetzung.<\/p>\n<p>Eine verunsicherte Demokratie hingegen neigt dazu, Debattenr\u00e4ume vorsorglich zu verengen. Nicht aus b\u00f6ser Absicht, sondern aus Sorge. Doch Sorge darf nicht zum dominierenden Prinzip werden.<\/p>\n<p>Die aktuelle Diskussion um Hate Speech, Plattformregulierung und internationale Informationsportale ist letztlich Ausdruck dieser Spannung:<\/p>\n<blockquote><p><em>Wie viel Offenheit trauen wir uns noch zu? <\/em><br \/>\n<em>Und wie viel Regulierung halten wir f\u00fcr notwendig?<\/em><\/p><\/blockquote>\n<p>Diese Fragen sind legitim. Aber sie sollten im Bewusstsein der eigenen Tradition beantwortet werden.<\/p>\n<h3>Europa und das Bild vom B\u00fcrger<\/h3>\n<p>Im Zentrum steht das Menschenbild. Der europ\u00e4ische Gedanke ging stets davon aus, dass B\u00fcrger m\u00fcndig sind. Dass sie pr\u00fcfen, abw\u00e4gen, widersprechen k\u00f6nnen. Dass sie nicht permanent gelenkt, sondern ernst genommen werden wollen. Wenn sich dieses Bild ver\u00e4ndert &#8211; wenn Schutz zunehmend Vorrang vor Selbstverantwortung erh\u00e4lt &#8211; verschiebt sich das Gleichgewicht zwischen Staat und Gesellschaft.<\/p>\n<p>Das hei\u00dft nicht, dass jede Regulierung falsch ist. Es hei\u00dft lediglich, dass sie Ma\u00df und Klarheit braucht. Je unbestimmter die Begriffe, desto gr\u00f6\u00dfer die Unsicherheit. Und Unsicherheit untergr\u00e4bt Vertrauen.<\/p>\n<h3>Ein n\u00fcchterner Ausblick<\/h3>\n<p>Die Debatte \u00fcber das m\u00f6gliche US-Portal hat eine symbolische Funktion. Sie zeigt, wie europ\u00e4ische Regulierung von au\u00dfen wahrgenommen wird. Sie wirft Fragen auf, die \u00fcber den konkreten Anlass hinausgehen.<\/p>\n<p>Doch sie ist kein Grund f\u00fcr Alarmismus. Europa ist weiterhin ein Raum mit unabh\u00e4ngigen Gerichten, pluralistischen Medien und lebendigen Debatten. Die Grundpfeiler stehen.<\/p>\n<p>Die eigentliche Aufgabe besteht darin, diese Pfeiler nicht aus Vorsicht zu unterminieren. Regulierung darf nicht zur Gewohnheit werden, wenn sie nicht st\u00e4ndig \u00fcberpr\u00fcft wird. Freiheit darf nicht als selbstverst\u00e4ndlich gelten, wenn sie schrittweise neu definiert wird.<\/p>\n<h3>Zur\u00fcck auf den Teppich<\/h3>\n<p>Vielleicht ist es an der Zeit, das Thema wieder \u201eauf den Teppich zu holen\u201c, wie man so sagt. Nicht jede Versch\u00e4rfung ist ein Untergangsszenario. Nicht jede Kritik an Regulierung ist ein Angriff auf den Rechtsstaat.<\/p>\n<p>Aber jede Verschiebung verdient Aufmerksamkeit.<\/p>\n<p>Europa hat sich \u00fcber Jahrhunderte dadurch ausgezeichnet, dass es Streit nicht gef\u00fcrchtet, sondern kultiviert hat. Dass es Konflikte nicht durch Schweigen gel\u00f6st hat, sondern durch Argumente.<\/p>\n<p>Wenn wir uns dieser Herkunft bewusst bleiben, k\u00f6nnen wir auch aktuelle Herausforderungen gelassener betrachten. Freiheit ist kein starres Konzept, sondern ein fortw\u00e4hrender Aushandlungsprozess. Doch dieser Prozess sollte immer von einem Grundsatz getragen sein: Vertrauen in die eigene Gesellschaft.<\/p>\n<p>Am Ende entscheidet nicht ein Gesetz und nicht ein Portal \u00fcber die Zukunft Europas, sondern die Haltung, mit der wir Debatten f\u00fchren.<br \/>\nUnd diese Haltung war im besten Sinne europ\u00e4isch: offen, selbstbewusst und vern\u00fcnftig.<\/p>\n<h3>Eigene Plattform statt fremder Regeln: Warum ein eigenes Magazin den Unterschied macht<\/h3>\n<p><a href=\"https:\/\/www.markus-schall.de\/ihr-internationales-magazin\/\"><img loading=\"lazy\" decoding=\"async\" class=\"alignright wp-image-3823 size-medium\" src=\"https:\/\/www.markus-schall.de\/wp-content\/uploads\/magazin-gastbeitraege-300x200.jpg\" alt=\"Magazin als Eigentum\" width=\"300\" height=\"200\" srcset=\"https:\/\/www.markus-schall.de\/wp-content\/uploads\/magazin-gastbeitraege-300x200.jpg 300w, https:\/\/www.markus-schall.de\/wp-content\/uploads\/magazin-gastbeitraege-768x512.jpg 768w, https:\/\/www.markus-schall.de\/wp-content\/uploads\/magazin-gastbeitraege-18x12.jpg 18w, https:\/\/www.markus-schall.de\/wp-content\/uploads\/magazin-gastbeitraege.jpg 1024w\" sizes=\"auto, (max-width: 300px) 100vw, 300px\" \/><\/a>Die Diskussion \u00fcber Meinungsfreiheit und Regulierung zeigt vor allem eines: Wer sich ausschlie\u00dflich auf fremde Plattformen verl\u00e4sst, begibt sich zwangsl\u00e4ufig in Abh\u00e4ngigkeit. Inhalte k\u00f6nnen eingeschr\u00e4nkt, Reichweiten reduziert oder ganze Accounts ver\u00e4ndert werden &#8211; oft ohne echte Einflussm\u00f6glichkeit. Der klassische Gegenentwurf dazu ist so alt wie das Publizieren selbst: ein eigenes Medium, das vollst\u00e4ndig unter eigener Kontrolle steht. Genau hier setzt ein Konzept wie <a href=\"https:\/\/www.markus-schall.de\/ihr-internationales-magazin\/\"><strong>\u201eIhr eigenes Magazin\u201c<\/strong><\/a> an. Statt Inhalte nur zu verteilen, entsteht eine eigene Plattform, auf der Themen langfristig aufgebaut, strukturiert und unabh\u00e4ngig ver\u00f6ffentlicht werden k\u00f6nnen. Die Verantwortung liegt dann wieder dort, wo sie hingeh\u00f6rt &#8211; beim Herausgeber selbst. Das schafft nicht nur Klarheit, sondern auch eine gewisse Ruhe im Umgang mit sensiblen Themen. Wer seine Inhalte im eigenen System publiziert, muss sich weniger an wechselnde Regeln anpassen und kann eine konsistente Linie verfolgen &#8211; sachlich, strukturiert und ohne \u00e4u\u00dferen Druck.<\/p>\n<hr \/>\n<h2>Weiterf\u00fchrende Quellen zum Thema<\/h2>\n<ol>\n<li><strong><a href=\"https:\/\/eur-lex.europa.eu\/eli\/reg\/2022\/2065\/oj\" target=\"_blank\" rel=\"noopener\">Digital Services Act (EU-Verordnung 2022\/2065)<\/a><\/strong>: Der Digital Services Act bildet die zentrale regulatorische Grundlage der EU f\u00fcr Plattformverantwortung, Inhaltsmoderation und Transparenzpflichten. Er definiert Sorgfaltspflichten f\u00fcr gro\u00dfe Online-Plattformen und ist ma\u00dfgeblich f\u00fcr die aktuelle Debatte \u00fcber digitale Regulierung und Meinungsfreiheit.<\/li>\n<li><strong><a href=\"https:\/\/artificialintelligenceact.eu\/\" target=\"_blank\" rel=\"noopener\">EU AI Act &#8211; \u00dcberblick<\/a><\/strong>: Der AI Act ist die europ\u00e4ische Verordnung zur Regulierung k\u00fcnstlicher Intelligenz. Er enth\u00e4lt auch Regelungen zur Risikobewertung algorithmischer Systeme, die indirekt Einfluss auf Moderationsentscheidungen und digitale Diskursr\u00e4ume haben k\u00f6nnen.<\/li>\n<li><strong><a href=\"https:\/\/www.echr.coe.int\/documents\/d\/echr\/convention_deu\" target=\"_blank\" rel=\"noopener\">Europ\u00e4ische Menschenrechtskonvention &#8211; Artikel 10<\/a><\/strong>: Artikel 10 garantiert die Freiheit der Meinungs\u00e4u\u00dferung in Europa, erlaubt jedoch Einschr\u00e4nkungen unter bestimmten Voraussetzungen. Er bildet den juristischen Referenzrahmen f\u00fcr alle europ\u00e4ischen Debatten \u00fcber Hate Speech und Regulierung.<\/li>\n<li><strong><a href=\"https:\/\/www.bundesverfassungsgericht.de\/SiteGlobals\/Forms\/Suche\/Expertensuche\/Servicesuche_Formular.html?nn=68080&amp;resourceId=70892&amp;input_=70784&amp;pageLocale=de&amp;templateQueryString=Meinungsfreiheit\" target=\"_blank\" rel=\"noopener\">Bundesverfassungsgericht &#8211; Meinungsfreiheit<\/a><\/strong>: Das Bundesverfassungsgericht hat in zahlreichen Urteilen die Bedeutung der Meinungsfreiheit als \u201ekonstituierend f\u00fcr die Demokratie\u201c hervorgehoben. Diese Rechtsprechung ist zentral f\u00fcr das Verst\u00e4ndnis der deutschen Rechtslage.<\/li>\n<li><strong><a href=\"https:\/\/firstamendment.mtsu.edu\/article\/first-amendment\/\" target=\"_blank\" rel=\"noopener\">First Amendment &#8211; U.S. Constitution<\/a><\/strong>: Der Erste Verfassungszusatz der USA sch\u00fctzt die Meinungsfreiheit besonders weitreichend. Er ist entscheidend f\u00fcr das Verst\u00e4ndnis der transatlantischen Unterschiede im Umgang mit kontroversen \u00c4u\u00dferungen.<\/li>\n<li><strong><a href=\"https:\/\/www.securityconference.org\/\" target=\"_blank\" rel=\"noopener\">M\u00fcnchner Sicherheitskonferenz &#8211; Offizielle Website<\/a><\/strong>: Die Sicherheitskonferenz ist ein bedeutendes internationales Forum f\u00fcr sicherheitspolitische Debatten. Hier hielt J. D. Vance seine viel diskutierte Rede zur Meinungsfreiheit in Europa.<\/li>\n<li><strong><a href=\"https:\/\/www.jstor.org\/stable\/2084686\" target=\"_blank\" rel=\"noopener\">Robert K. Merton &#8211; Bureaucratic Structure and Personality (1940)<\/a><\/strong>: Merton beschreibt in diesem klassischen Aufsatz die \u201eZielverschiebung\u201c in b\u00fcrokratischen Organisationen. Die Theorie erkl\u00e4rt, wie institutionelle Logiken sich verselbstst\u00e4ndigen k\u00f6nnen.<\/li>\n<li><strong><a href=\"https:\/\/www.rferl.org\/\" target=\"_blank\" rel=\"noopener\">Radio Free Europe \/ Radio Liberty<\/a><\/strong>: Historisches Beispiel amerikanischer Informationspolitik im Kalten Krieg. Der Sender wurde gegr\u00fcndet, um B\u00fcrgern in regulierten Informationsr\u00e4umen alternative Perspektiven zug\u00e4nglich zu machen.<\/li>\n<li><strong><a href=\"https:\/\/www.weforum.org\" target=\"_blank\" rel=\"noopener\">World Economic Forum &#8211; Debatten zur Meinungsfreiheit<\/a><\/strong>: Internationale Perspektiven auf Regulierung, Plattformverantwortung und digitale Diskurse. Diese Beitr\u00e4ge zeigen, wie global das Spannungsfeld zwischen Schutz und Freiheit diskutiert wird.<\/li>\n<\/ol>\n<hr \/>\n\n\t\t\t<div class=\"display-post-types\">\n\n\t\t\t\t\t\t\t<style type=\"text\/css\">\n\t\t\t#dpt-wrapper-390 { --dpt-text-align: left;--dpt-image-crop: center;--dpt-border-radius: 5px;--dpt-small-grid-column: 33.33%;--dpt-large-grid-column: 33.3333333333%;--dpt-h-gutter: 10px;--dpt-v-gutter: 10px; }\t\t\t<\/style>\n\t\t\t<style type=\"text\/css\">#dpt-wrapper-390 { --dpt-title-font-style:normal;--dpt-title-font-weight:600;--dpt-title-line-height:1.5;--dpt-title-text-decoration:none;--dpt-title-text-transform:none;--dpt-excerpt-font-style:normal;--dpt-excerpt-font-weight:400;--dpt-excerpt-line-height:1.5;--dpt-excerpt-text-decoration:none;--dpt-excerpt-text-transform:none;--dpt-meta1-font-style:normal;--dpt-meta1-font-weight:400;--dpt-meta1-line-height:1.9;--dpt-meta1-text-decoration:none;--dpt-meta1-text-transform:none;--dpt-meta2-font-style:normal;--dpt-meta2-font-weight:400;--dpt-meta2-line-height:1.9;--dpt-meta2-text-decoration:none;--dpt-meta2-text-transform:none; }<\/style><div class=\" dpt-main-header\">\n\t\t\t\t\t\t<div class=\"dpt-main-title\">\n\t\t\t\t\t\t\t<span class=\"dpt-main-title-text\">Aktuelle Beitr\u00e4ge zu EU-Gesetzen<\/span>\n\t\t\t\t\t\t<\/div>\n\t\t\t\t\t\t\n\t\t\t\t\t\t\n\t\t\t\t\t\t\n\t\t\t\t\t\t<\/div>\t\t\t\n\t\t\t\t<div id=\"dpt-wrapper-390\" class=\"dpt-wrapper dpt-grid1 multi-col dpt-mason-wrap\" >\n\n\t\t\t\t\t\t\t\t\t\t\t<div class=\"dpt-entry has-thumbnail\" data-title=\"europa zwischen meinungsfreiheit und regulierung: neues us-infoportal wirft fragen auf\" data-id=\"5102\"  data-category=\"allgemein gesellschaft\" data-post_tag=\"denkmodelle deutschland eu-gesetze europa geopolitik krisen meinungsfreiheit spieltheorie\">\n\t\t\t\t\t\t\t<div class=\"dpt-entry-wrapper\"><div class=\" dpt-featured-content\"><div class=\" dpt-permalink\"><a href=\"https:\/\/www.markus-schall.de\/tr\/2026\/03\/europa-zwischen-meinungsfreiheit-und-regulierung-neues-us-infoportal-wirft-fragen-auf\/\" class=\"dpt-permalink\"><span class=\"screen-reader-text\">Europa zwischen Meinungsfreiheit und Regulierung: Neues US-Infoportal wirft Fragen auf<\/span><\/a><\/div><div class=\" dpt-thumbnail\"><div class=\"dpt-thumbnail-inner\"><img width=\"1024\" height=\"683\" class=\"attachment-full size-full\" alt=\"EU-Zensur, Hatespeech und das neue US-Portal\" context=\"dpt\" data-dpt-src=\"https:\/\/www.markus-schall.de\/wp-content\/uploads\/EU-Hatespeech-US-Portal.jpg\" data-dpt-sizes=\"(max-width: 1024px) 100vw, 1024px\" data-dpt-srcset=\"https:\/\/www.markus-schall.de\/wp-content\/uploads\/EU-Hatespeech-US-Portal.jpg 1024w, https:\/\/www.markus-schall.de\/wp-content\/uploads\/EU-Hatespeech-US-Portal-300x200.jpg 300w, https:\/\/www.markus-schall.de\/wp-content\/uploads\/EU-Hatespeech-US-Portal-768x512.jpg 768w, https:\/\/www.markus-schall.de\/wp-content\/uploads\/EU-Hatespeech-US-Portal-18x12.jpg 18w\" \/><\/div><span class=\"dpt-thumbnail-aspect-ratio\" style=\"padding-top: 67%\"><\/span><\/div><\/div><div class=\" sub-entry\"><h3 class=\" dpt-title\"><a class=\"dpt-title-link\" href=\"https:\/\/www.markus-schall.de\/tr\/2026\/03\/europa-zwischen-meinungsfreiheit-und-regulierung-neues-us-infoportal-wirft-fragen-auf\/\" rel=\"bookmark\">Europa zwischen Meinungsfreiheit und Regulierung: Neues US-Infoportal wirft Fragen auf<\/a><\/h3><\/div><\/div>\n\t\t\t\t\t\t<\/div><!-- .dpt-entry -->\n\t\t\t\t\t\t\t\t\t\t\t\t<div class=\"dpt-entry has-thumbnail\" data-title=\"das 28. regime der eu: der stille umbau des europ\u00e4ischen wirtschaftsraums?\" data-id=\"3747\"  data-category=\"allgemein gesellschaft\" data-post_tag=\"auswandern eu-gesetze europa geopolitik\">\n\t\t\t\t\t\t\t<div class=\"dpt-entry-wrapper\"><div class=\" dpt-featured-content\"><div class=\" dpt-permalink\"><a href=\"https:\/\/www.markus-schall.de\/tr\/2025\/12\/das-28-regime-der-eu-der-stille-umbau-des-europaeischen-wirtschaftsraums\/\" class=\"dpt-permalink\"><span class=\"screen-reader-text\">Das 28. Regime der EU: Der stille Umbau des europ\u00e4ischen Wirtschaftsraums?<\/span><\/a><\/div><div class=\" dpt-thumbnail\"><div class=\"dpt-thumbnail-inner\"><img width=\"1024\" height=\"683\" class=\"attachment-full size-full\" alt=\"28. EU-Regime\" context=\"dpt\" data-dpt-src=\"https:\/\/www.markus-schall.de\/wp-content\/uploads\/EU-28-Regime.jpg\" data-dpt-sizes=\"(max-width: 1024px) 100vw, 1024px\" data-dpt-srcset=\"https:\/\/www.markus-schall.de\/wp-content\/uploads\/EU-28-Regime.jpg 1024w, https:\/\/www.markus-schall.de\/wp-content\/uploads\/EU-28-Regime-300x200.jpg 300w, https:\/\/www.markus-schall.de\/wp-content\/uploads\/EU-28-Regime-768x512.jpg 768w, https:\/\/www.markus-schall.de\/wp-content\/uploads\/EU-28-Regime-18x12.jpg 18w\" \/><\/div><span class=\"dpt-thumbnail-aspect-ratio\" style=\"padding-top: 67%\"><\/span><\/div><\/div><div class=\" sub-entry\"><h3 class=\" dpt-title\"><a class=\"dpt-title-link\" href=\"https:\/\/www.markus-schall.de\/tr\/2025\/12\/das-28-regime-der-eu-der-stille-umbau-des-europaeischen-wirtschaftsraums\/\" rel=\"bookmark\">Das 28. Regime der EU: Der stille Umbau des europ\u00e4ischen Wirtschaftsraums?<\/a><\/h3><\/div><\/div>\n\t\t\t\t\t\t<\/div><!-- .dpt-entry -->\n\t\t\t\t\t\t\t\t\t\t\t\t<div class=\"dpt-entry has-thumbnail\" data-title=\"regelbasierte weltordnung und v\u00f6lkerrecht: zwischen anspruch, realit\u00e4t und rechtsbruch\" data-id=\"4275\"  data-category=\"allgemein gesellschaft\" data-post_tag=\"denkmodelle eu-gesetze europa geopolitik krisen sicherheitspolitik\">\n\t\t\t\t\t\t\t<div class=\"dpt-entry-wrapper\"><div class=\" dpt-featured-content\"><div class=\" dpt-permalink\"><a href=\"https:\/\/www.markus-schall.de\/tr\/2026\/01\/regelbasierte-weltordnung-und-voelkerrecht-zwischen-anspruch-realitaet-und-rechtsbruch\/\" class=\"dpt-permalink\"><span class=\"screen-reader-text\">Regelbasierte Weltordnung und V\u00f6lkerrecht: Zwischen Anspruch, Realit\u00e4t und Rechtsbruch<\/span><\/a><\/div><div class=\" dpt-thumbnail\"><div class=\"dpt-thumbnail-inner\"><img width=\"1024\" height=\"683\" class=\"attachment-full size-full\" alt=\"V\u00f6lkerrecht und Regelbasierte Weltordnung\" context=\"dpt\" data-dpt-src=\"https:\/\/www.markus-schall.de\/wp-content\/uploads\/voelkerrecht-weltordnung-titel.jpg\" data-dpt-sizes=\"(max-width: 1024px) 100vw, 1024px\" data-dpt-srcset=\"https:\/\/www.markus-schall.de\/wp-content\/uploads\/voelkerrecht-weltordnung-titel.jpg 1024w, https:\/\/www.markus-schall.de\/wp-content\/uploads\/voelkerrecht-weltordnung-titel-300x200.jpg 300w, https:\/\/www.markus-schall.de\/wp-content\/uploads\/voelkerrecht-weltordnung-titel-768x512.jpg 768w, https:\/\/www.markus-schall.de\/wp-content\/uploads\/voelkerrecht-weltordnung-titel-18x12.jpg 18w\" \/><\/div><span class=\"dpt-thumbnail-aspect-ratio\" style=\"padding-top: 67%\"><\/span><\/div><\/div><div class=\" sub-entry\"><h3 class=\" dpt-title\"><a class=\"dpt-title-link\" href=\"https:\/\/www.markus-schall.de\/tr\/2026\/01\/regelbasierte-weltordnung-und-voelkerrecht-zwischen-anspruch-realitaet-und-rechtsbruch\/\" rel=\"bookmark\">Regelbasierte Weltordnung und V\u00f6lkerrecht: Zwischen Anspruch, Realit\u00e4t und Rechtsbruch<\/a><\/h3><\/div><\/div>\n\t\t\t\t\t\t<\/div><!-- .dpt-entry -->\n\t\t\t\t\t\t\t\t\t\t\t\t<div class=\"dpt-entry has-thumbnail\" data-title=\"elektronische rechnungen im mittelstand: xrechnung, zugferd und erp im \u00dcberblick\" data-id=\"3135\"  data-category=\"apple macos filemaker &amp; erp\" data-post_tag=\"datenbanken erp-software eu-gesetze filemaker gfm-business prozesse\">\n\t\t\t\t\t\t\t<div class=\"dpt-entry-wrapper\"><div class=\" dpt-featured-content\"><div class=\" dpt-permalink\"><a href=\"https:\/\/www.markus-schall.de\/tr\/2025\/10\/elektronische-rechnungen-im-mittelstand-xrechnung-zugferd-und-erp-im-ueberblick\/\" class=\"dpt-permalink\"><span class=\"screen-reader-text\">Elektronische Rechnungen im Mittelstand: XRechnung, ZUGFeRD und ERP im \u00dcberblick<\/span><\/a><\/div><div class=\" dpt-thumbnail\"><div class=\"dpt-thumbnail-inner\"><img width=\"1024\" height=\"683\" class=\"attachment-full size-full\" alt=\"\u00dcbersicht zur Pflicht elektronischer Rechnungen\" context=\"dpt\" data-dpt-src=\"https:\/\/www.markus-schall.de\/wp-content\/uploads\/elektronische-rechnungen-erp.jpg\" data-dpt-sizes=\"(max-width: 1024px) 100vw, 1024px\" data-dpt-srcset=\"https:\/\/www.markus-schall.de\/wp-content\/uploads\/elektronische-rechnungen-erp.jpg 1024w, https:\/\/www.markus-schall.de\/wp-content\/uploads\/elektronische-rechnungen-erp-300x200.jpg 300w, https:\/\/www.markus-schall.de\/wp-content\/uploads\/elektronische-rechnungen-erp-768x512.jpg 768w, https:\/\/www.markus-schall.de\/wp-content\/uploads\/elektronische-rechnungen-erp-18x12.jpg 18w\" \/><\/div><span class=\"dpt-thumbnail-aspect-ratio\" style=\"padding-top: 67%\"><\/span><\/div><\/div><div class=\" sub-entry\"><h3 class=\" dpt-title\"><a class=\"dpt-title-link\" href=\"https:\/\/www.markus-schall.de\/tr\/2025\/10\/elektronische-rechnungen-im-mittelstand-xrechnung-zugferd-und-erp-im-ueberblick\/\" rel=\"bookmark\">Elektronische Rechnungen im Mittelstand: XRechnung, ZUGFeRD und ERP im \u00dcberblick<\/a><\/h3><\/div><\/div>\n\t\t\t\t\t\t<\/div><!-- .dpt-entry -->\n\t\t\t\t\t\t\t\t\t\t\t\t<div class=\"dpt-entry has-thumbnail\" data-title=\"hohe energiepreise in deutschland verstehen: gas, strom und benzin einfach erkl\u00e4rt\" data-id=\"4103\"  data-category=\"allgemein gesellschaft tipps &amp; anleitungen\" data-post_tag=\"deutschland energiepolitik eu-gesetze europa krisen ratgeber\">\n\t\t\t\t\t\t\t<div class=\"dpt-entry-wrapper\"><div class=\" dpt-featured-content\"><div class=\" dpt-permalink\"><a href=\"https:\/\/www.markus-schall.de\/tr\/2025\/12\/hohe-energiepreise-in-deutschland-verstehen-gas-strom-und-benzin-einfach-erklaert\/\" class=\"dpt-permalink\"><span class=\"screen-reader-text\">Hohe Energiepreise in Deutschland verstehen: Gas, Strom und Benzin einfach erkl\u00e4rt<\/span><\/a><\/div><div class=\" dpt-thumbnail\"><div class=\"dpt-thumbnail-inner\"><img width=\"1024\" height=\"683\" class=\"attachment-full size-full\" alt=\"Energiepreise in Deutschland\" context=\"dpt\" data-dpt-src=\"https:\/\/www.markus-schall.de\/wp-content\/uploads\/energiepreise-deutschland.jpg\" data-dpt-sizes=\"(max-width: 1024px) 100vw, 1024px\" data-dpt-srcset=\"https:\/\/www.markus-schall.de\/wp-content\/uploads\/energiepreise-deutschland.jpg 1024w, https:\/\/www.markus-schall.de\/wp-content\/uploads\/energiepreise-deutschland-300x200.jpg 300w, https:\/\/www.markus-schall.de\/wp-content\/uploads\/energiepreise-deutschland-768x512.jpg 768w, https:\/\/www.markus-schall.de\/wp-content\/uploads\/energiepreise-deutschland-18x12.jpg 18w\" \/><\/div><span class=\"dpt-thumbnail-aspect-ratio\" style=\"padding-top: 67%\"><\/span><\/div><\/div><div class=\" sub-entry\"><h3 class=\" dpt-title\"><a class=\"dpt-title-link\" href=\"https:\/\/www.markus-schall.de\/tr\/2025\/12\/hohe-energiepreise-in-deutschland-verstehen-gas-strom-und-benzin-einfach-erklaert\/\" rel=\"bookmark\">Hohe Energiepreise in Deutschland verstehen: Gas, Strom und Benzin einfach erkl\u00e4rt<\/a><\/h3><\/div><\/div>\n\t\t\t\t\t\t<\/div><!-- .dpt-entry -->\n\t\t\t\t\t\t\t\t\t\t\t\t<div class=\"dpt-entry has-thumbnail\" data-title=\"spieltheorie erkl\u00e4rt 25 jahre geopolitik: wie europa seine strategische rolle verlor\" data-id=\"3850\"  data-category=\"allgemein gesellschaft kunst &amp; kultur\" data-post_tag=\"denkmodelle deutschland energiepolitik eu-gesetze europa geopolitik krisen sicherheitspolitik spieltheorie\">\n\t\t\t\t\t\t\t<div class=\"dpt-entry-wrapper\"><div class=\" dpt-featured-content\"><div class=\" dpt-permalink\"><a href=\"https:\/\/www.markus-schall.de\/tr\/2025\/12\/spieltheorie-erklaert-25-jahre-geopolitik-wie-europa-seine-strategische-rolle-verlor\/\" class=\"dpt-permalink\"><span class=\"screen-reader-text\">Spieltheorie erkl\u00e4rt 25 Jahre Geopolitik: Wie Europa seine strategische Rolle verlor<\/span><\/a><\/div><div class=\" dpt-thumbnail\"><div class=\"dpt-thumbnail-inner\"><img width=\"1024\" height=\"765\" class=\"attachment-full size-full\" alt=\"Spieltheorie erkl\u00e4rt 25 Jahre Geopolitik\" context=\"dpt\" data-dpt-src=\"https:\/\/www.markus-schall.de\/wp-content\/uploads\/europa-russland-spieltheorie.jpg\" data-dpt-sizes=\"(max-width: 1024px) 100vw, 1024px\" data-dpt-srcset=\"https:\/\/www.markus-schall.de\/wp-content\/uploads\/europa-russland-spieltheorie.jpg 1024w, https:\/\/www.markus-schall.de\/wp-content\/uploads\/europa-russland-spieltheorie-300x224.jpg 300w, https:\/\/www.markus-schall.de\/wp-content\/uploads\/europa-russland-spieltheorie-768x574.jpg 768w, https:\/\/www.markus-schall.de\/wp-content\/uploads\/europa-russland-spieltheorie-16x12.jpg 16w\" \/><\/div><span class=\"dpt-thumbnail-aspect-ratio\" style=\"padding-top: 75%\"><\/span><\/div><\/div><div class=\" sub-entry\"><h3 class=\" dpt-title\"><a class=\"dpt-title-link\" href=\"https:\/\/www.markus-schall.de\/tr\/2025\/12\/spieltheorie-erklaert-25-jahre-geopolitik-wie-europa-seine-strategische-rolle-verlor\/\" rel=\"bookmark\">Spieltheorie erkl\u00e4rt 25 Jahre Geopolitik: Wie Europa seine strategische Rolle verlor<\/a><\/h3><\/div><\/div>\n\t\t\t\t\t\t<\/div><!-- .dpt-entry -->\n\t\t\t\t\t\t\n\t\t\t\t<\/div>\n\t\t\t\t\t\t<\/div>\n\t\t\t\n<hr \/>\n<h2>H\u00e4ufig gestellte Fragen<\/h2>\n<ol>\n<li><strong>Ist das nicht \u00fcbertrieben? Europa ist doch kein Zensurstaat.<\/strong><br \/>\nNein, und genau das ist ein wichtiger Punkt. Der Artikel behauptet nicht, dass Europa autorit\u00e4re Strukturen angenommen hat. Er beschreibt vielmehr eine Verschiebung in der Regulierung digitaler Kommunikation. Zwischen klassischer Zensur und moderner Plattformregulierung liegt ein erheblicher Unterschied. Dennoch lohnt es sich, Entwicklungen fr\u00fchzeitig zu analysieren &#8211; gerade in stabilen Demokratien. Eine offene Gesellschaft zeichnet sich dadurch aus, dass sie auch eigene Regelungen kritisch reflektiert, ohne sich selbst gleich zu delegitimieren.<\/li>\n<li><strong>Was genau soll dieses amerikanische Online-Portal eigentlich leisten?<\/strong><br \/>\nNach bisherigen Berichten soll es Inhalte zug\u00e4nglich machen, die in bestimmten Regionen blockiert sind. Dazu geh\u00f6ren Medienangebote oder Plattforminhalte, die dort aus politischen oder regulatorischen Gr\u00fcnden nicht erreichbar sind. Brisant ist, dass Europa in diesem Zusammenhang erw\u00e4hnt wurde. Das bedeutet nicht automatisch, dass Europa mit autorit\u00e4ren Staaten gleichgesetzt wird &#8211; wohl aber, dass es als zunehmend regulierter Informationsraum wahrgenommen wird.<\/li>\n<li><strong>Geht es hier nicht einfach nur um den Schutz vor Desinformation?<\/strong><br \/>\nDoch, das ist ein zentraler Beweggrund vieler europ\u00e4ischer Initiativen. Niemand bestreitet, dass Desinformation, gezielte Manipulation und Hasskampagnen reale Probleme darstellen. Die Frage ist jedoch, wie weit Schutzma\u00dfnahmen reichen sollten. Wenn Definitionen sehr breit formuliert sind, kann das unbeabsichtigte Nebenwirkungen haben &#8211; etwa Unsicherheit im \u00f6ffentlichen Diskurs oder vorauseilende Selbstzensur.<\/li>\n<li><strong>Ist die Kritik an \u201eHate Speech\u201c-Definitionen nicht ein Angriff auf den Schutz von Minderheiten?<\/strong><br \/>\nNicht zwangsl\u00e4ufig. Der Schutz vor Diskriminierung ist ein legitimes und notwendiges Ziel. Die Debatte dreht sich um die Ausgestaltung der Begriffe und ihre juristische Pr\u00e4zision. Je unklarer ein Begriff, desto gr\u00f6\u00dfer der Interpretationsspielraum. In einer rechtsstaatlichen Ordnung sollte jedoch klar nachvollziehbar sein, welche \u00c4u\u00dferungen strafbar sind und welche nicht. Diese Klarheit dient letztlich allen &#8211; auch denjenigen, die gesch\u00fctzt werden sollen.<\/li>\n<li><strong>Warum wird das Thema Geschlecht im Artikel so prominent behandelt?<\/strong><br \/>\nWeil es ein aktuelles Beispiel f\u00fcr die Spannung zwischen wissenschaftlicher, gesellschaftlicher und politischer Deutung darstellt. Aussagen \u00fcber Geschlecht werden heute unterschiedlich bewertet &#8211; je nach Perspektive. Wenn bestimmte Positionen potenziell unter \u201eHate Speech\u201c fallen k\u00f6nnten, zeigt das exemplarisch, wie stark Definitionen politisch aufgeladen sein k\u00f6nnen. Es geht dabei weniger um die Position selbst als um die Frage der juristischen Einordnung.<\/li>\n<li><strong>Unterscheidet sich Europa hier wirklich so stark von den USA?<\/strong><br \/>\nJa, historisch betrachtet gibt es Unterschiede. In den USA genie\u00dft die Meinungsfreiheit durch den First Amendment einen besonders starken Schutz. Europa verfolgt traditionell einen st\u00e4rker abw\u00e4genden Ansatz, bei dem auch andere Rechtsg\u00fcter wie W\u00fcrde und Gleichbehandlung ber\u00fccksichtigt werden. Diese Unterschiede waren lange kein Problem, werden aber deutlicher sichtbar, je weiter Regulierung geht.<\/li>\n<li><strong>Ist ein amerikanisches Portal nicht selbst eine politische Einmischung?<\/strong><br \/>\nDas k\u00f6nnte so interpretiert werden. Informationspolitik ist immer auch geopolitisch. Wenn ein Staat aktiv Inhalte bereitstellt, die in einem anderen Rechtsraum eingeschr\u00e4nkt sind, hat das politische Signalwirkung. Ob man das als Einmischung oder als Verteidigung von Informationsfreiheit bewertet, h\u00e4ngt vom Standpunkt ab.<\/li>\n<li><strong>Wie realistisch ist es, dass Europa Informationen wirklich dauerhaft abschottet?<\/strong><br \/>\nTechnisch gesehen ist vollst\u00e4ndige Abschottung im digitalen Zeitalter schwer durchsetzbar. Inhalte k\u00f6nnen gespiegelt, umgeleitet oder anderweitig zug\u00e4nglich gemacht werden. Daher geht es weniger um totale Kontrolle als um regulatorische Signale und Moderationspflichten. Die eigentliche Frage ist, wie stark solche Ma\u00dfnahmen das Vertrauen in den offenen Diskurs beeinflussen.<\/li>\n<li><strong>Ist Selbstzensur wirklich ein ernstzunehmendes Problem?<\/strong><br \/>\nSelbstzensur ist schwer messbar, aber real. Wenn Menschen unsicher sind, ob bestimmte Aussagen problematisch sein k\u00f6nnten, formulieren sie vorsichtiger oder verzichten ganz auf Beitr\u00e4ge. Das geschieht oft nicht aus \u00dcberzeugung, sondern aus Risikoabw\u00e4gung. Eine lebendige Diskurskultur lebt jedoch davon, dass Menschen ohne \u00fcberm\u00e4\u00dfige Angst vor Sanktionen sprechen k\u00f6nnen.<\/li>\n<li><strong>K\u00f6nnte st\u00e4rkere Regulierung nicht auch zu mehr gesellschaftlicher Stabilit\u00e4t f\u00fchren?<\/strong><br \/>\nDas ist durchaus m\u00f6glich. Bef\u00fcrworter argumentieren, dass klare Regeln Polarisierung eind\u00e4mmen und Extrempositionen begrenzen k\u00f6nnen. Kritiker entgegnen, dass zu enge Regelungen Spannungen eher verdecken als l\u00f6sen. Entscheidend ist die Balance zwischen Schutz und Offenheit.<\/li>\n<li><strong>Warum spielt Vertrauen eine so gro\u00dfe Rolle in dieser Debatte?<\/strong><br \/>\nWeil demokratische Systeme auf Vertrauen beruhen. Wenn B\u00fcrger das Gef\u00fchl haben, dass Regeln transparent und fair angewendet werden, steigt Akzeptanz. Wenn hingegen Unklarheit herrscht oder Entscheidungen intransparent wirken, entsteht Skepsis. Vertrauen ist keine abstrakte Gr\u00f6\u00dfe, sondern die Grundlage politischer Stabilit\u00e4t.<\/li>\n<li><strong>Ist Europa auf dem Weg in eine autorit\u00e4re Richtung?<\/strong><br \/>\nDer Artikel zeichnet kein solches Bild. Europa verf\u00fcgt weiterhin \u00fcber unabh\u00e4ngige Gerichte, freie Wahlen und pluralistische Medien. Es geht um Nuancen der Regulierung, nicht um Systemwechsel. Gerade deshalb ist eine sachliche Diskussion wichtig &#8211; um Entwicklungen fr\u00fchzeitig zu justieren, ohne sie zu dramatisieren.<\/li>\n<li><strong>Welche Rolle spielen gro\u00dfe Plattformen in diesem Kontext?<\/strong><br \/>\nPlattformen fungieren als Gatekeeper \u00f6ffentlicher Kommunikation. Durch regulatorische Vorgaben stehen sie unter Druck, Inhalte schnell zu pr\u00fcfen und gegebenenfalls zu entfernen. In der Praxis f\u00fchrt das oft zu vorsichtiger Moderation. Unternehmen bewegen sich zwischen gesetzlichen Anforderungen und dem Anspruch auf Meinungsfreiheit.<\/li>\n<li><strong>Kann man digitale Souver\u00e4nit\u00e4t und Meinungsfreiheit miteinander vereinbaren?<\/strong><br \/>\nJa, grunds\u00e4tzlich schon. Digitale Souver\u00e4nit\u00e4t bedeutet zun\u00e4chst Selbstbestimmung \u00fcber Regeln und Infrastruktur. Entscheidend ist, wie diese Regeln ausgestaltet werden. Wenn sie klar, verh\u00e4ltnism\u00e4\u00dfig und transparent sind, kann beides koexistieren. Problematisch wird es erst, wenn Begriffe zu weit gefasst sind und Unsicherheit erzeugen.<\/li>\n<li><strong>Warum wird das Thema nicht st\u00e4rker in klassischen Medien diskutiert?<\/strong><br \/>\nDas ist schwer pauschal zu beantworten. Regulierung digitaler Kommunikation ist komplex und juristisch anspruchsvoll. Oft konzentriert sich die Berichterstattung auf konkrete Einzelf\u00e4lle, weniger auf strukturelle Entwicklungen. Der Artikel versucht, diese Struktur sichtbar zu machen.<\/li>\n<li><strong>K\u00f6nnte das amerikanische Portal die europ\u00e4ische Regulierung faktisch unterlaufen?<\/strong><br \/>\nTechnisch w\u00e4re das denkbar. Politisch w\u00fcrde es allerdings neue Spannungen erzeugen. Europa m\u00fcsste entscheiden, ob es solche Angebote toleriert oder juristisch dagegen vorgeht. In jedem Fall w\u00fcrde ein solches Portal die Debatte weiter anheizen.<\/li>\n<li><strong>Ist es nicht besser, problematische Inhalte gar nicht erst sichtbar werden zu lassen?<\/strong><br \/>\nDas h\u00e4ngt vom Grundverst\u00e4ndnis ab. Ein Ansatz setzt auf pr\u00e4ventive Filterung. Ein anderer vertraut darauf, dass problematische Inhalte durch Gegenrede entkr\u00e4ftet werden k\u00f6nnen. Beide Modelle haben Vor- und Nachteile. Der Artikel pl\u00e4diert nicht f\u00fcr v\u00f6llige Regellosigkeit, sondern f\u00fcr Klarheit und Augenma\u00df.<\/li>\n<li><strong>Was ist letztlich die Kernfrage des gesamten Artikels?<\/strong><br \/>\nDie Kernfrage lautet: Wie viel Regulierung vertr\u00e4gt eine offene Gesellschaft, ohne ihr eigenes Fundament &#8211; die Freiheit des Diskurses &#8211; zu schw\u00e4chen? Es geht nicht um Extreme, sondern um Balance. Und um die Erinnerung daran, dass Freiheit in Europa stets als tragende Idee verstanden wurde &#8211; nicht als Nebensache.<\/li>\n<\/ol>\n<hr \/>\n\n\t\t\t<div class=\"display-post-types\">\n\n\t\t\t\t\t\t\t<style type=\"text\/css\">\n\t\t\t#dpt-wrapper-391 { --dpt-text-align: left;--dpt-image-crop: center;--dpt-border-radius: 5px;--dpt-h-gutter: 10px;--dpt-v-gutter: 9px; }\t\t\t<\/style>\n\t\t\t<style type=\"text\/css\">#dpt-wrapper-391 { --dpt-title-font-style:normal;--dpt-title-font-weight:600;--dpt-title-line-height:1.5;--dpt-title-text-decoration:none;--dpt-title-text-transform:none;--dpt-excerpt-font-style:normal;--dpt-excerpt-font-weight:400;--dpt-excerpt-line-height:1.5;--dpt-excerpt-text-decoration:none;--dpt-excerpt-text-transform:none;--dpt-meta1-font-style:normal;--dpt-meta1-font-weight:400;--dpt-meta1-line-height:1.9;--dpt-meta1-text-decoration:none;--dpt-meta1-text-transform:none;--dpt-meta2-font-style:normal;--dpt-meta2-font-weight:400;--dpt-meta2-line-height:1.9;--dpt-meta2-text-decoration:none;--dpt-meta2-text-transform:none; }<\/style><div class=\" dpt-main-header\">\n\t\t\t\t\t\t<div class=\"dpt-main-title\">\n\t\t\t\t\t\t\t<span class=\"dpt-main-title-text\">Aktuelle Beitr\u00e4ge zu Kunst &amp; Kultur<\/span>\n\t\t\t\t\t\t<\/div>\n\t\t\t\t\t\t\n\t\t\t\t\t\t\n\t\t\t\t\t\t\n\t\t\t\t\t\t<\/div>\t\t\t\n\t\t\t\t<div id=\"dpt-wrapper-391\" class=\"dpt-wrapper dpt-mag1 land1 dpt-cropped dpt-flex-wrap\" >\n\n\t\t\t\t\t\t\t\t\t\t\t<div class=\"dpt-entry has-thumbnail\" data-title=\"dieter bohlen im klartext: warum deutschland an der eigenen b\u00fcrokratie scheitert\" data-id=\"3546\"  data-category=\"allgemein b\u00fccher gesellschaft kunst &amp; kultur\" data-post_tag=\"buch deutschland erfahrungen krisen meinungsfreiheit musik\">\n\t\t\t\t\t\t\t<div class=\"dpt-entry-wrapper\"><div class=\" dpt-featured-content\"><div class=\" dpt-permalink\"><a href=\"https:\/\/www.markus-schall.de\/tr\/2025\/11\/dieter-bohlen-im-klartext-warum-deutschland-an-der-eigenen-buerokratie-scheitert\/\" class=\"dpt-permalink\"><span class=\"screen-reader-text\">Dieter Bohlen im Klartext: Warum Deutschland an der eigenen B\u00fcrokratie scheitert<\/span><\/a><\/div><div class=\" dpt-thumbnail\"><div class=\"dpt-thumbnail-inner\"><img width=\"1536\" height=\"1024\" class=\"attachment-full size-full\" alt=\"Dieter Bohlen im Gespr\u00e4ch mit Dominik Kettner\" context=\"dpt\" data-dpt-src=\"https:\/\/www.markus-schall.de\/wp-content\/uploads\/bohlen-kettner-germany.jpg\" data-dpt-sizes=\"(max-width: 1536px) 100vw, 1536px\" data-dpt-srcset=\"https:\/\/www.markus-schall.de\/wp-content\/uploads\/bohlen-kettner-germany.jpg 1536w, https:\/\/www.markus-schall.de\/wp-content\/uploads\/bohlen-kettner-germany-300x200.jpg 300w, https:\/\/www.markus-schall.de\/wp-content\/uploads\/bohlen-kettner-germany-1024x683.jpg 1024w, https:\/\/www.markus-schall.de\/wp-content\/uploads\/bohlen-kettner-germany-768x512.jpg 768w, https:\/\/www.markus-schall.de\/wp-content\/uploads\/bohlen-kettner-germany-18x12.jpg 18w\" \/><\/div><span class=\"dpt-thumbnail-aspect-ratio\" style=\"padding-top: 75%\"><\/span><\/div><\/div><div class=\" sub-entry\"><h3 class=\" dpt-title\"><a class=\"dpt-title-link\" href=\"https:\/\/www.markus-schall.de\/tr\/2025\/11\/dieter-bohlen-im-klartext-warum-deutschland-an-der-eigenen-buerokratie-scheitert\/\" rel=\"bookmark\">Dieter Bohlen im Klartext: Warum Deutschland an der eigenen B\u00fcrokratie scheitert<\/a><\/h3><\/div><\/div>\n\t\t\t\t\t\t<\/div><!-- .dpt-entry -->\n\t\t\t\t\t\t\t\t\t\t\t\t<div class=\"dpt-entry has-thumbnail\" data-title=\"vicco von b\u00fclow alias loriot &#8211; ordnung, form und der leise widerstand des humors\" data-id=\"4169\"  data-category=\"allgemein gesellschaft kunst &amp; kultur stories &amp; humor\" data-post_tag=\"deutschland erfahrungen pers\u00f6nlichkeitsentwicklung portrait\">\n\t\t\t\t\t\t\t<div class=\"dpt-entry-wrapper\"><div class=\" dpt-featured-content\"><div class=\" dpt-permalink\"><a href=\"https:\/\/www.markus-schall.de\/tr\/2025\/12\/vicco-von-buelow-alias-loriot-ordnung-form-und-der-leise-widerstand-des-humors\/\" class=\"dpt-permalink\"><span class=\"screen-reader-text\">Vicco von B\u00fclow alias Loriot &#8211; Ordnung, Form und der leise Widerstand des Humors<\/span><\/a><\/div><div class=\" dpt-thumbnail\"><div class=\"dpt-thumbnail-inner\"><img width=\"1024\" height=\"747\" class=\"attachment-full size-full\" alt=\"\" context=\"dpt\" data-dpt-src=\"https:\/\/www.markus-schall.de\/wp-content\/uploads\/Loriot-Titel.jpg\" data-dpt-sizes=\"(max-width: 1024px) 100vw, 1024px\" data-dpt-srcset=\"https:\/\/www.markus-schall.de\/wp-content\/uploads\/Loriot-Titel.jpg 1024w, https:\/\/www.markus-schall.de\/wp-content\/uploads\/Loriot-Titel-300x219.jpg 300w, https:\/\/www.markus-schall.de\/wp-content\/uploads\/Loriot-Titel-768x560.jpg 768w, https:\/\/www.markus-schall.de\/wp-content\/uploads\/Loriot-Titel-16x12.jpg 16w\" \/><\/div><span class=\"dpt-thumbnail-aspect-ratio\" style=\"padding-top: 75%\"><\/span><\/div><\/div><div class=\" sub-entry\"><h3 class=\" dpt-title\"><a class=\"dpt-title-link\" href=\"https:\/\/www.markus-schall.de\/tr\/2025\/12\/vicco-von-buelow-alias-loriot-ordnung-form-und-der-leise-widerstand-des-humors\/\" rel=\"bookmark\">Vicco von B\u00fclow alias Loriot &#8211; Ordnung, Form und der leise Widerstand des Humors<\/a><\/h3><\/div><\/div>\n\t\t\t\t\t\t<\/div><!-- .dpt-entry -->\n\t\t\t\t\t\t\t\t\t\t\t\t<div class=\"dpt-entry has-thumbnail\" data-title=\"gr\u00f6nland, trump und die frage der zugeh\u00f6rigkeit: geschichte, recht und realit\u00e4t\" data-id=\"4325\"  data-category=\"allgemein gesellschaft kunst &amp; kultur\" data-post_tag=\"europa geopolitik krisen meinungsfreiheit sicherheitspolitik spieltheorie\">\n\t\t\t\t\t\t\t<div class=\"dpt-entry-wrapper\"><div class=\" dpt-featured-content\"><div class=\" dpt-permalink\"><a href=\"https:\/\/www.markus-schall.de\/tr\/2026\/01\/groenland-trump-und-die-frage-der-zugehoerigkeit-geschichte-recht-und-realitaet\/\" class=\"dpt-permalink\"><span class=\"screen-reader-text\">Gr\u00f6nland, Trump und die Frage der Zugeh\u00f6rigkeit: Geschichte, Recht und Realit\u00e4t<\/span><\/a><\/div><div class=\" dpt-thumbnail\"><div class=\"dpt-thumbnail-inner\"><img width=\"1024\" height=\"683\" class=\"attachment-full size-full\" alt=\"Gr\u00f6nland im Fadenkreuz: USA und Trump\" context=\"dpt\" data-dpt-src=\"https:\/\/www.markus-schall.de\/wp-content\/uploads\/Groenland-USA-Trump-Titel.jpg\" data-dpt-sizes=\"(max-width: 1024px) 100vw, 1024px\" data-dpt-srcset=\"https:\/\/www.markus-schall.de\/wp-content\/uploads\/Groenland-USA-Trump-Titel.jpg 1024w, https:\/\/www.markus-schall.de\/wp-content\/uploads\/Groenland-USA-Trump-Titel-300x200.jpg 300w, https:\/\/www.markus-schall.de\/wp-content\/uploads\/Groenland-USA-Trump-Titel-768x512.jpg 768w, https:\/\/www.markus-schall.de\/wp-content\/uploads\/Groenland-USA-Trump-Titel-18x12.jpg 18w\" \/><\/div><span class=\"dpt-thumbnail-aspect-ratio\" style=\"padding-top: 75%\"><\/span><\/div><\/div><div class=\" sub-entry\"><h3 class=\" dpt-title\"><a class=\"dpt-title-link\" href=\"https:\/\/www.markus-schall.de\/tr\/2026\/01\/groenland-trump-und-die-frage-der-zugehoerigkeit-geschichte-recht-und-realitaet\/\" rel=\"bookmark\">Gr\u00f6nland, Trump und die Frage der Zugeh\u00f6rigkeit: Geschichte, Recht und Realit\u00e4t<\/a><\/h3><\/div><\/div>\n\t\t\t\t\t\t<\/div><!-- .dpt-entry -->\n\t\t\t\t\t\t\t\t\t\t\t\t<div class=\"dpt-entry has-thumbnail\" data-title=\"helge schneider: haltung, humor und die freiheit, sich nicht erkl\u00e4ren zu m\u00fcssen\" data-id=\"4756\"  data-category=\"allgemein gesellschaft kunst &amp; kultur\" data-post_tag=\"deutschland erfahrungen meinungsfreiheit musik portrait\">\n\t\t\t\t\t\t\t<div class=\"dpt-entry-wrapper\"><div class=\" dpt-featured-content\"><div class=\" dpt-permalink\"><a href=\"https:\/\/www.markus-schall.de\/tr\/2026\/02\/helge-schneider-haltung-humor-und-die-freiheit-sich-nicht-erklaeren-zu-muessen\/\" class=\"dpt-permalink\"><span class=\"screen-reader-text\">Helge Schneider: Haltung, Humor und die Freiheit, sich nicht erkl\u00e4ren zu m\u00fcssen<\/span><\/a><\/div><div class=\" dpt-thumbnail\"><div class=\"dpt-thumbnail-inner\"><img width=\"1024\" height=\"683\" class=\"attachment-full size-full\" alt=\"Helge Schneider Portrait\" context=\"dpt\" data-dpt-src=\"https:\/\/www.markus-schall.de\/wp-content\/uploads\/Helge-Schneider.jpg\" data-dpt-sizes=\"(max-width: 1024px) 100vw, 1024px\" data-dpt-srcset=\"https:\/\/www.markus-schall.de\/wp-content\/uploads\/Helge-Schneider.jpg 1024w, https:\/\/www.markus-schall.de\/wp-content\/uploads\/Helge-Schneider-300x200.jpg 300w, https:\/\/www.markus-schall.de\/wp-content\/uploads\/Helge-Schneider-768x512.jpg 768w, https:\/\/www.markus-schall.de\/wp-content\/uploads\/Helge-Schneider-18x12.jpg 18w\" \/><\/div><span class=\"dpt-thumbnail-aspect-ratio\" style=\"padding-top: 75%\"><\/span><\/div><\/div><div class=\" sub-entry\"><h3 class=\" dpt-title\"><a class=\"dpt-title-link\" href=\"https:\/\/www.markus-schall.de\/tr\/2026\/02\/helge-schneider-haltung-humor-und-die-freiheit-sich-nicht-erklaeren-zu-muessen\/\" rel=\"bookmark\">Helge Schneider: Haltung, Humor und die Freiheit, sich nicht erkl\u00e4ren zu m\u00fcssen<\/a><\/h3><\/div><\/div>\n\t\t\t\t\t\t<\/div><!-- .dpt-entry -->\n\t\t\t\t\t\t\n\t\t\t\t<\/div>\n\t\t\t\t\t\t<\/div>\n\t\t\t\n<hr \/>\n","protected":false},"excerpt":{"rendered":"<p>Neulich bin ich \u00fcber eine Information gestolpert, die mich zun\u00e4chst eher beil\u00e4ufig interessiert hat &#8211; und dann doch nicht mehr loslie\u00df. In einem Bericht war davon die Rede, dass die US-Regierung ein neues Online-Portal plane. Ein Portal, das Inhalte zug\u00e4nglich machen soll, die in bestimmten Regionen der Welt gesperrt sind. Genannt wurden L\u00e4nder wie Iran &#8230; <a title=\"Helge Schneider: Tav\u0131r, mizah ve kendini a\u00e7\u0131klamak zorunda olmama \u00f6zg\u00fcrl\u00fc\u011f\u00fc\" class=\"read-more\" href=\"https:\/\/www.markus-schall.de\/tr\/2026\/02\/helge-schneider-haltung-humor-und-die-freiheit-sich-nicht-erklaeren-zu-muessen\/\" aria-label=\"Helge Schneider: Tav\u0131r, mizah ve kendini a\u00e7\u0131klamak zorunda olmama \u00f6zg\u00fcrl\u00fc\u011f\u00fc hakk\u0131nda devam\u0131n\u0131 oku\">Devam\u0131n\u0131 oku<\/a><\/p>","protected":false},"author":1,"featured_media":5105,"comment_status":"open","ping_status":"open","sticky":false,"template":"","format":"standard","meta":{"iawp_total_views":167,"footnotes":""},"categories":[1,466],"tags":[444,480,470,475,482,426,476,478],"class_list":["post-5102","post","type-post","status-publish","format-standard","has-post-thumbnail","hentry","category-allgemein","category-gesellschaft","tag-denkmodelle","tag-deutschland","tag-eu-gesetze","tag-europa","tag-geopolitik","tag-krisen","tag-meinungsfreiheit","tag-spieltheorie"],"_links":{"self":[{"href":"https:\/\/www.markus-schall.de\/tr\/wp-json\/wp\/v2\/posts\/5102","targetHints":{"allow":["GET"]}}],"collection":[{"href":"https:\/\/www.markus-schall.de\/tr\/wp-json\/wp\/v2\/posts"}],"about":[{"href":"https:\/\/www.markus-schall.de\/tr\/wp-json\/wp\/v2\/types\/post"}],"author":[{"embeddable":true,"href":"https:\/\/www.markus-schall.de\/tr\/wp-json\/wp\/v2\/users\/1"}],"replies":[{"embeddable":true,"href":"https:\/\/www.markus-schall.de\/tr\/wp-json\/wp\/v2\/comments?post=5102"}],"version-history":[{"count":18,"href":"https:\/\/www.markus-schall.de\/tr\/wp-json\/wp\/v2\/posts\/5102\/revisions"}],"predecessor-version":[{"id":5719,"href":"https:\/\/www.markus-schall.de\/tr\/wp-json\/wp\/v2\/posts\/5102\/revisions\/5719"}],"wp:featuredmedia":[{"embeddable":true,"href":"https:\/\/www.markus-schall.de\/tr\/wp-json\/wp\/v2\/media\/5105"}],"wp:attachment":[{"href":"https:\/\/www.markus-schall.de\/tr\/wp-json\/wp\/v2\/media?parent=5102"}],"wp:term":[{"taxonomy":"category","embeddable":true,"href":"https:\/\/www.markus-schall.de\/tr\/wp-json\/wp\/v2\/categories?post=5102"},{"taxonomy":"post_tag","embeddable":true,"href":"https:\/\/www.markus-schall.de\/tr\/wp-json\/wp\/v2\/tags?post=5102"}],"curies":[{"name":"wp","href":"https:\/\/api.w.org\/{rel}","templated":true}]}}