{"id":5480,"date":"2026-03-25T16:02:50","date_gmt":"2026-03-25T16:02:50","guid":{"rendered":"https:\/\/www.markus-schall.de\/?p=5480"},"modified":"2026-04-23T08:47:08","modified_gmt":"2026-04-23T08:47:08","slug":"apple-in-transition-early-devices-kendi%cc%87-deneyi%cc%87mleri%cc%87-ve-ocmde-bi%cc%87r-sergi%cc%87","status":"publish","type":"post","link":"https:\/\/www.markus-schall.de\/tr\/2026\/03\/apple-in-transition-early-devices-kendi%cc%87-deneyi%cc%87mleri%cc%87-ve-ocmde-bi%cc%87r-sergi%cc%87\/","title":{"rendered":"Ge\u00e7i\u015f s\u00fcrecinde Apple: Erken d\u00f6nem cihazlar, ki\u015fisel deneyimler ve OCM'de bir sergi"},"content":{"rendered":"<p>E\u011fer bilgisayar tarihine ilgi duyuyorsan\u0131z, Oldenburg Bilgisayar M\u00fczesi'ni ziyaret etmenizde fayda var. Etki yaratmak i\u00e7in g\u00fcr\u00fclt\u00fcl\u00fc olmas\u0131 gerekmeyen yerlerden biri olan m\u00fcze, Nisan ay\u0131ndan itibaren \u015fu slogan alt\u0131nda \u00f6zel bir sergiye ev sahipli\u011fi yapacak <em>\u201eApple bilgisayar\u0131n 50 y\u0131l\u0131\u201c<\/em>. Uzun y\u0131llard\u0131r teknoloji burada sadece sergilenmekle kalm\u0131yor, ayn\u0131 zamanda canl\u0131 tutuluyor. Cihazlar cam\u0131n arkas\u0131nda de\u011fil, t\u0131pk\u0131 ge\u00e7mi\u015fte kullan\u0131ld\u0131klar\u0131 gibi masalar\u0131n \u00fczerinde kullan\u0131ma haz\u0131r halde duruyor.<\/p>\n<p>Fark\u0131 yaratan da bu. Sadece eski bilgisayarlar\u0131 g\u00f6rmekle kalm\u0131yor, bu makinelerle \u00e7al\u0131\u015fman\u0131n, oynaman\u0131n ve d\u00fc\u015f\u00fcnmenin nas\u0131l bir \u015fey oldu\u011funu hissediyorsunuz. \u0130lk ev bilgisayarlar\u0131ndan klasik ofis bilgisayarlar\u0131na ve tek seferlik \u00f6zel \u00fcr\u00fcnlere kadar her \u015fey temsil ediliyor - \u00f6zenle toplanm\u0131\u015f, bak\u0131m\u0131 yap\u0131lm\u0131\u015f ve hepsinden \u00f6nemlisi a\u00e7\u0131k\u00e7a kategorize edilmi\u015f.<!--more--><\/p>\n<hr \/>\n\n\t\t\t<div class=\"display-post-types\">\n\n\t\t\t\t\t\t\t<style type=\"text\/css\">\n\t\t\t#dpt-wrapper-568 { --dpt-text-align: left;--dpt-image-crop: center;--dpt-border-radius: 5px;--dpt-h-gutter: 10px;--dpt-v-gutter: 9px; }\t\t\t<\/style>\n\t\t\t<style type=\"text\/css\">#dpt-wrapper-568 { --dpt-title-font-style:normal;--dpt-title-font-weight:600;--dpt-title-line-height:1.5;--dpt-title-text-decoration:none;--dpt-title-text-transform:none;--dpt-excerpt-font-style:normal;--dpt-excerpt-font-weight:400;--dpt-excerpt-line-height:1.5;--dpt-excerpt-text-decoration:none;--dpt-excerpt-text-transform:none;--dpt-meta1-font-style:normal;--dpt-meta1-font-weight:400;--dpt-meta1-line-height:1.9;--dpt-meta1-text-decoration:none;--dpt-meta1-text-transform:none;--dpt-meta2-font-style:normal;--dpt-meta2-font-weight:400;--dpt-meta2-line-height:1.9;--dpt-meta2-text-decoration:none;--dpt-meta2-text-transform:none; }<\/style><div class=\"dpt-main-header\">\n\t\t\t\t\t\t<div class=\"dpt-main-title\">\n\t\t\t\t\t\t\t<span class=\"dpt-main-title-text\">G\u00fcn\u00fcm\u00fcz\u00fcn sosyal sorunlar\u0131<\/span>\n\t\t\t\t\t\t<\/div>\n\t\t\t\t\t\t\n\t\t\t\t\t\t\n\t\t\t\t\t\t\n\t\t\t\t\t\t<\/div>\t\t\t\n\t\t\t\t<div id=\"dpt-wrapper-568\" class=\"dpt-wrapper dpt-mag1 land1 dpt-cropped dpt-flex-wrap\" >\n\n\t\t\t\t\t\t\t\t\t\t\t<div class=\"dpt-entry has-thumbnail\" data-title=\"vicco von b\u00fclow alias loriot \u2013 ordnung, form und der leise widerstand des humors\" data-id=\"4169\"  data-category=\"allgemein gesellschaft kunst &amp; kultur stories &amp; humor\" data-post_tag=\"deutschland erfahrungen pers\u00f6nlichkeitsentwicklung portrait\">\n\t\t\t\t\t\t\t<div class=\"dpt-entry-wrapper\"><div class=\"dpt-featured-content\"><div class=\"dpt-permalink\"><a href=\"https:\/\/www.markus-schall.de\/tr\/2025\/12\/vicco-von-buelow-takma-adi-loriot-si%cc%87pari%cc%87s-formu-ve-mi%cc%87zahin-sessi%cc%87z-di%cc%87reni%cc%87si%cc%87\/\" class=\"dpt-permalink\"><span class=\"screen-reader-text\">Vicco von B\u00fclow nam-\u0131 di\u011fer Loriot - d\u00fczen, bi\u00e7im ve mizah\u0131n sessiz direni\u015fi<\/span><\/a><\/div><div class=\"dpt-thumbnail\"><div class=\"dpt-thumbnail-inner\"><img width=\"1024\" height=\"747\" class=\"attachment-full size-full\" alt=\"\" context=\"dpt\" data-dpt-src=\"https:\/\/www.markus-schall.de\/wp-content\/uploads\/Loriot-Titel.jpg\" data-dpt-sizes=\"(max-width: 1024px) 100vw, 1024px\" data-dpt-srcset=\"https:\/\/www.markus-schall.de\/wp-content\/uploads\/Loriot-Titel.jpg 1024w, https:\/\/www.markus-schall.de\/wp-content\/uploads\/Loriot-Titel-300x219.jpg 300w, https:\/\/www.markus-schall.de\/wp-content\/uploads\/Loriot-Titel-768x560.jpg 768w, https:\/\/www.markus-schall.de\/wp-content\/uploads\/Loriot-Titel-16x12.jpg 16w\" \/><\/div><span class=\"dpt-thumbnail-aspect-ratio\" style=\"padding-top: 75%\"><\/span><\/div><\/div><div class=\"sub-entry\"><h3 class=\"dpt-title\"><a class=\"dpt-title-link\" href=\"https:\/\/www.markus-schall.de\/tr\/2025\/12\/vicco-von-buelow-takma-adi-loriot-si%cc%87pari%cc%87s-formu-ve-mi%cc%87zahin-sessi%cc%87z-di%cc%87reni%cc%87si%cc%87\/\" rel=\"bookmark\">Vicco von B\u00fclow nam-\u0131 di\u011fer Loriot - d\u00fczen, bi\u00e7im ve mizah\u0131n sessiz direni\u015fi<\/a><\/h3><\/div><\/div>\n\t\t\t\t\t\t<\/div><!-- .dpt-entry -->\n\t\t\t\t\t\t\t\t\t\t\t\t<div class=\"dpt-entry has-thumbnail\" data-title=\"die krimtataren \u2013 geschichte, herkunft und gegenwart eines vergessenen volkes\" data-id=\"4154\"  data-category=\"allgemein gesellschaft kunst &amp; kultur\" data-post_tag=\"europa geopolitik krisen meinungsfreiheit\">\n\t\t\t\t\t\t\t<div class=\"dpt-entry-wrapper\"><div class=\"dpt-featured-content\"><div class=\"dpt-permalink\"><a href=\"https:\/\/www.markus-schall.de\/tr\/2025\/12\/kirim-tatarlari-unutulmus-bi%cc%87r-halkin-tari%cc%87hi%cc%87-koekeni%cc%87-ve-buguenue\/\" class=\"dpt-permalink\"><span class=\"screen-reader-text\">K\u0131r\u0131m Tatarlar\u0131 - unutulmu\u015f bir halk\u0131n tarihi, k\u00f6kenleri ve bug\u00fcn\u00fc<\/span><\/a><\/div><div class=\"dpt-thumbnail\"><div class=\"dpt-thumbnail-inner\"><img width=\"1024\" height=\"683\" class=\"attachment-full size-full\" alt=\"K\u0131r\u0131m-Tartar bozk\u0131rlar\u0131\" context=\"dpt\" data-dpt-src=\"https:\/\/www.markus-schall.de\/wp-content\/uploads\/Krimtartaren-Steppe.jpg\" data-dpt-sizes=\"(max-width: 1024px) 100vw, 1024px\" data-dpt-srcset=\"https:\/\/www.markus-schall.de\/wp-content\/uploads\/Krimtartaren-Steppe.jpg 1024w, https:\/\/www.markus-schall.de\/wp-content\/uploads\/Krimtartaren-Steppe-300x200.jpg 300w, https:\/\/www.markus-schall.de\/wp-content\/uploads\/Krimtartaren-Steppe-768x512.jpg 768w, https:\/\/www.markus-schall.de\/wp-content\/uploads\/Krimtartaren-Steppe-18x12.jpg 18w\" \/><\/div><span class=\"dpt-thumbnail-aspect-ratio\" style=\"padding-top: 75%\"><\/span><\/div><\/div><div class=\"sub-entry\"><h3 class=\"dpt-title\"><a class=\"dpt-title-link\" href=\"https:\/\/www.markus-schall.de\/tr\/2025\/12\/kirim-tatarlari-unutulmus-bi%cc%87r-halkin-tari%cc%87hi%cc%87-koekeni%cc%87-ve-buguenue\/\" rel=\"bookmark\">K\u0131r\u0131m Tatarlar\u0131 - unutulmu\u015f bir halk\u0131n tarihi, k\u00f6kenleri ve bug\u00fcn\u00fc<\/a><\/h3><\/div><\/div>\n\t\t\t\t\t\t<\/div><!-- .dpt-entry -->\n\t\t\t\t\t\t\t\t\t\t\t\t<div class=\"dpt-entry has-thumbnail\" data-title=\"zustand der deutschen wirtschaft 2025: f\u00fcnf jahre krise, zahlen, trends und ausblick\" data-id=\"3773\"  data-category=\"allgemein gesellschaft\" data-post_tag=\"auswandern deutschland energiepolitik erfahrungen geopolitik krisen ratgeber\">\n\t\t\t\t\t\t\t<div class=\"dpt-entry-wrapper\"><div class=\"dpt-featured-content\"><div class=\"dpt-permalink\"><a href=\"https:\/\/www.markus-schall.de\/tr\/2025\/12\/alman-ekonomi%cc%87si%cc%87ni%cc%87n-durumu-2025-kri%cc%87zi%cc%87n-bes-yili-rakamlar-trendler-ve-goeruenuem\/\" class=\"dpt-permalink\"><span class=\"screen-reader-text\">2025'te Alman ekonomisinin durumu: Be\u015f y\u0131ll\u0131k kriz, rakamlar, trendler ve g\u00f6r\u00fcn\u00fcm<\/span><\/a><\/div><div class=\"dpt-thumbnail\"><div class=\"dpt-thumbnail-inner\"><img width=\"1024\" height=\"683\" class=\"attachment-full size-full\" alt=\"2025&#039;te Alman ekonomisinin durumu\" context=\"dpt\" data-dpt-src=\"https:\/\/www.markus-schall.de\/wp-content\/uploads\/zustand-deutschland-2025.jpg\" data-dpt-sizes=\"(max-width: 1024px) 100vw, 1024px\" data-dpt-srcset=\"https:\/\/www.markus-schall.de\/wp-content\/uploads\/zustand-deutschland-2025.jpg 1024w, https:\/\/www.markus-schall.de\/wp-content\/uploads\/zustand-deutschland-2025-300x200.jpg 300w, https:\/\/www.markus-schall.de\/wp-content\/uploads\/zustand-deutschland-2025-768x512.jpg 768w, https:\/\/www.markus-schall.de\/wp-content\/uploads\/zustand-deutschland-2025-18x12.jpg 18w\" \/><\/div><span class=\"dpt-thumbnail-aspect-ratio\" style=\"padding-top: 75%\"><\/span><\/div><\/div><div class=\"sub-entry\"><h3 class=\"dpt-title\"><a class=\"dpt-title-link\" href=\"https:\/\/www.markus-schall.de\/tr\/2025\/12\/alman-ekonomi%cc%87si%cc%87ni%cc%87n-durumu-2025-kri%cc%87zi%cc%87n-bes-yili-rakamlar-trendler-ve-goeruenuem\/\" rel=\"bookmark\">2025'te Alman ekonomisinin durumu: Be\u015f y\u0131ll\u0131k kriz, rakamlar, trendler ve g\u00f6r\u00fcn\u00fcm<\/a><\/h3><\/div><\/div>\n\t\t\t\t\t\t<\/div><!-- .dpt-entry -->\n\t\t\t\t\t\t\t\t\t\t\t\t<div class=\"dpt-entry has-thumbnail\" data-title=\"was ist brics \u2013 und was nicht: geschichte, wirtschaft und geopolitische einordnung\" data-id=\"4691\"  data-category=\"allgemein gesellschaft\" data-post_tag=\"denkmodelle deutschland europa geopolitik sicherheitspolitik\">\n\t\t\t\t\t\t\t<div class=\"dpt-entry-wrapper\"><div class=\"dpt-featured-content\"><div class=\"dpt-permalink\"><a href=\"https:\/\/www.markus-schall.de\/tr\/2026\/02\/brics-nedi%cc%87r-ve-ne-degi%cc%87ldi%cc%87r-tari%cc%87h-ekonomi%cc%87-ve-jeopoli%cc%87ti%cc%87k-siniflandirma\/\" class=\"dpt-permalink\"><span class=\"screen-reader-text\">BRICS nedir ve ne de\u011fildir: tarih, ekonomi ve jeopolitik kategorizasyon<\/span><\/a><\/div><div class=\"dpt-thumbnail\"><div class=\"dpt-thumbnail-inner\"><img width=\"1024\" height=\"683\" class=\"attachment-full size-full\" alt=\"BRICS \u00fclkeleri\" context=\"dpt\" data-dpt-src=\"https:\/\/www.markus-schall.de\/wp-content\/uploads\/BRICS-Staaten.jpg\" data-dpt-sizes=\"(max-width: 1024px) 100vw, 1024px\" data-dpt-srcset=\"https:\/\/www.markus-schall.de\/wp-content\/uploads\/BRICS-Staaten.jpg 1024w, https:\/\/www.markus-schall.de\/wp-content\/uploads\/BRICS-Staaten-300x200.jpg 300w, https:\/\/www.markus-schall.de\/wp-content\/uploads\/BRICS-Staaten-768x512.jpg 768w, https:\/\/www.markus-schall.de\/wp-content\/uploads\/BRICS-Staaten-18x12.jpg 18w\" \/><\/div><span class=\"dpt-thumbnail-aspect-ratio\" style=\"padding-top: 75%\"><\/span><\/div><\/div><div class=\"sub-entry\"><h3 class=\"dpt-title\"><a class=\"dpt-title-link\" href=\"https:\/\/www.markus-schall.de\/tr\/2026\/02\/brics-nedi%cc%87r-ve-ne-degi%cc%87ldi%cc%87r-tari%cc%87h-ekonomi%cc%87-ve-jeopoli%cc%87ti%cc%87k-siniflandirma\/\" rel=\"bookmark\">BRICS nedir ve ne de\u011fildir: tarih, ekonomi ve jeopolitik kategorizasyon<\/a><\/h3><\/div><\/div>\n\t\t\t\t\t\t<\/div><!-- .dpt-entry -->\n\t\t\t\t\t\t\n\t\t\t\t<\/div>\n\t\t\t\t\t\t<\/div>\n\t\t\t\n<hr \/>\n<p><a href=\"https:\/\/computermuseum-oldenburg.de\/das-museum\/sonderausstellung-50-jahre-apple\/\" target=\"_blank\" rel=\"noopener\"><img loading=\"lazy\" decoding=\"async\" class=\"alignleft wp-image-5487\" src=\"https:\/\/www.markus-schall.de\/wp-content\/uploads\/OCM_Aussenwerbung_Banner_50_Jahre_Apple_Computer_2k-1892x2048-1.png\" alt=\"OCM: Apple Bilgisayar\u0131n 50. Y\u0131l\u0131 Sergisi\" width=\"160\" height=\"173\" srcset=\"https:\/\/www.markus-schall.de\/wp-content\/uploads\/OCM_Aussenwerbung_Banner_50_Jahre_Apple_Computer_2k-1892x2048-1.png 1892w, https:\/\/www.markus-schall.de\/wp-content\/uploads\/OCM_Aussenwerbung_Banner_50_Jahre_Apple_Computer_2k-1892x2048-1-277x300.png 277w, https:\/\/www.markus-schall.de\/wp-content\/uploads\/OCM_Aussenwerbung_Banner_50_Jahre_Apple_Computer_2k-1892x2048-1-946x1024.png 946w, https:\/\/www.markus-schall.de\/wp-content\/uploads\/OCM_Aussenwerbung_Banner_50_Jahre_Apple_Computer_2k-1892x2048-1-768x831.png 768w, https:\/\/www.markus-schall.de\/wp-content\/uploads\/OCM_Aussenwerbung_Banner_50_Jahre_Apple_Computer_2k-1892x2048-1-1419x1536.png 1419w, https:\/\/www.markus-schall.de\/wp-content\/uploads\/OCM_Aussenwerbung_Banner_50_Jahre_Apple_Computer_2k-1892x2048-1-11x12.png 11w\" sizes=\"auto, (max-width: 160px) 100vw, 160px\" \/><\/a>Nisan ay\u0131ndan itibaren, kapsaml\u0131 bir <a href=\"https:\/\/computermuseum-oldenburg.de\/das-museum\/sonderausstellung-50-jahre-apple\/\" target=\"_blank\" rel=\"noopener\"><strong>Apple Sergi<\/strong><\/a> \u00fczerinde. Bu \u00e7ok yerinde, \u00e7\u00fcnk\u00fc bilgisayarlar\u0131n geli\u015fiminde Apple kadar g\u00fc\u00e7l\u00fc bir etkiye sahip ba\u015fka bir \u015firket neredeyse yok - hem teknik hem de tasar\u0131m a\u00e7\u0131s\u0131ndan. \u0130\u015fin ilgin\u00e7le\u015fti\u011fi nokta da tam olarak buras\u0131: bu t\u00fcr sergilere bakt\u0131\u011f\u0131n\u0131zda, bug\u00fcn apa\u00e7\u0131k g\u00f6r\u00fcnen pek \u00e7ok fikrin onlarca y\u0131l \u00f6nce tasarland\u0131\u011f\u0131n\u0131 hemen fark ediyorsunuz.<\/p>\n<p>Benim i\u00e7in bu sadece sergiye de\u011fil, ayn\u0131 zamanda kendi k\u00fc\u00e7\u00fck koleksiyonuma da bakmak i\u00e7in iyi bir f\u0131rsat. Y\u0131llar boyunca burada \u00e7ok \u015fey birikti - kulland\u0131\u011f\u0131m cihazlar, bilin\u00e7li olarak saklad\u0131\u011f\u0131m cihazlar ve bug\u00fcn bulunmas\u0131 o kadar kolay olmayan birka\u00e7 par\u00e7a. Buras\u0131 geleneksel anlamda bir m\u00fcze de\u011fil. Ama ya\u015fayan teknik tarihin bir par\u00e7as\u0131.<\/p>\n<p>Bu makale de tam olarak bununla ilgili: tam bir kronoloji de\u011fil, pratik bir bak\u0131\u015f a\u00e7\u0131s\u0131yla, ger\u00e7ekten kullan\u0131lan cihazlarla ge\u00e7mi\u015fe bir bak\u0131\u015f.<\/p>\n<h2>1993 y\u0131l\u0131nda bir tarih<\/h2>\n<p>Bug\u00fcn mobil bilgisayarlar\u0131 d\u00fc\u015f\u00fcnd\u00fc\u011f\u00fcn\u00fczde muhtemelen akl\u0131n\u0131za hemen bir ak\u0131ll\u0131 telefon ya da ince bir diz\u00fcst\u00fc bilgisayar geliyordur. 90'lar\u0131n ba\u015f\u0131nda i\u015fler biraz daha farkl\u0131 g\u00f6r\u00fcn\u00fcyordu. 1993 y\u0131l\u0131nda bir randevum vard\u0131 <a href=\"https:\/\/www.creditreform.de\/oldenburg\" target=\"_blank\" rel=\"noopener\">Creditreform<\/a>. Bu e\u011fitimle ilgiliydi. O zamanlar, haz\u0131rl\u0131k hala \u00e7ok geleneksel bir meseleydi. \u0130nternet yok, h\u0131zl\u0131 arama yok. Bu y\u00fczden oraya \u00f6nceden gittim, baz\u0131 belgeler ald\u0131m ve ma\u011fazan\u0131n ger\u00e7ekte ne yapt\u0131\u011f\u0131na bakt\u0131m. \u00d6zel bir \u015fey de\u011fildi - ama g\u00f6r\u00fcn\u00fc\u015fe g\u00f6re pek fazla insan bunu yapm\u0131yordu.<\/p>\n<p>Konu\u015fman\u0131n sonunda konu randevunun planlanmas\u0131na geldi. Ben de bana do\u011fal gelen bir \u015feyi yapt\u0131m: K\u00fc\u00e7\u00fck bilgisayar\u0131m\u0131 \u00e7\u0131kard\u0131m ve randevuyu girdim.<\/p>\n<p>O bir Atari Portfolio'ydu. K\u00fc\u00e7\u00fck bir klavyesi ve basit bir ekran\u0131 olan, ciltsiz bir kitaptan biraz daha b\u00fcy\u00fck, g\u00f6ze \u00e7arpmayan bir cihaz. Teknik olarak konu\u015fursak, muhte\u015fem bir \u015fey de\u011fildi. Ancak o zaman i\u00e7in ger\u00e7ek bir ifadeydi: mobil, otonom, masadan ba\u011f\u0131ms\u0131z.<\/p>\n<p>Y\u0131llar sonra, Oldenburg Kramermarkt'ta, yetkili imza sahibi birka\u00e7 biradan sonra bana bu \u00f6zel an\u0131n akl\u0131mda kald\u0131\u011f\u0131n\u0131 s\u00f6yledi. Cihaz \u00e7ok etkileyici oldu\u011fu i\u00e7in de\u011fil, haz\u0131rl\u0131kl\u0131 oldu\u011fumu ve her \u015feyi kontrol alt\u0131nda tuttu\u011fumu g\u00f6sterdi\u011fi i\u00e7in.<\/p>\n<p>Geriye d\u00f6n\u00fcp bakt\u0131\u011f\u0131mda, bu bana olduk\u00e7a uygun. Bir \u015fey \u201eola\u011fan\u201c olana kadar nadiren bekledim. E\u011fer bir \u015fey mant\u0131kl\u0131 g\u00f6r\u00fcn\u00fcyorsa, hemen yapard\u0131m. Bu k\u00fc\u00e7\u00fck bilgisayarda da aynen b\u00f6yle oldu.<\/p>\n<p><img loading=\"lazy\" decoding=\"async\" class=\"alignnone wp-image-5496 size-full\" src=\"https:\/\/www.markus-schall.de\/wp-content\/uploads\/Apple-OCM-Atari-Portfolio.jpg\" alt=\"Atari Portf\u00f6y\u00fc\" width=\"1024\" height=\"683\" srcset=\"https:\/\/www.markus-schall.de\/wp-content\/uploads\/Apple-OCM-Atari-Portfolio.jpg 1024w, https:\/\/www.markus-schall.de\/wp-content\/uploads\/Apple-OCM-Atari-Portfolio-300x200.jpg 300w, https:\/\/www.markus-schall.de\/wp-content\/uploads\/Apple-OCM-Atari-Portfolio-768x512.jpg 768w, https:\/\/www.markus-schall.de\/wp-content\/uploads\/Apple-OCM-Atari-Portfolio-18x12.jpg 18w\" sizes=\"auto, (max-width: 1024px) 100vw, 1024px\" \/><\/p>\n<h3>\u0130lk mobil bilgisayarlar - kolayl\u0131ktan \u00e7ok fikir<\/h3>\n<p>Bug\u00fcn Atari Portfolio gibi bir cihaza bakarsan\u0131z, neredeyse bir oyuncak gibi g\u00f6r\u00fcn\u00fcr. Ekran\u0131 k\u00fc\u00e7\u00fck, sunumu basit, kullan\u0131m\u0131 ise hi\u00e7 de kolay de\u011fil. Yine de bu cihaz bug\u00fcn hala ge\u00e7erli olan bir fikri bar\u0131nd\u0131r\u0131yor.<\/p>\n<p>Atari Portfolio, ad\u0131na yak\u0131\u015f\u0131r ilk ger\u00e7ek ta\u015f\u0131nabilir bilgisayarlardan biriydi. Aksesuar yok, harici s\u00fcr\u00fcc\u00fc yok, monit\u00f6r yok - her \u015fey tek bir kompakt cihazda. A\u00e7\u0131n, \u00e7al\u0131\u015f\u0131n, tekrar fi\u015fe tak\u0131n. Elbette bunun da s\u0131n\u0131rlar\u0131 vard\u0131. Bellek azd\u0131, programlar basitti ve bir\u00e7ok \u015fey dolamba\u00e7l\u0131 yollardan \u00e7\u00f6z\u00fclmek zorundayd\u0131. Ancak bunda belli bir netlik de vard\u0131. Elinizde bir ara\u00e7 vard\u0131, size a\u015f\u0131r\u0131 i\u015flev y\u00fckleyen bir sistem de\u011fil.<\/p>\n<p>Bug\u00fcn bakt\u0131\u011f\u0131n\u0131zda bu fikrin zaten var oldu\u011funu hemen fark ediyorsunuz. Mobilite, ki\u015fisel veriler, randevu y\u00f6netimi - bug\u00fcn kan\u0131ksad\u0131\u011f\u0131m\u0131z her \u015fey o zamanlar zaten vard\u0131. Sadece fark\u0131ndal\u0131k hen\u00fcz tam olarak olu\u015fmam\u0131\u015ft\u0131.<\/p>\n<p>\u0130\u015fte tam da bu noktada Apple'ye bakmak ilgin\u00e7 hale geliyor. \u00c7\u00fcnk\u00fc Portfolio gibi cihazlar g\u00fc\u00e7l\u00fc bir \u015fekilde i\u015flevselken, Apple bir s\u00fcre sonra farkl\u0131 bir yol izlemeye ba\u015flad\u0131 - daha \u00e7ok kullan\u0131labilirlik, tasar\u0131m ve tutarl\u0131 bir kullan\u0131c\u0131 deneyimine odaklanan bir yol. Ancak bu konuya birazdan gelece\u011fiz.<\/p>\n<h2>Kompakt ve kapal\u0131 - Apple'nin erken masa\u00fcst\u00fc a\u015famas\u0131<\/h2>\n<p>Apple 1990'lar\u0131n ba\u015f\u0131nda kompakt bilgisayarlar\u0131n\u0131 daha da geli\u015ftirdi\u011finde, ama\u00e7 m\u00fcmk\u00fcn oldu\u011funca fazla teknolojiyi g\u00f6r\u00fcn\u00fcr k\u0131lmak de\u011fildi. Tam tersine, ama\u00e7 her \u015feyi o kadar azaltmakt\u0131 ki bilgisayar bir ara\u00e7 olarak arka planda kayboldu.<\/p>\n<p>Macintosh Classic bunun iyi bir \u00f6rne\u011fidir. \u0130lk bak\u0131\u015fta g\u00f6ze \u00e7arpmayan bir cihaz. Siyah beyaz ekran, kompakt tasar\u0131m, gereksiz unsurlar yok. Yine de arkas\u0131nda net bir fikir var: a\u00e7, \u00e7al\u0131\u015f, bitti. Montaj yok, bile\u015fenler hakk\u0131nda d\u00fc\u015f\u00fcnmek yok. Sistem kapal\u0131yd\u0131 - olumlu anlamda.<\/p>\n<p><img loading=\"lazy\" decoding=\"async\" class=\"alignnone wp-image-5498 size-large\" src=\"https:\/\/www.markus-schall.de\/wp-content\/uploads\/Apple-OCM-Classic.jpg\" alt=\"\" width=\"1024\" height=\"683\" srcset=\"https:\/\/www.markus-schall.de\/wp-content\/uploads\/Apple-OCM-Classic.jpg 1024w, https:\/\/www.markus-schall.de\/wp-content\/uploads\/Apple-OCM-Classic-300x200.jpg 300w, https:\/\/www.markus-schall.de\/wp-content\/uploads\/Apple-OCM-Classic-768x512.jpg 768w, https:\/\/www.markus-schall.de\/wp-content\/uploads\/Apple-OCM-Classic-18x12.jpg 18w\" sizes=\"auto, (max-width: 1024px) 100vw, 1024px\" \/><\/p>\n<h3>9\u2033 Ekran \u00f6nce siyah beyaz, daha sonra renkli<\/h3>\n<p>Bir s\u00fcre sonra Apple Colour Classic piyasaya s\u00fcr\u00fcld\u00fc. D\u0131\u015far\u0131dan bak\u0131ld\u0131\u011f\u0131nda benzer, ancak belirleyici bir farkla: renk. Bug\u00fcn bu bariz g\u00f6r\u00fcn\u00fcyor, ancak o zamanlar \u00fcr\u00fcn\u00fc kullanma \u015feklimizi belirgin bir \u015fekilde de\u011fi\u015ftiren bir ad\u0131md\u0131. Birdenbire art\u0131k sadece i\u015flev de\u011fil, ayn\u0131 zamanda sunum, g\u00f6rsel y\u00f6nlendirme ve daha keyifli bir \u00e7al\u0131\u015fma \u015fekli s\u00f6z konusu oldu.<\/p>\n<p>Her iki cihaz\u0131 yan yana koyarsan\u0131z, tam olarak bu ge\u00e7i\u015fi g\u00f6receksiniz. Bir k\u0131r\u0131lma olarak de\u011fil, daha ileri bir geli\u015fme olarak. Apple nadiren her \u015feyi bir anda tersine \u00e7evirdi. Bunun yerine ad\u0131m ad\u0131m rafine edildi.<\/p>\n<p>Bug\u00fcn\u00fcn bak\u0131\u015f a\u00e7\u0131s\u0131yla, bu cihazlar\u0131 \u00f6zel k\u0131lan \u015fey performanslar\u0131 de\u011fil, tutumlar\u0131d\u0131r. Kullan\u0131lmak \u00fczere tasarlanm\u0131\u015flard\u0131 - s\u00fcrekli kurcalanmak i\u00e7in de\u011fil. Bu da onlar\u0131, montaj\u0131n genellikle i\u015fin bir par\u00e7as\u0131 oldu\u011fu zaman\u0131n bir\u00e7ok PC sisteminden a\u00e7\u0131k\u00e7a ay\u0131rmaktad\u0131r.<\/p>\n<p>\u0130\u015fte tam da bu noktada Apple'nin hikayesinin i\u00e7inden ge\u00e7en bir \u015fey ba\u015fl\u0131yor: teknolojiyi g\u00fcnl\u00fck hayata uyacak kadar basitle\u015ftirme \u00e7abas\u0131. Bu bazen daha iyi, bazen daha k\u00f6t\u00fc sonu\u00e7 veriyor. Ancak y\u00f6n\u00fc daha ilk ba\u015flarda a\u00e7\u0131k\u00e7a fark edilebiliyordu.<\/p>\n<h2>Apple'ye giri\u015fim - ve ilk hayal k\u0131r\u0131kl\u0131\u011f\u0131m<\/h2>\n<p>Benim Apple d\u00fcnyas\u0131na giri\u015fim bekledi\u011finizden daha az heyecanla oldu. Daha \u00e7ok pragmatik bir ad\u0131md\u0131 - ve hemen ikna edici olmayan bir ad\u0131md\u0131. \u0130lk Apple'm o zamanlar zaten bir PowerPC i\u015flemciyle donat\u0131lm\u0131\u015f bir Performa 5200'd\u00fc, yani ka\u011f\u0131t \u00fczerinde \u00f6nceki sistemlerin \u00e7o\u011fundan daha moderndi.<\/p>\n<p>Beklentiler de buna uygun olarak y\u00fcksekti. Yeni mimari, yeni olanaklar - kula\u011fa ilerleme gibi geliyordu. Ama pratikte farkl\u0131 hissettirdi. Bilgisayar k\u00f6t\u00fc de\u011fildi. Ama daha h\u0131zl\u0131 g\u00f6r\u00fcnm\u00fcyordu, tam tersi. \u00d6zellikle eski sistemlerle do\u011frudan kar\u015f\u0131la\u015ft\u0131rd\u0131\u011f\u0131mda, bir\u00e7ok \u015feyin asl\u0131nda olmas\u0131 gerekenden daha yava\u015f \u00e7al\u0131\u015ft\u0131\u011f\u0131n\u0131 hissettim. Bunun yaz\u0131l\u0131mdan m\u0131 yoksa hen\u00fcz olgunla\u015fmam\u0131\u015f platformdan m\u0131 kaynakland\u0131\u011f\u0131n\u0131 s\u00f6ylemek zor. Ancak bu izlenim devam etti.<\/p>\n<h3>Quadra, Performa'y\u0131 yener<\/h3>\n<p>Bu y\u00fczden ondan nispeten h\u0131zl\u0131 bir \u015fekilde kurtuldum ve bir Quadra 840AV'ye ge\u00e7tim. Bir \u00f6nceki nesilden, hala 68k mimarisine dayal\u0131 bir sistem. Ve birdenbire hissiyat\u0131m tamamen de\u011fi\u015fti. Bilgisayar daha do\u011frudan tepki veriyordu, daha kararl\u0131yd\u0131 ve genel olarak daha ak\u0131c\u0131yd\u0131. Adil olmak gerekirse, Quadra'n\u0131n sabit diskler i\u00e7in yeni (t\u00fcketici) Performa'dan daha h\u0131zl\u0131 SCSI arabirimlerine sahip oldu\u011funu s\u00f6ylemek gerekir.<\/p>\n<p>Bu, daha sonra birka\u00e7 kez ya\u015fad\u0131\u011f\u0131m bir deneyimdi: Yeni otomatik olarak daha iyi anlam\u0131na gelmiyor. Ve bir \u015feyin ka\u011f\u0131t \u00fczerinde daha modern olmas\u0131, g\u00fcnl\u00fck hayatta da ayn\u0131 hissi verece\u011fi anlam\u0131na gelmiyor.<\/p>\n<p>Geriye d\u00f6n\u00fcp bakt\u0131\u011f\u0131mda bunun \u00f6nemli bir nokta oldu\u011funu g\u00f6r\u00fcyorum. Teknolojiye bak\u0131\u015f\u0131m\u0131 \u015fekillendirdi. Her geli\u015fmeye otomatik olarak g\u00fcvenmemeyi, daha yak\u0131ndan bakmay\u0131 \u00f6\u011frendim. Benim i\u00e7in ger\u00e7ekte ne yap\u0131yor? Daha iyi hissettiriyor mu? \u0130\u015fimi kolayla\u015ft\u0131r\u0131yor mu? Bu sorular bug\u00fcn hala akl\u0131mda.<\/p>\n<p>Belki de daha sonra sistemler aras\u0131nda ge\u00e7i\u015f yapmam\u0131n ve bir tarafa asla tam olarak ba\u011flanmamam\u0131n nedeni de budur.<\/p>\n<h2>Mobil evrim - PowerBook nesli<\/h2>\n<p>Apple mobil bilgisayarlar\u0131n\u0131 s\u00fcrekli olarak geli\u015ftirmeye ba\u015flad\u0131\u011f\u0131nda, bunu b\u00fcy\u00fck s\u0131\u00e7ramalarla de\u011fil, k\u00fc\u00e7\u00fck, anla\u015f\u0131l\u0131r ad\u0131mlarla yapt\u0131. PowerBook serisini bug\u00fcne kadar bu kadar ilgin\u00e7 k\u0131lan da tam olarak budur. Bir konseptin y\u0131llar i\u00e7inde nas\u0131l rafine edilebilece\u011fini \u00e7ok a\u00e7\u0131k bir \u015fekilde g\u00f6stermektedir.<\/p>\n<p><img loading=\"lazy\" decoding=\"async\" class=\"alignnone wp-image-5499 size-full\" src=\"https:\/\/www.markus-schall.de\/wp-content\/uploads\/Apple-OCM-PowerBook.jpg\" alt=\"Apple PowerBook G3\" width=\"1024\" height=\"683\" srcset=\"https:\/\/www.markus-schall.de\/wp-content\/uploads\/Apple-OCM-PowerBook.jpg 1024w, https:\/\/www.markus-schall.de\/wp-content\/uploads\/Apple-OCM-PowerBook-300x200.jpg 300w, https:\/\/www.markus-schall.de\/wp-content\/uploads\/Apple-OCM-PowerBook-768x512.jpg 768w, https:\/\/www.markus-schall.de\/wp-content\/uploads\/Apple-OCM-PowerBook-18x12.jpg 18w\" sizes=\"auto, (max-width: 1024px) 100vw, 1024px\" \/><\/p>\n<h3>Deneyden \u00e7al\u0131\u015fan makineye<\/h3>\n<p>\u0130lk PowerBook'lar hala masa\u00fcst\u00fc konseptinin mobil bir uzant\u0131s\u0131 olarak a\u00e7\u0131k\u00e7a tan\u0131nabiliyordu. Normalde masan\u0131zda yapt\u0131\u011f\u0131n\u0131z i\u015fleri hareket halindeyken de yapman\u0131z\u0131 m\u00fcmk\u00fcn k\u0131lmay\u0131 ama\u00e7l\u0131yorlard\u0131. Buna g\u00f6re, genellikle hala a\u011f\u0131rd\u0131lar, \u00f6zellikle kompakt de\u011fillerdi ve teknik olarak daha \u00e7ok bir uzla\u015fmayd\u0131lar.<\/p>\n<p>Bu durum Wallstreet gibi cihazlarla yava\u015f yava\u015f de\u011fi\u015fmeye ba\u015flad\u0131. Makineler daha sa\u011flam, daha iyi yap\u0131land\u0131r\u0131lm\u0131\u015f ve genel olarak \u015fu anda \u201eger\u00e7ek mobil \u00e7al\u0131\u015fma\u201c olarak adland\u0131rd\u0131\u011f\u0131m\u0131z \u015feye daha yak\u0131n hale geldi. Art\u0131k mesele sadece mobil olmak de\u011fil, anlaml\u0131 bir mobil \u015fekilde \u00e7al\u0131\u015fmakt\u0131.<\/p>\n<h3>K\u00fc\u00e7\u00fck ad\u0131mlar, b\u00fcy\u00fck etki<\/h3>\n<p>Wallstreet'ten Lombard'a ve Pismo'ya kadar olan geli\u015fime bakarsan\u0131z, d\u0131\u015far\u0131dan pek bir \u015feyin de\u011fi\u015fmedi\u011fini fark edeceksiniz. Ve bu da tam olarak g\u00fcc\u00fcn yatt\u0131\u011f\u0131 yerdir. Apple burada her \u015feyi yeniden icat etmedi, ancak mevcut konseptleri s\u00fcrekli olarak geli\u015ftirdi:<\/p>\n<ul>\n<li>Konutlar daha sa\u011flam ve ayn\u0131 zamanda daha hafif hale geldi<\/li>\n<li>Ba\u011flant\u0131lar daha mant\u0131kl\u0131 bir \u015fekilde d\u00fczenlenmi\u015ftir<\/li>\n<li>\u00c7al\u0131\u015fma daha net ve sezgisel hale geldi<\/li>\n<\/ul>\n<p>Bunlar ola\u011fan\u00fcst\u00fc yenilikler de\u011fil. Ancak g\u00fcnl\u00fck ya\u015famda fark\u0131 yaratan tam da bu ayr\u0131nt\u0131lard\u0131r. Genellikle di\u011fer modellerin g\u00f6lgesinde kalan Lombard, tam da bu incelik a\u015famas\u0131na aittir. G\u00f6ze \u00e7arpm\u0131yor gibi g\u00f6r\u00fcnse de \u00f6nemli bir ara ad\u0131md\u0131r. Son olarak, Pismo ile bu geli\u015fmelerin bir\u00e7o\u011funun bir araya geldi\u011fi hissine kap\u0131l\u0131yorsunuz. Yuvarlak hatl\u0131 g\u00f6r\u00fcnen bir cihaz. M\u00fckemmel de\u011fil ama tutarl\u0131.<\/p>\n<h3>Devrim yerine evrim<\/h3>\n<p>Bug\u00fcn\u00fcn bak\u0131\u015f a\u00e7\u0131s\u0131yla kolayca g\u00f6zden ka\u00e7an \u015fey: Bu cihazlar birer kilometre ta\u015f\u0131 olarak tasarlanmam\u0131\u015ft\u0131. Onlar birer ara\u00e7t\u0131. Ve i\u015fte tam da bu y\u00fczden bu kadar ilgin\u00e7ler. Apple her y\u0131l tamamen yeni bir \u015fey sunmaya \u00e7al\u0131\u015fmad\u0131. Bunun yerine geli\u015ftirdi, uyarlad\u0131 ve optimize etti. Bug\u00fcn \u00e7ok daha az yayg\u0131n olan bir tutum.<\/p>\n<p>Bu cihazlarla \u00e7al\u0131\u015ft\u0131\u011f\u0131n\u0131zda, devaml\u0131l\u0131k i\u00e7in tasarland\u0131klar\u0131n\u0131 hemen fark ediyorsunuz. Her seferinde kendinizi tamamen yeniden y\u00f6nlendirmeniz gerekmiyordu. Her \u015fey olmas\u0131n\u0131 bekledi\u011finiz yerdeydi. Ve bu da tam olarak g\u00fcven yaratan \u015feydir.<\/p>\n<h2>Di\u011fer yol - Newton, eMate ve ilk dijital asistanlar<\/h2>\n<p>Mobil bilgisayarlar alan\u0131ndaki bu olduk\u00e7a klasik geli\u015fmeye paralel olarak, Apple 1990'larda tamamen farkl\u0131 bir yakla\u015f\u0131m denedi. Bir\u00e7ok a\u00e7\u0131dan zaman\u0131n\u0131n \u00f6tesinde olan ve ayn\u0131 zamanda zaman\u0131n d\u00fcnyas\u0131na pek de uymayan bir yakla\u015f\u0131m.<\/p>\n<p><img loading=\"lazy\" decoding=\"async\" class=\"alignnone wp-image-5500 size-full\" src=\"https:\/\/www.markus-schall.de\/wp-content\/uploads\/Apple-OCM-Newton-eMate.jpg\" alt=\"Apple Newton ve eMate\" width=\"1024\" height=\"683\" srcset=\"https:\/\/www.markus-schall.de\/wp-content\/uploads\/Apple-OCM-Newton-eMate.jpg 1024w, https:\/\/www.markus-schall.de\/wp-content\/uploads\/Apple-OCM-Newton-eMate-300x200.jpg 300w, https:\/\/www.markus-schall.de\/wp-content\/uploads\/Apple-OCM-Newton-eMate-768x512.jpg 768w, https:\/\/www.markus-schall.de\/wp-content\/uploads\/Apple-OCM-Newton-eMate-18x12.jpg 18w\" sizes=\"auto, (max-width: 1024px) 100vw, 1024px\" \/><\/p>\n<h3>Newton'un arkas\u0131ndaki fikir<\/h3>\n<p>Apple Newton ile Apple, bug\u00fcn neredeyse apa\u00e7\u0131k g\u00f6r\u00fcnen bir vizyonun pe\u015finden gitti: ki\u015fisel bir dijital asistan. Bir cihaz ki:<\/p>\n<ul>\n<li>Notlar y\u00f6netildi<\/li>\n<li>D\u00fczenlenen tarihler<\/li>\n<li>el yaz\u0131s\u0131 giri\u015fleri tan\u0131r<\/li>\n<\/ul>\n<p>Hepsi do\u011frudan ekran \u00fczerinde bir kalemle kontrol ediliyor. Bug\u00fcn\u00fcn bak\u0131\u015f a\u00e7\u0131s\u0131yla, tan\u0131d\u0131k g\u00f6r\u00fcn\u00fcyor. O zamanlar tamamen farkl\u0131 bir \u015feydi. Yerle\u015fik kal\u0131plar yoktu, tan\u0131d\u0131k bir \u00e7al\u0131\u015fma mant\u0131\u011f\u0131 yoktu. \u0130\u015fin i\u00e7ine girmek zorundayd\u0131n\u0131z.<\/p>\n<h3>\u00d6zlem ve ger\u00e7eklik aras\u0131nda<\/h3>\n<p>Fikir g\u00fc\u00e7l\u00fcyd\u00fc. Ger\u00e7ekle\u015ftirmenin s\u0131n\u0131rlar\u0131 vard\u0131. El yaz\u0131s\u0131 tan\u0131ma \u00e7al\u0131\u015f\u0131yordu ama her zaman g\u00fcvenilir de\u011fildi. Cihazlar teknik olarak s\u0131n\u0131rl\u0131yd\u0131 ve yaz\u0131l\u0131m hen\u00fcz tam olarak geli\u015ftirilmemi\u015fti. Bir\u00e7ok kullan\u0131c\u0131 bununla ne yapaca\u011f\u0131n\u0131 bilmiyordu.<\/p>\n<p>\u0130\u015fte tam da bu noktada teknoloji tarihinde yinelenen bir model ortaya \u00e7\u0131k\u0131yor: \u0130yi bir fikir yeterli de\u011fildir. Ayn\u0131 zamanda kendi zaman\u0131n\u0131n ba\u011flam\u0131na da uymal\u0131d\u0131r. Bir bak\u0131ma, Newton \u00e7ok erkendi. G\u00fcnl\u00fck kullan\u0131ma ancak y\u0131llar sonra ger\u00e7ekten uygun hale gelecek \u015feyleri \u00f6ng\u00f6r\u00fcyordu.<\/p>\n<h3>eMate - okullar i\u00e7in \u00f6zel bir durum<\/h3>\n<p>Bu ba\u011flamda \u00f6zellikle ilgi \u00e7ekici bir cihaz, e\u011fitim sekt\u00f6r\u00fcnde kullan\u0131lmak \u00fczere \u00f6zel olarak tasarlanm\u0131\u015f yar\u0131 \u015feffaf, ye\u015fil bir hesap makinesi olan Apple eMate 300'd\u00fcr. Sa\u011flam, ba\u011f\u0131ms\u0131z ve pratik kullan\u0131ma net bir \u015fekilde odaklan\u0131yor.<\/p>\n<p>Bug\u00fcn elinize ald\u0131\u011f\u0131n\u0131zda, neredeyse modern cihazlar\u0131n \u00f6nc\u00fcs\u00fc gibi g\u00f6r\u00fcn\u00fcyor. Performans\u0131ndan dolay\u0131 de\u011fil, konseptinden dolay\u0131. Kompakt, odaklanm\u0131\u015f, k\u00fc\u00e7\u00fclt\u00fclm\u00fc\u015f. Ve ayn\u0131 zamanda, bir\u00e7ok \u015feyin hala denenmekte oldu\u011fu bir zamandan geldi\u011fini hissedebilirsiniz.<\/p>\n<h3>Bug\u00fcn\u00fcn perspektifinden bir bak\u0131\u015f<\/h3>\n<p>Geriye d\u00f6n\u00fcp bakt\u0131\u011f\u0131m\u0131zda, Newton'un ba\u015far\u0131s\u0131z bir \u00fcr\u00fcnden ziyade yeni bir etkile\u015fim t\u00fcr\u00fc olu\u015fturmaya y\u00f6nelik erken bir giri\u015fim oldu\u011funu g\u00f6r\u00fcyoruz. Fikirlerin \u00e7o\u011fu bug\u00fcn de ge\u00e7erli:<\/p>\n<ul>\n<li>Kalem kullan\u0131m\u0131<\/li>\n<li>El yaz\u0131s\u0131<\/li>\n<li>Ki\u015fisel yard\u0131m sistemleri<\/li>\n<\/ul>\n<p>Aradaki fark, teknolojinin art\u0131k bu fikirleri g\u00fcvenilir bir \u015fekilde hayata ge\u00e7irebilecek kadar geli\u015fmi\u015f olmas\u0131d\u0131r.<br \/>\n\u0130\u015fte tam da bu y\u00fczden ge\u00e7mi\u015fe bakmaya de\u011fer. Ge\u00e7mi\u015fte her \u015feyin daha iyi oldu\u011funu s\u00f6ylemek i\u00e7in de\u011fil. Ancak bug\u00fcn kan\u0131ksad\u0131\u011f\u0131m\u0131z pek \u00e7ok \u015feyin bir zamanlar deneysel oldu\u011funu kabul etmek i\u00e7in.<\/p>\n<h2>Nadir bir ayr\u0131nt\u0131 - Siemens Notephone<\/h2>\n<p>Bildi\u011finiz ya da en az\u0131ndan daha \u00f6nce g\u00f6rd\u00fc\u011f\u00fcn\u00fcz t\u00fcm cihazlara ek olarak, her zaman \u00f6ne \u00e7\u0131kan par\u00e7alar vard\u0131r. Kitlesel pazar i\u00e7in tasarlanmam\u0131\u015f veya sadece az say\u0131da bulunan cihazlar. Benim Siemens Notephone'um da b\u00f6yle bir cihaz.<\/p>\n<p><img loading=\"lazy\" decoding=\"async\" class=\"alignnone wp-image-5501 size-full\" src=\"https:\/\/www.markus-schall.de\/wp-content\/uploads\/Apple-OCM-Siemens-Notephone.jpg\" alt=\"Siemens Notephone\" width=\"1024\" height=\"683\" srcset=\"https:\/\/www.markus-schall.de\/wp-content\/uploads\/Apple-OCM-Siemens-Notephone.jpg 1024w, https:\/\/www.markus-schall.de\/wp-content\/uploads\/Apple-OCM-Siemens-Notephone-300x200.jpg 300w, https:\/\/www.markus-schall.de\/wp-content\/uploads\/Apple-OCM-Siemens-Notephone-768x512.jpg 768w, https:\/\/www.markus-schall.de\/wp-content\/uploads\/Apple-OCM-Siemens-Notephone-18x12.jpg 18w\" sizes=\"auto, (max-width: 1024px) 100vw, 1024px\" \/><\/p>\n<h3>Al\u0131\u015f\u0131lmad\u0131k bir yakla\u015f\u0131m<\/h3>\n<p>\u0130lk bak\u0131\u015fta cihaz g\u00f6ze \u00e7arpm\u0131yor. Tipik Apple tasar\u0131m\u0131 yok, hemen g\u00f6ze \u00e7arpan bir logo yok. Bunun yerine Siemens yaz\u0131yor. Ve onu ilgin\u00e7 k\u0131lan da tam olarak bu. \u0130\u00e7inde Apple Newton ile yak\u0131ndan ili\u015fkili bir teknoloji var. S\u0131k rastlanmayan bir kombinasyon. \u00d6zel bir uygulama alan\u0131 i\u00e7in tasarlanm\u0131\u015f farkl\u0131 bir muhafazada Apple teknolojisi.<\/p>\n<p>Bu nedenle not telefonu klasik bir Apple cihaz\u0131 de\u011fildir - ancak ayn\u0131 zamanda bir tanesidir. \u0130ki d\u00fcnya aras\u0131nda bir yerde duruyor. \u0130\u015fte tam da bu y\u00fczden bu makaleye \u00e7ok iyi uyuyor.<\/p>\n<p>Cihaz\u0131 elinize ald\u0131\u011f\u0131n\u0131zda, farkl\u0131 bir \u00e7a\u011fdan geldi\u011fini hemen fark ediyorsunuz. Malzemeler, i\u015f\u00e7ilik, hatta a\u011f\u0131rl\u0131k - her \u015fey g\u00fcn\u00fcm\u00fcz cihazlar\u0131ndan farkl\u0131 hissettiriyor.<\/p>\n<p>Newton'da oldu\u011fu gibi, bir kalem kullan\u0131larak \u00e7al\u0131\u015ft\u0131r\u0131l\u0131r. Yazma, daktilo etme, gezinme - her \u015fey do\u011frudan y\u00fczey \u00fczerinde ger\u00e7ekle\u015fiyor. Bu bug\u00fcn tan\u0131d\u0131k geliyor, ancak o zamanlar bu do\u011fal bir durumdan ba\u015fka bir \u015fey de\u011fildi.<\/p>\n<p>\u0130\u015fte bu noktada ilgin\u00e7 bir \u015fey ortaya \u00e7\u0131k\u0131yor: Bug\u00fcn ilerleme olarak alg\u0131lad\u0131\u011f\u0131m\u0131z pek \u00e7ok \u015fey, onlarca y\u0131l \u00f6nce temel haliyle zaten vard\u0131. Sadece bu kadar sofistike, bu kadar h\u0131zl\u0131 ve bu kadar g\u00fcvenilir de\u011fildi. Yine de prensip i\u015fe yar\u0131yor. Onunla \u00e7al\u0131\u015fabilirsiniz. Arkas\u0131ndaki fikrin ne oldu\u011funu anl\u0131yorsunuz. Ve bu \u00e7o\u011fu zaman m\u00fckemmel teknolojiden daha de\u011ferlidir.<\/p>\n<h3>Kalan bir par\u00e7a<\/h3>\n<p>Bu cihaz\u0131 benim i\u00e7in \u00f6zel k\u0131lan \u015fey sadece nadir olmas\u0131 de\u011fil. Teknik tarih ve ki\u015fisel ba\u011flant\u0131n\u0131n birle\u015fimidir. Bu basit\u00e7e de\u011fi\u015ftirebilece\u011finiz bir cihaz de\u011fil. Saklad\u0131\u011f\u0131n\u0131z bir cihaz. Belki de geli\u015ftirme s\u00fcrecinde ne kadar \u00e7ok yol oldu\u011funu g\u00f6sterdi\u011fi i\u00e7indir. Ve bug\u00fcn bunlar\u0131n ne kadar\u0131 neredeyse unutulmu\u015f durumda.<\/p>\n<h2>Apple ke\u015ffedilen Tasar\u0131m<\/h2>\n<p>90'lar\u0131n sonu ve 2000'lerin ba\u015f\u0131na ge\u00e7i\u015fle birlikte Apple'de temel bir \u015feyler de\u011fi\u015fti. Teknoloji \u00f6nemini koruyor, ancak giderek arka plana \u00e7ekiliyor. Bunun yerine ba\u015fka bir \u015fey \u00f6n plana \u00e7\u0131k\u0131yor:<\/p>\n<p>Tasar\u0131m.<\/p>\n<p><img loading=\"lazy\" decoding=\"async\" class=\"alignnone size-large wp-image-5502\" src=\"https:\/\/www.markus-schall.de\/wp-content\/uploads\/Apple-OCM-Cube-G4.jpg\" alt=\"\" width=\"1024\" height=\"683\" srcset=\"https:\/\/www.markus-schall.de\/wp-content\/uploads\/Apple-OCM-Cube-G4.jpg 1024w, https:\/\/www.markus-schall.de\/wp-content\/uploads\/Apple-OCM-Cube-G4-300x200.jpg 300w, https:\/\/www.markus-schall.de\/wp-content\/uploads\/Apple-OCM-Cube-G4-768x512.jpg 768w, https:\/\/www.markus-schall.de\/wp-content\/uploads\/Apple-OCM-Cube-G4-18x12.jpg 18w\" sizes=\"auto, (max-width: 1024px) 100vw, 1024px\" \/><\/p>\n<h3>Teknolojinin g\u00f6r\u00fcn\u00fcr hale geldi\u011fi an<\/h3>\n<p>Power Mac G4 Cube buna iyi bir \u00f6rnektir. Bir \u00e7al\u0131\u015fma arac\u0131ndan \u00e7ok bir nesneye benzeyen bir bilgisayar. Net \u00e7izgiler, \u015feffaf \u00f6\u011feler, sadece i\u015flevsel de\u011fil ayn\u0131 zamanda bilin\u00e7li olarak tasarlanm\u0131\u015f bir \u015fekil. Ona bakt\u0131\u011f\u0131n\u0131zda, bunun sadece cihaz\u0131n yapabildikleriyle ilgili olmad\u0131\u011f\u0131n\u0131 hemen fark ediyorsunuz. Bu ayn\u0131 zamanda nas\u0131l g\u00f6r\u00fcnd\u00fc\u011f\u00fcyle de ilgili.<\/p>\n<p>O zamanlar bu pek s\u00f6z konusu de\u011fildi. Bir\u00e7ok bilgisayar i\u015flevseldi ancak tasar\u0131m a\u00e7\u0131s\u0131ndan ikincil \u00f6neme sahipti. Apple burada farkl\u0131 bir yakla\u015f\u0131m benimsemi\u015ftir. Hatta Cube G4, New York'ta bulunan <a href=\"https:\/\/www.moma.org\" target=\"_blank\" rel=\"noopener\">Modern Sanat M\u00fczesi<\/a> Verildi.<\/p>\n<h3>Bi\u00e7im sadece i\u015flevi takip etmez<\/h3>\n<p>Elbette Cube amac\u0131n\u0131 yerine getiriyor. Ancak bunu tamamen teknik olman\u0131n \u00f6tesine ge\u00e7en bir \u015fekilde yap\u0131yor. Muhafaza, malzemeler, cihaz\u0131n yap\u0131l\u0131\u015f \u015fekli - hepsi iyi d\u00fc\u015f\u00fcn\u00fclm\u00fc\u015f g\u00f6r\u00fcn\u00fcyor. Neredeyse minimalist. Ve ayn\u0131 zamanda g\u00f6z al\u0131c\u0131.<\/p>\n<p>B\u00f6yle bir yakla\u015f\u0131m\u0131n her zaman mant\u0131kl\u0131 olup olmad\u0131\u011f\u0131 tart\u0131\u015fmal\u0131d\u0131r. Cube kitlesel bir \u00fcr\u00fcn de\u011fildi. Daha \u00e7ok bir ifadeydi. Ve bug\u00fcn onu ilgin\u00e7 k\u0131lan da tam olarak bu.<\/p>\n<h3>Yeni bir y\u00f6n<\/h3>\n<p>Cube ve Power Mac G4 sistemleri gibi cihazlarla, Apple'nin teknoloji hakk\u0131nda farkl\u0131 d\u00fc\u015f\u00fcnmeye ba\u015flad\u0131\u011f\u0131 a\u00e7\u0131kt\u0131r. Art\u0131k sadece bir ara\u00e7 olarak de\u011fil, \u00e7evrenin bir par\u00e7as\u0131 olarak. G\u00f6r\u00fcn\u00fcr olmas\u0131na izin verilen bir \u015fey olarak. Bu, bug\u00fcne kadar devam eden bir yakla\u015f\u0131m. Bazen daha g\u00fc\u00e7l\u00fc, bazen daha zay\u0131f. Ancak o d\u00f6nemde y\u00f6n a\u00e7\u0131k\u00e7a belirlenmi\u015fti.<\/p>\n<p>Ve bu a\u015famadaki cihazlara bakt\u0131\u011f\u0131n\u0131zda, burada bireysel \u00fcr\u00fcnlerin \u00f6tesine ge\u00e7en bir \u015feyin ortaya \u00e7\u0131kt\u0131\u011f\u0131n\u0131 fark ediyorsunuz. Teknolojiyi gizlemeyen, aksine bilin\u00e7li olarak \u015fekillendiren bir tutum.<\/p>\n<h2>Modern Apple d\u00fcnyas\u0131na ge\u00e7i\u015f<\/h2>\n<p>2000'li y\u0131llar\u0131n ba\u015f\u0131, Apple'nin cihazlar\u0131n\u0131 sadece teknik olarak daha da geli\u015ftirmekle kalmay\u0131p ayn\u0131 zamanda \u00e7ok daha eri\u015filebilir hale getirdi\u011fi bir d\u00f6nemin ba\u015flang\u0131c\u0131 oldu. Bir\u00e7ok \u015fey daha yuvarlak, daha dost\u00e7a ve klasik anlamda daha az teknik g\u00f6r\u00fcn\u00fcyor. Bunun iyi bir \u00f6rne\u011fi iBook G4't\u00fcr.<\/p>\n<p><img loading=\"lazy\" decoding=\"async\" class=\"alignnone wp-image-5503 size-full\" src=\"https:\/\/www.markus-schall.de\/wp-content\/uploads\/Apple-OCM-iBook.jpg\" alt=\"Apple iBook G4\" width=\"1024\" height=\"683\" srcset=\"https:\/\/www.markus-schall.de\/wp-content\/uploads\/Apple-OCM-iBook.jpg 1024w, https:\/\/www.markus-schall.de\/wp-content\/uploads\/Apple-OCM-iBook-300x200.jpg 300w, https:\/\/www.markus-schall.de\/wp-content\/uploads\/Apple-OCM-iBook-768x512.jpg 768w, https:\/\/www.markus-schall.de\/wp-content\/uploads\/Apple-OCM-iBook-18x12.jpg 18w\" sizes=\"auto, (max-width: 1024px) 100vw, 1024px\" \/><\/p>\n<p>Daha \u00f6nceki PowerBook'lar a\u00e7\u0131k\u00e7a belirli hedef gruplara y\u00f6nelik ara\u00e7lar olarak tasarlanm\u0131\u015fken, iBook daha \u00e7ok g\u00fcnl\u00fck kullan\u0131ma y\u00f6neliktir. Klasik anlamda daha az \u201eprofesyonel\u201c, ancak bir\u00e7ok insan\u0131n ger\u00e7ekte ihtiya\u00e7 duydu\u011fu \u015feylere daha yak\u0131n.<\/p>\n<p>\u015eekil daha yumu\u015fak, malzemeler daha eri\u015filebilir, genel g\u00f6r\u00fcn\u00fcm daha az teknik. Cihaz art\u0131k elde etmek i\u00e7in \u00e7ok \u00e7al\u0131\u015fman\u0131z gereken bir \u015fey gibi de\u011fil, sadece kulland\u0131\u011f\u0131n\u0131z bir \u015fey gibi hissettiriyor.<\/p>\n<p>Ve bu \u00f6nemli bir ad\u0131md\u0131r. Bu a\u015famada, bilgisayarlar sadece uzmanlar i\u00e7in de\u011fil, geni\u015f bir kullan\u0131c\u0131 kitlesi i\u00e7in giderek g\u00fcnl\u00fck ya\u015fam\u0131n bir par\u00e7as\u0131 haline geliyor.<\/p>\n<h3>De\u011fi\u015fimde s\u00fcreklilik<\/h3>\n<p>Bu yeni y\u00f6ne ra\u011fmen, Apple'nin daha \u00f6nce in\u015fa etti\u011fi \u015feylerin \u00e7o\u011fu devam ediyor. Net yap\u0131, basit kullan\u0131m, kapal\u0131 bir sistem fikri - bunlar\u0131n hepsi hala orada. Sadece ambalaj de\u011fi\u015fti.<\/p>\n<p>iBook G4 b\u00f6ylece iki d\u00fcnya aras\u0131nda bir yerde durmaktad\u0131r. Hala zaman\u0131n\u0131n bir \u00fcr\u00fcn\u00fc olarak a\u00e7\u0131k\u00e7a tan\u0131nabilir, ancak daha sonra do\u011fal bir mesele haline gelecek bir\u00e7ok unsuru zaten i\u00e7eriyor.<\/p>\n<p>Onunla \u00e7al\u0131\u015ft\u0131\u011f\u0131n\u0131zda, burada bir \u015feylerin bir araya geldi\u011fini fark ediyorsunuz. M\u00fckemmel de\u011fil, nihai de\u011fil ama tutarl\u0131. Ve bu ge\u00e7i\u015fi bu kadar ilgin\u00e7 k\u0131lan da tam olarak bu.<\/p>\n<hr \/>\n<h3>Yerel yapay zeka sistemlerinin kullan\u0131m\u0131na ili\u015fkin g\u00fcncel anket<\/h3>\n<div class='bootstrap-yop yop-poll-mc'>\n\t\t\t\t\t\t\t<div class=\"basic-yop-poll-container\" style=\"background-color:#ffffff; border:0px; border-style:solid; border-color:#000000; border-radius:5px; padding:0px 5px;\" data-id=\"9\" data-temp=\"basic-pretty\" data-skin=\"square\" data-cscheme=\"blue\" data-cap=\"0\" data-access=\"guest\" data-tid=\"\" data-uid=\"09501f015f1c41bbf5dacdeb29c7ca2a\" data-pid=\"4691\" data-resdet=\"votes-number,percentages\" data-show-results-to=\"guest\" data-show-results-moment=\"after-vote\" data-show-results-only=\"false\" data-show-message=\"true\" data-show-results-as=\"bar\" data-sort-results-by=\"as-defined\" data-sort-results-rule=\"asc\"data-is-ended=\"0\" data-percentages-decimals=\"2\" data-gdpr=\"no\" data-gdpr-sol=\"consent\" data-css=\".basic-yop-poll-container[data-uid] .basic-vote {\t\t\t\t\t\t\t\t\ttext-align: center;\t\t\t\t\t\t\t\t}\" data-counter=\"0\" data-load-with=\"1\" data-notification-section=\"top\"><div class=\"row\"><div class=\"col-md-12\"><div class=\"basic-inner\"><div class=\"basic-message hide\" style=\"border-left: 10px solid #008000; padding: 0px 10px;\" data-error=\"#ff0000\" data-success=\"#008000\"><p class=\"basic-message-text\" style=\"color:#000000; font-size:14px; font-weight:normal;\"><\/p><\/div><div class=\"basic-overlay hide\"><div class=\"basic-vote-options\"><\/div><div class=\"basic-preloader\"><div class=\"basic-windows8\"><div class=\"basic-wBall basic-wBall_1\"><div class=\"basic-wInnerBall\"><\/div><\/div><div class=\"basic-wBall basic-wBall_2\"><div class=\"basic-wInnerBall\"><\/div><\/div><div class=\"basic-wBall basic-wBall_3\"><div class=\"basic-wInnerBall\"><\/div><\/div><div class=\"basic-wBall basic-wBall_4\"><div class=\"basic-wInnerBall\"><\/div><\/div><div class=\"basic-wBall basic-wBall_5\"><div class=\"basic-wInnerBall\"><\/div><\/div><\/div><\/div><\/div><form class=\"basic-form\" action=\"\"><input type=\"hidden\" name=\"_token\" value=\"3444a12533\" autocomplete=\"off\"><div class=\"basic-elements\"><div class=\"basic-element basic-question basic-question-text-vertical\" data-id=\"9\" data-uid=\"50fbbc70c3b96ca9349517ab3504b2ff\" data-type=\"question\" data-question-type=\"text\" data-required=\"yes\" data-allow-multiple=\"no\" data-min=\"1\" data-max=\"7\" data-display=\"vertical\" data-colnum=\"\" data-display-others=\"no\" data-others-color=\"\" data-others=\"\" data-others-max-chars=\"0\"><div class=\"basic-question-title\"><h5 style=\"color:#000000; font-size:16px; font-weight:normal; text-align:left;\">MLX veya Ollama gibi yerel olarak \u00e7al\u0131\u015fan yapay zeka yaz\u0131l\u0131mlar\u0131 hakk\u0131nda ne d\u00fc\u015f\u00fcn\u00fcyorsunuz?<\/h5><\/div><ul class=\"basic-answers\"><li class=\"basic-answer\" style=\"padding:0px 0px;\" data-id=\"45\" data-type=\"text\" data-vn=\"138\" data-color=\"#000000\" data-make-link=\"no\" data-link=\"\"><div class=\"basic-answer-content basic-text-vertical\"><label for=\"answer[45]\" class=\"basic-answer-label\"><input type=\"radio\" id=\"answer[45]\" name=\"answer[9]\" value=\"45\"><span class=\"basic-text\" style=\"color: #000000; font-size: 14px; font-weight: normal;\">Ingenious - nihayet buluttan ba\u011f\u0131ms\u0131z<\/span><\/label><\/div><\/li><li class=\"basic-answer\" style=\"padding:0px 0px;\" data-id=\"46\" data-type=\"text\" data-vn=\"25\" data-color=\"#000000\" data-make-link=\"no\" data-link=\"\"><div class=\"basic-answer-content basic-text-vertical\"><label for=\"answer[46]\" class=\"basic-answer-label\"><input type=\"radio\" id=\"answer[46]\" name=\"answer[9]\" value=\"46\"><span class=\"basic-text\" style=\"color: #000000; font-size: 14px; font-weight: normal;\">\u0130lgin\u00e7, ancak (hala) \u00e7ok karma\u015f\u0131k<\/span><\/label><\/div><\/li><li class=\"basic-answer\" style=\"padding:0px 0px;\" data-id=\"47\" data-type=\"text\" data-vn=\"28\" data-color=\"#000000\" data-make-link=\"no\" data-link=\"\"><div class=\"basic-answer-content basic-text-vertical\"><label for=\"answer[47]\" class=\"basic-answer-label\"><input type=\"radio\" id=\"answer[47]\" name=\"answer[9]\" value=\"47\"><span class=\"basic-text\" style=\"color: #000000; font-size: 14px; font-weight: normal;\">Yak\u0131nda deneyece\u011fim.<\/span><\/label><\/div><\/li><li class=\"basic-answer\" style=\"padding:0px 0px;\" data-id=\"48\" data-type=\"text\" data-vn=\"5\" data-color=\"#000000\" data-make-link=\"no\" data-link=\"\"><div class=\"basic-answer-content basic-text-vertical\"><label for=\"answer[48]\" class=\"basic-answer-label\"><input type=\"radio\" id=\"answer[48]\" name=\"answer[9]\" value=\"48\"><span class=\"basic-text\" style=\"color: #000000; font-size: 14px; font-weight: normal;\">\u0130htiyac\u0131m yok - bulut benim i\u00e7in yeterli<\/span><\/label><\/div><\/li><li class=\"basic-answer\" style=\"padding:0px 0px;\" data-id=\"49\" data-type=\"text\" data-vn=\"4\" data-color=\"#000000\" data-make-link=\"no\" data-link=\"\"><div class=\"basic-answer-content basic-text-vertical\"><label for=\"answer[49]\" class=\"basic-answer-label\"><input type=\"radio\" id=\"answer[49]\" name=\"answer[9]\" value=\"49\"><span class=\"basic-text\" style=\"color: #000000; font-size: 14px; font-weight: normal;\">Bunun tam olarak ne hakk\u0131nda oldu\u011funu bilmiyorum.<\/span><\/label><\/div><\/li><\/ul><\/div><div class=\"clearfix\"><\/div><\/div><div class=\"basic-vote\"><a href=\"#\" class=\"button basic-vote-button\" role=\"button\" style=\"background:#027bb8; border:0px; border-style: solid; border-color:#000000; border-radius:5px; padding:10px 10px; color:#ffffff; font-size:14px; font-weight:normal;\">Oylama<\/a><\/div><input type=\"hidden\" name=\"trp-form-language\" value=\"tr\"\/><\/form><\/div><\/div><\/div><\/div>\n\t\t\t\t\t\t<\/div>\n<hr \/>\n<h2>Benim yolum - Apple ve Windows aras\u0131nda<\/h2>\n<p>Bu geli\u015fmeye d\u00f6n\u00fcp bakt\u0131\u011f\u0131m\u0131zda, yolun basit oldu\u011funu d\u00fc\u015f\u00fcnmek kolay olacakt\u0131r. Bir sisteme karar verdi\u011finizde ona ba\u011fl\u0131 kal\u0131rs\u0131n\u0131z. Pratikte i\u015fler genellikle farkl\u0131 g\u00f6r\u00fcn\u00fcyor. Y\u0131llar boyunca defalarca Apple ve Windows aras\u0131nda ge\u00e7i\u015f yapt\u0131m. Birinin lehine ya da di\u011ferinin aleyhine bir inan\u00e7tan de\u011fil, pratik nedenlerden dolay\u0131.<\/p>\n<p>Uzun bir s\u00fcre boyunca Windows bir\u00e7ok alanda standart oldu. Belirli ortamlarda \u00e7al\u0131\u015fan herkes bundan ka\u00e7\u0131namazd\u0131. Bu do\u011frultuda, idari g\u00f6revler ve ilgili sertifikalar da dahil olmak \u00fczere kendimi yo\u011fun bir \u015fekilde Windows'a al\u0131\u015ft\u0131rd\u0131m. Bu bir ge\u00e7i\u015f a\u015famas\u0131 de\u011fil, i\u015fimin ayr\u0131lmaz bir par\u00e7as\u0131yd\u0131.<\/p>\n<h3>Stok d\u00fc\u015f\u00fcnce yerine deneyim<\/h3>\n<p>Farkl\u0131 bir bak\u0131\u015f a\u00e7\u0131s\u0131 yaratan da tam olarak sistemler aras\u0131ndaki bu de\u011fi\u015fimdir. Her iki taraf\u0131n da g\u00fc\u00e7l\u00fc ve zay\u0131f y\u00f6nlerini g\u00f6r\u00fcyorsunuz. Ve bir dereceye kadar, olaylar\u0131 temelden yarg\u0131lama e\u011filimini kaybediyorsunuz.<\/p>\n<p>Tek bir \u201edo\u011fru\u201c sistem yoktur. Belirli g\u00f6revler i\u00e7in daha iyi veya daha az uygun olan ara\u00e7lar vard\u0131r. Bu fark\u0131ndal\u0131k teoriden de\u011fil, kullan\u0131mdan gelir.<\/p>\n<div class=\"lyte-wrapper\" style=\"width:640px;max-width:100%;margin:5px;\"><div class=\"lyMe\" id=\"WYL_--MrJc3Fxzk\"><div id=\"lyte_--MrJc3Fxzk\" data-src=\"https:\/\/www.markus-schall.de\/wp-content\/plugins\/wp-youtube-lyte\/lyteCache.php?origThumbUrl=%2F%2Fi.ytimg.com%2Fvi%2F--MrJc3Fxzk%2Fhqdefault.jpg\" class=\"pL\"><div class=\"tC\"><div class=\"tT\"><\/div><\/div><div class=\"play\"><\/div><div class=\"ctrl\"><div class=\"Lctrl\"><\/div><div class=\"Rctrl\"><\/div><\/div><\/div><noscript><a href=\"https:\/\/youtu.be\/--MrJc3Fxzk\" rel=\"nofollow noopener\" target=\"_blank\"><img loading=\"lazy\" decoding=\"async\" src=\"https:\/\/www.markus-schall.de\/wp-content\/plugins\/wp-youtube-lyte\/lyteCache.php?origThumbUrl=https%3A%2F%2Fi.ytimg.com%2Fvi%2F--MrJc3Fxzk%2F0.jpg\" alt=\"YouTube video k\u00fc\u00e7\u00fck resmi\" width=\"640\" height=\"340\" \/><br \/>Bu videoyu YouTube'da izleyin<\/a><\/noscript><\/div><\/div><div class=\"lL\" style=\"max-width:100%;width:640px;margin:5px;\"><\/div><br \/>\nSteve Jobs'un nefes kesen hikayesi (Apple, Pixar, NeXT) | <a href=\"https:\/\/www.youtube.com\/@BiographerDE\" target=\"_blank\" rel=\"nofollow noopener\">Biyografi_TR<\/a><\/p>\n<h3>Apple'ye geri d\u00f6nd\u00fck - ve kald\u0131k<\/h3>\n<p>Bu de\u011fi\u015fikliklere ra\u011fmen, zaman i\u00e7inde net bir geli\u015fme oldu. Yakla\u015f\u0131k yirmi y\u0131ld\u0131r s\u00fcrekli olarak Apple sistemleri ile \u00e7al\u0131\u015f\u0131yorum. Her \u015fey m\u00fckemmel oldu\u011fu i\u00e7in de\u011fil. Ama genel resimde benim i\u00e7in en iyisi oldu\u011fu i\u00e7in.<\/p>\n<p>Donan\u0131m ve yaz\u0131l\u0131m kombinasyonu, g\u00fcnl\u00fck kullan\u0131mdaki kararl\u0131l\u0131k, cihazlar\u0131n i\u015f ak\u0131\u015f\u0131na uyum sa\u011flama \u015fekli - bunlar y\u0131llar i\u00e7inde kendini kan\u0131tlam\u0131\u015f \u015feylerdir. Ayn\u0131 zamanda Windows d\u00fcnyas\u0131n\u0131n deneyimi de arka planda kal\u0131yor. Her \u015feyi hafife almaman\u0131z\u0131 sa\u011flar.<\/p>\n<p>Belki de as\u0131l mesele tam da budur: belirleyici olan bir sistem lehine karar vermek de\u011fil, her iki taraf\u0131 da tan\u0131m\u0131\u015f olman\u0131n getirdi\u011fi deneyimdir.<\/p>\n<h2>1985'ten bu yana zaman i\u00e7inde \u00f6nemli Apple kilometre ta\u015flar\u0131<\/h2>\n<div style=\"overflow-x: auto;\">\n<table style=\"border-collapse: collapse; width: 100%;\">\n<tbody>\n<tr style=\"background-color: #f2f2f2;\">\n<th style=\"padding: 8px; text-align: left;\">Y\u0131l<\/th>\n<th style=\"padding: 8px; text-align: left;\">Cihaz<\/th>\n<th style=\"padding: 8px; text-align: left;\">Anlam \/ kategorizasyon<\/th>\n<\/tr>\n<tr>\n<td style=\"padding: 8px;\"><strong>1985<\/strong><\/td>\n<td style=\"padding: 8px;\">Macintosh 512K<\/td>\n<td style=\"padding: 8px;\">\u0130lk Macintosh konseptinin erken geni\u015flemesi, g\u00fcnl\u00fck ya\u015famdaki grafik kullan\u0131c\u0131 aray\u00fczlerinin temeli.<\/td>\n<\/tr>\n<tr>\n<td style=\"padding: 8px;\"><strong>1990<\/strong><\/td>\n<td style=\"padding: 8px;\">Macintosh Classic<\/td>\n<td style=\"padding: 8px;\">Macintosh d\u00fcnyas\u0131na kompakt, eri\u015filebilir giri\u015f, geni\u015f kullan\u0131c\u0131 gruplar\u0131 i\u00e7in hepsi bir arada yakla\u015f\u0131m.<\/td>\n<\/tr>\n<tr>\n<td style=\"padding: 8px;\"><strong>1991<\/strong><\/td>\n<td style=\"padding: 8px;\">PowerBook 100<\/td>\n<td style=\"padding: 8px;\">Merkezi iztopu ve kompakt tasar\u0131m\u0131 ile modern diz\u00fcst\u00fc bilgisayar \u015feklini hakl\u0131 \u00e7\u0131kar\u0131r.<\/td>\n<\/tr>\n<tr>\n<td style=\"padding: 8px;\"><strong>1993<\/strong><\/td>\n<td style=\"padding: 8px;\">Apple Newton<\/td>\n<td style=\"padding: 8px;\">Kalem kullan\u0131m\u0131 ve el yaz\u0131s\u0131 tan\u0131ma \u00f6zelli\u011fine sahip bir dijital asistan i\u00e7in ilk giri\u015fim.<\/td>\n<\/tr>\n<tr>\n<td style=\"padding: 8px;\"><strong>1998<\/strong><\/td>\n<td style=\"padding: 8px;\">iMac G3<\/td>\n<td style=\"padding: 8px;\">Tasar\u0131m ve kullan\u0131m kolayl\u0131\u011f\u0131na odaklanan Apple'nin yeniden lansman\u0131, markay\u0131 uzun vadede karakterize ediyor.<\/td>\n<\/tr>\n<tr>\n<td style=\"padding: 8px;\"><strong>2000<\/strong><\/td>\n<td style=\"padding: 8px;\">Power Mac G4 Cube<\/td>\n<td style=\"padding: 8px;\">Tasar\u0131m odakl\u0131 masa\u00fcst\u00fc bilgisayar Apple, teknolojiyi bir nesne olarak tasarlama iddias\u0131n\u0131 ortaya koyuyor.<\/td>\n<\/tr>\n<tr>\n<td style=\"padding: 8px;\"><strong>2001<\/strong><\/td>\n<td style=\"padding: 8px;\">iPod<\/td>\n<td style=\"padding: 8px;\">Apple'nin bilgisayar\u0131n \u00f6tesine yay\u0131lmaya ba\u015flamas\u0131 dijital m\u00fczik d\u00fcnyas\u0131n\u0131 karakterize etmektedir.<\/td>\n<\/tr>\n<tr>\n<td style=\"padding: 8px;\"><strong>2006<\/strong><\/td>\n<td style=\"padding: 8px;\">MacBook Pro (Intel)<\/td>\n<td style=\"padding: 8px;\">PowerPC'den Intel'e ge\u00e7i\u015f, performans ve uyumluluk i\u00e7in \u00f6nemli bir ad\u0131m.<\/td>\n<\/tr>\n<tr>\n<td style=\"padding: 8px;\"><strong>2007<\/strong><\/td>\n<td style=\"padding: 8px;\">iPhone<\/td>\n<td style=\"padding: 8px;\">Telefon, internet ve uygulamalar\u0131 tek bir cihazda birle\u015ftirerek mobil kullan\u0131mda devrim yarat\u0131yor.<\/td>\n<\/tr>\n<tr>\n<td style=\"padding: 8px;\"><strong>2010<\/strong><\/td>\n<td style=\"padding: 8px;\">iPad<\/td>\n<td style=\"padding: 8px;\">Tabletleri, ak\u0131ll\u0131 telefonlar ve diz\u00fcst\u00fc bilgisayarlar aras\u0131nda ayr\u0131 bir cihaz kategorisi olarak belirler.<\/td>\n<\/tr>\n<tr>\n<td style=\"padding: 8px;\"><strong>2020<\/strong><\/td>\n<td style=\"padding: 8px;\">M1 ile MacBook<\/td>\n<td style=\"padding: 8px;\">Apple Silicon'nin piyasaya s\u00fcr\u00fclmesi, tescilli i\u015flemci mimarisi sayesinde y\u00fcksek verimlilik ve performans.<\/td>\n<\/tr>\n<tr>\n<td style=\"padding: 8px;\"><strong>2023<\/strong><\/td>\n<td style=\"padding: 8px;\">M3 ile Mac<\/td>\n<td style=\"padding: 8px;\">Apple yongalar\u0131n\u0131n daha da geli\u015ftirilmesi, performans\u0131n art\u0131r\u0131lmas\u0131 ve yerel yapay zeka i\u015flemeye odaklan\u0131lmas\u0131.<\/td>\n<\/tr>\n<\/tbody>\n<\/table>\n<\/div>\n<h2>Apple bug\u00fcn - co\u015fku ve mesafe aras\u0131nda<\/h2>\n<p>Bir platforma uzun y\u0131llar boyunca dahil oldu\u011funuzda, ona bak\u0131\u015f\u0131n\u0131z de\u011fi\u015fir. Ba\u015flang\u0131\u00e7ta merak veya co\u015fku ile karakterize edilen \u015fey zamanla daha sakin hale gelir. Daha a\u011f\u0131rba\u015fl\u0131. Ve genellikle daha farkl\u0131la\u015f\u0131r.<\/p>\n<p>Uzun y\u0131llard\u0131r Apple sistemleri ile \u00e7al\u0131\u015f\u0131yorum. Kulland\u0131\u011f\u0131m cihazlar teknik olarak g\u00fcncel, g\u00fc\u00e7l\u00fc ve g\u00fcnl\u00fck kullan\u0131mda g\u00fcvenilir. Bu bir \u015fey.<\/p>\n<p>Di\u011feri ise Apple ile olan ili\u015fkimin zaman i\u00e7inde de\u011fi\u015fmi\u015f olmas\u0131. Art\u0131k ele\u015ftirel olmayan bir co\u015fku de\u011fil. Daha \u00e7ok bir a\u015fk-nefret ili\u015fkisi gibi. Apple hala \u00e7ok iyi \u00fcr\u00fcnler \u00fcretiyor. Bu konuda hi\u00e7 \u015f\u00fcphe yok. Ancak ayn\u0131 zamanda \u015firket \u00e7ok daha ticari hale geldi. S\u00fcre\u00e7ler daha standartla\u015fm\u0131\u015f, kararlar eskisine g\u00f6re daha az e\u011flenceli, daha az deneysel g\u00f6r\u00fcn\u00fcyor.<\/p>\n<p>Bu bir su\u00e7lama de\u011fil. Bir\u00e7ok b\u00fcy\u00fck \u015firkette g\u00f6zlemlenebilecek bir geli\u015fmedir. Ama fark edilebilir.<\/p>\n<h3>\u201e\u00c7al\u0131\u015fan bir sistemi asla de\u011fi\u015ftirmeyin\u201c<\/h3>\n<p>G\u00fcnl\u00fck ya\u015fam\u0131mda benim i\u00e7in giderek daha \u00f6nemli hale gelen bir nokta, g\u00fcncellemelerin bilin\u00e7li kullan\u0131m\u0131d\u0131r. Eski prensip <em>\u201e\u00c7al\u0131\u015fan bir sistemi asla de\u011fi\u015ftirmeyin\u201c<\/em> Windows 95'in y\u00fcz\u00fcnc\u00fc kez installan\u0131t\u0131lm\u0131\u015f gibi hissedildi\u011fi bir zamana dayan\u0131yor. Ancak \u00f6z\u00fcnde bug\u00fcn hala ge\u00e7erlidir.<\/p>\n<p>Her yeni i\u015fletim sistemini hemen 1TP12 yapmak gibi b\u00fcy\u00fck bir arzum yok. E\u011fer bir sistem istikrarl\u0131 bir \u015fekilde \u00e7al\u0131\u015f\u0131yorsa, \u00e7al\u0131\u015fmas\u0131na izin veririm. Ve mant\u0131kl\u0131 oldu\u011fu s\u00fcrece. Bu s\u00fcrekli g\u00fcncelleme k\u00fclt\u00fcr\u00fc - bu s\u00fcrekli \u201eyine yeni bir \u015fey var\u201c - benim \u00e7al\u0131\u015fma tarz\u0131ma uymuyor. G\u00fcvenebilece\u011fim sistemlere ihtiyac\u0131m var, s\u00fcrekli de\u011fi\u015fen sistemlere de\u011fil.<\/p>\n<p>Bu y\u00fczden i\u015fletim sistemleri s\u00f6z konusu oldu\u011funda genellikle kas\u0131tl\u0131 olarak geride kal\u0131yorum. Cehaletimden de\u011fil, tecr\u00fcbelerimden dolay\u0131.<\/p>\n<h3>\u201eApple arkada\u015f\u0131n\u0131z de\u011fil\u201c<\/h3>\n<p>Apple bayisi olarak \u00e7al\u0131\u015ft\u0131\u011f\u0131m s\u00fcre boyunca s\u00fcrekli kar\u015f\u0131ma \u00e7\u0131kan bir c\u00fcmle vard\u0131: <em>\u201eApple arkada\u015f\u0131n\u0131z de\u011fil.\u201c<\/em><\/p>\n<p>Bu ilk ba\u015fta kula\u011fa sert gelebilir, ancak asl\u0131nda \u00e7ok ay\u0131k bir fark\u0131ndal\u0131kt\u0131r. B\u00fcy\u00fck \u015firketler ki\u015fisel yak\u0131nl\u0131klar\u0131yla de\u011fil, ekonomik \u00e7\u0131karlar\u0131yla hareket ederler. Bu ne iyi ne de k\u00f6t\u00fcd\u00fcr - sadece ger\u00e7ektir.<\/p>\n<p>Bunu anlarsan\u0131z, olaylar\u0131 kategorize etmek daha kolay olur. Daha az beklentiniz olur ve g\u00fc\u00e7l\u00fc y\u00f6nlerinizin daha fazla fark\u0131na var\u0131rs\u0131n\u0131z.<\/p>\n<h3>Kay\u0131p yerine de\u011fi\u015fim<\/h3>\n<p>Eskiden bir\u00e7ok \u00fcr\u00fcnde ayr\u0131nt\u0131lara daha fazla dikkat edildi\u011fini s\u00f6yleyebilirsiniz. Belki bu do\u011fru bile olabilir. Ama belki de o zamanlar pek \u00e7ok \u015fey yeni oldu\u011fu i\u00e7in \u00f6yle g\u00f6r\u00fcn\u00fcyordur.<\/p>\n<p>G\u00fcn\u00fcm\u00fczde pek \u00e7ok \u015fey daha standart hale gelmi\u015ftir. S\u00fcre\u00e7ler daha net, \u00fcr\u00fcnler daha yap\u0131land\u0131r\u0131lm\u0131\u015f. Bu ele\u015ftirilebilir, ancak avantajlar\u0131 da var. Cihazlar g\u00fc\u00e7l\u00fc, g\u00fcvenilir ve bir\u00e7ok alanda \u015fa\u015f\u0131rt\u0131c\u0131 derecede iyi d\u00fc\u015f\u00fcn\u00fclm\u00fc\u015f.<\/p>\n<p>\u015eu anda Apple'yi takdir etti\u011fim \u015fey stratejik y\u00f6nelimi. Silicon i\u015flemcileri ile Apple, di\u011ferlerinden a\u00e7\u0131k\u00e7a farkl\u0131 bir yol izlemi\u015ftir. Performans y\u00fcksek, entegrasyon s\u0131k\u0131 ve \u00f6zellikle de <a href=\"https:\/\/www.markus-schall.de\/tr\/2025\/08\/local-ki-on-the-mac-like-this-1tp12ollama-ile-bir-dil-modeli-olusturmak-icin\/\"><strong>yerel yapay zeka<\/strong><\/a> Burada uzun vadede \u00e7ok \u00f6nemli hale gelmesi muhtemel bir \u015fey ortaya \u00e7\u0131k\u0131yor.<\/p>\n<p>Apple'nin \u00f6n\u00fcm\u00fczdeki y\u0131llarda bu alanda g\u00fc\u00e7l\u00fc bir rol oynayaca\u011f\u0131na inan\u0131yorum. Muhte\u015fem bireysel \u00fcr\u00fcnlerle de\u011fil ama istikrarl\u0131 bir \u015fekilde daha da geli\u015ftirerek.<\/p>\n<p>Ve belki de bu, bu makalede anlat\u0131lanlarla olduk\u00e7a iyi \u00f6rt\u00fc\u015f\u00fcyor: daha az b\u00fcy\u00fck s\u0131\u00e7rama, daha fazla s\u00fcrekli geli\u015fim.<\/p>\n<h3>SWR belgeseli: G\u00f6r\u00fcnt\u00fc ve kontrol aras\u0131nda 50 y\u0131ll\u0131k Apple<\/h3>\n<p>Yeni SWR belgeseli, Apple'nin 1970'lerdeki ba\u015flang\u0131c\u0131ndan bug\u00fcnk\u00fc k\u00fcresel \u015firkete uzanan yolunu izleyerek teknoloji tarihine sosyal bir boyut kat\u0131yor. \u0130syank\u00e2r bir kar\u015f\u0131-projeden k\u00f6kl\u00fc bir teknoloji devine uzanan geli\u015fime odaklan\u0131l\u0131yor. Belgesel, Steve Jobs'un y\u00fckseli\u015fine, tavizsiz vizyonuna ve Apple'yi karakterize eden i\u00e7 gerilimlere \u0131\u015f\u0131k tutuyor.<\/p>\n<div class=\"lyte-wrapper\" style=\"width:640px;max-width:100%;margin:5px;\"><div class=\"lyMe\" id=\"WYL_2RHDPABWqL0\"><div id=\"lyte_2RHDPABWqL0\" data-src=\"https:\/\/www.markus-schall.de\/wp-content\/plugins\/wp-youtube-lyte\/lyteCache.php?origThumbUrl=%2F%2Fi.ytimg.com%2Fvi%2F2RHDPABWqL0%2Fhqdefault.jpg\" class=\"pL\"><div class=\"tC\"><div class=\"tT\"><\/div><\/div><div class=\"play\"><\/div><div class=\"ctrl\"><div class=\"Lctrl\"><\/div><div class=\"Rctrl\"><\/div><\/div><\/div><noscript><a href=\"https:\/\/youtu.be\/2RHDPABWqL0\" rel=\"nofollow noopener\" target=\"_blank\"><img loading=\"lazy\" decoding=\"async\" src=\"https:\/\/www.markus-schall.de\/wp-content\/plugins\/wp-youtube-lyte\/lyteCache.php?origThumbUrl=https%3A%2F%2Fi.ytimg.com%2Fvi%2F2RHDPABWqL0%2F0.jpg\" alt=\"YouTube video k\u00fc\u00e7\u00fck resmi\" width=\"640\" height=\"340\" \/><br \/>Bu videoyu YouTube'da izleyin<\/a><\/noscript><\/div><\/div><div class=\"lL\" style=\"max-width:100%;width:640px;margin:5px;\"><\/div><br \/>\nApple'nin 50 y\u0131l\u0131: iPhone \u015firketi d\u00fcnyay\u0131 nas\u0131l de\u011fi\u015ftirdi | <a href=\"https:\/\/www.youtube.com\/channel\/UCK6jlnWA8t-XgUxwZJJHkQA\" target=\"_blank\" rel=\"nofollow noopener\">SWR belgeseli<\/a><\/p>\n<p>Ayn\u0131 zamanda, Avrupa etkilerinin - \u00f6rne\u011fin tasar\u0131m ve tipografide - \u015firketin kimli\u011fine ne kadar g\u00fc\u00e7l\u00fc bir \u015fekilde katk\u0131da bulundu\u011fu ortaya \u00e7\u0131k\u0131yor. \u00c7a\u011fda\u015f tan\u0131klar ilk y\u0131llara ve ekipler i\u00e7indeki dinamiklere dair ilk elden bilgiler veriyor. Bir zamanlar \u00f6zg\u00fcrle\u015ftirici olarak g\u00f6r\u00fclen teknolojinin \u015fimdi giderek daha fazla kontrole katk\u0131da bulunup bulunmad\u0131\u011f\u0131 sorusu \u00f6zellikle ilgi \u00e7ekici. Belgesel b\u00f6ylece tarihsel perspektifi g\u00fcncel bir sosyal kategorizasyonu i\u00e7erecek \u015fekilde geni\u015fletiyor.<\/p>\n<h2>M\u00fcze ve ge\u00e7mi\u015fe bir bak\u0131\u015f<\/h2>\n<p><a href=\"https:\/\/computermuseum-oldenburg.de\" target=\"_blank\" rel=\"noopener\"><img loading=\"lazy\" decoding=\"async\" class=\"alignleft wp-image-5483\" src=\"https:\/\/www.markus-schall.de\/wp-content\/uploads\/OCM-Logo_2014_CS5_ohne_gruen-205x300.png\" alt=\"Oldenburg Bilgisayar M\u00fczesi\" width=\"136\" height=\"200\" srcset=\"https:\/\/www.markus-schall.de\/wp-content\/uploads\/OCM-Logo_2014_CS5_ohne_gruen-205x300.png 205w, https:\/\/www.markus-schall.de\/wp-content\/uploads\/OCM-Logo_2014_CS5_ohne_gruen-8x12.png 8w, https:\/\/www.markus-schall.de\/wp-content\/uploads\/OCM-Logo_2014_CS5_ohne_gruen.png 409w\" sizes=\"auto, (max-width: 136px) 100vw, 136px\" \/><\/a>Bu cihazlar\u0131n g\u00f6r\u00fcn\u00fcm\u00fc sadece teorik de\u011fildir. Oldenburg Bilgisayar M\u00fczesi'nde ilk elden deneyimlenebilir. M\u00fczedeki Apple sergisi \u015fu tarihte a\u00e7\u0131lacak <strong>04 Nisan 2026 saat 16:00'da a\u00e7\u0131l\u0131yor<\/strong> ve Eyl\u00fcl 2026'ya kadar devam edecektir.<\/p>\n<p>Bu size, geli\u015fmeleri yerinde, huzur i\u00e7inde ve acele etmeden incelemek i\u00e7in bolca zaman verir. \u00d6zellikle bu gibi fuarlarda zaman ay\u0131rmaya de\u011fer. Her \u015feyi hemen kavramak de\u011fil, tek tek cihazlar\u0131n sizi etkilemesine izin vermek istiyorsunuz.<\/p>\n<h3>Bakmaktan daha fazlas\u0131<\/h3>\n<p>Sergiye ek olarak, d\u00fczenli teklifler de bulunmaktad\u0131r:<\/p>\n<ul>\n<li><strong>Halka a\u00e7\u0131k rehberli turlar<\/strong> 17 Nisan 2026 tarihinden itibaren her Cuma saat 17:00 ile 19:00 aras\u0131nda<\/li>\n<li><strong>Apple-Talks<\/strong> 15 Nisan 2026 tarihinden itibaren her ikinci \u00c7ar\u015famba saat 18:00 - 20:00 aras\u0131<\/li>\n<\/ul>\n<p>Bunlar sadece g\u00f6rd\u00fc\u011f\u00fcn\u00fcz de\u011fil, ayn\u0131 zamanda anlad\u0131\u011f\u0131n\u0131z f\u0131rsatlard\u0131r. Ve genellikle bu t\u00fcr konu\u015fmalarda ilgin\u00e7 kategorizasyonlar ortaya \u00e7\u0131kar.<\/p>\n<h3>Uygulamal\u0131 teknoloji tarihi - Oldenburg Bilgisayar M\u00fczesi<\/h3>\n<p><img loading=\"lazy\" decoding=\"async\" class=\"alignnone size-full wp-image-5485\" src=\"https:\/\/www.markus-schall.de\/wp-content\/uploads\/OCM-Ausstellung-Panorama.jpg\" alt=\"\" width=\"1600\" height=\"435\" srcset=\"https:\/\/www.markus-schall.de\/wp-content\/uploads\/OCM-Ausstellung-Panorama.jpg 1024w, https:\/\/www.markus-schall.de\/wp-content\/uploads\/OCM-Ausstellung-Panorama-300x81.jpg 300w, https:\/\/www.markus-schall.de\/wp-content\/uploads\/OCM-Ausstellung-Panorama-768x209.jpg 768w, https:\/\/www.markus-schall.de\/wp-content\/uploads\/OCM-Ausstellung-Panorama-18x5.jpg 18w\" sizes=\"auto, (max-width: 1600px) 100vw, 1600px\" \/><\/p>\n<p>Oldenburg Bilgisayar M\u00fczesi kendisini geleneksel bir m\u00fcze olarak de\u011fil, ev bilgisayarlar\u0131n\u0131n tarihini \u00f6\u011frenmek ve deneyimlemek i\u00e7in canl\u0131 bir yer olarak g\u00f6r\u00fcyor. 2008 y\u0131l\u0131nda kurulan m\u00fczenin amac\u0131 sadece teknolojiyi sergilemek de\u011fil, onu elle tutulur hale getirmektir.<\/p>\n<p>Odak noktas\u0131 1970'lerden 1990'lara kadar bilgisayarlar, oyun konsollar\u0131 ve atari makineleridir - ba\u015fka bir deyi\u015fle, g\u00fcn\u00fcm\u00fcz dijital d\u00fcnyas\u0131n\u0131n bir\u00e7ok temelinin at\u0131ld\u0131\u011f\u0131 bir d\u00f6nemdir. \u00d6zelli\u011fi: Cihazlar kullan\u0131ma haz\u0131rd\u0131r ve a\u00e7\u0131k bir \u015fekilde kullan\u0131labilirler. Ziyaret\u00e7iler programlar\u0131 deneyebilir, oyunlar\u0131 ba\u015flatabilir ve eskiden bilgisayar kullanman\u0131n nas\u0131l bir his oldu\u011funu ilk elden deneyimleyebilirler.<\/p>\n<p><img loading=\"lazy\" decoding=\"async\" class=\"alignnone size-full wp-image-5492\" src=\"https:\/\/www.markus-schall.de\/wp-content\/uploads\/OCM-Arcade-Panorama.jpg\" alt=\"OCM: Arcade\" width=\"2048\" height=\"636\" srcset=\"https:\/\/www.markus-schall.de\/wp-content\/uploads\/OCM-Arcade-Panorama.jpg 1024w, https:\/\/www.markus-schall.de\/wp-content\/uploads\/OCM-Arcade-Panorama-300x93.jpg 300w, https:\/\/www.markus-schall.de\/wp-content\/uploads\/OCM-Arcade-Panorama-768x239.jpg 768w, https:\/\/www.markus-schall.de\/wp-content\/uploads\/OCM-Arcade-Panorama-18x6.jpg 18w\" sizes=\"auto, (max-width: 2048px) 100vw, 2048px\" \/><\/p>\n<p>M\u00fcze b\u00f6ylece ge\u00e7mi\u015f ile bug\u00fcn aras\u0131nda bir k\u00f6pr\u00fc kuruyor. Bu sadece nostaljik bir izleme de\u011fil, grafik ve bellekten i\u015fleyi\u015fe kadar teknik geli\u015fimi anlamakla ilgili. Fark\u0131 yaratan tam da bu interaktif yakla\u015f\u0131md\u0131r: tarihi teorik olarak de\u011fil, pratik olarak anlars\u0131n\u0131z.<\/p>\n<p>Bu da teknoloji tarihini do\u011frudan bir deneyime, eski cihazlar\u0131 da dijital g\u00fcn\u00fcm\u00fcz\u00fcn anla\u015f\u0131labilir bir par\u00e7as\u0131na d\u00f6n\u00fc\u015ft\u00fcr\u00fcyor.<\/p>\n<h2>Sonu\u00e7 - geriye ne kald\u0131<\/h2>\n<p>Bu geli\u015fmeye bakmak i\u00e7in zaman ay\u0131r\u0131rsan\u0131z, bir \u015feyi fark edeceksiniz: Bug\u00fcn apa\u00e7\u0131k g\u00f6r\u00fcnen \u015feylerin \u00e7o\u011fu birdenbire ortaya \u00e7\u0131kmad\u0131. B\u00fcy\u00fcd\u00fc. K\u00fc\u00e7\u00fck ad\u0131mlarla, uzun y\u0131llar boyunca.<\/p>\n<p>Atari Portfolio, ilk Mac'ler, PowerBook'lar ve hatta Newton gibi cihazlar m\u00fckemmelli\u011fi temsil etmez. Onlar deneyleri temsil eder. Bazen i\u015fe yarayan bazen de yaramayan fikirleri. Ancak bu tam da bug\u00fcn kulland\u0131\u011f\u0131m\u0131z cihazlara yol a\u00e7an \u015feydir.<\/p>\n<p>\u015eahsen benim i\u00e7in bu teknolojiye bak\u0131\u015f\u0131m de\u011fi\u015fti. Eskiden daha \u00e7ok yeni, daha h\u0131zl\u0131, daha g\u00fc\u00e7l\u00fc olanla ilgiliydi. Bug\u00fcn ise benim i\u00e7in her \u015feyin \u00e7al\u0131\u015f\u0131yor olmas\u0131 daha \u00f6nemli. G\u00fcvenilir olmalar\u0131. Onlara g\u00fcvenebilirim.<\/p>\n<p>Belki de baz\u0131 cihazlar\u0131 saklamam\u0131n nedeni de budur. Nesnel olarak en iyisi olduklar\u0131 i\u00e7in de\u011fil, belirli bir an\u0131 sembolize ettikleri i\u00e7in. Bir \u015feylerin de\u011fi\u015fti\u011fi bir evreyi. Bu t\u00fcr koleksiyonlar\u0131 - ister m\u00fczede ister evde olsun - ilgin\u00e7 k\u0131lan da tam olarak budur. Sadece cihazlar\u0131 g\u00f6stermezler. Geli\u015fmeleri g\u00f6steriyorlar. Bu arada, 15 y\u0131l \u00f6nce zaten bir <a href=\"https:\/\/www.markus-schall.de\/tr\/2011\/05\/oldenburg-bi%cc%87lgi%cc%87sayar-muezesi%cc%87nde-apple-bi%cc%87lgi%cc%87sayarlarinin-35-yili-sergi%cc%87si%cc%87\/\"><strong>Oldenburg Bilgisayar M\u00fczesi hakk\u0131nda makale<\/strong><\/a> Yaz\u0131l\u0131.<\/p>\n<p>Sonu\u00e7 olarak, belki de geriye basit bir d\u00fc\u015f\u00fcnce kal\u0131yor: her yenilik otomatik olarak ilerleme demek de\u011fildir. Ve eski olan her \u015fey de modas\u0131 ge\u00e7mi\u015f demek de\u011fildir.<\/p>\n<p>Bazen bir ad\u0131m geri atmaya de\u011fer - bug\u00fcn ger\u00e7ekte nerede durdu\u011funuzu daha iyi anlamak i\u00e7in.<\/p>\n<hr \/>\n\n\t\t\t<div class=\"display-post-types\">\n\n\t\t\t\t\t\t\t<style type=\"text\/css\">\n\t\t\t#dpt-wrapper-569 { --dpt-text-align: left;--dpt-image-crop: center;--dpt-border-radius: 5px;--dpt-h-gutter: 10px;--dpt-v-gutter: 9px; }\t\t\t<\/style>\n\t\t\t<style type=\"text\/css\">#dpt-wrapper-569 { --dpt-title-font-style:normal;--dpt-title-font-weight:600;--dpt-title-line-height:1.5;--dpt-title-text-decoration:none;--dpt-title-text-transform:none;--dpt-excerpt-font-style:normal;--dpt-excerpt-font-weight:400;--dpt-excerpt-line-height:1.5;--dpt-excerpt-text-decoration:none;--dpt-excerpt-text-transform:none;--dpt-meta1-font-style:normal;--dpt-meta1-font-weight:400;--dpt-meta1-line-height:1.9;--dpt-meta1-text-decoration:none;--dpt-meta1-text-transform:none;--dpt-meta2-font-style:normal;--dpt-meta2-font-weight:400;--dpt-meta2-line-height:1.9;--dpt-meta2-text-decoration:none;--dpt-meta2-text-transform:none; }<\/style><div class=\"dpt-main-header\">\n\t\t\t\t\t\t<div class=\"dpt-main-title\">\n\t\t\t\t\t\t\t<span class=\"dpt-main-title-text\">Yapay zeka \u00fczerine g\u00fcncel makaleler<\/span>\n\t\t\t\t\t\t<\/div>\n\t\t\t\t\t\t\n\t\t\t\t\t\t\n\t\t\t\t\t\t\n\t\t\t\t\t\t<\/div>\t\t\t\n\t\t\t\t<div id=\"dpt-wrapper-569\" class=\"dpt-wrapper dpt-mag1 land1 dpt-cropped dpt-flex-wrap\" >\n\n\t\t\t\t\t\t\t\t\t\t\t<div class=\"dpt-entry has-thumbnail\" data-title=\"k\u00fcnstliche intelligenz und energie: was der ki-boom wirklich kostet\" data-id=\"4590\"  data-category=\"allgemein hardware ki-systeme\" data-post_tag=\"energiepolitik europa geopolitik krisen k\u00fcnstliche intelligenz prozesse\">\n\t\t\t\t\t\t\t<div class=\"dpt-entry-wrapper\"><div class=\"dpt-featured-content\"><div class=\"dpt-permalink\"><a href=\"https:\/\/www.markus-schall.de\/tr\/2026\/01\/yapay-zeka-ve-enerji-ki-patlamasinin-gercek-maliyeti\/\" class=\"dpt-permalink\"><span class=\"screen-reader-text\">Yapay zeka ve enerji: Yapay zeka patlamas\u0131n\u0131n ger\u00e7ek maliyeti<\/span><\/a><\/div><div class=\"dpt-thumbnail\"><div class=\"dpt-thumbnail-inner\"><img width=\"1024\" height=\"683\" class=\"attachment-full size-full\" alt=\"Yapay zeka, enerji ve s\u00fcrd\u00fcr\u00fclebilirlik\" context=\"dpt\" data-dpt-src=\"https:\/\/www.markus-schall.de\/wp-content\/uploads\/KI-Energie-Nachhaltigkeit.jpg\" data-dpt-sizes=\"(max-width: 1024px) 100vw, 1024px\" data-dpt-srcset=\"https:\/\/www.markus-schall.de\/wp-content\/uploads\/KI-Energie-Nachhaltigkeit.jpg 1024w, https:\/\/www.markus-schall.de\/wp-content\/uploads\/KI-Energie-Nachhaltigkeit-300x200.jpg 300w, https:\/\/www.markus-schall.de\/wp-content\/uploads\/KI-Energie-Nachhaltigkeit-768x512.jpg 768w, https:\/\/www.markus-schall.de\/wp-content\/uploads\/KI-Energie-Nachhaltigkeit-18x12.jpg 18w\" \/><\/div><span class=\"dpt-thumbnail-aspect-ratio\" style=\"padding-top: 75%\"><\/span><\/div><\/div><div class=\"sub-entry\"><h3 class=\"dpt-title\"><a class=\"dpt-title-link\" href=\"https:\/\/www.markus-schall.de\/tr\/2026\/01\/yapay-zeka-ve-enerji-ki-patlamasinin-gercek-maliyeti\/\" rel=\"bookmark\">Yapay zeka ve enerji: Yapay zeka patlamas\u0131n\u0131n ger\u00e7ek maliyeti<\/a><\/h3><\/div><\/div>\n\t\t\t\t\t\t<\/div><!-- .dpt-entry -->\n\t\t\t\t\t\t\t\t\t\t\t\t<div class=\"dpt-entry has-thumbnail\" data-title=\"apple mlx vs. nvidia: so funktioniert lokale ki-inferenz auf dem mac\" data-id=\"3461\"  data-category=\"apple macos filemaker &amp; erp hardware ki-systeme\" data-post_tag=\"apple datenschutz filemaker k\u00fcnstliche intelligenz llama llm mac mistral mlx ollama sprachmodell\">\n\t\t\t\t\t\t\t<div class=\"dpt-entry-wrapper\"><div class=\"dpt-featured-content\"><div class=\"dpt-permalink\"><a href=\"https:\/\/www.markus-schall.de\/tr\/2025\/11\/apple-mlx-vs-nvidia-macte-yerel-ki-cikarimi-nasil-calisir\/\" class=\"dpt-permalink\"><span class=\"screen-reader-text\">Apple MLX vs. NVIDIA: Mac'te yerel yapay zeka \u00e7\u0131kar\u0131m\u0131 nas\u0131l \u00e7al\u0131\u015f\u0131r?<\/span><\/a><\/div><div class=\"dpt-thumbnail\"><div class=\"dpt-thumbnail-inner\"><img width=\"1024\" height=\"683\" class=\"attachment-full size-full\" alt=\"Apple Mac ile Silicon \u00fczerinde yerel yapay zeka\" context=\"dpt\" data-dpt-src=\"https:\/\/www.markus-schall.de\/wp-content\/uploads\/Lokales-Sprachmodell-apple-mac-studio.jpg\" data-dpt-sizes=\"(max-width: 1024px) 100vw, 1024px\" data-dpt-srcset=\"https:\/\/www.markus-schall.de\/wp-content\/uploads\/Lokales-Sprachmodell-apple-mac-studio.jpg 1024w, https:\/\/www.markus-schall.de\/wp-content\/uploads\/Lokales-Sprachmodell-apple-mac-studio-300x200.jpg 300w, https:\/\/www.markus-schall.de\/wp-content\/uploads\/Lokales-Sprachmodell-apple-mac-studio-768x512.jpg 768w, https:\/\/www.markus-schall.de\/wp-content\/uploads\/Lokales-Sprachmodell-apple-mac-studio-18x12.jpg 18w\" \/><\/div><span class=\"dpt-thumbnail-aspect-ratio\" style=\"padding-top: 75%\"><\/span><\/div><\/div><div class=\"sub-entry\"><h3 class=\"dpt-title\"><a class=\"dpt-title-link\" href=\"https:\/\/www.markus-schall.de\/tr\/2025\/11\/apple-mlx-vs-nvidia-macte-yerel-ki-cikarimi-nasil-calisir\/\" rel=\"bookmark\">Apple MLX vs. NVIDIA: Mac'te yerel yapay zeka \u00e7\u0131kar\u0131m\u0131 nas\u0131l \u00e7al\u0131\u015f\u0131r?<\/a><\/h3><\/div><\/div>\n\t\t\t\t\t\t<\/div><!-- .dpt-entry -->\n\t\t\t\t\t\t\t\t\t\t\t\t<div class=\"dpt-entry has-thumbnail\" data-title=\"wenn der mac zuh\u00f6rt: was apples integrierte ki mit gemini und siri k\u00fcnftig f\u00fcr nutzer bedeutet\" data-id=\"4813\"  data-category=\"apple iphone &amp; ipad apple macos ki-systeme\" data-post_tag=\"apple datenlogik datenschutz k\u00fcnstliche intelligenz llm mac prozesse sprachmodell\">\n\t\t\t\t\t\t\t<div class=\"dpt-entry-wrapper\"><div class=\"dpt-featured-content\"><div class=\"dpt-permalink\"><a href=\"https:\/\/www.markus-schall.de\/tr\/2026\/02\/mac-applein-gemini-ve-siri-i%cc%87le-entegre-kini%cc%87n-gelecekte-kullanicilar-i%cc%87ci%cc%87n-ne-anlama-gelecegi%cc%87ni%cc%87-di%cc%87nlerse\/\" class=\"dpt-permalink\"><span class=\"screen-reader-text\">Mac dinledi\u011finde: Apple'nin Gemini ve Siri ile entegre yapay zekas\u0131 gelecekte kullan\u0131c\u0131lar i\u00e7in ne anlama gelecek?<\/span><\/a><\/div><div class=\"dpt-thumbnail\"><div class=\"dpt-thumbnail-inner\"><img width=\"1024\" height=\"683\" class=\"attachment-full size-full\" alt=\"Apple, Siri ve Gemini\" context=\"dpt\" data-dpt-src=\"https:\/\/www.markus-schall.de\/wp-content\/uploads\/Apple-Siri-Gemini.jpg\" data-dpt-sizes=\"(max-width: 1024px) 100vw, 1024px\" data-dpt-srcset=\"https:\/\/www.markus-schall.de\/wp-content\/uploads\/Apple-Siri-Gemini.jpg 1024w, https:\/\/www.markus-schall.de\/wp-content\/uploads\/Apple-Siri-Gemini-300x200.jpg 300w, https:\/\/www.markus-schall.de\/wp-content\/uploads\/Apple-Siri-Gemini-768x512.jpg 768w, https:\/\/www.markus-schall.de\/wp-content\/uploads\/Apple-Siri-Gemini-18x12.jpg 18w\" \/><\/div><span class=\"dpt-thumbnail-aspect-ratio\" style=\"padding-top: 75%\"><\/span><\/div><\/div><div class=\"sub-entry\"><h3 class=\"dpt-title\"><a class=\"dpt-title-link\" href=\"https:\/\/www.markus-schall.de\/tr\/2026\/02\/mac-applein-gemini-ve-siri-i%cc%87le-entegre-kini%cc%87n-gelecekte-kullanicilar-i%cc%87ci%cc%87n-ne-anlama-gelecegi%cc%87ni%cc%87-di%cc%87nlerse\/\" rel=\"bookmark\">Mac dinledi\u011finde: Apple'nin Gemini ve Siri ile entegre yapay zekas\u0131 gelecekte kullan\u0131c\u0131lar i\u00e7in ne anlama gelecek?<\/a><\/h3><\/div><\/div>\n\t\t\t\t\t\t<\/div><!-- .dpt-entry -->\n\t\t\t\t\t\t\t\t\t\t\t\t<div class=\"dpt-entry has-thumbnail\" data-title=\"die neuen eu-zensurgesetze: was chatcontrol, dsa, emfa und der ai act bedeuten\" data-id=\"3586\"  data-category=\"allgemein gesellschaft ki-systeme\" data-post_tag=\"datenschutz digitales eigentum eu-gesetze europa k\u00fcnstliche intelligenz llm meinungsfreiheit spieltheorie sprachmodell\">\n\t\t\t\t\t\t\t<div class=\"dpt-entry-wrapper\"><div class=\"dpt-featured-content\"><div class=\"dpt-permalink\"><a href=\"https:\/\/www.markus-schall.de\/tr\/2025\/11\/yeni%cc%87-ab-sansuer-yasalari-chatcontrol-dsa-emfa-ve-ai-yasasi-ne-anlama-geli%cc%87yor\/\" class=\"dpt-permalink\"><span class=\"screen-reader-text\">Yeni AB sans\u00fcr yasalar\u0131: Chatcontrol, DSA, EMFA ve AI Yasas\u0131 ne anlama geliyor?<\/span><\/a><\/div><div class=\"dpt-thumbnail\"><div class=\"dpt-thumbnail-inner\"><img width=\"1024\" height=\"683\" class=\"attachment-full size-full\" alt=\"AB sans\u00fcr yasalar\u0131\" context=\"dpt\" data-dpt-src=\"https:\/\/www.markus-schall.de\/wp-content\/uploads\/eu-zensurgesetze.jpg\" data-dpt-sizes=\"(max-width: 1024px) 100vw, 1024px\" data-dpt-srcset=\"https:\/\/www.markus-schall.de\/wp-content\/uploads\/eu-zensurgesetze.jpg 1024w, https:\/\/www.markus-schall.de\/wp-content\/uploads\/eu-zensurgesetze-300x200.jpg 300w, https:\/\/www.markus-schall.de\/wp-content\/uploads\/eu-zensurgesetze-768x512.jpg 768w, https:\/\/www.markus-schall.de\/wp-content\/uploads\/eu-zensurgesetze-18x12.jpg 18w\" \/><\/div><span class=\"dpt-thumbnail-aspect-ratio\" style=\"padding-top: 75%\"><\/span><\/div><\/div><div class=\"sub-entry\"><h3 class=\"dpt-title\"><a class=\"dpt-title-link\" href=\"https:\/\/www.markus-schall.de\/tr\/2025\/11\/yeni%cc%87-ab-sansuer-yasalari-chatcontrol-dsa-emfa-ve-ai-yasasi-ne-anlama-geli%cc%87yor\/\" rel=\"bookmark\">Yeni AB sans\u00fcr yasalar\u0131: Chatcontrol, DSA, EMFA ve AI Yasas\u0131 ne anlama geliyor?<\/a><\/h3><\/div><\/div>\n\t\t\t\t\t\t<\/div><!-- .dpt-entry -->\n\t\t\t\t\t\t\n\t\t\t\t<\/div>\n\t\t\t\t\t\t<\/div>\n\t\t\t\n<hr \/>\n<h2>S\u0131k\u00e7a sorulan sorular<\/h2>\n<ol>\n<li><strong>Eski bilgisayar cihazlar\u0131ndan olu\u015fan koleksiyonunuz ilk olarak nas\u0131l ortaya \u00e7\u0131kt\u0131?<\/strong><br \/>\nKoleksiyon \u00f6zellikle bir \u201em\u00fcze\u201c olarak olu\u015fturulmad\u0131, ancak uzun y\u0131llar boyunca geli\u015fti. Bir\u00e7ok cihaz, ister profesyonel ister \u00f6zel olsun, aktif olarak kullan\u0131ld\u0131klar\u0131 d\u00f6nemlerden kaynaklanmaktad\u0131r. Di\u011ferleri ise teknik a\u00e7\u0131dan ilgin\u00e7 olduklar\u0131 ya da \u00f6zel bir ge\u00e7mi\u015fe sahip olduklar\u0131 i\u00e7in sonradan eklenmi\u015ftir. Zamanla, baz\u0131 cihazlar\u0131 art\u0131k vermek istemedi\u011finizi, ancak bilin\u00e7li olarak saklad\u0131\u011f\u0131n\u0131z\u0131 fark ediyorsunuz. Geleneksel anlamda bir koleksiyon tutkusundan de\u011fil, belirli geli\u015fmeleri sembolize ettikleri i\u00e7in. Bir noktada bu, eski donan\u0131mlardan olu\u015fan bir koleksiyondan daha fazlas\u0131 olan bir koleksiyonla sonu\u00e7lan\u0131r.<\/li>\n<li><strong>Makale neden do\u011frudan Apple ile de\u011fil de Atari portf\u00f6y\u00fc ile ba\u015fl\u0131yor?<\/strong><br \/>\nAtari Portf\u00f6y\u00fc bilin\u00e7li olarak se\u00e7ilmi\u015f bir giri\u015f noktas\u0131d\u0131r \u00e7\u00fcnk\u00fc \u00f6nemli bir kar\u015f\u0131tl\u0131\u011f\u0131 temsil etmektedir. Mobil bilgisayar fikrinin Apple'den \u00f6nce ilkel bir bi\u00e7imde zaten var oldu\u011funu g\u00f6stermektedir - \u00e7ok i\u015flevsel, indirgenmi\u015f bir \u015fekilde de olsa. Ancak bu kar\u015f\u0131la\u015ft\u0131rma sayesinde Apple'nin daha sonra hangi farkl\u0131 yolu izledi\u011fi anla\u015f\u0131labilir. Portf\u00f6y \u00fczerinden yap\u0131lan giri\u015f, geli\u015fimi daha anla\u015f\u0131l\u0131r k\u0131lmakta ve makalenin salt bir Apple incelemesi olarak g\u00f6r\u00fclmesini engellemektedir.<\/li>\n<li><strong>O zamanlar Atari portf\u00f6y\u00fcn\u00fc bu kadar \u00f6zel k\u0131lan neydi?<\/strong><br \/>\nAtari Portfolio, herhangi bir ek aksesuar olmadan kullan\u0131labilen ilk ger\u00e7ek ta\u015f\u0131nabilir bilgisayarlardan biriydi. Ceket cebine s\u0131\u011f\u0131yor, ba\u011f\u0131ms\u0131z olarak \u00e7al\u0131\u015f\u0131yor ve kelime i\u015flem veya programlama gibi basit ofis uygulamalar\u0131n\u0131 m\u00fcmk\u00fcn k\u0131l\u0131yordu. Bug\u00fcn\u00fcn standartlar\u0131na g\u00f6re pek dikkat \u00e7ekici g\u00f6r\u00fcnmese de o zamanlar mobil kullan\u0131m i\u00e7in b\u00fcy\u00fck bir ad\u0131md\u0131. Hepsinden \u00f6nemlisi, sabit bir i\u015f istasyonundan ba\u011f\u0131ms\u0131zl\u0131k yeni bir \u015feydi ve bilgisayarlara bak\u0131\u015f a\u00e7\u0131m\u0131z\u0131 tamamen de\u011fi\u015ftirdi.<\/li>\n<li><strong>\u0130lk Apple hesap makinesi ile ba\u015flang\u0131\u00e7ta neden olumsuz bir deneyim ya\u015fad\u0131n\u0131z?<\/strong><br \/>\nKa\u011f\u0131t \u00fczerinde Performa 5200, PowerPC i\u015flemcili modern bir bilgisayard\u0131. Ancak pratikte, beklendi\u011fi kadar h\u0131zl\u0131 hissettirmiyordu. \u00d6zellikle eski sistemlerle kar\u015f\u0131la\u015ft\u0131r\u0131ld\u0131\u011f\u0131nda pek \u00e7ok \u015fey daha yava\u015f g\u00f6r\u00fcn\u00fcyordu. Teknik yenilik ile ger\u00e7ek kullan\u0131c\u0131 deneyimi aras\u0131ndaki bu tutars\u0131zl\u0131k bi\u00e7imlendiriciydi. Bu, yeni teknolojilerin otomatik olarak ilerleme olarak alg\u0131lanmad\u0131\u011f\u0131, ancak her zaman g\u00fcnl\u00fck kullan\u0131mda test edilmesi gerekti\u011fi anlam\u0131na geliyordu.<\/li>\n<li><strong>Quadra 840AV'yi sizin i\u00e7in Performa'dan daha iyi yapan neydi?<\/strong><br \/>\nQuadra 840AV teknik olarak daha eski olmas\u0131na ra\u011fmen, g\u00fcnl\u00fck kullan\u0131mda \u00e7ok daha do\u011frudan ve kararl\u0131yd\u0131. Tepki h\u0131z\u0131, kullan\u0131m s\u0131ras\u0131ndaki genel his - t\u00fcm bunlar daha ikna ediciydi. Saf performans verilerinden \u00e7ok, donan\u0131m ve yaz\u0131l\u0131m aras\u0131ndaki etkile\u015fimle ilgiliydi. \u00c7o\u011fu zaman bireysel teknik yeniliklerden daha belirleyici olan tam da bu etkile\u015fimdir.<\/li>\n<li><strong>PowerBook'lar geli\u015ftirme i\u00e7in neden bu kadar \u00f6nemli?<\/strong><br \/>\nPowerBook'lar, her model tamamen yeni bir ba\u015flang\u0131\u00e7 olmaks\u0131z\u0131n teknolojinin birka\u00e7 nesil boyunca nas\u0131l geli\u015fti\u011fini \u00e7ok iyi g\u00f6stermektedir. Muhafaza, \u00e7al\u0131\u015fma ve yap\u0131da yap\u0131lan k\u00fc\u00e7\u00fck ayarlamalar, cihazlar\u0131n g\u00fcnl\u00fck kullan\u0131mda giderek daha iyi hale gelmesini sa\u011flam\u0131\u015ft\u0131r. Bu t\u00fcr bir evrim b\u00fcy\u00fck s\u0131\u00e7ramalardan daha az dikkat \u00e7ekicidir, ancak genellikle uzun vadede daha s\u00fcrd\u00fcr\u00fclebilirdir.<\/li>\n<li><strong>Newton'un arkas\u0131ndaki fikir neydi ve neden ba\u015far\u0131s\u0131z oldu?<\/strong><br \/>\nNewton, el yaz\u0131s\u0131 tan\u0131ma, randevu y\u00f6netimi ve mobil kullan\u0131m \u00f6zelliklerine sahip ki\u015fisel bir dijital asistan olacakt\u0131. Bu fikir zaman\u0131n\u0131n \u00e7ok \u00f6tesindeydi. Sorun konseptten ziyade hayata ge\u00e7irilmesinde yat\u0131yordu. Teknoloji hen\u00fcz yeterince olgunla\u015fmam\u0131\u015ft\u0131, i\u015fleyi\u015f pek \u00e7ok ki\u015fi i\u00e7in yabanc\u0131yd\u0131 ve beklentiler her zaman kar\u015f\u0131lanmad\u0131. Ge\u00e7mi\u015fe bak\u0131ld\u0131\u011f\u0131nda, Newton bir ba\u015far\u0131s\u0131zl\u0131k de\u011fil, erken bir giri\u015fimdi.<\/li>\n<li><strong>Siemens Notephone'u bu kadar \u00f6zel yapan nedir?<\/strong><br \/>\nSiemens Notephone \u00f6zeldir \u00e7\u00fcnk\u00fc Apple teknolojisi ile ba\u015fka bir \u00fcreticinin birle\u015fimidir. Newton teknolojisine dayan\u0131r, ancak klasik bir Apple cihaz\u0131 olarak g\u00f6r\u00fcnmez. Bu t\u00fcr hibrid geli\u015fmeler nadirdir ve o d\u00f6nemde teknoloji ortam\u0131n\u0131n ne kadar a\u00e7\u0131k oldu\u011funu g\u00f6sterir. Buna ek olarak, cihaz yayg\u0131n olarak kullan\u0131lmamaktad\u0131r, bu da onu bug\u00fcn ger\u00e7ekten benzersiz bir \u00fcr\u00fcn haline getirmektedir.<\/li>\n<li><strong>Cihazlar\u0131n hissiyat\u0131na neden bu kadar \u00f6nem veriyorsunuz?<\/strong><br \/>\nHaptikler genellikle hafife al\u0131nan bir \u00f6zelliktir. Bir cihaz\u0131n g\u00fcnl\u00fck kullan\u0131mda nas\u0131l hissettirdi\u011fini belirler. A\u011f\u0131rl\u0131k, malzemeler, d\u00fc\u011fmeler - t\u00fcm bunlar\u0131n kullan\u0131m \u00fczerinde ba\u015flang\u0131\u00e7ta d\u00fc\u015f\u00fcnd\u00fc\u011f\u00fcn\u00fczden daha b\u00fcy\u00fck bir etkisi vard\u0131r. \u00d6zellikle eski cihazlarda, farkl\u0131 \u015fekilde \u00fcretildiklerini fark edersiniz. Mutlaka daha iyi ya da daha k\u00f6t\u00fc de\u011fil, ama farkl\u0131 bir ama\u00e7la.<\/li>\n<li><strong>G4 Cube ile Apple'de neler de\u011fi\u015fti?<\/strong><br \/>\nG4 Cube ile Apple'nin tasar\u0131m\u0131 ba\u015fl\u0131 ba\u015f\u0131na bir fakt\u00f6r olarak g\u00f6rmeye ba\u015flad\u0131\u011f\u0131 anla\u015f\u0131ld\u0131. Bilgisayar sadece bir ara\u00e7 de\u011fil, ayn\u0131 zamanda bir nesneydi. Bi\u00e7im, malzemeler ve sunum \u00f6n plana \u00e7\u0131kt\u0131. Bu, saf i\u015flevden bilin\u00e7li bir teknoloji tasar\u0131m\u0131na do\u011fru at\u0131lan bir ad\u0131md\u0131.<\/li>\n<li><strong>iBook G4 neden \u00f6nemli bir ge\u00e7i\u015f oldu?<\/strong><br \/>\niBook G4, bilgisayarlar\u0131n nihayet g\u00fcnl\u00fck hayata girdi\u011fi an\u0131 simgelemektedir. Daha eri\u015filebilir, daha az teknik bir g\u00f6r\u00fcn\u00fcme sahipti ve bu nedenle daha geni\u015f bir hedef kitle i\u00e7in uygundu. Ayn\u0131 zamanda, modern cihazlar\u0131n bir\u00e7ok unsurunu \u00f6ng\u00f6r\u00fcyordu. Eski Apple d\u00fcnyas\u0131n\u0131, daha sonra do\u011fal bir mesele haline gelen \u015feyle birle\u015ftirdi.<\/li>\n<li><strong>Neden Apple ve Windows aras\u0131nda ge\u00e7i\u015f yapt\u0131n\u0131z?<\/strong><br \/>\nDe\u011fi\u015fim \u00e7o\u011funlukla pragmatikti. Ortama ve gereksinimlere ba\u011fl\u0131 olarak, bir sistem veya di\u011feri daha mant\u0131kl\u0131yd\u0131. Bu de\u011fi\u015fiklikler size her iki d\u00fcnya hakk\u0131nda daha geni\u015f bir bak\u0131\u015f a\u00e7\u0131s\u0131 kazand\u0131r\u0131r. Bir tarafa ba\u011fl\u0131 kalmadan g\u00fc\u00e7l\u00fc ve zay\u0131f y\u00f6nleri tan\u0131may\u0131 \u00f6\u011frenirsiniz. Bu deneyim \u00e7o\u011fu zaman net bir ba\u011fl\u0131l\u0131ktan daha de\u011ferlidir.<\/li>\n<li><strong>Windows y\u00f6neticisi olarak ge\u00e7irdi\u011finiz zamandan ne \u00f6\u011frendiniz?<\/strong><br \/>\nY\u00f6netici olarak \u00e7al\u0131\u015fmak, bug\u00fcn hala yararl\u0131 olan temel bir teknik anlay\u0131\u015f yaratt\u0131. Yaln\u0131zca sistemleri kullanmay\u0131 de\u011fil, ayn\u0131 zamanda onlar\u0131 anlamay\u0131 da \u00f6\u011frenirsiniz. Sorunlar\u0131 analiz etmeyi, korelasyonlar\u0131 tan\u0131may\u0131 ve \u00e7\u00f6z\u00fcmler geli\u015ftirmeyi. Bu bilgi di\u011fer platformlarla u\u011fra\u015f\u0131rken de yard\u0131mc\u0131 olur.<\/li>\n<li><strong>Bug\u00fcn neden hala a\u011f\u0131rl\u0131kl\u0131 olarak Apple ile \u00e7al\u0131\u015f\u0131yorsunuz?<\/strong><br \/>\nY\u0131llar ge\u00e7tik\u00e7e, Apple'deki donan\u0131m ve yaz\u0131l\u0131m kombinasyonunun g\u00fcnl\u00fck i\u015flerim i\u00e7in en iyi sonucu verdi\u011fi a\u00e7\u0131k\u00e7a ortaya \u00e7\u0131kt\u0131. Sistemler istikrarl\u0131, iyi entegre edilmi\u015f ve verimli bir \u015fekilde kullan\u0131labiliyor. Bu m\u00fckemmel olduklar\u0131 anlam\u0131na gelmiyor, ancak genel olarak gereksinimlerim i\u00e7in en uygun olan\u0131.<\/li>\n<li><strong>Apple ile \u201ea\u015fk-nefret ili\u015fkisi\u201c derken neyi kastediyorsunuz?<\/strong><br \/>\n\u201eA\u015fk-nefret ili\u015fkisi\u201c tan\u0131nma ve ele\u015ftiri aras\u0131ndaki gerilimi tan\u0131mlar. Bir yandan \u00fcr\u00fcnler teknik a\u00e7\u0131dan ikna ediciyken, di\u011fer yandan \u015firket \u00f6nemli \u00f6l\u00e7\u00fcde de\u011fi\u015fmi\u015ftir. S\u00fcre\u00e7ler daha standart hale gelmi\u015f, kararlar genellikle daha ticari hale gelmi\u015ftir. \u0130nsanlar cihazlarla \u00e7al\u0131\u015fmaktan keyif al\u0131yor, ancak ayn\u0131 zamanda geli\u015fmelere ele\u015ftirel bir g\u00f6zle bak\u0131yor.<\/li>\n<li><strong>\u0130\u015fletim sisteminizi g\u00fcncellemek konusunda neden isteksizsiniz?<\/strong><br \/>\n\u0130stikrar benim i\u00e7in s\u00fcrekli yeniliklerden daha \u00f6nemli. E\u011fer bir sistem g\u00fcvenilir bir \u015fekilde \u00e7al\u0131\u015f\u0131yorsa, onu hemen de\u011fi\u015ftirmek i\u00e7in bir neden g\u00f6remiyorum. G\u00fcncellemeler yaln\u0131zca iyile\u015ftirmeler de\u011fil, ayn\u0131 zamanda yeni hatalar veya de\u011fi\u015fiklikler de getiriyor. Bu y\u00fczden kas\u0131tl\u0131 olarak bekliyorum ve yeni s\u00fcr\u00fcmleri yaln\u0131zca kendilerini kan\u0131tlad\u0131ktan sonra kullan\u0131yorum.<\/li>\n<li><strong>\u201eApple senin arkada\u015f\u0131n de\u011fil\u201c c\u00fcmlesi ne anlama geliyor?<\/strong><br \/>\nBu c\u00fcmle pratikten gelmektedir ve ciddi bir ger\u00e7e\u011fi anlatmaktad\u0131r. Apple ekonomik \u00e7\u0131karlar\u0131 olan bir \u015firkettir, ki\u015fisel bir ortak de\u011fildir. Bunu anlayanlar kararlar\u0131 daha iyi kategorize edebilir ve daha ger\u00e7ek\u00e7i beklentiler geli\u015ftirebilir. Bu da hayal k\u0131r\u0131kl\u0131\u011f\u0131n\u0131 \u00f6nlemeye yard\u0131mc\u0131 olur.<\/li>\n<li><strong>Apple'nin gelece\u011fini, \u00f6zellikle de yapay zeka sekt\u00f6r\u00fcnde nas\u0131l g\u00f6r\u00fcyorsunuz?<\/strong><br \/>\nApple kendi i\u015flemcileri ile \u00e7ok iyi bir temel olu\u015fturmu\u015ftur. Donan\u0131m ve yaz\u0131l\u0131m\u0131n entegrasyonu, \u00f6zellikle yerel yapay zeka uygulamalar\u0131 i\u00e7in ilgin\u00e7 olan g\u00fc\u00e7l\u00fc sistemler sa\u011fl\u0131yor. Burada b\u00fcy\u00fck bir potansiyel g\u00f6r\u00fcyorum, \u00e7\u00fcnk\u00fc Apple rakiplerinin \u00e7o\u011fundan farkl\u0131 bir yakla\u015f\u0131m benimsiyor.<\/li>\n<li><strong>Oldenburg Bilgisayar M\u00fczesi'ni ziyaret etmeye neden de\u011fer?<\/strong><br \/>\nM\u00fcze, teknolojiyi yaln\u0131zca g\u00f6rme de\u011fil, ayn\u0131 zamanda deneyimleme f\u0131rsat\u0131 da sunuyor. Bir\u00e7ok cihaz i\u015flevseldir ve do\u011frudan denenebilir. Bu da bilgisayar teknolojisinin geli\u015fimine dair tamamen farkl\u0131 bir anlay\u0131\u015f yarat\u0131yor. Apple sergisi, bu konuya daha yak\u0131ndan bakmak i\u00e7in ek bir neden.<\/li>\n<li><strong>Bilgisayarlar\u0131n tarihinden bug\u00fcn i\u00e7in ne \u00f6\u011frenebiliriz?<\/strong><br \/>\nBelki de en \u00f6nemli fark\u0131ndal\u0131k, ilerlemenin nadiren d\u00fcz bir \u00e7izgi izledi\u011fidir. Pek \u00e7ok fikir ba\u015flang\u0131\u00e7ta ortaya \u00e7\u0131kar, tekrar kaybolur ve daha sonra geli\u015ftirilmi\u015f bir bi\u00e7imde geri gelir. Ge\u00e7mi\u015fe bakmak, mevcut geli\u015fmeleri daha iyi kategorize etmemize ve her yenili\u011fi hemen g\u00f6z\u00fcm\u00fczde b\u00fcy\u00fctmememize yard\u0131mc\u0131 olur.<\/li>\n<\/ol>\n<hr \/>\n\n\t\t\t<div class=\"display-post-types\">\n\n\t\t\t\t\t\t\t<style type=\"text\/css\">\n\t\t\t#dpt-wrapper-570 { --dpt-text-align: left;--dpt-image-crop: center;--dpt-border-radius: 5px;--dpt-h-gutter: 10px;--dpt-v-gutter: 9px; }\t\t\t<\/style>\n\t\t\t<style type=\"text\/css\">#dpt-wrapper-570 { --dpt-title-font-style:normal;--dpt-title-font-weight:600;--dpt-title-line-height:1.5;--dpt-title-text-decoration:none;--dpt-title-text-transform:none;--dpt-excerpt-font-style:normal;--dpt-excerpt-font-weight:400;--dpt-excerpt-line-height:1.5;--dpt-excerpt-text-decoration:none;--dpt-excerpt-text-transform:none;--dpt-meta1-font-style:normal;--dpt-meta1-font-weight:400;--dpt-meta1-line-height:1.9;--dpt-meta1-text-decoration:none;--dpt-meta1-text-transform:none;--dpt-meta2-font-style:normal;--dpt-meta2-font-weight:400;--dpt-meta2-line-height:1.9;--dpt-meta2-text-decoration:none;--dpt-meta2-text-transform:none; }<\/style><div class=\"dpt-main-header\">\n\t\t\t\t\t\t<div class=\"dpt-main-title\">\n\t\t\t\t\t\t\t<span class=\"dpt-main-title-text\">Sanat ve k\u00fclt\u00fcr \u00fczerine g\u00fcncel makaleler<\/span>\n\t\t\t\t\t\t<\/div>\n\t\t\t\t\t\t\n\t\t\t\t\t\t\n\t\t\t\t\t\t\n\t\t\t\t\t\t<\/div>\t\t\t\n\t\t\t\t<div id=\"dpt-wrapper-570\" class=\"dpt-wrapper dpt-mag1 land1 dpt-cropped dpt-flex-wrap\" >\n\n\t\t\t\t\t\t\t\t\t\t\t<div class=\"dpt-entry has-thumbnail\" data-title=\"cancel culture im westen: sport, universit\u00e4ten, milit\u00e4r und eu-sanktionen analysiert\" data-id=\"5009\"  data-category=\"allgemein gesellschaft kunst &amp; kultur\" data-post_tag=\"denkmodelle deutschland europa geopolitik krisen meinungsfreiheit sicherheitspolitik spieltheorie\">\n\t\t\t\t\t\t\t<div class=\"dpt-entry-wrapper\"><div class=\"dpt-featured-content\"><div class=\"dpt-permalink\"><a href=\"https:\/\/www.markus-schall.de\/tr\/2026\/02\/batida-i%cc%87ptal-kueltuerue-spor-ueni%cc%87versi%cc%87teleri%cc%87-askeri%cc%87-ve-ab-yaptirimlari-anali%cc%87z-edi%cc%87ldi%cc%87\/\" class=\"dpt-permalink\"><span class=\"screen-reader-text\">\u0130ptal Bat\u0131'da k\u00fclt\u00fcr: spor, \u00fcniversiteler, ordu ve AB yapt\u0131r\u0131mlar\u0131 analiz edildi<\/span><\/a><\/div><div class=\"dpt-thumbnail\"><div class=\"dpt-thumbnail-inner\"><img width=\"1024\" height=\"683\" class=\"attachment-full size-full\" alt=\"Bat\u0131&#039;da K\u00fclt\u00fcr\u00fc \u0130ptal Et\" context=\"dpt\" data-dpt-src=\"https:\/\/www.markus-schall.de\/wp-content\/uploads\/Cancel-Culture-Westen.jpg\" data-dpt-sizes=\"(max-width: 1024px) 100vw, 1024px\" data-dpt-srcset=\"https:\/\/www.markus-schall.de\/wp-content\/uploads\/Cancel-Culture-Westen.jpg 1024w, https:\/\/www.markus-schall.de\/wp-content\/uploads\/Cancel-Culture-Westen-300x200.jpg 300w, https:\/\/www.markus-schall.de\/wp-content\/uploads\/Cancel-Culture-Westen-768x512.jpg 768w, https:\/\/www.markus-schall.de\/wp-content\/uploads\/Cancel-Culture-Westen-18x12.jpg 18w\" \/><\/div><span class=\"dpt-thumbnail-aspect-ratio\" style=\"padding-top: 75%\"><\/span><\/div><\/div><div class=\"sub-entry\"><h3 class=\"dpt-title\"><a class=\"dpt-title-link\" href=\"https:\/\/www.markus-schall.de\/tr\/2026\/02\/batida-i%cc%87ptal-kueltuerue-spor-ueni%cc%87versi%cc%87teleri%cc%87-askeri%cc%87-ve-ab-yaptirimlari-anali%cc%87z-edi%cc%87ldi%cc%87\/\" rel=\"bookmark\">\u0130ptal Bat\u0131'da k\u00fclt\u00fcr: spor, \u00fcniversiteler, ordu ve AB yapt\u0131r\u0131mlar\u0131 analiz edildi<\/a><\/h3><\/div><\/div>\n\t\t\t\t\t\t<\/div><!-- .dpt-entry -->\n\t\t\t\t\t\t\t\t\t\t\t\t<div class=\"dpt-entry has-thumbnail\" data-title=\"dieter hallervorden \u2013 mehr als didi: portr\u00e4t eines unbequemen freigeists\" data-id=\"4347\"  data-category=\"gesellschaft kunst &amp; kultur stories &amp; humor\" data-post_tag=\"erfahrungen meinungsfreiheit musik portrait\">\n\t\t\t\t\t\t\t<div class=\"dpt-entry-wrapper\"><div class=\"dpt-featured-content\"><div class=\"dpt-permalink\"><a href=\"https:\/\/www.markus-schall.de\/tr\/2026\/01\/dieter-hallervorden-more-than-didi-rahatsiz-bi%cc%87r-oezguer-ruhun-portresi%cc%87\/\" class=\"dpt-permalink\"><span class=\"screen-reader-text\">Dieter Hallervorden - Didi'den Daha Fazlas\u0131: Rahats\u0131z Bir \u00d6zg\u00fcr Ruhun Portresi<\/span><\/a><\/div><div class=\"dpt-thumbnail\"><div class=\"dpt-thumbnail-inner\"><img width=\"1024\" height=\"683\" class=\"attachment-full size-full\" alt=\"Dieter Hallervorden ve Berlin&#039;deki W\u00fchlm\u00e4use\" context=\"dpt\" data-dpt-src=\"https:\/\/www.markus-schall.de\/wp-content\/uploads\/Dieter-Hallvervorden-Wuehlmaeuse.jpg\" data-dpt-sizes=\"(max-width: 1024px) 100vw, 1024px\" data-dpt-srcset=\"https:\/\/www.markus-schall.de\/wp-content\/uploads\/Dieter-Hallvervorden-Wuehlmaeuse.jpg 1024w, https:\/\/www.markus-schall.de\/wp-content\/uploads\/Dieter-Hallvervorden-Wuehlmaeuse-300x200.jpg 300w, https:\/\/www.markus-schall.de\/wp-content\/uploads\/Dieter-Hallvervorden-Wuehlmaeuse-768x512.jpg 768w, https:\/\/www.markus-schall.de\/wp-content\/uploads\/Dieter-Hallvervorden-Wuehlmaeuse-18x12.jpg 18w\" \/><\/div><span class=\"dpt-thumbnail-aspect-ratio\" style=\"padding-top: 75%\"><\/span><\/div><\/div><div class=\"sub-entry\"><h3 class=\"dpt-title\"><a class=\"dpt-title-link\" href=\"https:\/\/www.markus-schall.de\/tr\/2026\/01\/dieter-hallervorden-more-than-didi-rahatsiz-bi%cc%87r-oezguer-ruhun-portresi%cc%87\/\" rel=\"bookmark\">Dieter Hallervorden - Didi'den Daha Fazlas\u0131: Rahats\u0131z Bir \u00d6zg\u00fcr Ruhun Portresi<\/a><\/h3><\/div><\/div>\n\t\t\t\t\t\t<\/div><!-- .dpt-entry -->\n\t\t\t\t\t\t\t\t\t\t\t\t<div class=\"dpt-entry has-thumbnail\" data-title=\"iran verstehen: alltag, proteste und interessen jenseits der schlagzeilen\" data-id=\"4462\"  data-category=\"allgemein gesellschaft kunst &amp; kultur\" data-post_tag=\"erfahrungen europa geopolitik krisen meinungsfreiheit sicherheitspolitik spieltheorie\">\n\t\t\t\t\t\t\t<div class=\"dpt-entry-wrapper\"><div class=\"dpt-featured-content\"><div class=\"dpt-permalink\"><a href=\"https:\/\/www.markus-schall.de\/tr\/2026\/01\/i%cc%87rani-anlamak-mansetleri%cc%87n-oetesi%cc%87nde-guenluek-yasam-protestolar-ve-cikarlar\/\" class=\"dpt-permalink\"><span class=\"screen-reader-text\">\u0130ran'\u0131 anlamak: Man\u015fetlerin \u00f6tesinde g\u00fcndelik hayat, protestolar ve ilgi alanlar\u0131<\/span><\/a><\/div><div class=\"dpt-thumbnail\"><div class=\"dpt-thumbnail-inner\"><img width=\"1024\" height=\"683\" class=\"attachment-full size-full\" alt=\"\u0130ran&#039;\u0131 Anlamak\" context=\"dpt\" data-dpt-src=\"https:\/\/www.markus-schall.de\/wp-content\/uploads\/Iran-Titel.jpg\" data-dpt-sizes=\"(max-width: 1024px) 100vw, 1024px\" data-dpt-srcset=\"https:\/\/www.markus-schall.de\/wp-content\/uploads\/Iran-Titel.jpg 1024w, https:\/\/www.markus-schall.de\/wp-content\/uploads\/Iran-Titel-300x200.jpg 300w, https:\/\/www.markus-schall.de\/wp-content\/uploads\/Iran-Titel-768x512.jpg 768w, https:\/\/www.markus-schall.de\/wp-content\/uploads\/Iran-Titel-18x12.jpg 18w\" \/><\/div><span class=\"dpt-thumbnail-aspect-ratio\" style=\"padding-top: 75%\"><\/span><\/div><\/div><div class=\"sub-entry\"><h3 class=\"dpt-title\"><a class=\"dpt-title-link\" href=\"https:\/\/www.markus-schall.de\/tr\/2026\/01\/i%cc%87rani-anlamak-mansetleri%cc%87n-oetesi%cc%87nde-guenluek-yasam-protestolar-ve-cikarlar\/\" rel=\"bookmark\">\u0130ran'\u0131 anlamak: Man\u015fetlerin \u00f6tesinde g\u00fcndelik hayat, protestolar ve ilgi alanlar\u0131<\/a><\/h3><\/div><\/div>\n\t\t\t\t\t\t<\/div><!-- .dpt-entry -->\n\t\t\t\t\t\t\t\t\t\t\t\t<div class=\"dpt-entry has-thumbnail\" data-title=\"vicco von b\u00fclow alias loriot \u2013 ordnung, form und der leise widerstand des humors\" data-id=\"4169\"  data-category=\"allgemein gesellschaft kunst &amp; kultur stories &amp; humor\" data-post_tag=\"deutschland erfahrungen pers\u00f6nlichkeitsentwicklung portrait\">\n\t\t\t\t\t\t\t<div class=\"dpt-entry-wrapper\"><div class=\"dpt-featured-content\"><div class=\"dpt-permalink\"><a href=\"https:\/\/www.markus-schall.de\/tr\/2025\/12\/vicco-von-buelow-takma-adi-loriot-si%cc%87pari%cc%87s-formu-ve-mi%cc%87zahin-sessi%cc%87z-di%cc%87reni%cc%87si%cc%87\/\" class=\"dpt-permalink\"><span class=\"screen-reader-text\">Vicco von B\u00fclow nam-\u0131 di\u011fer Loriot - d\u00fczen, bi\u00e7im ve mizah\u0131n sessiz direni\u015fi<\/span><\/a><\/div><div class=\"dpt-thumbnail\"><div class=\"dpt-thumbnail-inner\"><img width=\"1024\" height=\"747\" class=\"attachment-full size-full\" alt=\"\" context=\"dpt\" data-dpt-src=\"https:\/\/www.markus-schall.de\/wp-content\/uploads\/Loriot-Titel.jpg\" data-dpt-sizes=\"(max-width: 1024px) 100vw, 1024px\" data-dpt-srcset=\"https:\/\/www.markus-schall.de\/wp-content\/uploads\/Loriot-Titel.jpg 1024w, https:\/\/www.markus-schall.de\/wp-content\/uploads\/Loriot-Titel-300x219.jpg 300w, https:\/\/www.markus-schall.de\/wp-content\/uploads\/Loriot-Titel-768x560.jpg 768w, https:\/\/www.markus-schall.de\/wp-content\/uploads\/Loriot-Titel-16x12.jpg 16w\" \/><\/div><span class=\"dpt-thumbnail-aspect-ratio\" style=\"padding-top: 75%\"><\/span><\/div><\/div><div class=\"sub-entry\"><h3 class=\"dpt-title\"><a class=\"dpt-title-link\" href=\"https:\/\/www.markus-schall.de\/tr\/2025\/12\/vicco-von-buelow-takma-adi-loriot-si%cc%87pari%cc%87s-formu-ve-mi%cc%87zahin-sessi%cc%87z-di%cc%87reni%cc%87si%cc%87\/\" rel=\"bookmark\">Vicco von B\u00fclow nam-\u0131 di\u011fer Loriot - d\u00fczen, bi\u00e7im ve mizah\u0131n sessiz direni\u015fi<\/a><\/h3><\/div><\/div>\n\t\t\t\t\t\t<\/div><!-- .dpt-entry -->\n\t\t\t\t\t\t\n\t\t\t\t<\/div>\n\t\t\t\t\t\t<\/div>\n\t\t\t\n<hr \/>","protected":false},"excerpt":{"rendered":"<p>E\u011fer bilgisayar tarihine ilgi duyuyorsan\u0131z, Oldenburg Bilgisayar M\u00fczesi'ni ziyaret etmenizde fayda var. Etkileyici olmak i\u00e7in g\u00fcr\u00fclt\u00fcl\u00fc olmas\u0131 gerekmeyen m\u00fcze, Nisan ay\u0131ndan itibaren \u201eApple bilgisayarlar\u0131n 50 y\u0131l\u0131\u201c ba\u015fl\u0131kl\u0131 \u00f6zel bir sergiye ev sahipli\u011fi yapacak. Uzun y\u0131llar boyunca teknoloji burada sadece sergilenmekle kalmad\u0131, ayn\u0131 zamanda ya\u015fat\u0131ld\u0131. ... <a title=\"Vicco von B\u00fclow nam-\u0131 di\u011fer Loriot - d\u00fczen, bi\u00e7im ve mizah\u0131n sessiz direni\u015fi\" class=\"read-more\" href=\"https:\/\/www.markus-schall.de\/tr\/2025\/12\/vicco-von-buelow-takma-adi-loriot-si%cc%87pari%cc%87s-formu-ve-mi%cc%87zahin-sessi%cc%87z-di%cc%87reni%cc%87si%cc%87\/\" aria-label=\"Vicco von B\u00fclow nam-\u0131 di\u011fer Loriot - D\u00fczen, bi\u00e7im ve mizah\u0131n sessiz direni\u015fi hakk\u0131nda devam\u0131n\u0131 oku\">Devam\u0131n\u0131 oku<\/a><\/p>","protected":false},"author":1,"featured_media":5497,"comment_status":"open","ping_status":"open","sticky":false,"template":"","format":"standard","meta":{"iawp_total_views":89,"footnotes":""},"categories":[1,40,15,147,472,235],"tags":[10,458,410,11,442,460],"class_list":["post-5480","post","type-post","status-publish","format-standard","has-post-thumbnail","hentry","category-allgemein","category-apple-iphone-ipad","category-apple-macos","category-hardware","category-kunst-kultur","category-stories-humor","tag-apple","tag-erfahrungen","tag-filemaker","tag-mac","tag-prozesse","tag-publishing"],"_links":{"self":[{"href":"https:\/\/www.markus-schall.de\/tr\/wp-json\/wp\/v2\/posts\/5480","targetHints":{"allow":["GET"]}}],"collection":[{"href":"https:\/\/www.markus-schall.de\/tr\/wp-json\/wp\/v2\/posts"}],"about":[{"href":"https:\/\/www.markus-schall.de\/tr\/wp-json\/wp\/v2\/types\/post"}],"author":[{"embeddable":true,"href":"https:\/\/www.markus-schall.de\/tr\/wp-json\/wp\/v2\/users\/1"}],"replies":[{"embeddable":true,"href":"https:\/\/www.markus-schall.de\/tr\/wp-json\/wp\/v2\/comments?post=5480"}],"version-history":[{"count":21,"href":"https:\/\/www.markus-schall.de\/tr\/wp-json\/wp\/v2\/posts\/5480\/revisions"}],"predecessor-version":[{"id":5865,"href":"https:\/\/www.markus-schall.de\/tr\/wp-json\/wp\/v2\/posts\/5480\/revisions\/5865"}],"wp:featuredmedia":[{"embeddable":true,"href":"https:\/\/www.markus-schall.de\/tr\/wp-json\/wp\/v2\/media\/5497"}],"wp:attachment":[{"href":"https:\/\/www.markus-schall.de\/tr\/wp-json\/wp\/v2\/media?parent=5480"}],"wp:term":[{"taxonomy":"category","embeddable":true,"href":"https:\/\/www.markus-schall.de\/tr\/wp-json\/wp\/v2\/categories?post=5480"},{"taxonomy":"post_tag","embeddable":true,"href":"https:\/\/www.markus-schall.de\/tr\/wp-json\/wp\/v2\/tags?post=5480"}],"curies":[{"name":"wp","href":"https:\/\/api.w.org\/{rel}","templated":true}]}}